{"id":49050,"date":"2026-01-27T13:27:23","date_gmt":"2026-01-27T12:27:23","guid":{"rendered":"https:\/\/cmm.imgw.pl\/?p=49050"},"modified":"2026-01-27T13:27:25","modified_gmt":"2026-01-27T12:27:25","slug":"obraz-zimy-w-polsce-1995-2025","status":"publish","type":"post","link":"https:\/\/cmm.imgw.pl\/?p=49050","title":{"rendered":"Obraz zimy w Polsce 1995-2025"},"content":{"rendered":"\n<figure class=\"wp-block-image size-large\"><img loading=\"lazy\" width=\"1024\" height=\"1024\" src=\"http:\/\/cmm.imgw.pl\/wp-content\/uploads\/2026\/01\/PKSN-1024x1024.png\" alt=\"\" class=\"wp-image-49052\" srcset=\"https:\/\/cmm.imgw.pl\/wp-content\/uploads\/2026\/01\/PKSN-1024x1024.png 1024w, https:\/\/cmm.imgw.pl\/wp-content\/uploads\/2026\/01\/PKSN-300x300.png 300w, https:\/\/cmm.imgw.pl\/wp-content\/uploads\/2026\/01\/PKSN-150x150.png 150w, https:\/\/cmm.imgw.pl\/wp-content\/uploads\/2026\/01\/PKSN-768x768.png 768w, https:\/\/cmm.imgw.pl\/wp-content\/uploads\/2026\/01\/PKSN-1536x1536.png 1536w, https:\/\/cmm.imgw.pl\/wp-content\/uploads\/2026\/01\/PKSN-600x600.png 600w, https:\/\/cmm.imgw.pl\/wp-content\/uploads\/2026\/01\/PKSN.png 1680w\" sizes=\"(max-width: 1024px) 100vw, 1024px\" \/><\/figure>\n\n\n\n<p><\/p>\n\n\n\n<p>Laboratorium Modelowania Meteorologicznego przygotowa\u0142o zestawienia charakterystyk element\u00f3w meteorologicznych w okresie kolejnych zim meteorologicznych w ostatnim 30-leciu . Zima meteorologiczna to okres pocz\u0105wszy od 1\u00a0grudnia do ko\u0144ca lutego, a zatem obejmuje okres kolejnych 90 dni (91 w roku przest\u0119pnym). Dane wykorzystane w\u00a0opracowaniu pochodz\u0105 z bazy pomiar\u00f3w sieci IMGW-PIB realizowanych na stacjach synoptycznych zlokalizowanych w miastach wojew\u00f3dzkich oraz w Suwa\u0142kach, Koszalinie i Zakopanem. Zestawienia nie uwzgl\u0119dniaj\u0105 danych z obserwatori\u00f3w \u00a0wysokog\u00f3rskich na Kasprowym Wierchu i \u015anie\u017cce. Na mapach zaprezentowano warto\u015bci w\u00a0zaokr\u0105gleniu do ca\u0142kowitych.<\/p>\n\n\n\n<p>Najwi\u0119ksz\u0105 warto\u015bci\u0105 anomalii wzgl\u0119dem okresu referencyjnego 1991-2020 charakteryzowa\u0142a si\u0119 zima 2019\/20 \u2013 w Suwa\u0142kach warto\u015b\u0107 \u015bredniej temperatury dobowej w okresie kolejnych 90 dni by\u0142a o 4.4\u00b0C wy\u017csza ni\u017c norma wieloletnia. Na Wysokie warto\u015bci anomalii, rz\u0119du +3.3\u00b0C na Mazowszu charakteryzowa\u0142y r\u00f3wnie\u017c zim\u0119 2023\/24. Najwi\u0119ksze ujemne anomalie wyst\u0105pi\u0142y w sezonie zimowym 1995\/1996 \u2013 \u015brednia dobowa temperatura powietrza 90-dniowa w Suwa\u0142kach by\u0142a w\u00f3wczas ni\u017csza o\u00a05.2 stopni Celsjusza od przyj\u0119tej normy wieloletniej. Pod wzgl\u0119dem ujemnych anomalii drugim z kolei by\u0142 sezon zimowy 2002\/03, z warto\u015bciami ponad 4 stopnie na wschodzie Polski. W obydwu z powy\u017cszych odnotowano w ca\u0142ej Polsce r\u00f3wnie\u017c najwi\u0119ksz\u0105 liczb\u0119 dni z\u00a0temperatur\u0105 powietrza poni\u017cej 0\u00b0C oraz poni\u017cej -15\u00b0C (w sezonie 2002\/03 na Podlasiu by\u0142o ich nawet 23-26). We wskazanych sezonach \u015brednia z warto\u015bci maksymalnej dobowej temperatury powietrza we wschodniej cz\u0119\u015bci Polski wynosi\u0142a nawet -4\u00b0C, a z minimalnej -11\u00b0C. Najni\u017csze z warto\u015bci minimalnej dobowej temperatury powietrza charakteryzowa\u0142y dotychczas zim\u0119 2005\/06 (-32\u00b0C w Toruniu, a poni\u017cej 30\u00b0C w pasie od Torunia po Rzesz\u00f3w), a tak\u017ce 2009\/10 i 2011\/12 z ekstremami poni\u017cej -20\u00b0C w\u00a0ca\u0142ej Polsce. Pod wzgl\u0119dem maksymalnych warto\u015bci temperatury powietrza szczeg\u00f3lnym okaza\u0142 si\u0119 sezon 2020\/21 z warto\u015bciami przekraczaj\u0105cymi 20\u00b0C na stacjach synoptycznych na po\u0142udniu Polski.<\/p>\n\n\n\n<p>W perspektywie ostatnich 30 lat pod wzgl\u0119dem \u015bredniej grubo\u015bci pokrywy \u015bnie\u017cnej zaznaczy\u0142a si\u0119 zima 2009\/10. W Bia\u0142ymstoku odnotowano 27 cm \u015bredniej 90-dniowej pokrywy, a wi\u0119c wi\u0119cej ni\u017c we wskazanym sezonie na stacji synoptycznej w Zakopanem. Na tej stacji grubo\u015b\u0107 pokrywy \u015bnie\u017cnej jest zwykle najwi\u0119ksza w zestawieniu. \u015arednia grubo\u015b\u0107 pokrywy \u015bnie\u017cnej 20\u00a0cm lub wi\u0119cej wyst\u0119powa\u0142a \u0142\u0105czne w 14 sezonach zimowych, a warto\u015b\u0107 30 cm przekroczy\u0142a w\u00a0sezonach 1999\/00 (w tym sezonie mia\u0142a rekordow\u0105 maksymaln\u0105 grubo\u015b\u0107 95 cm), 2001\/02, 2005\/06 i 2011\/12. Zimy 1995\/96 oraz 2010\/11 by\u0142y wyj\u0105tkowe pod wzgl\u0119dem liczby dni z pokryw\u0105 \u015bnie\u017cn\u0105 \u22651 cm, kt\u00f3ra zalega\u0142a przez wi\u0119ksz\u0105 cz\u0119\u015b\u0107 sezonu na przewa\u017caj\u0105cym obszarze kraju, a nawet ca\u0142y sezon w\u00a0Suwa\u0142kach. Z\u00a0kolei w kolejnej dekadzie, w\u00a0sezonie zimowym 2019\/20, na wi\u0119kszo\u015bci stacji synoptycznych w Polsce pokrywa \u015bnie\u017cna nie wyst\u0119powa\u0142a b\u0105d\u017a jedynie sporadycznie.<\/p>\n\n\n\n<p>Jaki jest obraz tegorocznej zimy? \u2013 czyli sezonu 2025\/2026 wzgl\u0119dem tych wcze\u015bniejszych? B\u0119dziemy mogli podsumowa\u0107 ju\u017c w marcu.<\/p>\n\n\n\n<p>Zestawienie wynik\u00f3w dotychczasowych pomiar\u00f3w aktualnego sezonu zimowego mo\u017cna \u015bledzi\u0107 na stronie Laboratorium Modelowania Meteorologicznego <a href=\"https:\/\/modele.imgw.pl\/cmm\/?page_id=37592\">Podsumowanie bie\u017c\u0105cego miesi\u0105ca<\/a> oraz <a href=\"https:\/\/modele.imgw.pl\/cmm\/?page_id=44688\">Zestawienie miesi\u0119czne<\/a>.<\/p>\n\n\n\n<div class=\"wp-block-columns is-layout-flex wp-container-3 wp-block-columns-is-layout-flex\">\n<div class=\"wp-block-column is-layout-flow wp-block-column-is-layout-flow\">\n<figure class=\"wp-block-image size-large\"><img loading=\"lazy\" width=\"1024\" height=\"1024\" src=\"https:\/\/cmm.imgw.pl\/wp-content\/uploads\/2026\/01\/1-1024x1024.png\" alt=\"\" class=\"wp-image-49053\" srcset=\"https:\/\/cmm.imgw.pl\/wp-content\/uploads\/2026\/01\/1-1024x1024.png 1024w, https:\/\/cmm.imgw.pl\/wp-content\/uploads\/2026\/01\/1-300x300.png 300w, https:\/\/cmm.imgw.pl\/wp-content\/uploads\/2026\/01\/1-150x150.png 150w, https:\/\/cmm.imgw.pl\/wp-content\/uploads\/2026\/01\/1-768x768.png 768w, https:\/\/cmm.imgw.pl\/wp-content\/uploads\/2026\/01\/1-1536x1536.png 1536w, https:\/\/cmm.imgw.pl\/wp-content\/uploads\/2026\/01\/1-600x600.png 600w, https:\/\/cmm.imgw.pl\/wp-content\/uploads\/2026\/01\/1.png 1680w\" sizes=\"(max-width: 1024px) 100vw, 1024px\" \/><\/figure>\n<\/div>\n\n\n\n<div class=\"wp-block-column is-layout-flow wp-block-column-is-layout-flow\">\n<figure class=\"wp-block-image size-large\"><img loading=\"lazy\" width=\"1024\" height=\"1024\" src=\"https:\/\/cmm.imgw.pl\/wp-content\/uploads\/2026\/01\/2-1024x1024.png\" alt=\"\" class=\"wp-image-49054\" srcset=\"https:\/\/cmm.imgw.pl\/wp-content\/uploads\/2026\/01\/2-1024x1024.png 1024w, https:\/\/cmm.imgw.pl\/wp-content\/uploads\/2026\/01\/2-300x300.png 300w, https:\/\/cmm.imgw.pl\/wp-content\/uploads\/2026\/01\/2-150x150.png 150w, https:\/\/cmm.imgw.pl\/wp-content\/uploads\/2026\/01\/2-768x768.png 768w, https:\/\/cmm.imgw.pl\/wp-content\/uploads\/2026\/01\/2-1536x1536.png 1536w, https:\/\/cmm.imgw.pl\/wp-content\/uploads\/2026\/01\/2-600x600.png 600w, https:\/\/cmm.imgw.pl\/wp-content\/uploads\/2026\/01\/2.png 1680w\" sizes=\"(max-width: 1024px) 100vw, 1024px\" \/><\/figure>\n<\/div>\n<\/div>\n\n\n\n<div class=\"wp-block-columns is-layout-flex wp-container-6 wp-block-columns-is-layout-flex\">\n<div class=\"wp-block-column is-layout-flow wp-block-column-is-layout-flow\">\n<figure class=\"wp-block-image size-large\"><img loading=\"lazy\" width=\"1024\" height=\"1024\" src=\"https:\/\/cmm.imgw.pl\/wp-content\/uploads\/2026\/01\/RR_anom-1024x1024.png\" alt=\"\" class=\"wp-image-49055\" srcset=\"https:\/\/cmm.imgw.pl\/wp-content\/uploads\/2026\/01\/RR_anom-1024x1024.png 1024w, https:\/\/cmm.imgw.pl\/wp-content\/uploads\/2026\/01\/RR_anom-300x300.png 300w, https:\/\/cmm.imgw.pl\/wp-content\/uploads\/2026\/01\/RR_anom-150x150.png 150w, https:\/\/cmm.imgw.pl\/wp-content\/uploads\/2026\/01\/RR_anom-768x768.png 768w, https:\/\/cmm.imgw.pl\/wp-content\/uploads\/2026\/01\/RR_anom-1536x1536.png 1536w, https:\/\/cmm.imgw.pl\/wp-content\/uploads\/2026\/01\/RR_anom-600x600.png 600w, https:\/\/cmm.imgw.pl\/wp-content\/uploads\/2026\/01\/RR_anom.png 1680w\" sizes=\"(max-width: 1024px) 100vw, 1024px\" \/><\/figure>\n<\/div>\n\n\n\n<div class=\"wp-block-column is-layout-flow wp-block-column-is-layout-flow\">\n<figure class=\"wp-block-image size-large\"><img loading=\"lazy\" width=\"1024\" height=\"1024\" src=\"https:\/\/cmm.imgw.pl\/wp-content\/uploads\/2026\/01\/LD_TMIN_PON_0-1024x1024.png\" alt=\"\" class=\"wp-image-49056\" srcset=\"https:\/\/cmm.imgw.pl\/wp-content\/uploads\/2026\/01\/LD_TMIN_PON_0-1024x1024.png 1024w, https:\/\/cmm.imgw.pl\/wp-content\/uploads\/2026\/01\/LD_TMIN_PON_0-300x300.png 300w, https:\/\/cmm.imgw.pl\/wp-content\/uploads\/2026\/01\/LD_TMIN_PON_0-150x150.png 150w, https:\/\/cmm.imgw.pl\/wp-content\/uploads\/2026\/01\/LD_TMIN_PON_0-768x768.png 768w, https:\/\/cmm.imgw.pl\/wp-content\/uploads\/2026\/01\/LD_TMIN_PON_0-1536x1536.png 1536w, https:\/\/cmm.imgw.pl\/wp-content\/uploads\/2026\/01\/LD_TMIN_PON_0-600x600.png 600w, https:\/\/cmm.imgw.pl\/wp-content\/uploads\/2026\/01\/LD_TMIN_PON_0.png 1680w\" sizes=\"(max-width: 1024px) 100vw, 1024px\" \/><\/figure>\n<\/div>\n<\/div>\n\n\n\n<div class=\"wp-block-columns is-layout-flex wp-container-9 wp-block-columns-is-layout-flex\">\n<div class=\"wp-block-column is-layout-flow wp-block-column-is-layout-flow\">\n<figure class=\"wp-block-image size-large\"><img loading=\"lazy\" width=\"1024\" height=\"1024\" src=\"https:\/\/cmm.imgw.pl\/wp-content\/uploads\/2026\/01\/LD_TMIN_PON_10-1024x1024.png\" alt=\"\" class=\"wp-image-49057\" srcset=\"https:\/\/cmm.imgw.pl\/wp-content\/uploads\/2026\/01\/LD_TMIN_PON_10-1024x1024.png 1024w, https:\/\/cmm.imgw.pl\/wp-content\/uploads\/2026\/01\/LD_TMIN_PON_10-300x300.png 300w, https:\/\/cmm.imgw.pl\/wp-content\/uploads\/2026\/01\/LD_TMIN_PON_10-150x150.png 150w, https:\/\/cmm.imgw.pl\/wp-content\/uploads\/2026\/01\/LD_TMIN_PON_10-768x768.png 768w, https:\/\/cmm.imgw.pl\/wp-content\/uploads\/2026\/01\/LD_TMIN_PON_10-1536x1536.png 1536w, https:\/\/cmm.imgw.pl\/wp-content\/uploads\/2026\/01\/LD_TMIN_PON_10-600x600.png 600w, https:\/\/cmm.imgw.pl\/wp-content\/uploads\/2026\/01\/LD_TMIN_PON_10.png 1680w\" sizes=\"(max-width: 1024px) 100vw, 1024px\" \/><\/figure>\n<\/div>\n\n\n\n<div class=\"wp-block-column is-layout-flow wp-block-column-is-layout-flow\">\n<figure class=\"wp-block-image size-large\"><img loading=\"lazy\" width=\"1024\" height=\"1024\" src=\"https:\/\/cmm.imgw.pl\/wp-content\/uploads\/2026\/01\/LD_TMIN_PON_15-1024x1024.png\" alt=\"\" class=\"wp-image-49058\" srcset=\"https:\/\/cmm.imgw.pl\/wp-content\/uploads\/2026\/01\/LD_TMIN_PON_15-1024x1024.png 1024w, https:\/\/cmm.imgw.pl\/wp-content\/uploads\/2026\/01\/LD_TMIN_PON_15-300x300.png 300w, https:\/\/cmm.imgw.pl\/wp-content\/uploads\/2026\/01\/LD_TMIN_PON_15-150x150.png 150w, https:\/\/cmm.imgw.pl\/wp-content\/uploads\/2026\/01\/LD_TMIN_PON_15-768x768.png 768w, https:\/\/cmm.imgw.pl\/wp-content\/uploads\/2026\/01\/LD_TMIN_PON_15-1536x1536.png 1536w, https:\/\/cmm.imgw.pl\/wp-content\/uploads\/2026\/01\/LD_TMIN_PON_15-600x600.png 600w, https:\/\/cmm.imgw.pl\/wp-content\/uploads\/2026\/01\/LD_TMIN_PON_15.png 1680w\" sizes=\"(max-width: 1024px) 100vw, 1024px\" \/><\/figure>\n<\/div>\n<\/div>\n\n\n\n<div class=\"wp-block-columns is-layout-flex wp-container-12 wp-block-columns-is-layout-flex\">\n<div class=\"wp-block-column is-layout-flow wp-block-column-is-layout-flow\">\n<figure class=\"wp-block-image size-large\"><img loading=\"lazy\" width=\"1024\" height=\"1024\" src=\"https:\/\/cmm.imgw.pl\/wp-content\/uploads\/2026\/01\/TMIN-1024x1024.png\" alt=\"\" class=\"wp-image-49059\" srcset=\"https:\/\/cmm.imgw.pl\/wp-content\/uploads\/2026\/01\/TMIN-1024x1024.png 1024w, https:\/\/cmm.imgw.pl\/wp-content\/uploads\/2026\/01\/TMIN-300x300.png 300w, https:\/\/cmm.imgw.pl\/wp-content\/uploads\/2026\/01\/TMIN-150x150.png 150w, https:\/\/cmm.imgw.pl\/wp-content\/uploads\/2026\/01\/TMIN-768x768.png 768w, https:\/\/cmm.imgw.pl\/wp-content\/uploads\/2026\/01\/TMIN-1536x1536.png 1536w, https:\/\/cmm.imgw.pl\/wp-content\/uploads\/2026\/01\/TMIN-600x600.png 600w, https:\/\/cmm.imgw.pl\/wp-content\/uploads\/2026\/01\/TMIN.png 1680w\" sizes=\"(max-width: 1024px) 100vw, 1024px\" \/><\/figure>\n<\/div>\n\n\n\n<div class=\"wp-block-column is-layout-flow wp-block-column-is-layout-flow\">\n<figure class=\"wp-block-image size-large\"><img loading=\"lazy\" width=\"1024\" height=\"1024\" src=\"https:\/\/cmm.imgw.pl\/wp-content\/uploads\/2026\/01\/TMIN_AVE-1024x1024.png\" alt=\"\" class=\"wp-image-49060\" srcset=\"https:\/\/cmm.imgw.pl\/wp-content\/uploads\/2026\/01\/TMIN_AVE-1024x1024.png 1024w, https:\/\/cmm.imgw.pl\/wp-content\/uploads\/2026\/01\/TMIN_AVE-300x300.png 300w, https:\/\/cmm.imgw.pl\/wp-content\/uploads\/2026\/01\/TMIN_AVE-150x150.png 150w, https:\/\/cmm.imgw.pl\/wp-content\/uploads\/2026\/01\/TMIN_AVE-768x768.png 768w, https:\/\/cmm.imgw.pl\/wp-content\/uploads\/2026\/01\/TMIN_AVE-1536x1536.png 1536w, https:\/\/cmm.imgw.pl\/wp-content\/uploads\/2026\/01\/TMIN_AVE-600x600.png 600w, https:\/\/cmm.imgw.pl\/wp-content\/uploads\/2026\/01\/TMIN_AVE.png 1680w\" sizes=\"(max-width: 1024px) 100vw, 1024px\" \/><\/figure>\n<\/div>\n<\/div>\n\n\n\n<div class=\"wp-block-columns is-layout-flex wp-container-15 wp-block-columns-is-layout-flex\">\n<div class=\"wp-block-column is-layout-flow wp-block-column-is-layout-flow\">\n<figure class=\"wp-block-image size-large\"><img loading=\"lazy\" width=\"1024\" height=\"1024\" src=\"https:\/\/cmm.imgw.pl\/wp-content\/uploads\/2026\/01\/TMAX-1024x1024.png\" alt=\"\" class=\"wp-image-49061\" srcset=\"https:\/\/cmm.imgw.pl\/wp-content\/uploads\/2026\/01\/TMAX-1024x1024.png 1024w, https:\/\/cmm.imgw.pl\/wp-content\/uploads\/2026\/01\/TMAX-300x300.png 300w, https:\/\/cmm.imgw.pl\/wp-content\/uploads\/2026\/01\/TMAX-150x150.png 150w, https:\/\/cmm.imgw.pl\/wp-content\/uploads\/2026\/01\/TMAX-768x768.png 768w, https:\/\/cmm.imgw.pl\/wp-content\/uploads\/2026\/01\/TMAX-1536x1536.png 1536w, https:\/\/cmm.imgw.pl\/wp-content\/uploads\/2026\/01\/TMAX-600x600.png 600w, https:\/\/cmm.imgw.pl\/wp-content\/uploads\/2026\/01\/TMAX.png 1680w\" sizes=\"(max-width: 1024px) 100vw, 1024px\" \/><\/figure>\n<\/div>\n\n\n\n<div class=\"wp-block-column is-layout-flow wp-block-column-is-layout-flow\">\n<figure class=\"wp-block-image size-large\"><img loading=\"lazy\" width=\"1024\" height=\"1024\" src=\"https:\/\/cmm.imgw.pl\/wp-content\/uploads\/2026\/01\/TMAX_AVE-1024x1024.png\" alt=\"\" class=\"wp-image-49062\" srcset=\"https:\/\/cmm.imgw.pl\/wp-content\/uploads\/2026\/01\/TMAX_AVE-1024x1024.png 1024w, https:\/\/cmm.imgw.pl\/wp-content\/uploads\/2026\/01\/TMAX_AVE-300x300.png 300w, https:\/\/cmm.imgw.pl\/wp-content\/uploads\/2026\/01\/TMAX_AVE-150x150.png 150w, https:\/\/cmm.imgw.pl\/wp-content\/uploads\/2026\/01\/TMAX_AVE-768x768.png 768w, https:\/\/cmm.imgw.pl\/wp-content\/uploads\/2026\/01\/TMAX_AVE-1536x1536.png 1536w, https:\/\/cmm.imgw.pl\/wp-content\/uploads\/2026\/01\/TMAX_AVE-600x600.png 600w, https:\/\/cmm.imgw.pl\/wp-content\/uploads\/2026\/01\/TMAX_AVE.png 1680w\" sizes=\"(max-width: 1024px) 100vw, 1024px\" \/><\/figure>\n<\/div>\n<\/div>\n\n\n\n<div class=\"wp-block-columns is-layout-flex wp-container-18 wp-block-columns-is-layout-flex\">\n<div class=\"wp-block-column is-layout-flow wp-block-column-is-layout-flow\">\n<figure class=\"wp-block-image size-large\"><img loading=\"lazy\" width=\"1024\" height=\"1024\" src=\"https:\/\/cmm.imgw.pl\/wp-content\/uploads\/2026\/01\/TAVE-1024x1024.png\" alt=\"\" class=\"wp-image-49063\" srcset=\"https:\/\/cmm.imgw.pl\/wp-content\/uploads\/2026\/01\/TAVE-1024x1024.png 1024w, https:\/\/cmm.imgw.pl\/wp-content\/uploads\/2026\/01\/TAVE-300x300.png 300w, https:\/\/cmm.imgw.pl\/wp-content\/uploads\/2026\/01\/TAVE-150x150.png 150w, https:\/\/cmm.imgw.pl\/wp-content\/uploads\/2026\/01\/TAVE-768x768.png 768w, https:\/\/cmm.imgw.pl\/wp-content\/uploads\/2026\/01\/TAVE-1536x1536.png 1536w, https:\/\/cmm.imgw.pl\/wp-content\/uploads\/2026\/01\/TAVE-600x600.png 600w, https:\/\/cmm.imgw.pl\/wp-content\/uploads\/2026\/01\/TAVE.png 1680w\" sizes=\"(max-width: 1024px) 100vw, 1024px\" \/><\/figure>\n<\/div>\n\n\n\n<div class=\"wp-block-column is-layout-flow wp-block-column-is-layout-flow\">\n<figure class=\"wp-block-image size-large\"><img loading=\"lazy\" width=\"1024\" height=\"1024\" src=\"https:\/\/cmm.imgw.pl\/wp-content\/uploads\/2026\/01\/TAVE_anom-1024x1024.png\" alt=\"\" class=\"wp-image-49064\" srcset=\"https:\/\/cmm.imgw.pl\/wp-content\/uploads\/2026\/01\/TAVE_anom-1024x1024.png 1024w, https:\/\/cmm.imgw.pl\/wp-content\/uploads\/2026\/01\/TAVE_anom-300x300.png 300w, https:\/\/cmm.imgw.pl\/wp-content\/uploads\/2026\/01\/TAVE_anom-150x150.png 150w, https:\/\/cmm.imgw.pl\/wp-content\/uploads\/2026\/01\/TAVE_anom-768x768.png 768w, https:\/\/cmm.imgw.pl\/wp-content\/uploads\/2026\/01\/TAVE_anom-1536x1536.png 1536w, https:\/\/cmm.imgw.pl\/wp-content\/uploads\/2026\/01\/TAVE_anom-600x600.png 600w, https:\/\/cmm.imgw.pl\/wp-content\/uploads\/2026\/01\/TAVE_anom.png 1680w\" sizes=\"(max-width: 1024px) 100vw, 1024px\" \/><\/figure>\n<\/div>\n<\/div>\n","protected":false},"excerpt":{"rendered":"<p>Jak zmienia\u0142 si\u0119 obraz zimy w Polsce na przestrzeni ostatnich 30 lat? Sprawdzamy temperatur\u0119, anomalie i pokryw\u0119 \u015bnie\u017cn\u0105 na podstawie danych IMGW-PIB.<\/p>\n","protected":false},"author":11,"featured_media":0,"comment_status":"closed","ping_status":"open","sticky":false,"template":"","format":"standard","meta":{"ocean_post_layout":"","ocean_both_sidebars_style":"","ocean_both_sidebars_content_width":0,"ocean_both_sidebars_sidebars_width":0,"ocean_sidebar":"","ocean_second_sidebar":"","ocean_disable_margins":"enable","ocean_add_body_class":"","ocean_shortcode_before_top_bar":"","ocean_shortcode_after_top_bar":"","ocean_shortcode_before_header":"","ocean_shortcode_after_header":"","ocean_has_shortcode":"","ocean_shortcode_after_title":"","ocean_shortcode_before_footer_widgets":"","ocean_shortcode_after_footer_widgets":"","ocean_shortcode_before_footer_bottom":"","ocean_shortcode_after_footer_bottom":"","ocean_display_top_bar":"default","ocean_display_header":"default","ocean_header_style":"","ocean_center_header_left_menu":"","ocean_custom_header_template":"","ocean_custom_logo":0,"ocean_custom_retina_logo":0,"ocean_custom_logo_max_width":0,"ocean_custom_logo_tablet_max_width":0,"ocean_custom_logo_mobile_max_width":0,"ocean_custom_logo_max_height":0,"ocean_custom_logo_tablet_max_height":0,"ocean_custom_logo_mobile_max_height":0,"ocean_header_custom_menu":"","ocean_menu_typo_font_family":"","ocean_menu_typo_font_subset":"","ocean_menu_typo_font_size":0,"ocean_menu_typo_font_size_tablet":0,"ocean_menu_typo_font_size_mobile":0,"ocean_menu_typo_font_size_unit":"px","ocean_menu_typo_font_weight":"","ocean_menu_typo_font_weight_tablet":"","ocean_menu_typo_font_weight_mobile":"","ocean_menu_typo_transform":"","ocean_menu_typo_transform_tablet":"","ocean_menu_typo_transform_mobile":"","ocean_menu_typo_line_height":0,"ocean_menu_typo_line_height_tablet":0,"ocean_menu_typo_line_height_mobile":0,"ocean_menu_typo_line_height_unit":"","ocean_menu_typo_spacing":0,"ocean_menu_typo_spacing_tablet":0,"ocean_menu_typo_spacing_mobile":0,"ocean_menu_typo_spacing_unit":"","ocean_menu_link_color":"","ocean_menu_link_color_hover":"","ocean_menu_link_color_active":"","ocean_menu_link_background":"","ocean_menu_link_hover_background":"","ocean_menu_link_active_background":"","ocean_menu_social_links_bg":"","ocean_menu_social_hover_links_bg":"","ocean_menu_social_links_color":"","ocean_menu_social_hover_links_color":"","ocean_disable_title":"default","ocean_disable_heading":"default","ocean_post_title":"","ocean_post_subheading":"","ocean_post_title_style":"","ocean_post_title_background_color":"","ocean_post_title_background":0,"ocean_post_title_bg_image_position":"","ocean_post_title_bg_image_attachment":"","ocean_post_title_bg_image_repeat":"","ocean_post_title_bg_image_size":"","ocean_post_title_height":0,"ocean_post_title_bg_overlay":0.5,"ocean_post_title_bg_overlay_color":"","ocean_disable_breadcrumbs":"default","ocean_breadcrumbs_color":"","ocean_breadcrumbs_separator_color":"","ocean_breadcrumbs_links_color":"","ocean_breadcrumbs_links_hover_color":"","ocean_display_footer_widgets":"default","ocean_display_footer_bottom":"default","ocean_custom_footer_template":"","ocean_post_oembed":"","ocean_post_self_hosted_media":"","ocean_post_video_embed":"","ocean_link_format":"","ocean_link_format_target":"self","ocean_quote_format":"","ocean_quote_format_link":"post","ocean_gallery_link_images":"on","ocean_gallery_id":[]},"categories":[93],"tags":[557,85,558,559,561,560,563,555,556,562],"yoast_head":"<!-- This site is optimized with the Yoast SEO plugin v19.5.1 - https:\/\/yoast.com\/wordpress\/plugins\/seo\/ -->\n<title>Obraz zimy w Polsce 1995-2025 - Laboratorium Modelowania Meteorologicznego CMOK IMGW-PIB<\/title>\n<meta name=\"description\" content=\"Analiza zim meteorologicznych w Polsce z lat 1995\u20132025. Temperatury, anomalie, pokrywa \u015bnie\u017cna i rekordy na podstawie danych IMGW-PIB.\" \/>\n<meta name=\"robots\" content=\"index, follow, max-snippet:-1, max-image-preview:large, max-video-preview:-1\" \/>\n<link rel=\"canonical\" href=\"https:\/\/cmm.imgw.pl\/?p=49050\" \/>\n<meta property=\"og:locale\" content=\"pl_PL\" \/>\n<meta property=\"og:type\" content=\"article\" \/>\n<meta property=\"og:title\" content=\"Obraz zimy w Polsce 1995-2025\" \/>\n<meta property=\"og:description\" content=\"Analiza zim meteorologicznych w Polsce z lat 1995\u20132025. Temperatury, anomalie, pokrywa \u015bnie\u017cna i rekordy na podstawie danych IMGW-PIB.\" \/>\n<meta property=\"og:url\" content=\"https:\/\/cmm.imgw.pl\/?p=49050\" \/>\n<meta property=\"og:site_name\" content=\"Laboratorium Modelowania Meteorologicznego CMOK IMGW-PIB\" \/>\n<meta property=\"article:publisher\" content=\"https:\/\/www.facebook.com\/Meteoimgw\/\" \/>\n<meta property=\"article:published_time\" content=\"2026-01-27T12:27:23+00:00\" \/>\n<meta property=\"article:modified_time\" content=\"2026-01-27T12:27:25+00:00\" \/>\n<meta property=\"og:image\" content=\"http:\/\/cmm.imgw.pl\/wp-content\/uploads\/2026\/01\/LD_PKSN.png\" \/>\n\t<meta property=\"og:image:width\" content=\"1680\" \/>\n\t<meta property=\"og:image:height\" content=\"1680\" \/>\n\t<meta property=\"og:image:type\" content=\"image\/png\" \/>\n<meta name=\"author\" content=\"lmm_admin\" \/>\n<meta name=\"twitter:card\" content=\"summary_large_image\" \/>\n<meta name=\"twitter:title\" content=\"Obraz zimy w Polsce 1995-2025\" \/>\n<meta name=\"twitter:description\" content=\"Analiza zim meteorologicznych w Polsce z lat 1995\u20132025. Temperatury, anomalie, pokrywa \u015bnie\u017cna i rekordy na podstawie danych IMGW-PIB.\" \/>\n<meta name=\"twitter:image\" content=\"https:\/\/cmm.imgw.pl\/wp-content\/uploads\/2026\/01\/LD_PKSN.png\" \/>\n<meta name=\"twitter:creator\" content=\"@IMGW_CMM\" \/>\n<meta name=\"twitter:site\" content=\"@IMGW_CMM\" \/>\n<meta name=\"twitter:label1\" content=\"Napisane przez\" \/>\n\t<meta name=\"twitter:data1\" content=\"lmm_admin\" \/>\n\t<meta name=\"twitter:label2\" content=\"Szacowany czas czytania\" \/>\n\t<meta name=\"twitter:data2\" content=\"3 minuty\" \/>\n<script type=\"application\/ld+json\" class=\"yoast-schema-graph\">{\"@context\":\"https:\/\/schema.org\",\"@graph\":[{\"@type\":\"Article\",\"@id\":\"https:\/\/cmm.imgw.pl\/?p=49050#article\",\"isPartOf\":{\"@id\":\"https:\/\/cmm.imgw.pl\/?p=49050\"},\"author\":{\"name\":\"lmm_admin\",\"@id\":\"https:\/\/cmm.imgw.pl\/#\/schema\/person\/89b55f47e9dd4c59ce15ce28c43023d1\"},\"headline\":\"Obraz zimy w Polsce 1995-2025\",\"datePublished\":\"2026-01-27T12:27:23+00:00\",\"dateModified\":\"2026-01-27T12:27:25+00:00\",\"mainEntityOfPage\":{\"@id\":\"https:\/\/cmm.imgw.pl\/?p=49050\"},\"wordCount\":525,\"publisher\":{\"@id\":\"https:\/\/cmm.imgw.pl\/#organization\"},\"keywords\":[\"anomalie temperatury\",\"imgw\",\"klimat Polski\",\"pokrywa \u015bnie\u017cna\",\"Suwa\u0142ki\",\"temperatura powietrza\",\"zima 1995-2025\",\"zima w Polsce\",\"zimy meteorologiczne\",\"zmiany klimatu\"],\"articleSection\":[\"Komentarz\"],\"inLanguage\":\"pl-PL\"},{\"@type\":\"WebPage\",\"@id\":\"https:\/\/cmm.imgw.pl\/?p=49050\",\"url\":\"https:\/\/cmm.imgw.pl\/?p=49050\",\"name\":\"Obraz zimy w Polsce 1995-2025 - Laboratorium Modelowania Meteorologicznego CMOK IMGW-PIB\",\"isPartOf\":{\"@id\":\"https:\/\/cmm.imgw.pl\/#website\"},\"datePublished\":\"2026-01-27T12:27:23+00:00\",\"dateModified\":\"2026-01-27T12:27:25+00:00\",\"description\":\"Analiza zim meteorologicznych w Polsce z lat 1995\u20132025. Temperatury, anomalie, pokrywa \u015bnie\u017cna i rekordy na podstawie danych IMGW-PIB.\",\"breadcrumb\":{\"@id\":\"https:\/\/cmm.imgw.pl\/?p=49050#breadcrumb\"},\"inLanguage\":\"pl-PL\",\"potentialAction\":[{\"@type\":\"ReadAction\",\"target\":[\"https:\/\/cmm.imgw.pl\/?p=49050\"]}]},{\"@type\":\"BreadcrumbList\",\"@id\":\"https:\/\/cmm.imgw.pl\/?p=49050#breadcrumb\",\"itemListElement\":[{\"@type\":\"ListItem\",\"position\":1,\"name\":\"Home\",\"item\":\"https:\/\/cmm.imgw.pl\/\"},{\"@type\":\"ListItem\",\"position\":2,\"name\":\"Obraz zimy w Polsce 1995-2025\"}]},{\"@type\":\"WebSite\",\"@id\":\"https:\/\/cmm.imgw.pl\/#website\",\"url\":\"https:\/\/cmm.imgw.pl\/\",\"name\":\"Laboratorium Modelowania Meteorologicznego CMOK IMGW-PIB\",\"description\":\"CMOK-LMM Laboratorium pe\u0142ni pa\u0144stwow\u0105 s\u0142u\u017cb\u0119 hydrologiczno-meteorologiczn\u0105 w zakresie numerycznych prognoz pogody, kt\u00f3rego zadaniem jest konsolidacja kompetencji w obszarze modelowania zjawisk pogodowych oraz dalszego rozwoju numerycznych modeli pogody (NMP).\",\"publisher\":{\"@id\":\"https:\/\/cmm.imgw.pl\/#organization\"},\"potentialAction\":[{\"@type\":\"SearchAction\",\"target\":{\"@type\":\"EntryPoint\",\"urlTemplate\":\"https:\/\/cmm.imgw.pl\/?s={search_term_string}\"},\"query-input\":\"required name=search_term_string\"}],\"inLanguage\":\"pl-PL\"},{\"@type\":\"Organization\",\"@id\":\"https:\/\/cmm.imgw.pl\/#organization\",\"name\":\"Laboratorium Modelowania Meteorologicznego CMOK IMGW-PIB\",\"url\":\"https:\/\/cmm.imgw.pl\/\",\"sameAs\":[\"https:\/\/www.facebook.com\/Meteoimgw\/\",\"https:\/\/twitter.com\/IMGW_CMM\"],\"logo\":{\"@type\":\"ImageObject\",\"inLanguage\":\"pl-PL\",\"@id\":\"https:\/\/cmm.imgw.pl\/#\/schema\/logo\/image\/\",\"url\":\"https:\/\/cmm.imgw.pl\/wp-content\/uploads\/2025\/10\/MODELE_LOGO_UNIFIKACJA_v2.png\",\"contentUrl\":\"https:\/\/cmm.imgw.pl\/wp-content\/uploads\/2025\/10\/MODELE_LOGO_UNIFIKACJA_v2.png\",\"width\":1356,\"height\":365,\"caption\":\"Laboratorium Modelowania Meteorologicznego CMOK IMGW-PIB\"},\"image\":{\"@id\":\"https:\/\/cmm.imgw.pl\/#\/schema\/logo\/image\/\"}},{\"@type\":\"Person\",\"@id\":\"https:\/\/cmm.imgw.pl\/#\/schema\/person\/89b55f47e9dd4c59ce15ce28c43023d1\",\"name\":\"lmm_admin\",\"image\":{\"@type\":\"ImageObject\",\"inLanguage\":\"pl-PL\",\"@id\":\"https:\/\/cmm.imgw.pl\/#\/schema\/person\/image\/\",\"url\":\"https:\/\/secure.gravatar.com\/avatar\/472e5646d002d2d0b7dbad11d4d531e1?s=96&d=blank&r=g\",\"contentUrl\":\"https:\/\/secure.gravatar.com\/avatar\/472e5646d002d2d0b7dbad11d4d531e1?s=96&d=blank&r=g\",\"caption\":\"lmm_admin\"},\"url\":\"https:\/\/cmm.imgw.pl\/?author=11\"}]}<\/script>\n<!-- \/ Yoast SEO plugin. -->","yoast_head_json":{"title":"Obraz zimy w Polsce 1995-2025 - Laboratorium Modelowania Meteorologicznego CMOK IMGW-PIB","description":"Analiza zim meteorologicznych w Polsce z lat 1995\u20132025. Temperatury, anomalie, pokrywa \u015bnie\u017cna i rekordy na podstawie danych IMGW-PIB.","robots":{"index":"index","follow":"follow","max-snippet":"max-snippet:-1","max-image-preview":"max-image-preview:large","max-video-preview":"max-video-preview:-1"},"canonical":"https:\/\/cmm.imgw.pl\/?p=49050","og_locale":"pl_PL","og_type":"article","og_title":"Obraz zimy w Polsce 1995-2025","og_description":"Analiza zim meteorologicznych w Polsce z lat 1995\u20132025. Temperatury, anomalie, pokrywa \u015bnie\u017cna i rekordy na podstawie danych IMGW-PIB.","og_url":"https:\/\/cmm.imgw.pl\/?p=49050","og_site_name":"Laboratorium Modelowania Meteorologicznego CMOK IMGW-PIB","article_publisher":"https:\/\/www.facebook.com\/Meteoimgw\/","article_published_time":"2026-01-27T12:27:23+00:00","article_modified_time":"2026-01-27T12:27:25+00:00","og_image":[{"width":1680,"height":1680,"url":"http:\/\/cmm.imgw.pl\/wp-content\/uploads\/2026\/01\/LD_PKSN.png","type":"image\/png"}],"author":"lmm_admin","twitter_card":"summary_large_image","twitter_title":"Obraz zimy w Polsce 1995-2025","twitter_description":"Analiza zim meteorologicznych w Polsce z lat 1995\u20132025. Temperatury, anomalie, pokrywa \u015bnie\u017cna i rekordy na podstawie danych IMGW-PIB.","twitter_image":"https:\/\/cmm.imgw.pl\/wp-content\/uploads\/2026\/01\/LD_PKSN.png","twitter_creator":"@IMGW_CMM","twitter_site":"@IMGW_CMM","twitter_misc":{"Napisane przez":"lmm_admin","Szacowany czas czytania":"3 minuty"},"schema":{"@context":"https:\/\/schema.org","@graph":[{"@type":"Article","@id":"https:\/\/cmm.imgw.pl\/?p=49050#article","isPartOf":{"@id":"https:\/\/cmm.imgw.pl\/?p=49050"},"author":{"name":"lmm_admin","@id":"https:\/\/cmm.imgw.pl\/#\/schema\/person\/89b55f47e9dd4c59ce15ce28c43023d1"},"headline":"Obraz zimy w Polsce 1995-2025","datePublished":"2026-01-27T12:27:23+00:00","dateModified":"2026-01-27T12:27:25+00:00","mainEntityOfPage":{"@id":"https:\/\/cmm.imgw.pl\/?p=49050"},"wordCount":525,"publisher":{"@id":"https:\/\/cmm.imgw.pl\/#organization"},"keywords":["anomalie temperatury","imgw","klimat Polski","pokrywa \u015bnie\u017cna","Suwa\u0142ki","temperatura powietrza","zima 1995-2025","zima w Polsce","zimy meteorologiczne","zmiany klimatu"],"articleSection":["Komentarz"],"inLanguage":"pl-PL"},{"@type":"WebPage","@id":"https:\/\/cmm.imgw.pl\/?p=49050","url":"https:\/\/cmm.imgw.pl\/?p=49050","name":"Obraz zimy w Polsce 1995-2025 - Laboratorium Modelowania Meteorologicznego CMOK IMGW-PIB","isPartOf":{"@id":"https:\/\/cmm.imgw.pl\/#website"},"datePublished":"2026-01-27T12:27:23+00:00","dateModified":"2026-01-27T12:27:25+00:00","description":"Analiza zim meteorologicznych w Polsce z lat 1995\u20132025. Temperatury, anomalie, pokrywa \u015bnie\u017cna i rekordy na podstawie danych IMGW-PIB.","breadcrumb":{"@id":"https:\/\/cmm.imgw.pl\/?p=49050#breadcrumb"},"inLanguage":"pl-PL","potentialAction":[{"@type":"ReadAction","target":["https:\/\/cmm.imgw.pl\/?p=49050"]}]},{"@type":"BreadcrumbList","@id":"https:\/\/cmm.imgw.pl\/?p=49050#breadcrumb","itemListElement":[{"@type":"ListItem","position":1,"name":"Home","item":"https:\/\/cmm.imgw.pl\/"},{"@type":"ListItem","position":2,"name":"Obraz zimy w Polsce 1995-2025"}]},{"@type":"WebSite","@id":"https:\/\/cmm.imgw.pl\/#website","url":"https:\/\/cmm.imgw.pl\/","name":"Laboratorium Modelowania Meteorologicznego CMOK IMGW-PIB","description":"CMOK-LMM Laboratorium pe\u0142ni pa\u0144stwow\u0105 s\u0142u\u017cb\u0119 hydrologiczno-meteorologiczn\u0105 w zakresie numerycznych prognoz pogody, kt\u00f3rego zadaniem jest konsolidacja kompetencji w obszarze modelowania zjawisk pogodowych oraz dalszego rozwoju numerycznych modeli pogody (NMP).","publisher":{"@id":"https:\/\/cmm.imgw.pl\/#organization"},"potentialAction":[{"@type":"SearchAction","target":{"@type":"EntryPoint","urlTemplate":"https:\/\/cmm.imgw.pl\/?s={search_term_string}"},"query-input":"required name=search_term_string"}],"inLanguage":"pl-PL"},{"@type":"Organization","@id":"https:\/\/cmm.imgw.pl\/#organization","name":"Laboratorium Modelowania Meteorologicznego CMOK IMGW-PIB","url":"https:\/\/cmm.imgw.pl\/","sameAs":["https:\/\/www.facebook.com\/Meteoimgw\/","https:\/\/twitter.com\/IMGW_CMM"],"logo":{"@type":"ImageObject","inLanguage":"pl-PL","@id":"https:\/\/cmm.imgw.pl\/#\/schema\/logo\/image\/","url":"https:\/\/cmm.imgw.pl\/wp-content\/uploads\/2025\/10\/MODELE_LOGO_UNIFIKACJA_v2.png","contentUrl":"https:\/\/cmm.imgw.pl\/wp-content\/uploads\/2025\/10\/MODELE_LOGO_UNIFIKACJA_v2.png","width":1356,"height":365,"caption":"Laboratorium Modelowania Meteorologicznego CMOK IMGW-PIB"},"image":{"@id":"https:\/\/cmm.imgw.pl\/#\/schema\/logo\/image\/"}},{"@type":"Person","@id":"https:\/\/cmm.imgw.pl\/#\/schema\/person\/89b55f47e9dd4c59ce15ce28c43023d1","name":"lmm_admin","image":{"@type":"ImageObject","inLanguage":"pl-PL","@id":"https:\/\/cmm.imgw.pl\/#\/schema\/person\/image\/","url":"https:\/\/secure.gravatar.com\/avatar\/472e5646d002d2d0b7dbad11d4d531e1?s=96&d=blank&r=g","contentUrl":"https:\/\/secure.gravatar.com\/avatar\/472e5646d002d2d0b7dbad11d4d531e1?s=96&d=blank&r=g","caption":"lmm_admin"},"url":"https:\/\/cmm.imgw.pl\/?author=11"}]}},"_links":{"self":[{"href":"https:\/\/cmm.imgw.pl\/index.php?rest_route=\/wp\/v2\/posts\/49050"}],"collection":[{"href":"https:\/\/cmm.imgw.pl\/index.php?rest_route=\/wp\/v2\/posts"}],"about":[{"href":"https:\/\/cmm.imgw.pl\/index.php?rest_route=\/wp\/v2\/types\/post"}],"author":[{"embeddable":true,"href":"https:\/\/cmm.imgw.pl\/index.php?rest_route=\/wp\/v2\/users\/11"}],"replies":[{"embeddable":true,"href":"https:\/\/cmm.imgw.pl\/index.php?rest_route=%2Fwp%2Fv2%2Fcomments&post=49050"}],"version-history":[{"count":1,"href":"https:\/\/cmm.imgw.pl\/index.php?rest_route=\/wp\/v2\/posts\/49050\/revisions"}],"predecessor-version":[{"id":49065,"href":"https:\/\/cmm.imgw.pl\/index.php?rest_route=\/wp\/v2\/posts\/49050\/revisions\/49065"}],"wp:attachment":[{"href":"https:\/\/cmm.imgw.pl\/index.php?rest_route=%2Fwp%2Fv2%2Fmedia&parent=49050"}],"wp:term":[{"taxonomy":"category","embeddable":true,"href":"https:\/\/cmm.imgw.pl\/index.php?rest_route=%2Fwp%2Fv2%2Fcategories&post=49050"},{"taxonomy":"post_tag","embeddable":true,"href":"https:\/\/cmm.imgw.pl\/index.php?rest_route=%2Fwp%2Fv2%2Ftags&post=49050"}],"curies":[{"name":"wp","href":"https:\/\/api.w.org\/{rel}","templated":true}]}}