{"id":49045,"date":"2026-01-23T10:55:37","date_gmt":"2026-01-23T09:55:37","guid":{"rendered":"https:\/\/cmm.imgw.pl\/?p=49045"},"modified":"2026-01-23T10:55:39","modified_gmt":"2026-01-23T09:55:39","slug":"imgw-pib-partnerem-miedzynarodowej-kampanii-obserwacyjnej-europ","status":"publish","type":"post","link":"https:\/\/cmm.imgw.pl\/?p=49045","title":{"rendered":"IMGW-PIB partnerem mi\u0119dzynarodowej kampanii obserwacyjnej EUROP"},"content":{"rendered":"\n<p>Instytut Meteorologii i Gospodarki Wodnej &#8211; Pa\u0144stwowy Instytut Badawczy uczestniczy w The European University RadiOsonde Partnership (EUROP). Celem inicjatywy jest pozyskanie dodatkowych pomiar\u00f3w radiosondowych z europejskich instytucji meteorologicznych w ramach kampanii NAWDIC (North Atlantic Waveguide, Dry Intrusion, and Downstream Impact Campaign) w okresie 12 stycznia \u2013 20 lutego 2026.<\/p>\n\n\n\n<p>EUROP \u0142\u0105czy sze\u015b\u0107 europejskich instytucji: University of Helsinki (Finlandia), University of Cologne (Niemcy), University of \u00c9vora (Portugalia), Regional Agency for the Development of Research, Technology and Innovation (Portugalia), IMGW-PIB (Polska) oraz MeteoSwiss (Szwajcaria).<\/p>\n\n\n\n<h2 class=\"wp-block-heading\"><strong>Cel kampanii:<\/strong><\/h2>\n\n\n\n<p>Dane z dodatkowych start\u00f3w radiosond s\u0105 bezpo\u015brednio asymilowane do globalnego systemu prognozowania pogody, w tym ECMWF, co przek\u0142ada si\u0119 na popraw\u0119 jako\u015bci prognoz pogody podczas trwania kampanii NAWDIC. Radiosondy dostarczaj\u0105 precyzyjnych pomiar\u00f3w profilu temperatury, wilgotno\u015bci, ci\u015bnienia i wiatru w ca\u0142ej troposferze i dolnej stratosferze.<\/p>\n\n\n\n<h2 class=\"wp-block-heading\">Udzia\u0142 IMGW-PIB:<\/h2>\n\n\n\n<p>W ramach ka\u017cdego Intensive Observation Period (IOP), czyli dni w kt\u00f3rych planowana jest najwi\u0119ksza intensywno\u015b\u0107 pomiar\u00f3w w ramach NAWDIC, jako IMGW-PIB przeprowadzamy dodatkowe starty radiosond o godzinach 06 i 18 UTC we Wroc\u0142awiu i Tarnowie. Te pomiary uzupe\u0142niaj\u0105 standardow\u0105 sie\u0107 obserwacyjn\u0105 i s\u0105 szczeg\u00f3lnie istotne dla analizy dynamicznych proces\u00f3w atmosferycznych nad Europ\u0105 \u015arodkow\u0105. Cz\u0142onkiem zespo\u0142u EUROP z ramienia IMGW-PIB jest dr Marta Wenta z Zak\u0142adu Analiz Meteorologicznych I Prognoz D\u0142ugoterminowych CMOK-LMM.<\/p>\n\n\n\n<p>Wi\u0119cej informacji: <a href=\"https:\/\/www.nawdic.kit.edu\/196.php\">https:\/\/www.nawdic.kit.edu\/<\/a><\/p>\n\n\n\n<p>Linkedin Nawdic: <a href=\"https:\/\/www.linkedin.com\/company\/nawdic\/posts\/?feedView=all\">https:\/\/www.linkedin.com\/company\/nawdic\/posts\/?feedView=all<\/a><\/p>\n\n\n\n<p>Artyku\u0142 o modernizacji Stacji Pomiar\u00f3w Aerologicznych IMGW-PIB: <a href=\"https:\/\/obserwator.imgw.pl\/2022\/06\/30\/modernizacja-stacji-pomiarow-aerologicznych-imgw-pib\/\">https:\/\/obserwator.imgw.pl\/2022\/06\/30\/modernizacja-stacji-pomiarow-aerologicznych-imgw-pib\/<\/a><\/p>\n\n\n<div class=\"wp-block-image\">\n<figure class=\"aligncenter size-large\"><img loading=\"lazy\" width=\"1024\" height=\"815\" src=\"https:\/\/cmm.imgw.pl\/wp-content\/uploads\/2026\/01\/xyz1-1024x815.png\" alt=\"\" class=\"wp-image-49046\" srcset=\"https:\/\/cmm.imgw.pl\/wp-content\/uploads\/2026\/01\/xyz1-1024x815.png 1024w, https:\/\/cmm.imgw.pl\/wp-content\/uploads\/2026\/01\/xyz1-300x239.png 300w, https:\/\/cmm.imgw.pl\/wp-content\/uploads\/2026\/01\/xyz1-768x611.png 768w, https:\/\/cmm.imgw.pl\/wp-content\/uploads\/2026\/01\/xyz1-1536x1223.png 1536w, https:\/\/cmm.imgw.pl\/wp-content\/uploads\/2026\/01\/xyz1.png 1603w\" sizes=\"(max-width: 1024px) 100vw, 1024px\" \/><figcaption class=\"wp-element-caption\"><em>Rys. 1. \u00a0Mapa przedstawiaj\u0105ca miejsce start\u00f3w radiosond w dniu 17.01.2026 w godzinach 15-21:00 UTC. \u0179r\u00f3d\u0142o: ECMWF.<\/em><\/figcaption><\/figure><\/div>\n\n<div class=\"wp-block-image\">\n<figure class=\"aligncenter size-full is-resized\"><img loading=\"lazy\" src=\"https:\/\/cmm.imgw.pl\/wp-content\/uploads\/2026\/01\/xyz2.png\" alt=\"\" class=\"wp-image-49047\" width=\"702\" height=\"508\" srcset=\"https:\/\/cmm.imgw.pl\/wp-content\/uploads\/2026\/01\/xyz2.png 699w, https:\/\/cmm.imgw.pl\/wp-content\/uploads\/2026\/01\/xyz2-300x217.png 300w\" sizes=\"(max-width: 702px) 100vw, 702px\" \/><figcaption class=\"wp-element-caption\"><em>Rys. 2. Mapa przedstawiaj\u0105ca miejsce start\u00f3w radiosond w dniu 21.01.2026 w godzinach 15-21:00 UTC. \u0179r\u00f3d\u0142o: ECMWF.<\/em><\/figcaption><\/figure><\/div>\n\n\n<figure class=\"wp-block-image size-large\"><img loading=\"lazy\" width=\"1024\" height=\"572\" src=\"https:\/\/cmm.imgw.pl\/wp-content\/uploads\/2026\/01\/xyz3-1024x572.jpg\" alt=\"\" class=\"wp-image-49048\" srcset=\"https:\/\/cmm.imgw.pl\/wp-content\/uploads\/2026\/01\/xyz3-1024x572.jpg 1024w, https:\/\/cmm.imgw.pl\/wp-content\/uploads\/2026\/01\/xyz3-300x168.jpg 300w, https:\/\/cmm.imgw.pl\/wp-content\/uploads\/2026\/01\/xyz3-768x429.jpg 768w, https:\/\/cmm.imgw.pl\/wp-content\/uploads\/2026\/01\/xyz3-1536x858.jpg 1536w, https:\/\/cmm.imgw.pl\/wp-content\/uploads\/2026\/01\/xyz3.jpg 1560w\" sizes=\"(max-width: 1024px) 100vw, 1024px\" \/><figcaption class=\"wp-element-caption\"><em>Rys. 3<\/em> <em>Automatyczne Stacje Radiosonda\u017cowe we Wroc\u0142awiu (a) oraz w Tarnowie (b). \u0179r\u00f3d\u0142o: IMGW-PIB.<\/em><\/figcaption><\/figure>\n","protected":false},"excerpt":{"rendered":"<p>IMGW-PIB do\u0142\u0105cza do mi\u0119dzynarodowej kampanii obserwacyjnej EUROP realizowanej w ramach NAWDIC. Dodatkowe starty radiosond we Wroc\u0142awiu i Tarnowie wspieraj\u0105 europejskie systemy prognozowania pogody i badania proces\u00f3w atmosferycznych.<\/p>\n","protected":false},"author":11,"featured_media":0,"comment_status":"closed","ping_status":"open","sticky":false,"template":"","format":"standard","meta":{"ocean_post_layout":"","ocean_both_sidebars_style":"","ocean_both_sidebars_content_width":0,"ocean_both_sidebars_sidebars_width":0,"ocean_sidebar":"","ocean_second_sidebar":"","ocean_disable_margins":"enable","ocean_add_body_class":"","ocean_shortcode_before_top_bar":"","ocean_shortcode_after_top_bar":"","ocean_shortcode_before_header":"","ocean_shortcode_after_header":"","ocean_has_shortcode":"","ocean_shortcode_after_title":"","ocean_shortcode_before_footer_widgets":"","ocean_shortcode_after_footer_widgets":"","ocean_shortcode_before_footer_bottom":"","ocean_shortcode_after_footer_bottom":"","ocean_display_top_bar":"default","ocean_display_header":"default","ocean_header_style":"","ocean_center_header_left_menu":"","ocean_custom_header_template":"","ocean_custom_logo":0,"ocean_custom_retina_logo":0,"ocean_custom_logo_max_width":0,"ocean_custom_logo_tablet_max_width":0,"ocean_custom_logo_mobile_max_width":0,"ocean_custom_logo_max_height":0,"ocean_custom_logo_tablet_max_height":0,"ocean_custom_logo_mobile_max_height":0,"ocean_header_custom_menu":"","ocean_menu_typo_font_family":"","ocean_menu_typo_font_subset":"","ocean_menu_typo_font_size":0,"ocean_menu_typo_font_size_tablet":0,"ocean_menu_typo_font_size_mobile":0,"ocean_menu_typo_font_size_unit":"px","ocean_menu_typo_font_weight":"","ocean_menu_typo_font_weight_tablet":"","ocean_menu_typo_font_weight_mobile":"","ocean_menu_typo_transform":"","ocean_menu_typo_transform_tablet":"","ocean_menu_typo_transform_mobile":"","ocean_menu_typo_line_height":0,"ocean_menu_typo_line_height_tablet":0,"ocean_menu_typo_line_height_mobile":0,"ocean_menu_typo_line_height_unit":"","ocean_menu_typo_spacing":0,"ocean_menu_typo_spacing_tablet":0,"ocean_menu_typo_spacing_mobile":0,"ocean_menu_typo_spacing_unit":"","ocean_menu_link_color":"","ocean_menu_link_color_hover":"","ocean_menu_link_color_active":"","ocean_menu_link_background":"","ocean_menu_link_hover_background":"","ocean_menu_link_active_background":"","ocean_menu_social_links_bg":"","ocean_menu_social_hover_links_bg":"","ocean_menu_social_links_color":"","ocean_menu_social_hover_links_color":"","ocean_disable_title":"default","ocean_disable_heading":"default","ocean_post_title":"","ocean_post_subheading":"","ocean_post_title_style":"","ocean_post_title_background_color":"","ocean_post_title_background":0,"ocean_post_title_bg_image_position":"","ocean_post_title_bg_image_attachment":"","ocean_post_title_bg_image_repeat":"","ocean_post_title_bg_image_size":"","ocean_post_title_height":0,"ocean_post_title_bg_overlay":0.5,"ocean_post_title_bg_overlay_color":"","ocean_disable_breadcrumbs":"default","ocean_breadcrumbs_color":"","ocean_breadcrumbs_separator_color":"","ocean_breadcrumbs_links_color":"","ocean_breadcrumbs_links_hover_color":"","ocean_display_footer_widgets":"default","ocean_display_footer_bottom":"default","ocean_custom_footer_template":"","ocean_post_oembed":"","ocean_post_self_hosted_media":"","ocean_post_video_embed":"","ocean_link_format":"","ocean_link_format_target":"self","ocean_quote_format":"","ocean_quote_format_link":"post","ocean_gallery_link_images":"on","ocean_gallery_id":[]},"categories":[93],"tags":[553,554,171,548,287,550,552,551,549],"yoast_head":"<!-- This site is optimized with the Yoast SEO plugin v19.5.1 - https:\/\/yoast.com\/wordpress\/plugins\/seo\/ -->\n<title>IMGW-PIB partnerem mi\u0119dzynarodowej kampanii obserwacyjnej EUROP - Laboratorium Modelowania Meteorologicznego CMOK IMGW-PIB<\/title>\n<meta name=\"description\" content=\"IMGW-PIB uczestniczy w mi\u0119dzynarodowej kampanii EUROP\/NAWDIC, wzmacniaj\u0105c prognozy pogody w Europie.\" \/>\n<meta name=\"robots\" content=\"index, follow, max-snippet:-1, max-image-preview:large, max-video-preview:-1\" \/>\n<link rel=\"canonical\" href=\"https:\/\/cmm.imgw.pl\/?p=49045\" \/>\n<meta property=\"og:locale\" content=\"pl_PL\" \/>\n<meta property=\"og:type\" content=\"article\" \/>\n<meta property=\"og:title\" content=\"IMGW-PIB partnerem mi\u0119dzynarodowej kampanii obserwacyjnej EUROP\" \/>\n<meta property=\"og:description\" content=\"IMGW-PIB uczestniczy w mi\u0119dzynarodowej kampanii EUROP\/NAWDIC, wzmacniaj\u0105c prognozy pogody w Europie.\" \/>\n<meta property=\"og:url\" content=\"https:\/\/cmm.imgw.pl\/?p=49045\" \/>\n<meta property=\"og:site_name\" content=\"Laboratorium Modelowania Meteorologicznego CMOK IMGW-PIB\" \/>\n<meta property=\"article:publisher\" content=\"https:\/\/www.facebook.com\/Meteoimgw\/\" \/>\n<meta property=\"article:published_time\" content=\"2026-01-23T09:55:37+00:00\" \/>\n<meta property=\"article:modified_time\" content=\"2026-01-23T09:55:39+00:00\" \/>\n<meta property=\"og:image\" content=\"http:\/\/cmm.imgw.pl\/wp-content\/uploads\/2026\/01\/xyz3.jpg\" \/>\n\t<meta property=\"og:image:width\" content=\"1560\" \/>\n\t<meta property=\"og:image:height\" content=\"871\" \/>\n\t<meta property=\"og:image:type\" content=\"image\/jpeg\" \/>\n<meta name=\"author\" content=\"lmm_admin\" \/>\n<meta name=\"twitter:card\" content=\"summary_large_image\" \/>\n<meta name=\"twitter:title\" content=\"IMGW-PIB partnerem mi\u0119dzynarodowej kampanii obserwacyjnej EUROP\" \/>\n<meta name=\"twitter:description\" content=\"IMGW-PIB uczestniczy w mi\u0119dzynarodowej kampanii EUROP\/NAWDIC, wzmacniaj\u0105c prognozy pogody w Europie.\" \/>\n<meta name=\"twitter:image\" content=\"https:\/\/cmm.imgw.pl\/wp-content\/uploads\/2026\/01\/xyz3.jpg\" \/>\n<meta name=\"twitter:creator\" content=\"@IMGW_CMM\" \/>\n<meta name=\"twitter:site\" content=\"@IMGW_CMM\" \/>\n<meta name=\"twitter:label1\" content=\"Napisane przez\" \/>\n\t<meta name=\"twitter:data1\" content=\"lmm_admin\" \/>\n\t<meta name=\"twitter:label2\" content=\"Szacowany czas czytania\" \/>\n\t<meta name=\"twitter:data2\" content=\"2 minuty\" \/>\n<script type=\"application\/ld+json\" class=\"yoast-schema-graph\">{\"@context\":\"https:\/\/schema.org\",\"@graph\":[{\"@type\":\"Article\",\"@id\":\"https:\/\/cmm.imgw.pl\/?p=49045#article\",\"isPartOf\":{\"@id\":\"https:\/\/cmm.imgw.pl\/?p=49045\"},\"author\":{\"name\":\"lmm_admin\",\"@id\":\"https:\/\/cmm.imgw.pl\/#\/schema\/person\/89b55f47e9dd4c59ce15ce28c43023d1\"},\"headline\":\"IMGW-PIB partnerem mi\u0119dzynarodowej kampanii obserwacyjnej EUROP\",\"datePublished\":\"2026-01-23T09:55:37+00:00\",\"dateModified\":\"2026-01-23T09:55:39+00:00\",\"mainEntityOfPage\":{\"@id\":\"https:\/\/cmm.imgw.pl\/?p=49045\"},\"wordCount\":309,\"publisher\":{\"@id\":\"https:\/\/cmm.imgw.pl\/#organization\"},\"keywords\":[\"aerologia\",\"badania atmosfery\",\"ECMWF\",\"EUROP\",\"imgw-pib\",\"NAWDIC\",\"obserwacje meteorologiczne\",\"prognozowanie pogody\",\"radiosondy\"],\"articleSection\":[\"Komentarz\"],\"inLanguage\":\"pl-PL\"},{\"@type\":\"WebPage\",\"@id\":\"https:\/\/cmm.imgw.pl\/?p=49045\",\"url\":\"https:\/\/cmm.imgw.pl\/?p=49045\",\"name\":\"IMGW-PIB partnerem mi\u0119dzynarodowej kampanii obserwacyjnej EUROP - Laboratorium Modelowania Meteorologicznego CMOK IMGW-PIB\",\"isPartOf\":{\"@id\":\"https:\/\/cmm.imgw.pl\/#website\"},\"datePublished\":\"2026-01-23T09:55:37+00:00\",\"dateModified\":\"2026-01-23T09:55:39+00:00\",\"description\":\"IMGW-PIB uczestniczy w mi\u0119dzynarodowej kampanii EUROP\/NAWDIC, wzmacniaj\u0105c prognozy pogody w Europie.\",\"breadcrumb\":{\"@id\":\"https:\/\/cmm.imgw.pl\/?p=49045#breadcrumb\"},\"inLanguage\":\"pl-PL\",\"potentialAction\":[{\"@type\":\"ReadAction\",\"target\":[\"https:\/\/cmm.imgw.pl\/?p=49045\"]}]},{\"@type\":\"BreadcrumbList\",\"@id\":\"https:\/\/cmm.imgw.pl\/?p=49045#breadcrumb\",\"itemListElement\":[{\"@type\":\"ListItem\",\"position\":1,\"name\":\"Home\",\"item\":\"https:\/\/cmm.imgw.pl\/\"},{\"@type\":\"ListItem\",\"position\":2,\"name\":\"IMGW-PIB partnerem mi\u0119dzynarodowej kampanii obserwacyjnej EUROP\"}]},{\"@type\":\"WebSite\",\"@id\":\"https:\/\/cmm.imgw.pl\/#website\",\"url\":\"https:\/\/cmm.imgw.pl\/\",\"name\":\"Laboratorium Modelowania Meteorologicznego CMOK IMGW-PIB\",\"description\":\"CMOK-LMM Laboratorium pe\u0142ni pa\u0144stwow\u0105 s\u0142u\u017cb\u0119 hydrologiczno-meteorologiczn\u0105 w zakresie numerycznych prognoz pogody, kt\u00f3rego zadaniem jest konsolidacja kompetencji w obszarze modelowania zjawisk pogodowych oraz dalszego rozwoju numerycznych modeli pogody (NMP).\",\"publisher\":{\"@id\":\"https:\/\/cmm.imgw.pl\/#organization\"},\"potentialAction\":[{\"@type\":\"SearchAction\",\"target\":{\"@type\":\"EntryPoint\",\"urlTemplate\":\"https:\/\/cmm.imgw.pl\/?s={search_term_string}\"},\"query-input\":\"required name=search_term_string\"}],\"inLanguage\":\"pl-PL\"},{\"@type\":\"Organization\",\"@id\":\"https:\/\/cmm.imgw.pl\/#organization\",\"name\":\"Laboratorium Modelowania Meteorologicznego CMOK IMGW-PIB\",\"url\":\"https:\/\/cmm.imgw.pl\/\",\"sameAs\":[\"https:\/\/www.facebook.com\/Meteoimgw\/\",\"https:\/\/twitter.com\/IMGW_CMM\"],\"logo\":{\"@type\":\"ImageObject\",\"inLanguage\":\"pl-PL\",\"@id\":\"https:\/\/cmm.imgw.pl\/#\/schema\/logo\/image\/\",\"url\":\"https:\/\/cmm.imgw.pl\/wp-content\/uploads\/2025\/10\/MODELE_LOGO_UNIFIKACJA_v2.png\",\"contentUrl\":\"https:\/\/cmm.imgw.pl\/wp-content\/uploads\/2025\/10\/MODELE_LOGO_UNIFIKACJA_v2.png\",\"width\":1356,\"height\":365,\"caption\":\"Laboratorium Modelowania Meteorologicznego CMOK IMGW-PIB\"},\"image\":{\"@id\":\"https:\/\/cmm.imgw.pl\/#\/schema\/logo\/image\/\"}},{\"@type\":\"Person\",\"@id\":\"https:\/\/cmm.imgw.pl\/#\/schema\/person\/89b55f47e9dd4c59ce15ce28c43023d1\",\"name\":\"lmm_admin\",\"image\":{\"@type\":\"ImageObject\",\"inLanguage\":\"pl-PL\",\"@id\":\"https:\/\/cmm.imgw.pl\/#\/schema\/person\/image\/\",\"url\":\"https:\/\/secure.gravatar.com\/avatar\/472e5646d002d2d0b7dbad11d4d531e1?s=96&d=blank&r=g\",\"contentUrl\":\"https:\/\/secure.gravatar.com\/avatar\/472e5646d002d2d0b7dbad11d4d531e1?s=96&d=blank&r=g\",\"caption\":\"lmm_admin\"},\"url\":\"https:\/\/cmm.imgw.pl\/?author=11\"}]}<\/script>\n<!-- \/ Yoast SEO plugin. -->","yoast_head_json":{"title":"IMGW-PIB partnerem mi\u0119dzynarodowej kampanii obserwacyjnej EUROP - Laboratorium Modelowania Meteorologicznego CMOK IMGW-PIB","description":"IMGW-PIB uczestniczy w mi\u0119dzynarodowej kampanii EUROP\/NAWDIC, wzmacniaj\u0105c prognozy pogody w Europie.","robots":{"index":"index","follow":"follow","max-snippet":"max-snippet:-1","max-image-preview":"max-image-preview:large","max-video-preview":"max-video-preview:-1"},"canonical":"https:\/\/cmm.imgw.pl\/?p=49045","og_locale":"pl_PL","og_type":"article","og_title":"IMGW-PIB partnerem mi\u0119dzynarodowej kampanii obserwacyjnej EUROP","og_description":"IMGW-PIB uczestniczy w mi\u0119dzynarodowej kampanii EUROP\/NAWDIC, wzmacniaj\u0105c prognozy pogody w Europie.","og_url":"https:\/\/cmm.imgw.pl\/?p=49045","og_site_name":"Laboratorium Modelowania Meteorologicznego CMOK IMGW-PIB","article_publisher":"https:\/\/www.facebook.com\/Meteoimgw\/","article_published_time":"2026-01-23T09:55:37+00:00","article_modified_time":"2026-01-23T09:55:39+00:00","og_image":[{"width":1560,"height":871,"url":"http:\/\/cmm.imgw.pl\/wp-content\/uploads\/2026\/01\/xyz3.jpg","type":"image\/jpeg"}],"author":"lmm_admin","twitter_card":"summary_large_image","twitter_title":"IMGW-PIB partnerem mi\u0119dzynarodowej kampanii obserwacyjnej EUROP","twitter_description":"IMGW-PIB uczestniczy w mi\u0119dzynarodowej kampanii EUROP\/NAWDIC, wzmacniaj\u0105c prognozy pogody w Europie.","twitter_image":"https:\/\/cmm.imgw.pl\/wp-content\/uploads\/2026\/01\/xyz3.jpg","twitter_creator":"@IMGW_CMM","twitter_site":"@IMGW_CMM","twitter_misc":{"Napisane przez":"lmm_admin","Szacowany czas czytania":"2 minuty"},"schema":{"@context":"https:\/\/schema.org","@graph":[{"@type":"Article","@id":"https:\/\/cmm.imgw.pl\/?p=49045#article","isPartOf":{"@id":"https:\/\/cmm.imgw.pl\/?p=49045"},"author":{"name":"lmm_admin","@id":"https:\/\/cmm.imgw.pl\/#\/schema\/person\/89b55f47e9dd4c59ce15ce28c43023d1"},"headline":"IMGW-PIB partnerem mi\u0119dzynarodowej kampanii obserwacyjnej EUROP","datePublished":"2026-01-23T09:55:37+00:00","dateModified":"2026-01-23T09:55:39+00:00","mainEntityOfPage":{"@id":"https:\/\/cmm.imgw.pl\/?p=49045"},"wordCount":309,"publisher":{"@id":"https:\/\/cmm.imgw.pl\/#organization"},"keywords":["aerologia","badania atmosfery","ECMWF","EUROP","imgw-pib","NAWDIC","obserwacje meteorologiczne","prognozowanie pogody","radiosondy"],"articleSection":["Komentarz"],"inLanguage":"pl-PL"},{"@type":"WebPage","@id":"https:\/\/cmm.imgw.pl\/?p=49045","url":"https:\/\/cmm.imgw.pl\/?p=49045","name":"IMGW-PIB partnerem mi\u0119dzynarodowej kampanii obserwacyjnej EUROP - Laboratorium Modelowania Meteorologicznego CMOK IMGW-PIB","isPartOf":{"@id":"https:\/\/cmm.imgw.pl\/#website"},"datePublished":"2026-01-23T09:55:37+00:00","dateModified":"2026-01-23T09:55:39+00:00","description":"IMGW-PIB uczestniczy w mi\u0119dzynarodowej kampanii EUROP\/NAWDIC, wzmacniaj\u0105c prognozy pogody w Europie.","breadcrumb":{"@id":"https:\/\/cmm.imgw.pl\/?p=49045#breadcrumb"},"inLanguage":"pl-PL","potentialAction":[{"@type":"ReadAction","target":["https:\/\/cmm.imgw.pl\/?p=49045"]}]},{"@type":"BreadcrumbList","@id":"https:\/\/cmm.imgw.pl\/?p=49045#breadcrumb","itemListElement":[{"@type":"ListItem","position":1,"name":"Home","item":"https:\/\/cmm.imgw.pl\/"},{"@type":"ListItem","position":2,"name":"IMGW-PIB partnerem mi\u0119dzynarodowej kampanii obserwacyjnej EUROP"}]},{"@type":"WebSite","@id":"https:\/\/cmm.imgw.pl\/#website","url":"https:\/\/cmm.imgw.pl\/","name":"Laboratorium Modelowania Meteorologicznego CMOK IMGW-PIB","description":"CMOK-LMM Laboratorium pe\u0142ni pa\u0144stwow\u0105 s\u0142u\u017cb\u0119 hydrologiczno-meteorologiczn\u0105 w zakresie numerycznych prognoz pogody, kt\u00f3rego zadaniem jest konsolidacja kompetencji w obszarze modelowania zjawisk pogodowych oraz dalszego rozwoju numerycznych modeli pogody (NMP).","publisher":{"@id":"https:\/\/cmm.imgw.pl\/#organization"},"potentialAction":[{"@type":"SearchAction","target":{"@type":"EntryPoint","urlTemplate":"https:\/\/cmm.imgw.pl\/?s={search_term_string}"},"query-input":"required name=search_term_string"}],"inLanguage":"pl-PL"},{"@type":"Organization","@id":"https:\/\/cmm.imgw.pl\/#organization","name":"Laboratorium Modelowania Meteorologicznego CMOK IMGW-PIB","url":"https:\/\/cmm.imgw.pl\/","sameAs":["https:\/\/www.facebook.com\/Meteoimgw\/","https:\/\/twitter.com\/IMGW_CMM"],"logo":{"@type":"ImageObject","inLanguage":"pl-PL","@id":"https:\/\/cmm.imgw.pl\/#\/schema\/logo\/image\/","url":"https:\/\/cmm.imgw.pl\/wp-content\/uploads\/2025\/10\/MODELE_LOGO_UNIFIKACJA_v2.png","contentUrl":"https:\/\/cmm.imgw.pl\/wp-content\/uploads\/2025\/10\/MODELE_LOGO_UNIFIKACJA_v2.png","width":1356,"height":365,"caption":"Laboratorium Modelowania Meteorologicznego CMOK IMGW-PIB"},"image":{"@id":"https:\/\/cmm.imgw.pl\/#\/schema\/logo\/image\/"}},{"@type":"Person","@id":"https:\/\/cmm.imgw.pl\/#\/schema\/person\/89b55f47e9dd4c59ce15ce28c43023d1","name":"lmm_admin","image":{"@type":"ImageObject","inLanguage":"pl-PL","@id":"https:\/\/cmm.imgw.pl\/#\/schema\/person\/image\/","url":"https:\/\/secure.gravatar.com\/avatar\/472e5646d002d2d0b7dbad11d4d531e1?s=96&d=blank&r=g","contentUrl":"https:\/\/secure.gravatar.com\/avatar\/472e5646d002d2d0b7dbad11d4d531e1?s=96&d=blank&r=g","caption":"lmm_admin"},"url":"https:\/\/cmm.imgw.pl\/?author=11"}]}},"_links":{"self":[{"href":"https:\/\/cmm.imgw.pl\/index.php?rest_route=\/wp\/v2\/posts\/49045"}],"collection":[{"href":"https:\/\/cmm.imgw.pl\/index.php?rest_route=\/wp\/v2\/posts"}],"about":[{"href":"https:\/\/cmm.imgw.pl\/index.php?rest_route=\/wp\/v2\/types\/post"}],"author":[{"embeddable":true,"href":"https:\/\/cmm.imgw.pl\/index.php?rest_route=\/wp\/v2\/users\/11"}],"replies":[{"embeddable":true,"href":"https:\/\/cmm.imgw.pl\/index.php?rest_route=%2Fwp%2Fv2%2Fcomments&post=49045"}],"version-history":[{"count":1,"href":"https:\/\/cmm.imgw.pl\/index.php?rest_route=\/wp\/v2\/posts\/49045\/revisions"}],"predecessor-version":[{"id":49049,"href":"https:\/\/cmm.imgw.pl\/index.php?rest_route=\/wp\/v2\/posts\/49045\/revisions\/49049"}],"wp:attachment":[{"href":"https:\/\/cmm.imgw.pl\/index.php?rest_route=%2Fwp%2Fv2%2Fmedia&parent=49045"}],"wp:term":[{"taxonomy":"category","embeddable":true,"href":"https:\/\/cmm.imgw.pl\/index.php?rest_route=%2Fwp%2Fv2%2Fcategories&post=49045"},{"taxonomy":"post_tag","embeddable":true,"href":"https:\/\/cmm.imgw.pl\/index.php?rest_route=%2Fwp%2Fv2%2Ftags&post=49045"}],"curies":[{"name":"wp","href":"https:\/\/api.w.org\/{rel}","templated":true}]}}