{"id":46350,"date":"2025-09-04T12:23:59","date_gmt":"2025-09-04T10:23:59","guid":{"rendered":"https:\/\/cmm.imgw.pl\/?p=46350"},"modified":"2025-09-14T15:18:08","modified_gmt":"2025-09-14T13:18:08","slug":"nowy-numer-informatora-meteorologicznego-lmm-podsumowanie-sierpnia-2025","status":"publish","type":"post","link":"https:\/\/cmm.imgw.pl\/?p=46350","title":{"rendered":"Nowy numer Informatora Meteorologicznego LMM &#8211; podsumowanie sierpnia 2025"},"content":{"rendered":"\n<figure class=\"wp-block-image size-large\"><img loading=\"lazy\" width=\"1024\" height=\"512\" src=\"https:\/\/cmm.imgw.pl\/wp-content\/uploads\/2025\/09\/2151901448-1024x512.jpg\" alt=\"\" class=\"wp-image-46351\" srcset=\"https:\/\/cmm.imgw.pl\/wp-content\/uploads\/2025\/09\/2151901448-1024x512.jpg 1024w, https:\/\/cmm.imgw.pl\/wp-content\/uploads\/2025\/09\/2151901448-300x150.jpg 300w, https:\/\/cmm.imgw.pl\/wp-content\/uploads\/2025\/09\/2151901448-768x384.jpg 768w, https:\/\/cmm.imgw.pl\/wp-content\/uploads\/2025\/09\/2151901448.jpg 1500w\" sizes=\"(max-width: 1024px) 100vw, 1024px\" \/><\/figure>\n\n\n\n<p>Numer 60 obejmuje dane z trzeciej dekady miesi\u0105ca oraz pe\u0142ne podsumowanie sierpnia przygotowane przez Laboratorium Modelowania Meteorologicznego IMGW-PIB.<\/p>\n\n\n\n<p>W tym wydaniu m.in.:<\/p>\n\n\n\n<p>\ud83c\udf21\ufe0f Temperatura powietrza:<\/p>\n\n\n\n<ul>\n<li>Najni\u017csza minimalna temperatura w dekadzie: 1,9\u00b0C &#8211; Jelenia G\u00f3ra (24.08),<\/li>\n\n\n\n<li>Najwy\u017csza minimalna temperatura w dekadzie: 23,4\u00b0C &#8211; Bielsko-Bia\u0142a (29.08, noc tropikalna),<\/li>\n\n\n\n<li>Najni\u017csza maksymalna temperatura w dekadzie: 11,6\u00b0C &#8211; Koszalin (23.08),<\/li>\n\n\n\n<li>Najwy\u017csza maksymalna temperatura w dekadzie: 33,0\u00b0C &#8211; Krak\u00f3w (29.08),<\/li>\n\n\n\n<li>Najni\u017csza \u015brednia dobowa w dekadzie: 9,0\u00b0C &#8211; Zakopane (24.08),<\/li>\n\n\n\n<li>Najwy\u017csza \u015brednia dobowa w dekadzie: 26,3\u00b0C &#8211; Bielsko-Bia\u0142a (29.08),<\/li>\n\n\n\n<li>\u015arednia obszarowa temperatura powietrza w sierpniu: 18,2\u00b0C.<\/li>\n<\/ul>\n\n\n\n<p>\ud83c\udf27\ufe0f Opad atmosferyczny:<\/p>\n\n\n\n<ul>\n<li>Rekord dobowy w dekadzie: 48,7 mm &#8211; Leszno (29.08),<\/li>\n\n\n\n<li>Maksymalna suma opadu w dekadzie: 76,8 mm &#8211; Ko\u0142obrzeg,<\/li>\n\n\n\n<li>Minimalna suma opadu w dekadzie: 2,1 mm &#8211; W\u0142odawa,<\/li>\n\n\n\n<li>W ca\u0142ym miesi\u0105cu: od 8,4 mm (W\u0142odawa) do 96,7 mm (Koszalin).<\/li>\n<\/ul>\n\n\n\n<p>\u26a1 Burze: Monitoring systemu PERUN odnotowa\u0142 aktywno\u015b\u0107 wy\u0142adowa\u0144 doziemnych w sierpniu, szczeg\u00f3lnie w drugiej po\u0142owie miesi\u0105ca.<\/p>\n\n\n\n<p>\u2744\ufe0f Pokrywa \u015bnie\u017cna: Na Kasprowym Wierchu 24 sierpnia zanotowano przyrost pokrywy \u015bnie\u017cnej o 3 cm (\u0142\u0105cznie: 3 cm).<\/p>\n\n\n\n<p>\u2600\ufe0f Us\u0142onecznienie:<\/p>\n\n\n\n<ul>\n<li>Najwi\u0119cej s\u0142o\u0144ca w dekadzie: Ko\u0142o &#8211; 13 godz. 54 min (21.08<strong>)<\/strong>,<\/li>\n\n\n\n<li>W ca\u0142ym miesi\u0105cu: od 182 godz. 36 min (Suwa\u0142ki) do 319 godz. 36 min (M\u0142awa),<\/li>\n\n\n\n<li>Anomalia us\u0142onecznienia: od 78% (Suwa\u0142ki) do 140% (M\u0142awa) normy z lat 1991 &#8211; 2020.<\/li>\n<\/ul>\n\n\n\n<p>\ud83d\udcc8 Anomalie klimatologiczne:<\/p>\n\n\n\n<ul>\n<li>Temperatura: od -1,3\u00b0C (Ko\u0142o) do +0,5\u00b0C (Zakopane) wzgl\u0119dem normy 1991 &#8211; 2020,<\/li>\n\n\n\n<li>Opady: od 13% (W\u0142odawa) do 145% (Pozna\u0144) normy z lat 1991 &#8211; 2020.<\/li>\n<\/ul>\n\n\n\n<p>\ud83d\udccc Dane pochodz\u0105 z sieci stacji synoptycznych PSHM.<\/p>\n\n\n\n<p>\ud83d\udce5 Zapraszamy do pobrania raportu i wcze\u015bniejszych wyda\u0144.<\/p>\n\n\n\n<p>\ud83d\udc49 <a href=\"https:\/\/cmm.imgw.pl\/cmm\/?page_id=39850\" target=\"_blank\" rel=\"noreferrer noopener\"><mark style=\"background-color:rgba(0, 0, 0, 0)\" class=\"has-inline-color has-vivid-cyan-blue-color\">https:\/\/cmm.imgw.pl\/cmm\/?page_id=39850<\/mark><\/a><\/p>\n","protected":false},"excerpt":{"rendered":"<p>Ukaza\u0142 si\u0119 nowy numer Informatora Meteorologicznego LMM (nr 60, sierpie\u0144 2025, trzecia dekada i podsumowanie miesi\u0105ca) przygotowywanego przez Laboratorium Modelowania Meteorologicznego IMGW-PIB. Informator powstaje w oparciu o dane pomiarowe z krajowej sieci stacji synoptycznych PSHM, pozwalaj\u0105c \u015bledzi\u0107 szczeg\u00f3\u0142owy przebieg warunk\u00f3w meteorologicznych w Polsce.<\/p>\n","protected":false},"author":11,"featured_media":0,"comment_status":"closed","ping_status":"open","sticky":false,"template":"","format":"standard","meta":{"ocean_post_layout":"","ocean_both_sidebars_style":"","ocean_both_sidebars_content_width":0,"ocean_both_sidebars_sidebars_width":0,"ocean_sidebar":"","ocean_second_sidebar":"","ocean_disable_margins":"enable","ocean_add_body_class":"","ocean_shortcode_before_top_bar":"","ocean_shortcode_after_top_bar":"","ocean_shortcode_before_header":"","ocean_shortcode_after_header":"","ocean_has_shortcode":"","ocean_shortcode_after_title":"","ocean_shortcode_before_footer_widgets":"","ocean_shortcode_after_footer_widgets":"","ocean_shortcode_before_footer_bottom":"","ocean_shortcode_after_footer_bottom":"","ocean_display_top_bar":"default","ocean_display_header":"default","ocean_header_style":"","ocean_center_header_left_menu":"","ocean_custom_header_template":"","ocean_custom_logo":0,"ocean_custom_retina_logo":0,"ocean_custom_logo_max_width":0,"ocean_custom_logo_tablet_max_width":0,"ocean_custom_logo_mobile_max_width":0,"ocean_custom_logo_max_height":0,"ocean_custom_logo_tablet_max_height":0,"ocean_custom_logo_mobile_max_height":0,"ocean_header_custom_menu":"","ocean_menu_typo_font_family":"","ocean_menu_typo_font_subset":"","ocean_menu_typo_font_size":0,"ocean_menu_typo_font_size_tablet":0,"ocean_menu_typo_font_size_mobile":0,"ocean_menu_typo_font_size_unit":"px","ocean_menu_typo_font_weight":"","ocean_menu_typo_font_weight_tablet":"","ocean_menu_typo_font_weight_mobile":"","ocean_menu_typo_transform":"","ocean_menu_typo_transform_tablet":"","ocean_menu_typo_transform_mobile":"","ocean_menu_typo_line_height":0,"ocean_menu_typo_line_height_tablet":0,"ocean_menu_typo_line_height_mobile":0,"ocean_menu_typo_line_height_unit":"","ocean_menu_typo_spacing":0,"ocean_menu_typo_spacing_tablet":0,"ocean_menu_typo_spacing_mobile":0,"ocean_menu_typo_spacing_unit":"","ocean_menu_link_color":"","ocean_menu_link_color_hover":"","ocean_menu_link_color_active":"","ocean_menu_link_background":"","ocean_menu_link_hover_background":"","ocean_menu_link_active_background":"","ocean_menu_social_links_bg":"","ocean_menu_social_hover_links_bg":"","ocean_menu_social_links_color":"","ocean_menu_social_hover_links_color":"","ocean_disable_title":"default","ocean_disable_heading":"default","ocean_post_title":"","ocean_post_subheading":"","ocean_post_title_style":"","ocean_post_title_background_color":"","ocean_post_title_background":0,"ocean_post_title_bg_image_position":"","ocean_post_title_bg_image_attachment":"","ocean_post_title_bg_image_repeat":"","ocean_post_title_bg_image_size":"","ocean_post_title_height":0,"ocean_post_title_bg_overlay":0.5,"ocean_post_title_bg_overlay_color":"","ocean_disable_breadcrumbs":"default","ocean_breadcrumbs_color":"","ocean_breadcrumbs_separator_color":"","ocean_breadcrumbs_links_color":"","ocean_breadcrumbs_links_hover_color":"","ocean_display_footer_widgets":"default","ocean_display_footer_bottom":"default","ocean_custom_footer_template":"","ocean_post_oembed":"","ocean_post_self_hosted_media":"","ocean_post_video_embed":"","ocean_link_format":"","ocean_link_format_target":"self","ocean_quote_format":"","ocean_quote_format_link":"post","ocean_gallery_link_images":"on","ocean_gallery_id":[]},"categories":[93],"tags":[417,478,85,288,73,438,479,289,476,480,477,152,482,240,436,481],"yoast_head":"<!-- This site is optimized with the Yoast SEO plugin v19.5.1 - https:\/\/yoast.com\/wordpress\/plugins\/seo\/ -->\n<title>Nowy numer Informatora Meteorologicznego LMM - podsumowanie sierpnia 2025 - Laboratorium Modelowania Meteorologicznego CMOK IMGW-PIB<\/title>\n<meta name=\"description\" content=\"Sprawd\u017a dane o temperaturze, opadach, burzach i us\u0142onecznieniu w Polsce z sierpnia 2025 w nowym Informatorze Meteorologicznym LMM IMGW-PIB.\" \/>\n<meta name=\"robots\" content=\"index, follow, max-snippet:-1, max-image-preview:large, max-video-preview:-1\" \/>\n<link rel=\"canonical\" href=\"https:\/\/cmm.imgw.pl\/?p=46350\" \/>\n<meta property=\"og:locale\" content=\"pl_PL\" \/>\n<meta property=\"og:type\" content=\"article\" \/>\n<meta property=\"og:title\" content=\"Informator Meteorologiczny LMM nr 60 - sierpie\u0144 2025 | IMGW\" \/>\n<meta property=\"og:description\" content=\"Sprawd\u017a dane o temperaturze, opadach, burzach i us\u0142onecznieniu w Polsce z sierpnia 2025 w nowym Informatorze Meteorologicznym LMM IMGW-PIB.\" \/>\n<meta property=\"og:url\" content=\"https:\/\/cmm.imgw.pl\/?p=46350\" \/>\n<meta property=\"og:site_name\" content=\"Laboratorium Modelowania Meteorologicznego CMOK IMGW-PIB\" \/>\n<meta property=\"article:publisher\" content=\"https:\/\/www.facebook.com\/Meteoimgw\/\" \/>\n<meta property=\"article:published_time\" content=\"2025-09-04T10:23:59+00:00\" \/>\n<meta property=\"article:modified_time\" content=\"2025-09-14T13:18:08+00:00\" \/>\n<meta property=\"og:image\" content=\"http:\/\/cmm.imgw.pl\/wp-content\/uploads\/2025\/09\/2151901448.jpg\" \/>\n\t<meta property=\"og:image:width\" content=\"1500\" \/>\n\t<meta property=\"og:image:height\" content=\"750\" \/>\n\t<meta property=\"og:image:type\" content=\"image\/jpeg\" \/>\n<meta name=\"author\" content=\"lmm_admin\" \/>\n<meta name=\"twitter:card\" content=\"summary_large_image\" \/>\n<meta name=\"twitter:title\" content=\"Informator Meteorologiczny LMM nr 60 - sierpie\u0144 2025 | IMGW\" \/>\n<meta name=\"twitter:description\" content=\"Sprawd\u017a dane o temperaturze, opadach, burzach i us\u0142onecznieniu w Polsce z sierpnia 2025 w nowym Informatorze Meteorologicznym LMM IMGW-PIB.\" \/>\n<meta name=\"twitter:image\" content=\"https:\/\/cmm.imgw.pl\/wp-content\/uploads\/2025\/09\/2151901448.jpg\" \/>\n<meta name=\"twitter:creator\" content=\"@IMGW_CMM\" \/>\n<meta name=\"twitter:site\" content=\"@IMGW_CMM\" \/>\n<meta name=\"twitter:label1\" content=\"Napisane przez\" \/>\n\t<meta name=\"twitter:data1\" content=\"lmm_admin\" \/>\n\t<meta name=\"twitter:label2\" content=\"Szacowany czas czytania\" \/>\n\t<meta name=\"twitter:data2\" content=\"1 minuta\" \/>\n<script type=\"application\/ld+json\" class=\"yoast-schema-graph\">{\"@context\":\"https:\/\/schema.org\",\"@graph\":[{\"@type\":\"Article\",\"@id\":\"https:\/\/cmm.imgw.pl\/?p=46350#article\",\"isPartOf\":{\"@id\":\"https:\/\/cmm.imgw.pl\/?p=46350\"},\"author\":{\"name\":\"lmm_admin\",\"@id\":\"https:\/\/cmm.imgw.pl\/#\/schema\/person\/89b55f47e9dd4c59ce15ce28c43023d1\"},\"headline\":\"Nowy numer Informatora Meteorologicznego LMM &#8211; podsumowanie sierpnia 2025\",\"datePublished\":\"2025-09-04T10:23:59+00:00\",\"dateModified\":\"2025-09-14T13:18:08+00:00\",\"mainEntityOfPage\":{\"@id\":\"https:\/\/cmm.imgw.pl\/?p=46350\"},\"wordCount\":265,\"publisher\":{\"@id\":\"https:\/\/cmm.imgw.pl\/#organization\"},\"keywords\":[\"2025\",\"dane\",\"imgw\",\"informator\",\"klimat\",\"LMM\",\"meteorologiczne\",\"meteorologiczny\",\"monitoring\",\"pogodowy\",\"pogody\",\"Polska\",\"pomiary\",\"raport\",\"sierpie\u0144\",\"synoptyczne\"],\"articleSection\":[\"Komentarz\"],\"inLanguage\":\"pl-PL\"},{\"@type\":\"WebPage\",\"@id\":\"https:\/\/cmm.imgw.pl\/?p=46350\",\"url\":\"https:\/\/cmm.imgw.pl\/?p=46350\",\"name\":\"Nowy numer Informatora Meteorologicznego LMM - podsumowanie sierpnia 2025 - Laboratorium Modelowania Meteorologicznego CMOK IMGW-PIB\",\"isPartOf\":{\"@id\":\"https:\/\/cmm.imgw.pl\/#website\"},\"datePublished\":\"2025-09-04T10:23:59+00:00\",\"dateModified\":\"2025-09-14T13:18:08+00:00\",\"description\":\"Sprawd\u017a dane o temperaturze, opadach, burzach i us\u0142onecznieniu w Polsce z sierpnia 2025 w nowym Informatorze Meteorologicznym LMM IMGW-PIB.\",\"breadcrumb\":{\"@id\":\"https:\/\/cmm.imgw.pl\/?p=46350#breadcrumb\"},\"inLanguage\":\"pl-PL\",\"potentialAction\":[{\"@type\":\"ReadAction\",\"target\":[\"https:\/\/cmm.imgw.pl\/?p=46350\"]}]},{\"@type\":\"BreadcrumbList\",\"@id\":\"https:\/\/cmm.imgw.pl\/?p=46350#breadcrumb\",\"itemListElement\":[{\"@type\":\"ListItem\",\"position\":1,\"name\":\"Home\",\"item\":\"https:\/\/cmm.imgw.pl\/\"},{\"@type\":\"ListItem\",\"position\":2,\"name\":\"Nowy numer Informatora Meteorologicznego LMM &#8211; podsumowanie sierpnia 2025\"}]},{\"@type\":\"WebSite\",\"@id\":\"https:\/\/cmm.imgw.pl\/#website\",\"url\":\"https:\/\/cmm.imgw.pl\/\",\"name\":\"Laboratorium Modelowania Meteorologicznego CMOK IMGW-PIB\",\"description\":\"CMOK-LMM Laboratorium pe\u0142ni pa\u0144stwow\u0105 s\u0142u\u017cb\u0119 hydrologiczno-meteorologiczn\u0105 w zakresie numerycznych prognoz pogody, kt\u00f3rego zadaniem jest konsolidacja kompetencji w obszarze modelowania zjawisk pogodowych oraz dalszego rozwoju numerycznych modeli pogody (NMP).\",\"publisher\":{\"@id\":\"https:\/\/cmm.imgw.pl\/#organization\"},\"potentialAction\":[{\"@type\":\"SearchAction\",\"target\":{\"@type\":\"EntryPoint\",\"urlTemplate\":\"https:\/\/cmm.imgw.pl\/?s={search_term_string}\"},\"query-input\":\"required name=search_term_string\"}],\"inLanguage\":\"pl-PL\"},{\"@type\":\"Organization\",\"@id\":\"https:\/\/cmm.imgw.pl\/#organization\",\"name\":\"Laboratorium Modelowania Meteorologicznego CMOK IMGW-PIB\",\"url\":\"https:\/\/cmm.imgw.pl\/\",\"sameAs\":[\"https:\/\/www.facebook.com\/Meteoimgw\/\",\"https:\/\/twitter.com\/IMGW_CMM\"],\"logo\":{\"@type\":\"ImageObject\",\"inLanguage\":\"pl-PL\",\"@id\":\"https:\/\/cmm.imgw.pl\/#\/schema\/logo\/image\/\",\"url\":\"https:\/\/cmm.imgw.pl\/wp-content\/uploads\/2025\/10\/MODELE_LOGO_UNIFIKACJA_v2.png\",\"contentUrl\":\"https:\/\/cmm.imgw.pl\/wp-content\/uploads\/2025\/10\/MODELE_LOGO_UNIFIKACJA_v2.png\",\"width\":1356,\"height\":365,\"caption\":\"Laboratorium Modelowania Meteorologicznego CMOK IMGW-PIB\"},\"image\":{\"@id\":\"https:\/\/cmm.imgw.pl\/#\/schema\/logo\/image\/\"}},{\"@type\":\"Person\",\"@id\":\"https:\/\/cmm.imgw.pl\/#\/schema\/person\/89b55f47e9dd4c59ce15ce28c43023d1\",\"name\":\"lmm_admin\",\"image\":{\"@type\":\"ImageObject\",\"inLanguage\":\"pl-PL\",\"@id\":\"https:\/\/cmm.imgw.pl\/#\/schema\/person\/image\/\",\"url\":\"https:\/\/secure.gravatar.com\/avatar\/472e5646d002d2d0b7dbad11d4d531e1?s=96&d=blank&r=g\",\"contentUrl\":\"https:\/\/secure.gravatar.com\/avatar\/472e5646d002d2d0b7dbad11d4d531e1?s=96&d=blank&r=g\",\"caption\":\"lmm_admin\"},\"url\":\"https:\/\/cmm.imgw.pl\/?author=11\"}]}<\/script>\n<!-- \/ Yoast SEO plugin. -->","yoast_head_json":{"title":"Nowy numer Informatora Meteorologicznego LMM - podsumowanie sierpnia 2025 - Laboratorium Modelowania Meteorologicznego CMOK IMGW-PIB","description":"Sprawd\u017a dane o temperaturze, opadach, burzach i us\u0142onecznieniu w Polsce z sierpnia 2025 w nowym Informatorze Meteorologicznym LMM IMGW-PIB.","robots":{"index":"index","follow":"follow","max-snippet":"max-snippet:-1","max-image-preview":"max-image-preview:large","max-video-preview":"max-video-preview:-1"},"canonical":"https:\/\/cmm.imgw.pl\/?p=46350","og_locale":"pl_PL","og_type":"article","og_title":"Informator Meteorologiczny LMM nr 60 - sierpie\u0144 2025 | IMGW","og_description":"Sprawd\u017a dane o temperaturze, opadach, burzach i us\u0142onecznieniu w Polsce z sierpnia 2025 w nowym Informatorze Meteorologicznym LMM IMGW-PIB.","og_url":"https:\/\/cmm.imgw.pl\/?p=46350","og_site_name":"Laboratorium Modelowania Meteorologicznego CMOK IMGW-PIB","article_publisher":"https:\/\/www.facebook.com\/Meteoimgw\/","article_published_time":"2025-09-04T10:23:59+00:00","article_modified_time":"2025-09-14T13:18:08+00:00","og_image":[{"width":1500,"height":750,"url":"http:\/\/cmm.imgw.pl\/wp-content\/uploads\/2025\/09\/2151901448.jpg","type":"image\/jpeg"}],"author":"lmm_admin","twitter_card":"summary_large_image","twitter_title":"Informator Meteorologiczny LMM nr 60 - sierpie\u0144 2025 | IMGW","twitter_description":"Sprawd\u017a dane o temperaturze, opadach, burzach i us\u0142onecznieniu w Polsce z sierpnia 2025 w nowym Informatorze Meteorologicznym LMM IMGW-PIB.","twitter_image":"https:\/\/cmm.imgw.pl\/wp-content\/uploads\/2025\/09\/2151901448.jpg","twitter_creator":"@IMGW_CMM","twitter_site":"@IMGW_CMM","twitter_misc":{"Napisane przez":"lmm_admin","Szacowany czas czytania":"1 minuta"},"schema":{"@context":"https:\/\/schema.org","@graph":[{"@type":"Article","@id":"https:\/\/cmm.imgw.pl\/?p=46350#article","isPartOf":{"@id":"https:\/\/cmm.imgw.pl\/?p=46350"},"author":{"name":"lmm_admin","@id":"https:\/\/cmm.imgw.pl\/#\/schema\/person\/89b55f47e9dd4c59ce15ce28c43023d1"},"headline":"Nowy numer Informatora Meteorologicznego LMM &#8211; podsumowanie sierpnia 2025","datePublished":"2025-09-04T10:23:59+00:00","dateModified":"2025-09-14T13:18:08+00:00","mainEntityOfPage":{"@id":"https:\/\/cmm.imgw.pl\/?p=46350"},"wordCount":265,"publisher":{"@id":"https:\/\/cmm.imgw.pl\/#organization"},"keywords":["2025","dane","imgw","informator","klimat","LMM","meteorologiczne","meteorologiczny","monitoring","pogodowy","pogody","Polska","pomiary","raport","sierpie\u0144","synoptyczne"],"articleSection":["Komentarz"],"inLanguage":"pl-PL"},{"@type":"WebPage","@id":"https:\/\/cmm.imgw.pl\/?p=46350","url":"https:\/\/cmm.imgw.pl\/?p=46350","name":"Nowy numer Informatora Meteorologicznego LMM - podsumowanie sierpnia 2025 - Laboratorium Modelowania Meteorologicznego CMOK IMGW-PIB","isPartOf":{"@id":"https:\/\/cmm.imgw.pl\/#website"},"datePublished":"2025-09-04T10:23:59+00:00","dateModified":"2025-09-14T13:18:08+00:00","description":"Sprawd\u017a dane o temperaturze, opadach, burzach i us\u0142onecznieniu w Polsce z sierpnia 2025 w nowym Informatorze Meteorologicznym LMM IMGW-PIB.","breadcrumb":{"@id":"https:\/\/cmm.imgw.pl\/?p=46350#breadcrumb"},"inLanguage":"pl-PL","potentialAction":[{"@type":"ReadAction","target":["https:\/\/cmm.imgw.pl\/?p=46350"]}]},{"@type":"BreadcrumbList","@id":"https:\/\/cmm.imgw.pl\/?p=46350#breadcrumb","itemListElement":[{"@type":"ListItem","position":1,"name":"Home","item":"https:\/\/cmm.imgw.pl\/"},{"@type":"ListItem","position":2,"name":"Nowy numer Informatora Meteorologicznego LMM &#8211; podsumowanie sierpnia 2025"}]},{"@type":"WebSite","@id":"https:\/\/cmm.imgw.pl\/#website","url":"https:\/\/cmm.imgw.pl\/","name":"Laboratorium Modelowania Meteorologicznego CMOK IMGW-PIB","description":"CMOK-LMM Laboratorium pe\u0142ni pa\u0144stwow\u0105 s\u0142u\u017cb\u0119 hydrologiczno-meteorologiczn\u0105 w zakresie numerycznych prognoz pogody, kt\u00f3rego zadaniem jest konsolidacja kompetencji w obszarze modelowania zjawisk pogodowych oraz dalszego rozwoju numerycznych modeli pogody (NMP).","publisher":{"@id":"https:\/\/cmm.imgw.pl\/#organization"},"potentialAction":[{"@type":"SearchAction","target":{"@type":"EntryPoint","urlTemplate":"https:\/\/cmm.imgw.pl\/?s={search_term_string}"},"query-input":"required name=search_term_string"}],"inLanguage":"pl-PL"},{"@type":"Organization","@id":"https:\/\/cmm.imgw.pl\/#organization","name":"Laboratorium Modelowania Meteorologicznego CMOK IMGW-PIB","url":"https:\/\/cmm.imgw.pl\/","sameAs":["https:\/\/www.facebook.com\/Meteoimgw\/","https:\/\/twitter.com\/IMGW_CMM"],"logo":{"@type":"ImageObject","inLanguage":"pl-PL","@id":"https:\/\/cmm.imgw.pl\/#\/schema\/logo\/image\/","url":"https:\/\/cmm.imgw.pl\/wp-content\/uploads\/2025\/10\/MODELE_LOGO_UNIFIKACJA_v2.png","contentUrl":"https:\/\/cmm.imgw.pl\/wp-content\/uploads\/2025\/10\/MODELE_LOGO_UNIFIKACJA_v2.png","width":1356,"height":365,"caption":"Laboratorium Modelowania Meteorologicznego CMOK IMGW-PIB"},"image":{"@id":"https:\/\/cmm.imgw.pl\/#\/schema\/logo\/image\/"}},{"@type":"Person","@id":"https:\/\/cmm.imgw.pl\/#\/schema\/person\/89b55f47e9dd4c59ce15ce28c43023d1","name":"lmm_admin","image":{"@type":"ImageObject","inLanguage":"pl-PL","@id":"https:\/\/cmm.imgw.pl\/#\/schema\/person\/image\/","url":"https:\/\/secure.gravatar.com\/avatar\/472e5646d002d2d0b7dbad11d4d531e1?s=96&d=blank&r=g","contentUrl":"https:\/\/secure.gravatar.com\/avatar\/472e5646d002d2d0b7dbad11d4d531e1?s=96&d=blank&r=g","caption":"lmm_admin"},"url":"https:\/\/cmm.imgw.pl\/?author=11"}]}},"_links":{"self":[{"href":"https:\/\/cmm.imgw.pl\/index.php?rest_route=\/wp\/v2\/posts\/46350"}],"collection":[{"href":"https:\/\/cmm.imgw.pl\/index.php?rest_route=\/wp\/v2\/posts"}],"about":[{"href":"https:\/\/cmm.imgw.pl\/index.php?rest_route=\/wp\/v2\/types\/post"}],"author":[{"embeddable":true,"href":"https:\/\/cmm.imgw.pl\/index.php?rest_route=\/wp\/v2\/users\/11"}],"replies":[{"embeddable":true,"href":"https:\/\/cmm.imgw.pl\/index.php?rest_route=%2Fwp%2Fv2%2Fcomments&post=46350"}],"version-history":[{"count":2,"href":"https:\/\/cmm.imgw.pl\/index.php?rest_route=\/wp\/v2\/posts\/46350\/revisions"}],"predecessor-version":[{"id":46490,"href":"https:\/\/cmm.imgw.pl\/index.php?rest_route=\/wp\/v2\/posts\/46350\/revisions\/46490"}],"wp:attachment":[{"href":"https:\/\/cmm.imgw.pl\/index.php?rest_route=%2Fwp%2Fv2%2Fmedia&parent=46350"}],"wp:term":[{"taxonomy":"category","embeddable":true,"href":"https:\/\/cmm.imgw.pl\/index.php?rest_route=%2Fwp%2Fv2%2Fcategories&post=46350"},{"taxonomy":"post_tag","embeddable":true,"href":"https:\/\/cmm.imgw.pl\/index.php?rest_route=%2Fwp%2Fv2%2Ftags&post=46350"}],"curies":[{"name":"wp","href":"https:\/\/api.w.org\/{rel}","templated":true}]}}