{"id":44866,"date":"2025-03-25T18:06:07","date_gmt":"2025-03-25T17:06:07","guid":{"rendered":"https:\/\/cmm.imgw.pl\/?p=44866"},"modified":"2025-03-25T18:06:09","modified_gmt":"2025-03-25T17:06:09","slug":"zacmienie-slonca-29-marca-2025-kilka-informacji","status":"publish","type":"post","link":"https:\/\/cmm.imgw.pl\/?p=44866","title":{"rendered":"#AkademiaCMM: Za\u0107mienie S\u0142o\u0144ca 29 marca 2025 \u2013 kilka informacji"},"content":{"rendered":"<p style=\"text-align: justify;\"><span style=\"font-size: 16px;\"><strong>Za\u0107mienie S\u0142o\u0144ca 29 marca 2025 \u2013 kilka informacji.<\/strong><\/span><\/p>\n<p style=\"text-align: left;\"><span style=\"font-size: 16px;\">Autorzy: dr Grzegorz Duniec i dr Marcin Kolonko<\/span><\/p>\n<p style=\"text-align: justify;\"><span style=\"font-size: 16px;\">W ostatni\u0105 sobot\u0119 marca z terenu naszego kraju b\u0119dzie mo\u017cna obserwowa\u0107 cz\u0119\u015bciowe za\u0107mienie S\u0142o\u0144ca. Za\u0107mienie to b\u0119dzie 21 z serii 71 za\u0107mie\u0144 w cyklu Saros 149. Cykl ten rozpocz\u0105\u0142 si\u0119 21 sierpnia 1664 roku, a zako\u0144czy 28 wrze\u015bnia 2926 roku [1]. Na 71 za\u0107mie\u0144 w 149 cyklu Sarosa sk\u0142ada si\u0119 kolejno: 21 za\u0107mie\u0144 cz\u0119\u015bciowych, 17 za\u0107mie\u0144 ca\u0142kowitych, 3 za\u0107mienia hybrydowe, 23 za\u0107mienia pier\u015bcieniowe oraz 7 za\u0107mie\u0144 cz\u0119\u015bciowych [1]. Ten cykl za\u0107mie\u0144 zwi\u0105zany jest z wst\u0119puj\u0105cym w\u0119z\u0142em orbity ksi\u0119\u017cycowej.<\/span><\/p>\n<p style=\"text-align: justify;\"><span style=\"font-size: 16px;\">Geocentryczne z\u0142\u0105czenie Ksi\u0119\u017cyca i S\u0142o\u0144ca w rektascensji nast\u0105pi 29 marca 2025 roku o godzinie 12<sup>h<\/sup>46<sup>m<\/sup>09,2<sup>s<\/sup> [3]. Maksymalna faza za\u0107mienia wyniesie 0,9361. Maksymaln\u0105 faz\u0119 za\u0107mienia obserwowa\u0107 b\u0119dzie mo\u017cna przy wschodnim brzegu Zatoki Hudsona o godzinie 11<sup>h<\/sup>47<sup>m<\/sup>18<sup>s<\/sup>, a zatem o\u015b sto\u017cka cienia Ksi\u0119\u017cycowego przemieszcza\u0107 si\u0119 b\u0119dzie powy\u017cej rejon\u00f3w bieguna Ziemi [2]. Za\u0107mienie S\u0142o\u0144ca rozpocznie si\u0119 z chwil\u0105, kiedy sto\u017cek p\u00f3\u0142cienia ksi\u0119\u017cycowego dotknie powierzchni Ziemi na Atlantyku, przy p\u00f3\u0142nocnym wybrze\u017cu Ameryki Po\u0142udniowej o godzinie 8<sup>h<\/sup>50<sup>m<\/sup>35<sup>s<\/sup>. Za\u0107mienie zako\u0144czy si\u0119 o godzinie 12<sup>h<\/sup>43<sup>m<\/sup>36<sup>s<\/sup>, kiedy to sto\u017cek p\u00f3\u0142cienia sto\u017cka p\u00f3\u0142cienia opu\u015bci Ziemi\u0119 w p\u00f3\u0142nocnej Azji na Syberii [2].<\/span><\/p>\n<div style=\"text-align: justify;\"><span style=\"font-size: 16px;\">Opracowanie dost\u0119pne jest na stronie #AkademiaCMM: <a href=\"\/?page_id=44848\">https:\/\/cmm.imgw.pl\/?page_id=44848<\/a>.<\/span><\/div>\n<div style=\"text-align: justify;\"><span style=\"font-size: 16px;\">Zach\u0119camy do zapoznania si\u0119 z innymi opracowaniami Akademii: <a href=\"\/?page_id=18845\">https:\/\/cmm.imgw.pl\/?page_id=18845.<\/a><\/span><\/div>\n<div style=\"text-align: left;\"><\/div>\n<div style=\"text-align: left;\"><\/div>\n<div style=\"text-align: left;\"><\/div>\n<div style=\"text-align: left;\"><span style=\"font-size: 16px;\"><a href=\"\/wp-content\/uploads\/2025\/02\/obraz-zawierajacy-tekst-mapa-opis-wygenerowany-a.png\"><img loading=\"lazy\" class=\"aligncenter size-medium wp-image-44561\" src=\"\/wp-content\/uploads\/2025\/03\/obraz-zawierajacy-swiat-glob-ziemia-kula-zawar.jpeg\" alt=\"\" width=\"300\" height=\"223\" \/><\/a><\/span><\/div>\n<div style=\"text-align: left;\"><\/div>\n","protected":false},"excerpt":{"rendered":"<p>Za\u0107mienie S\u0142o\u0144ca 29 marca 2025 \u2013 kilka informacji. Autorzy: dr Grzegorz Duniec i dr Marcin Kolonko W ostatni\u0105 sobot\u0119 marca z terenu naszego kraju b\u0119dzie mo\u017cna obserwowa\u0107 cz\u0119\u015bciowe za\u0107mienie S\u0142o\u0144ca. Za\u0107mienie to b\u0119dzie 21 z serii 71 za\u0107mie\u0144 w cyklu Saros 149. Cykl ten rozpocz\u0105\u0142 si\u0119 21 sierpnia 1664 roku, a zako\u0144czy 28 wrze\u015bnia 2926 [&hellip;]<\/p>\n","protected":false},"author":3,"featured_media":0,"comment_status":"closed","ping_status":"open","sticky":false,"template":"","format":"standard","meta":{"ocean_post_layout":"","ocean_both_sidebars_style":"","ocean_both_sidebars_content_width":0,"ocean_both_sidebars_sidebars_width":0,"ocean_sidebar":"","ocean_second_sidebar":"","ocean_disable_margins":"enable","ocean_add_body_class":"","ocean_shortcode_before_top_bar":"","ocean_shortcode_after_top_bar":"","ocean_shortcode_before_header":"","ocean_shortcode_after_header":"","ocean_has_shortcode":"","ocean_shortcode_after_title":"","ocean_shortcode_before_footer_widgets":"","ocean_shortcode_after_footer_widgets":"","ocean_shortcode_before_footer_bottom":"","ocean_shortcode_after_footer_bottom":"","ocean_display_top_bar":"default","ocean_display_header":"default","ocean_header_style":"","ocean_center_header_left_menu":"","ocean_custom_header_template":"","ocean_custom_logo":0,"ocean_custom_retina_logo":0,"ocean_custom_logo_max_width":0,"ocean_custom_logo_tablet_max_width":0,"ocean_custom_logo_mobile_max_width":0,"ocean_custom_logo_max_height":0,"ocean_custom_logo_tablet_max_height":0,"ocean_custom_logo_mobile_max_height":0,"ocean_header_custom_menu":"","ocean_menu_typo_font_family":"","ocean_menu_typo_font_subset":"","ocean_menu_typo_font_size":0,"ocean_menu_typo_font_size_tablet":0,"ocean_menu_typo_font_size_mobile":0,"ocean_menu_typo_font_size_unit":"px","ocean_menu_typo_font_weight":"","ocean_menu_typo_font_weight_tablet":"","ocean_menu_typo_font_weight_mobile":"","ocean_menu_typo_transform":"","ocean_menu_typo_transform_tablet":"","ocean_menu_typo_transform_mobile":"","ocean_menu_typo_line_height":0,"ocean_menu_typo_line_height_tablet":0,"ocean_menu_typo_line_height_mobile":0,"ocean_menu_typo_line_height_unit":"","ocean_menu_typo_spacing":0,"ocean_menu_typo_spacing_tablet":0,"ocean_menu_typo_spacing_mobile":0,"ocean_menu_typo_spacing_unit":"","ocean_menu_link_color":"","ocean_menu_link_color_hover":"","ocean_menu_link_color_active":"","ocean_menu_link_background":"","ocean_menu_link_hover_background":"","ocean_menu_link_active_background":"","ocean_menu_social_links_bg":"","ocean_menu_social_hover_links_bg":"","ocean_menu_social_links_color":"","ocean_menu_social_hover_links_color":"","ocean_disable_title":"default","ocean_disable_heading":"default","ocean_post_title":"","ocean_post_subheading":"","ocean_post_title_style":"","ocean_post_title_background_color":"","ocean_post_title_background":0,"ocean_post_title_bg_image_position":"","ocean_post_title_bg_image_attachment":"","ocean_post_title_bg_image_repeat":"","ocean_post_title_bg_image_size":"","ocean_post_title_height":0,"ocean_post_title_bg_overlay":0.5,"ocean_post_title_bg_overlay_color":"","ocean_disable_breadcrumbs":"default","ocean_breadcrumbs_color":"","ocean_breadcrumbs_separator_color":"","ocean_breadcrumbs_links_color":"","ocean_breadcrumbs_links_hover_color":"","ocean_display_footer_widgets":"default","ocean_display_footer_bottom":"default","ocean_custom_footer_template":"","ocean_post_oembed":"","ocean_post_self_hosted_media":"","ocean_post_video_embed":"","ocean_link_format":"","ocean_link_format_target":"self","ocean_quote_format":"","ocean_quote_format_link":"post","ocean_gallery_link_images":"on","ocean_gallery_id":[]},"categories":[131,137],"tags":[173,68,85,434],"yoast_head":"<!-- This site is optimized with the Yoast SEO plugin v19.5.1 - https:\/\/yoast.com\/wordpress\/plugins\/seo\/ -->\n<title>#AkademiaCMM: Za\u0107mienie S\u0142o\u0144ca 29 marca 2025 \u2013 kilka informacji - Laboratorium Modelowania Meteorologicznego CMOK IMGW-PIB<\/title>\n<meta name=\"description\" content=\"W ostatni\u0105 sobot\u0119 marca z terenu naszego kraju b\u0119dzie mo\u017cna obserwowa\u0107 cz\u0119\u015bciowe za\u0107mienie S\u0142o\u0144ca. Za\u0107mienie to b\u0119dzie 21 z serii 71 za\u0107mie\u0144 w cyklu Saros 149. Cykl ten rozpocz\u0105\u0142 si\u0119 21 sierpnia 1664 roku, a zako\u0144czy 28 wrze\u015bnia 2926 roku [1]. Na 71 za\u0107mie\u0144 w 149 cyklu Sarosa sk\u0142ada si\u0119 kolejno: 21 za\u0107mie\u0144 cz\u0119\u015bciowych, 17 za\u0107mie\u0144 ca\u0142kowitych, 3 za\u0107mienia hybrydowe, 23 za\u0107mienia pier\u015bcieniowe oraz 7 za\u0107mie\u0144 cz\u0119\u015bciowych [1]. Ten cykl za\u0107mie\u0144 zwi\u0105zany jest z wst\u0119puj\u0105cym w\u0119z\u0142em orbity ksi\u0119\u017cycowej.\" \/>\n<meta name=\"robots\" content=\"index, follow, max-snippet:-1, max-image-preview:large, max-video-preview:-1\" \/>\n<link rel=\"canonical\" href=\"https:\/\/cmm.imgw.pl\/?p=44866\" \/>\n<meta property=\"og:locale\" content=\"pl_PL\" \/>\n<meta property=\"og:type\" content=\"article\" \/>\n<meta property=\"og:title\" content=\"#AkademiaCMM: Za\u0107mienie S\u0142o\u0144ca 29 marca 2025 \u2013 kilka informacji.\" \/>\n<meta property=\"og:description\" content=\"W ostatni\u0105 sobot\u0119 marca z terenu naszego kraju b\u0119dzie mo\u017cna obserwowa\u0107 cz\u0119\u015bciowe za\u0107mienie S\u0142o\u0144ca. Za\u0107mienie to b\u0119dzie 21 z serii 71 za\u0107mie\u0144 w cyklu Saros 149. Cykl ten rozpocz\u0105\u0142 si\u0119 21 sierpnia 1664 roku, a zako\u0144czy 28 wrze\u015bnia 2926 roku [1]. Na 71 za\u0107mie\u0144 w 149 cyklu Sarosa sk\u0142ada si\u0119 kolejno: 21 za\u0107mie\u0144 cz\u0119\u015bciowych, 17 za\u0107mie\u0144 ca\u0142kowitych, 3 za\u0107mienia hybrydowe, 23 za\u0107mienia pier\u015bcieniowe oraz 7 za\u0107mie\u0144 cz\u0119\u015bciowych [1]. Ten cykl za\u0107mie\u0144 zwi\u0105zany jest z wst\u0119puj\u0105cym w\u0119z\u0142em orbity ksi\u0119\u017cycowej.\" \/>\n<meta property=\"og:url\" content=\"https:\/\/cmm.imgw.pl\/?p=44866\" \/>\n<meta property=\"og:site_name\" content=\"Laboratorium Modelowania Meteorologicznego CMOK IMGW-PIB\" \/>\n<meta property=\"article:publisher\" content=\"https:\/\/www.facebook.com\/Meteoimgw\/\" \/>\n<meta property=\"article:published_time\" content=\"2025-03-25T17:06:07+00:00\" \/>\n<meta property=\"article:modified_time\" content=\"2025-03-25T17:06:09+00:00\" \/>\n<meta property=\"og:image\" content=\"https:\/\/cmm.imgw.pl\/wp-content\/uploads\/2025\/10\/MODELE_LOGO_UNIFIKACJA_v2.png\" \/>\n\t<meta property=\"og:image:width\" content=\"1356\" \/>\n\t<meta property=\"og:image:height\" content=\"365\" \/>\n\t<meta property=\"og:image:type\" content=\"image\/png\" \/>\n<meta name=\"author\" content=\"CMM\" \/>\n<meta name=\"twitter:card\" content=\"summary_large_image\" \/>\n<meta name=\"twitter:title\" content=\"#AkademiaCMM: Za\u0107mienie S\u0142o\u0144ca 29 marca 2025 \u2013 kilka informacji.\" \/>\n<meta name=\"twitter:description\" content=\"W ostatni\u0105 sobot\u0119 marca z terenu naszego kraju b\u0119dzie mo\u017cna obserwowa\u0107 cz\u0119\u015bciowe za\u0107mienie S\u0142o\u0144ca. Za\u0107mienie to b\u0119dzie 21 z serii 71 za\u0107mie\u0144 w cyklu Saros 149. Cykl ten rozpocz\u0105\u0142 si\u0119 21 sierpnia 1664 roku, a zako\u0144czy 28 wrze\u015bnia 2926 roku [1]. Na 71 za\u0107mie\u0144 w 149 cyklu Sarosa sk\u0142ada si\u0119 kolejno: 21 za\u0107mie\u0144 cz\u0119\u015bciowych, 17 za\u0107mie\u0144 ca\u0142kowitych, 3 za\u0107mienia hybrydowe, 23 za\u0107mienia pier\u015bcieniowe oraz 7 za\u0107mie\u0144 cz\u0119\u015bciowych [1]. Ten cykl za\u0107mie\u0144 zwi\u0105zany jest z wst\u0119puj\u0105cym w\u0119z\u0142em orbity ksi\u0119\u017cycowej.\" \/>\n<meta name=\"twitter:creator\" content=\"@IMGW_CMM\" \/>\n<meta name=\"twitter:site\" content=\"@IMGW_CMM\" \/>\n<meta name=\"twitter:label1\" content=\"Napisane przez\" \/>\n\t<meta name=\"twitter:data1\" content=\"CMM\" \/>\n\t<meta name=\"twitter:label2\" content=\"Szacowany czas czytania\" \/>\n\t<meta name=\"twitter:data2\" content=\"1 minuta\" \/>\n<script type=\"application\/ld+json\" class=\"yoast-schema-graph\">{\"@context\":\"https:\/\/schema.org\",\"@graph\":[{\"@type\":\"Article\",\"@id\":\"https:\/\/cmm.imgw.pl\/?p=44866#article\",\"isPartOf\":{\"@id\":\"https:\/\/cmm.imgw.pl\/?p=44866\"},\"author\":{\"name\":\"CMM\",\"@id\":\"https:\/\/cmm.imgw.pl\/#\/schema\/person\/a24a37fe434fe76b0f5791e6bd3fdb46\"},\"headline\":\"#AkademiaCMM: Za\u0107mienie S\u0142o\u0144ca 29 marca 2025 \u2013 kilka informacji\",\"datePublished\":\"2025-03-25T17:06:07+00:00\",\"dateModified\":\"2025-03-25T17:06:09+00:00\",\"mainEntityOfPage\":{\"@id\":\"https:\/\/cmm.imgw.pl\/?p=44866\"},\"wordCount\":269,\"publisher\":{\"@id\":\"https:\/\/cmm.imgw.pl\/#organization\"},\"keywords\":[\"AkademiaCMM\",\"cmm\",\"imgw\",\"zacmienie\"],\"articleSection\":[\"#AkademiaCMM\",\"Info\"],\"inLanguage\":\"pl-PL\"},{\"@type\":\"WebPage\",\"@id\":\"https:\/\/cmm.imgw.pl\/?p=44866\",\"url\":\"https:\/\/cmm.imgw.pl\/?p=44866\",\"name\":\"#AkademiaCMM: Za\u0107mienie S\u0142o\u0144ca 29 marca 2025 \u2013 kilka informacji - Laboratorium Modelowania Meteorologicznego CMOK IMGW-PIB\",\"isPartOf\":{\"@id\":\"https:\/\/cmm.imgw.pl\/#website\"},\"datePublished\":\"2025-03-25T17:06:07+00:00\",\"dateModified\":\"2025-03-25T17:06:09+00:00\",\"description\":\"W ostatni\u0105 sobot\u0119 marca z terenu naszego kraju b\u0119dzie mo\u017cna obserwowa\u0107 cz\u0119\u015bciowe za\u0107mienie S\u0142o\u0144ca. Za\u0107mienie to b\u0119dzie 21 z serii 71 za\u0107mie\u0144 w cyklu Saros 149. Cykl ten rozpocz\u0105\u0142 si\u0119 21 sierpnia 1664 roku, a zako\u0144czy 28 wrze\u015bnia 2926 roku [1]. Na 71 za\u0107mie\u0144 w 149 cyklu Sarosa sk\u0142ada si\u0119 kolejno: 21 za\u0107mie\u0144 cz\u0119\u015bciowych, 17 za\u0107mie\u0144 ca\u0142kowitych, 3 za\u0107mienia hybrydowe, 23 za\u0107mienia pier\u015bcieniowe oraz 7 za\u0107mie\u0144 cz\u0119\u015bciowych [1]. Ten cykl za\u0107mie\u0144 zwi\u0105zany jest z wst\u0119puj\u0105cym w\u0119z\u0142em orbity ksi\u0119\u017cycowej.\",\"breadcrumb\":{\"@id\":\"https:\/\/cmm.imgw.pl\/?p=44866#breadcrumb\"},\"inLanguage\":\"pl-PL\",\"potentialAction\":[{\"@type\":\"ReadAction\",\"target\":[\"https:\/\/cmm.imgw.pl\/?p=44866\"]}]},{\"@type\":\"BreadcrumbList\",\"@id\":\"https:\/\/cmm.imgw.pl\/?p=44866#breadcrumb\",\"itemListElement\":[{\"@type\":\"ListItem\",\"position\":1,\"name\":\"Home\",\"item\":\"https:\/\/cmm.imgw.pl\/\"},{\"@type\":\"ListItem\",\"position\":2,\"name\":\"#AkademiaCMM: Za\u0107mienie S\u0142o\u0144ca 29 marca 2025 \u2013 kilka informacji\"}]},{\"@type\":\"WebSite\",\"@id\":\"https:\/\/cmm.imgw.pl\/#website\",\"url\":\"https:\/\/cmm.imgw.pl\/\",\"name\":\"Laboratorium Modelowania Meteorologicznego CMOK IMGW-PIB\",\"description\":\"CMOK-LMM Laboratorium pe\u0142ni pa\u0144stwow\u0105 s\u0142u\u017cb\u0119 hydrologiczno-meteorologiczn\u0105 w zakresie numerycznych prognoz pogody, kt\u00f3rego zadaniem jest konsolidacja kompetencji w obszarze modelowania zjawisk pogodowych oraz dalszego rozwoju numerycznych modeli pogody (NMP).\",\"publisher\":{\"@id\":\"https:\/\/cmm.imgw.pl\/#organization\"},\"potentialAction\":[{\"@type\":\"SearchAction\",\"target\":{\"@type\":\"EntryPoint\",\"urlTemplate\":\"https:\/\/cmm.imgw.pl\/?s={search_term_string}\"},\"query-input\":\"required name=search_term_string\"}],\"inLanguage\":\"pl-PL\"},{\"@type\":\"Organization\",\"@id\":\"https:\/\/cmm.imgw.pl\/#organization\",\"name\":\"Laboratorium Modelowania Meteorologicznego CMOK IMGW-PIB\",\"url\":\"https:\/\/cmm.imgw.pl\/\",\"sameAs\":[\"https:\/\/www.facebook.com\/Meteoimgw\/\",\"https:\/\/twitter.com\/IMGW_CMM\"],\"logo\":{\"@type\":\"ImageObject\",\"inLanguage\":\"pl-PL\",\"@id\":\"https:\/\/cmm.imgw.pl\/#\/schema\/logo\/image\/\",\"url\":\"https:\/\/cmm.imgw.pl\/wp-content\/uploads\/2025\/10\/MODELE_LOGO_UNIFIKACJA_v2.png\",\"contentUrl\":\"https:\/\/cmm.imgw.pl\/wp-content\/uploads\/2025\/10\/MODELE_LOGO_UNIFIKACJA_v2.png\",\"width\":1356,\"height\":365,\"caption\":\"Laboratorium Modelowania Meteorologicznego CMOK IMGW-PIB\"},\"image\":{\"@id\":\"https:\/\/cmm.imgw.pl\/#\/schema\/logo\/image\/\"}},{\"@type\":\"Person\",\"@id\":\"https:\/\/cmm.imgw.pl\/#\/schema\/person\/a24a37fe434fe76b0f5791e6bd3fdb46\",\"name\":\"CMM\",\"image\":{\"@type\":\"ImageObject\",\"inLanguage\":\"pl-PL\",\"@id\":\"https:\/\/cmm.imgw.pl\/#\/schema\/person\/image\/\",\"url\":\"https:\/\/secure.gravatar.com\/avatar\/9248ea2273711f1cd09d6bd45867dbfb?s=96&d=blank&r=g\",\"contentUrl\":\"https:\/\/secure.gravatar.com\/avatar\/9248ea2273711f1cd09d6bd45867dbfb?s=96&d=blank&r=g\",\"caption\":\"CMM\"},\"sameAs\":[\"http:\/\/cmm.imgw.pl\"],\"url\":\"https:\/\/cmm.imgw.pl\/?author=3\"}]}<\/script>\n<!-- \/ Yoast SEO plugin. -->","yoast_head_json":{"title":"#AkademiaCMM: Za\u0107mienie S\u0142o\u0144ca 29 marca 2025 \u2013 kilka informacji - Laboratorium Modelowania Meteorologicznego CMOK IMGW-PIB","description":"W ostatni\u0105 sobot\u0119 marca z terenu naszego kraju b\u0119dzie mo\u017cna obserwowa\u0107 cz\u0119\u015bciowe za\u0107mienie S\u0142o\u0144ca. Za\u0107mienie to b\u0119dzie 21 z serii 71 za\u0107mie\u0144 w cyklu Saros 149. Cykl ten rozpocz\u0105\u0142 si\u0119 21 sierpnia 1664 roku, a zako\u0144czy 28 wrze\u015bnia 2926 roku [1]. Na 71 za\u0107mie\u0144 w 149 cyklu Sarosa sk\u0142ada si\u0119 kolejno: 21 za\u0107mie\u0144 cz\u0119\u015bciowych, 17 za\u0107mie\u0144 ca\u0142kowitych, 3 za\u0107mienia hybrydowe, 23 za\u0107mienia pier\u015bcieniowe oraz 7 za\u0107mie\u0144 cz\u0119\u015bciowych [1]. Ten cykl za\u0107mie\u0144 zwi\u0105zany jest z wst\u0119puj\u0105cym w\u0119z\u0142em orbity ksi\u0119\u017cycowej.","robots":{"index":"index","follow":"follow","max-snippet":"max-snippet:-1","max-image-preview":"max-image-preview:large","max-video-preview":"max-video-preview:-1"},"canonical":"https:\/\/cmm.imgw.pl\/?p=44866","og_locale":"pl_PL","og_type":"article","og_title":"#AkademiaCMM: Za\u0107mienie S\u0142o\u0144ca 29 marca 2025 \u2013 kilka informacji.","og_description":"W ostatni\u0105 sobot\u0119 marca z terenu naszego kraju b\u0119dzie mo\u017cna obserwowa\u0107 cz\u0119\u015bciowe za\u0107mienie S\u0142o\u0144ca. Za\u0107mienie to b\u0119dzie 21 z serii 71 za\u0107mie\u0144 w cyklu Saros 149. Cykl ten rozpocz\u0105\u0142 si\u0119 21 sierpnia 1664 roku, a zako\u0144czy 28 wrze\u015bnia 2926 roku [1]. Na 71 za\u0107mie\u0144 w 149 cyklu Sarosa sk\u0142ada si\u0119 kolejno: 21 za\u0107mie\u0144 cz\u0119\u015bciowych, 17 za\u0107mie\u0144 ca\u0142kowitych, 3 za\u0107mienia hybrydowe, 23 za\u0107mienia pier\u015bcieniowe oraz 7 za\u0107mie\u0144 cz\u0119\u015bciowych [1]. Ten cykl za\u0107mie\u0144 zwi\u0105zany jest z wst\u0119puj\u0105cym w\u0119z\u0142em orbity ksi\u0119\u017cycowej.","og_url":"https:\/\/cmm.imgw.pl\/?p=44866","og_site_name":"Laboratorium Modelowania Meteorologicznego CMOK IMGW-PIB","article_publisher":"https:\/\/www.facebook.com\/Meteoimgw\/","article_published_time":"2025-03-25T17:06:07+00:00","article_modified_time":"2025-03-25T17:06:09+00:00","og_image":[{"width":1356,"height":365,"url":"https:\/\/cmm.imgw.pl\/wp-content\/uploads\/2025\/10\/MODELE_LOGO_UNIFIKACJA_v2.png","type":"image\/png"}],"author":"CMM","twitter_card":"summary_large_image","twitter_title":"#AkademiaCMM: Za\u0107mienie S\u0142o\u0144ca 29 marca 2025 \u2013 kilka informacji.","twitter_description":"W ostatni\u0105 sobot\u0119 marca z terenu naszego kraju b\u0119dzie mo\u017cna obserwowa\u0107 cz\u0119\u015bciowe za\u0107mienie S\u0142o\u0144ca. Za\u0107mienie to b\u0119dzie 21 z serii 71 za\u0107mie\u0144 w cyklu Saros 149. Cykl ten rozpocz\u0105\u0142 si\u0119 21 sierpnia 1664 roku, a zako\u0144czy 28 wrze\u015bnia 2926 roku [1]. Na 71 za\u0107mie\u0144 w 149 cyklu Sarosa sk\u0142ada si\u0119 kolejno: 21 za\u0107mie\u0144 cz\u0119\u015bciowych, 17 za\u0107mie\u0144 ca\u0142kowitych, 3 za\u0107mienia hybrydowe, 23 za\u0107mienia pier\u015bcieniowe oraz 7 za\u0107mie\u0144 cz\u0119\u015bciowych [1]. Ten cykl za\u0107mie\u0144 zwi\u0105zany jest z wst\u0119puj\u0105cym w\u0119z\u0142em orbity ksi\u0119\u017cycowej.","twitter_creator":"@IMGW_CMM","twitter_site":"@IMGW_CMM","twitter_misc":{"Napisane przez":"CMM","Szacowany czas czytania":"1 minuta"},"schema":{"@context":"https:\/\/schema.org","@graph":[{"@type":"Article","@id":"https:\/\/cmm.imgw.pl\/?p=44866#article","isPartOf":{"@id":"https:\/\/cmm.imgw.pl\/?p=44866"},"author":{"name":"CMM","@id":"https:\/\/cmm.imgw.pl\/#\/schema\/person\/a24a37fe434fe76b0f5791e6bd3fdb46"},"headline":"#AkademiaCMM: Za\u0107mienie S\u0142o\u0144ca 29 marca 2025 \u2013 kilka informacji","datePublished":"2025-03-25T17:06:07+00:00","dateModified":"2025-03-25T17:06:09+00:00","mainEntityOfPage":{"@id":"https:\/\/cmm.imgw.pl\/?p=44866"},"wordCount":269,"publisher":{"@id":"https:\/\/cmm.imgw.pl\/#organization"},"keywords":["AkademiaCMM","cmm","imgw","zacmienie"],"articleSection":["#AkademiaCMM","Info"],"inLanguage":"pl-PL"},{"@type":"WebPage","@id":"https:\/\/cmm.imgw.pl\/?p=44866","url":"https:\/\/cmm.imgw.pl\/?p=44866","name":"#AkademiaCMM: Za\u0107mienie S\u0142o\u0144ca 29 marca 2025 \u2013 kilka informacji - Laboratorium Modelowania Meteorologicznego CMOK IMGW-PIB","isPartOf":{"@id":"https:\/\/cmm.imgw.pl\/#website"},"datePublished":"2025-03-25T17:06:07+00:00","dateModified":"2025-03-25T17:06:09+00:00","description":"W ostatni\u0105 sobot\u0119 marca z terenu naszego kraju b\u0119dzie mo\u017cna obserwowa\u0107 cz\u0119\u015bciowe za\u0107mienie S\u0142o\u0144ca. Za\u0107mienie to b\u0119dzie 21 z serii 71 za\u0107mie\u0144 w cyklu Saros 149. Cykl ten rozpocz\u0105\u0142 si\u0119 21 sierpnia 1664 roku, a zako\u0144czy 28 wrze\u015bnia 2926 roku [1]. Na 71 za\u0107mie\u0144 w 149 cyklu Sarosa sk\u0142ada si\u0119 kolejno: 21 za\u0107mie\u0144 cz\u0119\u015bciowych, 17 za\u0107mie\u0144 ca\u0142kowitych, 3 za\u0107mienia hybrydowe, 23 za\u0107mienia pier\u015bcieniowe oraz 7 za\u0107mie\u0144 cz\u0119\u015bciowych [1]. Ten cykl za\u0107mie\u0144 zwi\u0105zany jest z wst\u0119puj\u0105cym w\u0119z\u0142em orbity ksi\u0119\u017cycowej.","breadcrumb":{"@id":"https:\/\/cmm.imgw.pl\/?p=44866#breadcrumb"},"inLanguage":"pl-PL","potentialAction":[{"@type":"ReadAction","target":["https:\/\/cmm.imgw.pl\/?p=44866"]}]},{"@type":"BreadcrumbList","@id":"https:\/\/cmm.imgw.pl\/?p=44866#breadcrumb","itemListElement":[{"@type":"ListItem","position":1,"name":"Home","item":"https:\/\/cmm.imgw.pl\/"},{"@type":"ListItem","position":2,"name":"#AkademiaCMM: Za\u0107mienie S\u0142o\u0144ca 29 marca 2025 \u2013 kilka informacji"}]},{"@type":"WebSite","@id":"https:\/\/cmm.imgw.pl\/#website","url":"https:\/\/cmm.imgw.pl\/","name":"Laboratorium Modelowania Meteorologicznego CMOK IMGW-PIB","description":"CMOK-LMM Laboratorium pe\u0142ni pa\u0144stwow\u0105 s\u0142u\u017cb\u0119 hydrologiczno-meteorologiczn\u0105 w zakresie numerycznych prognoz pogody, kt\u00f3rego zadaniem jest konsolidacja kompetencji w obszarze modelowania zjawisk pogodowych oraz dalszego rozwoju numerycznych modeli pogody (NMP).","publisher":{"@id":"https:\/\/cmm.imgw.pl\/#organization"},"potentialAction":[{"@type":"SearchAction","target":{"@type":"EntryPoint","urlTemplate":"https:\/\/cmm.imgw.pl\/?s={search_term_string}"},"query-input":"required name=search_term_string"}],"inLanguage":"pl-PL"},{"@type":"Organization","@id":"https:\/\/cmm.imgw.pl\/#organization","name":"Laboratorium Modelowania Meteorologicznego CMOK IMGW-PIB","url":"https:\/\/cmm.imgw.pl\/","sameAs":["https:\/\/www.facebook.com\/Meteoimgw\/","https:\/\/twitter.com\/IMGW_CMM"],"logo":{"@type":"ImageObject","inLanguage":"pl-PL","@id":"https:\/\/cmm.imgw.pl\/#\/schema\/logo\/image\/","url":"https:\/\/cmm.imgw.pl\/wp-content\/uploads\/2025\/10\/MODELE_LOGO_UNIFIKACJA_v2.png","contentUrl":"https:\/\/cmm.imgw.pl\/wp-content\/uploads\/2025\/10\/MODELE_LOGO_UNIFIKACJA_v2.png","width":1356,"height":365,"caption":"Laboratorium Modelowania Meteorologicznego CMOK IMGW-PIB"},"image":{"@id":"https:\/\/cmm.imgw.pl\/#\/schema\/logo\/image\/"}},{"@type":"Person","@id":"https:\/\/cmm.imgw.pl\/#\/schema\/person\/a24a37fe434fe76b0f5791e6bd3fdb46","name":"CMM","image":{"@type":"ImageObject","inLanguage":"pl-PL","@id":"https:\/\/cmm.imgw.pl\/#\/schema\/person\/image\/","url":"https:\/\/secure.gravatar.com\/avatar\/9248ea2273711f1cd09d6bd45867dbfb?s=96&d=blank&r=g","contentUrl":"https:\/\/secure.gravatar.com\/avatar\/9248ea2273711f1cd09d6bd45867dbfb?s=96&d=blank&r=g","caption":"CMM"},"sameAs":["http:\/\/cmm.imgw.pl"],"url":"https:\/\/cmm.imgw.pl\/?author=3"}]}},"_links":{"self":[{"href":"https:\/\/cmm.imgw.pl\/index.php?rest_route=\/wp\/v2\/posts\/44866"}],"collection":[{"href":"https:\/\/cmm.imgw.pl\/index.php?rest_route=\/wp\/v2\/posts"}],"about":[{"href":"https:\/\/cmm.imgw.pl\/index.php?rest_route=\/wp\/v2\/types\/post"}],"author":[{"embeddable":true,"href":"https:\/\/cmm.imgw.pl\/index.php?rest_route=\/wp\/v2\/users\/3"}],"replies":[{"embeddable":true,"href":"https:\/\/cmm.imgw.pl\/index.php?rest_route=%2Fwp%2Fv2%2Fcomments&post=44866"}],"version-history":[{"count":1,"href":"https:\/\/cmm.imgw.pl\/index.php?rest_route=\/wp\/v2\/posts\/44866\/revisions"}],"predecessor-version":[{"id":44867,"href":"https:\/\/cmm.imgw.pl\/index.php?rest_route=\/wp\/v2\/posts\/44866\/revisions\/44867"}],"wp:attachment":[{"href":"https:\/\/cmm.imgw.pl\/index.php?rest_route=%2Fwp%2Fv2%2Fmedia&parent=44866"}],"wp:term":[{"taxonomy":"category","embeddable":true,"href":"https:\/\/cmm.imgw.pl\/index.php?rest_route=%2Fwp%2Fv2%2Fcategories&post=44866"},{"taxonomy":"post_tag","embeddable":true,"href":"https:\/\/cmm.imgw.pl\/index.php?rest_route=%2Fwp%2Fv2%2Ftags&post=44866"}],"curies":[{"name":"wp","href":"https:\/\/api.w.org\/{rel}","templated":true}]}}