{"id":44834,"date":"2025-03-13T22:19:39","date_gmt":"2025-03-13T21:19:39","guid":{"rendered":"https:\/\/cmm.imgw.pl\/?p=44834"},"modified":"2025-03-13T22:19:40","modified_gmt":"2025-03-13T21:19:40","slug":"accord-i-rc-lace-w-polsce-w-jakim-kierunku-rozwijac-numeryczne-modele-pogody","status":"publish","type":"post","link":"https:\/\/cmm.imgw.pl\/?p=44834","title":{"rendered":"ACCORD i RC LACE w Polsce \u2013 w jakim kierunku rozwija\u0107 numeryczne modele pogody?"},"content":{"rendered":"<div class=\"wp-block-image\">\n<figure class=\"aligncenter size-full\"><img loading=\"lazy\" width=\"788\" height=\"528\" src=\"https:\/\/cmm.imgw.pl\/wp-content\/uploads\/2025\/03\/image.png\" alt=\"\" class=\"wp-image-44835\" srcset=\"https:\/\/cmm.imgw.pl\/wp-content\/uploads\/2025\/03\/image.png 788w, https:\/\/cmm.imgw.pl\/wp-content\/uploads\/2025\/03\/image-300x201.png 300w, https:\/\/cmm.imgw.pl\/wp-content\/uploads\/2025\/03\/image-768x515.png 768w\" sizes=\"(max-width: 788px) 100vw, 788px\" \/><\/figure><\/div>\n\n\n<p><strong>W dniach 3-7 marca 2025 roku odby\u0142y si\u0119 dwie mi\u0119dzynarodowe konferencje konsorcj\u00f3w ACCORD i RC LACE. Go\u015b\u0107mi IMGW-PIB w Krakowie byli naukowcy z Czech, S\u0142owacji, Austrii, W\u0119gier, S\u0142owenii, Chorwacji, Niemiec, Belgii, Hiszpanii i Francji, zajmuj\u0105cy si\u0119 doskonaleniem numerycznych modeli pogody.<\/strong><\/p>\n\n\n\n<p>\u201eALARO working days\u201d odbywa si\u0119 cyklicznie co dwa, trzy lata, a celem wydarzenia jest podsumowanie prac nad modelem ALARO oraz wskazanie nowych kierunk\u00f3w bada\u0144 i nawi\u0105zanie dalszej wsp\u00f3\u0142pracy mi\u0119dzynarodowej. Z kolei organizowane co p\u00f3\u0142 roku \u201eLACE steeting committee meeting\u201d s\u0142u\u017cy om\u00f3wieniu spraw bie\u017c\u0105cych w konsorcjum RC-LACE, przedstawieniu aktualnego stanu prac badawczych i zaplanowaniu dalszych dzia\u0142a\u0144.<\/p>\n\n\n\n<p>Podczas tegorocznych konferencji prezentacje wyg\u0142osili liderzy grup zajmuj\u0105cych si\u0119 fizyk\u0105, dynamik\u0105, asymilacj\u0105 danych, prognozami wi\u0105zkowymi, weryfikacj\u0105 modeli, a tak\u017ce osoby odpowiedzialne za operacyjne utrzymanie wymiany danych pomi\u0119dzy pa\u0144stwami cz\u0142onkowskimi konsorcjum. Swoje wyst\u0105pienia mieli r\u00f3wnie\u017c naukowcy zajmuj\u0105cy si\u0119 poszczeg\u00f3lnymi dziedzinami numerycznych modeli pogody. Przedstawiciele wszystkich kraj\u00f3w cz\u0142onkowskich konsorcjum RC LACE podzielili si\u0119 te\u017c swoimi do\u015bwiadczeniami w operacyjnym wykorzystaniu modelu ALARO.<\/p>\n\n\n\n<p>IMGW-PIB reprezentowali pracownicy Zak\u0142adu Prognoz Numerycznych ALADIN, kt\u00f3rzy wyg\u0142osili prelekcje na temat:<br>\u2022 ALARO operational experience in PL (Ma\u0142gorzata Szcz\u0119ch-Gajewska).<br>\u2022 Increasing number of members in ensemble systems. Results of tests with ALARO and Fourcastnet (dr Bogdan Bochenek ).<br>\u2022 Use of CAMS atmospheric aerosols in ALARO model (dr Piotr Seku\u0142a).<br>\u2022 Towards improved coupling and initialization of snow in ALARO+SURFEX (Gabriel Stachura).<\/p>\n","protected":false},"excerpt":{"rendered":"<p>W dniach 3-7 marca 2025 roku odby\u0142y si\u0119 dwie mi\u0119dzynarodowe konferencje konsorcj\u00f3w ACCORD i RC LACE. Go\u015b\u0107mi IMGW-PIB w Krakowie byli naukowcy z Czech, S\u0142owacji, Austrii, W\u0119gier, S\u0142owenii, Chorwacji, Niemiec, Belgii, Hiszpanii i Francji, zajmuj\u0105cy si\u0119 doskonaleniem numerycznych modeli pogody.<\/p>\n","protected":false},"author":3,"featured_media":0,"comment_status":"closed","ping_status":"open","sticky":false,"template":"","format":"standard","meta":{"ocean_post_layout":"","ocean_both_sidebars_style":"","ocean_both_sidebars_content_width":0,"ocean_both_sidebars_sidebars_width":0,"ocean_sidebar":"","ocean_second_sidebar":"","ocean_disable_margins":"enable","ocean_add_body_class":"","ocean_shortcode_before_top_bar":"","ocean_shortcode_after_top_bar":"","ocean_shortcode_before_header":"","ocean_shortcode_after_header":"","ocean_has_shortcode":"","ocean_shortcode_after_title":"","ocean_shortcode_before_footer_widgets":"","ocean_shortcode_after_footer_widgets":"","ocean_shortcode_before_footer_bottom":"","ocean_shortcode_after_footer_bottom":"","ocean_display_top_bar":"default","ocean_display_header":"default","ocean_header_style":"","ocean_center_header_left_menu":"","ocean_custom_header_template":"","ocean_custom_logo":0,"ocean_custom_retina_logo":0,"ocean_custom_logo_max_width":0,"ocean_custom_logo_tablet_max_width":0,"ocean_custom_logo_mobile_max_width":0,"ocean_custom_logo_max_height":0,"ocean_custom_logo_tablet_max_height":0,"ocean_custom_logo_mobile_max_height":0,"ocean_header_custom_menu":"","ocean_menu_typo_font_family":"","ocean_menu_typo_font_subset":"","ocean_menu_typo_font_size":0,"ocean_menu_typo_font_size_tablet":0,"ocean_menu_typo_font_size_mobile":0,"ocean_menu_typo_font_size_unit":"px","ocean_menu_typo_font_weight":"","ocean_menu_typo_font_weight_tablet":"","ocean_menu_typo_font_weight_mobile":"","ocean_menu_typo_transform":"","ocean_menu_typo_transform_tablet":"","ocean_menu_typo_transform_mobile":"","ocean_menu_typo_line_height":0,"ocean_menu_typo_line_height_tablet":0,"ocean_menu_typo_line_height_mobile":0,"ocean_menu_typo_line_height_unit":"","ocean_menu_typo_spacing":0,"ocean_menu_typo_spacing_tablet":0,"ocean_menu_typo_spacing_mobile":0,"ocean_menu_typo_spacing_unit":"","ocean_menu_link_color":"","ocean_menu_link_color_hover":"","ocean_menu_link_color_active":"","ocean_menu_link_background":"","ocean_menu_link_hover_background":"","ocean_menu_link_active_background":"","ocean_menu_social_links_bg":"","ocean_menu_social_hover_links_bg":"","ocean_menu_social_links_color":"","ocean_menu_social_hover_links_color":"","ocean_disable_title":"default","ocean_disable_heading":"default","ocean_post_title":"","ocean_post_subheading":"","ocean_post_title_style":"","ocean_post_title_background_color":"","ocean_post_title_background":0,"ocean_post_title_bg_image_position":"","ocean_post_title_bg_image_attachment":"","ocean_post_title_bg_image_repeat":"","ocean_post_title_bg_image_size":"","ocean_post_title_height":0,"ocean_post_title_bg_overlay":0.5,"ocean_post_title_bg_overlay_color":"","ocean_disable_breadcrumbs":"default","ocean_breadcrumbs_color":"","ocean_breadcrumbs_separator_color":"","ocean_breadcrumbs_links_color":"","ocean_breadcrumbs_links_hover_color":"","ocean_display_footer_widgets":"default","ocean_display_footer_bottom":"default","ocean_custom_footer_template":"","ocean_post_oembed":"","ocean_post_self_hosted_media":"","ocean_post_video_embed":"","ocean_link_format":"","ocean_link_format_target":"self","ocean_quote_format":"","ocean_quote_format_link":"post","ocean_gallery_link_images":"on","ocean_gallery_id":[]},"categories":[137],"tags":[430,68,85,230,349,432,76,69,433,71,431],"yoast_head":"<!-- This site is optimized with the Yoast SEO plugin v19.5.1 - https:\/\/yoast.com\/wordpress\/plugins\/seo\/ -->\n<title>ACCORD i RC LACE w Polsce \u2013 w jakim kierunku rozwija\u0107 numeryczne modele pogody? - Laboratorium Modelowania Meteorologicznego CMOK IMGW-PIB<\/title>\n<meta name=\"description\" content=\"W dniach 3-7 marca 2025 roku odby\u0142y si\u0119 dwie mi\u0119dzynarodowe konferencje konsorcj\u00f3w ACCORD i RC LACE. Go\u015b\u0107mi IMGW-PIB w Krakowie.\" \/>\n<meta name=\"robots\" content=\"index, follow, max-snippet:-1, max-image-preview:large, max-video-preview:-1\" \/>\n<link rel=\"canonical\" href=\"https:\/\/cmm.imgw.pl\/?p=44834\" \/>\n<meta property=\"og:locale\" content=\"pl_PL\" \/>\n<meta property=\"og:type\" content=\"article\" \/>\n<meta property=\"og:title\" content=\"ACCORD i RC LACE w Polsce \u2013 w jakim kierunku rozwija\u0107 numeryczne modele pogody?\" \/>\n<meta property=\"og:description\" content=\"W dniach 3-7 marca 2025 roku odby\u0142y si\u0119 dwie mi\u0119dzynarodowe konferencje konsorcj\u00f3w ACCORD i RC LACE. Go\u015b\u0107mi IMGW-PIB w Krakowie.\" \/>\n<meta property=\"og:url\" content=\"https:\/\/cmm.imgw.pl\/?p=44834\" \/>\n<meta property=\"og:site_name\" content=\"Laboratorium Modelowania Meteorologicznego CMOK IMGW-PIB\" \/>\n<meta property=\"article:publisher\" content=\"https:\/\/www.facebook.com\/Meteoimgw\/\" \/>\n<meta property=\"article:published_time\" content=\"2025-03-13T21:19:39+00:00\" \/>\n<meta property=\"article:modified_time\" content=\"2025-03-13T21:19:40+00:00\" \/>\n<meta property=\"og:image\" content=\"http:\/\/cmm.imgw.pl\/wp-content\/uploads\/2025\/03\/image.png\" \/>\n\t<meta property=\"og:image:width\" content=\"788\" \/>\n\t<meta property=\"og:image:height\" content=\"528\" \/>\n\t<meta property=\"og:image:type\" content=\"image\/png\" \/>\n<meta name=\"author\" content=\"CMM\" \/>\n<meta name=\"twitter:card\" content=\"summary_large_image\" \/>\n<meta name=\"twitter:title\" content=\"ACCORD i RC LACE w Polsce \u2013 w jakim kierunku rozwija\u0107 numeryczne modele pogody?\" \/>\n<meta name=\"twitter:description\" content=\"W dniach 3-7 marca 2025 roku odby\u0142y si\u0119 dwie mi\u0119dzynarodowe konferencje konsorcj\u00f3w ACCORD i RC LACE. Go\u015b\u0107mi IMGW-PIB w Krakowie.\" \/>\n<meta name=\"twitter:image\" content=\"https:\/\/cmm.imgw.pl\/wp-content\/uploads\/2025\/03\/image.png\" \/>\n<meta name=\"twitter:creator\" content=\"@IMGW_CMM\" \/>\n<meta name=\"twitter:site\" content=\"@IMGW_CMM\" \/>\n<meta name=\"twitter:label1\" content=\"Napisane przez\" \/>\n\t<meta name=\"twitter:data1\" content=\"CMM\" \/>\n\t<meta name=\"twitter:label2\" content=\"Szacowany czas czytania\" \/>\n\t<meta name=\"twitter:data2\" content=\"1 minuta\" \/>\n<script type=\"application\/ld+json\" class=\"yoast-schema-graph\">{\"@context\":\"https:\/\/schema.org\",\"@graph\":[{\"@type\":\"Article\",\"@id\":\"https:\/\/cmm.imgw.pl\/?p=44834#article\",\"isPartOf\":{\"@id\":\"https:\/\/cmm.imgw.pl\/?p=44834\"},\"author\":{\"name\":\"CMM\",\"@id\":\"https:\/\/cmm.imgw.pl\/#\/schema\/person\/a24a37fe434fe76b0f5791e6bd3fdb46\"},\"headline\":\"ACCORD i RC LACE w Polsce \u2013 w jakim kierunku rozwija\u0107 numeryczne modele pogody?\",\"datePublished\":\"2025-03-13T21:19:39+00:00\",\"dateModified\":\"2025-03-13T21:19:40+00:00\",\"mainEntityOfPage\":{\"@id\":\"https:\/\/cmm.imgw.pl\/?p=44834\"},\"wordCount\":262,\"publisher\":{\"@id\":\"https:\/\/cmm.imgw.pl\/#organization\"},\"keywords\":[\"ACCORD\",\"cmm\",\"imgw\",\"IMGWCMM\",\"konferencja\",\"LACE\",\"meteorologia\",\"modele\",\"numeryczne\",\"pogoda\",\"RC\"],\"articleSection\":[\"Info\"],\"inLanguage\":\"pl-PL\"},{\"@type\":\"WebPage\",\"@id\":\"https:\/\/cmm.imgw.pl\/?p=44834\",\"url\":\"https:\/\/cmm.imgw.pl\/?p=44834\",\"name\":\"ACCORD i RC LACE w Polsce \u2013 w jakim kierunku rozwija\u0107 numeryczne modele pogody? - Laboratorium Modelowania Meteorologicznego CMOK IMGW-PIB\",\"isPartOf\":{\"@id\":\"https:\/\/cmm.imgw.pl\/#website\"},\"datePublished\":\"2025-03-13T21:19:39+00:00\",\"dateModified\":\"2025-03-13T21:19:40+00:00\",\"description\":\"W dniach 3-7 marca 2025 roku odby\u0142y si\u0119 dwie mi\u0119dzynarodowe konferencje konsorcj\u00f3w ACCORD i RC LACE. Go\u015b\u0107mi IMGW-PIB w Krakowie.\",\"breadcrumb\":{\"@id\":\"https:\/\/cmm.imgw.pl\/?p=44834#breadcrumb\"},\"inLanguage\":\"pl-PL\",\"potentialAction\":[{\"@type\":\"ReadAction\",\"target\":[\"https:\/\/cmm.imgw.pl\/?p=44834\"]}]},{\"@type\":\"BreadcrumbList\",\"@id\":\"https:\/\/cmm.imgw.pl\/?p=44834#breadcrumb\",\"itemListElement\":[{\"@type\":\"ListItem\",\"position\":1,\"name\":\"Home\",\"item\":\"https:\/\/cmm.imgw.pl\/\"},{\"@type\":\"ListItem\",\"position\":2,\"name\":\"ACCORD i RC LACE w Polsce \u2013 w jakim kierunku rozwija\u0107 numeryczne modele pogody?\"}]},{\"@type\":\"WebSite\",\"@id\":\"https:\/\/cmm.imgw.pl\/#website\",\"url\":\"https:\/\/cmm.imgw.pl\/\",\"name\":\"Laboratorium Modelowania Meteorologicznego CMOK IMGW-PIB\",\"description\":\"CMOK-LMM Laboratorium pe\u0142ni pa\u0144stwow\u0105 s\u0142u\u017cb\u0119 hydrologiczno-meteorologiczn\u0105 w zakresie numerycznych prognoz pogody, kt\u00f3rego zadaniem jest konsolidacja kompetencji w obszarze modelowania zjawisk pogodowych oraz dalszego rozwoju numerycznych modeli pogody (NMP).\",\"publisher\":{\"@id\":\"https:\/\/cmm.imgw.pl\/#organization\"},\"potentialAction\":[{\"@type\":\"SearchAction\",\"target\":{\"@type\":\"EntryPoint\",\"urlTemplate\":\"https:\/\/cmm.imgw.pl\/?s={search_term_string}\"},\"query-input\":\"required name=search_term_string\"}],\"inLanguage\":\"pl-PL\"},{\"@type\":\"Organization\",\"@id\":\"https:\/\/cmm.imgw.pl\/#organization\",\"name\":\"Laboratorium Modelowania Meteorologicznego CMOK IMGW-PIB\",\"url\":\"https:\/\/cmm.imgw.pl\/\",\"sameAs\":[\"https:\/\/www.facebook.com\/Meteoimgw\/\",\"https:\/\/twitter.com\/IMGW_CMM\"],\"logo\":{\"@type\":\"ImageObject\",\"inLanguage\":\"pl-PL\",\"@id\":\"https:\/\/cmm.imgw.pl\/#\/schema\/logo\/image\/\",\"url\":\"https:\/\/cmm.imgw.pl\/wp-content\/uploads\/2025\/10\/MODELE_LOGO_UNIFIKACJA_v2.png\",\"contentUrl\":\"https:\/\/cmm.imgw.pl\/wp-content\/uploads\/2025\/10\/MODELE_LOGO_UNIFIKACJA_v2.png\",\"width\":1356,\"height\":365,\"caption\":\"Laboratorium Modelowania Meteorologicznego CMOK IMGW-PIB\"},\"image\":{\"@id\":\"https:\/\/cmm.imgw.pl\/#\/schema\/logo\/image\/\"}},{\"@type\":\"Person\",\"@id\":\"https:\/\/cmm.imgw.pl\/#\/schema\/person\/a24a37fe434fe76b0f5791e6bd3fdb46\",\"name\":\"CMM\",\"image\":{\"@type\":\"ImageObject\",\"inLanguage\":\"pl-PL\",\"@id\":\"https:\/\/cmm.imgw.pl\/#\/schema\/person\/image\/\",\"url\":\"https:\/\/secure.gravatar.com\/avatar\/9248ea2273711f1cd09d6bd45867dbfb?s=96&d=blank&r=g\",\"contentUrl\":\"https:\/\/secure.gravatar.com\/avatar\/9248ea2273711f1cd09d6bd45867dbfb?s=96&d=blank&r=g\",\"caption\":\"CMM\"},\"sameAs\":[\"http:\/\/cmm.imgw.pl\"],\"url\":\"https:\/\/cmm.imgw.pl\/?author=3\"}]}<\/script>\n<!-- \/ Yoast SEO plugin. -->","yoast_head_json":{"title":"ACCORD i RC LACE w Polsce \u2013 w jakim kierunku rozwija\u0107 numeryczne modele pogody? - Laboratorium Modelowania Meteorologicznego CMOK IMGW-PIB","description":"W dniach 3-7 marca 2025 roku odby\u0142y si\u0119 dwie mi\u0119dzynarodowe konferencje konsorcj\u00f3w ACCORD i RC LACE. Go\u015b\u0107mi IMGW-PIB w Krakowie.","robots":{"index":"index","follow":"follow","max-snippet":"max-snippet:-1","max-image-preview":"max-image-preview:large","max-video-preview":"max-video-preview:-1"},"canonical":"https:\/\/cmm.imgw.pl\/?p=44834","og_locale":"pl_PL","og_type":"article","og_title":"ACCORD i RC LACE w Polsce \u2013 w jakim kierunku rozwija\u0107 numeryczne modele pogody?","og_description":"W dniach 3-7 marca 2025 roku odby\u0142y si\u0119 dwie mi\u0119dzynarodowe konferencje konsorcj\u00f3w ACCORD i RC LACE. Go\u015b\u0107mi IMGW-PIB w Krakowie.","og_url":"https:\/\/cmm.imgw.pl\/?p=44834","og_site_name":"Laboratorium Modelowania Meteorologicznego CMOK IMGW-PIB","article_publisher":"https:\/\/www.facebook.com\/Meteoimgw\/","article_published_time":"2025-03-13T21:19:39+00:00","article_modified_time":"2025-03-13T21:19:40+00:00","og_image":[{"width":788,"height":528,"url":"http:\/\/cmm.imgw.pl\/wp-content\/uploads\/2025\/03\/image.png","type":"image\/png"}],"author":"CMM","twitter_card":"summary_large_image","twitter_title":"ACCORD i RC LACE w Polsce \u2013 w jakim kierunku rozwija\u0107 numeryczne modele pogody?","twitter_description":"W dniach 3-7 marca 2025 roku odby\u0142y si\u0119 dwie mi\u0119dzynarodowe konferencje konsorcj\u00f3w ACCORD i RC LACE. Go\u015b\u0107mi IMGW-PIB w Krakowie.","twitter_image":"https:\/\/cmm.imgw.pl\/wp-content\/uploads\/2025\/03\/image.png","twitter_creator":"@IMGW_CMM","twitter_site":"@IMGW_CMM","twitter_misc":{"Napisane przez":"CMM","Szacowany czas czytania":"1 minuta"},"schema":{"@context":"https:\/\/schema.org","@graph":[{"@type":"Article","@id":"https:\/\/cmm.imgw.pl\/?p=44834#article","isPartOf":{"@id":"https:\/\/cmm.imgw.pl\/?p=44834"},"author":{"name":"CMM","@id":"https:\/\/cmm.imgw.pl\/#\/schema\/person\/a24a37fe434fe76b0f5791e6bd3fdb46"},"headline":"ACCORD i RC LACE w Polsce \u2013 w jakim kierunku rozwija\u0107 numeryczne modele pogody?","datePublished":"2025-03-13T21:19:39+00:00","dateModified":"2025-03-13T21:19:40+00:00","mainEntityOfPage":{"@id":"https:\/\/cmm.imgw.pl\/?p=44834"},"wordCount":262,"publisher":{"@id":"https:\/\/cmm.imgw.pl\/#organization"},"keywords":["ACCORD","cmm","imgw","IMGWCMM","konferencja","LACE","meteorologia","modele","numeryczne","pogoda","RC"],"articleSection":["Info"],"inLanguage":"pl-PL"},{"@type":"WebPage","@id":"https:\/\/cmm.imgw.pl\/?p=44834","url":"https:\/\/cmm.imgw.pl\/?p=44834","name":"ACCORD i RC LACE w Polsce \u2013 w jakim kierunku rozwija\u0107 numeryczne modele pogody? - Laboratorium Modelowania Meteorologicznego CMOK IMGW-PIB","isPartOf":{"@id":"https:\/\/cmm.imgw.pl\/#website"},"datePublished":"2025-03-13T21:19:39+00:00","dateModified":"2025-03-13T21:19:40+00:00","description":"W dniach 3-7 marca 2025 roku odby\u0142y si\u0119 dwie mi\u0119dzynarodowe konferencje konsorcj\u00f3w ACCORD i RC LACE. Go\u015b\u0107mi IMGW-PIB w Krakowie.","breadcrumb":{"@id":"https:\/\/cmm.imgw.pl\/?p=44834#breadcrumb"},"inLanguage":"pl-PL","potentialAction":[{"@type":"ReadAction","target":["https:\/\/cmm.imgw.pl\/?p=44834"]}]},{"@type":"BreadcrumbList","@id":"https:\/\/cmm.imgw.pl\/?p=44834#breadcrumb","itemListElement":[{"@type":"ListItem","position":1,"name":"Home","item":"https:\/\/cmm.imgw.pl\/"},{"@type":"ListItem","position":2,"name":"ACCORD i RC LACE w Polsce \u2013 w jakim kierunku rozwija\u0107 numeryczne modele pogody?"}]},{"@type":"WebSite","@id":"https:\/\/cmm.imgw.pl\/#website","url":"https:\/\/cmm.imgw.pl\/","name":"Laboratorium Modelowania Meteorologicznego CMOK IMGW-PIB","description":"CMOK-LMM Laboratorium pe\u0142ni pa\u0144stwow\u0105 s\u0142u\u017cb\u0119 hydrologiczno-meteorologiczn\u0105 w zakresie numerycznych prognoz pogody, kt\u00f3rego zadaniem jest konsolidacja kompetencji w obszarze modelowania zjawisk pogodowych oraz dalszego rozwoju numerycznych modeli pogody (NMP).","publisher":{"@id":"https:\/\/cmm.imgw.pl\/#organization"},"potentialAction":[{"@type":"SearchAction","target":{"@type":"EntryPoint","urlTemplate":"https:\/\/cmm.imgw.pl\/?s={search_term_string}"},"query-input":"required name=search_term_string"}],"inLanguage":"pl-PL"},{"@type":"Organization","@id":"https:\/\/cmm.imgw.pl\/#organization","name":"Laboratorium Modelowania Meteorologicznego CMOK IMGW-PIB","url":"https:\/\/cmm.imgw.pl\/","sameAs":["https:\/\/www.facebook.com\/Meteoimgw\/","https:\/\/twitter.com\/IMGW_CMM"],"logo":{"@type":"ImageObject","inLanguage":"pl-PL","@id":"https:\/\/cmm.imgw.pl\/#\/schema\/logo\/image\/","url":"https:\/\/cmm.imgw.pl\/wp-content\/uploads\/2025\/10\/MODELE_LOGO_UNIFIKACJA_v2.png","contentUrl":"https:\/\/cmm.imgw.pl\/wp-content\/uploads\/2025\/10\/MODELE_LOGO_UNIFIKACJA_v2.png","width":1356,"height":365,"caption":"Laboratorium Modelowania Meteorologicznego CMOK IMGW-PIB"},"image":{"@id":"https:\/\/cmm.imgw.pl\/#\/schema\/logo\/image\/"}},{"@type":"Person","@id":"https:\/\/cmm.imgw.pl\/#\/schema\/person\/a24a37fe434fe76b0f5791e6bd3fdb46","name":"CMM","image":{"@type":"ImageObject","inLanguage":"pl-PL","@id":"https:\/\/cmm.imgw.pl\/#\/schema\/person\/image\/","url":"https:\/\/secure.gravatar.com\/avatar\/9248ea2273711f1cd09d6bd45867dbfb?s=96&d=blank&r=g","contentUrl":"https:\/\/secure.gravatar.com\/avatar\/9248ea2273711f1cd09d6bd45867dbfb?s=96&d=blank&r=g","caption":"CMM"},"sameAs":["http:\/\/cmm.imgw.pl"],"url":"https:\/\/cmm.imgw.pl\/?author=3"}]}},"_links":{"self":[{"href":"https:\/\/cmm.imgw.pl\/index.php?rest_route=\/wp\/v2\/posts\/44834"}],"collection":[{"href":"https:\/\/cmm.imgw.pl\/index.php?rest_route=\/wp\/v2\/posts"}],"about":[{"href":"https:\/\/cmm.imgw.pl\/index.php?rest_route=\/wp\/v2\/types\/post"}],"author":[{"embeddable":true,"href":"https:\/\/cmm.imgw.pl\/index.php?rest_route=\/wp\/v2\/users\/3"}],"replies":[{"embeddable":true,"href":"https:\/\/cmm.imgw.pl\/index.php?rest_route=%2Fwp%2Fv2%2Fcomments&post=44834"}],"version-history":[{"count":1,"href":"https:\/\/cmm.imgw.pl\/index.php?rest_route=\/wp\/v2\/posts\/44834\/revisions"}],"predecessor-version":[{"id":44836,"href":"https:\/\/cmm.imgw.pl\/index.php?rest_route=\/wp\/v2\/posts\/44834\/revisions\/44836"}],"wp:attachment":[{"href":"https:\/\/cmm.imgw.pl\/index.php?rest_route=%2Fwp%2Fv2%2Fmedia&parent=44834"}],"wp:term":[{"taxonomy":"category","embeddable":true,"href":"https:\/\/cmm.imgw.pl\/index.php?rest_route=%2Fwp%2Fv2%2Fcategories&post=44834"},{"taxonomy":"post_tag","embeddable":true,"href":"https:\/\/cmm.imgw.pl\/index.php?rest_route=%2Fwp%2Fv2%2Ftags&post=44834"}],"curies":[{"name":"wp","href":"https:\/\/api.w.org\/{rel}","templated":true}]}}