{"id":42059,"date":"2024-07-23T17:52:10","date_gmt":"2024-07-23T15:52:10","guid":{"rendered":"https:\/\/cmm.imgw.pl\/?p=42059"},"modified":"2024-07-23T17:52:12","modified_gmt":"2024-07-23T15:52:12","slug":"burze-w-dniu-16-07-2024-cala-polska","status":"publish","type":"post","link":"https:\/\/cmm.imgw.pl\/?p=42059","title":{"rendered":"Burze w dniu 16.07.2024 &#8211; ca\u0142a Polska"},"content":{"rendered":"\n<p><strong>Sytuacja synoptyczna<\/strong><\/p>\n\n\n\n<p>We wtorek 16 lipca 2024 r. nad obszar Polski nap\u0142ywa\u0142y wilgotne masy powietrza zwrotnikowego. Mapa synoptyczna z godziny 12:00 UTC (Rys. 1), wskazuje na obecno\u015b\u0107 p\u0142ytkiego uk\u0142adu niskiego ci\u015bnienia w centrum kraju, a tak\u017ce na wyst\u0119powanie strefy zbie\u017cno\u015bci wiatru, kt\u00f3ra ci\u0105gn\u0119\u0142a si\u0119 od obszaru Austrii, a\u017c po polskie wybrze\u017ce. Stefa ta poprzedza\u0142a ch\u0142odny front atmosferyczny, kt\u00f3ry przemieszcza\u0142 si\u0119 znad obszaru Niemiec.<\/p>\n\n\n<div class=\"wp-block-image\">\n<figure class=\"aligncenter size-full\"><img loading=\"lazy\" width=\"941\" height=\"833\" src=\"https:\/\/cmm.imgw.pl\/wp-content\/uploads\/2024\/07\/image-11.png\" alt=\"\" class=\"wp-image-42060\" srcset=\"https:\/\/cmm.imgw.pl\/wp-content\/uploads\/2024\/07\/image-11.png 941w, https:\/\/cmm.imgw.pl\/wp-content\/uploads\/2024\/07\/image-11-300x266.png 300w, https:\/\/cmm.imgw.pl\/wp-content\/uploads\/2024\/07\/image-11-768x680.png 768w\" sizes=\"(max-width: 941px) 100vw, 941px\" \/><figcaption class=\"wp-element-caption\">Rys. 1. Mapa synoptyczna z dnia 16.07.2024 godz. 12:00 UTC. \u0179r\u00f3d\u0142o: IMGW-PIB.<\/figcaption><\/figure><\/div>\n\n\n<p><strong>Charakterystyka zdarze\u0144<\/strong><\/p>\n\n\n\n<p>Silne o\u015brodki burzowe, kt\u00f3re pojawi\u0142y si\u0119 nad Polsk\u0105 w omawianym dniu, przybra\u0142y formy superkom\u00f3rek burzowych i wielokom\u00f3rkowych uk\u0142ad\u00f3w konwekcyjnych, w tym uk\u0142ad\u00f3w o rozmiarze mezoskalowych uk\u0142ad\u00f3w konwekcyjnych (Mesoscale Convective System, MCS). W uk\u0142adach MCS dosz\u0142o do rozwoju linii szkwa\u0142\u00f3w (Rys. 2c,d).<\/p>\n\n\n<div class=\"wp-block-image\">\n<figure class=\"aligncenter size-full\"><img loading=\"lazy\" width=\"959\" height=\"838\" src=\"https:\/\/cmm.imgw.pl\/wp-content\/uploads\/2024\/07\/image-12.png\" alt=\"\" class=\"wp-image-42061\" srcset=\"https:\/\/cmm.imgw.pl\/wp-content\/uploads\/2024\/07\/image-12.png 959w, https:\/\/cmm.imgw.pl\/wp-content\/uploads\/2024\/07\/image-12-300x262.png 300w, https:\/\/cmm.imgw.pl\/wp-content\/uploads\/2024\/07\/image-12-768x671.png 768w\" sizes=\"(max-width: 959px) 100vw, 959px\" \/><figcaption class=\"wp-element-caption\">Rys. 2. Odbiciowo\u015b\u0107 maksymalna z radar\u00f3w sieci Polrad w poszczeg\u00f3lnych godzinach dnia 16.07.2024. \u0179r\u00f3d\u0142o: IMGW-PIB<\/figcaption><\/figure><\/div>\n\n\n<p>O\u015brodki burzowe rozwija\u0142y si\u0119 w warunkach du\u017cej chwiejno\u015bci oraz niewielkiego do umiarkowanego pionowego \u015bcinania wiatru. Im dalej na zach\u00f3d Polski, tym mniejsza by\u0142a warto\u015b\u0107 energii potencjalnej dost\u0119pnej drog\u0105 konwekcji, przy jednoczesnym wzro\u015bcie pionowego \u015bcinania wiatru, zw\u0142aszcza w warstwie 0-6 km AGL. Wskaza\u0142y to sonda\u017ce atmosferyczne wykonane o godz. 14:00 czasu lokalnego (12:00 UTC) na stacjach aerologicznych we Wroc\u0142awiu oraz w Tarnowie (Rys. 3). W przypadku obu tych sonda\u017cy wyst\u0105pi\u0142a du\u017ca niestabilno\u015b\u0107 atmosferyczna wyra\u017cona przez wysokie warto\u015bci energii potencjalnej dost\u0119pnej drog\u0105 konwekcji (CAPE) oraz wska\u017anik Lifted Index (LI). Pomiar wykonany o 12:00 UTC w Tarnowie wskaza\u0142 warto\u015b\u0107 CAPE z najbardziej niestabilnej warstwy ponad 3800 J\/kg. T\u0105 stacj\u0119 cechowa\u0142y ni\u017csze warto\u015bci pionowych uskok\u00f3w pr\u0119dko\u015bciowych wiatru, gdzie w warstwie 0-6 km by\u0142o to niespe\u0142na 8,7 m\/s. Na zachodzie kraju (pomiar z Wroc\u0142awia) energia CAPE dla cz\u0105stki powietrza startuj\u0105cej z najbardziej niestabilnej warstwy by\u0142a ni\u017csza i wynios\u0142a 2150 J\/kg, jednak warto\u015b\u0107 pionowego \u015bcinania wiatru 0-6 km osi\u0105gn\u0119\u0142a 23 m\/s. Warunki atmosferyczne wyst\u0119puj\u0105ce we Wroc\u0142awiu by\u0142y sprzyjaj\u0105ce dla rozwoju trwa\u0142ych i zorganizowanych uk\u0142ad\u00f3w konwekcyjnych, w szczeg\u00f3lno\u015bci dla superkom\u00f3rek. Pomiary obydwu stacji wskazywa\u0142y na wyst\u0119powanie du\u017cej wilgotno\u015bci wzgl\u0119dnej w dolnej i \u015brodkowej troposferze (ponad 70%).<\/p>\n\n\n<div class=\"wp-block-image\">\n<figure class=\"aligncenter size-full is-resized\"><img loading=\"lazy\" src=\"https:\/\/cmm.imgw.pl\/wp-content\/uploads\/2024\/07\/image-13.png\" alt=\"\" class=\"wp-image-42062\" width=\"814\" height=\"947\" srcset=\"https:\/\/cmm.imgw.pl\/wp-content\/uploads\/2024\/07\/image-13.png 814w, https:\/\/cmm.imgw.pl\/wp-content\/uploads\/2024\/07\/image-13-258x300.png 258w, https:\/\/cmm.imgw.pl\/wp-content\/uploads\/2024\/07\/image-13-768x893.png 768w\" sizes=\"(max-width: 814px) 100vw, 814px\" \/><figcaption class=\"wp-element-caption\">Rys. 3. Sonda\u017ce aerologiczne ze stacji Tarn\u00f3w (12575) i Wroc\u0142aw (12425). \u0179r\u00f3d\u0142o: <a href=\"http:\/\/rawinsonde.com\/\">http:\/\/rawinsonde.com\/<\/a><\/figcaption><\/figure><\/div>\n\n\n<p>Pierwsze burze utworzy\u0142y si\u0119 jeszcze przed godz. 07:00 czasu lokalnego na po\u0142udniu (woj. \u015bl\u0105skie) i zachodzie (woj. lubuskie) kraju. Z up\u0142ywem godzin, kolejne kom\u00f3rki rozwija\u0142y si\u0119 g\u0142\u00f3wnie na po\u0142udniu. W\u015br\u00f3d nich dosz\u0142o do rozwoju superkom\u00f3rek burzowych, jak np. w okolicy Wroc\u0142awia po godz. 12:00 (10:00 UTC; Rys. 4). W kolejnych godzinach dosz\u0142o do rozwoju kom\u00f3rek burzowych w przewa\u017caj\u0105cej cz\u0119\u015bci kraju. Z up\u0142ywem dnia organizowa\u0142y si\u0119 one w uk\u0142ady wielokom\u00f3rkowe i uk\u0142ady MCS, przemieszczaj\u0105ce si\u0119 przez obszar Polski p\u00f3\u0142nocnej i wschodniej, powoduj\u0105c znaczne szkody. Odnotowano liczne przypadki zatarasowanych przez powalone wiatrem drzewa szlak\u00f3w komunikacyjnych oraz podtopienia dr\u00f3g, budynk\u00f3w i posesji, zw\u0142aszcza na terenach o znacznym stopniu zurbanizowania. Wyst\u0105pi\u0142y tak\u017ce uszkodzenia infrastruktury (zerwane linie energetyczne) oraz uszkodzenia budynk\u00f3w (zerwane dachy i uszkodzenia elewacji).<\/p>\n\n\n<div class=\"wp-block-image\">\n<figure class=\"aligncenter size-full\"><img loading=\"lazy\" width=\"959\" height=\"720\" src=\"https:\/\/cmm.imgw.pl\/wp-content\/uploads\/2024\/07\/image-14.png\" alt=\"\" class=\"wp-image-42063\" srcset=\"https:\/\/cmm.imgw.pl\/wp-content\/uploads\/2024\/07\/image-14.png 959w, https:\/\/cmm.imgw.pl\/wp-content\/uploads\/2024\/07\/image-14-300x225.png 300w, https:\/\/cmm.imgw.pl\/wp-content\/uploads\/2024\/07\/image-14-768x577.png 768w\" sizes=\"(max-width: 959px) 100vw, 959px\" \/><figcaption class=\"wp-element-caption\">Rys. 4. Superkom\u00f3rka burzowa obserwowana we Wroc\u0142awiu (16.07.2024 godz. 11:55 czasu lokalnego, widok na obszar mezocyklonu). Autor: Natalia Pilguj<\/figcaption><\/figure><\/div>\n\n\n<p><strong>Skutki<\/strong><\/p>\n\n\n\n<p>W wyniku wyst\u0105pienia burz odnotowano 4998 interwencji stra\u017cy po\u017carnej. Dzia\u0142ania te by\u0142y zwi\u0105zane przewa\u017cnie z usuwaniem skutk\u00f3w porywistego wiatru oraz ulewnych i nawalnych opad\u00f3w deszczu. Burze w szczeg\u00f3lno\u015bci dotkn\u0119\u0142y miasta takie jak Gdynia, Sopot, Gda\u0144sk, Grudzi\u0105dz i Krak\u00f3w. Dnia 16.07 detektory sieci wy\u0142adowa\u0144 atmosferycznych PERUN zarejestrowa\u0142y 86119 wy\u0142adowa\u0144 doziemnych (Rys. 5). Poni\u017cej om\u00f3wienie najwa\u017cniejszych i najbardziej charakterystycznych zdarze\u0144 zwi\u0105zanych z przej\u015bciem burz.<\/p>\n\n\n\n<ul>\n<li><strong>Opady gradu na \u015al\u0105sku<\/strong>. Przyczyn\u0105 wyst\u0105pienia opad\u00f3w du\u017cego gradu by\u0142y dwie superkom\u00f3rki przemieszczaj\u0105ce si\u0119 mi\u0119dzy godzinami 15:00 a 16:30 czasu lokalnego znad Czech w stron\u0119 po\u0142udniowej cz\u0119\u015bci woj. \u015al\u0105skiego (Rys. 2b). Jedna z nich skierowa\u0142a si\u0119 nad Jastrz\u0119bie-Zdr\u00f3j, a druga przesz\u0142a nad Skoczowem, a nast\u0119pnie przesun\u0119\u0142a si\u0119 nad Wilamowice i Zasole. Burze przynios\u0142y opady gradu o \u015brednicy dochodz\u0105cej do 4,5 cm.<\/li>\n\n\n\n<li><strong>Gwa\u0142towne opady w G\u0142og\u00f3wku i okolicach (woj. opolskie). <\/strong>Gwa\u0142towne opady deszczu zwi\u0105zane z quasi-stacjonarnym wielokom\u00f3rkowym uk\u0142adem konwekcyjnym doprowadzi\u0142y do wyst\u0105pienia lokalnych powodzi b\u0142yskawicznych, kt\u00f3re spowodowa\u0142y zalania ulic, domostw, piwnic. Uk\u0142ad burzowy przebywa\u0142 nad zachodni\u0105 cz\u0119\u015bci\u0105 gminy G\u0142og\u00f3wek i wschodni\u0105 cz\u0119\u015bci\u0105 gminy Bia\u0142a (pow. Prudnicki) przez oko\u0142o 1,5 godziny. Zako\u0144czenie intensywnych opad\u00f3w deszczu nast\u0105pi\u0142o w godzinach 16:30-16:50 czasu lokalnego (Rys. 2b).<\/li>\n\n\n\n<li><strong>Gwa\u0142towne opady i bardzo silny wiatr na Pomorzu, Warmii i Mazurach. <\/strong>Obserwowane zjawiska zwi\u0105zane by\u0142y z rozleg\u0142ym wielokom\u00f3rkowym uk\u0142adem konwekcyjnym z wbudowan\u0105 lini\u0105 szkwa\u0142u. P\u00f3\u017anym popo\u0142udniem (po godzinie 16:00) i wieczorem omawiany uk\u0142ad burzowy spowodowa\u0142 liczne szkody zwi\u0105zane g\u0142\u00f3wnie z oddzia\u0142ywaniem bardzo silnego wiatru i nawalnych opad\u00f3w deszczu (w szczeg\u00f3lno\u015bci w okolicach Tr\u00f3jmiasta, Czerska, Czarnej Wody, Grudzi\u0105dza, Tczewa, Malborka, Olsztyna i Rucianego Nidy). Uk\u0142ad rozwin\u0105\u0142 si\u0119 w po\u0142udniowo-zachodniej cz\u0119\u015bci woj. pomorskiego i szybko swoim zasi\u0119giem obj\u0105\u0142 ca\u0142\u0105 wschodni\u0105 cz\u0119\u015b\u0107 wojew\u00f3dztwa. Podczas dalszej w\u0119dr\u00f3wki na wsch\u00f3d od jego po\u0142udniowej strony do\u0142\u0105cza\u0142y mniejsze, przewa\u017cnie nowe uk\u0142ady burzowe, w tym antycyklonicznie rotuj\u0105ca superkom\u00f3rka burzowa przemieszczaj\u0105ca si\u0119 od okolic Golubia-Dobrzynia (woj. kujawsko-pomorskie) w kierunku Zatoki Gda\u0144skiej. Ca\u0142y uk\u0142ad burzowy wyra\u017anie os\u0142ab\u0142 dopiero po przej\u015bciu przez Krain\u0119 Wielkich Jezior Mazurskich (Rys. 2c,d).<\/li>\n\n\n\n<li><strong>Silne porywy wiatru zwi\u0105zane z rozleg\u0142ym uk\u0142adem konwekcyjnym z wbudowanymi liniami szkwa\u0142u w woj. ma\u0142opolskim, \u015bwi\u0119tokrzyskim, lubelskim i mazowieckim.<\/strong> W godzinach popo\u0142udniowych (po godz. 13:00 czasu lokalnego) silna burza wielokom\u00f3rkowa rozwin\u0119\u0142a si\u0119 na po\u0142udniu woj. ma\u0142opolskiego, a nast\u0119pnie przemie\u015bci\u0142a si\u0119 w stron\u0119 woj. \u015bwi\u0119tokrzyskiego i mazowieckiego, gdzie os\u0142ab\u0142a. Gdy uk\u0142ad przechodzi\u0142 nad woj. \u015bwi\u0119tokrzyskim, od jego wschodniej strony dobudowa\u0142y si\u0119 kolejne burze wielokom\u00f3rkowe, kt\u00f3re szybko zorganizowa\u0142y si\u0119 w lini\u0119 szkwa\u0142u obejmuj\u0105c\u0105 wi\u0119ksz\u0105 cz\u0119\u015b\u0107 woj. lubelskiego, wype\u0142niaj\u0105c jednocze\u015bnie woln\u0105 przestrze\u0144 pomi\u0119dzy omawianym uk\u0142adem a uk\u0142adem przechodz\u0105cym przez woj. podkarpackie i zachodni\u0105 cz\u0119\u015b\u0107 Ukrainy (Rys. 2c,d). Uk\u0142ad burzowy zwi\u0105zany by\u0142 z silnymi porywami wiatru powoduj\u0105cymi szkody w drzewostanie i w budynkach (m.in. zerwane dachy) oraz licznymi podtopieniami. Wed\u0142ug danych PSP i ESWD, najwi\u0119cej szk\u00f3d odnotowano mi\u0119dzy innymi w gminach Ska\u0142a (pow. krakowski), Z\u0142ota (pow. pi\u0144czowski), Busko-Zdr\u00f3j (pow. buski), Szczebrzeszyn (pow. zamojski), Trawniki (pow. \u015bwidnicki), w powiatach \u0142ukowskim i garwoli\u0144skim.<\/li>\n<\/ul>\n\n\n<div class=\"wp-block-image\">\n<figure class=\"aligncenter size-full\"><img loading=\"lazy\" width=\"960\" height=\"781\" src=\"https:\/\/cmm.imgw.pl\/wp-content\/uploads\/2024\/07\/image-15.png\" alt=\"\" class=\"wp-image-42064\" srcset=\"https:\/\/cmm.imgw.pl\/wp-content\/uploads\/2024\/07\/image-15.png 960w, https:\/\/cmm.imgw.pl\/wp-content\/uploads\/2024\/07\/image-15-300x244.png 300w, https:\/\/cmm.imgw.pl\/wp-content\/uploads\/2024\/07\/image-15-768x625.png 768w\" sizes=\"(max-width: 960px) 100vw, 960px\" \/><figcaption class=\"wp-element-caption\">Rys. 5. Wy\u0142adowania doziemne w Polsce dnia 16.07.2024 z systemu detekcji wy\u0142adowa\u0144 atmosferycznych PERUN. Dane: IMGW-PIB.<\/figcaption><\/figure><\/div>\n\n\n<p>Autorzy:<\/p>\n\n\n\n<p>Artur Surowiecki IMGW-PIB, Centrum Modelowania Meteorologicznego<\/p>\n\n\n\n<p>Natalia Pilguj IMGW-PIB, Centrum Modelowania Meteorologicznego<\/p>\n\n\n\n<p>Mateusz Zamajtys IMGW-PIB, Centralne Biuro Prognoz Meteorologicznych<\/p>\n\n\n\n<p><\/p>\n\n\n\n<p>Do pobrania:<\/p>\n\n\n\n<div class=\"wp-block-file\"><object class=\"wp-block-file__embed\" data=\"https:\/\/cmm.imgw.pl\/wp-content\/uploads\/2024\/07\/Zjawiska_burzowe_16_07_2024.pdf\" type=\"application\/pdf\" style=\"width:100%;height:600px\" aria-label=\"Embed of Zjawiska_burzowe_16_07_2024.\"><\/object><a id=\"wp-block-file--media-52552755-9f66-49fc-b4f5-b27142c645ef\" href=\"https:\/\/cmm.imgw.pl\/wp-content\/uploads\/2024\/07\/Zjawiska_burzowe_16_07_2024.pdf\">Zjawiska_burzowe_16_07_2024<\/a><a href=\"https:\/\/cmm.imgw.pl\/wp-content\/uploads\/2024\/07\/Zjawiska_burzowe_16_07_2024.pdf\" class=\"wp-block-file__button wp-element-button\" download aria-describedby=\"wp-block-file--media-52552755-9f66-49fc-b4f5-b27142c645ef\">Pobierz<\/a><\/div>\n","protected":false},"excerpt":{"rendered":"<p>Sytuacja synoptyczna We wtorek 16 lipca 2024 r. nad obszar Polski nap\u0142ywa\u0142y wilgotne masy powietrza zwrotnikowego. Mapa synoptyczna z godziny 12:00 UTC (Rys. 1), wskazuje na obecno\u015b\u0107 p\u0142ytkiego uk\u0142adu niskiego ci\u015bnienia w centrum kraju, a tak\u017ce na wyst\u0119powanie strefy zbie\u017cno\u015bci wiatru, kt\u00f3ra ci\u0105gn\u0119\u0142a si\u0119 od obszaru Austrii, a\u017c po polskie wybrze\u017ce. Stefa ta poprzedza\u0142a ch\u0142odny [&hellip;]<\/p>\n","protected":false},"author":3,"featured_media":0,"comment_status":"closed","ping_status":"open","sticky":false,"template":"","format":"standard","meta":{"ocean_post_layout":"","ocean_both_sidebars_style":"","ocean_both_sidebars_content_width":0,"ocean_both_sidebars_sidebars_width":0,"ocean_sidebar":"","ocean_second_sidebar":"","ocean_disable_margins":"enable","ocean_add_body_class":"","ocean_shortcode_before_top_bar":"","ocean_shortcode_after_top_bar":"","ocean_shortcode_before_header":"","ocean_shortcode_after_header":"","ocean_has_shortcode":"","ocean_shortcode_after_title":"","ocean_shortcode_before_footer_widgets":"","ocean_shortcode_after_footer_widgets":"","ocean_shortcode_before_footer_bottom":"","ocean_shortcode_after_footer_bottom":"","ocean_display_top_bar":"default","ocean_display_header":"default","ocean_header_style":"","ocean_center_header_left_menu":"","ocean_custom_header_template":"","ocean_custom_logo":0,"ocean_custom_retina_logo":0,"ocean_custom_logo_max_width":0,"ocean_custom_logo_tablet_max_width":0,"ocean_custom_logo_mobile_max_width":0,"ocean_custom_logo_max_height":0,"ocean_custom_logo_tablet_max_height":0,"ocean_custom_logo_mobile_max_height":0,"ocean_header_custom_menu":"","ocean_menu_typo_font_family":"","ocean_menu_typo_font_subset":"","ocean_menu_typo_font_size":0,"ocean_menu_typo_font_size_tablet":0,"ocean_menu_typo_font_size_mobile":0,"ocean_menu_typo_font_size_unit":"px","ocean_menu_typo_font_weight":"","ocean_menu_typo_font_weight_tablet":"","ocean_menu_typo_font_weight_mobile":"","ocean_menu_typo_transform":"","ocean_menu_typo_transform_tablet":"","ocean_menu_typo_transform_mobile":"","ocean_menu_typo_line_height":0,"ocean_menu_typo_line_height_tablet":0,"ocean_menu_typo_line_height_mobile":0,"ocean_menu_typo_line_height_unit":"","ocean_menu_typo_spacing":0,"ocean_menu_typo_spacing_tablet":0,"ocean_menu_typo_spacing_mobile":0,"ocean_menu_typo_spacing_unit":"","ocean_menu_link_color":"","ocean_menu_link_color_hover":"","ocean_menu_link_color_active":"","ocean_menu_link_background":"","ocean_menu_link_hover_background":"","ocean_menu_link_active_background":"","ocean_menu_social_links_bg":"","ocean_menu_social_hover_links_bg":"","ocean_menu_social_links_color":"","ocean_menu_social_hover_links_color":"","ocean_disable_title":"default","ocean_disable_heading":"default","ocean_post_title":"","ocean_post_subheading":"","ocean_post_title_style":"","ocean_post_title_background_color":"","ocean_post_title_background":0,"ocean_post_title_bg_image_position":"","ocean_post_title_bg_image_attachment":"","ocean_post_title_bg_image_repeat":"","ocean_post_title_bg_image_size":"","ocean_post_title_height":0,"ocean_post_title_bg_overlay":0.5,"ocean_post_title_bg_overlay_color":"","ocean_disable_breadcrumbs":"default","ocean_breadcrumbs_color":"","ocean_breadcrumbs_separator_color":"","ocean_breadcrumbs_links_color":"","ocean_breadcrumbs_links_hover_color":"","ocean_display_footer_widgets":"default","ocean_display_footer_bottom":"default","ocean_custom_footer_template":"","ocean_post_oembed":"","ocean_post_self_hosted_media":"","ocean_post_video_embed":"","ocean_link_format":"","ocean_link_format_target":"self","ocean_quote_format":"","ocean_quote_format_link":"post","ocean_gallery_link_images":"on","ocean_gallery_id":[]},"categories":[77,137,93],"tags":[],"yoast_head":"<!-- This site is optimized with the Yoast SEO plugin v19.5.1 - https:\/\/yoast.com\/wordpress\/plugins\/seo\/ -->\n<title>Burze w dniu 16.07.2024 - ca\u0142a Polska - Laboratorium Modelowania Meteorologicznego CMOK IMGW-PIB<\/title>\n<meta name=\"description\" content=\"Pierwsze burze utworzy\u0142y si\u0119 jeszcze przed godz. 07:00 czasu lokalnego na po\u0142udniu (woj. \u015bl\u0105skie) i zachodzie (woj. lubuskie) kraju.\" \/>\n<meta name=\"robots\" content=\"index, follow, max-snippet:-1, max-image-preview:large, max-video-preview:-1\" \/>\n<link rel=\"canonical\" href=\"https:\/\/cmm.imgw.pl\/?p=42059\" \/>\n<meta property=\"og:locale\" content=\"pl_PL\" \/>\n<meta property=\"og:type\" content=\"article\" \/>\n<meta property=\"og:title\" content=\"Burze w dniu 16.07.2024 - ca\u0142a Polska\" \/>\n<meta property=\"og:description\" content=\"Pierwsze burze utworzy\u0142y si\u0119 jeszcze przed godz. 07:00 czasu lokalnego na po\u0142udniu (woj. \u015bl\u0105skie) i zachodzie (woj. lubuskie) kraju. Z up\u0142ywem godzin, kolejne kom\u00f3rki rozwija\u0142y si\u0119 g\u0142\u00f3wnie na po\u0142udniu.\" \/>\n<meta property=\"og:url\" content=\"https:\/\/cmm.imgw.pl\/?p=42059\" \/>\n<meta property=\"og:site_name\" content=\"Laboratorium Modelowania Meteorologicznego CMOK IMGW-PIB\" \/>\n<meta property=\"article:publisher\" content=\"https:\/\/www.facebook.com\/Meteoimgw\/\" \/>\n<meta property=\"article:published_time\" content=\"2024-07-23T15:52:10+00:00\" \/>\n<meta property=\"article:modified_time\" content=\"2024-07-23T15:52:12+00:00\" \/>\n<meta property=\"og:image\" content=\"http:\/\/cmm.imgw.pl\/wp-content\/uploads\/2024\/07\/image-14.png\" \/>\n\t<meta property=\"og:image:width\" content=\"959\" \/>\n\t<meta property=\"og:image:height\" content=\"720\" \/>\n\t<meta property=\"og:image:type\" content=\"image\/png\" \/>\n<meta name=\"author\" content=\"CMM\" \/>\n<meta name=\"twitter:card\" content=\"summary_large_image\" \/>\n<meta name=\"twitter:title\" content=\"Burze w dniu 16.07.2024 - ca\u0142a Polska\" \/>\n<meta name=\"twitter:description\" content=\"Pierwsze burze utworzy\u0142y si\u0119 jeszcze przed godz. 07:00 czasu lokalnego na po\u0142udniu (woj. \u015bl\u0105skie) i zachodzie (woj. lubuskie) kraju. Z up\u0142ywem godzin, kolejne kom\u00f3rki rozwija\u0142y si\u0119 g\u0142\u00f3wnie na po\u0142udniu.\" \/>\n<meta name=\"twitter:image\" content=\"https:\/\/cmm.imgw.pl\/wp-content\/uploads\/2024\/07\/image-14.png\" \/>\n<meta name=\"twitter:creator\" content=\"@IMGW_CMM\" \/>\n<meta name=\"twitter:site\" content=\"@IMGW_CMM\" \/>\n<meta name=\"twitter:label1\" content=\"Napisane przez\" \/>\n\t<meta name=\"twitter:data1\" content=\"CMM\" \/>\n\t<meta name=\"twitter:label2\" content=\"Szacowany czas czytania\" \/>\n\t<meta name=\"twitter:data2\" content=\"6 minut\" \/>\n<script type=\"application\/ld+json\" class=\"yoast-schema-graph\">{\"@context\":\"https:\/\/schema.org\",\"@graph\":[{\"@type\":\"Article\",\"@id\":\"https:\/\/cmm.imgw.pl\/?p=42059#article\",\"isPartOf\":{\"@id\":\"https:\/\/cmm.imgw.pl\/?p=42059\"},\"author\":{\"name\":\"CMM\",\"@id\":\"https:\/\/cmm.imgw.pl\/#\/schema\/person\/a24a37fe434fe76b0f5791e6bd3fdb46\"},\"headline\":\"Burze w dniu 16.07.2024 &#8211; ca\u0142a Polska\",\"datePublished\":\"2024-07-23T15:52:10+00:00\",\"dateModified\":\"2024-07-23T15:52:12+00:00\",\"mainEntityOfPage\":{\"@id\":\"https:\/\/cmm.imgw.pl\/?p=42059\"},\"wordCount\":1233,\"publisher\":{\"@id\":\"https:\/\/cmm.imgw.pl\/#organization\"},\"articleSection\":[\"Analizy meteorologiczne\",\"Info\",\"Komentarz\"],\"inLanguage\":\"pl-PL\"},{\"@type\":\"WebPage\",\"@id\":\"https:\/\/cmm.imgw.pl\/?p=42059\",\"url\":\"https:\/\/cmm.imgw.pl\/?p=42059\",\"name\":\"Burze w dniu 16.07.2024 - ca\u0142a Polska - Laboratorium Modelowania Meteorologicznego CMOK IMGW-PIB\",\"isPartOf\":{\"@id\":\"https:\/\/cmm.imgw.pl\/#website\"},\"datePublished\":\"2024-07-23T15:52:10+00:00\",\"dateModified\":\"2024-07-23T15:52:12+00:00\",\"description\":\"Pierwsze burze utworzy\u0142y si\u0119 jeszcze przed godz. 07:00 czasu lokalnego na po\u0142udniu (woj. \u015bl\u0105skie) i zachodzie (woj. lubuskie) kraju.\",\"breadcrumb\":{\"@id\":\"https:\/\/cmm.imgw.pl\/?p=42059#breadcrumb\"},\"inLanguage\":\"pl-PL\",\"potentialAction\":[{\"@type\":\"ReadAction\",\"target\":[\"https:\/\/cmm.imgw.pl\/?p=42059\"]}]},{\"@type\":\"BreadcrumbList\",\"@id\":\"https:\/\/cmm.imgw.pl\/?p=42059#breadcrumb\",\"itemListElement\":[{\"@type\":\"ListItem\",\"position\":1,\"name\":\"Home\",\"item\":\"https:\/\/cmm.imgw.pl\/\"},{\"@type\":\"ListItem\",\"position\":2,\"name\":\"Burze w dniu 16.07.2024 &#8211; ca\u0142a Polska\"}]},{\"@type\":\"WebSite\",\"@id\":\"https:\/\/cmm.imgw.pl\/#website\",\"url\":\"https:\/\/cmm.imgw.pl\/\",\"name\":\"Laboratorium Modelowania Meteorologicznego CMOK IMGW-PIB\",\"description\":\"CMOK-LMM Laboratorium pe\u0142ni pa\u0144stwow\u0105 s\u0142u\u017cb\u0119 hydrologiczno-meteorologiczn\u0105 w zakresie numerycznych prognoz pogody, kt\u00f3rego zadaniem jest konsolidacja kompetencji w obszarze modelowania zjawisk pogodowych oraz dalszego rozwoju numerycznych modeli pogody (NMP).\",\"publisher\":{\"@id\":\"https:\/\/cmm.imgw.pl\/#organization\"},\"potentialAction\":[{\"@type\":\"SearchAction\",\"target\":{\"@type\":\"EntryPoint\",\"urlTemplate\":\"https:\/\/cmm.imgw.pl\/?s={search_term_string}\"},\"query-input\":\"required name=search_term_string\"}],\"inLanguage\":\"pl-PL\"},{\"@type\":\"Organization\",\"@id\":\"https:\/\/cmm.imgw.pl\/#organization\",\"name\":\"Laboratorium Modelowania Meteorologicznego CMOK IMGW-PIB\",\"url\":\"https:\/\/cmm.imgw.pl\/\",\"sameAs\":[\"https:\/\/www.facebook.com\/Meteoimgw\/\",\"https:\/\/twitter.com\/IMGW_CMM\"],\"logo\":{\"@type\":\"ImageObject\",\"inLanguage\":\"pl-PL\",\"@id\":\"https:\/\/cmm.imgw.pl\/#\/schema\/logo\/image\/\",\"url\":\"https:\/\/cmm.imgw.pl\/wp-content\/uploads\/2025\/10\/MODELE_LOGO_UNIFIKACJA_v2.png\",\"contentUrl\":\"https:\/\/cmm.imgw.pl\/wp-content\/uploads\/2025\/10\/MODELE_LOGO_UNIFIKACJA_v2.png\",\"width\":1356,\"height\":365,\"caption\":\"Laboratorium Modelowania Meteorologicznego CMOK IMGW-PIB\"},\"image\":{\"@id\":\"https:\/\/cmm.imgw.pl\/#\/schema\/logo\/image\/\"}},{\"@type\":\"Person\",\"@id\":\"https:\/\/cmm.imgw.pl\/#\/schema\/person\/a24a37fe434fe76b0f5791e6bd3fdb46\",\"name\":\"CMM\",\"image\":{\"@type\":\"ImageObject\",\"inLanguage\":\"pl-PL\",\"@id\":\"https:\/\/cmm.imgw.pl\/#\/schema\/person\/image\/\",\"url\":\"https:\/\/secure.gravatar.com\/avatar\/9248ea2273711f1cd09d6bd45867dbfb?s=96&d=blank&r=g\",\"contentUrl\":\"https:\/\/secure.gravatar.com\/avatar\/9248ea2273711f1cd09d6bd45867dbfb?s=96&d=blank&r=g\",\"caption\":\"CMM\"},\"sameAs\":[\"http:\/\/cmm.imgw.pl\"],\"url\":\"https:\/\/cmm.imgw.pl\/?author=3\"}]}<\/script>\n<!-- \/ Yoast SEO plugin. -->","yoast_head_json":{"title":"Burze w dniu 16.07.2024 - ca\u0142a Polska - Laboratorium Modelowania Meteorologicznego CMOK IMGW-PIB","description":"Pierwsze burze utworzy\u0142y si\u0119 jeszcze przed godz. 07:00 czasu lokalnego na po\u0142udniu (woj. \u015bl\u0105skie) i zachodzie (woj. lubuskie) kraju.","robots":{"index":"index","follow":"follow","max-snippet":"max-snippet:-1","max-image-preview":"max-image-preview:large","max-video-preview":"max-video-preview:-1"},"canonical":"https:\/\/cmm.imgw.pl\/?p=42059","og_locale":"pl_PL","og_type":"article","og_title":"Burze w dniu 16.07.2024 - ca\u0142a Polska","og_description":"Pierwsze burze utworzy\u0142y si\u0119 jeszcze przed godz. 07:00 czasu lokalnego na po\u0142udniu (woj. \u015bl\u0105skie) i zachodzie (woj. lubuskie) kraju. Z up\u0142ywem godzin, kolejne kom\u00f3rki rozwija\u0142y si\u0119 g\u0142\u00f3wnie na po\u0142udniu.","og_url":"https:\/\/cmm.imgw.pl\/?p=42059","og_site_name":"Laboratorium Modelowania Meteorologicznego CMOK IMGW-PIB","article_publisher":"https:\/\/www.facebook.com\/Meteoimgw\/","article_published_time":"2024-07-23T15:52:10+00:00","article_modified_time":"2024-07-23T15:52:12+00:00","og_image":[{"width":959,"height":720,"url":"http:\/\/cmm.imgw.pl\/wp-content\/uploads\/2024\/07\/image-14.png","type":"image\/png"}],"author":"CMM","twitter_card":"summary_large_image","twitter_title":"Burze w dniu 16.07.2024 - ca\u0142a Polska","twitter_description":"Pierwsze burze utworzy\u0142y si\u0119 jeszcze przed godz. 07:00 czasu lokalnego na po\u0142udniu (woj. \u015bl\u0105skie) i zachodzie (woj. lubuskie) kraju. Z up\u0142ywem godzin, kolejne kom\u00f3rki rozwija\u0142y si\u0119 g\u0142\u00f3wnie na po\u0142udniu.","twitter_image":"https:\/\/cmm.imgw.pl\/wp-content\/uploads\/2024\/07\/image-14.png","twitter_creator":"@IMGW_CMM","twitter_site":"@IMGW_CMM","twitter_misc":{"Napisane przez":"CMM","Szacowany czas czytania":"6 minut"},"schema":{"@context":"https:\/\/schema.org","@graph":[{"@type":"Article","@id":"https:\/\/cmm.imgw.pl\/?p=42059#article","isPartOf":{"@id":"https:\/\/cmm.imgw.pl\/?p=42059"},"author":{"name":"CMM","@id":"https:\/\/cmm.imgw.pl\/#\/schema\/person\/a24a37fe434fe76b0f5791e6bd3fdb46"},"headline":"Burze w dniu 16.07.2024 &#8211; ca\u0142a Polska","datePublished":"2024-07-23T15:52:10+00:00","dateModified":"2024-07-23T15:52:12+00:00","mainEntityOfPage":{"@id":"https:\/\/cmm.imgw.pl\/?p=42059"},"wordCount":1233,"publisher":{"@id":"https:\/\/cmm.imgw.pl\/#organization"},"articleSection":["Analizy meteorologiczne","Info","Komentarz"],"inLanguage":"pl-PL"},{"@type":"WebPage","@id":"https:\/\/cmm.imgw.pl\/?p=42059","url":"https:\/\/cmm.imgw.pl\/?p=42059","name":"Burze w dniu 16.07.2024 - ca\u0142a Polska - Laboratorium Modelowania Meteorologicznego CMOK IMGW-PIB","isPartOf":{"@id":"https:\/\/cmm.imgw.pl\/#website"},"datePublished":"2024-07-23T15:52:10+00:00","dateModified":"2024-07-23T15:52:12+00:00","description":"Pierwsze burze utworzy\u0142y si\u0119 jeszcze przed godz. 07:00 czasu lokalnego na po\u0142udniu (woj. \u015bl\u0105skie) i zachodzie (woj. lubuskie) kraju.","breadcrumb":{"@id":"https:\/\/cmm.imgw.pl\/?p=42059#breadcrumb"},"inLanguage":"pl-PL","potentialAction":[{"@type":"ReadAction","target":["https:\/\/cmm.imgw.pl\/?p=42059"]}]},{"@type":"BreadcrumbList","@id":"https:\/\/cmm.imgw.pl\/?p=42059#breadcrumb","itemListElement":[{"@type":"ListItem","position":1,"name":"Home","item":"https:\/\/cmm.imgw.pl\/"},{"@type":"ListItem","position":2,"name":"Burze w dniu 16.07.2024 &#8211; ca\u0142a Polska"}]},{"@type":"WebSite","@id":"https:\/\/cmm.imgw.pl\/#website","url":"https:\/\/cmm.imgw.pl\/","name":"Laboratorium Modelowania Meteorologicznego CMOK IMGW-PIB","description":"CMOK-LMM Laboratorium pe\u0142ni pa\u0144stwow\u0105 s\u0142u\u017cb\u0119 hydrologiczno-meteorologiczn\u0105 w zakresie numerycznych prognoz pogody, kt\u00f3rego zadaniem jest konsolidacja kompetencji w obszarze modelowania zjawisk pogodowych oraz dalszego rozwoju numerycznych modeli pogody (NMP).","publisher":{"@id":"https:\/\/cmm.imgw.pl\/#organization"},"potentialAction":[{"@type":"SearchAction","target":{"@type":"EntryPoint","urlTemplate":"https:\/\/cmm.imgw.pl\/?s={search_term_string}"},"query-input":"required name=search_term_string"}],"inLanguage":"pl-PL"},{"@type":"Organization","@id":"https:\/\/cmm.imgw.pl\/#organization","name":"Laboratorium Modelowania Meteorologicznego CMOK IMGW-PIB","url":"https:\/\/cmm.imgw.pl\/","sameAs":["https:\/\/www.facebook.com\/Meteoimgw\/","https:\/\/twitter.com\/IMGW_CMM"],"logo":{"@type":"ImageObject","inLanguage":"pl-PL","@id":"https:\/\/cmm.imgw.pl\/#\/schema\/logo\/image\/","url":"https:\/\/cmm.imgw.pl\/wp-content\/uploads\/2025\/10\/MODELE_LOGO_UNIFIKACJA_v2.png","contentUrl":"https:\/\/cmm.imgw.pl\/wp-content\/uploads\/2025\/10\/MODELE_LOGO_UNIFIKACJA_v2.png","width":1356,"height":365,"caption":"Laboratorium Modelowania Meteorologicznego CMOK IMGW-PIB"},"image":{"@id":"https:\/\/cmm.imgw.pl\/#\/schema\/logo\/image\/"}},{"@type":"Person","@id":"https:\/\/cmm.imgw.pl\/#\/schema\/person\/a24a37fe434fe76b0f5791e6bd3fdb46","name":"CMM","image":{"@type":"ImageObject","inLanguage":"pl-PL","@id":"https:\/\/cmm.imgw.pl\/#\/schema\/person\/image\/","url":"https:\/\/secure.gravatar.com\/avatar\/9248ea2273711f1cd09d6bd45867dbfb?s=96&d=blank&r=g","contentUrl":"https:\/\/secure.gravatar.com\/avatar\/9248ea2273711f1cd09d6bd45867dbfb?s=96&d=blank&r=g","caption":"CMM"},"sameAs":["http:\/\/cmm.imgw.pl"],"url":"https:\/\/cmm.imgw.pl\/?author=3"}]}},"_links":{"self":[{"href":"https:\/\/cmm.imgw.pl\/index.php?rest_route=\/wp\/v2\/posts\/42059"}],"collection":[{"href":"https:\/\/cmm.imgw.pl\/index.php?rest_route=\/wp\/v2\/posts"}],"about":[{"href":"https:\/\/cmm.imgw.pl\/index.php?rest_route=\/wp\/v2\/types\/post"}],"author":[{"embeddable":true,"href":"https:\/\/cmm.imgw.pl\/index.php?rest_route=\/wp\/v2\/users\/3"}],"replies":[{"embeddable":true,"href":"https:\/\/cmm.imgw.pl\/index.php?rest_route=%2Fwp%2Fv2%2Fcomments&post=42059"}],"version-history":[{"count":1,"href":"https:\/\/cmm.imgw.pl\/index.php?rest_route=\/wp\/v2\/posts\/42059\/revisions"}],"predecessor-version":[{"id":42066,"href":"https:\/\/cmm.imgw.pl\/index.php?rest_route=\/wp\/v2\/posts\/42059\/revisions\/42066"}],"wp:attachment":[{"href":"https:\/\/cmm.imgw.pl\/index.php?rest_route=%2Fwp%2Fv2%2Fmedia&parent=42059"}],"wp:term":[{"taxonomy":"category","embeddable":true,"href":"https:\/\/cmm.imgw.pl\/index.php?rest_route=%2Fwp%2Fv2%2Fcategories&post=42059"},{"taxonomy":"post_tag","embeddable":true,"href":"https:\/\/cmm.imgw.pl\/index.php?rest_route=%2Fwp%2Fv2%2Ftags&post=42059"}],"curies":[{"name":"wp","href":"https:\/\/api.w.org\/{rel}","templated":true}]}}