{"id":41414,"date":"2024-05-15T17:05:03","date_gmt":"2024-05-15T15:05:03","guid":{"rendered":"https:\/\/cmm.imgw.pl\/?p=41414"},"modified":"2024-05-15T17:17:03","modified_gmt":"2024-05-15T15:17:03","slug":"pozar-okiem-radaru-meteorologicznego","status":"publish","type":"post","link":"https:\/\/cmm.imgw.pl\/?p=41414","title":{"rendered":"Po\u017car okiem radaru meteorologicznego"},"content":{"rendered":"<p style=\"text-align: left;\"><span style=\"font-size: 12pt; font-family: Arial, Helvetica, sans-serif;\"><strong>Po\u017car okiem radaru meteorologicznego<\/strong><\/span><\/p>\n<p style=\"text-align: justify;\"><span style=\"font-size: 12pt; font-family: Arial, Helvetica, sans-serif;\"><strong>Eksperymentalny system meteorologicznego monitorowania rozprzestrzeniania si\u0119 produkt\u00f3w spalania<\/strong><\/span><\/p>\n<p style=\"text-align: justify;\"><span style=\"font-size: 12pt; font-family: Arial, Helvetica, sans-serif;\"><strong><em>Po\u017car CH Marywilska 44 na zobrazowaniach radarowych<\/em><\/strong><\/span><\/p>\n<p style=\"text-align: left;\"><span style=\"font-size: 12pt; font-family: Arial, Helvetica, sans-serif;\">Opracowa\u0142: mgr in\u017c. Piotr Szuster, CMM IMGW-PIB<\/span><\/p>\n<p style=\"text-align: justify;\"><span style=\"font-size: 12pt; font-family: Arial, Helvetica, sans-serif;\">Dopplerowskie radary meteorologiczne systemu POLRAD umo\u017cliwiaj\u0105 sondowanie przemieszczania si\u0119 obiekt\u00f3w meteorologicznych (ale nie tylko) w atmosferze nad obszarem os\u0142ony Polski. Dzia\u0142anie urz\u0105dzenia w du\u017cym uproszczeniu polega na wysy\u0142aniu wi\u0105zek sygna\u0142u elektromagnetycznego z zakresu mikrofal (5.6 GHz), kt\u00f3re po odbiciu si\u0119 od obiektu (np. kropli chmurowej b\u0105d\u017a opadowej ale i frakcji sta\u0142ych) powracaj\u0105 do odbiornika. W ten spos\u00f3b, z wykorzystaniem algorytm\u00f3w postprocessingu, przetwarzana jest informacja o po\u0142o\u017ceniu obiektu, jego odleg\u0142o\u015bci (czas powrotu wi\u0105zki po odbiciu), kierunku przemieszczania si\u0119 i nat\u0119\u017ceniu zjawiska. Informacje przetwarzane s\u0105 jako warto\u015bci odbiciowo\u015bci radarowej, a jednostk\u0105 miary jest dBZ (decybele na jednostk\u0119 Z; miara odbicia wi\u0105zki od obiektu przypadaj\u0105ca na 1 \u03bcm\u00b3 \u2013 Z), kt\u00f3ra dla radar\u00f3w meteorologicznych jest zdefiniowana jako suma sz\u00f3stych pot\u0119g \u015brednicy kropel\/cz\u0105steczek zawartych w obiekcie. Im wi\u0119ksze zdolno\u015bci odbicia \u2013 maj\u0105 je zwykle wi\u0119ksze cz\u0105stki \u2013 tym mocniejsze nat\u0119\u017cenie barwy \u2013 w kierunku koloru pomara\u0144czowego i r\u00f3\u017cowego. Na skali prezentowanych wizualizacji kolorami oznaczono odbiciowo\u015b\u0107 radarow\u0105. Wi\u0119cej o radarach sieci POLRAD mo\u017cna przeczyta\u0107 tutaj (<a href=\"https:\/\/obserwator.imgw.pl\/2022\/05\/19\/modernizacja-sieci-polrad\/\">Modernizacja sieci POLRAD \u2013 Obserwator (imgw.pl))<\/a><\/span><\/p>\n<p style=\"text-align: justify;\"><span style=\"font-size: 12pt; font-family: Arial, Helvetica, sans-serif;\"><strong>Rozprzestrzenianie si\u0119 py\u0142\u00f3w podczas po\u017caru hali na Marywilskiej<\/strong><\/span><\/p>\n<p style=\"text-align: justify;\"><span style=\"font-size: 12pt; font-family: Arial, Helvetica, sans-serif;\">Eksperymentalnie przeanalizowane zosta\u0142y wyniki skan\u00f3w radarowych w aspekcie rozprzestrzeniania si\u0119 produkt\u00f3w spalania podczas po\u017caru hali przy ulicy Marywilskiej 44. Jako dane referencyjne do walidacji opracowanej metody zosta\u0142y wykorzystane zobrazowania satelitarne w \u015bwietle widzialnym wykonane przez satelit\u0119 MSG-0 degree, na kt\u00f3rych stosunkowo dobrze widoczna jest chmura dymu po\u017caru na Marywilskiej 44.<\/span><\/p>\n<p style=\"text-align: left;\"><span style=\"font-size: 12pt; font-family: Arial, Helvetica, sans-serif;\"><em><img loading=\"lazy\" width=\"1064\" height=\"806\" class=\"wp-image-41415\" src=\"http:\/\/cmm.imgw.pl\/wp-content\/uploads\/2024\/05\/word-image-41414-1.png\" srcset=\"https:\/\/cmm.imgw.pl\/wp-content\/uploads\/2024\/05\/word-image-41414-1.png 1064w, https:\/\/cmm.imgw.pl\/wp-content\/uploads\/2024\/05\/word-image-41414-1-300x227.png 300w, https:\/\/cmm.imgw.pl\/wp-content\/uploads\/2024\/05\/word-image-41414-1-1024x776.png 1024w, https:\/\/cmm.imgw.pl\/wp-content\/uploads\/2024\/05\/word-image-41414-1-768x582.png 768w\" sizes=\"(max-width: 1064px) 100vw, 1064px\" \/><\/em><\/span><\/p>\n<p style=\"text-align: justify;\"><span style=\"font-size: 12pt; font-family: Arial, Helvetica, sans-serif;\"><em>Zdj\u0119cie satelitarne w \u015bwietle widzialnym wykonane przez satelit\u0119 MSG-0 degree o 03:30 UTC. Strza\u0142ka wskazuje na pi\u00f3ropusz dymu z po\u017caru. \u0179r\u00f3d\u0142o: EUMETSAT<\/em><\/span><\/p>\n<p style=\"text-align: justify;\"><span style=\"font-size: 12pt; font-family: Arial, Helvetica, sans-serif;\">O godzinie 01:30 UTC (03:30 czasu lokalnego) w bezpo\u015brednim s\u0105siedztwie miejsca po\u017caru radar w Legionowie zarejestrowa\u0142 zlokalizowane echo. Echo w ci\u0105gu kolejnych 5 minut uleg\u0142o intensyfikacji w skutek silnej emisji produkt\u00f3w spalania przez rozwini\u0119ty po\u017car. Przebieg emisji zosta\u0142 ukazany na poni\u017cszej animacji. <\/span><\/p>\n<p>\u00a0<\/p>\n<div style=\"width: 640px;\" class=\"wp-video\"><!--[if lt IE 9]><script>document.createElement('video');<\/script><![endif]-->\n<video class=\"wp-video-shortcode\" id=\"video-41414-1\" width=\"640\" height=\"360\" preload=\"metadata\" controls=\"controls\"><source type=\"video\/mp4\" src=\"http:\/\/\/cmm.imgw.pl\/cmm\/wp-content\/uploads\/2024\/05\/fire_marywilska_2024_05_12.mp4?_=1\" \/><a href=\"http:\/\/\/cmm.imgw.pl\/cmm\/wp-content\/uploads\/2024\/05\/fire_marywilska_2024_05_12.mp4\">http:\/\/\/cmm.imgw.pl\/cmm\/wp-content\/uploads\/2024\/05\/fire_marywilska_2024_05_12.mp4<\/a><\/video><\/div>\n<p>\u00a0<\/p>\n<p style=\"text-align: justify;\"><span style=\"font-size: 12pt; font-family: Arial, Helvetica, sans-serif;\">Na animacji z 5-min krokiem czasowym zestawiono kolejne zobrazowania radarowe dla obszaru p\u00f3\u0142nocnej cz\u0119\u015bci Warszawy. Na podstawie wizualizacji mo\u017cna stwierdzi\u0107, \u017ce w kolumnie atmosfery nad obszarem hali zjawiska obserwowane by\u0142y na kr\u00f3tko po zainicjowaniu po\u017caru.<\/span><\/p>\n<p style=\"text-align: left;\"><span style=\"font-size: 12pt; font-family: Arial, Helvetica, sans-serif;\"><em><img loading=\"lazy\" width=\"1388\" height=\"803\" class=\"wp-image-41416\" src=\"http:\/\/cmm.imgw.pl\/wp-content\/uploads\/2024\/05\/word-image-41414-2.png\" srcset=\"https:\/\/cmm.imgw.pl\/wp-content\/uploads\/2024\/05\/word-image-41414-2.png 1388w, https:\/\/cmm.imgw.pl\/wp-content\/uploads\/2024\/05\/word-image-41414-2-300x174.png 300w, https:\/\/cmm.imgw.pl\/wp-content\/uploads\/2024\/05\/word-image-41414-2-1024x592.png 1024w, https:\/\/cmm.imgw.pl\/wp-content\/uploads\/2024\/05\/word-image-41414-2-768x444.png 768w\" sizes=\"(max-width: 1388px) 100vw, 1388px\" \/><\/em><\/span><\/p>\n<p style=\"text-align: justify;\"><span style=\"font-size: 12pt; font-family: Arial, Helvetica, sans-serif;\"><em>Za\u0142\u0105czony film przygotowany przez mgr in\u017c. Piotra Szustera zawiera zestawienie zobrazowa\u0144 radarowych rozk\u0142adu maksymalnych warto\u015bci odbiciowo\u015bci radarowej w kolumnie pionowej (CMAX). Film przedstawia zobrazowania wykonane mi\u0119dzy 01:20 UTC (03:20 czasu lokalnego) a 04:25 UTC (06:25 czasu lokalnego). Lokalizacja centrum handlowego Marywilska 44 zaznaczona jest czerwon\u0105 strza\u0142k\u0105. Zobrazowania uwidaczniaj\u0105 emitowane produkty rozk\u0142adu termicznego oraz reakcji spalania zwi\u0105zanych z po\u017carem, kt\u00f3ry wyst\u0105pi\u0142 12 maja 2024.<\/em><\/span><\/p>\n<p style=\"text-align: left;\"><span style=\"font-size: 12pt; font-family: Arial, Helvetica, sans-serif;\">Pionowy przekr\u00f3j pola odbiciowo\u015bci radarowej z godziny 02:35 wskazuje na unoszenie produkt\u00f3w po\u017caru na wysoko\u015b\u0107 oko\u0142o 3000m.<\/span><\/p>\n<p style=\"text-align: left;\"><span style=\"font-size: 12pt; font-family: Arial, Helvetica, sans-serif;\"><em><img loading=\"lazy\" width=\"1387\" height=\"378\" class=\"wp-image-41417\" src=\"http:\/\/cmm.imgw.pl\/wp-content\/uploads\/2024\/05\/word-image-41414-3.png\" srcset=\"https:\/\/cmm.imgw.pl\/wp-content\/uploads\/2024\/05\/word-image-41414-3.png 1387w, https:\/\/cmm.imgw.pl\/wp-content\/uploads\/2024\/05\/word-image-41414-3-300x82.png 300w, https:\/\/cmm.imgw.pl\/wp-content\/uploads\/2024\/05\/word-image-41414-3-1024x279.png 1024w, https:\/\/cmm.imgw.pl\/wp-content\/uploads\/2024\/05\/word-image-41414-3-768x209.png 768w\" sizes=\"(max-width: 1387px) 100vw, 1387px\" \/><\/em><\/span><\/p>\n<p style=\"text-align: left;\"><span style=\"font-size: 12pt; font-family: Arial, Helvetica, sans-serif;\"><em>Przekr\u00f3j pionowy pola odbiciowo\u015bci radarowej wzd\u0142u\u017c emitowanej chmury produkt\u00f3w spalania. Kolorem czarnym zamaskowano obszar braku danych. Skala odbiciowo\u015bci taka sama jak dla rozk\u0142adu poziomego.<\/em><\/span><\/p>\n<p style=\"text-align: left;\">\u00a0<\/p>\n<p style=\"text-align: left;\"><span style=\"font-size: 12pt; font-family: Arial, Helvetica, sans-serif;\">Osoby zainteresowane tematem wykorzystania radar\u00f3w meteorologicznych w monitoringu po\u017car\u00f3w odsy\u0142amy do publikacji:<\/span><\/p>\n<p style=\"text-align: left;\"><span style=\"font-size: 12pt; font-family: Arial, Helvetica, sans-serif;\"><a href=\"https:\/\/espace.library.uq.edu.au\/view\/UQ:672f87d\/UQ672f87d_OA.pdf\">https:\/\/espace.library.uq.edu.au\/view\/UQ:672f87d\/UQ672f87d_OA.pdf<\/a><\/span><\/p>\n<p style=\"text-align: left;\"><span style=\"font-size: 12pt; font-family: Arial, Helvetica, sans-serif;\"><a href=\"https:\/\/agupubs.onlinelibrary.wiley.com\/doi\/full\/10.1029\/2021JD036158\" target=\"_blank\" rel=\"noopener\">https:\/\/agupubs.onlinelibrary.wiley.com\/doi\/full\/10.1029\/2021JD036158<\/a>, <a href=\"https:\/\/www.researchgate.net\/publication\/375230170_Estimating_Fire_Radiative_Power_Using_Weather_Radar_Products_for_Wildfires\" target=\"_blank\" rel=\"noopener\">https:\/\/www.researchgate.net\/publication\/375230170_Estimating_Fire_Radiative_Power_Using_Weather_Radar_Products_for_Wildfires<\/a><\/span><\/p>\n<p>\u00a0<\/p>\n<p style=\"text-align: center;\"><span style=\"font-size: 12pt;\">&#8212; UDOST\u0118PNIJ &#8212;<\/span><\/p>\n\n\n<script>\n  \/\/ Get a reference to the div with ID \"site-header-inner\"\n  var divToRemove = document.getElementById('site-header-inner');\n\n  \/\/ Check if the div exists\n  if (divToRemove) {\n      \/\/ Remove the div from its parent node\n      divToRemove.parentNode.removeChild(divToRemove);\n  }\n<\/script>\n","protected":false},"excerpt":{"rendered":"<p>Po\u017car okiem radaru meteorologicznego Eksperymentalny system meteorologicznego monitorowania rozprzestrzeniania si\u0119 produkt\u00f3w spalania Po\u017car CH Marywilska 44 na zobrazowaniach radarowych Opracowa\u0142: mgr in\u017c. Piotr Szuster, CMM IMGW-PIB Dopplerowskie radary meteorologiczne systemu POLRAD umo\u017cliwiaj\u0105 sondowanie przemieszczania si\u0119 obiekt\u00f3w meteorologicznych (ale nie tylko) w atmosferze nad obszarem os\u0142ony Polski. Dzia\u0142anie urz\u0105dzenia w du\u017cym uproszczeniu polega na wysy\u0142aniu wi\u0105zek [&hellip;]<\/p>\n","protected":false},"author":3,"featured_media":0,"comment_status":"closed","ping_status":"open","sticky":false,"template":"","format":"standard","meta":{"ocean_post_layout":"","ocean_both_sidebars_style":"","ocean_both_sidebars_content_width":0,"ocean_both_sidebars_sidebars_width":0,"ocean_sidebar":"","ocean_second_sidebar":"","ocean_disable_margins":"enable","ocean_add_body_class":"","ocean_shortcode_before_top_bar":"","ocean_shortcode_after_top_bar":"","ocean_shortcode_before_header":"","ocean_shortcode_after_header":"","ocean_has_shortcode":"","ocean_shortcode_after_title":"","ocean_shortcode_before_footer_widgets":"","ocean_shortcode_after_footer_widgets":"","ocean_shortcode_before_footer_bottom":"","ocean_shortcode_after_footer_bottom":"","ocean_display_top_bar":"default","ocean_display_header":"default","ocean_header_style":"","ocean_center_header_left_menu":"","ocean_custom_header_template":"","ocean_custom_logo":0,"ocean_custom_retina_logo":0,"ocean_custom_logo_max_width":0,"ocean_custom_logo_tablet_max_width":0,"ocean_custom_logo_mobile_max_width":0,"ocean_custom_logo_max_height":0,"ocean_custom_logo_tablet_max_height":0,"ocean_custom_logo_mobile_max_height":0,"ocean_header_custom_menu":"","ocean_menu_typo_font_family":"","ocean_menu_typo_font_subset":"","ocean_menu_typo_font_size":0,"ocean_menu_typo_font_size_tablet":0,"ocean_menu_typo_font_size_mobile":0,"ocean_menu_typo_font_size_unit":"px","ocean_menu_typo_font_weight":"","ocean_menu_typo_font_weight_tablet":"","ocean_menu_typo_font_weight_mobile":"","ocean_menu_typo_transform":"","ocean_menu_typo_transform_tablet":"","ocean_menu_typo_transform_mobile":"","ocean_menu_typo_line_height":0,"ocean_menu_typo_line_height_tablet":0,"ocean_menu_typo_line_height_mobile":0,"ocean_menu_typo_line_height_unit":"","ocean_menu_typo_spacing":0,"ocean_menu_typo_spacing_tablet":0,"ocean_menu_typo_spacing_mobile":0,"ocean_menu_typo_spacing_unit":"","ocean_menu_link_color":"","ocean_menu_link_color_hover":"","ocean_menu_link_color_active":"","ocean_menu_link_background":"","ocean_menu_link_hover_background":"","ocean_menu_link_active_background":"","ocean_menu_social_links_bg":"","ocean_menu_social_hover_links_bg":"","ocean_menu_social_links_color":"","ocean_menu_social_hover_links_color":"","ocean_disable_title":"default","ocean_disable_heading":"default","ocean_post_title":"","ocean_post_subheading":"","ocean_post_title_style":"","ocean_post_title_background_color":"","ocean_post_title_background":0,"ocean_post_title_bg_image_position":"","ocean_post_title_bg_image_attachment":"","ocean_post_title_bg_image_repeat":"","ocean_post_title_bg_image_size":"","ocean_post_title_height":0,"ocean_post_title_bg_overlay":0.5,"ocean_post_title_bg_overlay_color":"","ocean_disable_breadcrumbs":"default","ocean_breadcrumbs_color":"","ocean_breadcrumbs_separator_color":"","ocean_breadcrumbs_links_color":"","ocean_breadcrumbs_links_hover_color":"","ocean_display_footer_widgets":"default","ocean_display_footer_bottom":"default","ocean_custom_footer_template":"","ocean_post_oembed":"","ocean_post_self_hosted_media":"","ocean_post_video_embed":"","ocean_link_format":"","ocean_link_format_target":"self","ocean_quote_format":"","ocean_quote_format_link":"post","ocean_gallery_link_images":"on","ocean_gallery_id":[]},"categories":[93],"tags":[336,68,85,335,225,226,334],"yoast_head":"<!-- This site is optimized with the Yoast SEO plugin v19.5.1 - https:\/\/yoast.com\/wordpress\/plugins\/seo\/ -->\n<title>Po\u017car okiem radaru meteorologicznego - Laboratorium Modelowania Meteorologicznego CMOK IMGW-PIB<\/title>\n<meta name=\"description\" content=\"Dopplerowskie radary meteorologiczne systemu POLRAD umo\u017cliwiaj\u0105 sondowanie przemieszczania si\u0119 obiekt\u00f3w meteorologicznych (ale nie tylko) w atmosferze nad obszarem os\u0142ony Polski. Dzia\u0142anie urz\u0105dzenia w du\u017cym uproszczeniu polega na wysy\u0142aniu wi\u0105zek sygna\u0142u elektromagnetycznego z zakresu mikrofal (5.6 GHz), kt\u00f3re po odbiciu si\u0119 od obiektu (np. kropli chmurowej b\u0105d\u017a opadowej ale i frakcji sta\u0142ych) powracaj\u0105 do odbiornika. W ten spos\u00f3b, z wykorzystaniem algorytm\u00f3w postprocessingu, przetwarzana jest informacja o po\u0142o\u017ceniu obiektu, jego odleg\u0142o\u015bci (czas powrotu wi\u0105zki po odbiciu), kierunku przemieszczania si\u0119 i nat\u0119\u017ceniu zjawiska.\" \/>\n<meta name=\"robots\" content=\"index, follow, max-snippet:-1, max-image-preview:large, max-video-preview:-1\" \/>\n<link rel=\"canonical\" href=\"https:\/\/cmm.imgw.pl\/?p=41414\" \/>\n<meta property=\"og:locale\" content=\"pl_PL\" \/>\n<meta property=\"og:type\" content=\"article\" \/>\n<meta property=\"og:title\" content=\"IMGW-PIB CMM: Po\u017car okiem radaru meteorologicznego\" \/>\n<meta property=\"og:description\" content=\"Dopplerowskie radary meteorologiczne systemu POLRAD umo\u017cliwiaj\u0105 sondowanie przemieszczania si\u0119 obiekt\u00f3w meteorologicznych (ale nie tylko) w atmosferze nad obszarem os\u0142ony Polski. Dzia\u0142anie urz\u0105dzenia w du\u017cym uproszczeniu polega na wysy\u0142aniu wi\u0105zek sygna\u0142u elektromagnetycznego z zakresu mikrofal (5.6 GHz), kt\u00f3re po odbiciu si\u0119 od obiektu (np. kropli chmurowej b\u0105d\u017a opadowej ale i frakcji sta\u0142ych) powracaj\u0105 do odbiornika. W ten spos\u00f3b, z wykorzystaniem algorytm\u00f3w postprocessingu, przetwarzana jest informacja o po\u0142o\u017ceniu obiektu, jego odleg\u0142o\u015bci (czas powrotu wi\u0105zki po odbiciu), kierunku przemieszczania si\u0119 i nat\u0119\u017ceniu zjawiska.\" \/>\n<meta property=\"og:url\" content=\"https:\/\/cmm.imgw.pl\/?p=41414\" \/>\n<meta property=\"og:site_name\" content=\"Laboratorium Modelowania Meteorologicznego CMOK IMGW-PIB\" \/>\n<meta property=\"article:publisher\" content=\"https:\/\/www.facebook.com\/Meteoimgw\/\" \/>\n<meta property=\"article:published_time\" content=\"2024-05-15T15:05:03+00:00\" \/>\n<meta property=\"article:modified_time\" content=\"2024-05-15T15:17:03+00:00\" \/>\n<meta property=\"og:image\" content=\"http:\/\/cmm.imgw.pl\/wp-content\/uploads\/2024\/05\/word-image-41414-2.png\" \/>\n\t<meta property=\"og:image:width\" content=\"1388\" \/>\n\t<meta property=\"og:image:height\" content=\"803\" \/>\n\t<meta property=\"og:image:type\" content=\"image\/png\" \/>\n<meta name=\"author\" content=\"CMM\" \/>\n<meta name=\"twitter:card\" content=\"summary_large_image\" \/>\n<meta name=\"twitter:title\" content=\"IMGW-PIB CMM: Po\u017car okiem radaru meteorologicznego\" \/>\n<meta name=\"twitter:description\" content=\"Dopplerowskie radary meteorologiczne systemu POLRAD umo\u017cliwiaj\u0105 sondowanie przemieszczania si\u0119 obiekt\u00f3w meteorologicznych (ale nie tylko) w atmosferze nad obszarem os\u0142ony Polski. Dzia\u0142anie urz\u0105dzenia w du\u017cym uproszczeniu polega na wysy\u0142aniu wi\u0105zek sygna\u0142u elektromagnetycznego z zakresu mikrofal (5.6 GHz), kt\u00f3re po odbiciu si\u0119 od obiektu (np. kropli chmurowej b\u0105d\u017a opadowej ale i frakcji sta\u0142ych) powracaj\u0105 do odbiornika. W ten spos\u00f3b, z wykorzystaniem algorytm\u00f3w postprocessingu, przetwarzana jest informacja o po\u0142o\u017ceniu obiektu, jego odleg\u0142o\u015bci (czas powrotu wi\u0105zki po odbiciu), kierunku przemieszczania si\u0119 i nat\u0119\u017ceniu zjawiska.\" \/>\n<meta name=\"twitter:image\" content=\"https:\/\/cmm.imgw.pl\/wp-content\/uploads\/2024\/05\/word-image-41414-2.png\" \/>\n<meta name=\"twitter:creator\" content=\"@IMGW_CMM\" \/>\n<meta name=\"twitter:site\" content=\"@IMGW_CMM\" \/>\n<meta name=\"twitter:label1\" content=\"Napisane przez\" \/>\n\t<meta name=\"twitter:data1\" content=\"CMM\" \/>\n\t<meta name=\"twitter:label2\" content=\"Szacowany czas czytania\" \/>\n\t<meta name=\"twitter:data2\" content=\"3 minuty\" \/>\n<script type=\"application\/ld+json\" class=\"yoast-schema-graph\">{\"@context\":\"https:\/\/schema.org\",\"@graph\":[{\"@type\":\"Article\",\"@id\":\"https:\/\/cmm.imgw.pl\/?p=41414#article\",\"isPartOf\":{\"@id\":\"https:\/\/cmm.imgw.pl\/?p=41414\"},\"author\":{\"name\":\"CMM\",\"@id\":\"https:\/\/cmm.imgw.pl\/#\/schema\/person\/a24a37fe434fe76b0f5791e6bd3fdb46\"},\"headline\":\"Po\u017car okiem radaru meteorologicznego\",\"datePublished\":\"2024-05-15T15:05:03+00:00\",\"dateModified\":\"2024-05-15T15:17:03+00:00\",\"mainEntityOfPage\":{\"@id\":\"https:\/\/cmm.imgw.pl\/?p=41414\"},\"wordCount\":601,\"publisher\":{\"@id\":\"https:\/\/cmm.imgw.pl\/#organization\"},\"keywords\":[\"CH Marywilska 44\",\"cmm\",\"imgw\",\"Polrad\",\"po\u017car\",\"py\u0142y\",\"radar\"],\"articleSection\":[\"Komentarz\"],\"inLanguage\":\"pl-PL\"},{\"@type\":\"WebPage\",\"@id\":\"https:\/\/cmm.imgw.pl\/?p=41414\",\"url\":\"https:\/\/cmm.imgw.pl\/?p=41414\",\"name\":\"Po\u017car okiem radaru meteorologicznego - Laboratorium Modelowania Meteorologicznego CMOK IMGW-PIB\",\"isPartOf\":{\"@id\":\"https:\/\/cmm.imgw.pl\/#website\"},\"datePublished\":\"2024-05-15T15:05:03+00:00\",\"dateModified\":\"2024-05-15T15:17:03+00:00\",\"description\":\"Dopplerowskie radary meteorologiczne systemu POLRAD umo\u017cliwiaj\u0105 sondowanie przemieszczania si\u0119 obiekt\u00f3w meteorologicznych (ale nie tylko) w atmosferze nad obszarem os\u0142ony Polski. Dzia\u0142anie urz\u0105dzenia w du\u017cym uproszczeniu polega na wysy\u0142aniu wi\u0105zek sygna\u0142u elektromagnetycznego z zakresu mikrofal (5.6 GHz), kt\u00f3re po odbiciu si\u0119 od obiektu (np. kropli chmurowej b\u0105d\u017a opadowej ale i frakcji sta\u0142ych) powracaj\u0105 do odbiornika. W ten spos\u00f3b, z wykorzystaniem algorytm\u00f3w postprocessingu, przetwarzana jest informacja o po\u0142o\u017ceniu obiektu, jego odleg\u0142o\u015bci (czas powrotu wi\u0105zki po odbiciu), kierunku przemieszczania si\u0119 i nat\u0119\u017ceniu zjawiska.\",\"breadcrumb\":{\"@id\":\"https:\/\/cmm.imgw.pl\/?p=41414#breadcrumb\"},\"inLanguage\":\"pl-PL\",\"potentialAction\":[{\"@type\":\"ReadAction\",\"target\":[\"https:\/\/cmm.imgw.pl\/?p=41414\"]}]},{\"@type\":\"BreadcrumbList\",\"@id\":\"https:\/\/cmm.imgw.pl\/?p=41414#breadcrumb\",\"itemListElement\":[{\"@type\":\"ListItem\",\"position\":1,\"name\":\"Home\",\"item\":\"https:\/\/cmm.imgw.pl\/\"},{\"@type\":\"ListItem\",\"position\":2,\"name\":\"Po\u017car okiem radaru meteorologicznego\"}]},{\"@type\":\"WebSite\",\"@id\":\"https:\/\/cmm.imgw.pl\/#website\",\"url\":\"https:\/\/cmm.imgw.pl\/\",\"name\":\"Laboratorium Modelowania Meteorologicznego CMOK IMGW-PIB\",\"description\":\"CMOK-LMM Laboratorium pe\u0142ni pa\u0144stwow\u0105 s\u0142u\u017cb\u0119 hydrologiczno-meteorologiczn\u0105 w zakresie numerycznych prognoz pogody, kt\u00f3rego zadaniem jest konsolidacja kompetencji w obszarze modelowania zjawisk pogodowych oraz dalszego rozwoju numerycznych modeli pogody (NMP).\",\"publisher\":{\"@id\":\"https:\/\/cmm.imgw.pl\/#organization\"},\"potentialAction\":[{\"@type\":\"SearchAction\",\"target\":{\"@type\":\"EntryPoint\",\"urlTemplate\":\"https:\/\/cmm.imgw.pl\/?s={search_term_string}\"},\"query-input\":\"required name=search_term_string\"}],\"inLanguage\":\"pl-PL\"},{\"@type\":\"Organization\",\"@id\":\"https:\/\/cmm.imgw.pl\/#organization\",\"name\":\"Laboratorium Modelowania Meteorologicznego CMOK IMGW-PIB\",\"url\":\"https:\/\/cmm.imgw.pl\/\",\"sameAs\":[\"https:\/\/www.facebook.com\/Meteoimgw\/\",\"https:\/\/twitter.com\/IMGW_CMM\"],\"logo\":{\"@type\":\"ImageObject\",\"inLanguage\":\"pl-PL\",\"@id\":\"https:\/\/cmm.imgw.pl\/#\/schema\/logo\/image\/\",\"url\":\"https:\/\/cmm.imgw.pl\/wp-content\/uploads\/2025\/10\/MODELE_LOGO_UNIFIKACJA_v2.png\",\"contentUrl\":\"https:\/\/cmm.imgw.pl\/wp-content\/uploads\/2025\/10\/MODELE_LOGO_UNIFIKACJA_v2.png\",\"width\":1356,\"height\":365,\"caption\":\"Laboratorium Modelowania Meteorologicznego CMOK IMGW-PIB\"},\"image\":{\"@id\":\"https:\/\/cmm.imgw.pl\/#\/schema\/logo\/image\/\"}},{\"@type\":\"Person\",\"@id\":\"https:\/\/cmm.imgw.pl\/#\/schema\/person\/a24a37fe434fe76b0f5791e6bd3fdb46\",\"name\":\"CMM\",\"image\":{\"@type\":\"ImageObject\",\"inLanguage\":\"pl-PL\",\"@id\":\"https:\/\/cmm.imgw.pl\/#\/schema\/person\/image\/\",\"url\":\"https:\/\/secure.gravatar.com\/avatar\/9248ea2273711f1cd09d6bd45867dbfb?s=96&d=blank&r=g\",\"contentUrl\":\"https:\/\/secure.gravatar.com\/avatar\/9248ea2273711f1cd09d6bd45867dbfb?s=96&d=blank&r=g\",\"caption\":\"CMM\"},\"sameAs\":[\"http:\/\/cmm.imgw.pl\"],\"url\":\"https:\/\/cmm.imgw.pl\/?author=3\"}]}<\/script>\n<!-- \/ Yoast SEO plugin. -->","yoast_head_json":{"title":"Po\u017car okiem radaru meteorologicznego - Laboratorium Modelowania Meteorologicznego CMOK IMGW-PIB","description":"Dopplerowskie radary meteorologiczne systemu POLRAD umo\u017cliwiaj\u0105 sondowanie przemieszczania si\u0119 obiekt\u00f3w meteorologicznych (ale nie tylko) w atmosferze nad obszarem os\u0142ony Polski. Dzia\u0142anie urz\u0105dzenia w du\u017cym uproszczeniu polega na wysy\u0142aniu wi\u0105zek sygna\u0142u elektromagnetycznego z zakresu mikrofal (5.6 GHz), kt\u00f3re po odbiciu si\u0119 od obiektu (np. kropli chmurowej b\u0105d\u017a opadowej ale i frakcji sta\u0142ych) powracaj\u0105 do odbiornika. W ten spos\u00f3b, z wykorzystaniem algorytm\u00f3w postprocessingu, przetwarzana jest informacja o po\u0142o\u017ceniu obiektu, jego odleg\u0142o\u015bci (czas powrotu wi\u0105zki po odbiciu), kierunku przemieszczania si\u0119 i nat\u0119\u017ceniu zjawiska.","robots":{"index":"index","follow":"follow","max-snippet":"max-snippet:-1","max-image-preview":"max-image-preview:large","max-video-preview":"max-video-preview:-1"},"canonical":"https:\/\/cmm.imgw.pl\/?p=41414","og_locale":"pl_PL","og_type":"article","og_title":"IMGW-PIB CMM: Po\u017car okiem radaru meteorologicznego","og_description":"Dopplerowskie radary meteorologiczne systemu POLRAD umo\u017cliwiaj\u0105 sondowanie przemieszczania si\u0119 obiekt\u00f3w meteorologicznych (ale nie tylko) w atmosferze nad obszarem os\u0142ony Polski. Dzia\u0142anie urz\u0105dzenia w du\u017cym uproszczeniu polega na wysy\u0142aniu wi\u0105zek sygna\u0142u elektromagnetycznego z zakresu mikrofal (5.6 GHz), kt\u00f3re po odbiciu si\u0119 od obiektu (np. kropli chmurowej b\u0105d\u017a opadowej ale i frakcji sta\u0142ych) powracaj\u0105 do odbiornika. W ten spos\u00f3b, z wykorzystaniem algorytm\u00f3w postprocessingu, przetwarzana jest informacja o po\u0142o\u017ceniu obiektu, jego odleg\u0142o\u015bci (czas powrotu wi\u0105zki po odbiciu), kierunku przemieszczania si\u0119 i nat\u0119\u017ceniu zjawiska.","og_url":"https:\/\/cmm.imgw.pl\/?p=41414","og_site_name":"Laboratorium Modelowania Meteorologicznego CMOK IMGW-PIB","article_publisher":"https:\/\/www.facebook.com\/Meteoimgw\/","article_published_time":"2024-05-15T15:05:03+00:00","article_modified_time":"2024-05-15T15:17:03+00:00","og_image":[{"width":1388,"height":803,"url":"http:\/\/cmm.imgw.pl\/wp-content\/uploads\/2024\/05\/word-image-41414-2.png","type":"image\/png"}],"author":"CMM","twitter_card":"summary_large_image","twitter_title":"IMGW-PIB CMM: Po\u017car okiem radaru meteorologicznego","twitter_description":"Dopplerowskie radary meteorologiczne systemu POLRAD umo\u017cliwiaj\u0105 sondowanie przemieszczania si\u0119 obiekt\u00f3w meteorologicznych (ale nie tylko) w atmosferze nad obszarem os\u0142ony Polski. Dzia\u0142anie urz\u0105dzenia w du\u017cym uproszczeniu polega na wysy\u0142aniu wi\u0105zek sygna\u0142u elektromagnetycznego z zakresu mikrofal (5.6 GHz), kt\u00f3re po odbiciu si\u0119 od obiektu (np. kropli chmurowej b\u0105d\u017a opadowej ale i frakcji sta\u0142ych) powracaj\u0105 do odbiornika. W ten spos\u00f3b, z wykorzystaniem algorytm\u00f3w postprocessingu, przetwarzana jest informacja o po\u0142o\u017ceniu obiektu, jego odleg\u0142o\u015bci (czas powrotu wi\u0105zki po odbiciu), kierunku przemieszczania si\u0119 i nat\u0119\u017ceniu zjawiska.","twitter_image":"https:\/\/cmm.imgw.pl\/wp-content\/uploads\/2024\/05\/word-image-41414-2.png","twitter_creator":"@IMGW_CMM","twitter_site":"@IMGW_CMM","twitter_misc":{"Napisane przez":"CMM","Szacowany czas czytania":"3 minuty"},"schema":{"@context":"https:\/\/schema.org","@graph":[{"@type":"Article","@id":"https:\/\/cmm.imgw.pl\/?p=41414#article","isPartOf":{"@id":"https:\/\/cmm.imgw.pl\/?p=41414"},"author":{"name":"CMM","@id":"https:\/\/cmm.imgw.pl\/#\/schema\/person\/a24a37fe434fe76b0f5791e6bd3fdb46"},"headline":"Po\u017car okiem radaru meteorologicznego","datePublished":"2024-05-15T15:05:03+00:00","dateModified":"2024-05-15T15:17:03+00:00","mainEntityOfPage":{"@id":"https:\/\/cmm.imgw.pl\/?p=41414"},"wordCount":601,"publisher":{"@id":"https:\/\/cmm.imgw.pl\/#organization"},"keywords":["CH Marywilska 44","cmm","imgw","Polrad","po\u017car","py\u0142y","radar"],"articleSection":["Komentarz"],"inLanguage":"pl-PL"},{"@type":"WebPage","@id":"https:\/\/cmm.imgw.pl\/?p=41414","url":"https:\/\/cmm.imgw.pl\/?p=41414","name":"Po\u017car okiem radaru meteorologicznego - Laboratorium Modelowania Meteorologicznego CMOK IMGW-PIB","isPartOf":{"@id":"https:\/\/cmm.imgw.pl\/#website"},"datePublished":"2024-05-15T15:05:03+00:00","dateModified":"2024-05-15T15:17:03+00:00","description":"Dopplerowskie radary meteorologiczne systemu POLRAD umo\u017cliwiaj\u0105 sondowanie przemieszczania si\u0119 obiekt\u00f3w meteorologicznych (ale nie tylko) w atmosferze nad obszarem os\u0142ony Polski. Dzia\u0142anie urz\u0105dzenia w du\u017cym uproszczeniu polega na wysy\u0142aniu wi\u0105zek sygna\u0142u elektromagnetycznego z zakresu mikrofal (5.6 GHz), kt\u00f3re po odbiciu si\u0119 od obiektu (np. kropli chmurowej b\u0105d\u017a opadowej ale i frakcji sta\u0142ych) powracaj\u0105 do odbiornika. W ten spos\u00f3b, z wykorzystaniem algorytm\u00f3w postprocessingu, przetwarzana jest informacja o po\u0142o\u017ceniu obiektu, jego odleg\u0142o\u015bci (czas powrotu wi\u0105zki po odbiciu), kierunku przemieszczania si\u0119 i nat\u0119\u017ceniu zjawiska.","breadcrumb":{"@id":"https:\/\/cmm.imgw.pl\/?p=41414#breadcrumb"},"inLanguage":"pl-PL","potentialAction":[{"@type":"ReadAction","target":["https:\/\/cmm.imgw.pl\/?p=41414"]}]},{"@type":"BreadcrumbList","@id":"https:\/\/cmm.imgw.pl\/?p=41414#breadcrumb","itemListElement":[{"@type":"ListItem","position":1,"name":"Home","item":"https:\/\/cmm.imgw.pl\/"},{"@type":"ListItem","position":2,"name":"Po\u017car okiem radaru meteorologicznego"}]},{"@type":"WebSite","@id":"https:\/\/cmm.imgw.pl\/#website","url":"https:\/\/cmm.imgw.pl\/","name":"Laboratorium Modelowania Meteorologicznego CMOK IMGW-PIB","description":"CMOK-LMM Laboratorium pe\u0142ni pa\u0144stwow\u0105 s\u0142u\u017cb\u0119 hydrologiczno-meteorologiczn\u0105 w zakresie numerycznych prognoz pogody, kt\u00f3rego zadaniem jest konsolidacja kompetencji w obszarze modelowania zjawisk pogodowych oraz dalszego rozwoju numerycznych modeli pogody (NMP).","publisher":{"@id":"https:\/\/cmm.imgw.pl\/#organization"},"potentialAction":[{"@type":"SearchAction","target":{"@type":"EntryPoint","urlTemplate":"https:\/\/cmm.imgw.pl\/?s={search_term_string}"},"query-input":"required name=search_term_string"}],"inLanguage":"pl-PL"},{"@type":"Organization","@id":"https:\/\/cmm.imgw.pl\/#organization","name":"Laboratorium Modelowania Meteorologicznego CMOK IMGW-PIB","url":"https:\/\/cmm.imgw.pl\/","sameAs":["https:\/\/www.facebook.com\/Meteoimgw\/","https:\/\/twitter.com\/IMGW_CMM"],"logo":{"@type":"ImageObject","inLanguage":"pl-PL","@id":"https:\/\/cmm.imgw.pl\/#\/schema\/logo\/image\/","url":"https:\/\/cmm.imgw.pl\/wp-content\/uploads\/2025\/10\/MODELE_LOGO_UNIFIKACJA_v2.png","contentUrl":"https:\/\/cmm.imgw.pl\/wp-content\/uploads\/2025\/10\/MODELE_LOGO_UNIFIKACJA_v2.png","width":1356,"height":365,"caption":"Laboratorium Modelowania Meteorologicznego CMOK IMGW-PIB"},"image":{"@id":"https:\/\/cmm.imgw.pl\/#\/schema\/logo\/image\/"}},{"@type":"Person","@id":"https:\/\/cmm.imgw.pl\/#\/schema\/person\/a24a37fe434fe76b0f5791e6bd3fdb46","name":"CMM","image":{"@type":"ImageObject","inLanguage":"pl-PL","@id":"https:\/\/cmm.imgw.pl\/#\/schema\/person\/image\/","url":"https:\/\/secure.gravatar.com\/avatar\/9248ea2273711f1cd09d6bd45867dbfb?s=96&d=blank&r=g","contentUrl":"https:\/\/secure.gravatar.com\/avatar\/9248ea2273711f1cd09d6bd45867dbfb?s=96&d=blank&r=g","caption":"CMM"},"sameAs":["http:\/\/cmm.imgw.pl"],"url":"https:\/\/cmm.imgw.pl\/?author=3"}]}},"_links":{"self":[{"href":"https:\/\/cmm.imgw.pl\/index.php?rest_route=\/wp\/v2\/posts\/41414"}],"collection":[{"href":"https:\/\/cmm.imgw.pl\/index.php?rest_route=\/wp\/v2\/posts"}],"about":[{"href":"https:\/\/cmm.imgw.pl\/index.php?rest_route=\/wp\/v2\/types\/post"}],"author":[{"embeddable":true,"href":"https:\/\/cmm.imgw.pl\/index.php?rest_route=\/wp\/v2\/users\/3"}],"replies":[{"embeddable":true,"href":"https:\/\/cmm.imgw.pl\/index.php?rest_route=%2Fwp%2Fv2%2Fcomments&post=41414"}],"version-history":[{"count":4,"href":"https:\/\/cmm.imgw.pl\/index.php?rest_route=\/wp\/v2\/posts\/41414\/revisions"}],"predecessor-version":[{"id":41426,"href":"https:\/\/cmm.imgw.pl\/index.php?rest_route=\/wp\/v2\/posts\/41414\/revisions\/41426"}],"wp:attachment":[{"href":"https:\/\/cmm.imgw.pl\/index.php?rest_route=%2Fwp%2Fv2%2Fmedia&parent=41414"}],"wp:term":[{"taxonomy":"category","embeddable":true,"href":"https:\/\/cmm.imgw.pl\/index.php?rest_route=%2Fwp%2Fv2%2Fcategories&post=41414"},{"taxonomy":"post_tag","embeddable":true,"href":"https:\/\/cmm.imgw.pl\/index.php?rest_route=%2Fwp%2Fv2%2Ftags&post=41414"}],"curies":[{"name":"wp","href":"https:\/\/api.w.org\/{rel}","templated":true}]}}