{"id":40593,"date":"2024-03-21T23:23:32","date_gmt":"2024-03-21T22:23:32","guid":{"rendered":"https:\/\/cmm.imgw.pl\/?p=40593"},"modified":"2024-03-21T23:34:04","modified_gmt":"2024-03-21T22:34:04","slug":"swiatowy-dzien-meteorologii-2024-na-pierwszej-linii-dzialan-klimatycznych","status":"publish","type":"post","link":"https:\/\/cmm.imgw.pl\/?p=40593","title":{"rendered":"\u015awiatowy Dzie\u0144 Meteorologii 2024: Na pierwszej linii dzia\u0142a\u0144 klimatycznych"},"content":{"rendered":"\n<figure class=\"wp-block-image size-full\"><img loading=\"lazy\" width=\"945\" height=\"945\" src=\"https:\/\/cmm.imgw.pl\/wp-content\/uploads\/2024\/03\/image-1.png\" alt=\"\" class=\"wp-image-40594\" srcset=\"https:\/\/cmm.imgw.pl\/wp-content\/uploads\/2024\/03\/image-1.png 945w, https:\/\/cmm.imgw.pl\/wp-content\/uploads\/2024\/03\/image-1-300x300.png 300w, https:\/\/cmm.imgw.pl\/wp-content\/uploads\/2024\/03\/image-1-150x150.png 150w, https:\/\/cmm.imgw.pl\/wp-content\/uploads\/2024\/03\/image-1-768x768.png 768w, https:\/\/cmm.imgw.pl\/wp-content\/uploads\/2024\/03\/image-1-600x600.png 600w\" sizes=\"(max-width: 945px) 100vw, 945px\" \/><\/figure>\n\n\n\n<h2 class=\"wp-block-heading\">ZA klimatem<\/h2>\n\n\n\n<p>Skutki zmiany klimatu s\u0105 widoczne i mog\u0105 by\u0107 katastrofalne, je\u015bli nie podejmiemy zdecydowanych i natychmiastowych dzia\u0142a\u0144. Zatem w 2024 roku has\u0142em przewodnim dorocznego \u015awiatowego Dnia Meteorologii pozostaje \u201eNa pierwszej linii dzia\u0142a\u0144 klimatycznych\u201d.<\/p>\n\n\n\n<h2 class=\"wp-block-heading\">Klimatyczny rozw\u00f3j zr\u00f3wnowa\u017cony<\/h2>\n\n\n\n<p>Zmiana klimatu dotyka ka\u017cdego regionu, ekosystemu, gospodarczej dzia\u0142alno\u015bci, a przez to i aspektu \u017cycia wszystkich organizm\u00f3w na Ziemi. Jej wyra\u017anym przejawem s\u0105 monitorowane zmiany w ekosystemach, a obrazem i wyzwaniem dla s\u0142u\u017cb meteorologicznych ekstremalne zjawiska pogodowe, stanowi\u0105ce istotne zagro\u017cenie dla zdrowia ludzkiego. \u015awiatowa Organizacja Meteorologiczna (WMO) podkre\u015bla, \u017ce dzia\u0142ania w zakresie ochrony klimatu s\u0105 niezb\u0119dne do osi\u0105gni\u0119cia Cel\u00f3w Zr\u00f3wnowa\u017conego Rozwoju (SDGs). Kluczowy dotyczy zw\u0142aszcza celu 13, kt\u00f3ry zobowi\u0105zuje do podj\u0119cia pilnych dzia\u0142a\u0144 w celu zwalczania zmian klimatu i ich skutk\u00f3w.<\/p>\n\n\n\n<h2 class=\"wp-block-heading\">Rola WMO i spo\u0142eczno\u015bci meteorologicznej<\/h2>\n\n\n\n<p>WMO i jej cz\u0142onkowie odgrywaj\u0105 kluczow\u0105 rol\u0119 w dzia\u0142aniach klimatycznych, dostarczaj\u0105c niezb\u0119dnych informacji naukowych, monitoruj\u0105c stan klimatu i zasob\u00f3w wodnych, oraz dostarczaj\u0105c us\u0142ugi meteorologiczne i wczesne ostrze\u017cenia, kt\u00f3re wspieraj\u0105 dzia\u0142ania mitygacyjne i adaptacj\u0119 do zmiany klimatu. Praca ta ma ogromne znaczenie spo\u0142eczne i szerokie spektrum dzia\u0142ania, przyczyniaj\u0105c si\u0119 do redukcji g\u0142odu i ub\u00f3stwa, poprawy zdrowia i dobrostanu, zapewnienia czystej wody, dost\u0119pu do przyst\u0119pnej i czystej energii, ochrony \u017cycia pod wod\u0105 i na l\u0105dzie, oraz zwi\u0119kszenia odporno\u015bci miast i spo\u0142eczno\u015bci na zmiany klimatu.<\/p>\n\n\n\n<h2 class=\"wp-block-heading\">Nauka jako klucz do poszukiwania rozwi\u0105za\u0144<\/h2>\n\n\n\n<p>Nauka i edukacja pozostaj\u0105 w centrum aktywno\u015bci na rzecz zr\u00f3wnowa\u017conego rozwoju i mog\u0105 znacz\u0105co przyspieszy\u0107 post\u0119p we wszystkich Celach Zr\u00f3wnowa\u017conego Rozwoju. WMO pozostaje na pierwszej linii dzia\u0142a\u0144 klimatycznych poprzez promowanie wsp\u00f3\u0142pracy i poszukiwa\u0144 rozwi\u0105za\u0144 innowacyjnych. Wykorzystuj\u0105c wsp\u00f3ln\u0105 wiedz\u0119 specjalistyczn\u0105 podejmowanie wyzwa\u0144 i pokonywanie trudno\u015bci, kt\u00f3re pojawiaj\u0105 si\u0119 na drodze realizacji wsp\u00f3lnej wizji bezpieczniejszego, bardziej odpornego \u015bwiata dla przysz\u0142ych pokole\u0144, pozostaje nadal w zasi\u0119gu mo\u017cliwo\u015bci.<\/p>\n\n\n\n<h2 class=\"wp-block-heading\">\u015awiatowy Dzie\u0144 Meteorologii \u2013 co\u015b wi\u0119cej ni\u017c tylko historia<\/h2>\n\n\n\n<h2 class=\"wp-block-heading\">Atmosfera i klimat to podstawa<\/h2>\n\n\n\n<p>\u015awiatowy Dzie\u0144 Meteorologii obchodzony jest ka\u017cdego 23 dnia marca, pocz\u0105wszy od 1961 roku. Data ta upami\u0119tnia wej\u015bcie w \u017cycie Konwencji ustanawiaj\u0105cej \u015awiatow\u0105 Organizacj\u0119 Meteorologiczn\u0105 (WMO) z 1950 roku. Ten jeden dzie\u0144 w roku docenia starania i podkre\u015bla kluczowe znaczenie funkcjonowania krajowych s\u0142u\u017cb meteorologicznych i hydrologicznych, kt\u00f3re w trybie ci\u0105g\u0142ym pe\u0142ni\u0105 swoj\u0105 s\u0142u\u017cb\u0119 dla utrzymania bezpiecze\u0144stwa i os\u0142ony dobrobytu spo\u0142ecze\u0144stwa. &nbsp;Celebruj\u0105c to wydarzenie WMO jednoczy si\u0142y wielu ekspert\u00f3w r\u00f3\u017cnorodnymi dzia\u0142aniami na ca\u0142ym \u015bwiecie.<\/p>\n\n\n\n<h2 class=\"wp-block-heading\">Zawsze na temat<\/h2>\n\n\n\n<p>Tematy przewodnie wybierane na \u015awiatowy Dzie\u0144 Meteorologii odzwierciedlaj\u0105 aktualne kwestie zwi\u0105zane z pogod\u0105, klimatem lub wod\u0105.<\/p>\n\n\n\n<p>W ostatnich latach \u015awiatowy Dzie\u0144 Meteorologii koncentrowa\u0142 si\u0119 na r\u00f3\u017cnych aspektach, takich jak:<\/p>\n\n\n\n<ul>\n<li>Rozumienie chmur (2017)<\/li>\n\n\n\n<li>Gor\u0119tsze, suchsze, wilgotniejsze. Staw czo\u0142a przysz\u0142o\u015bci (2016)<\/li>\n\n\n\n<li>Wiedza o klimacie dla dzia\u0142a\u0144 klimatycznych (2015)<\/li>\n\n\n\n<li>Pogoda i klimat: Anga\u017cowanie m\u0142odzie\u017cy (2014)<\/li>\n\n\n\n<li>Obserwacja pogody w celu ochrony \u017cycia i mienia: 50 lat \u015awiatowej S\u0142u\u017cby Pogodowej (2013)<\/li>\n\n\n\n<li>Wykorzystanie pogody, klimatu i wody dla przysz\u0142o\u015bci (2012)<\/li>\n\n\n\n<li>Klimat dla Ciebie (2011)<\/li>\n<\/ul>\n\n\n\n<h2 class=\"wp-block-heading\">Klimat ma znaczenie<\/h2>\n\n\n\n<p>\u015awiatowy Dzie\u0144 Meteorologii ma ogromne znaczenie dla podnoszenia \u015bwiadomo\u015bci na temat roli, jak\u0105 meteorologia i hydrologia odgrywaj\u0105 w naszym codziennym \u017cyciu. Poprzez obchody tego dnia, WMO i jej cz\u0142onkowie podkre\u015blaj\u0105 znaczenie wynikaj\u0105ce ze wsparcia jakie oferuje nauka o atmosferze, pogodzie i wodzie, a tak\u017ce wp\u0142ywu jej ustale\u0144 na rozw\u00f3j spo\u0142eczny i gospodarczy na ca\u0142ym \u015bwiecie.<\/p>\n\n\n\n<h2 class=\"wp-block-heading\">\u015awiatowy Dzie\u0144 Meteorologii w liczbach i has\u0142ach<\/h2>\n\n\n\n<p><strong>193<\/strong><\/p>\n\n\n\n<p>\u015awiatowa Organizacja Meteorologiczna (WMO) skupia 193 pa\u0144stwa cz\u0142onkowskie i terytoria, kt\u00f3re aktywnie uczestnicz\u0105 w obchodach \u015awiatowego Dnia Meteorologii.<\/p>\n\n\n\n<p><strong>70<\/strong><\/p>\n\n\n\n<p>Od momentu ustanowienia w 1950 roku, \u015awiatowy Dzie\u0144 Meteorologii porusza\u0142 ponad 70 r\u00f3\u017cnych temat\u00f3w, odnosz\u0105cych si\u0119 do pogody, klimatu, wody, a tak\u017ce ich wp\u0142ywu na rozw\u00f3j spo\u0142eczny i gospodarczy.<\/p>\n\n\n\n<p><strong>Inicjatywa<\/strong><\/p>\n\n\n\n<p>Ka\u017cdego roku, w ramach \u015awiatowego Dnia Meteorologii, uruchamiane s\u0105 liczne projekty-inicjatywy edukacyjne, badawcze i spo\u0142eczne. Na przyk\u0142ad, w 2021 roku WMO skupi\u0142a si\u0119 na promowaniu wczesnych system\u00f3w ostrzegania, maj\u0105cych na celu ochron\u0119 \u017cycia i mienia.<\/p>\n\n\n\n<p><strong>Influence<\/strong><\/p>\n\n\n\n<p>Chocia\u017c trudno jest dok\u0142adnie zmierzy\u0107 wp\u0142yw \u015awiatowego Dnia Meteorologii w liczbach, to jego znaczenie jest widoczne w zwi\u0119kszonej \u015bwiadomo\u015bci i dzia\u0142aniach na rzecz ochrony klimatu, zarz\u0105dzania zasobami wodnymi i poprawy prognoz pogody. I jest to pow\u00f3d do zadowolenia i motywacja do jeszcze wi\u0119kszej pro-klimatycznej aktywno\u015bci.<\/p>\n\n\n\n<h2 class=\"wp-block-heading\">Wczuj si\u0119 w klimat!<\/h2>\n\n\n\n<p>\u015awiatowy Dzie\u0144 Meteorologii 2024 podkre\u015bla kluczow\u0105 rol\u0119, jak\u0105 spo\u0142eczno\u015b\u0107 meteorologiczna i WMO odgrywaj\u0105 w walce ze zmian\u0105 klimatu. Aktywne dzia\u0142ania s\u0105 niezb\u0119dne nie tylko do ochrony systemu przyrodniczego naszej planety, ale r\u00f3wnie\u017c do zapewnienia zr\u00f3wnowa\u017conego rozwoju i zagwarantowania bezpiecznej przysz\u0142o\u015bci dla wszystkich RAZEM i KA\u017bDEGO z osobna.<\/p>\n\n\n\n<p><\/p>\n\n\n\n<p>\u0179r\u00f3d\u0142a:<\/p>\n\n\n\n<p>World Meteorological Organization: World Meteorological Day 2024<\/p>\n\n\n\n<p>Sustainable Development Goals: Goal 13: Climate Action<\/p>\n","protected":false},"excerpt":{"rendered":"<p>ZA klimatem Skutki zmiany klimatu s\u0105 widoczne i mog\u0105 by\u0107 katastrofalne, je\u015bli nie podejmiemy zdecydowanych i natychmiastowych dzia\u0142a\u0144. Zatem w 2024 roku has\u0142em przewodnim dorocznego \u015awiatowego Dnia Meteorologii pozostaje \u201eNa pierwszej linii dzia\u0142a\u0144 klimatycznych\u201d. Klimatyczny rozw\u00f3j zr\u00f3wnowa\u017cony Zmiana klimatu dotyka ka\u017cdego regionu, ekosystemu, gospodarczej dzia\u0142alno\u015bci, a przez to i aspektu \u017cycia wszystkich organizm\u00f3w na Ziemi. [&hellip;]<\/p>\n","protected":false},"author":3,"featured_media":0,"comment_status":"closed","ping_status":"open","sticky":false,"template":"","format":"standard","meta":{"ocean_post_layout":"","ocean_both_sidebars_style":"","ocean_both_sidebars_content_width":0,"ocean_both_sidebars_sidebars_width":0,"ocean_sidebar":"","ocean_second_sidebar":"","ocean_disable_margins":"enable","ocean_add_body_class":"","ocean_shortcode_before_top_bar":"","ocean_shortcode_after_top_bar":"","ocean_shortcode_before_header":"","ocean_shortcode_after_header":"","ocean_has_shortcode":"","ocean_shortcode_after_title":"","ocean_shortcode_before_footer_widgets":"","ocean_shortcode_after_footer_widgets":"","ocean_shortcode_before_footer_bottom":"","ocean_shortcode_after_footer_bottom":"","ocean_display_top_bar":"default","ocean_display_header":"default","ocean_header_style":"","ocean_center_header_left_menu":"","ocean_custom_header_template":"","ocean_custom_logo":0,"ocean_custom_retina_logo":0,"ocean_custom_logo_max_width":0,"ocean_custom_logo_tablet_max_width":0,"ocean_custom_logo_mobile_max_width":0,"ocean_custom_logo_max_height":0,"ocean_custom_logo_tablet_max_height":0,"ocean_custom_logo_mobile_max_height":0,"ocean_header_custom_menu":"","ocean_menu_typo_font_family":"","ocean_menu_typo_font_subset":"","ocean_menu_typo_font_size":0,"ocean_menu_typo_font_size_tablet":0,"ocean_menu_typo_font_size_mobile":0,"ocean_menu_typo_font_size_unit":"px","ocean_menu_typo_font_weight":"","ocean_menu_typo_font_weight_tablet":"","ocean_menu_typo_font_weight_mobile":"","ocean_menu_typo_transform":"","ocean_menu_typo_transform_tablet":"","ocean_menu_typo_transform_mobile":"","ocean_menu_typo_line_height":0,"ocean_menu_typo_line_height_tablet":0,"ocean_menu_typo_line_height_mobile":0,"ocean_menu_typo_line_height_unit":"","ocean_menu_typo_spacing":0,"ocean_menu_typo_spacing_tablet":0,"ocean_menu_typo_spacing_mobile":0,"ocean_menu_typo_spacing_unit":"","ocean_menu_link_color":"","ocean_menu_link_color_hover":"","ocean_menu_link_color_active":"","ocean_menu_link_background":"","ocean_menu_link_hover_background":"","ocean_menu_link_active_background":"","ocean_menu_social_links_bg":"","ocean_menu_social_hover_links_bg":"","ocean_menu_social_links_color":"","ocean_menu_social_hover_links_color":"","ocean_disable_title":"default","ocean_disable_heading":"default","ocean_post_title":"","ocean_post_subheading":"","ocean_post_title_style":"","ocean_post_title_background_color":"","ocean_post_title_background":0,"ocean_post_title_bg_image_position":"","ocean_post_title_bg_image_attachment":"","ocean_post_title_bg_image_repeat":"","ocean_post_title_bg_image_size":"","ocean_post_title_height":0,"ocean_post_title_bg_overlay":0.5,"ocean_post_title_bg_overlay_color":"","ocean_disable_breadcrumbs":"default","ocean_breadcrumbs_color":"","ocean_breadcrumbs_separator_color":"","ocean_breadcrumbs_links_color":"","ocean_breadcrumbs_links_hover_color":"","ocean_display_footer_widgets":"default","ocean_display_footer_bottom":"default","ocean_custom_footer_template":"","ocean_post_oembed":"","ocean_post_self_hosted_media":"","ocean_post_video_embed":"","ocean_link_format":"","ocean_link_format_target":"self","ocean_quote_format":"","ocean_quote_format_link":"post","ocean_gallery_link_images":"on","ocean_gallery_id":[]},"categories":[137],"tags":[326,324,318,323,287,230,319,328,329,322,320,325,327,321],"yoast_head":"<!-- This site is optimized with the Yoast SEO plugin v19.5.1 - https:\/\/yoast.com\/wordpress\/plugins\/seo\/ -->\n<title>\u015awiatowy Dzie\u0144 Meteorologii 2024: Na pierwszej linii dzia\u0142a\u0144 klimatycznych - Laboratorium Modelowania Meteorologicznego CMOK IMGW-PIB<\/title>\n<meta name=\"description\" content=\"W 2024 roku has\u0142em przewodnim dorocznego \u015awiatowego Dnia Meteorologii pozostaje \u201eNa pierwszej linii dzia\u0142a\u0144 klimatycznych\u201d.\" \/>\n<meta name=\"robots\" content=\"index, follow, max-snippet:-1, max-image-preview:large, max-video-preview:-1\" \/>\n<link rel=\"canonical\" href=\"https:\/\/cmm.imgw.pl\/?p=40593\" \/>\n<meta property=\"og:locale\" content=\"pl_PL\" \/>\n<meta property=\"og:type\" content=\"article\" \/>\n<meta property=\"og:title\" content=\"\u015awiatowy Dzie\u0144 Meteorologii 2024: Na pierwszej linii dzia\u0142a\u0144 klimatycznych\" \/>\n<meta property=\"og:description\" content=\"W 2024 roku has\u0142em przewodnim dorocznego \u015awiatowego Dnia Meteorologii pozostaje \u201eNa pierwszej linii dzia\u0142a\u0144 klimatycznych\u201d.\" \/>\n<meta property=\"og:url\" content=\"https:\/\/cmm.imgw.pl\/?p=40593\" \/>\n<meta property=\"og:site_name\" content=\"Laboratorium Modelowania Meteorologicznego CMOK IMGW-PIB\" \/>\n<meta property=\"article:publisher\" content=\"https:\/\/www.facebook.com\/Meteoimgw\/\" \/>\n<meta property=\"article:published_time\" content=\"2024-03-21T22:23:32+00:00\" \/>\n<meta property=\"article:modified_time\" content=\"2024-03-21T22:34:04+00:00\" \/>\n<meta property=\"og:image\" content=\"http:\/\/cmm.imgw.pl\/wp-content\/uploads\/2024\/03\/image-1.png\" \/>\n\t<meta property=\"og:image:width\" content=\"945\" \/>\n\t<meta property=\"og:image:height\" content=\"945\" \/>\n\t<meta property=\"og:image:type\" content=\"image\/png\" \/>\n<meta name=\"author\" content=\"CMM\" \/>\n<meta name=\"twitter:card\" content=\"summary_large_image\" \/>\n<meta name=\"twitter:title\" content=\"\u015awiatowy Dzie\u0144 Meteorologii 2024: Na pierwszej linii dzia\u0142a\u0144 klimatycznych\" \/>\n<meta name=\"twitter:description\" content=\"W 2024 roku has\u0142em przewodnim dorocznego \u015awiatowego Dnia Meteorologii pozostaje \u201eNa pierwszej linii dzia\u0142a\u0144 klimatycznych\u201d.\" \/>\n<meta name=\"twitter:image\" content=\"https:\/\/cmm.imgw.pl\/wp-content\/uploads\/2024\/03\/image-1.png\" \/>\n<meta name=\"twitter:creator\" content=\"@IMGW_CMM\" \/>\n<meta name=\"twitter:site\" content=\"@IMGW_CMM\" \/>\n<meta name=\"twitter:label1\" content=\"Napisane przez\" \/>\n\t<meta name=\"twitter:data1\" content=\"CMM\" \/>\n\t<meta name=\"twitter:label2\" content=\"Szacowany czas czytania\" \/>\n\t<meta name=\"twitter:data2\" content=\"4 minuty\" \/>\n<script type=\"application\/ld+json\" class=\"yoast-schema-graph\">{\"@context\":\"https:\/\/schema.org\",\"@graph\":[{\"@type\":\"Article\",\"@id\":\"https:\/\/cmm.imgw.pl\/?p=40593#article\",\"isPartOf\":{\"@id\":\"https:\/\/cmm.imgw.pl\/?p=40593\"},\"author\":{\"name\":\"CMM\",\"@id\":\"https:\/\/cmm.imgw.pl\/#\/schema\/person\/a24a37fe434fe76b0f5791e6bd3fdb46\"},\"headline\":\"\u015awiatowy Dzie\u0144 Meteorologii 2024: Na pierwszej linii dzia\u0142a\u0144 klimatycznych\",\"datePublished\":\"2024-03-21T22:23:32+00:00\",\"dateModified\":\"2024-03-21T22:34:04+00:00\",\"mainEntityOfPage\":{\"@id\":\"https:\/\/cmm.imgw.pl\/?p=40593\"},\"wordCount\":851,\"publisher\":{\"@id\":\"https:\/\/cmm.imgw.pl\/#organization\"},\"keywords\":[\"Adaptacja do zmiany klimatu\",\"Cele Zr\u00f3wnowa\u017conego Rozwoju (SDGs)\",\"Centrum Modelowania Meteorologicznego\",\"Dzia\u0142ania klimatyczne\",\"imgw-pib\",\"IMGWCMM\",\"IMGWmodele\",\"Nauka o klimacie\",\"Ochrona \u015brodowiska\",\"\u015awiatowa Organizacja Meteorologiczna (WMO)\",\"\u015awiatowy Dzie\u0144 Meteorologii 2024\",\"Us\u0142ugi meteorologiczne i hydrologiczne\",\"Wczesne ostrze\u017cenia\",\"Zmiana klimatu\"],\"articleSection\":[\"Info\"],\"inLanguage\":\"pl-PL\"},{\"@type\":\"WebPage\",\"@id\":\"https:\/\/cmm.imgw.pl\/?p=40593\",\"url\":\"https:\/\/cmm.imgw.pl\/?p=40593\",\"name\":\"\u015awiatowy Dzie\u0144 Meteorologii 2024: Na pierwszej linii dzia\u0142a\u0144 klimatycznych - Laboratorium Modelowania Meteorologicznego CMOK IMGW-PIB\",\"isPartOf\":{\"@id\":\"https:\/\/cmm.imgw.pl\/#website\"},\"datePublished\":\"2024-03-21T22:23:32+00:00\",\"dateModified\":\"2024-03-21T22:34:04+00:00\",\"description\":\"W 2024 roku has\u0142em przewodnim dorocznego \u015awiatowego Dnia Meteorologii pozostaje \u201eNa pierwszej linii dzia\u0142a\u0144 klimatycznych\u201d.\",\"breadcrumb\":{\"@id\":\"https:\/\/cmm.imgw.pl\/?p=40593#breadcrumb\"},\"inLanguage\":\"pl-PL\",\"potentialAction\":[{\"@type\":\"ReadAction\",\"target\":[\"https:\/\/cmm.imgw.pl\/?p=40593\"]}]},{\"@type\":\"BreadcrumbList\",\"@id\":\"https:\/\/cmm.imgw.pl\/?p=40593#breadcrumb\",\"itemListElement\":[{\"@type\":\"ListItem\",\"position\":1,\"name\":\"Home\",\"item\":\"https:\/\/cmm.imgw.pl\/\"},{\"@type\":\"ListItem\",\"position\":2,\"name\":\"\u015awiatowy Dzie\u0144 Meteorologii 2024: Na pierwszej linii dzia\u0142a\u0144 klimatycznych\"}]},{\"@type\":\"WebSite\",\"@id\":\"https:\/\/cmm.imgw.pl\/#website\",\"url\":\"https:\/\/cmm.imgw.pl\/\",\"name\":\"Laboratorium Modelowania Meteorologicznego CMOK IMGW-PIB\",\"description\":\"CMOK-LMM Laboratorium pe\u0142ni pa\u0144stwow\u0105 s\u0142u\u017cb\u0119 hydrologiczno-meteorologiczn\u0105 w zakresie numerycznych prognoz pogody, kt\u00f3rego zadaniem jest konsolidacja kompetencji w obszarze modelowania zjawisk pogodowych oraz dalszego rozwoju numerycznych modeli pogody (NMP).\",\"publisher\":{\"@id\":\"https:\/\/cmm.imgw.pl\/#organization\"},\"potentialAction\":[{\"@type\":\"SearchAction\",\"target\":{\"@type\":\"EntryPoint\",\"urlTemplate\":\"https:\/\/cmm.imgw.pl\/?s={search_term_string}\"},\"query-input\":\"required name=search_term_string\"}],\"inLanguage\":\"pl-PL\"},{\"@type\":\"Organization\",\"@id\":\"https:\/\/cmm.imgw.pl\/#organization\",\"name\":\"Laboratorium Modelowania Meteorologicznego CMOK IMGW-PIB\",\"url\":\"https:\/\/cmm.imgw.pl\/\",\"sameAs\":[\"https:\/\/www.facebook.com\/Meteoimgw\/\",\"https:\/\/twitter.com\/IMGW_CMM\"],\"logo\":{\"@type\":\"ImageObject\",\"inLanguage\":\"pl-PL\",\"@id\":\"https:\/\/cmm.imgw.pl\/#\/schema\/logo\/image\/\",\"url\":\"https:\/\/cmm.imgw.pl\/wp-content\/uploads\/2025\/10\/MODELE_LOGO_UNIFIKACJA_v2.png\",\"contentUrl\":\"https:\/\/cmm.imgw.pl\/wp-content\/uploads\/2025\/10\/MODELE_LOGO_UNIFIKACJA_v2.png\",\"width\":1356,\"height\":365,\"caption\":\"Laboratorium Modelowania Meteorologicznego CMOK IMGW-PIB\"},\"image\":{\"@id\":\"https:\/\/cmm.imgw.pl\/#\/schema\/logo\/image\/\"}},{\"@type\":\"Person\",\"@id\":\"https:\/\/cmm.imgw.pl\/#\/schema\/person\/a24a37fe434fe76b0f5791e6bd3fdb46\",\"name\":\"CMM\",\"image\":{\"@type\":\"ImageObject\",\"inLanguage\":\"pl-PL\",\"@id\":\"https:\/\/cmm.imgw.pl\/#\/schema\/person\/image\/\",\"url\":\"https:\/\/secure.gravatar.com\/avatar\/9248ea2273711f1cd09d6bd45867dbfb?s=96&d=blank&r=g\",\"contentUrl\":\"https:\/\/secure.gravatar.com\/avatar\/9248ea2273711f1cd09d6bd45867dbfb?s=96&d=blank&r=g\",\"caption\":\"CMM\"},\"sameAs\":[\"http:\/\/cmm.imgw.pl\"],\"url\":\"https:\/\/cmm.imgw.pl\/?author=3\"}]}<\/script>\n<!-- \/ Yoast SEO plugin. -->","yoast_head_json":{"title":"\u015awiatowy Dzie\u0144 Meteorologii 2024: Na pierwszej linii dzia\u0142a\u0144 klimatycznych - Laboratorium Modelowania Meteorologicznego CMOK IMGW-PIB","description":"W 2024 roku has\u0142em przewodnim dorocznego \u015awiatowego Dnia Meteorologii pozostaje \u201eNa pierwszej linii dzia\u0142a\u0144 klimatycznych\u201d.","robots":{"index":"index","follow":"follow","max-snippet":"max-snippet:-1","max-image-preview":"max-image-preview:large","max-video-preview":"max-video-preview:-1"},"canonical":"https:\/\/cmm.imgw.pl\/?p=40593","og_locale":"pl_PL","og_type":"article","og_title":"\u015awiatowy Dzie\u0144 Meteorologii 2024: Na pierwszej linii dzia\u0142a\u0144 klimatycznych","og_description":"W 2024 roku has\u0142em przewodnim dorocznego \u015awiatowego Dnia Meteorologii pozostaje \u201eNa pierwszej linii dzia\u0142a\u0144 klimatycznych\u201d.","og_url":"https:\/\/cmm.imgw.pl\/?p=40593","og_site_name":"Laboratorium Modelowania Meteorologicznego CMOK IMGW-PIB","article_publisher":"https:\/\/www.facebook.com\/Meteoimgw\/","article_published_time":"2024-03-21T22:23:32+00:00","article_modified_time":"2024-03-21T22:34:04+00:00","og_image":[{"width":945,"height":945,"url":"http:\/\/cmm.imgw.pl\/wp-content\/uploads\/2024\/03\/image-1.png","type":"image\/png"}],"author":"CMM","twitter_card":"summary_large_image","twitter_title":"\u015awiatowy Dzie\u0144 Meteorologii 2024: Na pierwszej linii dzia\u0142a\u0144 klimatycznych","twitter_description":"W 2024 roku has\u0142em przewodnim dorocznego \u015awiatowego Dnia Meteorologii pozostaje \u201eNa pierwszej linii dzia\u0142a\u0144 klimatycznych\u201d.","twitter_image":"https:\/\/cmm.imgw.pl\/wp-content\/uploads\/2024\/03\/image-1.png","twitter_creator":"@IMGW_CMM","twitter_site":"@IMGW_CMM","twitter_misc":{"Napisane przez":"CMM","Szacowany czas czytania":"4 minuty"},"schema":{"@context":"https:\/\/schema.org","@graph":[{"@type":"Article","@id":"https:\/\/cmm.imgw.pl\/?p=40593#article","isPartOf":{"@id":"https:\/\/cmm.imgw.pl\/?p=40593"},"author":{"name":"CMM","@id":"https:\/\/cmm.imgw.pl\/#\/schema\/person\/a24a37fe434fe76b0f5791e6bd3fdb46"},"headline":"\u015awiatowy Dzie\u0144 Meteorologii 2024: Na pierwszej linii dzia\u0142a\u0144 klimatycznych","datePublished":"2024-03-21T22:23:32+00:00","dateModified":"2024-03-21T22:34:04+00:00","mainEntityOfPage":{"@id":"https:\/\/cmm.imgw.pl\/?p=40593"},"wordCount":851,"publisher":{"@id":"https:\/\/cmm.imgw.pl\/#organization"},"keywords":["Adaptacja do zmiany klimatu","Cele Zr\u00f3wnowa\u017conego Rozwoju (SDGs)","Centrum Modelowania Meteorologicznego","Dzia\u0142ania klimatyczne","imgw-pib","IMGWCMM","IMGWmodele","Nauka o klimacie","Ochrona \u015brodowiska","\u015awiatowa Organizacja Meteorologiczna (WMO)","\u015awiatowy Dzie\u0144 Meteorologii 2024","Us\u0142ugi meteorologiczne i hydrologiczne","Wczesne ostrze\u017cenia","Zmiana klimatu"],"articleSection":["Info"],"inLanguage":"pl-PL"},{"@type":"WebPage","@id":"https:\/\/cmm.imgw.pl\/?p=40593","url":"https:\/\/cmm.imgw.pl\/?p=40593","name":"\u015awiatowy Dzie\u0144 Meteorologii 2024: Na pierwszej linii dzia\u0142a\u0144 klimatycznych - Laboratorium Modelowania Meteorologicznego CMOK IMGW-PIB","isPartOf":{"@id":"https:\/\/cmm.imgw.pl\/#website"},"datePublished":"2024-03-21T22:23:32+00:00","dateModified":"2024-03-21T22:34:04+00:00","description":"W 2024 roku has\u0142em przewodnim dorocznego \u015awiatowego Dnia Meteorologii pozostaje \u201eNa pierwszej linii dzia\u0142a\u0144 klimatycznych\u201d.","breadcrumb":{"@id":"https:\/\/cmm.imgw.pl\/?p=40593#breadcrumb"},"inLanguage":"pl-PL","potentialAction":[{"@type":"ReadAction","target":["https:\/\/cmm.imgw.pl\/?p=40593"]}]},{"@type":"BreadcrumbList","@id":"https:\/\/cmm.imgw.pl\/?p=40593#breadcrumb","itemListElement":[{"@type":"ListItem","position":1,"name":"Home","item":"https:\/\/cmm.imgw.pl\/"},{"@type":"ListItem","position":2,"name":"\u015awiatowy Dzie\u0144 Meteorologii 2024: Na pierwszej linii dzia\u0142a\u0144 klimatycznych"}]},{"@type":"WebSite","@id":"https:\/\/cmm.imgw.pl\/#website","url":"https:\/\/cmm.imgw.pl\/","name":"Laboratorium Modelowania Meteorologicznego CMOK IMGW-PIB","description":"CMOK-LMM Laboratorium pe\u0142ni pa\u0144stwow\u0105 s\u0142u\u017cb\u0119 hydrologiczno-meteorologiczn\u0105 w zakresie numerycznych prognoz pogody, kt\u00f3rego zadaniem jest konsolidacja kompetencji w obszarze modelowania zjawisk pogodowych oraz dalszego rozwoju numerycznych modeli pogody (NMP).","publisher":{"@id":"https:\/\/cmm.imgw.pl\/#organization"},"potentialAction":[{"@type":"SearchAction","target":{"@type":"EntryPoint","urlTemplate":"https:\/\/cmm.imgw.pl\/?s={search_term_string}"},"query-input":"required name=search_term_string"}],"inLanguage":"pl-PL"},{"@type":"Organization","@id":"https:\/\/cmm.imgw.pl\/#organization","name":"Laboratorium Modelowania Meteorologicznego CMOK IMGW-PIB","url":"https:\/\/cmm.imgw.pl\/","sameAs":["https:\/\/www.facebook.com\/Meteoimgw\/","https:\/\/twitter.com\/IMGW_CMM"],"logo":{"@type":"ImageObject","inLanguage":"pl-PL","@id":"https:\/\/cmm.imgw.pl\/#\/schema\/logo\/image\/","url":"https:\/\/cmm.imgw.pl\/wp-content\/uploads\/2025\/10\/MODELE_LOGO_UNIFIKACJA_v2.png","contentUrl":"https:\/\/cmm.imgw.pl\/wp-content\/uploads\/2025\/10\/MODELE_LOGO_UNIFIKACJA_v2.png","width":1356,"height":365,"caption":"Laboratorium Modelowania Meteorologicznego CMOK IMGW-PIB"},"image":{"@id":"https:\/\/cmm.imgw.pl\/#\/schema\/logo\/image\/"}},{"@type":"Person","@id":"https:\/\/cmm.imgw.pl\/#\/schema\/person\/a24a37fe434fe76b0f5791e6bd3fdb46","name":"CMM","image":{"@type":"ImageObject","inLanguage":"pl-PL","@id":"https:\/\/cmm.imgw.pl\/#\/schema\/person\/image\/","url":"https:\/\/secure.gravatar.com\/avatar\/9248ea2273711f1cd09d6bd45867dbfb?s=96&d=blank&r=g","contentUrl":"https:\/\/secure.gravatar.com\/avatar\/9248ea2273711f1cd09d6bd45867dbfb?s=96&d=blank&r=g","caption":"CMM"},"sameAs":["http:\/\/cmm.imgw.pl"],"url":"https:\/\/cmm.imgw.pl\/?author=3"}]}},"_links":{"self":[{"href":"https:\/\/cmm.imgw.pl\/index.php?rest_route=\/wp\/v2\/posts\/40593"}],"collection":[{"href":"https:\/\/cmm.imgw.pl\/index.php?rest_route=\/wp\/v2\/posts"}],"about":[{"href":"https:\/\/cmm.imgw.pl\/index.php?rest_route=\/wp\/v2\/types\/post"}],"author":[{"embeddable":true,"href":"https:\/\/cmm.imgw.pl\/index.php?rest_route=\/wp\/v2\/users\/3"}],"replies":[{"embeddable":true,"href":"https:\/\/cmm.imgw.pl\/index.php?rest_route=%2Fwp%2Fv2%2Fcomments&post=40593"}],"version-history":[{"count":2,"href":"https:\/\/cmm.imgw.pl\/index.php?rest_route=\/wp\/v2\/posts\/40593\/revisions"}],"predecessor-version":[{"id":40596,"href":"https:\/\/cmm.imgw.pl\/index.php?rest_route=\/wp\/v2\/posts\/40593\/revisions\/40596"}],"wp:attachment":[{"href":"https:\/\/cmm.imgw.pl\/index.php?rest_route=%2Fwp%2Fv2%2Fmedia&parent=40593"}],"wp:term":[{"taxonomy":"category","embeddable":true,"href":"https:\/\/cmm.imgw.pl\/index.php?rest_route=%2Fwp%2Fv2%2Fcategories&post=40593"},{"taxonomy":"post_tag","embeddable":true,"href":"https:\/\/cmm.imgw.pl\/index.php?rest_route=%2Fwp%2Fv2%2Ftags&post=40593"}],"curies":[{"name":"wp","href":"https:\/\/api.w.org\/{rel}","templated":true}]}}