{"id":40104,"date":"2024-02-19T14:00:05","date_gmt":"2024-02-19T13:00:05","guid":{"rendered":"https:\/\/cmm.imgw.pl\/?p=40104"},"modified":"2024-02-19T14:00:06","modified_gmt":"2024-02-19T13:00:06","slug":"raport-koncowy-dotyczacy-mrozow-w-europie-i-w-polsce-w-pierwszej-dekadzie-2024r","status":"publish","type":"post","link":"https:\/\/cmm.imgw.pl\/?p=40104","title":{"rendered":"Raport ko\u0144cowy dotycz\u0105cy mroz\u00f3w w Europie i w Polsce w pierwszej dekadzie 2024r."},"content":{"rendered":"<p>Zapraszamy do zapoznania si\u0119 z najnowszym Raportem ko\u0144cowym dotycz\u0105cym mroz\u00f3w w Europie i Polsce w pierwszej dekadzie stycznia 2024 roku pod linkiem: <a href=\"https:\/\/cmm.imgw.pl\/?xo_event=mrozy-w-europie-i-w-polsce-w-pierwszej-dekadzie-stycznia-2024-roku\" target=\"_blank\" rel=\"noopener\">https:\/\/cmm.imgw.pl\/?xo_event=mrozy-w-europie-i-w-polsce-w-pierwszej-dekadzie-stycznia-2024-roku<\/a><\/p>\n<p>Archiwum wraz z przegl\u0105daniem miesi\u0119cznym dost\u0119pne jest pod adresem: <a href=\"https:\/\/cmm.imgw.pl\/?page_id=37030\">https:\/\/cmm.imgw.pl\/?page_id=37030<\/a><\/p>\n<p><img loading=\"lazy\" class=\"size-full aligncenter\" src=\"\/wp-content\/uploads\/2024\/02\/Obj.png\" width=\"1289\" height=\"414\" \/><\/p>\n<p style=\"text-align: center;\">&#8212; UDOST\u0118PNIJ &#8212;<\/p>\n","protected":false},"excerpt":{"rendered":"<p>Zapraszamy do zapoznania si\u0119 z najnowszym Raportem ko\u0144cowym dotycz\u0105cym mroz\u00f3w w Europie i Polsce w pierwszej dekadzie stycznia 2024 roku pod linkiem: https:\/\/cmm.imgw.pl\/?xo_event=mrozy-w-europie-i-w-polsce-w-pierwszej-dekadzie-stycznia-2024-roku Archiwum wraz z przegl\u0105daniem miesi\u0119cznym dost\u0119pne jest pod adresem: https:\/\/cmm.imgw.pl\/?page_id=37030 &#8212; UDOST\u0118PNIJ &#8212;<\/p>\n","protected":false},"author":3,"featured_media":0,"comment_status":"closed","ping_status":"open","sticky":false,"template":"","format":"standard","meta":{"ocean_post_layout":"","ocean_both_sidebars_style":"","ocean_both_sidebars_content_width":0,"ocean_both_sidebars_sidebars_width":0,"ocean_sidebar":"0","ocean_second_sidebar":"0","ocean_disable_margins":"enable","ocean_add_body_class":"","ocean_shortcode_before_top_bar":"","ocean_shortcode_after_top_bar":"","ocean_shortcode_before_header":"","ocean_shortcode_after_header":"","ocean_has_shortcode":"","ocean_shortcode_after_title":"","ocean_shortcode_before_footer_widgets":"","ocean_shortcode_after_footer_widgets":"","ocean_shortcode_before_footer_bottom":"","ocean_shortcode_after_footer_bottom":"","ocean_display_top_bar":"default","ocean_display_header":"default","ocean_header_style":"","ocean_center_header_left_menu":"0","ocean_custom_header_template":"0","ocean_custom_logo":0,"ocean_custom_retina_logo":0,"ocean_custom_logo_max_width":0,"ocean_custom_logo_tablet_max_width":0,"ocean_custom_logo_mobile_max_width":0,"ocean_custom_logo_max_height":0,"ocean_custom_logo_tablet_max_height":0,"ocean_custom_logo_mobile_max_height":0,"ocean_header_custom_menu":"0","ocean_menu_typo_font_family":"0","ocean_menu_typo_font_subset":"","ocean_menu_typo_font_size":0,"ocean_menu_typo_font_size_tablet":0,"ocean_menu_typo_font_size_mobile":0,"ocean_menu_typo_font_size_unit":"px","ocean_menu_typo_font_weight":"","ocean_menu_typo_font_weight_tablet":"","ocean_menu_typo_font_weight_mobile":"","ocean_menu_typo_transform":"","ocean_menu_typo_transform_tablet":"","ocean_menu_typo_transform_mobile":"","ocean_menu_typo_line_height":0,"ocean_menu_typo_line_height_tablet":0,"ocean_menu_typo_line_height_mobile":0,"ocean_menu_typo_line_height_unit":"","ocean_menu_typo_spacing":0,"ocean_menu_typo_spacing_tablet":0,"ocean_menu_typo_spacing_mobile":0,"ocean_menu_typo_spacing_unit":"","ocean_menu_link_color":"","ocean_menu_link_color_hover":"","ocean_menu_link_color_active":"","ocean_menu_link_background":"","ocean_menu_link_hover_background":"","ocean_menu_link_active_background":"","ocean_menu_social_links_bg":"","ocean_menu_social_hover_links_bg":"","ocean_menu_social_links_color":"","ocean_menu_social_hover_links_color":"","ocean_disable_title":"default","ocean_disable_heading":"default","ocean_post_title":"","ocean_post_subheading":"","ocean_post_title_style":"","ocean_post_title_background_color":"","ocean_post_title_background":0,"ocean_post_title_bg_image_position":"","ocean_post_title_bg_image_attachment":"","ocean_post_title_bg_image_repeat":"","ocean_post_title_bg_image_size":"","ocean_post_title_height":0,"ocean_post_title_bg_overlay":0.5,"ocean_post_title_bg_overlay_color":"","ocean_disable_breadcrumbs":"default","ocean_breadcrumbs_color":"","ocean_breadcrumbs_separator_color":"","ocean_breadcrumbs_links_color":"","ocean_breadcrumbs_links_hover_color":"","ocean_display_footer_widgets":"default","ocean_display_footer_bottom":"default","ocean_custom_footer_template":"0","ocean_post_oembed":"","ocean_post_self_hosted_media":"","ocean_post_video_embed":"","ocean_link_format":"","ocean_link_format_target":"self","ocean_quote_format":"","ocean_quote_format_link":"post","ocean_gallery_link_images":"off","ocean_gallery_id":[]},"categories":[137],"tags":[295,68,85,76,296,151],"yoast_head":"<!-- This site is optimized with the Yoast SEO plugin v19.5.1 - https:\/\/yoast.com\/wordpress\/plugins\/seo\/ -->\n<title>Raport ko\u0144cowy dotycz\u0105cy mroz\u00f3w w Europie i w Polsce w pierwszej dekadzie 2024r. - Laboratorium Modelowania Meteorologicznego CMOK IMGW-PIB<\/title>\n<meta name=\"description\" content=\"Mrozy nad Europ\u0105 1-10.01.2024 \u2013 analiza synoptycznaSilne mrozy nad Europ\u0105, w tym nad Polsk\u0105, z pierwszej dekady stycznia 2024 r. zwi\u0105zane by\u0142y przede wszystkim z rozleg\u0142ym wy\u017cem. Rozwija\u0142 si\u0119 on dzie\u0144 po dniu na p\u00f3\u0142nocy Europy i \u201epompowa\u0142\u201d coraz bardziej wych\u0142odzone powietrze z rejonu Arktyki i wyzi\u0119bionego l\u0105du Eurazji. W analizie skupimy si\u0119 na mapach synoptycznych i zdj\u0119ciach satelitarnych z godziny 00 UTC (z ma\u0142ymi wyj\u0105tkami, czasem z powodu braku danych, jednak nadal b\u0119d\u0105 to godziny nocne) ze wzgl\u0119du na to, \u017ce najni\u017csze warto\u015bci temperatury pojawia\u0142y si\u0119 nocami oraz nad ranem. Do analizy r\u00f3wnie\u017c zostan\u0105 wykorzystane prognostyczne mapy analizowanych p\u00f3l meteorologicznych, kt\u00f3re otrzymano z symulacji numerycznych modelem IFS (ECMWF). Pomiary temperatury zosta\u0142y zaprezentowane z godziny 6:00 UTC, gdy\u017c jest to w meteorologii jeden z g\u0142\u00f3wnych pomiar\u00f3w, chocia\u017c czasem pojawia\u0142y si\u0119 wahania, nie wi\u0119ksze ni\u017c 1\u00b0C, tu\u017c po tym pomiarze.\" \/>\n<meta name=\"robots\" content=\"index, follow, max-snippet:-1, max-image-preview:large, max-video-preview:-1\" \/>\n<link rel=\"canonical\" href=\"https:\/\/cmm.imgw.pl\/?p=40104\" \/>\n<meta property=\"og:locale\" content=\"pl_PL\" \/>\n<meta property=\"og:type\" content=\"article\" \/>\n<meta property=\"og:title\" content=\"IMGW-PIB CMM: Raport ko\u0144cowy dotycz\u0105cy mroz\u00f3w w Europie i w Polsce w pierwszej dekadzie 2024r.\" \/>\n<meta property=\"og:description\" content=\"Mrozy nad Europ\u0105 1-10.01.2024 \u2013 analiza synoptycznaSilne mrozy nad Europ\u0105, w tym nad Polsk\u0105, z pierwszej dekady stycznia 2024 r. zwi\u0105zane by\u0142y przede wszystkim z rozleg\u0142ym wy\u017cem. Rozwija\u0142 si\u0119 on dzie\u0144 po dniu na p\u00f3\u0142nocy Europy i \u201epompowa\u0142\u201d coraz bardziej wych\u0142odzone powietrze z rejonu Arktyki i wyzi\u0119bionego l\u0105du Eurazji. W analizie skupimy si\u0119 na mapach synoptycznych i zdj\u0119ciach satelitarnych z godziny 00 UTC (z ma\u0142ymi wyj\u0105tkami, czasem z powodu braku danych, jednak nadal b\u0119d\u0105 to godziny nocne) ze wzgl\u0119du na to, \u017ce najni\u017csze warto\u015bci temperatury pojawia\u0142y si\u0119 nocami oraz nad ranem. Do analizy r\u00f3wnie\u017c zostan\u0105 wykorzystane prognostyczne mapy analizowanych p\u00f3l meteorologicznych, kt\u00f3re otrzymano z symulacji numerycznych modelem IFS (ECMWF). Pomiary temperatury zosta\u0142y zaprezentowane z godziny 6:00 UTC, gdy\u017c jest to w meteorologii jeden z g\u0142\u00f3wnych pomiar\u00f3w, chocia\u017c czasem pojawia\u0142y si\u0119 wahania, nie wi\u0119ksze ni\u017c 1\u00b0C, tu\u017c po tym pomiarze.\" \/>\n<meta property=\"og:url\" content=\"https:\/\/cmm.imgw.pl\/?p=40104\" \/>\n<meta property=\"og:site_name\" content=\"Laboratorium Modelowania Meteorologicznego CMOK IMGW-PIB\" \/>\n<meta property=\"article:publisher\" content=\"https:\/\/www.facebook.com\/Meteoimgw\/\" \/>\n<meta property=\"article:published_time\" content=\"2024-02-19T13:00:05+00:00\" \/>\n<meta property=\"article:modified_time\" content=\"2024-02-19T13:00:06+00:00\" \/>\n<meta property=\"og:image\" content=\"http:\/\/cmm.imgw.pl\/wp-content\/uploads\/2024\/02\/Obj.png\" \/>\n\t<meta property=\"og:image:width\" content=\"1289\" \/>\n\t<meta property=\"og:image:height\" content=\"414\" \/>\n\t<meta property=\"og:image:type\" content=\"image\/png\" \/>\n<meta name=\"author\" content=\"CMM\" \/>\n<meta name=\"twitter:card\" content=\"summary_large_image\" \/>\n<meta name=\"twitter:title\" content=\"IMGW-PIB CMM: Raport ko\u0144cowy dotycz\u0105cy mroz\u00f3w w Europie i w Polsce w pierwszej dekadzie 2024r.\" \/>\n<meta name=\"twitter:description\" content=\"Mrozy nad Europ\u0105 1-10.01.2024 \u2013 analiza synoptycznaSilne mrozy nad Europ\u0105, w tym nad Polsk\u0105, z pierwszej dekady stycznia 2024 r. zwi\u0105zane by\u0142y przede wszystkim z rozleg\u0142ym wy\u017cem. Rozwija\u0142 si\u0119 on dzie\u0144 po dniu na p\u00f3\u0142nocy Europy i \u201epompowa\u0142\u201d coraz bardziej wych\u0142odzone powietrze z rejonu Arktyki i wyzi\u0119bionego l\u0105du Eurazji. W analizie skupimy si\u0119 na mapach synoptycznych i zdj\u0119ciach satelitarnych z godziny 00 UTC (z ma\u0142ymi wyj\u0105tkami, czasem z powodu braku danych, jednak nadal b\u0119d\u0105 to godziny nocne) ze wzgl\u0119du na to, \u017ce najni\u017csze warto\u015bci temperatury pojawia\u0142y si\u0119 nocami oraz nad ranem. Do analizy r\u00f3wnie\u017c zostan\u0105 wykorzystane prognostyczne mapy analizowanych p\u00f3l meteorologicznych, kt\u00f3re otrzymano z symulacji numerycznych modelem IFS (ECMWF). Pomiary temperatury zosta\u0142y zaprezentowane z godziny 6:00 UTC, gdy\u017c jest to w meteorologii jeden z g\u0142\u00f3wnych pomiar\u00f3w, chocia\u017c czasem pojawia\u0142y si\u0119 wahania, nie wi\u0119ksze ni\u017c 1\u00b0C, tu\u017c po tym pomiarze.\" \/>\n<meta name=\"twitter:image\" content=\"https:\/\/cmm.imgw.pl\/wp-content\/uploads\/2024\/02\/Obj.png\" \/>\n<meta name=\"twitter:creator\" content=\"@IMGW_CMM\" \/>\n<meta name=\"twitter:site\" content=\"@IMGW_CMM\" \/>\n<meta name=\"twitter:label1\" content=\"Napisane przez\" \/>\n\t<meta name=\"twitter:data1\" content=\"CMM\" \/>\n<script type=\"application\/ld+json\" class=\"yoast-schema-graph\">{\"@context\":\"https:\/\/schema.org\",\"@graph\":[{\"@type\":\"Article\",\"@id\":\"https:\/\/cmm.imgw.pl\/?p=40104#article\",\"isPartOf\":{\"@id\":\"https:\/\/cmm.imgw.pl\/?p=40104\"},\"author\":{\"name\":\"CMM\",\"@id\":\"https:\/\/cmm.imgw.pl\/#\/schema\/person\/a24a37fe434fe76b0f5791e6bd3fdb46\"},\"headline\":\"Raport ko\u0144cowy dotycz\u0105cy mroz\u00f3w w Europie i w Polsce w pierwszej dekadzie 2024r.\",\"datePublished\":\"2024-02-19T13:00:05+00:00\",\"dateModified\":\"2024-02-19T13:00:06+00:00\",\"mainEntityOfPage\":{\"@id\":\"https:\/\/cmm.imgw.pl\/?p=40104\"},\"wordCount\":70,\"publisher\":{\"@id\":\"https:\/\/cmm.imgw.pl\/#organization\"},\"keywords\":[\"analiza\",\"cmm\",\"imgw\",\"meteorologia\",\"tr\u0105ba powietrzna\",\"wiatr\"],\"articleSection\":[\"Info\"],\"inLanguage\":\"pl-PL\"},{\"@type\":\"WebPage\",\"@id\":\"https:\/\/cmm.imgw.pl\/?p=40104\",\"url\":\"https:\/\/cmm.imgw.pl\/?p=40104\",\"name\":\"Raport ko\u0144cowy dotycz\u0105cy mroz\u00f3w w Europie i w Polsce w pierwszej dekadzie 2024r. - Laboratorium Modelowania Meteorologicznego CMOK IMGW-PIB\",\"isPartOf\":{\"@id\":\"https:\/\/cmm.imgw.pl\/#website\"},\"datePublished\":\"2024-02-19T13:00:05+00:00\",\"dateModified\":\"2024-02-19T13:00:06+00:00\",\"description\":\"Mrozy nad Europ\u0105 1-10.01.2024 \u2013 analiza synoptycznaSilne mrozy nad Europ\u0105, w tym nad Polsk\u0105, z pierwszej dekady stycznia 2024 r. zwi\u0105zane by\u0142y przede wszystkim z rozleg\u0142ym wy\u017cem. Rozwija\u0142 si\u0119 on dzie\u0144 po dniu na p\u00f3\u0142nocy Europy i \u201epompowa\u0142\u201d coraz bardziej wych\u0142odzone powietrze z rejonu Arktyki i wyzi\u0119bionego l\u0105du Eurazji. W analizie skupimy si\u0119 na mapach synoptycznych i zdj\u0119ciach satelitarnych z godziny 00 UTC (z ma\u0142ymi wyj\u0105tkami, czasem z powodu braku danych, jednak nadal b\u0119d\u0105 to godziny nocne) ze wzgl\u0119du na to, \u017ce najni\u017csze warto\u015bci temperatury pojawia\u0142y si\u0119 nocami oraz nad ranem. Do analizy r\u00f3wnie\u017c zostan\u0105 wykorzystane prognostyczne mapy analizowanych p\u00f3l meteorologicznych, kt\u00f3re otrzymano z symulacji numerycznych modelem IFS (ECMWF). Pomiary temperatury zosta\u0142y zaprezentowane z godziny 6:00 UTC, gdy\u017c jest to w meteorologii jeden z g\u0142\u00f3wnych pomiar\u00f3w, chocia\u017c czasem pojawia\u0142y si\u0119 wahania, nie wi\u0119ksze ni\u017c 1\u00b0C, tu\u017c po tym pomiarze.\",\"breadcrumb\":{\"@id\":\"https:\/\/cmm.imgw.pl\/?p=40104#breadcrumb\"},\"inLanguage\":\"pl-PL\",\"potentialAction\":[{\"@type\":\"ReadAction\",\"target\":[\"https:\/\/cmm.imgw.pl\/?p=40104\"]}]},{\"@type\":\"BreadcrumbList\",\"@id\":\"https:\/\/cmm.imgw.pl\/?p=40104#breadcrumb\",\"itemListElement\":[{\"@type\":\"ListItem\",\"position\":1,\"name\":\"Home\",\"item\":\"https:\/\/cmm.imgw.pl\/\"},{\"@type\":\"ListItem\",\"position\":2,\"name\":\"Raport ko\u0144cowy dotycz\u0105cy mroz\u00f3w w Europie i w Polsce w pierwszej dekadzie 2024r.\"}]},{\"@type\":\"WebSite\",\"@id\":\"https:\/\/cmm.imgw.pl\/#website\",\"url\":\"https:\/\/cmm.imgw.pl\/\",\"name\":\"Laboratorium Modelowania Meteorologicznego CMOK IMGW-PIB\",\"description\":\"CMOK-LMM Laboratorium pe\u0142ni pa\u0144stwow\u0105 s\u0142u\u017cb\u0119 hydrologiczno-meteorologiczn\u0105 w zakresie numerycznych prognoz pogody, kt\u00f3rego zadaniem jest konsolidacja kompetencji w obszarze modelowania zjawisk pogodowych oraz dalszego rozwoju numerycznych modeli pogody (NMP).\",\"publisher\":{\"@id\":\"https:\/\/cmm.imgw.pl\/#organization\"},\"potentialAction\":[{\"@type\":\"SearchAction\",\"target\":{\"@type\":\"EntryPoint\",\"urlTemplate\":\"https:\/\/cmm.imgw.pl\/?s={search_term_string}\"},\"query-input\":\"required name=search_term_string\"}],\"inLanguage\":\"pl-PL\"},{\"@type\":\"Organization\",\"@id\":\"https:\/\/cmm.imgw.pl\/#organization\",\"name\":\"Laboratorium Modelowania Meteorologicznego CMOK IMGW-PIB\",\"url\":\"https:\/\/cmm.imgw.pl\/\",\"sameAs\":[\"https:\/\/www.facebook.com\/Meteoimgw\/\",\"https:\/\/twitter.com\/IMGW_CMM\"],\"logo\":{\"@type\":\"ImageObject\",\"inLanguage\":\"pl-PL\",\"@id\":\"https:\/\/cmm.imgw.pl\/#\/schema\/logo\/image\/\",\"url\":\"https:\/\/cmm.imgw.pl\/wp-content\/uploads\/2025\/10\/MODELE_LOGO_UNIFIKACJA_v2.png\",\"contentUrl\":\"https:\/\/cmm.imgw.pl\/wp-content\/uploads\/2025\/10\/MODELE_LOGO_UNIFIKACJA_v2.png\",\"width\":1356,\"height\":365,\"caption\":\"Laboratorium Modelowania Meteorologicznego CMOK IMGW-PIB\"},\"image\":{\"@id\":\"https:\/\/cmm.imgw.pl\/#\/schema\/logo\/image\/\"}},{\"@type\":\"Person\",\"@id\":\"https:\/\/cmm.imgw.pl\/#\/schema\/person\/a24a37fe434fe76b0f5791e6bd3fdb46\",\"name\":\"CMM\",\"image\":{\"@type\":\"ImageObject\",\"inLanguage\":\"pl-PL\",\"@id\":\"https:\/\/cmm.imgw.pl\/#\/schema\/person\/image\/\",\"url\":\"https:\/\/secure.gravatar.com\/avatar\/9248ea2273711f1cd09d6bd45867dbfb?s=96&d=blank&r=g\",\"contentUrl\":\"https:\/\/secure.gravatar.com\/avatar\/9248ea2273711f1cd09d6bd45867dbfb?s=96&d=blank&r=g\",\"caption\":\"CMM\"},\"sameAs\":[\"http:\/\/cmm.imgw.pl\"],\"url\":\"https:\/\/cmm.imgw.pl\/?author=3\"}]}<\/script>\n<!-- \/ Yoast SEO plugin. -->","yoast_head_json":{"title":"Raport ko\u0144cowy dotycz\u0105cy mroz\u00f3w w Europie i w Polsce w pierwszej dekadzie 2024r. - Laboratorium Modelowania Meteorologicznego CMOK IMGW-PIB","description":"Mrozy nad Europ\u0105 1-10.01.2024 \u2013 analiza synoptycznaSilne mrozy nad Europ\u0105, w tym nad Polsk\u0105, z pierwszej dekady stycznia 2024 r. zwi\u0105zane by\u0142y przede wszystkim z rozleg\u0142ym wy\u017cem. Rozwija\u0142 si\u0119 on dzie\u0144 po dniu na p\u00f3\u0142nocy Europy i \u201epompowa\u0142\u201d coraz bardziej wych\u0142odzone powietrze z rejonu Arktyki i wyzi\u0119bionego l\u0105du Eurazji. W analizie skupimy si\u0119 na mapach synoptycznych i zdj\u0119ciach satelitarnych z godziny 00 UTC (z ma\u0142ymi wyj\u0105tkami, czasem z powodu braku danych, jednak nadal b\u0119d\u0105 to godziny nocne) ze wzgl\u0119du na to, \u017ce najni\u017csze warto\u015bci temperatury pojawia\u0142y si\u0119 nocami oraz nad ranem. Do analizy r\u00f3wnie\u017c zostan\u0105 wykorzystane prognostyczne mapy analizowanych p\u00f3l meteorologicznych, kt\u00f3re otrzymano z symulacji numerycznych modelem IFS (ECMWF). Pomiary temperatury zosta\u0142y zaprezentowane z godziny 6:00 UTC, gdy\u017c jest to w meteorologii jeden z g\u0142\u00f3wnych pomiar\u00f3w, chocia\u017c czasem pojawia\u0142y si\u0119 wahania, nie wi\u0119ksze ni\u017c 1\u00b0C, tu\u017c po tym pomiarze.","robots":{"index":"index","follow":"follow","max-snippet":"max-snippet:-1","max-image-preview":"max-image-preview:large","max-video-preview":"max-video-preview:-1"},"canonical":"https:\/\/cmm.imgw.pl\/?p=40104","og_locale":"pl_PL","og_type":"article","og_title":"IMGW-PIB CMM: Raport ko\u0144cowy dotycz\u0105cy mroz\u00f3w w Europie i w Polsce w pierwszej dekadzie 2024r.","og_description":"Mrozy nad Europ\u0105 1-10.01.2024 \u2013 analiza synoptycznaSilne mrozy nad Europ\u0105, w tym nad Polsk\u0105, z pierwszej dekady stycznia 2024 r. zwi\u0105zane by\u0142y przede wszystkim z rozleg\u0142ym wy\u017cem. Rozwija\u0142 si\u0119 on dzie\u0144 po dniu na p\u00f3\u0142nocy Europy i \u201epompowa\u0142\u201d coraz bardziej wych\u0142odzone powietrze z rejonu Arktyki i wyzi\u0119bionego l\u0105du Eurazji. W analizie skupimy si\u0119 na mapach synoptycznych i zdj\u0119ciach satelitarnych z godziny 00 UTC (z ma\u0142ymi wyj\u0105tkami, czasem z powodu braku danych, jednak nadal b\u0119d\u0105 to godziny nocne) ze wzgl\u0119du na to, \u017ce najni\u017csze warto\u015bci temperatury pojawia\u0142y si\u0119 nocami oraz nad ranem. Do analizy r\u00f3wnie\u017c zostan\u0105 wykorzystane prognostyczne mapy analizowanych p\u00f3l meteorologicznych, kt\u00f3re otrzymano z symulacji numerycznych modelem IFS (ECMWF). Pomiary temperatury zosta\u0142y zaprezentowane z godziny 6:00 UTC, gdy\u017c jest to w meteorologii jeden z g\u0142\u00f3wnych pomiar\u00f3w, chocia\u017c czasem pojawia\u0142y si\u0119 wahania, nie wi\u0119ksze ni\u017c 1\u00b0C, tu\u017c po tym pomiarze.","og_url":"https:\/\/cmm.imgw.pl\/?p=40104","og_site_name":"Laboratorium Modelowania Meteorologicznego CMOK IMGW-PIB","article_publisher":"https:\/\/www.facebook.com\/Meteoimgw\/","article_published_time":"2024-02-19T13:00:05+00:00","article_modified_time":"2024-02-19T13:00:06+00:00","og_image":[{"width":1289,"height":414,"url":"http:\/\/cmm.imgw.pl\/wp-content\/uploads\/2024\/02\/Obj.png","type":"image\/png"}],"author":"CMM","twitter_card":"summary_large_image","twitter_title":"IMGW-PIB CMM: Raport ko\u0144cowy dotycz\u0105cy mroz\u00f3w w Europie i w Polsce w pierwszej dekadzie 2024r.","twitter_description":"Mrozy nad Europ\u0105 1-10.01.2024 \u2013 analiza synoptycznaSilne mrozy nad Europ\u0105, w tym nad Polsk\u0105, z pierwszej dekady stycznia 2024 r. zwi\u0105zane by\u0142y przede wszystkim z rozleg\u0142ym wy\u017cem. Rozwija\u0142 si\u0119 on dzie\u0144 po dniu na p\u00f3\u0142nocy Europy i \u201epompowa\u0142\u201d coraz bardziej wych\u0142odzone powietrze z rejonu Arktyki i wyzi\u0119bionego l\u0105du Eurazji. W analizie skupimy si\u0119 na mapach synoptycznych i zdj\u0119ciach satelitarnych z godziny 00 UTC (z ma\u0142ymi wyj\u0105tkami, czasem z powodu braku danych, jednak nadal b\u0119d\u0105 to godziny nocne) ze wzgl\u0119du na to, \u017ce najni\u017csze warto\u015bci temperatury pojawia\u0142y si\u0119 nocami oraz nad ranem. Do analizy r\u00f3wnie\u017c zostan\u0105 wykorzystane prognostyczne mapy analizowanych p\u00f3l meteorologicznych, kt\u00f3re otrzymano z symulacji numerycznych modelem IFS (ECMWF). Pomiary temperatury zosta\u0142y zaprezentowane z godziny 6:00 UTC, gdy\u017c jest to w meteorologii jeden z g\u0142\u00f3wnych pomiar\u00f3w, chocia\u017c czasem pojawia\u0142y si\u0119 wahania, nie wi\u0119ksze ni\u017c 1\u00b0C, tu\u017c po tym pomiarze.","twitter_image":"https:\/\/cmm.imgw.pl\/wp-content\/uploads\/2024\/02\/Obj.png","twitter_creator":"@IMGW_CMM","twitter_site":"@IMGW_CMM","twitter_misc":{"Napisane przez":"CMM"},"schema":{"@context":"https:\/\/schema.org","@graph":[{"@type":"Article","@id":"https:\/\/cmm.imgw.pl\/?p=40104#article","isPartOf":{"@id":"https:\/\/cmm.imgw.pl\/?p=40104"},"author":{"name":"CMM","@id":"https:\/\/cmm.imgw.pl\/#\/schema\/person\/a24a37fe434fe76b0f5791e6bd3fdb46"},"headline":"Raport ko\u0144cowy dotycz\u0105cy mroz\u00f3w w Europie i w Polsce w pierwszej dekadzie 2024r.","datePublished":"2024-02-19T13:00:05+00:00","dateModified":"2024-02-19T13:00:06+00:00","mainEntityOfPage":{"@id":"https:\/\/cmm.imgw.pl\/?p=40104"},"wordCount":70,"publisher":{"@id":"https:\/\/cmm.imgw.pl\/#organization"},"keywords":["analiza","cmm","imgw","meteorologia","tr\u0105ba powietrzna","wiatr"],"articleSection":["Info"],"inLanguage":"pl-PL"},{"@type":"WebPage","@id":"https:\/\/cmm.imgw.pl\/?p=40104","url":"https:\/\/cmm.imgw.pl\/?p=40104","name":"Raport ko\u0144cowy dotycz\u0105cy mroz\u00f3w w Europie i w Polsce w pierwszej dekadzie 2024r. - Laboratorium Modelowania Meteorologicznego CMOK IMGW-PIB","isPartOf":{"@id":"https:\/\/cmm.imgw.pl\/#website"},"datePublished":"2024-02-19T13:00:05+00:00","dateModified":"2024-02-19T13:00:06+00:00","description":"Mrozy nad Europ\u0105 1-10.01.2024 \u2013 analiza synoptycznaSilne mrozy nad Europ\u0105, w tym nad Polsk\u0105, z pierwszej dekady stycznia 2024 r. zwi\u0105zane by\u0142y przede wszystkim z rozleg\u0142ym wy\u017cem. Rozwija\u0142 si\u0119 on dzie\u0144 po dniu na p\u00f3\u0142nocy Europy i \u201epompowa\u0142\u201d coraz bardziej wych\u0142odzone powietrze z rejonu Arktyki i wyzi\u0119bionego l\u0105du Eurazji. W analizie skupimy si\u0119 na mapach synoptycznych i zdj\u0119ciach satelitarnych z godziny 00 UTC (z ma\u0142ymi wyj\u0105tkami, czasem z powodu braku danych, jednak nadal b\u0119d\u0105 to godziny nocne) ze wzgl\u0119du na to, \u017ce najni\u017csze warto\u015bci temperatury pojawia\u0142y si\u0119 nocami oraz nad ranem. Do analizy r\u00f3wnie\u017c zostan\u0105 wykorzystane prognostyczne mapy analizowanych p\u00f3l meteorologicznych, kt\u00f3re otrzymano z symulacji numerycznych modelem IFS (ECMWF). Pomiary temperatury zosta\u0142y zaprezentowane z godziny 6:00 UTC, gdy\u017c jest to w meteorologii jeden z g\u0142\u00f3wnych pomiar\u00f3w, chocia\u017c czasem pojawia\u0142y si\u0119 wahania, nie wi\u0119ksze ni\u017c 1\u00b0C, tu\u017c po tym pomiarze.","breadcrumb":{"@id":"https:\/\/cmm.imgw.pl\/?p=40104#breadcrumb"},"inLanguage":"pl-PL","potentialAction":[{"@type":"ReadAction","target":["https:\/\/cmm.imgw.pl\/?p=40104"]}]},{"@type":"BreadcrumbList","@id":"https:\/\/cmm.imgw.pl\/?p=40104#breadcrumb","itemListElement":[{"@type":"ListItem","position":1,"name":"Home","item":"https:\/\/cmm.imgw.pl\/"},{"@type":"ListItem","position":2,"name":"Raport ko\u0144cowy dotycz\u0105cy mroz\u00f3w w Europie i w Polsce w pierwszej dekadzie 2024r."}]},{"@type":"WebSite","@id":"https:\/\/cmm.imgw.pl\/#website","url":"https:\/\/cmm.imgw.pl\/","name":"Laboratorium Modelowania Meteorologicznego CMOK IMGW-PIB","description":"CMOK-LMM Laboratorium pe\u0142ni pa\u0144stwow\u0105 s\u0142u\u017cb\u0119 hydrologiczno-meteorologiczn\u0105 w zakresie numerycznych prognoz pogody, kt\u00f3rego zadaniem jest konsolidacja kompetencji w obszarze modelowania zjawisk pogodowych oraz dalszego rozwoju numerycznych modeli pogody (NMP).","publisher":{"@id":"https:\/\/cmm.imgw.pl\/#organization"},"potentialAction":[{"@type":"SearchAction","target":{"@type":"EntryPoint","urlTemplate":"https:\/\/cmm.imgw.pl\/?s={search_term_string}"},"query-input":"required name=search_term_string"}],"inLanguage":"pl-PL"},{"@type":"Organization","@id":"https:\/\/cmm.imgw.pl\/#organization","name":"Laboratorium Modelowania Meteorologicznego CMOK IMGW-PIB","url":"https:\/\/cmm.imgw.pl\/","sameAs":["https:\/\/www.facebook.com\/Meteoimgw\/","https:\/\/twitter.com\/IMGW_CMM"],"logo":{"@type":"ImageObject","inLanguage":"pl-PL","@id":"https:\/\/cmm.imgw.pl\/#\/schema\/logo\/image\/","url":"https:\/\/cmm.imgw.pl\/wp-content\/uploads\/2025\/10\/MODELE_LOGO_UNIFIKACJA_v2.png","contentUrl":"https:\/\/cmm.imgw.pl\/wp-content\/uploads\/2025\/10\/MODELE_LOGO_UNIFIKACJA_v2.png","width":1356,"height":365,"caption":"Laboratorium Modelowania Meteorologicznego CMOK IMGW-PIB"},"image":{"@id":"https:\/\/cmm.imgw.pl\/#\/schema\/logo\/image\/"}},{"@type":"Person","@id":"https:\/\/cmm.imgw.pl\/#\/schema\/person\/a24a37fe434fe76b0f5791e6bd3fdb46","name":"CMM","image":{"@type":"ImageObject","inLanguage":"pl-PL","@id":"https:\/\/cmm.imgw.pl\/#\/schema\/person\/image\/","url":"https:\/\/secure.gravatar.com\/avatar\/9248ea2273711f1cd09d6bd45867dbfb?s=96&d=blank&r=g","contentUrl":"https:\/\/secure.gravatar.com\/avatar\/9248ea2273711f1cd09d6bd45867dbfb?s=96&d=blank&r=g","caption":"CMM"},"sameAs":["http:\/\/cmm.imgw.pl"],"url":"https:\/\/cmm.imgw.pl\/?author=3"}]}},"_links":{"self":[{"href":"https:\/\/cmm.imgw.pl\/index.php?rest_route=\/wp\/v2\/posts\/40104"}],"collection":[{"href":"https:\/\/cmm.imgw.pl\/index.php?rest_route=\/wp\/v2\/posts"}],"about":[{"href":"https:\/\/cmm.imgw.pl\/index.php?rest_route=\/wp\/v2\/types\/post"}],"author":[{"embeddable":true,"href":"https:\/\/cmm.imgw.pl\/index.php?rest_route=\/wp\/v2\/users\/3"}],"replies":[{"embeddable":true,"href":"https:\/\/cmm.imgw.pl\/index.php?rest_route=%2Fwp%2Fv2%2Fcomments&post=40104"}],"version-history":[{"count":1,"href":"https:\/\/cmm.imgw.pl\/index.php?rest_route=\/wp\/v2\/posts\/40104\/revisions"}],"predecessor-version":[{"id":40107,"href":"https:\/\/cmm.imgw.pl\/index.php?rest_route=\/wp\/v2\/posts\/40104\/revisions\/40107"}],"wp:attachment":[{"href":"https:\/\/cmm.imgw.pl\/index.php?rest_route=%2Fwp%2Fv2%2Fmedia&parent=40104"}],"wp:term":[{"taxonomy":"category","embeddable":true,"href":"https:\/\/cmm.imgw.pl\/index.php?rest_route=%2Fwp%2Fv2%2Fcategories&post=40104"},{"taxonomy":"post_tag","embeddable":true,"href":"https:\/\/cmm.imgw.pl\/index.php?rest_route=%2Fwp%2Fv2%2Ftags&post=40104"}],"curies":[{"name":"wp","href":"https:\/\/api.w.org\/{rel}","templated":true}]}}