{"id":40005,"date":"2024-02-12T14:21:34","date_gmt":"2024-02-12T13:21:34","guid":{"rendered":"https:\/\/cmm.imgw.pl\/?p=40005"},"modified":"2024-02-12T14:21:38","modified_gmt":"2024-02-12T13:21:38","slug":"czy-w-najblizszym-czasie-nalezy-spodziewac-sie-silnych-mrozow","status":"publish","type":"post","link":"https:\/\/cmm.imgw.pl\/?p=40005","title":{"rendered":"Czy w najbli\u017cszym czasie nale\u017cy spodziewa\u0107 si\u0119 silnych mroz\u00f3w?"},"content":{"rendered":"\n<figure class=\"wp-block-image size-large\"><img loading=\"lazy\" width=\"1024\" height=\"576\" src=\"https:\/\/cmm.imgw.pl\/wp-content\/uploads\/2023\/03\/komentarz4-1-1024x576.png\" alt=\"\" class=\"wp-image-23617\" srcset=\"https:\/\/cmm.imgw.pl\/wp-content\/uploads\/2023\/03\/komentarz4-1-1024x576.png 1024w, https:\/\/cmm.imgw.pl\/wp-content\/uploads\/2023\/03\/komentarz4-1-300x169.png 300w, https:\/\/cmm.imgw.pl\/wp-content\/uploads\/2023\/03\/komentarz4-1-768x432.png 768w, https:\/\/cmm.imgw.pl\/wp-content\/uploads\/2023\/03\/komentarz4-1-800x450.png 800w, https:\/\/cmm.imgw.pl\/wp-content\/uploads\/2023\/03\/komentarz4-1.png 1280w\" sizes=\"(max-width: 1024px) 100vw, 1024px\" \/><\/figure>\n\n\n\n<p><em>Tre\u015b\u0107 komentarza do numerycznych prognoz meteorologicznych stanowi niezale\u017cne od biura prognoz meteorologicznych opracowanie wykonane w Centrum Modelowania Meteorologicznego i nie stanowi oficjalnej prognozy synoptycznej IMGW-PIB.<\/em><\/p>\n\n\n\n<p><strong>Opracowanie:<\/strong><\/p>\n\n\n\n<p><strong>dr&nbsp;Grzegorz&nbsp;Duniec, <a href=\"https:\/\/cmm.imgw.pl\/\" target=\"_blank\" rel=\"noreferrer noopener\"><mark style=\"background-color:rgba(0, 0, 0, 0)\" class=\"has-inline-color has-vivid-cyan-blue-color\">Centrum Modelowania Meteorologicznego IMGW-PIB<\/mark><\/a><\/strong><\/p>\n\n\n<p><strong>Dzie\u0144 12 lutego 2024 roku oraz noc 12\/13 lutego 2024 roku<\/strong><\/p>\n<p><img loading=\"lazy\" width=\"1075\" height=\"764\" class=\"wp-image-40006 aligncenter\" src=\"http:\/\/cmm.imgw.pl\/wp-content\/uploads\/2024\/02\/obraz-zawierajacy-mapa-tekst-diagram-atlas-opi.gif\" alt=\"Obraz zawieraj\u0105cy mapa, tekst, diagram, atlas\n\nOpis wygenerowany automatycznie\" \/><\/p>\n<p><img loading=\"lazy\" width=\"465\" height=\"438\" class=\"wp-image-40007 aligncenter\" src=\"http:\/\/cmm.imgw.pl\/wp-content\/uploads\/2024\/02\/word-image-40005-2.jpeg\" srcset=\"https:\/\/cmm.imgw.pl\/wp-content\/uploads\/2024\/02\/word-image-40005-2.jpeg 465w, https:\/\/cmm.imgw.pl\/wp-content\/uploads\/2024\/02\/word-image-40005-2-300x283.jpeg 300w\" sizes=\"(max-width: 465px) 100vw, 465px\" \/> <img loading=\"lazy\" width=\"464\" height=\"436\" class=\"wp-image-40008 aligncenter\" src=\"http:\/\/cmm.imgw.pl\/wp-content\/uploads\/2024\/02\/word-image-40005-3.jpeg\" srcset=\"https:\/\/cmm.imgw.pl\/wp-content\/uploads\/2024\/02\/word-image-40005-3.jpeg 464w, https:\/\/cmm.imgw.pl\/wp-content\/uploads\/2024\/02\/word-image-40005-3-300x282.jpeg 300w\" sizes=\"(max-width: 464px) 100vw, 464px\" \/><\/p>\n<p>W poniedzia\u0142ek pogod\u0119 w Polsce kszta\u0142towa\u0107 b\u0119dzie uk\u0142ad niskiego ci\u015bnienia. O\u015brodek przemieszcza\u0107 si\u0119 b\u0119dzie nad Polsk\u0105. W godzinach wieczornych centrum ni\u017cu opu\u015bci ju\u017c nasz kraj i przemie\u015bci si\u0119 nad Ba\u0142tyk. Nap\u0142ywa\u0107 b\u0119dzie powietrze polarno-morskie.<\/p>\n<p><img loading=\"lazy\" width=\"630\" height=\"498\" class=\"wp-image-40009 aligncenter\" src=\"http:\/\/cmm.imgw.pl\/wp-content\/uploads\/2024\/02\/obraz-zawierajacy-tekst-numer-diagram-mapa-opi.jpeg\" alt=\"Obraz zawieraj\u0105cy tekst, numer, diagram, mapa\n\nOpis wygenerowany automatycznie\" srcset=\"https:\/\/cmm.imgw.pl\/wp-content\/uploads\/2024\/02\/obraz-zawierajacy-tekst-numer-diagram-mapa-opi.jpeg 630w, https:\/\/cmm.imgw.pl\/wp-content\/uploads\/2024\/02\/obraz-zawierajacy-tekst-numer-diagram-mapa-opi-300x237.jpeg 300w\" sizes=\"(max-width: 630px) 100vw, 630px\" \/><\/p>\n<p>Z zachodu nale\u017cy spodziewa\u0107 si\u0119 adwekcji ch\u0142odu. Zacznie nap\u0142ywa\u0107 nieco ch\u0142odniejsza masa powietrza.<\/p>\n<p><img loading=\"lazy\" width=\"614\" height=\"578\" class=\"wp-image-40010 aligncenter\" src=\"http:\/\/cmm.imgw.pl\/wp-content\/uploads\/2024\/02\/word-image-40005-5.jpeg\" srcset=\"https:\/\/cmm.imgw.pl\/wp-content\/uploads\/2024\/02\/word-image-40005-5.jpeg 614w, https:\/\/cmm.imgw.pl\/wp-content\/uploads\/2024\/02\/word-image-40005-5-300x282.jpeg 300w\" sizes=\"(max-width: 614px) 100vw, 614px\" \/><\/p>\n<p>Na terenie ca\u0142ego kraju temperatury dodatnie. Z wy\u0142\u0105czeniem region\u00f3w g\u00f3rskich.<\/p>\n<p><strong>Dzie\u0144 13 lutego 2024 roku oraz noc 13\/14 lutego 2024 roku<\/strong><\/p>\n<p><img loading=\"lazy\" width=\"1075\" height=\"764\" class=\"wp-image-40011 aligncenter\" src=\"http:\/\/cmm.imgw.pl\/wp-content\/uploads\/2024\/02\/obraz-zawierajacy-mapa-tekst-diagram-atlas-opi-1.gif\" alt=\"Obraz zawieraj\u0105cy mapa, tekst, diagram, atlas\n\nOpis wygenerowany automatycznie\" \/><\/p>\n<p>We wtorek Polska zacznie dostawa\u0107 si\u0119 pod wp\u0142yw uk\u0142adu wysokiego ci\u015bnienia. W dalszym ci\u0105gu nap\u0142ywa\u0107 b\u0119dzie powietrze polarno-morskie. Nap\u0142ywaj\u0105ca masa powietrza b\u0119dzie nieco ch\u0142odniejsza.<\/p>\n<p><img loading=\"lazy\" width=\"946\" height=\"748\" class=\"wp-image-40012 aligncenter\" src=\"http:\/\/cmm.imgw.pl\/wp-content\/uploads\/2024\/02\/obraz-zawierajacy-tekst-numer-diagram-mapa-opi-1.jpeg\" alt=\"Obraz zawieraj\u0105cy tekst, numer, diagram, mapa\n\nOpis wygenerowany automatycznie\" srcset=\"https:\/\/cmm.imgw.pl\/wp-content\/uploads\/2024\/02\/obraz-zawierajacy-tekst-numer-diagram-mapa-opi-1.jpeg 946w, https:\/\/cmm.imgw.pl\/wp-content\/uploads\/2024\/02\/obraz-zawierajacy-tekst-numer-diagram-mapa-opi-1-300x237.jpeg 300w, https:\/\/cmm.imgw.pl\/wp-content\/uploads\/2024\/02\/obraz-zawierajacy-tekst-numer-diagram-mapa-opi-1-768x607.jpeg 768w\" sizes=\"(max-width: 946px) 100vw, 946px\" \/><\/p>\n<p>Polska dostanie si\u0119 pod wp\u0142yw zatoki ch\u0142odu. Najch\u0142odniejsza masa powietrza powinna zalega\u0107 nad p\u00f3\u0142nocn\u0105 Polsk\u0105. W dalszym ci\u0105gu wyst\u0119powa\u0107 b\u0119dzie adwekcja ch\u0142odu.<\/p>\n<p><img loading=\"lazy\" width=\"600\" height=\"640\" class=\"wp-image-40013 aligncenter\" src=\"http:\/\/cmm.imgw.pl\/wp-content\/uploads\/2024\/02\/word-image-40005-8.png\" srcset=\"https:\/\/cmm.imgw.pl\/wp-content\/uploads\/2024\/02\/word-image-40005-8.png 600w, https:\/\/cmm.imgw.pl\/wp-content\/uploads\/2024\/02\/word-image-40005-8-281x300.png 281w\" sizes=\"(max-width: 600px) 100vw, 600px\" \/> <img loading=\"lazy\" width=\"600\" height=\"640\" class=\"wp-image-40014 aligncenter\" src=\"http:\/\/cmm.imgw.pl\/wp-content\/uploads\/2024\/02\/word-image-40005-9.png\" srcset=\"https:\/\/cmm.imgw.pl\/wp-content\/uploads\/2024\/02\/word-image-40005-9.png 600w, https:\/\/cmm.imgw.pl\/wp-content\/uploads\/2024\/02\/word-image-40005-9-281x300.png 281w\" sizes=\"(max-width: 600px) 100vw, 600px\" \/><\/p>\n<p>W nocy 13\/14 lutego 2024 roku, Polska b\u0119dzie w zasi\u0119gu zatoki ch\u0142odu.<\/p>\n<p><img loading=\"lazy\" width=\"441\" height=\"349\" class=\"wp-image-40015 aligncenter\" src=\"http:\/\/cmm.imgw.pl\/wp-content\/uploads\/2024\/02\/obraz-zawierajacy-tekst-mapa-opis-wygenerowany-a.png\" alt=\"Obraz zawieraj\u0105cy tekst, mapa\n\nOpis wygenerowany automatycznie\" srcset=\"https:\/\/cmm.imgw.pl\/wp-content\/uploads\/2024\/02\/obraz-zawierajacy-tekst-mapa-opis-wygenerowany-a.png 441w, https:\/\/cmm.imgw.pl\/wp-content\/uploads\/2024\/02\/obraz-zawierajacy-tekst-mapa-opis-wygenerowany-a-300x237.png 300w\" sizes=\"(max-width: 441px) 100vw, 441px\" \/> <img loading=\"lazy\" width=\"440\" height=\"348\" class=\"wp-image-40016 aligncenter\" src=\"http:\/\/cmm.imgw.pl\/wp-content\/uploads\/2024\/02\/obraz-zawierajacy-tekst-mapa-opis-wygenerowany-a.jpeg\" alt=\"Obraz zawieraj\u0105cy tekst, mapa\n\nOpis wygenerowany automatycznie\" srcset=\"https:\/\/cmm.imgw.pl\/wp-content\/uploads\/2024\/02\/obraz-zawierajacy-tekst-mapa-opis-wygenerowany-a.jpeg 440w, https:\/\/cmm.imgw.pl\/wp-content\/uploads\/2024\/02\/obraz-zawierajacy-tekst-mapa-opis-wygenerowany-a-300x237.jpeg 300w\" sizes=\"(max-width: 440px) 100vw, 440px\" \/> <img loading=\"lazy\" width=\"446\" height=\"353\" class=\"wp-image-40017 aligncenter\" src=\"http:\/\/cmm.imgw.pl\/wp-content\/uploads\/2024\/02\/obraz-zawierajacy-tekst-woda-mapa-opis-wygenero.png\" alt=\"Obraz zawieraj\u0105cy tekst, woda, mapa\n\nOpis wygenerowany automatycznie\" srcset=\"https:\/\/cmm.imgw.pl\/wp-content\/uploads\/2024\/02\/obraz-zawierajacy-tekst-woda-mapa-opis-wygenero.png 446w, https:\/\/cmm.imgw.pl\/wp-content\/uploads\/2024\/02\/obraz-zawierajacy-tekst-woda-mapa-opis-wygenero-300x237.png 300w\" sizes=\"(max-width: 446px) 100vw, 446px\" \/> <img loading=\"lazy\" width=\"442\" height=\"350\" class=\"wp-image-40018 aligncenter\" src=\"http:\/\/cmm.imgw.pl\/wp-content\/uploads\/2024\/02\/obraz-zawierajacy-tekst-mapa-atlas-opis-wygener.jpeg\" alt=\"Obraz zawieraj\u0105cy tekst, mapa, atlas\n\nOpis wygenerowany automatycznie\" srcset=\"https:\/\/cmm.imgw.pl\/wp-content\/uploads\/2024\/02\/obraz-zawierajacy-tekst-mapa-atlas-opis-wygener.jpeg 442w, https:\/\/cmm.imgw.pl\/wp-content\/uploads\/2024\/02\/obraz-zawierajacy-tekst-mapa-atlas-opis-wygener-300x238.jpeg 300w\" sizes=\"(max-width: 442px) 100vw, 442px\" \/><\/p>\n<p><img loading=\"lazy\" width=\"456\" height=\"430\" class=\"wp-image-40019 aligncenter\" src=\"http:\/\/cmm.imgw.pl\/wp-content\/uploads\/2024\/02\/word-image-40005-14.jpeg\" srcset=\"https:\/\/cmm.imgw.pl\/wp-content\/uploads\/2024\/02\/word-image-40005-14.jpeg 456w, https:\/\/cmm.imgw.pl\/wp-content\/uploads\/2024\/02\/word-image-40005-14-300x283.jpeg 300w\" sizes=\"(max-width: 456px) 100vw, 456px\" \/> <img loading=\"lazy\" width=\"442\" height=\"416\" class=\"wp-image-40020 aligncenter\" src=\"http:\/\/cmm.imgw.pl\/wp-content\/uploads\/2024\/02\/word-image-40005-15.jpeg\" srcset=\"https:\/\/cmm.imgw.pl\/wp-content\/uploads\/2024\/02\/word-image-40005-15.jpeg 442w, https:\/\/cmm.imgw.pl\/wp-content\/uploads\/2024\/02\/word-image-40005-15-300x282.jpeg 300w\" sizes=\"(max-width: 442px) 100vw, 442px\" \/><\/p>\n<p><img loading=\"lazy\" width=\"453\" height=\"426\" class=\"wp-image-40021 aligncenter\" src=\"http:\/\/cmm.imgw.pl\/wp-content\/uploads\/2024\/02\/word-image-40005-16.jpeg\" srcset=\"https:\/\/cmm.imgw.pl\/wp-content\/uploads\/2024\/02\/word-image-40005-16.jpeg 453w, https:\/\/cmm.imgw.pl\/wp-content\/uploads\/2024\/02\/word-image-40005-16-300x282.jpeg 300w\" sizes=\"(max-width: 453px) 100vw, 453px\" \/><\/p>\n<p>Z analizy prognozy pola niedosytu punktu rosy wynika, \u017ce w wielu miejscach zachmurzenie powinno mie\u0107 mniejsz\u0105 mi\u0105\u017cszo\u015b\u0107. W nocy 13\/14 II 2024 roku dominowa\u0107 b\u0119dzie zachmurzenie pi\u0119tra niskiego typu Stratocumulus oraz\/lub Stratus o ma\u0142ej i \u015bredniej grubo\u015bci optycznej. Nie nale\u017cy spodziewa\u0107 si\u0119 znacznych spadk\u00f3w temperatury.<\/p>\n<p><img loading=\"lazy\" width=\"458\" height=\"431\" class=\"wp-image-40022 aligncenter\" src=\"http:\/\/cmm.imgw.pl\/wp-content\/uploads\/2024\/02\/word-image-40005-17.jpeg\" srcset=\"https:\/\/cmm.imgw.pl\/wp-content\/uploads\/2024\/02\/word-image-40005-17.jpeg 458w, https:\/\/cmm.imgw.pl\/wp-content\/uploads\/2024\/02\/word-image-40005-17-300x282.jpeg 300w\" sizes=\"(max-width: 458px) 100vw, 458px\" \/><\/p>\n<p><strong>Dzie\u0144 14 lutego 2024 roku oraz noc 14\/15 lutego 2024 roku<\/strong><\/p>\n<p><img loading=\"lazy\" width=\"1075\" height=\"764\" class=\"wp-image-40023 aligncenter\" src=\"http:\/\/cmm.imgw.pl\/wp-content\/uploads\/2024\/02\/obraz-zawierajacy-mapa-tekst-diagram-atlas-opi-2.gif\" alt=\"Obraz zawieraj\u0105cy mapa, tekst, diagram, atlas\n\nOpis wygenerowany automatycznie\" \/> <img loading=\"lazy\" width=\"318\" height=\"363\" class=\"wp-image-40024 aligncenter\" src=\"http:\/\/cmm.imgw.pl\/wp-content\/uploads\/2024\/02\/word-image-40005-19.jpeg\" srcset=\"https:\/\/cmm.imgw.pl\/wp-content\/uploads\/2024\/02\/word-image-40005-19.jpeg 318w, https:\/\/cmm.imgw.pl\/wp-content\/uploads\/2024\/02\/word-image-40005-19-263x300.jpeg 263w\" sizes=\"(max-width: 318px) 100vw, 318px\" \/><\/p>\n<p>W \u015brod\u0119 nad Polsk\u0105 zalega\u0107 b\u0119dzie klin wysokiego ci\u015bnienia, kt\u00f3rego o\u015b b\u0119dzie przemieszcza\u0142a si\u0119 na wsch\u00f3d. Nad Niemcami izobary wygi\u0119te na kszta\u0142t zatoki, w kt\u00f3rej zalega\u0107 b\u0119dzie front ciep\u0142y przemieszczaj\u0105cy si\u0119 na wsch\u00f3d. Nad p\u00f3\u0142nocno zachodni\u0105 Rosj\u0105, a wcze\u015bniej nad p\u0142w. Kanin rozbudowywa\u0107 si\u0119 b\u0119dzie uk\u0142ad wysokiego ci\u015bnienia, kt\u00f3ry b\u0119dzie si\u0119 umacnia\u0142 i rozbudowywa\u0142 przemieszczaj\u0105c po\u0142udnikowo na po\u0142udnie kontynentu.<\/p>\n<p><img loading=\"lazy\" width=\"479\" height=\"293\" class=\"wp-image-40025 aligncenter\" src=\"http:\/\/cmm.imgw.pl\/wp-content\/uploads\/2024\/02\/word-image-40005-20.jpeg\" srcset=\"https:\/\/cmm.imgw.pl\/wp-content\/uploads\/2024\/02\/word-image-40005-20.jpeg 479w, https:\/\/cmm.imgw.pl\/wp-content\/uploads\/2024\/02\/word-image-40005-20-300x184.jpeg 300w\" sizes=\"(max-width: 479px) 100vw, 479px\" \/> <img loading=\"lazy\" width=\"363\" height=\"295\" class=\"wp-image-40026 aligncenter\" src=\"http:\/\/cmm.imgw.pl\/wp-content\/uploads\/2024\/02\/word-image-40005-21.jpeg\" srcset=\"https:\/\/cmm.imgw.pl\/wp-content\/uploads\/2024\/02\/word-image-40005-21.jpeg 363w, https:\/\/cmm.imgw.pl\/wp-content\/uploads\/2024\/02\/word-image-40005-21-300x244.jpeg 300w\" sizes=\"(max-width: 363px) 100vw, 363px\" \/><\/p>\n<p>\u0179r\u00f3d\u0142o: www.windy.com<\/p>\n<p>Na zachodzie kraju nap\u0142ywa\u0107 b\u0119dzie z po\u0142udniowego zachodu. Na Polsk\u0105 centraln\u0105, na osi klina, nast\u0119puje zamiana kierunku ruchu masy powietrza w kierunku po\u0142udniowo wschodnim. Na wysoko\u015bci 500 hPa (5,5 km) nap\u0142ywa\u0107 b\u0119dzie masa powietrza z p\u00f3\u0142nocnego zachodu.<\/p>\n<p><img loading=\"lazy\" width=\"946\" height=\"748\" class=\"wp-image-40027 aligncenter\" src=\"http:\/\/cmm.imgw.pl\/wp-content\/uploads\/2024\/02\/obraz-zawierajacy-tekst-numer-diagram-mapa-opi-2.jpeg\" alt=\"Obraz zawieraj\u0105cy tekst, numer, diagram, mapa\n\nOpis wygenerowany automatycznie\" srcset=\"https:\/\/cmm.imgw.pl\/wp-content\/uploads\/2024\/02\/obraz-zawierajacy-tekst-numer-diagram-mapa-opi-2.jpeg 946w, https:\/\/cmm.imgw.pl\/wp-content\/uploads\/2024\/02\/obraz-zawierajacy-tekst-numer-diagram-mapa-opi-2-300x237.jpeg 300w, https:\/\/cmm.imgw.pl\/wp-content\/uploads\/2024\/02\/obraz-zawierajacy-tekst-numer-diagram-mapa-opi-2-768x607.jpeg 768w\" sizes=\"(max-width: 946px) 100vw, 946px\" \/><\/p>\n<p>O\u015brodek ch\u0142odu przemie\u015bci si\u0119 na po\u0142udniowy wsch\u00f3d i w ci\u0105gu dnia zalega\u0107 b\u0119dzie nad po\u0142udniowo wschodni\u0105 Polsk\u0105. Zachodni rejon kraju na skraju klina ciep\u0142a.<\/p>\n<p><img loading=\"lazy\" width=\"476\" height=\"262\" class=\"wp-image-40028 aligncenter\" src=\"http:\/\/cmm.imgw.pl\/wp-content\/uploads\/2024\/02\/word-image-40005-23.jpeg\" srcset=\"https:\/\/cmm.imgw.pl\/wp-content\/uploads\/2024\/02\/word-image-40005-23.jpeg 476w, https:\/\/cmm.imgw.pl\/wp-content\/uploads\/2024\/02\/word-image-40005-23-300x165.jpeg 300w\" sizes=\"(max-width: 476px) 100vw, 476px\" \/><\/p>\n<p>\u0179r\u00f3d\u0142o: <a href=\"http:\/\/www.windy.com\">www.windy.com<\/a><\/p>\n<p>W nocy 14\/15 II 2024 roku zaznaczy si\u0119 w dolnej warstwie nap\u0142yw powietrza ze wschodu. W zachodniej cz\u0119\u015bci kraju z po\u0142udnia.<\/p>\n<p><img loading=\"lazy\" width=\"448\" height=\"312\" class=\"wp-image-40029 aligncenter\" src=\"http:\/\/cmm.imgw.pl\/wp-content\/uploads\/2024\/02\/word-image-40005-24.jpeg\" srcset=\"https:\/\/cmm.imgw.pl\/wp-content\/uploads\/2024\/02\/word-image-40005-24.jpeg 448w, https:\/\/cmm.imgw.pl\/wp-content\/uploads\/2024\/02\/word-image-40005-24-300x209.jpeg 300w\" sizes=\"(max-width: 448px) 100vw, 448px\" \/><\/p>\n<p>\u0179r\u00f3d\u0142o: <a href=\"http:\/\/www.windy.com\">www.windy.com<\/a><\/p>\n<p>Za\u015b na wysoko\u015bci 500 hPa wyst\u0119powa\u0107 b\u0119dzie nap\u0142yw powietrza z zachodu.<\/p>\n<p><img loading=\"lazy\" width=\"1026\" height=\"1040\" class=\"wp-image-40030 aligncenter\" src=\"http:\/\/cmm.imgw.pl\/wp-content\/uploads\/2024\/02\/word-image-40005-25.png\" srcset=\"https:\/\/cmm.imgw.pl\/wp-content\/uploads\/2024\/02\/word-image-40005-25.png 1026w, https:\/\/cmm.imgw.pl\/wp-content\/uploads\/2024\/02\/word-image-40005-25-296x300.png 296w, https:\/\/cmm.imgw.pl\/wp-content\/uploads\/2024\/02\/word-image-40005-25-1010x1024.png 1010w, https:\/\/cmm.imgw.pl\/wp-content\/uploads\/2024\/02\/word-image-40005-25-768x778.png 768w\" sizes=\"(max-width: 1026px) 100vw, 1026px\" \/> <img loading=\"lazy\" width=\"1026\" height=\"1040\" class=\"wp-image-40031 aligncenter\" src=\"http:\/\/cmm.imgw.pl\/wp-content\/uploads\/2024\/02\/word-image-40005-26.png\" srcset=\"https:\/\/cmm.imgw.pl\/wp-content\/uploads\/2024\/02\/word-image-40005-26.png 1026w, https:\/\/cmm.imgw.pl\/wp-content\/uploads\/2024\/02\/word-image-40005-26-296x300.png 296w, https:\/\/cmm.imgw.pl\/wp-content\/uploads\/2024\/02\/word-image-40005-26-1010x1024.png 1010w, https:\/\/cmm.imgw.pl\/wp-content\/uploads\/2024\/02\/word-image-40005-26-768x778.png 768w\" sizes=\"(max-width: 1026px) 100vw, 1026px\" \/><\/p>\n<p>We wschodniej cz\u0119\u015bci kraju nale\u017cy spodziewa\u0107 si\u0119 w nocy (14\/15 II 2024 roku) zachmurzenia pi\u0119tra niskiego Stratus translucidus. Ewentualnie mog\u0105 wyst\u0119powa\u0107 pojedyncze \u0142awice chmur Cirrus fibratus. Poniewa\u017c ten rejon kraju b\u0119dzie znajdowa\u0142 si\u0119 na skraju wy\u017cu zatem w wyniku ruch\u00f3w zst\u0119puj\u0105cych powietrza zachmurzenie b\u0119dzie zanika\u0107. Ze wzgl\u0119du na brak chmur pi\u0119tra \u015bredniego, wyst\u0119powanie pojedynczych \u0142awic chmur Cirrus i w\u0105skiej strefy z niewielkim zachmurzeniem chmurami Stratus translucidus nale\u017cy spodziewa\u0107 si\u0119 wypromieniowania radiacyjnego i spadku temperatury. We wschodniej cz\u0119\u015bci kraju wyst\u0119powa\u0107 b\u0119d\u0105 spadki temperatury od -1\u00b0C do -3\/-4\u00b0C.<\/p>\n<p><img loading=\"lazy\" width=\"462\" height=\"435\" class=\"wp-image-40032 aligncenter\" src=\"http:\/\/cmm.imgw.pl\/wp-content\/uploads\/2024\/02\/word-image-40005-27.jpeg\" srcset=\"https:\/\/cmm.imgw.pl\/wp-content\/uploads\/2024\/02\/word-image-40005-27.jpeg 462w, https:\/\/cmm.imgw.pl\/wp-content\/uploads\/2024\/02\/word-image-40005-27-300x282.jpeg 300w\" sizes=\"(max-width: 462px) 100vw, 462px\" \/> <img loading=\"lazy\" width=\"448\" height=\"422\" class=\"wp-image-40033 aligncenter\" src=\"http:\/\/cmm.imgw.pl\/wp-content\/uploads\/2024\/02\/word-image-40005-28.jpeg\" srcset=\"https:\/\/cmm.imgw.pl\/wp-content\/uploads\/2024\/02\/word-image-40005-28.jpeg 448w, https:\/\/cmm.imgw.pl\/wp-content\/uploads\/2024\/02\/word-image-40005-28-300x283.jpeg 300w\" sizes=\"(max-width: 448px) 100vw, 448px\" \/> <img loading=\"lazy\" width=\"421\" height=\"397\" class=\"wp-image-40034 aligncenter\" src=\"http:\/\/cmm.imgw.pl\/wp-content\/uploads\/2024\/02\/word-image-40005-29.jpeg\" srcset=\"https:\/\/cmm.imgw.pl\/wp-content\/uploads\/2024\/02\/word-image-40005-29.jpeg 421w, https:\/\/cmm.imgw.pl\/wp-content\/uploads\/2024\/02\/word-image-40005-29-300x283.jpeg 300w\" sizes=\"(max-width: 421px) 100vw, 421px\" \/><\/p>\n<p><img loading=\"lazy\" width=\"644\" height=\"606\" class=\"wp-image-40035 aligncenter\" src=\"http:\/\/cmm.imgw.pl\/wp-content\/uploads\/2024\/02\/word-image-40005-30.jpeg\" srcset=\"https:\/\/cmm.imgw.pl\/wp-content\/uploads\/2024\/02\/word-image-40005-30.jpeg 644w, https:\/\/cmm.imgw.pl\/wp-content\/uploads\/2024\/02\/word-image-40005-30-300x282.jpeg 300w\" sizes=\"(max-width: 644px) 100vw, 644px\" \/><\/p>\n<p><strong>Dzie\u0144 15 lutego 2024 roku oraz noc 15\/16 lutego 2024 roku<\/strong><\/p>\n<p><img loading=\"lazy\" width=\"1071\" height=\"759\" class=\"wp-image-40036 aligncenter\" src=\"http:\/\/cmm.imgw.pl\/wp-content\/uploads\/2024\/02\/obraz-zawierajacy-tekst-mapa-diagram-plan-opis.gif\" alt=\"Obraz zawieraj\u0105cy tekst, mapa, diagram, Plan\n\nOpis wygenerowany automatycznie\" \/> <img loading=\"lazy\" width=\"707\" height=\"503\" class=\"wp-image-40037 aligncenter\" src=\"http:\/\/cmm.imgw.pl\/wp-content\/uploads\/2024\/02\/obraz-zawierajacy-mapa-tekst-diagram-atlas-opi.png\" alt=\"Obraz zawieraj\u0105cy mapa, tekst, diagram, atlas\n\nOpis wygenerowany automatycznie\" srcset=\"https:\/\/cmm.imgw.pl\/wp-content\/uploads\/2024\/02\/obraz-zawierajacy-mapa-tekst-diagram-atlas-opi.png 707w, https:\/\/cmm.imgw.pl\/wp-content\/uploads\/2024\/02\/obraz-zawierajacy-mapa-tekst-diagram-atlas-opi-300x213.png 300w\" sizes=\"(max-width: 707px) 100vw, 707px\" \/><\/p>\n<p><img loading=\"lazy\" width=\"944\" height=\"1079\" class=\"wp-image-40038 aligncenter\" src=\"http:\/\/cmm.imgw.pl\/wp-content\/uploads\/2024\/02\/word-image-40005-33.jpeg\" srcset=\"https:\/\/cmm.imgw.pl\/wp-content\/uploads\/2024\/02\/word-image-40005-33.jpeg 944w, https:\/\/cmm.imgw.pl\/wp-content\/uploads\/2024\/02\/word-image-40005-33-262x300.jpeg 262w, https:\/\/cmm.imgw.pl\/wp-content\/uploads\/2024\/02\/word-image-40005-33-896x1024.jpeg 896w, https:\/\/cmm.imgw.pl\/wp-content\/uploads\/2024\/02\/word-image-40005-33-768x878.jpeg 768w\" sizes=\"(max-width: 944px) 100vw, 944px\" \/><\/p>\n<p><img loading=\"lazy\" width=\"946\" height=\"549\" class=\"wp-image-40039 aligncenter\" src=\"http:\/\/cmm.imgw.pl\/wp-content\/uploads\/2024\/02\/word-image-40005-34.jpeg\" srcset=\"https:\/\/cmm.imgw.pl\/wp-content\/uploads\/2024\/02\/word-image-40005-34.jpeg 946w, https:\/\/cmm.imgw.pl\/wp-content\/uploads\/2024\/02\/word-image-40005-34-300x174.jpeg 300w, https:\/\/cmm.imgw.pl\/wp-content\/uploads\/2024\/02\/word-image-40005-34-768x446.jpeg 768w\" sizes=\"(max-width: 946px) 100vw, 946px\" \/><\/p>\n<p>\u0179r\u00f3d\u0142o: <a href=\"http:\/\/www.windy.com\">www.windy.com<\/a><\/p>\n<p>Polska zachodnia i p\u00f3\u0142nocno zachodnia b\u0119dzie w zasi\u0119gu zatoki niskiego ci\u015bnienia, w kt\u00f3rej b\u0119dzie zalega\u0107 front atmosferyczny. Pogod\u0119 w p\u00f3\u0142nocno wschodniej Polsce pogod\u0119 kszta\u0142towa\u0107 b\u0119dzie uk\u0142ad wysokiego ci\u015bnienia znad zachodniej Rosji, kt\u00f3ry b\u0119dzie si\u0119 umacnia\u0107. Ci\u015bnienie w centrum wzro\u015bnie do 1050 hPa. Nad zachodni\u0105 Polsk\u0105 wyst\u0119powa\u0107 b\u0119dzie sp\u0142yw powietrza z SSW. Nad p\u00f3\u0142nocn\u0105 i wschodni\u0105 cz\u0119\u015bci\u0105 kraju nap\u0142ynie powietrze z SE.<\/p>\n<p><img loading=\"lazy\" width=\"1026\" height=\"1040\" class=\"wp-image-40040 aligncenter\" src=\"http:\/\/cmm.imgw.pl\/wp-content\/uploads\/2024\/02\/word-image-40005-35.png\" srcset=\"https:\/\/cmm.imgw.pl\/wp-content\/uploads\/2024\/02\/word-image-40005-35.png 1026w, https:\/\/cmm.imgw.pl\/wp-content\/uploads\/2024\/02\/word-image-40005-35-296x300.png 296w, https:\/\/cmm.imgw.pl\/wp-content\/uploads\/2024\/02\/word-image-40005-35-1010x1024.png 1010w, https:\/\/cmm.imgw.pl\/wp-content\/uploads\/2024\/02\/word-image-40005-35-768x778.png 768w\" sizes=\"(max-width: 1026px) 100vw, 1026px\" \/><\/p>\n<p>Z prognostycznego diagramu aerologicznego wynika, \u017ce w p\u00f3\u0142nocno wschodniej cz\u0119\u015bci Polski wyst\u0119powa\u0107 b\u0119dzie zachmurzenie du\u017ce. Prawdopodobnie b\u0119d\u0105 to chmury Stratocumulus oraz zachmurzenie pietra \u015bredniego, a tak\u017ce chmury Cirrus fibratus oraz Cirrostratus fibratus.<\/p>\n<p><img loading=\"lazy\" width=\"1026\" height=\"1040\" class=\"wp-image-40041 aligncenter\" src=\"http:\/\/cmm.imgw.pl\/wp-content\/uploads\/2024\/02\/word-image-40005-36.png\" srcset=\"https:\/\/cmm.imgw.pl\/wp-content\/uploads\/2024\/02\/word-image-40005-36.png 1026w, https:\/\/cmm.imgw.pl\/wp-content\/uploads\/2024\/02\/word-image-40005-36-296x300.png 296w, https:\/\/cmm.imgw.pl\/wp-content\/uploads\/2024\/02\/word-image-40005-36-1010x1024.png 1010w, https:\/\/cmm.imgw.pl\/wp-content\/uploads\/2024\/02\/word-image-40005-36-768x778.png 768w\" sizes=\"(max-width: 1026px) 100vw, 1026px\" \/><\/p>\n<p>W godzinach wieczornych mi\u0105\u017cszo\u015b\u0107 chmur zmniejszy si\u0119. Mog\u0105 wyst\u0119powa\u0107 chmury Stratocumulus oraz chmury pi\u0119tra \u015bredniego.<\/p>\n<p><img loading=\"lazy\" width=\"1026\" height=\"1040\" class=\"wp-image-40042 aligncenter\" src=\"http:\/\/cmm.imgw.pl\/wp-content\/uploads\/2024\/02\/word-image-40005-37.png\" srcset=\"https:\/\/cmm.imgw.pl\/wp-content\/uploads\/2024\/02\/word-image-40005-37.png 1026w, https:\/\/cmm.imgw.pl\/wp-content\/uploads\/2024\/02\/word-image-40005-37-296x300.png 296w, https:\/\/cmm.imgw.pl\/wp-content\/uploads\/2024\/02\/word-image-40005-37-1010x1024.png 1010w, https:\/\/cmm.imgw.pl\/wp-content\/uploads\/2024\/02\/word-image-40005-37-768x778.png 768w\" sizes=\"(max-width: 1026px) 100vw, 1026px\" \/><\/p>\n<p>W nocy 15\/16 lutego 2024 roku nale\u017cy si\u0119 podziewa\u0107 na Suwalszczy\u017anie chmur Stratocumulus\/Stratus translucidus oraz chmur Cirrus\/Cirrostratus fibratus. Mo\u017cliwe chmury pi\u0119tra \u015bredniego.<\/p>\n<p><img loading=\"lazy\" width=\"1026\" height=\"1040\" class=\"wp-image-40043 aligncenter\" src=\"http:\/\/cmm.imgw.pl\/wp-content\/uploads\/2024\/02\/word-image-40005-38.png\" srcset=\"https:\/\/cmm.imgw.pl\/wp-content\/uploads\/2024\/02\/word-image-40005-38.png 1026w, https:\/\/cmm.imgw.pl\/wp-content\/uploads\/2024\/02\/word-image-40005-38-296x300.png 296w, https:\/\/cmm.imgw.pl\/wp-content\/uploads\/2024\/02\/word-image-40005-38-1010x1024.png 1010w, https:\/\/cmm.imgw.pl\/wp-content\/uploads\/2024\/02\/word-image-40005-38-768x778.png 768w\" sizes=\"(max-width: 1026px) 100vw, 1026px\" \/> <img loading=\"lazy\" width=\"1026\" height=\"1040\" class=\"wp-image-40044 aligncenter\" src=\"http:\/\/cmm.imgw.pl\/wp-content\/uploads\/2024\/02\/word-image-40005-39.png\" srcset=\"https:\/\/cmm.imgw.pl\/wp-content\/uploads\/2024\/02\/word-image-40005-39.png 1026w, https:\/\/cmm.imgw.pl\/wp-content\/uploads\/2024\/02\/word-image-40005-39-296x300.png 296w, https:\/\/cmm.imgw.pl\/wp-content\/uploads\/2024\/02\/word-image-40005-39-1010x1024.png 1010w, https:\/\/cmm.imgw.pl\/wp-content\/uploads\/2024\/02\/word-image-40005-39-768x778.png 768w\" sizes=\"(max-width: 1026px) 100vw, 1026px\" \/><\/p>\n<p>W rejonie Lublina wyst\u0119powa\u0107 powinny chmury Cirrus i Cirrostratus fibratus. Mo\u017cliwe chmury pi\u0119tra \u015bredniego o ma\u0142ej g\u0119sto\u015bci optycznej.<\/p>\n<p><img loading=\"lazy\" width=\"453\" height=\"426\" class=\"wp-image-40045 aligncenter\" src=\"http:\/\/cmm.imgw.pl\/wp-content\/uploads\/2024\/02\/word-image-40005-40.jpeg\" srcset=\"https:\/\/cmm.imgw.pl\/wp-content\/uploads\/2024\/02\/word-image-40005-40.jpeg 453w, https:\/\/cmm.imgw.pl\/wp-content\/uploads\/2024\/02\/word-image-40005-40-300x282.jpeg 300w\" sizes=\"(max-width: 453px) 100vw, 453px\" \/> <img loading=\"lazy\" width=\"460\" height=\"433\" class=\"wp-image-40046 aligncenter\" src=\"http:\/\/cmm.imgw.pl\/wp-content\/uploads\/2024\/02\/word-image-40005-41.jpeg\" srcset=\"https:\/\/cmm.imgw.pl\/wp-content\/uploads\/2024\/02\/word-image-40005-41.jpeg 460w, https:\/\/cmm.imgw.pl\/wp-content\/uploads\/2024\/02\/word-image-40005-41-300x282.jpeg 300w\" sizes=\"(max-width: 460px) 100vw, 460px\" \/> <img loading=\"lazy\" width=\"463\" height=\"436\" class=\"wp-image-40047 aligncenter\" src=\"http:\/\/cmm.imgw.pl\/wp-content\/uploads\/2024\/02\/word-image-40005-42.jpeg\" srcset=\"https:\/\/cmm.imgw.pl\/wp-content\/uploads\/2024\/02\/word-image-40005-42.jpeg 463w, https:\/\/cmm.imgw.pl\/wp-content\/uploads\/2024\/02\/word-image-40005-42-300x283.jpeg 300w\" sizes=\"(max-width: 463px) 100vw, 463px\" \/><\/p>\n<p>Podobnie jak poprzedniej nocy nale\u017cy spodziewa\u0107 si\u0119 na wschodzie kraju spadk\u00f3w temperatury do -3\/-4 \u00b0C. Spadki temperatury spowodowane wypromieniowaniem radiacyjnym.<\/p>\n<p><img loading=\"lazy\" width=\"470\" height=\"443\" class=\"wp-image-40048 aligncenter\" src=\"http:\/\/cmm.imgw.pl\/wp-content\/uploads\/2024\/02\/word-image-40005-43.jpeg\" srcset=\"https:\/\/cmm.imgw.pl\/wp-content\/uploads\/2024\/02\/word-image-40005-43.jpeg 470w, https:\/\/cmm.imgw.pl\/wp-content\/uploads\/2024\/02\/word-image-40005-43-300x283.jpeg 300w\" sizes=\"(max-width: 470px) 100vw, 470px\" \/> <img loading=\"lazy\" width=\"448\" height=\"422\" class=\"wp-image-40049 aligncenter\" src=\"http:\/\/cmm.imgw.pl\/wp-content\/uploads\/2024\/02\/word-image-40005-44.jpeg\" srcset=\"https:\/\/cmm.imgw.pl\/wp-content\/uploads\/2024\/02\/word-image-40005-44.jpeg 448w, https:\/\/cmm.imgw.pl\/wp-content\/uploads\/2024\/02\/word-image-40005-44-300x283.jpeg 300w\" sizes=\"(max-width: 448px) 100vw, 448px\" \/><\/p>\n<p><img loading=\"lazy\" width=\"944\" height=\"889\" class=\"wp-image-40050 aligncenter\" src=\"http:\/\/cmm.imgw.pl\/wp-content\/uploads\/2024\/02\/word-image-40005-45.jpeg\" srcset=\"https:\/\/cmm.imgw.pl\/wp-content\/uploads\/2024\/02\/word-image-40005-45.jpeg 944w, https:\/\/cmm.imgw.pl\/wp-content\/uploads\/2024\/02\/word-image-40005-45-300x283.jpeg 300w, https:\/\/cmm.imgw.pl\/wp-content\/uploads\/2024\/02\/word-image-40005-45-768x723.jpeg 768w\" sizes=\"(max-width: 944px) 100vw, 944px\" \/><\/p>\n<p><strong>Dzie\u0144 16 lutego 2024 roku oraz noc 16\/17 lutego 2024 roku<\/strong><\/p>\n<p><img loading=\"lazy\" width=\"1071\" height=\"759\" class=\"wp-image-40051 aligncenter\" src=\"http:\/\/cmm.imgw.pl\/wp-content\/uploads\/2024\/02\/obraz-zawierajacy-tekst-mapa-diagram-opis-wygen.gif\" alt=\"Obraz zawieraj\u0105cy tekst, mapa, diagram\n\nOpis wygenerowany automatycznie\" \/><\/p>\n<p><img loading=\"lazy\" width=\"945\" height=\"431\" class=\"wp-image-40052 aligncenter\" src=\"http:\/\/cmm.imgw.pl\/wp-content\/uploads\/2024\/02\/word-image-40005-47.jpeg\" srcset=\"https:\/\/cmm.imgw.pl\/wp-content\/uploads\/2024\/02\/word-image-40005-47.jpeg 945w, https:\/\/cmm.imgw.pl\/wp-content\/uploads\/2024\/02\/word-image-40005-47-300x137.jpeg 300w, https:\/\/cmm.imgw.pl\/wp-content\/uploads\/2024\/02\/word-image-40005-47-768x350.jpeg 768w\" sizes=\"(max-width: 945px) 100vw, 945px\" \/><\/p>\n<p>\u0179r\u00f3d\u0142o: <a href=\"http:\/\/www.windy.com\">www.windy.com<\/a><\/p>\n<p><img loading=\"lazy\" width=\"943\" height=\"461\" class=\"wp-image-40053 aligncenter\" src=\"http:\/\/cmm.imgw.pl\/wp-content\/uploads\/2024\/02\/word-image-40005-48.jpeg\" srcset=\"https:\/\/cmm.imgw.pl\/wp-content\/uploads\/2024\/02\/word-image-40005-48.jpeg 943w, https:\/\/cmm.imgw.pl\/wp-content\/uploads\/2024\/02\/word-image-40005-48-300x147.jpeg 300w, https:\/\/cmm.imgw.pl\/wp-content\/uploads\/2024\/02\/word-image-40005-48-768x375.jpeg 768w\" sizes=\"(max-width: 943px) 100vw, 943px\" \/><\/p>\n<p>\u0179r\u00f3d\u0142o: <a href=\"http:\/\/www.windy.com\">www.windy.com<\/a><\/p>\n<p>W pi\u0105tek wschodnie rejony kraju na skraju wy\u017cu znad Rosji. Uk\u0142ad wy\u017cowy b\u0119dzie do\u015b\u0107 rozleg\u0142ym uk\u0142adem antycyklonalnym z o\u015brodkiem 1057 hPa. Przy powierzchni ziemi powinno nap\u0142ywa\u0107 powietrze z po\u0142udniowego wschodu. Na poziomie 700 hPa, nad zachodni\u0105 Polsk\u0105 nap\u0142ywa\u0107 b\u0119dzie powietrze SSW za\u015b na p\u00f3\u0142nocn\u0105 wschodni\u0105 Polsk\u0105 powinno nap\u0142ywa\u0107 powietrze ze wschodu, za\u015b nad po\u0142udniow\u0105 wschodni\u0105 cz\u0119\u015bci\u0105 kraju powietrze b\u0119dzie przemieszcza\u0142o si\u0119 w kierunku po\u0142udniowym.<\/p>\n<p><img loading=\"lazy\" width=\"600\" height=\"640\" class=\"wp-image-40054 aligncenter\" src=\"http:\/\/cmm.imgw.pl\/wp-content\/uploads\/2024\/02\/word-image-40005-49.png\" srcset=\"https:\/\/cmm.imgw.pl\/wp-content\/uploads\/2024\/02\/word-image-40005-49.png 600w, https:\/\/cmm.imgw.pl\/wp-content\/uploads\/2024\/02\/word-image-40005-49-281x300.png 281w\" sizes=\"(max-width: 600px) 100vw, 600px\" \/><\/p>\n<p>Polska zachodnia b\u0119dzie w zasi\u0119gu klina ciep\u0142a. \u015arednia temperatura warstwy powietrza zmniejsza\u0107 si\u0119 b\u0119dzie z kierunku zachodniego w kierunku wschodnim.<\/p>\n<p><img loading=\"lazy\" width=\"944\" height=\"889\" class=\"wp-image-40055 aligncenter\" src=\"http:\/\/cmm.imgw.pl\/wp-content\/uploads\/2024\/02\/word-image-40005-50.jpeg\" srcset=\"https:\/\/cmm.imgw.pl\/wp-content\/uploads\/2024\/02\/word-image-40005-50.jpeg 944w, https:\/\/cmm.imgw.pl\/wp-content\/uploads\/2024\/02\/word-image-40005-50-300x283.jpeg 300w, https:\/\/cmm.imgw.pl\/wp-content\/uploads\/2024\/02\/word-image-40005-50-768x723.jpeg 768w\" sizes=\"(max-width: 944px) 100vw, 944px\" \/><\/p>\n<p><img loading=\"lazy\" width=\"464\" height=\"436\" class=\"wp-image-40056 aligncenter\" src=\"http:\/\/cmm.imgw.pl\/wp-content\/uploads\/2024\/02\/word-image-40005-51.jpeg\" srcset=\"https:\/\/cmm.imgw.pl\/wp-content\/uploads\/2024\/02\/word-image-40005-51.jpeg 464w, https:\/\/cmm.imgw.pl\/wp-content\/uploads\/2024\/02\/word-image-40005-51-300x282.jpeg 300w\" sizes=\"(max-width: 464px) 100vw, 464px\" \/> <img loading=\"lazy\" width=\"468\" height=\"440\" class=\"wp-image-40057 aligncenter\" src=\"http:\/\/cmm.imgw.pl\/wp-content\/uploads\/2024\/02\/word-image-40005-52.jpeg\" srcset=\"https:\/\/cmm.imgw.pl\/wp-content\/uploads\/2024\/02\/word-image-40005-52.jpeg 468w, https:\/\/cmm.imgw.pl\/wp-content\/uploads\/2024\/02\/word-image-40005-52-300x282.jpeg 300w\" sizes=\"(max-width: 468px) 100vw, 468px\" \/> <img loading=\"lazy\" width=\"466\" height=\"439\" class=\"wp-image-40058 aligncenter\" src=\"http:\/\/cmm.imgw.pl\/wp-content\/uploads\/2024\/02\/word-image-40005-53.jpeg\" srcset=\"https:\/\/cmm.imgw.pl\/wp-content\/uploads\/2024\/02\/word-image-40005-53.jpeg 466w, https:\/\/cmm.imgw.pl\/wp-content\/uploads\/2024\/02\/word-image-40005-53-300x283.jpeg 300w\" sizes=\"(max-width: 466px) 100vw, 466px\" \/><\/p>\n<p>W dalszym ci\u0105gu we wschodniej cz\u0119\u015bci kraju grubo\u015b\u0107 optyczna chmur b\u0119dzie najmniejsza zatem na wschodzie kraju utrzymywa\u0107 si\u0119 b\u0119d\u0105 najni\u017csze temperatury na wschodzie kraju.<\/p>\n<p><strong>Dzie\u0144 17 lutego 2024 roku oraz noc 17\/18 lutego 2024 roku<\/strong><\/p>\n<p><img loading=\"lazy\" width=\"943\" height=\"522\" class=\"wp-image-40059 aligncenter\" src=\"http:\/\/cmm.imgw.pl\/wp-content\/uploads\/2024\/02\/obraz-zawierajacy-mapa-sztuka-opis-wygenerowany.png\" alt=\"Obraz zawieraj\u0105cy mapa, sztuka\n\nOpis wygenerowany automatycznie\" srcset=\"https:\/\/cmm.imgw.pl\/wp-content\/uploads\/2024\/02\/obraz-zawierajacy-mapa-sztuka-opis-wygenerowany.png 943w, https:\/\/cmm.imgw.pl\/wp-content\/uploads\/2024\/02\/obraz-zawierajacy-mapa-sztuka-opis-wygenerowany-300x166.png 300w, https:\/\/cmm.imgw.pl\/wp-content\/uploads\/2024\/02\/obraz-zawierajacy-mapa-sztuka-opis-wygenerowany-768x425.png 768w\" sizes=\"(max-width: 943px) 100vw, 943px\" \/><\/p>\n<p>\u0179r\u00f3d\u0142o: <a href=\"http:\/\/www.windy.com\">www.windy.com<\/a><\/p>\n<p>W sobot\u0119 pogod\u0119 w Polsce kszta\u0142towa\u0107 b\u0119dzie zatoka niskiego ci\u015bnienia, zwi\u0105zana z ni\u017cem znad Morza P\u00f3\u0142nocnego. W rejonie zachodniej Rosji utworzy si\u0119 r\u00f3wnie\u017c bardzo p\u0142ytki ni\u017c. Utworzony obszar obni\u017conego ci\u015bnienia oddziela\u0107 b\u0119dzie wy\u017c znad Rosji, kt\u00f3ry przemieszcza si\u0119 po\u0142udnikowo i bardzo powoli s\u0142abnie oraz wy\u017c skandynawski z o\u015brodkiem 1032 hPa.<\/p>\n<p><img loading=\"lazy\" width=\"946\" height=\"446\" class=\"wp-image-40060 aligncenter\" src=\"http:\/\/cmm.imgw.pl\/wp-content\/uploads\/2024\/02\/word-image-40005-55.jpeg\" srcset=\"https:\/\/cmm.imgw.pl\/wp-content\/uploads\/2024\/02\/word-image-40005-55.jpeg 946w, https:\/\/cmm.imgw.pl\/wp-content\/uploads\/2024\/02\/word-image-40005-55-300x141.jpeg 300w, https:\/\/cmm.imgw.pl\/wp-content\/uploads\/2024\/02\/word-image-40005-55-768x362.jpeg 768w\" sizes=\"(max-width: 946px) 100vw, 946px\" \/><\/p>\n<p>\u0179r\u00f3d\u0142o: <a href=\"http:\/\/www.windy.com\">www.windy.com<\/a><\/p>\n<p>W godzinach popo\u0142udniowych na p\u00f3\u0142nocy kraju zacznie dominowa\u0107 wy\u017c skandynawski i nap\u0142ywa\u0107 b\u0119dzie powietrze z p\u00f3\u0142nocnego wschodu.<\/p>\n<p><img loading=\"lazy\" width=\"600\" height=\"640\" class=\"wp-image-40061 aligncenter\" src=\"http:\/\/cmm.imgw.pl\/wp-content\/uploads\/2024\/02\/word-image-40005-56.png\" srcset=\"https:\/\/cmm.imgw.pl\/wp-content\/uploads\/2024\/02\/word-image-40005-56.png 600w, https:\/\/cmm.imgw.pl\/wp-content\/uploads\/2024\/02\/word-image-40005-56-281x300.png 281w\" sizes=\"(max-width: 600px) 100vw, 600px\" \/><\/p>\n<p>Na p\u00f3\u0142nocy kraju zaznaczy si\u0119 zatoka ch\u0142odu. Na p\u00f3\u0142nocnym wschodzie i p\u00f3\u0142nocy powinny wyst\u0119powa\u0107 najni\u017csze temperatury.<\/p>\n<p><img loading=\"lazy\" width=\"466\" height=\"439\" class=\"wp-image-40062 aligncenter\" src=\"http:\/\/cmm.imgw.pl\/wp-content\/uploads\/2024\/02\/word-image-40005-57.jpeg\" srcset=\"https:\/\/cmm.imgw.pl\/wp-content\/uploads\/2024\/02\/word-image-40005-57.jpeg 466w, https:\/\/cmm.imgw.pl\/wp-content\/uploads\/2024\/02\/word-image-40005-57-300x283.jpeg 300w\" sizes=\"(max-width: 466px) 100vw, 466px\" \/> <img loading=\"lazy\" width=\"446\" height=\"419\" class=\"wp-image-40063 aligncenter\" src=\"http:\/\/cmm.imgw.pl\/wp-content\/uploads\/2024\/02\/word-image-40005-58.jpeg\" srcset=\"https:\/\/cmm.imgw.pl\/wp-content\/uploads\/2024\/02\/word-image-40005-58.jpeg 446w, https:\/\/cmm.imgw.pl\/wp-content\/uploads\/2024\/02\/word-image-40005-58-300x282.jpeg 300w\" sizes=\"(max-width: 446px) 100vw, 446px\" \/><\/p>\n<p><img loading=\"lazy\" width=\"493\" height=\"464\" class=\"wp-image-40064 aligncenter\" src=\"http:\/\/cmm.imgw.pl\/wp-content\/uploads\/2024\/02\/word-image-40005-59.jpeg\" srcset=\"https:\/\/cmm.imgw.pl\/wp-content\/uploads\/2024\/02\/word-image-40005-59.jpeg 493w, https:\/\/cmm.imgw.pl\/wp-content\/uploads\/2024\/02\/word-image-40005-59-300x282.jpeg 300w\" sizes=\"(max-width: 493px) 100vw, 493px\" \/><\/p>\n<p><img loading=\"lazy\" width=\"944\" height=\"889\" class=\"wp-image-40065 aligncenter\" src=\"http:\/\/cmm.imgw.pl\/wp-content\/uploads\/2024\/02\/word-image-40005-60.jpeg\" srcset=\"https:\/\/cmm.imgw.pl\/wp-content\/uploads\/2024\/02\/word-image-40005-60.jpeg 944w, https:\/\/cmm.imgw.pl\/wp-content\/uploads\/2024\/02\/word-image-40005-60-300x283.jpeg 300w, https:\/\/cmm.imgw.pl\/wp-content\/uploads\/2024\/02\/word-image-40005-60-768x723.jpeg 768w\" sizes=\"(max-width: 944px) 100vw, 944px\" \/><\/p>\n<p>Najni\u017csze temperatury wyst\u0119powa\u0107 b\u0119d\u0105 na wschodzie kraju. Temperatura minimalna do -1\u00b0C\/-2\u00b0C w p\u00f3\u0142nocno wschodniej Polsce.<\/p>\n<p><strong>Dzie\u0144 18 lutego 2024 roku oraz noc 18\/19 lutego 2024 roku<\/strong><\/p>\n<p><img loading=\"lazy\" width=\"947\" height=\"583\" class=\"wp-image-40066 aligncenter\" src=\"http:\/\/cmm.imgw.pl\/wp-content\/uploads\/2024\/02\/word-image-40005-61.jpeg\" srcset=\"https:\/\/cmm.imgw.pl\/wp-content\/uploads\/2024\/02\/word-image-40005-61.jpeg 947w, https:\/\/cmm.imgw.pl\/wp-content\/uploads\/2024\/02\/word-image-40005-61-300x185.jpeg 300w, https:\/\/cmm.imgw.pl\/wp-content\/uploads\/2024\/02\/word-image-40005-61-768x473.jpeg 768w\" sizes=\"(max-width: 947px) 100vw, 947px\" \/><\/p>\n<p>\u0179r\u00f3d\u0142o: <a href=\"http:\/\/www.windy.com\">www.windy.com<\/a><\/p>\n<p>W niedziele pogod\u0119 w Polsce kszta\u0142towa\u0107 powinien wy\u017c, kt\u00f3ry w sobot\u0119 zalega\u0142 nad Skandynawi\u0105 a w niedziel\u0119 dotar\u0142 do granic Litwy, \u0141otwy oraz Rosji. Wy\u017c nieznacznie umocni si\u0119. Nap\u0142ywa\u0107 b\u0119dzie powietrze ze wschodu.<\/p>\n<p><img loading=\"lazy\" width=\"556\" height=\"523\" class=\"wp-image-40067 aligncenter\" src=\"http:\/\/cmm.imgw.pl\/wp-content\/uploads\/2024\/02\/word-image-40005-62.jpeg\" srcset=\"https:\/\/cmm.imgw.pl\/wp-content\/uploads\/2024\/02\/word-image-40005-62.jpeg 556w, https:\/\/cmm.imgw.pl\/wp-content\/uploads\/2024\/02\/word-image-40005-62-300x282.jpeg 300w\" sizes=\"(max-width: 556px) 100vw, 556px\" \/><\/p>\n<p>Najni\u017csze temperatury w nocy 18\/19 lutego na p\u00f3\u0142nocnym wschodzie.<\/p>\n<p><strong>Podsumowanie<\/strong><\/p>\n<p><strong>Z najnowszych symulacji numerycznych wynika, \u017ce nie wyst\u0105pi taka cyrkulacja w wyniku, kt\u00f3rej nale\u017ca\u0142oby si\u0119 spodziewa\u0107 znacznych spadk\u00f3w temperatury. <\/strong><\/p>","protected":false},"excerpt":{"rendered":"<p>Komentarz do numerycznych prognoz pogody opracowany w Centrum Modelowania Meteorologicznego IMGW-PIB.<\/p>\n","protected":false},"author":3,"featured_media":0,"comment_status":"closed","ping_status":"open","sticky":false,"template":"","format":"standard","meta":{"ocean_post_layout":"","ocean_both_sidebars_style":"","ocean_both_sidebars_content_width":0,"ocean_both_sidebars_sidebars_width":0,"ocean_sidebar":"0","ocean_second_sidebar":"0","ocean_disable_margins":"enable","ocean_add_body_class":"","ocean_shortcode_before_top_bar":"","ocean_shortcode_after_top_bar":"","ocean_shortcode_before_header":"","ocean_shortcode_after_header":"","ocean_has_shortcode":"","ocean_shortcode_after_title":"","ocean_shortcode_before_footer_widgets":"","ocean_shortcode_after_footer_widgets":"","ocean_shortcode_before_footer_bottom":"","ocean_shortcode_after_footer_bottom":"","ocean_display_top_bar":"off","ocean_display_header":"off","ocean_header_style":"","ocean_center_header_left_menu":"0","ocean_custom_header_template":"0","ocean_custom_logo":0,"ocean_custom_retina_logo":0,"ocean_custom_logo_max_width":0,"ocean_custom_logo_tablet_max_width":0,"ocean_custom_logo_mobile_max_width":0,"ocean_custom_logo_max_height":0,"ocean_custom_logo_tablet_max_height":0,"ocean_custom_logo_mobile_max_height":0,"ocean_header_custom_menu":"0","ocean_menu_typo_font_family":"0","ocean_menu_typo_font_subset":"","ocean_menu_typo_font_size":0,"ocean_menu_typo_font_size_tablet":0,"ocean_menu_typo_font_size_mobile":0,"ocean_menu_typo_font_size_unit":"px","ocean_menu_typo_font_weight":"","ocean_menu_typo_font_weight_tablet":"","ocean_menu_typo_font_weight_mobile":"","ocean_menu_typo_transform":"","ocean_menu_typo_transform_tablet":"","ocean_menu_typo_transform_mobile":"","ocean_menu_typo_line_height":0,"ocean_menu_typo_line_height_tablet":0,"ocean_menu_typo_line_height_mobile":0,"ocean_menu_typo_line_height_unit":"","ocean_menu_typo_spacing":0,"ocean_menu_typo_spacing_tablet":0,"ocean_menu_typo_spacing_mobile":0,"ocean_menu_typo_spacing_unit":"","ocean_menu_link_color":"","ocean_menu_link_color_hover":"","ocean_menu_link_color_active":"","ocean_menu_link_background":"","ocean_menu_link_hover_background":"","ocean_menu_link_active_background":"","ocean_menu_social_links_bg":"","ocean_menu_social_hover_links_bg":"","ocean_menu_social_links_color":"","ocean_menu_social_hover_links_color":"","ocean_disable_title":"default","ocean_disable_heading":"default","ocean_post_title":"","ocean_post_subheading":"","ocean_post_title_style":"","ocean_post_title_background_color":"","ocean_post_title_background":0,"ocean_post_title_bg_image_position":"","ocean_post_title_bg_image_attachment":"","ocean_post_title_bg_image_repeat":"","ocean_post_title_bg_image_size":"","ocean_post_title_height":0,"ocean_post_title_bg_overlay":0.5,"ocean_post_title_bg_overlay_color":"","ocean_disable_breadcrumbs":"default","ocean_breadcrumbs_color":"","ocean_breadcrumbs_separator_color":"","ocean_breadcrumbs_links_color":"","ocean_breadcrumbs_links_hover_color":"","ocean_display_footer_widgets":"off","ocean_display_footer_bottom":"off","ocean_custom_footer_template":"0","ocean_post_oembed":"","ocean_post_self_hosted_media":"","ocean_post_video_embed":"","ocean_link_format":"","ocean_link_format_target":"self","ocean_quote_format":"","ocean_quote_format_link":"post","ocean_gallery_link_images":"on","ocean_gallery_id":[]},"categories":[93],"tags":[138,139,68,95,143,141,85,73,97,98,142,76,94,99,71,67,96,140,79],"yoast_head":"<!-- This site is optimized with the Yoast SEO plugin v19.5.1 - https:\/\/yoast.com\/wordpress\/plugins\/seo\/ -->\n<title>Czy w najbli\u017cszym czasie nale\u017cy spodziewa\u0107 si\u0119 silnych mroz\u00f3w? - Laboratorium Modelowania Meteorologicznego CMOK IMGW-PIB<\/title>\n<meta name=\"description\" content=\"Komentarz do numerycznych prognoz pogody opracowany w Centrum Modelowania Meteorologicznego IMGW-PIB.\" \/>\n<meta name=\"robots\" content=\"index, follow, max-snippet:-1, max-image-preview:large, max-video-preview:-1\" \/>\n<link rel=\"canonical\" href=\"https:\/\/cmm.imgw.pl\/?p=40005\" \/>\n<meta property=\"og:locale\" content=\"pl_PL\" \/>\n<meta property=\"og:type\" content=\"article\" \/>\n<meta property=\"og:title\" content=\"Czy w najbli\u017cszym czasie nale\u017cy spodziewa\u0107 si\u0119 silnych mroz\u00f3w?\" \/>\n<meta property=\"og:description\" content=\"Komentarz do numerycznych prognoz pogody opracowany w Centrum Modelowania Meteorologicznego IMGW-PIB\" \/>\n<meta property=\"og:url\" content=\"https:\/\/cmm.imgw.pl\/?p=40005\" \/>\n<meta property=\"og:site_name\" content=\"Laboratorium Modelowania Meteorologicznego CMOK IMGW-PIB\" \/>\n<meta property=\"article:publisher\" content=\"https:\/\/www.facebook.com\/Meteoimgw\/\" \/>\n<meta property=\"article:published_time\" content=\"2024-02-12T13:21:34+00:00\" \/>\n<meta property=\"article:modified_time\" content=\"2024-02-12T13:21:38+00:00\" \/>\n<meta property=\"og:image\" content=\"http:\/\/cmm.imgw.pl\/wp-content\/uploads\/2023\/02\/komentarz4.png\" \/>\n\t<meta property=\"og:image:width\" content=\"1280\" \/>\n\t<meta property=\"og:image:height\" content=\"720\" \/>\n\t<meta property=\"og:image:type\" content=\"image\/png\" \/>\n<meta name=\"author\" content=\"CMM\" \/>\n<meta name=\"twitter:card\" content=\"summary_large_image\" \/>\n<meta name=\"twitter:title\" content=\"Czy w najbli\u017cszym czasie nale\u017cy spodziewa\u0107 si\u0119 silnych mroz\u00f3w?\" \/>\n<meta name=\"twitter:description\" content=\"Komentarz do numerycznych prognoz pogody opracowany w Centrum Modelowania Meteorologicznego IMGW-PIB\" \/>\n<meta name=\"twitter:image\" content=\"https:\/\/cmm.imgw.pl\/wp-content\/uploads\/2023\/02\/komentarz4.png\" \/>\n<meta name=\"twitter:creator\" content=\"@IMGW_CMM\" \/>\n<meta name=\"twitter:site\" content=\"@IMGW_CMM\" \/>\n<meta name=\"twitter:label1\" content=\"Napisane przez\" \/>\n\t<meta name=\"twitter:data1\" content=\"CMM\" \/>\n\t<meta name=\"twitter:label2\" content=\"Szacowany czas czytania\" \/>\n\t<meta name=\"twitter:data2\" content=\"26 minut\" \/>\n<script type=\"application\/ld+json\" class=\"yoast-schema-graph\">{\"@context\":\"https:\/\/schema.org\",\"@graph\":[{\"@type\":\"Article\",\"@id\":\"https:\/\/cmm.imgw.pl\/?p=40005#article\",\"isPartOf\":{\"@id\":\"https:\/\/cmm.imgw.pl\/?p=40005\"},\"author\":{\"name\":\"CMM\",\"@id\":\"https:\/\/cmm.imgw.pl\/#\/schema\/person\/a24a37fe434fe76b0f5791e6bd3fdb46\"},\"headline\":\"Czy w najbli\u017cszym czasie nale\u017cy spodziewa\u0107 si\u0119 silnych mroz\u00f3w?\",\"datePublished\":\"2024-02-12T13:21:34+00:00\",\"dateModified\":\"2024-02-12T13:21:38+00:00\",\"mainEntityOfPage\":{\"@id\":\"https:\/\/cmm.imgw.pl\/?p=40005\"},\"wordCount\":1205,\"publisher\":{\"@id\":\"https:\/\/cmm.imgw.pl\/#organization\"},\"keywords\":[\"alaro\",\"arome\",\"cmm\",\"Cosmo\",\"DWD\",\"Grzegorz Duniec\",\"imgw\",\"klimat\",\"komentarz\",\"komentarz pogodowy\",\"MERGE\",\"meteorologia\",\"NMP\",\"NPP\",\"pogoda\",\"prognoza\",\"prognoza pogody\",\"wrf\",\"zima\"],\"articleSection\":[\"Komentarz\"],\"inLanguage\":\"pl-PL\"},{\"@type\":\"WebPage\",\"@id\":\"https:\/\/cmm.imgw.pl\/?p=40005\",\"url\":\"https:\/\/cmm.imgw.pl\/?p=40005\",\"name\":\"Czy w najbli\u017cszym czasie nale\u017cy spodziewa\u0107 si\u0119 silnych mroz\u00f3w? - Laboratorium Modelowania Meteorologicznego CMOK IMGW-PIB\",\"isPartOf\":{\"@id\":\"https:\/\/cmm.imgw.pl\/#website\"},\"datePublished\":\"2024-02-12T13:21:34+00:00\",\"dateModified\":\"2024-02-12T13:21:38+00:00\",\"description\":\"Komentarz do numerycznych prognoz pogody opracowany w Centrum Modelowania Meteorologicznego IMGW-PIB.\",\"breadcrumb\":{\"@id\":\"https:\/\/cmm.imgw.pl\/?p=40005#breadcrumb\"},\"inLanguage\":\"pl-PL\",\"potentialAction\":[{\"@type\":\"ReadAction\",\"target\":[\"https:\/\/cmm.imgw.pl\/?p=40005\"]}]},{\"@type\":\"BreadcrumbList\",\"@id\":\"https:\/\/cmm.imgw.pl\/?p=40005#breadcrumb\",\"itemListElement\":[{\"@type\":\"ListItem\",\"position\":1,\"name\":\"Home\",\"item\":\"https:\/\/cmm.imgw.pl\/\"},{\"@type\":\"ListItem\",\"position\":2,\"name\":\"Czy w najbli\u017cszym czasie nale\u017cy spodziewa\u0107 si\u0119 silnych mroz\u00f3w?\"}]},{\"@type\":\"WebSite\",\"@id\":\"https:\/\/cmm.imgw.pl\/#website\",\"url\":\"https:\/\/cmm.imgw.pl\/\",\"name\":\"Laboratorium Modelowania Meteorologicznego CMOK IMGW-PIB\",\"description\":\"CMOK-LMM Laboratorium pe\u0142ni pa\u0144stwow\u0105 s\u0142u\u017cb\u0119 hydrologiczno-meteorologiczn\u0105 w zakresie numerycznych prognoz pogody, kt\u00f3rego zadaniem jest konsolidacja kompetencji w obszarze modelowania zjawisk pogodowych oraz dalszego rozwoju numerycznych modeli pogody (NMP).\",\"publisher\":{\"@id\":\"https:\/\/cmm.imgw.pl\/#organization\"},\"potentialAction\":[{\"@type\":\"SearchAction\",\"target\":{\"@type\":\"EntryPoint\",\"urlTemplate\":\"https:\/\/cmm.imgw.pl\/?s={search_term_string}\"},\"query-input\":\"required name=search_term_string\"}],\"inLanguage\":\"pl-PL\"},{\"@type\":\"Organization\",\"@id\":\"https:\/\/cmm.imgw.pl\/#organization\",\"name\":\"Laboratorium Modelowania Meteorologicznego CMOK IMGW-PIB\",\"url\":\"https:\/\/cmm.imgw.pl\/\",\"sameAs\":[\"https:\/\/www.facebook.com\/Meteoimgw\/\",\"https:\/\/twitter.com\/IMGW_CMM\"],\"logo\":{\"@type\":\"ImageObject\",\"inLanguage\":\"pl-PL\",\"@id\":\"https:\/\/cmm.imgw.pl\/#\/schema\/logo\/image\/\",\"url\":\"https:\/\/cmm.imgw.pl\/wp-content\/uploads\/2025\/10\/MODELE_LOGO_UNIFIKACJA_v2.png\",\"contentUrl\":\"https:\/\/cmm.imgw.pl\/wp-content\/uploads\/2025\/10\/MODELE_LOGO_UNIFIKACJA_v2.png\",\"width\":1356,\"height\":365,\"caption\":\"Laboratorium Modelowania Meteorologicznego CMOK IMGW-PIB\"},\"image\":{\"@id\":\"https:\/\/cmm.imgw.pl\/#\/schema\/logo\/image\/\"}},{\"@type\":\"Person\",\"@id\":\"https:\/\/cmm.imgw.pl\/#\/schema\/person\/a24a37fe434fe76b0f5791e6bd3fdb46\",\"name\":\"CMM\",\"image\":{\"@type\":\"ImageObject\",\"inLanguage\":\"pl-PL\",\"@id\":\"https:\/\/cmm.imgw.pl\/#\/schema\/person\/image\/\",\"url\":\"https:\/\/secure.gravatar.com\/avatar\/9248ea2273711f1cd09d6bd45867dbfb?s=96&d=blank&r=g\",\"contentUrl\":\"https:\/\/secure.gravatar.com\/avatar\/9248ea2273711f1cd09d6bd45867dbfb?s=96&d=blank&r=g\",\"caption\":\"CMM\"},\"sameAs\":[\"http:\/\/cmm.imgw.pl\"],\"url\":\"https:\/\/cmm.imgw.pl\/?author=3\"}]}<\/script>\n<!-- \/ Yoast SEO plugin. -->","yoast_head_json":{"title":"Czy w najbli\u017cszym czasie nale\u017cy spodziewa\u0107 si\u0119 silnych mroz\u00f3w? - Laboratorium Modelowania Meteorologicznego CMOK IMGW-PIB","description":"Komentarz do numerycznych prognoz pogody opracowany w Centrum Modelowania Meteorologicznego IMGW-PIB.","robots":{"index":"index","follow":"follow","max-snippet":"max-snippet:-1","max-image-preview":"max-image-preview:large","max-video-preview":"max-video-preview:-1"},"canonical":"https:\/\/cmm.imgw.pl\/?p=40005","og_locale":"pl_PL","og_type":"article","og_title":"Czy w najbli\u017cszym czasie nale\u017cy spodziewa\u0107 si\u0119 silnych mroz\u00f3w?","og_description":"Komentarz do numerycznych prognoz pogody opracowany w Centrum Modelowania Meteorologicznego IMGW-PIB","og_url":"https:\/\/cmm.imgw.pl\/?p=40005","og_site_name":"Laboratorium Modelowania Meteorologicznego CMOK IMGW-PIB","article_publisher":"https:\/\/www.facebook.com\/Meteoimgw\/","article_published_time":"2024-02-12T13:21:34+00:00","article_modified_time":"2024-02-12T13:21:38+00:00","og_image":[{"width":1280,"height":720,"url":"http:\/\/cmm.imgw.pl\/wp-content\/uploads\/2023\/02\/komentarz4.png","type":"image\/png"}],"author":"CMM","twitter_card":"summary_large_image","twitter_title":"Czy w najbli\u017cszym czasie nale\u017cy spodziewa\u0107 si\u0119 silnych mroz\u00f3w?","twitter_description":"Komentarz do numerycznych prognoz pogody opracowany w Centrum Modelowania Meteorologicznego IMGW-PIB","twitter_image":"https:\/\/cmm.imgw.pl\/wp-content\/uploads\/2023\/02\/komentarz4.png","twitter_creator":"@IMGW_CMM","twitter_site":"@IMGW_CMM","twitter_misc":{"Napisane przez":"CMM","Szacowany czas czytania":"26 minut"},"schema":{"@context":"https:\/\/schema.org","@graph":[{"@type":"Article","@id":"https:\/\/cmm.imgw.pl\/?p=40005#article","isPartOf":{"@id":"https:\/\/cmm.imgw.pl\/?p=40005"},"author":{"name":"CMM","@id":"https:\/\/cmm.imgw.pl\/#\/schema\/person\/a24a37fe434fe76b0f5791e6bd3fdb46"},"headline":"Czy w najbli\u017cszym czasie nale\u017cy spodziewa\u0107 si\u0119 silnych mroz\u00f3w?","datePublished":"2024-02-12T13:21:34+00:00","dateModified":"2024-02-12T13:21:38+00:00","mainEntityOfPage":{"@id":"https:\/\/cmm.imgw.pl\/?p=40005"},"wordCount":1205,"publisher":{"@id":"https:\/\/cmm.imgw.pl\/#organization"},"keywords":["alaro","arome","cmm","Cosmo","DWD","Grzegorz Duniec","imgw","klimat","komentarz","komentarz pogodowy","MERGE","meteorologia","NMP","NPP","pogoda","prognoza","prognoza pogody","wrf","zima"],"articleSection":["Komentarz"],"inLanguage":"pl-PL"},{"@type":"WebPage","@id":"https:\/\/cmm.imgw.pl\/?p=40005","url":"https:\/\/cmm.imgw.pl\/?p=40005","name":"Czy w najbli\u017cszym czasie nale\u017cy spodziewa\u0107 si\u0119 silnych mroz\u00f3w? - Laboratorium Modelowania Meteorologicznego CMOK IMGW-PIB","isPartOf":{"@id":"https:\/\/cmm.imgw.pl\/#website"},"datePublished":"2024-02-12T13:21:34+00:00","dateModified":"2024-02-12T13:21:38+00:00","description":"Komentarz do numerycznych prognoz pogody opracowany w Centrum Modelowania Meteorologicznego IMGW-PIB.","breadcrumb":{"@id":"https:\/\/cmm.imgw.pl\/?p=40005#breadcrumb"},"inLanguage":"pl-PL","potentialAction":[{"@type":"ReadAction","target":["https:\/\/cmm.imgw.pl\/?p=40005"]}]},{"@type":"BreadcrumbList","@id":"https:\/\/cmm.imgw.pl\/?p=40005#breadcrumb","itemListElement":[{"@type":"ListItem","position":1,"name":"Home","item":"https:\/\/cmm.imgw.pl\/"},{"@type":"ListItem","position":2,"name":"Czy w najbli\u017cszym czasie nale\u017cy spodziewa\u0107 si\u0119 silnych mroz\u00f3w?"}]},{"@type":"WebSite","@id":"https:\/\/cmm.imgw.pl\/#website","url":"https:\/\/cmm.imgw.pl\/","name":"Laboratorium Modelowania Meteorologicznego CMOK IMGW-PIB","description":"CMOK-LMM Laboratorium pe\u0142ni pa\u0144stwow\u0105 s\u0142u\u017cb\u0119 hydrologiczno-meteorologiczn\u0105 w zakresie numerycznych prognoz pogody, kt\u00f3rego zadaniem jest konsolidacja kompetencji w obszarze modelowania zjawisk pogodowych oraz dalszego rozwoju numerycznych modeli pogody (NMP).","publisher":{"@id":"https:\/\/cmm.imgw.pl\/#organization"},"potentialAction":[{"@type":"SearchAction","target":{"@type":"EntryPoint","urlTemplate":"https:\/\/cmm.imgw.pl\/?s={search_term_string}"},"query-input":"required name=search_term_string"}],"inLanguage":"pl-PL"},{"@type":"Organization","@id":"https:\/\/cmm.imgw.pl\/#organization","name":"Laboratorium Modelowania Meteorologicznego CMOK IMGW-PIB","url":"https:\/\/cmm.imgw.pl\/","sameAs":["https:\/\/www.facebook.com\/Meteoimgw\/","https:\/\/twitter.com\/IMGW_CMM"],"logo":{"@type":"ImageObject","inLanguage":"pl-PL","@id":"https:\/\/cmm.imgw.pl\/#\/schema\/logo\/image\/","url":"https:\/\/cmm.imgw.pl\/wp-content\/uploads\/2025\/10\/MODELE_LOGO_UNIFIKACJA_v2.png","contentUrl":"https:\/\/cmm.imgw.pl\/wp-content\/uploads\/2025\/10\/MODELE_LOGO_UNIFIKACJA_v2.png","width":1356,"height":365,"caption":"Laboratorium Modelowania Meteorologicznego CMOK IMGW-PIB"},"image":{"@id":"https:\/\/cmm.imgw.pl\/#\/schema\/logo\/image\/"}},{"@type":"Person","@id":"https:\/\/cmm.imgw.pl\/#\/schema\/person\/a24a37fe434fe76b0f5791e6bd3fdb46","name":"CMM","image":{"@type":"ImageObject","inLanguage":"pl-PL","@id":"https:\/\/cmm.imgw.pl\/#\/schema\/person\/image\/","url":"https:\/\/secure.gravatar.com\/avatar\/9248ea2273711f1cd09d6bd45867dbfb?s=96&d=blank&r=g","contentUrl":"https:\/\/secure.gravatar.com\/avatar\/9248ea2273711f1cd09d6bd45867dbfb?s=96&d=blank&r=g","caption":"CMM"},"sameAs":["http:\/\/cmm.imgw.pl"],"url":"https:\/\/cmm.imgw.pl\/?author=3"}]}},"_links":{"self":[{"href":"https:\/\/cmm.imgw.pl\/index.php?rest_route=\/wp\/v2\/posts\/40005"}],"collection":[{"href":"https:\/\/cmm.imgw.pl\/index.php?rest_route=\/wp\/v2\/posts"}],"about":[{"href":"https:\/\/cmm.imgw.pl\/index.php?rest_route=\/wp\/v2\/types\/post"}],"author":[{"embeddable":true,"href":"https:\/\/cmm.imgw.pl\/index.php?rest_route=\/wp\/v2\/users\/3"}],"replies":[{"embeddable":true,"href":"https:\/\/cmm.imgw.pl\/index.php?rest_route=%2Fwp%2Fv2%2Fcomments&post=40005"}],"version-history":[{"count":1,"href":"https:\/\/cmm.imgw.pl\/index.php?rest_route=\/wp\/v2\/posts\/40005\/revisions"}],"predecessor-version":[{"id":40072,"href":"https:\/\/cmm.imgw.pl\/index.php?rest_route=\/wp\/v2\/posts\/40005\/revisions\/40072"}],"wp:attachment":[{"href":"https:\/\/cmm.imgw.pl\/index.php?rest_route=%2Fwp%2Fv2%2Fmedia&parent=40005"}],"wp:term":[{"taxonomy":"category","embeddable":true,"href":"https:\/\/cmm.imgw.pl\/index.php?rest_route=%2Fwp%2Fv2%2Fcategories&post=40005"},{"taxonomy":"post_tag","embeddable":true,"href":"https:\/\/cmm.imgw.pl\/index.php?rest_route=%2Fwp%2Fv2%2Ftags&post=40005"}],"curies":[{"name":"wp","href":"https:\/\/api.w.org\/{rel}","templated":true}]}}