{"id":39677,"date":"2024-01-03T14:39:55","date_gmt":"2024-01-03T13:39:55","guid":{"rendered":"https:\/\/cmm.imgw.pl\/?p=39677"},"modified":"2024-01-03T22:35:24","modified_gmt":"2024-01-03T21:35:24","slug":"prognoza-zachmurzenia-dla-obserwatorow-nieba-kwadrantydy-noc-3-4-stycznia-2024-roku","status":"publish","type":"post","link":"https:\/\/cmm.imgw.pl\/?p=39677","title":{"rendered":"Prognoza zachmurzenia dla obserwator\u00f3w nieba \u2013 Kwadrantydy (noc 3\/4 stycznia 2024 roku)"},"content":{"rendered":"\n<figure class=\"wp-block-image size-large\"><img loading=\"lazy\" width=\"1024\" height=\"576\" src=\"https:\/\/cmm.imgw.pl\/wp-content\/uploads\/2023\/03\/komentarz4-1-1024x576.png\" alt=\"\" class=\"wp-image-23617\" srcset=\"https:\/\/cmm.imgw.pl\/wp-content\/uploads\/2023\/03\/komentarz4-1-1024x576.png 1024w, https:\/\/cmm.imgw.pl\/wp-content\/uploads\/2023\/03\/komentarz4-1-300x169.png 300w, https:\/\/cmm.imgw.pl\/wp-content\/uploads\/2023\/03\/komentarz4-1-768x432.png 768w, https:\/\/cmm.imgw.pl\/wp-content\/uploads\/2023\/03\/komentarz4-1-800x450.png 800w, https:\/\/cmm.imgw.pl\/wp-content\/uploads\/2023\/03\/komentarz4-1.png 1280w\" sizes=\"(max-width: 1024px) 100vw, 1024px\" \/><\/figure>\n\n\n\n<p><em>Tre\u015b\u0107 komentarza do numerycznych prognoz meteorologicznych stanowi niezale\u017cne od biura prognoz meteorologicznych opracowanie wykonane w Centrum Modelowania Meteorologicznego i nie stanowi oficjalnej prognozy synoptycznej IMGW-PIB.<\/em><\/p>\n\n\n\n<p><strong>Opracowanie:<\/strong> <strong>dr&nbsp;Grzegorz&nbsp;Duniec, <a href=\"https:\/\/cmm.imgw.pl\/\" target=\"_blank\" rel=\"noreferrer noopener\"><mark style=\"background-color:rgba(0, 0, 0, 0)\" class=\"has-inline-color has-vivid-cyan-blue-color\">Centrum Modelowania Meteorologicznego IMGW-PIB<\/mark><\/a><\/strong><\/p>\n\n\n<p>Sytuacja synoptyczna, 3 I 2024 roku, godzina 06 UTC.<\/p>\n<p><img loading=\"lazy\" width=\"1385\" height=\"984\" class=\"wp-image-39678 aligncenter\" src=\"http:\/\/cmm.imgw.pl\/wp-content\/uploads\/2024\/01\/obraz-zawierajacy-mapa-tekst-atlas-opis-wygener.png\" alt=\"Obraz zawieraj\u0105cy mapa, tekst, atlas\n\nOpis wygenerowany automatycznie\" srcset=\"https:\/\/cmm.imgw.pl\/wp-content\/uploads\/2024\/01\/obraz-zawierajacy-mapa-tekst-atlas-opis-wygener.png 1385w, https:\/\/cmm.imgw.pl\/wp-content\/uploads\/2024\/01\/obraz-zawierajacy-mapa-tekst-atlas-opis-wygener-300x213.png 300w, https:\/\/cmm.imgw.pl\/wp-content\/uploads\/2024\/01\/obraz-zawierajacy-mapa-tekst-atlas-opis-wygener-1024x728.png 1024w, https:\/\/cmm.imgw.pl\/wp-content\/uploads\/2024\/01\/obraz-zawierajacy-mapa-tekst-atlas-opis-wygener-768x546.png 768w\" sizes=\"(max-width: 1385px) 100vw, 1385px\" \/><\/p>\n<p>Polska jest w zasi\u0119gu uk\u0142adu niskiego ci\u015bnienia z uk\u0142adem front\u00f3w atmosferycznych zalegaj\u0105cych w zatokach niskiego ci\u015bnienia i przemieszczaj\u0105cych si\u0119 powoli na wsch\u00f3d.<\/p>\n<p><img loading=\"lazy\" width=\"559\" height=\"500\" class=\"wp-image-39679 aligncenter\" src=\"http:\/\/cmm.imgw.pl\/wp-content\/uploads\/2024\/01\/obraz-zawierajacy-szkic-diagram-rysowanie-grafi.png\" alt=\"Obraz zawieraj\u0105cy szkic, diagram, rysowanie, Grafika liniowa\n\nOpis wygenerowany automatycznie\" srcset=\"https:\/\/cmm.imgw.pl\/wp-content\/uploads\/2024\/01\/obraz-zawierajacy-szkic-diagram-rysowanie-grafi.png 559w, https:\/\/cmm.imgw.pl\/wp-content\/uploads\/2024\/01\/obraz-zawierajacy-szkic-diagram-rysowanie-grafi-300x268.png 300w\" sizes=\"(max-width: 559px) 100vw, 559px\" \/> <img loading=\"lazy\" width=\"553\" height=\"499\" class=\"wp-image-39680 aligncenter\" src=\"http:\/\/cmm.imgw.pl\/wp-content\/uploads\/2024\/01\/obraz-zawierajacy-szkic-rysowanie-diagram-grafi.png\" alt=\"Obraz zawieraj\u0105cy szkic, rysowanie, diagram, Grafika liniowa\n\nOpis wygenerowany automatycznie\" srcset=\"https:\/\/cmm.imgw.pl\/wp-content\/uploads\/2024\/01\/obraz-zawierajacy-szkic-rysowanie-diagram-grafi.png 553w, https:\/\/cmm.imgw.pl\/wp-content\/uploads\/2024\/01\/obraz-zawierajacy-szkic-rysowanie-diagram-grafi-300x271.png 300w\" sizes=\"(max-width: 553px) 100vw, 553px\" \/> <img loading=\"lazy\" width=\"554\" height=\"496\" class=\"wp-image-39681 aligncenter\" src=\"http:\/\/cmm.imgw.pl\/wp-content\/uploads\/2024\/01\/obraz-zawierajacy-szkic-rysowanie-diagram-grafi-1.png\" alt=\"Obraz zawieraj\u0105cy szkic, rysowanie, diagram, Grafika liniowa\n\nOpis wygenerowany automatycznie\" srcset=\"https:\/\/cmm.imgw.pl\/wp-content\/uploads\/2024\/01\/obraz-zawierajacy-szkic-rysowanie-diagram-grafi-1.png 554w, https:\/\/cmm.imgw.pl\/wp-content\/uploads\/2024\/01\/obraz-zawierajacy-szkic-rysowanie-diagram-grafi-1-300x269.png 300w\" sizes=\"(max-width: 554px) 100vw, 554px\" \/> <img loading=\"lazy\" width=\"554\" height=\"503\" class=\"wp-image-39682 aligncenter\" src=\"http:\/\/cmm.imgw.pl\/wp-content\/uploads\/2024\/01\/obraz-zawierajacy-diagram-szkic-mapa-tekst-opi.png\" alt=\"Obraz zawieraj\u0105cy diagram, szkic, mapa, tekst\n\nOpis wygenerowany automatycznie\" srcset=\"https:\/\/cmm.imgw.pl\/wp-content\/uploads\/2024\/01\/obraz-zawierajacy-diagram-szkic-mapa-tekst-opi.png 554w, https:\/\/cmm.imgw.pl\/wp-content\/uploads\/2024\/01\/obraz-zawierajacy-diagram-szkic-mapa-tekst-opi-300x272.png 300w\" sizes=\"(max-width: 554px) 100vw, 554px\" \/><\/p>\n<p>Na froncie okluzji przebiegaj\u0105cym od Wielkiej Brytanii przez Morze P\u00f3\u0142nocne oraz Danie, wyst\u0119puj\u0105 dwie zamkni\u0119te cyrkulacje. Jeden o\u015brodek 975 hPa zalega nad Morzem P\u00f3\u0142nocnym, a drugi 977, 1 hPa znajduje si\u0119 nad Atlantykiem w pobli\u017cu Wysp Brytyjskich. Wspomniane o\u015brodki rozbudowa\u0142y si\u0119 do poziomu 700 hPa. Wy\u017cej izohipsy bardzo szybko si\u0119 prostuj\u0105.<\/p>\n<p>Nad Polsk\u0105 zalega polarno-morska masa powietrza.<\/p>\n<p><img loading=\"lazy\" width=\"1071\" height=\"759\" class=\"wp-image-39683 aligncenter\" src=\"http:\/\/cmm.imgw.pl\/wp-content\/uploads\/2024\/01\/obraz-zawierajacy-tekst-mapa-diagram-atlas-opi.gif\" alt=\"Obraz zawieraj\u0105cy tekst, mapa, diagram, atlas\n\nOpis wygenerowany automatycznie\" \/><\/p>\n<p>W nocy nadal pozostaniemy pod wp\u0142ywem front\u00f3w atmosferycznych.<\/p>\n<p><strong>Prognoza zachmurzenia \u2013 model ICON<\/strong><\/p>\n<p><img loading=\"lazy\" width=\"900\" height=\"800\" class=\"wp-image-39684 aligncenter\" src=\"http:\/\/cmm.imgw.pl\/wp-content\/uploads\/2024\/01\/obraz-zawierajacy-tekst-mapa-diagram-zrzut-ekra.png\" alt=\"Obraz zawieraj\u0105cy tekst, mapa, diagram, zrzut ekranu\n\nOpis wygenerowany automatycznie\" srcset=\"https:\/\/cmm.imgw.pl\/wp-content\/uploads\/2024\/01\/obraz-zawierajacy-tekst-mapa-diagram-zrzut-ekra.png 900w, https:\/\/cmm.imgw.pl\/wp-content\/uploads\/2024\/01\/obraz-zawierajacy-tekst-mapa-diagram-zrzut-ekra-300x267.png 300w, https:\/\/cmm.imgw.pl\/wp-content\/uploads\/2024\/01\/obraz-zawierajacy-tekst-mapa-diagram-zrzut-ekra-768x683.png 768w\" sizes=\"(max-width: 900px) 100vw, 900px\" \/> <img loading=\"lazy\" width=\"900\" height=\"800\" class=\"wp-image-39685 aligncenter\" src=\"http:\/\/cmm.imgw.pl\/wp-content\/uploads\/2024\/01\/obraz-zawierajacy-tekst-diagram-zrzut-ekranu-ma.png\" alt=\"Obraz zawieraj\u0105cy tekst, diagram, zrzut ekranu, mapa\n\nOpis wygenerowany automatycznie\" srcset=\"https:\/\/cmm.imgw.pl\/wp-content\/uploads\/2024\/01\/obraz-zawierajacy-tekst-diagram-zrzut-ekranu-ma.png 900w, https:\/\/cmm.imgw.pl\/wp-content\/uploads\/2024\/01\/obraz-zawierajacy-tekst-diagram-zrzut-ekranu-ma-300x267.png 300w, https:\/\/cmm.imgw.pl\/wp-content\/uploads\/2024\/01\/obraz-zawierajacy-tekst-diagram-zrzut-ekranu-ma-768x683.png 768w\" sizes=\"(max-width: 900px) 100vw, 900px\" \/><\/p>\n<p>Zachmurzenie og\u00f3lne ca\u0142kowite.<\/p>\n<p><img loading=\"lazy\" width=\"900\" height=\"800\" class=\"wp-image-39686 aligncenter\" src=\"http:\/\/cmm.imgw.pl\/wp-content\/uploads\/2024\/01\/obraz-zawierajacy-tekst-mapa-zrzut-ekranu-diagr.png\" alt=\"Obraz zawieraj\u0105cy tekst, mapa, zrzut ekranu, diagram\n\nOpis wygenerowany automatycznie\" srcset=\"https:\/\/cmm.imgw.pl\/wp-content\/uploads\/2024\/01\/obraz-zawierajacy-tekst-mapa-zrzut-ekranu-diagr.png 900w, https:\/\/cmm.imgw.pl\/wp-content\/uploads\/2024\/01\/obraz-zawierajacy-tekst-mapa-zrzut-ekranu-diagr-300x267.png 300w, https:\/\/cmm.imgw.pl\/wp-content\/uploads\/2024\/01\/obraz-zawierajacy-tekst-mapa-zrzut-ekranu-diagr-768x683.png 768w\" sizes=\"(max-width: 900px) 100vw, 900px\" \/> <img loading=\"lazy\" width=\"900\" height=\"800\" class=\"wp-image-39687 aligncenter\" src=\"http:\/\/cmm.imgw.pl\/wp-content\/uploads\/2024\/01\/obraz-zawierajacy-tekst-mapa-zrzut-ekranu-diagr-1.png\" alt=\"Obraz zawieraj\u0105cy tekst, mapa, zrzut ekranu, diagram\n\nOpis wygenerowany automatycznie\" srcset=\"https:\/\/cmm.imgw.pl\/wp-content\/uploads\/2024\/01\/obraz-zawierajacy-tekst-mapa-zrzut-ekranu-diagr-1.png 900w, https:\/\/cmm.imgw.pl\/wp-content\/uploads\/2024\/01\/obraz-zawierajacy-tekst-mapa-zrzut-ekranu-diagr-1-300x267.png 300w, https:\/\/cmm.imgw.pl\/wp-content\/uploads\/2024\/01\/obraz-zawierajacy-tekst-mapa-zrzut-ekranu-diagr-1-768x683.png 768w\" sizes=\"(max-width: 900px) 100vw, 900px\" \/> <img loading=\"lazy\" width=\"900\" height=\"800\" class=\"wp-image-39688 aligncenter\" src=\"http:\/\/cmm.imgw.pl\/wp-content\/uploads\/2024\/01\/obraz-zawierajacy-tekst-diagram-zrzut-ekranu-ma-1.png\" alt=\"Obraz zawieraj\u0105cy tekst, diagram, zrzut ekranu, mapa\n\nOpis wygenerowany automatycznie\" srcset=\"https:\/\/cmm.imgw.pl\/wp-content\/uploads\/2024\/01\/obraz-zawierajacy-tekst-diagram-zrzut-ekranu-ma-1.png 900w, https:\/\/cmm.imgw.pl\/wp-content\/uploads\/2024\/01\/obraz-zawierajacy-tekst-diagram-zrzut-ekranu-ma-1-300x267.png 300w, https:\/\/cmm.imgw.pl\/wp-content\/uploads\/2024\/01\/obraz-zawierajacy-tekst-diagram-zrzut-ekranu-ma-1-768x683.png 768w\" sizes=\"(max-width: 900px) 100vw, 900px\" \/><\/p>\n<p><span class=\"ui-provider ee bha bhb bhc bhd bhe bhf bhg bhh bhi bhj bhk bhl bhm bhn bho bhp bhq bhr bhs bht bhu bhv bhw bhx bhy bhz bia bib bic bid bie bif big bih\" dir=\"ltr\">Na niebie chmury pi\u0119tra niskiego Stratus fractus, Stratocumulus. <\/span><span class=\"ui-provider ee bha bhb bhc bhd bhe bhf bhg bhh bhi bhj bhk bhl bhm bhn bho bhp bhq bhr bhs bht bhu bhv bhw bhx bhy bhz bia bib bic bid bie bif big bih\" dir=\"ltr\">W wielu rejonach wyst\u0119powa\u0107 b\u0119d\u0105 chmury<\/span><span class=\"ui-provider ee bha bhb bhc bhd bhe bhf bhg bhh bhi bhj bhk bhl bhm bhn bho bhp bhq bhr bhs bht bhu bhv bhw bhx bhy bhz bia bib bic bid bie bif big bih\" dir=\"ltr\"> Cumulus congestus lub Cumulonimbus, z wierzcho\u0142kami do 7,3 km.<\/span><\/p>\n<p><img loading=\"lazy\" width=\"900\" height=\"800\" class=\"wp-image-39689 aligncenter\" src=\"http:\/\/cmm.imgw.pl\/wp-content\/uploads\/2024\/01\/obraz-zawierajacy-tekst-mapa-diagram-zrzut-ekra-1.png\" alt=\"Obraz zawieraj\u0105cy tekst, mapa, diagram, zrzut ekranu\n\nOpis wygenerowany automatycznie\" srcset=\"https:\/\/cmm.imgw.pl\/wp-content\/uploads\/2024\/01\/obraz-zawierajacy-tekst-mapa-diagram-zrzut-ekra-1.png 900w, https:\/\/cmm.imgw.pl\/wp-content\/uploads\/2024\/01\/obraz-zawierajacy-tekst-mapa-diagram-zrzut-ekra-1-300x267.png 300w, https:\/\/cmm.imgw.pl\/wp-content\/uploads\/2024\/01\/obraz-zawierajacy-tekst-mapa-diagram-zrzut-ekra-1-768x683.png 768w\" sizes=\"(max-width: 900px) 100vw, 900px\" \/> <img loading=\"lazy\" width=\"900\" height=\"800\" class=\"wp-image-39690 aligncenter\" src=\"http:\/\/cmm.imgw.pl\/wp-content\/uploads\/2024\/01\/obraz-zawierajacy-tekst-mapa-zrzut-ekranu-diagr-2.png\" alt=\"Obraz zawieraj\u0105cy tekst, mapa, zrzut ekranu, diagram\n\nOpis wygenerowany automatycznie\" srcset=\"https:\/\/cmm.imgw.pl\/wp-content\/uploads\/2024\/01\/obraz-zawierajacy-tekst-mapa-zrzut-ekranu-diagr-2.png 900w, https:\/\/cmm.imgw.pl\/wp-content\/uploads\/2024\/01\/obraz-zawierajacy-tekst-mapa-zrzut-ekranu-diagr-2-300x267.png 300w, https:\/\/cmm.imgw.pl\/wp-content\/uploads\/2024\/01\/obraz-zawierajacy-tekst-mapa-zrzut-ekranu-diagr-2-768x683.png 768w\" sizes=\"(max-width: 900px) 100vw, 900px\" \/> <img loading=\"lazy\" width=\"900\" height=\"800\" class=\"wp-image-39691 aligncenter\" src=\"http:\/\/cmm.imgw.pl\/wp-content\/uploads\/2024\/01\/obraz-zawierajacy-tekst-diagram-zrzut-ekranu-ma-2.png\" alt=\"Obraz zawieraj\u0105cy tekst, diagram, zrzut ekranu, mapa\n\nOpis wygenerowany automatycznie\" srcset=\"https:\/\/cmm.imgw.pl\/wp-content\/uploads\/2024\/01\/obraz-zawierajacy-tekst-diagram-zrzut-ekranu-ma-2.png 900w, https:\/\/cmm.imgw.pl\/wp-content\/uploads\/2024\/01\/obraz-zawierajacy-tekst-diagram-zrzut-ekranu-ma-2-300x267.png 300w, https:\/\/cmm.imgw.pl\/wp-content\/uploads\/2024\/01\/obraz-zawierajacy-tekst-diagram-zrzut-ekranu-ma-2-768x683.png 768w\" sizes=\"(max-width: 900px) 100vw, 900px\" \/><\/p>\n<p>W pi\u0119trze chmur \u015brednich wyst\u0119powa\u0107 b\u0119d\u0105 chmury Altocumulus stratiformis perlucidus\/translucidus\/opacus oraz Altostratus translucidus\/opacus.<\/p>\n<p><img loading=\"lazy\" width=\"900\" height=\"800\" class=\"wp-image-39692 aligncenter\" src=\"http:\/\/cmm.imgw.pl\/wp-content\/uploads\/2024\/01\/obraz-zawierajacy-tekst-mapa-opis-wygenerowany-a.png\" alt=\"Obraz zawieraj\u0105cy tekst, mapa\n\nOpis wygenerowany automatycznie\" srcset=\"https:\/\/cmm.imgw.pl\/wp-content\/uploads\/2024\/01\/obraz-zawierajacy-tekst-mapa-opis-wygenerowany-a.png 900w, https:\/\/cmm.imgw.pl\/wp-content\/uploads\/2024\/01\/obraz-zawierajacy-tekst-mapa-opis-wygenerowany-a-300x267.png 300w, https:\/\/cmm.imgw.pl\/wp-content\/uploads\/2024\/01\/obraz-zawierajacy-tekst-mapa-opis-wygenerowany-a-768x683.png 768w\" sizes=\"(max-width: 900px) 100vw, 900px\" \/> <img loading=\"lazy\" width=\"900\" height=\"800\" class=\"wp-image-39693 aligncenter\" src=\"http:\/\/cmm.imgw.pl\/wp-content\/uploads\/2024\/01\/obraz-zawierajacy-tekst-mapa-zrzut-ekranu-opis.png\" alt=\"Obraz zawieraj\u0105cy tekst, mapa, zrzut ekranu\n\nOpis wygenerowany automatycznie\" srcset=\"https:\/\/cmm.imgw.pl\/wp-content\/uploads\/2024\/01\/obraz-zawierajacy-tekst-mapa-zrzut-ekranu-opis.png 900w, https:\/\/cmm.imgw.pl\/wp-content\/uploads\/2024\/01\/obraz-zawierajacy-tekst-mapa-zrzut-ekranu-opis-300x267.png 300w, https:\/\/cmm.imgw.pl\/wp-content\/uploads\/2024\/01\/obraz-zawierajacy-tekst-mapa-zrzut-ekranu-opis-768x683.png 768w\" sizes=\"(max-width: 900px) 100vw, 900px\" \/> <img loading=\"lazy\" width=\"900\" height=\"800\" class=\"wp-image-39694 aligncenter\" src=\"http:\/\/cmm.imgw.pl\/wp-content\/uploads\/2024\/01\/obraz-zawierajacy-tekst-mapa-opis-wygenerowany-a-1.png\" alt=\"Obraz zawieraj\u0105cy tekst, mapa\n\nOpis wygenerowany automatycznie\" srcset=\"https:\/\/cmm.imgw.pl\/wp-content\/uploads\/2024\/01\/obraz-zawierajacy-tekst-mapa-opis-wygenerowany-a-1.png 900w, https:\/\/cmm.imgw.pl\/wp-content\/uploads\/2024\/01\/obraz-zawierajacy-tekst-mapa-opis-wygenerowany-a-1-300x267.png 300w, https:\/\/cmm.imgw.pl\/wp-content\/uploads\/2024\/01\/obraz-zawierajacy-tekst-mapa-opis-wygenerowany-a-1-768x683.png 768w\" sizes=\"(max-width: 900px) 100vw, 900px\" \/><\/p>\n<p>W pi\u0119trze chmur wysokich wyst\u0119powa\u0107 b\u0119d\u0105 chmury Cirrus fibratus\/spissatus oraz Cirrostratus fibratus. W pi\u0119trze chmur wysokich wyst\u0119powa\u0107 b\u0119dzie wi\u0119cej przeja\u015bnie\u0144, jednak nie wp\u0142ynie to na warunki obserwacyjne.<\/p>\n<p><strong>Model ALARO<\/strong><\/p>\n<p><img loading=\"lazy\" width=\"600\" height=\"640\" class=\"wp-image-39695 aligncenter\" src=\"http:\/\/cmm.imgw.pl\/wp-content\/uploads\/2024\/01\/word-image-39677-18.png\" srcset=\"https:\/\/cmm.imgw.pl\/wp-content\/uploads\/2024\/01\/word-image-39677-18.png 600w, https:\/\/cmm.imgw.pl\/wp-content\/uploads\/2024\/01\/word-image-39677-18-281x300.png 281w\" sizes=\"(max-width: 600px) 100vw, 600px\" \/> <img loading=\"lazy\" width=\"600\" height=\"640\" class=\"wp-image-39696 aligncenter\" src=\"http:\/\/cmm.imgw.pl\/wp-content\/uploads\/2024\/01\/word-image-39677-19.png\" srcset=\"https:\/\/cmm.imgw.pl\/wp-content\/uploads\/2024\/01\/word-image-39677-19.png 600w, https:\/\/cmm.imgw.pl\/wp-content\/uploads\/2024\/01\/word-image-39677-19-281x300.png 281w\" sizes=\"(max-width: 600px) 100vw, 600px\" \/> <img loading=\"lazy\" width=\"600\" height=\"640\" class=\"wp-image-39697 aligncenter\" src=\"http:\/\/cmm.imgw.pl\/wp-content\/uploads\/2024\/01\/word-image-39677-20.png\" srcset=\"https:\/\/cmm.imgw.pl\/wp-content\/uploads\/2024\/01\/word-image-39677-20.png 600w, https:\/\/cmm.imgw.pl\/wp-content\/uploads\/2024\/01\/word-image-39677-20-281x300.png 281w\" sizes=\"(max-width: 600px) 100vw, 600px\" \/><\/p>\n<p>Z symulacji modelem ALARO wynika, \u017ce na po\u0142udniu Polski wyst\u0105pi zachmurzenie umiarkowane (lokalnie rozpogodzenia). Na pozosta\u0142ym obszarze zachmurzenie du\u017ce i ca\u0142kowite.<\/p>\n<p><strong>Model ECMWF<\/strong><\/p>\n<p><img loading=\"lazy\" width=\"600\" height=\"640\" class=\"wp-image-39698 aligncenter\" src=\"http:\/\/cmm.imgw.pl\/wp-content\/uploads\/2024\/01\/word-image-39677-21.png\" srcset=\"https:\/\/cmm.imgw.pl\/wp-content\/uploads\/2024\/01\/word-image-39677-21.png 600w, https:\/\/cmm.imgw.pl\/wp-content\/uploads\/2024\/01\/word-image-39677-21-281x300.png 281w\" sizes=\"(max-width: 600px) 100vw, 600px\" \/> <img loading=\"lazy\" width=\"600\" height=\"640\" class=\"wp-image-39699 aligncenter\" src=\"http:\/\/cmm.imgw.pl\/wp-content\/uploads\/2024\/01\/word-image-39677-22.png\" srcset=\"https:\/\/cmm.imgw.pl\/wp-content\/uploads\/2024\/01\/word-image-39677-22.png 600w, https:\/\/cmm.imgw.pl\/wp-content\/uploads\/2024\/01\/word-image-39677-22-281x300.png 281w\" sizes=\"(max-width: 600px) 100vw, 600px\" \/> <img loading=\"lazy\" width=\"600\" height=\"640\" class=\"wp-image-39700 aligncenter\" src=\"http:\/\/cmm.imgw.pl\/wp-content\/uploads\/2024\/01\/word-image-39677-23.png\" srcset=\"https:\/\/cmm.imgw.pl\/wp-content\/uploads\/2024\/01\/word-image-39677-23.png 600w, https:\/\/cmm.imgw.pl\/wp-content\/uploads\/2024\/01\/word-image-39677-23-281x300.png 281w\" sizes=\"(max-width: 600px) 100vw, 600px\" \/><\/p>\n<p>Symulacje pola zachmurzenia ca\u0142kowitego modelem ECMWF s\u0105 bardziej \u0142askawe. Obszar\u00f3w z zachmurzeniem umiarkowanym powinno wyst\u0119powa\u0107 wi\u0119cej. Lokalnie i chwilowo mog\u0105 wyst\u0119powa\u0107 przeb\u0142yski czystego nieba lub nieba pokrytego chmurami Cirrus i\/lub Cirrostratus.<\/p>\n<p><strong>Model GFS<\/strong><\/p>\n<p><img loading=\"lazy\" width=\"600\" height=\"640\" class=\"wp-image-39701 aligncenter\" src=\"http:\/\/cmm.imgw.pl\/wp-content\/uploads\/2024\/01\/word-image-39677-24.png\" srcset=\"https:\/\/cmm.imgw.pl\/wp-content\/uploads\/2024\/01\/word-image-39677-24.png 600w, https:\/\/cmm.imgw.pl\/wp-content\/uploads\/2024\/01\/word-image-39677-24-281x300.png 281w\" sizes=\"(max-width: 600px) 100vw, 600px\" \/> <img loading=\"lazy\" width=\"600\" height=\"640\" class=\"wp-image-39702 aligncenter\" src=\"http:\/\/cmm.imgw.pl\/wp-content\/uploads\/2024\/01\/word-image-39677-25.png\" srcset=\"https:\/\/cmm.imgw.pl\/wp-content\/uploads\/2024\/01\/word-image-39677-25.png 600w, https:\/\/cmm.imgw.pl\/wp-content\/uploads\/2024\/01\/word-image-39677-25-281x300.png 281w\" sizes=\"(max-width: 600px) 100vw, 600px\" \/><\/p>\n<p><img loading=\"lazy\" width=\"600\" height=\"640\" class=\"wp-image-39703 aligncenter\" src=\"http:\/\/cmm.imgw.pl\/wp-content\/uploads\/2024\/01\/word-image-39677-26.png\" srcset=\"https:\/\/cmm.imgw.pl\/wp-content\/uploads\/2024\/01\/word-image-39677-26.png 600w, https:\/\/cmm.imgw.pl\/wp-content\/uploads\/2024\/01\/word-image-39677-26-281x300.png 281w\" sizes=\"(max-width: 600px) 100vw, 600px\" \/><\/p>\n<p>Podobne wyniku pola zachmurzenia otrzymuje si\u0119 w symulacjach modelem GFS.<\/p>\n<p><strong>Prognoza warunk\u00f3w obserwacyjnych<\/strong><\/p>\n<p>Brak dobrych warunk\u00f3w do obserwacji nieba. Mog\u0105 wyst\u0119powa\u0107 lokalnie obszary, gdzie przez chmury b\u0119dzie przebija\u0107 czyste sklepienie niebieskie lub pokryte chmurami Cirrus lub Cirrostratus z towarzysz\u0105cymi chmurami pi\u0119tra \u015bredniego i niskiego. Jednak nie b\u0119d\u0105 to warunki zadowalaj\u0105ce mi\u0142o\u015bnik\u00f3w obserwacji astronomicznych.<\/p>","protected":false},"excerpt":{"rendered":"<p>Komentarz do numerycznych prognoz pogody opracowany w Centrum Modelowania Meteorologicznego IMGW-PIB.<\/p>\n","protected":false},"author":3,"featured_media":0,"comment_status":"closed","ping_status":"open","sticky":false,"template":"","format":"standard","meta":{"ocean_post_layout":"","ocean_both_sidebars_style":"","ocean_both_sidebars_content_width":0,"ocean_both_sidebars_sidebars_width":0,"ocean_sidebar":"0","ocean_second_sidebar":"0","ocean_disable_margins":"enable","ocean_add_body_class":"","ocean_shortcode_before_top_bar":"","ocean_shortcode_after_top_bar":"","ocean_shortcode_before_header":"","ocean_shortcode_after_header":"","ocean_has_shortcode":"","ocean_shortcode_after_title":"","ocean_shortcode_before_footer_widgets":"","ocean_shortcode_after_footer_widgets":"","ocean_shortcode_before_footer_bottom":"","ocean_shortcode_after_footer_bottom":"","ocean_display_top_bar":"off","ocean_display_header":"off","ocean_header_style":"","ocean_center_header_left_menu":"0","ocean_custom_header_template":"0","ocean_custom_logo":0,"ocean_custom_retina_logo":0,"ocean_custom_logo_max_width":0,"ocean_custom_logo_tablet_max_width":0,"ocean_custom_logo_mobile_max_width":0,"ocean_custom_logo_max_height":0,"ocean_custom_logo_tablet_max_height":0,"ocean_custom_logo_mobile_max_height":0,"ocean_header_custom_menu":"0","ocean_menu_typo_font_family":"0","ocean_menu_typo_font_subset":"","ocean_menu_typo_font_size":0,"ocean_menu_typo_font_size_tablet":0,"ocean_menu_typo_font_size_mobile":0,"ocean_menu_typo_font_size_unit":"px","ocean_menu_typo_font_weight":"","ocean_menu_typo_font_weight_tablet":"","ocean_menu_typo_font_weight_mobile":"","ocean_menu_typo_transform":"","ocean_menu_typo_transform_tablet":"","ocean_menu_typo_transform_mobile":"","ocean_menu_typo_line_height":0,"ocean_menu_typo_line_height_tablet":0,"ocean_menu_typo_line_height_mobile":0,"ocean_menu_typo_line_height_unit":"","ocean_menu_typo_spacing":0,"ocean_menu_typo_spacing_tablet":0,"ocean_menu_typo_spacing_mobile":0,"ocean_menu_typo_spacing_unit":"","ocean_menu_link_color":"","ocean_menu_link_color_hover":"","ocean_menu_link_color_active":"","ocean_menu_link_background":"","ocean_menu_link_hover_background":"","ocean_menu_link_active_background":"","ocean_menu_social_links_bg":"","ocean_menu_social_hover_links_bg":"","ocean_menu_social_links_color":"","ocean_menu_social_hover_links_color":"","ocean_disable_title":"default","ocean_disable_heading":"default","ocean_post_title":"","ocean_post_subheading":"","ocean_post_title_style":"","ocean_post_title_background_color":"","ocean_post_title_background":0,"ocean_post_title_bg_image_position":"","ocean_post_title_bg_image_attachment":"","ocean_post_title_bg_image_repeat":"","ocean_post_title_bg_image_size":"","ocean_post_title_height":0,"ocean_post_title_bg_overlay":0.5,"ocean_post_title_bg_overlay_color":"","ocean_disable_breadcrumbs":"default","ocean_breadcrumbs_color":"","ocean_breadcrumbs_separator_color":"","ocean_breadcrumbs_links_color":"","ocean_breadcrumbs_links_hover_color":"","ocean_display_footer_widgets":"off","ocean_display_footer_bottom":"off","ocean_custom_footer_template":"0","ocean_post_oembed":"","ocean_post_self_hosted_media":"","ocean_post_video_embed":"","ocean_link_format":"","ocean_link_format_target":"self","ocean_quote_format":"","ocean_quote_format_link":"post","ocean_gallery_link_images":"on","ocean_gallery_id":[]},"categories":[93],"tags":[138,139,68,95,143,141,85,73,97,98,142,76,94,99,71,67,96,140,79],"yoast_head":"<!-- This site is optimized with the Yoast SEO plugin v19.5.1 - https:\/\/yoast.com\/wordpress\/plugins\/seo\/ -->\n<title>Prognoza zachmurzenia dla obserwator\u00f3w nieba \u2013 Kwadrantydy (noc 3\/4 stycznia 2024 roku) - Laboratorium Modelowania Meteorologicznego CMOK IMGW-PIB<\/title>\n<meta name=\"description\" content=\"Komentarz do numerycznych prognoz pogody opracowany w Centrum Modelowania Meteorologicznego IMGW-PIB.\" \/>\n<meta name=\"robots\" content=\"index, follow, max-snippet:-1, max-image-preview:large, max-video-preview:-1\" \/>\n<link rel=\"canonical\" href=\"https:\/\/cmm.imgw.pl\/?p=39677\" \/>\n<meta property=\"og:locale\" content=\"pl_PL\" \/>\n<meta property=\"og:type\" content=\"article\" \/>\n<meta property=\"og:title\" content=\"Prognoza zachmurzenia dla obserwator\u00f3w nieba \u2013 Kwadrantydy (noc 3\/4 stycznia 2024 roku)\" \/>\n<meta property=\"og:description\" content=\"Komentarz do numerycznych prognoz pogody opracowany w Centrum Modelowania Meteorologicznego IMGW-PIB\" \/>\n<meta property=\"og:url\" content=\"https:\/\/cmm.imgw.pl\/?p=39677\" \/>\n<meta property=\"og:site_name\" content=\"Laboratorium Modelowania Meteorologicznego CMOK IMGW-PIB\" \/>\n<meta property=\"article:publisher\" content=\"https:\/\/www.facebook.com\/Meteoimgw\/\" \/>\n<meta property=\"article:published_time\" content=\"2024-01-03T13:39:55+00:00\" \/>\n<meta property=\"article:modified_time\" content=\"2024-01-03T21:35:24+00:00\" \/>\n<meta property=\"og:image\" content=\"http:\/\/cmm.imgw.pl\/wp-content\/uploads\/2023\/02\/komentarz4.png\" \/>\n\t<meta property=\"og:image:width\" content=\"1280\" \/>\n\t<meta property=\"og:image:height\" content=\"720\" \/>\n\t<meta property=\"og:image:type\" content=\"image\/png\" \/>\n<meta name=\"author\" content=\"CMM\" \/>\n<meta name=\"twitter:card\" content=\"summary_large_image\" \/>\n<meta name=\"twitter:title\" content=\"Prognoza zachmurzenia dla obserwator\u00f3w nieba \u2013 Kwadrantydy (noc 3\/4 stycznia 2024 roku)\" \/>\n<meta name=\"twitter:description\" content=\"Komentarz do numerycznych prognoz pogody opracowany w Centrum Modelowania Meteorologicznego IMGW-PIB\" \/>\n<meta name=\"twitter:image\" content=\"https:\/\/cmm.imgw.pl\/wp-content\/uploads\/2023\/02\/komentarz4.png\" \/>\n<meta name=\"twitter:creator\" content=\"@IMGW_CMM\" \/>\n<meta name=\"twitter:site\" content=\"@IMGW_CMM\" \/>\n<meta name=\"twitter:label1\" content=\"Napisane przez\" \/>\n\t<meta name=\"twitter:data1\" content=\"CMM\" \/>\n\t<meta name=\"twitter:label2\" content=\"Szacowany czas czytania\" \/>\n\t<meta name=\"twitter:data2\" content=\"26 minut\" \/>\n<script type=\"application\/ld+json\" class=\"yoast-schema-graph\">{\"@context\":\"https:\/\/schema.org\",\"@graph\":[{\"@type\":\"Article\",\"@id\":\"https:\/\/cmm.imgw.pl\/?p=39677#article\",\"isPartOf\":{\"@id\":\"https:\/\/cmm.imgw.pl\/?p=39677\"},\"author\":{\"name\":\"CMM\",\"@id\":\"https:\/\/cmm.imgw.pl\/#\/schema\/person\/a24a37fe434fe76b0f5791e6bd3fdb46\"},\"headline\":\"Prognoza zachmurzenia dla obserwator\u00f3w nieba \u2013 Kwadrantydy (noc 3\/4 stycznia 2024 roku)\",\"datePublished\":\"2024-01-03T13:39:55+00:00\",\"dateModified\":\"2024-01-03T21:35:24+00:00\",\"mainEntityOfPage\":{\"@id\":\"https:\/\/cmm.imgw.pl\/?p=39677\"},\"wordCount\":381,\"publisher\":{\"@id\":\"https:\/\/cmm.imgw.pl\/#organization\"},\"keywords\":[\"alaro\",\"arome\",\"cmm\",\"Cosmo\",\"DWD\",\"Grzegorz Duniec\",\"imgw\",\"klimat\",\"komentarz\",\"komentarz pogodowy\",\"MERGE\",\"meteorologia\",\"NMP\",\"NPP\",\"pogoda\",\"prognoza\",\"prognoza pogody\",\"wrf\",\"zima\"],\"articleSection\":[\"Komentarz\"],\"inLanguage\":\"pl-PL\"},{\"@type\":\"WebPage\",\"@id\":\"https:\/\/cmm.imgw.pl\/?p=39677\",\"url\":\"https:\/\/cmm.imgw.pl\/?p=39677\",\"name\":\"Prognoza zachmurzenia dla obserwator\u00f3w nieba \u2013 Kwadrantydy (noc 3\/4 stycznia 2024 roku) - Laboratorium Modelowania Meteorologicznego CMOK IMGW-PIB\",\"isPartOf\":{\"@id\":\"https:\/\/cmm.imgw.pl\/#website\"},\"datePublished\":\"2024-01-03T13:39:55+00:00\",\"dateModified\":\"2024-01-03T21:35:24+00:00\",\"description\":\"Komentarz do numerycznych prognoz pogody opracowany w Centrum Modelowania Meteorologicznego IMGW-PIB.\",\"breadcrumb\":{\"@id\":\"https:\/\/cmm.imgw.pl\/?p=39677#breadcrumb\"},\"inLanguage\":\"pl-PL\",\"potentialAction\":[{\"@type\":\"ReadAction\",\"target\":[\"https:\/\/cmm.imgw.pl\/?p=39677\"]}]},{\"@type\":\"BreadcrumbList\",\"@id\":\"https:\/\/cmm.imgw.pl\/?p=39677#breadcrumb\",\"itemListElement\":[{\"@type\":\"ListItem\",\"position\":1,\"name\":\"Home\",\"item\":\"https:\/\/cmm.imgw.pl\/\"},{\"@type\":\"ListItem\",\"position\":2,\"name\":\"Prognoza zachmurzenia dla obserwator\u00f3w nieba \u2013 Kwadrantydy (noc 3\/4 stycznia 2024 roku)\"}]},{\"@type\":\"WebSite\",\"@id\":\"https:\/\/cmm.imgw.pl\/#website\",\"url\":\"https:\/\/cmm.imgw.pl\/\",\"name\":\"Laboratorium Modelowania Meteorologicznego CMOK IMGW-PIB\",\"description\":\"CMOK-LMM Laboratorium pe\u0142ni pa\u0144stwow\u0105 s\u0142u\u017cb\u0119 hydrologiczno-meteorologiczn\u0105 w zakresie numerycznych prognoz pogody, kt\u00f3rego zadaniem jest konsolidacja kompetencji w obszarze modelowania zjawisk pogodowych oraz dalszego rozwoju numerycznych modeli pogody (NMP).\",\"publisher\":{\"@id\":\"https:\/\/cmm.imgw.pl\/#organization\"},\"potentialAction\":[{\"@type\":\"SearchAction\",\"target\":{\"@type\":\"EntryPoint\",\"urlTemplate\":\"https:\/\/cmm.imgw.pl\/?s={search_term_string}\"},\"query-input\":\"required name=search_term_string\"}],\"inLanguage\":\"pl-PL\"},{\"@type\":\"Organization\",\"@id\":\"https:\/\/cmm.imgw.pl\/#organization\",\"name\":\"Laboratorium Modelowania Meteorologicznego CMOK IMGW-PIB\",\"url\":\"https:\/\/cmm.imgw.pl\/\",\"sameAs\":[\"https:\/\/www.facebook.com\/Meteoimgw\/\",\"https:\/\/twitter.com\/IMGW_CMM\"],\"logo\":{\"@type\":\"ImageObject\",\"inLanguage\":\"pl-PL\",\"@id\":\"https:\/\/cmm.imgw.pl\/#\/schema\/logo\/image\/\",\"url\":\"https:\/\/cmm.imgw.pl\/wp-content\/uploads\/2025\/10\/MODELE_LOGO_UNIFIKACJA_v2.png\",\"contentUrl\":\"https:\/\/cmm.imgw.pl\/wp-content\/uploads\/2025\/10\/MODELE_LOGO_UNIFIKACJA_v2.png\",\"width\":1356,\"height\":365,\"caption\":\"Laboratorium Modelowania Meteorologicznego CMOK IMGW-PIB\"},\"image\":{\"@id\":\"https:\/\/cmm.imgw.pl\/#\/schema\/logo\/image\/\"}},{\"@type\":\"Person\",\"@id\":\"https:\/\/cmm.imgw.pl\/#\/schema\/person\/a24a37fe434fe76b0f5791e6bd3fdb46\",\"name\":\"CMM\",\"image\":{\"@type\":\"ImageObject\",\"inLanguage\":\"pl-PL\",\"@id\":\"https:\/\/cmm.imgw.pl\/#\/schema\/person\/image\/\",\"url\":\"https:\/\/secure.gravatar.com\/avatar\/9248ea2273711f1cd09d6bd45867dbfb?s=96&d=blank&r=g\",\"contentUrl\":\"https:\/\/secure.gravatar.com\/avatar\/9248ea2273711f1cd09d6bd45867dbfb?s=96&d=blank&r=g\",\"caption\":\"CMM\"},\"sameAs\":[\"http:\/\/cmm.imgw.pl\"],\"url\":\"https:\/\/cmm.imgw.pl\/?author=3\"}]}<\/script>\n<!-- \/ Yoast SEO plugin. -->","yoast_head_json":{"title":"Prognoza zachmurzenia dla obserwator\u00f3w nieba \u2013 Kwadrantydy (noc 3\/4 stycznia 2024 roku) - Laboratorium Modelowania Meteorologicznego CMOK IMGW-PIB","description":"Komentarz do numerycznych prognoz pogody opracowany w Centrum Modelowania Meteorologicznego IMGW-PIB.","robots":{"index":"index","follow":"follow","max-snippet":"max-snippet:-1","max-image-preview":"max-image-preview:large","max-video-preview":"max-video-preview:-1"},"canonical":"https:\/\/cmm.imgw.pl\/?p=39677","og_locale":"pl_PL","og_type":"article","og_title":"Prognoza zachmurzenia dla obserwator\u00f3w nieba \u2013 Kwadrantydy (noc 3\/4 stycznia 2024 roku)","og_description":"Komentarz do numerycznych prognoz pogody opracowany w Centrum Modelowania Meteorologicznego IMGW-PIB","og_url":"https:\/\/cmm.imgw.pl\/?p=39677","og_site_name":"Laboratorium Modelowania Meteorologicznego CMOK IMGW-PIB","article_publisher":"https:\/\/www.facebook.com\/Meteoimgw\/","article_published_time":"2024-01-03T13:39:55+00:00","article_modified_time":"2024-01-03T21:35:24+00:00","og_image":[{"width":1280,"height":720,"url":"http:\/\/cmm.imgw.pl\/wp-content\/uploads\/2023\/02\/komentarz4.png","type":"image\/png"}],"author":"CMM","twitter_card":"summary_large_image","twitter_title":"Prognoza zachmurzenia dla obserwator\u00f3w nieba \u2013 Kwadrantydy (noc 3\/4 stycznia 2024 roku)","twitter_description":"Komentarz do numerycznych prognoz pogody opracowany w Centrum Modelowania Meteorologicznego IMGW-PIB","twitter_image":"https:\/\/cmm.imgw.pl\/wp-content\/uploads\/2023\/02\/komentarz4.png","twitter_creator":"@IMGW_CMM","twitter_site":"@IMGW_CMM","twitter_misc":{"Napisane przez":"CMM","Szacowany czas czytania":"26 minut"},"schema":{"@context":"https:\/\/schema.org","@graph":[{"@type":"Article","@id":"https:\/\/cmm.imgw.pl\/?p=39677#article","isPartOf":{"@id":"https:\/\/cmm.imgw.pl\/?p=39677"},"author":{"name":"CMM","@id":"https:\/\/cmm.imgw.pl\/#\/schema\/person\/a24a37fe434fe76b0f5791e6bd3fdb46"},"headline":"Prognoza zachmurzenia dla obserwator\u00f3w nieba \u2013 Kwadrantydy (noc 3\/4 stycznia 2024 roku)","datePublished":"2024-01-03T13:39:55+00:00","dateModified":"2024-01-03T21:35:24+00:00","mainEntityOfPage":{"@id":"https:\/\/cmm.imgw.pl\/?p=39677"},"wordCount":381,"publisher":{"@id":"https:\/\/cmm.imgw.pl\/#organization"},"keywords":["alaro","arome","cmm","Cosmo","DWD","Grzegorz Duniec","imgw","klimat","komentarz","komentarz pogodowy","MERGE","meteorologia","NMP","NPP","pogoda","prognoza","prognoza pogody","wrf","zima"],"articleSection":["Komentarz"],"inLanguage":"pl-PL"},{"@type":"WebPage","@id":"https:\/\/cmm.imgw.pl\/?p=39677","url":"https:\/\/cmm.imgw.pl\/?p=39677","name":"Prognoza zachmurzenia dla obserwator\u00f3w nieba \u2013 Kwadrantydy (noc 3\/4 stycznia 2024 roku) - Laboratorium Modelowania Meteorologicznego CMOK IMGW-PIB","isPartOf":{"@id":"https:\/\/cmm.imgw.pl\/#website"},"datePublished":"2024-01-03T13:39:55+00:00","dateModified":"2024-01-03T21:35:24+00:00","description":"Komentarz do numerycznych prognoz pogody opracowany w Centrum Modelowania Meteorologicznego IMGW-PIB.","breadcrumb":{"@id":"https:\/\/cmm.imgw.pl\/?p=39677#breadcrumb"},"inLanguage":"pl-PL","potentialAction":[{"@type":"ReadAction","target":["https:\/\/cmm.imgw.pl\/?p=39677"]}]},{"@type":"BreadcrumbList","@id":"https:\/\/cmm.imgw.pl\/?p=39677#breadcrumb","itemListElement":[{"@type":"ListItem","position":1,"name":"Home","item":"https:\/\/cmm.imgw.pl\/"},{"@type":"ListItem","position":2,"name":"Prognoza zachmurzenia dla obserwator\u00f3w nieba \u2013 Kwadrantydy (noc 3\/4 stycznia 2024 roku)"}]},{"@type":"WebSite","@id":"https:\/\/cmm.imgw.pl\/#website","url":"https:\/\/cmm.imgw.pl\/","name":"Laboratorium Modelowania Meteorologicznego CMOK IMGW-PIB","description":"CMOK-LMM Laboratorium pe\u0142ni pa\u0144stwow\u0105 s\u0142u\u017cb\u0119 hydrologiczno-meteorologiczn\u0105 w zakresie numerycznych prognoz pogody, kt\u00f3rego zadaniem jest konsolidacja kompetencji w obszarze modelowania zjawisk pogodowych oraz dalszego rozwoju numerycznych modeli pogody (NMP).","publisher":{"@id":"https:\/\/cmm.imgw.pl\/#organization"},"potentialAction":[{"@type":"SearchAction","target":{"@type":"EntryPoint","urlTemplate":"https:\/\/cmm.imgw.pl\/?s={search_term_string}"},"query-input":"required name=search_term_string"}],"inLanguage":"pl-PL"},{"@type":"Organization","@id":"https:\/\/cmm.imgw.pl\/#organization","name":"Laboratorium Modelowania Meteorologicznego CMOK IMGW-PIB","url":"https:\/\/cmm.imgw.pl\/","sameAs":["https:\/\/www.facebook.com\/Meteoimgw\/","https:\/\/twitter.com\/IMGW_CMM"],"logo":{"@type":"ImageObject","inLanguage":"pl-PL","@id":"https:\/\/cmm.imgw.pl\/#\/schema\/logo\/image\/","url":"https:\/\/cmm.imgw.pl\/wp-content\/uploads\/2025\/10\/MODELE_LOGO_UNIFIKACJA_v2.png","contentUrl":"https:\/\/cmm.imgw.pl\/wp-content\/uploads\/2025\/10\/MODELE_LOGO_UNIFIKACJA_v2.png","width":1356,"height":365,"caption":"Laboratorium Modelowania Meteorologicznego CMOK IMGW-PIB"},"image":{"@id":"https:\/\/cmm.imgw.pl\/#\/schema\/logo\/image\/"}},{"@type":"Person","@id":"https:\/\/cmm.imgw.pl\/#\/schema\/person\/a24a37fe434fe76b0f5791e6bd3fdb46","name":"CMM","image":{"@type":"ImageObject","inLanguage":"pl-PL","@id":"https:\/\/cmm.imgw.pl\/#\/schema\/person\/image\/","url":"https:\/\/secure.gravatar.com\/avatar\/9248ea2273711f1cd09d6bd45867dbfb?s=96&d=blank&r=g","contentUrl":"https:\/\/secure.gravatar.com\/avatar\/9248ea2273711f1cd09d6bd45867dbfb?s=96&d=blank&r=g","caption":"CMM"},"sameAs":["http:\/\/cmm.imgw.pl"],"url":"https:\/\/cmm.imgw.pl\/?author=3"}]}},"_links":{"self":[{"href":"https:\/\/cmm.imgw.pl\/index.php?rest_route=\/wp\/v2\/posts\/39677"}],"collection":[{"href":"https:\/\/cmm.imgw.pl\/index.php?rest_route=\/wp\/v2\/posts"}],"about":[{"href":"https:\/\/cmm.imgw.pl\/index.php?rest_route=\/wp\/v2\/types\/post"}],"author":[{"embeddable":true,"href":"https:\/\/cmm.imgw.pl\/index.php?rest_route=\/wp\/v2\/users\/3"}],"replies":[{"embeddable":true,"href":"https:\/\/cmm.imgw.pl\/index.php?rest_route=%2Fwp%2Fv2%2Fcomments&post=39677"}],"version-history":[{"count":2,"href":"https:\/\/cmm.imgw.pl\/index.php?rest_route=\/wp\/v2\/posts\/39677\/revisions"}],"predecessor-version":[{"id":39708,"href":"https:\/\/cmm.imgw.pl\/index.php?rest_route=\/wp\/v2\/posts\/39677\/revisions\/39708"}],"wp:attachment":[{"href":"https:\/\/cmm.imgw.pl\/index.php?rest_route=%2Fwp%2Fv2%2Fmedia&parent=39677"}],"wp:term":[{"taxonomy":"category","embeddable":true,"href":"https:\/\/cmm.imgw.pl\/index.php?rest_route=%2Fwp%2Fv2%2Fcategories&post=39677"},{"taxonomy":"post_tag","embeddable":true,"href":"https:\/\/cmm.imgw.pl\/index.php?rest_route=%2Fwp%2Fv2%2Ftags&post=39677"}],"curies":[{"name":"wp","href":"https:\/\/api.w.org\/{rel}","templated":true}]}}