{"id":39523,"date":"2023-12-29T21:49:58","date_gmt":"2023-12-29T20:49:58","guid":{"rendered":"https:\/\/cmm.imgw.pl\/?p=39523"},"modified":"2023-12-29T21:50:12","modified_gmt":"2023-12-29T20:50:12","slug":"jaka-prognoze-na-noc-sylwestrowa-przewiduja-numeryczne-modele-pogody-aktualizacja","status":"publish","type":"post","link":"https:\/\/cmm.imgw.pl\/?p=39523","title":{"rendered":"Jak\u0105 prognoz\u0119 na noc sylwestrow\u0105 przewiduj\u0105 numeryczne modele pogody &#8211; aktualizacja"},"content":{"rendered":"\n<figure class=\"wp-block-image size-large\"><img loading=\"lazy\" width=\"1024\" height=\"576\" src=\"https:\/\/cmm.imgw.pl\/wp-content\/uploads\/2023\/03\/komentarz4-1-1024x576.png\" alt=\"\" class=\"wp-image-23617\" srcset=\"https:\/\/cmm.imgw.pl\/wp-content\/uploads\/2023\/03\/komentarz4-1-1024x576.png 1024w, https:\/\/cmm.imgw.pl\/wp-content\/uploads\/2023\/03\/komentarz4-1-300x169.png 300w, https:\/\/cmm.imgw.pl\/wp-content\/uploads\/2023\/03\/komentarz4-1-768x432.png 768w, https:\/\/cmm.imgw.pl\/wp-content\/uploads\/2023\/03\/komentarz4-1-800x450.png 800w, https:\/\/cmm.imgw.pl\/wp-content\/uploads\/2023\/03\/komentarz4-1.png 1280w\" sizes=\"(max-width: 1024px) 100vw, 1024px\" \/><\/figure>\n\n\n\n<p><em>Tre\u015b\u0107 komentarza do numerycznych prognoz meteorologicznych stanowi niezale\u017cne od biura prognoz meteorologicznych opracowanie wykonane w Centrum Modelowania Meteorologicznego i nie stanowi oficjalnej prognozy synoptycznej IMGW-PIB.<\/em><\/p>\n\n\n\n<p><strong>Opracowanie:<\/strong> <strong>dr&nbsp;Grzegorz&nbsp;Duniec, <a href=\"https:\/\/cmm.imgw.pl\/\" target=\"_blank\" rel=\"noreferrer noopener\"><mark style=\"background-color:rgba(0, 0, 0, 0)\" class=\"has-inline-color has-vivid-cyan-blue-color\">Centrum Modelowania Meteorologicznego IMGW-PIB<\/mark><\/a><\/strong><\/p>\n\n\n<p><strong>Prognostyczna sytuacja synoptyczna na 31 XII 2023 roku<\/strong><\/p>\n<p><img loading=\"lazy\" width=\"1075\" height=\"764\" class=\"wp-image-39524 aligncenter\" src=\"http:\/\/cmm.imgw.pl\/wp-content\/uploads\/2023\/12\/obraz-zawierajacy-mapa-tekst-diagram-atlas-opi-1.gif\" alt=\"Obraz zawieraj\u0105cy mapa, tekst, diagram, atlas\n\nOpis wygenerowany automatycznie\" \/> <img loading=\"lazy\" width=\"1071\" height=\"759\" class=\"wp-image-39525 aligncenter\" src=\"http:\/\/cmm.imgw.pl\/wp-content\/uploads\/2023\/12\/obraz-zawierajacy-tekst-mapa-diagram-plan-opis.gif\" alt=\"Obraz zawieraj\u0105cy tekst, mapa, diagram, Plan\n\nOpis wygenerowany automatycznie\" \/><\/p>\n<p>W niedziel\u0119 od zachodu Polska zacznie dostawa\u0107 si\u0119 pod wp\u0142yw uk\u0142adu niskiego ci\u015bnienia. O godzinie 12 UTC o\u015brodek 980 hPa b\u0119dzie zalega\u0142 nad Irlandi\u0105\/Angli\u0105. Z zachodu na wsch\u00f3d b\u0119dzie przemieszcza\u0142 si\u0119 uk\u0142ad front\u00f3w atmosferycznych.<\/p>\n<p><img loading=\"lazy\" width=\"637\" height=\"600\" class=\"wp-image-39526 aligncenter\" src=\"http:\/\/cmm.imgw.pl\/wp-content\/uploads\/2023\/12\/word-image-39523-3.jpeg\" srcset=\"https:\/\/cmm.imgw.pl\/wp-content\/uploads\/2023\/12\/word-image-39523-3.jpeg 637w, https:\/\/cmm.imgw.pl\/wp-content\/uploads\/2023\/12\/word-image-39523-3-300x283.jpeg 300w\" sizes=\"(max-width: 637px) 100vw, 637px\" \/> <img loading=\"lazy\" width=\"637\" height=\"600\" class=\"wp-image-39527 aligncenter\" src=\"http:\/\/cmm.imgw.pl\/wp-content\/uploads\/2023\/12\/word-image-39523-4.jpeg\" srcset=\"https:\/\/cmm.imgw.pl\/wp-content\/uploads\/2023\/12\/word-image-39523-4.jpeg 637w, https:\/\/cmm.imgw.pl\/wp-content\/uploads\/2023\/12\/word-image-39523-4-300x283.jpeg 300w\" sizes=\"(max-width: 637px) 100vw, 637px\" \/> <img loading=\"lazy\" width=\"635\" height=\"597\" class=\"wp-image-39528 aligncenter\" src=\"http:\/\/cmm.imgw.pl\/wp-content\/uploads\/2023\/12\/word-image-39523-5.jpeg\" srcset=\"https:\/\/cmm.imgw.pl\/wp-content\/uploads\/2023\/12\/word-image-39523-5.jpeg 635w, https:\/\/cmm.imgw.pl\/wp-content\/uploads\/2023\/12\/word-image-39523-5-300x282.jpeg 300w\" sizes=\"(max-width: 635px) 100vw, 635px\" \/><\/p>\n<p>Z symulacji numerycznych wynika, \u017ce ni\u017c b\u0119dzie si\u0119 wype\u0142nia\u0142. G\u0142\u0119boko\u015b\u0107 wiru cyklonalnego b\u0119dzie si\u0119 zmniejsza\u0142a. Nad Polsk\u0105 b\u0119dzie zwi\u0119kszony gradient ci\u015bnienia co wida\u0107 na symulacjach numerycznych w postaci zag\u0119szczonych izobar. W chwili witania 2024 roku horyzontalna r\u00f3\u017cnica ci\u015bnie\u0144 wyniesie oko\u0142o 10 hPa. Nale\u017cy spodziewa\u0107 si\u0119 zwi\u0119kszonej \u015bredniej pr\u0119dko\u015bci i poryw\u00f3w wiatru.<\/p>\n<p><img loading=\"lazy\" width=\"697\" height=\"488\" class=\"wp-image-39529 aligncenter\" src=\"http:\/\/cmm.imgw.pl\/wp-content\/uploads\/2023\/12\/obraz-zawierajacy-tekst-zrzut-ekranu-grafika-pr.png\" alt=\"Obraz zawieraj\u0105cy tekst, zrzut ekranu, Grafika, projekt graficzny\n\nOpis wygenerowany automatycznie\" srcset=\"https:\/\/cmm.imgw.pl\/wp-content\/uploads\/2023\/12\/obraz-zawierajacy-tekst-zrzut-ekranu-grafika-pr.png 697w, https:\/\/cmm.imgw.pl\/wp-content\/uploads\/2023\/12\/obraz-zawierajacy-tekst-zrzut-ekranu-grafika-pr-300x210.png 300w\" sizes=\"(max-width: 697px) 100vw, 697px\" \/> <img loading=\"lazy\" width=\"696\" height=\"482\" class=\"wp-image-39530 aligncenter\" src=\"http:\/\/cmm.imgw.pl\/wp-content\/uploads\/2023\/12\/obraz-zawierajacy-tekst-mapa-wielobarwnosc-opis.png\" alt=\"Obraz zawieraj\u0105cy tekst, mapa, Wielobarwno\u015b\u0107\n\nOpis wygenerowany automatycznie\" srcset=\"https:\/\/cmm.imgw.pl\/wp-content\/uploads\/2023\/12\/obraz-zawierajacy-tekst-mapa-wielobarwnosc-opis.png 696w, https:\/\/cmm.imgw.pl\/wp-content\/uploads\/2023\/12\/obraz-zawierajacy-tekst-mapa-wielobarwnosc-opis-300x208.png 300w\" sizes=\"(max-width: 696px) 100vw, 696px\" \/> <img loading=\"lazy\" width=\"695\" height=\"486\" class=\"wp-image-39531 aligncenter\" src=\"http:\/\/cmm.imgw.pl\/wp-content\/uploads\/2023\/12\/obraz-zawierajacy-tekst-mapa-wielobarwnosc-sztu.png\" alt=\"Obraz zawieraj\u0105cy tekst, mapa, Wielobarwno\u015b\u0107, sztuka\n\nOpis wygenerowany automatycznie\" srcset=\"https:\/\/cmm.imgw.pl\/wp-content\/uploads\/2023\/12\/obraz-zawierajacy-tekst-mapa-wielobarwnosc-sztu.png 695w, https:\/\/cmm.imgw.pl\/wp-content\/uploads\/2023\/12\/obraz-zawierajacy-tekst-mapa-wielobarwnosc-sztu-300x210.png 300w\" sizes=\"(max-width: 695px) 100vw, 695px\" \/><\/p>\n<p><img loading=\"lazy\" width=\"694\" height=\"488\" class=\"wp-image-39532 aligncenter\" src=\"http:\/\/cmm.imgw.pl\/wp-content\/uploads\/2023\/12\/obraz-zawierajacy-tekst-mapa-zrzut-ekranu-opis-3.png\" alt=\"Obraz zawieraj\u0105cy tekst, mapa, zrzut ekranu\n\nOpis wygenerowany automatycznie\" srcset=\"https:\/\/cmm.imgw.pl\/wp-content\/uploads\/2023\/12\/obraz-zawierajacy-tekst-mapa-zrzut-ekranu-opis-3.png 694w, https:\/\/cmm.imgw.pl\/wp-content\/uploads\/2023\/12\/obraz-zawierajacy-tekst-mapa-zrzut-ekranu-opis-3-300x211.png 300w\" sizes=\"(max-width: 694px) 100vw, 694px\" \/> <img loading=\"lazy\" width=\"692\" height=\"485\" class=\"wp-image-39533 aligncenter\" src=\"http:\/\/cmm.imgw.pl\/wp-content\/uploads\/2023\/12\/obraz-zawierajacy-mapa-tekst-zrzut-ekranu-opis.png\" alt=\"Obraz zawieraj\u0105cy mapa, tekst, zrzut ekranu\n\nOpis wygenerowany automatycznie\" srcset=\"https:\/\/cmm.imgw.pl\/wp-content\/uploads\/2023\/12\/obraz-zawierajacy-mapa-tekst-zrzut-ekranu-opis.png 692w, https:\/\/cmm.imgw.pl\/wp-content\/uploads\/2023\/12\/obraz-zawierajacy-mapa-tekst-zrzut-ekranu-opis-300x210.png 300w\" sizes=\"(max-width: 692px) 100vw, 692px\" \/> <img loading=\"lazy\" width=\"696\" height=\"487\" class=\"wp-image-39534 aligncenter\" src=\"http:\/\/cmm.imgw.pl\/wp-content\/uploads\/2023\/12\/obraz-zawierajacy-mapa-tekst-zrzut-ekranu-opis-1.png\" alt=\"Obraz zawieraj\u0105cy mapa, tekst, zrzut ekranu\n\nOpis wygenerowany automatycznie\" srcset=\"https:\/\/cmm.imgw.pl\/wp-content\/uploads\/2023\/12\/obraz-zawierajacy-mapa-tekst-zrzut-ekranu-opis-1.png 696w, https:\/\/cmm.imgw.pl\/wp-content\/uploads\/2023\/12\/obraz-zawierajacy-mapa-tekst-zrzut-ekranu-opis-1-300x210.png 300w\" sizes=\"(max-width: 696px) 100vw, 696px\" \/><\/p>\n<p><img loading=\"lazy\" width=\"697\" height=\"487\" class=\"wp-image-39535 aligncenter\" src=\"http:\/\/cmm.imgw.pl\/wp-content\/uploads\/2023\/12\/obraz-zawierajacy-wielobarwnosc-sztuka-psychodeli.png\" alt=\"Obraz zawieraj\u0105cy Wielobarwno\u015b\u0107, Sztuka psychodeliczna, sztuka, Sztuka fraktalna\n\nOpis wygenerowany automatycznie\" srcset=\"https:\/\/cmm.imgw.pl\/wp-content\/uploads\/2023\/12\/obraz-zawierajacy-wielobarwnosc-sztuka-psychodeli.png 697w, https:\/\/cmm.imgw.pl\/wp-content\/uploads\/2023\/12\/obraz-zawierajacy-wielobarwnosc-sztuka-psychodeli-300x210.png 300w\" sizes=\"(max-width: 697px) 100vw, 697px\" \/> <img loading=\"lazy\" width=\"696\" height=\"484\" class=\"wp-image-39536 aligncenter\" src=\"http:\/\/cmm.imgw.pl\/wp-content\/uploads\/2023\/12\/obraz-zawierajacy-wielobarwnosc-tekst-sztuka-psy.png\" alt=\"Obraz zawieraj\u0105cy Wielobarwno\u015b\u0107, tekst, Sztuka psychodeliczna, Grafika\n\nOpis wygenerowany automatycznie\" srcset=\"https:\/\/cmm.imgw.pl\/wp-content\/uploads\/2023\/12\/obraz-zawierajacy-wielobarwnosc-tekst-sztuka-psy.png 696w, https:\/\/cmm.imgw.pl\/wp-content\/uploads\/2023\/12\/obraz-zawierajacy-wielobarwnosc-tekst-sztuka-psy-300x209.png 300w\" sizes=\"(max-width: 696px) 100vw, 696px\" \/> <img loading=\"lazy\" width=\"695\" height=\"485\" class=\"wp-image-39537 aligncenter\" src=\"http:\/\/cmm.imgw.pl\/wp-content\/uploads\/2023\/12\/obraz-zawierajacy-wielobarwnosc-sztuka-psychodeli-1.png\" alt=\"Obraz zawieraj\u0105cy Wielobarwno\u015b\u0107, Sztuka psychodeliczna, Sztuka fraktalna, sztuka\n\nOpis wygenerowany automatycznie\" srcset=\"https:\/\/cmm.imgw.pl\/wp-content\/uploads\/2023\/12\/obraz-zawierajacy-wielobarwnosc-sztuka-psychodeli-1.png 695w, https:\/\/cmm.imgw.pl\/wp-content\/uploads\/2023\/12\/obraz-zawierajacy-wielobarwnosc-sztuka-psychodeli-1-300x209.png 300w\" sizes=\"(max-width: 695px) 100vw, 695px\" \/><\/p>\n<p>Z analizy map topografii barycznej bezwzgl\u0119dnej TB wynika, \u017ce o\u015brodek ni\u017cowy b\u0119dzie wysokim uk\u0142adem barycznym szybko si\u0119 wype\u0142niaj\u0105cym r\u00f3wnie\u017c na wy\u017cszych poziomach w troposferze.<\/p>\n<p><img loading=\"lazy\" width=\"600\" height=\"640\" class=\"wp-image-39538 aligncenter\" src=\"http:\/\/cmm.imgw.pl\/wp-content\/uploads\/2023\/12\/word-image-39523-15.png\" srcset=\"https:\/\/cmm.imgw.pl\/wp-content\/uploads\/2023\/12\/word-image-39523-15.png 600w, https:\/\/cmm.imgw.pl\/wp-content\/uploads\/2023\/12\/word-image-39523-15-281x300.png 281w\" sizes=\"(max-width: 600px) 100vw, 600px\" \/> <img loading=\"lazy\" width=\"600\" height=\"640\" class=\"wp-image-39539 aligncenter\" src=\"http:\/\/cmm.imgw.pl\/wp-content\/uploads\/2023\/12\/word-image-39523-16.png\" srcset=\"https:\/\/cmm.imgw.pl\/wp-content\/uploads\/2023\/12\/word-image-39523-16.png 600w, https:\/\/cmm.imgw.pl\/wp-content\/uploads\/2023\/12\/word-image-39523-16-281x300.png 281w\" sizes=\"(max-width: 600px) 100vw, 600px\" \/> <img loading=\"lazy\" width=\"600\" height=\"640\" class=\"wp-image-39540 aligncenter\" src=\"http:\/\/cmm.imgw.pl\/wp-content\/uploads\/2023\/12\/word-image-39523-17.png\" srcset=\"https:\/\/cmm.imgw.pl\/wp-content\/uploads\/2023\/12\/word-image-39523-17.png 600w, https:\/\/cmm.imgw.pl\/wp-content\/uploads\/2023\/12\/word-image-39523-17-281x300.png 281w\" sizes=\"(max-width: 600px) 100vw, 600px\" \/> <img loading=\"lazy\" width=\"600\" height=\"640\" class=\"wp-image-39541 aligncenter\" src=\"http:\/\/cmm.imgw.pl\/wp-content\/uploads\/2023\/12\/word-image-39523-18.png\" srcset=\"https:\/\/cmm.imgw.pl\/wp-content\/uploads\/2023\/12\/word-image-39523-18.png 600w, https:\/\/cmm.imgw.pl\/wp-content\/uploads\/2023\/12\/word-image-39523-18-281x300.png 281w\" sizes=\"(max-width: 600px) 100vw, 600px\" \/><\/p>\n<p>W g\u00f3rnej troposferze nale\u017cy spodziewa\u0107 si\u0119 zwi\u0119kszonej pr\u0119dko\u015bci wiatru. Strefa zwi\u0119kszonej pr\u0119dko\u015bci wiatru nasunie si\u0119 nad Polsk\u0119 ju\u017c w niedziel\u0119 wiecz\u00f3r i przemieszcza\u0107 si\u0119 b\u0119dzie na wsch\u00f3d. Prawdopodobnie nad Polsk\u0105 przemieszcza\u0107 si\u0119 b\u0119dzie pr\u0105d strumieniowy.<\/p>\n<p><strong>Prognostyczna sytuacja synoptyczna na 1 I 2024 roku<\/strong><\/p>\n<p><img loading=\"lazy\" width=\"1075\" height=\"764\" class=\"wp-image-39542 aligncenter\" src=\"http:\/\/cmm.imgw.pl\/wp-content\/uploads\/2023\/12\/obraz-zawierajacy-mapa-tekst-diagram-opis-wygen-11.gif\" alt=\"Obraz zawieraj\u0105cy mapa, tekst, diagram\n\nOpis wygenerowany automatycznie\" \/> <img loading=\"lazy\" width=\"1071\" height=\"759\" class=\"wp-image-39543 aligncenter\" src=\"http:\/\/cmm.imgw.pl\/wp-content\/uploads\/2023\/12\/obraz-zawierajacy-tekst-mapa-diagram-czcionka-7.gif\" alt=\"Obraz zawieraj\u0105cy tekst, mapa, diagram, Czcionka\n\nOpis wygenerowany automatycznie\" \/><\/p>\n<p>W pierwszy dzie\u0144 stycznia pogod\u0119 w Polsce kszta\u0142towa\u0107 b\u0119dzie pofalowany front okluzji. Front przebiega\u0107 b\u0119dzie z p\u00f3\u0142nocnego zachodu w kierunku po\u0142udniowo wschodnim.<\/p>\n<p><img loading=\"lazy\" width=\"943\" height=\"746\" class=\"wp-image-39544 aligncenter\" src=\"http:\/\/cmm.imgw.pl\/wp-content\/uploads\/2023\/12\/obraz-zawierajacy-tekst-mapa-diagram-numer-opi-8.jpeg\" alt=\"Obraz zawieraj\u0105cy tekst, mapa, diagram, numer\n\nOpis wygenerowany automatycznie\" srcset=\"https:\/\/cmm.imgw.pl\/wp-content\/uploads\/2023\/12\/obraz-zawierajacy-tekst-mapa-diagram-numer-opi-8.jpeg 943w, https:\/\/cmm.imgw.pl\/wp-content\/uploads\/2023\/12\/obraz-zawierajacy-tekst-mapa-diagram-numer-opi-8-300x237.jpeg 300w, https:\/\/cmm.imgw.pl\/wp-content\/uploads\/2023\/12\/obraz-zawierajacy-tekst-mapa-diagram-numer-opi-8-768x608.jpeg 768w\" sizes=\"(max-width: 943px) 100vw, 943px\" \/> <img loading=\"lazy\" width=\"949\" height=\"751\" class=\"wp-image-39545 aligncenter\" src=\"http:\/\/cmm.imgw.pl\/wp-content\/uploads\/2023\/12\/obraz-zawierajacy-tekst-mapa-numer-diagram-opi-1.jpeg\" alt=\"Obraz zawieraj\u0105cy tekst, mapa, numer, diagram\n\nOpis wygenerowany automatycznie\" srcset=\"https:\/\/cmm.imgw.pl\/wp-content\/uploads\/2023\/12\/obraz-zawierajacy-tekst-mapa-numer-diagram-opi-1.jpeg 949w, https:\/\/cmm.imgw.pl\/wp-content\/uploads\/2023\/12\/obraz-zawierajacy-tekst-mapa-numer-diagram-opi-1-300x237.jpeg 300w, https:\/\/cmm.imgw.pl\/wp-content\/uploads\/2023\/12\/obraz-zawierajacy-tekst-mapa-numer-diagram-opi-1-768x608.jpeg 768w\" sizes=\"(max-width: 949px) 100vw, 949px\" \/> <img loading=\"lazy\" width=\"933\" height=\"738\" class=\"wp-image-39546 aligncenter\" src=\"http:\/\/cmm.imgw.pl\/wp-content\/uploads\/2023\/12\/obraz-zawierajacy-tekst-numer-diagram-woda-opi.jpeg\" alt=\"Obraz zawieraj\u0105cy tekst, numer, diagram, woda\n\nOpis wygenerowany automatycznie\" srcset=\"https:\/\/cmm.imgw.pl\/wp-content\/uploads\/2023\/12\/obraz-zawierajacy-tekst-numer-diagram-woda-opi.jpeg 933w, https:\/\/cmm.imgw.pl\/wp-content\/uploads\/2023\/12\/obraz-zawierajacy-tekst-numer-diagram-woda-opi-300x237.jpeg 300w, https:\/\/cmm.imgw.pl\/wp-content\/uploads\/2023\/12\/obraz-zawierajacy-tekst-numer-diagram-woda-opi-768x607.jpeg 768w\" sizes=\"(max-width: 933px) 100vw, 933px\" \/><\/p>\n<p>W niedziel\u0119 Polsk\u0105 b\u0119dzie na skraju klina ciep\u0142a. O\u015b klina ciep\u0142a b\u0119dzie przemieszcza\u0142a si\u0119 na wsch\u00f3d. Nad Polsk\u0105 wyst\u0119powa\u0107 b\u0119dzie ujemny k\u0105t adwekcji wskazuj\u0105cy na adwekcj\u0119 ciep\u0142a. W noc sylwestrow\u0105 nad Polsk\u0105 b\u0119dzie przemieszcza\u0142a si\u0119 o\u015b klina ciep\u0142a. W poniedzia\u0142ek Polska b\u0119dzie na zachodnim skraju klina ciep\u0142a, a jego o\u015b powinna by\u0107 ju\u017c za wschodni\u0105 granic\u0105 kraju. Od zachodu wyst\u0119powa\u0107 b\u0119dzie adwekcja ch\u0142odu.<\/p>\n<p><img loading=\"lazy\" width=\"1385\" height=\"1304\" class=\"wp-image-39547 aligncenter\" src=\"http:\/\/cmm.imgw.pl\/wp-content\/uploads\/2023\/12\/word-image-39523-24.jpeg\" srcset=\"https:\/\/cmm.imgw.pl\/wp-content\/uploads\/2023\/12\/word-image-39523-24.jpeg 1385w, https:\/\/cmm.imgw.pl\/wp-content\/uploads\/2023\/12\/word-image-39523-24-300x282.jpeg 300w, https:\/\/cmm.imgw.pl\/wp-content\/uploads\/2023\/12\/word-image-39523-24-1024x964.jpeg 1024w, https:\/\/cmm.imgw.pl\/wp-content\/uploads\/2023\/12\/word-image-39523-24-768x723.jpeg 768w\" sizes=\"(max-width: 1385px) 100vw, 1385px\" \/><\/p>\n<p>Temperatura w ci\u0105gu dnia (31 XII 2023 roku) od 0 st. C w Olsztynie, Kielcach i -1 st. C w Lublinie do 3 st. C w Poznaniu, \u0141odzi i Gorzowie Wielkopolskim.<\/p>\n<p><img loading=\"lazy\" width=\"1385\" height=\"1304\" class=\"wp-image-39548 aligncenter\" src=\"http:\/\/cmm.imgw.pl\/wp-content\/uploads\/2023\/12\/word-image-39523-25.jpeg\" srcset=\"https:\/\/cmm.imgw.pl\/wp-content\/uploads\/2023\/12\/word-image-39523-25.jpeg 1385w, https:\/\/cmm.imgw.pl\/wp-content\/uploads\/2023\/12\/word-image-39523-25-300x282.jpeg 300w, https:\/\/cmm.imgw.pl\/wp-content\/uploads\/2023\/12\/word-image-39523-25-1024x964.jpeg 1024w, https:\/\/cmm.imgw.pl\/wp-content\/uploads\/2023\/12\/word-image-39523-25-768x723.jpeg 768w\" sizes=\"(max-width: 1385px) 100vw, 1385px\" \/><\/p>\n<p>W nocy (31 XII\/1 I 2024 roku) od 0 st. C w Suwa\u0142kach do 4 st. C w \u0141odzi i na po\u0142udniu kraju.<\/p>\n<p><img loading=\"lazy\" width=\"1385\" height=\"1304\" class=\"wp-image-39549 aligncenter\" src=\"http:\/\/cmm.imgw.pl\/wp-content\/uploads\/2023\/12\/word-image-39523-26.jpeg\" srcset=\"https:\/\/cmm.imgw.pl\/wp-content\/uploads\/2023\/12\/word-image-39523-26.jpeg 1385w, https:\/\/cmm.imgw.pl\/wp-content\/uploads\/2023\/12\/word-image-39523-26-300x282.jpeg 300w, https:\/\/cmm.imgw.pl\/wp-content\/uploads\/2023\/12\/word-image-39523-26-1024x964.jpeg 1024w, https:\/\/cmm.imgw.pl\/wp-content\/uploads\/2023\/12\/word-image-39523-26-768x723.jpeg 768w\" sizes=\"(max-width: 1385px) 100vw, 1385px\" \/><\/p>\n<p>W rzeczywisto\u015bci, ze wzgl\u0119du na zwi\u0119kszon\u0105 pr\u0119dko\u015b\u0107 wiatru, temperatura odczuwalna b\u0119dzie ni\u017csza i wyniesie od 1 st. C w Krakowie do -5 st. C w Suwa\u0142kach.<\/p>\n<p><img loading=\"lazy\" width=\"1385\" height=\"1304\" class=\"wp-image-39550 aligncenter\" src=\"http:\/\/cmm.imgw.pl\/wp-content\/uploads\/2023\/12\/word-image-39523-27.jpeg\" srcset=\"https:\/\/cmm.imgw.pl\/wp-content\/uploads\/2023\/12\/word-image-39523-27.jpeg 1385w, https:\/\/cmm.imgw.pl\/wp-content\/uploads\/2023\/12\/word-image-39523-27-300x282.jpeg 300w, https:\/\/cmm.imgw.pl\/wp-content\/uploads\/2023\/12\/word-image-39523-27-1024x964.jpeg 1024w, https:\/\/cmm.imgw.pl\/wp-content\/uploads\/2023\/12\/word-image-39523-27-768x723.jpeg 768w\" sizes=\"(max-width: 1385px) 100vw, 1385px\" \/><\/p>\n<p>W poniedzia\u0142ek (1 I 2024 roku) w ci\u0105gu dnia temperatura od 0 st. C w Suwa\u0142kach i w Zakopanem do 6 st. C we Wroc\u0142awiu.<\/p>\n<p><img loading=\"lazy\" width=\"670\" height=\"631\" class=\"wp-image-39551 aligncenter\" src=\"http:\/\/cmm.imgw.pl\/wp-content\/uploads\/2023\/12\/word-image-39523-28.jpeg\" srcset=\"https:\/\/cmm.imgw.pl\/wp-content\/uploads\/2023\/12\/word-image-39523-28.jpeg 670w, https:\/\/cmm.imgw.pl\/wp-content\/uploads\/2023\/12\/word-image-39523-28-300x283.jpeg 300w\" sizes=\"(max-width: 670px) 100vw, 670px\" \/> <img loading=\"lazy\" width=\"669\" height=\"629\" class=\"wp-image-39552 aligncenter\" src=\"http:\/\/cmm.imgw.pl\/wp-content\/uploads\/2023\/12\/word-image-39523-29.jpeg\" srcset=\"https:\/\/cmm.imgw.pl\/wp-content\/uploads\/2023\/12\/word-image-39523-29.jpeg 669w, https:\/\/cmm.imgw.pl\/wp-content\/uploads\/2023\/12\/word-image-39523-29-300x282.jpeg 300w\" sizes=\"(max-width: 669px) 100vw, 669px\" \/><\/p>\n<p>W niedziel\u0119 wiatr po\u0142udniowo wschodni i po\u0142udniowy w po\u0142udnmiowo wschodniej, po\u0142udniowej i po\u0142udniowo zachodniej cz\u0119\u015bci kraju o \u015bredniej pr\u0119dko\u015bci 7-27 km\/h. W porywach wiatr b\u0119dzie osi\u0105ga\u0142 pr\u0119dko\u015b\u0107 od 10 do 40 km\/h i 50-70 km\/h na po\u0142udniu kraju.<\/p>\n<p><img loading=\"lazy\" width=\"682\" height=\"642\" class=\"wp-image-39553 aligncenter\" src=\"http:\/\/cmm.imgw.pl\/wp-content\/uploads\/2023\/12\/word-image-39523-30.jpeg\" srcset=\"https:\/\/cmm.imgw.pl\/wp-content\/uploads\/2023\/12\/word-image-39523-30.jpeg 682w, https:\/\/cmm.imgw.pl\/wp-content\/uploads\/2023\/12\/word-image-39523-30-300x282.jpeg 300w\" sizes=\"(max-width: 682px) 100vw, 682px\" \/> <img loading=\"lazy\" width=\"682\" height=\"642\" class=\"wp-image-39554 aligncenter\" src=\"http:\/\/cmm.imgw.pl\/wp-content\/uploads\/2023\/12\/word-image-39523-31.jpeg\" srcset=\"https:\/\/cmm.imgw.pl\/wp-content\/uploads\/2023\/12\/word-image-39523-31.jpeg 682w, https:\/\/cmm.imgw.pl\/wp-content\/uploads\/2023\/12\/word-image-39523-31-300x282.jpeg 300w\" sizes=\"(max-width: 682px) 100vw, 682px\" \/><\/p>\n<p>W noc sylwestrow\u0105 wiatr po\u0142udniowy i po\u0142udniowo zachodni na zachodzie kraju. W p\u00f3\u0142nocno wschodniej Polsce wiatr wschodni. W p\u00f3\u0142nocno zachodniej cz\u0119\u015bci kraju wiatr po\u0142udniowy i po\u0142udniowo zachodni. W centrum powieje z kierunku po\u0142udniowo zachodniego. Na po\u0142udniu kraju po\u0142udniowy, po\u0142udniowo zachodni i lokalnie zmienny. Pr\u0119dko\u015b\u0107 wiatru 6-23 km\/h. W porywach pr\u0119dko\u015b\u0107 wiatru osi\u0105gnie warto\u015b\u0107 20-40 km\/h oraz 50 -60 km\/h w po\u0142udniowo wschodniej cz\u0119\u015bci kraju.<\/p>\n<p><img loading=\"lazy\" width=\"688\" height=\"647\" class=\"wp-image-39555 aligncenter\" src=\"http:\/\/cmm.imgw.pl\/wp-content\/uploads\/2023\/12\/word-image-39523-32.jpeg\" srcset=\"https:\/\/cmm.imgw.pl\/wp-content\/uploads\/2023\/12\/word-image-39523-32.jpeg 688w, https:\/\/cmm.imgw.pl\/wp-content\/uploads\/2023\/12\/word-image-39523-32-300x282.jpeg 300w\" sizes=\"(max-width: 688px) 100vw, 688px\" \/> <img loading=\"lazy\" width=\"681\" height=\"641\" class=\"wp-image-39556 aligncenter\" src=\"http:\/\/cmm.imgw.pl\/wp-content\/uploads\/2023\/12\/word-image-39523-33.jpeg\" srcset=\"https:\/\/cmm.imgw.pl\/wp-content\/uploads\/2023\/12\/word-image-39523-33.jpeg 681w, https:\/\/cmm.imgw.pl\/wp-content\/uploads\/2023\/12\/word-image-39523-33-300x282.jpeg 300w\" sizes=\"(max-width: 681px) 100vw, 681px\" \/><\/p>\n<p>W poniedzia\u0142ek wiatr przewa\u017cnie po\u0142udniowo zachodni oraz po\u0142udniowy w p\u00f3\u0142nocno zachodniej cz\u0119\u015bci kraju. \u015arednia pr\u0119dko\u015b\u0107 wiatru osi\u0105ga\u0107 b\u0119dzie warto\u015b\u0107 3-22 km\/h. W porywach pr\u0119dko\u015b\u0107 wiatru osi\u0105gnie warto\u015b\u0107 30-60 km\/h w po\u0142udniowo zachodniej i po\u0142udniowej Polsce.<\/p>\n<p><img loading=\"lazy\" width=\"646\" height=\"607\" class=\"wp-image-39557 aligncenter\" src=\"http:\/\/cmm.imgw.pl\/wp-content\/uploads\/2023\/12\/word-image-39523-34.jpeg\" srcset=\"https:\/\/cmm.imgw.pl\/wp-content\/uploads\/2023\/12\/word-image-39523-34.jpeg 646w, https:\/\/cmm.imgw.pl\/wp-content\/uploads\/2023\/12\/word-image-39523-34-300x282.jpeg 300w\" sizes=\"(max-width: 646px) 100vw, 646px\" \/> <img loading=\"lazy\" width=\"636\" height=\"599\" class=\"wp-image-39558 aligncenter\" src=\"http:\/\/cmm.imgw.pl\/wp-content\/uploads\/2023\/12\/word-image-39523-35.jpeg\" srcset=\"https:\/\/cmm.imgw.pl\/wp-content\/uploads\/2023\/12\/word-image-39523-35.jpeg 636w, https:\/\/cmm.imgw.pl\/wp-content\/uploads\/2023\/12\/word-image-39523-35-300x283.jpeg 300w\" sizes=\"(max-width: 636px) 100vw, 636px\" \/> <img loading=\"lazy\" width=\"632\" height=\"595\" class=\"wp-image-39559 aligncenter\" src=\"http:\/\/cmm.imgw.pl\/wp-content\/uploads\/2023\/12\/word-image-39523-36.jpeg\" srcset=\"https:\/\/cmm.imgw.pl\/wp-content\/uploads\/2023\/12\/word-image-39523-36.jpeg 632w, https:\/\/cmm.imgw.pl\/wp-content\/uploads\/2023\/12\/word-image-39523-36-300x282.jpeg 300w\" sizes=\"(max-width: 632px) 100vw, 632px\" \/> <img loading=\"lazy\" width=\"649\" height=\"611\" class=\"wp-image-39560 aligncenter\" src=\"http:\/\/cmm.imgw.pl\/wp-content\/uploads\/2023\/12\/word-image-39523-37.jpeg\" srcset=\"https:\/\/cmm.imgw.pl\/wp-content\/uploads\/2023\/12\/word-image-39523-37.jpeg 649w, https:\/\/cmm.imgw.pl\/wp-content\/uploads\/2023\/12\/word-image-39523-37-300x282.jpeg 300w\" sizes=\"(max-width: 649px) 100vw, 649px\" \/> <img loading=\"lazy\" width=\"643\" height=\"605\" class=\"wp-image-39561 aligncenter\" src=\"http:\/\/cmm.imgw.pl\/wp-content\/uploads\/2023\/12\/word-image-39523-38.jpeg\" srcset=\"https:\/\/cmm.imgw.pl\/wp-content\/uploads\/2023\/12\/word-image-39523-38.jpeg 643w, https:\/\/cmm.imgw.pl\/wp-content\/uploads\/2023\/12\/word-image-39523-38-300x282.jpeg 300w\" sizes=\"(max-width: 643px) 100vw, 643px\" \/> <img loading=\"lazy\" width=\"632\" height=\"595\" class=\"wp-image-39562 aligncenter\" src=\"http:\/\/cmm.imgw.pl\/wp-content\/uploads\/2023\/12\/word-image-39523-39.jpeg\" srcset=\"https:\/\/cmm.imgw.pl\/wp-content\/uploads\/2023\/12\/word-image-39523-39.jpeg 632w, https:\/\/cmm.imgw.pl\/wp-content\/uploads\/2023\/12\/word-image-39523-39-300x282.jpeg 300w\" sizes=\"(max-width: 632px) 100vw, 632px\" \/> <img loading=\"lazy\" width=\"636\" height=\"599\" class=\"wp-image-39563 aligncenter\" src=\"http:\/\/cmm.imgw.pl\/wp-content\/uploads\/2023\/12\/word-image-39523-40.jpeg\" srcset=\"https:\/\/cmm.imgw.pl\/wp-content\/uploads\/2023\/12\/word-image-39523-40.jpeg 636w, https:\/\/cmm.imgw.pl\/wp-content\/uploads\/2023\/12\/word-image-39523-40-300x283.jpeg 300w\" sizes=\"(max-width: 636px) 100vw, 636px\" \/> <img loading=\"lazy\" width=\"640\" height=\"603\" class=\"wp-image-39564 aligncenter\" src=\"http:\/\/cmm.imgw.pl\/wp-content\/uploads\/2023\/12\/word-image-39523-41.jpeg\" srcset=\"https:\/\/cmm.imgw.pl\/wp-content\/uploads\/2023\/12\/word-image-39523-41.jpeg 640w, https:\/\/cmm.imgw.pl\/wp-content\/uploads\/2023\/12\/word-image-39523-41-300x283.jpeg 300w\" sizes=\"(max-width: 640px) 100vw, 640px\" \/> <img loading=\"lazy\" width=\"639\" height=\"602\" class=\"wp-image-39565 aligncenter\" src=\"http:\/\/cmm.imgw.pl\/wp-content\/uploads\/2023\/12\/word-image-39523-42.jpeg\" srcset=\"https:\/\/cmm.imgw.pl\/wp-content\/uploads\/2023\/12\/word-image-39523-42.jpeg 639w, https:\/\/cmm.imgw.pl\/wp-content\/uploads\/2023\/12\/word-image-39523-42-300x283.jpeg 300w\" sizes=\"(max-width: 639px) 100vw, 639px\" \/><\/p>\n<p><img loading=\"lazy\" width=\"1384\" height=\"742\" class=\"wp-image-39566 aligncenter\" src=\"http:\/\/cmm.imgw.pl\/wp-content\/uploads\/2023\/12\/obraz-zawierajacy-tekst-mapa-opis-wygenerowany-a-6.png\" alt=\"Obraz zawieraj\u0105cy tekst, mapa\n\nOpis wygenerowany automatycznie\" srcset=\"https:\/\/cmm.imgw.pl\/wp-content\/uploads\/2023\/12\/obraz-zawierajacy-tekst-mapa-opis-wygenerowany-a-6.png 1384w, https:\/\/cmm.imgw.pl\/wp-content\/uploads\/2023\/12\/obraz-zawierajacy-tekst-mapa-opis-wygenerowany-a-6-300x161.png 300w, https:\/\/cmm.imgw.pl\/wp-content\/uploads\/2023\/12\/obraz-zawierajacy-tekst-mapa-opis-wygenerowany-a-6-1024x549.png 1024w, https:\/\/cmm.imgw.pl\/wp-content\/uploads\/2023\/12\/obraz-zawierajacy-tekst-mapa-opis-wygenerowany-a-6-768x412.png 768w\" sizes=\"(max-width: 1384px) 100vw, 1384px\" \/> <img loading=\"lazy\" width=\"1384\" height=\"742\" class=\"wp-image-39567 aligncenter\" src=\"http:\/\/cmm.imgw.pl\/wp-content\/uploads\/2023\/12\/obraz-zawierajacy-tekst-opis-wygenerowany-automat.png\" alt=\"Obraz zawieraj\u0105cy tekst\n\nOpis wygenerowany automatycznie\" srcset=\"https:\/\/cmm.imgw.pl\/wp-content\/uploads\/2023\/12\/obraz-zawierajacy-tekst-opis-wygenerowany-automat.png 1384w, https:\/\/cmm.imgw.pl\/wp-content\/uploads\/2023\/12\/obraz-zawierajacy-tekst-opis-wygenerowany-automat-300x161.png 300w, https:\/\/cmm.imgw.pl\/wp-content\/uploads\/2023\/12\/obraz-zawierajacy-tekst-opis-wygenerowany-automat-1024x549.png 1024w, https:\/\/cmm.imgw.pl\/wp-content\/uploads\/2023\/12\/obraz-zawierajacy-tekst-opis-wygenerowany-automat-768x412.png 768w\" sizes=\"(max-width: 1384px) 100vw, 1384px\" \/> <img loading=\"lazy\" width=\"1384\" height=\"742\" class=\"wp-image-39568 aligncenter\" src=\"http:\/\/cmm.imgw.pl\/wp-content\/uploads\/2023\/12\/obraz-zawierajacy-tekst-diagram-wzor-opis-wygen.png\" alt=\"Obraz zawieraj\u0105cy tekst, diagram, wz\u00f3r\n\nOpis wygenerowany automatycznie\" srcset=\"https:\/\/cmm.imgw.pl\/wp-content\/uploads\/2023\/12\/obraz-zawierajacy-tekst-diagram-wzor-opis-wygen.png 1384w, https:\/\/cmm.imgw.pl\/wp-content\/uploads\/2023\/12\/obraz-zawierajacy-tekst-diagram-wzor-opis-wygen-300x161.png 300w, https:\/\/cmm.imgw.pl\/wp-content\/uploads\/2023\/12\/obraz-zawierajacy-tekst-diagram-wzor-opis-wygen-1024x549.png 1024w, https:\/\/cmm.imgw.pl\/wp-content\/uploads\/2023\/12\/obraz-zawierajacy-tekst-diagram-wzor-opis-wygen-768x412.png 768w\" sizes=\"(max-width: 1384px) 100vw, 1384px\" \/> <img loading=\"lazy\" width=\"1384\" height=\"742\" class=\"wp-image-39569 aligncenter\" src=\"http:\/\/cmm.imgw.pl\/wp-content\/uploads\/2023\/12\/obraz-zawierajacy-tekst-diagram-mapa-opis-wygen-14.png\" alt=\"Obraz zawieraj\u0105cy tekst, diagram, mapa\n\nOpis wygenerowany automatycznie\" srcset=\"https:\/\/cmm.imgw.pl\/wp-content\/uploads\/2023\/12\/obraz-zawierajacy-tekst-diagram-mapa-opis-wygen-14.png 1384w, https:\/\/cmm.imgw.pl\/wp-content\/uploads\/2023\/12\/obraz-zawierajacy-tekst-diagram-mapa-opis-wygen-14-300x161.png 300w, https:\/\/cmm.imgw.pl\/wp-content\/uploads\/2023\/12\/obraz-zawierajacy-tekst-diagram-mapa-opis-wygen-14-1024x549.png 1024w, https:\/\/cmm.imgw.pl\/wp-content\/uploads\/2023\/12\/obraz-zawierajacy-tekst-diagram-mapa-opis-wygen-14-768x412.png 768w\" sizes=\"(max-width: 1384px) 100vw, 1384px\" \/><\/p>\n<p><img loading=\"lazy\" width=\"438\" height=\"438\" class=\"wp-image-39570 aligncenter\" src=\"http:\/\/cmm.imgw.pl\/wp-content\/uploads\/2023\/12\/word-image-39523-47.png\" srcset=\"https:\/\/cmm.imgw.pl\/wp-content\/uploads\/2023\/12\/word-image-39523-47.png 438w, https:\/\/cmm.imgw.pl\/wp-content\/uploads\/2023\/12\/word-image-39523-47-300x300.png 300w, https:\/\/cmm.imgw.pl\/wp-content\/uploads\/2023\/12\/word-image-39523-47-150x150.png 150w\" sizes=\"(max-width: 438px) 100vw, 438px\" \/> <img loading=\"lazy\" width=\"441\" height=\"441\" class=\"wp-image-39571 aligncenter\" src=\"http:\/\/cmm.imgw.pl\/wp-content\/uploads\/2023\/12\/word-image-39523-48.png\" srcset=\"https:\/\/cmm.imgw.pl\/wp-content\/uploads\/2023\/12\/word-image-39523-48.png 441w, https:\/\/cmm.imgw.pl\/wp-content\/uploads\/2023\/12\/word-image-39523-48-300x300.png 300w, https:\/\/cmm.imgw.pl\/wp-content\/uploads\/2023\/12\/word-image-39523-48-150x150.png 150w\" sizes=\"(max-width: 441px) 100vw, 441px\" \/> <img loading=\"lazy\" width=\"444\" height=\"444\" class=\"wp-image-39572 aligncenter\" src=\"http:\/\/cmm.imgw.pl\/wp-content\/uploads\/2023\/12\/word-image-39523-49.png\" srcset=\"https:\/\/cmm.imgw.pl\/wp-content\/uploads\/2023\/12\/word-image-39523-49.png 444w, https:\/\/cmm.imgw.pl\/wp-content\/uploads\/2023\/12\/word-image-39523-49-300x300.png 300w, https:\/\/cmm.imgw.pl\/wp-content\/uploads\/2023\/12\/word-image-39523-49-150x150.png 150w\" sizes=\"(max-width: 444px) 100vw, 444px\" \/> <img loading=\"lazy\" width=\"444\" height=\"444\" class=\"wp-image-39573 aligncenter\" src=\"http:\/\/cmm.imgw.pl\/wp-content\/uploads\/2023\/12\/word-image-39523-50.png\" srcset=\"https:\/\/cmm.imgw.pl\/wp-content\/uploads\/2023\/12\/word-image-39523-50.png 444w, https:\/\/cmm.imgw.pl\/wp-content\/uploads\/2023\/12\/word-image-39523-50-300x300.png 300w, https:\/\/cmm.imgw.pl\/wp-content\/uploads\/2023\/12\/word-image-39523-50-150x150.png 150w\" sizes=\"(max-width: 444px) 100vw, 444px\" \/> <img loading=\"lazy\" width=\"443\" height=\"443\" class=\"wp-image-39574 aligncenter\" src=\"http:\/\/cmm.imgw.pl\/wp-content\/uploads\/2023\/12\/word-image-39523-51.png\" srcset=\"https:\/\/cmm.imgw.pl\/wp-content\/uploads\/2023\/12\/word-image-39523-51.png 443w, https:\/\/cmm.imgw.pl\/wp-content\/uploads\/2023\/12\/word-image-39523-51-300x300.png 300w, https:\/\/cmm.imgw.pl\/wp-content\/uploads\/2023\/12\/word-image-39523-51-150x150.png 150w\" sizes=\"(max-width: 443px) 100vw, 443px\" \/> <img loading=\"lazy\" width=\"445\" height=\"445\" class=\"wp-image-39575 aligncenter\" src=\"http:\/\/cmm.imgw.pl\/wp-content\/uploads\/2023\/12\/word-image-39523-52.png\" srcset=\"https:\/\/cmm.imgw.pl\/wp-content\/uploads\/2023\/12\/word-image-39523-52.png 445w, https:\/\/cmm.imgw.pl\/wp-content\/uploads\/2023\/12\/word-image-39523-52-300x300.png 300w, https:\/\/cmm.imgw.pl\/wp-content\/uploads\/2023\/12\/word-image-39523-52-150x150.png 150w\" sizes=\"(max-width: 445px) 100vw, 445px\" \/><\/p>\n<p><img loading=\"lazy\" width=\"440\" height=\"440\" class=\"wp-image-39576 aligncenter\" src=\"http:\/\/cmm.imgw.pl\/wp-content\/uploads\/2023\/12\/word-image-39523-53.png\" srcset=\"https:\/\/cmm.imgw.pl\/wp-content\/uploads\/2023\/12\/word-image-39523-53.png 440w, https:\/\/cmm.imgw.pl\/wp-content\/uploads\/2023\/12\/word-image-39523-53-300x300.png 300w, https:\/\/cmm.imgw.pl\/wp-content\/uploads\/2023\/12\/word-image-39523-53-150x150.png 150w\" sizes=\"(max-width: 440px) 100vw, 440px\" \/> <img loading=\"lazy\" width=\"141\" height=\"225\" class=\"wp-image-39577 aligncenter\" src=\"http:\/\/cmm.imgw.pl\/wp-content\/uploads\/2023\/12\/obraz-zawierajacy-tekst-zrzut-ekranu-czcionka-o-1.png\" alt=\"Obraz zawieraj\u0105cy tekst, zrzut ekranu, Czcionka\n\nOpis wygenerowany automatycznie\" \/><\/p>\n<p>W niedziel\u0119 jak w poniedzia\u0142ek nale\u017cy spodziewa\u0107 si\u0119 opad\u00f3w, kt\u00f3re b\u0119d\u0105 zwi\u0105zane z przemieszczaj\u0105c\u0105 si\u0119 powierzchni\u0105 frontow\u0105. Dominowa\u0107 b\u0119dzie faza ciek\u0142a, czyli deszcz. Niewykluczone lokalnie opady deszczu ze \u015bniegiem.<\/p>\n<p><img loading=\"lazy\" width=\"995\" height=\"759\" class=\"wp-image-39578 aligncenter\" src=\"http:\/\/cmm.imgw.pl\/wp-content\/uploads\/2023\/12\/obraz-zawierajacy-tekst-mapa-opis-wygenerowany-a-7.png\" alt=\"Obraz zawieraj\u0105cy tekst, mapa\n\nOpis wygenerowany automatycznie\" srcset=\"https:\/\/cmm.imgw.pl\/wp-content\/uploads\/2023\/12\/obraz-zawierajacy-tekst-mapa-opis-wygenerowany-a-7.png 995w, https:\/\/cmm.imgw.pl\/wp-content\/uploads\/2023\/12\/obraz-zawierajacy-tekst-mapa-opis-wygenerowany-a-7-300x229.png 300w, https:\/\/cmm.imgw.pl\/wp-content\/uploads\/2023\/12\/obraz-zawierajacy-tekst-mapa-opis-wygenerowany-a-7-768x586.png 768w\" sizes=\"(max-width: 995px) 100vw, 995px\" \/> <img loading=\"lazy\" width=\"995\" height=\"756\" class=\"wp-image-39579 aligncenter\" src=\"http:\/\/cmm.imgw.pl\/wp-content\/uploads\/2023\/12\/obraz-zawierajacy-tekst-mapa-opis-wygenerowany-a-8.png\" alt=\"Obraz zawieraj\u0105cy tekst, mapa\n\nOpis wygenerowany automatycznie\" srcset=\"https:\/\/cmm.imgw.pl\/wp-content\/uploads\/2023\/12\/obraz-zawierajacy-tekst-mapa-opis-wygenerowany-a-8.png 995w, https:\/\/cmm.imgw.pl\/wp-content\/uploads\/2023\/12\/obraz-zawierajacy-tekst-mapa-opis-wygenerowany-a-8-300x228.png 300w, https:\/\/cmm.imgw.pl\/wp-content\/uploads\/2023\/12\/obraz-zawierajacy-tekst-mapa-opis-wygenerowany-a-8-768x584.png 768w\" sizes=\"(max-width: 995px) 100vw, 995px\" \/> <img loading=\"lazy\" width=\"996\" height=\"776\" class=\"wp-image-39580 aligncenter\" src=\"http:\/\/cmm.imgw.pl\/wp-content\/uploads\/2023\/12\/obraz-zawierajacy-tekst-mapa-opis-wygenerowany-a-9.png\" alt=\"Obraz zawieraj\u0105cy tekst, mapa\n\nOpis wygenerowany automatycznie\" srcset=\"https:\/\/cmm.imgw.pl\/wp-content\/uploads\/2023\/12\/obraz-zawierajacy-tekst-mapa-opis-wygenerowany-a-9.png 996w, https:\/\/cmm.imgw.pl\/wp-content\/uploads\/2023\/12\/obraz-zawierajacy-tekst-mapa-opis-wygenerowany-a-9-300x234.png 300w, https:\/\/cmm.imgw.pl\/wp-content\/uploads\/2023\/12\/obraz-zawierajacy-tekst-mapa-opis-wygenerowany-a-9-768x598.png 768w\" sizes=\"(max-width: 996px) 100vw, 996px\" \/><\/p>\n<p>Zachmurzenie og\u00f3lne du\u017ce i ca\u0142kowite.<\/p>\n<p><img loading=\"lazy\" width=\"997\" height=\"755\" class=\"wp-image-39581 aligncenter\" src=\"http:\/\/cmm.imgw.pl\/wp-content\/uploads\/2023\/12\/obraz-zawierajacy-tekst-mapa-opis-wygenerowany-a-10.png\" alt=\"Obraz zawieraj\u0105cy tekst, mapa\n\nOpis wygenerowany automatycznie\" srcset=\"https:\/\/cmm.imgw.pl\/wp-content\/uploads\/2023\/12\/obraz-zawierajacy-tekst-mapa-opis-wygenerowany-a-10.png 997w, https:\/\/cmm.imgw.pl\/wp-content\/uploads\/2023\/12\/obraz-zawierajacy-tekst-mapa-opis-wygenerowany-a-10-300x227.png 300w, https:\/\/cmm.imgw.pl\/wp-content\/uploads\/2023\/12\/obraz-zawierajacy-tekst-mapa-opis-wygenerowany-a-10-768x582.png 768w\" sizes=\"(max-width: 997px) 100vw, 997px\" \/> <img loading=\"lazy\" width=\"995\" height=\"757\" class=\"wp-image-39582 aligncenter\" src=\"http:\/\/cmm.imgw.pl\/wp-content\/uploads\/2023\/12\/obraz-zawierajacy-tekst-mapa-opis-wygenerowany-a-11.png\" alt=\"Obraz zawieraj\u0105cy tekst, mapa\n\nOpis wygenerowany automatycznie\" srcset=\"https:\/\/cmm.imgw.pl\/wp-content\/uploads\/2023\/12\/obraz-zawierajacy-tekst-mapa-opis-wygenerowany-a-11.png 995w, https:\/\/cmm.imgw.pl\/wp-content\/uploads\/2023\/12\/obraz-zawierajacy-tekst-mapa-opis-wygenerowany-a-11-300x228.png 300w, https:\/\/cmm.imgw.pl\/wp-content\/uploads\/2023\/12\/obraz-zawierajacy-tekst-mapa-opis-wygenerowany-a-11-768x584.png 768w\" sizes=\"(max-width: 995px) 100vw, 995px\" \/> <img loading=\"lazy\" width=\"993\" height=\"753\" class=\"wp-image-39583 aligncenter\" src=\"http:\/\/cmm.imgw.pl\/wp-content\/uploads\/2023\/12\/obraz-zawierajacy-tekst-mapa-opis-wygenerowany-a-12.png\" alt=\"Obraz zawieraj\u0105cy tekst, mapa\n\nOpis wygenerowany automatycznie\" srcset=\"https:\/\/cmm.imgw.pl\/wp-content\/uploads\/2023\/12\/obraz-zawierajacy-tekst-mapa-opis-wygenerowany-a-12.png 993w, https:\/\/cmm.imgw.pl\/wp-content\/uploads\/2023\/12\/obraz-zawierajacy-tekst-mapa-opis-wygenerowany-a-12-300x227.png 300w, https:\/\/cmm.imgw.pl\/wp-content\/uploads\/2023\/12\/obraz-zawierajacy-tekst-mapa-opis-wygenerowany-a-12-768x582.png 768w\" sizes=\"(max-width: 993px) 100vw, 993px\" \/><\/p>\n<p>Pocz\u0105tkowo w niedziele mo\u017cliwe przeja\u015bnienia i lokalnie brak chmur pi\u0119tra niskiego. Nast\u0119pnie wzrost zachmurzenie do du\u017cego i ca\u0142kowitego. Na niebie Stratus fractus, Stratocumulus. Mo\u017cliwe tak\u017ce chmury Cumulus oraz lokalnie wbudowane pojedyncze chmury Cumulonimbus (ale niezbyt wypi\u0119trzone)\/Cumulus congestus.<\/p>\n<p><img loading=\"lazy\" width=\"997\" height=\"750\" class=\"wp-image-39584 aligncenter\" src=\"http:\/\/cmm.imgw.pl\/wp-content\/uploads\/2023\/12\/obraz-zawierajacy-tekst-mapa-sztuka-opis-wygene.png\" alt=\"Obraz zawieraj\u0105cy tekst, mapa, sztuka\n\nOpis wygenerowany automatycznie\" srcset=\"https:\/\/cmm.imgw.pl\/wp-content\/uploads\/2023\/12\/obraz-zawierajacy-tekst-mapa-sztuka-opis-wygene.png 997w, https:\/\/cmm.imgw.pl\/wp-content\/uploads\/2023\/12\/obraz-zawierajacy-tekst-mapa-sztuka-opis-wygene-300x226.png 300w, https:\/\/cmm.imgw.pl\/wp-content\/uploads\/2023\/12\/obraz-zawierajacy-tekst-mapa-sztuka-opis-wygene-768x578.png 768w\" sizes=\"(max-width: 997px) 100vw, 997px\" \/> <img loading=\"lazy\" width=\"996\" height=\"752\" class=\"wp-image-39585 aligncenter\" src=\"http:\/\/cmm.imgw.pl\/wp-content\/uploads\/2023\/12\/obraz-zawierajacy-tekst-ilustracja-mapa-opis-wy.png\" alt=\"Obraz zawieraj\u0105cy tekst, ilustracja, mapa\n\nOpis wygenerowany automatycznie\" srcset=\"https:\/\/cmm.imgw.pl\/wp-content\/uploads\/2023\/12\/obraz-zawierajacy-tekst-ilustracja-mapa-opis-wy.png 996w, https:\/\/cmm.imgw.pl\/wp-content\/uploads\/2023\/12\/obraz-zawierajacy-tekst-ilustracja-mapa-opis-wy-300x227.png 300w, https:\/\/cmm.imgw.pl\/wp-content\/uploads\/2023\/12\/obraz-zawierajacy-tekst-ilustracja-mapa-opis-wy-768x580.png 768w\" sizes=\"(max-width: 996px) 100vw, 996px\" \/> <img loading=\"lazy\" width=\"993\" height=\"755\" class=\"wp-image-39586 aligncenter\" src=\"http:\/\/cmm.imgw.pl\/wp-content\/uploads\/2023\/12\/obraz-zawierajacy-tekst-rysowanie-ilustracja-sz.png\" alt=\"Obraz zawieraj\u0105cy tekst, rysowanie, ilustracja, sztuka\n\nOpis wygenerowany automatycznie\" srcset=\"https:\/\/cmm.imgw.pl\/wp-content\/uploads\/2023\/12\/obraz-zawierajacy-tekst-rysowanie-ilustracja-sz.png 993w, https:\/\/cmm.imgw.pl\/wp-content\/uploads\/2023\/12\/obraz-zawierajacy-tekst-rysowanie-ilustracja-sz-300x228.png 300w, https:\/\/cmm.imgw.pl\/wp-content\/uploads\/2023\/12\/obraz-zawierajacy-tekst-rysowanie-ilustracja-sz-768x584.png 768w\" sizes=\"(max-width: 993px) 100vw, 993px\" \/><\/p>\n<p>Wraz z przemieszczaj\u0105c\u0105 si\u0119 powierzchni\u0105 frontow\u0105 w pi\u0119trze \u015brednim wzrost zachmurzenia do du\u017cego i ca\u0142kowitego. Na niebie mo\u017cliwe chmury Altostratus translucidus-&gt;opacus, oraz Altocumulus. Lokalnie mo\u017cliwe tak\u017ce chnmury Altostratus undulatus, radiatus oraz Altocumulus undulatus, radiatus.<\/p>\n<p><img loading=\"lazy\" width=\"999\" height=\"754\" class=\"wp-image-39587 aligncenter\" src=\"http:\/\/cmm.imgw.pl\/wp-content\/uploads\/2023\/12\/obraz-zawierajacy-tekst-projekt-graficzny-mapa.png\" alt=\"Obraz zawieraj\u0105cy tekst, projekt graficzny, mapa\n\nOpis wygenerowany automatycznie\" srcset=\"https:\/\/cmm.imgw.pl\/wp-content\/uploads\/2023\/12\/obraz-zawierajacy-tekst-projekt-graficzny-mapa.png 999w, https:\/\/cmm.imgw.pl\/wp-content\/uploads\/2023\/12\/obraz-zawierajacy-tekst-projekt-graficzny-mapa-300x226.png 300w, https:\/\/cmm.imgw.pl\/wp-content\/uploads\/2023\/12\/obraz-zawierajacy-tekst-projekt-graficzny-mapa-768x580.png 768w\" sizes=\"(max-width: 999px) 100vw, 999px\" \/> <img loading=\"lazy\" width=\"995\" height=\"752\" class=\"wp-image-39588 aligncenter\" src=\"http:\/\/cmm.imgw.pl\/wp-content\/uploads\/2023\/12\/obraz-zawierajacy-tekst-mapa-opis-wygenerowany-a-13.png\" alt=\"Obraz zawieraj\u0105cy tekst, mapa\n\nOpis wygenerowany automatycznie\" srcset=\"https:\/\/cmm.imgw.pl\/wp-content\/uploads\/2023\/12\/obraz-zawierajacy-tekst-mapa-opis-wygenerowany-a-13.png 995w, https:\/\/cmm.imgw.pl\/wp-content\/uploads\/2023\/12\/obraz-zawierajacy-tekst-mapa-opis-wygenerowany-a-13-300x227.png 300w, https:\/\/cmm.imgw.pl\/wp-content\/uploads\/2023\/12\/obraz-zawierajacy-tekst-mapa-opis-wygenerowany-a-13-768x580.png 768w\" sizes=\"(max-width: 995px) 100vw, 995px\" \/> <img loading=\"lazy\" width=\"995\" height=\"751\" class=\"wp-image-39589 aligncenter\" src=\"http:\/\/cmm.imgw.pl\/wp-content\/uploads\/2023\/12\/obraz-zawierajacy-tekst-mapa-opis-wygenerowany-a-14.png\" alt=\"Obraz zawieraj\u0105cy tekst, mapa\n\nOpis wygenerowany automatycznie\" srcset=\"https:\/\/cmm.imgw.pl\/wp-content\/uploads\/2023\/12\/obraz-zawierajacy-tekst-mapa-opis-wygenerowany-a-14.png 995w, https:\/\/cmm.imgw.pl\/wp-content\/uploads\/2023\/12\/obraz-zawierajacy-tekst-mapa-opis-wygenerowany-a-14-300x226.png 300w, https:\/\/cmm.imgw.pl\/wp-content\/uploads\/2023\/12\/obraz-zawierajacy-tekst-mapa-opis-wygenerowany-a-14-768x580.png 768w\" sizes=\"(max-width: 995px) 100vw, 995px\" \/><\/p>\n<p>Na niebie tak\u017ce chmury pi\u0119tra wysokiego Cirrus fibratus, radiatus oraz Cirrostratus fibratus mo\u017cliwy undulatus.<\/p>","protected":false},"excerpt":{"rendered":"<p>Komentarz do numerycznych prognoz pogody opracowany w Centrum Modelowania Meteorologicznego IMGW-PIB.<\/p>\n","protected":false},"author":3,"featured_media":0,"comment_status":"closed","ping_status":"open","sticky":false,"template":"","format":"standard","meta":{"ocean_post_layout":"","ocean_both_sidebars_style":"","ocean_both_sidebars_content_width":0,"ocean_both_sidebars_sidebars_width":0,"ocean_sidebar":"0","ocean_second_sidebar":"0","ocean_disable_margins":"enable","ocean_add_body_class":"","ocean_shortcode_before_top_bar":"","ocean_shortcode_after_top_bar":"","ocean_shortcode_before_header":"","ocean_shortcode_after_header":"","ocean_has_shortcode":"","ocean_shortcode_after_title":"","ocean_shortcode_before_footer_widgets":"","ocean_shortcode_after_footer_widgets":"","ocean_shortcode_before_footer_bottom":"","ocean_shortcode_after_footer_bottom":"","ocean_display_top_bar":"off","ocean_display_header":"off","ocean_header_style":"","ocean_center_header_left_menu":"0","ocean_custom_header_template":"0","ocean_custom_logo":0,"ocean_custom_retina_logo":0,"ocean_custom_logo_max_width":0,"ocean_custom_logo_tablet_max_width":0,"ocean_custom_logo_mobile_max_width":0,"ocean_custom_logo_max_height":0,"ocean_custom_logo_tablet_max_height":0,"ocean_custom_logo_mobile_max_height":0,"ocean_header_custom_menu":"0","ocean_menu_typo_font_family":"0","ocean_menu_typo_font_subset":"","ocean_menu_typo_font_size":0,"ocean_menu_typo_font_size_tablet":0,"ocean_menu_typo_font_size_mobile":0,"ocean_menu_typo_font_size_unit":"px","ocean_menu_typo_font_weight":"","ocean_menu_typo_font_weight_tablet":"","ocean_menu_typo_font_weight_mobile":"","ocean_menu_typo_transform":"","ocean_menu_typo_transform_tablet":"","ocean_menu_typo_transform_mobile":"","ocean_menu_typo_line_height":0,"ocean_menu_typo_line_height_tablet":0,"ocean_menu_typo_line_height_mobile":0,"ocean_menu_typo_line_height_unit":"","ocean_menu_typo_spacing":0,"ocean_menu_typo_spacing_tablet":0,"ocean_menu_typo_spacing_mobile":0,"ocean_menu_typo_spacing_unit":"","ocean_menu_link_color":"","ocean_menu_link_color_hover":"","ocean_menu_link_color_active":"","ocean_menu_link_background":"","ocean_menu_link_hover_background":"","ocean_menu_link_active_background":"","ocean_menu_social_links_bg":"","ocean_menu_social_hover_links_bg":"","ocean_menu_social_links_color":"","ocean_menu_social_hover_links_color":"","ocean_disable_title":"default","ocean_disable_heading":"default","ocean_post_title":"","ocean_post_subheading":"","ocean_post_title_style":"","ocean_post_title_background_color":"","ocean_post_title_background":0,"ocean_post_title_bg_image_position":"","ocean_post_title_bg_image_attachment":"","ocean_post_title_bg_image_repeat":"","ocean_post_title_bg_image_size":"","ocean_post_title_height":0,"ocean_post_title_bg_overlay":0.5,"ocean_post_title_bg_overlay_color":"","ocean_disable_breadcrumbs":"default","ocean_breadcrumbs_color":"","ocean_breadcrumbs_separator_color":"","ocean_breadcrumbs_links_color":"","ocean_breadcrumbs_links_hover_color":"","ocean_display_footer_widgets":"off","ocean_display_footer_bottom":"off","ocean_custom_footer_template":"0","ocean_post_oembed":"","ocean_post_self_hosted_media":"","ocean_post_video_embed":"","ocean_link_format":"","ocean_link_format_target":"self","ocean_quote_format":"","ocean_quote_format_link":"post","ocean_gallery_link_images":"on","ocean_gallery_id":[]},"categories":[93],"tags":[138,139,68,95,143,141,85,73,97,98,142,76,94,99,71,67,96,140,79],"yoast_head":"<!-- This site is optimized with the Yoast SEO plugin v19.5.1 - https:\/\/yoast.com\/wordpress\/plugins\/seo\/ -->\n<title>Jak\u0105 prognoz\u0119 na noc sylwestrow\u0105 przewiduj\u0105 numeryczne modele pogody - aktualizacja - Laboratorium Modelowania Meteorologicznego CMOK IMGW-PIB<\/title>\n<meta name=\"description\" content=\"Komentarz do numerycznych prognoz pogody opracowany w Centrum Modelowania Meteorologicznego IMGW-PIB.\" \/>\n<meta name=\"robots\" content=\"index, follow, max-snippet:-1, max-image-preview:large, max-video-preview:-1\" \/>\n<link rel=\"canonical\" href=\"https:\/\/cmm.imgw.pl\/?p=39523\" \/>\n<meta property=\"og:locale\" content=\"pl_PL\" \/>\n<meta property=\"og:type\" content=\"article\" \/>\n<meta property=\"og:title\" content=\"Jak\u0105 prognoz\u0119 na noc sylwestrow\u0105 przewiduj\u0105 numeryczne modele pogody\" \/>\n<meta property=\"og:description\" content=\"Komentarz do numerycznych prognoz pogody opracowany w Centrum Modelowania Meteorologicznego IMGW-PIB\" \/>\n<meta property=\"og:url\" content=\"https:\/\/cmm.imgw.pl\/?p=39523\" \/>\n<meta property=\"og:site_name\" content=\"Laboratorium Modelowania Meteorologicznego CMOK IMGW-PIB\" \/>\n<meta property=\"article:publisher\" content=\"https:\/\/www.facebook.com\/Meteoimgw\/\" \/>\n<meta property=\"article:published_time\" content=\"2023-12-29T20:49:58+00:00\" \/>\n<meta property=\"article:modified_time\" content=\"2023-12-29T20:50:12+00:00\" \/>\n<meta property=\"og:image\" content=\"http:\/\/cmm.imgw.pl\/wp-content\/uploads\/2023\/02\/komentarz4.png\" \/>\n\t<meta property=\"og:image:width\" content=\"1280\" \/>\n\t<meta property=\"og:image:height\" content=\"720\" \/>\n\t<meta property=\"og:image:type\" content=\"image\/png\" \/>\n<meta name=\"author\" content=\"CMM\" \/>\n<meta name=\"twitter:card\" content=\"summary_large_image\" \/>\n<meta name=\"twitter:title\" content=\"Jak\u0105 prognoz\u0119 na noc sylwestrow\u0105 przewiduj\u0105 numeryczne modele pogody\" \/>\n<meta name=\"twitter:description\" content=\"Komentarz do numerycznych prognoz pogody opracowany w Centrum Modelowania Meteorologicznego IMGW-PIB\" \/>\n<meta name=\"twitter:image\" content=\"https:\/\/cmm.imgw.pl\/wp-content\/uploads\/2023\/02\/komentarz4.png\" \/>\n<meta name=\"twitter:creator\" content=\"@IMGW_CMM\" \/>\n<meta name=\"twitter:site\" content=\"@IMGW_CMM\" \/>\n<meta name=\"twitter:label1\" content=\"Napisane przez\" \/>\n\t<meta name=\"twitter:data1\" content=\"CMM\" \/>\n\t<meta name=\"twitter:label2\" content=\"Szacowany czas czytania\" \/>\n\t<meta name=\"twitter:data2\" content=\"26 minut\" \/>\n<script type=\"application\/ld+json\" class=\"yoast-schema-graph\">{\"@context\":\"https:\/\/schema.org\",\"@graph\":[{\"@type\":\"Article\",\"@id\":\"https:\/\/cmm.imgw.pl\/?p=39523#article\",\"isPartOf\":{\"@id\":\"https:\/\/cmm.imgw.pl\/?p=39523\"},\"author\":{\"name\":\"CMM\",\"@id\":\"https:\/\/cmm.imgw.pl\/#\/schema\/person\/a24a37fe434fe76b0f5791e6bd3fdb46\"},\"headline\":\"Jak\u0105 prognoz\u0119 na noc sylwestrow\u0105 przewiduj\u0105 numeryczne modele pogody &#8211; aktualizacja\",\"datePublished\":\"2023-12-29T20:49:58+00:00\",\"dateModified\":\"2023-12-29T20:50:12+00:00\",\"mainEntityOfPage\":{\"@id\":\"https:\/\/cmm.imgw.pl\/?p=39523\"},\"wordCount\":801,\"publisher\":{\"@id\":\"https:\/\/cmm.imgw.pl\/#organization\"},\"keywords\":[\"alaro\",\"arome\",\"cmm\",\"Cosmo\",\"DWD\",\"Grzegorz Duniec\",\"imgw\",\"klimat\",\"komentarz\",\"komentarz pogodowy\",\"MERGE\",\"meteorologia\",\"NMP\",\"NPP\",\"pogoda\",\"prognoza\",\"prognoza pogody\",\"wrf\",\"zima\"],\"articleSection\":[\"Komentarz\"],\"inLanguage\":\"pl-PL\"},{\"@type\":\"WebPage\",\"@id\":\"https:\/\/cmm.imgw.pl\/?p=39523\",\"url\":\"https:\/\/cmm.imgw.pl\/?p=39523\",\"name\":\"Jak\u0105 prognoz\u0119 na noc sylwestrow\u0105 przewiduj\u0105 numeryczne modele pogody - aktualizacja - Laboratorium Modelowania Meteorologicznego CMOK IMGW-PIB\",\"isPartOf\":{\"@id\":\"https:\/\/cmm.imgw.pl\/#website\"},\"datePublished\":\"2023-12-29T20:49:58+00:00\",\"dateModified\":\"2023-12-29T20:50:12+00:00\",\"description\":\"Komentarz do numerycznych prognoz pogody opracowany w Centrum Modelowania Meteorologicznego IMGW-PIB.\",\"breadcrumb\":{\"@id\":\"https:\/\/cmm.imgw.pl\/?p=39523#breadcrumb\"},\"inLanguage\":\"pl-PL\",\"potentialAction\":[{\"@type\":\"ReadAction\",\"target\":[\"https:\/\/cmm.imgw.pl\/?p=39523\"]}]},{\"@type\":\"BreadcrumbList\",\"@id\":\"https:\/\/cmm.imgw.pl\/?p=39523#breadcrumb\",\"itemListElement\":[{\"@type\":\"ListItem\",\"position\":1,\"name\":\"Home\",\"item\":\"https:\/\/cmm.imgw.pl\/\"},{\"@type\":\"ListItem\",\"position\":2,\"name\":\"Jak\u0105 prognoz\u0119 na noc sylwestrow\u0105 przewiduj\u0105 numeryczne modele pogody &#8211; aktualizacja\"}]},{\"@type\":\"WebSite\",\"@id\":\"https:\/\/cmm.imgw.pl\/#website\",\"url\":\"https:\/\/cmm.imgw.pl\/\",\"name\":\"Laboratorium Modelowania Meteorologicznego CMOK IMGW-PIB\",\"description\":\"CMOK-LMM Laboratorium pe\u0142ni pa\u0144stwow\u0105 s\u0142u\u017cb\u0119 hydrologiczno-meteorologiczn\u0105 w zakresie numerycznych prognoz pogody, kt\u00f3rego zadaniem jest konsolidacja kompetencji w obszarze modelowania zjawisk pogodowych oraz dalszego rozwoju numerycznych modeli pogody (NMP).\",\"publisher\":{\"@id\":\"https:\/\/cmm.imgw.pl\/#organization\"},\"potentialAction\":[{\"@type\":\"SearchAction\",\"target\":{\"@type\":\"EntryPoint\",\"urlTemplate\":\"https:\/\/cmm.imgw.pl\/?s={search_term_string}\"},\"query-input\":\"required name=search_term_string\"}],\"inLanguage\":\"pl-PL\"},{\"@type\":\"Organization\",\"@id\":\"https:\/\/cmm.imgw.pl\/#organization\",\"name\":\"Laboratorium Modelowania Meteorologicznego CMOK IMGW-PIB\",\"url\":\"https:\/\/cmm.imgw.pl\/\",\"sameAs\":[\"https:\/\/www.facebook.com\/Meteoimgw\/\",\"https:\/\/twitter.com\/IMGW_CMM\"],\"logo\":{\"@type\":\"ImageObject\",\"inLanguage\":\"pl-PL\",\"@id\":\"https:\/\/cmm.imgw.pl\/#\/schema\/logo\/image\/\",\"url\":\"https:\/\/cmm.imgw.pl\/wp-content\/uploads\/2025\/10\/MODELE_LOGO_UNIFIKACJA_v2.png\",\"contentUrl\":\"https:\/\/cmm.imgw.pl\/wp-content\/uploads\/2025\/10\/MODELE_LOGO_UNIFIKACJA_v2.png\",\"width\":1356,\"height\":365,\"caption\":\"Laboratorium Modelowania Meteorologicznego CMOK IMGW-PIB\"},\"image\":{\"@id\":\"https:\/\/cmm.imgw.pl\/#\/schema\/logo\/image\/\"}},{\"@type\":\"Person\",\"@id\":\"https:\/\/cmm.imgw.pl\/#\/schema\/person\/a24a37fe434fe76b0f5791e6bd3fdb46\",\"name\":\"CMM\",\"image\":{\"@type\":\"ImageObject\",\"inLanguage\":\"pl-PL\",\"@id\":\"https:\/\/cmm.imgw.pl\/#\/schema\/person\/image\/\",\"url\":\"https:\/\/secure.gravatar.com\/avatar\/9248ea2273711f1cd09d6bd45867dbfb?s=96&d=blank&r=g\",\"contentUrl\":\"https:\/\/secure.gravatar.com\/avatar\/9248ea2273711f1cd09d6bd45867dbfb?s=96&d=blank&r=g\",\"caption\":\"CMM\"},\"sameAs\":[\"http:\/\/cmm.imgw.pl\"],\"url\":\"https:\/\/cmm.imgw.pl\/?author=3\"}]}<\/script>\n<!-- \/ Yoast SEO plugin. -->","yoast_head_json":{"title":"Jak\u0105 prognoz\u0119 na noc sylwestrow\u0105 przewiduj\u0105 numeryczne modele pogody - aktualizacja - Laboratorium Modelowania Meteorologicznego CMOK IMGW-PIB","description":"Komentarz do numerycznych prognoz pogody opracowany w Centrum Modelowania Meteorologicznego IMGW-PIB.","robots":{"index":"index","follow":"follow","max-snippet":"max-snippet:-1","max-image-preview":"max-image-preview:large","max-video-preview":"max-video-preview:-1"},"canonical":"https:\/\/cmm.imgw.pl\/?p=39523","og_locale":"pl_PL","og_type":"article","og_title":"Jak\u0105 prognoz\u0119 na noc sylwestrow\u0105 przewiduj\u0105 numeryczne modele pogody","og_description":"Komentarz do numerycznych prognoz pogody opracowany w Centrum Modelowania Meteorologicznego IMGW-PIB","og_url":"https:\/\/cmm.imgw.pl\/?p=39523","og_site_name":"Laboratorium Modelowania Meteorologicznego CMOK IMGW-PIB","article_publisher":"https:\/\/www.facebook.com\/Meteoimgw\/","article_published_time":"2023-12-29T20:49:58+00:00","article_modified_time":"2023-12-29T20:50:12+00:00","og_image":[{"width":1280,"height":720,"url":"http:\/\/cmm.imgw.pl\/wp-content\/uploads\/2023\/02\/komentarz4.png","type":"image\/png"}],"author":"CMM","twitter_card":"summary_large_image","twitter_title":"Jak\u0105 prognoz\u0119 na noc sylwestrow\u0105 przewiduj\u0105 numeryczne modele pogody","twitter_description":"Komentarz do numerycznych prognoz pogody opracowany w Centrum Modelowania Meteorologicznego IMGW-PIB","twitter_image":"https:\/\/cmm.imgw.pl\/wp-content\/uploads\/2023\/02\/komentarz4.png","twitter_creator":"@IMGW_CMM","twitter_site":"@IMGW_CMM","twitter_misc":{"Napisane przez":"CMM","Szacowany czas czytania":"26 minut"},"schema":{"@context":"https:\/\/schema.org","@graph":[{"@type":"Article","@id":"https:\/\/cmm.imgw.pl\/?p=39523#article","isPartOf":{"@id":"https:\/\/cmm.imgw.pl\/?p=39523"},"author":{"name":"CMM","@id":"https:\/\/cmm.imgw.pl\/#\/schema\/person\/a24a37fe434fe76b0f5791e6bd3fdb46"},"headline":"Jak\u0105 prognoz\u0119 na noc sylwestrow\u0105 przewiduj\u0105 numeryczne modele pogody &#8211; aktualizacja","datePublished":"2023-12-29T20:49:58+00:00","dateModified":"2023-12-29T20:50:12+00:00","mainEntityOfPage":{"@id":"https:\/\/cmm.imgw.pl\/?p=39523"},"wordCount":801,"publisher":{"@id":"https:\/\/cmm.imgw.pl\/#organization"},"keywords":["alaro","arome","cmm","Cosmo","DWD","Grzegorz Duniec","imgw","klimat","komentarz","komentarz pogodowy","MERGE","meteorologia","NMP","NPP","pogoda","prognoza","prognoza pogody","wrf","zima"],"articleSection":["Komentarz"],"inLanguage":"pl-PL"},{"@type":"WebPage","@id":"https:\/\/cmm.imgw.pl\/?p=39523","url":"https:\/\/cmm.imgw.pl\/?p=39523","name":"Jak\u0105 prognoz\u0119 na noc sylwestrow\u0105 przewiduj\u0105 numeryczne modele pogody - aktualizacja - Laboratorium Modelowania Meteorologicznego CMOK IMGW-PIB","isPartOf":{"@id":"https:\/\/cmm.imgw.pl\/#website"},"datePublished":"2023-12-29T20:49:58+00:00","dateModified":"2023-12-29T20:50:12+00:00","description":"Komentarz do numerycznych prognoz pogody opracowany w Centrum Modelowania Meteorologicznego IMGW-PIB.","breadcrumb":{"@id":"https:\/\/cmm.imgw.pl\/?p=39523#breadcrumb"},"inLanguage":"pl-PL","potentialAction":[{"@type":"ReadAction","target":["https:\/\/cmm.imgw.pl\/?p=39523"]}]},{"@type":"BreadcrumbList","@id":"https:\/\/cmm.imgw.pl\/?p=39523#breadcrumb","itemListElement":[{"@type":"ListItem","position":1,"name":"Home","item":"https:\/\/cmm.imgw.pl\/"},{"@type":"ListItem","position":2,"name":"Jak\u0105 prognoz\u0119 na noc sylwestrow\u0105 przewiduj\u0105 numeryczne modele pogody &#8211; aktualizacja"}]},{"@type":"WebSite","@id":"https:\/\/cmm.imgw.pl\/#website","url":"https:\/\/cmm.imgw.pl\/","name":"Laboratorium Modelowania Meteorologicznego CMOK IMGW-PIB","description":"CMOK-LMM Laboratorium pe\u0142ni pa\u0144stwow\u0105 s\u0142u\u017cb\u0119 hydrologiczno-meteorologiczn\u0105 w zakresie numerycznych prognoz pogody, kt\u00f3rego zadaniem jest konsolidacja kompetencji w obszarze modelowania zjawisk pogodowych oraz dalszego rozwoju numerycznych modeli pogody (NMP).","publisher":{"@id":"https:\/\/cmm.imgw.pl\/#organization"},"potentialAction":[{"@type":"SearchAction","target":{"@type":"EntryPoint","urlTemplate":"https:\/\/cmm.imgw.pl\/?s={search_term_string}"},"query-input":"required name=search_term_string"}],"inLanguage":"pl-PL"},{"@type":"Organization","@id":"https:\/\/cmm.imgw.pl\/#organization","name":"Laboratorium Modelowania Meteorologicznego CMOK IMGW-PIB","url":"https:\/\/cmm.imgw.pl\/","sameAs":["https:\/\/www.facebook.com\/Meteoimgw\/","https:\/\/twitter.com\/IMGW_CMM"],"logo":{"@type":"ImageObject","inLanguage":"pl-PL","@id":"https:\/\/cmm.imgw.pl\/#\/schema\/logo\/image\/","url":"https:\/\/cmm.imgw.pl\/wp-content\/uploads\/2025\/10\/MODELE_LOGO_UNIFIKACJA_v2.png","contentUrl":"https:\/\/cmm.imgw.pl\/wp-content\/uploads\/2025\/10\/MODELE_LOGO_UNIFIKACJA_v2.png","width":1356,"height":365,"caption":"Laboratorium Modelowania Meteorologicznego CMOK IMGW-PIB"},"image":{"@id":"https:\/\/cmm.imgw.pl\/#\/schema\/logo\/image\/"}},{"@type":"Person","@id":"https:\/\/cmm.imgw.pl\/#\/schema\/person\/a24a37fe434fe76b0f5791e6bd3fdb46","name":"CMM","image":{"@type":"ImageObject","inLanguage":"pl-PL","@id":"https:\/\/cmm.imgw.pl\/#\/schema\/person\/image\/","url":"https:\/\/secure.gravatar.com\/avatar\/9248ea2273711f1cd09d6bd45867dbfb?s=96&d=blank&r=g","contentUrl":"https:\/\/secure.gravatar.com\/avatar\/9248ea2273711f1cd09d6bd45867dbfb?s=96&d=blank&r=g","caption":"CMM"},"sameAs":["http:\/\/cmm.imgw.pl"],"url":"https:\/\/cmm.imgw.pl\/?author=3"}]}},"_links":{"self":[{"href":"https:\/\/cmm.imgw.pl\/index.php?rest_route=\/wp\/v2\/posts\/39523"}],"collection":[{"href":"https:\/\/cmm.imgw.pl\/index.php?rest_route=\/wp\/v2\/posts"}],"about":[{"href":"https:\/\/cmm.imgw.pl\/index.php?rest_route=\/wp\/v2\/types\/post"}],"author":[{"embeddable":true,"href":"https:\/\/cmm.imgw.pl\/index.php?rest_route=\/wp\/v2\/users\/3"}],"replies":[{"embeddable":true,"href":"https:\/\/cmm.imgw.pl\/index.php?rest_route=%2Fwp%2Fv2%2Fcomments&post=39523"}],"version-history":[{"count":1,"href":"https:\/\/cmm.imgw.pl\/index.php?rest_route=\/wp\/v2\/posts\/39523\/revisions"}],"predecessor-version":[{"id":39590,"href":"https:\/\/cmm.imgw.pl\/index.php?rest_route=\/wp\/v2\/posts\/39523\/revisions\/39590"}],"wp:attachment":[{"href":"https:\/\/cmm.imgw.pl\/index.php?rest_route=%2Fwp%2Fv2%2Fmedia&parent=39523"}],"wp:term":[{"taxonomy":"category","embeddable":true,"href":"https:\/\/cmm.imgw.pl\/index.php?rest_route=%2Fwp%2Fv2%2Fcategories&post=39523"},{"taxonomy":"post_tag","embeddable":true,"href":"https:\/\/cmm.imgw.pl\/index.php?rest_route=%2Fwp%2Fv2%2Ftags&post=39523"}],"curies":[{"name":"wp","href":"https:\/\/api.w.org\/{rel}","templated":true}]}}