{"id":39210,"date":"2023-12-21T15:26:54","date_gmt":"2023-12-21T14:26:54","guid":{"rendered":"https:\/\/cmm.imgw.pl\/?p=39210"},"modified":"2023-12-21T15:54:45","modified_gmt":"2023-12-21T14:54:45","slug":"imgw-pib-cmm-prognoza-dla-tatr-w-serwisie-zimowym","status":"publish","type":"post","link":"https:\/\/cmm.imgw.pl\/?p=39210","title":{"rendered":"Prognoza dla Tatr w Serwisie zimowym"},"content":{"rendered":"<p style=\"text-align: justify;\"><span class=\"ui-provider ed bxy bvv bxz bya byb byc byd bye byf byg byh byi byj byk byl bym byn byo byp byq byr bys byt byu byv byw byx byy byz bza bzb bzc bzd bze\" dir=\"ltr\">Informujemy, i\u017c w serwisie zimowym uruchomili\u015bmy now\u0105 grup\u0119 produkt\u00f3w dedykowanych dla Tatr. Prognoza dla Tatr jest dost\u0119pna w ostatniej zak\u0142adce na stronie: <a href=\"\/cmm\/?page_id=21122\" target=\"_blank\" rel=\"noopener\">Serwis zimowy IMGW-PIB CMM<\/a> i obejmuje horyzont czasowy 22h dla opadu atmosferycznego deszczu, \u015bniegu, temperatury powietrza oraz pr\u0119dko\u015bci wiatru.<br \/>\nPrognoza opiera si\u0119 o siatk\u0119 500m modelu WRF METEOPG, kt\u00f3ry to jest prognostycznym systemem pogodowym, operacyjnie pracuj\u0105cym i rozwijanym od 2018 roku w Centrum Informatycznym TASK na Politechnice Gda\u0144skiej, w ramach projekt\u00f3w obliczeniowych przez prof. Mariusza Figurskiego, kt\u00f3ry wykorzystuje niehydrostatyczny model WRF (Weather Research and Forecasting). Prognozy z WRF METEOPG udost\u0119pniane s\u0105 do IMGW-PIB na mocy podpisanego porozumienia o wsp\u00f3\u0142pracy mi\u0119dzy Politechnik\u0105 Gda\u0144sk\u0105 i Instytutem Meteorologii i Gospodarki Wodnej z 2019 roku.<\/span><\/p>\n<p style=\"text-align: center;\"><span class=\"ui-provider ed bxy bvv bxz bya byb byc byd bye byf byg byh byi byj byk byl bym byn byo byp byq byr bys byt byu byv byw byx byy byz bza bzb bzc bzd bze\" dir=\"ltr\"><img loading=\"lazy\" class=\"aligncenter\" src=\"\/wp-content\/uploads\/2023\/12\/wiatr_tatry_09.png\" width=\"362\" height=\"293\"><br \/>\n&#8212; UDOST\u0118PNIJ &#8212;<\/span><\/p>\n","protected":false},"excerpt":{"rendered":"<p>Informujemy, i\u017c w serwisie zimowym uruchomili\u015bmy now\u0105 grup\u0119 produkt\u00f3w dedykowanych dla Tatr. Prognoza dla Tatr jest dost\u0119pna w ostatniej zak\u0142adce na stronie: Serwis zimowy IMGW-PIB CMM i obejmuje horyzont czasowy 22h dla opadu atmosferycznego deszczu, \u015bniegu, temperatury powietrza oraz pr\u0119dko\u015bci wiatru. Prognoza opiera si\u0119 o siatk\u0119 500m modelu WRF METEOPG, kt\u00f3ry to jest prognostycznym systemem [&hellip;]<\/p>\n","protected":false},"author":3,"featured_media":0,"comment_status":"open","ping_status":"open","sticky":false,"template":"","format":"standard","meta":{"ocean_post_layout":"","ocean_both_sidebars_style":"","ocean_both_sidebars_content_width":0,"ocean_both_sidebars_sidebars_width":0,"ocean_sidebar":"0","ocean_second_sidebar":"0","ocean_disable_margins":"enable","ocean_add_body_class":"","ocean_shortcode_before_top_bar":"","ocean_shortcode_after_top_bar":"","ocean_shortcode_before_header":"","ocean_shortcode_after_header":"","ocean_has_shortcode":"","ocean_shortcode_after_title":"","ocean_shortcode_before_footer_widgets":"","ocean_shortcode_after_footer_widgets":"","ocean_shortcode_before_footer_bottom":"","ocean_shortcode_after_footer_bottom":"","ocean_display_top_bar":"off","ocean_display_header":"off","ocean_header_style":"","ocean_center_header_left_menu":"0","ocean_custom_header_template":"0","ocean_custom_logo":0,"ocean_custom_retina_logo":0,"ocean_custom_logo_max_width":0,"ocean_custom_logo_tablet_max_width":0,"ocean_custom_logo_mobile_max_width":0,"ocean_custom_logo_max_height":0,"ocean_custom_logo_tablet_max_height":0,"ocean_custom_logo_mobile_max_height":0,"ocean_header_custom_menu":"0","ocean_menu_typo_font_family":"0","ocean_menu_typo_font_subset":"","ocean_menu_typo_font_size":0,"ocean_menu_typo_font_size_tablet":0,"ocean_menu_typo_font_size_mobile":0,"ocean_menu_typo_font_size_unit":"px","ocean_menu_typo_font_weight":"","ocean_menu_typo_font_weight_tablet":"","ocean_menu_typo_font_weight_mobile":"","ocean_menu_typo_transform":"","ocean_menu_typo_transform_tablet":"","ocean_menu_typo_transform_mobile":"","ocean_menu_typo_line_height":0,"ocean_menu_typo_line_height_tablet":0,"ocean_menu_typo_line_height_mobile":0,"ocean_menu_typo_line_height_unit":"","ocean_menu_typo_spacing":0,"ocean_menu_typo_spacing_tablet":0,"ocean_menu_typo_spacing_mobile":0,"ocean_menu_typo_spacing_unit":"","ocean_menu_link_color":"","ocean_menu_link_color_hover":"","ocean_menu_link_color_active":"","ocean_menu_link_background":"","ocean_menu_link_hover_background":"","ocean_menu_link_active_background":"","ocean_menu_social_links_bg":"","ocean_menu_social_hover_links_bg":"","ocean_menu_social_links_color":"","ocean_menu_social_hover_links_color":"","ocean_disable_title":"default","ocean_disable_heading":"default","ocean_post_title":"","ocean_post_subheading":"","ocean_post_title_style":"","ocean_post_title_background_color":"","ocean_post_title_background":0,"ocean_post_title_bg_image_position":"","ocean_post_title_bg_image_attachment":"","ocean_post_title_bg_image_repeat":"","ocean_post_title_bg_image_size":"","ocean_post_title_height":0,"ocean_post_title_bg_overlay":0.5,"ocean_post_title_bg_overlay_color":"","ocean_disable_breadcrumbs":"default","ocean_breadcrumbs_color":"","ocean_breadcrumbs_separator_color":"","ocean_breadcrumbs_links_color":"","ocean_breadcrumbs_links_hover_color":"","ocean_display_footer_widgets":"off","ocean_display_footer_bottom":"off","ocean_custom_footer_template":"0","ocean_post_oembed":"","ocean_post_self_hosted_media":"","ocean_post_video_embed":"","ocean_link_format":"","ocean_link_format_target":"self","ocean_quote_format":"","ocean_quote_format_link":"post","ocean_gallery_link_images":"off","ocean_gallery_id":[]},"categories":[137],"tags":[68,280,85,278,71,67,279,277,75,151],"yoast_head":"<!-- This site is optimized with the Yoast SEO plugin v19.5.1 - https:\/\/yoast.com\/wordpress\/plugins\/seo\/ -->\n<title>Prognoza dla Tatr w Serwisie zimowym - Laboratorium Modelowania Meteorologicznego CMOK IMGW-PIB<\/title>\n<meta name=\"description\" content=\"WRF METEOPG jest prognostycznym systemem pogodowym, operacyjnie pracuj\u0105cym i rozwijanym od 2018 roku w Centrum Informatycznym TASK na Politechnice Gda\u0144skiej, w ramach projekt\u00f3w obliczeniowych przez prof. Mariusza Figurskiego, kt\u00f3ry wykorzystuje niehydrostatyczny model WRF (Weather Research and Forecasting). Prognozy z WRF METEOPG udost\u0119pniane s\u0105 do IMGW-PIB na mocy podpisanego porozumienia o wsp\u00f3\u0142pracy mi\u0119dzy Politechnik\u0105 Gda\u0144sk\u0105 i Instytutem Meteorologii i Gospodarki Wodnej z 2019 roku.\" \/>\n<meta name=\"robots\" content=\"index, follow, max-snippet:-1, max-image-preview:large, max-video-preview:-1\" \/>\n<link rel=\"canonical\" href=\"https:\/\/cmm.imgw.pl\/?p=39210\" \/>\n<meta property=\"og:locale\" content=\"pl_PL\" \/>\n<meta property=\"og:type\" content=\"article\" \/>\n<meta property=\"og:title\" content=\"IMGW-PIB CMM: Prognoza dla Tatr w Serwisie zimowym\" \/>\n<meta property=\"og:description\" content=\"WRF METEOPG jest prognostycznym systemem pogodowym, operacyjnie pracuj\u0105cym i rozwijanym od 2018 roku w Centrum Informatycznym TASK na Politechnice Gda\u0144skiej, w ramach projekt\u00f3w obliczeniowych przez prof. Mariusza Figurskiego, kt\u00f3ry wykorzystuje niehydrostatyczny model WRF (Weather Research and Forecasting). Prognozy z WRF METEOPG udost\u0119pniane s\u0105 do IMGW-PIB na mocy podpisanego porozumienia o wsp\u00f3\u0142pracy mi\u0119dzy Politechnik\u0105 Gda\u0144sk\u0105 i Instytutem Meteorologii i Gospodarki Wodnej z 2019 roku.\" \/>\n<meta property=\"og:url\" content=\"https:\/\/cmm.imgw.pl\/?p=39210\" \/>\n<meta property=\"og:site_name\" content=\"Laboratorium Modelowania Meteorologicznego CMOK IMGW-PIB\" \/>\n<meta property=\"article:publisher\" content=\"https:\/\/www.facebook.com\/Meteoimgw\/\" \/>\n<meta property=\"article:published_time\" content=\"2023-12-21T14:26:54+00:00\" \/>\n<meta property=\"article:modified_time\" content=\"2023-12-21T14:54:45+00:00\" \/>\n<meta property=\"og:image\" content=\"http:\/\/cmm.imgw.pl\/wp-content\/uploads\/2023\/12\/wiatr_tatry_09.png\" \/>\n\t<meta property=\"og:image:width\" content=\"2040\" \/>\n\t<meta property=\"og:image:height\" content=\"1650\" \/>\n\t<meta property=\"og:image:type\" content=\"image\/png\" \/>\n<meta name=\"author\" content=\"CMM\" \/>\n<meta name=\"twitter:card\" content=\"summary_large_image\" \/>\n<meta name=\"twitter:title\" content=\"IMGW-PIB CMM: Prognoza dla Tatr w Serwisie zimowym\" \/>\n<meta name=\"twitter:description\" content=\"WRF METEOPG jest prognostycznym systemem pogodowym, operacyjnie pracuj\u0105cym i rozwijanym od 2018 roku w Centrum Informatycznym TASK na Politechnice Gda\u0144skiej, w ramach projekt\u00f3w obliczeniowych przez prof. Mariusza Figurskiego, kt\u00f3ry wykorzystuje niehydrostatyczny model WRF (Weather Research and Forecasting). Prognozy z WRF METEOPG udost\u0119pniane s\u0105 do IMGW-PIB na mocy podpisanego porozumienia o wsp\u00f3\u0142pracy mi\u0119dzy Politechnik\u0105 Gda\u0144sk\u0105 i Instytutem Meteorologii i Gospodarki Wodnej z 2019 roku.\" \/>\n<meta name=\"twitter:image\" content=\"https:\/\/cmm.imgw.pl\/wp-content\/uploads\/2023\/12\/wiatr_tatry_09.png\" \/>\n<meta name=\"twitter:creator\" content=\"@IMGW_CMM\" \/>\n<meta name=\"twitter:site\" content=\"@IMGW_CMM\" \/>\n<meta name=\"twitter:label1\" content=\"Napisane przez\" \/>\n\t<meta name=\"twitter:data1\" content=\"CMM\" \/>\n\t<meta name=\"twitter:label2\" content=\"Szacowany czas czytania\" \/>\n\t<meta name=\"twitter:data2\" content=\"1 minuta\" \/>\n<script type=\"application\/ld+json\" class=\"yoast-schema-graph\">{\"@context\":\"https:\/\/schema.org\",\"@graph\":[{\"@type\":\"Article\",\"@id\":\"https:\/\/cmm.imgw.pl\/?p=39210#article\",\"isPartOf\":{\"@id\":\"https:\/\/cmm.imgw.pl\/?p=39210\"},\"author\":{\"name\":\"CMM\",\"@id\":\"https:\/\/cmm.imgw.pl\/#\/schema\/person\/a24a37fe434fe76b0f5791e6bd3fdb46\"},\"headline\":\"Prognoza dla Tatr w Serwisie zimowym\",\"datePublished\":\"2023-12-21T14:26:54+00:00\",\"dateModified\":\"2023-12-21T14:54:45+00:00\",\"mainEntityOfPage\":{\"@id\":\"https:\/\/cmm.imgw.pl\/?p=39210\"},\"wordCount\":136,\"commentCount\":0,\"publisher\":{\"@id\":\"https:\/\/cmm.imgw.pl\/#organization\"},\"keywords\":[\"cmm\",\"deszcz\",\"imgw\",\"opad\",\"pogoda\",\"prognoza\",\"\u015bnieg\",\"Tatry\",\"temperatura\",\"wiatr\"],\"articleSection\":[\"Info\"],\"inLanguage\":\"pl-PL\",\"potentialAction\":[{\"@type\":\"CommentAction\",\"name\":\"Comment\",\"target\":[\"https:\/\/cmm.imgw.pl\/?p=39210#respond\"]}]},{\"@type\":\"WebPage\",\"@id\":\"https:\/\/cmm.imgw.pl\/?p=39210\",\"url\":\"https:\/\/cmm.imgw.pl\/?p=39210\",\"name\":\"Prognoza dla Tatr w Serwisie zimowym - Laboratorium Modelowania Meteorologicznego CMOK IMGW-PIB\",\"isPartOf\":{\"@id\":\"https:\/\/cmm.imgw.pl\/#website\"},\"datePublished\":\"2023-12-21T14:26:54+00:00\",\"dateModified\":\"2023-12-21T14:54:45+00:00\",\"description\":\"WRF METEOPG jest prognostycznym systemem pogodowym, operacyjnie pracuj\u0105cym i rozwijanym od 2018 roku w Centrum Informatycznym TASK na Politechnice Gda\u0144skiej, w ramach projekt\u00f3w obliczeniowych przez prof. Mariusza Figurskiego, kt\u00f3ry wykorzystuje niehydrostatyczny model WRF (Weather Research and Forecasting). Prognozy z WRF METEOPG udost\u0119pniane s\u0105 do IMGW-PIB na mocy podpisanego porozumienia o wsp\u00f3\u0142pracy mi\u0119dzy Politechnik\u0105 Gda\u0144sk\u0105 i Instytutem Meteorologii i Gospodarki Wodnej z 2019 roku.\",\"breadcrumb\":{\"@id\":\"https:\/\/cmm.imgw.pl\/?p=39210#breadcrumb\"},\"inLanguage\":\"pl-PL\",\"potentialAction\":[{\"@type\":\"ReadAction\",\"target\":[\"https:\/\/cmm.imgw.pl\/?p=39210\"]}]},{\"@type\":\"BreadcrumbList\",\"@id\":\"https:\/\/cmm.imgw.pl\/?p=39210#breadcrumb\",\"itemListElement\":[{\"@type\":\"ListItem\",\"position\":1,\"name\":\"Home\",\"item\":\"https:\/\/cmm.imgw.pl\/\"},{\"@type\":\"ListItem\",\"position\":2,\"name\":\"Prognoza dla Tatr w Serwisie zimowym\"}]},{\"@type\":\"WebSite\",\"@id\":\"https:\/\/cmm.imgw.pl\/#website\",\"url\":\"https:\/\/cmm.imgw.pl\/\",\"name\":\"Laboratorium Modelowania Meteorologicznego CMOK IMGW-PIB\",\"description\":\"CMOK-LMM Laboratorium pe\u0142ni pa\u0144stwow\u0105 s\u0142u\u017cb\u0119 hydrologiczno-meteorologiczn\u0105 w zakresie numerycznych prognoz pogody, kt\u00f3rego zadaniem jest konsolidacja kompetencji w obszarze modelowania zjawisk pogodowych oraz dalszego rozwoju numerycznych modeli pogody (NMP).\",\"publisher\":{\"@id\":\"https:\/\/cmm.imgw.pl\/#organization\"},\"potentialAction\":[{\"@type\":\"SearchAction\",\"target\":{\"@type\":\"EntryPoint\",\"urlTemplate\":\"https:\/\/cmm.imgw.pl\/?s={search_term_string}\"},\"query-input\":\"required name=search_term_string\"}],\"inLanguage\":\"pl-PL\"},{\"@type\":\"Organization\",\"@id\":\"https:\/\/cmm.imgw.pl\/#organization\",\"name\":\"Laboratorium Modelowania Meteorologicznego CMOK IMGW-PIB\",\"url\":\"https:\/\/cmm.imgw.pl\/\",\"sameAs\":[\"https:\/\/www.facebook.com\/Meteoimgw\/\",\"https:\/\/twitter.com\/IMGW_CMM\"],\"logo\":{\"@type\":\"ImageObject\",\"inLanguage\":\"pl-PL\",\"@id\":\"https:\/\/cmm.imgw.pl\/#\/schema\/logo\/image\/\",\"url\":\"https:\/\/cmm.imgw.pl\/wp-content\/uploads\/2025\/10\/MODELE_LOGO_UNIFIKACJA_v2.png\",\"contentUrl\":\"https:\/\/cmm.imgw.pl\/wp-content\/uploads\/2025\/10\/MODELE_LOGO_UNIFIKACJA_v2.png\",\"width\":1356,\"height\":365,\"caption\":\"Laboratorium Modelowania Meteorologicznego CMOK IMGW-PIB\"},\"image\":{\"@id\":\"https:\/\/cmm.imgw.pl\/#\/schema\/logo\/image\/\"}},{\"@type\":\"Person\",\"@id\":\"https:\/\/cmm.imgw.pl\/#\/schema\/person\/a24a37fe434fe76b0f5791e6bd3fdb46\",\"name\":\"CMM\",\"image\":{\"@type\":\"ImageObject\",\"inLanguage\":\"pl-PL\",\"@id\":\"https:\/\/cmm.imgw.pl\/#\/schema\/person\/image\/\",\"url\":\"https:\/\/secure.gravatar.com\/avatar\/9248ea2273711f1cd09d6bd45867dbfb?s=96&d=blank&r=g\",\"contentUrl\":\"https:\/\/secure.gravatar.com\/avatar\/9248ea2273711f1cd09d6bd45867dbfb?s=96&d=blank&r=g\",\"caption\":\"CMM\"},\"sameAs\":[\"http:\/\/cmm.imgw.pl\"],\"url\":\"https:\/\/cmm.imgw.pl\/?author=3\"}]}<\/script>\n<!-- \/ Yoast SEO plugin. -->","yoast_head_json":{"title":"Prognoza dla Tatr w Serwisie zimowym - Laboratorium Modelowania Meteorologicznego CMOK IMGW-PIB","description":"WRF METEOPG jest prognostycznym systemem pogodowym, operacyjnie pracuj\u0105cym i rozwijanym od 2018 roku w Centrum Informatycznym TASK na Politechnice Gda\u0144skiej, w ramach projekt\u00f3w obliczeniowych przez prof. Mariusza Figurskiego, kt\u00f3ry wykorzystuje niehydrostatyczny model WRF (Weather Research and Forecasting). Prognozy z WRF METEOPG udost\u0119pniane s\u0105 do IMGW-PIB na mocy podpisanego porozumienia o wsp\u00f3\u0142pracy mi\u0119dzy Politechnik\u0105 Gda\u0144sk\u0105 i Instytutem Meteorologii i Gospodarki Wodnej z 2019 roku.","robots":{"index":"index","follow":"follow","max-snippet":"max-snippet:-1","max-image-preview":"max-image-preview:large","max-video-preview":"max-video-preview:-1"},"canonical":"https:\/\/cmm.imgw.pl\/?p=39210","og_locale":"pl_PL","og_type":"article","og_title":"IMGW-PIB CMM: Prognoza dla Tatr w Serwisie zimowym","og_description":"WRF METEOPG jest prognostycznym systemem pogodowym, operacyjnie pracuj\u0105cym i rozwijanym od 2018 roku w Centrum Informatycznym TASK na Politechnice Gda\u0144skiej, w ramach projekt\u00f3w obliczeniowych przez prof. Mariusza Figurskiego, kt\u00f3ry wykorzystuje niehydrostatyczny model WRF (Weather Research and Forecasting). Prognozy z WRF METEOPG udost\u0119pniane s\u0105 do IMGW-PIB na mocy podpisanego porozumienia o wsp\u00f3\u0142pracy mi\u0119dzy Politechnik\u0105 Gda\u0144sk\u0105 i Instytutem Meteorologii i Gospodarki Wodnej z 2019 roku.","og_url":"https:\/\/cmm.imgw.pl\/?p=39210","og_site_name":"Laboratorium Modelowania Meteorologicznego CMOK IMGW-PIB","article_publisher":"https:\/\/www.facebook.com\/Meteoimgw\/","article_published_time":"2023-12-21T14:26:54+00:00","article_modified_time":"2023-12-21T14:54:45+00:00","og_image":[{"width":2040,"height":1650,"url":"http:\/\/cmm.imgw.pl\/wp-content\/uploads\/2023\/12\/wiatr_tatry_09.png","type":"image\/png"}],"author":"CMM","twitter_card":"summary_large_image","twitter_title":"IMGW-PIB CMM: Prognoza dla Tatr w Serwisie zimowym","twitter_description":"WRF METEOPG jest prognostycznym systemem pogodowym, operacyjnie pracuj\u0105cym i rozwijanym od 2018 roku w Centrum Informatycznym TASK na Politechnice Gda\u0144skiej, w ramach projekt\u00f3w obliczeniowych przez prof. Mariusza Figurskiego, kt\u00f3ry wykorzystuje niehydrostatyczny model WRF (Weather Research and Forecasting). Prognozy z WRF METEOPG udost\u0119pniane s\u0105 do IMGW-PIB na mocy podpisanego porozumienia o wsp\u00f3\u0142pracy mi\u0119dzy Politechnik\u0105 Gda\u0144sk\u0105 i Instytutem Meteorologii i Gospodarki Wodnej z 2019 roku.","twitter_image":"https:\/\/cmm.imgw.pl\/wp-content\/uploads\/2023\/12\/wiatr_tatry_09.png","twitter_creator":"@IMGW_CMM","twitter_site":"@IMGW_CMM","twitter_misc":{"Napisane przez":"CMM","Szacowany czas czytania":"1 minuta"},"schema":{"@context":"https:\/\/schema.org","@graph":[{"@type":"Article","@id":"https:\/\/cmm.imgw.pl\/?p=39210#article","isPartOf":{"@id":"https:\/\/cmm.imgw.pl\/?p=39210"},"author":{"name":"CMM","@id":"https:\/\/cmm.imgw.pl\/#\/schema\/person\/a24a37fe434fe76b0f5791e6bd3fdb46"},"headline":"Prognoza dla Tatr w Serwisie zimowym","datePublished":"2023-12-21T14:26:54+00:00","dateModified":"2023-12-21T14:54:45+00:00","mainEntityOfPage":{"@id":"https:\/\/cmm.imgw.pl\/?p=39210"},"wordCount":136,"commentCount":0,"publisher":{"@id":"https:\/\/cmm.imgw.pl\/#organization"},"keywords":["cmm","deszcz","imgw","opad","pogoda","prognoza","\u015bnieg","Tatry","temperatura","wiatr"],"articleSection":["Info"],"inLanguage":"pl-PL","potentialAction":[{"@type":"CommentAction","name":"Comment","target":["https:\/\/cmm.imgw.pl\/?p=39210#respond"]}]},{"@type":"WebPage","@id":"https:\/\/cmm.imgw.pl\/?p=39210","url":"https:\/\/cmm.imgw.pl\/?p=39210","name":"Prognoza dla Tatr w Serwisie zimowym - Laboratorium Modelowania Meteorologicznego CMOK IMGW-PIB","isPartOf":{"@id":"https:\/\/cmm.imgw.pl\/#website"},"datePublished":"2023-12-21T14:26:54+00:00","dateModified":"2023-12-21T14:54:45+00:00","description":"WRF METEOPG jest prognostycznym systemem pogodowym, operacyjnie pracuj\u0105cym i rozwijanym od 2018 roku w Centrum Informatycznym TASK na Politechnice Gda\u0144skiej, w ramach projekt\u00f3w obliczeniowych przez prof. Mariusza Figurskiego, kt\u00f3ry wykorzystuje niehydrostatyczny model WRF (Weather Research and Forecasting). Prognozy z WRF METEOPG udost\u0119pniane s\u0105 do IMGW-PIB na mocy podpisanego porozumienia o wsp\u00f3\u0142pracy mi\u0119dzy Politechnik\u0105 Gda\u0144sk\u0105 i Instytutem Meteorologii i Gospodarki Wodnej z 2019 roku.","breadcrumb":{"@id":"https:\/\/cmm.imgw.pl\/?p=39210#breadcrumb"},"inLanguage":"pl-PL","potentialAction":[{"@type":"ReadAction","target":["https:\/\/cmm.imgw.pl\/?p=39210"]}]},{"@type":"BreadcrumbList","@id":"https:\/\/cmm.imgw.pl\/?p=39210#breadcrumb","itemListElement":[{"@type":"ListItem","position":1,"name":"Home","item":"https:\/\/cmm.imgw.pl\/"},{"@type":"ListItem","position":2,"name":"Prognoza dla Tatr w Serwisie zimowym"}]},{"@type":"WebSite","@id":"https:\/\/cmm.imgw.pl\/#website","url":"https:\/\/cmm.imgw.pl\/","name":"Laboratorium Modelowania Meteorologicznego CMOK IMGW-PIB","description":"CMOK-LMM Laboratorium pe\u0142ni pa\u0144stwow\u0105 s\u0142u\u017cb\u0119 hydrologiczno-meteorologiczn\u0105 w zakresie numerycznych prognoz pogody, kt\u00f3rego zadaniem jest konsolidacja kompetencji w obszarze modelowania zjawisk pogodowych oraz dalszego rozwoju numerycznych modeli pogody (NMP).","publisher":{"@id":"https:\/\/cmm.imgw.pl\/#organization"},"potentialAction":[{"@type":"SearchAction","target":{"@type":"EntryPoint","urlTemplate":"https:\/\/cmm.imgw.pl\/?s={search_term_string}"},"query-input":"required name=search_term_string"}],"inLanguage":"pl-PL"},{"@type":"Organization","@id":"https:\/\/cmm.imgw.pl\/#organization","name":"Laboratorium Modelowania Meteorologicznego CMOK IMGW-PIB","url":"https:\/\/cmm.imgw.pl\/","sameAs":["https:\/\/www.facebook.com\/Meteoimgw\/","https:\/\/twitter.com\/IMGW_CMM"],"logo":{"@type":"ImageObject","inLanguage":"pl-PL","@id":"https:\/\/cmm.imgw.pl\/#\/schema\/logo\/image\/","url":"https:\/\/cmm.imgw.pl\/wp-content\/uploads\/2025\/10\/MODELE_LOGO_UNIFIKACJA_v2.png","contentUrl":"https:\/\/cmm.imgw.pl\/wp-content\/uploads\/2025\/10\/MODELE_LOGO_UNIFIKACJA_v2.png","width":1356,"height":365,"caption":"Laboratorium Modelowania Meteorologicznego CMOK IMGW-PIB"},"image":{"@id":"https:\/\/cmm.imgw.pl\/#\/schema\/logo\/image\/"}},{"@type":"Person","@id":"https:\/\/cmm.imgw.pl\/#\/schema\/person\/a24a37fe434fe76b0f5791e6bd3fdb46","name":"CMM","image":{"@type":"ImageObject","inLanguage":"pl-PL","@id":"https:\/\/cmm.imgw.pl\/#\/schema\/person\/image\/","url":"https:\/\/secure.gravatar.com\/avatar\/9248ea2273711f1cd09d6bd45867dbfb?s=96&d=blank&r=g","contentUrl":"https:\/\/secure.gravatar.com\/avatar\/9248ea2273711f1cd09d6bd45867dbfb?s=96&d=blank&r=g","caption":"CMM"},"sameAs":["http:\/\/cmm.imgw.pl"],"url":"https:\/\/cmm.imgw.pl\/?author=3"}]}},"_links":{"self":[{"href":"https:\/\/cmm.imgw.pl\/index.php?rest_route=\/wp\/v2\/posts\/39210"}],"collection":[{"href":"https:\/\/cmm.imgw.pl\/index.php?rest_route=\/wp\/v2\/posts"}],"about":[{"href":"https:\/\/cmm.imgw.pl\/index.php?rest_route=\/wp\/v2\/types\/post"}],"author":[{"embeddable":true,"href":"https:\/\/cmm.imgw.pl\/index.php?rest_route=\/wp\/v2\/users\/3"}],"replies":[{"embeddable":true,"href":"https:\/\/cmm.imgw.pl\/index.php?rest_route=%2Fwp%2Fv2%2Fcomments&post=39210"}],"version-history":[{"count":3,"href":"https:\/\/cmm.imgw.pl\/index.php?rest_route=\/wp\/v2\/posts\/39210\/revisions"}],"predecessor-version":[{"id":39224,"href":"https:\/\/cmm.imgw.pl\/index.php?rest_route=\/wp\/v2\/posts\/39210\/revisions\/39224"}],"wp:attachment":[{"href":"https:\/\/cmm.imgw.pl\/index.php?rest_route=%2Fwp%2Fv2%2Fmedia&parent=39210"}],"wp:term":[{"taxonomy":"category","embeddable":true,"href":"https:\/\/cmm.imgw.pl\/index.php?rest_route=%2Fwp%2Fv2%2Fcategories&post=39210"},{"taxonomy":"post_tag","embeddable":true,"href":"https:\/\/cmm.imgw.pl\/index.php?rest_route=%2Fwp%2Fv2%2Ftags&post=39210"}],"curies":[{"name":"wp","href":"https:\/\/api.w.org\/{rel}","templated":true}]}}