{"id":38856,"date":"2023-12-17T22:52:31","date_gmt":"2023-12-17T21:52:31","guid":{"rendered":"https:\/\/cmm.imgw.pl\/?p=38856"},"modified":"2023-12-17T23:22:04","modified_gmt":"2023-12-17T22:22:04","slug":"orientacyjna-analiza-sytuacji-meteorologicznej-na-podstawie-numerycznych-modeli-pogody-w-dniach-22-26-xii-2023-roku","status":"publish","type":"post","link":"https:\/\/cmm.imgw.pl\/?p=38856","title":{"rendered":"Orientacyjna analiza sytuacji meteorologicznej na podstawie numerycznych modeli pogody w dniach 22-26 XII 2023 roku."},"content":{"rendered":"\n<figure class=\"wp-block-image size-large\"><img loading=\"lazy\" width=\"1024\" height=\"576\" src=\"https:\/\/cmm.imgw.pl\/wp-content\/uploads\/2023\/03\/komentarz4-1-1024x576.png\" alt=\"\" class=\"wp-image-23617\" srcset=\"https:\/\/cmm.imgw.pl\/wp-content\/uploads\/2023\/03\/komentarz4-1-1024x576.png 1024w, https:\/\/cmm.imgw.pl\/wp-content\/uploads\/2023\/03\/komentarz4-1-300x169.png 300w, https:\/\/cmm.imgw.pl\/wp-content\/uploads\/2023\/03\/komentarz4-1-768x432.png 768w, https:\/\/cmm.imgw.pl\/wp-content\/uploads\/2023\/03\/komentarz4-1-800x450.png 800w, https:\/\/cmm.imgw.pl\/wp-content\/uploads\/2023\/03\/komentarz4-1.png 1280w\" sizes=\"(max-width: 1024px) 100vw, 1024px\" \/><\/figure>\n\n\n\n<p><em>Tre\u015b\u0107 komentarza do numerycznych prognoz meteorologicznych stanowi niezale\u017cne od biura prognoz meteorologicznych opracowanie wykonane w Centrum Modelowania Meteorologicznego i nie stanowi oficjalnej prognozy synoptycznej IMGW-PIB.<\/em><\/p>\n\n\n\n<p><strong>Opracowanie:<\/strong><\/p>\n\n\n\n<p><strong>dr&nbsp;Grzegorz&nbsp;Duniec, <a href=\"https:\/\/cmm.imgw.pl\/\" target=\"_blank\" rel=\"noreferrer noopener\"><mark style=\"background-color:rgba(0, 0, 0, 0)\" class=\"has-inline-color has-vivid-cyan-blue-color\">Centrum Modelowania Meteorologicznego IMGW-PIB<\/mark><\/a><\/strong><\/p>\n\n\n<p><\/p>\n<p><img loading=\"lazy\" width=\"466\" height=\"439\" class=\"wp-image-38953 aligncenter\" src=\"http:\/\/cmm.imgw.pl\/wp-content\/uploads\/2023\/12\/word-image-38856-1-2.jpeg\" srcset=\"https:\/\/cmm.imgw.pl\/wp-content\/uploads\/2023\/12\/word-image-38856-1-2.jpeg 466w, https:\/\/cmm.imgw.pl\/wp-content\/uploads\/2023\/12\/word-image-38856-1-2-300x283.jpeg 300w\" sizes=\"(max-width: 466px) 100vw, 466px\" \/> <img loading=\"lazy\" width=\"470\" height=\"443\" class=\"wp-image-38954 aligncenter\" src=\"http:\/\/cmm.imgw.pl\/wp-content\/uploads\/2023\/12\/word-image-38856-2-2.jpeg\" srcset=\"https:\/\/cmm.imgw.pl\/wp-content\/uploads\/2023\/12\/word-image-38856-2-2.jpeg 470w, https:\/\/cmm.imgw.pl\/wp-content\/uploads\/2023\/12\/word-image-38856-2-2-300x283.jpeg 300w\" sizes=\"(max-width: 470px) 100vw, 470px\" \/><\/p>\n<p><img loading=\"lazy\" width=\"460\" height=\"433\" class=\"wp-image-38955 aligncenter\" src=\"http:\/\/cmm.imgw.pl\/wp-content\/uploads\/2023\/12\/word-image-38856-3-2.jpeg\" srcset=\"https:\/\/cmm.imgw.pl\/wp-content\/uploads\/2023\/12\/word-image-38856-3-2.jpeg 460w, https:\/\/cmm.imgw.pl\/wp-content\/uploads\/2023\/12\/word-image-38856-3-2-300x282.jpeg 300w\" sizes=\"(max-width: 460px) 100vw, 460px\" \/> <img loading=\"lazy\" width=\"460\" height=\"433\" class=\"wp-image-38956 aligncenter\" src=\"http:\/\/cmm.imgw.pl\/wp-content\/uploads\/2023\/12\/word-image-38856-4-2.jpeg\" srcset=\"https:\/\/cmm.imgw.pl\/wp-content\/uploads\/2023\/12\/word-image-38856-4-2.jpeg 460w, https:\/\/cmm.imgw.pl\/wp-content\/uploads\/2023\/12\/word-image-38856-4-2-300x282.jpeg 300w\" sizes=\"(max-width: 460px) 100vw, 460px\" \/><\/p>\n<p><img loading=\"lazy\" width=\"518\" height=\"488\" class=\"wp-image-38957 aligncenter\" src=\"http:\/\/cmm.imgw.pl\/wp-content\/uploads\/2023\/12\/word-image-38856-5-2.jpeg\" srcset=\"https:\/\/cmm.imgw.pl\/wp-content\/uploads\/2023\/12\/word-image-38856-5-2.jpeg 518w, https:\/\/cmm.imgw.pl\/wp-content\/uploads\/2023\/12\/word-image-38856-5-2-300x283.jpeg 300w\" sizes=\"(max-width: 518px) 100vw, 518px\" \/><\/p>\n<p>Prognoza pola ci\u015bnienia na dzie\u0144 22 grudnia 2023 roku.<\/p>\n<p><img loading=\"lazy\" width=\"1114\" height=\"1560\" class=\"wp-image-38958 aligncenter\" src=\"http:\/\/cmm.imgw.pl\/wp-content\/uploads\/2023\/12\/obraz-zawierajacy-wielobarwnosc-sztuka-wzor-szt-2.gif\" alt=\"Obraz zawieraj\u0105cy Wielobarwno\u015b\u0107, sztuka, wz\u00f3r, Sztuka fraktalna\n\nOpis wygenerowany automatycznie\"><\/p>\n<p>Oko\u0142o 20 grudnia 2023 roku w rejonie Islandii dojdzie do cyklogenezy.<\/p>\n<p><img loading=\"lazy\" width=\"946\" height=\"748\" class=\"wp-image-38959 aligncenter\" src=\"http:\/\/cmm.imgw.pl\/wp-content\/uploads\/2023\/12\/obraz-zawierajacy-tekst-mapa-diagram-atlas-opi.jpeg\" alt=\"Obraz zawieraj\u0105cy tekst, mapa, diagram, atlas\n\nOpis wygenerowany automatycznie\" srcset=\"https:\/\/cmm.imgw.pl\/wp-content\/uploads\/2023\/12\/obraz-zawierajacy-tekst-mapa-diagram-atlas-opi.jpeg 946w, https:\/\/cmm.imgw.pl\/wp-content\/uploads\/2023\/12\/obraz-zawierajacy-tekst-mapa-diagram-atlas-opi-300x237.jpeg 300w, https:\/\/cmm.imgw.pl\/wp-content\/uploads\/2023\/12\/obraz-zawierajacy-tekst-mapa-diagram-atlas-opi-768x607.jpeg 768w\" sizes=\"(max-width: 946px) 100vw, 946px\" \/><\/p>\n<p>Zacznie rozwija\u0107 si\u0119 uk\u0142ad niskiego ci\u015bnienia. O godzinie 18 UTC, 20 grudnia 2023 roku, na ESE od Islandii wyst\u0119powa\u0107 b\u0119dzie znaczna ujemna tendencja ci\u015bnienia. Wir b\u0119dzie bardzo szybko si\u0119 pog\u0142\u0119bia\u0142 i zacznie przemieszcza\u0107 si\u0119 w rejon Morza P\u00f3\u0142nocnego. W czwartek 21 grudnia 2023 roku, o godzinie 12 UTC, obszar najwi\u0119kszych spadk\u00f3w ci\u015bnienia dotrze nad Ba\u0142tyk. A g\u0142\u0119boko\u015b\u0107 wiru cyklonicznego osi\u0105gnie warto\u015b\u0107 965 hPa nad Morzem P\u00f3\u0142nocnym.<\/p>\n<p><img loading=\"lazy\" width=\"946\" height=\"748\" class=\"wp-image-38960 aligncenter\" src=\"http:\/\/cmm.imgw.pl\/wp-content\/uploads\/2023\/12\/obraz-zawierajacy-tekst-diagram-wielobarwnosc-m.jpeg\" alt=\"Obraz zawieraj\u0105cy tekst, diagram, Wielobarwno\u015b\u0107, mapa\n\nOpis wygenerowany automatycznie\" srcset=\"https:\/\/cmm.imgw.pl\/wp-content\/uploads\/2023\/12\/obraz-zawierajacy-tekst-diagram-wielobarwnosc-m.jpeg 946w, https:\/\/cmm.imgw.pl\/wp-content\/uploads\/2023\/12\/obraz-zawierajacy-tekst-diagram-wielobarwnosc-m-300x237.jpeg 300w, https:\/\/cmm.imgw.pl\/wp-content\/uploads\/2023\/12\/obraz-zawierajacy-tekst-diagram-wielobarwnosc-m-768x607.jpeg 768w\" sizes=\"(max-width: 946px) 100vw, 946px\" \/><\/p>\n<p>W pi\u0105tek rano ni\u017c przemie\u015bci si\u0119 nad Skandynawi\u0119, a ci\u015bnienie obni\u017cy si\u0119 do 964 hPa (wed\u0142ug modelu WRF ci\u015bnienie obni\u017cy si\u0119 poni\u017cej 960 hPa).<\/p>\n<p><img loading=\"lazy\" width=\"476\" height=\"377\" class=\"wp-image-38961 aligncenter\" src=\"http:\/\/cmm.imgw.pl\/wp-content\/uploads\/2023\/12\/obraz-zawierajacy-tekst-diagram-mapa-opis-wygen.jpeg\" alt=\"Obraz zawieraj\u0105cy tekst, diagram, mapa\n\nOpis wygenerowany automatycznie\" srcset=\"https:\/\/cmm.imgw.pl\/wp-content\/uploads\/2023\/12\/obraz-zawierajacy-tekst-diagram-mapa-opis-wygen.jpeg 476w, https:\/\/cmm.imgw.pl\/wp-content\/uploads\/2023\/12\/obraz-zawierajacy-tekst-diagram-mapa-opis-wygen-300x238.jpeg 300w\" sizes=\"(max-width: 476px) 100vw, 476px\" \/> <img loading=\"lazy\" width=\"442\" height=\"350\" class=\"wp-image-38962 aligncenter\" src=\"http:\/\/cmm.imgw.pl\/wp-content\/uploads\/2023\/12\/obraz-zawierajacy-tekst-mapa-diagram-opis-wygen.jpeg\" alt=\"Obraz zawieraj\u0105cy tekst, mapa, diagram\n\nOpis wygenerowany automatycznie\" srcset=\"https:\/\/cmm.imgw.pl\/wp-content\/uploads\/2023\/12\/obraz-zawierajacy-tekst-mapa-diagram-opis-wygen.jpeg 442w, https:\/\/cmm.imgw.pl\/wp-content\/uploads\/2023\/12\/obraz-zawierajacy-tekst-mapa-diagram-opis-wygen-300x238.jpeg 300w\" sizes=\"(max-width: 442px) 100vw, 442px\" \/> <img loading=\"lazy\" width=\"433\" height=\"342\" class=\"wp-image-38963 aligncenter\" src=\"http:\/\/cmm.imgw.pl\/wp-content\/uploads\/2023\/12\/obraz-zawierajacy-tekst-mapa-diagram-opis-wygen-1.jpeg\" alt=\"Obraz zawieraj\u0105cy tekst, mapa, diagram\n\nOpis wygenerowany automatycznie\" srcset=\"https:\/\/cmm.imgw.pl\/wp-content\/uploads\/2023\/12\/obraz-zawierajacy-tekst-mapa-diagram-opis-wygen-1.jpeg 433w, https:\/\/cmm.imgw.pl\/wp-content\/uploads\/2023\/12\/obraz-zawierajacy-tekst-mapa-diagram-opis-wygen-1-300x237.jpeg 300w\" sizes=\"(max-width: 433px) 100vw, 433px\" \/><\/p>\n<p>W pi\u0105tek w po\u0142udnie centrum ni\u017cu dotrze do Zat. Fi\u0144skiej (WRF) lub nad Ba\u0142tyk (GEM). Ujemna tendencja ci\u015bnienia na dolnych mapach zacznie si\u0119 zmniejsza\u0107 i ju\u017c w godzinach po\u0142udniowych b\u0119dzie dodatnia. Zatem ni\u017c wejdzie w stadium wype\u0142niania i g\u0142\u0119boko\u015b\u0107 wiru cyklonicznego zacznie si\u0119 bardzo powoli zmniejsza\u0107, co oznacza\u0107 b\u0119dzie wzrost ci\u015bnienia. Ponadto uk\u0142ad niskiego ci\u015bnienia zacznie traci\u0107 asymetri\u0119 termiczn\u0105 powoduj\u0105c, \u017ce o\u015brodek ni\u017cowy b\u0119dzie nieznacznie si\u0119 przemieszcza\u0142.<\/p>\n<p><img loading=\"lazy\" width=\"946\" height=\"748\" class=\"wp-image-38964 aligncenter\" src=\"http:\/\/cmm.imgw.pl\/wp-content\/uploads\/2023\/12\/obraz-zawierajacy-tekst-mapa-diagram-atlas-opi-1.jpeg\" alt=\"Obraz zawieraj\u0105cy tekst, mapa, diagram, atlas\n\nOpis wygenerowany automatycznie\" srcset=\"https:\/\/cmm.imgw.pl\/wp-content\/uploads\/2023\/12\/obraz-zawierajacy-tekst-mapa-diagram-atlas-opi-1.jpeg 946w, https:\/\/cmm.imgw.pl\/wp-content\/uploads\/2023\/12\/obraz-zawierajacy-tekst-mapa-diagram-atlas-opi-1-300x237.jpeg 300w, https:\/\/cmm.imgw.pl\/wp-content\/uploads\/2023\/12\/obraz-zawierajacy-tekst-mapa-diagram-atlas-opi-1-768x607.jpeg 768w\" sizes=\"(max-width: 946px) 100vw, 946px\" \/><\/p>\n<p><img loading=\"lazy\" width=\"1114\" height=\"1560\" class=\"wp-image-38965 aligncenter\" src=\"http:\/\/cmm.imgw.pl\/wp-content\/uploads\/2023\/12\/obraz-zawierajacy-wielobarwnosc-sztuka-fraktalna-1.gif\" alt=\"Obraz zawieraj\u0105cy Wielobarwno\u015b\u0107, Sztuka fraktalna, Sztuka psychodeliczna, zrzut ekranu\n\nOpis wygenerowany automatycznie\"><\/p>\n<p>W niedziel\u0119 24 grudnia 2023 roku o\u015brodek b\u0119dzie zalega\u0142 nad Finlandi\u0105 z o\u015brodkiem 971 hPa.<\/p>\n<p>Nurkuj\u0105cy ni\u017c znad Islandii oraz wy\u017c znad Atlantyku spowoduje cyrkulacj\u0119 cyklonaln\u0105 zachodni\u0105 w Europie i w Polsce.<\/p>\n<p>Zar\u00f3wno w pi\u0105tek jak i sobot\u0119, i w niedziel\u0119 Polska pozostanie w obszarze wysokogradientowym. Nale\u017cy spodziewa\u0107 si\u0119 znacznych pr\u0119dko\u015bci wiatru.<\/p>\n<p><img loading=\"lazy\" width=\"944\" height=\"889\" class=\"wp-image-38966 aligncenter\" src=\"http:\/\/cmm.imgw.pl\/wp-content\/uploads\/2023\/12\/word-image-38856-14-1.jpeg\" srcset=\"https:\/\/cmm.imgw.pl\/wp-content\/uploads\/2023\/12\/word-image-38856-14-1.jpeg 944w, https:\/\/cmm.imgw.pl\/wp-content\/uploads\/2023\/12\/word-image-38856-14-1-300x283.jpeg 300w, https:\/\/cmm.imgw.pl\/wp-content\/uploads\/2023\/12\/word-image-38856-14-1-768x723.jpeg 768w\" sizes=\"(max-width: 944px) 100vw, 944px\" \/><\/p>\n<p>W pi\u0105tek kierunek wiatru zachodni. \u015arednia pr\u0119dko\u015b\u0107 wiatru osi\u0105ga\u0107 b\u0119dzie warto\u015b\u0107 20-60 km\/h.<\/p>\n<p><img loading=\"lazy\" width=\"441\" height=\"415\" class=\"wp-image-38967 aligncenter\" src=\"http:\/\/cmm.imgw.pl\/wp-content\/uploads\/2023\/12\/word-image-38856-15-1.jpeg\" srcset=\"https:\/\/cmm.imgw.pl\/wp-content\/uploads\/2023\/12\/word-image-38856-15-1.jpeg 441w, https:\/\/cmm.imgw.pl\/wp-content\/uploads\/2023\/12\/word-image-38856-15-1-300x282.jpeg 300w\" sizes=\"(max-width: 441px) 100vw, 441px\" \/> <img loading=\"lazy\" width=\"424\" height=\"400\" class=\"wp-image-38968 aligncenter\" src=\"http:\/\/cmm.imgw.pl\/wp-content\/uploads\/2023\/12\/word-image-38856-16-1.jpeg\" srcset=\"https:\/\/cmm.imgw.pl\/wp-content\/uploads\/2023\/12\/word-image-38856-16-1.jpeg 424w, https:\/\/cmm.imgw.pl\/wp-content\/uploads\/2023\/12\/word-image-38856-16-1-300x283.jpeg 300w\" sizes=\"(max-width: 424px) 100vw, 424px\" \/><\/p>\n<p>W porywach pr\u0119dko\u015b\u0107 wiatru b\u0119dzie osi\u0105ga\u0142a warto\u015b\u0107 90-110 km\/h. Na Ba\u0142tyku sztorm.<\/p>\n<p><img loading=\"lazy\" width=\"600\" height=\"640\" class=\"wp-image-38969 aligncenter\" src=\"http:\/\/cmm.imgw.pl\/wp-content\/uploads\/2023\/12\/word-image-38856-17-1.png\" srcset=\"https:\/\/cmm.imgw.pl\/wp-content\/uploads\/2023\/12\/word-image-38856-17-1.png 600w, https:\/\/cmm.imgw.pl\/wp-content\/uploads\/2023\/12\/word-image-38856-17-1-281x300.png 281w\" sizes=\"(max-width: 600px) 100vw, 600px\" \/><\/p>\n<p>Nad Polsk\u0105 b\u0119dzie zalega\u0142 pr\u0105d strumieniowy. Na wysoko\u015bci 9 km, o\u015b pr\u0105du b\u0119dzie przebiega\u0142a z NW na SE pr\u0119dko\u015b\u0107 wiatru osi\u0105ga\u0107 b\u0119dzie pr\u0119dko\u015b\u0107 160 kt (80 m\/s).<\/p>\n<p><img loading=\"lazy\" width=\"944\" height=\"889\" class=\"wp-image-38970 aligncenter\" src=\"http:\/\/cmm.imgw.pl\/wp-content\/uploads\/2023\/12\/word-image-38856-18-1.jpeg\" srcset=\"https:\/\/cmm.imgw.pl\/wp-content\/uploads\/2023\/12\/word-image-38856-18-1.jpeg 944w, https:\/\/cmm.imgw.pl\/wp-content\/uploads\/2023\/12\/word-image-38856-18-1-300x283.jpeg 300w, https:\/\/cmm.imgw.pl\/wp-content\/uploads\/2023\/12\/word-image-38856-18-1-768x723.jpeg 768w\" sizes=\"(max-width: 944px) 100vw, 944px\" \/> <img loading=\"lazy\" width=\"439\" height=\"413\" class=\"wp-image-38971 aligncenter\" src=\"http:\/\/cmm.imgw.pl\/wp-content\/uploads\/2023\/12\/word-image-38856-19-1.jpeg\" srcset=\"https:\/\/cmm.imgw.pl\/wp-content\/uploads\/2023\/12\/word-image-38856-19-1.jpeg 439w, https:\/\/cmm.imgw.pl\/wp-content\/uploads\/2023\/12\/word-image-38856-19-1-300x282.jpeg 300w\" sizes=\"(max-width: 439px) 100vw, 439px\" \/> <img loading=\"lazy\" width=\"440\" height=\"414\" class=\"wp-image-38972 aligncenter\" src=\"http:\/\/cmm.imgw.pl\/wp-content\/uploads\/2023\/12\/word-image-38856-20-1.jpeg\" srcset=\"https:\/\/cmm.imgw.pl\/wp-content\/uploads\/2023\/12\/word-image-38856-20-1.jpeg 440w, https:\/\/cmm.imgw.pl\/wp-content\/uploads\/2023\/12\/word-image-38856-20-1-300x282.jpeg 300w\" sizes=\"(max-width: 440px) 100vw, 440px\" \/><\/p>\n<p>W sobot\u0119 wiatr nadal zachodni, 14-50 km\/h. W porywach do 70 km\/h i 100 km\/h na po\u0142udniu kraju.<\/p>\n<p><img loading=\"lazy\" width=\"946\" height=\"748\" class=\"wp-image-38973 aligncenter\" src=\"http:\/\/cmm.imgw.pl\/wp-content\/uploads\/2023\/12\/obraz-zawierajacy-tekst-mapa-diagram-numer-opi.jpeg\" alt=\"Obraz zawieraj\u0105cy tekst, mapa, diagram, numer\n\nOpis wygenerowany automatycznie\" srcset=\"https:\/\/cmm.imgw.pl\/wp-content\/uploads\/2023\/12\/obraz-zawierajacy-tekst-mapa-diagram-numer-opi.jpeg 946w, https:\/\/cmm.imgw.pl\/wp-content\/uploads\/2023\/12\/obraz-zawierajacy-tekst-mapa-diagram-numer-opi-300x237.jpeg 300w, https:\/\/cmm.imgw.pl\/wp-content\/uploads\/2023\/12\/obraz-zawierajacy-tekst-mapa-diagram-numer-opi-768x607.jpeg 768w\" sizes=\"(max-width: 946px) 100vw, 946px\" \/><\/p>\n<p>W nocy 23\/24 grudnia 2023 roku nad Polsk\u0105 b\u0119dzie wyst\u0119powa\u0142a strefa dodatnich tendencji ci\u015bnienia.<\/p>\n<p><img loading=\"lazy\" width=\"447\" height=\"421\" class=\"wp-image-38974 aligncenter\" src=\"http:\/\/cmm.imgw.pl\/wp-content\/uploads\/2023\/12\/word-image-38856-22-1.jpeg\" srcset=\"https:\/\/cmm.imgw.pl\/wp-content\/uploads\/2023\/12\/word-image-38856-22-1.jpeg 447w, https:\/\/cmm.imgw.pl\/wp-content\/uploads\/2023\/12\/word-image-38856-22-1-300x283.jpeg 300w\" sizes=\"(max-width: 447px) 100vw, 447px\" \/> <img loading=\"lazy\" width=\"446\" height=\"419\" class=\"wp-image-38975 aligncenter\" src=\"http:\/\/cmm.imgw.pl\/wp-content\/uploads\/2023\/12\/word-image-38856-23-1.jpeg\" srcset=\"https:\/\/cmm.imgw.pl\/wp-content\/uploads\/2023\/12\/word-image-38856-23-1.jpeg 446w, https:\/\/cmm.imgw.pl\/wp-content\/uploads\/2023\/12\/word-image-38856-23-1-300x282.jpeg 300w\" sizes=\"(max-width: 446px) 100vw, 446px\" \/><\/p>\n<p><img loading=\"lazy\" width=\"440\" height=\"414\" class=\"wp-image-38976 aligncenter\" src=\"http:\/\/cmm.imgw.pl\/wp-content\/uploads\/2023\/12\/word-image-38856-24-1.jpeg\" srcset=\"https:\/\/cmm.imgw.pl\/wp-content\/uploads\/2023\/12\/word-image-38856-24-1.jpeg 440w, https:\/\/cmm.imgw.pl\/wp-content\/uploads\/2023\/12\/word-image-38856-24-1-300x282.jpeg 300w\" sizes=\"(max-width: 440px) 100vw, 440px\" \/><\/p>\n<p>B\u0119dzie si\u0119 zwi\u0119ksza\u0142 horyzontalny gradient ci\u015bnienia nad Polsk\u0105.<\/p>\n<p><img loading=\"lazy\" width=\"596\" height=\"560\" class=\"wp-image-38977 aligncenter\" src=\"http:\/\/cmm.imgw.pl\/wp-content\/uploads\/2023\/12\/word-image-38856-25-1.jpeg\" srcset=\"https:\/\/cmm.imgw.pl\/wp-content\/uploads\/2023\/12\/word-image-38856-25-1.jpeg 596w, https:\/\/cmm.imgw.pl\/wp-content\/uploads\/2023\/12\/word-image-38856-25-1-300x282.jpeg 300w\" sizes=\"(max-width: 596px) 100vw, 596px\" \/><\/p>\n<p><img loading=\"lazy\" width=\"425\" height=\"401\" class=\"wp-image-38978 aligncenter\" src=\"http:\/\/cmm.imgw.pl\/wp-content\/uploads\/2023\/12\/word-image-38856-26-1.jpeg\" srcset=\"https:\/\/cmm.imgw.pl\/wp-content\/uploads\/2023\/12\/word-image-38856-26-1.jpeg 425w, https:\/\/cmm.imgw.pl\/wp-content\/uploads\/2023\/12\/word-image-38856-26-1-300x283.jpeg 300w\" sizes=\"(max-width: 425px) 100vw, 425px\" \/> <img loading=\"lazy\" width=\"423\" height=\"398\" class=\"wp-image-38979 aligncenter\" src=\"http:\/\/cmm.imgw.pl\/wp-content\/uploads\/2023\/12\/word-image-38856-27-1.jpeg\" srcset=\"https:\/\/cmm.imgw.pl\/wp-content\/uploads\/2023\/12\/word-image-38856-27-1.jpeg 423w, https:\/\/cmm.imgw.pl\/wp-content\/uploads\/2023\/12\/word-image-38856-27-1-300x282.jpeg 300w\" sizes=\"(max-width: 423px) 100vw, 423px\" \/> <img loading=\"lazy\" width=\"423\" height=\"399\" class=\"wp-image-38980 aligncenter\" src=\"http:\/\/cmm.imgw.pl\/wp-content\/uploads\/2023\/12\/word-image-38856-28-1.jpeg\" srcset=\"https:\/\/cmm.imgw.pl\/wp-content\/uploads\/2023\/12\/word-image-38856-28-1.jpeg 423w, https:\/\/cmm.imgw.pl\/wp-content\/uploads\/2023\/12\/word-image-38856-28-1-300x283.jpeg 300w\" sizes=\"(max-width: 423px) 100vw, 423px\" \/> <img loading=\"lazy\" width=\"416\" height=\"391\" class=\"wp-image-38981 aligncenter\" src=\"http:\/\/cmm.imgw.pl\/wp-content\/uploads\/2023\/12\/word-image-38856-29-1.jpeg\" srcset=\"https:\/\/cmm.imgw.pl\/wp-content\/uploads\/2023\/12\/word-image-38856-29-1.jpeg 416w, https:\/\/cmm.imgw.pl\/wp-content\/uploads\/2023\/12\/word-image-38856-29-1-300x282.jpeg 300w\" sizes=\"(max-width: 416px) 100vw, 416px\" \/> <img loading=\"lazy\" width=\"388\" height=\"365\" class=\"wp-image-38982 aligncenter\" src=\"http:\/\/cmm.imgw.pl\/wp-content\/uploads\/2023\/12\/word-image-38856-30-1.jpeg\" srcset=\"https:\/\/cmm.imgw.pl\/wp-content\/uploads\/2023\/12\/word-image-38856-30-1.jpeg 388w, https:\/\/cmm.imgw.pl\/wp-content\/uploads\/2023\/12\/word-image-38856-30-1-300x282.jpeg 300w\" sizes=\"(max-width: 388px) 100vw, 388px\" \/> <img loading=\"lazy\" width=\"379\" height=\"356\" class=\"wp-image-38983 aligncenter\" src=\"http:\/\/cmm.imgw.pl\/wp-content\/uploads\/2023\/12\/word-image-38856-31-1.jpeg\" srcset=\"https:\/\/cmm.imgw.pl\/wp-content\/uploads\/2023\/12\/word-image-38856-31-1.jpeg 379w, https:\/\/cmm.imgw.pl\/wp-content\/uploads\/2023\/12\/word-image-38856-31-1-300x282.jpeg 300w\" sizes=\"(max-width: 379px) 100vw, 379px\" \/><\/p>\n<p>W niedziel\u0119 wiatr nadal zachodni, 20-45 km\/h. W soboty na niedziel\u0119 nasunie si\u0119 od zachodu strefa zwi\u0119kszonych poryw\u00f3w wiatru do 70-90 km\/h. Strefa b\u0119dzie przemieszcza\u0142a si\u0119 na wsch\u00f3d.<\/p>\n<p><img loading=\"lazy\" width=\"465\" height=\"368\" class=\"wp-image-38984 aligncenter\" src=\"http:\/\/cmm.imgw.pl\/wp-content\/uploads\/2023\/12\/obraz-zawierajacy-tekst-diagram-numer-zrzut-ekr.jpeg\" alt=\"Obraz zawieraj\u0105cy tekst, diagram, numer, zrzut ekranu\n\nOpis wygenerowany automatycznie\" srcset=\"https:\/\/cmm.imgw.pl\/wp-content\/uploads\/2023\/12\/obraz-zawierajacy-tekst-diagram-numer-zrzut-ekr.jpeg 465w, https:\/\/cmm.imgw.pl\/wp-content\/uploads\/2023\/12\/obraz-zawierajacy-tekst-diagram-numer-zrzut-ekr-300x237.jpeg 300w\" sizes=\"(max-width: 465px) 100vw, 465px\" \/> <img loading=\"lazy\" width=\"600\" height=\"640\" class=\"wp-image-38985 aligncenter\" src=\"http:\/\/cmm.imgw.pl\/wp-content\/uploads\/2023\/12\/word-image-38856-33-1.png\" srcset=\"https:\/\/cmm.imgw.pl\/wp-content\/uploads\/2023\/12\/word-image-38856-33-1.png 600w, https:\/\/cmm.imgw.pl\/wp-content\/uploads\/2023\/12\/word-image-38856-33-1-281x300.png 281w\" sizes=\"(max-width: 600px) 100vw, 600px\" \/><\/p>\n<p>W pi\u0105tek Polska b\u0119dzie w zasi\u0119gu zatoki ch\u0142odu.<\/p>\n<p><img loading=\"lazy\" width=\"505\" height=\"399\" class=\"wp-image-38986 aligncenter\" src=\"http:\/\/cmm.imgw.pl\/wp-content\/uploads\/2023\/12\/obraz-zawierajacy-tekst-diagram-numer-mapa-opi.jpeg\" alt=\"Obraz zawieraj\u0105cy tekst, diagram, numer, mapa\n\nOpis wygenerowany automatycznie\" srcset=\"https:\/\/cmm.imgw.pl\/wp-content\/uploads\/2023\/12\/obraz-zawierajacy-tekst-diagram-numer-mapa-opi.jpeg 505w, https:\/\/cmm.imgw.pl\/wp-content\/uploads\/2023\/12\/obraz-zawierajacy-tekst-diagram-numer-mapa-opi-300x237.jpeg 300w\" sizes=\"(max-width: 505px) 100vw, 505px\" \/> <img loading=\"lazy\" width=\"600\" height=\"640\" class=\"wp-image-38987 aligncenter\" src=\"http:\/\/cmm.imgw.pl\/wp-content\/uploads\/2023\/12\/word-image-38856-35-1.png\" srcset=\"https:\/\/cmm.imgw.pl\/wp-content\/uploads\/2023\/12\/word-image-38856-35-1.png 600w, https:\/\/cmm.imgw.pl\/wp-content\/uploads\/2023\/12\/word-image-38856-35-1-281x300.png 281w\" sizes=\"(max-width: 600px) 100vw, 600px\" \/><\/p>\n<p><img loading=\"lazy\" width=\"634\" height=\"490\" class=\"wp-image-38988 aligncenter\" src=\"http:\/\/cmm.imgw.pl\/wp-content\/uploads\/2023\/12\/thck-500-1000hpa-gfs-so-23-12-2023-12-utc-1.gif\" alt=\"Thck 500-1000hPa GFS so. 23.12.2023 12 UTC\"><\/p>\n<p><img loading=\"lazy\" width=\"495\" height=\"391\" class=\"wp-image-38989 aligncenter\" src=\"http:\/\/cmm.imgw.pl\/wp-content\/uploads\/2023\/12\/obraz-zawierajacy-tekst-diagram-numer-mapa-opi-1.jpeg\" alt=\"Obraz zawieraj\u0105cy tekst, diagram, numer, mapa\n\nOpis wygenerowany automatycznie\" srcset=\"https:\/\/cmm.imgw.pl\/wp-content\/uploads\/2023\/12\/obraz-zawierajacy-tekst-diagram-numer-mapa-opi-1.jpeg 495w, https:\/\/cmm.imgw.pl\/wp-content\/uploads\/2023\/12\/obraz-zawierajacy-tekst-diagram-numer-mapa-opi-1-300x237.jpeg 300w\" sizes=\"(max-width: 495px) 100vw, 495px\" \/> <img loading=\"lazy\" width=\"600\" height=\"640\" class=\"wp-image-38990 aligncenter\" src=\"http:\/\/cmm.imgw.pl\/wp-content\/uploads\/2023\/12\/word-image-38856-38-1.png\" srcset=\"https:\/\/cmm.imgw.pl\/wp-content\/uploads\/2023\/12\/word-image-38856-38-1.png 600w, https:\/\/cmm.imgw.pl\/wp-content\/uploads\/2023\/12\/word-image-38856-38-1-281x300.png 281w\" sizes=\"(max-width: 600px) 100vw, 600px\" \/><\/p>\n<p><img loading=\"lazy\" width=\"634\" height=\"490\" class=\"wp-image-38991 aligncenter\" src=\"http:\/\/cmm.imgw.pl\/wp-content\/uploads\/2023\/12\/thck-500-1000hpa-gfs-nie-24-12-2023-12-utc-1.gif\" alt=\"Thck 500-1000hPa GFS nie. 24.12.2023 12 UTC\"> <img loading=\"lazy\" width=\"600\" height=\"640\" class=\"wp-image-38992 aligncenter\" src=\"http:\/\/cmm.imgw.pl\/wp-content\/uploads\/2023\/12\/word-image-38856-40-1.png\" srcset=\"https:\/\/cmm.imgw.pl\/wp-content\/uploads\/2023\/12\/word-image-38856-40-1.png 600w, https:\/\/cmm.imgw.pl\/wp-content\/uploads\/2023\/12\/word-image-38856-40-1-281x300.png 281w\" sizes=\"(max-width: 600px) 100vw, 600px\" \/><\/p>\n<p>W sobot\u0119 oraz w niedziel\u0119 nadal pozostaniemy w zasi\u0119gu zatoki ch\u0142odu.<\/p>\n<p><img loading=\"lazy\" width=\"944\" height=\"889\" class=\"wp-image-38993 aligncenter\" src=\"http:\/\/cmm.imgw.pl\/wp-content\/uploads\/2023\/12\/word-image-38856-41-1.jpeg\" srcset=\"https:\/\/cmm.imgw.pl\/wp-content\/uploads\/2023\/12\/word-image-38856-41-1.jpeg 944w, https:\/\/cmm.imgw.pl\/wp-content\/uploads\/2023\/12\/word-image-38856-41-1-300x283.jpeg 300w, https:\/\/cmm.imgw.pl\/wp-content\/uploads\/2023\/12\/word-image-38856-41-1-768x723.jpeg 768w\" sizes=\"(max-width: 944px) 100vw, 944px\" \/><\/p>\n<p>W pi\u0105tek b\u0119dzie ciep\u0142o, od 2 st. C w Suwa\u0142kach do 7 st. C we Wroc\u0142awiu.<\/p>\n<p><img loading=\"lazy\" width=\"944\" height=\"889\" class=\"wp-image-38994 aligncenter\" src=\"http:\/\/cmm.imgw.pl\/wp-content\/uploads\/2023\/12\/word-image-38856-42-1.jpeg\" srcset=\"https:\/\/cmm.imgw.pl\/wp-content\/uploads\/2023\/12\/word-image-38856-42-1.jpeg 944w, https:\/\/cmm.imgw.pl\/wp-content\/uploads\/2023\/12\/word-image-38856-42-1-300x283.jpeg 300w, https:\/\/cmm.imgw.pl\/wp-content\/uploads\/2023\/12\/word-image-38856-42-1-768x723.jpeg 768w\" sizes=\"(max-width: 944px) 100vw, 944px\" \/><\/p>\n<p>W sobot\u0119 nad ranem 1 st. C na wschodzie kraju do 6 st. C w Krakowie.<\/p>\n<p><img loading=\"lazy\" width=\"944\" height=\"889\" class=\"wp-image-38995 aligncenter\" src=\"http:\/\/cmm.imgw.pl\/wp-content\/uploads\/2023\/12\/word-image-38856-43-1.jpeg\" srcset=\"https:\/\/cmm.imgw.pl\/wp-content\/uploads\/2023\/12\/word-image-38856-43-1.jpeg 944w, https:\/\/cmm.imgw.pl\/wp-content\/uploads\/2023\/12\/word-image-38856-43-1-300x283.jpeg 300w, https:\/\/cmm.imgw.pl\/wp-content\/uploads\/2023\/12\/word-image-38856-43-1-768x723.jpeg 768w\" sizes=\"(max-width: 944px) 100vw, 944px\" \/><\/p>\n<p>W sobot\u0119 w ci\u0105gu dnia ch\u0142odniej, od 1 st. C w Suwa\u0142kach do 4 st. C w woj. pomorskim, zachodniopomorskim oraz dolno\u015bl\u0105skim.<\/p>\n<p><img loading=\"lazy\" width=\"944\" height=\"889\" class=\"wp-image-38996 aligncenter\" src=\"http:\/\/cmm.imgw.pl\/wp-content\/uploads\/2023\/12\/word-image-38856-44-1.jpeg\" srcset=\"https:\/\/cmm.imgw.pl\/wp-content\/uploads\/2023\/12\/word-image-38856-44-1.jpeg 944w, https:\/\/cmm.imgw.pl\/wp-content\/uploads\/2023\/12\/word-image-38856-44-1-300x283.jpeg 300w, https:\/\/cmm.imgw.pl\/wp-content\/uploads\/2023\/12\/word-image-38856-44-1-768x723.jpeg 768w\" sizes=\"(max-width: 944px) 100vw, 944px\" \/><\/p>\n<p>W niedziel\u0119 rano od -1 st. C w Suwa\u0142kach do 6 st. C w Krakowie.<\/p>\n<p><img loading=\"lazy\" width=\"944\" height=\"889\" class=\"wp-image-38997 aligncenter\" src=\"http:\/\/cmm.imgw.pl\/wp-content\/uploads\/2023\/12\/word-image-38856-45-1.jpeg\" srcset=\"https:\/\/cmm.imgw.pl\/wp-content\/uploads\/2023\/12\/word-image-38856-45-1.jpeg 944w, https:\/\/cmm.imgw.pl\/wp-content\/uploads\/2023\/12\/word-image-38856-45-1-300x283.jpeg 300w, https:\/\/cmm.imgw.pl\/wp-content\/uploads\/2023\/12\/word-image-38856-45-1-768x723.jpeg 768w\" sizes=\"(max-width: 944px) 100vw, 944px\" \/><\/p>\n<p>W niedziel\u0119 w po\u0142udnie od 0 st. C w woj. podlaskim do 4 st. C we Wroc\u0142awiu i Krakowie.<\/p>\n<p><img loading=\"lazy\" width=\"459\" height=\"432\" class=\"wp-image-38998 aligncenter\" src=\"http:\/\/cmm.imgw.pl\/wp-content\/uploads\/2023\/12\/word-image-38856-46-1.jpeg\" srcset=\"https:\/\/cmm.imgw.pl\/wp-content\/uploads\/2023\/12\/word-image-38856-46-1.jpeg 459w, https:\/\/cmm.imgw.pl\/wp-content\/uploads\/2023\/12\/word-image-38856-46-1-300x282.jpeg 300w\" sizes=\"(max-width: 459px) 100vw, 459px\" \/> <img loading=\"lazy\" width=\"453\" height=\"426\" class=\"wp-image-38999 aligncenter\" src=\"http:\/\/cmm.imgw.pl\/wp-content\/uploads\/2023\/12\/word-image-38856-47-1.jpeg\" srcset=\"https:\/\/cmm.imgw.pl\/wp-content\/uploads\/2023\/12\/word-image-38856-47-1.jpeg 453w, https:\/\/cmm.imgw.pl\/wp-content\/uploads\/2023\/12\/word-image-38856-47-1-300x282.jpeg 300w\" sizes=\"(max-width: 453px) 100vw, 453px\" \/> <img loading=\"lazy\" width=\"460\" height=\"432\" class=\"wp-image-39000 aligncenter\" src=\"http:\/\/cmm.imgw.pl\/wp-content\/uploads\/2023\/12\/word-image-38856-48-1.jpeg\" srcset=\"https:\/\/cmm.imgw.pl\/wp-content\/uploads\/2023\/12\/word-image-38856-48-1.jpeg 460w, https:\/\/cmm.imgw.pl\/wp-content\/uploads\/2023\/12\/word-image-38856-48-1-300x282.jpeg 300w\" sizes=\"(max-width: 460px) 100vw, 460px\" \/> <img loading=\"lazy\" width=\"427\" height=\"402\" class=\"wp-image-39001 aligncenter\" src=\"http:\/\/cmm.imgw.pl\/wp-content\/uploads\/2023\/12\/word-image-38856-49-1.jpeg\" srcset=\"https:\/\/cmm.imgw.pl\/wp-content\/uploads\/2023\/12\/word-image-38856-49-1.jpeg 427w, https:\/\/cmm.imgw.pl\/wp-content\/uploads\/2023\/12\/word-image-38856-49-1-300x282.jpeg 300w\" sizes=\"(max-width: 427px) 100vw, 427px\" \/><\/p>\n<p><img loading=\"lazy\" width=\"467\" height=\"440\" class=\"wp-image-39002 aligncenter\" src=\"http:\/\/cmm.imgw.pl\/wp-content\/uploads\/2023\/12\/word-image-38856-50-1.jpeg\" srcset=\"https:\/\/cmm.imgw.pl\/wp-content\/uploads\/2023\/12\/word-image-38856-50-1.jpeg 467w, https:\/\/cmm.imgw.pl\/wp-content\/uploads\/2023\/12\/word-image-38856-50-1-300x283.jpeg 300w\" sizes=\"(max-width: 467px) 100vw, 467px\" \/> <img loading=\"lazy\" width=\"460\" height=\"433\" class=\"wp-image-39003 aligncenter\" src=\"http:\/\/cmm.imgw.pl\/wp-content\/uploads\/2023\/12\/word-image-38856-51-1.jpeg\" srcset=\"https:\/\/cmm.imgw.pl\/wp-content\/uploads\/2023\/12\/word-image-38856-51-1.jpeg 460w, https:\/\/cmm.imgw.pl\/wp-content\/uploads\/2023\/12\/word-image-38856-51-1-300x282.jpeg 300w\" sizes=\"(max-width: 460px) 100vw, 460px\" \/> <img loading=\"lazy\" width=\"440\" height=\"414\" class=\"wp-image-39004 aligncenter\" src=\"http:\/\/cmm.imgw.pl\/wp-content\/uploads\/2023\/12\/word-image-38856-52-1.jpeg\" srcset=\"https:\/\/cmm.imgw.pl\/wp-content\/uploads\/2023\/12\/word-image-38856-52-1.jpeg 440w, https:\/\/cmm.imgw.pl\/wp-content\/uploads\/2023\/12\/word-image-38856-52-1-300x282.jpeg 300w\" sizes=\"(max-width: 440px) 100vw, 440px\" \/> <img loading=\"lazy\" width=\"461\" height=\"434\" class=\"wp-image-39005 aligncenter\" src=\"http:\/\/cmm.imgw.pl\/wp-content\/uploads\/2023\/12\/word-image-38856-53-1.jpeg\" srcset=\"https:\/\/cmm.imgw.pl\/wp-content\/uploads\/2023\/12\/word-image-38856-53-1.jpeg 461w, https:\/\/cmm.imgw.pl\/wp-content\/uploads\/2023\/12\/word-image-38856-53-1-300x282.jpeg 300w\" sizes=\"(max-width: 461px) 100vw, 461px\" \/><\/p>\n<p>W pi\u0105tek nale\u017cy spodziewa\u0107 si\u0119 opad\u00f3w deszczu, lokalnie do\u015b\u0107 intensywnych. Na p\u00f3\u0142nocnym wschodzie mo\u017cliwy opad mieszany deszczu i deszczu ze \u015bniegiem. W g\u00f3rach mo\u017cliwy opad \u015bniegu.<\/p>\n<p><img loading=\"lazy\" width=\"398\" height=\"374\" class=\"wp-image-39006 aligncenter\" src=\"http:\/\/cmm.imgw.pl\/wp-content\/uploads\/2023\/12\/word-image-38856-54-1.jpeg\" srcset=\"https:\/\/cmm.imgw.pl\/wp-content\/uploads\/2023\/12\/word-image-38856-54-1.jpeg 398w, https:\/\/cmm.imgw.pl\/wp-content\/uploads\/2023\/12\/word-image-38856-54-1-300x282.jpeg 300w\" sizes=\"(max-width: 398px) 100vw, 398px\" \/> <img loading=\"lazy\" width=\"408\" height=\"385\" class=\"wp-image-39007 aligncenter\" src=\"http:\/\/cmm.imgw.pl\/wp-content\/uploads\/2023\/12\/word-image-38856-55-1.jpeg\" srcset=\"https:\/\/cmm.imgw.pl\/wp-content\/uploads\/2023\/12\/word-image-38856-55-1.jpeg 408w, https:\/\/cmm.imgw.pl\/wp-content\/uploads\/2023\/12\/word-image-38856-55-1-300x283.jpeg 300w\" sizes=\"(max-width: 408px) 100vw, 408px\" \/> <img loading=\"lazy\" width=\"467\" height=\"440\" class=\"wp-image-39008 aligncenter\" src=\"http:\/\/cmm.imgw.pl\/wp-content\/uploads\/2023\/12\/word-image-38856-56-1.jpeg\" srcset=\"https:\/\/cmm.imgw.pl\/wp-content\/uploads\/2023\/12\/word-image-38856-56-1.jpeg 467w, https:\/\/cmm.imgw.pl\/wp-content\/uploads\/2023\/12\/word-image-38856-56-1-300x283.jpeg 300w\" sizes=\"(max-width: 467px) 100vw, 467px\" \/> <img loading=\"lazy\" width=\"469\" height=\"441\" class=\"wp-image-39009 aligncenter\" src=\"http:\/\/cmm.imgw.pl\/wp-content\/uploads\/2023\/12\/word-image-38856-57-1.jpeg\" srcset=\"https:\/\/cmm.imgw.pl\/wp-content\/uploads\/2023\/12\/word-image-38856-57-1.jpeg 469w, https:\/\/cmm.imgw.pl\/wp-content\/uploads\/2023\/12\/word-image-38856-57-1-300x282.jpeg 300w\" sizes=\"(max-width: 469px) 100vw, 469px\" \/><\/p>\n<p><img loading=\"lazy\" width=\"453\" height=\"426\" class=\"wp-image-39010 aligncenter\" src=\"http:\/\/cmm.imgw.pl\/wp-content\/uploads\/2023\/12\/word-image-38856-58-1.jpeg\" srcset=\"https:\/\/cmm.imgw.pl\/wp-content\/uploads\/2023\/12\/word-image-38856-58-1.jpeg 453w, https:\/\/cmm.imgw.pl\/wp-content\/uploads\/2023\/12\/word-image-38856-58-1-300x282.jpeg 300w\" sizes=\"(max-width: 453px) 100vw, 453px\" \/> <img loading=\"lazy\" width=\"459\" height=\"432\" class=\"wp-image-39011 aligncenter\" src=\"http:\/\/cmm.imgw.pl\/wp-content\/uploads\/2023\/12\/word-image-38856-59-1.jpeg\" srcset=\"https:\/\/cmm.imgw.pl\/wp-content\/uploads\/2023\/12\/word-image-38856-59-1.jpeg 459w, https:\/\/cmm.imgw.pl\/wp-content\/uploads\/2023\/12\/word-image-38856-59-1-300x282.jpeg 300w\" sizes=\"(max-width: 459px) 100vw, 459px\" \/> <img loading=\"lazy\" width=\"461\" height=\"434\" class=\"wp-image-39012 aligncenter\" src=\"http:\/\/cmm.imgw.pl\/wp-content\/uploads\/2023\/12\/word-image-38856-60-1.jpeg\" srcset=\"https:\/\/cmm.imgw.pl\/wp-content\/uploads\/2023\/12\/word-image-38856-60-1.jpeg 461w, https:\/\/cmm.imgw.pl\/wp-content\/uploads\/2023\/12\/word-image-38856-60-1-300x282.jpeg 300w\" sizes=\"(max-width: 461px) 100vw, 461px\" \/> <img loading=\"lazy\" width=\"462\" height=\"435\" class=\"wp-image-39013 aligncenter\" src=\"http:\/\/cmm.imgw.pl\/wp-content\/uploads\/2023\/12\/word-image-38856-61-1.jpeg\" srcset=\"https:\/\/cmm.imgw.pl\/wp-content\/uploads\/2023\/12\/word-image-38856-61-1.jpeg 462w, https:\/\/cmm.imgw.pl\/wp-content\/uploads\/2023\/12\/word-image-38856-61-1-300x282.jpeg 300w\" sizes=\"(max-width: 462px) 100vw, 462px\" \/><\/p>\n<p>W sobot\u0119 w nocy oraz w ci\u0105gu dnia nadal opady deszczu, deszczu ze \u015bniegiem a na wschodzie mo\u017cliwy \u015bnieg.<\/p>\n<p><img loading=\"lazy\" width=\"441\" height=\"415\" class=\"wp-image-39014 aligncenter\" src=\"http:\/\/cmm.imgw.pl\/wp-content\/uploads\/2023\/12\/word-image-38856-62-1.jpeg\" srcset=\"https:\/\/cmm.imgw.pl\/wp-content\/uploads\/2023\/12\/word-image-38856-62-1.jpeg 441w, https:\/\/cmm.imgw.pl\/wp-content\/uploads\/2023\/12\/word-image-38856-62-1-300x282.jpeg 300w\" sizes=\"(max-width: 441px) 100vw, 441px\" \/> <img loading=\"lazy\" width=\"442\" height=\"416\" class=\"wp-image-39015 aligncenter\" src=\"http:\/\/cmm.imgw.pl\/wp-content\/uploads\/2023\/12\/word-image-38856-63-1.jpeg\" srcset=\"https:\/\/cmm.imgw.pl\/wp-content\/uploads\/2023\/12\/word-image-38856-63-1.jpeg 442w, https:\/\/cmm.imgw.pl\/wp-content\/uploads\/2023\/12\/word-image-38856-63-1-300x282.jpeg 300w\" sizes=\"(max-width: 442px) 100vw, 442px\" \/> <img loading=\"lazy\" width=\"423\" height=\"399\" class=\"wp-image-39016 aligncenter\" src=\"http:\/\/cmm.imgw.pl\/wp-content\/uploads\/2023\/12\/word-image-38856-64-1.jpeg\" srcset=\"https:\/\/cmm.imgw.pl\/wp-content\/uploads\/2023\/12\/word-image-38856-64-1.jpeg 423w, https:\/\/cmm.imgw.pl\/wp-content\/uploads\/2023\/12\/word-image-38856-64-1-300x283.jpeg 300w\" sizes=\"(max-width: 423px) 100vw, 423px\" \/> <img loading=\"lazy\" width=\"422\" height=\"398\" class=\"wp-image-39017 aligncenter\" src=\"http:\/\/cmm.imgw.pl\/wp-content\/uploads\/2023\/12\/word-image-38856-65-1.jpeg\" srcset=\"https:\/\/cmm.imgw.pl\/wp-content\/uploads\/2023\/12\/word-image-38856-65-1.jpeg 422w, https:\/\/cmm.imgw.pl\/wp-content\/uploads\/2023\/12\/word-image-38856-65-1-300x283.jpeg 300w\" sizes=\"(max-width: 422px) 100vw, 422px\" \/><\/p>\n<p><img loading=\"lazy\" width=\"465\" height=\"438\" class=\"wp-image-39018 aligncenter\" src=\"http:\/\/cmm.imgw.pl\/wp-content\/uploads\/2023\/12\/word-image-38856-66-1.jpeg\" srcset=\"https:\/\/cmm.imgw.pl\/wp-content\/uploads\/2023\/12\/word-image-38856-66-1.jpeg 465w, https:\/\/cmm.imgw.pl\/wp-content\/uploads\/2023\/12\/word-image-38856-66-1-300x283.jpeg 300w\" sizes=\"(max-width: 465px) 100vw, 465px\" \/> <img loading=\"lazy\" width=\"468\" height=\"440\" class=\"wp-image-39019 aligncenter\" src=\"http:\/\/cmm.imgw.pl\/wp-content\/uploads\/2023\/12\/word-image-38856-67-1.jpeg\" srcset=\"https:\/\/cmm.imgw.pl\/wp-content\/uploads\/2023\/12\/word-image-38856-67-1.jpeg 468w, https:\/\/cmm.imgw.pl\/wp-content\/uploads\/2023\/12\/word-image-38856-67-1-300x282.jpeg 300w\" sizes=\"(max-width: 468px) 100vw, 468px\" \/> <img loading=\"lazy\" width=\"455\" height=\"428\" class=\"wp-image-39020 aligncenter\" src=\"http:\/\/cmm.imgw.pl\/wp-content\/uploads\/2023\/12\/word-image-38856-68-1.jpeg\" srcset=\"https:\/\/cmm.imgw.pl\/wp-content\/uploads\/2023\/12\/word-image-38856-68-1.jpeg 455w, https:\/\/cmm.imgw.pl\/wp-content\/uploads\/2023\/12\/word-image-38856-68-1-300x282.jpeg 300w\" sizes=\"(max-width: 455px) 100vw, 455px\" \/> <img loading=\"lazy\" width=\"450\" height=\"423\" class=\"wp-image-39021 aligncenter\" src=\"http:\/\/cmm.imgw.pl\/wp-content\/uploads\/2023\/12\/word-image-38856-69-1.jpeg\" srcset=\"https:\/\/cmm.imgw.pl\/wp-content\/uploads\/2023\/12\/word-image-38856-69-1.jpeg 450w, https:\/\/cmm.imgw.pl\/wp-content\/uploads\/2023\/12\/word-image-38856-69-1-300x282.jpeg 300w\" sizes=\"(max-width: 450px) 100vw, 450px\" \/> <img loading=\"lazy\" width=\"479\" height=\"450\" class=\"wp-image-39022 aligncenter\" src=\"http:\/\/cmm.imgw.pl\/wp-content\/uploads\/2023\/12\/word-image-38856-70-1.jpeg\" srcset=\"https:\/\/cmm.imgw.pl\/wp-content\/uploads\/2023\/12\/word-image-38856-70-1.jpeg 479w, https:\/\/cmm.imgw.pl\/wp-content\/uploads\/2023\/12\/word-image-38856-70-1-300x282.jpeg 300w\" sizes=\"(max-width: 479px) 100vw, 479px\" \/><\/p>\n<p>W nocy z soboty na niedziel\u0119 opad deszczu, mo\u017cliwy deszcz ze \u015bniegiem i lokalnie \u015bnieg. W nocy i nad ranem opady mog\u0105 by\u0107 intensywne. W ci\u0105gu dnia intensywno\u015b\u0107 opadu b\u0119dzie si\u0119 zmniejsza\u0142a.<\/p>\n<p><strong>25 i 26 XII 2023 roku <\/strong><\/p>\n<p><img loading=\"lazy\" width=\"455\" height=\"429\" class=\"wp-image-39023 aligncenter\" src=\"http:\/\/cmm.imgw.pl\/wp-content\/uploads\/2023\/12\/word-image-38856-71-1.jpeg\" srcset=\"https:\/\/cmm.imgw.pl\/wp-content\/uploads\/2023\/12\/word-image-38856-71-1.jpeg 455w, https:\/\/cmm.imgw.pl\/wp-content\/uploads\/2023\/12\/word-image-38856-71-1-300x283.jpeg 300w\" sizes=\"(max-width: 455px) 100vw, 455px\" \/> <img loading=\"lazy\" width=\"453\" height=\"427\" class=\"wp-image-39024 aligncenter\" src=\"http:\/\/cmm.imgw.pl\/wp-content\/uploads\/2023\/12\/word-image-38856-72-1.jpeg\" srcset=\"https:\/\/cmm.imgw.pl\/wp-content\/uploads\/2023\/12\/word-image-38856-72-1.jpeg 453w, https:\/\/cmm.imgw.pl\/wp-content\/uploads\/2023\/12\/word-image-38856-72-1-300x283.jpeg 300w\" sizes=\"(max-width: 453px) 100vw, 453px\" \/> <img loading=\"lazy\" width=\"448\" height=\"422\" class=\"wp-image-39025 aligncenter\" src=\"http:\/\/cmm.imgw.pl\/wp-content\/uploads\/2023\/12\/word-image-38856-73-1.jpeg\" srcset=\"https:\/\/cmm.imgw.pl\/wp-content\/uploads\/2023\/12\/word-image-38856-73-1.jpeg 448w, https:\/\/cmm.imgw.pl\/wp-content\/uploads\/2023\/12\/word-image-38856-73-1-300x283.jpeg 300w\" sizes=\"(max-width: 448px) 100vw, 448px\" \/> <img loading=\"lazy\" width=\"432\" height=\"406\" class=\"wp-image-39026 aligncenter\" src=\"http:\/\/cmm.imgw.pl\/wp-content\/uploads\/2023\/12\/word-image-38856-74-1.jpeg\" srcset=\"https:\/\/cmm.imgw.pl\/wp-content\/uploads\/2023\/12\/word-image-38856-74-1.jpeg 432w, https:\/\/cmm.imgw.pl\/wp-content\/uploads\/2023\/12\/word-image-38856-74-1-300x282.jpeg 300w\" sizes=\"(max-width: 432px) 100vw, 432px\" \/> <img loading=\"lazy\" width=\"425\" height=\"401\" class=\"wp-image-39027 aligncenter\" src=\"http:\/\/cmm.imgw.pl\/wp-content\/uploads\/2023\/12\/word-image-38856-75-1.jpeg\" srcset=\"https:\/\/cmm.imgw.pl\/wp-content\/uploads\/2023\/12\/word-image-38856-75-1.jpeg 425w, https:\/\/cmm.imgw.pl\/wp-content\/uploads\/2023\/12\/word-image-38856-75-1-300x283.jpeg 300w\" sizes=\"(max-width: 425px) 100vw, 425px\" \/> <img loading=\"lazy\" width=\"440\" height=\"415\" class=\"wp-image-39028 aligncenter\" src=\"http:\/\/cmm.imgw.pl\/wp-content\/uploads\/2023\/12\/word-image-38856-76-1.jpeg\" srcset=\"https:\/\/cmm.imgw.pl\/wp-content\/uploads\/2023\/12\/word-image-38856-76-1.jpeg 440w, https:\/\/cmm.imgw.pl\/wp-content\/uploads\/2023\/12\/word-image-38856-76-1-300x283.jpeg 300w\" sizes=\"(max-width: 440px) 100vw, 440px\" \/><\/p>\n<p><img loading=\"lazy\" width=\"417\" height=\"330\" class=\"wp-image-39029 aligncenter\" src=\"http:\/\/cmm.imgw.pl\/wp-content\/uploads\/2023\/12\/obraz-zawierajacy-tekst-mapa-diagram-atlas-opi-2.jpeg\" alt=\"Obraz zawieraj\u0105cy tekst, mapa, diagram, atlas\n\nOpis wygenerowany automatycznie\" srcset=\"https:\/\/cmm.imgw.pl\/wp-content\/uploads\/2023\/12\/obraz-zawierajacy-tekst-mapa-diagram-atlas-opi-2.jpeg 417w, https:\/\/cmm.imgw.pl\/wp-content\/uploads\/2023\/12\/obraz-zawierajacy-tekst-mapa-diagram-atlas-opi-2-300x237.jpeg 300w\" sizes=\"(max-width: 417px) 100vw, 417px\" \/> <img loading=\"lazy\" width=\"405\" height=\"321\" class=\"wp-image-39030 aligncenter\" src=\"http:\/\/cmm.imgw.pl\/wp-content\/uploads\/2023\/12\/obraz-zawierajacy-tekst-mapa-diagram-atlas-opi-22.png\" alt=\"Obraz zawieraj\u0105cy tekst, mapa, diagram, atlas\n\nOpis wygenerowany automatycznie\" srcset=\"https:\/\/cmm.imgw.pl\/wp-content\/uploads\/2023\/12\/obraz-zawierajacy-tekst-mapa-diagram-atlas-opi-22.png 405w, https:\/\/cmm.imgw.pl\/wp-content\/uploads\/2023\/12\/obraz-zawierajacy-tekst-mapa-diagram-atlas-opi-22-300x238.png 300w\" sizes=\"(max-width: 405px) 100vw, 405px\" \/><\/p>\n<p><img loading=\"lazy\" width=\"416\" height=\"329\" class=\"wp-image-39031 aligncenter\" src=\"http:\/\/cmm.imgw.pl\/wp-content\/uploads\/2023\/12\/obraz-zawierajacy-tekst-mapa-diagram-opis-wygen-2.jpeg\" alt=\"Obraz zawieraj\u0105cy tekst, mapa, diagram\n\nOpis wygenerowany automatycznie\" srcset=\"https:\/\/cmm.imgw.pl\/wp-content\/uploads\/2023\/12\/obraz-zawierajacy-tekst-mapa-diagram-opis-wygen-2.jpeg 416w, https:\/\/cmm.imgw.pl\/wp-content\/uploads\/2023\/12\/obraz-zawierajacy-tekst-mapa-diagram-opis-wygen-2-300x237.jpeg 300w\" sizes=\"(max-width: 416px) 100vw, 416px\" \/><\/p>\n<p>W poniedzia\u0142ek, w pierwszy dzie\u0144 \u015bwiat, Polska pozostanie pod wp\u0142ywem uk\u0142adu niskiego ci\u015bnienia. Pod wiecz\u00f3r p\u0142ytka zatoka niskiego ci\u015bnienia, zwi\u0105zana z p\u0142ytkim ni\u017cem nad Ba\u0142tykiem, b\u0119dzie przemieszcza\u0142a si\u0119 nad p\u00f3\u0142nocn\u0105 Polska i ju\u017c w nocy o\u015b zatoki dotrze do p\u00f3\u0142nocno wschodniej cz\u0119\u015bci Polski. W nocy r\u00f3wnie\u017c zaznaczy si\u0119 nad Polsk\u0105 ujemna tendencja ci\u015bnienia. W drugi dzie\u0144 \u015bwi\u0105t, od zachodu, zacznie si\u0119 nasuwa\u0107 klina wysokiego ci\u015bnienia. Nad ca\u0142\u0105 Polsk\u0105 wyst\u0119powa\u0107 b\u0119dzie dodatnia tendencja ci\u015bnienia.<\/p>\n<p><img loading=\"lazy\" width=\"634\" height=\"490\" class=\"wp-image-39032 aligncenter\" src=\"http:\/\/cmm.imgw.pl\/wp-content\/uploads\/2023\/12\/thck-500-1000hpa-gfs-pon-25-12-2023-12-utc-1.gif\" alt=\"Thck 500-1000hPa GFS pon. 25.12.2023 12 UTC\"><\/p>\n<p>W poniedzia\u0142ek nad Polsk\u0105 zalega\u0107 b\u0119dzie nadal zatoka ch\u0142odu. \u015arednia temperatura warstwy o grubo\u015bci 500 hPa obni\u017cy si\u0119. Nale\u017cy spodziewa\u0107 si\u0119 ni\u017cszych temperatur powietrza.<\/p>\n<p>We wtorek nadal b\u0119dziemy na skraju klina ciep\u0142a. Nadal b\u0119dzie wyst\u0119powa\u0142 ujemny k\u0105t adwekcji i adwekcja ciep\u0142a.<\/p>\n<p><img loading=\"lazy\" width=\"944\" height=\"889\" class=\"wp-image-39033 aligncenter\" src=\"http:\/\/cmm.imgw.pl\/wp-content\/uploads\/2023\/12\/word-image-38856-81-1.jpeg\" srcset=\"https:\/\/cmm.imgw.pl\/wp-content\/uploads\/2023\/12\/word-image-38856-81-1.jpeg 944w, https:\/\/cmm.imgw.pl\/wp-content\/uploads\/2023\/12\/word-image-38856-81-1-300x283.jpeg 300w, https:\/\/cmm.imgw.pl\/wp-content\/uploads\/2023\/12\/word-image-38856-81-1-768x723.jpeg 768w\" sizes=\"(max-width: 944px) 100vw, 944px\" \/><\/p>\n<p>W poniedzia\u0142ek nad ranem od -2 st. C w Suwa\u0142kach i -9 st. C w Zakopanem do 1 st. C w Warszawie, Poznaniu, Koszalinie.<\/p>\n<p><img loading=\"lazy\" width=\"944\" height=\"889\" class=\"wp-image-39034 aligncenter\" src=\"http:\/\/cmm.imgw.pl\/wp-content\/uploads\/2023\/12\/word-image-38856-82-1.jpeg\" srcset=\"https:\/\/cmm.imgw.pl\/wp-content\/uploads\/2023\/12\/word-image-38856-82-1.jpeg 944w, https:\/\/cmm.imgw.pl\/wp-content\/uploads\/2023\/12\/word-image-38856-82-1-300x283.jpeg 300w, https:\/\/cmm.imgw.pl\/wp-content\/uploads\/2023\/12\/word-image-38856-82-1-768x723.jpeg 768w\" sizes=\"(max-width: 944px) 100vw, 944px\" \/><\/p>\n<p>W ci\u0105gu dnia od -1 st. C w Suwa\u0142kach do 3 st. C we Wroc\u0142awiu i -4 st. C w Zakopanem.<\/p>\n<p><img loading=\"lazy\" width=\"944\" height=\"889\" class=\"wp-image-39035 aligncenter\" src=\"http:\/\/cmm.imgw.pl\/wp-content\/uploads\/2023\/12\/word-image-38856-83-1.jpeg\" srcset=\"https:\/\/cmm.imgw.pl\/wp-content\/uploads\/2023\/12\/word-image-38856-83-1.jpeg 944w, https:\/\/cmm.imgw.pl\/wp-content\/uploads\/2023\/12\/word-image-38856-83-1-300x283.jpeg 300w, https:\/\/cmm.imgw.pl\/wp-content\/uploads\/2023\/12\/word-image-38856-83-1-768x723.jpeg 768w\" sizes=\"(max-width: 944px) 100vw, 944px\" \/><\/p>\n<p>We wtorek nad ranem od -4 st. C w woj. warmi\u0144sko-mazurskim do -8 st. C w Zakopanem i 0 st. C w Bydgoszczy, Rzeszowie i Koszalinie.<\/p>\n<p><img loading=\"lazy\" width=\"944\" height=\"889\" class=\"wp-image-39036 aligncenter\" src=\"http:\/\/cmm.imgw.pl\/wp-content\/uploads\/2023\/12\/word-image-38856-84-1.jpeg\" srcset=\"https:\/\/cmm.imgw.pl\/wp-content\/uploads\/2023\/12\/word-image-38856-84-1.jpeg 944w, https:\/\/cmm.imgw.pl\/wp-content\/uploads\/2023\/12\/word-image-38856-84-1-300x283.jpeg 300w, https:\/\/cmm.imgw.pl\/wp-content\/uploads\/2023\/12\/word-image-38856-84-1-768x723.jpeg 768w\" sizes=\"(max-width: 944px) 100vw, 944px\" \/><\/p>\n<p>W drugi dzie\u0144 \u015bwiat od -5 st. C w Suwa\u0142kach do 1 st. C we Wroc\u0142awiu.<\/p>\n<p><img loading=\"lazy\" width=\"541\" height=\"509\" class=\"wp-image-39037 aligncenter\" src=\"http:\/\/cmm.imgw.pl\/wp-content\/uploads\/2023\/12\/word-image-38856-85-1.jpeg\" srcset=\"https:\/\/cmm.imgw.pl\/wp-content\/uploads\/2023\/12\/word-image-38856-85-1.jpeg 541w, https:\/\/cmm.imgw.pl\/wp-content\/uploads\/2023\/12\/word-image-38856-85-1-300x282.jpeg 300w\" sizes=\"(max-width: 541px) 100vw, 541px\" \/><\/p>\n<p>Wiatr b\u0119dzie wia\u0142 z zachodu i po\u0142udniowego zachodu, 17-22 km\/h.<\/p>\n<p><img loading=\"lazy\" width=\"554\" height=\"522\" class=\"wp-image-39038 aligncenter\" src=\"http:\/\/cmm.imgw.pl\/wp-content\/uploads\/2023\/12\/word-image-38856-86-1.jpeg\" srcset=\"https:\/\/cmm.imgw.pl\/wp-content\/uploads\/2023\/12\/word-image-38856-86-1.jpeg 554w, https:\/\/cmm.imgw.pl\/wp-content\/uploads\/2023\/12\/word-image-38856-86-1-300x283.jpeg 300w\" sizes=\"(max-width: 554px) 100vw, 554px\" \/><\/p>\n<p>W porywach do 40 km\/h.<\/p>\n<p><img loading=\"lazy\" width=\"530\" height=\"499\" class=\"wp-image-39039 aligncenter\" src=\"http:\/\/cmm.imgw.pl\/wp-content\/uploads\/2023\/12\/word-image-38856-87-1.jpeg\" srcset=\"https:\/\/cmm.imgw.pl\/wp-content\/uploads\/2023\/12\/word-image-38856-87-1.jpeg 530w, https:\/\/cmm.imgw.pl\/wp-content\/uploads\/2023\/12\/word-image-38856-87-1-300x282.jpeg 300w\" sizes=\"(max-width: 530px) 100vw, 530px\" \/><\/p>\n<p>We wtorek wiatr zachodni i p\u00f3\u0142nocno zachodni, 14-35 km\/h.<\/p>\n<p><img loading=\"lazy\" width=\"410\" height=\"386\" class=\"wp-image-39040 aligncenter\" src=\"http:\/\/cmm.imgw.pl\/wp-content\/uploads\/2023\/12\/word-image-38856-88-1.jpeg\" srcset=\"https:\/\/cmm.imgw.pl\/wp-content\/uploads\/2023\/12\/word-image-38856-88-1.jpeg 410w, https:\/\/cmm.imgw.pl\/wp-content\/uploads\/2023\/12\/word-image-38856-88-1-300x282.jpeg 300w\" sizes=\"(max-width: 410px) 100vw, 410px\" \/> <img loading=\"lazy\" width=\"412\" height=\"388\" class=\"wp-image-39041 aligncenter\" src=\"http:\/\/cmm.imgw.pl\/wp-content\/uploads\/2023\/12\/word-image-38856-89-1.jpeg\" srcset=\"https:\/\/cmm.imgw.pl\/wp-content\/uploads\/2023\/12\/word-image-38856-89-1.jpeg 412w, https:\/\/cmm.imgw.pl\/wp-content\/uploads\/2023\/12\/word-image-38856-89-1-300x283.jpeg 300w\" sizes=\"(max-width: 412px) 100vw, 412px\" \/> <img loading=\"lazy\" width=\"415\" height=\"390\" class=\"wp-image-39042 aligncenter\" src=\"http:\/\/cmm.imgw.pl\/wp-content\/uploads\/2023\/12\/word-image-38856-90-1.jpeg\" srcset=\"https:\/\/cmm.imgw.pl\/wp-content\/uploads\/2023\/12\/word-image-38856-90-1.jpeg 415w, https:\/\/cmm.imgw.pl\/wp-content\/uploads\/2023\/12\/word-image-38856-90-1-300x282.jpeg 300w\" sizes=\"(max-width: 415px) 100vw, 415px\" \/> <img loading=\"lazy\" width=\"417\" height=\"392\" class=\"wp-image-39043 aligncenter\" src=\"http:\/\/cmm.imgw.pl\/wp-content\/uploads\/2023\/12\/word-image-38856-91-1.jpeg\" srcset=\"https:\/\/cmm.imgw.pl\/wp-content\/uploads\/2023\/12\/word-image-38856-91-1.jpeg 417w, https:\/\/cmm.imgw.pl\/wp-content\/uploads\/2023\/12\/word-image-38856-91-1-300x282.jpeg 300w\" sizes=\"(max-width: 417px) 100vw, 417px\" \/><\/p>\n<p>We wtorek w nocy wiatr w porywach do 30-70 km\/h. W dzie\u0144 wiatr w porywach osi\u0105ga\u0107 b\u0119dzie pr\u0119dko\u015b\u0107 do 40-50 km\/h na wschodzie kraju.<\/p>\n<p><img loading=\"lazy\" width=\"435\" height=\"410\" class=\"wp-image-39044 aligncenter\" src=\"http:\/\/cmm.imgw.pl\/wp-content\/uploads\/2023\/12\/word-image-38856-92-1.jpeg\" srcset=\"https:\/\/cmm.imgw.pl\/wp-content\/uploads\/2023\/12\/word-image-38856-92-1.jpeg 435w, https:\/\/cmm.imgw.pl\/wp-content\/uploads\/2023\/12\/word-image-38856-92-1-300x283.jpeg 300w\" sizes=\"(max-width: 435px) 100vw, 435px\" \/> <img loading=\"lazy\" width=\"436\" height=\"411\" class=\"wp-image-39045 aligncenter\" src=\"http:\/\/cmm.imgw.pl\/wp-content\/uploads\/2023\/12\/word-image-38856-93-1.jpeg\" srcset=\"https:\/\/cmm.imgw.pl\/wp-content\/uploads\/2023\/12\/word-image-38856-93-1.jpeg 436w, https:\/\/cmm.imgw.pl\/wp-content\/uploads\/2023\/12\/word-image-38856-93-1-300x283.jpeg 300w\" sizes=\"(max-width: 436px) 100vw, 436px\" \/> <img loading=\"lazy\" width=\"421\" height=\"396\" class=\"wp-image-39046 aligncenter\" src=\"http:\/\/cmm.imgw.pl\/wp-content\/uploads\/2023\/12\/word-image-38856-94-1.jpeg\" srcset=\"https:\/\/cmm.imgw.pl\/wp-content\/uploads\/2023\/12\/word-image-38856-94-1.jpeg 421w, https:\/\/cmm.imgw.pl\/wp-content\/uploads\/2023\/12\/word-image-38856-94-1-300x282.jpeg 300w\" sizes=\"(max-width: 421px) 100vw, 421px\" \/> <img loading=\"lazy\" width=\"414\" height=\"389\" class=\"wp-image-39047 aligncenter\" src=\"http:\/\/cmm.imgw.pl\/wp-content\/uploads\/2023\/12\/word-image-38856-95-1.jpeg\" srcset=\"https:\/\/cmm.imgw.pl\/wp-content\/uploads\/2023\/12\/word-image-38856-95-1.jpeg 414w, https:\/\/cmm.imgw.pl\/wp-content\/uploads\/2023\/12\/word-image-38856-95-1-300x282.jpeg 300w\" sizes=\"(max-width: 414px) 100vw, 414px\" \/> <img loading=\"lazy\" width=\"433\" height=\"408\" class=\"wp-image-39048 aligncenter\" src=\"http:\/\/cmm.imgw.pl\/wp-content\/uploads\/2023\/12\/word-image-38856-96-1.jpeg\" srcset=\"https:\/\/cmm.imgw.pl\/wp-content\/uploads\/2023\/12\/word-image-38856-96-1.jpeg 433w, https:\/\/cmm.imgw.pl\/wp-content\/uploads\/2023\/12\/word-image-38856-96-1-300x283.jpeg 300w\" sizes=\"(max-width: 433px) 100vw, 433px\" \/><\/p>\n<p>W poniedzia\u0142ek nadal wyst\u0119powa\u0107 b\u0119d\u0105 opady deszczu, deszczu ze \u015bniegiem i \u015bniegiem.<\/p>\n<p><img loading=\"lazy\" width=\"368\" height=\"346\" class=\"wp-image-39049 aligncenter\" src=\"http:\/\/cmm.imgw.pl\/wp-content\/uploads\/2023\/12\/word-image-38856-97-1.jpeg\" srcset=\"https:\/\/cmm.imgw.pl\/wp-content\/uploads\/2023\/12\/word-image-38856-97-1.jpeg 368w, https:\/\/cmm.imgw.pl\/wp-content\/uploads\/2023\/12\/word-image-38856-97-1-300x282.jpeg 300w\" sizes=\"(max-width: 368px) 100vw, 368px\" \/> <img loading=\"lazy\" width=\"387\" height=\"365\" class=\"wp-image-39050 aligncenter\" src=\"http:\/\/cmm.imgw.pl\/wp-content\/uploads\/2023\/12\/word-image-38856-98-1.jpeg\" srcset=\"https:\/\/cmm.imgw.pl\/wp-content\/uploads\/2023\/12\/word-image-38856-98-1.jpeg 387w, https:\/\/cmm.imgw.pl\/wp-content\/uploads\/2023\/12\/word-image-38856-98-1-300x283.jpeg 300w\" sizes=\"(max-width: 387px) 100vw, 387px\" \/> <img loading=\"lazy\" width=\"411\" height=\"387\" class=\"wp-image-39051 aligncenter\" src=\"http:\/\/cmm.imgw.pl\/wp-content\/uploads\/2023\/12\/word-image-38856-99-1.jpeg\" srcset=\"https:\/\/cmm.imgw.pl\/wp-content\/uploads\/2023\/12\/word-image-38856-99-1.jpeg 411w, https:\/\/cmm.imgw.pl\/wp-content\/uploads\/2023\/12\/word-image-38856-99-1-300x282.jpeg 300w\" sizes=\"(max-width: 411px) 100vw, 411px\" \/> <img loading=\"lazy\" width=\"389\" height=\"366\" class=\"wp-image-39052 aligncenter\" src=\"http:\/\/cmm.imgw.pl\/wp-content\/uploads\/2023\/12\/word-image-38856-100-1.jpeg\" srcset=\"https:\/\/cmm.imgw.pl\/wp-content\/uploads\/2023\/12\/word-image-38856-100-1.jpeg 389w, https:\/\/cmm.imgw.pl\/wp-content\/uploads\/2023\/12\/word-image-38856-100-1-300x282.jpeg 300w\" sizes=\"(max-width: 389px) 100vw, 389px\" \/> <img loading=\"lazy\" width=\"400\" height=\"377\" class=\"wp-image-39053 aligncenter\" src=\"http:\/\/cmm.imgw.pl\/wp-content\/uploads\/2023\/12\/word-image-38856-101-1.jpeg\" srcset=\"https:\/\/cmm.imgw.pl\/wp-content\/uploads\/2023\/12\/word-image-38856-101-1.jpeg 400w, https:\/\/cmm.imgw.pl\/wp-content\/uploads\/2023\/12\/word-image-38856-101-1-300x283.jpeg 300w\" sizes=\"(max-width: 400px) 100vw, 400px\" \/> <img loading=\"lazy\" width=\"467\" height=\"440\" class=\"wp-image-39054 aligncenter\" src=\"http:\/\/cmm.imgw.pl\/wp-content\/uploads\/2023\/12\/word-image-38856-102-1.jpeg\" srcset=\"https:\/\/cmm.imgw.pl\/wp-content\/uploads\/2023\/12\/word-image-38856-102-1.jpeg 467w, https:\/\/cmm.imgw.pl\/wp-content\/uploads\/2023\/12\/word-image-38856-102-1-300x283.jpeg 300w\" sizes=\"(max-width: 467px) 100vw, 467px\" \/> <img loading=\"lazy\" width=\"480\" height=\"451\" class=\"wp-image-39055 aligncenter\" src=\"http:\/\/cmm.imgw.pl\/wp-content\/uploads\/2023\/12\/word-image-38856-103-1.jpeg\" srcset=\"https:\/\/cmm.imgw.pl\/wp-content\/uploads\/2023\/12\/word-image-38856-103-1.jpeg 480w, https:\/\/cmm.imgw.pl\/wp-content\/uploads\/2023\/12\/word-image-38856-103-1-300x282.jpeg 300w\" sizes=\"(max-width: 480px) 100vw, 480px\" \/><\/p>\n<p>We wtorek r\u00f3wnie\u017c nale\u017cy spodziewa\u0107 si\u0119 opad\u00f3w deszczu, deszczu ze \u015bniegiem i \u015bniegu. Strefa opadu b\u0119dzie przemieszcza\u0142a si\u0119 na wsch\u00f3d.<\/p>\n<p><\/p>","protected":false},"excerpt":{"rendered":"<p>Komentarz do numerycznych prognoz pogody opracowany w Centrum Modelowania Meteorologicznego IMGW-PIB.<\/p>\n","protected":false},"author":3,"featured_media":0,"comment_status":"closed","ping_status":"open","sticky":false,"template":"","format":"standard","meta":{"ocean_post_layout":"","ocean_both_sidebars_style":"","ocean_both_sidebars_content_width":0,"ocean_both_sidebars_sidebars_width":0,"ocean_sidebar":"0","ocean_second_sidebar":"0","ocean_disable_margins":"enable","ocean_add_body_class":"","ocean_shortcode_before_top_bar":"","ocean_shortcode_after_top_bar":"","ocean_shortcode_before_header":"","ocean_shortcode_after_header":"","ocean_has_shortcode":"","ocean_shortcode_after_title":"","ocean_shortcode_before_footer_widgets":"","ocean_shortcode_after_footer_widgets":"","ocean_shortcode_before_footer_bottom":"","ocean_shortcode_after_footer_bottom":"","ocean_display_top_bar":"off","ocean_display_header":"off","ocean_header_style":"","ocean_center_header_left_menu":"0","ocean_custom_header_template":"0","ocean_custom_logo":0,"ocean_custom_retina_logo":0,"ocean_custom_logo_max_width":0,"ocean_custom_logo_tablet_max_width":0,"ocean_custom_logo_mobile_max_width":0,"ocean_custom_logo_max_height":0,"ocean_custom_logo_tablet_max_height":0,"ocean_custom_logo_mobile_max_height":0,"ocean_header_custom_menu":"0","ocean_menu_typo_font_family":"0","ocean_menu_typo_font_subset":"","ocean_menu_typo_font_size":0,"ocean_menu_typo_font_size_tablet":0,"ocean_menu_typo_font_size_mobile":0,"ocean_menu_typo_font_size_unit":"px","ocean_menu_typo_font_weight":"","ocean_menu_typo_font_weight_tablet":"","ocean_menu_typo_font_weight_mobile":"","ocean_menu_typo_transform":"","ocean_menu_typo_transform_tablet":"","ocean_menu_typo_transform_mobile":"","ocean_menu_typo_line_height":0,"ocean_menu_typo_line_height_tablet":0,"ocean_menu_typo_line_height_mobile":0,"ocean_menu_typo_line_height_unit":"","ocean_menu_typo_spacing":0,"ocean_menu_typo_spacing_tablet":0,"ocean_menu_typo_spacing_mobile":0,"ocean_menu_typo_spacing_unit":"","ocean_menu_link_color":"","ocean_menu_link_color_hover":"","ocean_menu_link_color_active":"","ocean_menu_link_background":"","ocean_menu_link_hover_background":"","ocean_menu_link_active_background":"","ocean_menu_social_links_bg":"","ocean_menu_social_hover_links_bg":"","ocean_menu_social_links_color":"","ocean_menu_social_hover_links_color":"","ocean_disable_title":"default","ocean_disable_heading":"default","ocean_post_title":"","ocean_post_subheading":"","ocean_post_title_style":"","ocean_post_title_background_color":"","ocean_post_title_background":0,"ocean_post_title_bg_image_position":"","ocean_post_title_bg_image_attachment":"","ocean_post_title_bg_image_repeat":"","ocean_post_title_bg_image_size":"","ocean_post_title_height":0,"ocean_post_title_bg_overlay":0.5,"ocean_post_title_bg_overlay_color":"","ocean_disable_breadcrumbs":"default","ocean_breadcrumbs_color":"","ocean_breadcrumbs_separator_color":"","ocean_breadcrumbs_links_color":"","ocean_breadcrumbs_links_hover_color":"","ocean_display_footer_widgets":"off","ocean_display_footer_bottom":"off","ocean_custom_footer_template":"0","ocean_post_oembed":"","ocean_post_self_hosted_media":"","ocean_post_video_embed":"","ocean_link_format":"","ocean_link_format_target":"self","ocean_quote_format":"","ocean_quote_format_link":"post","ocean_gallery_link_images":"on","ocean_gallery_id":[]},"categories":[93],"tags":[138,139,68,95,143,141,85,73,97,98,142,76,94,99,71,67,96,140,79],"yoast_head":"<!-- This site is optimized with the Yoast SEO plugin v19.5.1 - https:\/\/yoast.com\/wordpress\/plugins\/seo\/ -->\n<title>Orientacyjna analiza sytuacji meteorologicznej na podstawie numerycznych modeli pogody w dniach 22-26 XII 2023 roku. - Laboratorium Modelowania Meteorologicznego CMOK IMGW-PIB<\/title>\n<meta name=\"description\" content=\"Komentarz do numerycznych prognoz pogody opracowany w Centrum Modelowania Meteorologicznego IMGW-PIB.\" \/>\n<meta name=\"robots\" content=\"index, follow, max-snippet:-1, max-image-preview:large, max-video-preview:-1\" \/>\n<link rel=\"canonical\" href=\"https:\/\/cmm.imgw.pl\/?p=38856\" \/>\n<meta property=\"og:locale\" content=\"pl_PL\" \/>\n<meta property=\"og:type\" content=\"article\" \/>\n<meta property=\"og:title\" content=\"Orientacyjna analiza sytuacji meteorologicznej na podstawie numerycznych modeli pogody w dniach 22-26 XII 2023 roku.\" \/>\n<meta property=\"og:description\" content=\"Komentarz do numerycznych prognoz pogody opracowany w Centrum Modelowania Meteorologicznego IMGW-PIB\" \/>\n<meta property=\"og:url\" content=\"https:\/\/cmm.imgw.pl\/?p=38856\" \/>\n<meta property=\"og:site_name\" content=\"Laboratorium Modelowania Meteorologicznego CMOK IMGW-PIB\" \/>\n<meta property=\"article:publisher\" content=\"https:\/\/www.facebook.com\/Meteoimgw\/\" \/>\n<meta property=\"article:published_time\" content=\"2023-12-17T21:52:31+00:00\" \/>\n<meta property=\"article:modified_time\" content=\"2023-12-17T22:22:04+00:00\" \/>\n<meta property=\"og:image\" content=\"http:\/\/cmm.imgw.pl\/wp-content\/uploads\/2023\/02\/komentarz4.png\" \/>\n\t<meta property=\"og:image:width\" content=\"1280\" \/>\n\t<meta property=\"og:image:height\" content=\"720\" \/>\n\t<meta property=\"og:image:type\" content=\"image\/png\" \/>\n<meta name=\"author\" content=\"CMM\" \/>\n<meta name=\"twitter:card\" content=\"summary_large_image\" \/>\n<meta name=\"twitter:title\" content=\"Orientacyjna analiza sytuacji meteorologicznej na podstawie numerycznych modeli pogody w dniach 22-26 XII 2023 roku.\" \/>\n<meta name=\"twitter:description\" content=\"Komentarz do numerycznych prognoz pogody opracowany w Centrum Modelowania Meteorologicznego IMGW-PIB\" \/>\n<meta name=\"twitter:image\" content=\"https:\/\/cmm.imgw.pl\/wp-content\/uploads\/2023\/02\/komentarz4.png\" \/>\n<meta name=\"twitter:creator\" content=\"@IMGW_CMM\" \/>\n<meta name=\"twitter:site\" content=\"@IMGW_CMM\" \/>\n<meta name=\"twitter:label1\" content=\"Napisane przez\" \/>\n\t<meta name=\"twitter:data1\" content=\"CMM\" \/>\n\t<meta name=\"twitter:label2\" content=\"Szacowany czas czytania\" \/>\n\t<meta name=\"twitter:data2\" content=\"26 minut\" \/>\n<script type=\"application\/ld+json\" class=\"yoast-schema-graph\">{\"@context\":\"https:\/\/schema.org\",\"@graph\":[{\"@type\":\"Article\",\"@id\":\"https:\/\/cmm.imgw.pl\/?p=38856#article\",\"isPartOf\":{\"@id\":\"https:\/\/cmm.imgw.pl\/?p=38856\"},\"author\":{\"name\":\"CMM\",\"@id\":\"https:\/\/cmm.imgw.pl\/#\/schema\/person\/a24a37fe434fe76b0f5791e6bd3fdb46\"},\"headline\":\"Orientacyjna analiza sytuacji meteorologicznej na podstawie numerycznych modeli pogody w dniach 22-26 XII 2023 roku.\",\"datePublished\":\"2023-12-17T21:52:31+00:00\",\"dateModified\":\"2023-12-17T22:22:04+00:00\",\"mainEntityOfPage\":{\"@id\":\"https:\/\/cmm.imgw.pl\/?p=38856\"},\"wordCount\":1017,\"publisher\":{\"@id\":\"https:\/\/cmm.imgw.pl\/#organization\"},\"keywords\":[\"alaro\",\"arome\",\"cmm\",\"Cosmo\",\"DWD\",\"Grzegorz Duniec\",\"imgw\",\"klimat\",\"komentarz\",\"komentarz pogodowy\",\"MERGE\",\"meteorologia\",\"NMP\",\"NPP\",\"pogoda\",\"prognoza\",\"prognoza pogody\",\"wrf\",\"zima\"],\"articleSection\":[\"Komentarz\"],\"inLanguage\":\"pl-PL\"},{\"@type\":\"WebPage\",\"@id\":\"https:\/\/cmm.imgw.pl\/?p=38856\",\"url\":\"https:\/\/cmm.imgw.pl\/?p=38856\",\"name\":\"Orientacyjna analiza sytuacji meteorologicznej na podstawie numerycznych modeli pogody w dniach 22-26 XII 2023 roku. - Laboratorium Modelowania Meteorologicznego CMOK IMGW-PIB\",\"isPartOf\":{\"@id\":\"https:\/\/cmm.imgw.pl\/#website\"},\"datePublished\":\"2023-12-17T21:52:31+00:00\",\"dateModified\":\"2023-12-17T22:22:04+00:00\",\"description\":\"Komentarz do numerycznych prognoz pogody opracowany w Centrum Modelowania Meteorologicznego IMGW-PIB.\",\"breadcrumb\":{\"@id\":\"https:\/\/cmm.imgw.pl\/?p=38856#breadcrumb\"},\"inLanguage\":\"pl-PL\",\"potentialAction\":[{\"@type\":\"ReadAction\",\"target\":[\"https:\/\/cmm.imgw.pl\/?p=38856\"]}]},{\"@type\":\"BreadcrumbList\",\"@id\":\"https:\/\/cmm.imgw.pl\/?p=38856#breadcrumb\",\"itemListElement\":[{\"@type\":\"ListItem\",\"position\":1,\"name\":\"Home\",\"item\":\"https:\/\/cmm.imgw.pl\/\"},{\"@type\":\"ListItem\",\"position\":2,\"name\":\"Orientacyjna analiza sytuacji meteorologicznej na podstawie numerycznych modeli pogody w dniach 22-26 XII 2023 roku.\"}]},{\"@type\":\"WebSite\",\"@id\":\"https:\/\/cmm.imgw.pl\/#website\",\"url\":\"https:\/\/cmm.imgw.pl\/\",\"name\":\"Laboratorium Modelowania Meteorologicznego CMOK IMGW-PIB\",\"description\":\"CMOK-LMM Laboratorium pe\u0142ni pa\u0144stwow\u0105 s\u0142u\u017cb\u0119 hydrologiczno-meteorologiczn\u0105 w zakresie numerycznych prognoz pogody, kt\u00f3rego zadaniem jest konsolidacja kompetencji w obszarze modelowania zjawisk pogodowych oraz dalszego rozwoju numerycznych modeli pogody (NMP).\",\"publisher\":{\"@id\":\"https:\/\/cmm.imgw.pl\/#organization\"},\"potentialAction\":[{\"@type\":\"SearchAction\",\"target\":{\"@type\":\"EntryPoint\",\"urlTemplate\":\"https:\/\/cmm.imgw.pl\/?s={search_term_string}\"},\"query-input\":\"required name=search_term_string\"}],\"inLanguage\":\"pl-PL\"},{\"@type\":\"Organization\",\"@id\":\"https:\/\/cmm.imgw.pl\/#organization\",\"name\":\"Laboratorium Modelowania Meteorologicznego CMOK IMGW-PIB\",\"url\":\"https:\/\/cmm.imgw.pl\/\",\"sameAs\":[\"https:\/\/www.facebook.com\/Meteoimgw\/\",\"https:\/\/twitter.com\/IMGW_CMM\"],\"logo\":{\"@type\":\"ImageObject\",\"inLanguage\":\"pl-PL\",\"@id\":\"https:\/\/cmm.imgw.pl\/#\/schema\/logo\/image\/\",\"url\":\"https:\/\/cmm.imgw.pl\/wp-content\/uploads\/2025\/10\/MODELE_LOGO_UNIFIKACJA_v2.png\",\"contentUrl\":\"https:\/\/cmm.imgw.pl\/wp-content\/uploads\/2025\/10\/MODELE_LOGO_UNIFIKACJA_v2.png\",\"width\":1356,\"height\":365,\"caption\":\"Laboratorium Modelowania Meteorologicznego CMOK IMGW-PIB\"},\"image\":{\"@id\":\"https:\/\/cmm.imgw.pl\/#\/schema\/logo\/image\/\"}},{\"@type\":\"Person\",\"@id\":\"https:\/\/cmm.imgw.pl\/#\/schema\/person\/a24a37fe434fe76b0f5791e6bd3fdb46\",\"name\":\"CMM\",\"image\":{\"@type\":\"ImageObject\",\"inLanguage\":\"pl-PL\",\"@id\":\"https:\/\/cmm.imgw.pl\/#\/schema\/person\/image\/\",\"url\":\"https:\/\/secure.gravatar.com\/avatar\/9248ea2273711f1cd09d6bd45867dbfb?s=96&d=blank&r=g\",\"contentUrl\":\"https:\/\/secure.gravatar.com\/avatar\/9248ea2273711f1cd09d6bd45867dbfb?s=96&d=blank&r=g\",\"caption\":\"CMM\"},\"sameAs\":[\"http:\/\/cmm.imgw.pl\"],\"url\":\"https:\/\/cmm.imgw.pl\/?author=3\"}]}<\/script>\n<!-- \/ Yoast SEO plugin. -->","yoast_head_json":{"title":"Orientacyjna analiza sytuacji meteorologicznej na podstawie numerycznych modeli pogody w dniach 22-26 XII 2023 roku. - Laboratorium Modelowania Meteorologicznego CMOK IMGW-PIB","description":"Komentarz do numerycznych prognoz pogody opracowany w Centrum Modelowania Meteorologicznego IMGW-PIB.","robots":{"index":"index","follow":"follow","max-snippet":"max-snippet:-1","max-image-preview":"max-image-preview:large","max-video-preview":"max-video-preview:-1"},"canonical":"https:\/\/cmm.imgw.pl\/?p=38856","og_locale":"pl_PL","og_type":"article","og_title":"Orientacyjna analiza sytuacji meteorologicznej na podstawie numerycznych modeli pogody w dniach 22-26 XII 2023 roku.","og_description":"Komentarz do numerycznych prognoz pogody opracowany w Centrum Modelowania Meteorologicznego IMGW-PIB","og_url":"https:\/\/cmm.imgw.pl\/?p=38856","og_site_name":"Laboratorium Modelowania Meteorologicznego CMOK IMGW-PIB","article_publisher":"https:\/\/www.facebook.com\/Meteoimgw\/","article_published_time":"2023-12-17T21:52:31+00:00","article_modified_time":"2023-12-17T22:22:04+00:00","og_image":[{"width":1280,"height":720,"url":"http:\/\/cmm.imgw.pl\/wp-content\/uploads\/2023\/02\/komentarz4.png","type":"image\/png"}],"author":"CMM","twitter_card":"summary_large_image","twitter_title":"Orientacyjna analiza sytuacji meteorologicznej na podstawie numerycznych modeli pogody w dniach 22-26 XII 2023 roku.","twitter_description":"Komentarz do numerycznych prognoz pogody opracowany w Centrum Modelowania Meteorologicznego IMGW-PIB","twitter_image":"https:\/\/cmm.imgw.pl\/wp-content\/uploads\/2023\/02\/komentarz4.png","twitter_creator":"@IMGW_CMM","twitter_site":"@IMGW_CMM","twitter_misc":{"Napisane przez":"CMM","Szacowany czas czytania":"26 minut"},"schema":{"@context":"https:\/\/schema.org","@graph":[{"@type":"Article","@id":"https:\/\/cmm.imgw.pl\/?p=38856#article","isPartOf":{"@id":"https:\/\/cmm.imgw.pl\/?p=38856"},"author":{"name":"CMM","@id":"https:\/\/cmm.imgw.pl\/#\/schema\/person\/a24a37fe434fe76b0f5791e6bd3fdb46"},"headline":"Orientacyjna analiza sytuacji meteorologicznej na podstawie numerycznych modeli pogody w dniach 22-26 XII 2023 roku.","datePublished":"2023-12-17T21:52:31+00:00","dateModified":"2023-12-17T22:22:04+00:00","mainEntityOfPage":{"@id":"https:\/\/cmm.imgw.pl\/?p=38856"},"wordCount":1017,"publisher":{"@id":"https:\/\/cmm.imgw.pl\/#organization"},"keywords":["alaro","arome","cmm","Cosmo","DWD","Grzegorz Duniec","imgw","klimat","komentarz","komentarz pogodowy","MERGE","meteorologia","NMP","NPP","pogoda","prognoza","prognoza pogody","wrf","zima"],"articleSection":["Komentarz"],"inLanguage":"pl-PL"},{"@type":"WebPage","@id":"https:\/\/cmm.imgw.pl\/?p=38856","url":"https:\/\/cmm.imgw.pl\/?p=38856","name":"Orientacyjna analiza sytuacji meteorologicznej na podstawie numerycznych modeli pogody w dniach 22-26 XII 2023 roku. - Laboratorium Modelowania Meteorologicznego CMOK IMGW-PIB","isPartOf":{"@id":"https:\/\/cmm.imgw.pl\/#website"},"datePublished":"2023-12-17T21:52:31+00:00","dateModified":"2023-12-17T22:22:04+00:00","description":"Komentarz do numerycznych prognoz pogody opracowany w Centrum Modelowania Meteorologicznego IMGW-PIB.","breadcrumb":{"@id":"https:\/\/cmm.imgw.pl\/?p=38856#breadcrumb"},"inLanguage":"pl-PL","potentialAction":[{"@type":"ReadAction","target":["https:\/\/cmm.imgw.pl\/?p=38856"]}]},{"@type":"BreadcrumbList","@id":"https:\/\/cmm.imgw.pl\/?p=38856#breadcrumb","itemListElement":[{"@type":"ListItem","position":1,"name":"Home","item":"https:\/\/cmm.imgw.pl\/"},{"@type":"ListItem","position":2,"name":"Orientacyjna analiza sytuacji meteorologicznej na podstawie numerycznych modeli pogody w dniach 22-26 XII 2023 roku."}]},{"@type":"WebSite","@id":"https:\/\/cmm.imgw.pl\/#website","url":"https:\/\/cmm.imgw.pl\/","name":"Laboratorium Modelowania Meteorologicznego CMOK IMGW-PIB","description":"CMOK-LMM Laboratorium pe\u0142ni pa\u0144stwow\u0105 s\u0142u\u017cb\u0119 hydrologiczno-meteorologiczn\u0105 w zakresie numerycznych prognoz pogody, kt\u00f3rego zadaniem jest konsolidacja kompetencji w obszarze modelowania zjawisk pogodowych oraz dalszego rozwoju numerycznych modeli pogody (NMP).","publisher":{"@id":"https:\/\/cmm.imgw.pl\/#organization"},"potentialAction":[{"@type":"SearchAction","target":{"@type":"EntryPoint","urlTemplate":"https:\/\/cmm.imgw.pl\/?s={search_term_string}"},"query-input":"required name=search_term_string"}],"inLanguage":"pl-PL"},{"@type":"Organization","@id":"https:\/\/cmm.imgw.pl\/#organization","name":"Laboratorium Modelowania Meteorologicznego CMOK IMGW-PIB","url":"https:\/\/cmm.imgw.pl\/","sameAs":["https:\/\/www.facebook.com\/Meteoimgw\/","https:\/\/twitter.com\/IMGW_CMM"],"logo":{"@type":"ImageObject","inLanguage":"pl-PL","@id":"https:\/\/cmm.imgw.pl\/#\/schema\/logo\/image\/","url":"https:\/\/cmm.imgw.pl\/wp-content\/uploads\/2025\/10\/MODELE_LOGO_UNIFIKACJA_v2.png","contentUrl":"https:\/\/cmm.imgw.pl\/wp-content\/uploads\/2025\/10\/MODELE_LOGO_UNIFIKACJA_v2.png","width":1356,"height":365,"caption":"Laboratorium Modelowania Meteorologicznego CMOK IMGW-PIB"},"image":{"@id":"https:\/\/cmm.imgw.pl\/#\/schema\/logo\/image\/"}},{"@type":"Person","@id":"https:\/\/cmm.imgw.pl\/#\/schema\/person\/a24a37fe434fe76b0f5791e6bd3fdb46","name":"CMM","image":{"@type":"ImageObject","inLanguage":"pl-PL","@id":"https:\/\/cmm.imgw.pl\/#\/schema\/person\/image\/","url":"https:\/\/secure.gravatar.com\/avatar\/9248ea2273711f1cd09d6bd45867dbfb?s=96&d=blank&r=g","contentUrl":"https:\/\/secure.gravatar.com\/avatar\/9248ea2273711f1cd09d6bd45867dbfb?s=96&d=blank&r=g","caption":"CMM"},"sameAs":["http:\/\/cmm.imgw.pl"],"url":"https:\/\/cmm.imgw.pl\/?author=3"}]}},"_links":{"self":[{"href":"https:\/\/cmm.imgw.pl\/index.php?rest_route=\/wp\/v2\/posts\/38856"}],"collection":[{"href":"https:\/\/cmm.imgw.pl\/index.php?rest_route=\/wp\/v2\/posts"}],"about":[{"href":"https:\/\/cmm.imgw.pl\/index.php?rest_route=\/wp\/v2\/types\/post"}],"author":[{"embeddable":true,"href":"https:\/\/cmm.imgw.pl\/index.php?rest_route=\/wp\/v2\/users\/3"}],"replies":[{"embeddable":true,"href":"https:\/\/cmm.imgw.pl\/index.php?rest_route=%2Fwp%2Fv2%2Fcomments&post=38856"}],"version-history":[{"count":3,"href":"https:\/\/cmm.imgw.pl\/index.php?rest_route=\/wp\/v2\/posts\/38856\/revisions"}],"predecessor-version":[{"id":39059,"href":"https:\/\/cmm.imgw.pl\/index.php?rest_route=\/wp\/v2\/posts\/38856\/revisions\/39059"}],"wp:attachment":[{"href":"https:\/\/cmm.imgw.pl\/index.php?rest_route=%2Fwp%2Fv2%2Fmedia&parent=38856"}],"wp:term":[{"taxonomy":"category","embeddable":true,"href":"https:\/\/cmm.imgw.pl\/index.php?rest_route=%2Fwp%2Fv2%2Fcategories&post=38856"},{"taxonomy":"post_tag","embeddable":true,"href":"https:\/\/cmm.imgw.pl\/index.php?rest_route=%2Fwp%2Fv2%2Ftags&post=38856"}],"curies":[{"name":"wp","href":"https:\/\/api.w.org\/{rel}","templated":true}]}}