{"id":37728,"date":"2023-10-26T07:54:05","date_gmt":"2023-10-26T05:54:05","guid":{"rendered":"https:\/\/cmm.imgw.pl\/?p=37728"},"modified":"2023-10-26T11:25:43","modified_gmt":"2023-10-26T09:25:43","slug":"czesciowe-zacmienie-ksiezyca","status":"publish","type":"post","link":"https:\/\/cmm.imgw.pl\/?p=37728","title":{"rendered":"Cz\u0119\u015bciowe za\u0107mienie Ksi\u0119\u017cyca"},"content":{"rendered":"\n<p><\/p>\n\n\n\n<p><a href=\"Opracowanie: Prof. dr hab. Mariusz Figurski, dr Grzegorz Duniec, dr Marcin Kolonko, Centrum Modelowania Meteorologicznego IMGW-PIB\"><strong>Opracowanie: Prof. dr hab. Mariusz Figurski, dr\u00a0Grzegorz\u00a0Duniec, dr Marcin Kolonko, <mark style=\"background-color:rgba(0, 0, 0, 0)\" class=\"has-inline-color has-vivid-cyan-blue-color\">Centrum Modelowania Meteorologicznego IMGW-PIB<\/mark><\/strong><\/a><\/p>\n\n\n<p style=\"text-align: justify;\"><span style=\"font-size: 12pt;\">W najbli\u017csz\u0105 sobot\u0119 z terenu Polski b\u0119dzie mo\u017cna zaobserwowa\u0107 cz\u0119\u015bciowe za\u0107mienie Ksi\u0119\u017cyca. Geocentryczna opozycja S\u0142o\u0144ca i Ksi\u0119\u017cyca w rektascensji nast\u0105pi 28 pa\u017adziernika 2023 roku o godzinie 22<sup>h<\/sup>25<sup>m<\/sup>12,2<sup>s<\/sup><sup><a id=\"post-37728-footnote-ref-1\" href=\"#post-37728-footnote-1\">[1]<\/a><\/sup>. Maksymalna faza za\u0107mienia wyniesie 0,122. O godzinie 20<sup>h<\/sup>01<sup>m<\/sup>47<sup>s<\/sup> Ksi\u0119\u017cyc w swojej w\u0119dr\u00f3wce po orbicie dotrze do sto\u017cka p\u00f3\u0142cienia i zacznie si\u0119 w niego zanurza\u0107 rozpoczynaj\u0105c tym samym p\u00f3\u0142cieniowe cz\u0119\u015bciowe za\u0107mienie Ksi\u0119\u017cyca. O godzinie 21<sup>h<\/sup>35<sup>m<\/sup>18<sup>s<\/sup> Ksi\u0119\u017cyc dotrze do sto\u017cka cienia i rozpocznie si\u0119 za\u0107mienie cz\u0119\u015bciowe. Maksymalna faza za\u0107mienia cz\u0119\u015bciowego nast\u0105pi o godzinie 22<sup>h<\/sup>15<sup>m<\/sup>. Podczas maksymalnej fazy tarcza ksi\u0119\u017cycowa zanurzy si\u0119 w sto\u017cku cienia Ziemi w 12,2 %. Ksi\u0119\u017cyc b\u0119dzie znajdowa\u0142 si\u0119 w pobli\u017cu w\u0119z\u0142a wst\u0119puj\u0105cego, na wsch\u00f3d od niego.<\/span><\/p>\n<p style=\"text-align: left;\"><span style=\"font-size: 12pt;\"><img loading=\"lazy\" width=\"681\" height=\"571\" class=\"wp-image-37729 aligncenter\" src=\"http:\/\/cmm.imgw.pl\/wp-content\/uploads\/2023\/10\/obraz-zawierajacy-tekst-krag-diagram-zrzut-ekra.png\" alt=\"Obraz zawieraj\u0105cy tekst, kr\u0105g, diagram, zrzut ekranu\n\nOpis wygenerowany automatycznie\" srcset=\"https:\/\/cmm.imgw.pl\/wp-content\/uploads\/2023\/10\/obraz-zawierajacy-tekst-krag-diagram-zrzut-ekra.png 681w, https:\/\/cmm.imgw.pl\/wp-content\/uploads\/2023\/10\/obraz-zawierajacy-tekst-krag-diagram-zrzut-ekra-300x252.png 300w\" sizes=\"(max-width: 681px) 100vw, 681px\" \/><\/span><\/p>\n<p style=\"text-align: justify;\"><span style=\"font-size: 12pt;\">\u0179r\u00f3d\u0142o: Tomasz \u015aci\u0119\u017cor, Almanach Astronomiczny na rok 2023, strona 159, PTA, 2022.<\/span><\/p>\n<p style=\"text-align: justify;\"><span style=\"font-size: 12pt;\">Takie usytuowanie Ksi\u0119\u017cyca wzgl\u0119dem w\u0119z\u0142a wst\u0119puj\u0105cego skutkuje tym, \u017ce maksymalna faza za\u0107mienia nast\u0105pi nieco wcze\u015bniej, ni\u017c geocentryczna opozycja w rektascensji. Po maksymalne fazie Ksi\u0119\u017cyc rozpocznie wynurzanie si\u0119 ze sto\u017cka cienia ziemskiego. Ostatni kontakt ze sto\u017ckiem cienia Ksi\u0119\u017cyc b\u0119dzie mia\u0142 o godzinie 22<sup>h<\/sup>52<sup>m<\/sup>39<sup>s<\/sup> ko\u0144cz\u0105c tym samym za\u0107mienie cz\u0119\u015bciowe. Ksi\u0119\u017cyc natomiast nadal pozostawa\u0107 b\u0119dzie w sto\u017cku p\u00f3\u0142cienia. Wraz z zako\u0144czeniem fazy za\u0107mienia cz\u0119\u015bciowego rozpocznie si\u0119 faza za\u0107mienia p\u00f3\u0142cieniowego, kt\u00f3ra potrwa do 00<sup>h<\/sup>26<sup>m<\/sup>20<sup>s<\/sup>, 29 X 2023 roku. W\u00f3wczas Ksi\u0119\u017cyc wynurzy si\u0119 ze sto\u017cka p\u00f3\u0142cienia Ziemi i zako\u0144czy si\u0119 p\u00f3\u0142cieniowe za\u0107mienie Ksi\u0119\u017cyca [1].<\/span><\/p>\n<p style=\"text-align: justify;\"><span style=\"font-size: 12pt;\">Zbli\u017caj\u0105ce si\u0119 za\u0107mienie b\u0119dzie 20 za\u0107mieniem z serii 72 za\u0107mie\u0144 w cyklu Saros 136. Cykl Saros o numerze 136 rozpocz\u0105\u0142 si\u0119 13 kwietnia 1680 roku i zako\u0144czy si\u0119 1 czerwca 2960 roku [2]. Przebieg za\u0107mie\u0144 w tym cyklu jest nast\u0119puj\u0105cy:<\/span><\/p>\n<ol style=\"text-align: left;\">\n<li><span style=\"font-size: 12pt;\">7 cz\u0119\u015bciowych za\u0107mie\u0144 p\u00f3\u0142cieniowych<\/span><\/li>\n<li><span style=\"font-size: 12pt;\">1 ca\u0142kowite za\u0107mienie p\u00f3\u0142cieniowe<\/span><\/li>\n<li><span style=\"font-size: 12pt;\">7 cz\u0119\u015bciowych za\u0107mie\u0144<\/span><\/li>\n<li><span style=\"font-size: 12pt;\">27 ca\u0142kowitych za\u0107mie\u0144<\/span><\/li>\n<li><span style=\"font-size: 12pt;\">8 cz\u0119\u015bciowych za\u0107mie\u0144<\/span><\/li>\n<li><span style=\"font-size: 12pt;\">22 cz\u0119\u015bciowe za\u0107mienia p\u00f3\u0142cieniowe<\/span><\/li>\n<\/ol>\n<p style=\"text-align: justify;\"><span style=\"font-size: 12pt;\">Sobotnie cz\u0119\u015bciowe za\u0107mienie Ksi\u0119\u017cyca b\u0119dzie mo\u017cna obserwowa\u0107 z teren\u00f3w Europy, Afryki, Azji (zachodniej, \u015brodkowej oraz po\u0142udniowo-wschodniej), Grenlandii, p\u00f3\u0142nocnego Atlantyku oraz na obszarze Oceanu Indyjskiego. Przy wschodzie Ksi\u0119\u017cyca b\u0119dzie mo\u017cna obserwowa\u0107 za\u0107mienie z rejon\u00f3w wschodnich Ameryki po\u0142udniowej i p\u00f3\u0142nocnej oraz na zachodnich obszarach Oceanu Atlantyckiego. Przy zachodzie Ksi\u0119\u017cyca za\u0107mienie b\u0119dzie mo\u017cliwe do zaobserwowania z rejon\u00f3w Azji po\u0142udniowo wschodniej, Australii oraz w zachodnich rejonach Oceanu Spokojnego [1].<\/span><\/p>\n<p style=\"text-align: justify;\"><span style=\"font-size: 12pt;\"><img loading=\"lazy\" width=\"786\" height=\"363\" class=\"wp-image-37730 aligncenter\" src=\"http:\/\/cmm.imgw.pl\/wp-content\/uploads\/2023\/10\/obraz-zawierajacy-tekst-diagram-mapa-zrzut-ekra.png\" alt=\"Obraz zawieraj\u0105cy tekst, diagram, mapa, zrzut ekranu\n\nOpis wygenerowany automatycznie\" srcset=\"https:\/\/cmm.imgw.pl\/wp-content\/uploads\/2023\/10\/obraz-zawierajacy-tekst-diagram-mapa-zrzut-ekra.png 786w, https:\/\/cmm.imgw.pl\/wp-content\/uploads\/2023\/10\/obraz-zawierajacy-tekst-diagram-mapa-zrzut-ekra-300x139.png 300w, https:\/\/cmm.imgw.pl\/wp-content\/uploads\/2023\/10\/obraz-zawierajacy-tekst-diagram-mapa-zrzut-ekra-768x355.png 768w\" sizes=\"(max-width: 786px) 100vw, 786px\" \/><\/span><\/p>\n<p style=\"text-align: justify;\"><span style=\"font-size: 12pt;\">\u0179r\u00f3d\u0142o: Tomasz \u015aci\u0119\u017cor, Almanach Astronomiczny na rok 2023, strona 159, PTA, 2022.<\/span><\/p>\n<p style=\"text-align: left;\"><span style=\"font-size: 12pt;\"><strong>Widzialno\u015b\u0107 za\u0107mienia z rejonu Polski<\/strong><\/span><\/p>\n<p style=\"text-align: justify;\"><span style=\"font-size: 12pt;\"><strong><img loading=\"lazy\" width=\"1386\" height=\"527\" class=\"wp-image-37731 aligncenter\" src=\"http:\/\/cmm.imgw.pl\/wp-content\/uploads\/2023\/10\/word-image-37728-3.jpeg\" srcset=\"https:\/\/cmm.imgw.pl\/wp-content\/uploads\/2023\/10\/word-image-37728-3.jpeg 1386w, https:\/\/cmm.imgw.pl\/wp-content\/uploads\/2023\/10\/word-image-37728-3-300x114.jpeg 300w, https:\/\/cmm.imgw.pl\/wp-content\/uploads\/2023\/10\/word-image-37728-3-1024x389.jpeg 1024w, https:\/\/cmm.imgw.pl\/wp-content\/uploads\/2023\/10\/word-image-37728-3-768x292.jpeg 768w\" sizes=\"(max-width: 1386px) 100vw, 1386px\" \/><\/strong><\/span><\/p>\n<p style=\"text-align: justify;\"><span style=\"font-size: 12pt;\">Po\u0142o\u017cenie Ksi\u0119\u017cyca na sferze niebieskiej (\u0141\u00f3d\u017a), 28 X 2023 roku o godzinie 20:01:47. Rozpocz\u0119cie si\u0119 p\u00f3\u0142cieniowego za\u0107mienia Ksi\u0119\u017cyca. \u0179r\u00f3d\u0142o: https:\/\/stellarium-web.org\/ .<\/span><\/p>\n<p style=\"text-align: justify;\"><span style=\"font-size: 12pt;\">W chwili pierwszego kontaktu Ksi\u0119\u017cyca ze sto\u017ckiem p\u00f3\u0142cienia ziemskiego, Ksi\u0119\u017cyc b\u0119dzie znajdowa\u0142 si\u0119 na wysoko\u015bci 25\u00b027\u201916,2\u201d nad horyzontem (dane dla \u0141odzi, w innych miejscowo\u015bciach wysoko\u015b\u0107 b\u0119dzie inna) w gwiazdozbiorze Barana, w odleg\u0142o\u015bci 366525,991 km od Ziemi. Rozmiary k\u0105towe Ksi\u0119\u017cyca wynios\u0105 32,594\u2019. Ksi\u0119\u017cyc b\u0119dzie porusza\u0142 si\u0119 z pr\u0119dko\u015bci\u0105 wzgl\u0119dn\u0105 1,066 km\/s. Pr\u0119dko\u015b\u0107 radialna Ksi\u0119\u017cyca to 0,039 km\/s za\u015b pr\u0119dko\u015b\u0107 k\u0105towa wyniesie 14,394\u00b0 na dob\u0119. Jasno\u015b\u0107 Ksi\u0119\u017cyca wyniesie -12<sup>m<\/sup>,82 [4]. W pobli\u017cu Ksi\u0119\u017cyca, na wsch\u00f3d od niego, znajdowa\u0107 si\u0119 b\u0119dzie Jowisz z towarzysz\u0105cymi mu czterema najwi\u0119kszymi ksi\u0119\u017cycami zwanych Galileuszowymi, r\u00f3wnie\u017c w konstelacji Barana.<\/span><\/p>\n<p style=\"text-align: justify;\"><span style=\"font-size: 12pt;\"><img loading=\"lazy\" width=\"1029\" height=\"477\" class=\"wp-image-37732 aligncenter\" src=\"http:\/\/cmm.imgw.pl\/wp-content\/uploads\/2023\/10\/word-image-37728-4.png\" srcset=\"https:\/\/cmm.imgw.pl\/wp-content\/uploads\/2023\/10\/word-image-37728-4.png 1029w, https:\/\/cmm.imgw.pl\/wp-content\/uploads\/2023\/10\/word-image-37728-4-300x139.png 300w, https:\/\/cmm.imgw.pl\/wp-content\/uploads\/2023\/10\/word-image-37728-4-1024x475.png 1024w, https:\/\/cmm.imgw.pl\/wp-content\/uploads\/2023\/10\/word-image-37728-4-768x356.png 768w\" sizes=\"(max-width: 1029px) 100vw, 1029px\" \/><\/span><\/p>\n<p style=\"text-align: justify;\"><span style=\"font-size: 12pt;\">Po\u0142o\u017cenie satelit\u00f3w Galileuszowych wzgl\u0119dem Jowisza, 28 X 2023 roku o godzinie 20:01:47. \u0179r\u00f3d\u0142o: https:\/\/stellarium-web.org\/.<\/span><\/p>\n<p style=\"text-align: justify;\"><span style=\"font-size: 12pt;\">Z chwil\u0105 rozpocz\u0119cia za\u0107mienia p\u00f3\u0142cieniowego Ksi\u0119\u017cyca, uk\u0142ad ksi\u0119\u017cyc\u00f3w Galileuszowych Jowisza b\u0119dzie nast\u0119puj\u0105cy. Na wsch\u00f3d od planety b\u0119dziemy mogli podziwia\u0107 Io i Callisto. Po zachodniej stronie planety odnajdziemy Europ\u0119 i Ganimedesa.<\/span><\/p>\n<p style=\"text-align: justify;\"><span style=\"font-size: 12pt;\"><img loading=\"lazy\" width=\"1087\" height=\"426\" class=\"wp-image-37733 aligncenter\" src=\"http:\/\/cmm.imgw.pl\/wp-content\/uploads\/2023\/10\/word-image-37728-5.png\" srcset=\"https:\/\/cmm.imgw.pl\/wp-content\/uploads\/2023\/10\/word-image-37728-5.png 1087w, https:\/\/cmm.imgw.pl\/wp-content\/uploads\/2023\/10\/word-image-37728-5-300x118.png 300w, https:\/\/cmm.imgw.pl\/wp-content\/uploads\/2023\/10\/word-image-37728-5-1024x401.png 1024w, https:\/\/cmm.imgw.pl\/wp-content\/uploads\/2023\/10\/word-image-37728-5-768x301.png 768w\" sizes=\"(max-width: 1087px) 100vw, 1087px\" \/><\/span><\/p>\n<p style=\"text-align: justify;\"><span style=\"font-size: 12pt;\">Plejady, Uran, Jowisz i Ksi\u0119\u017cyc. 28 X 2023 roku o godzinie 20:01:47. \u0179r\u00f3d\u0142o: https:\/\/stellarium-web.org\/.<\/span><\/p>\n<p style=\"text-align: justify;\"><span style=\"font-size: 12pt;\">Na wsch\u00f3d od Jowisza b\u0119dzie mo\u017cna obserwowa\u0107 r\u00f3wnie\u017c planet\u0119 Uran, kt\u00f3ra znajduje si\u0119 w granicach gwiazdozbioru Barana. Przesuwaj\u0105c si\u0119 dalej na wsch\u00f3d odnajdziemy Plejady, kt\u00f3re w chwili rozpocz\u0119cia za\u0107mienia p\u00f3\u0142cieniowego b\u0119d\u0105 wznosi\u0142y si\u0119 na wysoko\u015bci 18\u00b038\u2019 (w \u0141odzi) nad horyzontem [3].<\/span><\/p>\n<p style=\"text-align: left;\"><span style=\"font-size: 12pt;\"><img loading=\"lazy\" width=\"705\" height=\"659\" class=\"wp-image-37734 aligncenter\" src=\"http:\/\/cmm.imgw.pl\/wp-content\/uploads\/2023\/10\/word-image-37728-6.png\" srcset=\"https:\/\/cmm.imgw.pl\/wp-content\/uploads\/2023\/10\/word-image-37728-6.png 705w, https:\/\/cmm.imgw.pl\/wp-content\/uploads\/2023\/10\/word-image-37728-6-300x280.png 300w\" sizes=\"(max-width: 705px) 100vw, 705px\" \/><\/span><\/p>\n<p style=\"text-align: left;\"><span style=\"font-size: 12pt;\">Uk\u0142ad satelit\u00f3w Urana, 28 X 2023 roku o godzinie 20:01:47. \u0179r\u00f3d\u0142o: https:\/\/stellarium-web.org\/.<\/span><\/p>\n<p style=\"text-align: left;\"><span style=\"font-size: 12pt;\">Obserwuj\u0105c przez lunet\u0119 lub teleskop Urana b\u0119dzie mo\u017cna zaobserwowa\u0107 jego najja\u015bniejsze ksi\u0119\u017cyce Ariel, Umbriel, Tytania i Oberona.<\/span><\/p>\n<p style=\"text-align: left;\"><span style=\"font-size: 12pt;\"><img loading=\"lazy\" width=\"1387\" height=\"371\" class=\"wp-image-37735 aligncenter\" src=\"http:\/\/cmm.imgw.pl\/wp-content\/uploads\/2023\/10\/word-image-37728-7.png\" srcset=\"https:\/\/cmm.imgw.pl\/wp-content\/uploads\/2023\/10\/word-image-37728-7.png 1387w, https:\/\/cmm.imgw.pl\/wp-content\/uploads\/2023\/10\/word-image-37728-7-300x80.png 300w, https:\/\/cmm.imgw.pl\/wp-content\/uploads\/2023\/10\/word-image-37728-7-1024x274.png 1024w, https:\/\/cmm.imgw.pl\/wp-content\/uploads\/2023\/10\/word-image-37728-7-768x205.png 768w\" sizes=\"(max-width: 1387px) 100vw, 1387px\" \/><\/span><\/p>\n<p style=\"text-align: left;\"><span style=\"font-size: 12pt;\">Ksi\u0119\u017cyc, Neptun oraz Saturn, 28 X 2023 roku o godzinie 20:01:47. \u0179r\u00f3d\u0142o: https:\/\/stellarium-web.org\/.<\/span><\/p>\n<p style=\"text-align: left;\"><span style=\"font-size: 12pt;\">Na zach\u00f3d od Ksi\u0119\u017cyca, w nieco wi\u0119kszej odleg\u0142o\u015bci, znajdowa\u0107 si\u0119 b\u0119dzie Neptun w konstelacji Ryb (przy samej granicy z gwiazdozbiorem Wodnika) oraz Saturn w Wodniku.<\/span><\/p>\n<p style=\"text-align: left;\"><span style=\"font-size: 12pt;\"><img loading=\"lazy\" width=\"1384\" height=\"366\" class=\"wp-image-37736 aligncenter\" src=\"http:\/\/cmm.imgw.pl\/wp-content\/uploads\/2023\/10\/word-image-37728-8.png\" srcset=\"https:\/\/cmm.imgw.pl\/wp-content\/uploads\/2023\/10\/word-image-37728-8.png 1384w, https:\/\/cmm.imgw.pl\/wp-content\/uploads\/2023\/10\/word-image-37728-8-300x79.png 300w, https:\/\/cmm.imgw.pl\/wp-content\/uploads\/2023\/10\/word-image-37728-8-1024x271.png 1024w, https:\/\/cmm.imgw.pl\/wp-content\/uploads\/2023\/10\/word-image-37728-8-768x203.png 768w\" sizes=\"(max-width: 1384px) 100vw, 1384px\" \/><\/span><\/p>\n<p style=\"text-align: left;\"><span style=\"font-size: 12pt;\"><img loading=\"lazy\" width=\"1384\" height=\"428\" class=\"wp-image-37737 aligncenter\" src=\"http:\/\/cmm.imgw.pl\/wp-content\/uploads\/2023\/10\/word-image-37728-9.png\" srcset=\"https:\/\/cmm.imgw.pl\/wp-content\/uploads\/2023\/10\/word-image-37728-9.png 1384w, https:\/\/cmm.imgw.pl\/wp-content\/uploads\/2023\/10\/word-image-37728-9-300x93.png 300w, https:\/\/cmm.imgw.pl\/wp-content\/uploads\/2023\/10\/word-image-37728-9-1024x317.png 1024w, https:\/\/cmm.imgw.pl\/wp-content\/uploads\/2023\/10\/word-image-37728-9-768x238.png 768w\" sizes=\"(max-width: 1384px) 100vw, 1384px\" \/><\/span><\/p>\n<p style=\"text-align: left;\"><span style=\"font-size: 12pt;\"><img loading=\"lazy\" width=\"1385\" height=\"490\" class=\"wp-image-37738 aligncenter\" src=\"http:\/\/cmm.imgw.pl\/wp-content\/uploads\/2023\/10\/word-image-37728-10.png\" srcset=\"https:\/\/cmm.imgw.pl\/wp-content\/uploads\/2023\/10\/word-image-37728-10.png 1385w, https:\/\/cmm.imgw.pl\/wp-content\/uploads\/2023\/10\/word-image-37728-10-300x106.png 300w, https:\/\/cmm.imgw.pl\/wp-content\/uploads\/2023\/10\/word-image-37728-10-1024x362.png 1024w, https:\/\/cmm.imgw.pl\/wp-content\/uploads\/2023\/10\/word-image-37728-10-768x272.png 768w\" sizes=\"(max-width: 1385px) 100vw, 1385px\" \/><\/span><\/p>\n<p style=\"text-align: left;\"><span style=\"font-size: 12pt;\">Uk\u0142ad satelit\u00f3w Saturna, 28 X 2023 roku o godzinie 20:01:47. \u0179r\u00f3d\u0142o: https:\/\/stellarium-web.org\/.<\/span><\/p>\n<p style=\"text-align: left;\"><span style=\"font-size: 12pt;\">Obserwuj\u0105c Saturna podziwia\u0107 b\u0119dzie mo\u017cna jego pi\u0119kne pier\u015bcienie oraz ksi\u0119\u017cyce, a o to niekt\u00f3re z nich: Iapetus, Titan, Dione, Tethys, Enceladus, Prometheus, Mimas, Atlas, Epimetheus, Helene oraz Rhea. Ponadto jeden z jego ksi\u0119\u017cyc\u00f3w Janus b\u0119dzie znajdowa\u0142 si\u0119 na tle tarczy Saturna.<\/span><\/p>\n<p style=\"text-align: left;\"><span style=\"font-size: 12pt;\"><img loading=\"lazy\" width=\"657\" height=\"372\" class=\"wp-image-37739 aligncenter\" src=\"http:\/\/cmm.imgw.pl\/wp-content\/uploads\/2023\/10\/word-image-37728-11.png\" srcset=\"https:\/\/cmm.imgw.pl\/wp-content\/uploads\/2023\/10\/word-image-37728-11.png 657w, https:\/\/cmm.imgw.pl\/wp-content\/uploads\/2023\/10\/word-image-37728-11-300x170.png 300w\" sizes=\"(max-width: 657px) 100vw, 657px\" \/><\/span><\/p>\n<p style=\"text-align: left;\"><span style=\"font-size: 12pt;\"><img loading=\"lazy\" width=\"1385\" height=\"623\" class=\"wp-image-37740 aligncenter\" src=\"http:\/\/cmm.imgw.pl\/wp-content\/uploads\/2023\/10\/word-image-37728-12.png\" srcset=\"https:\/\/cmm.imgw.pl\/wp-content\/uploads\/2023\/10\/word-image-37728-12.png 1385w, https:\/\/cmm.imgw.pl\/wp-content\/uploads\/2023\/10\/word-image-37728-12-300x135.png 300w, https:\/\/cmm.imgw.pl\/wp-content\/uploads\/2023\/10\/word-image-37728-12-1024x461.png 1024w, https:\/\/cmm.imgw.pl\/wp-content\/uploads\/2023\/10\/word-image-37728-12-768x345.png 768w\" sizes=\"(max-width: 1385px) 100vw, 1385px\" \/><\/span><\/p>\n<p style=\"text-align: left;\"><span style=\"font-size: 12pt;\">Tryton z Neptunem, 28 X 2023 roku o godzinie 20:01:47. \u0179r\u00f3d\u0142o: https:\/\/stellarium-web.org\/.<\/span><\/p>\n<p style=\"text-align: justify;\"><span style=\"font-size: 12pt;\">Natomiast obserwuj\u0105c Neptuna zaobserwowa\u0107 b\u0119dzie mo\u017cna Trytona, kt\u00f3ry jest najwi\u0119kszym ksi\u0119\u017cycem Neptuna, oraz kilka ma\u0142ych: Galatea, Despina, Larissa, Proteus.<\/span><\/p>\n<p style=\"text-align: justify;\"><span style=\"font-size: 12pt;\"><img loading=\"lazy\" width=\"1387\" height=\"532\" class=\"wp-image-37741 aligncenter\" src=\"http:\/\/cmm.imgw.pl\/wp-content\/uploads\/2023\/10\/word-image-37728-13.jpeg\" srcset=\"https:\/\/cmm.imgw.pl\/wp-content\/uploads\/2023\/10\/word-image-37728-13.jpeg 1387w, https:\/\/cmm.imgw.pl\/wp-content\/uploads\/2023\/10\/word-image-37728-13-300x115.jpeg 300w, https:\/\/cmm.imgw.pl\/wp-content\/uploads\/2023\/10\/word-image-37728-13-1024x393.jpeg 1024w, https:\/\/cmm.imgw.pl\/wp-content\/uploads\/2023\/10\/word-image-37728-13-768x295.jpeg 768w\" sizes=\"(max-width: 1387px) 100vw, 1387px\" \/><\/span><\/p>\n<p style=\"text-align: justify;\"><span style=\"font-size: 12pt;\">Po\u0142o\u017cenie Ksi\u0119\u017cyca na sferze niebieskiej (\u0141\u00f3d\u017a), 28 X 2023 roku o godzinie 21:35:18. Rozpocz\u0119cie si\u0119 cz\u0119\u015bciowego za\u0107mienia Ksi\u0119\u017cyca. \u0179r\u00f3d\u0142o: https:\/\/stellarium-web.org\/.<\/span><\/p>\n<p style=\"text-align: justify;\"><span style=\"font-size: 12pt;\">Z chwil\u0105 pierwszego kontaktu ze sto\u017ckiem cienia Ziemi (o godzinie 21:35:18) rozpocznie si\u0119 powolne zanurzanie Ksi\u0119\u017cyca w sto\u017cek, czyli rozpocznie si\u0119 cz\u0119\u015bciowe za\u0107mienie Ksi\u0119\u017cyca. Ksi\u0119\u017cyc znajdzie si\u0119 na wysoko\u015bci 38\u00b045\u201949,7\u201d nad horyzontem (\u0141\u00f3d\u017a). Ksi\u0119\u017cyc nieco przybli\u017cy si\u0119 do Ziemi i znajdowa\u0107 si\u0119 b\u0119dzie w odleg\u0142o\u015bci 365503,857 km. Rozmiary k\u0105towe Ksi\u0119\u017cyca w momencie za\u0107mienia wynios\u0105 32,685\u2019. Ksi\u0119\u017cyc b\u0119dzie porusza\u0142 si\u0119 z pr\u0119dko\u015bci\u0105 wzgl\u0119dn\u0105 1,064 km\/s. Pr\u0119dko\u015b\u0107 radialna Ksi\u0119\u017cyca to 0,039 km\/s za\u015b pr\u0119dko\u015b\u0107 k\u0105towa wyniesie 14,405\u00b0 na dob\u0119. Jasno\u015b\u0107 Ksi\u0119\u017cyca wyniesie -12<sup>m<\/sup>,84 [4].<\/span><\/p>\n<p style=\"text-align: left;\"><span style=\"font-size: 12pt;\"><img loading=\"lazy\" width=\"1388\" height=\"707\" class=\"wp-image-37742 aligncenter\" src=\"http:\/\/cmm.imgw.pl\/wp-content\/uploads\/2023\/10\/word-image-37728-14.jpeg\" srcset=\"https:\/\/cmm.imgw.pl\/wp-content\/uploads\/2023\/10\/word-image-37728-14.jpeg 1388w, https:\/\/cmm.imgw.pl\/wp-content\/uploads\/2023\/10\/word-image-37728-14-300x153.jpeg 300w, https:\/\/cmm.imgw.pl\/wp-content\/uploads\/2023\/10\/word-image-37728-14-1024x522.jpeg 1024w, https:\/\/cmm.imgw.pl\/wp-content\/uploads\/2023\/10\/word-image-37728-14-768x391.jpeg 768w\" sizes=\"(max-width: 1388px) 100vw, 1388px\" \/><\/span><\/p>\n<p style=\"text-align: justify;\"><span style=\"font-size: 12pt;\">Po\u0142o\u017cenie Ksi\u0119\u017cyca na sferze niebieskiej (\u0141\u00f3d\u017a), 28 X 2023 roku o godzinie 22:15. Faza maksymalna cz\u0119\u015bciowego za\u0107mienia Ksi\u0119\u017cyca. \u0179r\u00f3d\u0142o: https:\/\/stellarium-web.org\/.<\/span><\/p>\n<p style=\"text-align: justify;\"><span style=\"font-size: 12pt;\"><img loading=\"lazy\" width=\"799\" height=\"625\" class=\"wp-image-37743 aligncenter\" src=\"http:\/\/cmm.imgw.pl\/wp-content\/uploads\/2023\/10\/obraz-zawierajacy-obiekt-astronomiczny-natura-pl.png\" alt=\"Obraz zawieraj\u0105cy Obiekt astronomiczny, natura, planeta, astronomia\n\nOpis wygenerowany automatycznie\" srcset=\"https:\/\/cmm.imgw.pl\/wp-content\/uploads\/2023\/10\/obraz-zawierajacy-obiekt-astronomiczny-natura-pl.png 799w, https:\/\/cmm.imgw.pl\/wp-content\/uploads\/2023\/10\/obraz-zawierajacy-obiekt-astronomiczny-natura-pl-300x235.png 300w, https:\/\/cmm.imgw.pl\/wp-content\/uploads\/2023\/10\/obraz-zawierajacy-obiekt-astronomiczny-natura-pl-768x601.png 768w\" sizes=\"(max-width: 799px) 100vw, 799px\" \/><\/span><\/p>\n<p style=\"text-align: justify;\"><span style=\"font-size: 12pt;\">Wygl\u0105d Ksi\u0119\u017cyca podczas maksymalnej fazy cz\u0119\u015bciowego za\u0107mienia Ksi\u0119\u017cyca. \u0179r\u00f3d\u0142o: https:\/\/stellarium-web.org\/.<\/span><\/p>\n<p style=\"text-align: justify;\"><span style=\"font-size: 12pt;\">Podczas maksymalnej fazy za\u0107mienia, o godzinie 22:15, Ksi\u0119\u017cyca znajdowa\u0107 si\u0119 na wysoko\u015bci 43\u00b037\u201947,2\u201d nad horyzontem (dane dla \u0141odzi) w odleg\u0142o\u015bci 365196,798km [4]. Na za\u0142\u0105czonej symulacji za\u0107mienia wida\u0107 fragment sto\u017cka cienia, w kt\u00f3rym zanurzy\u0142 si\u0119 biegun po\u0142udniowy Ksi\u0119\u017cyca. Od tej chwili Ksi\u0119\u017cyc zacznie powoli wynurza\u0107 si\u0119 ze sto\u017cka cienia Ziemi. Rozmiary k\u0105towe Ksi\u0119\u017cyca zwi\u0119ksz\u0105 si\u0119 i wynios\u0105 32,712\u2019. Ksi\u0119\u017cyc b\u0119dzie nadal porusza\u0142 si\u0119 z pr\u0119dko\u015bci\u0105 wzgl\u0119dn\u0105 1,064 km\/s. Pr\u0119dko\u015b\u0107 radialna Ksi\u0119\u017cyca to 0,039 km\/s za\u015b pr\u0119dko\u015b\u0107 k\u0105towa wyniesie 14,407\u00b0 na dob\u0119. Jasno\u015b\u0107 Ksi\u0119\u017cyca wyniesie -12<sup>m<\/sup>,84 [4].<\/span><\/p>\n<p style=\"text-align: left;\"><span style=\"font-size: 12pt;\"><img loading=\"lazy\" width=\"1384\" height=\"576\" class=\"wp-image-37744 aligncenter\" src=\"http:\/\/cmm.imgw.pl\/wp-content\/uploads\/2023\/10\/word-image-37728-16.jpeg\" srcset=\"https:\/\/cmm.imgw.pl\/wp-content\/uploads\/2023\/10\/word-image-37728-16.jpeg 1384w, https:\/\/cmm.imgw.pl\/wp-content\/uploads\/2023\/10\/word-image-37728-16-300x125.jpeg 300w, https:\/\/cmm.imgw.pl\/wp-content\/uploads\/2023\/10\/word-image-37728-16-1024x426.jpeg 1024w, https:\/\/cmm.imgw.pl\/wp-content\/uploads\/2023\/10\/word-image-37728-16-768x320.jpeg 768w\" sizes=\"(max-width: 1384px) 100vw, 1384px\" \/><\/span><\/p>\n<p style=\"text-align: left;\"><span style=\"font-size: 12pt;\">Po\u0142o\u017cenie Ksi\u0119\u017cyca na sferze niebieskiej (\u0141\u00f3d\u017a), 28 X 2023 roku o godzinie 22:52:39. Koniec cz\u0119\u015bciowego za\u0107mienia Ksi\u0119\u017cyca i rozpocz\u0119cia za\u0107mienia p\u00f3\u0142cieniowego. \u0179r\u00f3d\u0142o: https:\/\/stellarium-web.org\/.<\/span><\/p>\n<p style=\"text-align: justify;\"><span style=\"font-size: 12pt;\">Ostatecznie Ksi\u0119\u017cyc wynurzy si\u0119 ze sto\u017cka cienia Ziemi o godzinie 22:52:39, co oznacza\u0107 b\u0119dzie koniec cz\u0119\u015bciowego za\u0107mienia Ksi\u0119\u017cyca. Ksi\u0119\u017cyc nadal jednak pozostanie w sto\u017cku p\u00f3\u0142cienia Ziemi, czyli wyst\u0119powa\u0107 b\u0119dzie p\u00f3\u0142cieniowe za\u0107mienie Ksi\u0119\u017cyca. W tym momencie czasu Ksi\u0119\u017cyc znajdowa\u0107 si\u0119 b\u0119dzie na wysoko\u015bci 47\u00b028\u2019 20,3\u201d nad horyzontem (dane dla \u0141odzi) w odleg\u0142o\u015bci 364991,258 km. Rozmiary k\u0105towe Ksi\u0119\u017cyca zwi\u0119ksz\u0105 si\u0119 i wynios\u0105 32,712\u2019. Ksi\u0119\u017cyc b\u0119dzie nadal porusza\u0142 si\u0119 z pr\u0119dko\u015bci\u0105 wzgl\u0119dn\u0105 1,064 km\/s. Pr\u0119dko\u015b\u0107 radialna Ksi\u0119\u017cyca to 0,039 km\/s za\u015b k\u0105towa wyniesie 14,407\u00b0 na dob\u0119. Jasno\u015b\u0107 Ksi\u0119\u017cyca wyniesie -12<sup>m<\/sup>,84 [4].<\/span><\/p>\n<p style=\"text-align: left;\"><span style=\"font-size: 12pt;\"><img loading=\"lazy\" width=\"1364\" height=\"723\" class=\"wp-image-37745 aligncenter\" src=\"http:\/\/cmm.imgw.pl\/wp-content\/uploads\/2023\/10\/word-image-37728-17.png\" srcset=\"https:\/\/cmm.imgw.pl\/wp-content\/uploads\/2023\/10\/word-image-37728-17.png 1364w, https:\/\/cmm.imgw.pl\/wp-content\/uploads\/2023\/10\/word-image-37728-17-300x159.png 300w, https:\/\/cmm.imgw.pl\/wp-content\/uploads\/2023\/10\/word-image-37728-17-1024x543.png 1024w, https:\/\/cmm.imgw.pl\/wp-content\/uploads\/2023\/10\/word-image-37728-17-768x407.png 768w\" sizes=\"(max-width: 1364px) 100vw, 1364px\" \/><\/span><\/p>\n<p style=\"text-align: left;\"><span style=\"font-size: 12pt;\"><img loading=\"lazy\" width=\"949\" height=\"541\" class=\"wp-image-37746 aligncenter\" src=\"http:\/\/cmm.imgw.pl\/wp-content\/uploads\/2023\/10\/word-image-37728-18.png\" srcset=\"https:\/\/cmm.imgw.pl\/wp-content\/uploads\/2023\/10\/word-image-37728-18.png 949w, https:\/\/cmm.imgw.pl\/wp-content\/uploads\/2023\/10\/word-image-37728-18-300x171.png 300w, https:\/\/cmm.imgw.pl\/wp-content\/uploads\/2023\/10\/word-image-37728-18-768x438.png 768w\" sizes=\"(max-width: 949px) 100vw, 949px\" \/><\/span><\/p>\n<p style=\"text-align: left;\"><span style=\"font-size: 12pt;\">Po\u0142o\u017cenie Ksi\u0119\u017cyca na sferze niebieskiej (\u0141\u00f3d\u017a), 29 X 2023 roku o godzinie 00:26:20. Koniec za\u0107mienia p\u00f3\u0142cieniowego. \u0179r\u00f3d\u0142o: https:\/\/stellarium-web.org\/.<\/span><\/p>\n<p style=\"text-align: justify;\"><span style=\"font-size: 12pt;\">W niedziel\u0119, kilka minut po p\u00f3\u0142nocy, o godzinie 00:26:20 Ksi\u0119\u017cyc wynurzy si\u0119 ze sto\u017cka p\u00f3\u0142cienia Ziemi i zako\u0144czy si\u0119 cz\u0119\u015bciowe za\u0107mienie p\u00f3\u0142cieniowe. Za\u0107mienie Ksi\u0119\u017cyca zako\u0144czy si\u0119 tu\u017c przed przeci\u0119ciem toru Ksi\u0119\u017cyca z po\u0142udnikiem niebieskim. W chwili zako\u0144czenia zjawiska Ksi\u0119\u017cyc b\u0119dzie znajdowa\u0142 si\u0119 na wysoko\u015bci 52\u00b016\u2019 15,6\u201d nad horyzontem (w \u0141odzi) znajduj\u0105c si\u0119 w odleg\u0142o\u015bci 364882,958 km od Ziemi. Rozmiary k\u0105towe Ksi\u0119\u017cyca zwi\u0119ksz\u0105 si\u0119 i wynios\u0105 32,740\u2019. Ksi\u0119\u017cyc b\u0119dzie nadal porusza\u0142 si\u0119 z pr\u0119dko\u015bci\u0105 wzgl\u0119dn\u0105 1,062 km\/s. Pr\u0119dko\u015b\u0107 radialna Ksi\u0119\u017cyca to 0,037 km\/s za\u015b k\u0105towa wyniesie 14,396\u00b0 na dob\u0119. Jasno\u015b\u0107 Ksi\u0119\u017cyca wyniesie -12<sup>m<\/sup>,82 [4].<\/span><\/p>\n<p style=\"text-align: left;\"><span style=\"font-size: 12pt;\"><strong>Sto\u017cek cienia Ziemi<\/strong><\/span><\/p>\n<p style=\"text-align: justify;\"><span style=\"font-size: 12pt;\">Jak ju\u017c wspomniano we wcze\u015bniejszych artyku\u0142ach za\u0107mienie Ksi\u0119\u017cyca powstaje wtedy, kiedy Ksi\u0119\u017cyc zanurza si\u0119 w sto\u017cek cienia Ziemi. Mo\u017cna zada\u0107 pytanie, czy w przekroju sto\u017cek cienia b\u0119dzie ko\u0142em? Ot\u00f3\u017c nie. Sto\u017cek cienia Ziemi, w odleg\u0142o\u015bci Ksi\u0119\u017cyca, w przekroju odbiega od ko\u0142a i jest nieco sp\u0142aszczony. Przyczyn\u0105 sp\u0142aszczenia przekroju poprzecznego nale\u017cy upatrywa\u0107 w tym, \u017ce jak powszechnie wiadomo, Ziemia nie jest idealn\u0105 kul\u0105, jest geoid\u0105. Co ciekawe sp\u0142aszczenie przekroju sto\u017cka jest wi\u0119ksze ni\u017c sp\u0142aszczenie samej Ziemi. Korzystaj\u0105c z elementarnej geometrii mo\u017cna udowodni\u0107, \u017ce kiedy Ksi\u0119\u017cyc znajduje si\u0119 w apogeum orbity, a Ziemia w peryhelium orbity przekr\u00f3j sto\u017cka cienia w odleg\u0142o\u015bci Ksi\u0119\u017cyca jest bardziej sp\u0142aszczony [5].<\/span><\/p>\n<p style=\"text-align: left;\"><span style=\"font-size: 12pt;\"><strong>Czy za\u0107mienie Ksi\u0119\u017cyca zachodzi w pe\u0142ni?<\/strong><\/span><\/p>\n<p style=\"text-align: justify;\"><span style=\"font-size: 12pt;\">Wydaje si\u0119 oczywistym, \u017ce za\u0107mienie Ksi\u0119\u017cyca zachodzi wtedy, kiedy Ksi\u0119\u017cyc jest w pe\u0142ni. Ale czy tak jest zawsze? Jak wiemy Ksi\u0119\u017cyc porusza si\u0119 po orbicie, kt\u00f3ra jest nachylona pod k\u0105tem 5\u00b008\u201943\u201d (\u015brednia warto\u015b\u0107) do p\u0142aszczyzny ekliptyki. K\u0105t nachylenia si\u0119 zmienia w wyniku perturbacji grawitacyjnych ze strony S\u0142o\u0144ca. Ot\u00f3\u017c za\u0107mienie Ksi\u0119\u017cyca (faza maksymalna) b\u0119dzie zachodzi\u0142o dok\u0142adnie podczas geocentrycznej opozycji Ksi\u0119\u017cyca i S\u0142o\u0144ca w rektascensji, czyli pe\u0142ni, tylko wtedy, kiedy za\u0107mienie b\u0119dzie centralne. Kiedy za\u0107mienie nie jest centralne w\u00f3wczas pe\u0142nia i faza maksymalna nie zachodzi dok\u0142adnie w tym samym czasie. R\u00f3\u017cnica w czasie b\u0119dzie zwi\u0119ksza\u0142a wraz ze zmniejszaniem maksymalnej fazy za\u0107mienia. Wykonuj\u0105c obliczenia mo\u017cna wykaza\u0107, \u017ce przy maksymalnej fazie za\u0107mienia mniejszej od 0,009, pe\u0142nia Ksi\u0119\u017cyca mo\u017ce wyst\u0105pi\u0107 ju\u017c po lub przed za\u0107mieniem. Przyk\u0142adem mo\u017ce by\u0107 za\u0107mienie z 26 listopada 1890 roku. Jak wynika z oblicze\u0144 maksymalna faza za\u0107mienia cz\u0119\u015bciowego Ksi\u0119\u017cyca w\u00f3wczas wynosi\u0142a 0,002. Ksi\u0119\u017cyc by\u0142 zanurzony w sto\u017cku cienia ziemskiego w czasie 13:29 UTC do 13:39 UTC. Geocentryczna opozycja Ksi\u0119\u017cyca i S\u0142o\u0144ca w rektascensji, czyli pe\u0142nia, wyst\u0105pi\u0142a o godzinie 13:23 UTC [6]. Zatem pe\u0142nia Ksi\u0119\u017cyca mia\u0142a miejsce wcze\u015bniej ni\u017c za\u0107mienia. Podczas sobotniego za\u0107mienia Ksi\u0119\u017cyc zanurzy si\u0119 w sto\u017cku cienia Ziemi na g\u0142\u0119boko\u015b\u0107 0,122. Maksymalna faza za\u0107mienia ma nast\u0105pi\u0107 o 22:15 za\u015b pe\u0142nia b\u0119dzie dopiero o 22:25:12,2. Zatem maksymalna faza za\u0107mienia nast\u0105pi o 10 minut wcze\u015bniej ni\u017c opozycja S\u0142o\u0144ca i Ksi\u0119\u017cyca. Obecna maksymalna faza za\u0107mienia jest wi\u0119ksza od warto\u015bci granicznej zatem zaj\u015bcie pe\u0142ni i maksymalnej fazy za\u0107mienia nast\u0105pi podczas za\u0107mienia cz\u0119\u015bciowego.<\/span><\/p>\n<p style=\"text-align: justify;\"><span style=\"font-size: 12pt;\"><strong>Interwa\u0142 czasu mi\u0119dzy za\u0107mieniami Ksi\u0119\u017cyca<\/strong><\/span><\/p>\n<p style=\"text-align: justify;\"><span style=\"font-size: 12pt;\">Odst\u0119p czasu jaki up\u0142ywa pomi\u0119dzy nast\u0119puj\u0105cymi po sobie za\u0107mienia nie jest jednakowy. Z wykonanych oblicze\u0144 przez Jeana Meeusa wynika, \u017ce w okresie od 2000 r. p. e. do 3000 r. n. e., najrzadziej, bo zaledwie w 12,7% przypadk\u00f3w, dwa nast\u0119puj\u0105ce po sobie za\u0107mienia wyst\u0119powa\u0107 b\u0119d\u0105 w odst\u0119pie 1 miesi\u0105ca synodycznego. W 24,1 % przypadk\u00f3w nast\u0119puj\u0105ce po sobie za\u0107mienia Ksi\u0119\u017cyca wyst\u0119powa\u0107 b\u0119d\u0105 w odst\u0119pie 5 miesi\u0119cy synodycznych. Najcz\u0119\u015bciej, bo 63,2% przypadk\u00f3w, dwa nast\u0119puj\u0105ce po sobie za\u0107mienia wyst\u0119powa\u0107 b\u0119d\u0105 w odst\u0119pie 6 miesi\u0119cy synodycznych [2].<\/span><\/p>\n<p style=\"text-align: justify;\"><span style=\"font-size: 12pt;\">Podczas sezonu za\u0107mie\u0144, czyli jest to okres, kiedy S\u0142o\u0144ce znajduje si\u0119 w pobli\u017cu jednego z w\u0119z\u0142\u00f3w ksi\u0119\u017cycowych, zachodz\u0105 za\u0107mienia S\u0142o\u0144ca i Ksi\u0119\u017cyca. Ka\u017cdemu ca\u0142kowitemu lub obr\u0105czkowemu za\u0107mieniu S\u0142o\u0144ca towarzyszy za\u0107mienie Ksi\u0119\u017cyca w dw\u00f3ch wariantach. A mianowicie mo\u017ce to by\u0107 jedno za\u0107mienie cz\u0119\u015bciowe, albo jedno lub dwa za\u0107mienia p\u00f3\u0142cieniowe (przed i po za\u0107mieniu S\u0142o\u0144ca). Kiedy za\u0107mienie S\u0142o\u0144ca jest cz\u0119\u015bciowe to towarzysz\u0105ce mu za\u0107mienie Ksi\u0119\u017cyca, kt\u00f3re prawie zawsze jest za\u0107mieniem ca\u0142kowitym. Do\u015b\u0107 rzadko zachodzi tak\u017ce taka konfiguracja, kiedy ca\u0142kowitemu za\u0107mieniu S\u0142o\u0144ca towarzyszy ca\u0142kowite za\u0107mienie Ksi\u0119\u017cyca. Najrzadziej zachodzi konfiguracja, kiedy oba za\u0107mienia, S\u0142o\u0144ca i Ksi\u0119\u017cyca, s\u0105 cz\u0119\u015bciowe. Z oblicze\u0144 wykonanych przez Jeana Meeusa wynika, \u017ce w okresie od roku 1000 do 2500 roku wyst\u0105pi jedynie jedno takie zdarzenie w roku 2086. Dwudziestego listopada 2086 roku zajdzie cz\u0119\u015bciowe za\u0107mienie Ksi\u0119\u017cyca, a maksymalna faza za\u0107mienia wyniesie 0,9865. Sz\u00f3stego grudnia 2086 roku wyst\u0105pi cz\u0119\u015bciowe za\u0107mienie S\u0142o\u0144ca. Wielko\u015b\u0107 fazy maksymalnej wyniesie 0,9271 [2,7,8].<\/span><\/p>\n<p style=\"text-align: justify;\"><span style=\"font-size: 12pt;\"><img loading=\"lazy\" width=\"691\" height=\"739\" class=\"wp-image-37747 aligncenter\" src=\"http:\/\/cmm.imgw.pl\/wp-content\/uploads\/2023\/10\/obraz-zawierajacy-tekst-diagram-szkic-rysowanie.png\" alt=\"Obraz zawieraj\u0105cy tekst, diagram, szkic, rysowanie\n\nOpis wygenerowany automatycznie\" srcset=\"https:\/\/cmm.imgw.pl\/wp-content\/uploads\/2023\/10\/obraz-zawierajacy-tekst-diagram-szkic-rysowanie.png 691w, https:\/\/cmm.imgw.pl\/wp-content\/uploads\/2023\/10\/obraz-zawierajacy-tekst-diagram-szkic-rysowanie-281x300.png 281w\" sizes=\"(max-width: 691px) 100vw, 691px\" \/> <img loading=\"lazy\" width=\"686\" height=\"746\" class=\"wp-image-37748 aligncenter\" src=\"http:\/\/cmm.imgw.pl\/wp-content\/uploads\/2023\/10\/obraz-zawierajacy-tekst-szkic-rysowanie-krag-o.png\" alt=\"Obraz zawieraj\u0105cy tekst, szkic, rysowanie, kr\u0105g\n\nOpis wygenerowany automatycznie\" srcset=\"https:\/\/cmm.imgw.pl\/wp-content\/uploads\/2023\/10\/obraz-zawierajacy-tekst-szkic-rysowanie-krag-o.png 686w, https:\/\/cmm.imgw.pl\/wp-content\/uploads\/2023\/10\/obraz-zawierajacy-tekst-szkic-rysowanie-krag-o-276x300.png 276w\" sizes=\"(max-width: 686px) 100vw, 686px\" \/><\/span><\/p>\n<p style=\"text-align: left;\"><span style=\"font-size: 12pt;\">(Lewy): Za\u0107mienie cz\u0119\u015bciowe Ksi\u0119\u017cyca 20 XI 2086 roku. \u0179r\u00f3d\u0142o: Fred Espenak and Jean Meeus, <em>Five Millennium Catalog of Lunar Eclipses: -1999 to +3000 (2000 BCE to 3000 CE),<\/em> NASA\/TP &#8211; 2009-214173.<\/span><\/p>\n<p style=\"text-align: left;\"><span style=\"font-size: 12pt;\">(Prawy): Za\u0107mienie cz\u0119\u015bciowe S\u0142o\u0144ca, 6 XII 2086 roku. \u0179r\u00f3d\u0142o: Fred Espenak and Jean Meeus, <em>Five Millennium Catalog of Solar Eclipses: -1999 to +3000 (2000 BCE to 3000 CE),<\/em> NASA\/TP &#8211; 2009-214174.<\/span><\/p>\n<p style=\"text-align: left;\"><span style=\"font-size: 12pt;\">Kolejnym takim zestawem za\u0107mie\u0144 b\u0119d\u0105 za\u0107mienia w sezonie jesiennym 2607 roku. Dwudziestego pi\u0105tego listopada 2607 roku zajdzie cz\u0119\u015bciowe za\u0107mienie Ksi\u0119\u017cyca o maksymalnej fazie wynosz\u0105cej 0,9772, za\u015b 11 XII 2607 roku zajdzie cz\u0119\u015bciowe za\u0107mienie S\u0142o\u0144ca. W\u00f3wczas wielko\u015b\u0107 fazy maksymalnej wyniesie 0,9607 [2,7,8].<\/span><\/p>\n<p style=\"text-align: left;\"><span style=\"font-size: 12pt;\"><img loading=\"lazy\" width=\"698\" height=\"743\" class=\"wp-image-37749 aligncenter\" src=\"http:\/\/cmm.imgw.pl\/wp-content\/uploads\/2023\/10\/obraz-zawierajacy-tekst-diagram-mapa-opis-wygen.png\" alt=\"Obraz zawieraj\u0105cy tekst, diagram, mapa\n\nOpis wygenerowany automatycznie\" srcset=\"https:\/\/cmm.imgw.pl\/wp-content\/uploads\/2023\/10\/obraz-zawierajacy-tekst-diagram-mapa-opis-wygen.png 698w, https:\/\/cmm.imgw.pl\/wp-content\/uploads\/2023\/10\/obraz-zawierajacy-tekst-diagram-mapa-opis-wygen-282x300.png 282w\" sizes=\"(max-width: 698px) 100vw, 698px\" \/> <img loading=\"lazy\" width=\"684\" height=\"748\" class=\"wp-image-37750 aligncenter\" src=\"http:\/\/cmm.imgw.pl\/wp-content\/uploads\/2023\/10\/obraz-zawierajacy-szkic-tekst-diagram-krag-opi.png\" alt=\"Obraz zawieraj\u0105cy szkic, tekst, diagram, kr\u0105g\n\nOpis wygenerowany automatycznie\" srcset=\"https:\/\/cmm.imgw.pl\/wp-content\/uploads\/2023\/10\/obraz-zawierajacy-szkic-tekst-diagram-krag-opi.png 684w, https:\/\/cmm.imgw.pl\/wp-content\/uploads\/2023\/10\/obraz-zawierajacy-szkic-tekst-diagram-krag-opi-274x300.png 274w\" sizes=\"(max-width: 684px) 100vw, 684px\" \/><\/span><\/p>\n<p style=\"text-align: left;\"><span style=\"font-size: 12pt;\">(Lewy): Za\u0107mienie cz\u0119\u015bciowe Ksi\u0119\u017cyca 25 XI 2607 roku. \u0179r\u00f3d\u0142o: Fred Espenak and Jean Meeus, <em>Five Millennium Catalog of Lunar Eclipses: -1999 to +3000 (2000 BCE to 3000 CE),<\/em> NASA\/TP &#8211; 2009-214173.<\/span><\/p>\n<p style=\"text-align: left;\"><span style=\"font-size: 12pt;\">(Prawy): Za\u0107mienie cz\u0119\u015bciowe S\u0142o\u0144ca, 11 XII 2607 roku. \u0179r\u00f3d\u0142o: Fred Espenak and Jean Meeus, <em>Five Millennium Catalog of Solar Eclipses: -1999 to +3000 (2000 BCE to 3000 CE),<\/em> NASA\/TP &#8211; 2009-214174.<\/span><\/p>\n<p style=\"text-align: left;\"><span style=\"font-size: 12pt;\">Czytelnicy chc\u0105cy przypomnie\u0107 sobie mechanizm powstawania za\u0107mie\u0144 mog\u0105 to uczyni\u0107 czytaj\u0105c wcze\u015bniejsze opracowanie znajduj\u0105ce si\u0119 pod adresem: <a href=\"https:\/\/cmm.imgw.pl\/?p=28636\">https:\/\/cmm.imgw.pl\/?p=28636<\/a><\/span><\/p>\n<p style=\"text-align: left;\"><span style=\"font-size: 12pt;\"><strong>Literatura<\/strong><\/span><\/p>\n<ol style=\"text-align: left;\">\n<li><span style=\"font-size: 12pt;\">Tomasz \u015aci\u0119\u017cor, Almanach Astronomiczny na rok 2023, strona 159, PTA, 2022.<\/span><\/li>\n<li><span style=\"font-size: 12pt;\">Fred Espenak and Jean Meeus, <em>Five Millennium Catalog of Lunar Eclipses: -1999 to +3000 (2000 BCE to 3000 CE),<\/em> NASA\/TP &#8211; 2009-214173.<\/span><\/li>\n<li><span style=\"font-size: 12pt;\">https:\/\/stellarium-web.org\/<\/span><\/li>\n<li><span style=\"font-size: 12pt;\">\u0179r\u00f3d\u0142o: Program astronomiczny\u00a0<em>Periapsis<\/em>, Autor: Bartosz Wojczy\u0144ski, Wydawca: AstroCD &#8211; Sylwia Substyk.<\/span><\/li>\n<li><span style=\"font-size: 12pt;\">Jean Meeus, Mathematical Astronomy Morsels V, Willman-Bell, Inc, 2009.<\/span><\/li>\n<li><span style=\"font-size: 12pt;\">Jean Meeus, Mathematical Astronomy Morsels IV, Willman-Bell, Inc, 2007.<\/span><\/li>\n<li><span style=\"font-size: 12pt;\">Fred Espenak and Jean Meeus, <em>Five Millennium Catalog of Solar Eclipses: -1999 to +3000 (2000 BCE to 3000 CE),<\/em> NASA\/TP &#8211; 2009-214174.<\/span><\/li>\n<li><span style=\"font-size: 12pt;\">Jean Meeus, Mathematical Astronomy Morsels III, Willman-Bell, Inc, 2004.<\/span><\/li>\n<\/ol>\n<ol>\n<li id=\"post-37728-footnote-1\">\n<p style=\"text-align: left;\"><span style=\"font-size: 12pt;\">Czas rozpocz\u0119cia i zako\u0144czenia kolejnych faz za\u0107mienia podano w czasie wschodnioeuropejskim (w czasie letnim: UTC+2 godziny). <a href=\"#post-37728-footnote-ref-1\">\u2191<\/a><\/span><\/p>\n<\/li>\n<\/ol>","protected":false},"excerpt":{"rendered":"<p>W najbli\u017csz\u0105 sobot\u0119 z terenu Polski b\u0119dzie mo\u017cna zaobserwowa\u0107 cz\u0119\u015bciowe za\u0107mienie Ksi\u0119\u017cyca. Geocentryczna opozycja S\u0142o\u0144ca i Ksi\u0119\u017cyca w rektascensji nast\u0105pi 28 pa\u017adziernika 2023 roku o godzinie 22h25m12,2s[1]. Maksymalna faza za\u0107mienia wyniesie 0,122. O godzinie 20h01m47s Ksi\u0119\u017cyc w swojej w\u0119dr\u00f3wce po orbicie dotrze do sto\u017cka p\u00f3\u0142cienia i zacznie si\u0119 w niego zanurza\u0107 rozpoczynaj\u0105c tym samym p\u00f3\u0142cieniowe cz\u0119\u015bciowe za\u0107mienie Ksi\u0119\u017cyca. O godzinie 21h35m18s Ksi\u0119\u017cyc dotrze do sto\u017cka cienia i rozpocznie si\u0119 za\u0107mienie cz\u0119\u015bciowe. Maksymalna faza za\u0107mienia cz\u0119\u015bciowego nast\u0105pi o godzinie 22h15m. Podczas maksymalnej fazy tarcza ksi\u0119\u017cycowa zanurzy si\u0119 w sto\u017cku cienia Ziemi w 12,2 %. Ksi\u0119\u017cyc b\u0119dzie znajdowa\u0142 si\u0119 w pobli\u017cu w\u0119z\u0142a wst\u0119puj\u0105cego, na wsch\u00f3d od niego.<\/p>\n","protected":false},"author":3,"featured_media":0,"comment_status":"closed","ping_status":"open","sticky":false,"template":"","format":"standard","meta":{"ocean_post_layout":"","ocean_both_sidebars_style":"","ocean_both_sidebars_content_width":0,"ocean_both_sidebars_sidebars_width":0,"ocean_sidebar":"0","ocean_second_sidebar":"0","ocean_disable_margins":"enable","ocean_add_body_class":"","ocean_shortcode_before_top_bar":"","ocean_shortcode_after_top_bar":"","ocean_shortcode_before_header":"","ocean_shortcode_after_header":"","ocean_has_shortcode":"","ocean_shortcode_after_title":"","ocean_shortcode_before_footer_widgets":"","ocean_shortcode_after_footer_widgets":"","ocean_shortcode_before_footer_bottom":"","ocean_shortcode_after_footer_bottom":"","ocean_display_top_bar":"default","ocean_display_header":"default","ocean_header_style":"","ocean_center_header_left_menu":"0","ocean_custom_header_template":"0","ocean_custom_logo":0,"ocean_custom_retina_logo":0,"ocean_custom_logo_max_width":0,"ocean_custom_logo_tablet_max_width":0,"ocean_custom_logo_mobile_max_width":0,"ocean_custom_logo_max_height":0,"ocean_custom_logo_tablet_max_height":0,"ocean_custom_logo_mobile_max_height":0,"ocean_header_custom_menu":"0","ocean_menu_typo_font_family":"0","ocean_menu_typo_font_subset":"","ocean_menu_typo_font_size":0,"ocean_menu_typo_font_size_tablet":0,"ocean_menu_typo_font_size_mobile":0,"ocean_menu_typo_font_size_unit":"px","ocean_menu_typo_font_weight":"","ocean_menu_typo_font_weight_tablet":"","ocean_menu_typo_font_weight_mobile":"","ocean_menu_typo_transform":"","ocean_menu_typo_transform_tablet":"","ocean_menu_typo_transform_mobile":"","ocean_menu_typo_line_height":0,"ocean_menu_typo_line_height_tablet":0,"ocean_menu_typo_line_height_mobile":0,"ocean_menu_typo_line_height_unit":"","ocean_menu_typo_spacing":0,"ocean_menu_typo_spacing_tablet":0,"ocean_menu_typo_spacing_mobile":0,"ocean_menu_typo_spacing_unit":"","ocean_menu_link_color":"","ocean_menu_link_color_hover":"","ocean_menu_link_color_active":"","ocean_menu_link_background":"","ocean_menu_link_hover_background":"","ocean_menu_link_active_background":"","ocean_menu_social_links_bg":"","ocean_menu_social_hover_links_bg":"","ocean_menu_social_links_color":"","ocean_menu_social_hover_links_color":"","ocean_disable_title":"default","ocean_disable_heading":"default","ocean_post_title":"","ocean_post_subheading":"","ocean_post_title_style":"","ocean_post_title_background_color":"","ocean_post_title_background":0,"ocean_post_title_bg_image_position":"","ocean_post_title_bg_image_attachment":"","ocean_post_title_bg_image_repeat":"","ocean_post_title_bg_image_size":"","ocean_post_title_height":0,"ocean_post_title_bg_overlay":0.5,"ocean_post_title_bg_overlay_color":"","ocean_disable_breadcrumbs":"default","ocean_breadcrumbs_color":"","ocean_breadcrumbs_separator_color":"","ocean_breadcrumbs_links_color":"","ocean_breadcrumbs_links_hover_color":"","ocean_display_footer_widgets":"default","ocean_display_footer_bottom":"default","ocean_custom_footer_template":"0","ocean_post_oembed":"","ocean_post_self_hosted_media":"","ocean_post_video_embed":"","ocean_link_format":"","ocean_link_format_target":"self","ocean_quote_format":"","ocean_quote_format_link":"post","ocean_gallery_link_images":"on","ocean_gallery_id":[]},"categories":[100],"tags":[68,143,85,73,92,76,94,99,71,67],"yoast_head":"<!-- This site is optimized with the Yoast SEO plugin v19.5.1 - https:\/\/yoast.com\/wordpress\/plugins\/seo\/ -->\n<title>Cz\u0119\u015bciowe za\u0107mienie Ksi\u0119\u017cyca - Laboratorium Modelowania Meteorologicznego CMOK IMGW-PIB<\/title>\n<meta name=\"description\" content=\"Geocentryczna opozycja S\u0142o\u0144ca i Ksi\u0119\u017cyca w rektascensji nast\u0105pi 28 pa\u017adziernika 2023 roku o godzinie 22h25m12,2s . Maksymalna faza za\u0107mienia wyniesie 0,122. O godzinie 20h01m47s Ksi\u0119\u017cyc w swojej w\u0119dr\u00f3wce po orbicie dotrze do sto\u017cka p\u00f3\u0142cienia i zacznie si\u0119 w niego zanurza\u0107 rozpoczynaj\u0105c tym samym p\u00f3\u0142cieniowe cz\u0119\u015bciowe za\u0107mienie Ksi\u0119\u017cyca. O godzinie 21h35m18s Ksi\u0119\u017cyc dotrze do sto\u017cka cienia i rozpocznie si\u0119 za\u0107mienie cz\u0119\u015bciowe. Maksymalna faza za\u0107mienia cz\u0119\u015bciowego nast\u0105pi o godzinie 22h15m. Podczas maksymalnej fazy tarcza ksi\u0119\u017cycowa zanurzy si\u0119 w sto\u017cku cienia Ziemi w 12,2 %. Ksi\u0119\u017cyc b\u0119dzie znajdowa\u0142 si\u0119 w pobli\u017cu w\u0119z\u0142a wst\u0119puj\u0105cego, na wsch\u00f3d od niego.\" \/>\n<meta name=\"robots\" content=\"index, follow, max-snippet:-1, max-image-preview:large, max-video-preview:-1\" \/>\n<link rel=\"canonical\" href=\"https:\/\/cmm.imgw.pl\/?p=37728\" \/>\n<meta property=\"og:locale\" content=\"pl_PL\" \/>\n<meta property=\"og:type\" content=\"article\" \/>\n<meta property=\"og:title\" content=\"Prognoza pola zachmurzenia dla mi\u0142o\u015bnik\u00f3w astronomii na koniunkcj\u0119 Merkurego i S\u0142o\u0144ca (6 IX 2023 r.)\" \/>\n<meta property=\"og:description\" content=\"Geocentryczna opozycja S\u0142o\u0144ca i Ksi\u0119\u017cyca w rektascensji nast\u0105pi 28 pa\u017adziernika 2023 roku o godzinie 22h25m12,2s . Maksymalna faza za\u0107mienia wyniesie 0,122. O godzinie 20h01m47s Ksi\u0119\u017cyc w swojej w\u0119dr\u00f3wce po orbicie dotrze do sto\u017cka p\u00f3\u0142cienia i zacznie si\u0119 w niego zanurza\u0107 rozpoczynaj\u0105c tym samym p\u00f3\u0142cieniowe cz\u0119\u015bciowe za\u0107mienie Ksi\u0119\u017cyca. O godzinie 21h35m18s Ksi\u0119\u017cyc dotrze do sto\u017cka cienia i rozpocznie si\u0119 za\u0107mienie cz\u0119\u015bciowe. Maksymalna faza za\u0107mienia cz\u0119\u015bciowego nast\u0105pi o godzinie 22h15m. Podczas maksymalnej fazy tarcza ksi\u0119\u017cycowa zanurzy si\u0119 w sto\u017cku cienia Ziemi w 12,2 %. Ksi\u0119\u017cyc b\u0119dzie znajdowa\u0142 si\u0119 w pobli\u017cu w\u0119z\u0142a wst\u0119puj\u0105cego, na wsch\u00f3d od niego.\" \/>\n<meta property=\"og:url\" content=\"https:\/\/cmm.imgw.pl\/?p=37728\" \/>\n<meta property=\"og:site_name\" content=\"Laboratorium Modelowania Meteorologicznego CMOK IMGW-PIB\" \/>\n<meta property=\"article:publisher\" content=\"https:\/\/www.facebook.com\/Meteoimgw\/\" \/>\n<meta property=\"article:published_time\" content=\"2023-10-26T05:54:05+00:00\" \/>\n<meta property=\"article:modified_time\" content=\"2023-10-26T09:25:43+00:00\" \/>\n<meta property=\"og:image\" content=\"http:\/\/cmm.imgw.pl\/wp-content\/uploads\/2023\/10\/obraz-zawierajacy-obiekt-astronomiczny-natura-pl.png\" \/>\n\t<meta property=\"og:image:width\" content=\"799\" \/>\n\t<meta property=\"og:image:height\" content=\"625\" \/>\n\t<meta property=\"og:image:type\" content=\"image\/png\" \/>\n<meta name=\"author\" content=\"CMM\" \/>\n<meta name=\"twitter:card\" content=\"summary_large_image\" \/>\n<meta name=\"twitter:title\" content=\"Prognoza pola zachmurzenia dla mi\u0142o\u015bnik\u00f3w astronomii na koniunkcj\u0119 Merkurego i S\u0142o\u0144ca (6 IX 2023 r.)\" \/>\n<meta name=\"twitter:description\" content=\"Geocentryczna opozycja S\u0142o\u0144ca i Ksi\u0119\u017cyca w rektascensji nast\u0105pi 28 pa\u017adziernika 2023 roku o godzinie 22h25m12,2s . Maksymalna faza za\u0107mienia wyniesie 0,122. O godzinie 20h01m47s Ksi\u0119\u017cyc w swojej w\u0119dr\u00f3wce po orbicie dotrze do sto\u017cka p\u00f3\u0142cienia i zacznie si\u0119 w niego zanurza\u0107 rozpoczynaj\u0105c tym samym p\u00f3\u0142cieniowe cz\u0119\u015bciowe za\u0107mienie Ksi\u0119\u017cyca. O godzinie 21h35m18s Ksi\u0119\u017cyc dotrze do sto\u017cka cienia i rozpocznie si\u0119 za\u0107mienie cz\u0119\u015bciowe. Maksymalna faza za\u0107mienia cz\u0119\u015bciowego nast\u0105pi o godzinie 22h15m. Podczas maksymalnej fazy tarcza ksi\u0119\u017cycowa zanurzy si\u0119 w sto\u017cku cienia Ziemi w 12,2 %. Ksi\u0119\u017cyc b\u0119dzie znajdowa\u0142 si\u0119 w pobli\u017cu w\u0119z\u0142a wst\u0119puj\u0105cego, na wsch\u00f3d od niego.\" \/>\n<meta name=\"twitter:image\" content=\"https:\/\/cmm.imgw.pl\/wp-content\/uploads\/2023\/10\/obraz-zawierajacy-obiekt-astronomiczny-natura-pl.png\" \/>\n<meta name=\"twitter:creator\" content=\"@IMGW_CMM\" \/>\n<meta name=\"twitter:site\" content=\"@IMGW_CMM\" \/>\n<meta name=\"twitter:label1\" content=\"Napisane przez\" \/>\n\t<meta name=\"twitter:data1\" content=\"CMM\" \/>\n\t<meta name=\"twitter:label2\" content=\"Szacowany czas czytania\" \/>\n\t<meta name=\"twitter:data2\" content=\"26 minut\" \/>\n<script type=\"application\/ld+json\" class=\"yoast-schema-graph\">{\"@context\":\"https:\/\/schema.org\",\"@graph\":[{\"@type\":\"Article\",\"@id\":\"https:\/\/cmm.imgw.pl\/?p=37728#article\",\"isPartOf\":{\"@id\":\"https:\/\/cmm.imgw.pl\/?p=37728\"},\"author\":{\"name\":\"CMM\",\"@id\":\"https:\/\/cmm.imgw.pl\/#\/schema\/person\/a24a37fe434fe76b0f5791e6bd3fdb46\"},\"headline\":\"Cz\u0119\u015bciowe za\u0107mienie Ksi\u0119\u017cyca\",\"datePublished\":\"2023-10-26T05:54:05+00:00\",\"dateModified\":\"2023-10-26T09:25:43+00:00\",\"mainEntityOfPage\":{\"@id\":\"https:\/\/cmm.imgw.pl\/?p=37728\"},\"wordCount\":2599,\"publisher\":{\"@id\":\"https:\/\/cmm.imgw.pl\/#organization\"},\"keywords\":[\"cmm\",\"DWD\",\"imgw\",\"klimat\",\"kosmos\",\"meteorologia\",\"NMP\",\"NPP\",\"pogoda\",\"prognoza\"],\"articleSection\":[\"Kosmos\"],\"inLanguage\":\"pl-PL\"},{\"@type\":\"WebPage\",\"@id\":\"https:\/\/cmm.imgw.pl\/?p=37728\",\"url\":\"https:\/\/cmm.imgw.pl\/?p=37728\",\"name\":\"Cz\u0119\u015bciowe za\u0107mienie Ksi\u0119\u017cyca - Laboratorium Modelowania Meteorologicznego CMOK IMGW-PIB\",\"isPartOf\":{\"@id\":\"https:\/\/cmm.imgw.pl\/#website\"},\"datePublished\":\"2023-10-26T05:54:05+00:00\",\"dateModified\":\"2023-10-26T09:25:43+00:00\",\"description\":\"Geocentryczna opozycja S\u0142o\u0144ca i Ksi\u0119\u017cyca w rektascensji nast\u0105pi 28 pa\u017adziernika 2023 roku o godzinie 22h25m12,2s . Maksymalna faza za\u0107mienia wyniesie 0,122. O godzinie 20h01m47s Ksi\u0119\u017cyc w swojej w\u0119dr\u00f3wce po orbicie dotrze do sto\u017cka p\u00f3\u0142cienia i zacznie si\u0119 w niego zanurza\u0107 rozpoczynaj\u0105c tym samym p\u00f3\u0142cieniowe cz\u0119\u015bciowe za\u0107mienie Ksi\u0119\u017cyca. O godzinie 21h35m18s Ksi\u0119\u017cyc dotrze do sto\u017cka cienia i rozpocznie si\u0119 za\u0107mienie cz\u0119\u015bciowe. Maksymalna faza za\u0107mienia cz\u0119\u015bciowego nast\u0105pi o godzinie 22h15m. Podczas maksymalnej fazy tarcza ksi\u0119\u017cycowa zanurzy si\u0119 w sto\u017cku cienia Ziemi w 12,2 %. Ksi\u0119\u017cyc b\u0119dzie znajdowa\u0142 si\u0119 w pobli\u017cu w\u0119z\u0142a wst\u0119puj\u0105cego, na wsch\u00f3d od niego.\",\"breadcrumb\":{\"@id\":\"https:\/\/cmm.imgw.pl\/?p=37728#breadcrumb\"},\"inLanguage\":\"pl-PL\",\"potentialAction\":[{\"@type\":\"ReadAction\",\"target\":[\"https:\/\/cmm.imgw.pl\/?p=37728\"]}]},{\"@type\":\"BreadcrumbList\",\"@id\":\"https:\/\/cmm.imgw.pl\/?p=37728#breadcrumb\",\"itemListElement\":[{\"@type\":\"ListItem\",\"position\":1,\"name\":\"Home\",\"item\":\"https:\/\/cmm.imgw.pl\/\"},{\"@type\":\"ListItem\",\"position\":2,\"name\":\"Cz\u0119\u015bciowe za\u0107mienie Ksi\u0119\u017cyca\"}]},{\"@type\":\"WebSite\",\"@id\":\"https:\/\/cmm.imgw.pl\/#website\",\"url\":\"https:\/\/cmm.imgw.pl\/\",\"name\":\"Laboratorium Modelowania Meteorologicznego CMOK IMGW-PIB\",\"description\":\"CMOK-LMM Laboratorium pe\u0142ni pa\u0144stwow\u0105 s\u0142u\u017cb\u0119 hydrologiczno-meteorologiczn\u0105 w zakresie numerycznych prognoz pogody, kt\u00f3rego zadaniem jest konsolidacja kompetencji w obszarze modelowania zjawisk pogodowych oraz dalszego rozwoju numerycznych modeli pogody (NMP).\",\"publisher\":{\"@id\":\"https:\/\/cmm.imgw.pl\/#organization\"},\"potentialAction\":[{\"@type\":\"SearchAction\",\"target\":{\"@type\":\"EntryPoint\",\"urlTemplate\":\"https:\/\/cmm.imgw.pl\/?s={search_term_string}\"},\"query-input\":\"required name=search_term_string\"}],\"inLanguage\":\"pl-PL\"},{\"@type\":\"Organization\",\"@id\":\"https:\/\/cmm.imgw.pl\/#organization\",\"name\":\"Laboratorium Modelowania Meteorologicznego CMOK IMGW-PIB\",\"url\":\"https:\/\/cmm.imgw.pl\/\",\"sameAs\":[\"https:\/\/www.facebook.com\/Meteoimgw\/\",\"https:\/\/twitter.com\/IMGW_CMM\"],\"logo\":{\"@type\":\"ImageObject\",\"inLanguage\":\"pl-PL\",\"@id\":\"https:\/\/cmm.imgw.pl\/#\/schema\/logo\/image\/\",\"url\":\"https:\/\/cmm.imgw.pl\/wp-content\/uploads\/2025\/10\/MODELE_LOGO_UNIFIKACJA_v2.png\",\"contentUrl\":\"https:\/\/cmm.imgw.pl\/wp-content\/uploads\/2025\/10\/MODELE_LOGO_UNIFIKACJA_v2.png\",\"width\":1356,\"height\":365,\"caption\":\"Laboratorium Modelowania Meteorologicznego CMOK IMGW-PIB\"},\"image\":{\"@id\":\"https:\/\/cmm.imgw.pl\/#\/schema\/logo\/image\/\"}},{\"@type\":\"Person\",\"@id\":\"https:\/\/cmm.imgw.pl\/#\/schema\/person\/a24a37fe434fe76b0f5791e6bd3fdb46\",\"name\":\"CMM\",\"image\":{\"@type\":\"ImageObject\",\"inLanguage\":\"pl-PL\",\"@id\":\"https:\/\/cmm.imgw.pl\/#\/schema\/person\/image\/\",\"url\":\"https:\/\/secure.gravatar.com\/avatar\/9248ea2273711f1cd09d6bd45867dbfb?s=96&d=blank&r=g\",\"contentUrl\":\"https:\/\/secure.gravatar.com\/avatar\/9248ea2273711f1cd09d6bd45867dbfb?s=96&d=blank&r=g\",\"caption\":\"CMM\"},\"sameAs\":[\"http:\/\/cmm.imgw.pl\"],\"url\":\"https:\/\/cmm.imgw.pl\/?author=3\"}]}<\/script>\n<!-- \/ Yoast SEO plugin. -->","yoast_head_json":{"title":"Cz\u0119\u015bciowe za\u0107mienie Ksi\u0119\u017cyca - Laboratorium Modelowania Meteorologicznego CMOK IMGW-PIB","description":"Geocentryczna opozycja S\u0142o\u0144ca i Ksi\u0119\u017cyca w rektascensji nast\u0105pi 28 pa\u017adziernika 2023 roku o godzinie 22h25m12,2s . Maksymalna faza za\u0107mienia wyniesie 0,122. O godzinie 20h01m47s Ksi\u0119\u017cyc w swojej w\u0119dr\u00f3wce po orbicie dotrze do sto\u017cka p\u00f3\u0142cienia i zacznie si\u0119 w niego zanurza\u0107 rozpoczynaj\u0105c tym samym p\u00f3\u0142cieniowe cz\u0119\u015bciowe za\u0107mienie Ksi\u0119\u017cyca. O godzinie 21h35m18s Ksi\u0119\u017cyc dotrze do sto\u017cka cienia i rozpocznie si\u0119 za\u0107mienie cz\u0119\u015bciowe. Maksymalna faza za\u0107mienia cz\u0119\u015bciowego nast\u0105pi o godzinie 22h15m. Podczas maksymalnej fazy tarcza ksi\u0119\u017cycowa zanurzy si\u0119 w sto\u017cku cienia Ziemi w 12,2 %. Ksi\u0119\u017cyc b\u0119dzie znajdowa\u0142 si\u0119 w pobli\u017cu w\u0119z\u0142a wst\u0119puj\u0105cego, na wsch\u00f3d od niego.","robots":{"index":"index","follow":"follow","max-snippet":"max-snippet:-1","max-image-preview":"max-image-preview:large","max-video-preview":"max-video-preview:-1"},"canonical":"https:\/\/cmm.imgw.pl\/?p=37728","og_locale":"pl_PL","og_type":"article","og_title":"Prognoza pola zachmurzenia dla mi\u0142o\u015bnik\u00f3w astronomii na koniunkcj\u0119 Merkurego i S\u0142o\u0144ca (6 IX 2023 r.)","og_description":"Geocentryczna opozycja S\u0142o\u0144ca i Ksi\u0119\u017cyca w rektascensji nast\u0105pi 28 pa\u017adziernika 2023 roku o godzinie 22h25m12,2s . Maksymalna faza za\u0107mienia wyniesie 0,122. O godzinie 20h01m47s Ksi\u0119\u017cyc w swojej w\u0119dr\u00f3wce po orbicie dotrze do sto\u017cka p\u00f3\u0142cienia i zacznie si\u0119 w niego zanurza\u0107 rozpoczynaj\u0105c tym samym p\u00f3\u0142cieniowe cz\u0119\u015bciowe za\u0107mienie Ksi\u0119\u017cyca. O godzinie 21h35m18s Ksi\u0119\u017cyc dotrze do sto\u017cka cienia i rozpocznie si\u0119 za\u0107mienie cz\u0119\u015bciowe. Maksymalna faza za\u0107mienia cz\u0119\u015bciowego nast\u0105pi o godzinie 22h15m. Podczas maksymalnej fazy tarcza ksi\u0119\u017cycowa zanurzy si\u0119 w sto\u017cku cienia Ziemi w 12,2 %. Ksi\u0119\u017cyc b\u0119dzie znajdowa\u0142 si\u0119 w pobli\u017cu w\u0119z\u0142a wst\u0119puj\u0105cego, na wsch\u00f3d od niego.","og_url":"https:\/\/cmm.imgw.pl\/?p=37728","og_site_name":"Laboratorium Modelowania Meteorologicznego CMOK IMGW-PIB","article_publisher":"https:\/\/www.facebook.com\/Meteoimgw\/","article_published_time":"2023-10-26T05:54:05+00:00","article_modified_time":"2023-10-26T09:25:43+00:00","og_image":[{"width":799,"height":625,"url":"http:\/\/cmm.imgw.pl\/wp-content\/uploads\/2023\/10\/obraz-zawierajacy-obiekt-astronomiczny-natura-pl.png","type":"image\/png"}],"author":"CMM","twitter_card":"summary_large_image","twitter_title":"Prognoza pola zachmurzenia dla mi\u0142o\u015bnik\u00f3w astronomii na koniunkcj\u0119 Merkurego i S\u0142o\u0144ca (6 IX 2023 r.)","twitter_description":"Geocentryczna opozycja S\u0142o\u0144ca i Ksi\u0119\u017cyca w rektascensji nast\u0105pi 28 pa\u017adziernika 2023 roku o godzinie 22h25m12,2s . Maksymalna faza za\u0107mienia wyniesie 0,122. O godzinie 20h01m47s Ksi\u0119\u017cyc w swojej w\u0119dr\u00f3wce po orbicie dotrze do sto\u017cka p\u00f3\u0142cienia i zacznie si\u0119 w niego zanurza\u0107 rozpoczynaj\u0105c tym samym p\u00f3\u0142cieniowe cz\u0119\u015bciowe za\u0107mienie Ksi\u0119\u017cyca. O godzinie 21h35m18s Ksi\u0119\u017cyc dotrze do sto\u017cka cienia i rozpocznie si\u0119 za\u0107mienie cz\u0119\u015bciowe. Maksymalna faza za\u0107mienia cz\u0119\u015bciowego nast\u0105pi o godzinie 22h15m. Podczas maksymalnej fazy tarcza ksi\u0119\u017cycowa zanurzy si\u0119 w sto\u017cku cienia Ziemi w 12,2 %. Ksi\u0119\u017cyc b\u0119dzie znajdowa\u0142 si\u0119 w pobli\u017cu w\u0119z\u0142a wst\u0119puj\u0105cego, na wsch\u00f3d od niego.","twitter_image":"https:\/\/cmm.imgw.pl\/wp-content\/uploads\/2023\/10\/obraz-zawierajacy-obiekt-astronomiczny-natura-pl.png","twitter_creator":"@IMGW_CMM","twitter_site":"@IMGW_CMM","twitter_misc":{"Napisane przez":"CMM","Szacowany czas czytania":"26 minut"},"schema":{"@context":"https:\/\/schema.org","@graph":[{"@type":"Article","@id":"https:\/\/cmm.imgw.pl\/?p=37728#article","isPartOf":{"@id":"https:\/\/cmm.imgw.pl\/?p=37728"},"author":{"name":"CMM","@id":"https:\/\/cmm.imgw.pl\/#\/schema\/person\/a24a37fe434fe76b0f5791e6bd3fdb46"},"headline":"Cz\u0119\u015bciowe za\u0107mienie Ksi\u0119\u017cyca","datePublished":"2023-10-26T05:54:05+00:00","dateModified":"2023-10-26T09:25:43+00:00","mainEntityOfPage":{"@id":"https:\/\/cmm.imgw.pl\/?p=37728"},"wordCount":2599,"publisher":{"@id":"https:\/\/cmm.imgw.pl\/#organization"},"keywords":["cmm","DWD","imgw","klimat","kosmos","meteorologia","NMP","NPP","pogoda","prognoza"],"articleSection":["Kosmos"],"inLanguage":"pl-PL"},{"@type":"WebPage","@id":"https:\/\/cmm.imgw.pl\/?p=37728","url":"https:\/\/cmm.imgw.pl\/?p=37728","name":"Cz\u0119\u015bciowe za\u0107mienie Ksi\u0119\u017cyca - Laboratorium Modelowania Meteorologicznego CMOK IMGW-PIB","isPartOf":{"@id":"https:\/\/cmm.imgw.pl\/#website"},"datePublished":"2023-10-26T05:54:05+00:00","dateModified":"2023-10-26T09:25:43+00:00","description":"Geocentryczna opozycja S\u0142o\u0144ca i Ksi\u0119\u017cyca w rektascensji nast\u0105pi 28 pa\u017adziernika 2023 roku o godzinie 22h25m12,2s . Maksymalna faza za\u0107mienia wyniesie 0,122. O godzinie 20h01m47s Ksi\u0119\u017cyc w swojej w\u0119dr\u00f3wce po orbicie dotrze do sto\u017cka p\u00f3\u0142cienia i zacznie si\u0119 w niego zanurza\u0107 rozpoczynaj\u0105c tym samym p\u00f3\u0142cieniowe cz\u0119\u015bciowe za\u0107mienie Ksi\u0119\u017cyca. O godzinie 21h35m18s Ksi\u0119\u017cyc dotrze do sto\u017cka cienia i rozpocznie si\u0119 za\u0107mienie cz\u0119\u015bciowe. Maksymalna faza za\u0107mienia cz\u0119\u015bciowego nast\u0105pi o godzinie 22h15m. Podczas maksymalnej fazy tarcza ksi\u0119\u017cycowa zanurzy si\u0119 w sto\u017cku cienia Ziemi w 12,2 %. Ksi\u0119\u017cyc b\u0119dzie znajdowa\u0142 si\u0119 w pobli\u017cu w\u0119z\u0142a wst\u0119puj\u0105cego, na wsch\u00f3d od niego.","breadcrumb":{"@id":"https:\/\/cmm.imgw.pl\/?p=37728#breadcrumb"},"inLanguage":"pl-PL","potentialAction":[{"@type":"ReadAction","target":["https:\/\/cmm.imgw.pl\/?p=37728"]}]},{"@type":"BreadcrumbList","@id":"https:\/\/cmm.imgw.pl\/?p=37728#breadcrumb","itemListElement":[{"@type":"ListItem","position":1,"name":"Home","item":"https:\/\/cmm.imgw.pl\/"},{"@type":"ListItem","position":2,"name":"Cz\u0119\u015bciowe za\u0107mienie Ksi\u0119\u017cyca"}]},{"@type":"WebSite","@id":"https:\/\/cmm.imgw.pl\/#website","url":"https:\/\/cmm.imgw.pl\/","name":"Laboratorium Modelowania Meteorologicznego CMOK IMGW-PIB","description":"CMOK-LMM Laboratorium pe\u0142ni pa\u0144stwow\u0105 s\u0142u\u017cb\u0119 hydrologiczno-meteorologiczn\u0105 w zakresie numerycznych prognoz pogody, kt\u00f3rego zadaniem jest konsolidacja kompetencji w obszarze modelowania zjawisk pogodowych oraz dalszego rozwoju numerycznych modeli pogody (NMP).","publisher":{"@id":"https:\/\/cmm.imgw.pl\/#organization"},"potentialAction":[{"@type":"SearchAction","target":{"@type":"EntryPoint","urlTemplate":"https:\/\/cmm.imgw.pl\/?s={search_term_string}"},"query-input":"required name=search_term_string"}],"inLanguage":"pl-PL"},{"@type":"Organization","@id":"https:\/\/cmm.imgw.pl\/#organization","name":"Laboratorium Modelowania Meteorologicznego CMOK IMGW-PIB","url":"https:\/\/cmm.imgw.pl\/","sameAs":["https:\/\/www.facebook.com\/Meteoimgw\/","https:\/\/twitter.com\/IMGW_CMM"],"logo":{"@type":"ImageObject","inLanguage":"pl-PL","@id":"https:\/\/cmm.imgw.pl\/#\/schema\/logo\/image\/","url":"https:\/\/cmm.imgw.pl\/wp-content\/uploads\/2025\/10\/MODELE_LOGO_UNIFIKACJA_v2.png","contentUrl":"https:\/\/cmm.imgw.pl\/wp-content\/uploads\/2025\/10\/MODELE_LOGO_UNIFIKACJA_v2.png","width":1356,"height":365,"caption":"Laboratorium Modelowania Meteorologicznego CMOK IMGW-PIB"},"image":{"@id":"https:\/\/cmm.imgw.pl\/#\/schema\/logo\/image\/"}},{"@type":"Person","@id":"https:\/\/cmm.imgw.pl\/#\/schema\/person\/a24a37fe434fe76b0f5791e6bd3fdb46","name":"CMM","image":{"@type":"ImageObject","inLanguage":"pl-PL","@id":"https:\/\/cmm.imgw.pl\/#\/schema\/person\/image\/","url":"https:\/\/secure.gravatar.com\/avatar\/9248ea2273711f1cd09d6bd45867dbfb?s=96&d=blank&r=g","contentUrl":"https:\/\/secure.gravatar.com\/avatar\/9248ea2273711f1cd09d6bd45867dbfb?s=96&d=blank&r=g","caption":"CMM"},"sameAs":["http:\/\/cmm.imgw.pl"],"url":"https:\/\/cmm.imgw.pl\/?author=3"}]}},"_links":{"self":[{"href":"https:\/\/cmm.imgw.pl\/index.php?rest_route=\/wp\/v2\/posts\/37728"}],"collection":[{"href":"https:\/\/cmm.imgw.pl\/index.php?rest_route=\/wp\/v2\/posts"}],"about":[{"href":"https:\/\/cmm.imgw.pl\/index.php?rest_route=\/wp\/v2\/types\/post"}],"author":[{"embeddable":true,"href":"https:\/\/cmm.imgw.pl\/index.php?rest_route=\/wp\/v2\/users\/3"}],"replies":[{"embeddable":true,"href":"https:\/\/cmm.imgw.pl\/index.php?rest_route=%2Fwp%2Fv2%2Fcomments&post=37728"}],"version-history":[{"count":5,"href":"https:\/\/cmm.imgw.pl\/index.php?rest_route=\/wp\/v2\/posts\/37728\/revisions"}],"predecessor-version":[{"id":37787,"href":"https:\/\/cmm.imgw.pl\/index.php?rest_route=\/wp\/v2\/posts\/37728\/revisions\/37787"}],"wp:attachment":[{"href":"https:\/\/cmm.imgw.pl\/index.php?rest_route=%2Fwp%2Fv2%2Fmedia&parent=37728"}],"wp:term":[{"taxonomy":"category","embeddable":true,"href":"https:\/\/cmm.imgw.pl\/index.php?rest_route=%2Fwp%2Fv2%2Fcategories&post=37728"},{"taxonomy":"post_tag","embeddable":true,"href":"https:\/\/cmm.imgw.pl\/index.php?rest_route=%2Fwp%2Fv2%2Ftags&post=37728"}],"curies":[{"name":"wp","href":"https:\/\/api.w.org\/{rel}","templated":true}]}}