{"id":37391,"date":"2023-09-29T12:02:35","date_gmt":"2023-09-29T10:02:35","guid":{"rendered":"https:\/\/cmm.imgw.pl\/?p=37391"},"modified":"2023-09-29T12:26:50","modified_gmt":"2023-09-29T10:26:50","slug":"prognoza-pola-zachmurzenia-i-warunkow-obserwacyjnych-dla-obserwatorow-superpelni","status":"publish","type":"post","link":"https:\/\/cmm.imgw.pl\/?p=37391","title":{"rendered":"Prognoza pola zachmurzenia i warunk\u00f3w obserwacyjnych dla obserwator\u00f3w Superpe\u0142ni"},"content":{"rendered":"\n<figure class=\"wp-block-image size-large\"><img loading=\"lazy\" width=\"1024\" height=\"576\" src=\"https:\/\/cmm.imgw.pl\/wp-content\/uploads\/2023\/03\/komentarz4-1-1024x576.png\" alt=\"\" class=\"wp-image-23617\" srcset=\"https:\/\/cmm.imgw.pl\/wp-content\/uploads\/2023\/03\/komentarz4-1-1024x576.png 1024w, https:\/\/cmm.imgw.pl\/wp-content\/uploads\/2023\/03\/komentarz4-1-300x169.png 300w, https:\/\/cmm.imgw.pl\/wp-content\/uploads\/2023\/03\/komentarz4-1-768x432.png 768w, https:\/\/cmm.imgw.pl\/wp-content\/uploads\/2023\/03\/komentarz4-1-800x450.png 800w, https:\/\/cmm.imgw.pl\/wp-content\/uploads\/2023\/03\/komentarz4-1.png 1280w\" sizes=\"(max-width: 1024px) 100vw, 1024px\" \/><\/figure>\n\n\n\n<p><em>Tre\u015b\u0107 komentarza do numerycznych prognoz meteorologicznych stanowi niezale\u017cne od biura prognoz meteorologicznych opracowanie wykonane w Centrum Modelowania Meteorologicznego i nie stanowi oficjalnej prognozy synoptycznej IMGW-PIB.<\/em><\/p>\n\n\n\n<p><strong>Opracowanie:<\/strong><\/p>\n\n\n\n<p><strong>dr&nbsp;Grzegorz&nbsp;Duniec, <a href=\"https:\/\/cmm.imgw.pl\/\" target=\"_blank\" rel=\"noreferrer noopener\"><mark style=\"background-color:rgba(0, 0, 0, 0)\" class=\"has-inline-color has-vivid-cyan-blue-color\">Centrum Modelowania Meteorologicznego IMGW-PIB<\/mark><\/a><\/strong><\/p>\n\n\n<p><strong>Sytuacja synoptyczna<\/strong><\/p>\n<p><img loading=\"lazy\" width=\"1385\" height=\"983\" class=\"wp-image-37392 aligncenter\" src=\"http:\/\/cmm.imgw.pl\/wp-content\/uploads\/2023\/09\/obraz-zawierajacy-mapa-tekst-atlas-opis-wygener-1.png\" alt=\"Obraz zawieraj\u0105cy mapa, tekst, atlas\n\nOpis wygenerowany automatycznie\" srcset=\"https:\/\/cmm.imgw.pl\/wp-content\/uploads\/2023\/09\/obraz-zawierajacy-mapa-tekst-atlas-opis-wygener-1.png 1385w, https:\/\/cmm.imgw.pl\/wp-content\/uploads\/2023\/09\/obraz-zawierajacy-mapa-tekst-atlas-opis-wygener-1-300x213.png 300w, https:\/\/cmm.imgw.pl\/wp-content\/uploads\/2023\/09\/obraz-zawierajacy-mapa-tekst-atlas-opis-wygener-1-1024x727.png 1024w, https:\/\/cmm.imgw.pl\/wp-content\/uploads\/2023\/09\/obraz-zawierajacy-mapa-tekst-atlas-opis-wygener-1-768x545.png 768w\" sizes=\"(max-width: 1385px) 100vw, 1385px\" \/><\/p>\n<p>Polska jest na skraju uk\u0142adu wysokiego ci\u015bnienia, kt\u00f3rego o\u015brodek 1027,1 hPa zalega nad zachodni\u0105 Rosj\u0105 w pobli\u017cu granicy z Bia\u0142orusi\u0105.<\/p>\n<p><strong>Prognostyczna sytuacja synoptyczna<\/strong><\/p>\n<p><img loading=\"lazy\" width=\"1071\" height=\"759\" class=\"wp-image-37393 aligncenter\" src=\"http:\/\/cmm.imgw.pl\/wp-content\/uploads\/2023\/09\/obraz-zawierajacy-tekst-mapa-diagram-czcionka.gif\" alt=\"Obraz zawieraj\u0105cy tekst, mapa, diagram, Czcionka\n\nOpis wygenerowany automatycznie\" \/> <img loading=\"lazy\" width=\"1075\" height=\"764\" class=\"wp-image-37394 aligncenter\" src=\"http:\/\/cmm.imgw.pl\/wp-content\/uploads\/2023\/09\/obraz-zawierajacy-mapa-tekst-diagram-opis-wygen.gif\" alt=\"Obraz zawieraj\u0105cy mapa, tekst, diagram\n\nOpis wygenerowany automatycznie\" \/><\/p>\n<p>W ci\u0105gu najbli\u017cszej doby pogod\u0119 w Polsce zacznie kszta\u0142towa\u0107 p\u0142ytka zatoka niskiego ci\u015bnienia w kt\u00f3rej zalega\u0107 b\u0119dzie ch\u0142odny front atmosferyczny przemieszczaj\u0105cy si\u0119 na wsch\u00f3d. W godzinach nocnych zatoka zaznaczy si\u0119 na zachodzie Polski.<\/p>\n<p><strong>G\u00f3rne pole ci\u015bnienia<\/strong><\/p>\n<p><img loading=\"lazy\" width=\"656\" height=\"591\" class=\"wp-image-37395 aligncenter\" src=\"http:\/\/cmm.imgw.pl\/wp-content\/uploads\/2023\/09\/word-image-37391-4.png\" srcset=\"https:\/\/cmm.imgw.pl\/wp-content\/uploads\/2023\/09\/word-image-37391-4.png 656w, https:\/\/cmm.imgw.pl\/wp-content\/uploads\/2023\/09\/word-image-37391-4-300x270.png 300w\" sizes=\"(max-width: 656px) 100vw, 656px\" \/> <img loading=\"lazy\" width=\"662\" height=\"593\" class=\"wp-image-37396 aligncenter\" src=\"http:\/\/cmm.imgw.pl\/wp-content\/uploads\/2023\/09\/word-image-37391-5.png\" srcset=\"https:\/\/cmm.imgw.pl\/wp-content\/uploads\/2023\/09\/word-image-37391-5.png 662w, https:\/\/cmm.imgw.pl\/wp-content\/uploads\/2023\/09\/word-image-37391-5-300x269.png 300w\" sizes=\"(max-width: 662px) 100vw, 662px\" \/> <img loading=\"lazy\" width=\"659\" height=\"594\" class=\"wp-image-37397 aligncenter\" src=\"http:\/\/cmm.imgw.pl\/wp-content\/uploads\/2023\/09\/obraz-zawierajacy-diagram-szkic-opis-wygenerowan.png\" alt=\"Obraz zawieraj\u0105cy diagram, szkic\n\nOpis wygenerowany automatycznie\" srcset=\"https:\/\/cmm.imgw.pl\/wp-content\/uploads\/2023\/09\/obraz-zawierajacy-diagram-szkic-opis-wygenerowan.png 659w, https:\/\/cmm.imgw.pl\/wp-content\/uploads\/2023\/09\/obraz-zawierajacy-diagram-szkic-opis-wygenerowan-300x270.png 300w\" sizes=\"(max-width: 659px) 100vw, 659px\" \/> <img loading=\"lazy\" width=\"654\" height=\"579\" class=\"wp-image-37398 aligncenter\" src=\"http:\/\/cmm.imgw.pl\/wp-content\/uploads\/2023\/09\/word-image-37391-7.png\" srcset=\"https:\/\/cmm.imgw.pl\/wp-content\/uploads\/2023\/09\/word-image-37391-7.png 654w, https:\/\/cmm.imgw.pl\/wp-content\/uploads\/2023\/09\/word-image-37391-7-300x266.png 300w\" sizes=\"(max-width: 654px) 100vw, 654px\" \/><\/p>\n<p>W pi\u0105tek w ci\u0105gu dnia nap\u0142ywa\u0107 jeszcze b\u0119dzie ciep\u0142e powietrze (ujemny k\u0105t adwekcji) z po\u0142udniowego zachodu. W nocy za przemieszczaj\u0105cym si\u0119 frontem atmosferycznym nap\u0142ywa\u0107 b\u0119dzie powietrze ch\u0142odniejsze (nad Polsk\u0105 wyst\u0119powa\u0107 b\u0119dzie dodatni k\u0105t adwekcji).<\/p>\n<p><img loading=\"lazy\" width=\"600\" height=\"640\" class=\"wp-image-37399 aligncenter\" src=\"http:\/\/cmm.imgw.pl\/wp-content\/uploads\/2023\/09\/word-image-37391-8.png\" srcset=\"https:\/\/cmm.imgw.pl\/wp-content\/uploads\/2023\/09\/word-image-37391-8.png 600w, https:\/\/cmm.imgw.pl\/wp-content\/uploads\/2023\/09\/word-image-37391-8-281x300.png 281w\" sizes=\"(max-width: 600px) 100vw, 600px\" \/><\/p>\n<p>Co wida\u0107 na mapach pola temperatury na wysoko\u015bci 850 hPa, 700 hPa oraz 500 hPa.<\/p>\n<p><strong>Topografia wzgl\u0119dna<\/strong><\/p>\n<p><img loading=\"lazy\" width=\"600\" height=\"640\" class=\"wp-image-37400 aligncenter\" src=\"http:\/\/cmm.imgw.pl\/wp-content\/uploads\/2023\/09\/word-image-37391-15.png\" srcset=\"https:\/\/cmm.imgw.pl\/wp-content\/uploads\/2023\/09\/word-image-37391-15.png 600w, https:\/\/cmm.imgw.pl\/wp-content\/uploads\/2023\/09\/word-image-37391-15-281x300.png 281w\" sizes=\"(max-width: 600px) 100vw, 600px\" \/> <img loading=\"lazy\" width=\"600\" height=\"640\" class=\"wp-image-37401 aligncenter\" src=\"http:\/\/cmm.imgw.pl\/wp-content\/uploads\/2023\/09\/word-image-37391-16.png\" srcset=\"https:\/\/cmm.imgw.pl\/wp-content\/uploads\/2023\/09\/word-image-37391-16.png 600w, https:\/\/cmm.imgw.pl\/wp-content\/uploads\/2023\/09\/word-image-37391-16-281x300.png 281w\" sizes=\"(max-width: 600px) 100vw, 600px\" \/><\/p>\n<p>Z analizy map topografii wzgl\u0119dnej wynika, \u017ce Polska pozostaje jeszcze w ciep\u0142ej masie powietrza. W ci\u0105gu dnia przebiega\u0107 b\u0119dzie o\u015b klina ciep\u0142a. Na po\u0142udniowym zachodzie Polski \u015brednia temperatura warstwy o grubo\u015bci 500 hPa b\u0119dzie najwy\u017csza. Z up\u0142ywem czasu nad p\u00f3\u0142nocno zachodni\u0105 Polsk\u0105 zaznaczy si\u0119 strefa zwi\u0119kszonego gradientu geopotencja\u0142u wzgl\u0119dnego, co jest zwi\u0105zane z frontem atmosferycznym, a sama strefa zag\u0119szczonych izohips wzgl\u0119dnych jest nieco przesuni\u0119ta w obszar ch\u0142odniejszej masy powietrza. Od zachodu zacznie do Polski nasuwa\u0107 si\u0119 zatoka ch\u0142odniejszego powietrza.<\/p>\n<p><strong>Topografia bezwzgl\u0119dna TB500 oraz pole wilgotno\u015bci<\/strong><\/p>\n<p><img loading=\"lazy\" width=\"666\" height=\"527\" class=\"wp-image-37402 aligncenter\" src=\"http:\/\/cmm.imgw.pl\/wp-content\/uploads\/2023\/09\/word-image-37391-17.jpeg\" srcset=\"https:\/\/cmm.imgw.pl\/wp-content\/uploads\/2023\/09\/word-image-37391-17.jpeg 666w, https:\/\/cmm.imgw.pl\/wp-content\/uploads\/2023\/09\/word-image-37391-17-300x237.jpeg 300w\" sizes=\"(max-width: 666px) 100vw, 666px\" \/><\/p>\n<p><img loading=\"lazy\" width=\"671\" height=\"529\" class=\"wp-image-37403 aligncenter\" src=\"http:\/\/cmm.imgw.pl\/wp-content\/uploads\/2023\/09\/word-image-37391-19.jpeg\" srcset=\"https:\/\/cmm.imgw.pl\/wp-content\/uploads\/2023\/09\/word-image-37391-19.jpeg 671w, https:\/\/cmm.imgw.pl\/wp-content\/uploads\/2023\/09\/word-image-37391-19-300x237.jpeg 300w\" sizes=\"(max-width: 671px) 100vw, 671px\" \/><\/p>\n<p>Z mapa topografii bezwzgl\u0119dnej TB500 oraz wilgotno\u015bci na tym samym poziomie, zauwa\u017cy\u0107 mo\u017cna, \u017ce wraz z przemieszczaj\u0105cym si\u0119 frontem od zachodu zacznie si\u0119 przemieszcza\u0107 z zachodu na wsch\u00f3d strefa zwi\u0119kszonej wilgotno\u015bci.<\/p>\n<p>Deficyt punktu rosy<\/p>\n<p>\u00a0<\/p>\n<p><strong>Diagramy aerologiczne<\/strong><\/p>\n<p><img loading=\"lazy\" width=\"1026\" height=\"1040\" class=\"wp-image-37404 aligncenter\" src=\"http:\/\/cmm.imgw.pl\/wp-content\/uploads\/2023\/09\/word-image-37391-27.png\" srcset=\"https:\/\/cmm.imgw.pl\/wp-content\/uploads\/2023\/09\/word-image-37391-27.png 1026w, https:\/\/cmm.imgw.pl\/wp-content\/uploads\/2023\/09\/word-image-37391-27-296x300.png 296w, https:\/\/cmm.imgw.pl\/wp-content\/uploads\/2023\/09\/word-image-37391-27-1010x1024.png 1010w, https:\/\/cmm.imgw.pl\/wp-content\/uploads\/2023\/09\/word-image-37391-27-768x778.png 768w\" sizes=\"(max-width: 1026px) 100vw, 1026px\" \/> <img loading=\"lazy\" width=\"1026\" height=\"1040\" class=\"wp-image-37405 aligncenter\" src=\"http:\/\/cmm.imgw.pl\/wp-content\/uploads\/2023\/09\/word-image-37391-28.png\" srcset=\"https:\/\/cmm.imgw.pl\/wp-content\/uploads\/2023\/09\/word-image-37391-28.png 1026w, https:\/\/cmm.imgw.pl\/wp-content\/uploads\/2023\/09\/word-image-37391-28-296x300.png 296w, https:\/\/cmm.imgw.pl\/wp-content\/uploads\/2023\/09\/word-image-37391-28-1010x1024.png 1010w, https:\/\/cmm.imgw.pl\/wp-content\/uploads\/2023\/09\/word-image-37391-28-768x778.png 768w\" sizes=\"(max-width: 1026px) 100vw, 1026px\" \/> <img loading=\"lazy\" width=\"1026\" height=\"1040\" class=\"wp-image-37406 aligncenter\" src=\"http:\/\/cmm.imgw.pl\/wp-content\/uploads\/2023\/09\/word-image-37391-29.png\" srcset=\"https:\/\/cmm.imgw.pl\/wp-content\/uploads\/2023\/09\/word-image-37391-29.png 1026w, https:\/\/cmm.imgw.pl\/wp-content\/uploads\/2023\/09\/word-image-37391-29-296x300.png 296w, https:\/\/cmm.imgw.pl\/wp-content\/uploads\/2023\/09\/word-image-37391-29-1010x1024.png 1010w, https:\/\/cmm.imgw.pl\/wp-content\/uploads\/2023\/09\/word-image-37391-29-768x778.png 768w\" sizes=\"(max-width: 1026px) 100vw, 1026px\" \/> <img loading=\"lazy\" width=\"1026\" height=\"1040\" class=\"wp-image-37407 aligncenter\" src=\"http:\/\/cmm.imgw.pl\/wp-content\/uploads\/2023\/09\/word-image-37391-30.png\" srcset=\"https:\/\/cmm.imgw.pl\/wp-content\/uploads\/2023\/09\/word-image-37391-30.png 1026w, https:\/\/cmm.imgw.pl\/wp-content\/uploads\/2023\/09\/word-image-37391-30-296x300.png 296w, https:\/\/cmm.imgw.pl\/wp-content\/uploads\/2023\/09\/word-image-37391-30-1010x1024.png 1010w, https:\/\/cmm.imgw.pl\/wp-content\/uploads\/2023\/09\/word-image-37391-30-768x778.png 768w\" sizes=\"(max-width: 1026px) 100vw, 1026px\" \/><\/p>\n<p><strong>Pole zachmurzenia<\/strong><\/p>\n<p>Z analizy pola deficytu punktu rosy, diagram\u00f3w aerologicznych wynika, \u017ce w strefie frontu atmosferycznego nale\u017cy spodziewa\u0107 si\u0119 chmur w ka\u017cdym pi\u0119trze chmurowym.<\/p>\n<p>Zachmurzenie og\u00f3lne<\/p>\n<p><img loading=\"lazy\" width=\"600\" height=\"640\" class=\"wp-image-37408 aligncenter\" src=\"http:\/\/cmm.imgw.pl\/wp-content\/uploads\/2023\/09\/word-image-37391-31.png\" srcset=\"https:\/\/cmm.imgw.pl\/wp-content\/uploads\/2023\/09\/word-image-37391-31.png 600w, https:\/\/cmm.imgw.pl\/wp-content\/uploads\/2023\/09\/word-image-37391-31-281x300.png 281w\" sizes=\"(max-width: 600px) 100vw, 600px\" \/> <img loading=\"lazy\" width=\"600\" height=\"640\" class=\"wp-image-37409 aligncenter\" src=\"http:\/\/cmm.imgw.pl\/wp-content\/uploads\/2023\/09\/word-image-37391-32.png\" srcset=\"https:\/\/cmm.imgw.pl\/wp-content\/uploads\/2023\/09\/word-image-37391-32.png 600w, https:\/\/cmm.imgw.pl\/wp-content\/uploads\/2023\/09\/word-image-37391-32-281x300.png 281w\" sizes=\"(max-width: 600px) 100vw, 600px\" \/> <img loading=\"lazy\" width=\"600\" height=\"640\" class=\"wp-image-37410 aligncenter\" src=\"http:\/\/cmm.imgw.pl\/wp-content\/uploads\/2023\/09\/word-image-37391-33.png\" srcset=\"https:\/\/cmm.imgw.pl\/wp-content\/uploads\/2023\/09\/word-image-37391-33.png 600w, https:\/\/cmm.imgw.pl\/wp-content\/uploads\/2023\/09\/word-image-37391-33-281x300.png 281w\" sizes=\"(max-width: 600px) 100vw, 600px\" \/><\/p>\n<p><span class=\"ui-provider ec bmm bmn bmo bmp bmq bmr bms bmt bmu bmv bmw bmx bmy bmz bna bnb bnc bnd bne bnf bng bnh bni bnj bnk bnl bnm bnn bno bnp bnq bnr bns bnt\" dir=\"ltr\">W godzinach wieczornych i nocnych jedynie w po\u0142udniowo wschodniej Polsce nale\u017cy spodziewa\u0107 si\u0119 braku chmur lub chmur Cirrus fibratus. Na pozosta\u0142ym obszarze kraju wyst\u0119powa\u0107 b\u0119dzie zachmurzenie umiarkowane i du\u017ce, a w strefie frontu ca\u0142kowite.<\/span><\/p>\n<p>Chmury pi\u0119tra niskiego<\/p>\n<p><img loading=\"lazy\" width=\"600\" height=\"640\" class=\"wp-image-37411 aligncenter\" src=\"http:\/\/cmm.imgw.pl\/wp-content\/uploads\/2023\/09\/word-image-37391-34.png\" srcset=\"https:\/\/cmm.imgw.pl\/wp-content\/uploads\/2023\/09\/word-image-37391-34.png 600w, https:\/\/cmm.imgw.pl\/wp-content\/uploads\/2023\/09\/word-image-37391-34-281x300.png 281w\" sizes=\"(max-width: 600px) 100vw, 600px\" \/> <img loading=\"lazy\" width=\"600\" height=\"640\" class=\"wp-image-37412 aligncenter\" src=\"http:\/\/cmm.imgw.pl\/wp-content\/uploads\/2023\/09\/word-image-37391-35.png\" srcset=\"https:\/\/cmm.imgw.pl\/wp-content\/uploads\/2023\/09\/word-image-37391-35.png 600w, https:\/\/cmm.imgw.pl\/wp-content\/uploads\/2023\/09\/word-image-37391-35-281x300.png 281w\" sizes=\"(max-width: 600px) 100vw, 600px\" \/> <img loading=\"lazy\" width=\"600\" height=\"640\" class=\"wp-image-37413 aligncenter\" src=\"http:\/\/cmm.imgw.pl\/wp-content\/uploads\/2023\/09\/word-image-37391-36.png\" srcset=\"https:\/\/cmm.imgw.pl\/wp-content\/uploads\/2023\/09\/word-image-37391-36.png 600w, https:\/\/cmm.imgw.pl\/wp-content\/uploads\/2023\/09\/word-image-37391-36-281x300.png 281w\" sizes=\"(max-width: 600px) 100vw, 600px\" \/> <img loading=\"lazy\" width=\"600\" height=\"640\" class=\"wp-image-37414 aligncenter\" src=\"http:\/\/cmm.imgw.pl\/wp-content\/uploads\/2023\/09\/word-image-37391-37.png\" srcset=\"https:\/\/cmm.imgw.pl\/wp-content\/uploads\/2023\/09\/word-image-37391-37.png 600w, https:\/\/cmm.imgw.pl\/wp-content\/uploads\/2023\/09\/word-image-37391-37-281x300.png 281w\" sizes=\"(max-width: 600px) 100vw, 600px\" \/> <img loading=\"lazy\" width=\"600\" height=\"640\" class=\"wp-image-37415 aligncenter\" src=\"http:\/\/cmm.imgw.pl\/wp-content\/uploads\/2023\/09\/word-image-37391-38.png\" srcset=\"https:\/\/cmm.imgw.pl\/wp-content\/uploads\/2023\/09\/word-image-37391-38.png 600w, https:\/\/cmm.imgw.pl\/wp-content\/uploads\/2023\/09\/word-image-37391-38-281x300.png 281w\" sizes=\"(max-width: 600px) 100vw, 600px\" \/> <img loading=\"lazy\" width=\"600\" height=\"640\" class=\"wp-image-37416 aligncenter\" src=\"http:\/\/cmm.imgw.pl\/wp-content\/uploads\/2023\/09\/word-image-37391-39.png\" srcset=\"https:\/\/cmm.imgw.pl\/wp-content\/uploads\/2023\/09\/word-image-37391-39.png 600w, https:\/\/cmm.imgw.pl\/wp-content\/uploads\/2023\/09\/word-image-37391-39-281x300.png 281w\" sizes=\"(max-width: 600px) 100vw, 600px\" \/> <img loading=\"lazy\" width=\"600\" height=\"640\" class=\"wp-image-37417 aligncenter\" src=\"http:\/\/cmm.imgw.pl\/wp-content\/uploads\/2023\/09\/word-image-37391-40.png\" srcset=\"https:\/\/cmm.imgw.pl\/wp-content\/uploads\/2023\/09\/word-image-37391-40.png 600w, https:\/\/cmm.imgw.pl\/wp-content\/uploads\/2023\/09\/word-image-37391-40-281x300.png 281w\" sizes=\"(max-width: 600px) 100vw, 600px\" \/><\/p>\n<p>Pocz\u0105tkowo na zachodzi i p\u00f3\u0142nocy a\u017c po Gda\u0144sk wyst\u0119powa\u0107 b\u0119d\u0105 chmury Stratocumulus oraz Stratus (g\u0142\u00f3wnie na zachodzie kraju, lokalnie na p\u00f3\u0142nocy Polski. Lokalnie, w strefie frontu, wbudowane mog\u0105 by\u0107 chmury Cumulus congestus lub Cumulonimbus. Strefa zachmurzenia pi\u0119tra niskiego b\u0119dzie powoli przemieszcza\u0142a si\u0119 na wsch\u00f3d.<\/p>\n<p>Chmury pi\u0119tra \u015bredniego<\/p>\n<p><img loading=\"lazy\" width=\"600\" height=\"640\" class=\"wp-image-37418 aligncenter\" src=\"http:\/\/cmm.imgw.pl\/wp-content\/uploads\/2023\/09\/word-image-37391-41.png\" srcset=\"https:\/\/cmm.imgw.pl\/wp-content\/uploads\/2023\/09\/word-image-37391-41.png 600w, https:\/\/cmm.imgw.pl\/wp-content\/uploads\/2023\/09\/word-image-37391-41-281x300.png 281w\" sizes=\"(max-width: 600px) 100vw, 600px\" \/> <img loading=\"lazy\" width=\"600\" height=\"640\" class=\"wp-image-37419 aligncenter\" src=\"http:\/\/cmm.imgw.pl\/wp-content\/uploads\/2023\/09\/word-image-37391-42.png\" srcset=\"https:\/\/cmm.imgw.pl\/wp-content\/uploads\/2023\/09\/word-image-37391-42.png 600w, https:\/\/cmm.imgw.pl\/wp-content\/uploads\/2023\/09\/word-image-37391-42-281x300.png 281w\" sizes=\"(max-width: 600px) 100vw, 600px\" \/> <img loading=\"lazy\" width=\"600\" height=\"640\" class=\"wp-image-37420 aligncenter\" src=\"http:\/\/cmm.imgw.pl\/wp-content\/uploads\/2023\/09\/word-image-37391-43.png\" srcset=\"https:\/\/cmm.imgw.pl\/wp-content\/uploads\/2023\/09\/word-image-37391-43.png 600w, https:\/\/cmm.imgw.pl\/wp-content\/uploads\/2023\/09\/word-image-37391-43-281x300.png 281w\" sizes=\"(max-width: 600px) 100vw, 600px\" \/> <img loading=\"lazy\" width=\"600\" height=\"640\" class=\"wp-image-37421 aligncenter\" src=\"http:\/\/cmm.imgw.pl\/wp-content\/uploads\/2023\/09\/word-image-37391-44.png\" srcset=\"https:\/\/cmm.imgw.pl\/wp-content\/uploads\/2023\/09\/word-image-37391-44.png 600w, https:\/\/cmm.imgw.pl\/wp-content\/uploads\/2023\/09\/word-image-37391-44-281x300.png 281w\" sizes=\"(max-width: 600px) 100vw, 600px\" \/> <img loading=\"lazy\" width=\"600\" height=\"640\" class=\"wp-image-37422 aligncenter\" src=\"http:\/\/cmm.imgw.pl\/wp-content\/uploads\/2023\/09\/word-image-37391-45.png\" srcset=\"https:\/\/cmm.imgw.pl\/wp-content\/uploads\/2023\/09\/word-image-37391-45.png 600w, https:\/\/cmm.imgw.pl\/wp-content\/uploads\/2023\/09\/word-image-37391-45-281x300.png 281w\" sizes=\"(max-width: 600px) 100vw, 600px\" \/> <img loading=\"lazy\" width=\"600\" height=\"640\" class=\"wp-image-37423 aligncenter\" src=\"http:\/\/cmm.imgw.pl\/wp-content\/uploads\/2023\/09\/word-image-37391-46.png\" srcset=\"https:\/\/cmm.imgw.pl\/wp-content\/uploads\/2023\/09\/word-image-37391-46.png 600w, https:\/\/cmm.imgw.pl\/wp-content\/uploads\/2023\/09\/word-image-37391-46-281x300.png 281w\" sizes=\"(max-width: 600px) 100vw, 600px\" \/><\/p>\n<p>Wraz z przemieszczaj\u0105cym si\u0119 frontem w pi\u0119trze \u015brednim nale\u017cy oczekiwa\u0107 chmur Altocumulus. Mo\u017cliwe tak\u017ce strefy chmur Altostratus.<\/p>\n<p>Zachmurzenie pi\u0119tra wysokiego<\/p>\n<p><img loading=\"lazy\" width=\"600\" height=\"640\" class=\"wp-image-37424 aligncenter\" src=\"http:\/\/cmm.imgw.pl\/wp-content\/uploads\/2023\/09\/word-image-37391-47.png\" srcset=\"https:\/\/cmm.imgw.pl\/wp-content\/uploads\/2023\/09\/word-image-37391-47.png 600w, https:\/\/cmm.imgw.pl\/wp-content\/uploads\/2023\/09\/word-image-37391-47-281x300.png 281w\" sizes=\"(max-width: 600px) 100vw, 600px\" \/> <img loading=\"lazy\" width=\"600\" height=\"640\" class=\"wp-image-37425 aligncenter\" src=\"http:\/\/cmm.imgw.pl\/wp-content\/uploads\/2023\/09\/word-image-37391-48.png\" srcset=\"https:\/\/cmm.imgw.pl\/wp-content\/uploads\/2023\/09\/word-image-37391-48.png 600w, https:\/\/cmm.imgw.pl\/wp-content\/uploads\/2023\/09\/word-image-37391-48-281x300.png 281w\" sizes=\"(max-width: 600px) 100vw, 600px\" \/> <img loading=\"lazy\" width=\"600\" height=\"640\" class=\"wp-image-37426 aligncenter\" src=\"http:\/\/cmm.imgw.pl\/wp-content\/uploads\/2023\/09\/word-image-37391-49.png\" srcset=\"https:\/\/cmm.imgw.pl\/wp-content\/uploads\/2023\/09\/word-image-37391-49.png 600w, https:\/\/cmm.imgw.pl\/wp-content\/uploads\/2023\/09\/word-image-37391-49-281x300.png 281w\" sizes=\"(max-width: 600px) 100vw, 600px\" \/> <img loading=\"lazy\" width=\"600\" height=\"640\" class=\"wp-image-37427 aligncenter\" src=\"http:\/\/cmm.imgw.pl\/wp-content\/uploads\/2023\/09\/word-image-37391-50.png\" srcset=\"https:\/\/cmm.imgw.pl\/wp-content\/uploads\/2023\/09\/word-image-37391-50.png 600w, https:\/\/cmm.imgw.pl\/wp-content\/uploads\/2023\/09\/word-image-37391-50-281x300.png 281w\" sizes=\"(max-width: 600px) 100vw, 600px\" \/> <img loading=\"lazy\" width=\"600\" height=\"640\" class=\"wp-image-37428 aligncenter\" src=\"http:\/\/cmm.imgw.pl\/wp-content\/uploads\/2023\/09\/word-image-37391-51.png\" srcset=\"https:\/\/cmm.imgw.pl\/wp-content\/uploads\/2023\/09\/word-image-37391-51.png 600w, https:\/\/cmm.imgw.pl\/wp-content\/uploads\/2023\/09\/word-image-37391-51-281x300.png 281w\" sizes=\"(max-width: 600px) 100vw, 600px\" \/> <img loading=\"lazy\" width=\"600\" height=\"640\" class=\"wp-image-37429 aligncenter\" src=\"http:\/\/cmm.imgw.pl\/wp-content\/uploads\/2023\/09\/word-image-37391-52.png\" srcset=\"https:\/\/cmm.imgw.pl\/wp-content\/uploads\/2023\/09\/word-image-37391-52.png 600w, https:\/\/cmm.imgw.pl\/wp-content\/uploads\/2023\/09\/word-image-37391-52-281x300.png 281w\" sizes=\"(max-width: 600px) 100vw, 600px\" \/><\/p>\n<p>Na niebie nale\u017cy tak\u017ce oczekiwa\u0107 chmur Cirrus fibratus\/spissatus, Cirrostratus fibratus.<\/p>\n<p><strong>Warunki obserwacyjne<\/strong><\/p>\n<p>Najlepsze warunki do obserwacji <em>Superpe\u0142ni<\/em> b\u0119d\u0105 mieli obserwatorzy z po\u0142udniowo wschodniej Polski. Warunki b\u0119d\u0105 stopniowo si\u0119 pogarsza\u0142y w kierunku zachodnim. Szczeg\u00f3\u0142y na mapach pola zachmurzenia.<\/p>","protected":false},"excerpt":{"rendered":"<p>Komentarz do numerycznych prognoz pogody opracowany w Centrum Modelowania Meteorologicznego IMGW-PIB.<\/p>\n","protected":false},"author":3,"featured_media":0,"comment_status":"closed","ping_status":"open","sticky":false,"template":"","format":"standard","meta":{"ocean_post_layout":"","ocean_both_sidebars_style":"","ocean_both_sidebars_content_width":0,"ocean_both_sidebars_sidebars_width":0,"ocean_sidebar":"0","ocean_second_sidebar":"0","ocean_disable_margins":"enable","ocean_add_body_class":"","ocean_shortcode_before_top_bar":"","ocean_shortcode_after_top_bar":"","ocean_shortcode_before_header":"","ocean_shortcode_after_header":"","ocean_has_shortcode":"","ocean_shortcode_after_title":"","ocean_shortcode_before_footer_widgets":"","ocean_shortcode_after_footer_widgets":"","ocean_shortcode_before_footer_bottom":"","ocean_shortcode_after_footer_bottom":"","ocean_display_top_bar":"default","ocean_display_header":"default","ocean_header_style":"","ocean_center_header_left_menu":"0","ocean_custom_header_template":"0","ocean_custom_logo":0,"ocean_custom_retina_logo":0,"ocean_custom_logo_max_width":0,"ocean_custom_logo_tablet_max_width":0,"ocean_custom_logo_mobile_max_width":0,"ocean_custom_logo_max_height":0,"ocean_custom_logo_tablet_max_height":0,"ocean_custom_logo_mobile_max_height":0,"ocean_header_custom_menu":"0","ocean_menu_typo_font_family":"0","ocean_menu_typo_font_subset":"","ocean_menu_typo_font_size":0,"ocean_menu_typo_font_size_tablet":0,"ocean_menu_typo_font_size_mobile":0,"ocean_menu_typo_font_size_unit":"px","ocean_menu_typo_font_weight":"","ocean_menu_typo_font_weight_tablet":"","ocean_menu_typo_font_weight_mobile":"","ocean_menu_typo_transform":"","ocean_menu_typo_transform_tablet":"","ocean_menu_typo_transform_mobile":"","ocean_menu_typo_line_height":0,"ocean_menu_typo_line_height_tablet":0,"ocean_menu_typo_line_height_mobile":0,"ocean_menu_typo_line_height_unit":"","ocean_menu_typo_spacing":0,"ocean_menu_typo_spacing_tablet":0,"ocean_menu_typo_spacing_mobile":0,"ocean_menu_typo_spacing_unit":"","ocean_menu_link_color":"","ocean_menu_link_color_hover":"","ocean_menu_link_color_active":"","ocean_menu_link_background":"","ocean_menu_link_hover_background":"","ocean_menu_link_active_background":"","ocean_menu_social_links_bg":"","ocean_menu_social_hover_links_bg":"","ocean_menu_social_links_color":"","ocean_menu_social_hover_links_color":"","ocean_disable_title":"default","ocean_disable_heading":"default","ocean_post_title":"","ocean_post_subheading":"","ocean_post_title_style":"","ocean_post_title_background_color":"","ocean_post_title_background":0,"ocean_post_title_bg_image_position":"","ocean_post_title_bg_image_attachment":"","ocean_post_title_bg_image_repeat":"","ocean_post_title_bg_image_size":"","ocean_post_title_height":0,"ocean_post_title_bg_overlay":0.5,"ocean_post_title_bg_overlay_color":"","ocean_disable_breadcrumbs":"default","ocean_breadcrumbs_color":"","ocean_breadcrumbs_separator_color":"","ocean_breadcrumbs_links_color":"","ocean_breadcrumbs_links_hover_color":"","ocean_display_footer_widgets":"default","ocean_display_footer_bottom":"default","ocean_custom_footer_template":"0","ocean_post_oembed":"","ocean_post_self_hosted_media":"","ocean_post_video_embed":"","ocean_link_format":"","ocean_link_format_target":"self","ocean_quote_format":"","ocean_quote_format_link":"post","ocean_gallery_link_images":"on","ocean_gallery_id":[]},"categories":[93],"tags":[138,139,68,95,143,141,85,73,97,98,142,76,94,99,71,67,96,140,79],"yoast_head":"<!-- This site is optimized with the Yoast SEO plugin v19.5.1 - https:\/\/yoast.com\/wordpress\/plugins\/seo\/ -->\n<title>Prognoza pola zachmurzenia i warunk\u00f3w obserwacyjnych dla obserwator\u00f3w Superpe\u0142ni - Laboratorium Modelowania Meteorologicznego CMOK IMGW-PIB<\/title>\n<meta name=\"description\" content=\"Komentarz do numerycznych prognoz pogody opracowany w Centrum Modelowania Meteorologicznego IMGW-PIB.\" \/>\n<meta name=\"robots\" content=\"index, follow, max-snippet:-1, max-image-preview:large, max-video-preview:-1\" \/>\n<link rel=\"canonical\" href=\"https:\/\/cmm.imgw.pl\/?p=37391\" \/>\n<meta property=\"og:locale\" content=\"pl_PL\" \/>\n<meta property=\"og:type\" content=\"article\" \/>\n<meta property=\"og:title\" content=\"Prognoza pola zachmurzenia i warunk\u00f3w obserwacyjnych dla obserwator\u00f3w Superpe\u0142ni\" \/>\n<meta property=\"og:description\" content=\"Komentarz do numerycznych prognoz pogody opracowany w Centrum Modelowania Meteorologicznego IMGW-PIB\" \/>\n<meta property=\"og:url\" content=\"https:\/\/cmm.imgw.pl\/?p=37391\" \/>\n<meta property=\"og:site_name\" content=\"Laboratorium Modelowania Meteorologicznego CMOK IMGW-PIB\" \/>\n<meta property=\"article:publisher\" content=\"https:\/\/www.facebook.com\/Meteoimgw\/\" \/>\n<meta property=\"article:published_time\" content=\"2023-09-29T10:02:35+00:00\" \/>\n<meta property=\"article:modified_time\" content=\"2023-09-29T10:26:50+00:00\" \/>\n<meta property=\"og:image\" content=\"http:\/\/cmm.imgw.pl\/wp-content\/uploads\/2023\/09\/word-image-37336-1.png\" \/>\n\t<meta property=\"og:image:width\" content=\"996\" \/>\n\t<meta property=\"og:image:height\" content=\"724\" \/>\n\t<meta property=\"og:image:type\" content=\"image\/png\" \/>\n<meta name=\"author\" content=\"CMM\" \/>\n<meta name=\"twitter:card\" content=\"summary_large_image\" \/>\n<meta name=\"twitter:title\" content=\"Prognoza pola zachmurzenia i warunk\u00f3w obserwacyjnych dla obserwator\u00f3w Superpe\u0142ni\" \/>\n<meta name=\"twitter:description\" content=\"Komentarz do numerycznych prognoz pogody opracowany w Centrum Modelowania Meteorologicznego IMGW-PIB\" \/>\n<meta name=\"twitter:image\" content=\"https:\/\/cmm.imgw.pl\/wp-content\/uploads\/2023\/09\/word-image-37336-1.png\" \/>\n<meta name=\"twitter:creator\" content=\"@IMGW_CMM\" \/>\n<meta name=\"twitter:site\" content=\"@IMGW_CMM\" \/>\n<meta name=\"twitter:label1\" content=\"Napisane przez\" \/>\n\t<meta name=\"twitter:data1\" content=\"CMM\" \/>\n\t<meta name=\"twitter:label2\" content=\"Szacowany czas czytania\" \/>\n\t<meta name=\"twitter:data2\" content=\"26 minut\" \/>\n<script type=\"application\/ld+json\" class=\"yoast-schema-graph\">{\"@context\":\"https:\/\/schema.org\",\"@graph\":[{\"@type\":\"Article\",\"@id\":\"https:\/\/cmm.imgw.pl\/?p=37391#article\",\"isPartOf\":{\"@id\":\"https:\/\/cmm.imgw.pl\/?p=37391\"},\"author\":{\"name\":\"CMM\",\"@id\":\"https:\/\/cmm.imgw.pl\/#\/schema\/person\/a24a37fe434fe76b0f5791e6bd3fdb46\"},\"headline\":\"Prognoza pola zachmurzenia i warunk\u00f3w obserwacyjnych dla obserwator\u00f3w Superpe\u0142ni\",\"datePublished\":\"2023-09-29T10:02:35+00:00\",\"dateModified\":\"2023-09-29T10:26:50+00:00\",\"mainEntityOfPage\":{\"@id\":\"https:\/\/cmm.imgw.pl\/?p=37391\"},\"wordCount\":547,\"publisher\":{\"@id\":\"https:\/\/cmm.imgw.pl\/#organization\"},\"keywords\":[\"alaro\",\"arome\",\"cmm\",\"Cosmo\",\"DWD\",\"Grzegorz Duniec\",\"imgw\",\"klimat\",\"komentarz\",\"komentarz pogodowy\",\"MERGE\",\"meteorologia\",\"NMP\",\"NPP\",\"pogoda\",\"prognoza\",\"prognoza pogody\",\"wrf\",\"zima\"],\"articleSection\":[\"Komentarz\"],\"inLanguage\":\"pl-PL\"},{\"@type\":\"WebPage\",\"@id\":\"https:\/\/cmm.imgw.pl\/?p=37391\",\"url\":\"https:\/\/cmm.imgw.pl\/?p=37391\",\"name\":\"Prognoza pola zachmurzenia i warunk\u00f3w obserwacyjnych dla obserwator\u00f3w Superpe\u0142ni - Laboratorium Modelowania Meteorologicznego CMOK IMGW-PIB\",\"isPartOf\":{\"@id\":\"https:\/\/cmm.imgw.pl\/#website\"},\"datePublished\":\"2023-09-29T10:02:35+00:00\",\"dateModified\":\"2023-09-29T10:26:50+00:00\",\"description\":\"Komentarz do numerycznych prognoz pogody opracowany w Centrum Modelowania Meteorologicznego IMGW-PIB.\",\"breadcrumb\":{\"@id\":\"https:\/\/cmm.imgw.pl\/?p=37391#breadcrumb\"},\"inLanguage\":\"pl-PL\",\"potentialAction\":[{\"@type\":\"ReadAction\",\"target\":[\"https:\/\/cmm.imgw.pl\/?p=37391\"]}]},{\"@type\":\"BreadcrumbList\",\"@id\":\"https:\/\/cmm.imgw.pl\/?p=37391#breadcrumb\",\"itemListElement\":[{\"@type\":\"ListItem\",\"position\":1,\"name\":\"Home\",\"item\":\"https:\/\/cmm.imgw.pl\/\"},{\"@type\":\"ListItem\",\"position\":2,\"name\":\"Prognoza pola zachmurzenia i warunk\u00f3w obserwacyjnych dla obserwator\u00f3w Superpe\u0142ni\"}]},{\"@type\":\"WebSite\",\"@id\":\"https:\/\/cmm.imgw.pl\/#website\",\"url\":\"https:\/\/cmm.imgw.pl\/\",\"name\":\"Laboratorium Modelowania Meteorologicznego CMOK IMGW-PIB\",\"description\":\"CMOK-LMM Laboratorium pe\u0142ni pa\u0144stwow\u0105 s\u0142u\u017cb\u0119 hydrologiczno-meteorologiczn\u0105 w zakresie numerycznych prognoz pogody, kt\u00f3rego zadaniem jest konsolidacja kompetencji w obszarze modelowania zjawisk pogodowych oraz dalszego rozwoju numerycznych modeli pogody (NMP).\",\"publisher\":{\"@id\":\"https:\/\/cmm.imgw.pl\/#organization\"},\"potentialAction\":[{\"@type\":\"SearchAction\",\"target\":{\"@type\":\"EntryPoint\",\"urlTemplate\":\"https:\/\/cmm.imgw.pl\/?s={search_term_string}\"},\"query-input\":\"required name=search_term_string\"}],\"inLanguage\":\"pl-PL\"},{\"@type\":\"Organization\",\"@id\":\"https:\/\/cmm.imgw.pl\/#organization\",\"name\":\"Laboratorium Modelowania Meteorologicznego CMOK IMGW-PIB\",\"url\":\"https:\/\/cmm.imgw.pl\/\",\"sameAs\":[\"https:\/\/www.facebook.com\/Meteoimgw\/\",\"https:\/\/twitter.com\/IMGW_CMM\"],\"logo\":{\"@type\":\"ImageObject\",\"inLanguage\":\"pl-PL\",\"@id\":\"https:\/\/cmm.imgw.pl\/#\/schema\/logo\/image\/\",\"url\":\"https:\/\/cmm.imgw.pl\/wp-content\/uploads\/2025\/10\/MODELE_LOGO_UNIFIKACJA_v2.png\",\"contentUrl\":\"https:\/\/cmm.imgw.pl\/wp-content\/uploads\/2025\/10\/MODELE_LOGO_UNIFIKACJA_v2.png\",\"width\":1356,\"height\":365,\"caption\":\"Laboratorium Modelowania Meteorologicznego CMOK IMGW-PIB\"},\"image\":{\"@id\":\"https:\/\/cmm.imgw.pl\/#\/schema\/logo\/image\/\"}},{\"@type\":\"Person\",\"@id\":\"https:\/\/cmm.imgw.pl\/#\/schema\/person\/a24a37fe434fe76b0f5791e6bd3fdb46\",\"name\":\"CMM\",\"image\":{\"@type\":\"ImageObject\",\"inLanguage\":\"pl-PL\",\"@id\":\"https:\/\/cmm.imgw.pl\/#\/schema\/person\/image\/\",\"url\":\"https:\/\/secure.gravatar.com\/avatar\/9248ea2273711f1cd09d6bd45867dbfb?s=96&d=blank&r=g\",\"contentUrl\":\"https:\/\/secure.gravatar.com\/avatar\/9248ea2273711f1cd09d6bd45867dbfb?s=96&d=blank&r=g\",\"caption\":\"CMM\"},\"sameAs\":[\"http:\/\/cmm.imgw.pl\"],\"url\":\"https:\/\/cmm.imgw.pl\/?author=3\"}]}<\/script>\n<!-- \/ Yoast SEO plugin. -->","yoast_head_json":{"title":"Prognoza pola zachmurzenia i warunk\u00f3w obserwacyjnych dla obserwator\u00f3w Superpe\u0142ni - Laboratorium Modelowania Meteorologicznego CMOK IMGW-PIB","description":"Komentarz do numerycznych prognoz pogody opracowany w Centrum Modelowania Meteorologicznego IMGW-PIB.","robots":{"index":"index","follow":"follow","max-snippet":"max-snippet:-1","max-image-preview":"max-image-preview:large","max-video-preview":"max-video-preview:-1"},"canonical":"https:\/\/cmm.imgw.pl\/?p=37391","og_locale":"pl_PL","og_type":"article","og_title":"Prognoza pola zachmurzenia i warunk\u00f3w obserwacyjnych dla obserwator\u00f3w Superpe\u0142ni","og_description":"Komentarz do numerycznych prognoz pogody opracowany w Centrum Modelowania Meteorologicznego IMGW-PIB","og_url":"https:\/\/cmm.imgw.pl\/?p=37391","og_site_name":"Laboratorium Modelowania Meteorologicznego CMOK IMGW-PIB","article_publisher":"https:\/\/www.facebook.com\/Meteoimgw\/","article_published_time":"2023-09-29T10:02:35+00:00","article_modified_time":"2023-09-29T10:26:50+00:00","og_image":[{"width":996,"height":724,"url":"http:\/\/cmm.imgw.pl\/wp-content\/uploads\/2023\/09\/word-image-37336-1.png","type":"image\/png"}],"author":"CMM","twitter_card":"summary_large_image","twitter_title":"Prognoza pola zachmurzenia i warunk\u00f3w obserwacyjnych dla obserwator\u00f3w Superpe\u0142ni","twitter_description":"Komentarz do numerycznych prognoz pogody opracowany w Centrum Modelowania Meteorologicznego IMGW-PIB","twitter_image":"https:\/\/cmm.imgw.pl\/wp-content\/uploads\/2023\/09\/word-image-37336-1.png","twitter_creator":"@IMGW_CMM","twitter_site":"@IMGW_CMM","twitter_misc":{"Napisane przez":"CMM","Szacowany czas czytania":"26 minut"},"schema":{"@context":"https:\/\/schema.org","@graph":[{"@type":"Article","@id":"https:\/\/cmm.imgw.pl\/?p=37391#article","isPartOf":{"@id":"https:\/\/cmm.imgw.pl\/?p=37391"},"author":{"name":"CMM","@id":"https:\/\/cmm.imgw.pl\/#\/schema\/person\/a24a37fe434fe76b0f5791e6bd3fdb46"},"headline":"Prognoza pola zachmurzenia i warunk\u00f3w obserwacyjnych dla obserwator\u00f3w Superpe\u0142ni","datePublished":"2023-09-29T10:02:35+00:00","dateModified":"2023-09-29T10:26:50+00:00","mainEntityOfPage":{"@id":"https:\/\/cmm.imgw.pl\/?p=37391"},"wordCount":547,"publisher":{"@id":"https:\/\/cmm.imgw.pl\/#organization"},"keywords":["alaro","arome","cmm","Cosmo","DWD","Grzegorz Duniec","imgw","klimat","komentarz","komentarz pogodowy","MERGE","meteorologia","NMP","NPP","pogoda","prognoza","prognoza pogody","wrf","zima"],"articleSection":["Komentarz"],"inLanguage":"pl-PL"},{"@type":"WebPage","@id":"https:\/\/cmm.imgw.pl\/?p=37391","url":"https:\/\/cmm.imgw.pl\/?p=37391","name":"Prognoza pola zachmurzenia i warunk\u00f3w obserwacyjnych dla obserwator\u00f3w Superpe\u0142ni - Laboratorium Modelowania Meteorologicznego CMOK IMGW-PIB","isPartOf":{"@id":"https:\/\/cmm.imgw.pl\/#website"},"datePublished":"2023-09-29T10:02:35+00:00","dateModified":"2023-09-29T10:26:50+00:00","description":"Komentarz do numerycznych prognoz pogody opracowany w Centrum Modelowania Meteorologicznego IMGW-PIB.","breadcrumb":{"@id":"https:\/\/cmm.imgw.pl\/?p=37391#breadcrumb"},"inLanguage":"pl-PL","potentialAction":[{"@type":"ReadAction","target":["https:\/\/cmm.imgw.pl\/?p=37391"]}]},{"@type":"BreadcrumbList","@id":"https:\/\/cmm.imgw.pl\/?p=37391#breadcrumb","itemListElement":[{"@type":"ListItem","position":1,"name":"Home","item":"https:\/\/cmm.imgw.pl\/"},{"@type":"ListItem","position":2,"name":"Prognoza pola zachmurzenia i warunk\u00f3w obserwacyjnych dla obserwator\u00f3w Superpe\u0142ni"}]},{"@type":"WebSite","@id":"https:\/\/cmm.imgw.pl\/#website","url":"https:\/\/cmm.imgw.pl\/","name":"Laboratorium Modelowania Meteorologicznego CMOK IMGW-PIB","description":"CMOK-LMM Laboratorium pe\u0142ni pa\u0144stwow\u0105 s\u0142u\u017cb\u0119 hydrologiczno-meteorologiczn\u0105 w zakresie numerycznych prognoz pogody, kt\u00f3rego zadaniem jest konsolidacja kompetencji w obszarze modelowania zjawisk pogodowych oraz dalszego rozwoju numerycznych modeli pogody (NMP).","publisher":{"@id":"https:\/\/cmm.imgw.pl\/#organization"},"potentialAction":[{"@type":"SearchAction","target":{"@type":"EntryPoint","urlTemplate":"https:\/\/cmm.imgw.pl\/?s={search_term_string}"},"query-input":"required name=search_term_string"}],"inLanguage":"pl-PL"},{"@type":"Organization","@id":"https:\/\/cmm.imgw.pl\/#organization","name":"Laboratorium Modelowania Meteorologicznego CMOK IMGW-PIB","url":"https:\/\/cmm.imgw.pl\/","sameAs":["https:\/\/www.facebook.com\/Meteoimgw\/","https:\/\/twitter.com\/IMGW_CMM"],"logo":{"@type":"ImageObject","inLanguage":"pl-PL","@id":"https:\/\/cmm.imgw.pl\/#\/schema\/logo\/image\/","url":"https:\/\/cmm.imgw.pl\/wp-content\/uploads\/2025\/10\/MODELE_LOGO_UNIFIKACJA_v2.png","contentUrl":"https:\/\/cmm.imgw.pl\/wp-content\/uploads\/2025\/10\/MODELE_LOGO_UNIFIKACJA_v2.png","width":1356,"height":365,"caption":"Laboratorium Modelowania Meteorologicznego CMOK IMGW-PIB"},"image":{"@id":"https:\/\/cmm.imgw.pl\/#\/schema\/logo\/image\/"}},{"@type":"Person","@id":"https:\/\/cmm.imgw.pl\/#\/schema\/person\/a24a37fe434fe76b0f5791e6bd3fdb46","name":"CMM","image":{"@type":"ImageObject","inLanguage":"pl-PL","@id":"https:\/\/cmm.imgw.pl\/#\/schema\/person\/image\/","url":"https:\/\/secure.gravatar.com\/avatar\/9248ea2273711f1cd09d6bd45867dbfb?s=96&d=blank&r=g","contentUrl":"https:\/\/secure.gravatar.com\/avatar\/9248ea2273711f1cd09d6bd45867dbfb?s=96&d=blank&r=g","caption":"CMM"},"sameAs":["http:\/\/cmm.imgw.pl"],"url":"https:\/\/cmm.imgw.pl\/?author=3"}]}},"_links":{"self":[{"href":"https:\/\/cmm.imgw.pl\/index.php?rest_route=\/wp\/v2\/posts\/37391"}],"collection":[{"href":"https:\/\/cmm.imgw.pl\/index.php?rest_route=\/wp\/v2\/posts"}],"about":[{"href":"https:\/\/cmm.imgw.pl\/index.php?rest_route=\/wp\/v2\/types\/post"}],"author":[{"embeddable":true,"href":"https:\/\/cmm.imgw.pl\/index.php?rest_route=\/wp\/v2\/users\/3"}],"replies":[{"embeddable":true,"href":"https:\/\/cmm.imgw.pl\/index.php?rest_route=%2Fwp%2Fv2%2Fcomments&post=37391"}],"version-history":[{"count":2,"href":"https:\/\/cmm.imgw.pl\/index.php?rest_route=\/wp\/v2\/posts\/37391\/revisions"}],"predecessor-version":[{"id":37431,"href":"https:\/\/cmm.imgw.pl\/index.php?rest_route=\/wp\/v2\/posts\/37391\/revisions\/37431"}],"wp:attachment":[{"href":"https:\/\/cmm.imgw.pl\/index.php?rest_route=%2Fwp%2Fv2%2Fmedia&parent=37391"}],"wp:term":[{"taxonomy":"category","embeddable":true,"href":"https:\/\/cmm.imgw.pl\/index.php?rest_route=%2Fwp%2Fv2%2Fcategories&post=37391"},{"taxonomy":"post_tag","embeddable":true,"href":"https:\/\/cmm.imgw.pl\/index.php?rest_route=%2Fwp%2Fv2%2Ftags&post=37391"}],"curies":[{"name":"wp","href":"https:\/\/api.w.org\/{rel}","templated":true}]}}