{"id":37327,"date":"2023-09-24T20:17:12","date_gmt":"2023-09-24T18:17:12","guid":{"rendered":"https:\/\/cmm.imgw.pl\/?p=37327"},"modified":"2023-09-26T11:07:40","modified_gmt":"2023-09-26T09:07:40","slug":"imgw-pib-jako-patron-wydarzenia-zaprasza-na-wystawe-zimno-juz-bylo-w-ramach-15-edycji-festiwalu-warszawa-w-budowie","status":"publish","type":"post","link":"https:\/\/cmm.imgw.pl\/?p=37327","title":{"rendered":"IMGW-PIB jako patron wydarzenia zaprasza na wystaw\u0119 &#8222;Zimno ju\u017c by\u0142o&#8221; w ramach 15. edycji festiwalu WARSZAWA W BUDOWIE"},"content":{"rendered":"<div class=\"wp-block-image\">\n<figure class=\"aligncenter size-large\"><img loading=\"lazy\" width=\"1024\" height=\"685\" src=\"https:\/\/cmm.imgw.pl\/wp-content\/uploads\/2023\/09\/image-1024x685.png\" alt=\"\" class=\"wp-image-37332\" srcset=\"https:\/\/cmm.imgw.pl\/wp-content\/uploads\/2023\/09\/image-1024x685.png 1024w, https:\/\/cmm.imgw.pl\/wp-content\/uploads\/2023\/09\/image-300x201.png 300w, https:\/\/cmm.imgw.pl\/wp-content\/uploads\/2023\/09\/image-768x514.png 768w, https:\/\/cmm.imgw.pl\/wp-content\/uploads\/2023\/09\/image.png 1300w\" sizes=\"(max-width: 1024px) 100vw, 1024px\" \/><\/figure><\/div>\n\n<p><strong>UPA\u0141 <\/strong><span class=\"ui-provider ed bel bem ben beo bep beq ber bes bet beu bev bew bex bey bez bfa bfb bfc bfd bfe bff bfg bfh bfi bfj bfk bfl bfm bfn bfo bfp bfq bfr bfs\" dir=\"ltr\">czy percepcja warunk\u00f3w termicznych to zagadnienia z\u0142o\u017cone<\/span>. I cho\u0107 podstaw ich wyja\u015bnienia i oceny nale\u017cy szuka\u0107 w\u015br\u00f3d nauk powi\u0105zanych z meteorologi\u0105 stosowan\u0105, biologi\u0105 czy fizjologi\u0105 cz\u0142owieka, to w uj\u0119ciu zachodz\u0105cych przeobra\u017ce\u0144 przestrzeni, polityki miejskiej czy wp\u0142ywu zmiany klimatu na sposoby funkcjonowania mieszka\u0144c\u00f3w Warszawy zagadnienie to ma istotne i wielowymiarowe spo\u0142eczne znaczenie.<\/p>\n<p><img loading=\"lazy\" width=\"1200\" height=\"800\" class=\"wp-image-37329 aligncenter\" src=\"http:\/\/cmm.imgw.pl\/wp-content\/uploads\/2023\/09\/ulica-prosta.jpeg\" alt=\"Ulica Prosta\" srcset=\"https:\/\/cmm.imgw.pl\/wp-content\/uploads\/2023\/09\/ulica-prosta.jpeg 1200w, https:\/\/cmm.imgw.pl\/wp-content\/uploads\/2023\/09\/ulica-prosta-300x200.jpeg 300w, https:\/\/cmm.imgw.pl\/wp-content\/uploads\/2023\/09\/ulica-prosta-1024x683.jpeg 1024w, https:\/\/cmm.imgw.pl\/wp-content\/uploads\/2023\/09\/ulica-prosta-768x512.jpeg 768w\" sizes=\"(max-width: 1200px) 100vw, 1200px\" \/><\/p>\n<p style=\"text-align: center;\">Ulica Prosta\u00a0(Fot. Mike Koza)<\/p>\n<p>Organizatorzy Wystawy zapraszaj\u0105 w podr\u00f3\u017c <em>po krainie gor\u0105ca<\/em>; od historii i\u00a0instrument\u00f3w do pomiaru temperatury powietrza w Warszawie, doniesie\u0144 prasowych, a nawet historycznych reklam produkt\u00f3w, przez artystyczne instalacje dotycz\u0105ce percepcji gor\u0105ca, emocji z nimi zwi\u0105zanych, zagadnie\u0144 problemowych, czy sposob\u00f3w radzenia sobie z obci\u0105\u017ceniem cieplnym. W zr\u00f3\u017cnicowanych miejskich przestrzeniach i z wykorzystaniem dost\u0119pnych technologii.<\/p>\n<p><img loading=\"lazy\" width=\"780\" height=\"293\" class=\"wp-image-37328 aligncenter\" src=\"http:\/\/cmm.imgw.pl\/wp-content\/uploads\/2023\/09\/festiwal-warszawa-w-budowie-zimno-juz-bylo-go2.jpeg\" alt=\"Festiwal WARSZAWA W BUDOWIE &quot;Zimno ju\u017c by\u0142o&quot; - Go2Warsaw.pl\" srcset=\"https:\/\/cmm.imgw.pl\/wp-content\/uploads\/2023\/09\/festiwal-warszawa-w-budowie-zimno-juz-bylo-go2.jpeg 780w, https:\/\/cmm.imgw.pl\/wp-content\/uploads\/2023\/09\/festiwal-warszawa-w-budowie-zimno-juz-bylo-go2-300x113.jpeg 300w, https:\/\/cmm.imgw.pl\/wp-content\/uploads\/2023\/09\/festiwal-warszawa-w-budowie-zimno-juz-bylo-go2-768x288.jpeg 768w\" sizes=\"(max-width: 780px) 100vw, 780px\" \/><\/p>\n<p style=\"text-align: center;\">Wystawa prezentowana w Muzeum Woli, Pa\u0142acyk Sikorskiego ul. Srebrna 12<\/p>\n<p>Tegoroczna edycja Festiwalu ma by\u0107 dobrym impulsem i s\u0142u\u017cy\u0107 nawi\u0105zaniu szerszej ni\u017c dotychczas dyskusji mi\u0119dzy mieszka\u0144cami czy u\u017cytkownikami przestrzeni miejskiej, a w\u0142adzami Warszawy na temat naszego przygotowania i strategii adaptacji do zachodz\u0105cej zmiany klimatu.<\/p>\n<p>Festiwalowi (22 wrze\u015bnia \u2013 22 pa\u017adziernika 2023 roku) towarzyszy bogaty kalendarz imprez, szczeg\u00f3\u0142owy program: <a href=\"https:\/\/muzeumwarszawy.pl\/festiwal-warszawa-w-budowie\/\" target=\"_blank\" rel=\"noopener\">https:\/\/muzeumwarszawy.pl\/festiwal-warszawa-w-budowie\/<\/a><\/p>\n<p>IMGW-PIB szczeg\u00f3lnie zaprasza 11 pa\u017adziernika (\u015broda), o godz. 11.00, na oprowadzanie po ogr\u00f3dku meteorologicznym Instytutu Meteorologii i Gospodarki Wodnej na ulic\u0119 Podle\u015bn\u0105 61 (wst\u0119p wolny) oraz 12 pa\u017adziernika (czwartek) o godz. 17:30 (bilety: 15 z\u0142\/10z\u0142) na oprowadzanie kuratorskie po wystawie (ul. Srebrna 12) z dr Joann\u0105 Wieczorek z Centrum Modelowana Meteorologicznego IMGW-PIB, specjalistk\u0105 w zakresie klimatologii fizjologicznej i biometeorologii.<\/p>","protected":false},"excerpt":{"rendered":"<p>Tegoroczna edycja Festiwalu ma by\u0107 dobrym impulsem i s\u0142u\u017cy\u0107 nawi\u0105zaniu szerszej ni\u017c dotychczas dyskusji mi\u0119dzy mieszka\u0144cami czy u\u017cytkownikami przestrzeni miejskiej, a w\u0142adzami Warszawy na temat naszego przygotowania i strategii adaptacji do zachodz\u0105cej zmiany klimatu.<\/p>\n","protected":false},"author":3,"featured_media":0,"comment_status":"closed","ping_status":"open","sticky":false,"template":"","format":"standard","meta":{"ocean_post_layout":"","ocean_both_sidebars_style":"","ocean_both_sidebars_content_width":0,"ocean_both_sidebars_sidebars_width":0,"ocean_sidebar":"0","ocean_second_sidebar":"0","ocean_disable_margins":"enable","ocean_add_body_class":"","ocean_shortcode_before_top_bar":"","ocean_shortcode_after_top_bar":"","ocean_shortcode_before_header":"","ocean_shortcode_after_header":"","ocean_has_shortcode":"","ocean_shortcode_after_title":"","ocean_shortcode_before_footer_widgets":"","ocean_shortcode_after_footer_widgets":"","ocean_shortcode_before_footer_bottom":"","ocean_shortcode_after_footer_bottom":"","ocean_display_top_bar":"off","ocean_display_header":"off","ocean_header_style":"","ocean_center_header_left_menu":"0","ocean_custom_header_template":"0","ocean_custom_logo":0,"ocean_custom_retina_logo":0,"ocean_custom_logo_max_width":0,"ocean_custom_logo_tablet_max_width":0,"ocean_custom_logo_mobile_max_width":0,"ocean_custom_logo_max_height":0,"ocean_custom_logo_tablet_max_height":0,"ocean_custom_logo_mobile_max_height":0,"ocean_header_custom_menu":"0","ocean_menu_typo_font_family":"0","ocean_menu_typo_font_subset":"","ocean_menu_typo_font_size":0,"ocean_menu_typo_font_size_tablet":0,"ocean_menu_typo_font_size_mobile":0,"ocean_menu_typo_font_size_unit":"px","ocean_menu_typo_font_weight":"","ocean_menu_typo_font_weight_tablet":"","ocean_menu_typo_font_weight_mobile":"","ocean_menu_typo_transform":"","ocean_menu_typo_transform_tablet":"","ocean_menu_typo_transform_mobile":"","ocean_menu_typo_line_height":0,"ocean_menu_typo_line_height_tablet":0,"ocean_menu_typo_line_height_mobile":0,"ocean_menu_typo_line_height_unit":"","ocean_menu_typo_spacing":0,"ocean_menu_typo_spacing_tablet":0,"ocean_menu_typo_spacing_mobile":0,"ocean_menu_typo_spacing_unit":"","ocean_menu_link_color":"","ocean_menu_link_color_hover":"","ocean_menu_link_color_active":"","ocean_menu_link_background":"","ocean_menu_link_hover_background":"","ocean_menu_link_active_background":"","ocean_menu_social_links_bg":"","ocean_menu_social_hover_links_bg":"","ocean_menu_social_links_color":"","ocean_menu_social_hover_links_color":"","ocean_disable_title":"default","ocean_disable_heading":"default","ocean_post_title":"","ocean_post_subheading":"","ocean_post_title_style":"","ocean_post_title_background_color":"","ocean_post_title_background":0,"ocean_post_title_bg_image_position":"","ocean_post_title_bg_image_attachment":"","ocean_post_title_bg_image_repeat":"","ocean_post_title_bg_image_size":"","ocean_post_title_height":0,"ocean_post_title_bg_overlay":0.5,"ocean_post_title_bg_overlay_color":"","ocean_disable_breadcrumbs":"default","ocean_breadcrumbs_color":"","ocean_breadcrumbs_separator_color":"","ocean_breadcrumbs_links_color":"","ocean_breadcrumbs_links_hover_color":"","ocean_display_footer_widgets":"default","ocean_display_footer_bottom":"default","ocean_custom_footer_template":"0","ocean_post_oembed":"","ocean_post_self_hosted_media":"","ocean_post_video_embed":"","ocean_link_format":"","ocean_link_format_target":"self","ocean_quote_format":"","ocean_quote_format_link":"post","ocean_gallery_link_images":"off","ocean_gallery_id":[]},"categories":[137],"tags":[238,236,85,230,237,65,235],"yoast_head":"<!-- This site is optimized with the Yoast SEO plugin v19.5.1 - https:\/\/yoast.com\/wordpress\/plugins\/seo\/ -->\n<title>IMGW-PIB jako patron wydarzenia zaprasza na wystaw\u0119 &quot;Zimno ju\u017c by\u0142o&quot; w ramach 15. edycji festiwalu WARSZAWA W BUDOWIE - Laboratorium Modelowania Meteorologicznego CMOK IMGW-PIB<\/title>\n<meta name=\"description\" content=\"Tegoroczna edycja Festiwalu ma by\u0107 dobrym impulsem i s\u0142u\u017cy\u0107 nawi\u0105zaniu szerszej ni\u017c dotychczas dyskusji mi\u0119dzy mieszka\u0144cami czy u\u017cytkownikami przestrzeni miejskiej, a w\u0142adzami Warszawy na temat naszego przygotowania i strategii adaptacji do zachodz\u0105cej zmiany klimatu.\" \/>\n<meta name=\"robots\" content=\"index, follow, max-snippet:-1, max-image-preview:large, max-video-preview:-1\" \/>\n<link rel=\"canonical\" href=\"https:\/\/cmm.imgw.pl\/?p=37327\" \/>\n<meta property=\"og:locale\" content=\"pl_PL\" \/>\n<meta property=\"og:type\" content=\"article\" \/>\n<meta property=\"og:title\" content=\"IMGW-PIB jako patron wydarzenia zaprasza na wystaw\u0119 &quot;Zimno ju\u017c by\u0142o&quot; w ramach 15. edycji festiwalu WARSZAWA W BUDOWIE\" \/>\n<meta property=\"og:description\" content=\"Tegoroczna edycja Festiwalu ma by\u0107 dobrym impulsem i s\u0142u\u017cy\u0107 nawi\u0105zaniu szerszej ni\u017c dotychczas dyskusji mi\u0119dzy mieszka\u0144cami czy u\u017cytkownikami przestrzeni miejskiej, a w\u0142adzami Warszawy na temat naszego przygotowania i strategii adaptacji do zachodz\u0105cej zmiany klimatu.\" \/>\n<meta property=\"og:url\" content=\"https:\/\/cmm.imgw.pl\/?p=37327\" \/>\n<meta property=\"og:site_name\" content=\"Laboratorium Modelowania Meteorologicznego CMOK IMGW-PIB\" \/>\n<meta property=\"article:publisher\" content=\"https:\/\/www.facebook.com\/Meteoimgw\/\" \/>\n<meta property=\"article:published_time\" content=\"2023-09-24T18:17:12+00:00\" \/>\n<meta property=\"article:modified_time\" content=\"2023-09-26T09:07:40+00:00\" \/>\n<meta property=\"og:image\" content=\"http:\/\/cmm.imgw.pl\/wp-content\/uploads\/2023\/09\/ulica-prosta.jpeg\" \/>\n\t<meta property=\"og:image:width\" content=\"1200\" \/>\n\t<meta property=\"og:image:height\" content=\"800\" \/>\n\t<meta property=\"og:image:type\" content=\"image\/jpeg\" \/>\n<meta name=\"author\" content=\"CMM\" \/>\n<meta name=\"twitter:card\" content=\"summary_large_image\" \/>\n<meta name=\"twitter:title\" content=\"IMGW-PIB jako patron wydarzenia zaprasza na wystaw\u0119 &quot;Zimno ju\u017c by\u0142o&quot; w ramach 15. edycji festiwalu WARSZAWA W BUDOWIE\" \/>\n<meta name=\"twitter:description\" content=\"Tegoroczna edycja Festiwalu ma by\u0107 dobrym impulsem i s\u0142u\u017cy\u0107 nawi\u0105zaniu szerszej ni\u017c dotychczas dyskusji mi\u0119dzy mieszka\u0144cami czy u\u017cytkownikami przestrzeni miejskiej, a w\u0142adzami Warszawy na temat naszego przygotowania i strategii adaptacji do zachodz\u0105cej zmiany klimatu.\" \/>\n<meta name=\"twitter:image\" content=\"https:\/\/cmm.imgw.pl\/wp-content\/uploads\/2023\/09\/ulica-prosta.jpeg\" \/>\n<meta name=\"twitter:creator\" content=\"@IMGW_CMM\" \/>\n<meta name=\"twitter:site\" content=\"@IMGW_CMM\" \/>\n<meta name=\"twitter:label1\" content=\"Napisane przez\" \/>\n\t<meta name=\"twitter:data1\" content=\"CMM\" \/>\n\t<meta name=\"twitter:label2\" content=\"Szacowany czas czytania\" \/>\n\t<meta name=\"twitter:data2\" content=\"1 minuta\" \/>\n<script type=\"application\/ld+json\" class=\"yoast-schema-graph\">{\"@context\":\"https:\/\/schema.org\",\"@graph\":[{\"@type\":\"Article\",\"@id\":\"https:\/\/cmm.imgw.pl\/?p=37327#article\",\"isPartOf\":{\"@id\":\"https:\/\/cmm.imgw.pl\/?p=37327\"},\"author\":{\"name\":\"CMM\",\"@id\":\"https:\/\/cmm.imgw.pl\/#\/schema\/person\/a24a37fe434fe76b0f5791e6bd3fdb46\"},\"headline\":\"IMGW-PIB jako patron wydarzenia zaprasza na wystaw\u0119 &#8222;Zimno ju\u017c by\u0142o&#8221; w ramach 15. edycji festiwalu WARSZAWA W BUDOWIE\",\"datePublished\":\"2023-09-24T18:17:12+00:00\",\"dateModified\":\"2023-09-26T09:07:40+00:00\",\"mainEntityOfPage\":{\"@id\":\"https:\/\/cmm.imgw.pl\/?p=37327\"},\"wordCount\":282,\"publisher\":{\"@id\":\"https:\/\/cmm.imgw.pl\/#organization\"},\"keywords\":[\"budowa\",\"festiwal\",\"imgw\",\"IMGWCMM\",\"patron\",\"upa\u0142\",\"Warszawa\"],\"articleSection\":[\"Info\"],\"inLanguage\":\"pl-PL\"},{\"@type\":\"WebPage\",\"@id\":\"https:\/\/cmm.imgw.pl\/?p=37327\",\"url\":\"https:\/\/cmm.imgw.pl\/?p=37327\",\"name\":\"IMGW-PIB jako patron wydarzenia zaprasza na wystaw\u0119 \\\"Zimno ju\u017c by\u0142o\\\" w ramach 15. edycji festiwalu WARSZAWA W BUDOWIE - Laboratorium Modelowania Meteorologicznego CMOK IMGW-PIB\",\"isPartOf\":{\"@id\":\"https:\/\/cmm.imgw.pl\/#website\"},\"datePublished\":\"2023-09-24T18:17:12+00:00\",\"dateModified\":\"2023-09-26T09:07:40+00:00\",\"description\":\"Tegoroczna edycja Festiwalu ma by\u0107 dobrym impulsem i s\u0142u\u017cy\u0107 nawi\u0105zaniu szerszej ni\u017c dotychczas dyskusji mi\u0119dzy mieszka\u0144cami czy u\u017cytkownikami przestrzeni miejskiej, a w\u0142adzami Warszawy na temat naszego przygotowania i strategii adaptacji do zachodz\u0105cej zmiany klimatu.\",\"breadcrumb\":{\"@id\":\"https:\/\/cmm.imgw.pl\/?p=37327#breadcrumb\"},\"inLanguage\":\"pl-PL\",\"potentialAction\":[{\"@type\":\"ReadAction\",\"target\":[\"https:\/\/cmm.imgw.pl\/?p=37327\"]}]},{\"@type\":\"BreadcrumbList\",\"@id\":\"https:\/\/cmm.imgw.pl\/?p=37327#breadcrumb\",\"itemListElement\":[{\"@type\":\"ListItem\",\"position\":1,\"name\":\"Home\",\"item\":\"https:\/\/cmm.imgw.pl\/\"},{\"@type\":\"ListItem\",\"position\":2,\"name\":\"IMGW-PIB jako patron wydarzenia zaprasza na wystaw\u0119 &#8220;Zimno ju\u017c by\u0142o&#8221; w ramach 15. edycji festiwalu WARSZAWA W BUDOWIE\"}]},{\"@type\":\"WebSite\",\"@id\":\"https:\/\/cmm.imgw.pl\/#website\",\"url\":\"https:\/\/cmm.imgw.pl\/\",\"name\":\"Laboratorium Modelowania Meteorologicznego CMOK IMGW-PIB\",\"description\":\"CMOK-LMM Laboratorium pe\u0142ni pa\u0144stwow\u0105 s\u0142u\u017cb\u0119 hydrologiczno-meteorologiczn\u0105 w zakresie numerycznych prognoz pogody, kt\u00f3rego zadaniem jest konsolidacja kompetencji w obszarze modelowania zjawisk pogodowych oraz dalszego rozwoju numerycznych modeli pogody (NMP).\",\"publisher\":{\"@id\":\"https:\/\/cmm.imgw.pl\/#organization\"},\"potentialAction\":[{\"@type\":\"SearchAction\",\"target\":{\"@type\":\"EntryPoint\",\"urlTemplate\":\"https:\/\/cmm.imgw.pl\/?s={search_term_string}\"},\"query-input\":\"required name=search_term_string\"}],\"inLanguage\":\"pl-PL\"},{\"@type\":\"Organization\",\"@id\":\"https:\/\/cmm.imgw.pl\/#organization\",\"name\":\"Laboratorium Modelowania Meteorologicznego CMOK IMGW-PIB\",\"url\":\"https:\/\/cmm.imgw.pl\/\",\"sameAs\":[\"https:\/\/www.facebook.com\/Meteoimgw\/\",\"https:\/\/twitter.com\/IMGW_CMM\"],\"logo\":{\"@type\":\"ImageObject\",\"inLanguage\":\"pl-PL\",\"@id\":\"https:\/\/cmm.imgw.pl\/#\/schema\/logo\/image\/\",\"url\":\"https:\/\/cmm.imgw.pl\/wp-content\/uploads\/2025\/10\/MODELE_LOGO_UNIFIKACJA_v2.png\",\"contentUrl\":\"https:\/\/cmm.imgw.pl\/wp-content\/uploads\/2025\/10\/MODELE_LOGO_UNIFIKACJA_v2.png\",\"width\":1356,\"height\":365,\"caption\":\"Laboratorium Modelowania Meteorologicznego CMOK IMGW-PIB\"},\"image\":{\"@id\":\"https:\/\/cmm.imgw.pl\/#\/schema\/logo\/image\/\"}},{\"@type\":\"Person\",\"@id\":\"https:\/\/cmm.imgw.pl\/#\/schema\/person\/a24a37fe434fe76b0f5791e6bd3fdb46\",\"name\":\"CMM\",\"image\":{\"@type\":\"ImageObject\",\"inLanguage\":\"pl-PL\",\"@id\":\"https:\/\/cmm.imgw.pl\/#\/schema\/person\/image\/\",\"url\":\"https:\/\/secure.gravatar.com\/avatar\/9248ea2273711f1cd09d6bd45867dbfb?s=96&d=blank&r=g\",\"contentUrl\":\"https:\/\/secure.gravatar.com\/avatar\/9248ea2273711f1cd09d6bd45867dbfb?s=96&d=blank&r=g\",\"caption\":\"CMM\"},\"sameAs\":[\"http:\/\/cmm.imgw.pl\"],\"url\":\"https:\/\/cmm.imgw.pl\/?author=3\"}]}<\/script>\n<!-- \/ Yoast SEO plugin. -->","yoast_head_json":{"title":"IMGW-PIB jako patron wydarzenia zaprasza na wystaw\u0119 \"Zimno ju\u017c by\u0142o\" w ramach 15. edycji festiwalu WARSZAWA W BUDOWIE - Laboratorium Modelowania Meteorologicznego CMOK IMGW-PIB","description":"Tegoroczna edycja Festiwalu ma by\u0107 dobrym impulsem i s\u0142u\u017cy\u0107 nawi\u0105zaniu szerszej ni\u017c dotychczas dyskusji mi\u0119dzy mieszka\u0144cami czy u\u017cytkownikami przestrzeni miejskiej, a w\u0142adzami Warszawy na temat naszego przygotowania i strategii adaptacji do zachodz\u0105cej zmiany klimatu.","robots":{"index":"index","follow":"follow","max-snippet":"max-snippet:-1","max-image-preview":"max-image-preview:large","max-video-preview":"max-video-preview:-1"},"canonical":"https:\/\/cmm.imgw.pl\/?p=37327","og_locale":"pl_PL","og_type":"article","og_title":"IMGW-PIB jako patron wydarzenia zaprasza na wystaw\u0119 \"Zimno ju\u017c by\u0142o\" w ramach 15. edycji festiwalu WARSZAWA W BUDOWIE","og_description":"Tegoroczna edycja Festiwalu ma by\u0107 dobrym impulsem i s\u0142u\u017cy\u0107 nawi\u0105zaniu szerszej ni\u017c dotychczas dyskusji mi\u0119dzy mieszka\u0144cami czy u\u017cytkownikami przestrzeni miejskiej, a w\u0142adzami Warszawy na temat naszego przygotowania i strategii adaptacji do zachodz\u0105cej zmiany klimatu.","og_url":"https:\/\/cmm.imgw.pl\/?p=37327","og_site_name":"Laboratorium Modelowania Meteorologicznego CMOK IMGW-PIB","article_publisher":"https:\/\/www.facebook.com\/Meteoimgw\/","article_published_time":"2023-09-24T18:17:12+00:00","article_modified_time":"2023-09-26T09:07:40+00:00","og_image":[{"width":1200,"height":800,"url":"http:\/\/cmm.imgw.pl\/wp-content\/uploads\/2023\/09\/ulica-prosta.jpeg","type":"image\/jpeg"}],"author":"CMM","twitter_card":"summary_large_image","twitter_title":"IMGW-PIB jako patron wydarzenia zaprasza na wystaw\u0119 \"Zimno ju\u017c by\u0142o\" w ramach 15. edycji festiwalu WARSZAWA W BUDOWIE","twitter_description":"Tegoroczna edycja Festiwalu ma by\u0107 dobrym impulsem i s\u0142u\u017cy\u0107 nawi\u0105zaniu szerszej ni\u017c dotychczas dyskusji mi\u0119dzy mieszka\u0144cami czy u\u017cytkownikami przestrzeni miejskiej, a w\u0142adzami Warszawy na temat naszego przygotowania i strategii adaptacji do zachodz\u0105cej zmiany klimatu.","twitter_image":"https:\/\/cmm.imgw.pl\/wp-content\/uploads\/2023\/09\/ulica-prosta.jpeg","twitter_creator":"@IMGW_CMM","twitter_site":"@IMGW_CMM","twitter_misc":{"Napisane przez":"CMM","Szacowany czas czytania":"1 minuta"},"schema":{"@context":"https:\/\/schema.org","@graph":[{"@type":"Article","@id":"https:\/\/cmm.imgw.pl\/?p=37327#article","isPartOf":{"@id":"https:\/\/cmm.imgw.pl\/?p=37327"},"author":{"name":"CMM","@id":"https:\/\/cmm.imgw.pl\/#\/schema\/person\/a24a37fe434fe76b0f5791e6bd3fdb46"},"headline":"IMGW-PIB jako patron wydarzenia zaprasza na wystaw\u0119 &#8222;Zimno ju\u017c by\u0142o&#8221; w ramach 15. edycji festiwalu WARSZAWA W BUDOWIE","datePublished":"2023-09-24T18:17:12+00:00","dateModified":"2023-09-26T09:07:40+00:00","mainEntityOfPage":{"@id":"https:\/\/cmm.imgw.pl\/?p=37327"},"wordCount":282,"publisher":{"@id":"https:\/\/cmm.imgw.pl\/#organization"},"keywords":["budowa","festiwal","imgw","IMGWCMM","patron","upa\u0142","Warszawa"],"articleSection":["Info"],"inLanguage":"pl-PL"},{"@type":"WebPage","@id":"https:\/\/cmm.imgw.pl\/?p=37327","url":"https:\/\/cmm.imgw.pl\/?p=37327","name":"IMGW-PIB jako patron wydarzenia zaprasza na wystaw\u0119 \"Zimno ju\u017c by\u0142o\" w ramach 15. edycji festiwalu WARSZAWA W BUDOWIE - Laboratorium Modelowania Meteorologicznego CMOK IMGW-PIB","isPartOf":{"@id":"https:\/\/cmm.imgw.pl\/#website"},"datePublished":"2023-09-24T18:17:12+00:00","dateModified":"2023-09-26T09:07:40+00:00","description":"Tegoroczna edycja Festiwalu ma by\u0107 dobrym impulsem i s\u0142u\u017cy\u0107 nawi\u0105zaniu szerszej ni\u017c dotychczas dyskusji mi\u0119dzy mieszka\u0144cami czy u\u017cytkownikami przestrzeni miejskiej, a w\u0142adzami Warszawy na temat naszego przygotowania i strategii adaptacji do zachodz\u0105cej zmiany klimatu.","breadcrumb":{"@id":"https:\/\/cmm.imgw.pl\/?p=37327#breadcrumb"},"inLanguage":"pl-PL","potentialAction":[{"@type":"ReadAction","target":["https:\/\/cmm.imgw.pl\/?p=37327"]}]},{"@type":"BreadcrumbList","@id":"https:\/\/cmm.imgw.pl\/?p=37327#breadcrumb","itemListElement":[{"@type":"ListItem","position":1,"name":"Home","item":"https:\/\/cmm.imgw.pl\/"},{"@type":"ListItem","position":2,"name":"IMGW-PIB jako patron wydarzenia zaprasza na wystaw\u0119 &#8220;Zimno ju\u017c by\u0142o&#8221; w ramach 15. edycji festiwalu WARSZAWA W BUDOWIE"}]},{"@type":"WebSite","@id":"https:\/\/cmm.imgw.pl\/#website","url":"https:\/\/cmm.imgw.pl\/","name":"Laboratorium Modelowania Meteorologicznego CMOK IMGW-PIB","description":"CMOK-LMM Laboratorium pe\u0142ni pa\u0144stwow\u0105 s\u0142u\u017cb\u0119 hydrologiczno-meteorologiczn\u0105 w zakresie numerycznych prognoz pogody, kt\u00f3rego zadaniem jest konsolidacja kompetencji w obszarze modelowania zjawisk pogodowych oraz dalszego rozwoju numerycznych modeli pogody (NMP).","publisher":{"@id":"https:\/\/cmm.imgw.pl\/#organization"},"potentialAction":[{"@type":"SearchAction","target":{"@type":"EntryPoint","urlTemplate":"https:\/\/cmm.imgw.pl\/?s={search_term_string}"},"query-input":"required name=search_term_string"}],"inLanguage":"pl-PL"},{"@type":"Organization","@id":"https:\/\/cmm.imgw.pl\/#organization","name":"Laboratorium Modelowania Meteorologicznego CMOK IMGW-PIB","url":"https:\/\/cmm.imgw.pl\/","sameAs":["https:\/\/www.facebook.com\/Meteoimgw\/","https:\/\/twitter.com\/IMGW_CMM"],"logo":{"@type":"ImageObject","inLanguage":"pl-PL","@id":"https:\/\/cmm.imgw.pl\/#\/schema\/logo\/image\/","url":"https:\/\/cmm.imgw.pl\/wp-content\/uploads\/2025\/10\/MODELE_LOGO_UNIFIKACJA_v2.png","contentUrl":"https:\/\/cmm.imgw.pl\/wp-content\/uploads\/2025\/10\/MODELE_LOGO_UNIFIKACJA_v2.png","width":1356,"height":365,"caption":"Laboratorium Modelowania Meteorologicznego CMOK IMGW-PIB"},"image":{"@id":"https:\/\/cmm.imgw.pl\/#\/schema\/logo\/image\/"}},{"@type":"Person","@id":"https:\/\/cmm.imgw.pl\/#\/schema\/person\/a24a37fe434fe76b0f5791e6bd3fdb46","name":"CMM","image":{"@type":"ImageObject","inLanguage":"pl-PL","@id":"https:\/\/cmm.imgw.pl\/#\/schema\/person\/image\/","url":"https:\/\/secure.gravatar.com\/avatar\/9248ea2273711f1cd09d6bd45867dbfb?s=96&d=blank&r=g","contentUrl":"https:\/\/secure.gravatar.com\/avatar\/9248ea2273711f1cd09d6bd45867dbfb?s=96&d=blank&r=g","caption":"CMM"},"sameAs":["http:\/\/cmm.imgw.pl"],"url":"https:\/\/cmm.imgw.pl\/?author=3"}]}},"_links":{"self":[{"href":"https:\/\/cmm.imgw.pl\/index.php?rest_route=\/wp\/v2\/posts\/37327"}],"collection":[{"href":"https:\/\/cmm.imgw.pl\/index.php?rest_route=\/wp\/v2\/posts"}],"about":[{"href":"https:\/\/cmm.imgw.pl\/index.php?rest_route=\/wp\/v2\/types\/post"}],"author":[{"embeddable":true,"href":"https:\/\/cmm.imgw.pl\/index.php?rest_route=\/wp\/v2\/users\/3"}],"replies":[{"embeddable":true,"href":"https:\/\/cmm.imgw.pl\/index.php?rest_route=%2Fwp%2Fv2%2Fcomments&post=37327"}],"version-history":[{"count":4,"href":"https:\/\/cmm.imgw.pl\/index.php?rest_route=\/wp\/v2\/posts\/37327\/revisions"}],"predecessor-version":[{"id":37335,"href":"https:\/\/cmm.imgw.pl\/index.php?rest_route=\/wp\/v2\/posts\/37327\/revisions\/37335"}],"wp:attachment":[{"href":"https:\/\/cmm.imgw.pl\/index.php?rest_route=%2Fwp%2Fv2%2Fmedia&parent=37327"}],"wp:term":[{"taxonomy":"category","embeddable":true,"href":"https:\/\/cmm.imgw.pl\/index.php?rest_route=%2Fwp%2Fv2%2Fcategories&post=37327"},{"taxonomy":"post_tag","embeddable":true,"href":"https:\/\/cmm.imgw.pl\/index.php?rest_route=%2Fwp%2Fv2%2Ftags&post=37327"}],"curies":[{"name":"wp","href":"https:\/\/api.w.org\/{rel}","templated":true}]}}