{"id":35180,"date":"2023-07-31T07:53:45","date_gmt":"2023-07-31T05:53:45","guid":{"rendered":"https:\/\/cmm.imgw.pl\/?p=35180"},"modified":"2023-07-31T07:53:46","modified_gmt":"2023-07-31T05:53:46","slug":"geneza-i-charakter-zjawiska-airglow","status":"publish","type":"post","link":"https:\/\/cmm.imgw.pl\/?p=35180","title":{"rendered":"Geneza i charakter zjawiska airglow"},"content":{"rendered":"<div class=\"wp-block-image\">\n<figure class=\"aligncenter\"><img loading=\"lazy\" width=\"1385\" height=\"449\" src=\"http:\/\/cmm.imgw.pl\/wp-content\/uploads\/2023\/07\/word-image-35180-6.jpeg\" alt=\"\" class=\"wp-image-35186\" srcset=\"https:\/\/cmm.imgw.pl\/wp-content\/uploads\/2023\/07\/word-image-35180-6.jpeg 1385w, https:\/\/cmm.imgw.pl\/wp-content\/uploads\/2023\/07\/word-image-35180-6-300x97.jpeg 300w, https:\/\/cmm.imgw.pl\/wp-content\/uploads\/2023\/07\/word-image-35180-6-1024x332.jpeg 1024w, https:\/\/cmm.imgw.pl\/wp-content\/uploads\/2023\/07\/word-image-35180-6-768x249.jpeg 768w\" sizes=\"(max-width: 1385px) 100vw, 1385px\" \/><\/figure><\/div>\n\n<p>\u00a0<\/p>\n<p>Opracowanie: dr Marcin Kolonko, IMGW-PIB CMM<\/p>\n<p>Obserwator zjawisk na sferze niebieskiej poszukuje zazwyczaj jak najciemniejszego miejsca, wolnego od ska\u017cenia \u015bwiat\u0142em generowanym przez cz\u0142owieka. Temu pomagaj\u0105 mapy rozk\u0142adu zanieczyszcze\u0144 \u015bwietlnych i pr\u00f3by ograniczenia emisji \u015bwiat\u0142a ze \u017ar\u00f3de\u0142 sztucznych, takich jak np. latarnie uliczne.<\/p>\n<p style=\"text-align: center;\"><img loading=\"lazy\" width=\"330\" height=\"214\" class=\"wp-image-35181 aligncenter\" src=\"http:\/\/cmm.imgw.pl\/wp-content\/uploads\/2023\/07\/obraz-zawierajacy-niebo-gwiazda-na-wolnym-powiet.jpeg\" alt=\"Obraz zawieraj\u0105cy niebo, gwiazda, na wolnym powietrzu, konstelacja\n\nOpis wygenerowany automatycznie\" srcset=\"https:\/\/cmm.imgw.pl\/wp-content\/uploads\/2023\/07\/obraz-zawierajacy-niebo-gwiazda-na-wolnym-powiet.jpeg 330w, https:\/\/cmm.imgw.pl\/wp-content\/uploads\/2023\/07\/obraz-zawierajacy-niebo-gwiazda-na-wolnym-powiet-300x195.jpeg 300w\" sizes=\"(max-width: 330px) 100vw, 330px\" \/> Zjawisko airglow nad po\u0142udniow\u0105 Francj\u0105 (region Auvergne). \u0179r\u00f3d\u0142o: Clame Reporter.<\/p>\n<p>Nawet, je\u015bli zdo\u0142amy si\u0119 pozby\u0107 niepo\u017c\u0105danego sk\u0142adnika zanieczyszczenia \u015bwiat\u0142em (jad\u0105c na przyk\u0142ad w Bieszczady, na Mazury albo do kt\u00f3rego\u015b z innych park\u00f3w ciemnego nieba), to pozostan\u0105 nam czynniki naturalne, zwi\u0105zane z naturalnym rytmem przyrody i Kosmosu.<\/p>\n<p>Zaliczamy do nich nie tylko \u015bwiat\u0142o s\u0142oneczne czy blask Ksi\u0119\u017cyca i planet. Tak\u017ce \u015bwiat\u0142o zodiakalne (czyli \u015bwiecenie materii w p\u0142aszczy\u017anie uk\u0142adu s\u0142onecznego \u2013 ekliptyce), kt\u00f3rego \u017ar\u00f3d\u0142o rozci\u0105ga si\u0119 nawet do miliard kilometr\u00f3w od S\u0142o\u0144ca. Oko wprawnego obserwatora powinno je w sprzyjaj\u0105cych warunkach wychwyci\u0107.<\/p>\n<p style=\"text-align: center;\"><img loading=\"lazy\" width=\"441\" height=\"788\" class=\"wp-image-35182 aligncenter\" src=\"http:\/\/cmm.imgw.pl\/wp-content\/uploads\/2023\/07\/obraz-zawierajacy-niebo-na-wolnym-powietrzu-obie.jpeg\" alt=\"Obraz zawieraj\u0105cy niebo, na wolnym powietrzu, Obiekt astronomiczny, astronomia\n\nOpis wygenerowany automatycznie\" srcset=\"https:\/\/cmm.imgw.pl\/wp-content\/uploads\/2023\/07\/obraz-zawierajacy-niebo-na-wolnym-powietrzu-obie.jpeg 441w, https:\/\/cmm.imgw.pl\/wp-content\/uploads\/2023\/07\/obraz-zawierajacy-niebo-na-wolnym-powietrzu-obie-168x300.jpeg 168w\" sizes=\"(max-width: 441px) 100vw, 441px\" \/> \u015awiat\u0142o zodiakalne najlepiej obserwowa\u0107 wiosn\u0105 po zachodzie S\u0142o\u0144ca na zachodniej cz\u0119\u015bci nieba a jesieni\u0105 przed wschodem, w kierunku cz\u0119\u015bci horyzontu zza kt\u00f3rej wyjdzie S\u0142o\u0144ce. \u0179r\u00f3d\u0142o: Wikipedia.<\/p>\n<p>Opr\u00f3cz \u015bwiat\u0142a zodiakalnego mamy tak\u017ce zorze polarne \u2013 strumie\u0144 na\u0142adowanych cz\u0105stek, kt\u00f3ry wpada w ziemskie pole magnetyczne, biegnie po krzywym torze i \u015bwieci (na zielono, czerwono lub niebiesko \u2013 w zale\u017cno\u015bci od rodzaju cz\u0105stek).<\/p>\n<p style=\"text-align: center;\"><img loading=\"lazy\" width=\"1280\" height=\"720\" class=\"wp-image-35183 aligncenter\" src=\"http:\/\/cmm.imgw.pl\/wp-content\/uploads\/2023\/07\/obraz-zawierajacy-tekst-zrzut-ekranu-opis-wygene.jpeg\" alt=\"Obraz zawieraj\u0105cy tekst, zrzut ekranu\n\nOpis wygenerowany automatycznie\" srcset=\"https:\/\/cmm.imgw.pl\/wp-content\/uploads\/2023\/07\/obraz-zawierajacy-tekst-zrzut-ekranu-opis-wygene.jpeg 1280w, https:\/\/cmm.imgw.pl\/wp-content\/uploads\/2023\/07\/obraz-zawierajacy-tekst-zrzut-ekranu-opis-wygene-300x169.jpeg 300w, https:\/\/cmm.imgw.pl\/wp-content\/uploads\/2023\/07\/obraz-zawierajacy-tekst-zrzut-ekranu-opis-wygene-1024x576.jpeg 1024w, https:\/\/cmm.imgw.pl\/wp-content\/uploads\/2023\/07\/obraz-zawierajacy-tekst-zrzut-ekranu-opis-wygene-768x432.jpeg 768w, https:\/\/cmm.imgw.pl\/wp-content\/uploads\/2023\/07\/obraz-zawierajacy-tekst-zrzut-ekranu-opis-wygene-800x450.jpeg 800w\" sizes=\"(max-width: 1280px) 100vw, 1280px\" \/> Uk\u0142ad pionowy atmosfery Ziemi, z oznaczeniem powstawania r\u00f3\u017cnych rodzaj\u00f3w \u015bwiecenia nocnego (nadfioletowego, czerwonego i zielonkawego). Poni\u017cej mezosfera (tam, gdzie wyst\u0119puj\u0105 ob\u0142oki srebrzyste), stratosfera i troposfera. \u0179r\u00f3d\u0142o: Wikipedia.<\/p>\n<p>Mamy tak\u017ce meteory, drobne cz\u0105stki materii wpadaj\u0105ce z wysok\u0105 pr\u0119dko\u015bci\u0105 (11-70 km\/s) w g\u00f3rn\u0105 atmosfer\u0119 Ziemi, \u201epchaj\u0105ce\u201d przed sob\u0105 rozgrzane powietrze i od niego ulegaj\u0105ce nagrzaniu i stopieniu (zwanego tak\u017ce ablacj\u0105). Przelot i rozb\u0142ysk meteoru trwa zazwyczaj u\u0142amki sekund.<\/p>\n<p style=\"text-align: center;\"><img loading=\"lazy\" width=\"1152\" height=\"706\" class=\"wp-image-35184 aligncenter\" src=\"http:\/\/cmm.imgw.pl\/wp-content\/uploads\/2023\/07\/obraz-zawierajacy-miejsce-parkingowe-przestrzen-p.jpeg\" alt=\"Obraz zawieraj\u0105cy miejsce parkingowe\/przestrze\u0144, Przestrze\u0144 kosmiczna, Obiekt astronomiczny, Wszech\u015bwiat\n\nOpis wygenerowany automatycznie\" srcset=\"https:\/\/cmm.imgw.pl\/wp-content\/uploads\/2023\/07\/obraz-zawierajacy-miejsce-parkingowe-przestrzen-p.jpeg 1152w, https:\/\/cmm.imgw.pl\/wp-content\/uploads\/2023\/07\/obraz-zawierajacy-miejsce-parkingowe-przestrzen-p-300x184.jpeg 300w, https:\/\/cmm.imgw.pl\/wp-content\/uploads\/2023\/07\/obraz-zawierajacy-miejsce-parkingowe-przestrzen-p-1024x628.jpeg 1024w, https:\/\/cmm.imgw.pl\/wp-content\/uploads\/2023\/07\/obraz-zawierajacy-miejsce-parkingowe-przestrzen-p-768x471.jpeg 768w\" sizes=\"(max-width: 1152px) 100vw, 1152px\" \/> Widok meteoru ze stacji kosmicznej. Pomara\u0144czowa granica oddziela atmosfer\u0119 od kosmosu i jest miejscem powstawania \u015bwiecenia nocnego. \u0179r\u00f3d\u0142o: NASA.<\/p>\n<p>A\u017c wreszcie dochodzimy do kolejnego zjawiska, zlokalizowanego na kraw\u0119dzi atmosfery i Kosmosu, zwanej te\u017c termosfer\u0105. Jest usytuowany wy\u017cej ni\u017c miejsce wyst\u0119powania meteor\u00f3w czyli g\u0142\u0119biej w Kosmosie, ale wci\u0105\u017c zwi\u0105zany z atmosfer\u0105 Ziemi (zjawisko odkryto tak\u017ce na Wenus).<\/p>\n<p style=\"text-align: center;\"><img loading=\"lazy\" width=\"512\" height=\"512\" class=\"wp-image-35185 aligncenter\" src=\"http:\/\/cmm.imgw.pl\/wp-content\/uploads\/2023\/07\/obraz-zawierajacy-zrzut-ekranu-tekst-grafika-li.png\" alt=\"Obraz zawieraj\u0105cy zrzut ekranu, tekst, Grafika, linia\n\nOpis wygenerowany automatycznie\" srcset=\"https:\/\/cmm.imgw.pl\/wp-content\/uploads\/2023\/07\/obraz-zawierajacy-zrzut-ekranu-tekst-grafika-li.png 512w, https:\/\/cmm.imgw.pl\/wp-content\/uploads\/2023\/07\/obraz-zawierajacy-zrzut-ekranu-tekst-grafika-li-300x300.png 300w, https:\/\/cmm.imgw.pl\/wp-content\/uploads\/2023\/07\/obraz-zawierajacy-zrzut-ekranu-tekst-grafika-li-150x150.png 150w\" sizes=\"(max-width: 512px) 100vw, 512px\" \/> Obrazy atmosfery Wenus z sondy Venus Express. Na g\u00f3rnym panelu \u015bwiecenie tlenu, na dolnym \u2013 tlenku azotu (uchwycone przez spektrometr VIRTIS). \u0179r\u00f3d\u0142o: ESA.<\/p>\n<p>Nazywa si\u0119 go airglow (dos\u0142ownie: \u015bwiecenie powietrza) lub nightglow (po\u015bwiata nocna). Airglow jest wywo\u0142ane m.in. promieniowaniem UV ze s\u0142o\u0144ca. Jest nieco podobne kolorystyk\u0105 do zorzy, ale mniej dynamiczne. I powstaje nieco inaczej. Zgodnie z podr\u0119cznikami, jest ono mieszank\u0105 luminescencji (promieniami kosmicznymi uderzaj\u0105cymi w atmosfer\u0119), rekombinacji atom\u00f3w (kt\u00f3re podleg\u0142y fotojonizacji w trakcie poprzedzaj\u0105cego dnia) i chemiluminescencji (kt\u00f3rego najbardziej namacaln\u0105 odmian\u0105 jest \u015bwiecenie fosforu w nocy).<\/p>\n<p style=\"text-align: center;\"><img loading=\"lazy\" width=\"1385\" height=\"449\" class=\"wp-image-35186 aligncenter\" src=\"http:\/\/cmm.imgw.pl\/wp-content\/uploads\/2023\/07\/word-image-35180-6.jpeg\" srcset=\"https:\/\/cmm.imgw.pl\/wp-content\/uploads\/2023\/07\/word-image-35180-6.jpeg 1385w, https:\/\/cmm.imgw.pl\/wp-content\/uploads\/2023\/07\/word-image-35180-6-300x97.jpeg 300w, https:\/\/cmm.imgw.pl\/wp-content\/uploads\/2023\/07\/word-image-35180-6-1024x332.jpeg 1024w, https:\/\/cmm.imgw.pl\/wp-content\/uploads\/2023\/07\/word-image-35180-6-768x249.jpeg 768w\" sizes=\"(max-width: 1385px) 100vw, 1385px\" \/> Droga Mleczna (jasny \u0142uk, w uj\u0119ciu obiektywu szerokok\u0105tnego) i \u015bwiecenie nocna (przy horyzoncie, czerwone i zielone) nad jednym z teleskop\u00f3w Europejskiego Obserwatorium Po\u0142udniowego. \u0179r\u00f3d\u0142o: P. Horalek\/ESO.<\/p>\n<p>Rekombinacja atom\u00f3w w g\u00f3rnej atmosferze jest nast\u0119pstwem wcze\u015bniejszej ich jonizacji a nast\u0119pnie \u0142\u0105czenia si\u0119 z powrotem w cz\u0105steczki, np. tlenku azotu (NO), przy jednoczesnej emisji foton\u00f3w o konkretnych cz\u0119stotliwo\u015bciach. Chemiluminescencja to reakcja atom\u00f3w azotu i tlenu z OH (hydroksylem). Mog\u0105 powstawa\u0107 te\u017c inne pierwiastki, takie jak tlen, s\u00f3d czy lit. Ka\u017cda z nich ma sw\u00f3j specyficzny kolor (cz\u0119sto\u015b\u0107 emisji), zale\u017cny od r\u00f3\u017cnicy energii mi\u0119dzy dwoma poziomami atomowymi.<\/p>\n<p style=\"text-align: center;\"><img loading=\"lazy\" width=\"1024\" height=\"682\" class=\"wp-image-35187 aligncenter\" src=\"http:\/\/cmm.imgw.pl\/wp-content\/uploads\/2023\/07\/obraz-zawierajacy-miejsce-parkingowe-przestrzen-p-1.jpeg\" alt=\"Obraz zawieraj\u0105cy miejsce parkingowe\/przestrze\u0144, Przestrze\u0144 kosmiczna, Obiekt astronomiczny, Wszech\u015bwiat\n\nOpis wygenerowany automatycznie\" srcset=\"https:\/\/cmm.imgw.pl\/wp-content\/uploads\/2023\/07\/obraz-zawierajacy-miejsce-parkingowe-przestrzen-p-1.jpeg 1024w, https:\/\/cmm.imgw.pl\/wp-content\/uploads\/2023\/07\/obraz-zawierajacy-miejsce-parkingowe-przestrzen-p-1-300x200.jpeg 300w, https:\/\/cmm.imgw.pl\/wp-content\/uploads\/2023\/07\/obraz-zawierajacy-miejsce-parkingowe-przestrzen-p-1-768x512.jpeg 768w\" sizes=\"(max-width: 1024px) 100vw, 1024px\" \/> Uj\u0119cie airglow i profilu atmosfery nad po\u0142udniow\u0105 Afryk\u0105 widziane ze stacji kosmicznej. Airglow powstaje na wysoko\u015bciach wi\u0119kszych ni\u017c 100 km. \u0179r\u00f3d\u0142o: NASA.<\/p>\n<p>Po\u015bwiata nocna \u015bwieci najintensywniej na oko\u0142o 10 stopni nad horyzontem, miewa niebieskawy lub zielonkawy kolor acz zdarzaj\u0105 si\u0119 te\u017c czerwonawe i pomara\u0144czowe. Wysoko\u015b\u0107 10 stopni bierze si\u0119 z faktu, \u017ce patrz\u0105c w tym kierunku obserwujemy warstw\u0119 atmosfery grubsz\u0105 ni\u017c w zenicie a jeszcze nie przeszkadza nam ca\u0142kowicie \u0142una zachodu oraz ekstynkcja. Wyst\u0119powanie airglow nie jest te\u017c zale\u017cne od szeroko\u015bci geograficznej, co odr\u00f3\u017cnia nocne \u015bwiecenie od zorzy.<\/p>\n<p style=\"text-align: center;\"><img loading=\"lazy\" width=\"600\" height=\"391\" class=\"wp-image-35188 aligncenter\" src=\"http:\/\/cmm.imgw.pl\/wp-content\/uploads\/2023\/07\/obraz-zawierajacy-zorza-polarna-natura-niebo-na.jpeg\" alt=\"Obraz zawieraj\u0105cy Zorza polarna, natura, niebo, na wolnym powietrzu\n\nOpis wygenerowany automatycznie\" srcset=\"https:\/\/cmm.imgw.pl\/wp-content\/uploads\/2023\/07\/obraz-zawierajacy-zorza-polarna-natura-niebo-na.jpeg 600w, https:\/\/cmm.imgw.pl\/wp-content\/uploads\/2023\/07\/obraz-zawierajacy-zorza-polarna-natura-niebo-na-300x196.jpeg 300w\" sizes=\"(max-width: 600px) 100vw, 600px\" \/> Zorza polarna nad Alask\u0105. Wida\u0107, \u017ce jest mocniejsza od \u015bwiecenia nocnego czy \u015bwiat\u0142a zodiakalnego. \u0179r\u00f3d\u0142o: United States Air Force, Senior Airman Joshua Strang.<\/p>\n<p>Jednym z przejaw\u00f3w airglow jest mo\u017cliwo\u015b\u0107 obserwowania kontur\u00f3w lasu czy zabudowa\u0144 pomimo wcze\u015bniejszego wyeliminowania \u015bwiate\u0142 wynikaj\u0105cych z dzia\u0142alno\u015bci cz\u0142owieka. Oczywi\u015bcie, znacznie cz\u0119\u015bciej za \u015bwiecenie nieba nad horyzontem odpowiada \u015bwiat\u0142o odleg\u0142ego miasta, niemniej nawet w prawdziwie ustronnym miejscu nie jest idealnie ciemno.<\/p>\n<p style=\"text-align: center;\"><img loading=\"lazy\" width=\"600\" height=\"400\" class=\"wp-image-35189 aligncenter\" src=\"http:\/\/cmm.imgw.pl\/wp-content\/uploads\/2023\/07\/obraz-zawierajacy-niebo-na-wolnym-powietrzu-kraj.png\" alt=\"Obraz zawieraj\u0105cy niebo, na wolnym powietrzu, krajobraz, drzewo\n\nOpis wygenerowany automatycznie\" srcset=\"https:\/\/cmm.imgw.pl\/wp-content\/uploads\/2023\/07\/obraz-zawierajacy-niebo-na-wolnym-powietrzu-kraj.png 600w, https:\/\/cmm.imgw.pl\/wp-content\/uploads\/2023\/07\/obraz-zawierajacy-niebo-na-wolnym-powietrzu-kraj-300x200.png 300w\" sizes=\"(max-width: 600px) 100vw, 600px\" \/> \u015awiecenie nocne widoczne po\u015brednio \u2013 jako mo\u017cliwo\u015b\u0107 ujrzenia kontur\u00f3w obiekt\u00f3w ziemskich. W g\u00f3rze Droga Mleczna, czyli nasza Galaktyka widziana z jej peryferi\u00f3w, czyli z po\u0142o\u017cenia S\u0142o\u0144ca. \u0179r\u00f3d\u0142o: Rodney Campbell\/flickr.<\/p>\n<p>Kilka lat temu odkryto tak\u017ce zjawisko podobne do podd\u017awi\u0119kowego dryfu jon\u00f3w kt\u00f3re rozci\u0105ga\u0142o si\u0119 na tysi\u0105ce kilometr\u00f3w z zachodu na wsch\u00f3d i mia\u0142o szeroko\u015b\u0107 kilkudziesi\u0119ciu kilometr\u00f3w. STEVE (bo tak go nazwano) jest nast\u0119pstwem jonizacji pierwiastk\u00f3w podczas wyst\u0119powania niekt\u00f3rych z\u00f3rz polarnych, a mo\u017ce by\u0107 tak\u017ce zwi\u0105zany ze \u015bwiat\u0142ami miejskimi. Jest on odmian\u0105 \u0142agodnego zanieczyszczenia \u015bwiat\u0142em i zosta\u0142 odkryty i nazwany w 2016 r. Przez pewien czas uwa\u017cano go za odmian\u0119 \u201ezorzy protonowej\u201d. Jego odkrycie przyczynia si\u0119 do post\u0119pu w rozumieniu mechanizm\u00f3w kszta\u0142tuj\u0105cych wygl\u0105d atmosfery.<\/p>\n<p style=\"text-align: center;\"><img loading=\"lazy\" width=\"600\" height=\"587\" class=\"wp-image-35190 aligncenter\" src=\"http:\/\/cmm.imgw.pl\/wp-content\/uploads\/2023\/07\/obraz-zawierajacy-niebo-na-wolnym-powietrzu-zorz.png\" alt=\"Obraz zawieraj\u0105cy niebo, na wolnym powietrzu, Zorza polarna, drzewo\n\nOpis wygenerowany automatycznie\" srcset=\"https:\/\/cmm.imgw.pl\/wp-content\/uploads\/2023\/07\/obraz-zawierajacy-niebo-na-wolnym-powietrzu-zorz.png 600w, https:\/\/cmm.imgw.pl\/wp-content\/uploads\/2023\/07\/obraz-zawierajacy-niebo-na-wolnym-powietrzu-zorz-300x294.png 300w\" sizes=\"(max-width: 600px) 100vw, 600px\" \/> Widok STEVE (czerwonawa wst\u0119ga) przypomina nieco zorz\u0119 (zielon\u0105), ale ni\u0105 nie jest. Wyst\u0119puje te\u017c znacznie rzadziej. \u0179r\u00f3d\u0142o: Ryan Sault.<\/p>\n<p>Literatura:<\/p>\n<p>Sky and Telescope, Astronomy \u2013 wydania cyfrowe.<\/p>\n<p>Marek Substyk \u201eAstrofotografia\u201d<\/p>\n<p>Wikimedia Commons<\/p>","protected":false},"excerpt":{"rendered":"<p>\u00a0 Opracowanie: dr Marcin Kolonko, IMGW-PIB CMM Obserwator zjawisk na sferze niebieskiej poszukuje zazwyczaj jak najciemniejszego miejsca, wolnego od ska\u017cenia \u015bwiat\u0142em generowanym przez cz\u0142owieka. Temu pomagaj\u0105 mapy rozk\u0142adu zanieczyszcze\u0144 \u015bwietlnych i pr\u00f3by ograniczenia emisji \u015bwiat\u0142a ze \u017ar\u00f3de\u0142 sztucznych, takich jak np. latarnie uliczne. Zjawisko airglow nad po\u0142udniow\u0105 Francj\u0105 (region Auvergne). \u0179r\u00f3d\u0142o: Clame Reporter. Nawet, je\u015bli [&hellip;]<\/p>\n","protected":false},"author":3,"featured_media":0,"comment_status":"closed","ping_status":"open","sticky":false,"template":"","format":"standard","meta":{"ocean_post_layout":"","ocean_both_sidebars_style":"","ocean_both_sidebars_content_width":0,"ocean_both_sidebars_sidebars_width":0,"ocean_sidebar":"","ocean_second_sidebar":"","ocean_disable_margins":"enable","ocean_add_body_class":"","ocean_shortcode_before_top_bar":"","ocean_shortcode_after_top_bar":"","ocean_shortcode_before_header":"","ocean_shortcode_after_header":"","ocean_has_shortcode":"","ocean_shortcode_after_title":"","ocean_shortcode_before_footer_widgets":"","ocean_shortcode_after_footer_widgets":"","ocean_shortcode_before_footer_bottom":"","ocean_shortcode_after_footer_bottom":"","ocean_display_top_bar":"default","ocean_display_header":"default","ocean_header_style":"","ocean_center_header_left_menu":"","ocean_custom_header_template":"","ocean_custom_logo":0,"ocean_custom_retina_logo":0,"ocean_custom_logo_max_width":0,"ocean_custom_logo_tablet_max_width":0,"ocean_custom_logo_mobile_max_width":0,"ocean_custom_logo_max_height":0,"ocean_custom_logo_tablet_max_height":0,"ocean_custom_logo_mobile_max_height":0,"ocean_header_custom_menu":"","ocean_menu_typo_font_family":"","ocean_menu_typo_font_subset":"","ocean_menu_typo_font_size":0,"ocean_menu_typo_font_size_tablet":0,"ocean_menu_typo_font_size_mobile":0,"ocean_menu_typo_font_size_unit":"px","ocean_menu_typo_font_weight":"","ocean_menu_typo_font_weight_tablet":"","ocean_menu_typo_font_weight_mobile":"","ocean_menu_typo_transform":"","ocean_menu_typo_transform_tablet":"","ocean_menu_typo_transform_mobile":"","ocean_menu_typo_line_height":0,"ocean_menu_typo_line_height_tablet":0,"ocean_menu_typo_line_height_mobile":0,"ocean_menu_typo_line_height_unit":"","ocean_menu_typo_spacing":0,"ocean_menu_typo_spacing_tablet":0,"ocean_menu_typo_spacing_mobile":0,"ocean_menu_typo_spacing_unit":"","ocean_menu_link_color":"","ocean_menu_link_color_hover":"","ocean_menu_link_color_active":"","ocean_menu_link_background":"","ocean_menu_link_hover_background":"","ocean_menu_link_active_background":"","ocean_menu_social_links_bg":"","ocean_menu_social_hover_links_bg":"","ocean_menu_social_links_color":"","ocean_menu_social_hover_links_color":"","ocean_disable_title":"default","ocean_disable_heading":"default","ocean_post_title":"","ocean_post_subheading":"","ocean_post_title_style":"","ocean_post_title_background_color":"","ocean_post_title_background":0,"ocean_post_title_bg_image_position":"","ocean_post_title_bg_image_attachment":"","ocean_post_title_bg_image_repeat":"","ocean_post_title_bg_image_size":"","ocean_post_title_height":0,"ocean_post_title_bg_overlay":0.5,"ocean_post_title_bg_overlay_color":"","ocean_disable_breadcrumbs":"default","ocean_breadcrumbs_color":"","ocean_breadcrumbs_separator_color":"","ocean_breadcrumbs_links_color":"","ocean_breadcrumbs_links_hover_color":"","ocean_display_footer_widgets":"default","ocean_display_footer_bottom":"default","ocean_custom_footer_template":"","ocean_post_oembed":"","ocean_post_self_hosted_media":"","ocean_post_video_embed":"","ocean_link_format":"","ocean_link_format_target":"self","ocean_quote_format":"","ocean_quote_format_link":"post","ocean_gallery_link_images":"off","ocean_gallery_id":[]},"categories":[93],"tags":[],"yoast_head":"<!-- This site is optimized with the Yoast SEO plugin v19.5.1 - https:\/\/yoast.com\/wordpress\/plugins\/seo\/ -->\n<title>Geneza i charakter zjawiska airglow - Laboratorium Modelowania Meteorologicznego CMOK IMGW-PIB<\/title>\n<meta name=\"description\" content=\"Airglow jest wywo\u0142ane m.in. promieniowaniem UV ze s\u0142o\u0144ca. Jest nieco podobne kolorystyk\u0105 do zorzy, ale mniej dynamiczne. I powstaje nieco inaczej. Zgodnie z podr\u0119cznikami, jest ono mieszank\u0105 luminescencji (promieniami kosmicznymi uderzaj\u0105cymi w atmosfer\u0119), rekombinacji atom\u00f3w (kt\u00f3re podleg\u0142y fotojonizacji w trakcie poprzedzaj\u0105cego dnia) i chemiluminescencji (kt\u00f3rego najbardziej namacaln\u0105 odmian\u0105 jest \u015bwiecenie fosforu w nocy).\" \/>\n<meta name=\"robots\" content=\"index, follow, max-snippet:-1, max-image-preview:large, max-video-preview:-1\" \/>\n<link rel=\"canonical\" href=\"https:\/\/cmm.imgw.pl\/?p=35180\" \/>\n<meta property=\"og:locale\" content=\"pl_PL\" \/>\n<meta property=\"og:type\" content=\"article\" \/>\n<meta property=\"og:title\" content=\"Geneza i charakter zjawiska airglow\" \/>\n<meta property=\"og:description\" content=\"Airglow jest wywo\u0142ane m.in. promieniowaniem UV ze s\u0142o\u0144ca. Jest nieco podobne kolorystyk\u0105 do zorzy, ale mniej dynamiczne. I powstaje nieco inaczej. Zgodnie z podr\u0119cznikami, jest ono mieszank\u0105 luminescencji (promieniami kosmicznymi uderzaj\u0105cymi w atmosfer\u0119), rekombinacji atom\u00f3w (kt\u00f3re podleg\u0142y fotojonizacji w trakcie poprzedzaj\u0105cego dnia) i chemiluminescencji (kt\u00f3rego najbardziej namacaln\u0105 odmian\u0105 jest \u015bwiecenie fosforu w nocy).\" \/>\n<meta property=\"og:url\" content=\"https:\/\/cmm.imgw.pl\/?p=35180\" \/>\n<meta property=\"og:site_name\" content=\"Laboratorium Modelowania Meteorologicznego CMOK IMGW-PIB\" \/>\n<meta property=\"article:publisher\" content=\"https:\/\/www.facebook.com\/Meteoimgw\/\" \/>\n<meta property=\"article:published_time\" content=\"2023-07-31T05:53:45+00:00\" \/>\n<meta property=\"article:modified_time\" content=\"2023-07-31T05:53:46+00:00\" \/>\n<meta property=\"og:image\" content=\"http:\/\/cmm.imgw.pl\/wp-content\/uploads\/2023\/07\/word-image-35180-6.jpeg\" \/>\n\t<meta property=\"og:image:width\" content=\"1385\" \/>\n\t<meta property=\"og:image:height\" content=\"449\" \/>\n\t<meta property=\"og:image:type\" content=\"image\/jpeg\" \/>\n<meta name=\"author\" content=\"CMM\" \/>\n<meta name=\"twitter:card\" content=\"summary_large_image\" \/>\n<meta name=\"twitter:title\" content=\"Geneza i charakter zjawiska airglow\" \/>\n<meta name=\"twitter:description\" content=\"Airglow jest wywo\u0142ane m.in. promieniowaniem UV ze s\u0142o\u0144ca. Jest nieco podobne kolorystyk\u0105 do zorzy, ale mniej dynamiczne. I powstaje nieco inaczej. Zgodnie z podr\u0119cznikami, jest ono mieszank\u0105 luminescencji (promieniami kosmicznymi uderzaj\u0105cymi w atmosfer\u0119), rekombinacji atom\u00f3w (kt\u00f3re podleg\u0142y fotojonizacji w trakcie poprzedzaj\u0105cego dnia) i chemiluminescencji (kt\u00f3rego najbardziej namacaln\u0105 odmian\u0105 jest \u015bwiecenie fosforu w nocy).\" \/>\n<meta name=\"twitter:image\" content=\"https:\/\/cmm.imgw.pl\/wp-content\/uploads\/2023\/07\/word-image-35180-6.jpeg\" \/>\n<meta name=\"twitter:creator\" content=\"@IMGW_CMM\" \/>\n<meta name=\"twitter:site\" content=\"@IMGW_CMM\" \/>\n<meta name=\"twitter:label1\" content=\"Napisane przez\" \/>\n\t<meta name=\"twitter:data1\" content=\"CMM\" \/>\n\t<meta name=\"twitter:label2\" content=\"Szacowany czas czytania\" \/>\n\t<meta name=\"twitter:data2\" content=\"5 minut\" \/>\n<script type=\"application\/ld+json\" class=\"yoast-schema-graph\">{\"@context\":\"https:\/\/schema.org\",\"@graph\":[{\"@type\":\"Article\",\"@id\":\"https:\/\/cmm.imgw.pl\/?p=35180#article\",\"isPartOf\":{\"@id\":\"https:\/\/cmm.imgw.pl\/?p=35180\"},\"author\":{\"name\":\"CMM\",\"@id\":\"https:\/\/cmm.imgw.pl\/#\/schema\/person\/a24a37fe434fe76b0f5791e6bd3fdb46\"},\"headline\":\"Geneza i charakter zjawiska airglow\",\"datePublished\":\"2023-07-31T05:53:45+00:00\",\"dateModified\":\"2023-07-31T05:53:46+00:00\",\"mainEntityOfPage\":{\"@id\":\"https:\/\/cmm.imgw.pl\/?p=35180\"},\"wordCount\":986,\"publisher\":{\"@id\":\"https:\/\/cmm.imgw.pl\/#organization\"},\"articleSection\":[\"Komentarz\"],\"inLanguage\":\"pl-PL\"},{\"@type\":\"WebPage\",\"@id\":\"https:\/\/cmm.imgw.pl\/?p=35180\",\"url\":\"https:\/\/cmm.imgw.pl\/?p=35180\",\"name\":\"Geneza i charakter zjawiska airglow - Laboratorium Modelowania Meteorologicznego CMOK IMGW-PIB\",\"isPartOf\":{\"@id\":\"https:\/\/cmm.imgw.pl\/#website\"},\"datePublished\":\"2023-07-31T05:53:45+00:00\",\"dateModified\":\"2023-07-31T05:53:46+00:00\",\"description\":\"Airglow jest wywo\u0142ane m.in. promieniowaniem UV ze s\u0142o\u0144ca. Jest nieco podobne kolorystyk\u0105 do zorzy, ale mniej dynamiczne. I powstaje nieco inaczej. Zgodnie z podr\u0119cznikami, jest ono mieszank\u0105 luminescencji (promieniami kosmicznymi uderzaj\u0105cymi w atmosfer\u0119), rekombinacji atom\u00f3w (kt\u00f3re podleg\u0142y fotojonizacji w trakcie poprzedzaj\u0105cego dnia) i chemiluminescencji (kt\u00f3rego najbardziej namacaln\u0105 odmian\u0105 jest \u015bwiecenie fosforu w nocy).\",\"breadcrumb\":{\"@id\":\"https:\/\/cmm.imgw.pl\/?p=35180#breadcrumb\"},\"inLanguage\":\"pl-PL\",\"potentialAction\":[{\"@type\":\"ReadAction\",\"target\":[\"https:\/\/cmm.imgw.pl\/?p=35180\"]}]},{\"@type\":\"BreadcrumbList\",\"@id\":\"https:\/\/cmm.imgw.pl\/?p=35180#breadcrumb\",\"itemListElement\":[{\"@type\":\"ListItem\",\"position\":1,\"name\":\"Home\",\"item\":\"https:\/\/cmm.imgw.pl\/\"},{\"@type\":\"ListItem\",\"position\":2,\"name\":\"Geneza i charakter zjawiska airglow\"}]},{\"@type\":\"WebSite\",\"@id\":\"https:\/\/cmm.imgw.pl\/#website\",\"url\":\"https:\/\/cmm.imgw.pl\/\",\"name\":\"Laboratorium Modelowania Meteorologicznego CMOK IMGW-PIB\",\"description\":\"CMOK-LMM Laboratorium pe\u0142ni pa\u0144stwow\u0105 s\u0142u\u017cb\u0119 hydrologiczno-meteorologiczn\u0105 w zakresie numerycznych prognoz pogody, kt\u00f3rego zadaniem jest konsolidacja kompetencji w obszarze modelowania zjawisk pogodowych oraz dalszego rozwoju numerycznych modeli pogody (NMP).\",\"publisher\":{\"@id\":\"https:\/\/cmm.imgw.pl\/#organization\"},\"potentialAction\":[{\"@type\":\"SearchAction\",\"target\":{\"@type\":\"EntryPoint\",\"urlTemplate\":\"https:\/\/cmm.imgw.pl\/?s={search_term_string}\"},\"query-input\":\"required name=search_term_string\"}],\"inLanguage\":\"pl-PL\"},{\"@type\":\"Organization\",\"@id\":\"https:\/\/cmm.imgw.pl\/#organization\",\"name\":\"Laboratorium Modelowania Meteorologicznego CMOK IMGW-PIB\",\"url\":\"https:\/\/cmm.imgw.pl\/\",\"sameAs\":[\"https:\/\/www.facebook.com\/Meteoimgw\/\",\"https:\/\/twitter.com\/IMGW_CMM\"],\"logo\":{\"@type\":\"ImageObject\",\"inLanguage\":\"pl-PL\",\"@id\":\"https:\/\/cmm.imgw.pl\/#\/schema\/logo\/image\/\",\"url\":\"https:\/\/cmm.imgw.pl\/wp-content\/uploads\/2025\/10\/MODELE_LOGO_UNIFIKACJA_v2.png\",\"contentUrl\":\"https:\/\/cmm.imgw.pl\/wp-content\/uploads\/2025\/10\/MODELE_LOGO_UNIFIKACJA_v2.png\",\"width\":1356,\"height\":365,\"caption\":\"Laboratorium Modelowania Meteorologicznego CMOK IMGW-PIB\"},\"image\":{\"@id\":\"https:\/\/cmm.imgw.pl\/#\/schema\/logo\/image\/\"}},{\"@type\":\"Person\",\"@id\":\"https:\/\/cmm.imgw.pl\/#\/schema\/person\/a24a37fe434fe76b0f5791e6bd3fdb46\",\"name\":\"CMM\",\"image\":{\"@type\":\"ImageObject\",\"inLanguage\":\"pl-PL\",\"@id\":\"https:\/\/cmm.imgw.pl\/#\/schema\/person\/image\/\",\"url\":\"https:\/\/secure.gravatar.com\/avatar\/9248ea2273711f1cd09d6bd45867dbfb?s=96&d=blank&r=g\",\"contentUrl\":\"https:\/\/secure.gravatar.com\/avatar\/9248ea2273711f1cd09d6bd45867dbfb?s=96&d=blank&r=g\",\"caption\":\"CMM\"},\"sameAs\":[\"http:\/\/cmm.imgw.pl\"],\"url\":\"https:\/\/cmm.imgw.pl\/?author=3\"}]}<\/script>\n<!-- \/ Yoast SEO plugin. -->","yoast_head_json":{"title":"Geneza i charakter zjawiska airglow - Laboratorium Modelowania Meteorologicznego CMOK IMGW-PIB","description":"Airglow jest wywo\u0142ane m.in. promieniowaniem UV ze s\u0142o\u0144ca. Jest nieco podobne kolorystyk\u0105 do zorzy, ale mniej dynamiczne. I powstaje nieco inaczej. Zgodnie z podr\u0119cznikami, jest ono mieszank\u0105 luminescencji (promieniami kosmicznymi uderzaj\u0105cymi w atmosfer\u0119), rekombinacji atom\u00f3w (kt\u00f3re podleg\u0142y fotojonizacji w trakcie poprzedzaj\u0105cego dnia) i chemiluminescencji (kt\u00f3rego najbardziej namacaln\u0105 odmian\u0105 jest \u015bwiecenie fosforu w nocy).","robots":{"index":"index","follow":"follow","max-snippet":"max-snippet:-1","max-image-preview":"max-image-preview:large","max-video-preview":"max-video-preview:-1"},"canonical":"https:\/\/cmm.imgw.pl\/?p=35180","og_locale":"pl_PL","og_type":"article","og_title":"Geneza i charakter zjawiska airglow","og_description":"Airglow jest wywo\u0142ane m.in. promieniowaniem UV ze s\u0142o\u0144ca. Jest nieco podobne kolorystyk\u0105 do zorzy, ale mniej dynamiczne. I powstaje nieco inaczej. Zgodnie z podr\u0119cznikami, jest ono mieszank\u0105 luminescencji (promieniami kosmicznymi uderzaj\u0105cymi w atmosfer\u0119), rekombinacji atom\u00f3w (kt\u00f3re podleg\u0142y fotojonizacji w trakcie poprzedzaj\u0105cego dnia) i chemiluminescencji (kt\u00f3rego najbardziej namacaln\u0105 odmian\u0105 jest \u015bwiecenie fosforu w nocy).","og_url":"https:\/\/cmm.imgw.pl\/?p=35180","og_site_name":"Laboratorium Modelowania Meteorologicznego CMOK IMGW-PIB","article_publisher":"https:\/\/www.facebook.com\/Meteoimgw\/","article_published_time":"2023-07-31T05:53:45+00:00","article_modified_time":"2023-07-31T05:53:46+00:00","og_image":[{"width":1385,"height":449,"url":"http:\/\/cmm.imgw.pl\/wp-content\/uploads\/2023\/07\/word-image-35180-6.jpeg","type":"image\/jpeg"}],"author":"CMM","twitter_card":"summary_large_image","twitter_title":"Geneza i charakter zjawiska airglow","twitter_description":"Airglow jest wywo\u0142ane m.in. promieniowaniem UV ze s\u0142o\u0144ca. Jest nieco podobne kolorystyk\u0105 do zorzy, ale mniej dynamiczne. I powstaje nieco inaczej. Zgodnie z podr\u0119cznikami, jest ono mieszank\u0105 luminescencji (promieniami kosmicznymi uderzaj\u0105cymi w atmosfer\u0119), rekombinacji atom\u00f3w (kt\u00f3re podleg\u0142y fotojonizacji w trakcie poprzedzaj\u0105cego dnia) i chemiluminescencji (kt\u00f3rego najbardziej namacaln\u0105 odmian\u0105 jest \u015bwiecenie fosforu w nocy).","twitter_image":"https:\/\/cmm.imgw.pl\/wp-content\/uploads\/2023\/07\/word-image-35180-6.jpeg","twitter_creator":"@IMGW_CMM","twitter_site":"@IMGW_CMM","twitter_misc":{"Napisane przez":"CMM","Szacowany czas czytania":"5 minut"},"schema":{"@context":"https:\/\/schema.org","@graph":[{"@type":"Article","@id":"https:\/\/cmm.imgw.pl\/?p=35180#article","isPartOf":{"@id":"https:\/\/cmm.imgw.pl\/?p=35180"},"author":{"name":"CMM","@id":"https:\/\/cmm.imgw.pl\/#\/schema\/person\/a24a37fe434fe76b0f5791e6bd3fdb46"},"headline":"Geneza i charakter zjawiska airglow","datePublished":"2023-07-31T05:53:45+00:00","dateModified":"2023-07-31T05:53:46+00:00","mainEntityOfPage":{"@id":"https:\/\/cmm.imgw.pl\/?p=35180"},"wordCount":986,"publisher":{"@id":"https:\/\/cmm.imgw.pl\/#organization"},"articleSection":["Komentarz"],"inLanguage":"pl-PL"},{"@type":"WebPage","@id":"https:\/\/cmm.imgw.pl\/?p=35180","url":"https:\/\/cmm.imgw.pl\/?p=35180","name":"Geneza i charakter zjawiska airglow - Laboratorium Modelowania Meteorologicznego CMOK IMGW-PIB","isPartOf":{"@id":"https:\/\/cmm.imgw.pl\/#website"},"datePublished":"2023-07-31T05:53:45+00:00","dateModified":"2023-07-31T05:53:46+00:00","description":"Airglow jest wywo\u0142ane m.in. promieniowaniem UV ze s\u0142o\u0144ca. Jest nieco podobne kolorystyk\u0105 do zorzy, ale mniej dynamiczne. I powstaje nieco inaczej. Zgodnie z podr\u0119cznikami, jest ono mieszank\u0105 luminescencji (promieniami kosmicznymi uderzaj\u0105cymi w atmosfer\u0119), rekombinacji atom\u00f3w (kt\u00f3re podleg\u0142y fotojonizacji w trakcie poprzedzaj\u0105cego dnia) i chemiluminescencji (kt\u00f3rego najbardziej namacaln\u0105 odmian\u0105 jest \u015bwiecenie fosforu w nocy).","breadcrumb":{"@id":"https:\/\/cmm.imgw.pl\/?p=35180#breadcrumb"},"inLanguage":"pl-PL","potentialAction":[{"@type":"ReadAction","target":["https:\/\/cmm.imgw.pl\/?p=35180"]}]},{"@type":"BreadcrumbList","@id":"https:\/\/cmm.imgw.pl\/?p=35180#breadcrumb","itemListElement":[{"@type":"ListItem","position":1,"name":"Home","item":"https:\/\/cmm.imgw.pl\/"},{"@type":"ListItem","position":2,"name":"Geneza i charakter zjawiska airglow"}]},{"@type":"WebSite","@id":"https:\/\/cmm.imgw.pl\/#website","url":"https:\/\/cmm.imgw.pl\/","name":"Laboratorium Modelowania Meteorologicznego CMOK IMGW-PIB","description":"CMOK-LMM Laboratorium pe\u0142ni pa\u0144stwow\u0105 s\u0142u\u017cb\u0119 hydrologiczno-meteorologiczn\u0105 w zakresie numerycznych prognoz pogody, kt\u00f3rego zadaniem jest konsolidacja kompetencji w obszarze modelowania zjawisk pogodowych oraz dalszego rozwoju numerycznych modeli pogody (NMP).","publisher":{"@id":"https:\/\/cmm.imgw.pl\/#organization"},"potentialAction":[{"@type":"SearchAction","target":{"@type":"EntryPoint","urlTemplate":"https:\/\/cmm.imgw.pl\/?s={search_term_string}"},"query-input":"required name=search_term_string"}],"inLanguage":"pl-PL"},{"@type":"Organization","@id":"https:\/\/cmm.imgw.pl\/#organization","name":"Laboratorium Modelowania Meteorologicznego CMOK IMGW-PIB","url":"https:\/\/cmm.imgw.pl\/","sameAs":["https:\/\/www.facebook.com\/Meteoimgw\/","https:\/\/twitter.com\/IMGW_CMM"],"logo":{"@type":"ImageObject","inLanguage":"pl-PL","@id":"https:\/\/cmm.imgw.pl\/#\/schema\/logo\/image\/","url":"https:\/\/cmm.imgw.pl\/wp-content\/uploads\/2025\/10\/MODELE_LOGO_UNIFIKACJA_v2.png","contentUrl":"https:\/\/cmm.imgw.pl\/wp-content\/uploads\/2025\/10\/MODELE_LOGO_UNIFIKACJA_v2.png","width":1356,"height":365,"caption":"Laboratorium Modelowania Meteorologicznego CMOK IMGW-PIB"},"image":{"@id":"https:\/\/cmm.imgw.pl\/#\/schema\/logo\/image\/"}},{"@type":"Person","@id":"https:\/\/cmm.imgw.pl\/#\/schema\/person\/a24a37fe434fe76b0f5791e6bd3fdb46","name":"CMM","image":{"@type":"ImageObject","inLanguage":"pl-PL","@id":"https:\/\/cmm.imgw.pl\/#\/schema\/person\/image\/","url":"https:\/\/secure.gravatar.com\/avatar\/9248ea2273711f1cd09d6bd45867dbfb?s=96&d=blank&r=g","contentUrl":"https:\/\/secure.gravatar.com\/avatar\/9248ea2273711f1cd09d6bd45867dbfb?s=96&d=blank&r=g","caption":"CMM"},"sameAs":["http:\/\/cmm.imgw.pl"],"url":"https:\/\/cmm.imgw.pl\/?author=3"}]}},"_links":{"self":[{"href":"https:\/\/cmm.imgw.pl\/index.php?rest_route=\/wp\/v2\/posts\/35180"}],"collection":[{"href":"https:\/\/cmm.imgw.pl\/index.php?rest_route=\/wp\/v2\/posts"}],"about":[{"href":"https:\/\/cmm.imgw.pl\/index.php?rest_route=\/wp\/v2\/types\/post"}],"author":[{"embeddable":true,"href":"https:\/\/cmm.imgw.pl\/index.php?rest_route=\/wp\/v2\/users\/3"}],"replies":[{"embeddable":true,"href":"https:\/\/cmm.imgw.pl\/index.php?rest_route=%2Fwp%2Fv2%2Fcomments&post=35180"}],"version-history":[{"count":2,"href":"https:\/\/cmm.imgw.pl\/index.php?rest_route=\/wp\/v2\/posts\/35180\/revisions"}],"predecessor-version":[{"id":35205,"href":"https:\/\/cmm.imgw.pl\/index.php?rest_route=\/wp\/v2\/posts\/35180\/revisions\/35205"}],"wp:attachment":[{"href":"https:\/\/cmm.imgw.pl\/index.php?rest_route=%2Fwp%2Fv2%2Fmedia&parent=35180"}],"wp:term":[{"taxonomy":"category","embeddable":true,"href":"https:\/\/cmm.imgw.pl\/index.php?rest_route=%2Fwp%2Fv2%2Fcategories&post=35180"},{"taxonomy":"post_tag","embeddable":true,"href":"https:\/\/cmm.imgw.pl\/index.php?rest_route=%2Fwp%2Fv2%2Ftags&post=35180"}],"curies":[{"name":"wp","href":"https:\/\/api.w.org\/{rel}","templated":true}]}}