{"id":35007,"date":"2023-07-20T16:16:38","date_gmt":"2023-07-20T14:16:38","guid":{"rendered":"https:\/\/cmm.imgw.pl\/?p=35007"},"modified":"2023-07-20T16:16:41","modified_gmt":"2023-07-20T14:16:41","slug":"niebo-na-wakacje-2023","status":"publish","type":"post","link":"https:\/\/cmm.imgw.pl\/?p=35007","title":{"rendered":"Niebo na wakacje 2023"},"content":{"rendered":"\n<figure class=\"wp-block-image size-full\"><img loading=\"lazy\" width=\"996\" height=\"664\" src=\"https:\/\/cmm.imgw.pl\/wp-content\/uploads\/2023\/07\/image-4.png\" alt=\"\" class=\"wp-image-35008\" srcset=\"https:\/\/cmm.imgw.pl\/wp-content\/uploads\/2023\/07\/image-4.png 996w, https:\/\/cmm.imgw.pl\/wp-content\/uploads\/2023\/07\/image-4-300x200.png 300w, https:\/\/cmm.imgw.pl\/wp-content\/uploads\/2023\/07\/image-4-768x512.png 768w\" sizes=\"(max-width: 996px) 100vw, 996px\" \/><\/figure>\n\n\n<p>Opracowanie: dr Marcin Kolonko, IMGW-PIB CMM<\/p>\n<p>Lipcowo-sierpniowe niebo \u2013 z racji faktu, \u017ce w pobli\u017cu przesilenia letniego zmierzch przechodzi w \u015bwit \u2013 nie jest bardzo ciemne i atramentowo g\u0142\u0119bokie. Ale warto \u015bledzi\u0107 pomniejsze na nim wydarzenia. Czas wolny od nauki i po\u015bpiechu powinien temu sprzyja\u0107 i sprawi\u0107 tym wi\u0119ksz\u0105 przyjemno\u015b\u0107.<\/p>\n<p><strong>24 lipca<\/strong> wieczorem Ksi\u0119\u017cyc w pobli\u017cu pierwszej kwadry i Spika (K\u0142os Panny) widnie\u0107 b\u0119d\u0105 o 2 stopnie od siebie, blisko horyzontu.<\/p>\n<p><strong>28 lipca<\/strong> wieczorem Merkury zbli\u017ca si\u0119 do Regulusa na \u201elornetkow\u0105\u201d odleg\u0142o\u015b\u0107 10\u2019 (mniej ni\u017c \u015brednica Ksi\u0119\u017cyca). Tak\u017ce o zmierzchu rosn\u0105cy Ksi\u0119\u017cyc znajdzie si\u0119 5 stopni na lewo od Antaresa (w gwiazdozbiorze Skorpiona).<\/p>\n<p><strong>30 lipca<\/strong> rankiem wyst\u0105pi maksimum roju Delta Akwaryd\u00f3w. Po zachodzie Ksi\u0119\u017cyca wcze\u015bnie rano warunki do obserwacji roju poprawi\u0105 si\u0119.<\/p>\n<p><strong>3 sierpnia<\/strong> warto wsta\u0107 wcze\u015bnie rano aby obejrze\u0107 ubywaj\u0105cy Ksi\u0119\u017cyc o 3.5 stopnia od Saturna.<\/p>\n<p><strong>8 sierpnia<\/strong> rano Ksi\u0119\u017cyc w trzeciej kwadrze znajdzie si\u0119 o 2 stopnie od Jowisza, na po\u0142udniowym wschodzie.<\/p>\n<p><strong>9 sierpnia<\/strong> rano mo\u017cna rzuci\u0107 okiem na Ksi\u0119\u017cyc w odleg\u0142o\u015bci 2 stopni na prawo od Plejad. Powy\u017cej znajdzie si\u0119 Jowisz.<\/p>\n<p><strong>10 sierpnia<\/strong> wieczorem Merkury i Mars razem zajd\u0105 o zmierzchu, oko\u0142o 5 stopni od siebie. Widok warto podziwia\u0107 przez lornetk\u0119.<\/p>\n<p><strong>11 sierpnia<\/strong> rano zobaczy\u0107 mo\u017cna b\u0119dzie Ksi\u0119\u017cyc po pe\u0142ni mi\u0119dzy gwiazdami formuj\u0105cymi rogi Byka.<\/p>\n<p><strong>12-13<\/strong> <strong>sierpnia<\/strong> przez ca\u0142\u0105 (i kilka przyleg\u0142ych) noc mo\u017cna spodziewa\u0107 si\u0119 obfito\u015bci Perseid\u00f3w.<\/p>\n<p><strong>13 sierpnia<\/strong> nad ranem podziwia\u0107 mo\u017cna sierp Ksi\u0119\u017cyca mi\u0119dzy najja\u015bniejszymi gwiazdami Bli\u017ani\u0105t \u2013 Kastorem i Polluksem.<\/p>\n<p><strong>18 sierpnia<\/strong> wieczorem rosn\u0105cy sierp Ksi\u0119\u017cyca b\u0119dzie w odleg\u0142o\u015bci 1 stopnia od Marsa, nisko nad zachodnim horyzontem. Polecane u\u017cycie lornetki.<\/p>\n<p><strong>20 sierpnia<\/strong> rano, nisko nad po\u0142udniowo-zachodnim horyzontem, nieco \u201estarszy\u201d ju\u017c Ksi\u0119\u017cyc znajdzie si\u0119 o mniej ni\u017c 6 stopni na lewo od K\u0142osa Panny.<\/p>\n<p><strong>24 sierpnia<\/strong> wieczorem Ksi\u0119\u017cyc w pierwszej kwadrze zakryje (widoczne na zachodniej p\u00f3\u0142kuli) Antaresa, w Skorpionie, na po\u0142udniowo zachodnim niebie.<\/p>\n<p><strong>30 sierpnia<\/strong> wieczorem Ksi\u0119\u017cyc w pe\u0142ni b\u0119dzie o 5 stopni od Saturna na po\u0142udniowo wschodnim horyzoncie.<\/p>\n<p>To s\u0105 jedynie zjawiska cykliczne z udzia\u0142em widocznych obiekt\u00f3w Uk\u0142adu S\u0142onecznego. Opr\u00f3cz tego jest okazja do podziwiania obiekt\u00f3w katalogu Messiera, IC i NGC, szczeg\u00f3lnie w \u015brodkowej cz\u0119\u015bci nocy. Do tego warto zaopatrzy\u0107 si\u0119 w lornetk\u0119 lub niewielki teleskop.<\/p>\n<p>Dobrym uzupe\u0142nieniem opisu zjawisk cyklicznych mo\u017ce okaza\u0107 si\u0119 tzw. \u201eklepsydra\u201d, wykres dost\u0119pny z \u201eUrani\u0105\u201d lub innymi mi\u0142o\u015bniczymi czasopismami o tematyce astronomicznej. W poszukiwaniu inspiracji warto uda\u0107 si\u0119 do lokalnego oddzia\u0142u PTMA (Polskiego Towarzystwa Mi\u0142o\u015bnik\u00f3w Astronomii) lub po prostu nak\u0142oni\u0107 kogo\u015b z lornetk\u0105 do obserwacji letniego nieba.<\/p>\n<p>Na podstawie materia\u0142\u00f3w ze Sky &amp; Telescope, autorka: Diana Hannikanen.<\/p>","protected":false},"excerpt":{"rendered":"<p>Opracowanie: dr Marcin Kolonko, IMGW-PIB CMM Lipcowo-sierpniowe niebo \u2013 z racji faktu, \u017ce w pobli\u017cu przesilenia letniego zmierzch przechodzi w \u015bwit \u2013 nie jest bardzo ciemne i atramentowo g\u0142\u0119bokie. Ale warto \u015bledzi\u0107 pomniejsze na nim wydarzenia. Czas wolny od nauki i po\u015bpiechu powinien temu sprzyja\u0107 i sprawi\u0107 tym wi\u0119ksz\u0105 przyjemno\u015b\u0107. 24 lipca wieczorem Ksi\u0119\u017cyc w [&hellip;]<\/p>\n","protected":false},"author":3,"featured_media":0,"comment_status":"closed","ping_status":"open","sticky":false,"template":"","format":"standard","meta":{"ocean_post_layout":"","ocean_both_sidebars_style":"","ocean_both_sidebars_content_width":0,"ocean_both_sidebars_sidebars_width":0,"ocean_sidebar":"","ocean_second_sidebar":"","ocean_disable_margins":"enable","ocean_add_body_class":"","ocean_shortcode_before_top_bar":"","ocean_shortcode_after_top_bar":"","ocean_shortcode_before_header":"","ocean_shortcode_after_header":"","ocean_has_shortcode":"","ocean_shortcode_after_title":"","ocean_shortcode_before_footer_widgets":"","ocean_shortcode_after_footer_widgets":"","ocean_shortcode_before_footer_bottom":"","ocean_shortcode_after_footer_bottom":"","ocean_display_top_bar":"default","ocean_display_header":"default","ocean_header_style":"","ocean_center_header_left_menu":"","ocean_custom_header_template":"","ocean_custom_logo":0,"ocean_custom_retina_logo":0,"ocean_custom_logo_max_width":0,"ocean_custom_logo_tablet_max_width":0,"ocean_custom_logo_mobile_max_width":0,"ocean_custom_logo_max_height":0,"ocean_custom_logo_tablet_max_height":0,"ocean_custom_logo_mobile_max_height":0,"ocean_header_custom_menu":"","ocean_menu_typo_font_family":"","ocean_menu_typo_font_subset":"","ocean_menu_typo_font_size":0,"ocean_menu_typo_font_size_tablet":0,"ocean_menu_typo_font_size_mobile":0,"ocean_menu_typo_font_size_unit":"px","ocean_menu_typo_font_weight":"","ocean_menu_typo_font_weight_tablet":"","ocean_menu_typo_font_weight_mobile":"","ocean_menu_typo_transform":"","ocean_menu_typo_transform_tablet":"","ocean_menu_typo_transform_mobile":"","ocean_menu_typo_line_height":0,"ocean_menu_typo_line_height_tablet":0,"ocean_menu_typo_line_height_mobile":0,"ocean_menu_typo_line_height_unit":"","ocean_menu_typo_spacing":0,"ocean_menu_typo_spacing_tablet":0,"ocean_menu_typo_spacing_mobile":0,"ocean_menu_typo_spacing_unit":"","ocean_menu_link_color":"","ocean_menu_link_color_hover":"","ocean_menu_link_color_active":"","ocean_menu_link_background":"","ocean_menu_link_hover_background":"","ocean_menu_link_active_background":"","ocean_menu_social_links_bg":"","ocean_menu_social_hover_links_bg":"","ocean_menu_social_links_color":"","ocean_menu_social_hover_links_color":"","ocean_disable_title":"default","ocean_disable_heading":"default","ocean_post_title":"","ocean_post_subheading":"","ocean_post_title_style":"","ocean_post_title_background_color":"","ocean_post_title_background":0,"ocean_post_title_bg_image_position":"","ocean_post_title_bg_image_attachment":"","ocean_post_title_bg_image_repeat":"","ocean_post_title_bg_image_size":"","ocean_post_title_height":0,"ocean_post_title_bg_overlay":0.5,"ocean_post_title_bg_overlay_color":"","ocean_disable_breadcrumbs":"default","ocean_breadcrumbs_color":"","ocean_breadcrumbs_separator_color":"","ocean_breadcrumbs_links_color":"","ocean_breadcrumbs_links_hover_color":"","ocean_display_footer_widgets":"default","ocean_display_footer_bottom":"default","ocean_custom_footer_template":"","ocean_post_oembed":"","ocean_post_self_hosted_media":"","ocean_post_video_embed":"","ocean_link_format":"","ocean_link_format_target":"self","ocean_quote_format":"","ocean_quote_format_link":"post","ocean_gallery_link_images":"off","ocean_gallery_id":[]},"categories":[93],"tags":[],"yoast_head":"<!-- This site is optimized with the Yoast SEO plugin v19.5.1 - https:\/\/yoast.com\/wordpress\/plugins\/seo\/ -->\n<title>Niebo na wakacje 2023 - Laboratorium Modelowania Meteorologicznego CMOK IMGW-PIB<\/title>\n<meta name=\"description\" content=\"Lipcowo-sierpniowe niebo \u2013 z racji faktu, \u017ce w pobli\u017cu przesilenia letniego zmierzch przechodzi w \u015bwit \u2013 nie jest bardzo ciemne i atramentowo g\u0142\u0119bokie.\" \/>\n<meta name=\"robots\" content=\"index, follow, max-snippet:-1, max-image-preview:large, max-video-preview:-1\" \/>\n<link rel=\"canonical\" href=\"https:\/\/cmm.imgw.pl\/?p=35007\" \/>\n<meta property=\"og:locale\" content=\"pl_PL\" \/>\n<meta property=\"og:type\" content=\"article\" \/>\n<meta property=\"og:title\" content=\"Niebo na wakacje 2023\" \/>\n<meta property=\"og:description\" content=\"Lipcowo-sierpniowe niebo \u2013 z racji faktu, \u017ce w pobli\u017cu przesilenia letniego zmierzch przechodzi w \u015bwit \u2013 nie jest bardzo ciemne i atramentowo g\u0142\u0119bokie.\" \/>\n<meta property=\"og:url\" content=\"https:\/\/cmm.imgw.pl\/?p=35007\" \/>\n<meta property=\"og:site_name\" content=\"Laboratorium Modelowania Meteorologicznego CMOK IMGW-PIB\" \/>\n<meta property=\"article:publisher\" content=\"https:\/\/www.facebook.com\/Meteoimgw\/\" \/>\n<meta property=\"article:published_time\" content=\"2023-07-20T14:16:38+00:00\" \/>\n<meta property=\"article:modified_time\" content=\"2023-07-20T14:16:41+00:00\" \/>\n<meta property=\"og:image\" content=\"http:\/\/cmm.imgw.pl\/wp-content\/uploads\/2023\/07\/image-4.png\" \/>\n\t<meta property=\"og:image:width\" content=\"996\" \/>\n\t<meta property=\"og:image:height\" content=\"664\" \/>\n\t<meta property=\"og:image:type\" content=\"image\/png\" \/>\n<meta name=\"author\" content=\"CMM\" \/>\n<meta name=\"twitter:card\" content=\"summary_large_image\" \/>\n<meta name=\"twitter:title\" content=\"Niebo na wakacje 2023\" \/>\n<meta name=\"twitter:description\" content=\"Lipcowo-sierpniowe niebo \u2013 z racji faktu, \u017ce w pobli\u017cu przesilenia letniego zmierzch przechodzi w \u015bwit \u2013 nie jest bardzo ciemne i atramentowo g\u0142\u0119bokie.\" \/>\n<meta name=\"twitter:image\" content=\"https:\/\/cmm.imgw.pl\/wp-content\/uploads\/2023\/07\/image-4.png\" \/>\n<meta name=\"twitter:creator\" content=\"@IMGW_CMM\" \/>\n<meta name=\"twitter:site\" content=\"@IMGW_CMM\" \/>\n<meta name=\"twitter:label1\" content=\"Napisane przez\" \/>\n\t<meta name=\"twitter:data1\" content=\"CMM\" \/>\n\t<meta name=\"twitter:label2\" content=\"Szacowany czas czytania\" \/>\n\t<meta name=\"twitter:data2\" content=\"2 minuty\" \/>\n<script type=\"application\/ld+json\" class=\"yoast-schema-graph\">{\"@context\":\"https:\/\/schema.org\",\"@graph\":[{\"@type\":\"Article\",\"@id\":\"https:\/\/cmm.imgw.pl\/?p=35007#article\",\"isPartOf\":{\"@id\":\"https:\/\/cmm.imgw.pl\/?p=35007\"},\"author\":{\"name\":\"CMM\",\"@id\":\"https:\/\/cmm.imgw.pl\/#\/schema\/person\/a24a37fe434fe76b0f5791e6bd3fdb46\"},\"headline\":\"Niebo na wakacje 2023\",\"datePublished\":\"2023-07-20T14:16:38+00:00\",\"dateModified\":\"2023-07-20T14:16:41+00:00\",\"mainEntityOfPage\":{\"@id\":\"https:\/\/cmm.imgw.pl\/?p=35007\"},\"wordCount\":466,\"publisher\":{\"@id\":\"https:\/\/cmm.imgw.pl\/#organization\"},\"articleSection\":[\"Komentarz\"],\"inLanguage\":\"pl-PL\"},{\"@type\":\"WebPage\",\"@id\":\"https:\/\/cmm.imgw.pl\/?p=35007\",\"url\":\"https:\/\/cmm.imgw.pl\/?p=35007\",\"name\":\"Niebo na wakacje 2023 - Laboratorium Modelowania Meteorologicznego CMOK IMGW-PIB\",\"isPartOf\":{\"@id\":\"https:\/\/cmm.imgw.pl\/#website\"},\"datePublished\":\"2023-07-20T14:16:38+00:00\",\"dateModified\":\"2023-07-20T14:16:41+00:00\",\"description\":\"Lipcowo-sierpniowe niebo \u2013 z racji faktu, \u017ce w pobli\u017cu przesilenia letniego zmierzch przechodzi w \u015bwit \u2013 nie jest bardzo ciemne i atramentowo g\u0142\u0119bokie.\",\"breadcrumb\":{\"@id\":\"https:\/\/cmm.imgw.pl\/?p=35007#breadcrumb\"},\"inLanguage\":\"pl-PL\",\"potentialAction\":[{\"@type\":\"ReadAction\",\"target\":[\"https:\/\/cmm.imgw.pl\/?p=35007\"]}]},{\"@type\":\"BreadcrumbList\",\"@id\":\"https:\/\/cmm.imgw.pl\/?p=35007#breadcrumb\",\"itemListElement\":[{\"@type\":\"ListItem\",\"position\":1,\"name\":\"Home\",\"item\":\"https:\/\/cmm.imgw.pl\/\"},{\"@type\":\"ListItem\",\"position\":2,\"name\":\"Niebo na wakacje 2023\"}]},{\"@type\":\"WebSite\",\"@id\":\"https:\/\/cmm.imgw.pl\/#website\",\"url\":\"https:\/\/cmm.imgw.pl\/\",\"name\":\"Laboratorium Modelowania Meteorologicznego CMOK IMGW-PIB\",\"description\":\"CMOK-LMM Laboratorium pe\u0142ni pa\u0144stwow\u0105 s\u0142u\u017cb\u0119 hydrologiczno-meteorologiczn\u0105 w zakresie numerycznych prognoz pogody, kt\u00f3rego zadaniem jest konsolidacja kompetencji w obszarze modelowania zjawisk pogodowych oraz dalszego rozwoju numerycznych modeli pogody (NMP).\",\"publisher\":{\"@id\":\"https:\/\/cmm.imgw.pl\/#organization\"},\"potentialAction\":[{\"@type\":\"SearchAction\",\"target\":{\"@type\":\"EntryPoint\",\"urlTemplate\":\"https:\/\/cmm.imgw.pl\/?s={search_term_string}\"},\"query-input\":\"required name=search_term_string\"}],\"inLanguage\":\"pl-PL\"},{\"@type\":\"Organization\",\"@id\":\"https:\/\/cmm.imgw.pl\/#organization\",\"name\":\"Laboratorium Modelowania Meteorologicznego CMOK IMGW-PIB\",\"url\":\"https:\/\/cmm.imgw.pl\/\",\"sameAs\":[\"https:\/\/www.facebook.com\/Meteoimgw\/\",\"https:\/\/twitter.com\/IMGW_CMM\"],\"logo\":{\"@type\":\"ImageObject\",\"inLanguage\":\"pl-PL\",\"@id\":\"https:\/\/cmm.imgw.pl\/#\/schema\/logo\/image\/\",\"url\":\"https:\/\/cmm.imgw.pl\/wp-content\/uploads\/2025\/10\/MODELE_LOGO_UNIFIKACJA_v2.png\",\"contentUrl\":\"https:\/\/cmm.imgw.pl\/wp-content\/uploads\/2025\/10\/MODELE_LOGO_UNIFIKACJA_v2.png\",\"width\":1356,\"height\":365,\"caption\":\"Laboratorium Modelowania Meteorologicznego CMOK IMGW-PIB\"},\"image\":{\"@id\":\"https:\/\/cmm.imgw.pl\/#\/schema\/logo\/image\/\"}},{\"@type\":\"Person\",\"@id\":\"https:\/\/cmm.imgw.pl\/#\/schema\/person\/a24a37fe434fe76b0f5791e6bd3fdb46\",\"name\":\"CMM\",\"image\":{\"@type\":\"ImageObject\",\"inLanguage\":\"pl-PL\",\"@id\":\"https:\/\/cmm.imgw.pl\/#\/schema\/person\/image\/\",\"url\":\"https:\/\/secure.gravatar.com\/avatar\/9248ea2273711f1cd09d6bd45867dbfb?s=96&d=blank&r=g\",\"contentUrl\":\"https:\/\/secure.gravatar.com\/avatar\/9248ea2273711f1cd09d6bd45867dbfb?s=96&d=blank&r=g\",\"caption\":\"CMM\"},\"sameAs\":[\"http:\/\/cmm.imgw.pl\"],\"url\":\"https:\/\/cmm.imgw.pl\/?author=3\"}]}<\/script>\n<!-- \/ Yoast SEO plugin. -->","yoast_head_json":{"title":"Niebo na wakacje 2023 - Laboratorium Modelowania Meteorologicznego CMOK IMGW-PIB","description":"Lipcowo-sierpniowe niebo \u2013 z racji faktu, \u017ce w pobli\u017cu przesilenia letniego zmierzch przechodzi w \u015bwit \u2013 nie jest bardzo ciemne i atramentowo g\u0142\u0119bokie.","robots":{"index":"index","follow":"follow","max-snippet":"max-snippet:-1","max-image-preview":"max-image-preview:large","max-video-preview":"max-video-preview:-1"},"canonical":"https:\/\/cmm.imgw.pl\/?p=35007","og_locale":"pl_PL","og_type":"article","og_title":"Niebo na wakacje 2023","og_description":"Lipcowo-sierpniowe niebo \u2013 z racji faktu, \u017ce w pobli\u017cu przesilenia letniego zmierzch przechodzi w \u015bwit \u2013 nie jest bardzo ciemne i atramentowo g\u0142\u0119bokie.","og_url":"https:\/\/cmm.imgw.pl\/?p=35007","og_site_name":"Laboratorium Modelowania Meteorologicznego CMOK IMGW-PIB","article_publisher":"https:\/\/www.facebook.com\/Meteoimgw\/","article_published_time":"2023-07-20T14:16:38+00:00","article_modified_time":"2023-07-20T14:16:41+00:00","og_image":[{"width":996,"height":664,"url":"http:\/\/cmm.imgw.pl\/wp-content\/uploads\/2023\/07\/image-4.png","type":"image\/png"}],"author":"CMM","twitter_card":"summary_large_image","twitter_title":"Niebo na wakacje 2023","twitter_description":"Lipcowo-sierpniowe niebo \u2013 z racji faktu, \u017ce w pobli\u017cu przesilenia letniego zmierzch przechodzi w \u015bwit \u2013 nie jest bardzo ciemne i atramentowo g\u0142\u0119bokie.","twitter_image":"https:\/\/cmm.imgw.pl\/wp-content\/uploads\/2023\/07\/image-4.png","twitter_creator":"@IMGW_CMM","twitter_site":"@IMGW_CMM","twitter_misc":{"Napisane przez":"CMM","Szacowany czas czytania":"2 minuty"},"schema":{"@context":"https:\/\/schema.org","@graph":[{"@type":"Article","@id":"https:\/\/cmm.imgw.pl\/?p=35007#article","isPartOf":{"@id":"https:\/\/cmm.imgw.pl\/?p=35007"},"author":{"name":"CMM","@id":"https:\/\/cmm.imgw.pl\/#\/schema\/person\/a24a37fe434fe76b0f5791e6bd3fdb46"},"headline":"Niebo na wakacje 2023","datePublished":"2023-07-20T14:16:38+00:00","dateModified":"2023-07-20T14:16:41+00:00","mainEntityOfPage":{"@id":"https:\/\/cmm.imgw.pl\/?p=35007"},"wordCount":466,"publisher":{"@id":"https:\/\/cmm.imgw.pl\/#organization"},"articleSection":["Komentarz"],"inLanguage":"pl-PL"},{"@type":"WebPage","@id":"https:\/\/cmm.imgw.pl\/?p=35007","url":"https:\/\/cmm.imgw.pl\/?p=35007","name":"Niebo na wakacje 2023 - Laboratorium Modelowania Meteorologicznego CMOK IMGW-PIB","isPartOf":{"@id":"https:\/\/cmm.imgw.pl\/#website"},"datePublished":"2023-07-20T14:16:38+00:00","dateModified":"2023-07-20T14:16:41+00:00","description":"Lipcowo-sierpniowe niebo \u2013 z racji faktu, \u017ce w pobli\u017cu przesilenia letniego zmierzch przechodzi w \u015bwit \u2013 nie jest bardzo ciemne i atramentowo g\u0142\u0119bokie.","breadcrumb":{"@id":"https:\/\/cmm.imgw.pl\/?p=35007#breadcrumb"},"inLanguage":"pl-PL","potentialAction":[{"@type":"ReadAction","target":["https:\/\/cmm.imgw.pl\/?p=35007"]}]},{"@type":"BreadcrumbList","@id":"https:\/\/cmm.imgw.pl\/?p=35007#breadcrumb","itemListElement":[{"@type":"ListItem","position":1,"name":"Home","item":"https:\/\/cmm.imgw.pl\/"},{"@type":"ListItem","position":2,"name":"Niebo na wakacje 2023"}]},{"@type":"WebSite","@id":"https:\/\/cmm.imgw.pl\/#website","url":"https:\/\/cmm.imgw.pl\/","name":"Laboratorium Modelowania Meteorologicznego CMOK IMGW-PIB","description":"CMOK-LMM Laboratorium pe\u0142ni pa\u0144stwow\u0105 s\u0142u\u017cb\u0119 hydrologiczno-meteorologiczn\u0105 w zakresie numerycznych prognoz pogody, kt\u00f3rego zadaniem jest konsolidacja kompetencji w obszarze modelowania zjawisk pogodowych oraz dalszego rozwoju numerycznych modeli pogody (NMP).","publisher":{"@id":"https:\/\/cmm.imgw.pl\/#organization"},"potentialAction":[{"@type":"SearchAction","target":{"@type":"EntryPoint","urlTemplate":"https:\/\/cmm.imgw.pl\/?s={search_term_string}"},"query-input":"required name=search_term_string"}],"inLanguage":"pl-PL"},{"@type":"Organization","@id":"https:\/\/cmm.imgw.pl\/#organization","name":"Laboratorium Modelowania Meteorologicznego CMOK IMGW-PIB","url":"https:\/\/cmm.imgw.pl\/","sameAs":["https:\/\/www.facebook.com\/Meteoimgw\/","https:\/\/twitter.com\/IMGW_CMM"],"logo":{"@type":"ImageObject","inLanguage":"pl-PL","@id":"https:\/\/cmm.imgw.pl\/#\/schema\/logo\/image\/","url":"https:\/\/cmm.imgw.pl\/wp-content\/uploads\/2025\/10\/MODELE_LOGO_UNIFIKACJA_v2.png","contentUrl":"https:\/\/cmm.imgw.pl\/wp-content\/uploads\/2025\/10\/MODELE_LOGO_UNIFIKACJA_v2.png","width":1356,"height":365,"caption":"Laboratorium Modelowania Meteorologicznego CMOK IMGW-PIB"},"image":{"@id":"https:\/\/cmm.imgw.pl\/#\/schema\/logo\/image\/"}},{"@type":"Person","@id":"https:\/\/cmm.imgw.pl\/#\/schema\/person\/a24a37fe434fe76b0f5791e6bd3fdb46","name":"CMM","image":{"@type":"ImageObject","inLanguage":"pl-PL","@id":"https:\/\/cmm.imgw.pl\/#\/schema\/person\/image\/","url":"https:\/\/secure.gravatar.com\/avatar\/9248ea2273711f1cd09d6bd45867dbfb?s=96&d=blank&r=g","contentUrl":"https:\/\/secure.gravatar.com\/avatar\/9248ea2273711f1cd09d6bd45867dbfb?s=96&d=blank&r=g","caption":"CMM"},"sameAs":["http:\/\/cmm.imgw.pl"],"url":"https:\/\/cmm.imgw.pl\/?author=3"}]}},"_links":{"self":[{"href":"https:\/\/cmm.imgw.pl\/index.php?rest_route=\/wp\/v2\/posts\/35007"}],"collection":[{"href":"https:\/\/cmm.imgw.pl\/index.php?rest_route=\/wp\/v2\/posts"}],"about":[{"href":"https:\/\/cmm.imgw.pl\/index.php?rest_route=\/wp\/v2\/types\/post"}],"author":[{"embeddable":true,"href":"https:\/\/cmm.imgw.pl\/index.php?rest_route=\/wp\/v2\/users\/3"}],"replies":[{"embeddable":true,"href":"https:\/\/cmm.imgw.pl\/index.php?rest_route=%2Fwp%2Fv2%2Fcomments&post=35007"}],"version-history":[{"count":1,"href":"https:\/\/cmm.imgw.pl\/index.php?rest_route=\/wp\/v2\/posts\/35007\/revisions"}],"predecessor-version":[{"id":35009,"href":"https:\/\/cmm.imgw.pl\/index.php?rest_route=\/wp\/v2\/posts\/35007\/revisions\/35009"}],"wp:attachment":[{"href":"https:\/\/cmm.imgw.pl\/index.php?rest_route=%2Fwp%2Fv2%2Fmedia&parent=35007"}],"wp:term":[{"taxonomy":"category","embeddable":true,"href":"https:\/\/cmm.imgw.pl\/index.php?rest_route=%2Fwp%2Fv2%2Fcategories&post=35007"},{"taxonomy":"post_tag","embeddable":true,"href":"https:\/\/cmm.imgw.pl\/index.php?rest_route=%2Fwp%2Fv2%2Ftags&post=35007"}],"curies":[{"name":"wp","href":"https:\/\/api.w.org\/{rel}","templated":true}]}}