{"id":34828,"date":"2023-07-19T05:52:33","date_gmt":"2023-07-19T03:52:33","guid":{"rendered":"https:\/\/cmm.imgw.pl\/?p=34828"},"modified":"2023-07-19T05:52:35","modified_gmt":"2023-07-19T03:52:35","slug":"komentarz-do-numerycznych-prognoz-pogody-19-20-07-2023","status":"publish","type":"post","link":"https:\/\/cmm.imgw.pl\/?p=34828","title":{"rendered":"Komentarz do numerycznych prognoz pogody (19\/20.07.2023)"},"content":{"rendered":"\n<figure class=\"wp-block-image size-large\"><img loading=\"lazy\" width=\"1024\" height=\"576\" src=\"https:\/\/cmm.imgw.pl\/wp-content\/uploads\/2023\/03\/komentarz4-1-1024x576.png\" alt=\"\" class=\"wp-image-23617\" srcset=\"https:\/\/cmm.imgw.pl\/wp-content\/uploads\/2023\/03\/komentarz4-1-1024x576.png 1024w, https:\/\/cmm.imgw.pl\/wp-content\/uploads\/2023\/03\/komentarz4-1-300x169.png 300w, https:\/\/cmm.imgw.pl\/wp-content\/uploads\/2023\/03\/komentarz4-1-768x432.png 768w, https:\/\/cmm.imgw.pl\/wp-content\/uploads\/2023\/03\/komentarz4-1-800x450.png 800w, https:\/\/cmm.imgw.pl\/wp-content\/uploads\/2023\/03\/komentarz4-1.png 1280w\" sizes=\"(max-width: 1024px) 100vw, 1024px\" \/><\/figure>\n\n\n\n<p><em>Tre\u015b\u0107 komentarza do numerycznych prognoz meteorologicznych stanowi niezale\u017cne od biura prognoz meteorologicznych opracowanie wykonane w Centrum Modelowania Meteorologicznego i nie stanowi oficjalnej prognozy synoptycznej IMGW-PIB.<\/em><\/p>\n\n\n\n<p><strong>Opracowanie:<\/strong><\/p>\n\n\n\n<p><strong>dr&nbsp;Grzegorz&nbsp;Duniec, <a href=\"https:\/\/cmm.imgw.pl\/\" target=\"_blank\" rel=\"noreferrer noopener\"><mark style=\"background-color:rgba(0, 0, 0, 0)\" class=\"has-inline-color has-vivid-cyan-blue-color\">Centrum Modelowania Meteorologicznego IMGW-PIB<\/mark><\/a><\/strong><\/p>\n\n\n<p><strong>Sytuacja synoptyczna w Europie z godziny 18 UTC, 18 VII 2023 roku<\/strong><\/p>\n<p><img loading=\"lazy\" width=\"1385\" height=\"983\" class=\"wp-image-34829 aligncenter\" src=\"http:\/\/cmm.imgw.pl\/wp-content\/uploads\/2023\/07\/obraz-zawierajacy-mapa-tekst-atlas-opis-wygener-8.png\" alt=\"Obraz zawieraj\u0105cy mapa, tekst, atlas\n\nOpis wygenerowany automatycznie\" srcset=\"https:\/\/cmm.imgw.pl\/wp-content\/uploads\/2023\/07\/obraz-zawierajacy-mapa-tekst-atlas-opis-wygener-8.png 1385w, https:\/\/cmm.imgw.pl\/wp-content\/uploads\/2023\/07\/obraz-zawierajacy-mapa-tekst-atlas-opis-wygener-8-300x213.png 300w, https:\/\/cmm.imgw.pl\/wp-content\/uploads\/2023\/07\/obraz-zawierajacy-mapa-tekst-atlas-opis-wygener-8-1024x727.png 1024w, https:\/\/cmm.imgw.pl\/wp-content\/uploads\/2023\/07\/obraz-zawierajacy-mapa-tekst-atlas-opis-wygener-8-768x545.png 768w\" sizes=\"(max-width: 1385px) 100vw, 1385px\" \/><\/p>\n<p>Polska znajduje si\u0119 w zasi\u0119gu obszaru podwy\u017cszonego ci\u015bnienia. Ni\u017c znad Morza Norweskiego przemie\u015bci\u0142 si\u0119 nad Skandynawi\u0119 i si\u0119 wype\u0142nia. Z ni\u017cem zwi\u0105zany jest rozleg\u0142y pofalowany front atmosferyczny, kt\u00f3ry zalega nad obszarem p\u00f3\u0142nocnej Norwegii, zachodniej Rosji, po\u0142udniowej Europy a\u017c po Zatok\u0119 Biskajsk\u0105. Wy\u017cej wymieniony ni\u017c jest uk\u0142adem dwucentrowym. Drugi o\u015brodek znajduje si\u0119 nad p\u00f3\u0142nocn\u0105 Szwecj\u0105 i zwi\u0105zany jest z nim front okluzji zalegaj\u0105cy nad Finlandi\u0105. Nad Morzem Norweskim zalega kolejny o\u015brodek ni\u017cowy z centrum 999,3 hPa. Front atmosferyczny zwi\u0105zany z tym o\u015brodkiem znajduje si\u0119 nad Morzem Norweskim i Barentsa i dalej powierzchnia frontowa prawdopodobnie wkroczy\u0142a nad kontynent. Nad ENE Europ\u0105 zalega w dalszym ci\u0105gu p\u0142ytki ni\u017c, w stadium okluzji. Nad P\u0142w. Iberyjskim tradycyjnie zalega p\u0142ytki ni\u017c. Nad P\u0142w. Azji Mniejszej wyst\u0119puje p\u0142ytki ni\u017c. Nad Wielk\u0105 Brytania i Atlantykiem zalega ni\u017c z frontem atmosferycznym.<\/p>\n<p><strong>Analiza g\u00f3rnego pola ci\u015bnienia z dnia 18 VII 2023 roku, godzina 12 UTC<\/strong><\/p>\n<p><img loading=\"lazy\" width=\"1220\" height=\"1542\" class=\"wp-image-34830 aligncenter\" src=\"http:\/\/cmm.imgw.pl\/wp-content\/uploads\/2023\/07\/obraz-zawierajacy-tekst-mapa-diagram-opis-wygen-10.gif\" alt=\"Obraz zawieraj\u0105cy tekst, mapa, diagram\n\nOpis wygenerowany automatycznie\" \/> <img loading=\"lazy\" width=\"1220\" height=\"1542\" class=\"wp-image-34831 aligncenter\" src=\"http:\/\/cmm.imgw.pl\/wp-content\/uploads\/2023\/07\/obraz-zawierajacy-mapa-tekst-diagram-opis-wygen-4.gif\" alt=\"Obraz zawieraj\u0105cy mapa, tekst, diagram\n\nOpis wygenerowany automatycznie\" \/> <img loading=\"lazy\" width=\"1221\" height=\"1545\" class=\"wp-image-34832 aligncenter\" src=\"http:\/\/cmm.imgw.pl\/wp-content\/uploads\/2023\/07\/obraz-zawierajacy-mapa-tekst-diagram-opis-wygen-5.gif\" alt=\"Obraz zawieraj\u0105cy mapa, tekst, diagram\n\nOpis wygenerowany automatycznie\" \/><\/p>\n<p>Zalegaj\u0105cy nad p\u00f3\u0142nocn\u0105 Norwegi\u0105 ni\u017c oraz ni\u017c znad Morza Norweskiego na wy\u017cszych poziomach zlewaj\u0105 si\u0119 w jeden o\u015brodek cykloniczny zalegaj\u0105cy nad Morzem Norweskim. Uk\u0142ad jest wysokim uk\u0142adem baryczny. G\u0142\u0119boko\u015b\u0107 wiru cyklonicznego zmniejszy\u0142a si\u0119 na wysoko\u015bci 850 hPa oraz 700 hPa na pozosta\u0142ych poziomach g\u0142\u0119boko\u015b\u0107 wiru nie zmieni\u0142a si\u0119. Wyst\u0119puj\u0105cy nad ENE Europ\u0105 ni\u017c nadal jest wysokim uk\u0142adem barycznym. Pomi\u0119dzy tymi dwoma uk\u0142adami niskiego ci\u015bnienia zalega klin. Nad Morzem \u015ar\u00f3dziemnym wyst\u0119puje \u015bredni uk\u0142ad wysokiego ci\u015bnienia. Wy\u017cej izohipsy gi\u0119te na kszta\u0142t klina. Nad Atlantykiem zalega pofalowany front, na kt\u00f3rym utworzy\u0142a si\u0119 zamkni\u0119ta cyrkulacja cykloniczna. Na wy\u017cszych poziomach izohipsy szybko si\u0119 prostuj\u0105 i ju\u017c na wysoko\u015bci 850 hPa s\u0105 gi\u0119te na kszta\u0142t zatoki.<\/p>\n<p><strong>Analiza g\u00f3rnego pola wiatru, 18 VII 2023 roku, godzina 18 UTC<\/strong><\/p>\n<p><img loading=\"lazy\" width=\"2156\" height=\"1728\" class=\"wp-image-34833 aligncenter\" src=\"http:\/\/cmm.imgw.pl\/wp-content\/uploads\/2023\/07\/obraz-zawierajacy-tekst-diagram-szkic-rysowanie.png\" alt=\"Obraz zawieraj\u0105cy tekst, diagram, szkic, rysowanie\n\nOpis wygenerowany automatycznie\" srcset=\"https:\/\/cmm.imgw.pl\/wp-content\/uploads\/2023\/07\/obraz-zawierajacy-tekst-diagram-szkic-rysowanie.png 2156w, https:\/\/cmm.imgw.pl\/wp-content\/uploads\/2023\/07\/obraz-zawierajacy-tekst-diagram-szkic-rysowanie-300x240.png 300w, https:\/\/cmm.imgw.pl\/wp-content\/uploads\/2023\/07\/obraz-zawierajacy-tekst-diagram-szkic-rysowanie-1024x821.png 1024w, https:\/\/cmm.imgw.pl\/wp-content\/uploads\/2023\/07\/obraz-zawierajacy-tekst-diagram-szkic-rysowanie-768x616.png 768w, https:\/\/cmm.imgw.pl\/wp-content\/uploads\/2023\/07\/obraz-zawierajacy-tekst-diagram-szkic-rysowanie-1536x1231.png 1536w, https:\/\/cmm.imgw.pl\/wp-content\/uploads\/2023\/07\/obraz-zawierajacy-tekst-diagram-szkic-rysowanie-2048x1641.png 2048w\" sizes=\"(max-width: 2156px) 100vw, 2156px\" \/><\/p>\n<p>Od po\u0142udniowej Irlandii i Anglii a\u017c po p\u00f3\u0142nocne Niemcy zalega pr\u0105d strumieniowy na wysoko\u015bci FL340, z maksymaln\u0105 pr\u0119dko\u015bci\u0105 w osi pr\u0105du 45 m\/s. Od Hiszpanii a\u017c po Ukrain\u0119 wyst\u0119puje pr\u0105d strumieniowy na wysoko\u015bci FL390, z maksymaln\u0105 pr\u0119dko\u015bci\u0105 w osi pr\u0105du 50 m\/s. Nad po\u0142udniowo wschodni\u0105 Europ\u0105 utrzymuje si\u0119 pr\u0105d strumieniowy na wysoko\u015bci FL340, z maksymaln\u0105 pr\u0119dko\u015bci\u0105 w osi pr\u0105du 40 m\/s.<\/p>\n<p>W obszarze przerywanej linii [1] wyst\u0119puje turbulencja czystego nieba w przedziale wysoko\u015bci FL240\/320. W obszarze przerywanej linii [2] wyst\u0119puje turbulencja czystego nieba w przedziale wysoko\u015bci FL290\/410.<\/p>\n<p><img loading=\"lazy\" width=\"600\" height=\"640\" class=\"wp-image-34834 aligncenter\" src=\"http:\/\/cmm.imgw.pl\/wp-content\/uploads\/2023\/07\/word-image-34828-6.png\" srcset=\"https:\/\/cmm.imgw.pl\/wp-content\/uploads\/2023\/07\/word-image-34828-6.png 600w, https:\/\/cmm.imgw.pl\/wp-content\/uploads\/2023\/07\/word-image-34828-6-281x300.png 281w\" sizes=\"(max-width: 600px) 100vw, 600px\" \/><\/p>\n<p>Nad po\u0142udniow\u0105 Polsk\u0105, na poziomie 300 hPa, wyst\u0119powa\u0107 powinna strefa zwi\u0119kszonej pr\u0119dko\u015bci wiatru 45-50 m\/s.<\/p>\n<p><strong>Tropopauza<\/strong><\/p>\n<p>Nad p\u00f3\u0142noc od Kijowa, w zachodniej Rosji, zalega ni\u017c tropopauzy (powierzchnia izobaryczna wykazuje tendencja do obni\u017cenia do wysoko\u015bci FL280).<\/p>\n<p><strong>Analiza termiczna troposfery<\/strong><\/p>\n<p><img loading=\"lazy\" width=\"634\" height=\"490\" class=\"wp-image-34835 aligncenter\" src=\"http:\/\/cmm.imgw.pl\/wp-content\/uploads\/2023\/07\/thck-500-1000hpa-gfs-wto-18-07-2023-18-utc.gif\" alt=\"Thck 500-1000hPa GFS wto. 18.07.2023 18 UTC\" \/> <img loading=\"lazy\" width=\"634\" height=\"490\" class=\"wp-image-34836 aligncenter\" src=\"http:\/\/cmm.imgw.pl\/wp-content\/uploads\/2023\/07\/theta-w-850hpa-gfs-wto-18-07-2023-18-utc.gif\" alt=\"Theta-W 850hPa GFS wto. 18.07.2023 18 UTC\" \/><\/p>\n<p>Nad Skandynawi\u0105, Morzem Norweskim, P\u00f3\u0142nocnym, Barentsa, Islandi\u0105, Wyspami Brytyjskimi, P\u0142w. Kolskim, Holandi\u0105, Dani\u0105, p\u00f3\u0142nocna Francj\u0105 i Niemcami oraz p\u00f3\u0142nocn\u0105 Polsk\u0105 zalega obszar ch\u0142odu. Pozosta\u0142y obszar kontynentu w zasi\u0119gu ciep\u0142a. Nad po\u0142udniow\u0105 Europ\u0105 zalega obszar bardzo ciep\u0142ej masy powietrza.<\/p>\n<p>Islandia i Morze Norweskie w zasi\u0119gu powietrza arktycznego. P\u00f3\u0142nocno zachodni i zachodni obszar Rosji pod wp\u0142ywem powietrza polarno-kontynentalnego. Europa po\u0142udniowa, Morze \u015ar\u00f3dziemne w zasi\u0119gu powietrza zwrotnikowego. Pozosta\u0142y obszar kontynentu w zasi\u0119gu powietrza polarno-morskiego.<\/p>\n<p><img loading=\"lazy\" width=\"600\" height=\"640\" class=\"wp-image-34837 aligncenter\" src=\"http:\/\/cmm.imgw.pl\/wp-content\/uploads\/2023\/07\/word-image-34828-9.png\" srcset=\"https:\/\/cmm.imgw.pl\/wp-content\/uploads\/2023\/07\/word-image-34828-9.png 600w, https:\/\/cmm.imgw.pl\/wp-content\/uploads\/2023\/07\/word-image-34828-9-281x300.png 281w\" sizes=\"(max-width: 600px) 100vw, 600px\" \/> <img loading=\"lazy\" width=\"600\" height=\"640\" class=\"wp-image-34838 aligncenter\" src=\"http:\/\/cmm.imgw.pl\/wp-content\/uploads\/2023\/07\/word-image-34828-10.png\" srcset=\"https:\/\/cmm.imgw.pl\/wp-content\/uploads\/2023\/07\/word-image-34828-10.png 600w, https:\/\/cmm.imgw.pl\/wp-content\/uploads\/2023\/07\/word-image-34828-10-281x300.png 281w\" sizes=\"(max-width: 600px) 100vw, 600px\" \/> <img loading=\"lazy\" width=\"600\" height=\"640\" class=\"wp-image-34839 aligncenter\" src=\"http:\/\/cmm.imgw.pl\/wp-content\/uploads\/2023\/07\/word-image-34828-11.png\" srcset=\"https:\/\/cmm.imgw.pl\/wp-content\/uploads\/2023\/07\/word-image-34828-11.png 600w, https:\/\/cmm.imgw.pl\/wp-content\/uploads\/2023\/07\/word-image-34828-11-281x300.png 281w\" sizes=\"(max-width: 600px) 100vw, 600px\" \/><\/p>\n<p>Najch\u0142odniejsza masa powietrza zalega na p\u00f3\u0142nocy, najcieplejsza na po\u0142udniu kraju. Do Polski nap\u0142ywa masa powietrza z zachodu.<\/p>\n<p><img loading=\"lazy\" width=\"600\" height=\"640\" class=\"wp-image-34840 aligncenter\" src=\"http:\/\/cmm.imgw.pl\/wp-content\/uploads\/2023\/07\/word-image-34828-12.png\" srcset=\"https:\/\/cmm.imgw.pl\/wp-content\/uploads\/2023\/07\/word-image-34828-12.png 600w, https:\/\/cmm.imgw.pl\/wp-content\/uploads\/2023\/07\/word-image-34828-12-281x300.png 281w\" sizes=\"(max-width: 600px) 100vw, 600px\" \/><\/p>\n<p>Zapas wody w pionowym s\u0142upie powietrza o przekroju 1 m<sup>2 <\/sup>(TPW) wynosi 20-24 mm.<\/p>\n<p><strong>Rozw\u00f3j sytuacji barycznej nad Europ\u0105 <\/strong><\/p>\n<p><img loading=\"lazy\" width=\"1075\" height=\"764\" class=\"wp-image-34841 aligncenter\" src=\"http:\/\/cmm.imgw.pl\/wp-content\/uploads\/2023\/07\/obraz-zawierajacy-mapa-tekst-atlas-diagram-opi-15.gif\" alt=\"Obraz zawieraj\u0105cy mapa, tekst, atlas, diagram\n\nOpis wygenerowany automatycznie\" \/> <img loading=\"lazy\" width=\"1075\" height=\"764\" class=\"wp-image-34842 aligncenter\" src=\"http:\/\/cmm.imgw.pl\/wp-content\/uploads\/2023\/07\/obraz-zawierajacy-mapa-tekst-diagram-atlas-opi-4.gif\" alt=\"Obraz zawieraj\u0105cy mapa, tekst, diagram, atlas\n\nOpis wygenerowany automatycznie\" \/><\/p>\n<p>Nad Europ\u0105 centraln\u0105 i po\u0142udniowo zachodni\u0105 zalega zatoka, w kt\u00f3rej znajduje si\u0119 pofalowany front atmosferyczny. Pogod\u0119 w Polsce w po\u0142udniowej kszta\u0142towa\u0107 b\u0119dzie pofalowany front atmosferyczny. W ci\u0105gu najbli\u017cszej doby zatoka ulegnie wype\u0142nieniu a front ulegnie frontolizie. Nad Europ\u0105 wschodni\u0105 znajduje si\u0119 kolejna zatoka, w kt\u00f3rej wyst\u0119powa\u0107 b\u0119dzie pofalowany front z wyodr\u0119bnionym ciep\u0142ych i ch\u0142odnym odcinkiem. Front ulega\u0107 b\u0119dzie dalszej deformacji i ju\u017c w nocy ni\u017c b\u0119dzie w stadium okludowania. Nad Morzem Norweskim znajduje si\u0119 p\u0142ytki ni\u017c z frontem okluzji, kt\u00f3ry ulegnie frontolizie a wir cykloniczny wype\u0142ni si\u0119. Na zach\u00f3d od Zatoki Biskajskiej, nad Atlantykiem, wyst\u0119powa\u0107 b\u0119dzie zatoka z frontem atmosferycznym. Na zach\u00f3d od Wysp Brytyjskich, nad Atlantykiem, wyst\u0119powa\u0107 b\u0119dzie s\u0142aby wy\u017c.<\/p>\n<p><strong>Rozw\u00f3j g\u00f3rnego pola ci\u015bnienia<\/strong><\/p>\n<p><img loading=\"lazy\" width=\"557\" height=\"386\" class=\"wp-image-34843 aligncenter\" src=\"http:\/\/cmm.imgw.pl\/wp-content\/uploads\/2023\/07\/word-image-34828-15.png\" srcset=\"https:\/\/cmm.imgw.pl\/wp-content\/uploads\/2023\/07\/word-image-34828-15.png 557w, https:\/\/cmm.imgw.pl\/wp-content\/uploads\/2023\/07\/word-image-34828-15-300x208.png 300w\" sizes=\"(max-width: 557px) 100vw, 557px\" \/> <img loading=\"lazy\" width=\"548\" height=\"382\" class=\"wp-image-34844 aligncenter\" src=\"http:\/\/cmm.imgw.pl\/wp-content\/uploads\/2023\/07\/word-image-34828-16.png\" srcset=\"https:\/\/cmm.imgw.pl\/wp-content\/uploads\/2023\/07\/word-image-34828-16.png 548w, https:\/\/cmm.imgw.pl\/wp-content\/uploads\/2023\/07\/word-image-34828-16-300x209.png 300w\" sizes=\"(max-width: 548px) 100vw, 548px\" \/> <img loading=\"lazy\" width=\"558\" height=\"386\" class=\"wp-image-34845 aligncenter\" src=\"http:\/\/cmm.imgw.pl\/wp-content\/uploads\/2023\/07\/word-image-34828-17.png\" srcset=\"https:\/\/cmm.imgw.pl\/wp-content\/uploads\/2023\/07\/word-image-34828-17.png 558w, https:\/\/cmm.imgw.pl\/wp-content\/uploads\/2023\/07\/word-image-34828-17-300x208.png 300w\" sizes=\"(max-width: 558px) 100vw, 558px\" \/> <img loading=\"lazy\" width=\"555\" height=\"383\" class=\"wp-image-34846 aligncenter\" src=\"http:\/\/cmm.imgw.pl\/wp-content\/uploads\/2023\/07\/word-image-34828-18.png\" srcset=\"https:\/\/cmm.imgw.pl\/wp-content\/uploads\/2023\/07\/word-image-34828-18.png 555w, https:\/\/cmm.imgw.pl\/wp-content\/uploads\/2023\/07\/word-image-34828-18-300x207.png 300w\" sizes=\"(max-width: 555px) 100vw, 555px\" \/> <img loading=\"lazy\" width=\"557\" height=\"383\" class=\"wp-image-34847 aligncenter\" src=\"http:\/\/cmm.imgw.pl\/wp-content\/uploads\/2023\/07\/word-image-34828-19.png\" srcset=\"https:\/\/cmm.imgw.pl\/wp-content\/uploads\/2023\/07\/word-image-34828-19.png 557w, https:\/\/cmm.imgw.pl\/wp-content\/uploads\/2023\/07\/word-image-34828-19-300x206.png 300w\" sizes=\"(max-width: 557px) 100vw, 557px\" \/> <img loading=\"lazy\" width=\"555\" height=\"390\" class=\"wp-image-34848 aligncenter\" src=\"http:\/\/cmm.imgw.pl\/wp-content\/uploads\/2023\/07\/word-image-34828-20.png\" srcset=\"https:\/\/cmm.imgw.pl\/wp-content\/uploads\/2023\/07\/word-image-34828-20.png 555w, https:\/\/cmm.imgw.pl\/wp-content\/uploads\/2023\/07\/word-image-34828-20-300x211.png 300w\" sizes=\"(max-width: 555px) 100vw, 555px\" \/><\/p>\n<p>Ni\u017c zalegaj\u0105cy nad Morzem Norweskim b\u0119dzie wysokim uk\u0142adem barycznym. Poziom wype\u0142niania dotrze do poziomu 500 hPa. Ju\u017c w nocy ze \u015brody na czwartek izohipsy wyprostuj\u0105 i zaniknie zamkni\u0119ta cyrkulacja cykloniczna na poziomie 850 hPa oraz 500 hPa. Ni\u017c zalegaj\u0105cy nad ENE Europy b\u0119dzie si\u0119 pog\u0142\u0119bia\u0142 na wszystkich poziomach. Na wysoko\u015bci 500 hPa oba o\u015brodki b\u0119d\u0105 obj\u0119te izohips\u0105 552 gpdam. Nad Atlantykiem izohipsy b\u0119d\u0105 gi\u0119te na kszta\u0142t zatoki.<\/p>\n<p><strong>Rozw\u00f3j g\u00f3rnego pola wiatru<\/strong><\/p>\n<p><img loading=\"lazy\" width=\"2156\" height=\"1728\" class=\"wp-image-34849 aligncenter\" src=\"http:\/\/cmm.imgw.pl\/wp-content\/uploads\/2023\/07\/obraz-zawierajacy-mapa-tekst-diagram-opis-wygen-3.png\" alt=\"Obraz zawieraj\u0105cy mapa, tekst, diagram\n\nOpis wygenerowany automatycznie\" srcset=\"https:\/\/cmm.imgw.pl\/wp-content\/uploads\/2023\/07\/obraz-zawierajacy-mapa-tekst-diagram-opis-wygen-3.png 2156w, https:\/\/cmm.imgw.pl\/wp-content\/uploads\/2023\/07\/obraz-zawierajacy-mapa-tekst-diagram-opis-wygen-3-300x240.png 300w, https:\/\/cmm.imgw.pl\/wp-content\/uploads\/2023\/07\/obraz-zawierajacy-mapa-tekst-diagram-opis-wygen-3-1024x821.png 1024w, https:\/\/cmm.imgw.pl\/wp-content\/uploads\/2023\/07\/obraz-zawierajacy-mapa-tekst-diagram-opis-wygen-3-768x616.png 768w, https:\/\/cmm.imgw.pl\/wp-content\/uploads\/2023\/07\/obraz-zawierajacy-mapa-tekst-diagram-opis-wygen-3-1536x1231.png 1536w, https:\/\/cmm.imgw.pl\/wp-content\/uploads\/2023\/07\/obraz-zawierajacy-mapa-tekst-diagram-opis-wygen-3-2048x1641.png 2048w\" sizes=\"(max-width: 2156px) 100vw, 2156px\" \/><\/p>\n<p>Nad Atlantykiem, Francj\u0105, Niemcami, nad po\u0142udniow\u0105 i centraln\u0105 Polsk\u0105 oraz Ukrain\u0105 zalega\u0107 b\u0119dzie pr\u0105d strumieniowy na wysoko\u015bci FL360, z maksymaln\u0105 pr\u0119dko\u015bci\u0105 w osi pr\u0105du 45 m\/s. Przy granicy rosyjsko-fi\u0144skiej wyst\u0119powa\u0107 b\u0119dzie pr\u0105d strumieniowy na wysoko\u015bci FL330, z maksymaln\u0105 pr\u0119dko\u015bci\u0105 w osi pr\u0105du 45-55 m\/s.<\/p>\n<p>W obszarze przerywanej linii [1] wyst\u0119powa\u0107 b\u0119dzie turbulencja czystego nieba w przedziale wysoko\u015bci FL270\/380. W obszarze przerywanej linii [2] wyst\u0119powa\u0107 b\u0119dzie turbulencja czystego nieba w przedziale wysoko\u015bci FL280\/360. W obszarze przerywanej linii [3] wyst\u0119powa\u0107 b\u0119dzie turbulencja czystego nieba w przedziale wysoko\u015bci FL280\/420.<\/p>\n<p><img loading=\"lazy\" width=\"600\" height=\"640\" class=\"wp-image-34850 aligncenter\" src=\"http:\/\/cmm.imgw.pl\/wp-content\/uploads\/2023\/07\/word-image-34828-22.png\" srcset=\"https:\/\/cmm.imgw.pl\/wp-content\/uploads\/2023\/07\/word-image-34828-22.png 600w, https:\/\/cmm.imgw.pl\/wp-content\/uploads\/2023\/07\/word-image-34828-22-281x300.png 281w\" sizes=\"(max-width: 600px) 100vw, 600px\" \/> <img loading=\"lazy\" width=\"600\" height=\"640\" class=\"wp-image-34851 aligncenter\" src=\"http:\/\/cmm.imgw.pl\/wp-content\/uploads\/2023\/07\/word-image-34828-23.png\" srcset=\"https:\/\/cmm.imgw.pl\/wp-content\/uploads\/2023\/07\/word-image-34828-23.png 600w, https:\/\/cmm.imgw.pl\/wp-content\/uploads\/2023\/07\/word-image-34828-23-281x300.png 281w\" sizes=\"(max-width: 600px) 100vw, 600px\" \/> <img loading=\"lazy\" width=\"600\" height=\"640\" class=\"wp-image-34852 aligncenter\" src=\"http:\/\/cmm.imgw.pl\/wp-content\/uploads\/2023\/07\/word-image-34828-24.png\" srcset=\"https:\/\/cmm.imgw.pl\/wp-content\/uploads\/2023\/07\/word-image-34828-24.png 600w, https:\/\/cmm.imgw.pl\/wp-content\/uploads\/2023\/07\/word-image-34828-24-281x300.png 281w\" sizes=\"(max-width: 600px) 100vw, 600px\" \/><\/p>\n<p>Rano w \u015brod\u0119 z zachodu zacznie nasuwa\u0107 si\u0119 strefa zwi\u0119kszonej pr\u0119dko\u015bci wiatru. Wieczorem strefa zalega\u0107 b\u0119dzie w pasie Polski centralnej. Strefa nast\u0119pnie b\u0119dzie przemieszcza\u0107 si\u0119 na wsch\u00f3d.<\/p>\n<p><strong>Rozw\u00f3j warunk\u00f3w termicznych troposfery<\/strong><\/p>\n<p><img loading=\"lazy\" width=\"634\" height=\"490\" class=\"wp-image-34853 aligncenter\" src=\"http:\/\/cmm.imgw.pl\/wp-content\/uploads\/2023\/07\/thck-500-1000hpa-gfs-sro-19-07-2023-12-utc-1.gif\" alt=\"Thck 500-1000hPa GFS \u015bro. 19.07.2023 12 UTC\" \/> <img loading=\"lazy\" width=\"634\" height=\"490\" class=\"wp-image-34854 aligncenter\" src=\"http:\/\/cmm.imgw.pl\/wp-content\/uploads\/2023\/07\/thck-500-1000hpa-gfs-czw-20-07-2023-12-utc.gif\" alt=\"Thck 500-1000hPa GFS czw. 20.07.2023 12 UTC\" \/><\/p>\n<p>Strefa ch\u0142odu zwi\u0119kszy si\u0119 w kierunku wschodnim obejmuj\u0105c obszar p\u00f3\u0142nocno wschodni\u0105 Europ\u0119. Obszar ciep\u0142a zalega\u0107 b\u0119dzie Europ\u0105 zachodni\u0105, po\u0142udniow\u0105 i po\u0142udniowo wschodni\u0105. Rozk\u0142ad mas nie ulegnie zasadniczym zmianom.<\/p>\n<p><img loading=\"lazy\" width=\"600\" height=\"640\" class=\"wp-image-34855 aligncenter\" src=\"http:\/\/cmm.imgw.pl\/wp-content\/uploads\/2023\/07\/word-image-34828-27.png\" srcset=\"https:\/\/cmm.imgw.pl\/wp-content\/uploads\/2023\/07\/word-image-34828-27.png 600w, https:\/\/cmm.imgw.pl\/wp-content\/uploads\/2023\/07\/word-image-34828-27-281x300.png 281w\" sizes=\"(max-width: 600px) 100vw, 600px\" \/> <img loading=\"lazy\" width=\"600\" height=\"640\" class=\"wp-image-34856 aligncenter\" src=\"http:\/\/cmm.imgw.pl\/wp-content\/uploads\/2023\/07\/word-image-34828-28.png\" srcset=\"https:\/\/cmm.imgw.pl\/wp-content\/uploads\/2023\/07\/word-image-34828-28.png 600w, https:\/\/cmm.imgw.pl\/wp-content\/uploads\/2023\/07\/word-image-34828-28-281x300.png 281w\" sizes=\"(max-width: 600px) 100vw, 600px\" \/> <img loading=\"lazy\" width=\"600\" height=\"640\" class=\"wp-image-34857 aligncenter\" src=\"http:\/\/cmm.imgw.pl\/wp-content\/uploads\/2023\/07\/word-image-34828-29.png\" srcset=\"https:\/\/cmm.imgw.pl\/wp-content\/uploads\/2023\/07\/word-image-34828-29.png 600w, https:\/\/cmm.imgw.pl\/wp-content\/uploads\/2023\/07\/word-image-34828-29-281x300.png 281w\" sizes=\"(max-width: 600px) 100vw, 600px\" \/> <img loading=\"lazy\" width=\"600\" height=\"640\" class=\"wp-image-34858 aligncenter\" src=\"http:\/\/cmm.imgw.pl\/wp-content\/uploads\/2023\/07\/word-image-34828-30.png\" srcset=\"https:\/\/cmm.imgw.pl\/wp-content\/uploads\/2023\/07\/word-image-34828-30.png 600w, https:\/\/cmm.imgw.pl\/wp-content\/uploads\/2023\/07\/word-image-34828-30-281x300.png 281w\" sizes=\"(max-width: 600px) 100vw, 600px\" \/><\/p>\n<p>W\u0142a\u015bciwo\u015bci termiczne zalegaj\u0105cej nad Polsk\u0105 masy powietrza nie ulegnie zmianie. Nadal nap\u0142ywa\u0107 b\u0119dzie powietrze z zachodu.<\/p>\n<p><strong>Ewolucja pola wilgotno\u015bci w troposferze<\/strong><\/p>\n<p><img loading=\"lazy\" width=\"600\" height=\"640\" class=\"wp-image-34859 aligncenter\" src=\"http:\/\/cmm.imgw.pl\/wp-content\/uploads\/2023\/07\/word-image-34828-31.png\" srcset=\"https:\/\/cmm.imgw.pl\/wp-content\/uploads\/2023\/07\/word-image-34828-31.png 600w, https:\/\/cmm.imgw.pl\/wp-content\/uploads\/2023\/07\/word-image-34828-31-281x300.png 281w\" sizes=\"(max-width: 600px) 100vw, 600px\" \/> <img loading=\"lazy\" width=\"600\" height=\"640\" class=\"wp-image-34860 aligncenter\" src=\"http:\/\/cmm.imgw.pl\/wp-content\/uploads\/2023\/07\/word-image-34828-32.png\" srcset=\"https:\/\/cmm.imgw.pl\/wp-content\/uploads\/2023\/07\/word-image-34828-32.png 600w, https:\/\/cmm.imgw.pl\/wp-content\/uploads\/2023\/07\/word-image-34828-32-281x300.png 281w\" sizes=\"(max-width: 600px) 100vw, 600px\" \/><\/p>\n<p>Na wysoko\u015bci 850 hPa, w ci\u0105gu dnia, na p\u00f3\u0142nocy i na po\u0142udniu kraju wilgotno\u015b\u0107 b\u0119dzie wysoka. Na pozosta\u0142ym obszarze wilgotno\u015b\u0107 b\u0119dzie ni\u017csza. W ci\u0105gu najbli\u017cszej doby zwi\u0119kszy si\u0119 obszar zwi\u0119kszonej wilgotno\u015bci.<\/p>\n<p><img loading=\"lazy\" width=\"600\" height=\"640\" class=\"wp-image-34861 aligncenter\" src=\"http:\/\/cmm.imgw.pl\/wp-content\/uploads\/2023\/07\/word-image-34828-33.png\" srcset=\"https:\/\/cmm.imgw.pl\/wp-content\/uploads\/2023\/07\/word-image-34828-33.png 600w, https:\/\/cmm.imgw.pl\/wp-content\/uploads\/2023\/07\/word-image-34828-33-281x300.png 281w\" sizes=\"(max-width: 600px) 100vw, 600px\" \/> <img loading=\"lazy\" width=\"600\" height=\"640\" class=\"wp-image-34862 aligncenter\" src=\"http:\/\/cmm.imgw.pl\/wp-content\/uploads\/2023\/07\/word-image-34828-34.png\" srcset=\"https:\/\/cmm.imgw.pl\/wp-content\/uploads\/2023\/07\/word-image-34828-34.png 600w, https:\/\/cmm.imgw.pl\/wp-content\/uploads\/2023\/07\/word-image-34828-34-281x300.png 281w\" sizes=\"(max-width: 600px) 100vw, 600px\" \/><\/p>\n<p>Na wysoko\u015bci 500 hPa, w ci\u0105gu dnia, na p\u00f3\u0142nocy kraju wilgotno\u015b\u0107 b\u0119dzie wysoka. Na pozosta\u0142ym obszarze sucho. W nocy na po\u0142udniu i p\u00f3\u0142nocnym zachodzie wilgotno\u015b\u0107 b\u0119dzie wysoka. Na pozosta\u0142ym obszarze sucho.<\/p>\n<p><img loading=\"lazy\" width=\"600\" height=\"640\" class=\"wp-image-34863 aligncenter\" src=\"http:\/\/cmm.imgw.pl\/wp-content\/uploads\/2023\/07\/word-image-34828-35.png\" srcset=\"https:\/\/cmm.imgw.pl\/wp-content\/uploads\/2023\/07\/word-image-34828-35.png 600w, https:\/\/cmm.imgw.pl\/wp-content\/uploads\/2023\/07\/word-image-34828-35-281x300.png 281w\" sizes=\"(max-width: 600px) 100vw, 600px\" \/> <img loading=\"lazy\" width=\"600\" height=\"640\" class=\"wp-image-34864 aligncenter\" src=\"http:\/\/cmm.imgw.pl\/wp-content\/uploads\/2023\/07\/word-image-34828-36.png\" srcset=\"https:\/\/cmm.imgw.pl\/wp-content\/uploads\/2023\/07\/word-image-34828-36.png 600w, https:\/\/cmm.imgw.pl\/wp-content\/uploads\/2023\/07\/word-image-34828-36-281x300.png 281w\" sizes=\"(max-width: 600px) 100vw, 600px\" \/><\/p>\n<p>Na wysoko\u015bci 9 km nad Polsk\u0105 obszar wysokiej wilgotno\u015bci przeplatany obszarem ni\u017cszej wilgotno\u015bci. Z up\u0142ywem czasu zwi\u0119kszy si\u0119 obszar wysokiej wilgotno\u015bci.<\/p>\n<p><img loading=\"lazy\" width=\"600\" height=\"640\" class=\"wp-image-34865 aligncenter\" src=\"http:\/\/cmm.imgw.pl\/wp-content\/uploads\/2023\/07\/word-image-34828-37.png\" srcset=\"https:\/\/cmm.imgw.pl\/wp-content\/uploads\/2023\/07\/word-image-34828-37.png 600w, https:\/\/cmm.imgw.pl\/wp-content\/uploads\/2023\/07\/word-image-34828-37-281x300.png 281w\" sizes=\"(max-width: 600px) 100vw, 600px\" \/> <img loading=\"lazy\" width=\"600\" height=\"640\" class=\"wp-image-34866 aligncenter\" src=\"http:\/\/cmm.imgw.pl\/wp-content\/uploads\/2023\/07\/word-image-34828-38.png\" srcset=\"https:\/\/cmm.imgw.pl\/wp-content\/uploads\/2023\/07\/word-image-34828-38.png 600w, https:\/\/cmm.imgw.pl\/wp-content\/uploads\/2023\/07\/word-image-34828-38-281x300.png 281w\" sizes=\"(max-width: 600px) 100vw, 600px\" \/><\/p>\n<p>W ci\u0105gu dnia zas\u00f3b wody w pionowym s\u0142upie powietrza wyniesie 12-28 mm. W nocy zawarto\u015bci zasobu wody w pionowym s\u0142upie powietrza wyniesie 12-32 mm.<\/p>\n<p><strong>Prognoza zachmurzenia<\/strong><\/p>\n<p><img loading=\"lazy\" width=\"600\" height=\"640\" class=\"wp-image-34867 aligncenter\" src=\"http:\/\/cmm.imgw.pl\/wp-content\/uploads\/2023\/07\/word-image-34828-39.png\" srcset=\"https:\/\/cmm.imgw.pl\/wp-content\/uploads\/2023\/07\/word-image-34828-39.png 600w, https:\/\/cmm.imgw.pl\/wp-content\/uploads\/2023\/07\/word-image-34828-39-281x300.png 281w\" sizes=\"(max-width: 600px) 100vw, 600px\" \/> <img loading=\"lazy\" width=\"600\" height=\"640\" class=\"wp-image-34868 aligncenter\" src=\"http:\/\/cmm.imgw.pl\/wp-content\/uploads\/2023\/07\/word-image-34828-40.png\" srcset=\"https:\/\/cmm.imgw.pl\/wp-content\/uploads\/2023\/07\/word-image-34828-40.png 600w, https:\/\/cmm.imgw.pl\/wp-content\/uploads\/2023\/07\/word-image-34828-40-281x300.png 281w\" sizes=\"(max-width: 600px) 100vw, 600px\" \/> <img loading=\"lazy\" width=\"600\" height=\"640\" class=\"wp-image-34869 aligncenter\" src=\"http:\/\/cmm.imgw.pl\/wp-content\/uploads\/2023\/07\/word-image-34828-41.png\" srcset=\"https:\/\/cmm.imgw.pl\/wp-content\/uploads\/2023\/07\/word-image-34828-41.png 600w, https:\/\/cmm.imgw.pl\/wp-content\/uploads\/2023\/07\/word-image-34828-41-281x300.png 281w\" sizes=\"(max-width: 600px) 100vw, 600px\" \/><\/p>\n<p>Zachmurzenie og\u00f3lne umiarkowane i du\u017ce. Lokalnie ca\u0142kowite.<\/p>\n<p><img loading=\"lazy\" width=\"600\" height=\"640\" class=\"wp-image-34870 aligncenter\" src=\"http:\/\/cmm.imgw.pl\/wp-content\/uploads\/2023\/07\/word-image-34828-42.png\" srcset=\"https:\/\/cmm.imgw.pl\/wp-content\/uploads\/2023\/07\/word-image-34828-42.png 600w, https:\/\/cmm.imgw.pl\/wp-content\/uploads\/2023\/07\/word-image-34828-42-281x300.png 281w\" sizes=\"(max-width: 600px) 100vw, 600px\" \/> <img loading=\"lazy\" width=\"600\" height=\"640\" class=\"wp-image-34871 aligncenter\" src=\"http:\/\/cmm.imgw.pl\/wp-content\/uploads\/2023\/07\/word-image-34828-43.png\" srcset=\"https:\/\/cmm.imgw.pl\/wp-content\/uploads\/2023\/07\/word-image-34828-43.png 600w, https:\/\/cmm.imgw.pl\/wp-content\/uploads\/2023\/07\/word-image-34828-43-281x300.png 281w\" sizes=\"(max-width: 600px) 100vw, 600px\" \/> <img loading=\"lazy\" width=\"600\" height=\"640\" class=\"wp-image-34872 aligncenter\" src=\"http:\/\/cmm.imgw.pl\/wp-content\/uploads\/2023\/07\/word-image-34828-44.png\" srcset=\"https:\/\/cmm.imgw.pl\/wp-content\/uploads\/2023\/07\/word-image-34828-44.png 600w, https:\/\/cmm.imgw.pl\/wp-content\/uploads\/2023\/07\/word-image-34828-44-281x300.png 281w\" sizes=\"(max-width: 600px) 100vw, 600px\" \/> <img loading=\"lazy\" width=\"600\" height=\"640\" class=\"wp-image-34873 aligncenter\" src=\"http:\/\/cmm.imgw.pl\/wp-content\/uploads\/2023\/07\/word-image-34828-45.png\" srcset=\"https:\/\/cmm.imgw.pl\/wp-content\/uploads\/2023\/07\/word-image-34828-45.png 600w, https:\/\/cmm.imgw.pl\/wp-content\/uploads\/2023\/07\/word-image-34828-45-281x300.png 281w\" sizes=\"(max-width: 600px) 100vw, 600px\" \/> <img loading=\"lazy\" width=\"600\" height=\"640\" class=\"wp-image-34874 aligncenter\" src=\"http:\/\/cmm.imgw.pl\/wp-content\/uploads\/2023\/07\/word-image-34828-46.png\" srcset=\"https:\/\/cmm.imgw.pl\/wp-content\/uploads\/2023\/07\/word-image-34828-46.png 600w, https:\/\/cmm.imgw.pl\/wp-content\/uploads\/2023\/07\/word-image-34828-46-281x300.png 281w\" sizes=\"(max-width: 600px) 100vw, 600px\" \/> <img loading=\"lazy\" width=\"600\" height=\"640\" class=\"wp-image-34875 aligncenter\" src=\"http:\/\/cmm.imgw.pl\/wp-content\/uploads\/2023\/07\/word-image-34828-47.png\" srcset=\"https:\/\/cmm.imgw.pl\/wp-content\/uploads\/2023\/07\/word-image-34828-47.png 600w, https:\/\/cmm.imgw.pl\/wp-content\/uploads\/2023\/07\/word-image-34828-47-281x300.png 281w\" sizes=\"(max-width: 600px) 100vw, 600px\" \/><\/p>\n<p>W ci\u0105gu dnia mo\u017cliwe chmury Stratocumulus, Cumulus oraz Cumulonimbus.<\/p>\n<p><img loading=\"lazy\" width=\"600\" height=\"640\" class=\"wp-image-34876 aligncenter\" src=\"http:\/\/cmm.imgw.pl\/wp-content\/uploads\/2023\/07\/word-image-34828-48.png\" srcset=\"https:\/\/cmm.imgw.pl\/wp-content\/uploads\/2023\/07\/word-image-34828-48.png 600w, https:\/\/cmm.imgw.pl\/wp-content\/uploads\/2023\/07\/word-image-34828-48-281x300.png 281w\" sizes=\"(max-width: 600px) 100vw, 600px\" \/> <img loading=\"lazy\" width=\"600\" height=\"640\" class=\"wp-image-34877 aligncenter\" src=\"http:\/\/cmm.imgw.pl\/wp-content\/uploads\/2023\/07\/word-image-34828-49.png\" srcset=\"https:\/\/cmm.imgw.pl\/wp-content\/uploads\/2023\/07\/word-image-34828-49.png 600w, https:\/\/cmm.imgw.pl\/wp-content\/uploads\/2023\/07\/word-image-34828-49-281x300.png 281w\" sizes=\"(max-width: 600px) 100vw, 600px\" \/> <img loading=\"lazy\" width=\"600\" height=\"640\" class=\"wp-image-34878 aligncenter\" src=\"http:\/\/cmm.imgw.pl\/wp-content\/uploads\/2023\/07\/word-image-34828-50.png\" srcset=\"https:\/\/cmm.imgw.pl\/wp-content\/uploads\/2023\/07\/word-image-34828-50.png 600w, https:\/\/cmm.imgw.pl\/wp-content\/uploads\/2023\/07\/word-image-34828-50-281x300.png 281w\" sizes=\"(max-width: 600px) 100vw, 600px\" \/><\/p>\n<p>W pi\u0119trze chmur pi\u0119tra \u015bredniego na niebie wyst\u0119powa\u0107 b\u0119d\u0105 chmury Altocumulus radiatus\/undulatus\/translucidus\/opacus\/lenticularis. Lokalnie Altocumulus cumulogenitus\/cumulonimbogenitus.<\/p>\n<p><img loading=\"lazy\" width=\"600\" height=\"640\" class=\"wp-image-34879 aligncenter\" src=\"http:\/\/cmm.imgw.pl\/wp-content\/uploads\/2023\/07\/word-image-34828-51.png\" srcset=\"https:\/\/cmm.imgw.pl\/wp-content\/uploads\/2023\/07\/word-image-34828-51.png 600w, https:\/\/cmm.imgw.pl\/wp-content\/uploads\/2023\/07\/word-image-34828-51-281x300.png 281w\" sizes=\"(max-width: 600px) 100vw, 600px\" \/> <img loading=\"lazy\" width=\"600\" height=\"640\" class=\"wp-image-34880 aligncenter\" src=\"http:\/\/cmm.imgw.pl\/wp-content\/uploads\/2023\/07\/word-image-34828-52.png\" srcset=\"https:\/\/cmm.imgw.pl\/wp-content\/uploads\/2023\/07\/word-image-34828-52.png 600w, https:\/\/cmm.imgw.pl\/wp-content\/uploads\/2023\/07\/word-image-34828-52-281x300.png 281w\" sizes=\"(max-width: 600px) 100vw, 600px\" \/> <img loading=\"lazy\" width=\"600\" height=\"640\" class=\"wp-image-34881 aligncenter\" src=\"http:\/\/cmm.imgw.pl\/wp-content\/uploads\/2023\/07\/word-image-34828-53.png\" srcset=\"https:\/\/cmm.imgw.pl\/wp-content\/uploads\/2023\/07\/word-image-34828-53.png 600w, https:\/\/cmm.imgw.pl\/wp-content\/uploads\/2023\/07\/word-image-34828-53-281x300.png 281w\" sizes=\"(max-width: 600px) 100vw, 600px\" \/><\/p>\n<p>Ponadto na niebie chmury Cirrus fibratus\/spissatus\/radiatus\/vertebratus, Cirrostratus fibratus\/undulatus. Mo\u017cliwe chmury Cirrocumulus undulatus\/lenticularis.<\/p>\n<p><strong>Prognoza opad\u00f3w<\/strong><\/p>\n<p><img loading=\"lazy\" width=\"600\" height=\"640\" class=\"wp-image-34882 aligncenter\" src=\"http:\/\/cmm.imgw.pl\/wp-content\/uploads\/2023\/07\/word-image-34828-54.png\" srcset=\"https:\/\/cmm.imgw.pl\/wp-content\/uploads\/2023\/07\/word-image-34828-54.png 600w, https:\/\/cmm.imgw.pl\/wp-content\/uploads\/2023\/07\/word-image-34828-54-281x300.png 281w\" sizes=\"(max-width: 600px) 100vw, 600px\" \/> <img loading=\"lazy\" width=\"600\" height=\"640\" class=\"wp-image-34883 aligncenter\" src=\"http:\/\/cmm.imgw.pl\/wp-content\/uploads\/2023\/07\/word-image-34828-55.png\" srcset=\"https:\/\/cmm.imgw.pl\/wp-content\/uploads\/2023\/07\/word-image-34828-55.png 600w, https:\/\/cmm.imgw.pl\/wp-content\/uploads\/2023\/07\/word-image-34828-55-281x300.png 281w\" sizes=\"(max-width: 600px) 100vw, 600px\" \/> <img loading=\"lazy\" width=\"600\" height=\"640\" class=\"wp-image-34884 aligncenter\" src=\"http:\/\/cmm.imgw.pl\/wp-content\/uploads\/2023\/07\/word-image-34828-56.png\" srcset=\"https:\/\/cmm.imgw.pl\/wp-content\/uploads\/2023\/07\/word-image-34828-56.png 600w, https:\/\/cmm.imgw.pl\/wp-content\/uploads\/2023\/07\/word-image-34828-56-281x300.png 281w\" sizes=\"(max-width: 600px) 100vw, 600px\" \/><\/p>\n<p><img loading=\"lazy\" width=\"600\" height=\"640\" class=\"wp-image-34885 aligncenter\" src=\"http:\/\/cmm.imgw.pl\/wp-content\/uploads\/2023\/07\/word-image-34828-57.png\" srcset=\"https:\/\/cmm.imgw.pl\/wp-content\/uploads\/2023\/07\/word-image-34828-57.png 600w, https:\/\/cmm.imgw.pl\/wp-content\/uploads\/2023\/07\/word-image-34828-57-281x300.png 281w\" sizes=\"(max-width: 600px) 100vw, 600px\" \/> <img loading=\"lazy\" width=\"600\" height=\"640\" class=\"wp-image-34886 aligncenter\" src=\"http:\/\/cmm.imgw.pl\/wp-content\/uploads\/2023\/07\/word-image-34828-58.png\" srcset=\"https:\/\/cmm.imgw.pl\/wp-content\/uploads\/2023\/07\/word-image-34828-58.png 600w, https:\/\/cmm.imgw.pl\/wp-content\/uploads\/2023\/07\/word-image-34828-58-281x300.png 281w\" sizes=\"(max-width: 600px) 100vw, 600px\" \/> <img loading=\"lazy\" width=\"600\" height=\"640\" class=\"wp-image-34887 aligncenter\" src=\"http:\/\/cmm.imgw.pl\/wp-content\/uploads\/2023\/07\/word-image-34828-59.png\" srcset=\"https:\/\/cmm.imgw.pl\/wp-content\/uploads\/2023\/07\/word-image-34828-59.png 600w, https:\/\/cmm.imgw.pl\/wp-content\/uploads\/2023\/07\/word-image-34828-59-281x300.png 281w\" sizes=\"(max-width: 600px) 100vw, 600px\" \/><\/p>\n<p>W ci\u0105gu dnia mo\u017cliwe opady przelotne deszczu. Nad ranem w czwartek opady przelotne mog\u0105 by\u0107 intensywne.<\/p>\n<p><strong>Prognoza gradu<\/strong><\/p>\n<p><img loading=\"lazy\" width=\"600\" height=\"640\" class=\"wp-image-34888 aligncenter\" src=\"http:\/\/cmm.imgw.pl\/wp-content\/uploads\/2023\/07\/word-image-34828-60.png\" srcset=\"https:\/\/cmm.imgw.pl\/wp-content\/uploads\/2023\/07\/word-image-34828-60.png 600w, https:\/\/cmm.imgw.pl\/wp-content\/uploads\/2023\/07\/word-image-34828-60-281x300.png 281w\" sizes=\"(max-width: 600px) 100vw, 600px\" \/><\/p>\n<p>Na po\u0142udniu kraju mo\u017cliwe opady gradu. Rozmiary gradzin do 3,5 cm.<\/p>\n<p><strong>Prognoza burz<\/strong><\/p>\n<p><img loading=\"lazy\" width=\"600\" height=\"640\" class=\"wp-image-34889 aligncenter\" src=\"http:\/\/cmm.imgw.pl\/wp-content\/uploads\/2023\/07\/word-image-34828-61.png\" srcset=\"https:\/\/cmm.imgw.pl\/wp-content\/uploads\/2023\/07\/word-image-34828-61.png 600w, https:\/\/cmm.imgw.pl\/wp-content\/uploads\/2023\/07\/word-image-34828-61-281x300.png 281w\" sizes=\"(max-width: 600px) 100vw, 600px\" \/> <img loading=\"lazy\" width=\"600\" height=\"640\" class=\"wp-image-34890 aligncenter\" src=\"http:\/\/cmm.imgw.pl\/wp-content\/uploads\/2023\/07\/word-image-34828-62.png\" srcset=\"https:\/\/cmm.imgw.pl\/wp-content\/uploads\/2023\/07\/word-image-34828-62.png 600w, https:\/\/cmm.imgw.pl\/wp-content\/uploads\/2023\/07\/word-image-34828-62-281x300.png 281w\" sizes=\"(max-width: 600px) 100vw, 600px\" \/><\/p>\n<p>MUCAPE wyniesie od 200 J\/kg do 3000 J\/kg.<\/p>\n<p><img loading=\"lazy\" width=\"600\" height=\"640\" class=\"wp-image-34891 aligncenter\" src=\"http:\/\/cmm.imgw.pl\/wp-content\/uploads\/2023\/07\/word-image-34828-63.png\" srcset=\"https:\/\/cmm.imgw.pl\/wp-content\/uploads\/2023\/07\/word-image-34828-63.png 600w, https:\/\/cmm.imgw.pl\/wp-content\/uploads\/2023\/07\/word-image-34828-63-281x300.png 281w\" sizes=\"(max-width: 600px) 100vw, 600px\" \/> <img loading=\"lazy\" width=\"600\" height=\"640\" class=\"wp-image-34892 aligncenter\" src=\"http:\/\/cmm.imgw.pl\/wp-content\/uploads\/2023\/07\/word-image-34828-64.png\" srcset=\"https:\/\/cmm.imgw.pl\/wp-content\/uploads\/2023\/07\/word-image-34828-64.png 600w, https:\/\/cmm.imgw.pl\/wp-content\/uploads\/2023\/07\/word-image-34828-64-281x300.png 281w\" sizes=\"(max-width: 600px) 100vw, 600px\" \/><\/p>\n<p>Lifted Indeks wyniesie od -2 K do -9 K.<\/p>\n<p><img loading=\"lazy\" width=\"600\" height=\"640\" class=\"wp-image-34893 aligncenter\" src=\"http:\/\/cmm.imgw.pl\/wp-content\/uploads\/2023\/07\/word-image-34828-65.png\" srcset=\"https:\/\/cmm.imgw.pl\/wp-content\/uploads\/2023\/07\/word-image-34828-65.png 600w, https:\/\/cmm.imgw.pl\/wp-content\/uploads\/2023\/07\/word-image-34828-65-281x300.png 281w\" sizes=\"(max-width: 600px) 100vw, 600px\" \/> <img loading=\"lazy\" width=\"600\" height=\"640\" class=\"wp-image-34894 aligncenter\" src=\"http:\/\/cmm.imgw.pl\/wp-content\/uploads\/2023\/07\/word-image-34828-66.png\" srcset=\"https:\/\/cmm.imgw.pl\/wp-content\/uploads\/2023\/07\/word-image-34828-66.png 600w, https:\/\/cmm.imgw.pl\/wp-content\/uploads\/2023\/07\/word-image-34828-66-281x300.png 281w\" sizes=\"(max-width: 600px) 100vw, 600px\" \/><\/p>\n<p>SWEAT Indeks wyniesie 150-300. Lokalnie mog\u0105 wyst\u0119powa\u0107 gro\u017ane zjawiska.<\/p>\n<p><img loading=\"lazy\" width=\"600\" height=\"640\" class=\"wp-image-34895 aligncenter\" src=\"http:\/\/cmm.imgw.pl\/wp-content\/uploads\/2023\/07\/word-image-34828-67.png\" srcset=\"https:\/\/cmm.imgw.pl\/wp-content\/uploads\/2023\/07\/word-image-34828-67.png 600w, https:\/\/cmm.imgw.pl\/wp-content\/uploads\/2023\/07\/word-image-34828-67-281x300.png 281w\" sizes=\"(max-width: 600px) 100vw, 600px\" \/> <img loading=\"lazy\" width=\"600\" height=\"640\" class=\"wp-image-34896 aligncenter\" src=\"http:\/\/cmm.imgw.pl\/wp-content\/uploads\/2023\/07\/word-image-34828-68.png\" srcset=\"https:\/\/cmm.imgw.pl\/wp-content\/uploads\/2023\/07\/word-image-34828-68.png 600w, https:\/\/cmm.imgw.pl\/wp-content\/uploads\/2023\/07\/word-image-34828-68-281x300.png 281w\" sizes=\"(max-width: 600px) 100vw, 600px\" \/> <img loading=\"lazy\" width=\"600\" height=\"640\" class=\"wp-image-34897 aligncenter\" src=\"http:\/\/cmm.imgw.pl\/wp-content\/uploads\/2023\/07\/word-image-34828-69.png\" srcset=\"https:\/\/cmm.imgw.pl\/wp-content\/uploads\/2023\/07\/word-image-34828-69.png 600w, https:\/\/cmm.imgw.pl\/wp-content\/uploads\/2023\/07\/word-image-34828-69-281x300.png 281w\" sizes=\"(max-width: 600px) 100vw, 600px\" \/><\/p>\n<p>\u015aci\u0119cie wiatru w warstwie 6 km wyniesie 15-25 m\/s.<\/p>\n<p><img loading=\"lazy\" width=\"600\" height=\"640\" class=\"wp-image-34898 aligncenter\" src=\"http:\/\/cmm.imgw.pl\/wp-content\/uploads\/2023\/07\/word-image-34828-70.png\" srcset=\"https:\/\/cmm.imgw.pl\/wp-content\/uploads\/2023\/07\/word-image-34828-70.png 600w, https:\/\/cmm.imgw.pl\/wp-content\/uploads\/2023\/07\/word-image-34828-70-281x300.png 281w\" sizes=\"(max-width: 600px) 100vw, 600px\" \/> <img loading=\"lazy\" width=\"600\" height=\"640\" class=\"wp-image-34899 aligncenter\" src=\"http:\/\/cmm.imgw.pl\/wp-content\/uploads\/2023\/07\/word-image-34828-71.png\" srcset=\"https:\/\/cmm.imgw.pl\/wp-content\/uploads\/2023\/07\/word-image-34828-71.png 600w, https:\/\/cmm.imgw.pl\/wp-content\/uploads\/2023\/07\/word-image-34828-71-281x300.png 281w\" sizes=\"(max-width: 600px) 100vw, 600px\" \/><\/p>\n<p>MLCAPESHEAR osi\u0105gnie warto\u015b\u0107 30000 m<sup>3<\/sup>\/s<sup>3<\/sup>. Poniewa\u017c wska\u017anik przekroczy lokalnie 20000 m<sup>3<\/sup>\/s<sup>3 <\/sup>co oznacza, \u017ce zjawiska mog\u0105 by\u0107 intensywne.<\/p>\n<p><img loading=\"lazy\" width=\"600\" height=\"640\" class=\"wp-image-34900 aligncenter\" src=\"http:\/\/cmm.imgw.pl\/wp-content\/uploads\/2023\/07\/word-image-34828-72.png\" srcset=\"https:\/\/cmm.imgw.pl\/wp-content\/uploads\/2023\/07\/word-image-34828-72.png 600w, https:\/\/cmm.imgw.pl\/wp-content\/uploads\/2023\/07\/word-image-34828-72-281x300.png 281w\" sizes=\"(max-width: 600px) 100vw, 600px\" \/> <img loading=\"lazy\" width=\"600\" height=\"640\" class=\"wp-image-34901 aligncenter\" src=\"http:\/\/cmm.imgw.pl\/wp-content\/uploads\/2023\/07\/word-image-34828-73.png\" srcset=\"https:\/\/cmm.imgw.pl\/wp-content\/uploads\/2023\/07\/word-image-34828-73.png 600w, https:\/\/cmm.imgw.pl\/wp-content\/uploads\/2023\/07\/word-image-34828-73-281x300.png 281w\" sizes=\"(max-width: 600px) 100vw, 600px\" \/><\/p>\n<p>Chmury Cb b\u0119d\u0105 rozbudowywa\u0107 si\u0119 do wysoko\u015bci 11 km. Temperatura wierzcho\u0142k\u00f3w chmur wynosi\u0107 b\u0119dzie -50\/-60 st. C. Sprzyjaj\u0105ce warunki elektryzacji chmur Cb a\u017c do osi\u0105gni\u0119cia pola elektrycznego wymagaj\u0105cego do inicjalizacji wy\u0142adowania iskrowego.<\/p>\n<p><img loading=\"lazy\" width=\"600\" height=\"640\" class=\"wp-image-34902 aligncenter\" src=\"http:\/\/cmm.imgw.pl\/wp-content\/uploads\/2023\/07\/word-image-34828-74.png\" srcset=\"https:\/\/cmm.imgw.pl\/wp-content\/uploads\/2023\/07\/word-image-34828-74.png 600w, https:\/\/cmm.imgw.pl\/wp-content\/uploads\/2023\/07\/word-image-34828-74-281x300.png 281w\" sizes=\"(max-width: 600px) 100vw, 600px\" \/> <img loading=\"lazy\" width=\"600\" height=\"640\" class=\"wp-image-34903 aligncenter\" src=\"http:\/\/cmm.imgw.pl\/wp-content\/uploads\/2023\/07\/word-image-34828-75.png\" srcset=\"https:\/\/cmm.imgw.pl\/wp-content\/uploads\/2023\/07\/word-image-34828-75.png 600w, https:\/\/cmm.imgw.pl\/wp-content\/uploads\/2023\/07\/word-image-34828-75-281x300.png 281w\" sizes=\"(max-width: 600px) 100vw, 600px\" \/><\/p>\n<p>R\u00f3\u017cnica pomi\u0119dzy LFC a LCL osi\u0105gnie najmniejsze warto\u015bci 100-500 metr\u00f3w. Im mniejsze warto\u015bci tym wi\u0119ksze prawdopodobie\u0144stwo gro\u017aniejszych zjawisk.<\/p>\n<p><img loading=\"lazy\" width=\"600\" height=\"640\" class=\"wp-image-34904 aligncenter\" src=\"http:\/\/cmm.imgw.pl\/wp-content\/uploads\/2023\/07\/word-image-34828-76.png\" srcset=\"https:\/\/cmm.imgw.pl\/wp-content\/uploads\/2023\/07\/word-image-34828-76.png 600w, https:\/\/cmm.imgw.pl\/wp-content\/uploads\/2023\/07\/word-image-34828-76-281x300.png 281w\" sizes=\"(max-width: 600px) 100vw, 600px\" \/><\/p>\n<p>Bulk Richardson Number osi\u0105gnie lokalnie warto\u015b\u0107 60. Tak du\u017ca warto\u015b\u0107 wskazuje na mo\u017cliwo\u015b\u0107 lokalnego, na po\u0142udniu kraju, rozwoju superkom\u00f3rki.<\/p>\n<p><img loading=\"lazy\" width=\"501\" height=\"501\" class=\"wp-image-34905 aligncenter\" src=\"http:\/\/cmm.imgw.pl\/wp-content\/uploads\/2023\/07\/obraz-zawierajacy-tekst-mapa-zrzut-ekranu-atlas-7.png\" alt=\"Obraz zawieraj\u0105cy tekst, mapa, zrzut ekranu, atlas\n\nOpis wygenerowany automatycznie\" srcset=\"https:\/\/cmm.imgw.pl\/wp-content\/uploads\/2023\/07\/obraz-zawierajacy-tekst-mapa-zrzut-ekranu-atlas-7.png 501w, https:\/\/cmm.imgw.pl\/wp-content\/uploads\/2023\/07\/obraz-zawierajacy-tekst-mapa-zrzut-ekranu-atlas-7-300x300.png 300w, https:\/\/cmm.imgw.pl\/wp-content\/uploads\/2023\/07\/obraz-zawierajacy-tekst-mapa-zrzut-ekranu-atlas-7-150x150.png 150w\" sizes=\"(max-width: 501px) 100vw, 501px\" \/> <img loading=\"lazy\" width=\"534\" height=\"534\" class=\"wp-image-34906 aligncenter\" src=\"http:\/\/cmm.imgw.pl\/wp-content\/uploads\/2023\/07\/obraz-zawierajacy-tekst-mapa-zrzut-ekranu-opis-13.png\" alt=\"Obraz zawieraj\u0105cy tekst, mapa, zrzut ekranu\n\nOpis wygenerowany automatycznie\" srcset=\"https:\/\/cmm.imgw.pl\/wp-content\/uploads\/2023\/07\/obraz-zawierajacy-tekst-mapa-zrzut-ekranu-opis-13.png 534w, https:\/\/cmm.imgw.pl\/wp-content\/uploads\/2023\/07\/obraz-zawierajacy-tekst-mapa-zrzut-ekranu-opis-13-300x300.png 300w, https:\/\/cmm.imgw.pl\/wp-content\/uploads\/2023\/07\/obraz-zawierajacy-tekst-mapa-zrzut-ekranu-opis-13-150x150.png 150w\" sizes=\"(max-width: 534px) 100vw, 534px\" \/> <img loading=\"lazy\" width=\"519\" height=\"519\" class=\"wp-image-34907 aligncenter\" src=\"http:\/\/cmm.imgw.pl\/wp-content\/uploads\/2023\/07\/obraz-zawierajacy-tekst-mapa-zrzut-ekranu-atlas-8.png\" alt=\"Obraz zawieraj\u0105cy tekst, mapa, zrzut ekranu, atlas\n\nOpis wygenerowany automatycznie\" srcset=\"https:\/\/cmm.imgw.pl\/wp-content\/uploads\/2023\/07\/obraz-zawierajacy-tekst-mapa-zrzut-ekranu-atlas-8.png 519w, https:\/\/cmm.imgw.pl\/wp-content\/uploads\/2023\/07\/obraz-zawierajacy-tekst-mapa-zrzut-ekranu-atlas-8-300x300.png 300w, https:\/\/cmm.imgw.pl\/wp-content\/uploads\/2023\/07\/obraz-zawierajacy-tekst-mapa-zrzut-ekranu-atlas-8-150x150.png 150w\" sizes=\"(max-width: 519px) 100vw, 519px\" \/> <img loading=\"lazy\" width=\"505\" height=\"505\" class=\"wp-image-34908 aligncenter\" src=\"http:\/\/cmm.imgw.pl\/wp-content\/uploads\/2023\/07\/obraz-zawierajacy-tekst-mapa-zrzut-ekranu-atlas-9.png\" alt=\"Obraz zawieraj\u0105cy tekst, mapa, zrzut ekranu, atlas\n\nOpis wygenerowany automatycznie\" srcset=\"https:\/\/cmm.imgw.pl\/wp-content\/uploads\/2023\/07\/obraz-zawierajacy-tekst-mapa-zrzut-ekranu-atlas-9.png 505w, https:\/\/cmm.imgw.pl\/wp-content\/uploads\/2023\/07\/obraz-zawierajacy-tekst-mapa-zrzut-ekranu-atlas-9-300x300.png 300w, https:\/\/cmm.imgw.pl\/wp-content\/uploads\/2023\/07\/obraz-zawierajacy-tekst-mapa-zrzut-ekranu-atlas-9-150x150.png 150w\" sizes=\"(max-width: 505px) 100vw, 505px\" \/> <img loading=\"lazy\" width=\"501\" height=\"501\" class=\"wp-image-34909 aligncenter\" src=\"http:\/\/cmm.imgw.pl\/wp-content\/uploads\/2023\/07\/obraz-zawierajacy-tekst-mapa-zrzut-ekranu-atlas-10.png\" alt=\"Obraz zawieraj\u0105cy tekst, mapa, zrzut ekranu, atlas\n\nOpis wygenerowany automatycznie\" srcset=\"https:\/\/cmm.imgw.pl\/wp-content\/uploads\/2023\/07\/obraz-zawierajacy-tekst-mapa-zrzut-ekranu-atlas-10.png 501w, https:\/\/cmm.imgw.pl\/wp-content\/uploads\/2023\/07\/obraz-zawierajacy-tekst-mapa-zrzut-ekranu-atlas-10-300x300.png 300w, https:\/\/cmm.imgw.pl\/wp-content\/uploads\/2023\/07\/obraz-zawierajacy-tekst-mapa-zrzut-ekranu-atlas-10-150x150.png 150w\" sizes=\"(max-width: 501px) 100vw, 501px\" \/> <img loading=\"lazy\" width=\"503\" height=\"503\" class=\"wp-image-34910 aligncenter\" src=\"http:\/\/cmm.imgw.pl\/wp-content\/uploads\/2023\/07\/obraz-zawierajacy-tekst-mapa-zrzut-ekranu-opis-14.png\" alt=\"Obraz zawieraj\u0105cy tekst, mapa, zrzut ekranu\n\nOpis wygenerowany automatycznie\" srcset=\"https:\/\/cmm.imgw.pl\/wp-content\/uploads\/2023\/07\/obraz-zawierajacy-tekst-mapa-zrzut-ekranu-opis-14.png 503w, https:\/\/cmm.imgw.pl\/wp-content\/uploads\/2023\/07\/obraz-zawierajacy-tekst-mapa-zrzut-ekranu-opis-14-300x300.png 300w, https:\/\/cmm.imgw.pl\/wp-content\/uploads\/2023\/07\/obraz-zawierajacy-tekst-mapa-zrzut-ekranu-opis-14-150x150.png 150w\" sizes=\"(max-width: 503px) 100vw, 503px\" \/><\/p>\n<p><img loading=\"lazy\" width=\"473\" height=\"430\" class=\"wp-image-34911 aligncenter\" src=\"http:\/\/cmm.imgw.pl\/wp-content\/uploads\/2023\/07\/word-image-34828-83.png\" srcset=\"https:\/\/cmm.imgw.pl\/wp-content\/uploads\/2023\/07\/word-image-34828-83.png 473w, https:\/\/cmm.imgw.pl\/wp-content\/uploads\/2023\/07\/word-image-34828-83-300x273.png 300w\" sizes=\"(max-width: 473px) 100vw, 473px\" \/><\/p>\n<p>Jutro mo\u017cliwe burze zgodnie z map\u0105. Na p\u00f3\u0142nocy kraju prawdopodobie\u0144stwo burzy zmniejsza si\u0119 ze wzgl\u0119du na zwi\u0119kszone zachmurzenie, kt\u00f3re os\u0142abi dynamik\u0119 burz.<\/p>\n<p><strong>Prognoza pola wiatru<\/strong><\/p>\n<p><img loading=\"lazy\" width=\"463\" height=\"463\" class=\"wp-image-34912 aligncenter\" src=\"http:\/\/cmm.imgw.pl\/wp-content\/uploads\/2023\/07\/word-image-34828-84.jpeg\" srcset=\"https:\/\/cmm.imgw.pl\/wp-content\/uploads\/2023\/07\/word-image-34828-84.jpeg 463w, https:\/\/cmm.imgw.pl\/wp-content\/uploads\/2023\/07\/word-image-34828-84-300x300.jpeg 300w, https:\/\/cmm.imgw.pl\/wp-content\/uploads\/2023\/07\/word-image-34828-84-150x150.jpeg 150w\" sizes=\"(max-width: 463px) 100vw, 463px\" \/> <img loading=\"lazy\" width=\"448\" height=\"448\" class=\"wp-image-34913 aligncenter\" src=\"http:\/\/cmm.imgw.pl\/wp-content\/uploads\/2023\/07\/word-image-34828-85.jpeg\" srcset=\"https:\/\/cmm.imgw.pl\/wp-content\/uploads\/2023\/07\/word-image-34828-85.jpeg 448w, https:\/\/cmm.imgw.pl\/wp-content\/uploads\/2023\/07\/word-image-34828-85-300x300.jpeg 300w, https:\/\/cmm.imgw.pl\/wp-content\/uploads\/2023\/07\/word-image-34828-85-150x150.jpeg 150w\" sizes=\"(max-width: 448px) 100vw, 448px\" \/> <img loading=\"lazy\" width=\"414\" height=\"414\" class=\"wp-image-34914 aligncenter\" src=\"http:\/\/cmm.imgw.pl\/wp-content\/uploads\/2023\/07\/word-image-34828-86.jpeg\" srcset=\"https:\/\/cmm.imgw.pl\/wp-content\/uploads\/2023\/07\/word-image-34828-86.jpeg 414w, https:\/\/cmm.imgw.pl\/wp-content\/uploads\/2023\/07\/word-image-34828-86-300x300.jpeg 300w, https:\/\/cmm.imgw.pl\/wp-content\/uploads\/2023\/07\/word-image-34828-86-150x150.jpeg 150w\" sizes=\"(max-width: 414px) 100vw, 414px\" \/><\/p>\n<p>W ci\u0105gu dnia porywy wiatru, do 60 km\/h.<\/p>\n<p><strong>Prognoza widzialno\u015bci<\/strong><\/p>\n<p>W strefie burz ograniczenie widzialno\u015bci do 2-5 km.<\/p>","protected":false},"excerpt":{"rendered":"<p>Komentarz do numerycznych prognoz pogody opracowany w Centrum Modelowania Meteorologicznego IMGW-PIB.<\/p>\n","protected":false},"author":3,"featured_media":0,"comment_status":"closed","ping_status":"open","sticky":false,"template":"","format":"standard","meta":{"ocean_post_layout":"","ocean_both_sidebars_style":"","ocean_both_sidebars_content_width":0,"ocean_both_sidebars_sidebars_width":0,"ocean_sidebar":"0","ocean_second_sidebar":"0","ocean_disable_margins":"enable","ocean_add_body_class":"","ocean_shortcode_before_top_bar":"","ocean_shortcode_after_top_bar":"","ocean_shortcode_before_header":"","ocean_shortcode_after_header":"","ocean_has_shortcode":"","ocean_shortcode_after_title":"","ocean_shortcode_before_footer_widgets":"","ocean_shortcode_after_footer_widgets":"","ocean_shortcode_before_footer_bottom":"","ocean_shortcode_after_footer_bottom":"","ocean_display_top_bar":"default","ocean_display_header":"default","ocean_header_style":"","ocean_center_header_left_menu":"0","ocean_custom_header_template":"0","ocean_custom_logo":0,"ocean_custom_retina_logo":0,"ocean_custom_logo_max_width":0,"ocean_custom_logo_tablet_max_width":0,"ocean_custom_logo_mobile_max_width":0,"ocean_custom_logo_max_height":0,"ocean_custom_logo_tablet_max_height":0,"ocean_custom_logo_mobile_max_height":0,"ocean_header_custom_menu":"0","ocean_menu_typo_font_family":"0","ocean_menu_typo_font_subset":"","ocean_menu_typo_font_size":0,"ocean_menu_typo_font_size_tablet":0,"ocean_menu_typo_font_size_mobile":0,"ocean_menu_typo_font_size_unit":"px","ocean_menu_typo_font_weight":"","ocean_menu_typo_font_weight_tablet":"","ocean_menu_typo_font_weight_mobile":"","ocean_menu_typo_transform":"","ocean_menu_typo_transform_tablet":"","ocean_menu_typo_transform_mobile":"","ocean_menu_typo_line_height":0,"ocean_menu_typo_line_height_tablet":0,"ocean_menu_typo_line_height_mobile":0,"ocean_menu_typo_line_height_unit":"","ocean_menu_typo_spacing":0,"ocean_menu_typo_spacing_tablet":0,"ocean_menu_typo_spacing_mobile":0,"ocean_menu_typo_spacing_unit":"","ocean_menu_link_color":"","ocean_menu_link_color_hover":"","ocean_menu_link_color_active":"","ocean_menu_link_background":"","ocean_menu_link_hover_background":"","ocean_menu_link_active_background":"","ocean_menu_social_links_bg":"","ocean_menu_social_hover_links_bg":"","ocean_menu_social_links_color":"","ocean_menu_social_hover_links_color":"","ocean_disable_title":"default","ocean_disable_heading":"default","ocean_post_title":"","ocean_post_subheading":"","ocean_post_title_style":"","ocean_post_title_background_color":"","ocean_post_title_background":0,"ocean_post_title_bg_image_position":"","ocean_post_title_bg_image_attachment":"","ocean_post_title_bg_image_repeat":"","ocean_post_title_bg_image_size":"","ocean_post_title_height":0,"ocean_post_title_bg_overlay":0.5,"ocean_post_title_bg_overlay_color":"","ocean_disable_breadcrumbs":"default","ocean_breadcrumbs_color":"","ocean_breadcrumbs_separator_color":"","ocean_breadcrumbs_links_color":"","ocean_breadcrumbs_links_hover_color":"","ocean_display_footer_widgets":"default","ocean_display_footer_bottom":"default","ocean_custom_footer_template":"0","ocean_post_oembed":"","ocean_post_self_hosted_media":"","ocean_post_video_embed":"","ocean_link_format":"","ocean_link_format_target":"self","ocean_quote_format":"","ocean_quote_format_link":"post","ocean_gallery_link_images":"on","ocean_gallery_id":[]},"categories":[93],"tags":[138,139,68,95,143,141,85,73,97,98,142,76,94,99,71,67,96,140,79],"yoast_head":"<!-- This site is optimized with the Yoast SEO plugin v19.5.1 - https:\/\/yoast.com\/wordpress\/plugins\/seo\/ -->\n<title>Komentarz do numerycznych prognoz pogody (19\/20.07.2023) - Laboratorium Modelowania Meteorologicznego CMOK IMGW-PIB<\/title>\n<meta name=\"description\" content=\"Komentarz do numerycznych prognoz pogody opracowany w Centrum Modelowania Meteorologicznego IMGW-PIB.\" \/>\n<meta name=\"robots\" content=\"index, follow, max-snippet:-1, max-image-preview:large, max-video-preview:-1\" \/>\n<link rel=\"canonical\" href=\"https:\/\/cmm.imgw.pl\/?p=34828\" \/>\n<meta property=\"og:locale\" content=\"pl_PL\" \/>\n<meta property=\"og:type\" content=\"article\" \/>\n<meta property=\"og:title\" content=\"Komentarz do numerycznych prognoz pogody (19\/20.07.2023)\" \/>\n<meta property=\"og:description\" content=\"Komentarz do numerycznych prognoz pogody opracowany w Centrum Modelowania Meteorologicznego IMGW-PIB\" \/>\n<meta property=\"og:url\" content=\"https:\/\/cmm.imgw.pl\/?p=34828\" \/>\n<meta property=\"og:site_name\" content=\"Laboratorium Modelowania Meteorologicznego CMOK IMGW-PIB\" \/>\n<meta property=\"article:publisher\" content=\"https:\/\/www.facebook.com\/Meteoimgw\/\" \/>\n<meta property=\"article:published_time\" content=\"2023-07-19T03:52:33+00:00\" \/>\n<meta property=\"article:modified_time\" content=\"2023-07-19T03:52:35+00:00\" \/>\n<meta property=\"og:image\" content=\"http:\/\/cmm.imgw.pl\/wp-content\/uploads\/2023\/02\/komentarz4.png\" \/>\n\t<meta property=\"og:image:width\" content=\"1280\" \/>\n\t<meta property=\"og:image:height\" content=\"720\" \/>\n\t<meta property=\"og:image:type\" content=\"image\/png\" \/>\n<meta name=\"author\" content=\"CMM\" \/>\n<meta name=\"twitter:card\" content=\"summary_large_image\" \/>\n<meta name=\"twitter:title\" content=\"Komentarz do numerycznych prognoz pogody (19\/20.07.2023)\" \/>\n<meta name=\"twitter:description\" content=\"Komentarz do numerycznych prognoz pogody opracowany w Centrum Modelowania Meteorologicznego IMGW-PIB\" \/>\n<meta name=\"twitter:image\" content=\"https:\/\/cmm.imgw.pl\/wp-content\/uploads\/2023\/02\/komentarz4.png\" \/>\n<meta name=\"twitter:creator\" content=\"@IMGW_CMM\" \/>\n<meta name=\"twitter:site\" content=\"@IMGW_CMM\" \/>\n<meta name=\"twitter:label1\" content=\"Napisane przez\" \/>\n\t<meta name=\"twitter:data1\" content=\"CMM\" \/>\n\t<meta name=\"twitter:label2\" content=\"Szacowany czas czytania\" \/>\n\t<meta name=\"twitter:data2\" content=\"26 minut\" \/>\n<script type=\"application\/ld+json\" class=\"yoast-schema-graph\">{\"@context\":\"https:\/\/schema.org\",\"@graph\":[{\"@type\":\"Article\",\"@id\":\"https:\/\/cmm.imgw.pl\/?p=34828#article\",\"isPartOf\":{\"@id\":\"https:\/\/cmm.imgw.pl\/?p=34828\"},\"author\":{\"name\":\"CMM\",\"@id\":\"https:\/\/cmm.imgw.pl\/#\/schema\/person\/a24a37fe434fe76b0f5791e6bd3fdb46\"},\"headline\":\"Komentarz do numerycznych prognoz pogody (19\/20.07.2023)\",\"datePublished\":\"2023-07-19T03:52:33+00:00\",\"dateModified\":\"2023-07-19T03:52:35+00:00\",\"mainEntityOfPage\":{\"@id\":\"https:\/\/cmm.imgw.pl\/?p=34828\"},\"wordCount\":1538,\"publisher\":{\"@id\":\"https:\/\/cmm.imgw.pl\/#organization\"},\"keywords\":[\"alaro\",\"arome\",\"cmm\",\"Cosmo\",\"DWD\",\"Grzegorz Duniec\",\"imgw\",\"klimat\",\"komentarz\",\"komentarz pogodowy\",\"MERGE\",\"meteorologia\",\"NMP\",\"NPP\",\"pogoda\",\"prognoza\",\"prognoza pogody\",\"wrf\",\"zima\"],\"articleSection\":[\"Komentarz\"],\"inLanguage\":\"pl-PL\"},{\"@type\":\"WebPage\",\"@id\":\"https:\/\/cmm.imgw.pl\/?p=34828\",\"url\":\"https:\/\/cmm.imgw.pl\/?p=34828\",\"name\":\"Komentarz do numerycznych prognoz pogody (19\/20.07.2023) - Laboratorium Modelowania Meteorologicznego CMOK IMGW-PIB\",\"isPartOf\":{\"@id\":\"https:\/\/cmm.imgw.pl\/#website\"},\"datePublished\":\"2023-07-19T03:52:33+00:00\",\"dateModified\":\"2023-07-19T03:52:35+00:00\",\"description\":\"Komentarz do numerycznych prognoz pogody opracowany w Centrum Modelowania Meteorologicznego IMGW-PIB.\",\"breadcrumb\":{\"@id\":\"https:\/\/cmm.imgw.pl\/?p=34828#breadcrumb\"},\"inLanguage\":\"pl-PL\",\"potentialAction\":[{\"@type\":\"ReadAction\",\"target\":[\"https:\/\/cmm.imgw.pl\/?p=34828\"]}]},{\"@type\":\"BreadcrumbList\",\"@id\":\"https:\/\/cmm.imgw.pl\/?p=34828#breadcrumb\",\"itemListElement\":[{\"@type\":\"ListItem\",\"position\":1,\"name\":\"Home\",\"item\":\"https:\/\/cmm.imgw.pl\/\"},{\"@type\":\"ListItem\",\"position\":2,\"name\":\"Komentarz do numerycznych prognoz pogody (19\/20.07.2023)\"}]},{\"@type\":\"WebSite\",\"@id\":\"https:\/\/cmm.imgw.pl\/#website\",\"url\":\"https:\/\/cmm.imgw.pl\/\",\"name\":\"Laboratorium Modelowania Meteorologicznego CMOK IMGW-PIB\",\"description\":\"CMOK-LMM Laboratorium pe\u0142ni pa\u0144stwow\u0105 s\u0142u\u017cb\u0119 hydrologiczno-meteorologiczn\u0105 w zakresie numerycznych prognoz pogody, kt\u00f3rego zadaniem jest konsolidacja kompetencji w obszarze modelowania zjawisk pogodowych oraz dalszego rozwoju numerycznych modeli pogody (NMP).\",\"publisher\":{\"@id\":\"https:\/\/cmm.imgw.pl\/#organization\"},\"potentialAction\":[{\"@type\":\"SearchAction\",\"target\":{\"@type\":\"EntryPoint\",\"urlTemplate\":\"https:\/\/cmm.imgw.pl\/?s={search_term_string}\"},\"query-input\":\"required name=search_term_string\"}],\"inLanguage\":\"pl-PL\"},{\"@type\":\"Organization\",\"@id\":\"https:\/\/cmm.imgw.pl\/#organization\",\"name\":\"Laboratorium Modelowania Meteorologicznego CMOK IMGW-PIB\",\"url\":\"https:\/\/cmm.imgw.pl\/\",\"sameAs\":[\"https:\/\/www.facebook.com\/Meteoimgw\/\",\"https:\/\/twitter.com\/IMGW_CMM\"],\"logo\":{\"@type\":\"ImageObject\",\"inLanguage\":\"pl-PL\",\"@id\":\"https:\/\/cmm.imgw.pl\/#\/schema\/logo\/image\/\",\"url\":\"https:\/\/cmm.imgw.pl\/wp-content\/uploads\/2025\/10\/MODELE_LOGO_UNIFIKACJA_v2.png\",\"contentUrl\":\"https:\/\/cmm.imgw.pl\/wp-content\/uploads\/2025\/10\/MODELE_LOGO_UNIFIKACJA_v2.png\",\"width\":1356,\"height\":365,\"caption\":\"Laboratorium Modelowania Meteorologicznego CMOK IMGW-PIB\"},\"image\":{\"@id\":\"https:\/\/cmm.imgw.pl\/#\/schema\/logo\/image\/\"}},{\"@type\":\"Person\",\"@id\":\"https:\/\/cmm.imgw.pl\/#\/schema\/person\/a24a37fe434fe76b0f5791e6bd3fdb46\",\"name\":\"CMM\",\"image\":{\"@type\":\"ImageObject\",\"inLanguage\":\"pl-PL\",\"@id\":\"https:\/\/cmm.imgw.pl\/#\/schema\/person\/image\/\",\"url\":\"https:\/\/secure.gravatar.com\/avatar\/9248ea2273711f1cd09d6bd45867dbfb?s=96&d=blank&r=g\",\"contentUrl\":\"https:\/\/secure.gravatar.com\/avatar\/9248ea2273711f1cd09d6bd45867dbfb?s=96&d=blank&r=g\",\"caption\":\"CMM\"},\"sameAs\":[\"http:\/\/cmm.imgw.pl\"],\"url\":\"https:\/\/cmm.imgw.pl\/?author=3\"}]}<\/script>\n<!-- \/ Yoast SEO plugin. -->","yoast_head_json":{"title":"Komentarz do numerycznych prognoz pogody (19\/20.07.2023) - Laboratorium Modelowania Meteorologicznego CMOK IMGW-PIB","description":"Komentarz do numerycznych prognoz pogody opracowany w Centrum Modelowania Meteorologicznego IMGW-PIB.","robots":{"index":"index","follow":"follow","max-snippet":"max-snippet:-1","max-image-preview":"max-image-preview:large","max-video-preview":"max-video-preview:-1"},"canonical":"https:\/\/cmm.imgw.pl\/?p=34828","og_locale":"pl_PL","og_type":"article","og_title":"Komentarz do numerycznych prognoz pogody (19\/20.07.2023)","og_description":"Komentarz do numerycznych prognoz pogody opracowany w Centrum Modelowania Meteorologicznego IMGW-PIB","og_url":"https:\/\/cmm.imgw.pl\/?p=34828","og_site_name":"Laboratorium Modelowania Meteorologicznego CMOK IMGW-PIB","article_publisher":"https:\/\/www.facebook.com\/Meteoimgw\/","article_published_time":"2023-07-19T03:52:33+00:00","article_modified_time":"2023-07-19T03:52:35+00:00","og_image":[{"width":1280,"height":720,"url":"http:\/\/cmm.imgw.pl\/wp-content\/uploads\/2023\/02\/komentarz4.png","type":"image\/png"}],"author":"CMM","twitter_card":"summary_large_image","twitter_title":"Komentarz do numerycznych prognoz pogody (19\/20.07.2023)","twitter_description":"Komentarz do numerycznych prognoz pogody opracowany w Centrum Modelowania Meteorologicznego IMGW-PIB","twitter_image":"https:\/\/cmm.imgw.pl\/wp-content\/uploads\/2023\/02\/komentarz4.png","twitter_creator":"@IMGW_CMM","twitter_site":"@IMGW_CMM","twitter_misc":{"Napisane przez":"CMM","Szacowany czas czytania":"26 minut"},"schema":{"@context":"https:\/\/schema.org","@graph":[{"@type":"Article","@id":"https:\/\/cmm.imgw.pl\/?p=34828#article","isPartOf":{"@id":"https:\/\/cmm.imgw.pl\/?p=34828"},"author":{"name":"CMM","@id":"https:\/\/cmm.imgw.pl\/#\/schema\/person\/a24a37fe434fe76b0f5791e6bd3fdb46"},"headline":"Komentarz do numerycznych prognoz pogody (19\/20.07.2023)","datePublished":"2023-07-19T03:52:33+00:00","dateModified":"2023-07-19T03:52:35+00:00","mainEntityOfPage":{"@id":"https:\/\/cmm.imgw.pl\/?p=34828"},"wordCount":1538,"publisher":{"@id":"https:\/\/cmm.imgw.pl\/#organization"},"keywords":["alaro","arome","cmm","Cosmo","DWD","Grzegorz Duniec","imgw","klimat","komentarz","komentarz pogodowy","MERGE","meteorologia","NMP","NPP","pogoda","prognoza","prognoza pogody","wrf","zima"],"articleSection":["Komentarz"],"inLanguage":"pl-PL"},{"@type":"WebPage","@id":"https:\/\/cmm.imgw.pl\/?p=34828","url":"https:\/\/cmm.imgw.pl\/?p=34828","name":"Komentarz do numerycznych prognoz pogody (19\/20.07.2023) - Laboratorium Modelowania Meteorologicznego CMOK IMGW-PIB","isPartOf":{"@id":"https:\/\/cmm.imgw.pl\/#website"},"datePublished":"2023-07-19T03:52:33+00:00","dateModified":"2023-07-19T03:52:35+00:00","description":"Komentarz do numerycznych prognoz pogody opracowany w Centrum Modelowania Meteorologicznego IMGW-PIB.","breadcrumb":{"@id":"https:\/\/cmm.imgw.pl\/?p=34828#breadcrumb"},"inLanguage":"pl-PL","potentialAction":[{"@type":"ReadAction","target":["https:\/\/cmm.imgw.pl\/?p=34828"]}]},{"@type":"BreadcrumbList","@id":"https:\/\/cmm.imgw.pl\/?p=34828#breadcrumb","itemListElement":[{"@type":"ListItem","position":1,"name":"Home","item":"https:\/\/cmm.imgw.pl\/"},{"@type":"ListItem","position":2,"name":"Komentarz do numerycznych prognoz pogody (19\/20.07.2023)"}]},{"@type":"WebSite","@id":"https:\/\/cmm.imgw.pl\/#website","url":"https:\/\/cmm.imgw.pl\/","name":"Laboratorium Modelowania Meteorologicznego CMOK IMGW-PIB","description":"CMOK-LMM Laboratorium pe\u0142ni pa\u0144stwow\u0105 s\u0142u\u017cb\u0119 hydrologiczno-meteorologiczn\u0105 w zakresie numerycznych prognoz pogody, kt\u00f3rego zadaniem jest konsolidacja kompetencji w obszarze modelowania zjawisk pogodowych oraz dalszego rozwoju numerycznych modeli pogody (NMP).","publisher":{"@id":"https:\/\/cmm.imgw.pl\/#organization"},"potentialAction":[{"@type":"SearchAction","target":{"@type":"EntryPoint","urlTemplate":"https:\/\/cmm.imgw.pl\/?s={search_term_string}"},"query-input":"required name=search_term_string"}],"inLanguage":"pl-PL"},{"@type":"Organization","@id":"https:\/\/cmm.imgw.pl\/#organization","name":"Laboratorium Modelowania Meteorologicznego CMOK IMGW-PIB","url":"https:\/\/cmm.imgw.pl\/","sameAs":["https:\/\/www.facebook.com\/Meteoimgw\/","https:\/\/twitter.com\/IMGW_CMM"],"logo":{"@type":"ImageObject","inLanguage":"pl-PL","@id":"https:\/\/cmm.imgw.pl\/#\/schema\/logo\/image\/","url":"https:\/\/cmm.imgw.pl\/wp-content\/uploads\/2025\/10\/MODELE_LOGO_UNIFIKACJA_v2.png","contentUrl":"https:\/\/cmm.imgw.pl\/wp-content\/uploads\/2025\/10\/MODELE_LOGO_UNIFIKACJA_v2.png","width":1356,"height":365,"caption":"Laboratorium Modelowania Meteorologicznego CMOK IMGW-PIB"},"image":{"@id":"https:\/\/cmm.imgw.pl\/#\/schema\/logo\/image\/"}},{"@type":"Person","@id":"https:\/\/cmm.imgw.pl\/#\/schema\/person\/a24a37fe434fe76b0f5791e6bd3fdb46","name":"CMM","image":{"@type":"ImageObject","inLanguage":"pl-PL","@id":"https:\/\/cmm.imgw.pl\/#\/schema\/person\/image\/","url":"https:\/\/secure.gravatar.com\/avatar\/9248ea2273711f1cd09d6bd45867dbfb?s=96&d=blank&r=g","contentUrl":"https:\/\/secure.gravatar.com\/avatar\/9248ea2273711f1cd09d6bd45867dbfb?s=96&d=blank&r=g","caption":"CMM"},"sameAs":["http:\/\/cmm.imgw.pl"],"url":"https:\/\/cmm.imgw.pl\/?author=3"}]}},"_links":{"self":[{"href":"https:\/\/cmm.imgw.pl\/index.php?rest_route=\/wp\/v2\/posts\/34828"}],"collection":[{"href":"https:\/\/cmm.imgw.pl\/index.php?rest_route=\/wp\/v2\/posts"}],"about":[{"href":"https:\/\/cmm.imgw.pl\/index.php?rest_route=\/wp\/v2\/types\/post"}],"author":[{"embeddable":true,"href":"https:\/\/cmm.imgw.pl\/index.php?rest_route=\/wp\/v2\/users\/3"}],"replies":[{"embeddable":true,"href":"https:\/\/cmm.imgw.pl\/index.php?rest_route=%2Fwp%2Fv2%2Fcomments&post=34828"}],"version-history":[{"count":1,"href":"https:\/\/cmm.imgw.pl\/index.php?rest_route=\/wp\/v2\/posts\/34828\/revisions"}],"predecessor-version":[{"id":34915,"href":"https:\/\/cmm.imgw.pl\/index.php?rest_route=\/wp\/v2\/posts\/34828\/revisions\/34915"}],"wp:attachment":[{"href":"https:\/\/cmm.imgw.pl\/index.php?rest_route=%2Fwp%2Fv2%2Fmedia&parent=34828"}],"wp:term":[{"taxonomy":"category","embeddable":true,"href":"https:\/\/cmm.imgw.pl\/index.php?rest_route=%2Fwp%2Fv2%2Fcategories&post=34828"},{"taxonomy":"post_tag","embeddable":true,"href":"https:\/\/cmm.imgw.pl\/index.php?rest_route=%2Fwp%2Fv2%2Ftags&post=34828"}],"curies":[{"name":"wp","href":"https:\/\/api.w.org\/{rel}","templated":true}]}}