{"id":34615,"date":"2023-07-17T06:02:57","date_gmt":"2023-07-17T04:02:57","guid":{"rendered":"https:\/\/cmm.imgw.pl\/?p=34615"},"modified":"2023-07-17T06:03:11","modified_gmt":"2023-07-17T04:03:11","slug":"komentarz-do-numerycznych-prognoz-pogody-17-18-07-2023","status":"publish","type":"post","link":"https:\/\/cmm.imgw.pl\/?p=34615","title":{"rendered":"Komentarz do numerycznych prognoz pogody (17\/18.07.2023)"},"content":{"rendered":"\n<figure class=\"wp-block-image size-large\"><img loading=\"lazy\" width=\"1024\" height=\"576\" src=\"https:\/\/cmm.imgw.pl\/wp-content\/uploads\/2023\/03\/komentarz4-1-1024x576.png\" alt=\"\" class=\"wp-image-23617\" srcset=\"https:\/\/cmm.imgw.pl\/wp-content\/uploads\/2023\/03\/komentarz4-1-1024x576.png 1024w, https:\/\/cmm.imgw.pl\/wp-content\/uploads\/2023\/03\/komentarz4-1-300x169.png 300w, https:\/\/cmm.imgw.pl\/wp-content\/uploads\/2023\/03\/komentarz4-1-768x432.png 768w, https:\/\/cmm.imgw.pl\/wp-content\/uploads\/2023\/03\/komentarz4-1-800x450.png 800w, https:\/\/cmm.imgw.pl\/wp-content\/uploads\/2023\/03\/komentarz4-1.png 1280w\" sizes=\"(max-width: 1024px) 100vw, 1024px\" \/><\/figure>\n\n\n\n<p><em>Tre\u015b\u0107 komentarza do numerycznych prognoz meteorologicznych stanowi niezale\u017cne od biura prognoz meteorologicznych opracowanie wykonane w Centrum Modelowania Meteorologicznego i nie stanowi oficjalnej prognozy synoptycznej IMGW-PIB.<\/em><\/p>\n\n\n\n<p><strong>Opracowanie:<\/strong><\/p>\n\n\n\n<p><strong>dr&nbsp;Grzegorz&nbsp;Duniec, <a href=\"https:\/\/cmm.imgw.pl\/\" target=\"_blank\" rel=\"noreferrer noopener\"><mark style=\"background-color:rgba(0, 0, 0, 0)\" class=\"has-inline-color has-vivid-cyan-blue-color\">Centrum Modelowania Meteorologicznego IMGW-PIB<\/mark><\/a><\/strong><\/p>\n\n\n<p><strong>Sytuacja synoptyczna w Europie z godziny 18 UTC, 16 VII 2023 roku<\/strong><\/p>\n<p><img loading=\"lazy\" width=\"1385\" height=\"983\" class=\"wp-image-34617 aligncenter\" src=\"http:\/\/cmm.imgw.pl\/wp-content\/uploads\/2023\/07\/obraz-zawierajacy-mapa-tekst-atlas-opis-wygener-6.png\" alt=\"Obraz zawieraj\u0105cy mapa, tekst, atlas\n\nOpis wygenerowany automatycznie\" srcset=\"https:\/\/cmm.imgw.pl\/wp-content\/uploads\/2023\/07\/obraz-zawierajacy-mapa-tekst-atlas-opis-wygener-6.png 1385w, https:\/\/cmm.imgw.pl\/wp-content\/uploads\/2023\/07\/obraz-zawierajacy-mapa-tekst-atlas-opis-wygener-6-300x213.png 300w, https:\/\/cmm.imgw.pl\/wp-content\/uploads\/2023\/07\/obraz-zawierajacy-mapa-tekst-atlas-opis-wygener-6-1024x727.png 1024w, https:\/\/cmm.imgw.pl\/wp-content\/uploads\/2023\/07\/obraz-zawierajacy-mapa-tekst-atlas-opis-wygener-6-768x545.png 768w\" sizes=\"(max-width: 1385px) 100vw, 1385px\" \/><\/p>\n<p>Przez Polsk\u0119 przemieszcza\u0142 si\u0119 ch\u0142odny front atmosferyczny zwi\u0105zany z ni\u017cem znajduj\u0105cym si\u0119 nad Morzem Norweskim z centrum 990 hPa. Jest to o\u015brodek dwucentrowy. W zasi\u0119gu izobary 995 hPa znajduj\u0105 si\u0119 dwa o\u015brodki o g\u0142\u0119boko\u015bci 990 hPa. Przed frontem ch\u0142odnym ukszta\u0142towa\u0142a si\u0119 linia konwergencji. Nad zachodni\u0105 Rosj\u0105, Bia\u0142orusi\u0105, Ukrain\u0105, Rumuni\u0105, Morzem Czarnym zalega klin wysokiego ci\u015bnienia. Na wsch\u00f3d od klina wysokiego ci\u015bnienia wyst\u0119puje p\u0142ytki ni\u017c. Nad Morzem Barentsa wyst\u0119puje zatoka, w kt\u00f3rej wyst\u0119puje front ch\u0142odny. Nad Morzem \u015ar\u00f3dziemnym znajduje si\u0119 obszar podwy\u017cszonego ci\u015bnienia. Wschodni obszar Morza \u015ar\u00f3dziemnego wyst\u0119puje obszar niskiego ci\u015bnienia. Nad Morzem Iberyjskim zalega p\u0142ytki ni\u017c. Na zach\u00f3d od Wysp Brytyjskich, nad Atlantykiem, wyst\u0119puje zatoka niskiego ci\u015bnienia, w kt\u00f3rej znajduje si\u0119 pofalowany front atmosferyczny.<\/p>\n<p><strong>Analiza g\u00f3rnego pola ci\u015bnienia z dnia 16 VII 2023 roku, godzina 12 UTC<\/strong><\/p>\n<p><img loading=\"lazy\" width=\"1220\" height=\"1542\" class=\"wp-image-34618 aligncenter\" src=\"http:\/\/cmm.imgw.pl\/wp-content\/uploads\/2023\/07\/obraz-zawierajacy-tekst-mapa-diagram-opis-wygen-7.gif\" alt=\"Obraz zawieraj\u0105cy tekst, mapa, diagram\n\nOpis wygenerowany automatycznie\" \/> <img loading=\"lazy\" width=\"1220\" height=\"1542\" class=\"wp-image-34619 aligncenter\" src=\"http:\/\/cmm.imgw.pl\/wp-content\/uploads\/2023\/07\/obraz-zawierajacy-diagram-szkic-tekst-mapa-opi.gif\" alt=\"Obraz zawieraj\u0105cy diagram, szkic, tekst, mapa\n\nOpis wygenerowany automatycznie\" \/> <img loading=\"lazy\" width=\"1221\" height=\"1545\" class=\"wp-image-34620 aligncenter\" src=\"http:\/\/cmm.imgw.pl\/wp-content\/uploads\/2023\/07\/obraz-zawierajacy-mapa-tekst-diagram-opis-wygen-2.gif\" alt=\"Obraz zawieraj\u0105cy mapa, tekst, diagram\n\nOpis wygenerowany automatycznie\" \/><\/p>\n<p>Zalegaj\u0105cy nad Morzem Norweskim ni\u017c jest wysokim uk\u0142adem barycznym. Na wschodni\u0105 Europ\u0105 zalega wysoki uk\u0142ad baryczny niskiego ci\u015bnienia. Nad Europ\u0105 centraln\u0105, \u015brodkow\u0105, a\u017c po po\u0142udniow\u0105 Skandynawi\u0105, P\u0142w. Kolskim oraz Morzem \u015br\u00f3dziemnym izohipsy s\u0105 gi\u0119te na kszta\u0142t klina.<\/p>\n<p><strong>Analiza g\u00f3rnego pola wiatru, 13 VII 2023 roku, godzina 18 UTC<\/strong><\/p>\n<p><img loading=\"lazy\" width=\"2156\" height=\"1728\" class=\"wp-image-34621 aligncenter\" src=\"http:\/\/cmm.imgw.pl\/wp-content\/uploads\/2023\/07\/obraz-zawierajacy-tekst-mapa-diagram-opis-wygen-5.png\" alt=\"Obraz zawieraj\u0105cy tekst, mapa, diagram\n\nOpis wygenerowany automatycznie\" srcset=\"https:\/\/cmm.imgw.pl\/wp-content\/uploads\/2023\/07\/obraz-zawierajacy-tekst-mapa-diagram-opis-wygen-5.png 2156w, https:\/\/cmm.imgw.pl\/wp-content\/uploads\/2023\/07\/obraz-zawierajacy-tekst-mapa-diagram-opis-wygen-5-300x240.png 300w, https:\/\/cmm.imgw.pl\/wp-content\/uploads\/2023\/07\/obraz-zawierajacy-tekst-mapa-diagram-opis-wygen-5-1024x821.png 1024w, https:\/\/cmm.imgw.pl\/wp-content\/uploads\/2023\/07\/obraz-zawierajacy-tekst-mapa-diagram-opis-wygen-5-768x616.png 768w, https:\/\/cmm.imgw.pl\/wp-content\/uploads\/2023\/07\/obraz-zawierajacy-tekst-mapa-diagram-opis-wygen-5-1536x1231.png 1536w, https:\/\/cmm.imgw.pl\/wp-content\/uploads\/2023\/07\/obraz-zawierajacy-tekst-mapa-diagram-opis-wygen-5-2048x1641.png 2048w\" sizes=\"(max-width: 2156px) 100vw, 2156px\" \/><\/p>\n<p>Nad Atlantykiem zalega pr\u0105d strumieniowy na wysoko\u015bci FL320, z maksymaln\u0105 pr\u0119dko\u015bci\u0105 w osi pr\u0105du 45 m\/s. Nad Wyspami Brytyjskimi i Morzem P\u00f3\u0142nocnym wyst\u0119puje pr\u0105d strumieniowy na wysoko\u015bci FL320, z maksymaln\u0105 pr\u0119dko\u015bci\u0105 w osi pr\u0105du 45 m\/s. Nad Zatok\u0105 Biskajsk\u0105, p\u00f3\u0142nocn\u0105 Francj\u0105, Belgi\u0105, Holandi\u0105, p\u00f3\u0142nocnymi Niemcami oraz p\u00f3\u0142nocn\u0105 Polsk\u0105 utrzymuje si\u0119 pr\u0105d strumieniowy na wysoko\u015bci FL340, z maksymaln\u0105 pr\u0119dko\u015bci\u0105 w osi pr\u0105du 45 m\/s. Nad Europ\u0105 po\u0142udniowo zachodni\u0105 a\u017c po po\u0142udniowe Niemcy zalega pr\u0105d strumieniowy na wysoko\u015bci FL400, z maksymaln\u0105 pr\u0119dko\u015bci\u0105 w osi pr\u0105du 45 m\/s. Nad Europ\u0105 wschodni\u0105 i po\u0142udniowo wschodni\u0105 wyst\u0119puje pr\u0105d strumieniowy na wysoko\u015bci FL340\/380, z maksymaln\u0105 pr\u0119dko\u015bci\u0105 w osi pr\u0105du 42,5-45 m\/s. Nad Ba\u0142tykiem, wschodnimi rejonami Szwecji oraz p\u00f3\u0142nocnymi rejonami Szwecji i Norwegii utrzymuje si\u0119 pr\u0105d strumieniowy na wysoko\u015bci FL320, z maksymaln\u0105 pr\u0119dko\u015bci\u0105 w osi pr\u0105du 50 m\/s.<\/p>\n<p>W obszarze przerywanej linii [1] wyst\u0119puje turbulencja czystego nieba w przedziale wysoko\u015bci FL260\/400. W obszarze przerywanej linii [2] wyst\u0119puje turbulencja czystego nieba w przedziale wysoko\u015bci FL250\/380. W obszarze przerywanej linii [3] wyst\u0119puje turbulencja czystego nieba w przedziale wysoko\u015bci FL200\/360. W obszarze przerywanej linii [4,5] wyst\u0119powa\u0107 b\u0119dzie okazjonalnie turbulencja czystego nieba w przedziale wysoko\u015bci FL220\/320.<\/p>\n<p><strong>Analiza termiczna troposfery<\/strong><\/p>\n<p><img loading=\"lazy\" width=\"634\" height=\"490\" class=\"wp-image-34622 aligncenter\" src=\"http:\/\/cmm.imgw.pl\/wp-content\/uploads\/2023\/07\/thck-500-1000hpa-gfs-nie-16-07-2023-18-utc.gif\" alt=\"Thck 500-1000hPa GFS nie. 16.07.2023 18 UTC\" \/><strong><img loading=\"lazy\" width=\"516\" height=\"468\" class=\"wp-image-34623 aligncenter\" src=\"http:\/\/cmm.imgw.pl\/wp-content\/uploads\/2023\/07\/word-image-34615-7.png\" srcset=\"https:\/\/cmm.imgw.pl\/wp-content\/uploads\/2023\/07\/word-image-34615-7.png 516w, https:\/\/cmm.imgw.pl\/wp-content\/uploads\/2023\/07\/word-image-34615-7-300x272.png 300w\" sizes=\"(max-width: 516px) 100vw, 516px\" \/><\/strong><\/p>\n<p>Nad Islandi\u0105, Morzem Norweskim, P\u00f3\u0142nocnym, Barentsa, Skandynawi\u0105, na p\u00f3\u0142nocnymi rejonami Francji, Niemcami oraz Belgi\u0105 i Holandi\u0105 zalega obszar ch\u0142odu. Nad Morzem \u015ar\u00f3dziemnym, po\u0142udniow\u0105 Europ\u0105 a\u017c po Polsk\u0119 znajduje si\u0119 obszar bardzo ciep\u0142ego powietrza. Pozosta\u0142y obszar kontynentu w zasi\u0119gu ciep\u0142a. Nad Morzem \u015ar\u00f3dziemnym, Europ\u0105 po\u0142udniow\u0105 a\u017c po Polsk\u0119 znajduje si\u0119 w zasi\u0119gu powietrza zwrotnikowego. Nad Islandi\u0105, Morzem Norweskim zalega powietrze arktyczne. Pozosta\u0142y obszar kontynentu w zasi\u0119gu powietrza polarno-morskiego.<\/p>\n<p><img loading=\"lazy\" width=\"600\" height=\"640\" class=\"wp-image-34624 aligncenter\" src=\"http:\/\/cmm.imgw.pl\/wp-content\/uploads\/2023\/07\/word-image-34615-8.png\" srcset=\"https:\/\/cmm.imgw.pl\/wp-content\/uploads\/2023\/07\/word-image-34615-8.png 600w, https:\/\/cmm.imgw.pl\/wp-content\/uploads\/2023\/07\/word-image-34615-8-281x300.png 281w\" sizes=\"(max-width: 600px) 100vw, 600px\" \/> <img loading=\"lazy\" width=\"600\" height=\"640\" class=\"wp-image-34625 aligncenter\" src=\"http:\/\/cmm.imgw.pl\/wp-content\/uploads\/2023\/07\/word-image-34615-9.png\" srcset=\"https:\/\/cmm.imgw.pl\/wp-content\/uploads\/2023\/07\/word-image-34615-9.png 600w, https:\/\/cmm.imgw.pl\/wp-content\/uploads\/2023\/07\/word-image-34615-9-281x300.png 281w\" sizes=\"(max-width: 600px) 100vw, 600px\" \/> <img loading=\"lazy\" width=\"600\" height=\"640\" class=\"wp-image-34626 aligncenter\" src=\"http:\/\/cmm.imgw.pl\/wp-content\/uploads\/2023\/07\/word-image-34615-10.png\" srcset=\"https:\/\/cmm.imgw.pl\/wp-content\/uploads\/2023\/07\/word-image-34615-10.png 600w, https:\/\/cmm.imgw.pl\/wp-content\/uploads\/2023\/07\/word-image-34615-10-281x300.png 281w\" sizes=\"(max-width: 600px) 100vw, 600px\" \/><\/p>\n<p>Nad wschodni\u0105 Polsk\u0105 zalega\u0142a o\u015b klina ciep\u0142a (powietrze zwrotnikowe). Za frontem atmosferycznym nap\u0142ywa powietrze polarno-morskie ciep\u0142e. P\u00f3\u0142nocno zachodnie rejony kraju w zasi\u0119gu masy powietrza i ni\u017cszej \u015bredniej temperaturze warstwy o grubo\u015bci 500 hPa. Do Polski nap\u0142ywa powietrze z po\u0142udniowego zachodu.<\/p>\n<p><img loading=\"lazy\" width=\"600\" height=\"640\" class=\"wp-image-34627 aligncenter\" src=\"http:\/\/cmm.imgw.pl\/wp-content\/uploads\/2023\/07\/word-image-34615-11.png\" srcset=\"https:\/\/cmm.imgw.pl\/wp-content\/uploads\/2023\/07\/word-image-34615-11.png 600w, https:\/\/cmm.imgw.pl\/wp-content\/uploads\/2023\/07\/word-image-34615-11-281x300.png 281w\" sizes=\"(max-width: 600px) 100vw, 600px\" \/><\/p>\n<p>Zalegaj\u0105ca masa powietrza na Polsk\u0105 by\u0142a wilgotn\u0105 mas\u0105 powietrza w obr\u0119bie frontu atmosferycznego. Zapas wody w pionowym s\u0142upie powietrza o podstawie 1 m<sup>2<\/sup> wynosi od 20 mm na zachodzie kraju do 44-48 mm na wschodzie kraju.<\/p>\n<p><strong>Rozw\u00f3j sytuacji barycznej nad Europ\u0105 <\/strong><\/p>\n<p><img loading=\"lazy\" width=\"1075\" height=\"764\" class=\"wp-image-34628 aligncenter\" src=\"http:\/\/cmm.imgw.pl\/wp-content\/uploads\/2023\/07\/obraz-zawierajacy-mapa-tekst-diagram-atlas-opi-2.gif\" alt=\"Obraz zawieraj\u0105cy mapa, tekst, diagram, atlas\n\nOpis wygenerowany automatycznie\" \/> <img loading=\"lazy\" width=\"1075\" height=\"764\" class=\"wp-image-34629 aligncenter\" src=\"http:\/\/cmm.imgw.pl\/wp-content\/uploads\/2023\/07\/obraz-zawierajacy-mapa-tekst-diagram-atlas-opi-3.gif\" alt=\"Obraz zawieraj\u0105cy mapa, tekst, diagram, atlas\n\nOpis wygenerowany automatycznie\" \/><\/p>\n<p>Po\u0142udniowe rejony Polski b\u0119d\u0105 w zasi\u0119gu frontu ch\u0142odnego, kt\u00f3ry b\u0119dzie zwi\u0105zany z ni\u017cem, kt\u00f3rego o\u015brodek zalega\u0107 b\u0119dzie nadal nad Morzem Norweskim. Nad zachodni\u0105 Rosj\u0105 nadal b\u0119dzie wyst\u0119powa\u0107 p\u0142ytki ni\u017c. Nad Morzem Barentsa i p\u00f3\u0142nocno zachodni\u0105 Rosj\u0105 wyst\u0119powa\u0107 b\u0119dzie uk\u0142ad front\u00f3w atmosferycznych. W nocy 17\/18 VII nad p\u00f3\u0142nocno zachodni\u0105 Rosj\u0105 rozbuduje si\u0119 klin wysokiego ci\u015bnienia. Na zach\u00f3d od Wysp Brytyjskich zalega\u0107 b\u0119dzie p\u0142ytki uk\u0142ad niskiego znajduj\u0105cy si\u0119 w stadium okludowania. Nad Europ\u0105 zachodni\u0105 rozbudowywa\u0107 si\u0119 b\u0119dzie klina wysokiego ci\u015bnienia. Nad P\u0142w. Iberyjskim dojdzie do cyklogenezy i frontogenezy. Ju\u017c w nocy zalega\u0107 b\u0119dzie w zatoce pofalowany front z zamkni\u0119t\u0105 cyrkulacj\u0105 cykloniczn\u0105. G\u0142\u0119boko\u015b\u0107 wiru b\u0119dzie p\u0142ytka.<\/p>\n<p><strong>Rozw\u00f3j g\u00f3rnego pola ci\u015bnienia<\/strong><\/p>\n<p><strong><img loading=\"lazy\" width=\"557\" height=\"387\" class=\"wp-image-34630 aligncenter\" src=\"http:\/\/cmm.imgw.pl\/wp-content\/uploads\/2023\/07\/word-image-34615-14.png\" srcset=\"https:\/\/cmm.imgw.pl\/wp-content\/uploads\/2023\/07\/word-image-34615-14.png 557w, https:\/\/cmm.imgw.pl\/wp-content\/uploads\/2023\/07\/word-image-34615-14-300x208.png 300w\" sizes=\"(max-width: 557px) 100vw, 557px\" \/><img loading=\"lazy\" width=\"558\" height=\"391\" class=\"wp-image-34631 aligncenter\" src=\"http:\/\/cmm.imgw.pl\/wp-content\/uploads\/2023\/07\/word-image-34615-15.png\" srcset=\"https:\/\/cmm.imgw.pl\/wp-content\/uploads\/2023\/07\/word-image-34615-15.png 558w, https:\/\/cmm.imgw.pl\/wp-content\/uploads\/2023\/07\/word-image-34615-15-300x210.png 300w\" sizes=\"(max-width: 558px) 100vw, 558px\" \/><img loading=\"lazy\" width=\"558\" height=\"390\" class=\"wp-image-34632 aligncenter\" src=\"http:\/\/cmm.imgw.pl\/wp-content\/uploads\/2023\/07\/word-image-34615-16.png\" srcset=\"https:\/\/cmm.imgw.pl\/wp-content\/uploads\/2023\/07\/word-image-34615-16.png 558w, https:\/\/cmm.imgw.pl\/wp-content\/uploads\/2023\/07\/word-image-34615-16-300x210.png 300w\" sizes=\"(max-width: 558px) 100vw, 558px\" \/><img loading=\"lazy\" width=\"557\" height=\"388\" class=\"wp-image-34633 aligncenter\" src=\"http:\/\/cmm.imgw.pl\/wp-content\/uploads\/2023\/07\/word-image-34615-17.png\" srcset=\"https:\/\/cmm.imgw.pl\/wp-content\/uploads\/2023\/07\/word-image-34615-17.png 557w, https:\/\/cmm.imgw.pl\/wp-content\/uploads\/2023\/07\/word-image-34615-17-300x209.png 300w\" sizes=\"(max-width: 557px) 100vw, 557px\" \/><img loading=\"lazy\" width=\"558\" height=\"388\" class=\"wp-image-34634 aligncenter\" src=\"http:\/\/cmm.imgw.pl\/wp-content\/uploads\/2023\/07\/word-image-34615-18.png\" srcset=\"https:\/\/cmm.imgw.pl\/wp-content\/uploads\/2023\/07\/word-image-34615-18.png 558w, https:\/\/cmm.imgw.pl\/wp-content\/uploads\/2023\/07\/word-image-34615-18-300x209.png 300w\" sizes=\"(max-width: 558px) 100vw, 558px\" \/><img loading=\"lazy\" width=\"556\" height=\"389\" class=\"wp-image-34635 aligncenter\" src=\"http:\/\/cmm.imgw.pl\/wp-content\/uploads\/2023\/07\/word-image-34615-19.png\" srcset=\"https:\/\/cmm.imgw.pl\/wp-content\/uploads\/2023\/07\/word-image-34615-19.png 556w, https:\/\/cmm.imgw.pl\/wp-content\/uploads\/2023\/07\/word-image-34615-19-300x210.png 300w\" sizes=\"(max-width: 556px) 100vw, 556px\" \/><\/strong><\/p>\n<p>Zalegaj\u0105cy ni\u017c nad Morzem Norweskim b\u0119dzie wysokim uk\u0142adem barycznym, uk\u0142ad zacznie si\u0119 wype\u0142nia\u0107. Proces wype\u0142niania dotrze do poziomu 500 hPa. Wy\u017cej g\u0142\u0119boko\u015b\u0107 wiru nie zmieni si\u0119. Ni\u017c znad Europy wschodniej nadal b\u0119dzie wysokim uk\u0142adem barycznym. Na wysoko\u015bci 300 hPa, nad Polsk\u0105, izohipsy b\u0119d\u0105 gi\u0119te na kszta\u0142t zatoki. Nad Morzem \u015ar\u00f3dziemnym i p\u00f3\u0142nocn\u0105 Afryk\u0105 zalega\u0107 b\u0119dzie wysoki uk\u0142ad wysokiego ci\u015bnienia. Wy\u017c zacznie s\u0142abn\u0105\u0107.<\/p>\n<p><strong>Rozw\u00f3j g\u00f3rnego pola wiatru<\/strong><\/p>\n<p><img loading=\"lazy\" width=\"2156\" height=\"1728\" class=\"wp-image-34636 aligncenter\" src=\"http:\/\/cmm.imgw.pl\/wp-content\/uploads\/2023\/07\/obraz-zawierajacy-tekst-mapa-diagram-opis-wygen-6.png\" alt=\"Obraz zawieraj\u0105cy tekst, mapa, diagram\n\nOpis wygenerowany automatycznie\" srcset=\"https:\/\/cmm.imgw.pl\/wp-content\/uploads\/2023\/07\/obraz-zawierajacy-tekst-mapa-diagram-opis-wygen-6.png 2156w, https:\/\/cmm.imgw.pl\/wp-content\/uploads\/2023\/07\/obraz-zawierajacy-tekst-mapa-diagram-opis-wygen-6-300x240.png 300w, https:\/\/cmm.imgw.pl\/wp-content\/uploads\/2023\/07\/obraz-zawierajacy-tekst-mapa-diagram-opis-wygen-6-1024x821.png 1024w, https:\/\/cmm.imgw.pl\/wp-content\/uploads\/2023\/07\/obraz-zawierajacy-tekst-mapa-diagram-opis-wygen-6-768x616.png 768w, https:\/\/cmm.imgw.pl\/wp-content\/uploads\/2023\/07\/obraz-zawierajacy-tekst-mapa-diagram-opis-wygen-6-1536x1231.png 1536w, https:\/\/cmm.imgw.pl\/wp-content\/uploads\/2023\/07\/obraz-zawierajacy-tekst-mapa-diagram-opis-wygen-6-2048x1641.png 2048w\" sizes=\"(max-width: 2156px) 100vw, 2156px\" \/><\/p>\n<p>Nad po\u0142udniow\u0105 Angli\u0105, Belgi\u0105, Holandi\u0105, p\u00f3\u0142nocnymi Niemcami i Ba\u0142tykiem zalega\u0107 b\u0119dzie pr\u0105d strumieniowy na wysoko\u015bci FL320, z maksymaln\u0105 pr\u0119dko\u015bci\u0105 w osi pr\u0105du 45-55 m\/s. Nad wschodni\u0105 Polsk\u0105, Litw\u0105 wyst\u0119powa\u0107 b\u0119dzie pr\u0105d strumieniowy na wysoko\u015bci FL360, z maksymaln\u0105 pr\u0119dko\u015bci\u0105 w osi pr\u0105du 50 m\/s. Nad p\u00f3\u0142nocn\u0105 Hiszpani\u0105, Zatok\u0105 Biskajsk\u0105, Francj\u0105 a\u017c po W\u0119gry ukszta\u0142tuje si\u0119 pr\u0105d strumieniowy na wysoko\u015bci FL400, z maksymaln\u0105 pr\u0119dko\u015bci\u0105 w osi pr\u0105du 50 m\/s.<\/p>\n<p>W obszarze przerywanej linii [1] wyst\u0119powa\u0107 b\u0119dzie turbulencja czystego nieba w przedziale wysoko\u015bci FL230\/350.<\/p>\n<p><img loading=\"lazy\" width=\"600\" height=\"640\" class=\"wp-image-34637 aligncenter\" src=\"http:\/\/cmm.imgw.pl\/wp-content\/uploads\/2023\/07\/word-image-34615-21.png\" srcset=\"https:\/\/cmm.imgw.pl\/wp-content\/uploads\/2023\/07\/word-image-34615-21.png 600w, https:\/\/cmm.imgw.pl\/wp-content\/uploads\/2023\/07\/word-image-34615-21-281x300.png 281w\" sizes=\"(max-width: 600px) 100vw, 600px\" \/> <img loading=\"lazy\" width=\"600\" height=\"640\" class=\"wp-image-34638 aligncenter\" src=\"http:\/\/cmm.imgw.pl\/wp-content\/uploads\/2023\/07\/word-image-34615-22.png\" srcset=\"https:\/\/cmm.imgw.pl\/wp-content\/uploads\/2023\/07\/word-image-34615-22.png 600w, https:\/\/cmm.imgw.pl\/wp-content\/uploads\/2023\/07\/word-image-34615-22-281x300.png 281w\" sizes=\"(max-width: 600px) 100vw, 600px\" \/> <img loading=\"lazy\" width=\"600\" height=\"640\" class=\"wp-image-34639 aligncenter\" src=\"http:\/\/cmm.imgw.pl\/wp-content\/uploads\/2023\/07\/word-image-34615-23.png\" srcset=\"https:\/\/cmm.imgw.pl\/wp-content\/uploads\/2023\/07\/word-image-34615-23.png 600w, https:\/\/cmm.imgw.pl\/wp-content\/uploads\/2023\/07\/word-image-34615-23-281x300.png 281w\" sizes=\"(max-width: 600px) 100vw, 600px\" \/> <img loading=\"lazy\" width=\"600\" height=\"640\" class=\"wp-image-34640 aligncenter\" src=\"http:\/\/cmm.imgw.pl\/wp-content\/uploads\/2023\/07\/word-image-34615-24.png\" srcset=\"https:\/\/cmm.imgw.pl\/wp-content\/uploads\/2023\/07\/word-image-34615-24.png 600w, https:\/\/cmm.imgw.pl\/wp-content\/uploads\/2023\/07\/word-image-34615-24-281x300.png 281w\" sizes=\"(max-width: 600px) 100vw, 600px\" \/><\/p>\n<p>Nad p\u00f3\u0142nocno zachodni\u0105 Polsk\u0105 zalega\u0107 b\u0119dzie pr\u0105d strumieniowy. We wtorek rano, w dzielnicach centralnych, na wysoko\u015bci 300 hPa, pr\u0119dko\u015b\u0107 wiatru osi\u0105gnie warto\u015b\u0107 47,5 m\/s.<\/p>\n<p><strong>Rozw\u00f3j warunk\u00f3w termicznych troposfery<\/strong><\/p>\n<p><img loading=\"lazy\" width=\"634\" height=\"490\" class=\"wp-image-34641 aligncenter\" src=\"http:\/\/cmm.imgw.pl\/wp-content\/uploads\/2023\/07\/thck-500-1000hpa-gfs-pon-17-07-2023-12-utc.gif\" alt=\"Thck 500-1000hPa GFS pon. 17.07.2023 12 UTC\" \/> <img loading=\"lazy\" width=\"634\" height=\"490\" class=\"wp-image-34642 aligncenter\" src=\"http:\/\/cmm.imgw.pl\/wp-content\/uploads\/2023\/07\/thck-500-1000hpa-gfs-wto-18-07-2023-12-utc.gif\" alt=\"Thck 500-1000hPa GFS wto. 18.07.2023 12 UTC\" \/><\/p>\n<p>Obszar ch\u0142odu przemie\u015bci na wsch\u00f3d obejmuj\u0105cy Litw\u0119, \u0141otw\u0119 i Estoni\u0119 oraz p\u00f3\u0142nocn\u0105 Bia\u0142oru\u015b, a tak\u017ce Morze Bia\u0142e i P\u0142w. Kolski. Pozosta\u0142y rozk\u0142ad mas powietrze nie ulegnie istotnym zmianom.<\/p>\n<p><img loading=\"lazy\" width=\"600\" height=\"640\" class=\"wp-image-34643 aligncenter\" src=\"http:\/\/cmm.imgw.pl\/wp-content\/uploads\/2023\/07\/word-image-34615-27.png\" srcset=\"https:\/\/cmm.imgw.pl\/wp-content\/uploads\/2023\/07\/word-image-34615-27.png 600w, https:\/\/cmm.imgw.pl\/wp-content\/uploads\/2023\/07\/word-image-34615-27-281x300.png 281w\" sizes=\"(max-width: 600px) 100vw, 600px\" \/> <img loading=\"lazy\" width=\"600\" height=\"640\" class=\"wp-image-34644 aligncenter\" src=\"http:\/\/cmm.imgw.pl\/wp-content\/uploads\/2023\/07\/word-image-34615-28.png\" srcset=\"https:\/\/cmm.imgw.pl\/wp-content\/uploads\/2023\/07\/word-image-34615-28.png 600w, https:\/\/cmm.imgw.pl\/wp-content\/uploads\/2023\/07\/word-image-34615-28-281x300.png 281w\" sizes=\"(max-width: 600px) 100vw, 600px\" \/> <img loading=\"lazy\" width=\"600\" height=\"640\" class=\"wp-image-34645 aligncenter\" src=\"http:\/\/cmm.imgw.pl\/wp-content\/uploads\/2023\/07\/word-image-34615-29.png\" srcset=\"https:\/\/cmm.imgw.pl\/wp-content\/uploads\/2023\/07\/word-image-34615-29.png 600w, https:\/\/cmm.imgw.pl\/wp-content\/uploads\/2023\/07\/word-image-34615-29-281x300.png 281w\" sizes=\"(max-width: 600px) 100vw, 600px\" \/><\/p>\n<p>Klin ciep\u0142a b\u0119dzie si\u0119 przemieszcza\u0142 na wsch\u00f3d. W poniedzia\u0142ek w po\u0142udniowo wschodniej cz\u0119\u015bci kraju nadal wyst\u0119powa\u0107 b\u0119dzie klin ciep\u0142a. W nocy (17\/18 VII) p\u00f3\u0142nocne rejony kraju w zasi\u0119gu zatoki ch\u0142odu.<\/p>\n<p><img loading=\"lazy\" width=\"600\" height=\"640\" class=\"wp-image-34646 aligncenter\" src=\"http:\/\/cmm.imgw.pl\/wp-content\/uploads\/2023\/07\/word-image-34615-30.png\" srcset=\"https:\/\/cmm.imgw.pl\/wp-content\/uploads\/2023\/07\/word-image-34615-30.png 600w, https:\/\/cmm.imgw.pl\/wp-content\/uploads\/2023\/07\/word-image-34615-30-281x300.png 281w\" sizes=\"(max-width: 600px) 100vw, 600px\" \/> <img loading=\"lazy\" width=\"600\" height=\"640\" class=\"wp-image-34647 aligncenter\" src=\"http:\/\/cmm.imgw.pl\/wp-content\/uploads\/2023\/07\/word-image-34615-31.png\" srcset=\"https:\/\/cmm.imgw.pl\/wp-content\/uploads\/2023\/07\/word-image-34615-31.png 600w, https:\/\/cmm.imgw.pl\/wp-content\/uploads\/2023\/07\/word-image-34615-31-281x300.png 281w\" sizes=\"(max-width: 600px) 100vw, 600px\" \/> <img loading=\"lazy\" width=\"600\" height=\"640\" class=\"wp-image-34648 aligncenter\" src=\"http:\/\/cmm.imgw.pl\/wp-content\/uploads\/2023\/07\/word-image-34615-32.png\" srcset=\"https:\/\/cmm.imgw.pl\/wp-content\/uploads\/2023\/07\/word-image-34615-32.png 600w, https:\/\/cmm.imgw.pl\/wp-content\/uploads\/2023\/07\/word-image-34615-32-281x300.png 281w\" sizes=\"(max-width: 600px) 100vw, 600px\" \/><\/p>\n<p>W poniedzia\u0142ek nap\u0142ywa\u0107 b\u0119dzie powietrze z po\u0142udniowego zachodu. W wyniku przemieszczaj\u0105cej si\u0119 zatoki zmieni si\u0119 kierunek nap\u0142ywu mas powietrza. Ju\u017c we wtorek rano nap\u0142ywa\u0107 b\u0119dzie masa powietrza z kierunku zachodnio-p\u00f3\u0142nocno-zachodniego.<\/p>\n<p><strong>Ewolucja pola wilgotno\u015bci w troposferze<\/strong><\/p>\n<p><img loading=\"lazy\" width=\"600\" height=\"640\" class=\"wp-image-34649 aligncenter\" src=\"http:\/\/cmm.imgw.pl\/wp-content\/uploads\/2023\/07\/word-image-34615-33.png\" srcset=\"https:\/\/cmm.imgw.pl\/wp-content\/uploads\/2023\/07\/word-image-34615-33.png 600w, https:\/\/cmm.imgw.pl\/wp-content\/uploads\/2023\/07\/word-image-34615-33-281x300.png 281w\" sizes=\"(max-width: 600px) 100vw, 600px\" \/> <img loading=\"lazy\" width=\"600\" height=\"640\" class=\"wp-image-34650 aligncenter\" src=\"http:\/\/cmm.imgw.pl\/wp-content\/uploads\/2023\/07\/word-image-34615-34.png\" srcset=\"https:\/\/cmm.imgw.pl\/wp-content\/uploads\/2023\/07\/word-image-34615-34.png 600w, https:\/\/cmm.imgw.pl\/wp-content\/uploads\/2023\/07\/word-image-34615-34-281x300.png 281w\" sizes=\"(max-width: 600px) 100vw, 600px\" \/><\/p>\n<p>Na wysoko\u015bci 1,5 km zalega\u0107 b\u0119dzie nad Polsk\u0105 rozproszony obszar zwi\u0119kszonej wilgotno\u015bci poprzeplatany obszarami zmniejszonej wilgotno\u015bci.<\/p>\n<p><img loading=\"lazy\" width=\"600\" height=\"640\" class=\"wp-image-34651 aligncenter\" src=\"http:\/\/cmm.imgw.pl\/wp-content\/uploads\/2023\/07\/word-image-34615-35.png\" srcset=\"https:\/\/cmm.imgw.pl\/wp-content\/uploads\/2023\/07\/word-image-34615-35.png 600w, https:\/\/cmm.imgw.pl\/wp-content\/uploads\/2023\/07\/word-image-34615-35-281x300.png 281w\" sizes=\"(max-width: 600px) 100vw, 600px\" \/> <img loading=\"lazy\" width=\"600\" height=\"640\" class=\"wp-image-34652 aligncenter\" src=\"http:\/\/cmm.imgw.pl\/wp-content\/uploads\/2023\/07\/word-image-34615-36.png\" srcset=\"https:\/\/cmm.imgw.pl\/wp-content\/uploads\/2023\/07\/word-image-34615-36.png 600w, https:\/\/cmm.imgw.pl\/wp-content\/uploads\/2023\/07\/word-image-34615-36-281x300.png 281w\" sizes=\"(max-width: 600px) 100vw, 600px\" \/><\/p>\n<p>Na wysoko\u015bci 500 hPa w ci\u0105gu dnia jedynie w po\u0142udniowo wschodniej cz\u0119\u015bci kraju wyst\u0119powa\u0107 b\u0119dzie zwi\u0119kszona zawarto\u015b\u0107 pary wodnej. Na pozosta\u0142ym obszarze b\u0119dzie sucho. W nocy jedynie nad p\u00f3\u0142nocn\u0105 cz\u0119\u015bci\u0105 kraju wyst\u0119powa\u0107 b\u0119dzie zwi\u0119kszona wilgotno\u015b\u0107. Na pozosta\u0142ym obszarze b\u0119dzie sucho.<\/p>\n<p><img loading=\"lazy\" width=\"600\" height=\"640\" class=\"wp-image-34653 aligncenter\" src=\"http:\/\/cmm.imgw.pl\/wp-content\/uploads\/2023\/07\/word-image-34615-37.png\" srcset=\"https:\/\/cmm.imgw.pl\/wp-content\/uploads\/2023\/07\/word-image-34615-37.png 600w, https:\/\/cmm.imgw.pl\/wp-content\/uploads\/2023\/07\/word-image-34615-37-281x300.png 281w\" sizes=\"(max-width: 600px) 100vw, 600px\" \/> <img loading=\"lazy\" width=\"600\" height=\"640\" class=\"wp-image-34654 aligncenter\" src=\"http:\/\/cmm.imgw.pl\/wp-content\/uploads\/2023\/07\/word-image-34615-38.png\" srcset=\"https:\/\/cmm.imgw.pl\/wp-content\/uploads\/2023\/07\/word-image-34615-38.png 600w, https:\/\/cmm.imgw.pl\/wp-content\/uploads\/2023\/07\/word-image-34615-38-281x300.png 281w\" sizes=\"(max-width: 600px) 100vw, 600px\" \/><\/p>\n<p>Na wysoko\u015bci 9 km w ci\u0105gu dnia na wschodzie, w po\u0142udniowo wschodniej oraz cz\u0119\u015bciowo na po\u0142udniu kraju wyst\u0119powa\u0107 b\u0119dzie zwi\u0119kszona wilgotno\u015b\u0107. Na pozosta\u0142ym obszarze kraju b\u0119dzie sucho. W nocy, jedynie w w\u0105skiej strefie zalegaj\u0105cej od Suwa\u0142k, przez \u0141\u00f3d\u017a, a\u017c po woj. opolskie, zalega\u0107 b\u0119dzie zwi\u0119kszona wilgotno\u015b\u0107. Na pozosta\u0142ym obszarze b\u0119dzie sucho.<\/p>\n<p><img loading=\"lazy\" width=\"600\" height=\"640\" class=\"wp-image-34655 aligncenter\" src=\"http:\/\/cmm.imgw.pl\/wp-content\/uploads\/2023\/07\/word-image-34615-39.png\" srcset=\"https:\/\/cmm.imgw.pl\/wp-content\/uploads\/2023\/07\/word-image-34615-39.png 600w, https:\/\/cmm.imgw.pl\/wp-content\/uploads\/2023\/07\/word-image-34615-39-281x300.png 281w\" sizes=\"(max-width: 600px) 100vw, 600px\" \/> <img loading=\"lazy\" width=\"600\" height=\"640\" class=\"wp-image-34656 aligncenter\" src=\"http:\/\/cmm.imgw.pl\/wp-content\/uploads\/2023\/07\/word-image-34615-40.png\" srcset=\"https:\/\/cmm.imgw.pl\/wp-content\/uploads\/2023\/07\/word-image-34615-40.png 600w, https:\/\/cmm.imgw.pl\/wp-content\/uploads\/2023\/07\/word-image-34615-40-281x300.png 281w\" sizes=\"(max-width: 600px) 100vw, 600px\" \/> <img loading=\"lazy\" width=\"600\" height=\"640\" class=\"wp-image-34657 aligncenter\" src=\"http:\/\/cmm.imgw.pl\/wp-content\/uploads\/2023\/07\/word-image-34615-41.png\" srcset=\"https:\/\/cmm.imgw.pl\/wp-content\/uploads\/2023\/07\/word-image-34615-41.png 600w, https:\/\/cmm.imgw.pl\/wp-content\/uploads\/2023\/07\/word-image-34615-41-281x300.png 281w\" sizes=\"(max-width: 600px) 100vw, 600px\" \/><\/p>\n<p>W ci\u0105gu dnia zapas wody w pionowym s\u0142upie powietrza o podstawie 1 m<sup>2<\/sup> (TPW) b\u0119dzie wynosi\u0142 od 16 mm na zachodzie kraju do 48 mm na po\u0142udniowym wschodzie kraju. Nad ranem we wtorek TPW osi\u0105gnie warto\u015b\u0107 16-24 mm.<\/p>\n<p><strong>Prognoza zachmurzenia<\/strong><\/p>\n<p><img loading=\"lazy\" width=\"600\" height=\"640\" class=\"wp-image-34658 aligncenter\" src=\"http:\/\/cmm.imgw.pl\/wp-content\/uploads\/2023\/07\/word-image-34615-42.png\" srcset=\"https:\/\/cmm.imgw.pl\/wp-content\/uploads\/2023\/07\/word-image-34615-42.png 600w, https:\/\/cmm.imgw.pl\/wp-content\/uploads\/2023\/07\/word-image-34615-42-281x300.png 281w\" sizes=\"(max-width: 600px) 100vw, 600px\" \/> <img loading=\"lazy\" width=\"600\" height=\"640\" class=\"wp-image-34659 aligncenter\" src=\"http:\/\/cmm.imgw.pl\/wp-content\/uploads\/2023\/07\/word-image-34615-43.png\" srcset=\"https:\/\/cmm.imgw.pl\/wp-content\/uploads\/2023\/07\/word-image-34615-43.png 600w, https:\/\/cmm.imgw.pl\/wp-content\/uploads\/2023\/07\/word-image-34615-43-281x300.png 281w\" sizes=\"(max-width: 600px) 100vw, 600px\" \/> <img loading=\"lazy\" width=\"600\" height=\"640\" class=\"wp-image-34660 aligncenter\" src=\"http:\/\/cmm.imgw.pl\/wp-content\/uploads\/2023\/07\/word-image-34615-44.png\" srcset=\"https:\/\/cmm.imgw.pl\/wp-content\/uploads\/2023\/07\/word-image-34615-44.png 600w, https:\/\/cmm.imgw.pl\/wp-content\/uploads\/2023\/07\/word-image-34615-44-281x300.png 281w\" sizes=\"(max-width: 600px) 100vw, 600px\" \/> <img loading=\"lazy\" width=\"600\" height=\"640\" class=\"wp-image-34661 aligncenter\" src=\"http:\/\/cmm.imgw.pl\/wp-content\/uploads\/2023\/07\/word-image-34615-45.png\" srcset=\"https:\/\/cmm.imgw.pl\/wp-content\/uploads\/2023\/07\/word-image-34615-45.png 600w, https:\/\/cmm.imgw.pl\/wp-content\/uploads\/2023\/07\/word-image-34615-45-281x300.png 281w\" sizes=\"(max-width: 600px) 100vw, 600px\" \/><\/p>\n<p>Zachmurzenie og\u00f3lne b\u0119dzie zmienne. Nad ranem we wtorek jedynie miejscami na p\u00f3\u0142nocy, p\u00f3\u0142nocnym zachodzie, zachodzie i po\u0142udniowym zachodzie zachmurzenie og\u00f3lne b\u0119dzie du\u017ce. Na pozosta\u0142ym obszarze zachmurzenie ma\u0142e lub brak.<\/p>\n<p><img loading=\"lazy\" width=\"600\" height=\"640\" class=\"wp-image-34662 aligncenter\" src=\"http:\/\/cmm.imgw.pl\/wp-content\/uploads\/2023\/07\/word-image-34615-46.png\" srcset=\"https:\/\/cmm.imgw.pl\/wp-content\/uploads\/2023\/07\/word-image-34615-46.png 600w, https:\/\/cmm.imgw.pl\/wp-content\/uploads\/2023\/07\/word-image-34615-46-281x300.png 281w\" sizes=\"(max-width: 600px) 100vw, 600px\" \/> <img loading=\"lazy\" width=\"600\" height=\"640\" class=\"wp-image-34663 aligncenter\" src=\"http:\/\/cmm.imgw.pl\/wp-content\/uploads\/2023\/07\/word-image-34615-47.png\" srcset=\"https:\/\/cmm.imgw.pl\/wp-content\/uploads\/2023\/07\/word-image-34615-47.png 600w, https:\/\/cmm.imgw.pl\/wp-content\/uploads\/2023\/07\/word-image-34615-47-281x300.png 281w\" sizes=\"(max-width: 600px) 100vw, 600px\" \/> <img loading=\"lazy\" width=\"600\" height=\"640\" class=\"wp-image-34664 aligncenter\" src=\"http:\/\/cmm.imgw.pl\/wp-content\/uploads\/2023\/07\/word-image-34615-48.png\" srcset=\"https:\/\/cmm.imgw.pl\/wp-content\/uploads\/2023\/07\/word-image-34615-48.png 600w, https:\/\/cmm.imgw.pl\/wp-content\/uploads\/2023\/07\/word-image-34615-48-281x300.png 281w\" sizes=\"(max-width: 600px) 100vw, 600px\" \/> <img loading=\"lazy\" width=\"600\" height=\"640\" class=\"wp-image-34665 aligncenter\" src=\"http:\/\/cmm.imgw.pl\/wp-content\/uploads\/2023\/07\/word-image-34615-49.png\" srcset=\"https:\/\/cmm.imgw.pl\/wp-content\/uploads\/2023\/07\/word-image-34615-49.png 600w, https:\/\/cmm.imgw.pl\/wp-content\/uploads\/2023\/07\/word-image-34615-49-281x300.png 281w\" sizes=\"(max-width: 600px) 100vw, 600px\" \/> <img loading=\"lazy\" width=\"600\" height=\"640\" class=\"wp-image-34666 aligncenter\" src=\"http:\/\/cmm.imgw.pl\/wp-content\/uploads\/2023\/07\/word-image-34615-50.png\" srcset=\"https:\/\/cmm.imgw.pl\/wp-content\/uploads\/2023\/07\/word-image-34615-50.png 600w, https:\/\/cmm.imgw.pl\/wp-content\/uploads\/2023\/07\/word-image-34615-50-281x300.png 281w\" sizes=\"(max-width: 600px) 100vw, 600px\" \/> <img loading=\"lazy\" width=\"600\" height=\"640\" class=\"wp-image-34667 aligncenter\" src=\"http:\/\/cmm.imgw.pl\/wp-content\/uploads\/2023\/07\/word-image-34615-51.png\" srcset=\"https:\/\/cmm.imgw.pl\/wp-content\/uploads\/2023\/07\/word-image-34615-51.png 600w, https:\/\/cmm.imgw.pl\/wp-content\/uploads\/2023\/07\/word-image-34615-51-281x300.png 281w\" sizes=\"(max-width: 600px) 100vw, 600px\" \/><\/p>\n<p>Na niebie wyst\u0119powa\u0107 b\u0119d\u0105 chmury Cumulus oraz Cumulonimbus (o wierzcho\u0142kach do 12 km), na po\u0142udniu kraju mo\u017cliwe Cb cap inc arc. Miejscami mog\u0105 wyst\u0119powa\u0107 chmury Stratocumulus oraz Stratocumulus cumulogenitus. W strefie opad\u00f3w mo\u017cliwe chmury pannus (Stratus fractus cumulonimbogenitus, Cumulus fractus cumulonimbogenitus).<\/p>\n<p><img loading=\"lazy\" width=\"600\" height=\"640\" class=\"wp-image-34668 aligncenter\" src=\"http:\/\/cmm.imgw.pl\/wp-content\/uploads\/2023\/07\/word-image-34615-52.png\" srcset=\"https:\/\/cmm.imgw.pl\/wp-content\/uploads\/2023\/07\/word-image-34615-52.png 600w, https:\/\/cmm.imgw.pl\/wp-content\/uploads\/2023\/07\/word-image-34615-52-281x300.png 281w\" sizes=\"(max-width: 600px) 100vw, 600px\" \/> <img loading=\"lazy\" width=\"600\" height=\"640\" class=\"wp-image-34669 aligncenter\" src=\"http:\/\/cmm.imgw.pl\/wp-content\/uploads\/2023\/07\/word-image-34615-53.png\" srcset=\"https:\/\/cmm.imgw.pl\/wp-content\/uploads\/2023\/07\/word-image-34615-53.png 600w, https:\/\/cmm.imgw.pl\/wp-content\/uploads\/2023\/07\/word-image-34615-53-281x300.png 281w\" sizes=\"(max-width: 600px) 100vw, 600px\" \/> <img loading=\"lazy\" width=\"600\" height=\"640\" class=\"wp-image-34670 aligncenter\" src=\"http:\/\/cmm.imgw.pl\/wp-content\/uploads\/2023\/07\/word-image-34615-54.png\" srcset=\"https:\/\/cmm.imgw.pl\/wp-content\/uploads\/2023\/07\/word-image-34615-54.png 600w, https:\/\/cmm.imgw.pl\/wp-content\/uploads\/2023\/07\/word-image-34615-54-281x300.png 281w\" sizes=\"(max-width: 600px) 100vw, 600px\" \/><\/p>\n<p>W pi\u0119trze chmur \u015brednich wyst\u0119powa\u0107 b\u0119d\u0105 chmury Altocumulus. W rejonie chmur Cb mog\u0105 tworzy\u0107 si\u0119 chmury Altocumulus cumulonimbogenitus. Mo\u017cliwe tak\u017ce odmiany chmur Ac: undulatus, radiatus, lenticularis, castellanus\/floccus. Lokalnie mo\u017cliwe tak\u017ce chmury Altostratus.<\/p>\n<p><img loading=\"lazy\" width=\"600\" height=\"640\" class=\"wp-image-34671 aligncenter\" src=\"http:\/\/cmm.imgw.pl\/wp-content\/uploads\/2023\/07\/word-image-34615-55.png\" srcset=\"https:\/\/cmm.imgw.pl\/wp-content\/uploads\/2023\/07\/word-image-34615-55.png 600w, https:\/\/cmm.imgw.pl\/wp-content\/uploads\/2023\/07\/word-image-34615-55-281x300.png 281w\" sizes=\"(max-width: 600px) 100vw, 600px\" \/> <img loading=\"lazy\" width=\"600\" height=\"640\" class=\"wp-image-34672 aligncenter\" src=\"http:\/\/cmm.imgw.pl\/wp-content\/uploads\/2023\/07\/word-image-34615-56.png\" srcset=\"https:\/\/cmm.imgw.pl\/wp-content\/uploads\/2023\/07\/word-image-34615-56.png 600w, https:\/\/cmm.imgw.pl\/wp-content\/uploads\/2023\/07\/word-image-34615-56-281x300.png 281w\" sizes=\"(max-width: 600px) 100vw, 600px\" \/> <img loading=\"lazy\" width=\"600\" height=\"640\" class=\"wp-image-34673 aligncenter\" src=\"http:\/\/cmm.imgw.pl\/wp-content\/uploads\/2023\/07\/word-image-34615-57.png\" srcset=\"https:\/\/cmm.imgw.pl\/wp-content\/uploads\/2023\/07\/word-image-34615-57.png 600w, https:\/\/cmm.imgw.pl\/wp-content\/uploads\/2023\/07\/word-image-34615-57-281x300.png 281w\" sizes=\"(max-width: 600px) 100vw, 600px\" \/><\/p>\n<p>W pi\u0119trze chmur wysokich nale\u017cy oczekiwa\u0107 chmur Cirrus fibratus\/spissatus\/uncinus, Cirrostratus fibratus\/undulatus. Mo\u017cliwe tak\u017ce chmury Cirrocumulus (lenticularis, undulatus). W rejonie chmur Cb mo\u017cliwe chmury Cirrus spissatus cumulonimbogenitus oraz Cirrostratus fibratus cumulonimbogenitus.<\/p>\n<p><strong>Prognoza opad\u00f3w<\/strong><\/p>\n<p><img loading=\"lazy\" width=\"600\" height=\"640\" class=\"wp-image-34674 aligncenter\" src=\"http:\/\/cmm.imgw.pl\/wp-content\/uploads\/2023\/07\/word-image-34615-58.png\" srcset=\"https:\/\/cmm.imgw.pl\/wp-content\/uploads\/2023\/07\/word-image-34615-58.png 600w, https:\/\/cmm.imgw.pl\/wp-content\/uploads\/2023\/07\/word-image-34615-58-281x300.png 281w\" sizes=\"(max-width: 600px) 100vw, 600px\" \/> <img loading=\"lazy\" width=\"600\" height=\"640\" class=\"wp-image-34675 aligncenter\" src=\"http:\/\/cmm.imgw.pl\/wp-content\/uploads\/2023\/07\/word-image-34615-59.png\" srcset=\"https:\/\/cmm.imgw.pl\/wp-content\/uploads\/2023\/07\/word-image-34615-59.png 600w, https:\/\/cmm.imgw.pl\/wp-content\/uploads\/2023\/07\/word-image-34615-59-281x300.png 281w\" sizes=\"(max-width: 600px) 100vw, 600px\" \/> <img loading=\"lazy\" width=\"600\" height=\"640\" class=\"wp-image-34676 aligncenter\" src=\"http:\/\/cmm.imgw.pl\/wp-content\/uploads\/2023\/07\/word-image-34615-60.png\" srcset=\"https:\/\/cmm.imgw.pl\/wp-content\/uploads\/2023\/07\/word-image-34615-60.png 600w, https:\/\/cmm.imgw.pl\/wp-content\/uploads\/2023\/07\/word-image-34615-60-281x300.png 281w\" sizes=\"(max-width: 600px) 100vw, 600px\" \/> <img loading=\"lazy\" width=\"600\" height=\"640\" class=\"wp-image-34677 aligncenter\" src=\"http:\/\/cmm.imgw.pl\/wp-content\/uploads\/2023\/07\/word-image-34615-61.png\" srcset=\"https:\/\/cmm.imgw.pl\/wp-content\/uploads\/2023\/07\/word-image-34615-61.png 600w, https:\/\/cmm.imgw.pl\/wp-content\/uploads\/2023\/07\/word-image-34615-61-281x300.png 281w\" sizes=\"(max-width: 600px) 100vw, 600px\" \/> <img loading=\"lazy\" width=\"600\" height=\"640\" class=\"wp-image-34678 aligncenter\" src=\"http:\/\/cmm.imgw.pl\/wp-content\/uploads\/2023\/07\/word-image-34615-62.png\" srcset=\"https:\/\/cmm.imgw.pl\/wp-content\/uploads\/2023\/07\/word-image-34615-62.png 600w, https:\/\/cmm.imgw.pl\/wp-content\/uploads\/2023\/07\/word-image-34615-62-281x300.png 281w\" sizes=\"(max-width: 600px) 100vw, 600px\" \/> <img loading=\"lazy\" width=\"600\" height=\"640\" class=\"wp-image-34679 aligncenter\" src=\"http:\/\/cmm.imgw.pl\/wp-content\/uploads\/2023\/07\/word-image-34615-63.png\" srcset=\"https:\/\/cmm.imgw.pl\/wp-content\/uploads\/2023\/07\/word-image-34615-63.png 600w, https:\/\/cmm.imgw.pl\/wp-content\/uploads\/2023\/07\/word-image-34615-63-281x300.png 281w\" sizes=\"(max-width: 600px) 100vw, 600px\" \/> <img loading=\"lazy\" width=\"600\" height=\"640\" class=\"wp-image-34680 aligncenter\" src=\"http:\/\/cmm.imgw.pl\/wp-content\/uploads\/2023\/07\/word-image-34615-64.png\" srcset=\"https:\/\/cmm.imgw.pl\/wp-content\/uploads\/2023\/07\/word-image-34615-64.png 600w, https:\/\/cmm.imgw.pl\/wp-content\/uploads\/2023\/07\/word-image-34615-64-281x300.png 281w\" sizes=\"(max-width: 600px) 100vw, 600px\" \/> <img loading=\"lazy\" width=\"600\" height=\"640\" class=\"wp-image-34681 aligncenter\" src=\"http:\/\/cmm.imgw.pl\/wp-content\/uploads\/2023\/07\/word-image-34615-65.png\" srcset=\"https:\/\/cmm.imgw.pl\/wp-content\/uploads\/2023\/07\/word-image-34615-65.png 600w, https:\/\/cmm.imgw.pl\/wp-content\/uploads\/2023\/07\/word-image-34615-65-281x300.png 281w\" sizes=\"(max-width: 600px) 100vw, 600px\" \/> <img loading=\"lazy\" width=\"600\" height=\"640\" class=\"wp-image-34682 aligncenter\" src=\"http:\/\/cmm.imgw.pl\/wp-content\/uploads\/2023\/07\/word-image-34615-66.png\" srcset=\"https:\/\/cmm.imgw.pl\/wp-content\/uploads\/2023\/07\/word-image-34615-66.png 600w, https:\/\/cmm.imgw.pl\/wp-content\/uploads\/2023\/07\/word-image-34615-66-281x300.png 281w\" sizes=\"(max-width: 600px) 100vw, 600px\" \/><\/p>\n<p>Wyst\u0119powa\u0107 b\u0119d\u0105 opady przelotne deszczu o zmiennej intensywno\u015bci opadu. Lokalnie opady b\u0119d\u0105 do\u015b\u0107 intensywne.<\/p>\n<p><strong>Prognoza gradu<\/strong><\/p>\n<p><img loading=\"lazy\" width=\"600\" height=\"640\" class=\"wp-image-34683 aligncenter\" src=\"http:\/\/cmm.imgw.pl\/wp-content\/uploads\/2023\/07\/word-image-34615-67.png\" srcset=\"https:\/\/cmm.imgw.pl\/wp-content\/uploads\/2023\/07\/word-image-34615-67.png 600w, https:\/\/cmm.imgw.pl\/wp-content\/uploads\/2023\/07\/word-image-34615-67-281x300.png 281w\" sizes=\"(max-width: 600px) 100vw, 600px\" \/> <img loading=\"lazy\" width=\"600\" height=\"640\" class=\"wp-image-34684 aligncenter\" src=\"http:\/\/cmm.imgw.pl\/wp-content\/uploads\/2023\/07\/word-image-34615-68.png\" srcset=\"https:\/\/cmm.imgw.pl\/wp-content\/uploads\/2023\/07\/word-image-34615-68.png 600w, https:\/\/cmm.imgw.pl\/wp-content\/uploads\/2023\/07\/word-image-34615-68-281x300.png 281w\" sizes=\"(max-width: 600px) 100vw, 600px\" \/> <img loading=\"lazy\" width=\"600\" height=\"640\" class=\"wp-image-34685 aligncenter\" src=\"http:\/\/cmm.imgw.pl\/wp-content\/uploads\/2023\/07\/word-image-34615-69.png\" srcset=\"https:\/\/cmm.imgw.pl\/wp-content\/uploads\/2023\/07\/word-image-34615-69.png 600w, https:\/\/cmm.imgw.pl\/wp-content\/uploads\/2023\/07\/word-image-34615-69-281x300.png 281w\" sizes=\"(max-width: 600px) 100vw, 600px\" \/> <img loading=\"lazy\" width=\"600\" height=\"640\" class=\"wp-image-34686 aligncenter\" src=\"http:\/\/cmm.imgw.pl\/wp-content\/uploads\/2023\/07\/word-image-34615-70.png\" srcset=\"https:\/\/cmm.imgw.pl\/wp-content\/uploads\/2023\/07\/word-image-34615-70.png 600w, https:\/\/cmm.imgw.pl\/wp-content\/uploads\/2023\/07\/word-image-34615-70-281x300.png 281w\" sizes=\"(max-width: 600px) 100vw, 600px\" \/> <img loading=\"lazy\" width=\"600\" height=\"640\" class=\"wp-image-34687 aligncenter\" src=\"http:\/\/cmm.imgw.pl\/wp-content\/uploads\/2023\/07\/word-image-34615-71.png\" srcset=\"https:\/\/cmm.imgw.pl\/wp-content\/uploads\/2023\/07\/word-image-34615-71.png 600w, https:\/\/cmm.imgw.pl\/wp-content\/uploads\/2023\/07\/word-image-34615-71-281x300.png 281w\" sizes=\"(max-width: 600px) 100vw, 600px\" \/> <img loading=\"lazy\" width=\"600\" height=\"640\" class=\"wp-image-34688 aligncenter\" src=\"http:\/\/cmm.imgw.pl\/wp-content\/uploads\/2023\/07\/word-image-34615-72.png\" srcset=\"https:\/\/cmm.imgw.pl\/wp-content\/uploads\/2023\/07\/word-image-34615-72.png 600w, https:\/\/cmm.imgw.pl\/wp-content\/uploads\/2023\/07\/word-image-34615-72-281x300.png 281w\" sizes=\"(max-width: 600px) 100vw, 600px\" \/> <img loading=\"lazy\" width=\"600\" height=\"640\" class=\"wp-image-34689 aligncenter\" src=\"http:\/\/cmm.imgw.pl\/wp-content\/uploads\/2023\/07\/word-image-34615-73.png\" srcset=\"https:\/\/cmm.imgw.pl\/wp-content\/uploads\/2023\/07\/word-image-34615-73.png 600w, https:\/\/cmm.imgw.pl\/wp-content\/uploads\/2023\/07\/word-image-34615-73-281x300.png 281w\" sizes=\"(max-width: 600px) 100vw, 600px\" \/> <img loading=\"lazy\" width=\"600\" height=\"640\" class=\"wp-image-34690 aligncenter\" src=\"http:\/\/cmm.imgw.pl\/wp-content\/uploads\/2023\/07\/word-image-34615-74.png\" srcset=\"https:\/\/cmm.imgw.pl\/wp-content\/uploads\/2023\/07\/word-image-34615-74.png 600w, https:\/\/cmm.imgw.pl\/wp-content\/uploads\/2023\/07\/word-image-34615-74-281x300.png 281w\" sizes=\"(max-width: 600px) 100vw, 600px\" \/><\/p>\n<p>Mo\u017cliwy opad gradu. Lokalnie gradziny osi\u0105ga\u0107 b\u0119d\u0105 rozmiary do 5-7 cm.<\/p>\n<p><strong>Prognoza burz<\/strong><\/p>\n<p><img loading=\"lazy\" width=\"600\" height=\"640\" class=\"wp-image-34691 aligncenter\" src=\"http:\/\/cmm.imgw.pl\/wp-content\/uploads\/2023\/07\/word-image-34615-75.png\" srcset=\"https:\/\/cmm.imgw.pl\/wp-content\/uploads\/2023\/07\/word-image-34615-75.png 600w, https:\/\/cmm.imgw.pl\/wp-content\/uploads\/2023\/07\/word-image-34615-75-281x300.png 281w\" sizes=\"(max-width: 600px) 100vw, 600px\" \/> <img loading=\"lazy\" width=\"600\" height=\"640\" class=\"wp-image-34692 aligncenter\" src=\"http:\/\/cmm.imgw.pl\/wp-content\/uploads\/2023\/07\/word-image-34615-76.png\" srcset=\"https:\/\/cmm.imgw.pl\/wp-content\/uploads\/2023\/07\/word-image-34615-76.png 600w, https:\/\/cmm.imgw.pl\/wp-content\/uploads\/2023\/07\/word-image-34615-76-281x300.png 281w\" sizes=\"(max-width: 600px) 100vw, 600px\" \/> <img loading=\"lazy\" width=\"600\" height=\"640\" class=\"wp-image-34693 aligncenter\" src=\"http:\/\/cmm.imgw.pl\/wp-content\/uploads\/2023\/07\/word-image-34615-77.png\" srcset=\"https:\/\/cmm.imgw.pl\/wp-content\/uploads\/2023\/07\/word-image-34615-77.png 600w, https:\/\/cmm.imgw.pl\/wp-content\/uploads\/2023\/07\/word-image-34615-77-281x300.png 281w\" sizes=\"(max-width: 600px) 100vw, 600px\" \/> <img loading=\"lazy\" width=\"600\" height=\"640\" class=\"wp-image-34694 aligncenter\" src=\"http:\/\/cmm.imgw.pl\/wp-content\/uploads\/2023\/07\/word-image-34615-78.png\" srcset=\"https:\/\/cmm.imgw.pl\/wp-content\/uploads\/2023\/07\/word-image-34615-78.png 600w, https:\/\/cmm.imgw.pl\/wp-content\/uploads\/2023\/07\/word-image-34615-78-281x300.png 281w\" sizes=\"(max-width: 600px) 100vw, 600px\" \/> <img loading=\"lazy\" width=\"600\" height=\"640\" class=\"wp-image-34695 aligncenter\" src=\"http:\/\/cmm.imgw.pl\/wp-content\/uploads\/2023\/07\/word-image-34615-79.png\" srcset=\"https:\/\/cmm.imgw.pl\/wp-content\/uploads\/2023\/07\/word-image-34615-79.png 600w, https:\/\/cmm.imgw.pl\/wp-content\/uploads\/2023\/07\/word-image-34615-79-281x300.png 281w\" sizes=\"(max-width: 600px) 100vw, 600px\" \/> <img loading=\"lazy\" width=\"600\" height=\"640\" class=\"wp-image-34696 aligncenter\" src=\"http:\/\/cmm.imgw.pl\/wp-content\/uploads\/2023\/07\/word-image-34615-80.png\" srcset=\"https:\/\/cmm.imgw.pl\/wp-content\/uploads\/2023\/07\/word-image-34615-80.png 600w, https:\/\/cmm.imgw.pl\/wp-content\/uploads\/2023\/07\/word-image-34615-80-281x300.png 281w\" sizes=\"(max-width: 600px) 100vw, 600px\" \/> <img loading=\"lazy\" width=\"600\" height=\"640\" class=\"wp-image-34697 aligncenter\" src=\"http:\/\/cmm.imgw.pl\/wp-content\/uploads\/2023\/07\/word-image-34615-81.png\" srcset=\"https:\/\/cmm.imgw.pl\/wp-content\/uploads\/2023\/07\/word-image-34615-81.png 600w, https:\/\/cmm.imgw.pl\/wp-content\/uploads\/2023\/07\/word-image-34615-81-281x300.png 281w\" sizes=\"(max-width: 600px) 100vw, 600px\" \/><\/p>\n<p>MUCAPE osi\u0105ga\u0107 mo\u017ce warto\u015b\u0107, lokalnie, do 3500 J\/kg. \u015aci\u0119cie wiatru w warstwie 6 km do 25 m\/s. Wierzcho\u0142ki chmur Cb mog\u0105 osi\u0105ga\u0107 wysoko\u015b\u0107 12 km. Temperatura wierzcho\u0142k\u00f3w wyniesie do -50\u00b0C. Wyst\u0119powa\u0107 b\u0119d\u0105 sprzyjaj\u0105ce warunki do elektryzacji chmur i utworzenie pola elektrostatycznego wystarczaj\u0105cego do inicjalizacji wy\u0142adowa\u0144 iskrowych. W po\u0142udniowej Polsce prawdopodobnie intensywno\u015b\u0107 burz mo\u017ce by\u0107 du\u017ca i lokalnie bardzo du\u017ca. Nale\u017cy zaznaczy\u0107, \u017ce obecno\u015b\u0107 strefy zachmurzenia pi\u0119trz\u0105 \u015bredniego i wysokiego mo\u017ce wp\u0142ywa\u0107 na dynamik\u0119 burz, lokalnie je os\u0142abiaj\u0105c. Zdarza si\u0119, \u017ce przemieszczaj\u0105ce si\u0119 burz \u201eop\u0142ywaj\u0105\u201d miejskie wyspy ciep\u0142a przemieszczaj\u0105c si\u0119 na obrze\u017cach ww. obszar\u00f3w. Z symulacji numerycznych wynika tak\u017ce, \u017ce wraz ze wzrostem pr\u0119dko\u015bci wiatru w wysoko\u015bci\u0105 mo\u017ce wp\u0142ywa\u0107 na wyd\u0142u\u017cenie czasu \u017cycia chmury Cumulonimbus.<\/p>\n<p><img loading=\"lazy\" width=\"455\" height=\"444\" class=\"wp-image-34698 aligncenter\" src=\"http:\/\/cmm.imgw.pl\/wp-content\/uploads\/2023\/07\/word-image-34615-82.png\" srcset=\"https:\/\/cmm.imgw.pl\/wp-content\/uploads\/2023\/07\/word-image-34615-82.png 455w, https:\/\/cmm.imgw.pl\/wp-content\/uploads\/2023\/07\/word-image-34615-82-300x293.png 300w\" sizes=\"(max-width: 455px) 100vw, 455px\" \/> <img loading=\"lazy\" width=\"393\" height=\"410\" class=\"wp-image-34699 aligncenter\" src=\"http:\/\/cmm.imgw.pl\/wp-content\/uploads\/2023\/07\/word-image-34615-83.png\" srcset=\"https:\/\/cmm.imgw.pl\/wp-content\/uploads\/2023\/07\/word-image-34615-83.png 393w, https:\/\/cmm.imgw.pl\/wp-content\/uploads\/2023\/07\/word-image-34615-83-288x300.png 288w\" sizes=\"(max-width: 393px) 100vw, 393px\" \/><\/p>\n<p><strong>Prognoza pola wiatru<\/strong><\/p>\n<p><img loading=\"lazy\" width=\"520\" height=\"520\" class=\"wp-image-34700 aligncenter\" src=\"http:\/\/cmm.imgw.pl\/wp-content\/uploads\/2023\/07\/word-image-34615-84.jpeg\" srcset=\"https:\/\/cmm.imgw.pl\/wp-content\/uploads\/2023\/07\/word-image-34615-84.jpeg 520w, https:\/\/cmm.imgw.pl\/wp-content\/uploads\/2023\/07\/word-image-34615-84-300x300.jpeg 300w, https:\/\/cmm.imgw.pl\/wp-content\/uploads\/2023\/07\/word-image-34615-84-150x150.jpeg 150w\" sizes=\"(max-width: 520px) 100vw, 520px\" \/> <img loading=\"lazy\" width=\"535\" height=\"535\" class=\"wp-image-34701 aligncenter\" src=\"http:\/\/cmm.imgw.pl\/wp-content\/uploads\/2023\/07\/word-image-34615-85.jpeg\" srcset=\"https:\/\/cmm.imgw.pl\/wp-content\/uploads\/2023\/07\/word-image-34615-85.jpeg 535w, https:\/\/cmm.imgw.pl\/wp-content\/uploads\/2023\/07\/word-image-34615-85-300x300.jpeg 300w, https:\/\/cmm.imgw.pl\/wp-content\/uploads\/2023\/07\/word-image-34615-85-150x150.jpeg 150w\" sizes=\"(max-width: 535px) 100vw, 535px\" \/> <img loading=\"lazy\" width=\"531\" height=\"531\" class=\"wp-image-34702 aligncenter\" src=\"http:\/\/cmm.imgw.pl\/wp-content\/uploads\/2023\/07\/word-image-34615-86.jpeg\" srcset=\"https:\/\/cmm.imgw.pl\/wp-content\/uploads\/2023\/07\/word-image-34615-86.jpeg 531w, https:\/\/cmm.imgw.pl\/wp-content\/uploads\/2023\/07\/word-image-34615-86-300x300.jpeg 300w, https:\/\/cmm.imgw.pl\/wp-content\/uploads\/2023\/07\/word-image-34615-86-150x150.jpeg 150w\" sizes=\"(max-width: 531px) 100vw, 531px\" \/> <img loading=\"lazy\" width=\"532\" height=\"532\" class=\"wp-image-34703 aligncenter\" src=\"http:\/\/cmm.imgw.pl\/wp-content\/uploads\/2023\/07\/word-image-34615-87.jpeg\" srcset=\"https:\/\/cmm.imgw.pl\/wp-content\/uploads\/2023\/07\/word-image-34615-87.jpeg 532w, https:\/\/cmm.imgw.pl\/wp-content\/uploads\/2023\/07\/word-image-34615-87-300x300.jpeg 300w, https:\/\/cmm.imgw.pl\/wp-content\/uploads\/2023\/07\/word-image-34615-87-150x150.jpeg 150w\" sizes=\"(max-width: 532px) 100vw, 532px\" \/> <img loading=\"lazy\" width=\"536\" height=\"536\" class=\"wp-image-34704 aligncenter\" src=\"http:\/\/cmm.imgw.pl\/wp-content\/uploads\/2023\/07\/word-image-34615-88.jpeg\" srcset=\"https:\/\/cmm.imgw.pl\/wp-content\/uploads\/2023\/07\/word-image-34615-88.jpeg 536w, https:\/\/cmm.imgw.pl\/wp-content\/uploads\/2023\/07\/word-image-34615-88-300x300.jpeg 300w, https:\/\/cmm.imgw.pl\/wp-content\/uploads\/2023\/07\/word-image-34615-88-150x150.jpeg 150w\" sizes=\"(max-width: 536px) 100vw, 536px\" \/> <img loading=\"lazy\" width=\"538\" height=\"538\" class=\"wp-image-34705 aligncenter\" src=\"http:\/\/cmm.imgw.pl\/wp-content\/uploads\/2023\/07\/word-image-34615-89.jpeg\" srcset=\"https:\/\/cmm.imgw.pl\/wp-content\/uploads\/2023\/07\/word-image-34615-89.jpeg 538w, https:\/\/cmm.imgw.pl\/wp-content\/uploads\/2023\/07\/word-image-34615-89-300x300.jpeg 300w, https:\/\/cmm.imgw.pl\/wp-content\/uploads\/2023\/07\/word-image-34615-89-150x150.jpeg 150w\" sizes=\"(max-width: 538px) 100vw, 538px\" \/> <img loading=\"lazy\" width=\"552\" height=\"552\" class=\"wp-image-34706 aligncenter\" src=\"http:\/\/cmm.imgw.pl\/wp-content\/uploads\/2023\/07\/word-image-34615-90.jpeg\" srcset=\"https:\/\/cmm.imgw.pl\/wp-content\/uploads\/2023\/07\/word-image-34615-90.jpeg 552w, https:\/\/cmm.imgw.pl\/wp-content\/uploads\/2023\/07\/word-image-34615-90-300x300.jpeg 300w, https:\/\/cmm.imgw.pl\/wp-content\/uploads\/2023\/07\/word-image-34615-90-150x150.jpeg 150w\" sizes=\"(max-width: 552px) 100vw, 552px\" \/> <img loading=\"lazy\" width=\"555\" height=\"555\" class=\"wp-image-34707 aligncenter\" src=\"http:\/\/cmm.imgw.pl\/wp-content\/uploads\/2023\/07\/word-image-34615-91.jpeg\" srcset=\"https:\/\/cmm.imgw.pl\/wp-content\/uploads\/2023\/07\/word-image-34615-91.jpeg 555w, https:\/\/cmm.imgw.pl\/wp-content\/uploads\/2023\/07\/word-image-34615-91-300x300.jpeg 300w, https:\/\/cmm.imgw.pl\/wp-content\/uploads\/2023\/07\/word-image-34615-91-150x150.jpeg 150w\" sizes=\"(max-width: 555px) 100vw, 555px\" \/><\/p>\n<p>W ci\u0105gu dnia wyst\u0119powa\u0107 b\u0119d\u0105 porywy wiatru, lokalnie do 50-90 km\/h.<\/p>\n<p><strong>Prognoza widzialno\u015bci<\/strong><\/p>\n<p>W strefie intensywnych opad\u00f3w ograniczenie widzialno\u015bci do 2-4 km.<\/p>\n<p><img loading=\"lazy\" width=\"448\" height=\"448\" class=\"wp-image-34708 aligncenter\" src=\"http:\/\/cmm.imgw.pl\/wp-content\/uploads\/2023\/07\/obraz-zawierajacy-tekst-diagram-mapa-numer-opi-4.png\" alt=\"Obraz zawieraj\u0105cy tekst, diagram, mapa, numer\n\nOpis wygenerowany automatycznie\" srcset=\"https:\/\/cmm.imgw.pl\/wp-content\/uploads\/2023\/07\/obraz-zawierajacy-tekst-diagram-mapa-numer-opi-4.png 448w, https:\/\/cmm.imgw.pl\/wp-content\/uploads\/2023\/07\/obraz-zawierajacy-tekst-diagram-mapa-numer-opi-4-300x300.png 300w, https:\/\/cmm.imgw.pl\/wp-content\/uploads\/2023\/07\/obraz-zawierajacy-tekst-diagram-mapa-numer-opi-4-150x150.png 150w\" sizes=\"(max-width: 448px) 100vw, 448px\" \/> <img loading=\"lazy\" width=\"600\" height=\"640\" class=\"wp-image-34709 aligncenter\" src=\"http:\/\/cmm.imgw.pl\/wp-content\/uploads\/2023\/07\/word-image-34615-93.png\" srcset=\"https:\/\/cmm.imgw.pl\/wp-content\/uploads\/2023\/07\/word-image-34615-93.png 600w, https:\/\/cmm.imgw.pl\/wp-content\/uploads\/2023\/07\/word-image-34615-93-281x300.png 281w\" sizes=\"(max-width: 600px) 100vw, 600px\" \/><\/p>\n<p>W nocy lokalnie zmaleje deficyt punktu rosy i nale\u017cy oczekiwa\u0107 zamglenia z ograniczeniem widzialno\u015bci do 2-5 km oraz lokalnie mg\u0142a.<\/p>","protected":false},"excerpt":{"rendered":"<p>Komentarz do numerycznych prognoz pogody opracowany w Centrum Modelowania Meteorologicznego IMGW-PIB.<\/p>\n","protected":false},"author":3,"featured_media":0,"comment_status":"closed","ping_status":"open","sticky":false,"template":"","format":"standard","meta":{"ocean_post_layout":"","ocean_both_sidebars_style":"","ocean_both_sidebars_content_width":0,"ocean_both_sidebars_sidebars_width":0,"ocean_sidebar":"0","ocean_second_sidebar":"0","ocean_disable_margins":"enable","ocean_add_body_class":"","ocean_shortcode_before_top_bar":"","ocean_shortcode_after_top_bar":"","ocean_shortcode_before_header":"","ocean_shortcode_after_header":"","ocean_has_shortcode":"","ocean_shortcode_after_title":"","ocean_shortcode_before_footer_widgets":"","ocean_shortcode_after_footer_widgets":"","ocean_shortcode_before_footer_bottom":"","ocean_shortcode_after_footer_bottom":"","ocean_display_top_bar":"default","ocean_display_header":"default","ocean_header_style":"","ocean_center_header_left_menu":"0","ocean_custom_header_template":"0","ocean_custom_logo":0,"ocean_custom_retina_logo":0,"ocean_custom_logo_max_width":0,"ocean_custom_logo_tablet_max_width":0,"ocean_custom_logo_mobile_max_width":0,"ocean_custom_logo_max_height":0,"ocean_custom_logo_tablet_max_height":0,"ocean_custom_logo_mobile_max_height":0,"ocean_header_custom_menu":"0","ocean_menu_typo_font_family":"0","ocean_menu_typo_font_subset":"","ocean_menu_typo_font_size":0,"ocean_menu_typo_font_size_tablet":0,"ocean_menu_typo_font_size_mobile":0,"ocean_menu_typo_font_size_unit":"px","ocean_menu_typo_font_weight":"","ocean_menu_typo_font_weight_tablet":"","ocean_menu_typo_font_weight_mobile":"","ocean_menu_typo_transform":"","ocean_menu_typo_transform_tablet":"","ocean_menu_typo_transform_mobile":"","ocean_menu_typo_line_height":0,"ocean_menu_typo_line_height_tablet":0,"ocean_menu_typo_line_height_mobile":0,"ocean_menu_typo_line_height_unit":"","ocean_menu_typo_spacing":0,"ocean_menu_typo_spacing_tablet":0,"ocean_menu_typo_spacing_mobile":0,"ocean_menu_typo_spacing_unit":"","ocean_menu_link_color":"","ocean_menu_link_color_hover":"","ocean_menu_link_color_active":"","ocean_menu_link_background":"","ocean_menu_link_hover_background":"","ocean_menu_link_active_background":"","ocean_menu_social_links_bg":"","ocean_menu_social_hover_links_bg":"","ocean_menu_social_links_color":"","ocean_menu_social_hover_links_color":"","ocean_disable_title":"default","ocean_disable_heading":"default","ocean_post_title":"","ocean_post_subheading":"","ocean_post_title_style":"","ocean_post_title_background_color":"","ocean_post_title_background":0,"ocean_post_title_bg_image_position":"","ocean_post_title_bg_image_attachment":"","ocean_post_title_bg_image_repeat":"","ocean_post_title_bg_image_size":"","ocean_post_title_height":0,"ocean_post_title_bg_overlay":0.5,"ocean_post_title_bg_overlay_color":"","ocean_disable_breadcrumbs":"default","ocean_breadcrumbs_color":"","ocean_breadcrumbs_separator_color":"","ocean_breadcrumbs_links_color":"","ocean_breadcrumbs_links_hover_color":"","ocean_display_footer_widgets":"default","ocean_display_footer_bottom":"default","ocean_custom_footer_template":"0","ocean_post_oembed":"","ocean_post_self_hosted_media":"","ocean_post_video_embed":"","ocean_link_format":"","ocean_link_format_target":"self","ocean_quote_format":"","ocean_quote_format_link":"post","ocean_gallery_link_images":"on","ocean_gallery_id":[]},"categories":[93],"tags":[138,139,68,95,143,141,85,73,97,98,142,76,94,99,71,67,96,140,79],"yoast_head":"<!-- This site is optimized with the Yoast SEO plugin v19.5.1 - https:\/\/yoast.com\/wordpress\/plugins\/seo\/ -->\n<title>Komentarz do numerycznych prognoz pogody (17\/18.07.2023) - Laboratorium Modelowania Meteorologicznego CMOK IMGW-PIB<\/title>\n<meta name=\"description\" content=\"Komentarz do numerycznych prognoz pogody opracowany w Centrum Modelowania Meteorologicznego IMGW-PIB.\" \/>\n<meta name=\"robots\" content=\"index, follow, max-snippet:-1, max-image-preview:large, max-video-preview:-1\" \/>\n<link rel=\"canonical\" href=\"https:\/\/cmm.imgw.pl\/?p=34615\" \/>\n<meta property=\"og:locale\" content=\"pl_PL\" \/>\n<meta property=\"og:type\" content=\"article\" \/>\n<meta property=\"og:title\" content=\"Komentarz do numerycznych prognoz pogody (17\/18.07.2023)\" \/>\n<meta property=\"og:description\" content=\"Komentarz do numerycznych prognoz pogody opracowany w Centrum Modelowania Meteorologicznego IMGW-PIB\" \/>\n<meta property=\"og:url\" content=\"https:\/\/cmm.imgw.pl\/?p=34615\" \/>\n<meta property=\"og:site_name\" content=\"Laboratorium Modelowania Meteorologicznego CMOK IMGW-PIB\" \/>\n<meta property=\"article:publisher\" content=\"https:\/\/www.facebook.com\/Meteoimgw\/\" \/>\n<meta property=\"article:published_time\" content=\"2023-07-17T04:02:57+00:00\" \/>\n<meta property=\"article:modified_time\" content=\"2023-07-17T04:03:11+00:00\" \/>\n<meta property=\"og:image\" content=\"http:\/\/cmm.imgw.pl\/wp-content\/uploads\/2023\/02\/komentarz4.png\" \/>\n\t<meta property=\"og:image:width\" content=\"1280\" \/>\n\t<meta property=\"og:image:height\" content=\"720\" \/>\n\t<meta property=\"og:image:type\" content=\"image\/png\" \/>\n<meta name=\"author\" content=\"CMM\" \/>\n<meta name=\"twitter:card\" content=\"summary_large_image\" \/>\n<meta name=\"twitter:title\" content=\"Komentarz do numerycznych prognoz pogody (17\/18.07.2023)\" \/>\n<meta name=\"twitter:description\" content=\"Komentarz do numerycznych prognoz pogody opracowany w Centrum Modelowania Meteorologicznego IMGW-PIB\" \/>\n<meta name=\"twitter:image\" content=\"https:\/\/cmm.imgw.pl\/wp-content\/uploads\/2023\/02\/komentarz4.png\" \/>\n<meta name=\"twitter:creator\" content=\"@IMGW_CMM\" \/>\n<meta name=\"twitter:site\" content=\"@IMGW_CMM\" \/>\n<meta name=\"twitter:label1\" content=\"Napisane przez\" \/>\n\t<meta name=\"twitter:data1\" content=\"CMM\" \/>\n\t<meta name=\"twitter:label2\" content=\"Szacowany czas czytania\" \/>\n\t<meta name=\"twitter:data2\" content=\"26 minut\" \/>\n<script type=\"application\/ld+json\" class=\"yoast-schema-graph\">{\"@context\":\"https:\/\/schema.org\",\"@graph\":[{\"@type\":\"Article\",\"@id\":\"https:\/\/cmm.imgw.pl\/?p=34615#article\",\"isPartOf\":{\"@id\":\"https:\/\/cmm.imgw.pl\/?p=34615\"},\"author\":{\"name\":\"CMM\",\"@id\":\"https:\/\/cmm.imgw.pl\/#\/schema\/person\/a24a37fe434fe76b0f5791e6bd3fdb46\"},\"headline\":\"Komentarz do numerycznych prognoz pogody (17\/18.07.2023)\",\"datePublished\":\"2023-07-17T04:02:57+00:00\",\"dateModified\":\"2023-07-17T04:03:11+00:00\",\"mainEntityOfPage\":{\"@id\":\"https:\/\/cmm.imgw.pl\/?p=34615\"},\"wordCount\":1759,\"publisher\":{\"@id\":\"https:\/\/cmm.imgw.pl\/#organization\"},\"keywords\":[\"alaro\",\"arome\",\"cmm\",\"Cosmo\",\"DWD\",\"Grzegorz Duniec\",\"imgw\",\"klimat\",\"komentarz\",\"komentarz pogodowy\",\"MERGE\",\"meteorologia\",\"NMP\",\"NPP\",\"pogoda\",\"prognoza\",\"prognoza pogody\",\"wrf\",\"zima\"],\"articleSection\":[\"Komentarz\"],\"inLanguage\":\"pl-PL\"},{\"@type\":\"WebPage\",\"@id\":\"https:\/\/cmm.imgw.pl\/?p=34615\",\"url\":\"https:\/\/cmm.imgw.pl\/?p=34615\",\"name\":\"Komentarz do numerycznych prognoz pogody (17\/18.07.2023) - Laboratorium Modelowania Meteorologicznego CMOK IMGW-PIB\",\"isPartOf\":{\"@id\":\"https:\/\/cmm.imgw.pl\/#website\"},\"datePublished\":\"2023-07-17T04:02:57+00:00\",\"dateModified\":\"2023-07-17T04:03:11+00:00\",\"description\":\"Komentarz do numerycznych prognoz pogody opracowany w Centrum Modelowania Meteorologicznego IMGW-PIB.\",\"breadcrumb\":{\"@id\":\"https:\/\/cmm.imgw.pl\/?p=34615#breadcrumb\"},\"inLanguage\":\"pl-PL\",\"potentialAction\":[{\"@type\":\"ReadAction\",\"target\":[\"https:\/\/cmm.imgw.pl\/?p=34615\"]}]},{\"@type\":\"BreadcrumbList\",\"@id\":\"https:\/\/cmm.imgw.pl\/?p=34615#breadcrumb\",\"itemListElement\":[{\"@type\":\"ListItem\",\"position\":1,\"name\":\"Home\",\"item\":\"https:\/\/cmm.imgw.pl\/\"},{\"@type\":\"ListItem\",\"position\":2,\"name\":\"Komentarz do numerycznych prognoz pogody (17\/18.07.2023)\"}]},{\"@type\":\"WebSite\",\"@id\":\"https:\/\/cmm.imgw.pl\/#website\",\"url\":\"https:\/\/cmm.imgw.pl\/\",\"name\":\"Laboratorium Modelowania Meteorologicznego CMOK IMGW-PIB\",\"description\":\"CMOK-LMM Laboratorium pe\u0142ni pa\u0144stwow\u0105 s\u0142u\u017cb\u0119 hydrologiczno-meteorologiczn\u0105 w zakresie numerycznych prognoz pogody, kt\u00f3rego zadaniem jest konsolidacja kompetencji w obszarze modelowania zjawisk pogodowych oraz dalszego rozwoju numerycznych modeli pogody (NMP).\",\"publisher\":{\"@id\":\"https:\/\/cmm.imgw.pl\/#organization\"},\"potentialAction\":[{\"@type\":\"SearchAction\",\"target\":{\"@type\":\"EntryPoint\",\"urlTemplate\":\"https:\/\/cmm.imgw.pl\/?s={search_term_string}\"},\"query-input\":\"required name=search_term_string\"}],\"inLanguage\":\"pl-PL\"},{\"@type\":\"Organization\",\"@id\":\"https:\/\/cmm.imgw.pl\/#organization\",\"name\":\"Laboratorium Modelowania Meteorologicznego CMOK IMGW-PIB\",\"url\":\"https:\/\/cmm.imgw.pl\/\",\"sameAs\":[\"https:\/\/www.facebook.com\/Meteoimgw\/\",\"https:\/\/twitter.com\/IMGW_CMM\"],\"logo\":{\"@type\":\"ImageObject\",\"inLanguage\":\"pl-PL\",\"@id\":\"https:\/\/cmm.imgw.pl\/#\/schema\/logo\/image\/\",\"url\":\"https:\/\/cmm.imgw.pl\/wp-content\/uploads\/2025\/10\/MODELE_LOGO_UNIFIKACJA_v2.png\",\"contentUrl\":\"https:\/\/cmm.imgw.pl\/wp-content\/uploads\/2025\/10\/MODELE_LOGO_UNIFIKACJA_v2.png\",\"width\":1356,\"height\":365,\"caption\":\"Laboratorium Modelowania Meteorologicznego CMOK IMGW-PIB\"},\"image\":{\"@id\":\"https:\/\/cmm.imgw.pl\/#\/schema\/logo\/image\/\"}},{\"@type\":\"Person\",\"@id\":\"https:\/\/cmm.imgw.pl\/#\/schema\/person\/a24a37fe434fe76b0f5791e6bd3fdb46\",\"name\":\"CMM\",\"image\":{\"@type\":\"ImageObject\",\"inLanguage\":\"pl-PL\",\"@id\":\"https:\/\/cmm.imgw.pl\/#\/schema\/person\/image\/\",\"url\":\"https:\/\/secure.gravatar.com\/avatar\/9248ea2273711f1cd09d6bd45867dbfb?s=96&d=blank&r=g\",\"contentUrl\":\"https:\/\/secure.gravatar.com\/avatar\/9248ea2273711f1cd09d6bd45867dbfb?s=96&d=blank&r=g\",\"caption\":\"CMM\"},\"sameAs\":[\"http:\/\/cmm.imgw.pl\"],\"url\":\"https:\/\/cmm.imgw.pl\/?author=3\"}]}<\/script>\n<!-- \/ Yoast SEO plugin. -->","yoast_head_json":{"title":"Komentarz do numerycznych prognoz pogody (17\/18.07.2023) - Laboratorium Modelowania Meteorologicznego CMOK IMGW-PIB","description":"Komentarz do numerycznych prognoz pogody opracowany w Centrum Modelowania Meteorologicznego IMGW-PIB.","robots":{"index":"index","follow":"follow","max-snippet":"max-snippet:-1","max-image-preview":"max-image-preview:large","max-video-preview":"max-video-preview:-1"},"canonical":"https:\/\/cmm.imgw.pl\/?p=34615","og_locale":"pl_PL","og_type":"article","og_title":"Komentarz do numerycznych prognoz pogody (17\/18.07.2023)","og_description":"Komentarz do numerycznych prognoz pogody opracowany w Centrum Modelowania Meteorologicznego IMGW-PIB","og_url":"https:\/\/cmm.imgw.pl\/?p=34615","og_site_name":"Laboratorium Modelowania Meteorologicznego CMOK IMGW-PIB","article_publisher":"https:\/\/www.facebook.com\/Meteoimgw\/","article_published_time":"2023-07-17T04:02:57+00:00","article_modified_time":"2023-07-17T04:03:11+00:00","og_image":[{"width":1280,"height":720,"url":"http:\/\/cmm.imgw.pl\/wp-content\/uploads\/2023\/02\/komentarz4.png","type":"image\/png"}],"author":"CMM","twitter_card":"summary_large_image","twitter_title":"Komentarz do numerycznych prognoz pogody (17\/18.07.2023)","twitter_description":"Komentarz do numerycznych prognoz pogody opracowany w Centrum Modelowania Meteorologicznego IMGW-PIB","twitter_image":"https:\/\/cmm.imgw.pl\/wp-content\/uploads\/2023\/02\/komentarz4.png","twitter_creator":"@IMGW_CMM","twitter_site":"@IMGW_CMM","twitter_misc":{"Napisane przez":"CMM","Szacowany czas czytania":"26 minut"},"schema":{"@context":"https:\/\/schema.org","@graph":[{"@type":"Article","@id":"https:\/\/cmm.imgw.pl\/?p=34615#article","isPartOf":{"@id":"https:\/\/cmm.imgw.pl\/?p=34615"},"author":{"name":"CMM","@id":"https:\/\/cmm.imgw.pl\/#\/schema\/person\/a24a37fe434fe76b0f5791e6bd3fdb46"},"headline":"Komentarz do numerycznych prognoz pogody (17\/18.07.2023)","datePublished":"2023-07-17T04:02:57+00:00","dateModified":"2023-07-17T04:03:11+00:00","mainEntityOfPage":{"@id":"https:\/\/cmm.imgw.pl\/?p=34615"},"wordCount":1759,"publisher":{"@id":"https:\/\/cmm.imgw.pl\/#organization"},"keywords":["alaro","arome","cmm","Cosmo","DWD","Grzegorz Duniec","imgw","klimat","komentarz","komentarz pogodowy","MERGE","meteorologia","NMP","NPP","pogoda","prognoza","prognoza pogody","wrf","zima"],"articleSection":["Komentarz"],"inLanguage":"pl-PL"},{"@type":"WebPage","@id":"https:\/\/cmm.imgw.pl\/?p=34615","url":"https:\/\/cmm.imgw.pl\/?p=34615","name":"Komentarz do numerycznych prognoz pogody (17\/18.07.2023) - Laboratorium Modelowania Meteorologicznego CMOK IMGW-PIB","isPartOf":{"@id":"https:\/\/cmm.imgw.pl\/#website"},"datePublished":"2023-07-17T04:02:57+00:00","dateModified":"2023-07-17T04:03:11+00:00","description":"Komentarz do numerycznych prognoz pogody opracowany w Centrum Modelowania Meteorologicznego IMGW-PIB.","breadcrumb":{"@id":"https:\/\/cmm.imgw.pl\/?p=34615#breadcrumb"},"inLanguage":"pl-PL","potentialAction":[{"@type":"ReadAction","target":["https:\/\/cmm.imgw.pl\/?p=34615"]}]},{"@type":"BreadcrumbList","@id":"https:\/\/cmm.imgw.pl\/?p=34615#breadcrumb","itemListElement":[{"@type":"ListItem","position":1,"name":"Home","item":"https:\/\/cmm.imgw.pl\/"},{"@type":"ListItem","position":2,"name":"Komentarz do numerycznych prognoz pogody (17\/18.07.2023)"}]},{"@type":"WebSite","@id":"https:\/\/cmm.imgw.pl\/#website","url":"https:\/\/cmm.imgw.pl\/","name":"Laboratorium Modelowania Meteorologicznego CMOK IMGW-PIB","description":"CMOK-LMM Laboratorium pe\u0142ni pa\u0144stwow\u0105 s\u0142u\u017cb\u0119 hydrologiczno-meteorologiczn\u0105 w zakresie numerycznych prognoz pogody, kt\u00f3rego zadaniem jest konsolidacja kompetencji w obszarze modelowania zjawisk pogodowych oraz dalszego rozwoju numerycznych modeli pogody (NMP).","publisher":{"@id":"https:\/\/cmm.imgw.pl\/#organization"},"potentialAction":[{"@type":"SearchAction","target":{"@type":"EntryPoint","urlTemplate":"https:\/\/cmm.imgw.pl\/?s={search_term_string}"},"query-input":"required name=search_term_string"}],"inLanguage":"pl-PL"},{"@type":"Organization","@id":"https:\/\/cmm.imgw.pl\/#organization","name":"Laboratorium Modelowania Meteorologicznego CMOK IMGW-PIB","url":"https:\/\/cmm.imgw.pl\/","sameAs":["https:\/\/www.facebook.com\/Meteoimgw\/","https:\/\/twitter.com\/IMGW_CMM"],"logo":{"@type":"ImageObject","inLanguage":"pl-PL","@id":"https:\/\/cmm.imgw.pl\/#\/schema\/logo\/image\/","url":"https:\/\/cmm.imgw.pl\/wp-content\/uploads\/2025\/10\/MODELE_LOGO_UNIFIKACJA_v2.png","contentUrl":"https:\/\/cmm.imgw.pl\/wp-content\/uploads\/2025\/10\/MODELE_LOGO_UNIFIKACJA_v2.png","width":1356,"height":365,"caption":"Laboratorium Modelowania Meteorologicznego CMOK IMGW-PIB"},"image":{"@id":"https:\/\/cmm.imgw.pl\/#\/schema\/logo\/image\/"}},{"@type":"Person","@id":"https:\/\/cmm.imgw.pl\/#\/schema\/person\/a24a37fe434fe76b0f5791e6bd3fdb46","name":"CMM","image":{"@type":"ImageObject","inLanguage":"pl-PL","@id":"https:\/\/cmm.imgw.pl\/#\/schema\/person\/image\/","url":"https:\/\/secure.gravatar.com\/avatar\/9248ea2273711f1cd09d6bd45867dbfb?s=96&d=blank&r=g","contentUrl":"https:\/\/secure.gravatar.com\/avatar\/9248ea2273711f1cd09d6bd45867dbfb?s=96&d=blank&r=g","caption":"CMM"},"sameAs":["http:\/\/cmm.imgw.pl"],"url":"https:\/\/cmm.imgw.pl\/?author=3"}]}},"_links":{"self":[{"href":"https:\/\/cmm.imgw.pl\/index.php?rest_route=\/wp\/v2\/posts\/34615"}],"collection":[{"href":"https:\/\/cmm.imgw.pl\/index.php?rest_route=\/wp\/v2\/posts"}],"about":[{"href":"https:\/\/cmm.imgw.pl\/index.php?rest_route=\/wp\/v2\/types\/post"}],"author":[{"embeddable":true,"href":"https:\/\/cmm.imgw.pl\/index.php?rest_route=\/wp\/v2\/users\/3"}],"replies":[{"embeddable":true,"href":"https:\/\/cmm.imgw.pl\/index.php?rest_route=%2Fwp%2Fv2%2Fcomments&post=34615"}],"version-history":[{"count":2,"href":"https:\/\/cmm.imgw.pl\/index.php?rest_route=\/wp\/v2\/posts\/34615\/revisions"}],"predecessor-version":[{"id":34710,"href":"https:\/\/cmm.imgw.pl\/index.php?rest_route=\/wp\/v2\/posts\/34615\/revisions\/34710"}],"wp:attachment":[{"href":"https:\/\/cmm.imgw.pl\/index.php?rest_route=%2Fwp%2Fv2%2Fmedia&parent=34615"}],"wp:term":[{"taxonomy":"category","embeddable":true,"href":"https:\/\/cmm.imgw.pl\/index.php?rest_route=%2Fwp%2Fv2%2Fcategories&post=34615"},{"taxonomy":"post_tag","embeddable":true,"href":"https:\/\/cmm.imgw.pl\/index.php?rest_route=%2Fwp%2Fv2%2Ftags&post=34615"}],"curies":[{"name":"wp","href":"https:\/\/api.w.org\/{rel}","templated":true}]}}