{"id":34529,"date":"2023-07-14T05:55:31","date_gmt":"2023-07-14T03:55:31","guid":{"rendered":"https:\/\/cmm.imgw.pl\/?p=34529"},"modified":"2023-07-14T05:55:33","modified_gmt":"2023-07-14T03:55:33","slug":"komentarz-do-numerycznych-prognoz-pogody-14-15-07-2023","status":"publish","type":"post","link":"https:\/\/cmm.imgw.pl\/?p=34529","title":{"rendered":"Komentarz do numerycznych prognoz pogody (14\/15.07.2023)"},"content":{"rendered":"\n<figure class=\"wp-block-image size-large\"><img loading=\"lazy\" width=\"1024\" height=\"576\" src=\"https:\/\/cmm.imgw.pl\/wp-content\/uploads\/2023\/03\/komentarz4-1-1024x576.png\" alt=\"\" class=\"wp-image-23617\" srcset=\"https:\/\/cmm.imgw.pl\/wp-content\/uploads\/2023\/03\/komentarz4-1-1024x576.png 1024w, https:\/\/cmm.imgw.pl\/wp-content\/uploads\/2023\/03\/komentarz4-1-300x169.png 300w, https:\/\/cmm.imgw.pl\/wp-content\/uploads\/2023\/03\/komentarz4-1-768x432.png 768w, https:\/\/cmm.imgw.pl\/wp-content\/uploads\/2023\/03\/komentarz4-1-800x450.png 800w, https:\/\/cmm.imgw.pl\/wp-content\/uploads\/2023\/03\/komentarz4-1.png 1280w\" sizes=\"(max-width: 1024px) 100vw, 1024px\" \/><\/figure>\n\n\n\n<p><em>Tre\u015b\u0107 komentarza do numerycznych prognoz meteorologicznych stanowi niezale\u017cne od biura prognoz meteorologicznych opracowanie wykonane w Centrum Modelowania Meteorologicznego i nie stanowi oficjalnej prognozy synoptycznej IMGW-PIB.<\/em><\/p>\n\n\n\n<p><strong>Opracowanie:<\/strong><\/p>\n\n\n\n<p><strong>dr&nbsp;Grzegorz&nbsp;Duniec, <a href=\"https:\/\/cmm.imgw.pl\/\" target=\"_blank\" rel=\"noreferrer noopener\"><mark style=\"background-color:rgba(0, 0, 0, 0)\" class=\"has-inline-color has-vivid-cyan-blue-color\">Centrum Modelowania Meteorologicznego IMGW-PIB<\/mark><\/a><\/strong><\/p>\n\n\n<p><strong>Sytuacja synoptyczna w Europie z godziny 18 UTC, 13 VII 2023 roku<\/strong><\/p>\n<p><img loading=\"lazy\" width=\"1385\" height=\"983\" class=\"wp-image-34530 aligncenter\" src=\"http:\/\/cmm.imgw.pl\/wp-content\/uploads\/2023\/07\/obraz-zawierajacy-mapa-atlas-tekst-opis-wygener-1.png\" alt=\"Obraz zawieraj\u0105cy mapa, atlas, tekst\n\nOpis wygenerowany automatycznie\" srcset=\"https:\/\/cmm.imgw.pl\/wp-content\/uploads\/2023\/07\/obraz-zawierajacy-mapa-atlas-tekst-opis-wygener-1.png 1385w, https:\/\/cmm.imgw.pl\/wp-content\/uploads\/2023\/07\/obraz-zawierajacy-mapa-atlas-tekst-opis-wygener-1-300x213.png 300w, https:\/\/cmm.imgw.pl\/wp-content\/uploads\/2023\/07\/obraz-zawierajacy-mapa-atlas-tekst-opis-wygener-1-1024x727.png 1024w, https:\/\/cmm.imgw.pl\/wp-content\/uploads\/2023\/07\/obraz-zawierajacy-mapa-atlas-tekst-opis-wygener-1-768x545.png 768w\" sizes=\"(max-width: 1385px) 100vw, 1385px\" \/><\/p>\n<p>Pogod\u0119 w Polsce kszta\u0142towa\u0142 znajduj\u0105cy si\u0119 na po\u0142udniu i po\u0142udniowym wschodzie kraju front atmosferyczny, zwi\u0105zany jest z o\u015brodkiem (1000 hPa) ni\u017cowym znajduj\u0105cym si\u0119 nad Morzem Norweskim, w pobli\u017cu Islandii. Uk\u0142ad jest w stadium okludowania. Front znajduje si\u0119 na peryferiach uk\u0142adu. Nad Europ\u0105 p\u00f3\u0142nocno wschodni\u0105 zalega ni\u017c z o\u015brodkiem 1004,2 hPa. Ni\u017c jest w stadium okludowania i wype\u0142niania. Nad Zatok\u0105 Biskajsk\u0105 utworzy si\u0119 zamkni\u0119ta cyrkulacja antycykloniczna z centrum 1020,8 hPa. Na zach\u00f3d od kontynentu nad Atlantykiem pogod\u0119 kszta\u0142tuje p\u0142ytki ni\u017c. Nad P\u0142w. Iberyjskim zalega p\u0142ytki ni\u017c. Sardynia, Korsyka, p\u00f3\u0142nocne W\u0142ochy w zasi\u0119gu zatoki niskiego ci\u015bnienia. Pozosta\u0142y obszar Morza \u015ar\u00f3dziemnego w zasi\u0119gu podwy\u017cszonego ci\u015bnienia.<\/p>\n<p><strong>Analiza g\u00f3rnego pola ci\u015bnienia z dnia 12 VII 2023 roku, godzina 12 UTC<\/strong><\/p>\n<p><img loading=\"lazy\" width=\"1220\" height=\"1542\" class=\"wp-image-34531 aligncenter\" src=\"http:\/\/cmm.imgw.pl\/wp-content\/uploads\/2023\/07\/obraz-zawierajacy-tekst-mapa-diagram-opis-wygen-6.gif\" alt=\"Obraz zawieraj\u0105cy tekst, mapa, diagram\n\nOpis wygenerowany automatycznie\" \/> <img loading=\"lazy\" width=\"1220\" height=\"1542\" class=\"wp-image-34532 aligncenter\" src=\"http:\/\/cmm.imgw.pl\/wp-content\/uploads\/2023\/07\/obraz-zawierajacy-mapa-diagram-tekst-opis-wygen-2.gif\" alt=\"Obraz zawieraj\u0105cy mapa, diagram, tekst\n\nOpis wygenerowany automatycznie\" \/> <img loading=\"lazy\" width=\"1221\" height=\"1545\" class=\"wp-image-34533 aligncenter\" src=\"http:\/\/cmm.imgw.pl\/wp-content\/uploads\/2023\/07\/obraz-zawierajacy-mapa-tekst-diagram-opis-wygen-1.gif\" alt=\"Obraz zawieraj\u0105cy mapa, tekst, diagram\n\nOpis wygenerowany automatycznie\" \/><\/p>\n<p>Zalegaj\u0105cy nad Morzem Norweskim wir cykloniczny jest nadal wysokim uk\u0142adem barycznym. Na poziomie 700 hPa g\u0142\u0119boko\u015b\u0107 wiru si\u0119 nieznacznie pog\u0142\u0119bi\u0142a. Na poziomie 300 hPa g\u0142\u0119boko\u015b\u0107 wiru zmniejszy\u0142a si\u0119. Na pozosta\u0142ych poziomach g\u0142\u0119boko\u015b\u0107 wiru nie zmieni\u0142a si\u0119. Ni\u017c znad Europy p\u00f3\u0142nocno wschodniej jest wysokim uk\u0142adem barycznym. Nad Morzem Barentsa nadal wyst\u0119puje zamkni\u0119ta cyrkulacja antycyklonalna na poziomie 850 hPa oraz 700 hPa. Wy\u017cej izohipsy gi\u0119te na kszta\u0142t klina. Za wschodni\u0105 granic\u0105 Polski zalega klin.<\/p>\n<p><strong>Analiza g\u00f3rnego pola wiatru, 13 VII 2023 roku, godzina 18 UTC<\/strong><\/p>\n<p><img loading=\"lazy\" width=\"2156\" height=\"1728\" class=\"wp-image-34534 aligncenter\" src=\"http:\/\/cmm.imgw.pl\/wp-content\/uploads\/2023\/07\/obraz-zawierajacy-tekst-diagram-mapa-rysowanie.png\" alt=\"Obraz zawieraj\u0105cy tekst, diagram, mapa, rysowanie\n\nOpis wygenerowany automatycznie\" srcset=\"https:\/\/cmm.imgw.pl\/wp-content\/uploads\/2023\/07\/obraz-zawierajacy-tekst-diagram-mapa-rysowanie.png 2156w, https:\/\/cmm.imgw.pl\/wp-content\/uploads\/2023\/07\/obraz-zawierajacy-tekst-diagram-mapa-rysowanie-300x240.png 300w, https:\/\/cmm.imgw.pl\/wp-content\/uploads\/2023\/07\/obraz-zawierajacy-tekst-diagram-mapa-rysowanie-1024x821.png 1024w, https:\/\/cmm.imgw.pl\/wp-content\/uploads\/2023\/07\/obraz-zawierajacy-tekst-diagram-mapa-rysowanie-768x616.png 768w, https:\/\/cmm.imgw.pl\/wp-content\/uploads\/2023\/07\/obraz-zawierajacy-tekst-diagram-mapa-rysowanie-1536x1231.png 1536w, https:\/\/cmm.imgw.pl\/wp-content\/uploads\/2023\/07\/obraz-zawierajacy-tekst-diagram-mapa-rysowanie-2048x1641.png 2048w\" sizes=\"(max-width: 2156px) 100vw, 2156px\" \/><\/p>\n<p>Nad Wyspami Brytyjskimi i Holandi\u0105 zalega pr\u0105d strumieniowy na wysoko\u015bci FL350, z maksymaln\u0105 pr\u0119dko\u015bci\u0105 w osi pr\u0105du 42,5 m\/s. Nad Atlantykiem na zach\u00f3d od Zatoki Biskajskiej wyst\u0119puje pr\u0105d strumieniowy na wysoko\u015bci FL380, z maksymaln\u0105 pr\u0119dko\u015bci\u0105 w osi pr\u0105du 45 m\/s. Nad Polsk\u0105, Obwodem Kr\u00f3lewieckim, \u0141otw\u0105 i Estoni\u0105 utrzymuje si\u0119 pr\u0105d strumieniowy na wysoko\u015bci FL360, z maksymaln\u0105 pr\u0119dko\u015bci\u0105 w osi pr\u0105du 47,5 m\/s. W obszarze przerywanej linii [1] wyst\u0119powa\u0107 b\u0119dzie turbulencja czystego nieba w przedziale wysoko\u015bci FL260\/400. W obszarze przerywanej linii [2] wyst\u0119powa\u0107 b\u0119dzie turbulencja czystego nieba w przedziale wysoko\u015bci FL250\/380.<\/p>\n<p><strong>Tropopauza<\/strong><\/p>\n<p>W rejonie Sztokholmu zalega ni\u017c tropopauzy (tropopauza wykazuje w tym rejonie obni\u017cenie i znajduje si\u0119 na wysoko\u015bci FL290). W rejonie Islandii (na wsch\u00f3d) ukszta\u0142towa\u0142 si\u0119 ni\u017c tropopauzy (tropopauza wykazuje w tym rejonie obni\u017cenie i znajduje si\u0119 na wysoko\u015bci FL290). Nad zachodni\u0105 Rosj\u0105 wyst\u0119puje ni\u017c tropopauzy (tropopauza wykazuje w tym rejonie obni\u017cenie i znajduje si\u0119 na wysoko\u015bci FL270).<\/p>\n<p><strong>Analiza termiczna troposfery<\/strong><\/p>\n<p><img loading=\"lazy\" width=\"634\" height=\"490\" class=\"wp-image-34535 aligncenter\" src=\"http:\/\/cmm.imgw.pl\/wp-content\/uploads\/2023\/07\/thck-500-1000hpa-gfs-czw-13-07-2023-18-utc.gif\" alt=\"Thck 500-1000hPa GFS czw. 13.07.2023 18 UTC\" \/> <img loading=\"lazy\" width=\"634\" height=\"490\" class=\"wp-image-34536 aligncenter\" src=\"http:\/\/cmm.imgw.pl\/wp-content\/uploads\/2023\/07\/theta-w-850hpa-gfs-czw-13-07-2023-18-utc.gif\" alt=\"Theta-W 850hPa GFS czw. 13.07.2023 18 UTC\" \/><\/p>\n<p>Nad Islandi\u0105, Morzem P\u00f3\u0142nocnym i Norweskim, Skandynawi\u0105, Ba\u0142tykiem, p\u00f3\u0142nocno wschodni\u0105 Francj\u0105, Belgi\u0105, Holandi\u0105, p\u00f3\u0142nocn\u0105 i centralnymi Niemcami oraz p\u00f3\u0142nocno zachodni\u0105 Polsk\u0105 wyst\u0119puje obszar ch\u0142odu. Nad p\u00f3\u0142nocn\u0105 wschodni\u0105 Europ\u0105 wyst\u0119puje wyodr\u0119bniony obszar ch\u0142odu. Pomi\u0119dzy dwoma obszarami ch\u0142ody zalega klin ciep\u0142a. Pozosta\u0142y obszar kontynentu w zasi\u0119gu ciep\u0142ych mas powietrza. Nad P\u0142w. Iberyjskim, Morzem \u015ar\u00f3dziemnym, po\u0142udniowymi W\u0142ochami oraz nad Ba\u0142kanami wyst\u0119puje powietrze zwrotnikowe. W rejonie Islandii zalega powietrza arktyczne. Pozosta\u0142y obszar kontynentu obejmuje powietrza polarno-morskie.<\/p>\n<p><img loading=\"lazy\" width=\"600\" height=\"640\" class=\"wp-image-34537 aligncenter\" src=\"http:\/\/cmm.imgw.pl\/wp-content\/uploads\/2023\/07\/word-image-34529-8.png\" srcset=\"https:\/\/cmm.imgw.pl\/wp-content\/uploads\/2023\/07\/word-image-34529-8.png 600w, https:\/\/cmm.imgw.pl\/wp-content\/uploads\/2023\/07\/word-image-34529-8-281x300.png 281w\" sizes=\"(max-width: 600px) 100vw, 600px\" \/> <img loading=\"lazy\" width=\"600\" height=\"640\" class=\"wp-image-34538 aligncenter\" src=\"http:\/\/cmm.imgw.pl\/wp-content\/uploads\/2023\/07\/word-image-34529-9.png\" srcset=\"https:\/\/cmm.imgw.pl\/wp-content\/uploads\/2023\/07\/word-image-34529-9.png 600w, https:\/\/cmm.imgw.pl\/wp-content\/uploads\/2023\/07\/word-image-34529-9-281x300.png 281w\" sizes=\"(max-width: 600px) 100vw, 600px\" \/><strong><img loading=\"lazy\" width=\"493\" height=\"441\" class=\"wp-image-34539 aligncenter\" src=\"http:\/\/cmm.imgw.pl\/wp-content\/uploads\/2023\/07\/word-image-34529-10.png\" srcset=\"https:\/\/cmm.imgw.pl\/wp-content\/uploads\/2023\/07\/word-image-34529-10.png 493w, https:\/\/cmm.imgw.pl\/wp-content\/uploads\/2023\/07\/word-image-34529-10-300x268.png 300w\" sizes=\"(max-width: 493px) 100vw, 493px\" \/><\/strong><\/p>\n<p>P\u00f3\u0142nocno zachodnie rejony kraju znajduj\u0105 si\u0119 na skraju obszaru ch\u0142odu. Nap\u0142ywa powietrze z po\u0142udniowego zachodu. Nad Polsk\u0105 wyst\u0119puje dodatni k\u0105t adwekcji co wskazuje na adwekcje ch\u0142odu. Na zach\u00f3d od Polski i na po\u0142udniu Europy (Ba\u0142kany) izotermy s\u0105 gi\u0119te na kszta\u0142t zatoki. Na wsch\u00f3d od Polski izotermy gi\u0119te na kszta\u0142t klina (a\u017c po Skandynawi\u0119 i P\u0142w. Azji Mniejszej).<\/p>\n<p><img loading=\"lazy\" width=\"600\" height=\"640\" class=\"wp-image-34540 aligncenter\" src=\"http:\/\/cmm.imgw.pl\/wp-content\/uploads\/2023\/07\/word-image-34529-11.png\" srcset=\"https:\/\/cmm.imgw.pl\/wp-content\/uploads\/2023\/07\/word-image-34529-11.png 600w, https:\/\/cmm.imgw.pl\/wp-content\/uploads\/2023\/07\/word-image-34529-11-281x300.png 281w\" sizes=\"(max-width: 600px) 100vw, 600px\" \/><\/p>\n<p>Zalegaj\u0105ca masa powietrza na Polsk\u0105 jest do\u015b\u0107 wilgotn\u0105 mas\u0105 powietrza. Zapas wody w pionowym s\u0142upie powietrza o podstawie 1 m<sup>2<\/sup> wynosi od 24 mm na zachodzie kraju do 44 mm na wschodzie kraju.<\/p>\n<p><strong>Rozw\u00f3j sytuacji barycznej nad Europ\u0105 <\/strong><\/p>\n<p><img loading=\"lazy\" width=\"1075\" height=\"764\" class=\"wp-image-34541 aligncenter\" src=\"http:\/\/cmm.imgw.pl\/wp-content\/uploads\/2023\/07\/obraz-zawierajacy-mapa-tekst-atlas-diagram-opi-12.gif\" alt=\"Obraz zawieraj\u0105cy mapa, tekst, atlas, diagram\n\nOpis wygenerowany automatycznie\" \/> <img loading=\"lazy\" width=\"1075\" height=\"764\" class=\"wp-image-34542 aligncenter\" src=\"http:\/\/cmm.imgw.pl\/wp-content\/uploads\/2023\/07\/obraz-zawierajacy-mapa-atlas-diagram-tekst-opi.gif\" alt=\"Obraz zawieraj\u0105cy mapa, atlas, diagram, tekst\n\nOpis wygenerowany automatycznie\" \/><\/p>\n<p>Polska dostanie si\u0119 pod wp\u0142yw klina wysokiego ci\u015bnienia. Klin obejmowa\u0107 b\u0119dzie obszar Europy po\u0142udniowej i centralnej si\u0119gaj\u0105c po po\u0142udniow\u0105 Skandynawi\u0119. We wschodniej Europie na pofalowanym froncie dojdzie do deformacji i na szczycie fali utworzy si\u0119 zamkni\u0119ta cyrkulacja cykloniczna. Wir cykloniczny pog\u0142\u0119bi si\u0119. W nocy 14\/15 VII uk\u0142ad baryczny b\u0119dzie ju\u017c w stadium okludowania. Nad Irlandi\u0105 znajdzie si\u0119 centrum ni\u017cu o g\u0142\u0119boko\u015bci 995 hPa. Ni\u017c b\u0119dzie si\u0119 pog\u0142\u0119bia\u0142, a front atmosferyczny nasunie si\u0119 nad Francj\u0105, Zatok\u0105 Biskajsk\u0105 oraz p\u00f3\u0142nocn\u0105 Hiszpani\u0105. Nad Morzem Norweskim, na wsch\u00f3d od Islandii, znajdowa\u0107 si\u0119 b\u0119dzie ni\u017c, kt\u00f3ry b\u0119dzie si\u0119 wype\u0142nia\u0142 i przemieszcza\u0142 w kierunku ENE. Z ni\u017cem zwi\u0105zany jest front atmosferyczny zalegaj\u0105cy nad Morzem Norweskim oraz Skandynawi\u0105. Rozbudowuj\u0105cy si\u0119 klin wysokiego ci\u015bnienia spowoduje, \u017ce front b\u0119dzie przemieszcza\u0107 si\u0119 w rejon P\u0142w. Kolskiego. Wschodnie rejony Morza \u015ar\u00f3dziemnego wyst\u0119powa\u0107 b\u0119dzie uk\u0142ad obni\u017conego ci\u015bnienia. Nad p\u00f3\u0142nocno zachodni\u0105 Rosj\u0105 wyst\u0119powa\u0107 b\u0119dzie klin wysokiego ci\u015bnienia.<\/p>\n<p><strong>Rozw\u00f3j g\u00f3rnego pola ci\u015bnienia<\/strong><\/p>\n<p><img loading=\"lazy\" width=\"696\" height=\"480\" class=\"wp-image-34543 aligncenter\" src=\"http:\/\/cmm.imgw.pl\/wp-content\/uploads\/2023\/07\/word-image-34529-14.png\" srcset=\"https:\/\/cmm.imgw.pl\/wp-content\/uploads\/2023\/07\/word-image-34529-14.png 696w, https:\/\/cmm.imgw.pl\/wp-content\/uploads\/2023\/07\/word-image-34529-14-300x207.png 300w\" sizes=\"(max-width: 696px) 100vw, 696px\" \/> <img loading=\"lazy\" width=\"696\" height=\"488\" class=\"wp-image-34544 aligncenter\" src=\"http:\/\/cmm.imgw.pl\/wp-content\/uploads\/2023\/07\/word-image-34529-15.png\" srcset=\"https:\/\/cmm.imgw.pl\/wp-content\/uploads\/2023\/07\/word-image-34529-15.png 696w, https:\/\/cmm.imgw.pl\/wp-content\/uploads\/2023\/07\/word-image-34529-15-300x210.png 300w\" sizes=\"(max-width: 696px) 100vw, 696px\" \/> <img loading=\"lazy\" width=\"696\" height=\"485\" class=\"wp-image-34545 aligncenter\" src=\"http:\/\/cmm.imgw.pl\/wp-content\/uploads\/2023\/07\/word-image-34529-16.png\" srcset=\"https:\/\/cmm.imgw.pl\/wp-content\/uploads\/2023\/07\/word-image-34529-16.png 696w, https:\/\/cmm.imgw.pl\/wp-content\/uploads\/2023\/07\/word-image-34529-16-300x209.png 300w\" sizes=\"(max-width: 696px) 100vw, 696px\" \/> <img loading=\"lazy\" width=\"697\" height=\"485\" class=\"wp-image-34546 aligncenter\" src=\"http:\/\/cmm.imgw.pl\/wp-content\/uploads\/2023\/07\/word-image-34529-17.png\" srcset=\"https:\/\/cmm.imgw.pl\/wp-content\/uploads\/2023\/07\/word-image-34529-17.png 697w, https:\/\/cmm.imgw.pl\/wp-content\/uploads\/2023\/07\/word-image-34529-17-300x209.png 300w\" sizes=\"(max-width: 697px) 100vw, 697px\" \/> <img loading=\"lazy\" width=\"698\" height=\"482\" class=\"wp-image-34547 aligncenter\" src=\"http:\/\/cmm.imgw.pl\/wp-content\/uploads\/2023\/07\/word-image-34529-18.png\" srcset=\"https:\/\/cmm.imgw.pl\/wp-content\/uploads\/2023\/07\/word-image-34529-18.png 698w, https:\/\/cmm.imgw.pl\/wp-content\/uploads\/2023\/07\/word-image-34529-18-300x207.png 300w\" sizes=\"(max-width: 698px) 100vw, 698px\" \/> <img loading=\"lazy\" width=\"697\" height=\"486\" class=\"wp-image-34548 aligncenter\" src=\"http:\/\/cmm.imgw.pl\/wp-content\/uploads\/2023\/07\/word-image-34529-19.png\" srcset=\"https:\/\/cmm.imgw.pl\/wp-content\/uploads\/2023\/07\/word-image-34529-19.png 697w, https:\/\/cmm.imgw.pl\/wp-content\/uploads\/2023\/07\/word-image-34529-19-300x209.png 300w\" sizes=\"(max-width: 697px) 100vw, 697px\" \/><\/p>\n<p>Ni\u017c z rejonu Wysp Brytyjskich b\u0119dzie wysokim uk\u0142adem barycznym, kt\u00f3ry pog\u0142\u0119bi si\u0119 na wszystkich poziomach izobarycznych. Uk\u0142ad na wysoko\u015bci 500 hPa oraz 300 hPa b\u0119dzie uk\u0142adem dwucentrowym. W sobot\u0119 nad ranem jedynie na wysoko\u015bci 300 hPa uk\u0142ad b\u0119dzie nadal dwucentrowym uk\u0142adem barycznym. Nad Europ\u0105 centraln\u0105 zalega\u0107 b\u0119dzie klin. Pocz\u0105tkowo na wysoko\u015bci 500 hPa i 300 hPa izohipsy b\u0119d\u0105 bardziej wyprostowane, kt\u00f3re z czasem b\u0119d\u0105 deformowa\u0107 si\u0119 i b\u0119d\u0105 gi\u0119te na kszta\u0142t klina. Nad Europ\u0105 wschodni\u0105 izohipsy b\u0119d\u0105 gi\u0119te na kszta\u0142t zatoki. Nad p\u00f3\u0142nocno wschodni\u0105 Europ\u0105, na wysoko\u015bci 500 hPa, b\u0119dzie wyst\u0119powa\u0107 dobrze zakre\u015blona zamkni\u0119ta cyrkulacja antycykloniczna.<\/p>\n<p><strong>Rozw\u00f3j g\u00f3rnego pola wiatru<\/strong><\/p>\n<p><img loading=\"lazy\" width=\"2156\" height=\"1728\" class=\"wp-image-34549 aligncenter\" src=\"http:\/\/cmm.imgw.pl\/wp-content\/uploads\/2023\/07\/obraz-zawierajacy-tekst-diagram-mapa-opis-wygen-5.png\" alt=\"Obraz zawieraj\u0105cy tekst, diagram, mapa\n\nOpis wygenerowany automatycznie\" srcset=\"https:\/\/cmm.imgw.pl\/wp-content\/uploads\/2023\/07\/obraz-zawierajacy-tekst-diagram-mapa-opis-wygen-5.png 2156w, https:\/\/cmm.imgw.pl\/wp-content\/uploads\/2023\/07\/obraz-zawierajacy-tekst-diagram-mapa-opis-wygen-5-300x240.png 300w, https:\/\/cmm.imgw.pl\/wp-content\/uploads\/2023\/07\/obraz-zawierajacy-tekst-diagram-mapa-opis-wygen-5-1024x821.png 1024w, https:\/\/cmm.imgw.pl\/wp-content\/uploads\/2023\/07\/obraz-zawierajacy-tekst-diagram-mapa-opis-wygen-5-768x616.png 768w, https:\/\/cmm.imgw.pl\/wp-content\/uploads\/2023\/07\/obraz-zawierajacy-tekst-diagram-mapa-opis-wygen-5-1536x1231.png 1536w, https:\/\/cmm.imgw.pl\/wp-content\/uploads\/2023\/07\/obraz-zawierajacy-tekst-diagram-mapa-opis-wygen-5-2048x1641.png 2048w\" sizes=\"(max-width: 2156px) 100vw, 2156px\" \/><\/p>\n<p>Nad p\u00f3\u0142nocn\u0105 Angli\u0105 zalega\u0107 b\u0119dzie pr\u0105d strumieniowy na wysoko\u015bci FL340, z maksymaln\u0105 pr\u0119dko\u015bci\u0105 w osi pr\u0105du 42,5 m\/s. Nad Atlantykiem, a\u017c po Londyn wyst\u0119powa\u0107 b\u0119dzie pr\u0105d strumieniowy na wysoko\u015bci FL340\/360, z maksymaln\u0105 pr\u0119dko\u015bci\u0105 w osi pr\u0105du 50-70 m\/s. Nad Atlantykiem pionowy zasi\u0119g pr\u0105du obejmuje obszar FL200\/440. Nad Atlantykiem, Zatok\u0105 Biskajsk\u0105, Francj\u0105 i Szwajcari\u0105 ukszta\u0142tuje si\u0119 pr\u0105d strumieniowy na wysoko\u015bci FL380, z maksymaln\u0105 pr\u0119dko\u015bci\u0105 w osi pr\u0105du 45 m\/s. Nad Dani\u0105, Polsk\u0105, zachodni\u0105 Ukrain\u0105 zalega\u0107 b\u0119dzie pr\u0105d strumieniowy na wysoko\u015bci FL340, z maksymaln\u0105 pr\u0119dko\u015bci\u0105 w osi pr\u0105du 42,5m\/s. Nad zachodni\u0105 Rosj\u0105 wyst\u0119powa\u0107 b\u0119dzie pr\u0105d strumieniowy na wysoko\u015bci FL320, z maksymaln\u0105 pr\u0119dko\u015bci\u0105 w osi pr\u0105du 45 m\/s. Nad po\u0142udniowo zachodni\u0105 Rosj\u0105 wyst\u0119powa\u0107 b\u0119dzie pr\u0105d strumieniowy na wysoko\u015bci FL400, z maksymaln\u0105 pr\u0119dko\u015bci\u0105 w osi pr\u0105du 45 m\/s. Nad p\u00f3\u0142nocn\u0105 Skandynawi\u0105 zalega\u0107 b\u0119dzie pr\u0105d strumieniowy na wysoko\u015bci FL320, z maksymaln\u0105 pr\u0119dko\u015bci\u0105 w osi pr\u0105du 42,5 m\/s. W obszarze przerywanej linii [1,2] wyst\u0119powa\u0107 b\u0119dzie turbulencja czystego nieba w przedziale wysoko\u015bci FL220\/360. W obszarze przerywanej linii [3] okazjonalnie wyst\u0119powa\u0107 b\u0119dzie turbulencja czystego nieba w przedziale wysoko\u015bci FL240\/400.<\/p>\n<p><img loading=\"lazy\" width=\"600\" height=\"640\" class=\"wp-image-34550 aligncenter\" src=\"http:\/\/cmm.imgw.pl\/wp-content\/uploads\/2023\/07\/word-image-34529-21.png\" srcset=\"https:\/\/cmm.imgw.pl\/wp-content\/uploads\/2023\/07\/word-image-34529-21.png 600w, https:\/\/cmm.imgw.pl\/wp-content\/uploads\/2023\/07\/word-image-34529-21-281x300.png 281w\" sizes=\"(max-width: 600px) 100vw, 600px\" \/> <img loading=\"lazy\" width=\"600\" height=\"640\" class=\"wp-image-34551 aligncenter\" src=\"http:\/\/cmm.imgw.pl\/wp-content\/uploads\/2023\/07\/word-image-34529-22.png\" srcset=\"https:\/\/cmm.imgw.pl\/wp-content\/uploads\/2023\/07\/word-image-34529-22.png 600w, https:\/\/cmm.imgw.pl\/wp-content\/uploads\/2023\/07\/word-image-34529-22-281x300.png 281w\" sizes=\"(max-width: 600px) 100vw, 600px\" \/> <img loading=\"lazy\" width=\"600\" height=\"640\" class=\"wp-image-34552 aligncenter\" src=\"http:\/\/cmm.imgw.pl\/wp-content\/uploads\/2023\/07\/word-image-34529-23.png\" srcset=\"https:\/\/cmm.imgw.pl\/wp-content\/uploads\/2023\/07\/word-image-34529-23.png 600w, https:\/\/cmm.imgw.pl\/wp-content\/uploads\/2023\/07\/word-image-34529-23-281x300.png 281w\" sizes=\"(max-width: 600px) 100vw, 600px\" \/> <img loading=\"lazy\" width=\"600\" height=\"640\" class=\"wp-image-34553 aligncenter\" src=\"http:\/\/cmm.imgw.pl\/wp-content\/uploads\/2023\/07\/word-image-34529-24.png\" srcset=\"https:\/\/cmm.imgw.pl\/wp-content\/uploads\/2023\/07\/word-image-34529-24.png 600w, https:\/\/cmm.imgw.pl\/wp-content\/uploads\/2023\/07\/word-image-34529-24-281x300.png 281w\" sizes=\"(max-width: 600px) 100vw, 600px\" \/><\/p>\n<p>Nad Polsk\u0105 zalega\u0107 b\u0119dzie pr\u0105d strumieniowy (NW-&gt;SE). O\u015b pr\u0105du przemieszcza\u0107 si\u0119 b\u0119dzie na wsch\u00f3d. W sobot\u0119 rano o\u015b pr\u0105du strumieniowego opu\u015bci nasz kraj.<\/p>\n<p><strong>Rozw\u00f3j warunk\u00f3w termicznych troposfery<\/strong><\/p>\n<p><img loading=\"lazy\" width=\"634\" height=\"490\" class=\"wp-image-34554 aligncenter\" src=\"http:\/\/cmm.imgw.pl\/wp-content\/uploads\/2023\/07\/thck-500-1000hpa-gfs-pt-14-07-2023-12-utc-1.gif\" alt=\"Thck 500-1000hPa GFS pt. 14.07.2023 12 UTC\" \/> <img loading=\"lazy\" width=\"634\" height=\"490\" class=\"wp-image-34555 aligncenter\" src=\"http:\/\/cmm.imgw.pl\/wp-content\/uploads\/2023\/07\/thck-500-1000hpa-gfs-so-15-07-2023-12-utc.gif\" alt=\"Thck 500-1000hPa GFS so. 15.07.2023 12 UTC\" \/><\/p>\n<p>P\u00f3\u0142nocna Anglia, Islandia, Morze P\u00f3\u0142nocne i Norweskie, Skandynawia, Ba\u0142tyk, P\u00f3\u0142nocna i centralna Polska, Dania, p\u00f3\u0142nocne Niemcy pozostanie w zasi\u0119gu ch\u0142odu. Nad p\u00f3\u0142nocno wschodni\u0105 Europ\u0105 wyst\u0119powa\u0107 b\u0119dzie zamkni\u0119ty obszar ch\u0142odu, kt\u00f3ry przemie\u015bci si\u0119 na po\u0142udnie. Oba obszary oddzielone klinem ciep\u0142a. W wyniku transformacji pola termicznego troposfery ju\u017c w sobot\u0119 oba obszary ch\u0142odu zlej\u0105 si\u0119. Klin ciep\u0142a nad Europ\u0105 zachodni\u0105 b\u0119d\u0105 wypiera\u0107 ch\u0142\u00f3d znad p\u00f3\u0142nocnych Niemiec, Polski, Danii.<\/p>\n<p><img loading=\"lazy\" width=\"600\" height=\"640\" class=\"wp-image-34556 aligncenter\" src=\"http:\/\/cmm.imgw.pl\/wp-content\/uploads\/2023\/07\/word-image-34529-27.png\" srcset=\"https:\/\/cmm.imgw.pl\/wp-content\/uploads\/2023\/07\/word-image-34529-27.png 600w, https:\/\/cmm.imgw.pl\/wp-content\/uploads\/2023\/07\/word-image-34529-27-281x300.png 281w\" sizes=\"(max-width: 600px) 100vw, 600px\" \/> <img loading=\"lazy\" width=\"600\" height=\"640\" class=\"wp-image-34557 aligncenter\" src=\"http:\/\/cmm.imgw.pl\/wp-content\/uploads\/2023\/07\/word-image-34529-28.png\" srcset=\"https:\/\/cmm.imgw.pl\/wp-content\/uploads\/2023\/07\/word-image-34529-28.png 600w, https:\/\/cmm.imgw.pl\/wp-content\/uploads\/2023\/07\/word-image-34529-28-281x300.png 281w\" sizes=\"(max-width: 600px) 100vw, 600px\" \/> <img loading=\"lazy\" width=\"600\" height=\"640\" class=\"wp-image-34558 aligncenter\" src=\"http:\/\/cmm.imgw.pl\/wp-content\/uploads\/2023\/07\/word-image-34529-29.png\" srcset=\"https:\/\/cmm.imgw.pl\/wp-content\/uploads\/2023\/07\/word-image-34529-29.png 600w, https:\/\/cmm.imgw.pl\/wp-content\/uploads\/2023\/07\/word-image-34529-29-281x300.png 281w\" sizes=\"(max-width: 600px) 100vw, 600px\" \/> <img loading=\"lazy\" width=\"600\" height=\"640\" class=\"wp-image-34559 aligncenter\" src=\"http:\/\/cmm.imgw.pl\/wp-content\/uploads\/2023\/07\/word-image-34529-30.png\" srcset=\"https:\/\/cmm.imgw.pl\/wp-content\/uploads\/2023\/07\/word-image-34529-30.png 600w, https:\/\/cmm.imgw.pl\/wp-content\/uploads\/2023\/07\/word-image-34529-30-281x300.png 281w\" sizes=\"(max-width: 600px) 100vw, 600px\" \/> <img loading=\"lazy\" width=\"600\" height=\"640\" class=\"wp-image-34560 aligncenter\" src=\"http:\/\/cmm.imgw.pl\/wp-content\/uploads\/2023\/07\/word-image-34529-31.png\" srcset=\"https:\/\/cmm.imgw.pl\/wp-content\/uploads\/2023\/07\/word-image-34529-31.png 600w, https:\/\/cmm.imgw.pl\/wp-content\/uploads\/2023\/07\/word-image-34529-31-281x300.png 281w\" sizes=\"(max-width: 600px) 100vw, 600px\" \/> <img loading=\"lazy\" width=\"600\" height=\"640\" class=\"wp-image-34561 aligncenter\" src=\"http:\/\/cmm.imgw.pl\/wp-content\/uploads\/2023\/07\/word-image-34529-32.png\" srcset=\"https:\/\/cmm.imgw.pl\/wp-content\/uploads\/2023\/07\/word-image-34529-32.png 600w, https:\/\/cmm.imgw.pl\/wp-content\/uploads\/2023\/07\/word-image-34529-32-281x300.png 281w\" sizes=\"(max-width: 600px) 100vw, 600px\" \/><\/p>\n<p><img loading=\"lazy\" width=\"600\" height=\"640\" class=\"wp-image-34562 aligncenter\" src=\"http:\/\/cmm.imgw.pl\/wp-content\/uploads\/2023\/07\/word-image-34529-33.png\" srcset=\"https:\/\/cmm.imgw.pl\/wp-content\/uploads\/2023\/07\/word-image-34529-33.png 600w, https:\/\/cmm.imgw.pl\/wp-content\/uploads\/2023\/07\/word-image-34529-33-281x300.png 281w\" sizes=\"(max-width: 600px) 100vw, 600px\" \/> <img loading=\"lazy\" width=\"600\" height=\"640\" class=\"wp-image-34563 aligncenter\" src=\"http:\/\/cmm.imgw.pl\/wp-content\/uploads\/2023\/07\/word-image-34529-34.png\" srcset=\"https:\/\/cmm.imgw.pl\/wp-content\/uploads\/2023\/07\/word-image-34529-34.png 600w, https:\/\/cmm.imgw.pl\/wp-content\/uploads\/2023\/07\/word-image-34529-34-281x300.png 281w\" sizes=\"(max-width: 600px) 100vw, 600px\" \/> <img loading=\"lazy\" width=\"600\" height=\"640\" class=\"wp-image-34564 aligncenter\" src=\"http:\/\/cmm.imgw.pl\/wp-content\/uploads\/2023\/07\/word-image-34529-35.png\" srcset=\"https:\/\/cmm.imgw.pl\/wp-content\/uploads\/2023\/07\/word-image-34529-35.png 600w, https:\/\/cmm.imgw.pl\/wp-content\/uploads\/2023\/07\/word-image-34529-35-281x300.png 281w\" sizes=\"(max-width: 600px) 100vw, 600px\" \/><\/p>\n<p>W pi\u0105tek p\u00f3\u0142nocne rejony kraju na skraju zatoki ch\u0142odu. Nap\u0142ywa\u0107 b\u0119dzie powietrze z zachodu, WNW. W skutek nasuwania si\u0119 klina wysokiego ci\u015bnienia nast\u0105pi zmiana kierunku nap\u0142ywu masy powietrza. Nap\u0142yw wyst\u0119powa\u0142 b\u0119dzie z po\u0142udniowego zachodu. Nad Polsk\u0105 wyst\u0119powa\u0107 b\u0119dzie ujemny k\u0105t adwekcji wskazuj\u0105cy na adwekcj\u0119 ciep\u0142a. Ju\u017c w sobot\u0119 Polska znajdzie si\u0119 na skraju klina ciep\u0142a. Zacznie nap\u0142ywa\u0107 powietrze zwrotnikowe.<\/p>\n<p><strong>Ewolucja pola wilgotno\u015bci w troposferze<\/strong><\/p>\n<p><img loading=\"lazy\" width=\"600\" height=\"640\" class=\"wp-image-34565 aligncenter\" src=\"http:\/\/cmm.imgw.pl\/wp-content\/uploads\/2023\/07\/word-image-34529-36.png\" srcset=\"https:\/\/cmm.imgw.pl\/wp-content\/uploads\/2023\/07\/word-image-34529-36.png 600w, https:\/\/cmm.imgw.pl\/wp-content\/uploads\/2023\/07\/word-image-34529-36-281x300.png 281w\" sizes=\"(max-width: 600px) 100vw, 600px\" \/> <img loading=\"lazy\" width=\"600\" height=\"640\" class=\"wp-image-34566 aligncenter\" src=\"http:\/\/cmm.imgw.pl\/wp-content\/uploads\/2023\/07\/word-image-34529-37.png\" srcset=\"https:\/\/cmm.imgw.pl\/wp-content\/uploads\/2023\/07\/word-image-34529-37.png 600w, https:\/\/cmm.imgw.pl\/wp-content\/uploads\/2023\/07\/word-image-34529-37-281x300.png 281w\" sizes=\"(max-width: 600px) 100vw, 600px\" \/> <img loading=\"lazy\" width=\"600\" height=\"640\" class=\"wp-image-34567 aligncenter\" src=\"http:\/\/cmm.imgw.pl\/wp-content\/uploads\/2023\/07\/word-image-34529-38.png\" srcset=\"https:\/\/cmm.imgw.pl\/wp-content\/uploads\/2023\/07\/word-image-34529-38.png 600w, https:\/\/cmm.imgw.pl\/wp-content\/uploads\/2023\/07\/word-image-34529-38-281x300.png 281w\" sizes=\"(max-width: 600px) 100vw, 600px\" \/><\/p>\n<p>Na wysoko\u015bci 850 hPa, w ci\u0105gu dnia, zalega\u0107 b\u0119dzie wilgotna masa powietrza. Z up\u0142ywem czasu wilgotno\u015b\u0107 b\u0119dzie zmniejsza\u0142a si\u0119.<\/p>\n<p><img loading=\"lazy\" width=\"600\" height=\"640\" class=\"wp-image-34568 aligncenter\" src=\"http:\/\/cmm.imgw.pl\/wp-content\/uploads\/2023\/07\/word-image-34529-39.png\" srcset=\"https:\/\/cmm.imgw.pl\/wp-content\/uploads\/2023\/07\/word-image-34529-39.png 600w, https:\/\/cmm.imgw.pl\/wp-content\/uploads\/2023\/07\/word-image-34529-39-281x300.png 281w\" sizes=\"(max-width: 600px) 100vw, 600px\" \/> <img loading=\"lazy\" width=\"600\" height=\"640\" class=\"wp-image-34569 aligncenter\" src=\"http:\/\/cmm.imgw.pl\/wp-content\/uploads\/2023\/07\/word-image-34529-40.png\" srcset=\"https:\/\/cmm.imgw.pl\/wp-content\/uploads\/2023\/07\/word-image-34529-40.png 600w, https:\/\/cmm.imgw.pl\/wp-content\/uploads\/2023\/07\/word-image-34529-40-281x300.png 281w\" sizes=\"(max-width: 600px) 100vw, 600px\" \/> <img loading=\"lazy\" width=\"600\" height=\"640\" class=\"wp-image-34570 aligncenter\" src=\"http:\/\/cmm.imgw.pl\/wp-content\/uploads\/2023\/07\/word-image-34529-41.png\" srcset=\"https:\/\/cmm.imgw.pl\/wp-content\/uploads\/2023\/07\/word-image-34529-41.png 600w, https:\/\/cmm.imgw.pl\/wp-content\/uploads\/2023\/07\/word-image-34529-41-281x300.png 281w\" sizes=\"(max-width: 600px) 100vw, 600px\" \/><\/p>\n<p>Na wysoko\u015bci 500 hPa, w ci\u0105gu dnia, wyst\u0119powa\u0107 b\u0119dzie do\u015b\u0107 sucha masa powietrza. Od zachodu\/po\u0142udniowego zachodu przemieszcza\u0107 si\u0119 b\u0119dzie strefa zwi\u0119kszonej wilgotno\u015b\u0107 w kierunku p\u00f3\u0142nocno wschodnim.<\/p>\n<p><img loading=\"lazy\" width=\"600\" height=\"640\" class=\"wp-image-34571 aligncenter\" src=\"http:\/\/cmm.imgw.pl\/wp-content\/uploads\/2023\/07\/word-image-34529-42.png\" srcset=\"https:\/\/cmm.imgw.pl\/wp-content\/uploads\/2023\/07\/word-image-34529-42.png 600w, https:\/\/cmm.imgw.pl\/wp-content\/uploads\/2023\/07\/word-image-34529-42-281x300.png 281w\" sizes=\"(max-width: 600px) 100vw, 600px\" \/> <img loading=\"lazy\" width=\"600\" height=\"640\" class=\"wp-image-34572 aligncenter\" src=\"http:\/\/cmm.imgw.pl\/wp-content\/uploads\/2023\/07\/word-image-34529-43.png\" srcset=\"https:\/\/cmm.imgw.pl\/wp-content\/uploads\/2023\/07\/word-image-34529-43.png 600w, https:\/\/cmm.imgw.pl\/wp-content\/uploads\/2023\/07\/word-image-34529-43-281x300.png 281w\" sizes=\"(max-width: 600px) 100vw, 600px\" \/> <img loading=\"lazy\" width=\"600\" height=\"640\" class=\"wp-image-34573 aligncenter\" src=\"http:\/\/cmm.imgw.pl\/wp-content\/uploads\/2023\/07\/word-image-34529-44.png\" srcset=\"https:\/\/cmm.imgw.pl\/wp-content\/uploads\/2023\/07\/word-image-34529-44.png 600w, https:\/\/cmm.imgw.pl\/wp-content\/uploads\/2023\/07\/word-image-34529-44-281x300.png 281w\" sizes=\"(max-width: 600px) 100vw, 600px\" \/><\/p>\n<p>Na wysoko\u015bci 9 km wilgotno\u015b\u0107 b\u0119dzie niska. Lokalnie wyst\u0119powa\u0107 b\u0119d\u0105 obszary wi\u0119kszej wilgotno\u015bci.<\/p>\n<p><img loading=\"lazy\" width=\"600\" height=\"640\" class=\"wp-image-34574 aligncenter\" src=\"http:\/\/cmm.imgw.pl\/wp-content\/uploads\/2023\/07\/word-image-34529-45.png\" srcset=\"https:\/\/cmm.imgw.pl\/wp-content\/uploads\/2023\/07\/word-image-34529-45.png 600w, https:\/\/cmm.imgw.pl\/wp-content\/uploads\/2023\/07\/word-image-34529-45-281x300.png 281w\" sizes=\"(max-width: 600px) 100vw, 600px\" \/> <img loading=\"lazy\" width=\"600\" height=\"640\" class=\"wp-image-34575 aligncenter\" src=\"http:\/\/cmm.imgw.pl\/wp-content\/uploads\/2023\/07\/word-image-34529-46.png\" srcset=\"https:\/\/cmm.imgw.pl\/wp-content\/uploads\/2023\/07\/word-image-34529-46.png 600w, https:\/\/cmm.imgw.pl\/wp-content\/uploads\/2023\/07\/word-image-34529-46-281x300.png 281w\" sizes=\"(max-width: 600px) 100vw, 600px\" \/> <img loading=\"lazy\" width=\"600\" height=\"640\" class=\"wp-image-34576 aligncenter\" src=\"http:\/\/cmm.imgw.pl\/wp-content\/uploads\/2023\/07\/word-image-34529-47.png\" srcset=\"https:\/\/cmm.imgw.pl\/wp-content\/uploads\/2023\/07\/word-image-34529-47.png 600w, https:\/\/cmm.imgw.pl\/wp-content\/uploads\/2023\/07\/word-image-34529-47-281x300.png 281w\" sizes=\"(max-width: 600px) 100vw, 600px\" \/><\/p>\n<p>W ci\u0105gu dnia zapas wody w pionowym s\u0142upie powietrza o podstawie 1 m<sup>2<\/sup> (TPW) b\u0119dzie wynosi\u0142 od 16 mm na p\u00f3\u0142nocy kraju do 36 mm na wschodzie kraju i 28 mm na zachodzie kraju. W nocy z zachodu nasunie si\u0119 strefa zwi\u0119kszonego zapasu wody w pionowym s\u0142upie powietrza o podstawie 1 m<sup>2<\/sup>. TPW osi\u0105gnie warto\u015b\u0107 32 mm na zachodzie kraju. W sobot\u0119 w dzie\u0144 jedynie w p\u00f3\u0142nocno wschodnim rejonie kraju TPW b\u0119dzie ni\u017csze i wyniesie 24 mm.<\/p>\n<p><strong>Prognoza zachmurzenia<\/strong><\/p>\n<p><img loading=\"lazy\" width=\"600\" height=\"640\" class=\"wp-image-34577 aligncenter\" src=\"http:\/\/cmm.imgw.pl\/wp-content\/uploads\/2023\/07\/word-image-34529-48.png\" srcset=\"https:\/\/cmm.imgw.pl\/wp-content\/uploads\/2023\/07\/word-image-34529-48.png 600w, https:\/\/cmm.imgw.pl\/wp-content\/uploads\/2023\/07\/word-image-34529-48-281x300.png 281w\" sizes=\"(max-width: 600px) 100vw, 600px\" \/> <img loading=\"lazy\" width=\"600\" height=\"640\" class=\"wp-image-34578 aligncenter\" src=\"http:\/\/cmm.imgw.pl\/wp-content\/uploads\/2023\/07\/word-image-34529-49.png\" srcset=\"https:\/\/cmm.imgw.pl\/wp-content\/uploads\/2023\/07\/word-image-34529-49.png 600w, https:\/\/cmm.imgw.pl\/wp-content\/uploads\/2023\/07\/word-image-34529-49-281x300.png 281w\" sizes=\"(max-width: 600px) 100vw, 600px\" \/> <img loading=\"lazy\" width=\"600\" height=\"640\" class=\"wp-image-34579 aligncenter\" src=\"http:\/\/cmm.imgw.pl\/wp-content\/uploads\/2023\/07\/word-image-34529-50.png\" srcset=\"https:\/\/cmm.imgw.pl\/wp-content\/uploads\/2023\/07\/word-image-34529-50.png 600w, https:\/\/cmm.imgw.pl\/wp-content\/uploads\/2023\/07\/word-image-34529-50-281x300.png 281w\" sizes=\"(max-width: 600px) 100vw, 600px\" \/> <img loading=\"lazy\" width=\"600\" height=\"640\" class=\"wp-image-34580 aligncenter\" src=\"http:\/\/cmm.imgw.pl\/wp-content\/uploads\/2023\/07\/word-image-34529-51.png\" srcset=\"https:\/\/cmm.imgw.pl\/wp-content\/uploads\/2023\/07\/word-image-34529-51.png 600w, https:\/\/cmm.imgw.pl\/wp-content\/uploads\/2023\/07\/word-image-34529-51-281x300.png 281w\" sizes=\"(max-width: 600px) 100vw, 600px\" \/><\/p>\n<p>W ci\u0105gu dnia zachmurzenie og\u00f3lne umiarkowane. Wielko\u015b\u0107 pokrycie sklepienia niebieskiego b\u0119dzie si\u0119 zmniejsza\u0142a. W nocy na zachodzie wzrost zachmurzenie og\u00f3lnego.<\/p>\n<p><img loading=\"lazy\" width=\"600\" height=\"640\" class=\"wp-image-34581 aligncenter\" src=\"http:\/\/cmm.imgw.pl\/wp-content\/uploads\/2023\/07\/word-image-34529-52.png\" srcset=\"https:\/\/cmm.imgw.pl\/wp-content\/uploads\/2023\/07\/word-image-34529-52.png 600w, https:\/\/cmm.imgw.pl\/wp-content\/uploads\/2023\/07\/word-image-34529-52-281x300.png 281w\" sizes=\"(max-width: 600px) 100vw, 600px\" \/> <img loading=\"lazy\" width=\"600\" height=\"640\" class=\"wp-image-34582 aligncenter\" src=\"http:\/\/cmm.imgw.pl\/wp-content\/uploads\/2023\/07\/word-image-34529-53.png\" srcset=\"https:\/\/cmm.imgw.pl\/wp-content\/uploads\/2023\/07\/word-image-34529-53.png 600w, https:\/\/cmm.imgw.pl\/wp-content\/uploads\/2023\/07\/word-image-34529-53-281x300.png 281w\" sizes=\"(max-width: 600px) 100vw, 600px\" \/> <img loading=\"lazy\" width=\"600\" height=\"640\" class=\"wp-image-34583 aligncenter\" src=\"http:\/\/cmm.imgw.pl\/wp-content\/uploads\/2023\/07\/word-image-34529-54.png\" srcset=\"https:\/\/cmm.imgw.pl\/wp-content\/uploads\/2023\/07\/word-image-34529-54.png 600w, https:\/\/cmm.imgw.pl\/wp-content\/uploads\/2023\/07\/word-image-34529-54-281x300.png 281w\" sizes=\"(max-width: 600px) 100vw, 600px\" \/><\/p>\n<p><img loading=\"lazy\" width=\"600\" height=\"640\" class=\"wp-image-34584 aligncenter\" src=\"http:\/\/cmm.imgw.pl\/wp-content\/uploads\/2023\/07\/word-image-34529-55.png\" srcset=\"https:\/\/cmm.imgw.pl\/wp-content\/uploads\/2023\/07\/word-image-34529-55.png 600w, https:\/\/cmm.imgw.pl\/wp-content\/uploads\/2023\/07\/word-image-34529-55-281x300.png 281w\" sizes=\"(max-width: 600px) 100vw, 600px\" \/> <img loading=\"lazy\" width=\"600\" height=\"640\" class=\"wp-image-34585 aligncenter\" src=\"http:\/\/cmm.imgw.pl\/wp-content\/uploads\/2023\/07\/word-image-34529-56.png\" srcset=\"https:\/\/cmm.imgw.pl\/wp-content\/uploads\/2023\/07\/word-image-34529-56.png 600w, https:\/\/cmm.imgw.pl\/wp-content\/uploads\/2023\/07\/word-image-34529-56-281x300.png 281w\" sizes=\"(max-width: 600px) 100vw, 600px\" \/><\/p>\n<p>W ci\u0105gu dnia wyst\u0119powa\u0107 b\u0119d\u0105 chmury Cumulus (humilis, mediocris). W p\u00f3\u0142nocno wschodniej i na wschodzie kraju mo\u017cliwe chmury Cumulus congestus i Cumulonimbus. Wierzcho\u0142ki chmur Cb osi\u0105ga\u0107 b\u0119d\u0105 wysoko\u015b\u0107 na poziomie 9,5-10 km. W p\u00f3\u0142nocno wschodniej Polsce wierzcho\u0142ki chmur Cb osi\u0105gn\u0105 izoterm\u0119 -40\u00b0C. Na pozosta\u0142ym obszarze wierzcho\u0142ki chmur Cb na poziomie izotermy -10\u00b0C\/-15\u00b0C. Popo\u0142udniu i pod wiecz\u00f3r mog\u0105 tworzy\u0107 si\u0119 chmury Stratocumulus cumulogenitus. Z czasem i te chmury ulegn\u0105 dyssypacji. W nocy lokalnie mog\u0105 pojawi\u0107 si\u0119 w\u0105skie \u0142awice chmur Stratocumulus perlucidus.<\/p>\n<p><img loading=\"lazy\" width=\"600\" height=\"640\" class=\"wp-image-34586 aligncenter\" src=\"http:\/\/cmm.imgw.pl\/wp-content\/uploads\/2023\/07\/word-image-34529-57.png\" srcset=\"https:\/\/cmm.imgw.pl\/wp-content\/uploads\/2023\/07\/word-image-34529-57.png 600w, https:\/\/cmm.imgw.pl\/wp-content\/uploads\/2023\/07\/word-image-34529-57-281x300.png 281w\" sizes=\"(max-width: 600px) 100vw, 600px\" \/> <img loading=\"lazy\" width=\"600\" height=\"640\" class=\"wp-image-34587 aligncenter\" src=\"http:\/\/cmm.imgw.pl\/wp-content\/uploads\/2023\/07\/word-image-34529-58.png\" srcset=\"https:\/\/cmm.imgw.pl\/wp-content\/uploads\/2023\/07\/word-image-34529-58.png 600w, https:\/\/cmm.imgw.pl\/wp-content\/uploads\/2023\/07\/word-image-34529-58-281x300.png 281w\" sizes=\"(max-width: 600px) 100vw, 600px\" \/> <img loading=\"lazy\" width=\"600\" height=\"640\" class=\"wp-image-34588 aligncenter\" src=\"http:\/\/cmm.imgw.pl\/wp-content\/uploads\/2023\/07\/word-image-34529-59.png\" srcset=\"https:\/\/cmm.imgw.pl\/wp-content\/uploads\/2023\/07\/word-image-34529-59.png 600w, https:\/\/cmm.imgw.pl\/wp-content\/uploads\/2023\/07\/word-image-34529-59-281x300.png 281w\" sizes=\"(max-width: 600px) 100vw, 600px\" \/><\/p>\n<p>W ci\u0105gu dnia mog\u0105 wyst\u0119powa\u0107 \u0142awice chmur Altocumulus (vertebratus\/radiatus\/undulatus\/lenticularis). Wielko\u015b\u0107 zachmurzenia tymi chmurami b\u0119dzie si\u0119 zmniejsza\u0142 wieczorem i w nocy. W nocy od zachodu zacznie nasuwa\u0107 si\u0119 strefa chmur pi\u0119tra \u015bredniego.<\/p>\n<p><img loading=\"lazy\" width=\"600\" height=\"640\" class=\"wp-image-34589 aligncenter\" src=\"http:\/\/cmm.imgw.pl\/wp-content\/uploads\/2023\/07\/word-image-34529-60.png\" srcset=\"https:\/\/cmm.imgw.pl\/wp-content\/uploads\/2023\/07\/word-image-34529-60.png 600w, https:\/\/cmm.imgw.pl\/wp-content\/uploads\/2023\/07\/word-image-34529-60-281x300.png 281w\" sizes=\"(max-width: 600px) 100vw, 600px\" \/> <img loading=\"lazy\" width=\"600\" height=\"640\" class=\"wp-image-34590 aligncenter\" src=\"http:\/\/cmm.imgw.pl\/wp-content\/uploads\/2023\/07\/word-image-34529-61.png\" srcset=\"https:\/\/cmm.imgw.pl\/wp-content\/uploads\/2023\/07\/word-image-34529-61.png 600w, https:\/\/cmm.imgw.pl\/wp-content\/uploads\/2023\/07\/word-image-34529-61-281x300.png 281w\" sizes=\"(max-width: 600px) 100vw, 600px\" \/> <img loading=\"lazy\" width=\"600\" height=\"640\" class=\"wp-image-34591 aligncenter\" src=\"http:\/\/cmm.imgw.pl\/wp-content\/uploads\/2023\/07\/word-image-34529-62.png\" srcset=\"https:\/\/cmm.imgw.pl\/wp-content\/uploads\/2023\/07\/word-image-34529-62.png 600w, https:\/\/cmm.imgw.pl\/wp-content\/uploads\/2023\/07\/word-image-34529-62-281x300.png 281w\" sizes=\"(max-width: 600px) 100vw, 600px\" \/><\/p>\n<p>W pi\u0119trze chmur wysokich spodziewa\u0107 si\u0119 nale\u017cy chmur Cirrus fibratus\/spissatus\/radiatus, Cirrostratus fibratus\/undulatus. Mo\u017cliwe chmury Cirrocumulus (undulatus, lenticularis).<\/p>\n<p><strong>Prognoza opad\u00f3w <\/strong><\/p>\n<p><img loading=\"lazy\" width=\"600\" height=\"640\" class=\"wp-image-34592 aligncenter\" src=\"http:\/\/cmm.imgw.pl\/wp-content\/uploads\/2023\/07\/word-image-34529-63.png\" srcset=\"https:\/\/cmm.imgw.pl\/wp-content\/uploads\/2023\/07\/word-image-34529-63.png 600w, https:\/\/cmm.imgw.pl\/wp-content\/uploads\/2023\/07\/word-image-34529-63-281x300.png 281w\" sizes=\"(max-width: 600px) 100vw, 600px\" \/> <img loading=\"lazy\" width=\"600\" height=\"640\" class=\"wp-image-34593 aligncenter\" src=\"http:\/\/cmm.imgw.pl\/wp-content\/uploads\/2023\/07\/word-image-34529-64.png\" srcset=\"https:\/\/cmm.imgw.pl\/wp-content\/uploads\/2023\/07\/word-image-34529-64.png 600w, https:\/\/cmm.imgw.pl\/wp-content\/uploads\/2023\/07\/word-image-34529-64-281x300.png 281w\" sizes=\"(max-width: 600px) 100vw, 600px\" \/> <img loading=\"lazy\" width=\"600\" height=\"640\" class=\"wp-image-34594 aligncenter\" src=\"http:\/\/cmm.imgw.pl\/wp-content\/uploads\/2023\/07\/word-image-34529-65.png\" srcset=\"https:\/\/cmm.imgw.pl\/wp-content\/uploads\/2023\/07\/word-image-34529-65.png 600w, https:\/\/cmm.imgw.pl\/wp-content\/uploads\/2023\/07\/word-image-34529-65-281x300.png 281w\" sizes=\"(max-width: 600px) 100vw, 600px\" \/><\/p>\n<p>Na wschodzie kraju mo\u017cliwe opady przelotne deszczu. Czas trwania opadu b\u0119dzie raczej do\u015b\u0107 kr\u00f3tki.<\/p>\n<p><strong>Prognoza burz<\/strong><\/p>\n<p><img loading=\"lazy\" width=\"600\" height=\"640\" class=\"wp-image-34595 aligncenter\" src=\"http:\/\/cmm.imgw.pl\/wp-content\/uploads\/2023\/07\/word-image-34529-66.png\" srcset=\"https:\/\/cmm.imgw.pl\/wp-content\/uploads\/2023\/07\/word-image-34529-66.png 600w, https:\/\/cmm.imgw.pl\/wp-content\/uploads\/2023\/07\/word-image-34529-66-281x300.png 281w\" sizes=\"(max-width: 600px) 100vw, 600px\" \/> <img loading=\"lazy\" width=\"600\" height=\"640\" class=\"wp-image-34596 aligncenter\" src=\"http:\/\/cmm.imgw.pl\/wp-content\/uploads\/2023\/07\/word-image-34529-67.png\" srcset=\"https:\/\/cmm.imgw.pl\/wp-content\/uploads\/2023\/07\/word-image-34529-67.png 600w, https:\/\/cmm.imgw.pl\/wp-content\/uploads\/2023\/07\/word-image-34529-67-281x300.png 281w\" sizes=\"(max-width: 600px) 100vw, 600px\" \/> <img loading=\"lazy\" width=\"600\" height=\"640\" class=\"wp-image-34597 aligncenter\" src=\"http:\/\/cmm.imgw.pl\/wp-content\/uploads\/2023\/07\/word-image-34529-68.png\" srcset=\"https:\/\/cmm.imgw.pl\/wp-content\/uploads\/2023\/07\/word-image-34529-68.png 600w, https:\/\/cmm.imgw.pl\/wp-content\/uploads\/2023\/07\/word-image-34529-68-281x300.png 281w\" sizes=\"(max-width: 600px) 100vw, 600px\" \/> <img loading=\"lazy\" width=\"600\" height=\"640\" class=\"wp-image-34598 aligncenter\" src=\"http:\/\/cmm.imgw.pl\/wp-content\/uploads\/2023\/07\/word-image-34529-69.png\" srcset=\"https:\/\/cmm.imgw.pl\/wp-content\/uploads\/2023\/07\/word-image-34529-69.png 600w, https:\/\/cmm.imgw.pl\/wp-content\/uploads\/2023\/07\/word-image-34529-69-281x300.png 281w\" sizes=\"(max-width: 600px) 100vw, 600px\" \/> <img loading=\"lazy\" width=\"377\" height=\"411\" class=\"wp-image-34599 aligncenter\" src=\"http:\/\/cmm.imgw.pl\/wp-content\/uploads\/2023\/07\/word-image-34529-70.png\" srcset=\"https:\/\/cmm.imgw.pl\/wp-content\/uploads\/2023\/07\/word-image-34529-70.png 377w, https:\/\/cmm.imgw.pl\/wp-content\/uploads\/2023\/07\/word-image-34529-70-275x300.png 275w\" sizes=\"(max-width: 377px) 100vw, 377px\" \/><\/p>\n<p>MUCAPE wyniesie 800-1600 J\/kg. Wierzcho\u0142ki chmur Cb osi\u0105gn\u0105 wysoko\u015b\u0107 9,5-10 km. Jedynie na wschodzie i p\u00f3\u0142nocnym wschodzie kraju wierzcho\u0142ki chmur osi\u0105gn\u0105 izoterm\u0119 -40\u00b0C. Na pozosta\u0142ym obszarze temperatura wierzcho\u0142k\u00f3w nie osi\u0105gnie -20\u00b0C. W po\u0142udniowo wschodniej i wschodniej cze\u015bci kraju wyst\u0105pi\u0105 dogodne warunki do elekryzacji chmury w wyniku kt\u00f3rej utworzone pole elektryczne osi\u0105gnie warto\u015bc wystarczaj\u0105c\u0105 do inicjalizacji wy\u0142adowa\u0144 iskrowych. Nale\u017cy podkre\u015bli\u0107, \u017ce zakre\u015blone pole wskazuje na potencja\u0142 do powstania burz.<\/p>\n<p><strong>Prognoza pola wiatru<\/strong><\/p>\n<p><img loading=\"lazy\" width=\"595\" height=\"595\" class=\"wp-image-34600 aligncenter\" src=\"http:\/\/cmm.imgw.pl\/wp-content\/uploads\/2023\/07\/word-image-34529-71.jpeg\" srcset=\"https:\/\/cmm.imgw.pl\/wp-content\/uploads\/2023\/07\/word-image-34529-71.jpeg 595w, https:\/\/cmm.imgw.pl\/wp-content\/uploads\/2023\/07\/word-image-34529-71-300x300.jpeg 300w, https:\/\/cmm.imgw.pl\/wp-content\/uploads\/2023\/07\/word-image-34529-71-150x150.jpeg 150w\" sizes=\"(max-width: 595px) 100vw, 595px\" \/> <img loading=\"lazy\" width=\"598\" height=\"598\" class=\"wp-image-34601 aligncenter\" src=\"http:\/\/cmm.imgw.pl\/wp-content\/uploads\/2023\/07\/word-image-34529-72.jpeg\" srcset=\"https:\/\/cmm.imgw.pl\/wp-content\/uploads\/2023\/07\/word-image-34529-72.jpeg 598w, https:\/\/cmm.imgw.pl\/wp-content\/uploads\/2023\/07\/word-image-34529-72-300x300.jpeg 300w, https:\/\/cmm.imgw.pl\/wp-content\/uploads\/2023\/07\/word-image-34529-72-150x150.jpeg 150w\" sizes=\"(max-width: 598px) 100vw, 598px\" \/><\/p>\n<p>W ci\u0105gu dnia porywy wiatru, do 50 km\/h na wschodzie kraju. Po po\u0142udniu rozpocznie si\u0119 zanik poryw\u00f3w wiatru.<\/p>\n<p><strong>Prognoza widzialno\u015bci<\/strong><\/p>\n<p><img loading=\"lazy\" width=\"439\" height=\"439\" class=\"wp-image-34602 aligncenter\" src=\"http:\/\/cmm.imgw.pl\/wp-content\/uploads\/2023\/07\/obraz-zawierajacy-tekst-mapa-diagram-numer-opi-2.png\" alt=\"Obraz zawieraj\u0105cy tekst, mapa, diagram, numer\n\nOpis wygenerowany automatycznie\" srcset=\"https:\/\/cmm.imgw.pl\/wp-content\/uploads\/2023\/07\/obraz-zawierajacy-tekst-mapa-diagram-numer-opi-2.png 439w, https:\/\/cmm.imgw.pl\/wp-content\/uploads\/2023\/07\/obraz-zawierajacy-tekst-mapa-diagram-numer-opi-2-300x300.png 300w, https:\/\/cmm.imgw.pl\/wp-content\/uploads\/2023\/07\/obraz-zawierajacy-tekst-mapa-diagram-numer-opi-2-150x150.png 150w\" sizes=\"(max-width: 439px) 100vw, 439px\" \/> <img loading=\"lazy\" width=\"457\" height=\"457\" class=\"wp-image-34603 aligncenter\" src=\"http:\/\/cmm.imgw.pl\/wp-content\/uploads\/2023\/07\/obraz-zawierajacy-tekst-mapa-diagram-atlas-opi-11.png\" alt=\"Obraz zawieraj\u0105cy tekst, mapa, diagram, atlas\n\nOpis wygenerowany automatycznie\" srcset=\"https:\/\/cmm.imgw.pl\/wp-content\/uploads\/2023\/07\/obraz-zawierajacy-tekst-mapa-diagram-atlas-opi-11.png 457w, https:\/\/cmm.imgw.pl\/wp-content\/uploads\/2023\/07\/obraz-zawierajacy-tekst-mapa-diagram-atlas-opi-11-300x300.png 300w, https:\/\/cmm.imgw.pl\/wp-content\/uploads\/2023\/07\/obraz-zawierajacy-tekst-mapa-diagram-atlas-opi-11-150x150.png 150w\" sizes=\"(max-width: 457px) 100vw, 457px\" \/> <img loading=\"lazy\" width=\"457\" height=\"457\" class=\"wp-image-34604 aligncenter\" src=\"http:\/\/cmm.imgw.pl\/wp-content\/uploads\/2023\/07\/obraz-zawierajacy-tekst-mapa-atlas-opis-wygener.png\" alt=\"Obraz zawieraj\u0105cy tekst, mapa, atlas\n\nOpis wygenerowany automatycznie\" srcset=\"https:\/\/cmm.imgw.pl\/wp-content\/uploads\/2023\/07\/obraz-zawierajacy-tekst-mapa-atlas-opis-wygener.png 457w, https:\/\/cmm.imgw.pl\/wp-content\/uploads\/2023\/07\/obraz-zawierajacy-tekst-mapa-atlas-opis-wygener-300x300.png 300w, https:\/\/cmm.imgw.pl\/wp-content\/uploads\/2023\/07\/obraz-zawierajacy-tekst-mapa-atlas-opis-wygener-150x150.png 150w\" sizes=\"(max-width: 457px) 100vw, 457px\" \/> <img loading=\"lazy\" width=\"507\" height=\"507\" class=\"wp-image-34605 aligncenter\" src=\"http:\/\/cmm.imgw.pl\/wp-content\/uploads\/2023\/07\/obraz-zawierajacy-tekst-mapa-atlas-opis-wygener-1.png\" alt=\"Obraz zawieraj\u0105cy tekst, mapa, atlas\n\nOpis wygenerowany automatycznie\" srcset=\"https:\/\/cmm.imgw.pl\/wp-content\/uploads\/2023\/07\/obraz-zawierajacy-tekst-mapa-atlas-opis-wygener-1.png 507w, https:\/\/cmm.imgw.pl\/wp-content\/uploads\/2023\/07\/obraz-zawierajacy-tekst-mapa-atlas-opis-wygener-1-300x300.png 300w, https:\/\/cmm.imgw.pl\/wp-content\/uploads\/2023\/07\/obraz-zawierajacy-tekst-mapa-atlas-opis-wygener-1-150x150.png 150w\" sizes=\"(max-width: 507px) 100vw, 507px\" \/> <img loading=\"lazy\" width=\"600\" height=\"640\" class=\"wp-image-34606 aligncenter\" src=\"http:\/\/cmm.imgw.pl\/wp-content\/uploads\/2023\/07\/word-image-34529-77.png\" srcset=\"https:\/\/cmm.imgw.pl\/wp-content\/uploads\/2023\/07\/word-image-34529-77.png 600w, https:\/\/cmm.imgw.pl\/wp-content\/uploads\/2023\/07\/word-image-34529-77-281x300.png 281w\" sizes=\"(max-width: 600px) 100vw, 600px\" \/> <img loading=\"lazy\" width=\"600\" height=\"640\" class=\"wp-image-34607 aligncenter\" src=\"http:\/\/cmm.imgw.pl\/wp-content\/uploads\/2023\/07\/word-image-34529-78.png\" srcset=\"https:\/\/cmm.imgw.pl\/wp-content\/uploads\/2023\/07\/word-image-34529-78.png 600w, https:\/\/cmm.imgw.pl\/wp-content\/uploads\/2023\/07\/word-image-34529-78-281x300.png 281w\" sizes=\"(max-width: 600px) 100vw, 600px\" \/><\/p>\n<p>W nocy na p\u00f3\u0142nocy, p\u00f3\u0142nocnym zachodzie oraz w po\u0142udniowo wschodniej Polsce zmniejszy si\u0119 deficyt punktu rosy co spowoduje, \u017ce powstawa\u0107 mog\u0105 zamglenia ograniczaj\u0105ce widzialno\u015b\u0107 do 2,5-3 km. Lokalnie mog\u0105 powstawa\u0107 mg\u0142y lub mg\u0142y przyziemne.<\/p>","protected":false},"excerpt":{"rendered":"<p>Komentarz do numerycznych prognoz pogody opracowany w Centrum Modelowania Meteorologicznego IMGW-PIB.<\/p>\n","protected":false},"author":3,"featured_media":0,"comment_status":"closed","ping_status":"open","sticky":false,"template":"","format":"standard","meta":{"ocean_post_layout":"","ocean_both_sidebars_style":"","ocean_both_sidebars_content_width":0,"ocean_both_sidebars_sidebars_width":0,"ocean_sidebar":"0","ocean_second_sidebar":"0","ocean_disable_margins":"enable","ocean_add_body_class":"","ocean_shortcode_before_top_bar":"","ocean_shortcode_after_top_bar":"","ocean_shortcode_before_header":"","ocean_shortcode_after_header":"","ocean_has_shortcode":"","ocean_shortcode_after_title":"","ocean_shortcode_before_footer_widgets":"","ocean_shortcode_after_footer_widgets":"","ocean_shortcode_before_footer_bottom":"","ocean_shortcode_after_footer_bottom":"","ocean_display_top_bar":"default","ocean_display_header":"default","ocean_header_style":"","ocean_center_header_left_menu":"0","ocean_custom_header_template":"0","ocean_custom_logo":0,"ocean_custom_retina_logo":0,"ocean_custom_logo_max_width":0,"ocean_custom_logo_tablet_max_width":0,"ocean_custom_logo_mobile_max_width":0,"ocean_custom_logo_max_height":0,"ocean_custom_logo_tablet_max_height":0,"ocean_custom_logo_mobile_max_height":0,"ocean_header_custom_menu":"0","ocean_menu_typo_font_family":"0","ocean_menu_typo_font_subset":"","ocean_menu_typo_font_size":0,"ocean_menu_typo_font_size_tablet":0,"ocean_menu_typo_font_size_mobile":0,"ocean_menu_typo_font_size_unit":"px","ocean_menu_typo_font_weight":"","ocean_menu_typo_font_weight_tablet":"","ocean_menu_typo_font_weight_mobile":"","ocean_menu_typo_transform":"","ocean_menu_typo_transform_tablet":"","ocean_menu_typo_transform_mobile":"","ocean_menu_typo_line_height":0,"ocean_menu_typo_line_height_tablet":0,"ocean_menu_typo_line_height_mobile":0,"ocean_menu_typo_line_height_unit":"","ocean_menu_typo_spacing":0,"ocean_menu_typo_spacing_tablet":0,"ocean_menu_typo_spacing_mobile":0,"ocean_menu_typo_spacing_unit":"","ocean_menu_link_color":"","ocean_menu_link_color_hover":"","ocean_menu_link_color_active":"","ocean_menu_link_background":"","ocean_menu_link_hover_background":"","ocean_menu_link_active_background":"","ocean_menu_social_links_bg":"","ocean_menu_social_hover_links_bg":"","ocean_menu_social_links_color":"","ocean_menu_social_hover_links_color":"","ocean_disable_title":"default","ocean_disable_heading":"default","ocean_post_title":"","ocean_post_subheading":"","ocean_post_title_style":"","ocean_post_title_background_color":"","ocean_post_title_background":0,"ocean_post_title_bg_image_position":"","ocean_post_title_bg_image_attachment":"","ocean_post_title_bg_image_repeat":"","ocean_post_title_bg_image_size":"","ocean_post_title_height":0,"ocean_post_title_bg_overlay":0.5,"ocean_post_title_bg_overlay_color":"","ocean_disable_breadcrumbs":"default","ocean_breadcrumbs_color":"","ocean_breadcrumbs_separator_color":"","ocean_breadcrumbs_links_color":"","ocean_breadcrumbs_links_hover_color":"","ocean_display_footer_widgets":"default","ocean_display_footer_bottom":"default","ocean_custom_footer_template":"0","ocean_post_oembed":"","ocean_post_self_hosted_media":"","ocean_post_video_embed":"","ocean_link_format":"","ocean_link_format_target":"self","ocean_quote_format":"","ocean_quote_format_link":"post","ocean_gallery_link_images":"on","ocean_gallery_id":[]},"categories":[93],"tags":[138,139,68,95,143,141,85,73,97,98,142,76,94,99,71,67,96,140,79],"yoast_head":"<!-- This site is optimized with the Yoast SEO plugin v19.5.1 - https:\/\/yoast.com\/wordpress\/plugins\/seo\/ -->\n<title>Komentarz do numerycznych prognoz pogody (14\/15.07.2023) - Laboratorium Modelowania Meteorologicznego CMOK IMGW-PIB<\/title>\n<meta name=\"description\" content=\"Komentarz do numerycznych prognoz pogody opracowany w Centrum Modelowania Meteorologicznego IMGW-PIB.\" \/>\n<meta name=\"robots\" content=\"index, follow, max-snippet:-1, max-image-preview:large, max-video-preview:-1\" \/>\n<link rel=\"canonical\" href=\"https:\/\/cmm.imgw.pl\/?p=34529\" \/>\n<meta property=\"og:locale\" content=\"pl_PL\" \/>\n<meta property=\"og:type\" content=\"article\" \/>\n<meta property=\"og:title\" content=\"Komentarz do numerycznych prognoz pogody (14\/15.07.2023)\" \/>\n<meta property=\"og:description\" content=\"Komentarz do numerycznych prognoz pogody opracowany w Centrum Modelowania Meteorologicznego IMGW-PIB\" \/>\n<meta property=\"og:url\" content=\"https:\/\/cmm.imgw.pl\/?p=34529\" \/>\n<meta property=\"og:site_name\" content=\"Laboratorium Modelowania Meteorologicznego CMOK IMGW-PIB\" \/>\n<meta property=\"article:publisher\" content=\"https:\/\/www.facebook.com\/Meteoimgw\/\" \/>\n<meta property=\"article:published_time\" content=\"2023-07-14T03:55:31+00:00\" \/>\n<meta property=\"article:modified_time\" content=\"2023-07-14T03:55:33+00:00\" \/>\n<meta property=\"og:image\" content=\"http:\/\/cmm.imgw.pl\/wp-content\/uploads\/2023\/02\/komentarz4.png\" \/>\n\t<meta property=\"og:image:width\" content=\"1280\" \/>\n\t<meta property=\"og:image:height\" content=\"720\" \/>\n\t<meta property=\"og:image:type\" content=\"image\/png\" \/>\n<meta name=\"author\" content=\"CMM\" \/>\n<meta name=\"twitter:card\" content=\"summary_large_image\" \/>\n<meta name=\"twitter:title\" content=\"Komentarz do numerycznych prognoz pogody (14\/15.07.2023)\" \/>\n<meta name=\"twitter:description\" content=\"Komentarz do numerycznych prognoz pogody opracowany w Centrum Modelowania Meteorologicznego IMGW-PIB\" \/>\n<meta name=\"twitter:image\" content=\"https:\/\/cmm.imgw.pl\/wp-content\/uploads\/2023\/02\/komentarz4.png\" \/>\n<meta name=\"twitter:creator\" content=\"@IMGW_CMM\" \/>\n<meta name=\"twitter:site\" content=\"@IMGW_CMM\" \/>\n<meta name=\"twitter:label1\" content=\"Napisane przez\" \/>\n\t<meta name=\"twitter:data1\" content=\"CMM\" \/>\n\t<meta name=\"twitter:label2\" content=\"Szacowany czas czytania\" \/>\n\t<meta name=\"twitter:data2\" content=\"26 minut\" \/>\n<script type=\"application\/ld+json\" class=\"yoast-schema-graph\">{\"@context\":\"https:\/\/schema.org\",\"@graph\":[{\"@type\":\"Article\",\"@id\":\"https:\/\/cmm.imgw.pl\/?p=34529#article\",\"isPartOf\":{\"@id\":\"https:\/\/cmm.imgw.pl\/?p=34529\"},\"author\":{\"name\":\"CMM\",\"@id\":\"https:\/\/cmm.imgw.pl\/#\/schema\/person\/a24a37fe434fe76b0f5791e6bd3fdb46\"},\"headline\":\"Komentarz do numerycznych prognoz pogody (14\/15.07.2023)\",\"datePublished\":\"2023-07-14T03:55:31+00:00\",\"dateModified\":\"2023-07-14T03:55:33+00:00\",\"mainEntityOfPage\":{\"@id\":\"https:\/\/cmm.imgw.pl\/?p=34529\"},\"wordCount\":1947,\"publisher\":{\"@id\":\"https:\/\/cmm.imgw.pl\/#organization\"},\"keywords\":[\"alaro\",\"arome\",\"cmm\",\"Cosmo\",\"DWD\",\"Grzegorz Duniec\",\"imgw\",\"klimat\",\"komentarz\",\"komentarz pogodowy\",\"MERGE\",\"meteorologia\",\"NMP\",\"NPP\",\"pogoda\",\"prognoza\",\"prognoza pogody\",\"wrf\",\"zima\"],\"articleSection\":[\"Komentarz\"],\"inLanguage\":\"pl-PL\"},{\"@type\":\"WebPage\",\"@id\":\"https:\/\/cmm.imgw.pl\/?p=34529\",\"url\":\"https:\/\/cmm.imgw.pl\/?p=34529\",\"name\":\"Komentarz do numerycznych prognoz pogody (14\/15.07.2023) - Laboratorium Modelowania Meteorologicznego CMOK IMGW-PIB\",\"isPartOf\":{\"@id\":\"https:\/\/cmm.imgw.pl\/#website\"},\"datePublished\":\"2023-07-14T03:55:31+00:00\",\"dateModified\":\"2023-07-14T03:55:33+00:00\",\"description\":\"Komentarz do numerycznych prognoz pogody opracowany w Centrum Modelowania Meteorologicznego IMGW-PIB.\",\"breadcrumb\":{\"@id\":\"https:\/\/cmm.imgw.pl\/?p=34529#breadcrumb\"},\"inLanguage\":\"pl-PL\",\"potentialAction\":[{\"@type\":\"ReadAction\",\"target\":[\"https:\/\/cmm.imgw.pl\/?p=34529\"]}]},{\"@type\":\"BreadcrumbList\",\"@id\":\"https:\/\/cmm.imgw.pl\/?p=34529#breadcrumb\",\"itemListElement\":[{\"@type\":\"ListItem\",\"position\":1,\"name\":\"Home\",\"item\":\"https:\/\/cmm.imgw.pl\/\"},{\"@type\":\"ListItem\",\"position\":2,\"name\":\"Komentarz do numerycznych prognoz pogody (14\/15.07.2023)\"}]},{\"@type\":\"WebSite\",\"@id\":\"https:\/\/cmm.imgw.pl\/#website\",\"url\":\"https:\/\/cmm.imgw.pl\/\",\"name\":\"Laboratorium Modelowania Meteorologicznego CMOK IMGW-PIB\",\"description\":\"CMOK-LMM Laboratorium pe\u0142ni pa\u0144stwow\u0105 s\u0142u\u017cb\u0119 hydrologiczno-meteorologiczn\u0105 w zakresie numerycznych prognoz pogody, kt\u00f3rego zadaniem jest konsolidacja kompetencji w obszarze modelowania zjawisk pogodowych oraz dalszego rozwoju numerycznych modeli pogody (NMP).\",\"publisher\":{\"@id\":\"https:\/\/cmm.imgw.pl\/#organization\"},\"potentialAction\":[{\"@type\":\"SearchAction\",\"target\":{\"@type\":\"EntryPoint\",\"urlTemplate\":\"https:\/\/cmm.imgw.pl\/?s={search_term_string}\"},\"query-input\":\"required name=search_term_string\"}],\"inLanguage\":\"pl-PL\"},{\"@type\":\"Organization\",\"@id\":\"https:\/\/cmm.imgw.pl\/#organization\",\"name\":\"Laboratorium Modelowania Meteorologicznego CMOK IMGW-PIB\",\"url\":\"https:\/\/cmm.imgw.pl\/\",\"sameAs\":[\"https:\/\/www.facebook.com\/Meteoimgw\/\",\"https:\/\/twitter.com\/IMGW_CMM\"],\"logo\":{\"@type\":\"ImageObject\",\"inLanguage\":\"pl-PL\",\"@id\":\"https:\/\/cmm.imgw.pl\/#\/schema\/logo\/image\/\",\"url\":\"https:\/\/cmm.imgw.pl\/wp-content\/uploads\/2025\/10\/MODELE_LOGO_UNIFIKACJA_v2.png\",\"contentUrl\":\"https:\/\/cmm.imgw.pl\/wp-content\/uploads\/2025\/10\/MODELE_LOGO_UNIFIKACJA_v2.png\",\"width\":1356,\"height\":365,\"caption\":\"Laboratorium Modelowania Meteorologicznego CMOK IMGW-PIB\"},\"image\":{\"@id\":\"https:\/\/cmm.imgw.pl\/#\/schema\/logo\/image\/\"}},{\"@type\":\"Person\",\"@id\":\"https:\/\/cmm.imgw.pl\/#\/schema\/person\/a24a37fe434fe76b0f5791e6bd3fdb46\",\"name\":\"CMM\",\"image\":{\"@type\":\"ImageObject\",\"inLanguage\":\"pl-PL\",\"@id\":\"https:\/\/cmm.imgw.pl\/#\/schema\/person\/image\/\",\"url\":\"https:\/\/secure.gravatar.com\/avatar\/9248ea2273711f1cd09d6bd45867dbfb?s=96&d=blank&r=g\",\"contentUrl\":\"https:\/\/secure.gravatar.com\/avatar\/9248ea2273711f1cd09d6bd45867dbfb?s=96&d=blank&r=g\",\"caption\":\"CMM\"},\"sameAs\":[\"http:\/\/cmm.imgw.pl\"],\"url\":\"https:\/\/cmm.imgw.pl\/?author=3\"}]}<\/script>\n<!-- \/ Yoast SEO plugin. -->","yoast_head_json":{"title":"Komentarz do numerycznych prognoz pogody (14\/15.07.2023) - Laboratorium Modelowania Meteorologicznego CMOK IMGW-PIB","description":"Komentarz do numerycznych prognoz pogody opracowany w Centrum Modelowania Meteorologicznego IMGW-PIB.","robots":{"index":"index","follow":"follow","max-snippet":"max-snippet:-1","max-image-preview":"max-image-preview:large","max-video-preview":"max-video-preview:-1"},"canonical":"https:\/\/cmm.imgw.pl\/?p=34529","og_locale":"pl_PL","og_type":"article","og_title":"Komentarz do numerycznych prognoz pogody (14\/15.07.2023)","og_description":"Komentarz do numerycznych prognoz pogody opracowany w Centrum Modelowania Meteorologicznego IMGW-PIB","og_url":"https:\/\/cmm.imgw.pl\/?p=34529","og_site_name":"Laboratorium Modelowania Meteorologicznego CMOK IMGW-PIB","article_publisher":"https:\/\/www.facebook.com\/Meteoimgw\/","article_published_time":"2023-07-14T03:55:31+00:00","article_modified_time":"2023-07-14T03:55:33+00:00","og_image":[{"width":1280,"height":720,"url":"http:\/\/cmm.imgw.pl\/wp-content\/uploads\/2023\/02\/komentarz4.png","type":"image\/png"}],"author":"CMM","twitter_card":"summary_large_image","twitter_title":"Komentarz do numerycznych prognoz pogody (14\/15.07.2023)","twitter_description":"Komentarz do numerycznych prognoz pogody opracowany w Centrum Modelowania Meteorologicznego IMGW-PIB","twitter_image":"https:\/\/cmm.imgw.pl\/wp-content\/uploads\/2023\/02\/komentarz4.png","twitter_creator":"@IMGW_CMM","twitter_site":"@IMGW_CMM","twitter_misc":{"Napisane przez":"CMM","Szacowany czas czytania":"26 minut"},"schema":{"@context":"https:\/\/schema.org","@graph":[{"@type":"Article","@id":"https:\/\/cmm.imgw.pl\/?p=34529#article","isPartOf":{"@id":"https:\/\/cmm.imgw.pl\/?p=34529"},"author":{"name":"CMM","@id":"https:\/\/cmm.imgw.pl\/#\/schema\/person\/a24a37fe434fe76b0f5791e6bd3fdb46"},"headline":"Komentarz do numerycznych prognoz pogody (14\/15.07.2023)","datePublished":"2023-07-14T03:55:31+00:00","dateModified":"2023-07-14T03:55:33+00:00","mainEntityOfPage":{"@id":"https:\/\/cmm.imgw.pl\/?p=34529"},"wordCount":1947,"publisher":{"@id":"https:\/\/cmm.imgw.pl\/#organization"},"keywords":["alaro","arome","cmm","Cosmo","DWD","Grzegorz Duniec","imgw","klimat","komentarz","komentarz pogodowy","MERGE","meteorologia","NMP","NPP","pogoda","prognoza","prognoza pogody","wrf","zima"],"articleSection":["Komentarz"],"inLanguage":"pl-PL"},{"@type":"WebPage","@id":"https:\/\/cmm.imgw.pl\/?p=34529","url":"https:\/\/cmm.imgw.pl\/?p=34529","name":"Komentarz do numerycznych prognoz pogody (14\/15.07.2023) - Laboratorium Modelowania Meteorologicznego CMOK IMGW-PIB","isPartOf":{"@id":"https:\/\/cmm.imgw.pl\/#website"},"datePublished":"2023-07-14T03:55:31+00:00","dateModified":"2023-07-14T03:55:33+00:00","description":"Komentarz do numerycznych prognoz pogody opracowany w Centrum Modelowania Meteorologicznego IMGW-PIB.","breadcrumb":{"@id":"https:\/\/cmm.imgw.pl\/?p=34529#breadcrumb"},"inLanguage":"pl-PL","potentialAction":[{"@type":"ReadAction","target":["https:\/\/cmm.imgw.pl\/?p=34529"]}]},{"@type":"BreadcrumbList","@id":"https:\/\/cmm.imgw.pl\/?p=34529#breadcrumb","itemListElement":[{"@type":"ListItem","position":1,"name":"Home","item":"https:\/\/cmm.imgw.pl\/"},{"@type":"ListItem","position":2,"name":"Komentarz do numerycznych prognoz pogody (14\/15.07.2023)"}]},{"@type":"WebSite","@id":"https:\/\/cmm.imgw.pl\/#website","url":"https:\/\/cmm.imgw.pl\/","name":"Laboratorium Modelowania Meteorologicznego CMOK IMGW-PIB","description":"CMOK-LMM Laboratorium pe\u0142ni pa\u0144stwow\u0105 s\u0142u\u017cb\u0119 hydrologiczno-meteorologiczn\u0105 w zakresie numerycznych prognoz pogody, kt\u00f3rego zadaniem jest konsolidacja kompetencji w obszarze modelowania zjawisk pogodowych oraz dalszego rozwoju numerycznych modeli pogody (NMP).","publisher":{"@id":"https:\/\/cmm.imgw.pl\/#organization"},"potentialAction":[{"@type":"SearchAction","target":{"@type":"EntryPoint","urlTemplate":"https:\/\/cmm.imgw.pl\/?s={search_term_string}"},"query-input":"required name=search_term_string"}],"inLanguage":"pl-PL"},{"@type":"Organization","@id":"https:\/\/cmm.imgw.pl\/#organization","name":"Laboratorium Modelowania Meteorologicznego CMOK IMGW-PIB","url":"https:\/\/cmm.imgw.pl\/","sameAs":["https:\/\/www.facebook.com\/Meteoimgw\/","https:\/\/twitter.com\/IMGW_CMM"],"logo":{"@type":"ImageObject","inLanguage":"pl-PL","@id":"https:\/\/cmm.imgw.pl\/#\/schema\/logo\/image\/","url":"https:\/\/cmm.imgw.pl\/wp-content\/uploads\/2025\/10\/MODELE_LOGO_UNIFIKACJA_v2.png","contentUrl":"https:\/\/cmm.imgw.pl\/wp-content\/uploads\/2025\/10\/MODELE_LOGO_UNIFIKACJA_v2.png","width":1356,"height":365,"caption":"Laboratorium Modelowania Meteorologicznego CMOK IMGW-PIB"},"image":{"@id":"https:\/\/cmm.imgw.pl\/#\/schema\/logo\/image\/"}},{"@type":"Person","@id":"https:\/\/cmm.imgw.pl\/#\/schema\/person\/a24a37fe434fe76b0f5791e6bd3fdb46","name":"CMM","image":{"@type":"ImageObject","inLanguage":"pl-PL","@id":"https:\/\/cmm.imgw.pl\/#\/schema\/person\/image\/","url":"https:\/\/secure.gravatar.com\/avatar\/9248ea2273711f1cd09d6bd45867dbfb?s=96&d=blank&r=g","contentUrl":"https:\/\/secure.gravatar.com\/avatar\/9248ea2273711f1cd09d6bd45867dbfb?s=96&d=blank&r=g","caption":"CMM"},"sameAs":["http:\/\/cmm.imgw.pl"],"url":"https:\/\/cmm.imgw.pl\/?author=3"}]}},"_links":{"self":[{"href":"https:\/\/cmm.imgw.pl\/index.php?rest_route=\/wp\/v2\/posts\/34529"}],"collection":[{"href":"https:\/\/cmm.imgw.pl\/index.php?rest_route=\/wp\/v2\/posts"}],"about":[{"href":"https:\/\/cmm.imgw.pl\/index.php?rest_route=\/wp\/v2\/types\/post"}],"author":[{"embeddable":true,"href":"https:\/\/cmm.imgw.pl\/index.php?rest_route=\/wp\/v2\/users\/3"}],"replies":[{"embeddable":true,"href":"https:\/\/cmm.imgw.pl\/index.php?rest_route=%2Fwp%2Fv2%2Fcomments&post=34529"}],"version-history":[{"count":1,"href":"https:\/\/cmm.imgw.pl\/index.php?rest_route=\/wp\/v2\/posts\/34529\/revisions"}],"predecessor-version":[{"id":34608,"href":"https:\/\/cmm.imgw.pl\/index.php?rest_route=\/wp\/v2\/posts\/34529\/revisions\/34608"}],"wp:attachment":[{"href":"https:\/\/cmm.imgw.pl\/index.php?rest_route=%2Fwp%2Fv2%2Fmedia&parent=34529"}],"wp:term":[{"taxonomy":"category","embeddable":true,"href":"https:\/\/cmm.imgw.pl\/index.php?rest_route=%2Fwp%2Fv2%2Fcategories&post=34529"},{"taxonomy":"post_tag","embeddable":true,"href":"https:\/\/cmm.imgw.pl\/index.php?rest_route=%2Fwp%2Fv2%2Ftags&post=34529"}],"curies":[{"name":"wp","href":"https:\/\/api.w.org\/{rel}","templated":true}]}}