{"id":34296,"date":"2023-07-13T05:47:38","date_gmt":"2023-07-13T03:47:38","guid":{"rendered":"https:\/\/cmm.imgw.pl\/?p=34296"},"modified":"2023-07-13T15:08:23","modified_gmt":"2023-07-13T13:08:23","slug":"komentarz-do-numerycznych-prognoz-pogody-13-14-07-2023","status":"publish","type":"post","link":"https:\/\/cmm.imgw.pl\/?p=34296","title":{"rendered":"Komentarz do numerycznych prognoz pogody (13\/14.07.2023)"},"content":{"rendered":"\n<figure class=\"wp-block-image size-large\"><img loading=\"lazy\" width=\"1024\" height=\"576\" src=\"https:\/\/cmm.imgw.pl\/wp-content\/uploads\/2023\/03\/komentarz4-1-1024x576.png\" alt=\"\" class=\"wp-image-23617\" srcset=\"https:\/\/cmm.imgw.pl\/wp-content\/uploads\/2023\/03\/komentarz4-1-1024x576.png 1024w, https:\/\/cmm.imgw.pl\/wp-content\/uploads\/2023\/03\/komentarz4-1-300x169.png 300w, https:\/\/cmm.imgw.pl\/wp-content\/uploads\/2023\/03\/komentarz4-1-768x432.png 768w, https:\/\/cmm.imgw.pl\/wp-content\/uploads\/2023\/03\/komentarz4-1-800x450.png 800w, https:\/\/cmm.imgw.pl\/wp-content\/uploads\/2023\/03\/komentarz4-1.png 1280w\" sizes=\"(max-width: 1024px) 100vw, 1024px\" \/><\/figure>\n\n\n\n<p><em>Tre\u015b\u0107 komentarza do numerycznych prognoz meteorologicznych stanowi niezale\u017cne od biura prognoz meteorologicznych opracowanie wykonane w Centrum Modelowania Meteorologicznego i nie stanowi oficjalnej prognozy synoptycznej IMGW-PIB.<\/em><\/p>\n\n\n\n<p><strong>Opracowanie:<\/strong><\/p>\n\n\n\n<p><strong>dr&nbsp;Grzegorz&nbsp;Duniec, <a href=\"https:\/\/cmm.imgw.pl\/\" target=\"_blank\" rel=\"noreferrer noopener\"><mark style=\"background-color:rgba(0, 0, 0, 0)\" class=\"has-inline-color has-vivid-cyan-blue-color\">Centrum Modelowania Meteorologicznego IMGW-PIB<\/mark><\/a><\/strong><\/p>\n\n\n<p><strong>Sytuacja synoptyczna w Europie z godziny 18 UTC, 12 VII 2023 roku<\/strong><\/p>\n<p><img loading=\"lazy\" width=\"1385\" height=\"983\" class=\"wp-image-34297 aligncenter\" src=\"http:\/\/cmm.imgw.pl\/wp-content\/uploads\/2023\/07\/obraz-zawierajacy-mapa-atlas-tekst-opis-wygener.png\" alt=\"Obraz zawieraj\u0105cy mapa, atlas, tekst\n\nOpis wygenerowany automatycznie\" srcset=\"https:\/\/cmm.imgw.pl\/wp-content\/uploads\/2023\/07\/obraz-zawierajacy-mapa-atlas-tekst-opis-wygener.png 1385w, https:\/\/cmm.imgw.pl\/wp-content\/uploads\/2023\/07\/obraz-zawierajacy-mapa-atlas-tekst-opis-wygener-300x213.png 300w, https:\/\/cmm.imgw.pl\/wp-content\/uploads\/2023\/07\/obraz-zawierajacy-mapa-atlas-tekst-opis-wygener-1024x727.png 1024w, https:\/\/cmm.imgw.pl\/wp-content\/uploads\/2023\/07\/obraz-zawierajacy-mapa-atlas-tekst-opis-wygener-768x545.png 768w\" sizes=\"(max-width: 1385px) 100vw, 1385px\" \/><\/p>\n<p>Przez Polsk\u0119 przemieszcza si\u0119 uk\u0142ad front\u00f3w atmosferycznych. Front ciep\u0142y kszta\u0142tuje pogod\u0119 w p\u00f3\u0142nocno wschodniej Polsce. Przez centralny pas kraju przemieszcza si\u0119 front ch\u0142odny. Punkt zwarcia obu powierzchni frontowych znajduje si\u0119 nad Ba\u0142tykiem. Fronty zwi\u0105zane s\u0105 z ni\u017cem, kt\u00f3rego o\u015brodek 997,4 hPa zalega nad Morze P\u00f3\u0142nocnym. Pofalowany front okluzji przemie\u015bci\u0142 si\u0119 na p\u00f3\u0142nocne peryferia ni\u017cu. Front ch\u0142odny znajduj\u0105cy si\u0119 nad Polsk\u0105 le\u017cy w zatoce, kt\u00f3ra rozci\u0105ga si\u0119 a\u017c po Hiszpanie. Front jest pofalowany. Nad p\u00f3\u0142nocno wschodni\u0105 Europ\u0105 pogod\u0119 kszta\u0142tuje ni\u017c z o\u015brodkiem 993,8 hPa. Ni\u017c si\u0119 pog\u0142\u0119bi\u0142. Nad Atlantykiem zalega s\u0142aby wy\u017c. Na zach\u00f3d od niego wyst\u0119puje kolejny uk\u0142ad niskiego ci\u015bnienia, kt\u00f3ry si\u0119 okluduje i wype\u0142nia. Zachodni rejon Morza \u015ar\u00f3dziemnego i P\u0142w. Iberyjski w zasi\u0119gu ni\u017cu. Pozosta\u0142y rejon Morza \u015ar\u00f3dziemnego i Morze Czarne pod wp\u0142ywem wy\u017cu.<\/p>\n<p><strong>Analiza g\u00f3rnego pola ci\u015bnienia z dnia 12 VII 2023 roku, godzina 12 UTC<\/strong><\/p>\n<p><img loading=\"lazy\" width=\"1220\" height=\"1542\" class=\"wp-image-34298 aligncenter\" src=\"http:\/\/cmm.imgw.pl\/wp-content\/uploads\/2023\/07\/obraz-zawierajacy-diagram-szkic-rysowanie-tekst.gif\" alt=\"Obraz zawieraj\u0105cy diagram, szkic, rysowanie, tekst\n\nOpis wygenerowany automatycznie\" \/> <img loading=\"lazy\" width=\"1220\" height=\"1542\" class=\"wp-image-34299 aligncenter\" src=\"http:\/\/cmm.imgw.pl\/wp-content\/uploads\/2023\/07\/obraz-zawierajacy-diagram-szkic-mapa-tekst-opi.gif\" alt=\"Obraz zawieraj\u0105cy diagram, szkic, mapa, tekst\n\nOpis wygenerowany automatycznie\" \/> <img loading=\"lazy\" width=\"1221\" height=\"1545\" class=\"wp-image-34300 aligncenter\" src=\"http:\/\/cmm.imgw.pl\/wp-content\/uploads\/2023\/07\/obraz-zawierajacy-mapa-diagram-tekst-opis-wygen-1.gif\" alt=\"Obraz zawieraj\u0105cy mapa, diagram, tekst\n\nOpis wygenerowany automatycznie\" \/><\/p>\n<p>Ni\u017c znad Morza P\u00f3\u0142nocnego jest wysokim uk\u0142adem barycznym. Na poziomie 850 hPa oraz 300 hPa pog\u0142\u0119bi\u0142 si\u0119. Pozosta\u0142ym obszarze g\u0142\u0119boko\u015b\u0107 wiru nieuleg\u0142a zmianie. Ni\u017c znad Europy p\u00f3\u0142nocno wschodniej jest wysokim uk\u0142adem barycznym. Na poziomie 700 hPa kszta\u0142t powierzchni izobarycznej mi\u0119dzy tymi dwoma ni\u017cami jest w postaci wa\u0142u wysokiego ci\u015bnienia. Wy\u017cej i ni\u017cej izohipsy s\u0105 gi\u0119te na kszta\u0142t klina. Nad Morzem Barentsa zamkni\u0119ta cyrkulacja antycyklonalna na poziomie 850 hPa oraz 700 hPa. Wy\u017cej izohipsy gi\u0119te na kszta\u0142t klina. Nad Polsk\u0105 wschodni\u0105 i Ba\u0142tykiem oraz po\u0142udniow\u0105 Europ\u0105 zalega\u0142 klin. Wyst\u0119puj\u0105cy nad Atlantykiem ni\u017c jest \u015brednim uk\u0142adem barycznym z zamkni\u0119t\u0105 cyrkulacj\u0105 cykloniczn\u0105 do poziomu 700 hPa.<\/p>\n<p><strong>Analiza g\u00f3rnego pola wiatru, 12 VII 2023 roku, godzina 18 UTC<\/strong><\/p>\n<p><img loading=\"lazy\" width=\"2156\" height=\"1728\" class=\"wp-image-34301 aligncenter\" src=\"http:\/\/cmm.imgw.pl\/wp-content\/uploads\/2023\/07\/obraz-zawierajacy-tekst-diagram-szkic-mapa-opi-1.png\" alt=\"Obraz zawieraj\u0105cy tekst, diagram, szkic, mapa\n\nOpis wygenerowany automatycznie\" srcset=\"https:\/\/cmm.imgw.pl\/wp-content\/uploads\/2023\/07\/obraz-zawierajacy-tekst-diagram-szkic-mapa-opi-1.png 2156w, https:\/\/cmm.imgw.pl\/wp-content\/uploads\/2023\/07\/obraz-zawierajacy-tekst-diagram-szkic-mapa-opi-1-300x240.png 300w, https:\/\/cmm.imgw.pl\/wp-content\/uploads\/2023\/07\/obraz-zawierajacy-tekst-diagram-szkic-mapa-opi-1-1024x821.png 1024w, https:\/\/cmm.imgw.pl\/wp-content\/uploads\/2023\/07\/obraz-zawierajacy-tekst-diagram-szkic-mapa-opi-1-768x616.png 768w, https:\/\/cmm.imgw.pl\/wp-content\/uploads\/2023\/07\/obraz-zawierajacy-tekst-diagram-szkic-mapa-opi-1-1536x1231.png 1536w, https:\/\/cmm.imgw.pl\/wp-content\/uploads\/2023\/07\/obraz-zawierajacy-tekst-diagram-szkic-mapa-opi-1-2048x1641.png 2048w\" sizes=\"(max-width: 2156px) 100vw, 2156px\" \/><\/p>\n<p>Nad po\u0142udniow\u0105 Skandynawi\u0105 i Morzem Norweskim zalega pr\u0105d strumieniowy na wysoko\u015bci FL340, z maksymaln\u0105 pr\u0119dko\u015bci\u0105 w osi pr\u0105du 50 m\/s. Nad Atlantykiem i P\u0142w. Iberyjskim wyst\u0119puje pr\u0105d strumieniowy na wysoko\u015bci FL380, z maksymaln\u0105 pr\u0119dko\u015bci\u0105 w osi pr\u0105du 50 m\/s. Nad Francj\u0105, po\u0142udniowymi Niemcami i po\u0142udniow\u0105 Polsk\u0105 utrzymuje si\u0119 pr\u0105d strumieniowy na wysoko\u015bci FL380, z maksymaln\u0105 pr\u0119dko\u015bci\u0105 w osi pr\u0105du 50 m\/s. Nad Europ\u0105 wschodni\u0105 wyst\u0119puje pr\u0105d strumieniowy na wysoko\u015bci FL320, z maksymaln\u0105 pr\u0119dko\u015bci\u0105 w osi pr\u0105du 45-55 m\/s. Nad p\u00f3\u0142nocno zachodni\u0105 Rosj\u0105 zalega pr\u0105d strumieniowy na wysoko\u015bci FL320, z maksymaln\u0105 pr\u0119dko\u015bci\u0105 w osi pr\u0105du 45 m\/s. Nad P\u0142w. Azji Mniejszej wyst\u0119puje pr\u0105d strumieniowy na wysoko\u015bci FL380, z maksymaln\u0105 pr\u0119dko\u015bci\u0105 w osi pr\u0105du 50 m\/s. W obszarze przerywanej linii [1] wyst\u0119powa\u0107 b\u0119dzie turbulencja czystego nieba w przedziale wysoko\u015bci FL220\/400. W obszarze przerywanej linii [2] wyst\u0119powa\u0107 b\u0119dzie turbulencja czystego nieba w przedziale wysoko\u015bci FL200\/420. W obszarze przerywanej linii [3] wyst\u0119powa\u0107 b\u0119dzie turbulencja czystego nieba w przedziale wysoko\u015bci FL200\/360. W obszarze przerywanej linii [4] wyst\u0119powa\u0107 b\u0119dzie turbulencja czystego nieba w przedziale wysoko\u015bci FL220\/400.<\/p>\n<p><strong>Tropopauza<\/strong><\/p>\n<p>Wysoko\u015b\u0107 tropopauzy nad Polsk\u0105 wynosi oko\u0142o FL360-380.<\/p>\n<p><strong>Analiza termiczna troposfery<\/strong><\/p>\n<p><img loading=\"lazy\" width=\"634\" height=\"490\" class=\"wp-image-34302 aligncenter\" src=\"http:\/\/cmm.imgw.pl\/wp-content\/uploads\/2023\/07\/thck-500-1000hpa-gfs-sro-12-07-2023-18-utc.gif\" alt=\"Thck 500-1000hPa GFS \u015bro. 12.07.2023 18 UTC\" \/> <img loading=\"lazy\" width=\"634\" height=\"490\" class=\"wp-image-34303 aligncenter\" src=\"http:\/\/cmm.imgw.pl\/wp-content\/uploads\/2023\/07\/theta-w-850hpa-gfs-sro-12-07-2023-18-utc.gif\" alt=\"Theta-W 850hPa GFS \u015bro. 12.07.2023 18 UTC\" \/><\/p>\n<p>Nad Atlantykiem, Islandi\u0105, Wyspami Brytyjskimi, Morzem Norweskim i P\u00f3\u0142nocnym, \u015brodkow\u0105 i po\u0142udniow\u0105 Skandynawi\u0105 oraz p\u00f3\u0142nocn\u0105 Francj\u0105 i Niemcami, Holandi\u0105, Belgi\u0105 i Dania zalega obszar ch\u0142odu. Dugi obszar ch\u0142odu wyst\u0119puje nad p\u00f3\u0142nocno wschodni\u0105 Europ\u0105. Te dwa obszary s\u0105 po\u0142\u0105czone ze sob\u0105. Pozosta\u0142y obszar kontynentu w zasi\u0119gu obszaru ciep\u0142a.<\/p>\n<p><img loading=\"lazy\" width=\"764\" height=\"686\" class=\"wp-image-34304 aligncenter\" src=\"http:\/\/cmm.imgw.pl\/wp-content\/uploads\/2023\/07\/word-image-34296-8.png\" srcset=\"https:\/\/cmm.imgw.pl\/wp-content\/uploads\/2023\/07\/word-image-34296-8.png 764w, https:\/\/cmm.imgw.pl\/wp-content\/uploads\/2023\/07\/word-image-34296-8-300x269.png 300w\" sizes=\"(max-width: 764px) 100vw, 764px\" \/><\/p>\n<p>Nad Europ\u0105 \u015brodkow\u0105, Skandynawi\u0105 oraz po\u0142udniow\u0105 izotermy s\u0105 gi\u0119te na kszta\u0142t klina. Nad Europ\u0105 wschodni\u0105 na poziomie strumienia steruj\u0105cego (500 hPa) izotermy s\u0105 zamkni\u0119te, obszar ch\u0142odu, kt\u00f3ry nie pokrywa si\u0119 centrum wiru cyklonicznego, co wskazuje, \u017ce uk\u0142ad baryczny jest uk\u0142adem asymetrycznym termicznie. Nad Islandi\u0105 i Atlantykiem z rejonu Wysp Brytyjskich zalega powietrze arktyczne. Europa po\u0142udniowa i Morze \u015ar\u00f3dziemnie a\u017c po ciep\u0142y sektor ni\u017cu przemieszczaj\u0105cego si\u0119 nad Polsk\u0105 w zasi\u0119gu powietrza zwrotnikowego. P\u00f3\u0142nocno zachodni rejon Rosji w zasi\u0119gu powietrza polarno-kontynentalnego. Pozosta\u0142y obszar kontynentu pod wp\u0142ywem powietrza polarno-morskiego.<\/p>\n<p><img loading=\"lazy\" width=\"600\" height=\"640\" class=\"wp-image-34305 aligncenter\" src=\"http:\/\/cmm.imgw.pl\/wp-content\/uploads\/2023\/07\/word-image-34296-9.png\" srcset=\"https:\/\/cmm.imgw.pl\/wp-content\/uploads\/2023\/07\/word-image-34296-9.png 600w, https:\/\/cmm.imgw.pl\/wp-content\/uploads\/2023\/07\/word-image-34296-9-281x300.png 281w\" sizes=\"(max-width: 600px) 100vw, 600px\" \/> <img loading=\"lazy\" width=\"600\" height=\"640\" class=\"wp-image-34306 aligncenter\" src=\"http:\/\/cmm.imgw.pl\/wp-content\/uploads\/2023\/07\/word-image-34296-10.png\" srcset=\"https:\/\/cmm.imgw.pl\/wp-content\/uploads\/2023\/07\/word-image-34296-10.png 600w, https:\/\/cmm.imgw.pl\/wp-content\/uploads\/2023\/07\/word-image-34296-10-281x300.png 281w\" sizes=\"(max-width: 600px) 100vw, 600px\" \/> <img loading=\"lazy\" width=\"600\" height=\"640\" class=\"wp-image-34307 aligncenter\" src=\"http:\/\/cmm.imgw.pl\/wp-content\/uploads\/2023\/07\/word-image-34296-11.png\" srcset=\"https:\/\/cmm.imgw.pl\/wp-content\/uploads\/2023\/07\/word-image-34296-11.png 600w, https:\/\/cmm.imgw.pl\/wp-content\/uploads\/2023\/07\/word-image-34296-11-281x300.png 281w\" sizes=\"(max-width: 600px) 100vw, 600px\" \/><\/p>\n<p>Nad Polsk\u0105 zalega o\u015b klina ciep\u0142a. Nap\u0142ywa powietrze z po\u0142udniowego zachodu. Wyst\u0119puje dodatni k\u0105t adwekcji co wskazuje na adwekcje ch\u0142odu. Zalegaj\u0105ca masa powietrza na Polsk\u0105 jest do\u015b\u0107 wilgotn\u0105 mas\u0105 powietrza. Zapas wody w pionowym s\u0142upie powietrza o podstawie 1 m<sup>2<\/sup> wynosi od 16 mm na zachodzie kraju do 44-52 mm na wschodzie kraju.<\/p>\n<p><strong>Rozw\u00f3j sytuacji barycznej nad Europ\u0105 <\/strong><\/p>\n<p><img loading=\"lazy\" width=\"1075\" height=\"764\" class=\"wp-image-34308 aligncenter\" src=\"http:\/\/cmm.imgw.pl\/wp-content\/uploads\/2023\/07\/obraz-zawierajacy-mapa-tekst-atlas-opis-wygener-1.gif\" alt=\"Obraz zawieraj\u0105cy mapa, tekst, atlas\n\nOpis wygenerowany automatycznie\" \/> <img loading=\"lazy\" width=\"1075\" height=\"764\" class=\"wp-image-34309 aligncenter\" src=\"http:\/\/cmm.imgw.pl\/wp-content\/uploads\/2023\/07\/obraz-zawierajacy-mapa-tekst-atlas-diagram-opi-11.gif\" alt=\"Obraz zawieraj\u0105cy mapa, tekst, atlas, diagram\n\nOpis wygenerowany automatycznie\" \/><\/p>\n<p><img loading=\"lazy\" width=\"1071\" height=\"759\" class=\"wp-image-34310 aligncenter\" src=\"http:\/\/cmm.imgw.pl\/wp-content\/uploads\/2023\/07\/obraz-zawierajacy-tekst-mapa-diagram-atlas-opi-1.gif\" alt=\"Obraz zawieraj\u0105cy tekst, mapa, diagram, atlas\n\nOpis wygenerowany automatycznie\" \/><\/p>\n<p>Uk\u0142ad front\u00f3w zwi\u0105zanych z ni\u017cem znad Morza Norweskiego, zalegaj\u0105cych nad Polsk\u0105, przemie\u015bci si\u0119 na wsch\u00f3d. Front zalegaj\u0105cy w zatoce nad Europ\u0105 po\u0142udniowo zachodni\u0105 przemie\u015bci si\u0119 na wsch\u00f3d. W czwartek jego wp\u0142yw zaznaczy si\u0119 nad po\u0142udniow\u0105 Polsk\u0105. W ci\u0105gu kilku godzin zatoka z frontem przemie\u015bci si\u0119 na wsch\u00f3d i Polska dostanie si\u0119 pod wp\u0142yw wy\u017cu, kt\u00f3rego o\u015brodek zalega\u0107 b\u0119dzie nad po\u0142udniowymi Niemcami. W nocy 13\/14 VII nad p\u00f3\u0142nocn\u0105 Polsk\u0105 zaznaczy si\u0119 zatoka. Nad Rumuni\u0105 i Bu\u0142gari\u0105 wyst\u0119powa\u0107 b\u0119dzie prawdopodobnie linia konwergencji. Ni\u017c znad p\u00f3\u0142nocno wschodniej Europy b\u0119dzie si\u0119 wype\u0142nia\u0142 i ju\u017c w nocy z czwartku na pi\u0105tek ci\u015bnienie w jego centrum wyniesie 1005 hPa. Nad Europ\u0119 zachodni\u0105 si\u0119gnie klin wysokiego ci\u015bnienia. Na zach\u00f3d od Irlandii, nad Atlantykiem, zalega p\u0142ytki ni\u017c. Na zach\u00f3d od Zatoki Biskajskiej zalega kolejny uk\u0142ad niskiego ci\u015bnienia, kt\u00f3ry jest w stadium okludowania. Morze Tyrre\u0144skie, Baleary oraz zachodni rejon Morza \u015ar\u00f3dziemnego w zasi\u0119gu uk\u0142adu obni\u017conego ci\u015bnienia. Morze Adriatyckie, Jo\u0144skie, Egejskie, pozosta\u0142y obszar Morza \u015ar\u00f3dziemnego, P\u0142w. Azji Mniejszej oraz Morze Czarne w zasi\u0119gu wy\u017cu.<\/p>\n<p><strong>Rozw\u00f3j g\u00f3rnego pola ci\u015bnienia<\/strong><\/p>\n<p><strong><img loading=\"lazy\" width=\"499\" height=\"350\" class=\"wp-image-34311 aligncenter\" src=\"http:\/\/cmm.imgw.pl\/wp-content\/uploads\/2023\/07\/word-image-34296-15.png\" srcset=\"https:\/\/cmm.imgw.pl\/wp-content\/uploads\/2023\/07\/word-image-34296-15.png 499w, https:\/\/cmm.imgw.pl\/wp-content\/uploads\/2023\/07\/word-image-34296-15-300x210.png 300w\" sizes=\"(max-width: 499px) 100vw, 499px\" \/><img loading=\"lazy\" width=\"697\" height=\"487\" class=\"wp-image-34312 aligncenter\" src=\"http:\/\/cmm.imgw.pl\/wp-content\/uploads\/2023\/07\/word-image-34296-16.png\" srcset=\"https:\/\/cmm.imgw.pl\/wp-content\/uploads\/2023\/07\/word-image-34296-16.png 697w, https:\/\/cmm.imgw.pl\/wp-content\/uploads\/2023\/07\/word-image-34296-16-300x210.png 300w\" sizes=\"(max-width: 697px) 100vw, 697px\" \/><img loading=\"lazy\" width=\"698\" height=\"484\" class=\"wp-image-34313 aligncenter\" src=\"http:\/\/cmm.imgw.pl\/wp-content\/uploads\/2023\/07\/word-image-34296-17.png\" srcset=\"https:\/\/cmm.imgw.pl\/wp-content\/uploads\/2023\/07\/word-image-34296-17.png 698w, https:\/\/cmm.imgw.pl\/wp-content\/uploads\/2023\/07\/word-image-34296-17-300x208.png 300w\" sizes=\"(max-width: 698px) 100vw, 698px\" \/><img loading=\"lazy\" width=\"696\" height=\"486\" class=\"wp-image-34314 aligncenter\" src=\"http:\/\/cmm.imgw.pl\/wp-content\/uploads\/2023\/07\/word-image-34296-18.png\" srcset=\"https:\/\/cmm.imgw.pl\/wp-content\/uploads\/2023\/07\/word-image-34296-18.png 696w, https:\/\/cmm.imgw.pl\/wp-content\/uploads\/2023\/07\/word-image-34296-18-300x209.png 300w\" sizes=\"(max-width: 696px) 100vw, 696px\" \/><img loading=\"lazy\" width=\"694\" height=\"484\" class=\"wp-image-34315 aligncenter\" src=\"http:\/\/cmm.imgw.pl\/wp-content\/uploads\/2023\/07\/word-image-34296-19.png\" srcset=\"https:\/\/cmm.imgw.pl\/wp-content\/uploads\/2023\/07\/word-image-34296-19.png 694w, https:\/\/cmm.imgw.pl\/wp-content\/uploads\/2023\/07\/word-image-34296-19-300x209.png 300w\" sizes=\"(max-width: 694px) 100vw, 694px\" \/><img loading=\"lazy\" width=\"646\" height=\"453\" class=\"wp-image-34316 aligncenter\" src=\"http:\/\/cmm.imgw.pl\/wp-content\/uploads\/2023\/07\/word-image-34296-20.jpeg\" srcset=\"https:\/\/cmm.imgw.pl\/wp-content\/uploads\/2023\/07\/word-image-34296-20.jpeg 646w, https:\/\/cmm.imgw.pl\/wp-content\/uploads\/2023\/07\/word-image-34296-20-300x210.jpeg 300w\" sizes=\"(max-width: 646px) 100vw, 646px\" \/><\/strong><\/p>\n<p>Ni\u017c znad Morza Norweskiego b\u0119dzie uk\u0142adem wysokim. Na poziomie 850 hPa b\u0119dzie si\u0119 wype\u0142nia\u0142, a na wysoko\u015bci 300 hPa b\u0119dzie si\u0119 pog\u0142\u0119bia\u0142. Na pozosta\u0142ym obszarze g\u0142\u0119boko\u015b\u0107 wiru nie zmieni si\u0119. Ni\u017c znad Europy p\u00f3\u0142nocno wschodniej b\u0119dzie wysokim uk\u0142adem barycznym. Na wsch\u00f3d od Polski zalega\u0107 b\u0119dzie klin. W ci\u0105gu najbli\u017cszej doby dojdzie do antycyklogenezy nad Morze Barentsa i utworzy si\u0119 \u015bredni uk\u0142ad antycyklonalny.<\/p>\n<p><strong>Rozw\u00f3j g\u00f3rnego pola wiatru<\/strong><\/p>\n<p><img loading=\"lazy\" width=\"1113\" height=\"892\" class=\"wp-image-34317 aligncenter\" src=\"http:\/\/cmm.imgw.pl\/wp-content\/uploads\/2023\/07\/obraz-zawierajacy-tekst-diagram-mapa-opis-wygen-4.png\" alt=\"Obraz zawieraj\u0105cy tekst, diagram, mapa\n\nOpis wygenerowany automatycznie\" srcset=\"https:\/\/cmm.imgw.pl\/wp-content\/uploads\/2023\/07\/obraz-zawierajacy-tekst-diagram-mapa-opis-wygen-4.png 1113w, https:\/\/cmm.imgw.pl\/wp-content\/uploads\/2023\/07\/obraz-zawierajacy-tekst-diagram-mapa-opis-wygen-4-300x240.png 300w, https:\/\/cmm.imgw.pl\/wp-content\/uploads\/2023\/07\/obraz-zawierajacy-tekst-diagram-mapa-opis-wygen-4-1024x821.png 1024w, https:\/\/cmm.imgw.pl\/wp-content\/uploads\/2023\/07\/obraz-zawierajacy-tekst-diagram-mapa-opis-wygen-4-768x616.png 768w\" sizes=\"(max-width: 1113px) 100vw, 1113px\" \/><\/p>\n<p>Nad Atlantykiem, Irlandi\u0105 i Wielk\u0105 Brytani\u0105 zalega\u0107 b\u0119dzie pr\u0105d strumieniowy na wysoko\u015bci FL340, z maksymaln\u0105 pr\u0119dko\u015bci\u0105 w osi pr\u0105du 40 m\/s. Nad Atlantykiem, na zach\u00f3d od Zatoki Biskajskiej, wyst\u0119powa\u0107 b\u0119dzie pr\u0105d strumieniowy na wysoko\u015bci FL380, z maksymaln\u0105 pr\u0119dko\u015bci\u0105 w osi pr\u0105du 45 m\/s. Nad Polsk\u0105, Ba\u0142tykiem i \u0141otw\u0105 ukszta\u0142tuje si\u0119 pr\u0105d strumieniowy na wysoko\u015bci FL330, z maksymaln\u0105 pr\u0119dko\u015bci\u0105 w osi pr\u0105du 55 m\/s. Nad zachodni\u0105 Rosj\u0105 zalega\u0107 b\u0119dzie pr\u0105d strumieniowy na wysoko\u015bci FL360, z maksymaln\u0105 pr\u0119dko\u015bci\u0105 w osi pr\u0105du 45m\/s. Nad p\u00f3\u0142nocno zachodni\u0105 Rosj\u0105 wyst\u0119powa\u0107 b\u0119dzie pr\u0105d strumieniowy na wysoko\u015bci FL290, z maksymaln\u0105 pr\u0119dko\u015bci\u0105 w osi pr\u0105du 45 m\/s.<\/p>\n<p><img loading=\"lazy\" width=\"600\" height=\"640\" class=\"wp-image-34318 aligncenter\" src=\"http:\/\/cmm.imgw.pl\/wp-content\/uploads\/2023\/07\/word-image-34296-22.png\" srcset=\"https:\/\/cmm.imgw.pl\/wp-content\/uploads\/2023\/07\/word-image-34296-22.png 600w, https:\/\/cmm.imgw.pl\/wp-content\/uploads\/2023\/07\/word-image-34296-22-281x300.png 281w\" sizes=\"(max-width: 600px) 100vw, 600px\" \/> <img loading=\"lazy\" width=\"600\" height=\"640\" class=\"wp-image-34319 aligncenter\" src=\"http:\/\/cmm.imgw.pl\/wp-content\/uploads\/2023\/07\/word-image-34296-23.png\" srcset=\"https:\/\/cmm.imgw.pl\/wp-content\/uploads\/2023\/07\/word-image-34296-23.png 600w, https:\/\/cmm.imgw.pl\/wp-content\/uploads\/2023\/07\/word-image-34296-23-281x300.png 281w\" sizes=\"(max-width: 600px) 100vw, 600px\" \/> <img loading=\"lazy\" width=\"600\" height=\"640\" class=\"wp-image-34320 aligncenter\" src=\"http:\/\/cmm.imgw.pl\/wp-content\/uploads\/2023\/07\/word-image-34296-24.png\" srcset=\"https:\/\/cmm.imgw.pl\/wp-content\/uploads\/2023\/07\/word-image-34296-24.png 600w, https:\/\/cmm.imgw.pl\/wp-content\/uploads\/2023\/07\/word-image-34296-24-281x300.png 281w\" sizes=\"(max-width: 600px) 100vw, 600px\" \/><\/p>\n<p>W czwartek nad p\u00f3\u0142nocn\u0105 Polsk\u0105 wyst\u0119powa\u0107 b\u0119dzie strefa du\u017cych pr\u0119dko\u015bci wiatru, z maksymaln\u0105 pr\u0119dko\u015bci\u0105 w osi pr\u0105du 42,5 m\/s. Nast\u0119pnie strefa du\u017cych pr\u0119dko\u015bci rozmyje si\u0119. W pi\u0105tek, od zachodu, nasunie si\u0119 kolejna strefa zwi\u0119kszonej pr\u0119dko\u015bci wiatru obejmuj\u0105ca obszar Polski po\u0142udniowo zachodniej i zachodniej.<\/p>\n<p><strong>Rozw\u00f3j warunk\u00f3w termicznych troposfery<\/strong><\/p>\n<p><img loading=\"lazy\" width=\"634\" height=\"490\" class=\"wp-image-34321 aligncenter\" src=\"http:\/\/cmm.imgw.pl\/wp-content\/uploads\/2023\/07\/thck-500-1000hpa-gfs-czw-13-07-2023-12-utc-1.gif\" alt=\"Thck 500-1000hPa GFS czw. 13.07.2023 12 UTC\" \/> <img loading=\"lazy\" width=\"634\" height=\"490\" class=\"wp-image-34322 aligncenter\" src=\"http:\/\/cmm.imgw.pl\/wp-content\/uploads\/2023\/07\/thck-500-1000hpa-gfs-pt-14-07-2023-12-utc.gif\" alt=\"Thck 500-1000hPa GFS pt. 14.07.2023 12 UTC\" \/><\/p>\n<p>Nad Europ\u0105 p\u00f3\u0142nocno wschodni\u0105 nadal zalega\u0107 b\u0119dzie wyodr\u0119bniony obszar ch\u0142odu. Drugi obszar ch\u0142odu obejmowa\u0107 b\u0119dzie obszar nad Islandi\u0105, nad Wyspami Brytyjskimi, Morzem Norweskim i P\u00f3\u0142nocnym, p\u00f3\u0142nocn\u0105 Francj\u0105, Belgi\u0105, Holandi\u0105, p\u00f3\u0142nocnymi Niemcami, Skandynawi\u0105. Pomi\u0119dzy tymi dwoma obszarami (\u0141otwa, Estonia, Finlandia, P\u0142w. Kolski), wyst\u0119powa\u0107 b\u0119dzie klin ciep\u0142a. Nad pozosta\u0142ym obszarem kontynentu zalega ciep\u0142a masa powietrza.<\/p>\n<p><img loading=\"lazy\" width=\"600\" height=\"640\" class=\"wp-image-34323 aligncenter\" src=\"http:\/\/cmm.imgw.pl\/wp-content\/uploads\/2023\/07\/word-image-34296-27.png\" srcset=\"https:\/\/cmm.imgw.pl\/wp-content\/uploads\/2023\/07\/word-image-34296-27.png 600w, https:\/\/cmm.imgw.pl\/wp-content\/uploads\/2023\/07\/word-image-34296-27-281x300.png 281w\" sizes=\"(max-width: 600px) 100vw, 600px\" \/> <img loading=\"lazy\" width=\"600\" height=\"640\" class=\"wp-image-34324 aligncenter\" src=\"http:\/\/cmm.imgw.pl\/wp-content\/uploads\/2023\/07\/word-image-34296-28.png\" srcset=\"https:\/\/cmm.imgw.pl\/wp-content\/uploads\/2023\/07\/word-image-34296-28.png 600w, https:\/\/cmm.imgw.pl\/wp-content\/uploads\/2023\/07\/word-image-34296-28-281x300.png 281w\" sizes=\"(max-width: 600px) 100vw, 600px\" \/> <img loading=\"lazy\" width=\"600\" height=\"640\" class=\"wp-image-34325 aligncenter\" src=\"http:\/\/cmm.imgw.pl\/wp-content\/uploads\/2023\/07\/word-image-34296-29.png\" srcset=\"https:\/\/cmm.imgw.pl\/wp-content\/uploads\/2023\/07\/word-image-34296-29.png 600w, https:\/\/cmm.imgw.pl\/wp-content\/uploads\/2023\/07\/word-image-34296-29-281x300.png 281w\" sizes=\"(max-width: 600px) 100vw, 600px\" \/> <img loading=\"lazy\" width=\"600\" height=\"640\" class=\"wp-image-34326 aligncenter\" src=\"http:\/\/cmm.imgw.pl\/wp-content\/uploads\/2023\/07\/word-image-34296-30.png\" srcset=\"https:\/\/cmm.imgw.pl\/wp-content\/uploads\/2023\/07\/word-image-34296-30.png 600w, https:\/\/cmm.imgw.pl\/wp-content\/uploads\/2023\/07\/word-image-34296-30-281x300.png 281w\" sizes=\"(max-width: 600px) 100vw, 600px\" \/> <img loading=\"lazy\" width=\"600\" height=\"640\" class=\"wp-image-34327 aligncenter\" src=\"http:\/\/cmm.imgw.pl\/wp-content\/uploads\/2023\/07\/word-image-34296-31.png\" srcset=\"https:\/\/cmm.imgw.pl\/wp-content\/uploads\/2023\/07\/word-image-34296-31.png 600w, https:\/\/cmm.imgw.pl\/wp-content\/uploads\/2023\/07\/word-image-34296-31-281x300.png 281w\" sizes=\"(max-width: 600px) 100vw, 600px\" \/> <img loading=\"lazy\" width=\"600\" height=\"640\" class=\"wp-image-34328 aligncenter\" src=\"http:\/\/cmm.imgw.pl\/wp-content\/uploads\/2023\/07\/word-image-34296-32.png\" srcset=\"https:\/\/cmm.imgw.pl\/wp-content\/uploads\/2023\/07\/word-image-34296-32.png 600w, https:\/\/cmm.imgw.pl\/wp-content\/uploads\/2023\/07\/word-image-34296-32-281x300.png 281w\" sizes=\"(max-width: 600px) 100vw, 600px\" \/><\/p>\n<p>Po\u0142udniowo wschodnie rejony kraju na skraju klina ciep\u0142a. Od zachodu Polska dostanie si\u0119 na skraj zatoki ch\u0142odu. W czwartek nap\u0142ywa\u0107 b\u0119dzie powietrze z po\u0142udniowego zachodu. W nocy z czwartku na pi\u0105tek zacznie nap\u0142ywa\u0107 powietrze z zachodu. Nadal wyst\u0119powa\u0107 b\u0119dzie dodatni k\u0105t adwekcji wskazuj\u0105cy na adwekcje ch\u0142odu.<\/p>\n<p><strong>Ewolucja pola wilgotno\u015bci w troposferze<\/strong><\/p>\n<p><img loading=\"lazy\" width=\"600\" height=\"640\" class=\"wp-image-34329 aligncenter\" src=\"http:\/\/cmm.imgw.pl\/wp-content\/uploads\/2023\/07\/word-image-34296-33.png\" srcset=\"https:\/\/cmm.imgw.pl\/wp-content\/uploads\/2023\/07\/word-image-34296-33.png 600w, https:\/\/cmm.imgw.pl\/wp-content\/uploads\/2023\/07\/word-image-34296-33-281x300.png 281w\" sizes=\"(max-width: 600px) 100vw, 600px\" \/> <img loading=\"lazy\" width=\"600\" height=\"640\" class=\"wp-image-34330 aligncenter\" src=\"http:\/\/cmm.imgw.pl\/wp-content\/uploads\/2023\/07\/word-image-34296-34.png\" srcset=\"https:\/\/cmm.imgw.pl\/wp-content\/uploads\/2023\/07\/word-image-34296-34.png 600w, https:\/\/cmm.imgw.pl\/wp-content\/uploads\/2023\/07\/word-image-34296-34-281x300.png 281w\" sizes=\"(max-width: 600px) 100vw, 600px\" \/><\/p>\n<p>Na wysoko\u015bci 850 hPa w ci\u0105gu dnia nadal utrzymywa\u0107 si\u0119 b\u0119dzie du\u017ca wilgotno\u015b\u0107, w szczeg\u00f3lno\u015bci na po\u0142udniu kraju. W nocy wilgotno\u015b\u0107 b\u0119dzie nieco ni\u017csza.<\/p>\n<p><img loading=\"lazy\" width=\"600\" height=\"640\" class=\"wp-image-34331 aligncenter\" src=\"http:\/\/cmm.imgw.pl\/wp-content\/uploads\/2023\/07\/word-image-34296-35.png\" srcset=\"https:\/\/cmm.imgw.pl\/wp-content\/uploads\/2023\/07\/word-image-34296-35.png 600w, https:\/\/cmm.imgw.pl\/wp-content\/uploads\/2023\/07\/word-image-34296-35-281x300.png 281w\" sizes=\"(max-width: 600px) 100vw, 600px\" \/> <img loading=\"lazy\" width=\"600\" height=\"640\" class=\"wp-image-34332 aligncenter\" src=\"http:\/\/cmm.imgw.pl\/wp-content\/uploads\/2023\/07\/word-image-34296-36.png\" srcset=\"https:\/\/cmm.imgw.pl\/wp-content\/uploads\/2023\/07\/word-image-34296-36.png 600w, https:\/\/cmm.imgw.pl\/wp-content\/uploads\/2023\/07\/word-image-34296-36-281x300.png 281w\" sizes=\"(max-width: 600px) 100vw, 600px\" \/><\/p>\n<p>Na wysoko\u015bci 5,5 km, w ci\u0105gu dnia, w pasie od linie p\u00f3\u0142nocny wsch\u00f3d-centrum-po\u0142udniowy zach\u00f3d w kierunku wschodnim wilgotno\u015b\u0107 wysoka. Na pozosta\u0142ym obszarze niska. W nocy do\u015b\u0107 sucho, z wyj\u0105tkiem p\u00f3\u0142nocno wschodniej Polski.<\/p>\n<p><img loading=\"lazy\" width=\"600\" height=\"640\" class=\"wp-image-34333 aligncenter\" src=\"http:\/\/cmm.imgw.pl\/wp-content\/uploads\/2023\/07\/word-image-34296-37.png\" srcset=\"https:\/\/cmm.imgw.pl\/wp-content\/uploads\/2023\/07\/word-image-34296-37.png 600w, https:\/\/cmm.imgw.pl\/wp-content\/uploads\/2023\/07\/word-image-34296-37-281x300.png 281w\" sizes=\"(max-width: 600px) 100vw, 600px\" \/> <img loading=\"lazy\" width=\"600\" height=\"640\" class=\"wp-image-34334 aligncenter\" src=\"http:\/\/cmm.imgw.pl\/wp-content\/uploads\/2023\/07\/word-image-34296-38.png\" srcset=\"https:\/\/cmm.imgw.pl\/wp-content\/uploads\/2023\/07\/word-image-34296-38.png 600w, https:\/\/cmm.imgw.pl\/wp-content\/uploads\/2023\/07\/word-image-34296-38-281x300.png 281w\" sizes=\"(max-width: 600px) 100vw, 600px\" \/><\/p>\n<p>Na wysoko\u015bci 9 km, w ci\u0105gu dnia, jedynie w p\u00f3\u0142nocno zachodniej cz\u0119\u015bci kraju wilgotno\u015b\u0107 niska i lokalnie w po\u0142udniowo wschodnim sektorze Polski. Na pozosta\u0142ym obszarze wilgotno\u015b\u0107 du\u017ca. W nocy jedynie we wschodniej cz\u0119\u015bci kraju i lokalnie na zachodzie wilgotno\u015b\u0107 wysoka. Na pozosta\u0142ym obszarze wilgotno\u015b\u0107 ni\u017csza.<\/p>\n<p><img loading=\"lazy\" width=\"600\" height=\"640\" class=\"wp-image-34335 aligncenter\" src=\"http:\/\/cmm.imgw.pl\/wp-content\/uploads\/2023\/07\/word-image-34296-39.png\" srcset=\"https:\/\/cmm.imgw.pl\/wp-content\/uploads\/2023\/07\/word-image-34296-39.png 600w, https:\/\/cmm.imgw.pl\/wp-content\/uploads\/2023\/07\/word-image-34296-39-281x300.png 281w\" sizes=\"(max-width: 600px) 100vw, 600px\" \/> <img loading=\"lazy\" width=\"600\" height=\"640\" class=\"wp-image-34336 aligncenter\" src=\"http:\/\/cmm.imgw.pl\/wp-content\/uploads\/2023\/07\/word-image-34296-40.png\" srcset=\"https:\/\/cmm.imgw.pl\/wp-content\/uploads\/2023\/07\/word-image-34296-40.png 600w, https:\/\/cmm.imgw.pl\/wp-content\/uploads\/2023\/07\/word-image-34296-40-281x300.png 281w\" sizes=\"(max-width: 600px) 100vw, 600px\" \/> <img loading=\"lazy\" width=\"600\" height=\"640\" class=\"wp-image-34337 aligncenter\" src=\"http:\/\/cmm.imgw.pl\/wp-content\/uploads\/2023\/07\/word-image-34296-41.png\" srcset=\"https:\/\/cmm.imgw.pl\/wp-content\/uploads\/2023\/07\/word-image-34296-41.png 600w, https:\/\/cmm.imgw.pl\/wp-content\/uploads\/2023\/07\/word-image-34296-41-281x300.png 281w\" sizes=\"(max-width: 600px) 100vw, 600px\" \/> <img loading=\"lazy\" width=\"600\" height=\"640\" class=\"wp-image-34338 aligncenter\" src=\"http:\/\/cmm.imgw.pl\/wp-content\/uploads\/2023\/07\/word-image-34296-42.png\" srcset=\"https:\/\/cmm.imgw.pl\/wp-content\/uploads\/2023\/07\/word-image-34296-42.png 600w, https:\/\/cmm.imgw.pl\/wp-content\/uploads\/2023\/07\/word-image-34296-42-281x300.png 281w\" sizes=\"(max-width: 600px) 100vw, 600px\" \/><\/p>\n<p>W ci\u0105gu dnia strefa du\u017cego zapasu wody w pionowym s\u0142upie powietrza o podstawie 1 m<sup>2<\/sup> b\u0119dzie przemieszcza\u0142a si\u0119 z zachodu na wsch\u00f3d na po\u0142udniu i w centrum kraju. W ci\u0105gu dnia wyniesie od 20 mm w p\u00f3\u0142nocno zachodniej Polsce do 52 mm w po\u0142udniowo wschodniej cz\u0119\u015bci kraju. W nocy zapas wody w pionowym s\u0142upie powietrza wyniesie 20-36 mm. Najwy\u017csze warto\u015bci zapasu wody wyst\u0119powa\u0107 b\u0119d\u0105 na wschodzie kraju.<\/p>\n<p><strong>Prognoza zachmurzenia<\/strong><\/p>\n<p><img loading=\"lazy\" width=\"600\" height=\"640\" class=\"wp-image-34339 aligncenter\" src=\"http:\/\/cmm.imgw.pl\/wp-content\/uploads\/2023\/07\/word-image-34296-43.png\" srcset=\"https:\/\/cmm.imgw.pl\/wp-content\/uploads\/2023\/07\/word-image-34296-43.png 600w, https:\/\/cmm.imgw.pl\/wp-content\/uploads\/2023\/07\/word-image-34296-43-281x300.png 281w\" sizes=\"(max-width: 600px) 100vw, 600px\" \/> <img loading=\"lazy\" width=\"600\" height=\"640\" class=\"wp-image-34340 aligncenter\" src=\"http:\/\/cmm.imgw.pl\/wp-content\/uploads\/2023\/07\/word-image-34296-44.png\" srcset=\"https:\/\/cmm.imgw.pl\/wp-content\/uploads\/2023\/07\/word-image-34296-44.png 600w, https:\/\/cmm.imgw.pl\/wp-content\/uploads\/2023\/07\/word-image-34296-44-281x300.png 281w\" sizes=\"(max-width: 600px) 100vw, 600px\" \/> <img loading=\"lazy\" width=\"600\" height=\"640\" class=\"wp-image-34341 aligncenter\" src=\"http:\/\/cmm.imgw.pl\/wp-content\/uploads\/2023\/07\/word-image-34296-45.png\" srcset=\"https:\/\/cmm.imgw.pl\/wp-content\/uploads\/2023\/07\/word-image-34296-45.png 600w, https:\/\/cmm.imgw.pl\/wp-content\/uploads\/2023\/07\/word-image-34296-45-281x300.png 281w\" sizes=\"(max-width: 600px) 100vw, 600px\" \/> <img loading=\"lazy\" width=\"600\" height=\"640\" class=\"wp-image-34342 aligncenter\" src=\"http:\/\/cmm.imgw.pl\/wp-content\/uploads\/2023\/07\/word-image-34296-46.png\" srcset=\"https:\/\/cmm.imgw.pl\/wp-content\/uploads\/2023\/07\/word-image-34296-46.png 600w, https:\/\/cmm.imgw.pl\/wp-content\/uploads\/2023\/07\/word-image-34296-46-281x300.png 281w\" sizes=\"(max-width: 600px) 100vw, 600px\" \/><\/p>\n<p>Pocz\u0105tkowo zachmurzenie og\u00f3lne du\u017ce i ca\u0142kowite. Jedynie na p\u00f3\u0142nocnym zachodzi i lokalnie na wschodzie rozpogodzenia. Z up\u0142ywem czasu strefa rozpogodze\u0144 b\u0119dzie przemieszcza\u0142a si\u0119 na wsch\u00f3d. W nocy jedynie na wschodzie kraju zachmurzenie du\u017ca. Na pozosta\u0142ym obszarze wiele rozpogodze\u0144. Na p\u00f3\u0142nocy i w po\u0142udniowo zachodniej cz\u0119\u015bci kraju mo\u017cliwe zachmurzenie umiarkowane i du\u017ce.<\/p>\n<p><img loading=\"lazy\" width=\"600\" height=\"640\" class=\"wp-image-34343 aligncenter\" src=\"http:\/\/cmm.imgw.pl\/wp-content\/uploads\/2023\/07\/word-image-34296-47.png\" srcset=\"https:\/\/cmm.imgw.pl\/wp-content\/uploads\/2023\/07\/word-image-34296-47.png 600w, https:\/\/cmm.imgw.pl\/wp-content\/uploads\/2023\/07\/word-image-34296-47-281x300.png 281w\" sizes=\"(max-width: 600px) 100vw, 600px\" \/> <img loading=\"lazy\" width=\"600\" height=\"640\" class=\"wp-image-34344 aligncenter\" src=\"http:\/\/cmm.imgw.pl\/wp-content\/uploads\/2023\/07\/word-image-34296-48.png\" srcset=\"https:\/\/cmm.imgw.pl\/wp-content\/uploads\/2023\/07\/word-image-34296-48.png 600w, https:\/\/cmm.imgw.pl\/wp-content\/uploads\/2023\/07\/word-image-34296-48-281x300.png 281w\" sizes=\"(max-width: 600px) 100vw, 600px\" \/> <img loading=\"lazy\" width=\"600\" height=\"640\" class=\"wp-image-34345 aligncenter\" src=\"http:\/\/cmm.imgw.pl\/wp-content\/uploads\/2023\/07\/word-image-34296-49.png\" srcset=\"https:\/\/cmm.imgw.pl\/wp-content\/uploads\/2023\/07\/word-image-34296-49.png 600w, https:\/\/cmm.imgw.pl\/wp-content\/uploads\/2023\/07\/word-image-34296-49-281x300.png 281w\" sizes=\"(max-width: 600px) 100vw, 600px\" \/> <img loading=\"lazy\" width=\"600\" height=\"640\" class=\"wp-image-34346 aligncenter\" src=\"http:\/\/cmm.imgw.pl\/wp-content\/uploads\/2023\/07\/word-image-34296-50.png\" srcset=\"https:\/\/cmm.imgw.pl\/wp-content\/uploads\/2023\/07\/word-image-34296-50.png 600w, https:\/\/cmm.imgw.pl\/wp-content\/uploads\/2023\/07\/word-image-34296-50-281x300.png 281w\" sizes=\"(max-width: 600px) 100vw, 600px\" \/> <img loading=\"lazy\" width=\"600\" height=\"640\" class=\"wp-image-34347 aligncenter\" src=\"http:\/\/cmm.imgw.pl\/wp-content\/uploads\/2023\/07\/word-image-34296-51.png\" srcset=\"https:\/\/cmm.imgw.pl\/wp-content\/uploads\/2023\/07\/word-image-34296-51.png 600w, https:\/\/cmm.imgw.pl\/wp-content\/uploads\/2023\/07\/word-image-34296-51-281x300.png 281w\" sizes=\"(max-width: 600px) 100vw, 600px\" \/> <img loading=\"lazy\" width=\"600\" height=\"640\" class=\"wp-image-34348 aligncenter\" src=\"http:\/\/cmm.imgw.pl\/wp-content\/uploads\/2023\/07\/word-image-34296-52.png\" srcset=\"https:\/\/cmm.imgw.pl\/wp-content\/uploads\/2023\/07\/word-image-34296-52.png 600w, https:\/\/cmm.imgw.pl\/wp-content\/uploads\/2023\/07\/word-image-34296-52-281x300.png 281w\" sizes=\"(max-width: 600px) 100vw, 600px\" \/> <img loading=\"lazy\" width=\"600\" height=\"640\" class=\"wp-image-34349 aligncenter\" src=\"http:\/\/cmm.imgw.pl\/wp-content\/uploads\/2023\/07\/word-image-34296-53.png\" srcset=\"https:\/\/cmm.imgw.pl\/wp-content\/uploads\/2023\/07\/word-image-34296-53.png 600w, https:\/\/cmm.imgw.pl\/wp-content\/uploads\/2023\/07\/word-image-34296-53-281x300.png 281w\" sizes=\"(max-width: 600px) 100vw, 600px\" \/><\/p>\n<p>W ci\u0105gu dnia wyst\u0119powa\u0107 b\u0119d\u0105 chmury Cumulus, Stratocumulus oraz Cumulonimbus calvus\/capillatus incus lokalnie na po\u0142udniu kraju mo\u017cliwe Cb cap inc arc. W strefie opad\u00f3w i chmur Cb mog\u0105 tworzy\u0107 si\u0119 chmury pannus (Stratus fractus cumulonimbogenitus, Cumulus fractus cumulonimbogenitus).<\/p>\n<p><img loading=\"lazy\" width=\"600\" height=\"640\" class=\"wp-image-34350 aligncenter\" src=\"http:\/\/cmm.imgw.pl\/wp-content\/uploads\/2023\/07\/word-image-34296-54.png\" srcset=\"https:\/\/cmm.imgw.pl\/wp-content\/uploads\/2023\/07\/word-image-34296-54.png 600w, https:\/\/cmm.imgw.pl\/wp-content\/uploads\/2023\/07\/word-image-34296-54-281x300.png 281w\" sizes=\"(max-width: 600px) 100vw, 600px\" \/> <img loading=\"lazy\" width=\"600\" height=\"640\" class=\"wp-image-34351 aligncenter\" src=\"http:\/\/cmm.imgw.pl\/wp-content\/uploads\/2023\/07\/word-image-34296-55.png\" srcset=\"https:\/\/cmm.imgw.pl\/wp-content\/uploads\/2023\/07\/word-image-34296-55.png 600w, https:\/\/cmm.imgw.pl\/wp-content\/uploads\/2023\/07\/word-image-34296-55-281x300.png 281w\" sizes=\"(max-width: 600px) 100vw, 600px\" \/> <img loading=\"lazy\" width=\"600\" height=\"640\" class=\"wp-image-34352 aligncenter\" src=\"http:\/\/cmm.imgw.pl\/wp-content\/uploads\/2023\/07\/word-image-34296-56.png\" srcset=\"https:\/\/cmm.imgw.pl\/wp-content\/uploads\/2023\/07\/word-image-34296-56.png 600w, https:\/\/cmm.imgw.pl\/wp-content\/uploads\/2023\/07\/word-image-34296-56-281x300.png 281w\" sizes=\"(max-width: 600px) 100vw, 600px\" \/><\/p>\n<p>W pi\u0119trze chmur \u015brednich wyst\u0119powa\u0107 b\u0119d\u0105 chmury Altocumulus perlucidus\/translucidus\/castellanus\/floccus\/radiatus\/undulatus. W rejonie chmur Cb mog\u0105 tworzy\u0107 si\u0119 chmury Altocumulus cumulonimbogenitus. Mo\u017cliwe tak\u017ce chmury Altostratus.<\/p>\n<p><img loading=\"lazy\" width=\"600\" height=\"640\" class=\"wp-image-34353 aligncenter\" src=\"http:\/\/cmm.imgw.pl\/wp-content\/uploads\/2023\/07\/word-image-34296-57.png\" srcset=\"https:\/\/cmm.imgw.pl\/wp-content\/uploads\/2023\/07\/word-image-34296-57.png 600w, https:\/\/cmm.imgw.pl\/wp-content\/uploads\/2023\/07\/word-image-34296-57-281x300.png 281w\" sizes=\"(max-width: 600px) 100vw, 600px\" \/> <img loading=\"lazy\" width=\"600\" height=\"640\" class=\"wp-image-34354 aligncenter\" src=\"http:\/\/cmm.imgw.pl\/wp-content\/uploads\/2023\/07\/word-image-34296-58.png\" srcset=\"https:\/\/cmm.imgw.pl\/wp-content\/uploads\/2023\/07\/word-image-34296-58.png 600w, https:\/\/cmm.imgw.pl\/wp-content\/uploads\/2023\/07\/word-image-34296-58-281x300.png 281w\" sizes=\"(max-width: 600px) 100vw, 600px\" \/> <img loading=\"lazy\" width=\"600\" height=\"640\" class=\"wp-image-34355 aligncenter\" src=\"http:\/\/cmm.imgw.pl\/wp-content\/uploads\/2023\/07\/word-image-34296-59.png\" srcset=\"https:\/\/cmm.imgw.pl\/wp-content\/uploads\/2023\/07\/word-image-34296-59.png 600w, https:\/\/cmm.imgw.pl\/wp-content\/uploads\/2023\/07\/word-image-34296-59-281x300.png 281w\" sizes=\"(max-width: 600px) 100vw, 600px\" \/><\/p>\n<p>W pi\u0119trze chmur wysokich nale\u017cy spodziewa\u0107 si\u0119 chmur Cirrus fibratus\/spissatus\/uncinus\/radiatus\/vertebratus, Cirrostratus fibratus\/undulatus. Lokalnie mo\u017cliwe Cirrocumulus undulatus\/lenticularis.<\/p>\n<p><strong>Prognoza opad\u00f3w<\/strong><\/p>\n<p><img loading=\"lazy\" width=\"600\" height=\"640\" class=\"wp-image-34356 aligncenter\" src=\"http:\/\/cmm.imgw.pl\/wp-content\/uploads\/2023\/07\/word-image-34296-60.png\" srcset=\"https:\/\/cmm.imgw.pl\/wp-content\/uploads\/2023\/07\/word-image-34296-60.png 600w, https:\/\/cmm.imgw.pl\/wp-content\/uploads\/2023\/07\/word-image-34296-60-281x300.png 281w\" sizes=\"(max-width: 600px) 100vw, 600px\" \/> <img loading=\"lazy\" width=\"600\" height=\"640\" class=\"wp-image-34357 aligncenter\" src=\"http:\/\/cmm.imgw.pl\/wp-content\/uploads\/2023\/07\/word-image-34296-61.png\" srcset=\"https:\/\/cmm.imgw.pl\/wp-content\/uploads\/2023\/07\/word-image-34296-61.png 600w, https:\/\/cmm.imgw.pl\/wp-content\/uploads\/2023\/07\/word-image-34296-61-281x300.png 281w\" sizes=\"(max-width: 600px) 100vw, 600px\" \/> <img loading=\"lazy\" width=\"600\" height=\"640\" class=\"wp-image-34358 aligncenter\" src=\"http:\/\/cmm.imgw.pl\/wp-content\/uploads\/2023\/07\/word-image-34296-62.png\" srcset=\"https:\/\/cmm.imgw.pl\/wp-content\/uploads\/2023\/07\/word-image-34296-62.png 600w, https:\/\/cmm.imgw.pl\/wp-content\/uploads\/2023\/07\/word-image-34296-62-281x300.png 281w\" sizes=\"(max-width: 600px) 100vw, 600px\" \/> <img loading=\"lazy\" width=\"600\" height=\"640\" class=\"wp-image-34359 aligncenter\" src=\"http:\/\/cmm.imgw.pl\/wp-content\/uploads\/2023\/07\/word-image-34296-63.png\" srcset=\"https:\/\/cmm.imgw.pl\/wp-content\/uploads\/2023\/07\/word-image-34296-63.png 600w, https:\/\/cmm.imgw.pl\/wp-content\/uploads\/2023\/07\/word-image-34296-63-281x300.png 281w\" sizes=\"(max-width: 600px) 100vw, 600px\" \/> <img loading=\"lazy\" width=\"600\" height=\"640\" class=\"wp-image-34360 aligncenter\" src=\"http:\/\/cmm.imgw.pl\/wp-content\/uploads\/2023\/07\/word-image-34296-64.png\" srcset=\"https:\/\/cmm.imgw.pl\/wp-content\/uploads\/2023\/07\/word-image-34296-64.png 600w, https:\/\/cmm.imgw.pl\/wp-content\/uploads\/2023\/07\/word-image-34296-64-281x300.png 281w\" sizes=\"(max-width: 600px) 100vw, 600px\" \/> <img loading=\"lazy\" width=\"600\" height=\"640\" class=\"wp-image-34361 aligncenter\" src=\"http:\/\/cmm.imgw.pl\/wp-content\/uploads\/2023\/07\/word-image-34296-65.png\" srcset=\"https:\/\/cmm.imgw.pl\/wp-content\/uploads\/2023\/07\/word-image-34296-65.png 600w, https:\/\/cmm.imgw.pl\/wp-content\/uploads\/2023\/07\/word-image-34296-65-281x300.png 281w\" sizes=\"(max-width: 600px) 100vw, 600px\" \/> <img loading=\"lazy\" width=\"600\" height=\"640\" class=\"wp-image-34362 aligncenter\" src=\"http:\/\/cmm.imgw.pl\/wp-content\/uploads\/2023\/07\/word-image-34296-66.png\" srcset=\"https:\/\/cmm.imgw.pl\/wp-content\/uploads\/2023\/07\/word-image-34296-66.png 600w, https:\/\/cmm.imgw.pl\/wp-content\/uploads\/2023\/07\/word-image-34296-66-281x300.png 281w\" sizes=\"(max-width: 600px) 100vw, 600px\" \/> <img loading=\"lazy\" width=\"600\" height=\"640\" class=\"wp-image-34363 aligncenter\" src=\"http:\/\/cmm.imgw.pl\/wp-content\/uploads\/2023\/07\/word-image-34296-67.png\" srcset=\"https:\/\/cmm.imgw.pl\/wp-content\/uploads\/2023\/07\/word-image-34296-67.png 600w, https:\/\/cmm.imgw.pl\/wp-content\/uploads\/2023\/07\/word-image-34296-67-281x300.png 281w\" sizes=\"(max-width: 600px) 100vw, 600px\" \/><\/p>\n<p>Nale\u017cy spodziewa\u0107 si\u0119 opad\u00f3w przelotnych deszczu i du\u017cej intensywno\u015bci. Lokalnie mo\u017ce wyst\u0105pi\u0107 opad ci\u0105g\u0142y.<\/p>\n<p><strong>Prognoza gradu<\/strong><\/p>\n<p><img loading=\"lazy\" width=\"600\" height=\"640\" class=\"wp-image-34364 aligncenter\" src=\"http:\/\/cmm.imgw.pl\/wp-content\/uploads\/2023\/07\/word-image-34296-68.png\" srcset=\"https:\/\/cmm.imgw.pl\/wp-content\/uploads\/2023\/07\/word-image-34296-68.png 600w, https:\/\/cmm.imgw.pl\/wp-content\/uploads\/2023\/07\/word-image-34296-68-281x300.png 281w\" sizes=\"(max-width: 600px) 100vw, 600px\" \/> <img loading=\"lazy\" width=\"600\" height=\"640\" class=\"wp-image-34365 aligncenter\" src=\"http:\/\/cmm.imgw.pl\/wp-content\/uploads\/2023\/07\/word-image-34296-69.png\" srcset=\"https:\/\/cmm.imgw.pl\/wp-content\/uploads\/2023\/07\/word-image-34296-69.png 600w, https:\/\/cmm.imgw.pl\/wp-content\/uploads\/2023\/07\/word-image-34296-69-281x300.png 281w\" sizes=\"(max-width: 600px) 100vw, 600px\" \/> <img loading=\"lazy\" width=\"600\" height=\"640\" class=\"wp-image-34366 aligncenter\" src=\"http:\/\/cmm.imgw.pl\/wp-content\/uploads\/2023\/07\/word-image-34296-70.png\" srcset=\"https:\/\/cmm.imgw.pl\/wp-content\/uploads\/2023\/07\/word-image-34296-70.png 600w, https:\/\/cmm.imgw.pl\/wp-content\/uploads\/2023\/07\/word-image-34296-70-281x300.png 281w\" sizes=\"(max-width: 600px) 100vw, 600px\" \/> <img loading=\"lazy\" width=\"600\" height=\"640\" class=\"wp-image-34367 aligncenter\" src=\"http:\/\/cmm.imgw.pl\/wp-content\/uploads\/2023\/07\/word-image-34296-71.png\" srcset=\"https:\/\/cmm.imgw.pl\/wp-content\/uploads\/2023\/07\/word-image-34296-71.png 600w, https:\/\/cmm.imgw.pl\/wp-content\/uploads\/2023\/07\/word-image-34296-71-281x300.png 281w\" sizes=\"(max-width: 600px) 100vw, 600px\" \/><\/p>\n<p>Niewykluczony opad gradu.<\/p>\n<p><strong>Prognoza burz<\/strong><\/p>\n<p><img loading=\"lazy\" width=\"600\" height=\"640\" class=\"wp-image-34368 aligncenter\" src=\"http:\/\/cmm.imgw.pl\/wp-content\/uploads\/2023\/07\/word-image-34296-72.png\" srcset=\"https:\/\/cmm.imgw.pl\/wp-content\/uploads\/2023\/07\/word-image-34296-72.png 600w, https:\/\/cmm.imgw.pl\/wp-content\/uploads\/2023\/07\/word-image-34296-72-281x300.png 281w\" sizes=\"(max-width: 600px) 100vw, 600px\" \/> <img loading=\"lazy\" width=\"600\" height=\"640\" class=\"wp-image-34369 aligncenter\" src=\"http:\/\/cmm.imgw.pl\/wp-content\/uploads\/2023\/07\/word-image-34296-73.png\" srcset=\"https:\/\/cmm.imgw.pl\/wp-content\/uploads\/2023\/07\/word-image-34296-73.png 600w, https:\/\/cmm.imgw.pl\/wp-content\/uploads\/2023\/07\/word-image-34296-73-281x300.png 281w\" sizes=\"(max-width: 600px) 100vw, 600px\" \/> <img loading=\"lazy\" width=\"600\" height=\"640\" class=\"wp-image-34370 aligncenter\" src=\"http:\/\/cmm.imgw.pl\/wp-content\/uploads\/2023\/07\/word-image-34296-74.png\" srcset=\"https:\/\/cmm.imgw.pl\/wp-content\/uploads\/2023\/07\/word-image-34296-74.png 600w, https:\/\/cmm.imgw.pl\/wp-content\/uploads\/2023\/07\/word-image-34296-74-281x300.png 281w\" sizes=\"(max-width: 600px) 100vw, 600px\" \/> <img loading=\"lazy\" width=\"600\" height=\"640\" class=\"wp-image-34371 aligncenter\" src=\"http:\/\/cmm.imgw.pl\/wp-content\/uploads\/2023\/07\/word-image-34296-75.png\" srcset=\"https:\/\/cmm.imgw.pl\/wp-content\/uploads\/2023\/07\/word-image-34296-75.png 600w, https:\/\/cmm.imgw.pl\/wp-content\/uploads\/2023\/07\/word-image-34296-75-281x300.png 281w\" sizes=\"(max-width: 600px) 100vw, 600px\" \/><\/p>\n<p>MUCAPE osi\u0105ga\u0107 b\u0119dzie warto\u015b\u0107 800-2000 J\/kg.<\/p>\n<p><img loading=\"lazy\" width=\"600\" height=\"640\" class=\"wp-image-34372 aligncenter\" src=\"http:\/\/cmm.imgw.pl\/wp-content\/uploads\/2023\/07\/word-image-34296-76.png\" srcset=\"https:\/\/cmm.imgw.pl\/wp-content\/uploads\/2023\/07\/word-image-34296-76.png 600w, https:\/\/cmm.imgw.pl\/wp-content\/uploads\/2023\/07\/word-image-34296-76-281x300.png 281w\" sizes=\"(max-width: 600px) 100vw, 600px\" \/> <img loading=\"lazy\" width=\"600\" height=\"640\" class=\"wp-image-34373 aligncenter\" src=\"http:\/\/cmm.imgw.pl\/wp-content\/uploads\/2023\/07\/word-image-34296-77.png\" srcset=\"https:\/\/cmm.imgw.pl\/wp-content\/uploads\/2023\/07\/word-image-34296-77.png 600w, https:\/\/cmm.imgw.pl\/wp-content\/uploads\/2023\/07\/word-image-34296-77-281x300.png 281w\" sizes=\"(max-width: 600px) 100vw, 600px\" \/><\/p>\n<p>\u015aci\u0119cie wiatru w warstwie do 6 km osi\u0105ga\u0107 b\u0119dzie warto\u015b\u0107 15 m\/s.<\/p>\n<p>Wierzcho\u0142ki chmur Cumulonimbus osi\u0105ga\u0107 b\u0119d\u0105 wysoko\u015b\u0107 10-12 km. Temperatura wierzcho\u0142k\u00f3w spadnie do <br \/>-40\u00b0C.<\/p>\n<p><img loading=\"lazy\" width=\"479\" height=\"479\" class=\"wp-image-34374 aligncenter\" src=\"http:\/\/cmm.imgw.pl\/wp-content\/uploads\/2023\/07\/obraz-zawierajacy-tekst-mapa-zrzut-ekranu-opis-9.png\" alt=\"Obraz zawieraj\u0105cy tekst, mapa, zrzut ekranu\n\nOpis wygenerowany automatycznie\" srcset=\"https:\/\/cmm.imgw.pl\/wp-content\/uploads\/2023\/07\/obraz-zawierajacy-tekst-mapa-zrzut-ekranu-opis-9.png 479w, https:\/\/cmm.imgw.pl\/wp-content\/uploads\/2023\/07\/obraz-zawierajacy-tekst-mapa-zrzut-ekranu-opis-9-300x300.png 300w, https:\/\/cmm.imgw.pl\/wp-content\/uploads\/2023\/07\/obraz-zawierajacy-tekst-mapa-zrzut-ekranu-opis-9-150x150.png 150w\" sizes=\"(max-width: 479px) 100vw, 479px\" \/> <img loading=\"lazy\" width=\"469\" height=\"469\" class=\"wp-image-34375 aligncenter\" src=\"http:\/\/cmm.imgw.pl\/wp-content\/uploads\/2023\/07\/obraz-zawierajacy-tekst-mapa-zrzut-ekranu-opis-10.png\" alt=\"Obraz zawieraj\u0105cy tekst, mapa, zrzut ekranu\n\nOpis wygenerowany automatycznie\" srcset=\"https:\/\/cmm.imgw.pl\/wp-content\/uploads\/2023\/07\/obraz-zawierajacy-tekst-mapa-zrzut-ekranu-opis-10.png 469w, https:\/\/cmm.imgw.pl\/wp-content\/uploads\/2023\/07\/obraz-zawierajacy-tekst-mapa-zrzut-ekranu-opis-10-300x300.png 300w, https:\/\/cmm.imgw.pl\/wp-content\/uploads\/2023\/07\/obraz-zawierajacy-tekst-mapa-zrzut-ekranu-opis-10-150x150.png 150w\" sizes=\"(max-width: 469px) 100vw, 469px\" \/> <img loading=\"lazy\" width=\"507\" height=\"507\" class=\"wp-image-34376 aligncenter\" src=\"http:\/\/cmm.imgw.pl\/wp-content\/uploads\/2023\/07\/obraz-zawierajacy-tekst-mapa-zrzut-ekranu-opis-11.png\" alt=\"Obraz zawieraj\u0105cy tekst, mapa, zrzut ekranu\n\nOpis wygenerowany automatycznie\" srcset=\"https:\/\/cmm.imgw.pl\/wp-content\/uploads\/2023\/07\/obraz-zawierajacy-tekst-mapa-zrzut-ekranu-opis-11.png 507w, https:\/\/cmm.imgw.pl\/wp-content\/uploads\/2023\/07\/obraz-zawierajacy-tekst-mapa-zrzut-ekranu-opis-11-300x300.png 300w, https:\/\/cmm.imgw.pl\/wp-content\/uploads\/2023\/07\/obraz-zawierajacy-tekst-mapa-zrzut-ekranu-opis-11-150x150.png 150w\" sizes=\"(max-width: 507px) 100vw, 507px\" \/> <img loading=\"lazy\" width=\"478\" height=\"478\" class=\"wp-image-34377 aligncenter\" src=\"http:\/\/cmm.imgw.pl\/wp-content\/uploads\/2023\/07\/obraz-zawierajacy-tekst-mapa-zrzut-ekranu-opis-12.png\" alt=\"Obraz zawieraj\u0105cy tekst, mapa, zrzut ekranu\n\nOpis wygenerowany automatycznie\" srcset=\"https:\/\/cmm.imgw.pl\/wp-content\/uploads\/2023\/07\/obraz-zawierajacy-tekst-mapa-zrzut-ekranu-opis-12.png 478w, https:\/\/cmm.imgw.pl\/wp-content\/uploads\/2023\/07\/obraz-zawierajacy-tekst-mapa-zrzut-ekranu-opis-12-300x300.png 300w, https:\/\/cmm.imgw.pl\/wp-content\/uploads\/2023\/07\/obraz-zawierajacy-tekst-mapa-zrzut-ekranu-opis-12-150x150.png 150w\" sizes=\"(max-width: 478px) 100vw, 478px\" \/> <img loading=\"lazy\" width=\"486\" height=\"486\" class=\"wp-image-34378 aligncenter\" src=\"http:\/\/cmm.imgw.pl\/wp-content\/uploads\/2023\/07\/obraz-zawierajacy-tekst-zrzut-ekranu-mapa-opis-2.png\" alt=\"Obraz zawieraj\u0105cy tekst, zrzut ekranu, mapa\n\nOpis wygenerowany automatycznie\" srcset=\"https:\/\/cmm.imgw.pl\/wp-content\/uploads\/2023\/07\/obraz-zawierajacy-tekst-zrzut-ekranu-mapa-opis-2.png 486w, https:\/\/cmm.imgw.pl\/wp-content\/uploads\/2023\/07\/obraz-zawierajacy-tekst-zrzut-ekranu-mapa-opis-2-300x300.png 300w, https:\/\/cmm.imgw.pl\/wp-content\/uploads\/2023\/07\/obraz-zawierajacy-tekst-zrzut-ekranu-mapa-opis-2-150x150.png 150w\" sizes=\"(max-width: 486px) 100vw, 486px\" \/> <img loading=\"lazy\" width=\"497\" height=\"497\" class=\"wp-image-34379 aligncenter\" src=\"http:\/\/cmm.imgw.pl\/wp-content\/uploads\/2023\/07\/obraz-zawierajacy-tekst-mapa-zrzut-ekranu-atlas-6.png\" alt=\"Obraz zawieraj\u0105cy tekst, mapa, zrzut ekranu, atlas\n\nOpis wygenerowany automatycznie\" srcset=\"https:\/\/cmm.imgw.pl\/wp-content\/uploads\/2023\/07\/obraz-zawierajacy-tekst-mapa-zrzut-ekranu-atlas-6.png 497w, https:\/\/cmm.imgw.pl\/wp-content\/uploads\/2023\/07\/obraz-zawierajacy-tekst-mapa-zrzut-ekranu-atlas-6-300x300.png 300w, https:\/\/cmm.imgw.pl\/wp-content\/uploads\/2023\/07\/obraz-zawierajacy-tekst-mapa-zrzut-ekranu-atlas-6-150x150.png 150w\" sizes=\"(max-width: 497px) 100vw, 497px\" \/><\/p>\n<p><img loading=\"lazy\" width=\"720\" height=\"720\" class=\"wp-image-34380 aligncenter\" src=\"http:\/\/cmm.imgw.pl\/wp-content\/uploads\/2023\/07\/obraz-zawierajacy-tekst-mapa-zrzut-ekranu-diagr-2.png\" alt=\"Obraz zawieraj\u0105cy tekst, mapa, zrzut ekranu, diagram\n\nOpis wygenerowany automatycznie\" srcset=\"https:\/\/cmm.imgw.pl\/wp-content\/uploads\/2023\/07\/obraz-zawierajacy-tekst-mapa-zrzut-ekranu-diagr-2.png 720w, https:\/\/cmm.imgw.pl\/wp-content\/uploads\/2023\/07\/obraz-zawierajacy-tekst-mapa-zrzut-ekranu-diagr-2-300x300.png 300w, https:\/\/cmm.imgw.pl\/wp-content\/uploads\/2023\/07\/obraz-zawierajacy-tekst-mapa-zrzut-ekranu-diagr-2-150x150.png 150w, https:\/\/cmm.imgw.pl\/wp-content\/uploads\/2023\/07\/obraz-zawierajacy-tekst-mapa-zrzut-ekranu-diagr-2-600x600.png 600w\" sizes=\"(max-width: 720px) 100vw, 720px\" \/> <img loading=\"lazy\" width=\"602\" height=\"602\" class=\"wp-image-34381 aligncenter\" src=\"http:\/\/cmm.imgw.pl\/wp-content\/uploads\/2023\/07\/obraz-zawierajacy-tekst-zrzut-ekranu-mapa-opis-3.png\" alt=\"Obraz zawieraj\u0105cy tekst, zrzut ekranu, mapa\n\nOpis wygenerowany automatycznie\" srcset=\"https:\/\/cmm.imgw.pl\/wp-content\/uploads\/2023\/07\/obraz-zawierajacy-tekst-zrzut-ekranu-mapa-opis-3.png 602w, https:\/\/cmm.imgw.pl\/wp-content\/uploads\/2023\/07\/obraz-zawierajacy-tekst-zrzut-ekranu-mapa-opis-3-300x300.png 300w, https:\/\/cmm.imgw.pl\/wp-content\/uploads\/2023\/07\/obraz-zawierajacy-tekst-zrzut-ekranu-mapa-opis-3-150x150.png 150w, https:\/\/cmm.imgw.pl\/wp-content\/uploads\/2023\/07\/obraz-zawierajacy-tekst-zrzut-ekranu-mapa-opis-3-600x600.png 600w\" sizes=\"(max-width: 602px) 100vw, 602px\" \/> <img loading=\"lazy\" width=\"600\" height=\"640\" class=\"wp-image-34382 aligncenter\" src=\"http:\/\/cmm.imgw.pl\/wp-content\/uploads\/2023\/07\/word-image-34296-86.png\" srcset=\"https:\/\/cmm.imgw.pl\/wp-content\/uploads\/2023\/07\/word-image-34296-86.png 600w, https:\/\/cmm.imgw.pl\/wp-content\/uploads\/2023\/07\/word-image-34296-86-281x300.png 281w\" sizes=\"(max-width: 600px) 100vw, 600px\" \/><\/p>\n<p>W nocy z czwartku na pi\u0105tek na p\u00f3\u0142nocy kraju MUCAPE wyniesie do 800 J\/kg.<\/p>\n<p><img loading=\"lazy\" class=\"wp-image-34499  aligncenter\" src=\"http:\/\/cmm.imgw.pl\/wp-content\/uploads\/2023\/07\/MicrosoftTeams-image-189-300x275.png\" alt=\"\" width=\"344\" height=\"316\" srcset=\"https:\/\/cmm.imgw.pl\/wp-content\/uploads\/2023\/07\/MicrosoftTeams-image-189-300x275.png 300w, https:\/\/cmm.imgw.pl\/wp-content\/uploads\/2023\/07\/MicrosoftTeams-image-189.png 450w\" sizes=\"(max-width: 344px) 100vw, 344px\" \/><\/p>\n<p>W ci\u0105gu dnia na po\u0142udniu i dzielnicach centralnych kraju burze, na po\u0142udniowym wschodzie Polski zwi\u0119kszona ilo\u015b\u0107 wy\u0142adowa\u0144 w jednostce czasu. R\u00f3wnie\u017c na kra\u0144cach p\u00f3\u0142nocno zachodnich kraju, mo\u017cliwe s\u0142abe burze. Na za\u0142\u0105czonych rycinach przedstawiono obszar mo\u017cliwych zdarze\u0144 burzowych.<\/p>\n<p><strong>Prognoza poryw\u00f3w wiatru<\/strong><\/p>\n<p><img loading=\"lazy\" width=\"515\" height=\"515\" class=\"wp-image-34384 aligncenter\" src=\"http:\/\/cmm.imgw.pl\/wp-content\/uploads\/2023\/07\/word-image-34296-88.jpeg\" srcset=\"https:\/\/cmm.imgw.pl\/wp-content\/uploads\/2023\/07\/word-image-34296-88.jpeg 515w, https:\/\/cmm.imgw.pl\/wp-content\/uploads\/2023\/07\/word-image-34296-88-300x300.jpeg 300w, https:\/\/cmm.imgw.pl\/wp-content\/uploads\/2023\/07\/word-image-34296-88-150x150.jpeg 150w\" sizes=\"(max-width: 515px) 100vw, 515px\" \/> <img loading=\"lazy\" width=\"514\" height=\"514\" class=\"wp-image-34385 aligncenter\" src=\"http:\/\/cmm.imgw.pl\/wp-content\/uploads\/2023\/07\/word-image-34296-89.jpeg\" srcset=\"https:\/\/cmm.imgw.pl\/wp-content\/uploads\/2023\/07\/word-image-34296-89.jpeg 514w, https:\/\/cmm.imgw.pl\/wp-content\/uploads\/2023\/07\/word-image-34296-89-300x300.jpeg 300w, https:\/\/cmm.imgw.pl\/wp-content\/uploads\/2023\/07\/word-image-34296-89-150x150.jpeg 150w\" sizes=\"(max-width: 514px) 100vw, 514px\" \/> <img loading=\"lazy\" width=\"525\" height=\"525\" class=\"wp-image-34386 aligncenter\" src=\"http:\/\/cmm.imgw.pl\/wp-content\/uploads\/2023\/07\/word-image-34296-90.jpeg\" srcset=\"https:\/\/cmm.imgw.pl\/wp-content\/uploads\/2023\/07\/word-image-34296-90.jpeg 525w, https:\/\/cmm.imgw.pl\/wp-content\/uploads\/2023\/07\/word-image-34296-90-300x300.jpeg 300w, https:\/\/cmm.imgw.pl\/wp-content\/uploads\/2023\/07\/word-image-34296-90-150x150.jpeg 150w\" sizes=\"(max-width: 525px) 100vw, 525px\" \/> <img loading=\"lazy\" width=\"548\" height=\"548\" class=\"wp-image-34387 aligncenter\" src=\"http:\/\/cmm.imgw.pl\/wp-content\/uploads\/2023\/07\/word-image-34296-91.jpeg\" srcset=\"https:\/\/cmm.imgw.pl\/wp-content\/uploads\/2023\/07\/word-image-34296-91.jpeg 548w, https:\/\/cmm.imgw.pl\/wp-content\/uploads\/2023\/07\/word-image-34296-91-300x300.jpeg 300w, https:\/\/cmm.imgw.pl\/wp-content\/uploads\/2023\/07\/word-image-34296-91-150x150.jpeg 150w\" sizes=\"(max-width: 548px) 100vw, 548px\" \/> <img loading=\"lazy\" width=\"560\" height=\"560\" class=\"wp-image-34388 aligncenter\" src=\"http:\/\/cmm.imgw.pl\/wp-content\/uploads\/2023\/07\/word-image-34296-92.jpeg\" srcset=\"https:\/\/cmm.imgw.pl\/wp-content\/uploads\/2023\/07\/word-image-34296-92.jpeg 560w, https:\/\/cmm.imgw.pl\/wp-content\/uploads\/2023\/07\/word-image-34296-92-300x300.jpeg 300w, https:\/\/cmm.imgw.pl\/wp-content\/uploads\/2023\/07\/word-image-34296-92-150x150.jpeg 150w\" sizes=\"(max-width: 560px) 100vw, 560px\" \/><\/p>\n<p>W ci\u0105gu dnia wyst\u0119powa\u0107 b\u0119d\u0105 porywy wiatru do 40 km\/h. W obr\u0119bie chmur Cumulonimbus, opadaj\u0105ce pr\u0105dy zst\u0119puj\u0105ce mog\u0105 skutkowa\u0107 wzrostem pr\u0119dko\u015bci wiatru do 70 km\/h. W nocy wiatr os\u0142abnie. Jedynie w po\u0142udniowo wschodniej Polsce wyst\u0119powa\u0107 b\u0119d\u0105 porywy wiatru do 25-30 km\/h.<\/p>\n<p><strong>Prognoza widzialno\u015bci<\/strong><\/p>\n<p>W strefie intensywnych opad\u00f3w ograniczenie widzialno\u015bci do 1,5-3 km.<\/p>\n<p><img loading=\"lazy\" width=\"600\" height=\"640\" class=\"wp-image-34389 aligncenter\" src=\"http:\/\/cmm.imgw.pl\/wp-content\/uploads\/2023\/07\/word-image-34296-93.png\" srcset=\"https:\/\/cmm.imgw.pl\/wp-content\/uploads\/2023\/07\/word-image-34296-93.png 600w, https:\/\/cmm.imgw.pl\/wp-content\/uploads\/2023\/07\/word-image-34296-93-281x300.png 281w\" sizes=\"(max-width: 600px) 100vw, 600px\" \/> <img loading=\"lazy\" width=\"600\" height=\"640\" class=\"wp-image-34390 aligncenter\" src=\"http:\/\/cmm.imgw.pl\/wp-content\/uploads\/2023\/07\/word-image-34296-94.png\" srcset=\"https:\/\/cmm.imgw.pl\/wp-content\/uploads\/2023\/07\/word-image-34296-94.png 600w, https:\/\/cmm.imgw.pl\/wp-content\/uploads\/2023\/07\/word-image-34296-94-281x300.png 281w\" sizes=\"(max-width: 600px) 100vw, 600px\" \/> <img loading=\"lazy\" width=\"600\" height=\"640\" class=\"wp-image-34391 aligncenter\" src=\"http:\/\/cmm.imgw.pl\/wp-content\/uploads\/2023\/07\/word-image-34296-95.png\" srcset=\"https:\/\/cmm.imgw.pl\/wp-content\/uploads\/2023\/07\/word-image-34296-95.png 600w, https:\/\/cmm.imgw.pl\/wp-content\/uploads\/2023\/07\/word-image-34296-95-281x300.png 281w\" sizes=\"(max-width: 600px) 100vw, 600px\" \/><\/p>\n<p><img loading=\"lazy\" width=\"660\" height=\"660\" class=\"wp-image-34392 aligncenter\" src=\"http:\/\/cmm.imgw.pl\/wp-content\/uploads\/2023\/07\/obraz-zawierajacy-tekst-mapa-atlas-diagram-opi-5.png\" alt=\"Obraz zawieraj\u0105cy tekst, mapa, atlas, diagram\n\nOpis wygenerowany automatycznie\" srcset=\"https:\/\/cmm.imgw.pl\/wp-content\/uploads\/2023\/07\/obraz-zawierajacy-tekst-mapa-atlas-diagram-opi-5.png 660w, https:\/\/cmm.imgw.pl\/wp-content\/uploads\/2023\/07\/obraz-zawierajacy-tekst-mapa-atlas-diagram-opi-5-300x300.png 300w, https:\/\/cmm.imgw.pl\/wp-content\/uploads\/2023\/07\/obraz-zawierajacy-tekst-mapa-atlas-diagram-opi-5-150x150.png 150w, https:\/\/cmm.imgw.pl\/wp-content\/uploads\/2023\/07\/obraz-zawierajacy-tekst-mapa-atlas-diagram-opi-5-600x600.png 600w\" sizes=\"(max-width: 660px) 100vw, 660px\" \/> <img loading=\"lazy\" width=\"600\" height=\"640\" class=\"wp-image-34393 aligncenter\" src=\"http:\/\/cmm.imgw.pl\/wp-content\/uploads\/2023\/07\/word-image-34296-97.png\" srcset=\"https:\/\/cmm.imgw.pl\/wp-content\/uploads\/2023\/07\/word-image-34296-97.png 600w, https:\/\/cmm.imgw.pl\/wp-content\/uploads\/2023\/07\/word-image-34296-97-281x300.png 281w\" sizes=\"(max-width: 600px) 100vw, 600px\" \/> <img loading=\"lazy\" width=\"600\" height=\"640\" class=\"wp-image-34394 aligncenter\" src=\"http:\/\/cmm.imgw.pl\/wp-content\/uploads\/2023\/07\/word-image-34296-98.png\" srcset=\"https:\/\/cmm.imgw.pl\/wp-content\/uploads\/2023\/07\/word-image-34296-98.png 600w, https:\/\/cmm.imgw.pl\/wp-content\/uploads\/2023\/07\/word-image-34296-98-281x300.png 281w\" sizes=\"(max-width: 600px) 100vw, 600px\" \/><\/p>\n<p>W nocy w wielu regionach kraju deficyt punktu rosy obni\u017cy si\u0119 lokalnie do 0,1\u00b0C. Wyst\u0119powa\u0107 b\u0119d\u0105 zamglenia ograniczaj\u0105ce widzialno\u015b\u0107 do 3-5 km. Lokalnie mog\u0105 powsta\u0107 mg\u0142y ograniczaj\u0105ce widzialno\u015b\u0107 do 0,5 km.<\/p>","protected":false},"excerpt":{"rendered":"<p>Komentarz do numerycznych prognoz pogody opracowany w Centrum Modelowania Meteorologicznego IMGW-PIB.<\/p>\n","protected":false},"author":3,"featured_media":0,"comment_status":"closed","ping_status":"open","sticky":false,"template":"","format":"standard","meta":{"ocean_post_layout":"","ocean_both_sidebars_style":"","ocean_both_sidebars_content_width":0,"ocean_both_sidebars_sidebars_width":0,"ocean_sidebar":"0","ocean_second_sidebar":"0","ocean_disable_margins":"enable","ocean_add_body_class":"","ocean_shortcode_before_top_bar":"","ocean_shortcode_after_top_bar":"","ocean_shortcode_before_header":"","ocean_shortcode_after_header":"","ocean_has_shortcode":"","ocean_shortcode_after_title":"","ocean_shortcode_before_footer_widgets":"","ocean_shortcode_after_footer_widgets":"","ocean_shortcode_before_footer_bottom":"","ocean_shortcode_after_footer_bottom":"","ocean_display_top_bar":"default","ocean_display_header":"default","ocean_header_style":"","ocean_center_header_left_menu":"0","ocean_custom_header_template":"0","ocean_custom_logo":0,"ocean_custom_retina_logo":0,"ocean_custom_logo_max_width":0,"ocean_custom_logo_tablet_max_width":0,"ocean_custom_logo_mobile_max_width":0,"ocean_custom_logo_max_height":0,"ocean_custom_logo_tablet_max_height":0,"ocean_custom_logo_mobile_max_height":0,"ocean_header_custom_menu":"0","ocean_menu_typo_font_family":"0","ocean_menu_typo_font_subset":"","ocean_menu_typo_font_size":0,"ocean_menu_typo_font_size_tablet":0,"ocean_menu_typo_font_size_mobile":0,"ocean_menu_typo_font_size_unit":"px","ocean_menu_typo_font_weight":"","ocean_menu_typo_font_weight_tablet":"","ocean_menu_typo_font_weight_mobile":"","ocean_menu_typo_transform":"","ocean_menu_typo_transform_tablet":"","ocean_menu_typo_transform_mobile":"","ocean_menu_typo_line_height":0,"ocean_menu_typo_line_height_tablet":0,"ocean_menu_typo_line_height_mobile":0,"ocean_menu_typo_line_height_unit":"","ocean_menu_typo_spacing":0,"ocean_menu_typo_spacing_tablet":0,"ocean_menu_typo_spacing_mobile":0,"ocean_menu_typo_spacing_unit":"","ocean_menu_link_color":"","ocean_menu_link_color_hover":"","ocean_menu_link_color_active":"","ocean_menu_link_background":"","ocean_menu_link_hover_background":"","ocean_menu_link_active_background":"","ocean_menu_social_links_bg":"","ocean_menu_social_hover_links_bg":"","ocean_menu_social_links_color":"","ocean_menu_social_hover_links_color":"","ocean_disable_title":"default","ocean_disable_heading":"default","ocean_post_title":"","ocean_post_subheading":"","ocean_post_title_style":"","ocean_post_title_background_color":"","ocean_post_title_background":0,"ocean_post_title_bg_image_position":"","ocean_post_title_bg_image_attachment":"","ocean_post_title_bg_image_repeat":"","ocean_post_title_bg_image_size":"","ocean_post_title_height":0,"ocean_post_title_bg_overlay":0.5,"ocean_post_title_bg_overlay_color":"","ocean_disable_breadcrumbs":"default","ocean_breadcrumbs_color":"","ocean_breadcrumbs_separator_color":"","ocean_breadcrumbs_links_color":"","ocean_breadcrumbs_links_hover_color":"","ocean_display_footer_widgets":"default","ocean_display_footer_bottom":"default","ocean_custom_footer_template":"0","ocean_post_oembed":"","ocean_post_self_hosted_media":"","ocean_post_video_embed":"","ocean_link_format":"","ocean_link_format_target":"self","ocean_quote_format":"","ocean_quote_format_link":"post","ocean_gallery_link_images":"on","ocean_gallery_id":[]},"categories":[93],"tags":[138,139,68,95,143,141,85,73,97,98,142,76,94,99,71,67,96,140,79],"yoast_head":"<!-- This site is optimized with the Yoast SEO plugin v19.5.1 - https:\/\/yoast.com\/wordpress\/plugins\/seo\/ -->\n<title>Komentarz do numerycznych prognoz pogody (13\/14.07.2023) - Laboratorium Modelowania Meteorologicznego CMOK IMGW-PIB<\/title>\n<meta name=\"description\" content=\"Komentarz do numerycznych prognoz pogody opracowany w Centrum Modelowania Meteorologicznego IMGW-PIB.\" \/>\n<meta name=\"robots\" content=\"index, follow, max-snippet:-1, max-image-preview:large, max-video-preview:-1\" \/>\n<link rel=\"canonical\" href=\"https:\/\/cmm.imgw.pl\/?p=34296\" \/>\n<meta property=\"og:locale\" content=\"pl_PL\" \/>\n<meta property=\"og:type\" content=\"article\" \/>\n<meta property=\"og:title\" content=\"Komentarz do numerycznych prognoz pogody (13\/14.07.2023)\" \/>\n<meta property=\"og:description\" content=\"Komentarz do numerycznych prognoz pogody opracowany w Centrum Modelowania Meteorologicznego IMGW-PIB\" \/>\n<meta property=\"og:url\" content=\"https:\/\/cmm.imgw.pl\/?p=34296\" \/>\n<meta property=\"og:site_name\" content=\"Laboratorium Modelowania Meteorologicznego CMOK IMGW-PIB\" \/>\n<meta property=\"article:publisher\" content=\"https:\/\/www.facebook.com\/Meteoimgw\/\" \/>\n<meta property=\"article:published_time\" content=\"2023-07-13T03:47:38+00:00\" \/>\n<meta property=\"article:modified_time\" content=\"2023-07-13T13:08:23+00:00\" \/>\n<meta property=\"og:image\" content=\"http:\/\/cmm.imgw.pl\/wp-content\/uploads\/2023\/02\/komentarz4.png\" \/>\n\t<meta property=\"og:image:width\" content=\"1280\" \/>\n\t<meta property=\"og:image:height\" content=\"720\" \/>\n\t<meta property=\"og:image:type\" content=\"image\/png\" \/>\n<meta name=\"author\" content=\"CMM\" \/>\n<meta name=\"twitter:card\" content=\"summary_large_image\" \/>\n<meta name=\"twitter:title\" content=\"Komentarz do numerycznych prognoz pogody (13\/14.07.2023)\" \/>\n<meta name=\"twitter:description\" content=\"Komentarz do numerycznych prognoz pogody opracowany w Centrum Modelowania Meteorologicznego IMGW-PIB\" \/>\n<meta name=\"twitter:image\" content=\"https:\/\/cmm.imgw.pl\/wp-content\/uploads\/2023\/02\/komentarz4.png\" \/>\n<meta name=\"twitter:creator\" content=\"@IMGW_CMM\" \/>\n<meta name=\"twitter:site\" content=\"@IMGW_CMM\" \/>\n<meta name=\"twitter:label1\" content=\"Napisane przez\" \/>\n\t<meta name=\"twitter:data1\" content=\"CMM\" \/>\n\t<meta name=\"twitter:label2\" content=\"Szacowany czas czytania\" \/>\n\t<meta name=\"twitter:data2\" content=\"26 minut\" \/>\n<script type=\"application\/ld+json\" class=\"yoast-schema-graph\">{\"@context\":\"https:\/\/schema.org\",\"@graph\":[{\"@type\":\"Article\",\"@id\":\"https:\/\/cmm.imgw.pl\/?p=34296#article\",\"isPartOf\":{\"@id\":\"https:\/\/cmm.imgw.pl\/?p=34296\"},\"author\":{\"name\":\"CMM\",\"@id\":\"https:\/\/cmm.imgw.pl\/#\/schema\/person\/a24a37fe434fe76b0f5791e6bd3fdb46\"},\"headline\":\"Komentarz do numerycznych prognoz pogody (13\/14.07.2023)\",\"datePublished\":\"2023-07-13T03:47:38+00:00\",\"dateModified\":\"2023-07-13T13:08:23+00:00\",\"mainEntityOfPage\":{\"@id\":\"https:\/\/cmm.imgw.pl\/?p=34296\"},\"wordCount\":2082,\"publisher\":{\"@id\":\"https:\/\/cmm.imgw.pl\/#organization\"},\"keywords\":[\"alaro\",\"arome\",\"cmm\",\"Cosmo\",\"DWD\",\"Grzegorz Duniec\",\"imgw\",\"klimat\",\"komentarz\",\"komentarz pogodowy\",\"MERGE\",\"meteorologia\",\"NMP\",\"NPP\",\"pogoda\",\"prognoza\",\"prognoza pogody\",\"wrf\",\"zima\"],\"articleSection\":[\"Komentarz\"],\"inLanguage\":\"pl-PL\"},{\"@type\":\"WebPage\",\"@id\":\"https:\/\/cmm.imgw.pl\/?p=34296\",\"url\":\"https:\/\/cmm.imgw.pl\/?p=34296\",\"name\":\"Komentarz do numerycznych prognoz pogody (13\/14.07.2023) - Laboratorium Modelowania Meteorologicznego CMOK IMGW-PIB\",\"isPartOf\":{\"@id\":\"https:\/\/cmm.imgw.pl\/#website\"},\"datePublished\":\"2023-07-13T03:47:38+00:00\",\"dateModified\":\"2023-07-13T13:08:23+00:00\",\"description\":\"Komentarz do numerycznych prognoz pogody opracowany w Centrum Modelowania Meteorologicznego IMGW-PIB.\",\"breadcrumb\":{\"@id\":\"https:\/\/cmm.imgw.pl\/?p=34296#breadcrumb\"},\"inLanguage\":\"pl-PL\",\"potentialAction\":[{\"@type\":\"ReadAction\",\"target\":[\"https:\/\/cmm.imgw.pl\/?p=34296\"]}]},{\"@type\":\"BreadcrumbList\",\"@id\":\"https:\/\/cmm.imgw.pl\/?p=34296#breadcrumb\",\"itemListElement\":[{\"@type\":\"ListItem\",\"position\":1,\"name\":\"Home\",\"item\":\"https:\/\/cmm.imgw.pl\/\"},{\"@type\":\"ListItem\",\"position\":2,\"name\":\"Komentarz do numerycznych prognoz pogody (13\/14.07.2023)\"}]},{\"@type\":\"WebSite\",\"@id\":\"https:\/\/cmm.imgw.pl\/#website\",\"url\":\"https:\/\/cmm.imgw.pl\/\",\"name\":\"Laboratorium Modelowania Meteorologicznego CMOK IMGW-PIB\",\"description\":\"CMOK-LMM Laboratorium pe\u0142ni pa\u0144stwow\u0105 s\u0142u\u017cb\u0119 hydrologiczno-meteorologiczn\u0105 w zakresie numerycznych prognoz pogody, kt\u00f3rego zadaniem jest konsolidacja kompetencji w obszarze modelowania zjawisk pogodowych oraz dalszego rozwoju numerycznych modeli pogody (NMP).\",\"publisher\":{\"@id\":\"https:\/\/cmm.imgw.pl\/#organization\"},\"potentialAction\":[{\"@type\":\"SearchAction\",\"target\":{\"@type\":\"EntryPoint\",\"urlTemplate\":\"https:\/\/cmm.imgw.pl\/?s={search_term_string}\"},\"query-input\":\"required name=search_term_string\"}],\"inLanguage\":\"pl-PL\"},{\"@type\":\"Organization\",\"@id\":\"https:\/\/cmm.imgw.pl\/#organization\",\"name\":\"Laboratorium Modelowania Meteorologicznego CMOK IMGW-PIB\",\"url\":\"https:\/\/cmm.imgw.pl\/\",\"sameAs\":[\"https:\/\/www.facebook.com\/Meteoimgw\/\",\"https:\/\/twitter.com\/IMGW_CMM\"],\"logo\":{\"@type\":\"ImageObject\",\"inLanguage\":\"pl-PL\",\"@id\":\"https:\/\/cmm.imgw.pl\/#\/schema\/logo\/image\/\",\"url\":\"https:\/\/cmm.imgw.pl\/wp-content\/uploads\/2025\/10\/MODELE_LOGO_UNIFIKACJA_v2.png\",\"contentUrl\":\"https:\/\/cmm.imgw.pl\/wp-content\/uploads\/2025\/10\/MODELE_LOGO_UNIFIKACJA_v2.png\",\"width\":1356,\"height\":365,\"caption\":\"Laboratorium Modelowania Meteorologicznego CMOK IMGW-PIB\"},\"image\":{\"@id\":\"https:\/\/cmm.imgw.pl\/#\/schema\/logo\/image\/\"}},{\"@type\":\"Person\",\"@id\":\"https:\/\/cmm.imgw.pl\/#\/schema\/person\/a24a37fe434fe76b0f5791e6bd3fdb46\",\"name\":\"CMM\",\"image\":{\"@type\":\"ImageObject\",\"inLanguage\":\"pl-PL\",\"@id\":\"https:\/\/cmm.imgw.pl\/#\/schema\/person\/image\/\",\"url\":\"https:\/\/secure.gravatar.com\/avatar\/9248ea2273711f1cd09d6bd45867dbfb?s=96&d=blank&r=g\",\"contentUrl\":\"https:\/\/secure.gravatar.com\/avatar\/9248ea2273711f1cd09d6bd45867dbfb?s=96&d=blank&r=g\",\"caption\":\"CMM\"},\"sameAs\":[\"http:\/\/cmm.imgw.pl\"],\"url\":\"https:\/\/cmm.imgw.pl\/?author=3\"}]}<\/script>\n<!-- \/ Yoast SEO plugin. -->","yoast_head_json":{"title":"Komentarz do numerycznych prognoz pogody (13\/14.07.2023) - Laboratorium Modelowania Meteorologicznego CMOK IMGW-PIB","description":"Komentarz do numerycznych prognoz pogody opracowany w Centrum Modelowania Meteorologicznego IMGW-PIB.","robots":{"index":"index","follow":"follow","max-snippet":"max-snippet:-1","max-image-preview":"max-image-preview:large","max-video-preview":"max-video-preview:-1"},"canonical":"https:\/\/cmm.imgw.pl\/?p=34296","og_locale":"pl_PL","og_type":"article","og_title":"Komentarz do numerycznych prognoz pogody (13\/14.07.2023)","og_description":"Komentarz do numerycznych prognoz pogody opracowany w Centrum Modelowania Meteorologicznego IMGW-PIB","og_url":"https:\/\/cmm.imgw.pl\/?p=34296","og_site_name":"Laboratorium Modelowania Meteorologicznego CMOK IMGW-PIB","article_publisher":"https:\/\/www.facebook.com\/Meteoimgw\/","article_published_time":"2023-07-13T03:47:38+00:00","article_modified_time":"2023-07-13T13:08:23+00:00","og_image":[{"width":1280,"height":720,"url":"http:\/\/cmm.imgw.pl\/wp-content\/uploads\/2023\/02\/komentarz4.png","type":"image\/png"}],"author":"CMM","twitter_card":"summary_large_image","twitter_title":"Komentarz do numerycznych prognoz pogody (13\/14.07.2023)","twitter_description":"Komentarz do numerycznych prognoz pogody opracowany w Centrum Modelowania Meteorologicznego IMGW-PIB","twitter_image":"https:\/\/cmm.imgw.pl\/wp-content\/uploads\/2023\/02\/komentarz4.png","twitter_creator":"@IMGW_CMM","twitter_site":"@IMGW_CMM","twitter_misc":{"Napisane przez":"CMM","Szacowany czas czytania":"26 minut"},"schema":{"@context":"https:\/\/schema.org","@graph":[{"@type":"Article","@id":"https:\/\/cmm.imgw.pl\/?p=34296#article","isPartOf":{"@id":"https:\/\/cmm.imgw.pl\/?p=34296"},"author":{"name":"CMM","@id":"https:\/\/cmm.imgw.pl\/#\/schema\/person\/a24a37fe434fe76b0f5791e6bd3fdb46"},"headline":"Komentarz do numerycznych prognoz pogody (13\/14.07.2023)","datePublished":"2023-07-13T03:47:38+00:00","dateModified":"2023-07-13T13:08:23+00:00","mainEntityOfPage":{"@id":"https:\/\/cmm.imgw.pl\/?p=34296"},"wordCount":2082,"publisher":{"@id":"https:\/\/cmm.imgw.pl\/#organization"},"keywords":["alaro","arome","cmm","Cosmo","DWD","Grzegorz Duniec","imgw","klimat","komentarz","komentarz pogodowy","MERGE","meteorologia","NMP","NPP","pogoda","prognoza","prognoza pogody","wrf","zima"],"articleSection":["Komentarz"],"inLanguage":"pl-PL"},{"@type":"WebPage","@id":"https:\/\/cmm.imgw.pl\/?p=34296","url":"https:\/\/cmm.imgw.pl\/?p=34296","name":"Komentarz do numerycznych prognoz pogody (13\/14.07.2023) - Laboratorium Modelowania Meteorologicznego CMOK IMGW-PIB","isPartOf":{"@id":"https:\/\/cmm.imgw.pl\/#website"},"datePublished":"2023-07-13T03:47:38+00:00","dateModified":"2023-07-13T13:08:23+00:00","description":"Komentarz do numerycznych prognoz pogody opracowany w Centrum Modelowania Meteorologicznego IMGW-PIB.","breadcrumb":{"@id":"https:\/\/cmm.imgw.pl\/?p=34296#breadcrumb"},"inLanguage":"pl-PL","potentialAction":[{"@type":"ReadAction","target":["https:\/\/cmm.imgw.pl\/?p=34296"]}]},{"@type":"BreadcrumbList","@id":"https:\/\/cmm.imgw.pl\/?p=34296#breadcrumb","itemListElement":[{"@type":"ListItem","position":1,"name":"Home","item":"https:\/\/cmm.imgw.pl\/"},{"@type":"ListItem","position":2,"name":"Komentarz do numerycznych prognoz pogody (13\/14.07.2023)"}]},{"@type":"WebSite","@id":"https:\/\/cmm.imgw.pl\/#website","url":"https:\/\/cmm.imgw.pl\/","name":"Laboratorium Modelowania Meteorologicznego CMOK IMGW-PIB","description":"CMOK-LMM Laboratorium pe\u0142ni pa\u0144stwow\u0105 s\u0142u\u017cb\u0119 hydrologiczno-meteorologiczn\u0105 w zakresie numerycznych prognoz pogody, kt\u00f3rego zadaniem jest konsolidacja kompetencji w obszarze modelowania zjawisk pogodowych oraz dalszego rozwoju numerycznych modeli pogody (NMP).","publisher":{"@id":"https:\/\/cmm.imgw.pl\/#organization"},"potentialAction":[{"@type":"SearchAction","target":{"@type":"EntryPoint","urlTemplate":"https:\/\/cmm.imgw.pl\/?s={search_term_string}"},"query-input":"required name=search_term_string"}],"inLanguage":"pl-PL"},{"@type":"Organization","@id":"https:\/\/cmm.imgw.pl\/#organization","name":"Laboratorium Modelowania Meteorologicznego CMOK IMGW-PIB","url":"https:\/\/cmm.imgw.pl\/","sameAs":["https:\/\/www.facebook.com\/Meteoimgw\/","https:\/\/twitter.com\/IMGW_CMM"],"logo":{"@type":"ImageObject","inLanguage":"pl-PL","@id":"https:\/\/cmm.imgw.pl\/#\/schema\/logo\/image\/","url":"https:\/\/cmm.imgw.pl\/wp-content\/uploads\/2025\/10\/MODELE_LOGO_UNIFIKACJA_v2.png","contentUrl":"https:\/\/cmm.imgw.pl\/wp-content\/uploads\/2025\/10\/MODELE_LOGO_UNIFIKACJA_v2.png","width":1356,"height":365,"caption":"Laboratorium Modelowania Meteorologicznego CMOK IMGW-PIB"},"image":{"@id":"https:\/\/cmm.imgw.pl\/#\/schema\/logo\/image\/"}},{"@type":"Person","@id":"https:\/\/cmm.imgw.pl\/#\/schema\/person\/a24a37fe434fe76b0f5791e6bd3fdb46","name":"CMM","image":{"@type":"ImageObject","inLanguage":"pl-PL","@id":"https:\/\/cmm.imgw.pl\/#\/schema\/person\/image\/","url":"https:\/\/secure.gravatar.com\/avatar\/9248ea2273711f1cd09d6bd45867dbfb?s=96&d=blank&r=g","contentUrl":"https:\/\/secure.gravatar.com\/avatar\/9248ea2273711f1cd09d6bd45867dbfb?s=96&d=blank&r=g","caption":"CMM"},"sameAs":["http:\/\/cmm.imgw.pl"],"url":"https:\/\/cmm.imgw.pl\/?author=3"}]}},"_links":{"self":[{"href":"https:\/\/cmm.imgw.pl\/index.php?rest_route=\/wp\/v2\/posts\/34296"}],"collection":[{"href":"https:\/\/cmm.imgw.pl\/index.php?rest_route=\/wp\/v2\/posts"}],"about":[{"href":"https:\/\/cmm.imgw.pl\/index.php?rest_route=\/wp\/v2\/types\/post"}],"author":[{"embeddable":true,"href":"https:\/\/cmm.imgw.pl\/index.php?rest_route=\/wp\/v2\/users\/3"}],"replies":[{"embeddable":true,"href":"https:\/\/cmm.imgw.pl\/index.php?rest_route=%2Fwp%2Fv2%2Fcomments&post=34296"}],"version-history":[{"count":3,"href":"https:\/\/cmm.imgw.pl\/index.php?rest_route=\/wp\/v2\/posts\/34296\/revisions"}],"predecessor-version":[{"id":34501,"href":"https:\/\/cmm.imgw.pl\/index.php?rest_route=\/wp\/v2\/posts\/34296\/revisions\/34501"}],"wp:attachment":[{"href":"https:\/\/cmm.imgw.pl\/index.php?rest_route=%2Fwp%2Fv2%2Fmedia&parent=34296"}],"wp:term":[{"taxonomy":"category","embeddable":true,"href":"https:\/\/cmm.imgw.pl\/index.php?rest_route=%2Fwp%2Fv2%2Fcategories&post=34296"},{"taxonomy":"post_tag","embeddable":true,"href":"https:\/\/cmm.imgw.pl\/index.php?rest_route=%2Fwp%2Fv2%2Ftags&post=34296"}],"curies":[{"name":"wp","href":"https:\/\/api.w.org\/{rel}","templated":true}]}}