{"id":33955,"date":"2023-07-11T18:39:14","date_gmt":"2023-07-11T16:39:14","guid":{"rendered":"https:\/\/cmm.imgw.pl\/?p=33955"},"modified":"2023-07-11T18:39:16","modified_gmt":"2023-07-11T16:39:16","slug":"upalne-wakacje","status":"publish","type":"post","link":"https:\/\/cmm.imgw.pl\/?p=33955","title":{"rendered":"Upalne wakacje"},"content":{"rendered":"\n<figure class=\"wp-block-image size-large\"><img loading=\"lazy\" width=\"1024\" height=\"682\" src=\"https:\/\/cmm.imgw.pl\/wp-content\/uploads\/2023\/07\/image-1024x682.png\" alt=\"\" class=\"wp-image-33956\" srcset=\"https:\/\/cmm.imgw.pl\/wp-content\/uploads\/2023\/07\/image-1024x682.png 1024w, https:\/\/cmm.imgw.pl\/wp-content\/uploads\/2023\/07\/image-300x200.png 300w, https:\/\/cmm.imgw.pl\/wp-content\/uploads\/2023\/07\/image-768x512.png 768w, https:\/\/cmm.imgw.pl\/wp-content\/uploads\/2023\/07\/image.png 1060w\" sizes=\"(max-width: 1024px) 100vw, 1024px\" \/><\/figure>\n\n\n\n<p><\/p>\n\n\n\n<p>Opracowanie: dr Joanna Wieczorek, IMGW-PIB CMM<\/p>\n\n\n\n<p>Polacy wypoczywaj\u0105cy w Chorwacji dzi\u015b 11.07 do\u015bwiadczaj\u0105 ekstremalnie obci\u0105\u017caj\u0105cego \u015brodowiska termicznego, z du\u017cym nas\u0142onecznieniem i maksymaln\u0105 temperatur\u0105 powietrza dochodz\u0105c\u0105 do 35\u00b0C w cieniu, o czym w Chorwacji od kilku dni ostrzegaj\u0105 lokalne s\u0142u\u017cby meteorologiczne. Na wakacjach upa\u0142 zwykle \u0142atwiej znosi\u0107 korzystaj\u0105c z k\u0105pieli i odpoczynku w klimatyzowanych pomieszczeniach.<\/p>\n\n\n\n<p><br>W Polsce prognozy synoptyczne wskazuj\u0105, \u017ce mo\u017cemy spodziewa\u0107 si\u0119 epizod\u00f3w upalnych, z temperatur\u0105 do 30-32\u00b0C we \u015brod\u0119. Natomiast w weekend by\u0107 mo\u017ce r\u00f3wnie\u017c w Polsce wyst\u0105pi wspomniany ba\u0142ka\u0144ski scenariusz termiczny, z Tmax>35\u00b0C, co wida\u0107 w prognozie modelu numerycznego WRF-GFS Medium.<\/p>\n\n\n\n<figure class=\"wp-block-image size-large\"><img loading=\"lazy\" width=\"1024\" height=\"549\" src=\"https:\/\/cmm.imgw.pl\/wp-content\/uploads\/2023\/07\/image-2-1024x549.png\" alt=\"\" class=\"wp-image-33958\" srcset=\"https:\/\/cmm.imgw.pl\/wp-content\/uploads\/2023\/07\/image-2-1024x549.png 1024w, https:\/\/cmm.imgw.pl\/wp-content\/uploads\/2023\/07\/image-2-300x161.png 300w, https:\/\/cmm.imgw.pl\/wp-content\/uploads\/2023\/07\/image-2-768x411.png 768w, https:\/\/cmm.imgw.pl\/wp-content\/uploads\/2023\/07\/image-2-1536x823.png 1536w, https:\/\/cmm.imgw.pl\/wp-content\/uploads\/2023\/07\/image-2.png 1680w\" sizes=\"(max-width: 1024px) 100vw, 1024px\" \/><\/figure>\n\n\n\n<p><br>Czy takie warunki termiczne faktycznie wyst\u0105pi\u0105 w kolejny weekend i na jakim obszarze kraju? Trzeba \u015bledzi\u0107 kolejne prognozy i reagowa\u0107 na ostrze\u017cenia.<\/p>\n\n\n\n<h2 class=\"wp-block-heading\"><strong>31 stopni to te\u017c du\u017co\u2026<\/strong><\/h2>\n\n\n\n<p>\u015arodowisko termiczne w Polsce w tym tygodniu r\u00f3wnie\u017c mo\u017ce by\u0107 dla wielu os\u00f3b uci\u0105\u017cliwe i bardzo obci\u0105\u017ca\u0107 organizm; je\u015bli upa\u0142 b\u0119dzie d\u0142ugotrwa\u0142y (kilka godzin w ci\u0105gu dnia), a dodatkowo nagrzane powietrze b\u0119dzie wilgotne (co utrudni odparowanie potu), b\u0105d\u017a gdy organizm b\u0119dzie pozostawiony w warunkach du\u017cego nas\u0142onecznienia. Pobyt w pomieszczeniach klimatyzowanych mo\u017ce okaza\u0107 si\u0119 bardzo wskazany. I u\u0142atwi\u0107 \u017cycie. Cho\u0107 jak ka\u017cda technologia budzi w\u0105tpliwo\u015bci- szczeg\u00f3lnie gdy pada has\u0142o &#8222;nie korzystaj, bo b\u0119dziesz chory&#8221;. Zatem zanim nadejd\u0105 upa\u0142y, wyja\u015bniamy kilka kwestii na ten temat. Klimatyzacja nie jest szkodliwa dla zdrowia, ALE to prawda, \u017ce niew\u0142a\u015bciwym korzystaniem z klimatyzacji mo\u017cna narazi\u0107 si\u0119 na wzrost ryzyka zachorowania. Dlaczego i jak tego unikn\u0105\u0107?<\/p>\n\n\n\n<p><strong>Czw\u00f3rka dla optymalnej klimatyzacji:<\/strong><\/p>\n\n\n\n<ol>\n<li>Pilnuj kontrastu- r\u00f3\u017cnica temperatury powietrza w miejscach, w kt\u00f3rych przebywasz, nie powinna by\u0107 wi\u0119ksza ni\u017c 6 stopni- bo z tak\u0105 powinien poradzi\u0107 sobie uk\u0142ad termoregulacji- nie wyst\u0105pi szok termiczny czy nieprzyjemne skurcze cieplne mi\u0119\u015bni. Skoro na zewn\u0105trz do\u015bwiadczysz 31 stopni, to nie ustawiaj klimatyzacji na warto\u015b\u0107 poni\u017cej 24-25 stopni.<\/li>\n\n\n\n<li>Klimatyzacja wysusza- i to dos\u0142ownie, przy czym nie tylko powietrze, kt\u00f3re podlega cyrkulacji w pomieszczeniu, ale przy okazji r\u00f3wnie\u017c \u015bluz\u00f3wki nosa, oczu i gard\u0142a. Wod\u0119 z organizmu tracimy nie tylko wraz z potem. A mo\u017ce nam si\u0119 wydawa\u0107, \u017ce w klimatyzowanym pomieszczeniu mo\u017cemy traci\u0107 jej znacznie mniej. Poza dyskomfortem &#8222;przesuszenia&#8221; mo\u017ce to powodowa\u0107, \u017ce b\u0142ony \u015bluzowe (a to wa\u017cna bariera organizmu) staj\u0105 si\u0119 podra\u017cnione (np. wi\u0119ksza reakcja na alergeny), ale i mniej odporne na przenikanie patogen\u00f3w- czyli bez w\u0142a\u015bciwego nawil\u017cania mo\u017cemy nie\u015bwiadomie os\u0142abia\u0107 swoj\u0105 odporno\u015b\u0107 w czasie korzystania z klimatyzacji.<\/li>\n\n\n\n<li>Unikaj przeci\u0105g\u00f3w- najlepiej, je\u015bli nie znajdujesz si\u0119 nie w bezpo\u015brednim strumieniu powietrza z nawiewu- mo\u017ce to pot\u0119gowa\u0107 wi\u0119ksze nat\u0119\u017cenie wy\u017cej wspomnianych proces\u00f3w, a ponadto w stosunkowo kr\u00f3tkim czasie mo\u017cemy wystudzi\u0107 nadmiernie organizm, a to mo\u017ce go os\u0142abi\u0107 i tak\u017ce obni\u017cy\u0107 odporno\u015b\u0107.<\/li>\n\n\n\n<li>Zadbaj o serwis- klimatyzator ma za zadanie utrzyma\u0107 optymaln\u0105 temperatur\u0119 i wilgotno\u015b\u0107. Te w jego wn\u0119trzu te\u017c s\u0105 optymalne- dla rozwoju ple\u015bni czy bakterii (np. Legionella). Je\u015bli znajd\u0105 si\u0119 na filtrze, to pojawi\u0105 si\u0119 r\u00f3wnie\u017c w powietrzu, kt\u00f3re wdychamy. Podobnie z wirusami. Pechowo patogeny s\u0105 dla nas niewidoczne. Natomiast je\u015bli nie wentylujemy pomieszczenia i korzystamy jedynie z zamkni\u0119tego obiegu klimatyzatora, to by\u0107 mo\u017ce nara\u017camy si\u0119 na oddychanie powietrzem z\u0142ej jako\u015bci.<\/li>\n<\/ol>\n\n\n\n<p><\/p>\n\n\n\n<p>Niech &#8222;dobry ch\u0142\u00f3d&#8221; b\u0119dzie z Wami i pomo\u017ce przetrwa\u0107 upalne dni nadchodz\u0105cego tygodnia!<\/p>\n\n\n\n<p><\/p>\n\n\n\n<p><\/p>\n","protected":false},"excerpt":{"rendered":"<p>Opracowanie: dr Joanna Wieczorek, IMGW-PIB CMM Polacy wypoczywaj\u0105cy w Chorwacji dzi\u015b 11.07 do\u015bwiadczaj\u0105 ekstremalnie obci\u0105\u017caj\u0105cego \u015brodowiska termicznego, z du\u017cym nas\u0142onecznieniem i maksymaln\u0105 temperatur\u0105 powietrza dochodz\u0105c\u0105 do 35\u00b0C w cieniu, o czym w Chorwacji od kilku dni ostrzegaj\u0105 lokalne s\u0142u\u017cby meteorologiczne. Na wakacjach upa\u0142 zwykle \u0142atwiej znosi\u0107 korzystaj\u0105c z k\u0105pieli i odpoczynku w klimatyzowanych pomieszczeniach. W [&hellip;]<\/p>\n","protected":false},"author":3,"featured_media":0,"comment_status":"closed","ping_status":"open","sticky":false,"template":"","format":"standard","meta":{"ocean_post_layout":"","ocean_both_sidebars_style":"","ocean_both_sidebars_content_width":0,"ocean_both_sidebars_sidebars_width":0,"ocean_sidebar":"","ocean_second_sidebar":"","ocean_disable_margins":"enable","ocean_add_body_class":"","ocean_shortcode_before_top_bar":"","ocean_shortcode_after_top_bar":"","ocean_shortcode_before_header":"","ocean_shortcode_after_header":"","ocean_has_shortcode":"","ocean_shortcode_after_title":"","ocean_shortcode_before_footer_widgets":"","ocean_shortcode_after_footer_widgets":"","ocean_shortcode_before_footer_bottom":"","ocean_shortcode_after_footer_bottom":"","ocean_display_top_bar":"default","ocean_display_header":"default","ocean_header_style":"","ocean_center_header_left_menu":"","ocean_custom_header_template":"","ocean_custom_logo":0,"ocean_custom_retina_logo":0,"ocean_custom_logo_max_width":0,"ocean_custom_logo_tablet_max_width":0,"ocean_custom_logo_mobile_max_width":0,"ocean_custom_logo_max_height":0,"ocean_custom_logo_tablet_max_height":0,"ocean_custom_logo_mobile_max_height":0,"ocean_header_custom_menu":"","ocean_menu_typo_font_family":"","ocean_menu_typo_font_subset":"","ocean_menu_typo_font_size":0,"ocean_menu_typo_font_size_tablet":0,"ocean_menu_typo_font_size_mobile":0,"ocean_menu_typo_font_size_unit":"px","ocean_menu_typo_font_weight":"","ocean_menu_typo_font_weight_tablet":"","ocean_menu_typo_font_weight_mobile":"","ocean_menu_typo_transform":"","ocean_menu_typo_transform_tablet":"","ocean_menu_typo_transform_mobile":"","ocean_menu_typo_line_height":0,"ocean_menu_typo_line_height_tablet":0,"ocean_menu_typo_line_height_mobile":0,"ocean_menu_typo_line_height_unit":"","ocean_menu_typo_spacing":0,"ocean_menu_typo_spacing_tablet":0,"ocean_menu_typo_spacing_mobile":0,"ocean_menu_typo_spacing_unit":"","ocean_menu_link_color":"","ocean_menu_link_color_hover":"","ocean_menu_link_color_active":"","ocean_menu_link_background":"","ocean_menu_link_hover_background":"","ocean_menu_link_active_background":"","ocean_menu_social_links_bg":"","ocean_menu_social_hover_links_bg":"","ocean_menu_social_links_color":"","ocean_menu_social_hover_links_color":"","ocean_disable_title":"default","ocean_disable_heading":"default","ocean_post_title":"","ocean_post_subheading":"","ocean_post_title_style":"","ocean_post_title_background_color":"","ocean_post_title_background":0,"ocean_post_title_bg_image_position":"","ocean_post_title_bg_image_attachment":"","ocean_post_title_bg_image_repeat":"","ocean_post_title_bg_image_size":"","ocean_post_title_height":0,"ocean_post_title_bg_overlay":0.5,"ocean_post_title_bg_overlay_color":"","ocean_disable_breadcrumbs":"default","ocean_breadcrumbs_color":"","ocean_breadcrumbs_separator_color":"","ocean_breadcrumbs_links_color":"","ocean_breadcrumbs_links_hover_color":"","ocean_display_footer_widgets":"default","ocean_display_footer_bottom":"default","ocean_custom_footer_template":"","ocean_post_oembed":"","ocean_post_self_hosted_media":"","ocean_post_video_embed":"","ocean_link_format":"","ocean_link_format_target":"self","ocean_quote_format":"","ocean_quote_format_link":"post","ocean_gallery_link_images":"off","ocean_gallery_id":[]},"categories":[49],"tags":[],"yoast_head":"<!-- This site is optimized with the Yoast SEO plugin v19.5.1 - https:\/\/yoast.com\/wordpress\/plugins\/seo\/ -->\n<title>Upalne wakacje - Laboratorium Modelowania Meteorologicznego CMOK IMGW-PIB<\/title>\n<meta name=\"description\" content=\"\u015arodowisko termiczne w Polsce w tym tygodniu mo\u017ce by\u0107 dla wielu os\u00f3b uci\u0105\u017cliwe i bardzo obci\u0105\u017ca\u0107 organizm.\" \/>\n<meta name=\"robots\" content=\"index, follow, max-snippet:-1, max-image-preview:large, max-video-preview:-1\" \/>\n<link rel=\"canonical\" href=\"https:\/\/cmm.imgw.pl\/?p=33955\" \/>\n<meta property=\"og:locale\" content=\"pl_PL\" \/>\n<meta property=\"og:type\" content=\"article\" \/>\n<meta property=\"og:title\" content=\"Upalne wakacje\" \/>\n<meta property=\"og:description\" content=\"Upalne wakacje\" \/>\n<meta property=\"og:url\" content=\"https:\/\/cmm.imgw.pl\/?p=33955\" \/>\n<meta property=\"og:site_name\" content=\"Laboratorium Modelowania Meteorologicznego CMOK IMGW-PIB\" \/>\n<meta property=\"article:publisher\" content=\"https:\/\/www.facebook.com\/Meteoimgw\/\" \/>\n<meta property=\"article:published_time\" content=\"2023-07-11T16:39:14+00:00\" \/>\n<meta property=\"article:modified_time\" content=\"2023-07-11T16:39:16+00:00\" \/>\n<meta property=\"og:image\" content=\"http:\/\/cmm.imgw.pl\/wp-content\/uploads\/2023\/07\/image.png\" \/>\n\t<meta property=\"og:image:width\" content=\"1060\" \/>\n\t<meta property=\"og:image:height\" content=\"706\" \/>\n\t<meta property=\"og:image:type\" content=\"image\/png\" \/>\n<meta name=\"author\" content=\"CMM\" \/>\n<meta name=\"twitter:card\" content=\"summary_large_image\" \/>\n<meta name=\"twitter:title\" content=\"Upalne wakacje\" \/>\n<meta name=\"twitter:description\" content=\"\u015arodowisko termiczne w Polsce w tym tygodniu mo\u017ce by\u0107 dla wielu os\u00f3b uci\u0105\u017cliwe i bardzo obci\u0105\u017ca\u0107 organizm.\" \/>\n<meta name=\"twitter:image\" content=\"https:\/\/cmm.imgw.pl\/wp-content\/uploads\/2023\/07\/image.png\" \/>\n<meta name=\"twitter:creator\" content=\"@IMGW_CMM\" \/>\n<meta name=\"twitter:site\" content=\"@IMGW_CMM\" \/>\n<meta name=\"twitter:label1\" content=\"Napisane przez\" \/>\n\t<meta name=\"twitter:data1\" content=\"CMM\" \/>\n\t<meta name=\"twitter:label2\" content=\"Szacowany czas czytania\" \/>\n\t<meta name=\"twitter:data2\" content=\"3 minuty\" \/>\n<script type=\"application\/ld+json\" class=\"yoast-schema-graph\">{\"@context\":\"https:\/\/schema.org\",\"@graph\":[{\"@type\":\"Article\",\"@id\":\"https:\/\/cmm.imgw.pl\/?p=33955#article\",\"isPartOf\":{\"@id\":\"https:\/\/cmm.imgw.pl\/?p=33955\"},\"author\":{\"name\":\"CMM\",\"@id\":\"https:\/\/cmm.imgw.pl\/#\/schema\/person\/a24a37fe434fe76b0f5791e6bd3fdb46\"},\"headline\":\"Upalne wakacje\",\"datePublished\":\"2023-07-11T16:39:14+00:00\",\"dateModified\":\"2023-07-11T16:39:16+00:00\",\"mainEntityOfPage\":{\"@id\":\"https:\/\/cmm.imgw.pl\/?p=33955\"},\"wordCount\":606,\"publisher\":{\"@id\":\"https:\/\/cmm.imgw.pl\/#organization\"},\"articleSection\":[\"Pogoda bie\u017c\u0105ca\"],\"inLanguage\":\"pl-PL\"},{\"@type\":\"WebPage\",\"@id\":\"https:\/\/cmm.imgw.pl\/?p=33955\",\"url\":\"https:\/\/cmm.imgw.pl\/?p=33955\",\"name\":\"Upalne wakacje - Laboratorium Modelowania Meteorologicznego CMOK IMGW-PIB\",\"isPartOf\":{\"@id\":\"https:\/\/cmm.imgw.pl\/#website\"},\"datePublished\":\"2023-07-11T16:39:14+00:00\",\"dateModified\":\"2023-07-11T16:39:16+00:00\",\"description\":\"\u015arodowisko termiczne w Polsce w tym tygodniu mo\u017ce by\u0107 dla wielu os\u00f3b uci\u0105\u017cliwe i bardzo obci\u0105\u017ca\u0107 organizm.\",\"breadcrumb\":{\"@id\":\"https:\/\/cmm.imgw.pl\/?p=33955#breadcrumb\"},\"inLanguage\":\"pl-PL\",\"potentialAction\":[{\"@type\":\"ReadAction\",\"target\":[\"https:\/\/cmm.imgw.pl\/?p=33955\"]}]},{\"@type\":\"BreadcrumbList\",\"@id\":\"https:\/\/cmm.imgw.pl\/?p=33955#breadcrumb\",\"itemListElement\":[{\"@type\":\"ListItem\",\"position\":1,\"name\":\"Home\",\"item\":\"https:\/\/cmm.imgw.pl\/\"},{\"@type\":\"ListItem\",\"position\":2,\"name\":\"Upalne wakacje\"}]},{\"@type\":\"WebSite\",\"@id\":\"https:\/\/cmm.imgw.pl\/#website\",\"url\":\"https:\/\/cmm.imgw.pl\/\",\"name\":\"Laboratorium Modelowania Meteorologicznego CMOK IMGW-PIB\",\"description\":\"CMOK-LMM Laboratorium pe\u0142ni pa\u0144stwow\u0105 s\u0142u\u017cb\u0119 hydrologiczno-meteorologiczn\u0105 w zakresie numerycznych prognoz pogody, kt\u00f3rego zadaniem jest konsolidacja kompetencji w obszarze modelowania zjawisk pogodowych oraz dalszego rozwoju numerycznych modeli pogody (NMP).\",\"publisher\":{\"@id\":\"https:\/\/cmm.imgw.pl\/#organization\"},\"potentialAction\":[{\"@type\":\"SearchAction\",\"target\":{\"@type\":\"EntryPoint\",\"urlTemplate\":\"https:\/\/cmm.imgw.pl\/?s={search_term_string}\"},\"query-input\":\"required name=search_term_string\"}],\"inLanguage\":\"pl-PL\"},{\"@type\":\"Organization\",\"@id\":\"https:\/\/cmm.imgw.pl\/#organization\",\"name\":\"Laboratorium Modelowania Meteorologicznego CMOK IMGW-PIB\",\"url\":\"https:\/\/cmm.imgw.pl\/\",\"sameAs\":[\"https:\/\/www.facebook.com\/Meteoimgw\/\",\"https:\/\/twitter.com\/IMGW_CMM\"],\"logo\":{\"@type\":\"ImageObject\",\"inLanguage\":\"pl-PL\",\"@id\":\"https:\/\/cmm.imgw.pl\/#\/schema\/logo\/image\/\",\"url\":\"https:\/\/cmm.imgw.pl\/wp-content\/uploads\/2025\/10\/MODELE_LOGO_UNIFIKACJA_v2.png\",\"contentUrl\":\"https:\/\/cmm.imgw.pl\/wp-content\/uploads\/2025\/10\/MODELE_LOGO_UNIFIKACJA_v2.png\",\"width\":1356,\"height\":365,\"caption\":\"Laboratorium Modelowania Meteorologicznego CMOK IMGW-PIB\"},\"image\":{\"@id\":\"https:\/\/cmm.imgw.pl\/#\/schema\/logo\/image\/\"}},{\"@type\":\"Person\",\"@id\":\"https:\/\/cmm.imgw.pl\/#\/schema\/person\/a24a37fe434fe76b0f5791e6bd3fdb46\",\"name\":\"CMM\",\"image\":{\"@type\":\"ImageObject\",\"inLanguage\":\"pl-PL\",\"@id\":\"https:\/\/cmm.imgw.pl\/#\/schema\/person\/image\/\",\"url\":\"https:\/\/secure.gravatar.com\/avatar\/9248ea2273711f1cd09d6bd45867dbfb?s=96&d=blank&r=g\",\"contentUrl\":\"https:\/\/secure.gravatar.com\/avatar\/9248ea2273711f1cd09d6bd45867dbfb?s=96&d=blank&r=g\",\"caption\":\"CMM\"},\"sameAs\":[\"http:\/\/cmm.imgw.pl\"],\"url\":\"https:\/\/cmm.imgw.pl\/?author=3\"}]}<\/script>\n<!-- \/ Yoast SEO plugin. -->","yoast_head_json":{"title":"Upalne wakacje - Laboratorium Modelowania Meteorologicznego CMOK IMGW-PIB","description":"\u015arodowisko termiczne w Polsce w tym tygodniu mo\u017ce by\u0107 dla wielu os\u00f3b uci\u0105\u017cliwe i bardzo obci\u0105\u017ca\u0107 organizm.","robots":{"index":"index","follow":"follow","max-snippet":"max-snippet:-1","max-image-preview":"max-image-preview:large","max-video-preview":"max-video-preview:-1"},"canonical":"https:\/\/cmm.imgw.pl\/?p=33955","og_locale":"pl_PL","og_type":"article","og_title":"Upalne wakacje","og_description":"Upalne wakacje","og_url":"https:\/\/cmm.imgw.pl\/?p=33955","og_site_name":"Laboratorium Modelowania Meteorologicznego CMOK IMGW-PIB","article_publisher":"https:\/\/www.facebook.com\/Meteoimgw\/","article_published_time":"2023-07-11T16:39:14+00:00","article_modified_time":"2023-07-11T16:39:16+00:00","og_image":[{"width":1060,"height":706,"url":"http:\/\/cmm.imgw.pl\/wp-content\/uploads\/2023\/07\/image.png","type":"image\/png"}],"author":"CMM","twitter_card":"summary_large_image","twitter_title":"Upalne wakacje","twitter_description":"\u015arodowisko termiczne w Polsce w tym tygodniu mo\u017ce by\u0107 dla wielu os\u00f3b uci\u0105\u017cliwe i bardzo obci\u0105\u017ca\u0107 organizm.","twitter_image":"https:\/\/cmm.imgw.pl\/wp-content\/uploads\/2023\/07\/image.png","twitter_creator":"@IMGW_CMM","twitter_site":"@IMGW_CMM","twitter_misc":{"Napisane przez":"CMM","Szacowany czas czytania":"3 minuty"},"schema":{"@context":"https:\/\/schema.org","@graph":[{"@type":"Article","@id":"https:\/\/cmm.imgw.pl\/?p=33955#article","isPartOf":{"@id":"https:\/\/cmm.imgw.pl\/?p=33955"},"author":{"name":"CMM","@id":"https:\/\/cmm.imgw.pl\/#\/schema\/person\/a24a37fe434fe76b0f5791e6bd3fdb46"},"headline":"Upalne wakacje","datePublished":"2023-07-11T16:39:14+00:00","dateModified":"2023-07-11T16:39:16+00:00","mainEntityOfPage":{"@id":"https:\/\/cmm.imgw.pl\/?p=33955"},"wordCount":606,"publisher":{"@id":"https:\/\/cmm.imgw.pl\/#organization"},"articleSection":["Pogoda bie\u017c\u0105ca"],"inLanguage":"pl-PL"},{"@type":"WebPage","@id":"https:\/\/cmm.imgw.pl\/?p=33955","url":"https:\/\/cmm.imgw.pl\/?p=33955","name":"Upalne wakacje - Laboratorium Modelowania Meteorologicznego CMOK IMGW-PIB","isPartOf":{"@id":"https:\/\/cmm.imgw.pl\/#website"},"datePublished":"2023-07-11T16:39:14+00:00","dateModified":"2023-07-11T16:39:16+00:00","description":"\u015arodowisko termiczne w Polsce w tym tygodniu mo\u017ce by\u0107 dla wielu os\u00f3b uci\u0105\u017cliwe i bardzo obci\u0105\u017ca\u0107 organizm.","breadcrumb":{"@id":"https:\/\/cmm.imgw.pl\/?p=33955#breadcrumb"},"inLanguage":"pl-PL","potentialAction":[{"@type":"ReadAction","target":["https:\/\/cmm.imgw.pl\/?p=33955"]}]},{"@type":"BreadcrumbList","@id":"https:\/\/cmm.imgw.pl\/?p=33955#breadcrumb","itemListElement":[{"@type":"ListItem","position":1,"name":"Home","item":"https:\/\/cmm.imgw.pl\/"},{"@type":"ListItem","position":2,"name":"Upalne wakacje"}]},{"@type":"WebSite","@id":"https:\/\/cmm.imgw.pl\/#website","url":"https:\/\/cmm.imgw.pl\/","name":"Laboratorium Modelowania Meteorologicznego CMOK IMGW-PIB","description":"CMOK-LMM Laboratorium pe\u0142ni pa\u0144stwow\u0105 s\u0142u\u017cb\u0119 hydrologiczno-meteorologiczn\u0105 w zakresie numerycznych prognoz pogody, kt\u00f3rego zadaniem jest konsolidacja kompetencji w obszarze modelowania zjawisk pogodowych oraz dalszego rozwoju numerycznych modeli pogody (NMP).","publisher":{"@id":"https:\/\/cmm.imgw.pl\/#organization"},"potentialAction":[{"@type":"SearchAction","target":{"@type":"EntryPoint","urlTemplate":"https:\/\/cmm.imgw.pl\/?s={search_term_string}"},"query-input":"required name=search_term_string"}],"inLanguage":"pl-PL"},{"@type":"Organization","@id":"https:\/\/cmm.imgw.pl\/#organization","name":"Laboratorium Modelowania Meteorologicznego CMOK IMGW-PIB","url":"https:\/\/cmm.imgw.pl\/","sameAs":["https:\/\/www.facebook.com\/Meteoimgw\/","https:\/\/twitter.com\/IMGW_CMM"],"logo":{"@type":"ImageObject","inLanguage":"pl-PL","@id":"https:\/\/cmm.imgw.pl\/#\/schema\/logo\/image\/","url":"https:\/\/cmm.imgw.pl\/wp-content\/uploads\/2025\/10\/MODELE_LOGO_UNIFIKACJA_v2.png","contentUrl":"https:\/\/cmm.imgw.pl\/wp-content\/uploads\/2025\/10\/MODELE_LOGO_UNIFIKACJA_v2.png","width":1356,"height":365,"caption":"Laboratorium Modelowania Meteorologicznego CMOK IMGW-PIB"},"image":{"@id":"https:\/\/cmm.imgw.pl\/#\/schema\/logo\/image\/"}},{"@type":"Person","@id":"https:\/\/cmm.imgw.pl\/#\/schema\/person\/a24a37fe434fe76b0f5791e6bd3fdb46","name":"CMM","image":{"@type":"ImageObject","inLanguage":"pl-PL","@id":"https:\/\/cmm.imgw.pl\/#\/schema\/person\/image\/","url":"https:\/\/secure.gravatar.com\/avatar\/9248ea2273711f1cd09d6bd45867dbfb?s=96&d=blank&r=g","contentUrl":"https:\/\/secure.gravatar.com\/avatar\/9248ea2273711f1cd09d6bd45867dbfb?s=96&d=blank&r=g","caption":"CMM"},"sameAs":["http:\/\/cmm.imgw.pl"],"url":"https:\/\/cmm.imgw.pl\/?author=3"}]}},"_links":{"self":[{"href":"https:\/\/cmm.imgw.pl\/index.php?rest_route=\/wp\/v2\/posts\/33955"}],"collection":[{"href":"https:\/\/cmm.imgw.pl\/index.php?rest_route=\/wp\/v2\/posts"}],"about":[{"href":"https:\/\/cmm.imgw.pl\/index.php?rest_route=\/wp\/v2\/types\/post"}],"author":[{"embeddable":true,"href":"https:\/\/cmm.imgw.pl\/index.php?rest_route=\/wp\/v2\/users\/3"}],"replies":[{"embeddable":true,"href":"https:\/\/cmm.imgw.pl\/index.php?rest_route=%2Fwp%2Fv2%2Fcomments&post=33955"}],"version-history":[{"count":1,"href":"https:\/\/cmm.imgw.pl\/index.php?rest_route=\/wp\/v2\/posts\/33955\/revisions"}],"predecessor-version":[{"id":33959,"href":"https:\/\/cmm.imgw.pl\/index.php?rest_route=\/wp\/v2\/posts\/33955\/revisions\/33959"}],"wp:attachment":[{"href":"https:\/\/cmm.imgw.pl\/index.php?rest_route=%2Fwp%2Fv2%2Fmedia&parent=33955"}],"wp:term":[{"taxonomy":"category","embeddable":true,"href":"https:\/\/cmm.imgw.pl\/index.php?rest_route=%2Fwp%2Fv2%2Fcategories&post=33955"},{"taxonomy":"post_tag","embeddable":true,"href":"https:\/\/cmm.imgw.pl\/index.php?rest_route=%2Fwp%2Fv2%2Ftags&post=33955"}],"curies":[{"name":"wp","href":"https:\/\/api.w.org\/{rel}","templated":true}]}}