{"id":33429,"date":"2023-07-05T07:45:14","date_gmt":"2023-07-05T05:45:14","guid":{"rendered":"https:\/\/cmm.imgw.pl\/?p=33429"},"modified":"2023-07-05T11:27:33","modified_gmt":"2023-07-05T09:27:33","slug":"komentarz-do-numerycznych-prognoz-pogody-05-06-07-2023","status":"publish","type":"post","link":"https:\/\/cmm.imgw.pl\/?p=33429","title":{"rendered":"Komentarz do numerycznych prognoz pogody (05\/06.07.2023)"},"content":{"rendered":"\n<figure class=\"wp-block-image size-large\"><img loading=\"lazy\" width=\"1024\" height=\"576\" src=\"https:\/\/cmm.imgw.pl\/wp-content\/uploads\/2023\/03\/komentarz4-1-1024x576.png\" alt=\"\" class=\"wp-image-23617\" srcset=\"https:\/\/cmm.imgw.pl\/wp-content\/uploads\/2023\/03\/komentarz4-1-1024x576.png 1024w, https:\/\/cmm.imgw.pl\/wp-content\/uploads\/2023\/03\/komentarz4-1-300x169.png 300w, https:\/\/cmm.imgw.pl\/wp-content\/uploads\/2023\/03\/komentarz4-1-768x432.png 768w, https:\/\/cmm.imgw.pl\/wp-content\/uploads\/2023\/03\/komentarz4-1-800x450.png 800w, https:\/\/cmm.imgw.pl\/wp-content\/uploads\/2023\/03\/komentarz4-1.png 1280w\" sizes=\"(max-width: 1024px) 100vw, 1024px\" \/><\/figure>\n\n\n\n<p><em>Tre\u015b\u0107 komentarza do numerycznych prognoz meteorologicznych stanowi niezale\u017cne od biura prognoz meteorologicznych opracowanie wykonane w Centrum Modelowania Meteorologicznego i nie stanowi oficjalnej prognozy synoptycznej IMGW-PIB.<\/em><\/p>\n\n\n\n<p><strong>Opracowanie:<\/strong><\/p>\n\n\n\n<p><strong>dr&nbsp;Grzegorz&nbsp;Duniec, <a href=\"https:\/\/cmm.imgw.pl\/\" target=\"_blank\" rel=\"noreferrer noopener\"><mark style=\"background-color:rgba(0, 0, 0, 0)\" class=\"has-inline-color has-vivid-cyan-blue-color\">Centrum Modelowania Meteorologicznego IMGW-PIB<\/mark><\/a><\/strong><\/p>\n\n\n<p><strong>Sytuacja synoptyczna w Europie z godziny 18 UTC, 4 VII 2023 roku<\/strong><\/p>\n<p><img loading=\"lazy\" width=\"1385\" height=\"983\" class=\"wp-image-33430 aligncenter\" src=\"http:\/\/cmm.imgw.pl\/wp-content\/uploads\/2023\/07\/obraz-zawierajacy-mapa-tekst-atlas-opis-wygener.png\" alt=\"Obraz zawieraj\u0105cy mapa, tekst, atlas\n\nOpis wygenerowany automatycznie\" srcset=\"https:\/\/cmm.imgw.pl\/wp-content\/uploads\/2023\/07\/obraz-zawierajacy-mapa-tekst-atlas-opis-wygener.png 1385w, https:\/\/cmm.imgw.pl\/wp-content\/uploads\/2023\/07\/obraz-zawierajacy-mapa-tekst-atlas-opis-wygener-300x213.png 300w, https:\/\/cmm.imgw.pl\/wp-content\/uploads\/2023\/07\/obraz-zawierajacy-mapa-tekst-atlas-opis-wygener-1024x727.png 1024w, https:\/\/cmm.imgw.pl\/wp-content\/uploads\/2023\/07\/obraz-zawierajacy-mapa-tekst-atlas-opis-wygener-768x545.png 768w\" sizes=\"(max-width: 1385px) 100vw, 1385px\" \/><\/p>\n<p>Nad Skandynawi\u0105, Zatok\u0105 Botnick\u0105, P\u0142w. Kolskim, Morzem Barentsa oraz nad zachodni\u0105 Rosj\u0105 rozci\u0105ga si\u0119 zatoka niskiego ci\u015bnienia, w kt\u00f3rej zalega front atmosferyczny, z\u0142o\u017cony g\u0142\u00f3wnie z pofalowanego frontu okluzji i frontu ch\u0142odnego nad zachodni\u0105 Rosj\u0105. Na pofalowanym froncie okluzji, nad Zatok\u0105 Botnick\u0105, znajduje si\u0119 zamkni\u0119ta cyrkulacja cykloniczna, z o\u015brodkiem 994,6 hPa. W obr\u0119bie izobary 1000 hPa wyst\u0119puj\u0105 dodatkowe dwa centra znajduj\u0105ce si\u0119 na froncie okluzji, z o\u015brodkami nad po\u0142udniow\u0105 Norwegi\u0105 oraz na wsch\u00f3d od P\u0142w. Kanin. Czwarty o\u015brodek zalega nad Szwecj\u0105. Nad Europ\u0105 wschodni\u0105 oraz po\u0142udniow\u0105 i nad Polsk\u0105 zalega\u0142 uk\u0142ad wysokiego ci\u015bnienia. Nad P\u0142w. Iberyjskim zalega p\u0142ytki ni\u017c. Nad Morzem \u015ar\u00f3dziemnym znajduje si\u0119 s\u0142aby wy\u017c. Nad Europ\u0105 zachodni\u0105 i Atlantykiem zalega rodzina ni\u017c\u00f3w. Pierwszy o\u015brodek zalega nad p\u00f3\u0142nocn\u0105 Francj\u0105. Drugo o\u015brodek znajduje si\u0119 nad Atlantykiem. Na zach\u00f3d od P\u0142w. Iberyjskiego nad Atlantykiem wyst\u0119puje wy\u017c. Nad Morzem Barentsa oraz Norweskim wyst\u0119puje zatoka niskiego ci\u015bnienia, w kt\u00f3rej wyst\u0119puje front okluzji. Nad Grenlandi\u0105 zalegaj\u0105 dwa o\u015brodki wy\u017cowe.<\/p>\n<p><strong>Analiza g\u00f3rnego pola ci\u015bnienia z dnia 4 VII 2023 roku, godzina 12 UTC<\/strong><\/p>\n<p><img loading=\"lazy\" width=\"1220\" height=\"1542\" class=\"wp-image-33431 aligncenter\" src=\"http:\/\/cmm.imgw.pl\/wp-content\/uploads\/2023\/07\/obraz-zawierajacy-tekst-mapa-diagram-opis-wygen.gif\" alt=\"Obraz zawieraj\u0105cy tekst, mapa, diagram\n\nOpis wygenerowany automatycznie\" \/> <img loading=\"lazy\" width=\"1220\" height=\"1542\" class=\"wp-image-33432 aligncenter\" src=\"http:\/\/cmm.imgw.pl\/wp-content\/uploads\/2023\/07\/obraz-zawierajacy-tekst-mapa-diagram-opis-wygen-1.gif\" alt=\"Obraz zawieraj\u0105cy tekst, mapa, diagram\n\nOpis wygenerowany automatycznie\" \/> <img loading=\"lazy\" width=\"1221\" height=\"1545\" class=\"wp-image-33433 aligncenter\" src=\"http:\/\/cmm.imgw.pl\/wp-content\/uploads\/2023\/07\/obraz-zawierajacy-szkic-rysowanie-grafika-liniow.gif\" alt=\"Obraz zawieraj\u0105cy szkic, rysowanie, Grafika liniowa, diagram\n\nOpis wygenerowany automatycznie\" \/><\/p>\n<p>Uk\u0142ad baryczny nad Skandynawi\u0105 jest rozbudowany ku g\u00f3rze. Na wszystkich poziomach, co jest niezwyk\u0142\u0105 rzadko\u015bci\u0105, uk\u0142ad jest wielocentrowy. Nad Atlantykiem zalegaj\u0105cy uk\u0142ad wysokiego ci\u015bnienia jest uk\u0142adem niskim, z cyrkulacj\u0105 antycyklonaln\u0105 do poziomu 700 hPa. Wy\u017cej izohipsy gi\u0119te na kszta\u0142t zatoki.<\/p>\n<p><strong>Analiza g\u00f3rnego pola wiatru, 04 VII 2023 roku, godzina 18 UTC<\/strong><\/p>\n<p><img loading=\"lazy\" width=\"2156\" height=\"1728\" class=\"wp-image-33434 aligncenter\" src=\"http:\/\/cmm.imgw.pl\/wp-content\/uploads\/2023\/07\/obraz-zawierajacy-mapa-tekst-diagram-opis-wygen.png\" alt=\"Obraz zawieraj\u0105cy mapa, tekst, diagram\n\nOpis wygenerowany automatycznie\" srcset=\"https:\/\/cmm.imgw.pl\/wp-content\/uploads\/2023\/07\/obraz-zawierajacy-mapa-tekst-diagram-opis-wygen.png 2156w, https:\/\/cmm.imgw.pl\/wp-content\/uploads\/2023\/07\/obraz-zawierajacy-mapa-tekst-diagram-opis-wygen-300x240.png 300w, https:\/\/cmm.imgw.pl\/wp-content\/uploads\/2023\/07\/obraz-zawierajacy-mapa-tekst-diagram-opis-wygen-1024x821.png 1024w, https:\/\/cmm.imgw.pl\/wp-content\/uploads\/2023\/07\/obraz-zawierajacy-mapa-tekst-diagram-opis-wygen-768x616.png 768w, https:\/\/cmm.imgw.pl\/wp-content\/uploads\/2023\/07\/obraz-zawierajacy-mapa-tekst-diagram-opis-wygen-1536x1231.png 1536w, https:\/\/cmm.imgw.pl\/wp-content\/uploads\/2023\/07\/obraz-zawierajacy-mapa-tekst-diagram-opis-wygen-2048x1641.png 2048w\" sizes=\"(max-width: 2156px) 100vw, 2156px\" \/><\/p>\n<p>Nad Wielk\u0105 Brytani\u0105, Morzem P\u00f3\u0142nocnym, Dani\u0105, Ba\u0142tykiem, \u0141otw\u0105, a\u017c po p\u00f3\u0142nocno zachodni\u0105 Rosj\u0105 zalega pr\u0105d strumieniowy na wysoko\u015bci FL310, z maksymaln\u0105 pr\u0119dko\u015bci\u0105 w osi pr\u0105du 45-50 m\/s. Nad Atlantykiem i zachodni\u0105 Francj\u0105 wyst\u0119puje pr\u0105d strumieniowy na wysoko\u015bci FL330 z maksymaln\u0105 pr\u0119dko\u015bci\u0105 w osi pr\u0105du 45-55 m\/s. Nad Atlantykiem, P\u0142w. Iberyjskim a\u017c po Morze \u015ar\u00f3dziemne obserwuje si\u0119 pr\u0105d strumieniowy na wysoko\u015bci FL390 z maksymaln\u0105 pr\u0119dko\u015bci\u0105 w osi pr\u0105du 45-55 m\/s. W obszarze przerywanej linii [1] wyst\u0119puje turbulencja czystego nieba w przedziale wysoko\u015bci FL320\/430. W obszarze przerywanej linii [2] wyst\u0119puje turbulencja czystego nieba w przedziale wysoko\u015bci FL250\/360. W obszarze przerywanej linii [3] wyst\u0119puje turbulencja czystego nieba w przedziale wysoko\u015bci FL330\/440. W obszarze przerywanej linii [4] wyst\u0119puje turbulencja czystego nieba w przedziale wysoko\u015bci FL260\/370.<\/p>\n<p><img loading=\"lazy\" width=\"600\" height=\"640\" class=\"wp-image-33435 aligncenter\" src=\"http:\/\/cmm.imgw.pl\/wp-content\/uploads\/2023\/07\/word-image-33429-6.png\" srcset=\"https:\/\/cmm.imgw.pl\/wp-content\/uploads\/2023\/07\/word-image-33429-6.png 600w, https:\/\/cmm.imgw.pl\/wp-content\/uploads\/2023\/07\/word-image-33429-6-281x300.png 281w\" sizes=\"(max-width: 600px) 100vw, 600px\" \/><\/p>\n<p>Z symulacji numerycznych wynika, \u017ce o godzinie 18 UTC o\u015b pr\u0105du strumieniowego powinna przebiega\u0107 nad Ba\u0142tykiem i p\u00f3\u0142nocn\u0105 Polsk\u0105. Maksymalna pr\u0119dko\u015b\u0107 w osi pr\u0105du powinna wynosi\u0107 55 m\/s.<\/p>\n<p><strong>Analiza termiczna troposfery<\/strong><\/p>\n<p><img loading=\"lazy\" width=\"634\" height=\"490\" class=\"wp-image-33436 aligncenter\" src=\"http:\/\/cmm.imgw.pl\/wp-content\/uploads\/2023\/07\/thck-500-1000hpa-gfs-wto-04-07-2023-18-utc.gif\" alt=\"Thck 500-1000hPa GFS wto. 04.07.2023 18 UTC\" \/> <img loading=\"lazy\" width=\"634\" height=\"490\" class=\"wp-image-33437 aligncenter\" src=\"http:\/\/cmm.imgw.pl\/wp-content\/uploads\/2023\/07\/theta-w-850hpa-gfs-wto-04-07-2023-18-utc.gif\" alt=\"Theta-W 850hPa GFS wto. 04.07.2023 18 UTC\" \/><\/p>\n<p>Nad Atlantykiem, Islandi\u0105, Morzem P\u00f3\u0142nocnym, Norweskim i Ba\u0142tykiem, nad Skandynawi\u0105, P\u0142w. Kolskim, p\u00f3\u0142nocn\u0105 Francj\u0105, Niemcami, Dani\u0105 oraz p\u00f3\u0142nocn\u0105 Polsk\u0105 zalega obszar ch\u0142odu. Centrum obszaru ch\u0142odu wyst\u0119puje na wsch\u00f3d od Islandii. P\u0142w. Iberyjski w zasi\u0119gu klina ciep\u0142a. Rejon Islandii i okolic w zasi\u0119gu powietrza arktycznego. P\u0142w. Iberyjski obj\u0119ty powietrzem zwrotnikowym. Pozosta\u0142y obszar kontynentu w zasi\u0119gu powietrza polarno-morskiego.<\/p>\n<p><img loading=\"lazy\" width=\"732\" height=\"651\" class=\"wp-image-33438 aligncenter\" src=\"http:\/\/cmm.imgw.pl\/wp-content\/uploads\/2023\/07\/word-image-33429-9.png\" srcset=\"https:\/\/cmm.imgw.pl\/wp-content\/uploads\/2023\/07\/word-image-33429-9.png 732w, https:\/\/cmm.imgw.pl\/wp-content\/uploads\/2023\/07\/word-image-33429-9-300x267.png 300w\" sizes=\"(max-width: 732px) 100vw, 732px\" \/> <img loading=\"lazy\" width=\"600\" height=\"640\" class=\"wp-image-33439 aligncenter\" src=\"http:\/\/cmm.imgw.pl\/wp-content\/uploads\/2023\/07\/word-image-33429-10.png\" srcset=\"https:\/\/cmm.imgw.pl\/wp-content\/uploads\/2023\/07\/word-image-33429-10.png 600w, https:\/\/cmm.imgw.pl\/wp-content\/uploads\/2023\/07\/word-image-33429-10-281x300.png 281w\" sizes=\"(max-width: 600px) 100vw, 600px\" \/> <img loading=\"lazy\" width=\"600\" height=\"640\" class=\"wp-image-33440 aligncenter\" src=\"http:\/\/cmm.imgw.pl\/wp-content\/uploads\/2023\/07\/word-image-33429-11.png\" srcset=\"https:\/\/cmm.imgw.pl\/wp-content\/uploads\/2023\/07\/word-image-33429-11.png 600w, https:\/\/cmm.imgw.pl\/wp-content\/uploads\/2023\/07\/word-image-33429-11-281x300.png 281w\" sizes=\"(max-width: 600px) 100vw, 600px\" \/><\/p>\n<p>Nad Polsk\u0105 wyst\u0119puje dodatni k\u0105t adwekcji co wskazuje na adwekcj\u0119 ch\u0142odu. P\u00f3\u0142nocna Polska na skraju zatoki ch\u0142odu. Na kra\u0144cach po\u0142udniowo wschodniej Polski \u015brednia temperatura warstwy powietrza o grubo\u015bci 500 hPa jest najwy\u017csza.<\/p>\n<p><img loading=\"lazy\" width=\"800\" height=\"640\" class=\"wp-image-33441 aligncenter\" src=\"http:\/\/cmm.imgw.pl\/wp-content\/uploads\/2023\/07\/obraz-zawierajacy-tekst-diagram-linia-wykres-o.gif\" alt=\"Obraz zawieraj\u0105cy tekst, diagram, linia, Wykres\n\nOpis wygenerowany automatycznie\" \/> <img loading=\"lazy\" width=\"800\" height=\"640\" class=\"wp-image-33442 aligncenter\" src=\"http:\/\/cmm.imgw.pl\/wp-content\/uploads\/2023\/07\/obraz-zawierajacy-tekst-diagram-linia-opis-wyge.gif\" alt=\"Obraz zawieraj\u0105cy tekst, diagram, linia\n\nOpis wygenerowany automatycznie\" \/> <img loading=\"lazy\" width=\"800\" height=\"640\" class=\"wp-image-33443 aligncenter\" src=\"http:\/\/cmm.imgw.pl\/wp-content\/uploads\/2023\/07\/obraz-zawierajacy-tekst-diagram-linia-wykres-o-1.gif\" alt=\"Obraz zawieraj\u0105cy tekst, diagram, linia, Wykres\n\nOpis wygenerowany automatycznie\" \/><\/p>\n<p>W pasie po\u0142udniowo wschodnim i p\u00f3\u0142nocno zachodnim znajdowa\u0142a si\u0119 wi\u0119ksza zawarto\u015b\u0107 pary wodnej. Na pozosta\u0142ym obszarze kraju masa powietrza by\u0142a umiarkowanie s ucha.<\/p>\n<p><strong>Rozw\u00f3j sytuacji barycznej nad Europ\u0105 <\/strong><\/p>\n<p><img loading=\"lazy\" width=\"1075\" height=\"764\" class=\"wp-image-33444 aligncenter\" src=\"http:\/\/cmm.imgw.pl\/wp-content\/uploads\/2023\/07\/obraz-zawierajacy-mapa-atlas-tekst-opis-wygener.gif\" alt=\"Obraz zawieraj\u0105cy mapa, atlas, tekst\n\nOpis wygenerowany automatycznie\" \/> <img loading=\"lazy\" width=\"1075\" height=\"764\" class=\"wp-image-33445 aligncenter\" src=\"http:\/\/cmm.imgw.pl\/wp-content\/uploads\/2023\/07\/obraz-zawierajacy-mapa-tekst-atlas-diagram-opi-2.gif\" alt=\"Obraz zawieraj\u0105cy mapa, tekst, atlas, diagram\n\nOpis wygenerowany automatycznie\" \/><\/p>\n<p>Nad wschodni\u0105 Europ\u0105 zalega\u0107 b\u0119dzie rozleg\u0142y uk\u0142ad wysokiego ci\u015bnienia. Nad Dani\u0105 wyst\u0119powa\u0107 b\u0119dzie wir cykloniczny z centrum 995 hPa. Ni\u017c b\u0119dzie w stadium okludowania i wype\u0142niania. Jutro pogod\u0119 w Polsce kszta\u0142towa\u0107 b\u0119dzie uk\u0142ad front\u00f3w atmosferycznych przemieszczaj\u0105cych si\u0119 z zachodu na wsch\u00f3d. Wy\u017c znad Atlantyku b\u0119dzie si\u0119 rozbudowywa\u0142 na wsch\u00f3d i po przej\u015bciu frontu ch\u0142odnego zachodnie rejony Europy dostan\u0105 si\u0119 pod wp\u0142yw klina wy\u017cowego. Na zach\u00f3d od Wielkiej Brytanii znajdowa\u0107 si\u0119 b\u0119dzie pofalowany front atmosferyczny. Na po\u0142udniowy wsch\u00f3d wyst\u0119powa\u0107 b\u0119dzie p\u0142ytki ni\u017c. Nad p\u00f3\u0142nocno zachodni\u0105 Rosj\u0105 znajdowa\u0107 si\u0119 b\u0119dzie front atmosferyczne. W rejonie P\u0142w. Kolskiego zalega\u0107 b\u0119dzie p\u0142ytki ni\u017c z frontem okluzji nad Morzem Barentsa.<\/p>\n<p><strong>Rozw\u00f3j g\u00f3rnego pola ci\u015bnienia<\/strong><\/p>\n<p><img loading=\"lazy\" width=\"700\" height=\"485\" class=\"wp-image-33446 aligncenter\" src=\"http:\/\/cmm.imgw.pl\/wp-content\/uploads\/2023\/07\/word-image-33429-17.png\" srcset=\"https:\/\/cmm.imgw.pl\/wp-content\/uploads\/2023\/07\/word-image-33429-17.png 700w, https:\/\/cmm.imgw.pl\/wp-content\/uploads\/2023\/07\/word-image-33429-17-300x208.png 300w\" sizes=\"(max-width: 700px) 100vw, 700px\" \/> <img loading=\"lazy\" width=\"696\" height=\"485\" class=\"wp-image-33447 aligncenter\" src=\"http:\/\/cmm.imgw.pl\/wp-content\/uploads\/2023\/07\/word-image-33429-18.png\" srcset=\"https:\/\/cmm.imgw.pl\/wp-content\/uploads\/2023\/07\/word-image-33429-18.png 696w, https:\/\/cmm.imgw.pl\/wp-content\/uploads\/2023\/07\/word-image-33429-18-300x209.png 300w\" sizes=\"(max-width: 696px) 100vw, 696px\" \/> <img loading=\"lazy\" width=\"696\" height=\"486\" class=\"wp-image-33448 aligncenter\" src=\"http:\/\/cmm.imgw.pl\/wp-content\/uploads\/2023\/07\/word-image-33429-19.png\" srcset=\"https:\/\/cmm.imgw.pl\/wp-content\/uploads\/2023\/07\/word-image-33429-19.png 696w, https:\/\/cmm.imgw.pl\/wp-content\/uploads\/2023\/07\/word-image-33429-19-300x209.png 300w\" sizes=\"(max-width: 696px) 100vw, 696px\" \/> <img loading=\"lazy\" width=\"697\" height=\"487\" class=\"wp-image-33449 aligncenter\" src=\"http:\/\/cmm.imgw.pl\/wp-content\/uploads\/2023\/07\/word-image-33429-20.png\" srcset=\"https:\/\/cmm.imgw.pl\/wp-content\/uploads\/2023\/07\/word-image-33429-20.png 697w, https:\/\/cmm.imgw.pl\/wp-content\/uploads\/2023\/07\/word-image-33429-20-300x210.png 300w\" sizes=\"(max-width: 697px) 100vw, 697px\" \/> <img loading=\"lazy\" width=\"696\" height=\"486\" class=\"wp-image-33450 aligncenter\" src=\"http:\/\/cmm.imgw.pl\/wp-content\/uploads\/2023\/07\/word-image-33429-21.png\" srcset=\"https:\/\/cmm.imgw.pl\/wp-content\/uploads\/2023\/07\/word-image-33429-21.png 696w, https:\/\/cmm.imgw.pl\/wp-content\/uploads\/2023\/07\/word-image-33429-21-300x209.png 300w\" sizes=\"(max-width: 696px) 100vw, 696px\" \/> <img loading=\"lazy\" width=\"698\" height=\"488\" class=\"wp-image-33451 aligncenter\" src=\"http:\/\/cmm.imgw.pl\/wp-content\/uploads\/2023\/07\/word-image-33429-22.png\" srcset=\"https:\/\/cmm.imgw.pl\/wp-content\/uploads\/2023\/07\/word-image-33429-22.png 698w, https:\/\/cmm.imgw.pl\/wp-content\/uploads\/2023\/07\/word-image-33429-22-300x210.png 300w\" sizes=\"(max-width: 698px) 100vw, 698px\" \/><\/p>\n<p>Ni\u017c wyst\u0119puj\u0105cy na po\u0142udniowy wsch\u00f3d od Islandii jest uk\u0142adem wysokim z zamkni\u0119t\u0105 cyrkulacj\u0105 cykloniczn\u0105 do poziomu 300 hPa. Ni\u017c z rejonu P\u0142w. Kolskiego i Morza Barentsa b\u0119dzie uk\u0142adem wysokim. Ni\u017c rejonu Dani pocz\u0105tkowo b\u0119dzie uk\u0142adem \u015brednim rozbudowuj\u0105cym si\u0119 ku g\u00f3rze. W nocy 5\/6 VII b\u0119dzie ju\u017c to uk\u0142ad wysoki. Wy\u017c znad zachodniej Rosji b\u0119dzie uk\u0142adem niskim, z zamkni\u0119t\u0105 cyrkulacj\u0105 antycyklonaln\u0105 na poziomie 850 hPa. Wy\u017cej izohipsy gi\u0119te na kszta\u0142t klina.<\/p>\n<p><strong>Rozw\u00f3j g\u00f3rnego pola wiatru<\/strong><\/p>\n<p><img loading=\"lazy\" width=\"2156\" height=\"1728\" class=\"wp-image-33452 aligncenter\" src=\"http:\/\/cmm.imgw.pl\/wp-content\/uploads\/2023\/07\/obraz-zawierajacy-tekst-mapa-diagram-opis-wygen-1.png\" alt=\"Obraz zawieraj\u0105cy tekst, mapa, diagram\n\nOpis wygenerowany automatycznie\" srcset=\"https:\/\/cmm.imgw.pl\/wp-content\/uploads\/2023\/07\/obraz-zawierajacy-tekst-mapa-diagram-opis-wygen-1.png 2156w, https:\/\/cmm.imgw.pl\/wp-content\/uploads\/2023\/07\/obraz-zawierajacy-tekst-mapa-diagram-opis-wygen-1-300x240.png 300w, https:\/\/cmm.imgw.pl\/wp-content\/uploads\/2023\/07\/obraz-zawierajacy-tekst-mapa-diagram-opis-wygen-1-1024x821.png 1024w, https:\/\/cmm.imgw.pl\/wp-content\/uploads\/2023\/07\/obraz-zawierajacy-tekst-mapa-diagram-opis-wygen-1-768x616.png 768w, https:\/\/cmm.imgw.pl\/wp-content\/uploads\/2023\/07\/obraz-zawierajacy-tekst-mapa-diagram-opis-wygen-1-1536x1231.png 1536w, https:\/\/cmm.imgw.pl\/wp-content\/uploads\/2023\/07\/obraz-zawierajacy-tekst-mapa-diagram-opis-wygen-1-2048x1641.png 2048w\" sizes=\"(max-width: 2156px) 100vw, 2156px\" \/><\/p>\n<p>Nad p\u00f3\u0142nocno wschodni\u0105 Europ\u0105 zalega\u0107 b\u0119dzie pr\u0105d strumieniowy na wysoko\u015bci FL290, z maksymaln\u0105 pr\u0119dko\u015bci\u0105 w osi pr\u0105du 50 m\/s. Nad Francj\u0105 wyst\u0119powa\u0107 b\u0119dzie pr\u0105d strumieniowy na wysoko\u015bci FL320, z maksymaln\u0105 pr\u0119dko\u015bci\u0105 w osi pr\u0105du 45 m\/s. Nad Atlantykiem, Francj\u0105, a\u017c po Korsyk\u0119 wyst\u0119powa\u0107 b\u0119dzie pr\u0105d strumieniowy na wysoko\u015bci FL380, z maksymaln\u0105 pr\u0119dko\u015bci\u0105 w osi pr\u0105du 45-50 m\/s. W obszarze przerywanej linii [1] wyst\u0119powa\u0107 b\u0119dzie turbulencja czystego nieba w przedziale wysoko\u015bci FL280\/410. W obszarze przerywanej linii [2] wyst\u0119powa\u0107 b\u0119dzie turbulencja czystego nieba w przedziale wysoko\u015bci FL230\/350. W obszarze przerywanej linii [3] wyst\u0119powa\u0107 b\u0119dzie okazjonalnie turbulencja czystego nieba w przedziale wysoko\u015bci FL260\/320. W obszarze przerywanej linii [4] wyst\u0119powa\u0107 b\u0119dzie turbulencja czystego nieba w przedziale wysoko\u015bci FL250\/350. W obszarze przerywanej linii [5] wyst\u0119powa\u0107 b\u0119dzie turbulencja czystego nieba w przedziale wysoko\u015bci FL210\/380.<\/p>\n<p><img loading=\"lazy\" width=\"634\" height=\"490\" class=\"wp-image-33453 aligncenter\" src=\"http:\/\/cmm.imgw.pl\/wp-content\/uploads\/2023\/07\/prad-strumieniowy-gfs-sro-05-07-2023-12-utc.gif\" alt=\"Pr\u0105d strumieniowy GFS \u015bro. 05.07.2023 12 UTC\" \/> <img loading=\"lazy\" width=\"634\" height=\"490\" class=\"wp-image-33454 aligncenter\" src=\"http:\/\/cmm.imgw.pl\/wp-content\/uploads\/2023\/07\/prad-strumieniowy-gfs-czw-06-07-2023-12-utc.gif\" alt=\"Pr\u0105d strumieniowy GFS czw. 06.07.2023 12 UTC\" \/><\/p>\n<p>W ci\u0105gu najbli\u017cszej doby strefa zwi\u0119kszonej pr\u0119dko\u015bci wiatru nasunie si\u0119 nad Ba\u0142tyk i p\u00f3\u0142nocn\u0105 Polsk\u0105. Nad p\u00f3\u0142nocn\u0105 Angli\u0105 zaznaczy si\u0119 strefa zwi\u0119kszonej pr\u0119dko\u015bci wiatru.<\/p>\n<p><strong>Rozw\u00f3j warunk\u00f3w termicznych troposfery<\/strong><\/p>\n<p><img loading=\"lazy\" width=\"634\" height=\"490\" class=\"wp-image-33455 aligncenter\" src=\"http:\/\/cmm.imgw.pl\/wp-content\/uploads\/2023\/07\/thck-500-1000hpa-gfs-sro-05-07-2023-12-utc.gif\" alt=\"Thck 500-1000hPa GFS \u015bro. 05.07.2023 12 UTC\" \/> <img loading=\"lazy\" width=\"634\" height=\"490\" class=\"wp-image-33456 aligncenter\" src=\"http:\/\/cmm.imgw.pl\/wp-content\/uploads\/2023\/07\/thck-500-1000hpa-gfs-czw-06-07-2023-12-utc.gif\" alt=\"Thck 500-1000hPa GFS czw. 06.07.2023 12 UTC\" \/><\/p>\n<p>Rozk\u0142ad pola ciep\u0142a o ch\u0142odu oraz mas powietrza nad kontynentem nie ulegnie znacz\u0105cym zmianom.<\/p>\n<p><img loading=\"lazy\" width=\"600\" height=\"640\" class=\"wp-image-33457 aligncenter\" src=\"http:\/\/cmm.imgw.pl\/wp-content\/uploads\/2023\/07\/word-image-33429-28.png\" srcset=\"https:\/\/cmm.imgw.pl\/wp-content\/uploads\/2023\/07\/word-image-33429-28.png 600w, https:\/\/cmm.imgw.pl\/wp-content\/uploads\/2023\/07\/word-image-33429-28-281x300.png 281w\" sizes=\"(max-width: 600px) 100vw, 600px\" \/> <img loading=\"lazy\" width=\"600\" height=\"640\" class=\"wp-image-33458 aligncenter\" src=\"http:\/\/cmm.imgw.pl\/wp-content\/uploads\/2023\/07\/word-image-33429-29.png\" srcset=\"https:\/\/cmm.imgw.pl\/wp-content\/uploads\/2023\/07\/word-image-33429-29.png 600w, https:\/\/cmm.imgw.pl\/wp-content\/uploads\/2023\/07\/word-image-33429-29-281x300.png 281w\" sizes=\"(max-width: 600px) 100vw, 600px\" \/> <img loading=\"lazy\" width=\"600\" height=\"640\" class=\"wp-image-33459 aligncenter\" src=\"http:\/\/cmm.imgw.pl\/wp-content\/uploads\/2023\/07\/word-image-33429-30.png\" srcset=\"https:\/\/cmm.imgw.pl\/wp-content\/uploads\/2023\/07\/word-image-33429-30.png 600w, https:\/\/cmm.imgw.pl\/wp-content\/uploads\/2023\/07\/word-image-33429-30-281x300.png 281w\" sizes=\"(max-width: 600px) 100vw, 600px\" \/><\/p>\n<p>W \u015brod\u0119 nad Polsk\u0105 zalega\u0107 b\u0119dzie o\u015b klina ciep\u0142\u0105. Strefa wy\u017cszych \u015brednich temperatur warstwy o grubo\u015bci 500 hPa b\u0119dzie przemieszcza\u0107 si\u0119 na wsch\u00f3d. Od zachodu nasunie si\u0119 zatoka ch\u0142odu.<\/p>\n<p><strong>Ewolucja pola wilgotno\u015bci w troposferze<\/strong><\/p>\n<p><img loading=\"lazy\" width=\"600\" height=\"640\" class=\"wp-image-33460 aligncenter\" src=\"http:\/\/cmm.imgw.pl\/wp-content\/uploads\/2023\/07\/word-image-33429-31.png\" srcset=\"https:\/\/cmm.imgw.pl\/wp-content\/uploads\/2023\/07\/word-image-33429-31.png 600w, https:\/\/cmm.imgw.pl\/wp-content\/uploads\/2023\/07\/word-image-33429-31-281x300.png 281w\" sizes=\"(max-width: 600px) 100vw, 600px\" \/> <img loading=\"lazy\" width=\"600\" height=\"640\" class=\"wp-image-33461 aligncenter\" src=\"http:\/\/cmm.imgw.pl\/wp-content\/uploads\/2023\/07\/word-image-33429-32.png\" srcset=\"https:\/\/cmm.imgw.pl\/wp-content\/uploads\/2023\/07\/word-image-33429-32.png 600w, https:\/\/cmm.imgw.pl\/wp-content\/uploads\/2023\/07\/word-image-33429-32-281x300.png 281w\" sizes=\"(max-width: 600px) 100vw, 600px\" \/><\/p>\n<p>W ci\u0105gu dnia na wysoko\u015bci 850 hPa, na zachodzie kraju, wyst\u0119powa\u0107 b\u0119dzie wilgotna masa powietrza. Na zachodzie wilgotno\u015b\u0107 b\u0119dzie ni\u017csza. W nocy, z wy\u0142\u0105czeniem pasa centralnego, masa powietrza powinna by\u0107 wilgotna.<\/p>\n<p><img loading=\"lazy\" width=\"600\" height=\"640\" class=\"wp-image-33462 aligncenter\" src=\"http:\/\/cmm.imgw.pl\/wp-content\/uploads\/2023\/07\/word-image-33429-33.png\" srcset=\"https:\/\/cmm.imgw.pl\/wp-content\/uploads\/2023\/07\/word-image-33429-33.png 600w, https:\/\/cmm.imgw.pl\/wp-content\/uploads\/2023\/07\/word-image-33429-33-281x300.png 281w\" sizes=\"(max-width: 600px) 100vw, 600px\" \/> <img loading=\"lazy\" width=\"600\" height=\"640\" class=\"wp-image-33463 aligncenter\" src=\"http:\/\/cmm.imgw.pl\/wp-content\/uploads\/2023\/07\/word-image-33429-34.png\" srcset=\"https:\/\/cmm.imgw.pl\/wp-content\/uploads\/2023\/07\/word-image-33429-34.png 600w, https:\/\/cmm.imgw.pl\/wp-content\/uploads\/2023\/07\/word-image-33429-34-281x300.png 281w\" sizes=\"(max-width: 600px) 100vw, 600px\" \/><\/p>\n<p>W na wysoko\u015bci 500 hPa z zachodu na wsch\u00f3d b\u0119dzie przemieszcza\u0142a si\u0119 strefa zwi\u0119kszonej wilgotno\u015bci. W nocy zachodnie rejony b\u0119d\u0105 w zasi\u0119gu suchej masy powietrza.<\/p>\n<p><img loading=\"lazy\" width=\"600\" height=\"640\" class=\"wp-image-33464 aligncenter\" src=\"http:\/\/cmm.imgw.pl\/wp-content\/uploads\/2023\/07\/word-image-33429-35.png\" srcset=\"https:\/\/cmm.imgw.pl\/wp-content\/uploads\/2023\/07\/word-image-33429-35.png 600w, https:\/\/cmm.imgw.pl\/wp-content\/uploads\/2023\/07\/word-image-33429-35-281x300.png 281w\" sizes=\"(max-width: 600px) 100vw, 600px\" \/> <img loading=\"lazy\" width=\"600\" height=\"640\" class=\"wp-image-33465 aligncenter\" src=\"http:\/\/cmm.imgw.pl\/wp-content\/uploads\/2023\/07\/word-image-33429-36.png\" srcset=\"https:\/\/cmm.imgw.pl\/wp-content\/uploads\/2023\/07\/word-image-33429-36.png 600w, https:\/\/cmm.imgw.pl\/wp-content\/uploads\/2023\/07\/word-image-33429-36-281x300.png 281w\" sizes=\"(max-width: 600px) 100vw, 600px\" \/><\/p>\n<p>Na wysoko\u015bci 9 km w ci\u0105gu dnia wysoka wilgotno\u015b\u0107, z wyj\u0105tkiem rejon\u00f3w po\u0142udniowych, gdzie wilgotno\u015b\u0107 b\u0119dzie niska. W nocy na zachodzi i na po\u0142udniu kraju wilgotno\u015b\u0107 niska, na pozosta\u0142ym obszarze wilgotno\u015b\u0107 wysoka.<\/p>\n<p><strong>Prognoza zachmurzenia<\/strong><\/p>\n<p><img loading=\"lazy\" width=\"600\" height=\"640\" class=\"wp-image-33466 aligncenter\" src=\"http:\/\/cmm.imgw.pl\/wp-content\/uploads\/2023\/07\/word-image-33429-37.png\" srcset=\"https:\/\/cmm.imgw.pl\/wp-content\/uploads\/2023\/07\/word-image-33429-37.png 600w, https:\/\/cmm.imgw.pl\/wp-content\/uploads\/2023\/07\/word-image-33429-37-281x300.png 281w\" sizes=\"(max-width: 600px) 100vw, 600px\" \/> <img loading=\"lazy\" width=\"600\" height=\"640\" class=\"wp-image-33467 aligncenter\" src=\"http:\/\/cmm.imgw.pl\/wp-content\/uploads\/2023\/07\/word-image-33429-38.png\" srcset=\"https:\/\/cmm.imgw.pl\/wp-content\/uploads\/2023\/07\/word-image-33429-38.png 600w, https:\/\/cmm.imgw.pl\/wp-content\/uploads\/2023\/07\/word-image-33429-38-281x300.png 281w\" sizes=\"(max-width: 600px) 100vw, 600px\" \/> <img loading=\"lazy\" width=\"600\" height=\"640\" class=\"wp-image-33468 aligncenter\" src=\"http:\/\/cmm.imgw.pl\/wp-content\/uploads\/2023\/07\/word-image-33429-39.png\" srcset=\"https:\/\/cmm.imgw.pl\/wp-content\/uploads\/2023\/07\/word-image-33429-39.png 600w, https:\/\/cmm.imgw.pl\/wp-content\/uploads\/2023\/07\/word-image-33429-39-281x300.png 281w\" sizes=\"(max-width: 600px) 100vw, 600px\" \/> <img loading=\"lazy\" width=\"600\" height=\"640\" class=\"wp-image-33469 aligncenter\" src=\"http:\/\/cmm.imgw.pl\/wp-content\/uploads\/2023\/07\/word-image-33429-40.png\" srcset=\"https:\/\/cmm.imgw.pl\/wp-content\/uploads\/2023\/07\/word-image-33429-40.png 600w, https:\/\/cmm.imgw.pl\/wp-content\/uploads\/2023\/07\/word-image-33429-40-281x300.png 281w\" sizes=\"(max-width: 600px) 100vw, 600px\" \/><\/p>\n<p>Z zachodu na wsch\u00f3d b\u0119dzie przemieszcza\u0142a si\u0119 strefa du\u017cego zachmurzenia. W nocy i nad ranem w czwartek w zachodnich rejonach kraju wyst\u0105pi\u0105 rozpogodzenia.<\/p>\n<p><img loading=\"lazy\" width=\"600\" height=\"640\" class=\"wp-image-33470 aligncenter\" src=\"http:\/\/cmm.imgw.pl\/wp-content\/uploads\/2023\/07\/word-image-33429-41.png\" srcset=\"https:\/\/cmm.imgw.pl\/wp-content\/uploads\/2023\/07\/word-image-33429-41.png 600w, https:\/\/cmm.imgw.pl\/wp-content\/uploads\/2023\/07\/word-image-33429-41-281x300.png 281w\" sizes=\"(max-width: 600px) 100vw, 600px\" \/> <img loading=\"lazy\" width=\"600\" height=\"640\" class=\"wp-image-33471 aligncenter\" src=\"http:\/\/cmm.imgw.pl\/wp-content\/uploads\/2023\/07\/word-image-33429-42.png\" srcset=\"https:\/\/cmm.imgw.pl\/wp-content\/uploads\/2023\/07\/word-image-33429-42.png 600w, https:\/\/cmm.imgw.pl\/wp-content\/uploads\/2023\/07\/word-image-33429-42-281x300.png 281w\" sizes=\"(max-width: 600px) 100vw, 600px\" \/> <img loading=\"lazy\" width=\"600\" height=\"640\" class=\"wp-image-33472 aligncenter\" src=\"http:\/\/cmm.imgw.pl\/wp-content\/uploads\/2023\/07\/word-image-33429-43.png\" srcset=\"https:\/\/cmm.imgw.pl\/wp-content\/uploads\/2023\/07\/word-image-33429-43.png 600w, https:\/\/cmm.imgw.pl\/wp-content\/uploads\/2023\/07\/word-image-33429-43-281x300.png 281w\" sizes=\"(max-width: 600px) 100vw, 600px\" \/> <img loading=\"lazy\" width=\"600\" height=\"640\" class=\"wp-image-33473 aligncenter\" src=\"http:\/\/cmm.imgw.pl\/wp-content\/uploads\/2023\/07\/word-image-33429-44.png\" srcset=\"https:\/\/cmm.imgw.pl\/wp-content\/uploads\/2023\/07\/word-image-33429-44.png 600w, https:\/\/cmm.imgw.pl\/wp-content\/uploads\/2023\/07\/word-image-33429-44-281x300.png 281w\" sizes=\"(max-width: 600px) 100vw, 600px\" \/><\/p>\n<p>Na niebie nale\u017cy spodziewa\u0107 si\u0119 chmur Cumulus, Cumulonimbus cap inc arc, Stratocumulus. W strefie intensywnych opad\u00f3w mog\u0105 pojawi\u0107 si\u0119 poni\u017cej podstawy Cb chmury pannus (Stratus fractus cumulonimbogenitus, Cumulus fractus cumulonimbogenitus).<\/p>\n<p><img loading=\"lazy\" width=\"600\" height=\"640\" class=\"wp-image-33474 aligncenter\" src=\"http:\/\/cmm.imgw.pl\/wp-content\/uploads\/2023\/07\/word-image-33429-45.png\" srcset=\"https:\/\/cmm.imgw.pl\/wp-content\/uploads\/2023\/07\/word-image-33429-45.png 600w, https:\/\/cmm.imgw.pl\/wp-content\/uploads\/2023\/07\/word-image-33429-45-281x300.png 281w\" sizes=\"(max-width: 600px) 100vw, 600px\" \/> <img loading=\"lazy\" width=\"600\" height=\"640\" class=\"wp-image-33475 aligncenter\" src=\"http:\/\/cmm.imgw.pl\/wp-content\/uploads\/2023\/07\/word-image-33429-46.png\" srcset=\"https:\/\/cmm.imgw.pl\/wp-content\/uploads\/2023\/07\/word-image-33429-46.png 600w, https:\/\/cmm.imgw.pl\/wp-content\/uploads\/2023\/07\/word-image-33429-46-281x300.png 281w\" sizes=\"(max-width: 600px) 100vw, 600px\" \/> <img loading=\"lazy\" width=\"600\" height=\"640\" class=\"wp-image-33476 aligncenter\" src=\"http:\/\/cmm.imgw.pl\/wp-content\/uploads\/2023\/07\/word-image-33429-47.png\" srcset=\"https:\/\/cmm.imgw.pl\/wp-content\/uploads\/2023\/07\/word-image-33429-47.png 600w, https:\/\/cmm.imgw.pl\/wp-content\/uploads\/2023\/07\/word-image-33429-47-281x300.png 281w\" sizes=\"(max-width: 600px) 100vw, 600px\" \/> <img loading=\"lazy\" width=\"600\" height=\"640\" class=\"wp-image-33477 aligncenter\" src=\"http:\/\/cmm.imgw.pl\/wp-content\/uploads\/2023\/07\/word-image-33429-48.png\" srcset=\"https:\/\/cmm.imgw.pl\/wp-content\/uploads\/2023\/07\/word-image-33429-48.png 600w, https:\/\/cmm.imgw.pl\/wp-content\/uploads\/2023\/07\/word-image-33429-48-281x300.png 281w\" sizes=\"(max-width: 600px) 100vw, 600px\" \/><\/p>\n<p>W pi\u0119trze chmur \u015brednich wyst\u0119powa\u0107 b\u0119d\u0105 chmury Altocumulus i Altostratus. Altocumulus castellanus\/floccus\/lenticularis. W obszarze chmur Cb mog\u0105 powstawa\u0107 chmury Altocumulus cumulonimbogenitus, Altostratus cumulonimbogenitus.<\/p>\n<p><img loading=\"lazy\" width=\"600\" height=\"640\" class=\"wp-image-33478 aligncenter\" src=\"http:\/\/cmm.imgw.pl\/wp-content\/uploads\/2023\/07\/word-image-33429-49.png\" srcset=\"https:\/\/cmm.imgw.pl\/wp-content\/uploads\/2023\/07\/word-image-33429-49.png 600w, https:\/\/cmm.imgw.pl\/wp-content\/uploads\/2023\/07\/word-image-33429-49-281x300.png 281w\" sizes=\"(max-width: 600px) 100vw, 600px\" \/> <img loading=\"lazy\" width=\"600\" height=\"640\" class=\"wp-image-33479 aligncenter\" src=\"http:\/\/cmm.imgw.pl\/wp-content\/uploads\/2023\/07\/word-image-33429-50.png\" srcset=\"https:\/\/cmm.imgw.pl\/wp-content\/uploads\/2023\/07\/word-image-33429-50.png 600w, https:\/\/cmm.imgw.pl\/wp-content\/uploads\/2023\/07\/word-image-33429-50-281x300.png 281w\" sizes=\"(max-width: 600px) 100vw, 600px\" \/><\/p>\n<p>W pi\u0119trze chmur wysokich wyst\u0119powa\u0107 b\u0119d\u0105 chmury Cirrus fibratus\/spissatus\/uncinus, Cirrostratus fibratus. W obszarze chmur Cb mog\u0105 wyst\u0119powa\u0107 chmury Cirrus spissatus cumulonimbogenitus, Cirrostratus fibratus cumulonimbogenitus. Lokalnie mo\u017cliwy Cirrocumulus, w tym tak\u017ce Cirrocumulus undulatus.<\/p>\n<p><strong>Prognoza opad\u00f3w<\/strong><\/p>\n<p><img loading=\"lazy\" width=\"600\" height=\"640\" class=\"wp-image-33480 aligncenter\" src=\"http:\/\/cmm.imgw.pl\/wp-content\/uploads\/2023\/07\/word-image-33429-51.png\" srcset=\"https:\/\/cmm.imgw.pl\/wp-content\/uploads\/2023\/07\/word-image-33429-51.png 600w, https:\/\/cmm.imgw.pl\/wp-content\/uploads\/2023\/07\/word-image-33429-51-281x300.png 281w\" sizes=\"(max-width: 600px) 100vw, 600px\" \/> <img loading=\"lazy\" width=\"600\" height=\"640\" class=\"wp-image-33481 aligncenter\" src=\"http:\/\/cmm.imgw.pl\/wp-content\/uploads\/2023\/07\/word-image-33429-52.png\" srcset=\"https:\/\/cmm.imgw.pl\/wp-content\/uploads\/2023\/07\/word-image-33429-52.png 600w, https:\/\/cmm.imgw.pl\/wp-content\/uploads\/2023\/07\/word-image-33429-52-281x300.png 281w\" sizes=\"(max-width: 600px) 100vw, 600px\" \/> <img loading=\"lazy\" width=\"600\" height=\"640\" class=\"wp-image-33482 aligncenter\" src=\"http:\/\/cmm.imgw.pl\/wp-content\/uploads\/2023\/07\/word-image-33429-53.png\" srcset=\"https:\/\/cmm.imgw.pl\/wp-content\/uploads\/2023\/07\/word-image-33429-53.png 600w, https:\/\/cmm.imgw.pl\/wp-content\/uploads\/2023\/07\/word-image-33429-53-281x300.png 281w\" sizes=\"(max-width: 600px) 100vw, 600px\" \/> <img loading=\"lazy\" width=\"600\" height=\"640\" class=\"wp-image-33483 aligncenter\" src=\"http:\/\/cmm.imgw.pl\/wp-content\/uploads\/2023\/07\/word-image-33429-54.png\" srcset=\"https:\/\/cmm.imgw.pl\/wp-content\/uploads\/2023\/07\/word-image-33429-54.png 600w, https:\/\/cmm.imgw.pl\/wp-content\/uploads\/2023\/07\/word-image-33429-54-281x300.png 281w\" sizes=\"(max-width: 600px) 100vw, 600px\" \/> <img loading=\"lazy\" width=\"600\" height=\"640\" class=\"wp-image-33484 aligncenter\" src=\"http:\/\/cmm.imgw.pl\/wp-content\/uploads\/2023\/07\/word-image-33429-55.png\" srcset=\"https:\/\/cmm.imgw.pl\/wp-content\/uploads\/2023\/07\/word-image-33429-55.png 600w, https:\/\/cmm.imgw.pl\/wp-content\/uploads\/2023\/07\/word-image-33429-55-281x300.png 281w\" sizes=\"(max-width: 600px) 100vw, 600px\" \/> <img loading=\"lazy\" width=\"600\" height=\"640\" class=\"wp-image-33485 aligncenter\" src=\"http:\/\/cmm.imgw.pl\/wp-content\/uploads\/2023\/07\/word-image-33429-56.png\" srcset=\"https:\/\/cmm.imgw.pl\/wp-content\/uploads\/2023\/07\/word-image-33429-56.png 600w, https:\/\/cmm.imgw.pl\/wp-content\/uploads\/2023\/07\/word-image-33429-56-281x300.png 281w\" sizes=\"(max-width: 600px) 100vw, 600px\" \/> <img loading=\"lazy\" width=\"600\" height=\"640\" class=\"wp-image-33486 aligncenter\" src=\"http:\/\/cmm.imgw.pl\/wp-content\/uploads\/2023\/07\/word-image-33429-57.png\" srcset=\"https:\/\/cmm.imgw.pl\/wp-content\/uploads\/2023\/07\/word-image-33429-57.png 600w, https:\/\/cmm.imgw.pl\/wp-content\/uploads\/2023\/07\/word-image-33429-57-281x300.png 281w\" sizes=\"(max-width: 600px) 100vw, 600px\" \/><\/p>\n<p>Z zachodu na wsch\u00f3d przemieszcza\u0107 si\u0119 b\u0119dzie strefa opad\u00f3w przelotnych. Opady b\u0119d\u0105 o zmiennej intensywno\u015bci i wi\u0119kszych rozmiarach kropel.<\/p>\n<p><strong>Prognoza gradu<\/strong><\/p>\n<p><img loading=\"lazy\" width=\"600\" height=\"640\" class=\"wp-image-33487 aligncenter\" src=\"http:\/\/cmm.imgw.pl\/wp-content\/uploads\/2023\/07\/word-image-33429-58.png\" srcset=\"https:\/\/cmm.imgw.pl\/wp-content\/uploads\/2023\/07\/word-image-33429-58.png 600w, https:\/\/cmm.imgw.pl\/wp-content\/uploads\/2023\/07\/word-image-33429-58-281x300.png 281w\" sizes=\"(max-width: 600px) 100vw, 600px\" \/> <img loading=\"lazy\" width=\"600\" height=\"640\" class=\"wp-image-33488 aligncenter\" src=\"http:\/\/cmm.imgw.pl\/wp-content\/uploads\/2023\/07\/word-image-33429-59.png\" srcset=\"https:\/\/cmm.imgw.pl\/wp-content\/uploads\/2023\/07\/word-image-33429-59.png 600w, https:\/\/cmm.imgw.pl\/wp-content\/uploads\/2023\/07\/word-image-33429-59-281x300.png 281w\" sizes=\"(max-width: 600px) 100vw, 600px\" \/> <img loading=\"lazy\" width=\"600\" height=\"640\" class=\"wp-image-33489 aligncenter\" src=\"http:\/\/cmm.imgw.pl\/wp-content\/uploads\/2023\/07\/word-image-33429-60.png\" srcset=\"https:\/\/cmm.imgw.pl\/wp-content\/uploads\/2023\/07\/word-image-33429-60.png 600w, https:\/\/cmm.imgw.pl\/wp-content\/uploads\/2023\/07\/word-image-33429-60-281x300.png 281w\" sizes=\"(max-width: 600px) 100vw, 600px\" \/> <img loading=\"lazy\" width=\"600\" height=\"640\" class=\"wp-image-33490 aligncenter\" src=\"http:\/\/cmm.imgw.pl\/wp-content\/uploads\/2023\/07\/word-image-33429-61.png\" srcset=\"https:\/\/cmm.imgw.pl\/wp-content\/uploads\/2023\/07\/word-image-33429-61.png 600w, https:\/\/cmm.imgw.pl\/wp-content\/uploads\/2023\/07\/word-image-33429-61-281x300.png 281w\" sizes=\"(max-width: 600px) 100vw, 600px\" \/> <img loading=\"lazy\" width=\"600\" height=\"640\" class=\"wp-image-33491 aligncenter\" src=\"http:\/\/cmm.imgw.pl\/wp-content\/uploads\/2023\/07\/word-image-33429-62.png\" srcset=\"https:\/\/cmm.imgw.pl\/wp-content\/uploads\/2023\/07\/word-image-33429-62.png 600w, https:\/\/cmm.imgw.pl\/wp-content\/uploads\/2023\/07\/word-image-33429-62-281x300.png 281w\" sizes=\"(max-width: 600px) 100vw, 600px\" \/> <img loading=\"lazy\" width=\"600\" height=\"640\" class=\"wp-image-33492 aligncenter\" src=\"http:\/\/cmm.imgw.pl\/wp-content\/uploads\/2023\/07\/word-image-33429-63.png\" srcset=\"https:\/\/cmm.imgw.pl\/wp-content\/uploads\/2023\/07\/word-image-33429-63.png 600w, https:\/\/cmm.imgw.pl\/wp-content\/uploads\/2023\/07\/word-image-33429-63-281x300.png 281w\" sizes=\"(max-width: 600px) 100vw, 600px\" \/><\/p>\n<p>Nale\u017cy spodziewa\u0107 si\u0119 opadu gradu. Lokalnie gradziny mog\u0105 osi\u0105ga\u0107 rozmiary 1-2,5 cm. Maksymalne rozmiary gradzin mog\u0105 osi\u0105ga\u0107 rozmiary 5-7 cm.<\/p>\n<p><strong>Prognoza wy\u0142adowa\u0144<\/strong><\/p>\n<p><img loading=\"lazy\" width=\"600\" height=\"640\" class=\"wp-image-33493 aligncenter\" src=\"http:\/\/cmm.imgw.pl\/wp-content\/uploads\/2023\/07\/word-image-33429-64.png\" srcset=\"https:\/\/cmm.imgw.pl\/wp-content\/uploads\/2023\/07\/word-image-33429-64.png 600w, https:\/\/cmm.imgw.pl\/wp-content\/uploads\/2023\/07\/word-image-33429-64-281x300.png 281w\" sizes=\"(max-width: 600px) 100vw, 600px\" \/> <img loading=\"lazy\" width=\"600\" height=\"640\" class=\"wp-image-33494 aligncenter\" src=\"http:\/\/cmm.imgw.pl\/wp-content\/uploads\/2023\/07\/word-image-33429-65.png\" srcset=\"https:\/\/cmm.imgw.pl\/wp-content\/uploads\/2023\/07\/word-image-33429-65.png 600w, https:\/\/cmm.imgw.pl\/wp-content\/uploads\/2023\/07\/word-image-33429-65-281x300.png 281w\" sizes=\"(max-width: 600px) 100vw, 600px\" \/> <img loading=\"lazy\" width=\"600\" height=\"640\" class=\"wp-image-33495 aligncenter\" src=\"http:\/\/cmm.imgw.pl\/wp-content\/uploads\/2023\/07\/word-image-33429-66.png\" srcset=\"https:\/\/cmm.imgw.pl\/wp-content\/uploads\/2023\/07\/word-image-33429-66.png 600w, https:\/\/cmm.imgw.pl\/wp-content\/uploads\/2023\/07\/word-image-33429-66-281x300.png 281w\" sizes=\"(max-width: 600px) 100vw, 600px\" \/> <img loading=\"lazy\" width=\"600\" height=\"640\" class=\"wp-image-33496 aligncenter\" src=\"http:\/\/cmm.imgw.pl\/wp-content\/uploads\/2023\/07\/word-image-33429-67.png\" srcset=\"https:\/\/cmm.imgw.pl\/wp-content\/uploads\/2023\/07\/word-image-33429-67.png 600w, https:\/\/cmm.imgw.pl\/wp-content\/uploads\/2023\/07\/word-image-33429-67-281x300.png 281w\" sizes=\"(max-width: 600px) 100vw, 600px\" \/> <img loading=\"lazy\" width=\"600\" height=\"640\" class=\"wp-image-33497 aligncenter\" src=\"http:\/\/cmm.imgw.pl\/wp-content\/uploads\/2023\/07\/word-image-33429-68.png\" srcset=\"https:\/\/cmm.imgw.pl\/wp-content\/uploads\/2023\/07\/word-image-33429-68.png 600w, https:\/\/cmm.imgw.pl\/wp-content\/uploads\/2023\/07\/word-image-33429-68-281x300.png 281w\" sizes=\"(max-width: 600px) 100vw, 600px\" \/><\/p>\n<p><img loading=\"lazy\" width=\"600\" height=\"640\" class=\"wp-image-33498 aligncenter\" src=\"http:\/\/cmm.imgw.pl\/wp-content\/uploads\/2023\/07\/word-image-33429-69.png\" srcset=\"https:\/\/cmm.imgw.pl\/wp-content\/uploads\/2023\/07\/word-image-33429-69.png 600w, https:\/\/cmm.imgw.pl\/wp-content\/uploads\/2023\/07\/word-image-33429-69-281x300.png 281w\" sizes=\"(max-width: 600px) 100vw, 600px\" \/> <img loading=\"lazy\" width=\"600\" height=\"640\" class=\"wp-image-33499 aligncenter\" src=\"http:\/\/cmm.imgw.pl\/wp-content\/uploads\/2023\/07\/word-image-33429-70.png\" srcset=\"https:\/\/cmm.imgw.pl\/wp-content\/uploads\/2023\/07\/word-image-33429-70.png 600w, https:\/\/cmm.imgw.pl\/wp-content\/uploads\/2023\/07\/word-image-33429-70-281x300.png 281w\" sizes=\"(max-width: 600px) 100vw, 600px\" \/> <img loading=\"lazy\" width=\"600\" height=\"640\" class=\"wp-image-33500 aligncenter\" src=\"http:\/\/cmm.imgw.pl\/wp-content\/uploads\/2023\/07\/word-image-33429-71.png\" srcset=\"https:\/\/cmm.imgw.pl\/wp-content\/uploads\/2023\/07\/word-image-33429-71.png 600w, https:\/\/cmm.imgw.pl\/wp-content\/uploads\/2023\/07\/word-image-33429-71-281x300.png 281w\" sizes=\"(max-width: 600px) 100vw, 600px\" \/> <img loading=\"lazy\" width=\"600\" height=\"640\" class=\"wp-image-33501 aligncenter\" src=\"http:\/\/cmm.imgw.pl\/wp-content\/uploads\/2023\/07\/word-image-33429-72.png\" srcset=\"https:\/\/cmm.imgw.pl\/wp-content\/uploads\/2023\/07\/word-image-33429-72.png 600w, https:\/\/cmm.imgw.pl\/wp-content\/uploads\/2023\/07\/word-image-33429-72-281x300.png 281w\" sizes=\"(max-width: 600px) 100vw, 600px\" \/> <img loading=\"lazy\" width=\"600\" height=\"640\" class=\"wp-image-33502 aligncenter\" src=\"http:\/\/cmm.imgw.pl\/wp-content\/uploads\/2023\/07\/word-image-33429-73.png\" srcset=\"https:\/\/cmm.imgw.pl\/wp-content\/uploads\/2023\/07\/word-image-33429-73.png 600w, https:\/\/cmm.imgw.pl\/wp-content\/uploads\/2023\/07\/word-image-33429-73-281x300.png 281w\" sizes=\"(max-width: 600px) 100vw, 600px\" \/><\/p>\n<p>MUCAPE osi\u0105ga\u0107 b\u0119dzie lokalnie warto\u015b\u0107 3000-3500 J\/kg (silna i bardzo silna intensywno\u015b\u0107 konwekcji). Lifted indeks osi\u0105gnie warto\u015b\u0107 lokalnie nawet -9K (silna niestabilno\u015b\u0107). K-indeks osi\u0105ga\u0107 b\u0119dzie warto\u015b\u0107 do 40 K (liczne burze i intensywny deszcz). Wierzcho\u0142ki Cb osi\u0105gn\u0105\u0107 b\u0119d\u0105 wysoko\u015b\u0107 12 km. Temperatura wierzcho\u0142k\u00f3w wyniesie nawet -30\/-60 st. C. Wyst\u0105pi\u0105 sprzyjaj\u0105ce warunki do elektryzacji chmur w wyniku kt\u00f3rej powsta\u0142e pole elektryczne b\u0119dzie wystarczaj\u0105ce do inicjacji wy\u0142adowa\u0144 iskrowych, zar\u00f3wno wewn\u0105trzchmurowych jak i doziemnych.<\/p>\n<p><img loading=\"lazy\" width=\"600\" height=\"640\" class=\"wp-image-33503 aligncenter\" src=\"http:\/\/cmm.imgw.pl\/wp-content\/uploads\/2023\/07\/word-image-33429-74.png\" srcset=\"https:\/\/cmm.imgw.pl\/wp-content\/uploads\/2023\/07\/word-image-33429-74.png 600w, https:\/\/cmm.imgw.pl\/wp-content\/uploads\/2023\/07\/word-image-33429-74-281x300.png 281w\" sizes=\"(max-width: 600px) 100vw, 600px\" \/> <img loading=\"lazy\" width=\"600\" height=\"640\" class=\"wp-image-33504 aligncenter\" src=\"http:\/\/cmm.imgw.pl\/wp-content\/uploads\/2023\/07\/word-image-33429-75.png\" srcset=\"https:\/\/cmm.imgw.pl\/wp-content\/uploads\/2023\/07\/word-image-33429-75.png 600w, https:\/\/cmm.imgw.pl\/wp-content\/uploads\/2023\/07\/word-image-33429-75-281x300.png 281w\" sizes=\"(max-width: 600px) 100vw, 600px\" \/><\/p>\n<p><img loading=\"lazy\" width=\"634\" height=\"490\" class=\"wp-image-33505 aligncenter\" src=\"http:\/\/cmm.imgw.pl\/wp-content\/uploads\/2023\/07\/deep-layer-shear-0-6km-gfs-sro-05-07-2023-15-ut.gif\" alt=\"Deep layer shear (0-6km) GFS \u015bro. 05.07.2023 15 UTC\" \/><\/p>\n<p>Warstwie 0-6 km wyst\u0119powa\u0107 b\u0119d\u0105 \u015bci\u0119cia wiatru do 15 m\/s. DLS osi\u0105gnie warto\u015b\u0107 15-22\/23 m\/s. R\u00f3\u017cnica mi\u0119dzy LFC i LCL osi\u0105ga\u0107 b\u0119d\u0105 warto\u015b\u0107 poni\u017cej 200 metr\u00f3w co wskazuje na mo\u017cliwo\u015b\u0107 wyst\u0119powania gro\u017anych burz.<\/p>\n<p><img loading=\"lazy\" width=\"600\" height=\"640\" class=\"wp-image-33506 aligncenter\" src=\"http:\/\/cmm.imgw.pl\/wp-content\/uploads\/2023\/07\/word-image-33429-77.png\" srcset=\"https:\/\/cmm.imgw.pl\/wp-content\/uploads\/2023\/07\/word-image-33429-77.png 600w, https:\/\/cmm.imgw.pl\/wp-content\/uploads\/2023\/07\/word-image-33429-77-281x300.png 281w\" sizes=\"(max-width: 600px) 100vw, 600px\" \/> <img loading=\"lazy\" width=\"600\" height=\"640\" class=\"wp-image-33507 aligncenter\" src=\"http:\/\/cmm.imgw.pl\/wp-content\/uploads\/2023\/07\/word-image-33429-78.png\" srcset=\"https:\/\/cmm.imgw.pl\/wp-content\/uploads\/2023\/07\/word-image-33429-78.png 600w, https:\/\/cmm.imgw.pl\/wp-content\/uploads\/2023\/07\/word-image-33429-78-281x300.png 281w\" sizes=\"(max-width: 600px) 100vw, 600px\" \/> <img loading=\"lazy\" width=\"600\" height=\"640\" class=\"wp-image-33508 aligncenter\" src=\"http:\/\/cmm.imgw.pl\/wp-content\/uploads\/2023\/07\/word-image-33429-79.png\" srcset=\"https:\/\/cmm.imgw.pl\/wp-content\/uploads\/2023\/07\/word-image-33429-79.png 600w, https:\/\/cmm.imgw.pl\/wp-content\/uploads\/2023\/07\/word-image-33429-79-281x300.png 281w\" sizes=\"(max-width: 600px) 100vw, 600px\" \/> <img loading=\"lazy\" width=\"600\" height=\"640\" class=\"wp-image-33509 aligncenter\" src=\"http:\/\/cmm.imgw.pl\/wp-content\/uploads\/2023\/07\/word-image-33429-80.png\" srcset=\"https:\/\/cmm.imgw.pl\/wp-content\/uploads\/2023\/07\/word-image-33429-80.png 600w, https:\/\/cmm.imgw.pl\/wp-content\/uploads\/2023\/07\/word-image-33429-80-281x300.png 281w\" sizes=\"(max-width: 600px) 100vw, 600px\" \/> <img loading=\"lazy\" width=\"600\" height=\"640\" class=\"wp-image-33510 aligncenter\" src=\"http:\/\/cmm.imgw.pl\/wp-content\/uploads\/2023\/07\/word-image-33429-81.png\" srcset=\"https:\/\/cmm.imgw.pl\/wp-content\/uploads\/2023\/07\/word-image-33429-81.png 600w, https:\/\/cmm.imgw.pl\/wp-content\/uploads\/2023\/07\/word-image-33429-81-281x300.png 281w\" sizes=\"(max-width: 600px) 100vw, 600px\" \/> <img loading=\"lazy\" width=\"600\" height=\"640\" class=\"wp-image-33511 aligncenter\" src=\"http:\/\/cmm.imgw.pl\/wp-content\/uploads\/2023\/07\/word-image-33429-82.png\" srcset=\"https:\/\/cmm.imgw.pl\/wp-content\/uploads\/2023\/07\/word-image-33429-82.png 600w, https:\/\/cmm.imgw.pl\/wp-content\/uploads\/2023\/07\/word-image-33429-82-281x300.png 281w\" sizes=\"(max-width: 600px) 100vw, 600px\" \/><\/p>\n<p>Universal Tornadic Index osi\u0105ga\u0107 b\u0119dzie warto\u015b\u0107 lokalnie powy\u017cej 2.<\/p>\n<p><img loading=\"lazy\" width=\"600\" height=\"640\" class=\"wp-image-33512 aligncenter\" src=\"http:\/\/cmm.imgw.pl\/wp-content\/uploads\/2023\/07\/word-image-33429-83.png\" srcset=\"https:\/\/cmm.imgw.pl\/wp-content\/uploads\/2023\/07\/word-image-33429-83.png 600w, https:\/\/cmm.imgw.pl\/wp-content\/uploads\/2023\/07\/word-image-33429-83-281x300.png 281w\" sizes=\"(max-width: 600px) 100vw, 600px\" \/> <img loading=\"lazy\" width=\"600\" height=\"640\" class=\"wp-image-33513 aligncenter\" src=\"http:\/\/cmm.imgw.pl\/wp-content\/uploads\/2023\/07\/word-image-33429-84.png\" srcset=\"https:\/\/cmm.imgw.pl\/wp-content\/uploads\/2023\/07\/word-image-33429-84.png 600w, https:\/\/cmm.imgw.pl\/wp-content\/uploads\/2023\/07\/word-image-33429-84-281x300.png 281w\" sizes=\"(max-width: 600px) 100vw, 600px\" \/><\/p>\n<p><img loading=\"lazy\" width=\"600\" height=\"640\" class=\"wp-image-33514 aligncenter\" src=\"http:\/\/cmm.imgw.pl\/wp-content\/uploads\/2023\/07\/word-image-33429-85.png\" srcset=\"https:\/\/cmm.imgw.pl\/wp-content\/uploads\/2023\/07\/word-image-33429-85.png 600w, https:\/\/cmm.imgw.pl\/wp-content\/uploads\/2023\/07\/word-image-33429-85-281x300.png 281w\" sizes=\"(max-width: 600px) 100vw, 600px\" \/> <img loading=\"lazy\" width=\"600\" height=\"640\" class=\"wp-image-33515 aligncenter\" src=\"http:\/\/cmm.imgw.pl\/wp-content\/uploads\/2023\/07\/word-image-33429-86.png\" srcset=\"https:\/\/cmm.imgw.pl\/wp-content\/uploads\/2023\/07\/word-image-33429-86.png 600w, https:\/\/cmm.imgw.pl\/wp-content\/uploads\/2023\/07\/word-image-33429-86-281x300.png 281w\" sizes=\"(max-width: 600px) 100vw, 600px\" \/> <img loading=\"lazy\" width=\"600\" height=\"640\" class=\"wp-image-33516 aligncenter\" src=\"http:\/\/cmm.imgw.pl\/wp-content\/uploads\/2023\/07\/word-image-33429-87.png\" srcset=\"https:\/\/cmm.imgw.pl\/wp-content\/uploads\/2023\/07\/word-image-33429-87.png 600w, https:\/\/cmm.imgw.pl\/wp-content\/uploads\/2023\/07\/word-image-33429-87-281x300.png 281w\" sizes=\"(max-width: 600px) 100vw, 600px\" \/> <img loading=\"lazy\" width=\"600\" height=\"640\" class=\"wp-image-33517 aligncenter\" src=\"http:\/\/cmm.imgw.pl\/wp-content\/uploads\/2023\/07\/word-image-33429-88.png\" srcset=\"https:\/\/cmm.imgw.pl\/wp-content\/uploads\/2023\/07\/word-image-33429-88.png 600w, https:\/\/cmm.imgw.pl\/wp-content\/uploads\/2023\/07\/word-image-33429-88-281x300.png 281w\" sizes=\"(max-width: 600px) 100vw, 600px\" \/><\/p>\n<p>Bulk Richardson Number osi\u0105ga\u0107 b\u0119dzie warto\u015b\u0107 powy\u017cej 80 co wskazuje na mo\u017cliwo\u015b\u0107 wyst\u0119powania burz wielokom\u00f3rkowych.<\/p>\n<p><img loading=\"lazy\" width=\"600\" height=\"640\" class=\"wp-image-33518 aligncenter\" src=\"http:\/\/cmm.imgw.pl\/wp-content\/uploads\/2023\/07\/word-image-33429-89.png\" srcset=\"https:\/\/cmm.imgw.pl\/wp-content\/uploads\/2023\/07\/word-image-33429-89.png 600w, https:\/\/cmm.imgw.pl\/wp-content\/uploads\/2023\/07\/word-image-33429-89-281x300.png 281w\" sizes=\"(max-width: 600px) 100vw, 600px\" \/> <img loading=\"lazy\" width=\"634\" height=\"490\" class=\"wp-image-33519 aligncenter\" src=\"http:\/\/cmm.imgw.pl\/wp-content\/uploads\/2023\/07\/rh-0-300-m-gfs-sro-05-07-2023-15-utc.gif\" alt=\"RH 0-300 m GFS \u015bro. 05.07.2023 15 UTC\" \/><\/p>\n<p><img loading=\"lazy\" width=\"600\" height=\"640\" class=\"wp-image-33520 aligncenter\" src=\"http:\/\/cmm.imgw.pl\/wp-content\/uploads\/2023\/07\/word-image-33429-91.png\" srcset=\"https:\/\/cmm.imgw.pl\/wp-content\/uploads\/2023\/07\/word-image-33429-91.png 600w, https:\/\/cmm.imgw.pl\/wp-content\/uploads\/2023\/07\/word-image-33429-91-281x300.png 281w\" sizes=\"(max-width: 600px) 100vw, 600px\" \/> <img loading=\"lazy\" width=\"634\" height=\"490\" class=\"wp-image-33521 aligncenter\" src=\"http:\/\/cmm.imgw.pl\/wp-content\/uploads\/2023\/07\/rh-0-300-m-gfs-sro-05-07-2023-18-utc.gif\" alt=\"RH 0-300 m GFS \u015bro. 05.07.2023 18 UTC\" \/><\/p>\n<p>Z powy\u017cszego wynika, \u017ce jutro nale\u017cy spodziewa\u0107 si\u0119 burz, kt\u00f3re mog\u0105 by\u0107 intensywne. Mog\u0105 mie\u0107 charakter burz wielokom\u00f3rkowych, kt\u00f3rym mog\u0105 towarzyszy\u0107 intensywne opady oraz grad. Burze wielokom\u00f3rkowe s\u0105 silniejsze i czas trwania jest d\u0142u\u017cszy. Chmury Cb mog\u0105 osi\u0105ga\u0107 wysoko\u015b\u0107 12 km, mog\u0105 dochodzi\u0107 do tropopauzy, lokalnie mog\u0105 j\u0105 przebija\u0107. W centrum i w po\u0142udniowo zachodniej oraz po\u0142udniowej cz\u0119\u015bci kraju niskie warto\u015bci LCL (poni\u017cej 200\/400 metr\u00f3w) oraz du\u017ca zawarto\u015b\u0107 pary wodnej wskazywa\u0107 mo\u017ce na mo\u017cliwo\u015b\u0107 wyst\u0105pienia gro\u017anych i niebezpiecznych burz. W godzinach wieczornych i nocnych intensywno\u015b\u0107 burz b\u0119dzie si\u0119 zmniejsza\u0142a. Nale\u017cy \u015bledzi\u0107 komunikaty, kt\u00f3re b\u0119d\u0105 opracowywane i korygowane w ci\u0105gu dnia, je\u015bli zajdzie taka przes\u0142anka.<\/p>\n<p><img loading=\"lazy\" width=\"586\" height=\"445\" class=\"wp-image-33522 aligncenter\" src=\"http:\/\/cmm.imgw.pl\/wp-content\/uploads\/2023\/07\/word-image-33429-93.png\" srcset=\"https:\/\/cmm.imgw.pl\/wp-content\/uploads\/2023\/07\/word-image-33429-93.png 586w, https:\/\/cmm.imgw.pl\/wp-content\/uploads\/2023\/07\/word-image-33429-93-300x228.png 300w\" sizes=\"(max-width: 586px) 100vw, 586px\" \/><\/p>\n<p><strong>Prognoza pola wiatru<\/strong><\/p>\n<p><img loading=\"lazy\" width=\"588\" height=\"588\" class=\"wp-image-33523 aligncenter\" src=\"http:\/\/cmm.imgw.pl\/wp-content\/uploads\/2023\/07\/word-image-33429-94.jpeg\" srcset=\"https:\/\/cmm.imgw.pl\/wp-content\/uploads\/2023\/07\/word-image-33429-94.jpeg 588w, https:\/\/cmm.imgw.pl\/wp-content\/uploads\/2023\/07\/word-image-33429-94-300x300.jpeg 300w, https:\/\/cmm.imgw.pl\/wp-content\/uploads\/2023\/07\/word-image-33429-94-150x150.jpeg 150w\" sizes=\"(max-width: 588px) 100vw, 588px\" \/> <img loading=\"lazy\" width=\"629\" height=\"629\" class=\"wp-image-33524 aligncenter\" src=\"http:\/\/cmm.imgw.pl\/wp-content\/uploads\/2023\/07\/word-image-33429-95.jpeg\" srcset=\"https:\/\/cmm.imgw.pl\/wp-content\/uploads\/2023\/07\/word-image-33429-95.jpeg 629w, https:\/\/cmm.imgw.pl\/wp-content\/uploads\/2023\/07\/word-image-33429-95-300x300.jpeg 300w, https:\/\/cmm.imgw.pl\/wp-content\/uploads\/2023\/07\/word-image-33429-95-150x150.jpeg 150w, https:\/\/cmm.imgw.pl\/wp-content\/uploads\/2023\/07\/word-image-33429-95-600x600.jpeg 600w\" sizes=\"(max-width: 629px) 100vw, 629px\" \/> <img loading=\"lazy\" width=\"620\" height=\"620\" class=\"wp-image-33525 aligncenter\" src=\"http:\/\/cmm.imgw.pl\/wp-content\/uploads\/2023\/07\/word-image-33429-96.jpeg\" srcset=\"https:\/\/cmm.imgw.pl\/wp-content\/uploads\/2023\/07\/word-image-33429-96.jpeg 620w, https:\/\/cmm.imgw.pl\/wp-content\/uploads\/2023\/07\/word-image-33429-96-300x300.jpeg 300w, https:\/\/cmm.imgw.pl\/wp-content\/uploads\/2023\/07\/word-image-33429-96-150x150.jpeg 150w, https:\/\/cmm.imgw.pl\/wp-content\/uploads\/2023\/07\/word-image-33429-96-600x600.jpeg 600w\" sizes=\"(max-width: 620px) 100vw, 620px\" \/> <img loading=\"lazy\" width=\"650\" height=\"650\" class=\"wp-image-33526 aligncenter\" src=\"http:\/\/cmm.imgw.pl\/wp-content\/uploads\/2023\/07\/word-image-33429-97.jpeg\" srcset=\"https:\/\/cmm.imgw.pl\/wp-content\/uploads\/2023\/07\/word-image-33429-97.jpeg 650w, https:\/\/cmm.imgw.pl\/wp-content\/uploads\/2023\/07\/word-image-33429-97-300x300.jpeg 300w, https:\/\/cmm.imgw.pl\/wp-content\/uploads\/2023\/07\/word-image-33429-97-150x150.jpeg 150w, https:\/\/cmm.imgw.pl\/wp-content\/uploads\/2023\/07\/word-image-33429-97-600x600.jpeg 600w\" sizes=\"(max-width: 650px) 100vw, 650px\" \/> <img loading=\"lazy\" width=\"668\" height=\"668\" class=\"wp-image-33527 aligncenter\" src=\"http:\/\/cmm.imgw.pl\/wp-content\/uploads\/2023\/07\/word-image-33429-98.jpeg\" srcset=\"https:\/\/cmm.imgw.pl\/wp-content\/uploads\/2023\/07\/word-image-33429-98.jpeg 668w, https:\/\/cmm.imgw.pl\/wp-content\/uploads\/2023\/07\/word-image-33429-98-300x300.jpeg 300w, https:\/\/cmm.imgw.pl\/wp-content\/uploads\/2023\/07\/word-image-33429-98-150x150.jpeg 150w, https:\/\/cmm.imgw.pl\/wp-content\/uploads\/2023\/07\/word-image-33429-98-600x600.jpeg 600w\" sizes=\"(max-width: 668px) 100vw, 668px\" \/> <img loading=\"lazy\" width=\"652\" height=\"652\" class=\"wp-image-33528 aligncenter\" src=\"http:\/\/cmm.imgw.pl\/wp-content\/uploads\/2023\/07\/word-image-33429-99.jpeg\" srcset=\"https:\/\/cmm.imgw.pl\/wp-content\/uploads\/2023\/07\/word-image-33429-99.jpeg 652w, https:\/\/cmm.imgw.pl\/wp-content\/uploads\/2023\/07\/word-image-33429-99-300x300.jpeg 300w, https:\/\/cmm.imgw.pl\/wp-content\/uploads\/2023\/07\/word-image-33429-99-150x150.jpeg 150w, https:\/\/cmm.imgw.pl\/wp-content\/uploads\/2023\/07\/word-image-33429-99-600x600.jpeg 600w\" sizes=\"(max-width: 652px) 100vw, 652px\" \/><\/p>\n<p>Z zachodu na wsch\u00f3d przemieszcza\u0107 si\u0119 b\u0119dzie strefa poryw\u00f3w wiatru, kt\u00f3ra mog\u0105 osi\u0105ga\u0107 pr\u0119dko\u015b\u0107 80-95 km\/h. Na Ba\u0142tyku r\u00f3wnie\u017c wyst\u0119powa\u0107 b\u0119d\u0105 porywy, kt\u00f3re osi\u0105ga\u0107 b\u0119d\u0105 pr\u0119dko\u015b\u0107 80-90 km\/h.<\/p>\n<p><strong>Prognoza widzialno\u015bci<\/strong><\/p>\n<p><img loading=\"lazy\" width=\"611\" height=\"611\" class=\"wp-image-33529 aligncenter\" src=\"http:\/\/cmm.imgw.pl\/wp-content\/uploads\/2023\/07\/obraz-zawierajacy-tekst-diagram-mapa-numer-opi.png\" alt=\"Obraz zawieraj\u0105cy tekst, diagram, mapa, numer\n\nOpis wygenerowany automatycznie\" srcset=\"https:\/\/cmm.imgw.pl\/wp-content\/uploads\/2023\/07\/obraz-zawierajacy-tekst-diagram-mapa-numer-opi.png 611w, https:\/\/cmm.imgw.pl\/wp-content\/uploads\/2023\/07\/obraz-zawierajacy-tekst-diagram-mapa-numer-opi-300x300.png 300w, https:\/\/cmm.imgw.pl\/wp-content\/uploads\/2023\/07\/obraz-zawierajacy-tekst-diagram-mapa-numer-opi-150x150.png 150w, https:\/\/cmm.imgw.pl\/wp-content\/uploads\/2023\/07\/obraz-zawierajacy-tekst-diagram-mapa-numer-opi-600x600.png 600w\" sizes=\"(max-width: 611px) 100vw, 611px\" \/> <img loading=\"lazy\" width=\"639\" height=\"639\" class=\"wp-image-33530 aligncenter\" src=\"http:\/\/cmm.imgw.pl\/wp-content\/uploads\/2023\/07\/obraz-zawierajacy-tekst-mapa-diagram-atlas-opi-2.png\" alt=\"Obraz zawieraj\u0105cy tekst, mapa, diagram, atlas\n\nOpis wygenerowany automatycznie\" srcset=\"https:\/\/cmm.imgw.pl\/wp-content\/uploads\/2023\/07\/obraz-zawierajacy-tekst-mapa-diagram-atlas-opi-2.png 639w, https:\/\/cmm.imgw.pl\/wp-content\/uploads\/2023\/07\/obraz-zawierajacy-tekst-mapa-diagram-atlas-opi-2-300x300.png 300w, https:\/\/cmm.imgw.pl\/wp-content\/uploads\/2023\/07\/obraz-zawierajacy-tekst-mapa-diagram-atlas-opi-2-150x150.png 150w, https:\/\/cmm.imgw.pl\/wp-content\/uploads\/2023\/07\/obraz-zawierajacy-tekst-mapa-diagram-atlas-opi-2-600x600.png 600w\" sizes=\"(max-width: 639px) 100vw, 639px\" \/> <img loading=\"lazy\" width=\"674\" height=\"674\" class=\"wp-image-33531 aligncenter\" src=\"http:\/\/cmm.imgw.pl\/wp-content\/uploads\/2023\/07\/obraz-zawierajacy-tekst-mapa-diagram-atlas-opi-3.png\" alt=\"Obraz zawieraj\u0105cy tekst, mapa, diagram, atlas\n\nOpis wygenerowany automatycznie\" srcset=\"https:\/\/cmm.imgw.pl\/wp-content\/uploads\/2023\/07\/obraz-zawierajacy-tekst-mapa-diagram-atlas-opi-3.png 674w, https:\/\/cmm.imgw.pl\/wp-content\/uploads\/2023\/07\/obraz-zawierajacy-tekst-mapa-diagram-atlas-opi-3-300x300.png 300w, https:\/\/cmm.imgw.pl\/wp-content\/uploads\/2023\/07\/obraz-zawierajacy-tekst-mapa-diagram-atlas-opi-3-150x150.png 150w, https:\/\/cmm.imgw.pl\/wp-content\/uploads\/2023\/07\/obraz-zawierajacy-tekst-mapa-diagram-atlas-opi-3-600x600.png 600w\" sizes=\"(max-width: 674px) 100vw, 674px\" \/> <img loading=\"lazy\" width=\"706\" height=\"706\" class=\"wp-image-33532 aligncenter\" src=\"http:\/\/cmm.imgw.pl\/wp-content\/uploads\/2023\/07\/obraz-zawierajacy-tekst-mapa-atlas-diagram-opi.png\" alt=\"Obraz zawieraj\u0105cy tekst, mapa, atlas, diagram\n\nOpis wygenerowany automatycznie\" srcset=\"https:\/\/cmm.imgw.pl\/wp-content\/uploads\/2023\/07\/obraz-zawierajacy-tekst-mapa-atlas-diagram-opi.png 706w, https:\/\/cmm.imgw.pl\/wp-content\/uploads\/2023\/07\/obraz-zawierajacy-tekst-mapa-atlas-diagram-opi-300x300.png 300w, https:\/\/cmm.imgw.pl\/wp-content\/uploads\/2023\/07\/obraz-zawierajacy-tekst-mapa-atlas-diagram-opi-150x150.png 150w, https:\/\/cmm.imgw.pl\/wp-content\/uploads\/2023\/07\/obraz-zawierajacy-tekst-mapa-atlas-diagram-opi-600x600.png 600w\" sizes=\"(max-width: 706px) 100vw, 706px\" \/> <img loading=\"lazy\" width=\"600\" height=\"640\" class=\"wp-image-33533 aligncenter\" src=\"http:\/\/cmm.imgw.pl\/wp-content\/uploads\/2023\/07\/word-image-33429-104.png\" srcset=\"https:\/\/cmm.imgw.pl\/wp-content\/uploads\/2023\/07\/word-image-33429-104.png 600w, https:\/\/cmm.imgw.pl\/wp-content\/uploads\/2023\/07\/word-image-33429-104-281x300.png 281w\" sizes=\"(max-width: 600px) 100vw, 600px\" \/> <img loading=\"lazy\" width=\"600\" height=\"640\" class=\"wp-image-33534 aligncenter\" src=\"http:\/\/cmm.imgw.pl\/wp-content\/uploads\/2023\/07\/word-image-33429-105.png\" srcset=\"https:\/\/cmm.imgw.pl\/wp-content\/uploads\/2023\/07\/word-image-33429-105.png 600w, https:\/\/cmm.imgw.pl\/wp-content\/uploads\/2023\/07\/word-image-33429-105-281x300.png 281w\" sizes=\"(max-width: 600px) 100vw, 600px\" \/><\/p>\n<p>W strefie opad\u00f3w ograniczenie widzialno\u015bci do 1-4 km. W nocy, za stref\u0105 frontow\u0105 mog\u0105 wyst\u0105pi\u0107 zamglenia ograniczaj\u0105ce widzialno\u015b\u0107 do 3 km.<\/p>","protected":false},"excerpt":{"rendered":"<p>Komentarz do numerycznych prognoz pogody opracowany w Centrum Modelowania Meteorologicznego IMGW-PIB.<\/p>\n","protected":false},"author":3,"featured_media":0,"comment_status":"closed","ping_status":"open","sticky":false,"template":"","format":"standard","meta":{"ocean_post_layout":"","ocean_both_sidebars_style":"","ocean_both_sidebars_content_width":0,"ocean_both_sidebars_sidebars_width":0,"ocean_sidebar":"0","ocean_second_sidebar":"0","ocean_disable_margins":"enable","ocean_add_body_class":"","ocean_shortcode_before_top_bar":"","ocean_shortcode_after_top_bar":"","ocean_shortcode_before_header":"","ocean_shortcode_after_header":"","ocean_has_shortcode":"","ocean_shortcode_after_title":"","ocean_shortcode_before_footer_widgets":"","ocean_shortcode_after_footer_widgets":"","ocean_shortcode_before_footer_bottom":"","ocean_shortcode_after_footer_bottom":"","ocean_display_top_bar":"default","ocean_display_header":"default","ocean_header_style":"","ocean_center_header_left_menu":"0","ocean_custom_header_template":"0","ocean_custom_logo":0,"ocean_custom_retina_logo":0,"ocean_custom_logo_max_width":0,"ocean_custom_logo_tablet_max_width":0,"ocean_custom_logo_mobile_max_width":0,"ocean_custom_logo_max_height":0,"ocean_custom_logo_tablet_max_height":0,"ocean_custom_logo_mobile_max_height":0,"ocean_header_custom_menu":"0","ocean_menu_typo_font_family":"0","ocean_menu_typo_font_subset":"","ocean_menu_typo_font_size":0,"ocean_menu_typo_font_size_tablet":0,"ocean_menu_typo_font_size_mobile":0,"ocean_menu_typo_font_size_unit":"px","ocean_menu_typo_font_weight":"","ocean_menu_typo_font_weight_tablet":"","ocean_menu_typo_font_weight_mobile":"","ocean_menu_typo_transform":"","ocean_menu_typo_transform_tablet":"","ocean_menu_typo_transform_mobile":"","ocean_menu_typo_line_height":0,"ocean_menu_typo_line_height_tablet":0,"ocean_menu_typo_line_height_mobile":0,"ocean_menu_typo_line_height_unit":"","ocean_menu_typo_spacing":0,"ocean_menu_typo_spacing_tablet":0,"ocean_menu_typo_spacing_mobile":0,"ocean_menu_typo_spacing_unit":"","ocean_menu_link_color":"","ocean_menu_link_color_hover":"","ocean_menu_link_color_active":"","ocean_menu_link_background":"","ocean_menu_link_hover_background":"","ocean_menu_link_active_background":"","ocean_menu_social_links_bg":"","ocean_menu_social_hover_links_bg":"","ocean_menu_social_links_color":"","ocean_menu_social_hover_links_color":"","ocean_disable_title":"default","ocean_disable_heading":"default","ocean_post_title":"","ocean_post_subheading":"","ocean_post_title_style":"","ocean_post_title_background_color":"","ocean_post_title_background":0,"ocean_post_title_bg_image_position":"","ocean_post_title_bg_image_attachment":"","ocean_post_title_bg_image_repeat":"","ocean_post_title_bg_image_size":"","ocean_post_title_height":0,"ocean_post_title_bg_overlay":0.5,"ocean_post_title_bg_overlay_color":"","ocean_disable_breadcrumbs":"default","ocean_breadcrumbs_color":"","ocean_breadcrumbs_separator_color":"","ocean_breadcrumbs_links_color":"","ocean_breadcrumbs_links_hover_color":"","ocean_display_footer_widgets":"default","ocean_display_footer_bottom":"default","ocean_custom_footer_template":"0","ocean_post_oembed":"","ocean_post_self_hosted_media":"","ocean_post_video_embed":"","ocean_link_format":"","ocean_link_format_target":"self","ocean_quote_format":"","ocean_quote_format_link":"post","ocean_gallery_link_images":"on","ocean_gallery_id":[]},"categories":[93],"tags":[138,139,68,95,143,141,85,73,97,98,142,76,94,99,71,67,96,140,79],"yoast_head":"<!-- This site is optimized with the Yoast SEO plugin v19.5.1 - https:\/\/yoast.com\/wordpress\/plugins\/seo\/ -->\n<title>Komentarz do numerycznych prognoz pogody (05\/06.07.2023) - Laboratorium Modelowania Meteorologicznego CMOK IMGW-PIB<\/title>\n<meta name=\"description\" content=\"Komentarz do numerycznych prognoz pogody opracowany w Centrum Modelowania Meteorologicznego IMGW-PIB.\" \/>\n<meta name=\"robots\" content=\"index, follow, max-snippet:-1, max-image-preview:large, max-video-preview:-1\" \/>\n<link rel=\"canonical\" href=\"https:\/\/cmm.imgw.pl\/?p=33429\" \/>\n<meta property=\"og:locale\" content=\"pl_PL\" \/>\n<meta property=\"og:type\" content=\"article\" \/>\n<meta property=\"og:title\" content=\"Komentarz do numerycznych prognoz pogody (05\/06.07.2023)\" \/>\n<meta property=\"og:description\" content=\"Komentarz do numerycznych prognoz pogody opracowany w Centrum Modelowania Meteorologicznego IMGW-PIB\" \/>\n<meta property=\"og:url\" content=\"https:\/\/cmm.imgw.pl\/?p=33429\" \/>\n<meta property=\"og:site_name\" content=\"Laboratorium Modelowania Meteorologicznego CMOK IMGW-PIB\" \/>\n<meta property=\"article:publisher\" content=\"https:\/\/www.facebook.com\/Meteoimgw\/\" \/>\n<meta property=\"article:published_time\" content=\"2023-07-05T05:45:14+00:00\" \/>\n<meta property=\"article:modified_time\" content=\"2023-07-05T09:27:33+00:00\" \/>\n<meta property=\"og:image\" content=\"http:\/\/cmm.imgw.pl\/wp-content\/uploads\/2023\/02\/komentarz4.png\" \/>\n\t<meta property=\"og:image:width\" content=\"1280\" \/>\n\t<meta property=\"og:image:height\" content=\"720\" \/>\n\t<meta property=\"og:image:type\" content=\"image\/png\" \/>\n<meta name=\"author\" content=\"CMM\" \/>\n<meta name=\"twitter:card\" content=\"summary_large_image\" \/>\n<meta name=\"twitter:title\" content=\"Komentarz do numerycznych prognoz pogody (05\/06.07.2023)\" \/>\n<meta name=\"twitter:description\" content=\"Komentarz do numerycznych prognoz pogody opracowany w Centrum Modelowania Meteorologicznego IMGW-PIB\" \/>\n<meta name=\"twitter:image\" content=\"https:\/\/cmm.imgw.pl\/wp-content\/uploads\/2023\/02\/komentarz4.png\" \/>\n<meta name=\"twitter:creator\" content=\"@IMGW_CMM\" \/>\n<meta name=\"twitter:site\" content=\"@IMGW_CMM\" \/>\n<meta name=\"twitter:label1\" content=\"Napisane przez\" \/>\n\t<meta name=\"twitter:data1\" content=\"CMM\" \/>\n\t<meta name=\"twitter:label2\" content=\"Szacowany czas czytania\" \/>\n\t<meta name=\"twitter:data2\" content=\"26 minut\" \/>\n<script type=\"application\/ld+json\" class=\"yoast-schema-graph\">{\"@context\":\"https:\/\/schema.org\",\"@graph\":[{\"@type\":\"Article\",\"@id\":\"https:\/\/cmm.imgw.pl\/?p=33429#article\",\"isPartOf\":{\"@id\":\"https:\/\/cmm.imgw.pl\/?p=33429\"},\"author\":{\"name\":\"CMM\",\"@id\":\"https:\/\/cmm.imgw.pl\/#\/schema\/person\/a24a37fe434fe76b0f5791e6bd3fdb46\"},\"headline\":\"Komentarz do numerycznych prognoz pogody (05\/06.07.2023)\",\"datePublished\":\"2023-07-05T05:45:14+00:00\",\"dateModified\":\"2023-07-05T09:27:33+00:00\",\"mainEntityOfPage\":{\"@id\":\"https:\/\/cmm.imgw.pl\/?p=33429\"},\"wordCount\":1806,\"publisher\":{\"@id\":\"https:\/\/cmm.imgw.pl\/#organization\"},\"keywords\":[\"alaro\",\"arome\",\"cmm\",\"Cosmo\",\"DWD\",\"Grzegorz Duniec\",\"imgw\",\"klimat\",\"komentarz\",\"komentarz pogodowy\",\"MERGE\",\"meteorologia\",\"NMP\",\"NPP\",\"pogoda\",\"prognoza\",\"prognoza pogody\",\"wrf\",\"zima\"],\"articleSection\":[\"Komentarz\"],\"inLanguage\":\"pl-PL\"},{\"@type\":\"WebPage\",\"@id\":\"https:\/\/cmm.imgw.pl\/?p=33429\",\"url\":\"https:\/\/cmm.imgw.pl\/?p=33429\",\"name\":\"Komentarz do numerycznych prognoz pogody (05\/06.07.2023) - Laboratorium Modelowania Meteorologicznego CMOK IMGW-PIB\",\"isPartOf\":{\"@id\":\"https:\/\/cmm.imgw.pl\/#website\"},\"datePublished\":\"2023-07-05T05:45:14+00:00\",\"dateModified\":\"2023-07-05T09:27:33+00:00\",\"description\":\"Komentarz do numerycznych prognoz pogody opracowany w Centrum Modelowania Meteorologicznego IMGW-PIB.\",\"breadcrumb\":{\"@id\":\"https:\/\/cmm.imgw.pl\/?p=33429#breadcrumb\"},\"inLanguage\":\"pl-PL\",\"potentialAction\":[{\"@type\":\"ReadAction\",\"target\":[\"https:\/\/cmm.imgw.pl\/?p=33429\"]}]},{\"@type\":\"BreadcrumbList\",\"@id\":\"https:\/\/cmm.imgw.pl\/?p=33429#breadcrumb\",\"itemListElement\":[{\"@type\":\"ListItem\",\"position\":1,\"name\":\"Home\",\"item\":\"https:\/\/cmm.imgw.pl\/\"},{\"@type\":\"ListItem\",\"position\":2,\"name\":\"Komentarz do numerycznych prognoz pogody (05\/06.07.2023)\"}]},{\"@type\":\"WebSite\",\"@id\":\"https:\/\/cmm.imgw.pl\/#website\",\"url\":\"https:\/\/cmm.imgw.pl\/\",\"name\":\"Laboratorium Modelowania Meteorologicznego CMOK IMGW-PIB\",\"description\":\"CMOK-LMM Laboratorium pe\u0142ni pa\u0144stwow\u0105 s\u0142u\u017cb\u0119 hydrologiczno-meteorologiczn\u0105 w zakresie numerycznych prognoz pogody, kt\u00f3rego zadaniem jest konsolidacja kompetencji w obszarze modelowania zjawisk pogodowych oraz dalszego rozwoju numerycznych modeli pogody (NMP).\",\"publisher\":{\"@id\":\"https:\/\/cmm.imgw.pl\/#organization\"},\"potentialAction\":[{\"@type\":\"SearchAction\",\"target\":{\"@type\":\"EntryPoint\",\"urlTemplate\":\"https:\/\/cmm.imgw.pl\/?s={search_term_string}\"},\"query-input\":\"required name=search_term_string\"}],\"inLanguage\":\"pl-PL\"},{\"@type\":\"Organization\",\"@id\":\"https:\/\/cmm.imgw.pl\/#organization\",\"name\":\"Laboratorium Modelowania Meteorologicznego CMOK IMGW-PIB\",\"url\":\"https:\/\/cmm.imgw.pl\/\",\"sameAs\":[\"https:\/\/www.facebook.com\/Meteoimgw\/\",\"https:\/\/twitter.com\/IMGW_CMM\"],\"logo\":{\"@type\":\"ImageObject\",\"inLanguage\":\"pl-PL\",\"@id\":\"https:\/\/cmm.imgw.pl\/#\/schema\/logo\/image\/\",\"url\":\"https:\/\/cmm.imgw.pl\/wp-content\/uploads\/2025\/10\/MODELE_LOGO_UNIFIKACJA_v2.png\",\"contentUrl\":\"https:\/\/cmm.imgw.pl\/wp-content\/uploads\/2025\/10\/MODELE_LOGO_UNIFIKACJA_v2.png\",\"width\":1356,\"height\":365,\"caption\":\"Laboratorium Modelowania Meteorologicznego CMOK IMGW-PIB\"},\"image\":{\"@id\":\"https:\/\/cmm.imgw.pl\/#\/schema\/logo\/image\/\"}},{\"@type\":\"Person\",\"@id\":\"https:\/\/cmm.imgw.pl\/#\/schema\/person\/a24a37fe434fe76b0f5791e6bd3fdb46\",\"name\":\"CMM\",\"image\":{\"@type\":\"ImageObject\",\"inLanguage\":\"pl-PL\",\"@id\":\"https:\/\/cmm.imgw.pl\/#\/schema\/person\/image\/\",\"url\":\"https:\/\/secure.gravatar.com\/avatar\/9248ea2273711f1cd09d6bd45867dbfb?s=96&d=blank&r=g\",\"contentUrl\":\"https:\/\/secure.gravatar.com\/avatar\/9248ea2273711f1cd09d6bd45867dbfb?s=96&d=blank&r=g\",\"caption\":\"CMM\"},\"sameAs\":[\"http:\/\/cmm.imgw.pl\"],\"url\":\"https:\/\/cmm.imgw.pl\/?author=3\"}]}<\/script>\n<!-- \/ Yoast SEO plugin. -->","yoast_head_json":{"title":"Komentarz do numerycznych prognoz pogody (05\/06.07.2023) - Laboratorium Modelowania Meteorologicznego CMOK IMGW-PIB","description":"Komentarz do numerycznych prognoz pogody opracowany w Centrum Modelowania Meteorologicznego IMGW-PIB.","robots":{"index":"index","follow":"follow","max-snippet":"max-snippet:-1","max-image-preview":"max-image-preview:large","max-video-preview":"max-video-preview:-1"},"canonical":"https:\/\/cmm.imgw.pl\/?p=33429","og_locale":"pl_PL","og_type":"article","og_title":"Komentarz do numerycznych prognoz pogody (05\/06.07.2023)","og_description":"Komentarz do numerycznych prognoz pogody opracowany w Centrum Modelowania Meteorologicznego IMGW-PIB","og_url":"https:\/\/cmm.imgw.pl\/?p=33429","og_site_name":"Laboratorium Modelowania Meteorologicznego CMOK IMGW-PIB","article_publisher":"https:\/\/www.facebook.com\/Meteoimgw\/","article_published_time":"2023-07-05T05:45:14+00:00","article_modified_time":"2023-07-05T09:27:33+00:00","og_image":[{"width":1280,"height":720,"url":"http:\/\/cmm.imgw.pl\/wp-content\/uploads\/2023\/02\/komentarz4.png","type":"image\/png"}],"author":"CMM","twitter_card":"summary_large_image","twitter_title":"Komentarz do numerycznych prognoz pogody (05\/06.07.2023)","twitter_description":"Komentarz do numerycznych prognoz pogody opracowany w Centrum Modelowania Meteorologicznego IMGW-PIB","twitter_image":"https:\/\/cmm.imgw.pl\/wp-content\/uploads\/2023\/02\/komentarz4.png","twitter_creator":"@IMGW_CMM","twitter_site":"@IMGW_CMM","twitter_misc":{"Napisane przez":"CMM","Szacowany czas czytania":"26 minut"},"schema":{"@context":"https:\/\/schema.org","@graph":[{"@type":"Article","@id":"https:\/\/cmm.imgw.pl\/?p=33429#article","isPartOf":{"@id":"https:\/\/cmm.imgw.pl\/?p=33429"},"author":{"name":"CMM","@id":"https:\/\/cmm.imgw.pl\/#\/schema\/person\/a24a37fe434fe76b0f5791e6bd3fdb46"},"headline":"Komentarz do numerycznych prognoz pogody (05\/06.07.2023)","datePublished":"2023-07-05T05:45:14+00:00","dateModified":"2023-07-05T09:27:33+00:00","mainEntityOfPage":{"@id":"https:\/\/cmm.imgw.pl\/?p=33429"},"wordCount":1806,"publisher":{"@id":"https:\/\/cmm.imgw.pl\/#organization"},"keywords":["alaro","arome","cmm","Cosmo","DWD","Grzegorz Duniec","imgw","klimat","komentarz","komentarz pogodowy","MERGE","meteorologia","NMP","NPP","pogoda","prognoza","prognoza pogody","wrf","zima"],"articleSection":["Komentarz"],"inLanguage":"pl-PL"},{"@type":"WebPage","@id":"https:\/\/cmm.imgw.pl\/?p=33429","url":"https:\/\/cmm.imgw.pl\/?p=33429","name":"Komentarz do numerycznych prognoz pogody (05\/06.07.2023) - Laboratorium Modelowania Meteorologicznego CMOK IMGW-PIB","isPartOf":{"@id":"https:\/\/cmm.imgw.pl\/#website"},"datePublished":"2023-07-05T05:45:14+00:00","dateModified":"2023-07-05T09:27:33+00:00","description":"Komentarz do numerycznych prognoz pogody opracowany w Centrum Modelowania Meteorologicznego IMGW-PIB.","breadcrumb":{"@id":"https:\/\/cmm.imgw.pl\/?p=33429#breadcrumb"},"inLanguage":"pl-PL","potentialAction":[{"@type":"ReadAction","target":["https:\/\/cmm.imgw.pl\/?p=33429"]}]},{"@type":"BreadcrumbList","@id":"https:\/\/cmm.imgw.pl\/?p=33429#breadcrumb","itemListElement":[{"@type":"ListItem","position":1,"name":"Home","item":"https:\/\/cmm.imgw.pl\/"},{"@type":"ListItem","position":2,"name":"Komentarz do numerycznych prognoz pogody (05\/06.07.2023)"}]},{"@type":"WebSite","@id":"https:\/\/cmm.imgw.pl\/#website","url":"https:\/\/cmm.imgw.pl\/","name":"Laboratorium Modelowania Meteorologicznego CMOK IMGW-PIB","description":"CMOK-LMM Laboratorium pe\u0142ni pa\u0144stwow\u0105 s\u0142u\u017cb\u0119 hydrologiczno-meteorologiczn\u0105 w zakresie numerycznych prognoz pogody, kt\u00f3rego zadaniem jest konsolidacja kompetencji w obszarze modelowania zjawisk pogodowych oraz dalszego rozwoju numerycznych modeli pogody (NMP).","publisher":{"@id":"https:\/\/cmm.imgw.pl\/#organization"},"potentialAction":[{"@type":"SearchAction","target":{"@type":"EntryPoint","urlTemplate":"https:\/\/cmm.imgw.pl\/?s={search_term_string}"},"query-input":"required name=search_term_string"}],"inLanguage":"pl-PL"},{"@type":"Organization","@id":"https:\/\/cmm.imgw.pl\/#organization","name":"Laboratorium Modelowania Meteorologicznego CMOK IMGW-PIB","url":"https:\/\/cmm.imgw.pl\/","sameAs":["https:\/\/www.facebook.com\/Meteoimgw\/","https:\/\/twitter.com\/IMGW_CMM"],"logo":{"@type":"ImageObject","inLanguage":"pl-PL","@id":"https:\/\/cmm.imgw.pl\/#\/schema\/logo\/image\/","url":"https:\/\/cmm.imgw.pl\/wp-content\/uploads\/2025\/10\/MODELE_LOGO_UNIFIKACJA_v2.png","contentUrl":"https:\/\/cmm.imgw.pl\/wp-content\/uploads\/2025\/10\/MODELE_LOGO_UNIFIKACJA_v2.png","width":1356,"height":365,"caption":"Laboratorium Modelowania Meteorologicznego CMOK IMGW-PIB"},"image":{"@id":"https:\/\/cmm.imgw.pl\/#\/schema\/logo\/image\/"}},{"@type":"Person","@id":"https:\/\/cmm.imgw.pl\/#\/schema\/person\/a24a37fe434fe76b0f5791e6bd3fdb46","name":"CMM","image":{"@type":"ImageObject","inLanguage":"pl-PL","@id":"https:\/\/cmm.imgw.pl\/#\/schema\/person\/image\/","url":"https:\/\/secure.gravatar.com\/avatar\/9248ea2273711f1cd09d6bd45867dbfb?s=96&d=blank&r=g","contentUrl":"https:\/\/secure.gravatar.com\/avatar\/9248ea2273711f1cd09d6bd45867dbfb?s=96&d=blank&r=g","caption":"CMM"},"sameAs":["http:\/\/cmm.imgw.pl"],"url":"https:\/\/cmm.imgw.pl\/?author=3"}]}},"_links":{"self":[{"href":"https:\/\/cmm.imgw.pl\/index.php?rest_route=\/wp\/v2\/posts\/33429"}],"collection":[{"href":"https:\/\/cmm.imgw.pl\/index.php?rest_route=\/wp\/v2\/posts"}],"about":[{"href":"https:\/\/cmm.imgw.pl\/index.php?rest_route=\/wp\/v2\/types\/post"}],"author":[{"embeddable":true,"href":"https:\/\/cmm.imgw.pl\/index.php?rest_route=\/wp\/v2\/users\/3"}],"replies":[{"embeddable":true,"href":"https:\/\/cmm.imgw.pl\/index.php?rest_route=%2Fwp%2Fv2%2Fcomments&post=33429"}],"version-history":[{"count":3,"href":"https:\/\/cmm.imgw.pl\/index.php?rest_route=\/wp\/v2\/posts\/33429\/revisions"}],"predecessor-version":[{"id":33537,"href":"https:\/\/cmm.imgw.pl\/index.php?rest_route=\/wp\/v2\/posts\/33429\/revisions\/33537"}],"wp:attachment":[{"href":"https:\/\/cmm.imgw.pl\/index.php?rest_route=%2Fwp%2Fv2%2Fmedia&parent=33429"}],"wp:term":[{"taxonomy":"category","embeddable":true,"href":"https:\/\/cmm.imgw.pl\/index.php?rest_route=%2Fwp%2Fv2%2Fcategories&post=33429"},{"taxonomy":"post_tag","embeddable":true,"href":"https:\/\/cmm.imgw.pl\/index.php?rest_route=%2Fwp%2Fv2%2Ftags&post=33429"}],"curies":[{"name":"wp","href":"https:\/\/api.w.org\/{rel}","templated":true}]}}