{"id":33424,"date":"2023-07-04T17:25:44","date_gmt":"2023-07-04T15:25:44","guid":{"rendered":"https:\/\/cmm.imgw.pl\/?p=33424"},"modified":"2023-07-04T17:25:46","modified_gmt":"2023-07-04T15:25:46","slug":"prezentacje-i-nagrania-z-warsztatow-naukowych-modelowanie-pozarowe","status":"publish","type":"post","link":"https:\/\/cmm.imgw.pl\/?p=33424","title":{"rendered":"Prezentacje i nagrania z warsztat\u00f3w naukowych \u201eModelowanie po\u017carowe\u201d"},"content":{"rendered":"\n<figure class=\"wp-block-image size-full is-resized\"><img loading=\"lazy\" src=\"https:\/\/cmm.imgw.pl\/wp-content\/uploads\/2023\/07\/SFire.jpg\" alt=\"\" class=\"wp-image-33425\" width=\"840\" height=\"479\" srcset=\"https:\/\/cmm.imgw.pl\/wp-content\/uploads\/2023\/07\/SFire.jpg 1000w, https:\/\/cmm.imgw.pl\/wp-content\/uploads\/2023\/07\/SFire-300x171.jpg 300w, https:\/\/cmm.imgw.pl\/wp-content\/uploads\/2023\/07\/SFire-768x439.jpg 768w\" sizes=\"(max-width: 840px) 100vw, 840px\" \/><\/figure>\n\n\n\n<p><\/p>\n\n\n\n<p>Zapraszamy na stron\u0119 <a href=\"https:\/\/cmm.imgw.pl\/cmm\/?page_id=30358\"><mark style=\"background-color:rgba(0, 0, 0, 0)\" class=\"has-inline-color has-vivid-cyan-blue-color\">https:\/\/cmm.imgw.pl\/cmm\/?page_id=30358<\/mark><\/a> gdzie mo\u017cecie obejrze\u0107 prezentacje i nagrania z warsztat\u00f3w naukowych \u201eModelowanie po\u017carowe\u201d, kt\u00f3re odby\u0142y si\u0119 21-22 czerwca 2023 roku w IMGW-PIB CMM w ramach programu Fulbright Specialist.<\/p>\n\n\n\n<p><br>22 czerwca w ramach warsztat\u00f3w naukowych odby\u0142a si\u0119 tak\u017ce debata ekspercka. W debacie wzi\u0119li udzia\u0142: st. bryg. Tomasz Traci\u0142owski (Pa\u0144stwowa Stra\u017c Po\u017carna), prof. Adam Kochanski (San Jos\u00e9 State University), prof. Mariusz Figurski (IMGW-PIB), Dyrektor Joanna Kopczy\u0144ska (IMGW-PIB), bryg. dr in\u017c. Artur Ankowski (Szko\u0142a G\u0142\u00f3wna S\u0142u\u017cby Po\u017carniczej), Jan Kaczmarowski (Lasy Pa\u0144stwowe), Grzegorz Walijewski (IMGW-PIB, moderator debaty).<\/p>\n\n\n\n<p><br>Nagranie z debaty znajduje si\u0119 na stronie <a href=\"https:\/\/cmm.imgw.pl\/cmm\/?page_id=30358\"><mark style=\"background-color:rgba(0, 0, 0, 0)\" class=\"has-inline-color has-vivid-cyan-blue-color\">https:\/\/cmm.imgw.pl\/cmm\/?page_id=30358 <\/mark><\/a><\/p>\n\n\n\n<p>oraz na YouTube <a href=\"https:\/\/www.youtube.com\/watch?v=9nZeas8dg7o\"><mark style=\"background-color:rgba(0, 0, 0, 0)\" class=\"has-inline-color has-vivid-cyan-blue-color\">https:\/\/www.youtube.com\/watch?v=9nZeas8dg7o<\/mark><\/a><\/p>\n","protected":false},"excerpt":{"rendered":"<p>Zapraszamy na stron\u0119 https:\/\/cmm.imgw.pl\/cmm\/?page_id=30358 gdzie mo\u017cecie obejrze\u0107 prezentacje i nagrania z warsztat\u00f3w naukowych \u201eModelowanie po\u017carowe\u201d, kt\u00f3re odby\u0142y si\u0119 21-22 czerwca 2023 roku w IMGW-PIB CMM w ramach programu Fulbright Specialist. 22 czerwca w ramach warsztat\u00f3w naukowych odby\u0142a si\u0119 tak\u017ce debata ekspercka. W debacie wzi\u0119li udzia\u0142: st. bryg. Tomasz Traci\u0142owski (Pa\u0144stwowa Stra\u017c Po\u017carna), prof. Adam Kochanski [&hellip;]<\/p>\n","protected":false},"author":3,"featured_media":0,"comment_status":"closed","ping_status":"open","sticky":false,"template":"","format":"standard","meta":{"ocean_post_layout":"","ocean_both_sidebars_style":"","ocean_both_sidebars_content_width":0,"ocean_both_sidebars_sidebars_width":0,"ocean_sidebar":"","ocean_second_sidebar":"","ocean_disable_margins":"enable","ocean_add_body_class":"","ocean_shortcode_before_top_bar":"","ocean_shortcode_after_top_bar":"","ocean_shortcode_before_header":"","ocean_shortcode_after_header":"","ocean_has_shortcode":"","ocean_shortcode_after_title":"","ocean_shortcode_before_footer_widgets":"","ocean_shortcode_after_footer_widgets":"","ocean_shortcode_before_footer_bottom":"","ocean_shortcode_after_footer_bottom":"","ocean_display_top_bar":"default","ocean_display_header":"default","ocean_header_style":"","ocean_center_header_left_menu":"","ocean_custom_header_template":"","ocean_custom_logo":0,"ocean_custom_retina_logo":0,"ocean_custom_logo_max_width":0,"ocean_custom_logo_tablet_max_width":0,"ocean_custom_logo_mobile_max_width":0,"ocean_custom_logo_max_height":0,"ocean_custom_logo_tablet_max_height":0,"ocean_custom_logo_mobile_max_height":0,"ocean_header_custom_menu":"","ocean_menu_typo_font_family":"","ocean_menu_typo_font_subset":"","ocean_menu_typo_font_size":0,"ocean_menu_typo_font_size_tablet":0,"ocean_menu_typo_font_size_mobile":0,"ocean_menu_typo_font_size_unit":"px","ocean_menu_typo_font_weight":"","ocean_menu_typo_font_weight_tablet":"","ocean_menu_typo_font_weight_mobile":"","ocean_menu_typo_transform":"","ocean_menu_typo_transform_tablet":"","ocean_menu_typo_transform_mobile":"","ocean_menu_typo_line_height":0,"ocean_menu_typo_line_height_tablet":0,"ocean_menu_typo_line_height_mobile":0,"ocean_menu_typo_line_height_unit":"","ocean_menu_typo_spacing":0,"ocean_menu_typo_spacing_tablet":0,"ocean_menu_typo_spacing_mobile":0,"ocean_menu_typo_spacing_unit":"","ocean_menu_link_color":"","ocean_menu_link_color_hover":"","ocean_menu_link_color_active":"","ocean_menu_link_background":"","ocean_menu_link_hover_background":"","ocean_menu_link_active_background":"","ocean_menu_social_links_bg":"","ocean_menu_social_hover_links_bg":"","ocean_menu_social_links_color":"","ocean_menu_social_hover_links_color":"","ocean_disable_title":"default","ocean_disable_heading":"default","ocean_post_title":"","ocean_post_subheading":"","ocean_post_title_style":"","ocean_post_title_background_color":"","ocean_post_title_background":0,"ocean_post_title_bg_image_position":"","ocean_post_title_bg_image_attachment":"","ocean_post_title_bg_image_repeat":"","ocean_post_title_bg_image_size":"","ocean_post_title_height":0,"ocean_post_title_bg_overlay":0.5,"ocean_post_title_bg_overlay_color":"","ocean_disable_breadcrumbs":"default","ocean_breadcrumbs_color":"","ocean_breadcrumbs_separator_color":"","ocean_breadcrumbs_links_color":"","ocean_breadcrumbs_links_hover_color":"","ocean_display_footer_widgets":"default","ocean_display_footer_bottom":"default","ocean_custom_footer_template":"","ocean_post_oembed":"","ocean_post_self_hosted_media":"","ocean_post_video_embed":"","ocean_link_format":"","ocean_link_format_target":"self","ocean_quote_format":"","ocean_quote_format_link":"post","ocean_gallery_link_images":"off","ocean_gallery_id":[]},"categories":[137],"tags":[],"yoast_head":"<!-- This site is optimized with the Yoast SEO plugin v19.5.1 - https:\/\/yoast.com\/wordpress\/plugins\/seo\/ -->\n<title>Prezentacje i nagrania z warsztat\u00f3w naukowych \u201eModelowanie po\u017carowe\u201d - Laboratorium Modelowania Meteorologicznego CMOK IMGW-PIB<\/title>\n<meta name=\"description\" content=\"Warsztaty naukowe \u201eModelowanie po\u017carowe\u201d odby\u0142y si\u0119 21-22 czerwca 2023 roku w IMGW-PIB CMM w ramach programu Fulbright Specialist.\" \/>\n<meta name=\"robots\" content=\"index, follow, max-snippet:-1, max-image-preview:large, max-video-preview:-1\" \/>\n<link rel=\"canonical\" href=\"https:\/\/cmm.imgw.pl\/?p=33424\" \/>\n<meta property=\"og:locale\" content=\"pl_PL\" \/>\n<meta property=\"og:type\" content=\"article\" \/>\n<meta property=\"og:title\" content=\"Prezentacje i nagrania z warsztat\u00f3w naukowych \u201eModelowanie po\u017carowe\u201d\" \/>\n<meta property=\"og:description\" content=\"Warsztaty naukowe \u201eModelowanie po\u017carowe\u201d odby\u0142y si\u0119 21-22 czerwca 2023 roku w IMGW-PIB CMM w ramach programu Fulbright Specialist.\" \/>\n<meta property=\"og:url\" content=\"https:\/\/cmm.imgw.pl\/?p=33424\" \/>\n<meta property=\"og:site_name\" content=\"Laboratorium Modelowania Meteorologicznego CMOK IMGW-PIB\" \/>\n<meta property=\"article:publisher\" content=\"https:\/\/www.facebook.com\/Meteoimgw\/\" \/>\n<meta property=\"article:published_time\" content=\"2023-07-04T15:25:44+00:00\" \/>\n<meta property=\"article:modified_time\" content=\"2023-07-04T15:25:46+00:00\" \/>\n<meta property=\"og:image\" content=\"http:\/\/cmm.imgw.pl\/wp-content\/uploads\/2023\/07\/SFire.jpg\" \/>\n\t<meta property=\"og:image:width\" content=\"1000\" \/>\n\t<meta property=\"og:image:height\" content=\"571\" \/>\n\t<meta property=\"og:image:type\" content=\"image\/jpeg\" \/>\n<meta name=\"author\" content=\"CMM\" \/>\n<meta name=\"twitter:card\" content=\"summary_large_image\" \/>\n<meta name=\"twitter:title\" content=\"Prezentacje i nagrania z warsztat\u00f3w naukowych \u201eModelowanie po\u017carowe\u201d\" \/>\n<meta name=\"twitter:description\" content=\"Warsztaty naukowe \u201eModelowanie po\u017carowe\u201d odby\u0142y si\u0119 21-22 czerwca 2023 roku w IMGW-PIB CMM w ramach programu Fulbright Specialist.\" \/>\n<meta name=\"twitter:image\" content=\"https:\/\/cmm.imgw.pl\/wp-content\/uploads\/2023\/07\/SFire.jpg\" \/>\n<meta name=\"twitter:creator\" content=\"@IMGW_CMM\" \/>\n<meta name=\"twitter:site\" content=\"@IMGW_CMM\" \/>\n<meta name=\"twitter:label1\" content=\"Napisane przez\" \/>\n\t<meta name=\"twitter:data1\" content=\"CMM\" \/>\n\t<meta name=\"twitter:label2\" content=\"Szacowany czas czytania\" \/>\n\t<meta name=\"twitter:data2\" content=\"1 minuta\" \/>\n<script type=\"application\/ld+json\" class=\"yoast-schema-graph\">{\"@context\":\"https:\/\/schema.org\",\"@graph\":[{\"@type\":\"Article\",\"@id\":\"https:\/\/cmm.imgw.pl\/?p=33424#article\",\"isPartOf\":{\"@id\":\"https:\/\/cmm.imgw.pl\/?p=33424\"},\"author\":{\"name\":\"CMM\",\"@id\":\"https:\/\/cmm.imgw.pl\/#\/schema\/person\/a24a37fe434fe76b0f5791e6bd3fdb46\"},\"headline\":\"Prezentacje i nagrania z warsztat\u00f3w naukowych \u201eModelowanie po\u017carowe\u201d\",\"datePublished\":\"2023-07-04T15:25:44+00:00\",\"dateModified\":\"2023-07-04T15:25:46+00:00\",\"mainEntityOfPage\":{\"@id\":\"https:\/\/cmm.imgw.pl\/?p=33424\"},\"wordCount\":144,\"publisher\":{\"@id\":\"https:\/\/cmm.imgw.pl\/#organization\"},\"articleSection\":[\"Info\"],\"inLanguage\":\"pl-PL\"},{\"@type\":\"WebPage\",\"@id\":\"https:\/\/cmm.imgw.pl\/?p=33424\",\"url\":\"https:\/\/cmm.imgw.pl\/?p=33424\",\"name\":\"Prezentacje i nagrania z warsztat\u00f3w naukowych \u201eModelowanie po\u017carowe\u201d - Laboratorium Modelowania Meteorologicznego CMOK IMGW-PIB\",\"isPartOf\":{\"@id\":\"https:\/\/cmm.imgw.pl\/#website\"},\"datePublished\":\"2023-07-04T15:25:44+00:00\",\"dateModified\":\"2023-07-04T15:25:46+00:00\",\"description\":\"Warsztaty naukowe \u201eModelowanie po\u017carowe\u201d odby\u0142y si\u0119 21-22 czerwca 2023 roku w IMGW-PIB CMM w ramach programu Fulbright Specialist.\",\"breadcrumb\":{\"@id\":\"https:\/\/cmm.imgw.pl\/?p=33424#breadcrumb\"},\"inLanguage\":\"pl-PL\",\"potentialAction\":[{\"@type\":\"ReadAction\",\"target\":[\"https:\/\/cmm.imgw.pl\/?p=33424\"]}]},{\"@type\":\"BreadcrumbList\",\"@id\":\"https:\/\/cmm.imgw.pl\/?p=33424#breadcrumb\",\"itemListElement\":[{\"@type\":\"ListItem\",\"position\":1,\"name\":\"Home\",\"item\":\"https:\/\/cmm.imgw.pl\/\"},{\"@type\":\"ListItem\",\"position\":2,\"name\":\"Prezentacje i nagrania z warsztat\u00f3w naukowych \u201eModelowanie po\u017carowe\u201d\"}]},{\"@type\":\"WebSite\",\"@id\":\"https:\/\/cmm.imgw.pl\/#website\",\"url\":\"https:\/\/cmm.imgw.pl\/\",\"name\":\"Laboratorium Modelowania Meteorologicznego CMOK IMGW-PIB\",\"description\":\"CMOK-LMM Laboratorium pe\u0142ni pa\u0144stwow\u0105 s\u0142u\u017cb\u0119 hydrologiczno-meteorologiczn\u0105 w zakresie numerycznych prognoz pogody, kt\u00f3rego zadaniem jest konsolidacja kompetencji w obszarze modelowania zjawisk pogodowych oraz dalszego rozwoju numerycznych modeli pogody (NMP).\",\"publisher\":{\"@id\":\"https:\/\/cmm.imgw.pl\/#organization\"},\"potentialAction\":[{\"@type\":\"SearchAction\",\"target\":{\"@type\":\"EntryPoint\",\"urlTemplate\":\"https:\/\/cmm.imgw.pl\/?s={search_term_string}\"},\"query-input\":\"required name=search_term_string\"}],\"inLanguage\":\"pl-PL\"},{\"@type\":\"Organization\",\"@id\":\"https:\/\/cmm.imgw.pl\/#organization\",\"name\":\"Laboratorium Modelowania Meteorologicznego CMOK IMGW-PIB\",\"url\":\"https:\/\/cmm.imgw.pl\/\",\"sameAs\":[\"https:\/\/www.facebook.com\/Meteoimgw\/\",\"https:\/\/twitter.com\/IMGW_CMM\"],\"logo\":{\"@type\":\"ImageObject\",\"inLanguage\":\"pl-PL\",\"@id\":\"https:\/\/cmm.imgw.pl\/#\/schema\/logo\/image\/\",\"url\":\"https:\/\/cmm.imgw.pl\/wp-content\/uploads\/2025\/10\/MODELE_LOGO_UNIFIKACJA_v2.png\",\"contentUrl\":\"https:\/\/cmm.imgw.pl\/wp-content\/uploads\/2025\/10\/MODELE_LOGO_UNIFIKACJA_v2.png\",\"width\":1356,\"height\":365,\"caption\":\"Laboratorium Modelowania Meteorologicznego CMOK IMGW-PIB\"},\"image\":{\"@id\":\"https:\/\/cmm.imgw.pl\/#\/schema\/logo\/image\/\"}},{\"@type\":\"Person\",\"@id\":\"https:\/\/cmm.imgw.pl\/#\/schema\/person\/a24a37fe434fe76b0f5791e6bd3fdb46\",\"name\":\"CMM\",\"image\":{\"@type\":\"ImageObject\",\"inLanguage\":\"pl-PL\",\"@id\":\"https:\/\/cmm.imgw.pl\/#\/schema\/person\/image\/\",\"url\":\"https:\/\/secure.gravatar.com\/avatar\/9248ea2273711f1cd09d6bd45867dbfb?s=96&d=blank&r=g\",\"contentUrl\":\"https:\/\/secure.gravatar.com\/avatar\/9248ea2273711f1cd09d6bd45867dbfb?s=96&d=blank&r=g\",\"caption\":\"CMM\"},\"sameAs\":[\"http:\/\/cmm.imgw.pl\"],\"url\":\"https:\/\/cmm.imgw.pl\/?author=3\"}]}<\/script>\n<!-- \/ Yoast SEO plugin. -->","yoast_head_json":{"title":"Prezentacje i nagrania z warsztat\u00f3w naukowych \u201eModelowanie po\u017carowe\u201d - Laboratorium Modelowania Meteorologicznego CMOK IMGW-PIB","description":"Warsztaty naukowe \u201eModelowanie po\u017carowe\u201d odby\u0142y si\u0119 21-22 czerwca 2023 roku w IMGW-PIB CMM w ramach programu Fulbright Specialist.","robots":{"index":"index","follow":"follow","max-snippet":"max-snippet:-1","max-image-preview":"max-image-preview:large","max-video-preview":"max-video-preview:-1"},"canonical":"https:\/\/cmm.imgw.pl\/?p=33424","og_locale":"pl_PL","og_type":"article","og_title":"Prezentacje i nagrania z warsztat\u00f3w naukowych \u201eModelowanie po\u017carowe\u201d","og_description":"Warsztaty naukowe \u201eModelowanie po\u017carowe\u201d odby\u0142y si\u0119 21-22 czerwca 2023 roku w IMGW-PIB CMM w ramach programu Fulbright Specialist.","og_url":"https:\/\/cmm.imgw.pl\/?p=33424","og_site_name":"Laboratorium Modelowania Meteorologicznego CMOK IMGW-PIB","article_publisher":"https:\/\/www.facebook.com\/Meteoimgw\/","article_published_time":"2023-07-04T15:25:44+00:00","article_modified_time":"2023-07-04T15:25:46+00:00","og_image":[{"width":1000,"height":571,"url":"http:\/\/cmm.imgw.pl\/wp-content\/uploads\/2023\/07\/SFire.jpg","type":"image\/jpeg"}],"author":"CMM","twitter_card":"summary_large_image","twitter_title":"Prezentacje i nagrania z warsztat\u00f3w naukowych \u201eModelowanie po\u017carowe\u201d","twitter_description":"Warsztaty naukowe \u201eModelowanie po\u017carowe\u201d odby\u0142y si\u0119 21-22 czerwca 2023 roku w IMGW-PIB CMM w ramach programu Fulbright Specialist.","twitter_image":"https:\/\/cmm.imgw.pl\/wp-content\/uploads\/2023\/07\/SFire.jpg","twitter_creator":"@IMGW_CMM","twitter_site":"@IMGW_CMM","twitter_misc":{"Napisane przez":"CMM","Szacowany czas czytania":"1 minuta"},"schema":{"@context":"https:\/\/schema.org","@graph":[{"@type":"Article","@id":"https:\/\/cmm.imgw.pl\/?p=33424#article","isPartOf":{"@id":"https:\/\/cmm.imgw.pl\/?p=33424"},"author":{"name":"CMM","@id":"https:\/\/cmm.imgw.pl\/#\/schema\/person\/a24a37fe434fe76b0f5791e6bd3fdb46"},"headline":"Prezentacje i nagrania z warsztat\u00f3w naukowych \u201eModelowanie po\u017carowe\u201d","datePublished":"2023-07-04T15:25:44+00:00","dateModified":"2023-07-04T15:25:46+00:00","mainEntityOfPage":{"@id":"https:\/\/cmm.imgw.pl\/?p=33424"},"wordCount":144,"publisher":{"@id":"https:\/\/cmm.imgw.pl\/#organization"},"articleSection":["Info"],"inLanguage":"pl-PL"},{"@type":"WebPage","@id":"https:\/\/cmm.imgw.pl\/?p=33424","url":"https:\/\/cmm.imgw.pl\/?p=33424","name":"Prezentacje i nagrania z warsztat\u00f3w naukowych \u201eModelowanie po\u017carowe\u201d - Laboratorium Modelowania Meteorologicznego CMOK IMGW-PIB","isPartOf":{"@id":"https:\/\/cmm.imgw.pl\/#website"},"datePublished":"2023-07-04T15:25:44+00:00","dateModified":"2023-07-04T15:25:46+00:00","description":"Warsztaty naukowe \u201eModelowanie po\u017carowe\u201d odby\u0142y si\u0119 21-22 czerwca 2023 roku w IMGW-PIB CMM w ramach programu Fulbright Specialist.","breadcrumb":{"@id":"https:\/\/cmm.imgw.pl\/?p=33424#breadcrumb"},"inLanguage":"pl-PL","potentialAction":[{"@type":"ReadAction","target":["https:\/\/cmm.imgw.pl\/?p=33424"]}]},{"@type":"BreadcrumbList","@id":"https:\/\/cmm.imgw.pl\/?p=33424#breadcrumb","itemListElement":[{"@type":"ListItem","position":1,"name":"Home","item":"https:\/\/cmm.imgw.pl\/"},{"@type":"ListItem","position":2,"name":"Prezentacje i nagrania z warsztat\u00f3w naukowych \u201eModelowanie po\u017carowe\u201d"}]},{"@type":"WebSite","@id":"https:\/\/cmm.imgw.pl\/#website","url":"https:\/\/cmm.imgw.pl\/","name":"Laboratorium Modelowania Meteorologicznego CMOK IMGW-PIB","description":"CMOK-LMM Laboratorium pe\u0142ni pa\u0144stwow\u0105 s\u0142u\u017cb\u0119 hydrologiczno-meteorologiczn\u0105 w zakresie numerycznych prognoz pogody, kt\u00f3rego zadaniem jest konsolidacja kompetencji w obszarze modelowania zjawisk pogodowych oraz dalszego rozwoju numerycznych modeli pogody (NMP).","publisher":{"@id":"https:\/\/cmm.imgw.pl\/#organization"},"potentialAction":[{"@type":"SearchAction","target":{"@type":"EntryPoint","urlTemplate":"https:\/\/cmm.imgw.pl\/?s={search_term_string}"},"query-input":"required name=search_term_string"}],"inLanguage":"pl-PL"},{"@type":"Organization","@id":"https:\/\/cmm.imgw.pl\/#organization","name":"Laboratorium Modelowania Meteorologicznego CMOK IMGW-PIB","url":"https:\/\/cmm.imgw.pl\/","sameAs":["https:\/\/www.facebook.com\/Meteoimgw\/","https:\/\/twitter.com\/IMGW_CMM"],"logo":{"@type":"ImageObject","inLanguage":"pl-PL","@id":"https:\/\/cmm.imgw.pl\/#\/schema\/logo\/image\/","url":"https:\/\/cmm.imgw.pl\/wp-content\/uploads\/2025\/10\/MODELE_LOGO_UNIFIKACJA_v2.png","contentUrl":"https:\/\/cmm.imgw.pl\/wp-content\/uploads\/2025\/10\/MODELE_LOGO_UNIFIKACJA_v2.png","width":1356,"height":365,"caption":"Laboratorium Modelowania Meteorologicznego CMOK IMGW-PIB"},"image":{"@id":"https:\/\/cmm.imgw.pl\/#\/schema\/logo\/image\/"}},{"@type":"Person","@id":"https:\/\/cmm.imgw.pl\/#\/schema\/person\/a24a37fe434fe76b0f5791e6bd3fdb46","name":"CMM","image":{"@type":"ImageObject","inLanguage":"pl-PL","@id":"https:\/\/cmm.imgw.pl\/#\/schema\/person\/image\/","url":"https:\/\/secure.gravatar.com\/avatar\/9248ea2273711f1cd09d6bd45867dbfb?s=96&d=blank&r=g","contentUrl":"https:\/\/secure.gravatar.com\/avatar\/9248ea2273711f1cd09d6bd45867dbfb?s=96&d=blank&r=g","caption":"CMM"},"sameAs":["http:\/\/cmm.imgw.pl"],"url":"https:\/\/cmm.imgw.pl\/?author=3"}]}},"_links":{"self":[{"href":"https:\/\/cmm.imgw.pl\/index.php?rest_route=\/wp\/v2\/posts\/33424"}],"collection":[{"href":"https:\/\/cmm.imgw.pl\/index.php?rest_route=\/wp\/v2\/posts"}],"about":[{"href":"https:\/\/cmm.imgw.pl\/index.php?rest_route=\/wp\/v2\/types\/post"}],"author":[{"embeddable":true,"href":"https:\/\/cmm.imgw.pl\/index.php?rest_route=\/wp\/v2\/users\/3"}],"replies":[{"embeddable":true,"href":"https:\/\/cmm.imgw.pl\/index.php?rest_route=%2Fwp%2Fv2%2Fcomments&post=33424"}],"version-history":[{"count":1,"href":"https:\/\/cmm.imgw.pl\/index.php?rest_route=\/wp\/v2\/posts\/33424\/revisions"}],"predecessor-version":[{"id":33426,"href":"https:\/\/cmm.imgw.pl\/index.php?rest_route=\/wp\/v2\/posts\/33424\/revisions\/33426"}],"wp:attachment":[{"href":"https:\/\/cmm.imgw.pl\/index.php?rest_route=%2Fwp%2Fv2%2Fmedia&parent=33424"}],"wp:term":[{"taxonomy":"category","embeddable":true,"href":"https:\/\/cmm.imgw.pl\/index.php?rest_route=%2Fwp%2Fv2%2Fcategories&post=33424"},{"taxonomy":"post_tag","embeddable":true,"href":"https:\/\/cmm.imgw.pl\/index.php?rest_route=%2Fwp%2Fv2%2Ftags&post=33424"}],"curies":[{"name":"wp","href":"https:\/\/api.w.org\/{rel}","templated":true}]}}