{"id":33038,"date":"2023-06-29T02:55:19","date_gmt":"2023-06-29T00:55:19","guid":{"rendered":"https:\/\/cmm.imgw.pl\/?p=33038"},"modified":"2023-06-29T02:55:23","modified_gmt":"2023-06-29T00:55:23","slug":"komentarz-do-numerycznych-prognoz-pogody-29-30-06-2023","status":"publish","type":"post","link":"https:\/\/cmm.imgw.pl\/?p=33038","title":{"rendered":"Komentarz do numerycznych prognoz pogody (29\/30.06.2023)"},"content":{"rendered":"\n<figure class=\"wp-block-image size-large\"><img loading=\"lazy\" width=\"1024\" height=\"576\" src=\"https:\/\/cmm.imgw.pl\/wp-content\/uploads\/2023\/03\/komentarz4-1-1024x576.png\" alt=\"\" class=\"wp-image-23617\" srcset=\"https:\/\/cmm.imgw.pl\/wp-content\/uploads\/2023\/03\/komentarz4-1-1024x576.png 1024w, https:\/\/cmm.imgw.pl\/wp-content\/uploads\/2023\/03\/komentarz4-1-300x169.png 300w, https:\/\/cmm.imgw.pl\/wp-content\/uploads\/2023\/03\/komentarz4-1-768x432.png 768w, https:\/\/cmm.imgw.pl\/wp-content\/uploads\/2023\/03\/komentarz4-1-800x450.png 800w, https:\/\/cmm.imgw.pl\/wp-content\/uploads\/2023\/03\/komentarz4-1.png 1280w\" sizes=\"(max-width: 1024px) 100vw, 1024px\" \/><\/figure>\n\n\n\n<p><em>Tre\u015b\u0107 komentarza do numerycznych prognoz meteorologicznych stanowi niezale\u017cne od biura prognoz meteorologicznych opracowanie wykonane w Centrum Modelowania Meteorologicznego i nie stanowi oficjalnej prognozy synoptycznej IMGW-PIB.<\/em><\/p>\n\n\n\n<p><strong>Opracowanie:<\/strong><\/p>\n\n\n\n<p><strong>dr&nbsp;Grzegorz&nbsp;Duniec, <a href=\"https:\/\/cmm.imgw.pl\/\" target=\"_blank\" rel=\"noreferrer noopener\"><mark style=\"background-color:rgba(0, 0, 0, 0)\" class=\"has-inline-color has-vivid-cyan-blue-color\">Centrum Modelowania Meteorologicznego IMGW-PIB<\/mark><\/a><\/strong><\/p>\n\n\n<p><strong>Sytuacja synoptyczna w Europie z godziny 18 UTC, 28 VI 2023 roku<\/strong><\/p>\n<p><img loading=\"lazy\" width=\"1385\" height=\"983\" class=\"wp-image-33039 aligncenter\" src=\"http:\/\/cmm.imgw.pl\/wp-content\/uploads\/2023\/06\/obraz-zawierajacy-mapa-tekst-atlas-opis-wygener-6.png\" alt=\"Obraz zawieraj\u0105cy mapa, tekst, atlas\n\nOpis wygenerowany automatycznie\" srcset=\"https:\/\/cmm.imgw.pl\/wp-content\/uploads\/2023\/06\/obraz-zawierajacy-mapa-tekst-atlas-opis-wygener-6.png 1385w, https:\/\/cmm.imgw.pl\/wp-content\/uploads\/2023\/06\/obraz-zawierajacy-mapa-tekst-atlas-opis-wygener-6-300x213.png 300w, https:\/\/cmm.imgw.pl\/wp-content\/uploads\/2023\/06\/obraz-zawierajacy-mapa-tekst-atlas-opis-wygener-6-1024x727.png 1024w, https:\/\/cmm.imgw.pl\/wp-content\/uploads\/2023\/06\/obraz-zawierajacy-mapa-tekst-atlas-opis-wygener-6-768x545.png 768w\" sizes=\"(max-width: 1385px) 100vw, 1385px\" \/><\/p>\n<p><img loading=\"lazy\" width=\"1385\" height=\"983\" class=\"wp-image-33040 aligncenter\" src=\"http:\/\/cmm.imgw.pl\/wp-content\/uploads\/2023\/06\/obraz-zawierajacy-mapa-tekst-atlas-opis-wygener-7.png\" alt=\"Obraz zawieraj\u0105cy mapa, tekst, atlas\n\nOpis wygenerowany automatycznie\" srcset=\"https:\/\/cmm.imgw.pl\/wp-content\/uploads\/2023\/06\/obraz-zawierajacy-mapa-tekst-atlas-opis-wygener-7.png 1385w, https:\/\/cmm.imgw.pl\/wp-content\/uploads\/2023\/06\/obraz-zawierajacy-mapa-tekst-atlas-opis-wygener-7-300x213.png 300w, https:\/\/cmm.imgw.pl\/wp-content\/uploads\/2023\/06\/obraz-zawierajacy-mapa-tekst-atlas-opis-wygener-7-1024x727.png 1024w, https:\/\/cmm.imgw.pl\/wp-content\/uploads\/2023\/06\/obraz-zawierajacy-mapa-tekst-atlas-opis-wygener-7-768x545.png 768w\" sizes=\"(max-width: 1385px) 100vw, 1385px\" \/><\/p>\n<p>Pogod\u0119 w Polsce kszta\u0142towa\u0142 front ciep\u0142y przemieszczaj\u0105cy si\u0119 z p\u00f3\u0142nocy na po\u0142udnie. Front jest zwi\u0105zany z p\u0142ytkim ni\u017cem z o\u015brodkiem 1001,6 hPa nad Bia\u0142orusi\u0105. Wir cykloniczny zalegaj\u0105cy nad Bia\u0142orusi\u0105 nie powsta\u0142 w wyniku procesu ewolucyjnego ni\u017cu zalegaj\u0105cego wcze\u015bniej nad Ba\u0142tykiem, jak zak\u0142adano wcze\u015bniej, a w wyniku deformacji powierzchni frontowej. Wir nie posiada asymetrii termicznej i jest uk\u0142adem prawie stacjonarnym, obserwuje si\u0119 niewielkie przemieszczenie. W o\u015brodkiem tym zwi\u0105zana jest rozleg\u0142a zatoka, w kt\u00f3rej znajduje si\u0119 front atmosferyczny przebiegaj\u0105cym przez Morze Czarne, Ba\u0142kany, a\u017c po p\u00f3\u0142nocne W\u0142ochy. Nad Europ\u0105 zachodni\u0105, p\u00f3\u0142nocnymi Ba\u0142kanami zalega klin wysokiego ci\u015bnienia. Ni\u017c z o\u015brodkiem 985,6 hPa zalegaj\u0105cym nad Islandi\u0105 jest w ostatnim stadium rozwoju, wype\u0142nia si\u0119. Ni\u017c ten r\u00f3wnie\u017c utraci\u0142 asymetri\u0119 termiczn\u0105 i praktycznie nie zmienia swojego po\u0142o\u017cenia. Nad p\u00f3\u0142nocno zachodni\u0105 Rosj\u0105 i Morzem Barentsa zalega obszar podwy\u017cszonego ci\u015bnienia. Nad zachodni\u0105 Rosj\u0105 r\u00f3wnie\u017c zalega uk\u0142ad wysokiego ci\u015bnienia. Pomi\u0119dzy tymi dwoma uk\u0142adami barycznymi rozci\u0105ga si\u0119 bruzda baryczna niskiego ci\u015bnienia. Morze \u015ar\u00f3dziemne w zasi\u0119gu wy\u017cu. Skandynawia w zasi\u0119gu obni\u017conego ci\u015bnienia.<\/p>\n<p><strong>Analiza g\u00f3rnego pola ci\u015bnienia z dnia 28 VI 2023 roku, godzina 12 UTC<\/strong><\/p>\n<p><img loading=\"lazy\" width=\"1220\" height=\"1542\" class=\"wp-image-33041 aligncenter\" src=\"http:\/\/cmm.imgw.pl\/wp-content\/uploads\/2023\/06\/obraz-zawierajacy-tekst-mapa-diagram-opis-wygen-9.gif\" alt=\"Obraz zawieraj\u0105cy tekst, mapa, diagram\n\nOpis wygenerowany automatycznie\" \/> <img loading=\"lazy\" width=\"1220\" height=\"1542\" class=\"wp-image-33042 aligncenter\" src=\"http:\/\/cmm.imgw.pl\/wp-content\/uploads\/2023\/06\/obraz-zawierajacy-diagram-mapa-tekst-opis-wygen.gif\" alt=\"Obraz zawieraj\u0105cy diagram, mapa, tekst\n\nOpis wygenerowany automatycznie\" \/> <img loading=\"lazy\" width=\"1221\" height=\"1545\" class=\"wp-image-33043 aligncenter\" src=\"http:\/\/cmm.imgw.pl\/wp-content\/uploads\/2023\/06\/obraz-zawierajacy-mapa-tekst-diagram-opis-wygen-8.gif\" alt=\"Obraz zawieraj\u0105cy mapa, tekst, diagram\n\nOpis wygenerowany automatycznie\" \/><\/p>\n<p>Ni\u017c zalegaj\u0105cy nad Islandi\u0105 jest uk\u0142adem wysokim, z zamkni\u0119t\u0105 cyrkulacj\u0105 cykloniczn\u0105 do poziomu 300 hPa. Ni\u017c zalegaj\u0105cy nad Bia\u0142orusi\u0105 rozbudowa\u0142 si\u0119 ku g\u00f3rze i r\u00f3wnie\u017c sta\u0142 si\u0119 uk\u0142adem wysokim. O\u015b uk\u0142adu, ze wzgl\u0119du na brak asymetrii termicznej prawie pionowa. Nad Europ\u0105 zachodni\u0105 i Morzem P\u00f3\u0142nocnym oraz po\u0142udniow\u0105 Skandynawi\u0105 zalega klin. Pionowa o\u015b klina pochylona na zach\u00f3d.<\/p>\n<p><strong>Analiza g\u00f3rnego pola wiatru, 28 VI 2023 roku, godzina 18 UTC<\/strong><\/p>\n<p><img loading=\"lazy\" width=\"2156\" height=\"1728\" class=\"wp-image-33044 aligncenter\" src=\"http:\/\/cmm.imgw.pl\/wp-content\/uploads\/2023\/06\/obraz-zawierajacy-tekst-diagram-szkic-rysowanie.png\" alt=\"Obraz zawieraj\u0105cy tekst, diagram, szkic, rysowanie\n\nOpis wygenerowany automatycznie\" srcset=\"https:\/\/cmm.imgw.pl\/wp-content\/uploads\/2023\/06\/obraz-zawierajacy-tekst-diagram-szkic-rysowanie.png 2156w, https:\/\/cmm.imgw.pl\/wp-content\/uploads\/2023\/06\/obraz-zawierajacy-tekst-diagram-szkic-rysowanie-300x240.png 300w, https:\/\/cmm.imgw.pl\/wp-content\/uploads\/2023\/06\/obraz-zawierajacy-tekst-diagram-szkic-rysowanie-1024x821.png 1024w, https:\/\/cmm.imgw.pl\/wp-content\/uploads\/2023\/06\/obraz-zawierajacy-tekst-diagram-szkic-rysowanie-768x616.png 768w, https:\/\/cmm.imgw.pl\/wp-content\/uploads\/2023\/06\/obraz-zawierajacy-tekst-diagram-szkic-rysowanie-1536x1231.png 1536w, https:\/\/cmm.imgw.pl\/wp-content\/uploads\/2023\/06\/obraz-zawierajacy-tekst-diagram-szkic-rysowanie-2048x1641.png 2048w\" sizes=\"(max-width: 2156px) 100vw, 2156px\" \/><\/p>\n<p>Nad Morzem Norweskim, Wielk\u0105 Brytani\u0105 oraz Irlandi\u0105 zalega pr\u0105d strumieniowy na wysoko\u015bci FL310, z maksymaln\u0105 pr\u0119dko\u015bci\u0105 w osi pr\u0105du 45-55 m\/s. Nad Atlantykiem wyst\u0119puje pr\u0105d strumieniowy na wysoko\u015bci FL320 z maksymaln\u0105 pr\u0119dko\u015bci\u0105 w osi pr\u0105du 50-60 m\/s. Nad Europ\u0105 wschodni\u0105 i p\u00f3\u0142nocno wschodni\u0105 zalega pr\u0105d strumieniowy na wysoko\u015bci FL330 z maksymaln\u0105 pr\u0119dko\u015bci\u0105 w osi pr\u0105du 50 m\/s. W obszarze przerywanej linii [1] wyst\u0119puje turbulencja czystego nieba w przedziale wysoko\u015bci FL240\/370.<\/p>\n<p><strong>Tropopauza<\/strong><\/p>\n<p>Na zach\u00f3d od Irlandii wyst\u0119puje ni\u017c tropopauzy (tropopauza wykazuje w tym rejonie obni\u017cenie i znajduje si\u0119 na wysoko\u015bci FL280). Nad Polsk\u0105 tropopauza zalega na wysoko\u015bci FL350.<\/p>\n<p><strong>Analiza termiczna troposfery<\/strong><\/p>\n<p><img loading=\"lazy\" width=\"634\" height=\"490\" class=\"wp-image-33045 aligncenter\" src=\"http:\/\/cmm.imgw.pl\/wp-content\/uploads\/2023\/06\/thck-500-1000hpa-gfs-sro-28-06-2023-18-utc.gif\" alt=\"Thck 500-1000hPa GFS \u015bro. 28.06.2023 18 UTC\" \/> <img loading=\"lazy\" width=\"634\" height=\"490\" class=\"wp-image-33046 aligncenter\" src=\"http:\/\/cmm.imgw.pl\/wp-content\/uploads\/2023\/06\/theta-w-850hpa-gfs-sro-28-06-2023-18-utc.gif\" alt=\"Theta-W 850hPa GFS \u015bro. 28.06.2023 18 UTC\" \/><\/p>\n<p>Nad Islandi\u0105 i Atlantykiem zalega obszar ch\u0142odu, kt\u00f3ry zatok\u0105 si\u0119ga, a\u017c po p\u00f3\u0142nocn\u0105 Anglie i Irlandi\u0119. Finlandia oraz p\u00f3\u0142nocno zachodnia Rosja w zasi\u0119gu ch\u0142odu, kt\u00f3ry zatok\u0105 si\u0119ga a\u017c po Ba\u0142kany. Pomi\u0119dzy dwiema zatoka wyst\u0119puje klin ciep\u0142a. Pozosta\u0142y obszar Europy w zasi\u0119gu ciep\u0142ych mas powietrza. Nad P\u0142w. Iberyjskim zalega powietrze zwrotnikowe. Europ\u0119 wschodni\u0105 obejmuj\u0105 polarno-kontynentalna masa powietrza. Pozosta\u0142y obszar kontynentu w zasi\u0119gu powietrza polarno-morskiego.<\/p>\n<p><img loading=\"lazy\" width=\"600\" height=\"640\" class=\"wp-image-33047 aligncenter\" src=\"http:\/\/cmm.imgw.pl\/wp-content\/uploads\/2023\/06\/word-image-33038-9.png\" srcset=\"https:\/\/cmm.imgw.pl\/wp-content\/uploads\/2023\/06\/word-image-33038-9.png 600w, https:\/\/cmm.imgw.pl\/wp-content\/uploads\/2023\/06\/word-image-33038-9-281x300.png 281w\" sizes=\"(max-width: 600px) 100vw, 600px\" \/><\/p>\n<p>Po\u0142udniowo wschodnie rejony kraju w zasi\u0119gu ch\u0142odniejszej masy powietrza. P\u00f3\u0142nocno zachodnie rejony Polska charakteryzuj\u0105 si\u0119 najwy\u017csz\u0105 \u015bredni\u0105 temperatur\u0105 powietrza w warstwie o grubo\u015bci 500 hPa.<\/p>\n<p><img loading=\"lazy\" width=\"800\" height=\"640\" class=\"wp-image-33048 aligncenter\" src=\"http:\/\/cmm.imgw.pl\/wp-content\/uploads\/2023\/06\/obraz-zawierajacy-tekst-diagram-linia-wykres-o-13.gif\" alt=\"Obraz zawieraj\u0105cy tekst, diagram, linia, Wykres\n\nOpis wygenerowany automatycznie\" \/> <img loading=\"lazy\" width=\"800\" height=\"640\" class=\"wp-image-33049 aligncenter\" src=\"http:\/\/cmm.imgw.pl\/wp-content\/uploads\/2023\/06\/obraz-zawierajacy-tekst-diagram-linia-mapa-opi-3.gif\" alt=\"Obraz zawieraj\u0105cy tekst, diagram, linia, mapa\n\nOpis wygenerowany automatycznie\" \/> <img loading=\"lazy\" width=\"800\" height=\"640\" class=\"wp-image-33050 aligncenter\" src=\"http:\/\/cmm.imgw.pl\/wp-content\/uploads\/2023\/06\/obraz-zawierajacy-tekst-diagram-linia-mapa-opi-4.gif\" alt=\"Obraz zawieraj\u0105cy tekst, diagram, linia, mapa\n\nOpis wygenerowany automatycznie\" \/><\/p>\n<p>Nad Polsk\u0105 zalega\u0142a do\u015b\u0107 wilgotna masa powietrza. Jedynie na p\u00f3\u0142nocy kraju zawarto\u015bci pary wodnej by\u0142o mniej.<\/p>\n<p><strong>Rozw\u00f3j sytuacji barycznej nad Europ\u0105 <\/strong><\/p>\n<p><img loading=\"lazy\" width=\"1075\" height=\"764\" class=\"wp-image-33051 aligncenter\" src=\"http:\/\/cmm.imgw.pl\/wp-content\/uploads\/2023\/06\/obraz-zawierajacy-mapa-tekst-diagram-atlas-opi-7.gif\" alt=\"Obraz zawieraj\u0105cy mapa, tekst, diagram, atlas\n\nOpis wygenerowany automatycznie\" \/> <img loading=\"lazy\" width=\"1075\" height=\"764\" class=\"wp-image-33052 aligncenter\" src=\"http:\/\/cmm.imgw.pl\/wp-content\/uploads\/2023\/06\/word-image-33038-14.gif\" \/> <img loading=\"lazy\" width=\"1075\" height=\"764\" class=\"wp-image-33053 aligncenter\" src=\"http:\/\/cmm.imgw.pl\/wp-content\/uploads\/2023\/06\/obraz-zawierajacy-mapa-tekst-atlas-diagram-opi-2.gif\" alt=\"Obraz zawieraj\u0105cy mapa, tekst, atlas, diagram\n\nOpis wygenerowany automatycznie\" \/><\/p>\n<p>Ni\u017c znad Bia\u0142orusi nieznacznie przemie\u015bci si\u0119 nad Rosj\u0119. Europa po\u0142udniowa b\u0119dzie w zasi\u0119gu wy\u017cu, a nad Polsk\u0105 zalega\u0107 b\u0119dzie klin wysokiego ci\u015bnienia. Polska znajdzie si\u0119 na skraju klina wysokiego ci\u015bnienia. W nocy o\u015b klina nasunie si\u0119 nad zachodnie rejony kraju. Nad Islandi\u0105 ni\u017c nadal b\u0119dzie si\u0119 wype\u0142nia\u0142. Nad Atlantykiem nadal pogod\u0119 kszta\u0142towa\u0107 b\u0119dzie wy\u017c. W pi\u0105tek do zachodnich granic kraju zbli\u017cy si\u0119 zatoka z ch\u0142odnym frontem atmosferycznym.<\/p>\n<p><strong>Rozw\u00f3j g\u00f3rnego pola ci\u015bnienia<\/strong><\/p>\n<p><img loading=\"lazy\" width=\"638\" height=\"445\" class=\"wp-image-33054 aligncenter\" src=\"http:\/\/cmm.imgw.pl\/wp-content\/uploads\/2023\/06\/word-image-33038-16.png\" srcset=\"https:\/\/cmm.imgw.pl\/wp-content\/uploads\/2023\/06\/word-image-33038-16.png 638w, https:\/\/cmm.imgw.pl\/wp-content\/uploads\/2023\/06\/word-image-33038-16-300x209.png 300w\" sizes=\"(max-width: 638px) 100vw, 638px\" \/> <img loading=\"lazy\" width=\"634\" height=\"447\" class=\"wp-image-33055 aligncenter\" src=\"http:\/\/cmm.imgw.pl\/wp-content\/uploads\/2023\/06\/word-image-33038-17.png\" srcset=\"https:\/\/cmm.imgw.pl\/wp-content\/uploads\/2023\/06\/word-image-33038-17.png 634w, https:\/\/cmm.imgw.pl\/wp-content\/uploads\/2023\/06\/word-image-33038-17-300x212.png 300w\" sizes=\"(max-width: 634px) 100vw, 634px\" \/> <img loading=\"lazy\" width=\"698\" height=\"484\" class=\"wp-image-33056 aligncenter\" src=\"http:\/\/cmm.imgw.pl\/wp-content\/uploads\/2023\/06\/word-image-33038-18.png\" srcset=\"https:\/\/cmm.imgw.pl\/wp-content\/uploads\/2023\/06\/word-image-33038-18.png 698w, https:\/\/cmm.imgw.pl\/wp-content\/uploads\/2023\/06\/word-image-33038-18-300x208.png 300w\" sizes=\"(max-width: 698px) 100vw, 698px\" \/> <img loading=\"lazy\" width=\"641\" height=\"450\" class=\"wp-image-33057 aligncenter\" src=\"http:\/\/cmm.imgw.pl\/wp-content\/uploads\/2023\/06\/word-image-33038-19.png\" srcset=\"https:\/\/cmm.imgw.pl\/wp-content\/uploads\/2023\/06\/word-image-33038-19.png 641w, https:\/\/cmm.imgw.pl\/wp-content\/uploads\/2023\/06\/word-image-33038-19-300x211.png 300w\" sizes=\"(max-width: 641px) 100vw, 641px\" \/> <img loading=\"lazy\" width=\"695\" height=\"486\" class=\"wp-image-33058 aligncenter\" src=\"http:\/\/cmm.imgw.pl\/wp-content\/uploads\/2023\/06\/word-image-33038-20.png\" srcset=\"https:\/\/cmm.imgw.pl\/wp-content\/uploads\/2023\/06\/word-image-33038-20.png 695w, https:\/\/cmm.imgw.pl\/wp-content\/uploads\/2023\/06\/word-image-33038-20-300x210.png 300w\" sizes=\"(max-width: 695px) 100vw, 695px\" \/> <img loading=\"lazy\" width=\"639\" height=\"446\" class=\"wp-image-33059 aligncenter\" src=\"http:\/\/cmm.imgw.pl\/wp-content\/uploads\/2023\/06\/word-image-33038-21.png\" srcset=\"https:\/\/cmm.imgw.pl\/wp-content\/uploads\/2023\/06\/word-image-33038-21.png 639w, https:\/\/cmm.imgw.pl\/wp-content\/uploads\/2023\/06\/word-image-33038-21-300x209.png 300w\" sizes=\"(max-width: 639px) 100vw, 639px\" \/><\/p>\n<p>Nad Islandi\u0105 zalegaj\u0105cy uk\u0142ad niskiego ci\u015bnienia b\u0119dzie uk\u0142adem wysokim. Ni\u017c b\u0119dzie si\u0119 wype\u0142nia\u0142. Ni\u017c zalegaj\u0105cy nad Bia\u0142orusi\u0105 b\u0119dzie uk\u0142adem wysokim, wir b\u0119dzie si\u0119 pog\u0142\u0119bia\u0142. Nad Europ\u0105 zachodni\u0105 i centraln\u0105 zalega\u0107 b\u0119dzie klin. Nad Morzem Barentsa i P\u0142w. Kolskim zalega\u0107 b\u0119dzie zatoka.<\/p>\n<p><strong>Rozw\u00f3j g\u00f3rnego pola wiatru<\/strong><\/p>\n<p><img loading=\"lazy\" width=\"2156\" height=\"1728\" class=\"wp-image-33060 aligncenter\" src=\"http:\/\/cmm.imgw.pl\/wp-content\/uploads\/2023\/06\/obraz-zawierajacy-tekst-diagram-mapa-rysowanie.png\" alt=\"Obraz zawieraj\u0105cy tekst, diagram, mapa, rysowanie\n\nOpis wygenerowany automatycznie\" srcset=\"https:\/\/cmm.imgw.pl\/wp-content\/uploads\/2023\/06\/obraz-zawierajacy-tekst-diagram-mapa-rysowanie.png 2156w, https:\/\/cmm.imgw.pl\/wp-content\/uploads\/2023\/06\/obraz-zawierajacy-tekst-diagram-mapa-rysowanie-300x240.png 300w, https:\/\/cmm.imgw.pl\/wp-content\/uploads\/2023\/06\/obraz-zawierajacy-tekst-diagram-mapa-rysowanie-1024x821.png 1024w, https:\/\/cmm.imgw.pl\/wp-content\/uploads\/2023\/06\/obraz-zawierajacy-tekst-diagram-mapa-rysowanie-768x616.png 768w, https:\/\/cmm.imgw.pl\/wp-content\/uploads\/2023\/06\/obraz-zawierajacy-tekst-diagram-mapa-rysowanie-1536x1231.png 1536w, https:\/\/cmm.imgw.pl\/wp-content\/uploads\/2023\/06\/obraz-zawierajacy-tekst-diagram-mapa-rysowanie-2048x1641.png 2048w\" sizes=\"(max-width: 2156px) 100vw, 2156px\" \/><\/p>\n<p>Nad Atlantykiem, Irlandi\u0105 zalega\u0107 b\u0119dzie pr\u0105d strumieniowy na wysoko\u015bci FL310, z maksymaln\u0105 pr\u0119dko\u015bci\u0105 w osi pr\u0105du 50-60 m\/s. Pionowy zasi\u0119g pr\u0105du obejmowa\u0107 b\u0119dzie obszar FL230\/370. Nad Morzem P\u00f3\u0142nocnym wyst\u0119powa\u0107 b\u0119dzie pr\u0105d strumieniowy na wysoko\u015bci FL320, z maksymaln\u0105 pr\u0119dko\u015bci\u0105 w osi pr\u0105du 45 m\/s. Nad po\u0142udniowo wschodnimi rejonami kraju wyst\u0119powa\u0107 b\u0119dzie pr\u0105d strumieniowy na wysoko\u015bci FL320, z maksymaln\u0105 pr\u0119dko\u015bci\u0105 w osi pr\u0105du 42,5 m\/s. Nad Europ\u0105 wschodni\u0105 zalega\u0107 pr\u0105d strumieniowy na wysoko\u015bci FL320, z maksymaln\u0105 pr\u0119dko\u015bci\u0105 w osi pr\u0105du 45-55 m\/s. W obszarze przerywanej linii [1] wyst\u0119powa\u0107 b\u0119dzie turbulencja czystego nieba w przedziale wysoko\u015bci FL250\/370. W obszarze przerywanej linii [2] wyst\u0119powa\u0107 b\u0119dzie turbulencja czystego nieba w przedziale wysoko\u015bci FL250\/370. W obszarze przerywanej linii [3] wyst\u0119powa\u0107 b\u0119dzie turbulencja czystego nieba w przedziale wysoko\u015bci FL230\/350. W obszarze przerywanej linii [4] wyst\u0119powa\u0107 b\u0119dzie turbulencja czystego nieba w przedziale wysoko\u015bci FL240\/380.<\/p>\n<p><img loading=\"lazy\" width=\"634\" height=\"490\" class=\"wp-image-33061 aligncenter\" src=\"http:\/\/cmm.imgw.pl\/wp-content\/uploads\/2023\/06\/prad-strumieniowy-gfs-czw-29-06-2023-12-utc-1.gif\" alt=\"Pr\u0105d strumieniowy GFS czw. 29.06.2023 12 UTC\" \/> <img loading=\"lazy\" width=\"634\" height=\"490\" class=\"wp-image-33062 aligncenter\" src=\"http:\/\/cmm.imgw.pl\/wp-content\/uploads\/2023\/06\/prad-strumieniowy-gfs-pt-30-06-2023-12-utc.gif\" alt=\"Pr\u0105d strumieniowy GFS pt. 30.06.2023 12 UTC\" \/><\/p>\n<p>Strefa zwi\u0119kszonej pr\u0119dko\u015bci wiatru zalegaj\u0105cy nad Polsk\u0105 przemie\u015bci na wsch\u00f3d i ju\u017c w pi\u0105tek wyst\u0119powa\u0107 b\u0119dzie nad Bia\u0142orusi\u0105, Ukrain\u0105, Morzem Czarnym. Nad Morzem Norweskim b\u0119dzie intensyfikowa\u0142a si\u0119 strefa du\u017cych pr\u0119dko\u015bci wiatru. Nad Morzem P\u00f3\u0142nocnym strefa du\u017cych pr\u0119dko\u015bci rozmyje si\u0119.<\/p>\n<p><img loading=\"lazy\" width=\"600\" height=\"640\" class=\"wp-image-33063 aligncenter\" src=\"http:\/\/cmm.imgw.pl\/wp-content\/uploads\/2023\/06\/word-image-33038-25.png\" srcset=\"https:\/\/cmm.imgw.pl\/wp-content\/uploads\/2023\/06\/word-image-33038-25.png 600w, https:\/\/cmm.imgw.pl\/wp-content\/uploads\/2023\/06\/word-image-33038-25-281x300.png 281w\" sizes=\"(max-width: 600px) 100vw, 600px\" \/> <img loading=\"lazy\" width=\"600\" height=\"640\" class=\"wp-image-33064 aligncenter\" src=\"http:\/\/cmm.imgw.pl\/wp-content\/uploads\/2023\/06\/word-image-33038-26.png\" srcset=\"https:\/\/cmm.imgw.pl\/wp-content\/uploads\/2023\/06\/word-image-33038-26.png 600w, https:\/\/cmm.imgw.pl\/wp-content\/uploads\/2023\/06\/word-image-33038-26-281x300.png 281w\" sizes=\"(max-width: 600px) 100vw, 600px\" \/> <img loading=\"lazy\" width=\"600\" height=\"640\" class=\"wp-image-33065 aligncenter\" src=\"http:\/\/cmm.imgw.pl\/wp-content\/uploads\/2023\/06\/word-image-33038-27.png\" srcset=\"https:\/\/cmm.imgw.pl\/wp-content\/uploads\/2023\/06\/word-image-33038-27.png 600w, https:\/\/cmm.imgw.pl\/wp-content\/uploads\/2023\/06\/word-image-33038-27-281x300.png 281w\" sizes=\"(max-width: 600px) 100vw, 600px\" \/> <img loading=\"lazy\" width=\"600\" height=\"640\" class=\"wp-image-33066 aligncenter\" src=\"http:\/\/cmm.imgw.pl\/wp-content\/uploads\/2023\/06\/word-image-33038-28.png\" srcset=\"https:\/\/cmm.imgw.pl\/wp-content\/uploads\/2023\/06\/word-image-33038-28.png 600w, https:\/\/cmm.imgw.pl\/wp-content\/uploads\/2023\/06\/word-image-33038-28-281x300.png 281w\" sizes=\"(max-width: 600px) 100vw, 600px\" \/> <img loading=\"lazy\" width=\"600\" height=\"640\" class=\"wp-image-33067 aligncenter\" src=\"http:\/\/cmm.imgw.pl\/wp-content\/uploads\/2023\/06\/word-image-33038-29.png\" srcset=\"https:\/\/cmm.imgw.pl\/wp-content\/uploads\/2023\/06\/word-image-33038-29.png 600w, https:\/\/cmm.imgw.pl\/wp-content\/uploads\/2023\/06\/word-image-33038-29-281x300.png 281w\" sizes=\"(max-width: 600px) 100vw, 600px\" \/> <img loading=\"lazy\" width=\"600\" height=\"640\" class=\"wp-image-33068 aligncenter\" src=\"http:\/\/cmm.imgw.pl\/wp-content\/uploads\/2023\/06\/word-image-33038-30.png\" srcset=\"https:\/\/cmm.imgw.pl\/wp-content\/uploads\/2023\/06\/word-image-33038-30.png 600w, https:\/\/cmm.imgw.pl\/wp-content\/uploads\/2023\/06\/word-image-33038-30-281x300.png 281w\" sizes=\"(max-width: 600px) 100vw, 600px\" \/><\/p>\n<p>Nad wschodni\u0105 Polsk\u0105 zalega\u0107 b\u0119dzie na wysoko\u015bci 300 hPa w\u0105ska strefa du\u017cych pr\u0119dko\u015bci wiatru, kt\u00f3ra b\u0119dzie powoli przemieszcza\u0142a si\u0119 na wsch\u00f3d.<\/p>\n<p><strong>Rozw\u00f3j warunk\u00f3w termicznych troposfery<\/strong><\/p>\n<p><img loading=\"lazy\" width=\"634\" height=\"490\" class=\"wp-image-33069 aligncenter\" src=\"http:\/\/cmm.imgw.pl\/wp-content\/uploads\/2023\/06\/thck-500-1000hpa-gfs-czw-29-06-2023-12-utc-1.gif\" alt=\"Thck 500-1000hPa GFS czw. 29.06.2023 12 UTC\" \/> <img loading=\"lazy\" width=\"634\" height=\"490\" class=\"wp-image-33070 aligncenter\" src=\"http:\/\/cmm.imgw.pl\/wp-content\/uploads\/2023\/06\/thck-500-1000hpa-gfs-pt-30-06-2023-00-utc.gif\" alt=\"Thck 500-1000hPa GFS pt. 30.06.2023 00 UTC\" \/><\/p>\n<p>Strefa ch\u0142odu nad Europ\u0105 centraln\u0105 przemie\u015bci si\u0119 na wsch\u00f3d i zalega\u0107 b\u0119dzie Litw\u0105, Bia\u0142orusi\u0105, Ukrain\u0105. Strefa ch\u0142odu znad Atlantyku nasunie si\u0119 na Wielk\u0105 Brytani\u0119 oraz nad Morze P\u00f3\u0142nocne. Klin ciep\u0142a obejmie obszar Skandynawii, Ba\u0142tyku oraz Polsk\u0119. Rozk\u0142ad mas powietrza nad Europ\u0105 nie ulegnie zmianie.<\/p>\n<p><img loading=\"lazy\" width=\"600\" height=\"640\" class=\"wp-image-33071 aligncenter\" src=\"http:\/\/cmm.imgw.pl\/wp-content\/uploads\/2023\/06\/word-image-33038-33.png\" srcset=\"https:\/\/cmm.imgw.pl\/wp-content\/uploads\/2023\/06\/word-image-33038-33.png 600w, https:\/\/cmm.imgw.pl\/wp-content\/uploads\/2023\/06\/word-image-33038-33-281x300.png 281w\" sizes=\"(max-width: 600px) 100vw, 600px\" \/> <img loading=\"lazy\" width=\"600\" height=\"640\" class=\"wp-image-33072 aligncenter\" src=\"http:\/\/cmm.imgw.pl\/wp-content\/uploads\/2023\/06\/word-image-33038-34.png\" srcset=\"https:\/\/cmm.imgw.pl\/wp-content\/uploads\/2023\/06\/word-image-33038-34.png 600w, https:\/\/cmm.imgw.pl\/wp-content\/uploads\/2023\/06\/word-image-33038-34-281x300.png 281w\" sizes=\"(max-width: 600px) 100vw, 600px\" \/> <img loading=\"lazy\" width=\"600\" height=\"640\" class=\"wp-image-33073 aligncenter\" src=\"http:\/\/cmm.imgw.pl\/wp-content\/uploads\/2023\/06\/word-image-33038-35.png\" srcset=\"https:\/\/cmm.imgw.pl\/wp-content\/uploads\/2023\/06\/word-image-33038-35.png 600w, https:\/\/cmm.imgw.pl\/wp-content\/uploads\/2023\/06\/word-image-33038-35-281x300.png 281w\" sizes=\"(max-width: 600px) 100vw, 600px\" \/><\/p>\n<p><img loading=\"lazy\" width=\"600\" height=\"640\" class=\"wp-image-33074 aligncenter\" src=\"http:\/\/cmm.imgw.pl\/wp-content\/uploads\/2023\/06\/word-image-33038-36.png\" srcset=\"https:\/\/cmm.imgw.pl\/wp-content\/uploads\/2023\/06\/word-image-33038-36.png 600w, https:\/\/cmm.imgw.pl\/wp-content\/uploads\/2023\/06\/word-image-33038-36-281x300.png 281w\" sizes=\"(max-width: 600px) 100vw, 600px\" \/> <img loading=\"lazy\" width=\"600\" height=\"640\" class=\"wp-image-33075 aligncenter\" src=\"http:\/\/cmm.imgw.pl\/wp-content\/uploads\/2023\/06\/word-image-33038-37.png\" srcset=\"https:\/\/cmm.imgw.pl\/wp-content\/uploads\/2023\/06\/word-image-33038-37.png 600w, https:\/\/cmm.imgw.pl\/wp-content\/uploads\/2023\/06\/word-image-33038-37-281x300.png 281w\" sizes=\"(max-width: 600px) 100vw, 600px\" \/> <img loading=\"lazy\" width=\"600\" height=\"640\" class=\"wp-image-33076 aligncenter\" src=\"http:\/\/cmm.imgw.pl\/wp-content\/uploads\/2023\/06\/word-image-33038-38.png\" srcset=\"https:\/\/cmm.imgw.pl\/wp-content\/uploads\/2023\/06\/word-image-33038-38.png 600w, https:\/\/cmm.imgw.pl\/wp-content\/uploads\/2023\/06\/word-image-33038-38-281x300.png 281w\" sizes=\"(max-width: 600px) 100vw, 600px\" \/><\/p>\n<p>Nad Polsk\u0105 wyst\u0119powa\u0107 b\u0119dzie ujemny k\u0105t adwekcji wskazuj\u0105cy na adwekcj\u0119 ciep\u0142a. W pi\u0105tek wyst\u0119powa\u0107 b\u0119dzie dodatni k\u0105t adwekcji sugeruj\u0105cy adwekcj\u0119 ch\u0142odu. Od zachodu nasunie si\u0119 klin ciep\u0142a. Ju\u017c w nocy 29\/30 VI nad Polsk\u0105 nasunie si\u0119 o\u015b klina, kt\u00f3ry w pi\u0105tek b\u0119dzie przemieszcza\u0142 si\u0119 na wsch\u00f3d. W czwartek nap\u0142ywa\u0107 b\u0119dzie powietrze z p\u00f3\u0142nocnego zachodu.<\/p>\n<p><strong>Ewolucja pola wilgotno\u015bci w troposferze<\/strong><\/p>\n<p><img loading=\"lazy\" width=\"600\" height=\"640\" class=\"wp-image-33077 aligncenter\" src=\"http:\/\/cmm.imgw.pl\/wp-content\/uploads\/2023\/06\/word-image-33038-39.png\" srcset=\"https:\/\/cmm.imgw.pl\/wp-content\/uploads\/2023\/06\/word-image-33038-39.png 600w, https:\/\/cmm.imgw.pl\/wp-content\/uploads\/2023\/06\/word-image-33038-39-281x300.png 281w\" sizes=\"(max-width: 600px) 100vw, 600px\" \/> <img loading=\"lazy\" width=\"600\" height=\"640\" class=\"wp-image-33078 aligncenter\" src=\"http:\/\/cmm.imgw.pl\/wp-content\/uploads\/2023\/06\/word-image-33038-40.png\" srcset=\"https:\/\/cmm.imgw.pl\/wp-content\/uploads\/2023\/06\/word-image-33038-40.png 600w, https:\/\/cmm.imgw.pl\/wp-content\/uploads\/2023\/06\/word-image-33038-40-281x300.png 281w\" sizes=\"(max-width: 600px) 100vw, 600px\" \/><\/p>\n<p>Na wysoko\u015bci 1,5 km wyst\u0119powa\u0107 b\u0119dzie wilgotna masa powietrza.<\/p>\n<p><img loading=\"lazy\" width=\"600\" height=\"640\" class=\"wp-image-33079 aligncenter\" src=\"http:\/\/cmm.imgw.pl\/wp-content\/uploads\/2023\/06\/word-image-33038-41.png\" srcset=\"https:\/\/cmm.imgw.pl\/wp-content\/uploads\/2023\/06\/word-image-33038-41.png 600w, https:\/\/cmm.imgw.pl\/wp-content\/uploads\/2023\/06\/word-image-33038-41-281x300.png 281w\" sizes=\"(max-width: 600px) 100vw, 600px\" \/> <img loading=\"lazy\" width=\"600\" height=\"640\" class=\"wp-image-33080 aligncenter\" src=\"http:\/\/cmm.imgw.pl\/wp-content\/uploads\/2023\/06\/word-image-33038-42.png\" srcset=\"https:\/\/cmm.imgw.pl\/wp-content\/uploads\/2023\/06\/word-image-33038-42.png 600w, https:\/\/cmm.imgw.pl\/wp-content\/uploads\/2023\/06\/word-image-33038-42-281x300.png 281w\" sizes=\"(max-width: 600px) 100vw, 600px\" \/><\/p>\n<p>Na wysoko\u015bci 5,5 km zalegaj\u0105ca masa powietrza b\u0119dzie sucha. W nocy, od zachodu, nasuwa\u0107 si\u0119 zacznie strefa zwi\u0119kszonej wilgotno\u015bci.<\/p>\n<p><img loading=\"lazy\" width=\"600\" height=\"640\" class=\"wp-image-33081 aligncenter\" src=\"http:\/\/cmm.imgw.pl\/wp-content\/uploads\/2023\/06\/word-image-33038-43.png\" srcset=\"https:\/\/cmm.imgw.pl\/wp-content\/uploads\/2023\/06\/word-image-33038-43.png 600w, https:\/\/cmm.imgw.pl\/wp-content\/uploads\/2023\/06\/word-image-33038-43-281x300.png 281w\" sizes=\"(max-width: 600px) 100vw, 600px\" \/> <img loading=\"lazy\" width=\"600\" height=\"640\" class=\"wp-image-33082 aligncenter\" src=\"http:\/\/cmm.imgw.pl\/wp-content\/uploads\/2023\/06\/word-image-33038-44.png\" srcset=\"https:\/\/cmm.imgw.pl\/wp-content\/uploads\/2023\/06\/word-image-33038-44.png 600w, https:\/\/cmm.imgw.pl\/wp-content\/uploads\/2023\/06\/word-image-33038-44-281x300.png 281w\" sizes=\"(max-width: 600px) 100vw, 600px\" \/><\/p>\n<p>Na poziomie 300 hPa w ci\u0105gu dnia wyst\u0119powa\u0107 b\u0119dzie masa powietrza umiarkowanie wilgotna oraz sucha. Od wieczora nasunie si\u0119 od zachodu strefa zwi\u0119kszonej wilgotno\u015bci.<\/p>\n<p><strong>Prognoza zachmurzenia<\/strong><\/p>\n<p><img loading=\"lazy\" width=\"900\" height=\"800\" class=\"wp-image-33083 aligncenter\" src=\"http:\/\/cmm.imgw.pl\/wp-content\/uploads\/2023\/06\/obraz-zawierajacy-tekst-mapa-opis-wygenerowany-a-3.png\" alt=\"Obraz zawieraj\u0105cy tekst, mapa\n\nOpis wygenerowany automatycznie\" srcset=\"https:\/\/cmm.imgw.pl\/wp-content\/uploads\/2023\/06\/obraz-zawierajacy-tekst-mapa-opis-wygenerowany-a-3.png 900w, https:\/\/cmm.imgw.pl\/wp-content\/uploads\/2023\/06\/obraz-zawierajacy-tekst-mapa-opis-wygenerowany-a-3-300x267.png 300w, https:\/\/cmm.imgw.pl\/wp-content\/uploads\/2023\/06\/obraz-zawierajacy-tekst-mapa-opis-wygenerowany-a-3-768x683.png 768w\" sizes=\"(max-width: 900px) 100vw, 900px\" \/> <img loading=\"lazy\" width=\"900\" height=\"800\" class=\"wp-image-33084 aligncenter\" src=\"http:\/\/cmm.imgw.pl\/wp-content\/uploads\/2023\/06\/obraz-zawierajacy-tekst-mapa-atlas-diagram-opi-9.png\" alt=\"Obraz zawieraj\u0105cy tekst, mapa, atlas, diagram\n\nOpis wygenerowany automatycznie\" srcset=\"https:\/\/cmm.imgw.pl\/wp-content\/uploads\/2023\/06\/obraz-zawierajacy-tekst-mapa-atlas-diagram-opi-9.png 900w, https:\/\/cmm.imgw.pl\/wp-content\/uploads\/2023\/06\/obraz-zawierajacy-tekst-mapa-atlas-diagram-opi-9-300x267.png 300w, https:\/\/cmm.imgw.pl\/wp-content\/uploads\/2023\/06\/obraz-zawierajacy-tekst-mapa-atlas-diagram-opi-9-768x683.png 768w\" sizes=\"(max-width: 900px) 100vw, 900px\" \/> <img loading=\"lazy\" width=\"900\" height=\"800\" class=\"wp-image-33085 aligncenter\" src=\"http:\/\/cmm.imgw.pl\/wp-content\/uploads\/2023\/06\/obraz-zawierajacy-tekst-mapa-atlas-opis-wygener-23.png\" alt=\"Obraz zawieraj\u0105cy tekst, mapa, atlas\n\nOpis wygenerowany automatycznie\" srcset=\"https:\/\/cmm.imgw.pl\/wp-content\/uploads\/2023\/06\/obraz-zawierajacy-tekst-mapa-atlas-opis-wygener-23.png 900w, https:\/\/cmm.imgw.pl\/wp-content\/uploads\/2023\/06\/obraz-zawierajacy-tekst-mapa-atlas-opis-wygener-23-300x267.png 300w, https:\/\/cmm.imgw.pl\/wp-content\/uploads\/2023\/06\/obraz-zawierajacy-tekst-mapa-atlas-opis-wygener-23-768x683.png 768w\" sizes=\"(max-width: 900px) 100vw, 900px\" \/> <img loading=\"lazy\" width=\"900\" height=\"800\" class=\"wp-image-33086 aligncenter\" src=\"http:\/\/cmm.imgw.pl\/wp-content\/uploads\/2023\/06\/obraz-zawierajacy-tekst-mapa-zrzut-ekranu-atlas-16.png\" alt=\"Obraz zawieraj\u0105cy tekst, mapa, zrzut ekranu, atlas\n\nOpis wygenerowany automatycznie\" srcset=\"https:\/\/cmm.imgw.pl\/wp-content\/uploads\/2023\/06\/obraz-zawierajacy-tekst-mapa-zrzut-ekranu-atlas-16.png 900w, https:\/\/cmm.imgw.pl\/wp-content\/uploads\/2023\/06\/obraz-zawierajacy-tekst-mapa-zrzut-ekranu-atlas-16-300x267.png 300w, https:\/\/cmm.imgw.pl\/wp-content\/uploads\/2023\/06\/obraz-zawierajacy-tekst-mapa-zrzut-ekranu-atlas-16-768x683.png 768w\" sizes=\"(max-width: 900px) 100vw, 900px\" \/><\/p>\n<p>W ci\u0105gu dnia zachmurzenie og\u00f3lne umiarkowane i du\u017ce. Z up\u0142ywem czasu zachmurzenie og\u00f3lne b\u0119dzie si\u0119 zmniejsza\u0142o do ma\u0142ego i lokalnie b\u0119dzie bezchmurnie. Od zachodu nasunie si\u0119 strefa zwi\u0119kszonego zachmurzenia. W nocy na zachodzie i w centrum (nad ranem lub w drugiej cz\u0119\u015bci nocy) zachmurzenie og\u00f3lne du\u017ce i ca\u0142kowite. Na wschodzie Polski zachmurzenie zmienne od umiarkowanego do braku chmur. Na Suwalszczy\u017anie zachmurzenie umiarkowane i du\u017ce.<\/p>\n<p><img loading=\"lazy\" width=\"900\" height=\"800\" class=\"wp-image-33087 aligncenter\" src=\"http:\/\/cmm.imgw.pl\/wp-content\/uploads\/2023\/06\/obraz-zawierajacy-tekst-mapa-zrzut-ekranu-atlas-17.png\" alt=\"Obraz zawieraj\u0105cy tekst, mapa, zrzut ekranu, atlas\n\nOpis wygenerowany automatycznie\" srcset=\"https:\/\/cmm.imgw.pl\/wp-content\/uploads\/2023\/06\/obraz-zawierajacy-tekst-mapa-zrzut-ekranu-atlas-17.png 900w, https:\/\/cmm.imgw.pl\/wp-content\/uploads\/2023\/06\/obraz-zawierajacy-tekst-mapa-zrzut-ekranu-atlas-17-300x267.png 300w, https:\/\/cmm.imgw.pl\/wp-content\/uploads\/2023\/06\/obraz-zawierajacy-tekst-mapa-zrzut-ekranu-atlas-17-768x683.png 768w\" sizes=\"(max-width: 900px) 100vw, 900px\" \/> <img loading=\"lazy\" width=\"900\" height=\"800\" class=\"wp-image-33088 aligncenter\" src=\"http:\/\/cmm.imgw.pl\/wp-content\/uploads\/2023\/06\/obraz-zawierajacy-tekst-mapa-atlas-opis-wygener-24.png\" alt=\"Obraz zawieraj\u0105cy tekst, mapa, atlas\n\nOpis wygenerowany automatycznie\" srcset=\"https:\/\/cmm.imgw.pl\/wp-content\/uploads\/2023\/06\/obraz-zawierajacy-tekst-mapa-atlas-opis-wygener-24.png 900w, https:\/\/cmm.imgw.pl\/wp-content\/uploads\/2023\/06\/obraz-zawierajacy-tekst-mapa-atlas-opis-wygener-24-300x267.png 300w, https:\/\/cmm.imgw.pl\/wp-content\/uploads\/2023\/06\/obraz-zawierajacy-tekst-mapa-atlas-opis-wygener-24-768x683.png 768w\" sizes=\"(max-width: 900px) 100vw, 900px\" \/> <img loading=\"lazy\" width=\"900\" height=\"800\" class=\"wp-image-33089 aligncenter\" src=\"http:\/\/cmm.imgw.pl\/wp-content\/uploads\/2023\/06\/obraz-zawierajacy-tekst-mapa-atlas-opis-wygener-25.png\" alt=\"Obraz zawieraj\u0105cy tekst, mapa, atlas\n\nOpis wygenerowany automatycznie\" srcset=\"https:\/\/cmm.imgw.pl\/wp-content\/uploads\/2023\/06\/obraz-zawierajacy-tekst-mapa-atlas-opis-wygener-25.png 900w, https:\/\/cmm.imgw.pl\/wp-content\/uploads\/2023\/06\/obraz-zawierajacy-tekst-mapa-atlas-opis-wygener-25-300x267.png 300w, https:\/\/cmm.imgw.pl\/wp-content\/uploads\/2023\/06\/obraz-zawierajacy-tekst-mapa-atlas-opis-wygener-25-768x683.png 768w\" sizes=\"(max-width: 900px) 100vw, 900px\" \/> <img loading=\"lazy\" width=\"900\" height=\"800\" class=\"wp-image-33090 aligncenter\" src=\"http:\/\/cmm.imgw.pl\/wp-content\/uploads\/2023\/06\/obraz-zawierajacy-tekst-mapa-atlas-opis-wygener-26.png\" alt=\"Obraz zawieraj\u0105cy tekst, mapa, atlas\n\nOpis wygenerowany automatycznie\" srcset=\"https:\/\/cmm.imgw.pl\/wp-content\/uploads\/2023\/06\/obraz-zawierajacy-tekst-mapa-atlas-opis-wygener-26.png 900w, https:\/\/cmm.imgw.pl\/wp-content\/uploads\/2023\/06\/obraz-zawierajacy-tekst-mapa-atlas-opis-wygener-26-300x267.png 300w, https:\/\/cmm.imgw.pl\/wp-content\/uploads\/2023\/06\/obraz-zawierajacy-tekst-mapa-atlas-opis-wygener-26-768x683.png 768w\" sizes=\"(max-width: 900px) 100vw, 900px\" \/> <img loading=\"lazy\" width=\"900\" height=\"800\" class=\"wp-image-33091 aligncenter\" src=\"http:\/\/cmm.imgw.pl\/wp-content\/uploads\/2023\/06\/obraz-zawierajacy-tekst-mapa-zrzut-ekranu-atlas-18.png\" alt=\"Obraz zawieraj\u0105cy tekst, mapa, zrzut ekranu, atlas\n\nOpis wygenerowany automatycznie\" srcset=\"https:\/\/cmm.imgw.pl\/wp-content\/uploads\/2023\/06\/obraz-zawierajacy-tekst-mapa-zrzut-ekranu-atlas-18.png 900w, https:\/\/cmm.imgw.pl\/wp-content\/uploads\/2023\/06\/obraz-zawierajacy-tekst-mapa-zrzut-ekranu-atlas-18-300x267.png 300w, https:\/\/cmm.imgw.pl\/wp-content\/uploads\/2023\/06\/obraz-zawierajacy-tekst-mapa-zrzut-ekranu-atlas-18-768x683.png 768w\" sizes=\"(max-width: 900px) 100vw, 900px\" \/><\/p>\n<p>Na niebie wyst\u0119powa\u0107 b\u0119d\u0105 chmury Cumulus, Cumulonimbus, Stratocumulus (w godzinach popo\u0142udniowych b\u0119d\u0105 tworzy\u0142y si\u0119 chmury Stratocumulus cumulogenitus). Lokalnie chmury Stratus.<\/p>\n<p><img loading=\"lazy\" width=\"900\" height=\"800\" class=\"wp-image-33092 aligncenter\" src=\"http:\/\/cmm.imgw.pl\/wp-content\/uploads\/2023\/06\/obraz-zawierajacy-tekst-mapa-atlas-diagram-opi-10.png\" alt=\"Obraz zawieraj\u0105cy tekst, mapa, atlas, diagram\n\nOpis wygenerowany automatycznie\" srcset=\"https:\/\/cmm.imgw.pl\/wp-content\/uploads\/2023\/06\/obraz-zawierajacy-tekst-mapa-atlas-diagram-opi-10.png 900w, https:\/\/cmm.imgw.pl\/wp-content\/uploads\/2023\/06\/obraz-zawierajacy-tekst-mapa-atlas-diagram-opi-10-300x267.png 300w, https:\/\/cmm.imgw.pl\/wp-content\/uploads\/2023\/06\/obraz-zawierajacy-tekst-mapa-atlas-diagram-opi-10-768x683.png 768w\" sizes=\"(max-width: 900px) 100vw, 900px\" \/> <img loading=\"lazy\" width=\"900\" height=\"800\" class=\"wp-image-33093 aligncenter\" src=\"http:\/\/cmm.imgw.pl\/wp-content\/uploads\/2023\/06\/obraz-zawierajacy-tekst-mapa-atlas-zrzut-ekranu-10.png\" alt=\"Obraz zawieraj\u0105cy tekst, mapa, atlas, zrzut ekranu\n\nOpis wygenerowany automatycznie\" srcset=\"https:\/\/cmm.imgw.pl\/wp-content\/uploads\/2023\/06\/obraz-zawierajacy-tekst-mapa-atlas-zrzut-ekranu-10.png 900w, https:\/\/cmm.imgw.pl\/wp-content\/uploads\/2023\/06\/obraz-zawierajacy-tekst-mapa-atlas-zrzut-ekranu-10-300x267.png 300w, https:\/\/cmm.imgw.pl\/wp-content\/uploads\/2023\/06\/obraz-zawierajacy-tekst-mapa-atlas-zrzut-ekranu-10-768x683.png 768w\" sizes=\"(max-width: 900px) 100vw, 900px\" \/> <img loading=\"lazy\" width=\"900\" height=\"800\" class=\"wp-image-33094 aligncenter\" src=\"http:\/\/cmm.imgw.pl\/wp-content\/uploads\/2023\/06\/obraz-zawierajacy-tekst-mapa-atlas-opis-wygener-27.png\" alt=\"Obraz zawieraj\u0105cy tekst, mapa, atlas\n\nOpis wygenerowany automatycznie\" srcset=\"https:\/\/cmm.imgw.pl\/wp-content\/uploads\/2023\/06\/obraz-zawierajacy-tekst-mapa-atlas-opis-wygener-27.png 900w, https:\/\/cmm.imgw.pl\/wp-content\/uploads\/2023\/06\/obraz-zawierajacy-tekst-mapa-atlas-opis-wygener-27-300x267.png 300w, https:\/\/cmm.imgw.pl\/wp-content\/uploads\/2023\/06\/obraz-zawierajacy-tekst-mapa-atlas-opis-wygener-27-768x683.png 768w\" sizes=\"(max-width: 900px) 100vw, 900px\" \/> <img loading=\"lazy\" width=\"900\" height=\"800\" class=\"wp-image-33095 aligncenter\" src=\"http:\/\/cmm.imgw.pl\/wp-content\/uploads\/2023\/06\/obraz-zawierajacy-tekst-mapa-atlas-opis-wygener-28.png\" alt=\"Obraz zawieraj\u0105cy tekst, mapa, atlas\n\nOpis wygenerowany automatycznie\" srcset=\"https:\/\/cmm.imgw.pl\/wp-content\/uploads\/2023\/06\/obraz-zawierajacy-tekst-mapa-atlas-opis-wygener-28.png 900w, https:\/\/cmm.imgw.pl\/wp-content\/uploads\/2023\/06\/obraz-zawierajacy-tekst-mapa-atlas-opis-wygener-28-300x267.png 300w, https:\/\/cmm.imgw.pl\/wp-content\/uploads\/2023\/06\/obraz-zawierajacy-tekst-mapa-atlas-opis-wygener-28-768x683.png 768w\" sizes=\"(max-width: 900px) 100vw, 900px\" \/><\/p>\n<p>W pi\u0119trze chmur \u015brednich nale\u017cy spodziewa\u0107 si\u0119 chmur Altocumulus. W strefie chmur Cb mog\u0105 tworzy\u0107 si\u0119 chmury Altocumulus cumulonimbogenitus.<\/p>\n<p><img loading=\"lazy\" width=\"900\" height=\"800\" class=\"wp-image-33096 aligncenter\" src=\"http:\/\/cmm.imgw.pl\/wp-content\/uploads\/2023\/06\/obraz-zawierajacy-tekst-mapa-atlas-zrzut-ekranu-11.png\" alt=\"Obraz zawieraj\u0105cy tekst, mapa, atlas, zrzut ekranu\n\nOpis wygenerowany automatycznie\" srcset=\"https:\/\/cmm.imgw.pl\/wp-content\/uploads\/2023\/06\/obraz-zawierajacy-tekst-mapa-atlas-zrzut-ekranu-11.png 900w, https:\/\/cmm.imgw.pl\/wp-content\/uploads\/2023\/06\/obraz-zawierajacy-tekst-mapa-atlas-zrzut-ekranu-11-300x267.png 300w, https:\/\/cmm.imgw.pl\/wp-content\/uploads\/2023\/06\/obraz-zawierajacy-tekst-mapa-atlas-zrzut-ekranu-11-768x683.png 768w\" sizes=\"(max-width: 900px) 100vw, 900px\" \/> <img loading=\"lazy\" width=\"900\" height=\"800\" class=\"wp-image-33097 aligncenter\" src=\"http:\/\/cmm.imgw.pl\/wp-content\/uploads\/2023\/06\/obraz-zawierajacy-tekst-mapa-atlas-opis-wygener-29.png\" alt=\"Obraz zawieraj\u0105cy tekst, mapa, atlas\n\nOpis wygenerowany automatycznie\" srcset=\"https:\/\/cmm.imgw.pl\/wp-content\/uploads\/2023\/06\/obraz-zawierajacy-tekst-mapa-atlas-opis-wygener-29.png 900w, https:\/\/cmm.imgw.pl\/wp-content\/uploads\/2023\/06\/obraz-zawierajacy-tekst-mapa-atlas-opis-wygener-29-300x267.png 300w, https:\/\/cmm.imgw.pl\/wp-content\/uploads\/2023\/06\/obraz-zawierajacy-tekst-mapa-atlas-opis-wygener-29-768x683.png 768w\" sizes=\"(max-width: 900px) 100vw, 900px\" \/> <img loading=\"lazy\" width=\"900\" height=\"800\" class=\"wp-image-33098 aligncenter\" src=\"http:\/\/cmm.imgw.pl\/wp-content\/uploads\/2023\/06\/obraz-zawierajacy-tekst-mapa-atlas-opis-wygener-30.png\" alt=\"Obraz zawieraj\u0105cy tekst, mapa, atlas\n\nOpis wygenerowany automatycznie\" srcset=\"https:\/\/cmm.imgw.pl\/wp-content\/uploads\/2023\/06\/obraz-zawierajacy-tekst-mapa-atlas-opis-wygener-30.png 900w, https:\/\/cmm.imgw.pl\/wp-content\/uploads\/2023\/06\/obraz-zawierajacy-tekst-mapa-atlas-opis-wygener-30-300x267.png 300w, https:\/\/cmm.imgw.pl\/wp-content\/uploads\/2023\/06\/obraz-zawierajacy-tekst-mapa-atlas-opis-wygener-30-768x683.png 768w\" sizes=\"(max-width: 900px) 100vw, 900px\" \/><\/p>\n<p>W pi\u0119trze chmur wysokich nale\u017cy spodziewa\u0107 si\u0119 chmur Cirrus fibratus\/spissatus. Wieczorem i w nocy nasunie si\u0119 strefa chmur Cirrostratus fibratus\/duplicatus.<\/p>\n<p><strong>Prognoza opad\u00f3w<\/strong><\/p>\n<p><img loading=\"lazy\" width=\"600\" height=\"640\" class=\"wp-image-33099 aligncenter\" src=\"http:\/\/cmm.imgw.pl\/wp-content\/uploads\/2023\/06\/word-image-33038-61.png\" srcset=\"https:\/\/cmm.imgw.pl\/wp-content\/uploads\/2023\/06\/word-image-33038-61.png 600w, https:\/\/cmm.imgw.pl\/wp-content\/uploads\/2023\/06\/word-image-33038-61-281x300.png 281w\" sizes=\"(max-width: 600px) 100vw, 600px\" \/> <img loading=\"lazy\" width=\"600\" height=\"640\" class=\"wp-image-33100 aligncenter\" src=\"http:\/\/cmm.imgw.pl\/wp-content\/uploads\/2023\/06\/word-image-33038-62.png\" srcset=\"https:\/\/cmm.imgw.pl\/wp-content\/uploads\/2023\/06\/word-image-33038-62.png 600w, https:\/\/cmm.imgw.pl\/wp-content\/uploads\/2023\/06\/word-image-33038-62-281x300.png 281w\" sizes=\"(max-width: 600px) 100vw, 600px\" \/> <img loading=\"lazy\" width=\"600\" height=\"640\" class=\"wp-image-33101 aligncenter\" src=\"http:\/\/cmm.imgw.pl\/wp-content\/uploads\/2023\/06\/word-image-33038-63.png\" srcset=\"https:\/\/cmm.imgw.pl\/wp-content\/uploads\/2023\/06\/word-image-33038-63.png 600w, https:\/\/cmm.imgw.pl\/wp-content\/uploads\/2023\/06\/word-image-33038-63-281x300.png 281w\" sizes=\"(max-width: 600px) 100vw, 600px\" \/> <img loading=\"lazy\" width=\"600\" height=\"640\" class=\"wp-image-33102 aligncenter\" src=\"http:\/\/cmm.imgw.pl\/wp-content\/uploads\/2023\/06\/word-image-33038-64.png\" srcset=\"https:\/\/cmm.imgw.pl\/wp-content\/uploads\/2023\/06\/word-image-33038-64.png 600w, https:\/\/cmm.imgw.pl\/wp-content\/uploads\/2023\/06\/word-image-33038-64-281x300.png 281w\" sizes=\"(max-width: 600px) 100vw, 600px\" \/> <img loading=\"lazy\" width=\"600\" height=\"640\" class=\"wp-image-33103 aligncenter\" src=\"http:\/\/cmm.imgw.pl\/wp-content\/uploads\/2023\/06\/word-image-33038-65.png\" srcset=\"https:\/\/cmm.imgw.pl\/wp-content\/uploads\/2023\/06\/word-image-33038-65.png 600w, https:\/\/cmm.imgw.pl\/wp-content\/uploads\/2023\/06\/word-image-33038-65-281x300.png 281w\" sizes=\"(max-width: 600px) 100vw, 600px\" \/> <img loading=\"lazy\" width=\"600\" height=\"640\" class=\"wp-image-33104 aligncenter\" src=\"http:\/\/cmm.imgw.pl\/wp-content\/uploads\/2023\/06\/word-image-33038-66.png\" srcset=\"https:\/\/cmm.imgw.pl\/wp-content\/uploads\/2023\/06\/word-image-33038-66.png 600w, https:\/\/cmm.imgw.pl\/wp-content\/uploads\/2023\/06\/word-image-33038-66-281x300.png 281w\" sizes=\"(max-width: 600px) 100vw, 600px\" \/><\/p>\n<p>Po po\u0142udniu rozwija\u0107 si\u0119 b\u0119d\u0105 chmury Cb i wyst\u0119powa\u0107 b\u0119d\u0105 opady przelotne deszczu, lokalnie do\u015b\u0107 intensywne. Wieczorem zanik opad\u00f3w. Nad ranem do zachodnich granic kraju zbli\u017cy si\u0119 strefa opad\u00f3w deszczu.<\/p>\n<p><strong>Opady gradu<\/strong><\/p>\n<p><img loading=\"lazy\" width=\"600\" height=\"640\" class=\"wp-image-33105 aligncenter\" src=\"http:\/\/cmm.imgw.pl\/wp-content\/uploads\/2023\/06\/word-image-33038-67.png\" srcset=\"https:\/\/cmm.imgw.pl\/wp-content\/uploads\/2023\/06\/word-image-33038-67.png 600w, https:\/\/cmm.imgw.pl\/wp-content\/uploads\/2023\/06\/word-image-33038-67-281x300.png 281w\" sizes=\"(max-width: 600px) 100vw, 600px\" \/> <img loading=\"lazy\" width=\"600\" height=\"640\" class=\"wp-image-33106 aligncenter\" src=\"http:\/\/cmm.imgw.pl\/wp-content\/uploads\/2023\/06\/word-image-33038-68.png\" srcset=\"https:\/\/cmm.imgw.pl\/wp-content\/uploads\/2023\/06\/word-image-33038-68.png 600w, https:\/\/cmm.imgw.pl\/wp-content\/uploads\/2023\/06\/word-image-33038-68-281x300.png 281w\" sizes=\"(max-width: 600px) 100vw, 600px\" \/> <img loading=\"lazy\" width=\"600\" height=\"640\" class=\"wp-image-33107 aligncenter\" src=\"http:\/\/cmm.imgw.pl\/wp-content\/uploads\/2023\/06\/word-image-33038-69.png\" srcset=\"https:\/\/cmm.imgw.pl\/wp-content\/uploads\/2023\/06\/word-image-33038-69.png 600w, https:\/\/cmm.imgw.pl\/wp-content\/uploads\/2023\/06\/word-image-33038-69-281x300.png 281w\" sizes=\"(max-width: 600px) 100vw, 600px\" \/> <img loading=\"lazy\" width=\"600\" height=\"640\" class=\"wp-image-33108 aligncenter\" src=\"http:\/\/cmm.imgw.pl\/wp-content\/uploads\/2023\/06\/word-image-33038-70.png\" srcset=\"https:\/\/cmm.imgw.pl\/wp-content\/uploads\/2023\/06\/word-image-33038-70.png 600w, https:\/\/cmm.imgw.pl\/wp-content\/uploads\/2023\/06\/word-image-33038-70-281x300.png 281w\" sizes=\"(max-width: 600px) 100vw, 600px\" \/> <img loading=\"lazy\" width=\"600\" height=\"640\" class=\"wp-image-33109 aligncenter\" src=\"http:\/\/cmm.imgw.pl\/wp-content\/uploads\/2023\/06\/word-image-33038-71.png\" srcset=\"https:\/\/cmm.imgw.pl\/wp-content\/uploads\/2023\/06\/word-image-33038-71.png 600w, https:\/\/cmm.imgw.pl\/wp-content\/uploads\/2023\/06\/word-image-33038-71-281x300.png 281w\" sizes=\"(max-width: 600px) 100vw, 600px\" \/><\/p>\n<p>Na wschodzie kraju mo\u017cliwe opady gradu.<\/p>\n<p><strong>Prognoza burz <\/strong><\/p>\n<p><img loading=\"lazy\" width=\"600\" height=\"640\" class=\"wp-image-33110 aligncenter\" src=\"http:\/\/cmm.imgw.pl\/wp-content\/uploads\/2023\/06\/word-image-33038-72.png\" srcset=\"https:\/\/cmm.imgw.pl\/wp-content\/uploads\/2023\/06\/word-image-33038-72.png 600w, https:\/\/cmm.imgw.pl\/wp-content\/uploads\/2023\/06\/word-image-33038-72-281x300.png 281w\" sizes=\"(max-width: 600px) 100vw, 600px\" \/> <img loading=\"lazy\" width=\"600\" height=\"640\" class=\"wp-image-33111 aligncenter\" src=\"http:\/\/cmm.imgw.pl\/wp-content\/uploads\/2023\/06\/word-image-33038-73.png\" srcset=\"https:\/\/cmm.imgw.pl\/wp-content\/uploads\/2023\/06\/word-image-33038-73.png 600w, https:\/\/cmm.imgw.pl\/wp-content\/uploads\/2023\/06\/word-image-33038-73-281x300.png 281w\" sizes=\"(max-width: 600px) 100vw, 600px\" \/><\/p>\n<p><img loading=\"lazy\" width=\"600\" height=\"640\" class=\"wp-image-33112 aligncenter\" src=\"http:\/\/cmm.imgw.pl\/wp-content\/uploads\/2023\/06\/word-image-33038-74.png\" srcset=\"https:\/\/cmm.imgw.pl\/wp-content\/uploads\/2023\/06\/word-image-33038-74.png 600w, https:\/\/cmm.imgw.pl\/wp-content\/uploads\/2023\/06\/word-image-33038-74-281x300.png 281w\" sizes=\"(max-width: 600px) 100vw, 600px\" \/> <img loading=\"lazy\" width=\"600\" height=\"640\" class=\"wp-image-33113 aligncenter\" src=\"http:\/\/cmm.imgw.pl\/wp-content\/uploads\/2023\/06\/word-image-33038-75.png\" srcset=\"https:\/\/cmm.imgw.pl\/wp-content\/uploads\/2023\/06\/word-image-33038-75.png 600w, https:\/\/cmm.imgw.pl\/wp-content\/uploads\/2023\/06\/word-image-33038-75-281x300.png 281w\" sizes=\"(max-width: 600px) 100vw, 600px\" \/><\/p>\n<p><img loading=\"lazy\" width=\"600\" height=\"640\" class=\"wp-image-33114 aligncenter\" src=\"http:\/\/cmm.imgw.pl\/wp-content\/uploads\/2023\/06\/word-image-33038-76.png\" srcset=\"https:\/\/cmm.imgw.pl\/wp-content\/uploads\/2023\/06\/word-image-33038-76.png 600w, https:\/\/cmm.imgw.pl\/wp-content\/uploads\/2023\/06\/word-image-33038-76-281x300.png 281w\" sizes=\"(max-width: 600px) 100vw, 600px\" \/> <img loading=\"lazy\" width=\"600\" height=\"640\" class=\"wp-image-33115 aligncenter\" src=\"http:\/\/cmm.imgw.pl\/wp-content\/uploads\/2023\/06\/word-image-33038-77.png\" srcset=\"https:\/\/cmm.imgw.pl\/wp-content\/uploads\/2023\/06\/word-image-33038-77.png 600w, https:\/\/cmm.imgw.pl\/wp-content\/uploads\/2023\/06\/word-image-33038-77-281x300.png 281w\" sizes=\"(max-width: 600px) 100vw, 600px\" \/><\/p>\n<p><img loading=\"lazy\" width=\"562\" height=\"562\" class=\"wp-image-33116 aligncenter\" src=\"http:\/\/cmm.imgw.pl\/wp-content\/uploads\/2023\/06\/obraz-zawierajacy-tekst-mapa-zrzut-ekranu-opis-11.png\" alt=\"Obraz zawieraj\u0105cy tekst, mapa, zrzut ekranu\n\nOpis wygenerowany automatycznie\" srcset=\"https:\/\/cmm.imgw.pl\/wp-content\/uploads\/2023\/06\/obraz-zawierajacy-tekst-mapa-zrzut-ekranu-opis-11.png 562w, https:\/\/cmm.imgw.pl\/wp-content\/uploads\/2023\/06\/obraz-zawierajacy-tekst-mapa-zrzut-ekranu-opis-11-300x300.png 300w, https:\/\/cmm.imgw.pl\/wp-content\/uploads\/2023\/06\/obraz-zawierajacy-tekst-mapa-zrzut-ekranu-opis-11-150x150.png 150w\" sizes=\"(max-width: 562px) 100vw, 562px\" \/> <img loading=\"lazy\" width=\"618\" height=\"618\" class=\"wp-image-33117 aligncenter\" src=\"http:\/\/cmm.imgw.pl\/wp-content\/uploads\/2023\/06\/obraz-zawierajacy-tekst-mapa-zrzut-ekranu-atlas-19.png\" alt=\"Obraz zawieraj\u0105cy tekst, mapa, zrzut ekranu, atlas\n\nOpis wygenerowany automatycznie\" srcset=\"https:\/\/cmm.imgw.pl\/wp-content\/uploads\/2023\/06\/obraz-zawierajacy-tekst-mapa-zrzut-ekranu-atlas-19.png 618w, https:\/\/cmm.imgw.pl\/wp-content\/uploads\/2023\/06\/obraz-zawierajacy-tekst-mapa-zrzut-ekranu-atlas-19-300x300.png 300w, https:\/\/cmm.imgw.pl\/wp-content\/uploads\/2023\/06\/obraz-zawierajacy-tekst-mapa-zrzut-ekranu-atlas-19-150x150.png 150w, https:\/\/cmm.imgw.pl\/wp-content\/uploads\/2023\/06\/obraz-zawierajacy-tekst-mapa-zrzut-ekranu-atlas-19-600x600.png 600w\" sizes=\"(max-width: 618px) 100vw, 618px\" \/><\/p>\n<p>Jutro MUCAPE osi\u0105ga\u0107 b\u0119dzie warto\u015b\u0107 800-1600 J\/kg. Na wschodzie kraju wyst\u0119powa\u0107 b\u0119dzie najwi\u0119cej wody w s\u0142upie powietrza. Wierzcho\u0142ki chmur Cb osi\u0105ga\u0107 b\u0119d\u0105 wysoko\u015b\u0107 10 km. Temperatura wierzcho\u0142k\u00f3w chmur wyniesie -30\/-40 st. C. SWEAT wyniesie oko\u0142o 250-300. Wyst\u0105pi\u0105 sprzyjaj\u0105ce warunki do elektryzacji chmur i inicjalizacji wy\u0142adowa\u0144 iskrowych.<\/p>\n<p><img loading=\"lazy\" width=\"372\" height=\"406\" class=\"wp-image-33118 aligncenter\" src=\"http:\/\/cmm.imgw.pl\/wp-content\/uploads\/2023\/06\/word-image-33038-80.png\" srcset=\"https:\/\/cmm.imgw.pl\/wp-content\/uploads\/2023\/06\/word-image-33038-80.png 372w, https:\/\/cmm.imgw.pl\/wp-content\/uploads\/2023\/06\/word-image-33038-80-275x300.png 275w\" sizes=\"(max-width: 372px) 100vw, 372px\" \/><\/p>\n<p>W p\u00f3\u0142nocno wschodniej i wschodniej cz\u0119\u015bci kraju mo\u017cliwe s\u0142abe burze.<\/p>\n<p><strong>Prognoza pola wiatru<\/strong><\/p>\n<p><img loading=\"lazy\" width=\"625\" height=\"625\" class=\"wp-image-33119 aligncenter\" src=\"http:\/\/cmm.imgw.pl\/wp-content\/uploads\/2023\/06\/word-image-33038-81.jpeg\" srcset=\"https:\/\/cmm.imgw.pl\/wp-content\/uploads\/2023\/06\/word-image-33038-81.jpeg 625w, https:\/\/cmm.imgw.pl\/wp-content\/uploads\/2023\/06\/word-image-33038-81-300x300.jpeg 300w, https:\/\/cmm.imgw.pl\/wp-content\/uploads\/2023\/06\/word-image-33038-81-150x150.jpeg 150w, https:\/\/cmm.imgw.pl\/wp-content\/uploads\/2023\/06\/word-image-33038-81-600x600.jpeg 600w\" sizes=\"(max-width: 625px) 100vw, 625px\" \/> <img loading=\"lazy\" width=\"667\" height=\"667\" class=\"wp-image-33120 aligncenter\" src=\"http:\/\/cmm.imgw.pl\/wp-content\/uploads\/2023\/06\/word-image-33038-82.jpeg\" srcset=\"https:\/\/cmm.imgw.pl\/wp-content\/uploads\/2023\/06\/word-image-33038-82.jpeg 667w, https:\/\/cmm.imgw.pl\/wp-content\/uploads\/2023\/06\/word-image-33038-82-300x300.jpeg 300w, https:\/\/cmm.imgw.pl\/wp-content\/uploads\/2023\/06\/word-image-33038-82-150x150.jpeg 150w, https:\/\/cmm.imgw.pl\/wp-content\/uploads\/2023\/06\/word-image-33038-82-600x600.jpeg 600w\" sizes=\"(max-width: 667px) 100vw, 667px\" \/><\/p>\n<p>W ci\u0105gu dnia porywy wiatru, do 70 km\/h na wschodzie kraju.<\/p>\n<p><strong>Prognoza widzialno\u015bci<\/strong><\/p>\n<p><img loading=\"lazy\" width=\"634\" height=\"634\" class=\"wp-image-33121 aligncenter\" src=\"http:\/\/cmm.imgw.pl\/wp-content\/uploads\/2023\/06\/obraz-zawierajacy-tekst-mapa-atlas-diagram-opi-11.png\" alt=\"Obraz zawieraj\u0105cy tekst, mapa, atlas, diagram\n\nOpis wygenerowany automatycznie\" srcset=\"https:\/\/cmm.imgw.pl\/wp-content\/uploads\/2023\/06\/obraz-zawierajacy-tekst-mapa-atlas-diagram-opi-11.png 634w, https:\/\/cmm.imgw.pl\/wp-content\/uploads\/2023\/06\/obraz-zawierajacy-tekst-mapa-atlas-diagram-opi-11-300x300.png 300w, https:\/\/cmm.imgw.pl\/wp-content\/uploads\/2023\/06\/obraz-zawierajacy-tekst-mapa-atlas-diagram-opi-11-150x150.png 150w, https:\/\/cmm.imgw.pl\/wp-content\/uploads\/2023\/06\/obraz-zawierajacy-tekst-mapa-atlas-diagram-opi-11-600x600.png 600w\" sizes=\"(max-width: 634px) 100vw, 634px\" \/> <img loading=\"lazy\" width=\"661\" height=\"661\" class=\"wp-image-33122 aligncenter\" src=\"http:\/\/cmm.imgw.pl\/wp-content\/uploads\/2023\/06\/obraz-zawierajacy-tekst-mapa-atlas-diagram-opi-12.png\" alt=\"Obraz zawieraj\u0105cy tekst, mapa, atlas, diagram\n\nOpis wygenerowany automatycznie\" srcset=\"https:\/\/cmm.imgw.pl\/wp-content\/uploads\/2023\/06\/obraz-zawierajacy-tekst-mapa-atlas-diagram-opi-12.png 661w, https:\/\/cmm.imgw.pl\/wp-content\/uploads\/2023\/06\/obraz-zawierajacy-tekst-mapa-atlas-diagram-opi-12-300x300.png 300w, https:\/\/cmm.imgw.pl\/wp-content\/uploads\/2023\/06\/obraz-zawierajacy-tekst-mapa-atlas-diagram-opi-12-150x150.png 150w, https:\/\/cmm.imgw.pl\/wp-content\/uploads\/2023\/06\/obraz-zawierajacy-tekst-mapa-atlas-diagram-opi-12-600x600.png 600w\" sizes=\"(max-width: 661px) 100vw, 661px\" \/> <img loading=\"lazy\" width=\"662\" height=\"662\" class=\"wp-image-33123 aligncenter\" src=\"http:\/\/cmm.imgw.pl\/wp-content\/uploads\/2023\/06\/obraz-zawierajacy-tekst-mapa-atlas-opis-wygener-31.png\" alt=\"Obraz zawieraj\u0105cy tekst, mapa, atlas\n\nOpis wygenerowany automatycznie\" srcset=\"https:\/\/cmm.imgw.pl\/wp-content\/uploads\/2023\/06\/obraz-zawierajacy-tekst-mapa-atlas-opis-wygener-31.png 662w, https:\/\/cmm.imgw.pl\/wp-content\/uploads\/2023\/06\/obraz-zawierajacy-tekst-mapa-atlas-opis-wygener-31-300x300.png 300w, https:\/\/cmm.imgw.pl\/wp-content\/uploads\/2023\/06\/obraz-zawierajacy-tekst-mapa-atlas-opis-wygener-31-150x150.png 150w, https:\/\/cmm.imgw.pl\/wp-content\/uploads\/2023\/06\/obraz-zawierajacy-tekst-mapa-atlas-opis-wygener-31-600x600.png 600w\" sizes=\"(max-width: 662px) 100vw, 662px\" \/> <img loading=\"lazy\" width=\"600\" height=\"640\" class=\"wp-image-33124 aligncenter\" src=\"http:\/\/cmm.imgw.pl\/wp-content\/uploads\/2023\/06\/word-image-33038-86.png\" srcset=\"https:\/\/cmm.imgw.pl\/wp-content\/uploads\/2023\/06\/word-image-33038-86.png 600w, https:\/\/cmm.imgw.pl\/wp-content\/uploads\/2023\/06\/word-image-33038-86-281x300.png 281w\" sizes=\"(max-width: 600px) 100vw, 600px\" \/><\/p>\n<p>W strefie opad\u00f3w ograniczenie widzialno\u015bci do 3-7 km. W nocy mog\u0105 wyst\u0105pi\u0107 zamglenia. Na wschodzie kraju mo\u017cliwe zamglenia ograniczaj\u0105ce widzialno\u015b\u0107 do 1,5-3 km.<\/p>","protected":false},"excerpt":{"rendered":"<p>Komentarz do numerycznych prognoz pogody opracowany w Centrum Modelowania Meteorologicznego IMGW-PIB.<\/p>\n","protected":false},"author":3,"featured_media":0,"comment_status":"closed","ping_status":"open","sticky":false,"template":"","format":"standard","meta":{"ocean_post_layout":"","ocean_both_sidebars_style":"","ocean_both_sidebars_content_width":0,"ocean_both_sidebars_sidebars_width":0,"ocean_sidebar":"0","ocean_second_sidebar":"0","ocean_disable_margins":"enable","ocean_add_body_class":"","ocean_shortcode_before_top_bar":"","ocean_shortcode_after_top_bar":"","ocean_shortcode_before_header":"","ocean_shortcode_after_header":"","ocean_has_shortcode":"","ocean_shortcode_after_title":"","ocean_shortcode_before_footer_widgets":"","ocean_shortcode_after_footer_widgets":"","ocean_shortcode_before_footer_bottom":"","ocean_shortcode_after_footer_bottom":"","ocean_display_top_bar":"default","ocean_display_header":"default","ocean_header_style":"","ocean_center_header_left_menu":"0","ocean_custom_header_template":"0","ocean_custom_logo":0,"ocean_custom_retina_logo":0,"ocean_custom_logo_max_width":0,"ocean_custom_logo_tablet_max_width":0,"ocean_custom_logo_mobile_max_width":0,"ocean_custom_logo_max_height":0,"ocean_custom_logo_tablet_max_height":0,"ocean_custom_logo_mobile_max_height":0,"ocean_header_custom_menu":"0","ocean_menu_typo_font_family":"0","ocean_menu_typo_font_subset":"","ocean_menu_typo_font_size":0,"ocean_menu_typo_font_size_tablet":0,"ocean_menu_typo_font_size_mobile":0,"ocean_menu_typo_font_size_unit":"px","ocean_menu_typo_font_weight":"","ocean_menu_typo_font_weight_tablet":"","ocean_menu_typo_font_weight_mobile":"","ocean_menu_typo_transform":"","ocean_menu_typo_transform_tablet":"","ocean_menu_typo_transform_mobile":"","ocean_menu_typo_line_height":0,"ocean_menu_typo_line_height_tablet":0,"ocean_menu_typo_line_height_mobile":0,"ocean_menu_typo_line_height_unit":"","ocean_menu_typo_spacing":0,"ocean_menu_typo_spacing_tablet":0,"ocean_menu_typo_spacing_mobile":0,"ocean_menu_typo_spacing_unit":"","ocean_menu_link_color":"","ocean_menu_link_color_hover":"","ocean_menu_link_color_active":"","ocean_menu_link_background":"","ocean_menu_link_hover_background":"","ocean_menu_link_active_background":"","ocean_menu_social_links_bg":"","ocean_menu_social_hover_links_bg":"","ocean_menu_social_links_color":"","ocean_menu_social_hover_links_color":"","ocean_disable_title":"default","ocean_disable_heading":"default","ocean_post_title":"","ocean_post_subheading":"","ocean_post_title_style":"","ocean_post_title_background_color":"","ocean_post_title_background":0,"ocean_post_title_bg_image_position":"","ocean_post_title_bg_image_attachment":"","ocean_post_title_bg_image_repeat":"","ocean_post_title_bg_image_size":"","ocean_post_title_height":0,"ocean_post_title_bg_overlay":0.5,"ocean_post_title_bg_overlay_color":"","ocean_disable_breadcrumbs":"default","ocean_breadcrumbs_color":"","ocean_breadcrumbs_separator_color":"","ocean_breadcrumbs_links_color":"","ocean_breadcrumbs_links_hover_color":"","ocean_display_footer_widgets":"default","ocean_display_footer_bottom":"default","ocean_custom_footer_template":"0","ocean_post_oembed":"","ocean_post_self_hosted_media":"","ocean_post_video_embed":"","ocean_link_format":"","ocean_link_format_target":"self","ocean_quote_format":"","ocean_quote_format_link":"post","ocean_gallery_link_images":"on","ocean_gallery_id":[]},"categories":[93],"tags":[138,139,68,95,143,141,85,73,97,98,142,76,94,99,71,67,96,140,79],"yoast_head":"<!-- This site is optimized with the Yoast SEO plugin v19.5.1 - https:\/\/yoast.com\/wordpress\/plugins\/seo\/ -->\n<title>Komentarz do numerycznych prognoz pogody (29\/30.06.2023) - Laboratorium Modelowania Meteorologicznego CMOK IMGW-PIB<\/title>\n<meta name=\"description\" content=\"Komentarz do numerycznych prognoz pogody opracowany w Centrum Modelowania Meteorologicznego IMGW-PIB.\" \/>\n<meta name=\"robots\" content=\"index, follow, max-snippet:-1, max-image-preview:large, max-video-preview:-1\" \/>\n<link rel=\"canonical\" href=\"https:\/\/cmm.imgw.pl\/?p=33038\" \/>\n<meta property=\"og:locale\" content=\"pl_PL\" \/>\n<meta property=\"og:type\" content=\"article\" \/>\n<meta property=\"og:title\" content=\"Komentarz do numerycznych prognoz pogody (29\/30.06.2023)\" \/>\n<meta property=\"og:description\" content=\"Komentarz do numerycznych prognoz pogody opracowany w Centrum Modelowania Meteorologicznego IMGW-PIB\" \/>\n<meta property=\"og:url\" content=\"https:\/\/cmm.imgw.pl\/?p=33038\" \/>\n<meta property=\"og:site_name\" content=\"Laboratorium Modelowania Meteorologicznego CMOK IMGW-PIB\" \/>\n<meta property=\"article:publisher\" content=\"https:\/\/www.facebook.com\/Meteoimgw\/\" \/>\n<meta property=\"article:published_time\" content=\"2023-06-29T00:55:19+00:00\" \/>\n<meta property=\"article:modified_time\" content=\"2023-06-29T00:55:23+00:00\" \/>\n<meta property=\"og:image\" content=\"http:\/\/cmm.imgw.pl\/wp-content\/uploads\/2023\/02\/komentarz4.png\" \/>\n\t<meta property=\"og:image:width\" content=\"1280\" \/>\n\t<meta property=\"og:image:height\" content=\"720\" \/>\n\t<meta property=\"og:image:type\" content=\"image\/png\" \/>\n<meta name=\"author\" content=\"CMM\" \/>\n<meta name=\"twitter:card\" content=\"summary_large_image\" \/>\n<meta name=\"twitter:title\" content=\"Komentarz do numerycznych prognoz pogody (29\/30.06.2023)\" \/>\n<meta name=\"twitter:description\" content=\"Komentarz do numerycznych prognoz pogody opracowany w Centrum Modelowania Meteorologicznego IMGW-PIB\" \/>\n<meta name=\"twitter:image\" content=\"https:\/\/cmm.imgw.pl\/wp-content\/uploads\/2023\/02\/komentarz4.png\" \/>\n<meta name=\"twitter:creator\" content=\"@IMGW_CMM\" \/>\n<meta name=\"twitter:site\" content=\"@IMGW_CMM\" \/>\n<meta name=\"twitter:label1\" content=\"Napisane przez\" \/>\n\t<meta name=\"twitter:data1\" content=\"CMM\" \/>\n\t<meta name=\"twitter:label2\" content=\"Szacowany czas czytania\" \/>\n\t<meta name=\"twitter:data2\" content=\"26 minut\" \/>\n<script type=\"application\/ld+json\" class=\"yoast-schema-graph\">{\"@context\":\"https:\/\/schema.org\",\"@graph\":[{\"@type\":\"Article\",\"@id\":\"https:\/\/cmm.imgw.pl\/?p=33038#article\",\"isPartOf\":{\"@id\":\"https:\/\/cmm.imgw.pl\/?p=33038\"},\"author\":{\"name\":\"CMM\",\"@id\":\"https:\/\/cmm.imgw.pl\/#\/schema\/person\/a24a37fe434fe76b0f5791e6bd3fdb46\"},\"headline\":\"Komentarz do numerycznych prognoz pogody (29\/30.06.2023)\",\"datePublished\":\"2023-06-29T00:55:19+00:00\",\"dateModified\":\"2023-06-29T00:55:23+00:00\",\"mainEntityOfPage\":{\"@id\":\"https:\/\/cmm.imgw.pl\/?p=33038\"},\"wordCount\":1555,\"publisher\":{\"@id\":\"https:\/\/cmm.imgw.pl\/#organization\"},\"keywords\":[\"alaro\",\"arome\",\"cmm\",\"Cosmo\",\"DWD\",\"Grzegorz Duniec\",\"imgw\",\"klimat\",\"komentarz\",\"komentarz pogodowy\",\"MERGE\",\"meteorologia\",\"NMP\",\"NPP\",\"pogoda\",\"prognoza\",\"prognoza pogody\",\"wrf\",\"zima\"],\"articleSection\":[\"Komentarz\"],\"inLanguage\":\"pl-PL\"},{\"@type\":\"WebPage\",\"@id\":\"https:\/\/cmm.imgw.pl\/?p=33038\",\"url\":\"https:\/\/cmm.imgw.pl\/?p=33038\",\"name\":\"Komentarz do numerycznych prognoz pogody (29\/30.06.2023) - Laboratorium Modelowania Meteorologicznego CMOK IMGW-PIB\",\"isPartOf\":{\"@id\":\"https:\/\/cmm.imgw.pl\/#website\"},\"datePublished\":\"2023-06-29T00:55:19+00:00\",\"dateModified\":\"2023-06-29T00:55:23+00:00\",\"description\":\"Komentarz do numerycznych prognoz pogody opracowany w Centrum Modelowania Meteorologicznego IMGW-PIB.\",\"breadcrumb\":{\"@id\":\"https:\/\/cmm.imgw.pl\/?p=33038#breadcrumb\"},\"inLanguage\":\"pl-PL\",\"potentialAction\":[{\"@type\":\"ReadAction\",\"target\":[\"https:\/\/cmm.imgw.pl\/?p=33038\"]}]},{\"@type\":\"BreadcrumbList\",\"@id\":\"https:\/\/cmm.imgw.pl\/?p=33038#breadcrumb\",\"itemListElement\":[{\"@type\":\"ListItem\",\"position\":1,\"name\":\"Home\",\"item\":\"https:\/\/cmm.imgw.pl\/\"},{\"@type\":\"ListItem\",\"position\":2,\"name\":\"Komentarz do numerycznych prognoz pogody (29\/30.06.2023)\"}]},{\"@type\":\"WebSite\",\"@id\":\"https:\/\/cmm.imgw.pl\/#website\",\"url\":\"https:\/\/cmm.imgw.pl\/\",\"name\":\"Laboratorium Modelowania Meteorologicznego CMOK IMGW-PIB\",\"description\":\"CMOK-LMM Laboratorium pe\u0142ni pa\u0144stwow\u0105 s\u0142u\u017cb\u0119 hydrologiczno-meteorologiczn\u0105 w zakresie numerycznych prognoz pogody, kt\u00f3rego zadaniem jest konsolidacja kompetencji w obszarze modelowania zjawisk pogodowych oraz dalszego rozwoju numerycznych modeli pogody (NMP).\",\"publisher\":{\"@id\":\"https:\/\/cmm.imgw.pl\/#organization\"},\"potentialAction\":[{\"@type\":\"SearchAction\",\"target\":{\"@type\":\"EntryPoint\",\"urlTemplate\":\"https:\/\/cmm.imgw.pl\/?s={search_term_string}\"},\"query-input\":\"required name=search_term_string\"}],\"inLanguage\":\"pl-PL\"},{\"@type\":\"Organization\",\"@id\":\"https:\/\/cmm.imgw.pl\/#organization\",\"name\":\"Laboratorium Modelowania Meteorologicznego CMOK IMGW-PIB\",\"url\":\"https:\/\/cmm.imgw.pl\/\",\"sameAs\":[\"https:\/\/www.facebook.com\/Meteoimgw\/\",\"https:\/\/twitter.com\/IMGW_CMM\"],\"logo\":{\"@type\":\"ImageObject\",\"inLanguage\":\"pl-PL\",\"@id\":\"https:\/\/cmm.imgw.pl\/#\/schema\/logo\/image\/\",\"url\":\"https:\/\/cmm.imgw.pl\/wp-content\/uploads\/2025\/10\/MODELE_LOGO_UNIFIKACJA_v2.png\",\"contentUrl\":\"https:\/\/cmm.imgw.pl\/wp-content\/uploads\/2025\/10\/MODELE_LOGO_UNIFIKACJA_v2.png\",\"width\":1356,\"height\":365,\"caption\":\"Laboratorium Modelowania Meteorologicznego CMOK IMGW-PIB\"},\"image\":{\"@id\":\"https:\/\/cmm.imgw.pl\/#\/schema\/logo\/image\/\"}},{\"@type\":\"Person\",\"@id\":\"https:\/\/cmm.imgw.pl\/#\/schema\/person\/a24a37fe434fe76b0f5791e6bd3fdb46\",\"name\":\"CMM\",\"image\":{\"@type\":\"ImageObject\",\"inLanguage\":\"pl-PL\",\"@id\":\"https:\/\/cmm.imgw.pl\/#\/schema\/person\/image\/\",\"url\":\"https:\/\/secure.gravatar.com\/avatar\/9248ea2273711f1cd09d6bd45867dbfb?s=96&d=blank&r=g\",\"contentUrl\":\"https:\/\/secure.gravatar.com\/avatar\/9248ea2273711f1cd09d6bd45867dbfb?s=96&d=blank&r=g\",\"caption\":\"CMM\"},\"sameAs\":[\"http:\/\/cmm.imgw.pl\"],\"url\":\"https:\/\/cmm.imgw.pl\/?author=3\"}]}<\/script>\n<!-- \/ Yoast SEO plugin. -->","yoast_head_json":{"title":"Komentarz do numerycznych prognoz pogody (29\/30.06.2023) - Laboratorium Modelowania Meteorologicznego CMOK IMGW-PIB","description":"Komentarz do numerycznych prognoz pogody opracowany w Centrum Modelowania Meteorologicznego IMGW-PIB.","robots":{"index":"index","follow":"follow","max-snippet":"max-snippet:-1","max-image-preview":"max-image-preview:large","max-video-preview":"max-video-preview:-1"},"canonical":"https:\/\/cmm.imgw.pl\/?p=33038","og_locale":"pl_PL","og_type":"article","og_title":"Komentarz do numerycznych prognoz pogody (29\/30.06.2023)","og_description":"Komentarz do numerycznych prognoz pogody opracowany w Centrum Modelowania Meteorologicznego IMGW-PIB","og_url":"https:\/\/cmm.imgw.pl\/?p=33038","og_site_name":"Laboratorium Modelowania Meteorologicznego CMOK IMGW-PIB","article_publisher":"https:\/\/www.facebook.com\/Meteoimgw\/","article_published_time":"2023-06-29T00:55:19+00:00","article_modified_time":"2023-06-29T00:55:23+00:00","og_image":[{"width":1280,"height":720,"url":"http:\/\/cmm.imgw.pl\/wp-content\/uploads\/2023\/02\/komentarz4.png","type":"image\/png"}],"author":"CMM","twitter_card":"summary_large_image","twitter_title":"Komentarz do numerycznych prognoz pogody (29\/30.06.2023)","twitter_description":"Komentarz do numerycznych prognoz pogody opracowany w Centrum Modelowania Meteorologicznego IMGW-PIB","twitter_image":"https:\/\/cmm.imgw.pl\/wp-content\/uploads\/2023\/02\/komentarz4.png","twitter_creator":"@IMGW_CMM","twitter_site":"@IMGW_CMM","twitter_misc":{"Napisane przez":"CMM","Szacowany czas czytania":"26 minut"},"schema":{"@context":"https:\/\/schema.org","@graph":[{"@type":"Article","@id":"https:\/\/cmm.imgw.pl\/?p=33038#article","isPartOf":{"@id":"https:\/\/cmm.imgw.pl\/?p=33038"},"author":{"name":"CMM","@id":"https:\/\/cmm.imgw.pl\/#\/schema\/person\/a24a37fe434fe76b0f5791e6bd3fdb46"},"headline":"Komentarz do numerycznych prognoz pogody (29\/30.06.2023)","datePublished":"2023-06-29T00:55:19+00:00","dateModified":"2023-06-29T00:55:23+00:00","mainEntityOfPage":{"@id":"https:\/\/cmm.imgw.pl\/?p=33038"},"wordCount":1555,"publisher":{"@id":"https:\/\/cmm.imgw.pl\/#organization"},"keywords":["alaro","arome","cmm","Cosmo","DWD","Grzegorz Duniec","imgw","klimat","komentarz","komentarz pogodowy","MERGE","meteorologia","NMP","NPP","pogoda","prognoza","prognoza pogody","wrf","zima"],"articleSection":["Komentarz"],"inLanguage":"pl-PL"},{"@type":"WebPage","@id":"https:\/\/cmm.imgw.pl\/?p=33038","url":"https:\/\/cmm.imgw.pl\/?p=33038","name":"Komentarz do numerycznych prognoz pogody (29\/30.06.2023) - Laboratorium Modelowania Meteorologicznego CMOK IMGW-PIB","isPartOf":{"@id":"https:\/\/cmm.imgw.pl\/#website"},"datePublished":"2023-06-29T00:55:19+00:00","dateModified":"2023-06-29T00:55:23+00:00","description":"Komentarz do numerycznych prognoz pogody opracowany w Centrum Modelowania Meteorologicznego IMGW-PIB.","breadcrumb":{"@id":"https:\/\/cmm.imgw.pl\/?p=33038#breadcrumb"},"inLanguage":"pl-PL","potentialAction":[{"@type":"ReadAction","target":["https:\/\/cmm.imgw.pl\/?p=33038"]}]},{"@type":"BreadcrumbList","@id":"https:\/\/cmm.imgw.pl\/?p=33038#breadcrumb","itemListElement":[{"@type":"ListItem","position":1,"name":"Home","item":"https:\/\/cmm.imgw.pl\/"},{"@type":"ListItem","position":2,"name":"Komentarz do numerycznych prognoz pogody (29\/30.06.2023)"}]},{"@type":"WebSite","@id":"https:\/\/cmm.imgw.pl\/#website","url":"https:\/\/cmm.imgw.pl\/","name":"Laboratorium Modelowania Meteorologicznego CMOK IMGW-PIB","description":"CMOK-LMM Laboratorium pe\u0142ni pa\u0144stwow\u0105 s\u0142u\u017cb\u0119 hydrologiczno-meteorologiczn\u0105 w zakresie numerycznych prognoz pogody, kt\u00f3rego zadaniem jest konsolidacja kompetencji w obszarze modelowania zjawisk pogodowych oraz dalszego rozwoju numerycznych modeli pogody (NMP).","publisher":{"@id":"https:\/\/cmm.imgw.pl\/#organization"},"potentialAction":[{"@type":"SearchAction","target":{"@type":"EntryPoint","urlTemplate":"https:\/\/cmm.imgw.pl\/?s={search_term_string}"},"query-input":"required name=search_term_string"}],"inLanguage":"pl-PL"},{"@type":"Organization","@id":"https:\/\/cmm.imgw.pl\/#organization","name":"Laboratorium Modelowania Meteorologicznego CMOK IMGW-PIB","url":"https:\/\/cmm.imgw.pl\/","sameAs":["https:\/\/www.facebook.com\/Meteoimgw\/","https:\/\/twitter.com\/IMGW_CMM"],"logo":{"@type":"ImageObject","inLanguage":"pl-PL","@id":"https:\/\/cmm.imgw.pl\/#\/schema\/logo\/image\/","url":"https:\/\/cmm.imgw.pl\/wp-content\/uploads\/2025\/10\/MODELE_LOGO_UNIFIKACJA_v2.png","contentUrl":"https:\/\/cmm.imgw.pl\/wp-content\/uploads\/2025\/10\/MODELE_LOGO_UNIFIKACJA_v2.png","width":1356,"height":365,"caption":"Laboratorium Modelowania Meteorologicznego CMOK IMGW-PIB"},"image":{"@id":"https:\/\/cmm.imgw.pl\/#\/schema\/logo\/image\/"}},{"@type":"Person","@id":"https:\/\/cmm.imgw.pl\/#\/schema\/person\/a24a37fe434fe76b0f5791e6bd3fdb46","name":"CMM","image":{"@type":"ImageObject","inLanguage":"pl-PL","@id":"https:\/\/cmm.imgw.pl\/#\/schema\/person\/image\/","url":"https:\/\/secure.gravatar.com\/avatar\/9248ea2273711f1cd09d6bd45867dbfb?s=96&d=blank&r=g","contentUrl":"https:\/\/secure.gravatar.com\/avatar\/9248ea2273711f1cd09d6bd45867dbfb?s=96&d=blank&r=g","caption":"CMM"},"sameAs":["http:\/\/cmm.imgw.pl"],"url":"https:\/\/cmm.imgw.pl\/?author=3"}]}},"_links":{"self":[{"href":"https:\/\/cmm.imgw.pl\/index.php?rest_route=\/wp\/v2\/posts\/33038"}],"collection":[{"href":"https:\/\/cmm.imgw.pl\/index.php?rest_route=\/wp\/v2\/posts"}],"about":[{"href":"https:\/\/cmm.imgw.pl\/index.php?rest_route=\/wp\/v2\/types\/post"}],"author":[{"embeddable":true,"href":"https:\/\/cmm.imgw.pl\/index.php?rest_route=\/wp\/v2\/users\/3"}],"replies":[{"embeddable":true,"href":"https:\/\/cmm.imgw.pl\/index.php?rest_route=%2Fwp%2Fv2%2Fcomments&post=33038"}],"version-history":[{"count":1,"href":"https:\/\/cmm.imgw.pl\/index.php?rest_route=\/wp\/v2\/posts\/33038\/revisions"}],"predecessor-version":[{"id":33125,"href":"https:\/\/cmm.imgw.pl\/index.php?rest_route=\/wp\/v2\/posts\/33038\/revisions\/33125"}],"wp:attachment":[{"href":"https:\/\/cmm.imgw.pl\/index.php?rest_route=%2Fwp%2Fv2%2Fmedia&parent=33038"}],"wp:term":[{"taxonomy":"category","embeddable":true,"href":"https:\/\/cmm.imgw.pl\/index.php?rest_route=%2Fwp%2Fv2%2Fcategories&post=33038"},{"taxonomy":"post_tag","embeddable":true,"href":"https:\/\/cmm.imgw.pl\/index.php?rest_route=%2Fwp%2Fv2%2Ftags&post=33038"}],"curies":[{"name":"wp","href":"https:\/\/api.w.org\/{rel}","templated":true}]}}