{"id":32561,"date":"2023-06-27T07:35:26","date_gmt":"2023-06-27T05:35:26","guid":{"rendered":"https:\/\/cmm.imgw.pl\/?p=32561"},"modified":"2023-06-28T07:07:24","modified_gmt":"2023-06-28T05:07:24","slug":"komentarz-do-numerycznych-prognoz-pogody-28-28-06-2023","status":"publish","type":"post","link":"https:\/\/cmm.imgw.pl\/?p=32561","title":{"rendered":"Komentarz do numerycznych prognoz pogody (27\/28.06.2023)"},"content":{"rendered":"\n<figure class=\"wp-block-image size-large\"><img loading=\"lazy\" width=\"1024\" height=\"576\" src=\"https:\/\/cmm.imgw.pl\/wp-content\/uploads\/2023\/03\/komentarz4-1-1024x576.png\" alt=\"\" class=\"wp-image-23617\" srcset=\"https:\/\/cmm.imgw.pl\/wp-content\/uploads\/2023\/03\/komentarz4-1-1024x576.png 1024w, https:\/\/cmm.imgw.pl\/wp-content\/uploads\/2023\/03\/komentarz4-1-300x169.png 300w, https:\/\/cmm.imgw.pl\/wp-content\/uploads\/2023\/03\/komentarz4-1-768x432.png 768w, https:\/\/cmm.imgw.pl\/wp-content\/uploads\/2023\/03\/komentarz4-1-800x450.png 800w, https:\/\/cmm.imgw.pl\/wp-content\/uploads\/2023\/03\/komentarz4-1.png 1280w\" sizes=\"(max-width: 1024px) 100vw, 1024px\" \/><\/figure>\n\n\n\n<p><em>Tre\u015b\u0107 komentarza do numerycznych prognoz meteorologicznych stanowi niezale\u017cne od biura prognoz meteorologicznych opracowanie wykonane w Centrum Modelowania Meteorologicznego i nie stanowi oficjalnej prognozy synoptycznej IMGW-PIB.<\/em><\/p>\n\n\n\n<p><strong>Opracowanie:<\/strong><\/p>\n\n\n\n<p><strong>dr&nbsp;Grzegorz&nbsp;Duniec, <a href=\"https:\/\/cmm.imgw.pl\/\" target=\"_blank\" rel=\"noreferrer noopener\"><mark style=\"background-color:rgba(0, 0, 0, 0)\" class=\"has-inline-color has-vivid-cyan-blue-color\">Centrum Modelowania Meteorologicznego IMGW-PIB<\/mark><\/a><\/strong><\/p>\n\n\n<p><strong>Sytuacja synoptyczna w Europie z godziny 18 UTC, 26 VI 2023 roku<\/strong><\/p>\n<p><img loading=\"lazy\" width=\"1385\" height=\"983\" class=\"wp-image-32562 aligncenter\" src=\"http:\/\/cmm.imgw.pl\/wp-content\/uploads\/2023\/06\/obraz-zawierajacy-mapa-tekst-atlas-opis-wygener-4.png\" alt=\"Obraz zawieraj\u0105cy mapa, tekst, atlas\n\nOpis wygenerowany automatycznie\" srcset=\"https:\/\/cmm.imgw.pl\/wp-content\/uploads\/2023\/06\/obraz-zawierajacy-mapa-tekst-atlas-opis-wygener-4.png 1385w, https:\/\/cmm.imgw.pl\/wp-content\/uploads\/2023\/06\/obraz-zawierajacy-mapa-tekst-atlas-opis-wygener-4-300x213.png 300w, https:\/\/cmm.imgw.pl\/wp-content\/uploads\/2023\/06\/obraz-zawierajacy-mapa-tekst-atlas-opis-wygener-4-1024x727.png 1024w, https:\/\/cmm.imgw.pl\/wp-content\/uploads\/2023\/06\/obraz-zawierajacy-mapa-tekst-atlas-opis-wygener-4-768x545.png 768w\" sizes=\"(max-width: 1385px) 100vw, 1385px\" \/><\/p>\n<p>Nad Morzem Barentsa i cz\u0119\u015bciowo nad Morzem Norweskim zalega s\u0142aby wy\u017c z o\u015brodkiem 1018,9 hPa nad p\u00f3\u0142nocnymi kra\u0144cami Norwegii. Wy\u017c obejmuje r\u00f3wnie\u017c Europ\u0119 wschodni\u0105. Nad Morzem Czarnym w zatoce zalega front atmosferyczny. Rozleg\u0142a zatoka rozci\u0105ga si\u0119 od Grenlandii przez Morze Norweskiego, po\u0142udniow\u0105 Skandynawi\u0119 a\u017c po Francj\u0119 zalega w niej front atmosferyczny. Jego ch\u0142odny odcinek nasunie si\u0119 od zachodu nad Polsk\u0119 i b\u0119dzie przemieszcza\u0142 si\u0119 na wsch\u00f3d. Przed lini\u0105 frontu ch\u0142odnego utworzy\u0142a si\u0119 linia zbie\u017cno\u015bci.<\/p>\n<p><img loading=\"lazy\" width=\"1071\" height=\"759\" class=\"wp-image-32563 aligncenter\" src=\"http:\/\/cmm.imgw.pl\/wp-content\/uploads\/2023\/06\/obraz-zawierajacy-tekst-mapa-diagram-czcionka-1.gif\" alt=\"Obraz zawieraj\u0105cy tekst, mapa, diagram, Czcionka\n\nOpis wygenerowany automatycznie\"><\/p>\n<p>Nad Atlantykiem zalega \u015brednio g\u0142\u0119boki ni\u017c, kt\u00f3ry pog\u0142\u0119bia si\u0119. Na po\u0142udnie od niego zalega wy\u017c, kt\u00f3ry klinem si\u0119ga do Zatoki Biskajskiej. Nad P\u0142w. Iberyjskim wyst\u0119puje p\u0142ytki ni\u017c. W rejonie P\u0142w. Azji Mniejszej r\u00f3wnie\u017c zalega p\u0142ytki ni\u017c. Pozosta\u0142y obszar Morza \u015ar\u00f3dziemnego w zasi\u0119gu s\u0142abego wy\u017cu.<\/p>\n<p><strong>Analiza g\u00f3rnego pola ci\u015bnienia z dnia 26 VI 2023 roku, godzina 12 UTC<\/strong><\/p>\n<p><img loading=\"lazy\" width=\"1220\" height=\"1542\" class=\"wp-image-32564 aligncenter\" src=\"http:\/\/cmm.imgw.pl\/wp-content\/uploads\/2023\/06\/obraz-zawierajacy-tekst-mapa-diagram-opis-wygen-3.gif\" alt=\"Obraz zawieraj\u0105cy tekst, mapa, diagram\n\nOpis wygenerowany automatycznie\"> <img loading=\"lazy\" width=\"1220\" height=\"1542\" class=\"wp-image-32565 aligncenter\" src=\"http:\/\/cmm.imgw.pl\/wp-content\/uploads\/2023\/06\/obraz-zawierajacy-diagram-tekst-mapa-opis-wygen.gif\" alt=\"Obraz zawieraj\u0105cy diagram, tekst, mapa\n\nOpis wygenerowany automatycznie\"> <img loading=\"lazy\" width=\"1221\" height=\"1545\" class=\"wp-image-32566 aligncenter\" src=\"http:\/\/cmm.imgw.pl\/wp-content\/uploads\/2023\/06\/obraz-zawierajacy-mapa-tekst-diagram-opis-wygen-3.gif\" alt=\"Obraz zawieraj\u0105cy mapa, tekst, diagram\n\nOpis wygenerowany automatycznie\"><\/p>\n<p>Zalegaj\u0105cy nad Atlantykiem ni\u017c jest uk\u0142adem wysokim, z zamkni\u0119t\u0105 cyrkulacj\u0105 cykloniczn\u0105. O\u015b ni\u017cu pochylona na p\u00f3\u0142noc w kierunku ch\u0142odniejszej masy powietrza. Ni\u017c z rejonu Morza Czarnego r\u00f3wnie\u017c jest wysokim uk\u0142adem barycznym. Nad Europ\u0105 zachodni\u0105 i zachodni\u0105 Polsk\u0105 zalega klin. S\u0142aby wy\u017c znad Morza Barentsa i Norweskiego jest niskim uk\u0142adem barycznym. Nad zachodni\u0105 Rosj\u0105, na granicy domeny, wyst\u0119puje prawdopodobnie \u015bredni uk\u0142ad baryczny.<\/p>\n<p><strong>Analiza g\u00f3rnego pola wiatru, 26 VI 2023 roku, godzina 18 UTC<\/strong><\/p>\n<p><img loading=\"lazy\" width=\"2156\" height=\"1728\" class=\"wp-image-32567 aligncenter\" src=\"http:\/\/cmm.imgw.pl\/wp-content\/uploads\/2023\/06\/obraz-zawierajacy-mapa-tekst-diagram-opis-wygen-3.png\" alt=\"Obraz zawieraj\u0105cy mapa, tekst, diagram\n\nOpis wygenerowany automatycznie\" srcset=\"https:\/\/cmm.imgw.pl\/wp-content\/uploads\/2023\/06\/obraz-zawierajacy-mapa-tekst-diagram-opis-wygen-3.png 2156w, https:\/\/cmm.imgw.pl\/wp-content\/uploads\/2023\/06\/obraz-zawierajacy-mapa-tekst-diagram-opis-wygen-3-300x240.png 300w, https:\/\/cmm.imgw.pl\/wp-content\/uploads\/2023\/06\/obraz-zawierajacy-mapa-tekst-diagram-opis-wygen-3-1024x821.png 1024w, https:\/\/cmm.imgw.pl\/wp-content\/uploads\/2023\/06\/obraz-zawierajacy-mapa-tekst-diagram-opis-wygen-3-768x616.png 768w, https:\/\/cmm.imgw.pl\/wp-content\/uploads\/2023\/06\/obraz-zawierajacy-mapa-tekst-diagram-opis-wygen-3-1536x1231.png 1536w, https:\/\/cmm.imgw.pl\/wp-content\/uploads\/2023\/06\/obraz-zawierajacy-mapa-tekst-diagram-opis-wygen-3-2048x1641.png 2048w\" sizes=\"(max-width: 2156px) 100vw, 2156px\" \/><\/p>\n<p>Nad Islandi\u0105 i Morzem Norweskim wyst\u0119puje pr\u0105d strumieniowy na wysoko\u015bci FL300 z maksymaln\u0105 pr\u0119dko\u015bci\u0105 w osi pr\u0105du 50-60 m\/s. Pionowy zasi\u0119g pr\u0105du strumieniowego obejmuje obszar FL240\/330. Nad Atlantykiem i Wielk\u0105 Brytani\u0105 Islandi\u0105 i Morzem Norweskim wyst\u0119puje pr\u0105d strumieniowy na wysoko\u015bci FL330 z maksymaln\u0105 pr\u0119dko\u015bci\u0105 w osi pr\u0105du 45-60 m\/s. Nad Wielk\u0105 Brytani\u0105, Morzem P\u00f3\u0142nocnym a\u017c po Niemcy wyst\u0119puje pr\u0105d strumieniowy na wysoko\u015bci FL300 z maksymaln\u0105 pr\u0119dko\u015bci\u0105 w osi pr\u0105du 45-55 m\/s. W obszarze przerywanej linii [1] wyst\u0119puje turbulencja czystego nieba w przedziale wysoko\u015bci FL240\/350. W obszarze przerywanej linii [2] wyst\u0119puje turbulencja czystego nieba w przedziale wysoko\u015bci FL240\/300. W obszarze przerywanej linii [3] wyst\u0119puje turbulencja czystego nieba w przedziale wysoko\u015bci FL250\/400.<\/p>\n<p><strong>Tropopauza<\/strong><\/p>\n<p>W rejonie Morza P\u00f3\u0142nocnego wyst\u0119puje ni\u017c tropopauzy (tropopauza wykazuje w tym rejonie obni\u017cenie i znajduje si\u0119 na wysoko\u015bci FL280).<\/p>\n<p><strong>Analiza termiczna troposfery<\/strong><\/p>\n<p><img loading=\"lazy\" width=\"634\" height=\"490\" class=\"wp-image-32568 aligncenter\" src=\"http:\/\/cmm.imgw.pl\/wp-content\/uploads\/2023\/06\/thck-500-1000hpa-gfs-pon-26-06-2023-18-utc.gif\" alt=\"Thck 500-1000hPa GFS pon. 26.06.2023 18 UTC\"> <img loading=\"lazy\" width=\"634\" height=\"490\" class=\"wp-image-32569 aligncenter\" src=\"http:\/\/cmm.imgw.pl\/wp-content\/uploads\/2023\/06\/theta-w-850hpa-gfs-pon-26-06-2023-18-utc.gif\" alt=\"Theta-W 850hPa GFS pon. 26.06.2023 18 UTC\"><\/p>\n<p><img loading=\"lazy\" width=\"698\" height=\"625\" class=\"wp-image-32570 aligncenter\" src=\"http:\/\/cmm.imgw.pl\/wp-content\/uploads\/2023\/06\/word-image-32561-9.png\" srcset=\"https:\/\/cmm.imgw.pl\/wp-content\/uploads\/2023\/06\/word-image-32561-9.png 698w, https:\/\/cmm.imgw.pl\/wp-content\/uploads\/2023\/06\/word-image-32561-9-300x269.png 300w\" sizes=\"(max-width: 698px) 100vw, 698px\" \/><\/p>\n<p>Nad Skandynawi\u0105 i Europ\u0105 p\u00f3\u0142nocno wschodni\u0105 zalega obszar ch\u0142odu, kt\u00f3ry zatok\u0105 si\u0119ga po Bia\u0142oru\u015b i cz\u0119\u015bciowo Ukrain\u0119. Nad p\u00f3\u0142nocnym Atlantykiem i Islandi\u0105 oraz Wielk\u0105 Brytani\u0105 wyst\u0119puje obszar ch\u0142odu, kt\u00f3ry zatok\u0105 si\u0119ga a\u017c po Morze P\u00f3\u0142nocne, Dani\u0119 i p\u00f3\u0142nocne Niemcy. Pomi\u0119dzy tymi dwiema zatokami utworzy\u0142 si\u0119 klin ciep\u0142a, kt\u00f3ry si\u0119ga a\u017c po Morze Norweskie. O\u015b klina ciep\u0142a przebiega przez zachodni\u0105 Polsk\u0105, przed lini\u0105 frontu ch\u0142odnego. Europa po\u0142udniowa w obszarze ciep\u0142ej masy powietrza. Nad Atlantykiem, Islandi\u0105, Morzem P\u00f3\u0142nocnym oraz Norweskim wyst\u0119puje du\u017ce zag\u0119szczenie izoterm. Nad P\u0142w. Iberyjskim, Morzem \u015ar\u00f3dziemnym i P\u0142w. Azji Mniejszej zalega powietrze zwrotnikowe. Powietrze zwrotnikowe klinem si\u0119ga po Europ\u0119 zachodni\u0105 i po\u0142udniow\u0105 Polsk\u0119. Nad p\u00f3\u0142nocno zachodni\u0105 Rosj\u0105 oraz Morzem Barentsa zalega powietrze arktyczne. Pozosta\u0142y obszar Europy w zasi\u0119gu powietrza polarno-morskiego.<\/p>\n<p><img loading=\"lazy\" width=\"600\" height=\"640\" class=\"wp-image-32571 aligncenter\" src=\"http:\/\/cmm.imgw.pl\/wp-content\/uploads\/2023\/06\/word-image-32561-10.png\" srcset=\"https:\/\/cmm.imgw.pl\/wp-content\/uploads\/2023\/06\/word-image-32561-10.png 600w, https:\/\/cmm.imgw.pl\/wp-content\/uploads\/2023\/06\/word-image-32561-10-281x300.png 281w\" sizes=\"(max-width: 600px) 100vw, 600px\" \/> <img loading=\"lazy\" width=\"600\" height=\"640\" class=\"wp-image-32572 aligncenter\" src=\"http:\/\/cmm.imgw.pl\/wp-content\/uploads\/2023\/06\/word-image-32561-11.png\" srcset=\"https:\/\/cmm.imgw.pl\/wp-content\/uploads\/2023\/06\/word-image-32561-11.png 600w, https:\/\/cmm.imgw.pl\/wp-content\/uploads\/2023\/06\/word-image-32561-11-281x300.png 281w\" sizes=\"(max-width: 600px) 100vw, 600px\" \/> <img loading=\"lazy\" width=\"634\" height=\"490\" class=\"wp-image-32573 aligncenter\" src=\"http:\/\/cmm.imgw.pl\/wp-content\/uploads\/2023\/06\/theta-w-850hpa-gfs-pon-26-06-2023-18-utc-1.gif\" alt=\"Theta-W 850hPa GFS pon. 26.06.2023 18 UTC\"><\/p>\n<p>O\u015b klina ciep\u0142a przebiega przez Polsk\u0105 zachodni\u0105. Nad po\u0142udniowo zachodni\u0105 Polsk\u0105, na wysoko\u015bci 850 hPa, temperatura powietrza wynosi oko\u0142o 16 st. C. R\u00f3wnie\u017c w tym obszarze \u015brednia temperatura warstwy powietrza o grubo\u015bci 500 hPa jest najwy\u017csza. R\u00f3wnie\u017c w ww. rejonie warto\u015bci Theta-W 850 hPa r\u00f3wnie\u017c s\u0105 najwy\u017csze.<\/p>\n<p><img loading=\"lazy\" width=\"800\" height=\"640\" class=\"wp-image-32574 aligncenter\" src=\"http:\/\/cmm.imgw.pl\/wp-content\/uploads\/2023\/06\/obraz-zawierajacy-tekst-diagram-linia-wykres-o-8.gif\" alt=\"Obraz zawieraj\u0105cy tekst, diagram, linia, Wykres\n\nOpis wygenerowany automatycznie\"> <img loading=\"lazy\" width=\"800\" height=\"640\" class=\"wp-image-32575 aligncenter\" src=\"http:\/\/cmm.imgw.pl\/wp-content\/uploads\/2023\/06\/obraz-zawierajacy-tekst-diagram-linia-wykres-o-9.gif\" alt=\"Obraz zawieraj\u0105cy tekst, diagram, linia, Wykres\n\nOpis wygenerowany automatycznie\"> <img loading=\"lazy\" width=\"800\" height=\"640\" class=\"wp-image-32576 aligncenter\" src=\"http:\/\/cmm.imgw.pl\/wp-content\/uploads\/2023\/06\/obraz-zawierajacy-tekst-linia-diagram-wykres-o.gif\" alt=\"Obraz zawieraj\u0105cy tekst, linia, diagram, Wykres\n\nOpis wygenerowany automatycznie\"> <img loading=\"lazy\" width=\"800\" height=\"640\" class=\"wp-image-32577 aligncenter\" src=\"http:\/\/cmm.imgw.pl\/wp-content\/uploads\/2023\/06\/obraz-zawierajacy-tekst-diagram-linia-opis-wyge.gif\" alt=\"Obraz zawieraj\u0105cy tekst, diagram, linia\n\nOpis wygenerowany automatycznie\"><\/p>\n<p>Nad Polsk\u0105 centraln\u0105 i wschodni\u0105 zalega\u0142o powietrze do\u015b\u0107 suche. Na zachodzie kraju pocz\u0105tkowo r\u00f3wnie\u017c powietrze by\u0142o suche. Z up\u0142ywem czasu nap\u0142ywa\u0142o powietrze coraz bardziej wilgotne.<\/p>\n<p><strong>Rozw\u00f3j sytuacji barycznej nad Europ\u0105 <\/strong><\/p>\n<p><img loading=\"lazy\" width=\"1075\" height=\"764\" class=\"wp-image-32578 aligncenter\" src=\"http:\/\/cmm.imgw.pl\/wp-content\/uploads\/2023\/06\/obraz-zawierajacy-mapa-tekst-diagram-opis-wygen-4.gif\" alt=\"Obraz zawieraj\u0105cy mapa, tekst, diagram\n\nOpis wygenerowany automatycznie\"> <img loading=\"lazy\" width=\"1075\" height=\"764\" class=\"wp-image-32579 aligncenter\" src=\"http:\/\/cmm.imgw.pl\/wp-content\/uploads\/2023\/06\/obraz-zawierajacy-tekst-mapa-diagram-opis-wygen-4.gif\" alt=\"Obraz zawieraj\u0105cy tekst, mapa, diagram\n\nOpis wygenerowany automatycznie\"><\/p>\n<p>Front ch\u0142odny nad Polsk\u0105 b\u0119dzie przemieszcza\u0142 si\u0119 na wsch\u00f3d i jutro w dzie\u0144 b\u0119dzie kszta\u0142towa\u0142 pogod\u0119 na wschodzie kraju. Na pofalowanym froncie, w rejonie \u0141otwy utworzy si\u0119 p\u0142ytki wir cykloniczny. Ni\u017c znad Atlantyku b\u0119dzie si\u0119 pog\u0142\u0119bia\u0142 i okludowa\u0142 oraz b\u0119dzie przemieszcza\u0142 na wsch\u00f3d. Znad Atlantyku a\u017c po Francj\u0119 si\u0119gnie klin wysokiego ci\u015bnienia. Nad p\u00f3\u0142nocn\u0105 Skandynawi\u0105, Morzem Bia\u0142ym oraz p\u00f3\u0142nocno zachodni\u0105 Rosj\u0105 zalega\u0107 b\u0119dzie w zatoce pofalowany front atmosferyczny. Na p\u00f3\u0142noc od Morza Czarnego wyst\u0119powa\u0107 b\u0119dzie p\u0142ytki okluduj\u0105cy uk\u0142ad niskiego ci\u015bnienia. Nad P\u0142w. Iberyjskim nadal wyst\u0119powa\u0107 b\u0119dzie p\u0142ytki ni\u017c.<\/p>\n<p><strong>Rozw\u00f3j g\u00f3rnego pola ci\u015bnienia<\/strong><\/p>\n<p><img loading=\"lazy\" width=\"695\" height=\"485\" class=\"wp-image-32580 aligncenter\" src=\"http:\/\/cmm.imgw.pl\/wp-content\/uploads\/2023\/06\/word-image-32561-19.png\" srcset=\"https:\/\/cmm.imgw.pl\/wp-content\/uploads\/2023\/06\/word-image-32561-19.png 695w, https:\/\/cmm.imgw.pl\/wp-content\/uploads\/2023\/06\/word-image-32561-19-300x209.png 300w\" sizes=\"(max-width: 695px) 100vw, 695px\" \/> <img loading=\"lazy\" width=\"695\" height=\"489\" class=\"wp-image-32581 aligncenter\" src=\"http:\/\/cmm.imgw.pl\/wp-content\/uploads\/2023\/06\/word-image-32561-20.png\" srcset=\"https:\/\/cmm.imgw.pl\/wp-content\/uploads\/2023\/06\/word-image-32561-20.png 695w, https:\/\/cmm.imgw.pl\/wp-content\/uploads\/2023\/06\/word-image-32561-20-300x211.png 300w\" sizes=\"(max-width: 695px) 100vw, 695px\" \/> <img loading=\"lazy\" width=\"701\" height=\"485\" class=\"wp-image-32582 aligncenter\" src=\"http:\/\/cmm.imgw.pl\/wp-content\/uploads\/2023\/06\/word-image-32561-21.png\" srcset=\"https:\/\/cmm.imgw.pl\/wp-content\/uploads\/2023\/06\/word-image-32561-21.png 701w, https:\/\/cmm.imgw.pl\/wp-content\/uploads\/2023\/06\/word-image-32561-21-300x208.png 300w\" sizes=\"(max-width: 701px) 100vw, 701px\" \/> <img loading=\"lazy\" width=\"699\" height=\"483\" class=\"wp-image-32583 aligncenter\" src=\"http:\/\/cmm.imgw.pl\/wp-content\/uploads\/2023\/06\/word-image-32561-22.png\" srcset=\"https:\/\/cmm.imgw.pl\/wp-content\/uploads\/2023\/06\/word-image-32561-22.png 699w, https:\/\/cmm.imgw.pl\/wp-content\/uploads\/2023\/06\/word-image-32561-22-300x207.png 300w\" sizes=\"(max-width: 699px) 100vw, 699px\" \/> <img loading=\"lazy\" width=\"701\" height=\"489\" class=\"wp-image-32584 aligncenter\" src=\"http:\/\/cmm.imgw.pl\/wp-content\/uploads\/2023\/06\/word-image-32561-23.png\" srcset=\"https:\/\/cmm.imgw.pl\/wp-content\/uploads\/2023\/06\/word-image-32561-23.png 701w, https:\/\/cmm.imgw.pl\/wp-content\/uploads\/2023\/06\/word-image-32561-23-300x209.png 300w\" sizes=\"(max-width: 701px) 100vw, 701px\" \/> <img loading=\"lazy\" width=\"697\" height=\"487\" class=\"wp-image-32585 aligncenter\" src=\"http:\/\/cmm.imgw.pl\/wp-content\/uploads\/2023\/06\/word-image-32561-24.png\" srcset=\"https:\/\/cmm.imgw.pl\/wp-content\/uploads\/2023\/06\/word-image-32561-24.png 697w, https:\/\/cmm.imgw.pl\/wp-content\/uploads\/2023\/06\/word-image-32561-24-300x210.png 300w\" sizes=\"(max-width: 697px) 100vw, 697px\" \/><\/p>\n<p>Ni\u017c zalegaj\u0105cy nad Atlantykiem b\u0119dzie wysokim uk\u0142adem barycznym. Na poziomie 500 hPa oraz 300 hPa wir cykloniczny b\u0119dzie si\u0119 pog\u0142\u0119bia\u0142. Klin zalegaj\u0105cy nad Wyspami Brytyjskimi przemie\u015bci si\u0119 nad Morze Norweskie oraz Morze P\u00f3\u0142nocne. Nad Ba\u0142tykiem, na wysoko\u015bci 850 hPa, zalega\u0107 b\u0119dzie cyrkulacja cykloniczna. O\u015b uk\u0142adu barycznego pochylona b\u0119dzie w kierunku po\u0142udniowych w kierunku ciep\u0142ej masy powietrza. Na wy\u017cszych poziomach o\u015brodek wiru zalega\u0107 b\u0119dzie nad Polsk\u0105. O\u015brodek b\u0119dzie przemieszcza\u0107 si\u0119 na wsch\u00f3d.<\/p>\n<p><strong>Rozw\u00f3j g\u00f3rnego pola wiatru<\/strong><\/p>\n<p><img loading=\"lazy\" width=\"2156\" height=\"1728\" class=\"wp-image-32586 aligncenter\" src=\"http:\/\/cmm.imgw.pl\/wp-content\/uploads\/2023\/06\/obraz-zawierajacy-szkic-rysowanie-tekst-diagram.png\" alt=\"Obraz zawieraj\u0105cy szkic, rysowanie, tekst, diagram\n\nOpis wygenerowany automatycznie\" srcset=\"https:\/\/cmm.imgw.pl\/wp-content\/uploads\/2023\/06\/obraz-zawierajacy-szkic-rysowanie-tekst-diagram.png 2156w, https:\/\/cmm.imgw.pl\/wp-content\/uploads\/2023\/06\/obraz-zawierajacy-szkic-rysowanie-tekst-diagram-300x240.png 300w, https:\/\/cmm.imgw.pl\/wp-content\/uploads\/2023\/06\/obraz-zawierajacy-szkic-rysowanie-tekst-diagram-1024x821.png 1024w, https:\/\/cmm.imgw.pl\/wp-content\/uploads\/2023\/06\/obraz-zawierajacy-szkic-rysowanie-tekst-diagram-768x616.png 768w, https:\/\/cmm.imgw.pl\/wp-content\/uploads\/2023\/06\/obraz-zawierajacy-szkic-rysowanie-tekst-diagram-1536x1231.png 1536w, https:\/\/cmm.imgw.pl\/wp-content\/uploads\/2023\/06\/obraz-zawierajacy-szkic-rysowanie-tekst-diagram-2048x1641.png 2048w\" sizes=\"(max-width: 2156px) 100vw, 2156px\" \/><\/p>\n<p>Nad Atlantykiem zalega\u0107 b\u0119d\u0105 trzy pr\u0105dy strumieniowe na wysoko\u015bci FL340\/280\/340, z maksymaln\u0105 pr\u0119dko\u015bci\u0105 w osi pr\u0105du 42,5-65 m\/s. Pionowy zasi\u0119g pr\u0105du strumieniowego zalegaj\u0105cego najbli\u017cej Europy obejmuje obszar FL260\/330. Nad Morzem P\u00f3\u0142nocnym, nad Niemcami a\u017c po Warszaw\u0119 wyst\u0119powa\u0107 b\u0119dzie pr\u0105d strumieniowy na wysoko\u015bci FL340 z maksymaln\u0105 pr\u0119dko\u015bci\u0105 w osi pr\u0105du 50 m\/s. W obszarze przerywanej linii [1] wyst\u0119powa\u0107 b\u0119dzie turbulencja czystego nieba w przedziale wysoko\u015bci FL270\/390.<\/p>\n<p><img loading=\"lazy\" width=\"634\" height=\"490\" class=\"wp-image-32587 aligncenter\" src=\"http:\/\/cmm.imgw.pl\/wp-content\/uploads\/2023\/06\/prad-strumieniowy-gfs-wto-27-06-2023-12-utc-1.gif\" alt=\"Pr\u0105d strumieniowy GFS wto. 27.06.2023 12 UTC\"> <img loading=\"lazy\" width=\"634\" height=\"490\" class=\"wp-image-32588 aligncenter\" src=\"http:\/\/cmm.imgw.pl\/wp-content\/uploads\/2023\/06\/prad-strumieniowy-gfs-sro-28-06-2023-12-utc.gif\" alt=\"Pr\u0105d strumieniowy GFS \u015bro. 28.06.2023 12 UTC\"><\/p>\n<p>Wyst\u0119puj\u0105cy nad Polsk\u0105 Jet Stream przemie\u015bci si\u0119 na wsch\u00f3d nad Ukrain\u0119, Rumuni\u0119. Strefa du\u017cych pr\u0119dko\u015bci wiatru nad Atlantykiem os\u0142abnie.<\/p>\n<p><img loading=\"lazy\" width=\"600\" height=\"640\" class=\"wp-image-32589 aligncenter\" src=\"http:\/\/cmm.imgw.pl\/wp-content\/uploads\/2023\/06\/word-image-32561-28.png\" srcset=\"https:\/\/cmm.imgw.pl\/wp-content\/uploads\/2023\/06\/word-image-32561-28.png 600w, https:\/\/cmm.imgw.pl\/wp-content\/uploads\/2023\/06\/word-image-32561-28-281x300.png 281w\" sizes=\"(max-width: 600px) 100vw, 600px\" \/> <img loading=\"lazy\" width=\"600\" height=\"640\" class=\"wp-image-32590 aligncenter\" src=\"http:\/\/cmm.imgw.pl\/wp-content\/uploads\/2023\/06\/word-image-32561-29.png\" srcset=\"https:\/\/cmm.imgw.pl\/wp-content\/uploads\/2023\/06\/word-image-32561-29.png 600w, https:\/\/cmm.imgw.pl\/wp-content\/uploads\/2023\/06\/word-image-32561-29-281x300.png 281w\" sizes=\"(max-width: 600px) 100vw, 600px\" \/> <img loading=\"lazy\" width=\"600\" height=\"640\" class=\"wp-image-32591 aligncenter\" src=\"http:\/\/cmm.imgw.pl\/wp-content\/uploads\/2023\/06\/word-image-32561-30.png\" srcset=\"https:\/\/cmm.imgw.pl\/wp-content\/uploads\/2023\/06\/word-image-32561-30.png 600w, https:\/\/cmm.imgw.pl\/wp-content\/uploads\/2023\/06\/word-image-32561-30-281x300.png 281w\" sizes=\"(max-width: 600px) 100vw, 600px\" \/> <img loading=\"lazy\" width=\"600\" height=\"640\" class=\"wp-image-32592 aligncenter\" src=\"http:\/\/cmm.imgw.pl\/wp-content\/uploads\/2023\/06\/word-image-32561-31.png\" srcset=\"https:\/\/cmm.imgw.pl\/wp-content\/uploads\/2023\/06\/word-image-32561-31.png 600w, https:\/\/cmm.imgw.pl\/wp-content\/uploads\/2023\/06\/word-image-32561-31-281x300.png 281w\" sizes=\"(max-width: 600px) 100vw, 600px\" \/> <img loading=\"lazy\" width=\"600\" height=\"640\" class=\"wp-image-32593 aligncenter\" src=\"http:\/\/cmm.imgw.pl\/wp-content\/uploads\/2023\/06\/word-image-32561-32.png\" srcset=\"https:\/\/cmm.imgw.pl\/wp-content\/uploads\/2023\/06\/word-image-32561-32.png 600w, https:\/\/cmm.imgw.pl\/wp-content\/uploads\/2023\/06\/word-image-32561-32-281x300.png 281w\" sizes=\"(max-width: 600px) 100vw, 600px\" \/> <img loading=\"lazy\" width=\"600\" height=\"640\" class=\"wp-image-32594 aligncenter\" src=\"http:\/\/cmm.imgw.pl\/wp-content\/uploads\/2023\/06\/word-image-32561-33.png\" srcset=\"https:\/\/cmm.imgw.pl\/wp-content\/uploads\/2023\/06\/word-image-32561-33.png 600w, https:\/\/cmm.imgw.pl\/wp-content\/uploads\/2023\/06\/word-image-32561-33-281x300.png 281w\" sizes=\"(max-width: 600px) 100vw, 600px\" \/><\/p>\n<p>Strefa du\u017cych pr\u0119dko\u015bci pojawi si\u0119 nad po\u0142udniowo zachodni\u0105 Polsk\u0105, na wysoko\u015bci 300 hPa, ju\u017c w godzinach porannych. Strefa du\u017cych pr\u0119dko\u015bci zalega\u0107 b\u0119dzie na po\u0142udniu od wiru cyklonicznego, znajduj\u0105cego si\u0119 nad Polsk\u0105 i przemieszczaj\u0105cego na wsch\u00f3d. J\u0105dro strefy opu\u015bci rejon Polski ju\u017c w godzinach porannych w \u015brod\u0119.<\/p>\n<p><strong>Rozw\u00f3j tropopauzy<\/strong><\/p>\n<p>Nad Polsk\u0105 zalega\u0107 b\u0119dzie ni\u017c tropopauzy (tropopauza wyka\u017ce w tym rejonie obni\u017cenie i znajdzie si\u0119 na wysoko\u015bci FL270). Na wsch\u00f3d Kijowa znajdzie si\u0119 drugi ni\u017c tropopauzy (tropopauza wyka\u017ce w tym rejonie obni\u017cenie i znajdzie si\u0119 na wysoko\u015bci FL290).<\/p>\n<p><strong>Rozw\u00f3j warunk\u00f3w termicznych troposfery<\/strong><\/p>\n<p><img loading=\"lazy\" width=\"634\" height=\"490\" class=\"wp-image-32595 aligncenter\" src=\"http:\/\/cmm.imgw.pl\/wp-content\/uploads\/2023\/06\/thck-500-1000hpa-gfs-wto-27-06-2023-12-utc.gif\" alt=\"Thck 500-1000hPa GFS wto. 27.06.2023 12 UTC\"> <img loading=\"lazy\" width=\"634\" height=\"490\" class=\"wp-image-32596 aligncenter\" src=\"http:\/\/cmm.imgw.pl\/wp-content\/uploads\/2023\/06\/thck-500-1000hpa-gfs-sro-28-06-2023-12-utc.gif\" alt=\"Thck 500-1000hPa GFS \u015bro. 28.06.2023 12 UTC\"><\/p>\n<p>Nad Atlantykiem zalega\u0107 b\u0119dzie obszar ch\u0142odu. Nad Wielk\u0105 Brytani\u0105 ukszta\u0142tuje si\u0119 klin ciep\u0142a. Skandynawia, Europa p\u00f3\u0142nocno wschodnia w zasi\u0119gu ch\u0142odu. W ci\u0105gu najbli\u017cszej doby klin ciep\u0142a b\u0119dzie przemieszcza\u0142 si\u0119 na wsch\u00f3d i klinem si\u0119gnie a\u017c Skandynawi\u0119. Nad P\u0142w. Iberyjskim wyst\u0119powa\u0107 b\u0119dzie klin ciep\u0142y. Pozosta\u0142y obszar kontynentu w zasi\u0119gu ciep\u0142ej masy powietrza.<\/p>\n<p><img loading=\"lazy\" width=\"600\" height=\"640\" class=\"wp-image-32597 aligncenter\" src=\"http:\/\/cmm.imgw.pl\/wp-content\/uploads\/2023\/06\/word-image-32561-36.png\" srcset=\"https:\/\/cmm.imgw.pl\/wp-content\/uploads\/2023\/06\/word-image-32561-36.png 600w, https:\/\/cmm.imgw.pl\/wp-content\/uploads\/2023\/06\/word-image-32561-36-281x300.png 281w\" sizes=\"(max-width: 600px) 100vw, 600px\" \/> <img loading=\"lazy\" width=\"600\" height=\"640\" class=\"wp-image-32598 aligncenter\" src=\"http:\/\/cmm.imgw.pl\/wp-content\/uploads\/2023\/06\/word-image-32561-37.png\" srcset=\"https:\/\/cmm.imgw.pl\/wp-content\/uploads\/2023\/06\/word-image-32561-37.png 600w, https:\/\/cmm.imgw.pl\/wp-content\/uploads\/2023\/06\/word-image-32561-37-281x300.png 281w\" sizes=\"(max-width: 600px) 100vw, 600px\" \/> <img loading=\"lazy\" width=\"600\" height=\"640\" class=\"wp-image-32599 aligncenter\" src=\"http:\/\/cmm.imgw.pl\/wp-content\/uploads\/2023\/06\/word-image-32561-38.png\" srcset=\"https:\/\/cmm.imgw.pl\/wp-content\/uploads\/2023\/06\/word-image-32561-38.png 600w, https:\/\/cmm.imgw.pl\/wp-content\/uploads\/2023\/06\/word-image-32561-38-281x300.png 281w\" sizes=\"(max-width: 600px) 100vw, 600px\" \/><\/p>\n<p>O\u015b klina ciep\u0142a zalegaj\u0105ca nad Polsk\u0105 opu\u015bci nasz kraj. Nad Polsk\u0119 nasunie obszar ch\u0142odu, kt\u00f3ry obejmie ca\u0142y kraj ju\u017c w nocy z wtorku na \u015brod\u0119. W \u015brod\u0119 obszar ch\u0142odu obejmowa\u0107 b\u0119dzie po\u0142udniow\u0105 i po\u0142udniowo wschodni\u0105 oraz wschodni\u0105 cz\u0119\u015b\u0107 kraju.<\/p>\n<p><strong>Ewolucja pola wilgotno\u015bci w troposferze<\/strong><\/p>\n<p><img loading=\"lazy\" width=\"600\" height=\"640\" class=\"wp-image-32600 aligncenter\" src=\"http:\/\/cmm.imgw.pl\/wp-content\/uploads\/2023\/06\/word-image-32561-39.png\" srcset=\"https:\/\/cmm.imgw.pl\/wp-content\/uploads\/2023\/06\/word-image-32561-39.png 600w, https:\/\/cmm.imgw.pl\/wp-content\/uploads\/2023\/06\/word-image-32561-39-281x300.png 281w\" sizes=\"(max-width: 600px) 100vw, 600px\" \/> <img loading=\"lazy\" width=\"600\" height=\"640\" class=\"wp-image-32601 aligncenter\" src=\"http:\/\/cmm.imgw.pl\/wp-content\/uploads\/2023\/06\/word-image-32561-40.png\" srcset=\"https:\/\/cmm.imgw.pl\/wp-content\/uploads\/2023\/06\/word-image-32561-40.png 600w, https:\/\/cmm.imgw.pl\/wp-content\/uploads\/2023\/06\/word-image-32561-40-281x300.png 281w\" sizes=\"(max-width: 600px) 100vw, 600px\" \/> <img loading=\"lazy\" width=\"600\" height=\"640\" class=\"wp-image-32602 aligncenter\" src=\"http:\/\/cmm.imgw.pl\/wp-content\/uploads\/2023\/06\/word-image-32561-41.png\" srcset=\"https:\/\/cmm.imgw.pl\/wp-content\/uploads\/2023\/06\/word-image-32561-41.png 600w, https:\/\/cmm.imgw.pl\/wp-content\/uploads\/2023\/06\/word-image-32561-41-281x300.png 281w\" sizes=\"(max-width: 600px) 100vw, 600px\" \/> <img loading=\"lazy\" width=\"600\" height=\"640\" class=\"wp-image-32603 aligncenter\" src=\"http:\/\/cmm.imgw.pl\/wp-content\/uploads\/2023\/06\/word-image-32561-42.png\" srcset=\"https:\/\/cmm.imgw.pl\/wp-content\/uploads\/2023\/06\/word-image-32561-42.png 600w, https:\/\/cmm.imgw.pl\/wp-content\/uploads\/2023\/06\/word-image-32561-42-281x300.png 281w\" sizes=\"(max-width: 600px) 100vw, 600px\" \/> <img loading=\"lazy\" width=\"600\" height=\"640\" class=\"wp-image-32604 aligncenter\" src=\"http:\/\/cmm.imgw.pl\/wp-content\/uploads\/2023\/06\/word-image-32561-43.png\" srcset=\"https:\/\/cmm.imgw.pl\/wp-content\/uploads\/2023\/06\/word-image-32561-43.png 600w, https:\/\/cmm.imgw.pl\/wp-content\/uploads\/2023\/06\/word-image-32561-43-281x300.png 281w\" sizes=\"(max-width: 600px) 100vw, 600px\" \/> <img loading=\"lazy\" width=\"600\" height=\"640\" class=\"wp-image-32605 aligncenter\" src=\"http:\/\/cmm.imgw.pl\/wp-content\/uploads\/2023\/06\/word-image-32561-44.png\" srcset=\"https:\/\/cmm.imgw.pl\/wp-content\/uploads\/2023\/06\/word-image-32561-44.png 600w, https:\/\/cmm.imgw.pl\/wp-content\/uploads\/2023\/06\/word-image-32561-44-281x300.png 281w\" sizes=\"(max-width: 600px) 100vw, 600px\" \/><\/p>\n<p>W warstwie granicznej atmosfery b\u0119dzie najwi\u0119cej pary wodnej. Na wy\u017cszych poziomach, w ci\u0105gu dnia we wschodniej cz\u0119\u015bci kraju, w strefie frontu, wilgotno\u015b\u0107 b\u0119dzie du\u017ca. W nocy w \u015brodkowej troposferze, na p\u00f3\u0142nocy kraju, wilgotno\u015b\u0107 b\u0119dzie wy\u017csza. Na pozosta\u0142ym obszarze b\u0119dzie sucho. W g\u00f3rnej troposferze b\u0119dzie r\u00f3wnie\u017c sucho.<\/p>\n<p><strong>Prognoza zachmurzenia<\/strong><\/p>\n<p><img loading=\"lazy\" width=\"600\" height=\"640\" class=\"wp-image-32606 aligncenter\" src=\"http:\/\/cmm.imgw.pl\/wp-content\/uploads\/2023\/06\/word-image-32561-45.png\" srcset=\"https:\/\/cmm.imgw.pl\/wp-content\/uploads\/2023\/06\/word-image-32561-45.png 600w, https:\/\/cmm.imgw.pl\/wp-content\/uploads\/2023\/06\/word-image-32561-45-281x300.png 281w\" sizes=\"(max-width: 600px) 100vw, 600px\" \/> <img loading=\"lazy\" width=\"600\" height=\"640\" class=\"wp-image-32607 aligncenter\" src=\"http:\/\/cmm.imgw.pl\/wp-content\/uploads\/2023\/06\/word-image-32561-46.png\" srcset=\"https:\/\/cmm.imgw.pl\/wp-content\/uploads\/2023\/06\/word-image-32561-46.png 600w, https:\/\/cmm.imgw.pl\/wp-content\/uploads\/2023\/06\/word-image-32561-46-281x300.png 281w\" sizes=\"(max-width: 600px) 100vw, 600px\" \/> <img loading=\"lazy\" width=\"600\" height=\"640\" class=\"wp-image-32608 aligncenter\" src=\"http:\/\/cmm.imgw.pl\/wp-content\/uploads\/2023\/06\/word-image-32561-47.png\" srcset=\"https:\/\/cmm.imgw.pl\/wp-content\/uploads\/2023\/06\/word-image-32561-47.png 600w, https:\/\/cmm.imgw.pl\/wp-content\/uploads\/2023\/06\/word-image-32561-47-281x300.png 281w\" sizes=\"(max-width: 600px) 100vw, 600px\" \/><\/p>\n<p><img loading=\"lazy\" width=\"1075\" height=\"764\" class=\"wp-image-32609 aligncenter\" src=\"http:\/\/cmm.imgw.pl\/wp-content\/uploads\/2023\/06\/obraz-zawierajacy-tekst-mapa-diagram-opis-wygen-5.gif\" alt=\"Obraz zawieraj\u0105cy tekst, mapa, diagram\n\nOpis wygenerowany automatycznie\"><\/p>\n<p>W ci\u0105gu dnia zachmurzenie og\u00f3lne du\u017ce i ca\u0142kowite na wschodzie i na po\u0142udniu kraju. Na pozosta\u0142ym zachmurzenie umiarkowane i lokalnie du\u017ce. W nocy na p\u00f3\u0142nocy kraju, zaznaczy si\u0119 ju\u017c strefa zachmurzenia frontu ciep\u0142ego przemieszczaj\u0105cego si\u0119 na po\u0142udnie. Zachmurzenie b\u0119dzie du\u017ce, na pozosta\u0142ym obszarze zachmurzenie og\u00f3lne ma\u0142e lub lokalnie brak. Strefa zachmurzenia du\u017cego zalegaj\u0105cego na p\u00f3\u0142nocy kraju b\u0119dzie przemieszcza\u0142a si\u0119 na po\u0142udnie. W \u015brod\u0119 rano, jedynie na po\u0142udniu kraju zachmurzenie ma\u0142e.<\/p>\n<p><img loading=\"lazy\" width=\"600\" height=\"640\" class=\"wp-image-32610 aligncenter\" src=\"http:\/\/cmm.imgw.pl\/wp-content\/uploads\/2023\/06\/word-image-32561-49.png\" srcset=\"https:\/\/cmm.imgw.pl\/wp-content\/uploads\/2023\/06\/word-image-32561-49.png 600w, https:\/\/cmm.imgw.pl\/wp-content\/uploads\/2023\/06\/word-image-32561-49-281x300.png 281w\" sizes=\"(max-width: 600px) 100vw, 600px\" \/> <img loading=\"lazy\" width=\"600\" height=\"640\" class=\"wp-image-32611 aligncenter\" src=\"http:\/\/cmm.imgw.pl\/wp-content\/uploads\/2023\/06\/word-image-32561-50.png\" srcset=\"https:\/\/cmm.imgw.pl\/wp-content\/uploads\/2023\/06\/word-image-32561-50.png 600w, https:\/\/cmm.imgw.pl\/wp-content\/uploads\/2023\/06\/word-image-32561-50-281x300.png 281w\" sizes=\"(max-width: 600px) 100vw, 600px\" \/> <img loading=\"lazy\" width=\"600\" height=\"640\" class=\"wp-image-32612 aligncenter\" src=\"http:\/\/cmm.imgw.pl\/wp-content\/uploads\/2023\/06\/word-image-32561-51.png\" srcset=\"https:\/\/cmm.imgw.pl\/wp-content\/uploads\/2023\/06\/word-image-32561-51.png 600w, https:\/\/cmm.imgw.pl\/wp-content\/uploads\/2023\/06\/word-image-32561-51-281x300.png 281w\" sizes=\"(max-width: 600px) 100vw, 600px\" \/> <img loading=\"lazy\" width=\"600\" height=\"640\" class=\"wp-image-32613 aligncenter\" src=\"http:\/\/cmm.imgw.pl\/wp-content\/uploads\/2023\/06\/word-image-32561-52.png\" srcset=\"https:\/\/cmm.imgw.pl\/wp-content\/uploads\/2023\/06\/word-image-32561-52.png 600w, https:\/\/cmm.imgw.pl\/wp-content\/uploads\/2023\/06\/word-image-32561-52-281x300.png 281w\" sizes=\"(max-width: 600px) 100vw, 600px\" \/> <img loading=\"lazy\" width=\"600\" height=\"640\" class=\"wp-image-32614 aligncenter\" src=\"http:\/\/cmm.imgw.pl\/wp-content\/uploads\/2023\/06\/word-image-32561-53.png\" srcset=\"https:\/\/cmm.imgw.pl\/wp-content\/uploads\/2023\/06\/word-image-32561-53.png 600w, https:\/\/cmm.imgw.pl\/wp-content\/uploads\/2023\/06\/word-image-32561-53-281x300.png 281w\" sizes=\"(max-width: 600px) 100vw, 600px\" \/> <img loading=\"lazy\" width=\"600\" height=\"640\" class=\"wp-image-32615 aligncenter\" src=\"http:\/\/cmm.imgw.pl\/wp-content\/uploads\/2023\/06\/word-image-32561-54.png\" srcset=\"https:\/\/cmm.imgw.pl\/wp-content\/uploads\/2023\/06\/word-image-32561-54.png 600w, https:\/\/cmm.imgw.pl\/wp-content\/uploads\/2023\/06\/word-image-32561-54-281x300.png 281w\" sizes=\"(max-width: 600px) 100vw, 600px\" \/><\/p>\n<p>Na niebie wyst\u0119powa\u0107 b\u0119d\u0105 chmury Cumulus i Stratocumulus oraz Cumulonimbus. Na wschodzie kraju wierzcho\u0142ki chmur osi\u0105gn\u0105 wysoko\u015b\u0107 11 km. Na pozosta\u0142ym obszarze chmury Cb mog\u0105 wypi\u0119trzy\u0107 si\u0119 do 8-9 km. Podczas intensywniejszych opad\u00f3w przelotnych pod chmur\u0105 Cb mog\u0105 tworzy\u0107 si\u0119 chmury Stratus fractus. W nocy dominowa\u0107 b\u0119d\u0105 chmury Stratocumulus. Niewykluczone pojedyncze chmury Cb lub Cu con.<\/p>\n<p><img loading=\"lazy\" width=\"600\" height=\"640\" class=\"wp-image-32616 aligncenter\" src=\"http:\/\/cmm.imgw.pl\/wp-content\/uploads\/2023\/06\/word-image-32561-55.png\" srcset=\"https:\/\/cmm.imgw.pl\/wp-content\/uploads\/2023\/06\/word-image-32561-55.png 600w, https:\/\/cmm.imgw.pl\/wp-content\/uploads\/2023\/06\/word-image-32561-55-281x300.png 281w\" sizes=\"(max-width: 600px) 100vw, 600px\" \/> <img loading=\"lazy\" width=\"600\" height=\"640\" class=\"wp-image-32617 aligncenter\" src=\"http:\/\/cmm.imgw.pl\/wp-content\/uploads\/2023\/06\/word-image-32561-56.png\" srcset=\"https:\/\/cmm.imgw.pl\/wp-content\/uploads\/2023\/06\/word-image-32561-56.png 600w, https:\/\/cmm.imgw.pl\/wp-content\/uploads\/2023\/06\/word-image-32561-56-281x300.png 281w\" sizes=\"(max-width: 600px) 100vw, 600px\" \/> <img loading=\"lazy\" width=\"600\" height=\"640\" class=\"wp-image-32618 aligncenter\" src=\"http:\/\/cmm.imgw.pl\/wp-content\/uploads\/2023\/06\/word-image-32561-57.png\" srcset=\"https:\/\/cmm.imgw.pl\/wp-content\/uploads\/2023\/06\/word-image-32561-57.png 600w, https:\/\/cmm.imgw.pl\/wp-content\/uploads\/2023\/06\/word-image-32561-57-281x300.png 281w\" sizes=\"(max-width: 600px) 100vw, 600px\" \/><\/p>\n<p>W pi\u0119trze zachmurzenia \u015bredniego nale\u017cy oczekiwa\u0107 chmur Altocumulus, w tym tak\u017ce Altocumulus cumulogenitus\/cumulonimbogenitus. W nocy i nad ranem wyst\u0119powa\u0107 b\u0119d\u0105 chmury Altocumulus oraz Altostratus. W strefie zwi\u0119kszonej pr\u0119dko\u015bci wiatru niewykluczone b\u0119d\u0105 chmury Altocumulus undulatus\/radiatus\/lenticularis, Altostratus translucidus\/opacus\/radiatus\/undulatus.<\/p>\n<p><img loading=\"lazy\" width=\"600\" height=\"640\" class=\"wp-image-32619 aligncenter\" src=\"http:\/\/cmm.imgw.pl\/wp-content\/uploads\/2023\/06\/word-image-32561-58.png\" srcset=\"https:\/\/cmm.imgw.pl\/wp-content\/uploads\/2023\/06\/word-image-32561-58.png 600w, https:\/\/cmm.imgw.pl\/wp-content\/uploads\/2023\/06\/word-image-32561-58-281x300.png 281w\" sizes=\"(max-width: 600px) 100vw, 600px\" \/> <img loading=\"lazy\" width=\"600\" height=\"640\" class=\"wp-image-32620 aligncenter\" src=\"http:\/\/cmm.imgw.pl\/wp-content\/uploads\/2023\/06\/word-image-32561-59.png\" srcset=\"https:\/\/cmm.imgw.pl\/wp-content\/uploads\/2023\/06\/word-image-32561-59.png 600w, https:\/\/cmm.imgw.pl\/wp-content\/uploads\/2023\/06\/word-image-32561-59-281x300.png 281w\" sizes=\"(max-width: 600px) 100vw, 600px\" \/> <img loading=\"lazy\" width=\"600\" height=\"640\" class=\"wp-image-32621 aligncenter\" src=\"http:\/\/cmm.imgw.pl\/wp-content\/uploads\/2023\/06\/word-image-32561-60.png\" srcset=\"https:\/\/cmm.imgw.pl\/wp-content\/uploads\/2023\/06\/word-image-32561-60.png 600w, https:\/\/cmm.imgw.pl\/wp-content\/uploads\/2023\/06\/word-image-32561-60-281x300.png 281w\" sizes=\"(max-width: 600px) 100vw, 600px\" \/><\/p>\n<p>Na niebie tak\u017ce wyst\u0119powa\u0107 b\u0119d\u0105 chmury Cirrus fibratus\/spissatus, Cirrostratus fibratus. W strefie zwi\u0119kszonej pr\u0119dko\u015bci wiatru wyst\u0119powa\u0107 mog\u0105 chmury Ci fib intortus\/vertebratus\/radiatus, Cirrostratus fibratus undulatus, Cirrocumulus stratiformis\/undulatus.<\/p>\n<p><strong>Prognoza opad\u00f3w<\/strong><\/p>\n<p><img loading=\"lazy\" width=\"600\" height=\"640\" class=\"wp-image-32622 aligncenter\" src=\"http:\/\/cmm.imgw.pl\/wp-content\/uploads\/2023\/06\/word-image-32561-61.png\" srcset=\"https:\/\/cmm.imgw.pl\/wp-content\/uploads\/2023\/06\/word-image-32561-61.png 600w, https:\/\/cmm.imgw.pl\/wp-content\/uploads\/2023\/06\/word-image-32561-61-281x300.png 281w\" sizes=\"(max-width: 600px) 100vw, 600px\" \/> <img loading=\"lazy\" width=\"600\" height=\"640\" class=\"wp-image-32623 aligncenter\" src=\"http:\/\/cmm.imgw.pl\/wp-content\/uploads\/2023\/06\/word-image-32561-62.png\" srcset=\"https:\/\/cmm.imgw.pl\/wp-content\/uploads\/2023\/06\/word-image-32561-62.png 600w, https:\/\/cmm.imgw.pl\/wp-content\/uploads\/2023\/06\/word-image-32561-62-281x300.png 281w\" sizes=\"(max-width: 600px) 100vw, 600px\" \/> <img loading=\"lazy\" width=\"600\" height=\"640\" class=\"wp-image-32624 aligncenter\" src=\"http:\/\/cmm.imgw.pl\/wp-content\/uploads\/2023\/06\/word-image-32561-63.png\" srcset=\"https:\/\/cmm.imgw.pl\/wp-content\/uploads\/2023\/06\/word-image-32561-63.png 600w, https:\/\/cmm.imgw.pl\/wp-content\/uploads\/2023\/06\/word-image-32561-63-281x300.png 281w\" sizes=\"(max-width: 600px) 100vw, 600px\" \/> <img loading=\"lazy\" width=\"600\" height=\"640\" class=\"wp-image-32625 aligncenter\" src=\"http:\/\/cmm.imgw.pl\/wp-content\/uploads\/2023\/06\/word-image-32561-64.png\" srcset=\"https:\/\/cmm.imgw.pl\/wp-content\/uploads\/2023\/06\/word-image-32561-64.png 600w, https:\/\/cmm.imgw.pl\/wp-content\/uploads\/2023\/06\/word-image-32561-64-281x300.png 281w\" sizes=\"(max-width: 600px) 100vw, 600px\" \/> <img loading=\"lazy\" width=\"600\" height=\"640\" class=\"wp-image-32626 aligncenter\" src=\"http:\/\/cmm.imgw.pl\/wp-content\/uploads\/2023\/06\/word-image-32561-65.png\" srcset=\"https:\/\/cmm.imgw.pl\/wp-content\/uploads\/2023\/06\/word-image-32561-65.png 600w, https:\/\/cmm.imgw.pl\/wp-content\/uploads\/2023\/06\/word-image-32561-65-281x300.png 281w\" sizes=\"(max-width: 600px) 100vw, 600px\" \/> <img loading=\"lazy\" width=\"600\" height=\"640\" class=\"wp-image-32627 aligncenter\" src=\"http:\/\/cmm.imgw.pl\/wp-content\/uploads\/2023\/06\/word-image-32561-66.png\" srcset=\"https:\/\/cmm.imgw.pl\/wp-content\/uploads\/2023\/06\/word-image-32561-66.png 600w, https:\/\/cmm.imgw.pl\/wp-content\/uploads\/2023\/06\/word-image-32561-66-281x300.png 281w\" sizes=\"(max-width: 600px) 100vw, 600px\" \/> <img loading=\"lazy\" width=\"600\" height=\"640\" class=\"wp-image-32628 aligncenter\" src=\"http:\/\/cmm.imgw.pl\/wp-content\/uploads\/2023\/06\/word-image-32561-67.png\" srcset=\"https:\/\/cmm.imgw.pl\/wp-content\/uploads\/2023\/06\/word-image-32561-67.png 600w, https:\/\/cmm.imgw.pl\/wp-content\/uploads\/2023\/06\/word-image-32561-67-281x300.png 281w\" sizes=\"(max-width: 600px) 100vw, 600px\" \/> <img loading=\"lazy\" width=\"600\" height=\"640\" class=\"wp-image-32629 aligncenter\" src=\"http:\/\/cmm.imgw.pl\/wp-content\/uploads\/2023\/06\/word-image-32561-68.png\" srcset=\"https:\/\/cmm.imgw.pl\/wp-content\/uploads\/2023\/06\/word-image-32561-68.png 600w, https:\/\/cmm.imgw.pl\/wp-content\/uploads\/2023\/06\/word-image-32561-68-281x300.png 281w\" sizes=\"(max-width: 600px) 100vw, 600px\" \/> <img loading=\"lazy\" width=\"600\" height=\"640\" class=\"wp-image-32630 aligncenter\" src=\"http:\/\/cmm.imgw.pl\/wp-content\/uploads\/2023\/06\/word-image-32561-69.png\" srcset=\"https:\/\/cmm.imgw.pl\/wp-content\/uploads\/2023\/06\/word-image-32561-69.png 600w, https:\/\/cmm.imgw.pl\/wp-content\/uploads\/2023\/06\/word-image-32561-69-281x300.png 281w\" sizes=\"(max-width: 600px) 100vw, 600px\" \/><\/p>\n<p>W ci\u0105gu dnia front ch\u0142odny zalega\u0107 b\u0119dzie ju\u017c na wschodzie kraju, kt\u00f3remu b\u0119dzie towarzyszy\u0142 opad przelotny deszczu. Opady mog\u0105 by\u0107 intensywne. W godzinach popo\u0142udniowych strefa intensywnych opad\u00f3w przelotnych opu\u015bci Polsk\u0119. W nocy nale\u017cy spodziewa\u0107 si\u0119 opad\u00f3w deszczu w rejonach p\u00f3\u0142nocnych kraju.<\/p>\n<p><strong>Prognoza opadu gradu<\/strong><\/p>\n<p><img loading=\"lazy\" width=\"600\" height=\"640\" class=\"wp-image-32631 aligncenter\" src=\"http:\/\/cmm.imgw.pl\/wp-content\/uploads\/2023\/06\/word-image-32561-70.png\" srcset=\"https:\/\/cmm.imgw.pl\/wp-content\/uploads\/2023\/06\/word-image-32561-70.png 600w, https:\/\/cmm.imgw.pl\/wp-content\/uploads\/2023\/06\/word-image-32561-70-281x300.png 281w\" sizes=\"(max-width: 600px) 100vw, 600px\" \/> <img loading=\"lazy\" width=\"600\" height=\"640\" class=\"wp-image-32632 aligncenter\" src=\"http:\/\/cmm.imgw.pl\/wp-content\/uploads\/2023\/06\/word-image-32561-71.png\" srcset=\"https:\/\/cmm.imgw.pl\/wp-content\/uploads\/2023\/06\/word-image-32561-71.png 600w, https:\/\/cmm.imgw.pl\/wp-content\/uploads\/2023\/06\/word-image-32561-71-281x300.png 281w\" sizes=\"(max-width: 600px) 100vw, 600px\" \/> <img loading=\"lazy\" width=\"600\" height=\"640\" class=\"wp-image-32633 aligncenter\" src=\"http:\/\/cmm.imgw.pl\/wp-content\/uploads\/2023\/06\/word-image-32561-72.png\" srcset=\"https:\/\/cmm.imgw.pl\/wp-content\/uploads\/2023\/06\/word-image-32561-72.png 600w, https:\/\/cmm.imgw.pl\/wp-content\/uploads\/2023\/06\/word-image-32561-72-281x300.png 281w\" sizes=\"(max-width: 600px) 100vw, 600px\" \/><\/p>\n<p>We wschodniej cz\u0119\u015bci kraju mo\u017cliwe opady gradu.<\/p>\n<p><strong>Prognoza wy\u0142adowa\u0144 atmosferycznych<\/strong><\/p>\n<p><img loading=\"lazy\" width=\"600\" height=\"640\" class=\"wp-image-32634 aligncenter\" src=\"http:\/\/cmm.imgw.pl\/wp-content\/uploads\/2023\/06\/word-image-32561-73.png\" srcset=\"https:\/\/cmm.imgw.pl\/wp-content\/uploads\/2023\/06\/word-image-32561-73.png 600w, https:\/\/cmm.imgw.pl\/wp-content\/uploads\/2023\/06\/word-image-32561-73-281x300.png 281w\" sizes=\"(max-width: 600px) 100vw, 600px\" \/> <img loading=\"lazy\" width=\"600\" height=\"640\" class=\"wp-image-32635 aligncenter\" src=\"http:\/\/cmm.imgw.pl\/wp-content\/uploads\/2023\/06\/word-image-32561-74.png\" srcset=\"https:\/\/cmm.imgw.pl\/wp-content\/uploads\/2023\/06\/word-image-32561-74.png 600w, https:\/\/cmm.imgw.pl\/wp-content\/uploads\/2023\/06\/word-image-32561-74-281x300.png 281w\" sizes=\"(max-width: 600px) 100vw, 600px\" \/><\/p>\n<p><img loading=\"lazy\" width=\"600\" height=\"640\" class=\"wp-image-32636 aligncenter\" src=\"http:\/\/cmm.imgw.pl\/wp-content\/uploads\/2023\/06\/word-image-32561-75.png\" srcset=\"https:\/\/cmm.imgw.pl\/wp-content\/uploads\/2023\/06\/word-image-32561-75.png 600w, https:\/\/cmm.imgw.pl\/wp-content\/uploads\/2023\/06\/word-image-32561-75-281x300.png 281w\" sizes=\"(max-width: 600px) 100vw, 600px\" \/> <img loading=\"lazy\" width=\"600\" height=\"640\" class=\"wp-image-32637 aligncenter\" src=\"http:\/\/cmm.imgw.pl\/wp-content\/uploads\/2023\/06\/word-image-32561-76.png\" srcset=\"https:\/\/cmm.imgw.pl\/wp-content\/uploads\/2023\/06\/word-image-32561-76.png 600w, https:\/\/cmm.imgw.pl\/wp-content\/uploads\/2023\/06\/word-image-32561-76-281x300.png 281w\" sizes=\"(max-width: 600px) 100vw, 600px\" \/><\/p>\n<p><img loading=\"lazy\" width=\"512\" height=\"512\" class=\"wp-image-32638 aligncenter\" src=\"http:\/\/cmm.imgw.pl\/wp-content\/uploads\/2023\/06\/obraz-zawierajacy-tekst-mapa-zrzut-ekranu-atlas-6.png\" alt=\"Obraz zawieraj\u0105cy tekst, mapa, zrzut ekranu, atlas\n\nOpis wygenerowany automatycznie\" srcset=\"https:\/\/cmm.imgw.pl\/wp-content\/uploads\/2023\/06\/obraz-zawierajacy-tekst-mapa-zrzut-ekranu-atlas-6.png 512w, https:\/\/cmm.imgw.pl\/wp-content\/uploads\/2023\/06\/obraz-zawierajacy-tekst-mapa-zrzut-ekranu-atlas-6-300x300.png 300w, https:\/\/cmm.imgw.pl\/wp-content\/uploads\/2023\/06\/obraz-zawierajacy-tekst-mapa-zrzut-ekranu-atlas-6-150x150.png 150w\" sizes=\"(max-width: 512px) 100vw, 512px\" \/> <img loading=\"lazy\" width=\"485\" height=\"485\" class=\"wp-image-32639 aligncenter\" src=\"http:\/\/cmm.imgw.pl\/wp-content\/uploads\/2023\/06\/obraz-zawierajacy-tekst-mapa-zrzut-ekranu-opis-3.png\" alt=\"Obraz zawieraj\u0105cy tekst, mapa, zrzut ekranu\n\nOpis wygenerowany automatycznie\" srcset=\"https:\/\/cmm.imgw.pl\/wp-content\/uploads\/2023\/06\/obraz-zawierajacy-tekst-mapa-zrzut-ekranu-opis-3.png 485w, https:\/\/cmm.imgw.pl\/wp-content\/uploads\/2023\/06\/obraz-zawierajacy-tekst-mapa-zrzut-ekranu-opis-3-300x300.png 300w, https:\/\/cmm.imgw.pl\/wp-content\/uploads\/2023\/06\/obraz-zawierajacy-tekst-mapa-zrzut-ekranu-opis-3-150x150.png 150w\" sizes=\"(max-width: 485px) 100vw, 485px\" \/> <img loading=\"lazy\" width=\"528\" height=\"528\" class=\"wp-image-32640 aligncenter\" src=\"http:\/\/cmm.imgw.pl\/wp-content\/uploads\/2023\/06\/obraz-zawierajacy-tekst-mapa-zrzut-ekranu-atlas-7.png\" alt=\"Obraz zawieraj\u0105cy tekst, mapa, zrzut ekranu, atlas\n\nOpis wygenerowany automatycznie\" srcset=\"https:\/\/cmm.imgw.pl\/wp-content\/uploads\/2023\/06\/obraz-zawierajacy-tekst-mapa-zrzut-ekranu-atlas-7.png 528w, https:\/\/cmm.imgw.pl\/wp-content\/uploads\/2023\/06\/obraz-zawierajacy-tekst-mapa-zrzut-ekranu-atlas-7-300x300.png 300w, https:\/\/cmm.imgw.pl\/wp-content\/uploads\/2023\/06\/obraz-zawierajacy-tekst-mapa-zrzut-ekranu-atlas-7-150x150.png 150w\" sizes=\"(max-width: 528px) 100vw, 528px\" \/> <img loading=\"lazy\" width=\"561\" height=\"561\" class=\"wp-image-32641 aligncenter\" src=\"http:\/\/cmm.imgw.pl\/wp-content\/uploads\/2023\/06\/obraz-zawierajacy-tekst-mapa-zrzut-ekranu-opis-4.png\" alt=\"Obraz zawieraj\u0105cy tekst, mapa, zrzut ekranu\n\nOpis wygenerowany automatycznie\" srcset=\"https:\/\/cmm.imgw.pl\/wp-content\/uploads\/2023\/06\/obraz-zawierajacy-tekst-mapa-zrzut-ekranu-opis-4.png 561w, https:\/\/cmm.imgw.pl\/wp-content\/uploads\/2023\/06\/obraz-zawierajacy-tekst-mapa-zrzut-ekranu-opis-4-300x300.png 300w, https:\/\/cmm.imgw.pl\/wp-content\/uploads\/2023\/06\/obraz-zawierajacy-tekst-mapa-zrzut-ekranu-opis-4-150x150.png 150w\" sizes=\"(max-width: 561px) 100vw, 561px\" \/> <img loading=\"lazy\" width=\"549\" height=\"549\" class=\"wp-image-32642 aligncenter\" src=\"http:\/\/cmm.imgw.pl\/wp-content\/uploads\/2023\/06\/obraz-zawierajacy-tekst-mapa-zrzut-ekranu-opis-5.png\" alt=\"Obraz zawieraj\u0105cy tekst, mapa, zrzut ekranu\n\nOpis wygenerowany automatycznie\" srcset=\"https:\/\/cmm.imgw.pl\/wp-content\/uploads\/2023\/06\/obraz-zawierajacy-tekst-mapa-zrzut-ekranu-opis-5.png 549w, https:\/\/cmm.imgw.pl\/wp-content\/uploads\/2023\/06\/obraz-zawierajacy-tekst-mapa-zrzut-ekranu-opis-5-300x300.png 300w, https:\/\/cmm.imgw.pl\/wp-content\/uploads\/2023\/06\/obraz-zawierajacy-tekst-mapa-zrzut-ekranu-opis-5-150x150.png 150w\" sizes=\"(max-width: 549px) 100vw, 549px\" \/> <img loading=\"lazy\" width=\"508\" height=\"508\" class=\"wp-image-32643 aligncenter\" src=\"http:\/\/cmm.imgw.pl\/wp-content\/uploads\/2023\/06\/obraz-zawierajacy-tekst-mapa-zrzut-ekranu-opis-6.png\" alt=\"Obraz zawieraj\u0105cy tekst, mapa, zrzut ekranu\n\nOpis wygenerowany automatycznie\" srcset=\"https:\/\/cmm.imgw.pl\/wp-content\/uploads\/2023\/06\/obraz-zawierajacy-tekst-mapa-zrzut-ekranu-opis-6.png 508w, https:\/\/cmm.imgw.pl\/wp-content\/uploads\/2023\/06\/obraz-zawierajacy-tekst-mapa-zrzut-ekranu-opis-6-300x300.png 300w, https:\/\/cmm.imgw.pl\/wp-content\/uploads\/2023\/06\/obraz-zawierajacy-tekst-mapa-zrzut-ekranu-opis-6-150x150.png 150w\" sizes=\"(max-width: 508px) 100vw, 508px\" \/> <img loading=\"lazy\" width=\"489\" height=\"489\" class=\"wp-image-32644 aligncenter\" src=\"http:\/\/cmm.imgw.pl\/wp-content\/uploads\/2023\/06\/obraz-zawierajacy-tekst-mapa-zrzut-ekranu-atlas-8.png\" alt=\"Obraz zawieraj\u0105cy tekst, mapa, zrzut ekranu, atlas\n\nOpis wygenerowany automatycznie\" srcset=\"https:\/\/cmm.imgw.pl\/wp-content\/uploads\/2023\/06\/obraz-zawierajacy-tekst-mapa-zrzut-ekranu-atlas-8.png 489w, https:\/\/cmm.imgw.pl\/wp-content\/uploads\/2023\/06\/obraz-zawierajacy-tekst-mapa-zrzut-ekranu-atlas-8-300x300.png 300w, https:\/\/cmm.imgw.pl\/wp-content\/uploads\/2023\/06\/obraz-zawierajacy-tekst-mapa-zrzut-ekranu-atlas-8-150x150.png 150w\" sizes=\"(max-width: 489px) 100vw, 489px\" \/> <img loading=\"lazy\" width=\"525\" height=\"525\" class=\"wp-image-32645 aligncenter\" src=\"http:\/\/cmm.imgw.pl\/wp-content\/uploads\/2023\/06\/obraz-zawierajacy-tekst-mapa-zrzut-ekranu-atlas-9.png\" alt=\"Obraz zawieraj\u0105cy tekst, mapa, zrzut ekranu, atlas\n\nOpis wygenerowany automatycznie\" srcset=\"https:\/\/cmm.imgw.pl\/wp-content\/uploads\/2023\/06\/obraz-zawierajacy-tekst-mapa-zrzut-ekranu-atlas-9.png 525w, https:\/\/cmm.imgw.pl\/wp-content\/uploads\/2023\/06\/obraz-zawierajacy-tekst-mapa-zrzut-ekranu-atlas-9-300x300.png 300w, https:\/\/cmm.imgw.pl\/wp-content\/uploads\/2023\/06\/obraz-zawierajacy-tekst-mapa-zrzut-ekranu-atlas-9-150x150.png 150w\" sizes=\"(max-width: 525px) 100vw, 525px\" \/><\/p>\n<p>MUCAPE wynosi\u0107 b\u0119dzie 800-1200 J\/kg. Chmury Cb wypi\u0119trza\u0107 si\u0119 b\u0119d\u0105 do wysoko\u015bci 8-11 km. Temperatura wierzcho\u0142k\u00f3w wynosi\u0107 b\u0119d\u0105 oko\u0142o -10\/-30 st. C. W ci\u0105gu dnia na terenie ca\u0142ego kraju wyst\u0105pi\u0105 sprzyjaj\u0105ce warunki do elektryzacji chmur Cb i utworzenia pola elektrycznego wystarczaj\u0105cego do inicjacji wy\u0142adowa\u0144 iskrowych, a wi\u0119c mo\u017cliwe b\u0119d\u0105 s\u0142abe burze. Na wschodzie kraju burze b\u0119d\u0105 charakteryzowa\u0142y si\u0119 wi\u0119ksz\u0105 intensywno\u015bci\u0105. Niewykluczone wyst\u0105pienie nocnych incydent\u00f3w zwi\u0105zanych z wy\u0142adowaniami atmosferycznymi.<\/p>\n<p><strong>Prognoza pola wiatru<\/strong><\/p>\n<p><img loading=\"lazy\" width=\"510\" height=\"510\" class=\"wp-image-32646 aligncenter\" src=\"http:\/\/cmm.imgw.pl\/wp-content\/uploads\/2023\/06\/word-image-32561-85.jpeg\" srcset=\"https:\/\/cmm.imgw.pl\/wp-content\/uploads\/2023\/06\/word-image-32561-85.jpeg 510w, https:\/\/cmm.imgw.pl\/wp-content\/uploads\/2023\/06\/word-image-32561-85-300x300.jpeg 300w, https:\/\/cmm.imgw.pl\/wp-content\/uploads\/2023\/06\/word-image-32561-85-150x150.jpeg 150w\" sizes=\"(max-width: 510px) 100vw, 510px\" \/> <img loading=\"lazy\" width=\"509\" height=\"509\" class=\"wp-image-32647 aligncenter\" src=\"http:\/\/cmm.imgw.pl\/wp-content\/uploads\/2023\/06\/word-image-32561-86.jpeg\" srcset=\"https:\/\/cmm.imgw.pl\/wp-content\/uploads\/2023\/06\/word-image-32561-86.jpeg 509w, https:\/\/cmm.imgw.pl\/wp-content\/uploads\/2023\/06\/word-image-32561-86-300x300.jpeg 300w, https:\/\/cmm.imgw.pl\/wp-content\/uploads\/2023\/06\/word-image-32561-86-150x150.jpeg 150w\" sizes=\"(max-width: 509px) 100vw, 509px\" \/> <img loading=\"lazy\" width=\"540\" height=\"540\" class=\"wp-image-32648 aligncenter\" src=\"http:\/\/cmm.imgw.pl\/wp-content\/uploads\/2023\/06\/word-image-32561-87.jpeg\" srcset=\"https:\/\/cmm.imgw.pl\/wp-content\/uploads\/2023\/06\/word-image-32561-87.jpeg 540w, https:\/\/cmm.imgw.pl\/wp-content\/uploads\/2023\/06\/word-image-32561-87-300x300.jpeg 300w, https:\/\/cmm.imgw.pl\/wp-content\/uploads\/2023\/06\/word-image-32561-87-150x150.jpeg 150w\" sizes=\"(max-width: 540px) 100vw, 540px\" \/> <img loading=\"lazy\" width=\"533\" height=\"533\" class=\"wp-image-32649 aligncenter\" src=\"http:\/\/cmm.imgw.pl\/wp-content\/uploads\/2023\/06\/word-image-32561-88.jpeg\" srcset=\"https:\/\/cmm.imgw.pl\/wp-content\/uploads\/2023\/06\/word-image-32561-88.jpeg 533w, https:\/\/cmm.imgw.pl\/wp-content\/uploads\/2023\/06\/word-image-32561-88-300x300.jpeg 300w, https:\/\/cmm.imgw.pl\/wp-content\/uploads\/2023\/06\/word-image-32561-88-150x150.jpeg 150w\" sizes=\"(max-width: 533px) 100vw, 533px\" \/><\/p>\n<p>W ci\u0105gu dnia wyst\u0119powa\u0107 b\u0119d\u0105 porywy wiatru na terenie ca\u0142ego kraju. Pr\u0119dko\u015b\u0107 wiatru osi\u0105ga\u0107 b\u0119dzie warto\u015b\u0107 od 70-80 km\/h.<\/p>\n<p><strong>Prognoza widzialno\u015bci<\/strong><\/p>\n<p>W strefie intensywniejszych opad\u00f3w nale\u017cy spodziewa\u0107 si\u0119 ograniczenia widzialno\u015bci do 4-5 km.<\/p>\n<p><img loading=\"lazy\" width=\"600\" height=\"640\" class=\"wp-image-32650 aligncenter\" src=\"http:\/\/cmm.imgw.pl\/wp-content\/uploads\/2023\/06\/word-image-32561-89.png\" srcset=\"https:\/\/cmm.imgw.pl\/wp-content\/uploads\/2023\/06\/word-image-32561-89.png 600w, https:\/\/cmm.imgw.pl\/wp-content\/uploads\/2023\/06\/word-image-32561-89-281x300.png 281w\" sizes=\"(max-width: 600px) 100vw, 600px\" \/> <img loading=\"lazy\" width=\"600\" height=\"640\" class=\"wp-image-32651 aligncenter\" src=\"http:\/\/cmm.imgw.pl\/wp-content\/uploads\/2023\/06\/word-image-32561-90.png\" srcset=\"https:\/\/cmm.imgw.pl\/wp-content\/uploads\/2023\/06\/word-image-32561-90.png 600w, https:\/\/cmm.imgw.pl\/wp-content\/uploads\/2023\/06\/word-image-32561-90-281x300.png 281w\" sizes=\"(max-width: 600px) 100vw, 600px\" \/><\/p>\n<p>W nocy na p\u00f3\u0142nocy kraju wyst\u0119powa\u0107 mog\u0105 zamglenia ograniczaj\u0105ce widzialno\u015b\u0107 do 3-5 km. Na po\u0142udniu kraju widzialno\u015b\u0107 mo\u017ce obni\u017cy\u0107 si\u0119 do 7 km.<\/p>","protected":false},"excerpt":{"rendered":"<p>Komentarz do numerycznych prognoz pogody opracowany w Centrum Modelowania Meteorologicznego IMGW-PIB.<\/p>\n","protected":false},"author":3,"featured_media":0,"comment_status":"closed","ping_status":"open","sticky":false,"template":"","format":"standard","meta":{"ocean_post_layout":"","ocean_both_sidebars_style":"","ocean_both_sidebars_content_width":0,"ocean_both_sidebars_sidebars_width":0,"ocean_sidebar":"0","ocean_second_sidebar":"0","ocean_disable_margins":"enable","ocean_add_body_class":"","ocean_shortcode_before_top_bar":"","ocean_shortcode_after_top_bar":"","ocean_shortcode_before_header":"","ocean_shortcode_after_header":"","ocean_has_shortcode":"","ocean_shortcode_after_title":"","ocean_shortcode_before_footer_widgets":"","ocean_shortcode_after_footer_widgets":"","ocean_shortcode_before_footer_bottom":"","ocean_shortcode_after_footer_bottom":"","ocean_display_top_bar":"default","ocean_display_header":"default","ocean_header_style":"","ocean_center_header_left_menu":"0","ocean_custom_header_template":"0","ocean_custom_logo":0,"ocean_custom_retina_logo":0,"ocean_custom_logo_max_width":0,"ocean_custom_logo_tablet_max_width":0,"ocean_custom_logo_mobile_max_width":0,"ocean_custom_logo_max_height":0,"ocean_custom_logo_tablet_max_height":0,"ocean_custom_logo_mobile_max_height":0,"ocean_header_custom_menu":"0","ocean_menu_typo_font_family":"0","ocean_menu_typo_font_subset":"","ocean_menu_typo_font_size":0,"ocean_menu_typo_font_size_tablet":0,"ocean_menu_typo_font_size_mobile":0,"ocean_menu_typo_font_size_unit":"px","ocean_menu_typo_font_weight":"","ocean_menu_typo_font_weight_tablet":"","ocean_menu_typo_font_weight_mobile":"","ocean_menu_typo_transform":"","ocean_menu_typo_transform_tablet":"","ocean_menu_typo_transform_mobile":"","ocean_menu_typo_line_height":0,"ocean_menu_typo_line_height_tablet":0,"ocean_menu_typo_line_height_mobile":0,"ocean_menu_typo_line_height_unit":"","ocean_menu_typo_spacing":0,"ocean_menu_typo_spacing_tablet":0,"ocean_menu_typo_spacing_mobile":0,"ocean_menu_typo_spacing_unit":"","ocean_menu_link_color":"","ocean_menu_link_color_hover":"","ocean_menu_link_color_active":"","ocean_menu_link_background":"","ocean_menu_link_hover_background":"","ocean_menu_link_active_background":"","ocean_menu_social_links_bg":"","ocean_menu_social_hover_links_bg":"","ocean_menu_social_links_color":"","ocean_menu_social_hover_links_color":"","ocean_disable_title":"default","ocean_disable_heading":"default","ocean_post_title":"","ocean_post_subheading":"","ocean_post_title_style":"","ocean_post_title_background_color":"","ocean_post_title_background":0,"ocean_post_title_bg_image_position":"","ocean_post_title_bg_image_attachment":"","ocean_post_title_bg_image_repeat":"","ocean_post_title_bg_image_size":"","ocean_post_title_height":0,"ocean_post_title_bg_overlay":0.5,"ocean_post_title_bg_overlay_color":"","ocean_disable_breadcrumbs":"default","ocean_breadcrumbs_color":"","ocean_breadcrumbs_separator_color":"","ocean_breadcrumbs_links_color":"","ocean_breadcrumbs_links_hover_color":"","ocean_display_footer_widgets":"default","ocean_display_footer_bottom":"default","ocean_custom_footer_template":"0","ocean_post_oembed":"","ocean_post_self_hosted_media":"","ocean_post_video_embed":"","ocean_link_format":"","ocean_link_format_target":"self","ocean_quote_format":"","ocean_quote_format_link":"post","ocean_gallery_link_images":"on","ocean_gallery_id":[]},"categories":[93],"tags":[138,139,68,95,143,141,85,73,97,98,142,76,94,99,71,67,96,140,79],"yoast_head":"<!-- This site is optimized with the Yoast SEO plugin v19.5.1 - https:\/\/yoast.com\/wordpress\/plugins\/seo\/ -->\n<title>Komentarz do numerycznych prognoz pogody (27\/28.06.2023) - Laboratorium Modelowania Meteorologicznego CMOK IMGW-PIB<\/title>\n<meta name=\"description\" content=\"Komentarz do numerycznych prognoz pogody opracowany w Centrum Modelowania Meteorologicznego IMGW-PIB.\" \/>\n<meta name=\"robots\" content=\"index, follow, max-snippet:-1, max-image-preview:large, max-video-preview:-1\" \/>\n<link rel=\"canonical\" href=\"https:\/\/cmm.imgw.pl\/?p=32561\" \/>\n<meta property=\"og:locale\" content=\"pl_PL\" \/>\n<meta property=\"og:type\" content=\"article\" \/>\n<meta property=\"og:title\" content=\"Komentarz do numerycznych prognoz pogody (27\/28.06.2023)\" \/>\n<meta property=\"og:description\" content=\"Komentarz do numerycznych prognoz pogody opracowany w Centrum Modelowania Meteorologicznego IMGW-PIB\" \/>\n<meta property=\"og:url\" content=\"https:\/\/cmm.imgw.pl\/?p=32561\" \/>\n<meta property=\"og:site_name\" content=\"Laboratorium Modelowania Meteorologicznego CMOK IMGW-PIB\" \/>\n<meta property=\"article:publisher\" content=\"https:\/\/www.facebook.com\/Meteoimgw\/\" \/>\n<meta property=\"article:published_time\" content=\"2023-06-27T05:35:26+00:00\" \/>\n<meta property=\"article:modified_time\" content=\"2023-06-28T05:07:24+00:00\" \/>\n<meta property=\"og:image\" content=\"http:\/\/cmm.imgw.pl\/wp-content\/uploads\/2023\/02\/komentarz4.png\" \/>\n\t<meta property=\"og:image:width\" content=\"1280\" \/>\n\t<meta property=\"og:image:height\" content=\"720\" \/>\n\t<meta property=\"og:image:type\" content=\"image\/png\" \/>\n<meta name=\"author\" content=\"CMM\" \/>\n<meta name=\"twitter:card\" content=\"summary_large_image\" \/>\n<meta name=\"twitter:title\" content=\"Komentarz do numerycznych prognoz pogody (27\/28.06.2023)\" \/>\n<meta name=\"twitter:description\" content=\"Komentarz do numerycznych prognoz pogody opracowany w Centrum Modelowania Meteorologicznego IMGW-PIB\" \/>\n<meta name=\"twitter:image\" content=\"https:\/\/cmm.imgw.pl\/wp-content\/uploads\/2023\/02\/komentarz4.png\" \/>\n<meta name=\"twitter:creator\" content=\"@IMGW_CMM\" \/>\n<meta name=\"twitter:site\" content=\"@IMGW_CMM\" \/>\n<meta name=\"twitter:label1\" content=\"Napisane przez\" \/>\n\t<meta name=\"twitter:data1\" content=\"CMM\" \/>\n\t<meta name=\"twitter:label2\" content=\"Szacowany czas czytania\" \/>\n\t<meta name=\"twitter:data2\" content=\"26 minut\" \/>\n<script type=\"application\/ld+json\" class=\"yoast-schema-graph\">{\"@context\":\"https:\/\/schema.org\",\"@graph\":[{\"@type\":\"Article\",\"@id\":\"https:\/\/cmm.imgw.pl\/?p=32561#article\",\"isPartOf\":{\"@id\":\"https:\/\/cmm.imgw.pl\/?p=32561\"},\"author\":{\"name\":\"CMM\",\"@id\":\"https:\/\/cmm.imgw.pl\/#\/schema\/person\/a24a37fe434fe76b0f5791e6bd3fdb46\"},\"headline\":\"Komentarz do numerycznych prognoz pogody (27\/28.06.2023)\",\"datePublished\":\"2023-06-27T05:35:26+00:00\",\"dateModified\":\"2023-06-28T05:07:24+00:00\",\"mainEntityOfPage\":{\"@id\":\"https:\/\/cmm.imgw.pl\/?p=32561\"},\"wordCount\":1826,\"publisher\":{\"@id\":\"https:\/\/cmm.imgw.pl\/#organization\"},\"keywords\":[\"alaro\",\"arome\",\"cmm\",\"Cosmo\",\"DWD\",\"Grzegorz Duniec\",\"imgw\",\"klimat\",\"komentarz\",\"komentarz pogodowy\",\"MERGE\",\"meteorologia\",\"NMP\",\"NPP\",\"pogoda\",\"prognoza\",\"prognoza pogody\",\"wrf\",\"zima\"],\"articleSection\":[\"Komentarz\"],\"inLanguage\":\"pl-PL\"},{\"@type\":\"WebPage\",\"@id\":\"https:\/\/cmm.imgw.pl\/?p=32561\",\"url\":\"https:\/\/cmm.imgw.pl\/?p=32561\",\"name\":\"Komentarz do numerycznych prognoz pogody (27\/28.06.2023) - Laboratorium Modelowania Meteorologicznego CMOK IMGW-PIB\",\"isPartOf\":{\"@id\":\"https:\/\/cmm.imgw.pl\/#website\"},\"datePublished\":\"2023-06-27T05:35:26+00:00\",\"dateModified\":\"2023-06-28T05:07:24+00:00\",\"description\":\"Komentarz do numerycznych prognoz pogody opracowany w Centrum Modelowania Meteorologicznego IMGW-PIB.\",\"breadcrumb\":{\"@id\":\"https:\/\/cmm.imgw.pl\/?p=32561#breadcrumb\"},\"inLanguage\":\"pl-PL\",\"potentialAction\":[{\"@type\":\"ReadAction\",\"target\":[\"https:\/\/cmm.imgw.pl\/?p=32561\"]}]},{\"@type\":\"BreadcrumbList\",\"@id\":\"https:\/\/cmm.imgw.pl\/?p=32561#breadcrumb\",\"itemListElement\":[{\"@type\":\"ListItem\",\"position\":1,\"name\":\"Home\",\"item\":\"https:\/\/cmm.imgw.pl\/\"},{\"@type\":\"ListItem\",\"position\":2,\"name\":\"Komentarz do numerycznych prognoz pogody (27\/28.06.2023)\"}]},{\"@type\":\"WebSite\",\"@id\":\"https:\/\/cmm.imgw.pl\/#website\",\"url\":\"https:\/\/cmm.imgw.pl\/\",\"name\":\"Laboratorium Modelowania Meteorologicznego CMOK IMGW-PIB\",\"description\":\"CMOK-LMM Laboratorium pe\u0142ni pa\u0144stwow\u0105 s\u0142u\u017cb\u0119 hydrologiczno-meteorologiczn\u0105 w zakresie numerycznych prognoz pogody, kt\u00f3rego zadaniem jest konsolidacja kompetencji w obszarze modelowania zjawisk pogodowych oraz dalszego rozwoju numerycznych modeli pogody (NMP).\",\"publisher\":{\"@id\":\"https:\/\/cmm.imgw.pl\/#organization\"},\"potentialAction\":[{\"@type\":\"SearchAction\",\"target\":{\"@type\":\"EntryPoint\",\"urlTemplate\":\"https:\/\/cmm.imgw.pl\/?s={search_term_string}\"},\"query-input\":\"required name=search_term_string\"}],\"inLanguage\":\"pl-PL\"},{\"@type\":\"Organization\",\"@id\":\"https:\/\/cmm.imgw.pl\/#organization\",\"name\":\"Laboratorium Modelowania Meteorologicznego CMOK IMGW-PIB\",\"url\":\"https:\/\/cmm.imgw.pl\/\",\"sameAs\":[\"https:\/\/www.facebook.com\/Meteoimgw\/\",\"https:\/\/twitter.com\/IMGW_CMM\"],\"logo\":{\"@type\":\"ImageObject\",\"inLanguage\":\"pl-PL\",\"@id\":\"https:\/\/cmm.imgw.pl\/#\/schema\/logo\/image\/\",\"url\":\"https:\/\/cmm.imgw.pl\/wp-content\/uploads\/2025\/10\/MODELE_LOGO_UNIFIKACJA_v2.png\",\"contentUrl\":\"https:\/\/cmm.imgw.pl\/wp-content\/uploads\/2025\/10\/MODELE_LOGO_UNIFIKACJA_v2.png\",\"width\":1356,\"height\":365,\"caption\":\"Laboratorium Modelowania Meteorologicznego CMOK IMGW-PIB\"},\"image\":{\"@id\":\"https:\/\/cmm.imgw.pl\/#\/schema\/logo\/image\/\"}},{\"@type\":\"Person\",\"@id\":\"https:\/\/cmm.imgw.pl\/#\/schema\/person\/a24a37fe434fe76b0f5791e6bd3fdb46\",\"name\":\"CMM\",\"image\":{\"@type\":\"ImageObject\",\"inLanguage\":\"pl-PL\",\"@id\":\"https:\/\/cmm.imgw.pl\/#\/schema\/person\/image\/\",\"url\":\"https:\/\/secure.gravatar.com\/avatar\/9248ea2273711f1cd09d6bd45867dbfb?s=96&d=blank&r=g\",\"contentUrl\":\"https:\/\/secure.gravatar.com\/avatar\/9248ea2273711f1cd09d6bd45867dbfb?s=96&d=blank&r=g\",\"caption\":\"CMM\"},\"sameAs\":[\"http:\/\/cmm.imgw.pl\"],\"url\":\"https:\/\/cmm.imgw.pl\/?author=3\"}]}<\/script>\n<!-- \/ Yoast SEO plugin. -->","yoast_head_json":{"title":"Komentarz do numerycznych prognoz pogody (27\/28.06.2023) - Laboratorium Modelowania Meteorologicznego CMOK IMGW-PIB","description":"Komentarz do numerycznych prognoz pogody opracowany w Centrum Modelowania Meteorologicznego IMGW-PIB.","robots":{"index":"index","follow":"follow","max-snippet":"max-snippet:-1","max-image-preview":"max-image-preview:large","max-video-preview":"max-video-preview:-1"},"canonical":"https:\/\/cmm.imgw.pl\/?p=32561","og_locale":"pl_PL","og_type":"article","og_title":"Komentarz do numerycznych prognoz pogody (27\/28.06.2023)","og_description":"Komentarz do numerycznych prognoz pogody opracowany w Centrum Modelowania Meteorologicznego IMGW-PIB","og_url":"https:\/\/cmm.imgw.pl\/?p=32561","og_site_name":"Laboratorium Modelowania Meteorologicznego CMOK IMGW-PIB","article_publisher":"https:\/\/www.facebook.com\/Meteoimgw\/","article_published_time":"2023-06-27T05:35:26+00:00","article_modified_time":"2023-06-28T05:07:24+00:00","og_image":[{"width":1280,"height":720,"url":"http:\/\/cmm.imgw.pl\/wp-content\/uploads\/2023\/02\/komentarz4.png","type":"image\/png"}],"author":"CMM","twitter_card":"summary_large_image","twitter_title":"Komentarz do numerycznych prognoz pogody (27\/28.06.2023)","twitter_description":"Komentarz do numerycznych prognoz pogody opracowany w Centrum Modelowania Meteorologicznego IMGW-PIB","twitter_image":"https:\/\/cmm.imgw.pl\/wp-content\/uploads\/2023\/02\/komentarz4.png","twitter_creator":"@IMGW_CMM","twitter_site":"@IMGW_CMM","twitter_misc":{"Napisane przez":"CMM","Szacowany czas czytania":"26 minut"},"schema":{"@context":"https:\/\/schema.org","@graph":[{"@type":"Article","@id":"https:\/\/cmm.imgw.pl\/?p=32561#article","isPartOf":{"@id":"https:\/\/cmm.imgw.pl\/?p=32561"},"author":{"name":"CMM","@id":"https:\/\/cmm.imgw.pl\/#\/schema\/person\/a24a37fe434fe76b0f5791e6bd3fdb46"},"headline":"Komentarz do numerycznych prognoz pogody (27\/28.06.2023)","datePublished":"2023-06-27T05:35:26+00:00","dateModified":"2023-06-28T05:07:24+00:00","mainEntityOfPage":{"@id":"https:\/\/cmm.imgw.pl\/?p=32561"},"wordCount":1826,"publisher":{"@id":"https:\/\/cmm.imgw.pl\/#organization"},"keywords":["alaro","arome","cmm","Cosmo","DWD","Grzegorz Duniec","imgw","klimat","komentarz","komentarz pogodowy","MERGE","meteorologia","NMP","NPP","pogoda","prognoza","prognoza pogody","wrf","zima"],"articleSection":["Komentarz"],"inLanguage":"pl-PL"},{"@type":"WebPage","@id":"https:\/\/cmm.imgw.pl\/?p=32561","url":"https:\/\/cmm.imgw.pl\/?p=32561","name":"Komentarz do numerycznych prognoz pogody (27\/28.06.2023) - Laboratorium Modelowania Meteorologicznego CMOK IMGW-PIB","isPartOf":{"@id":"https:\/\/cmm.imgw.pl\/#website"},"datePublished":"2023-06-27T05:35:26+00:00","dateModified":"2023-06-28T05:07:24+00:00","description":"Komentarz do numerycznych prognoz pogody opracowany w Centrum Modelowania Meteorologicznego IMGW-PIB.","breadcrumb":{"@id":"https:\/\/cmm.imgw.pl\/?p=32561#breadcrumb"},"inLanguage":"pl-PL","potentialAction":[{"@type":"ReadAction","target":["https:\/\/cmm.imgw.pl\/?p=32561"]}]},{"@type":"BreadcrumbList","@id":"https:\/\/cmm.imgw.pl\/?p=32561#breadcrumb","itemListElement":[{"@type":"ListItem","position":1,"name":"Home","item":"https:\/\/cmm.imgw.pl\/"},{"@type":"ListItem","position":2,"name":"Komentarz do numerycznych prognoz pogody (27\/28.06.2023)"}]},{"@type":"WebSite","@id":"https:\/\/cmm.imgw.pl\/#website","url":"https:\/\/cmm.imgw.pl\/","name":"Laboratorium Modelowania Meteorologicznego CMOK IMGW-PIB","description":"CMOK-LMM Laboratorium pe\u0142ni pa\u0144stwow\u0105 s\u0142u\u017cb\u0119 hydrologiczno-meteorologiczn\u0105 w zakresie numerycznych prognoz pogody, kt\u00f3rego zadaniem jest konsolidacja kompetencji w obszarze modelowania zjawisk pogodowych oraz dalszego rozwoju numerycznych modeli pogody (NMP).","publisher":{"@id":"https:\/\/cmm.imgw.pl\/#organization"},"potentialAction":[{"@type":"SearchAction","target":{"@type":"EntryPoint","urlTemplate":"https:\/\/cmm.imgw.pl\/?s={search_term_string}"},"query-input":"required name=search_term_string"}],"inLanguage":"pl-PL"},{"@type":"Organization","@id":"https:\/\/cmm.imgw.pl\/#organization","name":"Laboratorium Modelowania Meteorologicznego CMOK IMGW-PIB","url":"https:\/\/cmm.imgw.pl\/","sameAs":["https:\/\/www.facebook.com\/Meteoimgw\/","https:\/\/twitter.com\/IMGW_CMM"],"logo":{"@type":"ImageObject","inLanguage":"pl-PL","@id":"https:\/\/cmm.imgw.pl\/#\/schema\/logo\/image\/","url":"https:\/\/cmm.imgw.pl\/wp-content\/uploads\/2025\/10\/MODELE_LOGO_UNIFIKACJA_v2.png","contentUrl":"https:\/\/cmm.imgw.pl\/wp-content\/uploads\/2025\/10\/MODELE_LOGO_UNIFIKACJA_v2.png","width":1356,"height":365,"caption":"Laboratorium Modelowania Meteorologicznego CMOK IMGW-PIB"},"image":{"@id":"https:\/\/cmm.imgw.pl\/#\/schema\/logo\/image\/"}},{"@type":"Person","@id":"https:\/\/cmm.imgw.pl\/#\/schema\/person\/a24a37fe434fe76b0f5791e6bd3fdb46","name":"CMM","image":{"@type":"ImageObject","inLanguage":"pl-PL","@id":"https:\/\/cmm.imgw.pl\/#\/schema\/person\/image\/","url":"https:\/\/secure.gravatar.com\/avatar\/9248ea2273711f1cd09d6bd45867dbfb?s=96&d=blank&r=g","contentUrl":"https:\/\/secure.gravatar.com\/avatar\/9248ea2273711f1cd09d6bd45867dbfb?s=96&d=blank&r=g","caption":"CMM"},"sameAs":["http:\/\/cmm.imgw.pl"],"url":"https:\/\/cmm.imgw.pl\/?author=3"}]}},"_links":{"self":[{"href":"https:\/\/cmm.imgw.pl\/index.php?rest_route=\/wp\/v2\/posts\/32561"}],"collection":[{"href":"https:\/\/cmm.imgw.pl\/index.php?rest_route=\/wp\/v2\/posts"}],"about":[{"href":"https:\/\/cmm.imgw.pl\/index.php?rest_route=\/wp\/v2\/types\/post"}],"author":[{"embeddable":true,"href":"https:\/\/cmm.imgw.pl\/index.php?rest_route=\/wp\/v2\/users\/3"}],"replies":[{"embeddable":true,"href":"https:\/\/cmm.imgw.pl\/index.php?rest_route=%2Fwp%2Fv2%2Fcomments&post=32561"}],"version-history":[{"count":4,"href":"https:\/\/cmm.imgw.pl\/index.php?rest_route=\/wp\/v2\/posts\/32561\/revisions"}],"predecessor-version":[{"id":32879,"href":"https:\/\/cmm.imgw.pl\/index.php?rest_route=\/wp\/v2\/posts\/32561\/revisions\/32879"}],"wp:attachment":[{"href":"https:\/\/cmm.imgw.pl\/index.php?rest_route=%2Fwp%2Fv2%2Fmedia&parent=32561"}],"wp:term":[{"taxonomy":"category","embeddable":true,"href":"https:\/\/cmm.imgw.pl\/index.php?rest_route=%2Fwp%2Fv2%2Fcategories&post=32561"},{"taxonomy":"post_tag","embeddable":true,"href":"https:\/\/cmm.imgw.pl\/index.php?rest_route=%2Fwp%2Fv2%2Ftags&post=32561"}],"curies":[{"name":"wp","href":"https:\/\/api.w.org\/{rel}","templated":true}]}}