{"id":32336,"date":"2023-06-24T09:39:51","date_gmt":"2023-06-24T07:39:51","guid":{"rendered":"https:\/\/cmm.imgw.pl\/?p=32336"},"modified":"2023-06-24T10:51:45","modified_gmt":"2023-06-24T08:51:45","slug":"komentarz-do-numerycznych-prognoz-pogody-24-25-06-2023","status":"publish","type":"post","link":"https:\/\/cmm.imgw.pl\/?p=32336","title":{"rendered":"Komentarz do numerycznych prognoz pogody (24\/25.06.2023)"},"content":{"rendered":"\n<figure class=\"wp-block-image size-large\"><img loading=\"lazy\" width=\"1024\" height=\"576\" src=\"https:\/\/cmm.imgw.pl\/wp-content\/uploads\/2023\/03\/komentarz4-1-1024x576.png\" alt=\"\" class=\"wp-image-23617\" srcset=\"https:\/\/cmm.imgw.pl\/wp-content\/uploads\/2023\/03\/komentarz4-1-1024x576.png 1024w, https:\/\/cmm.imgw.pl\/wp-content\/uploads\/2023\/03\/komentarz4-1-300x169.png 300w, https:\/\/cmm.imgw.pl\/wp-content\/uploads\/2023\/03\/komentarz4-1-768x432.png 768w, https:\/\/cmm.imgw.pl\/wp-content\/uploads\/2023\/03\/komentarz4-1-800x450.png 800w, https:\/\/cmm.imgw.pl\/wp-content\/uploads\/2023\/03\/komentarz4-1.png 1280w\" sizes=\"(max-width: 1024px) 100vw, 1024px\" \/><\/figure>\n\n\n\n<p><em>Tre\u015b\u0107 komentarza do numerycznych prognoz meteorologicznych stanowi niezale\u017cne od biura prognoz meteorologicznych opracowanie wykonane w Centrum Modelowania Meteorologicznego i nie stanowi oficjalnej prognozy synoptycznej IMGW-PIB.<\/em><\/p>\n\n\n\n<p><strong>Opracowanie:<\/strong><\/p>\n\n\n\n<p><strong>dr&nbsp;Grzegorz&nbsp;Duniec, <a href=\"https:\/\/cmm.imgw.pl\/\" target=\"_blank\" rel=\"noreferrer noopener\"><mark style=\"background-color:rgba(0, 0, 0, 0)\" class=\"has-inline-color has-vivid-cyan-blue-color\">Centrum Modelowania Meteorologicznego IMGW-PIB<\/mark><\/a><\/strong><\/p>\n\n\n<p><strong>Sytuacja synoptyczna w Europie z godziny 18 UTC, 23 VI 2023 roku<\/strong><\/p>\n<p><img loading=\"lazy\" width=\"684\" height=\"485\" class=\"wp-image-32337 aligncenter\" src=\"http:\/\/cmm.imgw.pl\/wp-content\/uploads\/2023\/06\/obraz-zawierajacy-mapa-atlas-tekst-opis-wygener-1.png\" alt=\"Obraz zawieraj\u0105cy mapa, atlas, tekst\n\nOpis wygenerowany automatycznie\" srcset=\"https:\/\/cmm.imgw.pl\/wp-content\/uploads\/2023\/06\/obraz-zawierajacy-mapa-atlas-tekst-opis-wygener-1.png 684w, https:\/\/cmm.imgw.pl\/wp-content\/uploads\/2023\/06\/obraz-zawierajacy-mapa-atlas-tekst-opis-wygener-1-300x213.png 300w\" sizes=\"(max-width: 684px) 100vw, 684px\" \/> <img loading=\"lazy\" width=\"1071\" height=\"759\" class=\"wp-image-32338 aligncenter\" src=\"http:\/\/cmm.imgw.pl\/wp-content\/uploads\/2023\/06\/obraz-zawierajacy-tekst-mapa-diagram-czcionka.gif\" alt=\"Obraz zawieraj\u0105cy tekst, mapa, diagram, Czcionka\n\nOpis wygenerowany automatycznie\" \/><\/p>\n<p>Dzisiaj Polska by\u0142a w zasi\u0119gu ni\u017cu z uk\u0142adem front\u00f3w atmosferycznych. W wycinku ciep\u0142ym ni\u017cu utworzy\u0142a si\u0119 linia zbie\u017cno\u015bci. Nad Europ\u0105 p\u00f3\u0142nocno wschodni\u0105 i wschodni\u0105 (od Skandynawii po zachodni\u0105 Rosj\u0119) rozci\u0105ga si\u0119 strefa pofalowanego frontu atmosferycznego, z wyodr\u0119bnionymi fragmentami frontu ciep\u0142ego, ch\u0142odnego i okluzji. Nad Morzem Barentsa i Morzem Bia\u0142ym zalega s\u0142aby wy\u017c, z o\u015brodkiem 1018,3 hPa. Nad Morzem Norweskim i Wyspami Nied\u017awiedzia zalega zatoka z pofalowanym frontem okluzji. Nad Atlantykiem zalegaj\u0105 uk\u0142ady niskiego ci\u015bnienia. W obr\u0119bie jednej zamkni\u0119tej izobary 990 hPa znajduj\u0105 si\u0119 dwa o\u015brodki z uk\u0142adem front\u00f3w atmosferycznych. Europa zachodnia w zasi\u0119gu uk\u0142adu wysokiego ci\u015bnienia z o\u015brodkiem 1026,7 hPa nad Zatok\u0105 Biskajsk\u0105. Wy\u017c si\u0119ga klinem nad Morze P\u00f3\u0142noce i cz\u0119\u015bciowo Norweskie. Po\u0142udniowy rejon P\u0142w. Iberyjskiego w zasi\u0119gu ni\u017cu. Nad Morzem Adriatyckim zalega p\u0142ytki ni\u017c.<\/p>\n<p><strong>Analiza g\u00f3rnego pola ci\u015bnienia z dnia 23 VI 2023 roku, godzina 12 UTC<\/strong><\/p>\n<p><img loading=\"lazy\" width=\"1220\" height=\"1542\" class=\"wp-image-32339 aligncenter\" src=\"http:\/\/cmm.imgw.pl\/wp-content\/uploads\/2023\/06\/obraz-zawierajacy-diagram-rysowanie-szkic-mapa.gif\" alt=\"Obraz zawieraj\u0105cy diagram, rysowanie, szkic, mapa\n\nOpis wygenerowany automatycznie\" \/> <img loading=\"lazy\" width=\"1220\" height=\"1542\" class=\"wp-image-32340 aligncenter\" src=\"http:\/\/cmm.imgw.pl\/wp-content\/uploads\/2023\/06\/obraz-zawierajacy-diagram-rysowanie-mapa-tekst.gif\" alt=\"Obraz zawieraj\u0105cy diagram, rysowanie, mapa, tekst\n\nOpis wygenerowany automatycznie\" \/> <img loading=\"lazy\" width=\"1221\" height=\"1545\" class=\"wp-image-32341 aligncenter\" src=\"http:\/\/cmm.imgw.pl\/wp-content\/uploads\/2023\/06\/obraz-zawierajacy-tekst-diagram-rysowanie-mapa.gif\" alt=\"Obraz zawieraj\u0105cy tekst, diagram, rysowanie, mapa\n\nOpis wygenerowany automatycznie\" \/><\/p>\n<p>Wy\u017c z nad Morza Barentsa jest \u015brednim uk\u0142adem barycznym. Wy\u017cej izohipsy gi\u0119te na kszta\u0142t klina. Zalegaj\u0105cy nad Atlantykiem ni\u017c jest uk\u0142adem wysokim. Nad Francj\u0105 i Wielk\u0105 Brytani\u0105 izohipsy gi\u0119te na kszta\u0142t klina. Nad Europ\u0105 \u015brodkow\u0105 i zachodni\u0105 oraz po\u0142udniow\u0105 izohipsy gi\u0119te na kszta\u0142t zatoki. Nad Europ\u0105 wschodni\u0105 izohipsy gi\u0119te na kszta\u0142t klina.<\/p>\n<p><strong>Analiza g\u00f3rnego pola wiatru, 23 VI 2023 roku, godzina 18 UTC<\/strong><\/p>\n<p><img loading=\"lazy\" width=\"2156\" height=\"1728\" class=\"wp-image-32342 aligncenter\" src=\"http:\/\/cmm.imgw.pl\/wp-content\/uploads\/2023\/06\/obraz-zawierajacy-mapa-tekst-diagram-opis-wygen-1.png\" alt=\"Obraz zawieraj\u0105cy mapa, tekst, diagram\n\nOpis wygenerowany automatycznie\" srcset=\"https:\/\/cmm.imgw.pl\/wp-content\/uploads\/2023\/06\/obraz-zawierajacy-mapa-tekst-diagram-opis-wygen-1.png 2156w, https:\/\/cmm.imgw.pl\/wp-content\/uploads\/2023\/06\/obraz-zawierajacy-mapa-tekst-diagram-opis-wygen-1-300x240.png 300w, https:\/\/cmm.imgw.pl\/wp-content\/uploads\/2023\/06\/obraz-zawierajacy-mapa-tekst-diagram-opis-wygen-1-1024x821.png 1024w, https:\/\/cmm.imgw.pl\/wp-content\/uploads\/2023\/06\/obraz-zawierajacy-mapa-tekst-diagram-opis-wygen-1-768x616.png 768w, https:\/\/cmm.imgw.pl\/wp-content\/uploads\/2023\/06\/obraz-zawierajacy-mapa-tekst-diagram-opis-wygen-1-1536x1231.png 1536w, https:\/\/cmm.imgw.pl\/wp-content\/uploads\/2023\/06\/obraz-zawierajacy-mapa-tekst-diagram-opis-wygen-1-2048x1641.png 2048w\" sizes=\"(max-width: 2156px) 100vw, 2156px\" \/><\/p>\n<p>Nad Atlantykiem, Morzem P\u00f3\u0142nocnym, Europ\u0105 zachodni\u0105 a\u017c po Korsyk\u0119 znajduje si\u0119 Jet Stream na wysoko\u015bci FL350, z maksymaln\u0105 pr\u0119dko\u015bci\u0105 w osi pr\u0105du 50-60 m\/s. Pionowy zasi\u0119g pr\u0105du strumieniowego obejmuje obszar FL260\/400. W obszarze przerywanej linii [3] wyst\u0119puje turbulencja czystego nieba w przedziale wysoko\u015bci FL220\/420. Nad p\u00f3\u0142nocno wschodni\u0105 Europ\u0105 wyst\u0119puje pr\u0105d strumieniowy na wysoko\u015bci FL350\/370, z maksymaln\u0105 pr\u0119dko\u015bci\u0105 w osi pr\u0105du 45 m\/s. W obszarze przerywanej linii [2] wyst\u0119puje turbulencja czystego nieba w przedziale wysoko\u015bci FL250\/410.<\/p>\n<p><strong>Tropopauza<\/strong><\/p>\n<p>Nad Polsk\u0105 zalega tropopauza na wysoko\u015bci FL400. Nad P\u0142w. Apeni\u0144skim znajduje si\u0119 ni\u017c tropopauzy (tropopauza wykazuje w tym rejonie obni\u017cenie i znajduje si\u0119 na wysoko\u015bci FL350). Nad zachodni\u0105 Rosj\u0105 znajduje si\u0119 ni\u017c tropopauzy (tropopauza wykazuje w tym rejonie obni\u017cenie i znajduje si\u0119 na wysoko\u015bci FL300). Nad Zatok\u0105 Botnick\u0105 znajduje si\u0119 ni\u017c tropopauzy (tropopauza wykazuje w tym rejonie obni\u017cenie i znajduje si\u0119 na wysoko\u015bci FL270).<\/p>\n<p><strong>Analiza termiczna troposfery<\/strong><\/p>\n<p><img loading=\"lazy\" width=\"634\" height=\"490\" class=\"wp-image-32343 aligncenter\" src=\"http:\/\/cmm.imgw.pl\/wp-content\/uploads\/2023\/06\/thck-500-1000hpa-gfs-pt-23-06-2023-18-utc.gif\" alt=\"Thck 500-1000hPa GFS pt. 23.06.2023 18 UTC\" \/> <img loading=\"lazy\" width=\"634\" height=\"490\" class=\"wp-image-32344 aligncenter\" src=\"http:\/\/cmm.imgw.pl\/wp-content\/uploads\/2023\/06\/theta-w-850hpa-gfs-pt-23-06-2023-18-utc.gif\" alt=\"Theta-W 850hPa GFS pt. 23.06.2023 18 UTC\" \/><\/p>\n<p>Nad Ukrain\u0105, Rumuni\u0105 a\u017c po Ba\u0142kany zalega o\u015b klina ciep\u0142a (powietrze zwrotnikowe). Nad P\u0142w. Iberyjskim zalega kolejny obszar ciep\u0142a (powietrze zwrotnikowe). Pozosta\u0142y obszar kontynentu w zasi\u0119gu powietrza polarno-morskiego.<\/p>\n<p><img loading=\"lazy\" width=\"600\" height=\"640\" class=\"wp-image-32345 aligncenter\" src=\"http:\/\/cmm.imgw.pl\/wp-content\/uploads\/2023\/06\/word-image-32336-9.png\" srcset=\"https:\/\/cmm.imgw.pl\/wp-content\/uploads\/2023\/06\/word-image-32336-9.png 600w, https:\/\/cmm.imgw.pl\/wp-content\/uploads\/2023\/06\/word-image-32336-9-281x300.png 281w\" sizes=\"(max-width: 600px) 100vw, 600px\" \/><\/p>\n<p>Po\u0142udniowo wschodnia Polska jeszcze w zasi\u0119gu klina ciep\u0142a, powietrza zwrotnikowego. Na pozosta\u0142ym obszarze zalega powietrze polarno-morskie.<\/p>\n<p><img loading=\"lazy\" width=\"800\" height=\"640\" class=\"wp-image-32346 aligncenter\" src=\"http:\/\/cmm.imgw.pl\/wp-content\/uploads\/2023\/06\/obraz-zawierajacy-tekst-diagram-linia-wykres-o-5.gif\" alt=\"Obraz zawieraj\u0105cy tekst, diagram, linia, Wykres\n\nOpis wygenerowany automatycznie\" \/> <img loading=\"lazy\" width=\"800\" height=\"640\" class=\"wp-image-32347 aligncenter\" src=\"http:\/\/cmm.imgw.pl\/wp-content\/uploads\/2023\/06\/obraz-zawierajacy-tekst-diagram-linia-mapa-opi.gif\" alt=\"Obraz zawieraj\u0105cy tekst, diagram, linia, mapa\n\nOpis wygenerowany automatycznie\" \/> <img loading=\"lazy\" width=\"800\" height=\"640\" class=\"wp-image-32348 aligncenter\" src=\"http:\/\/cmm.imgw.pl\/wp-content\/uploads\/2023\/06\/obraz-zawierajacy-tekst-diagram-linia-mapa-opi-1.gif\" alt=\"Obraz zawieraj\u0105cy tekst, diagram, linia, mapa\n\nOpis wygenerowany automatycznie\" \/><\/p>\n<p>Na po\u0142udniu i w dzielnicach centralnych zalegaj\u0105ca masa powietrza charakteryzowa\u0142a si\u0119 du\u017c\u0105 wilgotno\u015bci\u0105. Zapas wody w ca\u0142ym s\u0142oju atmosfery by\u0142 wysoki (PWAT) i wynosi\u0142 41,23 mm w Legionowie oraz 43,96 mm we Wroc\u0142awiu. Na p\u00f3\u0142nocy kraju zawarto\u015b\u0107 pary wodnej jest ni\u017csza. W \u0141ebie zapas wody (PWAT) wynosi\u0142 30,81 mm. W dolnej cz\u0119\u015bci troposfery zawarto\u015b\u0107 pary wodnej by\u0142 ni\u017cszy i wzrasta\u0142 z wysoko\u015bci\u0105.<\/p>\n<p><strong>Rozw\u00f3j sytuacji barycznej nad Europ\u0105 <\/strong><\/p>\n<p><img loading=\"lazy\" width=\"1075\" height=\"764\" class=\"wp-image-32349 aligncenter\" src=\"http:\/\/cmm.imgw.pl\/wp-content\/uploads\/2023\/06\/obraz-zawierajacy-mapa-tekst-diagram-opis-wygen-1.gif\" alt=\"Obraz zawieraj\u0105cy mapa, tekst, diagram\n\nOpis wygenerowany automatycznie\" \/> <img loading=\"lazy\" width=\"1075\" height=\"764\" class=\"wp-image-32350 aligncenter\" src=\"http:\/\/cmm.imgw.pl\/wp-content\/uploads\/2023\/06\/obraz-zawierajacy-mapa-tekst-diagram-atlas-opi-1.gif\" alt=\"Obraz zawieraj\u0105cy mapa, tekst, diagram, atlas\n\nOpis wygenerowany automatycznie\" \/> <img loading=\"lazy\" width=\"1075\" height=\"764\" class=\"wp-image-32351 aligncenter\" src=\"http:\/\/cmm.imgw.pl\/wp-content\/uploads\/2023\/06\/obraz-zawierajacy-mapa-tekst-atlas-diagram-opi-1.gif\" alt=\"Obraz zawieraj\u0105cy mapa, tekst, atlas, diagram\n\nOpis wygenerowany automatycznie\" \/> <img loading=\"lazy\" width=\"1071\" height=\"759\" class=\"wp-image-32352 aligncenter\" src=\"http:\/\/cmm.imgw.pl\/wp-content\/uploads\/2023\/06\/obraz-zawierajacy-tekst-mapa-diagram-atlas-opi-1.gif\" alt=\"Obraz zawieraj\u0105cy tekst, mapa, diagram, atlas\n\nOpis wygenerowany automatycznie\" \/><\/p>\n<p>Zatoka niskiego ci\u015bnienia zalegaj\u0105ca nad Europ\u0105 wschodni\u0105 b\u0119dzie si\u0119 wype\u0142nia\u0142a i w niedziele si\u0119 wype\u0142ni a front ulegnie frontolizie. Nad po\u0142udniow\u0105 i po\u0142udniowo wschodni\u0105 Polsk\u0105 w sobot\u0119 pogod\u0119 kszta\u0142towa\u0107 b\u0119dzie front ch\u0142odny. W niedziel\u0119 Polska dostanie si\u0119 pod wp\u0142yw s\u0142abego wy\u017cu. W ci\u0105gu dnia do zachodnich rejon\u00f3w kraju zbli\u017cy si\u0119 prawdopodobnie front atmosferyczny. R\u00f3wnie\u017c w niedziel\u0119 w rejonie od P\u0142w. Apeni\u0144skiego, przez Ba\u0142kany, a\u017c po zachodni\u0105 Rosj\u0119 nast\u0105pi przebudowa pola barycznego i dojdzie do frontogenezy i utworzenia frontu zalegaj\u0105cego w zatoce. W sobot\u0119 Europa zachodnia w zasi\u0119gu wy\u017cu. Fronty atmosferyczne zwi\u0105zane z ni\u017cem znad Atlantyku b\u0119d\u0105 przemieszcza\u0107 si\u0119 na wsch\u00f3d. W niedziel\u0119 w nocy front ciep\u0142y znajdowa\u0107 si\u0119 b\u0119dzie nad Morzem P\u00f3\u0142nocnym i Norweskim. W niedziele front ch\u0142odny b\u0119dzie kszta\u0142towa\u0142 pogod\u0119 w Wielkiej Brytanii. Nad p\u00f3\u0142nocno zachodnim oraz p\u00f3\u0142nocnymi obszarami P\u0142w. Iberyjskiego oraz w sobot\u0119 nad Zatok\u0105 Biskajsk\u0105 i w niedziel\u0119 nad zachodni\u0105 Francj\u0105 zalega\u0107 b\u0119dzie front atmosferycznego. W niedziel\u0119 nad Morzem Norweskim oraz nad Skandynawi\u0105 wyst\u0119powa\u0107 b\u0119dzie wy\u017c.<\/p>\n<p><strong>Rozw\u00f3j g\u00f3rnego pola ci\u015bnienia<\/strong><\/p>\n<p><img loading=\"lazy\" width=\"610\" height=\"423\" class=\"wp-image-32353 aligncenter\" src=\"http:\/\/cmm.imgw.pl\/wp-content\/uploads\/2023\/06\/word-image-32336-17.png\" srcset=\"https:\/\/cmm.imgw.pl\/wp-content\/uploads\/2023\/06\/word-image-32336-17.png 610w, https:\/\/cmm.imgw.pl\/wp-content\/uploads\/2023\/06\/word-image-32336-17-300x208.png 300w\" sizes=\"(max-width: 610px) 100vw, 610px\" \/> <img loading=\"lazy\" width=\"612\" height=\"425\" class=\"wp-image-32354 aligncenter\" src=\"http:\/\/cmm.imgw.pl\/wp-content\/uploads\/2023\/06\/word-image-32336-18.png\" srcset=\"https:\/\/cmm.imgw.pl\/wp-content\/uploads\/2023\/06\/word-image-32336-18.png 612w, https:\/\/cmm.imgw.pl\/wp-content\/uploads\/2023\/06\/word-image-32336-18-300x208.png 300w\" sizes=\"(max-width: 612px) 100vw, 612px\" \/> <img loading=\"lazy\" width=\"609\" height=\"426\" class=\"wp-image-32355 aligncenter\" src=\"http:\/\/cmm.imgw.pl\/wp-content\/uploads\/2023\/06\/word-image-32336-19.png\" srcset=\"https:\/\/cmm.imgw.pl\/wp-content\/uploads\/2023\/06\/word-image-32336-19.png 609w, https:\/\/cmm.imgw.pl\/wp-content\/uploads\/2023\/06\/word-image-32336-19-300x210.png 300w\" sizes=\"(max-width: 609px) 100vw, 609px\" \/> <img loading=\"lazy\" width=\"611\" height=\"425\" class=\"wp-image-32356 aligncenter\" src=\"http:\/\/cmm.imgw.pl\/wp-content\/uploads\/2023\/06\/word-image-32336-20.png\" srcset=\"https:\/\/cmm.imgw.pl\/wp-content\/uploads\/2023\/06\/word-image-32336-20.png 611w, https:\/\/cmm.imgw.pl\/wp-content\/uploads\/2023\/06\/word-image-32336-20-300x209.png 300w\" sizes=\"(max-width: 611px) 100vw, 611px\" \/> <img loading=\"lazy\" width=\"603\" height=\"419\" class=\"wp-image-32357 aligncenter\" src=\"http:\/\/cmm.imgw.pl\/wp-content\/uploads\/2023\/06\/word-image-32336-21.png\" srcset=\"https:\/\/cmm.imgw.pl\/wp-content\/uploads\/2023\/06\/word-image-32336-21.png 603w, https:\/\/cmm.imgw.pl\/wp-content\/uploads\/2023\/06\/word-image-32336-21-300x208.png 300w\" sizes=\"(max-width: 603px) 100vw, 603px\" \/> <img loading=\"lazy\" width=\"602\" height=\"423\" class=\"wp-image-32358 aligncenter\" src=\"http:\/\/cmm.imgw.pl\/wp-content\/uploads\/2023\/06\/word-image-32336-22.png\" srcset=\"https:\/\/cmm.imgw.pl\/wp-content\/uploads\/2023\/06\/word-image-32336-22.png 602w, https:\/\/cmm.imgw.pl\/wp-content\/uploads\/2023\/06\/word-image-32336-22-300x211.png 300w, https:\/\/cmm.imgw.pl\/wp-content\/uploads\/2023\/06\/word-image-32336-22-600x423.png 600w\" sizes=\"(max-width: 602px) 100vw, 602px\" \/><\/p>\n<p>Ni\u017c zalegaj\u0105cy nad Atlantykiem b\u0119dzie si\u0119 wype\u0142nia\u0142 na wszystkich poziomach. Nad Morzem Norweskim i P\u00f3\u0142nocnym oraz nad Europ\u0105 zachodni\u0105 zalega\u0107 b\u0119dzie klin. Nad Europ\u0105 centraln\u0105 i po\u0142udniow\u0105 wyst\u0119powa\u0107 b\u0119dzie zatoka. Wy\u017c znajduj\u0105cy si\u0119 nad Skandynawi\u0105 i Morzem Norweskim w sobot\u0119 b\u0119dzie dobrze zaznaczony na wszystkich poziomach. O\u015b uk\u0142adu b\u0119dzie pochylona w kierunku wschodnim w obszar cieplejszego powietrza.<\/p>\n<p><strong>Rozw\u00f3j g\u00f3rnego pola wiatru<\/strong><\/p>\n<p><img loading=\"lazy\" width=\"2156\" height=\"1728\" class=\"wp-image-32359 aligncenter\" src=\"http:\/\/cmm.imgw.pl\/wp-content\/uploads\/2023\/06\/obraz-zawierajacy-tekst-mapa-diagram-opis-wygen-3.png\" alt=\"Obraz zawieraj\u0105cy tekst, mapa, diagram\n\nOpis wygenerowany automatycznie\" srcset=\"https:\/\/cmm.imgw.pl\/wp-content\/uploads\/2023\/06\/obraz-zawierajacy-tekst-mapa-diagram-opis-wygen-3.png 2156w, https:\/\/cmm.imgw.pl\/wp-content\/uploads\/2023\/06\/obraz-zawierajacy-tekst-mapa-diagram-opis-wygen-3-300x240.png 300w, https:\/\/cmm.imgw.pl\/wp-content\/uploads\/2023\/06\/obraz-zawierajacy-tekst-mapa-diagram-opis-wygen-3-1024x821.png 1024w, https:\/\/cmm.imgw.pl\/wp-content\/uploads\/2023\/06\/obraz-zawierajacy-tekst-mapa-diagram-opis-wygen-3-768x616.png 768w, https:\/\/cmm.imgw.pl\/wp-content\/uploads\/2023\/06\/obraz-zawierajacy-tekst-mapa-diagram-opis-wygen-3-1536x1231.png 1536w, https:\/\/cmm.imgw.pl\/wp-content\/uploads\/2023\/06\/obraz-zawierajacy-tekst-mapa-diagram-opis-wygen-3-2048x1641.png 2048w\" sizes=\"(max-width: 2156px) 100vw, 2156px\" \/><\/p>\n<p>Nad Atlantykiem zalega\u0107 b\u0119d\u0105 trzy pr\u0105dy strumieniowe na wysoko\u015bci FL300\/310\/340, z maksymaln\u0105 pr\u0119dko\u015bci\u0105 w osi pr\u0105du 45-55 m\/s. W obszarze przerywanej linii [1] wyst\u0119powa\u0107 b\u0119dzie turbulencja czystego nieba w przedziale wysoko\u015bci FL230\/370.<\/p>\n<p><img loading=\"lazy\" width=\"634\" height=\"490\" class=\"wp-image-32360 aligncenter\" src=\"http:\/\/cmm.imgw.pl\/wp-content\/uploads\/2023\/06\/prad-strumieniowy-gfs-so-24-06-2023-12-utc.gif\" alt=\"Pr\u0105d strumieniowy GFS so. 24.06.2023 12 UTC\" \/> <img loading=\"lazy\" width=\"634\" height=\"490\" class=\"wp-image-32361 aligncenter\" src=\"http:\/\/cmm.imgw.pl\/wp-content\/uploads\/2023\/06\/prad-strumieniowy-gfs-nie-25-06-2023-12-utc.gif\" alt=\"Pr\u0105d strumieniowy GFS nie. 25.06.2023 12 UTC\" \/><\/p>\n<p>Rozk\u0142ad stref du\u017cych pr\u0119dko\u015bci wiatru nie ulegnie istotnym zmianom. W niedziele na wysoko\u015bci 300 hPa wyst\u0119powa\u0107 b\u0119dzie strefa zwi\u0119kszonej pr\u0119dko\u015bci wiatru. W zachodniej Rosji zalega\u0107 b\u0119dzie obszar zwi\u0119kszonej pr\u0119dko\u015bci wiatru.<\/p>\n<p><img loading=\"lazy\" width=\"600\" height=\"640\" class=\"wp-image-32362 aligncenter\" src=\"http:\/\/cmm.imgw.pl\/wp-content\/uploads\/2023\/06\/word-image-32336-26.png\" srcset=\"https:\/\/cmm.imgw.pl\/wp-content\/uploads\/2023\/06\/word-image-32336-26.png 600w, https:\/\/cmm.imgw.pl\/wp-content\/uploads\/2023\/06\/word-image-32336-26-281x300.png 281w\" sizes=\"(max-width: 600px) 100vw, 600px\" \/> <img loading=\"lazy\" width=\"600\" height=\"640\" class=\"wp-image-32363 aligncenter\" src=\"http:\/\/cmm.imgw.pl\/wp-content\/uploads\/2023\/06\/word-image-32336-27.png\" srcset=\"https:\/\/cmm.imgw.pl\/wp-content\/uploads\/2023\/06\/word-image-32336-27.png 600w, https:\/\/cmm.imgw.pl\/wp-content\/uploads\/2023\/06\/word-image-32336-27-281x300.png 281w\" sizes=\"(max-width: 600px) 100vw, 600px\" \/> <img loading=\"lazy\" width=\"600\" height=\"640\" class=\"wp-image-32364 aligncenter\" src=\"http:\/\/cmm.imgw.pl\/wp-content\/uploads\/2023\/06\/word-image-32336-28.png\" srcset=\"https:\/\/cmm.imgw.pl\/wp-content\/uploads\/2023\/06\/word-image-32336-28.png 600w, https:\/\/cmm.imgw.pl\/wp-content\/uploads\/2023\/06\/word-image-32336-28-281x300.png 281w\" sizes=\"(max-width: 600px) 100vw, 600px\" \/> <img loading=\"lazy\" width=\"600\" height=\"640\" class=\"wp-image-32365 aligncenter\" src=\"http:\/\/cmm.imgw.pl\/wp-content\/uploads\/2023\/06\/word-image-32336-29.png\" srcset=\"https:\/\/cmm.imgw.pl\/wp-content\/uploads\/2023\/06\/word-image-32336-29.png 600w, https:\/\/cmm.imgw.pl\/wp-content\/uploads\/2023\/06\/word-image-32336-29-281x300.png 281w\" sizes=\"(max-width: 600px) 100vw, 600px\" \/><\/p>\n<p>W sobot\u0119 popo\u0142udniu, na wysoko\u015bci 300 hPa, nad Polsk\u0119, od zachodu nasuwa\u0107 si\u0119 b\u0119dzie strefa zwi\u0119kszonej pr\u0119dko\u015bci wiatru 30-32,5 m\/s. W niedziele, o\u015b strefy wiatru przebiega\u0107 b\u0119dzie przez dzielnice centralne kraju.<\/p>\n<p><strong>Rozw\u00f3j tropopauzy<\/strong><\/p>\n<p>W rejonie Zat. Tarenckiej znajdzie si\u0119 ni\u017c tropopauzy (tropopauza wyka\u017ce w tym rejonie obni\u017cenie i znajdzie si\u0119 na wysoko\u015bci FL350). Wysoko\u015b\u0107 tropopauzy nad Polsk\u0105 FL400.<\/p>\n<p><strong>Rozw\u00f3j warunk\u00f3w termicznych troposfery<\/strong><\/p>\n<p><img loading=\"lazy\" width=\"634\" height=\"490\" class=\"wp-image-32366 aligncenter\" src=\"http:\/\/cmm.imgw.pl\/wp-content\/uploads\/2023\/06\/thck-500-1000hpa-gfs-so-24-06-2023-12-utc.gif\" alt=\"Thck 500-1000hPa GFS so. 24.06.2023 12 UTC\" \/> <img loading=\"lazy\" width=\"634\" height=\"490\" class=\"wp-image-32367 aligncenter\" src=\"http:\/\/cmm.imgw.pl\/wp-content\/uploads\/2023\/06\/thck-500-1000hpa-gfs-nie-25-06-2023-12-utc.gif\" alt=\"Thck 500-1000hPa GFS nie. 25.06.2023 12 UTC\" \/><\/p>\n<p>Zasadniczy rozk\u0142ad mas powietrza nad Europ\u0105 nie ulegnie znacz\u0105cej zmianie. W niedziel\u0119 nad zachodni\u0105 Wielk\u0105 Brytani\u0119 nasunie si\u0119 zatoka ch\u0142odu. Klin ciep\u0142a, zalegaj\u0105cy nad Ukrain\u0105, Rumuni\u0105 i Ba\u0142kanami przemie\u015bci si\u0119 na wsch\u00f3d. Nad P\u0142w. Iberyjskim znajdowa\u0107 si\u0119 b\u0119dzie klina ciep\u0142a.<\/p>\n<p><img loading=\"lazy\" width=\"600\" height=\"640\" class=\"wp-image-32368 aligncenter\" src=\"http:\/\/cmm.imgw.pl\/wp-content\/uploads\/2023\/06\/word-image-32336-32.png\" srcset=\"https:\/\/cmm.imgw.pl\/wp-content\/uploads\/2023\/06\/word-image-32336-32.png 600w, https:\/\/cmm.imgw.pl\/wp-content\/uploads\/2023\/06\/word-image-32336-32-281x300.png 281w\" sizes=\"(max-width: 600px) 100vw, 600px\" \/> <img loading=\"lazy\" width=\"600\" height=\"640\" class=\"wp-image-32369 aligncenter\" src=\"http:\/\/cmm.imgw.pl\/wp-content\/uploads\/2023\/06\/word-image-32336-33.png\" srcset=\"https:\/\/cmm.imgw.pl\/wp-content\/uploads\/2023\/06\/word-image-32336-33.png 600w, https:\/\/cmm.imgw.pl\/wp-content\/uploads\/2023\/06\/word-image-32336-33-281x300.png 281w\" sizes=\"(max-width: 600px) 100vw, 600px\" \/> <img loading=\"lazy\" width=\"600\" height=\"640\" class=\"wp-image-32370 aligncenter\" src=\"http:\/\/cmm.imgw.pl\/wp-content\/uploads\/2023\/06\/word-image-32336-34.png\" srcset=\"https:\/\/cmm.imgw.pl\/wp-content\/uploads\/2023\/06\/word-image-32336-34.png 600w, https:\/\/cmm.imgw.pl\/wp-content\/uploads\/2023\/06\/word-image-32336-34-281x300.png 281w\" sizes=\"(max-width: 600px) 100vw, 600px\" \/><\/p>\n<p>Klin ciep\u0142a zalegaj\u0105cy nad Polsk\u0105 opu\u015bci nasz kraj. W niedziele nad p\u00f3\u0142nocne i p\u00f3\u0142nocno wschodniej rejony kraju nasunie si\u0119 zatoka ch\u0142odniejszego powietrza.<\/p>\n<p><strong>Ewolucja pola wilgotno\u015bci w troposferze<\/strong><\/p>\n<p><img loading=\"lazy\" width=\"600\" height=\"640\" class=\"wp-image-32371 aligncenter\" src=\"http:\/\/cmm.imgw.pl\/wp-content\/uploads\/2023\/06\/word-image-32336-35.png\" srcset=\"https:\/\/cmm.imgw.pl\/wp-content\/uploads\/2023\/06\/word-image-32336-35.png 600w, https:\/\/cmm.imgw.pl\/wp-content\/uploads\/2023\/06\/word-image-32336-35-281x300.png 281w\" sizes=\"(max-width: 600px) 100vw, 600px\" \/> <img loading=\"lazy\" width=\"600\" height=\"640\" class=\"wp-image-32372 aligncenter\" src=\"http:\/\/cmm.imgw.pl\/wp-content\/uploads\/2023\/06\/word-image-32336-36.png\" srcset=\"https:\/\/cmm.imgw.pl\/wp-content\/uploads\/2023\/06\/word-image-32336-36.png 600w, https:\/\/cmm.imgw.pl\/wp-content\/uploads\/2023\/06\/word-image-32336-36-281x300.png 281w\" sizes=\"(max-width: 600px) 100vw, 600px\" \/> <img loading=\"lazy\" width=\"600\" height=\"640\" class=\"wp-image-32373 aligncenter\" src=\"http:\/\/cmm.imgw.pl\/wp-content\/uploads\/2023\/06\/word-image-32336-37.png\" srcset=\"https:\/\/cmm.imgw.pl\/wp-content\/uploads\/2023\/06\/word-image-32336-37.png 600w, https:\/\/cmm.imgw.pl\/wp-content\/uploads\/2023\/06\/word-image-32336-37-281x300.png 281w\" sizes=\"(max-width: 600px) 100vw, 600px\" \/> <img loading=\"lazy\" width=\"600\" height=\"640\" class=\"wp-image-32374 aligncenter\" src=\"http:\/\/cmm.imgw.pl\/wp-content\/uploads\/2023\/06\/word-image-32336-38.png\" srcset=\"https:\/\/cmm.imgw.pl\/wp-content\/uploads\/2023\/06\/word-image-32336-38.png 600w, https:\/\/cmm.imgw.pl\/wp-content\/uploads\/2023\/06\/word-image-32336-38-281x300.png 281w\" sizes=\"(max-width: 600px) 100vw, 600px\" \/> <img loading=\"lazy\" width=\"600\" height=\"640\" class=\"wp-image-32375 aligncenter\" src=\"http:\/\/cmm.imgw.pl\/wp-content\/uploads\/2023\/06\/word-image-32336-39.png\" srcset=\"https:\/\/cmm.imgw.pl\/wp-content\/uploads\/2023\/06\/word-image-32336-39.png 600w, https:\/\/cmm.imgw.pl\/wp-content\/uploads\/2023\/06\/word-image-32336-39-281x300.png 281w\" sizes=\"(max-width: 600px) 100vw, 600px\" \/> <img loading=\"lazy\" width=\"600\" height=\"640\" class=\"wp-image-32376 aligncenter\" src=\"http:\/\/cmm.imgw.pl\/wp-content\/uploads\/2023\/06\/word-image-32336-40.png\" srcset=\"https:\/\/cmm.imgw.pl\/wp-content\/uploads\/2023\/06\/word-image-32336-40.png 600w, https:\/\/cmm.imgw.pl\/wp-content\/uploads\/2023\/06\/word-image-32336-40-281x300.png 281w\" sizes=\"(max-width: 600px) 100vw, 600px\" \/> <img loading=\"lazy\" width=\"600\" height=\"640\" class=\"wp-image-32377 aligncenter\" src=\"http:\/\/cmm.imgw.pl\/wp-content\/uploads\/2023\/06\/word-image-32336-41.png\" srcset=\"https:\/\/cmm.imgw.pl\/wp-content\/uploads\/2023\/06\/word-image-32336-41.png 600w, https:\/\/cmm.imgw.pl\/wp-content\/uploads\/2023\/06\/word-image-32336-41-281x300.png 281w\" sizes=\"(max-width: 600px) 100vw, 600px\" \/> <img loading=\"lazy\" width=\"600\" height=\"640\" class=\"wp-image-32378 aligncenter\" src=\"http:\/\/cmm.imgw.pl\/wp-content\/uploads\/2023\/06\/word-image-32336-42.png\" srcset=\"https:\/\/cmm.imgw.pl\/wp-content\/uploads\/2023\/06\/word-image-32336-42.png 600w, https:\/\/cmm.imgw.pl\/wp-content\/uploads\/2023\/06\/word-image-32336-42-281x300.png 281w\" sizes=\"(max-width: 600px) 100vw, 600px\" \/> <img loading=\"lazy\" width=\"600\" height=\"640\" class=\"wp-image-32379 aligncenter\" src=\"http:\/\/cmm.imgw.pl\/wp-content\/uploads\/2023\/06\/word-image-32336-43.png\" srcset=\"https:\/\/cmm.imgw.pl\/wp-content\/uploads\/2023\/06\/word-image-32336-43.png 600w, https:\/\/cmm.imgw.pl\/wp-content\/uploads\/2023\/06\/word-image-32336-43-281x300.png 281w\" sizes=\"(max-width: 600px) 100vw, 600px\" \/><\/p>\n<p>W sobot\u0119 nadal zalegaj\u0105ca masa powietrza b\u0119dzie do\u015b\u0107 wilgotna. W \u015brodkowej troposferze na zachodzie b\u0119dzie bardziej sucho. Na wysoko\u015bci 300 hPa w SW oraz NE Polsce r\u00f3wnie\u017c mniejsza wilgotno\u015b\u0107 masy powietrza. W niedziele w nocy w g\u00f3rnej troposferze ma\u0142a zawarto\u015b\u0107 pary wodnej. Najwi\u0119cej pary wodnej b\u0119dzie skoncentrowana w WGA. W niedziel\u0119 w dzie\u0144 najwi\u0119cej pary skupiona b\u0119dzie w warstwie granicznej atmosferze. Wy\u017cej masa powietrza b\u0119dzie bardziej sucha.<\/p>\n<p><strong>Prognoza zachmurzenia<\/strong><\/p>\n<p><img loading=\"lazy\" width=\"600\" height=\"640\" class=\"wp-image-32380 aligncenter\" src=\"http:\/\/cmm.imgw.pl\/wp-content\/uploads\/2023\/06\/word-image-32336-44.png\" srcset=\"https:\/\/cmm.imgw.pl\/wp-content\/uploads\/2023\/06\/word-image-32336-44.png 600w, https:\/\/cmm.imgw.pl\/wp-content\/uploads\/2023\/06\/word-image-32336-44-281x300.png 281w\" sizes=\"(max-width: 600px) 100vw, 600px\" \/> <img loading=\"lazy\" width=\"600\" height=\"640\" class=\"wp-image-32381 aligncenter\" src=\"http:\/\/cmm.imgw.pl\/wp-content\/uploads\/2023\/06\/word-image-32336-45.png\" srcset=\"https:\/\/cmm.imgw.pl\/wp-content\/uploads\/2023\/06\/word-image-32336-45.png 600w, https:\/\/cmm.imgw.pl\/wp-content\/uploads\/2023\/06\/word-image-32336-45-281x300.png 281w\" sizes=\"(max-width: 600px) 100vw, 600px\" \/> <img loading=\"lazy\" width=\"600\" height=\"640\" class=\"wp-image-32382 aligncenter\" src=\"http:\/\/cmm.imgw.pl\/wp-content\/uploads\/2023\/06\/word-image-32336-46.png\" srcset=\"https:\/\/cmm.imgw.pl\/wp-content\/uploads\/2023\/06\/word-image-32336-46.png 600w, https:\/\/cmm.imgw.pl\/wp-content\/uploads\/2023\/06\/word-image-32336-46-281x300.png 281w\" sizes=\"(max-width: 600px) 100vw, 600px\" \/><\/p>\n<p><strong>Zachmurzenie og\u00f3le:<\/strong> Pocz\u0105tkowo w centrum i na wschodzie kraju zachmurzenie du\u017ce i ca\u0142kowite. Na zachodzie kraju zachmurzenie umiarkowane. Z up\u0142ywem czasu na wschodzie kraju zachmurzenie b\u0119dzie si\u0119 zmniejsza\u0142o. W nocy z soboty na niedziele w pasie centralnym rozpogodzenia. Na zachodzie kraju zachmurzenie ma\u0142e i umiarkowane. Na kra\u0144cach wschodnich zachmurzenie du\u017ce. W niedziele na zachodzie kraju zachmurzenie du\u017ce i lokalnie ca\u0142kowite. W po\u0142udniowo wschodniej cz\u0119\u015bci kraju zachmurzenie umiarkowane i du\u017ce. Na pozosta\u0142ym obszarze zachmurzenie ma\u0142e i umiarkowane. W wielu rejonach rozpogodzenia.<\/p>\n<p><img loading=\"lazy\" width=\"600\" height=\"640\" class=\"wp-image-32383 aligncenter\" src=\"http:\/\/cmm.imgw.pl\/wp-content\/uploads\/2023\/06\/word-image-32336-47.png\" srcset=\"https:\/\/cmm.imgw.pl\/wp-content\/uploads\/2023\/06\/word-image-32336-47.png 600w, https:\/\/cmm.imgw.pl\/wp-content\/uploads\/2023\/06\/word-image-32336-47-281x300.png 281w\" sizes=\"(max-width: 600px) 100vw, 600px\" \/> <img loading=\"lazy\" width=\"600\" height=\"640\" class=\"wp-image-32384 aligncenter\" src=\"http:\/\/cmm.imgw.pl\/wp-content\/uploads\/2023\/06\/word-image-32336-48.png\" srcset=\"https:\/\/cmm.imgw.pl\/wp-content\/uploads\/2023\/06\/word-image-32336-48.png 600w, https:\/\/cmm.imgw.pl\/wp-content\/uploads\/2023\/06\/word-image-32336-48-281x300.png 281w\" sizes=\"(max-width: 600px) 100vw, 600px\" \/> <img loading=\"lazy\" width=\"600\" height=\"640\" class=\"wp-image-32385 aligncenter\" src=\"http:\/\/cmm.imgw.pl\/wp-content\/uploads\/2023\/06\/word-image-32336-49.png\" srcset=\"https:\/\/cmm.imgw.pl\/wp-content\/uploads\/2023\/06\/word-image-32336-49.png 600w, https:\/\/cmm.imgw.pl\/wp-content\/uploads\/2023\/06\/word-image-32336-49-281x300.png 281w\" sizes=\"(max-width: 600px) 100vw, 600px\" \/><\/p>\n<p><span style=\"font-size: revert;\">W sobot\u0119 na niebie wyst\u0119powa\u0107 b\u0119d\u0105 chmury Cumulonimbus, Cumulus oraz Stratocumulus. W strefie opad\u00f3w mog\u0105 wyst\u0119powa\u0107 chmury Stratus fractus. W nocy w wielu rejonach wyst\u0119powa\u0107 b\u0119d\u0105 chmury Stratocumulus, lokalnie Stratus. W niedziele chmury Cumulus oraz Stratocumulus.s. W niedziele chmury Cumulus oraz Stratocumulus.<\/span><\/p>\n<p><img loading=\"lazy\" width=\"600\" height=\"640\" class=\"wp-image-32386 aligncenter\" src=\"http:\/\/cmm.imgw.pl\/wp-content\/uploads\/2023\/06\/word-image-32336-50.png\" srcset=\"https:\/\/cmm.imgw.pl\/wp-content\/uploads\/2023\/06\/word-image-32336-50.png 600w, https:\/\/cmm.imgw.pl\/wp-content\/uploads\/2023\/06\/word-image-32336-50-281x300.png 281w\" sizes=\"(max-width: 600px) 100vw, 600px\" \/> <img loading=\"lazy\" width=\"600\" height=\"640\" class=\"wp-image-32387 aligncenter\" src=\"http:\/\/cmm.imgw.pl\/wp-content\/uploads\/2023\/06\/word-image-32336-51.png\" srcset=\"https:\/\/cmm.imgw.pl\/wp-content\/uploads\/2023\/06\/word-image-32336-51.png 600w, https:\/\/cmm.imgw.pl\/wp-content\/uploads\/2023\/06\/word-image-32336-51-281x300.png 281w\" sizes=\"(max-width: 600px) 100vw, 600px\" \/> <img loading=\"lazy\" width=\"600\" height=\"640\" class=\"wp-image-32388 aligncenter\" src=\"http:\/\/cmm.imgw.pl\/wp-content\/uploads\/2023\/06\/word-image-32336-52.png\" srcset=\"https:\/\/cmm.imgw.pl\/wp-content\/uploads\/2023\/06\/word-image-32336-52.png 600w, https:\/\/cmm.imgw.pl\/wp-content\/uploads\/2023\/06\/word-image-32336-52-281x300.png 281w\" sizes=\"(max-width: 600px) 100vw, 600px\" \/><\/p>\n<p>W sobot\u0119 w ci\u0105gu dnia wyst\u0119powa\u0107 b\u0119d\u0105 chmury Altocumulus oraz Altostratus. W nocy \u0142awice chmur Altocumulus b\u0119d\u0105 mo\u017cliwe. W niedziele wyst\u0119powa\u0107 b\u0119d\u0105 chmury Altocumulus, a na zachodzie tak\u017ce mo\u017cliwe chmury Altostratus.<\/p>\n<p><img loading=\"lazy\" width=\"600\" height=\"640\" class=\"wp-image-32389 aligncenter\" src=\"http:\/\/cmm.imgw.pl\/wp-content\/uploads\/2023\/06\/word-image-32336-53.png\" srcset=\"https:\/\/cmm.imgw.pl\/wp-content\/uploads\/2023\/06\/word-image-32336-53.png 600w, https:\/\/cmm.imgw.pl\/wp-content\/uploads\/2023\/06\/word-image-32336-53-281x300.png 281w\" sizes=\"(max-width: 600px) 100vw, 600px\" \/> <img loading=\"lazy\" width=\"600\" height=\"640\" class=\"wp-image-32390 aligncenter\" src=\"http:\/\/cmm.imgw.pl\/wp-content\/uploads\/2023\/06\/word-image-32336-54.png\" srcset=\"https:\/\/cmm.imgw.pl\/wp-content\/uploads\/2023\/06\/word-image-32336-54.png 600w, https:\/\/cmm.imgw.pl\/wp-content\/uploads\/2023\/06\/word-image-32336-54-281x300.png 281w\" sizes=\"(max-width: 600px) 100vw, 600px\" \/> <img loading=\"lazy\" width=\"600\" height=\"640\" class=\"wp-image-32391 aligncenter\" src=\"http:\/\/cmm.imgw.pl\/wp-content\/uploads\/2023\/06\/word-image-32336-55.png\" srcset=\"https:\/\/cmm.imgw.pl\/wp-content\/uploads\/2023\/06\/word-image-32336-55.png 600w, https:\/\/cmm.imgw.pl\/wp-content\/uploads\/2023\/06\/word-image-32336-55-281x300.png 281w\" sizes=\"(max-width: 600px) 100vw, 600px\" \/><\/p>\n<p>W pi\u0119trze g\u00f3rnym zaobserwujemy chmury Cirrus fibratus\/spissatus, Cirrostratus fibratus. W sobot\u0119 w rejonie chmur Cb mo\u017cliwe chmury Cirrus spissatus cumulonimbogenitus. W niedziel\u0119 mo\u017cliwy Cirrocumulus.<\/p>\n<p><strong>Prognoza opad\u00f3w<\/strong><\/p>\n<p><img loading=\"lazy\" width=\"600\" height=\"640\" class=\"wp-image-32392 aligncenter\" src=\"http:\/\/cmm.imgw.pl\/wp-content\/uploads\/2023\/06\/word-image-32336-56.png\" srcset=\"https:\/\/cmm.imgw.pl\/wp-content\/uploads\/2023\/06\/word-image-32336-56.png 600w, https:\/\/cmm.imgw.pl\/wp-content\/uploads\/2023\/06\/word-image-32336-56-281x300.png 281w\" sizes=\"(max-width: 600px) 100vw, 600px\" \/> <img loading=\"lazy\" width=\"600\" height=\"640\" class=\"wp-image-32393 aligncenter\" src=\"http:\/\/cmm.imgw.pl\/wp-content\/uploads\/2023\/06\/word-image-32336-57.png\" srcset=\"https:\/\/cmm.imgw.pl\/wp-content\/uploads\/2023\/06\/word-image-32336-57.png 600w, https:\/\/cmm.imgw.pl\/wp-content\/uploads\/2023\/06\/word-image-32336-57-281x300.png 281w\" sizes=\"(max-width: 600px) 100vw, 600px\" \/> <img loading=\"lazy\" width=\"600\" height=\"640\" class=\"wp-image-32394 aligncenter\" src=\"http:\/\/cmm.imgw.pl\/wp-content\/uploads\/2023\/06\/word-image-32336-58.png\" srcset=\"https:\/\/cmm.imgw.pl\/wp-content\/uploads\/2023\/06\/word-image-32336-58.png 600w, https:\/\/cmm.imgw.pl\/wp-content\/uploads\/2023\/06\/word-image-32336-58-281x300.png 281w\" sizes=\"(max-width: 600px) 100vw, 600px\" \/> <img loading=\"lazy\" width=\"600\" height=\"640\" class=\"wp-image-32395 aligncenter\" src=\"http:\/\/cmm.imgw.pl\/wp-content\/uploads\/2023\/06\/word-image-32336-59.png\" srcset=\"https:\/\/cmm.imgw.pl\/wp-content\/uploads\/2023\/06\/word-image-32336-59.png 600w, https:\/\/cmm.imgw.pl\/wp-content\/uploads\/2023\/06\/word-image-32336-59-281x300.png 281w\" sizes=\"(max-width: 600px) 100vw, 600px\" \/> <img loading=\"lazy\" width=\"600\" height=\"640\" class=\"wp-image-32396 aligncenter\" src=\"http:\/\/cmm.imgw.pl\/wp-content\/uploads\/2023\/06\/word-image-32336-60.png\" srcset=\"https:\/\/cmm.imgw.pl\/wp-content\/uploads\/2023\/06\/word-image-32336-60.png 600w, https:\/\/cmm.imgw.pl\/wp-content\/uploads\/2023\/06\/word-image-32336-60-281x300.png 281w\" sizes=\"(max-width: 600px) 100vw, 600px\" \/> <img loading=\"lazy\" width=\"600\" height=\"640\" class=\"wp-image-32397 aligncenter\" src=\"http:\/\/cmm.imgw.pl\/wp-content\/uploads\/2023\/06\/word-image-32336-61.png\" srcset=\"https:\/\/cmm.imgw.pl\/wp-content\/uploads\/2023\/06\/word-image-32336-61.png 600w, https:\/\/cmm.imgw.pl\/wp-content\/uploads\/2023\/06\/word-image-32336-61-281x300.png 281w\" sizes=\"(max-width: 600px) 100vw, 600px\" \/> <img loading=\"lazy\" width=\"600\" height=\"640\" class=\"wp-image-32398 aligncenter\" src=\"http:\/\/cmm.imgw.pl\/wp-content\/uploads\/2023\/06\/word-image-32336-62.png\" srcset=\"https:\/\/cmm.imgw.pl\/wp-content\/uploads\/2023\/06\/word-image-32336-62.png 600w, https:\/\/cmm.imgw.pl\/wp-content\/uploads\/2023\/06\/word-image-32336-62-281x300.png 281w\" sizes=\"(max-width: 600px) 100vw, 600px\" \/><\/p>\n<p><span class=\"ui-provider gm b c d e f g h i j k l m n o p q r s t u v w x y z ab ac ae af ag ah ai aj ak\" dir=\"ltr\">W sobot\u0119 nale\u017cy spodziewa\u0107 si\u0119 opad\u00f3w przelotnych oraz ci\u0105g\u0142ych. Opady mog\u0105 by\u0107 lokalnie intensywne. Z up\u0142ywem czasu strefa opad\u00f3w b\u0119dzie zanika\u0107. W niedziele, wed\u0142ug symulacji numerycznych, mo\u017cliwe lokalnie s\u0142abe opady deszczu.\u00a0<\/span><\/p>\n<p><strong>Prognoza gradu<\/strong><\/p>\n<p><img loading=\"lazy\" width=\"600\" height=\"640\" class=\"wp-image-32399 aligncenter\" src=\"http:\/\/cmm.imgw.pl\/wp-content\/uploads\/2023\/06\/word-image-32336-63.png\" srcset=\"https:\/\/cmm.imgw.pl\/wp-content\/uploads\/2023\/06\/word-image-32336-63.png 600w, https:\/\/cmm.imgw.pl\/wp-content\/uploads\/2023\/06\/word-image-32336-63-281x300.png 281w\" sizes=\"(max-width: 600px) 100vw, 600px\" \/><\/p>\n<p>W po\u0142udniowo wschodniej cz\u0119\u015bci kraju mo\u017cliwe opady gradu.<\/p>\n<p><strong>Prognoza wy\u0142adowa\u0144<\/strong><\/p>\n<p><strong><img loading=\"lazy\" width=\"439\" height=\"396\" class=\"wp-image-32400 aligncenter\" src=\"http:\/\/cmm.imgw.pl\/wp-content\/uploads\/2023\/06\/word-image-32336-64.png\" srcset=\"https:\/\/cmm.imgw.pl\/wp-content\/uploads\/2023\/06\/word-image-32336-64.png 439w, https:\/\/cmm.imgw.pl\/wp-content\/uploads\/2023\/06\/word-image-32336-64-300x271.png 300w\" sizes=\"(max-width: 439px) 100vw, 439px\" \/><\/strong> <img loading=\"lazy\" width=\"600\" height=\"640\" class=\"wp-image-32401 aligncenter\" src=\"http:\/\/cmm.imgw.pl\/wp-content\/uploads\/2023\/06\/word-image-32336-65.png\" srcset=\"https:\/\/cmm.imgw.pl\/wp-content\/uploads\/2023\/06\/word-image-32336-65.png 600w, https:\/\/cmm.imgw.pl\/wp-content\/uploads\/2023\/06\/word-image-32336-65-281x300.png 281w\" sizes=\"(max-width: 600px) 100vw, 600px\" \/> <img loading=\"lazy\" width=\"600\" height=\"640\" class=\"wp-image-32402 aligncenter\" src=\"http:\/\/cmm.imgw.pl\/wp-content\/uploads\/2023\/06\/word-image-32336-66.png\" srcset=\"https:\/\/cmm.imgw.pl\/wp-content\/uploads\/2023\/06\/word-image-32336-66.png 600w, https:\/\/cmm.imgw.pl\/wp-content\/uploads\/2023\/06\/word-image-32336-66-281x300.png 281w\" sizes=\"(max-width: 600px) 100vw, 600px\" \/><\/p>\n<p><img loading=\"lazy\" width=\"600\" height=\"640\" class=\"wp-image-32403 aligncenter\" src=\"http:\/\/cmm.imgw.pl\/wp-content\/uploads\/2023\/06\/word-image-32336-67.png\" srcset=\"https:\/\/cmm.imgw.pl\/wp-content\/uploads\/2023\/06\/word-image-32336-67.png 600w, https:\/\/cmm.imgw.pl\/wp-content\/uploads\/2023\/06\/word-image-32336-67-281x300.png 281w\" sizes=\"(max-width: 600px) 100vw, 600px\" \/> <img loading=\"lazy\" width=\"600\" height=\"640\" class=\"wp-image-32404 aligncenter\" src=\"http:\/\/cmm.imgw.pl\/wp-content\/uploads\/2023\/06\/word-image-32336-68.png\" srcset=\"https:\/\/cmm.imgw.pl\/wp-content\/uploads\/2023\/06\/word-image-32336-68.png 600w, https:\/\/cmm.imgw.pl\/wp-content\/uploads\/2023\/06\/word-image-32336-68-281x300.png 281w\" sizes=\"(max-width: 600px) 100vw, 600px\" \/> <img loading=\"lazy\" width=\"600\" height=\"640\" class=\"wp-image-32405 aligncenter\" src=\"http:\/\/cmm.imgw.pl\/wp-content\/uploads\/2023\/06\/word-image-32336-69.png\" srcset=\"https:\/\/cmm.imgw.pl\/wp-content\/uploads\/2023\/06\/word-image-32336-69.png 600w, https:\/\/cmm.imgw.pl\/wp-content\/uploads\/2023\/06\/word-image-32336-69-281x300.png 281w\" sizes=\"(max-width: 600px) 100vw, 600px\" \/><\/p>\n<p><img loading=\"lazy\" width=\"600\" height=\"640\" class=\"wp-image-32406 aligncenter\" src=\"http:\/\/cmm.imgw.pl\/wp-content\/uploads\/2023\/06\/word-image-32336-70.png\" srcset=\"https:\/\/cmm.imgw.pl\/wp-content\/uploads\/2023\/06\/word-image-32336-70.png 600w, https:\/\/cmm.imgw.pl\/wp-content\/uploads\/2023\/06\/word-image-32336-70-281x300.png 281w\" sizes=\"(max-width: 600px) 100vw, 600px\" \/> <img loading=\"lazy\" width=\"600\" height=\"640\" class=\"wp-image-32407 aligncenter\" src=\"http:\/\/cmm.imgw.pl\/wp-content\/uploads\/2023\/06\/word-image-32336-71.png\" srcset=\"https:\/\/cmm.imgw.pl\/wp-content\/uploads\/2023\/06\/word-image-32336-71.png 600w, https:\/\/cmm.imgw.pl\/wp-content\/uploads\/2023\/06\/word-image-32336-71-281x300.png 281w\" sizes=\"(max-width: 600px) 100vw, 600px\" \/> <img loading=\"lazy\" width=\"466\" height=\"466\" class=\"wp-image-32408 aligncenter\" src=\"http:\/\/cmm.imgw.pl\/wp-content\/uploads\/2023\/06\/obraz-zawierajacy-tekst-zrzut-ekranu-mapa-opis.png\" alt=\"Obraz zawieraj\u0105cy tekst, zrzut ekranu, mapa\n\nOpis wygenerowany automatycznie\" srcset=\"https:\/\/cmm.imgw.pl\/wp-content\/uploads\/2023\/06\/obraz-zawierajacy-tekst-zrzut-ekranu-mapa-opis.png 466w, https:\/\/cmm.imgw.pl\/wp-content\/uploads\/2023\/06\/obraz-zawierajacy-tekst-zrzut-ekranu-mapa-opis-300x300.png 300w, https:\/\/cmm.imgw.pl\/wp-content\/uploads\/2023\/06\/obraz-zawierajacy-tekst-zrzut-ekranu-mapa-opis-150x150.png 150w\" sizes=\"(max-width: 466px) 100vw, 466px\" \/> <img loading=\"lazy\" width=\"466\" height=\"466\" class=\"wp-image-32409 aligncenter\" src=\"http:\/\/cmm.imgw.pl\/wp-content\/uploads\/2023\/06\/obraz-zawierajacy-tekst-mapa-zrzut-ekranu-opis.png\" alt=\"Obraz zawieraj\u0105cy tekst, mapa, zrzut ekranu\n\nOpis wygenerowany automatycznie\" srcset=\"https:\/\/cmm.imgw.pl\/wp-content\/uploads\/2023\/06\/obraz-zawierajacy-tekst-mapa-zrzut-ekranu-opis.png 466w, https:\/\/cmm.imgw.pl\/wp-content\/uploads\/2023\/06\/obraz-zawierajacy-tekst-mapa-zrzut-ekranu-opis-300x300.png 300w, https:\/\/cmm.imgw.pl\/wp-content\/uploads\/2023\/06\/obraz-zawierajacy-tekst-mapa-zrzut-ekranu-opis-150x150.png 150w\" sizes=\"(max-width: 466px) 100vw, 466px\" \/> <img loading=\"lazy\" width=\"448\" height=\"448\" class=\"wp-image-32410 aligncenter\" src=\"http:\/\/cmm.imgw.pl\/wp-content\/uploads\/2023\/06\/obraz-zawierajacy-tekst-mapa-zrzut-ekranu-opis-1.png\" alt=\"Obraz zawieraj\u0105cy tekst, mapa, zrzut ekranu\n\nOpis wygenerowany automatycznie\" srcset=\"https:\/\/cmm.imgw.pl\/wp-content\/uploads\/2023\/06\/obraz-zawierajacy-tekst-mapa-zrzut-ekranu-opis-1.png 448w, https:\/\/cmm.imgw.pl\/wp-content\/uploads\/2023\/06\/obraz-zawierajacy-tekst-mapa-zrzut-ekranu-opis-1-300x300.png 300w, https:\/\/cmm.imgw.pl\/wp-content\/uploads\/2023\/06\/obraz-zawierajacy-tekst-mapa-zrzut-ekranu-opis-1-150x150.png 150w\" sizes=\"(max-width: 448px) 100vw, 448px\" \/> <img loading=\"lazy\" width=\"431\" height=\"431\" class=\"wp-image-32411 aligncenter\" src=\"http:\/\/cmm.imgw.pl\/wp-content\/uploads\/2023\/06\/obraz-zawierajacy-tekst-mapa-zrzut-ekranu-atlas.png\" alt=\"Obraz zawieraj\u0105cy tekst, mapa, zrzut ekranu, atlas\n\nOpis wygenerowany automatycznie\" srcset=\"https:\/\/cmm.imgw.pl\/wp-content\/uploads\/2023\/06\/obraz-zawierajacy-tekst-mapa-zrzut-ekranu-atlas.png 431w, https:\/\/cmm.imgw.pl\/wp-content\/uploads\/2023\/06\/obraz-zawierajacy-tekst-mapa-zrzut-ekranu-atlas-300x300.png 300w, https:\/\/cmm.imgw.pl\/wp-content\/uploads\/2023\/06\/obraz-zawierajacy-tekst-mapa-zrzut-ekranu-atlas-150x150.png 150w\" sizes=\"(max-width: 431px) 100vw, 431px\" \/><\/p>\n<p><span class=\"ui-provider gm b c d e f g h i j k l m n o p q r s t u v w x y z ab ac ae af ag ah ai aj ak\" dir=\"ltr\">MUCAPE wyniesie 500-1200 J\/kg. Wierzcho\u0142ki chmur osi\u0105ga\u0107 b\u0119d\u0105 wysoko\u015b\u0107 do 12 km. Temperatura wierzcho\u0142k\u00f3w chmur Cb wyniesie -20\/-40 st. C. W rejonie po\u0142udniowo wschodniej cz\u0119\u015bci kraju mo\u017cliwe (prawdopodobie\u0144stwo 10-20 %) burze. W niedziele brak burz.\u00a0<\/span><\/p>\n<p><strong>Prognoza pola wiatru<\/strong><\/p>\n<p><img loading=\"lazy\" width=\"595\" height=\"595\" class=\"wp-image-32412 aligncenter\" src=\"http:\/\/cmm.imgw.pl\/wp-content\/uploads\/2023\/06\/word-image-32336-76.jpeg\" srcset=\"https:\/\/cmm.imgw.pl\/wp-content\/uploads\/2023\/06\/word-image-32336-76.jpeg 595w, https:\/\/cmm.imgw.pl\/wp-content\/uploads\/2023\/06\/word-image-32336-76-300x300.jpeg 300w, https:\/\/cmm.imgw.pl\/wp-content\/uploads\/2023\/06\/word-image-32336-76-150x150.jpeg 150w\" sizes=\"(max-width: 595px) 100vw, 595px\" \/> <img loading=\"lazy\" width=\"592\" height=\"592\" class=\"wp-image-32413 aligncenter\" src=\"http:\/\/cmm.imgw.pl\/wp-content\/uploads\/2023\/06\/word-image-32336-77.jpeg\" srcset=\"https:\/\/cmm.imgw.pl\/wp-content\/uploads\/2023\/06\/word-image-32336-77.jpeg 592w, https:\/\/cmm.imgw.pl\/wp-content\/uploads\/2023\/06\/word-image-32336-77-300x300.jpeg 300w, https:\/\/cmm.imgw.pl\/wp-content\/uploads\/2023\/06\/word-image-32336-77-150x150.jpeg 150w\" sizes=\"(max-width: 592px) 100vw, 592px\" \/> <img loading=\"lazy\" width=\"575\" height=\"575\" class=\"wp-image-32414 aligncenter\" src=\"http:\/\/cmm.imgw.pl\/wp-content\/uploads\/2023\/06\/word-image-32336-78.jpeg\" srcset=\"https:\/\/cmm.imgw.pl\/wp-content\/uploads\/2023\/06\/word-image-32336-78.jpeg 575w, https:\/\/cmm.imgw.pl\/wp-content\/uploads\/2023\/06\/word-image-32336-78-300x300.jpeg 300w, https:\/\/cmm.imgw.pl\/wp-content\/uploads\/2023\/06\/word-image-32336-78-150x150.jpeg 150w\" sizes=\"(max-width: 575px) 100vw, 575px\" \/><\/p>\n<p>W sobot\u0119 porywy wiatru do 50 km\/h w po\u0142udniowo wschodniej cz\u0119\u015bci kraju.<\/p>\n<p><img loading=\"lazy\" width=\"625\" height=\"625\" class=\"wp-image-32415 aligncenter\" src=\"http:\/\/cmm.imgw.pl\/wp-content\/uploads\/2023\/06\/word-image-32336-79.jpeg\" srcset=\"https:\/\/cmm.imgw.pl\/wp-content\/uploads\/2023\/06\/word-image-32336-79.jpeg 625w, https:\/\/cmm.imgw.pl\/wp-content\/uploads\/2023\/06\/word-image-32336-79-300x300.jpeg 300w, https:\/\/cmm.imgw.pl\/wp-content\/uploads\/2023\/06\/word-image-32336-79-150x150.jpeg 150w, https:\/\/cmm.imgw.pl\/wp-content\/uploads\/2023\/06\/word-image-32336-79-600x600.jpeg 600w\" sizes=\"(max-width: 625px) 100vw, 625px\" \/> <img loading=\"lazy\" width=\"634\" height=\"634\" class=\"wp-image-32416 aligncenter\" src=\"http:\/\/cmm.imgw.pl\/wp-content\/uploads\/2023\/06\/word-image-32336-80.jpeg\" srcset=\"https:\/\/cmm.imgw.pl\/wp-content\/uploads\/2023\/06\/word-image-32336-80.jpeg 634w, https:\/\/cmm.imgw.pl\/wp-content\/uploads\/2023\/06\/word-image-32336-80-300x300.jpeg 300w, https:\/\/cmm.imgw.pl\/wp-content\/uploads\/2023\/06\/word-image-32336-80-150x150.jpeg 150w, https:\/\/cmm.imgw.pl\/wp-content\/uploads\/2023\/06\/word-image-32336-80-600x600.jpeg 600w\" sizes=\"(max-width: 634px) 100vw, 634px\" \/><\/p>\n<p>W niedziel\u0119 r\u00f3wnie\u017c mo\u017cliwe porywy wiatru do 50 km\/h w p\u00f3\u0142nocno wschodniej Polsce.<\/p>\n<p><strong>Prognoza widzialno\u015bci<\/strong><\/p>\n<p><img loading=\"lazy\" width=\"390\" height=\"390\" class=\"wp-image-32417\" src=\"http:\/\/cmm.imgw.pl\/wp-content\/uploads\/2023\/06\/obraz-zawierajacy-tekst-diagram-mapa-opis-wygen.png\" alt=\"Obraz zawieraj\u0105cy tekst, diagram, mapa\n\nOpis wygenerowany automatycznie\" srcset=\"https:\/\/cmm.imgw.pl\/wp-content\/uploads\/2023\/06\/obraz-zawierajacy-tekst-diagram-mapa-opis-wygen.png 390w, https:\/\/cmm.imgw.pl\/wp-content\/uploads\/2023\/06\/obraz-zawierajacy-tekst-diagram-mapa-opis-wygen-300x300.png 300w, https:\/\/cmm.imgw.pl\/wp-content\/uploads\/2023\/06\/obraz-zawierajacy-tekst-diagram-mapa-opis-wygen-150x150.png 150w\" sizes=\"(max-width: 390px) 100vw, 390px\" \/> <img loading=\"lazy\" width=\"435\" height=\"435\" class=\"wp-image-32418\" src=\"http:\/\/cmm.imgw.pl\/wp-content\/uploads\/2023\/06\/obraz-zawierajacy-tekst-diagram-mapa-opis-wygen-1.png\" alt=\"Obraz zawieraj\u0105cy tekst, diagram, mapa\n\nOpis wygenerowany automatycznie\" srcset=\"https:\/\/cmm.imgw.pl\/wp-content\/uploads\/2023\/06\/obraz-zawierajacy-tekst-diagram-mapa-opis-wygen-1.png 435w, https:\/\/cmm.imgw.pl\/wp-content\/uploads\/2023\/06\/obraz-zawierajacy-tekst-diagram-mapa-opis-wygen-1-300x300.png 300w, https:\/\/cmm.imgw.pl\/wp-content\/uploads\/2023\/06\/obraz-zawierajacy-tekst-diagram-mapa-opis-wygen-1-150x150.png 150w\" sizes=\"(max-width: 435px) 100vw, 435px\" \/> <img loading=\"lazy\" width=\"401\" height=\"401\" class=\"wp-image-32419\" src=\"http:\/\/cmm.imgw.pl\/wp-content\/uploads\/2023\/06\/obraz-zawierajacy-tekst-diagram-mapa-numer-opi-2.png\" alt=\"Obraz zawieraj\u0105cy tekst, diagram, mapa, numer\n\nOpis wygenerowany automatycznie\" srcset=\"https:\/\/cmm.imgw.pl\/wp-content\/uploads\/2023\/06\/obraz-zawierajacy-tekst-diagram-mapa-numer-opi-2.png 401w, https:\/\/cmm.imgw.pl\/wp-content\/uploads\/2023\/06\/obraz-zawierajacy-tekst-diagram-mapa-numer-opi-2-300x300.png 300w, https:\/\/cmm.imgw.pl\/wp-content\/uploads\/2023\/06\/obraz-zawierajacy-tekst-diagram-mapa-numer-opi-2-150x150.png 150w\" sizes=\"(max-width: 401px) 100vw, 401px\" \/> <img loading=\"lazy\" width=\"414\" height=\"414\" class=\"wp-image-32420\" src=\"http:\/\/cmm.imgw.pl\/wp-content\/uploads\/2023\/06\/obraz-zawierajacy-tekst-diagram-mapa-opis-wygen-2.png\" alt=\"Obraz zawieraj\u0105cy tekst, diagram, mapa\n\nOpis wygenerowany automatycznie\" srcset=\"https:\/\/cmm.imgw.pl\/wp-content\/uploads\/2023\/06\/obraz-zawierajacy-tekst-diagram-mapa-opis-wygen-2.png 414w, https:\/\/cmm.imgw.pl\/wp-content\/uploads\/2023\/06\/obraz-zawierajacy-tekst-diagram-mapa-opis-wygen-2-300x300.png 300w, https:\/\/cmm.imgw.pl\/wp-content\/uploads\/2023\/06\/obraz-zawierajacy-tekst-diagram-mapa-opis-wygen-2-150x150.png 150w\" sizes=\"(max-width: 414px) 100vw, 414px\" \/><\/p>\n<p>W dzie\u0144, w strefie opad\u00f3w deszczu, ograniczenie widzialno\u015bci do 3-5 km.<\/p>\n<p><img loading=\"lazy\" width=\"600\" height=\"640\" class=\"wp-image-32421 aligncenter\" src=\"http:\/\/cmm.imgw.pl\/wp-content\/uploads\/2023\/06\/word-image-32336-85.png\" srcset=\"https:\/\/cmm.imgw.pl\/wp-content\/uploads\/2023\/06\/word-image-32336-85.png 600w, https:\/\/cmm.imgw.pl\/wp-content\/uploads\/2023\/06\/word-image-32336-85-281x300.png 281w\" sizes=\"(max-width: 600px) 100vw, 600px\" \/> <img loading=\"lazy\" width=\"600\" height=\"640\" class=\"wp-image-32422 aligncenter\" src=\"http:\/\/cmm.imgw.pl\/wp-content\/uploads\/2023\/06\/word-image-32336-86.png\" srcset=\"https:\/\/cmm.imgw.pl\/wp-content\/uploads\/2023\/06\/word-image-32336-86.png 600w, https:\/\/cmm.imgw.pl\/wp-content\/uploads\/2023\/06\/word-image-32336-86-281x300.png 281w\" sizes=\"(max-width: 600px) 100vw, 600px\" \/><\/p>\n<p><img loading=\"lazy\" width=\"600\" height=\"640\" class=\"wp-image-32423 aligncenter\" src=\"http:\/\/cmm.imgw.pl\/wp-content\/uploads\/2023\/06\/word-image-32336-87.png\" srcset=\"https:\/\/cmm.imgw.pl\/wp-content\/uploads\/2023\/06\/word-image-32336-87.png 600w, https:\/\/cmm.imgw.pl\/wp-content\/uploads\/2023\/06\/word-image-32336-87-281x300.png 281w\" sizes=\"(max-width: 600px) 100vw, 600px\" \/> <img loading=\"lazy\" width=\"600\" height=\"640\" class=\"wp-image-32424 aligncenter\" src=\"http:\/\/cmm.imgw.pl\/wp-content\/uploads\/2023\/06\/word-image-32336-88.png\" srcset=\"https:\/\/cmm.imgw.pl\/wp-content\/uploads\/2023\/06\/word-image-32336-88.png 600w, https:\/\/cmm.imgw.pl\/wp-content\/uploads\/2023\/06\/word-image-32336-88-281x300.png 281w\" sizes=\"(max-width: 600px) 100vw, 600px\" \/> <img loading=\"lazy\" width=\"600\" height=\"640\" class=\"wp-image-32425 aligncenter\" src=\"http:\/\/cmm.imgw.pl\/wp-content\/uploads\/2023\/06\/word-image-32336-89.png\" srcset=\"https:\/\/cmm.imgw.pl\/wp-content\/uploads\/2023\/06\/word-image-32336-89.png 600w, https:\/\/cmm.imgw.pl\/wp-content\/uploads\/2023\/06\/word-image-32336-89-281x300.png 281w\" sizes=\"(max-width: 600px) 100vw, 600px\" \/><\/p>\n<p>W nocy w wielu rejonach pojawi\u0105 si\u0119 zamglenia. Lokalnie niewykluczony mg\u0142y.<\/p>\n<p>\u00a0<\/p>","protected":false},"excerpt":{"rendered":"<p>Komentarz do numerycznych prognoz pogody opracowany w Centrum Modelowania Meteorologicznego IMGW-PIB.<\/p>\n","protected":false},"author":3,"featured_media":0,"comment_status":"closed","ping_status":"open","sticky":false,"template":"","format":"standard","meta":{"ocean_post_layout":"","ocean_both_sidebars_style":"","ocean_both_sidebars_content_width":0,"ocean_both_sidebars_sidebars_width":0,"ocean_sidebar":"0","ocean_second_sidebar":"0","ocean_disable_margins":"enable","ocean_add_body_class":"","ocean_shortcode_before_top_bar":"","ocean_shortcode_after_top_bar":"","ocean_shortcode_before_header":"","ocean_shortcode_after_header":"","ocean_has_shortcode":"","ocean_shortcode_after_title":"","ocean_shortcode_before_footer_widgets":"","ocean_shortcode_after_footer_widgets":"","ocean_shortcode_before_footer_bottom":"","ocean_shortcode_after_footer_bottom":"","ocean_display_top_bar":"default","ocean_display_header":"default","ocean_header_style":"","ocean_center_header_left_menu":"0","ocean_custom_header_template":"0","ocean_custom_logo":0,"ocean_custom_retina_logo":0,"ocean_custom_logo_max_width":0,"ocean_custom_logo_tablet_max_width":0,"ocean_custom_logo_mobile_max_width":0,"ocean_custom_logo_max_height":0,"ocean_custom_logo_tablet_max_height":0,"ocean_custom_logo_mobile_max_height":0,"ocean_header_custom_menu":"0","ocean_menu_typo_font_family":"0","ocean_menu_typo_font_subset":"","ocean_menu_typo_font_size":0,"ocean_menu_typo_font_size_tablet":0,"ocean_menu_typo_font_size_mobile":0,"ocean_menu_typo_font_size_unit":"px","ocean_menu_typo_font_weight":"","ocean_menu_typo_font_weight_tablet":"","ocean_menu_typo_font_weight_mobile":"","ocean_menu_typo_transform":"","ocean_menu_typo_transform_tablet":"","ocean_menu_typo_transform_mobile":"","ocean_menu_typo_line_height":0,"ocean_menu_typo_line_height_tablet":0,"ocean_menu_typo_line_height_mobile":0,"ocean_menu_typo_line_height_unit":"","ocean_menu_typo_spacing":0,"ocean_menu_typo_spacing_tablet":0,"ocean_menu_typo_spacing_mobile":0,"ocean_menu_typo_spacing_unit":"","ocean_menu_link_color":"","ocean_menu_link_color_hover":"","ocean_menu_link_color_active":"","ocean_menu_link_background":"","ocean_menu_link_hover_background":"","ocean_menu_link_active_background":"","ocean_menu_social_links_bg":"","ocean_menu_social_hover_links_bg":"","ocean_menu_social_links_color":"","ocean_menu_social_hover_links_color":"","ocean_disable_title":"default","ocean_disable_heading":"default","ocean_post_title":"","ocean_post_subheading":"","ocean_post_title_style":"","ocean_post_title_background_color":"","ocean_post_title_background":0,"ocean_post_title_bg_image_position":"","ocean_post_title_bg_image_attachment":"","ocean_post_title_bg_image_repeat":"","ocean_post_title_bg_image_size":"","ocean_post_title_height":0,"ocean_post_title_bg_overlay":0.5,"ocean_post_title_bg_overlay_color":"","ocean_disable_breadcrumbs":"default","ocean_breadcrumbs_color":"","ocean_breadcrumbs_separator_color":"","ocean_breadcrumbs_links_color":"","ocean_breadcrumbs_links_hover_color":"","ocean_display_footer_widgets":"default","ocean_display_footer_bottom":"default","ocean_custom_footer_template":"0","ocean_post_oembed":"","ocean_post_self_hosted_media":"","ocean_post_video_embed":"","ocean_link_format":"","ocean_link_format_target":"self","ocean_quote_format":"","ocean_quote_format_link":"post","ocean_gallery_link_images":"on","ocean_gallery_id":[]},"categories":[93],"tags":[138,139,68,95,143,141,85,73,97,98,142,76,94,99,71,67,96,140,79],"yoast_head":"<!-- This site is optimized with the Yoast SEO plugin v19.5.1 - https:\/\/yoast.com\/wordpress\/plugins\/seo\/ -->\n<title>Komentarz do numerycznych prognoz pogody (24\/25.06.2023) - Laboratorium Modelowania Meteorologicznego CMOK IMGW-PIB<\/title>\n<meta name=\"description\" content=\"Komentarz do numerycznych prognoz pogody opracowany w Centrum Modelowania Meteorologicznego IMGW-PIB.\" \/>\n<meta name=\"robots\" content=\"index, follow, max-snippet:-1, max-image-preview:large, max-video-preview:-1\" \/>\n<link rel=\"canonical\" href=\"https:\/\/cmm.imgw.pl\/?p=32336\" \/>\n<meta property=\"og:locale\" content=\"pl_PL\" \/>\n<meta property=\"og:type\" content=\"article\" \/>\n<meta property=\"og:title\" content=\"Komentarz do numerycznych prognoz pogody (24\/25.06.2023)\" \/>\n<meta property=\"og:description\" content=\"Komentarz do numerycznych prognoz pogody opracowany w Centrum Modelowania Meteorologicznego IMGW-PIB\" \/>\n<meta property=\"og:url\" content=\"https:\/\/cmm.imgw.pl\/?p=32336\" \/>\n<meta property=\"og:site_name\" content=\"Laboratorium Modelowania Meteorologicznego CMOK IMGW-PIB\" \/>\n<meta property=\"article:publisher\" content=\"https:\/\/www.facebook.com\/Meteoimgw\/\" \/>\n<meta property=\"article:published_time\" content=\"2023-06-24T07:39:51+00:00\" \/>\n<meta property=\"article:modified_time\" content=\"2023-06-24T08:51:45+00:00\" \/>\n<meta property=\"og:image\" content=\"http:\/\/cmm.imgw.pl\/wp-content\/uploads\/2023\/02\/komentarz4.png\" \/>\n\t<meta property=\"og:image:width\" content=\"1280\" \/>\n\t<meta property=\"og:image:height\" content=\"720\" \/>\n\t<meta property=\"og:image:type\" content=\"image\/png\" \/>\n<meta name=\"author\" content=\"CMM\" \/>\n<meta name=\"twitter:card\" content=\"summary_large_image\" \/>\n<meta name=\"twitter:title\" content=\"Komentarz do numerycznych prognoz pogody (24\/25.06.2023)\" \/>\n<meta name=\"twitter:description\" content=\"Komentarz do numerycznych prognoz pogody opracowany w Centrum Modelowania Meteorologicznego IMGW-PIB\" \/>\n<meta name=\"twitter:image\" content=\"https:\/\/cmm.imgw.pl\/wp-content\/uploads\/2023\/02\/komentarz4.png\" \/>\n<meta name=\"twitter:creator\" content=\"@IMGW_CMM\" \/>\n<meta name=\"twitter:site\" content=\"@IMGW_CMM\" \/>\n<meta name=\"twitter:label1\" content=\"Napisane przez\" \/>\n\t<meta name=\"twitter:data1\" content=\"CMM\" \/>\n\t<meta name=\"twitter:label2\" content=\"Szacowany czas czytania\" \/>\n\t<meta name=\"twitter:data2\" content=\"26 minut\" \/>\n<script type=\"application\/ld+json\" class=\"yoast-schema-graph\">{\"@context\":\"https:\/\/schema.org\",\"@graph\":[{\"@type\":\"Article\",\"@id\":\"https:\/\/cmm.imgw.pl\/?p=32336#article\",\"isPartOf\":{\"@id\":\"https:\/\/cmm.imgw.pl\/?p=32336\"},\"author\":{\"name\":\"CMM\",\"@id\":\"https:\/\/cmm.imgw.pl\/#\/schema\/person\/a24a37fe434fe76b0f5791e6bd3fdb46\"},\"headline\":\"Komentarz do numerycznych prognoz pogody (24\/25.06.2023)\",\"datePublished\":\"2023-06-24T07:39:51+00:00\",\"dateModified\":\"2023-06-24T08:51:45+00:00\",\"mainEntityOfPage\":{\"@id\":\"https:\/\/cmm.imgw.pl\/?p=32336\"},\"wordCount\":1583,\"publisher\":{\"@id\":\"https:\/\/cmm.imgw.pl\/#organization\"},\"keywords\":[\"alaro\",\"arome\",\"cmm\",\"Cosmo\",\"DWD\",\"Grzegorz Duniec\",\"imgw\",\"klimat\",\"komentarz\",\"komentarz pogodowy\",\"MERGE\",\"meteorologia\",\"NMP\",\"NPP\",\"pogoda\",\"prognoza\",\"prognoza pogody\",\"wrf\",\"zima\"],\"articleSection\":[\"Komentarz\"],\"inLanguage\":\"pl-PL\"},{\"@type\":\"WebPage\",\"@id\":\"https:\/\/cmm.imgw.pl\/?p=32336\",\"url\":\"https:\/\/cmm.imgw.pl\/?p=32336\",\"name\":\"Komentarz do numerycznych prognoz pogody (24\/25.06.2023) - Laboratorium Modelowania Meteorologicznego CMOK IMGW-PIB\",\"isPartOf\":{\"@id\":\"https:\/\/cmm.imgw.pl\/#website\"},\"datePublished\":\"2023-06-24T07:39:51+00:00\",\"dateModified\":\"2023-06-24T08:51:45+00:00\",\"description\":\"Komentarz do numerycznych prognoz pogody opracowany w Centrum Modelowania Meteorologicznego IMGW-PIB.\",\"breadcrumb\":{\"@id\":\"https:\/\/cmm.imgw.pl\/?p=32336#breadcrumb\"},\"inLanguage\":\"pl-PL\",\"potentialAction\":[{\"@type\":\"ReadAction\",\"target\":[\"https:\/\/cmm.imgw.pl\/?p=32336\"]}]},{\"@type\":\"BreadcrumbList\",\"@id\":\"https:\/\/cmm.imgw.pl\/?p=32336#breadcrumb\",\"itemListElement\":[{\"@type\":\"ListItem\",\"position\":1,\"name\":\"Home\",\"item\":\"https:\/\/cmm.imgw.pl\/\"},{\"@type\":\"ListItem\",\"position\":2,\"name\":\"Komentarz do numerycznych prognoz pogody (24\/25.06.2023)\"}]},{\"@type\":\"WebSite\",\"@id\":\"https:\/\/cmm.imgw.pl\/#website\",\"url\":\"https:\/\/cmm.imgw.pl\/\",\"name\":\"Laboratorium Modelowania Meteorologicznego CMOK IMGW-PIB\",\"description\":\"CMOK-LMM Laboratorium pe\u0142ni pa\u0144stwow\u0105 s\u0142u\u017cb\u0119 hydrologiczno-meteorologiczn\u0105 w zakresie numerycznych prognoz pogody, kt\u00f3rego zadaniem jest konsolidacja kompetencji w obszarze modelowania zjawisk pogodowych oraz dalszego rozwoju numerycznych modeli pogody (NMP).\",\"publisher\":{\"@id\":\"https:\/\/cmm.imgw.pl\/#organization\"},\"potentialAction\":[{\"@type\":\"SearchAction\",\"target\":{\"@type\":\"EntryPoint\",\"urlTemplate\":\"https:\/\/cmm.imgw.pl\/?s={search_term_string}\"},\"query-input\":\"required name=search_term_string\"}],\"inLanguage\":\"pl-PL\"},{\"@type\":\"Organization\",\"@id\":\"https:\/\/cmm.imgw.pl\/#organization\",\"name\":\"Laboratorium Modelowania Meteorologicznego CMOK IMGW-PIB\",\"url\":\"https:\/\/cmm.imgw.pl\/\",\"sameAs\":[\"https:\/\/www.facebook.com\/Meteoimgw\/\",\"https:\/\/twitter.com\/IMGW_CMM\"],\"logo\":{\"@type\":\"ImageObject\",\"inLanguage\":\"pl-PL\",\"@id\":\"https:\/\/cmm.imgw.pl\/#\/schema\/logo\/image\/\",\"url\":\"https:\/\/cmm.imgw.pl\/wp-content\/uploads\/2025\/10\/MODELE_LOGO_UNIFIKACJA_v2.png\",\"contentUrl\":\"https:\/\/cmm.imgw.pl\/wp-content\/uploads\/2025\/10\/MODELE_LOGO_UNIFIKACJA_v2.png\",\"width\":1356,\"height\":365,\"caption\":\"Laboratorium Modelowania Meteorologicznego CMOK IMGW-PIB\"},\"image\":{\"@id\":\"https:\/\/cmm.imgw.pl\/#\/schema\/logo\/image\/\"}},{\"@type\":\"Person\",\"@id\":\"https:\/\/cmm.imgw.pl\/#\/schema\/person\/a24a37fe434fe76b0f5791e6bd3fdb46\",\"name\":\"CMM\",\"image\":{\"@type\":\"ImageObject\",\"inLanguage\":\"pl-PL\",\"@id\":\"https:\/\/cmm.imgw.pl\/#\/schema\/person\/image\/\",\"url\":\"https:\/\/secure.gravatar.com\/avatar\/9248ea2273711f1cd09d6bd45867dbfb?s=96&d=blank&r=g\",\"contentUrl\":\"https:\/\/secure.gravatar.com\/avatar\/9248ea2273711f1cd09d6bd45867dbfb?s=96&d=blank&r=g\",\"caption\":\"CMM\"},\"sameAs\":[\"http:\/\/cmm.imgw.pl\"],\"url\":\"https:\/\/cmm.imgw.pl\/?author=3\"}]}<\/script>\n<!-- \/ Yoast SEO plugin. -->","yoast_head_json":{"title":"Komentarz do numerycznych prognoz pogody (24\/25.06.2023) - Laboratorium Modelowania Meteorologicznego CMOK IMGW-PIB","description":"Komentarz do numerycznych prognoz pogody opracowany w Centrum Modelowania Meteorologicznego IMGW-PIB.","robots":{"index":"index","follow":"follow","max-snippet":"max-snippet:-1","max-image-preview":"max-image-preview:large","max-video-preview":"max-video-preview:-1"},"canonical":"https:\/\/cmm.imgw.pl\/?p=32336","og_locale":"pl_PL","og_type":"article","og_title":"Komentarz do numerycznych prognoz pogody (24\/25.06.2023)","og_description":"Komentarz do numerycznych prognoz pogody opracowany w Centrum Modelowania Meteorologicznego IMGW-PIB","og_url":"https:\/\/cmm.imgw.pl\/?p=32336","og_site_name":"Laboratorium Modelowania Meteorologicznego CMOK IMGW-PIB","article_publisher":"https:\/\/www.facebook.com\/Meteoimgw\/","article_published_time":"2023-06-24T07:39:51+00:00","article_modified_time":"2023-06-24T08:51:45+00:00","og_image":[{"width":1280,"height":720,"url":"http:\/\/cmm.imgw.pl\/wp-content\/uploads\/2023\/02\/komentarz4.png","type":"image\/png"}],"author":"CMM","twitter_card":"summary_large_image","twitter_title":"Komentarz do numerycznych prognoz pogody (24\/25.06.2023)","twitter_description":"Komentarz do numerycznych prognoz pogody opracowany w Centrum Modelowania Meteorologicznego IMGW-PIB","twitter_image":"https:\/\/cmm.imgw.pl\/wp-content\/uploads\/2023\/02\/komentarz4.png","twitter_creator":"@IMGW_CMM","twitter_site":"@IMGW_CMM","twitter_misc":{"Napisane przez":"CMM","Szacowany czas czytania":"26 minut"},"schema":{"@context":"https:\/\/schema.org","@graph":[{"@type":"Article","@id":"https:\/\/cmm.imgw.pl\/?p=32336#article","isPartOf":{"@id":"https:\/\/cmm.imgw.pl\/?p=32336"},"author":{"name":"CMM","@id":"https:\/\/cmm.imgw.pl\/#\/schema\/person\/a24a37fe434fe76b0f5791e6bd3fdb46"},"headline":"Komentarz do numerycznych prognoz pogody (24\/25.06.2023)","datePublished":"2023-06-24T07:39:51+00:00","dateModified":"2023-06-24T08:51:45+00:00","mainEntityOfPage":{"@id":"https:\/\/cmm.imgw.pl\/?p=32336"},"wordCount":1583,"publisher":{"@id":"https:\/\/cmm.imgw.pl\/#organization"},"keywords":["alaro","arome","cmm","Cosmo","DWD","Grzegorz Duniec","imgw","klimat","komentarz","komentarz pogodowy","MERGE","meteorologia","NMP","NPP","pogoda","prognoza","prognoza pogody","wrf","zima"],"articleSection":["Komentarz"],"inLanguage":"pl-PL"},{"@type":"WebPage","@id":"https:\/\/cmm.imgw.pl\/?p=32336","url":"https:\/\/cmm.imgw.pl\/?p=32336","name":"Komentarz do numerycznych prognoz pogody (24\/25.06.2023) - Laboratorium Modelowania Meteorologicznego CMOK IMGW-PIB","isPartOf":{"@id":"https:\/\/cmm.imgw.pl\/#website"},"datePublished":"2023-06-24T07:39:51+00:00","dateModified":"2023-06-24T08:51:45+00:00","description":"Komentarz do numerycznych prognoz pogody opracowany w Centrum Modelowania Meteorologicznego IMGW-PIB.","breadcrumb":{"@id":"https:\/\/cmm.imgw.pl\/?p=32336#breadcrumb"},"inLanguage":"pl-PL","potentialAction":[{"@type":"ReadAction","target":["https:\/\/cmm.imgw.pl\/?p=32336"]}]},{"@type":"BreadcrumbList","@id":"https:\/\/cmm.imgw.pl\/?p=32336#breadcrumb","itemListElement":[{"@type":"ListItem","position":1,"name":"Home","item":"https:\/\/cmm.imgw.pl\/"},{"@type":"ListItem","position":2,"name":"Komentarz do numerycznych prognoz pogody (24\/25.06.2023)"}]},{"@type":"WebSite","@id":"https:\/\/cmm.imgw.pl\/#website","url":"https:\/\/cmm.imgw.pl\/","name":"Laboratorium Modelowania Meteorologicznego CMOK IMGW-PIB","description":"CMOK-LMM Laboratorium pe\u0142ni pa\u0144stwow\u0105 s\u0142u\u017cb\u0119 hydrologiczno-meteorologiczn\u0105 w zakresie numerycznych prognoz pogody, kt\u00f3rego zadaniem jest konsolidacja kompetencji w obszarze modelowania zjawisk pogodowych oraz dalszego rozwoju numerycznych modeli pogody (NMP).","publisher":{"@id":"https:\/\/cmm.imgw.pl\/#organization"},"potentialAction":[{"@type":"SearchAction","target":{"@type":"EntryPoint","urlTemplate":"https:\/\/cmm.imgw.pl\/?s={search_term_string}"},"query-input":"required name=search_term_string"}],"inLanguage":"pl-PL"},{"@type":"Organization","@id":"https:\/\/cmm.imgw.pl\/#organization","name":"Laboratorium Modelowania Meteorologicznego CMOK IMGW-PIB","url":"https:\/\/cmm.imgw.pl\/","sameAs":["https:\/\/www.facebook.com\/Meteoimgw\/","https:\/\/twitter.com\/IMGW_CMM"],"logo":{"@type":"ImageObject","inLanguage":"pl-PL","@id":"https:\/\/cmm.imgw.pl\/#\/schema\/logo\/image\/","url":"https:\/\/cmm.imgw.pl\/wp-content\/uploads\/2025\/10\/MODELE_LOGO_UNIFIKACJA_v2.png","contentUrl":"https:\/\/cmm.imgw.pl\/wp-content\/uploads\/2025\/10\/MODELE_LOGO_UNIFIKACJA_v2.png","width":1356,"height":365,"caption":"Laboratorium Modelowania Meteorologicznego CMOK IMGW-PIB"},"image":{"@id":"https:\/\/cmm.imgw.pl\/#\/schema\/logo\/image\/"}},{"@type":"Person","@id":"https:\/\/cmm.imgw.pl\/#\/schema\/person\/a24a37fe434fe76b0f5791e6bd3fdb46","name":"CMM","image":{"@type":"ImageObject","inLanguage":"pl-PL","@id":"https:\/\/cmm.imgw.pl\/#\/schema\/person\/image\/","url":"https:\/\/secure.gravatar.com\/avatar\/9248ea2273711f1cd09d6bd45867dbfb?s=96&d=blank&r=g","contentUrl":"https:\/\/secure.gravatar.com\/avatar\/9248ea2273711f1cd09d6bd45867dbfb?s=96&d=blank&r=g","caption":"CMM"},"sameAs":["http:\/\/cmm.imgw.pl"],"url":"https:\/\/cmm.imgw.pl\/?author=3"}]}},"_links":{"self":[{"href":"https:\/\/cmm.imgw.pl\/index.php?rest_route=\/wp\/v2\/posts\/32336"}],"collection":[{"href":"https:\/\/cmm.imgw.pl\/index.php?rest_route=\/wp\/v2\/posts"}],"about":[{"href":"https:\/\/cmm.imgw.pl\/index.php?rest_route=\/wp\/v2\/types\/post"}],"author":[{"embeddable":true,"href":"https:\/\/cmm.imgw.pl\/index.php?rest_route=\/wp\/v2\/users\/3"}],"replies":[{"embeddable":true,"href":"https:\/\/cmm.imgw.pl\/index.php?rest_route=%2Fwp%2Fv2%2Fcomments&post=32336"}],"version-history":[{"count":5,"href":"https:\/\/cmm.imgw.pl\/index.php?rest_route=\/wp\/v2\/posts\/32336\/revisions"}],"predecessor-version":[{"id":32431,"href":"https:\/\/cmm.imgw.pl\/index.php?rest_route=\/wp\/v2\/posts\/32336\/revisions\/32431"}],"wp:attachment":[{"href":"https:\/\/cmm.imgw.pl\/index.php?rest_route=%2Fwp%2Fv2%2Fmedia&parent=32336"}],"wp:term":[{"taxonomy":"category","embeddable":true,"href":"https:\/\/cmm.imgw.pl\/index.php?rest_route=%2Fwp%2Fv2%2Fcategories&post=32336"},{"taxonomy":"post_tag","embeddable":true,"href":"https:\/\/cmm.imgw.pl\/index.php?rest_route=%2Fwp%2Fv2%2Ftags&post=32336"}],"curies":[{"name":"wp","href":"https:\/\/api.w.org\/{rel}","templated":true}]}}