{"id":32210,"date":"2023-06-22T17:00:29","date_gmt":"2023-06-22T15:00:29","guid":{"rendered":"https:\/\/cmm.imgw.pl\/?p=32210"},"modified":"2023-06-22T17:01:17","modified_gmt":"2023-06-22T15:01:17","slug":"komentarz-do-numerycznych-prognoz-pogody-22-23-06-2023","status":"publish","type":"post","link":"https:\/\/cmm.imgw.pl\/?p=32210","title":{"rendered":"Komentarz do numerycznych prognoz pogody (22\/23.06.2023)"},"content":{"rendered":"\n<figure class=\"wp-block-image size-large\"><img loading=\"lazy\" width=\"1024\" height=\"576\" src=\"https:\/\/cmm.imgw.pl\/wp-content\/uploads\/2023\/03\/komentarz4-1-1024x576.png\" alt=\"\" class=\"wp-image-23617\" srcset=\"https:\/\/cmm.imgw.pl\/wp-content\/uploads\/2023\/03\/komentarz4-1-1024x576.png 1024w, https:\/\/cmm.imgw.pl\/wp-content\/uploads\/2023\/03\/komentarz4-1-300x169.png 300w, https:\/\/cmm.imgw.pl\/wp-content\/uploads\/2023\/03\/komentarz4-1-768x432.png 768w, https:\/\/cmm.imgw.pl\/wp-content\/uploads\/2023\/03\/komentarz4-1-800x450.png 800w, https:\/\/cmm.imgw.pl\/wp-content\/uploads\/2023\/03\/komentarz4-1.png 1280w\" sizes=\"(max-width: 1024px) 100vw, 1024px\" \/><\/figure>\n\n\n\n<p><em>Tre\u015b\u0107 komentarza do numerycznych prognoz meteorologicznych stanowi niezale\u017cne od biura prognoz meteorologicznych opracowanie wykonane w Centrum Modelowania Meteorologicznego i nie stanowi oficjalnej prognozy synoptycznej IMGW-PIB.<\/em><\/p>\n\n\n\n<p><strong>Opracowanie:<\/strong><\/p>\n\n\n\n<p><strong>dr&nbsp;Grzegorz&nbsp;Duniec, <a href=\"https:\/\/cmm.imgw.pl\/\" target=\"_blank\" rel=\"noreferrer noopener\"><mark style=\"background-color:rgba(0, 0, 0, 0)\" class=\"has-inline-color has-vivid-cyan-blue-color\">Centrum Modelowania Meteorologicznego IMGW-PIB<\/mark><\/a><\/strong><\/p>\n\n\n<p><strong>Sytuacja synoptyczna w Europie z godziny 00 UTC, 22 VI 2023 roku<\/strong><\/p>\n<p><img loading=\"lazy\" width=\"1385\" height=\"983\" class=\"wp-image-32211 aligncenter\" src=\"http:\/\/cmm.imgw.pl\/wp-content\/uploads\/2023\/06\/obraz-zawierajacy-mapa-tekst-atlas-opis-wygener.png\" alt=\"Obraz zawieraj\u0105cy mapa, tekst, atlas\n\nOpis wygenerowany automatycznie\" srcset=\"https:\/\/cmm.imgw.pl\/wp-content\/uploads\/2023\/06\/obraz-zawierajacy-mapa-tekst-atlas-opis-wygener.png 1385w, https:\/\/cmm.imgw.pl\/wp-content\/uploads\/2023\/06\/obraz-zawierajacy-mapa-tekst-atlas-opis-wygener-300x213.png 300w, https:\/\/cmm.imgw.pl\/wp-content\/uploads\/2023\/06\/obraz-zawierajacy-mapa-tekst-atlas-opis-wygener-1024x727.png 1024w, https:\/\/cmm.imgw.pl\/wp-content\/uploads\/2023\/06\/obraz-zawierajacy-mapa-tekst-atlas-opis-wygener-768x545.png 768w\" sizes=\"(max-width: 1385px) 100vw, 1385px\" \/><\/p>\n<p>Wczoraj przez Polsk\u0119 przemieszcza\u0142 si\u0119 uk\u0142ad front\u00f3w atmosferycznych. O p\u00f3\u0142nocy front ciep\u0142y zalega\u0142 na wschodzie kraju. Front ch\u0142odny rozci\u0105ga\u0142 si\u0119 od obszar\u00f3w p\u00f3\u0142nocnych a\u017c po dzielnice po\u0142udniowe. Punkt zwarcia front\u00f3w zalega\u0142 w obwodzie kr\u00f3lewieckim. Nad Ba\u0142tykiem i po\u0142udniow\u0105 Skandynawi\u0105 zalega\u0142 front okluzji. Uk\u0142ad powy\u017cszych front\u00f3w zwi\u0105zany jest z p\u0142ytkim ni\u017cem z centrum 1005 hPa nad Morzem Norweskim. Nad Europ\u0105 zachodni\u0105 a\u017c po Morze \u015ar\u00f3dziemne zalega\u0142 pofalowany front atmosferycznych, z wyodr\u0119bnionych ch\u0142odnym i ciep\u0142ym odcinkiem, kt\u00f3ry jest przed\u0142u\u017ceniem frontu ch\u0142odnego zalegaj\u0105cego nad Polsk\u0105. Nad Alpami, P\u0142w. Apeni\u0144skim, Europ\u0105 wschodni\u0105, Morzem Barentsa oraz nad Rumuni\u0105 zalegaj\u0105 s\u0142abe o\u015brodki antycyklonalne. Nad Skandynawi\u0105 znajduje si\u0119 front ciep\u0142y. Nad Morzem Grenlandzkim wyst\u0119puje p\u0142ytki wir cyklonicznym z frontem ch\u0142odnym nad Morzem Norweskim. Nad Islandi\u0105 r\u00f3wnie\u017c ukszta\u0142towa\u0142 si\u0119 s\u0142aby wy\u017c, z o\u015brodkiem 1010 hPa. Nad Atlantykiem zalega\u0142 p\u0142ytki wir cykloniczny znajduj\u0105cy si\u0119 w fazie okluzji. Na zach\u00f3d od P\u0142w. Iberyjskiego zalega klin wysokiego ci\u015bnienia.<\/p>\n<p><strong>Analiza g\u00f3rnego pola ci\u015bnienia z dnia 22 VI 2023 roku, godzina 00\/06 UTC<\/strong><\/p>\n<p><img loading=\"lazy\" width=\"1220\" height=\"1542\" class=\"wp-image-32212 aligncenter\" src=\"http:\/\/cmm.imgw.pl\/wp-content\/uploads\/2023\/06\/obraz-zawierajacy-tekst-mapa-diagram-opis-wygen.gif\" alt=\"Obraz zawieraj\u0105cy tekst, mapa, diagram\n\nOpis wygenerowany automatycznie\" \/> <img loading=\"lazy\" width=\"1220\" height=\"1542\" class=\"wp-image-32213 aligncenter\" src=\"http:\/\/cmm.imgw.pl\/wp-content\/uploads\/2023\/06\/obraz-zawierajacy-tekst-mapa-diagram-opis-wygen-1.gif\" alt=\"Obraz zawieraj\u0105cy tekst, mapa, diagram\n\nOpis wygenerowany automatycznie\" \/> <img loading=\"lazy\" width=\"1221\" height=\"1545\" class=\"wp-image-32214 aligncenter\" src=\"http:\/\/cmm.imgw.pl\/wp-content\/uploads\/2023\/06\/obraz-zawierajacy-tekst-mapa-szkic-diagram-opi.gif\" alt=\"Obraz zawieraj\u0105cy tekst, mapa, szkic, diagram\n\nOpis wygenerowany automatycznie\" \/><\/p>\n<p>\u00a0<\/p>\n<p>P\u0142ytki ni\u017c zalegaj\u0105cy nad Morzem Norweskim jest niskim uk\u0142adem barycznym. Jedynie na wysoko\u015bci 850 hPa wyst\u0119puje zamkni\u0119ta cyrkulacja cykloniczna. Wy\u017cej izohipsy gi\u0119te na kszta\u0142t zatoki. Wyst\u0119puj\u0105cy s\u0142aby wy\u017c nad Morzem Barentsa r\u00f3wnie\u017c jest niskim uk\u0142adem barycznym z zamkni\u0119ta cyrkulacj\u0105 antycyklonaln\u0105. Wy\u017cej izohipsy gi\u0119te na kszta\u0142t klina. O\u015brodek wy\u017cowy wyst\u0119puj\u0105cy nad W\u0142ochami jest niskim uk\u0142adem barycznym. O\u015b uk\u0142adu pochylona na zach\u00f3d, w kierunku cieplejszej masy powietrza. Wy\u017cej izohipsy gi\u0119te na kszta\u0142t klina. Nad Europ\u0105 centraln\u0105 oraz zachodni\u0105 izohipsy gi\u0119te na kszta\u0142t klina. Nad Francj\u0105 r\u00f3wnie\u017c zalega niski uk\u0142ad baryczny niskiego ci\u015bnienia.<\/p>\n<p><strong>Analiza g\u00f3rnego pola wiatru, 22 VI 2023 roku, godzina 06 UTC<\/strong><\/p>\n<p><img loading=\"lazy\" width=\"2156\" height=\"1728\" class=\"wp-image-32215 aligncenter\" src=\"http:\/\/cmm.imgw.pl\/wp-content\/uploads\/2023\/06\/obraz-zawierajacy-tekst-szkic-diagram-rysowanie.png\" alt=\"Obraz zawieraj\u0105cy tekst, szkic, diagram, rysowanie\n\nOpis wygenerowany automatycznie\" srcset=\"https:\/\/cmm.imgw.pl\/wp-content\/uploads\/2023\/06\/obraz-zawierajacy-tekst-szkic-diagram-rysowanie.png 2156w, https:\/\/cmm.imgw.pl\/wp-content\/uploads\/2023\/06\/obraz-zawierajacy-tekst-szkic-diagram-rysowanie-300x240.png 300w, https:\/\/cmm.imgw.pl\/wp-content\/uploads\/2023\/06\/obraz-zawierajacy-tekst-szkic-diagram-rysowanie-1024x821.png 1024w, https:\/\/cmm.imgw.pl\/wp-content\/uploads\/2023\/06\/obraz-zawierajacy-tekst-szkic-diagram-rysowanie-768x616.png 768w, https:\/\/cmm.imgw.pl\/wp-content\/uploads\/2023\/06\/obraz-zawierajacy-tekst-szkic-diagram-rysowanie-1536x1231.png 1536w, https:\/\/cmm.imgw.pl\/wp-content\/uploads\/2023\/06\/obraz-zawierajacy-tekst-szkic-diagram-rysowanie-2048x1641.png 2048w\" sizes=\"(max-width: 2156px) 100vw, 2156px\" \/><\/p>\n<p>Od Kana\u0142u La Manche a\u017c po p\u00f3\u0142nocno zachodni\u0105 Polsk\u0119 zalega Jet Stream na wysoko\u015bci FL350, z maksymaln\u0105 pr\u0119dko\u015bci\u0105 w osi pr\u0105du 50m\/s. W obszarze przerywanej linii wyst\u0119puje turbulencja czystego (CAT) nieba w przedziale wysoko\u015bci FL270\/410. Nad Europ\u0105 p\u00f3\u0142nocno wschodni\u0105 wyst\u0119puje pr\u0105d strumieniowy na wysoko\u015bci FL290, z maksymaln\u0105 pr\u0119dko\u015bci\u0105 w osi pr\u0105du 45m\/s. W obszarze przerywanej linii wyst\u0119puje turbulencja czystego nieba w przedziale wysoko\u015bci FL230\/350. Nad Atlantykiem utworzy\u0142 si\u0119 kolejny pr\u0105d strumieniowy na wysoko\u015bci FL360, z maksymaln\u0105 pr\u0119dko\u015bci\u0105 w osi pr\u0105du 50m\/s. W obszarze przerywanej linii wyst\u0119puje turbulencja czystego nieba w przedziale wysoko\u015bci FL270\/410.<\/p>\n<p><img loading=\"lazy\" width=\"600\" height=\"640\" class=\"wp-image-32216 aligncenter\" src=\"http:\/\/cmm.imgw.pl\/wp-content\/uploads\/2023\/06\/word-image-32210-10.png\" srcset=\"https:\/\/cmm.imgw.pl\/wp-content\/uploads\/2023\/06\/word-image-32210-10.png 600w, https:\/\/cmm.imgw.pl\/wp-content\/uploads\/2023\/06\/word-image-32210-10-281x300.png 281w\" sizes=\"(max-width: 600px) 100vw, 600px\" \/><\/p>\n<p>Z symulacji numerycznych na godzin\u0119 6 UTC wida\u0107 wzrost pr\u0119dko\u015bci wiatru na wysoko\u015bci 9 km w rejonie p\u00f3\u0142nocno zachodniej cz\u0119\u015bci kraju.<\/p>\n<p><strong>Tropopauza<\/strong><\/p>\n<p>Nad Polsk\u0105 zalega tropopauza na wysoko\u015bci FL350. Nad Wielk\u0105 Brytani\u0105 znajduje si\u0119 ni\u017c tropopauzy (tropopauza wykazuje w tym rejonie obni\u017cenie i znajduje si\u0119 na wysoko\u015bci FL330).<\/p>\n<p><strong>Analiza termiczna troposfery<\/strong><\/p>\n<p><img loading=\"lazy\" width=\"634\" height=\"490\" class=\"wp-image-32217 aligncenter\" src=\"http:\/\/cmm.imgw.pl\/wp-content\/uploads\/2023\/06\/thck-500-1000hpa-gfs-czw-22-06-2023-06-utc.gif\" alt=\"Thck 500-1000hPa GFS czw. 22.06.2023 06 UTC\" \/> <img loading=\"lazy\" width=\"634\" height=\"490\" class=\"wp-image-32218 aligncenter\" src=\"http:\/\/cmm.imgw.pl\/wp-content\/uploads\/2023\/06\/theta-w-850hpa-gfs-czw-22-06-2023-06-utc.gif\" alt=\"Theta-W 850hPa GFS czw. 22.06.2023 06 UTC\" \/><\/p>\n<p>Nad Europ\u0105 p\u00f3\u0142nocno wschodni\u0105 zalega zatoka ch\u0142odu (powietrze arktyczne). W po\u0142udniowo wschodniej cz\u0119\u015bci kraju wyst\u0119puje powietrze polarno-kontynentalne. Nad Wielk\u0105 Brytani\u0105 oraz Morzem P\u00f3\u0142nocnym zalega powietrze polarno-morskie. Nad Morzem \u015ar\u00f3dziemnomorski, W\u0142ochami, a\u017c po Polsk\u0119 wyst\u0119puje klin ciep\u0142a (powietrze zwrotnikowe) ograniczony wycinkiem ciep\u0142ym ni\u017cu. P\u0142w. Iberyjski, Francja, p\u00f3\u0142nocne Niemcy w zasi\u0119gu powietrza polarno-morskiego.<\/p>\n<p><img loading=\"lazy\" width=\"600\" height=\"640\" class=\"wp-image-32219 aligncenter\" src=\"http:\/\/cmm.imgw.pl\/wp-content\/uploads\/2023\/06\/word-image-32210-13.png\" srcset=\"https:\/\/cmm.imgw.pl\/wp-content\/uploads\/2023\/06\/word-image-32210-13.png 600w, https:\/\/cmm.imgw.pl\/wp-content\/uploads\/2023\/06\/word-image-32210-13-281x300.png 281w\" sizes=\"(max-width: 600px) 100vw, 600px\" \/><\/p>\n<p>Nad Polsk\u0105 zalega klin ciep\u0142a. Na po\u0142udniu i wschodzie kraju \u015brednia temperatura powietrza wy\u017csza. W kierunku p\u00f3\u0142nocnym \u015brednia temperatura powietrza obni\u017ca si\u0119.<\/p>\n<p><img loading=\"lazy\" width=\"800\" height=\"640\" class=\"wp-image-32220 aligncenter\" src=\"http:\/\/cmm.imgw.pl\/wp-content\/uploads\/2023\/06\/obraz-zawierajacy-tekst-diagram-linia-origami.gif\" alt=\"Obraz zawieraj\u0105cy tekst, diagram, linia, origami\n\nOpis wygenerowany automatycznie\" \/> <img loading=\"lazy\" width=\"800\" height=\"640\" class=\"wp-image-32221 aligncenter\" src=\"http:\/\/cmm.imgw.pl\/wp-content\/uploads\/2023\/06\/obraz-zawierajacy-tekst-diagram-linia-wykres-o-3.gif\" alt=\"Obraz zawieraj\u0105cy tekst, diagram, linia, Wykres\n\nOpis wygenerowany automatycznie\" \/> <img loading=\"lazy\" width=\"800\" height=\"640\" class=\"wp-image-32222 aligncenter\" src=\"http:\/\/cmm.imgw.pl\/wp-content\/uploads\/2023\/06\/obraz-zawierajacy-tekst-diagram-linia-wykres-o-4.gif\" alt=\"Obraz zawieraj\u0105cy tekst, diagram, linia, Wykres\n\nOpis wygenerowany automatycznie\" \/><\/p>\n<p>Na po\u0142udniu oraz na wschodzie kraju zalegaj\u0105ca masa powietrza jest wilgotnym powietrzem. Zapas wody w ca\u0142ym s\u0142oju atmosfery wysoki PWAT 38,55 mm w Legionowie oraz 43,39 mm we Wroc\u0142awiu. Na p\u00f3\u0142nocy kraju zawarto\u015b\u0107 pary wodnej by\u0142a ni\u017csza ale i tak du\u017ca. W \u0141ebie zapas wody PWAT wynosi\u0142 32,37 mm.<\/p>\n<p><strong>Rozw\u00f3j sytuacji barycznej nad Europ\u0105 <\/strong><\/p>\n<p><img loading=\"lazy\" width=\"664\" height=\"471\" class=\"wp-image-32223 aligncenter\" src=\"http:\/\/cmm.imgw.pl\/wp-content\/uploads\/2023\/06\/obraz-zawierajacy-mapa-tekst-atlas-opis-wygener-1.png\" alt=\"Obraz zawieraj\u0105cy mapa, tekst, atlas\n\nOpis wygenerowany automatycznie\" srcset=\"https:\/\/cmm.imgw.pl\/wp-content\/uploads\/2023\/06\/obraz-zawierajacy-mapa-tekst-atlas-opis-wygener-1.png 664w, https:\/\/cmm.imgw.pl\/wp-content\/uploads\/2023\/06\/obraz-zawierajacy-mapa-tekst-atlas-opis-wygener-1-300x213.png 300w\" sizes=\"(max-width: 664px) 100vw, 664px\" \/> <img loading=\"lazy\" width=\"1075\" height=\"764\" class=\"wp-image-32224 aligncenter\" src=\"http:\/\/cmm.imgw.pl\/wp-content\/uploads\/2023\/06\/obraz-zawierajacy-mapa-tekst-diagram-atlas-opi.gif\" alt=\"Obraz zawieraj\u0105cy mapa, tekst, diagram, atlas\n\nOpis wygenerowany automatycznie\" \/> <img loading=\"lazy\" width=\"1071\" height=\"759\" class=\"wp-image-32225\" src=\"http:\/\/cmm.imgw.pl\/wp-content\/uploads\/2023\/06\/obraz-zawierajacy-tekst-mapa-diagram-atlas-opi.gif\" alt=\"Obraz zawieraj\u0105cy tekst, mapa, diagram, atlas\n\nOpis wygenerowany automatycznie\" \/><\/p>\n<p>W ci\u0105gu dnia od zachodu Polska dostanie si\u0119 pod wp\u0142yw uk\u0142adu wysokiego ci\u015bnienia. Na wschodzie kraju pogod\u0119 kszta\u0142towa\u0107 b\u0119dzie front atmosferyczny. Od zachodu zacznie nasuwa\u0107 si\u0119 zatoka niskiego ci\u015bnienia, kt\u00f3rej znajdowa\u0107 si\u0119 b\u0119dzie front atmosferyczny. Pofalowany front atmosferyczny zalegaj\u0105cy nad Europ\u0105 zachodni\u0105 ulegnie deformacji. W przedniej cz\u0119\u015bci zaburzenia zaznaczony b\u0119dzie front ciep\u0142y, a w tylnej cz\u0119\u015bci front ch\u0142odny. Na wierzcho\u0142ku klina ciep\u0142a utworzy si\u0119 zamkni\u0119ta cyrkulacja cykloniczna, do\u015b\u0107 p\u0142ytka. Uk\u0142ad b\u0119dzie przemieszcza\u0142a si\u0119 na p\u00f3\u0142nocny wsch\u00f3d\/wsch\u00f3d p\u00f3\u0142nocny wsch\u00f3d oraz szybko przejdzie w stadium okludowania. Ju\u017c jutro nad zachodni\u0105 Polsk\u0105 powinien zalega\u0107 o\u015brodek ni\u017cowy. Mo\u017cliwe, \u017ce przed frontem ch\u0142odnym, powstanie linia konwergencji. Ni\u017c, kt\u00f3ry przemieszcza\u0142 si\u0119 nad Polsk\u0105 ju\u017c jutro znajdzie si\u0119 nad wschodni\u0105 Europ\u0105. Ni\u017c znad Atlantyku dotrze do Wielkiej Brytanii oraz Islandii. Wy\u017c znad Atlantyku nasunie si\u0119 nad Europ\u0119 zachodni\u0105, kt\u00f3ry klinem si\u0119gnie nad Morze P\u00f3\u0142nocne. Nad Morzem Barentsa nadal zalega\u0107 b\u0119dzie s\u0142aby uk\u0142ad wysokiego ci\u015bnienia, kt\u00f3ry os\u0142abnie.<\/p>\n<p><strong>Rozw\u00f3j g\u00f3rnego pola ci\u015bnienia<\/strong><\/p>\n<p><img loading=\"lazy\" width=\"695\" height=\"489\" class=\"wp-image-32226 aligncenter\" src=\"http:\/\/cmm.imgw.pl\/wp-content\/uploads\/2023\/06\/obraz-zawierajacy-tekst-projekt-graficzny-grafik.png\" alt=\"Obraz zawieraj\u0105cy tekst, projekt graficzny, Grafika, mapa\n\nOpis wygenerowany automatycznie\" srcset=\"https:\/\/cmm.imgw.pl\/wp-content\/uploads\/2023\/06\/obraz-zawierajacy-tekst-projekt-graficzny-grafik.png 695w, https:\/\/cmm.imgw.pl\/wp-content\/uploads\/2023\/06\/obraz-zawierajacy-tekst-projekt-graficzny-grafik-300x211.png 300w\" sizes=\"(max-width: 695px) 100vw, 695px\" \/> <img loading=\"lazy\" width=\"698\" height=\"490\" class=\"wp-image-32227 aligncenter\" src=\"http:\/\/cmm.imgw.pl\/wp-content\/uploads\/2023\/06\/obraz-zawierajacy-tekst-projekt-graficzny-grafik-1.png\" alt=\"Obraz zawieraj\u0105cy tekst, projekt graficzny, Grafika, mapa\n\nOpis wygenerowany automatycznie\" srcset=\"https:\/\/cmm.imgw.pl\/wp-content\/uploads\/2023\/06\/obraz-zawierajacy-tekst-projekt-graficzny-grafik-1.png 698w, https:\/\/cmm.imgw.pl\/wp-content\/uploads\/2023\/06\/obraz-zawierajacy-tekst-projekt-graficzny-grafik-1-300x211.png 300w\" sizes=\"(max-width: 698px) 100vw, 698px\" \/><\/p>\n<p><img loading=\"lazy\" width=\"697\" height=\"486\" class=\"wp-image-32228 aligncenter\" src=\"http:\/\/cmm.imgw.pl\/wp-content\/uploads\/2023\/06\/obraz-zawierajacy-mapa-tekst-atlas-opis-wygener-2.png\" alt=\"Obraz zawieraj\u0105cy mapa, tekst, atlas\n\nOpis wygenerowany automatycznie\" srcset=\"https:\/\/cmm.imgw.pl\/wp-content\/uploads\/2023\/06\/obraz-zawierajacy-mapa-tekst-atlas-opis-wygener-2.png 697w, https:\/\/cmm.imgw.pl\/wp-content\/uploads\/2023\/06\/obraz-zawierajacy-mapa-tekst-atlas-opis-wygener-2-300x209.png 300w\" sizes=\"(max-width: 697px) 100vw, 697px\" \/> <img loading=\"lazy\" width=\"696\" height=\"487\" class=\"wp-image-32229 aligncenter\" src=\"http:\/\/cmm.imgw.pl\/wp-content\/uploads\/2023\/06\/obraz-zawierajacy-mapa-tekst-zrzut-ekranu-atlas.png\" alt=\"Obraz zawieraj\u0105cy mapa, tekst, zrzut ekranu, atlas\n\nOpis wygenerowany automatycznie\" srcset=\"https:\/\/cmm.imgw.pl\/wp-content\/uploads\/2023\/06\/obraz-zawierajacy-mapa-tekst-zrzut-ekranu-atlas.png 696w, https:\/\/cmm.imgw.pl\/wp-content\/uploads\/2023\/06\/obraz-zawierajacy-mapa-tekst-zrzut-ekranu-atlas-300x210.png 300w\" sizes=\"(max-width: 696px) 100vw, 696px\" \/> <img loading=\"lazy\" width=\"696\" height=\"484\" class=\"wp-image-32230 aligncenter\" src=\"http:\/\/cmm.imgw.pl\/wp-content\/uploads\/2023\/06\/obraz-zawierajacy-wielobarwnosc-sztuka-sztuka-ps.png\" alt=\"Obraz zawieraj\u0105cy Wielobarwno\u015b\u0107, sztuka, Sztuka psychodeliczna\n\nOpis wygenerowany automatycznie\" srcset=\"https:\/\/cmm.imgw.pl\/wp-content\/uploads\/2023\/06\/obraz-zawierajacy-wielobarwnosc-sztuka-sztuka-ps.png 696w, https:\/\/cmm.imgw.pl\/wp-content\/uploads\/2023\/06\/obraz-zawierajacy-wielobarwnosc-sztuka-sztuka-ps-300x209.png 300w\" sizes=\"(max-width: 696px) 100vw, 696px\" \/> <img loading=\"lazy\" width=\"694\" height=\"488\" class=\"wp-image-32231 aligncenter\" src=\"http:\/\/cmm.imgw.pl\/wp-content\/uploads\/2023\/06\/obraz-zawierajacy-wielobarwnosc-sztuka-psychodeli.png\" alt=\"Obraz zawieraj\u0105cy Wielobarwno\u015b\u0107, Sztuka psychodeliczna, sztuka, Sztuka fraktalna\n\nOpis wygenerowany automatycznie\" srcset=\"https:\/\/cmm.imgw.pl\/wp-content\/uploads\/2023\/06\/obraz-zawierajacy-wielobarwnosc-sztuka-psychodeli.png 694w, https:\/\/cmm.imgw.pl\/wp-content\/uploads\/2023\/06\/obraz-zawierajacy-wielobarwnosc-sztuka-psychodeli-300x211.png 300w\" sizes=\"(max-width: 694px) 100vw, 694px\" \/><\/p>\n<p>Wy\u017c znad Morza Barentsa rozbuduje si\u0119 ku g\u00f3rze i stanie si\u0119 wysokim uk\u0142adem barycznym. P\u0142ytki ni\u017c zalegaj\u0105cy nad Morzem Norweskim b\u0119dzie nadal niskim uk\u0142adem barycznym. Proces wype\u0142niania dotrze do wy\u017cszych poziom\u00f3w izobarycznych. Wir cykloniczny nad Atlantykiem b\u0119dzie si\u0119 pog\u0142ebia\u0142 na wy\u017cszych poziomach izobarycznych. Nad Europ\u0105 zachodni\u0105, na wysoko\u015bci 500 hPa oraz 300 hPa, b\u0119dzie dobrze zaznaczona zatoka. P\u0142ytki ni\u017c, kt\u00f3ry ju\u017c jutro dotrze do zachodniej Polski, b\u0119dzie niskim uk\u0142adem barycznym. Nad Ba\u0142kanami zaznaczony b\u0119dzie klin. Wy\u017c, kt\u00f3ry jutro obejmie Europ\u0119 zachodni\u0105, b\u0119dzie niskim uk\u0142adem barycznym z zaznaczon\u0105 zamkni\u0119t\u0105 cyrkulacj\u0119 antycyklonaln\u0105. O\u015b uk\u0142adu pochylona w kierunku po\u0142udniowo zachodnim, w kierunku cieplejszej masy powietrza. Nad Morzem Norweskim b\u0119dzie zaznaczony klin.<\/p>\n<p><strong>Rozw\u00f3j g\u00f3rnego pola wiatru<\/strong><\/p>\n<p><img loading=\"lazy\" width=\"2156\" height=\"1728\" class=\"wp-image-32232 aligncenter\" src=\"http:\/\/cmm.imgw.pl\/wp-content\/uploads\/2023\/06\/obraz-zawierajacy-tekst-mapa-diagram-opis-wygen-2.png\" alt=\"Obraz zawieraj\u0105cy tekst, mapa, diagram\n\nOpis wygenerowany automatycznie\" srcset=\"https:\/\/cmm.imgw.pl\/wp-content\/uploads\/2023\/06\/obraz-zawierajacy-tekst-mapa-diagram-opis-wygen-2.png 2156w, https:\/\/cmm.imgw.pl\/wp-content\/uploads\/2023\/06\/obraz-zawierajacy-tekst-mapa-diagram-opis-wygen-2-300x240.png 300w, https:\/\/cmm.imgw.pl\/wp-content\/uploads\/2023\/06\/obraz-zawierajacy-tekst-mapa-diagram-opis-wygen-2-1024x821.png 1024w, https:\/\/cmm.imgw.pl\/wp-content\/uploads\/2023\/06\/obraz-zawierajacy-tekst-mapa-diagram-opis-wygen-2-768x616.png 768w, https:\/\/cmm.imgw.pl\/wp-content\/uploads\/2023\/06\/obraz-zawierajacy-tekst-mapa-diagram-opis-wygen-2-1536x1231.png 1536w, https:\/\/cmm.imgw.pl\/wp-content\/uploads\/2023\/06\/obraz-zawierajacy-tekst-mapa-diagram-opis-wygen-2-2048x1641.png 2048w\" sizes=\"(max-width: 2156px) 100vw, 2156px\" \/><\/p>\n<p>W nocy, 22\/23 VI, nad Morzem P\u00f3\u0142nocnym, Skandynawi\u0105, Ba\u0142tykiem a\u017c po Europ\u0119 p\u00f3\u0142nocno wschodni\u0105 znajdowa\u0107 si\u0119 b\u0119dzie Jet Stream na wysoko\u015bci FL340, z maksymaln\u0105 pr\u0119dko\u015bci\u0105 w osi pr\u0105du 45-55 m\/s. W obszarze przerywanej linii [2] wyst\u0119powa\u0107 b\u0119dzie turbulencja czystego nieba w przedziale wysoko\u015bci FL250\/380. W obszarze przerywanej linii [3,4] wyst\u0119powa\u0107 b\u0119dzie turbulencja czystego nieba w przedziale wysoko\u015bci FL260\/360. Nad Atlantykiem, Wyspami Brytyjskimi oraz p\u00f3\u0142nocn\u0105 Francj\u0105 wyst\u0119powa\u0107 b\u0119dzie pr\u0105d strumieniowy na wysoko\u015bci FL360, z maksymaln\u0105 pr\u0119dko\u015bci\u0105 w osi pr\u0105du 45-65m\/s. W obszarze przerywanej linii [6] wyst\u0119powa\u0107 b\u0119dzie turbulencja czystego nieba w przedziale wysoko\u015bci FL260\/420. W obszarze przerywanej linii [7] wyst\u0119powa\u0107 b\u0119dzie turbulencja czystego nieba w przedziale wysoko\u015bci FL260\/360. Nad zachodni\u0105 Rosj\u0105 wyst\u0119powa\u0107 b\u0119dzie pr\u0105d strumieniowy na wysoko\u015bci FL320, z maksymaln\u0105 pr\u0119dko\u015bci\u0105 w osi pr\u0105du 42,5m\/s.<\/p>\n<p><img loading=\"lazy\" width=\"634\" height=\"490\" class=\"wp-image-32233 aligncenter\" src=\"http:\/\/cmm.imgw.pl\/wp-content\/uploads\/2023\/06\/prad-strumieniowy-gfs-czw-22-06-2023-12-utc.gif\" alt=\"Pr\u0105d strumieniowy GFS czw. 22.06.2023 12 UTC\" \/> <img loading=\"lazy\" width=\"634\" height=\"490\" class=\"wp-image-32234 aligncenter\" src=\"http:\/\/cmm.imgw.pl\/wp-content\/uploads\/2023\/06\/prad-strumieniowy-gfs-pt-23-06-2023-06-utc.gif\" alt=\"Pr\u0105d strumieniowy GFS pt. 23.06.2023 06 UTC\" \/><\/p>\n<p>Strefa du\u017cych pr\u0119dko\u015bci wiatru znad Atlantyki przemie\u015bci si\u0119 na wsch\u00f3d i jutro dotrze do Wielkiej Brytanii. Strefa zwi\u0119kszonej pr\u0119dko\u015bci znad Morza P\u00f3\u0142nocnego, Skandynawii i Ba\u0142tyku przemie\u015bci si\u0119 na wsch\u00f3d i jutro zalega\u0107 b\u0119dzie nad Ba\u0142tykiem, \u0141otw\u0105, Estoni\u0105 i cz\u0119\u015bciowo Bia\u0142orusi\u0105. Nad zachodni\u0105 Rosj\u0105 obszar zwi\u0119kszonej pr\u0119dko\u015bci wiatru zostanie zachowany. Zachodz\u0105ce zmiany b\u0119d\u0105 nieznaczne.<\/p>\n<p><strong>Rozw\u00f3j tropopauzy<\/strong><\/p>\n<p>W nocy nad zachodni\u0105 Rosj\u0105 znajdzie si\u0119 ni\u017c tropopauzy (tropopauza wyka\u017ce w tym rejonie obni\u017cenie i znajdzie si\u0119 na wysoko\u015bci FL260). Na zach\u00f3d od P\u0142w. Iberyjskiego zalega\u0107 b\u0119dzie ni\u017c tropopauzy (tropopauza wyka\u017ce w tym rejonie obni\u017cenie i znajdzie si\u0119 na wysoko\u015bci FL430). Mi\u0119dzy Budapesztem i Bukaresztem wyst\u0119powa\u0107 b\u0119dzie wy\u017c tropopauzy (tropopauza wyka\u017ce w tym rejonie podwy\u017cszenie i znajdzie si\u0119 na wysoko\u015bci FL430). Wysoko\u015b\u0107 tropopauzy nad Polsk\u0105 FL400.<\/p>\n<p><strong>Rozw\u00f3j warunk\u00f3w termicznych troposfery<\/strong><\/p>\n<p><img loading=\"lazy\" width=\"634\" height=\"490\" class=\"wp-image-32235 aligncenter\" src=\"http:\/\/cmm.imgw.pl\/wp-content\/uploads\/2023\/06\/thck-500-1000hpa-gfs-pt-23-06-2023-00-utc.gif\" alt=\"Thck 500-1000hPa GFS pt. 23.06.2023 00 UTC\" \/> <img loading=\"lazy\" width=\"634\" height=\"490\" class=\"wp-image-32236 aligncenter\" src=\"http:\/\/cmm.imgw.pl\/wp-content\/uploads\/2023\/06\/thck-500-1000hpa-gfs-pt-23-06-2023-12-utc.gif\" alt=\"Thck 500-1000hPa GFS pt. 23.06.2023 12 UTC\" \/><\/p>\n<p><img loading=\"lazy\" width=\"634\" height=\"490\" class=\"wp-image-32237 aligncenter\" src=\"http:\/\/cmm.imgw.pl\/wp-content\/uploads\/2023\/06\/theta-w-850hpa-gfs-pt-23-06-2023-00-utc.gif\" alt=\"Theta-W 850hPa GFS pt. 23.06.2023 00 UTC\" \/> <img loading=\"lazy\" width=\"634\" height=\"490\" class=\"wp-image-32238 aligncenter\" src=\"http:\/\/cmm.imgw.pl\/wp-content\/uploads\/2023\/06\/theta-w-850hpa-gfs-pt-23-06-2023-12-utc.gif\" alt=\"Theta-W 850hPa GFS pt. 23.06.2023 12 UTC\" \/><\/p>\n<p>Nad zachodni\u0105 Rosj\u0105 nadal wyst\u0119powa\u0107 b\u0119dzie zatoka ch\u0142odu (powietrze arktyczne). Klin ciep\u0142a (powietrza zwrotnikowego) b\u0119dzie si\u0119 przemieszcza\u0142 na wsch\u00f3d. Jutro obejmowa\u0107 b\u0119dzie obszar W\u0142och, Ba\u0142kan\u00f3w, cz\u0119\u015bciowo Polsk\u0105 i Europ\u0105 po\u0142udniowo wschodni\u0105. Nad Europ\u0105 zachodni\u0105 zalega\u0107 powinno powietrze polarno-morskie.<\/p>\n<p><img loading=\"lazy\" width=\"600\" height=\"640\" class=\"wp-image-32239 aligncenter\" src=\"http:\/\/cmm.imgw.pl\/wp-content\/uploads\/2023\/06\/word-image-32210-33.png\" srcset=\"https:\/\/cmm.imgw.pl\/wp-content\/uploads\/2023\/06\/word-image-32210-33.png 600w, https:\/\/cmm.imgw.pl\/wp-content\/uploads\/2023\/06\/word-image-32210-33-281x300.png 281w\" sizes=\"(max-width: 600px) 100vw, 600px\" \/> <img loading=\"lazy\" width=\"600\" height=\"640\" class=\"wp-image-32240 aligncenter\" src=\"http:\/\/cmm.imgw.pl\/wp-content\/uploads\/2023\/06\/word-image-32210-34.png\" srcset=\"https:\/\/cmm.imgw.pl\/wp-content\/uploads\/2023\/06\/word-image-32210-34.png 600w, https:\/\/cmm.imgw.pl\/wp-content\/uploads\/2023\/06\/word-image-32210-34-281x300.png 281w\" sizes=\"(max-width: 600px) 100vw, 600px\" \/> <img loading=\"lazy\" width=\"600\" height=\"640\" class=\"wp-image-32241 aligncenter\" src=\"http:\/\/cmm.imgw.pl\/wp-content\/uploads\/2023\/06\/word-image-32210-35.png\" srcset=\"https:\/\/cmm.imgw.pl\/wp-content\/uploads\/2023\/06\/word-image-32210-35.png 600w, https:\/\/cmm.imgw.pl\/wp-content\/uploads\/2023\/06\/word-image-32210-35-281x300.png 281w\" sizes=\"(max-width: 600px) 100vw, 600px\" \/> <img loading=\"lazy\" width=\"600\" height=\"640\" class=\"wp-image-32242 aligncenter\" src=\"http:\/\/cmm.imgw.pl\/wp-content\/uploads\/2023\/06\/word-image-32210-36.png\" srcset=\"https:\/\/cmm.imgw.pl\/wp-content\/uploads\/2023\/06\/word-image-32210-36.png 600w, https:\/\/cmm.imgw.pl\/wp-content\/uploads\/2023\/06\/word-image-32210-36-281x300.png 281w\" sizes=\"(max-width: 600px) 100vw, 600px\" \/> <img loading=\"lazy\" width=\"600\" height=\"640\" class=\"wp-image-32243 aligncenter\" src=\"http:\/\/cmm.imgw.pl\/wp-content\/uploads\/2023\/06\/word-image-32210-37.png\" srcset=\"https:\/\/cmm.imgw.pl\/wp-content\/uploads\/2023\/06\/word-image-32210-37.png 600w, https:\/\/cmm.imgw.pl\/wp-content\/uploads\/2023\/06\/word-image-32210-37-281x300.png 281w\" sizes=\"(max-width: 600px) 100vw, 600px\" \/><\/p>\n<p>Obszar ciep\u0142a b\u0119dzie obejmowa\u0107 coraz wi\u0119kszy obszar kraju. Jutro klin ciep\u0142a ograniczony uk\u0142adem front\u00f3w atmosferycznych. Na po\u0142udniu Polski \u015brednia temperatura warstwy o grubo\u015bci 500 hPa b\u0119dzie najwy\u017csza.<\/p>\n<p><strong>Ewolucja pola wilgotno\u015bci w troposferze<\/strong><\/p>\n<p><img loading=\"lazy\" width=\"1026\" height=\"1040\" class=\"wp-image-32244 aligncenter\" src=\"http:\/\/cmm.imgw.pl\/wp-content\/uploads\/2023\/06\/word-image-32210-38.png\" srcset=\"https:\/\/cmm.imgw.pl\/wp-content\/uploads\/2023\/06\/word-image-32210-38.png 1026w, https:\/\/cmm.imgw.pl\/wp-content\/uploads\/2023\/06\/word-image-32210-38-296x300.png 296w, https:\/\/cmm.imgw.pl\/wp-content\/uploads\/2023\/06\/word-image-32210-38-1010x1024.png 1010w, https:\/\/cmm.imgw.pl\/wp-content\/uploads\/2023\/06\/word-image-32210-38-768x778.png 768w\" sizes=\"(max-width: 1026px) 100vw, 1026px\" \/> <img loading=\"lazy\" width=\"1026\" height=\"1040\" class=\"wp-image-32245 aligncenter\" src=\"http:\/\/cmm.imgw.pl\/wp-content\/uploads\/2023\/06\/word-image-32210-39.png\" srcset=\"https:\/\/cmm.imgw.pl\/wp-content\/uploads\/2023\/06\/word-image-32210-39.png 1026w, https:\/\/cmm.imgw.pl\/wp-content\/uploads\/2023\/06\/word-image-32210-39-296x300.png 296w, https:\/\/cmm.imgw.pl\/wp-content\/uploads\/2023\/06\/word-image-32210-39-1010x1024.png 1010w, https:\/\/cmm.imgw.pl\/wp-content\/uploads\/2023\/06\/word-image-32210-39-768x778.png 768w\" sizes=\"(max-width: 1026px) 100vw, 1026px\" \/> <img loading=\"lazy\" width=\"1026\" height=\"1040\" class=\"wp-image-32246 aligncenter\" src=\"http:\/\/cmm.imgw.pl\/wp-content\/uploads\/2023\/06\/word-image-32210-40.png\" srcset=\"https:\/\/cmm.imgw.pl\/wp-content\/uploads\/2023\/06\/word-image-32210-40.png 1026w, https:\/\/cmm.imgw.pl\/wp-content\/uploads\/2023\/06\/word-image-32210-40-296x300.png 296w, https:\/\/cmm.imgw.pl\/wp-content\/uploads\/2023\/06\/word-image-32210-40-1010x1024.png 1010w, https:\/\/cmm.imgw.pl\/wp-content\/uploads\/2023\/06\/word-image-32210-40-768x778.png 768w\" sizes=\"(max-width: 1026px) 100vw, 1026px\" \/><\/p>\n<p><img loading=\"lazy\" width=\"1026\" height=\"1040\" class=\"wp-image-32247 aligncenter\" src=\"http:\/\/cmm.imgw.pl\/wp-content\/uploads\/2023\/06\/word-image-32210-41.png\" srcset=\"https:\/\/cmm.imgw.pl\/wp-content\/uploads\/2023\/06\/word-image-32210-41.png 1026w, https:\/\/cmm.imgw.pl\/wp-content\/uploads\/2023\/06\/word-image-32210-41-296x300.png 296w, https:\/\/cmm.imgw.pl\/wp-content\/uploads\/2023\/06\/word-image-32210-41-1010x1024.png 1010w, https:\/\/cmm.imgw.pl\/wp-content\/uploads\/2023\/06\/word-image-32210-41-768x778.png 768w\" sizes=\"(max-width: 1026px) 100vw, 1026px\" \/> <img loading=\"lazy\" width=\"1026\" height=\"1040\" class=\"wp-image-32248 aligncenter\" src=\"http:\/\/cmm.imgw.pl\/wp-content\/uploads\/2023\/06\/word-image-32210-42.png\" srcset=\"https:\/\/cmm.imgw.pl\/wp-content\/uploads\/2023\/06\/word-image-32210-42.png 1026w, https:\/\/cmm.imgw.pl\/wp-content\/uploads\/2023\/06\/word-image-32210-42-296x300.png 296w, https:\/\/cmm.imgw.pl\/wp-content\/uploads\/2023\/06\/word-image-32210-42-1010x1024.png 1010w, https:\/\/cmm.imgw.pl\/wp-content\/uploads\/2023\/06\/word-image-32210-42-768x778.png 768w\" sizes=\"(max-width: 1026px) 100vw, 1026px\" \/> <img loading=\"lazy\" width=\"1026\" height=\"1040\" class=\"wp-image-32249 aligncenter\" src=\"http:\/\/cmm.imgw.pl\/wp-content\/uploads\/2023\/06\/word-image-32210-43.png\" srcset=\"https:\/\/cmm.imgw.pl\/wp-content\/uploads\/2023\/06\/word-image-32210-43.png 1026w, https:\/\/cmm.imgw.pl\/wp-content\/uploads\/2023\/06\/word-image-32210-43-296x300.png 296w, https:\/\/cmm.imgw.pl\/wp-content\/uploads\/2023\/06\/word-image-32210-43-1010x1024.png 1010w, https:\/\/cmm.imgw.pl\/wp-content\/uploads\/2023\/06\/word-image-32210-43-768x778.png 768w\" sizes=\"(max-width: 1026px) 100vw, 1026px\" \/><\/p>\n<p><img loading=\"lazy\" width=\"600\" height=\"640\" class=\"wp-image-32250 aligncenter\" src=\"http:\/\/cmm.imgw.pl\/wp-content\/uploads\/2023\/06\/word-image-32210-44.png\" srcset=\"https:\/\/cmm.imgw.pl\/wp-content\/uploads\/2023\/06\/word-image-32210-44.png 600w, https:\/\/cmm.imgw.pl\/wp-content\/uploads\/2023\/06\/word-image-32210-44-281x300.png 281w\" sizes=\"(max-width: 600px) 100vw, 600px\" \/> <img loading=\"lazy\" width=\"600\" height=\"640\" class=\"wp-image-32251 aligncenter\" src=\"http:\/\/cmm.imgw.pl\/wp-content\/uploads\/2023\/06\/word-image-32210-45.png\" srcset=\"https:\/\/cmm.imgw.pl\/wp-content\/uploads\/2023\/06\/word-image-32210-45.png 600w, https:\/\/cmm.imgw.pl\/wp-content\/uploads\/2023\/06\/word-image-32210-45-281x300.png 281w\" sizes=\"(max-width: 600px) 100vw, 600px\" \/> <img loading=\"lazy\" width=\"600\" height=\"640\" class=\"wp-image-32252 aligncenter\" src=\"http:\/\/cmm.imgw.pl\/wp-content\/uploads\/2023\/06\/word-image-32210-46.png\" srcset=\"https:\/\/cmm.imgw.pl\/wp-content\/uploads\/2023\/06\/word-image-32210-46.png 600w, https:\/\/cmm.imgw.pl\/wp-content\/uploads\/2023\/06\/word-image-32210-46-281x300.png 281w\" sizes=\"(max-width: 600px) 100vw, 600px\" \/> <img loading=\"lazy\" width=\"600\" height=\"640\" class=\"wp-image-32253 aligncenter\" src=\"http:\/\/cmm.imgw.pl\/wp-content\/uploads\/2023\/06\/word-image-32210-47.png\" srcset=\"https:\/\/cmm.imgw.pl\/wp-content\/uploads\/2023\/06\/word-image-32210-47.png 600w, https:\/\/cmm.imgw.pl\/wp-content\/uploads\/2023\/06\/word-image-32210-47-281x300.png 281w\" sizes=\"(max-width: 600px) 100vw, 600px\" \/> <img loading=\"lazy\" width=\"600\" height=\"640\" class=\"wp-image-32254 aligncenter\" src=\"http:\/\/cmm.imgw.pl\/wp-content\/uploads\/2023\/06\/word-image-32210-48.png\" srcset=\"https:\/\/cmm.imgw.pl\/wp-content\/uploads\/2023\/06\/word-image-32210-48.png 600w, https:\/\/cmm.imgw.pl\/wp-content\/uploads\/2023\/06\/word-image-32210-48-281x300.png 281w\" sizes=\"(max-width: 600px) 100vw, 600px\" \/> <img loading=\"lazy\" width=\"600\" height=\"640\" class=\"wp-image-32255 aligncenter\" src=\"http:\/\/cmm.imgw.pl\/wp-content\/uploads\/2023\/06\/word-image-32210-49.png\" srcset=\"https:\/\/cmm.imgw.pl\/wp-content\/uploads\/2023\/06\/word-image-32210-49.png 600w, https:\/\/cmm.imgw.pl\/wp-content\/uploads\/2023\/06\/word-image-32210-49-281x300.png 281w\" sizes=\"(max-width: 600px) 100vw, 600px\" \/> <img loading=\"lazy\" width=\"600\" height=\"640\" class=\"wp-image-32256 aligncenter\" src=\"http:\/\/cmm.imgw.pl\/wp-content\/uploads\/2023\/06\/word-image-32210-50.png\" srcset=\"https:\/\/cmm.imgw.pl\/wp-content\/uploads\/2023\/06\/word-image-32210-50.png 600w, https:\/\/cmm.imgw.pl\/wp-content\/uploads\/2023\/06\/word-image-32210-50-281x300.png 281w\" sizes=\"(max-width: 600px) 100vw, 600px\" \/> <img loading=\"lazy\" width=\"600\" height=\"640\" class=\"wp-image-32257 aligncenter\" src=\"http:\/\/cmm.imgw.pl\/wp-content\/uploads\/2023\/06\/word-image-32210-51.png\" srcset=\"https:\/\/cmm.imgw.pl\/wp-content\/uploads\/2023\/06\/word-image-32210-51.png 600w, https:\/\/cmm.imgw.pl\/wp-content\/uploads\/2023\/06\/word-image-32210-51-281x300.png 281w\" sizes=\"(max-width: 600px) 100vw, 600px\" \/> <img loading=\"lazy\" width=\"600\" height=\"640\" class=\"wp-image-32258 aligncenter\" src=\"http:\/\/cmm.imgw.pl\/wp-content\/uploads\/2023\/06\/word-image-32210-52.png\" srcset=\"https:\/\/cmm.imgw.pl\/wp-content\/uploads\/2023\/06\/word-image-32210-52.png 600w, https:\/\/cmm.imgw.pl\/wp-content\/uploads\/2023\/06\/word-image-32210-52-281x300.png 281w\" sizes=\"(max-width: 600px) 100vw, 600px\" \/><\/p>\n<p>W ci\u0105gu dnia na wchodzie kraju wi\u0119ksza wilgotno\u015b\u0107. Na wy\u017cszym poziomie na zachodzie kraju. W g\u00f3rnej cz\u0119\u015bci troposfery wilgotno\u015b\u0107 na p\u00f3\u0142nocy oraz na zachodzi i lokalnie w centrum wyst\u0119powa\u0107 b\u0119dzie wi\u0119ksza zawarto\u015b\u0107 pary wodnej. Jutro w dolnej cz\u0119\u015bci troposfery wilgotno\u015b\u0107 wysoka. W \u015brodkowej troposferze, na wschodzie i p\u00f3\u0142nocnym zachodzie, wi\u0119ksza zawarto\u015b\u0107 pary wodnej. Na pozosta\u0142ym obszarze umiarkowana i niska. W g\u00f3rnym rejonie troposfery wilgotno\u015b\u0107 umiarkowana i du\u017ca.<\/p>\n<p><strong>Prognoza zachmurzenia<\/strong><\/p>\n<p><img loading=\"lazy\" width=\"600\" height=\"640\" class=\"wp-image-32259 aligncenter\" src=\"http:\/\/cmm.imgw.pl\/wp-content\/uploads\/2023\/06\/word-image-32210-53.png\" srcset=\"https:\/\/cmm.imgw.pl\/wp-content\/uploads\/2023\/06\/word-image-32210-53.png 600w, https:\/\/cmm.imgw.pl\/wp-content\/uploads\/2023\/06\/word-image-32210-53-281x300.png 281w\" sizes=\"(max-width: 600px) 100vw, 600px\" \/> <img loading=\"lazy\" width=\"600\" height=\"640\" class=\"wp-image-32260 aligncenter\" src=\"http:\/\/cmm.imgw.pl\/wp-content\/uploads\/2023\/06\/word-image-32210-54.png\" srcset=\"https:\/\/cmm.imgw.pl\/wp-content\/uploads\/2023\/06\/word-image-32210-54.png 600w, https:\/\/cmm.imgw.pl\/wp-content\/uploads\/2023\/06\/word-image-32210-54-281x300.png 281w\" sizes=\"(max-width: 600px) 100vw, 600px\" \/> <img loading=\"lazy\" width=\"600\" height=\"640\" class=\"wp-image-32261 aligncenter\" src=\"http:\/\/cmm.imgw.pl\/wp-content\/uploads\/2023\/06\/word-image-32210-55.png\" srcset=\"https:\/\/cmm.imgw.pl\/wp-content\/uploads\/2023\/06\/word-image-32210-55.png 600w, https:\/\/cmm.imgw.pl\/wp-content\/uploads\/2023\/06\/word-image-32210-55-281x300.png 281w\" sizes=\"(max-width: 600px) 100vw, 600px\" \/><\/p>\n<p>Zachmurzenie og\u00f3lne od ma\u0142ego lub umiarkowanego do du\u017cego na wschodzie kraju. W nocy zachmurzenie ma\u0142e. Od zachodu powolny wzrost zachmurzenia. Jutro zachmurzenie od ma\u0142ego do du\u017cego i ca\u0142kowitego w strefie frontu atmosferycznego.<\/p>\n<p><img loading=\"lazy\" width=\"600\" height=\"640\" class=\"wp-image-32262 aligncenter\" src=\"http:\/\/cmm.imgw.pl\/wp-content\/uploads\/2023\/06\/word-image-32210-56.png\" srcset=\"https:\/\/cmm.imgw.pl\/wp-content\/uploads\/2023\/06\/word-image-32210-56.png 600w, https:\/\/cmm.imgw.pl\/wp-content\/uploads\/2023\/06\/word-image-32210-56-281x300.png 281w\" sizes=\"(max-width: 600px) 100vw, 600px\" \/> <img loading=\"lazy\" width=\"600\" height=\"640\" class=\"wp-image-32263 aligncenter\" src=\"http:\/\/cmm.imgw.pl\/wp-content\/uploads\/2023\/06\/word-image-32210-57.png\" srcset=\"https:\/\/cmm.imgw.pl\/wp-content\/uploads\/2023\/06\/word-image-32210-57.png 600w, https:\/\/cmm.imgw.pl\/wp-content\/uploads\/2023\/06\/word-image-32210-57-281x300.png 281w\" sizes=\"(max-width: 600px) 100vw, 600px\" \/> <img loading=\"lazy\" width=\"600\" height=\"640\" class=\"wp-image-32264 aligncenter\" src=\"http:\/\/cmm.imgw.pl\/wp-content\/uploads\/2023\/06\/word-image-32210-58.png\" srcset=\"https:\/\/cmm.imgw.pl\/wp-content\/uploads\/2023\/06\/word-image-32210-58.png 600w, https:\/\/cmm.imgw.pl\/wp-content\/uploads\/2023\/06\/word-image-32210-58-281x300.png 281w\" sizes=\"(max-width: 600px) 100vw, 600px\" \/><\/p>\n<p>Na niebie chmury Cumulus, a we wschodnich rejonach tak\u017ce chmury Cumulonimbus calvus\/capillatus. W godzinach popo\u0142udniowych mog\u0105 powstawa\u0107 chmury Stratocumulus cumulogenitus. W nocy lokalnie mog\u0105 pojawi\u0107 si\u0119 chmury Stratocumulus. Jutro chmury Cumulus, Cumulonimnimbus calvus oraz Cumulonimbus capillatus incus. Na po\u0142udniu kraju niewykluczone chmury Cumulonimbus capillatus incus arc\/tub.<\/p>\n<p><img loading=\"lazy\" width=\"600\" height=\"640\" class=\"wp-image-32265 aligncenter\" src=\"http:\/\/cmm.imgw.pl\/wp-content\/uploads\/2023\/06\/word-image-32210-59.png\" srcset=\"https:\/\/cmm.imgw.pl\/wp-content\/uploads\/2023\/06\/word-image-32210-59.png 600w, https:\/\/cmm.imgw.pl\/wp-content\/uploads\/2023\/06\/word-image-32210-59-281x300.png 281w\" sizes=\"(max-width: 600px) 100vw, 600px\" \/> <img loading=\"lazy\" width=\"600\" height=\"640\" class=\"wp-image-32266 aligncenter\" src=\"http:\/\/cmm.imgw.pl\/wp-content\/uploads\/2023\/06\/word-image-32210-60.png\" srcset=\"https:\/\/cmm.imgw.pl\/wp-content\/uploads\/2023\/06\/word-image-32210-60.png 600w, https:\/\/cmm.imgw.pl\/wp-content\/uploads\/2023\/06\/word-image-32210-60-281x300.png 281w\" sizes=\"(max-width: 600px) 100vw, 600px\" \/> <img loading=\"lazy\" width=\"600\" height=\"640\" class=\"wp-image-32267 aligncenter\" src=\"http:\/\/cmm.imgw.pl\/wp-content\/uploads\/2023\/06\/word-image-32210-61.png\" srcset=\"https:\/\/cmm.imgw.pl\/wp-content\/uploads\/2023\/06\/word-image-32210-61.png 600w, https:\/\/cmm.imgw.pl\/wp-content\/uploads\/2023\/06\/word-image-32210-61-281x300.png 281w\" sizes=\"(max-width: 600px) 100vw, 600px\" \/><\/p>\n<p>Dzisiaj na zachodzie kraju mo\u017cliwe chmury Altocumulus. W rejonie chmur Cb mog\u0105 powstawa\u0107 chmury Altocumulus cumulonimbogenitus. W nocy lokalnie \u0142awice chmur Altocumulus. Od zachodu wzrost zachmurzenia chmurami Altocumulus oraz Altostratus. Jutro mog\u0105 tworzy\u0107 si\u0119 \u0142awice chmur Ac cbgen oraz As cbgen.<\/p>\n<p><img loading=\"lazy\" width=\"600\" height=\"640\" class=\"wp-image-32268 aligncenter\" src=\"http:\/\/cmm.imgw.pl\/wp-content\/uploads\/2023\/06\/word-image-32210-62.png\" srcset=\"https:\/\/cmm.imgw.pl\/wp-content\/uploads\/2023\/06\/word-image-32210-62.png 600w, https:\/\/cmm.imgw.pl\/wp-content\/uploads\/2023\/06\/word-image-32210-62-281x300.png 281w\" sizes=\"(max-width: 600px) 100vw, 600px\" \/> <img loading=\"lazy\" width=\"600\" height=\"640\" class=\"wp-image-32269 aligncenter\" src=\"http:\/\/cmm.imgw.pl\/wp-content\/uploads\/2023\/06\/word-image-32210-63.png\" srcset=\"https:\/\/cmm.imgw.pl\/wp-content\/uploads\/2023\/06\/word-image-32210-63.png 600w, https:\/\/cmm.imgw.pl\/wp-content\/uploads\/2023\/06\/word-image-32210-63-281x300.png 281w\" sizes=\"(max-width: 600px) 100vw, 600px\" \/> <img loading=\"lazy\" width=\"600\" height=\"640\" class=\"wp-image-32270 aligncenter\" src=\"http:\/\/cmm.imgw.pl\/wp-content\/uploads\/2023\/06\/word-image-32210-64.png\" srcset=\"https:\/\/cmm.imgw.pl\/wp-content\/uploads\/2023\/06\/word-image-32210-64.png 600w, https:\/\/cmm.imgw.pl\/wp-content\/uploads\/2023\/06\/word-image-32210-64-281x300.png 281w\" sizes=\"(max-width: 600px) 100vw, 600px\" \/><\/p>\n<p>W pi\u0119trze chmur wysokich wyst\u0119powa\u0107 b\u0119d\u0105 chmury Cirrus fibratus\/spissatus, Cirrostratus fibratus. W rejonie chmur Cb mog\u0105 powsta\u0107 chmury Cirrus spissatus cumulonimbogenitus, Cirrostratus fibratus cumulonimbogenitus. Mo\u017cliwe chmury Cirrocumulus.<\/p>\n<p><strong>Prognoza opad\u00f3w<\/strong><\/p>\n<p><img loading=\"lazy\" width=\"600\" height=\"640\" class=\"wp-image-32271 aligncenter\" src=\"http:\/\/cmm.imgw.pl\/wp-content\/uploads\/2023\/06\/word-image-32210-65.png\" srcset=\"https:\/\/cmm.imgw.pl\/wp-content\/uploads\/2023\/06\/word-image-32210-65.png 600w, https:\/\/cmm.imgw.pl\/wp-content\/uploads\/2023\/06\/word-image-32210-65-281x300.png 281w\" sizes=\"(max-width: 600px) 100vw, 600px\" \/> <img loading=\"lazy\" width=\"600\" height=\"640\" class=\"wp-image-32272 aligncenter\" src=\"http:\/\/cmm.imgw.pl\/wp-content\/uploads\/2023\/06\/word-image-32210-66.png\" srcset=\"https:\/\/cmm.imgw.pl\/wp-content\/uploads\/2023\/06\/word-image-32210-66.png 600w, https:\/\/cmm.imgw.pl\/wp-content\/uploads\/2023\/06\/word-image-32210-66-281x300.png 281w\" sizes=\"(max-width: 600px) 100vw, 600px\" \/> <img loading=\"lazy\" width=\"600\" height=\"640\" class=\"wp-image-32273 aligncenter\" src=\"http:\/\/cmm.imgw.pl\/wp-content\/uploads\/2023\/06\/word-image-32210-67.png\" srcset=\"https:\/\/cmm.imgw.pl\/wp-content\/uploads\/2023\/06\/word-image-32210-67.png 600w, https:\/\/cmm.imgw.pl\/wp-content\/uploads\/2023\/06\/word-image-32210-67-281x300.png 281w\" sizes=\"(max-width: 600px) 100vw, 600px\" \/> <img loading=\"lazy\" width=\"600\" height=\"640\" class=\"wp-image-32274 aligncenter\" src=\"http:\/\/cmm.imgw.pl\/wp-content\/uploads\/2023\/06\/word-image-32210-68.png\" srcset=\"https:\/\/cmm.imgw.pl\/wp-content\/uploads\/2023\/06\/word-image-32210-68.png 600w, https:\/\/cmm.imgw.pl\/wp-content\/uploads\/2023\/06\/word-image-32210-68-281x300.png 281w\" sizes=\"(max-width: 600px) 100vw, 600px\" \/> <img loading=\"lazy\" width=\"600\" height=\"640\" class=\"wp-image-32275 aligncenter\" src=\"http:\/\/cmm.imgw.pl\/wp-content\/uploads\/2023\/06\/word-image-32210-69.png\" srcset=\"https:\/\/cmm.imgw.pl\/wp-content\/uploads\/2023\/06\/word-image-32210-69.png 600w, https:\/\/cmm.imgw.pl\/wp-content\/uploads\/2023\/06\/word-image-32210-69-281x300.png 281w\" sizes=\"(max-width: 600px) 100vw, 600px\" \/> <img loading=\"lazy\" width=\"600\" height=\"640\" class=\"wp-image-32276 aligncenter\" src=\"http:\/\/cmm.imgw.pl\/wp-content\/uploads\/2023\/06\/word-image-32210-70.png\" srcset=\"https:\/\/cmm.imgw.pl\/wp-content\/uploads\/2023\/06\/word-image-32210-70.png 600w, https:\/\/cmm.imgw.pl\/wp-content\/uploads\/2023\/06\/word-image-32210-70-281x300.png 281w\" sizes=\"(max-width: 600px) 100vw, 600px\" \/> <img loading=\"lazy\" width=\"600\" height=\"640\" class=\"wp-image-32277 aligncenter\" src=\"http:\/\/cmm.imgw.pl\/wp-content\/uploads\/2023\/06\/word-image-32210-71.png\" srcset=\"https:\/\/cmm.imgw.pl\/wp-content\/uploads\/2023\/06\/word-image-32210-71.png 600w, https:\/\/cmm.imgw.pl\/wp-content\/uploads\/2023\/06\/word-image-32210-71-281x300.png 281w\" sizes=\"(max-width: 600px) 100vw, 600px\" \/> <img loading=\"lazy\" width=\"600\" height=\"640\" class=\"wp-image-32278 aligncenter\" src=\"http:\/\/cmm.imgw.pl\/wp-content\/uploads\/2023\/06\/word-image-32210-72.png\" srcset=\"https:\/\/cmm.imgw.pl\/wp-content\/uploads\/2023\/06\/word-image-32210-72.png 600w, https:\/\/cmm.imgw.pl\/wp-content\/uploads\/2023\/06\/word-image-32210-72-281x300.png 281w\" sizes=\"(max-width: 600px) 100vw, 600px\" \/> <img loading=\"lazy\" width=\"600\" height=\"640\" class=\"wp-image-32279 aligncenter\" src=\"http:\/\/cmm.imgw.pl\/wp-content\/uploads\/2023\/06\/word-image-32210-73.png\" srcset=\"https:\/\/cmm.imgw.pl\/wp-content\/uploads\/2023\/06\/word-image-32210-73.png 600w, https:\/\/cmm.imgw.pl\/wp-content\/uploads\/2023\/06\/word-image-32210-73-281x300.png 281w\" sizes=\"(max-width: 600px) 100vw, 600px\" \/> <img loading=\"lazy\" width=\"600\" height=\"640\" class=\"wp-image-32280 aligncenter\" src=\"http:\/\/cmm.imgw.pl\/wp-content\/uploads\/2023\/06\/word-image-32210-74.png\" srcset=\"https:\/\/cmm.imgw.pl\/wp-content\/uploads\/2023\/06\/word-image-32210-74.png 600w, https:\/\/cmm.imgw.pl\/wp-content\/uploads\/2023\/06\/word-image-32210-74-281x300.png 281w\" sizes=\"(max-width: 600px) 100vw, 600px\" \/> <img loading=\"lazy\" width=\"600\" height=\"640\" class=\"wp-image-32281 aligncenter\" src=\"http:\/\/cmm.imgw.pl\/wp-content\/uploads\/2023\/06\/word-image-32210-75.png\" srcset=\"https:\/\/cmm.imgw.pl\/wp-content\/uploads\/2023\/06\/word-image-32210-75.png 600w, https:\/\/cmm.imgw.pl\/wp-content\/uploads\/2023\/06\/word-image-32210-75-281x300.png 281w\" sizes=\"(max-width: 600px) 100vw, 600px\" \/> <img loading=\"lazy\" width=\"600\" height=\"640\" class=\"wp-image-32282 aligncenter\" src=\"http:\/\/cmm.imgw.pl\/wp-content\/uploads\/2023\/06\/word-image-32210-76.png\" srcset=\"https:\/\/cmm.imgw.pl\/wp-content\/uploads\/2023\/06\/word-image-32210-76.png 600w, https:\/\/cmm.imgw.pl\/wp-content\/uploads\/2023\/06\/word-image-32210-76-281x300.png 281w\" sizes=\"(max-width: 600px) 100vw, 600px\" \/> <img loading=\"lazy\" width=\"600\" height=\"640\" class=\"wp-image-32283 aligncenter\" src=\"http:\/\/cmm.imgw.pl\/wp-content\/uploads\/2023\/06\/word-image-32210-77.png\" srcset=\"https:\/\/cmm.imgw.pl\/wp-content\/uploads\/2023\/06\/word-image-32210-77.png 600w, https:\/\/cmm.imgw.pl\/wp-content\/uploads\/2023\/06\/word-image-32210-77-281x300.png 281w\" sizes=\"(max-width: 600px) 100vw, 600px\" \/><\/p>\n<p>Po po\u0142udniu na lokalnie na wschodzie kraju opady przelotne deszczu, kt\u00f3re pod wiecz\u00f3r powinny zanika\u0107. Nad ranem od zachodu, nasunie si\u0119 kolejna strefa opad\u00f3w przelotnych zwi\u0105zanych z uk\u0142adem front\u00f3w atmosferycznych. Miejscami do\u015b\u0107 intensywnych. Symulacje numeryczne wykonane r\u00f3\u017cnymi modelami numerycznymi pogody przedstawiaj\u0105 nieco r\u00f3\u017cni\u0105ce si\u0119 scenariusze roz\u0142o\u017cenia pola opadu. Rozbie\u017cno\u015bci wynikaj\u0105 z r\u00f3\u017cnych zaimplementowanych w modelach numerycznych pogody schemat\u00f3w parametryzacyjnych opisuj\u0105cych procesy mikrofizyczne w chmurach.<\/p>\n<p><img loading=\"lazy\" width=\"600\" height=\"640\" class=\"wp-image-32284 aligncenter\" src=\"http:\/\/cmm.imgw.pl\/wp-content\/uploads\/2023\/06\/word-image-32210-78.png\" srcset=\"https:\/\/cmm.imgw.pl\/wp-content\/uploads\/2023\/06\/word-image-32210-78.png 600w, https:\/\/cmm.imgw.pl\/wp-content\/uploads\/2023\/06\/word-image-32210-78-281x300.png 281w\" sizes=\"(max-width: 600px) 100vw, 600px\" \/> <img loading=\"lazy\" width=\"600\" height=\"640\" class=\"wp-image-32285 aligncenter\" src=\"http:\/\/cmm.imgw.pl\/wp-content\/uploads\/2023\/06\/word-image-32210-79.png\" srcset=\"https:\/\/cmm.imgw.pl\/wp-content\/uploads\/2023\/06\/word-image-32210-79.png 600w, https:\/\/cmm.imgw.pl\/wp-content\/uploads\/2023\/06\/word-image-32210-79-281x300.png 281w\" sizes=\"(max-width: 600px) 100vw, 600px\" \/> <img loading=\"lazy\" width=\"600\" height=\"640\" class=\"wp-image-32286 aligncenter\" src=\"http:\/\/cmm.imgw.pl\/wp-content\/uploads\/2023\/06\/word-image-32210-80.png\" srcset=\"https:\/\/cmm.imgw.pl\/wp-content\/uploads\/2023\/06\/word-image-32210-80.png 600w, https:\/\/cmm.imgw.pl\/wp-content\/uploads\/2023\/06\/word-image-32210-80-281x300.png 281w\" sizes=\"(max-width: 600px) 100vw, 600px\" \/> <img loading=\"lazy\" width=\"600\" height=\"640\" class=\"wp-image-32287 aligncenter\" src=\"http:\/\/cmm.imgw.pl\/wp-content\/uploads\/2023\/06\/word-image-32210-81.png\" srcset=\"https:\/\/cmm.imgw.pl\/wp-content\/uploads\/2023\/06\/word-image-32210-81.png 600w, https:\/\/cmm.imgw.pl\/wp-content\/uploads\/2023\/06\/word-image-32210-81-281x300.png 281w\" sizes=\"(max-width: 600px) 100vw, 600px\" \/><\/p>\n<p>W pi\u0105tek opadom przelotnym mog\u0105 towarzyszy\u0107 opady gradu. Gradziny osi\u0105ga\u0107 mog\u0105 rozmiary 5-7 cm.<\/p>\n<p><strong>Prognoza wy\u0142adowa\u0144<\/strong><\/p>\n<p>\u00a0<\/p>\n<p><img loading=\"lazy\" width=\"600\" height=\"640\" class=\"wp-image-32288 aligncenter\" src=\"http:\/\/cmm.imgw.pl\/wp-content\/uploads\/2023\/06\/word-image-32210-82.png\" srcset=\"https:\/\/cmm.imgw.pl\/wp-content\/uploads\/2023\/06\/word-image-32210-82.png 600w, https:\/\/cmm.imgw.pl\/wp-content\/uploads\/2023\/06\/word-image-32210-82-281x300.png 281w\" sizes=\"(max-width: 600px) 100vw, 600px\" \/> <img loading=\"lazy\" width=\"600\" height=\"640\" class=\"wp-image-32289 aligncenter\" src=\"http:\/\/cmm.imgw.pl\/wp-content\/uploads\/2023\/06\/word-image-32210-83.png\" srcset=\"https:\/\/cmm.imgw.pl\/wp-content\/uploads\/2023\/06\/word-image-32210-83.png 600w, https:\/\/cmm.imgw.pl\/wp-content\/uploads\/2023\/06\/word-image-32210-83-281x300.png 281w\" sizes=\"(max-width: 600px) 100vw, 600px\" \/> <img loading=\"lazy\" width=\"600\" height=\"640\" class=\"wp-image-32290 aligncenter\" src=\"http:\/\/cmm.imgw.pl\/wp-content\/uploads\/2023\/06\/word-image-32210-84.png\" srcset=\"https:\/\/cmm.imgw.pl\/wp-content\/uploads\/2023\/06\/word-image-32210-84.png 600w, https:\/\/cmm.imgw.pl\/wp-content\/uploads\/2023\/06\/word-image-32210-84-281x300.png 281w\" sizes=\"(max-width: 600px) 100vw, 600px\" \/><\/p>\n<p><img loading=\"lazy\" width=\"600\" height=\"640\" class=\"wp-image-32291 aligncenter\" src=\"http:\/\/cmm.imgw.pl\/wp-content\/uploads\/2023\/06\/word-image-32210-85.png\" srcset=\"https:\/\/cmm.imgw.pl\/wp-content\/uploads\/2023\/06\/word-image-32210-85.png 600w, https:\/\/cmm.imgw.pl\/wp-content\/uploads\/2023\/06\/word-image-32210-85-281x300.png 281w\" sizes=\"(max-width: 600px) 100vw, 600px\" \/> <img loading=\"lazy\" width=\"600\" height=\"640\" class=\"wp-image-32292 aligncenter\" src=\"http:\/\/cmm.imgw.pl\/wp-content\/uploads\/2023\/06\/word-image-32210-86.png\" srcset=\"https:\/\/cmm.imgw.pl\/wp-content\/uploads\/2023\/06\/word-image-32210-86.png 600w, https:\/\/cmm.imgw.pl\/wp-content\/uploads\/2023\/06\/word-image-32210-86-281x300.png 281w\" sizes=\"(max-width: 600px) 100vw, 600px\" \/><\/p>\n<p><img loading=\"lazy\" width=\"600\" height=\"640\" class=\"wp-image-32293 aligncenter\" src=\"http:\/\/cmm.imgw.pl\/wp-content\/uploads\/2023\/06\/word-image-32210-87.png\" srcset=\"https:\/\/cmm.imgw.pl\/wp-content\/uploads\/2023\/06\/word-image-32210-87.png 600w, https:\/\/cmm.imgw.pl\/wp-content\/uploads\/2023\/06\/word-image-32210-87-281x300.png 281w\" sizes=\"(max-width: 600px) 100vw, 600px\" \/> <img loading=\"lazy\" width=\"600\" height=\"640\" class=\"wp-image-32294 aligncenter\" src=\"http:\/\/cmm.imgw.pl\/wp-content\/uploads\/2023\/06\/word-image-32210-88.png\" srcset=\"https:\/\/cmm.imgw.pl\/wp-content\/uploads\/2023\/06\/word-image-32210-88.png 600w, https:\/\/cmm.imgw.pl\/wp-content\/uploads\/2023\/06\/word-image-32210-88-281x300.png 281w\" sizes=\"(max-width: 600px) 100vw, 600px\" \/> <img loading=\"lazy\" width=\"600\" height=\"640\" class=\"wp-image-32295 aligncenter\" src=\"http:\/\/cmm.imgw.pl\/wp-content\/uploads\/2023\/06\/word-image-32210-89.png\" srcset=\"https:\/\/cmm.imgw.pl\/wp-content\/uploads\/2023\/06\/word-image-32210-89.png 600w, https:\/\/cmm.imgw.pl\/wp-content\/uploads\/2023\/06\/word-image-32210-89-281x300.png 281w\" sizes=\"(max-width: 600px) 100vw, 600px\" \/> <img loading=\"lazy\" width=\"600\" height=\"640\" class=\"wp-image-32296 aligncenter\" src=\"http:\/\/cmm.imgw.pl\/wp-content\/uploads\/2023\/06\/word-image-32210-90.png\" srcset=\"https:\/\/cmm.imgw.pl\/wp-content\/uploads\/2023\/06\/word-image-32210-90.png 600w, https:\/\/cmm.imgw.pl\/wp-content\/uploads\/2023\/06\/word-image-32210-90-281x300.png 281w\" sizes=\"(max-width: 600px) 100vw, 600px\" \/> <img loading=\"lazy\" width=\"600\" height=\"640\" class=\"wp-image-32297 aligncenter\" src=\"http:\/\/cmm.imgw.pl\/wp-content\/uploads\/2023\/06\/word-image-32210-91.png\" srcset=\"https:\/\/cmm.imgw.pl\/wp-content\/uploads\/2023\/06\/word-image-32210-91.png 600w, https:\/\/cmm.imgw.pl\/wp-content\/uploads\/2023\/06\/word-image-32210-91-281x300.png 281w\" sizes=\"(max-width: 600px) 100vw, 600px\" \/><\/p>\n<p>Jutro warto\u015b\u0107 MUCAPE wyniesie od 800\/1000 J\/kg do 4000 J\/kg na po\u0142udniu kraju. Wierzcho\u0142ki chmur Cb osi\u0105gn\u0105 wysoko\u015b\u0107 12-13 km. Temperatura wierzcho\u0142k\u00f3w Cb poni\u017cej \u201340\/50 st. C. Wyst\u0105pi\u0105 dogodne warunki do elektryzacji chmur. Powsta\u0142e pole elektryczne b\u0119dzie sprzyja\u0107 inicjalizacji wy\u0142adowa\u0144 mi\u0119dzychmurowych oraz wewn\u0105trzchmurowych. Jutro nale\u017cy spodziewa\u0107 si\u0119 zjawisk burzowych. Na po\u0142udniu kraju b\u0119d\u0105 charakteryzowa\u0107 si\u0119 wysok\u0105 intensywno\u015bci\u0105, kt\u00f3rym mog\u0105 towarzyszy\u0107 intensywne opady deszczu oraz gradu. Zaznaczony obszar wskazuje na mo\u017cliwo\u015bci wyst\u0105pienia burz i nie musz\u0105 wyst\u0105pi\u0107 w ca\u0142ym zakre\u015blonym obszarze.<\/p>\n<p><img loading=\"lazy\" width=\"600\" height=\"640\" class=\"wp-image-32298 aligncenter\" src=\"http:\/\/cmm.imgw.pl\/wp-content\/uploads\/2023\/06\/word-image-32210-93.png\" srcset=\"https:\/\/cmm.imgw.pl\/wp-content\/uploads\/2023\/06\/word-image-32210-93.png 600w, https:\/\/cmm.imgw.pl\/wp-content\/uploads\/2023\/06\/word-image-32210-93-281x300.png 281w\" sizes=\"(max-width: 600px) 100vw, 600px\" \/> <img loading=\"lazy\" width=\"600\" height=\"640\" class=\"wp-image-32299 aligncenter\" src=\"http:\/\/cmm.imgw.pl\/wp-content\/uploads\/2023\/06\/word-image-32210-94.png\" srcset=\"https:\/\/cmm.imgw.pl\/wp-content\/uploads\/2023\/06\/word-image-32210-94.png 600w, https:\/\/cmm.imgw.pl\/wp-content\/uploads\/2023\/06\/word-image-32210-94-281x300.png 281w\" sizes=\"(max-width: 600px) 100vw, 600px\" \/> <img loading=\"lazy\" width=\"600\" height=\"640\" class=\"wp-image-32300 aligncenter\" src=\"http:\/\/cmm.imgw.pl\/wp-content\/uploads\/2023\/06\/word-image-32210-95.png\" srcset=\"https:\/\/cmm.imgw.pl\/wp-content\/uploads\/2023\/06\/word-image-32210-95.png 600w, https:\/\/cmm.imgw.pl\/wp-content\/uploads\/2023\/06\/word-image-32210-95-281x300.png 281w\" sizes=\"(max-width: 600px) 100vw, 600px\" \/> <img loading=\"lazy\" width=\"600\" height=\"640\" class=\"wp-image-32301 aligncenter\" src=\"http:\/\/cmm.imgw.pl\/wp-content\/uploads\/2023\/06\/word-image-32210-96.png\" srcset=\"https:\/\/cmm.imgw.pl\/wp-content\/uploads\/2023\/06\/word-image-32210-96.png 600w, https:\/\/cmm.imgw.pl\/wp-content\/uploads\/2023\/06\/word-image-32210-96-281x300.png 281w\" sizes=\"(max-width: 600px) 100vw, 600px\" \/><\/p>\n<p>Du\u017ce warto\u015bci CAPE oraz warto\u015bci BRN powy\u017cej 60 wskazuje na rozw\u00f3j uk\u0142ad\u00f3w superkom\u00f3rkowych i wielok\u00f3rkowych.<\/p>\n<p><img loading=\"lazy\" width=\"600\" height=\"640\" class=\"wp-image-32302 aligncenter\" src=\"http:\/\/cmm.imgw.pl\/wp-content\/uploads\/2023\/06\/word-image-32210-98.png\" srcset=\"https:\/\/cmm.imgw.pl\/wp-content\/uploads\/2023\/06\/word-image-32210-98.png 600w, https:\/\/cmm.imgw.pl\/wp-content\/uploads\/2023\/06\/word-image-32210-98-281x300.png 281w\" sizes=\"(max-width: 600px) 100vw, 600px\" \/> <img loading=\"lazy\" width=\"600\" height=\"640\" class=\"wp-image-32303 aligncenter\" src=\"http:\/\/cmm.imgw.pl\/wp-content\/uploads\/2023\/06\/word-image-32210-99.png\" srcset=\"https:\/\/cmm.imgw.pl\/wp-content\/uploads\/2023\/06\/word-image-32210-99.png 600w, https:\/\/cmm.imgw.pl\/wp-content\/uploads\/2023\/06\/word-image-32210-99-281x300.png 281w\" sizes=\"(max-width: 600px) 100vw, 600px\" \/> <img loading=\"lazy\" width=\"600\" height=\"640\" class=\"wp-image-32304 aligncenter\" src=\"http:\/\/cmm.imgw.pl\/wp-content\/uploads\/2023\/06\/word-image-32210-100.png\" srcset=\"https:\/\/cmm.imgw.pl\/wp-content\/uploads\/2023\/06\/word-image-32210-100.png 600w, https:\/\/cmm.imgw.pl\/wp-content\/uploads\/2023\/06\/word-image-32210-100-281x300.png 281w\" sizes=\"(max-width: 600px) 100vw, 600px\" \/> <img loading=\"lazy\" width=\"600\" height=\"640\" class=\"wp-image-32305 aligncenter\" src=\"http:\/\/cmm.imgw.pl\/wp-content\/uploads\/2023\/06\/word-image-32210-101.png\" srcset=\"https:\/\/cmm.imgw.pl\/wp-content\/uploads\/2023\/06\/word-image-32210-101.png 600w, https:\/\/cmm.imgw.pl\/wp-content\/uploads\/2023\/06\/word-image-32210-101-281x300.png 281w\" sizes=\"(max-width: 600px) 100vw, 600px\" \/><\/p>\n<p>Symulacji numerycznych wynika, \u017ce poziom LCL b\u0119dzie do\u015b\u0107 niski co wskazuje na du\u017c\u0105 zawarto\u015b\u0107 pary wodnej w warstwie granicznej atmosfery. Wyst\u0119puj\u0105 r\u00f3wnie\u017c ma\u0142a r\u00f3\u017cnica w wysoko\u015bci mi\u0119dzy LFC oraz LCL, co te\u017c wskazuje na gro\u017ane zjawiska. Dodatkowo mo\u017cliwe \u015bci\u0119cia wiatru. To wszystko wskazuje na mo\u017cliwo\u015b\u0107 wyst\u0105pienia albo bardzo gro\u017anych burz lub nawet tornada. Nale\u017cy na bie\u017c\u0105co kontrolowa\u0107 komunikaty meteorologiczne.<\/p>\n<p><strong>Prognoza pola wiatru<\/strong><\/p>\n<p><img loading=\"lazy\" width=\"619\" height=\"619\" class=\"wp-image-32306 aligncenter\" src=\"http:\/\/cmm.imgw.pl\/wp-content\/uploads\/2023\/06\/word-image-32210-102.jpeg\" srcset=\"https:\/\/cmm.imgw.pl\/wp-content\/uploads\/2023\/06\/word-image-32210-102.jpeg 619w, https:\/\/cmm.imgw.pl\/wp-content\/uploads\/2023\/06\/word-image-32210-102-300x300.jpeg 300w, https:\/\/cmm.imgw.pl\/wp-content\/uploads\/2023\/06\/word-image-32210-102-150x150.jpeg 150w, https:\/\/cmm.imgw.pl\/wp-content\/uploads\/2023\/06\/word-image-32210-102-600x600.jpeg 600w\" sizes=\"(max-width: 619px) 100vw, 619px\" \/><\/p>\n<p>Dzisiaj popo\u0142udniu mog\u0105 jeszcze wyst\u0119powa\u0107 porywy wiatru, do 50-60 km\/h na wschodzie kraju.<\/p>\n<p><img loading=\"lazy\" width=\"571\" height=\"571\" class=\"wp-image-32307 aligncenter\" src=\"http:\/\/cmm.imgw.pl\/wp-content\/uploads\/2023\/06\/word-image-32210-103.jpeg\" srcset=\"https:\/\/cmm.imgw.pl\/wp-content\/uploads\/2023\/06\/word-image-32210-103.jpeg 571w, https:\/\/cmm.imgw.pl\/wp-content\/uploads\/2023\/06\/word-image-32210-103-300x300.jpeg 300w, https:\/\/cmm.imgw.pl\/wp-content\/uploads\/2023\/06\/word-image-32210-103-150x150.jpeg 150w\" sizes=\"(max-width: 571px) 100vw, 571px\" \/> <img loading=\"lazy\" width=\"605\" height=\"605\" class=\"wp-image-32308 aligncenter\" src=\"http:\/\/cmm.imgw.pl\/wp-content\/uploads\/2023\/06\/word-image-32210-104.jpeg\" srcset=\"https:\/\/cmm.imgw.pl\/wp-content\/uploads\/2023\/06\/word-image-32210-104.jpeg 605w, https:\/\/cmm.imgw.pl\/wp-content\/uploads\/2023\/06\/word-image-32210-104-300x300.jpeg 300w, https:\/\/cmm.imgw.pl\/wp-content\/uploads\/2023\/06\/word-image-32210-104-150x150.jpeg 150w, https:\/\/cmm.imgw.pl\/wp-content\/uploads\/2023\/06\/word-image-32210-104-600x600.jpeg 600w\" sizes=\"(max-width: 605px) 100vw, 605px\" \/> <img loading=\"lazy\" width=\"616\" height=\"616\" class=\"wp-image-32309 aligncenter\" src=\"http:\/\/cmm.imgw.pl\/wp-content\/uploads\/2023\/06\/word-image-32210-105.jpeg\" srcset=\"https:\/\/cmm.imgw.pl\/wp-content\/uploads\/2023\/06\/word-image-32210-105.jpeg 616w, https:\/\/cmm.imgw.pl\/wp-content\/uploads\/2023\/06\/word-image-32210-105-300x300.jpeg 300w, https:\/\/cmm.imgw.pl\/wp-content\/uploads\/2023\/06\/word-image-32210-105-150x150.jpeg 150w, https:\/\/cmm.imgw.pl\/wp-content\/uploads\/2023\/06\/word-image-32210-105-600x600.jpeg 600w\" sizes=\"(max-width: 616px) 100vw, 616px\" \/> <img loading=\"lazy\" width=\"602\" height=\"602\" class=\"wp-image-32310 aligncenter\" src=\"http:\/\/cmm.imgw.pl\/wp-content\/uploads\/2023\/06\/word-image-32210-106.jpeg\" srcset=\"https:\/\/cmm.imgw.pl\/wp-content\/uploads\/2023\/06\/word-image-32210-106.jpeg 602w, https:\/\/cmm.imgw.pl\/wp-content\/uploads\/2023\/06\/word-image-32210-106-300x300.jpeg 300w, https:\/\/cmm.imgw.pl\/wp-content\/uploads\/2023\/06\/word-image-32210-106-150x150.jpeg 150w, https:\/\/cmm.imgw.pl\/wp-content\/uploads\/2023\/06\/word-image-32210-106-600x600.jpeg 600w\" sizes=\"(max-width: 602px) 100vw, 602px\" \/> <img loading=\"lazy\" width=\"614\" height=\"614\" class=\"wp-image-32311 aligncenter\" src=\"http:\/\/cmm.imgw.pl\/wp-content\/uploads\/2023\/06\/word-image-32210-107.jpeg\" srcset=\"https:\/\/cmm.imgw.pl\/wp-content\/uploads\/2023\/06\/word-image-32210-107.jpeg 614w, https:\/\/cmm.imgw.pl\/wp-content\/uploads\/2023\/06\/word-image-32210-107-300x300.jpeg 300w, https:\/\/cmm.imgw.pl\/wp-content\/uploads\/2023\/06\/word-image-32210-107-150x150.jpeg 150w, https:\/\/cmm.imgw.pl\/wp-content\/uploads\/2023\/06\/word-image-32210-107-600x600.jpeg 600w\" sizes=\"(max-width: 614px) 100vw, 614px\" \/> <img loading=\"lazy\" width=\"615\" height=\"615\" class=\"wp-image-32312 aligncenter\" src=\"http:\/\/cmm.imgw.pl\/wp-content\/uploads\/2023\/06\/word-image-32210-108.jpeg\" srcset=\"https:\/\/cmm.imgw.pl\/wp-content\/uploads\/2023\/06\/word-image-32210-108.jpeg 615w, https:\/\/cmm.imgw.pl\/wp-content\/uploads\/2023\/06\/word-image-32210-108-300x300.jpeg 300w, https:\/\/cmm.imgw.pl\/wp-content\/uploads\/2023\/06\/word-image-32210-108-150x150.jpeg 150w, https:\/\/cmm.imgw.pl\/wp-content\/uploads\/2023\/06\/word-image-32210-108-600x600.jpeg 600w\" sizes=\"(max-width: 615px) 100vw, 615px\" \/> <img loading=\"lazy\" width=\"605\" height=\"605\" class=\"wp-image-32313 aligncenter\" src=\"http:\/\/cmm.imgw.pl\/wp-content\/uploads\/2023\/06\/word-image-32210-109.jpeg\" srcset=\"https:\/\/cmm.imgw.pl\/wp-content\/uploads\/2023\/06\/word-image-32210-109.jpeg 605w, https:\/\/cmm.imgw.pl\/wp-content\/uploads\/2023\/06\/word-image-32210-109-300x300.jpeg 300w, https:\/\/cmm.imgw.pl\/wp-content\/uploads\/2023\/06\/word-image-32210-109-150x150.jpeg 150w, https:\/\/cmm.imgw.pl\/wp-content\/uploads\/2023\/06\/word-image-32210-109-600x600.jpeg 600w\" sizes=\"(max-width: 605px) 100vw, 605px\" \/><\/p>\n<p>Jutro, ju\u017c od godzin porannych, z zachodu na wsch\u00f3d, b\u0119dzie przemieszcza\u0142a si\u0119 strefa poryw\u00f3w wiatru. Pr\u0119dko\u015b\u0107 wiatru mo\u017ce osi\u0105ga\u0107 warto\u015b\u0107 50-80 km\/h.<\/p>\n<p><strong>Prognoza widzialno\u015bci<\/strong><\/p>\n<p><img loading=\"lazy\" width=\"596\" height=\"596\" class=\"wp-image-32314 aligncenter\" src=\"http:\/\/cmm.imgw.pl\/wp-content\/uploads\/2023\/06\/obraz-zawierajacy-tekst-mapa-diagram-atlas-opi-1.png\" alt=\"Obraz zawieraj\u0105cy tekst, mapa, diagram, atlas\n\nOpis wygenerowany automatycznie\" srcset=\"https:\/\/cmm.imgw.pl\/wp-content\/uploads\/2023\/06\/obraz-zawierajacy-tekst-mapa-diagram-atlas-opi-1.png 596w, https:\/\/cmm.imgw.pl\/wp-content\/uploads\/2023\/06\/obraz-zawierajacy-tekst-mapa-diagram-atlas-opi-1-300x300.png 300w, https:\/\/cmm.imgw.pl\/wp-content\/uploads\/2023\/06\/obraz-zawierajacy-tekst-mapa-diagram-atlas-opi-1-150x150.png 150w\" sizes=\"(max-width: 596px) 100vw, 596px\" \/> <img loading=\"lazy\" width=\"607\" height=\"607\" class=\"wp-image-32315 aligncenter\" src=\"http:\/\/cmm.imgw.pl\/wp-content\/uploads\/2023\/06\/obraz-zawierajacy-tekst-mapa-atlas-opis-wygener.png\" alt=\"Obraz zawieraj\u0105cy tekst, mapa, atlas\n\nOpis wygenerowany automatycznie\" srcset=\"https:\/\/cmm.imgw.pl\/wp-content\/uploads\/2023\/06\/obraz-zawierajacy-tekst-mapa-atlas-opis-wygener.png 607w, https:\/\/cmm.imgw.pl\/wp-content\/uploads\/2023\/06\/obraz-zawierajacy-tekst-mapa-atlas-opis-wygener-300x300.png 300w, https:\/\/cmm.imgw.pl\/wp-content\/uploads\/2023\/06\/obraz-zawierajacy-tekst-mapa-atlas-opis-wygener-150x150.png 150w, https:\/\/cmm.imgw.pl\/wp-content\/uploads\/2023\/06\/obraz-zawierajacy-tekst-mapa-atlas-opis-wygener-600x600.png 600w\" sizes=\"(max-width: 607px) 100vw, 607px\" \/> <img loading=\"lazy\" width=\"637\" height=\"637\" class=\"wp-image-32316 aligncenter\" src=\"http:\/\/cmm.imgw.pl\/wp-content\/uploads\/2023\/06\/obraz-zawierajacy-tekst-mapa-atlas-zrzut-ekranu.png\" alt=\"Obraz zawieraj\u0105cy tekst, mapa, atlas, zrzut ekranu\n\nOpis wygenerowany automatycznie\" srcset=\"https:\/\/cmm.imgw.pl\/wp-content\/uploads\/2023\/06\/obraz-zawierajacy-tekst-mapa-atlas-zrzut-ekranu.png 637w, https:\/\/cmm.imgw.pl\/wp-content\/uploads\/2023\/06\/obraz-zawierajacy-tekst-mapa-atlas-zrzut-ekranu-300x300.png 300w, https:\/\/cmm.imgw.pl\/wp-content\/uploads\/2023\/06\/obraz-zawierajacy-tekst-mapa-atlas-zrzut-ekranu-150x150.png 150w, https:\/\/cmm.imgw.pl\/wp-content\/uploads\/2023\/06\/obraz-zawierajacy-tekst-mapa-atlas-zrzut-ekranu-600x600.png 600w\" sizes=\"(max-width: 637px) 100vw, 637px\" \/> <img loading=\"lazy\" width=\"679\" height=\"679\" class=\"wp-image-32317 aligncenter\" src=\"http:\/\/cmm.imgw.pl\/wp-content\/uploads\/2023\/06\/obraz-zawierajacy-tekst-mapa-atlas-diagram-opi.png\" alt=\"Obraz zawieraj\u0105cy tekst, mapa, atlas, diagram\n\nOpis wygenerowany automatycznie\" srcset=\"https:\/\/cmm.imgw.pl\/wp-content\/uploads\/2023\/06\/obraz-zawierajacy-tekst-mapa-atlas-diagram-opi.png 679w, https:\/\/cmm.imgw.pl\/wp-content\/uploads\/2023\/06\/obraz-zawierajacy-tekst-mapa-atlas-diagram-opi-300x300.png 300w, https:\/\/cmm.imgw.pl\/wp-content\/uploads\/2023\/06\/obraz-zawierajacy-tekst-mapa-atlas-diagram-opi-150x150.png 150w, https:\/\/cmm.imgw.pl\/wp-content\/uploads\/2023\/06\/obraz-zawierajacy-tekst-mapa-atlas-diagram-opi-600x600.png 600w\" sizes=\"(max-width: 679px) 100vw, 679px\" \/> <img loading=\"lazy\" width=\"660\" height=\"660\" class=\"wp-image-32318 aligncenter\" src=\"http:\/\/cmm.imgw.pl\/wp-content\/uploads\/2023\/06\/obraz-zawierajacy-tekst-mapa-diagram-numer-opi.png\" alt=\"Obraz zawieraj\u0105cy tekst, mapa, diagram, numer\n\nOpis wygenerowany automatycznie\" srcset=\"https:\/\/cmm.imgw.pl\/wp-content\/uploads\/2023\/06\/obraz-zawierajacy-tekst-mapa-diagram-numer-opi.png 660w, https:\/\/cmm.imgw.pl\/wp-content\/uploads\/2023\/06\/obraz-zawierajacy-tekst-mapa-diagram-numer-opi-300x300.png 300w, https:\/\/cmm.imgw.pl\/wp-content\/uploads\/2023\/06\/obraz-zawierajacy-tekst-mapa-diagram-numer-opi-150x150.png 150w, https:\/\/cmm.imgw.pl\/wp-content\/uploads\/2023\/06\/obraz-zawierajacy-tekst-mapa-diagram-numer-opi-600x600.png 600w\" sizes=\"(max-width: 660px) 100vw, 660px\" \/><\/p>\n<p>W strefie opad\u00f3w przelotnych ograniczenie widzialno\u015bci do 2,5-4 km. W nocy lokalnie mo\u017cliwe zamglenia ograniczaj\u0105ce widzialno\u015b\u0107 do 1,5 km.<\/p>","protected":false},"excerpt":{"rendered":"<p>Komentarz do numerycznych prognoz pogody opracowany w Centrum Modelowania Meteorologicznego IMGW-PIB.<\/p>\n","protected":false},"author":3,"featured_media":0,"comment_status":"closed","ping_status":"open","sticky":false,"template":"","format":"standard","meta":{"ocean_post_layout":"","ocean_both_sidebars_style":"","ocean_both_sidebars_content_width":0,"ocean_both_sidebars_sidebars_width":0,"ocean_sidebar":"0","ocean_second_sidebar":"0","ocean_disable_margins":"enable","ocean_add_body_class":"","ocean_shortcode_before_top_bar":"","ocean_shortcode_after_top_bar":"","ocean_shortcode_before_header":"","ocean_shortcode_after_header":"","ocean_has_shortcode":"","ocean_shortcode_after_title":"","ocean_shortcode_before_footer_widgets":"","ocean_shortcode_after_footer_widgets":"","ocean_shortcode_before_footer_bottom":"","ocean_shortcode_after_footer_bottom":"","ocean_display_top_bar":"default","ocean_display_header":"default","ocean_header_style":"","ocean_center_header_left_menu":"0","ocean_custom_header_template":"0","ocean_custom_logo":0,"ocean_custom_retina_logo":0,"ocean_custom_logo_max_width":0,"ocean_custom_logo_tablet_max_width":0,"ocean_custom_logo_mobile_max_width":0,"ocean_custom_logo_max_height":0,"ocean_custom_logo_tablet_max_height":0,"ocean_custom_logo_mobile_max_height":0,"ocean_header_custom_menu":"0","ocean_menu_typo_font_family":"0","ocean_menu_typo_font_subset":"","ocean_menu_typo_font_size":0,"ocean_menu_typo_font_size_tablet":0,"ocean_menu_typo_font_size_mobile":0,"ocean_menu_typo_font_size_unit":"px","ocean_menu_typo_font_weight":"","ocean_menu_typo_font_weight_tablet":"","ocean_menu_typo_font_weight_mobile":"","ocean_menu_typo_transform":"","ocean_menu_typo_transform_tablet":"","ocean_menu_typo_transform_mobile":"","ocean_menu_typo_line_height":0,"ocean_menu_typo_line_height_tablet":0,"ocean_menu_typo_line_height_mobile":0,"ocean_menu_typo_line_height_unit":"","ocean_menu_typo_spacing":0,"ocean_menu_typo_spacing_tablet":0,"ocean_menu_typo_spacing_mobile":0,"ocean_menu_typo_spacing_unit":"","ocean_menu_link_color":"","ocean_menu_link_color_hover":"","ocean_menu_link_color_active":"","ocean_menu_link_background":"","ocean_menu_link_hover_background":"","ocean_menu_link_active_background":"","ocean_menu_social_links_bg":"","ocean_menu_social_hover_links_bg":"","ocean_menu_social_links_color":"","ocean_menu_social_hover_links_color":"","ocean_disable_title":"default","ocean_disable_heading":"default","ocean_post_title":"","ocean_post_subheading":"","ocean_post_title_style":"","ocean_post_title_background_color":"","ocean_post_title_background":0,"ocean_post_title_bg_image_position":"","ocean_post_title_bg_image_attachment":"","ocean_post_title_bg_image_repeat":"","ocean_post_title_bg_image_size":"","ocean_post_title_height":0,"ocean_post_title_bg_overlay":0.5,"ocean_post_title_bg_overlay_color":"","ocean_disable_breadcrumbs":"default","ocean_breadcrumbs_color":"","ocean_breadcrumbs_separator_color":"","ocean_breadcrumbs_links_color":"","ocean_breadcrumbs_links_hover_color":"","ocean_display_footer_widgets":"default","ocean_display_footer_bottom":"default","ocean_custom_footer_template":"0","ocean_post_oembed":"","ocean_post_self_hosted_media":"","ocean_post_video_embed":"","ocean_link_format":"","ocean_link_format_target":"self","ocean_quote_format":"","ocean_quote_format_link":"post","ocean_gallery_link_images":"on","ocean_gallery_id":[]},"categories":[93],"tags":[138,139,68,95,143,141,85,73,97,98,142,76,94,99,71,67,96,140,79],"yoast_head":"<!-- This site is optimized with the Yoast SEO plugin v19.5.1 - https:\/\/yoast.com\/wordpress\/plugins\/seo\/ -->\n<title>Komentarz do numerycznych prognoz pogody (22\/23.06.2023) - Laboratorium Modelowania Meteorologicznego CMOK IMGW-PIB<\/title>\n<meta name=\"description\" content=\"Komentarz do numerycznych prognoz pogody opracowany w Centrum Modelowania Meteorologicznego IMGW-PIB.\" \/>\n<meta name=\"robots\" content=\"index, follow, max-snippet:-1, max-image-preview:large, max-video-preview:-1\" \/>\n<link rel=\"canonical\" href=\"https:\/\/cmm.imgw.pl\/?p=32210\" \/>\n<meta property=\"og:locale\" content=\"pl_PL\" \/>\n<meta property=\"og:type\" content=\"article\" \/>\n<meta property=\"og:title\" content=\"Komentarz do numerycznych prognoz pogody (22\/23.06.2023)\" \/>\n<meta property=\"og:description\" content=\"Komentarz do numerycznych prognoz pogody opracowany w Centrum Modelowania Meteorologicznego IMGW-PIB\" \/>\n<meta property=\"og:url\" content=\"https:\/\/cmm.imgw.pl\/?p=32210\" \/>\n<meta property=\"og:site_name\" content=\"Laboratorium Modelowania Meteorologicznego CMOK IMGW-PIB\" \/>\n<meta property=\"article:publisher\" content=\"https:\/\/www.facebook.com\/Meteoimgw\/\" \/>\n<meta property=\"article:published_time\" content=\"2023-06-22T15:00:29+00:00\" \/>\n<meta property=\"article:modified_time\" content=\"2023-06-22T15:01:17+00:00\" \/>\n<meta property=\"og:image\" content=\"http:\/\/cmm.imgw.pl\/wp-content\/uploads\/2023\/02\/komentarz4.png\" \/>\n\t<meta property=\"og:image:width\" content=\"1280\" \/>\n\t<meta property=\"og:image:height\" content=\"720\" \/>\n\t<meta property=\"og:image:type\" content=\"image\/png\" \/>\n<meta name=\"author\" content=\"CMM\" \/>\n<meta name=\"twitter:card\" content=\"summary_large_image\" \/>\n<meta name=\"twitter:title\" content=\"Komentarz do numerycznych prognoz pogody (22\/23.06.2023)\" \/>\n<meta name=\"twitter:description\" content=\"Komentarz do numerycznych prognoz pogody opracowany w Centrum Modelowania Meteorologicznego IMGW-PIB\" \/>\n<meta name=\"twitter:image\" content=\"https:\/\/cmm.imgw.pl\/wp-content\/uploads\/2023\/02\/komentarz4.png\" \/>\n<meta name=\"twitter:creator\" content=\"@IMGW_CMM\" \/>\n<meta name=\"twitter:site\" content=\"@IMGW_CMM\" \/>\n<meta name=\"twitter:label1\" content=\"Napisane przez\" \/>\n\t<meta name=\"twitter:data1\" content=\"CMM\" \/>\n\t<meta name=\"twitter:label2\" content=\"Szacowany czas czytania\" \/>\n\t<meta name=\"twitter:data2\" content=\"26 minut\" \/>\n<script type=\"application\/ld+json\" class=\"yoast-schema-graph\">{\"@context\":\"https:\/\/schema.org\",\"@graph\":[{\"@type\":\"Article\",\"@id\":\"https:\/\/cmm.imgw.pl\/?p=32210#article\",\"isPartOf\":{\"@id\":\"https:\/\/cmm.imgw.pl\/?p=32210\"},\"author\":{\"name\":\"CMM\",\"@id\":\"https:\/\/cmm.imgw.pl\/#\/schema\/person\/a24a37fe434fe76b0f5791e6bd3fdb46\"},\"headline\":\"Komentarz do numerycznych prognoz pogody (22\/23.06.2023)\",\"datePublished\":\"2023-06-22T15:00:29+00:00\",\"dateModified\":\"2023-06-22T15:01:17+00:00\",\"mainEntityOfPage\":{\"@id\":\"https:\/\/cmm.imgw.pl\/?p=32210\"},\"wordCount\":2091,\"publisher\":{\"@id\":\"https:\/\/cmm.imgw.pl\/#organization\"},\"keywords\":[\"alaro\",\"arome\",\"cmm\",\"Cosmo\",\"DWD\",\"Grzegorz Duniec\",\"imgw\",\"klimat\",\"komentarz\",\"komentarz pogodowy\",\"MERGE\",\"meteorologia\",\"NMP\",\"NPP\",\"pogoda\",\"prognoza\",\"prognoza pogody\",\"wrf\",\"zima\"],\"articleSection\":[\"Komentarz\"],\"inLanguage\":\"pl-PL\"},{\"@type\":\"WebPage\",\"@id\":\"https:\/\/cmm.imgw.pl\/?p=32210\",\"url\":\"https:\/\/cmm.imgw.pl\/?p=32210\",\"name\":\"Komentarz do numerycznych prognoz pogody (22\/23.06.2023) - Laboratorium Modelowania Meteorologicznego CMOK IMGW-PIB\",\"isPartOf\":{\"@id\":\"https:\/\/cmm.imgw.pl\/#website\"},\"datePublished\":\"2023-06-22T15:00:29+00:00\",\"dateModified\":\"2023-06-22T15:01:17+00:00\",\"description\":\"Komentarz do numerycznych prognoz pogody opracowany w Centrum Modelowania Meteorologicznego IMGW-PIB.\",\"breadcrumb\":{\"@id\":\"https:\/\/cmm.imgw.pl\/?p=32210#breadcrumb\"},\"inLanguage\":\"pl-PL\",\"potentialAction\":[{\"@type\":\"ReadAction\",\"target\":[\"https:\/\/cmm.imgw.pl\/?p=32210\"]}]},{\"@type\":\"BreadcrumbList\",\"@id\":\"https:\/\/cmm.imgw.pl\/?p=32210#breadcrumb\",\"itemListElement\":[{\"@type\":\"ListItem\",\"position\":1,\"name\":\"Home\",\"item\":\"https:\/\/cmm.imgw.pl\/\"},{\"@type\":\"ListItem\",\"position\":2,\"name\":\"Komentarz do numerycznych prognoz pogody (22\/23.06.2023)\"}]},{\"@type\":\"WebSite\",\"@id\":\"https:\/\/cmm.imgw.pl\/#website\",\"url\":\"https:\/\/cmm.imgw.pl\/\",\"name\":\"Laboratorium Modelowania Meteorologicznego CMOK IMGW-PIB\",\"description\":\"CMOK-LMM Laboratorium pe\u0142ni pa\u0144stwow\u0105 s\u0142u\u017cb\u0119 hydrologiczno-meteorologiczn\u0105 w zakresie numerycznych prognoz pogody, kt\u00f3rego zadaniem jest konsolidacja kompetencji w obszarze modelowania zjawisk pogodowych oraz dalszego rozwoju numerycznych modeli pogody (NMP).\",\"publisher\":{\"@id\":\"https:\/\/cmm.imgw.pl\/#organization\"},\"potentialAction\":[{\"@type\":\"SearchAction\",\"target\":{\"@type\":\"EntryPoint\",\"urlTemplate\":\"https:\/\/cmm.imgw.pl\/?s={search_term_string}\"},\"query-input\":\"required name=search_term_string\"}],\"inLanguage\":\"pl-PL\"},{\"@type\":\"Organization\",\"@id\":\"https:\/\/cmm.imgw.pl\/#organization\",\"name\":\"Laboratorium Modelowania Meteorologicznego CMOK IMGW-PIB\",\"url\":\"https:\/\/cmm.imgw.pl\/\",\"sameAs\":[\"https:\/\/www.facebook.com\/Meteoimgw\/\",\"https:\/\/twitter.com\/IMGW_CMM\"],\"logo\":{\"@type\":\"ImageObject\",\"inLanguage\":\"pl-PL\",\"@id\":\"https:\/\/cmm.imgw.pl\/#\/schema\/logo\/image\/\",\"url\":\"https:\/\/cmm.imgw.pl\/wp-content\/uploads\/2025\/10\/MODELE_LOGO_UNIFIKACJA_v2.png\",\"contentUrl\":\"https:\/\/cmm.imgw.pl\/wp-content\/uploads\/2025\/10\/MODELE_LOGO_UNIFIKACJA_v2.png\",\"width\":1356,\"height\":365,\"caption\":\"Laboratorium Modelowania Meteorologicznego CMOK IMGW-PIB\"},\"image\":{\"@id\":\"https:\/\/cmm.imgw.pl\/#\/schema\/logo\/image\/\"}},{\"@type\":\"Person\",\"@id\":\"https:\/\/cmm.imgw.pl\/#\/schema\/person\/a24a37fe434fe76b0f5791e6bd3fdb46\",\"name\":\"CMM\",\"image\":{\"@type\":\"ImageObject\",\"inLanguage\":\"pl-PL\",\"@id\":\"https:\/\/cmm.imgw.pl\/#\/schema\/person\/image\/\",\"url\":\"https:\/\/secure.gravatar.com\/avatar\/9248ea2273711f1cd09d6bd45867dbfb?s=96&d=blank&r=g\",\"contentUrl\":\"https:\/\/secure.gravatar.com\/avatar\/9248ea2273711f1cd09d6bd45867dbfb?s=96&d=blank&r=g\",\"caption\":\"CMM\"},\"sameAs\":[\"http:\/\/cmm.imgw.pl\"],\"url\":\"https:\/\/cmm.imgw.pl\/?author=3\"}]}<\/script>\n<!-- \/ Yoast SEO plugin. -->","yoast_head_json":{"title":"Komentarz do numerycznych prognoz pogody (22\/23.06.2023) - Laboratorium Modelowania Meteorologicznego CMOK IMGW-PIB","description":"Komentarz do numerycznych prognoz pogody opracowany w Centrum Modelowania Meteorologicznego IMGW-PIB.","robots":{"index":"index","follow":"follow","max-snippet":"max-snippet:-1","max-image-preview":"max-image-preview:large","max-video-preview":"max-video-preview:-1"},"canonical":"https:\/\/cmm.imgw.pl\/?p=32210","og_locale":"pl_PL","og_type":"article","og_title":"Komentarz do numerycznych prognoz pogody (22\/23.06.2023)","og_description":"Komentarz do numerycznych prognoz pogody opracowany w Centrum Modelowania Meteorologicznego IMGW-PIB","og_url":"https:\/\/cmm.imgw.pl\/?p=32210","og_site_name":"Laboratorium Modelowania Meteorologicznego CMOK IMGW-PIB","article_publisher":"https:\/\/www.facebook.com\/Meteoimgw\/","article_published_time":"2023-06-22T15:00:29+00:00","article_modified_time":"2023-06-22T15:01:17+00:00","og_image":[{"width":1280,"height":720,"url":"http:\/\/cmm.imgw.pl\/wp-content\/uploads\/2023\/02\/komentarz4.png","type":"image\/png"}],"author":"CMM","twitter_card":"summary_large_image","twitter_title":"Komentarz do numerycznych prognoz pogody (22\/23.06.2023)","twitter_description":"Komentarz do numerycznych prognoz pogody opracowany w Centrum Modelowania Meteorologicznego IMGW-PIB","twitter_image":"https:\/\/cmm.imgw.pl\/wp-content\/uploads\/2023\/02\/komentarz4.png","twitter_creator":"@IMGW_CMM","twitter_site":"@IMGW_CMM","twitter_misc":{"Napisane przez":"CMM","Szacowany czas czytania":"26 minut"},"schema":{"@context":"https:\/\/schema.org","@graph":[{"@type":"Article","@id":"https:\/\/cmm.imgw.pl\/?p=32210#article","isPartOf":{"@id":"https:\/\/cmm.imgw.pl\/?p=32210"},"author":{"name":"CMM","@id":"https:\/\/cmm.imgw.pl\/#\/schema\/person\/a24a37fe434fe76b0f5791e6bd3fdb46"},"headline":"Komentarz do numerycznych prognoz pogody (22\/23.06.2023)","datePublished":"2023-06-22T15:00:29+00:00","dateModified":"2023-06-22T15:01:17+00:00","mainEntityOfPage":{"@id":"https:\/\/cmm.imgw.pl\/?p=32210"},"wordCount":2091,"publisher":{"@id":"https:\/\/cmm.imgw.pl\/#organization"},"keywords":["alaro","arome","cmm","Cosmo","DWD","Grzegorz Duniec","imgw","klimat","komentarz","komentarz pogodowy","MERGE","meteorologia","NMP","NPP","pogoda","prognoza","prognoza pogody","wrf","zima"],"articleSection":["Komentarz"],"inLanguage":"pl-PL"},{"@type":"WebPage","@id":"https:\/\/cmm.imgw.pl\/?p=32210","url":"https:\/\/cmm.imgw.pl\/?p=32210","name":"Komentarz do numerycznych prognoz pogody (22\/23.06.2023) - Laboratorium Modelowania Meteorologicznego CMOK IMGW-PIB","isPartOf":{"@id":"https:\/\/cmm.imgw.pl\/#website"},"datePublished":"2023-06-22T15:00:29+00:00","dateModified":"2023-06-22T15:01:17+00:00","description":"Komentarz do numerycznych prognoz pogody opracowany w Centrum Modelowania Meteorologicznego IMGW-PIB.","breadcrumb":{"@id":"https:\/\/cmm.imgw.pl\/?p=32210#breadcrumb"},"inLanguage":"pl-PL","potentialAction":[{"@type":"ReadAction","target":["https:\/\/cmm.imgw.pl\/?p=32210"]}]},{"@type":"BreadcrumbList","@id":"https:\/\/cmm.imgw.pl\/?p=32210#breadcrumb","itemListElement":[{"@type":"ListItem","position":1,"name":"Home","item":"https:\/\/cmm.imgw.pl\/"},{"@type":"ListItem","position":2,"name":"Komentarz do numerycznych prognoz pogody (22\/23.06.2023)"}]},{"@type":"WebSite","@id":"https:\/\/cmm.imgw.pl\/#website","url":"https:\/\/cmm.imgw.pl\/","name":"Laboratorium Modelowania Meteorologicznego CMOK IMGW-PIB","description":"CMOK-LMM Laboratorium pe\u0142ni pa\u0144stwow\u0105 s\u0142u\u017cb\u0119 hydrologiczno-meteorologiczn\u0105 w zakresie numerycznych prognoz pogody, kt\u00f3rego zadaniem jest konsolidacja kompetencji w obszarze modelowania zjawisk pogodowych oraz dalszego rozwoju numerycznych modeli pogody (NMP).","publisher":{"@id":"https:\/\/cmm.imgw.pl\/#organization"},"potentialAction":[{"@type":"SearchAction","target":{"@type":"EntryPoint","urlTemplate":"https:\/\/cmm.imgw.pl\/?s={search_term_string}"},"query-input":"required name=search_term_string"}],"inLanguage":"pl-PL"},{"@type":"Organization","@id":"https:\/\/cmm.imgw.pl\/#organization","name":"Laboratorium Modelowania Meteorologicznego CMOK IMGW-PIB","url":"https:\/\/cmm.imgw.pl\/","sameAs":["https:\/\/www.facebook.com\/Meteoimgw\/","https:\/\/twitter.com\/IMGW_CMM"],"logo":{"@type":"ImageObject","inLanguage":"pl-PL","@id":"https:\/\/cmm.imgw.pl\/#\/schema\/logo\/image\/","url":"https:\/\/cmm.imgw.pl\/wp-content\/uploads\/2025\/10\/MODELE_LOGO_UNIFIKACJA_v2.png","contentUrl":"https:\/\/cmm.imgw.pl\/wp-content\/uploads\/2025\/10\/MODELE_LOGO_UNIFIKACJA_v2.png","width":1356,"height":365,"caption":"Laboratorium Modelowania Meteorologicznego CMOK IMGW-PIB"},"image":{"@id":"https:\/\/cmm.imgw.pl\/#\/schema\/logo\/image\/"}},{"@type":"Person","@id":"https:\/\/cmm.imgw.pl\/#\/schema\/person\/a24a37fe434fe76b0f5791e6bd3fdb46","name":"CMM","image":{"@type":"ImageObject","inLanguage":"pl-PL","@id":"https:\/\/cmm.imgw.pl\/#\/schema\/person\/image\/","url":"https:\/\/secure.gravatar.com\/avatar\/9248ea2273711f1cd09d6bd45867dbfb?s=96&d=blank&r=g","contentUrl":"https:\/\/secure.gravatar.com\/avatar\/9248ea2273711f1cd09d6bd45867dbfb?s=96&d=blank&r=g","caption":"CMM"},"sameAs":["http:\/\/cmm.imgw.pl"],"url":"https:\/\/cmm.imgw.pl\/?author=3"}]}},"_links":{"self":[{"href":"https:\/\/cmm.imgw.pl\/index.php?rest_route=\/wp\/v2\/posts\/32210"}],"collection":[{"href":"https:\/\/cmm.imgw.pl\/index.php?rest_route=\/wp\/v2\/posts"}],"about":[{"href":"https:\/\/cmm.imgw.pl\/index.php?rest_route=\/wp\/v2\/types\/post"}],"author":[{"embeddable":true,"href":"https:\/\/cmm.imgw.pl\/index.php?rest_route=\/wp\/v2\/users\/3"}],"replies":[{"embeddable":true,"href":"https:\/\/cmm.imgw.pl\/index.php?rest_route=%2Fwp%2Fv2%2Fcomments&post=32210"}],"version-history":[{"count":1,"href":"https:\/\/cmm.imgw.pl\/index.php?rest_route=\/wp\/v2\/posts\/32210\/revisions"}],"predecessor-version":[{"id":32319,"href":"https:\/\/cmm.imgw.pl\/index.php?rest_route=\/wp\/v2\/posts\/32210\/revisions\/32319"}],"wp:attachment":[{"href":"https:\/\/cmm.imgw.pl\/index.php?rest_route=%2Fwp%2Fv2%2Fmedia&parent=32210"}],"wp:term":[{"taxonomy":"category","embeddable":true,"href":"https:\/\/cmm.imgw.pl\/index.php?rest_route=%2Fwp%2Fv2%2Fcategories&post=32210"},{"taxonomy":"post_tag","embeddable":true,"href":"https:\/\/cmm.imgw.pl\/index.php?rest_route=%2Fwp%2Fv2%2Ftags&post=32210"}],"curies":[{"name":"wp","href":"https:\/\/api.w.org\/{rel}","templated":true}]}}