{"id":30146,"date":"2023-05-18T07:32:59","date_gmt":"2023-05-18T05:32:59","guid":{"rendered":"https:\/\/cmm.imgw.pl\/?p=30146"},"modified":"2023-05-18T11:53:43","modified_gmt":"2023-05-18T09:53:43","slug":"komentarz-do-numerycznych-prognoz-pogody-18-19-05-2023","status":"publish","type":"post","link":"https:\/\/cmm.imgw.pl\/?p=30146","title":{"rendered":"Komentarz do numerycznych prognoz pogody (18\/19.05.2023)"},"content":{"rendered":"\n<figure class=\"wp-block-image size-large\"><img loading=\"lazy\" width=\"1024\" height=\"576\" src=\"https:\/\/cmm.imgw.pl\/wp-content\/uploads\/2023\/03\/komentarz4-1-1024x576.png\" alt=\"\" class=\"wp-image-23617\" srcset=\"https:\/\/cmm.imgw.pl\/wp-content\/uploads\/2023\/03\/komentarz4-1-1024x576.png 1024w, https:\/\/cmm.imgw.pl\/wp-content\/uploads\/2023\/03\/komentarz4-1-300x169.png 300w, https:\/\/cmm.imgw.pl\/wp-content\/uploads\/2023\/03\/komentarz4-1-768x432.png 768w, https:\/\/cmm.imgw.pl\/wp-content\/uploads\/2023\/03\/komentarz4-1-800x450.png 800w, https:\/\/cmm.imgw.pl\/wp-content\/uploads\/2023\/03\/komentarz4-1.png 1280w\" sizes=\"(max-width: 1024px) 100vw, 1024px\" \/><\/figure>\n\n\n\n<p><em>Tre\u015b\u0107 komentarza do numerycznych prognoz meteorologicznych stanowi niezale\u017cne od biura prognoz meteorologicznych opracowanie wykonane w Centrum Modelowania Meteorologicznego i nie stanowi oficjalnej prognozy synoptycznej IMGW-PIB.<\/em><\/p>\n\n\n\n<p><strong>Opracowanie:<\/strong><\/p>\n\n\n\n<p><strong>dr&nbsp;Grzegorz&nbsp;Duniec, <a href=\"https:\/\/cmm.imgw.pl\/\" target=\"_blank\" rel=\"noreferrer noopener\"><mark style=\"background-color:rgba(0, 0, 0, 0)\" class=\"has-inline-color has-vivid-cyan-blue-color\">Centrum Modelowania Meteorologicznego IMGW-PIB<\/mark><\/a><\/strong><\/p>\n\n\n<p><strong>Sytuacja synoptyczna w Europie z godziny 18 UTC, 17 V 2023 roku<\/strong><\/p>\n<p><img loading=\"lazy\" width=\"1385\" height=\"983\" class=\"wp-image-30147 aligncenter\" src=\"http:\/\/cmm.imgw.pl\/wp-content\/uploads\/2023\/05\/word-image-30146-1.png\" srcset=\"https:\/\/cmm.imgw.pl\/wp-content\/uploads\/2023\/05\/word-image-30146-1.png 1385w, https:\/\/cmm.imgw.pl\/wp-content\/uploads\/2023\/05\/word-image-30146-1-300x213.png 300w, https:\/\/cmm.imgw.pl\/wp-content\/uploads\/2023\/05\/word-image-30146-1-1024x727.png 1024w, https:\/\/cmm.imgw.pl\/wp-content\/uploads\/2023\/05\/word-image-30146-1-768x545.png 768w\" sizes=\"(max-width: 1385px) 100vw, 1385px\" \/><\/p>\n<p>Od Morza Barentsa, przez Skandynawi\u0119, wschodni\u0105 \u0141otw\u0119 i Litw\u0119, zachodni\u0105 Bia\u0142oru\u015b i Ukrain\u0119, a\u017c po Ba\u0142kany i Morze Adriatyckie rozci\u0105ga si\u0119 pofalowany front atmosferyczny. Nad Skandynawi\u0105 zalega punkt zwarcia front\u00f3w i odcinek frontu okluzji. Ruch frontu na wsch\u00f3d jest przyblokowany zalegaj\u0105cym nad zachodni\u0105 Rosj\u0105 wy\u017cem. Nad Atlantykiem zalega obszar podwy\u017cszonego ci\u015bnienia z dwoma centrami. Jeden w o\u015brodk\u00f3w zalega w pobli\u017cu Wysp Brytyjskich z centrum 1030,2 hPa, na osi klina, kt\u00f3ry si\u0119ga nad Europ\u0119 zachodni\u0105. Drugi zalega nad Atlantykiem. W tym polu barycznym rozpocz\u0105\u0142 si\u0119 proces utworzenia si\u0119 nowego antycyklonu w odga\u0142\u0119zieniu ju\u017c istniej\u0105cego wy\u017cu. Na po\u0142udniowym zachodzie od Islandii znajduje si\u0119 \u015bredniej g\u0142\u0119boko\u015bci wir cykloniczny, kt\u00f3ry jest w stadium okludowania i maksymalnej g\u0142\u0119boko\u015bci. Nad P\u0142w. Iberyjskim i nad P\u0142w. Apeni\u0144skim zalegaj\u0105 p\u0142ytkie ni\u017ce termiczne.<\/p>\n<p><img loading=\"lazy\" width=\"664\" height=\"625\" class=\"wp-image-30148 aligncenter\" src=\"http:\/\/cmm.imgw.pl\/wp-content\/uploads\/2023\/05\/word-image-30146-2.jpeg\" srcset=\"https:\/\/cmm.imgw.pl\/wp-content\/uploads\/2023\/05\/word-image-30146-2.jpeg 664w, https:\/\/cmm.imgw.pl\/wp-content\/uploads\/2023\/05\/word-image-30146-2-300x282.jpeg 300w\" sizes=\"(max-width: 664px) 100vw, 664px\" \/> <img loading=\"lazy\" width=\"656\" height=\"618\" class=\"wp-image-30149 aligncenter\" src=\"http:\/\/cmm.imgw.pl\/wp-content\/uploads\/2023\/05\/word-image-30146-3.jpeg\" srcset=\"https:\/\/cmm.imgw.pl\/wp-content\/uploads\/2023\/05\/word-image-30146-3.jpeg 656w, https:\/\/cmm.imgw.pl\/wp-content\/uploads\/2023\/05\/word-image-30146-3-300x283.jpeg 300w\" sizes=\"(max-width: 656px) 100vw, 656px\" \/><\/p>\n<p>W po\u0142udniowo wschodniej Polsce wyst\u0119powa\u0142y wy\u0142adowania doziemne oraz mi\u0119dzychmurowe.<\/p>\n<p><strong>Analiza g\u00f3rnego pola ci\u015bnienia z dnia 17 V 2023 roku, godzina 12 UTC<\/strong><\/p>\n<p><img loading=\"lazy\" width=\"1220\" height=\"1542\" class=\"wp-image-30150 aligncenter\" src=\"http:\/\/cmm.imgw.pl\/wp-content\/uploads\/2023\/05\/word-image-30146-4.gif\" \/> <img loading=\"lazy\" width=\"1220\" height=\"1542\" class=\"wp-image-30151 aligncenter\" src=\"http:\/\/cmm.imgw.pl\/wp-content\/uploads\/2023\/05\/word-image-30146-5.gif\" \/> <img loading=\"lazy\" width=\"1221\" height=\"1545\" class=\"wp-image-30152 aligncenter\" src=\"http:\/\/cmm.imgw.pl\/wp-content\/uploads\/2023\/05\/word-image-30146-6.gif\" \/><\/p>\n<p>Nad zachodni\u0105 Rosj\u0105 zalegaj\u0105cy wy\u017c jest niskim uk\u0142adem barycznym, z zamkni\u0119t\u0105 cyrkulacj\u0105 antycykloniczn\u0105 a\u017c do poziomu 700 hPa. Wy\u017cej nad Europ\u0105 wschodni\u0105 zalega klin. Nad Skandynawi\u0105 na wysoko\u015bci 850 hPa oraz 700 hPa zamkni\u0119ta cyrkulacja cykloniczna. Na wy\u017cszych poziomach izohipsy gi\u0119te na kszta\u0142t zatoki. Nad Atlantykiem zalega wir antycykloniczny, z zamkni\u0119t\u0105 cyrkulacj\u0105 na wysoko\u015bci 850 hPa. Wzd\u0142u\u017c klina na wskutek podniesienia si\u0119 powierzchni izobarycznej dosz\u0142o do utworzenia drugiej zamkni\u0119tej cyrkulacji antycyklonalnej. Powy\u017cej izohipsy s\u0105 gi\u0119te na kszta\u0142t klina. Nad Europ\u0105 po\u0142udniow\u0105 obszar s\u0142abogradientowy.<\/p>\n<p><strong>Analiza g\u00f3rnego pola wiatru<\/strong><\/p>\n<p><img loading=\"lazy\" width=\"2156\" height=\"1728\" class=\"wp-image-30153 aligncenter\" src=\"http:\/\/cmm.imgw.pl\/wp-content\/uploads\/2023\/05\/word-image-30146-7.png\" srcset=\"https:\/\/cmm.imgw.pl\/wp-content\/uploads\/2023\/05\/word-image-30146-7.png 2156w, https:\/\/cmm.imgw.pl\/wp-content\/uploads\/2023\/05\/word-image-30146-7-300x240.png 300w, https:\/\/cmm.imgw.pl\/wp-content\/uploads\/2023\/05\/word-image-30146-7-1024x821.png 1024w, https:\/\/cmm.imgw.pl\/wp-content\/uploads\/2023\/05\/word-image-30146-7-768x616.png 768w, https:\/\/cmm.imgw.pl\/wp-content\/uploads\/2023\/05\/word-image-30146-7-1536x1231.png 1536w, https:\/\/cmm.imgw.pl\/wp-content\/uploads\/2023\/05\/word-image-30146-7-2048x1641.png 2048w\" sizes=\"(max-width: 2156px) 100vw, 2156px\" \/><\/p>\n<p>W odleg\u0142o\u015bci oko\u0142o 400-700 km na zach\u00f3d od zatoki, w kt\u00f3rej zalega rozleg\u0142y pofalowany front atmosferyczny, na wysoko\u015bci FL320-340, znajduje si\u0119 pr\u0105d strumieniowy, z maksymaln\u0105 pr\u0119dko\u015bci\u0105 w osi pr\u0105du 45-65 m\/s. Pionowy zasi\u0119g pr\u0105du obejmuje obszar FL220\/420. Nad Atlantykiem, Islandi\u0105, Wyspami Brytyjskimi wyst\u0119puje pr\u0105d strumieniowy na wysoko\u015bci FL340-360, z maksymaln\u0105 pr\u0119dko\u015bci\u0105 w osi pr\u0105du 45-55 m\/s. Nad Sycyli\u0105, nad Morzem Jo\u0144skim oraz \u015ar\u00f3dziemnym zalega pr\u0105d strumieniowy na wysoko\u015bci FL340, z maksymaln\u0105 pr\u0119dko\u015bci\u0105 w osi pr\u0105du 45 m\/s.<\/p>\n<p><img loading=\"lazy\" width=\"600\" height=\"640\" class=\"wp-image-30154 aligncenter\" src=\"http:\/\/cmm.imgw.pl\/wp-content\/uploads\/2023\/05\/word-image-30146-8.png\" srcset=\"https:\/\/cmm.imgw.pl\/wp-content\/uploads\/2023\/05\/word-image-30146-8.png 600w, https:\/\/cmm.imgw.pl\/wp-content\/uploads\/2023\/05\/word-image-30146-8-281x300.png 281w\" sizes=\"(max-width: 600px) 100vw, 600px\" \/><\/p>\n<p>Z symulacji numerycznych na godzin\u0119 18 UTC wynika, \u017ce obszar maksymalnej pr\u0119dko\u015bci znajduje si\u0119 nad Ba\u0142tykiem.<\/p>\n<p><strong>Tropopauza<\/strong><\/p>\n<p>Na wsch\u00f3d Kijowa zalega wy\u017c tropopauzy (tropopauza wykazuje w tym rejonie podwy\u017cszenie i znajduje si\u0119 na wysoko\u015bci FL420). Na p\u00f3\u0142noc od Morza Czarnego wyst\u0119puje ni\u017c tropopauzy (tropopauza wykazuje w tym rejonie obni\u017cenie i znajduje si\u0119 na wysoko\u015bci FL340).<\/p>\n<p><img loading=\"lazy\" width=\"2371\" height=\"1716\" class=\"wp-image-30155 aligncenter\" src=\"http:\/\/cmm.imgw.pl\/wp-content\/uploads\/2023\/05\/word-image-30146-9.gif\" \/><\/p>\n<p>Rozk\u0142ad pola prawdopodobie\u0144stwa ugi\u0119cia tropopauzy.<\/p>\n<p><strong>Analiza termiczna troposfery<\/strong><\/p>\n<p><img loading=\"lazy\" width=\"634\" height=\"490\" class=\"wp-image-30156 aligncenter\" src=\"http:\/\/cmm.imgw.pl\/wp-content\/uploads\/2023\/05\/thck-500-1000hpa-gfs-sro-17-05-2023-18-utc.gif\" alt=\"Thck 500-1000hPa GFS \u015bro. 17.05.2023 18 UTC\" \/><strong><img loading=\"lazy\" width=\"626\" height=\"558\" class=\"wp-image-30157 aligncenter\" src=\"http:\/\/cmm.imgw.pl\/wp-content\/uploads\/2023\/05\/word-image-30146-11.png\" srcset=\"https:\/\/cmm.imgw.pl\/wp-content\/uploads\/2023\/05\/word-image-30146-11.png 626w, https:\/\/cmm.imgw.pl\/wp-content\/uploads\/2023\/05\/word-image-30146-11-300x267.png 300w\" sizes=\"(max-width: 626px) 100vw, 626px\" \/><\/strong><\/p>\n<p><strong><img loading=\"lazy\" width=\"782\" height=\"699\" class=\"wp-image-30158 aligncenter\" src=\"http:\/\/cmm.imgw.pl\/wp-content\/uploads\/2023\/05\/word-image-30146-12.png\" srcset=\"https:\/\/cmm.imgw.pl\/wp-content\/uploads\/2023\/05\/word-image-30146-12.png 782w, https:\/\/cmm.imgw.pl\/wp-content\/uploads\/2023\/05\/word-image-30146-12-300x268.png 300w, https:\/\/cmm.imgw.pl\/wp-content\/uploads\/2023\/05\/word-image-30146-12-768x686.png 768w\" sizes=\"(max-width: 782px) 100vw, 782px\" \/><\/strong><\/p>\n<p>Nad Morzem Norweskim a\u017c po Skandynawi\u0119 zalega powietrze arktyczne. Nad zachodni\u0105 Rosj\u0105, w obszarze wy\u017cu, znajduje si\u0119 powietrze polarno-kontynentalne. Na pozosta\u0142ym obszarze powietrze polarno-morskie. Na wysoko\u015bci 500 hPa nad Skandynawi\u0105 znajduje si\u0119 centrum ch\u0142odu, z zamkni\u0119t\u0105 izoterm\u0105 -26 st. C. R\u00f3wnie\u017c na wysoko\u015bci 300 hPa, nad Zatok\u0105 Botnick\u0105 oraz cz\u0119\u015bciowo nad Ba\u0142tykiem zamkni\u0119ta izoterma -44 st. C. Nad Europ\u0105 wschodni\u0105 zalega klin ciep\u0142a. Nad Europ\u0105 zachodni\u0105 zatoka ch\u0142odu.<\/p>\n<p><img loading=\"lazy\" width=\"874\" height=\"531\" class=\"wp-image-30159 aligncenter\" src=\"http:\/\/cmm.imgw.pl\/wp-content\/uploads\/2023\/05\/word-image-30146-13.png\" srcset=\"https:\/\/cmm.imgw.pl\/wp-content\/uploads\/2023\/05\/word-image-30146-13.png 874w, https:\/\/cmm.imgw.pl\/wp-content\/uploads\/2023\/05\/word-image-30146-13-300x182.png 300w, https:\/\/cmm.imgw.pl\/wp-content\/uploads\/2023\/05\/word-image-30146-13-768x467.png 768w\" sizes=\"(max-width: 874px) 100vw, 874px\" \/><\/p>\n<p>Kierunek przep\u0142ywu mas powietrza na wysoko\u015bci 500 hPa, 17 V 2023, godzona 23. <a href=\"http:\/\/www.windy.com\">www.windy.com<\/a><\/p>\n<p><img loading=\"lazy\" width=\"600\" height=\"640\" class=\"wp-image-30160 aligncenter\" src=\"http:\/\/cmm.imgw.pl\/wp-content\/uploads\/2023\/05\/word-image-30146-14.png\" srcset=\"https:\/\/cmm.imgw.pl\/wp-content\/uploads\/2023\/05\/word-image-30146-14.png 600w, https:\/\/cmm.imgw.pl\/wp-content\/uploads\/2023\/05\/word-image-30146-14-281x300.png 281w\" sizes=\"(max-width: 600px) 100vw, 600px\" \/><\/p>\n<p>Wschodnie rejony kraju na skraju klina ciep\u0142a. Polska zachodnia na skraju zatoki ch\u0142odu.<\/p>\n<p><strong>Rozw\u00f3j sytuacji barycznej nad Europ\u0105 <\/strong><\/p>\n<p><img loading=\"lazy\" width=\"1075\" height=\"764\" class=\"wp-image-30161 aligncenter\" src=\"http:\/\/cmm.imgw.pl\/wp-content\/uploads\/2023\/05\/word-image-30146-15.gif\" \/> <img loading=\"lazy\" width=\"1075\" height=\"764\" class=\"wp-image-30162 aligncenter\" src=\"http:\/\/cmm.imgw.pl\/wp-content\/uploads\/2023\/05\/word-image-30146-16.gif\" \/><\/p>\n<p>W czwartek klin wy\u017cowy znad Europy zachodniej rozbuduje si\u0119 na wsch\u00f3d i cz\u0119\u015bciowo obejmie Polsk\u0119. Rozleg\u0142a zatoka z pofalowanym frontem nieznacznie przemie\u015bci si\u0119 na wsch\u00f3d. Punkt zwarcia front\u00f3w przesunie si\u0119 nad P\u0142w. Kolski i w ci\u0105gu nast\u0119pnej doby przemieszcza\u0107 si\u0119 b\u0119dzie w kierunku NNE. Nad p\u00f3\u0142nocno zachodni\u0105 Rosj\u0105, w granicach domeny obliczeniowej, widoczny b\u0119dzie wy\u017c. Nad Islandi\u0105 zalega\u0107 b\u0119dzie uk\u0142ad niskiego ci\u015bnienia z centrum 990 hPa. Nad Morzem Norweskim znajdzie si\u0119 p\u0142ytki ni\u017c z o\u015brodkiem 1005 hPa. Nad Atlantykiem umocni si\u0119 wy\u017c, kt\u00f3ry po po\u0142udniu zacznie s\u0142abn\u0105\u0107. W nocy z czwartku na pi\u0105tek, w wyniku przebudowy pola barycznego, front ciep\u0142y przemie\u015bci si\u0119 na zach\u00f3d zatem wschodnie i centralne rejony kraju b\u0119d\u0105 w jego zasi\u0119gu. Nad Ba\u0142tykiem utworzy si\u0119 na osi klina, w wyniku wzrostu ci\u015bnienia, zamkni\u0119ta cyrkulacja antycykloniczna. Nad P\u0142w. Iberyjskim, Morzem \u015ar\u00f3dziemnym, zalega obszar obni\u017conego ci\u015bnienia. W \u015brod\u0119 w rejonie Sycylii oraz Morza \u015ar\u00f3dziemnego utworzy si\u0119 s\u0142aby wy\u017c.<\/p>\n<p><strong>Rozw\u00f3j g\u00f3rnego pola ci\u015bnienia<\/strong><\/p>\n<p><img loading=\"lazy\" width=\"696\" height=\"488\" class=\"wp-image-30163 aligncenter\" src=\"http:\/\/cmm.imgw.pl\/wp-content\/uploads\/2023\/05\/word-image-30146-17.png\" srcset=\"https:\/\/cmm.imgw.pl\/wp-content\/uploads\/2023\/05\/word-image-30146-17.png 696w, https:\/\/cmm.imgw.pl\/wp-content\/uploads\/2023\/05\/word-image-30146-17-300x210.png 300w\" sizes=\"(max-width: 696px) 100vw, 696px\" \/> <img loading=\"lazy\" width=\"697\" height=\"488\" class=\"wp-image-30164 aligncenter\" src=\"http:\/\/cmm.imgw.pl\/wp-content\/uploads\/2023\/05\/word-image-30146-18.png\" srcset=\"https:\/\/cmm.imgw.pl\/wp-content\/uploads\/2023\/05\/word-image-30146-18.png 697w, https:\/\/cmm.imgw.pl\/wp-content\/uploads\/2023\/05\/word-image-30146-18-300x210.png 300w\" sizes=\"(max-width: 697px) 100vw, 697px\" \/> <img loading=\"lazy\" width=\"696\" height=\"485\" class=\"wp-image-30165 aligncenter\" src=\"http:\/\/cmm.imgw.pl\/wp-content\/uploads\/2023\/05\/word-image-30146-19.png\" srcset=\"https:\/\/cmm.imgw.pl\/wp-content\/uploads\/2023\/05\/word-image-30146-19.png 696w, https:\/\/cmm.imgw.pl\/wp-content\/uploads\/2023\/05\/word-image-30146-19-300x209.png 300w\" sizes=\"(max-width: 696px) 100vw, 696px\" \/> <img loading=\"lazy\" width=\"697\" height=\"487\" class=\"wp-image-30166 aligncenter\" src=\"http:\/\/cmm.imgw.pl\/wp-content\/uploads\/2023\/05\/word-image-30146-20.png\" srcset=\"https:\/\/cmm.imgw.pl\/wp-content\/uploads\/2023\/05\/word-image-30146-20.png 697w, https:\/\/cmm.imgw.pl\/wp-content\/uploads\/2023\/05\/word-image-30146-20-300x210.png 300w\" sizes=\"(max-width: 697px) 100vw, 697px\" \/> <img loading=\"lazy\" width=\"678\" height=\"468\" class=\"wp-image-30167 aligncenter\" src=\"http:\/\/cmm.imgw.pl\/wp-content\/uploads\/2023\/05\/word-image-30146-21.jpeg\" srcset=\"https:\/\/cmm.imgw.pl\/wp-content\/uploads\/2023\/05\/word-image-30146-21.jpeg 678w, https:\/\/cmm.imgw.pl\/wp-content\/uploads\/2023\/05\/word-image-30146-21-300x207.jpeg 300w\" sizes=\"(max-width: 678px) 100vw, 678px\" \/> <img loading=\"lazy\" width=\"678\" height=\"472\" class=\"wp-image-30168 aligncenter\" src=\"http:\/\/cmm.imgw.pl\/wp-content\/uploads\/2023\/05\/word-image-30146-22.jpeg\" srcset=\"https:\/\/cmm.imgw.pl\/wp-content\/uploads\/2023\/05\/word-image-30146-22.jpeg 678w, https:\/\/cmm.imgw.pl\/wp-content\/uploads\/2023\/05\/word-image-30146-22-300x209.jpeg 300w\" sizes=\"(max-width: 678px) 100vw, 678px\" \/><\/p>\n<p>Wy\u017c zalegaj\u0105cy nad Atlantykiem i klinem si\u0119gaj\u0105cym nad Europ\u0119 zachodni\u0105, jest niskim uk\u0142adem barycznym, z zamkni\u0119t\u0105 cyrkulacj\u0105 antycykloniczn\u0105. Wy\u017cej izohipsy gi\u0119te na kszta\u0142t klina. Proces s\u0142abni\u0119cia dotrze do poziomu 850 hPa. Wysoko\u015b\u0107 powierzchni izobarycznych obni\u017cy si\u0119. Na wy\u017cszych poziomach wysoko\u015b\u0107 powierzchni izobarycznych zwi\u0119kszy si\u0119. Natomiast na wysoko\u015bci 300 hPa ponownie widoczne b\u0119dzie zmniejszenie si\u0119 wysoko\u015bci powierzchni izobarycznej. Na osi klina, w wyniku podniesienia si\u0119 powierzchni izobarycznych, utworzy si\u0119 zamkni\u0119ta cyrkulacja antycyklonalna, kt\u00f3ra b\u0119dzie ju\u017c widoczna na wysoko\u015bci 850 hPa, z o\u015brodkiem 160 gpdam. Nad Skandynawi\u0105 i Morzem Norweskim zalega\u0107 b\u0119dzie klin, kt\u00f3rego o\u015b pochylona b\u0119dzie na zach\u00f3d, w kierunku cieplejszej masy powietrza. W czwartek nad P\u0142w. Kolskim i Morzem Bia\u0142ym oraz p\u00f3\u0142nocn\u0105 Skandynawi\u0105 izohipsy b\u0119d\u0105 gi\u0119te na kszta\u0142t zatoki. W wyniku utworzenia si\u0119 cyrkulacji antycyklonicznej nad Ba\u0142tykiem izohipsy na wysoko\u015bci 850 hPa wyprostuj\u0105 si\u0119. Nad Europ\u0105 zachodni\u0105 i po\u0142udniowo zachodni\u0105, na wysoko\u015bci 500 hPa oraz 300 hPa zalega\u0107 b\u0119dzie zatoka. Nad Skandynawi\u0105, Morzem Norweskim, Atlantykiem i Islandi\u0105 wyst\u0119powa\u0107 b\u0119dzie du\u017ce zag\u0119szczenie izohips, co wskazuje na wzrost pr\u0119dko\u015bci wiatru w tym obszarze.<\/p>\n<p><strong>Rozw\u00f3j g\u00f3rnego pola wiatru<\/strong><\/p>\n<p><img loading=\"lazy\" width=\"2156\" height=\"1728\" class=\"wp-image-30169 aligncenter\" src=\"http:\/\/cmm.imgw.pl\/wp-content\/uploads\/2023\/05\/word-image-30146-23.png\" srcset=\"https:\/\/cmm.imgw.pl\/wp-content\/uploads\/2023\/05\/word-image-30146-23.png 2156w, https:\/\/cmm.imgw.pl\/wp-content\/uploads\/2023\/05\/word-image-30146-23-300x240.png 300w, https:\/\/cmm.imgw.pl\/wp-content\/uploads\/2023\/05\/word-image-30146-23-1024x821.png 1024w, https:\/\/cmm.imgw.pl\/wp-content\/uploads\/2023\/05\/word-image-30146-23-768x616.png 768w, https:\/\/cmm.imgw.pl\/wp-content\/uploads\/2023\/05\/word-image-30146-23-1536x1231.png 1536w, https:\/\/cmm.imgw.pl\/wp-content\/uploads\/2023\/05\/word-image-30146-23-2048x1641.png 2048w\" sizes=\"(max-width: 2156px) 100vw, 2156px\" \/><\/p>\n<p>Nad Ba\u0142tykiem, Estoni\u0105, P\u0142w. Kolskim, Morzem Bia\u0142ym i Barentsa znajdowa\u0107 si\u0119 b\u0119dzie Jet Stream na wysoko\u015bci FL310, z maksymaln\u0105 pr\u0119dko\u015bci\u0105 w osi pr\u0105du 45-55 m\/s. W rejonie Morza Norweskiego zalega\u0107 b\u0119dzie pr\u0105d strumieniowy na wysoko\u015bci FL290, z maksymaln\u0105 pr\u0119dko\u015bci\u0105 w osi pr\u0105du 47,5 m\/s. Nad Atlantykiem i wschodni\u0105 Islandi\u0105 wyst\u0119powa\u0107 b\u0119dzie pr\u0105d strumieniowy na wysoko\u015bci FL330, z maksymaln\u0105 pr\u0119dko\u015bci\u0105 w osi pr\u0105du 45 m\/s.<\/p>\n<p><img loading=\"lazy\" width=\"600\" height=\"640\" class=\"wp-image-30170 aligncenter\" src=\"http:\/\/cmm.imgw.pl\/wp-content\/uploads\/2023\/05\/word-image-30146-24.png\" srcset=\"https:\/\/cmm.imgw.pl\/wp-content\/uploads\/2023\/05\/word-image-30146-24.png 600w, https:\/\/cmm.imgw.pl\/wp-content\/uploads\/2023\/05\/word-image-30146-24-281x300.png 281w\" sizes=\"(max-width: 600px) 100vw, 600px\" \/> <img loading=\"lazy\" width=\"600\" height=\"640\" class=\"wp-image-30171 aligncenter\" src=\"http:\/\/cmm.imgw.pl\/wp-content\/uploads\/2023\/05\/word-image-30146-25.png\" srcset=\"https:\/\/cmm.imgw.pl\/wp-content\/uploads\/2023\/05\/word-image-30146-25.png 600w, https:\/\/cmm.imgw.pl\/wp-content\/uploads\/2023\/05\/word-image-30146-25-281x300.png 281w\" sizes=\"(max-width: 600px) 100vw, 600px\" \/> <img loading=\"lazy\" width=\"600\" height=\"640\" class=\"wp-image-30172 aligncenter\" src=\"http:\/\/cmm.imgw.pl\/wp-content\/uploads\/2023\/05\/word-image-30146-26.png\" srcset=\"https:\/\/cmm.imgw.pl\/wp-content\/uploads\/2023\/05\/word-image-30146-26.png 600w, https:\/\/cmm.imgw.pl\/wp-content\/uploads\/2023\/05\/word-image-30146-26-281x300.png 281w\" sizes=\"(max-width: 600px) 100vw, 600px\" \/> <img loading=\"lazy\" width=\"600\" height=\"640\" class=\"wp-image-30173 aligncenter\" src=\"http:\/\/cmm.imgw.pl\/wp-content\/uploads\/2023\/05\/word-image-30146-27.png\" srcset=\"https:\/\/cmm.imgw.pl\/wp-content\/uploads\/2023\/05\/word-image-30146-27.png 600w, https:\/\/cmm.imgw.pl\/wp-content\/uploads\/2023\/05\/word-image-30146-27-281x300.png 281w\" sizes=\"(max-width: 600px) 100vw, 600px\" \/><\/p>\n<p>W dzie\u0144, na wysoko\u015bci 9 km na p\u00f3\u0142nocy i na zachodzie kraju, wyst\u0119powa\u0107 b\u0119dzie pole zwi\u0119kszonej pr\u0119dko\u015bci wiatru. Z up\u0142ywem czasu wiatr os\u0142abnie.<\/p>\n<p><img loading=\"lazy\" width=\"634\" height=\"490\" class=\"wp-image-30174 aligncenter\" src=\"http:\/\/cmm.imgw.pl\/wp-content\/uploads\/2023\/05\/prad-strumieniowy-gfs-czw-18-05-2023-12-utc.gif\" alt=\"Pr\u0105d strumieniowy GFS czw. 18.05.2023 12 UTC\" \/> <img loading=\"lazy\" width=\"634\" height=\"490\" class=\"wp-image-30175 aligncenter\" src=\"http:\/\/cmm.imgw.pl\/wp-content\/uploads\/2023\/05\/prad-strumieniowy-gfs-pt-19-05-2023-00-utc.gif\" alt=\"Pr\u0105d strumieniowy GFS pt. 19.05.2023 00 UTC\" \/> <img loading=\"lazy\" width=\"634\" height=\"490\" class=\"wp-image-30176 aligncenter\" src=\"http:\/\/cmm.imgw.pl\/wp-content\/uploads\/2023\/05\/prad-strumieniowy-gfs-pt-19-05-2023-12-utc.gif\" alt=\"Pr\u0105d strumieniowy GFS pt. 19.05.2023 12 UTC\" \/><\/p>\n<p>Na zach\u00f3d od Islandii wyst\u0119powa\u0107 b\u0119dzie proces intensyfikacji pr\u0119dko\u015bci wiatru na wysoko\u015bci 9 km. Strefa wiatru b\u0119dzie przemieszcza\u0142a na wsch\u00f3d i ju\u017c w pi\u0105tek dotrze do granic zachodnich Islandii.<\/p>\n<p><strong>Rozw\u00f3j tropopauzy<\/strong><\/p>\n<p>Nad Ukrain\u0105 znajdzie si\u0119 wy\u017c tropopauzy (tropopauza wyka\u017ce w tym rejonie podwy\u017cszenie i znajdzie si\u0119 na wysoko\u015bci FL410).<\/p>\n<p><strong>Rozw\u00f3j warunk\u00f3w termicznych troposfery <\/strong><\/p>\n<p><img loading=\"lazy\" width=\"634\" height=\"490\" class=\"wp-image-30177 aligncenter\" src=\"http:\/\/cmm.imgw.pl\/wp-content\/uploads\/2023\/05\/thck-500-1000hpa-gfs-czw-18-05-2023-12-utc-1.gif\" alt=\"Thck 500-1000hPa GFS czw. 18.05.2023 12 UTC\" \/> <img loading=\"lazy\" width=\"634\" height=\"490\" class=\"wp-image-30178 aligncenter\" src=\"http:\/\/cmm.imgw.pl\/wp-content\/uploads\/2023\/05\/thck-500-1000hpa-gfs-pt-19-05-2023-00-utc.gif\" alt=\"Thck 500-1000hPa GFS pt. 19.05.2023 00 UTC\" \/><\/p>\n<p>W ci\u0105gu najbli\u017cszej doby rozk\u0142ad mas powietrza nad kontynentem nie ulegnie istotnym zmianom.<\/p>\n<p><strong><img loading=\"lazy\" width=\"646\" height=\"625\" class=\"wp-image-30179 aligncenter\" src=\"http:\/\/cmm.imgw.pl\/wp-content\/uploads\/2023\/05\/word-image-30146-33.png\" srcset=\"https:\/\/cmm.imgw.pl\/wp-content\/uploads\/2023\/05\/word-image-30146-33.png 646w, https:\/\/cmm.imgw.pl\/wp-content\/uploads\/2023\/05\/word-image-30146-33-300x290.png 300w\" sizes=\"(max-width: 646px) 100vw, 646px\" \/><\/strong><\/p>\n<p>Przep\u0142yw mas powietrza na wysoko\u015bci 500 hPa, 18 V 2023 roku, godzina 12. <a href=\"http:\/\/www.windy.com\">www.windy.com<\/a><\/p>\n<p><img loading=\"lazy\" width=\"600\" height=\"640\" class=\"wp-image-30180 aligncenter\" src=\"http:\/\/cmm.imgw.pl\/wp-content\/uploads\/2023\/05\/word-image-30146-34.png\" srcset=\"https:\/\/cmm.imgw.pl\/wp-content\/uploads\/2023\/05\/word-image-30146-34.png 600w, https:\/\/cmm.imgw.pl\/wp-content\/uploads\/2023\/05\/word-image-30146-34-281x300.png 281w\" sizes=\"(max-width: 600px) 100vw, 600px\" \/> <img loading=\"lazy\" width=\"600\" height=\"640\" class=\"wp-image-30181 aligncenter\" src=\"http:\/\/cmm.imgw.pl\/wp-content\/uploads\/2023\/05\/word-image-30146-35.png\" srcset=\"https:\/\/cmm.imgw.pl\/wp-content\/uploads\/2023\/05\/word-image-30146-35.png 600w, https:\/\/cmm.imgw.pl\/wp-content\/uploads\/2023\/05\/word-image-30146-35-281x300.png 281w\" sizes=\"(max-width: 600px) 100vw, 600px\" \/> <img loading=\"lazy\" width=\"600\" height=\"640\" class=\"wp-image-30182 aligncenter\" src=\"http:\/\/cmm.imgw.pl\/wp-content\/uploads\/2023\/05\/word-image-30146-36.png\" srcset=\"https:\/\/cmm.imgw.pl\/wp-content\/uploads\/2023\/05\/word-image-30146-36.png 600w, https:\/\/cmm.imgw.pl\/wp-content\/uploads\/2023\/05\/word-image-30146-36-281x300.png 281w\" sizes=\"(max-width: 600px) 100vw, 600px\" \/><\/p>\n<p>W czwartek rozk\u0142ad w\u0142a\u015bciwo\u015bci termicznej masy powietrza b\u0119dzie zachowany. W ci\u0105gu najbli\u017cszej doby zatoka ch\u0142odu zostanie wyparta, a od wschodu cofnie si\u0119 klin ciep\u0142a. Prawdopodobnie, w pi\u0105tek pogod\u0119 w kraju b\u0119dzie kszta\u0142towa\u0142 front ciep\u0142y przemieszczaj\u0105cy si\u0119 ze wschodu na zach\u00f3d lub SE na NW. Z pi\u0105tku na sobot\u0119 nast\u0105pi frontoliza i front si\u0119 rozmyje.<\/p>\n<p><strong>Ewolucja pola wilgotno\u015bci w troposferze<\/strong><\/p>\n<p><img loading=\"lazy\" width=\"600\" height=\"640\" class=\"wp-image-30183 aligncenter\" src=\"http:\/\/cmm.imgw.pl\/wp-content\/uploads\/2023\/05\/word-image-30146-37.png\" srcset=\"https:\/\/cmm.imgw.pl\/wp-content\/uploads\/2023\/05\/word-image-30146-37.png 600w, https:\/\/cmm.imgw.pl\/wp-content\/uploads\/2023\/05\/word-image-30146-37-281x300.png 281w\" sizes=\"(max-width: 600px) 100vw, 600px\" \/> <img loading=\"lazy\" width=\"600\" height=\"640\" class=\"wp-image-30184 aligncenter\" src=\"http:\/\/cmm.imgw.pl\/wp-content\/uploads\/2023\/05\/word-image-30146-38.png\" srcset=\"https:\/\/cmm.imgw.pl\/wp-content\/uploads\/2023\/05\/word-image-30146-38.png 600w, https:\/\/cmm.imgw.pl\/wp-content\/uploads\/2023\/05\/word-image-30146-38-281x300.png 281w\" sizes=\"(max-width: 600px) 100vw, 600px\" \/><\/p>\n<p>W zasi\u0119gu frontu, na wschodzie Polski, na wysoko\u015bci 850 hPa, wilgotno\u015b\u0107 wysoka. Na pozosta\u0142ym obszarze du\u017ca, ze strefami spadku wilgotno\u015bci do 50 %.<\/p>\n<p><img loading=\"lazy\" width=\"600\" height=\"640\" class=\"wp-image-30185 aligncenter\" src=\"http:\/\/cmm.imgw.pl\/wp-content\/uploads\/2023\/05\/word-image-30146-39.png\" srcset=\"https:\/\/cmm.imgw.pl\/wp-content\/uploads\/2023\/05\/word-image-30146-39.png 600w, https:\/\/cmm.imgw.pl\/wp-content\/uploads\/2023\/05\/word-image-30146-39-281x300.png 281w\" sizes=\"(max-width: 600px) 100vw, 600px\" \/> <img loading=\"lazy\" width=\"600\" height=\"640\" class=\"wp-image-30186 aligncenter\" src=\"http:\/\/cmm.imgw.pl\/wp-content\/uploads\/2023\/05\/word-image-30146-40.png\" srcset=\"https:\/\/cmm.imgw.pl\/wp-content\/uploads\/2023\/05\/word-image-30146-40.png 600w, https:\/\/cmm.imgw.pl\/wp-content\/uploads\/2023\/05\/word-image-30146-40-281x300.png 281w\" sizes=\"(max-width: 600px) 100vw, 600px\" \/><\/p>\n<p>W ci\u0105gu dnia, na wysoko\u015bci 500 hPa, w pasie Polski wschodniej, a\u017c po centraln\u0105 oraz lokalnie w w\u0105skim pasie na zachodzie i p\u00f3\u0142nocnym zachodzie kraju wilgotno\u015b\u0107 od umiarkowanej do wysokiej. W nocy strefa du\u017cej wilgotno\u015bci zaw\u0119zi si\u0119, co skutkowa\u0107 b\u0119dzie zmniejszeniem wilgotno\u015bci do 20-50% w po\u0142udniowo wschodniej Polsce. Na zachodzie kraju wilgotno\u015b\u0107 wynosi\u0107 b\u0119dzie oko\u0142o 50 %.<\/p>\n<p><img loading=\"lazy\" width=\"600\" height=\"640\" class=\"wp-image-30187 aligncenter\" src=\"http:\/\/cmm.imgw.pl\/wp-content\/uploads\/2023\/05\/word-image-30146-41.png\" srcset=\"https:\/\/cmm.imgw.pl\/wp-content\/uploads\/2023\/05\/word-image-30146-41.png 600w, https:\/\/cmm.imgw.pl\/wp-content\/uploads\/2023\/05\/word-image-30146-41-281x300.png 281w\" sizes=\"(max-width: 600px) 100vw, 600px\" \/> <img loading=\"lazy\" width=\"600\" height=\"640\" class=\"wp-image-30188 aligncenter\" src=\"http:\/\/cmm.imgw.pl\/wp-content\/uploads\/2023\/05\/word-image-30146-42.png\" srcset=\"https:\/\/cmm.imgw.pl\/wp-content\/uploads\/2023\/05\/word-image-30146-42.png 600w, https:\/\/cmm.imgw.pl\/wp-content\/uploads\/2023\/05\/word-image-30146-42-281x300.png 281w\" sizes=\"(max-width: 600px) 100vw, 600px\" \/><\/p>\n<p>Na wysoko\u015bci 9 km dominowa\u0107 b\u0119dzie wilgotno\u015b\u0107 wysoka, 95-99%.<\/p>\n<p><strong>Prognoza zachmurzenia<\/strong><\/p>\n<p><img loading=\"lazy\" width=\"900\" height=\"800\" class=\"wp-image-30189 aligncenter\" src=\"http:\/\/cmm.imgw.pl\/wp-content\/uploads\/2023\/05\/word-image-30146-43.png\" srcset=\"https:\/\/cmm.imgw.pl\/wp-content\/uploads\/2023\/05\/word-image-30146-43.png 900w, https:\/\/cmm.imgw.pl\/wp-content\/uploads\/2023\/05\/word-image-30146-43-300x267.png 300w, https:\/\/cmm.imgw.pl\/wp-content\/uploads\/2023\/05\/word-image-30146-43-768x683.png 768w\" sizes=\"(max-width: 900px) 100vw, 900px\" \/> <img loading=\"lazy\" width=\"900\" height=\"800\" class=\"wp-image-30190 aligncenter\" src=\"http:\/\/cmm.imgw.pl\/wp-content\/uploads\/2023\/05\/word-image-30146-44.png\" srcset=\"https:\/\/cmm.imgw.pl\/wp-content\/uploads\/2023\/05\/word-image-30146-44.png 900w, https:\/\/cmm.imgw.pl\/wp-content\/uploads\/2023\/05\/word-image-30146-44-300x267.png 300w, https:\/\/cmm.imgw.pl\/wp-content\/uploads\/2023\/05\/word-image-30146-44-768x683.png 768w\" sizes=\"(max-width: 900px) 100vw, 900px\" \/> <img loading=\"lazy\" width=\"900\" height=\"800\" class=\"wp-image-30191 aligncenter\" src=\"http:\/\/cmm.imgw.pl\/wp-content\/uploads\/2023\/05\/word-image-30146-45.png\" srcset=\"https:\/\/cmm.imgw.pl\/wp-content\/uploads\/2023\/05\/word-image-30146-45.png 900w, https:\/\/cmm.imgw.pl\/wp-content\/uploads\/2023\/05\/word-image-30146-45-300x267.png 300w, https:\/\/cmm.imgw.pl\/wp-content\/uploads\/2023\/05\/word-image-30146-45-768x683.png 768w\" sizes=\"(max-width: 900px) 100vw, 900px\" \/> <img loading=\"lazy\" width=\"900\" height=\"800\" class=\"wp-image-30192 aligncenter\" src=\"http:\/\/cmm.imgw.pl\/wp-content\/uploads\/2023\/05\/word-image-30146-46.png\" srcset=\"https:\/\/cmm.imgw.pl\/wp-content\/uploads\/2023\/05\/word-image-30146-46.png 900w, https:\/\/cmm.imgw.pl\/wp-content\/uploads\/2023\/05\/word-image-30146-46-300x267.png 300w, https:\/\/cmm.imgw.pl\/wp-content\/uploads\/2023\/05\/word-image-30146-46-768x683.png 768w\" sizes=\"(max-width: 900px) 100vw, 900px\" \/><\/p>\n<p><img loading=\"lazy\" width=\"600\" height=\"640\" class=\"wp-image-30193 aligncenter\" src=\"http:\/\/cmm.imgw.pl\/wp-content\/uploads\/2023\/05\/word-image-30146-47.png\" srcset=\"https:\/\/cmm.imgw.pl\/wp-content\/uploads\/2023\/05\/word-image-30146-47.png 600w, https:\/\/cmm.imgw.pl\/wp-content\/uploads\/2023\/05\/word-image-30146-47-281x300.png 281w\" sizes=\"(max-width: 600px) 100vw, 600px\" \/> <img loading=\"lazy\" width=\"600\" height=\"640\" class=\"wp-image-30194 aligncenter\" src=\"http:\/\/cmm.imgw.pl\/wp-content\/uploads\/2023\/05\/word-image-30146-48.png\" srcset=\"https:\/\/cmm.imgw.pl\/wp-content\/uploads\/2023\/05\/word-image-30146-48.png 600w, https:\/\/cmm.imgw.pl\/wp-content\/uploads\/2023\/05\/word-image-30146-48-281x300.png 281w\" sizes=\"(max-width: 600px) 100vw, 600px\" \/><\/p>\n<p><img loading=\"lazy\" width=\"600\" height=\"640\" class=\"wp-image-30195 aligncenter\" src=\"http:\/\/cmm.imgw.pl\/wp-content\/uploads\/2023\/05\/word-image-30146-49.png\" srcset=\"https:\/\/cmm.imgw.pl\/wp-content\/uploads\/2023\/05\/word-image-30146-49.png 600w, https:\/\/cmm.imgw.pl\/wp-content\/uploads\/2023\/05\/word-image-30146-49-281x300.png 281w\" sizes=\"(max-width: 600px) 100vw, 600px\" \/><\/p>\n<p><img loading=\"lazy\" width=\"600\" height=\"640\" class=\"wp-image-30196 aligncenter\" src=\"http:\/\/cmm.imgw.pl\/wp-content\/uploads\/2023\/05\/word-image-30146-50.png\" srcset=\"https:\/\/cmm.imgw.pl\/wp-content\/uploads\/2023\/05\/word-image-30146-50.png 600w, https:\/\/cmm.imgw.pl\/wp-content\/uploads\/2023\/05\/word-image-30146-50-281x300.png 281w\" sizes=\"(max-width: 600px) 100vw, 600px\" \/> <img loading=\"lazy\" width=\"600\" height=\"640\" class=\"wp-image-30197 aligncenter\" src=\"http:\/\/cmm.imgw.pl\/wp-content\/uploads\/2023\/05\/word-image-30146-51.png\" srcset=\"https:\/\/cmm.imgw.pl\/wp-content\/uploads\/2023\/05\/word-image-30146-51.png 600w, https:\/\/cmm.imgw.pl\/wp-content\/uploads\/2023\/05\/word-image-30146-51-281x300.png 281w\" sizes=\"(max-width: 600px) 100vw, 600px\" \/><\/p>\n<p><span class=\"ui-provider hb b c d e f g h i j k l m n o p q r s t u v w x y z ab ac ae af ag ah ai aj ak\" dir=\"ltr\">Symulacje numeryczne pola zachmurzenia ca\u0142kowitego, z wykorzystaniem kilku modeli numerycznych prognoz pogody (ICON, ECMWF, AROME, COSMO, GFS), wskazuj\u0105 na r\u00f3\u017cne scenariusze. Jedynie zgodno\u015b\u0107 wynik\u00f3w dotyczy obszaru Polski wschodniej, kt\u00f3ra b\u0119dzie w zasi\u0119gu frontu ciep\u0142ego. Na zachodzie kraju wyst\u0119puj\u0105 rozbie\u017cno\u015bci, prawdopodobnie wyst\u0119powa\u0107 b\u0119dzie zachmurzenie umiarkowane oraz du\u017ce. Na zachmurzenie to z\u0142o\u017cy si\u0119 pokrycie nieba przez chmury r\u00f3\u017cnych pi\u0119ter. Szczeg\u00f3\u0142owy rozk\u0142ad pola zachmurzenia, na poszczeg\u00f3lnych pi\u0119trach, na za\u0142\u0105czonych poni\u017cej mapach. R\u00f3\u017cnice w symulacjach wynikaj\u0105 z wielu czynnik\u00f3w, a mianowicie r\u00f3\u017cnych schemat\u00f3w parametryzacyjnych stosowanych do opisu proces\u00f3w mikrofizycznych zachodz\u0105cych w chmurach, r\u00f3\u017cnych schemat\u00f3w numerycznych zastosowanych w obliczeniach oraz r\u00f3\u017cnych siatek numerycznych.<\/span><\/p>\n<p><img loading=\"lazy\" width=\"600\" height=\"640\" class=\"wp-image-30198 aligncenter\" src=\"http:\/\/cmm.imgw.pl\/wp-content\/uploads\/2023\/05\/word-image-30146-52.png\" srcset=\"https:\/\/cmm.imgw.pl\/wp-content\/uploads\/2023\/05\/word-image-30146-52.png 600w, https:\/\/cmm.imgw.pl\/wp-content\/uploads\/2023\/05\/word-image-30146-52-281x300.png 281w\" sizes=\"(max-width: 600px) 100vw, 600px\" \/> <img loading=\"lazy\" width=\"600\" height=\"640\" class=\"wp-image-30199 aligncenter\" src=\"http:\/\/cmm.imgw.pl\/wp-content\/uploads\/2023\/05\/word-image-30146-53.png\" srcset=\"https:\/\/cmm.imgw.pl\/wp-content\/uploads\/2023\/05\/word-image-30146-53.png 600w, https:\/\/cmm.imgw.pl\/wp-content\/uploads\/2023\/05\/word-image-30146-53-281x300.png 281w\" sizes=\"(max-width: 600px) 100vw, 600px\" \/> <img loading=\"lazy\" width=\"600\" height=\"640\" class=\"wp-image-30200 aligncenter\" src=\"http:\/\/cmm.imgw.pl\/wp-content\/uploads\/2023\/05\/word-image-30146-54.png\" srcset=\"https:\/\/cmm.imgw.pl\/wp-content\/uploads\/2023\/05\/word-image-30146-54.png 600w, https:\/\/cmm.imgw.pl\/wp-content\/uploads\/2023\/05\/word-image-30146-54-281x300.png 281w\" sizes=\"(max-width: 600px) 100vw, 600px\" \/> <img loading=\"lazy\" width=\"600\" height=\"640\" class=\"wp-image-30201 aligncenter\" src=\"http:\/\/cmm.imgw.pl\/wp-content\/uploads\/2023\/05\/word-image-30146-55.png\" srcset=\"https:\/\/cmm.imgw.pl\/wp-content\/uploads\/2023\/05\/word-image-30146-55.png 600w, https:\/\/cmm.imgw.pl\/wp-content\/uploads\/2023\/05\/word-image-30146-55-281x300.png 281w\" sizes=\"(max-width: 600px) 100vw, 600px\" \/><\/p>\n<p><img loading=\"lazy\" width=\"600\" height=\"640\" class=\"wp-image-30202 aligncenter\" src=\"http:\/\/cmm.imgw.pl\/wp-content\/uploads\/2023\/05\/word-image-30146-56.png\" srcset=\"https:\/\/cmm.imgw.pl\/wp-content\/uploads\/2023\/05\/word-image-30146-56.png 600w, https:\/\/cmm.imgw.pl\/wp-content\/uploads\/2023\/05\/word-image-30146-56-281x300.png 281w\" sizes=\"(max-width: 600px) 100vw, 600px\" \/><\/p>\n<p>W ci\u0105gu dnia wyst\u0119powa\u0107 b\u0119d\u0105 chmury Stratocumulus, Cumulus. W nocy nale\u017cy oczekiwa\u0107 chmur Stratocumulus oraz Stratus.<\/p>\n<p><img loading=\"lazy\" width=\"600\" height=\"640\" class=\"wp-image-30203 aligncenter\" src=\"http:\/\/cmm.imgw.pl\/wp-content\/uploads\/2023\/05\/word-image-30146-57.png\" srcset=\"https:\/\/cmm.imgw.pl\/wp-content\/uploads\/2023\/05\/word-image-30146-57.png 600w, https:\/\/cmm.imgw.pl\/wp-content\/uploads\/2023\/05\/word-image-30146-57-281x300.png 281w\" sizes=\"(max-width: 600px) 100vw, 600px\" \/> <img loading=\"lazy\" width=\"600\" height=\"640\" class=\"wp-image-30204 aligncenter\" src=\"http:\/\/cmm.imgw.pl\/wp-content\/uploads\/2023\/05\/word-image-30146-58.png\" srcset=\"https:\/\/cmm.imgw.pl\/wp-content\/uploads\/2023\/05\/word-image-30146-58.png 600w, https:\/\/cmm.imgw.pl\/wp-content\/uploads\/2023\/05\/word-image-30146-58-281x300.png 281w\" sizes=\"(max-width: 600px) 100vw, 600px\" \/><\/p>\n<p><img loading=\"lazy\" width=\"600\" height=\"640\" class=\"wp-image-30205 aligncenter\" src=\"http:\/\/cmm.imgw.pl\/wp-content\/uploads\/2023\/05\/word-image-30146-59.png\" srcset=\"https:\/\/cmm.imgw.pl\/wp-content\/uploads\/2023\/05\/word-image-30146-59.png 600w, https:\/\/cmm.imgw.pl\/wp-content\/uploads\/2023\/05\/word-image-30146-59-281x300.png 281w\" sizes=\"(max-width: 600px) 100vw, 600px\" \/> <img loading=\"lazy\" width=\"600\" height=\"640\" class=\"wp-image-30206 aligncenter\" src=\"http:\/\/cmm.imgw.pl\/wp-content\/uploads\/2023\/05\/word-image-30146-60.png\" srcset=\"https:\/\/cmm.imgw.pl\/wp-content\/uploads\/2023\/05\/word-image-30146-60.png 600w, https:\/\/cmm.imgw.pl\/wp-content\/uploads\/2023\/05\/word-image-30146-60-281x300.png 281w\" sizes=\"(max-width: 600px) 100vw, 600px\" \/><\/p>\n<p><img loading=\"lazy\" width=\"600\" height=\"640\" class=\"wp-image-30207 aligncenter\" src=\"http:\/\/cmm.imgw.pl\/wp-content\/uploads\/2023\/05\/word-image-30146-61.png\" srcset=\"https:\/\/cmm.imgw.pl\/wp-content\/uploads\/2023\/05\/word-image-30146-61.png 600w, https:\/\/cmm.imgw.pl\/wp-content\/uploads\/2023\/05\/word-image-30146-61-281x300.png 281w\" sizes=\"(max-width: 600px) 100vw, 600px\" \/> <img loading=\"lazy\" width=\"600\" height=\"640\" class=\"wp-image-30208 aligncenter\" src=\"http:\/\/cmm.imgw.pl\/wp-content\/uploads\/2023\/05\/word-image-30146-62.png\" srcset=\"https:\/\/cmm.imgw.pl\/wp-content\/uploads\/2023\/05\/word-image-30146-62.png 600w, https:\/\/cmm.imgw.pl\/wp-content\/uploads\/2023\/05\/word-image-30146-62-281x300.png 281w\" sizes=\"(max-width: 600px) 100vw, 600px\" \/><\/p>\n<p><span class=\"ui-provider hb b c d e f g h i j k l m n o p q r s t u v w x y z ab ac ae af ag ah ai aj ak\" dir=\"ltr\">W strefie zachmurzenie pi\u0119tra \u015bredniego na niebie nale\u017cy spodziewa\u0107 si\u0119 chmur Altostratus (w ci\u0105gu dnia wschodnie\/po\u0142udniowe wschodnie rejony kraju), na pozosta\u0142ym obszarze Altocumulus.<\/span><\/p>\n<p><img loading=\"lazy\" width=\"600\" height=\"640\" class=\"wp-image-30209 aligncenter\" src=\"http:\/\/cmm.imgw.pl\/wp-content\/uploads\/2023\/05\/word-image-30146-63.png\" srcset=\"https:\/\/cmm.imgw.pl\/wp-content\/uploads\/2023\/05\/word-image-30146-63.png 600w, https:\/\/cmm.imgw.pl\/wp-content\/uploads\/2023\/05\/word-image-30146-63-281x300.png 281w\" sizes=\"(max-width: 600px) 100vw, 600px\" \/> <img loading=\"lazy\" width=\"600\" height=\"640\" class=\"wp-image-30210 aligncenter\" src=\"http:\/\/cmm.imgw.pl\/wp-content\/uploads\/2023\/05\/word-image-30146-64.png\" srcset=\"https:\/\/cmm.imgw.pl\/wp-content\/uploads\/2023\/05\/word-image-30146-64.png 600w, https:\/\/cmm.imgw.pl\/wp-content\/uploads\/2023\/05\/word-image-30146-64-281x300.png 281w\" sizes=\"(max-width: 600px) 100vw, 600px\" \/> <img loading=\"lazy\" width=\"600\" height=\"640\" class=\"wp-image-30211 aligncenter\" src=\"http:\/\/cmm.imgw.pl\/wp-content\/uploads\/2023\/05\/word-image-30146-65.png\" srcset=\"https:\/\/cmm.imgw.pl\/wp-content\/uploads\/2023\/05\/word-image-30146-65.png 600w, https:\/\/cmm.imgw.pl\/wp-content\/uploads\/2023\/05\/word-image-30146-65-281x300.png 281w\" sizes=\"(max-width: 600px) 100vw, 600px\" \/> <img loading=\"lazy\" width=\"600\" height=\"640\" class=\"wp-image-30212 aligncenter\" src=\"http:\/\/cmm.imgw.pl\/wp-content\/uploads\/2023\/05\/word-image-30146-66.png\" srcset=\"https:\/\/cmm.imgw.pl\/wp-content\/uploads\/2023\/05\/word-image-30146-66.png 600w, https:\/\/cmm.imgw.pl\/wp-content\/uploads\/2023\/05\/word-image-30146-66-281x300.png 281w\" sizes=\"(max-width: 600px) 100vw, 600px\" \/> <img loading=\"lazy\" width=\"600\" height=\"640\" class=\"wp-image-30213 aligncenter\" src=\"http:\/\/cmm.imgw.pl\/wp-content\/uploads\/2023\/05\/word-image-30146-67.png\" srcset=\"https:\/\/cmm.imgw.pl\/wp-content\/uploads\/2023\/05\/word-image-30146-67.png 600w, https:\/\/cmm.imgw.pl\/wp-content\/uploads\/2023\/05\/word-image-30146-67-281x300.png 281w\" sizes=\"(max-width: 600px) 100vw, 600px\" \/><\/p>\n<p><img loading=\"lazy\" width=\"600\" height=\"640\" class=\"wp-image-30214 aligncenter\" src=\"http:\/\/cmm.imgw.pl\/wp-content\/uploads\/2023\/05\/word-image-30146-68.png\" srcset=\"https:\/\/cmm.imgw.pl\/wp-content\/uploads\/2023\/05\/word-image-30146-68.png 600w, https:\/\/cmm.imgw.pl\/wp-content\/uploads\/2023\/05\/word-image-30146-68-281x300.png 281w\" sizes=\"(max-width: 600px) 100vw, 600px\" \/> <img loading=\"lazy\" width=\"600\" height=\"640\" class=\"wp-image-30215 aligncenter\" src=\"http:\/\/cmm.imgw.pl\/wp-content\/uploads\/2023\/05\/word-image-30146-69.png\" srcset=\"https:\/\/cmm.imgw.pl\/wp-content\/uploads\/2023\/05\/word-image-30146-69.png 600w, https:\/\/cmm.imgw.pl\/wp-content\/uploads\/2023\/05\/word-image-30146-69-281x300.png 281w\" sizes=\"(max-width: 600px) 100vw, 600px\" \/> <img loading=\"lazy\" width=\"600\" height=\"640\" class=\"wp-image-30216 aligncenter\" src=\"http:\/\/cmm.imgw.pl\/wp-content\/uploads\/2023\/05\/word-image-30146-70.png\" srcset=\"https:\/\/cmm.imgw.pl\/wp-content\/uploads\/2023\/05\/word-image-30146-70.png 600w, https:\/\/cmm.imgw.pl\/wp-content\/uploads\/2023\/05\/word-image-30146-70-281x300.png 281w\" sizes=\"(max-width: 600px) 100vw, 600px\" \/><\/p>\n<p>Na niebie nale\u017cy spodziewa\u0107 si\u0119 chmur Cirrus, Cirrostratus. Na p\u00f3\u0142nocy kraju lokalnie mo\u017cliwy Cirrocumulus.<\/p>\n<p><strong>Prognoza pola opadu<\/strong><\/p>\n<p><img loading=\"lazy\" width=\"656\" height=\"656\" class=\"wp-image-30217 aligncenter\" src=\"http:\/\/cmm.imgw.pl\/wp-content\/uploads\/2023\/05\/word-image-30146-71.jpeg\" srcset=\"https:\/\/cmm.imgw.pl\/wp-content\/uploads\/2023\/05\/word-image-30146-71.jpeg 656w, https:\/\/cmm.imgw.pl\/wp-content\/uploads\/2023\/05\/word-image-30146-71-300x300.jpeg 300w, https:\/\/cmm.imgw.pl\/wp-content\/uploads\/2023\/05\/word-image-30146-71-150x150.jpeg 150w, https:\/\/cmm.imgw.pl\/wp-content\/uploads\/2023\/05\/word-image-30146-71-600x600.jpeg 600w\" sizes=\"(max-width: 656px) 100vw, 656px\" \/> <img loading=\"lazy\" width=\"652\" height=\"652\" class=\"wp-image-30218 aligncenter\" src=\"http:\/\/cmm.imgw.pl\/wp-content\/uploads\/2023\/05\/word-image-30146-72.jpeg\" srcset=\"https:\/\/cmm.imgw.pl\/wp-content\/uploads\/2023\/05\/word-image-30146-72.jpeg 652w, https:\/\/cmm.imgw.pl\/wp-content\/uploads\/2023\/05\/word-image-30146-72-300x300.jpeg 300w, https:\/\/cmm.imgw.pl\/wp-content\/uploads\/2023\/05\/word-image-30146-72-150x150.jpeg 150w, https:\/\/cmm.imgw.pl\/wp-content\/uploads\/2023\/05\/word-image-30146-72-600x600.jpeg 600w\" sizes=\"(max-width: 652px) 100vw, 652px\" \/> <img loading=\"lazy\" width=\"521\" height=\"521\" class=\"wp-image-30219 aligncenter\" src=\"http:\/\/cmm.imgw.pl\/wp-content\/uploads\/2023\/05\/word-image-30146-73.jpeg\" srcset=\"https:\/\/cmm.imgw.pl\/wp-content\/uploads\/2023\/05\/word-image-30146-73.jpeg 521w, https:\/\/cmm.imgw.pl\/wp-content\/uploads\/2023\/05\/word-image-30146-73-300x300.jpeg 300w, https:\/\/cmm.imgw.pl\/wp-content\/uploads\/2023\/05\/word-image-30146-73-150x150.jpeg 150w\" sizes=\"(max-width: 521px) 100vw, 521px\" \/> <img loading=\"lazy\" width=\"513\" height=\"513\" class=\"wp-image-30220 aligncenter\" src=\"http:\/\/cmm.imgw.pl\/wp-content\/uploads\/2023\/05\/word-image-30146-74.jpeg\" srcset=\"https:\/\/cmm.imgw.pl\/wp-content\/uploads\/2023\/05\/word-image-30146-74.jpeg 513w, https:\/\/cmm.imgw.pl\/wp-content\/uploads\/2023\/05\/word-image-30146-74-300x300.jpeg 300w, https:\/\/cmm.imgw.pl\/wp-content\/uploads\/2023\/05\/word-image-30146-74-150x150.jpeg 150w\" sizes=\"(max-width: 513px) 100vw, 513px\" \/> <img loading=\"lazy\" width=\"516\" height=\"516\" class=\"wp-image-30221 aligncenter\" src=\"http:\/\/cmm.imgw.pl\/wp-content\/uploads\/2023\/05\/word-image-30146-75.jpeg\" srcset=\"https:\/\/cmm.imgw.pl\/wp-content\/uploads\/2023\/05\/word-image-30146-75.jpeg 516w, https:\/\/cmm.imgw.pl\/wp-content\/uploads\/2023\/05\/word-image-30146-75-300x300.jpeg 300w, https:\/\/cmm.imgw.pl\/wp-content\/uploads\/2023\/05\/word-image-30146-75-150x150.jpeg 150w\" sizes=\"(max-width: 516px) 100vw, 516px\" \/> <img loading=\"lazy\" width=\"556\" height=\"556\" class=\"wp-image-30222 aligncenter\" src=\"http:\/\/cmm.imgw.pl\/wp-content\/uploads\/2023\/05\/word-image-30146-76.jpeg\" srcset=\"https:\/\/cmm.imgw.pl\/wp-content\/uploads\/2023\/05\/word-image-30146-76.jpeg 556w, https:\/\/cmm.imgw.pl\/wp-content\/uploads\/2023\/05\/word-image-30146-76-300x300.jpeg 300w, https:\/\/cmm.imgw.pl\/wp-content\/uploads\/2023\/05\/word-image-30146-76-150x150.jpeg 150w\" sizes=\"(max-width: 556px) 100vw, 556px\" \/> <img loading=\"lazy\" width=\"566\" height=\"566\" class=\"wp-image-30223 aligncenter\" src=\"http:\/\/cmm.imgw.pl\/wp-content\/uploads\/2023\/05\/word-image-30146-77.jpeg\" srcset=\"https:\/\/cmm.imgw.pl\/wp-content\/uploads\/2023\/05\/word-image-30146-77.jpeg 566w, https:\/\/cmm.imgw.pl\/wp-content\/uploads\/2023\/05\/word-image-30146-77-300x300.jpeg 300w, https:\/\/cmm.imgw.pl\/wp-content\/uploads\/2023\/05\/word-image-30146-77-150x150.jpeg 150w\" sizes=\"(max-width: 566px) 100vw, 566px\" \/> <img loading=\"lazy\" width=\"548\" height=\"548\" class=\"wp-image-30224 aligncenter\" src=\"http:\/\/cmm.imgw.pl\/wp-content\/uploads\/2023\/05\/word-image-30146-78.jpeg\" srcset=\"https:\/\/cmm.imgw.pl\/wp-content\/uploads\/2023\/05\/word-image-30146-78.jpeg 548w, https:\/\/cmm.imgw.pl\/wp-content\/uploads\/2023\/05\/word-image-30146-78-300x300.jpeg 300w, https:\/\/cmm.imgw.pl\/wp-content\/uploads\/2023\/05\/word-image-30146-78-150x150.jpeg 150w\" sizes=\"(max-width: 548px) 100vw, 548px\" \/><\/p>\n<p><img loading=\"lazy\" width=\"545\" height=\"545\" class=\"wp-image-30225 aligncenter\" src=\"http:\/\/cmm.imgw.pl\/wp-content\/uploads\/2023\/05\/word-image-30146-79.jpeg\" srcset=\"https:\/\/cmm.imgw.pl\/wp-content\/uploads\/2023\/05\/word-image-30146-79.jpeg 545w, https:\/\/cmm.imgw.pl\/wp-content\/uploads\/2023\/05\/word-image-30146-79-300x300.jpeg 300w, https:\/\/cmm.imgw.pl\/wp-content\/uploads\/2023\/05\/word-image-30146-79-150x150.jpeg 150w\" sizes=\"(max-width: 545px) 100vw, 545px\" \/> <img loading=\"lazy\" width=\"554\" height=\"554\" class=\"wp-image-30226 aligncenter\" src=\"http:\/\/cmm.imgw.pl\/wp-content\/uploads\/2023\/05\/word-image-30146-80.jpeg\" srcset=\"https:\/\/cmm.imgw.pl\/wp-content\/uploads\/2023\/05\/word-image-30146-80.jpeg 554w, https:\/\/cmm.imgw.pl\/wp-content\/uploads\/2023\/05\/word-image-30146-80-300x300.jpeg 300w, https:\/\/cmm.imgw.pl\/wp-content\/uploads\/2023\/05\/word-image-30146-80-150x150.jpeg 150w\" sizes=\"(max-width: 554px) 100vw, 554px\" \/> <img loading=\"lazy\" width=\"566\" height=\"566\" class=\"wp-image-30227 aligncenter\" src=\"http:\/\/cmm.imgw.pl\/wp-content\/uploads\/2023\/05\/word-image-30146-81.jpeg\" srcset=\"https:\/\/cmm.imgw.pl\/wp-content\/uploads\/2023\/05\/word-image-30146-81.jpeg 566w, https:\/\/cmm.imgw.pl\/wp-content\/uploads\/2023\/05\/word-image-30146-81-300x300.jpeg 300w, https:\/\/cmm.imgw.pl\/wp-content\/uploads\/2023\/05\/word-image-30146-81-150x150.jpeg 150w\" sizes=\"(max-width: 566px) 100vw, 566px\" \/> <img loading=\"lazy\" width=\"562\" height=\"562\" class=\"wp-image-30228 aligncenter\" src=\"http:\/\/cmm.imgw.pl\/wp-content\/uploads\/2023\/05\/word-image-30146-82.jpeg\" srcset=\"https:\/\/cmm.imgw.pl\/wp-content\/uploads\/2023\/05\/word-image-30146-82.jpeg 562w, https:\/\/cmm.imgw.pl\/wp-content\/uploads\/2023\/05\/word-image-30146-82-300x300.jpeg 300w, https:\/\/cmm.imgw.pl\/wp-content\/uploads\/2023\/05\/word-image-30146-82-150x150.jpeg 150w\" sizes=\"(max-width: 562px) 100vw, 562px\" \/> <img loading=\"lazy\" width=\"571\" height=\"571\" class=\"wp-image-30229 aligncenter\" src=\"http:\/\/cmm.imgw.pl\/wp-content\/uploads\/2023\/05\/word-image-30146-83.jpeg\" srcset=\"https:\/\/cmm.imgw.pl\/wp-content\/uploads\/2023\/05\/word-image-30146-83.jpeg 571w, https:\/\/cmm.imgw.pl\/wp-content\/uploads\/2023\/05\/word-image-30146-83-300x300.jpeg 300w, https:\/\/cmm.imgw.pl\/wp-content\/uploads\/2023\/05\/word-image-30146-83-150x150.jpeg 150w\" sizes=\"(max-width: 571px) 100vw, 571px\" \/> <img loading=\"lazy\" width=\"566\" height=\"566\" class=\"wp-image-30230 aligncenter\" src=\"http:\/\/cmm.imgw.pl\/wp-content\/uploads\/2023\/05\/word-image-30146-84.jpeg\" srcset=\"https:\/\/cmm.imgw.pl\/wp-content\/uploads\/2023\/05\/word-image-30146-84.jpeg 566w, https:\/\/cmm.imgw.pl\/wp-content\/uploads\/2023\/05\/word-image-30146-84-300x300.jpeg 300w, https:\/\/cmm.imgw.pl\/wp-content\/uploads\/2023\/05\/word-image-30146-84-150x150.jpeg 150w\" sizes=\"(max-width: 566px) 100vw, 566px\" \/> <img loading=\"lazy\" width=\"544\" height=\"544\" class=\"wp-image-30231 aligncenter\" src=\"http:\/\/cmm.imgw.pl\/wp-content\/uploads\/2023\/05\/word-image-30146-85.jpeg\" srcset=\"https:\/\/cmm.imgw.pl\/wp-content\/uploads\/2023\/05\/word-image-30146-85.jpeg 544w, https:\/\/cmm.imgw.pl\/wp-content\/uploads\/2023\/05\/word-image-30146-85-300x300.jpeg 300w, https:\/\/cmm.imgw.pl\/wp-content\/uploads\/2023\/05\/word-image-30146-85-150x150.jpeg 150w\" sizes=\"(max-width: 544px) 100vw, 544px\" \/><\/p>\n<p>Nale\u017cy spodziewa\u0107 si\u0119 opad\u00f3w deszczu oraz miejscami m\u017cawki w po\u0142udniowo wschodniej i wschodniej cz\u0119\u015bci kraju. Po po\u0142udniu strefa opad\u00f3w b\u0119dzie w\u0119\u017csza. Jednak ju\u017c wieczorem strefa deszczu, lokalnie m\u017cawki, zacznie przemieszcza\u0107 si\u0119 w kierunku p\u00f3\u0142nocno zachodnim\/zachodnim.<\/p>\n<p><strong>Prognoza pola wiatru<\/strong><\/p>\n<p><img loading=\"lazy\" width=\"523\" height=\"523\" class=\"wp-image-30232 aligncenter\" src=\"http:\/\/cmm.imgw.pl\/wp-content\/uploads\/2023\/05\/word-image-30146-86.jpeg\" srcset=\"https:\/\/cmm.imgw.pl\/wp-content\/uploads\/2023\/05\/word-image-30146-86.jpeg 523w, https:\/\/cmm.imgw.pl\/wp-content\/uploads\/2023\/05\/word-image-30146-86-300x300.jpeg 300w, https:\/\/cmm.imgw.pl\/wp-content\/uploads\/2023\/05\/word-image-30146-86-150x150.jpeg 150w\" sizes=\"(max-width: 523px) 100vw, 523px\" \/> <img loading=\"lazy\" width=\"596\" height=\"596\" class=\"wp-image-30233 aligncenter\" src=\"http:\/\/cmm.imgw.pl\/wp-content\/uploads\/2023\/05\/word-image-30146-87.jpeg\" srcset=\"https:\/\/cmm.imgw.pl\/wp-content\/uploads\/2023\/05\/word-image-30146-87.jpeg 596w, https:\/\/cmm.imgw.pl\/wp-content\/uploads\/2023\/05\/word-image-30146-87-300x300.jpeg 300w, https:\/\/cmm.imgw.pl\/wp-content\/uploads\/2023\/05\/word-image-30146-87-150x150.jpeg 150w\" sizes=\"(max-width: 596px) 100vw, 596px\" \/> <img loading=\"lazy\" width=\"622\" height=\"622\" class=\"wp-image-30234 aligncenter\" src=\"http:\/\/cmm.imgw.pl\/wp-content\/uploads\/2023\/05\/word-image-30146-88.jpeg\" srcset=\"https:\/\/cmm.imgw.pl\/wp-content\/uploads\/2023\/05\/word-image-30146-88.jpeg 622w, https:\/\/cmm.imgw.pl\/wp-content\/uploads\/2023\/05\/word-image-30146-88-300x300.jpeg 300w, https:\/\/cmm.imgw.pl\/wp-content\/uploads\/2023\/05\/word-image-30146-88-150x150.jpeg 150w, https:\/\/cmm.imgw.pl\/wp-content\/uploads\/2023\/05\/word-image-30146-88-600x600.jpeg 600w\" sizes=\"(max-width: 622px) 100vw, 622px\" \/><\/p>\n<p>W ci\u0105gu dnia wyst\u0119powa\u0107 b\u0119d\u0105 porywy wiatru, do 50 km\/h na p\u00f3\u0142nocy kraju.<\/p>\n<p><strong>Prognoza widzialno\u015bci<\/strong><\/p>\n<p><img loading=\"lazy\" width=\"657\" height=\"657\" class=\"wp-image-30235 aligncenter\" src=\"http:\/\/cmm.imgw.pl\/wp-content\/uploads\/2023\/05\/word-image-30146-89.png\" srcset=\"https:\/\/cmm.imgw.pl\/wp-content\/uploads\/2023\/05\/word-image-30146-89.png 657w, https:\/\/cmm.imgw.pl\/wp-content\/uploads\/2023\/05\/word-image-30146-89-300x300.png 300w, https:\/\/cmm.imgw.pl\/wp-content\/uploads\/2023\/05\/word-image-30146-89-150x150.png 150w, https:\/\/cmm.imgw.pl\/wp-content\/uploads\/2023\/05\/word-image-30146-89-600x600.png 600w\" sizes=\"(max-width: 657px) 100vw, 657px\" \/> <img loading=\"lazy\" width=\"632\" height=\"632\" class=\"wp-image-30236 aligncenter\" src=\"http:\/\/cmm.imgw.pl\/wp-content\/uploads\/2023\/05\/word-image-30146-90.png\" srcset=\"https:\/\/cmm.imgw.pl\/wp-content\/uploads\/2023\/05\/word-image-30146-90.png 632w, https:\/\/cmm.imgw.pl\/wp-content\/uploads\/2023\/05\/word-image-30146-90-300x300.png 300w, https:\/\/cmm.imgw.pl\/wp-content\/uploads\/2023\/05\/word-image-30146-90-150x150.png 150w, https:\/\/cmm.imgw.pl\/wp-content\/uploads\/2023\/05\/word-image-30146-90-600x600.png 600w\" sizes=\"(max-width: 632px) 100vw, 632px\" \/><\/p>\n<p><img loading=\"lazy\" width=\"600\" height=\"640\" class=\"wp-image-30237 aligncenter\" src=\"http:\/\/cmm.imgw.pl\/wp-content\/uploads\/2023\/05\/word-image-30146-91.png\" srcset=\"https:\/\/cmm.imgw.pl\/wp-content\/uploads\/2023\/05\/word-image-30146-91.png 600w, https:\/\/cmm.imgw.pl\/wp-content\/uploads\/2023\/05\/word-image-30146-91-281x300.png 281w\" sizes=\"(max-width: 600px) 100vw, 600px\" \/> <img loading=\"lazy\" width=\"600\" height=\"640\" class=\"wp-image-30238 aligncenter\" src=\"http:\/\/cmm.imgw.pl\/wp-content\/uploads\/2023\/05\/word-image-30146-92.png\" srcset=\"https:\/\/cmm.imgw.pl\/wp-content\/uploads\/2023\/05\/word-image-30146-92.png 600w, https:\/\/cmm.imgw.pl\/wp-content\/uploads\/2023\/05\/word-image-30146-92-281x300.png 281w\" sizes=\"(max-width: 600px) 100vw, 600px\" \/><\/p>\n<p><img loading=\"lazy\" width=\"600\" height=\"640\" class=\"wp-image-30239 aligncenter\" src=\"http:\/\/cmm.imgw.pl\/wp-content\/uploads\/2023\/05\/word-image-30146-93.png\" srcset=\"https:\/\/cmm.imgw.pl\/wp-content\/uploads\/2023\/05\/word-image-30146-93.png 600w, https:\/\/cmm.imgw.pl\/wp-content\/uploads\/2023\/05\/word-image-30146-93-281x300.png 281w\" sizes=\"(max-width: 600px) 100vw, 600px\" \/><\/p>\n<p>W strefie opad\u00f3w wyst\u0119powa\u0107 b\u0119dzie ograniczenie widzialno\u015bci do 3-5 km.<\/p>\n<p><strong>Prognoza przymrozk\u00f3w<\/strong><\/p>\n<p><img loading=\"lazy\" width=\"695\" height=\"695\" class=\"wp-image-30240 aligncenter\" src=\"http:\/\/cmm.imgw.pl\/wp-content\/uploads\/2023\/05\/word-image-30146-94.jpeg\" srcset=\"https:\/\/cmm.imgw.pl\/wp-content\/uploads\/2023\/05\/word-image-30146-94.jpeg 695w, https:\/\/cmm.imgw.pl\/wp-content\/uploads\/2023\/05\/word-image-30146-94-300x300.jpeg 300w, https:\/\/cmm.imgw.pl\/wp-content\/uploads\/2023\/05\/word-image-30146-94-150x150.jpeg 150w, https:\/\/cmm.imgw.pl\/wp-content\/uploads\/2023\/05\/word-image-30146-94-600x600.jpeg 600w\" sizes=\"(max-width: 695px) 100vw, 695px\" \/> <img loading=\"lazy\" width=\"600\" height=\"640\" class=\"wp-image-30241 aligncenter\" src=\"http:\/\/cmm.imgw.pl\/wp-content\/uploads\/2023\/05\/word-image-30146-95.png\" srcset=\"https:\/\/cmm.imgw.pl\/wp-content\/uploads\/2023\/05\/word-image-30146-95.png 600w, https:\/\/cmm.imgw.pl\/wp-content\/uploads\/2023\/05\/word-image-30146-95-281x300.png 281w\" sizes=\"(max-width: 600px) 100vw, 600px\" \/><\/p>\n<p>Z symulacji pola temperatury powierzchni gruntu (model AROME oraz ICON) wynika, \u017ce w nocy z czwartku na pi\u0105tek, w woj. pomorskim oraz zachodnio-pomorskim, lokalnie mog\u0105 wyst\u0105pi\u0107 przygruntowe przymrozki.<\/p>\n<p>Komentarz opracowano o godzinie 2:45, 18 V 2023 roku.<\/p>","protected":false},"excerpt":{"rendered":"<p>Komentarz do numerycznych prognoz pogody opracowany w Centrum Modelowania Meteorologicznego IMGW-PIB.<\/p>\n","protected":false},"author":3,"featured_media":0,"comment_status":"closed","ping_status":"open","sticky":false,"template":"","format":"standard","meta":{"ocean_post_layout":"","ocean_both_sidebars_style":"","ocean_both_sidebars_content_width":0,"ocean_both_sidebars_sidebars_width":0,"ocean_sidebar":"0","ocean_second_sidebar":"0","ocean_disable_margins":"enable","ocean_add_body_class":"","ocean_shortcode_before_top_bar":"","ocean_shortcode_after_top_bar":"","ocean_shortcode_before_header":"","ocean_shortcode_after_header":"","ocean_has_shortcode":"","ocean_shortcode_after_title":"","ocean_shortcode_before_footer_widgets":"","ocean_shortcode_after_footer_widgets":"","ocean_shortcode_before_footer_bottom":"","ocean_shortcode_after_footer_bottom":"","ocean_display_top_bar":"default","ocean_display_header":"default","ocean_header_style":"","ocean_center_header_left_menu":"0","ocean_custom_header_template":"0","ocean_custom_logo":0,"ocean_custom_retina_logo":0,"ocean_custom_logo_max_width":0,"ocean_custom_logo_tablet_max_width":0,"ocean_custom_logo_mobile_max_width":0,"ocean_custom_logo_max_height":0,"ocean_custom_logo_tablet_max_height":0,"ocean_custom_logo_mobile_max_height":0,"ocean_header_custom_menu":"0","ocean_menu_typo_font_family":"0","ocean_menu_typo_font_subset":"","ocean_menu_typo_font_size":0,"ocean_menu_typo_font_size_tablet":0,"ocean_menu_typo_font_size_mobile":0,"ocean_menu_typo_font_size_unit":"px","ocean_menu_typo_font_weight":"","ocean_menu_typo_font_weight_tablet":"","ocean_menu_typo_font_weight_mobile":"","ocean_menu_typo_transform":"","ocean_menu_typo_transform_tablet":"","ocean_menu_typo_transform_mobile":"","ocean_menu_typo_line_height":0,"ocean_menu_typo_line_height_tablet":0,"ocean_menu_typo_line_height_mobile":0,"ocean_menu_typo_line_height_unit":"","ocean_menu_typo_spacing":0,"ocean_menu_typo_spacing_tablet":0,"ocean_menu_typo_spacing_mobile":0,"ocean_menu_typo_spacing_unit":"","ocean_menu_link_color":"","ocean_menu_link_color_hover":"","ocean_menu_link_color_active":"","ocean_menu_link_background":"","ocean_menu_link_hover_background":"","ocean_menu_link_active_background":"","ocean_menu_social_links_bg":"","ocean_menu_social_hover_links_bg":"","ocean_menu_social_links_color":"","ocean_menu_social_hover_links_color":"","ocean_disable_title":"default","ocean_disable_heading":"default","ocean_post_title":"","ocean_post_subheading":"","ocean_post_title_style":"","ocean_post_title_background_color":"","ocean_post_title_background":0,"ocean_post_title_bg_image_position":"","ocean_post_title_bg_image_attachment":"","ocean_post_title_bg_image_repeat":"","ocean_post_title_bg_image_size":"","ocean_post_title_height":0,"ocean_post_title_bg_overlay":0.5,"ocean_post_title_bg_overlay_color":"","ocean_disable_breadcrumbs":"default","ocean_breadcrumbs_color":"","ocean_breadcrumbs_separator_color":"","ocean_breadcrumbs_links_color":"","ocean_breadcrumbs_links_hover_color":"","ocean_display_footer_widgets":"default","ocean_display_footer_bottom":"default","ocean_custom_footer_template":"0","ocean_post_oembed":"","ocean_post_self_hosted_media":"","ocean_post_video_embed":"","ocean_link_format":"","ocean_link_format_target":"self","ocean_quote_format":"","ocean_quote_format_link":"post","ocean_gallery_link_images":"on","ocean_gallery_id":[]},"categories":[93],"tags":[138,139,68,95,143,141,85,73,97,98,142,76,94,99,71,67,96,140,79],"yoast_head":"<!-- This site is optimized with the Yoast SEO plugin v19.5.1 - https:\/\/yoast.com\/wordpress\/plugins\/seo\/ -->\n<title>Komentarz do numerycznych prognoz pogody (18\/19.05.2023) - Laboratorium Modelowania Meteorologicznego CMOK IMGW-PIB<\/title>\n<meta name=\"description\" content=\"Komentarz do numerycznych prognoz pogody opracowany w Centrum Modelowania Meteorologicznego IMGW-PIB.\" \/>\n<meta name=\"robots\" content=\"index, follow, max-snippet:-1, max-image-preview:large, max-video-preview:-1\" \/>\n<link rel=\"canonical\" href=\"https:\/\/cmm.imgw.pl\/?p=30146\" \/>\n<meta property=\"og:locale\" content=\"pl_PL\" \/>\n<meta property=\"og:type\" content=\"article\" \/>\n<meta property=\"og:title\" content=\"Komentarz do numerycznych prognoz pogody (18\/19.05.2023)\" \/>\n<meta property=\"og:description\" content=\"Komentarz do numerycznych prognoz pogody opracowany w Centrum Modelowania Meteorologicznego IMGW-PIB\" \/>\n<meta property=\"og:url\" content=\"https:\/\/cmm.imgw.pl\/?p=30146\" \/>\n<meta property=\"og:site_name\" content=\"Laboratorium Modelowania Meteorologicznego CMOK IMGW-PIB\" \/>\n<meta property=\"article:publisher\" content=\"https:\/\/www.facebook.com\/Meteoimgw\/\" \/>\n<meta property=\"article:published_time\" content=\"2023-05-18T05:32:59+00:00\" \/>\n<meta property=\"article:modified_time\" content=\"2023-05-18T09:53:43+00:00\" \/>\n<meta property=\"og:image\" content=\"http:\/\/cmm.imgw.pl\/wp-content\/uploads\/2023\/02\/komentarz4.png\" \/>\n\t<meta property=\"og:image:width\" content=\"1280\" \/>\n\t<meta property=\"og:image:height\" content=\"720\" \/>\n\t<meta property=\"og:image:type\" content=\"image\/png\" \/>\n<meta name=\"author\" content=\"CMM\" \/>\n<meta name=\"twitter:card\" content=\"summary_large_image\" \/>\n<meta name=\"twitter:title\" content=\"Komentarz do numerycznych prognoz pogody (18\/19.05.2023)\" \/>\n<meta name=\"twitter:description\" content=\"Komentarz do numerycznych prognoz pogody opracowany w Centrum Modelowania Meteorologicznego IMGW-PIB\" \/>\n<meta name=\"twitter:image\" content=\"https:\/\/cmm.imgw.pl\/wp-content\/uploads\/2023\/02\/komentarz4.png\" \/>\n<meta name=\"twitter:creator\" content=\"@IMGW_CMM\" \/>\n<meta name=\"twitter:site\" content=\"@IMGW_CMM\" \/>\n<meta name=\"twitter:label1\" content=\"Napisane przez\" \/>\n\t<meta name=\"twitter:data1\" content=\"CMM\" \/>\n\t<meta name=\"twitter:label2\" content=\"Szacowany czas czytania\" \/>\n\t<meta name=\"twitter:data2\" content=\"26 minut\" \/>\n<script type=\"application\/ld+json\" class=\"yoast-schema-graph\">{\"@context\":\"https:\/\/schema.org\",\"@graph\":[{\"@type\":\"Article\",\"@id\":\"https:\/\/cmm.imgw.pl\/?p=30146#article\",\"isPartOf\":{\"@id\":\"https:\/\/cmm.imgw.pl\/?p=30146\"},\"author\":{\"name\":\"CMM\",\"@id\":\"https:\/\/cmm.imgw.pl\/#\/schema\/person\/a24a37fe434fe76b0f5791e6bd3fdb46\"},\"headline\":\"Komentarz do numerycznych prognoz pogody (18\/19.05.2023)\",\"datePublished\":\"2023-05-18T05:32:59+00:00\",\"dateModified\":\"2023-05-18T09:53:43+00:00\",\"mainEntityOfPage\":{\"@id\":\"https:\/\/cmm.imgw.pl\/?p=30146\"},\"wordCount\":1744,\"publisher\":{\"@id\":\"https:\/\/cmm.imgw.pl\/#organization\"},\"keywords\":[\"alaro\",\"arome\",\"cmm\",\"Cosmo\",\"DWD\",\"Grzegorz Duniec\",\"imgw\",\"klimat\",\"komentarz\",\"komentarz pogodowy\",\"MERGE\",\"meteorologia\",\"NMP\",\"NPP\",\"pogoda\",\"prognoza\",\"prognoza pogody\",\"wrf\",\"zima\"],\"articleSection\":[\"Komentarz\"],\"inLanguage\":\"pl-PL\"},{\"@type\":\"WebPage\",\"@id\":\"https:\/\/cmm.imgw.pl\/?p=30146\",\"url\":\"https:\/\/cmm.imgw.pl\/?p=30146\",\"name\":\"Komentarz do numerycznych prognoz pogody (18\/19.05.2023) - Laboratorium Modelowania Meteorologicznego CMOK IMGW-PIB\",\"isPartOf\":{\"@id\":\"https:\/\/cmm.imgw.pl\/#website\"},\"datePublished\":\"2023-05-18T05:32:59+00:00\",\"dateModified\":\"2023-05-18T09:53:43+00:00\",\"description\":\"Komentarz do numerycznych prognoz pogody opracowany w Centrum Modelowania Meteorologicznego IMGW-PIB.\",\"breadcrumb\":{\"@id\":\"https:\/\/cmm.imgw.pl\/?p=30146#breadcrumb\"},\"inLanguage\":\"pl-PL\",\"potentialAction\":[{\"@type\":\"ReadAction\",\"target\":[\"https:\/\/cmm.imgw.pl\/?p=30146\"]}]},{\"@type\":\"BreadcrumbList\",\"@id\":\"https:\/\/cmm.imgw.pl\/?p=30146#breadcrumb\",\"itemListElement\":[{\"@type\":\"ListItem\",\"position\":1,\"name\":\"Home\",\"item\":\"https:\/\/cmm.imgw.pl\/\"},{\"@type\":\"ListItem\",\"position\":2,\"name\":\"Komentarz do numerycznych prognoz pogody (18\/19.05.2023)\"}]},{\"@type\":\"WebSite\",\"@id\":\"https:\/\/cmm.imgw.pl\/#website\",\"url\":\"https:\/\/cmm.imgw.pl\/\",\"name\":\"Laboratorium Modelowania Meteorologicznego CMOK IMGW-PIB\",\"description\":\"CMOK-LMM Laboratorium pe\u0142ni pa\u0144stwow\u0105 s\u0142u\u017cb\u0119 hydrologiczno-meteorologiczn\u0105 w zakresie numerycznych prognoz pogody, kt\u00f3rego zadaniem jest konsolidacja kompetencji w obszarze modelowania zjawisk pogodowych oraz dalszego rozwoju numerycznych modeli pogody (NMP).\",\"publisher\":{\"@id\":\"https:\/\/cmm.imgw.pl\/#organization\"},\"potentialAction\":[{\"@type\":\"SearchAction\",\"target\":{\"@type\":\"EntryPoint\",\"urlTemplate\":\"https:\/\/cmm.imgw.pl\/?s={search_term_string}\"},\"query-input\":\"required name=search_term_string\"}],\"inLanguage\":\"pl-PL\"},{\"@type\":\"Organization\",\"@id\":\"https:\/\/cmm.imgw.pl\/#organization\",\"name\":\"Laboratorium Modelowania Meteorologicznego CMOK IMGW-PIB\",\"url\":\"https:\/\/cmm.imgw.pl\/\",\"sameAs\":[\"https:\/\/www.facebook.com\/Meteoimgw\/\",\"https:\/\/twitter.com\/IMGW_CMM\"],\"logo\":{\"@type\":\"ImageObject\",\"inLanguage\":\"pl-PL\",\"@id\":\"https:\/\/cmm.imgw.pl\/#\/schema\/logo\/image\/\",\"url\":\"https:\/\/cmm.imgw.pl\/wp-content\/uploads\/2025\/10\/MODELE_LOGO_UNIFIKACJA_v2.png\",\"contentUrl\":\"https:\/\/cmm.imgw.pl\/wp-content\/uploads\/2025\/10\/MODELE_LOGO_UNIFIKACJA_v2.png\",\"width\":1356,\"height\":365,\"caption\":\"Laboratorium Modelowania Meteorologicznego CMOK IMGW-PIB\"},\"image\":{\"@id\":\"https:\/\/cmm.imgw.pl\/#\/schema\/logo\/image\/\"}},{\"@type\":\"Person\",\"@id\":\"https:\/\/cmm.imgw.pl\/#\/schema\/person\/a24a37fe434fe76b0f5791e6bd3fdb46\",\"name\":\"CMM\",\"image\":{\"@type\":\"ImageObject\",\"inLanguage\":\"pl-PL\",\"@id\":\"https:\/\/cmm.imgw.pl\/#\/schema\/person\/image\/\",\"url\":\"https:\/\/secure.gravatar.com\/avatar\/9248ea2273711f1cd09d6bd45867dbfb?s=96&d=blank&r=g\",\"contentUrl\":\"https:\/\/secure.gravatar.com\/avatar\/9248ea2273711f1cd09d6bd45867dbfb?s=96&d=blank&r=g\",\"caption\":\"CMM\"},\"sameAs\":[\"http:\/\/cmm.imgw.pl\"],\"url\":\"https:\/\/cmm.imgw.pl\/?author=3\"}]}<\/script>\n<!-- \/ Yoast SEO plugin. -->","yoast_head_json":{"title":"Komentarz do numerycznych prognoz pogody (18\/19.05.2023) - Laboratorium Modelowania Meteorologicznego CMOK IMGW-PIB","description":"Komentarz do numerycznych prognoz pogody opracowany w Centrum Modelowania Meteorologicznego IMGW-PIB.","robots":{"index":"index","follow":"follow","max-snippet":"max-snippet:-1","max-image-preview":"max-image-preview:large","max-video-preview":"max-video-preview:-1"},"canonical":"https:\/\/cmm.imgw.pl\/?p=30146","og_locale":"pl_PL","og_type":"article","og_title":"Komentarz do numerycznych prognoz pogody (18\/19.05.2023)","og_description":"Komentarz do numerycznych prognoz pogody opracowany w Centrum Modelowania Meteorologicznego IMGW-PIB","og_url":"https:\/\/cmm.imgw.pl\/?p=30146","og_site_name":"Laboratorium Modelowania Meteorologicznego CMOK IMGW-PIB","article_publisher":"https:\/\/www.facebook.com\/Meteoimgw\/","article_published_time":"2023-05-18T05:32:59+00:00","article_modified_time":"2023-05-18T09:53:43+00:00","og_image":[{"width":1280,"height":720,"url":"http:\/\/cmm.imgw.pl\/wp-content\/uploads\/2023\/02\/komentarz4.png","type":"image\/png"}],"author":"CMM","twitter_card":"summary_large_image","twitter_title":"Komentarz do numerycznych prognoz pogody (18\/19.05.2023)","twitter_description":"Komentarz do numerycznych prognoz pogody opracowany w Centrum Modelowania Meteorologicznego IMGW-PIB","twitter_image":"https:\/\/cmm.imgw.pl\/wp-content\/uploads\/2023\/02\/komentarz4.png","twitter_creator":"@IMGW_CMM","twitter_site":"@IMGW_CMM","twitter_misc":{"Napisane przez":"CMM","Szacowany czas czytania":"26 minut"},"schema":{"@context":"https:\/\/schema.org","@graph":[{"@type":"Article","@id":"https:\/\/cmm.imgw.pl\/?p=30146#article","isPartOf":{"@id":"https:\/\/cmm.imgw.pl\/?p=30146"},"author":{"name":"CMM","@id":"https:\/\/cmm.imgw.pl\/#\/schema\/person\/a24a37fe434fe76b0f5791e6bd3fdb46"},"headline":"Komentarz do numerycznych prognoz pogody (18\/19.05.2023)","datePublished":"2023-05-18T05:32:59+00:00","dateModified":"2023-05-18T09:53:43+00:00","mainEntityOfPage":{"@id":"https:\/\/cmm.imgw.pl\/?p=30146"},"wordCount":1744,"publisher":{"@id":"https:\/\/cmm.imgw.pl\/#organization"},"keywords":["alaro","arome","cmm","Cosmo","DWD","Grzegorz Duniec","imgw","klimat","komentarz","komentarz pogodowy","MERGE","meteorologia","NMP","NPP","pogoda","prognoza","prognoza pogody","wrf","zima"],"articleSection":["Komentarz"],"inLanguage":"pl-PL"},{"@type":"WebPage","@id":"https:\/\/cmm.imgw.pl\/?p=30146","url":"https:\/\/cmm.imgw.pl\/?p=30146","name":"Komentarz do numerycznych prognoz pogody (18\/19.05.2023) - Laboratorium Modelowania Meteorologicznego CMOK IMGW-PIB","isPartOf":{"@id":"https:\/\/cmm.imgw.pl\/#website"},"datePublished":"2023-05-18T05:32:59+00:00","dateModified":"2023-05-18T09:53:43+00:00","description":"Komentarz do numerycznych prognoz pogody opracowany w Centrum Modelowania Meteorologicznego IMGW-PIB.","breadcrumb":{"@id":"https:\/\/cmm.imgw.pl\/?p=30146#breadcrumb"},"inLanguage":"pl-PL","potentialAction":[{"@type":"ReadAction","target":["https:\/\/cmm.imgw.pl\/?p=30146"]}]},{"@type":"BreadcrumbList","@id":"https:\/\/cmm.imgw.pl\/?p=30146#breadcrumb","itemListElement":[{"@type":"ListItem","position":1,"name":"Home","item":"https:\/\/cmm.imgw.pl\/"},{"@type":"ListItem","position":2,"name":"Komentarz do numerycznych prognoz pogody (18\/19.05.2023)"}]},{"@type":"WebSite","@id":"https:\/\/cmm.imgw.pl\/#website","url":"https:\/\/cmm.imgw.pl\/","name":"Laboratorium Modelowania Meteorologicznego CMOK IMGW-PIB","description":"CMOK-LMM Laboratorium pe\u0142ni pa\u0144stwow\u0105 s\u0142u\u017cb\u0119 hydrologiczno-meteorologiczn\u0105 w zakresie numerycznych prognoz pogody, kt\u00f3rego zadaniem jest konsolidacja kompetencji w obszarze modelowania zjawisk pogodowych oraz dalszego rozwoju numerycznych modeli pogody (NMP).","publisher":{"@id":"https:\/\/cmm.imgw.pl\/#organization"},"potentialAction":[{"@type":"SearchAction","target":{"@type":"EntryPoint","urlTemplate":"https:\/\/cmm.imgw.pl\/?s={search_term_string}"},"query-input":"required name=search_term_string"}],"inLanguage":"pl-PL"},{"@type":"Organization","@id":"https:\/\/cmm.imgw.pl\/#organization","name":"Laboratorium Modelowania Meteorologicznego CMOK IMGW-PIB","url":"https:\/\/cmm.imgw.pl\/","sameAs":["https:\/\/www.facebook.com\/Meteoimgw\/","https:\/\/twitter.com\/IMGW_CMM"],"logo":{"@type":"ImageObject","inLanguage":"pl-PL","@id":"https:\/\/cmm.imgw.pl\/#\/schema\/logo\/image\/","url":"https:\/\/cmm.imgw.pl\/wp-content\/uploads\/2025\/10\/MODELE_LOGO_UNIFIKACJA_v2.png","contentUrl":"https:\/\/cmm.imgw.pl\/wp-content\/uploads\/2025\/10\/MODELE_LOGO_UNIFIKACJA_v2.png","width":1356,"height":365,"caption":"Laboratorium Modelowania Meteorologicznego CMOK IMGW-PIB"},"image":{"@id":"https:\/\/cmm.imgw.pl\/#\/schema\/logo\/image\/"}},{"@type":"Person","@id":"https:\/\/cmm.imgw.pl\/#\/schema\/person\/a24a37fe434fe76b0f5791e6bd3fdb46","name":"CMM","image":{"@type":"ImageObject","inLanguage":"pl-PL","@id":"https:\/\/cmm.imgw.pl\/#\/schema\/person\/image\/","url":"https:\/\/secure.gravatar.com\/avatar\/9248ea2273711f1cd09d6bd45867dbfb?s=96&d=blank&r=g","contentUrl":"https:\/\/secure.gravatar.com\/avatar\/9248ea2273711f1cd09d6bd45867dbfb?s=96&d=blank&r=g","caption":"CMM"},"sameAs":["http:\/\/cmm.imgw.pl"],"url":"https:\/\/cmm.imgw.pl\/?author=3"}]}},"_links":{"self":[{"href":"https:\/\/cmm.imgw.pl\/index.php?rest_route=\/wp\/v2\/posts\/30146"}],"collection":[{"href":"https:\/\/cmm.imgw.pl\/index.php?rest_route=\/wp\/v2\/posts"}],"about":[{"href":"https:\/\/cmm.imgw.pl\/index.php?rest_route=\/wp\/v2\/types\/post"}],"author":[{"embeddable":true,"href":"https:\/\/cmm.imgw.pl\/index.php?rest_route=\/wp\/v2\/users\/3"}],"replies":[{"embeddable":true,"href":"https:\/\/cmm.imgw.pl\/index.php?rest_route=%2Fwp%2Fv2%2Fcomments&post=30146"}],"version-history":[{"count":5,"href":"https:\/\/cmm.imgw.pl\/index.php?rest_route=\/wp\/v2\/posts\/30146\/revisions"}],"predecessor-version":[{"id":30249,"href":"https:\/\/cmm.imgw.pl\/index.php?rest_route=\/wp\/v2\/posts\/30146\/revisions\/30249"}],"wp:attachment":[{"href":"https:\/\/cmm.imgw.pl\/index.php?rest_route=%2Fwp%2Fv2%2Fmedia&parent=30146"}],"wp:term":[{"taxonomy":"category","embeddable":true,"href":"https:\/\/cmm.imgw.pl\/index.php?rest_route=%2Fwp%2Fv2%2Fcategories&post=30146"},{"taxonomy":"post_tag","embeddable":true,"href":"https:\/\/cmm.imgw.pl\/index.php?rest_route=%2Fwp%2Fv2%2Ftags&post=30146"}],"curies":[{"name":"wp","href":"https:\/\/api.w.org\/{rel}","templated":true}]}}