{"id":29934,"date":"2023-05-16T07:23:29","date_gmt":"2023-05-16T05:23:29","guid":{"rendered":"https:\/\/cmm.imgw.pl\/?p=29934"},"modified":"2023-05-16T10:10:38","modified_gmt":"2023-05-16T08:10:38","slug":"komentarz-do-numerycznych-prognoz-pogody-16-17-05-2023","status":"publish","type":"post","link":"https:\/\/cmm.imgw.pl\/?p=29934","title":{"rendered":"Komentarz do numerycznych prognoz pogody (16\/17.05.2023)"},"content":{"rendered":"\n<figure class=\"wp-block-image size-large\"><img loading=\"lazy\" width=\"1024\" height=\"576\" src=\"https:\/\/cmm.imgw.pl\/wp-content\/uploads\/2023\/03\/komentarz4-1-1024x576.png\" alt=\"\" class=\"wp-image-23617\" srcset=\"https:\/\/cmm.imgw.pl\/wp-content\/uploads\/2023\/03\/komentarz4-1-1024x576.png 1024w, https:\/\/cmm.imgw.pl\/wp-content\/uploads\/2023\/03\/komentarz4-1-300x169.png 300w, https:\/\/cmm.imgw.pl\/wp-content\/uploads\/2023\/03\/komentarz4-1-768x432.png 768w, https:\/\/cmm.imgw.pl\/wp-content\/uploads\/2023\/03\/komentarz4-1-800x450.png 800w, https:\/\/cmm.imgw.pl\/wp-content\/uploads\/2023\/03\/komentarz4-1.png 1280w\" sizes=\"(max-width: 1024px) 100vw, 1024px\" \/><\/figure>\n\n\n\n<p><em>Tre\u015b\u0107 komentarza do numerycznych prognoz meteorologicznych stanowi niezale\u017cne od biura prognoz meteorologicznych opracowanie wykonane w Centrum Modelowania Meteorologicznego i nie stanowi oficjalnej prognozy synoptycznej IMGW-PIB.<\/em><\/p>\n\n\n\n<p><strong>Opracowanie:<\/strong><\/p>\n\n\n\n<p><strong>dr&nbsp;Grzegorz&nbsp;Duniec, <a href=\"https:\/\/cmm.imgw.pl\/\" target=\"_blank\" rel=\"noreferrer noopener\"><mark style=\"background-color:rgba(0, 0, 0, 0)\" class=\"has-inline-color has-vivid-cyan-blue-color\">Centrum Modelowania Meteorologicznego IMGW-PIB<\/mark><\/a><\/strong><\/p>\n\n\n<p><strong>Sytuacja synoptyczna w Europie z godziny 18 UTC, 15 V 2023 roku<\/strong><\/p>\n<p><img loading=\"lazy\" width=\"1385\" height=\"983\" class=\"wp-image-29935 aligncenter\" src=\"http:\/\/cmm.imgw.pl\/wp-content\/uploads\/2023\/05\/word-image-29934-1.png\" srcset=\"https:\/\/cmm.imgw.pl\/wp-content\/uploads\/2023\/05\/word-image-29934-1.png 1385w, https:\/\/cmm.imgw.pl\/wp-content\/uploads\/2023\/05\/word-image-29934-1-300x213.png 300w, https:\/\/cmm.imgw.pl\/wp-content\/uploads\/2023\/05\/word-image-29934-1-1024x727.png 1024w, https:\/\/cmm.imgw.pl\/wp-content\/uploads\/2023\/05\/word-image-29934-1-768x545.png 768w\" sizes=\"(max-width: 1385px) 100vw, 1385px\" \/><\/p>\n<p>Dzisiaj Polska by\u0142a w zasi\u0119gu p\u0142ytkiego ni\u017cu, z o\u015brodkiem 1004,9 hPa nad Polsk\u0105. Ni\u017c si\u0119 jeszcze nieznacznie pog\u0142\u0119bi i przemieszcza\u0107 si\u0119 b\u0119dzie na p\u00f3\u0142noc. Na zafalowanym froncie dosz\u0142o do deformacji falowej i nad W\u0142ochami utworzy\u0142 si\u0119 p\u0142ytki ni\u017c, z centrum 997,1 hPa.<\/p>\n<p><img loading=\"lazy\" width=\"640\" height=\"640\" class=\"wp-image-29936 aligncenter\" src=\"http:\/\/cmm.imgw.pl\/wp-content\/uploads\/2023\/05\/word-image-29934-2.jpeg\" srcset=\"https:\/\/cmm.imgw.pl\/wp-content\/uploads\/2023\/05\/word-image-29934-2.jpeg 640w, https:\/\/cmm.imgw.pl\/wp-content\/uploads\/2023\/05\/word-image-29934-2-300x300.jpeg 300w, https:\/\/cmm.imgw.pl\/wp-content\/uploads\/2023\/05\/word-image-29934-2-150x150.jpeg 150w, https:\/\/cmm.imgw.pl\/wp-content\/uploads\/2023\/05\/word-image-29934-2-600x600.jpeg 600w\" sizes=\"(max-width: 640px) 100vw, 640px\" \/> <img loading=\"lazy\" width=\"654\" height=\"654\" class=\"wp-image-29937 aligncenter\" src=\"http:\/\/cmm.imgw.pl\/wp-content\/uploads\/2023\/05\/word-image-29934-3.jpeg\" srcset=\"https:\/\/cmm.imgw.pl\/wp-content\/uploads\/2023\/05\/word-image-29934-3.jpeg 654w, https:\/\/cmm.imgw.pl\/wp-content\/uploads\/2023\/05\/word-image-29934-3-300x300.jpeg 300w, https:\/\/cmm.imgw.pl\/wp-content\/uploads\/2023\/05\/word-image-29934-3-150x150.jpeg 150w, https:\/\/cmm.imgw.pl\/wp-content\/uploads\/2023\/05\/word-image-29934-3-600x600.jpeg 600w\" sizes=\"(max-width: 654px) 100vw, 654px\" \/> <img loading=\"lazy\" width=\"652\" height=\"652\" class=\"wp-image-29938 aligncenter\" src=\"http:\/\/cmm.imgw.pl\/wp-content\/uploads\/2023\/05\/word-image-29934-4.jpeg\" srcset=\"https:\/\/cmm.imgw.pl\/wp-content\/uploads\/2023\/05\/word-image-29934-4.jpeg 652w, https:\/\/cmm.imgw.pl\/wp-content\/uploads\/2023\/05\/word-image-29934-4-300x300.jpeg 300w, https:\/\/cmm.imgw.pl\/wp-content\/uploads\/2023\/05\/word-image-29934-4-150x150.jpeg 150w, https:\/\/cmm.imgw.pl\/wp-content\/uploads\/2023\/05\/word-image-29934-4-600x600.jpeg 600w\" sizes=\"(max-width: 652px) 100vw, 652px\" \/> <img loading=\"lazy\" width=\"642\" height=\"642\" class=\"wp-image-29939 aligncenter\" src=\"http:\/\/cmm.imgw.pl\/wp-content\/uploads\/2023\/05\/word-image-29934-5.jpeg\" srcset=\"https:\/\/cmm.imgw.pl\/wp-content\/uploads\/2023\/05\/word-image-29934-5.jpeg 642w, https:\/\/cmm.imgw.pl\/wp-content\/uploads\/2023\/05\/word-image-29934-5-300x300.jpeg 300w, https:\/\/cmm.imgw.pl\/wp-content\/uploads\/2023\/05\/word-image-29934-5-150x150.jpeg 150w, https:\/\/cmm.imgw.pl\/wp-content\/uploads\/2023\/05\/word-image-29934-5-600x600.jpeg 600w\" sizes=\"(max-width: 642px) 100vw, 642px\" \/><\/p>\n<p>Nad Morzem Norweskim zalega umiarkowanie g\u0142\u0119boki wir cykloniczny z o\u015brodkiem 993,4hPa. Z ni\u017cem tym zwi\u0105zane s\u0105 rozleg\u0142e zatoki, w kt\u00f3rych zalegaj\u0105 fronty atmosferyczne. Na po\u0142udnie od o\u015brodka, nad Morzem Norweskim, usytuowany jest kolejny p\u0142ytki uk\u0142ad niskiego ci\u015bnienia, z o\u015brodkiem 1005 hPa. Na zach\u00f3d od Wysp Brytyjskich znajduje si\u0119 s\u0142aby wy\u017c z o\u015brodkiem 1029,7 hPa. Nad ENE Europ\u0105 zalega s\u0142aby wy\u017c z o\u015brodkiem 1022,8 hPa.<\/p>\n<p><strong>Analiza g\u00f3rnego pola ci\u015bnienia z dnia 15 V 2023 roku, godzina 12 UTC<\/strong><\/p>\n<p><img loading=\"lazy\" width=\"1220\" height=\"1542\" class=\"wp-image-29940 aligncenter\" src=\"http:\/\/cmm.imgw.pl\/wp-content\/uploads\/2023\/05\/word-image-29934-6.gif\" \/> <img loading=\"lazy\" width=\"1220\" height=\"1542\" class=\"wp-image-29941 aligncenter\" src=\"http:\/\/cmm.imgw.pl\/wp-content\/uploads\/2023\/05\/word-image-29934-7.gif\" \/> <img loading=\"lazy\" width=\"1221\" height=\"1545\" class=\"wp-image-29942 aligncenter\" src=\"http:\/\/cmm.imgw.pl\/wp-content\/uploads\/2023\/05\/word-image-29934-8.gif\" \/><\/p>\n<p>O\u015brodek cykloniczny znad Polski oraz W\u0142och rozbudowany ku g\u00f3rze. S\u0105 to o\u015brodki niskie. Zamkni\u0119ta cyrkulacja cykloniczna a\u017c do 700 hPa. Wy\u017c znad ENE Europy jest uk\u0142adem \u015brednim, zamkni\u0119ta cyrkulacja antycykloniczna si\u0119ga, a\u017c do 400 hPa. Wy\u017cej nad Europ\u0105 wschodni\u0105 zalega klin. Na SE od tego o\u015brodka antycyklonicznego, na wysoko\u015bci od 500 hPa wzwy\u017c, znajduje si\u0119 zamkni\u0119ta cyrkulacja cykloniczna. Nad Morzem Norweskim zalegaj\u0105cy uk\u0142ad niskiego ci\u015bnienia jest uk\u0142adem niskim, z zamkni\u0119ta cyrkulacj\u0105 antycykloniczn\u0105 do 700 hPa. Wy\u017cej izohipsy gi\u0119te na kszta\u0142t zatoki. O\u015brodek ni\u017cowy zalegaj\u0105cy na po\u0142udniu od powy\u017cszego uk\u0142adu, na dolnych mapach synoptyczny, jest uk\u0142adem bardzo niskim. Na \u017cadnym poziomie nie ma wyodr\u0119bnionej cyrkulacji cyklonicznej. Nad wy\u017cem znad Atlantykiem izohipsy gi\u0119te na kszta\u0142t klina.<\/p>\n<p><strong>Analiza g\u00f3rnego pola wiatru<\/strong><\/p>\n<p><img loading=\"lazy\" width=\"2156\" height=\"1728\" class=\"wp-image-29943 aligncenter\" src=\"http:\/\/cmm.imgw.pl\/wp-content\/uploads\/2023\/05\/word-image-29934-9.png\" srcset=\"https:\/\/cmm.imgw.pl\/wp-content\/uploads\/2023\/05\/word-image-29934-9.png 2156w, https:\/\/cmm.imgw.pl\/wp-content\/uploads\/2023\/05\/word-image-29934-9-300x240.png 300w, https:\/\/cmm.imgw.pl\/wp-content\/uploads\/2023\/05\/word-image-29934-9-1024x821.png 1024w, https:\/\/cmm.imgw.pl\/wp-content\/uploads\/2023\/05\/word-image-29934-9-768x616.png 768w, https:\/\/cmm.imgw.pl\/wp-content\/uploads\/2023\/05\/word-image-29934-9-1536x1231.png 1536w, https:\/\/cmm.imgw.pl\/wp-content\/uploads\/2023\/05\/word-image-29934-9-2048x1641.png 2048w\" sizes=\"(max-width: 2156px) 100vw, 2156px\" \/><\/p>\n<p>Od Atlantyku, przez P\u0142w. Iberyjski, przez p\u00f3\u0142nocn\u0105 Afryk\u0119, W\u0142ochy, Europ\u0119 \u015arodkow\u0105, w tym i nad Polsk\u0105 oraz nad Europ\u0105 wschodni\u0105 i po\u0142udniowo wschodni\u0105 zalega rozleg\u0142y pofalowany pr\u0105d strumieniowy, na wysoko\u015bci FL340, z maksymaln\u0105 pr\u0119dko\u015bci\u0105 w osi pr\u0105du 45-60 m\/s. Pionowy zasi\u0119g pr\u0105du obejmuje obszar FL270\/360.<\/p>\n<p><img loading=\"lazy\" width=\"600\" height=\"640\" class=\"wp-image-29944 aligncenter\" src=\"http:\/\/cmm.imgw.pl\/wp-content\/uploads\/2023\/05\/word-image-29934-10.png\" srcset=\"https:\/\/cmm.imgw.pl\/wp-content\/uploads\/2023\/05\/word-image-29934-10.png 600w, https:\/\/cmm.imgw.pl\/wp-content\/uploads\/2023\/05\/word-image-29934-10-281x300.png 281w\" sizes=\"(max-width: 600px) 100vw, 600px\" \/> <img loading=\"lazy\" width=\"600\" height=\"640\" class=\"wp-image-29945 aligncenter\" src=\"http:\/\/cmm.imgw.pl\/wp-content\/uploads\/2023\/05\/word-image-29934-11.png\" srcset=\"https:\/\/cmm.imgw.pl\/wp-content\/uploads\/2023\/05\/word-image-29934-11.png 600w, https:\/\/cmm.imgw.pl\/wp-content\/uploads\/2023\/05\/word-image-29934-11-281x300.png 281w\" sizes=\"(max-width: 600px) 100vw, 600px\" \/><\/p>\n<p>W symulacjach numerycznych, \u0142adnie widoczny, na wysoko\u015bci 9 km, pr\u0105d strumieniowy, kt\u00f3rego pr\u0119dko\u015bci w osi zaczyna s\u0142abn\u0105\u0107.<\/p>\n<p><strong>Tropopauza<\/strong><\/p>\n<p>Nad Morzem P\u00f3\u0142nocnym zalega ni\u017c tropopauzy (tropopauza wykazuje w tym rejonie obni\u017cenie i znajduje si\u0119 na wysoko\u015bci FL280). W rejonie Jeziora \u0141adoga znajduje si\u0119 drugi ni\u017c tropopauzy (tropopauza wykazuje w tym rejonie obni\u017cenie i znajduje si\u0119 na wysoko\u015bci FL270). Nad Islandi\u0105 znajduje si\u0119 trzeci ni\u017c tropopauzy (tropopauza wykazuje w tym rejonie obni\u017cenie i znajduje si\u0119 na wysoko\u015bci FL200). Nad p\u00f3\u0142nocno zachodni\u0105 Rosj\u0105 znajduj\u0105 si\u0119 dwa wy\u017ce tropopauzy (tropopauza wykazuje w tym rejonie podwy\u017cszenie i znajduje si\u0119 na wysoko\u015bci FL 400 i FL390).<\/p>\n<p><strong>Analiza termiczna troposfery<\/strong><\/p>\n<p><img loading=\"lazy\" width=\"634\" height=\"490\" class=\"wp-image-29946 aligncenter\" src=\"http:\/\/cmm.imgw.pl\/wp-content\/uploads\/2023\/05\/thck-500-1000hpa-gfs-pon-15-05-2023-18-utc.gif\" alt=\"Thck 500-1000hPa GFS pon. 15.05.2023 18 UTC\" \/> <img loading=\"lazy\" width=\"634\" height=\"490\" class=\"wp-image-29947 aligncenter\" src=\"http:\/\/cmm.imgw.pl\/wp-content\/uploads\/2023\/05\/theta-w-850hpa-gfs-pon-15-05-2023-18-utc.gif\" alt=\"Theta-W 850hPa GFS pon. 15.05.2023 18 UTC\" \/><\/p>\n<p>Nad Europ\u0105 wschodni\u0105 jeszcze utrzymuje si\u0119 powietrze kontynentalne. Na pozosta\u0142ym obszarze zalega powietrze polarno-morskie.<\/p>\n<p><img loading=\"lazy\" width=\"600\" height=\"640\" class=\"wp-image-29948 aligncenter\" src=\"http:\/\/cmm.imgw.pl\/wp-content\/uploads\/2023\/05\/word-image-29934-14.png\" srcset=\"https:\/\/cmm.imgw.pl\/wp-content\/uploads\/2023\/05\/word-image-29934-14.png 600w, https:\/\/cmm.imgw.pl\/wp-content\/uploads\/2023\/05\/word-image-29934-14-281x300.png 281w\" sizes=\"(max-width: 600px) 100vw, 600px\" \/> <img loading=\"lazy\" width=\"600\" height=\"640\" class=\"wp-image-29949 aligncenter\" src=\"http:\/\/cmm.imgw.pl\/wp-content\/uploads\/2023\/05\/word-image-29934-15.png\" srcset=\"https:\/\/cmm.imgw.pl\/wp-content\/uploads\/2023\/05\/word-image-29934-15.png 600w, https:\/\/cmm.imgw.pl\/wp-content\/uploads\/2023\/05\/word-image-29934-15-281x300.png 281w\" sizes=\"(max-width: 600px) 100vw, 600px\" \/><\/p>\n<p><img loading=\"lazy\" width=\"689\" height=\"616\" class=\"wp-image-29950 aligncenter\" src=\"http:\/\/cmm.imgw.pl\/wp-content\/uploads\/2023\/05\/word-image-29934-16.png\" srcset=\"https:\/\/cmm.imgw.pl\/wp-content\/uploads\/2023\/05\/word-image-29934-16.png 689w, https:\/\/cmm.imgw.pl\/wp-content\/uploads\/2023\/05\/word-image-29934-16-300x268.png 300w\" sizes=\"(max-width: 689px) 100vw, 689px\" \/> <img loading=\"lazy\" width=\"600\" height=\"640\" class=\"wp-image-29951 aligncenter\" src=\"http:\/\/cmm.imgw.pl\/wp-content\/uploads\/2023\/05\/word-image-29934-17.png\" srcset=\"https:\/\/cmm.imgw.pl\/wp-content\/uploads\/2023\/05\/word-image-29934-17.png 600w, https:\/\/cmm.imgw.pl\/wp-content\/uploads\/2023\/05\/word-image-29934-17-281x300.png 281w\" sizes=\"(max-width: 600px) 100vw, 600px\" \/><\/p>\n<p>Klin ciep\u0142a znad Polski odsun\u0105\u0142 si\u0119 na wsch\u00f3d. \u015arednia temperatura warstwy o grubo\u015bci 500 hPa najwi\u0119ksza w po\u0142udniowo wschodniej Polsce. \u015arednia temperatura warstwy o grubo\u015bci 150 hPa najni\u017csza w p\u00f3\u0142nocno zachodniej i zachodniej Polsce. Nad Polsk\u0105 wyst\u0119puj\u0119 dodatni k\u0105t adwekcji wskazuj\u0105cy na adwekcj\u0119 ch\u0142odu.<\/p>\n<p><strong>Rozw\u00f3j sytuacji barycznej nad Europ\u0105 <\/strong><\/p>\n<p><img loading=\"lazy\" width=\"1075\" height=\"764\" class=\"wp-image-29952 aligncenter\" src=\"http:\/\/cmm.imgw.pl\/wp-content\/uploads\/2023\/05\/word-image-29934-18.gif\" \/> <img loading=\"lazy\" width=\"1075\" height=\"764\" class=\"wp-image-29953 aligncenter\" src=\"http:\/\/cmm.imgw.pl\/wp-content\/uploads\/2023\/05\/word-image-29934-19.gif\" \/> <img loading=\"lazy\" width=\"1075\" height=\"764\" class=\"wp-image-29954 aligncenter\" src=\"http:\/\/cmm.imgw.pl\/wp-content\/uploads\/2023\/05\/word-image-29934-20.gif\" \/><\/p>\n<p>W ci\u0105gu najbli\u017cszej doby wir cykloniczny z rejonu p\u00f3\u0142nocnej Polski b\u0119dzie si\u0119 przemieszcza\u0142 na p\u00f3\u0142noc. W ci\u0105gu dnia wschodnie rejony kraju znajd\u0105 si\u0119 w zasi\u0119gu pofalowanego frontu atmosferycznego. Do zachodnich granic zbli\u017cy si\u0119 kolejny front atmosferyczny. Znad Atlantyku w kierunku wschodnim b\u0119dzie rozbudowywa\u0142 si\u0119 wy\u017c. W p\u00f3\u0142nocnym i p\u00f3\u0142nocno zachodnim obszarze tego wy\u017cu na pogod\u0119 wp\u0142ywa\u0107 b\u0119dzie rodzina dw\u00f3ch ni\u017c\u00f3w oraz front ciep\u0142y. W \u015brod\u0119 jedynie wschodnie i centralne rejony Polski b\u0119d\u0105 w zasi\u0119gu frontu atmosferycznego. Nad p\u00f3\u0142nocno zachodni\u0105 Rosj\u0105 zacznie umacnia\u0107 si\u0119 wy\u017c, kt\u00f3ry klinem si\u0119gnie w kierunku po\u0142udniowym. P\u0142ytki ni\u017c znad P\u0142w. Apeni\u0144skiego b\u0119dzie pocz\u0105tkowo si\u0119 pog\u0142\u0119bia\u0142 i okludowa\u0142, a nast\u0119pnie przejdzie w faz\u0119 wype\u0142niania si\u0119.<\/p>\n<p><img loading=\"lazy\" width=\"1071\" height=\"759\" class=\"wp-image-29955 aligncenter\" src=\"http:\/\/cmm.imgw.pl\/wp-content\/uploads\/2023\/05\/word-image-29934-21.gif\" \/> <img loading=\"lazy\" width=\"662\" height=\"662\" class=\"wp-image-29956 aligncenter\" src=\"http:\/\/cmm.imgw.pl\/wp-content\/uploads\/2023\/05\/word-image-29934-22.jpeg\" srcset=\"https:\/\/cmm.imgw.pl\/wp-content\/uploads\/2023\/05\/word-image-29934-22.jpeg 662w, https:\/\/cmm.imgw.pl\/wp-content\/uploads\/2023\/05\/word-image-29934-22-300x300.jpeg 300w, https:\/\/cmm.imgw.pl\/wp-content\/uploads\/2023\/05\/word-image-29934-22-150x150.jpeg 150w, https:\/\/cmm.imgw.pl\/wp-content\/uploads\/2023\/05\/word-image-29934-22-600x600.jpeg 600w\" sizes=\"(max-width: 662px) 100vw, 662px\" \/> <img loading=\"lazy\" width=\"684\" height=\"684\" class=\"wp-image-29957 aligncenter\" src=\"http:\/\/cmm.imgw.pl\/wp-content\/uploads\/2023\/05\/word-image-29934-23.jpeg\" srcset=\"https:\/\/cmm.imgw.pl\/wp-content\/uploads\/2023\/05\/word-image-29934-23.jpeg 684w, https:\/\/cmm.imgw.pl\/wp-content\/uploads\/2023\/05\/word-image-29934-23-300x300.jpeg 300w, https:\/\/cmm.imgw.pl\/wp-content\/uploads\/2023\/05\/word-image-29934-23-150x150.jpeg 150w, https:\/\/cmm.imgw.pl\/wp-content\/uploads\/2023\/05\/word-image-29934-23-600x600.jpeg 600w\" sizes=\"(max-width: 684px) 100vw, 684px\" \/> <img loading=\"lazy\" width=\"673\" height=\"673\" class=\"wp-image-29958 aligncenter\" src=\"http:\/\/cmm.imgw.pl\/wp-content\/uploads\/2023\/05\/word-image-29934-24.jpeg\" srcset=\"https:\/\/cmm.imgw.pl\/wp-content\/uploads\/2023\/05\/word-image-29934-24.jpeg 673w, https:\/\/cmm.imgw.pl\/wp-content\/uploads\/2023\/05\/word-image-29934-24-300x300.jpeg 300w, https:\/\/cmm.imgw.pl\/wp-content\/uploads\/2023\/05\/word-image-29934-24-150x150.jpeg 150w, https:\/\/cmm.imgw.pl\/wp-content\/uploads\/2023\/05\/word-image-29934-24-600x600.jpeg 600w\" sizes=\"(max-width: 673px) 100vw, 673px\" \/> <img loading=\"lazy\" width=\"657\" height=\"657\" class=\"wp-image-29959 aligncenter\" src=\"http:\/\/cmm.imgw.pl\/wp-content\/uploads\/2023\/05\/word-image-29934-25.jpeg\" srcset=\"https:\/\/cmm.imgw.pl\/wp-content\/uploads\/2023\/05\/word-image-29934-25.jpeg 657w, https:\/\/cmm.imgw.pl\/wp-content\/uploads\/2023\/05\/word-image-29934-25-300x300.jpeg 300w, https:\/\/cmm.imgw.pl\/wp-content\/uploads\/2023\/05\/word-image-29934-25-150x150.jpeg 150w, https:\/\/cmm.imgw.pl\/wp-content\/uploads\/2023\/05\/word-image-29934-25-600x600.jpeg 600w\" sizes=\"(max-width: 657px) 100vw, 657px\" \/> <img loading=\"lazy\" width=\"786\" height=\"786\" class=\"wp-image-29960 aligncenter\" src=\"http:\/\/cmm.imgw.pl\/wp-content\/uploads\/2023\/05\/word-image-29934-26.jpeg\" srcset=\"https:\/\/cmm.imgw.pl\/wp-content\/uploads\/2023\/05\/word-image-29934-26.jpeg 786w, https:\/\/cmm.imgw.pl\/wp-content\/uploads\/2023\/05\/word-image-29934-26-300x300.jpeg 300w, https:\/\/cmm.imgw.pl\/wp-content\/uploads\/2023\/05\/word-image-29934-26-150x150.jpeg 150w, https:\/\/cmm.imgw.pl\/wp-content\/uploads\/2023\/05\/word-image-29934-26-768x768.jpeg 768w, https:\/\/cmm.imgw.pl\/wp-content\/uploads\/2023\/05\/word-image-29934-26-600x600.jpeg 600w\" sizes=\"(max-width: 786px) 100vw, 786px\" \/><\/p>\n<p><strong>Komentarz dotycz\u0105cy Polski<\/strong><\/p>\n<p>Z po\u0142udnia w kierunku NNE\/NE b\u0119dzie przemieszcza\u0142a si\u0119 zatoka, w kt\u00f3rej zalega\u0107 b\u0119dzie ciep\u0142y front atmosferyczny. Wraz z frontem z po\u0142udnia Polski nasunie si\u0119 strefa opad\u00f3w deszczu.<\/p>\n<p><strong>Rozw\u00f3j g\u00f3rnego pola ci\u015bnienia<\/strong><\/p>\n<p><img loading=\"lazy\" width=\"633\" height=\"439\" class=\"wp-image-29961 aligncenter\" src=\"http:\/\/cmm.imgw.pl\/wp-content\/uploads\/2023\/05\/word-image-29934-27.png\" srcset=\"https:\/\/cmm.imgw.pl\/wp-content\/uploads\/2023\/05\/word-image-29934-27.png 633w, https:\/\/cmm.imgw.pl\/wp-content\/uploads\/2023\/05\/word-image-29934-27-300x208.png 300w\" sizes=\"(max-width: 633px) 100vw, 633px\" \/> <img loading=\"lazy\" width=\"640\" height=\"446\" class=\"wp-image-29962 aligncenter\" src=\"http:\/\/cmm.imgw.pl\/wp-content\/uploads\/2023\/05\/word-image-29934-28.png\" srcset=\"https:\/\/cmm.imgw.pl\/wp-content\/uploads\/2023\/05\/word-image-29934-28.png 640w, https:\/\/cmm.imgw.pl\/wp-content\/uploads\/2023\/05\/word-image-29934-28-300x209.png 300w\" sizes=\"(max-width: 640px) 100vw, 640px\" \/><\/p>\n<p><img loading=\"lazy\" width=\"699\" height=\"485\" class=\"wp-image-29963 aligncenter\" src=\"http:\/\/cmm.imgw.pl\/wp-content\/uploads\/2023\/05\/word-image-29934-29.png\" srcset=\"https:\/\/cmm.imgw.pl\/wp-content\/uploads\/2023\/05\/word-image-29934-29.png 699w, https:\/\/cmm.imgw.pl\/wp-content\/uploads\/2023\/05\/word-image-29934-29-300x208.png 300w\" sizes=\"(max-width: 699px) 100vw, 699px\" \/> <img loading=\"lazy\" width=\"635\" height=\"445\" class=\"wp-image-29964 aligncenter\" src=\"http:\/\/cmm.imgw.pl\/wp-content\/uploads\/2023\/05\/word-image-29934-30.png\" srcset=\"https:\/\/cmm.imgw.pl\/wp-content\/uploads\/2023\/05\/word-image-29934-30.png 635w, https:\/\/cmm.imgw.pl\/wp-content\/uploads\/2023\/05\/word-image-29934-30-300x210.png 300w\" sizes=\"(max-width: 635px) 100vw, 635px\" \/><\/p>\n<p><img loading=\"lazy\" width=\"629\" height=\"441\" class=\"wp-image-29965 aligncenter\" src=\"http:\/\/cmm.imgw.pl\/wp-content\/uploads\/2023\/05\/word-image-29934-31.jpeg\" srcset=\"https:\/\/cmm.imgw.pl\/wp-content\/uploads\/2023\/05\/word-image-29934-31.jpeg 629w, https:\/\/cmm.imgw.pl\/wp-content\/uploads\/2023\/05\/word-image-29934-31-300x210.jpeg 300w\" sizes=\"(max-width: 629px) 100vw, 629px\" \/> <img loading=\"lazy\" width=\"641\" height=\"437\" class=\"wp-image-29966 aligncenter\" src=\"http:\/\/cmm.imgw.pl\/wp-content\/uploads\/2023\/05\/word-image-29934-32.jpeg\" srcset=\"https:\/\/cmm.imgw.pl\/wp-content\/uploads\/2023\/05\/word-image-29934-32.jpeg 641w, https:\/\/cmm.imgw.pl\/wp-content\/uploads\/2023\/05\/word-image-29934-32-300x205.jpeg 300w\" sizes=\"(max-width: 641px) 100vw, 641px\" \/><\/p>\n<p>Ni\u017c znad Skandynawii b\u0119dzie uk\u0142adem niskim. Zamkni\u0119ta cyrkulacja cykloniczna wyst\u0119powa\u0107 b\u0119dzie na poziomie 850 hPa, wy\u017cej izohipsy gi\u0119te na kszta\u0142t zatoki. Ni\u017c znad W\u0142och b\u0119dzie uk\u0142adem \u015brednim, z zamkni\u0119t\u0105 cyrkulacj\u0105 cykloniczn\u0105 do poziomu 500 hPa, wy\u017cej izohipsy gi\u0119te na kszta\u0142t zatoki. Wy\u017c znad Atlantyku b\u0119dzie uk\u0142adem niskim, z zamkni\u0119t\u0105 cyrkulacj\u0105 cykloniczn\u0105 do poziomu 850 hPa. Wy\u017cej zalega klin. Wy\u017c znad p\u00f3\u0142nocno zachodniej Rosji b\u0119dzie prawdopodobnie uk\u0142adem niskim z zamkni\u0119t\u0105 cyrkulacj\u0105 antycykloniczn\u0105 na wysoko\u015bci 850 hPa. Nad po\u0142udniowo wschodni\u0105 i wschodni\u0105 Europ\u0105, na wysoko\u015bci 300 hPa, zalega\u0107 b\u0119dzie zatoka.<\/p>\n<p><strong>Rozw\u00f3j g\u00f3rnego pola wiatru<\/strong><\/p>\n<p><img loading=\"lazy\" width=\"2156\" height=\"1728\" class=\"wp-image-29967 aligncenter\" src=\"http:\/\/cmm.imgw.pl\/wp-content\/uploads\/2023\/05\/word-image-29934-33.png\" srcset=\"https:\/\/cmm.imgw.pl\/wp-content\/uploads\/2023\/05\/word-image-29934-33.png 2156w, https:\/\/cmm.imgw.pl\/wp-content\/uploads\/2023\/05\/word-image-29934-33-300x240.png 300w, https:\/\/cmm.imgw.pl\/wp-content\/uploads\/2023\/05\/word-image-29934-33-1024x821.png 1024w, https:\/\/cmm.imgw.pl\/wp-content\/uploads\/2023\/05\/word-image-29934-33-768x616.png 768w, https:\/\/cmm.imgw.pl\/wp-content\/uploads\/2023\/05\/word-image-29934-33-1536x1231.png 1536w, https:\/\/cmm.imgw.pl\/wp-content\/uploads\/2023\/05\/word-image-29934-33-2048x1641.png 2048w\" sizes=\"(max-width: 2156px) 100vw, 2156px\" \/><\/p>\n<p>Nad Polsk\u0105 a\u017c po Ba\u0142kany rozci\u0105ga\u0107 si\u0119 b\u0119dzie pr\u0105d strumieniowy na wysoko\u015bci FL340, z maksymaln\u0105 pr\u0119dko\u015bci\u0105 w osi pr\u0105du 50 m\/s. Nad Skandynawi\u0105 zalega\u0107 b\u0119dzie pr\u0105d strumieniowy na wysoko\u015bci FL300, z maksymaln\u0105 pr\u0119dko\u015bci\u0105 w osi pr\u0105du 45 m\/s. Nad Morzem P\u00f3\u0142nocnym wyst\u0119powa\u0107 b\u0119d\u0105 dwa pr\u0105dy strumieniowe na wysoko\u015bci FL280 oraz FL300, z maksymaln\u0105 pr\u0119dko\u015bci\u0105 w osi pr\u0105du 45 m\/s i 50 m\/s odpowiednio. Na zach\u00f3d od tych Jet Stream zalega\u0107 b\u0119dzie kolejny pr\u0105d strumieniowy na wysoko\u015bci FL320, z maksymaln\u0105 pr\u0119dko\u015bci\u0105 w osi pr\u0105du 45-50 m\/s. Nad Atlantykiem znajdowa\u0107 si\u0119 b\u0119dzie pr\u0105d strumieniowy na wysoko\u015bci FL350, z maksymaln\u0105 pr\u0119dko\u015bci\u0105 w osi pr\u0105du 45 m\/s. Na wschodzie Europy wyst\u0119powa\u0107 b\u0119dzie pr\u0105d strumieniowy na wysoko\u015bci FL340, z maksymaln\u0105 pr\u0119dko\u015bci\u0105 w osi pr\u0105du 45 m\/s.<\/p>\n<p><img loading=\"lazy\" width=\"600\" height=\"640\" class=\"wp-image-29968 aligncenter\" src=\"http:\/\/cmm.imgw.pl\/wp-content\/uploads\/2023\/05\/word-image-29934-34.png\" srcset=\"https:\/\/cmm.imgw.pl\/wp-content\/uploads\/2023\/05\/word-image-29934-34.png 600w, https:\/\/cmm.imgw.pl\/wp-content\/uploads\/2023\/05\/word-image-29934-34-281x300.png 281w\" sizes=\"(max-width: 600px) 100vw, 600px\" \/> <img loading=\"lazy\" width=\"600\" height=\"640\" class=\"wp-image-29969 aligncenter\" src=\"http:\/\/cmm.imgw.pl\/wp-content\/uploads\/2023\/05\/word-image-29934-35.png\" srcset=\"https:\/\/cmm.imgw.pl\/wp-content\/uploads\/2023\/05\/word-image-29934-35.png 600w, https:\/\/cmm.imgw.pl\/wp-content\/uploads\/2023\/05\/word-image-29934-35-281x300.png 281w\" sizes=\"(max-width: 600px) 100vw, 600px\" \/> <img loading=\"lazy\" width=\"600\" height=\"640\" class=\"wp-image-29970 aligncenter\" src=\"http:\/\/cmm.imgw.pl\/wp-content\/uploads\/2023\/05\/word-image-29934-36.png\" srcset=\"https:\/\/cmm.imgw.pl\/wp-content\/uploads\/2023\/05\/word-image-29934-36.png 600w, https:\/\/cmm.imgw.pl\/wp-content\/uploads\/2023\/05\/word-image-29934-36-281x300.png 281w\" sizes=\"(max-width: 600px) 100vw, 600px\" \/> <img loading=\"lazy\" width=\"600\" height=\"640\" class=\"wp-image-29971 aligncenter\" src=\"http:\/\/cmm.imgw.pl\/wp-content\/uploads\/2023\/05\/word-image-29934-37.png\" srcset=\"https:\/\/cmm.imgw.pl\/wp-content\/uploads\/2023\/05\/word-image-29934-37.png 600w, https:\/\/cmm.imgw.pl\/wp-content\/uploads\/2023\/05\/word-image-29934-37-281x300.png 281w\" sizes=\"(max-width: 600px) 100vw, 600px\" \/><\/p>\n<p><img loading=\"lazy\" width=\"634\" height=\"490\" class=\"wp-image-29972 aligncenter\" src=\"http:\/\/cmm.imgw.pl\/wp-content\/uploads\/2023\/05\/prad-strumieniowy-gfs-sro-17-05-2023-06-utc.gif\" alt=\"Pr\u0105d strumieniowy GFS \u015bro. 17.05.2023 06 UTC\" \/><\/p>\n<p>Pas zwi\u0119kszonej pr\u0119dko\u015bci wiatru b\u0119dzie si\u0119 intensyfikowa\u0142 nad p\u00f3\u0142nocn\u0105 Polsk\u0105, na wysoko\u015bci 300 hPa, kt\u00f3ry b\u0119dzie przemieszcza\u0142 si\u0119 na p\u00f3\u0142noc.<\/p>\n<p><strong>Tropopauza<\/strong><\/p>\n<p>Nad p\u00f3\u0142nocno zachodni\u0105 Rosj\u0105 znajdzie si\u0119 wy\u017c tropopauzy (tropopauza wyka\u017ce w tym rejonie podwy\u017cszenie i znajdzie si\u0119 na wysoko\u015bci FL400).<\/p>\n<p><strong>Rozw\u00f3j warunk\u00f3w termicznych troposfery <\/strong><\/p>\n<p><img loading=\"lazy\" width=\"634\" height=\"490\" class=\"wp-image-29973 aligncenter\" src=\"http:\/\/cmm.imgw.pl\/wp-content\/uploads\/2023\/05\/thck-500-1000hpa-gfs-wto-16-05-2023-12-utc.gif\" alt=\"Thck 500-1000hPa GFS wto. 16.05.2023 12 UTC\" \/> <img loading=\"lazy\" width=\"634\" height=\"490\" class=\"wp-image-29974 aligncenter\" src=\"http:\/\/cmm.imgw.pl\/wp-content\/uploads\/2023\/05\/thck-500-1000hpa-gfs-sro-17-05-2023-00-utc.gif\" alt=\"Thck 500-1000hPa GFS \u015bro. 17.05.2023 00 UTC\" \/><\/p>\n<p>Rozk\u0142ad mas powietrza nad Europ\u0105 nie ulegnie zasadniczym zmianom. Jedynie w rejon Morza Norweskiego i cz\u0119\u015bciowo P\u00f3\u0142nocnego si\u0119gnie zatoka ch\u0142odu.<\/p>\n<p><img loading=\"lazy\" width=\"600\" height=\"640\" class=\"wp-image-29975 aligncenter\" src=\"http:\/\/cmm.imgw.pl\/wp-content\/uploads\/2023\/05\/word-image-29934-41.png\" srcset=\"https:\/\/cmm.imgw.pl\/wp-content\/uploads\/2023\/05\/word-image-29934-41.png 600w, https:\/\/cmm.imgw.pl\/wp-content\/uploads\/2023\/05\/word-image-29934-41-281x300.png 281w\" sizes=\"(max-width: 600px) 100vw, 600px\" \/> <img loading=\"lazy\" width=\"600\" height=\"640\" class=\"wp-image-29976 aligncenter\" src=\"http:\/\/cmm.imgw.pl\/wp-content\/uploads\/2023\/05\/word-image-29934-42.png\" srcset=\"https:\/\/cmm.imgw.pl\/wp-content\/uploads\/2023\/05\/word-image-29934-42.png 600w, https:\/\/cmm.imgw.pl\/wp-content\/uploads\/2023\/05\/word-image-29934-42-281x300.png 281w\" sizes=\"(max-width: 600px) 100vw, 600px\" \/><\/p>\n<p><img loading=\"lazy\" width=\"600\" height=\"640\" class=\"wp-image-29977 aligncenter\" src=\"http:\/\/cmm.imgw.pl\/wp-content\/uploads\/2023\/05\/word-image-29934-43.png\" srcset=\"https:\/\/cmm.imgw.pl\/wp-content\/uploads\/2023\/05\/word-image-29934-43.png 600w, https:\/\/cmm.imgw.pl\/wp-content\/uploads\/2023\/05\/word-image-29934-43-281x300.png 281w\" sizes=\"(max-width: 600px) 100vw, 600px\" \/> <img loading=\"lazy\" width=\"600\" height=\"640\" class=\"wp-image-29978 aligncenter\" src=\"http:\/\/cmm.imgw.pl\/wp-content\/uploads\/2023\/05\/word-image-29934-44.png\" srcset=\"https:\/\/cmm.imgw.pl\/wp-content\/uploads\/2023\/05\/word-image-29934-44.png 600w, https:\/\/cmm.imgw.pl\/wp-content\/uploads\/2023\/05\/word-image-29934-44-281x300.png 281w\" sizes=\"(max-width: 600px) 100vw, 600px\" \/><\/p>\n<p>Zachodnie rejony kraju obejmowa\u0107 b\u0119dzie ch\u0142odniejsza masa powietrza. Na kra\u0144cach zachodnich i p\u00f3\u0142nocno zachodnich \u015brednie temperatura warstwy 500 hPa b\u0119dzie najni\u017csza. \u015arednia temperatura warstwy o grubo\u015bci 150 hPa b\u0119dzie najni\u017csza na zachodzie kraju.<\/p>\n<p><strong>Ewolucja pola wilgotno\u015bci w troposferze<\/strong><\/p>\n<p><img loading=\"lazy\" width=\"600\" height=\"640\" class=\"wp-image-29979 aligncenter\" src=\"http:\/\/cmm.imgw.pl\/wp-content\/uploads\/2023\/05\/word-image-29934-45.png\" srcset=\"https:\/\/cmm.imgw.pl\/wp-content\/uploads\/2023\/05\/word-image-29934-45.png 600w, https:\/\/cmm.imgw.pl\/wp-content\/uploads\/2023\/05\/word-image-29934-45-281x300.png 281w\" sizes=\"(max-width: 600px) 100vw, 600px\" \/> <img loading=\"lazy\" width=\"600\" height=\"640\" class=\"wp-image-29980 aligncenter\" src=\"http:\/\/cmm.imgw.pl\/wp-content\/uploads\/2023\/05\/word-image-29934-46.png\" srcset=\"https:\/\/cmm.imgw.pl\/wp-content\/uploads\/2023\/05\/word-image-29934-46.png 600w, https:\/\/cmm.imgw.pl\/wp-content\/uploads\/2023\/05\/word-image-29934-46-281x300.png 281w\" sizes=\"(max-width: 600px) 100vw, 600px\" \/><\/p>\n<p>Na wysoko\u015bci 1,5km wilgotno\u015b\u0107 b\u0119dzie wysoka na terenie ca\u0142ego kraju. W nocy w p\u00f3\u0142nocno zachodniej Polsce wilgotno\u015b\u0107 obni\u017cy si\u0119 do 50-60 %.<\/p>\n<p><img loading=\"lazy\" width=\"600\" height=\"640\" class=\"wp-image-29981 aligncenter\" src=\"http:\/\/cmm.imgw.pl\/wp-content\/uploads\/2023\/05\/word-image-29934-47.png\" srcset=\"https:\/\/cmm.imgw.pl\/wp-content\/uploads\/2023\/05\/word-image-29934-47.png 600w, https:\/\/cmm.imgw.pl\/wp-content\/uploads\/2023\/05\/word-image-29934-47-281x300.png 281w\" sizes=\"(max-width: 600px) 100vw, 600px\" \/> <img loading=\"lazy\" width=\"600\" height=\"640\" class=\"wp-image-29982 aligncenter\" src=\"http:\/\/cmm.imgw.pl\/wp-content\/uploads\/2023\/05\/word-image-29934-48.png\" srcset=\"https:\/\/cmm.imgw.pl\/wp-content\/uploads\/2023\/05\/word-image-29934-48.png 600w, https:\/\/cmm.imgw.pl\/wp-content\/uploads\/2023\/05\/word-image-29934-48-281x300.png 281w\" sizes=\"(max-width: 600px) 100vw, 600px\" \/><\/p>\n<p>Na wysoko\u015bci 5,5 km, w ci\u0105gu dnia, wilgotno\u015b\u0107 wysoka w po\u0142udniowych rejonach kraju. W p\u00f3\u0142nocno wschodniej cz\u0119\u015bci kraju wilgotno\u015b\u0107 rz\u0119du 10%. Z up\u0142ywem czasu strefa du\u017cej wilgotno\u015bci, wraz z frontem, b\u0119dzie nasuwa\u0142a si\u0119 z po\u0142udnia na p\u00f3\u0142noc. W nocy, za wyj\u0105tkiem p\u00f3\u0142nocno zachodniej Polsce, wilgotno\u015b\u0107 wysoka.<\/p>\n<p><img loading=\"lazy\" width=\"600\" height=\"640\" class=\"wp-image-29983 aligncenter\" src=\"http:\/\/cmm.imgw.pl\/wp-content\/uploads\/2023\/05\/word-image-29934-49.png\" srcset=\"https:\/\/cmm.imgw.pl\/wp-content\/uploads\/2023\/05\/word-image-29934-49.png 600w, https:\/\/cmm.imgw.pl\/wp-content\/uploads\/2023\/05\/word-image-29934-49-281x300.png 281w\" sizes=\"(max-width: 600px) 100vw, 600px\" \/> <img loading=\"lazy\" width=\"600\" height=\"640\" class=\"wp-image-29984 aligncenter\" src=\"http:\/\/cmm.imgw.pl\/wp-content\/uploads\/2023\/05\/word-image-29934-50.png\" srcset=\"https:\/\/cmm.imgw.pl\/wp-content\/uploads\/2023\/05\/word-image-29934-50.png 600w, https:\/\/cmm.imgw.pl\/wp-content\/uploads\/2023\/05\/word-image-29934-50-281x300.png 281w\" sizes=\"(max-width: 600px) 100vw, 600px\" \/><\/p>\n<p>W ci\u0105gu dnia na wysoko\u015bci 300 hPa wilgotno\u015b\u0107 du\u017ca i wysoka, za wyj\u0105tkiem rejon\u00f3w p\u00f3\u0142nocnych kraju. W nocy na terenie ca\u0142ego kraju wilgotno\u015b\u0107 wysoka.<\/p>\n<p><strong>Prognoza zachmurzenia<\/strong><\/p>\n<p><img loading=\"lazy\" width=\"900\" height=\"800\" class=\"wp-image-29985 aligncenter\" src=\"http:\/\/cmm.imgw.pl\/wp-content\/uploads\/2023\/05\/word-image-29934-51.png\" srcset=\"https:\/\/cmm.imgw.pl\/wp-content\/uploads\/2023\/05\/word-image-29934-51.png 900w, https:\/\/cmm.imgw.pl\/wp-content\/uploads\/2023\/05\/word-image-29934-51-300x267.png 300w, https:\/\/cmm.imgw.pl\/wp-content\/uploads\/2023\/05\/word-image-29934-51-768x683.png 768w\" sizes=\"(max-width: 900px) 100vw, 900px\" \/> <img loading=\"lazy\" width=\"900\" height=\"800\" class=\"wp-image-29986 aligncenter\" src=\"http:\/\/cmm.imgw.pl\/wp-content\/uploads\/2023\/05\/word-image-29934-52.png\" srcset=\"https:\/\/cmm.imgw.pl\/wp-content\/uploads\/2023\/05\/word-image-29934-52.png 900w, https:\/\/cmm.imgw.pl\/wp-content\/uploads\/2023\/05\/word-image-29934-52-300x267.png 300w, https:\/\/cmm.imgw.pl\/wp-content\/uploads\/2023\/05\/word-image-29934-52-768x683.png 768w\" sizes=\"(max-width: 900px) 100vw, 900px\" \/> <img loading=\"lazy\" width=\"900\" height=\"800\" class=\"wp-image-29987 aligncenter\" src=\"http:\/\/cmm.imgw.pl\/wp-content\/uploads\/2023\/05\/word-image-29934-53.png\" srcset=\"https:\/\/cmm.imgw.pl\/wp-content\/uploads\/2023\/05\/word-image-29934-53.png 900w, https:\/\/cmm.imgw.pl\/wp-content\/uploads\/2023\/05\/word-image-29934-53-300x267.png 300w, https:\/\/cmm.imgw.pl\/wp-content\/uploads\/2023\/05\/word-image-29934-53-768x683.png 768w\" sizes=\"(max-width: 900px) 100vw, 900px\" \/> <img loading=\"lazy\" width=\"900\" height=\"800\" class=\"wp-image-29988 aligncenter\" src=\"http:\/\/cmm.imgw.pl\/wp-content\/uploads\/2023\/05\/word-image-29934-54.png\" srcset=\"https:\/\/cmm.imgw.pl\/wp-content\/uploads\/2023\/05\/word-image-29934-54.png 900w, https:\/\/cmm.imgw.pl\/wp-content\/uploads\/2023\/05\/word-image-29934-54-300x267.png 300w, https:\/\/cmm.imgw.pl\/wp-content\/uploads\/2023\/05\/word-image-29934-54-768x683.png 768w\" sizes=\"(max-width: 900px) 100vw, 900px\" \/><\/p>\n<p>W ci\u0105gu dnia zachmurzenie og\u00f3lne umiarkowane, du\u017ce i ca\u0142kowite. Pod wiecz\u00f3r w p\u00f3\u0142nocno zachodniej cz\u0119\u015bci kraju wyst\u0119powa\u0107 b\u0119d\u0105 rozpogodzenia. W nocy zachmurzenie du\u017ce, jednie w p\u00f3\u0142nocno zachodnie cz\u0119\u015bci kraju wyst\u0119powa\u0107 mog\u0105 lokalnie rozpogodzenia.<\/p>\n<p><img loading=\"lazy\" width=\"900\" height=\"800\" class=\"wp-image-29989 aligncenter\" src=\"http:\/\/cmm.imgw.pl\/wp-content\/uploads\/2023\/05\/word-image-29934-55.png\" srcset=\"https:\/\/cmm.imgw.pl\/wp-content\/uploads\/2023\/05\/word-image-29934-55.png 900w, https:\/\/cmm.imgw.pl\/wp-content\/uploads\/2023\/05\/word-image-29934-55-300x267.png 300w, https:\/\/cmm.imgw.pl\/wp-content\/uploads\/2023\/05\/word-image-29934-55-768x683.png 768w\" sizes=\"(max-width: 900px) 100vw, 900px\" \/> <img loading=\"lazy\" width=\"900\" height=\"800\" class=\"wp-image-29990 aligncenter\" src=\"http:\/\/cmm.imgw.pl\/wp-content\/uploads\/2023\/05\/word-image-29934-56.png\" srcset=\"https:\/\/cmm.imgw.pl\/wp-content\/uploads\/2023\/05\/word-image-29934-56.png 900w, https:\/\/cmm.imgw.pl\/wp-content\/uploads\/2023\/05\/word-image-29934-56-300x267.png 300w, https:\/\/cmm.imgw.pl\/wp-content\/uploads\/2023\/05\/word-image-29934-56-768x683.png 768w\" sizes=\"(max-width: 900px) 100vw, 900px\" \/> <img loading=\"lazy\" width=\"900\" height=\"800\" class=\"wp-image-29991 aligncenter\" src=\"http:\/\/cmm.imgw.pl\/wp-content\/uploads\/2023\/05\/word-image-29934-57.png\" srcset=\"https:\/\/cmm.imgw.pl\/wp-content\/uploads\/2023\/05\/word-image-29934-57.png 900w, https:\/\/cmm.imgw.pl\/wp-content\/uploads\/2023\/05\/word-image-29934-57-300x267.png 300w, https:\/\/cmm.imgw.pl\/wp-content\/uploads\/2023\/05\/word-image-29934-57-768x683.png 768w\" sizes=\"(max-width: 900px) 100vw, 900px\" \/> <img loading=\"lazy\" width=\"900\" height=\"800\" class=\"wp-image-29992 aligncenter\" src=\"http:\/\/cmm.imgw.pl\/wp-content\/uploads\/2023\/05\/word-image-29934-58.png\" srcset=\"https:\/\/cmm.imgw.pl\/wp-content\/uploads\/2023\/05\/word-image-29934-58.png 900w, https:\/\/cmm.imgw.pl\/wp-content\/uploads\/2023\/05\/word-image-29934-58-300x267.png 300w, https:\/\/cmm.imgw.pl\/wp-content\/uploads\/2023\/05\/word-image-29934-58-768x683.png 768w\" sizes=\"(max-width: 900px) 100vw, 900px\" \/><\/p>\n<p><img loading=\"lazy\" width=\"1026\" height=\"1040\" class=\"wp-image-29993 aligncenter\" src=\"http:\/\/cmm.imgw.pl\/wp-content\/uploads\/2023\/05\/word-image-29934-59.png\" srcset=\"https:\/\/cmm.imgw.pl\/wp-content\/uploads\/2023\/05\/word-image-29934-59.png 1026w, https:\/\/cmm.imgw.pl\/wp-content\/uploads\/2023\/05\/word-image-29934-59-296x300.png 296w, https:\/\/cmm.imgw.pl\/wp-content\/uploads\/2023\/05\/word-image-29934-59-1010x1024.png 1010w, https:\/\/cmm.imgw.pl\/wp-content\/uploads\/2023\/05\/word-image-29934-59-768x778.png 768w\" sizes=\"(max-width: 1026px) 100vw, 1026px\" \/> <img loading=\"lazy\" width=\"1026\" height=\"1040\" class=\"wp-image-29994 aligncenter\" src=\"http:\/\/cmm.imgw.pl\/wp-content\/uploads\/2023\/05\/word-image-29934-60.png\" srcset=\"https:\/\/cmm.imgw.pl\/wp-content\/uploads\/2023\/05\/word-image-29934-60.png 1026w, https:\/\/cmm.imgw.pl\/wp-content\/uploads\/2023\/05\/word-image-29934-60-296x300.png 296w, https:\/\/cmm.imgw.pl\/wp-content\/uploads\/2023\/05\/word-image-29934-60-1010x1024.png 1010w, https:\/\/cmm.imgw.pl\/wp-content\/uploads\/2023\/05\/word-image-29934-60-768x778.png 768w\" sizes=\"(max-width: 1026px) 100vw, 1026px\" \/><\/p>\n<p>Przemy\u015bl Warszawa<\/p>\n<p><img loading=\"lazy\" width=\"1026\" height=\"1040\" class=\"wp-image-29995 aligncenter\" src=\"http:\/\/cmm.imgw.pl\/wp-content\/uploads\/2023\/05\/word-image-29934-61.png\" srcset=\"https:\/\/cmm.imgw.pl\/wp-content\/uploads\/2023\/05\/word-image-29934-61.png 1026w, https:\/\/cmm.imgw.pl\/wp-content\/uploads\/2023\/05\/word-image-29934-61-296x300.png 296w, https:\/\/cmm.imgw.pl\/wp-content\/uploads\/2023\/05\/word-image-29934-61-1010x1024.png 1010w, https:\/\/cmm.imgw.pl\/wp-content\/uploads\/2023\/05\/word-image-29934-61-768x778.png 768w\" sizes=\"(max-width: 1026px) 100vw, 1026px\" \/> <img loading=\"lazy\" width=\"1026\" height=\"1040\" class=\"wp-image-29996 aligncenter\" src=\"http:\/\/cmm.imgw.pl\/wp-content\/uploads\/2023\/05\/word-image-29934-62.png\" srcset=\"https:\/\/cmm.imgw.pl\/wp-content\/uploads\/2023\/05\/word-image-29934-62.png 1026w, https:\/\/cmm.imgw.pl\/wp-content\/uploads\/2023\/05\/word-image-29934-62-296x300.png 296w, https:\/\/cmm.imgw.pl\/wp-content\/uploads\/2023\/05\/word-image-29934-62-1010x1024.png 1010w, https:\/\/cmm.imgw.pl\/wp-content\/uploads\/2023\/05\/word-image-29934-62-768x778.png 768w\" sizes=\"(max-width: 1026px) 100vw, 1026px\" \/><\/p>\n<p>\u0141\u00f3d\u017a Gda\u0144sk<\/p>\n<p>Na niebie wyst\u0119powa\u0107 b\u0119d\u0105 chmury Stratocumulus. W nocy z wtorku na \u015brod\u0119, na po\u0142udniu i w centrum kraju wyst\u0119powa\u0107 b\u0119d\u0105 chmury Stratus fractus.<\/p>\n<p><img loading=\"lazy\" width=\"1026\" height=\"1040\" class=\"wp-image-29997 aligncenter\" src=\"http:\/\/cmm.imgw.pl\/wp-content\/uploads\/2023\/05\/word-image-29934-63.png\" srcset=\"https:\/\/cmm.imgw.pl\/wp-content\/uploads\/2023\/05\/word-image-29934-63.png 1026w, https:\/\/cmm.imgw.pl\/wp-content\/uploads\/2023\/05\/word-image-29934-63-296x300.png 296w, https:\/\/cmm.imgw.pl\/wp-content\/uploads\/2023\/05\/word-image-29934-63-1010x1024.png 1010w, https:\/\/cmm.imgw.pl\/wp-content\/uploads\/2023\/05\/word-image-29934-63-768x778.png 768w\" sizes=\"(max-width: 1026px) 100vw, 1026px\" \/> <img loading=\"lazy\" width=\"1026\" height=\"1040\" class=\"wp-image-29998 aligncenter\" src=\"http:\/\/cmm.imgw.pl\/wp-content\/uploads\/2023\/05\/word-image-29934-64.png\" srcset=\"https:\/\/cmm.imgw.pl\/wp-content\/uploads\/2023\/05\/word-image-29934-64.png 1026w, https:\/\/cmm.imgw.pl\/wp-content\/uploads\/2023\/05\/word-image-29934-64-296x300.png 296w, https:\/\/cmm.imgw.pl\/wp-content\/uploads\/2023\/05\/word-image-29934-64-1010x1024.png 1010w, https:\/\/cmm.imgw.pl\/wp-content\/uploads\/2023\/05\/word-image-29934-64-768x778.png 768w\" sizes=\"(max-width: 1026px) 100vw, 1026px\" \/><\/p>\n<p>We wtorek nad ranem, miejscami, mo\u017cliwe chmury Stratus fractus\/nebulosus.<\/p>\n<p><img loading=\"lazy\" width=\"600\" height=\"640\" class=\"wp-image-29999 aligncenter\" src=\"http:\/\/cmm.imgw.pl\/wp-content\/uploads\/2023\/05\/word-image-29934-65.png\" srcset=\"https:\/\/cmm.imgw.pl\/wp-content\/uploads\/2023\/05\/word-image-29934-65.png 600w, https:\/\/cmm.imgw.pl\/wp-content\/uploads\/2023\/05\/word-image-29934-65-281x300.png 281w\" sizes=\"(max-width: 600px) 100vw, 600px\" \/> <img loading=\"lazy\" width=\"600\" height=\"640\" class=\"wp-image-30000 aligncenter\" src=\"http:\/\/cmm.imgw.pl\/wp-content\/uploads\/2023\/05\/word-image-29934-66.png\" srcset=\"https:\/\/cmm.imgw.pl\/wp-content\/uploads\/2023\/05\/word-image-29934-66.png 600w, https:\/\/cmm.imgw.pl\/wp-content\/uploads\/2023\/05\/word-image-29934-66-281x300.png 281w\" sizes=\"(max-width: 600px) 100vw, 600px\" \/> <img loading=\"lazy\" width=\"600\" height=\"640\" class=\"wp-image-30001 aligncenter\" src=\"http:\/\/cmm.imgw.pl\/wp-content\/uploads\/2023\/05\/word-image-29934-67.png\" srcset=\"https:\/\/cmm.imgw.pl\/wp-content\/uploads\/2023\/05\/word-image-29934-67.png 600w, https:\/\/cmm.imgw.pl\/wp-content\/uploads\/2023\/05\/word-image-29934-67-281x300.png 281w\" sizes=\"(max-width: 600px) 100vw, 600px\" \/><\/p>\n<p>W ci\u0105gu dnia mo\u017cliwe tak\u017ce chmury Cumulus, lokalnie Cumulus congestus lub Cumulonimbus. Rozk\u0142ad pola zachmurzenia konwekcyjnego na za\u0142\u0105czonych mapach.<\/p>\n<p><img loading=\"lazy\" width=\"900\" height=\"800\" class=\"wp-image-30002 aligncenter\" src=\"http:\/\/cmm.imgw.pl\/wp-content\/uploads\/2023\/05\/word-image-29934-68.png\" srcset=\"https:\/\/cmm.imgw.pl\/wp-content\/uploads\/2023\/05\/word-image-29934-68.png 900w, https:\/\/cmm.imgw.pl\/wp-content\/uploads\/2023\/05\/word-image-29934-68-300x267.png 300w, https:\/\/cmm.imgw.pl\/wp-content\/uploads\/2023\/05\/word-image-29934-68-768x683.png 768w\" sizes=\"(max-width: 900px) 100vw, 900px\" \/> <img loading=\"lazy\" width=\"900\" height=\"800\" class=\"wp-image-30003 aligncenter\" src=\"http:\/\/cmm.imgw.pl\/wp-content\/uploads\/2023\/05\/word-image-29934-69.png\" srcset=\"https:\/\/cmm.imgw.pl\/wp-content\/uploads\/2023\/05\/word-image-29934-69.png 900w, https:\/\/cmm.imgw.pl\/wp-content\/uploads\/2023\/05\/word-image-29934-69-300x267.png 300w, https:\/\/cmm.imgw.pl\/wp-content\/uploads\/2023\/05\/word-image-29934-69-768x683.png 768w\" sizes=\"(max-width: 900px) 100vw, 900px\" \/> <img loading=\"lazy\" width=\"900\" height=\"800\" class=\"wp-image-30004 aligncenter\" src=\"http:\/\/cmm.imgw.pl\/wp-content\/uploads\/2023\/05\/word-image-29934-70.png\" srcset=\"https:\/\/cmm.imgw.pl\/wp-content\/uploads\/2023\/05\/word-image-29934-70.png 900w, https:\/\/cmm.imgw.pl\/wp-content\/uploads\/2023\/05\/word-image-29934-70-300x267.png 300w, https:\/\/cmm.imgw.pl\/wp-content\/uploads\/2023\/05\/word-image-29934-70-768x683.png 768w\" sizes=\"(max-width: 900px) 100vw, 900px\" \/> <img loading=\"lazy\" width=\"900\" height=\"800\" class=\"wp-image-30005 aligncenter\" src=\"http:\/\/cmm.imgw.pl\/wp-content\/uploads\/2023\/05\/word-image-29934-71.png\" srcset=\"https:\/\/cmm.imgw.pl\/wp-content\/uploads\/2023\/05\/word-image-29934-71.png 900w, https:\/\/cmm.imgw.pl\/wp-content\/uploads\/2023\/05\/word-image-29934-71-300x267.png 300w, https:\/\/cmm.imgw.pl\/wp-content\/uploads\/2023\/05\/word-image-29934-71-768x683.png 768w\" sizes=\"(max-width: 900px) 100vw, 900px\" \/><\/p>\n<p>W ci\u0105gu dnia mog\u0105 wyst\u0119powa\u0107 chmur Altocumulus. Wieczorem i w nocy Altocumulus i Altostratus. Lokalnie mog\u0105 wyst\u0119powa\u0107 chmury Altocumulus lenticularis, Altocumulus radiatus, Altostratus radiatus.<\/p>\n<p><img loading=\"lazy\" width=\"900\" height=\"800\" class=\"wp-image-30006 aligncenter\" src=\"http:\/\/cmm.imgw.pl\/wp-content\/uploads\/2023\/05\/word-image-29934-72.png\" srcset=\"https:\/\/cmm.imgw.pl\/wp-content\/uploads\/2023\/05\/word-image-29934-72.png 900w, https:\/\/cmm.imgw.pl\/wp-content\/uploads\/2023\/05\/word-image-29934-72-300x267.png 300w, https:\/\/cmm.imgw.pl\/wp-content\/uploads\/2023\/05\/word-image-29934-72-768x683.png 768w\" sizes=\"(max-width: 900px) 100vw, 900px\" \/> <img loading=\"lazy\" width=\"900\" height=\"800\" class=\"wp-image-30007 aligncenter\" src=\"http:\/\/cmm.imgw.pl\/wp-content\/uploads\/2023\/05\/word-image-29934-73.png\" srcset=\"https:\/\/cmm.imgw.pl\/wp-content\/uploads\/2023\/05\/word-image-29934-73.png 900w, https:\/\/cmm.imgw.pl\/wp-content\/uploads\/2023\/05\/word-image-29934-73-300x267.png 300w, https:\/\/cmm.imgw.pl\/wp-content\/uploads\/2023\/05\/word-image-29934-73-768x683.png 768w\" sizes=\"(max-width: 900px) 100vw, 900px\" \/> <img loading=\"lazy\" width=\"900\" height=\"800\" class=\"wp-image-30008 aligncenter\" src=\"http:\/\/cmm.imgw.pl\/wp-content\/uploads\/2023\/05\/word-image-29934-74.png\" srcset=\"https:\/\/cmm.imgw.pl\/wp-content\/uploads\/2023\/05\/word-image-29934-74.png 900w, https:\/\/cmm.imgw.pl\/wp-content\/uploads\/2023\/05\/word-image-29934-74-300x267.png 300w, https:\/\/cmm.imgw.pl\/wp-content\/uploads\/2023\/05\/word-image-29934-74-768x683.png 768w\" sizes=\"(max-width: 900px) 100vw, 900px\" \/><\/p>\n<p>Ponadto na niebie wyst\u0119powa\u0107 b\u0119d\u0105 chmury pi\u0119tra wysokiego: Cirrus, Cirrostratus, lokalnie Cirrocumulus.<\/p>\n<p><strong>Prognoza opad\u00f3w<\/strong><\/p>\n<p><img loading=\"lazy\" width=\"602\" height=\"602\" class=\"wp-image-30009 aligncenter\" src=\"http:\/\/cmm.imgw.pl\/wp-content\/uploads\/2023\/05\/word-image-29934-75.jpeg\" srcset=\"https:\/\/cmm.imgw.pl\/wp-content\/uploads\/2023\/05\/word-image-29934-75.jpeg 602w, https:\/\/cmm.imgw.pl\/wp-content\/uploads\/2023\/05\/word-image-29934-75-300x300.jpeg 300w, https:\/\/cmm.imgw.pl\/wp-content\/uploads\/2023\/05\/word-image-29934-75-150x150.jpeg 150w, https:\/\/cmm.imgw.pl\/wp-content\/uploads\/2023\/05\/word-image-29934-75-600x600.jpeg 600w\" sizes=\"(max-width: 602px) 100vw, 602px\" \/> <img loading=\"lazy\" width=\"615\" height=\"615\" class=\"wp-image-30010 aligncenter\" src=\"http:\/\/cmm.imgw.pl\/wp-content\/uploads\/2023\/05\/word-image-29934-76.jpeg\" srcset=\"https:\/\/cmm.imgw.pl\/wp-content\/uploads\/2023\/05\/word-image-29934-76.jpeg 615w, https:\/\/cmm.imgw.pl\/wp-content\/uploads\/2023\/05\/word-image-29934-76-300x300.jpeg 300w, https:\/\/cmm.imgw.pl\/wp-content\/uploads\/2023\/05\/word-image-29934-76-150x150.jpeg 150w, https:\/\/cmm.imgw.pl\/wp-content\/uploads\/2023\/05\/word-image-29934-76-600x600.jpeg 600w\" sizes=\"(max-width: 615px) 100vw, 615px\" \/> <img loading=\"lazy\" width=\"600\" height=\"600\" class=\"wp-image-30011 aligncenter\" src=\"http:\/\/cmm.imgw.pl\/wp-content\/uploads\/2023\/05\/word-image-29934-77.jpeg\" srcset=\"https:\/\/cmm.imgw.pl\/wp-content\/uploads\/2023\/05\/word-image-29934-77.jpeg 600w, https:\/\/cmm.imgw.pl\/wp-content\/uploads\/2023\/05\/word-image-29934-77-300x300.jpeg 300w, https:\/\/cmm.imgw.pl\/wp-content\/uploads\/2023\/05\/word-image-29934-77-150x150.jpeg 150w\" sizes=\"(max-width: 600px) 100vw, 600px\" \/> <img loading=\"lazy\" width=\"585\" height=\"585\" class=\"wp-image-30012 aligncenter\" src=\"http:\/\/cmm.imgw.pl\/wp-content\/uploads\/2023\/05\/word-image-29934-78.jpeg\" srcset=\"https:\/\/cmm.imgw.pl\/wp-content\/uploads\/2023\/05\/word-image-29934-78.jpeg 585w, https:\/\/cmm.imgw.pl\/wp-content\/uploads\/2023\/05\/word-image-29934-78-300x300.jpeg 300w, https:\/\/cmm.imgw.pl\/wp-content\/uploads\/2023\/05\/word-image-29934-78-150x150.jpeg 150w\" sizes=\"(max-width: 585px) 100vw, 585px\" \/> <img loading=\"lazy\" width=\"639\" height=\"639\" class=\"wp-image-30013 aligncenter\" src=\"http:\/\/cmm.imgw.pl\/wp-content\/uploads\/2023\/05\/word-image-29934-79.jpeg\" srcset=\"https:\/\/cmm.imgw.pl\/wp-content\/uploads\/2023\/05\/word-image-29934-79.jpeg 639w, https:\/\/cmm.imgw.pl\/wp-content\/uploads\/2023\/05\/word-image-29934-79-300x300.jpeg 300w, https:\/\/cmm.imgw.pl\/wp-content\/uploads\/2023\/05\/word-image-29934-79-150x150.jpeg 150w, https:\/\/cmm.imgw.pl\/wp-content\/uploads\/2023\/05\/word-image-29934-79-600x600.jpeg 600w\" sizes=\"(max-width: 639px) 100vw, 639px\" \/> <img loading=\"lazy\" width=\"673\" height=\"673\" class=\"wp-image-30014 aligncenter\" src=\"http:\/\/cmm.imgw.pl\/wp-content\/uploads\/2023\/05\/word-image-29934-80.jpeg\" srcset=\"https:\/\/cmm.imgw.pl\/wp-content\/uploads\/2023\/05\/word-image-29934-80.jpeg 673w, https:\/\/cmm.imgw.pl\/wp-content\/uploads\/2023\/05\/word-image-29934-80-300x300.jpeg 300w, https:\/\/cmm.imgw.pl\/wp-content\/uploads\/2023\/05\/word-image-29934-80-150x150.jpeg 150w, https:\/\/cmm.imgw.pl\/wp-content\/uploads\/2023\/05\/word-image-29934-80-600x600.jpeg 600w\" sizes=\"(max-width: 673px) 100vw, 673px\" \/> <img loading=\"lazy\" width=\"756\" height=\"756\" class=\"wp-image-30015 aligncenter\" src=\"http:\/\/cmm.imgw.pl\/wp-content\/uploads\/2023\/05\/word-image-29934-81.jpeg\" srcset=\"https:\/\/cmm.imgw.pl\/wp-content\/uploads\/2023\/05\/word-image-29934-81.jpeg 756w, https:\/\/cmm.imgw.pl\/wp-content\/uploads\/2023\/05\/word-image-29934-81-300x300.jpeg 300w, https:\/\/cmm.imgw.pl\/wp-content\/uploads\/2023\/05\/word-image-29934-81-150x150.jpeg 150w, https:\/\/cmm.imgw.pl\/wp-content\/uploads\/2023\/05\/word-image-29934-81-600x600.jpeg 600w\" sizes=\"(max-width: 756px) 100vw, 756px\" \/><\/p>\n<p>Rano, lokalnie na p\u00f3\u0142nocy kraju, mo\u017cliwy symboliczny opad deszczu. W ci\u0105gu dnia na og\u00f3\u0142 be opad\u00f3w. W godzinach popo\u0142udniowych, od po\u0142udnia, zacznie nasuwa\u0107 si\u0119 strefa opad\u00f3w deszczu. Lokalnie o charakterze umiarkowanym i intensywnym. Rozk\u0142ad pola opad\u00f3w na za\u0142\u0105czonych mapach.<\/p>\n<p><strong>Prognoza pola wiatru<\/strong><\/p>\n<p><img loading=\"lazy\" width=\"649\" height=\"649\" class=\"wp-image-30016 aligncenter\" src=\"http:\/\/cmm.imgw.pl\/wp-content\/uploads\/2023\/05\/word-image-29934-82.jpeg\" srcset=\"https:\/\/cmm.imgw.pl\/wp-content\/uploads\/2023\/05\/word-image-29934-82.jpeg 649w, https:\/\/cmm.imgw.pl\/wp-content\/uploads\/2023\/05\/word-image-29934-82-300x300.jpeg 300w, https:\/\/cmm.imgw.pl\/wp-content\/uploads\/2023\/05\/word-image-29934-82-150x150.jpeg 150w, https:\/\/cmm.imgw.pl\/wp-content\/uploads\/2023\/05\/word-image-29934-82-600x600.jpeg 600w\" sizes=\"(max-width: 649px) 100vw, 649px\" \/> <img loading=\"lazy\" width=\"649\" height=\"649\" class=\"wp-image-30017 aligncenter\" src=\"http:\/\/cmm.imgw.pl\/wp-content\/uploads\/2023\/05\/word-image-29934-83.jpeg\" srcset=\"https:\/\/cmm.imgw.pl\/wp-content\/uploads\/2023\/05\/word-image-29934-83.jpeg 649w, https:\/\/cmm.imgw.pl\/wp-content\/uploads\/2023\/05\/word-image-29934-83-300x300.jpeg 300w, https:\/\/cmm.imgw.pl\/wp-content\/uploads\/2023\/05\/word-image-29934-83-150x150.jpeg 150w, https:\/\/cmm.imgw.pl\/wp-content\/uploads\/2023\/05\/word-image-29934-83-600x600.jpeg 600w\" sizes=\"(max-width: 649px) 100vw, 649px\" \/> <img loading=\"lazy\" width=\"722\" height=\"722\" class=\"wp-image-30018 aligncenter\" src=\"http:\/\/cmm.imgw.pl\/wp-content\/uploads\/2023\/05\/word-image-29934-84.jpeg\" srcset=\"https:\/\/cmm.imgw.pl\/wp-content\/uploads\/2023\/05\/word-image-29934-84.jpeg 722w, https:\/\/cmm.imgw.pl\/wp-content\/uploads\/2023\/05\/word-image-29934-84-300x300.jpeg 300w, https:\/\/cmm.imgw.pl\/wp-content\/uploads\/2023\/05\/word-image-29934-84-150x150.jpeg 150w, https:\/\/cmm.imgw.pl\/wp-content\/uploads\/2023\/05\/word-image-29934-84-600x600.jpeg 600w\" sizes=\"(max-width: 722px) 100vw, 722px\" \/> <img loading=\"lazy\" width=\"710\" height=\"710\" class=\"wp-image-30019 aligncenter\" src=\"http:\/\/cmm.imgw.pl\/wp-content\/uploads\/2023\/05\/word-image-29934-85.jpeg\" srcset=\"https:\/\/cmm.imgw.pl\/wp-content\/uploads\/2023\/05\/word-image-29934-85.jpeg 710w, https:\/\/cmm.imgw.pl\/wp-content\/uploads\/2023\/05\/word-image-29934-85-300x300.jpeg 300w, https:\/\/cmm.imgw.pl\/wp-content\/uploads\/2023\/05\/word-image-29934-85-150x150.jpeg 150w, https:\/\/cmm.imgw.pl\/wp-content\/uploads\/2023\/05\/word-image-29934-85-600x600.jpeg 600w\" sizes=\"(max-width: 710px) 100vw, 710px\" \/> <img loading=\"lazy\" width=\"670\" height=\"670\" class=\"wp-image-30020 aligncenter\" src=\"http:\/\/cmm.imgw.pl\/wp-content\/uploads\/2023\/05\/word-image-29934-86.jpeg\" srcset=\"https:\/\/cmm.imgw.pl\/wp-content\/uploads\/2023\/05\/word-image-29934-86.jpeg 670w, https:\/\/cmm.imgw.pl\/wp-content\/uploads\/2023\/05\/word-image-29934-86-300x300.jpeg 300w, https:\/\/cmm.imgw.pl\/wp-content\/uploads\/2023\/05\/word-image-29934-86-150x150.jpeg 150w, https:\/\/cmm.imgw.pl\/wp-content\/uploads\/2023\/05\/word-image-29934-86-600x600.jpeg 600w\" sizes=\"(max-width: 670px) 100vw, 670px\" \/> <img loading=\"lazy\" width=\"681\" height=\"681\" class=\"wp-image-30021 aligncenter\" src=\"http:\/\/cmm.imgw.pl\/wp-content\/uploads\/2023\/05\/word-image-29934-87.jpeg\" srcset=\"https:\/\/cmm.imgw.pl\/wp-content\/uploads\/2023\/05\/word-image-29934-87.jpeg 681w, https:\/\/cmm.imgw.pl\/wp-content\/uploads\/2023\/05\/word-image-29934-87-300x300.jpeg 300w, https:\/\/cmm.imgw.pl\/wp-content\/uploads\/2023\/05\/word-image-29934-87-150x150.jpeg 150w, https:\/\/cmm.imgw.pl\/wp-content\/uploads\/2023\/05\/word-image-29934-87-600x600.jpeg 600w\" sizes=\"(max-width: 681px) 100vw, 681px\" \/> <img loading=\"lazy\" width=\"654\" height=\"654\" class=\"wp-image-30022 aligncenter\" src=\"http:\/\/cmm.imgw.pl\/wp-content\/uploads\/2023\/05\/word-image-29934-88.jpeg\" srcset=\"https:\/\/cmm.imgw.pl\/wp-content\/uploads\/2023\/05\/word-image-29934-88.jpeg 654w, https:\/\/cmm.imgw.pl\/wp-content\/uploads\/2023\/05\/word-image-29934-88-300x300.jpeg 300w, https:\/\/cmm.imgw.pl\/wp-content\/uploads\/2023\/05\/word-image-29934-88-150x150.jpeg 150w, https:\/\/cmm.imgw.pl\/wp-content\/uploads\/2023\/05\/word-image-29934-88-600x600.jpeg 600w\" sizes=\"(max-width: 654px) 100vw, 654px\" \/><\/p>\n<p>W ci\u0105gu dnia porywy wiatry do 30-50 km\/h. W nocy w Sudetach do 100 km\/h. Po po\u0142udniu na Ba\u0142tyku wzrost poryw\u00f3w wiatru. W nocy osi\u0105ga\u0107 mog\u0105 pr\u0119dko\u015b\u0107 60-80 km\/h.<\/p>\n<p><img loading=\"lazy\" width=\"660\" height=\"660\" class=\"wp-image-30023 aligncenter\" src=\"http:\/\/cmm.imgw.pl\/wp-content\/uploads\/2023\/05\/word-image-29934-89.jpeg\" srcset=\"https:\/\/cmm.imgw.pl\/wp-content\/uploads\/2023\/05\/word-image-29934-89.jpeg 660w, https:\/\/cmm.imgw.pl\/wp-content\/uploads\/2023\/05\/word-image-29934-89-300x300.jpeg 300w, https:\/\/cmm.imgw.pl\/wp-content\/uploads\/2023\/05\/word-image-29934-89-150x150.jpeg 150w, https:\/\/cmm.imgw.pl\/wp-content\/uploads\/2023\/05\/word-image-29934-89-600x600.jpeg 600w\" sizes=\"(max-width: 660px) 100vw, 660px\" \/> <img loading=\"lazy\" width=\"638\" height=\"638\" class=\"wp-image-30024 aligncenter\" src=\"http:\/\/cmm.imgw.pl\/wp-content\/uploads\/2023\/05\/word-image-29934-90.jpeg\" srcset=\"https:\/\/cmm.imgw.pl\/wp-content\/uploads\/2023\/05\/word-image-29934-90.jpeg 638w, https:\/\/cmm.imgw.pl\/wp-content\/uploads\/2023\/05\/word-image-29934-90-300x300.jpeg 300w, https:\/\/cmm.imgw.pl\/wp-content\/uploads\/2023\/05\/word-image-29934-90-150x150.jpeg 150w, https:\/\/cmm.imgw.pl\/wp-content\/uploads\/2023\/05\/word-image-29934-90-600x600.jpeg 600w\" sizes=\"(max-width: 638px) 100vw, 638px\" \/> <img loading=\"lazy\" width=\"630\" height=\"630\" class=\"wp-image-30025 aligncenter\" src=\"http:\/\/cmm.imgw.pl\/wp-content\/uploads\/2023\/05\/word-image-29934-91.jpeg\" srcset=\"https:\/\/cmm.imgw.pl\/wp-content\/uploads\/2023\/05\/word-image-29934-91.jpeg 630w, https:\/\/cmm.imgw.pl\/wp-content\/uploads\/2023\/05\/word-image-29934-91-300x300.jpeg 300w, https:\/\/cmm.imgw.pl\/wp-content\/uploads\/2023\/05\/word-image-29934-91-150x150.jpeg 150w, https:\/\/cmm.imgw.pl\/wp-content\/uploads\/2023\/05\/word-image-29934-91-600x600.jpeg 600w\" sizes=\"(max-width: 630px) 100vw, 630px\" \/><\/p>\n<p>Na p\u00f3\u0142nocy kraju porywy b\u0119d\u0105 wi\u0119ksze, a to ze wzgl\u0119du na to, \u017ce w tym rejonie wyst\u0119powa\u0107 b\u0119dzie zwi\u0119kszony horyzontalny gradient ci\u015bnienia.<\/p>\n<p><strong>Prognoza widzialno\u015bci<\/strong><\/p>\n<p><img loading=\"lazy\" width=\"616\" height=\"616\" class=\"wp-image-30026 aligncenter\" src=\"http:\/\/cmm.imgw.pl\/wp-content\/uploads\/2023\/05\/word-image-29934-92.png\" srcset=\"https:\/\/cmm.imgw.pl\/wp-content\/uploads\/2023\/05\/word-image-29934-92.png 616w, https:\/\/cmm.imgw.pl\/wp-content\/uploads\/2023\/05\/word-image-29934-92-300x300.png 300w, https:\/\/cmm.imgw.pl\/wp-content\/uploads\/2023\/05\/word-image-29934-92-150x150.png 150w, https:\/\/cmm.imgw.pl\/wp-content\/uploads\/2023\/05\/word-image-29934-92-600x600.png 600w\" sizes=\"(max-width: 616px) 100vw, 616px\" \/> <img loading=\"lazy\" width=\"562\" height=\"562\" class=\"wp-image-30027 aligncenter\" src=\"http:\/\/cmm.imgw.pl\/wp-content\/uploads\/2023\/05\/word-image-29934-93.png\" srcset=\"https:\/\/cmm.imgw.pl\/wp-content\/uploads\/2023\/05\/word-image-29934-93.png 562w, https:\/\/cmm.imgw.pl\/wp-content\/uploads\/2023\/05\/word-image-29934-93-300x300.png 300w, https:\/\/cmm.imgw.pl\/wp-content\/uploads\/2023\/05\/word-image-29934-93-150x150.png 150w\" sizes=\"(max-width: 562px) 100vw, 562px\" \/> <img loading=\"lazy\" width=\"720\" height=\"720\" class=\"wp-image-30028 aligncenter\" src=\"http:\/\/cmm.imgw.pl\/wp-content\/uploads\/2023\/05\/word-image-29934-94.png\" srcset=\"https:\/\/cmm.imgw.pl\/wp-content\/uploads\/2023\/05\/word-image-29934-94.png 720w, https:\/\/cmm.imgw.pl\/wp-content\/uploads\/2023\/05\/word-image-29934-94-300x300.png 300w, https:\/\/cmm.imgw.pl\/wp-content\/uploads\/2023\/05\/word-image-29934-94-150x150.png 150w, https:\/\/cmm.imgw.pl\/wp-content\/uploads\/2023\/05\/word-image-29934-94-600x600.png 600w\" sizes=\"(max-width: 720px) 100vw, 720px\" \/> <img loading=\"lazy\" width=\"629\" height=\"629\" class=\"wp-image-30029 aligncenter\" src=\"http:\/\/cmm.imgw.pl\/wp-content\/uploads\/2023\/05\/word-image-29934-95.png\" srcset=\"https:\/\/cmm.imgw.pl\/wp-content\/uploads\/2023\/05\/word-image-29934-95.png 629w, https:\/\/cmm.imgw.pl\/wp-content\/uploads\/2023\/05\/word-image-29934-95-300x300.png 300w, https:\/\/cmm.imgw.pl\/wp-content\/uploads\/2023\/05\/word-image-29934-95-150x150.png 150w, https:\/\/cmm.imgw.pl\/wp-content\/uploads\/2023\/05\/word-image-29934-95-600x600.png 600w\" sizes=\"(max-width: 629px) 100vw, 629px\" \/><\/p>\n<p>W strefie opad\u00f3w ograniczenie widzialno\u015bci do 3-5 km.<\/p>","protected":false},"excerpt":{"rendered":"<p>Komentarz do numerycznych prognoz pogody opracowany w Centrum Modelowania Meteorologicznego IMGW-PIB.<\/p>\n","protected":false},"author":3,"featured_media":0,"comment_status":"closed","ping_status":"open","sticky":false,"template":"","format":"standard","meta":{"ocean_post_layout":"","ocean_both_sidebars_style":"","ocean_both_sidebars_content_width":0,"ocean_both_sidebars_sidebars_width":0,"ocean_sidebar":"0","ocean_second_sidebar":"0","ocean_disable_margins":"enable","ocean_add_body_class":"","ocean_shortcode_before_top_bar":"","ocean_shortcode_after_top_bar":"","ocean_shortcode_before_header":"","ocean_shortcode_after_header":"","ocean_has_shortcode":"","ocean_shortcode_after_title":"","ocean_shortcode_before_footer_widgets":"","ocean_shortcode_after_footer_widgets":"","ocean_shortcode_before_footer_bottom":"","ocean_shortcode_after_footer_bottom":"","ocean_display_top_bar":"default","ocean_display_header":"default","ocean_header_style":"","ocean_center_header_left_menu":"0","ocean_custom_header_template":"0","ocean_custom_logo":0,"ocean_custom_retina_logo":0,"ocean_custom_logo_max_width":0,"ocean_custom_logo_tablet_max_width":0,"ocean_custom_logo_mobile_max_width":0,"ocean_custom_logo_max_height":0,"ocean_custom_logo_tablet_max_height":0,"ocean_custom_logo_mobile_max_height":0,"ocean_header_custom_menu":"0","ocean_menu_typo_font_family":"0","ocean_menu_typo_font_subset":"","ocean_menu_typo_font_size":0,"ocean_menu_typo_font_size_tablet":0,"ocean_menu_typo_font_size_mobile":0,"ocean_menu_typo_font_size_unit":"px","ocean_menu_typo_font_weight":"","ocean_menu_typo_font_weight_tablet":"","ocean_menu_typo_font_weight_mobile":"","ocean_menu_typo_transform":"","ocean_menu_typo_transform_tablet":"","ocean_menu_typo_transform_mobile":"","ocean_menu_typo_line_height":0,"ocean_menu_typo_line_height_tablet":0,"ocean_menu_typo_line_height_mobile":0,"ocean_menu_typo_line_height_unit":"","ocean_menu_typo_spacing":0,"ocean_menu_typo_spacing_tablet":0,"ocean_menu_typo_spacing_mobile":0,"ocean_menu_typo_spacing_unit":"","ocean_menu_link_color":"","ocean_menu_link_color_hover":"","ocean_menu_link_color_active":"","ocean_menu_link_background":"","ocean_menu_link_hover_background":"","ocean_menu_link_active_background":"","ocean_menu_social_links_bg":"","ocean_menu_social_hover_links_bg":"","ocean_menu_social_links_color":"","ocean_menu_social_hover_links_color":"","ocean_disable_title":"default","ocean_disable_heading":"default","ocean_post_title":"","ocean_post_subheading":"","ocean_post_title_style":"","ocean_post_title_background_color":"","ocean_post_title_background":0,"ocean_post_title_bg_image_position":"","ocean_post_title_bg_image_attachment":"","ocean_post_title_bg_image_repeat":"","ocean_post_title_bg_image_size":"","ocean_post_title_height":0,"ocean_post_title_bg_overlay":0.5,"ocean_post_title_bg_overlay_color":"","ocean_disable_breadcrumbs":"default","ocean_breadcrumbs_color":"","ocean_breadcrumbs_separator_color":"","ocean_breadcrumbs_links_color":"","ocean_breadcrumbs_links_hover_color":"","ocean_display_footer_widgets":"default","ocean_display_footer_bottom":"default","ocean_custom_footer_template":"0","ocean_post_oembed":"","ocean_post_self_hosted_media":"","ocean_post_video_embed":"","ocean_link_format":"","ocean_link_format_target":"self","ocean_quote_format":"","ocean_quote_format_link":"post","ocean_gallery_link_images":"on","ocean_gallery_id":[]},"categories":[93],"tags":[138,139,68,95,143,141,85,73,97,98,142,76,94,99,71,67,96,140,79],"yoast_head":"<!-- This site is optimized with the Yoast SEO plugin v19.5.1 - https:\/\/yoast.com\/wordpress\/plugins\/seo\/ -->\n<title>Komentarz do numerycznych prognoz pogody (16\/17.05.2023) - Laboratorium Modelowania Meteorologicznego CMOK IMGW-PIB<\/title>\n<meta name=\"description\" content=\"Komentarz do numerycznych prognoz pogody opracowany w Centrum Modelowania Meteorologicznego IMGW-PIB.\" \/>\n<meta name=\"robots\" content=\"index, follow, max-snippet:-1, max-image-preview:large, max-video-preview:-1\" \/>\n<link rel=\"canonical\" href=\"https:\/\/cmm.imgw.pl\/?p=29934\" \/>\n<meta property=\"og:locale\" content=\"pl_PL\" \/>\n<meta property=\"og:type\" content=\"article\" \/>\n<meta property=\"og:title\" content=\"Komentarz do numerycznych prognoz pogody (16\/17.05.2023)\" \/>\n<meta property=\"og:description\" content=\"Komentarz do numerycznych prognoz pogody opracowany w Centrum Modelowania Meteorologicznego IMGW-PIB\" \/>\n<meta property=\"og:url\" content=\"https:\/\/cmm.imgw.pl\/?p=29934\" \/>\n<meta property=\"og:site_name\" content=\"Laboratorium Modelowania Meteorologicznego CMOK IMGW-PIB\" \/>\n<meta property=\"article:publisher\" content=\"https:\/\/www.facebook.com\/Meteoimgw\/\" \/>\n<meta property=\"article:published_time\" content=\"2023-05-16T05:23:29+00:00\" \/>\n<meta property=\"article:modified_time\" content=\"2023-05-16T08:10:38+00:00\" \/>\n<meta property=\"og:image\" content=\"http:\/\/cmm.imgw.pl\/wp-content\/uploads\/2023\/02\/komentarz4.png\" \/>\n\t<meta property=\"og:image:width\" content=\"1280\" \/>\n\t<meta property=\"og:image:height\" content=\"720\" \/>\n\t<meta property=\"og:image:type\" content=\"image\/png\" \/>\n<meta name=\"author\" content=\"CMM\" \/>\n<meta name=\"twitter:card\" content=\"summary_large_image\" \/>\n<meta name=\"twitter:title\" content=\"Komentarz do numerycznych prognoz pogody (16\/17.05.2023)\" \/>\n<meta name=\"twitter:description\" content=\"Komentarz do numerycznych prognoz pogody opracowany w Centrum Modelowania Meteorologicznego IMGW-PIB\" \/>\n<meta name=\"twitter:image\" content=\"https:\/\/cmm.imgw.pl\/wp-content\/uploads\/2023\/02\/komentarz4.png\" \/>\n<meta name=\"twitter:creator\" content=\"@IMGW_CMM\" \/>\n<meta name=\"twitter:site\" content=\"@IMGW_CMM\" \/>\n<meta name=\"twitter:label1\" content=\"Napisane przez\" \/>\n\t<meta name=\"twitter:data1\" content=\"CMM\" \/>\n\t<meta name=\"twitter:label2\" content=\"Szacowany czas czytania\" \/>\n\t<meta name=\"twitter:data2\" content=\"26 minut\" \/>\n<script type=\"application\/ld+json\" class=\"yoast-schema-graph\">{\"@context\":\"https:\/\/schema.org\",\"@graph\":[{\"@type\":\"Article\",\"@id\":\"https:\/\/cmm.imgw.pl\/?p=29934#article\",\"isPartOf\":{\"@id\":\"https:\/\/cmm.imgw.pl\/?p=29934\"},\"author\":{\"name\":\"CMM\",\"@id\":\"https:\/\/cmm.imgw.pl\/#\/schema\/person\/a24a37fe434fe76b0f5791e6bd3fdb46\"},\"headline\":\"Komentarz do numerycznych prognoz pogody (16\/17.05.2023)\",\"datePublished\":\"2023-05-16T05:23:29+00:00\",\"dateModified\":\"2023-05-16T08:10:38+00:00\",\"mainEntityOfPage\":{\"@id\":\"https:\/\/cmm.imgw.pl\/?p=29934\"},\"wordCount\":1593,\"publisher\":{\"@id\":\"https:\/\/cmm.imgw.pl\/#organization\"},\"keywords\":[\"alaro\",\"arome\",\"cmm\",\"Cosmo\",\"DWD\",\"Grzegorz Duniec\",\"imgw\",\"klimat\",\"komentarz\",\"komentarz pogodowy\",\"MERGE\",\"meteorologia\",\"NMP\",\"NPP\",\"pogoda\",\"prognoza\",\"prognoza pogody\",\"wrf\",\"zima\"],\"articleSection\":[\"Komentarz\"],\"inLanguage\":\"pl-PL\"},{\"@type\":\"WebPage\",\"@id\":\"https:\/\/cmm.imgw.pl\/?p=29934\",\"url\":\"https:\/\/cmm.imgw.pl\/?p=29934\",\"name\":\"Komentarz do numerycznych prognoz pogody (16\/17.05.2023) - Laboratorium Modelowania Meteorologicznego CMOK IMGW-PIB\",\"isPartOf\":{\"@id\":\"https:\/\/cmm.imgw.pl\/#website\"},\"datePublished\":\"2023-05-16T05:23:29+00:00\",\"dateModified\":\"2023-05-16T08:10:38+00:00\",\"description\":\"Komentarz do numerycznych prognoz pogody opracowany w Centrum Modelowania Meteorologicznego IMGW-PIB.\",\"breadcrumb\":{\"@id\":\"https:\/\/cmm.imgw.pl\/?p=29934#breadcrumb\"},\"inLanguage\":\"pl-PL\",\"potentialAction\":[{\"@type\":\"ReadAction\",\"target\":[\"https:\/\/cmm.imgw.pl\/?p=29934\"]}]},{\"@type\":\"BreadcrumbList\",\"@id\":\"https:\/\/cmm.imgw.pl\/?p=29934#breadcrumb\",\"itemListElement\":[{\"@type\":\"ListItem\",\"position\":1,\"name\":\"Home\",\"item\":\"https:\/\/cmm.imgw.pl\/\"},{\"@type\":\"ListItem\",\"position\":2,\"name\":\"Komentarz do numerycznych prognoz pogody (16\/17.05.2023)\"}]},{\"@type\":\"WebSite\",\"@id\":\"https:\/\/cmm.imgw.pl\/#website\",\"url\":\"https:\/\/cmm.imgw.pl\/\",\"name\":\"Laboratorium Modelowania Meteorologicznego CMOK IMGW-PIB\",\"description\":\"CMOK-LMM Laboratorium pe\u0142ni pa\u0144stwow\u0105 s\u0142u\u017cb\u0119 hydrologiczno-meteorologiczn\u0105 w zakresie numerycznych prognoz pogody, kt\u00f3rego zadaniem jest konsolidacja kompetencji w obszarze modelowania zjawisk pogodowych oraz dalszego rozwoju numerycznych modeli pogody (NMP).\",\"publisher\":{\"@id\":\"https:\/\/cmm.imgw.pl\/#organization\"},\"potentialAction\":[{\"@type\":\"SearchAction\",\"target\":{\"@type\":\"EntryPoint\",\"urlTemplate\":\"https:\/\/cmm.imgw.pl\/?s={search_term_string}\"},\"query-input\":\"required name=search_term_string\"}],\"inLanguage\":\"pl-PL\"},{\"@type\":\"Organization\",\"@id\":\"https:\/\/cmm.imgw.pl\/#organization\",\"name\":\"Laboratorium Modelowania Meteorologicznego CMOK IMGW-PIB\",\"url\":\"https:\/\/cmm.imgw.pl\/\",\"sameAs\":[\"https:\/\/www.facebook.com\/Meteoimgw\/\",\"https:\/\/twitter.com\/IMGW_CMM\"],\"logo\":{\"@type\":\"ImageObject\",\"inLanguage\":\"pl-PL\",\"@id\":\"https:\/\/cmm.imgw.pl\/#\/schema\/logo\/image\/\",\"url\":\"https:\/\/cmm.imgw.pl\/wp-content\/uploads\/2025\/10\/MODELE_LOGO_UNIFIKACJA_v2.png\",\"contentUrl\":\"https:\/\/cmm.imgw.pl\/wp-content\/uploads\/2025\/10\/MODELE_LOGO_UNIFIKACJA_v2.png\",\"width\":1356,\"height\":365,\"caption\":\"Laboratorium Modelowania Meteorologicznego CMOK IMGW-PIB\"},\"image\":{\"@id\":\"https:\/\/cmm.imgw.pl\/#\/schema\/logo\/image\/\"}},{\"@type\":\"Person\",\"@id\":\"https:\/\/cmm.imgw.pl\/#\/schema\/person\/a24a37fe434fe76b0f5791e6bd3fdb46\",\"name\":\"CMM\",\"image\":{\"@type\":\"ImageObject\",\"inLanguage\":\"pl-PL\",\"@id\":\"https:\/\/cmm.imgw.pl\/#\/schema\/person\/image\/\",\"url\":\"https:\/\/secure.gravatar.com\/avatar\/9248ea2273711f1cd09d6bd45867dbfb?s=96&d=blank&r=g\",\"contentUrl\":\"https:\/\/secure.gravatar.com\/avatar\/9248ea2273711f1cd09d6bd45867dbfb?s=96&d=blank&r=g\",\"caption\":\"CMM\"},\"sameAs\":[\"http:\/\/cmm.imgw.pl\"],\"url\":\"https:\/\/cmm.imgw.pl\/?author=3\"}]}<\/script>\n<!-- \/ Yoast SEO plugin. -->","yoast_head_json":{"title":"Komentarz do numerycznych prognoz pogody (16\/17.05.2023) - Laboratorium Modelowania Meteorologicznego CMOK IMGW-PIB","description":"Komentarz do numerycznych prognoz pogody opracowany w Centrum Modelowania Meteorologicznego IMGW-PIB.","robots":{"index":"index","follow":"follow","max-snippet":"max-snippet:-1","max-image-preview":"max-image-preview:large","max-video-preview":"max-video-preview:-1"},"canonical":"https:\/\/cmm.imgw.pl\/?p=29934","og_locale":"pl_PL","og_type":"article","og_title":"Komentarz do numerycznych prognoz pogody (16\/17.05.2023)","og_description":"Komentarz do numerycznych prognoz pogody opracowany w Centrum Modelowania Meteorologicznego IMGW-PIB","og_url":"https:\/\/cmm.imgw.pl\/?p=29934","og_site_name":"Laboratorium Modelowania Meteorologicznego CMOK IMGW-PIB","article_publisher":"https:\/\/www.facebook.com\/Meteoimgw\/","article_published_time":"2023-05-16T05:23:29+00:00","article_modified_time":"2023-05-16T08:10:38+00:00","og_image":[{"width":1280,"height":720,"url":"http:\/\/cmm.imgw.pl\/wp-content\/uploads\/2023\/02\/komentarz4.png","type":"image\/png"}],"author":"CMM","twitter_card":"summary_large_image","twitter_title":"Komentarz do numerycznych prognoz pogody (16\/17.05.2023)","twitter_description":"Komentarz do numerycznych prognoz pogody opracowany w Centrum Modelowania Meteorologicznego IMGW-PIB","twitter_image":"https:\/\/cmm.imgw.pl\/wp-content\/uploads\/2023\/02\/komentarz4.png","twitter_creator":"@IMGW_CMM","twitter_site":"@IMGW_CMM","twitter_misc":{"Napisane przez":"CMM","Szacowany czas czytania":"26 minut"},"schema":{"@context":"https:\/\/schema.org","@graph":[{"@type":"Article","@id":"https:\/\/cmm.imgw.pl\/?p=29934#article","isPartOf":{"@id":"https:\/\/cmm.imgw.pl\/?p=29934"},"author":{"name":"CMM","@id":"https:\/\/cmm.imgw.pl\/#\/schema\/person\/a24a37fe434fe76b0f5791e6bd3fdb46"},"headline":"Komentarz do numerycznych prognoz pogody (16\/17.05.2023)","datePublished":"2023-05-16T05:23:29+00:00","dateModified":"2023-05-16T08:10:38+00:00","mainEntityOfPage":{"@id":"https:\/\/cmm.imgw.pl\/?p=29934"},"wordCount":1593,"publisher":{"@id":"https:\/\/cmm.imgw.pl\/#organization"},"keywords":["alaro","arome","cmm","Cosmo","DWD","Grzegorz Duniec","imgw","klimat","komentarz","komentarz pogodowy","MERGE","meteorologia","NMP","NPP","pogoda","prognoza","prognoza pogody","wrf","zima"],"articleSection":["Komentarz"],"inLanguage":"pl-PL"},{"@type":"WebPage","@id":"https:\/\/cmm.imgw.pl\/?p=29934","url":"https:\/\/cmm.imgw.pl\/?p=29934","name":"Komentarz do numerycznych prognoz pogody (16\/17.05.2023) - Laboratorium Modelowania Meteorologicznego CMOK IMGW-PIB","isPartOf":{"@id":"https:\/\/cmm.imgw.pl\/#website"},"datePublished":"2023-05-16T05:23:29+00:00","dateModified":"2023-05-16T08:10:38+00:00","description":"Komentarz do numerycznych prognoz pogody opracowany w Centrum Modelowania Meteorologicznego IMGW-PIB.","breadcrumb":{"@id":"https:\/\/cmm.imgw.pl\/?p=29934#breadcrumb"},"inLanguage":"pl-PL","potentialAction":[{"@type":"ReadAction","target":["https:\/\/cmm.imgw.pl\/?p=29934"]}]},{"@type":"BreadcrumbList","@id":"https:\/\/cmm.imgw.pl\/?p=29934#breadcrumb","itemListElement":[{"@type":"ListItem","position":1,"name":"Home","item":"https:\/\/cmm.imgw.pl\/"},{"@type":"ListItem","position":2,"name":"Komentarz do numerycznych prognoz pogody (16\/17.05.2023)"}]},{"@type":"WebSite","@id":"https:\/\/cmm.imgw.pl\/#website","url":"https:\/\/cmm.imgw.pl\/","name":"Laboratorium Modelowania Meteorologicznego CMOK IMGW-PIB","description":"CMOK-LMM Laboratorium pe\u0142ni pa\u0144stwow\u0105 s\u0142u\u017cb\u0119 hydrologiczno-meteorologiczn\u0105 w zakresie numerycznych prognoz pogody, kt\u00f3rego zadaniem jest konsolidacja kompetencji w obszarze modelowania zjawisk pogodowych oraz dalszego rozwoju numerycznych modeli pogody (NMP).","publisher":{"@id":"https:\/\/cmm.imgw.pl\/#organization"},"potentialAction":[{"@type":"SearchAction","target":{"@type":"EntryPoint","urlTemplate":"https:\/\/cmm.imgw.pl\/?s={search_term_string}"},"query-input":"required name=search_term_string"}],"inLanguage":"pl-PL"},{"@type":"Organization","@id":"https:\/\/cmm.imgw.pl\/#organization","name":"Laboratorium Modelowania Meteorologicznego CMOK IMGW-PIB","url":"https:\/\/cmm.imgw.pl\/","sameAs":["https:\/\/www.facebook.com\/Meteoimgw\/","https:\/\/twitter.com\/IMGW_CMM"],"logo":{"@type":"ImageObject","inLanguage":"pl-PL","@id":"https:\/\/cmm.imgw.pl\/#\/schema\/logo\/image\/","url":"https:\/\/cmm.imgw.pl\/wp-content\/uploads\/2025\/10\/MODELE_LOGO_UNIFIKACJA_v2.png","contentUrl":"https:\/\/cmm.imgw.pl\/wp-content\/uploads\/2025\/10\/MODELE_LOGO_UNIFIKACJA_v2.png","width":1356,"height":365,"caption":"Laboratorium Modelowania Meteorologicznego CMOK IMGW-PIB"},"image":{"@id":"https:\/\/cmm.imgw.pl\/#\/schema\/logo\/image\/"}},{"@type":"Person","@id":"https:\/\/cmm.imgw.pl\/#\/schema\/person\/a24a37fe434fe76b0f5791e6bd3fdb46","name":"CMM","image":{"@type":"ImageObject","inLanguage":"pl-PL","@id":"https:\/\/cmm.imgw.pl\/#\/schema\/person\/image\/","url":"https:\/\/secure.gravatar.com\/avatar\/9248ea2273711f1cd09d6bd45867dbfb?s=96&d=blank&r=g","contentUrl":"https:\/\/secure.gravatar.com\/avatar\/9248ea2273711f1cd09d6bd45867dbfb?s=96&d=blank&r=g","caption":"CMM"},"sameAs":["http:\/\/cmm.imgw.pl"],"url":"https:\/\/cmm.imgw.pl\/?author=3"}]}},"_links":{"self":[{"href":"https:\/\/cmm.imgw.pl\/index.php?rest_route=\/wp\/v2\/posts\/29934"}],"collection":[{"href":"https:\/\/cmm.imgw.pl\/index.php?rest_route=\/wp\/v2\/posts"}],"about":[{"href":"https:\/\/cmm.imgw.pl\/index.php?rest_route=\/wp\/v2\/types\/post"}],"author":[{"embeddable":true,"href":"https:\/\/cmm.imgw.pl\/index.php?rest_route=\/wp\/v2\/users\/3"}],"replies":[{"embeddable":true,"href":"https:\/\/cmm.imgw.pl\/index.php?rest_route=%2Fwp%2Fv2%2Fcomments&post=29934"}],"version-history":[{"count":3,"href":"https:\/\/cmm.imgw.pl\/index.php?rest_route=\/wp\/v2\/posts\/29934\/revisions"}],"predecessor-version":[{"id":30044,"href":"https:\/\/cmm.imgw.pl\/index.php?rest_route=\/wp\/v2\/posts\/29934\/revisions\/30044"}],"wp:attachment":[{"href":"https:\/\/cmm.imgw.pl\/index.php?rest_route=%2Fwp%2Fv2%2Fmedia&parent=29934"}],"wp:term":[{"taxonomy":"category","embeddable":true,"href":"https:\/\/cmm.imgw.pl\/index.php?rest_route=%2Fwp%2Fv2%2Fcategories&post=29934"},{"taxonomy":"post_tag","embeddable":true,"href":"https:\/\/cmm.imgw.pl\/index.php?rest_route=%2Fwp%2Fv2%2Ftags&post=29934"}],"curies":[{"name":"wp","href":"https:\/\/api.w.org\/{rel}","templated":true}]}}