{"id":29723,"date":"2023-05-11T07:14:59","date_gmt":"2023-05-11T05:14:59","guid":{"rendered":"https:\/\/cmm.imgw.pl\/?p=29723"},"modified":"2023-05-11T07:15:00","modified_gmt":"2023-05-11T05:15:00","slug":"komentarz-do-numerycznych-prognoz-pogody-11-12-05-2023","status":"publish","type":"post","link":"https:\/\/cmm.imgw.pl\/?p=29723","title":{"rendered":"Komentarz do numerycznych prognoz pogody (11\/12.05.2023)"},"content":{"rendered":"\n<figure class=\"wp-block-image size-large\"><img loading=\"lazy\" width=\"1024\" height=\"576\" src=\"https:\/\/cmm.imgw.pl\/wp-content\/uploads\/2023\/03\/komentarz4-1-1024x576.png\" alt=\"\" class=\"wp-image-23617\" srcset=\"https:\/\/cmm.imgw.pl\/wp-content\/uploads\/2023\/03\/komentarz4-1-1024x576.png 1024w, https:\/\/cmm.imgw.pl\/wp-content\/uploads\/2023\/03\/komentarz4-1-300x169.png 300w, https:\/\/cmm.imgw.pl\/wp-content\/uploads\/2023\/03\/komentarz4-1-768x432.png 768w, https:\/\/cmm.imgw.pl\/wp-content\/uploads\/2023\/03\/komentarz4-1-800x450.png 800w, https:\/\/cmm.imgw.pl\/wp-content\/uploads\/2023\/03\/komentarz4-1.png 1280w\" sizes=\"(max-width: 1024px) 100vw, 1024px\" \/><\/figure>\n\n\n\n<p><em>Tre\u015b\u0107 komentarza do numerycznych prognoz meteorologicznych stanowi niezale\u017cne od biura prognoz meteorologicznych opracowanie wykonane w Centrum Modelowania Meteorologicznego i nie stanowi oficjalnej prognozy synoptycznej IMGW-PIB.<\/em><\/p>\n\n\n\n<p><strong>Opracowanie:<\/strong><\/p>\n\n\n\n<p><strong>dr&nbsp;Grzegorz&nbsp;Duniec, <a href=\"https:\/\/cmm.imgw.pl\/\" target=\"_blank\" rel=\"noreferrer noopener\"><mark style=\"background-color:rgba(0, 0, 0, 0)\" class=\"has-inline-color has-vivid-cyan-blue-color\">Centrum Modelowania Meteorologicznego IMGW-PIB<\/mark><\/a><\/strong><\/p>\n\n\n<p><strong>Opis sytuacji synoptycznej w Europie z godziny 18 UTC, 10 V 2023 roku<\/strong><\/p>\n<p><img loading=\"lazy\" width=\"1385\" height=\"983\" class=\"wp-image-29724 aligncenter\" src=\"http:\/\/cmm.imgw.pl\/wp-content\/uploads\/2023\/05\/word-image-29723-1.png\" srcset=\"https:\/\/cmm.imgw.pl\/wp-content\/uploads\/2023\/05\/word-image-29723-1.png 1385w, https:\/\/cmm.imgw.pl\/wp-content\/uploads\/2023\/05\/word-image-29723-1-300x213.png 300w, https:\/\/cmm.imgw.pl\/wp-content\/uploads\/2023\/05\/word-image-29723-1-1024x727.png 1024w, https:\/\/cmm.imgw.pl\/wp-content\/uploads\/2023\/05\/word-image-29723-1-768x545.png 768w\" sizes=\"(max-width: 1385px) 100vw, 1385px\" \/><\/p>\n<p>Dzisiaj Polska pozostawa\u0142a w zasi\u0119gu rozleg\u0142ego uk\u0142adu wysokiego ci\u015bnienia z centrum 1025,4 hPa nad Bia\u0142orusi\u0105. Do zachodnich granic kraju przybli\u017cy\u0142 si\u0119 front okluzji. Pofalowany front okluzji rozci\u0105ga si\u0119 od Morza Norweskiego przez Morza P\u00f3\u0142nocne, Dani\u0119 oraz Niemcy. Nad W\u0142ochami zalega p\u0142ytki ni\u017c z centrum 1009 hPa z frontem okluzji. W pobli\u017cu Wysp Brytyjskich znajduje si\u0119 p\u0142ytki ni\u017c z o\u015brodkiem 1005 hPa. Na mapie nie ma naniesionego frontu atmosferycznego, kt\u00f3ry znajduje si\u0119 nad Wielk\u0105 Brytani\u0105. Nad p\u00f3\u0142nocn\u0105 zachodni\u0105 Rosj\u0105 rozbudowa\u0142 si\u0119 wy\u017c z o\u015brodkiem 1025,9 hPa. Mi\u0119dzy wy\u017cem znad Bia\u0142orusi i wy\u017cem znad NW Rosji utworzy\u0142a si\u0119 bruzda niskiego ci\u015bnienia, w kt\u00f3rej zalega front atmosferyczny. Nad Atlantykiem zalega wy\u017c. Nad P\u0142w. Iberyjskim utworzy\u0142 si\u0119 bardzo termiczny p\u0142ytki wir cykloniczny z o\u015brodkiem 1012,7 hPa.<\/p>\n<p><strong>Analiza g\u00f3rnego pola ci\u015bnienia z dnia 10 V 2023 roku, godzina 12\/18 UTC<\/strong><\/p>\n<p><img loading=\"lazy\" width=\"1220\" height=\"1542\" class=\"wp-image-29725 aligncenter\" src=\"http:\/\/cmm.imgw.pl\/wp-content\/uploads\/2023\/05\/word-image-29723-2.gif\" \/> <img loading=\"lazy\" width=\"1220\" height=\"1542\" class=\"wp-image-29726 aligncenter\" src=\"http:\/\/cmm.imgw.pl\/wp-content\/uploads\/2023\/05\/word-image-29723-3.gif\" \/> <img loading=\"lazy\" width=\"1221\" height=\"1545\" class=\"wp-image-29727 aligncenter\" src=\"http:\/\/cmm.imgw.pl\/wp-content\/uploads\/2023\/05\/word-image-29723-4.gif\" \/> <img loading=\"lazy\" width=\"733\" height=\"433\" class=\"wp-image-29728 aligncenter\" src=\"http:\/\/cmm.imgw.pl\/wp-content\/uploads\/2023\/05\/word-image-29723-5.png\" srcset=\"https:\/\/cmm.imgw.pl\/wp-content\/uploads\/2023\/05\/word-image-29723-5.png 733w, https:\/\/cmm.imgw.pl\/wp-content\/uploads\/2023\/05\/word-image-29723-5-300x177.png 300w\" sizes=\"(max-width: 733px) 100vw, 733px\" \/> <img loading=\"lazy\" width=\"734\" height=\"434\" class=\"wp-image-29729 aligncenter\" src=\"http:\/\/cmm.imgw.pl\/wp-content\/uploads\/2023\/05\/word-image-29723-6.png\" srcset=\"https:\/\/cmm.imgw.pl\/wp-content\/uploads\/2023\/05\/word-image-29723-6.png 734w, https:\/\/cmm.imgw.pl\/wp-content\/uploads\/2023\/05\/word-image-29723-6-300x177.png 300w\" sizes=\"(max-width: 734px) 100vw, 734px\" \/><\/p>\n<p><strong><img loading=\"lazy\" width=\"740\" height=\"437\" class=\"wp-image-29730 aligncenter\" src=\"http:\/\/cmm.imgw.pl\/wp-content\/uploads\/2023\/05\/word-image-29723-7.png\" srcset=\"https:\/\/cmm.imgw.pl\/wp-content\/uploads\/2023\/05\/word-image-29723-7.png 740w, https:\/\/cmm.imgw.pl\/wp-content\/uploads\/2023\/05\/word-image-29723-7-300x177.png 300w\" sizes=\"(max-width: 740px) 100vw, 740px\" \/><\/strong><\/p>\n<p><img loading=\"lazy\" width=\"735\" height=\"434\" class=\"wp-image-29731 aligncenter\" src=\"http:\/\/cmm.imgw.pl\/wp-content\/uploads\/2023\/05\/word-image-29723-8.png\" srcset=\"https:\/\/cmm.imgw.pl\/wp-content\/uploads\/2023\/05\/word-image-29723-8.png 735w, https:\/\/cmm.imgw.pl\/wp-content\/uploads\/2023\/05\/word-image-29723-8-300x177.png 300w\" sizes=\"(max-width: 735px) 100vw, 735px\" \/><\/p>\n<p>Wy\u017c znad Bia\u0142orusi jest uk\u0142adem barycznym \u015brednim. Zamkni\u0119ta cyrkulacja antycyklonalna wyst\u0119puje, a\u017c do poziomu 400 hPa. Powy\u017cej zalega klin przesuni\u0119ty w kierunku zachodnim, w stroni\u0119 cieplejszej masy powietrza. Izohipsy gi\u0119te na kszta\u0142t klina TB praktycznie pokrywaj\u0105 si\u0119 z izohipsami TW. Na p\u00f3\u0142noc od Morza Czarnego zalega wir cykloniczny z zamkni\u0119t\u0105 cyrkulacj\u0105 cykloniczn\u0105 na mapach TB850, TB700, TB500, TB300. Nad o\u015brodkiem zalega obszar ch\u0142odu. Ni\u017c zalegaj\u0105cy w rejonie Wielkiej Brytanii jest rozbudowany ku g\u00f3rze, z zamkni\u0119ta cyrkulacj\u0105 cykloniczn\u0105, a\u017c do poziomu 300 hPa. Nad p\u00f3\u0142nocno zachodni\u0105 Rosj\u0105 izohipsy s\u0105 gi\u0119te na kszta\u0142t zatoki.<\/p>\n<p><strong>Analiza g\u00f3rnego pola wiatru<\/strong><\/p>\n<p><img loading=\"lazy\" width=\"1387\" height=\"1112\" class=\"wp-image-29732 aligncenter\" src=\"http:\/\/cmm.imgw.pl\/wp-content\/uploads\/2023\/05\/word-image-29723-9.png\" srcset=\"https:\/\/cmm.imgw.pl\/wp-content\/uploads\/2023\/05\/word-image-29723-9.png 1387w, https:\/\/cmm.imgw.pl\/wp-content\/uploads\/2023\/05\/word-image-29723-9-300x241.png 300w, https:\/\/cmm.imgw.pl\/wp-content\/uploads\/2023\/05\/word-image-29723-9-1024x821.png 1024w, https:\/\/cmm.imgw.pl\/wp-content\/uploads\/2023\/05\/word-image-29723-9-768x616.png 768w\" sizes=\"(max-width: 1387px) 100vw, 1387px\" \/><\/p>\n<p>Nad Atlantykiem i Zatok\u0105 Biskajsk\u0105 znajduje si\u0119 pr\u0105d strumieniowy na wysoko\u015bci FL330, z maksymaln\u0105 pr\u0119dko\u015bci\u0105 w osi pr\u0105du 45 m\/s. Nad P\u0142w. Iberyjskim oraz Morzem \u015ar\u00f3dziemnym znajduje si\u0119 kolejny pr\u0105d strumieniowy na wysoko\u015bci FL330, z maksymaln\u0105 pr\u0119dko\u015bci\u0105 w osi pr\u0105du 50 m\/s. Nad Morzem P\u00f3\u0142nocnym oraz Morzem Norweskim zalega trzeci pr\u0105d strumieniowy na wysoko\u015bci FL320, z maksymaln\u0105 pr\u0119dko\u015bci\u0105 w osi pr\u0105du 50 m\/s.<\/p>\n<p><strong>Tropopauza<\/strong><\/p>\n<p>Nad Europ\u0105 wschodni\u0105 znajduje si\u0119 ni\u017c tropopauzy (tropopauza wykazuje w tym rejonie obni\u017cenie i znajduje si\u0119 na wysoko\u015bci FL290). W rejonie Wielkiej Brytanii wschodni\u0105 znajduje si\u0119 kolejny ni\u017c tropopauzy (tropopauza wykazuje w tym rejonie obni\u017cenie i znajduje si\u0119 na wysoko\u015bci FL270). Nad Szwecj\u0105 znajduje si\u0119 wy\u017c tropopauzy (tropopauza wykazuje w tym rejonie podwy\u017cszenie i znajduje si\u0119 na wysoko\u015bci FL380). Wysoko\u015b\u0107 tropopauzy nad Polsk\u0105 FL340.<\/p>\n<p><strong>Analiza termiczna troposfery<\/strong><\/p>\n<p><img loading=\"lazy\" width=\"634\" height=\"490\" class=\"wp-image-29733 aligncenter\" src=\"http:\/\/cmm.imgw.pl\/wp-content\/uploads\/2023\/05\/thck-500-1000hpa-gfs-sro-10-05-2023-18-utc.gif\" alt=\"Thck 500-1000hPa GFS \u015bro. 10.05.2023 18 UTC\" \/> <img loading=\"lazy\" width=\"634\" height=\"490\" class=\"wp-image-29734 aligncenter\" src=\"http:\/\/cmm.imgw.pl\/wp-content\/uploads\/2023\/05\/theta-w-850hpa-gfs-sro-10-05-2023-18-utc.gif\" alt=\"Theta-W 850hPa GFS \u015bro. 10.05.2023 18 UTC\" \/><\/p>\n<p>Nad Europ\u0105 wschodni\u0105 i p\u00f3\u0142nocno wschodni\u0105 zalega powietrze arktyczne. Po\u0142udniowo wschodnie cz\u0119\u015b\u0107 Europy w zasi\u0119gu powietrza polarno-kontynentalnego. Nad Morzem \u015ar\u00f3dziemnym znajduje si\u0119 powietrze zwrotnikowe. Na pozosta\u0142ym obszarze wyst\u0119puje powietrze polarno-morskie o r\u00f3\u017cnych w\u0142a\u015bciwo\u015bciach termicznych.<\/p>\n<p><img loading=\"lazy\" width=\"600\" height=\"640\" class=\"wp-image-29735 aligncenter\" src=\"http:\/\/cmm.imgw.pl\/wp-content\/uploads\/2023\/05\/word-image-29723-12.png\" srcset=\"https:\/\/cmm.imgw.pl\/wp-content\/uploads\/2023\/05\/word-image-29723-12.png 600w, https:\/\/cmm.imgw.pl\/wp-content\/uploads\/2023\/05\/word-image-29723-12-281x300.png 281w\" sizes=\"(max-width: 600px) 100vw, 600px\" \/> <img loading=\"lazy\" width=\"600\" height=\"640\" class=\"wp-image-29736 aligncenter\" src=\"http:\/\/cmm.imgw.pl\/wp-content\/uploads\/2023\/05\/word-image-29723-13.png\" srcset=\"https:\/\/cmm.imgw.pl\/wp-content\/uploads\/2023\/05\/word-image-29723-13.png 600w, https:\/\/cmm.imgw.pl\/wp-content\/uploads\/2023\/05\/word-image-29723-13-281x300.png 281w\" sizes=\"(max-width: 600px) 100vw, 600px\" \/><\/p>\n<p>We wschodniej cz\u0119\u015bci kraju zalega jeszcze zatoka ch\u0142odu. Zachodni rejon kraju w zasi\u0119gu klina cieplejszego powietrza.<\/p>\n<p><strong>Rozw\u00f3j sytuacji barycznej nad Europ\u0105 <\/strong><\/p>\n<p><img loading=\"lazy\" width=\"1075\" height=\"764\" class=\"wp-image-29737 aligncenter\" src=\"http:\/\/cmm.imgw.pl\/wp-content\/uploads\/2023\/05\/word-image-29723-14.gif\" \/> <img loading=\"lazy\" width=\"1075\" height=\"764\" class=\"wp-image-29738 aligncenter\" src=\"http:\/\/cmm.imgw.pl\/wp-content\/uploads\/2023\/05\/word-image-29723-15.gif\" \/><\/p>\n<p>Wy\u017c znad Bia\u0142orusi przemie\u015bci si\u0119 na niewielk\u0105 odleg\u0142o\u015b\u0107 na zach\u00f3d. Front okluzji znajduj\u0105cy si\u0119 w pobli\u017cu zachodniej granicy naszego kraju zostanie przyblokowany i zmieni kierunek przemieszczania na zach\u00f3d. Nad Morzem Barentsa, Morze Norweskim oraz nad p\u00f3\u0142nocno zachodni\u0105 Rosj\u0105 zalega\u0107 b\u0119dzie pofalowany front, kt\u00f3ry b\u0119dzie podlega\u0142 dalszej deformacji i nad Morzem Barentsa utworzy si\u0119 p\u0142ytki wir cykloniczny. Nad p\u00f3\u0142nocno zachodni\u0105 Rosj\u0105 front nadal zalega\u0107 b\u0119dzie w bru\u017adzie niskiego ci\u015bnienia. Nad Europ\u0105 po\u0142udniow\u0105 nadal znajdowa\u0107 si\u0119 b\u0119dzie p\u0142ytki ni\u017c z frontem atmosferycznym. Nad Atlantykiem znajdzie si\u0119 wy\u017c, kt\u00f3ry, z czwartku na pi\u0105tek, klinem si\u0119gnie po Morze Norweskie. Nad Wielk\u0105 Brytani\u0105 zalegaj\u0105cy ni\u017c rozmyje si\u0119. Jedynie w zatoce zalega\u0107 b\u0119dzie jeszcze front okluzji, kt\u00f3ry cz\u0119\u015bciowo ulegnie frontolizie.<\/p>\n<p><strong>Rozw\u00f3j g\u00f3rnego pola ci\u015bnienia<\/strong><\/p>\n<p><img loading=\"lazy\" width=\"698\" height=\"489\" class=\"wp-image-29739 aligncenter\" src=\"http:\/\/cmm.imgw.pl\/wp-content\/uploads\/2023\/05\/word-image-29723-16.png\" srcset=\"https:\/\/cmm.imgw.pl\/wp-content\/uploads\/2023\/05\/word-image-29723-16.png 698w, https:\/\/cmm.imgw.pl\/wp-content\/uploads\/2023\/05\/word-image-29723-16-300x210.png 300w\" sizes=\"(max-width: 698px) 100vw, 698px\" \/> <img loading=\"lazy\" width=\"698\" height=\"489\" class=\"wp-image-29740 aligncenter\" src=\"http:\/\/cmm.imgw.pl\/wp-content\/uploads\/2023\/05\/word-image-29723-17.png\" srcset=\"https:\/\/cmm.imgw.pl\/wp-content\/uploads\/2023\/05\/word-image-29723-17.png 698w, https:\/\/cmm.imgw.pl\/wp-content\/uploads\/2023\/05\/word-image-29723-17-300x210.png 300w\" sizes=\"(max-width: 698px) 100vw, 698px\" \/> <img loading=\"lazy\" width=\"697\" height=\"483\" class=\"wp-image-29741 aligncenter\" src=\"http:\/\/cmm.imgw.pl\/wp-content\/uploads\/2023\/05\/word-image-29723-18.png\" srcset=\"https:\/\/cmm.imgw.pl\/wp-content\/uploads\/2023\/05\/word-image-29723-18.png 697w, https:\/\/cmm.imgw.pl\/wp-content\/uploads\/2023\/05\/word-image-29723-18-300x208.png 300w\" sizes=\"(max-width: 697px) 100vw, 697px\" \/> <img loading=\"lazy\" width=\"699\" height=\"486\" class=\"wp-image-29742 aligncenter\" src=\"http:\/\/cmm.imgw.pl\/wp-content\/uploads\/2023\/05\/word-image-29723-19.png\" srcset=\"https:\/\/cmm.imgw.pl\/wp-content\/uploads\/2023\/05\/word-image-29723-19.png 699w, https:\/\/cmm.imgw.pl\/wp-content\/uploads\/2023\/05\/word-image-29723-19-300x209.png 300w\" sizes=\"(max-width: 699px) 100vw, 699px\" \/> <img loading=\"lazy\" width=\"667\" height=\"462\" class=\"wp-image-29743 aligncenter\" src=\"http:\/\/cmm.imgw.pl\/wp-content\/uploads\/2023\/05\/word-image-29723-20.jpeg\" srcset=\"https:\/\/cmm.imgw.pl\/wp-content\/uploads\/2023\/05\/word-image-29723-20.jpeg 667w, https:\/\/cmm.imgw.pl\/wp-content\/uploads\/2023\/05\/word-image-29723-20-300x208.jpeg 300w\" sizes=\"(max-width: 667px) 100vw, 667px\" \/> <img loading=\"lazy\" width=\"663\" height=\"463\" class=\"wp-image-29744 aligncenter\" src=\"http:\/\/cmm.imgw.pl\/wp-content\/uploads\/2023\/05\/word-image-29723-21.jpeg\" srcset=\"https:\/\/cmm.imgw.pl\/wp-content\/uploads\/2023\/05\/word-image-29723-21.jpeg 663w, https:\/\/cmm.imgw.pl\/wp-content\/uploads\/2023\/05\/word-image-29723-21-300x210.jpeg 300w\" sizes=\"(max-width: 663px) 100vw, 663px\" \/><\/p>\n<p>Wy\u017c znad Bia\u0142orusi sta\u0142 si\u0119 uk\u0142adem wysokim, z zamkni\u0119t\u0105 cyrkulacj\u0105 cykloniczn\u0105, a\u017c do poziomu 300 hPa. O\u015b uk\u0142ady b\u0119dzie nieznacznie pochylony w kierunku zachodnim, w stron\u0119 cieplejszej masy powietrza. Nad Atlantykiem zalega\u0107 b\u0119dzie niskim uk\u0142adem barycznym (zamkni\u0119ta cyrkulacja antycykloniczna na poziomie 850 hPa). Wy\u017cej zalega\u0107 b\u0119dzie klin si\u0119gaj\u0105cy w kierunku Morza Norweskiego. Na p\u00f3\u0142noc od Morza Czarnego znajdowa\u0107 si\u0119 b\u0119dzie wir cykloniczny, kt\u00f3ry b\u0119dzie uk\u0142adem wysokim, i pog\u0142\u0119biaj\u0105cym si\u0119 na wysoko\u015bci 850 hPa oraz 500 hPa. Nad NW Rosji zalega\u0107 b\u0119dzie zatoka. Nad Wielk\u0105 Brytani\u0105 ni\u017c jeszcze widoczny w \u015bredniej i wysokiej troposferze, kt\u00f3ry w ci\u0105gu najbli\u017cszej doby wype\u0142ni si\u0119. Nad Europ\u0105 zachodni\u0105 zalega\u0107 b\u0119dzie cyrkulacja cykloniczna.<\/p>\n<p><strong>Rozw\u00f3j g\u00f3rnego pola wiatru<\/strong><\/p>\n<p><img loading=\"lazy\" width=\"1387\" height=\"1112\" class=\"wp-image-29745 aligncenter\" src=\"http:\/\/cmm.imgw.pl\/wp-content\/uploads\/2023\/05\/word-image-29723-22.png\" srcset=\"https:\/\/cmm.imgw.pl\/wp-content\/uploads\/2023\/05\/word-image-29723-22.png 1387w, https:\/\/cmm.imgw.pl\/wp-content\/uploads\/2023\/05\/word-image-29723-22-300x241.png 300w, https:\/\/cmm.imgw.pl\/wp-content\/uploads\/2023\/05\/word-image-29723-22-1024x821.png 1024w, https:\/\/cmm.imgw.pl\/wp-content\/uploads\/2023\/05\/word-image-29723-22-768x616.png 768w\" sizes=\"(max-width: 1387px) 100vw, 1387px\" \/><\/p>\n<p>W czwartek nad Atlantykiem zalega\u0107 b\u0119dzie pr\u0105d strumieniowy na wysoko\u015bci FL310-350, z maksymaln\u0105 pr\u0119dko\u015bci\u0105 w osi pr\u0105du 60-70 m\/s. Pionowy zasi\u0119g pr\u0105du obejmowa\u0107 b\u0119dzie obszar FL180\/400. Nad Morzem Norweskim znajdowa\u0107 si\u0119 b\u0119dzie pr\u0105d strumieniowy na wysoko\u015bci FL310, z maksymaln\u0105 pr\u0119dko\u015bci\u0105 w osi pr\u0105du 45 m\/s. Nad p\u00f3\u0142nocna Hiszpani\u0105, Morzem \u015ar\u00f3dziemnym oraz Sardyni\u0105 wyst\u0119powa\u0107 b\u0119dzie pr\u0105d strumieniowy na wysoko\u015bci FL320, z maksymaln\u0105 pr\u0119dko\u015bci\u0105 w osi pr\u0105du 45 m\/s. Nad Morzem Czarnym, na wysoko\u015bci FL310, wyst\u0119powa\u0107 b\u0119dzie pr\u0105d strumieniowy, z maksymaln\u0105 pr\u0119dko\u015bci\u0105 w osi pr\u0105du 50 m\/s.<\/p>\n<p><img loading=\"lazy\" width=\"634\" height=\"490\" class=\"wp-image-29746 aligncenter\" src=\"http:\/\/cmm.imgw.pl\/wp-content\/uploads\/2023\/05\/prad-strumieniowy-gfs-czw-11-05-2023-12-utc-1.gif\" alt=\"Pr\u0105d strumieniowy GFS czw. 11.05.2023 12 UTC\" \/> <img loading=\"lazy\" width=\"634\" height=\"490\" class=\"wp-image-29747 aligncenter\" src=\"http:\/\/cmm.imgw.pl\/wp-content\/uploads\/2023\/05\/prad-strumieniowy-gfs-pt-12-05-2023-12-utc.gif\" alt=\"Pr\u0105d strumieniowy GFS pt. 12.05.2023 12 UTC\" \/><\/p>\n<p>W ci\u0105gu najbli\u017cszej doby, pr\u0105d strumieniowy znad Morza Czarnego przemie\u015bci si\u0119 na p\u00f3\u0142noc. Pr\u0105d strumieniowy zalegaj\u0105cy nad Morzem Norweskim nasunie si\u0119 nas Skandynawi\u0119. Rozk\u0142ad pola pr\u0119dko\u015bci na wysoko\u015bci 300 hPa na pozosta\u0142ym obszarze nie ulegnie znacz\u0105cej zmianie.<\/p>\n<p><strong>Tropopauza<\/strong><\/p>\n<p>Nad Europ\u0105 wschodni\u0105 znajdowa\u0107 si\u0119 b\u0119dzie nadal ni\u017c tropopauzy (tropopauza wyka\u017ce w tym rejonie obni\u017cenie i znajdzie si\u0119 na wysoko\u015bci FL280). Nad Wielk\u0105 Brytani\u0105 znajdowa\u0107 si\u0119 b\u0119dzie nadal ni\u017c tropopauzy (tropopauza wyka\u017ce w tym rejonie obni\u017cenie i znajdzie si\u0119 na wysoko\u015bci FL280). Nad Finlandi\u0105 znajdzie si\u0119 wy\u017c tropopauzy (tropopauza wyka\u017ce w tym rejonie podwy\u017cszenie i znajdzie si\u0119 na wysoko\u015bci FL390). Wysoko\u015b\u0107 tropopauzy nad Polsk\u0105 FL340.<\/p>\n<p><strong>Rozw\u00f3j warunk\u00f3w termicznych troposfery <\/strong><\/p>\n<p><img loading=\"lazy\" width=\"634\" height=\"490\" class=\"wp-image-29748 aligncenter\" src=\"http:\/\/cmm.imgw.pl\/wp-content\/uploads\/2023\/05\/thck-500-1000hpa-gfs-czw-11-05-2023-12-utc-1.gif\" alt=\"Thck 500-1000hPa GFS czw. 11.05.2023 12 UTC\" \/> <img loading=\"lazy\" width=\"634\" height=\"490\" class=\"wp-image-29749 aligncenter\" src=\"http:\/\/cmm.imgw.pl\/wp-content\/uploads\/2023\/05\/thck-500-1000hpa-gfs-pt-12-05-2023-12-utc.gif\" alt=\"Thck 500-1000hPa GFS pt. 12.05.2023 12 UTC\" \/><\/p>\n<p>W ci\u0105gu najbli\u017cszej doby rozk\u0142ad mas powietrza w Europie nie ulegnie znacz\u0105cym zmianom.<\/p>\n<p><img loading=\"lazy\" width=\"600\" height=\"640\" class=\"wp-image-29750 aligncenter\" src=\"http:\/\/cmm.imgw.pl\/wp-content\/uploads\/2023\/05\/word-image-29723-27.png\" srcset=\"https:\/\/cmm.imgw.pl\/wp-content\/uploads\/2023\/05\/word-image-29723-27.png 600w, https:\/\/cmm.imgw.pl\/wp-content\/uploads\/2023\/05\/word-image-29723-27-281x300.png 281w\" sizes=\"(max-width: 600px) 100vw, 600px\" \/> <img loading=\"lazy\" width=\"600\" height=\"640\" class=\"wp-image-29751 aligncenter\" src=\"http:\/\/cmm.imgw.pl\/wp-content\/uploads\/2023\/05\/word-image-29723-28.png\" srcset=\"https:\/\/cmm.imgw.pl\/wp-content\/uploads\/2023\/05\/word-image-29723-28.png 600w, https:\/\/cmm.imgw.pl\/wp-content\/uploads\/2023\/05\/word-image-29723-28-281x300.png 281w\" sizes=\"(max-width: 600px) 100vw, 600px\" \/> <img loading=\"lazy\" width=\"600\" height=\"640\" class=\"wp-image-29752 aligncenter\" src=\"http:\/\/cmm.imgw.pl\/wp-content\/uploads\/2023\/05\/word-image-29723-29.png\" srcset=\"https:\/\/cmm.imgw.pl\/wp-content\/uploads\/2023\/05\/word-image-29723-29.png 600w, https:\/\/cmm.imgw.pl\/wp-content\/uploads\/2023\/05\/word-image-29723-29-281x300.png 281w\" sizes=\"(max-width: 600px) 100vw, 600px\" \/><\/p>\n<p>Wy\u017c znad Bia\u0142orusi przemie\u015bci si\u0119 na zach\u00f3d w zwi\u0105zku z tym do Polski nap\u0142ynie ch\u0142odniejsze powietrze. Cieplejsza masa powietrza zalegaj\u0105ca na zachodzie zostanie wyparta znad Polski. Jedynie w po\u0142udniowo zachodniej Polsce zalega\u0107 b\u0119dzie cieplejsza masa powietrza.<\/p>\n<p><img loading=\"lazy\" width=\"600\" height=\"640\" class=\"wp-image-29753 aligncenter\" src=\"http:\/\/cmm.imgw.pl\/wp-content\/uploads\/2023\/05\/word-image-29723-30.png\" srcset=\"https:\/\/cmm.imgw.pl\/wp-content\/uploads\/2023\/05\/word-image-29723-30.png 600w, https:\/\/cmm.imgw.pl\/wp-content\/uploads\/2023\/05\/word-image-29723-30-281x300.png 281w\" sizes=\"(max-width: 600px) 100vw, 600px\" \/> <img loading=\"lazy\" width=\"600\" height=\"640\" class=\"wp-image-29754 aligncenter\" src=\"http:\/\/cmm.imgw.pl\/wp-content\/uploads\/2023\/05\/word-image-29723-31.png\" srcset=\"https:\/\/cmm.imgw.pl\/wp-content\/uploads\/2023\/05\/word-image-29723-31.png 600w, https:\/\/cmm.imgw.pl\/wp-content\/uploads\/2023\/05\/word-image-29723-31-281x300.png 281w\" sizes=\"(max-width: 600px) 100vw, 600px\" \/> <img loading=\"lazy\" width=\"600\" height=\"640\" class=\"wp-image-29755 aligncenter\" src=\"http:\/\/cmm.imgw.pl\/wp-content\/uploads\/2023\/05\/word-image-29723-32.png\" srcset=\"https:\/\/cmm.imgw.pl\/wp-content\/uploads\/2023\/05\/word-image-29723-32.png 600w, https:\/\/cmm.imgw.pl\/wp-content\/uploads\/2023\/05\/word-image-29723-32-281x300.png 281w\" sizes=\"(max-width: 600px) 100vw, 600px\" \/><\/p>\n<p>Adwekcj\u0119 ch\u0142odu r\u00f3wnie\u017c wida\u0107 na wysoko\u015bci 500 hPa. Od zachodu nasunie si\u0119 masa powietrza, kt\u00f3rej temperatura b\u0119dzie ni\u017csza.<\/p>\n<p><strong>Rozw\u00f3j pola wilgotno\u015bci w troposferze<\/strong><\/p>\n<p><img loading=\"lazy\" width=\"600\" height=\"640\" class=\"wp-image-29756 aligncenter\" src=\"http:\/\/cmm.imgw.pl\/wp-content\/uploads\/2023\/05\/word-image-29723-33.png\" srcset=\"https:\/\/cmm.imgw.pl\/wp-content\/uploads\/2023\/05\/word-image-29723-33.png 600w, https:\/\/cmm.imgw.pl\/wp-content\/uploads\/2023\/05\/word-image-29723-33-281x300.png 281w\" sizes=\"(max-width: 600px) 100vw, 600px\" \/> <img loading=\"lazy\" width=\"600\" height=\"640\" class=\"wp-image-29757 aligncenter\" src=\"http:\/\/cmm.imgw.pl\/wp-content\/uploads\/2023\/05\/word-image-29723-34.png\" srcset=\"https:\/\/cmm.imgw.pl\/wp-content\/uploads\/2023\/05\/word-image-29723-34.png 600w, https:\/\/cmm.imgw.pl\/wp-content\/uploads\/2023\/05\/word-image-29723-34-281x300.png 281w\" sizes=\"(max-width: 600px) 100vw, 600px\" \/><\/p>\n<p>W ci\u0105gu dnia, na wysoko\u015bci 850 hPa, zalega\u0107 b\u0119dzie wilgotna masa powietrza. W nocy wilgotno\u015b\u0107 nieco si\u0119 zmniejszy.<\/p>\n<p><img loading=\"lazy\" width=\"600\" height=\"640\" class=\"wp-image-29758 aligncenter\" src=\"http:\/\/cmm.imgw.pl\/wp-content\/uploads\/2023\/05\/word-image-29723-35.png\" srcset=\"https:\/\/cmm.imgw.pl\/wp-content\/uploads\/2023\/05\/word-image-29723-35.png 600w, https:\/\/cmm.imgw.pl\/wp-content\/uploads\/2023\/05\/word-image-29723-35-281x300.png 281w\" sizes=\"(max-width: 600px) 100vw, 600px\" \/> <img loading=\"lazy\" width=\"600\" height=\"640\" class=\"wp-image-29759 aligncenter\" src=\"http:\/\/cmm.imgw.pl\/wp-content\/uploads\/2023\/05\/word-image-29723-36.png\" srcset=\"https:\/\/cmm.imgw.pl\/wp-content\/uploads\/2023\/05\/word-image-29723-36.png 600w, https:\/\/cmm.imgw.pl\/wp-content\/uploads\/2023\/05\/word-image-29723-36-281x300.png 281w\" sizes=\"(max-width: 600px) 100vw, 600px\" \/><\/p>\n<p>Na wysoko\u015bci 500 hPa, w ci\u0105gu najbli\u017cszej doby, wilgotno\u015b\u0107 zmniejszy si\u0119.<\/p>\n<p><img loading=\"lazy\" width=\"600\" height=\"640\" class=\"wp-image-29760 aligncenter\" src=\"http:\/\/cmm.imgw.pl\/wp-content\/uploads\/2023\/05\/word-image-29723-37.png\" srcset=\"https:\/\/cmm.imgw.pl\/wp-content\/uploads\/2023\/05\/word-image-29723-37.png 600w, https:\/\/cmm.imgw.pl\/wp-content\/uploads\/2023\/05\/word-image-29723-37-281x300.png 281w\" sizes=\"(max-width: 600px) 100vw, 600px\" \/> <img loading=\"lazy\" width=\"600\" height=\"640\" class=\"wp-image-29761 aligncenter\" src=\"http:\/\/cmm.imgw.pl\/wp-content\/uploads\/2023\/05\/word-image-29723-38.png\" srcset=\"https:\/\/cmm.imgw.pl\/wp-content\/uploads\/2023\/05\/word-image-29723-38.png 600w, https:\/\/cmm.imgw.pl\/wp-content\/uploads\/2023\/05\/word-image-29723-38-281x300.png 281w\" sizes=\"(max-width: 600px) 100vw, 600px\" \/><\/p>\n<p>Na wysoko\u015bci 9 km, na p\u00f3\u0142nocy i wschodzie kraju i na skraju po\u0142udniowo zachodniej Polski wilgotno\u015b\u0107 wynosi\u0107 b\u0119dzie 60-80 %. W nocy jedynie na kra\u0144cach po\u0142udniowo zachodniej Polski wilgotno\u015b\u0107 du\u017ca. Na pozosta\u0142ym obszarze wilgotno\u015b\u0107 na poziomie 40-50%.<\/p>\n<p><strong>Prognoza zachmurzenia<\/strong><\/p>\n<p><img loading=\"lazy\" width=\"600\" height=\"640\" class=\"wp-image-29762 aligncenter\" src=\"http:\/\/cmm.imgw.pl\/wp-content\/uploads\/2023\/05\/word-image-29723-39.png\" srcset=\"https:\/\/cmm.imgw.pl\/wp-content\/uploads\/2023\/05\/word-image-29723-39.png 600w, https:\/\/cmm.imgw.pl\/wp-content\/uploads\/2023\/05\/word-image-29723-39-281x300.png 281w\" sizes=\"(max-width: 600px) 100vw, 600px\" \/> <img loading=\"lazy\" width=\"600\" height=\"640\" class=\"wp-image-29763 aligncenter\" src=\"http:\/\/cmm.imgw.pl\/wp-content\/uploads\/2023\/05\/word-image-29723-40.png\" srcset=\"https:\/\/cmm.imgw.pl\/wp-content\/uploads\/2023\/05\/word-image-29723-40.png 600w, https:\/\/cmm.imgw.pl\/wp-content\/uploads\/2023\/05\/word-image-29723-40-281x300.png 281w\" sizes=\"(max-width: 600px) 100vw, 600px\" \/> <img loading=\"lazy\" width=\"600\" height=\"640\" class=\"wp-image-29764 aligncenter\" src=\"http:\/\/cmm.imgw.pl\/wp-content\/uploads\/2023\/05\/word-image-29723-41.png\" srcset=\"https:\/\/cmm.imgw.pl\/wp-content\/uploads\/2023\/05\/word-image-29723-41.png 600w, https:\/\/cmm.imgw.pl\/wp-content\/uploads\/2023\/05\/word-image-29723-41-281x300.png 281w\" sizes=\"(max-width: 600px) 100vw, 600px\" \/> <img loading=\"lazy\" width=\"600\" height=\"640\" class=\"wp-image-29765 aligncenter\" src=\"http:\/\/cmm.imgw.pl\/wp-content\/uploads\/2023\/05\/word-image-29723-42.png\" srcset=\"https:\/\/cmm.imgw.pl\/wp-content\/uploads\/2023\/05\/word-image-29723-42.png 600w, https:\/\/cmm.imgw.pl\/wp-content\/uploads\/2023\/05\/word-image-29723-42-281x300.png 281w\" sizes=\"(max-width: 600px) 100vw, 600px\" \/><\/p>\n<p>Na zachodzie, na po\u0142udniu, na wschodzie oraz lokalnie w centrum kraju zachmurzenie og\u00f3lne ma\u0142e, lokalnie umiarkowane. Prawdopodobnie, na zachodzie kraju, lokalnie zachmurzenie du\u017ce. W nocy zachmurzenie ma\u0142e na po\u0142udniu i na zachodzie kraju lub bezchmurnie.<\/p>\n<p><img loading=\"lazy\" width=\"600\" height=\"640\" class=\"wp-image-29766 aligncenter\" src=\"http:\/\/cmm.imgw.pl\/wp-content\/uploads\/2023\/05\/word-image-29723-43.png\" srcset=\"https:\/\/cmm.imgw.pl\/wp-content\/uploads\/2023\/05\/word-image-29723-43.png 600w, https:\/\/cmm.imgw.pl\/wp-content\/uploads\/2023\/05\/word-image-29723-43-281x300.png 281w\" sizes=\"(max-width: 600px) 100vw, 600px\" \/> <img loading=\"lazy\" width=\"600\" height=\"640\" class=\"wp-image-29767 aligncenter\" src=\"http:\/\/cmm.imgw.pl\/wp-content\/uploads\/2023\/05\/word-image-29723-44.png\" srcset=\"https:\/\/cmm.imgw.pl\/wp-content\/uploads\/2023\/05\/word-image-29723-44.png 600w, https:\/\/cmm.imgw.pl\/wp-content\/uploads\/2023\/05\/word-image-29723-44-281x300.png 281w\" sizes=\"(max-width: 600px) 100vw, 600px\" \/> <img loading=\"lazy\" width=\"600\" height=\"640\" class=\"wp-image-29768 aligncenter\" src=\"http:\/\/cmm.imgw.pl\/wp-content\/uploads\/2023\/05\/word-image-29723-45.png\" srcset=\"https:\/\/cmm.imgw.pl\/wp-content\/uploads\/2023\/05\/word-image-29723-45.png 600w, https:\/\/cmm.imgw.pl\/wp-content\/uploads\/2023\/05\/word-image-29723-45-281x300.png 281w\" sizes=\"(max-width: 600px) 100vw, 600px\" \/><\/p>\n<p>W ci\u0105gu dnia na niebie Cumulus humilis, Cumulus fractus. Po po\u0142udniu mo\u017cliwy Stratocumulus cumulogenitus.<\/p>\n<p><img loading=\"lazy\" width=\"600\" height=\"640\" class=\"wp-image-29769 aligncenter\" src=\"http:\/\/cmm.imgw.pl\/wp-content\/uploads\/2023\/05\/word-image-29723-46.png\" srcset=\"https:\/\/cmm.imgw.pl\/wp-content\/uploads\/2023\/05\/word-image-29723-46.png 600w, https:\/\/cmm.imgw.pl\/wp-content\/uploads\/2023\/05\/word-image-29723-46-281x300.png 281w\" sizes=\"(max-width: 600px) 100vw, 600px\" \/> <img loading=\"lazy\" width=\"600\" height=\"640\" class=\"wp-image-29770 aligncenter\" src=\"http:\/\/cmm.imgw.pl\/wp-content\/uploads\/2023\/05\/word-image-29723-47.png\" srcset=\"https:\/\/cmm.imgw.pl\/wp-content\/uploads\/2023\/05\/word-image-29723-47.png 600w, https:\/\/cmm.imgw.pl\/wp-content\/uploads\/2023\/05\/word-image-29723-47-281x300.png 281w\" sizes=\"(max-width: 600px) 100vw, 600px\" \/> <img loading=\"lazy\" width=\"600\" height=\"640\" class=\"wp-image-29771 aligncenter\" src=\"http:\/\/cmm.imgw.pl\/wp-content\/uploads\/2023\/05\/word-image-29723-48.png\" srcset=\"https:\/\/cmm.imgw.pl\/wp-content\/uploads\/2023\/05\/word-image-29723-48.png 600w, https:\/\/cmm.imgw.pl\/wp-content\/uploads\/2023\/05\/word-image-29723-48-281x300.png 281w\" sizes=\"(max-width: 600px) 100vw, 600px\" \/> <img loading=\"lazy\" width=\"600\" height=\"640\" class=\"wp-image-29772 aligncenter\" src=\"http:\/\/cmm.imgw.pl\/wp-content\/uploads\/2023\/05\/word-image-29723-49.png\" srcset=\"https:\/\/cmm.imgw.pl\/wp-content\/uploads\/2023\/05\/word-image-29723-49.png 600w, https:\/\/cmm.imgw.pl\/wp-content\/uploads\/2023\/05\/word-image-29723-49-281x300.png 281w\" sizes=\"(max-width: 600px) 100vw, 600px\" \/><\/p>\n<p>Na niebie wyst\u0119powa\u0107 mog\u0105 \u0142awice chmur Altocumulus perlucidus\/translucidus.<\/p>\n<p><img loading=\"lazy\" width=\"600\" height=\"640\" class=\"wp-image-29773 aligncenter\" src=\"http:\/\/cmm.imgw.pl\/wp-content\/uploads\/2023\/05\/word-image-29723-50.png\" srcset=\"https:\/\/cmm.imgw.pl\/wp-content\/uploads\/2023\/05\/word-image-29723-50.png 600w, https:\/\/cmm.imgw.pl\/wp-content\/uploads\/2023\/05\/word-image-29723-50-281x300.png 281w\" sizes=\"(max-width: 600px) 100vw, 600px\" \/> <img loading=\"lazy\" width=\"600\" height=\"640\" class=\"wp-image-29774 aligncenter\" src=\"http:\/\/cmm.imgw.pl\/wp-content\/uploads\/2023\/05\/word-image-29723-51.png\" srcset=\"https:\/\/cmm.imgw.pl\/wp-content\/uploads\/2023\/05\/word-image-29723-51.png 600w, https:\/\/cmm.imgw.pl\/wp-content\/uploads\/2023\/05\/word-image-29723-51-281x300.png 281w\" sizes=\"(max-width: 600px) 100vw, 600px\" \/><\/p>\n<p>Na niebie tak\u017ce chmury Cirrus fibratus\/spissatus. W nocy brak chmur pietra wysokiego, za wyj\u0105tkiem po\u0142udniowych kra\u0144c\u00f3w kraju.<\/p>\n<p><strong>Prognoza pola wiatru<\/strong><\/p>\n<p><img loading=\"lazy\" width=\"574\" height=\"574\" class=\"wp-image-29775 aligncenter\" src=\"http:\/\/cmm.imgw.pl\/wp-content\/uploads\/2023\/05\/word-image-29723-52.jpeg\" srcset=\"https:\/\/cmm.imgw.pl\/wp-content\/uploads\/2023\/05\/word-image-29723-52.jpeg 574w, https:\/\/cmm.imgw.pl\/wp-content\/uploads\/2023\/05\/word-image-29723-52-300x300.jpeg 300w, https:\/\/cmm.imgw.pl\/wp-content\/uploads\/2023\/05\/word-image-29723-52-150x150.jpeg 150w\" sizes=\"(max-width: 574px) 100vw, 574px\" \/> <img loading=\"lazy\" width=\"583\" height=\"583\" class=\"wp-image-29776 aligncenter\" src=\"http:\/\/cmm.imgw.pl\/wp-content\/uploads\/2023\/05\/word-image-29723-53.jpeg\" srcset=\"https:\/\/cmm.imgw.pl\/wp-content\/uploads\/2023\/05\/word-image-29723-53.jpeg 583w, https:\/\/cmm.imgw.pl\/wp-content\/uploads\/2023\/05\/word-image-29723-53-300x300.jpeg 300w, https:\/\/cmm.imgw.pl\/wp-content\/uploads\/2023\/05\/word-image-29723-53-150x150.jpeg 150w\" sizes=\"(max-width: 583px) 100vw, 583px\" \/> <img loading=\"lazy\" width=\"567\" height=\"567\" class=\"wp-image-29777 aligncenter\" src=\"http:\/\/cmm.imgw.pl\/wp-content\/uploads\/2023\/05\/word-image-29723-54.jpeg\" srcset=\"https:\/\/cmm.imgw.pl\/wp-content\/uploads\/2023\/05\/word-image-29723-54.jpeg 567w, https:\/\/cmm.imgw.pl\/wp-content\/uploads\/2023\/05\/word-image-29723-54-300x300.jpeg 300w, https:\/\/cmm.imgw.pl\/wp-content\/uploads\/2023\/05\/word-image-29723-54-150x150.jpeg 150w\" sizes=\"(max-width: 567px) 100vw, 567px\" \/> <img loading=\"lazy\" width=\"562\" height=\"562\" class=\"wp-image-29778 aligncenter\" src=\"http:\/\/cmm.imgw.pl\/wp-content\/uploads\/2023\/05\/word-image-29723-55.jpeg\" srcset=\"https:\/\/cmm.imgw.pl\/wp-content\/uploads\/2023\/05\/word-image-29723-55.jpeg 562w, https:\/\/cmm.imgw.pl\/wp-content\/uploads\/2023\/05\/word-image-29723-55-300x300.jpeg 300w, https:\/\/cmm.imgw.pl\/wp-content\/uploads\/2023\/05\/word-image-29723-55-150x150.jpeg 150w\" sizes=\"(max-width: 562px) 100vw, 562px\" \/> <img loading=\"lazy\" width=\"530\" height=\"530\" class=\"wp-image-29779 aligncenter\" src=\"http:\/\/cmm.imgw.pl\/wp-content\/uploads\/2023\/05\/word-image-29723-56.jpeg\" srcset=\"https:\/\/cmm.imgw.pl\/wp-content\/uploads\/2023\/05\/word-image-29723-56.jpeg 530w, https:\/\/cmm.imgw.pl\/wp-content\/uploads\/2023\/05\/word-image-29723-56-300x300.jpeg 300w, https:\/\/cmm.imgw.pl\/wp-content\/uploads\/2023\/05\/word-image-29723-56-150x150.jpeg 150w\" sizes=\"(max-width: 530px) 100vw, 530px\" \/><\/p>\n<p>W ci\u0105gu dnia porywy wiatru do 50 km\/h, natomiast w nocy do 30 km\/h.<\/p>\n<p>Prognoza pozosta\u0142ych p\u00f3l meteorologicznych na stronie <a href=\"http:\/\/www.cmm.imgw.pl\">www.cmm.imgw.pl<\/a><\/p>\n<p>Komentarz sporz\u0105dzono o godzinie 02:00, 11 V 2023 roku.<\/p>","protected":false},"excerpt":{"rendered":"<p>Komentarz do numerycznych prognoz pogody opracowany w Centrum Modelowania Meteorologicznego IMGW-PIB.<\/p>\n","protected":false},"author":3,"featured_media":0,"comment_status":"closed","ping_status":"open","sticky":false,"template":"","format":"standard","meta":{"ocean_post_layout":"","ocean_both_sidebars_style":"","ocean_both_sidebars_content_width":0,"ocean_both_sidebars_sidebars_width":0,"ocean_sidebar":"0","ocean_second_sidebar":"0","ocean_disable_margins":"enable","ocean_add_body_class":"","ocean_shortcode_before_top_bar":"","ocean_shortcode_after_top_bar":"","ocean_shortcode_before_header":"","ocean_shortcode_after_header":"","ocean_has_shortcode":"","ocean_shortcode_after_title":"","ocean_shortcode_before_footer_widgets":"","ocean_shortcode_after_footer_widgets":"","ocean_shortcode_before_footer_bottom":"","ocean_shortcode_after_footer_bottom":"","ocean_display_top_bar":"default","ocean_display_header":"default","ocean_header_style":"","ocean_center_header_left_menu":"0","ocean_custom_header_template":"0","ocean_custom_logo":0,"ocean_custom_retina_logo":0,"ocean_custom_logo_max_width":0,"ocean_custom_logo_tablet_max_width":0,"ocean_custom_logo_mobile_max_width":0,"ocean_custom_logo_max_height":0,"ocean_custom_logo_tablet_max_height":0,"ocean_custom_logo_mobile_max_height":0,"ocean_header_custom_menu":"0","ocean_menu_typo_font_family":"0","ocean_menu_typo_font_subset":"","ocean_menu_typo_font_size":0,"ocean_menu_typo_font_size_tablet":0,"ocean_menu_typo_font_size_mobile":0,"ocean_menu_typo_font_size_unit":"px","ocean_menu_typo_font_weight":"","ocean_menu_typo_font_weight_tablet":"","ocean_menu_typo_font_weight_mobile":"","ocean_menu_typo_transform":"","ocean_menu_typo_transform_tablet":"","ocean_menu_typo_transform_mobile":"","ocean_menu_typo_line_height":0,"ocean_menu_typo_line_height_tablet":0,"ocean_menu_typo_line_height_mobile":0,"ocean_menu_typo_line_height_unit":"","ocean_menu_typo_spacing":0,"ocean_menu_typo_spacing_tablet":0,"ocean_menu_typo_spacing_mobile":0,"ocean_menu_typo_spacing_unit":"","ocean_menu_link_color":"","ocean_menu_link_color_hover":"","ocean_menu_link_color_active":"","ocean_menu_link_background":"","ocean_menu_link_hover_background":"","ocean_menu_link_active_background":"","ocean_menu_social_links_bg":"","ocean_menu_social_hover_links_bg":"","ocean_menu_social_links_color":"","ocean_menu_social_hover_links_color":"","ocean_disable_title":"default","ocean_disable_heading":"default","ocean_post_title":"","ocean_post_subheading":"","ocean_post_title_style":"","ocean_post_title_background_color":"","ocean_post_title_background":0,"ocean_post_title_bg_image_position":"","ocean_post_title_bg_image_attachment":"","ocean_post_title_bg_image_repeat":"","ocean_post_title_bg_image_size":"","ocean_post_title_height":0,"ocean_post_title_bg_overlay":0.5,"ocean_post_title_bg_overlay_color":"","ocean_disable_breadcrumbs":"default","ocean_breadcrumbs_color":"","ocean_breadcrumbs_separator_color":"","ocean_breadcrumbs_links_color":"","ocean_breadcrumbs_links_hover_color":"","ocean_display_footer_widgets":"default","ocean_display_footer_bottom":"default","ocean_custom_footer_template":"0","ocean_post_oembed":"","ocean_post_self_hosted_media":"","ocean_post_video_embed":"","ocean_link_format":"","ocean_link_format_target":"self","ocean_quote_format":"","ocean_quote_format_link":"post","ocean_gallery_link_images":"on","ocean_gallery_id":[]},"categories":[93],"tags":[138,139,68,95,143,141,85,73,97,98,142,76,94,99,71,67,96,140,79],"yoast_head":"<!-- This site is optimized with the Yoast SEO plugin v19.5.1 - https:\/\/yoast.com\/wordpress\/plugins\/seo\/ -->\n<title>Komentarz do numerycznych prognoz pogody (11\/12.05.2023) - Laboratorium Modelowania Meteorologicznego CMOK IMGW-PIB<\/title>\n<meta name=\"description\" content=\"Komentarz do numerycznych prognoz pogody opracowany w Centrum Modelowania Meteorologicznego IMGW-PIB.\" \/>\n<meta name=\"robots\" content=\"index, follow, max-snippet:-1, max-image-preview:large, max-video-preview:-1\" \/>\n<link rel=\"canonical\" href=\"https:\/\/cmm.imgw.pl\/?p=29723\" \/>\n<meta property=\"og:locale\" content=\"pl_PL\" \/>\n<meta property=\"og:type\" content=\"article\" \/>\n<meta property=\"og:title\" content=\"Komentarz do numerycznych prognoz pogody (11\/12.05.2023)\" \/>\n<meta property=\"og:description\" content=\"Komentarz do numerycznych prognoz pogody opracowany w Centrum Modelowania Meteorologicznego IMGW-PIB\" \/>\n<meta property=\"og:url\" content=\"https:\/\/cmm.imgw.pl\/?p=29723\" \/>\n<meta property=\"og:site_name\" content=\"Laboratorium Modelowania Meteorologicznego CMOK IMGW-PIB\" \/>\n<meta property=\"article:publisher\" content=\"https:\/\/www.facebook.com\/Meteoimgw\/\" \/>\n<meta property=\"article:published_time\" content=\"2023-05-11T05:14:59+00:00\" \/>\n<meta property=\"article:modified_time\" content=\"2023-05-11T05:15:00+00:00\" \/>\n<meta property=\"og:image\" content=\"http:\/\/cmm.imgw.pl\/wp-content\/uploads\/2023\/02\/komentarz4.png\" \/>\n\t<meta property=\"og:image:width\" content=\"1280\" \/>\n\t<meta property=\"og:image:height\" content=\"720\" \/>\n\t<meta property=\"og:image:type\" content=\"image\/png\" \/>\n<meta name=\"author\" content=\"CMM\" \/>\n<meta name=\"twitter:card\" content=\"summary_large_image\" \/>\n<meta name=\"twitter:title\" content=\"Komentarz do numerycznych prognoz pogody (11\/12.05.2023)\" \/>\n<meta name=\"twitter:description\" content=\"Komentarz do numerycznych prognoz pogody opracowany w Centrum Modelowania Meteorologicznego IMGW-PIB\" \/>\n<meta name=\"twitter:image\" content=\"https:\/\/cmm.imgw.pl\/wp-content\/uploads\/2023\/02\/komentarz4.png\" \/>\n<meta name=\"twitter:creator\" content=\"@IMGW_CMM\" \/>\n<meta name=\"twitter:site\" content=\"@IMGW_CMM\" \/>\n<meta name=\"twitter:label1\" content=\"Napisane przez\" \/>\n\t<meta name=\"twitter:data1\" content=\"CMM\" \/>\n\t<meta name=\"twitter:label2\" content=\"Szacowany czas czytania\" \/>\n\t<meta name=\"twitter:data2\" content=\"26 minut\" \/>\n<script type=\"application\/ld+json\" class=\"yoast-schema-graph\">{\"@context\":\"https:\/\/schema.org\",\"@graph\":[{\"@type\":\"Article\",\"@id\":\"https:\/\/cmm.imgw.pl\/?p=29723#article\",\"isPartOf\":{\"@id\":\"https:\/\/cmm.imgw.pl\/?p=29723\"},\"author\":{\"name\":\"CMM\",\"@id\":\"https:\/\/cmm.imgw.pl\/#\/schema\/person\/a24a37fe434fe76b0f5791e6bd3fdb46\"},\"headline\":\"Komentarz do numerycznych prognoz pogody (11\/12.05.2023)\",\"datePublished\":\"2023-05-11T05:14:59+00:00\",\"dateModified\":\"2023-05-11T05:15:00+00:00\",\"mainEntityOfPage\":{\"@id\":\"https:\/\/cmm.imgw.pl\/?p=29723\"},\"wordCount\":1374,\"publisher\":{\"@id\":\"https:\/\/cmm.imgw.pl\/#organization\"},\"keywords\":[\"alaro\",\"arome\",\"cmm\",\"Cosmo\",\"DWD\",\"Grzegorz Duniec\",\"imgw\",\"klimat\",\"komentarz\",\"komentarz pogodowy\",\"MERGE\",\"meteorologia\",\"NMP\",\"NPP\",\"pogoda\",\"prognoza\",\"prognoza pogody\",\"wrf\",\"zima\"],\"articleSection\":[\"Komentarz\"],\"inLanguage\":\"pl-PL\"},{\"@type\":\"WebPage\",\"@id\":\"https:\/\/cmm.imgw.pl\/?p=29723\",\"url\":\"https:\/\/cmm.imgw.pl\/?p=29723\",\"name\":\"Komentarz do numerycznych prognoz pogody (11\/12.05.2023) - Laboratorium Modelowania Meteorologicznego CMOK IMGW-PIB\",\"isPartOf\":{\"@id\":\"https:\/\/cmm.imgw.pl\/#website\"},\"datePublished\":\"2023-05-11T05:14:59+00:00\",\"dateModified\":\"2023-05-11T05:15:00+00:00\",\"description\":\"Komentarz do numerycznych prognoz pogody opracowany w Centrum Modelowania Meteorologicznego IMGW-PIB.\",\"breadcrumb\":{\"@id\":\"https:\/\/cmm.imgw.pl\/?p=29723#breadcrumb\"},\"inLanguage\":\"pl-PL\",\"potentialAction\":[{\"@type\":\"ReadAction\",\"target\":[\"https:\/\/cmm.imgw.pl\/?p=29723\"]}]},{\"@type\":\"BreadcrumbList\",\"@id\":\"https:\/\/cmm.imgw.pl\/?p=29723#breadcrumb\",\"itemListElement\":[{\"@type\":\"ListItem\",\"position\":1,\"name\":\"Home\",\"item\":\"https:\/\/cmm.imgw.pl\/\"},{\"@type\":\"ListItem\",\"position\":2,\"name\":\"Komentarz do numerycznych prognoz pogody (11\/12.05.2023)\"}]},{\"@type\":\"WebSite\",\"@id\":\"https:\/\/cmm.imgw.pl\/#website\",\"url\":\"https:\/\/cmm.imgw.pl\/\",\"name\":\"Laboratorium Modelowania Meteorologicznego CMOK IMGW-PIB\",\"description\":\"CMOK-LMM Laboratorium pe\u0142ni pa\u0144stwow\u0105 s\u0142u\u017cb\u0119 hydrologiczno-meteorologiczn\u0105 w zakresie numerycznych prognoz pogody, kt\u00f3rego zadaniem jest konsolidacja kompetencji w obszarze modelowania zjawisk pogodowych oraz dalszego rozwoju numerycznych modeli pogody (NMP).\",\"publisher\":{\"@id\":\"https:\/\/cmm.imgw.pl\/#organization\"},\"potentialAction\":[{\"@type\":\"SearchAction\",\"target\":{\"@type\":\"EntryPoint\",\"urlTemplate\":\"https:\/\/cmm.imgw.pl\/?s={search_term_string}\"},\"query-input\":\"required name=search_term_string\"}],\"inLanguage\":\"pl-PL\"},{\"@type\":\"Organization\",\"@id\":\"https:\/\/cmm.imgw.pl\/#organization\",\"name\":\"Laboratorium Modelowania Meteorologicznego CMOK IMGW-PIB\",\"url\":\"https:\/\/cmm.imgw.pl\/\",\"sameAs\":[\"https:\/\/www.facebook.com\/Meteoimgw\/\",\"https:\/\/twitter.com\/IMGW_CMM\"],\"logo\":{\"@type\":\"ImageObject\",\"inLanguage\":\"pl-PL\",\"@id\":\"https:\/\/cmm.imgw.pl\/#\/schema\/logo\/image\/\",\"url\":\"https:\/\/cmm.imgw.pl\/wp-content\/uploads\/2025\/10\/MODELE_LOGO_UNIFIKACJA_v2.png\",\"contentUrl\":\"https:\/\/cmm.imgw.pl\/wp-content\/uploads\/2025\/10\/MODELE_LOGO_UNIFIKACJA_v2.png\",\"width\":1356,\"height\":365,\"caption\":\"Laboratorium Modelowania Meteorologicznego CMOK IMGW-PIB\"},\"image\":{\"@id\":\"https:\/\/cmm.imgw.pl\/#\/schema\/logo\/image\/\"}},{\"@type\":\"Person\",\"@id\":\"https:\/\/cmm.imgw.pl\/#\/schema\/person\/a24a37fe434fe76b0f5791e6bd3fdb46\",\"name\":\"CMM\",\"image\":{\"@type\":\"ImageObject\",\"inLanguage\":\"pl-PL\",\"@id\":\"https:\/\/cmm.imgw.pl\/#\/schema\/person\/image\/\",\"url\":\"https:\/\/secure.gravatar.com\/avatar\/9248ea2273711f1cd09d6bd45867dbfb?s=96&d=blank&r=g\",\"contentUrl\":\"https:\/\/secure.gravatar.com\/avatar\/9248ea2273711f1cd09d6bd45867dbfb?s=96&d=blank&r=g\",\"caption\":\"CMM\"},\"sameAs\":[\"http:\/\/cmm.imgw.pl\"],\"url\":\"https:\/\/cmm.imgw.pl\/?author=3\"}]}<\/script>\n<!-- \/ Yoast SEO plugin. -->","yoast_head_json":{"title":"Komentarz do numerycznych prognoz pogody (11\/12.05.2023) - Laboratorium Modelowania Meteorologicznego CMOK IMGW-PIB","description":"Komentarz do numerycznych prognoz pogody opracowany w Centrum Modelowania Meteorologicznego IMGW-PIB.","robots":{"index":"index","follow":"follow","max-snippet":"max-snippet:-1","max-image-preview":"max-image-preview:large","max-video-preview":"max-video-preview:-1"},"canonical":"https:\/\/cmm.imgw.pl\/?p=29723","og_locale":"pl_PL","og_type":"article","og_title":"Komentarz do numerycznych prognoz pogody (11\/12.05.2023)","og_description":"Komentarz do numerycznych prognoz pogody opracowany w Centrum Modelowania Meteorologicznego IMGW-PIB","og_url":"https:\/\/cmm.imgw.pl\/?p=29723","og_site_name":"Laboratorium Modelowania Meteorologicznego CMOK IMGW-PIB","article_publisher":"https:\/\/www.facebook.com\/Meteoimgw\/","article_published_time":"2023-05-11T05:14:59+00:00","article_modified_time":"2023-05-11T05:15:00+00:00","og_image":[{"width":1280,"height":720,"url":"http:\/\/cmm.imgw.pl\/wp-content\/uploads\/2023\/02\/komentarz4.png","type":"image\/png"}],"author":"CMM","twitter_card":"summary_large_image","twitter_title":"Komentarz do numerycznych prognoz pogody (11\/12.05.2023)","twitter_description":"Komentarz do numerycznych prognoz pogody opracowany w Centrum Modelowania Meteorologicznego IMGW-PIB","twitter_image":"https:\/\/cmm.imgw.pl\/wp-content\/uploads\/2023\/02\/komentarz4.png","twitter_creator":"@IMGW_CMM","twitter_site":"@IMGW_CMM","twitter_misc":{"Napisane przez":"CMM","Szacowany czas czytania":"26 minut"},"schema":{"@context":"https:\/\/schema.org","@graph":[{"@type":"Article","@id":"https:\/\/cmm.imgw.pl\/?p=29723#article","isPartOf":{"@id":"https:\/\/cmm.imgw.pl\/?p=29723"},"author":{"name":"CMM","@id":"https:\/\/cmm.imgw.pl\/#\/schema\/person\/a24a37fe434fe76b0f5791e6bd3fdb46"},"headline":"Komentarz do numerycznych prognoz pogody (11\/12.05.2023)","datePublished":"2023-05-11T05:14:59+00:00","dateModified":"2023-05-11T05:15:00+00:00","mainEntityOfPage":{"@id":"https:\/\/cmm.imgw.pl\/?p=29723"},"wordCount":1374,"publisher":{"@id":"https:\/\/cmm.imgw.pl\/#organization"},"keywords":["alaro","arome","cmm","Cosmo","DWD","Grzegorz Duniec","imgw","klimat","komentarz","komentarz pogodowy","MERGE","meteorologia","NMP","NPP","pogoda","prognoza","prognoza pogody","wrf","zima"],"articleSection":["Komentarz"],"inLanguage":"pl-PL"},{"@type":"WebPage","@id":"https:\/\/cmm.imgw.pl\/?p=29723","url":"https:\/\/cmm.imgw.pl\/?p=29723","name":"Komentarz do numerycznych prognoz pogody (11\/12.05.2023) - Laboratorium Modelowania Meteorologicznego CMOK IMGW-PIB","isPartOf":{"@id":"https:\/\/cmm.imgw.pl\/#website"},"datePublished":"2023-05-11T05:14:59+00:00","dateModified":"2023-05-11T05:15:00+00:00","description":"Komentarz do numerycznych prognoz pogody opracowany w Centrum Modelowania Meteorologicznego IMGW-PIB.","breadcrumb":{"@id":"https:\/\/cmm.imgw.pl\/?p=29723#breadcrumb"},"inLanguage":"pl-PL","potentialAction":[{"@type":"ReadAction","target":["https:\/\/cmm.imgw.pl\/?p=29723"]}]},{"@type":"BreadcrumbList","@id":"https:\/\/cmm.imgw.pl\/?p=29723#breadcrumb","itemListElement":[{"@type":"ListItem","position":1,"name":"Home","item":"https:\/\/cmm.imgw.pl\/"},{"@type":"ListItem","position":2,"name":"Komentarz do numerycznych prognoz pogody (11\/12.05.2023)"}]},{"@type":"WebSite","@id":"https:\/\/cmm.imgw.pl\/#website","url":"https:\/\/cmm.imgw.pl\/","name":"Laboratorium Modelowania Meteorologicznego CMOK IMGW-PIB","description":"CMOK-LMM Laboratorium pe\u0142ni pa\u0144stwow\u0105 s\u0142u\u017cb\u0119 hydrologiczno-meteorologiczn\u0105 w zakresie numerycznych prognoz pogody, kt\u00f3rego zadaniem jest konsolidacja kompetencji w obszarze modelowania zjawisk pogodowych oraz dalszego rozwoju numerycznych modeli pogody (NMP).","publisher":{"@id":"https:\/\/cmm.imgw.pl\/#organization"},"potentialAction":[{"@type":"SearchAction","target":{"@type":"EntryPoint","urlTemplate":"https:\/\/cmm.imgw.pl\/?s={search_term_string}"},"query-input":"required name=search_term_string"}],"inLanguage":"pl-PL"},{"@type":"Organization","@id":"https:\/\/cmm.imgw.pl\/#organization","name":"Laboratorium Modelowania Meteorologicznego CMOK IMGW-PIB","url":"https:\/\/cmm.imgw.pl\/","sameAs":["https:\/\/www.facebook.com\/Meteoimgw\/","https:\/\/twitter.com\/IMGW_CMM"],"logo":{"@type":"ImageObject","inLanguage":"pl-PL","@id":"https:\/\/cmm.imgw.pl\/#\/schema\/logo\/image\/","url":"https:\/\/cmm.imgw.pl\/wp-content\/uploads\/2025\/10\/MODELE_LOGO_UNIFIKACJA_v2.png","contentUrl":"https:\/\/cmm.imgw.pl\/wp-content\/uploads\/2025\/10\/MODELE_LOGO_UNIFIKACJA_v2.png","width":1356,"height":365,"caption":"Laboratorium Modelowania Meteorologicznego CMOK IMGW-PIB"},"image":{"@id":"https:\/\/cmm.imgw.pl\/#\/schema\/logo\/image\/"}},{"@type":"Person","@id":"https:\/\/cmm.imgw.pl\/#\/schema\/person\/a24a37fe434fe76b0f5791e6bd3fdb46","name":"CMM","image":{"@type":"ImageObject","inLanguage":"pl-PL","@id":"https:\/\/cmm.imgw.pl\/#\/schema\/person\/image\/","url":"https:\/\/secure.gravatar.com\/avatar\/9248ea2273711f1cd09d6bd45867dbfb?s=96&d=blank&r=g","contentUrl":"https:\/\/secure.gravatar.com\/avatar\/9248ea2273711f1cd09d6bd45867dbfb?s=96&d=blank&r=g","caption":"CMM"},"sameAs":["http:\/\/cmm.imgw.pl"],"url":"https:\/\/cmm.imgw.pl\/?author=3"}]}},"_links":{"self":[{"href":"https:\/\/cmm.imgw.pl\/index.php?rest_route=\/wp\/v2\/posts\/29723"}],"collection":[{"href":"https:\/\/cmm.imgw.pl\/index.php?rest_route=\/wp\/v2\/posts"}],"about":[{"href":"https:\/\/cmm.imgw.pl\/index.php?rest_route=\/wp\/v2\/types\/post"}],"author":[{"embeddable":true,"href":"https:\/\/cmm.imgw.pl\/index.php?rest_route=\/wp\/v2\/users\/3"}],"replies":[{"embeddable":true,"href":"https:\/\/cmm.imgw.pl\/index.php?rest_route=%2Fwp%2Fv2%2Fcomments&post=29723"}],"version-history":[{"count":1,"href":"https:\/\/cmm.imgw.pl\/index.php?rest_route=\/wp\/v2\/posts\/29723\/revisions"}],"predecessor-version":[{"id":29780,"href":"https:\/\/cmm.imgw.pl\/index.php?rest_route=\/wp\/v2\/posts\/29723\/revisions\/29780"}],"wp:attachment":[{"href":"https:\/\/cmm.imgw.pl\/index.php?rest_route=%2Fwp%2Fv2%2Fmedia&parent=29723"}],"wp:term":[{"taxonomy":"category","embeddable":true,"href":"https:\/\/cmm.imgw.pl\/index.php?rest_route=%2Fwp%2Fv2%2Fcategories&post=29723"},{"taxonomy":"post_tag","embeddable":true,"href":"https:\/\/cmm.imgw.pl\/index.php?rest_route=%2Fwp%2Fv2%2Ftags&post=29723"}],"curies":[{"name":"wp","href":"https:\/\/api.w.org\/{rel}","templated":true}]}}