{"id":29558,"date":"2023-05-10T07:30:47","date_gmt":"2023-05-10T05:30:47","guid":{"rendered":"https:\/\/cmm.imgw.pl\/?p=29558"},"modified":"2023-05-10T07:30:49","modified_gmt":"2023-05-10T05:30:49","slug":"komentarz-do-numerycznych-prognoz-pogody-10-11-05-2023","status":"publish","type":"post","link":"https:\/\/cmm.imgw.pl\/?p=29558","title":{"rendered":"Komentarz do numerycznych prognoz pogody (10\/11.05.2023)"},"content":{"rendered":"\n<figure class=\"wp-block-image size-large\"><img loading=\"lazy\" width=\"1024\" height=\"576\" src=\"https:\/\/cmm.imgw.pl\/wp-content\/uploads\/2023\/03\/komentarz4-1-1024x576.png\" alt=\"\" class=\"wp-image-23617\" srcset=\"https:\/\/cmm.imgw.pl\/wp-content\/uploads\/2023\/03\/komentarz4-1-1024x576.png 1024w, https:\/\/cmm.imgw.pl\/wp-content\/uploads\/2023\/03\/komentarz4-1-300x169.png 300w, https:\/\/cmm.imgw.pl\/wp-content\/uploads\/2023\/03\/komentarz4-1-768x432.png 768w, https:\/\/cmm.imgw.pl\/wp-content\/uploads\/2023\/03\/komentarz4-1-800x450.png 800w, https:\/\/cmm.imgw.pl\/wp-content\/uploads\/2023\/03\/komentarz4-1.png 1280w\" sizes=\"(max-width: 1024px) 100vw, 1024px\" \/><\/figure>\n\n\n\n<p><em>Tre\u015b\u0107 komentarza do numerycznych prognoz meteorologicznych stanowi niezale\u017cne od biura prognoz meteorologicznych opracowanie wykonane w Centrum Modelowania Meteorologicznego i nie stanowi oficjalnej prognozy synoptycznej IMGW-PIB.<\/em><\/p>\n\n\n\n<p><strong>Opracowanie:<\/strong><\/p>\n\n\n\n<p><strong>dr&nbsp;Grzegorz&nbsp;Duniec, <a href=\"https:\/\/cmm.imgw.pl\/\" target=\"_blank\" rel=\"noreferrer noopener\"><mark style=\"background-color:rgba(0, 0, 0, 0)\" class=\"has-inline-color has-vivid-cyan-blue-color\">Centrum Modelowania Meteorologicznego IMGW-PIB<\/mark><\/a><\/strong><\/p>\n\n\n<p><strong>Opis sytuacji synoptycznej w Europie z godziny 18 UTC, 9 V 2023 roku<\/strong><\/p>\n<p><img loading=\"lazy\" width=\"1385\" height=\"983\" class=\"wp-image-29559 aligncenter\" src=\"http:\/\/cmm.imgw.pl\/wp-content\/uploads\/2023\/05\/word-image-29558-1.png\" srcset=\"https:\/\/cmm.imgw.pl\/wp-content\/uploads\/2023\/05\/word-image-29558-1.png 1385w, https:\/\/cmm.imgw.pl\/wp-content\/uploads\/2023\/05\/word-image-29558-1-300x213.png 300w, https:\/\/cmm.imgw.pl\/wp-content\/uploads\/2023\/05\/word-image-29558-1-1024x727.png 1024w, https:\/\/cmm.imgw.pl\/wp-content\/uploads\/2023\/05\/word-image-29558-1-768x545.png 768w\" sizes=\"(max-width: 1385px) 100vw, 1385px\" \/><\/p>\n<p>Nad Europ\u0105 wschodni\u0105, w g\u0142\u0105b Rosji, zalega rozleg\u0142y uk\u0142ad wysokiego ci\u015bnienia. Wy\u017c swym zasi\u0119giem obejmuje tak\u017ce Polsk\u0119. Nad Atlantykiem znajduje si\u0119 drugi uk\u0142ad wysokiego ci\u015bnienia. Mi\u0119dzy tymi dwoma uk\u0142adami barycznymi ukszta\u0142towa\u0142a si\u0119 bruzda niskiego ci\u015bnienia, w kt\u00f3rej zalega pofalowany front atmosferyczny zwi\u0105zany z p\u0142ytkim ni\u017cem z o\u015brodkiem 1000 hPa nad Atlantykiem. Front przebiega od Atlantyku, przez Islandi\u0119, Morze Norweskie i P\u00f3\u0142nocne, Holandi\u0119, Belgi\u0119, Francj\u0119, P\u0142w. Iberyjski i ponownie Atlantyk. Nad Niemcami wyst\u0119puje linia konwergencji. Nad Morzem Tyrre\u0144skim zalega wy\u017c, za\u015b nad po\u0142udniowym rejonem P\u0142w. Iberyjskiego znajduje si\u0119 p\u0142ytki ni\u017c termiczny. W rejonie Cie\u015bn. Karskie Wrota znajduje si\u0119 p\u0142ytki ni\u017c z o\u015brodkiem 1009,9 hPa. Z ni\u017cem tym zwi\u0105zany jest front atmosferyczny rozci\u0105gaj\u0105cy si\u0119 nad Skandynawi\u0105 a\u017c po Morze Barentsa.<\/p>\n<p><strong>Analiza g\u00f3rnego pola ci\u015bnienia z dnia 9 V 2023 roku, godzina 12\/18 UTC<\/strong><\/p>\n<p><img loading=\"lazy\" width=\"1220\" height=\"1542\" class=\"wp-image-29560 aligncenter\" src=\"http:\/\/cmm.imgw.pl\/wp-content\/uploads\/2023\/05\/word-image-29558-2.gif\" \/> <img loading=\"lazy\" width=\"1220\" height=\"1542\" class=\"wp-image-29561 aligncenter\" src=\"http:\/\/cmm.imgw.pl\/wp-content\/uploads\/2023\/05\/word-image-29558-3.gif\" \/> <img loading=\"lazy\" width=\"1221\" height=\"1545\" class=\"wp-image-29562 aligncenter\" src=\"http:\/\/cmm.imgw.pl\/wp-content\/uploads\/2023\/05\/word-image-29558-4.gif\" \/><\/p>\n<p><img loading=\"lazy\" width=\"598\" height=\"527\" class=\"wp-image-29563 aligncenter\" src=\"http:\/\/cmm.imgw.pl\/wp-content\/uploads\/2023\/05\/word-image-29558-5.png\" srcset=\"https:\/\/cmm.imgw.pl\/wp-content\/uploads\/2023\/05\/word-image-29558-5.png 598w, https:\/\/cmm.imgw.pl\/wp-content\/uploads\/2023\/05\/word-image-29558-5-300x264.png 300w\" sizes=\"(max-width: 598px) 100vw, 598px\" \/> <img loading=\"lazy\" width=\"584\" height=\"529\" class=\"wp-image-29564 aligncenter\" src=\"http:\/\/cmm.imgw.pl\/wp-content\/uploads\/2023\/05\/word-image-29558-6.png\" srcset=\"https:\/\/cmm.imgw.pl\/wp-content\/uploads\/2023\/05\/word-image-29558-6.png 584w, https:\/\/cmm.imgw.pl\/wp-content\/uploads\/2023\/05\/word-image-29558-6-300x272.png 300w\" sizes=\"(max-width: 584px) 100vw, 584px\" \/> <img loading=\"lazy\" width=\"593\" height=\"530\" class=\"wp-image-29565 aligncenter\" src=\"http:\/\/cmm.imgw.pl\/wp-content\/uploads\/2023\/05\/word-image-29558-7.png\" srcset=\"https:\/\/cmm.imgw.pl\/wp-content\/uploads\/2023\/05\/word-image-29558-7.png 593w, https:\/\/cmm.imgw.pl\/wp-content\/uploads\/2023\/05\/word-image-29558-7-300x268.png 300w\" sizes=\"(max-width: 593px) 100vw, 593px\" \/> <img loading=\"lazy\" width=\"582\" height=\"518\" class=\"wp-image-29566 aligncenter\" src=\"http:\/\/cmm.imgw.pl\/wp-content\/uploads\/2023\/05\/word-image-29558-8.png\" srcset=\"https:\/\/cmm.imgw.pl\/wp-content\/uploads\/2023\/05\/word-image-29558-8.png 582w, https:\/\/cmm.imgw.pl\/wp-content\/uploads\/2023\/05\/word-image-29558-8-300x267.png 300w\" sizes=\"(max-width: 582px) 100vw, 582px\" \/><\/p>\n<p>Wy\u017c znad wschodniej Europy jest niskim uk\u0142adem barycznym. Zamkni\u0119ta cyrkulacja antycykloniczna zaznaczona jest a\u017c do poziomu 700 hPa. O\u015b uk\u0142adu pochylona w kierunku zachodnim. Od poziomu 500 hPa izohipsy gi\u0119te na kszta\u0142t klina przesuni\u0119te nad Polsk\u0119, Skandynawi\u0119. Na p\u00f3\u0142noc od Morza Czarnego od wysoko\u015bci 700 hPa a\u017c do 300 hPa zamkni\u0119ta cyrkulacja cykloniczna. Izohipsy TW oraz izohipsy TB biegn\u0105 prawie r\u00f3wnolegle do siebie. Nad wirem cyklonicznym pi\u0119knie zaznaczone centrum ch\u0142odu. Zalegaj\u0105cy na po\u0142udnie od Islandii wir cykloniczny jest w stadium wype\u0142niania. Jest uk\u0142adem wysokim z zaznaczon\u0105 zamkni\u0119t\u0105 cyrkulacj\u0105 cykloniczn\u0105 a\u017c do poziomu 300 hPa. Ch\u0142odne masy powietrza zalegaj\u0105 nad \u015brodkow\u0105 cz\u0119\u015bci\u0105 uk\u0142adu. Znajduj\u0105cy si\u0119 nad Atlantykiem uk\u0142ad wysokiego ci\u015bnienia jest uk\u0142adem prawdopodobnie \u015brednim, izobary do wysoko\u015bci 500 hPa prawdopodobnie tworz\u0105 zamkni\u0119t\u0105 cyrkulacj\u0105 antycykloniczn\u0105. Na wy\u017cszych poziomach w tym tak\u017ce nad po\u0142udniowo zachodni\u0105 Europ\u0105 izohipsy gi\u0119te na kszta\u0142t klina.<\/p>\n<p><strong>Analiza g\u00f3rnego pola wiatru<\/strong><\/p>\n<p><img loading=\"lazy\" width=\"2156\" height=\"1728\" class=\"wp-image-29567 aligncenter\" src=\"http:\/\/cmm.imgw.pl\/wp-content\/uploads\/2023\/05\/word-image-29558-9.png\" srcset=\"https:\/\/cmm.imgw.pl\/wp-content\/uploads\/2023\/05\/word-image-29558-9.png 2156w, https:\/\/cmm.imgw.pl\/wp-content\/uploads\/2023\/05\/word-image-29558-9-300x240.png 300w, https:\/\/cmm.imgw.pl\/wp-content\/uploads\/2023\/05\/word-image-29558-9-1024x821.png 1024w, https:\/\/cmm.imgw.pl\/wp-content\/uploads\/2023\/05\/word-image-29558-9-768x616.png 768w, https:\/\/cmm.imgw.pl\/wp-content\/uploads\/2023\/05\/word-image-29558-9-1536x1231.png 1536w, https:\/\/cmm.imgw.pl\/wp-content\/uploads\/2023\/05\/word-image-29558-9-2048x1641.png 2048w\" sizes=\"(max-width: 2156px) 100vw, 2156px\" \/><\/p>\n<p>Nad Morzem P\u00f3\u0142nocnym znajduje si\u0119 pr\u0105d strumieniowy na wysoko\u015bci FL320, z maksymaln\u0105 pr\u0119dko\u015bci\u0105 wiatru w osi pr\u0105dy 45 m\/s. Nad Morzem Czarnym zalega pr\u0105d strumieniowy na wysoko\u015bci FL320, z maksymaln\u0105 pr\u0119dko\u015bci\u0105 w osi pr\u0105du 50 m\/s. Nad Zatok\u0105 Biskajsk\u0105 wyst\u0119puje pr\u0105d strumieniowy na wysoko\u015bci FL320, z maksymaln\u0105 pr\u0119dko\u015bci\u0105 w osi pr\u0105dy 45 m\/s. Nad P\u0142w. Iberyjskim oraz nad Atlantykiem znajduje si\u0119 pr\u0105d strumieniowy na wysoko\u015bci FL350, z maksymaln\u0105 pr\u0119dko\u015bci\u0105 w osi pr\u0105du 45-65 m\/s. Pionowy zasi\u0119g pr\u0105du obejmuje obszar FL250\/400.<\/p>\n<p><strong>Tropopauza<\/strong><\/p>\n<p>Nad Europ\u0105 wschodni\u0105 znajduje si\u0119 ni\u017c tropopauzy (tropopauza wykazuje w tym rejonie obni\u017cenie i znajduje si\u0119 na wysoko\u015bci FL280). Wysoko\u015b\u0107 tropopauzy nad Polsk\u0105 FL350.<\/p>\n<p><strong>Analiza termiczna troposfery<\/strong><\/p>\n<p><img loading=\"lazy\" width=\"634\" height=\"490\" class=\"wp-image-29568 aligncenter\" src=\"http:\/\/cmm.imgw.pl\/wp-content\/uploads\/2023\/05\/thck-500-1000hpa-gfs-wto-09-05-2023-18-utc.gif\" alt=\"Thck 500-1000hPa GFS wto. 09.05.2023 18 UTC\" \/> <img loading=\"lazy\" width=\"634\" height=\"490\" class=\"wp-image-29569 aligncenter\" src=\"http:\/\/cmm.imgw.pl\/wp-content\/uploads\/2023\/05\/theta-w-850hpa-gfs-wto-09-05-2023-18-utc.gif\" alt=\"Theta-W 850hPa GFS wto. 09.05.2023 18 UTC\" \/><\/p>\n<p>Morze Barentsa oraz Europa wschodnia w zasi\u0119gu powietrza arktycznego. W Europie po\u0142udniowo wschodniej zalega powietrze polarno-kontynentalne. Nad Morzem \u015ar\u00f3dziemnym oraz nad P\u0142w. Iberyjskim znajduje si\u0119 powietrze zwrotnikowe. Na pozosta\u0142ym obszarze Europy zalega powietrze polarno-morskie. Nad Europ\u0105 wschodni\u0105 dobrze zaznaczony obszar ch\u0142odu.<\/p>\n<p><img loading=\"lazy\" width=\"600\" height=\"640\" class=\"wp-image-29570 aligncenter\" src=\"http:\/\/cmm.imgw.pl\/wp-content\/uploads\/2023\/05\/word-image-29558-12.png\" srcset=\"https:\/\/cmm.imgw.pl\/wp-content\/uploads\/2023\/05\/word-image-29558-12.png 600w, https:\/\/cmm.imgw.pl\/wp-content\/uploads\/2023\/05\/word-image-29558-12-281x300.png 281w\" sizes=\"(max-width: 600px) 100vw, 600px\" \/> <img loading=\"lazy\" width=\"600\" height=\"640\" class=\"wp-image-29571 aligncenter\" src=\"http:\/\/cmm.imgw.pl\/wp-content\/uploads\/2023\/05\/word-image-29558-13.png\" srcset=\"https:\/\/cmm.imgw.pl\/wp-content\/uploads\/2023\/05\/word-image-29558-13.png 600w, https:\/\/cmm.imgw.pl\/wp-content\/uploads\/2023\/05\/word-image-29558-13-281x300.png 281w\" sizes=\"(max-width: 600px) 100vw, 600px\" \/><\/p>\n<p>Nad wschodni\u0105 Polsk\u0105 zalega ch\u0142odne powietrze. Na zachodzie \u015brednia temperatura warstwy o grubo\u015bci 500 hPa jest wy\u017csza.<\/p>\n<p><strong>Rozw\u00f3j sytuacji barycznej nad Europ\u0105 <\/strong><\/p>\n<p><img loading=\"lazy\" width=\"1075\" height=\"764\" class=\"wp-image-29572 aligncenter\" src=\"http:\/\/cmm.imgw.pl\/wp-content\/uploads\/2023\/05\/word-image-29558-14.gif\" \/> <img loading=\"lazy\" width=\"1075\" height=\"764\" class=\"wp-image-29573 aligncenter\" src=\"http:\/\/cmm.imgw.pl\/wp-content\/uploads\/2023\/05\/word-image-29558-15.gif\" \/> <img loading=\"lazy\" width=\"1075\" height=\"764\" class=\"wp-image-29574 aligncenter\" src=\"http:\/\/cmm.imgw.pl\/wp-content\/uploads\/2023\/05\/word-image-29558-16.gif\" \/><\/p>\n<p>Wy\u017c znad wschodniej Europy nadal si\u0119 b\u0119dzie utrzymywa\u0142. O\u015brodek b\u0119dzie prawie stacjonarny. Front zalegaj\u0105cy nad Europ\u0105 zachodni\u0105, Morzem Norweskim oraz P\u00f3\u0142nocnym ulegnie frontolizie. Wy\u017c znad Atlantyku po\u0142\u0105czy si\u0119 z wy\u017cem znam wschodniej Rosji i powstanie rozleg\u0142y uk\u0142ad wysokiego ci\u015bnienia. W rejonie P\u0142w. Kanin rozbuduje si\u0119 wy\u017c. Mi\u0119dzy wy\u017cem z rejonu P\u0142w. Kanin i wschodniej Europy powstanie bruzda niskiego ci\u015bnienia, w kt\u00f3rej zalega\u0107 b\u0119dzie front atmosferyczny, kt\u00f3ry obejmie obszar P\u0142w. Kolskiego i p\u00f3\u0142nocno zachodniej Rosji. Front ulegnie deformacji falowej i nast\u0105pi cyklogeneza. Na szczycie fali utworzy si\u0119 wir cykloniczny, kt\u00f3ry b\u0119dzie przemieszcza\u0142 si\u0119 na wsch\u00f3d. W rejonie Morza Tyrre\u0144skiego znajdowa\u0107 si\u0119 b\u0119dzie p\u0142ytki ni\u017c z o\u015brodkiem 1010 hPa.<\/p>\n<p><strong>Rozw\u00f3j g\u00f3rnego pola ci\u015bnienia<\/strong><\/p>\n<p><img loading=\"lazy\" width=\"695\" height=\"483\" class=\"wp-image-29575 aligncenter\" src=\"http:\/\/cmm.imgw.pl\/wp-content\/uploads\/2023\/05\/word-image-29558-17.png\" srcset=\"https:\/\/cmm.imgw.pl\/wp-content\/uploads\/2023\/05\/word-image-29558-17.png 695w, https:\/\/cmm.imgw.pl\/wp-content\/uploads\/2023\/05\/word-image-29558-17-300x208.png 300w\" sizes=\"(max-width: 695px) 100vw, 695px\" \/> <img loading=\"lazy\" width=\"693\" height=\"487\" class=\"wp-image-29576 aligncenter\" src=\"http:\/\/cmm.imgw.pl\/wp-content\/uploads\/2023\/05\/word-image-29558-18.png\" srcset=\"https:\/\/cmm.imgw.pl\/wp-content\/uploads\/2023\/05\/word-image-29558-18.png 693w, https:\/\/cmm.imgw.pl\/wp-content\/uploads\/2023\/05\/word-image-29558-18-300x211.png 300w\" sizes=\"(max-width: 693px) 100vw, 693px\" \/> <img loading=\"lazy\" width=\"703\" height=\"487\" class=\"wp-image-29577 aligncenter\" src=\"http:\/\/cmm.imgw.pl\/wp-content\/uploads\/2023\/05\/word-image-29558-19.png\" srcset=\"https:\/\/cmm.imgw.pl\/wp-content\/uploads\/2023\/05\/word-image-29558-19.png 703w, https:\/\/cmm.imgw.pl\/wp-content\/uploads\/2023\/05\/word-image-29558-19-300x208.png 300w\" sizes=\"(max-width: 703px) 100vw, 703px\" \/> <img loading=\"lazy\" width=\"697\" height=\"485\" class=\"wp-image-29578 aligncenter\" src=\"http:\/\/cmm.imgw.pl\/wp-content\/uploads\/2023\/05\/word-image-29558-20.png\" srcset=\"https:\/\/cmm.imgw.pl\/wp-content\/uploads\/2023\/05\/word-image-29558-20.png 697w, https:\/\/cmm.imgw.pl\/wp-content\/uploads\/2023\/05\/word-image-29558-20-300x209.png 300w\" sizes=\"(max-width: 697px) 100vw, 697px\" \/> <img loading=\"lazy\" width=\"695\" height=\"485\" class=\"wp-image-29579 aligncenter\" src=\"http:\/\/cmm.imgw.pl\/wp-content\/uploads\/2023\/05\/word-image-29558-21.png\" srcset=\"https:\/\/cmm.imgw.pl\/wp-content\/uploads\/2023\/05\/word-image-29558-21.png 695w, https:\/\/cmm.imgw.pl\/wp-content\/uploads\/2023\/05\/word-image-29558-21-300x209.png 300w\" sizes=\"(max-width: 695px) 100vw, 695px\" \/> <img loading=\"lazy\" width=\"697\" height=\"481\" class=\"wp-image-29580 aligncenter\" src=\"http:\/\/cmm.imgw.pl\/wp-content\/uploads\/2023\/05\/word-image-29558-22.png\" srcset=\"https:\/\/cmm.imgw.pl\/wp-content\/uploads\/2023\/05\/word-image-29558-22.png 697w, https:\/\/cmm.imgw.pl\/wp-content\/uploads\/2023\/05\/word-image-29558-22-300x207.png 300w\" sizes=\"(max-width: 697px) 100vw, 697px\" \/><\/p>\n<p>Wy\u017c znad Europy wschodniej, kt\u00f3ry przemie\u015bci si\u0119 nad Bia\u0142oru\u015b, nadal b\u0119dzie uk\u0142adem niskim. Zamkni\u0119ta cyrkulacja antycykloniczna wyst\u0119powa\u0107 b\u0119dzie na wysoko\u015bci 850 hPa. Na wy\u017cszych poziomach izohipsy gi\u0119te na kszta\u0142t klina przesuni\u0119tego na zach\u00f3d, nad Ba\u0142tyk, Polsk\u0119 oraz cz\u0119\u015bciowo Skandynawi\u0119. Nad osi\u0105 klina znajdowa\u0107 si\u0119 b\u0119dzie zamkni\u0119ty, wyodr\u0119bniony obszar cieplejszego powietrza. Na p\u00f3\u0142noc od Morza Czarnego zalega\u0107 b\u0119dzie cyrkulacja cykloniczna na poziomie 850 hPa, 500 hPa oraz 300 hPa. Na wysoko\u015bci 300 hPa wir nieznacznie si\u0119 pog\u0142\u0119bi. Powierzchnia 300 hPa obni\u017cy si\u0119 o 1 gpdam. Wir widoczny na po\u0142udnie od Islandii rozbudowany ku g\u00f3rze. B\u0119dzie to uk\u0142ad \u015bredni z zamkni\u0119t\u0105 cyrkulacj\u0105 cykloniczn\u0105 do poziomu 500 hPa. Wy\u017cej izohipsy gi\u0119te na kszta\u0142t zatoki. G\u0142\u0119boko\u015b\u0107 wiru zmniejszy si\u0119 na wszystkich poziomach, czyli proces wype\u0142niania dotrze do g\u00f3rnej troposfery.<\/p>\n<p><strong>Rozw\u00f3j g\u00f3rnego pola wiatru<\/strong><\/p>\n<p><img loading=\"lazy\" width=\"2156\" height=\"1728\" class=\"wp-image-29581 aligncenter\" src=\"http:\/\/cmm.imgw.pl\/wp-content\/uploads\/2023\/05\/word-image-29558-23.png\" srcset=\"https:\/\/cmm.imgw.pl\/wp-content\/uploads\/2023\/05\/word-image-29558-23.png 2156w, https:\/\/cmm.imgw.pl\/wp-content\/uploads\/2023\/05\/word-image-29558-23-300x240.png 300w, https:\/\/cmm.imgw.pl\/wp-content\/uploads\/2023\/05\/word-image-29558-23-1024x821.png 1024w, https:\/\/cmm.imgw.pl\/wp-content\/uploads\/2023\/05\/word-image-29558-23-768x616.png 768w, https:\/\/cmm.imgw.pl\/wp-content\/uploads\/2023\/05\/word-image-29558-23-1536x1231.png 1536w, https:\/\/cmm.imgw.pl\/wp-content\/uploads\/2023\/05\/word-image-29558-23-2048x1641.png 2048w\" sizes=\"(max-width: 2156px) 100vw, 2156px\" \/><\/p>\n<p>Nad Morzem P\u00f3\u0142nocnym i Norweskim znajdowa\u0107 si\u0119 b\u0119dzie pr\u0105d strumieniowy na wysoko\u015bci FL310, z maksymaln\u0105 pr\u0119dko\u015bci\u0105 w osi pr\u0105du 45 m\/s. Nad Atlantykiem wyst\u0119powa\u0107 b\u0119dzie pr\u0105d strumieniowy na wysoko\u015bci FL310, z maksymaln\u0105 pr\u0119dko\u015bci\u0105 w osi pr\u0105du 45 m\/s. Od Atlantyku przez P\u0142w. Iberyjski a\u017c po p\u00f3\u0142nocn\u0105 Afryk\u0119 zalega\u0107 b\u0119dzie pr\u0105d strumieniowy na wysoko\u015bci FL350 z maksymaln\u0105 pr\u0119dko\u015bci\u0105 w osi pr\u0105dy 45-55 m\/s.<\/p>\n<p><img loading=\"lazy\" width=\"634\" height=\"490\" class=\"wp-image-29582 aligncenter\" src=\"http:\/\/cmm.imgw.pl\/wp-content\/uploads\/2023\/05\/prad-strumieniowy-gfs-czw-11-05-2023-00-utc.gif\" alt=\"Pr\u0105d strumieniowy GFS czw. 11.05.2023 00 UTC\" \/> <img loading=\"lazy\" width=\"634\" height=\"490\" class=\"wp-image-29583 aligncenter\" src=\"http:\/\/cmm.imgw.pl\/wp-content\/uploads\/2023\/05\/prad-strumieniowy-gfs-czw-11-05-2023-12-utc.gif\" alt=\"Pr\u0105d strumieniowy GFS czw. 11.05.2023 12 UTC\" \/><\/p>\n<p>W ci\u0105gu najbli\u017cszej doby nad Morzem Czarnym i zachodni\u0105 Rosj\u0105 utworzy si\u0119 strefa zwi\u0119kszonej pr\u0119dko\u015bci wiatru na wysoko\u015bci 300 hPa. R\u00f3wnie\u017c p\u00f3\u0142nocna Skandynawia b\u0119dzie w zasi\u0119gu pr\u0105du strumieniowego.<\/p>\n<p><strong>Tropopauza<\/strong><\/p>\n<p>Nad Polsk\u0105 zalega\u0107 b\u0119dzie wy\u017c tropopauzy (tropopauza wyka\u017ce w tym rejonie podwy\u017cszenie i znajdzie si\u0119 na wysoko\u015bci FL390).<\/p>\n<p><strong>Rozw\u00f3j warunk\u00f3w termicznych troposfery <\/strong><\/p>\n<p><img loading=\"lazy\" width=\"634\" height=\"490\" class=\"wp-image-29584 aligncenter\" src=\"http:\/\/cmm.imgw.pl\/wp-content\/uploads\/2023\/05\/thck-500-1000hpa-gfs-sro-10-05-2023-12-utc.gif\" alt=\"Thck 500-1000hPa GFS \u015bro. 10.05.2023 12 UTC\" \/> <img loading=\"lazy\" width=\"634\" height=\"490\" class=\"wp-image-29585 aligncenter\" src=\"http:\/\/cmm.imgw.pl\/wp-content\/uploads\/2023\/05\/thck-500-1000hpa-gfs-czw-11-05-2023-12-utc.gif\" alt=\"Thck 500-1000hPa GFS czw. 11.05.2023 12 UTC\" \/><\/p>\n<p>Zasadniczych zmian w rozk\u0142adzie mas powietrza nad Europ\u0105 nie nale\u017cy si\u0119 spodziewa\u0107.<\/p>\n<p><img loading=\"lazy\" width=\"600\" height=\"640\" class=\"wp-image-29586 aligncenter\" src=\"http:\/\/cmm.imgw.pl\/wp-content\/uploads\/2023\/05\/word-image-29558-28.png\" srcset=\"https:\/\/cmm.imgw.pl\/wp-content\/uploads\/2023\/05\/word-image-29558-28.png 600w, https:\/\/cmm.imgw.pl\/wp-content\/uploads\/2023\/05\/word-image-29558-28-281x300.png 281w\" sizes=\"(max-width: 600px) 100vw, 600px\" \/> <img loading=\"lazy\" width=\"600\" height=\"640\" class=\"wp-image-29587 aligncenter\" src=\"http:\/\/cmm.imgw.pl\/wp-content\/uploads\/2023\/05\/word-image-29558-29.png\" srcset=\"https:\/\/cmm.imgw.pl\/wp-content\/uploads\/2023\/05\/word-image-29558-29.png 600w, https:\/\/cmm.imgw.pl\/wp-content\/uploads\/2023\/05\/word-image-29558-29-281x300.png 281w\" sizes=\"(max-width: 600px) 100vw, 600px\" \/> <img loading=\"lazy\" width=\"600\" height=\"640\" class=\"wp-image-29588 aligncenter\" src=\"http:\/\/cmm.imgw.pl\/wp-content\/uploads\/2023\/05\/word-image-29558-30.png\" srcset=\"https:\/\/cmm.imgw.pl\/wp-content\/uploads\/2023\/05\/word-image-29558-30.png 600w, https:\/\/cmm.imgw.pl\/wp-content\/uploads\/2023\/05\/word-image-29558-30-281x300.png 281w\" sizes=\"(max-width: 600px) 100vw, 600px\" \/><\/p>\n<p>Rozk\u0142ad pola termicznego masy powietrza nad Polsk\u0105 r\u00f3wnie\u017c nie ulegnie zmianie.<\/p>\n<p><strong>Rozw\u00f3j pola wilgotno\u015bci w troposferze<\/strong><\/p>\n<p><img loading=\"lazy\" width=\"600\" height=\"640\" class=\"wp-image-29589 aligncenter\" src=\"http:\/\/cmm.imgw.pl\/wp-content\/uploads\/2023\/05\/word-image-29558-31.png\" srcset=\"https:\/\/cmm.imgw.pl\/wp-content\/uploads\/2023\/05\/word-image-29558-31.png 600w, https:\/\/cmm.imgw.pl\/wp-content\/uploads\/2023\/05\/word-image-29558-31-281x300.png 281w\" sizes=\"(max-width: 600px) 100vw, 600px\" \/> <img loading=\"lazy\" width=\"600\" height=\"640\" class=\"wp-image-29590 aligncenter\" src=\"http:\/\/cmm.imgw.pl\/wp-content\/uploads\/2023\/05\/word-image-29558-32.png\" srcset=\"https:\/\/cmm.imgw.pl\/wp-content\/uploads\/2023\/05\/word-image-29558-32.png 600w, https:\/\/cmm.imgw.pl\/wp-content\/uploads\/2023\/05\/word-image-29558-32-281x300.png 281w\" sizes=\"(max-width: 600px) 100vw, 600px\" \/><\/p>\n<p>Zawarto\u015b\u0107 pary wodnej na wysoko\u015bci 850 hPa b\u0119dzie na poziomie umiarkowanym. W ci\u0105gu dnie w po\u0142udniowo zachodniej Polsce oraz lokalnie na pozosta\u0142ym obszarze wilgotno\u015b\u0107 wzro\u015bnie do 60%. W nocy jedynie na zachodzie kraju zaznaczy si\u0119 wi\u0119ksza wilgotno\u015b\u0107, 60%.<\/p>\n<p><img loading=\"lazy\" width=\"600\" height=\"640\" class=\"wp-image-29591 aligncenter\" src=\"http:\/\/cmm.imgw.pl\/wp-content\/uploads\/2023\/05\/word-image-29558-33.png\" srcset=\"https:\/\/cmm.imgw.pl\/wp-content\/uploads\/2023\/05\/word-image-29558-33.png 600w, https:\/\/cmm.imgw.pl\/wp-content\/uploads\/2023\/05\/word-image-29558-33-281x300.png 281w\" sizes=\"(max-width: 600px) 100vw, 600px\" \/> <img loading=\"lazy\" width=\"600\" height=\"640\" class=\"wp-image-29592 aligncenter\" src=\"http:\/\/cmm.imgw.pl\/wp-content\/uploads\/2023\/05\/word-image-29558-34.png\" srcset=\"https:\/\/cmm.imgw.pl\/wp-content\/uploads\/2023\/05\/word-image-29558-34.png 600w, https:\/\/cmm.imgw.pl\/wp-content\/uploads\/2023\/05\/word-image-29558-34-281x300.png 281w\" sizes=\"(max-width: 600px) 100vw, 600px\" \/><\/p>\n<p>Na wysoko\u015bci 500 hPa wilgotno\u015b\u0107 waha\u0107 si\u0119 b\u0119dzie od 10 % do 60%. Zar\u00f3wno w dzie\u0144 jak i w nocy w po\u0142udniowo wschodniej Polsce nale\u017cy si\u0119 spodziewa\u0107 wi\u0119cej pary wodnej.<\/p>\n<p><img loading=\"lazy\" width=\"600\" height=\"640\" class=\"wp-image-29593 aligncenter\" src=\"http:\/\/cmm.imgw.pl\/wp-content\/uploads\/2023\/05\/word-image-29558-35.png\" srcset=\"https:\/\/cmm.imgw.pl\/wp-content\/uploads\/2023\/05\/word-image-29558-35.png 600w, https:\/\/cmm.imgw.pl\/wp-content\/uploads\/2023\/05\/word-image-29558-35-281x300.png 281w\" sizes=\"(max-width: 600px) 100vw, 600px\" \/> <img loading=\"lazy\" width=\"600\" height=\"640\" class=\"wp-image-29594 aligncenter\" src=\"http:\/\/cmm.imgw.pl\/wp-content\/uploads\/2023\/05\/word-image-29558-36.png\" srcset=\"https:\/\/cmm.imgw.pl\/wp-content\/uploads\/2023\/05\/word-image-29558-36.png 600w, https:\/\/cmm.imgw.pl\/wp-content\/uploads\/2023\/05\/word-image-29558-36-281x300.png 281w\" sizes=\"(max-width: 600px) 100vw, 600px\" \/><\/p>\n<p>Na wysoko\u015bci 9 km na zachodzie i na po\u0142udniu Polski niska zawarto\u015b\u0107 pary wodnej, 10-30 %. Na pozosta\u0142ym obszarze, lokalnie do 50-55 %.<\/p>\n<p><strong>Prognoza zachmurzenia<\/strong><\/p>\n<p><img loading=\"lazy\" width=\"600\" height=\"640\" class=\"wp-image-29595 aligncenter\" src=\"http:\/\/cmm.imgw.pl\/wp-content\/uploads\/2023\/05\/word-image-29558-37.png\" srcset=\"https:\/\/cmm.imgw.pl\/wp-content\/uploads\/2023\/05\/word-image-29558-37.png 600w, https:\/\/cmm.imgw.pl\/wp-content\/uploads\/2023\/05\/word-image-29558-37-281x300.png 281w\" sizes=\"(max-width: 600px) 100vw, 600px\" \/> <img loading=\"lazy\" width=\"600\" height=\"640\" class=\"wp-image-29596 aligncenter\" src=\"http:\/\/cmm.imgw.pl\/wp-content\/uploads\/2023\/05\/word-image-29558-38.png\" srcset=\"https:\/\/cmm.imgw.pl\/wp-content\/uploads\/2023\/05\/word-image-29558-38.png 600w, https:\/\/cmm.imgw.pl\/wp-content\/uploads\/2023\/05\/word-image-29558-38-281x300.png 281w\" sizes=\"(max-width: 600px) 100vw, 600px\" \/> <img loading=\"lazy\" width=\"600\" height=\"640\" class=\"wp-image-29597 aligncenter\" src=\"http:\/\/cmm.imgw.pl\/wp-content\/uploads\/2023\/05\/word-image-29558-39.png\" srcset=\"https:\/\/cmm.imgw.pl\/wp-content\/uploads\/2023\/05\/word-image-29558-39.png 600w, https:\/\/cmm.imgw.pl\/wp-content\/uploads\/2023\/05\/word-image-29558-39-281x300.png 281w\" sizes=\"(max-width: 600px) 100vw, 600px\" \/><\/p>\n<p>Zachmurzenie og\u00f3lne w dzie\u0144 oraz w nocy na og\u00f3\u0142 ma\u0142e. Lokalnie zachmurzenie zwi\u0119kszy si\u0119 do umiarkowanego i du\u017cego (w po\u0142udniowo wschodniej Polsce w dzie\u0144 oraz na po\u0142udniu i na zachodzie wieczorem).<\/p>\n<p><img loading=\"lazy\" width=\"600\" height=\"640\" class=\"wp-image-29598 aligncenter\" src=\"http:\/\/cmm.imgw.pl\/wp-content\/uploads\/2023\/05\/word-image-29558-40.png\" srcset=\"https:\/\/cmm.imgw.pl\/wp-content\/uploads\/2023\/05\/word-image-29558-40.png 600w, https:\/\/cmm.imgw.pl\/wp-content\/uploads\/2023\/05\/word-image-29558-40-281x300.png 281w\" sizes=\"(max-width: 600px) 100vw, 600px\" \/> <img loading=\"lazy\" width=\"600\" height=\"640\" class=\"wp-image-29599 aligncenter\" src=\"http:\/\/cmm.imgw.pl\/wp-content\/uploads\/2023\/05\/word-image-29558-41.png\" srcset=\"https:\/\/cmm.imgw.pl\/wp-content\/uploads\/2023\/05\/word-image-29558-41.png 600w, https:\/\/cmm.imgw.pl\/wp-content\/uploads\/2023\/05\/word-image-29558-41-281x300.png 281w\" sizes=\"(max-width: 600px) 100vw, 600px\" \/> <img loading=\"lazy\" width=\"600\" height=\"640\" class=\"wp-image-29600 aligncenter\" src=\"http:\/\/cmm.imgw.pl\/wp-content\/uploads\/2023\/05\/word-image-29558-42.png\" srcset=\"https:\/\/cmm.imgw.pl\/wp-content\/uploads\/2023\/05\/word-image-29558-42.png 600w, https:\/\/cmm.imgw.pl\/wp-content\/uploads\/2023\/05\/word-image-29558-42-281x300.png 281w\" sizes=\"(max-width: 600px) 100vw, 600px\" \/> <img loading=\"lazy\" width=\"600\" height=\"640\" class=\"wp-image-29601 aligncenter\" src=\"http:\/\/cmm.imgw.pl\/wp-content\/uploads\/2023\/05\/word-image-29558-43.png\" srcset=\"https:\/\/cmm.imgw.pl\/wp-content\/uploads\/2023\/05\/word-image-29558-43.png 600w, https:\/\/cmm.imgw.pl\/wp-content\/uploads\/2023\/05\/word-image-29558-43-281x300.png 281w\" sizes=\"(max-width: 600px) 100vw, 600px\" \/><\/p>\n<p>W ci\u0105gu dnia nale\u017cy spodziewa\u0107 si\u0119 chmur Cumulus humilis, fractus. Mog\u0105 sporadycznie wyst\u0105pi\u0107 chmury Stratocumulus cumulogenitus. Z symulacji numerycznych wynika, \u017ce w nocy ze \u015brody na czwartek, na po\u0142udniu kraju mog\u0105 wyst\u0105pi\u0142 \u0142awice chmur Stratocumulus.<\/p>\n<p><img loading=\"lazy\" width=\"600\" height=\"640\" class=\"wp-image-29602 aligncenter\" src=\"http:\/\/cmm.imgw.pl\/wp-content\/uploads\/2023\/05\/word-image-29558-44.png\" srcset=\"https:\/\/cmm.imgw.pl\/wp-content\/uploads\/2023\/05\/word-image-29558-44.png 600w, https:\/\/cmm.imgw.pl\/wp-content\/uploads\/2023\/05\/word-image-29558-44-281x300.png 281w\" sizes=\"(max-width: 600px) 100vw, 600px\" \/> <img loading=\"lazy\" width=\"600\" height=\"640\" class=\"wp-image-29603 aligncenter\" src=\"http:\/\/cmm.imgw.pl\/wp-content\/uploads\/2023\/05\/word-image-29558-45.png\" srcset=\"https:\/\/cmm.imgw.pl\/wp-content\/uploads\/2023\/05\/word-image-29558-45.png 600w, https:\/\/cmm.imgw.pl\/wp-content\/uploads\/2023\/05\/word-image-29558-45-281x300.png 281w\" sizes=\"(max-width: 600px) 100vw, 600px\" \/> <img loading=\"lazy\" width=\"600\" height=\"640\" class=\"wp-image-29604 aligncenter\" src=\"http:\/\/cmm.imgw.pl\/wp-content\/uploads\/2023\/05\/word-image-29558-46.png\" srcset=\"https:\/\/cmm.imgw.pl\/wp-content\/uploads\/2023\/05\/word-image-29558-46.png 600w, https:\/\/cmm.imgw.pl\/wp-content\/uploads\/2023\/05\/word-image-29558-46-281x300.png 281w\" sizes=\"(max-width: 600px) 100vw, 600px\" \/><\/p>\n<p>W ci\u0105gu dnia, w szczeg\u00f3lno\u015bci w po\u0142udniowo zachodnim i zachodnim obszarze kraju mo\u017cliwe \u0142awice chmur Altocumulus perlucidus\/translucidus. W nocy na zachodzie kraju i p\u00f3\u0142nocno wschodnim rejonie Polski mo\u017cliwe \u0142awice chmur Altocumulus perlucidus.<\/p>\n<p><img loading=\"lazy\" width=\"600\" height=\"640\" class=\"wp-image-29605 aligncenter\" src=\"http:\/\/cmm.imgw.pl\/wp-content\/uploads\/2023\/05\/word-image-29558-47.png\" srcset=\"https:\/\/cmm.imgw.pl\/wp-content\/uploads\/2023\/05\/word-image-29558-47.png 600w, https:\/\/cmm.imgw.pl\/wp-content\/uploads\/2023\/05\/word-image-29558-47-281x300.png 281w\" sizes=\"(max-width: 600px) 100vw, 600px\" \/> <img loading=\"lazy\" width=\"600\" height=\"640\" class=\"wp-image-29606 aligncenter\" src=\"http:\/\/cmm.imgw.pl\/wp-content\/uploads\/2023\/05\/word-image-29558-48.png\" srcset=\"https:\/\/cmm.imgw.pl\/wp-content\/uploads\/2023\/05\/word-image-29558-48.png 600w, https:\/\/cmm.imgw.pl\/wp-content\/uploads\/2023\/05\/word-image-29558-48-281x300.png 281w\" sizes=\"(max-width: 600px) 100vw, 600px\" \/> <img loading=\"lazy\" width=\"600\" height=\"640\" class=\"wp-image-29607 aligncenter\" src=\"http:\/\/cmm.imgw.pl\/wp-content\/uploads\/2023\/05\/word-image-29558-49.png\" srcset=\"https:\/\/cmm.imgw.pl\/wp-content\/uploads\/2023\/05\/word-image-29558-49.png 600w, https:\/\/cmm.imgw.pl\/wp-content\/uploads\/2023\/05\/word-image-29558-49-281x300.png 281w\" sizes=\"(max-width: 600px) 100vw, 600px\" \/><\/p>\n<p>Na niebie niewykluczone tak\u017ce chmury Cirrus fibratus\/spissatus.<\/p>\n<p><strong>Prognoza pola wiatru<\/strong><\/p>\n<p><img loading=\"lazy\" width=\"583\" height=\"583\" class=\"wp-image-29608 aligncenter\" src=\"http:\/\/cmm.imgw.pl\/wp-content\/uploads\/2023\/05\/word-image-29558-50.jpeg\" srcset=\"https:\/\/cmm.imgw.pl\/wp-content\/uploads\/2023\/05\/word-image-29558-50.jpeg 583w, https:\/\/cmm.imgw.pl\/wp-content\/uploads\/2023\/05\/word-image-29558-50-300x300.jpeg 300w, https:\/\/cmm.imgw.pl\/wp-content\/uploads\/2023\/05\/word-image-29558-50-150x150.jpeg 150w\" sizes=\"(max-width: 583px) 100vw, 583px\" \/> <img loading=\"lazy\" width=\"606\" height=\"606\" class=\"wp-image-29609 aligncenter\" src=\"http:\/\/cmm.imgw.pl\/wp-content\/uploads\/2023\/05\/word-image-29558-51.jpeg\" srcset=\"https:\/\/cmm.imgw.pl\/wp-content\/uploads\/2023\/05\/word-image-29558-51.jpeg 606w, https:\/\/cmm.imgw.pl\/wp-content\/uploads\/2023\/05\/word-image-29558-51-300x300.jpeg 300w, https:\/\/cmm.imgw.pl\/wp-content\/uploads\/2023\/05\/word-image-29558-51-150x150.jpeg 150w, https:\/\/cmm.imgw.pl\/wp-content\/uploads\/2023\/05\/word-image-29558-51-600x600.jpeg 600w\" sizes=\"(max-width: 606px) 100vw, 606px\" \/><\/p>\n<p><img loading=\"lazy\" width=\"597\" height=\"597\" class=\"wp-image-29610 aligncenter\" src=\"http:\/\/cmm.imgw.pl\/wp-content\/uploads\/2023\/05\/word-image-29558-52.jpeg\" srcset=\"https:\/\/cmm.imgw.pl\/wp-content\/uploads\/2023\/05\/word-image-29558-52.jpeg 597w, https:\/\/cmm.imgw.pl\/wp-content\/uploads\/2023\/05\/word-image-29558-52-300x300.jpeg 300w, https:\/\/cmm.imgw.pl\/wp-content\/uploads\/2023\/05\/word-image-29558-52-150x150.jpeg 150w\" sizes=\"(max-width: 597px) 100vw, 597px\" \/> <img loading=\"lazy\" width=\"614\" height=\"614\" class=\"wp-image-29611 aligncenter\" src=\"http:\/\/cmm.imgw.pl\/wp-content\/uploads\/2023\/05\/word-image-29558-53.jpeg\" srcset=\"https:\/\/cmm.imgw.pl\/wp-content\/uploads\/2023\/05\/word-image-29558-53.jpeg 614w, https:\/\/cmm.imgw.pl\/wp-content\/uploads\/2023\/05\/word-image-29558-53-300x300.jpeg 300w, https:\/\/cmm.imgw.pl\/wp-content\/uploads\/2023\/05\/word-image-29558-53-150x150.jpeg 150w, https:\/\/cmm.imgw.pl\/wp-content\/uploads\/2023\/05\/word-image-29558-53-600x600.jpeg 600w\" sizes=\"(max-width: 614px) 100vw, 614px\" \/> <img loading=\"lazy\" width=\"644\" height=\"644\" class=\"wp-image-29612 aligncenter\" src=\"http:\/\/cmm.imgw.pl\/wp-content\/uploads\/2023\/05\/word-image-29558-54.jpeg\" srcset=\"https:\/\/cmm.imgw.pl\/wp-content\/uploads\/2023\/05\/word-image-29558-54.jpeg 644w, https:\/\/cmm.imgw.pl\/wp-content\/uploads\/2023\/05\/word-image-29558-54-300x300.jpeg 300w, https:\/\/cmm.imgw.pl\/wp-content\/uploads\/2023\/05\/word-image-29558-54-150x150.jpeg 150w, https:\/\/cmm.imgw.pl\/wp-content\/uploads\/2023\/05\/word-image-29558-54-600x600.jpeg 600w\" sizes=\"(max-width: 644px) 100vw, 644px\" \/> <img loading=\"lazy\" width=\"668\" height=\"668\" class=\"wp-image-29613 aligncenter\" src=\"http:\/\/cmm.imgw.pl\/wp-content\/uploads\/2023\/05\/word-image-29558-55.jpeg\" srcset=\"https:\/\/cmm.imgw.pl\/wp-content\/uploads\/2023\/05\/word-image-29558-55.jpeg 668w, https:\/\/cmm.imgw.pl\/wp-content\/uploads\/2023\/05\/word-image-29558-55-300x300.jpeg 300w, https:\/\/cmm.imgw.pl\/wp-content\/uploads\/2023\/05\/word-image-29558-55-150x150.jpeg 150w, https:\/\/cmm.imgw.pl\/wp-content\/uploads\/2023\/05\/word-image-29558-55-600x600.jpeg 600w\" sizes=\"(max-width: 668px) 100vw, 668px\" \/><\/p>\n<p>W ci\u0105gu dnia porywy wiatru, do 50-60 km\/h na zachodzie Polski. W Sudetach r\u00f3wnie\u017c mog\u0105 wyst\u0119powa\u0107 porywy wiatru do 70 km\/h. W nocy porywy wiatru do 36 km\/h w p\u00f3\u0142nocno zachodniej Polsce. W Sudetach do 50-60 km\/h.<\/p>\n<p>Komentarz sporz\u0105dzono o godzinie 02:00, 10 V 2023 roku.<\/p>\n<p>\u00a0<\/p>\n<p>\u00a0<\/p>","protected":false},"excerpt":{"rendered":"<p>Komentarz do numerycznych prognoz pogody opracowany w Centrum Modelowania Meteorologicznego IMGW-PIB.<\/p>\n","protected":false},"author":3,"featured_media":0,"comment_status":"closed","ping_status":"open","sticky":false,"template":"","format":"standard","meta":{"ocean_post_layout":"","ocean_both_sidebars_style":"","ocean_both_sidebars_content_width":0,"ocean_both_sidebars_sidebars_width":0,"ocean_sidebar":"0","ocean_second_sidebar":"0","ocean_disable_margins":"enable","ocean_add_body_class":"","ocean_shortcode_before_top_bar":"","ocean_shortcode_after_top_bar":"","ocean_shortcode_before_header":"","ocean_shortcode_after_header":"","ocean_has_shortcode":"","ocean_shortcode_after_title":"","ocean_shortcode_before_footer_widgets":"","ocean_shortcode_after_footer_widgets":"","ocean_shortcode_before_footer_bottom":"","ocean_shortcode_after_footer_bottom":"","ocean_display_top_bar":"default","ocean_display_header":"default","ocean_header_style":"","ocean_center_header_left_menu":"0","ocean_custom_header_template":"0","ocean_custom_logo":0,"ocean_custom_retina_logo":0,"ocean_custom_logo_max_width":0,"ocean_custom_logo_tablet_max_width":0,"ocean_custom_logo_mobile_max_width":0,"ocean_custom_logo_max_height":0,"ocean_custom_logo_tablet_max_height":0,"ocean_custom_logo_mobile_max_height":0,"ocean_header_custom_menu":"0","ocean_menu_typo_font_family":"0","ocean_menu_typo_font_subset":"","ocean_menu_typo_font_size":0,"ocean_menu_typo_font_size_tablet":0,"ocean_menu_typo_font_size_mobile":0,"ocean_menu_typo_font_size_unit":"px","ocean_menu_typo_font_weight":"","ocean_menu_typo_font_weight_tablet":"","ocean_menu_typo_font_weight_mobile":"","ocean_menu_typo_transform":"","ocean_menu_typo_transform_tablet":"","ocean_menu_typo_transform_mobile":"","ocean_menu_typo_line_height":0,"ocean_menu_typo_line_height_tablet":0,"ocean_menu_typo_line_height_mobile":0,"ocean_menu_typo_line_height_unit":"","ocean_menu_typo_spacing":0,"ocean_menu_typo_spacing_tablet":0,"ocean_menu_typo_spacing_mobile":0,"ocean_menu_typo_spacing_unit":"","ocean_menu_link_color":"","ocean_menu_link_color_hover":"","ocean_menu_link_color_active":"","ocean_menu_link_background":"","ocean_menu_link_hover_background":"","ocean_menu_link_active_background":"","ocean_menu_social_links_bg":"","ocean_menu_social_hover_links_bg":"","ocean_menu_social_links_color":"","ocean_menu_social_hover_links_color":"","ocean_disable_title":"default","ocean_disable_heading":"default","ocean_post_title":"","ocean_post_subheading":"","ocean_post_title_style":"","ocean_post_title_background_color":"","ocean_post_title_background":0,"ocean_post_title_bg_image_position":"","ocean_post_title_bg_image_attachment":"","ocean_post_title_bg_image_repeat":"","ocean_post_title_bg_image_size":"","ocean_post_title_height":0,"ocean_post_title_bg_overlay":0.5,"ocean_post_title_bg_overlay_color":"","ocean_disable_breadcrumbs":"default","ocean_breadcrumbs_color":"","ocean_breadcrumbs_separator_color":"","ocean_breadcrumbs_links_color":"","ocean_breadcrumbs_links_hover_color":"","ocean_display_footer_widgets":"default","ocean_display_footer_bottom":"default","ocean_custom_footer_template":"0","ocean_post_oembed":"","ocean_post_self_hosted_media":"","ocean_post_video_embed":"","ocean_link_format":"","ocean_link_format_target":"self","ocean_quote_format":"","ocean_quote_format_link":"post","ocean_gallery_link_images":"on","ocean_gallery_id":[]},"categories":[93],"tags":[138,139,68,95,143,141,85,73,97,98,142,76,94,99,71,67,96,140,79],"yoast_head":"<!-- This site is optimized with the Yoast SEO plugin v19.5.1 - https:\/\/yoast.com\/wordpress\/plugins\/seo\/ -->\n<title>Komentarz do numerycznych prognoz pogody (10\/11.05.2023) - Laboratorium Modelowania Meteorologicznego CMOK IMGW-PIB<\/title>\n<meta name=\"description\" content=\"Komentarz do numerycznych prognoz pogody opracowany w Centrum Modelowania Meteorologicznego IMGW-PIB.\" \/>\n<meta name=\"robots\" content=\"index, follow, max-snippet:-1, max-image-preview:large, max-video-preview:-1\" \/>\n<link rel=\"canonical\" href=\"https:\/\/cmm.imgw.pl\/?p=29558\" \/>\n<meta property=\"og:locale\" content=\"pl_PL\" \/>\n<meta property=\"og:type\" content=\"article\" \/>\n<meta property=\"og:title\" content=\"Komentarz do numerycznych prognoz pogody (10\/11.05.2023)\" \/>\n<meta property=\"og:description\" content=\"Komentarz do numerycznych prognoz pogody opracowany w Centrum Modelowania Meteorologicznego IMGW-PIB\" \/>\n<meta property=\"og:url\" content=\"https:\/\/cmm.imgw.pl\/?p=29558\" \/>\n<meta property=\"og:site_name\" content=\"Laboratorium Modelowania Meteorologicznego CMOK IMGW-PIB\" \/>\n<meta property=\"article:publisher\" content=\"https:\/\/www.facebook.com\/Meteoimgw\/\" \/>\n<meta property=\"article:published_time\" content=\"2023-05-10T05:30:47+00:00\" \/>\n<meta property=\"article:modified_time\" content=\"2023-05-10T05:30:49+00:00\" \/>\n<meta property=\"og:image\" content=\"http:\/\/cmm.imgw.pl\/wp-content\/uploads\/2023\/02\/komentarz4.png\" \/>\n\t<meta property=\"og:image:width\" content=\"1280\" \/>\n\t<meta property=\"og:image:height\" content=\"720\" \/>\n\t<meta property=\"og:image:type\" content=\"image\/png\" \/>\n<meta name=\"author\" content=\"CMM\" \/>\n<meta name=\"twitter:card\" content=\"summary_large_image\" \/>\n<meta name=\"twitter:title\" content=\"Komentarz do numerycznych prognoz pogody (10\/11.05.2023)\" \/>\n<meta name=\"twitter:description\" content=\"Komentarz do numerycznych prognoz pogody opracowany w Centrum Modelowania Meteorologicznego IMGW-PIB\" \/>\n<meta name=\"twitter:image\" content=\"https:\/\/cmm.imgw.pl\/wp-content\/uploads\/2023\/02\/komentarz4.png\" \/>\n<meta name=\"twitter:creator\" content=\"@IMGW_CMM\" \/>\n<meta name=\"twitter:site\" content=\"@IMGW_CMM\" \/>\n<meta name=\"twitter:label1\" content=\"Napisane przez\" \/>\n\t<meta name=\"twitter:data1\" content=\"CMM\" \/>\n\t<meta name=\"twitter:label2\" content=\"Szacowany czas czytania\" \/>\n\t<meta name=\"twitter:data2\" content=\"26 minut\" \/>\n<script type=\"application\/ld+json\" class=\"yoast-schema-graph\">{\"@context\":\"https:\/\/schema.org\",\"@graph\":[{\"@type\":\"Article\",\"@id\":\"https:\/\/cmm.imgw.pl\/?p=29558#article\",\"isPartOf\":{\"@id\":\"https:\/\/cmm.imgw.pl\/?p=29558\"},\"author\":{\"name\":\"CMM\",\"@id\":\"https:\/\/cmm.imgw.pl\/#\/schema\/person\/a24a37fe434fe76b0f5791e6bd3fdb46\"},\"headline\":\"Komentarz do numerycznych prognoz pogody (10\/11.05.2023)\",\"datePublished\":\"2023-05-10T05:30:47+00:00\",\"dateModified\":\"2023-05-10T05:30:49+00:00\",\"mainEntityOfPage\":{\"@id\":\"https:\/\/cmm.imgw.pl\/?p=29558\"},\"wordCount\":1350,\"publisher\":{\"@id\":\"https:\/\/cmm.imgw.pl\/#organization\"},\"keywords\":[\"alaro\",\"arome\",\"cmm\",\"Cosmo\",\"DWD\",\"Grzegorz Duniec\",\"imgw\",\"klimat\",\"komentarz\",\"komentarz pogodowy\",\"MERGE\",\"meteorologia\",\"NMP\",\"NPP\",\"pogoda\",\"prognoza\",\"prognoza pogody\",\"wrf\",\"zima\"],\"articleSection\":[\"Komentarz\"],\"inLanguage\":\"pl-PL\"},{\"@type\":\"WebPage\",\"@id\":\"https:\/\/cmm.imgw.pl\/?p=29558\",\"url\":\"https:\/\/cmm.imgw.pl\/?p=29558\",\"name\":\"Komentarz do numerycznych prognoz pogody (10\/11.05.2023) - Laboratorium Modelowania Meteorologicznego CMOK IMGW-PIB\",\"isPartOf\":{\"@id\":\"https:\/\/cmm.imgw.pl\/#website\"},\"datePublished\":\"2023-05-10T05:30:47+00:00\",\"dateModified\":\"2023-05-10T05:30:49+00:00\",\"description\":\"Komentarz do numerycznych prognoz pogody opracowany w Centrum Modelowania Meteorologicznego IMGW-PIB.\",\"breadcrumb\":{\"@id\":\"https:\/\/cmm.imgw.pl\/?p=29558#breadcrumb\"},\"inLanguage\":\"pl-PL\",\"potentialAction\":[{\"@type\":\"ReadAction\",\"target\":[\"https:\/\/cmm.imgw.pl\/?p=29558\"]}]},{\"@type\":\"BreadcrumbList\",\"@id\":\"https:\/\/cmm.imgw.pl\/?p=29558#breadcrumb\",\"itemListElement\":[{\"@type\":\"ListItem\",\"position\":1,\"name\":\"Home\",\"item\":\"https:\/\/cmm.imgw.pl\/\"},{\"@type\":\"ListItem\",\"position\":2,\"name\":\"Komentarz do numerycznych prognoz pogody (10\/11.05.2023)\"}]},{\"@type\":\"WebSite\",\"@id\":\"https:\/\/cmm.imgw.pl\/#website\",\"url\":\"https:\/\/cmm.imgw.pl\/\",\"name\":\"Laboratorium Modelowania Meteorologicznego CMOK IMGW-PIB\",\"description\":\"CMOK-LMM Laboratorium pe\u0142ni pa\u0144stwow\u0105 s\u0142u\u017cb\u0119 hydrologiczno-meteorologiczn\u0105 w zakresie numerycznych prognoz pogody, kt\u00f3rego zadaniem jest konsolidacja kompetencji w obszarze modelowania zjawisk pogodowych oraz dalszego rozwoju numerycznych modeli pogody (NMP).\",\"publisher\":{\"@id\":\"https:\/\/cmm.imgw.pl\/#organization\"},\"potentialAction\":[{\"@type\":\"SearchAction\",\"target\":{\"@type\":\"EntryPoint\",\"urlTemplate\":\"https:\/\/cmm.imgw.pl\/?s={search_term_string}\"},\"query-input\":\"required name=search_term_string\"}],\"inLanguage\":\"pl-PL\"},{\"@type\":\"Organization\",\"@id\":\"https:\/\/cmm.imgw.pl\/#organization\",\"name\":\"Laboratorium Modelowania Meteorologicznego CMOK IMGW-PIB\",\"url\":\"https:\/\/cmm.imgw.pl\/\",\"sameAs\":[\"https:\/\/www.facebook.com\/Meteoimgw\/\",\"https:\/\/twitter.com\/IMGW_CMM\"],\"logo\":{\"@type\":\"ImageObject\",\"inLanguage\":\"pl-PL\",\"@id\":\"https:\/\/cmm.imgw.pl\/#\/schema\/logo\/image\/\",\"url\":\"https:\/\/cmm.imgw.pl\/wp-content\/uploads\/2025\/10\/MODELE_LOGO_UNIFIKACJA_v2.png\",\"contentUrl\":\"https:\/\/cmm.imgw.pl\/wp-content\/uploads\/2025\/10\/MODELE_LOGO_UNIFIKACJA_v2.png\",\"width\":1356,\"height\":365,\"caption\":\"Laboratorium Modelowania Meteorologicznego CMOK IMGW-PIB\"},\"image\":{\"@id\":\"https:\/\/cmm.imgw.pl\/#\/schema\/logo\/image\/\"}},{\"@type\":\"Person\",\"@id\":\"https:\/\/cmm.imgw.pl\/#\/schema\/person\/a24a37fe434fe76b0f5791e6bd3fdb46\",\"name\":\"CMM\",\"image\":{\"@type\":\"ImageObject\",\"inLanguage\":\"pl-PL\",\"@id\":\"https:\/\/cmm.imgw.pl\/#\/schema\/person\/image\/\",\"url\":\"https:\/\/secure.gravatar.com\/avatar\/9248ea2273711f1cd09d6bd45867dbfb?s=96&d=blank&r=g\",\"contentUrl\":\"https:\/\/secure.gravatar.com\/avatar\/9248ea2273711f1cd09d6bd45867dbfb?s=96&d=blank&r=g\",\"caption\":\"CMM\"},\"sameAs\":[\"http:\/\/cmm.imgw.pl\"],\"url\":\"https:\/\/cmm.imgw.pl\/?author=3\"}]}<\/script>\n<!-- \/ Yoast SEO plugin. -->","yoast_head_json":{"title":"Komentarz do numerycznych prognoz pogody (10\/11.05.2023) - Laboratorium Modelowania Meteorologicznego CMOK IMGW-PIB","description":"Komentarz do numerycznych prognoz pogody opracowany w Centrum Modelowania Meteorologicznego IMGW-PIB.","robots":{"index":"index","follow":"follow","max-snippet":"max-snippet:-1","max-image-preview":"max-image-preview:large","max-video-preview":"max-video-preview:-1"},"canonical":"https:\/\/cmm.imgw.pl\/?p=29558","og_locale":"pl_PL","og_type":"article","og_title":"Komentarz do numerycznych prognoz pogody (10\/11.05.2023)","og_description":"Komentarz do numerycznych prognoz pogody opracowany w Centrum Modelowania Meteorologicznego IMGW-PIB","og_url":"https:\/\/cmm.imgw.pl\/?p=29558","og_site_name":"Laboratorium Modelowania Meteorologicznego CMOK IMGW-PIB","article_publisher":"https:\/\/www.facebook.com\/Meteoimgw\/","article_published_time":"2023-05-10T05:30:47+00:00","article_modified_time":"2023-05-10T05:30:49+00:00","og_image":[{"width":1280,"height":720,"url":"http:\/\/cmm.imgw.pl\/wp-content\/uploads\/2023\/02\/komentarz4.png","type":"image\/png"}],"author":"CMM","twitter_card":"summary_large_image","twitter_title":"Komentarz do numerycznych prognoz pogody (10\/11.05.2023)","twitter_description":"Komentarz do numerycznych prognoz pogody opracowany w Centrum Modelowania Meteorologicznego IMGW-PIB","twitter_image":"https:\/\/cmm.imgw.pl\/wp-content\/uploads\/2023\/02\/komentarz4.png","twitter_creator":"@IMGW_CMM","twitter_site":"@IMGW_CMM","twitter_misc":{"Napisane przez":"CMM","Szacowany czas czytania":"26 minut"},"schema":{"@context":"https:\/\/schema.org","@graph":[{"@type":"Article","@id":"https:\/\/cmm.imgw.pl\/?p=29558#article","isPartOf":{"@id":"https:\/\/cmm.imgw.pl\/?p=29558"},"author":{"name":"CMM","@id":"https:\/\/cmm.imgw.pl\/#\/schema\/person\/a24a37fe434fe76b0f5791e6bd3fdb46"},"headline":"Komentarz do numerycznych prognoz pogody (10\/11.05.2023)","datePublished":"2023-05-10T05:30:47+00:00","dateModified":"2023-05-10T05:30:49+00:00","mainEntityOfPage":{"@id":"https:\/\/cmm.imgw.pl\/?p=29558"},"wordCount":1350,"publisher":{"@id":"https:\/\/cmm.imgw.pl\/#organization"},"keywords":["alaro","arome","cmm","Cosmo","DWD","Grzegorz Duniec","imgw","klimat","komentarz","komentarz pogodowy","MERGE","meteorologia","NMP","NPP","pogoda","prognoza","prognoza pogody","wrf","zima"],"articleSection":["Komentarz"],"inLanguage":"pl-PL"},{"@type":"WebPage","@id":"https:\/\/cmm.imgw.pl\/?p=29558","url":"https:\/\/cmm.imgw.pl\/?p=29558","name":"Komentarz do numerycznych prognoz pogody (10\/11.05.2023) - Laboratorium Modelowania Meteorologicznego CMOK IMGW-PIB","isPartOf":{"@id":"https:\/\/cmm.imgw.pl\/#website"},"datePublished":"2023-05-10T05:30:47+00:00","dateModified":"2023-05-10T05:30:49+00:00","description":"Komentarz do numerycznych prognoz pogody opracowany w Centrum Modelowania Meteorologicznego IMGW-PIB.","breadcrumb":{"@id":"https:\/\/cmm.imgw.pl\/?p=29558#breadcrumb"},"inLanguage":"pl-PL","potentialAction":[{"@type":"ReadAction","target":["https:\/\/cmm.imgw.pl\/?p=29558"]}]},{"@type":"BreadcrumbList","@id":"https:\/\/cmm.imgw.pl\/?p=29558#breadcrumb","itemListElement":[{"@type":"ListItem","position":1,"name":"Home","item":"https:\/\/cmm.imgw.pl\/"},{"@type":"ListItem","position":2,"name":"Komentarz do numerycznych prognoz pogody (10\/11.05.2023)"}]},{"@type":"WebSite","@id":"https:\/\/cmm.imgw.pl\/#website","url":"https:\/\/cmm.imgw.pl\/","name":"Laboratorium Modelowania Meteorologicznego CMOK IMGW-PIB","description":"CMOK-LMM Laboratorium pe\u0142ni pa\u0144stwow\u0105 s\u0142u\u017cb\u0119 hydrologiczno-meteorologiczn\u0105 w zakresie numerycznych prognoz pogody, kt\u00f3rego zadaniem jest konsolidacja kompetencji w obszarze modelowania zjawisk pogodowych oraz dalszego rozwoju numerycznych modeli pogody (NMP).","publisher":{"@id":"https:\/\/cmm.imgw.pl\/#organization"},"potentialAction":[{"@type":"SearchAction","target":{"@type":"EntryPoint","urlTemplate":"https:\/\/cmm.imgw.pl\/?s={search_term_string}"},"query-input":"required name=search_term_string"}],"inLanguage":"pl-PL"},{"@type":"Organization","@id":"https:\/\/cmm.imgw.pl\/#organization","name":"Laboratorium Modelowania Meteorologicznego CMOK IMGW-PIB","url":"https:\/\/cmm.imgw.pl\/","sameAs":["https:\/\/www.facebook.com\/Meteoimgw\/","https:\/\/twitter.com\/IMGW_CMM"],"logo":{"@type":"ImageObject","inLanguage":"pl-PL","@id":"https:\/\/cmm.imgw.pl\/#\/schema\/logo\/image\/","url":"https:\/\/cmm.imgw.pl\/wp-content\/uploads\/2025\/10\/MODELE_LOGO_UNIFIKACJA_v2.png","contentUrl":"https:\/\/cmm.imgw.pl\/wp-content\/uploads\/2025\/10\/MODELE_LOGO_UNIFIKACJA_v2.png","width":1356,"height":365,"caption":"Laboratorium Modelowania Meteorologicznego CMOK IMGW-PIB"},"image":{"@id":"https:\/\/cmm.imgw.pl\/#\/schema\/logo\/image\/"}},{"@type":"Person","@id":"https:\/\/cmm.imgw.pl\/#\/schema\/person\/a24a37fe434fe76b0f5791e6bd3fdb46","name":"CMM","image":{"@type":"ImageObject","inLanguage":"pl-PL","@id":"https:\/\/cmm.imgw.pl\/#\/schema\/person\/image\/","url":"https:\/\/secure.gravatar.com\/avatar\/9248ea2273711f1cd09d6bd45867dbfb?s=96&d=blank&r=g","contentUrl":"https:\/\/secure.gravatar.com\/avatar\/9248ea2273711f1cd09d6bd45867dbfb?s=96&d=blank&r=g","caption":"CMM"},"sameAs":["http:\/\/cmm.imgw.pl"],"url":"https:\/\/cmm.imgw.pl\/?author=3"}]}},"_links":{"self":[{"href":"https:\/\/cmm.imgw.pl\/index.php?rest_route=\/wp\/v2\/posts\/29558"}],"collection":[{"href":"https:\/\/cmm.imgw.pl\/index.php?rest_route=\/wp\/v2\/posts"}],"about":[{"href":"https:\/\/cmm.imgw.pl\/index.php?rest_route=\/wp\/v2\/types\/post"}],"author":[{"embeddable":true,"href":"https:\/\/cmm.imgw.pl\/index.php?rest_route=\/wp\/v2\/users\/3"}],"replies":[{"embeddable":true,"href":"https:\/\/cmm.imgw.pl\/index.php?rest_route=%2Fwp%2Fv2%2Fcomments&post=29558"}],"version-history":[{"count":1,"href":"https:\/\/cmm.imgw.pl\/index.php?rest_route=\/wp\/v2\/posts\/29558\/revisions"}],"predecessor-version":[{"id":29614,"href":"https:\/\/cmm.imgw.pl\/index.php?rest_route=\/wp\/v2\/posts\/29558\/revisions\/29614"}],"wp:attachment":[{"href":"https:\/\/cmm.imgw.pl\/index.php?rest_route=%2Fwp%2Fv2%2Fmedia&parent=29558"}],"wp:term":[{"taxonomy":"category","embeddable":true,"href":"https:\/\/cmm.imgw.pl\/index.php?rest_route=%2Fwp%2Fv2%2Fcategories&post=29558"},{"taxonomy":"post_tag","embeddable":true,"href":"https:\/\/cmm.imgw.pl\/index.php?rest_route=%2Fwp%2Fv2%2Ftags&post=29558"}],"curies":[{"name":"wp","href":"https:\/\/api.w.org\/{rel}","templated":true}]}}