{"id":28833,"date":"2023-05-06T15:26:05","date_gmt":"2023-05-06T13:26:05","guid":{"rendered":"https:\/\/cmm.imgw.pl\/?p=28833"},"modified":"2023-05-06T15:26:09","modified_gmt":"2023-05-06T13:26:09","slug":"komentarz-do-numerycznych-prognoz-pogody-6-7-05-2023","status":"publish","type":"post","link":"https:\/\/cmm.imgw.pl\/?p=28833","title":{"rendered":"Aktualizacja komentarza do numerycznych prognoz pogody (6\/7.05.2023)"},"content":{"rendered":"\n<figure class=\"wp-block-image size-large\"><img loading=\"lazy\" width=\"1024\" height=\"576\" src=\"https:\/\/cmm.imgw.pl\/wp-content\/uploads\/2023\/03\/komentarz4-1-1024x576.png\" alt=\"\" class=\"wp-image-23617\" srcset=\"https:\/\/cmm.imgw.pl\/wp-content\/uploads\/2023\/03\/komentarz4-1-1024x576.png 1024w, https:\/\/cmm.imgw.pl\/wp-content\/uploads\/2023\/03\/komentarz4-1-300x169.png 300w, https:\/\/cmm.imgw.pl\/wp-content\/uploads\/2023\/03\/komentarz4-1-768x432.png 768w, https:\/\/cmm.imgw.pl\/wp-content\/uploads\/2023\/03\/komentarz4-1-800x450.png 800w, https:\/\/cmm.imgw.pl\/wp-content\/uploads\/2023\/03\/komentarz4-1.png 1280w\" sizes=\"(max-width: 1024px) 100vw, 1024px\" \/><\/figure>\n\n\n\n<p><em>Tre\u015b\u0107 komentarza do numerycznych prognoz meteorologicznych stanowi niezale\u017cne od biura prognoz meteorologicznych opracowanie wykonane w Centrum Modelowania Meteorologicznego i nie stanowi oficjalnej prognozy synoptycznej IMGW-PIB.<\/em><\/p>\n\n\n\n<p><strong>Opracowanie:<\/strong><\/p>\n\n\n\n<p><strong>dr&nbsp;Grzegorz&nbsp;Duniec, <a href=\"https:\/\/cmm.imgw.pl\/\" target=\"_blank\" rel=\"noreferrer noopener\"><mark style=\"background-color:rgba(0, 0, 0, 0)\" class=\"has-inline-color has-vivid-cyan-blue-color\">Centrum Modelowania Meteorologicznego IMGW-PIB<\/mark><\/a><\/strong><\/p>\n\n\n<p><strong>Komentarz dodatkowy do numerycznych prognoz meteorologicznych &#8211; 6 i 7 V 2023 r.<\/strong><\/p>\n<p><strong>Opis sytuacji synoptycznej w Polsce z godziny 6 UTC, 6 V 2023 roku<\/strong><\/p>\n<p><img loading=\"lazy\" width=\"463\" height=\"441\" class=\"wp-image-28834 aligncenter\" src=\"http:\/\/cmm.imgw.pl\/wp-content\/uploads\/2023\/05\/word-image-28833-1.png\" srcset=\"https:\/\/cmm.imgw.pl\/wp-content\/uploads\/2023\/05\/word-image-28833-1.png 463w, https:\/\/cmm.imgw.pl\/wp-content\/uploads\/2023\/05\/word-image-28833-1-300x286.png 300w\" sizes=\"(max-width: 463px) 100vw, 463px\" \/><\/p>\n<p>Zachodni rejon Polski w zasi\u0119gu uk\u0142adu niskiego ci\u015bnienia. Rano p\u00f3\u0142nocno zachodni rejon kraju na skraju wy\u017cu z o\u015brodkiem 1032,8 hPa na Ba\u0142tykiem. Do zachodnich granic kraju zbli\u017ca si\u0119 front ciep\u0142y oraz punkt zwarcia front\u00f3w (punkt okluzji). W ci\u0105gu dnia nad Polsk\u0105 przemieszcza\u0107 si\u0119 b\u0119dzie front atmosferyczny.<\/p>\n<p><strong>Rozw\u00f3j sytuacji barycznej nad Polsk\u0105 <\/strong><\/p>\n<p><img loading=\"lazy\" width=\"1075\" height=\"764\" class=\"wp-image-28835 aligncenter\" src=\"http:\/\/cmm.imgw.pl\/wp-content\/uploads\/2023\/05\/word-image-28833-2.gif\" \/><\/p>\n<p>Wy\u017c znad Ba\u0142tyku b\u0119dzie przemieszcza\u0142 si\u0119 na wsch\u00f3d. Do jutra o\u015brodek 1030 hPa dotrze do Estonii. Wy\u017c os\u0142abnie. Po\u0142udniowe rejony kraju pozostan\u0105 prawdopodobnie pod wp\u0142ywem frontu ch\u0142odnego. P\u00f3\u0142nocna Polska w zasi\u0119gu wy\u017cu.<\/p>\n<p><strong>Prognostyczne diagramy aerologiczne<\/strong><\/p>\n<p><img loading=\"lazy\" width=\"1026\" height=\"1040\" class=\"wp-image-28836 aligncenter\" src=\"http:\/\/cmm.imgw.pl\/wp-content\/uploads\/2023\/05\/word-image-28833-3.png\" srcset=\"https:\/\/cmm.imgw.pl\/wp-content\/uploads\/2023\/05\/word-image-28833-3.png 1026w, https:\/\/cmm.imgw.pl\/wp-content\/uploads\/2023\/05\/word-image-28833-3-296x300.png 296w, https:\/\/cmm.imgw.pl\/wp-content\/uploads\/2023\/05\/word-image-28833-3-1010x1024.png 1010w, https:\/\/cmm.imgw.pl\/wp-content\/uploads\/2023\/05\/word-image-28833-3-768x778.png 768w\" sizes=\"(max-width: 1026px) 100vw, 1026px\" \/> <img loading=\"lazy\" width=\"1026\" height=\"1040\" class=\"wp-image-28837 aligncenter\" src=\"http:\/\/cmm.imgw.pl\/wp-content\/uploads\/2023\/05\/word-image-28833-4.png\" srcset=\"https:\/\/cmm.imgw.pl\/wp-content\/uploads\/2023\/05\/word-image-28833-4.png 1026w, https:\/\/cmm.imgw.pl\/wp-content\/uploads\/2023\/05\/word-image-28833-4-296x300.png 296w, https:\/\/cmm.imgw.pl\/wp-content\/uploads\/2023\/05\/word-image-28833-4-1010x1024.png 1010w, https:\/\/cmm.imgw.pl\/wp-content\/uploads\/2023\/05\/word-image-28833-4-768x778.png 768w\" sizes=\"(max-width: 1026px) 100vw, 1026px\" \/> <img loading=\"lazy\" width=\"1026\" height=\"1040\" class=\"wp-image-28838 aligncenter\" src=\"http:\/\/cmm.imgw.pl\/wp-content\/uploads\/2023\/05\/word-image-28833-5.png\" srcset=\"https:\/\/cmm.imgw.pl\/wp-content\/uploads\/2023\/05\/word-image-28833-5.png 1026w, https:\/\/cmm.imgw.pl\/wp-content\/uploads\/2023\/05\/word-image-28833-5-296x300.png 296w, https:\/\/cmm.imgw.pl\/wp-content\/uploads\/2023\/05\/word-image-28833-5-1010x1024.png 1010w, https:\/\/cmm.imgw.pl\/wp-content\/uploads\/2023\/05\/word-image-28833-5-768x778.png 768w\" sizes=\"(max-width: 1026px) 100vw, 1026px\" \/><\/p>\n<p>Szczecin<\/p>\n<p><img loading=\"lazy\" width=\"1026\" height=\"1040\" class=\"wp-image-28839 aligncenter\" src=\"http:\/\/cmm.imgw.pl\/wp-content\/uploads\/2023\/05\/word-image-28833-6.png\" srcset=\"https:\/\/cmm.imgw.pl\/wp-content\/uploads\/2023\/05\/word-image-28833-6.png 1026w, https:\/\/cmm.imgw.pl\/wp-content\/uploads\/2023\/05\/word-image-28833-6-296x300.png 296w, https:\/\/cmm.imgw.pl\/wp-content\/uploads\/2023\/05\/word-image-28833-6-1010x1024.png 1010w, https:\/\/cmm.imgw.pl\/wp-content\/uploads\/2023\/05\/word-image-28833-6-768x778.png 768w\" sizes=\"(max-width: 1026px) 100vw, 1026px\" \/> <img loading=\"lazy\" width=\"1026\" height=\"1040\" class=\"wp-image-28840 aligncenter\" src=\"http:\/\/cmm.imgw.pl\/wp-content\/uploads\/2023\/05\/word-image-28833-7.png\" srcset=\"https:\/\/cmm.imgw.pl\/wp-content\/uploads\/2023\/05\/word-image-28833-7.png 1026w, https:\/\/cmm.imgw.pl\/wp-content\/uploads\/2023\/05\/word-image-28833-7-296x300.png 296w, https:\/\/cmm.imgw.pl\/wp-content\/uploads\/2023\/05\/word-image-28833-7-1010x1024.png 1010w, https:\/\/cmm.imgw.pl\/wp-content\/uploads\/2023\/05\/word-image-28833-7-768x778.png 768w\" sizes=\"(max-width: 1026px) 100vw, 1026px\" \/> <img loading=\"lazy\" width=\"1026\" height=\"1040\" class=\"wp-image-28841 aligncenter\" src=\"http:\/\/cmm.imgw.pl\/wp-content\/uploads\/2023\/05\/word-image-28833-8.png\" srcset=\"https:\/\/cmm.imgw.pl\/wp-content\/uploads\/2023\/05\/word-image-28833-8.png 1026w, https:\/\/cmm.imgw.pl\/wp-content\/uploads\/2023\/05\/word-image-28833-8-296x300.png 296w, https:\/\/cmm.imgw.pl\/wp-content\/uploads\/2023\/05\/word-image-28833-8-1010x1024.png 1010w, https:\/\/cmm.imgw.pl\/wp-content\/uploads\/2023\/05\/word-image-28833-8-768x778.png 768w\" sizes=\"(max-width: 1026px) 100vw, 1026px\" \/><\/p>\n<p>Suwa\u0142ki<\/p>\n<p><img loading=\"lazy\" width=\"1026\" height=\"1040\" class=\"wp-image-28842 aligncenter\" src=\"http:\/\/cmm.imgw.pl\/wp-content\/uploads\/2023\/05\/word-image-28833-9.png\" srcset=\"https:\/\/cmm.imgw.pl\/wp-content\/uploads\/2023\/05\/word-image-28833-9.png 1026w, https:\/\/cmm.imgw.pl\/wp-content\/uploads\/2023\/05\/word-image-28833-9-296x300.png 296w, https:\/\/cmm.imgw.pl\/wp-content\/uploads\/2023\/05\/word-image-28833-9-1010x1024.png 1010w, https:\/\/cmm.imgw.pl\/wp-content\/uploads\/2023\/05\/word-image-28833-9-768x778.png 768w\" sizes=\"(max-width: 1026px) 100vw, 1026px\" \/> <img loading=\"lazy\" width=\"1026\" height=\"1040\" class=\"wp-image-28843 aligncenter\" src=\"http:\/\/cmm.imgw.pl\/wp-content\/uploads\/2023\/05\/word-image-28833-10.png\" srcset=\"https:\/\/cmm.imgw.pl\/wp-content\/uploads\/2023\/05\/word-image-28833-10.png 1026w, https:\/\/cmm.imgw.pl\/wp-content\/uploads\/2023\/05\/word-image-28833-10-296x300.png 296w, https:\/\/cmm.imgw.pl\/wp-content\/uploads\/2023\/05\/word-image-28833-10-1010x1024.png 1010w, https:\/\/cmm.imgw.pl\/wp-content\/uploads\/2023\/05\/word-image-28833-10-768x778.png 768w\" sizes=\"(max-width: 1026px) 100vw, 1026px\" \/> <img loading=\"lazy\" width=\"1026\" height=\"1040\" class=\"wp-image-28844 aligncenter\" src=\"http:\/\/cmm.imgw.pl\/wp-content\/uploads\/2023\/05\/word-image-28833-11.png\" srcset=\"https:\/\/cmm.imgw.pl\/wp-content\/uploads\/2023\/05\/word-image-28833-11.png 1026w, https:\/\/cmm.imgw.pl\/wp-content\/uploads\/2023\/05\/word-image-28833-11-296x300.png 296w, https:\/\/cmm.imgw.pl\/wp-content\/uploads\/2023\/05\/word-image-28833-11-1010x1024.png 1010w, https:\/\/cmm.imgw.pl\/wp-content\/uploads\/2023\/05\/word-image-28833-11-768x778.png 768w\" sizes=\"(max-width: 1026px) 100vw, 1026px\" \/><\/p>\n<p>Wroc\u0142aw<\/p>\n<p><img loading=\"lazy\" width=\"1026\" height=\"1040\" class=\"wp-image-28845 aligncenter\" src=\"http:\/\/cmm.imgw.pl\/wp-content\/uploads\/2023\/05\/word-image-28833-12.png\" srcset=\"https:\/\/cmm.imgw.pl\/wp-content\/uploads\/2023\/05\/word-image-28833-12.png 1026w, https:\/\/cmm.imgw.pl\/wp-content\/uploads\/2023\/05\/word-image-28833-12-296x300.png 296w, https:\/\/cmm.imgw.pl\/wp-content\/uploads\/2023\/05\/word-image-28833-12-1010x1024.png 1010w, https:\/\/cmm.imgw.pl\/wp-content\/uploads\/2023\/05\/word-image-28833-12-768x778.png 768w\" sizes=\"(max-width: 1026px) 100vw, 1026px\" \/> <img loading=\"lazy\" width=\"1026\" height=\"1040\" class=\"wp-image-28846 aligncenter\" src=\"http:\/\/cmm.imgw.pl\/wp-content\/uploads\/2023\/05\/word-image-28833-13.png\" srcset=\"https:\/\/cmm.imgw.pl\/wp-content\/uploads\/2023\/05\/word-image-28833-13.png 1026w, https:\/\/cmm.imgw.pl\/wp-content\/uploads\/2023\/05\/word-image-28833-13-296x300.png 296w, https:\/\/cmm.imgw.pl\/wp-content\/uploads\/2023\/05\/word-image-28833-13-1010x1024.png 1010w, https:\/\/cmm.imgw.pl\/wp-content\/uploads\/2023\/05\/word-image-28833-13-768x778.png 768w\" sizes=\"(max-width: 1026px) 100vw, 1026px\" \/> <img loading=\"lazy\" width=\"1026\" height=\"1040\" class=\"wp-image-28847 aligncenter\" src=\"http:\/\/cmm.imgw.pl\/wp-content\/uploads\/2023\/05\/word-image-28833-14.png\" srcset=\"https:\/\/cmm.imgw.pl\/wp-content\/uploads\/2023\/05\/word-image-28833-14.png 1026w, https:\/\/cmm.imgw.pl\/wp-content\/uploads\/2023\/05\/word-image-28833-14-296x300.png 296w, https:\/\/cmm.imgw.pl\/wp-content\/uploads\/2023\/05\/word-image-28833-14-1010x1024.png 1010w, https:\/\/cmm.imgw.pl\/wp-content\/uploads\/2023\/05\/word-image-28833-14-768x778.png 768w\" sizes=\"(max-width: 1026px) 100vw, 1026px\" \/><\/p>\n<p>Rzesz\u00f3w<\/p>\n<p><img loading=\"lazy\" width=\"1026\" height=\"1040\" class=\"wp-image-28848 aligncenter\" src=\"http:\/\/cmm.imgw.pl\/wp-content\/uploads\/2023\/05\/word-image-28833-15.png\" srcset=\"https:\/\/cmm.imgw.pl\/wp-content\/uploads\/2023\/05\/word-image-28833-15.png 1026w, https:\/\/cmm.imgw.pl\/wp-content\/uploads\/2023\/05\/word-image-28833-15-296x300.png 296w, https:\/\/cmm.imgw.pl\/wp-content\/uploads\/2023\/05\/word-image-28833-15-1010x1024.png 1010w, https:\/\/cmm.imgw.pl\/wp-content\/uploads\/2023\/05\/word-image-28833-15-768x778.png 768w\" sizes=\"(max-width: 1026px) 100vw, 1026px\" \/> <img loading=\"lazy\" width=\"1026\" height=\"1040\" class=\"wp-image-28849 aligncenter\" src=\"http:\/\/cmm.imgw.pl\/wp-content\/uploads\/2023\/05\/word-image-28833-16.png\" srcset=\"https:\/\/cmm.imgw.pl\/wp-content\/uploads\/2023\/05\/word-image-28833-16.png 1026w, https:\/\/cmm.imgw.pl\/wp-content\/uploads\/2023\/05\/word-image-28833-16-296x300.png 296w, https:\/\/cmm.imgw.pl\/wp-content\/uploads\/2023\/05\/word-image-28833-16-1010x1024.png 1010w, https:\/\/cmm.imgw.pl\/wp-content\/uploads\/2023\/05\/word-image-28833-16-768x778.png 768w\" sizes=\"(max-width: 1026px) 100vw, 1026px\" \/> <img loading=\"lazy\" width=\"1026\" height=\"1040\" class=\"wp-image-28850 aligncenter\" src=\"http:\/\/cmm.imgw.pl\/wp-content\/uploads\/2023\/05\/word-image-28833-17.png\" srcset=\"https:\/\/cmm.imgw.pl\/wp-content\/uploads\/2023\/05\/word-image-28833-17.png 1026w, https:\/\/cmm.imgw.pl\/wp-content\/uploads\/2023\/05\/word-image-28833-17-296x300.png 296w, https:\/\/cmm.imgw.pl\/wp-content\/uploads\/2023\/05\/word-image-28833-17-1010x1024.png 1010w, https:\/\/cmm.imgw.pl\/wp-content\/uploads\/2023\/05\/word-image-28833-17-768x778.png 768w\" sizes=\"(max-width: 1026px) 100vw, 1026px\" \/><\/p>\n<p>\u0141\u00f3d\u017a<\/p>\n<p><strong>Prognoza zachmurzenia<\/strong><\/p>\n<p><img loading=\"lazy\" width=\"600\" height=\"640\" class=\"wp-image-28851 aligncenter\" src=\"http:\/\/cmm.imgw.pl\/wp-content\/uploads\/2023\/05\/word-image-28833-18.png\" srcset=\"https:\/\/cmm.imgw.pl\/wp-content\/uploads\/2023\/05\/word-image-28833-18.png 600w, https:\/\/cmm.imgw.pl\/wp-content\/uploads\/2023\/05\/word-image-28833-18-281x300.png 281w\" sizes=\"(max-width: 600px) 100vw, 600px\" \/> <img loading=\"lazy\" width=\"600\" height=\"640\" class=\"wp-image-28852 aligncenter\" src=\"http:\/\/cmm.imgw.pl\/wp-content\/uploads\/2023\/05\/word-image-28833-19.png\" srcset=\"https:\/\/cmm.imgw.pl\/wp-content\/uploads\/2023\/05\/word-image-28833-19.png 600w, https:\/\/cmm.imgw.pl\/wp-content\/uploads\/2023\/05\/word-image-28833-19-281x300.png 281w\" sizes=\"(max-width: 600px) 100vw, 600px\" \/> <img loading=\"lazy\" width=\"600\" height=\"640\" class=\"wp-image-28853 aligncenter\" src=\"http:\/\/cmm.imgw.pl\/wp-content\/uploads\/2023\/05\/word-image-28833-20.png\" srcset=\"https:\/\/cmm.imgw.pl\/wp-content\/uploads\/2023\/05\/word-image-28833-20.png 600w, https:\/\/cmm.imgw.pl\/wp-content\/uploads\/2023\/05\/word-image-28833-20-281x300.png 281w\" sizes=\"(max-width: 600px) 100vw, 600px\" \/> <img loading=\"lazy\" width=\"600\" height=\"640\" class=\"wp-image-28854 aligncenter\" src=\"http:\/\/cmm.imgw.pl\/wp-content\/uploads\/2023\/05\/word-image-28833-21.png\" srcset=\"https:\/\/cmm.imgw.pl\/wp-content\/uploads\/2023\/05\/word-image-28833-21.png 600w, https:\/\/cmm.imgw.pl\/wp-content\/uploads\/2023\/05\/word-image-28833-21-281x300.png 281w\" sizes=\"(max-width: 600px) 100vw, 600px\" \/> <img loading=\"lazy\" width=\"600\" height=\"640\" class=\"wp-image-28855 aligncenter\" src=\"http:\/\/cmm.imgw.pl\/wp-content\/uploads\/2023\/05\/word-image-28833-22.png\" srcset=\"https:\/\/cmm.imgw.pl\/wp-content\/uploads\/2023\/05\/word-image-28833-22.png 600w, https:\/\/cmm.imgw.pl\/wp-content\/uploads\/2023\/05\/word-image-28833-22-281x300.png 281w\" sizes=\"(max-width: 600px) 100vw, 600px\" \/><\/p>\n<p>W sobot\u0119 w ci\u0105gu dnia zachmurzenie ca\u0142kowite i du\u017ce. W nocy na p\u00f3\u0142nocy kraju zachmurzenie umiarkowane. Na po\u0142udniu i na zachodzie kraju lokalnie zachmurzenie umiarkowane. W niedziel\u0119 nad ranem oraz w ci\u0105gu dnia zachmurzenie ma\u0142e na p\u00f3\u0142nocy kraju. Na pozosta\u0142ym obszarze kraju zachmurzenie du\u017ce. Pod wiecz\u00f3r w p\u00f3\u0142nocno wschodniej cz\u0119\u015bci kraju wzrost zachmurzenie do umiarkowanego i du\u017cego.<\/p>\n<p><img loading=\"lazy\" width=\"600\" height=\"640\" class=\"wp-image-28856 aligncenter\" src=\"http:\/\/cmm.imgw.pl\/wp-content\/uploads\/2023\/05\/word-image-28833-23.png\" srcset=\"https:\/\/cmm.imgw.pl\/wp-content\/uploads\/2023\/05\/word-image-28833-23.png 600w, https:\/\/cmm.imgw.pl\/wp-content\/uploads\/2023\/05\/word-image-28833-23-281x300.png 281w\" sizes=\"(max-width: 600px) 100vw, 600px\" \/> <img loading=\"lazy\" width=\"600\" height=\"640\" class=\"wp-image-28857 aligncenter\" src=\"http:\/\/cmm.imgw.pl\/wp-content\/uploads\/2023\/05\/word-image-28833-24.png\" srcset=\"https:\/\/cmm.imgw.pl\/wp-content\/uploads\/2023\/05\/word-image-28833-24.png 600w, https:\/\/cmm.imgw.pl\/wp-content\/uploads\/2023\/05\/word-image-28833-24-281x300.png 281w\" sizes=\"(max-width: 600px) 100vw, 600px\" \/> <img loading=\"lazy\" width=\"600\" height=\"640\" class=\"wp-image-28858 aligncenter\" src=\"http:\/\/cmm.imgw.pl\/wp-content\/uploads\/2023\/05\/word-image-28833-25.png\" srcset=\"https:\/\/cmm.imgw.pl\/wp-content\/uploads\/2023\/05\/word-image-28833-25.png 600w, https:\/\/cmm.imgw.pl\/wp-content\/uploads\/2023\/05\/word-image-28833-25-281x300.png 281w\" sizes=\"(max-width: 600px) 100vw, 600px\" \/> <img loading=\"lazy\" width=\"600\" height=\"640\" class=\"wp-image-28859 aligncenter\" src=\"http:\/\/cmm.imgw.pl\/wp-content\/uploads\/2023\/05\/word-image-28833-26.png\" srcset=\"https:\/\/cmm.imgw.pl\/wp-content\/uploads\/2023\/05\/word-image-28833-26.png 600w, https:\/\/cmm.imgw.pl\/wp-content\/uploads\/2023\/05\/word-image-28833-26-281x300.png 281w\" sizes=\"(max-width: 600px) 100vw, 600px\" \/> <img loading=\"lazy\" width=\"600\" height=\"640\" class=\"wp-image-28860 aligncenter\" src=\"http:\/\/cmm.imgw.pl\/wp-content\/uploads\/2023\/05\/word-image-28833-27.png\" srcset=\"https:\/\/cmm.imgw.pl\/wp-content\/uploads\/2023\/05\/word-image-28833-27.png 600w, https:\/\/cmm.imgw.pl\/wp-content\/uploads\/2023\/05\/word-image-28833-27-281x300.png 281w\" sizes=\"(max-width: 600px) 100vw, 600px\" \/><\/p>\n<p>Na niebie nale\u017cy si\u0119 spodziewa\u0107 chmur pi\u0119tra niskiego a mianowicie chmur Stratocumulus, Stratus fractus (St fra altostratogenitus\/St fra cumulonimbogenitus na po\u0142udniu kraju). Na po\u0142udniu kraju mo\u017cliwe chmury Cumulonimbus. W nocy g\u0142\u00f3wnie Stratocumulus oraz Stratus fractus lokalnie nebulosus. W niedziel\u0119 chmury Stratocumulus, Cumulus.<\/p>\n<p><img loading=\"lazy\" width=\"600\" height=\"640\" class=\"wp-image-28861 aligncenter\" src=\"http:\/\/cmm.imgw.pl\/wp-content\/uploads\/2023\/05\/word-image-28833-28.png\" srcset=\"https:\/\/cmm.imgw.pl\/wp-content\/uploads\/2023\/05\/word-image-28833-28.png 600w, https:\/\/cmm.imgw.pl\/wp-content\/uploads\/2023\/05\/word-image-28833-28-281x300.png 281w\" sizes=\"(max-width: 600px) 100vw, 600px\" \/> <img loading=\"lazy\" width=\"600\" height=\"640\" class=\"wp-image-28862 aligncenter\" src=\"http:\/\/cmm.imgw.pl\/wp-content\/uploads\/2023\/05\/word-image-28833-29.png\" srcset=\"https:\/\/cmm.imgw.pl\/wp-content\/uploads\/2023\/05\/word-image-28833-29.png 600w, https:\/\/cmm.imgw.pl\/wp-content\/uploads\/2023\/05\/word-image-28833-29-281x300.png 281w\" sizes=\"(max-width: 600px) 100vw, 600px\" \/> <img loading=\"lazy\" width=\"600\" height=\"640\" class=\"wp-image-28863 aligncenter\" src=\"http:\/\/cmm.imgw.pl\/wp-content\/uploads\/2023\/05\/word-image-28833-30.png\" srcset=\"https:\/\/cmm.imgw.pl\/wp-content\/uploads\/2023\/05\/word-image-28833-30.png 600w, https:\/\/cmm.imgw.pl\/wp-content\/uploads\/2023\/05\/word-image-28833-30-281x300.png 281w\" sizes=\"(max-width: 600px) 100vw, 600px\" \/> <img loading=\"lazy\" width=\"600\" height=\"640\" class=\"wp-image-28864 aligncenter\" src=\"http:\/\/cmm.imgw.pl\/wp-content\/uploads\/2023\/05\/word-image-28833-31.png\" srcset=\"https:\/\/cmm.imgw.pl\/wp-content\/uploads\/2023\/05\/word-image-28833-31.png 600w, https:\/\/cmm.imgw.pl\/wp-content\/uploads\/2023\/05\/word-image-28833-31-281x300.png 281w\" sizes=\"(max-width: 600px) 100vw, 600px\" \/> <img loading=\"lazy\" width=\"600\" height=\"640\" class=\"wp-image-28865 aligncenter\" src=\"http:\/\/cmm.imgw.pl\/wp-content\/uploads\/2023\/05\/word-image-28833-32.png\" srcset=\"https:\/\/cmm.imgw.pl\/wp-content\/uploads\/2023\/05\/word-image-28833-32.png 600w, https:\/\/cmm.imgw.pl\/wp-content\/uploads\/2023\/05\/word-image-28833-32-281x300.png 281w\" sizes=\"(max-width: 600px) 100vw, 600px\" \/><\/p>\n<p>W dzie\u0144 na niebie tak\u017ce Altocumulus stratiformis duplicatus, Altostratus opacus duplicatus. W strefie chmur Cb mog\u0105 powstawa\u0107 chmury Altocumulus cumulonimbogenitus. Strefa zachmurzenia pi\u0119tra \u015bredniego przemieszcza\u0107 si\u0119 b\u0119dzie na wsch\u00f3d. Jutro w dzie\u0144 g\u0142\u00f3wnie chmury Altocumulus perlucidus i\/lub translucidus. W niedziel\u0119 wieczorem chmury Altocumulus. Na po\u0142udniu kraju mo\u017cliwy Altocumulus lenticularis.<\/p>\n<p><img loading=\"lazy\" width=\"600\" height=\"640\" class=\"wp-image-28866 aligncenter\" src=\"http:\/\/cmm.imgw.pl\/wp-content\/uploads\/2023\/05\/word-image-28833-33.png\" srcset=\"https:\/\/cmm.imgw.pl\/wp-content\/uploads\/2023\/05\/word-image-28833-33.png 600w, https:\/\/cmm.imgw.pl\/wp-content\/uploads\/2023\/05\/word-image-28833-33-281x300.png 281w\" sizes=\"(max-width: 600px) 100vw, 600px\" \/> <img loading=\"lazy\" width=\"600\" height=\"640\" class=\"wp-image-28867 aligncenter\" src=\"http:\/\/cmm.imgw.pl\/wp-content\/uploads\/2023\/05\/word-image-28833-34.png\" srcset=\"https:\/\/cmm.imgw.pl\/wp-content\/uploads\/2023\/05\/word-image-28833-34.png 600w, https:\/\/cmm.imgw.pl\/wp-content\/uploads\/2023\/05\/word-image-28833-34-281x300.png 281w\" sizes=\"(max-width: 600px) 100vw, 600px\" \/> <img loading=\"lazy\" width=\"600\" height=\"640\" class=\"wp-image-28868 aligncenter\" src=\"http:\/\/cmm.imgw.pl\/wp-content\/uploads\/2023\/05\/word-image-28833-35.png\" srcset=\"https:\/\/cmm.imgw.pl\/wp-content\/uploads\/2023\/05\/word-image-28833-35.png 600w, https:\/\/cmm.imgw.pl\/wp-content\/uploads\/2023\/05\/word-image-28833-35-281x300.png 281w\" sizes=\"(max-width: 600px) 100vw, 600px\" \/> <img loading=\"lazy\" width=\"600\" height=\"640\" class=\"wp-image-28869 aligncenter\" src=\"http:\/\/cmm.imgw.pl\/wp-content\/uploads\/2023\/05\/word-image-28833-36.png\" srcset=\"https:\/\/cmm.imgw.pl\/wp-content\/uploads\/2023\/05\/word-image-28833-36.png 600w, https:\/\/cmm.imgw.pl\/wp-content\/uploads\/2023\/05\/word-image-28833-36-281x300.png 281w\" sizes=\"(max-width: 600px) 100vw, 600px\" \/> <img loading=\"lazy\" width=\"600\" height=\"640\" class=\"wp-image-28870 aligncenter\" src=\"http:\/\/cmm.imgw.pl\/wp-content\/uploads\/2023\/05\/word-image-28833-37.png\" srcset=\"https:\/\/cmm.imgw.pl\/wp-content\/uploads\/2023\/05\/word-image-28833-37.png 600w, https:\/\/cmm.imgw.pl\/wp-content\/uploads\/2023\/05\/word-image-28833-37-281x300.png 281w\" sizes=\"(max-width: 600px) 100vw, 600px\" \/><\/p>\n<p>Opr\u00f3cz chmur pi\u0119tra \u015bredniego i niskiego na niebie wyst\u0119powa\u0107 b\u0119d\u0105 tak\u017ce chmury pi\u0119tra wysokiego: Cirrus fibratus\/spissatus\/duplicatus, Cirrostratus fibratus i\/lub duplicatus. Lokalnie Cirrocumulus. Strefa chmur pi\u0119tra wysokiego r\u00f3wnie\u017c b\u0119dzie przemieszcza\u0142a si\u0119 na wsch\u00f3d. Jutro w niedziel\u0119 jeszcze na po\u0142udniowym wschodzie mo\u017cliwy Cirrostratus fibratus. Na pozosta\u0142ym obszarze Cirrus fibratus\/spissatus.<\/p>\n<p><strong>Prognoza opad\u00f3w<\/strong><\/p>\n<p><img loading=\"lazy\" width=\"600\" height=\"640\" class=\"wp-image-28871 aligncenter\" src=\"http:\/\/cmm.imgw.pl\/wp-content\/uploads\/2023\/05\/word-image-28833-38.png\" srcset=\"https:\/\/cmm.imgw.pl\/wp-content\/uploads\/2023\/05\/word-image-28833-38.png 600w, https:\/\/cmm.imgw.pl\/wp-content\/uploads\/2023\/05\/word-image-28833-38-281x300.png 281w\" sizes=\"(max-width: 600px) 100vw, 600px\" \/> <img loading=\"lazy\" width=\"600\" height=\"640\" class=\"wp-image-28872 aligncenter\" src=\"http:\/\/cmm.imgw.pl\/wp-content\/uploads\/2023\/05\/word-image-28833-39.png\" srcset=\"https:\/\/cmm.imgw.pl\/wp-content\/uploads\/2023\/05\/word-image-28833-39.png 600w, https:\/\/cmm.imgw.pl\/wp-content\/uploads\/2023\/05\/word-image-28833-39-281x300.png 281w\" sizes=\"(max-width: 600px) 100vw, 600px\" \/> <img loading=\"lazy\" width=\"600\" height=\"640\" class=\"wp-image-28873 aligncenter\" src=\"http:\/\/cmm.imgw.pl\/wp-content\/uploads\/2023\/05\/word-image-28833-40.png\" srcset=\"https:\/\/cmm.imgw.pl\/wp-content\/uploads\/2023\/05\/word-image-28833-40.png 600w, https:\/\/cmm.imgw.pl\/wp-content\/uploads\/2023\/05\/word-image-28833-40-281x300.png 281w\" sizes=\"(max-width: 600px) 100vw, 600px\" \/> <img loading=\"lazy\" width=\"600\" height=\"640\" class=\"wp-image-28874 aligncenter\" src=\"http:\/\/cmm.imgw.pl\/wp-content\/uploads\/2023\/05\/word-image-28833-41.png\" srcset=\"https:\/\/cmm.imgw.pl\/wp-content\/uploads\/2023\/05\/word-image-28833-41.png 600w, https:\/\/cmm.imgw.pl\/wp-content\/uploads\/2023\/05\/word-image-28833-41-281x300.png 281w\" sizes=\"(max-width: 600px) 100vw, 600px\" \/> <img loading=\"lazy\" width=\"600\" height=\"640\" class=\"wp-image-28875 aligncenter\" src=\"http:\/\/cmm.imgw.pl\/wp-content\/uploads\/2023\/05\/word-image-28833-42.png\" srcset=\"https:\/\/cmm.imgw.pl\/wp-content\/uploads\/2023\/05\/word-image-28833-42.png 600w, https:\/\/cmm.imgw.pl\/wp-content\/uploads\/2023\/05\/word-image-28833-42-281x300.png 281w\" sizes=\"(max-width: 600px) 100vw, 600px\" \/> <img loading=\"lazy\" width=\"600\" height=\"640\" class=\"wp-image-28876 aligncenter\" src=\"http:\/\/cmm.imgw.pl\/wp-content\/uploads\/2023\/05\/word-image-28833-43.png\" srcset=\"https:\/\/cmm.imgw.pl\/wp-content\/uploads\/2023\/05\/word-image-28833-43.png 600w, https:\/\/cmm.imgw.pl\/wp-content\/uploads\/2023\/05\/word-image-28833-43-281x300.png 281w\" sizes=\"(max-width: 600px) 100vw, 600px\" \/> <img loading=\"lazy\" width=\"600\" height=\"640\" class=\"wp-image-28877 aligncenter\" src=\"http:\/\/cmm.imgw.pl\/wp-content\/uploads\/2023\/05\/word-image-28833-44.png\" srcset=\"https:\/\/cmm.imgw.pl\/wp-content\/uploads\/2023\/05\/word-image-28833-44.png 600w, https:\/\/cmm.imgw.pl\/wp-content\/uploads\/2023\/05\/word-image-28833-44-281x300.png 281w\" sizes=\"(max-width: 600px) 100vw, 600px\" \/> <img loading=\"lazy\" width=\"600\" height=\"640\" class=\"wp-image-28878 aligncenter\" src=\"http:\/\/cmm.imgw.pl\/wp-content\/uploads\/2023\/05\/word-image-28833-45.png\" srcset=\"https:\/\/cmm.imgw.pl\/wp-content\/uploads\/2023\/05\/word-image-28833-45.png 600w, https:\/\/cmm.imgw.pl\/wp-content\/uploads\/2023\/05\/word-image-28833-45-281x300.png 281w\" sizes=\"(max-width: 600px) 100vw, 600px\" \/> <img loading=\"lazy\" width=\"600\" height=\"640\" class=\"wp-image-28879 aligncenter\" src=\"http:\/\/cmm.imgw.pl\/wp-content\/uploads\/2023\/05\/word-image-28833-46.png\" srcset=\"https:\/\/cmm.imgw.pl\/wp-content\/uploads\/2023\/05\/word-image-28833-46.png 600w, https:\/\/cmm.imgw.pl\/wp-content\/uploads\/2023\/05\/word-image-28833-46-281x300.png 281w\" sizes=\"(max-width: 600px) 100vw, 600px\" \/><\/p>\n<p>W ci\u0105gu dnia w wielu miejscach intensywne opady ci\u0105g\u0142e deszczu. Na po\u0142udniu kraju mo\u017cliwe intensywne opady przelotne deszczu. Strefa b\u0119dzie przemieszcza\u0142a si\u0119 na wsch\u00f3d. Jutro jedynie w po\u0142udniowo wschodniej Polsce opady deszczu, lokalnie o umiarkowanej intensywno\u015bci.<\/p>\n<p><strong>Prognoza wy\u0142adowa\u0144<\/strong><\/p>\n<p><strong><img loading=\"lazy\" width=\"450\" height=\"405\" class=\"wp-image-28880 aligncenter\" src=\"http:\/\/cmm.imgw.pl\/wp-content\/uploads\/2023\/05\/word-image-28833-47.png\" srcset=\"https:\/\/cmm.imgw.pl\/wp-content\/uploads\/2023\/05\/word-image-28833-47.png 450w, https:\/\/cmm.imgw.pl\/wp-content\/uploads\/2023\/05\/word-image-28833-47-300x270.png 300w\" sizes=\"(max-width: 450px) 100vw, 450px\" \/><\/strong> <img loading=\"lazy\" width=\"488\" height=\"460\" class=\"wp-image-28881 aligncenter\" src=\"http:\/\/cmm.imgw.pl\/wp-content\/uploads\/2023\/05\/word-image-28833-48.jpeg\" srcset=\"https:\/\/cmm.imgw.pl\/wp-content\/uploads\/2023\/05\/word-image-28833-48.jpeg 488w, https:\/\/cmm.imgw.pl\/wp-content\/uploads\/2023\/05\/word-image-28833-48-300x283.jpeg 300w\" sizes=\"(max-width: 488px) 100vw, 488px\" \/> <img loading=\"lazy\" width=\"436\" height=\"429\" class=\"wp-image-28882 aligncenter\" src=\"http:\/\/cmm.imgw.pl\/wp-content\/uploads\/2023\/05\/word-image-28833-49.png\" srcset=\"https:\/\/cmm.imgw.pl\/wp-content\/uploads\/2023\/05\/word-image-28833-49.png 436w, https:\/\/cmm.imgw.pl\/wp-content\/uploads\/2023\/05\/word-image-28833-49-300x295.png 300w\" sizes=\"(max-width: 436px) 100vw, 436px\" \/><\/p>\n<p>Zgodnie z wczorajsz\u0105 prognoz\u0105 w woj. ma\u0142opolskim wyst\u0105pi\u0142y pojedyncze wy\u0142adowania doziemne. Prognoza zjawisk burzowych jest utrzymana w dalszym ci\u0105gu. Jedynie w rejonie po\u0142udniowo wschodniej Polski prawdopodobie\u0144stwo wyst\u0105pienia wy\u0142adowa\u0144 ocenia si\u0119 na 10%.<\/p>\n<p>Aktualne prognostyczny obszar wyst\u0105pienia burz poni\u017cej.<\/p>\n<p><img loading=\"lazy\" width=\"581\" height=\"480\" class=\"wp-image-28883 aligncenter\" src=\"http:\/\/cmm.imgw.pl\/wp-content\/uploads\/2023\/05\/word-image-28833-50.png\" srcset=\"https:\/\/cmm.imgw.pl\/wp-content\/uploads\/2023\/05\/word-image-28833-50.png 581w, https:\/\/cmm.imgw.pl\/wp-content\/uploads\/2023\/05\/word-image-28833-50-300x248.png 300w\" sizes=\"(max-width: 581px) 100vw, 581px\" \/><\/p>\n<p><img loading=\"lazy\" width=\"662\" height=\"662\" class=\"wp-image-28884 aligncenter\" src=\"http:\/\/cmm.imgw.pl\/wp-content\/uploads\/2023\/05\/word-image-28833-51.png\" srcset=\"https:\/\/cmm.imgw.pl\/wp-content\/uploads\/2023\/05\/word-image-28833-51.png 662w, https:\/\/cmm.imgw.pl\/wp-content\/uploads\/2023\/05\/word-image-28833-51-300x300.png 300w, https:\/\/cmm.imgw.pl\/wp-content\/uploads\/2023\/05\/word-image-28833-51-150x150.png 150w, https:\/\/cmm.imgw.pl\/wp-content\/uploads\/2023\/05\/word-image-28833-51-600x600.png 600w\" sizes=\"(max-width: 662px) 100vw, 662px\" \/> <img loading=\"lazy\" width=\"629\" height=\"629\" class=\"wp-image-28885 aligncenter\" src=\"http:\/\/cmm.imgw.pl\/wp-content\/uploads\/2023\/05\/word-image-28833-52.png\" srcset=\"https:\/\/cmm.imgw.pl\/wp-content\/uploads\/2023\/05\/word-image-28833-52.png 629w, https:\/\/cmm.imgw.pl\/wp-content\/uploads\/2023\/05\/word-image-28833-52-300x300.png 300w, https:\/\/cmm.imgw.pl\/wp-content\/uploads\/2023\/05\/word-image-28833-52-150x150.png 150w, https:\/\/cmm.imgw.pl\/wp-content\/uploads\/2023\/05\/word-image-28833-52-600x600.png 600w\" sizes=\"(max-width: 629px) 100vw, 629px\" \/> <img loading=\"lazy\" width=\"575\" height=\"575\" class=\"wp-image-28886 aligncenter\" src=\"http:\/\/cmm.imgw.pl\/wp-content\/uploads\/2023\/05\/word-image-28833-53.png\" srcset=\"https:\/\/cmm.imgw.pl\/wp-content\/uploads\/2023\/05\/word-image-28833-53.png 575w, https:\/\/cmm.imgw.pl\/wp-content\/uploads\/2023\/05\/word-image-28833-53-300x300.png 300w, https:\/\/cmm.imgw.pl\/wp-content\/uploads\/2023\/05\/word-image-28833-53-150x150.png 150w\" sizes=\"(max-width: 575px) 100vw, 575px\" \/> <img loading=\"lazy\" width=\"552\" height=\"552\" class=\"wp-image-28887 aligncenter\" src=\"http:\/\/cmm.imgw.pl\/wp-content\/uploads\/2023\/05\/word-image-28833-54.png\" srcset=\"https:\/\/cmm.imgw.pl\/wp-content\/uploads\/2023\/05\/word-image-28833-54.png 552w, https:\/\/cmm.imgw.pl\/wp-content\/uploads\/2023\/05\/word-image-28833-54-300x300.png 300w, https:\/\/cmm.imgw.pl\/wp-content\/uploads\/2023\/05\/word-image-28833-54-150x150.png 150w\" sizes=\"(max-width: 552px) 100vw, 552px\" \/><\/p>\n<p>Z najnowszych symulacji wynika, \u017ce r\u00f3wnie\u017c w woj. \u015bwi\u0119tokrzyskim, \u0142\u00f3dzkim, mazowieckim oraz lubelskim, niewykluczone pojedyncze wy\u0142adowania. Prawdopodobie\u0144stwo wyst\u0105pienia wy\u0142adowa\u0144 oceniam na 5-10 %.<\/p>\n<p><img loading=\"lazy\" width=\"600\" height=\"640\" class=\"wp-image-28888 aligncenter\" src=\"http:\/\/cmm.imgw.pl\/wp-content\/uploads\/2023\/05\/word-image-28833-55.png\" srcset=\"https:\/\/cmm.imgw.pl\/wp-content\/uploads\/2023\/05\/word-image-28833-55.png 600w, https:\/\/cmm.imgw.pl\/wp-content\/uploads\/2023\/05\/word-image-28833-55-281x300.png 281w\" sizes=\"(max-width: 600px) 100vw, 600px\" \/> <img loading=\"lazy\" width=\"600\" height=\"640\" class=\"wp-image-28889 aligncenter\" src=\"http:\/\/cmm.imgw.pl\/wp-content\/uploads\/2023\/05\/word-image-28833-56.png\" srcset=\"https:\/\/cmm.imgw.pl\/wp-content\/uploads\/2023\/05\/word-image-28833-56.png 600w, https:\/\/cmm.imgw.pl\/wp-content\/uploads\/2023\/05\/word-image-28833-56-281x300.png 281w\" sizes=\"(max-width: 600px) 100vw, 600px\" \/> <img loading=\"lazy\" width=\"600\" height=\"640\" class=\"wp-image-28890 aligncenter\" src=\"http:\/\/cmm.imgw.pl\/wp-content\/uploads\/2023\/05\/word-image-28833-57.png\" srcset=\"https:\/\/cmm.imgw.pl\/wp-content\/uploads\/2023\/05\/word-image-28833-57.png 600w, https:\/\/cmm.imgw.pl\/wp-content\/uploads\/2023\/05\/word-image-28833-57-281x300.png 281w\" sizes=\"(max-width: 600px) 100vw, 600px\" \/><\/p>\n<p>Na po\u0142udniu kraju wierzcho\u0142ki chmur Cb osi\u0105ga\u0107 mog\u0105 wysoko\u015b\u0107 10-11 km. Po po\u0142udniu i wieczorem w woj. \u015bwi\u0119tokrzyskim r\u00f3wnie\u017c powinny pojawi\u0107 si\u0119 pojedyncze chmury Cb z wierzcho\u0142kiem do 7 km. <img loading=\"lazy\" width=\"600\" height=\"640\" class=\"wp-image-28891 aligncenter\" src=\"http:\/\/cmm.imgw.pl\/wp-content\/uploads\/2023\/05\/word-image-28833-58.png\" srcset=\"https:\/\/cmm.imgw.pl\/wp-content\/uploads\/2023\/05\/word-image-28833-58.png 600w, https:\/\/cmm.imgw.pl\/wp-content\/uploads\/2023\/05\/word-image-28833-58-281x300.png 281w\" sizes=\"(max-width: 600px) 100vw, 600px\" \/><\/p>\n<p>Temperatura wierzcho\u0142ka na poziomie -20\/-30st. C, zatem zaistniej\u0105 warunki do elektryzacji chmury, w wyniku kt\u00f3rej mog\u0105 by\u0107 zainicjowane pojedyncze wy\u0142adowania.<\/p>\n<p><strong>Prognoza widzialno\u015bci<\/strong><\/p>\n<p>W strefie opad\u00f3w intensywnych lokalne ograniczenie widzialno\u015bci do 2-5 km.<\/p>\n<p><strong>Prognoza przymrozk\u00f3w<\/strong><\/p>\n<p><img loading=\"lazy\" width=\"961\" height=\"961\" class=\"wp-image-28892 aligncenter\" src=\"http:\/\/cmm.imgw.pl\/wp-content\/uploads\/2023\/05\/obraz-zawierajacy-tekst-mapa-woda-opis-wygenero.jpeg\" alt=\"Obraz zawieraj\u0105cy tekst, mapa, woda\n\nOpis wygenerowany automatycznie\" srcset=\"https:\/\/cmm.imgw.pl\/wp-content\/uploads\/2023\/05\/obraz-zawierajacy-tekst-mapa-woda-opis-wygenero.jpeg 961w, https:\/\/cmm.imgw.pl\/wp-content\/uploads\/2023\/05\/obraz-zawierajacy-tekst-mapa-woda-opis-wygenero-300x300.jpeg 300w, https:\/\/cmm.imgw.pl\/wp-content\/uploads\/2023\/05\/obraz-zawierajacy-tekst-mapa-woda-opis-wygenero-150x150.jpeg 150w, https:\/\/cmm.imgw.pl\/wp-content\/uploads\/2023\/05\/obraz-zawierajacy-tekst-mapa-woda-opis-wygenero-768x768.jpeg 768w, https:\/\/cmm.imgw.pl\/wp-content\/uploads\/2023\/05\/obraz-zawierajacy-tekst-mapa-woda-opis-wygenero-600x600.jpeg 600w\" sizes=\"(max-width: 961px) 100vw, 961px\" \/><\/p>\n<p>W woj. podlaskim oraz warmi\u0144sko-mazurskim mo\u017cliwe przygruntowe przymrozki do -1\/-2 st. C.<\/p>","protected":false},"excerpt":{"rendered":"<p>Komentarz do numerycznych prognoz pogody opracowany w Centrum Modelowania Meteorologicznego IMGW-PIB.<\/p>\n","protected":false},"author":3,"featured_media":0,"comment_status":"closed","ping_status":"open","sticky":false,"template":"","format":"standard","meta":{"ocean_post_layout":"","ocean_both_sidebars_style":"","ocean_both_sidebars_content_width":0,"ocean_both_sidebars_sidebars_width":0,"ocean_sidebar":"0","ocean_second_sidebar":"0","ocean_disable_margins":"enable","ocean_add_body_class":"","ocean_shortcode_before_top_bar":"","ocean_shortcode_after_top_bar":"","ocean_shortcode_before_header":"","ocean_shortcode_after_header":"","ocean_has_shortcode":"","ocean_shortcode_after_title":"","ocean_shortcode_before_footer_widgets":"","ocean_shortcode_after_footer_widgets":"","ocean_shortcode_before_footer_bottom":"","ocean_shortcode_after_footer_bottom":"","ocean_display_top_bar":"default","ocean_display_header":"default","ocean_header_style":"","ocean_center_header_left_menu":"0","ocean_custom_header_template":"0","ocean_custom_logo":0,"ocean_custom_retina_logo":0,"ocean_custom_logo_max_width":0,"ocean_custom_logo_tablet_max_width":0,"ocean_custom_logo_mobile_max_width":0,"ocean_custom_logo_max_height":0,"ocean_custom_logo_tablet_max_height":0,"ocean_custom_logo_mobile_max_height":0,"ocean_header_custom_menu":"0","ocean_menu_typo_font_family":"0","ocean_menu_typo_font_subset":"","ocean_menu_typo_font_size":0,"ocean_menu_typo_font_size_tablet":0,"ocean_menu_typo_font_size_mobile":0,"ocean_menu_typo_font_size_unit":"px","ocean_menu_typo_font_weight":"","ocean_menu_typo_font_weight_tablet":"","ocean_menu_typo_font_weight_mobile":"","ocean_menu_typo_transform":"","ocean_menu_typo_transform_tablet":"","ocean_menu_typo_transform_mobile":"","ocean_menu_typo_line_height":0,"ocean_menu_typo_line_height_tablet":0,"ocean_menu_typo_line_height_mobile":0,"ocean_menu_typo_line_height_unit":"","ocean_menu_typo_spacing":0,"ocean_menu_typo_spacing_tablet":0,"ocean_menu_typo_spacing_mobile":0,"ocean_menu_typo_spacing_unit":"","ocean_menu_link_color":"","ocean_menu_link_color_hover":"","ocean_menu_link_color_active":"","ocean_menu_link_background":"","ocean_menu_link_hover_background":"","ocean_menu_link_active_background":"","ocean_menu_social_links_bg":"","ocean_menu_social_hover_links_bg":"","ocean_menu_social_links_color":"","ocean_menu_social_hover_links_color":"","ocean_disable_title":"default","ocean_disable_heading":"default","ocean_post_title":"","ocean_post_subheading":"","ocean_post_title_style":"","ocean_post_title_background_color":"","ocean_post_title_background":0,"ocean_post_title_bg_image_position":"","ocean_post_title_bg_image_attachment":"","ocean_post_title_bg_image_repeat":"","ocean_post_title_bg_image_size":"","ocean_post_title_height":0,"ocean_post_title_bg_overlay":0.5,"ocean_post_title_bg_overlay_color":"","ocean_disable_breadcrumbs":"default","ocean_breadcrumbs_color":"","ocean_breadcrumbs_separator_color":"","ocean_breadcrumbs_links_color":"","ocean_breadcrumbs_links_hover_color":"","ocean_display_footer_widgets":"default","ocean_display_footer_bottom":"default","ocean_custom_footer_template":"0","ocean_post_oembed":"","ocean_post_self_hosted_media":"","ocean_post_video_embed":"","ocean_link_format":"","ocean_link_format_target":"self","ocean_quote_format":"","ocean_quote_format_link":"post","ocean_gallery_link_images":"on","ocean_gallery_id":[]},"categories":[93],"tags":[138,139,68,95,143,141,85,73,97,98,142,76,94,99,71,67,96,140,79],"yoast_head":"<!-- This site is optimized with the Yoast SEO plugin v19.5.1 - https:\/\/yoast.com\/wordpress\/plugins\/seo\/ -->\n<title>Aktualizacja komentarza do numerycznych prognoz pogody (6\/7.05.2023) - Laboratorium Modelowania Meteorologicznego CMOK IMGW-PIB<\/title>\n<meta name=\"description\" content=\"Komentarz do numerycznych prognoz pogody opracowany w Centrum Modelowania Meteorologicznego IMGW-PIB.\" \/>\n<meta name=\"robots\" content=\"index, follow, max-snippet:-1, max-image-preview:large, max-video-preview:-1\" \/>\n<link rel=\"canonical\" href=\"https:\/\/cmm.imgw.pl\/?p=28833\" \/>\n<meta property=\"og:locale\" content=\"pl_PL\" \/>\n<meta property=\"og:type\" content=\"article\" \/>\n<meta property=\"og:title\" content=\"Komentarz do numerycznych prognoz pogody (6\/7.05.2023)\" \/>\n<meta property=\"og:description\" content=\"Komentarz do numerycznych prognoz pogody opracowany w Centrum Modelowania Meteorologicznego IMGW-PIB\" \/>\n<meta property=\"og:url\" content=\"https:\/\/cmm.imgw.pl\/?p=28833\" \/>\n<meta property=\"og:site_name\" content=\"Laboratorium Modelowania Meteorologicznego CMOK IMGW-PIB\" \/>\n<meta property=\"article:publisher\" content=\"https:\/\/www.facebook.com\/Meteoimgw\/\" \/>\n<meta property=\"article:published_time\" content=\"2023-05-06T13:26:05+00:00\" \/>\n<meta property=\"article:modified_time\" content=\"2023-05-06T13:26:09+00:00\" \/>\n<meta property=\"og:image\" content=\"http:\/\/cmm.imgw.pl\/wp-content\/uploads\/2023\/02\/komentarz4.png\" \/>\n\t<meta property=\"og:image:width\" content=\"1280\" \/>\n\t<meta property=\"og:image:height\" content=\"720\" \/>\n\t<meta property=\"og:image:type\" content=\"image\/png\" \/>\n<meta name=\"author\" content=\"CMM\" \/>\n<meta name=\"twitter:card\" content=\"summary_large_image\" \/>\n<meta name=\"twitter:title\" content=\"Komentarz do numerycznych prognoz pogody (6\/7.05.2023)\" \/>\n<meta name=\"twitter:description\" content=\"Komentarz do numerycznych prognoz pogody opracowany w Centrum Modelowania Meteorologicznego IMGW-PIB\" \/>\n<meta name=\"twitter:image\" content=\"https:\/\/cmm.imgw.pl\/wp-content\/uploads\/2023\/02\/komentarz4.png\" \/>\n<meta name=\"twitter:creator\" content=\"@IMGW_CMM\" \/>\n<meta name=\"twitter:site\" content=\"@IMGW_CMM\" \/>\n<meta name=\"twitter:label1\" content=\"Napisane przez\" \/>\n\t<meta name=\"twitter:data1\" content=\"CMM\" \/>\n\t<meta name=\"twitter:label2\" content=\"Szacowany czas czytania\" \/>\n\t<meta name=\"twitter:data2\" content=\"26 minut\" \/>\n<script type=\"application\/ld+json\" class=\"yoast-schema-graph\">{\"@context\":\"https:\/\/schema.org\",\"@graph\":[{\"@type\":\"Article\",\"@id\":\"https:\/\/cmm.imgw.pl\/?p=28833#article\",\"isPartOf\":{\"@id\":\"https:\/\/cmm.imgw.pl\/?p=28833\"},\"author\":{\"name\":\"CMM\",\"@id\":\"https:\/\/cmm.imgw.pl\/#\/schema\/person\/a24a37fe434fe76b0f5791e6bd3fdb46\"},\"headline\":\"Aktualizacja komentarza do numerycznych prognoz pogody (6\/7.05.2023)\",\"datePublished\":\"2023-05-06T13:26:05+00:00\",\"dateModified\":\"2023-05-06T13:26:09+00:00\",\"mainEntityOfPage\":{\"@id\":\"https:\/\/cmm.imgw.pl\/?p=28833\"},\"wordCount\":644,\"publisher\":{\"@id\":\"https:\/\/cmm.imgw.pl\/#organization\"},\"keywords\":[\"alaro\",\"arome\",\"cmm\",\"Cosmo\",\"DWD\",\"Grzegorz Duniec\",\"imgw\",\"klimat\",\"komentarz\",\"komentarz pogodowy\",\"MERGE\",\"meteorologia\",\"NMP\",\"NPP\",\"pogoda\",\"prognoza\",\"prognoza pogody\",\"wrf\",\"zima\"],\"articleSection\":[\"Komentarz\"],\"inLanguage\":\"pl-PL\"},{\"@type\":\"WebPage\",\"@id\":\"https:\/\/cmm.imgw.pl\/?p=28833\",\"url\":\"https:\/\/cmm.imgw.pl\/?p=28833\",\"name\":\"Aktualizacja komentarza do numerycznych prognoz pogody (6\/7.05.2023) - Laboratorium Modelowania Meteorologicznego CMOK IMGW-PIB\",\"isPartOf\":{\"@id\":\"https:\/\/cmm.imgw.pl\/#website\"},\"datePublished\":\"2023-05-06T13:26:05+00:00\",\"dateModified\":\"2023-05-06T13:26:09+00:00\",\"description\":\"Komentarz do numerycznych prognoz pogody opracowany w Centrum Modelowania Meteorologicznego IMGW-PIB.\",\"breadcrumb\":{\"@id\":\"https:\/\/cmm.imgw.pl\/?p=28833#breadcrumb\"},\"inLanguage\":\"pl-PL\",\"potentialAction\":[{\"@type\":\"ReadAction\",\"target\":[\"https:\/\/cmm.imgw.pl\/?p=28833\"]}]},{\"@type\":\"BreadcrumbList\",\"@id\":\"https:\/\/cmm.imgw.pl\/?p=28833#breadcrumb\",\"itemListElement\":[{\"@type\":\"ListItem\",\"position\":1,\"name\":\"Home\",\"item\":\"https:\/\/cmm.imgw.pl\/\"},{\"@type\":\"ListItem\",\"position\":2,\"name\":\"Aktualizacja komentarza do numerycznych prognoz pogody (6\/7.05.2023)\"}]},{\"@type\":\"WebSite\",\"@id\":\"https:\/\/cmm.imgw.pl\/#website\",\"url\":\"https:\/\/cmm.imgw.pl\/\",\"name\":\"Laboratorium Modelowania Meteorologicznego CMOK IMGW-PIB\",\"description\":\"CMOK-LMM Laboratorium pe\u0142ni pa\u0144stwow\u0105 s\u0142u\u017cb\u0119 hydrologiczno-meteorologiczn\u0105 w zakresie numerycznych prognoz pogody, kt\u00f3rego zadaniem jest konsolidacja kompetencji w obszarze modelowania zjawisk pogodowych oraz dalszego rozwoju numerycznych modeli pogody (NMP).\",\"publisher\":{\"@id\":\"https:\/\/cmm.imgw.pl\/#organization\"},\"potentialAction\":[{\"@type\":\"SearchAction\",\"target\":{\"@type\":\"EntryPoint\",\"urlTemplate\":\"https:\/\/cmm.imgw.pl\/?s={search_term_string}\"},\"query-input\":\"required name=search_term_string\"}],\"inLanguage\":\"pl-PL\"},{\"@type\":\"Organization\",\"@id\":\"https:\/\/cmm.imgw.pl\/#organization\",\"name\":\"Laboratorium Modelowania Meteorologicznego CMOK IMGW-PIB\",\"url\":\"https:\/\/cmm.imgw.pl\/\",\"sameAs\":[\"https:\/\/www.facebook.com\/Meteoimgw\/\",\"https:\/\/twitter.com\/IMGW_CMM\"],\"logo\":{\"@type\":\"ImageObject\",\"inLanguage\":\"pl-PL\",\"@id\":\"https:\/\/cmm.imgw.pl\/#\/schema\/logo\/image\/\",\"url\":\"https:\/\/cmm.imgw.pl\/wp-content\/uploads\/2025\/10\/MODELE_LOGO_UNIFIKACJA_v2.png\",\"contentUrl\":\"https:\/\/cmm.imgw.pl\/wp-content\/uploads\/2025\/10\/MODELE_LOGO_UNIFIKACJA_v2.png\",\"width\":1356,\"height\":365,\"caption\":\"Laboratorium Modelowania Meteorologicznego CMOK IMGW-PIB\"},\"image\":{\"@id\":\"https:\/\/cmm.imgw.pl\/#\/schema\/logo\/image\/\"}},{\"@type\":\"Person\",\"@id\":\"https:\/\/cmm.imgw.pl\/#\/schema\/person\/a24a37fe434fe76b0f5791e6bd3fdb46\",\"name\":\"CMM\",\"image\":{\"@type\":\"ImageObject\",\"inLanguage\":\"pl-PL\",\"@id\":\"https:\/\/cmm.imgw.pl\/#\/schema\/person\/image\/\",\"url\":\"https:\/\/secure.gravatar.com\/avatar\/9248ea2273711f1cd09d6bd45867dbfb?s=96&d=blank&r=g\",\"contentUrl\":\"https:\/\/secure.gravatar.com\/avatar\/9248ea2273711f1cd09d6bd45867dbfb?s=96&d=blank&r=g\",\"caption\":\"CMM\"},\"sameAs\":[\"http:\/\/cmm.imgw.pl\"],\"url\":\"https:\/\/cmm.imgw.pl\/?author=3\"}]}<\/script>\n<!-- \/ Yoast SEO plugin. -->","yoast_head_json":{"title":"Aktualizacja komentarza do numerycznych prognoz pogody (6\/7.05.2023) - Laboratorium Modelowania Meteorologicznego CMOK IMGW-PIB","description":"Komentarz do numerycznych prognoz pogody opracowany w Centrum Modelowania Meteorologicznego IMGW-PIB.","robots":{"index":"index","follow":"follow","max-snippet":"max-snippet:-1","max-image-preview":"max-image-preview:large","max-video-preview":"max-video-preview:-1"},"canonical":"https:\/\/cmm.imgw.pl\/?p=28833","og_locale":"pl_PL","og_type":"article","og_title":"Komentarz do numerycznych prognoz pogody (6\/7.05.2023)","og_description":"Komentarz do numerycznych prognoz pogody opracowany w Centrum Modelowania Meteorologicznego IMGW-PIB","og_url":"https:\/\/cmm.imgw.pl\/?p=28833","og_site_name":"Laboratorium Modelowania Meteorologicznego CMOK IMGW-PIB","article_publisher":"https:\/\/www.facebook.com\/Meteoimgw\/","article_published_time":"2023-05-06T13:26:05+00:00","article_modified_time":"2023-05-06T13:26:09+00:00","og_image":[{"width":1280,"height":720,"url":"http:\/\/cmm.imgw.pl\/wp-content\/uploads\/2023\/02\/komentarz4.png","type":"image\/png"}],"author":"CMM","twitter_card":"summary_large_image","twitter_title":"Komentarz do numerycznych prognoz pogody (6\/7.05.2023)","twitter_description":"Komentarz do numerycznych prognoz pogody opracowany w Centrum Modelowania Meteorologicznego IMGW-PIB","twitter_image":"https:\/\/cmm.imgw.pl\/wp-content\/uploads\/2023\/02\/komentarz4.png","twitter_creator":"@IMGW_CMM","twitter_site":"@IMGW_CMM","twitter_misc":{"Napisane przez":"CMM","Szacowany czas czytania":"26 minut"},"schema":{"@context":"https:\/\/schema.org","@graph":[{"@type":"Article","@id":"https:\/\/cmm.imgw.pl\/?p=28833#article","isPartOf":{"@id":"https:\/\/cmm.imgw.pl\/?p=28833"},"author":{"name":"CMM","@id":"https:\/\/cmm.imgw.pl\/#\/schema\/person\/a24a37fe434fe76b0f5791e6bd3fdb46"},"headline":"Aktualizacja komentarza do numerycznych prognoz pogody (6\/7.05.2023)","datePublished":"2023-05-06T13:26:05+00:00","dateModified":"2023-05-06T13:26:09+00:00","mainEntityOfPage":{"@id":"https:\/\/cmm.imgw.pl\/?p=28833"},"wordCount":644,"publisher":{"@id":"https:\/\/cmm.imgw.pl\/#organization"},"keywords":["alaro","arome","cmm","Cosmo","DWD","Grzegorz Duniec","imgw","klimat","komentarz","komentarz pogodowy","MERGE","meteorologia","NMP","NPP","pogoda","prognoza","prognoza pogody","wrf","zima"],"articleSection":["Komentarz"],"inLanguage":"pl-PL"},{"@type":"WebPage","@id":"https:\/\/cmm.imgw.pl\/?p=28833","url":"https:\/\/cmm.imgw.pl\/?p=28833","name":"Aktualizacja komentarza do numerycznych prognoz pogody (6\/7.05.2023) - Laboratorium Modelowania Meteorologicznego CMOK IMGW-PIB","isPartOf":{"@id":"https:\/\/cmm.imgw.pl\/#website"},"datePublished":"2023-05-06T13:26:05+00:00","dateModified":"2023-05-06T13:26:09+00:00","description":"Komentarz do numerycznych prognoz pogody opracowany w Centrum Modelowania Meteorologicznego IMGW-PIB.","breadcrumb":{"@id":"https:\/\/cmm.imgw.pl\/?p=28833#breadcrumb"},"inLanguage":"pl-PL","potentialAction":[{"@type":"ReadAction","target":["https:\/\/cmm.imgw.pl\/?p=28833"]}]},{"@type":"BreadcrumbList","@id":"https:\/\/cmm.imgw.pl\/?p=28833#breadcrumb","itemListElement":[{"@type":"ListItem","position":1,"name":"Home","item":"https:\/\/cmm.imgw.pl\/"},{"@type":"ListItem","position":2,"name":"Aktualizacja komentarza do numerycznych prognoz pogody (6\/7.05.2023)"}]},{"@type":"WebSite","@id":"https:\/\/cmm.imgw.pl\/#website","url":"https:\/\/cmm.imgw.pl\/","name":"Laboratorium Modelowania Meteorologicznego CMOK IMGW-PIB","description":"CMOK-LMM Laboratorium pe\u0142ni pa\u0144stwow\u0105 s\u0142u\u017cb\u0119 hydrologiczno-meteorologiczn\u0105 w zakresie numerycznych prognoz pogody, kt\u00f3rego zadaniem jest konsolidacja kompetencji w obszarze modelowania zjawisk pogodowych oraz dalszego rozwoju numerycznych modeli pogody (NMP).","publisher":{"@id":"https:\/\/cmm.imgw.pl\/#organization"},"potentialAction":[{"@type":"SearchAction","target":{"@type":"EntryPoint","urlTemplate":"https:\/\/cmm.imgw.pl\/?s={search_term_string}"},"query-input":"required name=search_term_string"}],"inLanguage":"pl-PL"},{"@type":"Organization","@id":"https:\/\/cmm.imgw.pl\/#organization","name":"Laboratorium Modelowania Meteorologicznego CMOK IMGW-PIB","url":"https:\/\/cmm.imgw.pl\/","sameAs":["https:\/\/www.facebook.com\/Meteoimgw\/","https:\/\/twitter.com\/IMGW_CMM"],"logo":{"@type":"ImageObject","inLanguage":"pl-PL","@id":"https:\/\/cmm.imgw.pl\/#\/schema\/logo\/image\/","url":"https:\/\/cmm.imgw.pl\/wp-content\/uploads\/2025\/10\/MODELE_LOGO_UNIFIKACJA_v2.png","contentUrl":"https:\/\/cmm.imgw.pl\/wp-content\/uploads\/2025\/10\/MODELE_LOGO_UNIFIKACJA_v2.png","width":1356,"height":365,"caption":"Laboratorium Modelowania Meteorologicznego CMOK IMGW-PIB"},"image":{"@id":"https:\/\/cmm.imgw.pl\/#\/schema\/logo\/image\/"}},{"@type":"Person","@id":"https:\/\/cmm.imgw.pl\/#\/schema\/person\/a24a37fe434fe76b0f5791e6bd3fdb46","name":"CMM","image":{"@type":"ImageObject","inLanguage":"pl-PL","@id":"https:\/\/cmm.imgw.pl\/#\/schema\/person\/image\/","url":"https:\/\/secure.gravatar.com\/avatar\/9248ea2273711f1cd09d6bd45867dbfb?s=96&d=blank&r=g","contentUrl":"https:\/\/secure.gravatar.com\/avatar\/9248ea2273711f1cd09d6bd45867dbfb?s=96&d=blank&r=g","caption":"CMM"},"sameAs":["http:\/\/cmm.imgw.pl"],"url":"https:\/\/cmm.imgw.pl\/?author=3"}]}},"_links":{"self":[{"href":"https:\/\/cmm.imgw.pl\/index.php?rest_route=\/wp\/v2\/posts\/28833"}],"collection":[{"href":"https:\/\/cmm.imgw.pl\/index.php?rest_route=\/wp\/v2\/posts"}],"about":[{"href":"https:\/\/cmm.imgw.pl\/index.php?rest_route=\/wp\/v2\/types\/post"}],"author":[{"embeddable":true,"href":"https:\/\/cmm.imgw.pl\/index.php?rest_route=\/wp\/v2\/users\/3"}],"replies":[{"embeddable":true,"href":"https:\/\/cmm.imgw.pl\/index.php?rest_route=%2Fwp%2Fv2%2Fcomments&post=28833"}],"version-history":[{"count":1,"href":"https:\/\/cmm.imgw.pl\/index.php?rest_route=\/wp\/v2\/posts\/28833\/revisions"}],"predecessor-version":[{"id":28893,"href":"https:\/\/cmm.imgw.pl\/index.php?rest_route=\/wp\/v2\/posts\/28833\/revisions\/28893"}],"wp:attachment":[{"href":"https:\/\/cmm.imgw.pl\/index.php?rest_route=%2Fwp%2Fv2%2Fmedia&parent=28833"}],"wp:term":[{"taxonomy":"category","embeddable":true,"href":"https:\/\/cmm.imgw.pl\/index.php?rest_route=%2Fwp%2Fv2%2Fcategories&post=28833"},{"taxonomy":"post_tag","embeddable":true,"href":"https:\/\/cmm.imgw.pl\/index.php?rest_route=%2Fwp%2Fv2%2Ftags&post=28833"}],"curies":[{"name":"wp","href":"https:\/\/api.w.org\/{rel}","templated":true}]}}