{"id":28085,"date":"2023-04-28T06:28:41","date_gmt":"2023-04-28T04:28:41","guid":{"rendered":"https:\/\/cmm.imgw.pl\/?p=28085"},"modified":"2023-04-28T17:48:57","modified_gmt":"2023-04-28T15:48:57","slug":"komentarz-do-numerycznych-prognoz-pogody-28-29-04-2023","status":"publish","type":"post","link":"https:\/\/cmm.imgw.pl\/?p=28085","title":{"rendered":"Komentarz do numerycznych prognoz pogody (28\/29.04.2023)"},"content":{"rendered":"\n<figure class=\"wp-block-image size-large\"><img loading=\"lazy\" width=\"1024\" height=\"576\" src=\"https:\/\/cmm.imgw.pl\/wp-content\/uploads\/2023\/03\/komentarz4-1-1024x576.png\" alt=\"\" class=\"wp-image-23617\" srcset=\"https:\/\/cmm.imgw.pl\/wp-content\/uploads\/2023\/03\/komentarz4-1-1024x576.png 1024w, https:\/\/cmm.imgw.pl\/wp-content\/uploads\/2023\/03\/komentarz4-1-300x169.png 300w, https:\/\/cmm.imgw.pl\/wp-content\/uploads\/2023\/03\/komentarz4-1-768x432.png 768w, https:\/\/cmm.imgw.pl\/wp-content\/uploads\/2023\/03\/komentarz4-1-800x450.png 800w, https:\/\/cmm.imgw.pl\/wp-content\/uploads\/2023\/03\/komentarz4-1.png 1280w\" sizes=\"(max-width: 1024px) 100vw, 1024px\" \/><\/figure>\n\n\n\n<p><em>Tre\u015b\u0107 komentarza do numerycznych prognoz meteorologicznych stanowi niezale\u017cne od biura prognoz meteorologicznych opracowanie wykonane w Centrum Modelowania Meteorologicznego i nie stanowi oficjalnej prognozy synoptycznej IMGW-PIB.<\/em><\/p>\n\n\n\n<p><strong>Opracowanie:<\/strong><\/p>\n\n\n\n<p><strong>dr&nbsp;Grzegorz&nbsp;Duniec, <a href=\"https:\/\/cmm.imgw.pl\/\" target=\"_blank\" rel=\"noreferrer noopener\"><mark style=\"background-color:rgba(0, 0, 0, 0)\" class=\"has-inline-color has-vivid-cyan-blue-color\">Centrum Modelowania Meteorologicznego IMGW-PIB<\/mark><\/a><\/strong><\/p>\n\n\n<p><a id=\"post-28085-_Hlk132988441\"><\/a><strong>Komentarz nr XLIX\/2023 do numerycznych prognoz meteorologicznych &#8211;<\/strong><\/p>\n<p><strong>dzie\u0144 28 oraz noc 28\/29 IV 2023 r.<\/strong><\/p>\n<p><strong>Opis sytuacji synoptycznej w Europie z godziny 18 UTC, 27 IV 2023 roku<\/strong><\/p>\n<p><img loading=\"lazy\" width=\"1385\" height=\"983\" class=\"wp-image-28086 aligncenter\" src=\"http:\/\/cmm.imgw.pl\/wp-content\/uploads\/2023\/04\/word-image-28085-1.png\" srcset=\"https:\/\/cmm.imgw.pl\/wp-content\/uploads\/2023\/04\/word-image-28085-1.png 1385w, https:\/\/cmm.imgw.pl\/wp-content\/uploads\/2023\/04\/word-image-28085-1-300x213.png 300w, https:\/\/cmm.imgw.pl\/wp-content\/uploads\/2023\/04\/word-image-28085-1-1024x727.png 1024w, https:\/\/cmm.imgw.pl\/wp-content\/uploads\/2023\/04\/word-image-28085-1-768x545.png 768w\" sizes=\"(max-width: 1385px) 100vw, 1385px\" \/><\/p>\n<p><img loading=\"lazy\" width=\"1071\" height=\"759\" class=\"wp-image-28087 aligncenter\" src=\"http:\/\/cmm.imgw.pl\/wp-content\/uploads\/2023\/04\/word-image-28085-2.gif\" \/><\/p>\n<p>Pogod\u0119 w Polsce zacz\u0105\u0142 kszta\u0142towa\u0107 uk\u0142ad wysokiego ci\u015bnienia, z o\u015brodkiem 1022 hPa nad po\u0142udniow\u0105 Polsk\u0105. Uk\u0142ad wysokiego ci\u015bnienia obejmuje \u015brodkow\u0105 Europ\u0119 i klinem si\u0119ga po Ba\u0142kany. Nad Morzem Barentsa rozbudowa\u0142 si\u0119 wy\u017c. O\u015brodek ni\u017cowy znad Szwecji przemie\u015bci\u0142 si\u0119 nad Morze Norweskie i jest w stadium okludowania. Z punktu zwarcia przez Skandynawi\u0119, Europ\u0119 wschodni\u0105, Morze Czarne, po Morze \u015ar\u00f3dziemne rozci\u0105ga si\u0119 rozleg\u0142y pofalowany front. W rejonie P\u0142w. Azji Mniejszej dosz\u0142o do deformacji falowej i utworzenia p\u0142ytkiego wiru cyklonicznego z o\u015brodkiem 1008 hPa, kt\u00f3ry jest w fazie okludowania i wype\u0142niania. Nad Grenlandi\u0105 nadal znajduje si\u0119 wy\u017c. Nad Atlantykiem znajduje si\u0119 wir cykloniczny o \u015bredniej g\u0142\u0119boko\u015bci, z o\u015brodkiem 985 hPa. We wschodnim jego obszarze znajduje si\u0119 drugi p\u0142ytki wir z o\u015brodkiem 1005 hPa nad Wyspami Brytyjskimi. Nad P\u0142w. Iberyjskim utworzy\u0142 si\u0119 p\u0142ytki ni\u017c termiczny. Nad p\u00f3\u0142nocno zachodni\u0105 Rosj\u0105 zalega p\u0142ytki ni\u017c z uk\u0142adem front\u00f3w atmosferycznych.<\/p>\n<p><strong>Analiza g\u00f3rnego pola ci\u015bnienia z dnia 27 IV 2023 roku, godzina 00\/12 UTC<\/strong><\/p>\n<p><img loading=\"lazy\" width=\"1220\" height=\"1542\" class=\"wp-image-28088 aligncenter\" src=\"http:\/\/cmm.imgw.pl\/wp-content\/uploads\/2023\/04\/word-image-28085-3.gif\" \/> <img loading=\"lazy\" width=\"1220\" height=\"1542\" class=\"wp-image-28089 aligncenter\" src=\"http:\/\/cmm.imgw.pl\/wp-content\/uploads\/2023\/04\/word-image-28085-4.gif\" \/> <img loading=\"lazy\" width=\"1220\" height=\"1542\" class=\"wp-image-28090 aligncenter\" src=\"http:\/\/cmm.imgw.pl\/wp-content\/uploads\/2023\/04\/word-image-28085-5.gif\" \/> <img loading=\"lazy\" width=\"1220\" height=\"1542\" class=\"wp-image-28091 aligncenter\" src=\"http:\/\/cmm.imgw.pl\/wp-content\/uploads\/2023\/04\/word-image-28085-6.gif\" \/> <img loading=\"lazy\" width=\"1221\" height=\"1545\" class=\"wp-image-28092 aligncenter\" src=\"http:\/\/cmm.imgw.pl\/wp-content\/uploads\/2023\/04\/word-image-28085-7.gif\" \/> <img loading=\"lazy\" width=\"1221\" height=\"1545\" class=\"wp-image-28093 aligncenter\" src=\"http:\/\/cmm.imgw.pl\/wp-content\/uploads\/2023\/04\/word-image-28085-8.gif\" \/><\/p>\n<p>Ni\u017c znad Morza Norweskiego jest uk\u0142adem wysokim. Do poziomu 300 hPa wyst\u0119puje zamkni\u0119ta cyrkulacja cykloniczna. Na poziomie 500 hPa jest to o\u015brodek dwucentrowy, w obr\u0119bie jednej zamkni\u0119tej izohipsy wyst\u0119puj\u0105 dwa mniejsze wiry. Nad Atlantykiem nadal zalega wysoki uk\u0142ad niskiego ci\u015bnienia z zamkni\u0119t\u0105 cyrkulacj\u0105 cykloniczn\u0105 a\u017c do poziomu 300 hPa. W obszarze domeny mapy, w rejonie Morza Karskiego, na poziomach 850-300 hPa widoczna cyrkulacja cykloniczna. Prawdopodobnie ni\u017c przyziemny poza domen\u0105 dolnej mapy synoptycznej. Nad Europ\u0105 zachodni\u0105 i po\u0142udniowo zachodni\u0105 izohipsy gi\u0119te na kszta\u0142t klina. Nad Europ\u0105 SSE a\u017c po Morze Egejskie izohipsy gi\u0119te na kszta\u0142t zatoki. Wy\u017c znad Morza Barentsa jest uk\u0142adem \u015brednim. Zamkni\u0119ta cyrkulacja antycykloniczna a\u017c do poziomu 500 hPa. Wy\u017cej izohipsy gi\u0119te na kszta\u0142t klina.<\/p>\n<p><strong>Analiza g\u00f3rnego pola wiatru<\/strong><\/p>\n<p><img loading=\"lazy\" width=\"2156\" height=\"1728\" class=\"wp-image-28094 aligncenter\" src=\"http:\/\/cmm.imgw.pl\/wp-content\/uploads\/2023\/04\/word-image-28085-9.png\" srcset=\"https:\/\/cmm.imgw.pl\/wp-content\/uploads\/2023\/04\/word-image-28085-9.png 2156w, https:\/\/cmm.imgw.pl\/wp-content\/uploads\/2023\/04\/word-image-28085-9-300x240.png 300w, https:\/\/cmm.imgw.pl\/wp-content\/uploads\/2023\/04\/word-image-28085-9-1024x821.png 1024w, https:\/\/cmm.imgw.pl\/wp-content\/uploads\/2023\/04\/word-image-28085-9-768x616.png 768w, https:\/\/cmm.imgw.pl\/wp-content\/uploads\/2023\/04\/word-image-28085-9-1536x1231.png 1536w, https:\/\/cmm.imgw.pl\/wp-content\/uploads\/2023\/04\/word-image-28085-9-2048x1641.png 2048w\" sizes=\"(max-width: 2156px) 100vw, 2156px\" \/><\/p>\n<p>Nad Skandynawi\u0105 i Morzem Norweskim, na wysoko\u015bci FL270, zalega pr\u0105d strumieniowy z maksymaln\u0105 pr\u0119dko\u015bci\u0105 w osi pr\u0105du 45 m\/s. Od Morza P\u00f3\u0142nocnego, przez Dani\u0119, Niemcy, a\u017c po Morze Adriatyckie i Morze \u015ar\u00f3dziemne, na wysoko\u015bci FL310, zalega pr\u0105d strumieniowy z maksymaln\u0105 pr\u0119dko\u015bci\u0105 w osi pr\u0105du 45-55 m\/s. Nad Atlantykiem przez Wyspy Brytyjskie a\u017c po Niemcy znajduje si\u0119 pr\u0105d strumieniowy, na wysoko\u015bci FL360, z maksymaln\u0105 pr\u0119dko\u015bci\u0105 w osi pr\u0105du 50-60 m\/s. Pionowy zasi\u0119g pr\u0105du obejmuje obszar FL240\/400.<\/p>\n<p><img loading=\"lazy\" width=\"600\" height=\"640\" class=\"wp-image-28095 aligncenter\" src=\"http:\/\/cmm.imgw.pl\/wp-content\/uploads\/2023\/04\/word-image-28085-10.png\" srcset=\"https:\/\/cmm.imgw.pl\/wp-content\/uploads\/2023\/04\/word-image-28085-10.png 600w, https:\/\/cmm.imgw.pl\/wp-content\/uploads\/2023\/04\/word-image-28085-10-281x300.png 281w\" sizes=\"(max-width: 600px) 100vw, 600px\" \/><\/p>\n<p>Z symulacji numerycznych na godzin\u0119 18 UTC (27 IV 2023 roku) wynika, \u017ce zachodni obszar Polski, powinien by\u0107 w zasi\u0119gu pr\u0105du strumieniowego. Na wysoko\u015bci 300 hPa pr\u0119dko\u015b\u0107 wiatru powinna osi\u0105ga\u0107 warto\u015b\u0107 45 m\/s.<\/p>\n<p><strong>Tropopauza<\/strong><\/p>\n<p>Nad Morzem Norweskim zalega ni\u017c tropopauzy (tropopauza wykazuje w tym rejonie obni\u017cenie i znajduje si\u0119 na wysoko\u015bci FL210). Wysoko\u015b\u0107 tropopauzy nad Polsk\u0105 FL300\/350.<\/p>\n<p><strong>Analiza termiczna troposfery<\/strong><\/p>\n<p><img loading=\"lazy\" width=\"634\" height=\"490\" class=\"wp-image-28096 aligncenter\" src=\"http:\/\/cmm.imgw.pl\/wp-content\/uploads\/2023\/04\/thck-500-1000hpa-gfs-czw-27-04-2023-21-utc.gif\" alt=\"Thck 500-1000hPa GFS czw. 27.04.2023 21 UTC\" \/> <img loading=\"lazy\" width=\"634\" height=\"490\" class=\"wp-image-28097 aligncenter\" src=\"http:\/\/cmm.imgw.pl\/wp-content\/uploads\/2023\/04\/theta-w-850hpa-gfs-czw-27-04-2023-21-utc.gif\" alt=\"Theta-W 850hPa GFS czw. 27.04.2023 21 UTC\" \/><\/p>\n<p>Morze Barentsa, Morze Norweskie, po\u0142udniowa Skandynawia, Ba\u0142tyk, Polska w zasi\u0119gu powietrza arktycznego morskiego. P\u0142w. Iberyjski w zasi\u0119gu powietrza zwrotnikowego. Pozosta\u0142y obszar Europy w zasi\u0119gu powietrza polarno-morskiego.<\/p>\n<p><img loading=\"lazy\" width=\"600\" height=\"640\" class=\"wp-image-28098 aligncenter\" src=\"http:\/\/cmm.imgw.pl\/wp-content\/uploads\/2023\/04\/word-image-28085-13.png\" srcset=\"https:\/\/cmm.imgw.pl\/wp-content\/uploads\/2023\/04\/word-image-28085-13.png 600w, https:\/\/cmm.imgw.pl\/wp-content\/uploads\/2023\/04\/word-image-28085-13-281x300.png 281w\" sizes=\"(max-width: 600px) 100vw, 600px\" \/> <img loading=\"lazy\" width=\"600\" height=\"640\" class=\"wp-image-28099 aligncenter\" src=\"http:\/\/cmm.imgw.pl\/wp-content\/uploads\/2023\/04\/word-image-28085-14.png\" srcset=\"https:\/\/cmm.imgw.pl\/wp-content\/uploads\/2023\/04\/word-image-28085-14.png 600w, https:\/\/cmm.imgw.pl\/wp-content\/uploads\/2023\/04\/word-image-28085-14-281x300.png 281w\" sizes=\"(max-width: 600px) 100vw, 600px\" \/> <img loading=\"lazy\" width=\"556\" height=\"497\" class=\"wp-image-28100 aligncenter\" src=\"http:\/\/cmm.imgw.pl\/wp-content\/uploads\/2023\/04\/word-image-28085-15.png\" srcset=\"https:\/\/cmm.imgw.pl\/wp-content\/uploads\/2023\/04\/word-image-28085-15.png 556w, https:\/\/cmm.imgw.pl\/wp-content\/uploads\/2023\/04\/word-image-28085-15-300x268.png 300w\" sizes=\"(max-width: 556px) 100vw, 556px\" \/> <img loading=\"lazy\" width=\"558\" height=\"497\" class=\"wp-image-28101 aligncenter\" src=\"http:\/\/cmm.imgw.pl\/wp-content\/uploads\/2023\/04\/word-image-28085-16.png\" srcset=\"https:\/\/cmm.imgw.pl\/wp-content\/uploads\/2023\/04\/word-image-28085-16.png 558w, https:\/\/cmm.imgw.pl\/wp-content\/uploads\/2023\/04\/word-image-28085-16-300x267.png 300w\" sizes=\"(max-width: 558px) 100vw, 558px\" \/><\/p>\n<p>Nad Polsk\u0105 przemieszcza si\u0119 zatoka ch\u0142odu. Izotermy na wysoko\u015bci 700 hPa oraz 500 hPa gi\u0119te na kszta\u0142t zatoki. Obecnie o\u015b zatoki znajduje si\u0119 nad Polsk\u0105 wschodni\u0105. Ujemny k\u0105t adwekcji nad zachodni\u0105 Polski wskazuje na adwekcj\u0119 ciep\u0142a. Nad Polsk\u0105 zalega powietrza arktyczno morskie stare. Na p\u00f3\u0142nocy kraju \u015brednia temperatura warstwy jest najni\u017csza i wzrasta w kierunku po\u0142udniowym.<\/p>\n<p><strong>Rozw\u00f3j sytuacji barycznej nad Europ\u0105 <\/strong><\/p>\n<p><img loading=\"lazy\" width=\"1075\" height=\"764\" class=\"wp-image-28102 aligncenter\" src=\"http:\/\/cmm.imgw.pl\/wp-content\/uploads\/2023\/04\/word-image-28085-17.gif\" \/> <img loading=\"lazy\" width=\"1075\" height=\"764\" class=\"wp-image-28103 aligncenter\" src=\"http:\/\/cmm.imgw.pl\/wp-content\/uploads\/2023\/04\/word-image-28085-18.gif\" \/><\/p>\n<p>W ci\u0105gu dnia pogod\u0119 w Polsce kszta\u0142towa\u0107 b\u0119dzie wy\u017c, kt\u00f3ry obejmuje swoim zasi\u0119giem Europ\u0119 po\u0142udniow\u0105 oraz Morze \u015ar\u00f3dziemne. Pod wiecz\u00f3r do zachodnich granic zbli\u017cy si\u0119 front ciep\u0142y. W sobot\u0119 powinien ju\u017c kszta\u0142towa\u0107 pogod\u0119 w Polsce. Front b\u0119dzie zwi\u0105zany z p\u0142ytkim ni\u017cem, kt\u00f3ry zalega\u0142 w rejonie Wysp Brytyjskich, a kt\u00f3ry b\u0119dzie przemieszcza\u0142 si\u0119 na wsch\u00f3d. W nocy 28\/29 IV o\u015brodek dotrze w rejon Danii. Nad Atlantykiem nadal zalega\u0107 b\u0119dzie wir cykloniczny \u015bredniej g\u0142\u0119boko\u015bci. Nad p\u00f3\u0142nocn\u0105 Angli\u0105 i Morzem P\u00f3\u0142nocnym w drugiej po\u0142owie doby dojdzie do frontogenezy. Nad Morzem P\u00f3\u0142nocnym zalega\u0107 b\u0119dzie p\u0142ytki ni\u017c z o\u015brodkiem 1010 hPa. Od Morza Norweskiego a\u017c po Morze Czarne znajdowa\u0107 si\u0119 b\u0119dzie rozleg\u0142y front atmosferyczny, kt\u00f3ry b\u0119dzie pofalowany. Nad Morzem Barentsa i Grenlandi\u0105 nadal zalega\u0107 b\u0119d\u0105 uk\u0142ady wysokiego ci\u015bnienia. P\u0142w. Iberyjski powinien by\u0107 w zasi\u0119gu p\u0142ytkiego ni\u017cu termicznego.<\/p>\n<p><strong>Rozw\u00f3j g\u00f3rnego pola ci\u015bnienia<\/strong><\/p>\n<p><img loading=\"lazy\" width=\"696\" height=\"483\" class=\"wp-image-28104 aligncenter\" src=\"http:\/\/cmm.imgw.pl\/wp-content\/uploads\/2023\/04\/word-image-28085-19.png\" srcset=\"https:\/\/cmm.imgw.pl\/wp-content\/uploads\/2023\/04\/word-image-28085-19.png 696w, https:\/\/cmm.imgw.pl\/wp-content\/uploads\/2023\/04\/word-image-28085-19-300x208.png 300w\" sizes=\"(max-width: 696px) 100vw, 696px\" \/> <img loading=\"lazy\" width=\"696\" height=\"485\" class=\"wp-image-28105 aligncenter\" src=\"http:\/\/cmm.imgw.pl\/wp-content\/uploads\/2023\/04\/word-image-28085-20.png\" srcset=\"https:\/\/cmm.imgw.pl\/wp-content\/uploads\/2023\/04\/word-image-28085-20.png 696w, https:\/\/cmm.imgw.pl\/wp-content\/uploads\/2023\/04\/word-image-28085-20-300x209.png 300w\" sizes=\"(max-width: 696px) 100vw, 696px\" \/> <img loading=\"lazy\" width=\"698\" height=\"483\" class=\"wp-image-28106 aligncenter\" src=\"http:\/\/cmm.imgw.pl\/wp-content\/uploads\/2023\/04\/word-image-28085-21.png\" srcset=\"https:\/\/cmm.imgw.pl\/wp-content\/uploads\/2023\/04\/word-image-28085-21.png 698w, https:\/\/cmm.imgw.pl\/wp-content\/uploads\/2023\/04\/word-image-28085-21-300x208.png 300w\" sizes=\"(max-width: 698px) 100vw, 698px\" \/> <img loading=\"lazy\" width=\"696\" height=\"485\" class=\"wp-image-28107 aligncenter\" src=\"http:\/\/cmm.imgw.pl\/wp-content\/uploads\/2023\/04\/word-image-28085-22.png\" srcset=\"https:\/\/cmm.imgw.pl\/wp-content\/uploads\/2023\/04\/word-image-28085-22.png 696w, https:\/\/cmm.imgw.pl\/wp-content\/uploads\/2023\/04\/word-image-28085-22-300x209.png 300w\" sizes=\"(max-width: 696px) 100vw, 696px\" \/> <img loading=\"lazy\" width=\"696\" height=\"484\" class=\"wp-image-28108 aligncenter\" src=\"http:\/\/cmm.imgw.pl\/wp-content\/uploads\/2023\/04\/word-image-28085-23.png\" srcset=\"https:\/\/cmm.imgw.pl\/wp-content\/uploads\/2023\/04\/word-image-28085-23.png 696w, https:\/\/cmm.imgw.pl\/wp-content\/uploads\/2023\/04\/word-image-28085-23-300x209.png 300w\" sizes=\"(max-width: 696px) 100vw, 696px\" \/> <img loading=\"lazy\" width=\"696\" height=\"484\" class=\"wp-image-28109 aligncenter\" src=\"http:\/\/cmm.imgw.pl\/wp-content\/uploads\/2023\/04\/word-image-28085-24.png\" srcset=\"https:\/\/cmm.imgw.pl\/wp-content\/uploads\/2023\/04\/word-image-28085-24.png 696w, https:\/\/cmm.imgw.pl\/wp-content\/uploads\/2023\/04\/word-image-28085-24-300x209.png 300w\" sizes=\"(max-width: 696px) 100vw, 696px\" \/><\/p>\n<p>Nad Atlantykiem nadal znajdowa\u0107 si\u0119 b\u0119dzie wysoki uk\u0142ad niskiego ci\u015bnienia. Na wysoko\u015bci 850 hPa g\u0142\u0119boko\u015b\u0107 wiru zmniejszy si\u0119, czyli b\u0119dzie wype\u0142nia\u0142 si\u0119. Na wysoko\u015bci 500 hPa oraz 300 hPa g\u0142\u0119boko\u015b\u0107 wiru si\u0119 zwi\u0119kszy, czyli b\u0119dzie pog\u0142\u0119bia\u0142 si\u0119. Nad Morzem Norweskim, na wszystkich poziomach, wyst\u0119powa\u0107 b\u0119dzie zamkni\u0119ta cyrkulacja cykloniczna. Na wszystkich poziomach b\u0119dzie przebiega\u0142 proces pog\u0142\u0119biania. Nad Europ\u0105 zachodni\u0105 i cz\u0119\u015bciowo po\u0142udniow\u0105 izohipsy b\u0119d\u0105 gi\u0119te na kszta\u0142t klina. Nad Europ\u0105 po\u0142udniowo wschodni\u0105, na wysoko\u015bci 500 hPa i 300 hPa izohipsy b\u0119d\u0105 gi\u0119te na kszta\u0142t zatoki.<\/p>\n<p><strong>Rozw\u00f3j g\u00f3rnego pola wiatru<\/strong><\/p>\n<p><img loading=\"lazy\" width=\"2156\" height=\"1728\" class=\"wp-image-28110 aligncenter\" src=\"http:\/\/cmm.imgw.pl\/wp-content\/uploads\/2023\/04\/word-image-28085-25.png\" srcset=\"https:\/\/cmm.imgw.pl\/wp-content\/uploads\/2023\/04\/word-image-28085-25.png 2156w, https:\/\/cmm.imgw.pl\/wp-content\/uploads\/2023\/04\/word-image-28085-25-300x240.png 300w, https:\/\/cmm.imgw.pl\/wp-content\/uploads\/2023\/04\/word-image-28085-25-1024x821.png 1024w, https:\/\/cmm.imgw.pl\/wp-content\/uploads\/2023\/04\/word-image-28085-25-768x616.png 768w, https:\/\/cmm.imgw.pl\/wp-content\/uploads\/2023\/04\/word-image-28085-25-1536x1231.png 1536w, https:\/\/cmm.imgw.pl\/wp-content\/uploads\/2023\/04\/word-image-28085-25-2048x1641.png 2048w\" sizes=\"(max-width: 2156px) 100vw, 2156px\" \/> <img loading=\"lazy\" width=\"634\" height=\"490\" class=\"wp-image-28111 aligncenter\" src=\"http:\/\/cmm.imgw.pl\/wp-content\/uploads\/2023\/04\/prad-strumieniowy-gfs-so-29-04-2023-00-utc.gif\" alt=\"Pr\u0105d strumieniowy GFS so. 29.04.2023 00 UTC\" \/> <img loading=\"lazy\" width=\"634\" height=\"490\" class=\"wp-image-28112 aligncenter\" src=\"http:\/\/cmm.imgw.pl\/wp-content\/uploads\/2023\/04\/prad-strumieniowy-gfs-so-29-04-2023-06-utc.gif\" alt=\"Pr\u0105d strumieniowy GFS so. 29.04.2023 06 UTC\" \/><\/p>\n<p>Nad Skandynawi\u0105 i Morzem Norweskim, na wysoko\u015bci FL280, zalega\u0107 b\u0119dzie pr\u0105d strumieniowy z maksymaln\u0105 pr\u0119dko\u015bci\u0105 w osi pr\u0105du 45 m\/s. Nad Europ\u0105 wschodni\u0105 zalega\u0107 b\u0119dzie pr\u0105d strumieniowy, o niewielkich rozmiarach horyzontalnych, na wysoko\u015bci FL310, z maksymaln\u0105 pr\u0119dko\u015bci\u0105 w osi pr\u0105du 45 m\/s. Nad Wyspami Brytyjskimi, Francj\u0105 a\u017c po Morze Jo\u0144skie zalega\u0107 b\u0119dzie, na wysoko\u015bci FL340, pr\u0105d strumieniowy z maksymaln\u0105 pr\u0119dko\u015bci\u0105 w osi pr\u0105du 45-55 m\/s. Nad Azorami i nad Atlantykiem, na wysoko\u015bci FL410, znajdzie si\u0119 pr\u0105d strumieniowy z maksymaln\u0105 pr\u0119dko\u015bci\u0105 w osi pr\u0105du 45-65 m\/s. Pionowy zasi\u0119g pr\u0105du obejmowa\u0107 b\u0119dzie obszar FL310\/510. W ci\u0105gu najbli\u017cszej doby, w rejonie Morza Norweskiego i po\u0142udniowej Skandynawii, utworzy si\u0119 pr\u0105d strumieniowy. Pr\u0105d strumieniowy znad wschodniej Europy przemie\u015bci si\u0119 na p\u00f3\u0142noc, pr\u0119dko\u015b\u0107 wiatru wzro\u015bnie.<\/p>\n<p><img loading=\"lazy\" width=\"600\" height=\"640\" class=\"wp-image-28113 aligncenter\" src=\"http:\/\/cmm.imgw.pl\/wp-content\/uploads\/2023\/04\/word-image-28085-28.png\" srcset=\"https:\/\/cmm.imgw.pl\/wp-content\/uploads\/2023\/04\/word-image-28085-28.png 600w, https:\/\/cmm.imgw.pl\/wp-content\/uploads\/2023\/04\/word-image-28085-28-281x300.png 281w\" sizes=\"(max-width: 600px) 100vw, 600px\" \/> <img loading=\"lazy\" width=\"600\" height=\"640\" class=\"wp-image-28114 aligncenter\" src=\"http:\/\/cmm.imgw.pl\/wp-content\/uploads\/2023\/04\/word-image-28085-29.png\" srcset=\"https:\/\/cmm.imgw.pl\/wp-content\/uploads\/2023\/04\/word-image-28085-29.png 600w, https:\/\/cmm.imgw.pl\/wp-content\/uploads\/2023\/04\/word-image-28085-29-281x300.png 281w\" sizes=\"(max-width: 600px) 100vw, 600px\" \/> <img loading=\"lazy\" width=\"600\" height=\"640\" class=\"wp-image-28115 aligncenter\" src=\"http:\/\/cmm.imgw.pl\/wp-content\/uploads\/2023\/04\/word-image-28085-30.png\" srcset=\"https:\/\/cmm.imgw.pl\/wp-content\/uploads\/2023\/04\/word-image-28085-30.png 600w, https:\/\/cmm.imgw.pl\/wp-content\/uploads\/2023\/04\/word-image-28085-30-281x300.png 281w\" sizes=\"(max-width: 600px) 100vw, 600px\" \/><\/p>\n<p>Pr\u0119dko\u015b\u0107 wiatru, na wysoko\u015bci 9 km, b\u0119dzie s\u0142abn\u0105\u0107.<\/p>\n<p><strong>Rozw\u00f3j warunk\u00f3w termicznych troposfery <\/strong><\/p>\n<p><img loading=\"lazy\" width=\"634\" height=\"490\" class=\"wp-image-28116 aligncenter\" src=\"http:\/\/cmm.imgw.pl\/wp-content\/uploads\/2023\/04\/thck-500-1000hpa-gfs-pt-28-04-2023-12-utc.gif\" alt=\"Thck 500-1000hPa GFS pt. 28.04.2023 12 UTC\" \/> <img loading=\"lazy\" width=\"634\" height=\"490\" class=\"wp-image-28117 aligncenter\" src=\"http:\/\/cmm.imgw.pl\/wp-content\/uploads\/2023\/04\/thck-500-1000hpa-gfs-so-29-04-2023-00-utc.gif\" alt=\"Thck 500-1000hPa GFS so. 29.04.2023 00 UTC\" \/><\/p>\n<p>Rozk\u0142ad mas powietrza nad Europ\u0105 nie ulegnie istotnym zmianom. Powietrza zwrotnikowe zalegaj\u0105ce nad P\u0142w. Iberyjskim obejmie swoim zasi\u0119giem zachodni i centralny rejon Morza \u015ar\u00f3dziemnego.<\/p>\n<p><img loading=\"lazy\" width=\"600\" height=\"640\" class=\"wp-image-28118 aligncenter\" src=\"http:\/\/cmm.imgw.pl\/wp-content\/uploads\/2023\/04\/word-image-28085-33.png\" srcset=\"https:\/\/cmm.imgw.pl\/wp-content\/uploads\/2023\/04\/word-image-28085-33.png 600w, https:\/\/cmm.imgw.pl\/wp-content\/uploads\/2023\/04\/word-image-28085-33-281x300.png 281w\" sizes=\"(max-width: 600px) 100vw, 600px\" \/> <img loading=\"lazy\" width=\"600\" height=\"640\" class=\"wp-image-28119 aligncenter\" src=\"http:\/\/cmm.imgw.pl\/wp-content\/uploads\/2023\/04\/word-image-28085-34.png\" srcset=\"https:\/\/cmm.imgw.pl\/wp-content\/uploads\/2023\/04\/word-image-28085-34.png 600w, https:\/\/cmm.imgw.pl\/wp-content\/uploads\/2023\/04\/word-image-28085-34-281x300.png 281w\" sizes=\"(max-width: 600px) 100vw, 600px\" \/><\/p>\n<p>Nad Polsk\u0105 zalega\u0107 b\u0119dzie ujemny k\u0105t adwekcji co wskazuje na adwekcj\u0119 ciep\u0142a.<\/p>\n<p><img loading=\"lazy\" width=\"600\" height=\"640\" class=\"wp-image-28120 aligncenter\" src=\"http:\/\/cmm.imgw.pl\/wp-content\/uploads\/2023\/04\/word-image-28085-35.png\" srcset=\"https:\/\/cmm.imgw.pl\/wp-content\/uploads\/2023\/04\/word-image-28085-35.png 600w, https:\/\/cmm.imgw.pl\/wp-content\/uploads\/2023\/04\/word-image-28085-35-281x300.png 281w\" sizes=\"(max-width: 600px) 100vw, 600px\" \/> <img loading=\"lazy\" width=\"600\" height=\"640\" class=\"wp-image-28121 aligncenter\" src=\"http:\/\/cmm.imgw.pl\/wp-content\/uploads\/2023\/04\/word-image-28085-36.png\" srcset=\"https:\/\/cmm.imgw.pl\/wp-content\/uploads\/2023\/04\/word-image-28085-36.png 600w, https:\/\/cmm.imgw.pl\/wp-content\/uploads\/2023\/04\/word-image-28085-36-281x300.png 281w\" sizes=\"(max-width: 600px) 100vw, 600px\" \/><\/p>\n<p>Zatoka ch\u0142odu przemie\u015bci si\u0119 na wsch\u00f3d. Od zachodu zacznie nasuwa\u0107 si\u0119 cieplejsza masa powietrza.<\/p>\n<p><strong>Ewolucja pola wilgotno\u015bci w pionowym profilu w troposferze <\/strong><\/p>\n<p><img loading=\"lazy\" width=\"600\" height=\"640\" class=\"wp-image-28122 aligncenter\" src=\"http:\/\/cmm.imgw.pl\/wp-content\/uploads\/2023\/04\/word-image-28085-37.png\" srcset=\"https:\/\/cmm.imgw.pl\/wp-content\/uploads\/2023\/04\/word-image-28085-37.png 600w, https:\/\/cmm.imgw.pl\/wp-content\/uploads\/2023\/04\/word-image-28085-37-281x300.png 281w\" sizes=\"(max-width: 600px) 100vw, 600px\" \/> <img loading=\"lazy\" width=\"600\" height=\"640\" class=\"wp-image-28123 aligncenter\" src=\"http:\/\/cmm.imgw.pl\/wp-content\/uploads\/2023\/04\/word-image-28085-38.png\" srcset=\"https:\/\/cmm.imgw.pl\/wp-content\/uploads\/2023\/04\/word-image-28085-38.png 600w, https:\/\/cmm.imgw.pl\/wp-content\/uploads\/2023\/04\/word-image-28085-38-281x300.png 281w\" sizes=\"(max-width: 600px) 100vw, 600px\" \/><\/p>\n<p>Na wysoko\u015bci 850 hPa, w ci\u0105gu dnia, wilgotno\u015b\u0107 b\u0119dzie na poziomie 60-80 %. W nocy, od zachodu, nast\u0105pi wzrost wilgotno\u015bci, w strefie frontu atmosferycznego.<\/p>\n<p><img loading=\"lazy\" width=\"600\" height=\"640\" class=\"wp-image-28124 aligncenter\" src=\"http:\/\/cmm.imgw.pl\/wp-content\/uploads\/2023\/04\/word-image-28085-39.png\" srcset=\"https:\/\/cmm.imgw.pl\/wp-content\/uploads\/2023\/04\/word-image-28085-39.png 600w, https:\/\/cmm.imgw.pl\/wp-content\/uploads\/2023\/04\/word-image-28085-39-281x300.png 281w\" sizes=\"(max-width: 600px) 100vw, 600px\" \/> <img loading=\"lazy\" width=\"600\" height=\"640\" class=\"wp-image-28125 aligncenter\" src=\"http:\/\/cmm.imgw.pl\/wp-content\/uploads\/2023\/04\/word-image-28085-40.png\" srcset=\"https:\/\/cmm.imgw.pl\/wp-content\/uploads\/2023\/04\/word-image-28085-40.png 600w, https:\/\/cmm.imgw.pl\/wp-content\/uploads\/2023\/04\/word-image-28085-40-281x300.png 281w\" sizes=\"(max-width: 600px) 100vw, 600px\" \/><\/p>\n<p>W ci\u0105gu dnia, na wysoko\u015bci 5,5 km, nad wschodnim obszarem b\u0119dzie sucho. Na zachodzie i w centrum wilgotno\u015b\u0107 b\u0119dzie na poziomie 60-80 %. Na kra\u0144cach zachodnich du\u017ca wilgotno\u015b\u0107, 95-99%. W nocy nad ca\u0142ym obszarem Polski wilgotno\u015b\u0107 wyniesie 80-99%.<\/p>\n<p><img loading=\"lazy\" width=\"600\" height=\"640\" class=\"wp-image-28126 aligncenter\" src=\"http:\/\/cmm.imgw.pl\/wp-content\/uploads\/2023\/04\/word-image-28085-41.png\" srcset=\"https:\/\/cmm.imgw.pl\/wp-content\/uploads\/2023\/04\/word-image-28085-41.png 600w, https:\/\/cmm.imgw.pl\/wp-content\/uploads\/2023\/04\/word-image-28085-41-281x300.png 281w\" sizes=\"(max-width: 600px) 100vw, 600px\" \/> <img loading=\"lazy\" width=\"600\" height=\"640\" class=\"wp-image-28127 aligncenter\" src=\"http:\/\/cmm.imgw.pl\/wp-content\/uploads\/2023\/04\/word-image-28085-42.png\" srcset=\"https:\/\/cmm.imgw.pl\/wp-content\/uploads\/2023\/04\/word-image-28085-42.png 600w, https:\/\/cmm.imgw.pl\/wp-content\/uploads\/2023\/04\/word-image-28085-42-281x300.png 281w\" sizes=\"(max-width: 600px) 100vw, 600px\" \/><\/p>\n<p>W ci\u0105gu dnia, na wysoko\u015bci 9 km, nad p\u00f3\u0142nocno wschodnimi obszarem b\u0119dzie sucho. Na zachodzie, w centrum i na po\u0142udniu, wilgotno\u015b\u0107 b\u0119dzie na poziomie 60-80 %. Na kra\u0144cach zachodnich i po\u0142udniowo zachodnich wilgotno\u015b\u0107 b\u0119dzie du\u017ca, 95-99%. W nocy nad ca\u0142ym obszarem Polski wilgotno\u015b\u0107 wyniesie 80-99%.<\/p>\n<p><strong>Prognostyczne diagramy aerologiczne <\/strong><\/p>\n<p><img loading=\"lazy\" width=\"1026\" height=\"1040\" class=\"wp-image-28128 aligncenter\" src=\"http:\/\/cmm.imgw.pl\/wp-content\/uploads\/2023\/04\/word-image-28085-43.png\" srcset=\"https:\/\/cmm.imgw.pl\/wp-content\/uploads\/2023\/04\/word-image-28085-43.png 1026w, https:\/\/cmm.imgw.pl\/wp-content\/uploads\/2023\/04\/word-image-28085-43-296x300.png 296w, https:\/\/cmm.imgw.pl\/wp-content\/uploads\/2023\/04\/word-image-28085-43-1010x1024.png 1010w, https:\/\/cmm.imgw.pl\/wp-content\/uploads\/2023\/04\/word-image-28085-43-768x778.png 768w\" sizes=\"(max-width: 1026px) 100vw, 1026px\" \/> <img loading=\"lazy\" width=\"1026\" height=\"1040\" class=\"wp-image-28129 aligncenter\" src=\"http:\/\/cmm.imgw.pl\/wp-content\/uploads\/2023\/04\/word-image-28085-44.png\" srcset=\"https:\/\/cmm.imgw.pl\/wp-content\/uploads\/2023\/04\/word-image-28085-44.png 1026w, https:\/\/cmm.imgw.pl\/wp-content\/uploads\/2023\/04\/word-image-28085-44-296x300.png 296w, https:\/\/cmm.imgw.pl\/wp-content\/uploads\/2023\/04\/word-image-28085-44-1010x1024.png 1010w, https:\/\/cmm.imgw.pl\/wp-content\/uploads\/2023\/04\/word-image-28085-44-768x778.png 768w\" sizes=\"(max-width: 1026px) 100vw, 1026px\" \/> <img loading=\"lazy\" width=\"1026\" height=\"1040\" class=\"wp-image-28130 aligncenter\" src=\"http:\/\/cmm.imgw.pl\/wp-content\/uploads\/2023\/04\/word-image-28085-45.png\" srcset=\"https:\/\/cmm.imgw.pl\/wp-content\/uploads\/2023\/04\/word-image-28085-45.png 1026w, https:\/\/cmm.imgw.pl\/wp-content\/uploads\/2023\/04\/word-image-28085-45-296x300.png 296w, https:\/\/cmm.imgw.pl\/wp-content\/uploads\/2023\/04\/word-image-28085-45-1010x1024.png 1010w, https:\/\/cmm.imgw.pl\/wp-content\/uploads\/2023\/04\/word-image-28085-45-768x778.png 768w\" sizes=\"(max-width: 1026px) 100vw, 1026px\" \/> <img loading=\"lazy\" width=\"1026\" height=\"1040\" class=\"wp-image-28131 aligncenter\" src=\"http:\/\/cmm.imgw.pl\/wp-content\/uploads\/2023\/04\/word-image-28085-46.png\" srcset=\"https:\/\/cmm.imgw.pl\/wp-content\/uploads\/2023\/04\/word-image-28085-46.png 1026w, https:\/\/cmm.imgw.pl\/wp-content\/uploads\/2023\/04\/word-image-28085-46-296x300.png 296w, https:\/\/cmm.imgw.pl\/wp-content\/uploads\/2023\/04\/word-image-28085-46-1010x1024.png 1010w, https:\/\/cmm.imgw.pl\/wp-content\/uploads\/2023\/04\/word-image-28085-46-768x778.png 768w\" sizes=\"(max-width: 1026px) 100vw, 1026px\" \/> <img loading=\"lazy\" width=\"1026\" height=\"1040\" class=\"wp-image-28132 aligncenter\" src=\"http:\/\/cmm.imgw.pl\/wp-content\/uploads\/2023\/04\/word-image-28085-47.png\" srcset=\"https:\/\/cmm.imgw.pl\/wp-content\/uploads\/2023\/04\/word-image-28085-47.png 1026w, https:\/\/cmm.imgw.pl\/wp-content\/uploads\/2023\/04\/word-image-28085-47-296x300.png 296w, https:\/\/cmm.imgw.pl\/wp-content\/uploads\/2023\/04\/word-image-28085-47-1010x1024.png 1010w, https:\/\/cmm.imgw.pl\/wp-content\/uploads\/2023\/04\/word-image-28085-47-768x778.png 768w\" sizes=\"(max-width: 1026px) 100vw, 1026px\" \/> <img loading=\"lazy\" width=\"1026\" height=\"1040\" class=\"wp-image-28133 aligncenter\" src=\"http:\/\/cmm.imgw.pl\/wp-content\/uploads\/2023\/04\/word-image-28085-48.png\" srcset=\"https:\/\/cmm.imgw.pl\/wp-content\/uploads\/2023\/04\/word-image-28085-48.png 1026w, https:\/\/cmm.imgw.pl\/wp-content\/uploads\/2023\/04\/word-image-28085-48-296x300.png 296w, https:\/\/cmm.imgw.pl\/wp-content\/uploads\/2023\/04\/word-image-28085-48-1010x1024.png 1010w, https:\/\/cmm.imgw.pl\/wp-content\/uploads\/2023\/04\/word-image-28085-48-768x778.png 768w\" sizes=\"(max-width: 1026px) 100vw, 1026px\" \/> <img loading=\"lazy\" width=\"1026\" height=\"1040\" class=\"wp-image-28134 aligncenter\" src=\"http:\/\/cmm.imgw.pl\/wp-content\/uploads\/2023\/04\/word-image-28085-49.png\" srcset=\"https:\/\/cmm.imgw.pl\/wp-content\/uploads\/2023\/04\/word-image-28085-49.png 1026w, https:\/\/cmm.imgw.pl\/wp-content\/uploads\/2023\/04\/word-image-28085-49-296x300.png 296w, https:\/\/cmm.imgw.pl\/wp-content\/uploads\/2023\/04\/word-image-28085-49-1010x1024.png 1010w, https:\/\/cmm.imgw.pl\/wp-content\/uploads\/2023\/04\/word-image-28085-49-768x778.png 768w\" sizes=\"(max-width: 1026px) 100vw, 1026px\" \/> <img loading=\"lazy\" width=\"1026\" height=\"1040\" class=\"wp-image-28135 aligncenter\" src=\"http:\/\/cmm.imgw.pl\/wp-content\/uploads\/2023\/04\/word-image-28085-50.png\" srcset=\"https:\/\/cmm.imgw.pl\/wp-content\/uploads\/2023\/04\/word-image-28085-50.png 1026w, https:\/\/cmm.imgw.pl\/wp-content\/uploads\/2023\/04\/word-image-28085-50-296x300.png 296w, https:\/\/cmm.imgw.pl\/wp-content\/uploads\/2023\/04\/word-image-28085-50-1010x1024.png 1010w, https:\/\/cmm.imgw.pl\/wp-content\/uploads\/2023\/04\/word-image-28085-50-768x778.png 768w\" sizes=\"(max-width: 1026px) 100vw, 1026px\" \/> <img loading=\"lazy\" width=\"1026\" height=\"1040\" class=\"wp-image-28136 aligncenter\" src=\"http:\/\/cmm.imgw.pl\/wp-content\/uploads\/2023\/04\/word-image-28085-51.png\" srcset=\"https:\/\/cmm.imgw.pl\/wp-content\/uploads\/2023\/04\/word-image-28085-51.png 1026w, https:\/\/cmm.imgw.pl\/wp-content\/uploads\/2023\/04\/word-image-28085-51-296x300.png 296w, https:\/\/cmm.imgw.pl\/wp-content\/uploads\/2023\/04\/word-image-28085-51-1010x1024.png 1010w, https:\/\/cmm.imgw.pl\/wp-content\/uploads\/2023\/04\/word-image-28085-51-768x778.png 768w\" sizes=\"(max-width: 1026px) 100vw, 1026px\" \/> <img loading=\"lazy\" width=\"1026\" height=\"1040\" class=\"wp-image-28137 aligncenter\" src=\"http:\/\/cmm.imgw.pl\/wp-content\/uploads\/2023\/04\/word-image-28085-52.png\" srcset=\"https:\/\/cmm.imgw.pl\/wp-content\/uploads\/2023\/04\/word-image-28085-52.png 1026w, https:\/\/cmm.imgw.pl\/wp-content\/uploads\/2023\/04\/word-image-28085-52-296x300.png 296w, https:\/\/cmm.imgw.pl\/wp-content\/uploads\/2023\/04\/word-image-28085-52-1010x1024.png 1010w, https:\/\/cmm.imgw.pl\/wp-content\/uploads\/2023\/04\/word-image-28085-52-768x778.png 768w\" sizes=\"(max-width: 1026px) 100vw, 1026px\" \/><\/p>\n<p><strong>Prognoza zachmurzenia<\/strong><\/p>\n<p><img loading=\"lazy\" width=\"600\" height=\"640\" class=\"wp-image-28138 aligncenter\" src=\"http:\/\/cmm.imgw.pl\/wp-content\/uploads\/2023\/04\/word-image-28085-53.png\" srcset=\"https:\/\/cmm.imgw.pl\/wp-content\/uploads\/2023\/04\/word-image-28085-53.png 600w, https:\/\/cmm.imgw.pl\/wp-content\/uploads\/2023\/04\/word-image-28085-53-281x300.png 281w\" sizes=\"(max-width: 600px) 100vw, 600px\" \/> <img loading=\"lazy\" width=\"600\" height=\"640\" class=\"wp-image-28139 aligncenter\" src=\"http:\/\/cmm.imgw.pl\/wp-content\/uploads\/2023\/04\/word-image-28085-54.png\" srcset=\"https:\/\/cmm.imgw.pl\/wp-content\/uploads\/2023\/04\/word-image-28085-54.png 600w, https:\/\/cmm.imgw.pl\/wp-content\/uploads\/2023\/04\/word-image-28085-54-281x300.png 281w\" sizes=\"(max-width: 600px) 100vw, 600px\" \/> <img loading=\"lazy\" width=\"600\" height=\"640\" class=\"wp-image-28140 aligncenter\" src=\"http:\/\/cmm.imgw.pl\/wp-content\/uploads\/2023\/04\/word-image-28085-55.png\" srcset=\"https:\/\/cmm.imgw.pl\/wp-content\/uploads\/2023\/04\/word-image-28085-55.png 600w, https:\/\/cmm.imgw.pl\/wp-content\/uploads\/2023\/04\/word-image-28085-55-281x300.png 281w\" sizes=\"(max-width: 600px) 100vw, 600px\" \/><\/p>\n<p>W ci\u0105gu dnia, na zachodzie kraju, zachmurzenie du\u017ce. Na pozosta\u0142ym obszarze zachmurzenie umiarkowane. Od zachodu wzrost zachmurzenia do du\u017cego. Nad ranem jedynie (lokalnie) kra\u0144ce p\u00f3\u0142nocno wschodniej Polski z zachmurzeniem umiarkowanym.<\/p>\n<p><img loading=\"lazy\" width=\"600\" height=\"640\" class=\"wp-image-28141 aligncenter\" src=\"http:\/\/cmm.imgw.pl\/wp-content\/uploads\/2023\/04\/word-image-28085-56.png\" srcset=\"https:\/\/cmm.imgw.pl\/wp-content\/uploads\/2023\/04\/word-image-28085-56.png 600w, https:\/\/cmm.imgw.pl\/wp-content\/uploads\/2023\/04\/word-image-28085-56-281x300.png 281w\" sizes=\"(max-width: 600px) 100vw, 600px\" \/> <img loading=\"lazy\" width=\"600\" height=\"640\" class=\"wp-image-28142 aligncenter\" src=\"http:\/\/cmm.imgw.pl\/wp-content\/uploads\/2023\/04\/word-image-28085-57.png\" srcset=\"https:\/\/cmm.imgw.pl\/wp-content\/uploads\/2023\/04\/word-image-28085-57.png 600w, https:\/\/cmm.imgw.pl\/wp-content\/uploads\/2023\/04\/word-image-28085-57-281x300.png 281w\" sizes=\"(max-width: 600px) 100vw, 600px\" \/> <img loading=\"lazy\" width=\"600\" height=\"640\" class=\"wp-image-28143 aligncenter\" src=\"http:\/\/cmm.imgw.pl\/wp-content\/uploads\/2023\/04\/word-image-28085-58.png\" srcset=\"https:\/\/cmm.imgw.pl\/wp-content\/uploads\/2023\/04\/word-image-28085-58.png 600w, https:\/\/cmm.imgw.pl\/wp-content\/uploads\/2023\/04\/word-image-28085-58-281x300.png 281w\" sizes=\"(max-width: 600px) 100vw, 600px\" \/> <img loading=\"lazy\" width=\"600\" height=\"640\" class=\"wp-image-28144 aligncenter\" src=\"http:\/\/cmm.imgw.pl\/wp-content\/uploads\/2023\/04\/word-image-28085-59.png\" srcset=\"https:\/\/cmm.imgw.pl\/wp-content\/uploads\/2023\/04\/word-image-28085-59.png 600w, https:\/\/cmm.imgw.pl\/wp-content\/uploads\/2023\/04\/word-image-28085-59-281x300.png 281w\" sizes=\"(max-width: 600px) 100vw, 600px\" \/> <img loading=\"lazy\" width=\"600\" height=\"640\" class=\"wp-image-28145 aligncenter\" src=\"http:\/\/cmm.imgw.pl\/wp-content\/uploads\/2023\/04\/word-image-28085-60.png\" srcset=\"https:\/\/cmm.imgw.pl\/wp-content\/uploads\/2023\/04\/word-image-28085-60.png 600w, https:\/\/cmm.imgw.pl\/wp-content\/uploads\/2023\/04\/word-image-28085-60-281x300.png 281w\" sizes=\"(max-width: 600px) 100vw, 600px\" \/> <img loading=\"lazy\" width=\"600\" height=\"640\" class=\"wp-image-28146 aligncenter\" src=\"http:\/\/cmm.imgw.pl\/wp-content\/uploads\/2023\/04\/word-image-28085-61.png\" srcset=\"https:\/\/cmm.imgw.pl\/wp-content\/uploads\/2023\/04\/word-image-28085-61.png 600w, https:\/\/cmm.imgw.pl\/wp-content\/uploads\/2023\/04\/word-image-28085-61-281x300.png 281w\" sizes=\"(max-width: 600px) 100vw, 600px\" \/><\/p>\n<p>W dzie\u0144 na niebie chmury Cumulus, Stratocumulus. Na zachodzie zachmurzenie ma\u0142e. Od linii przebiegaj\u0105cej przez centrum w kierunku wschodnim zachmurzenie wi\u0119ksze. Wieczorem wzrost zachmurzenie chmurami pi\u0119tra niskiego. Na niebie Stratocumulus oraz w po\u0142udniowo zachodniej Polsce mo\u017cliwy Cumulonimbus\/Cumulus congestus.<\/p>\n<p><img loading=\"lazy\" width=\"600\" height=\"640\" class=\"wp-image-28147 aligncenter\" src=\"http:\/\/cmm.imgw.pl\/wp-content\/uploads\/2023\/04\/word-image-28085-62.png\" srcset=\"https:\/\/cmm.imgw.pl\/wp-content\/uploads\/2023\/04\/word-image-28085-62.png 600w, https:\/\/cmm.imgw.pl\/wp-content\/uploads\/2023\/04\/word-image-28085-62-281x300.png 281w\" sizes=\"(max-width: 600px) 100vw, 600px\" \/> <img loading=\"lazy\" width=\"600\" height=\"640\" class=\"wp-image-28148 aligncenter\" src=\"http:\/\/cmm.imgw.pl\/wp-content\/uploads\/2023\/04\/word-image-28085-63.png\" srcset=\"https:\/\/cmm.imgw.pl\/wp-content\/uploads\/2023\/04\/word-image-28085-63.png 600w, https:\/\/cmm.imgw.pl\/wp-content\/uploads\/2023\/04\/word-image-28085-63-281x300.png 281w\" sizes=\"(max-width: 600px) 100vw, 600px\" \/> <img loading=\"lazy\" width=\"600\" height=\"640\" class=\"wp-image-28149 aligncenter\" src=\"http:\/\/cmm.imgw.pl\/wp-content\/uploads\/2023\/04\/word-image-28085-64.png\" srcset=\"https:\/\/cmm.imgw.pl\/wp-content\/uploads\/2023\/04\/word-image-28085-64.png 600w, https:\/\/cmm.imgw.pl\/wp-content\/uploads\/2023\/04\/word-image-28085-64-281x300.png 281w\" sizes=\"(max-width: 600px) 100vw, 600px\" \/><\/p>\n<p>W ci\u0105gu dnia chmury Altocumulus. <span class=\"ui-provider chr chs c d e f g h i j k l m n o p q r s t cht chu w x y z ab ac ae af ag ah ai aj ak\" dir=\"ltr\">Miejscami Altocumulus lenticularis. <\/span>W kierunku zachodnim b\u0119dzie zwi\u0119ksza\u0142o si\u0119 pokrycie chmurami pi\u0119tra \u015bredniego. Po po\u0142udniu nast\u0119powa\u0107 b\u0119dzie wzrost zachmurzenia (Altostratus). Strefa chmur pi\u0119tra \u015bredniego b\u0119dzie przemieszcza\u0142a si\u0119 na wsch\u00f3d. W nocy na niebie Altocumulus oraz Altostratus.<\/p>\n<p><img loading=\"lazy\" width=\"600\" height=\"640\" class=\"wp-image-28150 aligncenter\" src=\"http:\/\/cmm.imgw.pl\/wp-content\/uploads\/2023\/04\/word-image-28085-65.png\" srcset=\"https:\/\/cmm.imgw.pl\/wp-content\/uploads\/2023\/04\/word-image-28085-65.png 600w, https:\/\/cmm.imgw.pl\/wp-content\/uploads\/2023\/04\/word-image-28085-65-281x300.png 281w\" sizes=\"(max-width: 600px) 100vw, 600px\" \/> <img loading=\"lazy\" width=\"600\" height=\"640\" class=\"wp-image-28151 aligncenter\" src=\"http:\/\/cmm.imgw.pl\/wp-content\/uploads\/2023\/04\/word-image-28085-66.png\" srcset=\"https:\/\/cmm.imgw.pl\/wp-content\/uploads\/2023\/04\/word-image-28085-66.png 600w, https:\/\/cmm.imgw.pl\/wp-content\/uploads\/2023\/04\/word-image-28085-66-281x300.png 281w\" sizes=\"(max-width: 600px) 100vw, 600px\" \/> <img loading=\"lazy\" width=\"600\" height=\"640\" class=\"wp-image-28152 aligncenter\" src=\"http:\/\/cmm.imgw.pl\/wp-content\/uploads\/2023\/04\/word-image-28085-67.png\" srcset=\"https:\/\/cmm.imgw.pl\/wp-content\/uploads\/2023\/04\/word-image-28085-67.png 600w, https:\/\/cmm.imgw.pl\/wp-content\/uploads\/2023\/04\/word-image-28085-67-281x300.png 281w\" sizes=\"(max-width: 600px) 100vw, 600px\" \/><\/p>\n<p>Na niebie chmury Cirrus. Od zachodu nast\u0105pi wzrost pokrycia nieba przez chmury Cirrus i Cirrostratus. <span class=\"ui-provider chr chs c d e f g h i j k l m n o p q r s t cht chu w x y z ab ac ae af ag ah ai aj ak\" dir=\"ltr\">Lokalnie Cirrocumulus lenticularis.<\/span><\/p>\n<p><strong>Prognoza opad\u00f3w<\/strong><\/p>\n<p><img loading=\"lazy\" width=\"600\" height=\"640\" class=\"wp-image-28153 aligncenter\" src=\"http:\/\/cmm.imgw.pl\/wp-content\/uploads\/2023\/04\/word-image-28085-68.png\" srcset=\"https:\/\/cmm.imgw.pl\/wp-content\/uploads\/2023\/04\/word-image-28085-68.png 600w, https:\/\/cmm.imgw.pl\/wp-content\/uploads\/2023\/04\/word-image-28085-68-281x300.png 281w\" sizes=\"(max-width: 600px) 100vw, 600px\" \/> <img loading=\"lazy\" width=\"600\" height=\"640\" class=\"wp-image-28154 aligncenter\" src=\"http:\/\/cmm.imgw.pl\/wp-content\/uploads\/2023\/04\/word-image-28085-69.png\" srcset=\"https:\/\/cmm.imgw.pl\/wp-content\/uploads\/2023\/04\/word-image-28085-69.png 600w, https:\/\/cmm.imgw.pl\/wp-content\/uploads\/2023\/04\/word-image-28085-69-281x300.png 281w\" sizes=\"(max-width: 600px) 100vw, 600px\" \/> <img loading=\"lazy\" width=\"600\" height=\"640\" class=\"wp-image-28155 aligncenter\" src=\"http:\/\/cmm.imgw.pl\/wp-content\/uploads\/2023\/04\/word-image-28085-70.png\" srcset=\"https:\/\/cmm.imgw.pl\/wp-content\/uploads\/2023\/04\/word-image-28085-70.png 600w, https:\/\/cmm.imgw.pl\/wp-content\/uploads\/2023\/04\/word-image-28085-70-281x300.png 281w\" sizes=\"(max-width: 600px) 100vw, 600px\" \/> <img loading=\"lazy\" width=\"600\" height=\"640\" class=\"wp-image-28156 aligncenter\" src=\"http:\/\/cmm.imgw.pl\/wp-content\/uploads\/2023\/04\/word-image-28085-71.png\" srcset=\"https:\/\/cmm.imgw.pl\/wp-content\/uploads\/2023\/04\/word-image-28085-71.png 600w, https:\/\/cmm.imgw.pl\/wp-content\/uploads\/2023\/04\/word-image-28085-71-281x300.png 281w\" sizes=\"(max-width: 600px) 100vw, 600px\" \/> <img loading=\"lazy\" width=\"600\" height=\"640\" class=\"wp-image-28157 aligncenter\" src=\"http:\/\/cmm.imgw.pl\/wp-content\/uploads\/2023\/04\/word-image-28085-72.png\" srcset=\"https:\/\/cmm.imgw.pl\/wp-content\/uploads\/2023\/04\/word-image-28085-72.png 600w, https:\/\/cmm.imgw.pl\/wp-content\/uploads\/2023\/04\/word-image-28085-72-281x300.png 281w\" sizes=\"(max-width: 600px) 100vw, 600px\" \/> <img loading=\"lazy\" width=\"600\" height=\"640\" class=\"wp-image-28158 aligncenter\" src=\"http:\/\/cmm.imgw.pl\/wp-content\/uploads\/2023\/04\/word-image-28085-73.png\" srcset=\"https:\/\/cmm.imgw.pl\/wp-content\/uploads\/2023\/04\/word-image-28085-73.png 600w, https:\/\/cmm.imgw.pl\/wp-content\/uploads\/2023\/04\/word-image-28085-73-281x300.png 281w\" sizes=\"(max-width: 600px) 100vw, 600px\" \/> <img loading=\"lazy\" width=\"600\" height=\"640\" class=\"wp-image-28159 aligncenter\" src=\"http:\/\/cmm.imgw.pl\/wp-content\/uploads\/2023\/04\/word-image-28085-74.png\" srcset=\"https:\/\/cmm.imgw.pl\/wp-content\/uploads\/2023\/04\/word-image-28085-74.png 600w, https:\/\/cmm.imgw.pl\/wp-content\/uploads\/2023\/04\/word-image-28085-74-281x300.png 281w\" sizes=\"(max-width: 600px) 100vw, 600px\" \/><\/p>\n<p>Z zachodu na wsch\u00f3d b\u0119dzie przemieszcza\u0142a si\u0119 strefa opad\u00f3w deszczu. Lokalnie mog\u0105 to by\u0107 opady przelotne.<\/p>\n<p><strong>Prognoza widzialno\u015bci<\/strong><\/p>\n<p><img loading=\"lazy\" width=\"439\" height=\"439\" class=\"wp-image-28160 aligncenter\" src=\"http:\/\/cmm.imgw.pl\/wp-content\/uploads\/2023\/04\/word-image-28085-75.png\" srcset=\"https:\/\/cmm.imgw.pl\/wp-content\/uploads\/2023\/04\/word-image-28085-75.png 439w, https:\/\/cmm.imgw.pl\/wp-content\/uploads\/2023\/04\/word-image-28085-75-300x300.png 300w, https:\/\/cmm.imgw.pl\/wp-content\/uploads\/2023\/04\/word-image-28085-75-150x150.png 150w\" sizes=\"(max-width: 439px) 100vw, 439px\" \/> <img loading=\"lazy\" width=\"448\" height=\"448\" class=\"wp-image-28161 aligncenter\" src=\"http:\/\/cmm.imgw.pl\/wp-content\/uploads\/2023\/04\/word-image-28085-76.png\" srcset=\"https:\/\/cmm.imgw.pl\/wp-content\/uploads\/2023\/04\/word-image-28085-76.png 448w, https:\/\/cmm.imgw.pl\/wp-content\/uploads\/2023\/04\/word-image-28085-76-300x300.png 300w, https:\/\/cmm.imgw.pl\/wp-content\/uploads\/2023\/04\/word-image-28085-76-150x150.png 150w\" sizes=\"(max-width: 448px) 100vw, 448px\" \/> <img loading=\"lazy\" width=\"466\" height=\"466\" class=\"wp-image-28162 aligncenter\" src=\"http:\/\/cmm.imgw.pl\/wp-content\/uploads\/2023\/04\/word-image-28085-77.png\" srcset=\"https:\/\/cmm.imgw.pl\/wp-content\/uploads\/2023\/04\/word-image-28085-77.png 466w, https:\/\/cmm.imgw.pl\/wp-content\/uploads\/2023\/04\/word-image-28085-77-300x300.png 300w, https:\/\/cmm.imgw.pl\/wp-content\/uploads\/2023\/04\/word-image-28085-77-150x150.png 150w\" sizes=\"(max-width: 466px) 100vw, 466px\" \/> <img loading=\"lazy\" width=\"460\" height=\"460\" class=\"wp-image-28163 aligncenter\" src=\"http:\/\/cmm.imgw.pl\/wp-content\/uploads\/2023\/04\/word-image-28085-78.png\" srcset=\"https:\/\/cmm.imgw.pl\/wp-content\/uploads\/2023\/04\/word-image-28085-78.png 460w, https:\/\/cmm.imgw.pl\/wp-content\/uploads\/2023\/04\/word-image-28085-78-300x300.png 300w, https:\/\/cmm.imgw.pl\/wp-content\/uploads\/2023\/04\/word-image-28085-78-150x150.png 150w\" sizes=\"(max-width: 460px) 100vw, 460px\" \/> <img loading=\"lazy\" width=\"468\" height=\"468\" class=\"wp-image-28164 aligncenter\" src=\"http:\/\/cmm.imgw.pl\/wp-content\/uploads\/2023\/04\/word-image-28085-79.png\" srcset=\"https:\/\/cmm.imgw.pl\/wp-content\/uploads\/2023\/04\/word-image-28085-79.png 468w, https:\/\/cmm.imgw.pl\/wp-content\/uploads\/2023\/04\/word-image-28085-79-300x300.png 300w, https:\/\/cmm.imgw.pl\/wp-content\/uploads\/2023\/04\/word-image-28085-79-150x150.png 150w\" sizes=\"(max-width: 468px) 100vw, 468px\" \/><\/p>\n<p><img loading=\"lazy\" width=\"550\" height=\"550\" class=\"wp-image-28165 aligncenter\" src=\"http:\/\/cmm.imgw.pl\/wp-content\/uploads\/2023\/04\/word-image-28085-80.png\" srcset=\"https:\/\/cmm.imgw.pl\/wp-content\/uploads\/2023\/04\/word-image-28085-80.png 550w, https:\/\/cmm.imgw.pl\/wp-content\/uploads\/2023\/04\/word-image-28085-80-300x300.png 300w, https:\/\/cmm.imgw.pl\/wp-content\/uploads\/2023\/04\/word-image-28085-80-150x150.png 150w\" sizes=\"(max-width: 550px) 100vw, 550px\" \/> <img loading=\"lazy\" width=\"588\" height=\"588\" class=\"wp-image-28166 aligncenter\" src=\"http:\/\/cmm.imgw.pl\/wp-content\/uploads\/2023\/04\/word-image-28085-81.png\" srcset=\"https:\/\/cmm.imgw.pl\/wp-content\/uploads\/2023\/04\/word-image-28085-81.png 588w, https:\/\/cmm.imgw.pl\/wp-content\/uploads\/2023\/04\/word-image-28085-81-300x300.png 300w, https:\/\/cmm.imgw.pl\/wp-content\/uploads\/2023\/04\/word-image-28085-81-150x150.png 150w\" sizes=\"(max-width: 588px) 100vw, 588px\" \/> <img loading=\"lazy\" width=\"621\" height=\"621\" class=\"wp-image-28167 aligncenter\" src=\"http:\/\/cmm.imgw.pl\/wp-content\/uploads\/2023\/04\/word-image-28085-82.png\" srcset=\"https:\/\/cmm.imgw.pl\/wp-content\/uploads\/2023\/04\/word-image-28085-82.png 621w, https:\/\/cmm.imgw.pl\/wp-content\/uploads\/2023\/04\/word-image-28085-82-300x300.png 300w, https:\/\/cmm.imgw.pl\/wp-content\/uploads\/2023\/04\/word-image-28085-82-150x150.png 150w, https:\/\/cmm.imgw.pl\/wp-content\/uploads\/2023\/04\/word-image-28085-82-600x600.png 600w\" sizes=\"(max-width: 621px) 100vw, 621px\" \/> <img loading=\"lazy\" width=\"615\" height=\"615\" class=\"wp-image-28168 aligncenter\" src=\"http:\/\/cmm.imgw.pl\/wp-content\/uploads\/2023\/04\/word-image-28085-83.png\" srcset=\"https:\/\/cmm.imgw.pl\/wp-content\/uploads\/2023\/04\/word-image-28085-83.png 615w, https:\/\/cmm.imgw.pl\/wp-content\/uploads\/2023\/04\/word-image-28085-83-300x300.png 300w, https:\/\/cmm.imgw.pl\/wp-content\/uploads\/2023\/04\/word-image-28085-83-150x150.png 150w, https:\/\/cmm.imgw.pl\/wp-content\/uploads\/2023\/04\/word-image-28085-83-600x600.png 600w\" sizes=\"(max-width: 615px) 100vw, 615px\" \/><\/p>\n<p><img loading=\"lazy\" width=\"592\" height=\"592\" class=\"wp-image-28169 aligncenter\" src=\"http:\/\/cmm.imgw.pl\/wp-content\/uploads\/2023\/04\/word-image-28085-84.png\" srcset=\"https:\/\/cmm.imgw.pl\/wp-content\/uploads\/2023\/04\/word-image-28085-84.png 592w, https:\/\/cmm.imgw.pl\/wp-content\/uploads\/2023\/04\/word-image-28085-84-300x300.png 300w, https:\/\/cmm.imgw.pl\/wp-content\/uploads\/2023\/04\/word-image-28085-84-150x150.png 150w\" sizes=\"(max-width: 592px) 100vw, 592px\" \/> <img loading=\"lazy\" width=\"583\" height=\"583\" class=\"wp-image-28170 aligncenter\" src=\"http:\/\/cmm.imgw.pl\/wp-content\/uploads\/2023\/04\/word-image-28085-85.png\" srcset=\"https:\/\/cmm.imgw.pl\/wp-content\/uploads\/2023\/04\/word-image-28085-85.png 583w, https:\/\/cmm.imgw.pl\/wp-content\/uploads\/2023\/04\/word-image-28085-85-300x300.png 300w, https:\/\/cmm.imgw.pl\/wp-content\/uploads\/2023\/04\/word-image-28085-85-150x150.png 150w\" sizes=\"(max-width: 583px) 100vw, 583px\" \/><\/p>\n<p>W ci\u0105gu dnia widzialno\u015b\u0107 dobra. Wraz z przemieszczaj\u0105c\u0105 si\u0119 stref\u0105 opad\u00f3w nast\u0105pi pogorszenie widzialno\u015bci do 3-5 km.<\/p>\n<p><strong>Prognoza poryw\u00f3w wiatru<\/strong><\/p>\n<p><img loading=\"lazy\" width=\"594\" height=\"594\" class=\"wp-image-28171 aligncenter\" src=\"http:\/\/cmm.imgw.pl\/wp-content\/uploads\/2023\/04\/word-image-28085-86.jpeg\" srcset=\"https:\/\/cmm.imgw.pl\/wp-content\/uploads\/2023\/04\/word-image-28085-86.jpeg 594w, https:\/\/cmm.imgw.pl\/wp-content\/uploads\/2023\/04\/word-image-28085-86-300x300.jpeg 300w, https:\/\/cmm.imgw.pl\/wp-content\/uploads\/2023\/04\/word-image-28085-86-150x150.jpeg 150w\" sizes=\"(max-width: 594px) 100vw, 594px\" \/> <img loading=\"lazy\" width=\"618\" height=\"618\" class=\"wp-image-28172 aligncenter\" src=\"http:\/\/cmm.imgw.pl\/wp-content\/uploads\/2023\/04\/word-image-28085-87.jpeg\" srcset=\"https:\/\/cmm.imgw.pl\/wp-content\/uploads\/2023\/04\/word-image-28085-87.jpeg 618w, https:\/\/cmm.imgw.pl\/wp-content\/uploads\/2023\/04\/word-image-28085-87-300x300.jpeg 300w, https:\/\/cmm.imgw.pl\/wp-content\/uploads\/2023\/04\/word-image-28085-87-150x150.jpeg 150w, https:\/\/cmm.imgw.pl\/wp-content\/uploads\/2023\/04\/word-image-28085-87-600x600.jpeg 600w\" sizes=\"(max-width: 618px) 100vw, 618px\" \/> <img loading=\"lazy\" width=\"647\" height=\"647\" class=\"wp-image-28173 aligncenter\" src=\"http:\/\/cmm.imgw.pl\/wp-content\/uploads\/2023\/04\/word-image-28085-88.jpeg\" srcset=\"https:\/\/cmm.imgw.pl\/wp-content\/uploads\/2023\/04\/word-image-28085-88.jpeg 647w, https:\/\/cmm.imgw.pl\/wp-content\/uploads\/2023\/04\/word-image-28085-88-300x300.jpeg 300w, https:\/\/cmm.imgw.pl\/wp-content\/uploads\/2023\/04\/word-image-28085-88-150x150.jpeg 150w, https:\/\/cmm.imgw.pl\/wp-content\/uploads\/2023\/04\/word-image-28085-88-600x600.jpeg 600w\" sizes=\"(max-width: 647px) 100vw, 647px\" \/> <img loading=\"lazy\" width=\"654\" height=\"654\" class=\"wp-image-28174 aligncenter\" src=\"http:\/\/cmm.imgw.pl\/wp-content\/uploads\/2023\/04\/word-image-28085-89.jpeg\" srcset=\"https:\/\/cmm.imgw.pl\/wp-content\/uploads\/2023\/04\/word-image-28085-89.jpeg 654w, https:\/\/cmm.imgw.pl\/wp-content\/uploads\/2023\/04\/word-image-28085-89-300x300.jpeg 300w, https:\/\/cmm.imgw.pl\/wp-content\/uploads\/2023\/04\/word-image-28085-89-150x150.jpeg 150w, https:\/\/cmm.imgw.pl\/wp-content\/uploads\/2023\/04\/word-image-28085-89-600x600.jpeg 600w\" sizes=\"(max-width: 654px) 100vw, 654px\" \/><\/p>\n<p>W dzie\u0144, nad zachodnim Ba\u0142tykiem, porywy wiatru do 70 km\/h. W nocy porywy wiatru w Sudetach i Karpatach, do 80 km\/h.<\/p>\n<p>Prognoza pozosta\u0142ych p\u00f3l meteorologicznych pod adresem <a href=\"http:\/\/www.cmm.imgw.pl\">www.cmm.imgw.pl<\/a><\/p>\n<p>Komentarz opracowania o godzinie 3:55, 28 IV 2023 roku<\/p>","protected":false},"excerpt":{"rendered":"<p>Komentarz do numerycznych prognoz pogody opracowany w Centrum Modelowania Meteorologicznego IMGW-PIB.<\/p>\n","protected":false},"author":3,"featured_media":0,"comment_status":"closed","ping_status":"open","sticky":false,"template":"","format":"standard","meta":{"ocean_post_layout":"","ocean_both_sidebars_style":"","ocean_both_sidebars_content_width":0,"ocean_both_sidebars_sidebars_width":0,"ocean_sidebar":"0","ocean_second_sidebar":"0","ocean_disable_margins":"enable","ocean_add_body_class":"","ocean_shortcode_before_top_bar":"","ocean_shortcode_after_top_bar":"","ocean_shortcode_before_header":"","ocean_shortcode_after_header":"","ocean_has_shortcode":"","ocean_shortcode_after_title":"","ocean_shortcode_before_footer_widgets":"","ocean_shortcode_after_footer_widgets":"","ocean_shortcode_before_footer_bottom":"","ocean_shortcode_after_footer_bottom":"","ocean_display_top_bar":"default","ocean_display_header":"default","ocean_header_style":"","ocean_center_header_left_menu":"0","ocean_custom_header_template":"0","ocean_custom_logo":0,"ocean_custom_retina_logo":0,"ocean_custom_logo_max_width":0,"ocean_custom_logo_tablet_max_width":0,"ocean_custom_logo_mobile_max_width":0,"ocean_custom_logo_max_height":0,"ocean_custom_logo_tablet_max_height":0,"ocean_custom_logo_mobile_max_height":0,"ocean_header_custom_menu":"0","ocean_menu_typo_font_family":"0","ocean_menu_typo_font_subset":"","ocean_menu_typo_font_size":0,"ocean_menu_typo_font_size_tablet":0,"ocean_menu_typo_font_size_mobile":0,"ocean_menu_typo_font_size_unit":"px","ocean_menu_typo_font_weight":"","ocean_menu_typo_font_weight_tablet":"","ocean_menu_typo_font_weight_mobile":"","ocean_menu_typo_transform":"","ocean_menu_typo_transform_tablet":"","ocean_menu_typo_transform_mobile":"","ocean_menu_typo_line_height":0,"ocean_menu_typo_line_height_tablet":0,"ocean_menu_typo_line_height_mobile":0,"ocean_menu_typo_line_height_unit":"","ocean_menu_typo_spacing":0,"ocean_menu_typo_spacing_tablet":0,"ocean_menu_typo_spacing_mobile":0,"ocean_menu_typo_spacing_unit":"","ocean_menu_link_color":"","ocean_menu_link_color_hover":"","ocean_menu_link_color_active":"","ocean_menu_link_background":"","ocean_menu_link_hover_background":"","ocean_menu_link_active_background":"","ocean_menu_social_links_bg":"","ocean_menu_social_hover_links_bg":"","ocean_menu_social_links_color":"","ocean_menu_social_hover_links_color":"","ocean_disable_title":"default","ocean_disable_heading":"default","ocean_post_title":"","ocean_post_subheading":"","ocean_post_title_style":"","ocean_post_title_background_color":"","ocean_post_title_background":0,"ocean_post_title_bg_image_position":"","ocean_post_title_bg_image_attachment":"","ocean_post_title_bg_image_repeat":"","ocean_post_title_bg_image_size":"","ocean_post_title_height":0,"ocean_post_title_bg_overlay":0.5,"ocean_post_title_bg_overlay_color":"","ocean_disable_breadcrumbs":"default","ocean_breadcrumbs_color":"","ocean_breadcrumbs_separator_color":"","ocean_breadcrumbs_links_color":"","ocean_breadcrumbs_links_hover_color":"","ocean_display_footer_widgets":"default","ocean_display_footer_bottom":"default","ocean_custom_footer_template":"0","ocean_post_oembed":"","ocean_post_self_hosted_media":"","ocean_post_video_embed":"","ocean_link_format":"","ocean_link_format_target":"self","ocean_quote_format":"","ocean_quote_format_link":"post","ocean_gallery_link_images":"on","ocean_gallery_id":[]},"categories":[93],"tags":[68,95,85,73,97,98,76,94,99,71,96,79],"yoast_head":"<!-- This site is optimized with the Yoast SEO plugin v19.5.1 - https:\/\/yoast.com\/wordpress\/plugins\/seo\/ -->\n<title>Komentarz do numerycznych prognoz pogody (28\/29.04.2023) - Laboratorium Modelowania Meteorologicznego CMOK IMGW-PIB<\/title>\n<meta name=\"description\" content=\"Komentarz do numerycznych prognoz pogody opracowany w Centrum Modelowania Meteorologicznego IMGW-PIB.\" \/>\n<meta name=\"robots\" content=\"index, follow, max-snippet:-1, max-image-preview:large, max-video-preview:-1\" \/>\n<link rel=\"canonical\" href=\"https:\/\/cmm.imgw.pl\/?p=28085\" \/>\n<meta property=\"og:locale\" content=\"pl_PL\" \/>\n<meta property=\"og:type\" content=\"article\" \/>\n<meta property=\"og:title\" content=\"Komentarz do numerycznych prognoz pogody (26\/27.04.2023)\" \/>\n<meta property=\"og:description\" content=\"Komentarz do numerycznych prognoz pogody opracowany w Centrum Modelowania Meteorologicznego IMGW-PIB\" \/>\n<meta property=\"og:url\" content=\"https:\/\/cmm.imgw.pl\/?p=28085\" \/>\n<meta property=\"og:site_name\" content=\"Laboratorium Modelowania Meteorologicznego CMOK IMGW-PIB\" \/>\n<meta property=\"article:publisher\" content=\"https:\/\/www.facebook.com\/Meteoimgw\/\" \/>\n<meta property=\"article:published_time\" content=\"2023-04-28T04:28:41+00:00\" \/>\n<meta property=\"article:modified_time\" content=\"2023-04-28T15:48:57+00:00\" \/>\n<meta property=\"og:image\" content=\"http:\/\/cmm.imgw.pl\/wp-content\/uploads\/2023\/02\/komentarz4.png\" \/>\n\t<meta property=\"og:image:width\" content=\"1280\" \/>\n\t<meta property=\"og:image:height\" content=\"720\" \/>\n\t<meta property=\"og:image:type\" content=\"image\/png\" \/>\n<meta name=\"author\" content=\"CMM\" \/>\n<meta name=\"twitter:card\" content=\"summary_large_image\" \/>\n<meta name=\"twitter:title\" content=\"Komentarz do numerycznych prognoz pogody (26\/27.04.2023)\" \/>\n<meta name=\"twitter:description\" content=\"Komentarz do numerycznych prognoz pogody opracowany w Centrum Modelowania Meteorologicznego IMGW-PIB\" \/>\n<meta name=\"twitter:image\" content=\"https:\/\/cmm.imgw.pl\/wp-content\/uploads\/2023\/02\/komentarz4.png\" \/>\n<meta name=\"twitter:creator\" content=\"@IMGW_CMM\" \/>\n<meta name=\"twitter:site\" content=\"@IMGW_CMM\" \/>\n<meta name=\"twitter:label1\" content=\"Napisane przez\" \/>\n\t<meta name=\"twitter:data1\" content=\"CMM\" \/>\n\t<meta name=\"twitter:label2\" content=\"Szacowany czas czytania\" \/>\n\t<meta name=\"twitter:data2\" content=\"26 minut\" \/>\n<script type=\"application\/ld+json\" class=\"yoast-schema-graph\">{\"@context\":\"https:\/\/schema.org\",\"@graph\":[{\"@type\":\"Article\",\"@id\":\"https:\/\/cmm.imgw.pl\/?p=28085#article\",\"isPartOf\":{\"@id\":\"https:\/\/cmm.imgw.pl\/?p=28085\"},\"author\":{\"name\":\"CMM\",\"@id\":\"https:\/\/cmm.imgw.pl\/#\/schema\/person\/a24a37fe434fe76b0f5791e6bd3fdb46\"},\"headline\":\"Komentarz do numerycznych prognoz pogody (28\/29.04.2023)\",\"datePublished\":\"2023-04-28T04:28:41+00:00\",\"dateModified\":\"2023-04-28T15:48:57+00:00\",\"mainEntityOfPage\":{\"@id\":\"https:\/\/cmm.imgw.pl\/?p=28085\"},\"wordCount\":1552,\"publisher\":{\"@id\":\"https:\/\/cmm.imgw.pl\/#organization\"},\"keywords\":[\"cmm\",\"Cosmo\",\"imgw\",\"klimat\",\"komentarz\",\"komentarz pogodowy\",\"meteorologia\",\"NMP\",\"NPP\",\"pogoda\",\"prognoza pogody\",\"zima\"],\"articleSection\":[\"Komentarz\"],\"inLanguage\":\"pl-PL\"},{\"@type\":\"WebPage\",\"@id\":\"https:\/\/cmm.imgw.pl\/?p=28085\",\"url\":\"https:\/\/cmm.imgw.pl\/?p=28085\",\"name\":\"Komentarz do numerycznych prognoz pogody (28\/29.04.2023) - Laboratorium Modelowania Meteorologicznego CMOK IMGW-PIB\",\"isPartOf\":{\"@id\":\"https:\/\/cmm.imgw.pl\/#website\"},\"datePublished\":\"2023-04-28T04:28:41+00:00\",\"dateModified\":\"2023-04-28T15:48:57+00:00\",\"description\":\"Komentarz do numerycznych prognoz pogody opracowany w Centrum Modelowania Meteorologicznego IMGW-PIB.\",\"breadcrumb\":{\"@id\":\"https:\/\/cmm.imgw.pl\/?p=28085#breadcrumb\"},\"inLanguage\":\"pl-PL\",\"potentialAction\":[{\"@type\":\"ReadAction\",\"target\":[\"https:\/\/cmm.imgw.pl\/?p=28085\"]}]},{\"@type\":\"BreadcrumbList\",\"@id\":\"https:\/\/cmm.imgw.pl\/?p=28085#breadcrumb\",\"itemListElement\":[{\"@type\":\"ListItem\",\"position\":1,\"name\":\"Home\",\"item\":\"https:\/\/cmm.imgw.pl\/\"},{\"@type\":\"ListItem\",\"position\":2,\"name\":\"Komentarz do numerycznych prognoz pogody (28\/29.04.2023)\"}]},{\"@type\":\"WebSite\",\"@id\":\"https:\/\/cmm.imgw.pl\/#website\",\"url\":\"https:\/\/cmm.imgw.pl\/\",\"name\":\"Laboratorium Modelowania Meteorologicznego CMOK IMGW-PIB\",\"description\":\"CMOK-LMM Laboratorium pe\u0142ni pa\u0144stwow\u0105 s\u0142u\u017cb\u0119 hydrologiczno-meteorologiczn\u0105 w zakresie numerycznych prognoz pogody, kt\u00f3rego zadaniem jest konsolidacja kompetencji w obszarze modelowania zjawisk pogodowych oraz dalszego rozwoju numerycznych modeli pogody (NMP).\",\"publisher\":{\"@id\":\"https:\/\/cmm.imgw.pl\/#organization\"},\"potentialAction\":[{\"@type\":\"SearchAction\",\"target\":{\"@type\":\"EntryPoint\",\"urlTemplate\":\"https:\/\/cmm.imgw.pl\/?s={search_term_string}\"},\"query-input\":\"required name=search_term_string\"}],\"inLanguage\":\"pl-PL\"},{\"@type\":\"Organization\",\"@id\":\"https:\/\/cmm.imgw.pl\/#organization\",\"name\":\"Laboratorium Modelowania Meteorologicznego CMOK IMGW-PIB\",\"url\":\"https:\/\/cmm.imgw.pl\/\",\"sameAs\":[\"https:\/\/www.facebook.com\/Meteoimgw\/\",\"https:\/\/twitter.com\/IMGW_CMM\"],\"logo\":{\"@type\":\"ImageObject\",\"inLanguage\":\"pl-PL\",\"@id\":\"https:\/\/cmm.imgw.pl\/#\/schema\/logo\/image\/\",\"url\":\"https:\/\/cmm.imgw.pl\/wp-content\/uploads\/2025\/10\/MODELE_LOGO_UNIFIKACJA_v2.png\",\"contentUrl\":\"https:\/\/cmm.imgw.pl\/wp-content\/uploads\/2025\/10\/MODELE_LOGO_UNIFIKACJA_v2.png\",\"width\":1356,\"height\":365,\"caption\":\"Laboratorium Modelowania Meteorologicznego CMOK IMGW-PIB\"},\"image\":{\"@id\":\"https:\/\/cmm.imgw.pl\/#\/schema\/logo\/image\/\"}},{\"@type\":\"Person\",\"@id\":\"https:\/\/cmm.imgw.pl\/#\/schema\/person\/a24a37fe434fe76b0f5791e6bd3fdb46\",\"name\":\"CMM\",\"image\":{\"@type\":\"ImageObject\",\"inLanguage\":\"pl-PL\",\"@id\":\"https:\/\/cmm.imgw.pl\/#\/schema\/person\/image\/\",\"url\":\"https:\/\/secure.gravatar.com\/avatar\/9248ea2273711f1cd09d6bd45867dbfb?s=96&d=blank&r=g\",\"contentUrl\":\"https:\/\/secure.gravatar.com\/avatar\/9248ea2273711f1cd09d6bd45867dbfb?s=96&d=blank&r=g\",\"caption\":\"CMM\"},\"sameAs\":[\"http:\/\/cmm.imgw.pl\"],\"url\":\"https:\/\/cmm.imgw.pl\/?author=3\"}]}<\/script>\n<!-- \/ Yoast SEO plugin. -->","yoast_head_json":{"title":"Komentarz do numerycznych prognoz pogody (28\/29.04.2023) - Laboratorium Modelowania Meteorologicznego CMOK IMGW-PIB","description":"Komentarz do numerycznych prognoz pogody opracowany w Centrum Modelowania Meteorologicznego IMGW-PIB.","robots":{"index":"index","follow":"follow","max-snippet":"max-snippet:-1","max-image-preview":"max-image-preview:large","max-video-preview":"max-video-preview:-1"},"canonical":"https:\/\/cmm.imgw.pl\/?p=28085","og_locale":"pl_PL","og_type":"article","og_title":"Komentarz do numerycznych prognoz pogody (26\/27.04.2023)","og_description":"Komentarz do numerycznych prognoz pogody opracowany w Centrum Modelowania Meteorologicznego IMGW-PIB","og_url":"https:\/\/cmm.imgw.pl\/?p=28085","og_site_name":"Laboratorium Modelowania Meteorologicznego CMOK IMGW-PIB","article_publisher":"https:\/\/www.facebook.com\/Meteoimgw\/","article_published_time":"2023-04-28T04:28:41+00:00","article_modified_time":"2023-04-28T15:48:57+00:00","og_image":[{"width":1280,"height":720,"url":"http:\/\/cmm.imgw.pl\/wp-content\/uploads\/2023\/02\/komentarz4.png","type":"image\/png"}],"author":"CMM","twitter_card":"summary_large_image","twitter_title":"Komentarz do numerycznych prognoz pogody (26\/27.04.2023)","twitter_description":"Komentarz do numerycznych prognoz pogody opracowany w Centrum Modelowania Meteorologicznego IMGW-PIB","twitter_image":"https:\/\/cmm.imgw.pl\/wp-content\/uploads\/2023\/02\/komentarz4.png","twitter_creator":"@IMGW_CMM","twitter_site":"@IMGW_CMM","twitter_misc":{"Napisane przez":"CMM","Szacowany czas czytania":"26 minut"},"schema":{"@context":"https:\/\/schema.org","@graph":[{"@type":"Article","@id":"https:\/\/cmm.imgw.pl\/?p=28085#article","isPartOf":{"@id":"https:\/\/cmm.imgw.pl\/?p=28085"},"author":{"name":"CMM","@id":"https:\/\/cmm.imgw.pl\/#\/schema\/person\/a24a37fe434fe76b0f5791e6bd3fdb46"},"headline":"Komentarz do numerycznych prognoz pogody (28\/29.04.2023)","datePublished":"2023-04-28T04:28:41+00:00","dateModified":"2023-04-28T15:48:57+00:00","mainEntityOfPage":{"@id":"https:\/\/cmm.imgw.pl\/?p=28085"},"wordCount":1552,"publisher":{"@id":"https:\/\/cmm.imgw.pl\/#organization"},"keywords":["cmm","Cosmo","imgw","klimat","komentarz","komentarz pogodowy","meteorologia","NMP","NPP","pogoda","prognoza pogody","zima"],"articleSection":["Komentarz"],"inLanguage":"pl-PL"},{"@type":"WebPage","@id":"https:\/\/cmm.imgw.pl\/?p=28085","url":"https:\/\/cmm.imgw.pl\/?p=28085","name":"Komentarz do numerycznych prognoz pogody (28\/29.04.2023) - Laboratorium Modelowania Meteorologicznego CMOK IMGW-PIB","isPartOf":{"@id":"https:\/\/cmm.imgw.pl\/#website"},"datePublished":"2023-04-28T04:28:41+00:00","dateModified":"2023-04-28T15:48:57+00:00","description":"Komentarz do numerycznych prognoz pogody opracowany w Centrum Modelowania Meteorologicznego IMGW-PIB.","breadcrumb":{"@id":"https:\/\/cmm.imgw.pl\/?p=28085#breadcrumb"},"inLanguage":"pl-PL","potentialAction":[{"@type":"ReadAction","target":["https:\/\/cmm.imgw.pl\/?p=28085"]}]},{"@type":"BreadcrumbList","@id":"https:\/\/cmm.imgw.pl\/?p=28085#breadcrumb","itemListElement":[{"@type":"ListItem","position":1,"name":"Home","item":"https:\/\/cmm.imgw.pl\/"},{"@type":"ListItem","position":2,"name":"Komentarz do numerycznych prognoz pogody (28\/29.04.2023)"}]},{"@type":"WebSite","@id":"https:\/\/cmm.imgw.pl\/#website","url":"https:\/\/cmm.imgw.pl\/","name":"Laboratorium Modelowania Meteorologicznego CMOK IMGW-PIB","description":"CMOK-LMM Laboratorium pe\u0142ni pa\u0144stwow\u0105 s\u0142u\u017cb\u0119 hydrologiczno-meteorologiczn\u0105 w zakresie numerycznych prognoz pogody, kt\u00f3rego zadaniem jest konsolidacja kompetencji w obszarze modelowania zjawisk pogodowych oraz dalszego rozwoju numerycznych modeli pogody (NMP).","publisher":{"@id":"https:\/\/cmm.imgw.pl\/#organization"},"potentialAction":[{"@type":"SearchAction","target":{"@type":"EntryPoint","urlTemplate":"https:\/\/cmm.imgw.pl\/?s={search_term_string}"},"query-input":"required name=search_term_string"}],"inLanguage":"pl-PL"},{"@type":"Organization","@id":"https:\/\/cmm.imgw.pl\/#organization","name":"Laboratorium Modelowania Meteorologicznego CMOK IMGW-PIB","url":"https:\/\/cmm.imgw.pl\/","sameAs":["https:\/\/www.facebook.com\/Meteoimgw\/","https:\/\/twitter.com\/IMGW_CMM"],"logo":{"@type":"ImageObject","inLanguage":"pl-PL","@id":"https:\/\/cmm.imgw.pl\/#\/schema\/logo\/image\/","url":"https:\/\/cmm.imgw.pl\/wp-content\/uploads\/2025\/10\/MODELE_LOGO_UNIFIKACJA_v2.png","contentUrl":"https:\/\/cmm.imgw.pl\/wp-content\/uploads\/2025\/10\/MODELE_LOGO_UNIFIKACJA_v2.png","width":1356,"height":365,"caption":"Laboratorium Modelowania Meteorologicznego CMOK IMGW-PIB"},"image":{"@id":"https:\/\/cmm.imgw.pl\/#\/schema\/logo\/image\/"}},{"@type":"Person","@id":"https:\/\/cmm.imgw.pl\/#\/schema\/person\/a24a37fe434fe76b0f5791e6bd3fdb46","name":"CMM","image":{"@type":"ImageObject","inLanguage":"pl-PL","@id":"https:\/\/cmm.imgw.pl\/#\/schema\/person\/image\/","url":"https:\/\/secure.gravatar.com\/avatar\/9248ea2273711f1cd09d6bd45867dbfb?s=96&d=blank&r=g","contentUrl":"https:\/\/secure.gravatar.com\/avatar\/9248ea2273711f1cd09d6bd45867dbfb?s=96&d=blank&r=g","caption":"CMM"},"sameAs":["http:\/\/cmm.imgw.pl"],"url":"https:\/\/cmm.imgw.pl\/?author=3"}]}},"_links":{"self":[{"href":"https:\/\/cmm.imgw.pl\/index.php?rest_route=\/wp\/v2\/posts\/28085"}],"collection":[{"href":"https:\/\/cmm.imgw.pl\/index.php?rest_route=\/wp\/v2\/posts"}],"about":[{"href":"https:\/\/cmm.imgw.pl\/index.php?rest_route=\/wp\/v2\/types\/post"}],"author":[{"embeddable":true,"href":"https:\/\/cmm.imgw.pl\/index.php?rest_route=\/wp\/v2\/users\/3"}],"replies":[{"embeddable":true,"href":"https:\/\/cmm.imgw.pl\/index.php?rest_route=%2Fwp%2Fv2%2Fcomments&post=28085"}],"version-history":[{"count":6,"href":"https:\/\/cmm.imgw.pl\/index.php?rest_route=\/wp\/v2\/posts\/28085\/revisions"}],"predecessor-version":[{"id":28225,"href":"https:\/\/cmm.imgw.pl\/index.php?rest_route=\/wp\/v2\/posts\/28085\/revisions\/28225"}],"wp:attachment":[{"href":"https:\/\/cmm.imgw.pl\/index.php?rest_route=%2Fwp%2Fv2%2Fmedia&parent=28085"}],"wp:term":[{"taxonomy":"category","embeddable":true,"href":"https:\/\/cmm.imgw.pl\/index.php?rest_route=%2Fwp%2Fv2%2Fcategories&post=28085"},{"taxonomy":"post_tag","embeddable":true,"href":"https:\/\/cmm.imgw.pl\/index.php?rest_route=%2Fwp%2Fv2%2Ftags&post=28085"}],"curies":[{"name":"wp","href":"https:\/\/api.w.org\/{rel}","templated":true}]}}