{"id":27032,"date":"2023-04-21T21:15:13","date_gmt":"2023-04-21T19:15:13","guid":{"rendered":"https:\/\/cmm.imgw.pl\/?p=27032"},"modified":"2023-04-21T21:15:16","modified_gmt":"2023-04-21T19:15:16","slug":"dzien-ziemi-22-04-2023-2","status":"publish","type":"post","link":"https:\/\/cmm.imgw.pl\/?p=27032","title":{"rendered":"Dzie\u0144 Ziemi 22.04.2023"},"content":{"rendered":"\n<h4 class=\"wp-block-heading\">Tegoroczna edycja odbywa si\u0119 pod has\u0142em \u201eZiemia na kraw\u0119dzi\u201d.<\/h4>\n\n\n\n<figure class=\"wp-block-image size-large\"><img loading=\"lazy\" width=\"1024\" height=\"576\" src=\"https:\/\/cmm.imgw.pl\/wp-content\/uploads\/2023\/04\/Dzien_Ziemi-1-1024x576.png\" alt=\"\" class=\"wp-image-27043\" srcset=\"https:\/\/cmm.imgw.pl\/wp-content\/uploads\/2023\/04\/Dzien_Ziemi-1-1024x576.png 1024w, https:\/\/cmm.imgw.pl\/wp-content\/uploads\/2023\/04\/Dzien_Ziemi-1-300x169.png 300w, https:\/\/cmm.imgw.pl\/wp-content\/uploads\/2023\/04\/Dzien_Ziemi-1-768x432.png 768w, https:\/\/cmm.imgw.pl\/wp-content\/uploads\/2023\/04\/Dzien_Ziemi-1-800x450.png 800w, https:\/\/cmm.imgw.pl\/wp-content\/uploads\/2023\/04\/Dzien_Ziemi-1.png 1280w\" sizes=\"(max-width: 1024px) 100vw, 1024px\" \/><\/figure>\n\n\n\n<p><\/p>\n\n\n\n<p>Dzie\u0144 Ziemi to coroczne \u015bwi\u0119to obchodzone 22 kwietnia, kt\u00f3rego celem jest promowanie \u015bwiadomo\u015bci ekologicznej oraz podejmowanie dzia\u0142a\u0144 na rzecz ochrony \u015brodowiska. Pierwsze obchody \u015awiatowego Dnia Ziemi zosta\u0142y og\u0142oszone 21 marca 1970 przez burmistrza San Francisco, Josepha Alioto. Miesi\u0105c p\u00f3\u017aniej, ameryka\u0144ski senator Gaylord Nelson postanowi\u0142 wykorzysta\u0107 rosn\u0105c\u0105 \u015bwiadomo\u015b\u0107 spo\u0142eczn\u0105 w kwestii ochrony \u015brodowiska naturalnego do zwr\u00f3cenia uwagi na potrzeb\u0119 dzia\u0142a\u0144 na rzecz ochrony \u015brodowiska. Na konferencji w Seattle zaproponowa\u0142 og\u00f3lnonarodow\u0105 demonstracj\u0119 sprzeciwiaj\u0105c\u0105 si\u0119 niszczeniu \u015brodowiska naturalnego i poparcia dla powstaj\u0105cych ruch\u00f3w ekologicznych.<\/p>\n\n\n\n<p>Od tamtego czasu Dzie\u0144 Ziemi sta\u0142 si\u0119 globalnym wydarzeniem, kt\u00f3re skupia uwag\u0119 na problemach zwi\u0105zanych z ochron\u0105 \u015brodowiska, a tak\u017ce zach\u0119ca do podejmowania dzia\u0142a\u0144 na rzecz poprawy stanu naszej planety. Wiele kraj\u00f3w na ca\u0142ym \u015bwiecie organizuje r\u00f3\u017cnego rodzaju wydarzenia, akcje i kampanie spo\u0142eczne, kt\u00f3rych celem jest promowanie idei zr\u00f3wnowa\u017conego rozwoju i ekologicznego stylu \u017cycia.<\/p>\n\n\n\n<p>Wsp\u00f3\u0142czesny \u015bwiat staje w obliczu wielu wyzwa\u0144 zwi\u0105zanych z ochron\u0105 \u015brodowiska. Zanieczyszczenie powietrza i wody, wylesianie, zmiana klimatu, odpady i wiele innych problem\u00f3w zagra\u017caj\u0105 nam samym i naszej planecie. Dlatego te\u017c Dzie\u0144 Ziemi jest tak wa\u017cnym wydarzeniem, poniewa\u017c pozwala na zwr\u00f3cenie uwagi na te problemy i zach\u0119ca do podejmowania dzia\u0142a\u0144 na ich rzecz.<\/p>\n\n\n\n<p>Istnieje wiele sposob\u00f3w, w jakie ka\u017cdy z nas mo\u017ce przyczyni\u0107 si\u0119 do ochrony \u015brodowiska. Mo\u017cemy zmniejszy\u0107 nasz\u0105 emisj\u0119 gaz\u00f3w cieplarnianych poprzez korzystanie z transportu publicznego, je\u017cd\u017cenie na rowerze, chodzenie pieszo, ograniczenie zu\u017cycia energii i wody, a tak\u017ce poprzez segregowanie odpad\u00f3w i ich recykling. Mo\u017cemy r\u00f3wnie\u017c zach\u0119ca\u0107 do zr\u00f3wnowa\u017conego stylu \u017cycia poprzez promowanie ekologicznych produkt\u00f3w i us\u0142ug, a tak\u017ce poprzez wspieranie firm i organizacji, kt\u00f3re dzia\u0142aj\u0105 na rzecz ochrony \u015brodowiska.<\/p>\n\n\n\n<p>Dzie\u0144 Ziemi przypomina nam, \u017ce nasza planeta jest naszym domem i \u017ce ka\u017cdy z nas ma wp\u0142yw na jej przysz\u0142o\u015b\u0107. Poprzez podejmowanie dzia\u0142a\u0144 na rzecz ochrony \u015brodowiska, mo\u017cemy przyczyni\u0107 si\u0119 do stworzenia lepszego \u015bwiata dla nas i dla przysz\u0142ych pokole\u0144. Dlatego te\u017c warto po\u015bwi\u0119ci\u0107 troch\u0119 czasu i energii na zastanowienie si\u0119 nad tym, jakie kroki mo\u017cemy podj\u0105\u0107, aby uratowa\u0107 nasz\u0105 cywilizacj\u0119 i nasz\u0105 planet\u0119.<\/p>\n\n\n\n<p><\/p>\n\n\n<div class=\"oceanwp-oembed-wrap clr\">\n<blockquote class=\"wp-embedded-content\" data-secret=\"loAuO3W8YO\"><p><a href=\"https:\/\/cmm.imgw.pl\/?p=27019\">Dzie\u0144 Ziemi 22.04.2023<\/a><\/p><\/blockquote>\n<p><iframe class=\"wp-embedded-content\" sandbox=\"allow-scripts\" security=\"restricted\" style=\"position: absolute; clip: rect(1px, 1px, 1px, 1px);\" title=\"&#8222;Dzie\u0144 Ziemi 22.04.2023&#8221; &#8212; Centrum Modelowania Meteorologicznego IMGW-PIB\" src=\"https:\/\/cmm.imgw.pl\/?p=27019&#038;embed=true#?secret=g8uRFZf0rl#?secret=loAuO3W8YO\" data-secret=\"loAuO3W8YO\" width=\"600\" height=\"338\" frameborder=\"0\" marginwidth=\"0\" marginheight=\"0\" scrolling=\"no\"><\/iframe><\/div>\n","protected":false},"excerpt":{"rendered":"<p>Tegoroczna edycja odbywa si\u0119 pod has\u0142em \u201eZiemia na kraw\u0119dzi\u201d. Dzie\u0144 Ziemi to coroczne \u015bwi\u0119to obchodzone 22 kwietnia, kt\u00f3rego celem jest promowanie \u015bwiadomo\u015bci ekologicznej oraz podejmowanie dzia\u0142a\u0144 na rzecz ochrony \u015brodowiska. Pierwsze obchody \u015awiatowego Dnia Ziemi zosta\u0142y og\u0142oszone 21 marca 1970 przez burmistrza San Francisco, Josepha Alioto. Miesi\u0105c p\u00f3\u017aniej, ameryka\u0144ski senator Gaylord Nelson postanowi\u0142 wykorzysta\u0107 rosn\u0105c\u0105 [&hellip;]<\/p>\n","protected":false},"author":3,"featured_media":0,"comment_status":"open","ping_status":"open","sticky":false,"template":"","format":"standard","meta":{"ocean_post_layout":"","ocean_both_sidebars_style":"","ocean_both_sidebars_content_width":0,"ocean_both_sidebars_sidebars_width":0,"ocean_sidebar":"","ocean_second_sidebar":"","ocean_disable_margins":"enable","ocean_add_body_class":"","ocean_shortcode_before_top_bar":"","ocean_shortcode_after_top_bar":"","ocean_shortcode_before_header":"","ocean_shortcode_after_header":"","ocean_has_shortcode":"","ocean_shortcode_after_title":"","ocean_shortcode_before_footer_widgets":"","ocean_shortcode_after_footer_widgets":"","ocean_shortcode_before_footer_bottom":"","ocean_shortcode_after_footer_bottom":"","ocean_display_top_bar":"default","ocean_display_header":"default","ocean_header_style":"","ocean_center_header_left_menu":"","ocean_custom_header_template":"","ocean_custom_logo":0,"ocean_custom_retina_logo":0,"ocean_custom_logo_max_width":0,"ocean_custom_logo_tablet_max_width":0,"ocean_custom_logo_mobile_max_width":0,"ocean_custom_logo_max_height":0,"ocean_custom_logo_tablet_max_height":0,"ocean_custom_logo_mobile_max_height":0,"ocean_header_custom_menu":"","ocean_menu_typo_font_family":"","ocean_menu_typo_font_subset":"","ocean_menu_typo_font_size":0,"ocean_menu_typo_font_size_tablet":0,"ocean_menu_typo_font_size_mobile":0,"ocean_menu_typo_font_size_unit":"px","ocean_menu_typo_font_weight":"","ocean_menu_typo_font_weight_tablet":"","ocean_menu_typo_font_weight_mobile":"","ocean_menu_typo_transform":"","ocean_menu_typo_transform_tablet":"","ocean_menu_typo_transform_mobile":"","ocean_menu_typo_line_height":0,"ocean_menu_typo_line_height_tablet":0,"ocean_menu_typo_line_height_mobile":0,"ocean_menu_typo_line_height_unit":"","ocean_menu_typo_spacing":0,"ocean_menu_typo_spacing_tablet":0,"ocean_menu_typo_spacing_mobile":0,"ocean_menu_typo_spacing_unit":"","ocean_menu_link_color":"","ocean_menu_link_color_hover":"","ocean_menu_link_color_active":"","ocean_menu_link_background":"","ocean_menu_link_hover_background":"","ocean_menu_link_active_background":"","ocean_menu_social_links_bg":"","ocean_menu_social_hover_links_bg":"","ocean_menu_social_links_color":"","ocean_menu_social_hover_links_color":"","ocean_disable_title":"default","ocean_disable_heading":"default","ocean_post_title":"","ocean_post_subheading":"","ocean_post_title_style":"","ocean_post_title_background_color":"","ocean_post_title_background":0,"ocean_post_title_bg_image_position":"","ocean_post_title_bg_image_attachment":"","ocean_post_title_bg_image_repeat":"","ocean_post_title_bg_image_size":"","ocean_post_title_height":0,"ocean_post_title_bg_overlay":0.5,"ocean_post_title_bg_overlay_color":"","ocean_disable_breadcrumbs":"default","ocean_breadcrumbs_color":"","ocean_breadcrumbs_separator_color":"","ocean_breadcrumbs_links_color":"","ocean_breadcrumbs_links_hover_color":"","ocean_display_footer_widgets":"default","ocean_display_footer_bottom":"default","ocean_custom_footer_template":"","ocean_post_oembed":"","ocean_post_self_hosted_media":"","ocean_post_video_embed":"","ocean_link_format":"","ocean_link_format_target":"self","ocean_quote_format":"","ocean_quote_format_link":"post","ocean_gallery_link_images":"off","ocean_gallery_id":[]},"categories":[137,93],"tags":[],"yoast_head":"<!-- This site is optimized with the Yoast SEO plugin v19.5.1 - https:\/\/yoast.com\/wordpress\/plugins\/seo\/ -->\n<title>Dzie\u0144 Ziemi 22.04.2023 - Laboratorium Modelowania Meteorologicznego CMOK IMGW-PIB<\/title>\n<meta name=\"description\" content=\"Dzie\u0144 Ziemi to coroczne \u015bwi\u0119to obchodzone 22 kwietnia, kt\u00f3rego celem jest promowanie \u015bwiadomo\u015bci ekologicznej oraz podejmowanie dzia\u0142a\u0144 na rzecz ochrony \u015brodowiska.\" \/>\n<meta name=\"robots\" content=\"index, follow, max-snippet:-1, max-image-preview:large, max-video-preview:-1\" \/>\n<link rel=\"canonical\" href=\"https:\/\/cmm.imgw.pl\/?p=27032\" \/>\n<meta property=\"og:locale\" content=\"pl_PL\" \/>\n<meta property=\"og:type\" content=\"article\" \/>\n<meta property=\"og:title\" content=\"Dzie\u0144 Ziemi 22.04.2023\" \/>\n<meta property=\"og:description\" content=\"Dzie\u0144 Ziemi to coroczne \u015bwi\u0119to obchodzone 22 kwietnia, kt\u00f3rego celem jest promowanie \u015bwiadomo\u015bci ekologicznej oraz podejmowanie dzia\u0142a\u0144 na rzecz ochrony \u015brodowiska.\" \/>\n<meta property=\"og:url\" content=\"https:\/\/cmm.imgw.pl\/?p=27032\" \/>\n<meta property=\"og:site_name\" content=\"Laboratorium Modelowania Meteorologicznego CMOK IMGW-PIB\" \/>\n<meta property=\"article:publisher\" content=\"https:\/\/www.facebook.com\/Meteoimgw\/\" \/>\n<meta property=\"article:published_time\" content=\"2023-04-21T19:15:13+00:00\" \/>\n<meta property=\"article:modified_time\" content=\"2023-04-21T19:15:16+00:00\" \/>\n<meta property=\"og:image\" content=\"http:\/\/cmm.imgw.pl\/wp-content\/uploads\/2023\/04\/Dzien_Ziemi-1.png\" \/>\n\t<meta property=\"og:image:width\" content=\"1280\" \/>\n\t<meta property=\"og:image:height\" content=\"720\" \/>\n\t<meta property=\"og:image:type\" content=\"image\/png\" \/>\n<meta name=\"author\" content=\"CMM\" \/>\n<meta name=\"twitter:card\" content=\"summary_large_image\" \/>\n<meta name=\"twitter:title\" content=\"Dzie\u0144 Ziemi 22.04.2023\" \/>\n<meta name=\"twitter:description\" content=\"Dzie\u0144 Ziemi to coroczne \u015bwi\u0119to obchodzone 22 kwietnia, kt\u00f3rego celem jest promowanie \u015bwiadomo\u015bci ekologicznej oraz podejmowanie dzia\u0142a\u0144 na rzecz ochrony \u015brodowiska.\" \/>\n<meta name=\"twitter:image\" content=\"https:\/\/cmm.imgw.pl\/wp-content\/uploads\/2023\/04\/Dzien_Ziemi-1.png\" \/>\n<meta name=\"twitter:creator\" content=\"@IMGW_CMM\" \/>\n<meta name=\"twitter:site\" content=\"@IMGW_CMM\" \/>\n<meta name=\"twitter:label1\" content=\"Napisane przez\" \/>\n\t<meta name=\"twitter:data1\" content=\"CMM\" \/>\n\t<meta name=\"twitter:label2\" content=\"Szacowany czas czytania\" \/>\n\t<meta name=\"twitter:data2\" content=\"2 minuty\" \/>\n<script type=\"application\/ld+json\" class=\"yoast-schema-graph\">{\"@context\":\"https:\/\/schema.org\",\"@graph\":[{\"@type\":\"Article\",\"@id\":\"https:\/\/cmm.imgw.pl\/?p=27032#article\",\"isPartOf\":{\"@id\":\"https:\/\/cmm.imgw.pl\/?p=27032\"},\"author\":{\"name\":\"CMM\",\"@id\":\"https:\/\/cmm.imgw.pl\/#\/schema\/person\/a24a37fe434fe76b0f5791e6bd3fdb46\"},\"headline\":\"Dzie\u0144 Ziemi 22.04.2023\",\"datePublished\":\"2023-04-21T19:15:13+00:00\",\"dateModified\":\"2023-04-21T19:15:16+00:00\",\"mainEntityOfPage\":{\"@id\":\"https:\/\/cmm.imgw.pl\/?p=27032\"},\"wordCount\":402,\"commentCount\":0,\"publisher\":{\"@id\":\"https:\/\/cmm.imgw.pl\/#organization\"},\"articleSection\":[\"Info\",\"Komentarz\"],\"inLanguage\":\"pl-PL\",\"potentialAction\":[{\"@type\":\"CommentAction\",\"name\":\"Comment\",\"target\":[\"https:\/\/cmm.imgw.pl\/?p=27032#respond\"]}]},{\"@type\":\"WebPage\",\"@id\":\"https:\/\/cmm.imgw.pl\/?p=27032\",\"url\":\"https:\/\/cmm.imgw.pl\/?p=27032\",\"name\":\"Dzie\u0144 Ziemi 22.04.2023 - Laboratorium Modelowania Meteorologicznego CMOK IMGW-PIB\",\"isPartOf\":{\"@id\":\"https:\/\/cmm.imgw.pl\/#website\"},\"datePublished\":\"2023-04-21T19:15:13+00:00\",\"dateModified\":\"2023-04-21T19:15:16+00:00\",\"description\":\"Dzie\u0144 Ziemi to coroczne \u015bwi\u0119to obchodzone 22 kwietnia, kt\u00f3rego celem jest promowanie \u015bwiadomo\u015bci ekologicznej oraz podejmowanie dzia\u0142a\u0144 na rzecz ochrony \u015brodowiska.\",\"breadcrumb\":{\"@id\":\"https:\/\/cmm.imgw.pl\/?p=27032#breadcrumb\"},\"inLanguage\":\"pl-PL\",\"potentialAction\":[{\"@type\":\"ReadAction\",\"target\":[\"https:\/\/cmm.imgw.pl\/?p=27032\"]}]},{\"@type\":\"BreadcrumbList\",\"@id\":\"https:\/\/cmm.imgw.pl\/?p=27032#breadcrumb\",\"itemListElement\":[{\"@type\":\"ListItem\",\"position\":1,\"name\":\"Home\",\"item\":\"https:\/\/cmm.imgw.pl\/\"},{\"@type\":\"ListItem\",\"position\":2,\"name\":\"Dzie\u0144 Ziemi 22.04.2023\"}]},{\"@type\":\"WebSite\",\"@id\":\"https:\/\/cmm.imgw.pl\/#website\",\"url\":\"https:\/\/cmm.imgw.pl\/\",\"name\":\"Laboratorium Modelowania Meteorologicznego CMOK IMGW-PIB\",\"description\":\"CMOK-LMM Laboratorium pe\u0142ni pa\u0144stwow\u0105 s\u0142u\u017cb\u0119 hydrologiczno-meteorologiczn\u0105 w zakresie numerycznych prognoz pogody, kt\u00f3rego zadaniem jest konsolidacja kompetencji w obszarze modelowania zjawisk pogodowych oraz dalszego rozwoju numerycznych modeli pogody (NMP).\",\"publisher\":{\"@id\":\"https:\/\/cmm.imgw.pl\/#organization\"},\"potentialAction\":[{\"@type\":\"SearchAction\",\"target\":{\"@type\":\"EntryPoint\",\"urlTemplate\":\"https:\/\/cmm.imgw.pl\/?s={search_term_string}\"},\"query-input\":\"required name=search_term_string\"}],\"inLanguage\":\"pl-PL\"},{\"@type\":\"Organization\",\"@id\":\"https:\/\/cmm.imgw.pl\/#organization\",\"name\":\"Laboratorium Modelowania Meteorologicznego CMOK IMGW-PIB\",\"url\":\"https:\/\/cmm.imgw.pl\/\",\"sameAs\":[\"https:\/\/www.facebook.com\/Meteoimgw\/\",\"https:\/\/twitter.com\/IMGW_CMM\"],\"logo\":{\"@type\":\"ImageObject\",\"inLanguage\":\"pl-PL\",\"@id\":\"https:\/\/cmm.imgw.pl\/#\/schema\/logo\/image\/\",\"url\":\"https:\/\/cmm.imgw.pl\/wp-content\/uploads\/2025\/10\/MODELE_LOGO_UNIFIKACJA_v2.png\",\"contentUrl\":\"https:\/\/cmm.imgw.pl\/wp-content\/uploads\/2025\/10\/MODELE_LOGO_UNIFIKACJA_v2.png\",\"width\":1356,\"height\":365,\"caption\":\"Laboratorium Modelowania Meteorologicznego CMOK IMGW-PIB\"},\"image\":{\"@id\":\"https:\/\/cmm.imgw.pl\/#\/schema\/logo\/image\/\"}},{\"@type\":\"Person\",\"@id\":\"https:\/\/cmm.imgw.pl\/#\/schema\/person\/a24a37fe434fe76b0f5791e6bd3fdb46\",\"name\":\"CMM\",\"image\":{\"@type\":\"ImageObject\",\"inLanguage\":\"pl-PL\",\"@id\":\"https:\/\/cmm.imgw.pl\/#\/schema\/person\/image\/\",\"url\":\"https:\/\/secure.gravatar.com\/avatar\/9248ea2273711f1cd09d6bd45867dbfb?s=96&d=blank&r=g\",\"contentUrl\":\"https:\/\/secure.gravatar.com\/avatar\/9248ea2273711f1cd09d6bd45867dbfb?s=96&d=blank&r=g\",\"caption\":\"CMM\"},\"sameAs\":[\"http:\/\/cmm.imgw.pl\"],\"url\":\"https:\/\/cmm.imgw.pl\/?author=3\"}]}<\/script>\n<!-- \/ Yoast SEO plugin. -->","yoast_head_json":{"title":"Dzie\u0144 Ziemi 22.04.2023 - Laboratorium Modelowania Meteorologicznego CMOK IMGW-PIB","description":"Dzie\u0144 Ziemi to coroczne \u015bwi\u0119to obchodzone 22 kwietnia, kt\u00f3rego celem jest promowanie \u015bwiadomo\u015bci ekologicznej oraz podejmowanie dzia\u0142a\u0144 na rzecz ochrony \u015brodowiska.","robots":{"index":"index","follow":"follow","max-snippet":"max-snippet:-1","max-image-preview":"max-image-preview:large","max-video-preview":"max-video-preview:-1"},"canonical":"https:\/\/cmm.imgw.pl\/?p=27032","og_locale":"pl_PL","og_type":"article","og_title":"Dzie\u0144 Ziemi 22.04.2023","og_description":"Dzie\u0144 Ziemi to coroczne \u015bwi\u0119to obchodzone 22 kwietnia, kt\u00f3rego celem jest promowanie \u015bwiadomo\u015bci ekologicznej oraz podejmowanie dzia\u0142a\u0144 na rzecz ochrony \u015brodowiska.","og_url":"https:\/\/cmm.imgw.pl\/?p=27032","og_site_name":"Laboratorium Modelowania Meteorologicznego CMOK IMGW-PIB","article_publisher":"https:\/\/www.facebook.com\/Meteoimgw\/","article_published_time":"2023-04-21T19:15:13+00:00","article_modified_time":"2023-04-21T19:15:16+00:00","og_image":[{"width":1280,"height":720,"url":"http:\/\/cmm.imgw.pl\/wp-content\/uploads\/2023\/04\/Dzien_Ziemi-1.png","type":"image\/png"}],"author":"CMM","twitter_card":"summary_large_image","twitter_title":"Dzie\u0144 Ziemi 22.04.2023","twitter_description":"Dzie\u0144 Ziemi to coroczne \u015bwi\u0119to obchodzone 22 kwietnia, kt\u00f3rego celem jest promowanie \u015bwiadomo\u015bci ekologicznej oraz podejmowanie dzia\u0142a\u0144 na rzecz ochrony \u015brodowiska.","twitter_image":"https:\/\/cmm.imgw.pl\/wp-content\/uploads\/2023\/04\/Dzien_Ziemi-1.png","twitter_creator":"@IMGW_CMM","twitter_site":"@IMGW_CMM","twitter_misc":{"Napisane przez":"CMM","Szacowany czas czytania":"2 minuty"},"schema":{"@context":"https:\/\/schema.org","@graph":[{"@type":"Article","@id":"https:\/\/cmm.imgw.pl\/?p=27032#article","isPartOf":{"@id":"https:\/\/cmm.imgw.pl\/?p=27032"},"author":{"name":"CMM","@id":"https:\/\/cmm.imgw.pl\/#\/schema\/person\/a24a37fe434fe76b0f5791e6bd3fdb46"},"headline":"Dzie\u0144 Ziemi 22.04.2023","datePublished":"2023-04-21T19:15:13+00:00","dateModified":"2023-04-21T19:15:16+00:00","mainEntityOfPage":{"@id":"https:\/\/cmm.imgw.pl\/?p=27032"},"wordCount":402,"commentCount":0,"publisher":{"@id":"https:\/\/cmm.imgw.pl\/#organization"},"articleSection":["Info","Komentarz"],"inLanguage":"pl-PL","potentialAction":[{"@type":"CommentAction","name":"Comment","target":["https:\/\/cmm.imgw.pl\/?p=27032#respond"]}]},{"@type":"WebPage","@id":"https:\/\/cmm.imgw.pl\/?p=27032","url":"https:\/\/cmm.imgw.pl\/?p=27032","name":"Dzie\u0144 Ziemi 22.04.2023 - Laboratorium Modelowania Meteorologicznego CMOK IMGW-PIB","isPartOf":{"@id":"https:\/\/cmm.imgw.pl\/#website"},"datePublished":"2023-04-21T19:15:13+00:00","dateModified":"2023-04-21T19:15:16+00:00","description":"Dzie\u0144 Ziemi to coroczne \u015bwi\u0119to obchodzone 22 kwietnia, kt\u00f3rego celem jest promowanie \u015bwiadomo\u015bci ekologicznej oraz podejmowanie dzia\u0142a\u0144 na rzecz ochrony \u015brodowiska.","breadcrumb":{"@id":"https:\/\/cmm.imgw.pl\/?p=27032#breadcrumb"},"inLanguage":"pl-PL","potentialAction":[{"@type":"ReadAction","target":["https:\/\/cmm.imgw.pl\/?p=27032"]}]},{"@type":"BreadcrumbList","@id":"https:\/\/cmm.imgw.pl\/?p=27032#breadcrumb","itemListElement":[{"@type":"ListItem","position":1,"name":"Home","item":"https:\/\/cmm.imgw.pl\/"},{"@type":"ListItem","position":2,"name":"Dzie\u0144 Ziemi 22.04.2023"}]},{"@type":"WebSite","@id":"https:\/\/cmm.imgw.pl\/#website","url":"https:\/\/cmm.imgw.pl\/","name":"Laboratorium Modelowania Meteorologicznego CMOK IMGW-PIB","description":"CMOK-LMM Laboratorium pe\u0142ni pa\u0144stwow\u0105 s\u0142u\u017cb\u0119 hydrologiczno-meteorologiczn\u0105 w zakresie numerycznych prognoz pogody, kt\u00f3rego zadaniem jest konsolidacja kompetencji w obszarze modelowania zjawisk pogodowych oraz dalszego rozwoju numerycznych modeli pogody (NMP).","publisher":{"@id":"https:\/\/cmm.imgw.pl\/#organization"},"potentialAction":[{"@type":"SearchAction","target":{"@type":"EntryPoint","urlTemplate":"https:\/\/cmm.imgw.pl\/?s={search_term_string}"},"query-input":"required name=search_term_string"}],"inLanguage":"pl-PL"},{"@type":"Organization","@id":"https:\/\/cmm.imgw.pl\/#organization","name":"Laboratorium Modelowania Meteorologicznego CMOK IMGW-PIB","url":"https:\/\/cmm.imgw.pl\/","sameAs":["https:\/\/www.facebook.com\/Meteoimgw\/","https:\/\/twitter.com\/IMGW_CMM"],"logo":{"@type":"ImageObject","inLanguage":"pl-PL","@id":"https:\/\/cmm.imgw.pl\/#\/schema\/logo\/image\/","url":"https:\/\/cmm.imgw.pl\/wp-content\/uploads\/2025\/10\/MODELE_LOGO_UNIFIKACJA_v2.png","contentUrl":"https:\/\/cmm.imgw.pl\/wp-content\/uploads\/2025\/10\/MODELE_LOGO_UNIFIKACJA_v2.png","width":1356,"height":365,"caption":"Laboratorium Modelowania Meteorologicznego CMOK IMGW-PIB"},"image":{"@id":"https:\/\/cmm.imgw.pl\/#\/schema\/logo\/image\/"}},{"@type":"Person","@id":"https:\/\/cmm.imgw.pl\/#\/schema\/person\/a24a37fe434fe76b0f5791e6bd3fdb46","name":"CMM","image":{"@type":"ImageObject","inLanguage":"pl-PL","@id":"https:\/\/cmm.imgw.pl\/#\/schema\/person\/image\/","url":"https:\/\/secure.gravatar.com\/avatar\/9248ea2273711f1cd09d6bd45867dbfb?s=96&d=blank&r=g","contentUrl":"https:\/\/secure.gravatar.com\/avatar\/9248ea2273711f1cd09d6bd45867dbfb?s=96&d=blank&r=g","caption":"CMM"},"sameAs":["http:\/\/cmm.imgw.pl"],"url":"https:\/\/cmm.imgw.pl\/?author=3"}]}},"_links":{"self":[{"href":"https:\/\/cmm.imgw.pl\/index.php?rest_route=\/wp\/v2\/posts\/27032"}],"collection":[{"href":"https:\/\/cmm.imgw.pl\/index.php?rest_route=\/wp\/v2\/posts"}],"about":[{"href":"https:\/\/cmm.imgw.pl\/index.php?rest_route=\/wp\/v2\/types\/post"}],"author":[{"embeddable":true,"href":"https:\/\/cmm.imgw.pl\/index.php?rest_route=\/wp\/v2\/users\/3"}],"replies":[{"embeddable":true,"href":"https:\/\/cmm.imgw.pl\/index.php?rest_route=%2Fwp%2Fv2%2Fcomments&post=27032"}],"version-history":[{"count":6,"href":"https:\/\/cmm.imgw.pl\/index.php?rest_route=\/wp\/v2\/posts\/27032\/revisions"}],"predecessor-version":[{"id":27234,"href":"https:\/\/cmm.imgw.pl\/index.php?rest_route=\/wp\/v2\/posts\/27032\/revisions\/27234"}],"wp:attachment":[{"href":"https:\/\/cmm.imgw.pl\/index.php?rest_route=%2Fwp%2Fv2%2Fmedia&parent=27032"}],"wp:term":[{"taxonomy":"category","embeddable":true,"href":"https:\/\/cmm.imgw.pl\/index.php?rest_route=%2Fwp%2Fv2%2Fcategories&post=27032"},{"taxonomy":"post_tag","embeddable":true,"href":"https:\/\/cmm.imgw.pl\/index.php?rest_route=%2Fwp%2Fv2%2Ftags&post=27032"}],"curies":[{"name":"wp","href":"https:\/\/api.w.org\/{rel}","templated":true}]}}