{"id":26649,"date":"2023-04-18T07:40:11","date_gmt":"2023-04-18T05:40:11","guid":{"rendered":"https:\/\/cmm.imgw.pl\/?p=26649"},"modified":"2023-04-18T10:45:50","modified_gmt":"2023-04-18T08:45:50","slug":"komentarz-do-numerycznych-prognoz-pogody-18-19-04-2023","status":"publish","type":"post","link":"https:\/\/cmm.imgw.pl\/?p=26649","title":{"rendered":"Komentarz do numerycznych prognoz pogody (18\/19.04.2023)"},"content":{"rendered":"\n<figure class=\"wp-block-image size-large\"><img loading=\"lazy\" width=\"1024\" height=\"576\" src=\"https:\/\/cmm.imgw.pl\/wp-content\/uploads\/2023\/03\/komentarz4-1-1024x576.png\" alt=\"\" class=\"wp-image-23617\" srcset=\"https:\/\/cmm.imgw.pl\/wp-content\/uploads\/2023\/03\/komentarz4-1-1024x576.png 1024w, https:\/\/cmm.imgw.pl\/wp-content\/uploads\/2023\/03\/komentarz4-1-300x169.png 300w, https:\/\/cmm.imgw.pl\/wp-content\/uploads\/2023\/03\/komentarz4-1-768x432.png 768w, https:\/\/cmm.imgw.pl\/wp-content\/uploads\/2023\/03\/komentarz4-1-800x450.png 800w, https:\/\/cmm.imgw.pl\/wp-content\/uploads\/2023\/03\/komentarz4-1.png 1280w\" sizes=\"(max-width: 1024px) 100vw, 1024px\" \/><\/figure>\n\n\n\n<p><em>Tre\u015b\u0107 komentarza do numerycznych prognoz meteorologicznych stanowi niezale\u017cne od biura prognoz meteorologicznych opracowanie wykonane w Centrum Modelowania Meteorologicznego i nie stanowi oficjalnej prognozy synoptycznej IMGW-PIB.<\/em><\/p>\n\n\n\n<p><strong>Opracowanie:<\/strong><\/p>\n\n\n\n<p><strong>dr&nbsp;Grzegorz&nbsp;Duniec, <a href=\"https:\/\/cmm.imgw.pl\/\" target=\"_blank\" rel=\"noreferrer noopener\"><mark style=\"background-color:rgba(0, 0, 0, 0)\" class=\"has-inline-color has-vivid-cyan-blue-color\">Centrum Modelowania Meteorologicznego IMGW-PIB<\/mark><\/a><\/strong><\/p>\n\n\n<p><strong>Dzie\u0144 18 i noc 18\/19 IV 2023 r.<\/strong><\/p>\n<p><strong>Opis sytuacji synoptycznej w Europie z godziny 18 UTC, 17 IV 2023 roku<\/strong><\/p>\n<p><img loading=\"lazy\" width=\"680\" height=\"483\" class=\"wp-image-26650 aligncenter\" src=\"http:\/\/cmm.imgw.pl\/wp-content\/uploads\/2023\/04\/word-image-26649-1.png\" srcset=\"https:\/\/cmm.imgw.pl\/wp-content\/uploads\/2023\/04\/word-image-26649-1.png 680w, https:\/\/cmm.imgw.pl\/wp-content\/uploads\/2023\/04\/word-image-26649-1-300x213.png 300w\" sizes=\"(max-width: 680px) 100vw, 680px\" \/> <img loading=\"lazy\" width=\"1071\" height=\"759\" class=\"wp-image-26651 aligncenter\" src=\"http:\/\/cmm.imgw.pl\/wp-content\/uploads\/2023\/04\/word-image-26649-2.gif\" \/><\/p>\n<p>Nad Skandynawi\u0105 zalega uk\u0142ad wysokiego ci\u015bnienia z centrum 1037,2 hPa nad Norwegi\u0105, wy\u017c si\u0119 umocni\u0142 si\u0119. Nad Ba\u0142kanami zalega p\u0142ytki ni\u017c z centrum 1009,5 hPa nad Bu\u0142gari\u0105. Nad Majork\u0105 zalega uk\u0142ad wysokiego ci\u015bnienia z centrum 1015,2 hPa. Wy\u017c znad p\u00f3\u0142nocno wschodniej Europy przemie\u015bci\u0142 si\u0119 w g\u0142\u0105b Rosji. Na granicy Morza Norweskiego i Grenlandzkiego znajduje si\u0119 uk\u0142ad niskiego ci\u015bnienia z rozleg\u0142\u0105 zatok\u0105 nad Atlantykiem w kt\u00f3rej zalega pofalowany front atmosferyczny. Na po\u0142udniowy zach\u00f3d od Islandii zalega kolejny uk\u0142ad niskiego ci\u015bnienia z centrum 985 hPa. W p\u00f3\u0142nocno zachodniej Rosji zalega p\u0142ytki uk\u0142ad niskiego ci\u015bnienia z centrum 1023,7 hPa. Wed\u0142ug MetOffice nad po\u0142udniowo wschodni\u0105 Polsk\u0105 zalega pofalowany front okluzji. Obszar p\u00f3\u0142nocno zachodniej Polski r\u00f3wnie\u017c zalega front okluzji.<\/p>\n<p><img loading=\"lazy\" width=\"813\" height=\"765\" class=\"wp-image-26652 aligncenter\" src=\"http:\/\/cmm.imgw.pl\/wp-content\/uploads\/2023\/04\/word-image-26649-3.jpeg\" srcset=\"https:\/\/cmm.imgw.pl\/wp-content\/uploads\/2023\/04\/word-image-26649-3.jpeg 813w, https:\/\/cmm.imgw.pl\/wp-content\/uploads\/2023\/04\/word-image-26649-3-300x282.jpeg 300w, https:\/\/cmm.imgw.pl\/wp-content\/uploads\/2023\/04\/word-image-26649-3-768x723.jpeg 768w\" sizes=\"(max-width: 813px) 100vw, 813px\" \/><\/p>\n<p>Zgodnie z prognoz\u0105 w godzinach popo\u0142udniowych w rejonie woj. dolno\u015bl\u0105skiego wyst\u0105pi\u0142y pojedyncze wy\u0142adowania atmosferyczne.<\/p>\n<p><strong>Analiza g\u00f3rnego pola ci\u015bnienia z dnia 17 IV 2023 roku<\/strong><\/p>\n<p><img loading=\"lazy\" width=\"1220\" height=\"1542\" class=\"wp-image-26653 aligncenter\" src=\"http:\/\/cmm.imgw.pl\/wp-content\/uploads\/2023\/04\/word-image-26649-4.gif\" \/> <img loading=\"lazy\" width=\"1220\" height=\"1542\" class=\"wp-image-26654 aligncenter\" src=\"http:\/\/cmm.imgw.pl\/wp-content\/uploads\/2023\/04\/word-image-26649-5.gif\" \/><\/p>\n<p><img loading=\"lazy\" width=\"1221\" height=\"1545\" class=\"wp-image-26655 aligncenter\" src=\"http:\/\/cmm.imgw.pl\/wp-content\/uploads\/2023\/04\/word-image-26649-6.gif\" \/><\/p>\n<p>Wy\u017c znad Norwegii rozbudowa\u0142 si\u0119 ku g\u00f3rze. Do wysoko\u015bci 3 km wyodr\u0119bniona zamkni\u0119ta cyrkulacja antycykloniczna. Powy\u017cej izohipsy szybko si\u0119 prostuj\u0105 i s\u0105 gi\u0119te na kszta\u0142t klina. Ni\u017c zalegaj\u0105cy na po\u0142udniowym zachodzie od Islandii rozbudowany ku g\u00f3rze z wyodr\u0119bnion\u0105 zamkni\u0119ta cyrkulacj\u0105 cykloniczn\u0105 na wszystkich poziomach. Ni\u017c znad Europy po\u0142udniowej r\u00f3wnie\u017c rozbudowany ku g\u00f3rze i z zaznaczon\u0105 zamkni\u0119t\u0105 cyrkulacj\u0105 cykloniczn\u0105 a\u017c do poziomu 300 hPa.<\/p>\n<p><strong>Analiza g\u00f3rnego pola wiatru<\/strong><\/p>\n<p><img loading=\"lazy\" width=\"1359\" height=\"2174\" class=\"wp-image-26656 aligncenter\" src=\"http:\/\/cmm.imgw.pl\/wp-content\/uploads\/2023\/04\/word-image-26649-7.gif\" \/><\/p>\n<p>Nad Atlantykiem zalega pr\u0105d strumieniowy na wysoko\u015bci FL320 z maksymaln\u0105 pr\u0119dko\u015bci\u0105 w osi pr\u0105du 45-65 m\/s. Pionowy zasi\u0119g pr\u0105du FL220\/390. Nad Skandynawi\u0105 zalega drugi pr\u0105d strumieniowy na wysoko\u015bci FL290 z maksymaln\u0105 pr\u0119dko\u015bci\u0105 w osi pr\u0105du 50-60 m\/s. Pionowy zasi\u0119g pr\u0105du FL230\/340. Trzeci pr\u0105d strumieniowy zalega nad p\u00f3\u0142nocna Afryk\u0105 oraz nad Morzem \u015ar\u00f3dziemnym na wysoko\u015bci FL330 z maksymaln\u0105 pr\u0119dko\u015bci\u0105 w osi pr\u0105du 50 m\/s.<\/p>\n<p><strong>Tropopauza<\/strong><\/p>\n<p>Nad Morzem \u015ar\u00f3dziemnym zalega ni\u017c tropopauzy (tropopauza wykazuje obni\u017cenie do poziomu FL270. Nad Polsk\u0105 tropopauza zalega na wysoko\u015bci FL350.<\/p>\n<p><strong>Analiza termiczna troposfery<\/strong><\/p>\n<p><img loading=\"lazy\" width=\"634\" height=\"490\" class=\"wp-image-26657 aligncenter\" src=\"http:\/\/cmm.imgw.pl\/wp-content\/uploads\/2023\/04\/thck-500-1000hpa-gfs-pon-17-04-2023-21-utc.gif\" alt=\"Thck 500-1000hPa GFS pon. 17.04.2023 21 UTC\" \/> <img loading=\"lazy\" width=\"634\" height=\"490\" class=\"wp-image-26658 aligncenter\" src=\"http:\/\/cmm.imgw.pl\/wp-content\/uploads\/2023\/04\/theta-w-850hpa-gfs-pon-17-04-2023-21-utc.gif\" alt=\"Theta-W 850hPa GFS pon. 17.04.2023 21 UTC\" \/><\/p>\n<p>Nad przewa\u017caj\u0105cym obszarem Europy zalega polarno-morska masa powietrza o zr\u00f3\u017cnicowanych w\u0142a\u015bciwo\u015bciach termicznych. Nad p\u00f3\u0142nocn\u0105 Skandynawi\u0105 i p\u00f3\u0142nocno zachodni\u0105 Rosj\u0105 zalega powietrze arktyczno morskie.<\/p>\n<p><img loading=\"lazy\" width=\"600\" height=\"640\" class=\"wp-image-26659 aligncenter\" src=\"http:\/\/cmm.imgw.pl\/wp-content\/uploads\/2023\/04\/word-image-26649-10.png\" srcset=\"https:\/\/cmm.imgw.pl\/wp-content\/uploads\/2023\/04\/word-image-26649-10.png 600w, https:\/\/cmm.imgw.pl\/wp-content\/uploads\/2023\/04\/word-image-26649-10-281x300.png 281w\" sizes=\"(max-width: 600px) 100vw, 600px\" \/><\/p>\n<p>Polska jest w zasi\u0119gu powietrza polarno-morskiego. W po\u0142udniowo wschodnim sektorze zalega masa powietrza o najwy\u017cszej temperaturze. W kierunku zachodnim \u015brednia temperatura powietrza obni\u017ca si\u0119.<\/p>\n<p><strong>Rozw\u00f3j sytuacji barycznej nad Europ\u0105 w horyzoncie 36 godzin<\/strong><\/p>\n<p><img loading=\"lazy\" width=\"1075\" height=\"764\" class=\"wp-image-26660 aligncenter\" src=\"http:\/\/cmm.imgw.pl\/wp-content\/uploads\/2023\/04\/word-image-26649-11.gif\" \/> <img loading=\"lazy\" width=\"1075\" height=\"764\" class=\"wp-image-26661 aligncenter\" src=\"http:\/\/cmm.imgw.pl\/wp-content\/uploads\/2023\/04\/word-image-26649-12.gif\" \/> <img loading=\"lazy\" width=\"1071\" height=\"759\" class=\"wp-image-26662 aligncenter\" src=\"http:\/\/cmm.imgw.pl\/wp-content\/uploads\/2023\/04\/word-image-26649-13.gif\" \/> <img loading=\"lazy\" width=\"1071\" height=\"759\" class=\"wp-image-26663 aligncenter\" src=\"http:\/\/cmm.imgw.pl\/wp-content\/uploads\/2023\/04\/word-image-26649-14.gif\" \/><\/p>\n<p>W ci\u0105gu najbli\u017cszej doby uk\u0142ad wysokiego ci\u015bnienia znad Skandynawii nieznacznie si\u0119 umocni. Nadal centrum zalega\u0107 b\u0119dzie nad Norwegi\u0105. Wy\u017c swym klinem obejmie Wyspy Brytyjskie oraz Europ\u0119 zachodni\u0105. Uk\u0142ad niskiego ci\u015bnienia zalegaj\u0105cy nad p\u00f3\u0142nocno zachodni\u0105 Rosj\u0105, w wyniku przebudowy pola termobarycznego ulegnie rozmyciu i zaniknie na dolnej mapie synoptycznej. Ni\u017c z centrum zalegaj\u0105cym na granicy M\u00f3rz Norweskiego i Grenlandzkiego b\u0119dzie przemieszcza\u0142 si\u0119 w kierunku NE\/ENE i z wtorku na \u015brod\u0119 dotrze do Morza Barentsa. P\u00f3\u0142nocne rejony Skandynawii znajd\u0105 si\u0119 w zasi\u0119gu front\u00f3w atmosferycznych. Front zalega\u0107 b\u0119dzie w rozleg\u0142ej zatoce niskiego ci\u015bnienia znajduj\u0105cej si\u0119 nad Morzem Norweskim, Islandi\u0105 a\u017c po Atlantyk. Front b\u0119dzie pofalowany z wyodr\u0119bnionym ciep\u0142ym i ch\u0142odnym odcinkiem. Nad Ba\u0142kanami zalega\u0107 b\u0119dzie p\u0142ytki ni\u017c. Nad Morzem \u015ar\u00f3dziemnym zalega\u0107 b\u0119dzie wy\u017c, kt\u00f3ry s\u0142abnie i ju\u017c w nocy nie b\u0119dzie widoczny na dolnej mapie synoptycznej.<\/p>\n<p><strong>Analiza g\u00f3rnego pola ci\u015bnienia w horyzoncie 36 godzin<\/strong><\/p>\n<p><img loading=\"lazy\" width=\"697\" height=\"483\" class=\"wp-image-26664 aligncenter\" src=\"http:\/\/cmm.imgw.pl\/wp-content\/uploads\/2023\/04\/word-image-26649-15.png\" srcset=\"https:\/\/cmm.imgw.pl\/wp-content\/uploads\/2023\/04\/word-image-26649-15.png 697w, https:\/\/cmm.imgw.pl\/wp-content\/uploads\/2023\/04\/word-image-26649-15-300x208.png 300w\" sizes=\"(max-width: 697px) 100vw, 697px\" \/> <img loading=\"lazy\" width=\"698\" height=\"486\" class=\"wp-image-26665 aligncenter\" src=\"http:\/\/cmm.imgw.pl\/wp-content\/uploads\/2023\/04\/word-image-26649-16.png\" srcset=\"https:\/\/cmm.imgw.pl\/wp-content\/uploads\/2023\/04\/word-image-26649-16.png 698w, https:\/\/cmm.imgw.pl\/wp-content\/uploads\/2023\/04\/word-image-26649-16-300x209.png 300w\" sizes=\"(max-width: 698px) 100vw, 698px\" \/> <img loading=\"lazy\" width=\"697\" height=\"480\" class=\"wp-image-26666 aligncenter\" src=\"http:\/\/cmm.imgw.pl\/wp-content\/uploads\/2023\/04\/word-image-26649-17.png\" srcset=\"https:\/\/cmm.imgw.pl\/wp-content\/uploads\/2023\/04\/word-image-26649-17.png 697w, https:\/\/cmm.imgw.pl\/wp-content\/uploads\/2023\/04\/word-image-26649-17-300x207.png 300w\" sizes=\"(max-width: 697px) 100vw, 697px\" \/> <img loading=\"lazy\" width=\"695\" height=\"486\" class=\"wp-image-26667 aligncenter\" src=\"http:\/\/cmm.imgw.pl\/wp-content\/uploads\/2023\/04\/word-image-26649-18.png\" srcset=\"https:\/\/cmm.imgw.pl\/wp-content\/uploads\/2023\/04\/word-image-26649-18.png 695w, https:\/\/cmm.imgw.pl\/wp-content\/uploads\/2023\/04\/word-image-26649-18-300x210.png 300w\" sizes=\"(max-width: 695px) 100vw, 695px\" \/><\/p>\n<p><img loading=\"lazy\" width=\"699\" height=\"487\" class=\"wp-image-26668 aligncenter\" src=\"http:\/\/cmm.imgw.pl\/wp-content\/uploads\/2023\/04\/word-image-26649-19.png\" srcset=\"https:\/\/cmm.imgw.pl\/wp-content\/uploads\/2023\/04\/word-image-26649-19.png 699w, https:\/\/cmm.imgw.pl\/wp-content\/uploads\/2023\/04\/word-image-26649-19-300x209.png 300w\" sizes=\"(max-width: 699px) 100vw, 699px\" \/> <img loading=\"lazy\" width=\"696\" height=\"487\" class=\"wp-image-26669 aligncenter\" src=\"http:\/\/cmm.imgw.pl\/wp-content\/uploads\/2023\/04\/word-image-26649-20.png\" srcset=\"https:\/\/cmm.imgw.pl\/wp-content\/uploads\/2023\/04\/word-image-26649-20.png 696w, https:\/\/cmm.imgw.pl\/wp-content\/uploads\/2023\/04\/word-image-26649-20-300x210.png 300w\" sizes=\"(max-width: 696px) 100vw, 696px\" \/><\/p>\n<p>Wy\u017c znad Skandynawii nadal b\u0119dzie widoczny na wszystkich poziomach z zaznaczon\u0105 zamkni\u0119t\u0105 cyrkulacj\u0105 antycykloniczn\u0105. Proces umacniania wy\u017cu dotrze do poziomu 850 hPa. Ni\u017c znad po\u0142udniowej Europy rozbudowany w pionie i na wszystkich poziomach b\u0119dzie nadal zamkni\u0119ta cyrkulacja cykloniczna. O\u015b cyklonu pochylona b\u0119dzie w kierunku NW w kierunku ch\u0142odnej masy powietrza. Ni\u017c na wy\u017cszych poziomach pog\u0142\u0119bi si\u0119. Przemieszczaj\u0105cy si\u0119 ni\u017c z rejonu M\u00f3rz Grenlandzkiego i Norweskiego w kierunku Morza Barentsa rozbudowany b\u0119dzie ku g\u00f3rze. Na wysoko\u015bci 850 hPa wyodr\u0119bniona b\u0119dzie zamkni\u0119ta cyrkulacja cykloniczna. Proces pog\u0142\u0119biania dotrze do poziomu 850 hPa. Na wy\u017cszym poziomie o\u015brodek poza domen\u0105 obliczeniow\u0105 co uniemo\u017cliwia ocen\u0119 przebiegu ewolucji uk\u0142adu cyklonicznego. Nad Atlantykiem zalega uk\u0142ad niskiego ci\u015bnienia z wyodr\u0119bnion\u0105 cyrkulacj\u0105 cykloniczna na wy\u017cszych poziomach. Wir cykloniczny b\u0119dzie si\u0119 wype\u0142nia\u0107.<\/p>\n<p><strong>Tropopauza<\/strong><\/p>\n<p>Nad Morzem Norweskim zalega\u0107 b\u0119dzie wy\u017c tropopauzy (tropopauza wykazywa\u0107 b\u0119dzie podwy\u017cszenie do poziomu FL420. Wysoko\u015b\u0107 tropopauzy nad Polska wyniesie FL350.<\/p>\n<p><strong>Analiza termiczna troposfery w ci\u0105gu najbli\u017cszych 36 godzin<\/strong><\/p>\n<p><img loading=\"lazy\" width=\"634\" height=\"490\" class=\"wp-image-26670 aligncenter\" src=\"http:\/\/cmm.imgw.pl\/wp-content\/uploads\/2023\/04\/thck-500-1000hpa-gfs-wto-18-04-2023-12-utc-1.gif\" alt=\"Thck 500-1000hPa GFS wto. 18.04.2023 12 UTC\" \/> <img loading=\"lazy\" width=\"634\" height=\"490\" class=\"wp-image-26671 aligncenter\" src=\"http:\/\/cmm.imgw.pl\/wp-content\/uploads\/2023\/04\/thck-500-1000hpa-gfs-sro-19-04-2023-12-utc.gif\" alt=\"Thck 500-1000hPa GFS \u015bro. 19.04.2023 12 UTC\" \/><\/p>\n<p><img loading=\"lazy\" width=\"634\" height=\"490\" class=\"wp-image-26672 aligncenter\" src=\"http:\/\/cmm.imgw.pl\/wp-content\/uploads\/2023\/04\/theta-w-850hpa-gfs-wto-18-04-2023-12-utc-1.gif\" alt=\"Theta-W 850hPa GFS wto. 18.04.2023 12 UTC\" \/> <img loading=\"lazy\" width=\"634\" height=\"490\" class=\"wp-image-26673 aligncenter\" src=\"http:\/\/cmm.imgw.pl\/wp-content\/uploads\/2023\/04\/theta-w-850hpa-gfs-sro-19-04-2023-12-utc.gif\" alt=\"Theta-W 850hPa GFS \u015bro. 19.04.2023 12 UTC\" \/><\/p>\n<p>Nad p\u00f3\u0142nocno wschodni\u0105 Skandynawi\u0105 a\u017c po \u0141otw\u0119 zalega\u0107 b\u0119dzie zimniejsze powietrze arktyczno morskie. Na pozosta\u0142ym obszarze kontynentu znajdowa\u0107 b\u0119dzie si\u0119 powietrze polarno-morskie o zr\u00f3\u017cnicowanych w\u0142asno\u015bciach termicznych. W \u015brod\u0119 praktycznie ca\u0142a Europa b\u0119dzie znajdowa\u0107 si\u0119 w zasi\u0119gu powietrza polarno-morskiego.<\/p>\n<p><img loading=\"lazy\" width=\"600\" height=\"640\" class=\"wp-image-26674 aligncenter\" src=\"http:\/\/cmm.imgw.pl\/wp-content\/uploads\/2023\/04\/word-image-26649-25.png\" srcset=\"https:\/\/cmm.imgw.pl\/wp-content\/uploads\/2023\/04\/word-image-26649-25.png 600w, https:\/\/cmm.imgw.pl\/wp-content\/uploads\/2023\/04\/word-image-26649-25-281x300.png 281w\" sizes=\"(max-width: 600px) 100vw, 600px\" \/> <img loading=\"lazy\" width=\"600\" height=\"640\" class=\"wp-image-26675 aligncenter\" src=\"http:\/\/cmm.imgw.pl\/wp-content\/uploads\/2023\/04\/word-image-26649-26.png\" srcset=\"https:\/\/cmm.imgw.pl\/wp-content\/uploads\/2023\/04\/word-image-26649-26.png 600w, https:\/\/cmm.imgw.pl\/wp-content\/uploads\/2023\/04\/word-image-26649-26-281x300.png 281w\" sizes=\"(max-width: 600px) 100vw, 600px\" \/> <img loading=\"lazy\" width=\"600\" height=\"640\" class=\"wp-image-26676 aligncenter\" src=\"http:\/\/cmm.imgw.pl\/wp-content\/uploads\/2023\/04\/word-image-26649-27.png\" srcset=\"https:\/\/cmm.imgw.pl\/wp-content\/uploads\/2023\/04\/word-image-26649-27.png 600w, https:\/\/cmm.imgw.pl\/wp-content\/uploads\/2023\/04\/word-image-26649-27-281x300.png 281w\" sizes=\"(max-width: 600px) 100vw, 600px\" \/><\/p>\n<p>W ci\u0105gu dnia centralne i po\u0142udniowe obszary kraju obejmowa\u0107 b\u0119dzie ciep\u0142a masa powietrza. Na p\u00f3\u0142nocy znajdowa\u0107 si\u0119 b\u0119dzie nieco ch\u0142odniejsza masa powietrza. W nocy 18\/19 IV nad p\u00f3\u0142nocne obszary kraju nasunie si\u0119 zatoka ch\u0142odnego powietrza. W \u015brod\u0119, nad ranem, w p\u00f3\u0142nocno zachodniej cz\u0119\u015bci kraju znajdowa\u0107 si\u0119 b\u0119dzie zamkni\u0119ty obszar ch\u0142odu. Zatoka ch\u0142odu obejmie obszar Polski p\u00f3\u0142nocno zachodniej, centralnej i zachodniej. Na kra\u0144cach po\u0142udniowo wschodniej Polski zalega\u0107 b\u0119dzie cieplejsza masa powietrza.<\/p>\n<p><img loading=\"lazy\" width=\"600\" height=\"640\" class=\"wp-image-26677 aligncenter\" src=\"http:\/\/cmm.imgw.pl\/wp-content\/uploads\/2023\/04\/word-image-26649-28.png\" srcset=\"https:\/\/cmm.imgw.pl\/wp-content\/uploads\/2023\/04\/word-image-26649-28.png 600w, https:\/\/cmm.imgw.pl\/wp-content\/uploads\/2023\/04\/word-image-26649-28-281x300.png 281w\" sizes=\"(max-width: 600px) 100vw, 600px\" \/> <img loading=\"lazy\" width=\"600\" height=\"640\" class=\"wp-image-26678 aligncenter\" src=\"http:\/\/cmm.imgw.pl\/wp-content\/uploads\/2023\/04\/word-image-26649-29.png\" srcset=\"https:\/\/cmm.imgw.pl\/wp-content\/uploads\/2023\/04\/word-image-26649-29.png 600w, https:\/\/cmm.imgw.pl\/wp-content\/uploads\/2023\/04\/word-image-26649-29-281x300.png 281w\" sizes=\"(max-width: 600px) 100vw, 600px\" \/> <img loading=\"lazy\" width=\"600\" height=\"640\" class=\"wp-image-26679 aligncenter\" src=\"http:\/\/cmm.imgw.pl\/wp-content\/uploads\/2023\/04\/word-image-26649-30.png\" srcset=\"https:\/\/cmm.imgw.pl\/wp-content\/uploads\/2023\/04\/word-image-26649-30.png 600w, https:\/\/cmm.imgw.pl\/wp-content\/uploads\/2023\/04\/word-image-26649-30-281x300.png 281w\" sizes=\"(max-width: 600px) 100vw, 600px\" \/><\/p>\n<p>Nasuwaj\u0105ca si\u0119 zatoka ch\u0142odu z NE widoczna b\u0119dzie w polu temperatury na wysoko\u015bci 5,5 km.<\/p>\n<p><strong>Analiza g\u00f3rnego pola wiatru w horyzoncie 36 godzin<\/strong><\/p>\n<p><img loading=\"lazy\" width=\"1359\" height=\"2174\" class=\"wp-image-26680 aligncenter\" src=\"http:\/\/cmm.imgw.pl\/wp-content\/uploads\/2023\/04\/word-image-26649-31.gif\" \/><\/p>\n<p>Nad Atlantykiem oraz nad Islandi\u0105 zalega\u0107 b\u0119dzie pr\u0105d strumieniowy na wysoko\u015bci FL320 z maksymaln\u0105 pr\u0119dko\u015bci\u0105 w osi pr\u0105du 60-65 m\/s. Pionowy zasi\u0119g pr\u0105du FL190\/390. Nad Skandynawi\u0105 zalega\u0107 b\u0119dzie drugi pr\u0105d strumieniowy na wysoko\u015bci FL330 z maksymaln\u0105 pr\u0119dko\u015bci\u0105 w osi pr\u0105du 45-55 m\/s. Nad Morzem P\u00f3\u0142nocnym zalega\u0107 b\u0119dzie kolejny pr\u0105d strumieniowy, b\u0119d\u0105cy prawdopodobnie przed\u0142u\u017ceniem pr\u0105du strumieniowego znad Skandynawii na wysoko\u015bci FL330 z maksymaln\u0105 pr\u0119dko\u015bci\u0105 w osi pr\u0105du 42,5 m\/s. Kolejny pr\u0105d strumieniowy zalega\u0107 b\u0119dzie nad Morzem \u015ar\u00f3dziemnym na wysoko\u015bci FL330 z maksymaln\u0105 pr\u0119dko\u015bci\u0105 w osi pr\u0105du 50 m\/s.<\/p>\n<p>W nocy z wtorku na \u015brod\u0119, na wysoko\u015bci 5,5 km, w zachodnim sektorze obszaru ch\u0142odu wyst\u0105pi zwi\u0119kszony gradientu geopotencja\u0142u co wskazywa\u0107 b\u0119dzie na wzrost pr\u0119dko\u015bci wiatru, co jest zwi\u0105zane z zalegaj\u0105cym nad Morzem P\u00f3\u0142nocnym pr\u0105dem strumieniowym.<\/p>\n<p><img loading=\"lazy\" width=\"600\" height=\"640\" class=\"wp-image-26681 aligncenter\" src=\"http:\/\/cmm.imgw.pl\/wp-content\/uploads\/2023\/04\/word-image-26649-32.png\" srcset=\"https:\/\/cmm.imgw.pl\/wp-content\/uploads\/2023\/04\/word-image-26649-32.png 600w, https:\/\/cmm.imgw.pl\/wp-content\/uploads\/2023\/04\/word-image-26649-32-281x300.png 281w\" sizes=\"(max-width: 600px) 100vw, 600px\" \/> <img loading=\"lazy\" width=\"600\" height=\"640\" class=\"wp-image-26682 aligncenter\" src=\"http:\/\/cmm.imgw.pl\/wp-content\/uploads\/2023\/04\/word-image-26649-33.png\" srcset=\"https:\/\/cmm.imgw.pl\/wp-content\/uploads\/2023\/04\/word-image-26649-33.png 600w, https:\/\/cmm.imgw.pl\/wp-content\/uploads\/2023\/04\/word-image-26649-33-281x300.png 281w\" sizes=\"(max-width: 600px) 100vw, 600px\" \/><\/p>\n<p>W p\u00f3\u0142nocno zachodniej Polsce na wysoko\u015bci 5,5 km nast\u0105pi wzrost pr\u0119dko\u015bci wiatru do 30 m\/s.<\/p>\n<p><img loading=\"lazy\" width=\"600\" height=\"640\" class=\"wp-image-26683 aligncenter\" src=\"http:\/\/cmm.imgw.pl\/wp-content\/uploads\/2023\/04\/word-image-26649-34.png\" srcset=\"https:\/\/cmm.imgw.pl\/wp-content\/uploads\/2023\/04\/word-image-26649-34.png 600w, https:\/\/cmm.imgw.pl\/wp-content\/uploads\/2023\/04\/word-image-26649-34-281x300.png 281w\" sizes=\"(max-width: 600px) 100vw, 600px\" \/> <img loading=\"lazy\" width=\"600\" height=\"640\" class=\"wp-image-26684 aligncenter\" src=\"http:\/\/cmm.imgw.pl\/wp-content\/uploads\/2023\/04\/word-image-26649-35.png\" srcset=\"https:\/\/cmm.imgw.pl\/wp-content\/uploads\/2023\/04\/word-image-26649-35.png 600w, https:\/\/cmm.imgw.pl\/wp-content\/uploads\/2023\/04\/word-image-26649-35-281x300.png 281w\" sizes=\"(max-width: 600px) 100vw, 600px\" \/><\/p>\n<p>Nad ranem w \u015brod\u0119 na wysoko\u015bci 9 km, w p\u00f3\u0142nocno zachodniej cz\u0119\u015bci kraju, nast\u0105pi wzrost pr\u0119dko\u015bci wiatru do 50 m\/s.<\/p>\n<p><strong>Analiza pola wilgotno\u015bci w pionowym profilu w troposferze w ci\u0105gu 36 godzin<\/strong><\/p>\n<p><img loading=\"lazy\" width=\"600\" height=\"640\" class=\"wp-image-26685 aligncenter\" src=\"http:\/\/cmm.imgw.pl\/wp-content\/uploads\/2023\/04\/word-image-26649-36.png\" srcset=\"https:\/\/cmm.imgw.pl\/wp-content\/uploads\/2023\/04\/word-image-26649-36.png 600w, https:\/\/cmm.imgw.pl\/wp-content\/uploads\/2023\/04\/word-image-26649-36-281x300.png 281w\" sizes=\"(max-width: 600px) 100vw, 600px\" \/> <img loading=\"lazy\" width=\"600\" height=\"640\" class=\"wp-image-26686 aligncenter\" src=\"http:\/\/cmm.imgw.pl\/wp-content\/uploads\/2023\/04\/word-image-26649-37.png\" srcset=\"https:\/\/cmm.imgw.pl\/wp-content\/uploads\/2023\/04\/word-image-26649-37.png 600w, https:\/\/cmm.imgw.pl\/wp-content\/uploads\/2023\/04\/word-image-26649-37-281x300.png 281w\" sizes=\"(max-width: 600px) 100vw, 600px\" \/><\/p>\n<p>W ci\u0105gu najbli\u017cej doby na wysoko\u015bci 850 hPa nadal b\u0119dzie utrzymywa\u0142a si\u0119 spora ilo\u015b\u0107 pary wodnej. Wilgotno\u015b\u0107 powietrza waha\u0107 si\u0119 b\u0119dzie w granicach 80-99%. Jedynie w \u015brod\u0119 nad ranem, w NW cz\u0119\u015bci kraju, nast\u0105pi zmniejszenie wilgotno\u015bci do 30-60%.<\/p>\n<p><img loading=\"lazy\" width=\"600\" height=\"640\" class=\"wp-image-26687 aligncenter\" src=\"http:\/\/cmm.imgw.pl\/wp-content\/uploads\/2023\/04\/word-image-26649-38.png\" srcset=\"https:\/\/cmm.imgw.pl\/wp-content\/uploads\/2023\/04\/word-image-26649-38.png 600w, https:\/\/cmm.imgw.pl\/wp-content\/uploads\/2023\/04\/word-image-26649-38-281x300.png 281w\" sizes=\"(max-width: 600px) 100vw, 600px\" \/> <img loading=\"lazy\" width=\"600\" height=\"640\" class=\"wp-image-26688 aligncenter\" src=\"http:\/\/cmm.imgw.pl\/wp-content\/uploads\/2023\/04\/word-image-26649-39.png\" srcset=\"https:\/\/cmm.imgw.pl\/wp-content\/uploads\/2023\/04\/word-image-26649-39.png 600w, https:\/\/cmm.imgw.pl\/wp-content\/uploads\/2023\/04\/word-image-26649-39-281x300.png 281w\" sizes=\"(max-width: 600px) 100vw, 600px\" \/><\/p>\n<p>W ci\u0105gu dnia na wysoko\u015bci 5,5 km du\u017ca wilgotno\u015b\u0107 powietrza w centrum i na po\u0142udniu kraju. W nocy jedynie na kra\u0144cach po\u0142udniowo wschodnich oraz w rejonie Suwalszczyzny wilgotno\u015b\u0107 powietrza b\u0119dzie utrzymywa\u0107 si\u0119 na poziomie 80-99%. Na pozosta\u0142ym obszarze wilgotno\u015b\u0107 b\u0119dzie niska.<\/p>\n<p><img loading=\"lazy\" width=\"600\" height=\"640\" class=\"wp-image-26689 aligncenter\" src=\"http:\/\/cmm.imgw.pl\/wp-content\/uploads\/2023\/04\/word-image-26649-40.png\" srcset=\"https:\/\/cmm.imgw.pl\/wp-content\/uploads\/2023\/04\/word-image-26649-40.png 600w, https:\/\/cmm.imgw.pl\/wp-content\/uploads\/2023\/04\/word-image-26649-40-281x300.png 281w\" sizes=\"(max-width: 600px) 100vw, 600px\" \/> <img loading=\"lazy\" width=\"600\" height=\"640\" class=\"wp-image-26690 aligncenter\" src=\"http:\/\/cmm.imgw.pl\/wp-content\/uploads\/2023\/04\/word-image-26649-41.png\" srcset=\"https:\/\/cmm.imgw.pl\/wp-content\/uploads\/2023\/04\/word-image-26649-41.png 600w, https:\/\/cmm.imgw.pl\/wp-content\/uploads\/2023\/04\/word-image-26649-41-281x300.png 281w\" sizes=\"(max-width: 600px) 100vw, 600px\" \/><\/p>\n<p>W ci\u0105gu dnia na wysoko\u015bci 9 km du\u017ca wilgotno\u015b\u0107 powietrza w centrum i na po\u0142udniu kraju. W nocy jedynie na kra\u0144cach po\u0142udniowo wschodnich, po\u0142udniowych, po\u0142udniowo zachodnich oraz na kra\u0144cach NW wilgotno\u015b\u0107 powietrza b\u0119dzie utrzymywa\u0107 si\u0119 na poziomie 80-99%. Na pozosta\u0142ym obszarze wilgotno\u015b\u0107 b\u0119dzie niska.<\/p>\n<p>Na wysoko\u015bci 5,5 km oraz 9 km w obszarze zatoki ch\u0142odu zalega\u0107 b\u0119dzie suchsze powietrze.<\/p>\n<p><strong>Prognoza zachmurzenia<\/strong><\/p>\n<p><img loading=\"lazy\" width=\"600\" height=\"640\" class=\"wp-image-26691 aligncenter\" src=\"http:\/\/cmm.imgw.pl\/wp-content\/uploads\/2023\/04\/word-image-26649-42.png\" srcset=\"https:\/\/cmm.imgw.pl\/wp-content\/uploads\/2023\/04\/word-image-26649-42.png 600w, https:\/\/cmm.imgw.pl\/wp-content\/uploads\/2023\/04\/word-image-26649-42-281x300.png 281w\" sizes=\"(max-width: 600px) 100vw, 600px\" \/> <img loading=\"lazy\" width=\"600\" height=\"640\" class=\"wp-image-26692 aligncenter\" src=\"http:\/\/cmm.imgw.pl\/wp-content\/uploads\/2023\/04\/word-image-26649-43.png\" srcset=\"https:\/\/cmm.imgw.pl\/wp-content\/uploads\/2023\/04\/word-image-26649-43.png 600w, https:\/\/cmm.imgw.pl\/wp-content\/uploads\/2023\/04\/word-image-26649-43-281x300.png 281w\" sizes=\"(max-width: 600px) 100vw, 600px\" \/><\/p>\n<p>Zachmurzenie og\u00f3lne du\u017ce i ca\u0142kowite. W ci\u0105gu dnia w NE Polsce wyst\u0105pi\u0105 rozpogodzenia. W nocy, w rejonie zatoki ch\u0142odu, zachmurzenie ma\u0142e. Na pozosta\u0142ym obszarze zachmurzenie du\u017ce i ca\u0142kowite.<\/p>\n<p><img loading=\"lazy\" width=\"600\" height=\"640\" class=\"wp-image-26693 aligncenter\" src=\"http:\/\/cmm.imgw.pl\/wp-content\/uploads\/2023\/04\/word-image-26649-44.png\" srcset=\"https:\/\/cmm.imgw.pl\/wp-content\/uploads\/2023\/04\/word-image-26649-44.png 600w, https:\/\/cmm.imgw.pl\/wp-content\/uploads\/2023\/04\/word-image-26649-44-281x300.png 281w\" sizes=\"(max-width: 600px) 100vw, 600px\" \/> <img loading=\"lazy\" width=\"600\" height=\"640\" class=\"wp-image-26694 aligncenter\" src=\"http:\/\/cmm.imgw.pl\/wp-content\/uploads\/2023\/04\/word-image-26649-45.png\" srcset=\"https:\/\/cmm.imgw.pl\/wp-content\/uploads\/2023\/04\/word-image-26649-45.png 600w, https:\/\/cmm.imgw.pl\/wp-content\/uploads\/2023\/04\/word-image-26649-45-281x300.png 281w\" sizes=\"(max-width: 600px) 100vw, 600px\" \/> <img loading=\"lazy\" width=\"600\" height=\"640\" class=\"wp-image-26695 aligncenter\" src=\"http:\/\/cmm.imgw.pl\/wp-content\/uploads\/2023\/04\/word-image-26649-46.png\" srcset=\"https:\/\/cmm.imgw.pl\/wp-content\/uploads\/2023\/04\/word-image-26649-46.png 600w, https:\/\/cmm.imgw.pl\/wp-content\/uploads\/2023\/04\/word-image-26649-46-281x300.png 281w\" sizes=\"(max-width: 600px) 100vw, 600px\" \/> <img loading=\"lazy\" width=\"600\" height=\"640\" class=\"wp-image-26696 aligncenter\" src=\"http:\/\/cmm.imgw.pl\/wp-content\/uploads\/2023\/04\/word-image-26649-47.png\" srcset=\"https:\/\/cmm.imgw.pl\/wp-content\/uploads\/2023\/04\/word-image-26649-47.png 600w, https:\/\/cmm.imgw.pl\/wp-content\/uploads\/2023\/04\/word-image-26649-47-281x300.png 281w\" sizes=\"(max-width: 600px) 100vw, 600px\" \/><\/p>\n<p>Zachmurzenie niskie i konwekcyjne (rozk\u0142ad pola zachmurzenia na za\u0142\u0105czonych mapach). Zachmurzenie du\u017ce i umiarkowane. W wielu rejonach wyst\u0105pi\u0105 rozpogodzenia. Na niebie <span class=\"ui-provider gq b c d e f g h i j k l m n o p q r s t u v w x y z ab ac ae af ag ah ai aj ak\" dir=\"ltr\">Stratus fractus\/nebulosus<\/span>, Stratocumulus, Cumulus congestus oraz lokalnie Cumulonimbus.<\/p>\n<p><img loading=\"lazy\" width=\"600\" height=\"640\" class=\"wp-image-26697 aligncenter\" src=\"http:\/\/cmm.imgw.pl\/wp-content\/uploads\/2023\/04\/word-image-26649-48.png\" srcset=\"https:\/\/cmm.imgw.pl\/wp-content\/uploads\/2023\/04\/word-image-26649-48.png 600w, https:\/\/cmm.imgw.pl\/wp-content\/uploads\/2023\/04\/word-image-26649-48-281x300.png 281w\" sizes=\"(max-width: 600px) 100vw, 600px\" \/> <img loading=\"lazy\" width=\"600\" height=\"640\" class=\"wp-image-26698 aligncenter\" src=\"http:\/\/cmm.imgw.pl\/wp-content\/uploads\/2023\/04\/word-image-26649-49.png\" srcset=\"https:\/\/cmm.imgw.pl\/wp-content\/uploads\/2023\/04\/word-image-26649-49.png 600w, https:\/\/cmm.imgw.pl\/wp-content\/uploads\/2023\/04\/word-image-26649-49-281x300.png 281w\" sizes=\"(max-width: 600px) 100vw, 600px\" \/><\/p>\n<p>W dzie\u0144 zachmurzenie pi\u0119tra \u015bredniego du\u017ce i ca\u0142kowite w obszarze od r\u00f3wnole\u017cnika przebiegaj\u0105cego przez centrum w kierunku po\u0142udniowym. Zachmurzenie umiarkowane i ma\u0142e na p\u00f3\u0142nocy kraju. W nocy na po\u0142udniu i na wschodzie oraz w NE cz\u0119\u015bci kraju zachmurzenie du\u017ce i ca\u0142kowite. Na pozosta\u0142ym obszarze zachmurzenie ma\u0142e lub brak. Na niebie wyst\u0119powa\u0107 b\u0119d\u0105 chmury Altocumulus oraz Altostratus (na po\u0142udniu i w centrum w ci\u0105gu dnia oraz na po\u0142udniu i na wschodzie w nocy).<\/p>\n<p><img loading=\"lazy\" width=\"600\" height=\"640\" class=\"wp-image-26699 aligncenter\" src=\"http:\/\/cmm.imgw.pl\/wp-content\/uploads\/2023\/04\/word-image-26649-50.png\" srcset=\"https:\/\/cmm.imgw.pl\/wp-content\/uploads\/2023\/04\/word-image-26649-50.png 600w, https:\/\/cmm.imgw.pl\/wp-content\/uploads\/2023\/04\/word-image-26649-50-281x300.png 281w\" sizes=\"(max-width: 600px) 100vw, 600px\" \/> <img loading=\"lazy\" width=\"600\" height=\"640\" class=\"wp-image-26700 aligncenter\" src=\"http:\/\/cmm.imgw.pl\/wp-content\/uploads\/2023\/04\/word-image-26649-51.png\" srcset=\"https:\/\/cmm.imgw.pl\/wp-content\/uploads\/2023\/04\/word-image-26649-51.png 600w, https:\/\/cmm.imgw.pl\/wp-content\/uploads\/2023\/04\/word-image-26649-51-281x300.png 281w\" sizes=\"(max-width: 600px) 100vw, 600px\" \/><\/p>\n<p>W ci\u0105gu dnia zachmurzenie pi\u0119tra wysokiego du\u017ce i ca\u0142kowite od r\u00f3wnole\u017cnika przebiegaj\u0105cego przez centrum w kierunku po\u0142udniowym. Zachmurzenie umiarkowane i ma\u0142e na p\u00f3\u0142nocy kraju. W nocy na po\u0142udniu i na SE cz\u0119\u015bci kraju zachmurzenie du\u017ce i ca\u0142kowite. Na pozosta\u0142ym obszarze zachmurzenie ma\u0142e lub brak. Na niebie wyst\u0119powa\u0107 b\u0119d\u0105 chmury Cirrus oraz Cirrostratus (na po\u0142udniu i w centrum w ci\u0105gu dnia oraz na po\u0142udniu i na po\u0142udniowym wschodzie w nocy).<\/p>\n<p><strong>Prognoza opad\u00f3w<\/strong><\/p>\n<p><img loading=\"lazy\" width=\"600\" height=\"640\" class=\"wp-image-26701 aligncenter\" src=\"http:\/\/cmm.imgw.pl\/wp-content\/uploads\/2023\/04\/word-image-26649-52.png\" srcset=\"https:\/\/cmm.imgw.pl\/wp-content\/uploads\/2023\/04\/word-image-26649-52.png 600w, https:\/\/cmm.imgw.pl\/wp-content\/uploads\/2023\/04\/word-image-26649-52-281x300.png 281w\" sizes=\"(max-width: 600px) 100vw, 600px\" \/> <img loading=\"lazy\" width=\"600\" height=\"640\" class=\"wp-image-26702 aligncenter\" src=\"http:\/\/cmm.imgw.pl\/wp-content\/uploads\/2023\/04\/word-image-26649-53.png\" srcset=\"https:\/\/cmm.imgw.pl\/wp-content\/uploads\/2023\/04\/word-image-26649-53.png 600w, https:\/\/cmm.imgw.pl\/wp-content\/uploads\/2023\/04\/word-image-26649-53-281x300.png 281w\" sizes=\"(max-width: 600px) 100vw, 600px\" \/><\/p>\n<p><img loading=\"lazy\" width=\"600\" height=\"640\" class=\"wp-image-26703 aligncenter\" src=\"http:\/\/cmm.imgw.pl\/wp-content\/uploads\/2023\/04\/word-image-26649-54.png\" srcset=\"https:\/\/cmm.imgw.pl\/wp-content\/uploads\/2023\/04\/word-image-26649-54.png 600w, https:\/\/cmm.imgw.pl\/wp-content\/uploads\/2023\/04\/word-image-26649-54-281x300.png 281w\" sizes=\"(max-width: 600px) 100vw, 600px\" \/> <img loading=\"lazy\" width=\"600\" height=\"640\" class=\"wp-image-26704 aligncenter\" src=\"http:\/\/cmm.imgw.pl\/wp-content\/uploads\/2023\/04\/word-image-26649-55.png\" srcset=\"https:\/\/cmm.imgw.pl\/wp-content\/uploads\/2023\/04\/word-image-26649-55.png 600w, https:\/\/cmm.imgw.pl\/wp-content\/uploads\/2023\/04\/word-image-26649-55-281x300.png 281w\" sizes=\"(max-width: 600px) 100vw, 600px\" \/><\/p>\n<p><img loading=\"lazy\" width=\"648\" height=\"648\" class=\"wp-image-26705 aligncenter\" src=\"http:\/\/cmm.imgw.pl\/wp-content\/uploads\/2023\/04\/word-image-26649-56.png\" srcset=\"https:\/\/cmm.imgw.pl\/wp-content\/uploads\/2023\/04\/word-image-26649-56.png 648w, https:\/\/cmm.imgw.pl\/wp-content\/uploads\/2023\/04\/word-image-26649-56-300x300.png 300w, https:\/\/cmm.imgw.pl\/wp-content\/uploads\/2023\/04\/word-image-26649-56-150x150.png 150w, https:\/\/cmm.imgw.pl\/wp-content\/uploads\/2023\/04\/word-image-26649-56-600x600.png 600w\" sizes=\"(max-width: 648px) 100vw, 648px\" \/> <img loading=\"lazy\" width=\"630\" height=\"630\" class=\"wp-image-26706 aligncenter\" src=\"http:\/\/cmm.imgw.pl\/wp-content\/uploads\/2023\/04\/word-image-26649-57.png\" srcset=\"https:\/\/cmm.imgw.pl\/wp-content\/uploads\/2023\/04\/word-image-26649-57.png 630w, https:\/\/cmm.imgw.pl\/wp-content\/uploads\/2023\/04\/word-image-26649-57-300x300.png 300w, https:\/\/cmm.imgw.pl\/wp-content\/uploads\/2023\/04\/word-image-26649-57-150x150.png 150w, https:\/\/cmm.imgw.pl\/wp-content\/uploads\/2023\/04\/word-image-26649-57-600x600.png 600w\" sizes=\"(max-width: 630px) 100vw, 630px\" \/><\/p>\n<p>W ci\u0105gu dnia miejscami wyst\u0105pi\u0105 s\u0142abe opady deszczu, lokalnie m\u017cawki (<a href=\"https:\/\/cmm.imgw.pl\/cmm\/?page_id=7963\">https:\/\/cmm.imgw.pl\/cmm\/?page_id=7963<\/a>). Po po\u0142udniu oraz w godzinach p\u00f3\u017aniejszych opady obejmowa\u0107 b\u0119d\u0105 wi\u0119kszy obszar. Opady b\u0119d\u0105 mia\u0142y charakter przelotny oraz ci\u0105g\u0142y. W nocy miejscami opady mog\u0105 by\u0107 intensywniejsze.<\/p>\n<p><strong>Prognoza wilgotno\u015bci<\/strong><\/p>\n<p><img loading=\"lazy\" width=\"658\" height=\"658\" class=\"wp-image-26707 aligncenter\" src=\"http:\/\/cmm.imgw.pl\/wp-content\/uploads\/2023\/04\/word-image-26649-58.jpeg\" srcset=\"https:\/\/cmm.imgw.pl\/wp-content\/uploads\/2023\/04\/word-image-26649-58.jpeg 658w, https:\/\/cmm.imgw.pl\/wp-content\/uploads\/2023\/04\/word-image-26649-58-300x300.jpeg 300w, https:\/\/cmm.imgw.pl\/wp-content\/uploads\/2023\/04\/word-image-26649-58-150x150.jpeg 150w, https:\/\/cmm.imgw.pl\/wp-content\/uploads\/2023\/04\/word-image-26649-58-600x600.jpeg 600w\" sizes=\"(max-width: 658px) 100vw, 658px\" \/> <img loading=\"lazy\" width=\"682\" height=\"682\" class=\"wp-image-26708 aligncenter\" src=\"http:\/\/cmm.imgw.pl\/wp-content\/uploads\/2023\/04\/word-image-26649-59.jpeg\" srcset=\"https:\/\/cmm.imgw.pl\/wp-content\/uploads\/2023\/04\/word-image-26649-59.jpeg 682w, https:\/\/cmm.imgw.pl\/wp-content\/uploads\/2023\/04\/word-image-26649-59-300x300.jpeg 300w, https:\/\/cmm.imgw.pl\/wp-content\/uploads\/2023\/04\/word-image-26649-59-150x150.jpeg 150w, https:\/\/cmm.imgw.pl\/wp-content\/uploads\/2023\/04\/word-image-26649-59-600x600.jpeg 600w\" sizes=\"(max-width: 682px) 100vw, 682px\" \/><\/p>\n<p>W ci\u0105gu dnia wilgotno\u015b\u0107 niska, jedynie w SW wilgotno\u015b\u0107 du\u017ca, 40-95%. W nocy wilgotno\u015b\u0107 du\u017ca. W obszarze ch\u0142odu wilgotno\u015b\u0107 ni\u017csza.<\/p>\n<p>Pr\u0119dko\u015b\u0107 wiatru<\/p>\n<p><img loading=\"lazy\" width=\"645\" height=\"645\" class=\"wp-image-26709 aligncenter\" src=\"http:\/\/cmm.imgw.pl\/wp-content\/uploads\/2023\/04\/word-image-26649-60.jpeg\" srcset=\"https:\/\/cmm.imgw.pl\/wp-content\/uploads\/2023\/04\/word-image-26649-60.jpeg 645w, https:\/\/cmm.imgw.pl\/wp-content\/uploads\/2023\/04\/word-image-26649-60-300x300.jpeg 300w, https:\/\/cmm.imgw.pl\/wp-content\/uploads\/2023\/04\/word-image-26649-60-150x150.jpeg 150w, https:\/\/cmm.imgw.pl\/wp-content\/uploads\/2023\/04\/word-image-26649-60-600x600.jpeg 600w\" sizes=\"(max-width: 645px) 100vw, 645px\" \/> <img loading=\"lazy\" width=\"644\" height=\"644\" class=\"wp-image-26710 aligncenter\" src=\"http:\/\/cmm.imgw.pl\/wp-content\/uploads\/2023\/04\/word-image-26649-61.jpeg\" srcset=\"https:\/\/cmm.imgw.pl\/wp-content\/uploads\/2023\/04\/word-image-26649-61.jpeg 644w, https:\/\/cmm.imgw.pl\/wp-content\/uploads\/2023\/04\/word-image-26649-61-300x300.jpeg 300w, https:\/\/cmm.imgw.pl\/wp-content\/uploads\/2023\/04\/word-image-26649-61-150x150.jpeg 150w, https:\/\/cmm.imgw.pl\/wp-content\/uploads\/2023\/04\/word-image-26649-61-600x600.jpeg 600w\" sizes=\"(max-width: 644px) 100vw, 644px\" \/><\/p>\n<p>W ci\u0105gu dnia wiatr p\u00f3\u0142nocno wschodni, 11-19 km\/h. W nocy wiatr p\u00f3\u0142nocny i NNE\/NE w sektorze Polski wschodniej, 6-19 km\/h.<\/p>\n<p><img loading=\"lazy\" width=\"679\" height=\"679\" class=\"wp-image-26711 aligncenter\" src=\"http:\/\/cmm.imgw.pl\/wp-content\/uploads\/2023\/04\/word-image-26649-62.jpeg\" srcset=\"https:\/\/cmm.imgw.pl\/wp-content\/uploads\/2023\/04\/word-image-26649-62.jpeg 679w, https:\/\/cmm.imgw.pl\/wp-content\/uploads\/2023\/04\/word-image-26649-62-300x300.jpeg 300w, https:\/\/cmm.imgw.pl\/wp-content\/uploads\/2023\/04\/word-image-26649-62-150x150.jpeg 150w, https:\/\/cmm.imgw.pl\/wp-content\/uploads\/2023\/04\/word-image-26649-62-600x600.jpeg 600w\" sizes=\"(max-width: 679px) 100vw, 679px\" \/> <img loading=\"lazy\" width=\"700\" height=\"700\" class=\"wp-image-26712 aligncenter\" src=\"http:\/\/cmm.imgw.pl\/wp-content\/uploads\/2023\/04\/word-image-26649-63.jpeg\" srcset=\"https:\/\/cmm.imgw.pl\/wp-content\/uploads\/2023\/04\/word-image-26649-63.jpeg 700w, https:\/\/cmm.imgw.pl\/wp-content\/uploads\/2023\/04\/word-image-26649-63-300x300.jpeg 300w, https:\/\/cmm.imgw.pl\/wp-content\/uploads\/2023\/04\/word-image-26649-63-150x150.jpeg 150w, https:\/\/cmm.imgw.pl\/wp-content\/uploads\/2023\/04\/word-image-26649-63-600x600.jpeg 600w\" sizes=\"(max-width: 700px) 100vw, 700px\" \/><\/p>\n<p>W ci\u0105gu dnia porywy wiatru osi\u0105ga\u0107 b\u0119d\u0105 pr\u0119dko\u015b\u0107 do 60 km\/h na p\u00f3\u0142nocy kraju oraz do 80-90 km\/h w Sudetach oraz do 70 km\/h na Ba\u0142tyku (<a href=\"https:\/\/cmm.imgw.pl\/cmm\/?page_id=7950\">https:\/\/cmm.imgw.pl\/cmm\/?page_id=7950<\/a>). W nocy porywy wiatru osi\u0105ga\u0107 b\u0119d\u0105 warto\u015b\u0107 40 km\/h. Na Ba\u0142tyku wzrost pr\u0119dko\u015bci do 70-80 km\/h.<\/p>\n<p><strong>Prognoza temperatury powietrza na wysoko\u015bci 2 metr\u00f3w<\/strong><\/p>\n<p><img loading=\"lazy\" width=\"698\" height=\"698\" class=\"wp-image-26713 aligncenter\" src=\"http:\/\/cmm.imgw.pl\/wp-content\/uploads\/2023\/04\/word-image-26649-64.jpeg\" srcset=\"https:\/\/cmm.imgw.pl\/wp-content\/uploads\/2023\/04\/word-image-26649-64.jpeg 698w, https:\/\/cmm.imgw.pl\/wp-content\/uploads\/2023\/04\/word-image-26649-64-300x300.jpeg 300w, https:\/\/cmm.imgw.pl\/wp-content\/uploads\/2023\/04\/word-image-26649-64-150x150.jpeg 150w, https:\/\/cmm.imgw.pl\/wp-content\/uploads\/2023\/04\/word-image-26649-64-600x600.jpeg 600w\" sizes=\"(max-width: 698px) 100vw, 698px\" \/> <img loading=\"lazy\" width=\"656\" height=\"656\" class=\"wp-image-26714 aligncenter\" src=\"http:\/\/cmm.imgw.pl\/wp-content\/uploads\/2023\/04\/word-image-26649-65.jpeg\" srcset=\"https:\/\/cmm.imgw.pl\/wp-content\/uploads\/2023\/04\/word-image-26649-65.jpeg 656w, https:\/\/cmm.imgw.pl\/wp-content\/uploads\/2023\/04\/word-image-26649-65-300x300.jpeg 300w, https:\/\/cmm.imgw.pl\/wp-content\/uploads\/2023\/04\/word-image-26649-65-150x150.jpeg 150w, https:\/\/cmm.imgw.pl\/wp-content\/uploads\/2023\/04\/word-image-26649-65-600x600.jpeg 600w\" sizes=\"(max-width: 656px) 100vw, 656px\" \/><\/p>\n<p>W ci\u0105gu dnia temperatura powietrza od 8 st. C w Zakopanem do 16 st. C w Opolu, Katowicach i w Rzeszowie. Nad ranem w \u015brod\u0119 temperatura osi\u0105gnie warto\u015b\u0107 od 2 st. C w Gorzowie Wielkopolskim do 9 st. C na po\u0142udniu kraju.<\/p>\n<p><strong>Prognoza widzialno\u015bci<\/strong><\/p>\n<p><img loading=\"lazy\" width=\"566\" height=\"566\" class=\"wp-image-26715 aligncenter\" src=\"http:\/\/cmm.imgw.pl\/wp-content\/uploads\/2023\/04\/word-image-26649-66.png\" srcset=\"https:\/\/cmm.imgw.pl\/wp-content\/uploads\/2023\/04\/word-image-26649-66.png 566w, https:\/\/cmm.imgw.pl\/wp-content\/uploads\/2023\/04\/word-image-26649-66-300x300.png 300w, https:\/\/cmm.imgw.pl\/wp-content\/uploads\/2023\/04\/word-image-26649-66-150x150.png 150w\" sizes=\"(max-width: 566px) 100vw, 566px\" \/> <img loading=\"lazy\" width=\"554\" height=\"554\" class=\"wp-image-26716 aligncenter\" src=\"http:\/\/cmm.imgw.pl\/wp-content\/uploads\/2023\/04\/word-image-26649-67.png\" srcset=\"https:\/\/cmm.imgw.pl\/wp-content\/uploads\/2023\/04\/word-image-26649-67.png 554w, https:\/\/cmm.imgw.pl\/wp-content\/uploads\/2023\/04\/word-image-26649-67-300x300.png 300w, https:\/\/cmm.imgw.pl\/wp-content\/uploads\/2023\/04\/word-image-26649-67-150x150.png 150w\" sizes=\"(max-width: 554px) 100vw, 554px\" \/> <img loading=\"lazy\" width=\"581\" height=\"581\" class=\"wp-image-26717 aligncenter\" src=\"http:\/\/cmm.imgw.pl\/wp-content\/uploads\/2023\/04\/word-image-26649-68.png\" srcset=\"https:\/\/cmm.imgw.pl\/wp-content\/uploads\/2023\/04\/word-image-26649-68.png 581w, https:\/\/cmm.imgw.pl\/wp-content\/uploads\/2023\/04\/word-image-26649-68-300x300.png 300w, https:\/\/cmm.imgw.pl\/wp-content\/uploads\/2023\/04\/word-image-26649-68-150x150.png 150w\" sizes=\"(max-width: 581px) 100vw, 581px\" \/> <img loading=\"lazy\" width=\"564\" height=\"564\" class=\"wp-image-26718 aligncenter\" src=\"http:\/\/cmm.imgw.pl\/wp-content\/uploads\/2023\/04\/word-image-26649-69.png\" srcset=\"https:\/\/cmm.imgw.pl\/wp-content\/uploads\/2023\/04\/word-image-26649-69.png 564w, https:\/\/cmm.imgw.pl\/wp-content\/uploads\/2023\/04\/word-image-26649-69-300x300.png 300w, https:\/\/cmm.imgw.pl\/wp-content\/uploads\/2023\/04\/word-image-26649-69-150x150.png 150w\" sizes=\"(max-width: 564px) 100vw, 564px\" \/><\/p>\n<p><img loading=\"lazy\" width=\"537\" height=\"537\" class=\"wp-image-26719 aligncenter\" src=\"http:\/\/cmm.imgw.pl\/wp-content\/uploads\/2023\/04\/word-image-26649-70.png\" srcset=\"https:\/\/cmm.imgw.pl\/wp-content\/uploads\/2023\/04\/word-image-26649-70.png 537w, https:\/\/cmm.imgw.pl\/wp-content\/uploads\/2023\/04\/word-image-26649-70-300x300.png 300w, https:\/\/cmm.imgw.pl\/wp-content\/uploads\/2023\/04\/word-image-26649-70-150x150.png 150w\" sizes=\"(max-width: 537px) 100vw, 537px\" \/> <img loading=\"lazy\" width=\"544\" height=\"544\" class=\"wp-image-26720 aligncenter\" src=\"http:\/\/cmm.imgw.pl\/wp-content\/uploads\/2023\/04\/word-image-26649-71.png\" srcset=\"https:\/\/cmm.imgw.pl\/wp-content\/uploads\/2023\/04\/word-image-26649-71.png 544w, https:\/\/cmm.imgw.pl\/wp-content\/uploads\/2023\/04\/word-image-26649-71-300x300.png 300w, https:\/\/cmm.imgw.pl\/wp-content\/uploads\/2023\/04\/word-image-26649-71-150x150.png 150w\" sizes=\"(max-width: 544px) 100vw, 544px\" \/> <img loading=\"lazy\" width=\"552\" height=\"552\" class=\"wp-image-26721 aligncenter\" src=\"http:\/\/cmm.imgw.pl\/wp-content\/uploads\/2023\/04\/word-image-26649-72.png\" srcset=\"https:\/\/cmm.imgw.pl\/wp-content\/uploads\/2023\/04\/word-image-26649-72.png 552w, https:\/\/cmm.imgw.pl\/wp-content\/uploads\/2023\/04\/word-image-26649-72-300x300.png 300w, https:\/\/cmm.imgw.pl\/wp-content\/uploads\/2023\/04\/word-image-26649-72-150x150.png 150w\" sizes=\"(max-width: 552px) 100vw, 552px\" \/><\/p>\n<p>W ci\u0105gu dnia widzialno\u015b\u0107 dobra. Jedynie w woj. dolno\u015bl\u0105skim i cz\u0119\u015bciowo lubuskim mog\u0105 wyst\u0119powa\u0107 ograniczenia widzialno\u015bci do 2-3 km. Wieczorem oraz w nocy zmniejszenie widzialno\u015bci do 2-5 km na przewa\u017caj\u0105cym obszarze kraju. W woj. kujawsko-pomorski, wielkopolskim oraz zachodniopomorskim widzialno\u015b\u0107 dobra.<\/p>\n<p>Prognoz\u0119 pozosta\u0142ych p\u00f3l meteorologicznych mo\u017cna sprawdzi\u0107 na stronie cmm.imgw.pl<\/p>\n<p>Komentarz przygotowano o godzinie 3:15, 18 IV 2023 roku.<\/p>","protected":false},"excerpt":{"rendered":"<p>Komentarz do numerycznych prognoz pogody opracowany w Centrum Modelowania Meteorologicznego IMGW-PIB.<\/p>\n","protected":false},"author":3,"featured_media":0,"comment_status":"closed","ping_status":"open","sticky":false,"template":"","format":"standard","meta":{"ocean_post_layout":"","ocean_both_sidebars_style":"","ocean_both_sidebars_content_width":0,"ocean_both_sidebars_sidebars_width":0,"ocean_sidebar":"0","ocean_second_sidebar":"0","ocean_disable_margins":"enable","ocean_add_body_class":"","ocean_shortcode_before_top_bar":"","ocean_shortcode_after_top_bar":"","ocean_shortcode_before_header":"","ocean_shortcode_after_header":"","ocean_has_shortcode":"","ocean_shortcode_after_title":"","ocean_shortcode_before_footer_widgets":"","ocean_shortcode_after_footer_widgets":"","ocean_shortcode_before_footer_bottom":"","ocean_shortcode_after_footer_bottom":"","ocean_display_top_bar":"default","ocean_display_header":"default","ocean_header_style":"","ocean_center_header_left_menu":"0","ocean_custom_header_template":"0","ocean_custom_logo":0,"ocean_custom_retina_logo":0,"ocean_custom_logo_max_width":0,"ocean_custom_logo_tablet_max_width":0,"ocean_custom_logo_mobile_max_width":0,"ocean_custom_logo_max_height":0,"ocean_custom_logo_tablet_max_height":0,"ocean_custom_logo_mobile_max_height":0,"ocean_header_custom_menu":"0","ocean_menu_typo_font_family":"0","ocean_menu_typo_font_subset":"","ocean_menu_typo_font_size":0,"ocean_menu_typo_font_size_tablet":0,"ocean_menu_typo_font_size_mobile":0,"ocean_menu_typo_font_size_unit":"px","ocean_menu_typo_font_weight":"","ocean_menu_typo_font_weight_tablet":"","ocean_menu_typo_font_weight_mobile":"","ocean_menu_typo_transform":"","ocean_menu_typo_transform_tablet":"","ocean_menu_typo_transform_mobile":"","ocean_menu_typo_line_height":0,"ocean_menu_typo_line_height_tablet":0,"ocean_menu_typo_line_height_mobile":0,"ocean_menu_typo_line_height_unit":"","ocean_menu_typo_spacing":0,"ocean_menu_typo_spacing_tablet":0,"ocean_menu_typo_spacing_mobile":0,"ocean_menu_typo_spacing_unit":"","ocean_menu_link_color":"","ocean_menu_link_color_hover":"","ocean_menu_link_color_active":"","ocean_menu_link_background":"","ocean_menu_link_hover_background":"","ocean_menu_link_active_background":"","ocean_menu_social_links_bg":"","ocean_menu_social_hover_links_bg":"","ocean_menu_social_links_color":"","ocean_menu_social_hover_links_color":"","ocean_disable_title":"default","ocean_disable_heading":"default","ocean_post_title":"","ocean_post_subheading":"","ocean_post_title_style":"","ocean_post_title_background_color":"","ocean_post_title_background":0,"ocean_post_title_bg_image_position":"","ocean_post_title_bg_image_attachment":"","ocean_post_title_bg_image_repeat":"","ocean_post_title_bg_image_size":"","ocean_post_title_height":0,"ocean_post_title_bg_overlay":0.5,"ocean_post_title_bg_overlay_color":"","ocean_disable_breadcrumbs":"default","ocean_breadcrumbs_color":"","ocean_breadcrumbs_separator_color":"","ocean_breadcrumbs_links_color":"","ocean_breadcrumbs_links_hover_color":"","ocean_display_footer_widgets":"default","ocean_display_footer_bottom":"default","ocean_custom_footer_template":"0","ocean_post_oembed":"","ocean_post_self_hosted_media":"","ocean_post_video_embed":"","ocean_link_format":"","ocean_link_format_target":"self","ocean_quote_format":"","ocean_quote_format_link":"post","ocean_gallery_link_images":"on","ocean_gallery_id":[]},"categories":[93],"tags":[68,95,85,73,97,98,76,94,99,71,96,79],"yoast_head":"<!-- This site is optimized with the Yoast SEO plugin v19.5.1 - https:\/\/yoast.com\/wordpress\/plugins\/seo\/ -->\n<title>Komentarz do numerycznych prognoz pogody (18\/19.04.2023) - Laboratorium Modelowania Meteorologicznego CMOK IMGW-PIB<\/title>\n<meta name=\"description\" content=\"Komentarz do numerycznych prognoz pogody opracowany w Centrum Modelowania Meteorologicznego IMGW-PIB.\" \/>\n<meta name=\"robots\" content=\"index, follow, max-snippet:-1, max-image-preview:large, max-video-preview:-1\" \/>\n<link rel=\"canonical\" href=\"https:\/\/cmm.imgw.pl\/?p=26649\" \/>\n<meta property=\"og:locale\" content=\"pl_PL\" \/>\n<meta property=\"og:type\" content=\"article\" \/>\n<meta property=\"og:title\" content=\"Komentarz do numerycznych prognoz pogody (18\/19.04.2023)\" \/>\n<meta property=\"og:description\" content=\"Komentarz do numerycznych prognoz pogody opracowany w Centrum Modelowania Meteorologicznego IMGW-PIB\" \/>\n<meta property=\"og:url\" content=\"https:\/\/cmm.imgw.pl\/?p=26649\" \/>\n<meta property=\"og:site_name\" content=\"Laboratorium Modelowania Meteorologicznego CMOK IMGW-PIB\" \/>\n<meta property=\"article:publisher\" content=\"https:\/\/www.facebook.com\/Meteoimgw\/\" \/>\n<meta property=\"article:published_time\" content=\"2023-04-18T05:40:11+00:00\" \/>\n<meta property=\"article:modified_time\" content=\"2023-04-18T08:45:50+00:00\" \/>\n<meta property=\"og:image\" content=\"http:\/\/cmm.imgw.pl\/wp-content\/uploads\/2023\/02\/komentarz4.png\" \/>\n\t<meta property=\"og:image:width\" content=\"1280\" \/>\n\t<meta property=\"og:image:height\" content=\"720\" \/>\n\t<meta property=\"og:image:type\" content=\"image\/png\" \/>\n<meta name=\"author\" content=\"CMM\" \/>\n<meta name=\"twitter:card\" content=\"summary_large_image\" \/>\n<meta name=\"twitter:title\" content=\"Komentarz do numerycznych prognoz pogody (18\/19.04.2023)\" \/>\n<meta name=\"twitter:description\" content=\"Komentarz do numerycznych prognoz pogody opracowany w Centrum Modelowania Meteorologicznego IMGW-PIB\" \/>\n<meta name=\"twitter:image\" content=\"https:\/\/cmm.imgw.pl\/wp-content\/uploads\/2023\/02\/komentarz4.png\" \/>\n<meta name=\"twitter:creator\" content=\"@IMGW_CMM\" \/>\n<meta name=\"twitter:site\" content=\"@IMGW_CMM\" \/>\n<meta name=\"twitter:label1\" content=\"Napisane przez\" \/>\n\t<meta name=\"twitter:data1\" content=\"CMM\" \/>\n\t<meta name=\"twitter:label2\" content=\"Szacowany czas czytania\" \/>\n\t<meta name=\"twitter:data2\" content=\"26 minut\" \/>\n<script type=\"application\/ld+json\" class=\"yoast-schema-graph\">{\"@context\":\"https:\/\/schema.org\",\"@graph\":[{\"@type\":\"Article\",\"@id\":\"https:\/\/cmm.imgw.pl\/?p=26649#article\",\"isPartOf\":{\"@id\":\"https:\/\/cmm.imgw.pl\/?p=26649\"},\"author\":{\"name\":\"CMM\",\"@id\":\"https:\/\/cmm.imgw.pl\/#\/schema\/person\/a24a37fe434fe76b0f5791e6bd3fdb46\"},\"headline\":\"Komentarz do numerycznych prognoz pogody (18\/19.04.2023)\",\"datePublished\":\"2023-04-18T05:40:11+00:00\",\"dateModified\":\"2023-04-18T08:45:50+00:00\",\"mainEntityOfPage\":{\"@id\":\"https:\/\/cmm.imgw.pl\/?p=26649\"},\"wordCount\":1944,\"publisher\":{\"@id\":\"https:\/\/cmm.imgw.pl\/#organization\"},\"keywords\":[\"cmm\",\"Cosmo\",\"imgw\",\"klimat\",\"komentarz\",\"komentarz pogodowy\",\"meteorologia\",\"NMP\",\"NPP\",\"pogoda\",\"prognoza pogody\",\"zima\"],\"articleSection\":[\"Komentarz\"],\"inLanguage\":\"pl-PL\"},{\"@type\":\"WebPage\",\"@id\":\"https:\/\/cmm.imgw.pl\/?p=26649\",\"url\":\"https:\/\/cmm.imgw.pl\/?p=26649\",\"name\":\"Komentarz do numerycznych prognoz pogody (18\/19.04.2023) - Laboratorium Modelowania Meteorologicznego CMOK IMGW-PIB\",\"isPartOf\":{\"@id\":\"https:\/\/cmm.imgw.pl\/#website\"},\"datePublished\":\"2023-04-18T05:40:11+00:00\",\"dateModified\":\"2023-04-18T08:45:50+00:00\",\"description\":\"Komentarz do numerycznych prognoz pogody opracowany w Centrum Modelowania Meteorologicznego IMGW-PIB.\",\"breadcrumb\":{\"@id\":\"https:\/\/cmm.imgw.pl\/?p=26649#breadcrumb\"},\"inLanguage\":\"pl-PL\",\"potentialAction\":[{\"@type\":\"ReadAction\",\"target\":[\"https:\/\/cmm.imgw.pl\/?p=26649\"]}]},{\"@type\":\"BreadcrumbList\",\"@id\":\"https:\/\/cmm.imgw.pl\/?p=26649#breadcrumb\",\"itemListElement\":[{\"@type\":\"ListItem\",\"position\":1,\"name\":\"Home\",\"item\":\"https:\/\/cmm.imgw.pl\/\"},{\"@type\":\"ListItem\",\"position\":2,\"name\":\"Komentarz do numerycznych prognoz pogody (18\/19.04.2023)\"}]},{\"@type\":\"WebSite\",\"@id\":\"https:\/\/cmm.imgw.pl\/#website\",\"url\":\"https:\/\/cmm.imgw.pl\/\",\"name\":\"Laboratorium Modelowania Meteorologicznego CMOK IMGW-PIB\",\"description\":\"CMOK-LMM Laboratorium pe\u0142ni pa\u0144stwow\u0105 s\u0142u\u017cb\u0119 hydrologiczno-meteorologiczn\u0105 w zakresie numerycznych prognoz pogody, kt\u00f3rego zadaniem jest konsolidacja kompetencji w obszarze modelowania zjawisk pogodowych oraz dalszego rozwoju numerycznych modeli pogody (NMP).\",\"publisher\":{\"@id\":\"https:\/\/cmm.imgw.pl\/#organization\"},\"potentialAction\":[{\"@type\":\"SearchAction\",\"target\":{\"@type\":\"EntryPoint\",\"urlTemplate\":\"https:\/\/cmm.imgw.pl\/?s={search_term_string}\"},\"query-input\":\"required name=search_term_string\"}],\"inLanguage\":\"pl-PL\"},{\"@type\":\"Organization\",\"@id\":\"https:\/\/cmm.imgw.pl\/#organization\",\"name\":\"Laboratorium Modelowania Meteorologicznego CMOK IMGW-PIB\",\"url\":\"https:\/\/cmm.imgw.pl\/\",\"sameAs\":[\"https:\/\/www.facebook.com\/Meteoimgw\/\",\"https:\/\/twitter.com\/IMGW_CMM\"],\"logo\":{\"@type\":\"ImageObject\",\"inLanguage\":\"pl-PL\",\"@id\":\"https:\/\/cmm.imgw.pl\/#\/schema\/logo\/image\/\",\"url\":\"https:\/\/cmm.imgw.pl\/wp-content\/uploads\/2025\/10\/MODELE_LOGO_UNIFIKACJA_v2.png\",\"contentUrl\":\"https:\/\/cmm.imgw.pl\/wp-content\/uploads\/2025\/10\/MODELE_LOGO_UNIFIKACJA_v2.png\",\"width\":1356,\"height\":365,\"caption\":\"Laboratorium Modelowania Meteorologicznego CMOK IMGW-PIB\"},\"image\":{\"@id\":\"https:\/\/cmm.imgw.pl\/#\/schema\/logo\/image\/\"}},{\"@type\":\"Person\",\"@id\":\"https:\/\/cmm.imgw.pl\/#\/schema\/person\/a24a37fe434fe76b0f5791e6bd3fdb46\",\"name\":\"CMM\",\"image\":{\"@type\":\"ImageObject\",\"inLanguage\":\"pl-PL\",\"@id\":\"https:\/\/cmm.imgw.pl\/#\/schema\/person\/image\/\",\"url\":\"https:\/\/secure.gravatar.com\/avatar\/9248ea2273711f1cd09d6bd45867dbfb?s=96&d=blank&r=g\",\"contentUrl\":\"https:\/\/secure.gravatar.com\/avatar\/9248ea2273711f1cd09d6bd45867dbfb?s=96&d=blank&r=g\",\"caption\":\"CMM\"},\"sameAs\":[\"http:\/\/cmm.imgw.pl\"],\"url\":\"https:\/\/cmm.imgw.pl\/?author=3\"}]}<\/script>\n<!-- \/ Yoast SEO plugin. -->","yoast_head_json":{"title":"Komentarz do numerycznych prognoz pogody (18\/19.04.2023) - Laboratorium Modelowania Meteorologicznego CMOK IMGW-PIB","description":"Komentarz do numerycznych prognoz pogody opracowany w Centrum Modelowania Meteorologicznego IMGW-PIB.","robots":{"index":"index","follow":"follow","max-snippet":"max-snippet:-1","max-image-preview":"max-image-preview:large","max-video-preview":"max-video-preview:-1"},"canonical":"https:\/\/cmm.imgw.pl\/?p=26649","og_locale":"pl_PL","og_type":"article","og_title":"Komentarz do numerycznych prognoz pogody (18\/19.04.2023)","og_description":"Komentarz do numerycznych prognoz pogody opracowany w Centrum Modelowania Meteorologicznego IMGW-PIB","og_url":"https:\/\/cmm.imgw.pl\/?p=26649","og_site_name":"Laboratorium Modelowania Meteorologicznego CMOK IMGW-PIB","article_publisher":"https:\/\/www.facebook.com\/Meteoimgw\/","article_published_time":"2023-04-18T05:40:11+00:00","article_modified_time":"2023-04-18T08:45:50+00:00","og_image":[{"width":1280,"height":720,"url":"http:\/\/cmm.imgw.pl\/wp-content\/uploads\/2023\/02\/komentarz4.png","type":"image\/png"}],"author":"CMM","twitter_card":"summary_large_image","twitter_title":"Komentarz do numerycznych prognoz pogody (18\/19.04.2023)","twitter_description":"Komentarz do numerycznych prognoz pogody opracowany w Centrum Modelowania Meteorologicznego IMGW-PIB","twitter_image":"https:\/\/cmm.imgw.pl\/wp-content\/uploads\/2023\/02\/komentarz4.png","twitter_creator":"@IMGW_CMM","twitter_site":"@IMGW_CMM","twitter_misc":{"Napisane przez":"CMM","Szacowany czas czytania":"26 minut"},"schema":{"@context":"https:\/\/schema.org","@graph":[{"@type":"Article","@id":"https:\/\/cmm.imgw.pl\/?p=26649#article","isPartOf":{"@id":"https:\/\/cmm.imgw.pl\/?p=26649"},"author":{"name":"CMM","@id":"https:\/\/cmm.imgw.pl\/#\/schema\/person\/a24a37fe434fe76b0f5791e6bd3fdb46"},"headline":"Komentarz do numerycznych prognoz pogody (18\/19.04.2023)","datePublished":"2023-04-18T05:40:11+00:00","dateModified":"2023-04-18T08:45:50+00:00","mainEntityOfPage":{"@id":"https:\/\/cmm.imgw.pl\/?p=26649"},"wordCount":1944,"publisher":{"@id":"https:\/\/cmm.imgw.pl\/#organization"},"keywords":["cmm","Cosmo","imgw","klimat","komentarz","komentarz pogodowy","meteorologia","NMP","NPP","pogoda","prognoza pogody","zima"],"articleSection":["Komentarz"],"inLanguage":"pl-PL"},{"@type":"WebPage","@id":"https:\/\/cmm.imgw.pl\/?p=26649","url":"https:\/\/cmm.imgw.pl\/?p=26649","name":"Komentarz do numerycznych prognoz pogody (18\/19.04.2023) - Laboratorium Modelowania Meteorologicznego CMOK IMGW-PIB","isPartOf":{"@id":"https:\/\/cmm.imgw.pl\/#website"},"datePublished":"2023-04-18T05:40:11+00:00","dateModified":"2023-04-18T08:45:50+00:00","description":"Komentarz do numerycznych prognoz pogody opracowany w Centrum Modelowania Meteorologicznego IMGW-PIB.","breadcrumb":{"@id":"https:\/\/cmm.imgw.pl\/?p=26649#breadcrumb"},"inLanguage":"pl-PL","potentialAction":[{"@type":"ReadAction","target":["https:\/\/cmm.imgw.pl\/?p=26649"]}]},{"@type":"BreadcrumbList","@id":"https:\/\/cmm.imgw.pl\/?p=26649#breadcrumb","itemListElement":[{"@type":"ListItem","position":1,"name":"Home","item":"https:\/\/cmm.imgw.pl\/"},{"@type":"ListItem","position":2,"name":"Komentarz do numerycznych prognoz pogody (18\/19.04.2023)"}]},{"@type":"WebSite","@id":"https:\/\/cmm.imgw.pl\/#website","url":"https:\/\/cmm.imgw.pl\/","name":"Laboratorium Modelowania Meteorologicznego CMOK IMGW-PIB","description":"CMOK-LMM Laboratorium pe\u0142ni pa\u0144stwow\u0105 s\u0142u\u017cb\u0119 hydrologiczno-meteorologiczn\u0105 w zakresie numerycznych prognoz pogody, kt\u00f3rego zadaniem jest konsolidacja kompetencji w obszarze modelowania zjawisk pogodowych oraz dalszego rozwoju numerycznych modeli pogody (NMP).","publisher":{"@id":"https:\/\/cmm.imgw.pl\/#organization"},"potentialAction":[{"@type":"SearchAction","target":{"@type":"EntryPoint","urlTemplate":"https:\/\/cmm.imgw.pl\/?s={search_term_string}"},"query-input":"required name=search_term_string"}],"inLanguage":"pl-PL"},{"@type":"Organization","@id":"https:\/\/cmm.imgw.pl\/#organization","name":"Laboratorium Modelowania Meteorologicznego CMOK IMGW-PIB","url":"https:\/\/cmm.imgw.pl\/","sameAs":["https:\/\/www.facebook.com\/Meteoimgw\/","https:\/\/twitter.com\/IMGW_CMM"],"logo":{"@type":"ImageObject","inLanguage":"pl-PL","@id":"https:\/\/cmm.imgw.pl\/#\/schema\/logo\/image\/","url":"https:\/\/cmm.imgw.pl\/wp-content\/uploads\/2025\/10\/MODELE_LOGO_UNIFIKACJA_v2.png","contentUrl":"https:\/\/cmm.imgw.pl\/wp-content\/uploads\/2025\/10\/MODELE_LOGO_UNIFIKACJA_v2.png","width":1356,"height":365,"caption":"Laboratorium Modelowania Meteorologicznego CMOK IMGW-PIB"},"image":{"@id":"https:\/\/cmm.imgw.pl\/#\/schema\/logo\/image\/"}},{"@type":"Person","@id":"https:\/\/cmm.imgw.pl\/#\/schema\/person\/a24a37fe434fe76b0f5791e6bd3fdb46","name":"CMM","image":{"@type":"ImageObject","inLanguage":"pl-PL","@id":"https:\/\/cmm.imgw.pl\/#\/schema\/person\/image\/","url":"https:\/\/secure.gravatar.com\/avatar\/9248ea2273711f1cd09d6bd45867dbfb?s=96&d=blank&r=g","contentUrl":"https:\/\/secure.gravatar.com\/avatar\/9248ea2273711f1cd09d6bd45867dbfb?s=96&d=blank&r=g","caption":"CMM"},"sameAs":["http:\/\/cmm.imgw.pl"],"url":"https:\/\/cmm.imgw.pl\/?author=3"}]}},"_links":{"self":[{"href":"https:\/\/cmm.imgw.pl\/index.php?rest_route=\/wp\/v2\/posts\/26649"}],"collection":[{"href":"https:\/\/cmm.imgw.pl\/index.php?rest_route=\/wp\/v2\/posts"}],"about":[{"href":"https:\/\/cmm.imgw.pl\/index.php?rest_route=\/wp\/v2\/types\/post"}],"author":[{"embeddable":true,"href":"https:\/\/cmm.imgw.pl\/index.php?rest_route=\/wp\/v2\/users\/3"}],"replies":[{"embeddable":true,"href":"https:\/\/cmm.imgw.pl\/index.php?rest_route=%2Fwp%2Fv2%2Fcomments&post=26649"}],"version-history":[{"count":3,"href":"https:\/\/cmm.imgw.pl\/index.php?rest_route=\/wp\/v2\/posts\/26649\/revisions"}],"predecessor-version":[{"id":26724,"href":"https:\/\/cmm.imgw.pl\/index.php?rest_route=\/wp\/v2\/posts\/26649\/revisions\/26724"}],"wp:attachment":[{"href":"https:\/\/cmm.imgw.pl\/index.php?rest_route=%2Fwp%2Fv2%2Fmedia&parent=26649"}],"wp:term":[{"taxonomy":"category","embeddable":true,"href":"https:\/\/cmm.imgw.pl\/index.php?rest_route=%2Fwp%2Fv2%2Fcategories&post=26649"},{"taxonomy":"post_tag","embeddable":true,"href":"https:\/\/cmm.imgw.pl\/index.php?rest_route=%2Fwp%2Fv2%2Ftags&post=26649"}],"curies":[{"name":"wp","href":"https:\/\/api.w.org\/{rel}","templated":true}]}}