{"id":26167,"date":"2023-03-30T18:07:30","date_gmt":"2023-03-30T16:07:30","guid":{"rendered":"https:\/\/cmm.imgw.pl\/?p=26167"},"modified":"2023-03-30T18:07:32","modified_gmt":"2023-03-30T16:07:32","slug":"komentarz-do-numerycznych-prognoz-pogody-30-31-03-2023","status":"publish","type":"post","link":"https:\/\/cmm.imgw.pl\/?p=26167","title":{"rendered":"Komentarz do numerycznych prognoz pogody (30\/31.03.2023)"},"content":{"rendered":"\n<figure class=\"wp-block-image size-large\"><img loading=\"lazy\" width=\"1024\" height=\"576\" src=\"https:\/\/cmm.imgw.pl\/wp-content\/uploads\/2023\/03\/komentarz4-1-1024x576.png\" alt=\"\" class=\"wp-image-23617\" srcset=\"https:\/\/cmm.imgw.pl\/wp-content\/uploads\/2023\/03\/komentarz4-1-1024x576.png 1024w, https:\/\/cmm.imgw.pl\/wp-content\/uploads\/2023\/03\/komentarz4-1-300x169.png 300w, https:\/\/cmm.imgw.pl\/wp-content\/uploads\/2023\/03\/komentarz4-1-768x432.png 768w, https:\/\/cmm.imgw.pl\/wp-content\/uploads\/2023\/03\/komentarz4-1-800x450.png 800w, https:\/\/cmm.imgw.pl\/wp-content\/uploads\/2023\/03\/komentarz4-1.png 1280w\" sizes=\"(max-width: 1024px) 100vw, 1024px\" \/><\/figure>\n\n\n\n<p><em>Tre\u015b\u0107 komentarza do numerycznych prognoz meteorologicznych stanowi niezale\u017cne od biura prognoz meteorologicznych opracowanie wykonane w Centrum Modelowania Meteorologicznego i nie stanowi oficjalnej prognozy synoptycznej IMGW-PIB.<\/em><\/p>\n\n\n\n<p><strong>Opracowanie:<\/strong><\/p>\n\n\n\n<p><strong>dr&nbsp;Grzegorz&nbsp;Duniec, <a href=\"https:\/\/cmm.imgw.pl\/\" target=\"_blank\" rel=\"noreferrer noopener\"><mark style=\"background-color:rgba(0, 0, 0, 0)\" class=\"has-inline-color has-vivid-cyan-blue-color\">Centrum Modelowania Meteorologicznego IMGW-PIB<\/mark><\/a><\/strong><\/p>\n\n\n<p><strong>Dzie\u0144 30 III oraz noc 30\/31 III 2023 r.<\/strong><\/p>\n<p><strong>Opis sytuacji synoptycznej w Europie z godziny 06 UTC, 30 III 2023 roku<\/strong><\/p>\n<p><img loading=\"lazy\" width=\"1385\" height=\"983\" class=\"wp-image-26188 aligncenter\" src=\"http:\/\/cmm.imgw.pl\/wp-content\/uploads\/2023\/03\/word-image-26167-1.png\" srcset=\"https:\/\/cmm.imgw.pl\/wp-content\/uploads\/2023\/03\/word-image-26167-1.png 1385w, https:\/\/cmm.imgw.pl\/wp-content\/uploads\/2023\/03\/word-image-26167-1-300x213.png 300w, https:\/\/cmm.imgw.pl\/wp-content\/uploads\/2023\/03\/word-image-26167-1-1024x727.png 1024w, https:\/\/cmm.imgw.pl\/wp-content\/uploads\/2023\/03\/word-image-26167-1-768x545.png 768w\" sizes=\"(max-width: 1385px) 100vw, 1385px\" \/><\/p>\n<p>Klin wysokiego ci\u015bnienia, kt\u00f3ry kszta\u0142towa\u0142 pogod\u0119 w Polsce przemie\u015bci\u0142 si\u0119 na wsch\u00f3d i zalega nad Europ\u0105 wschodni\u0105. Po wschodnim obszarze klina znajduje si\u0119 rozleg\u0142a zatoka z frontem atmosferycznym, zdeformowanym falowo, na kt\u00f3rym znajduj\u0105 si\u0119, utworzone wcze\u015bniej, p\u0142ytkie wiry cykloniczne z o\u015brodkami 1004,4 hPa, 1009,8 hPa oraz 1002 hPa nad zachodni\u0105 Rosj\u0105. Nad p\u00f3\u0142nocno zachodni\u0105 Rosj\u0105 zalega uk\u0142ad wysokiego ci\u015bnienia, kt\u00f3ry umacnia si\u0119. Nad Europ\u0105 zachodni\u0105 znajduje si\u0119 uk\u0142ad niskiego ci\u015bnienia z centrum 975 hPa usytuowany na po\u0142udniowy wsch\u00f3d od Islandii. Nad Atlantykiem, na zach\u00f3d od Wysp Brytyjskich, zalega kolejny uk\u0142ad niskiego ci\u015bnienia z centrum 985 hPa, kt\u00f3ry jest w stadium okludowania. Na po\u0142udnie od ww. ni\u017cu znajduje si\u0119 uk\u0142ad wysokiego ci\u015bnienia. Europa po\u0142udniowa oraz Morze \u015ar\u00f3dziemne w zasi\u0119gu obszaru podwy\u017cszonego ci\u015bnienia.<\/p>\n<p><strong>Analiza g\u00f3rnego pola ci\u015bnienia <\/strong><\/p>\n<p>Mapy topografii barycznej bezwzgl\u0119dnej TB z godziny 00 UTC<\/p>\n<p><img loading=\"lazy\" width=\"1220\" height=\"1542\" class=\"wp-image-26189 aligncenter\" src=\"http:\/\/cmm.imgw.pl\/wp-content\/uploads\/2023\/03\/word-image-26167-2.gif\" \/> <img loading=\"lazy\" width=\"1220\" height=\"1542\" class=\"wp-image-26190 aligncenter\" src=\"http:\/\/cmm.imgw.pl\/wp-content\/uploads\/2023\/03\/word-image-26167-3.gif\" \/> <img loading=\"lazy\" width=\"1221\" height=\"1545\" class=\"wp-image-26191 aligncenter\" src=\"http:\/\/cmm.imgw.pl\/wp-content\/uploads\/2023\/03\/word-image-26167-4.gif\" \/><\/p>\n<p>Ni\u017c zalegaj\u0105cy na po\u0142udniowy wsch\u00f3d od Islandii rozbudowany ku g\u00f3rze z wyodr\u0119bnion\u0105 zamkni\u0119ta cyrkulacj\u0105 cykloniczn\u0105 a\u017c do poziomu 500 hPa. Powy\u017cej izohipsy wygi\u0119te na kszta\u0142t zatoki i szybko si\u0119 prostuj\u0105. Klin znad Europy wschodniej na wy\u017cszych poziomach zaznaczony izohipsami gi\u0119tymi na kszta\u0142t klina przesuni\u0119tymi w kierunku zachodnim, wzgl\u0119dem klina przyziemnego, w kierunku ciep\u0142ej masy powietrza. Wy\u017c znad Atlantyku rozbudowany ku g\u00f3rze i zaznaczony na wy\u017cszych poziomach izobarycznych. Nad Skandynawi\u0105 na g\u00f3rnych poziomach ci\u015bnieniowych, a\u017c do poziomu 400 hPa, zaznaczona zamkni\u0119ta cyrkulacja cykloniczna. Wy\u017cej izohipsy prostuj\u0105 si\u0119 i s\u0105 gi\u0119te na kszta\u0142t zatoki. Nad Morzem Czarnym od wysoko\u015bci 700 hPa wzwy\u017c wyst\u0119puje zamkni\u0119ta cyrkulacja cykloniczna.<\/p>\n<p><strong>Analiza g\u00f3rnego pola wiatru<\/strong><\/p>\n<p><img loading=\"lazy\" width=\"1359\" height=\"2174\" class=\"wp-image-26192 aligncenter\" src=\"http:\/\/cmm.imgw.pl\/wp-content\/uploads\/2023\/03\/word-image-26167-5.gif\" \/><\/p>\n<p>Nad Atlantykiem i Europ\u0105 zachodni\u0105 znajduje si\u0119 pr\u0105d strumieniowy, kt\u00f3rego o\u015b zalega na wysoko\u015bci FL340 (10363 metr\u00f3w), z maksymaln\u0105 pr\u0119dko\u015bci\u0105 w osi pr\u0105du 75-45 m\/s. Nad P\u0142w. Ba\u0142ka\u0144skim znajduje si\u0119 drugi pr\u0105d strumieniowy, kt\u00f3rego o\u015b znajduje si\u0119 na wysoko\u015bci FL350 (10668 metr\u00f3w) z maksymaln\u0105 pr\u0119dko\u015bci\u0105 w osi pr\u0105du 45 m\/s. Nad Morzem Czarnym i P\u0142w. Azji Mniejszej znajduje si\u0119 trzeci pr\u0105d strumieniowy znajduj\u0105cy si\u0119 na wysoko\u015bci FL270 (8230 metr\u00f3w) z maksymaln\u0105 pr\u0119dko\u015bci\u0105 w osi pr\u0105du 42,5 m\/s. Nad p\u00f3\u0142nocno zachodni\u0105 Rosj\u0105 zalega kolejny pr\u0105d strumieniowy.<\/p>\n<p><strong>Tropopauza<\/strong><\/p>\n<p><img loading=\"lazy\" width=\"2371\" height=\"1716\" class=\"wp-image-26193 aligncenter\" src=\"http:\/\/cmm.imgw.pl\/wp-content\/uploads\/2023\/03\/word-image-26167-6.gif\" \/><\/p>\n<p>Na zach\u00f3d Polski wyst\u0119puje du\u017ce prawdopodobie\u0144stwo ugi\u0119cia tropopauzy.<\/p>\n<p><strong>Rozw\u00f3j sytuacji barycznej nad Europ\u0105 w horyzoncie 24 godzin<\/strong><\/p>\n<p><img loading=\"lazy\" width=\"1075\" height=\"764\" class=\"wp-image-26194 aligncenter\" src=\"http:\/\/cmm.imgw.pl\/wp-content\/uploads\/2023\/03\/word-image-26167-7.gif\" \/> <img loading=\"lazy\" width=\"1075\" height=\"764\" class=\"wp-image-26195 aligncenter\" src=\"http:\/\/cmm.imgw.pl\/wp-content\/uploads\/2023\/03\/word-image-26167-8.gif\" \/><\/p>\n<p>Z zachodu na wsch\u00f3d b\u0119d\u0105 przemieszcza\u0142y si\u0119 fronty atmosferyczne. W godzinach nocnych nad po\u0142udniow\u0105 Polsk\u0105 zalega\u0107 b\u0119d\u0105 dwa fronty, ciep\u0142y i ch\u0142odny, a nad p\u00f3\u0142nocno wschodni\u0105 Polsk\u0105 znajdzie si\u0119 punkt zwarcia front\u00f3w (punkt okluzji). Od punktu zwarcie a\u017c po Islandi\u0119 rozci\u0105ga\u0107 si\u0119 b\u0119dzie pofalowany front okluzji. Jutro dojdzie do dalszego okludowania ni\u017cu i cz\u0119\u015bciowej frontolizy frontu okluzji. Jutro w po\u0142udnie pozosta\u0142y fragment frontu okluzji zalega\u0107 b\u0119dzie nad Europ\u0105 zachodni\u0105. Na froncie znad Europy wschodniej dojdzie pog\u0142\u0119biania si\u0119 wiru cyklonicznego, kt\u00f3ry ju\u017c jutro w po\u0142udnie b\u0119dzie w stadium okludowania. Nad Islandi\u0105 dojdzie do przebudowy pola termobarycznego i ju\u017c jutro zalega\u0107 b\u0119dzie w tym rejonie uk\u0142ad niskiego ci\u015bnienia. Ni\u017c znad Atlantyku b\u0119dzie przemieszcza\u0142 si\u0119 na wsch\u00f3d i b\u0119dzie si\u0119 wype\u0142nia\u0142. Front atmosferyczny z nim zwi\u0105zany obejmie swym zasi\u0119giem Europ\u0119 zachodni\u0105 a jutro dotrze do zachodnich granic naszego kraju oraz do Europy po\u0142udniowej i po\u0142udniowo zachodnie a tak\u017ce do Morza \u015ar\u00f3dziemnego. Centrum wiru znajdzie si\u0119 nad Wyspami Brytyjskimi. Na zach\u00f3d od P\u0142w. Iberyjskiego znajdowa\u0107 si\u0119 b\u0119dzie uk\u0142ad wysokiego ci\u015bnienia.<\/p>\n<p><strong>Analiza g\u00f3rnego pola ci\u015bnienia w horyzoncie 24 godzin<\/strong><\/p>\n<p><img loading=\"lazy\" width=\"628\" height=\"435\" class=\"wp-image-26196 aligncenter\" src=\"http:\/\/cmm.imgw.pl\/wp-content\/uploads\/2023\/03\/word-image-26167-9.png\" srcset=\"https:\/\/cmm.imgw.pl\/wp-content\/uploads\/2023\/03\/word-image-26167-9.png 628w, https:\/\/cmm.imgw.pl\/wp-content\/uploads\/2023\/03\/word-image-26167-9-300x208.png 300w\" sizes=\"(max-width: 628px) 100vw, 628px\" \/> <img loading=\"lazy\" width=\"623\" height=\"435\" class=\"wp-image-26197 aligncenter\" src=\"http:\/\/cmm.imgw.pl\/wp-content\/uploads\/2023\/03\/word-image-26167-10.png\" srcset=\"https:\/\/cmm.imgw.pl\/wp-content\/uploads\/2023\/03\/word-image-26167-10.png 623w, https:\/\/cmm.imgw.pl\/wp-content\/uploads\/2023\/03\/word-image-26167-10-300x209.png 300w\" sizes=\"(max-width: 623px) 100vw, 623px\" \/> <img loading=\"lazy\" width=\"626\" height=\"438\" class=\"wp-image-26198 aligncenter\" src=\"http:\/\/cmm.imgw.pl\/wp-content\/uploads\/2023\/03\/word-image-26167-11.png\" srcset=\"https:\/\/cmm.imgw.pl\/wp-content\/uploads\/2023\/03\/word-image-26167-11.png 626w, https:\/\/cmm.imgw.pl\/wp-content\/uploads\/2023\/03\/word-image-26167-11-300x210.png 300w\" sizes=\"(max-width: 626px) 100vw, 626px\" \/> <img loading=\"lazy\" width=\"628\" height=\"441\" class=\"wp-image-26199 aligncenter\" src=\"http:\/\/cmm.imgw.pl\/wp-content\/uploads\/2023\/03\/word-image-26167-12.png\" srcset=\"https:\/\/cmm.imgw.pl\/wp-content\/uploads\/2023\/03\/word-image-26167-12.png 628w, https:\/\/cmm.imgw.pl\/wp-content\/uploads\/2023\/03\/word-image-26167-12-300x211.png 300w\" sizes=\"(max-width: 628px) 100vw, 628px\" \/> <img loading=\"lazy\" width=\"622\" height=\"437\" class=\"wp-image-26200 aligncenter\" src=\"http:\/\/cmm.imgw.pl\/wp-content\/uploads\/2023\/03\/word-image-26167-13.jpeg\" srcset=\"https:\/\/cmm.imgw.pl\/wp-content\/uploads\/2023\/03\/word-image-26167-13.jpeg 622w, https:\/\/cmm.imgw.pl\/wp-content\/uploads\/2023\/03\/word-image-26167-13-300x211.jpeg 300w\" sizes=\"(max-width: 622px) 100vw, 622px\" \/> <img loading=\"lazy\" width=\"627\" height=\"435\" class=\"wp-image-26201 aligncenter\" src=\"http:\/\/cmm.imgw.pl\/wp-content\/uploads\/2023\/03\/word-image-26167-14.png\" srcset=\"https:\/\/cmm.imgw.pl\/wp-content\/uploads\/2023\/03\/word-image-26167-14.png 627w, https:\/\/cmm.imgw.pl\/wp-content\/uploads\/2023\/03\/word-image-26167-14-300x208.png 300w\" sizes=\"(max-width: 627px) 100vw, 627px\" \/><\/p>\n<p>Ni\u017c znad Atlantyku, kt\u00f3ry przemie\u015bci si\u0119 nad Wyspy Brytyjskie, b\u0119dzie rozbudowany ku g\u00f3rze. Na wysoko\u015bci 850 hPa b\u0119dzie wyodr\u0119bniona zamkni\u0119ta cyrkulacja cykloniczna. Na wy\u017cszych poziomach izohipsy gi\u0119te na kszta\u0142t zatoki. Proces wype\u0142niania dotrze do wy\u017cszych poziom\u00f3w. Ni\u017c znad Skandynawii r\u00f3wnie\u017c rozbudowany ku g\u00f3rze. Zamkni\u0119ta cyrkulacja cykloniczna zaznaczona wszystkich poziomach. Proces pog\u0142\u0119biania obejmie ca\u0142\u0105 troposfer\u0119. Pog\u0142\u0119biaj\u0105cy si\u0119 i okluduj\u0105cy uk\u0142ad niskiego ci\u015bnienia nad zachodni\u0105 Rosj\u0105 r\u00f3wnie\u017c rozbuduje si\u0119 ku g\u00f3rze. Zamkni\u0119ta cyrkulacja cykloniczna widoczna na wszystkich poziomach. Proces pog\u0142\u0119biania obejmie wy\u017csze poziomy w troposferze. Klina wysokiego ci\u015bnienia znajduj\u0105cy si\u0119 we wschodniej Europie na wy\u017cszych poziomach zaznaczony b\u0119dzie izohipsami gi\u0119tymi na kszta\u0142t klina. Izohipsy z czasem b\u0119d\u0105 si\u0119 coraz bardziej prostowa\u0107. Ni\u017c z rejonu Islandii r\u00f3wnie\u017c b\u0119dzie rozbudowywa\u0142 ku g\u00f3rze. Na wysoko\u015bci 1,5 km b\u0119dzie ju\u017c widoczna zamkni\u0119ta cyrkulacja cykloniczna. Na wy\u017cszych poziomach izohipsy b\u0119d\u0105 jeszcze gi\u0119te na kszta\u0142t zatoki. Do jutrzejszych godzin dopo\u0142udniowych proces rozbudowy b\u0119dzie post\u0119powa\u0142 i ju\u017c w jutro w po\u0142udnie na wysoko\u015bci 5,5 km b\u0119dzie zamkni\u0119ta cyrkulacja cykloniczna.<\/p>\n<p><strong>Analiza g\u00f3rnego pola wiatru w horyzoncie 24 godzin<\/strong><\/p>\n<p><img loading=\"lazy\" width=\"1359\" height=\"2174\" class=\"wp-image-26202 aligncenter\" src=\"http:\/\/cmm.imgw.pl\/wp-content\/uploads\/2023\/03\/word-image-26167-15.gif\" \/> <img loading=\"lazy\" width=\"1359\" height=\"2174\" class=\"wp-image-26203 aligncenter\" src=\"http:\/\/cmm.imgw.pl\/wp-content\/uploads\/2023\/03\/word-image-26167-16.gif\" \/><\/p>\n<p><img loading=\"lazy\" width=\"1359\" height=\"2174\" class=\"wp-image-26204 aligncenter\" src=\"http:\/\/cmm.imgw.pl\/wp-content\/uploads\/2023\/03\/word-image-26167-17.gif\" \/><\/p>\n<p>Nad Atlantykiem i Europ\u0105 zachodni\u0105 znajdowa\u0107 si\u0119 b\u0119d\u0105 pr\u0105dy strumieniowe na wysoko\u015bci FL320 i FL380, o pionowym zasi\u0119gu pr\u0105du FL200\/450. Nad ranem wysoko\u015b\u0107 pr\u0105du strumieniowego obni\u017cy si\u0119 do poziomu FL320 i zwi\u0119kszy si\u0119 pionowy zasi\u0119g pr\u0105du FL160\/440. Nad Morzem Norweskim oraz Morzem Bia\u0142ym i Barentsa r\u00f3wnie\u017c zalegaj\u0105 pr\u0105dy strumieniowe. Nad ranem pr\u0105d strumieniowy znad Morza Bia\u0142ego i Barentsa przemie\u015bci si\u0119 na wsch\u00f3d nad NW Rosj\u0119. W nocy do po\u0142udniowo zachodnich granic Polski zbli\u017cy si\u0119 o\u015b pr\u0105du strumieniowego znajduj\u0105cego si\u0119 na wysoko\u015bci FL300 z maksymaln\u0105 pr\u0119dko\u015bci\u0105 w osi pr\u0105du 45 m\/s.<\/p>\n<p><img loading=\"lazy\" width=\"600\" height=\"640\" class=\"wp-image-26205 aligncenter\" src=\"http:\/\/cmm.imgw.pl\/wp-content\/uploads\/2023\/03\/word-image-26167-18.png\" srcset=\"https:\/\/cmm.imgw.pl\/wp-content\/uploads\/2023\/03\/word-image-26167-18.png 600w, https:\/\/cmm.imgw.pl\/wp-content\/uploads\/2023\/03\/word-image-26167-18-281x300.png 281w\" sizes=\"(max-width: 600px) 100vw, 600px\" \/><\/p>\n<p>Z symulacji numerycznych wynika, \u017ce pr\u0119dko\u015b\u0107 pr\u0105du na wysoko\u015bci FL300 osi\u0105gnie warto\u015b\u0107 40 m\/s nad Niemcami w pobli\u017cu po\u0142udniowo zachodniej granicy.<\/p>\n<p><strong>Tropopauza<\/strong><\/p>\n<p>W nocy nad Skandynawi\u0105 zalega\u0107 b\u0119dzie ni\u017c tropopauzy (tropopauza wyka\u017ce obni\u017cenie do poziomu FL180 (5486 metr\u00f3w)).<\/p>\n<p><strong>Analiza termiczna troposfery<\/strong><\/p>\n<p><img loading=\"lazy\" width=\"634\" height=\"490\" class=\"wp-image-26206 aligncenter\" src=\"http:\/\/cmm.imgw.pl\/wp-content\/uploads\/2023\/03\/thck-500-1000hpa-gfs-czw-30-03-2023-15-utc.gif\" alt=\"Thck 500-1000hPa GFS czw. 30.03.2023 15 UTC\" \/> <img loading=\"lazy\" width=\"634\" height=\"490\" class=\"wp-image-26207 aligncenter\" src=\"http:\/\/cmm.imgw.pl\/wp-content\/uploads\/2023\/03\/thck-500-1000hpa-gfs-pt-31-03-2023-03-utc.gif\" alt=\"Thck 500-1000hPa GFS pt. 31.03.2023 03 UTC\" \/> <img loading=\"lazy\" width=\"634\" height=\"490\" class=\"wp-image-26208 aligncenter\" src=\"http:\/\/cmm.imgw.pl\/wp-content\/uploads\/2023\/03\/theta-w-850hpa-gfs-czw-30-03-2023-15-utc.gif\" alt=\"Theta-W 850hPa GFS czw. 30.03.2023 15 UTC\" \/> <img loading=\"lazy\" width=\"634\" height=\"490\" class=\"wp-image-26209 aligncenter\" src=\"http:\/\/cmm.imgw.pl\/wp-content\/uploads\/2023\/03\/theta-w-850hpa-gfs-pt-31-03-2023-03-utc.gif\" alt=\"Theta-W 850hPa GFS pt. 31.03.2023 03 UTC\" \/><\/p>\n<p>Skandynawia, Morze Norweskie, Morze Bia\u0142e oraz Cz\u0119\u015bciowo Barentsa a tak\u017ce Europa wschodnia jest w zasi\u0119gu powietrza arktycznego. Pozosta\u0142y obszar Europy w zasi\u0119gu powietrza polarno-morskiego o r\u00f3\u017cnych w\u0142a\u015bciwo\u015bciach termicznych.<\/p>\n<p><img loading=\"lazy\" width=\"557\" height=\"500\" class=\"wp-image-26210 aligncenter\" src=\"http:\/\/cmm.imgw.pl\/wp-content\/uploads\/2023\/03\/word-image-26167-23.png\" srcset=\"https:\/\/cmm.imgw.pl\/wp-content\/uploads\/2023\/03\/word-image-26167-23.png 557w, https:\/\/cmm.imgw.pl\/wp-content\/uploads\/2023\/03\/word-image-26167-23-300x269.png 300w\" sizes=\"(max-width: 557px) 100vw, 557px\" \/> <img loading=\"lazy\" width=\"558\" height=\"498\" class=\"wp-image-26211 aligncenter\" src=\"http:\/\/cmm.imgw.pl\/wp-content\/uploads\/2023\/03\/word-image-26167-24.png\" srcset=\"https:\/\/cmm.imgw.pl\/wp-content\/uploads\/2023\/03\/word-image-26167-24.png 558w, https:\/\/cmm.imgw.pl\/wp-content\/uploads\/2023\/03\/word-image-26167-24-300x268.png 300w\" sizes=\"(max-width: 558px) 100vw, 558px\" \/><\/p>\n<p>Pocz\u0105tkowo nad Polsk\u0105 wyst\u0119puje ujemny k\u0105t adwekcji co wskazuje na adwekcj\u0119 ciep\u0142a \u2013 front ciep\u0142y. Na zach\u00f3d od Polski izotermy gi\u0119te na kszta\u0142t klina. Nast\u0119pnie nad naszym krajem wyst\u0105pi adwekcja ch\u0142odu \u2013 front ch\u0142odny.<\/p>\n<p><img loading=\"lazy\" width=\"600\" height=\"640\" class=\"wp-image-26212 aligncenter\" src=\"http:\/\/cmm.imgw.pl\/wp-content\/uploads\/2023\/03\/word-image-26167-25.png\" srcset=\"https:\/\/cmm.imgw.pl\/wp-content\/uploads\/2023\/03\/word-image-26167-25.png 600w, https:\/\/cmm.imgw.pl\/wp-content\/uploads\/2023\/03\/word-image-26167-25-281x300.png 281w\" sizes=\"(max-width: 600px) 100vw, 600px\" \/> <img loading=\"lazy\" width=\"600\" height=\"640\" class=\"wp-image-26213 aligncenter\" src=\"http:\/\/cmm.imgw.pl\/wp-content\/uploads\/2023\/03\/word-image-26167-26.png\" srcset=\"https:\/\/cmm.imgw.pl\/wp-content\/uploads\/2023\/03\/word-image-26167-26.png 600w, https:\/\/cmm.imgw.pl\/wp-content\/uploads\/2023\/03\/word-image-26167-26-281x300.png 281w\" sizes=\"(max-width: 600px) 100vw, 600px\" \/> <img loading=\"lazy\" width=\"600\" height=\"640\" class=\"wp-image-26214 aligncenter\" src=\"http:\/\/cmm.imgw.pl\/wp-content\/uploads\/2023\/03\/word-image-26167-27.png\" srcset=\"https:\/\/cmm.imgw.pl\/wp-content\/uploads\/2023\/03\/word-image-26167-27.png 600w, https:\/\/cmm.imgw.pl\/wp-content\/uploads\/2023\/03\/word-image-26167-27-281x300.png 281w\" sizes=\"(max-width: 600px) 100vw, 600px\" \/><\/p>\n<p>Potwierdza to prognoza pola temperatury powietrza na wysoko\u015bci 5,5 km. Na mapach wieczornych \u0142adnie zaznaczony klin ciep\u0142a. Od zachodu zacznie nasuwa\u0107 si\u0119 ch\u0142odniejsza masa powietrza.<\/p>\n<p><img loading=\"lazy\" width=\"600\" height=\"640\" class=\"wp-image-26215 aligncenter\" src=\"http:\/\/cmm.imgw.pl\/wp-content\/uploads\/2023\/03\/word-image-26167-28.png\" srcset=\"https:\/\/cmm.imgw.pl\/wp-content\/uploads\/2023\/03\/word-image-26167-28.png 600w, https:\/\/cmm.imgw.pl\/wp-content\/uploads\/2023\/03\/word-image-26167-28-281x300.png 281w\" sizes=\"(max-width: 600px) 100vw, 600px\" \/> <img loading=\"lazy\" width=\"600\" height=\"640\" class=\"wp-image-26216 aligncenter\" src=\"http:\/\/cmm.imgw.pl\/wp-content\/uploads\/2023\/03\/word-image-26167-29.png\" srcset=\"https:\/\/cmm.imgw.pl\/wp-content\/uploads\/2023\/03\/word-image-26167-29.png 600w, https:\/\/cmm.imgw.pl\/wp-content\/uploads\/2023\/03\/word-image-26167-29-281x300.png 281w\" sizes=\"(max-width: 600px) 100vw, 600px\" \/> <img loading=\"lazy\" width=\"600\" height=\"640\" class=\"wp-image-26217 aligncenter\" src=\"http:\/\/cmm.imgw.pl\/wp-content\/uploads\/2023\/03\/word-image-26167-30.png\" srcset=\"https:\/\/cmm.imgw.pl\/wp-content\/uploads\/2023\/03\/word-image-26167-30.png 600w, https:\/\/cmm.imgw.pl\/wp-content\/uploads\/2023\/03\/word-image-26167-30-281x300.png 281w\" sizes=\"(max-width: 600px) 100vw, 600px\" \/><\/p>\n<p>Z map topografii barycznej wzgl\u0119dnej r\u00f3wnie\u017c wynika, przemieszczanie si\u0119 z zachodu na wsch\u00f3d klina ciep\u0142a, za kt\u00f3rym nap\u0142ynie ch\u0142odniejsza masa powietrza.<\/p>\n<p>Z zachodu do naszego kraju nap\u0142ywa polarno-morska masa powietrza.<\/p>\n<p><strong>Analiza pola wilgotno\u015bci w pionowym profilu w troposferze<\/strong><\/p>\n<p><img loading=\"lazy\" width=\"600\" height=\"640\" class=\"wp-image-26218 aligncenter\" src=\"http:\/\/cmm.imgw.pl\/wp-content\/uploads\/2023\/03\/word-image-26167-31.png\" srcset=\"https:\/\/cmm.imgw.pl\/wp-content\/uploads\/2023\/03\/word-image-26167-31.png 600w, https:\/\/cmm.imgw.pl\/wp-content\/uploads\/2023\/03\/word-image-26167-31-281x300.png 281w\" sizes=\"(max-width: 600px) 100vw, 600px\" \/> <img loading=\"lazy\" width=\"600\" height=\"640\" class=\"wp-image-26219 aligncenter\" src=\"http:\/\/cmm.imgw.pl\/wp-content\/uploads\/2023\/03\/word-image-26167-32.png\" srcset=\"https:\/\/cmm.imgw.pl\/wp-content\/uploads\/2023\/03\/word-image-26167-32.png 600w, https:\/\/cmm.imgw.pl\/wp-content\/uploads\/2023\/03\/word-image-26167-32-281x300.png 281w\" sizes=\"(max-width: 600px) 100vw, 600px\" \/> <img loading=\"lazy\" width=\"600\" height=\"640\" class=\"wp-image-26220 aligncenter\" src=\"http:\/\/cmm.imgw.pl\/wp-content\/uploads\/2023\/03\/word-image-26167-33.png\" srcset=\"https:\/\/cmm.imgw.pl\/wp-content\/uploads\/2023\/03\/word-image-26167-33.png 600w, https:\/\/cmm.imgw.pl\/wp-content\/uploads\/2023\/03\/word-image-26167-33-281x300.png 281w\" sizes=\"(max-width: 600px) 100vw, 600px\" \/><\/p>\n<p>Na wysoko\u015bci 850 hPa wysoka wilgotno\u015b\u0107 powietrza na wschodzie kraju, 95-99%. Nad ranem na Pobrze\u017cu r\u00f3wnie\u017c zaznaczy si\u0119 strefa zwi\u0119kszonej wilgotno\u015bci powietrza.<\/p>\n<p><img loading=\"lazy\" width=\"600\" height=\"640\" class=\"wp-image-26221 aligncenter\" src=\"http:\/\/cmm.imgw.pl\/wp-content\/uploads\/2023\/03\/word-image-26167-34.png\" srcset=\"https:\/\/cmm.imgw.pl\/wp-content\/uploads\/2023\/03\/word-image-26167-34.png 600w, https:\/\/cmm.imgw.pl\/wp-content\/uploads\/2023\/03\/word-image-26167-34-281x300.png 281w\" sizes=\"(max-width: 600px) 100vw, 600px\" \/> <img loading=\"lazy\" width=\"600\" height=\"640\" class=\"wp-image-26222 aligncenter\" src=\"http:\/\/cmm.imgw.pl\/wp-content\/uploads\/2023\/03\/word-image-26167-35.png\" srcset=\"https:\/\/cmm.imgw.pl\/wp-content\/uploads\/2023\/03\/word-image-26167-35.png 600w, https:\/\/cmm.imgw.pl\/wp-content\/uploads\/2023\/03\/word-image-26167-35-281x300.png 281w\" sizes=\"(max-width: 600px) 100vw, 600px\" \/> <img loading=\"lazy\" width=\"600\" height=\"640\" class=\"wp-image-26223 aligncenter\" src=\"http:\/\/cmm.imgw.pl\/wp-content\/uploads\/2023\/03\/word-image-26167-36.png\" srcset=\"https:\/\/cmm.imgw.pl\/wp-content\/uploads\/2023\/03\/word-image-26167-36.png 600w, https:\/\/cmm.imgw.pl\/wp-content\/uploads\/2023\/03\/word-image-26167-36-281x300.png 281w\" sizes=\"(max-width: 600px) 100vw, 600px\" \/><\/p>\n<p>Na wysoko\u015bci 5,5 km wilgotno\u015b\u0107 du\u017ca i bardzo du\u017ca. Nad ranem jednie w p\u00f3\u0142nocno zachodniej cz\u0119\u015bci kraju oraz na kra\u0144cach wschodnich wilgotno\u015b\u0107 na poziomie 90-99%. Na pozosta\u0142ym obszarze wilgotno\u015b\u0107 niska.<\/p>\n<p><img loading=\"lazy\" width=\"600\" height=\"640\" class=\"wp-image-26224 aligncenter\" src=\"http:\/\/cmm.imgw.pl\/wp-content\/uploads\/2023\/03\/word-image-26167-37.png\" srcset=\"https:\/\/cmm.imgw.pl\/wp-content\/uploads\/2023\/03\/word-image-26167-37.png 600w, https:\/\/cmm.imgw.pl\/wp-content\/uploads\/2023\/03\/word-image-26167-37-281x300.png 281w\" sizes=\"(max-width: 600px) 100vw, 600px\" \/> <img loading=\"lazy\" width=\"600\" height=\"640\" class=\"wp-image-26225 aligncenter\" src=\"http:\/\/cmm.imgw.pl\/wp-content\/uploads\/2023\/03\/word-image-26167-38.png\" srcset=\"https:\/\/cmm.imgw.pl\/wp-content\/uploads\/2023\/03\/word-image-26167-38.png 600w, https:\/\/cmm.imgw.pl\/wp-content\/uploads\/2023\/03\/word-image-26167-38-281x300.png 281w\" sizes=\"(max-width: 600px) 100vw, 600px\" \/> <img loading=\"lazy\" width=\"600\" height=\"640\" class=\"wp-image-26226 aligncenter\" src=\"http:\/\/cmm.imgw.pl\/wp-content\/uploads\/2023\/03\/word-image-26167-39.png\" srcset=\"https:\/\/cmm.imgw.pl\/wp-content\/uploads\/2023\/03\/word-image-26167-39.png 600w, https:\/\/cmm.imgw.pl\/wp-content\/uploads\/2023\/03\/word-image-26167-39-281x300.png 281w\" sizes=\"(max-width: 600px) 100vw, 600px\" \/><\/p>\n<p>Na wysoko\u015bci 9 km wieczorem wilgotno\u015b\u0107 wysok\u0105, 95-99%. W nocy jedynie wschodni sektor kraju w zasi\u0119gu bardzo du\u017cej wilgotno\u015bci. Na pozosta\u0142ym obszarze wilgotno\u015b\u0107 niska. Nad ranem strefa du\u017cej wilgotno\u015bci zaznaczy si\u0119 w po\u0142udniowo zachodniej cz\u0119\u015bci kraju, nad woj. pomorskim i na kra\u0144cach wschodnich.<\/p>\n<p><strong>Aktualna mikrofizyka chmur i typ zachmurzenia<\/strong><\/p>\n<p><img loading=\"lazy\" width=\"1150\" height=\"1315\" class=\"wp-image-26227 aligncenter\" src=\"http:\/\/cmm.imgw.pl\/wp-content\/uploads\/2023\/03\/word-image-26167-40.gif\" \/> <img loading=\"lazy\" width=\"1541\" height=\"1200\" class=\"wp-image-26228 aligncenter\" src=\"http:\/\/cmm.imgw.pl\/wp-content\/uploads\/2023\/03\/word-image-26167-41.gif\" \/> <img loading=\"lazy\" width=\"1150\" height=\"1315\" class=\"wp-image-26229 aligncenter\" src=\"http:\/\/cmm.imgw.pl\/wp-content\/uploads\/2023\/03\/word-image-26167-42.gif\" \/> <img loading=\"lazy\" width=\"1150\" height=\"1315\" class=\"wp-image-26230 aligncenter\" src=\"http:\/\/cmm.imgw.pl\/wp-content\/uploads\/2023\/03\/word-image-26167-43.gif\" \/><\/p>\n<p><strong>Aktualny rozw\u00f3j konwekcji<\/strong><\/p>\n<p><img loading=\"lazy\" width=\"2352\" height=\"1581\" class=\"wp-image-26231 aligncenter\" src=\"http:\/\/cmm.imgw.pl\/wp-content\/uploads\/2023\/03\/word-image-26167-44.gif\" \/> <img loading=\"lazy\" width=\"2375\" height=\"1830\" class=\"wp-image-26232 aligncenter\" src=\"http:\/\/cmm.imgw.pl\/wp-content\/uploads\/2023\/03\/word-image-26167-45.gif\" \/><\/p>\n<p><strong>Prognoza zjawisk konwekcyjnych<\/strong><\/p>\n<p><img loading=\"lazy\" width=\"554\" height=\"554\" class=\"wp-image-26233 aligncenter\" src=\"http:\/\/cmm.imgw.pl\/wp-content\/uploads\/2023\/03\/word-image-26167-46.png\" srcset=\"https:\/\/cmm.imgw.pl\/wp-content\/uploads\/2023\/03\/word-image-26167-46.png 554w, https:\/\/cmm.imgw.pl\/wp-content\/uploads\/2023\/03\/word-image-26167-46-300x300.png 300w, https:\/\/cmm.imgw.pl\/wp-content\/uploads\/2023\/03\/word-image-26167-46-150x150.png 150w\" sizes=\"(max-width: 554px) 100vw, 554px\" \/> <img loading=\"lazy\" width=\"523\" height=\"523\" class=\"wp-image-26234 aligncenter\" src=\"http:\/\/cmm.imgw.pl\/wp-content\/uploads\/2023\/03\/word-image-26167-47.png\" srcset=\"https:\/\/cmm.imgw.pl\/wp-content\/uploads\/2023\/03\/word-image-26167-47.png 523w, https:\/\/cmm.imgw.pl\/wp-content\/uploads\/2023\/03\/word-image-26167-47-300x300.png 300w, https:\/\/cmm.imgw.pl\/wp-content\/uploads\/2023\/03\/word-image-26167-47-150x150.png 150w\" sizes=\"(max-width: 523px) 100vw, 523px\" \/> <img loading=\"lazy\" width=\"532\" height=\"532\" class=\"wp-image-26235 aligncenter\" src=\"http:\/\/cmm.imgw.pl\/wp-content\/uploads\/2023\/03\/word-image-26167-48.png\" srcset=\"https:\/\/cmm.imgw.pl\/wp-content\/uploads\/2023\/03\/word-image-26167-48.png 532w, https:\/\/cmm.imgw.pl\/wp-content\/uploads\/2023\/03\/word-image-26167-48-300x300.png 300w, https:\/\/cmm.imgw.pl\/wp-content\/uploads\/2023\/03\/word-image-26167-48-150x150.png 150w\" sizes=\"(max-width: 532px) 100vw, 532px\" \/> <img loading=\"lazy\" width=\"629\" height=\"629\" class=\"wp-image-26236 aligncenter\" src=\"http:\/\/cmm.imgw.pl\/wp-content\/uploads\/2023\/03\/word-image-26167-49.png\" srcset=\"https:\/\/cmm.imgw.pl\/wp-content\/uploads\/2023\/03\/word-image-26167-49.png 629w, https:\/\/cmm.imgw.pl\/wp-content\/uploads\/2023\/03\/word-image-26167-49-300x300.png 300w, https:\/\/cmm.imgw.pl\/wp-content\/uploads\/2023\/03\/word-image-26167-49-150x150.png 150w, https:\/\/cmm.imgw.pl\/wp-content\/uploads\/2023\/03\/word-image-26167-49-600x600.png 600w\" sizes=\"(max-width: 629px) 100vw, 629px\" \/> <img loading=\"lazy\" width=\"624\" height=\"624\" class=\"wp-image-26237 aligncenter\" src=\"http:\/\/cmm.imgw.pl\/wp-content\/uploads\/2023\/03\/word-image-26167-50.png\" srcset=\"https:\/\/cmm.imgw.pl\/wp-content\/uploads\/2023\/03\/word-image-26167-50.png 624w, https:\/\/cmm.imgw.pl\/wp-content\/uploads\/2023\/03\/word-image-26167-50-300x300.png 300w, https:\/\/cmm.imgw.pl\/wp-content\/uploads\/2023\/03\/word-image-26167-50-150x150.png 150w, https:\/\/cmm.imgw.pl\/wp-content\/uploads\/2023\/03\/word-image-26167-50-600x600.png 600w\" sizes=\"(max-width: 624px) 100vw, 624px\" \/> <img loading=\"lazy\" width=\"720\" height=\"720\" class=\"wp-image-26238 aligncenter\" src=\"http:\/\/cmm.imgw.pl\/wp-content\/uploads\/2023\/03\/word-image-26167-51.png\" srcset=\"https:\/\/cmm.imgw.pl\/wp-content\/uploads\/2023\/03\/word-image-26167-51.png 720w, https:\/\/cmm.imgw.pl\/wp-content\/uploads\/2023\/03\/word-image-26167-51-300x300.png 300w, https:\/\/cmm.imgw.pl\/wp-content\/uploads\/2023\/03\/word-image-26167-51-150x150.png 150w, https:\/\/cmm.imgw.pl\/wp-content\/uploads\/2023\/03\/word-image-26167-51-600x600.png 600w\" sizes=\"(max-width: 720px) 100vw, 720px\" \/><\/p>\n<p><img loading=\"lazy\" width=\"525\" height=\"525\" class=\"wp-image-26239 aligncenter\" src=\"http:\/\/cmm.imgw.pl\/wp-content\/uploads\/2023\/03\/word-image-26167-52.png\" srcset=\"https:\/\/cmm.imgw.pl\/wp-content\/uploads\/2023\/03\/word-image-26167-52.png 525w, https:\/\/cmm.imgw.pl\/wp-content\/uploads\/2023\/03\/word-image-26167-52-300x300.png 300w, https:\/\/cmm.imgw.pl\/wp-content\/uploads\/2023\/03\/word-image-26167-52-150x150.png 150w\" sizes=\"(max-width: 525px) 100vw, 525px\" \/> <img loading=\"lazy\" width=\"552\" height=\"552\" class=\"wp-image-26240 aligncenter\" src=\"http:\/\/cmm.imgw.pl\/wp-content\/uploads\/2023\/03\/word-image-26167-53.png\" srcset=\"https:\/\/cmm.imgw.pl\/wp-content\/uploads\/2023\/03\/word-image-26167-53.png 552w, https:\/\/cmm.imgw.pl\/wp-content\/uploads\/2023\/03\/word-image-26167-53-300x300.png 300w, https:\/\/cmm.imgw.pl\/wp-content\/uploads\/2023\/03\/word-image-26167-53-150x150.png 150w\" sizes=\"(max-width: 552px) 100vw, 552px\" \/> <img loading=\"lazy\" width=\"570\" height=\"570\" class=\"wp-image-26241 aligncenter\" src=\"http:\/\/cmm.imgw.pl\/wp-content\/uploads\/2023\/03\/word-image-26167-54.png\" srcset=\"https:\/\/cmm.imgw.pl\/wp-content\/uploads\/2023\/03\/word-image-26167-54.png 570w, https:\/\/cmm.imgw.pl\/wp-content\/uploads\/2023\/03\/word-image-26167-54-300x300.png 300w, https:\/\/cmm.imgw.pl\/wp-content\/uploads\/2023\/03\/word-image-26167-54-150x150.png 150w\" sizes=\"(max-width: 570px) 100vw, 570px\" \/> <img loading=\"lazy\" width=\"576\" height=\"576\" class=\"wp-image-26242 aligncenter\" src=\"http:\/\/cmm.imgw.pl\/wp-content\/uploads\/2023\/03\/word-image-26167-55.png\" srcset=\"https:\/\/cmm.imgw.pl\/wp-content\/uploads\/2023\/03\/word-image-26167-55.png 576w, https:\/\/cmm.imgw.pl\/wp-content\/uploads\/2023\/03\/word-image-26167-55-300x300.png 300w, https:\/\/cmm.imgw.pl\/wp-content\/uploads\/2023\/03\/word-image-26167-55-150x150.png 150w\" sizes=\"(max-width: 576px) 100vw, 576px\" \/> <img loading=\"lazy\" width=\"573\" height=\"573\" class=\"wp-image-26243 aligncenter\" src=\"http:\/\/cmm.imgw.pl\/wp-content\/uploads\/2023\/03\/word-image-26167-56.png\" srcset=\"https:\/\/cmm.imgw.pl\/wp-content\/uploads\/2023\/03\/word-image-26167-56.png 573w, https:\/\/cmm.imgw.pl\/wp-content\/uploads\/2023\/03\/word-image-26167-56-300x300.png 300w, https:\/\/cmm.imgw.pl\/wp-content\/uploads\/2023\/03\/word-image-26167-56-150x150.png 150w\" sizes=\"(max-width: 573px) 100vw, 573px\" \/><\/p>\n<p>Z symulacji numerycznych wynika, \u017ce z zachodu na wsch\u00f3d przemieszcza\u0107 si\u0119 b\u0119dzie strefa wy\u0142adowa\u0144 atmosferycznych. Wy\u0142adowania powinny dotrze\u0107 lokalnie do dzielnic centralnych.<\/p>","protected":false},"excerpt":{"rendered":"<p>Komentarz do numerycznych prognoz pogody opracowany w Centrum Modelowania Meteorologicznego IMGW-PIB.<\/p>\n","protected":false},"author":3,"featured_media":0,"comment_status":"closed","ping_status":"open","sticky":false,"template":"","format":"standard","meta":{"ocean_post_layout":"","ocean_both_sidebars_style":"","ocean_both_sidebars_content_width":0,"ocean_both_sidebars_sidebars_width":0,"ocean_sidebar":"0","ocean_second_sidebar":"0","ocean_disable_margins":"enable","ocean_add_body_class":"","ocean_shortcode_before_top_bar":"","ocean_shortcode_after_top_bar":"","ocean_shortcode_before_header":"","ocean_shortcode_after_header":"","ocean_has_shortcode":"","ocean_shortcode_after_title":"","ocean_shortcode_before_footer_widgets":"","ocean_shortcode_after_footer_widgets":"","ocean_shortcode_before_footer_bottom":"","ocean_shortcode_after_footer_bottom":"","ocean_display_top_bar":"default","ocean_display_header":"default","ocean_header_style":"","ocean_center_header_left_menu":"0","ocean_custom_header_template":"0","ocean_custom_logo":0,"ocean_custom_retina_logo":0,"ocean_custom_logo_max_width":0,"ocean_custom_logo_tablet_max_width":0,"ocean_custom_logo_mobile_max_width":0,"ocean_custom_logo_max_height":0,"ocean_custom_logo_tablet_max_height":0,"ocean_custom_logo_mobile_max_height":0,"ocean_header_custom_menu":"0","ocean_menu_typo_font_family":"0","ocean_menu_typo_font_subset":"","ocean_menu_typo_font_size":0,"ocean_menu_typo_font_size_tablet":0,"ocean_menu_typo_font_size_mobile":0,"ocean_menu_typo_font_size_unit":"px","ocean_menu_typo_font_weight":"","ocean_menu_typo_font_weight_tablet":"","ocean_menu_typo_font_weight_mobile":"","ocean_menu_typo_transform":"","ocean_menu_typo_transform_tablet":"","ocean_menu_typo_transform_mobile":"","ocean_menu_typo_line_height":0,"ocean_menu_typo_line_height_tablet":0,"ocean_menu_typo_line_height_mobile":0,"ocean_menu_typo_line_height_unit":"","ocean_menu_typo_spacing":0,"ocean_menu_typo_spacing_tablet":0,"ocean_menu_typo_spacing_mobile":0,"ocean_menu_typo_spacing_unit":"","ocean_menu_link_color":"","ocean_menu_link_color_hover":"","ocean_menu_link_color_active":"","ocean_menu_link_background":"","ocean_menu_link_hover_background":"","ocean_menu_link_active_background":"","ocean_menu_social_links_bg":"","ocean_menu_social_hover_links_bg":"","ocean_menu_social_links_color":"","ocean_menu_social_hover_links_color":"","ocean_disable_title":"default","ocean_disable_heading":"default","ocean_post_title":"","ocean_post_subheading":"","ocean_post_title_style":"","ocean_post_title_background_color":"","ocean_post_title_background":0,"ocean_post_title_bg_image_position":"","ocean_post_title_bg_image_attachment":"","ocean_post_title_bg_image_repeat":"","ocean_post_title_bg_image_size":"","ocean_post_title_height":0,"ocean_post_title_bg_overlay":0.5,"ocean_post_title_bg_overlay_color":"","ocean_disable_breadcrumbs":"default","ocean_breadcrumbs_color":"","ocean_breadcrumbs_separator_color":"","ocean_breadcrumbs_links_color":"","ocean_breadcrumbs_links_hover_color":"","ocean_display_footer_widgets":"default","ocean_display_footer_bottom":"default","ocean_custom_footer_template":"0","ocean_post_oembed":"","ocean_post_self_hosted_media":"","ocean_post_video_embed":"","ocean_link_format":"","ocean_link_format_target":"self","ocean_quote_format":"","ocean_quote_format_link":"post","ocean_gallery_link_images":"on","ocean_gallery_id":[]},"categories":[93],"tags":[68,95,85,73,97,98,76,94,99,71,96,79],"yoast_head":"<!-- This site is optimized with the Yoast SEO plugin v19.5.1 - https:\/\/yoast.com\/wordpress\/plugins\/seo\/ -->\n<title>Komentarz do numerycznych prognoz pogody (30\/31.03.2023) - Laboratorium Modelowania Meteorologicznego CMOK IMGW-PIB<\/title>\n<meta name=\"description\" content=\"Komentarz do numerycznych prognoz pogody opracowany w Centrum Modelowania Meteorologicznego IMGW-PIB.\" \/>\n<meta name=\"robots\" content=\"index, follow, max-snippet:-1, max-image-preview:large, max-video-preview:-1\" \/>\n<link rel=\"canonical\" href=\"https:\/\/cmm.imgw.pl\/?p=26167\" \/>\n<meta property=\"og:locale\" content=\"pl_PL\" \/>\n<meta property=\"og:type\" content=\"article\" \/>\n<meta property=\"og:title\" content=\"Komentarz do numerycznych prognoz pogody (30\/31.03.2023)\" \/>\n<meta property=\"og:description\" content=\"Komentarz do numerycznych prognoz pogody opracowany w Centrum Modelowania Meteorologicznego IMGW-PIB\" \/>\n<meta property=\"og:url\" content=\"https:\/\/cmm.imgw.pl\/?p=26167\" \/>\n<meta property=\"og:site_name\" content=\"Laboratorium Modelowania Meteorologicznego CMOK IMGW-PIB\" \/>\n<meta property=\"article:publisher\" content=\"https:\/\/www.facebook.com\/Meteoimgw\/\" \/>\n<meta property=\"article:published_time\" content=\"2023-03-30T16:07:30+00:00\" \/>\n<meta property=\"article:modified_time\" content=\"2023-03-30T16:07:32+00:00\" \/>\n<meta property=\"og:image\" content=\"http:\/\/cmm.imgw.pl\/wp-content\/uploads\/2023\/02\/komentarz4.png\" \/>\n\t<meta property=\"og:image:width\" content=\"1280\" \/>\n\t<meta property=\"og:image:height\" content=\"720\" \/>\n\t<meta property=\"og:image:type\" content=\"image\/png\" \/>\n<meta name=\"author\" content=\"CMM\" \/>\n<meta name=\"twitter:card\" content=\"summary_large_image\" \/>\n<meta name=\"twitter:title\" content=\"Komentarz do numerycznych prognoz pogody (30\/31.03.2023)\" \/>\n<meta name=\"twitter:description\" content=\"Komentarz do numerycznych prognoz pogody opracowany w Centrum Modelowania Meteorologicznego IMGW-PIB\" \/>\n<meta name=\"twitter:image\" content=\"https:\/\/cmm.imgw.pl\/wp-content\/uploads\/2023\/02\/komentarz4.png\" \/>\n<meta name=\"twitter:creator\" content=\"@IMGW_CMM\" \/>\n<meta name=\"twitter:site\" content=\"@IMGW_CMM\" \/>\n<meta name=\"twitter:label1\" content=\"Napisane przez\" \/>\n\t<meta name=\"twitter:data1\" content=\"CMM\" \/>\n\t<meta name=\"twitter:label2\" content=\"Szacowany czas czytania\" \/>\n\t<meta name=\"twitter:data2\" content=\"26 minut\" \/>\n<script type=\"application\/ld+json\" class=\"yoast-schema-graph\">{\"@context\":\"https:\/\/schema.org\",\"@graph\":[{\"@type\":\"Article\",\"@id\":\"https:\/\/cmm.imgw.pl\/?p=26167#article\",\"isPartOf\":{\"@id\":\"https:\/\/cmm.imgw.pl\/?p=26167\"},\"author\":{\"name\":\"CMM\",\"@id\":\"https:\/\/cmm.imgw.pl\/#\/schema\/person\/a24a37fe434fe76b0f5791e6bd3fdb46\"},\"headline\":\"Komentarz do numerycznych prognoz pogody (30\/31.03.2023)\",\"datePublished\":\"2023-03-30T16:07:30+00:00\",\"dateModified\":\"2023-03-30T16:07:32+00:00\",\"mainEntityOfPage\":{\"@id\":\"https:\/\/cmm.imgw.pl\/?p=26167\"},\"wordCount\":1388,\"publisher\":{\"@id\":\"https:\/\/cmm.imgw.pl\/#organization\"},\"keywords\":[\"cmm\",\"Cosmo\",\"imgw\",\"klimat\",\"komentarz\",\"komentarz pogodowy\",\"meteorologia\",\"NMP\",\"NPP\",\"pogoda\",\"prognoza pogody\",\"zima\"],\"articleSection\":[\"Komentarz\"],\"inLanguage\":\"pl-PL\"},{\"@type\":\"WebPage\",\"@id\":\"https:\/\/cmm.imgw.pl\/?p=26167\",\"url\":\"https:\/\/cmm.imgw.pl\/?p=26167\",\"name\":\"Komentarz do numerycznych prognoz pogody (30\/31.03.2023) - Laboratorium Modelowania Meteorologicznego CMOK IMGW-PIB\",\"isPartOf\":{\"@id\":\"https:\/\/cmm.imgw.pl\/#website\"},\"datePublished\":\"2023-03-30T16:07:30+00:00\",\"dateModified\":\"2023-03-30T16:07:32+00:00\",\"description\":\"Komentarz do numerycznych prognoz pogody opracowany w Centrum Modelowania Meteorologicznego IMGW-PIB.\",\"breadcrumb\":{\"@id\":\"https:\/\/cmm.imgw.pl\/?p=26167#breadcrumb\"},\"inLanguage\":\"pl-PL\",\"potentialAction\":[{\"@type\":\"ReadAction\",\"target\":[\"https:\/\/cmm.imgw.pl\/?p=26167\"]}]},{\"@type\":\"BreadcrumbList\",\"@id\":\"https:\/\/cmm.imgw.pl\/?p=26167#breadcrumb\",\"itemListElement\":[{\"@type\":\"ListItem\",\"position\":1,\"name\":\"Home\",\"item\":\"https:\/\/cmm.imgw.pl\/\"},{\"@type\":\"ListItem\",\"position\":2,\"name\":\"Komentarz do numerycznych prognoz pogody (30\/31.03.2023)\"}]},{\"@type\":\"WebSite\",\"@id\":\"https:\/\/cmm.imgw.pl\/#website\",\"url\":\"https:\/\/cmm.imgw.pl\/\",\"name\":\"Laboratorium Modelowania Meteorologicznego CMOK IMGW-PIB\",\"description\":\"CMOK-LMM Laboratorium pe\u0142ni pa\u0144stwow\u0105 s\u0142u\u017cb\u0119 hydrologiczno-meteorologiczn\u0105 w zakresie numerycznych prognoz pogody, kt\u00f3rego zadaniem jest konsolidacja kompetencji w obszarze modelowania zjawisk pogodowych oraz dalszego rozwoju numerycznych modeli pogody (NMP).\",\"publisher\":{\"@id\":\"https:\/\/cmm.imgw.pl\/#organization\"},\"potentialAction\":[{\"@type\":\"SearchAction\",\"target\":{\"@type\":\"EntryPoint\",\"urlTemplate\":\"https:\/\/cmm.imgw.pl\/?s={search_term_string}\"},\"query-input\":\"required name=search_term_string\"}],\"inLanguage\":\"pl-PL\"},{\"@type\":\"Organization\",\"@id\":\"https:\/\/cmm.imgw.pl\/#organization\",\"name\":\"Laboratorium Modelowania Meteorologicznego CMOK IMGW-PIB\",\"url\":\"https:\/\/cmm.imgw.pl\/\",\"sameAs\":[\"https:\/\/www.facebook.com\/Meteoimgw\/\",\"https:\/\/twitter.com\/IMGW_CMM\"],\"logo\":{\"@type\":\"ImageObject\",\"inLanguage\":\"pl-PL\",\"@id\":\"https:\/\/cmm.imgw.pl\/#\/schema\/logo\/image\/\",\"url\":\"https:\/\/cmm.imgw.pl\/wp-content\/uploads\/2025\/10\/MODELE_LOGO_UNIFIKACJA_v2.png\",\"contentUrl\":\"https:\/\/cmm.imgw.pl\/wp-content\/uploads\/2025\/10\/MODELE_LOGO_UNIFIKACJA_v2.png\",\"width\":1356,\"height\":365,\"caption\":\"Laboratorium Modelowania Meteorologicznego CMOK IMGW-PIB\"},\"image\":{\"@id\":\"https:\/\/cmm.imgw.pl\/#\/schema\/logo\/image\/\"}},{\"@type\":\"Person\",\"@id\":\"https:\/\/cmm.imgw.pl\/#\/schema\/person\/a24a37fe434fe76b0f5791e6bd3fdb46\",\"name\":\"CMM\",\"image\":{\"@type\":\"ImageObject\",\"inLanguage\":\"pl-PL\",\"@id\":\"https:\/\/cmm.imgw.pl\/#\/schema\/person\/image\/\",\"url\":\"https:\/\/secure.gravatar.com\/avatar\/9248ea2273711f1cd09d6bd45867dbfb?s=96&d=blank&r=g\",\"contentUrl\":\"https:\/\/secure.gravatar.com\/avatar\/9248ea2273711f1cd09d6bd45867dbfb?s=96&d=blank&r=g\",\"caption\":\"CMM\"},\"sameAs\":[\"http:\/\/cmm.imgw.pl\"],\"url\":\"https:\/\/cmm.imgw.pl\/?author=3\"}]}<\/script>\n<!-- \/ Yoast SEO plugin. -->","yoast_head_json":{"title":"Komentarz do numerycznych prognoz pogody (30\/31.03.2023) - Laboratorium Modelowania Meteorologicznego CMOK IMGW-PIB","description":"Komentarz do numerycznych prognoz pogody opracowany w Centrum Modelowania Meteorologicznego IMGW-PIB.","robots":{"index":"index","follow":"follow","max-snippet":"max-snippet:-1","max-image-preview":"max-image-preview:large","max-video-preview":"max-video-preview:-1"},"canonical":"https:\/\/cmm.imgw.pl\/?p=26167","og_locale":"pl_PL","og_type":"article","og_title":"Komentarz do numerycznych prognoz pogody (30\/31.03.2023)","og_description":"Komentarz do numerycznych prognoz pogody opracowany w Centrum Modelowania Meteorologicznego IMGW-PIB","og_url":"https:\/\/cmm.imgw.pl\/?p=26167","og_site_name":"Laboratorium Modelowania Meteorologicznego CMOK IMGW-PIB","article_publisher":"https:\/\/www.facebook.com\/Meteoimgw\/","article_published_time":"2023-03-30T16:07:30+00:00","article_modified_time":"2023-03-30T16:07:32+00:00","og_image":[{"width":1280,"height":720,"url":"http:\/\/cmm.imgw.pl\/wp-content\/uploads\/2023\/02\/komentarz4.png","type":"image\/png"}],"author":"CMM","twitter_card":"summary_large_image","twitter_title":"Komentarz do numerycznych prognoz pogody (30\/31.03.2023)","twitter_description":"Komentarz do numerycznych prognoz pogody opracowany w Centrum Modelowania Meteorologicznego IMGW-PIB","twitter_image":"https:\/\/cmm.imgw.pl\/wp-content\/uploads\/2023\/02\/komentarz4.png","twitter_creator":"@IMGW_CMM","twitter_site":"@IMGW_CMM","twitter_misc":{"Napisane przez":"CMM","Szacowany czas czytania":"26 minut"},"schema":{"@context":"https:\/\/schema.org","@graph":[{"@type":"Article","@id":"https:\/\/cmm.imgw.pl\/?p=26167#article","isPartOf":{"@id":"https:\/\/cmm.imgw.pl\/?p=26167"},"author":{"name":"CMM","@id":"https:\/\/cmm.imgw.pl\/#\/schema\/person\/a24a37fe434fe76b0f5791e6bd3fdb46"},"headline":"Komentarz do numerycznych prognoz pogody (30\/31.03.2023)","datePublished":"2023-03-30T16:07:30+00:00","dateModified":"2023-03-30T16:07:32+00:00","mainEntityOfPage":{"@id":"https:\/\/cmm.imgw.pl\/?p=26167"},"wordCount":1388,"publisher":{"@id":"https:\/\/cmm.imgw.pl\/#organization"},"keywords":["cmm","Cosmo","imgw","klimat","komentarz","komentarz pogodowy","meteorologia","NMP","NPP","pogoda","prognoza pogody","zima"],"articleSection":["Komentarz"],"inLanguage":"pl-PL"},{"@type":"WebPage","@id":"https:\/\/cmm.imgw.pl\/?p=26167","url":"https:\/\/cmm.imgw.pl\/?p=26167","name":"Komentarz do numerycznych prognoz pogody (30\/31.03.2023) - Laboratorium Modelowania Meteorologicznego CMOK IMGW-PIB","isPartOf":{"@id":"https:\/\/cmm.imgw.pl\/#website"},"datePublished":"2023-03-30T16:07:30+00:00","dateModified":"2023-03-30T16:07:32+00:00","description":"Komentarz do numerycznych prognoz pogody opracowany w Centrum Modelowania Meteorologicznego IMGW-PIB.","breadcrumb":{"@id":"https:\/\/cmm.imgw.pl\/?p=26167#breadcrumb"},"inLanguage":"pl-PL","potentialAction":[{"@type":"ReadAction","target":["https:\/\/cmm.imgw.pl\/?p=26167"]}]},{"@type":"BreadcrumbList","@id":"https:\/\/cmm.imgw.pl\/?p=26167#breadcrumb","itemListElement":[{"@type":"ListItem","position":1,"name":"Home","item":"https:\/\/cmm.imgw.pl\/"},{"@type":"ListItem","position":2,"name":"Komentarz do numerycznych prognoz pogody (30\/31.03.2023)"}]},{"@type":"WebSite","@id":"https:\/\/cmm.imgw.pl\/#website","url":"https:\/\/cmm.imgw.pl\/","name":"Laboratorium Modelowania Meteorologicznego CMOK IMGW-PIB","description":"CMOK-LMM Laboratorium pe\u0142ni pa\u0144stwow\u0105 s\u0142u\u017cb\u0119 hydrologiczno-meteorologiczn\u0105 w zakresie numerycznych prognoz pogody, kt\u00f3rego zadaniem jest konsolidacja kompetencji w obszarze modelowania zjawisk pogodowych oraz dalszego rozwoju numerycznych modeli pogody (NMP).","publisher":{"@id":"https:\/\/cmm.imgw.pl\/#organization"},"potentialAction":[{"@type":"SearchAction","target":{"@type":"EntryPoint","urlTemplate":"https:\/\/cmm.imgw.pl\/?s={search_term_string}"},"query-input":"required name=search_term_string"}],"inLanguage":"pl-PL"},{"@type":"Organization","@id":"https:\/\/cmm.imgw.pl\/#organization","name":"Laboratorium Modelowania Meteorologicznego CMOK IMGW-PIB","url":"https:\/\/cmm.imgw.pl\/","sameAs":["https:\/\/www.facebook.com\/Meteoimgw\/","https:\/\/twitter.com\/IMGW_CMM"],"logo":{"@type":"ImageObject","inLanguage":"pl-PL","@id":"https:\/\/cmm.imgw.pl\/#\/schema\/logo\/image\/","url":"https:\/\/cmm.imgw.pl\/wp-content\/uploads\/2025\/10\/MODELE_LOGO_UNIFIKACJA_v2.png","contentUrl":"https:\/\/cmm.imgw.pl\/wp-content\/uploads\/2025\/10\/MODELE_LOGO_UNIFIKACJA_v2.png","width":1356,"height":365,"caption":"Laboratorium Modelowania Meteorologicznego CMOK IMGW-PIB"},"image":{"@id":"https:\/\/cmm.imgw.pl\/#\/schema\/logo\/image\/"}},{"@type":"Person","@id":"https:\/\/cmm.imgw.pl\/#\/schema\/person\/a24a37fe434fe76b0f5791e6bd3fdb46","name":"CMM","image":{"@type":"ImageObject","inLanguage":"pl-PL","@id":"https:\/\/cmm.imgw.pl\/#\/schema\/person\/image\/","url":"https:\/\/secure.gravatar.com\/avatar\/9248ea2273711f1cd09d6bd45867dbfb?s=96&d=blank&r=g","contentUrl":"https:\/\/secure.gravatar.com\/avatar\/9248ea2273711f1cd09d6bd45867dbfb?s=96&d=blank&r=g","caption":"CMM"},"sameAs":["http:\/\/cmm.imgw.pl"],"url":"https:\/\/cmm.imgw.pl\/?author=3"}]}},"_links":{"self":[{"href":"https:\/\/cmm.imgw.pl\/index.php?rest_route=\/wp\/v2\/posts\/26167"}],"collection":[{"href":"https:\/\/cmm.imgw.pl\/index.php?rest_route=\/wp\/v2\/posts"}],"about":[{"href":"https:\/\/cmm.imgw.pl\/index.php?rest_route=\/wp\/v2\/types\/post"}],"author":[{"embeddable":true,"href":"https:\/\/cmm.imgw.pl\/index.php?rest_route=\/wp\/v2\/users\/3"}],"replies":[{"embeddable":true,"href":"https:\/\/cmm.imgw.pl\/index.php?rest_route=%2Fwp%2Fv2%2Fcomments&post=26167"}],"version-history":[{"count":2,"href":"https:\/\/cmm.imgw.pl\/index.php?rest_route=\/wp\/v2\/posts\/26167\/revisions"}],"predecessor-version":[{"id":26244,"href":"https:\/\/cmm.imgw.pl\/index.php?rest_route=\/wp\/v2\/posts\/26167\/revisions\/26244"}],"wp:attachment":[{"href":"https:\/\/cmm.imgw.pl\/index.php?rest_route=%2Fwp%2Fv2%2Fmedia&parent=26167"}],"wp:term":[{"taxonomy":"category","embeddable":true,"href":"https:\/\/cmm.imgw.pl\/index.php?rest_route=%2Fwp%2Fv2%2Fcategories&post=26167"},{"taxonomy":"post_tag","embeddable":true,"href":"https:\/\/cmm.imgw.pl\/index.php?rest_route=%2Fwp%2Fv2%2Ftags&post=26167"}],"curies":[{"name":"wp","href":"https:\/\/api.w.org\/{rel}","templated":true}]}}