{"id":25902,"date":"2023-03-28T16:17:11","date_gmt":"2023-03-28T14:17:11","guid":{"rendered":"https:\/\/cmm.imgw.pl\/?p=25902"},"modified":"2023-03-28T16:17:11","modified_gmt":"2023-03-28T14:17:11","slug":"komentarz-do-numerycznych-prognoz-pogody-28-29-03-2023","status":"publish","type":"post","link":"https:\/\/cmm.imgw.pl\/?p=25902","title":{"rendered":"Komentarz do numerycznych prognoz pogody (28\/29.03.2023)"},"content":{"rendered":"\n<figure class=\"wp-block-image size-large\"><img loading=\"lazy\" width=\"1024\" height=\"576\" src=\"https:\/\/cmm.imgw.pl\/wp-content\/uploads\/2023\/03\/komentarz4-1-1024x576.png\" alt=\"\" class=\"wp-image-23617\" srcset=\"https:\/\/cmm.imgw.pl\/wp-content\/uploads\/2023\/03\/komentarz4-1-1024x576.png 1024w, https:\/\/cmm.imgw.pl\/wp-content\/uploads\/2023\/03\/komentarz4-1-300x169.png 300w, https:\/\/cmm.imgw.pl\/wp-content\/uploads\/2023\/03\/komentarz4-1-768x432.png 768w, https:\/\/cmm.imgw.pl\/wp-content\/uploads\/2023\/03\/komentarz4-1-800x450.png 800w, https:\/\/cmm.imgw.pl\/wp-content\/uploads\/2023\/03\/komentarz4-1.png 1280w\" sizes=\"(max-width: 1024px) 100vw, 1024px\" \/><\/figure>\n\n\n\n<p><em>Tre\u015b\u0107 komentarza do numerycznych prognoz meteorologicznych stanowi niezale\u017cne od biura prognoz meteorologicznych opracowanie wykonane w Centrum Modelowania Meteorologicznego i nie stanowi oficjalnej prognozy synoptycznej IMGW-PIB.<\/em><\/p>\n\n\n\n<p><strong>Opracowanie:<\/strong><\/p>\n\n\n\n<p><strong>dr&nbsp;Grzegorz&nbsp;Duniec, <a href=\"https:\/\/cmm.imgw.pl\/\" target=\"_blank\" rel=\"noreferrer noopener\"><mark style=\"background-color:rgba(0, 0, 0, 0)\" class=\"has-inline-color has-vivid-cyan-blue-color\">Centrum Modelowania Meteorologicznego IMGW-PIB<\/mark><\/a><\/strong><\/p>\n\n\n<p><strong>Dzie\u0144 28 III oraz noc 28\/29 III 2023 r.<\/strong><\/p>\n<p><strong>Opis sytuacji synoptycznej w Europie z godziny 06 UTC, 28 III 2023 roku<\/strong><\/p>\n<p><img loading=\"lazy\" width=\"1385\" height=\"983\" class=\"wp-image-25904 aligncenter\" src=\"http:\/\/cmm.imgw.pl\/wp-content\/uploads\/2023\/03\/word-image-25902-1.png\" srcset=\"https:\/\/cmm.imgw.pl\/wp-content\/uploads\/2023\/03\/word-image-25902-1.png 1385w, https:\/\/cmm.imgw.pl\/wp-content\/uploads\/2023\/03\/word-image-25902-1-300x213.png 300w, https:\/\/cmm.imgw.pl\/wp-content\/uploads\/2023\/03\/word-image-25902-1-1024x727.png 1024w, https:\/\/cmm.imgw.pl\/wp-content\/uploads\/2023\/03\/word-image-25902-1-768x545.png 768w\" sizes=\"(max-width: 1385px) 100vw, 1385px\" \/><\/p>\n<p>Nad Europ\u0105 zachodni\u0105 zalega uk\u0142ad wysokiego ci\u015bnienia z centrum 1030,2 hPa przy granicy austriacko-niemieckiej. W ci\u0105gu ostatniej doby wy\u017c si\u0119 umocni\u0142. Drugi uk\u0142ad wysokiego ci\u015bnienia zalega nad Skandynawi\u0105, kt\u00f3ry na drodze ewolucji zla\u0142 si\u0119 w jeden uk\u0142ad baryczny z wy\u017cem zalegaj\u0105cym obecnie nad Europ\u0105 zachodni\u0105. Wczoraj w godzinach wieczornych, na froncie zalegaj\u0105cym w Europie wschodniej i zwi\u0105zanym z ni\u017cem znad Ba\u0142tyku dosz\u0142o do deformacji falowej i cyklogenezy. W rejonie Rumunii dosz\u0142o do utworzenia nowego wiru cyklonicznego, kt\u00f3ry ju\u017c jest w stadium okludowania i wype\u0142niania. Obecnie centrum 995,8 hPa wiru cyklonicznego zalega nad Ukrain\u0105. Ni\u017c nad Ba\u0142tykiem nadal zalega i si\u0119 wype\u0142nia. Utraci\u0142 ju\u017c asymetri\u0119 termiczn\u0105 i praktycznie jest ju\u017c stacjonarny. Nad p\u00f3\u0142nocno zachodni\u0105 Rosj\u0105 zalega kolejny uk\u0142ad niskiego ci\u015bnienia z centrum 998 hPa. Centrum wiru znad NW Rosji i centrum wiru znad Ba\u0142tyku po\u0142\u0105czone zatok\u0105, w kt\u00f3rej zalega pofalowany front okluzji. Nad P\u0142w. Azji Mniejszej oraz nad Morzem \u015ar\u00f3dziemnym zalega linia zbie\u017cno\u015bci. Nad Atlantykiem wyst\u0119puje g\u0142\u0119boki ni\u017c z centrum 975 hPa, kt\u00f3ry jest w stadium okludowania i pog\u0142\u0119biania. Nad Morzem Barentsa znajduje si\u0119 front atmosferyczny z wyodr\u0119bnionym zokludowanym i ch\u0142odnym odcinkiem.<\/p>\n<p><strong>Analiza g\u00f3rnego pola ci\u015bnienia <\/strong><\/p>\n<p>Mapy topografii barycznej bezwzgl\u0119dnej TB z godziny 00 UTC<\/p>\n<p><img loading=\"lazy\" width=\"1220\" height=\"1542\" class=\"wp-image-25905 aligncenter\" src=\"http:\/\/cmm.imgw.pl\/wp-content\/uploads\/2023\/03\/word-image-25902-2.gif\" \/> <img loading=\"lazy\" width=\"1220\" height=\"1542\" class=\"wp-image-25906 aligncenter\" src=\"http:\/\/cmm.imgw.pl\/wp-content\/uploads\/2023\/03\/word-image-25902-3.gif\" \/> <img loading=\"lazy\" width=\"1221\" height=\"1545\" class=\"wp-image-25907 aligncenter\" src=\"http:\/\/cmm.imgw.pl\/wp-content\/uploads\/2023\/03\/word-image-25902-4.gif\" \/><\/p>\n<p>Mapy topografii barycznej bezwzgl\u0119dnej TB z godziny 06 UTC<\/p>\n<p><img loading=\"lazy\" width=\"554\" height=\"503\" class=\"wp-image-25908 aligncenter\" src=\"http:\/\/cmm.imgw.pl\/wp-content\/uploads\/2023\/03\/word-image-25902-5.png\" srcset=\"https:\/\/cmm.imgw.pl\/wp-content\/uploads\/2023\/03\/word-image-25902-5.png 554w, https:\/\/cmm.imgw.pl\/wp-content\/uploads\/2023\/03\/word-image-25902-5-300x272.png 300w\" sizes=\"(max-width: 554px) 100vw, 554px\" \/> <img loading=\"lazy\" width=\"555\" height=\"503\" class=\"wp-image-25909 aligncenter\" src=\"http:\/\/cmm.imgw.pl\/wp-content\/uploads\/2023\/03\/word-image-25902-6.png\" srcset=\"https:\/\/cmm.imgw.pl\/wp-content\/uploads\/2023\/03\/word-image-25902-6.png 555w, https:\/\/cmm.imgw.pl\/wp-content\/uploads\/2023\/03\/word-image-25902-6-300x272.png 300w\" sizes=\"(max-width: 555px) 100vw, 555px\" \/><\/p>\n<p><img loading=\"lazy\" width=\"557\" height=\"499\" class=\"wp-image-25910 aligncenter\" src=\"http:\/\/cmm.imgw.pl\/wp-content\/uploads\/2023\/03\/word-image-25902-7.png\" srcset=\"https:\/\/cmm.imgw.pl\/wp-content\/uploads\/2023\/03\/word-image-25902-7.png 557w, https:\/\/cmm.imgw.pl\/wp-content\/uploads\/2023\/03\/word-image-25902-7-300x269.png 300w\" sizes=\"(max-width: 557px) 100vw, 557px\" \/> <img loading=\"lazy\" width=\"556\" height=\"503\" class=\"wp-image-25911 aligncenter\" src=\"http:\/\/cmm.imgw.pl\/wp-content\/uploads\/2023\/03\/word-image-25902-8.png\" srcset=\"https:\/\/cmm.imgw.pl\/wp-content\/uploads\/2023\/03\/word-image-25902-8.png 556w, https:\/\/cmm.imgw.pl\/wp-content\/uploads\/2023\/03\/word-image-25902-8-300x271.png 300w\" sizes=\"(max-width: 556px) 100vw, 556px\" \/><\/p>\n<p>Ni\u017c znad Ba\u0142tyku w dalszym ci\u0105gu dobrze zaznaczony na wy\u017cszych poziomach. Do wysoko\u015bci 400 hPa wyodr\u0119bniona zamkni\u0119ta cyrkulacja cykloniczna. Wy\u017cej izohipsy gi\u0119te na kszta\u0142t zatoki. Wir cykloniczny znad Ukrainy rozbudowany ku g\u00f3rze i na wysoko\u015bci 850 hPa pojawia si\u0119 zamkni\u0119ta cyrkulacja cykloniczna a wy\u017cej izohipsy gi\u0119te s\u0105 na kszta\u0142t zatoki i kszta\u0142tem zbli\u017caj\u0105 si\u0119 do izohips geopotencja\u0142u wzgl\u0119dnego. Nad wy\u017cem znad Europy zachodniej izohipsy szybko si\u0119 prostuj\u0105 i s\u0105 gi\u0119te na kszta\u0142t klina, a ich kszta\u0142t r\u00f3wnie\u017c jest zbli\u017cony do kszta\u0142tu izohips geopotencja\u0142u wzgl\u0119dnego. Ni\u017c nad Atlantykiem rozbudowany ku g\u00f3rze z wyodr\u0119bnion\u0105 zamkni\u0119ta cyrkulacj\u0105 cykloniczn\u0105 na wszystkich poziomach. Proces pog\u0142\u0119biania obejmuje ca\u0142y przekr\u00f3j troposfery. Ni\u017c znad NW Rosji rozbudowany ku g\u00f3rze. Na poziomie 850 hPa jest wyodr\u0119bniona zamkni\u0119ta cyrkulacja cykloniczna. Na wy\u017cszych poziomach izohipsy gi\u0119te na kszta\u0142t zatoki.<\/p>\n<p><strong>Analiza g\u00f3rnego pola wiatru<\/strong><\/p>\n<p><img loading=\"lazy\" width=\"1359\" height=\"2174\" class=\"wp-image-25912 aligncenter\" src=\"http:\/\/cmm.imgw.pl\/wp-content\/uploads\/2023\/03\/word-image-25902-9.gif\" \/><\/p>\n<p>Nad Atlantykiem, Islandi\u0105, Morzem Norweskim, Morzem P\u00f3\u0142nocnym, Europ\u0105 zachodni\u0105 a\u017c po Ba\u0142kany oraz nad Polsk\u0105, Litw\u0105, \u0141otw\u0105, Estoni\u0105 a\u017c po Zatok\u0119 Fi\u0144sk\u0105 obszar zag\u0119szczonych izoterm oraz izohips. W zakre\u015blonych obszarach wyst\u0119powa\u0107 b\u0119dzie zwi\u0119kszona pr\u0119dko\u015b\u0107 wiatru oraz pr\u0105dy strumieniowe. Nad Polsk\u0105 zalega\u0107 b\u0119d\u0105 dwa pr\u0105dy strumieniowe. Jeden pr\u0105d zalega\u0107 b\u0119dzie w rejonie Polski zachodniej na wysoko\u015bci FL300 (9144 m), z maksymaln\u0105 pr\u0119dko\u015bci\u0105 w osi pr\u0105du 65 m\/s. Pionowy zasi\u0119g pr\u0105du obejmuje obszar FL160\/400 (4877m\/12192m). Zasi\u0119g horyzontalny pr\u0105du strumieniowego pokrywa si\u0119 z obszarem zag\u0119szczonych izoterm i izohips. Drugi pr\u0105d strumieniowy zalega w rejonie Polski wschodniej, Litwy, \u0141otwy, Estonii a\u017c po Zatok\u0119 Fi\u0144sk\u0105, na wysoko\u015bci FL290 (8839 m) z maksymaln\u0105 pr\u0119dko\u015bci\u0105 w osi pr\u0105du 50 m\/s. Nad Atlantykiem, w zasi\u0119gu domeny, zalegaj\u0105 dwa pr\u0105dy strumieniowe na wysoko\u015bci FL300 i FL350 z maksymaln\u0105 pr\u0119dko\u015bci\u0105 w osi pr\u0105du 50-60 m\/s. Nad zachodni\u0105 Rosj\u0105 zalega na wysoko\u015bci FL330 kolejny pr\u0105dy strumieniowy z maksymaln\u0105 pr\u0119dko\u015bci\u0105 w osi pr\u0105du 45-65 m\/s.<\/p>\n<p><strong>Rozw\u00f3j sytuacji barycznej nad Europ\u0105 w horyzoncie 24 godzin<\/strong><\/p>\n<p><img loading=\"lazy\" width=\"1075\" height=\"764\" class=\"wp-image-25913 aligncenter\" src=\"http:\/\/cmm.imgw.pl\/wp-content\/uploads\/2023\/03\/word-image-25902-10.gif\" \/> <img loading=\"lazy\" width=\"1075\" height=\"764\" class=\"wp-image-25914 aligncenter\" src=\"http:\/\/cmm.imgw.pl\/wp-content\/uploads\/2023\/03\/word-image-25902-11.gif\" \/><\/p>\n<p><img loading=\"lazy\" width=\"696\" height=\"487\" class=\"wp-image-25915 aligncenter\" src=\"http:\/\/cmm.imgw.pl\/wp-content\/uploads\/2023\/03\/word-image-25902-12.png\" srcset=\"https:\/\/cmm.imgw.pl\/wp-content\/uploads\/2023\/03\/word-image-25902-12.png 696w, https:\/\/cmm.imgw.pl\/wp-content\/uploads\/2023\/03\/word-image-25902-12-300x210.png 300w\" sizes=\"(max-width: 696px) 100vw, 696px\" \/> <img loading=\"lazy\" width=\"697\" height=\"485\" class=\"wp-image-25916 aligncenter\" src=\"http:\/\/cmm.imgw.pl\/wp-content\/uploads\/2023\/03\/word-image-25902-13.png\" srcset=\"https:\/\/cmm.imgw.pl\/wp-content\/uploads\/2023\/03\/word-image-25902-13.png 697w, https:\/\/cmm.imgw.pl\/wp-content\/uploads\/2023\/03\/word-image-25902-13-300x209.png 300w\" sizes=\"(max-width: 697px) 100vw, 697px\" \/><\/p>\n<p><img loading=\"lazy\" width=\"696\" height=\"483\" class=\"wp-image-25917 aligncenter\" src=\"http:\/\/cmm.imgw.pl\/wp-content\/uploads\/2023\/03\/word-image-25902-14.png\" srcset=\"https:\/\/cmm.imgw.pl\/wp-content\/uploads\/2023\/03\/word-image-25902-14.png 696w, https:\/\/cmm.imgw.pl\/wp-content\/uploads\/2023\/03\/word-image-25902-14-300x208.png 300w\" sizes=\"(max-width: 696px) 100vw, 696px\" \/> <img loading=\"lazy\" width=\"693\" height=\"485\" class=\"wp-image-25918 aligncenter\" src=\"http:\/\/cmm.imgw.pl\/wp-content\/uploads\/2023\/03\/word-image-25902-15.png\" srcset=\"https:\/\/cmm.imgw.pl\/wp-content\/uploads\/2023\/03\/word-image-25902-15.png 693w, https:\/\/cmm.imgw.pl\/wp-content\/uploads\/2023\/03\/word-image-25902-15-300x210.png 300w\" sizes=\"(max-width: 693px) 100vw, 693px\" \/><\/p>\n<p><img loading=\"lazy\" width=\"634\" height=\"441\" class=\"wp-image-25919 aligncenter\" src=\"http:\/\/cmm.imgw.pl\/wp-content\/uploads\/2023\/03\/word-image-25902-16.png\" srcset=\"https:\/\/cmm.imgw.pl\/wp-content\/uploads\/2023\/03\/word-image-25902-16.png 634w, https:\/\/cmm.imgw.pl\/wp-content\/uploads\/2023\/03\/word-image-25902-16-300x209.png 300w\" sizes=\"(max-width: 634px) 100vw, 634px\" \/><\/p>\n<p>Uk\u0142ad wysokiego ci\u015bnienia nad Skandynawi\u0105 rozbuduje si\u0119 klinem na wsch\u00f3d obejmuj\u0105c obszar Morza Bia\u0142ego i NW Rosji. Wy\u017c znad Europy zachodniej b\u0119dzie przemieszcza\u0142 si\u0119 na wsch\u00f3d i ju\u017c w nocy swym klinem obejmie Polsk\u0119. Na froncie zalegaj\u0105cym w zatoce nad Europ\u0105 wschodni\u0105 dojdzie do deformacji falowej i cyklogenezy p\u0142ytkiego wiru cyklonicznego, z centrum 1000 hPa. Ni\u017c nad Atlantykiem, w godzinach nocnych, zacznie si\u0119 wype\u0142nia\u0107.<\/p>\n<p><strong>Analiza g\u00f3rnego pola ci\u015bnienia w horyzoncie 24 godzin<\/strong><\/p>\n<p><img loading=\"lazy\" width=\"695\" height=\"487\" class=\"wp-image-25920 aligncenter\" src=\"http:\/\/cmm.imgw.pl\/wp-content\/uploads\/2023\/03\/word-image-25902-17.png\" srcset=\"https:\/\/cmm.imgw.pl\/wp-content\/uploads\/2023\/03\/word-image-25902-17.png 695w, https:\/\/cmm.imgw.pl\/wp-content\/uploads\/2023\/03\/word-image-25902-17-300x210.png 300w\" sizes=\"(max-width: 695px) 100vw, 695px\" \/> <img loading=\"lazy\" width=\"695\" height=\"487\" class=\"wp-image-25921 aligncenter\" src=\"http:\/\/cmm.imgw.pl\/wp-content\/uploads\/2023\/03\/word-image-25902-18.png\" srcset=\"https:\/\/cmm.imgw.pl\/wp-content\/uploads\/2023\/03\/word-image-25902-18.png 695w, https:\/\/cmm.imgw.pl\/wp-content\/uploads\/2023\/03\/word-image-25902-18-300x210.png 300w\" sizes=\"(max-width: 695px) 100vw, 695px\" \/><\/p>\n<p><img loading=\"lazy\" width=\"695\" height=\"488\" class=\"wp-image-25922 aligncenter\" src=\"http:\/\/cmm.imgw.pl\/wp-content\/uploads\/2023\/03\/word-image-25902-19.png\" srcset=\"https:\/\/cmm.imgw.pl\/wp-content\/uploads\/2023\/03\/word-image-25902-19.png 695w, https:\/\/cmm.imgw.pl\/wp-content\/uploads\/2023\/03\/word-image-25902-19-300x211.png 300w\" sizes=\"(max-width: 695px) 100vw, 695px\" \/> <img loading=\"lazy\" width=\"697\" height=\"484\" class=\"wp-image-25923 aligncenter\" src=\"http:\/\/cmm.imgw.pl\/wp-content\/uploads\/2023\/03\/word-image-25902-20.png\" srcset=\"https:\/\/cmm.imgw.pl\/wp-content\/uploads\/2023\/03\/word-image-25902-20.png 697w, https:\/\/cmm.imgw.pl\/wp-content\/uploads\/2023\/03\/word-image-25902-20-300x208.png 300w\" sizes=\"(max-width: 697px) 100vw, 697px\" \/><\/p>\n<p><img loading=\"lazy\" width=\"642\" height=\"452\" class=\"wp-image-25924 aligncenter\" src=\"http:\/\/cmm.imgw.pl\/wp-content\/uploads\/2023\/03\/word-image-25902-21.jpeg\" srcset=\"https:\/\/cmm.imgw.pl\/wp-content\/uploads\/2023\/03\/word-image-25902-21.jpeg 642w, https:\/\/cmm.imgw.pl\/wp-content\/uploads\/2023\/03\/word-image-25902-21-300x211.jpeg 300w\" sizes=\"(max-width: 642px) 100vw, 642px\" \/> <img loading=\"lazy\" width=\"646\" height=\"451\" class=\"wp-image-25925 aligncenter\" src=\"http:\/\/cmm.imgw.pl\/wp-content\/uploads\/2023\/03\/word-image-25902-22.jpeg\" srcset=\"https:\/\/cmm.imgw.pl\/wp-content\/uploads\/2023\/03\/word-image-25902-22.jpeg 646w, https:\/\/cmm.imgw.pl\/wp-content\/uploads\/2023\/03\/word-image-25902-22-300x209.jpeg 300w\" sizes=\"(max-width: 646px) 100vw, 646px\" \/><\/p>\n<p>Proces wype\u0142niania ni\u017cu znad Atlantyku obejmie obszar do 500 hPa. G\u0142\u0119boko\u015b\u0107 wiru na poszczeg\u00f3lnych poziomach b\u0119dzie si\u0119 zmniejsza\u0142a, czyli powierzchnie izobaryczne b\u0119d\u0105 si\u0119 podnosi\u0142y. Na wysoko\u015bci 9 km wysoko\u015b\u0107 powierzchni izobarycznej 300 hPa nie ulegnie zmianie i pozostanie na wysoko\u015bci 868 gpdam. Wy\u017c znad Europy zachodniej, kt\u00f3ry b\u0119dzie przemieszcza\u0142 si\u0119 na wsch\u00f3d, zaznaczony na wy\u017cszych poziomach w postaci izohips wygi\u0119tych na kszta\u0142t klina. P\u0142ytki ni\u017c znad Europy wschodniej b\u0119dzie rozbudowany w pionie. Na wysoko\u015bci 850 hPa b\u0119dzie ju\u017c wyodr\u0119bniona zamkni\u0119ta cyrkulacja cykloniczna. Wy\u017cej izohipsy si\u0119 b\u0119d\u0105 prostowa\u0107 i b\u0119d\u0105 gi\u0119te na kszta\u0142t zatoki i kszta\u0142tem b\u0119d\u0105 zbli\u017ca\u0107 si\u0119 do izohips geopotencja\u0142u wzgl\u0119dnego.<\/p>\n<p><strong>Analiza g\u00f3rnego pola wiatru w horyzoncie 24 godzin<\/strong><\/p>\n<p><img loading=\"lazy\" width=\"1359\" height=\"2174\" class=\"wp-image-25926 aligncenter\" src=\"http:\/\/cmm.imgw.pl\/wp-content\/uploads\/2023\/03\/word-image-25902-23.gif\" \/> <img loading=\"lazy\" width=\"1359\" height=\"2174\" class=\"wp-image-25927 aligncenter\" src=\"http:\/\/cmm.imgw.pl\/wp-content\/uploads\/2023\/03\/word-image-25902-24.gif\" \/><\/p>\n<p>W ci\u0105gu najbli\u017cszych 12 godzin nadal nad Atlantykiem, Islandi\u0105, Morzem Norweskim, Morzem P\u00f3\u0142nocnym, Europ\u0105 zachodni\u0105 a\u017c po Ba\u0142kany oraz nad Polsk\u0105, Litw\u0105, \u0141otw\u0105, Estoni\u0105 a\u017c po Zatok\u0119 Fi\u0144sk\u0105 oraz Europ\u0105 wschodni\u0105 obszar zag\u0119szczonych izoterm oraz izohips. W zakre\u015blonych obszarach wyst\u0119powa\u0107 b\u0119dzie zwi\u0119kszona pr\u0119dko\u015b\u0107 wiatru oraz pr\u0105dy strumieniowe. Nad Polsk\u0105 zalega\u0107 b\u0119dzie o\u015b pr\u0105du strumieniowego. W godzinach wieczornych wysoko\u015b\u0107 osi Jet Stream nad zachodni\u0105 Polsk\u0105 wyniesie FL280 (8534m) z maksymaln\u0105 pr\u0119dko\u015bci\u0105 w osi pr\u0105du 55 m\/s. Pionowy zasi\u0119g pr\u0105du strumieniowego obejmie obszar FL190\/370 (5791m\/11278m). W nocy o\u015b pr\u0105du przesunie si\u0119 na wsch\u00f3d, nad Polsk\u0119 centraln\u0105. O\u015b pr\u0105du zalega\u0107 b\u0119dzie na wysoko\u015bci FL290 (8839 m) z maksymaln\u0105 pr\u0119dko\u015bci\u0105 w osi pr\u0105du 55-65 m\/s. Pionowy zasi\u0119g pr\u0105du obejmie obszar FL180\/440 (5486m\/13411 m). Kolejny pr\u0105d strumieniowy zalega\u0107 b\u0119dzie w rejonie \u0141otwy, Estonii a\u017c po Zatok\u0119 Fi\u0144sk\u0105 i Skandynawi\u0119 na wysoko\u015bci FL300 (9144 m) z maksymaln\u0105 pr\u0119dko\u015bci\u0105 w osi pr\u0105du 50 m\/s. Pr\u0105d strumieniowy przemieszcza\u0107 si\u0119 b\u0119dzie na p\u00f3\u0142noc. Nad Atlantykiem, w zasi\u0119gu domeny, zalega\u0107 b\u0119dzie pr\u0105d strumieniowy na wysoko\u015bci FL300, kt\u00f3ry w godzinach nocnych podniesie si\u0119 do wysoko\u015bci FL310 z maksymaln\u0105 pr\u0119dko\u015bci\u0105 w osi pr\u0105du 45-60 m\/s. Nad zachodni\u0105 Rosj\u0105 zalega\u0107 b\u0119dzie na wysoko\u015bci FL320 kolejny pr\u0105dy strumieniowy z maksymaln\u0105 pr\u0119dko\u015bci\u0105 w osi pr\u0105du 45-55 m\/s.<\/p>\n<p><img loading=\"lazy\" width=\"600\" height=\"640\" class=\"wp-image-25928 aligncenter\" src=\"http:\/\/cmm.imgw.pl\/wp-content\/uploads\/2023\/03\/word-image-25902-25.png\" srcset=\"https:\/\/cmm.imgw.pl\/wp-content\/uploads\/2023\/03\/word-image-25902-25.png 600w, https:\/\/cmm.imgw.pl\/wp-content\/uploads\/2023\/03\/word-image-25902-25-281x300.png 281w\" sizes=\"(max-width: 600px) 100vw, 600px\" \/> <img loading=\"lazy\" width=\"600\" height=\"640\" class=\"wp-image-25929 aligncenter\" src=\"http:\/\/cmm.imgw.pl\/wp-content\/uploads\/2023\/03\/word-image-25902-26.png\" srcset=\"https:\/\/cmm.imgw.pl\/wp-content\/uploads\/2023\/03\/word-image-25902-26.png 600w, https:\/\/cmm.imgw.pl\/wp-content\/uploads\/2023\/03\/word-image-25902-26-281x300.png 281w\" sizes=\"(max-width: 600px) 100vw, 600px\" \/> <img loading=\"lazy\" width=\"600\" height=\"640\" class=\"wp-image-25930 aligncenter\" src=\"http:\/\/cmm.imgw.pl\/wp-content\/uploads\/2023\/03\/word-image-25902-27.png\" srcset=\"https:\/\/cmm.imgw.pl\/wp-content\/uploads\/2023\/03\/word-image-25902-27.png 600w, https:\/\/cmm.imgw.pl\/wp-content\/uploads\/2023\/03\/word-image-25902-27-281x300.png 281w\" sizes=\"(max-width: 600px) 100vw, 600px\" \/><\/p>\n<p>Z symulacji numerycznych wynika, \u017ce ju\u017c w godzinach popo\u0142udniowych o\u015b pr\u0105du strumieniowego zaznaczy si\u0119 nad zachodni\u0105 Polsk\u0105, z maksymaln\u0105 pr\u0119dko\u015bci\u0105 62 m\/s, na wysoko\u015bci 9km. O\u015b pr\u0105du b\u0119dzie si\u0119 przemieszcza\u0142a na wsch\u00f3d i do godzin porannych dotrze nad Polsk\u0119 centraln\u0105. Pr\u0119dko\u015b\u0107 b\u0119dzie powoli zmniejsza\u0142a si\u0119 i nad ranem w osi pr\u0105du maksymalna pr\u0119dko\u015b\u0107 osi\u0105gnie warto\u015b\u0107 47,5-55 m\/s, na wysoko\u015bci 9 km.<\/p>\n<p><strong>Analiza termiczna troposfery<\/strong><\/p>\n<p><img loading=\"lazy\" width=\"634\" height=\"490\" class=\"wp-image-25931 aligncenter\" src=\"http:\/\/cmm.imgw.pl\/wp-content\/uploads\/2023\/03\/thck-500-1000hpa-gfs-wto-28-03-2023-15-utc.gif\" alt=\"Thck 500-1000hPa GFS wto. 28.03.2023 15 UTC\" \/> <img loading=\"lazy\" width=\"634\" height=\"490\" class=\"wp-image-25932 aligncenter\" src=\"http:\/\/cmm.imgw.pl\/wp-content\/uploads\/2023\/03\/thck-500-1000hpa-gfs-sro-29-03-2023-03-utc.gif\" alt=\"Thck 500-1000hPa GFS \u015bro. 29.03.2023 03 UTC\" \/><\/p>\n<p><img loading=\"lazy\" width=\"634\" height=\"490\" class=\"wp-image-25933 aligncenter\" src=\"http:\/\/cmm.imgw.pl\/wp-content\/uploads\/2023\/03\/theta-w-850hpa-gfs-wto-28-03-2023-15-utc.gif\" alt=\"Theta-W 850hPa GFS wto. 28.03.2023 15 UTC\" \/> <img loading=\"lazy\" width=\"634\" height=\"490\" class=\"wp-image-25934 aligncenter\" src=\"http:\/\/cmm.imgw.pl\/wp-content\/uploads\/2023\/03\/theta-w-850hpa-gfs-sro-29-03-2023-03-utc.gif\" alt=\"Theta-W 850hPa GFS \u015bro. 29.03.2023 03 UTC\" \/><\/p>\n<p>Morze Barentsa, Skandynawia, Morze P\u00f3\u0142nocne, Islandia w zasi\u0119gu powietrza arktycznego, kt\u00f3re zatok\u0105 si\u0119ga po Europ\u0119 centraln\u0105 a\u017c po Ba\u0142kany. Na pozosta\u0142ym obszarze Europy zalega powietrza polarno-morskie o zr\u00f3\u017cnicowanych w\u0142a\u015bciwo\u015bciach termicznych.<\/p>\n<p><img loading=\"lazy\" width=\"555\" height=\"503\" class=\"wp-image-25935 aligncenter\" src=\"http:\/\/cmm.imgw.pl\/wp-content\/uploads\/2023\/03\/word-image-25902-32.png\" srcset=\"https:\/\/cmm.imgw.pl\/wp-content\/uploads\/2023\/03\/word-image-25902-32.png 555w, https:\/\/cmm.imgw.pl\/wp-content\/uploads\/2023\/03\/word-image-25902-32-300x272.png 300w\" sizes=\"(max-width: 555px) 100vw, 555px\" \/> <img loading=\"lazy\" width=\"557\" height=\"499\" class=\"wp-image-25936 aligncenter\" src=\"http:\/\/cmm.imgw.pl\/wp-content\/uploads\/2023\/03\/word-image-25902-33.png\" srcset=\"https:\/\/cmm.imgw.pl\/wp-content\/uploads\/2023\/03\/word-image-25902-33.png 557w, https:\/\/cmm.imgw.pl\/wp-content\/uploads\/2023\/03\/word-image-25902-33-300x269.png 300w\" sizes=\"(max-width: 557px) 100vw, 557px\" \/><\/p>\n<p>Do Polski, z p\u00f3\u0142nocnego zachodu nap\u0142ywa powietrze arktyczno morskie. Na wschodzie jeszcze dodatni k\u0105t adwekcji wskazuj\u0105cy na adwekcje ch\u0142odu. Na zachodzie i nad Niemcami ujemny k\u0105t adwekcji wskazuj\u0105cy na adwekcje ciep\u0142a.<\/p>\n<p><img loading=\"lazy\" width=\"600\" height=\"640\" class=\"wp-image-25937 aligncenter\" src=\"http:\/\/cmm.imgw.pl\/wp-content\/uploads\/2023\/03\/word-image-25902-34.png\" srcset=\"https:\/\/cmm.imgw.pl\/wp-content\/uploads\/2023\/03\/word-image-25902-34.png 600w, https:\/\/cmm.imgw.pl\/wp-content\/uploads\/2023\/03\/word-image-25902-34-281x300.png 281w\" sizes=\"(max-width: 600px) 100vw, 600px\" \/> <img loading=\"lazy\" width=\"600\" height=\"640\" class=\"wp-image-25938 aligncenter\" src=\"http:\/\/cmm.imgw.pl\/wp-content\/uploads\/2023\/03\/word-image-25902-35.png\" srcset=\"https:\/\/cmm.imgw.pl\/wp-content\/uploads\/2023\/03\/word-image-25902-35.png 600w, https:\/\/cmm.imgw.pl\/wp-content\/uploads\/2023\/03\/word-image-25902-35-281x300.png 281w\" sizes=\"(max-width: 600px) 100vw, 600px\" \/><\/p>\n<p>Powy\u017csze wnioski potwierdza numeryczna prognoza pola temperatury na wysoko\u015bci 5,5 km.<\/p>\n<p><img loading=\"lazy\" width=\"600\" height=\"640\" class=\"wp-image-25939 aligncenter\" src=\"http:\/\/cmm.imgw.pl\/wp-content\/uploads\/2023\/03\/word-image-25902-36.png\" srcset=\"https:\/\/cmm.imgw.pl\/wp-content\/uploads\/2023\/03\/word-image-25902-36.png 600w, https:\/\/cmm.imgw.pl\/wp-content\/uploads\/2023\/03\/word-image-25902-36-281x300.png 281w\" sizes=\"(max-width: 600px) 100vw, 600px\" \/> <img loading=\"lazy\" width=\"600\" height=\"640\" class=\"wp-image-25940 aligncenter\" src=\"http:\/\/cmm.imgw.pl\/wp-content\/uploads\/2023\/03\/word-image-25902-37.png\" srcset=\"https:\/\/cmm.imgw.pl\/wp-content\/uploads\/2023\/03\/word-image-25902-37.png 600w, https:\/\/cmm.imgw.pl\/wp-content\/uploads\/2023\/03\/word-image-25902-37-281x300.png 281w\" sizes=\"(max-width: 600px) 100vw, 600px\" \/> <img loading=\"lazy\" width=\"600\" height=\"640\" class=\"wp-image-25941 aligncenter\" src=\"http:\/\/cmm.imgw.pl\/wp-content\/uploads\/2023\/03\/word-image-25902-38.png\" srcset=\"https:\/\/cmm.imgw.pl\/wp-content\/uploads\/2023\/03\/word-image-25902-38.png 600w, https:\/\/cmm.imgw.pl\/wp-content\/uploads\/2023\/03\/word-image-25902-38-281x300.png 281w\" sizes=\"(max-width: 600px) 100vw, 600px\" \/><\/p>\n<p>Z analizy map topografii barycznej wzgl\u0119dnej wynika, \u017ce obecnie nad Polsk\u0105 zalega zatoka ch\u0142odu, a jej o\u015b przebiega przez dzielnice centralne. Zatoka b\u0119dzie si\u0119 przemieszcza\u0107 na wsch\u00f3d, a od zachodu nasz kraj zacznie si\u0119 dostawa\u0107 w zasi\u0119g cieplejszej masy powietrza.<\/p>\n<p><strong>Analiza pola wilgotno\u015bci w pionowym profilu w troposferze<\/strong><\/p>\n<p><img loading=\"lazy\" width=\"600\" height=\"640\" class=\"wp-image-25942 aligncenter\" src=\"http:\/\/cmm.imgw.pl\/wp-content\/uploads\/2023\/03\/word-image-25902-39.png\" srcset=\"https:\/\/cmm.imgw.pl\/wp-content\/uploads\/2023\/03\/word-image-25902-39.png 600w, https:\/\/cmm.imgw.pl\/wp-content\/uploads\/2023\/03\/word-image-25902-39-281x300.png 281w\" sizes=\"(max-width: 600px) 100vw, 600px\" \/> <img loading=\"lazy\" width=\"600\" height=\"640\" class=\"wp-image-25943 aligncenter\" src=\"http:\/\/cmm.imgw.pl\/wp-content\/uploads\/2023\/03\/word-image-25902-40.png\" srcset=\"https:\/\/cmm.imgw.pl\/wp-content\/uploads\/2023\/03\/word-image-25902-40.png 600w, https:\/\/cmm.imgw.pl\/wp-content\/uploads\/2023\/03\/word-image-25902-40-281x300.png 281w\" sizes=\"(max-width: 600px) 100vw, 600px\" \/><\/p>\n<p>W dzie\u0144 na wysoko\u015bci 850 hPa wilgotno\u015b\u0107 du\u017ca, 60-95 %. Jedynie w woj. zachodniopomorskim ma\u0142a, 10-30%. W nocy w pasie centralnym spodziewa\u0107 nale\u017cy si\u0119 niskiej wilgotno\u015bci od 10% do 30%. Na zachodzie i wschodzie wilgotno\u015b\u0107 du\u017ca, 60-80%, a na wschodzie 95%.<\/p>\n<p><img loading=\"lazy\" width=\"600\" height=\"640\" class=\"wp-image-25944 aligncenter\" src=\"http:\/\/cmm.imgw.pl\/wp-content\/uploads\/2023\/03\/word-image-25902-41.png\" srcset=\"https:\/\/cmm.imgw.pl\/wp-content\/uploads\/2023\/03\/word-image-25902-41.png 600w, https:\/\/cmm.imgw.pl\/wp-content\/uploads\/2023\/03\/word-image-25902-41-281x300.png 281w\" sizes=\"(max-width: 600px) 100vw, 600px\" \/> <img loading=\"lazy\" width=\"600\" height=\"640\" class=\"wp-image-25945 aligncenter\" src=\"http:\/\/cmm.imgw.pl\/wp-content\/uploads\/2023\/03\/word-image-25902-42.png\" srcset=\"https:\/\/cmm.imgw.pl\/wp-content\/uploads\/2023\/03\/word-image-25902-42.png 600w, https:\/\/cmm.imgw.pl\/wp-content\/uploads\/2023\/03\/word-image-25902-42-281x300.png 281w\" sizes=\"(max-width: 600px) 100vw, 600px\" \/><\/p>\n<p>Na wysoko\u015bci 500 hPa, w ci\u0105gu dnia wilgotno\u015b\u0107 niska od 10% do 30 %. Jedynie w w\u0105skim pasie centralnym i na po\u0142udniu wilgotno\u015b\u0107, 60-80 %. W nocy zachodnie rejonie kraju w strefie bardzo wysokiej wilgotno\u015bci od 80% do 99%. Na pozosta\u0142ym obszarze wilgotno\u015b\u0107 niska, 10-30%.<\/p>\n<p><img loading=\"lazy\" width=\"600\" height=\"640\" class=\"wp-image-25946 aligncenter\" src=\"http:\/\/cmm.imgw.pl\/wp-content\/uploads\/2023\/03\/word-image-25902-43.png\" srcset=\"https:\/\/cmm.imgw.pl\/wp-content\/uploads\/2023\/03\/word-image-25902-43.png 600w, https:\/\/cmm.imgw.pl\/wp-content\/uploads\/2023\/03\/word-image-25902-43-281x300.png 281w\" sizes=\"(max-width: 600px) 100vw, 600px\" \/> <img loading=\"lazy\" width=\"600\" height=\"640\" class=\"wp-image-25947 aligncenter\" src=\"http:\/\/cmm.imgw.pl\/wp-content\/uploads\/2023\/03\/word-image-25902-44.png\" srcset=\"https:\/\/cmm.imgw.pl\/wp-content\/uploads\/2023\/03\/word-image-25902-44.png 600w, https:\/\/cmm.imgw.pl\/wp-content\/uploads\/2023\/03\/word-image-25902-44-281x300.png 281w\" sizes=\"(max-width: 600px) 100vw, 600px\" \/><\/p>\n<p>Na wysoko\u015bci 300 hPa, w ci\u0105gu dnia, wilgotno\u015b\u0107 niska, 10-30%. W nocy zachodnie rejonie kraju w strefie du\u017cej wilgotno\u015bci, 60-99%. Na pozosta\u0142ym obszarze wilgotno\u015b\u0107 niska od 10% do 30%.<\/p>\n<p><strong>Prognoza zachmurzenia<\/strong><\/p>\n<p><img loading=\"lazy\" width=\"600\" height=\"640\" class=\"wp-image-25948 aligncenter\" src=\"http:\/\/cmm.imgw.pl\/wp-content\/uploads\/2023\/03\/word-image-25902-45.png\" srcset=\"https:\/\/cmm.imgw.pl\/wp-content\/uploads\/2023\/03\/word-image-25902-45.png 600w, https:\/\/cmm.imgw.pl\/wp-content\/uploads\/2023\/03\/word-image-25902-45-281x300.png 281w\" sizes=\"(max-width: 600px) 100vw, 600px\" \/> <img loading=\"lazy\" width=\"600\" height=\"640\" class=\"wp-image-25949 aligncenter\" src=\"http:\/\/cmm.imgw.pl\/wp-content\/uploads\/2023\/03\/word-image-25902-46.png\" srcset=\"https:\/\/cmm.imgw.pl\/wp-content\/uploads\/2023\/03\/word-image-25902-46.png 600w, https:\/\/cmm.imgw.pl\/wp-content\/uploads\/2023\/03\/word-image-25902-46-281x300.png 281w\" sizes=\"(max-width: 600px) 100vw, 600px\" \/> <img loading=\"lazy\" width=\"600\" height=\"640\" class=\"wp-image-25950 aligncenter\" src=\"http:\/\/cmm.imgw.pl\/wp-content\/uploads\/2023\/03\/word-image-25902-47.png\" srcset=\"https:\/\/cmm.imgw.pl\/wp-content\/uploads\/2023\/03\/word-image-25902-47.png 600w, https:\/\/cmm.imgw.pl\/wp-content\/uploads\/2023\/03\/word-image-25902-47-281x300.png 281w\" sizes=\"(max-width: 600px) 100vw, 600px\" \/><\/p>\n<p>W dzie\u0144 zachmurzenie du\u017ce i umiarkowane. W rejonie p\u00f3\u0142nocno wschodnim rozpogodzenia. Wieczorem i w nocy na znacznym obszarze kraju rozpogodzenia. W nocy na kra\u0144cach zachodnich wzrost zachmurzenia do du\u017cego i strefa zachmurzenie b\u0119dzie przemieszcza\u0142a si\u0119 na wsch\u00f3d.<\/p>\n<p><img loading=\"lazy\" width=\"600\" height=\"640\" class=\"wp-image-25951 aligncenter\" src=\"http:\/\/cmm.imgw.pl\/wp-content\/uploads\/2023\/03\/word-image-25902-48.png\" srcset=\"https:\/\/cmm.imgw.pl\/wp-content\/uploads\/2023\/03\/word-image-25902-48.png 600w, https:\/\/cmm.imgw.pl\/wp-content\/uploads\/2023\/03\/word-image-25902-48-281x300.png 281w\" sizes=\"(max-width: 600px) 100vw, 600px\" \/> <img loading=\"lazy\" width=\"600\" height=\"640\" class=\"wp-image-25952 aligncenter\" src=\"http:\/\/cmm.imgw.pl\/wp-content\/uploads\/2023\/03\/word-image-25902-49.png\" srcset=\"https:\/\/cmm.imgw.pl\/wp-content\/uploads\/2023\/03\/word-image-25902-49.png 600w, https:\/\/cmm.imgw.pl\/wp-content\/uploads\/2023\/03\/word-image-25902-49-281x300.png 281w\" sizes=\"(max-width: 600px) 100vw, 600px\" \/> <img loading=\"lazy\" width=\"600\" height=\"640\" class=\"wp-image-25953 aligncenter\" src=\"http:\/\/cmm.imgw.pl\/wp-content\/uploads\/2023\/03\/word-image-25902-50.png\" srcset=\"https:\/\/cmm.imgw.pl\/wp-content\/uploads\/2023\/03\/word-image-25902-50.png 600w, https:\/\/cmm.imgw.pl\/wp-content\/uploads\/2023\/03\/word-image-25902-50-281x300.png 281w\" sizes=\"(max-width: 600px) 100vw, 600px\" \/> <img loading=\"lazy\" width=\"600\" height=\"640\" class=\"wp-image-25954 aligncenter\" src=\"http:\/\/cmm.imgw.pl\/wp-content\/uploads\/2023\/03\/word-image-25902-51.png\" srcset=\"https:\/\/cmm.imgw.pl\/wp-content\/uploads\/2023\/03\/word-image-25902-51.png 600w, https:\/\/cmm.imgw.pl\/wp-content\/uploads\/2023\/03\/word-image-25902-51-281x300.png 281w\" sizes=\"(max-width: 600px) 100vw, 600px\" \/> <img loading=\"lazy\" width=\"600\" height=\"640\" class=\"wp-image-25955 aligncenter\" src=\"http:\/\/cmm.imgw.pl\/wp-content\/uploads\/2023\/03\/word-image-25902-52.png\" srcset=\"https:\/\/cmm.imgw.pl\/wp-content\/uploads\/2023\/03\/word-image-25902-52.png 600w, https:\/\/cmm.imgw.pl\/wp-content\/uploads\/2023\/03\/word-image-25902-52-281x300.png 281w\" sizes=\"(max-width: 600px) 100vw, 600px\" \/> <img loading=\"lazy\" width=\"600\" height=\"640\" class=\"wp-image-25956 aligncenter\" src=\"http:\/\/cmm.imgw.pl\/wp-content\/uploads\/2023\/03\/word-image-25902-53.png\" srcset=\"https:\/\/cmm.imgw.pl\/wp-content\/uploads\/2023\/03\/word-image-25902-53.png 600w, https:\/\/cmm.imgw.pl\/wp-content\/uploads\/2023\/03\/word-image-25902-53-281x300.png 281w\" sizes=\"(max-width: 600px) 100vw, 600px\" \/><\/p>\n<p>W ci\u0105gu dnia dominowa\u0107 b\u0119dzie zachmurzenie chmurami Cumulus (znajduj\u0105ce si\u0119 w r\u00f3\u017cnym stadium rozwoju) oraz Cumulonimbus. Mo\u017cliwe tak\u017ce chmury Stratocumulus. W nocy chmury Stratocumulus oraz lokalnie Cumulus congestus.<\/p>\n<p><img loading=\"lazy\" width=\"600\" height=\"640\" class=\"wp-image-25957 aligncenter\" src=\"http:\/\/cmm.imgw.pl\/wp-content\/uploads\/2023\/03\/word-image-25902-54.png\" srcset=\"https:\/\/cmm.imgw.pl\/wp-content\/uploads\/2023\/03\/word-image-25902-54.png 600w, https:\/\/cmm.imgw.pl\/wp-content\/uploads\/2023\/03\/word-image-25902-54-281x300.png 281w\" sizes=\"(max-width: 600px) 100vw, 600px\" \/> <img loading=\"lazy\" width=\"600\" height=\"640\" class=\"wp-image-25958 aligncenter\" src=\"http:\/\/cmm.imgw.pl\/wp-content\/uploads\/2023\/03\/word-image-25902-55.png\" srcset=\"https:\/\/cmm.imgw.pl\/wp-content\/uploads\/2023\/03\/word-image-25902-55.png 600w, https:\/\/cmm.imgw.pl\/wp-content\/uploads\/2023\/03\/word-image-25902-55-281x300.png 281w\" sizes=\"(max-width: 600px) 100vw, 600px\" \/> <img loading=\"lazy\" width=\"600\" height=\"640\" class=\"wp-image-25959 aligncenter\" src=\"http:\/\/cmm.imgw.pl\/wp-content\/uploads\/2023\/03\/word-image-25902-56.png\" srcset=\"https:\/\/cmm.imgw.pl\/wp-content\/uploads\/2023\/03\/word-image-25902-56.png 600w, https:\/\/cmm.imgw.pl\/wp-content\/uploads\/2023\/03\/word-image-25902-56-281x300.png 281w\" sizes=\"(max-width: 600px) 100vw, 600px\" \/><\/p>\n<p>W ci\u0105gu dnia zachmurzenie umiarkowane i du\u017ce na po\u0142udniu i po\u0142udniowo wschodniej Polsce. W nocy bezchmurnie w tym pi\u0119trze chmur, jedynie na zachodzie kraju zaznaczy si\u0119 strefa chmur pi\u0119tra \u015bredniego, kt\u00f3re b\u0119d\u0105 przemieszcza\u0142y si\u0119 na wsch\u00f3d. Na niebie w ci\u0105gu dnia Altocumulus oraz Altocumulus cumulogenitus\/cumulonimbogenitus. Nad ranem nad zachodnimi rejonami mog\u0105 dodatkowo pojawi\u0107 si\u0119 chmury Altostratus translucidus.<\/p>\n<p><img loading=\"lazy\" width=\"600\" height=\"640\" class=\"wp-image-25960 aligncenter\" src=\"http:\/\/cmm.imgw.pl\/wp-content\/uploads\/2023\/03\/word-image-25902-57.png\" srcset=\"https:\/\/cmm.imgw.pl\/wp-content\/uploads\/2023\/03\/word-image-25902-57.png 600w, https:\/\/cmm.imgw.pl\/wp-content\/uploads\/2023\/03\/word-image-25902-57-281x300.png 281w\" sizes=\"(max-width: 600px) 100vw, 600px\" \/> <img loading=\"lazy\" width=\"600\" height=\"640\" class=\"wp-image-25961 aligncenter\" src=\"http:\/\/cmm.imgw.pl\/wp-content\/uploads\/2023\/03\/word-image-25902-58.png\" srcset=\"https:\/\/cmm.imgw.pl\/wp-content\/uploads\/2023\/03\/word-image-25902-58.png 600w, https:\/\/cmm.imgw.pl\/wp-content\/uploads\/2023\/03\/word-image-25902-58-281x300.png 281w\" sizes=\"(max-width: 600px) 100vw, 600px\" \/> <img loading=\"lazy\" width=\"600\" height=\"640\" class=\"wp-image-25962 aligncenter\" src=\"http:\/\/cmm.imgw.pl\/wp-content\/uploads\/2023\/03\/word-image-25902-59.png\" srcset=\"https:\/\/cmm.imgw.pl\/wp-content\/uploads\/2023\/03\/word-image-25902-59.png 600w, https:\/\/cmm.imgw.pl\/wp-content\/uploads\/2023\/03\/word-image-25902-59-281x300.png 281w\" sizes=\"(max-width: 600px) 100vw, 600px\" \/><\/p>\n<p>Zachmurzenie chmurami pi\u0119tra wysokiego ma\u0142e lub brak. W godzinach nocnych i nad ranem od zachodu zacznie nasuwa\u0107 si\u0119 strefa zachmurzenia pi\u0119tra wysokiego. W dzie\u0144 lokalnie Cirrus fibratus oraz Cirrus spissatus a tak\u017ce Cirrus spissatus cumulonimbogenitus. Nad ranem Cirrus fibratus oraz Cirrostratus fibratus.<\/p>\n<p><strong>Prognoza pola poryw\u00f3w wiatru<\/strong><\/p>\n<p><img loading=\"lazy\" width=\"610\" height=\"610\" class=\"wp-image-25963 aligncenter\" src=\"http:\/\/cmm.imgw.pl\/wp-content\/uploads\/2023\/03\/word-image-25902-60.jpeg\" srcset=\"https:\/\/cmm.imgw.pl\/wp-content\/uploads\/2023\/03\/word-image-25902-60.jpeg 610w, https:\/\/cmm.imgw.pl\/wp-content\/uploads\/2023\/03\/word-image-25902-60-300x300.jpeg 300w, https:\/\/cmm.imgw.pl\/wp-content\/uploads\/2023\/03\/word-image-25902-60-150x150.jpeg 150w, https:\/\/cmm.imgw.pl\/wp-content\/uploads\/2023\/03\/word-image-25902-60-600x600.jpeg 600w\" sizes=\"(max-width: 610px) 100vw, 610px\" \/> <img loading=\"lazy\" width=\"615\" height=\"615\" class=\"wp-image-25964 aligncenter\" src=\"http:\/\/cmm.imgw.pl\/wp-content\/uploads\/2023\/03\/word-image-25902-61.jpeg\" srcset=\"https:\/\/cmm.imgw.pl\/wp-content\/uploads\/2023\/03\/word-image-25902-61.jpeg 615w, https:\/\/cmm.imgw.pl\/wp-content\/uploads\/2023\/03\/word-image-25902-61-300x300.jpeg 300w, https:\/\/cmm.imgw.pl\/wp-content\/uploads\/2023\/03\/word-image-25902-61-150x150.jpeg 150w, https:\/\/cmm.imgw.pl\/wp-content\/uploads\/2023\/03\/word-image-25902-61-600x600.jpeg 600w\" sizes=\"(max-width: 615px) 100vw, 615px\" \/> <img loading=\"lazy\" width=\"652\" height=\"652\" class=\"wp-image-25965 aligncenter\" src=\"http:\/\/cmm.imgw.pl\/wp-content\/uploads\/2023\/03\/word-image-25902-62.jpeg\" srcset=\"https:\/\/cmm.imgw.pl\/wp-content\/uploads\/2023\/03\/word-image-25902-62.jpeg 652w, https:\/\/cmm.imgw.pl\/wp-content\/uploads\/2023\/03\/word-image-25902-62-300x300.jpeg 300w, https:\/\/cmm.imgw.pl\/wp-content\/uploads\/2023\/03\/word-image-25902-62-150x150.jpeg 150w, https:\/\/cmm.imgw.pl\/wp-content\/uploads\/2023\/03\/word-image-25902-62-600x600.jpeg 600w\" sizes=\"(max-width: 652px) 100vw, 652px\" \/> <img loading=\"lazy\" width=\"663\" height=\"663\" class=\"wp-image-25966 aligncenter\" src=\"http:\/\/cmm.imgw.pl\/wp-content\/uploads\/2023\/03\/word-image-25902-63.jpeg\" srcset=\"https:\/\/cmm.imgw.pl\/wp-content\/uploads\/2023\/03\/word-image-25902-63.jpeg 663w, https:\/\/cmm.imgw.pl\/wp-content\/uploads\/2023\/03\/word-image-25902-63-300x300.jpeg 300w, https:\/\/cmm.imgw.pl\/wp-content\/uploads\/2023\/03\/word-image-25902-63-150x150.jpeg 150w, https:\/\/cmm.imgw.pl\/wp-content\/uploads\/2023\/03\/word-image-25902-63-600x600.jpeg 600w\" sizes=\"(max-width: 663px) 100vw, 663px\" \/> <img loading=\"lazy\" width=\"654\" height=\"654\" class=\"wp-image-25967 aligncenter\" src=\"http:\/\/cmm.imgw.pl\/wp-content\/uploads\/2023\/03\/word-image-25902-64.jpeg\" srcset=\"https:\/\/cmm.imgw.pl\/wp-content\/uploads\/2023\/03\/word-image-25902-64.jpeg 654w, https:\/\/cmm.imgw.pl\/wp-content\/uploads\/2023\/03\/word-image-25902-64-300x300.jpeg 300w, https:\/\/cmm.imgw.pl\/wp-content\/uploads\/2023\/03\/word-image-25902-64-150x150.jpeg 150w, https:\/\/cmm.imgw.pl\/wp-content\/uploads\/2023\/03\/word-image-25902-64-600x600.jpeg 600w\" sizes=\"(max-width: 654px) 100vw, 654px\" \/> <img loading=\"lazy\" width=\"688\" height=\"688\" class=\"wp-image-25968 aligncenter\" src=\"http:\/\/cmm.imgw.pl\/wp-content\/uploads\/2023\/03\/word-image-25902-65.jpeg\" srcset=\"https:\/\/cmm.imgw.pl\/wp-content\/uploads\/2023\/03\/word-image-25902-65.jpeg 688w, https:\/\/cmm.imgw.pl\/wp-content\/uploads\/2023\/03\/word-image-25902-65-300x300.jpeg 300w, https:\/\/cmm.imgw.pl\/wp-content\/uploads\/2023\/03\/word-image-25902-65-150x150.jpeg 150w, https:\/\/cmm.imgw.pl\/wp-content\/uploads\/2023\/03\/word-image-25902-65-600x600.jpeg 600w\" sizes=\"(max-width: 688px) 100vw, 688px\" \/><\/p>\n<p>W ci\u0105gu dnia porywy wiatru wyst\u0105pi\u0105 w ca\u0142ym kraju do 40-70 km\/h. Na po\u0142udniu kraju do 70-90 km\/h. Strefa poryw\u00f3w przemie\u015bci si\u0119 na wsch\u00f3d i do rana jedynie na wschodzie kraju wyst\u0119powa\u0107 b\u0119d\u0105 porywy do 50-60 km\/h. W Sudetach porywy do 120 km\/h. W Tatrach do 90 km\/h. Na Ba\u0142tyku do 80-90 km\/h. W drugiej po\u0142owie nocy wiatr os\u0142abnie.<\/p>\n<p><strong>Prognoza opad\u00f3w<\/strong><\/p>\n<p>W ci\u0105gu dnia wyst\u0119powa\u0107 b\u0119d\u0105 opadu przelotnego \u015bniegu oraz krupy \u015bnie\u017cnej (<a href=\"https:\/\/cmm.imgw.pl\/cmm\/?page_id=7968\">https:\/\/cmm.imgw.pl\/cmm\/?page_id=7968<\/a>). Wieczorem i w nocy zanik opad\u00f3w. Nad ranem w woj. zachodniopomorskim mo\u017cliwe opady deszczu oraz deszczu ze \u015bniegiem i deszczu (<a href=\"https:\/\/cmm.imgw.pl\/cmm\/?page_id=7968\">https:\/\/cmm.imgw.pl\/cmm\/?page_id=7968<\/a>, <a href=\"https:\/\/cmm.imgw.pl\/cmm\/?page_id=7963\">https:\/\/cmm.imgw.pl\/cmm\/?page_id=7963<\/a>). Opady o zmiennej intensywno\u015bci od s\u0142abej po umiarkowane i intensywne.<\/p>\n<p><strong>Prognoza widzialno\u015bci<\/strong><\/p>\n<p>W strefie intensywnych opad\u00f3w \u015bniegu oraz krupy \u015bnie\u017cnej ograniczenie widzialno\u015bci do 500 metr\u00f3w. Przy s\u0142abszym nat\u0119\u017cenie ograniczenie widzialno\u015bci do 2-5 km.<\/p>\n<p><strong>Prognoza zjawisk<\/strong><\/p>\n<p>Przy wzro\u015bnie pr\u0119dko\u015bci wiatru mo\u017cliwe lokalnie zawieje i zamiecie \u015bnie\u017cne.<\/p>","protected":false},"excerpt":{"rendered":"<p>Komentarz do numerycznych prognoz pogody opracowany w Centrum Modelowania Meteorologicznego IMGW-PIB.<\/p>\n","protected":false},"author":3,"featured_media":0,"comment_status":"closed","ping_status":"open","sticky":false,"template":"","format":"standard","meta":{"ocean_post_layout":"","ocean_both_sidebars_style":"","ocean_both_sidebars_content_width":0,"ocean_both_sidebars_sidebars_width":0,"ocean_sidebar":"0","ocean_second_sidebar":"0","ocean_disable_margins":"enable","ocean_add_body_class":"","ocean_shortcode_before_top_bar":"","ocean_shortcode_after_top_bar":"","ocean_shortcode_before_header":"","ocean_shortcode_after_header":"","ocean_has_shortcode":"","ocean_shortcode_after_title":"","ocean_shortcode_before_footer_widgets":"","ocean_shortcode_after_footer_widgets":"","ocean_shortcode_before_footer_bottom":"","ocean_shortcode_after_footer_bottom":"","ocean_display_top_bar":"default","ocean_display_header":"default","ocean_header_style":"","ocean_center_header_left_menu":"0","ocean_custom_header_template":"0","ocean_custom_logo":0,"ocean_custom_retina_logo":0,"ocean_custom_logo_max_width":0,"ocean_custom_logo_tablet_max_width":0,"ocean_custom_logo_mobile_max_width":0,"ocean_custom_logo_max_height":0,"ocean_custom_logo_tablet_max_height":0,"ocean_custom_logo_mobile_max_height":0,"ocean_header_custom_menu":"0","ocean_menu_typo_font_family":"0","ocean_menu_typo_font_subset":"","ocean_menu_typo_font_size":0,"ocean_menu_typo_font_size_tablet":0,"ocean_menu_typo_font_size_mobile":0,"ocean_menu_typo_font_size_unit":"px","ocean_menu_typo_font_weight":"","ocean_menu_typo_font_weight_tablet":"","ocean_menu_typo_font_weight_mobile":"","ocean_menu_typo_transform":"","ocean_menu_typo_transform_tablet":"","ocean_menu_typo_transform_mobile":"","ocean_menu_typo_line_height":0,"ocean_menu_typo_line_height_tablet":0,"ocean_menu_typo_line_height_mobile":0,"ocean_menu_typo_line_height_unit":"","ocean_menu_typo_spacing":0,"ocean_menu_typo_spacing_tablet":0,"ocean_menu_typo_spacing_mobile":0,"ocean_menu_typo_spacing_unit":"","ocean_menu_link_color":"","ocean_menu_link_color_hover":"","ocean_menu_link_color_active":"","ocean_menu_link_background":"","ocean_menu_link_hover_background":"","ocean_menu_link_active_background":"","ocean_menu_social_links_bg":"","ocean_menu_social_hover_links_bg":"","ocean_menu_social_links_color":"","ocean_menu_social_hover_links_color":"","ocean_disable_title":"default","ocean_disable_heading":"default","ocean_post_title":"","ocean_post_subheading":"","ocean_post_title_style":"","ocean_post_title_background_color":"","ocean_post_title_background":0,"ocean_post_title_bg_image_position":"","ocean_post_title_bg_image_attachment":"","ocean_post_title_bg_image_repeat":"","ocean_post_title_bg_image_size":"","ocean_post_title_height":0,"ocean_post_title_bg_overlay":0.5,"ocean_post_title_bg_overlay_color":"","ocean_disable_breadcrumbs":"default","ocean_breadcrumbs_color":"","ocean_breadcrumbs_separator_color":"","ocean_breadcrumbs_links_color":"","ocean_breadcrumbs_links_hover_color":"","ocean_display_footer_widgets":"default","ocean_display_footer_bottom":"default","ocean_custom_footer_template":"0","ocean_post_oembed":"","ocean_post_self_hosted_media":"","ocean_post_video_embed":"","ocean_link_format":"","ocean_link_format_target":"self","ocean_quote_format":"","ocean_quote_format_link":"post","ocean_gallery_link_images":"on","ocean_gallery_id":[]},"categories":[93],"tags":[68,95,85,73,97,98,76,94,99,71,96,79],"yoast_head":"<!-- This site is optimized with the Yoast SEO plugin v19.5.1 - https:\/\/yoast.com\/wordpress\/plugins\/seo\/ -->\n<title>Komentarz do numerycznych prognoz pogody (28\/29.03.2023) - Laboratorium Modelowania Meteorologicznego CMOK IMGW-PIB<\/title>\n<meta name=\"description\" content=\"Komentarz do numerycznych prognoz pogody opracowany w Centrum Modelowania Meteorologicznego IMGW-PIB.\" \/>\n<meta name=\"robots\" content=\"index, follow, max-snippet:-1, max-image-preview:large, max-video-preview:-1\" \/>\n<link rel=\"canonical\" href=\"https:\/\/cmm.imgw.pl\/?p=25902\" \/>\n<meta property=\"og:locale\" content=\"pl_PL\" \/>\n<meta property=\"og:type\" content=\"article\" \/>\n<meta property=\"og:title\" content=\"Komentarz do numerycznych prognoz pogody (28\/29.03.2023)\" \/>\n<meta property=\"og:description\" content=\"Komentarz do numerycznych prognoz pogody opracowany w Centrum Modelowania Meteorologicznego IMGW-PIB\" \/>\n<meta property=\"og:url\" content=\"https:\/\/cmm.imgw.pl\/?p=25902\" \/>\n<meta property=\"og:site_name\" content=\"Laboratorium Modelowania Meteorologicznego CMOK IMGW-PIB\" \/>\n<meta property=\"article:publisher\" content=\"https:\/\/www.facebook.com\/Meteoimgw\/\" \/>\n<meta property=\"article:published_time\" content=\"2023-03-28T14:17:11+00:00\" \/>\n<meta property=\"og:image\" content=\"http:\/\/cmm.imgw.pl\/wp-content\/uploads\/2023\/02\/komentarz4.png\" \/>\n\t<meta property=\"og:image:width\" content=\"1280\" \/>\n\t<meta property=\"og:image:height\" content=\"720\" \/>\n\t<meta property=\"og:image:type\" content=\"image\/png\" \/>\n<meta name=\"author\" content=\"CMM\" \/>\n<meta name=\"twitter:card\" content=\"summary_large_image\" \/>\n<meta name=\"twitter:title\" content=\"Komentarz do numerycznych prognoz pogody (28\/29.03.2023)\" \/>\n<meta name=\"twitter:description\" content=\"Komentarz do numerycznych prognoz pogody opracowany w Centrum Modelowania Meteorologicznego IMGW-PIB\" \/>\n<meta name=\"twitter:image\" content=\"https:\/\/cmm.imgw.pl\/wp-content\/uploads\/2023\/02\/komentarz4.png\" \/>\n<meta name=\"twitter:creator\" content=\"@IMGW_CMM\" \/>\n<meta name=\"twitter:site\" content=\"@IMGW_CMM\" \/>\n<meta name=\"twitter:label1\" content=\"Napisane przez\" \/>\n\t<meta name=\"twitter:data1\" content=\"CMM\" \/>\n\t<meta name=\"twitter:label2\" content=\"Szacowany czas czytania\" \/>\n\t<meta name=\"twitter:data2\" content=\"26 minut\" \/>\n<script type=\"application\/ld+json\" class=\"yoast-schema-graph\">{\"@context\":\"https:\/\/schema.org\",\"@graph\":[{\"@type\":\"Article\",\"@id\":\"https:\/\/cmm.imgw.pl\/?p=25902#article\",\"isPartOf\":{\"@id\":\"https:\/\/cmm.imgw.pl\/?p=25902\"},\"author\":{\"name\":\"CMM\",\"@id\":\"https:\/\/cmm.imgw.pl\/#\/schema\/person\/a24a37fe434fe76b0f5791e6bd3fdb46\"},\"headline\":\"Komentarz do numerycznych prognoz pogody (28\/29.03.2023)\",\"datePublished\":\"2023-03-28T14:17:11+00:00\",\"dateModified\":\"2023-03-28T14:17:11+00:00\",\"mainEntityOfPage\":{\"@id\":\"https:\/\/cmm.imgw.pl\/?p=25902\"},\"wordCount\":1879,\"publisher\":{\"@id\":\"https:\/\/cmm.imgw.pl\/#organization\"},\"keywords\":[\"cmm\",\"Cosmo\",\"imgw\",\"klimat\",\"komentarz\",\"komentarz pogodowy\",\"meteorologia\",\"NMP\",\"NPP\",\"pogoda\",\"prognoza pogody\",\"zima\"],\"articleSection\":[\"Komentarz\"],\"inLanguage\":\"pl-PL\"},{\"@type\":\"WebPage\",\"@id\":\"https:\/\/cmm.imgw.pl\/?p=25902\",\"url\":\"https:\/\/cmm.imgw.pl\/?p=25902\",\"name\":\"Komentarz do numerycznych prognoz pogody (28\/29.03.2023) - Laboratorium Modelowania Meteorologicznego CMOK IMGW-PIB\",\"isPartOf\":{\"@id\":\"https:\/\/cmm.imgw.pl\/#website\"},\"datePublished\":\"2023-03-28T14:17:11+00:00\",\"dateModified\":\"2023-03-28T14:17:11+00:00\",\"description\":\"Komentarz do numerycznych prognoz pogody opracowany w Centrum Modelowania Meteorologicznego IMGW-PIB.\",\"breadcrumb\":{\"@id\":\"https:\/\/cmm.imgw.pl\/?p=25902#breadcrumb\"},\"inLanguage\":\"pl-PL\",\"potentialAction\":[{\"@type\":\"ReadAction\",\"target\":[\"https:\/\/cmm.imgw.pl\/?p=25902\"]}]},{\"@type\":\"BreadcrumbList\",\"@id\":\"https:\/\/cmm.imgw.pl\/?p=25902#breadcrumb\",\"itemListElement\":[{\"@type\":\"ListItem\",\"position\":1,\"name\":\"Home\",\"item\":\"https:\/\/cmm.imgw.pl\/\"},{\"@type\":\"ListItem\",\"position\":2,\"name\":\"Komentarz do numerycznych prognoz pogody (28\/29.03.2023)\"}]},{\"@type\":\"WebSite\",\"@id\":\"https:\/\/cmm.imgw.pl\/#website\",\"url\":\"https:\/\/cmm.imgw.pl\/\",\"name\":\"Laboratorium Modelowania Meteorologicznego CMOK IMGW-PIB\",\"description\":\"CMOK-LMM Laboratorium pe\u0142ni pa\u0144stwow\u0105 s\u0142u\u017cb\u0119 hydrologiczno-meteorologiczn\u0105 w zakresie numerycznych prognoz pogody, kt\u00f3rego zadaniem jest konsolidacja kompetencji w obszarze modelowania zjawisk pogodowych oraz dalszego rozwoju numerycznych modeli pogody (NMP).\",\"publisher\":{\"@id\":\"https:\/\/cmm.imgw.pl\/#organization\"},\"potentialAction\":[{\"@type\":\"SearchAction\",\"target\":{\"@type\":\"EntryPoint\",\"urlTemplate\":\"https:\/\/cmm.imgw.pl\/?s={search_term_string}\"},\"query-input\":\"required name=search_term_string\"}],\"inLanguage\":\"pl-PL\"},{\"@type\":\"Organization\",\"@id\":\"https:\/\/cmm.imgw.pl\/#organization\",\"name\":\"Laboratorium Modelowania Meteorologicznego CMOK IMGW-PIB\",\"url\":\"https:\/\/cmm.imgw.pl\/\",\"sameAs\":[\"https:\/\/www.facebook.com\/Meteoimgw\/\",\"https:\/\/twitter.com\/IMGW_CMM\"],\"logo\":{\"@type\":\"ImageObject\",\"inLanguage\":\"pl-PL\",\"@id\":\"https:\/\/cmm.imgw.pl\/#\/schema\/logo\/image\/\",\"url\":\"https:\/\/cmm.imgw.pl\/wp-content\/uploads\/2025\/10\/MODELE_LOGO_UNIFIKACJA_v2.png\",\"contentUrl\":\"https:\/\/cmm.imgw.pl\/wp-content\/uploads\/2025\/10\/MODELE_LOGO_UNIFIKACJA_v2.png\",\"width\":1356,\"height\":365,\"caption\":\"Laboratorium Modelowania Meteorologicznego CMOK IMGW-PIB\"},\"image\":{\"@id\":\"https:\/\/cmm.imgw.pl\/#\/schema\/logo\/image\/\"}},{\"@type\":\"Person\",\"@id\":\"https:\/\/cmm.imgw.pl\/#\/schema\/person\/a24a37fe434fe76b0f5791e6bd3fdb46\",\"name\":\"CMM\",\"image\":{\"@type\":\"ImageObject\",\"inLanguage\":\"pl-PL\",\"@id\":\"https:\/\/cmm.imgw.pl\/#\/schema\/person\/image\/\",\"url\":\"https:\/\/secure.gravatar.com\/avatar\/9248ea2273711f1cd09d6bd45867dbfb?s=96&d=blank&r=g\",\"contentUrl\":\"https:\/\/secure.gravatar.com\/avatar\/9248ea2273711f1cd09d6bd45867dbfb?s=96&d=blank&r=g\",\"caption\":\"CMM\"},\"sameAs\":[\"http:\/\/cmm.imgw.pl\"],\"url\":\"https:\/\/cmm.imgw.pl\/?author=3\"}]}<\/script>\n<!-- \/ Yoast SEO plugin. -->","yoast_head_json":{"title":"Komentarz do numerycznych prognoz pogody (28\/29.03.2023) - Laboratorium Modelowania Meteorologicznego CMOK IMGW-PIB","description":"Komentarz do numerycznych prognoz pogody opracowany w Centrum Modelowania Meteorologicznego IMGW-PIB.","robots":{"index":"index","follow":"follow","max-snippet":"max-snippet:-1","max-image-preview":"max-image-preview:large","max-video-preview":"max-video-preview:-1"},"canonical":"https:\/\/cmm.imgw.pl\/?p=25902","og_locale":"pl_PL","og_type":"article","og_title":"Komentarz do numerycznych prognoz pogody (28\/29.03.2023)","og_description":"Komentarz do numerycznych prognoz pogody opracowany w Centrum Modelowania Meteorologicznego IMGW-PIB","og_url":"https:\/\/cmm.imgw.pl\/?p=25902","og_site_name":"Laboratorium Modelowania Meteorologicznego CMOK IMGW-PIB","article_publisher":"https:\/\/www.facebook.com\/Meteoimgw\/","article_published_time":"2023-03-28T14:17:11+00:00","og_image":[{"width":1280,"height":720,"url":"http:\/\/cmm.imgw.pl\/wp-content\/uploads\/2023\/02\/komentarz4.png","type":"image\/png"}],"author":"CMM","twitter_card":"summary_large_image","twitter_title":"Komentarz do numerycznych prognoz pogody (28\/29.03.2023)","twitter_description":"Komentarz do numerycznych prognoz pogody opracowany w Centrum Modelowania Meteorologicznego IMGW-PIB","twitter_image":"https:\/\/cmm.imgw.pl\/wp-content\/uploads\/2023\/02\/komentarz4.png","twitter_creator":"@IMGW_CMM","twitter_site":"@IMGW_CMM","twitter_misc":{"Napisane przez":"CMM","Szacowany czas czytania":"26 minut"},"schema":{"@context":"https:\/\/schema.org","@graph":[{"@type":"Article","@id":"https:\/\/cmm.imgw.pl\/?p=25902#article","isPartOf":{"@id":"https:\/\/cmm.imgw.pl\/?p=25902"},"author":{"name":"CMM","@id":"https:\/\/cmm.imgw.pl\/#\/schema\/person\/a24a37fe434fe76b0f5791e6bd3fdb46"},"headline":"Komentarz do numerycznych prognoz pogody (28\/29.03.2023)","datePublished":"2023-03-28T14:17:11+00:00","dateModified":"2023-03-28T14:17:11+00:00","mainEntityOfPage":{"@id":"https:\/\/cmm.imgw.pl\/?p=25902"},"wordCount":1879,"publisher":{"@id":"https:\/\/cmm.imgw.pl\/#organization"},"keywords":["cmm","Cosmo","imgw","klimat","komentarz","komentarz pogodowy","meteorologia","NMP","NPP","pogoda","prognoza pogody","zima"],"articleSection":["Komentarz"],"inLanguage":"pl-PL"},{"@type":"WebPage","@id":"https:\/\/cmm.imgw.pl\/?p=25902","url":"https:\/\/cmm.imgw.pl\/?p=25902","name":"Komentarz do numerycznych prognoz pogody (28\/29.03.2023) - Laboratorium Modelowania Meteorologicznego CMOK IMGW-PIB","isPartOf":{"@id":"https:\/\/cmm.imgw.pl\/#website"},"datePublished":"2023-03-28T14:17:11+00:00","dateModified":"2023-03-28T14:17:11+00:00","description":"Komentarz do numerycznych prognoz pogody opracowany w Centrum Modelowania Meteorologicznego IMGW-PIB.","breadcrumb":{"@id":"https:\/\/cmm.imgw.pl\/?p=25902#breadcrumb"},"inLanguage":"pl-PL","potentialAction":[{"@type":"ReadAction","target":["https:\/\/cmm.imgw.pl\/?p=25902"]}]},{"@type":"BreadcrumbList","@id":"https:\/\/cmm.imgw.pl\/?p=25902#breadcrumb","itemListElement":[{"@type":"ListItem","position":1,"name":"Home","item":"https:\/\/cmm.imgw.pl\/"},{"@type":"ListItem","position":2,"name":"Komentarz do numerycznych prognoz pogody (28\/29.03.2023)"}]},{"@type":"WebSite","@id":"https:\/\/cmm.imgw.pl\/#website","url":"https:\/\/cmm.imgw.pl\/","name":"Laboratorium Modelowania Meteorologicznego CMOK IMGW-PIB","description":"CMOK-LMM Laboratorium pe\u0142ni pa\u0144stwow\u0105 s\u0142u\u017cb\u0119 hydrologiczno-meteorologiczn\u0105 w zakresie numerycznych prognoz pogody, kt\u00f3rego zadaniem jest konsolidacja kompetencji w obszarze modelowania zjawisk pogodowych oraz dalszego rozwoju numerycznych modeli pogody (NMP).","publisher":{"@id":"https:\/\/cmm.imgw.pl\/#organization"},"potentialAction":[{"@type":"SearchAction","target":{"@type":"EntryPoint","urlTemplate":"https:\/\/cmm.imgw.pl\/?s={search_term_string}"},"query-input":"required name=search_term_string"}],"inLanguage":"pl-PL"},{"@type":"Organization","@id":"https:\/\/cmm.imgw.pl\/#organization","name":"Laboratorium Modelowania Meteorologicznego CMOK IMGW-PIB","url":"https:\/\/cmm.imgw.pl\/","sameAs":["https:\/\/www.facebook.com\/Meteoimgw\/","https:\/\/twitter.com\/IMGW_CMM"],"logo":{"@type":"ImageObject","inLanguage":"pl-PL","@id":"https:\/\/cmm.imgw.pl\/#\/schema\/logo\/image\/","url":"https:\/\/cmm.imgw.pl\/wp-content\/uploads\/2025\/10\/MODELE_LOGO_UNIFIKACJA_v2.png","contentUrl":"https:\/\/cmm.imgw.pl\/wp-content\/uploads\/2025\/10\/MODELE_LOGO_UNIFIKACJA_v2.png","width":1356,"height":365,"caption":"Laboratorium Modelowania Meteorologicznego CMOK IMGW-PIB"},"image":{"@id":"https:\/\/cmm.imgw.pl\/#\/schema\/logo\/image\/"}},{"@type":"Person","@id":"https:\/\/cmm.imgw.pl\/#\/schema\/person\/a24a37fe434fe76b0f5791e6bd3fdb46","name":"CMM","image":{"@type":"ImageObject","inLanguage":"pl-PL","@id":"https:\/\/cmm.imgw.pl\/#\/schema\/person\/image\/","url":"https:\/\/secure.gravatar.com\/avatar\/9248ea2273711f1cd09d6bd45867dbfb?s=96&d=blank&r=g","contentUrl":"https:\/\/secure.gravatar.com\/avatar\/9248ea2273711f1cd09d6bd45867dbfb?s=96&d=blank&r=g","caption":"CMM"},"sameAs":["http:\/\/cmm.imgw.pl"],"url":"https:\/\/cmm.imgw.pl\/?author=3"}]}},"_links":{"self":[{"href":"https:\/\/cmm.imgw.pl\/index.php?rest_route=\/wp\/v2\/posts\/25902"}],"collection":[{"href":"https:\/\/cmm.imgw.pl\/index.php?rest_route=\/wp\/v2\/posts"}],"about":[{"href":"https:\/\/cmm.imgw.pl\/index.php?rest_route=\/wp\/v2\/types\/post"}],"author":[{"embeddable":true,"href":"https:\/\/cmm.imgw.pl\/index.php?rest_route=\/wp\/v2\/users\/3"}],"replies":[{"embeddable":true,"href":"https:\/\/cmm.imgw.pl\/index.php?rest_route=%2Fwp%2Fv2%2Fcomments&post=25902"}],"version-history":[{"count":2,"href":"https:\/\/cmm.imgw.pl\/index.php?rest_route=\/wp\/v2\/posts\/25902\/revisions"}],"predecessor-version":[{"id":25969,"href":"https:\/\/cmm.imgw.pl\/index.php?rest_route=\/wp\/v2\/posts\/25902\/revisions\/25969"}],"wp:attachment":[{"href":"https:\/\/cmm.imgw.pl\/index.php?rest_route=%2Fwp%2Fv2%2Fmedia&parent=25902"}],"wp:term":[{"taxonomy":"category","embeddable":true,"href":"https:\/\/cmm.imgw.pl\/index.php?rest_route=%2Fwp%2Fv2%2Fcategories&post=25902"},{"taxonomy":"post_tag","embeddable":true,"href":"https:\/\/cmm.imgw.pl\/index.php?rest_route=%2Fwp%2Fv2%2Ftags&post=25902"}],"curies":[{"name":"wp","href":"https:\/\/api.w.org\/{rel}","templated":true}]}}