{"id":25690,"date":"2023-03-23T07:47:19","date_gmt":"2023-03-23T06:47:19","guid":{"rendered":"https:\/\/cmm.imgw.pl\/?p=25690"},"modified":"2023-03-24T13:01:31","modified_gmt":"2023-03-24T12:01:31","slug":"ksiezyc-miedzy-wenus-a-jowiszem","status":"publish","type":"post","link":"https:\/\/cmm.imgw.pl\/?p=25690","title":{"rendered":"Ksi\u0119\u017cyc mi\u0119dzy Wenus a Jowiszem"},"content":{"rendered":"\n<p><\/p>\n\n\n\n<p><\/p>\n\n\n<p><em>Opracowanie: dr Marcin Kolonko, CMM IMGW-PIB<\/em><\/p>\n<p>O ile naj\u015bci\u015blejsze z\u0142\u0105czenie Wenus z Jowiszem mia\u0142o miejsce pocz\u0105tkiem marca, to oba te cia\u0142a niebieskie wraz z Ksi\u0119\u017cycem b\u0119d\u0105 widoczne 23 marca na wieczornym niebie. Jowisz ju\u017c zmierza ku S\u0142o\u0144cu i jest coraz ni\u017cej, natomiast blask Wenus ro\u015bnie (i tak pozostanie przez kilka nast\u0119pnych miesi\u0119cy).<\/p>\n<p><img loading=\"lazy\" width=\"900\" height=\"1427\" class=\"wp-image-25691 aligncenter\" src=\"http:\/\/cmm.imgw.pl\/wp-content\/uploads\/2023\/03\/word-image-25690-1.jpeg\" srcset=\"https:\/\/cmm.imgw.pl\/wp-content\/uploads\/2023\/03\/word-image-25690-1.jpeg 900w, https:\/\/cmm.imgw.pl\/wp-content\/uploads\/2023\/03\/word-image-25690-1-189x300.jpeg 189w, https:\/\/cmm.imgw.pl\/wp-content\/uploads\/2023\/03\/word-image-25690-1-646x1024.jpeg 646w, https:\/\/cmm.imgw.pl\/wp-content\/uploads\/2023\/03\/word-image-25690-1-768x1218.jpeg 768w\" sizes=\"(max-width: 900px) 100vw, 900px\" \/> Po\u0142o\u017cenie Jowisza (Jupiter), Wenus i Ksi\u0119\u017cyca w 3 kolejne wieczory marca, na 45 minut po zachodzie Slo\u0144ca. W tle gwiazdozbi\u00f3r Barana (Aries). \u017br\u00f3d\u0142o: Sky and Telescope.<\/p>\n<p>W to towarzystwo wprasza si\u0119 Ksi\u0119\u017cyc po nowiu, kt\u00f3ry minie Jowisza 22 marca wieczorem (w odleg\u0142o\u015bci zaledwie 2 stopni k\u0105towych, zajd\u0105 70 minut po zachodzie S\u0142o\u0144ca) a potem pod\u0105\u017cy kolejnego dnia ku Wenus i osi\u0105gnie z ni\u0105 z\u0142\u0105czenie (w odleg\u0142o\u015bci 6 stopni k\u0105towych) 23 marca, na tle gwiazdozbioru Barana.<\/p>\n<p><img loading=\"lazy\" width=\"800\" height=\"534\" class=\"wp-image-25692 aligncenter\" src=\"http:\/\/cmm.imgw.pl\/wp-content\/uploads\/2023\/03\/obraz-zawierajacy-na-wolnym-powietrzu-niebo-natu-1.jpeg\" alt=\"Obraz zawieraj\u0105cy na wolnym powietrzu, niebo, natura, g\u00f3ra\n\nOpis wygenerowany automatycznie\" srcset=\"https:\/\/cmm.imgw.pl\/wp-content\/uploads\/2023\/03\/obraz-zawierajacy-na-wolnym-powietrzu-niebo-natu-1.jpeg 800w, https:\/\/cmm.imgw.pl\/wp-content\/uploads\/2023\/03\/obraz-zawierajacy-na-wolnym-powietrzu-niebo-natu-1-300x200.jpeg 300w, https:\/\/cmm.imgw.pl\/wp-content\/uploads\/2023\/03\/obraz-zawierajacy-na-wolnym-powietrzu-niebo-natu-1-768x513.jpeg 768w\" sizes=\"(max-width: 800px) 100vw, 800px\" \/> Ksi\u0119\u017cyc (najja\u015bniejsza kropka w \u015brodku kadru), Wenus (po lewej od Ksi\u0119\u017cyca) i Jowisz (poni\u017cej Wenus) na porannym niebie w obiektywie Canona 6D DSLR. Zdj\u0119cie autorstwa Tunc Tezel z miejscowo\u015bci Bursa w Turcji, wykonane 23 sierpnia 2014 r.<\/p>\n<p>Takie z\u0142\u0105czenia s\u0105 wdzi\u0119cznym celem do astrofotografii (przyk\u0142ad z 2014 roku powy\u017cej). Te trzy cia\u0142a stanowi\u0105 najja\u015bniejsz\u0105 regularn\u0105 triad\u0119 na wieczornym (lub porannym, jak na zdj\u0119ciu Tunc Tezel) niebie. T\u0119 kolejno\u015b\u0107 (Ksi\u0119\u017cyc-Wenus-Jowisz) zak\u0142\u00f3ci\u0107 mog\u0105 jedynie zjawiska sporadyczne, jak komety czy wybuchy supernowych.<\/p>\n<p><img loading=\"lazy\" width=\"900\" height=\"604\" class=\"wp-image-25693 aligncenter\" src=\"http:\/\/cmm.imgw.pl\/wp-content\/uploads\/2023\/03\/word-image-25690-3.png\" srcset=\"https:\/\/cmm.imgw.pl\/wp-content\/uploads\/2023\/03\/word-image-25690-3.png 900w, https:\/\/cmm.imgw.pl\/wp-content\/uploads\/2023\/03\/word-image-25690-3-300x201.png 300w, https:\/\/cmm.imgw.pl\/wp-content\/uploads\/2023\/03\/word-image-25690-3-768x515.png 768w\" sizes=\"(max-width: 900px) 100vw, 900px\" \/> Zdj\u0119cie przedstawiaj\u0105ce \u015bredniowieczny petroglif z kanionu Chaco w Nowym Meksyku, z zaznaczon\u0105 pozycj\u0105 gwiazdy supernowej (z 1054 r.) i Ksi\u0119\u017cyca (sierp). Rysunek d\u0142oni prawdopodobnie przedstawia kt\u00f3r\u0105\u015b z konstelacji. \u017br\u00f3d\u0142o: Jim O\u2019Donell.<\/p>\n<p>Jednym z takich zdarze\u0144 by\u0142o powstanie M1 (znanej te\u017c jako mg\u0142awica Krab w Byku). Supernowa rozb\u0142ysn\u0119\u0142a w 1054 roku i przez kilka miesi\u0119cy by\u0142a widoczna jako bardzo jasny obiekt na nocnym niebie. Przez cz\u0119\u015b\u0107 tego okresu by\u0142a widoczna tak\u017ce w dzie\u0144.<\/p>\n<p><img loading=\"lazy\" width=\"800\" height=\"800\" class=\"wp-image-25694 aligncenter\" src=\"http:\/\/cmm.imgw.pl\/wp-content\/uploads\/2023\/03\/obraz-zawierajacy-gwiazda-opis-wygenerowany-autom-1.jpeg\" alt=\"Obraz zawieraj\u0105cy gwiazda\n\nOpis wygenerowany automatycznie\" srcset=\"https:\/\/cmm.imgw.pl\/wp-content\/uploads\/2023\/03\/obraz-zawierajacy-gwiazda-opis-wygenerowany-autom-1.jpeg 800w, https:\/\/cmm.imgw.pl\/wp-content\/uploads\/2023\/03\/obraz-zawierajacy-gwiazda-opis-wygenerowany-autom-1-300x300.jpeg 300w, https:\/\/cmm.imgw.pl\/wp-content\/uploads\/2023\/03\/obraz-zawierajacy-gwiazda-opis-wygenerowany-autom-1-150x150.jpeg 150w, https:\/\/cmm.imgw.pl\/wp-content\/uploads\/2023\/03\/obraz-zawierajacy-gwiazda-opis-wygenerowany-autom-1-768x768.jpeg 768w, https:\/\/cmm.imgw.pl\/wp-content\/uploads\/2023\/03\/obraz-zawierajacy-gwiazda-opis-wygenerowany-autom-1-600x600.jpeg 600w\" sizes=\"(max-width: 800px) 100vw, 800px\" \/> Pozosta\u0142o\u015b\u0107 po supernowej z 1572 roku. Zdj\u0119cie wykonane przez NASA Chandra X-Ray Observatory.<\/p>\n<p>Innym, mniej spekatakularnym przyk\u0142adem, by\u0142o wyst\u0105pienie supernowej w 1572 roku, w Kasjopei. Figuruje te\u017c pod nazw\u0105 supernowej Tychona de Brahe (kt\u00f3ry obserwowa\u0142 j\u0105 przez 16 miesi\u0119cy). Po niej tak\u017ce obserwujemy pozosta\u0142o\u015b\u0107 po supernowej (zwan\u0105 SNR \u2013 Supernova Remnant).<\/p>\n<p><img loading=\"lazy\" width=\"1079\" height=\"863\" class=\"wp-image-25695 aligncenter\" src=\"http:\/\/cmm.imgw.pl\/wp-content\/uploads\/2023\/03\/word-image-25690-5.jpeg\" srcset=\"https:\/\/cmm.imgw.pl\/wp-content\/uploads\/2023\/03\/word-image-25690-5.jpeg 1079w, https:\/\/cmm.imgw.pl\/wp-content\/uploads\/2023\/03\/word-image-25690-5-300x240.jpeg 300w, https:\/\/cmm.imgw.pl\/wp-content\/uploads\/2023\/03\/word-image-25690-5-1024x819.jpeg 1024w, https:\/\/cmm.imgw.pl\/wp-content\/uploads\/2023\/03\/word-image-25690-5-768x614.jpeg 768w\" sizes=\"(max-width: 1079px) 100vw, 1079px\" \/> Przyk\u0142ad supernowej (czerwony obiekt zaznaczony strza\u0142k\u0105) w innej galaktyce w uj\u0119ciu Kosmicznego Teleskopu Hubble\u2019a. \u0179r\u00f3d\u0142o: NASA HST.<\/p>\n<p>Og\u00f3\u0142em podaje si\u0119, \u017ce w czasach nowo\u017cytnych obserwowano 8 supernowych mo\u017cliwych do uchwycenia go\u0142ym okiem (Wikipedia). Obecnie supernowe odkrywa si\u0119 masowo za pomoc\u0105 wyspecjalizowanych w tym instrument\u00f3w optycznych z dedykowanymi algorytmami. Przyk\u0142ad takiej odleg\u0142ej supernowej znajduje si\u0119 na zdj\u0119ciu z Teleskopu Hubble\u2019a.<\/p>\n<p>Inna kategoria jasnych obiekt\u00f3w to komety \u2013 nie s\u0105 ona jednak punktowe, lecz na og\u00f3\u0142 rozci\u0105g\u0142e i ich jasno\u015b\u0107 powierzchniowa jest ni\u017csza ni\u017c jasno\u015b\u0107 gwiazd, nawet je\u015bli s\u0105 blisko Ziemi.<\/p>","protected":false},"excerpt":{"rendered":"<p>O ile naj\u015bci\u015blejsze z\u0142\u0105czenie Wenus z Jowiszem mia\u0142o miejsce pocz\u0105tkiem marca, to oba te cia\u0142a niebieskie wraz z Ksi\u0119\u017cycem b\u0119d\u0105 widoczne 23 marca na wieczornym niebie. Jowisz ju\u017c zmierza ku S\u0142o\u0144cu i jest coraz ni\u017cej, natomiast blask Wenus ro\u015bnie (i tak pozostanie przez kilka nast\u0119pnych miesi\u0119cy).<\/p>\n","protected":false},"author":3,"featured_media":0,"comment_status":"closed","ping_status":"open","sticky":false,"template":"","format":"standard","meta":{"ocean_post_layout":"","ocean_both_sidebars_style":"","ocean_both_sidebars_content_width":0,"ocean_both_sidebars_sidebars_width":0,"ocean_sidebar":"0","ocean_second_sidebar":"0","ocean_disable_margins":"enable","ocean_add_body_class":"","ocean_shortcode_before_top_bar":"","ocean_shortcode_after_top_bar":"","ocean_shortcode_before_header":"","ocean_shortcode_after_header":"","ocean_has_shortcode":"","ocean_shortcode_after_title":"","ocean_shortcode_before_footer_widgets":"","ocean_shortcode_after_footer_widgets":"","ocean_shortcode_before_footer_bottom":"","ocean_shortcode_after_footer_bottom":"","ocean_display_top_bar":"default","ocean_display_header":"default","ocean_header_style":"","ocean_center_header_left_menu":"0","ocean_custom_header_template":"0","ocean_custom_logo":0,"ocean_custom_retina_logo":0,"ocean_custom_logo_max_width":0,"ocean_custom_logo_tablet_max_width":0,"ocean_custom_logo_mobile_max_width":0,"ocean_custom_logo_max_height":0,"ocean_custom_logo_tablet_max_height":0,"ocean_custom_logo_mobile_max_height":0,"ocean_header_custom_menu":"0","ocean_menu_typo_font_family":"0","ocean_menu_typo_font_subset":"","ocean_menu_typo_font_size":0,"ocean_menu_typo_font_size_tablet":0,"ocean_menu_typo_font_size_mobile":0,"ocean_menu_typo_font_size_unit":"px","ocean_menu_typo_font_weight":"","ocean_menu_typo_font_weight_tablet":"","ocean_menu_typo_font_weight_mobile":"","ocean_menu_typo_transform":"","ocean_menu_typo_transform_tablet":"","ocean_menu_typo_transform_mobile":"","ocean_menu_typo_line_height":0,"ocean_menu_typo_line_height_tablet":0,"ocean_menu_typo_line_height_mobile":0,"ocean_menu_typo_line_height_unit":"","ocean_menu_typo_spacing":0,"ocean_menu_typo_spacing_tablet":0,"ocean_menu_typo_spacing_mobile":0,"ocean_menu_typo_spacing_unit":"","ocean_menu_link_color":"","ocean_menu_link_color_hover":"","ocean_menu_link_color_active":"","ocean_menu_link_background":"","ocean_menu_link_hover_background":"","ocean_menu_link_active_background":"","ocean_menu_social_links_bg":"","ocean_menu_social_hover_links_bg":"","ocean_menu_social_links_color":"","ocean_menu_social_hover_links_color":"","ocean_disable_title":"default","ocean_disable_heading":"default","ocean_post_title":"","ocean_post_subheading":"","ocean_post_title_style":"","ocean_post_title_background_color":"","ocean_post_title_background":0,"ocean_post_title_bg_image_position":"","ocean_post_title_bg_image_attachment":"","ocean_post_title_bg_image_repeat":"","ocean_post_title_bg_image_size":"","ocean_post_title_height":0,"ocean_post_title_bg_overlay":0.5,"ocean_post_title_bg_overlay_color":"","ocean_disable_breadcrumbs":"default","ocean_breadcrumbs_color":"","ocean_breadcrumbs_separator_color":"","ocean_breadcrumbs_links_color":"","ocean_breadcrumbs_links_hover_color":"","ocean_display_footer_widgets":"default","ocean_display_footer_bottom":"default","ocean_custom_footer_template":"0","ocean_post_oembed":"","ocean_post_self_hosted_media":"","ocean_post_video_embed":"","ocean_link_format":"","ocean_link_format_target":"self","ocean_quote_format":"","ocean_quote_format_link":"post","ocean_gallery_link_images":"off","ocean_gallery_id":[]},"categories":[100],"tags":[111,113,105,68,110,85,103,109,108,92,120,116,119,122,106,112,121,71,107,117,118,115,114,83,123,104],"yoast_head":"<!-- This site is optimized with the Yoast SEO plugin v19.5.1 - https:\/\/yoast.com\/wordpress\/plugins\/seo\/ -->\n<title>Ksi\u0119\u017cyc mi\u0119dzy Wenus a Jowiszem - Laboratorium Modelowania Meteorologicznego CMOK IMGW-PIB<\/title>\n<meta name=\"description\" content=\"O ile naj\u015bci\u015blejsze z\u0142\u0105czenie Wenus z Jowiszem mia\u0142o miejsce pocz\u0105tkiem marca, to oba te cia\u0142a niebieskie wraz z Ksi\u0119\u017cycem b\u0119d\u0105 widoczne 23 marca na wieczornym niebie. Jowisz ju\u017c zmierza ku S\u0142o\u0144cu i jest coraz ni\u017cej, natomiast blask Wenus ro\u015bnie (i tak pozostanie przez kilka nast\u0119pnych miesi\u0119cy).\" \/>\n<meta name=\"robots\" content=\"index, follow, max-snippet:-1, max-image-preview:large, max-video-preview:-1\" \/>\n<link rel=\"canonical\" href=\"https:\/\/cmm.imgw.pl\/?p=25690\" \/>\n<meta property=\"og:locale\" content=\"pl_PL\" \/>\n<meta property=\"og:type\" content=\"article\" \/>\n<meta property=\"og:title\" content=\"Ksi\u0119\u017cyc mi\u0119dzy Wenus a Jowiszem\" \/>\n<meta property=\"og:description\" content=\"O ile naj\u015bci\u015blejsze z\u0142\u0105czenie Wenus z Jowiszem mia\u0142o miejsce pocz\u0105tkiem marca, to oba te cia\u0142a niebieskie wraz z Ksi\u0119\u017cycem b\u0119d\u0105 widoczne 23 marca na wieczornym niebie. Jowisz ju\u017c zmierza ku S\u0142o\u0144cu i jest coraz ni\u017cej, natomiast blask Wenus ro\u015bnie (i tak pozostanie przez kilka nast\u0119pnych miesi\u0119cy).\" \/>\n<meta property=\"og:url\" content=\"https:\/\/cmm.imgw.pl\/?p=25690\" \/>\n<meta property=\"og:site_name\" content=\"Laboratorium Modelowania Meteorologicznego CMOK IMGW-PIB\" \/>\n<meta property=\"article:publisher\" content=\"https:\/\/www.facebook.com\/Meteoimgw\/\" \/>\n<meta property=\"article:published_time\" content=\"2023-03-23T06:47:19+00:00\" \/>\n<meta property=\"article:modified_time\" content=\"2023-03-24T12:01:31+00:00\" \/>\n<meta property=\"og:image\" content=\"http:\/\/cmm.imgw.pl\/wp-content\/uploads\/2023\/03\/obraz-zawierajacy-gwiazda-opis-wygenerowany-autom-1.jpeg\" \/>\n\t<meta property=\"og:image:width\" content=\"800\" \/>\n\t<meta property=\"og:image:height\" content=\"800\" \/>\n\t<meta property=\"og:image:type\" content=\"image\/jpeg\" \/>\n<meta name=\"author\" content=\"CMM\" \/>\n<meta name=\"twitter:card\" content=\"summary_large_image\" \/>\n<meta name=\"twitter:title\" content=\"Ksi\u0119\u017cyc mi\u0119dzy Wenus a Jowiszem\" \/>\n<meta name=\"twitter:description\" content=\"O ile naj\u015bci\u015blejsze z\u0142\u0105czenie Wenus z Jowiszem mia\u0142o miejsce pocz\u0105tkiem marca, to oba te cia\u0142a niebieskie wraz z Ksi\u0119\u017cycem b\u0119d\u0105 widoczne 23 marca na wieczornym niebie. Jowisz ju\u017c zmierza ku S\u0142o\u0144cu i jest coraz ni\u017cej, natomiast blask Wenus ro\u015bnie (i tak pozostanie przez kilka nast\u0119pnych miesi\u0119cy).\" \/>\n<meta name=\"twitter:image\" content=\"https:\/\/cmm.imgw.pl\/wp-content\/uploads\/2023\/03\/obraz-zawierajacy-gwiazda-opis-wygenerowany-autom-1.jpeg\" \/>\n<meta name=\"twitter:creator\" content=\"@IMGW_CMM\" \/>\n<meta name=\"twitter:site\" content=\"@IMGW_CMM\" \/>\n<meta name=\"twitter:label1\" content=\"Napisane przez\" \/>\n\t<meta name=\"twitter:data1\" content=\"CMM\" \/>\n\t<meta name=\"twitter:label2\" content=\"Szacowany czas czytania\" \/>\n\t<meta name=\"twitter:data2\" content=\"2 minuty\" \/>\n<script type=\"application\/ld+json\" class=\"yoast-schema-graph\">{\"@context\":\"https:\/\/schema.org\",\"@graph\":[{\"@type\":\"Article\",\"@id\":\"https:\/\/cmm.imgw.pl\/?p=25690#article\",\"isPartOf\":{\"@id\":\"https:\/\/cmm.imgw.pl\/?p=25690\"},\"author\":{\"name\":\"CMM\",\"@id\":\"https:\/\/cmm.imgw.pl\/#\/schema\/person\/a24a37fe434fe76b0f5791e6bd3fdb46\"},\"headline\":\"Ksi\u0119\u017cyc mi\u0119dzy Wenus a Jowiszem\",\"datePublished\":\"2023-03-23T06:47:19+00:00\",\"dateModified\":\"2023-03-24T12:01:31+00:00\",\"mainEntityOfPage\":{\"@id\":\"https:\/\/cmm.imgw.pl\/?p=25690\"},\"wordCount\":500,\"publisher\":{\"@id\":\"https:\/\/cmm.imgw.pl\/#organization\"},\"keywords\":[\"Aries\",\"Baran\",\"cia\u0142a\",\"cmm\",\"gwiazdozbi\u00f3r\",\"imgw\",\"jowisz\",\"jupiter\",\"kosmiczna\",\"kosmos\",\"KrabByk\",\"Meksyk\",\"mg\u0142awica\",\"NASA\",\"niebieskie\",\"now\",\"obiekt\",\"pogoda\",\"s\u0142o\u0144ce\",\"Supernova\",\"Supernowa\",\"triada\",\"Turcja\",\"wenus\",\"X-Ray\",\"z\u0142\u0105czenie\"],\"articleSection\":[\"Kosmos\"],\"inLanguage\":\"pl-PL\"},{\"@type\":\"WebPage\",\"@id\":\"https:\/\/cmm.imgw.pl\/?p=25690\",\"url\":\"https:\/\/cmm.imgw.pl\/?p=25690\",\"name\":\"Ksi\u0119\u017cyc mi\u0119dzy Wenus a Jowiszem - Laboratorium Modelowania Meteorologicznego CMOK IMGW-PIB\",\"isPartOf\":{\"@id\":\"https:\/\/cmm.imgw.pl\/#website\"},\"datePublished\":\"2023-03-23T06:47:19+00:00\",\"dateModified\":\"2023-03-24T12:01:31+00:00\",\"description\":\"O ile naj\u015bci\u015blejsze z\u0142\u0105czenie Wenus z Jowiszem mia\u0142o miejsce pocz\u0105tkiem marca, to oba te cia\u0142a niebieskie wraz z Ksi\u0119\u017cycem b\u0119d\u0105 widoczne 23 marca na wieczornym niebie. Jowisz ju\u017c zmierza ku S\u0142o\u0144cu i jest coraz ni\u017cej, natomiast blask Wenus ro\u015bnie (i tak pozostanie przez kilka nast\u0119pnych miesi\u0119cy).\",\"breadcrumb\":{\"@id\":\"https:\/\/cmm.imgw.pl\/?p=25690#breadcrumb\"},\"inLanguage\":\"pl-PL\",\"potentialAction\":[{\"@type\":\"ReadAction\",\"target\":[\"https:\/\/cmm.imgw.pl\/?p=25690\"]}]},{\"@type\":\"BreadcrumbList\",\"@id\":\"https:\/\/cmm.imgw.pl\/?p=25690#breadcrumb\",\"itemListElement\":[{\"@type\":\"ListItem\",\"position\":1,\"name\":\"Home\",\"item\":\"https:\/\/cmm.imgw.pl\/\"},{\"@type\":\"ListItem\",\"position\":2,\"name\":\"Ksi\u0119\u017cyc mi\u0119dzy Wenus a Jowiszem\"}]},{\"@type\":\"WebSite\",\"@id\":\"https:\/\/cmm.imgw.pl\/#website\",\"url\":\"https:\/\/cmm.imgw.pl\/\",\"name\":\"Laboratorium Modelowania Meteorologicznego CMOK IMGW-PIB\",\"description\":\"CMOK-LMM Laboratorium pe\u0142ni pa\u0144stwow\u0105 s\u0142u\u017cb\u0119 hydrologiczno-meteorologiczn\u0105 w zakresie numerycznych prognoz pogody, kt\u00f3rego zadaniem jest konsolidacja kompetencji w obszarze modelowania zjawisk pogodowych oraz dalszego rozwoju numerycznych modeli pogody (NMP).\",\"publisher\":{\"@id\":\"https:\/\/cmm.imgw.pl\/#organization\"},\"potentialAction\":[{\"@type\":\"SearchAction\",\"target\":{\"@type\":\"EntryPoint\",\"urlTemplate\":\"https:\/\/cmm.imgw.pl\/?s={search_term_string}\"},\"query-input\":\"required name=search_term_string\"}],\"inLanguage\":\"pl-PL\"},{\"@type\":\"Organization\",\"@id\":\"https:\/\/cmm.imgw.pl\/#organization\",\"name\":\"Laboratorium Modelowania Meteorologicznego CMOK IMGW-PIB\",\"url\":\"https:\/\/cmm.imgw.pl\/\",\"sameAs\":[\"https:\/\/www.facebook.com\/Meteoimgw\/\",\"https:\/\/twitter.com\/IMGW_CMM\"],\"logo\":{\"@type\":\"ImageObject\",\"inLanguage\":\"pl-PL\",\"@id\":\"https:\/\/cmm.imgw.pl\/#\/schema\/logo\/image\/\",\"url\":\"https:\/\/cmm.imgw.pl\/wp-content\/uploads\/2025\/10\/MODELE_LOGO_UNIFIKACJA_v2.png\",\"contentUrl\":\"https:\/\/cmm.imgw.pl\/wp-content\/uploads\/2025\/10\/MODELE_LOGO_UNIFIKACJA_v2.png\",\"width\":1356,\"height\":365,\"caption\":\"Laboratorium Modelowania Meteorologicznego CMOK IMGW-PIB\"},\"image\":{\"@id\":\"https:\/\/cmm.imgw.pl\/#\/schema\/logo\/image\/\"}},{\"@type\":\"Person\",\"@id\":\"https:\/\/cmm.imgw.pl\/#\/schema\/person\/a24a37fe434fe76b0f5791e6bd3fdb46\",\"name\":\"CMM\",\"image\":{\"@type\":\"ImageObject\",\"inLanguage\":\"pl-PL\",\"@id\":\"https:\/\/cmm.imgw.pl\/#\/schema\/person\/image\/\",\"url\":\"https:\/\/secure.gravatar.com\/avatar\/9248ea2273711f1cd09d6bd45867dbfb?s=96&d=blank&r=g\",\"contentUrl\":\"https:\/\/secure.gravatar.com\/avatar\/9248ea2273711f1cd09d6bd45867dbfb?s=96&d=blank&r=g\",\"caption\":\"CMM\"},\"sameAs\":[\"http:\/\/cmm.imgw.pl\"],\"url\":\"https:\/\/cmm.imgw.pl\/?author=3\"}]}<\/script>\n<!-- \/ Yoast SEO plugin. -->","yoast_head_json":{"title":"Ksi\u0119\u017cyc mi\u0119dzy Wenus a Jowiszem - Laboratorium Modelowania Meteorologicznego CMOK IMGW-PIB","description":"O ile naj\u015bci\u015blejsze z\u0142\u0105czenie Wenus z Jowiszem mia\u0142o miejsce pocz\u0105tkiem marca, to oba te cia\u0142a niebieskie wraz z Ksi\u0119\u017cycem b\u0119d\u0105 widoczne 23 marca na wieczornym niebie. Jowisz ju\u017c zmierza ku S\u0142o\u0144cu i jest coraz ni\u017cej, natomiast blask Wenus ro\u015bnie (i tak pozostanie przez kilka nast\u0119pnych miesi\u0119cy).","robots":{"index":"index","follow":"follow","max-snippet":"max-snippet:-1","max-image-preview":"max-image-preview:large","max-video-preview":"max-video-preview:-1"},"canonical":"https:\/\/cmm.imgw.pl\/?p=25690","og_locale":"pl_PL","og_type":"article","og_title":"Ksi\u0119\u017cyc mi\u0119dzy Wenus a Jowiszem","og_description":"O ile naj\u015bci\u015blejsze z\u0142\u0105czenie Wenus z Jowiszem mia\u0142o miejsce pocz\u0105tkiem marca, to oba te cia\u0142a niebieskie wraz z Ksi\u0119\u017cycem b\u0119d\u0105 widoczne 23 marca na wieczornym niebie. Jowisz ju\u017c zmierza ku S\u0142o\u0144cu i jest coraz ni\u017cej, natomiast blask Wenus ro\u015bnie (i tak pozostanie przez kilka nast\u0119pnych miesi\u0119cy).","og_url":"https:\/\/cmm.imgw.pl\/?p=25690","og_site_name":"Laboratorium Modelowania Meteorologicznego CMOK IMGW-PIB","article_publisher":"https:\/\/www.facebook.com\/Meteoimgw\/","article_published_time":"2023-03-23T06:47:19+00:00","article_modified_time":"2023-03-24T12:01:31+00:00","og_image":[{"width":800,"height":800,"url":"http:\/\/cmm.imgw.pl\/wp-content\/uploads\/2023\/03\/obraz-zawierajacy-gwiazda-opis-wygenerowany-autom-1.jpeg","type":"image\/jpeg"}],"author":"CMM","twitter_card":"summary_large_image","twitter_title":"Ksi\u0119\u017cyc mi\u0119dzy Wenus a Jowiszem","twitter_description":"O ile naj\u015bci\u015blejsze z\u0142\u0105czenie Wenus z Jowiszem mia\u0142o miejsce pocz\u0105tkiem marca, to oba te cia\u0142a niebieskie wraz z Ksi\u0119\u017cycem b\u0119d\u0105 widoczne 23 marca na wieczornym niebie. Jowisz ju\u017c zmierza ku S\u0142o\u0144cu i jest coraz ni\u017cej, natomiast blask Wenus ro\u015bnie (i tak pozostanie przez kilka nast\u0119pnych miesi\u0119cy).","twitter_image":"https:\/\/cmm.imgw.pl\/wp-content\/uploads\/2023\/03\/obraz-zawierajacy-gwiazda-opis-wygenerowany-autom-1.jpeg","twitter_creator":"@IMGW_CMM","twitter_site":"@IMGW_CMM","twitter_misc":{"Napisane przez":"CMM","Szacowany czas czytania":"2 minuty"},"schema":{"@context":"https:\/\/schema.org","@graph":[{"@type":"Article","@id":"https:\/\/cmm.imgw.pl\/?p=25690#article","isPartOf":{"@id":"https:\/\/cmm.imgw.pl\/?p=25690"},"author":{"name":"CMM","@id":"https:\/\/cmm.imgw.pl\/#\/schema\/person\/a24a37fe434fe76b0f5791e6bd3fdb46"},"headline":"Ksi\u0119\u017cyc mi\u0119dzy Wenus a Jowiszem","datePublished":"2023-03-23T06:47:19+00:00","dateModified":"2023-03-24T12:01:31+00:00","mainEntityOfPage":{"@id":"https:\/\/cmm.imgw.pl\/?p=25690"},"wordCount":500,"publisher":{"@id":"https:\/\/cmm.imgw.pl\/#organization"},"keywords":["Aries","Baran","cia\u0142a","cmm","gwiazdozbi\u00f3r","imgw","jowisz","jupiter","kosmiczna","kosmos","KrabByk","Meksyk","mg\u0142awica","NASA","niebieskie","now","obiekt","pogoda","s\u0142o\u0144ce","Supernova","Supernowa","triada","Turcja","wenus","X-Ray","z\u0142\u0105czenie"],"articleSection":["Kosmos"],"inLanguage":"pl-PL"},{"@type":"WebPage","@id":"https:\/\/cmm.imgw.pl\/?p=25690","url":"https:\/\/cmm.imgw.pl\/?p=25690","name":"Ksi\u0119\u017cyc mi\u0119dzy Wenus a Jowiszem - Laboratorium Modelowania Meteorologicznego CMOK IMGW-PIB","isPartOf":{"@id":"https:\/\/cmm.imgw.pl\/#website"},"datePublished":"2023-03-23T06:47:19+00:00","dateModified":"2023-03-24T12:01:31+00:00","description":"O ile naj\u015bci\u015blejsze z\u0142\u0105czenie Wenus z Jowiszem mia\u0142o miejsce pocz\u0105tkiem marca, to oba te cia\u0142a niebieskie wraz z Ksi\u0119\u017cycem b\u0119d\u0105 widoczne 23 marca na wieczornym niebie. Jowisz ju\u017c zmierza ku S\u0142o\u0144cu i jest coraz ni\u017cej, natomiast blask Wenus ro\u015bnie (i tak pozostanie przez kilka nast\u0119pnych miesi\u0119cy).","breadcrumb":{"@id":"https:\/\/cmm.imgw.pl\/?p=25690#breadcrumb"},"inLanguage":"pl-PL","potentialAction":[{"@type":"ReadAction","target":["https:\/\/cmm.imgw.pl\/?p=25690"]}]},{"@type":"BreadcrumbList","@id":"https:\/\/cmm.imgw.pl\/?p=25690#breadcrumb","itemListElement":[{"@type":"ListItem","position":1,"name":"Home","item":"https:\/\/cmm.imgw.pl\/"},{"@type":"ListItem","position":2,"name":"Ksi\u0119\u017cyc mi\u0119dzy Wenus a Jowiszem"}]},{"@type":"WebSite","@id":"https:\/\/cmm.imgw.pl\/#website","url":"https:\/\/cmm.imgw.pl\/","name":"Laboratorium Modelowania Meteorologicznego CMOK IMGW-PIB","description":"CMOK-LMM Laboratorium pe\u0142ni pa\u0144stwow\u0105 s\u0142u\u017cb\u0119 hydrologiczno-meteorologiczn\u0105 w zakresie numerycznych prognoz pogody, kt\u00f3rego zadaniem jest konsolidacja kompetencji w obszarze modelowania zjawisk pogodowych oraz dalszego rozwoju numerycznych modeli pogody (NMP).","publisher":{"@id":"https:\/\/cmm.imgw.pl\/#organization"},"potentialAction":[{"@type":"SearchAction","target":{"@type":"EntryPoint","urlTemplate":"https:\/\/cmm.imgw.pl\/?s={search_term_string}"},"query-input":"required name=search_term_string"}],"inLanguage":"pl-PL"},{"@type":"Organization","@id":"https:\/\/cmm.imgw.pl\/#organization","name":"Laboratorium Modelowania Meteorologicznego CMOK IMGW-PIB","url":"https:\/\/cmm.imgw.pl\/","sameAs":["https:\/\/www.facebook.com\/Meteoimgw\/","https:\/\/twitter.com\/IMGW_CMM"],"logo":{"@type":"ImageObject","inLanguage":"pl-PL","@id":"https:\/\/cmm.imgw.pl\/#\/schema\/logo\/image\/","url":"https:\/\/cmm.imgw.pl\/wp-content\/uploads\/2025\/10\/MODELE_LOGO_UNIFIKACJA_v2.png","contentUrl":"https:\/\/cmm.imgw.pl\/wp-content\/uploads\/2025\/10\/MODELE_LOGO_UNIFIKACJA_v2.png","width":1356,"height":365,"caption":"Laboratorium Modelowania Meteorologicznego CMOK IMGW-PIB"},"image":{"@id":"https:\/\/cmm.imgw.pl\/#\/schema\/logo\/image\/"}},{"@type":"Person","@id":"https:\/\/cmm.imgw.pl\/#\/schema\/person\/a24a37fe434fe76b0f5791e6bd3fdb46","name":"CMM","image":{"@type":"ImageObject","inLanguage":"pl-PL","@id":"https:\/\/cmm.imgw.pl\/#\/schema\/person\/image\/","url":"https:\/\/secure.gravatar.com\/avatar\/9248ea2273711f1cd09d6bd45867dbfb?s=96&d=blank&r=g","contentUrl":"https:\/\/secure.gravatar.com\/avatar\/9248ea2273711f1cd09d6bd45867dbfb?s=96&d=blank&r=g","caption":"CMM"},"sameAs":["http:\/\/cmm.imgw.pl"],"url":"https:\/\/cmm.imgw.pl\/?author=3"}]}},"_links":{"self":[{"href":"https:\/\/cmm.imgw.pl\/index.php?rest_route=\/wp\/v2\/posts\/25690"}],"collection":[{"href":"https:\/\/cmm.imgw.pl\/index.php?rest_route=\/wp\/v2\/posts"}],"about":[{"href":"https:\/\/cmm.imgw.pl\/index.php?rest_route=\/wp\/v2\/types\/post"}],"author":[{"embeddable":true,"href":"https:\/\/cmm.imgw.pl\/index.php?rest_route=\/wp\/v2\/users\/3"}],"replies":[{"embeddable":true,"href":"https:\/\/cmm.imgw.pl\/index.php?rest_route=%2Fwp%2Fv2%2Fcomments&post=25690"}],"version-history":[{"count":4,"href":"https:\/\/cmm.imgw.pl\/index.php?rest_route=\/wp\/v2\/posts\/25690\/revisions"}],"predecessor-version":[{"id":25718,"href":"https:\/\/cmm.imgw.pl\/index.php?rest_route=\/wp\/v2\/posts\/25690\/revisions\/25718"}],"wp:attachment":[{"href":"https:\/\/cmm.imgw.pl\/index.php?rest_route=%2Fwp%2Fv2%2Fmedia&parent=25690"}],"wp:term":[{"taxonomy":"category","embeddable":true,"href":"https:\/\/cmm.imgw.pl\/index.php?rest_route=%2Fwp%2Fv2%2Fcategories&post=25690"},{"taxonomy":"post_tag","embeddable":true,"href":"https:\/\/cmm.imgw.pl\/index.php?rest_route=%2Fwp%2Fv2%2Ftags&post=25690"}],"curies":[{"name":"wp","href":"https:\/\/api.w.org\/{rel}","templated":true}]}}