{"id":25481,"date":"2023-03-17T17:29:21","date_gmt":"2023-03-17T16:29:21","guid":{"rendered":"https:\/\/cmm.imgw.pl\/?p=25481"},"modified":"2023-03-17T17:45:56","modified_gmt":"2023-03-17T16:45:56","slug":"komentarz-do-numerycznych-prognoz-pogody-17-18-03-2023","status":"publish","type":"post","link":"https:\/\/cmm.imgw.pl\/?p=25481","title":{"rendered":"Komentarz do numerycznych prognoz pogody (17\/18.03.2023)"},"content":{"rendered":"\n<figure class=\"wp-block-image size-large\"><img loading=\"lazy\" width=\"1024\" height=\"576\" src=\"https:\/\/cmm.imgw.pl\/wp-content\/uploads\/2023\/03\/komentarz4-1-1024x576.png\" alt=\"\" class=\"wp-image-23617\" srcset=\"https:\/\/cmm.imgw.pl\/wp-content\/uploads\/2023\/03\/komentarz4-1-1024x576.png 1024w, https:\/\/cmm.imgw.pl\/wp-content\/uploads\/2023\/03\/komentarz4-1-300x169.png 300w, https:\/\/cmm.imgw.pl\/wp-content\/uploads\/2023\/03\/komentarz4-1-768x432.png 768w, https:\/\/cmm.imgw.pl\/wp-content\/uploads\/2023\/03\/komentarz4-1-800x450.png 800w, https:\/\/cmm.imgw.pl\/wp-content\/uploads\/2023\/03\/komentarz4-1.png 1280w\" sizes=\"(max-width: 1024px) 100vw, 1024px\" \/><\/figure>\n\n\n\n<p><em>Tre\u015b\u0107 komentarza do numerycznych prognoz meteorologicznych stanowi niezale\u017cne od biura prognoz meteorologicznych opracowanie wykonane w Centrum Modelowania Meteorologicznego i nie stanowi oficjalnej prognozy synoptycznej IMGW-PIB.<\/em><\/p>\n\n\n\n<p><strong>Opracowanie:<\/strong><\/p>\n\n\n\n<p><strong>dr&nbsp;Grzegorz&nbsp;Duniec, <a href=\"https:\/\/cmm.imgw.pl\/\" target=\"_blank\" rel=\"noreferrer noopener\"><mark style=\"background-color:rgba(0, 0, 0, 0)\" class=\"has-inline-color has-vivid-cyan-blue-color\">Centrum Modelowania Meteorologicznego IMGW-PIB<\/mark><\/a><\/strong><\/p>\n\n\n<p><strong>Dzie\u0144 17 III oraz noc 17\/18 III 2023 r.<\/strong><\/p>\n<p><strong>Opis aktualnej sytuacji synoptycznej w Europie<\/strong><\/p>\n<p><img loading=\"lazy\" width=\"1385\" height=\"983\" class=\"wp-image-25483 aligncenter\" src=\"http:\/\/cmm.imgw.pl\/wp-content\/uploads\/2023\/03\/word-image-25481-1.png\" srcset=\"https:\/\/cmm.imgw.pl\/wp-content\/uploads\/2023\/03\/word-image-25481-1.png 1385w, https:\/\/cmm.imgw.pl\/wp-content\/uploads\/2023\/03\/word-image-25481-1-300x213.png 300w, https:\/\/cmm.imgw.pl\/wp-content\/uploads\/2023\/03\/word-image-25481-1-1024x727.png 1024w, https:\/\/cmm.imgw.pl\/wp-content\/uploads\/2023\/03\/word-image-25481-1-768x545.png 768w\" sizes=\"(max-width: 1385px) 100vw, 1385px\" \/><\/p>\n<p>Nad Europ\u0105 \u015brodkowo-wschodni\u0105 rozci\u0105ga si\u0119 uk\u0142ad wysokiego ci\u015bnienia, kt\u00f3ry klinem si\u0119ga po Skandynawi\u0119 oraz do po\u0142udniowej Europy. Ni\u017c znam Morza Karskiego przemie\u015bci\u0142 si\u0119 na wsch\u00f3d i jego o\u015brodek jest poza zasi\u0119giem mapy. Na froncie z nim zwi\u0105zanym dosz\u0142o do cyklogonezy. W stadium fali strefa frontowa zdeformowa\u0142a si\u0119 falowo. W przedniej cz\u0119\u015bci zaburzenia front przyj\u0105\u0142 charakter frontu ciep\u0142ego. W tylnej cz\u0119\u015bci zaburzenia front przyj\u0105\u0142 charakter frontu ch\u0142odnego. Na zach\u00f3d od Irlandii zalega centrum 985 hPa ni\u017cu, kt\u00f3ry powoli wype\u0142nia si\u0119. W punkcie okluzji, w rejonie Morza P\u00f3\u0142nocnego, w godzinach po po\u0142udniowych dnia wczorajszego, dosz\u0142o do rozwoju nowego cyklonu. G\u0142\u0119boko\u015b\u0107 wiru nie zmieni\u0142a si\u0119. Nad Morzem \u015ar\u00f3dziemnym zalegaj\u0105 dwa p\u0142ytkie ni\u017ce. Nad Atlantykiem rozbudowa\u0142 si\u0119 wy\u017c z o\u015brodkiem 1020 hPa. Na p\u00f3\u0142nocny zach\u00f3d od niego zalega kolejny uk\u0142ad niskiego ci\u015bnienia, kt\u00f3ry jest w stadium okludowania. Na froncie ch\u0142odnym tego ni\u017cu dosz\u0142o do utworzenia kolejnego ni\u017cu. W rejonie Wysp Nied\u017awiedzia zalega uk\u0142ad wysokiego ci\u015bnienia.<\/p>\n<p><strong>Analiza g\u00f3rnego pola ci\u015bnienia<\/strong><\/p>\n<p><img loading=\"lazy\" width=\"557\" height=\"501\" class=\"wp-image-25484 aligncenter\" src=\"http:\/\/cmm.imgw.pl\/wp-content\/uploads\/2023\/03\/word-image-25481-2.png\" srcset=\"https:\/\/cmm.imgw.pl\/wp-content\/uploads\/2023\/03\/word-image-25481-2.png 557w, https:\/\/cmm.imgw.pl\/wp-content\/uploads\/2023\/03\/word-image-25481-2-300x270.png 300w\" sizes=\"(max-width: 557px) 100vw, 557px\" \/> <img loading=\"lazy\" width=\"558\" height=\"344\" class=\"wp-image-25485 aligncenter\" src=\"http:\/\/cmm.imgw.pl\/wp-content\/uploads\/2023\/03\/word-image-25481-3.png\" srcset=\"https:\/\/cmm.imgw.pl\/wp-content\/uploads\/2023\/03\/word-image-25481-3.png 558w, https:\/\/cmm.imgw.pl\/wp-content\/uploads\/2023\/03\/word-image-25481-3-300x185.png 300w\" sizes=\"(max-width: 558px) 100vw, 558px\" \/><\/p>\n<p><img loading=\"lazy\" width=\"566\" height=\"500\" class=\"wp-image-25486 aligncenter\" src=\"http:\/\/cmm.imgw.pl\/wp-content\/uploads\/2023\/03\/word-image-25481-4.png\" srcset=\"https:\/\/cmm.imgw.pl\/wp-content\/uploads\/2023\/03\/word-image-25481-4.png 566w, https:\/\/cmm.imgw.pl\/wp-content\/uploads\/2023\/03\/word-image-25481-4-300x265.png 300w\" sizes=\"(max-width: 566px) 100vw, 566px\" \/> <img loading=\"lazy\" width=\"719\" height=\"456\" class=\"wp-image-25487 aligncenter\" src=\"http:\/\/cmm.imgw.pl\/wp-content\/uploads\/2023\/03\/word-image-25481-5.png\" srcset=\"https:\/\/cmm.imgw.pl\/wp-content\/uploads\/2023\/03\/word-image-25481-5.png 719w, https:\/\/cmm.imgw.pl\/wp-content\/uploads\/2023\/03\/word-image-25481-5-300x190.png 300w\" sizes=\"(max-width: 719px) 100vw, 719px\" \/><\/p>\n<p><img loading=\"lazy\" width=\"556\" height=\"496\" class=\"wp-image-25488 aligncenter\" src=\"http:\/\/cmm.imgw.pl\/wp-content\/uploads\/2023\/03\/word-image-25481-6.png\" srcset=\"https:\/\/cmm.imgw.pl\/wp-content\/uploads\/2023\/03\/word-image-25481-6.png 556w, https:\/\/cmm.imgw.pl\/wp-content\/uploads\/2023\/03\/word-image-25481-6-300x268.png 300w\" sizes=\"(max-width: 556px) 100vw, 556px\" \/> <img loading=\"lazy\" width=\"670\" height=\"415\" class=\"wp-image-25489 aligncenter\" src=\"http:\/\/cmm.imgw.pl\/wp-content\/uploads\/2023\/03\/word-image-25481-7.png\" srcset=\"https:\/\/cmm.imgw.pl\/wp-content\/uploads\/2023\/03\/word-image-25481-7.png 670w, https:\/\/cmm.imgw.pl\/wp-content\/uploads\/2023\/03\/word-image-25481-7-300x186.png 300w\" sizes=\"(max-width: 670px) 100vw, 670px\" \/> <img loading=\"lazy\" width=\"651\" height=\"421\" class=\"wp-image-25490 aligncenter\" src=\"http:\/\/cmm.imgw.pl\/wp-content\/uploads\/2023\/03\/word-image-25481-8.png\" srcset=\"https:\/\/cmm.imgw.pl\/wp-content\/uploads\/2023\/03\/word-image-25481-8.png 651w, https:\/\/cmm.imgw.pl\/wp-content\/uploads\/2023\/03\/word-image-25481-8-300x194.png 300w\" sizes=\"(max-width: 651px) 100vw, 651px\" \/><\/p>\n<p><img loading=\"lazy\" width=\"555\" height=\"502\" class=\"wp-image-25491 aligncenter\" src=\"http:\/\/cmm.imgw.pl\/wp-content\/uploads\/2023\/03\/word-image-25481-9.png\" srcset=\"https:\/\/cmm.imgw.pl\/wp-content\/uploads\/2023\/03\/word-image-25481-9.png 555w, https:\/\/cmm.imgw.pl\/wp-content\/uploads\/2023\/03\/word-image-25481-9-300x271.png 300w\" sizes=\"(max-width: 555px) 100vw, 555px\" \/> <img loading=\"lazy\" width=\"682\" height=\"431\" class=\"wp-image-25492 aligncenter\" src=\"http:\/\/cmm.imgw.pl\/wp-content\/uploads\/2023\/03\/word-image-25481-10.png\" srcset=\"https:\/\/cmm.imgw.pl\/wp-content\/uploads\/2023\/03\/word-image-25481-10.png 682w, https:\/\/cmm.imgw.pl\/wp-content\/uploads\/2023\/03\/word-image-25481-10-300x190.png 300w\" sizes=\"(max-width: 682px) 100vw, 682px\" \/> <img loading=\"lazy\" width=\"674\" height=\"430\" class=\"wp-image-25493 aligncenter\" src=\"http:\/\/cmm.imgw.pl\/wp-content\/uploads\/2023\/03\/word-image-25481-11.png\" srcset=\"https:\/\/cmm.imgw.pl\/wp-content\/uploads\/2023\/03\/word-image-25481-11.png 674w, https:\/\/cmm.imgw.pl\/wp-content\/uploads\/2023\/03\/word-image-25481-11-300x191.png 300w\" sizes=\"(max-width: 674px) 100vw, 674px\" \/><\/p>\n<p>Ni\u017c zalegaj\u0105cy na zach\u00f3d od Irlandii nadal dobrze widoczny na wy\u017cszych poziomach, z wyodr\u0119bnion\u0105 zamkni\u0119ta cyrkulacj\u0105 cykloniczn\u0105. Ni\u017c znad Atlantyku r\u00f3wnie\u017c dobrze zaznaczony na wy\u017cszych poziomach z wyodr\u0119bnion\u0105 cyrkulacj\u0105 cykloniczn\u0105. Wir cykloniczny, kt\u00f3ry powsta\u0142 w punkcie okluzji, nad Morzem P\u00f3\u0142nocnym, rozbudowany ku g\u00f3rze i na wysoko\u015bci 850 hPa uwidoczniona zamkni\u0119ta cyrkulacja cykloniczna. Na wy\u017cszych poziomach izohipsy gi\u0119te na kszta\u0142t zatoki. Nad wy\u017cem znad Europy \u015brodkowo wschodniej brak zamkni\u0119tej cyrkulacji antycyklonicznej, izohipsy gi\u0119te na kszta\u0142t klina. Wy\u017c znad Rosji, kt\u00f3ry niewidoczny na dolnej mapie synoptycznej widoczny na wy\u017cszych poziomach. O\u015b wy\u017cu nachylona na zach\u00f3d i dlatego na wy\u017cszych poziomach zamkni\u0119ta cyrkulacja antycykloniczna jest w zasi\u0119gu map TB.<\/p>\n<p><strong>Analiza g\u00f3rnego pola wiatru<\/strong><\/p>\n<p><img loading=\"lazy\" width=\"2156\" height=\"1728\" class=\"wp-image-25494 aligncenter\" src=\"http:\/\/cmm.imgw.pl\/wp-content\/uploads\/2023\/03\/word-image-25481-12.png\" srcset=\"https:\/\/cmm.imgw.pl\/wp-content\/uploads\/2023\/03\/word-image-25481-12.png 2156w, https:\/\/cmm.imgw.pl\/wp-content\/uploads\/2023\/03\/word-image-25481-12-300x240.png 300w, https:\/\/cmm.imgw.pl\/wp-content\/uploads\/2023\/03\/word-image-25481-12-1024x821.png 1024w, https:\/\/cmm.imgw.pl\/wp-content\/uploads\/2023\/03\/word-image-25481-12-768x616.png 768w, https:\/\/cmm.imgw.pl\/wp-content\/uploads\/2023\/03\/word-image-25481-12-1536x1231.png 1536w, https:\/\/cmm.imgw.pl\/wp-content\/uploads\/2023\/03\/word-image-25481-12-2048x1641.png 2048w\" sizes=\"(max-width: 2156px) 100vw, 2156px\" \/><strong><img loading=\"lazy\" width=\"662\" height=\"461\" class=\"wp-image-25495 aligncenter\" src=\"http:\/\/cmm.imgw.pl\/wp-content\/uploads\/2023\/03\/word-image-25481-13.jpeg\" srcset=\"https:\/\/cmm.imgw.pl\/wp-content\/uploads\/2023\/03\/word-image-25481-13.jpeg 662w, https:\/\/cmm.imgw.pl\/wp-content\/uploads\/2023\/03\/word-image-25481-13-300x209.jpeg 300w\" sizes=\"(max-width: 662px) 100vw, 662px\" \/><\/strong><\/p>\n<p>Nad Atlantykiem, nad Europ\u0105 zachodni\u0105 i po\u0142udniow\u0105 oraz wschodni\u0105 i p\u00f3\u0142nocno wschodni\u0105, nad Morzem \u015ar\u00f3dziemnym wyst\u0119puje obszar zwi\u0119kszonych pr\u0119dko\u015bci wiatru. Nad Atlantykiem zalegaj\u0105 trzy pr\u0105dy strumieniowe. Nad Europ\u0105 zachodni\u0105, wschodni\u0105 i p\u00f3\u0142nocno wschodni\u0105 oraz po\u0142udniow\u0105, nad Morzem \u015ar\u00f3dziemnomorskim oraz nad Skandynawi\u0105 zalegaj\u0105 kolejne pr\u0105dy strumieniowe. Rejony zaznaczone na r\u00f3\u017cowo i bordowo wskazuj\u0105 obszary wyst\u0119powania pr\u0119dko\u015bci wiatru przekraczaj\u0105cej 60-70 m\/s. Nad Polsk\u0105 brak pr\u0105d\u00f3w strumieniowych.<\/p>\n<p><strong>Tropopauza<\/strong><\/p>\n<p>Nad Europ\u0105 tropopauza zalega na wysoko\u015bci FL350\/400 (10668m\/12192m).<\/p>\n<p><strong>Rozw\u00f3j sytuacji barycznej nad Europ\u0105 w horyzoncie 24 godzin<\/strong><\/p>\n<p><img loading=\"lazy\" width=\"1075\" height=\"764\" class=\"wp-image-25496 aligncenter\" src=\"http:\/\/cmm.imgw.pl\/wp-content\/uploads\/2023\/03\/word-image-25481-14.gif\" \/> <img loading=\"lazy\" width=\"1075\" height=\"764\" class=\"wp-image-25497 aligncenter\" src=\"http:\/\/cmm.imgw.pl\/wp-content\/uploads\/2023\/03\/word-image-25481-15.gif\" \/><\/p>\n<p>Wy\u017c znad Europy \u015brodkowo wschodniej b\u0119dzie si\u0119 powoli przemieszcza\u0142 w kierunku NE\/ENE. W nocy o\u015brodek dotrze nad zachodni\u0105 Rosj\u0119. Wy\u017c w dalszym ci\u0105gu klinem b\u0119dzie si\u0119ga\u0142 po Europ\u0119 po\u0142udniowo wschodni\u0105. Z oblicze\u0144 numerycznych wynika, \u017ce w obszarze w kt\u00f3rym zalega ni\u017c z o\u015brodkiem nad Morzem P\u00f3\u0142nocnym i nad Atlantykiem (na zach\u00f3d od Irlandii), nast\u0105pi przebudowa pola barycznego i termicznego. Na froncie okluzji zalegaj\u0105cym nad Morzem P\u00f3\u0142nocnym i nad Wielk\u0105 Brytani\u0105 dojdzie do deformacji falowej. W przedniej cz\u0119\u015bci deformacji wyodr\u0119bni si\u0119 front ciep\u0142y, a w tylnej front ch\u0142odny. Szczyt fali znajdowa\u0107 si\u0119 b\u0119dzie nad Wielk\u0105 Brytani\u0105. Punkt okluzji, w kt\u00f3rym dosz\u0142o do utworzenia wiru cyklonicznego przemie\u015bci si\u0119 nad Norwegi\u0119. Rozleg\u0142a zatoka, w kt\u00f3rej zalega front ch\u0142odny, rozci\u0105gaj\u0105ca si\u0119 od punktu okluzji, a\u017c po Europ\u0119 zachodni\u0105, w obszarze punktu okluzji ulegnie fragmentarycznej frontolizie. Pozosta\u0142y obszar zatoki ulegnie deformacji falowej z wyodr\u0119bnionym odcinkiem frontu ciep\u0142ego, ch\u0142odnego i okluzji. Nad Atlantykiem b\u0119dzie umacnia\u0142 si\u0119 wy\u017c i jutro ci\u015bnienia w centrum wyniesie 1025 hPa. Nad Atlantykiem, na p\u00f3\u0142noc od wy\u017cu, zalega\u0107 b\u0119dzie ni\u017c, kt\u00f3ry jest w stadium okludowania. Jutro w punkcie okluzji dojdzie do utworzenia wiru cyklonicznego, kt\u00f3ry b\u0119dzie si\u0119 pog\u0142\u0119bia\u0142.<\/p>\n<p><strong>Analiza g\u00f3rnego pola ci\u015bnienia w horyzoncie 24 godzin<\/strong><\/p>\n<p><strong><img loading=\"lazy\" width=\"697\" height=\"491\" class=\"wp-image-25498 aligncenter\" src=\"http:\/\/cmm.imgw.pl\/wp-content\/uploads\/2023\/03\/word-image-25481-16.png\" srcset=\"https:\/\/cmm.imgw.pl\/wp-content\/uploads\/2023\/03\/word-image-25481-16.png 697w, https:\/\/cmm.imgw.pl\/wp-content\/uploads\/2023\/03\/word-image-25481-16-300x211.png 300w\" sizes=\"(max-width: 697px) 100vw, 697px\" \/><img loading=\"lazy\" width=\"696\" height=\"484\" class=\"wp-image-25499 aligncenter\" src=\"http:\/\/cmm.imgw.pl\/wp-content\/uploads\/2023\/03\/word-image-25481-17.png\" srcset=\"https:\/\/cmm.imgw.pl\/wp-content\/uploads\/2023\/03\/word-image-25481-17.png 696w, https:\/\/cmm.imgw.pl\/wp-content\/uploads\/2023\/03\/word-image-25481-17-300x209.png 300w\" sizes=\"(max-width: 696px) 100vw, 696px\" \/><\/strong><\/p>\n<p><img loading=\"lazy\" width=\"693\" height=\"484\" class=\"wp-image-25500 aligncenter\" src=\"http:\/\/cmm.imgw.pl\/wp-content\/uploads\/2023\/03\/word-image-25481-18.png\" srcset=\"https:\/\/cmm.imgw.pl\/wp-content\/uploads\/2023\/03\/word-image-25481-18.png 693w, https:\/\/cmm.imgw.pl\/wp-content\/uploads\/2023\/03\/word-image-25481-18-300x210.png 300w\" sizes=\"(max-width: 693px) 100vw, 693px\" \/> <img loading=\"lazy\" width=\"695\" height=\"485\" class=\"wp-image-25501 aligncenter\" src=\"http:\/\/cmm.imgw.pl\/wp-content\/uploads\/2023\/03\/word-image-25481-19.png\" srcset=\"https:\/\/cmm.imgw.pl\/wp-content\/uploads\/2023\/03\/word-image-25481-19.png 695w, https:\/\/cmm.imgw.pl\/wp-content\/uploads\/2023\/03\/word-image-25481-19-300x209.png 300w\" sizes=\"(max-width: 695px) 100vw, 695px\" \/><\/p>\n<p><img loading=\"lazy\" width=\"671\" height=\"466\" class=\"wp-image-25502 aligncenter\" src=\"http:\/\/cmm.imgw.pl\/wp-content\/uploads\/2023\/03\/word-image-25481-20.jpeg\" srcset=\"https:\/\/cmm.imgw.pl\/wp-content\/uploads\/2023\/03\/word-image-25481-20.jpeg 671w, https:\/\/cmm.imgw.pl\/wp-content\/uploads\/2023\/03\/word-image-25481-20-300x208.jpeg 300w\" sizes=\"(max-width: 671px) 100vw, 671px\" \/> <img loading=\"lazy\" width=\"668\" height=\"470\" class=\"wp-image-25503 aligncenter\" src=\"http:\/\/cmm.imgw.pl\/wp-content\/uploads\/2023\/03\/word-image-25481-21.jpeg\" srcset=\"https:\/\/cmm.imgw.pl\/wp-content\/uploads\/2023\/03\/word-image-25481-21.jpeg 668w, https:\/\/cmm.imgw.pl\/wp-content\/uploads\/2023\/03\/word-image-25481-21-300x211.jpeg 300w\" sizes=\"(max-width: 668px) 100vw, 668px\" \/><\/p>\n<p>Ni\u017c znad Wielkiej Brytanii oraz o\u015brodek utworzony nad Morzem P\u00f3\u0142nocnym przemieszczaj\u0105cy si\u0119 nad Norwegi\u0119 uwidoczniony b\u0119dzie na g\u00f3rnych mapach TB. Na wy\u017cszych poziomach wyodr\u0119bniona zamkni\u0119ta cyrkulacja starego ni\u017cu. Nowo utworzony wir cykloniczny rozbudowany w pionie i na wysoko\u015bci 1,5 km widoczna zamkni\u0119ta cyrkulacja cykloniczna. Z analizy pola geopotencja\u0142u wynika, \u017ce proces wype\u0142niania dotrze do wysoko\u015bci 1,5 km. Na wy\u017cszych poziomach izohipsy b\u0119d\u0105 gi\u0119te w kszta\u0142cie zatoki. Wy\u017c znad Europy \u015brodkowo wschodniej, kt\u00f3ry b\u0119dzie zalega\u0142 nad zachodni\u0105 Rosj\u0105 rozbuduje si\u0119 ku g\u00f3rze. Na wysoko\u015bci 1,5 km dobrze uwidoczniona zamkni\u0119ta cyrkulacja antycykloniczna. Wraz ze wzrostem wysoko\u015bci izohipsy b\u0119d\u0105 gi\u0119te na kszta\u0142t klina i bardzo szybko b\u0119d\u0105 si\u0119 prostowa\u0107. Izohipsy nad wy\u017cem znad Atlantyku gi\u0119te na kszta\u0142t klina. Ni\u017c zalegaj\u0105cy na p\u00f3\u0142nocny zach\u00f3d od wy\u017cu znad Atlantyku w dalszym ci\u0105gu dobrze widoczny na wy\u017cszych poziomach.<\/p>\n<p><strong>Analiza g\u00f3rnego pola wiatru w horyzoncie 24 godzin<\/strong><\/p>\n<p><img loading=\"lazy\" width=\"2156\" height=\"1728\" class=\"wp-image-25504 aligncenter\" src=\"http:\/\/cmm.imgw.pl\/wp-content\/uploads\/2023\/03\/word-image-25481-22.png\" srcset=\"https:\/\/cmm.imgw.pl\/wp-content\/uploads\/2023\/03\/word-image-25481-22.png 2156w, https:\/\/cmm.imgw.pl\/wp-content\/uploads\/2023\/03\/word-image-25481-22-300x240.png 300w, https:\/\/cmm.imgw.pl\/wp-content\/uploads\/2023\/03\/word-image-25481-22-1024x821.png 1024w, https:\/\/cmm.imgw.pl\/wp-content\/uploads\/2023\/03\/word-image-25481-22-768x616.png 768w, https:\/\/cmm.imgw.pl\/wp-content\/uploads\/2023\/03\/word-image-25481-22-1536x1231.png 1536w, https:\/\/cmm.imgw.pl\/wp-content\/uploads\/2023\/03\/word-image-25481-22-2048x1641.png 2048w\" sizes=\"(max-width: 2156px) 100vw, 2156px\" \/> <img loading=\"lazy\" width=\"2156\" height=\"1728\" class=\"wp-image-25505 aligncenter\" src=\"http:\/\/cmm.imgw.pl\/wp-content\/uploads\/2023\/03\/word-image-25481-23.png\" srcset=\"https:\/\/cmm.imgw.pl\/wp-content\/uploads\/2023\/03\/word-image-25481-23.png 2156w, https:\/\/cmm.imgw.pl\/wp-content\/uploads\/2023\/03\/word-image-25481-23-300x240.png 300w, https:\/\/cmm.imgw.pl\/wp-content\/uploads\/2023\/03\/word-image-25481-23-1024x821.png 1024w, https:\/\/cmm.imgw.pl\/wp-content\/uploads\/2023\/03\/word-image-25481-23-768x616.png 768w, https:\/\/cmm.imgw.pl\/wp-content\/uploads\/2023\/03\/word-image-25481-23-1536x1231.png 1536w, https:\/\/cmm.imgw.pl\/wp-content\/uploads\/2023\/03\/word-image-25481-23-2048x1641.png 2048w\" sizes=\"(max-width: 2156px) 100vw, 2156px\" \/><\/p>\n<p>W nocy nad Atlantykiem zalega\u0107 b\u0119dzie pr\u0105d strumieniowy na wysoko\u015bci FL360 (10973m) z maksymaln\u0105 pr\u0119dko\u015bci\u0105 w osi pr\u0105du 50m\/s \u2013 75m\/s. Nad Europ\u0105 zachodni\u0105, a\u017c po Ba\u0142tyk zalega\u0107 b\u0119dzie drugi pr\u0105d strumieniowy na wysoko\u015bci FL340 (10363m), z maksymaln\u0105 pr\u0119dko\u015bci\u0105 w osi pr\u0105du 45 m\/s. Nad po\u0142udniow\u0105 Szwecj\u0105 wyst\u0119powa\u0107 b\u0119dzie pr\u0105d strumieniowy na wysoko\u015bci FL300 (9144m). Nad p\u00f3\u0142nocno zachodni\u0105 Rosj\u0105 na wysoko\u015bci FL280 (8534 m) znajdowa\u0107 si\u0119 b\u0119dzie o\u015b pr\u0105du z maksymaln\u0105 pr\u0119dko\u015bci\u0105 w osi pr\u0105du 42,5 m\/s. Nad po\u0142udniow\u0105 Europ\u0105 zalega\u0107 b\u0119dzie kolejny pr\u0105d strumieniowy na wysoko\u015bci FL320 (9754 m), z maksymaln\u0105 pr\u0119dko\u015bci\u0105 w osi pr\u0105du 45 m\/s.<\/p>\n<p><strong>Tropopauza w horyzoncie 24 godzin<\/strong><\/p>\n<p>Wysoko\u015b\u0107 tropopauzy nad Europ\u0105 waha\u0107 si\u0119 b\u0119dzie mi\u0119dzy FL300 (9144m) a FL400 (12192 m).<\/p>\n<p><strong>Analiza termiczna troposfery<\/strong><\/p>\n<p><img loading=\"lazy\" width=\"634\" height=\"490\" class=\"wp-image-25506 aligncenter\" src=\"http:\/\/cmm.imgw.pl\/wp-content\/uploads\/2023\/03\/thck-500-1000hpa-gfs-pt-17-03-2023-15-utc.gif\" alt=\"Thck 500-1000hPa GFS pt. 17.03.2023 15 UTC\" \/> <img loading=\"lazy\" width=\"634\" height=\"490\" class=\"wp-image-25507 aligncenter\" src=\"http:\/\/cmm.imgw.pl\/wp-content\/uploads\/2023\/03\/thck-500-1000hpa-gfs-so-18-03-2023-03-utc.gif\" alt=\"Thck 500-1000hPa GFS so. 18.03.2023 03 UTC\" \/><\/p>\n<p><img loading=\"lazy\" width=\"634\" height=\"490\" class=\"wp-image-25508 aligncenter\" src=\"http:\/\/cmm.imgw.pl\/wp-content\/uploads\/2023\/03\/theta-w-850hpa-gfs-pt-17-03-2023-15-utc.gif\" alt=\"Theta-W 850hPa GFS pt. 17.03.2023 15 UTC\" \/> <img loading=\"lazy\" width=\"634\" height=\"490\" class=\"wp-image-25509 aligncenter\" src=\"http:\/\/cmm.imgw.pl\/wp-content\/uploads\/2023\/03\/theta-w-850hpa-gfs-so-18-03-2023-03-utc.gif\" alt=\"Theta-W 850hPa GFS so. 18.03.2023 03 UTC\" \/><\/p>\n<p>Nad Morzem Grenlandzkim, Norweskim, Barentsa i Bia\u0142ym, nad p\u00f3\u0142nocn\u0105 Skandynawi\u0105 oraz Europ\u0105 wschodni\u0105 zalega zimne powietrze arktyczno morskie. Nad pozosta\u0142ym kontynentem znajduje si\u0119 powietrze polarno-morskie o r\u00f3\u017cnych w\u0142a\u015bciwo\u015bciach termicznych. W rejonie p\u0142w. Iberyjskiego i Morza \u015ar\u00f3dziemnomorskiego zalega powietrze zwrotnikowe morskie.<\/p>\n<p><img loading=\"lazy\" width=\"566\" height=\"500\" class=\"wp-image-25510 aligncenter\" src=\"http:\/\/cmm.imgw.pl\/wp-content\/uploads\/2023\/03\/word-image-25481-28.png\" srcset=\"https:\/\/cmm.imgw.pl\/wp-content\/uploads\/2023\/03\/word-image-25481-28.png 566w, https:\/\/cmm.imgw.pl\/wp-content\/uploads\/2023\/03\/word-image-25481-28-300x265.png 300w\" sizes=\"(max-width: 566px) 100vw, 566px\" \/> <img loading=\"lazy\" width=\"556\" height=\"496\" class=\"wp-image-25511 aligncenter\" src=\"http:\/\/cmm.imgw.pl\/wp-content\/uploads\/2023\/03\/word-image-25481-29.png\" srcset=\"https:\/\/cmm.imgw.pl\/wp-content\/uploads\/2023\/03\/word-image-25481-29.png 556w, https:\/\/cmm.imgw.pl\/wp-content\/uploads\/2023\/03\/word-image-25481-29-300x268.png 300w\" sizes=\"(max-width: 556px) 100vw, 556px\" \/><\/p>\n<p>Nad Polsk\u0105 wyst\u0119puje ujemny k\u0105t adwekcji co wskazuje na adwekcj\u0119 ciep\u0142a. Na wsch\u00f3d od Polski izotermy gi\u0119te na kszta\u0142t zatoki ch\u0142odu. Na zach\u00f3d Polski izotermy gi\u0119te na kszta\u0142t klina ciep\u0142a. Nad p\u0142w. Iberyjskim widoczna kolejna zatoka ch\u0142odu.<\/p>\n<p><img loading=\"lazy\" width=\"600\" height=\"640\" class=\"wp-image-25512 aligncenter\" src=\"http:\/\/cmm.imgw.pl\/wp-content\/uploads\/2023\/03\/word-image-25481-30.png\" srcset=\"https:\/\/cmm.imgw.pl\/wp-content\/uploads\/2023\/03\/word-image-25481-30.png 600w, https:\/\/cmm.imgw.pl\/wp-content\/uploads\/2023\/03\/word-image-25481-30-281x300.png 281w\" sizes=\"(max-width: 600px) 100vw, 600px\" \/> <img loading=\"lazy\" width=\"600\" height=\"640\" class=\"wp-image-25513 aligncenter\" src=\"http:\/\/cmm.imgw.pl\/wp-content\/uploads\/2023\/03\/word-image-25481-31.png\" srcset=\"https:\/\/cmm.imgw.pl\/wp-content\/uploads\/2023\/03\/word-image-25481-31.png 600w, https:\/\/cmm.imgw.pl\/wp-content\/uploads\/2023\/03\/word-image-25481-31-281x300.png 281w\" sizes=\"(max-width: 600px) 100vw, 600px\" \/> <img loading=\"lazy\" width=\"600\" height=\"640\" class=\"wp-image-25514 aligncenter\" src=\"http:\/\/cmm.imgw.pl\/wp-content\/uploads\/2023\/03\/word-image-25481-32.png\" srcset=\"https:\/\/cmm.imgw.pl\/wp-content\/uploads\/2023\/03\/word-image-25481-32.png 600w, https:\/\/cmm.imgw.pl\/wp-content\/uploads\/2023\/03\/word-image-25481-32-281x300.png 281w\" sizes=\"(max-width: 600px) 100vw, 600px\" \/><\/p>\n<p>Do Polski nasunie si\u0119 klin ciep\u0142a, kt\u00f3ry b\u0119dzie przemieszcza\u0142 si\u0119 z zachodu na wsch\u00f3d. Rano nap\u0142ywa\u0142o powietrze z p\u00f3\u0142nocnego zachodu. W ci\u0105gu dnia zacznie nap\u0142ywa\u0107 powietrze z po\u0142udniowego zachodu.<\/p>\n<p><strong>Analiza pola wilgotno\u015bci w pionowym profilu w troposferze<\/strong><\/p>\n<p><img loading=\"lazy\" width=\"600\" height=\"640\" class=\"wp-image-25515 aligncenter\" src=\"http:\/\/cmm.imgw.pl\/wp-content\/uploads\/2023\/03\/word-image-25481-33.png\" srcset=\"https:\/\/cmm.imgw.pl\/wp-content\/uploads\/2023\/03\/word-image-25481-33.png 600w, https:\/\/cmm.imgw.pl\/wp-content\/uploads\/2023\/03\/word-image-25481-33-281x300.png 281w\" sizes=\"(max-width: 600px) 100vw, 600px\" \/> <img loading=\"lazy\" width=\"600\" height=\"640\" class=\"wp-image-25516 aligncenter\" src=\"http:\/\/cmm.imgw.pl\/wp-content\/uploads\/2023\/03\/word-image-25481-34.png\" srcset=\"https:\/\/cmm.imgw.pl\/wp-content\/uploads\/2023\/03\/word-image-25481-34.png 600w, https:\/\/cmm.imgw.pl\/wp-content\/uploads\/2023\/03\/word-image-25481-34-281x300.png 281w\" sizes=\"(max-width: 600px) 100vw, 600px\" \/><\/p>\n<p>Na wysoko\u015bci 1,5 km wilgotno\u015b\u0107 niska, 10-30%.<\/p>\n<p><img loading=\"lazy\" width=\"600\" height=\"640\" class=\"wp-image-25517 aligncenter\" src=\"http:\/\/cmm.imgw.pl\/wp-content\/uploads\/2023\/03\/word-image-25481-35.png\" srcset=\"https:\/\/cmm.imgw.pl\/wp-content\/uploads\/2023\/03\/word-image-25481-35.png 600w, https:\/\/cmm.imgw.pl\/wp-content\/uploads\/2023\/03\/word-image-25481-35-281x300.png 281w\" sizes=\"(max-width: 600px) 100vw, 600px\" \/> <img loading=\"lazy\" width=\"600\" height=\"640\" class=\"wp-image-25518 aligncenter\" src=\"http:\/\/cmm.imgw.pl\/wp-content\/uploads\/2023\/03\/word-image-25481-36.png\" srcset=\"https:\/\/cmm.imgw.pl\/wp-content\/uploads\/2023\/03\/word-image-25481-36.png 600w, https:\/\/cmm.imgw.pl\/wp-content\/uploads\/2023\/03\/word-image-25481-36-281x300.png 281w\" sizes=\"(max-width: 600px) 100vw, 600px\" \/><\/p>\n<p>Na wysoko\u015bci 5,5 km wilgotno\u015b\u0107 du\u017ca. W nocy zwi\u0119kszy si\u0119, od zachodu, obszar z bardzo du\u017c\u0105 wilgotno\u015bci\u0105.<\/p>\n<p><img loading=\"lazy\" width=\"600\" height=\"640\" class=\"wp-image-25519 aligncenter\" src=\"http:\/\/cmm.imgw.pl\/wp-content\/uploads\/2023\/03\/word-image-25481-37.png\" srcset=\"https:\/\/cmm.imgw.pl\/wp-content\/uploads\/2023\/03\/word-image-25481-37.png 600w, https:\/\/cmm.imgw.pl\/wp-content\/uploads\/2023\/03\/word-image-25481-37-281x300.png 281w\" sizes=\"(max-width: 600px) 100vw, 600px\" \/> <img loading=\"lazy\" width=\"600\" height=\"640\" class=\"wp-image-25520 aligncenter\" src=\"http:\/\/cmm.imgw.pl\/wp-content\/uploads\/2023\/03\/word-image-25481-38.png\" srcset=\"https:\/\/cmm.imgw.pl\/wp-content\/uploads\/2023\/03\/word-image-25481-38.png 600w, https:\/\/cmm.imgw.pl\/wp-content\/uploads\/2023\/03\/word-image-25481-38-281x300.png 281w\" sizes=\"(max-width: 600px) 100vw, 600px\" \/><\/p>\n<p>W dzie\u0144 na wysoko\u015bci 9 km wilgotno\u015b\u0107 du\u017ca. W nocy, od zachodu, wzrost wilgotno\u015bci do 90-9%.<\/p>\n<p><img loading=\"lazy\" width=\"800\" height=\"640\" class=\"wp-image-25521 aligncenter\" src=\"http:\/\/cmm.imgw.pl\/wp-content\/uploads\/2023\/03\/word-image-25481-39.gif\" \/> <img loading=\"lazy\" width=\"800\" height=\"640\" class=\"wp-image-25522 aligncenter\" src=\"http:\/\/cmm.imgw.pl\/wp-content\/uploads\/2023\/03\/word-image-25481-40.gif\" \/> <img loading=\"lazy\" width=\"800\" height=\"640\" class=\"wp-image-25523 aligncenter\" src=\"http:\/\/cmm.imgw.pl\/wp-content\/uploads\/2023\/03\/word-image-25481-41.gif\" \/><\/p>\n<p>Symulacje numeryczne s\u0105 odwzorowaniem rzeczywistego rozk\u0142adu pola wilgotno\u015bci. Na wszystkich diagramach aerologicznych widoczna jest warstwa o ma\u0142ej zawarto\u015bci pary wodnej w obszarze poziomu 850 hPa. Na wy\u017cszych poziomach obserwuje si\u0119 wzrost wilgotno\u015bci.<\/p>\n<p><strong>Prognoza zachmurzenia<\/strong><\/p>\n<p><img loading=\"lazy\" width=\"800\" height=\"800\" class=\"wp-image-25524 aligncenter\" src=\"http:\/\/cmm.imgw.pl\/wp-content\/uploads\/2023\/03\/word-image-25481-42.png\" srcset=\"https:\/\/cmm.imgw.pl\/wp-content\/uploads\/2023\/03\/word-image-25481-42.png 800w, https:\/\/cmm.imgw.pl\/wp-content\/uploads\/2023\/03\/word-image-25481-42-300x300.png 300w, https:\/\/cmm.imgw.pl\/wp-content\/uploads\/2023\/03\/word-image-25481-42-150x150.png 150w, https:\/\/cmm.imgw.pl\/wp-content\/uploads\/2023\/03\/word-image-25481-42-768x768.png 768w, https:\/\/cmm.imgw.pl\/wp-content\/uploads\/2023\/03\/word-image-25481-42-600x600.png 600w\" sizes=\"(max-width: 800px) 100vw, 800px\" \/> <img loading=\"lazy\" width=\"800\" height=\"800\" class=\"wp-image-25525 aligncenter\" src=\"http:\/\/cmm.imgw.pl\/wp-content\/uploads\/2023\/03\/word-image-25481-43.png\" srcset=\"https:\/\/cmm.imgw.pl\/wp-content\/uploads\/2023\/03\/word-image-25481-43.png 800w, https:\/\/cmm.imgw.pl\/wp-content\/uploads\/2023\/03\/word-image-25481-43-300x300.png 300w, https:\/\/cmm.imgw.pl\/wp-content\/uploads\/2023\/03\/word-image-25481-43-150x150.png 150w, https:\/\/cmm.imgw.pl\/wp-content\/uploads\/2023\/03\/word-image-25481-43-768x768.png 768w, https:\/\/cmm.imgw.pl\/wp-content\/uploads\/2023\/03\/word-image-25481-43-600x600.png 600w\" sizes=\"(max-width: 800px) 100vw, 800px\" \/><\/p>\n<p>Zachmurzenie og\u00f3lne du\u017ce, na kra\u0144cach po\u0142udniowo wschodnich ma\u0142e i umiarkowane. W nocy na wschodzie i po\u0142udniowym wschodzie zachmurzenie ma\u0142e lub brak. Na pozosta\u0142ym du\u017ce.<\/p>\n<p><img loading=\"lazy\" width=\"800\" height=\"800\" class=\"wp-image-25526 aligncenter\" src=\"http:\/\/cmm.imgw.pl\/wp-content\/uploads\/2023\/03\/word-image-25481-44.png\" srcset=\"https:\/\/cmm.imgw.pl\/wp-content\/uploads\/2023\/03\/word-image-25481-44.png 800w, https:\/\/cmm.imgw.pl\/wp-content\/uploads\/2023\/03\/word-image-25481-44-300x300.png 300w, https:\/\/cmm.imgw.pl\/wp-content\/uploads\/2023\/03\/word-image-25481-44-150x150.png 150w, https:\/\/cmm.imgw.pl\/wp-content\/uploads\/2023\/03\/word-image-25481-44-768x768.png 768w, https:\/\/cmm.imgw.pl\/wp-content\/uploads\/2023\/03\/word-image-25481-44-600x600.png 600w\" sizes=\"(max-width: 800px) 100vw, 800px\" \/> <img loading=\"lazy\" width=\"800\" height=\"800\" class=\"wp-image-25527 aligncenter\" src=\"http:\/\/cmm.imgw.pl\/wp-content\/uploads\/2023\/03\/word-image-25481-45.png\" srcset=\"https:\/\/cmm.imgw.pl\/wp-content\/uploads\/2023\/03\/word-image-25481-45.png 800w, https:\/\/cmm.imgw.pl\/wp-content\/uploads\/2023\/03\/word-image-25481-45-300x300.png 300w, https:\/\/cmm.imgw.pl\/wp-content\/uploads\/2023\/03\/word-image-25481-45-150x150.png 150w, https:\/\/cmm.imgw.pl\/wp-content\/uploads\/2023\/03\/word-image-25481-45-768x768.png 768w, https:\/\/cmm.imgw.pl\/wp-content\/uploads\/2023\/03\/word-image-25481-45-600x600.png 600w\" sizes=\"(max-width: 800px) 100vw, 800px\" \/><\/p>\n<p>Brak zachmurzenia chmurami pi\u0119tra niskiego. W symulacjach numerycznych lokalnie mo\u017ce by\u0107 prognozowane zachmurzenie, niemniej jednak jest to b\u0142\u0119dne. Potwierdzaj\u0105 to obserwacje. Procesy mikrofizyczne zachodz\u0105ce w chmurach musz\u0105 by\u0107 parametryzowane, ze wzgl\u0119du na fakt, \u017ce s\u0105 to procesy zachodz\u0105ce w skali mniejszej ni\u017c rozdzielczo\u015b\u0107 siatki obliczeniowej, co mo\u017ce skutkowa\u0107 przeszacowaniem wielko\u015bci zachmurzenia. Innym problemem jest niewysterczaj\u0105co dobrze odwzorowane mieszanie na wierzcho\u0142ku warstwy granicznej co skutkowa\u0107 mo\u017ce zbyt wolnym rozpraszaniem chmur Stratocumulus i zawy\u017caniem wielko\u015bci pokrycia nieba ww. chmurami.<\/p>\n<p><img loading=\"lazy\" width=\"800\" height=\"800\" class=\"wp-image-25528 aligncenter\" src=\"http:\/\/cmm.imgw.pl\/wp-content\/uploads\/2023\/03\/word-image-25481-46.png\" srcset=\"https:\/\/cmm.imgw.pl\/wp-content\/uploads\/2023\/03\/word-image-25481-46.png 800w, https:\/\/cmm.imgw.pl\/wp-content\/uploads\/2023\/03\/word-image-25481-46-300x300.png 300w, https:\/\/cmm.imgw.pl\/wp-content\/uploads\/2023\/03\/word-image-25481-46-150x150.png 150w, https:\/\/cmm.imgw.pl\/wp-content\/uploads\/2023\/03\/word-image-25481-46-768x768.png 768w, https:\/\/cmm.imgw.pl\/wp-content\/uploads\/2023\/03\/word-image-25481-46-600x600.png 600w\" sizes=\"(max-width: 800px) 100vw, 800px\" \/> <img loading=\"lazy\" width=\"800\" height=\"800\" class=\"wp-image-25529 aligncenter\" src=\"http:\/\/cmm.imgw.pl\/wp-content\/uploads\/2023\/03\/word-image-25481-47.png\" srcset=\"https:\/\/cmm.imgw.pl\/wp-content\/uploads\/2023\/03\/word-image-25481-47.png 800w, https:\/\/cmm.imgw.pl\/wp-content\/uploads\/2023\/03\/word-image-25481-47-300x300.png 300w, https:\/\/cmm.imgw.pl\/wp-content\/uploads\/2023\/03\/word-image-25481-47-150x150.png 150w, https:\/\/cmm.imgw.pl\/wp-content\/uploads\/2023\/03\/word-image-25481-47-768x768.png 768w, https:\/\/cmm.imgw.pl\/wp-content\/uploads\/2023\/03\/word-image-25481-47-600x600.png 600w\" sizes=\"(max-width: 800px) 100vw, 800px\" \/><\/p>\n<p>W wypadku zachmurzenie pi\u0119tra \u015bredniego nale\u017cy spodziewa\u0107 si\u0119 zachmurzenie umiarkowanego i du\u017cego, w szczeg\u00f3lno\u015bci w rejonie Polski p\u00f3\u0142nocno zachodniej, p\u00f3\u0142nocnej a w nocy tak\u017ce i zachodniej. Na wschodzie r\u00f3wnie\u017c wyst\u0119powa\u0107 b\u0119dzie zachmurzenie. W tym wypadku symulacje numeryczne nie doszacowa\u0142y wielko\u015b\u0107 zachmurzenia w tym pi\u0119trze chmur. Na niebie nale\u017cy spodziewa\u0107 si\u0119 chmur Altocumulus. Na p\u00f3\u0142nocnym zachodzie oraz na zachodzie mo\u017cliwe Altostratus.<\/p>\n<p><img loading=\"lazy\" width=\"800\" height=\"800\" class=\"wp-image-25530 aligncenter\" src=\"http:\/\/cmm.imgw.pl\/wp-content\/uploads\/2023\/03\/word-image-25481-48.png\" srcset=\"https:\/\/cmm.imgw.pl\/wp-content\/uploads\/2023\/03\/word-image-25481-48.png 800w, https:\/\/cmm.imgw.pl\/wp-content\/uploads\/2023\/03\/word-image-25481-48-300x300.png 300w, https:\/\/cmm.imgw.pl\/wp-content\/uploads\/2023\/03\/word-image-25481-48-150x150.png 150w, https:\/\/cmm.imgw.pl\/wp-content\/uploads\/2023\/03\/word-image-25481-48-768x768.png 768w, https:\/\/cmm.imgw.pl\/wp-content\/uploads\/2023\/03\/word-image-25481-48-600x600.png 600w\" sizes=\"(max-width: 800px) 100vw, 800px\" \/> <img loading=\"lazy\" width=\"800\" height=\"800\" class=\"wp-image-25531 aligncenter\" src=\"http:\/\/cmm.imgw.pl\/wp-content\/uploads\/2023\/03\/word-image-25481-49.png\" srcset=\"https:\/\/cmm.imgw.pl\/wp-content\/uploads\/2023\/03\/word-image-25481-49.png 800w, https:\/\/cmm.imgw.pl\/wp-content\/uploads\/2023\/03\/word-image-25481-49-300x300.png 300w, https:\/\/cmm.imgw.pl\/wp-content\/uploads\/2023\/03\/word-image-25481-49-150x150.png 150w, https:\/\/cmm.imgw.pl\/wp-content\/uploads\/2023\/03\/word-image-25481-49-768x768.png 768w, https:\/\/cmm.imgw.pl\/wp-content\/uploads\/2023\/03\/word-image-25481-49-600x600.png 600w\" sizes=\"(max-width: 800px) 100vw, 800px\" \/><\/p>\n<p><span class=\"ui-provider xl b c d e f g h i j k l m n o p q r s t u v w x y z ab ac ae af ag ah ai aj ak\" dir=\"ltr\">W ca\u0142ym kraju zachmurzenie chmurami Cirrus fibratus\/spissatus oraz Cirrostratus fibratus. Lokalnie Cirrostratus fibratus undulatus duplicatus oraz Cirrocumulus.<\/span><\/p>\n<p><strong>Prognoza opad\u00f3w<\/strong><\/p>\n<p>Opad\u00f3w brak<\/p>\n<p><strong>Prognoza poryw\u00f3w wiatru<\/strong><\/p>\n<p><img loading=\"lazy\" width=\"619\" height=\"619\" class=\"wp-image-25532 aligncenter\" src=\"http:\/\/cmm.imgw.pl\/wp-content\/uploads\/2023\/03\/word-image-25481-50.jpeg\" srcset=\"https:\/\/cmm.imgw.pl\/wp-content\/uploads\/2023\/03\/word-image-25481-50.jpeg 619w, https:\/\/cmm.imgw.pl\/wp-content\/uploads\/2023\/03\/word-image-25481-50-300x300.jpeg 300w, https:\/\/cmm.imgw.pl\/wp-content\/uploads\/2023\/03\/word-image-25481-50-150x150.jpeg 150w, https:\/\/cmm.imgw.pl\/wp-content\/uploads\/2023\/03\/word-image-25481-50-600x600.jpeg 600w\" sizes=\"(max-width: 619px) 100vw, 619px\" \/> <img loading=\"lazy\" width=\"612\" height=\"612\" class=\"wp-image-25533 aligncenter\" src=\"http:\/\/cmm.imgw.pl\/wp-content\/uploads\/2023\/03\/word-image-25481-51.jpeg\" srcset=\"https:\/\/cmm.imgw.pl\/wp-content\/uploads\/2023\/03\/word-image-25481-51.jpeg 612w, https:\/\/cmm.imgw.pl\/wp-content\/uploads\/2023\/03\/word-image-25481-51-300x300.jpeg 300w, https:\/\/cmm.imgw.pl\/wp-content\/uploads\/2023\/03\/word-image-25481-51-150x150.jpeg 150w, https:\/\/cmm.imgw.pl\/wp-content\/uploads\/2023\/03\/word-image-25481-51-600x600.jpeg 600w\" sizes=\"(max-width: 612px) 100vw, 612px\" \/> <img loading=\"lazy\" width=\"578\" height=\"578\" class=\"wp-image-25534 aligncenter\" src=\"http:\/\/cmm.imgw.pl\/wp-content\/uploads\/2023\/03\/word-image-25481-52.jpeg\" srcset=\"https:\/\/cmm.imgw.pl\/wp-content\/uploads\/2023\/03\/word-image-25481-52.jpeg 578w, https:\/\/cmm.imgw.pl\/wp-content\/uploads\/2023\/03\/word-image-25481-52-300x300.jpeg 300w, https:\/\/cmm.imgw.pl\/wp-content\/uploads\/2023\/03\/word-image-25481-52-150x150.jpeg 150w\" sizes=\"(max-width: 578px) 100vw, 578px\" \/> <img loading=\"lazy\" width=\"582\" height=\"582\" class=\"wp-image-25535 aligncenter\" src=\"http:\/\/cmm.imgw.pl\/wp-content\/uploads\/2023\/03\/word-image-25481-53.jpeg\" srcset=\"https:\/\/cmm.imgw.pl\/wp-content\/uploads\/2023\/03\/word-image-25481-53.jpeg 582w, https:\/\/cmm.imgw.pl\/wp-content\/uploads\/2023\/03\/word-image-25481-53-300x300.jpeg 300w, https:\/\/cmm.imgw.pl\/wp-content\/uploads\/2023\/03\/word-image-25481-53-150x150.jpeg 150w\" sizes=\"(max-width: 582px) 100vw, 582px\" \/> <img loading=\"lazy\" width=\"564\" height=\"564\" class=\"wp-image-25536 aligncenter\" src=\"http:\/\/cmm.imgw.pl\/wp-content\/uploads\/2023\/03\/word-image-25481-54.jpeg\" srcset=\"https:\/\/cmm.imgw.pl\/wp-content\/uploads\/2023\/03\/word-image-25481-54.jpeg 564w, https:\/\/cmm.imgw.pl\/wp-content\/uploads\/2023\/03\/word-image-25481-54-300x300.jpeg 300w, https:\/\/cmm.imgw.pl\/wp-content\/uploads\/2023\/03\/word-image-25481-54-150x150.jpeg 150w\" sizes=\"(max-width: 564px) 100vw, 564px\" \/> <img loading=\"lazy\" width=\"561\" height=\"561\" class=\"wp-image-25537 aligncenter\" src=\"http:\/\/cmm.imgw.pl\/wp-content\/uploads\/2023\/03\/word-image-25481-55.jpeg\" srcset=\"https:\/\/cmm.imgw.pl\/wp-content\/uploads\/2023\/03\/word-image-25481-55.jpeg 561w, https:\/\/cmm.imgw.pl\/wp-content\/uploads\/2023\/03\/word-image-25481-55-300x300.jpeg 300w, https:\/\/cmm.imgw.pl\/wp-content\/uploads\/2023\/03\/word-image-25481-55-150x150.jpeg 150w\" sizes=\"(max-width: 561px) 100vw, 561px\" \/><\/p>\n<p>Na Ba\u0142tyku nale\u017cy spodziewa\u0107 si\u0119 poryw\u00f3w wiatru do 50-70 km\/h. W ci\u0105gu dnia na p\u00f3\u0142nocy, zachodzie i w centrum mo\u017cliwe porywy wiatru do 30-40 km\/h. W woj. dolno\u015bl\u0105skim porywy wiatru mog\u0105 wyst\u0119powa\u0107 przez ca\u0142\u0105 noc do 50 km\/h. W Sudetach porywy do 80-90 km\/h.<\/p>\n<p><strong>Prognoza widzialno\u015bci<\/strong><\/p>\n<p>Widzialno\u015b\u0107 dobra<\/p>\n<p>Pozosta\u0142e numeryczne prognostyczne warto\u015bci p\u00f3l meteorologicznych s\u0105 dost\u0119pne pod adresem cmm.imgw.pl<\/p>","protected":false},"excerpt":{"rendered":"<p>Komentarz do numerycznych prognoz pogody opracowany w Centrum Modelowania Meteorologicznego IMGW-PIB.<\/p>\n","protected":false},"author":3,"featured_media":0,"comment_status":"closed","ping_status":"open","sticky":false,"template":"","format":"standard","meta":{"ocean_post_layout":"","ocean_both_sidebars_style":"","ocean_both_sidebars_content_width":0,"ocean_both_sidebars_sidebars_width":0,"ocean_sidebar":"0","ocean_second_sidebar":"0","ocean_disable_margins":"enable","ocean_add_body_class":"","ocean_shortcode_before_top_bar":"","ocean_shortcode_after_top_bar":"","ocean_shortcode_before_header":"","ocean_shortcode_after_header":"","ocean_has_shortcode":"","ocean_shortcode_after_title":"","ocean_shortcode_before_footer_widgets":"","ocean_shortcode_after_footer_widgets":"","ocean_shortcode_before_footer_bottom":"","ocean_shortcode_after_footer_bottom":"","ocean_display_top_bar":"default","ocean_display_header":"default","ocean_header_style":"","ocean_center_header_left_menu":"0","ocean_custom_header_template":"0","ocean_custom_logo":0,"ocean_custom_retina_logo":0,"ocean_custom_logo_max_width":0,"ocean_custom_logo_tablet_max_width":0,"ocean_custom_logo_mobile_max_width":0,"ocean_custom_logo_max_height":0,"ocean_custom_logo_tablet_max_height":0,"ocean_custom_logo_mobile_max_height":0,"ocean_header_custom_menu":"0","ocean_menu_typo_font_family":"0","ocean_menu_typo_font_subset":"","ocean_menu_typo_font_size":0,"ocean_menu_typo_font_size_tablet":0,"ocean_menu_typo_font_size_mobile":0,"ocean_menu_typo_font_size_unit":"px","ocean_menu_typo_font_weight":"","ocean_menu_typo_font_weight_tablet":"","ocean_menu_typo_font_weight_mobile":"","ocean_menu_typo_transform":"","ocean_menu_typo_transform_tablet":"","ocean_menu_typo_transform_mobile":"","ocean_menu_typo_line_height":0,"ocean_menu_typo_line_height_tablet":0,"ocean_menu_typo_line_height_mobile":0,"ocean_menu_typo_line_height_unit":"","ocean_menu_typo_spacing":0,"ocean_menu_typo_spacing_tablet":0,"ocean_menu_typo_spacing_mobile":0,"ocean_menu_typo_spacing_unit":"","ocean_menu_link_color":"","ocean_menu_link_color_hover":"","ocean_menu_link_color_active":"","ocean_menu_link_background":"","ocean_menu_link_hover_background":"","ocean_menu_link_active_background":"","ocean_menu_social_links_bg":"","ocean_menu_social_hover_links_bg":"","ocean_menu_social_links_color":"","ocean_menu_social_hover_links_color":"","ocean_disable_title":"default","ocean_disable_heading":"default","ocean_post_title":"","ocean_post_subheading":"","ocean_post_title_style":"","ocean_post_title_background_color":"","ocean_post_title_background":0,"ocean_post_title_bg_image_position":"","ocean_post_title_bg_image_attachment":"","ocean_post_title_bg_image_repeat":"","ocean_post_title_bg_image_size":"","ocean_post_title_height":0,"ocean_post_title_bg_overlay":0.5,"ocean_post_title_bg_overlay_color":"","ocean_disable_breadcrumbs":"default","ocean_breadcrumbs_color":"","ocean_breadcrumbs_separator_color":"","ocean_breadcrumbs_links_color":"","ocean_breadcrumbs_links_hover_color":"","ocean_display_footer_widgets":"default","ocean_display_footer_bottom":"default","ocean_custom_footer_template":"0","ocean_post_oembed":"","ocean_post_self_hosted_media":"","ocean_post_video_embed":"","ocean_link_format":"","ocean_link_format_target":"self","ocean_quote_format":"","ocean_quote_format_link":"post","ocean_gallery_link_images":"on","ocean_gallery_id":[]},"categories":[93],"tags":[68,95,85,73,97,98,76,94,99,71,96,79],"yoast_head":"<!-- This site is optimized with the Yoast SEO plugin v19.5.1 - https:\/\/yoast.com\/wordpress\/plugins\/seo\/ -->\n<title>Komentarz do numerycznych prognoz pogody (17\/18.03.2023) - Laboratorium Modelowania Meteorologicznego CMOK IMGW-PIB<\/title>\n<meta name=\"description\" content=\"Komentarz do numerycznych prognoz pogody opracowany w Centrum Modelowania Meteorologicznego IMGW-PIB.\" \/>\n<meta name=\"robots\" content=\"index, follow, max-snippet:-1, max-image-preview:large, max-video-preview:-1\" \/>\n<link rel=\"canonical\" href=\"https:\/\/cmm.imgw.pl\/?p=25481\" \/>\n<meta property=\"og:locale\" content=\"pl_PL\" \/>\n<meta property=\"og:type\" content=\"article\" \/>\n<meta property=\"og:title\" content=\"Komentarz do numerycznych prognoz pogody (17\/18.03.2023)\" \/>\n<meta property=\"og:description\" content=\"Komentarz do numerycznych prognoz pogody opracowany w Centrum Modelowania Meteorologicznego IMGW-PIB\" \/>\n<meta property=\"og:url\" content=\"https:\/\/cmm.imgw.pl\/?p=25481\" \/>\n<meta property=\"og:site_name\" content=\"Laboratorium Modelowania Meteorologicznego CMOK IMGW-PIB\" \/>\n<meta property=\"article:publisher\" content=\"https:\/\/www.facebook.com\/Meteoimgw\/\" \/>\n<meta property=\"article:published_time\" content=\"2023-03-17T16:29:21+00:00\" \/>\n<meta property=\"article:modified_time\" content=\"2023-03-17T16:45:56+00:00\" \/>\n<meta property=\"og:image\" content=\"http:\/\/cmm.imgw.pl\/wp-content\/uploads\/2023\/02\/komentarz4.png\" \/>\n\t<meta property=\"og:image:width\" content=\"1280\" \/>\n\t<meta property=\"og:image:height\" content=\"720\" \/>\n\t<meta property=\"og:image:type\" content=\"image\/png\" \/>\n<meta name=\"author\" content=\"CMM\" \/>\n<meta name=\"twitter:card\" content=\"summary_large_image\" \/>\n<meta name=\"twitter:title\" content=\"Komentarz do numerycznych prognoz pogody (17\/18.03.2023)\" \/>\n<meta name=\"twitter:description\" content=\"Komentarz do numerycznych prognoz pogody opracowany w Centrum Modelowania Meteorologicznego IMGW-PIB\" \/>\n<meta name=\"twitter:image\" content=\"https:\/\/cmm.imgw.pl\/wp-content\/uploads\/2023\/02\/komentarz4.png\" \/>\n<meta name=\"twitter:creator\" content=\"@IMGW_CMM\" \/>\n<meta name=\"twitter:site\" content=\"@IMGW_CMM\" \/>\n<meta name=\"twitter:label1\" content=\"Napisane przez\" \/>\n\t<meta name=\"twitter:data1\" content=\"CMM\" \/>\n\t<meta name=\"twitter:label2\" content=\"Szacowany czas czytania\" \/>\n\t<meta name=\"twitter:data2\" content=\"26 minut\" \/>\n<script type=\"application\/ld+json\" class=\"yoast-schema-graph\">{\"@context\":\"https:\/\/schema.org\",\"@graph\":[{\"@type\":\"Article\",\"@id\":\"https:\/\/cmm.imgw.pl\/?p=25481#article\",\"isPartOf\":{\"@id\":\"https:\/\/cmm.imgw.pl\/?p=25481\"},\"author\":{\"name\":\"CMM\",\"@id\":\"https:\/\/cmm.imgw.pl\/#\/schema\/person\/a24a37fe434fe76b0f5791e6bd3fdb46\"},\"headline\":\"Komentarz do numerycznych prognoz pogody (17\/18.03.2023)\",\"datePublished\":\"2023-03-17T16:29:21+00:00\",\"dateModified\":\"2023-03-17T16:45:56+00:00\",\"mainEntityOfPage\":{\"@id\":\"https:\/\/cmm.imgw.pl\/?p=25481\"},\"wordCount\":1587,\"publisher\":{\"@id\":\"https:\/\/cmm.imgw.pl\/#organization\"},\"keywords\":[\"cmm\",\"Cosmo\",\"imgw\",\"klimat\",\"komentarz\",\"komentarz pogodowy\",\"meteorologia\",\"NMP\",\"NPP\",\"pogoda\",\"prognoza pogody\",\"zima\"],\"articleSection\":[\"Komentarz\"],\"inLanguage\":\"pl-PL\"},{\"@type\":\"WebPage\",\"@id\":\"https:\/\/cmm.imgw.pl\/?p=25481\",\"url\":\"https:\/\/cmm.imgw.pl\/?p=25481\",\"name\":\"Komentarz do numerycznych prognoz pogody (17\/18.03.2023) - Laboratorium Modelowania Meteorologicznego CMOK IMGW-PIB\",\"isPartOf\":{\"@id\":\"https:\/\/cmm.imgw.pl\/#website\"},\"datePublished\":\"2023-03-17T16:29:21+00:00\",\"dateModified\":\"2023-03-17T16:45:56+00:00\",\"description\":\"Komentarz do numerycznych prognoz pogody opracowany w Centrum Modelowania Meteorologicznego IMGW-PIB.\",\"breadcrumb\":{\"@id\":\"https:\/\/cmm.imgw.pl\/?p=25481#breadcrumb\"},\"inLanguage\":\"pl-PL\",\"potentialAction\":[{\"@type\":\"ReadAction\",\"target\":[\"https:\/\/cmm.imgw.pl\/?p=25481\"]}]},{\"@type\":\"BreadcrumbList\",\"@id\":\"https:\/\/cmm.imgw.pl\/?p=25481#breadcrumb\",\"itemListElement\":[{\"@type\":\"ListItem\",\"position\":1,\"name\":\"Home\",\"item\":\"https:\/\/cmm.imgw.pl\/\"},{\"@type\":\"ListItem\",\"position\":2,\"name\":\"Komentarz do numerycznych prognoz pogody (17\/18.03.2023)\"}]},{\"@type\":\"WebSite\",\"@id\":\"https:\/\/cmm.imgw.pl\/#website\",\"url\":\"https:\/\/cmm.imgw.pl\/\",\"name\":\"Laboratorium Modelowania Meteorologicznego CMOK IMGW-PIB\",\"description\":\"CMOK-LMM Laboratorium pe\u0142ni pa\u0144stwow\u0105 s\u0142u\u017cb\u0119 hydrologiczno-meteorologiczn\u0105 w zakresie numerycznych prognoz pogody, kt\u00f3rego zadaniem jest konsolidacja kompetencji w obszarze modelowania zjawisk pogodowych oraz dalszego rozwoju numerycznych modeli pogody (NMP).\",\"publisher\":{\"@id\":\"https:\/\/cmm.imgw.pl\/#organization\"},\"potentialAction\":[{\"@type\":\"SearchAction\",\"target\":{\"@type\":\"EntryPoint\",\"urlTemplate\":\"https:\/\/cmm.imgw.pl\/?s={search_term_string}\"},\"query-input\":\"required name=search_term_string\"}],\"inLanguage\":\"pl-PL\"},{\"@type\":\"Organization\",\"@id\":\"https:\/\/cmm.imgw.pl\/#organization\",\"name\":\"Laboratorium Modelowania Meteorologicznego CMOK IMGW-PIB\",\"url\":\"https:\/\/cmm.imgw.pl\/\",\"sameAs\":[\"https:\/\/www.facebook.com\/Meteoimgw\/\",\"https:\/\/twitter.com\/IMGW_CMM\"],\"logo\":{\"@type\":\"ImageObject\",\"inLanguage\":\"pl-PL\",\"@id\":\"https:\/\/cmm.imgw.pl\/#\/schema\/logo\/image\/\",\"url\":\"https:\/\/cmm.imgw.pl\/wp-content\/uploads\/2025\/10\/MODELE_LOGO_UNIFIKACJA_v2.png\",\"contentUrl\":\"https:\/\/cmm.imgw.pl\/wp-content\/uploads\/2025\/10\/MODELE_LOGO_UNIFIKACJA_v2.png\",\"width\":1356,\"height\":365,\"caption\":\"Laboratorium Modelowania Meteorologicznego CMOK IMGW-PIB\"},\"image\":{\"@id\":\"https:\/\/cmm.imgw.pl\/#\/schema\/logo\/image\/\"}},{\"@type\":\"Person\",\"@id\":\"https:\/\/cmm.imgw.pl\/#\/schema\/person\/a24a37fe434fe76b0f5791e6bd3fdb46\",\"name\":\"CMM\",\"image\":{\"@type\":\"ImageObject\",\"inLanguage\":\"pl-PL\",\"@id\":\"https:\/\/cmm.imgw.pl\/#\/schema\/person\/image\/\",\"url\":\"https:\/\/secure.gravatar.com\/avatar\/9248ea2273711f1cd09d6bd45867dbfb?s=96&d=blank&r=g\",\"contentUrl\":\"https:\/\/secure.gravatar.com\/avatar\/9248ea2273711f1cd09d6bd45867dbfb?s=96&d=blank&r=g\",\"caption\":\"CMM\"},\"sameAs\":[\"http:\/\/cmm.imgw.pl\"],\"url\":\"https:\/\/cmm.imgw.pl\/?author=3\"}]}<\/script>\n<!-- \/ Yoast SEO plugin. -->","yoast_head_json":{"title":"Komentarz do numerycznych prognoz pogody (17\/18.03.2023) - Laboratorium Modelowania Meteorologicznego CMOK IMGW-PIB","description":"Komentarz do numerycznych prognoz pogody opracowany w Centrum Modelowania Meteorologicznego IMGW-PIB.","robots":{"index":"index","follow":"follow","max-snippet":"max-snippet:-1","max-image-preview":"max-image-preview:large","max-video-preview":"max-video-preview:-1"},"canonical":"https:\/\/cmm.imgw.pl\/?p=25481","og_locale":"pl_PL","og_type":"article","og_title":"Komentarz do numerycznych prognoz pogody (17\/18.03.2023)","og_description":"Komentarz do numerycznych prognoz pogody opracowany w Centrum Modelowania Meteorologicznego IMGW-PIB","og_url":"https:\/\/cmm.imgw.pl\/?p=25481","og_site_name":"Laboratorium Modelowania Meteorologicznego CMOK IMGW-PIB","article_publisher":"https:\/\/www.facebook.com\/Meteoimgw\/","article_published_time":"2023-03-17T16:29:21+00:00","article_modified_time":"2023-03-17T16:45:56+00:00","og_image":[{"width":1280,"height":720,"url":"http:\/\/cmm.imgw.pl\/wp-content\/uploads\/2023\/02\/komentarz4.png","type":"image\/png"}],"author":"CMM","twitter_card":"summary_large_image","twitter_title":"Komentarz do numerycznych prognoz pogody (17\/18.03.2023)","twitter_description":"Komentarz do numerycznych prognoz pogody opracowany w Centrum Modelowania Meteorologicznego IMGW-PIB","twitter_image":"https:\/\/cmm.imgw.pl\/wp-content\/uploads\/2023\/02\/komentarz4.png","twitter_creator":"@IMGW_CMM","twitter_site":"@IMGW_CMM","twitter_misc":{"Napisane przez":"CMM","Szacowany czas czytania":"26 minut"},"schema":{"@context":"https:\/\/schema.org","@graph":[{"@type":"Article","@id":"https:\/\/cmm.imgw.pl\/?p=25481#article","isPartOf":{"@id":"https:\/\/cmm.imgw.pl\/?p=25481"},"author":{"name":"CMM","@id":"https:\/\/cmm.imgw.pl\/#\/schema\/person\/a24a37fe434fe76b0f5791e6bd3fdb46"},"headline":"Komentarz do numerycznych prognoz pogody (17\/18.03.2023)","datePublished":"2023-03-17T16:29:21+00:00","dateModified":"2023-03-17T16:45:56+00:00","mainEntityOfPage":{"@id":"https:\/\/cmm.imgw.pl\/?p=25481"},"wordCount":1587,"publisher":{"@id":"https:\/\/cmm.imgw.pl\/#organization"},"keywords":["cmm","Cosmo","imgw","klimat","komentarz","komentarz pogodowy","meteorologia","NMP","NPP","pogoda","prognoza pogody","zima"],"articleSection":["Komentarz"],"inLanguage":"pl-PL"},{"@type":"WebPage","@id":"https:\/\/cmm.imgw.pl\/?p=25481","url":"https:\/\/cmm.imgw.pl\/?p=25481","name":"Komentarz do numerycznych prognoz pogody (17\/18.03.2023) - Laboratorium Modelowania Meteorologicznego CMOK IMGW-PIB","isPartOf":{"@id":"https:\/\/cmm.imgw.pl\/#website"},"datePublished":"2023-03-17T16:29:21+00:00","dateModified":"2023-03-17T16:45:56+00:00","description":"Komentarz do numerycznych prognoz pogody opracowany w Centrum Modelowania Meteorologicznego IMGW-PIB.","breadcrumb":{"@id":"https:\/\/cmm.imgw.pl\/?p=25481#breadcrumb"},"inLanguage":"pl-PL","potentialAction":[{"@type":"ReadAction","target":["https:\/\/cmm.imgw.pl\/?p=25481"]}]},{"@type":"BreadcrumbList","@id":"https:\/\/cmm.imgw.pl\/?p=25481#breadcrumb","itemListElement":[{"@type":"ListItem","position":1,"name":"Home","item":"https:\/\/cmm.imgw.pl\/"},{"@type":"ListItem","position":2,"name":"Komentarz do numerycznych prognoz pogody (17\/18.03.2023)"}]},{"@type":"WebSite","@id":"https:\/\/cmm.imgw.pl\/#website","url":"https:\/\/cmm.imgw.pl\/","name":"Laboratorium Modelowania Meteorologicznego CMOK IMGW-PIB","description":"CMOK-LMM Laboratorium pe\u0142ni pa\u0144stwow\u0105 s\u0142u\u017cb\u0119 hydrologiczno-meteorologiczn\u0105 w zakresie numerycznych prognoz pogody, kt\u00f3rego zadaniem jest konsolidacja kompetencji w obszarze modelowania zjawisk pogodowych oraz dalszego rozwoju numerycznych modeli pogody (NMP).","publisher":{"@id":"https:\/\/cmm.imgw.pl\/#organization"},"potentialAction":[{"@type":"SearchAction","target":{"@type":"EntryPoint","urlTemplate":"https:\/\/cmm.imgw.pl\/?s={search_term_string}"},"query-input":"required name=search_term_string"}],"inLanguage":"pl-PL"},{"@type":"Organization","@id":"https:\/\/cmm.imgw.pl\/#organization","name":"Laboratorium Modelowania Meteorologicznego CMOK IMGW-PIB","url":"https:\/\/cmm.imgw.pl\/","sameAs":["https:\/\/www.facebook.com\/Meteoimgw\/","https:\/\/twitter.com\/IMGW_CMM"],"logo":{"@type":"ImageObject","inLanguage":"pl-PL","@id":"https:\/\/cmm.imgw.pl\/#\/schema\/logo\/image\/","url":"https:\/\/cmm.imgw.pl\/wp-content\/uploads\/2025\/10\/MODELE_LOGO_UNIFIKACJA_v2.png","contentUrl":"https:\/\/cmm.imgw.pl\/wp-content\/uploads\/2025\/10\/MODELE_LOGO_UNIFIKACJA_v2.png","width":1356,"height":365,"caption":"Laboratorium Modelowania Meteorologicznego CMOK IMGW-PIB"},"image":{"@id":"https:\/\/cmm.imgw.pl\/#\/schema\/logo\/image\/"}},{"@type":"Person","@id":"https:\/\/cmm.imgw.pl\/#\/schema\/person\/a24a37fe434fe76b0f5791e6bd3fdb46","name":"CMM","image":{"@type":"ImageObject","inLanguage":"pl-PL","@id":"https:\/\/cmm.imgw.pl\/#\/schema\/person\/image\/","url":"https:\/\/secure.gravatar.com\/avatar\/9248ea2273711f1cd09d6bd45867dbfb?s=96&d=blank&r=g","contentUrl":"https:\/\/secure.gravatar.com\/avatar\/9248ea2273711f1cd09d6bd45867dbfb?s=96&d=blank&r=g","caption":"CMM"},"sameAs":["http:\/\/cmm.imgw.pl"],"url":"https:\/\/cmm.imgw.pl\/?author=3"}]}},"_links":{"self":[{"href":"https:\/\/cmm.imgw.pl\/index.php?rest_route=\/wp\/v2\/posts\/25481"}],"collection":[{"href":"https:\/\/cmm.imgw.pl\/index.php?rest_route=\/wp\/v2\/posts"}],"about":[{"href":"https:\/\/cmm.imgw.pl\/index.php?rest_route=\/wp\/v2\/types\/post"}],"author":[{"embeddable":true,"href":"https:\/\/cmm.imgw.pl\/index.php?rest_route=\/wp\/v2\/users\/3"}],"replies":[{"embeddable":true,"href":"https:\/\/cmm.imgw.pl\/index.php?rest_route=%2Fwp%2Fv2%2Fcomments&post=25481"}],"version-history":[{"count":6,"href":"https:\/\/cmm.imgw.pl\/index.php?rest_route=\/wp\/v2\/posts\/25481\/revisions"}],"predecessor-version":[{"id":25544,"href":"https:\/\/cmm.imgw.pl\/index.php?rest_route=\/wp\/v2\/posts\/25481\/revisions\/25544"}],"wp:attachment":[{"href":"https:\/\/cmm.imgw.pl\/index.php?rest_route=%2Fwp%2Fv2%2Fmedia&parent=25481"}],"wp:term":[{"taxonomy":"category","embeddable":true,"href":"https:\/\/cmm.imgw.pl\/index.php?rest_route=%2Fwp%2Fv2%2Fcategories&post=25481"},{"taxonomy":"post_tag","embeddable":true,"href":"https:\/\/cmm.imgw.pl\/index.php?rest_route=%2Fwp%2Fv2%2Ftags&post=25481"}],"curies":[{"name":"wp","href":"https:\/\/api.w.org\/{rel}","templated":true}]}}