{"id":25400,"date":"2023-03-16T16:33:41","date_gmt":"2023-03-16T15:33:41","guid":{"rendered":"https:\/\/cmm.imgw.pl\/?p=25400"},"modified":"2023-03-16T16:33:44","modified_gmt":"2023-03-16T15:33:44","slug":"komentarz-do-numerycznych-prognoz-pogody-16-17-03-2023","status":"publish","type":"post","link":"https:\/\/cmm.imgw.pl\/?p=25400","title":{"rendered":"Komentarz do numerycznych prognoz pogody (16\/17.03.2023)"},"content":{"rendered":"\n<figure class=\"wp-block-image size-large\"><img loading=\"lazy\" width=\"1024\" height=\"576\" src=\"https:\/\/cmm.imgw.pl\/wp-content\/uploads\/2023\/03\/komentarz4-1-1024x576.png\" alt=\"\" class=\"wp-image-23617\" srcset=\"https:\/\/cmm.imgw.pl\/wp-content\/uploads\/2023\/03\/komentarz4-1-1024x576.png 1024w, https:\/\/cmm.imgw.pl\/wp-content\/uploads\/2023\/03\/komentarz4-1-300x169.png 300w, https:\/\/cmm.imgw.pl\/wp-content\/uploads\/2023\/03\/komentarz4-1-768x432.png 768w, https:\/\/cmm.imgw.pl\/wp-content\/uploads\/2023\/03\/komentarz4-1-800x450.png 800w, https:\/\/cmm.imgw.pl\/wp-content\/uploads\/2023\/03\/komentarz4-1.png 1280w\" sizes=\"(max-width: 1024px) 100vw, 1024px\" \/><\/figure>\n\n\n\n<p><em>Tre\u015b\u0107 komentarza do numerycznych prognoz meteorologicznych stanowi niezale\u017cne od biura prognoz meteorologicznych opracowanie wykonane w Centrum Modelowania Meteorologicznego i nie stanowi oficjalnej prognozy synoptycznej IMGW-PIB.<\/em><\/p>\n\n\n\n<p><strong>Opracowanie:<\/strong><\/p>\n\n\n\n<p><strong>dr&nbsp;Grzegorz&nbsp;Duniec, <a href=\"https:\/\/cmm.imgw.pl\/\" target=\"_blank\" rel=\"noreferrer noopener\"><mark style=\"background-color:rgba(0, 0, 0, 0)\" class=\"has-inline-color has-vivid-cyan-blue-color\">Centrum Modelowania Meteorologicznego IMGW-PIB<\/mark><\/a><\/strong><\/p>\n\n\n<p><strong>Dzie\u0144 16 III oraz noc 16\/17 III 2023 r.<\/strong><\/p>\n<p><strong>Opis aktualnej sytuacji synoptycznej w Europie<\/strong><\/p>\n<p><img loading=\"lazy\" width=\"1385\" height=\"983\" class=\"wp-image-25401 aligncenter\" src=\"http:\/\/cmm.imgw.pl\/wp-content\/uploads\/2023\/03\/word-image-25400-1.png\" srcset=\"https:\/\/cmm.imgw.pl\/wp-content\/uploads\/2023\/03\/word-image-25400-1.png 1385w, https:\/\/cmm.imgw.pl\/wp-content\/uploads\/2023\/03\/word-image-25400-1-300x213.png 300w, https:\/\/cmm.imgw.pl\/wp-content\/uploads\/2023\/03\/word-image-25400-1-1024x727.png 1024w, https:\/\/cmm.imgw.pl\/wp-content\/uploads\/2023\/03\/word-image-25400-1-768x545.png 768w\" sizes=\"(max-width: 1385px) 100vw, 1385px\" \/><\/p>\n<p>Ni\u017c znad p\u00f3\u0142nocnej Skandynawii przemie\u015bci\u0142 si\u0119 w kierunku NE i o\u015brodek 985 hPa dotar\u0142 do Morza Karskiego. Front atmosferyczny zwi\u0105zany z tym ni\u017cem rozci\u0105ga si\u0119 od Morza Karskiego po Morze Jo\u0144skie, gdzie zalega kolejny wir cykloniczny o g\u0142\u0119boko\u015bci 1004 hPa. Na froncie wyodr\u0119bnione s\u0105 odcinki ciep\u0142e i ch\u0142odne. Nad Czechami zalega centrum 1025,1 hPa wy\u017cu, kt\u00f3ry swoim zasi\u0119giem obejmuje Polsk\u0119. Klin wysokiego ci\u015bnienia rozci\u0105ga si\u0119 na p\u00f3\u0142noc a\u017c po Skandynawi\u0119. Nad zachodni\u0105 Rosj\u0105 zalega uk\u0142ad wysokiego ci\u015bnienia z centrum 1032,1 hPa. Nad Morzem Grenlandzkim zalega uk\u0142ad wysokiego ci\u015bnienia z centrum 1020 hPa. Nad Atlantykiem zalega uk\u0142ad niskiego ci\u015bnienia z centrum 980 hPa, kt\u00f3ry si\u0119 wype\u0142nia, a swym ciep\u0142ym sektorem obejmuje Wielk\u0105 Brytani\u0119. W zachodnim obszarze domeny znajduje si\u0119 kolejny uk\u0142ad niskiego ci\u015bnienia.<\/p>\n<p><strong>Analiza g\u00f3rnego pola ci\u015bnienia<\/strong><\/p>\n<p><img loading=\"lazy\" width=\"559\" height=\"504\" class=\"wp-image-25402 aligncenter\" src=\"http:\/\/cmm.imgw.pl\/wp-content\/uploads\/2023\/03\/word-image-25400-2.png\" srcset=\"https:\/\/cmm.imgw.pl\/wp-content\/uploads\/2023\/03\/word-image-25400-2.png 559w, https:\/\/cmm.imgw.pl\/wp-content\/uploads\/2023\/03\/word-image-25400-2-300x270.png 300w\" sizes=\"(max-width: 559px) 100vw, 559px\" \/> <img loading=\"lazy\" width=\"696\" height=\"484\" class=\"wp-image-25403 aligncenter\" src=\"http:\/\/cmm.imgw.pl\/wp-content\/uploads\/2023\/03\/word-image-25400-3.png\" srcset=\"https:\/\/cmm.imgw.pl\/wp-content\/uploads\/2023\/03\/word-image-25400-3.png 696w, https:\/\/cmm.imgw.pl\/wp-content\/uploads\/2023\/03\/word-image-25400-3-300x209.png 300w\" sizes=\"(max-width: 696px) 100vw, 696px\" \/><\/p>\n<p><img loading=\"lazy\" width=\"558\" height=\"501\" class=\"wp-image-25404 aligncenter\" src=\"http:\/\/cmm.imgw.pl\/wp-content\/uploads\/2023\/03\/word-image-25400-4.png\" srcset=\"https:\/\/cmm.imgw.pl\/wp-content\/uploads\/2023\/03\/word-image-25400-4.png 558w, https:\/\/cmm.imgw.pl\/wp-content\/uploads\/2023\/03\/word-image-25400-4-300x269.png 300w\" sizes=\"(max-width: 558px) 100vw, 558px\" \/><\/p>\n<p><img loading=\"lazy\" width=\"557\" height=\"504\" class=\"wp-image-25405 aligncenter\" src=\"http:\/\/cmm.imgw.pl\/wp-content\/uploads\/2023\/03\/word-image-25400-5.png\" srcset=\"https:\/\/cmm.imgw.pl\/wp-content\/uploads\/2023\/03\/word-image-25400-5.png 557w, https:\/\/cmm.imgw.pl\/wp-content\/uploads\/2023\/03\/word-image-25400-5-300x271.png 300w\" sizes=\"(max-width: 557px) 100vw, 557px\" \/> <img loading=\"lazy\" width=\"695\" height=\"484\" class=\"wp-image-25406 aligncenter\" src=\"http:\/\/cmm.imgw.pl\/wp-content\/uploads\/2023\/03\/word-image-25400-6.png\" srcset=\"https:\/\/cmm.imgw.pl\/wp-content\/uploads\/2023\/03\/word-image-25400-6.png 695w, https:\/\/cmm.imgw.pl\/wp-content\/uploads\/2023\/03\/word-image-25400-6-300x209.png 300w\" sizes=\"(max-width: 695px) 100vw, 695px\" \/><\/p>\n<p><img loading=\"lazy\" width=\"557\" height=\"499\" class=\"wp-image-25407 aligncenter\" src=\"http:\/\/cmm.imgw.pl\/wp-content\/uploads\/2023\/03\/word-image-25400-7.png\" srcset=\"https:\/\/cmm.imgw.pl\/wp-content\/uploads\/2023\/03\/word-image-25400-7.png 557w, https:\/\/cmm.imgw.pl\/wp-content\/uploads\/2023\/03\/word-image-25400-7-300x269.png 300w\" sizes=\"(max-width: 557px) 100vw, 557px\" \/> <img loading=\"lazy\" width=\"696\" height=\"489\" class=\"wp-image-25408 aligncenter\" src=\"http:\/\/cmm.imgw.pl\/wp-content\/uploads\/2023\/03\/word-image-25400-8.png\" srcset=\"https:\/\/cmm.imgw.pl\/wp-content\/uploads\/2023\/03\/word-image-25400-8.png 696w, https:\/\/cmm.imgw.pl\/wp-content\/uploads\/2023\/03\/word-image-25400-8-300x211.png 300w\" sizes=\"(max-width: 696px) 100vw, 696px\" \/><\/p>\n<p>Dla wy\u017cu znad Czech nie ma jeszcze wyodr\u0119bnionej zamkni\u0119tej cyrkulacji antycyklonicznej na wy\u017cszych poziomach w troposferze. Izohipsy s\u0105 jedynie gi\u0119te na kszta\u0142t klina. Ni\u017c znad Atlantyku rozbudowany ku g\u00f3rze. Na wszystkich poziomach izobarycznych zaznaczona zamkni\u0119ta cyrkulacja cykloniczna. Wzd\u0142u\u017c osi ni\u017cu g\u0142\u0119boko\u015b\u0107 wiru rozk\u0142ada si\u0119 nast\u0119puj\u0105co: 114 gpdam na wysoko\u015bci 850 hPa, 272 gpdam na wysoko\u015bci 3km, 524 gpdam na wysoko\u015bci 5,5 km oraz 876 gpdam na wysoko\u015bci 9km. Z analizy geopotencja\u0142u wynika, \u017ce proces wype\u0142niania dotar\u0142 do poziomu 850 hPa. Na wy\u017cszych poziomach wir cykloniczny nadal si\u0119 pog\u0142\u0119bia. Ni\u017c znad Morza Jo\u0144skiego rozbudowany ku g\u00f3rze z wyodr\u0119bnion\u0105 zamkni\u0119t\u0105 cyrkulacj\u0105 cykloniczn\u0105. Na wy\u017cszych poziomach izohipsy gi\u0119te na kszta\u0142t zatoki. Ni\u017c znad Morza Karskiego rozbudowa\u0142 si\u0119 ku g\u00f3rze i na wszystkich poziomach wyodr\u0119bniona zamkni\u0119ta cyrkulacja. Wy\u017c nad Rosj\u0105 na granicy zasi\u0119gu mapy.<\/p>\n<p><strong>Analiza g\u00f3rnego pola wiatru<\/strong><\/p>\n<p><img loading=\"lazy\" width=\"1387\" height=\"1112\" class=\"wp-image-25409 aligncenter\" src=\"http:\/\/cmm.imgw.pl\/wp-content\/uploads\/2023\/03\/word-image-25400-9.png\" srcset=\"https:\/\/cmm.imgw.pl\/wp-content\/uploads\/2023\/03\/word-image-25400-9.png 1387w, https:\/\/cmm.imgw.pl\/wp-content\/uploads\/2023\/03\/word-image-25400-9-300x241.png 300w, https:\/\/cmm.imgw.pl\/wp-content\/uploads\/2023\/03\/word-image-25400-9-1024x821.png 1024w, https:\/\/cmm.imgw.pl\/wp-content\/uploads\/2023\/03\/word-image-25400-9-768x616.png 768w\" sizes=\"(max-width: 1387px) 100vw, 1387px\" \/><\/p>\n<p>Nad Atlantykiem, nad Wielk\u0105 Brytani\u0105, od Morza P\u00f3\u0142nocnego przez Niemcy a\u017c po W\u0142ochy, Morze Adriatyckie, Morze Jo\u0144skie, Morze \u015ar\u00f3dziemne, nad zachodni\u0105 Polsk\u0105 oraz Europ\u0105 p\u00f3\u0142nocno wschodni\u0105 rozci\u0105ga si\u0119 strefa du\u017cych pr\u0119dko\u015bci wiatru oraz pr\u0105d\u00f3w strumieniowych. Nad Polsk\u0105 zalega o\u015b pr\u0105du strumieniowego na wysoko\u015bci FL260 (7925 m), z maksymaln\u0105 pr\u0119dko\u015bci\u0105 w osi pr\u0105du 45 m\/s. Nad Europ\u0105 zachodni\u0105 (od Morza P\u00f3\u0142nocnego a\u017c po Morze \u015ar\u00f3dziemne zalega kolejny pr\u0105d strumieniowy na wysoko\u015bci FL320\/330 (9754m\/10058m), z maksymaln\u0105 pr\u0119dko\u015bci\u0105 w osi pr\u0105du 50-60 m\/s. Nad Atlantykiem r\u00f3wnie\u017c zalegaj\u0105 pr\u0105dy strumieniowe. Od Ukrainy przez Bia\u0142oru\u015b a\u017c po Morze Bia\u0142e i Morze Barentsa rozci\u0105ga si\u0119 pr\u0105d strumieniowy na wysoko\u015bci FL280\/270 (8534m\/8230m) z maksymaln\u0105 pr\u0119dko\u015bci w osi pr\u0105du 45-65 m\/s.<\/p>\n<p><strong>Tropopauza<\/strong><\/p>\n<p>Nad Ba\u0142tykiem zalega ni\u017c tropopauzy (tropopauza wykazuje obni\u017cenie do poziomu FL210 (6400 m). W rejonie Morza Norweskiego zalega drugi ni\u017c tropopauzy (tropopauza wykazuje obni\u017cenie do poziomu FL190 (5790 m). Nad Atlantykiem zalega trzeci ni\u017c tropopauzy (tropopauza wykazuje obni\u017cenie do poziomu FL270 (8230m). Nad Morzem Egejskim zalega czwarty ni\u017c tropopauzy (tropopauza wykazuje obni\u017cenie do poziomu FL300 (9144m). Nad po\u0142udniow\u0105 Francj\u0105 zalega wy\u017c tropopauzy (tropopauza wykazuje podniesienie do poziomu FL400 (12192m).<\/p>\n<p><strong>Rozw\u00f3j sytuacji barycznej nad Europ\u0105 w horyzoncie 24 godzin<\/strong><\/p>\n<p><img loading=\"lazy\" width=\"1075\" height=\"764\" class=\"wp-image-25410 aligncenter\" src=\"http:\/\/cmm.imgw.pl\/wp-content\/uploads\/2023\/03\/word-image-25400-10.gif\" \/> <img loading=\"lazy\" width=\"1075\" height=\"764\" class=\"wp-image-25411 aligncenter\" src=\"http:\/\/cmm.imgw.pl\/wp-content\/uploads\/2023\/03\/word-image-25400-11.gif\" \/><\/p>\n<p>W dalszym ci\u0105gu nad wschodni\u0105 Europ\u0105 zalega\u0107 b\u0119dzie zatoka w kt\u00f3rej zalega front atmosferyczny. Prawdopodobnie centrum znad Morza Karskiego przemie\u015bci si\u0119 na wsch\u00f3d i znajdzie si\u0119 poza domen\u0105 mapy.<\/p>\n<p><img loading=\"lazy\" width=\"465\" height=\"531\" class=\"wp-image-25412 aligncenter\" src=\"http:\/\/cmm.imgw.pl\/wp-content\/uploads\/2023\/03\/word-image-25400-12.jpeg\" srcset=\"https:\/\/cmm.imgw.pl\/wp-content\/uploads\/2023\/03\/word-image-25400-12.jpeg 465w, https:\/\/cmm.imgw.pl\/wp-content\/uploads\/2023\/03\/word-image-25400-12-263x300.jpeg 263w\" sizes=\"(max-width: 465px) 100vw, 465px\" \/> <img loading=\"lazy\" width=\"450\" height=\"514\" class=\"wp-image-25413 aligncenter\" src=\"http:\/\/cmm.imgw.pl\/wp-content\/uploads\/2023\/03\/word-image-25400-13.jpeg\" srcset=\"https:\/\/cmm.imgw.pl\/wp-content\/uploads\/2023\/03\/word-image-25400-13.jpeg 450w, https:\/\/cmm.imgw.pl\/wp-content\/uploads\/2023\/03\/word-image-25400-13-263x300.jpeg 263w\" sizes=\"(max-width: 450px) 100vw, 450px\" \/> <img loading=\"lazy\" width=\"443\" height=\"506\" class=\"wp-image-25414 aligncenter\" src=\"http:\/\/cmm.imgw.pl\/wp-content\/uploads\/2023\/03\/word-image-25400-14.jpeg\" srcset=\"https:\/\/cmm.imgw.pl\/wp-content\/uploads\/2023\/03\/word-image-25400-14.jpeg 443w, https:\/\/cmm.imgw.pl\/wp-content\/uploads\/2023\/03\/word-image-25400-14-263x300.jpeg 263w\" sizes=\"(max-width: 443px) 100vw, 443px\" \/> <img loading=\"lazy\" width=\"468\" height=\"535\" class=\"wp-image-25415 aligncenter\" src=\"http:\/\/cmm.imgw.pl\/wp-content\/uploads\/2023\/03\/word-image-25400-15.jpeg\" srcset=\"https:\/\/cmm.imgw.pl\/wp-content\/uploads\/2023\/03\/word-image-25400-15.jpeg 468w, https:\/\/cmm.imgw.pl\/wp-content\/uploads\/2023\/03\/word-image-25400-15-262x300.jpeg 262w\" sizes=\"(max-width: 468px) 100vw, 468px\" \/> <img loading=\"lazy\" width=\"463\" height=\"529\" class=\"wp-image-25416 aligncenter\" src=\"http:\/\/cmm.imgw.pl\/wp-content\/uploads\/2023\/03\/word-image-25400-16.jpeg\" srcset=\"https:\/\/cmm.imgw.pl\/wp-content\/uploads\/2023\/03\/word-image-25400-16.jpeg 463w, https:\/\/cmm.imgw.pl\/wp-content\/uploads\/2023\/03\/word-image-25400-16-263x300.jpeg 263w\" sizes=\"(max-width: 463px) 100vw, 463px\" \/> <img loading=\"lazy\" width=\"449\" height=\"513\" class=\"wp-image-25417 aligncenter\" src=\"http:\/\/cmm.imgw.pl\/wp-content\/uploads\/2023\/03\/word-image-25400-17.jpeg\" srcset=\"https:\/\/cmm.imgw.pl\/wp-content\/uploads\/2023\/03\/word-image-25400-17.jpeg 449w, https:\/\/cmm.imgw.pl\/wp-content\/uploads\/2023\/03\/word-image-25400-17-263x300.jpeg 263w\" sizes=\"(max-width: 449px) 100vw, 449px\" \/><\/p>\n<p>Wy\u017c z o\u015brodkiem nad Czechami b\u0119dzie si\u0119 przemieszcza\u0142 si\u0119 w kierunku E\/NE i obejmie obszar Europy wschodniej, p\u00f3\u0142nocno wschodniej, po\u0142udniowo wschodniej oraz po\u0142udniowej. Klin tego wy\u017cu obejmie tak\u017ce rejon Skandynawii oraz Morza Norweskiego.<\/p>\n<p>Ni\u017c znad Atlantyku b\u0119dzie dalej si\u0119 wype\u0142nia\u0142 i okludowa\u0142. Ciep\u0142y sektor b\u0119dzie si\u0119 zmniejsza\u0142. Do godzin nocnych prawdopodobnie dojdzie do utworzenia nowego wiru cyklonicznego w punkcie okluzji. Po p\u00f3\u0142nocy nowo utworzony o\u015brodek znajdzie si\u0119 nad Morzem P\u00f3\u0142nocnym. Pofalowany front okluzji po\u0142\u0105czony b\u0119dzie z rozleg\u0142ym frontem atmosferycznym, z ciep\u0142ych i ch\u0142odnym odcinkiem. Do po\u0142udniowych godzin w \u015brod\u0119, dojdzie do przebudowy pola barycznego i termicznego. Pewien fragment frontu atmosferycznego ulegnie frontolizie. Uprzednio utworzony w punkcie okluzji wir zacznie si\u0119 pog\u0142\u0119bia\u0107, a na starym froncie okluzji utworzy si\u0119 nowy front ciep\u0142y i ch\u0142odny. Drugi o\u015brodek na froncie okluzji w dalszym ci\u0105gu b\u0119dzie si\u0119 wype\u0142nia\u0142. Pozosta\u0142y, ju\u017c samodzielny odcinek frontu, zalega\u0107 b\u0119dzie w zatoce nad Europ\u0105 zachodni\u0105. Nad Atlantykiem zalega\u0107 b\u0119dzie kolejny uk\u0142ad niskiego ci\u015bnienia, kt\u00f3ry b\u0119dzie si\u0119 wype\u0142nia\u0142.<\/p>\n<p><strong>Analiza g\u00f3rnego pola ci\u015bnienia w horyzoncie 24 godzin. <\/strong><\/p>\n<p><img loading=\"lazy\" width=\"696\" height=\"482\" class=\"wp-image-25418 aligncenter\" src=\"http:\/\/cmm.imgw.pl\/wp-content\/uploads\/2023\/03\/word-image-25400-18.png\" srcset=\"https:\/\/cmm.imgw.pl\/wp-content\/uploads\/2023\/03\/word-image-25400-18.png 696w, https:\/\/cmm.imgw.pl\/wp-content\/uploads\/2023\/03\/word-image-25400-18-300x208.png 300w\" sizes=\"(max-width: 696px) 100vw, 696px\" \/> <img loading=\"lazy\" width=\"696\" height=\"487\" class=\"wp-image-25419 aligncenter\" src=\"http:\/\/cmm.imgw.pl\/wp-content\/uploads\/2023\/03\/word-image-25400-19.png\" srcset=\"https:\/\/cmm.imgw.pl\/wp-content\/uploads\/2023\/03\/word-image-25400-19.png 696w, https:\/\/cmm.imgw.pl\/wp-content\/uploads\/2023\/03\/word-image-25400-19-300x210.png 300w\" sizes=\"(max-width: 696px) 100vw, 696px\" \/><\/p>\n<p><img loading=\"lazy\" width=\"694\" height=\"485\" class=\"wp-image-25420 aligncenter\" src=\"http:\/\/cmm.imgw.pl\/wp-content\/uploads\/2023\/03\/word-image-25400-20.png\" srcset=\"https:\/\/cmm.imgw.pl\/wp-content\/uploads\/2023\/03\/word-image-25400-20.png 694w, https:\/\/cmm.imgw.pl\/wp-content\/uploads\/2023\/03\/word-image-25400-20-300x210.png 300w\" sizes=\"(max-width: 694px) 100vw, 694px\" \/> <img loading=\"lazy\" width=\"696\" height=\"489\" class=\"wp-image-25421 aligncenter\" src=\"http:\/\/cmm.imgw.pl\/wp-content\/uploads\/2023\/03\/word-image-25400-21.png\" srcset=\"https:\/\/cmm.imgw.pl\/wp-content\/uploads\/2023\/03\/word-image-25400-21.png 696w, https:\/\/cmm.imgw.pl\/wp-content\/uploads\/2023\/03\/word-image-25400-21-300x211.png 300w\" sizes=\"(max-width: 696px) 100vw, 696px\" \/><\/p>\n<p><img loading=\"lazy\" width=\"689\" height=\"479\" class=\"wp-image-25422 aligncenter\" src=\"http:\/\/cmm.imgw.pl\/wp-content\/uploads\/2023\/03\/word-image-25400-22.jpeg\" srcset=\"https:\/\/cmm.imgw.pl\/wp-content\/uploads\/2023\/03\/word-image-25400-22.jpeg 689w, https:\/\/cmm.imgw.pl\/wp-content\/uploads\/2023\/03\/word-image-25400-22-300x209.jpeg 300w\" sizes=\"(max-width: 689px) 100vw, 689px\" \/> <img loading=\"lazy\" width=\"687\" height=\"474\" class=\"wp-image-25423 aligncenter\" src=\"http:\/\/cmm.imgw.pl\/wp-content\/uploads\/2023\/03\/word-image-25400-23.jpeg\" srcset=\"https:\/\/cmm.imgw.pl\/wp-content\/uploads\/2023\/03\/word-image-25400-23.jpeg 687w, https:\/\/cmm.imgw.pl\/wp-content\/uploads\/2023\/03\/word-image-25400-23-300x207.jpeg 300w\" sizes=\"(max-width: 687px) 100vw, 687px\" \/><\/p>\n<p>Oba uk\u0142ady niskiego ci\u015bnienia znad Atlantyku rozbudowane ku g\u00f3rze i nadal z dobrze wyodr\u0119bnion\u0105 cyrkulacj\u0105 cykloniczn\u0105. Nowo utworzony ni\u017c w punkcie okluzji, zacznie si\u0119 rozbudowywa\u0107 ku g\u00f3rze i ju\u017c jutro na wysoko\u015bci 850 hPa pojawi si\u0119 zamkni\u0119ta cyrkulacja cykloniczna. Jednak z wysoko\u015bci\u0105 izohipsy b\u0119d\u0105 si\u0119 szybko prostowa\u0107. Na wysoko\u015bci 500 hPa izohipsy b\u0119d\u0105 jeszcze gi\u0119te na kszta\u0142t zatoki, ale o ma\u0142ym promieniu krzywizny. Uk\u0142ad wysokiego ci\u015bnienia znad Europy wschodniej nadal zaznaczy si\u0119 na wy\u017cszych poziomach w postaci klina. Brak zamkni\u0119tej cyrkulacji antycyklonicznej.<\/p>\n<p><strong>Analiza g\u00f3rnego pola wiatru w horyzoncie 24 godzin<\/strong><\/p>\n<p><img loading=\"lazy\" width=\"667\" height=\"535\" class=\"wp-image-25424 aligncenter\" src=\"http:\/\/cmm.imgw.pl\/wp-content\/uploads\/2023\/03\/word-image-25400-24.png\" srcset=\"https:\/\/cmm.imgw.pl\/wp-content\/uploads\/2023\/03\/word-image-25400-24.png 667w, https:\/\/cmm.imgw.pl\/wp-content\/uploads\/2023\/03\/word-image-25400-24-300x241.png 300w\" sizes=\"(max-width: 667px) 100vw, 667px\" \/> <img loading=\"lazy\" width=\"2156\" height=\"1728\" class=\"wp-image-25425 aligncenter\" src=\"http:\/\/cmm.imgw.pl\/wp-content\/uploads\/2023\/03\/word-image-25400-25.png\" srcset=\"https:\/\/cmm.imgw.pl\/wp-content\/uploads\/2023\/03\/word-image-25400-25.png 2156w, https:\/\/cmm.imgw.pl\/wp-content\/uploads\/2023\/03\/word-image-25400-25-300x240.png 300w, https:\/\/cmm.imgw.pl\/wp-content\/uploads\/2023\/03\/word-image-25400-25-1024x821.png 1024w, https:\/\/cmm.imgw.pl\/wp-content\/uploads\/2023\/03\/word-image-25400-25-768x616.png 768w, https:\/\/cmm.imgw.pl\/wp-content\/uploads\/2023\/03\/word-image-25400-25-1536x1231.png 1536w, https:\/\/cmm.imgw.pl\/wp-content\/uploads\/2023\/03\/word-image-25400-25-2048x1641.png 2048w\" sizes=\"(max-width: 2156px) 100vw, 2156px\" \/><\/p>\n<p>W ci\u0105gu 24 godzin brak istnych zmian w rozk\u0142adzie pola wiatru. Obecnie zalegaj\u0105cy nad Polsk\u0105 pr\u0105d strumieniowy rozmyje si\u0119. Od zachodu nasunie si\u0119 kolejny pr\u0105d strumieniowy. O godzinie 12 UTC o\u015b pr\u0105du strumieniowego zalega\u0107 powinna na wysoko\u015bci FL290 (8839m). Pionowy zasi\u0119g pr\u0105du powinien obejmowa\u0107 obszar FL210\/340 (6400m\/10363m). Nad Polsk\u0105 o\u015b pr\u0105du b\u0119dzie przebiega\u0107 prawie po\u0142udnikowo i przemieszcza\u0107 si\u0119 b\u0119dzie na wsch\u00f3d. Maksymalna pr\u0119dko\u015b\u0107 wiatru w osi pr\u0105du wyniesie 60 m\/s. Wieczorem nad obszar Polski p\u00f3\u0142nocno zachodniej nasunie si\u0119 kolejna o\u015b pr\u0105du, kt\u00f3ra w nocy ju\u017c b\u0119dzie zalega\u0142a nad Polsk\u0105 p\u00f3\u0142nocn\u0105 i centraln\u0105 na wysoko\u015bci FL310 (9449m) z maksymaln\u0105 pr\u0119dko\u015bci\u0105 w osi pr\u0105du 50 m\/s.<\/p>\n<p><img loading=\"lazy\" width=\"600\" height=\"640\" class=\"wp-image-25426 aligncenter\" src=\"http:\/\/cmm.imgw.pl\/wp-content\/uploads\/2023\/03\/word-image-25400-26.png\" srcset=\"https:\/\/cmm.imgw.pl\/wp-content\/uploads\/2023\/03\/word-image-25400-26.png 600w, https:\/\/cmm.imgw.pl\/wp-content\/uploads\/2023\/03\/word-image-25400-26-281x300.png 281w\" sizes=\"(max-width: 600px) 100vw, 600px\" \/> <img loading=\"lazy\" width=\"600\" height=\"640\" class=\"wp-image-25427 aligncenter\" src=\"http:\/\/cmm.imgw.pl\/wp-content\/uploads\/2023\/03\/word-image-25400-27.png\" srcset=\"https:\/\/cmm.imgw.pl\/wp-content\/uploads\/2023\/03\/word-image-25400-27.png 600w, https:\/\/cmm.imgw.pl\/wp-content\/uploads\/2023\/03\/word-image-25400-27-281x300.png 281w\" sizes=\"(max-width: 600px) 100vw, 600px\" \/><\/p>\n<p>Z symulacji numerycznych wida\u0107 przemieszczaj\u0105c\u0105 si\u0119 z centrum na wsch\u00f3d, na poziomie 300 hPa, stref\u0119 silnych wiatr\u00f3w o pr\u0119dko\u015bci 50-55 m\/s.<\/p>\n<p><strong>Tropopauza w horyzoncie 24 godzin<\/strong><\/p>\n<p>W nocy wyst\u0105pi\u0105 a\u017c trzy wy\u017ce tropopauzy (gdzie tropopauza wykazywa\u0107 b\u0119dzie podwy\u017cszenie). Nad Atlantykiem FL340 (10363m), nad po\u0142udniow\u0105 Francj\u0105 oraz nad p\u00f3\u0142nocn\u0105 Afryk\u0105 na poziomie FL430 (13106m).<\/p>\n<p><strong>Analiza termiczna troposfery<\/strong><\/p>\n<p><img loading=\"lazy\" width=\"634\" height=\"490\" class=\"wp-image-25428 aligncenter\" src=\"http:\/\/cmm.imgw.pl\/wp-content\/uploads\/2023\/03\/thck-500-1000hpa-gfs-czw-16-03-2023-15-utc.gif\" alt=\"Thck 500-1000hPa GFS czw. 16.03.2023 15 UTC\" \/> <img loading=\"lazy\" width=\"634\" height=\"490\" class=\"wp-image-25429 aligncenter\" src=\"http:\/\/cmm.imgw.pl\/wp-content\/uploads\/2023\/03\/thck-500-1000hpa-gfs-pt-17-03-2023-03-utc.gif\" alt=\"Thck 500-1000hPa GFS pt. 17.03.2023 03 UTC\" \/><\/p>\n<p><img loading=\"lazy\" width=\"634\" height=\"490\" class=\"wp-image-25430 aligncenter\" src=\"http:\/\/cmm.imgw.pl\/wp-content\/uploads\/2023\/03\/theta-w-850hpa-gfs-czw-16-03-2023-15-utc.gif\" alt=\"Theta-W 850hPa GFS czw. 16.03.2023 15 UTC\" \/> <img loading=\"lazy\" width=\"634\" height=\"490\" class=\"wp-image-25431 aligncenter\" src=\"http:\/\/cmm.imgw.pl\/wp-content\/uploads\/2023\/03\/theta-w-850hpa-gfs-pt-17-03-2023-03-utc.gif\" alt=\"Theta-W 850hPa GFS pt. 17.03.2023 03 UTC\" \/><\/p>\n<p>Nad Skandynawi\u0105, nad Morze Norweskim, nad Morze P\u00f3\u0142nocnym oraz Morzem Barentsa a tak\u017ce w zatoce ch\u0142odu nad Ba\u0142tykiem i cz\u0119\u015bciowo nad Polsk\u0105 i p\u00f3\u0142nocno zachodni\u0105 Rosj\u0105 zalega ch\u0142odne powietrze arktyczne. Na pozosta\u0142ym obszarze Europy zalega cieplejsza masa polarno-morskiego powietrza. W rejon p\u0142w. Iberyjskiego dociera powietrze zwrotnikowe.<\/p>\n<p><img loading=\"lazy\" width=\"558\" height=\"501\" class=\"wp-image-25432 aligncenter\" src=\"http:\/\/cmm.imgw.pl\/wp-content\/uploads\/2023\/03\/word-image-25400-32.png\" srcset=\"https:\/\/cmm.imgw.pl\/wp-content\/uploads\/2023\/03\/word-image-25400-32.png 558w, https:\/\/cmm.imgw.pl\/wp-content\/uploads\/2023\/03\/word-image-25400-32-300x269.png 300w\" sizes=\"(max-width: 558px) 100vw, 558px\" \/> <img loading=\"lazy\" width=\"557\" height=\"504\" class=\"wp-image-25433 aligncenter\" src=\"http:\/\/cmm.imgw.pl\/wp-content\/uploads\/2023\/03\/word-image-25400-33.png\" srcset=\"https:\/\/cmm.imgw.pl\/wp-content\/uploads\/2023\/03\/word-image-25400-33.png 557w, https:\/\/cmm.imgw.pl\/wp-content\/uploads\/2023\/03\/word-image-25400-33-300x271.png 300w\" sizes=\"(max-width: 557px) 100vw, 557px\" \/><\/p>\n<p>W rejonie od Morza P\u00f3\u0142nocnego przez Europ\u0119 centraln\u0105, a\u017c po Morze Barentsa, obszar zag\u0119szczonych izoterm, wygi\u0119tych w kszta\u0142t zatoki. Do Polski zacznie nap\u0142ywa\u0107 powietrze z p\u00f3\u0142nocnego zachodu. We wschodniej Polsce wyst\u0119puje jeszcze dodatki k\u0105t adwekcji, a wi\u0119c adwekcja ch\u0142odu. Na zachodzie wyst\u0119puje ujemny k\u0105t adwekcji wskazuj\u0105cy na adwekcj\u0119 ciep\u0142a.<\/p>\n<p><img loading=\"lazy\" width=\"600\" height=\"640\" class=\"wp-image-25434 aligncenter\" src=\"http:\/\/cmm.imgw.pl\/wp-content\/uploads\/2023\/03\/word-image-25400-34.png\" srcset=\"https:\/\/cmm.imgw.pl\/wp-content\/uploads\/2023\/03\/word-image-25400-34.png 600w, https:\/\/cmm.imgw.pl\/wp-content\/uploads\/2023\/03\/word-image-25400-34-281x300.png 281w\" sizes=\"(max-width: 600px) 100vw, 600px\" \/> <img loading=\"lazy\" width=\"600\" height=\"640\" class=\"wp-image-25435 aligncenter\" src=\"http:\/\/cmm.imgw.pl\/wp-content\/uploads\/2023\/03\/word-image-25400-35.png\" srcset=\"https:\/\/cmm.imgw.pl\/wp-content\/uploads\/2023\/03\/word-image-25400-35.png 600w, https:\/\/cmm.imgw.pl\/wp-content\/uploads\/2023\/03\/word-image-25400-35-281x300.png 281w\" sizes=\"(max-width: 600px) 100vw, 600px\" \/> <img loading=\"lazy\" width=\"600\" height=\"640\" class=\"wp-image-25436 aligncenter\" src=\"http:\/\/cmm.imgw.pl\/wp-content\/uploads\/2023\/03\/word-image-25400-36.png\" srcset=\"https:\/\/cmm.imgw.pl\/wp-content\/uploads\/2023\/03\/word-image-25400-36.png 600w, https:\/\/cmm.imgw.pl\/wp-content\/uploads\/2023\/03\/word-image-25400-36-281x300.png 281w\" sizes=\"(max-width: 600px) 100vw, 600px\" \/><\/p>\n<p>Z analizy map topografii barycznej wzgl\u0119dnej wynika, \u017ce pi\u0119kna zatoka ch\u0142odu zalega jeszcze nad wschodni\u0105 Polsk\u0105, kt\u00f3ra z up\u0142ywem czasu b\u0119dzie odsuwa\u0142a si\u0119 na wsch\u00f3d, a od zachodu zacznie nasuwa\u0107 si\u0119 klin ciep\u0142a i nap\u0142yw powietrza polarno-morskiego.<\/p>\n<p><strong>Analiza pola wilgotno\u015bci w pionowym profilu w troposferze<\/strong><\/p>\n<p><img loading=\"lazy\" width=\"600\" height=\"640\" class=\"wp-image-25437 aligncenter\" src=\"http:\/\/cmm.imgw.pl\/wp-content\/uploads\/2023\/03\/word-image-25400-37.png\" srcset=\"https:\/\/cmm.imgw.pl\/wp-content\/uploads\/2023\/03\/word-image-25400-37.png 600w, https:\/\/cmm.imgw.pl\/wp-content\/uploads\/2023\/03\/word-image-25400-37-281x300.png 281w\" sizes=\"(max-width: 600px) 100vw, 600px\" \/> <img loading=\"lazy\" width=\"600\" height=\"640\" class=\"wp-image-25438 aligncenter\" src=\"http:\/\/cmm.imgw.pl\/wp-content\/uploads\/2023\/03\/word-image-25400-38.png\" srcset=\"https:\/\/cmm.imgw.pl\/wp-content\/uploads\/2023\/03\/word-image-25400-38.png 600w, https:\/\/cmm.imgw.pl\/wp-content\/uploads\/2023\/03\/word-image-25400-38-281x300.png 281w\" sizes=\"(max-width: 600px) 100vw, 600px\" \/><\/p>\n<p>W dzie\u0144, na wysoko\u015bci 850 hPa, zalega\u0107 b\u0119dzie warstwa o do\u015b\u0107 du\u017cej wilgotno\u015bci powietrza 60-99%. Na zachodzie kraju wilgotno\u015b\u0107 ma\u0142a 10-30%. W nocy strefa zwi\u0119kszonej wilgotno\u015bci zalega\u0107 b\u0119dzie na wschodzie kraju. Na pozosta\u0142ym obszarze wilgotno\u015b\u0107 niska 10-30%.<\/p>\n<p><img loading=\"lazy\" width=\"600\" height=\"640\" class=\"wp-image-25439 aligncenter\" src=\"http:\/\/cmm.imgw.pl\/wp-content\/uploads\/2023\/03\/word-image-25400-39.png\" srcset=\"https:\/\/cmm.imgw.pl\/wp-content\/uploads\/2023\/03\/word-image-25400-39.png 600w, https:\/\/cmm.imgw.pl\/wp-content\/uploads\/2023\/03\/word-image-25400-39-281x300.png 281w\" sizes=\"(max-width: 600px) 100vw, 600px\" \/> <img loading=\"lazy\" width=\"600\" height=\"640\" class=\"wp-image-25440 aligncenter\" src=\"http:\/\/cmm.imgw.pl\/wp-content\/uploads\/2023\/03\/word-image-25400-40.png\" srcset=\"https:\/\/cmm.imgw.pl\/wp-content\/uploads\/2023\/03\/word-image-25400-40.png 600w, https:\/\/cmm.imgw.pl\/wp-content\/uploads\/2023\/03\/word-image-25400-40-281x300.png 281w\" sizes=\"(max-width: 600px) 100vw, 600px\" \/><\/p>\n<p>Na wysoko\u015bci 500 hPa, w ci\u0105gu dnia, wilgotno\u015b\u0107 niska. Jedynie na kra\u0144cach zachodnich wzrost wilgotno\u015bci do 60-70%. W nocy na terenie ca\u0142ego kraju wilgotno\u015b\u0107 du\u017ca i bardzo du\u017ca, 60-99%.<\/p>\n<p><img loading=\"lazy\" width=\"600\" height=\"640\" class=\"wp-image-25441 aligncenter\" src=\"http:\/\/cmm.imgw.pl\/wp-content\/uploads\/2023\/03\/word-image-25400-41.png\" srcset=\"https:\/\/cmm.imgw.pl\/wp-content\/uploads\/2023\/03\/word-image-25400-41.png 600w, https:\/\/cmm.imgw.pl\/wp-content\/uploads\/2023\/03\/word-image-25400-41-281x300.png 281w\" sizes=\"(max-width: 600px) 100vw, 600px\" \/> <img loading=\"lazy\" width=\"600\" height=\"640\" class=\"wp-image-25442 aligncenter\" src=\"http:\/\/cmm.imgw.pl\/wp-content\/uploads\/2023\/03\/word-image-25400-42.png\" srcset=\"https:\/\/cmm.imgw.pl\/wp-content\/uploads\/2023\/03\/word-image-25400-42.png 600w, https:\/\/cmm.imgw.pl\/wp-content\/uploads\/2023\/03\/word-image-25400-42-281x300.png 281w\" sizes=\"(max-width: 600px) 100vw, 600px\" \/><\/p>\n<p>W ci\u0105gu dnia, na wysoko\u015bci 300 hPa, wilgotno\u015b\u0107 du\u017ca na zachodzie kraju oraz w w\u0105skim pasie przebiegaj\u0105cym od Pobrze\u017ca przez dzielnice centralne po woj. opolski i \u015bl\u0105skie. W nocy strefa zwi\u0119kszonej wilgotno\u015bci zwi\u0119kszy si\u0119. Na p\u00f3\u0142nocy kraju wilgotno\u015b\u0107 bardzo du\u017ca, 95-99%.<\/p>\n<p><img loading=\"lazy\" width=\"800\" height=\"640\" class=\"wp-image-25443 aligncenter\" src=\"http:\/\/cmm.imgw.pl\/wp-content\/uploads\/2023\/03\/word-image-25400-43.gif\" \/> <img loading=\"lazy\" width=\"800\" height=\"640\" class=\"wp-image-25444 aligncenter\" src=\"http:\/\/cmm.imgw.pl\/wp-content\/uploads\/2023\/03\/word-image-25400-44.gif\" \/> <img loading=\"lazy\" width=\"800\" height=\"640\" class=\"wp-image-25445 aligncenter\" src=\"http:\/\/cmm.imgw.pl\/wp-content\/uploads\/2023\/03\/word-image-25400-45.gif\" \/><\/p>\n<p>Powy\u017cszy wyniki symulacji numerycznych maj\u0105 odzwierciedlenie w najnowszym sonda\u017cu aerologicznym.<\/p>\n<p><strong>Prognoza zachmurzenia<\/strong><\/p>\n<p>Prognoza zachmurzenie otrzymana jest w oparciu o symulacje numeryczne i jest to prognoza orientacyjna. Poniewa\u017c procesy mikrofizyczne zachodz\u0105ce w chmurach musz\u0105 by\u0107 parametryzowane, ze wzgl\u0119du na fakt, \u017ce s\u0105 to procesy zachodz\u0105ce w skali mniejszej ni\u017c rozdzielczo\u015b\u0107 siatki obliczeniowej, co mo\u017ce skutkowa\u0107 przeszacowaniem wielko\u015bci zachmurzenia. Innym przyk\u0142adem, np. w modelu COSMO, jest wyst\u0119powanie niewysterczaj\u0105co dobrze odwzorowanego mieszania na wierzcho\u0142ku warstwy granicznej co skutkowa\u0107 mo\u017ce zbyt wolnym rozpraszaniem chmur Stratocumulus i zawy\u017caniem wielko\u015bci pokrycia nieba ww. chmurami. Prognoza rodzaj\u00f3w chmur przygotowana w oparciu o analiz\u0119 proces\u00f3w fizycznych zachodz\u0105cych w atmosferze.<\/p>\n<p><img loading=\"lazy\" width=\"800\" height=\"800\" class=\"wp-image-25446 aligncenter\" src=\"http:\/\/cmm.imgw.pl\/wp-content\/uploads\/2023\/03\/word-image-25400-46.png\" srcset=\"https:\/\/cmm.imgw.pl\/wp-content\/uploads\/2023\/03\/word-image-25400-46.png 800w, https:\/\/cmm.imgw.pl\/wp-content\/uploads\/2023\/03\/word-image-25400-46-300x300.png 300w, https:\/\/cmm.imgw.pl\/wp-content\/uploads\/2023\/03\/word-image-25400-46-150x150.png 150w, https:\/\/cmm.imgw.pl\/wp-content\/uploads\/2023\/03\/word-image-25400-46-768x768.png 768w, https:\/\/cmm.imgw.pl\/wp-content\/uploads\/2023\/03\/word-image-25400-46-600x600.png 600w\" sizes=\"(max-width: 800px) 100vw, 800px\" \/> <img loading=\"lazy\" width=\"800\" height=\"800\" class=\"wp-image-25447 aligncenter\" src=\"http:\/\/cmm.imgw.pl\/wp-content\/uploads\/2023\/03\/word-image-25400-47.png\" srcset=\"https:\/\/cmm.imgw.pl\/wp-content\/uploads\/2023\/03\/word-image-25400-47.png 800w, https:\/\/cmm.imgw.pl\/wp-content\/uploads\/2023\/03\/word-image-25400-47-300x300.png 300w, https:\/\/cmm.imgw.pl\/wp-content\/uploads\/2023\/03\/word-image-25400-47-150x150.png 150w, https:\/\/cmm.imgw.pl\/wp-content\/uploads\/2023\/03\/word-image-25400-47-768x768.png 768w, https:\/\/cmm.imgw.pl\/wp-content\/uploads\/2023\/03\/word-image-25400-47-600x600.png 600w\" sizes=\"(max-width: 800px) 100vw, 800px\" \/><\/p>\n<p>Zachmurzenie og\u00f3lne ma\u0142e i umiarkowane. W nocy od zachodu wzrost zachmurzenia do du\u017cego i ca\u0142kowitego. Jedynie sektor po\u0142udniowo wschodniej Polski pozostanie bezchmurny.<\/p>\n<p><img loading=\"lazy\" width=\"800\" height=\"800\" class=\"wp-image-25448 aligncenter\" src=\"http:\/\/cmm.imgw.pl\/wp-content\/uploads\/2023\/03\/word-image-25400-48.png\" srcset=\"https:\/\/cmm.imgw.pl\/wp-content\/uploads\/2023\/03\/word-image-25400-48.png 800w, https:\/\/cmm.imgw.pl\/wp-content\/uploads\/2023\/03\/word-image-25400-48-300x300.png 300w, https:\/\/cmm.imgw.pl\/wp-content\/uploads\/2023\/03\/word-image-25400-48-150x150.png 150w, https:\/\/cmm.imgw.pl\/wp-content\/uploads\/2023\/03\/word-image-25400-48-768x768.png 768w, https:\/\/cmm.imgw.pl\/wp-content\/uploads\/2023\/03\/word-image-25400-48-600x600.png 600w\" sizes=\"(max-width: 800px) 100vw, 800px\" \/> <img loading=\"lazy\" width=\"800\" height=\"800\" class=\"wp-image-25449 aligncenter\" src=\"http:\/\/cmm.imgw.pl\/wp-content\/uploads\/2023\/03\/word-image-25400-49.png\" srcset=\"https:\/\/cmm.imgw.pl\/wp-content\/uploads\/2023\/03\/word-image-25400-49.png 800w, https:\/\/cmm.imgw.pl\/wp-content\/uploads\/2023\/03\/word-image-25400-49-300x300.png 300w, https:\/\/cmm.imgw.pl\/wp-content\/uploads\/2023\/03\/word-image-25400-49-150x150.png 150w, https:\/\/cmm.imgw.pl\/wp-content\/uploads\/2023\/03\/word-image-25400-49-768x768.png 768w, https:\/\/cmm.imgw.pl\/wp-content\/uploads\/2023\/03\/word-image-25400-49-600x600.png 600w\" sizes=\"(max-width: 800px) 100vw, 800px\" \/> <img loading=\"lazy\" width=\"800\" height=\"800\" class=\"wp-image-25450 aligncenter\" src=\"http:\/\/cmm.imgw.pl\/wp-content\/uploads\/2023\/03\/word-image-25400-50.png\" srcset=\"https:\/\/cmm.imgw.pl\/wp-content\/uploads\/2023\/03\/word-image-25400-50.png 800w, https:\/\/cmm.imgw.pl\/wp-content\/uploads\/2023\/03\/word-image-25400-50-300x300.png 300w, https:\/\/cmm.imgw.pl\/wp-content\/uploads\/2023\/03\/word-image-25400-50-150x150.png 150w, https:\/\/cmm.imgw.pl\/wp-content\/uploads\/2023\/03\/word-image-25400-50-768x768.png 768w, https:\/\/cmm.imgw.pl\/wp-content\/uploads\/2023\/03\/word-image-25400-50-600x600.png 600w\" sizes=\"(max-width: 800px) 100vw, 800px\" \/> <img loading=\"lazy\" width=\"800\" height=\"800\" class=\"wp-image-25451 aligncenter\" src=\"http:\/\/cmm.imgw.pl\/wp-content\/uploads\/2023\/03\/word-image-25400-51.png\" srcset=\"https:\/\/cmm.imgw.pl\/wp-content\/uploads\/2023\/03\/word-image-25400-51.png 800w, https:\/\/cmm.imgw.pl\/wp-content\/uploads\/2023\/03\/word-image-25400-51-300x300.png 300w, https:\/\/cmm.imgw.pl\/wp-content\/uploads\/2023\/03\/word-image-25400-51-150x150.png 150w, https:\/\/cmm.imgw.pl\/wp-content\/uploads\/2023\/03\/word-image-25400-51-768x768.png 768w, https:\/\/cmm.imgw.pl\/wp-content\/uploads\/2023\/03\/word-image-25400-51-600x600.png 600w\" sizes=\"(max-width: 800px) 100vw, 800px\" \/><\/p>\n<p>Zachmurzenie z podstawami w pi\u0119trze niskim. W dzie\u0144 zachmurzenie umiarkowane i ma\u0142e. Na niebie Cumulus w r\u00f3\u017cnym stadium rozwoju oraz lokalnie Stratocumulus. Pod wiecz\u00f3r chmury Cumulus b\u0119d\u0105 si\u0119 przekszta\u0142ca\u0107 w chmury Stratocumulus cumulogenitus. W p\u00f3\u0142nocno wschodnim sektorze kraju mo\u017cliwe chmury Cumulonimbus. W nocy w p\u00f3\u0142nocno wschodnim sektorze kraju mog\u0105 tworzy\u0107 si\u0119 niskie chmury Stratus nebulosus, a p\u00f3\u017aniej mg\u0142y. Na pozosta\u0142ym obszarze brak zachmurzenia ww. pi\u0119trze chmur.<\/p>\n<p><img loading=\"lazy\" width=\"800\" height=\"800\" class=\"wp-image-25452 aligncenter\" src=\"http:\/\/cmm.imgw.pl\/wp-content\/uploads\/2023\/03\/word-image-25400-52.png\" srcset=\"https:\/\/cmm.imgw.pl\/wp-content\/uploads\/2023\/03\/word-image-25400-52.png 800w, https:\/\/cmm.imgw.pl\/wp-content\/uploads\/2023\/03\/word-image-25400-52-300x300.png 300w, https:\/\/cmm.imgw.pl\/wp-content\/uploads\/2023\/03\/word-image-25400-52-150x150.png 150w, https:\/\/cmm.imgw.pl\/wp-content\/uploads\/2023\/03\/word-image-25400-52-768x768.png 768w, https:\/\/cmm.imgw.pl\/wp-content\/uploads\/2023\/03\/word-image-25400-52-600x600.png 600w\" sizes=\"(max-width: 800px) 100vw, 800px\" \/> <img loading=\"lazy\" width=\"800\" height=\"800\" class=\"wp-image-25453 aligncenter\" src=\"http:\/\/cmm.imgw.pl\/wp-content\/uploads\/2023\/03\/word-image-25400-53.png\" srcset=\"https:\/\/cmm.imgw.pl\/wp-content\/uploads\/2023\/03\/word-image-25400-53.png 800w, https:\/\/cmm.imgw.pl\/wp-content\/uploads\/2023\/03\/word-image-25400-53-300x300.png 300w, https:\/\/cmm.imgw.pl\/wp-content\/uploads\/2023\/03\/word-image-25400-53-150x150.png 150w, https:\/\/cmm.imgw.pl\/wp-content\/uploads\/2023\/03\/word-image-25400-53-768x768.png 768w, https:\/\/cmm.imgw.pl\/wp-content\/uploads\/2023\/03\/word-image-25400-53-600x600.png 600w\" sizes=\"(max-width: 800px) 100vw, 800px\" \/> <img loading=\"lazy\" width=\"800\" height=\"800\" class=\"wp-image-25454 aligncenter\" src=\"http:\/\/cmm.imgw.pl\/wp-content\/uploads\/2023\/03\/word-image-25400-54.png\" srcset=\"https:\/\/cmm.imgw.pl\/wp-content\/uploads\/2023\/03\/word-image-25400-54.png 800w, https:\/\/cmm.imgw.pl\/wp-content\/uploads\/2023\/03\/word-image-25400-54-300x300.png 300w, https:\/\/cmm.imgw.pl\/wp-content\/uploads\/2023\/03\/word-image-25400-54-150x150.png 150w, https:\/\/cmm.imgw.pl\/wp-content\/uploads\/2023\/03\/word-image-25400-54-768x768.png 768w, https:\/\/cmm.imgw.pl\/wp-content\/uploads\/2023\/03\/word-image-25400-54-600x600.png 600w\" sizes=\"(max-width: 800px) 100vw, 800px\" \/><\/p>\n<p>W dzie\u0144 we wschodniej po\u0142owie kraju mo\u017cliwe sporadycznie chmury Altocumulus. W godzinach wieczornych i nocnych wzrost zachmurzenia chmurami Altocumulus stratiformis.<\/p>\n<p><img loading=\"lazy\" width=\"800\" height=\"800\" class=\"wp-image-25455 aligncenter\" src=\"http:\/\/cmm.imgw.pl\/wp-content\/uploads\/2023\/03\/word-image-25400-55.png\" srcset=\"https:\/\/cmm.imgw.pl\/wp-content\/uploads\/2023\/03\/word-image-25400-55.png 800w, https:\/\/cmm.imgw.pl\/wp-content\/uploads\/2023\/03\/word-image-25400-55-300x300.png 300w, https:\/\/cmm.imgw.pl\/wp-content\/uploads\/2023\/03\/word-image-25400-55-150x150.png 150w, https:\/\/cmm.imgw.pl\/wp-content\/uploads\/2023\/03\/word-image-25400-55-768x768.png 768w, https:\/\/cmm.imgw.pl\/wp-content\/uploads\/2023\/03\/word-image-25400-55-600x600.png 600w\" sizes=\"(max-width: 800px) 100vw, 800px\" \/> <img loading=\"lazy\" width=\"800\" height=\"800\" class=\"wp-image-25456 aligncenter\" src=\"http:\/\/cmm.imgw.pl\/wp-content\/uploads\/2023\/03\/word-image-25400-56.png\" srcset=\"https:\/\/cmm.imgw.pl\/wp-content\/uploads\/2023\/03\/word-image-25400-56.png 800w, https:\/\/cmm.imgw.pl\/wp-content\/uploads\/2023\/03\/word-image-25400-56-300x300.png 300w, https:\/\/cmm.imgw.pl\/wp-content\/uploads\/2023\/03\/word-image-25400-56-150x150.png 150w, https:\/\/cmm.imgw.pl\/wp-content\/uploads\/2023\/03\/word-image-25400-56-768x768.png 768w, https:\/\/cmm.imgw.pl\/wp-content\/uploads\/2023\/03\/word-image-25400-56-600x600.png 600w\" sizes=\"(max-width: 800px) 100vw, 800px\" \/> <img loading=\"lazy\" width=\"800\" height=\"800\" class=\"wp-image-25457 aligncenter\" src=\"http:\/\/cmm.imgw.pl\/wp-content\/uploads\/2023\/03\/word-image-25400-57.png\" srcset=\"https:\/\/cmm.imgw.pl\/wp-content\/uploads\/2023\/03\/word-image-25400-57.png 800w, https:\/\/cmm.imgw.pl\/wp-content\/uploads\/2023\/03\/word-image-25400-57-300x300.png 300w, https:\/\/cmm.imgw.pl\/wp-content\/uploads\/2023\/03\/word-image-25400-57-150x150.png 150w, https:\/\/cmm.imgw.pl\/wp-content\/uploads\/2023\/03\/word-image-25400-57-768x768.png 768w, https:\/\/cmm.imgw.pl\/wp-content\/uploads\/2023\/03\/word-image-25400-57-600x600.png 600w\" sizes=\"(max-width: 800px) 100vw, 800px\" \/><\/p>\n<p>W ci\u0105gu dnia mo\u017cliwe chmury Cirrus fibratus\/spissatus\/uncinus. Mo\u017cliwe tak\u017ce chmury Cirrocumulus wyst\u0119puj\u0105ce w towarzystwie chmur Cirrus. W nocy, od zachodu, wzrost zachmurzenia do du\u017cego. Na niebie chmury Cirrus, Cirrostratus lokalnie Cirrocumulus.<\/p>\n<p><strong>Prognoza opad\u00f3w<\/strong><\/p>\n<p><img loading=\"lazy\" width=\"593\" height=\"556\" class=\"wp-image-25458 aligncenter\" src=\"http:\/\/cmm.imgw.pl\/wp-content\/uploads\/2023\/03\/word-image-25400-58.png\" srcset=\"https:\/\/cmm.imgw.pl\/wp-content\/uploads\/2023\/03\/word-image-25400-58.png 593w, https:\/\/cmm.imgw.pl\/wp-content\/uploads\/2023\/03\/word-image-25400-58-300x281.png 300w\" sizes=\"(max-width: 593px) 100vw, 593px\" \/> <img loading=\"lazy\" width=\"581\" height=\"545\" class=\"wp-image-25459 aligncenter\" src=\"http:\/\/cmm.imgw.pl\/wp-content\/uploads\/2023\/03\/word-image-25400-59.png\" srcset=\"https:\/\/cmm.imgw.pl\/wp-content\/uploads\/2023\/03\/word-image-25400-59.png 581w, https:\/\/cmm.imgw.pl\/wp-content\/uploads\/2023\/03\/word-image-25400-59-300x281.png 300w\" sizes=\"(max-width: 581px) 100vw, 581px\" \/><\/p>\n<p><img loading=\"lazy\" width=\"800\" height=\"750\" class=\"wp-image-25460 aligncenter\" src=\"http:\/\/cmm.imgw.pl\/wp-content\/uploads\/2023\/03\/word-image-25400-60.png\" srcset=\"https:\/\/cmm.imgw.pl\/wp-content\/uploads\/2023\/03\/word-image-25400-60.png 800w, https:\/\/cmm.imgw.pl\/wp-content\/uploads\/2023\/03\/word-image-25400-60-300x281.png 300w, https:\/\/cmm.imgw.pl\/wp-content\/uploads\/2023\/03\/word-image-25400-60-768x720.png 768w\" sizes=\"(max-width: 800px) 100vw, 800px\" \/> <img loading=\"lazy\" width=\"800\" height=\"750\" class=\"wp-image-25461 aligncenter\" src=\"http:\/\/cmm.imgw.pl\/wp-content\/uploads\/2023\/03\/word-image-25400-61.png\" srcset=\"https:\/\/cmm.imgw.pl\/wp-content\/uploads\/2023\/03\/word-image-25400-61.png 800w, https:\/\/cmm.imgw.pl\/wp-content\/uploads\/2023\/03\/word-image-25400-61-300x281.png 300w, https:\/\/cmm.imgw.pl\/wp-content\/uploads\/2023\/03\/word-image-25400-61-768x720.png 768w\" sizes=\"(max-width: 800px) 100vw, 800px\" \/> <img loading=\"lazy\" width=\"800\" height=\"750\" class=\"wp-image-25462 aligncenter\" src=\"http:\/\/cmm.imgw.pl\/wp-content\/uploads\/2023\/03\/word-image-25400-62.png\" srcset=\"https:\/\/cmm.imgw.pl\/wp-content\/uploads\/2023\/03\/word-image-25400-62.png 800w, https:\/\/cmm.imgw.pl\/wp-content\/uploads\/2023\/03\/word-image-25400-62-300x281.png 300w, https:\/\/cmm.imgw.pl\/wp-content\/uploads\/2023\/03\/word-image-25400-62-768x720.png 768w\" sizes=\"(max-width: 800px) 100vw, 800px\" \/><\/p>\n<p>W dzie\u0144 i wieczorem we wschodnim sektorze kraju mo\u017cliwe lokalnie opady przelotne deszczu i\/lub \u015bniegu. Opady z up\u0142ywem czasu b\u0119d\u0105 s\u0142abn\u0105\u0107. W nocy bez opad\u00f3w.<\/p>\n<p><img loading=\"lazy\" width=\"600\" height=\"640\" class=\"wp-image-25463 aligncenter\" src=\"http:\/\/cmm.imgw.pl\/wp-content\/uploads\/2023\/03\/word-image-25400-63.png\" srcset=\"https:\/\/cmm.imgw.pl\/wp-content\/uploads\/2023\/03\/word-image-25400-63.png 600w, https:\/\/cmm.imgw.pl\/wp-content\/uploads\/2023\/03\/word-image-25400-63-281x300.png 281w\" sizes=\"(max-width: 600px) 100vw, 600px\" \/> <img loading=\"lazy\" width=\"600\" height=\"640\" class=\"wp-image-25464 aligncenter\" src=\"http:\/\/cmm.imgw.pl\/wp-content\/uploads\/2023\/03\/word-image-25400-64.png\" srcset=\"https:\/\/cmm.imgw.pl\/wp-content\/uploads\/2023\/03\/word-image-25400-64.png 600w, https:\/\/cmm.imgw.pl\/wp-content\/uploads\/2023\/03\/word-image-25400-64-281x300.png 281w\" sizes=\"(max-width: 600px) 100vw, 600px\" \/> <img loading=\"lazy\" width=\"600\" height=\"640\" class=\"wp-image-25465 aligncenter\" src=\"http:\/\/cmm.imgw.pl\/wp-content\/uploads\/2023\/03\/word-image-25400-65.png\" srcset=\"https:\/\/cmm.imgw.pl\/wp-content\/uploads\/2023\/03\/word-image-25400-65.png 600w, https:\/\/cmm.imgw.pl\/wp-content\/uploads\/2023\/03\/word-image-25400-65-281x300.png 281w\" sizes=\"(max-width: 600px) 100vw, 600px\" \/> <img loading=\"lazy\" width=\"600\" height=\"640\" class=\"wp-image-25466 aligncenter\" src=\"http:\/\/cmm.imgw.pl\/wp-content\/uploads\/2023\/03\/word-image-25400-66.png\" srcset=\"https:\/\/cmm.imgw.pl\/wp-content\/uploads\/2023\/03\/word-image-25400-66.png 600w, https:\/\/cmm.imgw.pl\/wp-content\/uploads\/2023\/03\/word-image-25400-66-281x300.png 281w\" sizes=\"(max-width: 600px) 100vw, 600px\" \/><\/p>\n<p><strong>Fog Stability Index<\/strong><\/p>\n<p>FSI: 2(T2m &#8211; T850) + 2(T2m &#8211; Td2m) + w850<\/p>\n<p>T2m &#8211; Temperatura powierzchni, T850 &#8211; temperatura na 850 hPa, Td2m &#8211; temperatura punktu rosy przy powierzchni<\/p>\n<p>w850 &#8211; pr\u0119dko\u015b\u0107 wiatru na 850 hPa w w\u0119z\u0142ach<\/p>\n<p><strong>FSI Prawdopodobie\u0144stwo mg\u0142y radiacyjnej<\/strong><\/p>\n<p>FSI&gt;55 niskie<\/p>\n<p>31&gt;FSI&gt;55 \u015brednie<\/p>\n<p>FSI&lt;31 wysokie<\/p>\n<p><img loading=\"lazy\" width=\"600\" height=\"640\" class=\"wp-image-25467 aligncenter\" src=\"http:\/\/cmm.imgw.pl\/wp-content\/uploads\/2023\/03\/word-image-25400-67.png\" srcset=\"https:\/\/cmm.imgw.pl\/wp-content\/uploads\/2023\/03\/word-image-25400-67.png 600w, https:\/\/cmm.imgw.pl\/wp-content\/uploads\/2023\/03\/word-image-25400-67-281x300.png 281w\" sizes=\"(max-width: 600px) 100vw, 600px\" \/> <img loading=\"lazy\" width=\"600\" height=\"640\" class=\"wp-image-25468 aligncenter\" src=\"http:\/\/cmm.imgw.pl\/wp-content\/uploads\/2023\/03\/word-image-25400-68.png\" srcset=\"https:\/\/cmm.imgw.pl\/wp-content\/uploads\/2023\/03\/word-image-25400-68.png 600w, https:\/\/cmm.imgw.pl\/wp-content\/uploads\/2023\/03\/word-image-25400-68-281x300.png 281w\" sizes=\"(max-width: 600px) 100vw, 600px\" \/> <img loading=\"lazy\" width=\"600\" height=\"640\" class=\"wp-image-25469 aligncenter\" src=\"http:\/\/cmm.imgw.pl\/wp-content\/uploads\/2023\/03\/word-image-25400-69.png\" srcset=\"https:\/\/cmm.imgw.pl\/wp-content\/uploads\/2023\/03\/word-image-25400-69.png 600w, https:\/\/cmm.imgw.pl\/wp-content\/uploads\/2023\/03\/word-image-25400-69-281x300.png 281w\" sizes=\"(max-width: 600px) 100vw, 600px\" \/> <img loading=\"lazy\" width=\"600\" height=\"640\" class=\"wp-image-25470 aligncenter\" src=\"http:\/\/cmm.imgw.pl\/wp-content\/uploads\/2023\/03\/word-image-25400-70.png\" srcset=\"https:\/\/cmm.imgw.pl\/wp-content\/uploads\/2023\/03\/word-image-25400-70.png 600w, https:\/\/cmm.imgw.pl\/wp-content\/uploads\/2023\/03\/word-image-25400-70-281x300.png 281w\" sizes=\"(max-width: 600px) 100vw, 600px\" \/><\/p>\n<p><img loading=\"lazy\" width=\"600\" height=\"640\" class=\"wp-image-25471 aligncenter\" src=\"http:\/\/cmm.imgw.pl\/wp-content\/uploads\/2023\/03\/word-image-25400-71.png\" srcset=\"https:\/\/cmm.imgw.pl\/wp-content\/uploads\/2023\/03\/word-image-25400-71.png 600w, https:\/\/cmm.imgw.pl\/wp-content\/uploads\/2023\/03\/word-image-25400-71-281x300.png 281w\" sizes=\"(max-width: 600px) 100vw, 600px\" \/> <img loading=\"lazy\" width=\"600\" height=\"640\" class=\"wp-image-25472 aligncenter\" src=\"http:\/\/cmm.imgw.pl\/wp-content\/uploads\/2023\/03\/word-image-25400-72.png\" srcset=\"https:\/\/cmm.imgw.pl\/wp-content\/uploads\/2023\/03\/word-image-25400-72.png 600w, https:\/\/cmm.imgw.pl\/wp-content\/uploads\/2023\/03\/word-image-25400-72-281x300.png 281w\" sizes=\"(max-width: 600px) 100vw, 600px\" \/> <img loading=\"lazy\" width=\"600\" height=\"640\" class=\"wp-image-25473 aligncenter\" src=\"http:\/\/cmm.imgw.pl\/wp-content\/uploads\/2023\/03\/word-image-25400-73.png\" srcset=\"https:\/\/cmm.imgw.pl\/wp-content\/uploads\/2023\/03\/word-image-25400-73.png 600w, https:\/\/cmm.imgw.pl\/wp-content\/uploads\/2023\/03\/word-image-25400-73-281x300.png 281w\" sizes=\"(max-width: 600px) 100vw, 600px\" \/><\/p>\n<p>Z analizy sytuacji synoptycznej oraz numerycznych oblicze\u0144 wska\u017anika FSI oraz T-Td a tak\u017ce wilgotno\u015bci powietrza wynika, \u017ce w rejonie p\u00f3\u0142nocno wschodniej Polski, w woj. warmi\u0144sko-mazurskim, woj. podlaskim, lokalnie w centrum, w woj. mazowieckim, woj. lubelskim mo\u017cliwe wyst\u0105pienie mgie\u0142 ograniczaj\u0105cych widzialno\u015b\u0107 do 300-500 metr\u00f3w. Na pozosta\u0142ym obszarze mog\u0105 wyst\u0105pi\u0107 zamglenia ograniczaj\u0105ce widzialno\u015b\u0107 do 4-5 km. We wschodniej cz\u0119\u015bci kraju mo\u017cliwy szron.<\/p>\n<p><strong>Prognoza poryw\u00f3w wiatru<\/strong><\/p>\n<p><img loading=\"lazy\" width=\"639\" height=\"639\" class=\"wp-image-25474 aligncenter\" src=\"http:\/\/cmm.imgw.pl\/wp-content\/uploads\/2023\/03\/word-image-25400-74.jpeg\" srcset=\"https:\/\/cmm.imgw.pl\/wp-content\/uploads\/2023\/03\/word-image-25400-74.jpeg 639w, https:\/\/cmm.imgw.pl\/wp-content\/uploads\/2023\/03\/word-image-25400-74-300x300.jpeg 300w, https:\/\/cmm.imgw.pl\/wp-content\/uploads\/2023\/03\/word-image-25400-74-150x150.jpeg 150w, https:\/\/cmm.imgw.pl\/wp-content\/uploads\/2023\/03\/word-image-25400-74-600x600.jpeg 600w\" sizes=\"(max-width: 639px) 100vw, 639px\" \/> <img loading=\"lazy\" width=\"668\" height=\"668\" class=\"wp-image-25475 aligncenter\" src=\"http:\/\/cmm.imgw.pl\/wp-content\/uploads\/2023\/03\/word-image-25400-75.jpeg\" srcset=\"https:\/\/cmm.imgw.pl\/wp-content\/uploads\/2023\/03\/word-image-25400-75.jpeg 668w, https:\/\/cmm.imgw.pl\/wp-content\/uploads\/2023\/03\/word-image-25400-75-300x300.jpeg 300w, https:\/\/cmm.imgw.pl\/wp-content\/uploads\/2023\/03\/word-image-25400-75-150x150.jpeg 150w, https:\/\/cmm.imgw.pl\/wp-content\/uploads\/2023\/03\/word-image-25400-75-600x600.jpeg 600w\" sizes=\"(max-width: 668px) 100vw, 668px\" \/> <img loading=\"lazy\" width=\"693\" height=\"693\" class=\"wp-image-25476 aligncenter\" src=\"http:\/\/cmm.imgw.pl\/wp-content\/uploads\/2023\/03\/word-image-25400-76.jpeg\" srcset=\"https:\/\/cmm.imgw.pl\/wp-content\/uploads\/2023\/03\/word-image-25400-76.jpeg 693w, https:\/\/cmm.imgw.pl\/wp-content\/uploads\/2023\/03\/word-image-25400-76-300x300.jpeg 300w, https:\/\/cmm.imgw.pl\/wp-content\/uploads\/2023\/03\/word-image-25400-76-150x150.jpeg 150w, https:\/\/cmm.imgw.pl\/wp-content\/uploads\/2023\/03\/word-image-25400-76-600x600.jpeg 600w\" sizes=\"(max-width: 693px) 100vw, 693px\" \/> <img loading=\"lazy\" width=\"776\" height=\"823\" class=\"wp-image-25477 aligncenter\" src=\"http:\/\/cmm.imgw.pl\/wp-content\/uploads\/2023\/03\/word-image-25400-77.png\" srcset=\"https:\/\/cmm.imgw.pl\/wp-content\/uploads\/2023\/03\/word-image-25400-77.png 776w, https:\/\/cmm.imgw.pl\/wp-content\/uploads\/2023\/03\/word-image-25400-77-283x300.png 283w, https:\/\/cmm.imgw.pl\/wp-content\/uploads\/2023\/03\/word-image-25400-77-768x815.png 768w\" sizes=\"(max-width: 776px) 100vw, 776px\" \/> <img loading=\"lazy\" width=\"776\" height=\"823\" class=\"wp-image-25478 aligncenter\" src=\"http:\/\/cmm.imgw.pl\/wp-content\/uploads\/2023\/03\/word-image-25400-78.png\" srcset=\"https:\/\/cmm.imgw.pl\/wp-content\/uploads\/2023\/03\/word-image-25400-78.png 776w, https:\/\/cmm.imgw.pl\/wp-content\/uploads\/2023\/03\/word-image-25400-78-283x300.png 283w, https:\/\/cmm.imgw.pl\/wp-content\/uploads\/2023\/03\/word-image-25400-78-768x815.png 768w\" sizes=\"(max-width: 776px) 100vw, 776px\" \/> <img loading=\"lazy\" width=\"776\" height=\"823\" class=\"wp-image-25479 aligncenter\" src=\"http:\/\/cmm.imgw.pl\/wp-content\/uploads\/2023\/03\/word-image-25400-79.png\" srcset=\"https:\/\/cmm.imgw.pl\/wp-content\/uploads\/2023\/03\/word-image-25400-79.png 776w, https:\/\/cmm.imgw.pl\/wp-content\/uploads\/2023\/03\/word-image-25400-79-283x300.png 283w, https:\/\/cmm.imgw.pl\/wp-content\/uploads\/2023\/03\/word-image-25400-79-768x815.png 768w\" sizes=\"(max-width: 776px) 100vw, 776px\" \/><\/p>\n<p>W godzinach nocnych w Sudetach porywy wiatru do 90 km\/h.<\/p>\n<p>Pozosta\u0142e numeryczne prognostyczne warto\u015bci p\u00f3l meteorologicznych s\u0105 dost\u0119pne pod adresem cmm.imgw.pl<\/p>","protected":false},"excerpt":{"rendered":"<p>Komentarz do numerycznych prognoz pogody opracowany w Centrum Modelowania Meteorologicznego IMGW-PIB.<\/p>\n","protected":false},"author":3,"featured_media":0,"comment_status":"closed","ping_status":"open","sticky":false,"template":"","format":"standard","meta":{"ocean_post_layout":"","ocean_both_sidebars_style":"","ocean_both_sidebars_content_width":0,"ocean_both_sidebars_sidebars_width":0,"ocean_sidebar":"0","ocean_second_sidebar":"0","ocean_disable_margins":"enable","ocean_add_body_class":"","ocean_shortcode_before_top_bar":"","ocean_shortcode_after_top_bar":"","ocean_shortcode_before_header":"","ocean_shortcode_after_header":"","ocean_has_shortcode":"","ocean_shortcode_after_title":"","ocean_shortcode_before_footer_widgets":"","ocean_shortcode_after_footer_widgets":"","ocean_shortcode_before_footer_bottom":"","ocean_shortcode_after_footer_bottom":"","ocean_display_top_bar":"default","ocean_display_header":"default","ocean_header_style":"","ocean_center_header_left_menu":"0","ocean_custom_header_template":"0","ocean_custom_logo":0,"ocean_custom_retina_logo":0,"ocean_custom_logo_max_width":0,"ocean_custom_logo_tablet_max_width":0,"ocean_custom_logo_mobile_max_width":0,"ocean_custom_logo_max_height":0,"ocean_custom_logo_tablet_max_height":0,"ocean_custom_logo_mobile_max_height":0,"ocean_header_custom_menu":"0","ocean_menu_typo_font_family":"0","ocean_menu_typo_font_subset":"","ocean_menu_typo_font_size":0,"ocean_menu_typo_font_size_tablet":0,"ocean_menu_typo_font_size_mobile":0,"ocean_menu_typo_font_size_unit":"px","ocean_menu_typo_font_weight":"","ocean_menu_typo_font_weight_tablet":"","ocean_menu_typo_font_weight_mobile":"","ocean_menu_typo_transform":"","ocean_menu_typo_transform_tablet":"","ocean_menu_typo_transform_mobile":"","ocean_menu_typo_line_height":0,"ocean_menu_typo_line_height_tablet":0,"ocean_menu_typo_line_height_mobile":0,"ocean_menu_typo_line_height_unit":"","ocean_menu_typo_spacing":0,"ocean_menu_typo_spacing_tablet":0,"ocean_menu_typo_spacing_mobile":0,"ocean_menu_typo_spacing_unit":"","ocean_menu_link_color":"","ocean_menu_link_color_hover":"","ocean_menu_link_color_active":"","ocean_menu_link_background":"","ocean_menu_link_hover_background":"","ocean_menu_link_active_background":"","ocean_menu_social_links_bg":"","ocean_menu_social_hover_links_bg":"","ocean_menu_social_links_color":"","ocean_menu_social_hover_links_color":"","ocean_disable_title":"default","ocean_disable_heading":"default","ocean_post_title":"","ocean_post_subheading":"","ocean_post_title_style":"","ocean_post_title_background_color":"","ocean_post_title_background":0,"ocean_post_title_bg_image_position":"","ocean_post_title_bg_image_attachment":"","ocean_post_title_bg_image_repeat":"","ocean_post_title_bg_image_size":"","ocean_post_title_height":0,"ocean_post_title_bg_overlay":0.5,"ocean_post_title_bg_overlay_color":"","ocean_disable_breadcrumbs":"default","ocean_breadcrumbs_color":"","ocean_breadcrumbs_separator_color":"","ocean_breadcrumbs_links_color":"","ocean_breadcrumbs_links_hover_color":"","ocean_display_footer_widgets":"default","ocean_display_footer_bottom":"default","ocean_custom_footer_template":"0","ocean_post_oembed":"","ocean_post_self_hosted_media":"","ocean_post_video_embed":"","ocean_link_format":"","ocean_link_format_target":"self","ocean_quote_format":"","ocean_quote_format_link":"post","ocean_gallery_link_images":"on","ocean_gallery_id":[]},"categories":[93],"tags":[68,95,85,73,97,98,76,94,99,71,96,79],"yoast_head":"<!-- This site is optimized with the Yoast SEO plugin v19.5.1 - https:\/\/yoast.com\/wordpress\/plugins\/seo\/ -->\n<title>Komentarz do numerycznych prognoz pogody (16\/17.03.2023) - Laboratorium Modelowania Meteorologicznego CMOK IMGW-PIB<\/title>\n<meta name=\"description\" content=\"Komentarz do numerycznych prognoz pogody opracowany w Centrum Modelowania Meteorologicznego IMGW-PIB.\" \/>\n<meta name=\"robots\" content=\"index, follow, max-snippet:-1, max-image-preview:large, max-video-preview:-1\" \/>\n<link rel=\"canonical\" href=\"https:\/\/cmm.imgw.pl\/?p=25400\" \/>\n<meta property=\"og:locale\" content=\"pl_PL\" \/>\n<meta property=\"og:type\" content=\"article\" \/>\n<meta property=\"og:title\" content=\"Komentarz do numerycznych prognoz pogody (16\/17.03.2023)\" \/>\n<meta property=\"og:description\" content=\"Komentarz do numerycznych prognoz pogody opracowany w Centrum Modelowania Meteorologicznego IMGW-PIB\" \/>\n<meta property=\"og:url\" content=\"https:\/\/cmm.imgw.pl\/?p=25400\" \/>\n<meta property=\"og:site_name\" content=\"Laboratorium Modelowania Meteorologicznego CMOK IMGW-PIB\" \/>\n<meta property=\"article:publisher\" content=\"https:\/\/www.facebook.com\/Meteoimgw\/\" \/>\n<meta property=\"article:published_time\" content=\"2023-03-16T15:33:41+00:00\" \/>\n<meta property=\"article:modified_time\" content=\"2023-03-16T15:33:44+00:00\" \/>\n<meta property=\"og:image\" content=\"http:\/\/cmm.imgw.pl\/wp-content\/uploads\/2023\/02\/komentarz4.png\" \/>\n\t<meta property=\"og:image:width\" content=\"1280\" \/>\n\t<meta property=\"og:image:height\" content=\"720\" \/>\n\t<meta property=\"og:image:type\" content=\"image\/png\" \/>\n<meta name=\"author\" content=\"CMM\" \/>\n<meta name=\"twitter:card\" content=\"summary_large_image\" \/>\n<meta name=\"twitter:title\" content=\"Komentarz do numerycznych prognoz pogody (16\/17.03.2023)\" \/>\n<meta name=\"twitter:description\" content=\"Komentarz do numerycznych prognoz pogody opracowany w Centrum Modelowania Meteorologicznego IMGW-PIB\" \/>\n<meta name=\"twitter:image\" content=\"https:\/\/cmm.imgw.pl\/wp-content\/uploads\/2023\/02\/komentarz4.png\" \/>\n<meta name=\"twitter:creator\" content=\"@IMGW_CMM\" \/>\n<meta name=\"twitter:site\" content=\"@IMGW_CMM\" \/>\n<meta name=\"twitter:label1\" content=\"Napisane przez\" \/>\n\t<meta name=\"twitter:data1\" content=\"CMM\" \/>\n\t<meta name=\"twitter:label2\" content=\"Szacowany czas czytania\" \/>\n\t<meta name=\"twitter:data2\" content=\"26 minut\" \/>\n<script type=\"application\/ld+json\" class=\"yoast-schema-graph\">{\"@context\":\"https:\/\/schema.org\",\"@graph\":[{\"@type\":\"Article\",\"@id\":\"https:\/\/cmm.imgw.pl\/?p=25400#article\",\"isPartOf\":{\"@id\":\"https:\/\/cmm.imgw.pl\/?p=25400\"},\"author\":{\"name\":\"CMM\",\"@id\":\"https:\/\/cmm.imgw.pl\/#\/schema\/person\/a24a37fe434fe76b0f5791e6bd3fdb46\"},\"headline\":\"Komentarz do numerycznych prognoz pogody (16\/17.03.2023)\",\"datePublished\":\"2023-03-16T15:33:41+00:00\",\"dateModified\":\"2023-03-16T15:33:44+00:00\",\"mainEntityOfPage\":{\"@id\":\"https:\/\/cmm.imgw.pl\/?p=25400\"},\"wordCount\":1925,\"publisher\":{\"@id\":\"https:\/\/cmm.imgw.pl\/#organization\"},\"keywords\":[\"cmm\",\"Cosmo\",\"imgw\",\"klimat\",\"komentarz\",\"komentarz pogodowy\",\"meteorologia\",\"NMP\",\"NPP\",\"pogoda\",\"prognoza pogody\",\"zima\"],\"articleSection\":[\"Komentarz\"],\"inLanguage\":\"pl-PL\"},{\"@type\":\"WebPage\",\"@id\":\"https:\/\/cmm.imgw.pl\/?p=25400\",\"url\":\"https:\/\/cmm.imgw.pl\/?p=25400\",\"name\":\"Komentarz do numerycznych prognoz pogody (16\/17.03.2023) - Laboratorium Modelowania Meteorologicznego CMOK IMGW-PIB\",\"isPartOf\":{\"@id\":\"https:\/\/cmm.imgw.pl\/#website\"},\"datePublished\":\"2023-03-16T15:33:41+00:00\",\"dateModified\":\"2023-03-16T15:33:44+00:00\",\"description\":\"Komentarz do numerycznych prognoz pogody opracowany w Centrum Modelowania Meteorologicznego IMGW-PIB.\",\"breadcrumb\":{\"@id\":\"https:\/\/cmm.imgw.pl\/?p=25400#breadcrumb\"},\"inLanguage\":\"pl-PL\",\"potentialAction\":[{\"@type\":\"ReadAction\",\"target\":[\"https:\/\/cmm.imgw.pl\/?p=25400\"]}]},{\"@type\":\"BreadcrumbList\",\"@id\":\"https:\/\/cmm.imgw.pl\/?p=25400#breadcrumb\",\"itemListElement\":[{\"@type\":\"ListItem\",\"position\":1,\"name\":\"Home\",\"item\":\"https:\/\/cmm.imgw.pl\/\"},{\"@type\":\"ListItem\",\"position\":2,\"name\":\"Komentarz do numerycznych prognoz pogody (16\/17.03.2023)\"}]},{\"@type\":\"WebSite\",\"@id\":\"https:\/\/cmm.imgw.pl\/#website\",\"url\":\"https:\/\/cmm.imgw.pl\/\",\"name\":\"Laboratorium Modelowania Meteorologicznego CMOK IMGW-PIB\",\"description\":\"CMOK-LMM Laboratorium pe\u0142ni pa\u0144stwow\u0105 s\u0142u\u017cb\u0119 hydrologiczno-meteorologiczn\u0105 w zakresie numerycznych prognoz pogody, kt\u00f3rego zadaniem jest konsolidacja kompetencji w obszarze modelowania zjawisk pogodowych oraz dalszego rozwoju numerycznych modeli pogody (NMP).\",\"publisher\":{\"@id\":\"https:\/\/cmm.imgw.pl\/#organization\"},\"potentialAction\":[{\"@type\":\"SearchAction\",\"target\":{\"@type\":\"EntryPoint\",\"urlTemplate\":\"https:\/\/cmm.imgw.pl\/?s={search_term_string}\"},\"query-input\":\"required name=search_term_string\"}],\"inLanguage\":\"pl-PL\"},{\"@type\":\"Organization\",\"@id\":\"https:\/\/cmm.imgw.pl\/#organization\",\"name\":\"Laboratorium Modelowania Meteorologicznego CMOK IMGW-PIB\",\"url\":\"https:\/\/cmm.imgw.pl\/\",\"sameAs\":[\"https:\/\/www.facebook.com\/Meteoimgw\/\",\"https:\/\/twitter.com\/IMGW_CMM\"],\"logo\":{\"@type\":\"ImageObject\",\"inLanguage\":\"pl-PL\",\"@id\":\"https:\/\/cmm.imgw.pl\/#\/schema\/logo\/image\/\",\"url\":\"https:\/\/cmm.imgw.pl\/wp-content\/uploads\/2025\/10\/MODELE_LOGO_UNIFIKACJA_v2.png\",\"contentUrl\":\"https:\/\/cmm.imgw.pl\/wp-content\/uploads\/2025\/10\/MODELE_LOGO_UNIFIKACJA_v2.png\",\"width\":1356,\"height\":365,\"caption\":\"Laboratorium Modelowania Meteorologicznego CMOK IMGW-PIB\"},\"image\":{\"@id\":\"https:\/\/cmm.imgw.pl\/#\/schema\/logo\/image\/\"}},{\"@type\":\"Person\",\"@id\":\"https:\/\/cmm.imgw.pl\/#\/schema\/person\/a24a37fe434fe76b0f5791e6bd3fdb46\",\"name\":\"CMM\",\"image\":{\"@type\":\"ImageObject\",\"inLanguage\":\"pl-PL\",\"@id\":\"https:\/\/cmm.imgw.pl\/#\/schema\/person\/image\/\",\"url\":\"https:\/\/secure.gravatar.com\/avatar\/9248ea2273711f1cd09d6bd45867dbfb?s=96&d=blank&r=g\",\"contentUrl\":\"https:\/\/secure.gravatar.com\/avatar\/9248ea2273711f1cd09d6bd45867dbfb?s=96&d=blank&r=g\",\"caption\":\"CMM\"},\"sameAs\":[\"http:\/\/cmm.imgw.pl\"],\"url\":\"https:\/\/cmm.imgw.pl\/?author=3\"}]}<\/script>\n<!-- \/ Yoast SEO plugin. -->","yoast_head_json":{"title":"Komentarz do numerycznych prognoz pogody (16\/17.03.2023) - Laboratorium Modelowania Meteorologicznego CMOK IMGW-PIB","description":"Komentarz do numerycznych prognoz pogody opracowany w Centrum Modelowania Meteorologicznego IMGW-PIB.","robots":{"index":"index","follow":"follow","max-snippet":"max-snippet:-1","max-image-preview":"max-image-preview:large","max-video-preview":"max-video-preview:-1"},"canonical":"https:\/\/cmm.imgw.pl\/?p=25400","og_locale":"pl_PL","og_type":"article","og_title":"Komentarz do numerycznych prognoz pogody (16\/17.03.2023)","og_description":"Komentarz do numerycznych prognoz pogody opracowany w Centrum Modelowania Meteorologicznego IMGW-PIB","og_url":"https:\/\/cmm.imgw.pl\/?p=25400","og_site_name":"Laboratorium Modelowania Meteorologicznego CMOK IMGW-PIB","article_publisher":"https:\/\/www.facebook.com\/Meteoimgw\/","article_published_time":"2023-03-16T15:33:41+00:00","article_modified_time":"2023-03-16T15:33:44+00:00","og_image":[{"width":1280,"height":720,"url":"http:\/\/cmm.imgw.pl\/wp-content\/uploads\/2023\/02\/komentarz4.png","type":"image\/png"}],"author":"CMM","twitter_card":"summary_large_image","twitter_title":"Komentarz do numerycznych prognoz pogody (16\/17.03.2023)","twitter_description":"Komentarz do numerycznych prognoz pogody opracowany w Centrum Modelowania Meteorologicznego IMGW-PIB","twitter_image":"https:\/\/cmm.imgw.pl\/wp-content\/uploads\/2023\/02\/komentarz4.png","twitter_creator":"@IMGW_CMM","twitter_site":"@IMGW_CMM","twitter_misc":{"Napisane przez":"CMM","Szacowany czas czytania":"26 minut"},"schema":{"@context":"https:\/\/schema.org","@graph":[{"@type":"Article","@id":"https:\/\/cmm.imgw.pl\/?p=25400#article","isPartOf":{"@id":"https:\/\/cmm.imgw.pl\/?p=25400"},"author":{"name":"CMM","@id":"https:\/\/cmm.imgw.pl\/#\/schema\/person\/a24a37fe434fe76b0f5791e6bd3fdb46"},"headline":"Komentarz do numerycznych prognoz pogody (16\/17.03.2023)","datePublished":"2023-03-16T15:33:41+00:00","dateModified":"2023-03-16T15:33:44+00:00","mainEntityOfPage":{"@id":"https:\/\/cmm.imgw.pl\/?p=25400"},"wordCount":1925,"publisher":{"@id":"https:\/\/cmm.imgw.pl\/#organization"},"keywords":["cmm","Cosmo","imgw","klimat","komentarz","komentarz pogodowy","meteorologia","NMP","NPP","pogoda","prognoza pogody","zima"],"articleSection":["Komentarz"],"inLanguage":"pl-PL"},{"@type":"WebPage","@id":"https:\/\/cmm.imgw.pl\/?p=25400","url":"https:\/\/cmm.imgw.pl\/?p=25400","name":"Komentarz do numerycznych prognoz pogody (16\/17.03.2023) - Laboratorium Modelowania Meteorologicznego CMOK IMGW-PIB","isPartOf":{"@id":"https:\/\/cmm.imgw.pl\/#website"},"datePublished":"2023-03-16T15:33:41+00:00","dateModified":"2023-03-16T15:33:44+00:00","description":"Komentarz do numerycznych prognoz pogody opracowany w Centrum Modelowania Meteorologicznego IMGW-PIB.","breadcrumb":{"@id":"https:\/\/cmm.imgw.pl\/?p=25400#breadcrumb"},"inLanguage":"pl-PL","potentialAction":[{"@type":"ReadAction","target":["https:\/\/cmm.imgw.pl\/?p=25400"]}]},{"@type":"BreadcrumbList","@id":"https:\/\/cmm.imgw.pl\/?p=25400#breadcrumb","itemListElement":[{"@type":"ListItem","position":1,"name":"Home","item":"https:\/\/cmm.imgw.pl\/"},{"@type":"ListItem","position":2,"name":"Komentarz do numerycznych prognoz pogody (16\/17.03.2023)"}]},{"@type":"WebSite","@id":"https:\/\/cmm.imgw.pl\/#website","url":"https:\/\/cmm.imgw.pl\/","name":"Laboratorium Modelowania Meteorologicznego CMOK IMGW-PIB","description":"CMOK-LMM Laboratorium pe\u0142ni pa\u0144stwow\u0105 s\u0142u\u017cb\u0119 hydrologiczno-meteorologiczn\u0105 w zakresie numerycznych prognoz pogody, kt\u00f3rego zadaniem jest konsolidacja kompetencji w obszarze modelowania zjawisk pogodowych oraz dalszego rozwoju numerycznych modeli pogody (NMP).","publisher":{"@id":"https:\/\/cmm.imgw.pl\/#organization"},"potentialAction":[{"@type":"SearchAction","target":{"@type":"EntryPoint","urlTemplate":"https:\/\/cmm.imgw.pl\/?s={search_term_string}"},"query-input":"required name=search_term_string"}],"inLanguage":"pl-PL"},{"@type":"Organization","@id":"https:\/\/cmm.imgw.pl\/#organization","name":"Laboratorium Modelowania Meteorologicznego CMOK IMGW-PIB","url":"https:\/\/cmm.imgw.pl\/","sameAs":["https:\/\/www.facebook.com\/Meteoimgw\/","https:\/\/twitter.com\/IMGW_CMM"],"logo":{"@type":"ImageObject","inLanguage":"pl-PL","@id":"https:\/\/cmm.imgw.pl\/#\/schema\/logo\/image\/","url":"https:\/\/cmm.imgw.pl\/wp-content\/uploads\/2025\/10\/MODELE_LOGO_UNIFIKACJA_v2.png","contentUrl":"https:\/\/cmm.imgw.pl\/wp-content\/uploads\/2025\/10\/MODELE_LOGO_UNIFIKACJA_v2.png","width":1356,"height":365,"caption":"Laboratorium Modelowania Meteorologicznego CMOK IMGW-PIB"},"image":{"@id":"https:\/\/cmm.imgw.pl\/#\/schema\/logo\/image\/"}},{"@type":"Person","@id":"https:\/\/cmm.imgw.pl\/#\/schema\/person\/a24a37fe434fe76b0f5791e6bd3fdb46","name":"CMM","image":{"@type":"ImageObject","inLanguage":"pl-PL","@id":"https:\/\/cmm.imgw.pl\/#\/schema\/person\/image\/","url":"https:\/\/secure.gravatar.com\/avatar\/9248ea2273711f1cd09d6bd45867dbfb?s=96&d=blank&r=g","contentUrl":"https:\/\/secure.gravatar.com\/avatar\/9248ea2273711f1cd09d6bd45867dbfb?s=96&d=blank&r=g","caption":"CMM"},"sameAs":["http:\/\/cmm.imgw.pl"],"url":"https:\/\/cmm.imgw.pl\/?author=3"}]}},"_links":{"self":[{"href":"https:\/\/cmm.imgw.pl\/index.php?rest_route=\/wp\/v2\/posts\/25400"}],"collection":[{"href":"https:\/\/cmm.imgw.pl\/index.php?rest_route=\/wp\/v2\/posts"}],"about":[{"href":"https:\/\/cmm.imgw.pl\/index.php?rest_route=\/wp\/v2\/types\/post"}],"author":[{"embeddable":true,"href":"https:\/\/cmm.imgw.pl\/index.php?rest_route=\/wp\/v2\/users\/3"}],"replies":[{"embeddable":true,"href":"https:\/\/cmm.imgw.pl\/index.php?rest_route=%2Fwp%2Fv2%2Fcomments&post=25400"}],"version-history":[{"count":1,"href":"https:\/\/cmm.imgw.pl\/index.php?rest_route=\/wp\/v2\/posts\/25400\/revisions"}],"predecessor-version":[{"id":25480,"href":"https:\/\/cmm.imgw.pl\/index.php?rest_route=\/wp\/v2\/posts\/25400\/revisions\/25480"}],"wp:attachment":[{"href":"https:\/\/cmm.imgw.pl\/index.php?rest_route=%2Fwp%2Fv2%2Fmedia&parent=25400"}],"wp:term":[{"taxonomy":"category","embeddable":true,"href":"https:\/\/cmm.imgw.pl\/index.php?rest_route=%2Fwp%2Fv2%2Fcategories&post=25400"},{"taxonomy":"post_tag","embeddable":true,"href":"https:\/\/cmm.imgw.pl\/index.php?rest_route=%2Fwp%2Fv2%2Ftags&post=25400"}],"curies":[{"name":"wp","href":"https:\/\/api.w.org\/{rel}","templated":true}]}}