{"id":25278,"date":"2023-03-15T16:12:30","date_gmt":"2023-03-15T15:12:30","guid":{"rendered":"https:\/\/cmm.imgw.pl\/?p=25278"},"modified":"2023-03-15T16:12:33","modified_gmt":"2023-03-15T15:12:33","slug":"komentarz-do-numerycznych-prognoz-pogody-15-16-03-2023","status":"publish","type":"post","link":"https:\/\/cmm.imgw.pl\/?p=25278","title":{"rendered":"Komentarz do numerycznych prognoz pogody (15\/16.03.2023)"},"content":{"rendered":"\n<figure class=\"wp-block-image size-large\"><img loading=\"lazy\" width=\"1024\" height=\"576\" src=\"https:\/\/cmm.imgw.pl\/wp-content\/uploads\/2023\/03\/komentarz4-1-1024x576.png\" alt=\"\" class=\"wp-image-23617\" srcset=\"https:\/\/cmm.imgw.pl\/wp-content\/uploads\/2023\/03\/komentarz4-1-1024x576.png 1024w, https:\/\/cmm.imgw.pl\/wp-content\/uploads\/2023\/03\/komentarz4-1-300x169.png 300w, https:\/\/cmm.imgw.pl\/wp-content\/uploads\/2023\/03\/komentarz4-1-768x432.png 768w, https:\/\/cmm.imgw.pl\/wp-content\/uploads\/2023\/03\/komentarz4-1-800x450.png 800w, https:\/\/cmm.imgw.pl\/wp-content\/uploads\/2023\/03\/komentarz4-1.png 1280w\" sizes=\"(max-width: 1024px) 100vw, 1024px\" \/><\/figure>\n\n\n\n<p><em>Tre\u015b\u0107 komentarza do numerycznych prognoz meteorologicznych stanowi niezale\u017cne od biura prognoz meteorologicznych opracowanie wykonane w Centrum Modelowania Meteorologicznego i nie stanowi oficjalnej prognozy synoptycznej IMGW-PIB.<\/em><\/p>\n\n\n\n<p><strong>Opracowanie:<\/strong><\/p>\n\n\n\n<p><strong>dr&nbsp;Grzegorz&nbsp;Duniec, <a href=\"https:\/\/cmm.imgw.pl\/\" target=\"_blank\" rel=\"noreferrer noopener\"><mark style=\"background-color:rgba(0, 0, 0, 0)\" class=\"has-inline-color has-vivid-cyan-blue-color\">Centrum Modelowania Meteorologicznego IMGW-PIB<\/mark><\/a><\/strong><\/p>\n\n\n<p><strong>Dzie\u0144 15 III oraz noc 15\/16 III 2023 r.<\/strong><\/p>\n<p><strong>Opis aktualnej sytuacji synoptycznej w Europie<\/strong><\/p>\n<p><img loading=\"lazy\" width=\"1385\" height=\"983\" class=\"wp-image-25282 aligncenter\" src=\"http:\/\/cmm.imgw.pl\/wp-content\/uploads\/2023\/03\/word-image-25278-1.png\" srcset=\"https:\/\/cmm.imgw.pl\/wp-content\/uploads\/2023\/03\/word-image-25278-1.png 1385w, https:\/\/cmm.imgw.pl\/wp-content\/uploads\/2023\/03\/word-image-25278-1-300x213.png 300w, https:\/\/cmm.imgw.pl\/wp-content\/uploads\/2023\/03\/word-image-25278-1-1024x727.png 1024w, https:\/\/cmm.imgw.pl\/wp-content\/uploads\/2023\/03\/word-image-25278-1-768x545.png 768w\" sizes=\"(max-width: 1385px) 100vw, 1385px\" \/><\/p>\n<p>G\u0142\u0119boki ni\u017c znad po\u0142udniowej Finlandii przemie\u015bci\u0142 si\u0119 na p\u00f3\u0142noc i jego centrum 985 hPa zalega nad p\u00f3\u0142nocn\u0105 Finlandi\u0105. Ni\u017c si\u0119 wype\u0142nia. W ci\u0105gu ostatniej doby front ch\u0142odny zwi\u0105zany z ww. ni\u017cem przemieszcza\u0142 si\u0119 nad Polsk\u0105 i dzisiaj ju\u017c jest za wschodni\u0105 granic\u0105. Nad Niemcami linia zbie\u017cno\u015bci. Nad zachodni\u0105 Rosj\u0105 wy\u017c, kt\u00f3rego o\u015brodek zalega poza zakresem mapy synoptycznej. Wy\u017c znad Atlantyku przemieszcza\u0142 si\u0119 w kierunku ENE i zalega na P\u0142w. Iberyjskim, Francj\u0105 oraz klinem si\u0119ga po Niemcy. P\u0142ytki ni\u017c znad p\u00f3\u0142nocnych W\u0142och przemie\u015bci\u0142 si\u0119 w kierunku ESE i jego centrum 1000,5 hPa zalega nad Morzem Adriatyckim. Nad Atlantykiem zalega uk\u0142ad niskiego ci\u015bnienia. Ni\u017c zacz\u0105\u0142 si\u0119 pog\u0142\u0119bia\u0107.<\/p>\n<p><strong>Analiza g\u00f3rnego pola ci\u015bnienia<\/strong><\/p>\n<p><strong><img loading=\"lazy\" width=\"555\" height=\"497\" class=\"wp-image-25283 aligncenter\" src=\"http:\/\/cmm.imgw.pl\/wp-content\/uploads\/2023\/03\/word-image-25278-2.png\" srcset=\"https:\/\/cmm.imgw.pl\/wp-content\/uploads\/2023\/03\/word-image-25278-2.png 555w, https:\/\/cmm.imgw.pl\/wp-content\/uploads\/2023\/03\/word-image-25278-2-300x269.png 300w\" sizes=\"(max-width: 555px) 100vw, 555px\" \/><\/strong> <img loading=\"lazy\" width=\"695\" height=\"483\" class=\"wp-image-25284 aligncenter\" src=\"http:\/\/cmm.imgw.pl\/wp-content\/uploads\/2023\/03\/word-image-25278-3.png\" srcset=\"https:\/\/cmm.imgw.pl\/wp-content\/uploads\/2023\/03\/word-image-25278-3.png 695w, https:\/\/cmm.imgw.pl\/wp-content\/uploads\/2023\/03\/word-image-25278-3-300x208.png 300w\" sizes=\"(max-width: 695px) 100vw, 695px\" \/><\/p>\n<p><img loading=\"lazy\" width=\"551\" height=\"501\" class=\"wp-image-25285 aligncenter\" src=\"http:\/\/cmm.imgw.pl\/wp-content\/uploads\/2023\/03\/word-image-25278-4.png\" srcset=\"https:\/\/cmm.imgw.pl\/wp-content\/uploads\/2023\/03\/word-image-25278-4.png 551w, https:\/\/cmm.imgw.pl\/wp-content\/uploads\/2023\/03\/word-image-25278-4-300x273.png 300w\" sizes=\"(max-width: 551px) 100vw, 551px\" \/><\/p>\n<p><img loading=\"lazy\" width=\"557\" height=\"498\" class=\"wp-image-25286 aligncenter\" src=\"http:\/\/cmm.imgw.pl\/wp-content\/uploads\/2023\/03\/word-image-25278-5.png\" srcset=\"https:\/\/cmm.imgw.pl\/wp-content\/uploads\/2023\/03\/word-image-25278-5.png 557w, https:\/\/cmm.imgw.pl\/wp-content\/uploads\/2023\/03\/word-image-25278-5-300x268.png 300w\" sizes=\"(max-width: 557px) 100vw, 557px\" \/> <img loading=\"lazy\" width=\"696\" height=\"486\" class=\"wp-image-25287 aligncenter\" src=\"http:\/\/cmm.imgw.pl\/wp-content\/uploads\/2023\/03\/word-image-25278-6.png\" srcset=\"https:\/\/cmm.imgw.pl\/wp-content\/uploads\/2023\/03\/word-image-25278-6.png 696w, https:\/\/cmm.imgw.pl\/wp-content\/uploads\/2023\/03\/word-image-25278-6-300x209.png 300w\" sizes=\"(max-width: 696px) 100vw, 696px\" \/><\/p>\n<p><img loading=\"lazy\" width=\"561\" height=\"497\" class=\"wp-image-25288 aligncenter\" src=\"http:\/\/cmm.imgw.pl\/wp-content\/uploads\/2023\/03\/word-image-25278-7.png\" srcset=\"https:\/\/cmm.imgw.pl\/wp-content\/uploads\/2023\/03\/word-image-25278-7.png 561w, https:\/\/cmm.imgw.pl\/wp-content\/uploads\/2023\/03\/word-image-25278-7-300x266.png 300w\" sizes=\"(max-width: 561px) 100vw, 561px\" \/> <img loading=\"lazy\" width=\"695\" height=\"493\" class=\"wp-image-25289 aligncenter\" src=\"http:\/\/cmm.imgw.pl\/wp-content\/uploads\/2023\/03\/word-image-25278-8.png\" srcset=\"https:\/\/cmm.imgw.pl\/wp-content\/uploads\/2023\/03\/word-image-25278-8.png 695w, https:\/\/cmm.imgw.pl\/wp-content\/uploads\/2023\/03\/word-image-25278-8-300x213.png 300w\" sizes=\"(max-width: 695px) 100vw, 695px\" \/><\/p>\n<p>Ni\u017c znad Morza Adriatyckiego rozbudowany ku g\u00f3rze. Na wysoko\u015bci zaznaczona zamkni\u0119ta cyrkulacja cykloniczna z o\u015brodkiem 133 gpdam na wysoko\u015bci 850 hPa. Na wy\u017cszych poziomach brak zamkni\u0119tej cyrkulacji i izohipsy gi\u0119te na kszta\u0142t zatoki. Ni\u017c znad p\u00f3\u0142nocnej Finlandii rozbudowany w pionie. Na wysoko\u015bci zaznaczona zamkni\u0119ta cyrkulacja cykloniczna z o\u015brodkiem 114 gpdam na wysoko\u015bci 850 hPa. Na wy\u017cszych poziomach brak zamkni\u0119tej cyrkulacji i izohipsy gi\u0119te na kszta\u0142t zatoki. Ni\u017c znad Atlantyku rozbudowany w pionie. Na wszystkich poziomach izobarycznych zaznaczona zamkni\u0119ta cyrkulacja cykloniczna. Wzd\u0142u\u017c osi ni\u017cu g\u0142\u0119boko\u015b\u0107 wiru rozk\u0142ada si\u0119 nast\u0119puj\u0105co: 112 gpdam na wysoko\u015bci 850 hPa, 525 gpdam na wysoko\u015bci 500 hPa oraz 880 gpdam na wysoko\u015bci 9km. Wy\u017c znad Rosji poza zasi\u0119giem domeny obliczeniowej.<\/p>\n<p><strong>Analiza g\u00f3rnego pola wiatru<\/strong><\/p>\n<p>Nad Atlantykiem, nad Wielk\u0105 Brytani\u0105, Europ\u0105 zachodni\u0105 i po\u0142udniow\u0105, nad Polsk\u0105 i Europ\u0105 p\u00f3\u0142nocno wschodni\u0105 rozci\u0105ga si\u0119 strefa du\u017cych pr\u0119dko\u015bci oraz pr\u0105d\u00f3w strumieniowych. Nad wschodni\u0105 Polsk\u0105 zalega o\u015b pr\u0105du strumieniowego na wysoko\u015bci FL300 (9144 m), z maksymaln\u0105 pr\u0119dko\u015bci\u0105 w osi pr\u0105du 50 m\/s. P\u00f3\u0142nocno zachodnie rejony kraju r\u00f3wnie\u017c w zasi\u0119gu pr\u0105du strumieniowego. O\u015b pr\u0105du zalega na wysoko\u015bci FL260 (7925 m), z maksymaln\u0105 pr\u0119dko\u015bci\u0105 w osi pr\u0105du 50 m\/s. Nad Europ\u0105 zachodni\u0105 (od Morza Norweskiego i P\u00f3\u0142nocnego a\u017c po Morze \u015ar\u00f3dziemne zalega kolejny pr\u0105d strumieniowy na wysoko\u015bci FL290 (8839 m), z maksymaln\u0105 pr\u0119dko\u015bci\u0105 w osi pr\u0105du 45-65 m\/s. Nad Atlantykiem, a\u017c po Europ\u0119 zachodni\u0105 na wysoko\u015bci FL340-350 (10363m-10668m) zalega o\u015b pr\u0105du strumieniowego, z maksymaln\u0105 pr\u0119dko\u015bci w osi 45-65 m\/s. Nad Europ\u0105 wschodni\u0105 i p\u00f3\u0142nocn\u0105 zalegaj\u0105 pr\u0105dy strumieniowe, kt\u00f3re cz\u0119\u015bciowo znajduj\u0105 si\u0119 nad Polsk\u0105.<\/p>\n<p><img loading=\"lazy\" width=\"2156\" height=\"1728\" class=\"wp-image-25290 aligncenter\" src=\"http:\/\/cmm.imgw.pl\/wp-content\/uploads\/2023\/03\/word-image-25278-9.png\" srcset=\"https:\/\/cmm.imgw.pl\/wp-content\/uploads\/2023\/03\/word-image-25278-9.png 2156w, https:\/\/cmm.imgw.pl\/wp-content\/uploads\/2023\/03\/word-image-25278-9-300x240.png 300w, https:\/\/cmm.imgw.pl\/wp-content\/uploads\/2023\/03\/word-image-25278-9-1024x821.png 1024w, https:\/\/cmm.imgw.pl\/wp-content\/uploads\/2023\/03\/word-image-25278-9-768x616.png 768w, https:\/\/cmm.imgw.pl\/wp-content\/uploads\/2023\/03\/word-image-25278-9-1536x1231.png 1536w, https:\/\/cmm.imgw.pl\/wp-content\/uploads\/2023\/03\/word-image-25278-9-2048x1641.png 2048w\" sizes=\"(max-width: 2156px) 100vw, 2156px\" \/><\/p>\n<p><strong>Tropopauza<\/strong><\/p>\n<p>W rejonie Islandii zalega ni\u017c tropopauzy (tropopauza wykazuje obni\u017cenie do poziomu FL180 (5486 m). W rejonie Morza Jo\u0144skiego zalega drugi ni\u017c tropopauzy (tropopauza wykazuje obni\u017cenie do poziomu FL270 (8230 m). Nad Skandynawi\u0105 zalega trzeci ni\u017c tropopauzy (tropopauza wykazuje obni\u017cenie do poziomu FL180 (5486 m). Na po\u0142udniowy zach\u00f3d od p\u0142w. Iberyjskiego zalega wy\u017c tropopauzy (tropopauza wykazuje podniesienie do poziomu FL450 (13716 m).<\/p>\n<p><strong>Rozw\u00f3j sytuacji barycznej nad Europ\u0105 w horyzoncie 24 godzin<\/strong><\/p>\n<p><img loading=\"lazy\" width=\"1075\" height=\"764\" class=\"wp-image-25291 aligncenter\" src=\"http:\/\/cmm.imgw.pl\/wp-content\/uploads\/2023\/03\/word-image-25278-10.gif\" \/> <img loading=\"lazy\" width=\"1075\" height=\"764\" class=\"wp-image-25292 aligncenter\" src=\"http:\/\/cmm.imgw.pl\/wp-content\/uploads\/2023\/03\/word-image-25278-11.gif\" \/><\/p>\n<p><span class=\"ui-provider yf b c d e f g h i j k l m n o p q r s t u v w x y z ab ac ae af ag ah ai aj ak\" dir=\"ltr\">Ni\u017c znad p\u00f3\u0142nocnej Finlandii b\u0119dzie si\u0119 wype\u0142nia\u0142 i przemieszcza\u0142 w kierunku NNE. W nocy o\u015brodek powinien dotrze\u0107 w rejony Morza Barentsa, a jutro w dzie\u0144 przesunie si\u0119 w rejon Morza Karskiego. Wy\u017c znad Europy zachodniej przemieszcza\u0107 si\u0119 b\u0119dzie w kierunku NE i ju\u017c dzisiaj w nocy swym zasi\u0119giem obejmie Polsk\u0119. Ni\u017c znad Morza Adriatyckiego przemieszcza\u0107 si\u0119 b\u0119dzie na wsch\u00f3d i dotrze do p\u0142w. Azji Mniejszej. Ni\u017c znad Atlantyku przesunie si\u0119 na wsch\u00f3d i ciep\u0142ym sektorem obejmie Wielk\u0105 Brytani\u0119 oraz cz\u0119\u015b\u0107 Europy zachodniej. Jutro front ch\u0142odny dotrze do granic kontynentu.<\/span><\/p>\n<p><strong>Analiza g\u00f3rnego pola ci\u015bnienia w horyzoncie 24 godzin<\/strong><\/p>\n<p><strong><img loading=\"lazy\" width=\"694\" height=\"482\" class=\"wp-image-25293 aligncenter\" src=\"http:\/\/cmm.imgw.pl\/wp-content\/uploads\/2023\/03\/word-image-25278-12.png\" srcset=\"https:\/\/cmm.imgw.pl\/wp-content\/uploads\/2023\/03\/word-image-25278-12.png 694w, https:\/\/cmm.imgw.pl\/wp-content\/uploads\/2023\/03\/word-image-25278-12-300x208.png 300w\" sizes=\"(max-width: 694px) 100vw, 694px\" \/><img loading=\"lazy\" width=\"694\" height=\"488\" class=\"wp-image-25294 aligncenter\" src=\"http:\/\/cmm.imgw.pl\/wp-content\/uploads\/2023\/03\/word-image-25278-13.png\" srcset=\"https:\/\/cmm.imgw.pl\/wp-content\/uploads\/2023\/03\/word-image-25278-13.png 694w, https:\/\/cmm.imgw.pl\/wp-content\/uploads\/2023\/03\/word-image-25278-13-300x211.png 300w\" sizes=\"(max-width: 694px) 100vw, 694px\" \/><img loading=\"lazy\" width=\"696\" height=\"485\" class=\"wp-image-25295 aligncenter\" src=\"http:\/\/cmm.imgw.pl\/wp-content\/uploads\/2023\/03\/word-image-25278-14.png\" srcset=\"https:\/\/cmm.imgw.pl\/wp-content\/uploads\/2023\/03\/word-image-25278-14.png 696w, https:\/\/cmm.imgw.pl\/wp-content\/uploads\/2023\/03\/word-image-25278-14-300x209.png 300w\" sizes=\"(max-width: 696px) 100vw, 696px\" \/><img loading=\"lazy\" width=\"696\" height=\"487\" class=\"wp-image-25296 aligncenter\" src=\"http:\/\/cmm.imgw.pl\/wp-content\/uploads\/2023\/03\/word-image-25278-15.png\" srcset=\"https:\/\/cmm.imgw.pl\/wp-content\/uploads\/2023\/03\/word-image-25278-15.png 696w, https:\/\/cmm.imgw.pl\/wp-content\/uploads\/2023\/03\/word-image-25278-15-300x210.png 300w\" sizes=\"(max-width: 696px) 100vw, 696px\" \/><img loading=\"lazy\" width=\"675\" height=\"468\" class=\"wp-image-25297 aligncenter\" src=\"http:\/\/cmm.imgw.pl\/wp-content\/uploads\/2023\/03\/word-image-25278-16.jpeg\" srcset=\"https:\/\/cmm.imgw.pl\/wp-content\/uploads\/2023\/03\/word-image-25278-16.jpeg 675w, https:\/\/cmm.imgw.pl\/wp-content\/uploads\/2023\/03\/word-image-25278-16-300x208.jpeg 300w\" sizes=\"(max-width: 675px) 100vw, 675px\" \/><img loading=\"lazy\" width=\"697\" height=\"487\" class=\"wp-image-25298 aligncenter\" src=\"http:\/\/cmm.imgw.pl\/wp-content\/uploads\/2023\/03\/word-image-25278-17.png\" srcset=\"https:\/\/cmm.imgw.pl\/wp-content\/uploads\/2023\/03\/word-image-25278-17.png 697w, https:\/\/cmm.imgw.pl\/wp-content\/uploads\/2023\/03\/word-image-25278-17-300x210.png 300w\" sizes=\"(max-width: 697px) 100vw, 697px\" \/><\/strong><\/p>\n<p>Ni\u017c znad Atlantyku rozbudowany ku g\u00f3rze i w dalszym ci\u0105gu b\u0119dzie mo\u017cna wyodr\u0119bni\u0107 zamkni\u0119t\u0105 cyrkulacj\u0119 cykloniczn\u0105 na wszystkich poziomach izobarycznych. Z analizy pola geopotencja\u0142u wynika, \u017ce g\u0142\u0119boko\u015b\u0107 wiru cyklonicznego b\u0119dzie mala\u0142a (ni\u017c si\u0119 wype\u0142nia, powierzchnie izobaryczne podnosz\u0105 si\u0119) na wysoko\u015bci 1,5 km oraz 5,5 km. Na wysoko\u015bci 9 km ni\u017c nadal b\u0119dzie si\u0119 pog\u0142\u0119bia\u0142. Ni\u017c znad p\u00f3\u0142nocnej Skandynawii r\u00f3wnie\u017c rozbudowany ku g\u00f3rze i na wysoko\u015bciach 1,5 km oraz 5,5km wyst\u0119powa\u0107 b\u0119dzie zamkni\u0119ta cyrkulacja cykloniczna. Na wy\u017cszym poziomie izobary b\u0119d\u0105 gi\u0119te na kszta\u0142t zatoki. Ni\u017c, kt\u00f3ry na dolnej prognostycznej mapie synoptycznej b\u0119dzie przemieszcza\u0142 si\u0119 znad Morza Adriatyckiego w kierunku p\u0142w. Azji Mniejszej r\u00f3wnie\u017c zaznaczony na g\u00f3rnych mapach. Na wysoko\u015bci 1,5 km zaznaczona zamkni\u0119ta cyrkulacja cykloniczna, na wy\u017cszych poziomach izohipsy gi\u0119te na kszta\u0142t zatoki. Ni\u017c b\u0119dzie si\u0119 wype\u0142nia\u0142 na wszystkich poziomach w atmosferze.<\/p>\n<p><strong>Analiza g\u00f3rnego pola wiatru w horyzoncie 24 godzin<\/strong><\/p>\n<p><img loading=\"lazy\" width=\"2156\" height=\"1728\" class=\"wp-image-25299 aligncenter\" src=\"http:\/\/cmm.imgw.pl\/wp-content\/uploads\/2023\/03\/word-image-25278-18.png\" srcset=\"https:\/\/cmm.imgw.pl\/wp-content\/uploads\/2023\/03\/word-image-25278-18.png 2156w, https:\/\/cmm.imgw.pl\/wp-content\/uploads\/2023\/03\/word-image-25278-18-300x240.png 300w, https:\/\/cmm.imgw.pl\/wp-content\/uploads\/2023\/03\/word-image-25278-18-1024x821.png 1024w, https:\/\/cmm.imgw.pl\/wp-content\/uploads\/2023\/03\/word-image-25278-18-768x616.png 768w, https:\/\/cmm.imgw.pl\/wp-content\/uploads\/2023\/03\/word-image-25278-18-1536x1231.png 1536w, https:\/\/cmm.imgw.pl\/wp-content\/uploads\/2023\/03\/word-image-25278-18-2048x1641.png 2048w\" sizes=\"(max-width: 2156px) 100vw, 2156px\" \/> <img loading=\"lazy\" width=\"2156\" height=\"1728\" class=\"wp-image-25300 aligncenter\" src=\"http:\/\/cmm.imgw.pl\/wp-content\/uploads\/2023\/03\/word-image-25278-19.png\" srcset=\"https:\/\/cmm.imgw.pl\/wp-content\/uploads\/2023\/03\/word-image-25278-19.png 2156w, https:\/\/cmm.imgw.pl\/wp-content\/uploads\/2023\/03\/word-image-25278-19-300x240.png 300w, https:\/\/cmm.imgw.pl\/wp-content\/uploads\/2023\/03\/word-image-25278-19-1024x821.png 1024w, https:\/\/cmm.imgw.pl\/wp-content\/uploads\/2023\/03\/word-image-25278-19-768x616.png 768w, https:\/\/cmm.imgw.pl\/wp-content\/uploads\/2023\/03\/word-image-25278-19-1536x1231.png 1536w, https:\/\/cmm.imgw.pl\/wp-content\/uploads\/2023\/03\/word-image-25278-19-2048x1641.png 2048w\" sizes=\"(max-width: 2156px) 100vw, 2156px\" \/><\/p>\n<p>Zasadniczo pole g\u00f3rnego wiatru nie zmieni si\u0119. W nocy nad Polsk\u0105 zachodni\u0105 zalega\u0107 b\u0119dzie o\u015b pr\u0105du strumieniowego na wysoko\u015bci FL270 (8230 m), z maksymaln\u0105 pr\u0119dko\u015bci\u0105 w osi pr\u0105du 50 m\/s. Nad wschodni\u0105 Polsk\u0105 zalega\u0107 b\u0119dzie o\u015b pr\u0105du strumieniowego na wysoko\u015bci FL280 (8534 m) z maksymaln\u0105 pr\u0119dko\u015bci\u0105 w osi pr\u0105du 50 m\/s.<\/p>\n<p><img loading=\"lazy\" width=\"600\" height=\"640\" class=\"wp-image-25301 aligncenter\" src=\"http:\/\/cmm.imgw.pl\/wp-content\/uploads\/2023\/03\/word-image-25278-20.png\" srcset=\"https:\/\/cmm.imgw.pl\/wp-content\/uploads\/2023\/03\/word-image-25278-20.png 600w, https:\/\/cmm.imgw.pl\/wp-content\/uploads\/2023\/03\/word-image-25278-20-281x300.png 281w\" sizes=\"(max-width: 600px) 100vw, 600px\" \/> <img loading=\"lazy\" width=\"600\" height=\"640\" class=\"wp-image-25302 aligncenter\" src=\"http:\/\/cmm.imgw.pl\/wp-content\/uploads\/2023\/03\/word-image-25278-21.png\" srcset=\"https:\/\/cmm.imgw.pl\/wp-content\/uploads\/2023\/03\/word-image-25278-21.png 600w, https:\/\/cmm.imgw.pl\/wp-content\/uploads\/2023\/03\/word-image-25278-21-281x300.png 281w\" sizes=\"(max-width: 600px) 100vw, 600px\" \/><\/p>\n<p>Z numerycznych map prognostycznych wynika, \u017ce w godzinach nocnych w w\u0105skim pasie przebiegaj\u0105cym nad Polsk\u0105 centraln\u0105 wyst\u0105pi obszar zmniejszonych pr\u0119dko\u015bci wiatru. Obszar ten oddziale dwie strefy pr\u0105d\u00f3w strumieniowych. Na kra\u0144cach wschodnich zalega\u0107 b\u0119dzie obszar zwi\u0119kszonej pr\u0119dko\u015bci wiatru. Na kra\u0144cach zachodnich zalega druga strefa du\u017cych pr\u0119dko\u015bci wiatru.<\/p>\n<p><strong>Tropopauza w horyzoncie 24 godzin<\/strong><\/p>\n<p>W rejonie Islandii nadal zalega\u0107 b\u0119dzie ni\u017c tropopauzy (tropopauza wykazuje obni\u017cenie do poziomu FL180 (5486 m).<\/p>\n<p><strong>Analiza termiczna troposfery<\/strong><\/p>\n<p><img loading=\"lazy\" width=\"634\" height=\"490\" class=\"wp-image-25303 aligncenter\" src=\"http:\/\/cmm.imgw.pl\/wp-content\/uploads\/2023\/03\/thck-500-1000hpa-gfs-sro-15-03-2023-15-utc.gif\" alt=\"Thck 500-1000hPa GFS \u015bro. 15.03.2023 15 UTC\" \/> <img loading=\"lazy\" width=\"634\" height=\"490\" class=\"wp-image-25304 aligncenter\" src=\"http:\/\/cmm.imgw.pl\/wp-content\/uploads\/2023\/03\/thck-500-1000hpa-gfs-czw-16-03-2023-03-utc.gif\" alt=\"Thck 500-1000hPa GFS czw. 16.03.2023 03 UTC\" \/><\/p>\n<p><img loading=\"lazy\" width=\"634\" height=\"490\" class=\"wp-image-25305 aligncenter\" src=\"http:\/\/cmm.imgw.pl\/wp-content\/uploads\/2023\/03\/theta-w-850hpa-gfs-sro-15-03-2023-15-utc.gif\" alt=\"Theta-W 850hPa GFS \u015bro. 15.03.2023 15 UTC\" \/> <img loading=\"lazy\" width=\"634\" height=\"490\" class=\"wp-image-25306 aligncenter\" src=\"http:\/\/cmm.imgw.pl\/wp-content\/uploads\/2023\/03\/theta-w-850hpa-gfs-czw-16-03-2023-03-utc.gif\" alt=\"Theta-W 850hPa GFS czw. 16.03.2023 03 UTC\" \/><\/p>\n<p>Nad Skandynawi\u0105, nad Morzem Barentsa, Morzem Norweskim, Morzem P\u00f3\u0142nocnym oraz cz\u0119\u015bciowo w Europie centralnej zalega ch\u0142odna masa powietrza pochodzenia arktyczno morskiego. Europa zachodnia, wschodnia oraz cz\u0119\u015bciowo centralna, po\u0142udniowa w zasi\u0119gu polarno-morskiej masy powietrza.<\/p>\n<p><img loading=\"lazy\" width=\"600\" height=\"640\" class=\"wp-image-25307 aligncenter\" src=\"http:\/\/cmm.imgw.pl\/wp-content\/uploads\/2023\/03\/word-image-25278-26.png\" srcset=\"https:\/\/cmm.imgw.pl\/wp-content\/uploads\/2023\/03\/word-image-25278-26.png 600w, https:\/\/cmm.imgw.pl\/wp-content\/uploads\/2023\/03\/word-image-25278-26-281x300.png 281w\" sizes=\"(max-width: 600px) 100vw, 600px\" \/> <img loading=\"lazy\" width=\"600\" height=\"640\" class=\"wp-image-25308 aligncenter\" src=\"http:\/\/cmm.imgw.pl\/wp-content\/uploads\/2023\/03\/word-image-25278-27.png\" srcset=\"https:\/\/cmm.imgw.pl\/wp-content\/uploads\/2023\/03\/word-image-25278-27.png 600w, https:\/\/cmm.imgw.pl\/wp-content\/uploads\/2023\/03\/word-image-25278-27-281x300.png 281w\" sizes=\"(max-width: 600px) 100vw, 600px\" \/> <img loading=\"lazy\" width=\"600\" height=\"640\" class=\"wp-image-25309 aligncenter\" src=\"http:\/\/cmm.imgw.pl\/wp-content\/uploads\/2023\/03\/word-image-25278-28.png\" srcset=\"https:\/\/cmm.imgw.pl\/wp-content\/uploads\/2023\/03\/word-image-25278-28.png 600w, https:\/\/cmm.imgw.pl\/wp-content\/uploads\/2023\/03\/word-image-25278-28-281x300.png 281w\" sizes=\"(max-width: 600px) 100vw, 600px\" \/><\/p>\n<p><img loading=\"lazy\" width=\"551\" height=\"501\" class=\"wp-image-25310 aligncenter\" src=\"http:\/\/cmm.imgw.pl\/wp-content\/uploads\/2023\/03\/word-image-25278-29.png\" srcset=\"https:\/\/cmm.imgw.pl\/wp-content\/uploads\/2023\/03\/word-image-25278-29.png 551w, https:\/\/cmm.imgw.pl\/wp-content\/uploads\/2023\/03\/word-image-25278-29-300x273.png 300w\" sizes=\"(max-width: 551px) 100vw, 551px\" \/> <img loading=\"lazy\" width=\"557\" height=\"498\" class=\"wp-image-25311 aligncenter\" src=\"http:\/\/cmm.imgw.pl\/wp-content\/uploads\/2023\/03\/word-image-25278-30.png\" srcset=\"https:\/\/cmm.imgw.pl\/wp-content\/uploads\/2023\/03\/word-image-25278-30.png 557w, https:\/\/cmm.imgw.pl\/wp-content\/uploads\/2023\/03\/word-image-25278-30-300x268.png 300w\" sizes=\"(max-width: 557px) 100vw, 557px\" \/><\/p>\n<p><span class=\"ui-provider yf b c d e f g h i j k l m n o p q r s t u v w x y z ab ac ae af ag ah ai aj ak\" dir=\"ltr\">Nad Europ\u0105 centraln\u0105 izotermy gi\u0119te w kszta\u0142t zatoki ch\u0142odu. Do Polski pocz\u0105tkowo powietrze nap\u0142ywa\u0107 b\u0119dzie z kierunku WSW a nast\u0119pie z kierunku WNW. Z analizy geopotencja\u0142u wzgl\u0119dnego wynika, \u017ce w ci\u0105gu najbli\u017cszych godzina nad Polsk\u0105 b\u0119dzie przemieszcza\u0142a si\u0119 z zachodu na wsch\u00f3d zatoka ch\u0142odu. Dzisiaj w dzie\u0144 zachodnie, p\u00f3\u0142nocno zachodnie i centralne rejony kraju w zasi\u0119gu zatoki ch\u0142odu. Wschodnie rejony w zasi\u0119gu cieplejszego klina. Na kra\u0144cach wschodnich zalega\u0107 b\u0119dzie jeszcze powietrze polarno-morskie. Od zachodu nap\u0142ynie powietrze arktyczno morskie.<\/span><\/p>\n<p><strong>Analiza pola wilgotno\u015bci w pionowym profilu w troposferze<\/strong><\/p>\n<p><img loading=\"lazy\" width=\"634\" height=\"490\" class=\"wp-image-25312 aligncenter\" src=\"http:\/\/cmm.imgw.pl\/wp-content\/uploads\/2023\/03\/rh-0-300-m-gfs-sro-15-03-2023-15-utc.gif\" alt=\"RH 0-300 m GFS \u015bro. 15.03.2023 15 UTC\" \/> <img loading=\"lazy\" width=\"634\" height=\"490\" class=\"wp-image-25313 aligncenter\" src=\"http:\/\/cmm.imgw.pl\/wp-content\/uploads\/2023\/03\/rh-0-300-m-gfs-czw-16-03-2023-03-utc.gif\" alt=\"RH 0-300 m GFS czw. 16.03.2023 03 UTC\" \/><\/p>\n<p>W dzie\u0144 w warstwie 0-300 metr\u00f3w ma\u0142a zawarto\u015b\u0107 pary wodnej. W nocy wzrost wilgotno\u015bci ww. warstwie.<\/p>\n<p><img loading=\"lazy\" width=\"634\" height=\"490\" class=\"wp-image-25314 aligncenter\" src=\"http:\/\/cmm.imgw.pl\/wp-content\/uploads\/2023\/03\/rh-600-3000-m-gfs-sro-15-03-2023-15-utc.gif\" alt=\"RH 600-3000 m GFS \u015bro. 15.03.2023 15 UTC\" \/> <img loading=\"lazy\" width=\"634\" height=\"490\" class=\"wp-image-25315 aligncenter\" src=\"http:\/\/cmm.imgw.pl\/wp-content\/uploads\/2023\/03\/rh-600-3000-m-gfs-czw-16-03-2023-03-utc.gif\" alt=\"RH 600-3000 m GFS czw. 16.03.2023 03 UTC\" \/><\/p>\n<p>W dzie\u0144, w warstwie 0,6-3 km, na zachodzie oraz p\u00f3\u0142nocnym wschodzie kraju zwi\u0119kszona zawarto\u015b\u0107 pary wodnej. W po\u0142udniowo wschodnich obszarach kraju ma\u0142a wilgotno\u015b\u0107. Na pozosta\u0142ym obszarze umiarkowana wilgotno\u015b\u0107. W nocy na kra\u0144cach zachodnich, po\u0142udniowo wschodnich oraz p\u00f3\u0142nocno wschodnich ma\u0142a zawarto\u015b\u0107 pary wodnej. Na pozosta\u0142ym obszarze umiarkowana wilgotno\u015b\u0107. Jedynie na p\u00f3\u0142nocy zwi\u0119kszona ilo\u015b\u0107 pary wodnej.<\/p>\n<p><img loading=\"lazy\" width=\"634\" height=\"490\" class=\"wp-image-25316 aligncenter\" src=\"http:\/\/cmm.imgw.pl\/wp-content\/uploads\/2023\/03\/rh-3000-6000-m-gfs-sro-15-03-2023-15-utc.gif\" alt=\"RH 3000-6000 m GFS \u015bro. 15.03.2023 15 UTC\" \/> <img loading=\"lazy\" width=\"634\" height=\"490\" class=\"wp-image-25317 aligncenter\" src=\"http:\/\/cmm.imgw.pl\/wp-content\/uploads\/2023\/03\/rh-3000-6000-m-gfs-czw-16-03-2023-03-utc.gif\" alt=\"RH 3000-6000 m GFS czw. 16.03.2023 03 UTC\" \/><\/p>\n<p>W dzie\u0144, w warstwie 3-6 km, du\u017ca zawarto\u015b\u0107 pary wodnej w sektorze Polski po\u0142udniowo wschodniej. Na zachodzie kraju, z wy\u0142\u0105czeniem woj. lubuskiego, wilgotno\u015b\u0107 umiarkowana. Na pozosta\u0142ym obszarze niska wilgotno\u015b\u0107. W nocy jedynie na kra\u0144cach po\u0142udniowo wschodnich wilgotno\u015b\u0107 wysoka. Na pozosta\u0142ym obszarze niska.<\/p>\n<p><img loading=\"lazy\" width=\"600\" height=\"640\" class=\"wp-image-25318 aligncenter\" src=\"http:\/\/cmm.imgw.pl\/wp-content\/uploads\/2023\/03\/word-image-25278-37.png\" srcset=\"https:\/\/cmm.imgw.pl\/wp-content\/uploads\/2023\/03\/word-image-25278-37.png 600w, https:\/\/cmm.imgw.pl\/wp-content\/uploads\/2023\/03\/word-image-25278-37-281x300.png 281w\" sizes=\"(max-width: 600px) 100vw, 600px\" \/> <img loading=\"lazy\" width=\"600\" height=\"640\" class=\"wp-image-25319 aligncenter\" src=\"http:\/\/cmm.imgw.pl\/wp-content\/uploads\/2023\/03\/word-image-25278-38.png\" srcset=\"https:\/\/cmm.imgw.pl\/wp-content\/uploads\/2023\/03\/word-image-25278-38.png 600w, https:\/\/cmm.imgw.pl\/wp-content\/uploads\/2023\/03\/word-image-25278-38-281x300.png 281w\" sizes=\"(max-width: 600px) 100vw, 600px\" \/><\/p>\n<p>Na wysoko\u015bci 9 km, w dzie\u0144 wilgotno\u015b\u0107 bardzo du\u017ca na wschodzie i ma\u0142a ma zachodzie. W nocy, na kra\u0144cach p\u00f3\u0142nocnych kraju wilgotno\u015b\u0107 du\u017ca. Na pozosta\u0142ym obszarze niska i bardzo niska wilgotno\u015b\u0107.<\/p>\n<p><strong>Prognoza zachmurzenia<\/strong><\/p>\n<p><img loading=\"lazy\" width=\"800\" height=\"800\" class=\"wp-image-25320 aligncenter\" src=\"http:\/\/cmm.imgw.pl\/wp-content\/uploads\/2023\/03\/word-image-25278-39.png\" srcset=\"https:\/\/cmm.imgw.pl\/wp-content\/uploads\/2023\/03\/word-image-25278-39.png 800w, https:\/\/cmm.imgw.pl\/wp-content\/uploads\/2023\/03\/word-image-25278-39-300x300.png 300w, https:\/\/cmm.imgw.pl\/wp-content\/uploads\/2023\/03\/word-image-25278-39-150x150.png 150w, https:\/\/cmm.imgw.pl\/wp-content\/uploads\/2023\/03\/word-image-25278-39-768x768.png 768w, https:\/\/cmm.imgw.pl\/wp-content\/uploads\/2023\/03\/word-image-25278-39-600x600.png 600w\" sizes=\"(max-width: 800px) 100vw, 800px\" \/> <img loading=\"lazy\" width=\"800\" height=\"800\" class=\"wp-image-25321 aligncenter\" src=\"http:\/\/cmm.imgw.pl\/wp-content\/uploads\/2023\/03\/word-image-25278-40.png\" srcset=\"https:\/\/cmm.imgw.pl\/wp-content\/uploads\/2023\/03\/word-image-25278-40.png 800w, https:\/\/cmm.imgw.pl\/wp-content\/uploads\/2023\/03\/word-image-25278-40-300x300.png 300w, https:\/\/cmm.imgw.pl\/wp-content\/uploads\/2023\/03\/word-image-25278-40-150x150.png 150w, https:\/\/cmm.imgw.pl\/wp-content\/uploads\/2023\/03\/word-image-25278-40-768x768.png 768w, https:\/\/cmm.imgw.pl\/wp-content\/uploads\/2023\/03\/word-image-25278-40-600x600.png 600w\" sizes=\"(max-width: 800px) 100vw, 800px\" \/> <img loading=\"lazy\" width=\"800\" height=\"800\" class=\"wp-image-25322 aligncenter\" src=\"http:\/\/cmm.imgw.pl\/wp-content\/uploads\/2023\/03\/word-image-25278-41.png\" srcset=\"https:\/\/cmm.imgw.pl\/wp-content\/uploads\/2023\/03\/word-image-25278-41.png 800w, https:\/\/cmm.imgw.pl\/wp-content\/uploads\/2023\/03\/word-image-25278-41-300x300.png 300w, https:\/\/cmm.imgw.pl\/wp-content\/uploads\/2023\/03\/word-image-25278-41-150x150.png 150w, https:\/\/cmm.imgw.pl\/wp-content\/uploads\/2023\/03\/word-image-25278-41-768x768.png 768w, https:\/\/cmm.imgw.pl\/wp-content\/uploads\/2023\/03\/word-image-25278-41-600x600.png 600w\" sizes=\"(max-width: 800px) 100vw, 800px\" \/><\/p>\n<p>W dzie\u0144 zachmurzenie og\u00f3lne ca\u0142kowite w sektorze wschodnim kraju. Na zachodzie zachmurzenie umiarkowane i du\u017ce. Lokalnie rozpogodzenia. Wieczorem i w nocy strefa zachmurzenia ca\u0142kowitego przemie\u015bci si\u0119 na wsch\u00f3d. Na pozosta\u0142ym obszarze zachmurzenie zmienne. Od ca\u0142kowitego po rozpogodzenia.<\/p>\n<p><img loading=\"lazy\" width=\"800\" height=\"800\" class=\"wp-image-25323 aligncenter\" src=\"http:\/\/cmm.imgw.pl\/wp-content\/uploads\/2023\/03\/word-image-25278-42.png\" srcset=\"https:\/\/cmm.imgw.pl\/wp-content\/uploads\/2023\/03\/word-image-25278-42.png 800w, https:\/\/cmm.imgw.pl\/wp-content\/uploads\/2023\/03\/word-image-25278-42-300x300.png 300w, https:\/\/cmm.imgw.pl\/wp-content\/uploads\/2023\/03\/word-image-25278-42-150x150.png 150w, https:\/\/cmm.imgw.pl\/wp-content\/uploads\/2023\/03\/word-image-25278-42-768x768.png 768w, https:\/\/cmm.imgw.pl\/wp-content\/uploads\/2023\/03\/word-image-25278-42-600x600.png 600w\" sizes=\"(max-width: 800px) 100vw, 800px\" \/> <img loading=\"lazy\" width=\"800\" height=\"800\" class=\"wp-image-25324 aligncenter\" src=\"http:\/\/cmm.imgw.pl\/wp-content\/uploads\/2023\/03\/word-image-25278-43.png\" srcset=\"https:\/\/cmm.imgw.pl\/wp-content\/uploads\/2023\/03\/word-image-25278-43.png 800w, https:\/\/cmm.imgw.pl\/wp-content\/uploads\/2023\/03\/word-image-25278-43-300x300.png 300w, https:\/\/cmm.imgw.pl\/wp-content\/uploads\/2023\/03\/word-image-25278-43-150x150.png 150w, https:\/\/cmm.imgw.pl\/wp-content\/uploads\/2023\/03\/word-image-25278-43-768x768.png 768w, https:\/\/cmm.imgw.pl\/wp-content\/uploads\/2023\/03\/word-image-25278-43-600x600.png 600w\" sizes=\"(max-width: 800px) 100vw, 800px\" \/> <img loading=\"lazy\" width=\"800\" height=\"800\" class=\"wp-image-25325 aligncenter\" src=\"http:\/\/cmm.imgw.pl\/wp-content\/uploads\/2023\/03\/word-image-25278-44.png\" srcset=\"https:\/\/cmm.imgw.pl\/wp-content\/uploads\/2023\/03\/word-image-25278-44.png 800w, https:\/\/cmm.imgw.pl\/wp-content\/uploads\/2023\/03\/word-image-25278-44-300x300.png 300w, https:\/\/cmm.imgw.pl\/wp-content\/uploads\/2023\/03\/word-image-25278-44-150x150.png 150w, https:\/\/cmm.imgw.pl\/wp-content\/uploads\/2023\/03\/word-image-25278-44-768x768.png 768w, https:\/\/cmm.imgw.pl\/wp-content\/uploads\/2023\/03\/word-image-25278-44-600x600.png 600w\" sizes=\"(max-width: 800px) 100vw, 800px\" \/><\/p>\n<p>Zachmurzenie pi\u0119tra niskiego ma\u0142e i umiarkowane. Na niebie chmury Stratocumulus, na kra\u0144cach po\u0142udniowo wschodnich Stratus. Wieczorem wzrost obszar\u00f3w z rozpogodzeniami w tym pi\u0119trze chmur. W nocy jedynie na zachodzie i lokalnie na wschodzie bezchmurnie w tym pi\u0119trze chmurowym. Na pozosta\u0142ym obszarze zachmurzenie du\u017ce i ca\u0142kowite. Chmury Stratocumulus oraz lokalnie Stratus.<\/p>\n<p><img loading=\"lazy\" width=\"600\" height=\"640\" class=\"wp-image-25326 aligncenter\" src=\"http:\/\/cmm.imgw.pl\/wp-content\/uploads\/2023\/03\/word-image-25278-45.png\" srcset=\"https:\/\/cmm.imgw.pl\/wp-content\/uploads\/2023\/03\/word-image-25278-45.png 600w, https:\/\/cmm.imgw.pl\/wp-content\/uploads\/2023\/03\/word-image-25278-45-281x300.png 281w\" sizes=\"(max-width: 600px) 100vw, 600px\" \/> <img loading=\"lazy\" width=\"600\" height=\"640\" class=\"wp-image-25327 aligncenter\" src=\"http:\/\/cmm.imgw.pl\/wp-content\/uploads\/2023\/03\/word-image-25278-46.png\" srcset=\"https:\/\/cmm.imgw.pl\/wp-content\/uploads\/2023\/03\/word-image-25278-46.png 600w, https:\/\/cmm.imgw.pl\/wp-content\/uploads\/2023\/03\/word-image-25278-46-281x300.png 281w\" sizes=\"(max-width: 600px) 100vw, 600px\" \/><\/p>\n<p>W dzie\u0144 i wieczorem mog\u0105 wyst\u0119powa\u0107 chmury Cumulus oraz Cumulonimbus.<\/p>\n<p><img loading=\"lazy\" width=\"800\" height=\"800\" class=\"wp-image-25328 aligncenter\" src=\"http:\/\/cmm.imgw.pl\/wp-content\/uploads\/2023\/03\/word-image-25278-47.png\" srcset=\"https:\/\/cmm.imgw.pl\/wp-content\/uploads\/2023\/03\/word-image-25278-47.png 800w, https:\/\/cmm.imgw.pl\/wp-content\/uploads\/2023\/03\/word-image-25278-47-300x300.png 300w, https:\/\/cmm.imgw.pl\/wp-content\/uploads\/2023\/03\/word-image-25278-47-150x150.png 150w, https:\/\/cmm.imgw.pl\/wp-content\/uploads\/2023\/03\/word-image-25278-47-768x768.png 768w, https:\/\/cmm.imgw.pl\/wp-content\/uploads\/2023\/03\/word-image-25278-47-600x600.png 600w\" sizes=\"(max-width: 800px) 100vw, 800px\" \/> <img loading=\"lazy\" width=\"800\" height=\"800\" class=\"wp-image-25329 aligncenter\" src=\"http:\/\/cmm.imgw.pl\/wp-content\/uploads\/2023\/03\/word-image-25278-48.png\" srcset=\"https:\/\/cmm.imgw.pl\/wp-content\/uploads\/2023\/03\/word-image-25278-48.png 800w, https:\/\/cmm.imgw.pl\/wp-content\/uploads\/2023\/03\/word-image-25278-48-300x300.png 300w, https:\/\/cmm.imgw.pl\/wp-content\/uploads\/2023\/03\/word-image-25278-48-150x150.png 150w, https:\/\/cmm.imgw.pl\/wp-content\/uploads\/2023\/03\/word-image-25278-48-768x768.png 768w, https:\/\/cmm.imgw.pl\/wp-content\/uploads\/2023\/03\/word-image-25278-48-600x600.png 600w\" sizes=\"(max-width: 800px) 100vw, 800px\" \/><\/p>\n<p>W dzie\u0144 w centrum i w ca\u0142ym sektorze wschodniej Polski zachmurzenie du\u017ce i ca\u0142kowite chmurami pi\u0119tra \u015bredniego. Na niebie Altocumulus oraz Altostratus. Na zachodzie chmury Altocumulus oraz Altocumulus cumulonimbogenitus. Na zachodzie rozpogodzenia, kt\u00f3re b\u0119d\u0105 przemieszcza\u0107 si\u0119 z zachodu na wsch\u00f3d. W nocy w wielu rejonach kraju rozpogodzenia ww. pi\u0119trze chmur. Nad ranem z zachodu zacznie nasuwa\u0107 si\u0119 kolejna strefa chmur pi\u0119tra \u015bredniego. Na niebie chmury Altocumulus.<\/p>\n<p><img loading=\"lazy\" width=\"800\" height=\"800\" class=\"wp-image-25330 aligncenter\" src=\"http:\/\/cmm.imgw.pl\/wp-content\/uploads\/2023\/03\/word-image-25278-49.png\" srcset=\"https:\/\/cmm.imgw.pl\/wp-content\/uploads\/2023\/03\/word-image-25278-49.png 800w, https:\/\/cmm.imgw.pl\/wp-content\/uploads\/2023\/03\/word-image-25278-49-300x300.png 300w, https:\/\/cmm.imgw.pl\/wp-content\/uploads\/2023\/03\/word-image-25278-49-150x150.png 150w, https:\/\/cmm.imgw.pl\/wp-content\/uploads\/2023\/03\/word-image-25278-49-768x768.png 768w, https:\/\/cmm.imgw.pl\/wp-content\/uploads\/2023\/03\/word-image-25278-49-600x600.png 600w\" sizes=\"(max-width: 800px) 100vw, 800px\" \/> <img loading=\"lazy\" width=\"800\" height=\"800\" class=\"wp-image-25331 aligncenter\" src=\"http:\/\/cmm.imgw.pl\/wp-content\/uploads\/2023\/03\/word-image-25278-50.png\" srcset=\"https:\/\/cmm.imgw.pl\/wp-content\/uploads\/2023\/03\/word-image-25278-50.png 800w, https:\/\/cmm.imgw.pl\/wp-content\/uploads\/2023\/03\/word-image-25278-50-300x300.png 300w, https:\/\/cmm.imgw.pl\/wp-content\/uploads\/2023\/03\/word-image-25278-50-150x150.png 150w, https:\/\/cmm.imgw.pl\/wp-content\/uploads\/2023\/03\/word-image-25278-50-768x768.png 768w, https:\/\/cmm.imgw.pl\/wp-content\/uploads\/2023\/03\/word-image-25278-50-600x600.png 600w\" sizes=\"(max-width: 800px) 100vw, 800px\" \/><\/p>\n<p>W dzie\u0144 zachmurzenie pi\u0119tra wysokiego du\u017ce i ca\u0142kowite w sektorze wschodniej Polski, na zachodzie brak chmur pierzastych. W nocy jedynie na kra\u0144cach wschodnich oraz zachodnich chmury wysokiego pi\u0119tra. Na pozosta\u0142ym obszarze brak. Na niebie Cirrus fibratus\/spissatus, Cirrostratus fibratus.<\/p>\n<p><strong>Prognoza opad\u00f3w<\/strong><\/p>\n<p>W dzie\u0144 i wieczorem, na zachodzie i lokalnie w centrum i na p\u00f3\u0142nocy kraju, lokalnie wyst\u0105pi\u0105 opady przelotne deszczu lub krupy \u015bnie\u017cnej, kt\u00f3re b\u0119d\u0105 s\u0142abn\u0105\u0107. W po\u0142udniowo wschodnich rejonach opady \u015bniegu (<a href=\"https:\/\/cmm.imgw.pl\/cmm\/?page_id=7968\">https:\/\/cmm.imgw.pl\/cmm\/?page_id=7968<\/a>). W nocy na kra\u0144cach po\u0142udniowo wschodnich opady \u015bniegu lub deszczu ze \u015bniegiem, a nad ranem lokalnie na po\u0142udniu kraju mo\u017cliwe lokalnie s\u0142abe opady \u015bniegu (<a href=\"https:\/\/cmm.imgw.pl\/cmm\/?page_id=7963\">https:\/\/cmm.imgw.pl\/cmm\/?page_id=7963<\/a>).<\/p>\n<p>Prognoza wy\u0142adowa\u0144<\/p>\n<p><img loading=\"lazy\" width=\"621\" height=\"621\" class=\"wp-image-25332 aligncenter\" src=\"http:\/\/cmm.imgw.pl\/wp-content\/uploads\/2023\/03\/word-image-25278-51.png\" srcset=\"https:\/\/cmm.imgw.pl\/wp-content\/uploads\/2023\/03\/word-image-25278-51.png 621w, https:\/\/cmm.imgw.pl\/wp-content\/uploads\/2023\/03\/word-image-25278-51-300x300.png 300w, https:\/\/cmm.imgw.pl\/wp-content\/uploads\/2023\/03\/word-image-25278-51-150x150.png 150w, https:\/\/cmm.imgw.pl\/wp-content\/uploads\/2023\/03\/word-image-25278-51-600x600.png 600w\" sizes=\"(max-width: 621px) 100vw, 621px\" \/> <img loading=\"lazy\" width=\"636\" height=\"636\" class=\"wp-image-25333 aligncenter\" src=\"http:\/\/cmm.imgw.pl\/wp-content\/uploads\/2023\/03\/word-image-25278-52.png\" srcset=\"https:\/\/cmm.imgw.pl\/wp-content\/uploads\/2023\/03\/word-image-25278-52.png 636w, https:\/\/cmm.imgw.pl\/wp-content\/uploads\/2023\/03\/word-image-25278-52-300x300.png 300w, https:\/\/cmm.imgw.pl\/wp-content\/uploads\/2023\/03\/word-image-25278-52-150x150.png 150w, https:\/\/cmm.imgw.pl\/wp-content\/uploads\/2023\/03\/word-image-25278-52-600x600.png 600w\" sizes=\"(max-width: 636px) 100vw, 636px\" \/><\/p>\n<p><img loading=\"lazy\" width=\"600\" height=\"640\" class=\"wp-image-25334 aligncenter\" src=\"http:\/\/cmm.imgw.pl\/wp-content\/uploads\/2023\/03\/word-image-25278-53.png\" srcset=\"https:\/\/cmm.imgw.pl\/wp-content\/uploads\/2023\/03\/word-image-25278-53.png 600w, https:\/\/cmm.imgw.pl\/wp-content\/uploads\/2023\/03\/word-image-25278-53-281x300.png 281w\" sizes=\"(max-width: 600px) 100vw, 600px\" \/> <img loading=\"lazy\" width=\"600\" height=\"640\" class=\"wp-image-25335 aligncenter\" src=\"http:\/\/cmm.imgw.pl\/wp-content\/uploads\/2023\/03\/word-image-25278-54.png\" srcset=\"https:\/\/cmm.imgw.pl\/wp-content\/uploads\/2023\/03\/word-image-25278-54.png 600w, https:\/\/cmm.imgw.pl\/wp-content\/uploads\/2023\/03\/word-image-25278-54-281x300.png 281w\" sizes=\"(max-width: 600px) 100vw, 600px\" \/><\/p>\n<p>Z analizy warto\u015bci \u015bredniej po zespole indeksu wy\u0142adowa\u0144, wynika, \u017ce w zachodniej, p\u00f3\u0142nocno zachodniej i woj. warmi\u0144sko-mazurskim mo\u017cliwe jest wyst\u0105pienie pojedynczych wy\u0142adowa\u0144 atmosferycznych. W wielu miejscach wysoko\u015b\u0107 wierzcho\u0142k\u00f3w chmur Cumulonimbus wyst\u0119powa\u0107 b\u0119dzie powy\u017cej izotermy -23\u00b0C, co wskazuje na mo\u017cliwo\u015b\u0107 wyst\u0105pienia wy\u0142adowa\u0144.<\/p>\n<p>W strefie opad\u00f3w krupy \u015bnie\u017cnej oraz opadu mieszanego mo\u017cliwe ograniczenie widzialno\u015bci do 2-3 km.<\/p>\n<p>W Karpatach lokalnie mog\u0105 wyst\u0105pi\u0107 porywy do 70-80 km\/h (<a href=\"https:\/\/cmm.imgw.pl\/cmm\/?page_id=7950\">https:\/\/cmm.imgw.pl\/cmm\/?page_id=7950<\/a>).<\/p>\n<p>Z pe\u0142n\u0105 baz\u0105 prognostycznych warto\u015bci p\u00f3l meteorologicznych mo\u017cna zapozna\u0107 si\u0119 pod adresem <a href=\"http:\/\/www.cmm.imgw.pl\">www.cmm.imgw.pl<\/a><\/p>","protected":false},"excerpt":{"rendered":"<p>Komentarz do numerycznych prognoz pogody opracowany w Centrum Modelowania Meteorologicznego IMGW-PIB.<\/p>\n","protected":false},"author":3,"featured_media":0,"comment_status":"closed","ping_status":"open","sticky":false,"template":"","format":"standard","meta":{"ocean_post_layout":"","ocean_both_sidebars_style":"","ocean_both_sidebars_content_width":0,"ocean_both_sidebars_sidebars_width":0,"ocean_sidebar":"0","ocean_second_sidebar":"0","ocean_disable_margins":"enable","ocean_add_body_class":"","ocean_shortcode_before_top_bar":"","ocean_shortcode_after_top_bar":"","ocean_shortcode_before_header":"","ocean_shortcode_after_header":"","ocean_has_shortcode":"","ocean_shortcode_after_title":"","ocean_shortcode_before_footer_widgets":"","ocean_shortcode_after_footer_widgets":"","ocean_shortcode_before_footer_bottom":"","ocean_shortcode_after_footer_bottom":"","ocean_display_top_bar":"default","ocean_display_header":"default","ocean_header_style":"","ocean_center_header_left_menu":"0","ocean_custom_header_template":"0","ocean_custom_logo":0,"ocean_custom_retina_logo":0,"ocean_custom_logo_max_width":0,"ocean_custom_logo_tablet_max_width":0,"ocean_custom_logo_mobile_max_width":0,"ocean_custom_logo_max_height":0,"ocean_custom_logo_tablet_max_height":0,"ocean_custom_logo_mobile_max_height":0,"ocean_header_custom_menu":"0","ocean_menu_typo_font_family":"0","ocean_menu_typo_font_subset":"","ocean_menu_typo_font_size":0,"ocean_menu_typo_font_size_tablet":0,"ocean_menu_typo_font_size_mobile":0,"ocean_menu_typo_font_size_unit":"px","ocean_menu_typo_font_weight":"","ocean_menu_typo_font_weight_tablet":"","ocean_menu_typo_font_weight_mobile":"","ocean_menu_typo_transform":"","ocean_menu_typo_transform_tablet":"","ocean_menu_typo_transform_mobile":"","ocean_menu_typo_line_height":0,"ocean_menu_typo_line_height_tablet":0,"ocean_menu_typo_line_height_mobile":0,"ocean_menu_typo_line_height_unit":"","ocean_menu_typo_spacing":0,"ocean_menu_typo_spacing_tablet":0,"ocean_menu_typo_spacing_mobile":0,"ocean_menu_typo_spacing_unit":"","ocean_menu_link_color":"","ocean_menu_link_color_hover":"","ocean_menu_link_color_active":"","ocean_menu_link_background":"","ocean_menu_link_hover_background":"","ocean_menu_link_active_background":"","ocean_menu_social_links_bg":"","ocean_menu_social_hover_links_bg":"","ocean_menu_social_links_color":"","ocean_menu_social_hover_links_color":"","ocean_disable_title":"default","ocean_disable_heading":"default","ocean_post_title":"","ocean_post_subheading":"","ocean_post_title_style":"","ocean_post_title_background_color":"","ocean_post_title_background":0,"ocean_post_title_bg_image_position":"","ocean_post_title_bg_image_attachment":"","ocean_post_title_bg_image_repeat":"","ocean_post_title_bg_image_size":"","ocean_post_title_height":0,"ocean_post_title_bg_overlay":0.5,"ocean_post_title_bg_overlay_color":"","ocean_disable_breadcrumbs":"default","ocean_breadcrumbs_color":"","ocean_breadcrumbs_separator_color":"","ocean_breadcrumbs_links_color":"","ocean_breadcrumbs_links_hover_color":"","ocean_display_footer_widgets":"default","ocean_display_footer_bottom":"default","ocean_custom_footer_template":"0","ocean_post_oembed":"","ocean_post_self_hosted_media":"","ocean_post_video_embed":"","ocean_link_format":"","ocean_link_format_target":"self","ocean_quote_format":"","ocean_quote_format_link":"post","ocean_gallery_link_images":"on","ocean_gallery_id":[]},"categories":[93],"tags":[68,95,85,73,97,98,76,94,99,71,96,79],"yoast_head":"<!-- This site is optimized with the Yoast SEO plugin v19.5.1 - https:\/\/yoast.com\/wordpress\/plugins\/seo\/ -->\n<title>Komentarz do numerycznych prognoz pogody (15\/16.03.2023) - Laboratorium Modelowania Meteorologicznego CMOK IMGW-PIB<\/title>\n<meta name=\"description\" content=\"Komentarz do numerycznych prognoz pogody opracowany w Centrum Modelowania Meteorologicznego IMGW-PIB.\" \/>\n<meta name=\"robots\" content=\"index, follow, max-snippet:-1, max-image-preview:large, max-video-preview:-1\" \/>\n<link rel=\"canonical\" href=\"https:\/\/cmm.imgw.pl\/?p=25278\" \/>\n<meta property=\"og:locale\" content=\"pl_PL\" \/>\n<meta property=\"og:type\" content=\"article\" \/>\n<meta property=\"og:title\" content=\"Komentarz do numerycznych prognoz pogody (15\/16.03.2023)\" \/>\n<meta property=\"og:description\" content=\"Komentarz do numerycznych prognoz pogody opracowany w Centrum Modelowania Meteorologicznego IMGW-PIB\" \/>\n<meta property=\"og:url\" content=\"https:\/\/cmm.imgw.pl\/?p=25278\" \/>\n<meta property=\"og:site_name\" content=\"Laboratorium Modelowania Meteorologicznego CMOK IMGW-PIB\" \/>\n<meta property=\"article:publisher\" content=\"https:\/\/www.facebook.com\/Meteoimgw\/\" \/>\n<meta property=\"article:published_time\" content=\"2023-03-15T15:12:30+00:00\" \/>\n<meta property=\"article:modified_time\" content=\"2023-03-15T15:12:33+00:00\" \/>\n<meta property=\"og:image\" content=\"http:\/\/cmm.imgw.pl\/wp-content\/uploads\/2023\/02\/komentarz4.png\" \/>\n\t<meta property=\"og:image:width\" content=\"1280\" \/>\n\t<meta property=\"og:image:height\" content=\"720\" \/>\n\t<meta property=\"og:image:type\" content=\"image\/png\" \/>\n<meta name=\"author\" content=\"CMM\" \/>\n<meta name=\"twitter:card\" content=\"summary_large_image\" \/>\n<meta name=\"twitter:title\" content=\"Komentarz do numerycznych prognoz pogody (15\/16.03.2023)\" \/>\n<meta name=\"twitter:description\" content=\"Komentarz do numerycznych prognoz pogody opracowany w Centrum Modelowania Meteorologicznego IMGW-PIB\" \/>\n<meta name=\"twitter:image\" content=\"https:\/\/cmm.imgw.pl\/wp-content\/uploads\/2023\/02\/komentarz4.png\" \/>\n<meta name=\"twitter:creator\" content=\"@IMGW_CMM\" \/>\n<meta name=\"twitter:site\" content=\"@IMGW_CMM\" \/>\n<meta name=\"twitter:label1\" content=\"Napisane przez\" \/>\n\t<meta name=\"twitter:data1\" content=\"CMM\" \/>\n\t<meta name=\"twitter:label2\" content=\"Szacowany czas czytania\" \/>\n\t<meta name=\"twitter:data2\" content=\"26 minut\" \/>\n<script type=\"application\/ld+json\" class=\"yoast-schema-graph\">{\"@context\":\"https:\/\/schema.org\",\"@graph\":[{\"@type\":\"Article\",\"@id\":\"https:\/\/cmm.imgw.pl\/?p=25278#article\",\"isPartOf\":{\"@id\":\"https:\/\/cmm.imgw.pl\/?p=25278\"},\"author\":{\"name\":\"CMM\",\"@id\":\"https:\/\/cmm.imgw.pl\/#\/schema\/person\/a24a37fe434fe76b0f5791e6bd3fdb46\"},\"headline\":\"Komentarz do numerycznych prognoz pogody (15\/16.03.2023)\",\"datePublished\":\"2023-03-15T15:12:30+00:00\",\"dateModified\":\"2023-03-15T15:12:33+00:00\",\"mainEntityOfPage\":{\"@id\":\"https:\/\/cmm.imgw.pl\/?p=25278\"},\"wordCount\":1754,\"publisher\":{\"@id\":\"https:\/\/cmm.imgw.pl\/#organization\"},\"keywords\":[\"cmm\",\"Cosmo\",\"imgw\",\"klimat\",\"komentarz\",\"komentarz pogodowy\",\"meteorologia\",\"NMP\",\"NPP\",\"pogoda\",\"prognoza pogody\",\"zima\"],\"articleSection\":[\"Komentarz\"],\"inLanguage\":\"pl-PL\"},{\"@type\":\"WebPage\",\"@id\":\"https:\/\/cmm.imgw.pl\/?p=25278\",\"url\":\"https:\/\/cmm.imgw.pl\/?p=25278\",\"name\":\"Komentarz do numerycznych prognoz pogody (15\/16.03.2023) - Laboratorium Modelowania Meteorologicznego CMOK IMGW-PIB\",\"isPartOf\":{\"@id\":\"https:\/\/cmm.imgw.pl\/#website\"},\"datePublished\":\"2023-03-15T15:12:30+00:00\",\"dateModified\":\"2023-03-15T15:12:33+00:00\",\"description\":\"Komentarz do numerycznych prognoz pogody opracowany w Centrum Modelowania Meteorologicznego IMGW-PIB.\",\"breadcrumb\":{\"@id\":\"https:\/\/cmm.imgw.pl\/?p=25278#breadcrumb\"},\"inLanguage\":\"pl-PL\",\"potentialAction\":[{\"@type\":\"ReadAction\",\"target\":[\"https:\/\/cmm.imgw.pl\/?p=25278\"]}]},{\"@type\":\"BreadcrumbList\",\"@id\":\"https:\/\/cmm.imgw.pl\/?p=25278#breadcrumb\",\"itemListElement\":[{\"@type\":\"ListItem\",\"position\":1,\"name\":\"Home\",\"item\":\"https:\/\/cmm.imgw.pl\/\"},{\"@type\":\"ListItem\",\"position\":2,\"name\":\"Komentarz do numerycznych prognoz pogody (15\/16.03.2023)\"}]},{\"@type\":\"WebSite\",\"@id\":\"https:\/\/cmm.imgw.pl\/#website\",\"url\":\"https:\/\/cmm.imgw.pl\/\",\"name\":\"Laboratorium Modelowania Meteorologicznego CMOK IMGW-PIB\",\"description\":\"CMOK-LMM Laboratorium pe\u0142ni pa\u0144stwow\u0105 s\u0142u\u017cb\u0119 hydrologiczno-meteorologiczn\u0105 w zakresie numerycznych prognoz pogody, kt\u00f3rego zadaniem jest konsolidacja kompetencji w obszarze modelowania zjawisk pogodowych oraz dalszego rozwoju numerycznych modeli pogody (NMP).\",\"publisher\":{\"@id\":\"https:\/\/cmm.imgw.pl\/#organization\"},\"potentialAction\":[{\"@type\":\"SearchAction\",\"target\":{\"@type\":\"EntryPoint\",\"urlTemplate\":\"https:\/\/cmm.imgw.pl\/?s={search_term_string}\"},\"query-input\":\"required name=search_term_string\"}],\"inLanguage\":\"pl-PL\"},{\"@type\":\"Organization\",\"@id\":\"https:\/\/cmm.imgw.pl\/#organization\",\"name\":\"Laboratorium Modelowania Meteorologicznego CMOK IMGW-PIB\",\"url\":\"https:\/\/cmm.imgw.pl\/\",\"sameAs\":[\"https:\/\/www.facebook.com\/Meteoimgw\/\",\"https:\/\/twitter.com\/IMGW_CMM\"],\"logo\":{\"@type\":\"ImageObject\",\"inLanguage\":\"pl-PL\",\"@id\":\"https:\/\/cmm.imgw.pl\/#\/schema\/logo\/image\/\",\"url\":\"https:\/\/cmm.imgw.pl\/wp-content\/uploads\/2025\/10\/MODELE_LOGO_UNIFIKACJA_v2.png\",\"contentUrl\":\"https:\/\/cmm.imgw.pl\/wp-content\/uploads\/2025\/10\/MODELE_LOGO_UNIFIKACJA_v2.png\",\"width\":1356,\"height\":365,\"caption\":\"Laboratorium Modelowania Meteorologicznego CMOK IMGW-PIB\"},\"image\":{\"@id\":\"https:\/\/cmm.imgw.pl\/#\/schema\/logo\/image\/\"}},{\"@type\":\"Person\",\"@id\":\"https:\/\/cmm.imgw.pl\/#\/schema\/person\/a24a37fe434fe76b0f5791e6bd3fdb46\",\"name\":\"CMM\",\"image\":{\"@type\":\"ImageObject\",\"inLanguage\":\"pl-PL\",\"@id\":\"https:\/\/cmm.imgw.pl\/#\/schema\/person\/image\/\",\"url\":\"https:\/\/secure.gravatar.com\/avatar\/9248ea2273711f1cd09d6bd45867dbfb?s=96&d=blank&r=g\",\"contentUrl\":\"https:\/\/secure.gravatar.com\/avatar\/9248ea2273711f1cd09d6bd45867dbfb?s=96&d=blank&r=g\",\"caption\":\"CMM\"},\"sameAs\":[\"http:\/\/cmm.imgw.pl\"],\"url\":\"https:\/\/cmm.imgw.pl\/?author=3\"}]}<\/script>\n<!-- \/ Yoast SEO plugin. -->","yoast_head_json":{"title":"Komentarz do numerycznych prognoz pogody (15\/16.03.2023) - Laboratorium Modelowania Meteorologicznego CMOK IMGW-PIB","description":"Komentarz do numerycznych prognoz pogody opracowany w Centrum Modelowania Meteorologicznego IMGW-PIB.","robots":{"index":"index","follow":"follow","max-snippet":"max-snippet:-1","max-image-preview":"max-image-preview:large","max-video-preview":"max-video-preview:-1"},"canonical":"https:\/\/cmm.imgw.pl\/?p=25278","og_locale":"pl_PL","og_type":"article","og_title":"Komentarz do numerycznych prognoz pogody (15\/16.03.2023)","og_description":"Komentarz do numerycznych prognoz pogody opracowany w Centrum Modelowania Meteorologicznego IMGW-PIB","og_url":"https:\/\/cmm.imgw.pl\/?p=25278","og_site_name":"Laboratorium Modelowania Meteorologicznego CMOK IMGW-PIB","article_publisher":"https:\/\/www.facebook.com\/Meteoimgw\/","article_published_time":"2023-03-15T15:12:30+00:00","article_modified_time":"2023-03-15T15:12:33+00:00","og_image":[{"width":1280,"height":720,"url":"http:\/\/cmm.imgw.pl\/wp-content\/uploads\/2023\/02\/komentarz4.png","type":"image\/png"}],"author":"CMM","twitter_card":"summary_large_image","twitter_title":"Komentarz do numerycznych prognoz pogody (15\/16.03.2023)","twitter_description":"Komentarz do numerycznych prognoz pogody opracowany w Centrum Modelowania Meteorologicznego IMGW-PIB","twitter_image":"https:\/\/cmm.imgw.pl\/wp-content\/uploads\/2023\/02\/komentarz4.png","twitter_creator":"@IMGW_CMM","twitter_site":"@IMGW_CMM","twitter_misc":{"Napisane przez":"CMM","Szacowany czas czytania":"26 minut"},"schema":{"@context":"https:\/\/schema.org","@graph":[{"@type":"Article","@id":"https:\/\/cmm.imgw.pl\/?p=25278#article","isPartOf":{"@id":"https:\/\/cmm.imgw.pl\/?p=25278"},"author":{"name":"CMM","@id":"https:\/\/cmm.imgw.pl\/#\/schema\/person\/a24a37fe434fe76b0f5791e6bd3fdb46"},"headline":"Komentarz do numerycznych prognoz pogody (15\/16.03.2023)","datePublished":"2023-03-15T15:12:30+00:00","dateModified":"2023-03-15T15:12:33+00:00","mainEntityOfPage":{"@id":"https:\/\/cmm.imgw.pl\/?p=25278"},"wordCount":1754,"publisher":{"@id":"https:\/\/cmm.imgw.pl\/#organization"},"keywords":["cmm","Cosmo","imgw","klimat","komentarz","komentarz pogodowy","meteorologia","NMP","NPP","pogoda","prognoza pogody","zima"],"articleSection":["Komentarz"],"inLanguage":"pl-PL"},{"@type":"WebPage","@id":"https:\/\/cmm.imgw.pl\/?p=25278","url":"https:\/\/cmm.imgw.pl\/?p=25278","name":"Komentarz do numerycznych prognoz pogody (15\/16.03.2023) - Laboratorium Modelowania Meteorologicznego CMOK IMGW-PIB","isPartOf":{"@id":"https:\/\/cmm.imgw.pl\/#website"},"datePublished":"2023-03-15T15:12:30+00:00","dateModified":"2023-03-15T15:12:33+00:00","description":"Komentarz do numerycznych prognoz pogody opracowany w Centrum Modelowania Meteorologicznego IMGW-PIB.","breadcrumb":{"@id":"https:\/\/cmm.imgw.pl\/?p=25278#breadcrumb"},"inLanguage":"pl-PL","potentialAction":[{"@type":"ReadAction","target":["https:\/\/cmm.imgw.pl\/?p=25278"]}]},{"@type":"BreadcrumbList","@id":"https:\/\/cmm.imgw.pl\/?p=25278#breadcrumb","itemListElement":[{"@type":"ListItem","position":1,"name":"Home","item":"https:\/\/cmm.imgw.pl\/"},{"@type":"ListItem","position":2,"name":"Komentarz do numerycznych prognoz pogody (15\/16.03.2023)"}]},{"@type":"WebSite","@id":"https:\/\/cmm.imgw.pl\/#website","url":"https:\/\/cmm.imgw.pl\/","name":"Laboratorium Modelowania Meteorologicznego CMOK IMGW-PIB","description":"CMOK-LMM Laboratorium pe\u0142ni pa\u0144stwow\u0105 s\u0142u\u017cb\u0119 hydrologiczno-meteorologiczn\u0105 w zakresie numerycznych prognoz pogody, kt\u00f3rego zadaniem jest konsolidacja kompetencji w obszarze modelowania zjawisk pogodowych oraz dalszego rozwoju numerycznych modeli pogody (NMP).","publisher":{"@id":"https:\/\/cmm.imgw.pl\/#organization"},"potentialAction":[{"@type":"SearchAction","target":{"@type":"EntryPoint","urlTemplate":"https:\/\/cmm.imgw.pl\/?s={search_term_string}"},"query-input":"required name=search_term_string"}],"inLanguage":"pl-PL"},{"@type":"Organization","@id":"https:\/\/cmm.imgw.pl\/#organization","name":"Laboratorium Modelowania Meteorologicznego CMOK IMGW-PIB","url":"https:\/\/cmm.imgw.pl\/","sameAs":["https:\/\/www.facebook.com\/Meteoimgw\/","https:\/\/twitter.com\/IMGW_CMM"],"logo":{"@type":"ImageObject","inLanguage":"pl-PL","@id":"https:\/\/cmm.imgw.pl\/#\/schema\/logo\/image\/","url":"https:\/\/cmm.imgw.pl\/wp-content\/uploads\/2025\/10\/MODELE_LOGO_UNIFIKACJA_v2.png","contentUrl":"https:\/\/cmm.imgw.pl\/wp-content\/uploads\/2025\/10\/MODELE_LOGO_UNIFIKACJA_v2.png","width":1356,"height":365,"caption":"Laboratorium Modelowania Meteorologicznego CMOK IMGW-PIB"},"image":{"@id":"https:\/\/cmm.imgw.pl\/#\/schema\/logo\/image\/"}},{"@type":"Person","@id":"https:\/\/cmm.imgw.pl\/#\/schema\/person\/a24a37fe434fe76b0f5791e6bd3fdb46","name":"CMM","image":{"@type":"ImageObject","inLanguage":"pl-PL","@id":"https:\/\/cmm.imgw.pl\/#\/schema\/person\/image\/","url":"https:\/\/secure.gravatar.com\/avatar\/9248ea2273711f1cd09d6bd45867dbfb?s=96&d=blank&r=g","contentUrl":"https:\/\/secure.gravatar.com\/avatar\/9248ea2273711f1cd09d6bd45867dbfb?s=96&d=blank&r=g","caption":"CMM"},"sameAs":["http:\/\/cmm.imgw.pl"],"url":"https:\/\/cmm.imgw.pl\/?author=3"}]}},"_links":{"self":[{"href":"https:\/\/cmm.imgw.pl\/index.php?rest_route=\/wp\/v2\/posts\/25278"}],"collection":[{"href":"https:\/\/cmm.imgw.pl\/index.php?rest_route=\/wp\/v2\/posts"}],"about":[{"href":"https:\/\/cmm.imgw.pl\/index.php?rest_route=\/wp\/v2\/types\/post"}],"author":[{"embeddable":true,"href":"https:\/\/cmm.imgw.pl\/index.php?rest_route=\/wp\/v2\/users\/3"}],"replies":[{"embeddable":true,"href":"https:\/\/cmm.imgw.pl\/index.php?rest_route=%2Fwp%2Fv2%2Fcomments&post=25278"}],"version-history":[{"count":4,"href":"https:\/\/cmm.imgw.pl\/index.php?rest_route=\/wp\/v2\/posts\/25278\/revisions"}],"predecessor-version":[{"id":25336,"href":"https:\/\/cmm.imgw.pl\/index.php?rest_route=\/wp\/v2\/posts\/25278\/revisions\/25336"}],"wp:attachment":[{"href":"https:\/\/cmm.imgw.pl\/index.php?rest_route=%2Fwp%2Fv2%2Fmedia&parent=25278"}],"wp:term":[{"taxonomy":"category","embeddable":true,"href":"https:\/\/cmm.imgw.pl\/index.php?rest_route=%2Fwp%2Fv2%2Fcategories&post=25278"},{"taxonomy":"post_tag","embeddable":true,"href":"https:\/\/cmm.imgw.pl\/index.php?rest_route=%2Fwp%2Fv2%2Ftags&post=25278"}],"curies":[{"name":"wp","href":"https:\/\/api.w.org\/{rel}","templated":true}]}}