{"id":25057,"date":"2023-03-13T16:36:17","date_gmt":"2023-03-13T15:36:17","guid":{"rendered":"https:\/\/cmm.imgw.pl\/?p=25057"},"modified":"2023-03-13T16:36:18","modified_gmt":"2023-03-13T15:36:18","slug":"komentarz-do-numerycznych-prognoz-pogody-13-14-03-2023","status":"publish","type":"post","link":"https:\/\/cmm.imgw.pl\/?p=25057","title":{"rendered":"Komentarz do numerycznych prognoz pogody (13\/14.03.2023)"},"content":{"rendered":"\n<figure class=\"wp-block-image size-large\"><img loading=\"lazy\" width=\"1024\" height=\"576\" src=\"https:\/\/cmm.imgw.pl\/wp-content\/uploads\/2023\/03\/komentarz4-1-1024x576.png\" alt=\"\" class=\"wp-image-23617\" srcset=\"https:\/\/cmm.imgw.pl\/wp-content\/uploads\/2023\/03\/komentarz4-1-1024x576.png 1024w, https:\/\/cmm.imgw.pl\/wp-content\/uploads\/2023\/03\/komentarz4-1-300x169.png 300w, https:\/\/cmm.imgw.pl\/wp-content\/uploads\/2023\/03\/komentarz4-1-768x432.png 768w, https:\/\/cmm.imgw.pl\/wp-content\/uploads\/2023\/03\/komentarz4-1-800x450.png 800w, https:\/\/cmm.imgw.pl\/wp-content\/uploads\/2023\/03\/komentarz4-1.png 1280w\" sizes=\"(max-width: 1024px) 100vw, 1024px\" \/><\/figure>\n\n\n\n<p><em>Tre\u015b\u0107 komentarza do numerycznych prognoz meteorologicznych stanowi niezale\u017cne od biura prognoz meteorologicznych opracowanie wykonane w Centrum Modelowania Meteorologicznego i nie stanowi oficjalnej prognozy synoptycznej IMGW-PIB.<\/em><\/p>\n\n\n\n<p><strong>Opracowanie:<\/strong><\/p>\n\n\n\n<p><strong>dr&nbsp;Grzegorz&nbsp;Duniec, <a href=\"https:\/\/cmm.imgw.pl\/\" target=\"_blank\" rel=\"noreferrer noopener\"><mark style=\"background-color:rgba(0, 0, 0, 0)\" class=\"has-inline-color has-vivid-cyan-blue-color\">Centrum Modelowania Meteorologicznego IMGW-PIB<\/mark><\/a><\/strong><\/p>\n\n\n<p><strong>Dzie\u0144 13 III oraz noc 13\/14 III 2023 r.<\/strong><\/p>\n<p><strong>Opis aktualnej sytuacji synoptycznej w Europie<\/strong><\/p>\n<p><img loading=\"lazy\" width=\"1385\" height=\"983\" class=\"wp-image-25059 aligncenter\" src=\"http:\/\/cmm.imgw.pl\/wp-content\/uploads\/2023\/03\/word-image-25057-1.png\" srcset=\"https:\/\/cmm.imgw.pl\/wp-content\/uploads\/2023\/03\/word-image-25057-1.png 1385w, https:\/\/cmm.imgw.pl\/wp-content\/uploads\/2023\/03\/word-image-25057-1-300x213.png 300w, https:\/\/cmm.imgw.pl\/wp-content\/uploads\/2023\/03\/word-image-25057-1-1024x727.png 1024w, https:\/\/cmm.imgw.pl\/wp-content\/uploads\/2023\/03\/word-image-25057-1-768x545.png 768w\" sizes=\"(max-width: 1385px) 100vw, 1385px\" \/><\/p>\n<p>Ni\u017c znad zatoki Fi\u0144skiej przemiesza\u0142 si\u0119 w kierunku NNE i dzisiaj jego o\u015brodek 973,2 hPa zalega nad Morzem Barentsa. Ni\u017c si\u0119 pog\u0142\u0119bia. Drugi o\u015brodek cykloniczny zalega w p\u00f3\u0142nocnej cz\u0119\u015bci Morza P\u00f3\u0142nocnego. Ni\u017c jest stadium pog\u0142\u0119biania i okludowania. Polska jest w zasi\u0119gu frontu ciep\u0142ego zwi\u0105zanego z ww. ni\u017cem. Nad Bia\u0142orusi\u0105, \u0141otw\u0105, Estoni\u0105 oraz Finlandi\u0105 rozci\u0105ga si\u0119 klin wysokiego ci\u015bnienia. Nad Wielk\u0105 Brytani\u0105 zalega kolejny g\u0142\u0119boki wir cykloniczny z centrum 970 hPa. Ni\u017c jest w stadium okludowania i pog\u0142\u0119biania. Z ni\u017cem tym zwi\u0105zany jest uk\u0142ad front\u00f3w atmosferycznych. Front ciep\u0142y zalega nad Niemcami i Dani\u0105 oraz Morzem P\u00f3\u0142nocnym. Front ch\u0142odny zalega w zatoce od Morza P\u00f3\u0142nocnego po Europ\u0119 zachodni\u0105. Nad Irlandi\u0105 zalega pofalowany front okluzji. Nad Atlantykiem, p\u00f3\u0142nocn\u0105 Afryk\u0105 oraz nad Europ\u0105 po\u0142udniow\u0105 a\u017c po Krym rozci\u0105ga si\u0119 rozleg\u0142y obszar podwy\u017cszonego ci\u015bnienia. Nad Serbi\u0105 zalega o\u015brodek 1025 hPa. Nad Morzem Norweskim zalega wir cykloniczny, niezwi\u0105zany z frontami atmosferycznymi, z o\u015brodkiem 980 hPa. Nad Atlantykiem znajduje si\u0119 kolejny uk\u0142ad niskiego ci\u015bnienia, kt\u00f3ry jest w stadium okludowania.<\/p>\n<p><strong>Analiza g\u00f3rnego pola ci\u015bnienia<\/strong><\/p>\n<p><img loading=\"lazy\" width=\"557\" height=\"504\" class=\"wp-image-25060 aligncenter\" src=\"http:\/\/cmm.imgw.pl\/wp-content\/uploads\/2023\/03\/word-image-25057-2.png\" srcset=\"https:\/\/cmm.imgw.pl\/wp-content\/uploads\/2023\/03\/word-image-25057-2.png 557w, https:\/\/cmm.imgw.pl\/wp-content\/uploads\/2023\/03\/word-image-25057-2-300x271.png 300w\" sizes=\"(max-width: 557px) 100vw, 557px\" \/> <img loading=\"lazy\" width=\"565\" height=\"504\" class=\"wp-image-25061 aligncenter\" src=\"http:\/\/cmm.imgw.pl\/wp-content\/uploads\/2023\/03\/word-image-25057-3.png\" srcset=\"https:\/\/cmm.imgw.pl\/wp-content\/uploads\/2023\/03\/word-image-25057-3.png 565w, https:\/\/cmm.imgw.pl\/wp-content\/uploads\/2023\/03\/word-image-25057-3-300x268.png 300w\" sizes=\"(max-width: 565px) 100vw, 565px\" \/> <img loading=\"lazy\" width=\"557\" height=\"498\" class=\"wp-image-25062 aligncenter\" src=\"http:\/\/cmm.imgw.pl\/wp-content\/uploads\/2023\/03\/word-image-25057-4.png\" srcset=\"https:\/\/cmm.imgw.pl\/wp-content\/uploads\/2023\/03\/word-image-25057-4.png 557w, https:\/\/cmm.imgw.pl\/wp-content\/uploads\/2023\/03\/word-image-25057-4-300x268.png 300w\" sizes=\"(max-width: 557px) 100vw, 557px\" \/> <img loading=\"lazy\" width=\"555\" height=\"499\" class=\"wp-image-25063 aligncenter\" src=\"http:\/\/cmm.imgw.pl\/wp-content\/uploads\/2023\/03\/word-image-25057-5.png\" srcset=\"https:\/\/cmm.imgw.pl\/wp-content\/uploads\/2023\/03\/word-image-25057-5.png 555w, https:\/\/cmm.imgw.pl\/wp-content\/uploads\/2023\/03\/word-image-25057-5-300x270.png 300w\" sizes=\"(max-width: 555px) 100vw, 555px\" \/><\/p>\n<p><img loading=\"lazy\" width=\"697\" height=\"493\" class=\"wp-image-25064 aligncenter\" src=\"http:\/\/cmm.imgw.pl\/wp-content\/uploads\/2023\/03\/word-image-25057-6.png\" srcset=\"https:\/\/cmm.imgw.pl\/wp-content\/uploads\/2023\/03\/word-image-25057-6.png 697w, https:\/\/cmm.imgw.pl\/wp-content\/uploads\/2023\/03\/word-image-25057-6-300x212.png 300w\" sizes=\"(max-width: 697px) 100vw, 697px\" \/> <img loading=\"lazy\" width=\"696\" height=\"490\" class=\"wp-image-25065 aligncenter\" src=\"http:\/\/cmm.imgw.pl\/wp-content\/uploads\/2023\/03\/word-image-25057-7.png\" srcset=\"https:\/\/cmm.imgw.pl\/wp-content\/uploads\/2023\/03\/word-image-25057-7.png 696w, https:\/\/cmm.imgw.pl\/wp-content\/uploads\/2023\/03\/word-image-25057-7-300x211.png 300w\" sizes=\"(max-width: 696px) 100vw, 696px\" \/><\/p>\n<p><img loading=\"lazy\" width=\"696\" height=\"482\" class=\"wp-image-25066 aligncenter\" src=\"http:\/\/cmm.imgw.pl\/wp-content\/uploads\/2023\/03\/word-image-25057-8.png\" srcset=\"https:\/\/cmm.imgw.pl\/wp-content\/uploads\/2023\/03\/word-image-25057-8.png 696w, https:\/\/cmm.imgw.pl\/wp-content\/uploads\/2023\/03\/word-image-25057-8-300x208.png 300w\" sizes=\"(max-width: 696px) 100vw, 696px\" \/><\/p>\n<p>Ni\u017c, kt\u00f3rego o\u015brodek zalega nad Morzem Barentsa, w wyniku post\u0119powania procesu rozwoju rozbudowa\u0142 si\u0119 ku g\u00f3rze i zamkni\u0119ta cyrkulacja cykloniczna widoczna jest na wy\u017cszych poziomach izobarycznych, wida\u0107 zamkni\u0119te izohipsy. O\u015b ni\u017cu pochylona jest w kierunku NW, w kierunku ch\u0142odniejszej masy powietrza, a na jego osi g\u0142\u0119boko\u015b\u0107 wiru cyklonicznego jest nast\u0119puj\u0105ca: 106 gpdam na wysoko\u015bci 1,5km, 256 gpdam na wysoko\u015bci 3km, 495 gpdam na wysoko\u015bci 5,5 km oraz 830 gpdam na wysoko\u015bci 9 km. Zalegaj\u0105cy nad Wielk\u0105 Brytani\u0105 wir cykloniczny rozbudowany jest do wy\u017cszych wysoko\u015bci w troposferze i na wysoko\u015bci 1,5 km wyst\u0119puje zamkni\u0119ta cyrkulacja cykloniczna z o\u015brodkiem 109 gpdam. Na wy\u017cszych poziomach brak uwidocznionej zamkni\u0119tej cyrkulacji, wyst\u0119puje jednie gi\u0119cie izohips w kszta\u0142cie zatoki. Ni\u017c znad Morza P\u00f3\u0142nocnego r\u00f3wnie\u017c rozbudowany w pionie i na wysoko\u015bci 1,5 km wida\u0107 zamkni\u0119t\u0105 cyrkulacj\u0119 cykloniczn\u0105 z o\u015brodkiem 118 gpdam. Na wy\u017cszych poziomach izohipsy gi\u0119te w kszta\u0142cie zatoki. Antycyklon znad Atlantyku w procesie rozwoju rozbudowa\u0142 si\u0119 w pionie i na wysoko\u015bci 850 hPa obserwuje si\u0119 zamkni\u0119t\u0105 cyrkulacj\u0119 antycykloniczne z o\u015brodkiem 157 gpdam. Na wy\u017cszych poziomach brak zamkni\u0119tej cyrkulacji, a izohipsy gi\u0119te s\u0105 na kszta\u0142t klina. Ni\u017c znad Atlantyku r\u00f3wnie\u017c rozbudowany ku g\u00f3rze i na poziomach 850hPa\/500hPa uwidoczniona zamkni\u0119ta cyrkulacja cykloniczna. Na wysoko\u015bci 300 hPa izohipsy gi\u0119te w kszta\u0142cie klina.<\/p>\n<p>Nad znaczn\u0105 cz\u0119\u015bci\u0105 Europy wyst\u0119puje obszar du\u017cych zag\u0119szcze\u0144 izohips oraz izoterm, wskazuj\u0105cy na wyst\u0119powanie stref du\u017cych pr\u0119dko\u015bci wiatru oraz pr\u0105d\u00f3w strumieniowych. Nad wschodni\u0105 Polsk\u0105 zalega o\u015b pr\u0105du strumieniowego na wysoko\u015bci FL330 (10058m) z maksymaln\u0105 pr\u0119dko\u015bci\u0105 w osi pr\u0105du 55-65 m\/s. Pionowy zasi\u0119g pr\u0105du strumieniowego od FL200 (6096m) do FL400 (12192m). W obszarze tym pr\u0119dko\u015b\u0107 wiatru przekracza 80 kt (40 m\/s). Wysoko\u015b\u0107 tropopauzy nad Polsk\u0105 wynosi FL400 (12192m).<\/p>\n<p><img loading=\"lazy\" width=\"2156\" height=\"1728\" class=\"wp-image-25067 aligncenter\" src=\"http:\/\/cmm.imgw.pl\/wp-content\/uploads\/2023\/03\/word-image-25057-9.png\" srcset=\"https:\/\/cmm.imgw.pl\/wp-content\/uploads\/2023\/03\/word-image-25057-9.png 2156w, https:\/\/cmm.imgw.pl\/wp-content\/uploads\/2023\/03\/word-image-25057-9-300x240.png 300w, https:\/\/cmm.imgw.pl\/wp-content\/uploads\/2023\/03\/word-image-25057-9-1024x821.png 1024w, https:\/\/cmm.imgw.pl\/wp-content\/uploads\/2023\/03\/word-image-25057-9-768x616.png 768w, https:\/\/cmm.imgw.pl\/wp-content\/uploads\/2023\/03\/word-image-25057-9-1536x1231.png 1536w, https:\/\/cmm.imgw.pl\/wp-content\/uploads\/2023\/03\/word-image-25057-9-2048x1641.png 2048w\" sizes=\"(max-width: 2156px) 100vw, 2156px\" \/><\/p>\n<p><strong>Rozw\u00f3j sytuacji barycznej nad Europ\u0105 w horyzoncie 24 godzin<\/strong><\/p>\n<p><img loading=\"lazy\" width=\"1075\" height=\"764\" class=\"wp-image-25068 aligncenter\" src=\"http:\/\/cmm.imgw.pl\/wp-content\/uploads\/2023\/03\/word-image-25057-10.gif\" \/> <img loading=\"lazy\" width=\"1075\" height=\"764\" class=\"wp-image-25069 aligncenter\" src=\"http:\/\/cmm.imgw.pl\/wp-content\/uploads\/2023\/03\/word-image-25057-11.gif\" \/><\/p>\n<p><img loading=\"lazy\" width=\"671\" height=\"767\" class=\"wp-image-25070 aligncenter\" src=\"http:\/\/cmm.imgw.pl\/wp-content\/uploads\/2023\/03\/word-image-25057-12.jpeg\" srcset=\"https:\/\/cmm.imgw.pl\/wp-content\/uploads\/2023\/03\/word-image-25057-12.jpeg 671w, https:\/\/cmm.imgw.pl\/wp-content\/uploads\/2023\/03\/word-image-25057-12-262x300.jpeg 262w\" sizes=\"(max-width: 671px) 100vw, 671px\" \/> <img loading=\"lazy\" width=\"667\" height=\"763\" class=\"wp-image-25071 aligncenter\" src=\"http:\/\/cmm.imgw.pl\/wp-content\/uploads\/2023\/03\/word-image-25057-13.jpeg\" srcset=\"https:\/\/cmm.imgw.pl\/wp-content\/uploads\/2023\/03\/word-image-25057-13.jpeg 667w, https:\/\/cmm.imgw.pl\/wp-content\/uploads\/2023\/03\/word-image-25057-13-262x300.jpeg 262w\" sizes=\"(max-width: 667px) 100vw, 667px\" \/> <img loading=\"lazy\" width=\"663\" height=\"757\" class=\"wp-image-25072 aligncenter\" src=\"http:\/\/cmm.imgw.pl\/wp-content\/uploads\/2023\/03\/word-image-25057-14.jpeg\" srcset=\"https:\/\/cmm.imgw.pl\/wp-content\/uploads\/2023\/03\/word-image-25057-14.jpeg 663w, https:\/\/cmm.imgw.pl\/wp-content\/uploads\/2023\/03\/word-image-25057-14-263x300.jpeg 263w\" sizes=\"(max-width: 663px) 100vw, 663px\" \/> <img loading=\"lazy\" width=\"655\" height=\"748\" class=\"wp-image-25073 aligncenter\" src=\"http:\/\/cmm.imgw.pl\/wp-content\/uploads\/2023\/03\/word-image-25057-15.jpeg\" srcset=\"https:\/\/cmm.imgw.pl\/wp-content\/uploads\/2023\/03\/word-image-25057-15.jpeg 655w, https:\/\/cmm.imgw.pl\/wp-content\/uploads\/2023\/03\/word-image-25057-15-263x300.jpeg 263w\" sizes=\"(max-width: 655px) 100vw, 655px\" \/><\/p>\n<p>Wir cykloniczny znad Morza P\u00f3\u0142nocnego b\u0119dzie przemieszcza\u0142 si\u0119 w kierunku ENE. W nocy jego centrum dotrze do Zatoki Botnickiej. Z oblicze\u0144 numerycznych wynika, \u017ce mi\u0119dzy godzin\u0105 4 a 7 rano, wir cykloniczny zacznie si\u0119 wype\u0142nia\u0107. W nocy od Estonii przez Finlandi\u0119, Szwecj\u0119, Morze P\u00f3\u0142nocne, po\u0142udniowo wschodni\u0105 Angli\u0119, a\u017c po Francj\u0119 rozci\u0105ga\u0107 si\u0119 b\u0119dzie zatoka niskiego ci\u015bnienia w kt\u00f3rej zalega\u0107 b\u0119dzie front atmosferyczny z ciep\u0142ymi i ch\u0142odnymi odcinkami. Jutro w godzinach dopo\u0142udniowych dojdzie do cyklogenezy i utworzenia na froncie wiru, kt\u00f3ry zacznie si\u0119 pog\u0142\u0119bia\u0107. Front ch\u0142odny tego ni\u017cu jutro w godzinach po po\u0142udniowych nasunie si\u0119 nad Polsk\u0119. Jak wskazuj\u0105 numeryczne obliczenia, ju\u017c jutro, w godzinach wieczornych, wir powinien wej\u015b\u0107 w stadium wype\u0142niania. W nocy nad po\u0142udniow\u0105 Hiszpani\u0105, Francj\u0105, Szwajcari\u0105, Niemcami i po\u0142udniow\u0105 Polsk\u0105 rozci\u0105ga\u0107 si\u0119 b\u0119dzie zatoka z frontem atmosferycznym. Na froncie dojdzie do cyklogenezy i uk\u0142ad niskiego ci\u015bnienia zacznie si\u0119 pog\u0142\u0119bia\u0107, a klin ciep\u0142a zalegaj\u0105cy mi\u0119dzy frontem ciep\u0142ym i ch\u0142odnym zaostrzy si\u0119. W nocy po\u0142udniowe rejonu naszego kraju b\u0119d\u0105 w zasi\u0119gu ciep\u0142ego frontu atmosferycznego. Ni\u017c nad Morzem Barentsa nadal b\u0119dzie si\u0119 pog\u0142\u0119bia\u0142. W nocy g\u0142\u0119boko\u015b\u0107 wiru osi\u0105gnie warto\u015b\u0107 965 hPa. W ci\u0105gu nast\u0119pnych 12 godzin ni\u017c powinien wej\u015b\u0107 w stadium wype\u0142niania si\u0119. Jutro w po\u0142udnie jego g\u0142\u0119boko\u015b\u0107 zmaleje do 975 hPa. Nad Atlantykiem zalega\u0107 b\u0119dzie uk\u0142ad niskiego ci\u015bnienia. Na zach\u00f3d od P\u00f3\u0142wyspu Iberyjskiego znajdowa\u0107 si\u0119 b\u0119dzie uk\u0142ad wysokiego ci\u015bnienia z centrum 1025 hPa.<\/p>\n<p><strong>Analiza g\u00f3rnego pola ci\u015bnienia w horyzoncie 24 godzin. <\/strong><\/p>\n<p><strong><img loading=\"lazy\" width=\"693\" height=\"485\" class=\"wp-image-25074 aligncenter\" src=\"http:\/\/cmm.imgw.pl\/wp-content\/uploads\/2023\/03\/word-image-25057-16.png\" srcset=\"https:\/\/cmm.imgw.pl\/wp-content\/uploads\/2023\/03\/word-image-25057-16.png 693w, https:\/\/cmm.imgw.pl\/wp-content\/uploads\/2023\/03\/word-image-25057-16-300x210.png 300w\" sizes=\"(max-width: 693px) 100vw, 693px\" \/><img loading=\"lazy\" width=\"694\" height=\"483\" class=\"wp-image-25075 aligncenter\" src=\"http:\/\/cmm.imgw.pl\/wp-content\/uploads\/2023\/03\/word-image-25057-17.png\" srcset=\"https:\/\/cmm.imgw.pl\/wp-content\/uploads\/2023\/03\/word-image-25057-17.png 694w, https:\/\/cmm.imgw.pl\/wp-content\/uploads\/2023\/03\/word-image-25057-17-300x209.png 300w\" sizes=\"(max-width: 694px) 100vw, 694px\" \/><\/strong><\/p>\n<p><strong><img loading=\"lazy\" width=\"696\" height=\"484\" class=\"wp-image-25076 aligncenter\" src=\"http:\/\/cmm.imgw.pl\/wp-content\/uploads\/2023\/03\/word-image-25057-18.png\" srcset=\"https:\/\/cmm.imgw.pl\/wp-content\/uploads\/2023\/03\/word-image-25057-18.png 696w, https:\/\/cmm.imgw.pl\/wp-content\/uploads\/2023\/03\/word-image-25057-18-300x209.png 300w\" sizes=\"(max-width: 696px) 100vw, 696px\" \/><img loading=\"lazy\" width=\"695\" height=\"488\" class=\"wp-image-25077 aligncenter\" src=\"http:\/\/cmm.imgw.pl\/wp-content\/uploads\/2023\/03\/word-image-25057-19.png\" srcset=\"https:\/\/cmm.imgw.pl\/wp-content\/uploads\/2023\/03\/word-image-25057-19.png 695w, https:\/\/cmm.imgw.pl\/wp-content\/uploads\/2023\/03\/word-image-25057-19-300x211.png 300w\" sizes=\"(max-width: 695px) 100vw, 695px\" \/><\/strong><\/p>\n<p><strong><img loading=\"lazy\" width=\"674\" height=\"475\" class=\"wp-image-25078 aligncenter\" src=\"http:\/\/cmm.imgw.pl\/wp-content\/uploads\/2023\/03\/word-image-25057-20.jpeg\" srcset=\"https:\/\/cmm.imgw.pl\/wp-content\/uploads\/2023\/03\/word-image-25057-20.jpeg 674w, https:\/\/cmm.imgw.pl\/wp-content\/uploads\/2023\/03\/word-image-25057-20-300x211.jpeg 300w\" sizes=\"(max-width: 674px) 100vw, 674px\" \/><img loading=\"lazy\" width=\"695\" height=\"491\" class=\"wp-image-25079 aligncenter\" src=\"http:\/\/cmm.imgw.pl\/wp-content\/uploads\/2023\/03\/word-image-25057-21.png\" srcset=\"https:\/\/cmm.imgw.pl\/wp-content\/uploads\/2023\/03\/word-image-25057-21.png 695w, https:\/\/cmm.imgw.pl\/wp-content\/uploads\/2023\/03\/word-image-25057-21-300x212.png 300w\" sizes=\"(max-width: 695px) 100vw, 695px\" \/><\/strong><\/p>\n<p>Wir cykloniczny znad Morza p\u00f3\u0142nocnego nadal dobrze zaznaczony na wysoko\u015bci 850 hPa. Z analizy prognostycznego pola geopotencja\u0142u wynika, \u017ce do jutrzejszych godzin porannych wir nadal si\u0119 b\u0119dzie pog\u0142\u0119bia\u0142 i nad ranem wysoko\u015b\u0107 powierzchni izobarycznej w centrum wiru osi\u0105gnie warto\u015b\u0107 104 gpdam. W ci\u0105gu nast\u0119pnych sze\u015bciu godzin g\u0142\u0119boko\u015b\u0107 wiru zacznie male\u0107, osi\u0105gaj\u0105c warto\u015b\u0107 108 gpdam o godzinie 13, co oznacza, \u017ce zacznie si\u0119 wype\u0142nia\u0107 na wysoko\u015bci 1,5 km. Na wy\u017cszych poziomach brak zamkni\u0119tej cyrkulacji cyklonicznej, gi\u0119cie izohips na kszta\u0142t zatoki. Ni\u017c, kt\u00f3rego o\u015brodek zalega\u0142 nad Morzem Barentsa, nadal pozostanie w tym rejonie. G\u0142\u0119boko\u015b\u0107 wiru cyklonicznego b\u0119dzie si\u0119 jeszcze zwi\u0119ksza\u0142a ze 105 gpdam na 104 gpdam na wysoko\u015bci 1,5km, z 497 gpdam na 488 gpdam na wysoko\u015bci 5,5 km oraz z 831 gpdam na wysoko\u015bci 9 km o p\u00f3\u0142nocy. Zatem ni\u017c na wy\u017cszych poziomach b\u0119dzie si\u0119 jeszcze pog\u0142\u0119bia\u0142 (powierzchnie izobaryczne b\u0119d\u0105 si\u0119 obni\u017ca\u0142y). Antycyklon znad Atlantyku nadal dobrze zaznaczony na poziomie 850 hPa gdzie wyst\u0119powa\u0107 b\u0119dzie zamkni\u0119ta cyrkulacj\u0119 antycykloniczne z o\u015brodkiem 157 gpdam. Na wy\u017cszych poziomach nadal brak zamkni\u0119tej cyrkulacji, a izohipsy gi\u0119te b\u0119d\u0105 na kszta\u0142t klina. Ni\u017c znad Atlantyku r\u00f3wnie\u017c rozbudowany ku g\u00f3rze i na poziomach 850hPa\/500hPa uwidoczniona zamkni\u0119ta cyrkulacja cykloniczna. Na wysoko\u015bci 300 hPa izohipsy gi\u0119te w kszta\u0142cie zatoki. Ni\u017c nadal b\u0119dzie si\u0119 pog\u0142\u0119bia\u0142.<\/p>\n<p>Nad Atlantykiem, Angli\u0105, nad Europ\u0105 zachodni\u0105, nad po\u0142udniowym obszarem P\u00f3\u0142wyspu Skandynawskiego, nad Europ\u0105 wschodni\u0105\/p\u00f3\u0142nocno wschodni\u0105 oraz po\u0142udniow\u0105 i cz\u0119\u015bciowo nad Morzem \u015ar\u00f3dziemnym wyst\u0119powa\u0107 b\u0119dzie obszar zwi\u0119kszonych gradient\u00f3w geopotencja\u0142u oraz temperatury, zatem nale\u017cy spodziewa\u0107 si\u0119 zwi\u0119kszonej pr\u0119dko\u015bci wiatru oraz pr\u0105d\u00f3w strumieniowych.<\/p>\n<p><img loading=\"lazy\" width=\"2156\" height=\"1728\" class=\"wp-image-25080 aligncenter\" src=\"http:\/\/cmm.imgw.pl\/wp-content\/uploads\/2023\/03\/word-image-25057-22.png\" srcset=\"https:\/\/cmm.imgw.pl\/wp-content\/uploads\/2023\/03\/word-image-25057-22.png 2156w, https:\/\/cmm.imgw.pl\/wp-content\/uploads\/2023\/03\/word-image-25057-22-300x240.png 300w, https:\/\/cmm.imgw.pl\/wp-content\/uploads\/2023\/03\/word-image-25057-22-1024x821.png 1024w, https:\/\/cmm.imgw.pl\/wp-content\/uploads\/2023\/03\/word-image-25057-22-768x616.png 768w, https:\/\/cmm.imgw.pl\/wp-content\/uploads\/2023\/03\/word-image-25057-22-1536x1231.png 1536w, https:\/\/cmm.imgw.pl\/wp-content\/uploads\/2023\/03\/word-image-25057-22-2048x1641.png 2048w\" sizes=\"(max-width: 2156px) 100vw, 2156px\" \/> <img loading=\"lazy\" width=\"2156\" height=\"1728\" class=\"wp-image-25081 aligncenter\" src=\"http:\/\/cmm.imgw.pl\/wp-content\/uploads\/2023\/03\/word-image-25057-23.png\" srcset=\"https:\/\/cmm.imgw.pl\/wp-content\/uploads\/2023\/03\/word-image-25057-23.png 2156w, https:\/\/cmm.imgw.pl\/wp-content\/uploads\/2023\/03\/word-image-25057-23-300x240.png 300w, https:\/\/cmm.imgw.pl\/wp-content\/uploads\/2023\/03\/word-image-25057-23-1024x821.png 1024w, https:\/\/cmm.imgw.pl\/wp-content\/uploads\/2023\/03\/word-image-25057-23-768x616.png 768w, https:\/\/cmm.imgw.pl\/wp-content\/uploads\/2023\/03\/word-image-25057-23-1536x1231.png 1536w, https:\/\/cmm.imgw.pl\/wp-content\/uploads\/2023\/03\/word-image-25057-23-2048x1641.png 2048w\" sizes=\"(max-width: 2156px) 100vw, 2156px\" \/><\/p>\n<p>Wieczorem, nad p\u00f3\u0142nocn\u0105 Polsk\u0105 zalega\u0107 b\u0119dzie o\u015b pr\u0105du strumieniowego na wysoko\u015bci FL330 (10058m), z maksymaln\u0105 pr\u0119dko\u015bci w osi pr\u0105du 45 m\/s. W nocy o\u015b pr\u0105du strumieniowego zalega\u0107 b\u0119dzie nad po\u0142udniowym Ba\u0142tykiem na wysoko\u015bci FL320 (9754m), z maksymaln\u0105 pr\u0119dko\u015bci\u0105 w osi pr\u0105du 60 m\/s. Nad Polsk\u0105 wysoko\u015b\u0107 tropopauzy wyniesie FL400 (12192m).<\/p>\n<p><img loading=\"lazy\" width=\"600\" height=\"640\" class=\"wp-image-25082 aligncenter\" src=\"http:\/\/cmm.imgw.pl\/wp-content\/uploads\/2023\/03\/word-image-25057-24.png\" srcset=\"https:\/\/cmm.imgw.pl\/wp-content\/uploads\/2023\/03\/word-image-25057-24.png 600w, https:\/\/cmm.imgw.pl\/wp-content\/uploads\/2023\/03\/word-image-25057-24-281x300.png 281w\" sizes=\"(max-width: 600px) 100vw, 600px\" \/> <img loading=\"lazy\" width=\"600\" height=\"640\" class=\"wp-image-25083 aligncenter\" src=\"http:\/\/cmm.imgw.pl\/wp-content\/uploads\/2023\/03\/word-image-25057-25.png\" srcset=\"https:\/\/cmm.imgw.pl\/wp-content\/uploads\/2023\/03\/word-image-25057-25.png 600w, https:\/\/cmm.imgw.pl\/wp-content\/uploads\/2023\/03\/word-image-25057-25-281x300.png 281w\" sizes=\"(max-width: 600px) 100vw, 600px\" \/> <img loading=\"lazy\" width=\"600\" height=\"640\" class=\"wp-image-25084 aligncenter\" src=\"http:\/\/cmm.imgw.pl\/wp-content\/uploads\/2023\/03\/word-image-25057-26.png\" srcset=\"https:\/\/cmm.imgw.pl\/wp-content\/uploads\/2023\/03\/word-image-25057-26.png 600w, https:\/\/cmm.imgw.pl\/wp-content\/uploads\/2023\/03\/word-image-25057-26-281x300.png 281w\" sizes=\"(max-width: 600px) 100vw, 600px\" \/><\/p>\n<p>Z numerycznych oblicze\u0144 wynika, \u017ce ju\u017c w godzinach wieczornych w rejon p\u00f3\u0142nocno zachodni nasunie si\u0119 strefa du\u017cych pr\u0119dko\u015bci wiatru. Na wysoko\u015bci 9 km w rejonie Szczecinie pr\u0119dko\u015b\u0107 wiatru osi\u0105gnie warto\u015b\u0107 57,5 m\/s. W nocy i nad ranem na Ba\u0142tyku pr\u0119dko\u015b\u0107 wiatru wzro\u015bnie i b\u0119dzie si\u0119 utrzymywa\u0107 na poziomie 67-67,5 m\/s.<\/p>\n<p><strong>Analiza termiczna troposfery<\/strong><\/p>\n<p><img loading=\"lazy\" width=\"634\" height=\"490\" class=\"wp-image-25085 aligncenter\" src=\"http:\/\/cmm.imgw.pl\/wp-content\/uploads\/2023\/03\/thck-500-1000hpa-gfs-pon-13-03-2023-12-utc-2.gif\" alt=\"Thck 500-1000hPa GFS pon. 13.03.2023 12 UTC\" \/> <img loading=\"lazy\" width=\"634\" height=\"490\" class=\"wp-image-25086 aligncenter\" src=\"http:\/\/cmm.imgw.pl\/wp-content\/uploads\/2023\/03\/thck-500-1000hpa-gfs-wto-14-03-2023-12-utc-2.gif\" alt=\"Thck 500-1000hPa GFS wto. 14.03.2023 12 UTC\" \/><\/p>\n<p><img loading=\"lazy\" width=\"565\" height=\"504\" class=\"wp-image-25087 aligncenter\" src=\"http:\/\/cmm.imgw.pl\/wp-content\/uploads\/2023\/03\/word-image-25057-29.png\" srcset=\"https:\/\/cmm.imgw.pl\/wp-content\/uploads\/2023\/03\/word-image-25057-29.png 565w, https:\/\/cmm.imgw.pl\/wp-content\/uploads\/2023\/03\/word-image-25057-29-300x268.png 300w\" sizes=\"(max-width: 565px) 100vw, 565px\" \/> <img loading=\"lazy\" width=\"557\" height=\"498\" class=\"wp-image-25088 aligncenter\" src=\"http:\/\/cmm.imgw.pl\/wp-content\/uploads\/2023\/03\/word-image-25057-30.png\" srcset=\"https:\/\/cmm.imgw.pl\/wp-content\/uploads\/2023\/03\/word-image-25057-30.png 557w, https:\/\/cmm.imgw.pl\/wp-content\/uploads\/2023\/03\/word-image-25057-30-300x268.png 300w\" sizes=\"(max-width: 557px) 100vw, 557px\" \/><\/p>\n<p>Morza Barentsa, Norweskie, Islandia oraz Skandynawia w zasi\u0119gu ch\u0142odnej arktycznej masy powietrza. Na pozosta\u0142ym obszarze kontynentu zalega cieplejsza, polarno-morska masa powietrza. Z analizy geopotencja\u0142u oraz izoterm na mapach TB500 oraz TB700 wida\u0107, klin ciep\u0142a na zach\u00f3d od Polski. Izotermy odchylaj\u0105 si\u0119 na prawo od izohips (ujemny k\u0105t adwekcji) co wskazuje na adwekcj\u0119 ciep\u0142a.<\/p>\n<p><img loading=\"lazy\" width=\"600\" height=\"640\" class=\"wp-image-25089 aligncenter\" src=\"http:\/\/cmm.imgw.pl\/wp-content\/uploads\/2023\/03\/word-image-25057-31.png\" srcset=\"https:\/\/cmm.imgw.pl\/wp-content\/uploads\/2023\/03\/word-image-25057-31.png 600w, https:\/\/cmm.imgw.pl\/wp-content\/uploads\/2023\/03\/word-image-25057-31-281x300.png 281w\" sizes=\"(max-width: 600px) 100vw, 600px\" \/> <img loading=\"lazy\" width=\"600\" height=\"640\" class=\"wp-image-25090 aligncenter\" src=\"http:\/\/cmm.imgw.pl\/wp-content\/uploads\/2023\/03\/word-image-25057-32.png\" srcset=\"https:\/\/cmm.imgw.pl\/wp-content\/uploads\/2023\/03\/word-image-25057-32.png 600w, https:\/\/cmm.imgw.pl\/wp-content\/uploads\/2023\/03\/word-image-25057-32-281x300.png 281w\" sizes=\"(max-width: 600px) 100vw, 600px\" \/> <img loading=\"lazy\" width=\"600\" height=\"640\" class=\"wp-image-25091 aligncenter\" src=\"http:\/\/cmm.imgw.pl\/wp-content\/uploads\/2023\/03\/word-image-25057-33.png\" srcset=\"https:\/\/cmm.imgw.pl\/wp-content\/uploads\/2023\/03\/word-image-25057-33.png 600w, https:\/\/cmm.imgw.pl\/wp-content\/uploads\/2023\/03\/word-image-25057-33-281x300.png 281w\" sizes=\"(max-width: 600px) 100vw, 600px\" \/> <img loading=\"lazy\" width=\"600\" height=\"640\" class=\"wp-image-25092 aligncenter\" src=\"http:\/\/cmm.imgw.pl\/wp-content\/uploads\/2023\/03\/word-image-25057-34.png\" srcset=\"https:\/\/cmm.imgw.pl\/wp-content\/uploads\/2023\/03\/word-image-25057-34.png 600w, https:\/\/cmm.imgw.pl\/wp-content\/uploads\/2023\/03\/word-image-25057-34-281x300.png 281w\" sizes=\"(max-width: 600px) 100vw, 600px\" \/><\/p>\n<p>Na mapach zaznaczony jest przemieszczaj\u0105cy si\u0119 z zachodu na wsch\u00f3d klina ciep\u0142a. Jutro rano o\u015b klina znajdzie si\u0119 ju\u017c na wsch\u00f3d od Polski.<\/p>\n<p><img loading=\"lazy\" width=\"682\" height=\"593\" class=\"wp-image-25093 aligncenter\" src=\"http:\/\/cmm.imgw.pl\/wp-content\/uploads\/2023\/03\/word-image-25057-35.png\" srcset=\"https:\/\/cmm.imgw.pl\/wp-content\/uploads\/2023\/03\/word-image-25057-35.png 682w, https:\/\/cmm.imgw.pl\/wp-content\/uploads\/2023\/03\/word-image-25057-35-300x261.png 300w\" sizes=\"(max-width: 682px) 100vw, 682px\" \/> <img loading=\"lazy\" width=\"685\" height=\"595\" class=\"wp-image-25094 aligncenter\" src=\"http:\/\/cmm.imgw.pl\/wp-content\/uploads\/2023\/03\/word-image-25057-36.png\" srcset=\"https:\/\/cmm.imgw.pl\/wp-content\/uploads\/2023\/03\/word-image-25057-36.png 685w, https:\/\/cmm.imgw.pl\/wp-content\/uploads\/2023\/03\/word-image-25057-36-300x261.png 300w\" sizes=\"(max-width: 685px) 100vw, 685px\" \/> <img loading=\"lazy\" width=\"678\" height=\"590\" class=\"wp-image-25095 aligncenter\" src=\"http:\/\/cmm.imgw.pl\/wp-content\/uploads\/2023\/03\/word-image-25057-37.png\" srcset=\"https:\/\/cmm.imgw.pl\/wp-content\/uploads\/2023\/03\/word-image-25057-37.png 678w, https:\/\/cmm.imgw.pl\/wp-content\/uploads\/2023\/03\/word-image-25057-37-300x261.png 300w\" sizes=\"(max-width: 678px) 100vw, 678px\" \/> <img loading=\"lazy\" width=\"677\" height=\"589\" class=\"wp-image-25096 aligncenter\" src=\"http:\/\/cmm.imgw.pl\/wp-content\/uploads\/2023\/03\/word-image-25057-38.png\" srcset=\"https:\/\/cmm.imgw.pl\/wp-content\/uploads\/2023\/03\/word-image-25057-38.png 677w, https:\/\/cmm.imgw.pl\/wp-content\/uploads\/2023\/03\/word-image-25057-38-300x261.png 300w\" sizes=\"(max-width: 677px) 100vw, 677px\" \/><\/p>\n<p><img loading=\"lazy\" width=\"678\" height=\"590\" class=\"wp-image-25097 aligncenter\" src=\"http:\/\/cmm.imgw.pl\/wp-content\/uploads\/2023\/03\/word-image-25057-39.png\" srcset=\"https:\/\/cmm.imgw.pl\/wp-content\/uploads\/2023\/03\/word-image-25057-39.png 678w, https:\/\/cmm.imgw.pl\/wp-content\/uploads\/2023\/03\/word-image-25057-39-300x261.png 300w\" sizes=\"(max-width: 678px) 100vw, 678px\" \/><\/p>\n<p>Do Polski nap\u0142ywa powietrze z zachodu\/WNW, polarno-morskie. W ci\u0105gu 24 godzin zacznie do Polski nap\u0142ywa\u0107 powietrze z po\u0142udniowego zachodu, polarno-morskie ciep\u0142e.<\/p>\n<p><strong>Prognostyczna analiza pola wilgotno\u015bci w pionowym profilu w troposferze<\/strong><\/p>\n<p><img loading=\"lazy\" width=\"600\" height=\"640\" class=\"wp-image-25098 aligncenter\" src=\"http:\/\/cmm.imgw.pl\/wp-content\/uploads\/2023\/03\/word-image-25057-40.png\" srcset=\"https:\/\/cmm.imgw.pl\/wp-content\/uploads\/2023\/03\/word-image-25057-40.png 600w, https:\/\/cmm.imgw.pl\/wp-content\/uploads\/2023\/03\/word-image-25057-40-281x300.png 281w\" sizes=\"(max-width: 600px) 100vw, 600px\" \/> <img loading=\"lazy\" width=\"600\" height=\"640\" class=\"wp-image-25099 aligncenter\" src=\"http:\/\/cmm.imgw.pl\/wp-content\/uploads\/2023\/03\/word-image-25057-41.png\" srcset=\"https:\/\/cmm.imgw.pl\/wp-content\/uploads\/2023\/03\/word-image-25057-41.png 600w, https:\/\/cmm.imgw.pl\/wp-content\/uploads\/2023\/03\/word-image-25057-41-281x300.png 281w\" sizes=\"(max-width: 600px) 100vw, 600px\" \/><\/p>\n<p>W ci\u0105gu dnia, na wysoko\u015bci 1,5 km wilgotno\u015b\u0107 powietrza du\u017ca i bardzo du\u017ca. W nocy obszar zwi\u0119kszonej wilgotno\u015bci zalega\u0107 b\u0119dzie w pasie nad Polsk\u0105 p\u00f3\u0142nocn\u0105.<\/p>\n<p><img loading=\"lazy\" width=\"600\" height=\"640\" class=\"wp-image-25100 aligncenter\" src=\"http:\/\/cmm.imgw.pl\/wp-content\/uploads\/2023\/03\/word-image-25057-42.png\" srcset=\"https:\/\/cmm.imgw.pl\/wp-content\/uploads\/2023\/03\/word-image-25057-42.png 600w, https:\/\/cmm.imgw.pl\/wp-content\/uploads\/2023\/03\/word-image-25057-42-281x300.png 281w\" sizes=\"(max-width: 600px) 100vw, 600px\" \/> <img loading=\"lazy\" width=\"600\" height=\"640\" class=\"wp-image-25101 aligncenter\" src=\"http:\/\/cmm.imgw.pl\/wp-content\/uploads\/2023\/03\/word-image-25057-43.png\" srcset=\"https:\/\/cmm.imgw.pl\/wp-content\/uploads\/2023\/03\/word-image-25057-43.png 600w, https:\/\/cmm.imgw.pl\/wp-content\/uploads\/2023\/03\/word-image-25057-43-281x300.png 281w\" sizes=\"(max-width: 600px) 100vw, 600px\" \/><\/p>\n<p>W dzie\u0144 na wysoko\u015bci 5,5 km, na znacznym obszarze kraju wilgotno\u015b\u0107 du\u017c\u0105 i bardzo du\u017ca. Obszar z wilgotno\u015bci\u0105 powy\u017cej 95 % zalega od linii przebiegaj\u0105cej od Gda\u0144ska, \u0141odzi po Katowice, po rejony wschodnie. W nocy obszar du\u017cej wilgotno\u015bci zmniejszy si\u0119 do obszaru Polski zachodniej, centralnej po rejony p\u00f3\u0142nocno wschodnie.<\/p>\n<p><img loading=\"lazy\" width=\"600\" height=\"640\" class=\"wp-image-25102 aligncenter\" src=\"http:\/\/cmm.imgw.pl\/wp-content\/uploads\/2023\/03\/word-image-25057-44.png\" srcset=\"https:\/\/cmm.imgw.pl\/wp-content\/uploads\/2023\/03\/word-image-25057-44.png 600w, https:\/\/cmm.imgw.pl\/wp-content\/uploads\/2023\/03\/word-image-25057-44-281x300.png 281w\" sizes=\"(max-width: 600px) 100vw, 600px\" \/> <img loading=\"lazy\" width=\"600\" height=\"640\" class=\"wp-image-25103 aligncenter\" src=\"http:\/\/cmm.imgw.pl\/wp-content\/uploads\/2023\/03\/word-image-25057-45.png\" srcset=\"https:\/\/cmm.imgw.pl\/wp-content\/uploads\/2023\/03\/word-image-25057-45.png 600w, https:\/\/cmm.imgw.pl\/wp-content\/uploads\/2023\/03\/word-image-25057-45-281x300.png 281w\" sizes=\"(max-width: 600px) 100vw, 600px\" \/><\/p>\n<p>Na wysoko\u015bci 9 km, w dzie\u0144, obszar du\u017cej wilgotno\u015bci obejmuje znacz\u0105cy obszar kraju, jedynie w rejonie Polski zachodniej wyst\u0105pi zmniejszonej wilgotno\u015bci do 60-80%. W nocy na przewa\u017caj\u0105cym obszarze kraju wilgotno\u015b\u0107 du\u017ca i bardzo du\u017ca.<\/p>\n<p><strong>Prognoza zachmurzenia<\/strong><\/p>\n<p><img loading=\"lazy\" width=\"800\" height=\"800\" class=\"wp-image-25104 aligncenter\" src=\"http:\/\/cmm.imgw.pl\/wp-content\/uploads\/2023\/03\/word-image-25057-46.png\" srcset=\"https:\/\/cmm.imgw.pl\/wp-content\/uploads\/2023\/03\/word-image-25057-46.png 800w, https:\/\/cmm.imgw.pl\/wp-content\/uploads\/2023\/03\/word-image-25057-46-300x300.png 300w, https:\/\/cmm.imgw.pl\/wp-content\/uploads\/2023\/03\/word-image-25057-46-150x150.png 150w, https:\/\/cmm.imgw.pl\/wp-content\/uploads\/2023\/03\/word-image-25057-46-768x768.png 768w, https:\/\/cmm.imgw.pl\/wp-content\/uploads\/2023\/03\/word-image-25057-46-600x600.png 600w\" sizes=\"(max-width: 800px) 100vw, 800px\" \/> <img loading=\"lazy\" width=\"800\" height=\"800\" class=\"wp-image-25105 aligncenter\" src=\"http:\/\/cmm.imgw.pl\/wp-content\/uploads\/2023\/03\/word-image-25057-47.png\" srcset=\"https:\/\/cmm.imgw.pl\/wp-content\/uploads\/2023\/03\/word-image-25057-47.png 800w, https:\/\/cmm.imgw.pl\/wp-content\/uploads\/2023\/03\/word-image-25057-47-300x300.png 300w, https:\/\/cmm.imgw.pl\/wp-content\/uploads\/2023\/03\/word-image-25057-47-150x150.png 150w, https:\/\/cmm.imgw.pl\/wp-content\/uploads\/2023\/03\/word-image-25057-47-768x768.png 768w, https:\/\/cmm.imgw.pl\/wp-content\/uploads\/2023\/03\/word-image-25057-47-600x600.png 600w\" sizes=\"(max-width: 800px) 100vw, 800px\" \/><\/p>\n<p>Zachmurzenie og\u00f3lne ca\u0142kowite. Lokalnie du\u017ce.<\/p>\n<p><img loading=\"lazy\" width=\"800\" height=\"800\" class=\"wp-image-25106 aligncenter\" src=\"http:\/\/cmm.imgw.pl\/wp-content\/uploads\/2023\/03\/word-image-25057-48.png\" srcset=\"https:\/\/cmm.imgw.pl\/wp-content\/uploads\/2023\/03\/word-image-25057-48.png 800w, https:\/\/cmm.imgw.pl\/wp-content\/uploads\/2023\/03\/word-image-25057-48-300x300.png 300w, https:\/\/cmm.imgw.pl\/wp-content\/uploads\/2023\/03\/word-image-25057-48-150x150.png 150w, https:\/\/cmm.imgw.pl\/wp-content\/uploads\/2023\/03\/word-image-25057-48-768x768.png 768w, https:\/\/cmm.imgw.pl\/wp-content\/uploads\/2023\/03\/word-image-25057-48-600x600.png 600w\" sizes=\"(max-width: 800px) 100vw, 800px\" \/> <img loading=\"lazy\" width=\"800\" height=\"800\" class=\"wp-image-25107 aligncenter\" src=\"http:\/\/cmm.imgw.pl\/wp-content\/uploads\/2023\/03\/word-image-25057-49.png\" srcset=\"https:\/\/cmm.imgw.pl\/wp-content\/uploads\/2023\/03\/word-image-25057-49.png 800w, https:\/\/cmm.imgw.pl\/wp-content\/uploads\/2023\/03\/word-image-25057-49-300x300.png 300w, https:\/\/cmm.imgw.pl\/wp-content\/uploads\/2023\/03\/word-image-25057-49-150x150.png 150w, https:\/\/cmm.imgw.pl\/wp-content\/uploads\/2023\/03\/word-image-25057-49-768x768.png 768w, https:\/\/cmm.imgw.pl\/wp-content\/uploads\/2023\/03\/word-image-25057-49-600x600.png 600w\" sizes=\"(max-width: 800px) 100vw, 800px\" \/> <img loading=\"lazy\" width=\"800\" height=\"800\" class=\"wp-image-25108 aligncenter\" src=\"http:\/\/cmm.imgw.pl\/wp-content\/uploads\/2023\/03\/word-image-25057-50.png\" srcset=\"https:\/\/cmm.imgw.pl\/wp-content\/uploads\/2023\/03\/word-image-25057-50.png 800w, https:\/\/cmm.imgw.pl\/wp-content\/uploads\/2023\/03\/word-image-25057-50-300x300.png 300w, https:\/\/cmm.imgw.pl\/wp-content\/uploads\/2023\/03\/word-image-25057-50-150x150.png 150w, https:\/\/cmm.imgw.pl\/wp-content\/uploads\/2023\/03\/word-image-25057-50-768x768.png 768w, https:\/\/cmm.imgw.pl\/wp-content\/uploads\/2023\/03\/word-image-25057-50-600x600.png 600w\" sizes=\"(max-width: 800px) 100vw, 800px\" \/><\/p>\n<p>W godzinach po po\u0142udniowych zachmurzenie pi\u0119tra niskiego du\u017ce i ca\u0142kowite, za wyj\u0105tkiem po\u0142udniowo wschodniej Polski. Wieczorem i w nocy zachmurzenie du\u017ce i ca\u0142kowite w obszarze od dzielnic centralnych po p\u00f3\u0142nocne, Na pozosta\u0142ym obszarze zachmurzenie ma\u0142e lub brak. Na niebie chmury Stratocumulus, Stratus fractus.<\/p>\n<p>Miejscami wyst\u0119powa\u0107 b\u0119d\u0105 chmury Cumulus oraz Cumulonimbus.<\/p>\n<p><img loading=\"lazy\" width=\"800\" height=\"800\" class=\"wp-image-25109 aligncenter\" src=\"http:\/\/cmm.imgw.pl\/wp-content\/uploads\/2023\/03\/word-image-25057-51.png\" srcset=\"https:\/\/cmm.imgw.pl\/wp-content\/uploads\/2023\/03\/word-image-25057-51.png 800w, https:\/\/cmm.imgw.pl\/wp-content\/uploads\/2023\/03\/word-image-25057-51-300x300.png 300w, https:\/\/cmm.imgw.pl\/wp-content\/uploads\/2023\/03\/word-image-25057-51-150x150.png 150w, https:\/\/cmm.imgw.pl\/wp-content\/uploads\/2023\/03\/word-image-25057-51-768x768.png 768w, https:\/\/cmm.imgw.pl\/wp-content\/uploads\/2023\/03\/word-image-25057-51-600x600.png 600w\" sizes=\"(max-width: 800px) 100vw, 800px\" \/> <img loading=\"lazy\" width=\"800\" height=\"800\" class=\"wp-image-25110 aligncenter\" src=\"http:\/\/cmm.imgw.pl\/wp-content\/uploads\/2023\/03\/word-image-25057-52.png\" srcset=\"https:\/\/cmm.imgw.pl\/wp-content\/uploads\/2023\/03\/word-image-25057-52.png 800w, https:\/\/cmm.imgw.pl\/wp-content\/uploads\/2023\/03\/word-image-25057-52-300x300.png 300w, https:\/\/cmm.imgw.pl\/wp-content\/uploads\/2023\/03\/word-image-25057-52-150x150.png 150w, https:\/\/cmm.imgw.pl\/wp-content\/uploads\/2023\/03\/word-image-25057-52-768x768.png 768w, https:\/\/cmm.imgw.pl\/wp-content\/uploads\/2023\/03\/word-image-25057-52-600x600.png 600w\" sizes=\"(max-width: 800px) 100vw, 800px\" \/> <img loading=\"lazy\" width=\"800\" height=\"800\" class=\"wp-image-25111 aligncenter\" src=\"http:\/\/cmm.imgw.pl\/wp-content\/uploads\/2023\/03\/word-image-25057-53.png\" srcset=\"https:\/\/cmm.imgw.pl\/wp-content\/uploads\/2023\/03\/word-image-25057-53.png 800w, https:\/\/cmm.imgw.pl\/wp-content\/uploads\/2023\/03\/word-image-25057-53-300x300.png 300w, https:\/\/cmm.imgw.pl\/wp-content\/uploads\/2023\/03\/word-image-25057-53-150x150.png 150w, https:\/\/cmm.imgw.pl\/wp-content\/uploads\/2023\/03\/word-image-25057-53-768x768.png 768w, https:\/\/cmm.imgw.pl\/wp-content\/uploads\/2023\/03\/word-image-25057-53-600x600.png 600w\" sizes=\"(max-width: 800px) 100vw, 800px\" \/><\/p>\n<p>Zachmurzenie pi\u0119tra \u015bredniego du\u017ce i ca\u0142kowite. Po po\u0142udniu rozpogodzenia w p\u00f3\u0142nocno zachodniej i po\u0142udniowo zachodniej Polsce. Strefa ta b\u0119dzie przemieszcza\u0142a si\u0119 na wsch\u00f3d. W nocy zachmurzenie du\u017ce i ca\u0142kowite w ca\u0142ej Polsce, z wyj\u0105tkiem p\u00f3\u0142nocno zachodnich obszar\u00f3w. Na niebie Altocumulus oraz Altostratus.<\/p>\n<p><img loading=\"lazy\" width=\"800\" height=\"800\" class=\"wp-image-25112 aligncenter\" src=\"http:\/\/cmm.imgw.pl\/wp-content\/uploads\/2023\/03\/word-image-25057-54.png\" srcset=\"https:\/\/cmm.imgw.pl\/wp-content\/uploads\/2023\/03\/word-image-25057-54.png 800w, https:\/\/cmm.imgw.pl\/wp-content\/uploads\/2023\/03\/word-image-25057-54-300x300.png 300w, https:\/\/cmm.imgw.pl\/wp-content\/uploads\/2023\/03\/word-image-25057-54-150x150.png 150w, https:\/\/cmm.imgw.pl\/wp-content\/uploads\/2023\/03\/word-image-25057-54-768x768.png 768w, https:\/\/cmm.imgw.pl\/wp-content\/uploads\/2023\/03\/word-image-25057-54-600x600.png 600w\" sizes=\"(max-width: 800px) 100vw, 800px\" \/> <img loading=\"lazy\" width=\"800\" height=\"800\" class=\"wp-image-25113 aligncenter\" src=\"http:\/\/cmm.imgw.pl\/wp-content\/uploads\/2023\/03\/word-image-25057-55.png\" srcset=\"https:\/\/cmm.imgw.pl\/wp-content\/uploads\/2023\/03\/word-image-25057-55.png 800w, https:\/\/cmm.imgw.pl\/wp-content\/uploads\/2023\/03\/word-image-25057-55-300x300.png 300w, https:\/\/cmm.imgw.pl\/wp-content\/uploads\/2023\/03\/word-image-25057-55-150x150.png 150w, https:\/\/cmm.imgw.pl\/wp-content\/uploads\/2023\/03\/word-image-25057-55-768x768.png 768w, https:\/\/cmm.imgw.pl\/wp-content\/uploads\/2023\/03\/word-image-25057-55-600x600.png 600w\" sizes=\"(max-width: 800px) 100vw, 800px\" \/><\/p>\n<p>Zachmurzenie pi\u0119tra wysokiego du\u017ce i ca\u0142kowite. Mo\u017cliwe rozpogodzenia ww. pi\u0119trze chmur. Na niebie Cirrus fibratus\/spissatus oraz Cirrostratus fibratus.<\/p>\n<p><img loading=\"lazy\" width=\"464\" height=\"464\" class=\"wp-image-25114 aligncenter\" src=\"http:\/\/cmm.imgw.pl\/wp-content\/uploads\/2023\/03\/word-image-25057-56.jpeg\" srcset=\"https:\/\/cmm.imgw.pl\/wp-content\/uploads\/2023\/03\/word-image-25057-56.jpeg 464w, https:\/\/cmm.imgw.pl\/wp-content\/uploads\/2023\/03\/word-image-25057-56-300x300.jpeg 300w, https:\/\/cmm.imgw.pl\/wp-content\/uploads\/2023\/03\/word-image-25057-56-150x150.jpeg 150w\" sizes=\"(max-width: 464px) 100vw, 464px\" \/> <img loading=\"lazy\" width=\"478\" height=\"478\" class=\"wp-image-25115 aligncenter\" src=\"http:\/\/cmm.imgw.pl\/wp-content\/uploads\/2023\/03\/word-image-25057-57.jpeg\" srcset=\"https:\/\/cmm.imgw.pl\/wp-content\/uploads\/2023\/03\/word-image-25057-57.jpeg 478w, https:\/\/cmm.imgw.pl\/wp-content\/uploads\/2023\/03\/word-image-25057-57-300x300.jpeg 300w, https:\/\/cmm.imgw.pl\/wp-content\/uploads\/2023\/03\/word-image-25057-57-150x150.jpeg 150w\" sizes=\"(max-width: 478px) 100vw, 478px\" \/> <img loading=\"lazy\" width=\"413\" height=\"413\" class=\"wp-image-25116 aligncenter\" src=\"http:\/\/cmm.imgw.pl\/wp-content\/uploads\/2023\/03\/word-image-25057-58.jpeg\" srcset=\"https:\/\/cmm.imgw.pl\/wp-content\/uploads\/2023\/03\/word-image-25057-58.jpeg 413w, https:\/\/cmm.imgw.pl\/wp-content\/uploads\/2023\/03\/word-image-25057-58-300x300.jpeg 300w, https:\/\/cmm.imgw.pl\/wp-content\/uploads\/2023\/03\/word-image-25057-58-150x150.jpeg 150w\" sizes=\"(max-width: 413px) 100vw, 413px\" \/> <img loading=\"lazy\" width=\"444\" height=\"444\" class=\"wp-image-25117 aligncenter\" src=\"http:\/\/cmm.imgw.pl\/wp-content\/uploads\/2023\/03\/word-image-25057-59.jpeg\" srcset=\"https:\/\/cmm.imgw.pl\/wp-content\/uploads\/2023\/03\/word-image-25057-59.jpeg 444w, https:\/\/cmm.imgw.pl\/wp-content\/uploads\/2023\/03\/word-image-25057-59-300x300.jpeg 300w, https:\/\/cmm.imgw.pl\/wp-content\/uploads\/2023\/03\/word-image-25057-59-150x150.jpeg 150w\" sizes=\"(max-width: 444px) 100vw, 444px\" \/> <img loading=\"lazy\" width=\"454\" height=\"454\" class=\"wp-image-25118 aligncenter\" src=\"http:\/\/cmm.imgw.pl\/wp-content\/uploads\/2023\/03\/word-image-25057-60.jpeg\" srcset=\"https:\/\/cmm.imgw.pl\/wp-content\/uploads\/2023\/03\/word-image-25057-60.jpeg 454w, https:\/\/cmm.imgw.pl\/wp-content\/uploads\/2023\/03\/word-image-25057-60-300x300.jpeg 300w, https:\/\/cmm.imgw.pl\/wp-content\/uploads\/2023\/03\/word-image-25057-60-150x150.jpeg 150w\" sizes=\"(max-width: 454px) 100vw, 454px\" \/> <img loading=\"lazy\" width=\"468\" height=\"468\" class=\"wp-image-25119 aligncenter\" src=\"http:\/\/cmm.imgw.pl\/wp-content\/uploads\/2023\/03\/word-image-25057-61.jpeg\" srcset=\"https:\/\/cmm.imgw.pl\/wp-content\/uploads\/2023\/03\/word-image-25057-61.jpeg 468w, https:\/\/cmm.imgw.pl\/wp-content\/uploads\/2023\/03\/word-image-25057-61-300x300.jpeg 300w, https:\/\/cmm.imgw.pl\/wp-content\/uploads\/2023\/03\/word-image-25057-61-150x150.jpeg 150w\" sizes=\"(max-width: 468px) 100vw, 468px\" \/><\/p>\n<p>Z zachodu na wsch\u00f3d przemieszcza\u0107 si\u0119 b\u0119dzie strefa opad\u00f3w deszczu o charakterze ci\u0105g\u0142ym oraz przelotnym, o intensywno\u015bci s\u0142abej i lokalnie umiarkowanej. Opady przelotne charakteryzowa\u0107 si\u0119 b\u0119d\u0105 wi\u0119kszymi kroplami i zmienn\u0105 intensywno\u015bci\u0105 opadu.<\/p>\n<p><strong>Prognoza widzialno\u015bci<\/strong><\/p>\n<p><img loading=\"lazy\" width=\"508\" height=\"508\" class=\"wp-image-25120 aligncenter\" src=\"http:\/\/cmm.imgw.pl\/wp-content\/uploads\/2023\/03\/word-image-25057-62.png\" srcset=\"https:\/\/cmm.imgw.pl\/wp-content\/uploads\/2023\/03\/word-image-25057-62.png 508w, https:\/\/cmm.imgw.pl\/wp-content\/uploads\/2023\/03\/word-image-25057-62-300x300.png 300w, https:\/\/cmm.imgw.pl\/wp-content\/uploads\/2023\/03\/word-image-25057-62-150x150.png 150w\" sizes=\"(max-width: 508px) 100vw, 508px\" \/> <img loading=\"lazy\" width=\"506\" height=\"506\" class=\"wp-image-25121 aligncenter\" src=\"http:\/\/cmm.imgw.pl\/wp-content\/uploads\/2023\/03\/word-image-25057-63.png\" srcset=\"https:\/\/cmm.imgw.pl\/wp-content\/uploads\/2023\/03\/word-image-25057-63.png 506w, https:\/\/cmm.imgw.pl\/wp-content\/uploads\/2023\/03\/word-image-25057-63-300x300.png 300w, https:\/\/cmm.imgw.pl\/wp-content\/uploads\/2023\/03\/word-image-25057-63-150x150.png 150w\" sizes=\"(max-width: 506px) 100vw, 506px\" \/> <img loading=\"lazy\" width=\"720\" height=\"720\" class=\"wp-image-25122 aligncenter\" src=\"http:\/\/cmm.imgw.pl\/wp-content\/uploads\/2023\/03\/word-image-25057-64.png\" srcset=\"https:\/\/cmm.imgw.pl\/wp-content\/uploads\/2023\/03\/word-image-25057-64.png 720w, https:\/\/cmm.imgw.pl\/wp-content\/uploads\/2023\/03\/word-image-25057-64-300x300.png 300w, https:\/\/cmm.imgw.pl\/wp-content\/uploads\/2023\/03\/word-image-25057-64-150x150.png 150w, https:\/\/cmm.imgw.pl\/wp-content\/uploads\/2023\/03\/word-image-25057-64-600x600.png 600w\" sizes=\"(max-width: 720px) 100vw, 720px\" \/> <img loading=\"lazy\" width=\"720\" height=\"720\" class=\"wp-image-25123 aligncenter\" src=\"http:\/\/cmm.imgw.pl\/wp-content\/uploads\/2023\/03\/word-image-25057-65.png\" srcset=\"https:\/\/cmm.imgw.pl\/wp-content\/uploads\/2023\/03\/word-image-25057-65.png 720w, https:\/\/cmm.imgw.pl\/wp-content\/uploads\/2023\/03\/word-image-25057-65-300x300.png 300w, https:\/\/cmm.imgw.pl\/wp-content\/uploads\/2023\/03\/word-image-25057-65-150x150.png 150w, https:\/\/cmm.imgw.pl\/wp-content\/uploads\/2023\/03\/word-image-25057-65-600x600.png 600w\" sizes=\"(max-width: 720px) 100vw, 720px\" \/><\/p>\n<p>Lokalnie w strefie opad\u00f3w ograniczenie widzialno\u015bci do 3-6 km.<\/p>\n<p><strong>Pole ci\u015bnienia nad Polsk\u0105<\/strong><\/p>\n<p><img loading=\"lazy\" width=\"689\" height=\"689\" class=\"wp-image-25124 aligncenter\" src=\"http:\/\/cmm.imgw.pl\/wp-content\/uploads\/2023\/03\/word-image-25057-66.jpeg\" srcset=\"https:\/\/cmm.imgw.pl\/wp-content\/uploads\/2023\/03\/word-image-25057-66.jpeg 689w, https:\/\/cmm.imgw.pl\/wp-content\/uploads\/2023\/03\/word-image-25057-66-300x300.jpeg 300w, https:\/\/cmm.imgw.pl\/wp-content\/uploads\/2023\/03\/word-image-25057-66-150x150.jpeg 150w, https:\/\/cmm.imgw.pl\/wp-content\/uploads\/2023\/03\/word-image-25057-66-600x600.jpeg 600w\" sizes=\"(max-width: 689px) 100vw, 689px\" \/> <img loading=\"lazy\" width=\"662\" height=\"662\" class=\"wp-image-25125 aligncenter\" src=\"http:\/\/cmm.imgw.pl\/wp-content\/uploads\/2023\/03\/word-image-25057-67.jpeg\" srcset=\"https:\/\/cmm.imgw.pl\/wp-content\/uploads\/2023\/03\/word-image-25057-67.jpeg 662w, https:\/\/cmm.imgw.pl\/wp-content\/uploads\/2023\/03\/word-image-25057-67-300x300.jpeg 300w, https:\/\/cmm.imgw.pl\/wp-content\/uploads\/2023\/03\/word-image-25057-67-150x150.jpeg 150w, https:\/\/cmm.imgw.pl\/wp-content\/uploads\/2023\/03\/word-image-25057-67-600x600.jpeg 600w\" sizes=\"(max-width: 662px) 100vw, 662px\" \/> <img loading=\"lazy\" width=\"776\" height=\"776\" class=\"wp-image-25126 aligncenter\" src=\"http:\/\/cmm.imgw.pl\/wp-content\/uploads\/2023\/03\/word-image-25057-68.jpeg\" srcset=\"https:\/\/cmm.imgw.pl\/wp-content\/uploads\/2023\/03\/word-image-25057-68.jpeg 776w, https:\/\/cmm.imgw.pl\/wp-content\/uploads\/2023\/03\/word-image-25057-68-300x300.jpeg 300w, https:\/\/cmm.imgw.pl\/wp-content\/uploads\/2023\/03\/word-image-25057-68-150x150.jpeg 150w, https:\/\/cmm.imgw.pl\/wp-content\/uploads\/2023\/03\/word-image-25057-68-768x768.jpeg 768w, https:\/\/cmm.imgw.pl\/wp-content\/uploads\/2023\/03\/word-image-25057-68-600x600.jpeg 600w\" sizes=\"(max-width: 776px) 100vw, 776px\" \/><\/p>\n<p>Nad Polsk\u0105 zwi\u0119kszony gradient ci\u015bnienia. O godzinie 16, horyzontalny gradient ci\u015bnienia wyniesie 24 hPa. O godzinie 22 gradient horyzontalny ci\u015bnienia osi\u0105gnie warto\u015b\u0107 26 hPa. O godzinie 4 rano, gradient horyzontalny ci\u015bnienia osi\u0105gnie warto\u015b\u0107 23,5 hPa. Tak du\u017cy gradient ci\u015bnienia odpowiedzialny b\u0119dzie za wzrost pr\u0119dko\u015bci \u015bredniej wiatru oraz poryw\u00f3w. Na Ba\u0142tyku b\u0119dzie sztorm.<\/p>\n<p><strong>Prognoza pola wiatru<\/strong><\/p>\n<p><img loading=\"lazy\" width=\"700\" height=\"700\" class=\"wp-image-25127 aligncenter\" src=\"http:\/\/cmm.imgw.pl\/wp-content\/uploads\/2023\/03\/word-image-25057-69.jpeg\" srcset=\"https:\/\/cmm.imgw.pl\/wp-content\/uploads\/2023\/03\/word-image-25057-69.jpeg 700w, https:\/\/cmm.imgw.pl\/wp-content\/uploads\/2023\/03\/word-image-25057-69-300x300.jpeg 300w, https:\/\/cmm.imgw.pl\/wp-content\/uploads\/2023\/03\/word-image-25057-69-150x150.jpeg 150w, https:\/\/cmm.imgw.pl\/wp-content\/uploads\/2023\/03\/word-image-25057-69-600x600.jpeg 600w\" sizes=\"(max-width: 700px) 100vw, 700px\" \/> <img loading=\"lazy\" width=\"655\" height=\"655\" class=\"wp-image-25128 aligncenter\" src=\"http:\/\/cmm.imgw.pl\/wp-content\/uploads\/2023\/03\/word-image-25057-70.jpeg\" srcset=\"https:\/\/cmm.imgw.pl\/wp-content\/uploads\/2023\/03\/word-image-25057-70.jpeg 655w, https:\/\/cmm.imgw.pl\/wp-content\/uploads\/2023\/03\/word-image-25057-70-300x300.jpeg 300w, https:\/\/cmm.imgw.pl\/wp-content\/uploads\/2023\/03\/word-image-25057-70-150x150.jpeg 150w, https:\/\/cmm.imgw.pl\/wp-content\/uploads\/2023\/03\/word-image-25057-70-600x600.jpeg 600w\" sizes=\"(max-width: 655px) 100vw, 655px\" \/><\/p>\n<p><img loading=\"lazy\" width=\"678\" height=\"678\" class=\"wp-image-25129 aligncenter\" src=\"http:\/\/cmm.imgw.pl\/wp-content\/uploads\/2023\/03\/word-image-25057-71.jpeg\" srcset=\"https:\/\/cmm.imgw.pl\/wp-content\/uploads\/2023\/03\/word-image-25057-71.jpeg 678w, https:\/\/cmm.imgw.pl\/wp-content\/uploads\/2023\/03\/word-image-25057-71-300x300.jpeg 300w, https:\/\/cmm.imgw.pl\/wp-content\/uploads\/2023\/03\/word-image-25057-71-150x150.jpeg 150w, https:\/\/cmm.imgw.pl\/wp-content\/uploads\/2023\/03\/word-image-25057-71-600x600.jpeg 600w\" sizes=\"(max-width: 678px) 100vw, 678px\" \/> <img loading=\"lazy\" width=\"667\" height=\"667\" class=\"wp-image-25130 aligncenter\" src=\"http:\/\/cmm.imgw.pl\/wp-content\/uploads\/2023\/03\/word-image-25057-72.jpeg\" srcset=\"https:\/\/cmm.imgw.pl\/wp-content\/uploads\/2023\/03\/word-image-25057-72.jpeg 667w, https:\/\/cmm.imgw.pl\/wp-content\/uploads\/2023\/03\/word-image-25057-72-300x300.jpeg 300w, https:\/\/cmm.imgw.pl\/wp-content\/uploads\/2023\/03\/word-image-25057-72-150x150.jpeg 150w, https:\/\/cmm.imgw.pl\/wp-content\/uploads\/2023\/03\/word-image-25057-72-600x600.jpeg 600w\" sizes=\"(max-width: 667px) 100vw, 667px\" \/><\/p>\n<p><img loading=\"lazy\" width=\"587\" height=\"587\" class=\"wp-image-25131 aligncenter\" src=\"http:\/\/cmm.imgw.pl\/wp-content\/uploads\/2023\/03\/word-image-25057-73.jpeg\" srcset=\"https:\/\/cmm.imgw.pl\/wp-content\/uploads\/2023\/03\/word-image-25057-73.jpeg 587w, https:\/\/cmm.imgw.pl\/wp-content\/uploads\/2023\/03\/word-image-25057-73-300x300.jpeg 300w, https:\/\/cmm.imgw.pl\/wp-content\/uploads\/2023\/03\/word-image-25057-73-150x150.jpeg 150w\" sizes=\"(max-width: 587px) 100vw, 587px\" \/> <img loading=\"lazy\" width=\"619\" height=\"619\" class=\"wp-image-25132 aligncenter\" src=\"http:\/\/cmm.imgw.pl\/wp-content\/uploads\/2023\/03\/word-image-25057-74.jpeg\" srcset=\"https:\/\/cmm.imgw.pl\/wp-content\/uploads\/2023\/03\/word-image-25057-74.jpeg 619w, https:\/\/cmm.imgw.pl\/wp-content\/uploads\/2023\/03\/word-image-25057-74-300x300.jpeg 300w, https:\/\/cmm.imgw.pl\/wp-content\/uploads\/2023\/03\/word-image-25057-74-150x150.jpeg 150w, https:\/\/cmm.imgw.pl\/wp-content\/uploads\/2023\/03\/word-image-25057-74-600x600.jpeg 600w\" sizes=\"(max-width: 619px) 100vw, 619px\" \/><\/p>\n<p><img loading=\"lazy\" width=\"660\" height=\"660\" class=\"wp-image-25133 aligncenter\" src=\"http:\/\/cmm.imgw.pl\/wp-content\/uploads\/2023\/03\/word-image-25057-75.jpeg\" srcset=\"https:\/\/cmm.imgw.pl\/wp-content\/uploads\/2023\/03\/word-image-25057-75.jpeg 660w, https:\/\/cmm.imgw.pl\/wp-content\/uploads\/2023\/03\/word-image-25057-75-300x300.jpeg 300w, https:\/\/cmm.imgw.pl\/wp-content\/uploads\/2023\/03\/word-image-25057-75-150x150.jpeg 150w, https:\/\/cmm.imgw.pl\/wp-content\/uploads\/2023\/03\/word-image-25057-75-600x600.jpeg 600w\" sizes=\"(max-width: 660px) 100vw, 660px\" \/> <img loading=\"lazy\" width=\"643\" height=\"643\" class=\"wp-image-25134 aligncenter\" src=\"http:\/\/cmm.imgw.pl\/wp-content\/uploads\/2023\/03\/word-image-25057-76.jpeg\" srcset=\"https:\/\/cmm.imgw.pl\/wp-content\/uploads\/2023\/03\/word-image-25057-76.jpeg 643w, https:\/\/cmm.imgw.pl\/wp-content\/uploads\/2023\/03\/word-image-25057-76-300x300.jpeg 300w, https:\/\/cmm.imgw.pl\/wp-content\/uploads\/2023\/03\/word-image-25057-76-150x150.jpeg 150w, https:\/\/cmm.imgw.pl\/wp-content\/uploads\/2023\/03\/word-image-25057-76-600x600.jpeg 600w\" sizes=\"(max-width: 643px) 100vw, 643px\" \/><\/p>\n<p>W dzie\u0144 wiatr SW lub SSW, 17-31 km\/h. Na Ba\u0142tyku do 70 km\/h. W dzie\u0144 i wieczorem w porywach do 100-120 km\/h w Sudetach oraz do 140 km\/h w Karpatach. Na Ba\u0142tyku do 80-90 km\/h, sztorm. Na pozosta\u0142ym obszarze do 50-70 km\/h. W nocy wiatr SW lub SSW, 8-70 km\/h. W porywach do 120-150 km\/h w Karpatach oraz do 120-130 km\/h w Sudetach. Na Ba\u0142tyku do 80-110 km\/h, sztorm. Na pozosta\u0142ym obszarze do 40-55 km\/h. Szczeg\u00f3\u0142owy rozk\u0142ad pola wiatru na za\u0142\u0105czonych mapach.<\/p>\n<p>Ze szczeg\u00f3\u0142owym rozk\u0142adem prognostycznego pola temperatury powietrza, temperatury odczuwalnej, wilgotno\u015bci oraz innych p\u00f3l meteorologicznych, mo\u017cna zapozna\u0107 si\u0119 pod adresem cmm.imgw.pl.<\/p>\n<p>\u00a0<\/p>","protected":false},"excerpt":{"rendered":"<p>Komentarz do numerycznych prognoz pogody opracowany w Centrum Modelowania Meteorologicznego IMGW-PIB.<\/p>\n","protected":false},"author":3,"featured_media":0,"comment_status":"closed","ping_status":"open","sticky":false,"template":"","format":"standard","meta":{"ocean_post_layout":"","ocean_both_sidebars_style":"","ocean_both_sidebars_content_width":0,"ocean_both_sidebars_sidebars_width":0,"ocean_sidebar":"0","ocean_second_sidebar":"0","ocean_disable_margins":"enable","ocean_add_body_class":"","ocean_shortcode_before_top_bar":"","ocean_shortcode_after_top_bar":"","ocean_shortcode_before_header":"","ocean_shortcode_after_header":"","ocean_has_shortcode":"","ocean_shortcode_after_title":"","ocean_shortcode_before_footer_widgets":"","ocean_shortcode_after_footer_widgets":"","ocean_shortcode_before_footer_bottom":"","ocean_shortcode_after_footer_bottom":"","ocean_display_top_bar":"default","ocean_display_header":"default","ocean_header_style":"","ocean_center_header_left_menu":"0","ocean_custom_header_template":"0","ocean_custom_logo":0,"ocean_custom_retina_logo":0,"ocean_custom_logo_max_width":0,"ocean_custom_logo_tablet_max_width":0,"ocean_custom_logo_mobile_max_width":0,"ocean_custom_logo_max_height":0,"ocean_custom_logo_tablet_max_height":0,"ocean_custom_logo_mobile_max_height":0,"ocean_header_custom_menu":"0","ocean_menu_typo_font_family":"0","ocean_menu_typo_font_subset":"","ocean_menu_typo_font_size":0,"ocean_menu_typo_font_size_tablet":0,"ocean_menu_typo_font_size_mobile":0,"ocean_menu_typo_font_size_unit":"px","ocean_menu_typo_font_weight":"","ocean_menu_typo_font_weight_tablet":"","ocean_menu_typo_font_weight_mobile":"","ocean_menu_typo_transform":"","ocean_menu_typo_transform_tablet":"","ocean_menu_typo_transform_mobile":"","ocean_menu_typo_line_height":0,"ocean_menu_typo_line_height_tablet":0,"ocean_menu_typo_line_height_mobile":0,"ocean_menu_typo_line_height_unit":"","ocean_menu_typo_spacing":0,"ocean_menu_typo_spacing_tablet":0,"ocean_menu_typo_spacing_mobile":0,"ocean_menu_typo_spacing_unit":"","ocean_menu_link_color":"","ocean_menu_link_color_hover":"","ocean_menu_link_color_active":"","ocean_menu_link_background":"","ocean_menu_link_hover_background":"","ocean_menu_link_active_background":"","ocean_menu_social_links_bg":"","ocean_menu_social_hover_links_bg":"","ocean_menu_social_links_color":"","ocean_menu_social_hover_links_color":"","ocean_disable_title":"default","ocean_disable_heading":"default","ocean_post_title":"","ocean_post_subheading":"","ocean_post_title_style":"","ocean_post_title_background_color":"","ocean_post_title_background":0,"ocean_post_title_bg_image_position":"","ocean_post_title_bg_image_attachment":"","ocean_post_title_bg_image_repeat":"","ocean_post_title_bg_image_size":"","ocean_post_title_height":0,"ocean_post_title_bg_overlay":0.5,"ocean_post_title_bg_overlay_color":"","ocean_disable_breadcrumbs":"default","ocean_breadcrumbs_color":"","ocean_breadcrumbs_separator_color":"","ocean_breadcrumbs_links_color":"","ocean_breadcrumbs_links_hover_color":"","ocean_display_footer_widgets":"default","ocean_display_footer_bottom":"default","ocean_custom_footer_template":"0","ocean_post_oembed":"","ocean_post_self_hosted_media":"","ocean_post_video_embed":"","ocean_link_format":"","ocean_link_format_target":"self","ocean_quote_format":"","ocean_quote_format_link":"post","ocean_gallery_link_images":"on","ocean_gallery_id":[]},"categories":[93],"tags":[68,95,85,73,97,98,76,94,99,71,96,79],"yoast_head":"<!-- This site is optimized with the Yoast SEO plugin v19.5.1 - https:\/\/yoast.com\/wordpress\/plugins\/seo\/ -->\n<title>Komentarz do numerycznych prognoz pogody (13\/14.03.2023) - Laboratorium Modelowania Meteorologicznego CMOK IMGW-PIB<\/title>\n<meta name=\"description\" content=\"Komentarz do numerycznych prognoz pogody opracowany w Centrum Modelowania Meteorologicznego IMGW-PIB.\" \/>\n<meta name=\"robots\" content=\"index, follow, max-snippet:-1, max-image-preview:large, max-video-preview:-1\" \/>\n<link rel=\"canonical\" href=\"https:\/\/cmm.imgw.pl\/?p=25057\" \/>\n<meta property=\"og:locale\" content=\"pl_PL\" \/>\n<meta property=\"og:type\" content=\"article\" \/>\n<meta property=\"og:title\" content=\"Komentarz do numerycznych prognoz pogody (13\/14.03.2023)\" \/>\n<meta property=\"og:description\" content=\"Komentarz do numerycznych prognoz pogody opracowany w Centrum Modelowania Meteorologicznego IMGW-PIB\" \/>\n<meta property=\"og:url\" content=\"https:\/\/cmm.imgw.pl\/?p=25057\" \/>\n<meta property=\"og:site_name\" content=\"Laboratorium Modelowania Meteorologicznego CMOK IMGW-PIB\" \/>\n<meta property=\"article:publisher\" content=\"https:\/\/www.facebook.com\/Meteoimgw\/\" \/>\n<meta property=\"article:published_time\" content=\"2023-03-13T15:36:17+00:00\" \/>\n<meta property=\"article:modified_time\" content=\"2023-03-13T15:36:18+00:00\" \/>\n<meta property=\"og:image\" content=\"http:\/\/cmm.imgw.pl\/wp-content\/uploads\/2023\/02\/komentarz4.png\" \/>\n\t<meta property=\"og:image:width\" content=\"1280\" \/>\n\t<meta property=\"og:image:height\" content=\"720\" \/>\n\t<meta property=\"og:image:type\" content=\"image\/png\" \/>\n<meta name=\"author\" content=\"CMM\" \/>\n<meta name=\"twitter:card\" content=\"summary_large_image\" \/>\n<meta name=\"twitter:title\" content=\"Komentarz do numerycznych prognoz pogody (13\/14.03.2023)\" \/>\n<meta name=\"twitter:description\" content=\"Komentarz do numerycznych prognoz pogody opracowany w Centrum Modelowania Meteorologicznego IMGW-PIB\" \/>\n<meta name=\"twitter:image\" content=\"https:\/\/cmm.imgw.pl\/wp-content\/uploads\/2023\/02\/komentarz4.png\" \/>\n<meta name=\"twitter:creator\" content=\"@IMGW_CMM\" \/>\n<meta name=\"twitter:site\" content=\"@IMGW_CMM\" \/>\n<meta name=\"twitter:label1\" content=\"Napisane przez\" \/>\n\t<meta name=\"twitter:data1\" content=\"CMM\" \/>\n\t<meta name=\"twitter:label2\" content=\"Szacowany czas czytania\" \/>\n\t<meta name=\"twitter:data2\" content=\"26 minut\" \/>\n<script type=\"application\/ld+json\" class=\"yoast-schema-graph\">{\"@context\":\"https:\/\/schema.org\",\"@graph\":[{\"@type\":\"Article\",\"@id\":\"https:\/\/cmm.imgw.pl\/?p=25057#article\",\"isPartOf\":{\"@id\":\"https:\/\/cmm.imgw.pl\/?p=25057\"},\"author\":{\"name\":\"CMM\",\"@id\":\"https:\/\/cmm.imgw.pl\/#\/schema\/person\/a24a37fe434fe76b0f5791e6bd3fdb46\"},\"headline\":\"Komentarz do numerycznych prognoz pogody (13\/14.03.2023)\",\"datePublished\":\"2023-03-13T15:36:17+00:00\",\"dateModified\":\"2023-03-13T15:36:18+00:00\",\"mainEntityOfPage\":{\"@id\":\"https:\/\/cmm.imgw.pl\/?p=25057\"},\"wordCount\":1955,\"publisher\":{\"@id\":\"https:\/\/cmm.imgw.pl\/#organization\"},\"keywords\":[\"cmm\",\"Cosmo\",\"imgw\",\"klimat\",\"komentarz\",\"komentarz pogodowy\",\"meteorologia\",\"NMP\",\"NPP\",\"pogoda\",\"prognoza pogody\",\"zima\"],\"articleSection\":[\"Komentarz\"],\"inLanguage\":\"pl-PL\"},{\"@type\":\"WebPage\",\"@id\":\"https:\/\/cmm.imgw.pl\/?p=25057\",\"url\":\"https:\/\/cmm.imgw.pl\/?p=25057\",\"name\":\"Komentarz do numerycznych prognoz pogody (13\/14.03.2023) - Laboratorium Modelowania Meteorologicznego CMOK IMGW-PIB\",\"isPartOf\":{\"@id\":\"https:\/\/cmm.imgw.pl\/#website\"},\"datePublished\":\"2023-03-13T15:36:17+00:00\",\"dateModified\":\"2023-03-13T15:36:18+00:00\",\"description\":\"Komentarz do numerycznych prognoz pogody opracowany w Centrum Modelowania Meteorologicznego IMGW-PIB.\",\"breadcrumb\":{\"@id\":\"https:\/\/cmm.imgw.pl\/?p=25057#breadcrumb\"},\"inLanguage\":\"pl-PL\",\"potentialAction\":[{\"@type\":\"ReadAction\",\"target\":[\"https:\/\/cmm.imgw.pl\/?p=25057\"]}]},{\"@type\":\"BreadcrumbList\",\"@id\":\"https:\/\/cmm.imgw.pl\/?p=25057#breadcrumb\",\"itemListElement\":[{\"@type\":\"ListItem\",\"position\":1,\"name\":\"Home\",\"item\":\"https:\/\/cmm.imgw.pl\/\"},{\"@type\":\"ListItem\",\"position\":2,\"name\":\"Komentarz do numerycznych prognoz pogody (13\/14.03.2023)\"}]},{\"@type\":\"WebSite\",\"@id\":\"https:\/\/cmm.imgw.pl\/#website\",\"url\":\"https:\/\/cmm.imgw.pl\/\",\"name\":\"Laboratorium Modelowania Meteorologicznego CMOK IMGW-PIB\",\"description\":\"CMOK-LMM Laboratorium pe\u0142ni pa\u0144stwow\u0105 s\u0142u\u017cb\u0119 hydrologiczno-meteorologiczn\u0105 w zakresie numerycznych prognoz pogody, kt\u00f3rego zadaniem jest konsolidacja kompetencji w obszarze modelowania zjawisk pogodowych oraz dalszego rozwoju numerycznych modeli pogody (NMP).\",\"publisher\":{\"@id\":\"https:\/\/cmm.imgw.pl\/#organization\"},\"potentialAction\":[{\"@type\":\"SearchAction\",\"target\":{\"@type\":\"EntryPoint\",\"urlTemplate\":\"https:\/\/cmm.imgw.pl\/?s={search_term_string}\"},\"query-input\":\"required name=search_term_string\"}],\"inLanguage\":\"pl-PL\"},{\"@type\":\"Organization\",\"@id\":\"https:\/\/cmm.imgw.pl\/#organization\",\"name\":\"Laboratorium Modelowania Meteorologicznego CMOK IMGW-PIB\",\"url\":\"https:\/\/cmm.imgw.pl\/\",\"sameAs\":[\"https:\/\/www.facebook.com\/Meteoimgw\/\",\"https:\/\/twitter.com\/IMGW_CMM\"],\"logo\":{\"@type\":\"ImageObject\",\"inLanguage\":\"pl-PL\",\"@id\":\"https:\/\/cmm.imgw.pl\/#\/schema\/logo\/image\/\",\"url\":\"https:\/\/cmm.imgw.pl\/wp-content\/uploads\/2025\/10\/MODELE_LOGO_UNIFIKACJA_v2.png\",\"contentUrl\":\"https:\/\/cmm.imgw.pl\/wp-content\/uploads\/2025\/10\/MODELE_LOGO_UNIFIKACJA_v2.png\",\"width\":1356,\"height\":365,\"caption\":\"Laboratorium Modelowania Meteorologicznego CMOK IMGW-PIB\"},\"image\":{\"@id\":\"https:\/\/cmm.imgw.pl\/#\/schema\/logo\/image\/\"}},{\"@type\":\"Person\",\"@id\":\"https:\/\/cmm.imgw.pl\/#\/schema\/person\/a24a37fe434fe76b0f5791e6bd3fdb46\",\"name\":\"CMM\",\"image\":{\"@type\":\"ImageObject\",\"inLanguage\":\"pl-PL\",\"@id\":\"https:\/\/cmm.imgw.pl\/#\/schema\/person\/image\/\",\"url\":\"https:\/\/secure.gravatar.com\/avatar\/9248ea2273711f1cd09d6bd45867dbfb?s=96&d=blank&r=g\",\"contentUrl\":\"https:\/\/secure.gravatar.com\/avatar\/9248ea2273711f1cd09d6bd45867dbfb?s=96&d=blank&r=g\",\"caption\":\"CMM\"},\"sameAs\":[\"http:\/\/cmm.imgw.pl\"],\"url\":\"https:\/\/cmm.imgw.pl\/?author=3\"}]}<\/script>\n<!-- \/ Yoast SEO plugin. -->","yoast_head_json":{"title":"Komentarz do numerycznych prognoz pogody (13\/14.03.2023) - Laboratorium Modelowania Meteorologicznego CMOK IMGW-PIB","description":"Komentarz do numerycznych prognoz pogody opracowany w Centrum Modelowania Meteorologicznego IMGW-PIB.","robots":{"index":"index","follow":"follow","max-snippet":"max-snippet:-1","max-image-preview":"max-image-preview:large","max-video-preview":"max-video-preview:-1"},"canonical":"https:\/\/cmm.imgw.pl\/?p=25057","og_locale":"pl_PL","og_type":"article","og_title":"Komentarz do numerycznych prognoz pogody (13\/14.03.2023)","og_description":"Komentarz do numerycznych prognoz pogody opracowany w Centrum Modelowania Meteorologicznego IMGW-PIB","og_url":"https:\/\/cmm.imgw.pl\/?p=25057","og_site_name":"Laboratorium Modelowania Meteorologicznego CMOK IMGW-PIB","article_publisher":"https:\/\/www.facebook.com\/Meteoimgw\/","article_published_time":"2023-03-13T15:36:17+00:00","article_modified_time":"2023-03-13T15:36:18+00:00","og_image":[{"width":1280,"height":720,"url":"http:\/\/cmm.imgw.pl\/wp-content\/uploads\/2023\/02\/komentarz4.png","type":"image\/png"}],"author":"CMM","twitter_card":"summary_large_image","twitter_title":"Komentarz do numerycznych prognoz pogody (13\/14.03.2023)","twitter_description":"Komentarz do numerycznych prognoz pogody opracowany w Centrum Modelowania Meteorologicznego IMGW-PIB","twitter_image":"https:\/\/cmm.imgw.pl\/wp-content\/uploads\/2023\/02\/komentarz4.png","twitter_creator":"@IMGW_CMM","twitter_site":"@IMGW_CMM","twitter_misc":{"Napisane przez":"CMM","Szacowany czas czytania":"26 minut"},"schema":{"@context":"https:\/\/schema.org","@graph":[{"@type":"Article","@id":"https:\/\/cmm.imgw.pl\/?p=25057#article","isPartOf":{"@id":"https:\/\/cmm.imgw.pl\/?p=25057"},"author":{"name":"CMM","@id":"https:\/\/cmm.imgw.pl\/#\/schema\/person\/a24a37fe434fe76b0f5791e6bd3fdb46"},"headline":"Komentarz do numerycznych prognoz pogody (13\/14.03.2023)","datePublished":"2023-03-13T15:36:17+00:00","dateModified":"2023-03-13T15:36:18+00:00","mainEntityOfPage":{"@id":"https:\/\/cmm.imgw.pl\/?p=25057"},"wordCount":1955,"publisher":{"@id":"https:\/\/cmm.imgw.pl\/#organization"},"keywords":["cmm","Cosmo","imgw","klimat","komentarz","komentarz pogodowy","meteorologia","NMP","NPP","pogoda","prognoza pogody","zima"],"articleSection":["Komentarz"],"inLanguage":"pl-PL"},{"@type":"WebPage","@id":"https:\/\/cmm.imgw.pl\/?p=25057","url":"https:\/\/cmm.imgw.pl\/?p=25057","name":"Komentarz do numerycznych prognoz pogody (13\/14.03.2023) - Laboratorium Modelowania Meteorologicznego CMOK IMGW-PIB","isPartOf":{"@id":"https:\/\/cmm.imgw.pl\/#website"},"datePublished":"2023-03-13T15:36:17+00:00","dateModified":"2023-03-13T15:36:18+00:00","description":"Komentarz do numerycznych prognoz pogody opracowany w Centrum Modelowania Meteorologicznego IMGW-PIB.","breadcrumb":{"@id":"https:\/\/cmm.imgw.pl\/?p=25057#breadcrumb"},"inLanguage":"pl-PL","potentialAction":[{"@type":"ReadAction","target":["https:\/\/cmm.imgw.pl\/?p=25057"]}]},{"@type":"BreadcrumbList","@id":"https:\/\/cmm.imgw.pl\/?p=25057#breadcrumb","itemListElement":[{"@type":"ListItem","position":1,"name":"Home","item":"https:\/\/cmm.imgw.pl\/"},{"@type":"ListItem","position":2,"name":"Komentarz do numerycznych prognoz pogody (13\/14.03.2023)"}]},{"@type":"WebSite","@id":"https:\/\/cmm.imgw.pl\/#website","url":"https:\/\/cmm.imgw.pl\/","name":"Laboratorium Modelowania Meteorologicznego CMOK IMGW-PIB","description":"CMOK-LMM Laboratorium pe\u0142ni pa\u0144stwow\u0105 s\u0142u\u017cb\u0119 hydrologiczno-meteorologiczn\u0105 w zakresie numerycznych prognoz pogody, kt\u00f3rego zadaniem jest konsolidacja kompetencji w obszarze modelowania zjawisk pogodowych oraz dalszego rozwoju numerycznych modeli pogody (NMP).","publisher":{"@id":"https:\/\/cmm.imgw.pl\/#organization"},"potentialAction":[{"@type":"SearchAction","target":{"@type":"EntryPoint","urlTemplate":"https:\/\/cmm.imgw.pl\/?s={search_term_string}"},"query-input":"required name=search_term_string"}],"inLanguage":"pl-PL"},{"@type":"Organization","@id":"https:\/\/cmm.imgw.pl\/#organization","name":"Laboratorium Modelowania Meteorologicznego CMOK IMGW-PIB","url":"https:\/\/cmm.imgw.pl\/","sameAs":["https:\/\/www.facebook.com\/Meteoimgw\/","https:\/\/twitter.com\/IMGW_CMM"],"logo":{"@type":"ImageObject","inLanguage":"pl-PL","@id":"https:\/\/cmm.imgw.pl\/#\/schema\/logo\/image\/","url":"https:\/\/cmm.imgw.pl\/wp-content\/uploads\/2025\/10\/MODELE_LOGO_UNIFIKACJA_v2.png","contentUrl":"https:\/\/cmm.imgw.pl\/wp-content\/uploads\/2025\/10\/MODELE_LOGO_UNIFIKACJA_v2.png","width":1356,"height":365,"caption":"Laboratorium Modelowania Meteorologicznego CMOK IMGW-PIB"},"image":{"@id":"https:\/\/cmm.imgw.pl\/#\/schema\/logo\/image\/"}},{"@type":"Person","@id":"https:\/\/cmm.imgw.pl\/#\/schema\/person\/a24a37fe434fe76b0f5791e6bd3fdb46","name":"CMM","image":{"@type":"ImageObject","inLanguage":"pl-PL","@id":"https:\/\/cmm.imgw.pl\/#\/schema\/person\/image\/","url":"https:\/\/secure.gravatar.com\/avatar\/9248ea2273711f1cd09d6bd45867dbfb?s=96&d=blank&r=g","contentUrl":"https:\/\/secure.gravatar.com\/avatar\/9248ea2273711f1cd09d6bd45867dbfb?s=96&d=blank&r=g","caption":"CMM"},"sameAs":["http:\/\/cmm.imgw.pl"],"url":"https:\/\/cmm.imgw.pl\/?author=3"}]}},"_links":{"self":[{"href":"https:\/\/cmm.imgw.pl\/index.php?rest_route=\/wp\/v2\/posts\/25057"}],"collection":[{"href":"https:\/\/cmm.imgw.pl\/index.php?rest_route=\/wp\/v2\/posts"}],"about":[{"href":"https:\/\/cmm.imgw.pl\/index.php?rest_route=\/wp\/v2\/types\/post"}],"author":[{"embeddable":true,"href":"https:\/\/cmm.imgw.pl\/index.php?rest_route=\/wp\/v2\/users\/3"}],"replies":[{"embeddable":true,"href":"https:\/\/cmm.imgw.pl\/index.php?rest_route=%2Fwp%2Fv2%2Fcomments&post=25057"}],"version-history":[{"count":2,"href":"https:\/\/cmm.imgw.pl\/index.php?rest_route=\/wp\/v2\/posts\/25057\/revisions"}],"predecessor-version":[{"id":25135,"href":"https:\/\/cmm.imgw.pl\/index.php?rest_route=\/wp\/v2\/posts\/25057\/revisions\/25135"}],"wp:attachment":[{"href":"https:\/\/cmm.imgw.pl\/index.php?rest_route=%2Fwp%2Fv2%2Fmedia&parent=25057"}],"wp:term":[{"taxonomy":"category","embeddable":true,"href":"https:\/\/cmm.imgw.pl\/index.php?rest_route=%2Fwp%2Fv2%2Fcategories&post=25057"},{"taxonomy":"post_tag","embeddable":true,"href":"https:\/\/cmm.imgw.pl\/index.php?rest_route=%2Fwp%2Fv2%2Ftags&post=25057"}],"curies":[{"name":"wp","href":"https:\/\/api.w.org\/{rel}","templated":true}]}}