{"id":24590,"date":"2023-03-09T17:26:02","date_gmt":"2023-03-09T16:26:02","guid":{"rendered":"https:\/\/cmm.imgw.pl\/?p=24590"},"modified":"2023-03-09T17:27:16","modified_gmt":"2023-03-09T16:27:16","slug":"komentarz-do-numerycznych-prognoz-pogody-09-10-03-2023","status":"publish","type":"post","link":"https:\/\/cmm.imgw.pl\/?p=24590","title":{"rendered":"Komentarz do numerycznych prognoz pogody (09\/10.03.2023)"},"content":{"rendered":"\n<figure class=\"wp-block-image size-large\"><img loading=\"lazy\" width=\"1024\" height=\"576\" src=\"https:\/\/cmm.imgw.pl\/wp-content\/uploads\/2023\/03\/komentarz4-1-1024x576.png\" alt=\"\" class=\"wp-image-23617\" srcset=\"https:\/\/cmm.imgw.pl\/wp-content\/uploads\/2023\/03\/komentarz4-1-1024x576.png 1024w, https:\/\/cmm.imgw.pl\/wp-content\/uploads\/2023\/03\/komentarz4-1-300x169.png 300w, https:\/\/cmm.imgw.pl\/wp-content\/uploads\/2023\/03\/komentarz4-1-768x432.png 768w, https:\/\/cmm.imgw.pl\/wp-content\/uploads\/2023\/03\/komentarz4-1-800x450.png 800w, https:\/\/cmm.imgw.pl\/wp-content\/uploads\/2023\/03\/komentarz4-1.png 1280w\" sizes=\"(max-width: 1024px) 100vw, 1024px\" \/><\/figure>\n\n\n\n<p><em>Tre\u015b\u0107 komentarza do numerycznych prognoz meteorologicznych stanowi niezale\u017cne od biura prognoz meteorologicznych opracowanie wykonane w Centrum Modelowania Meteorologicznego i nie stanowi oficjalnej prognozy synoptycznej IMGW-PIB.<\/em><\/p>\n\n\n\n<p><strong>Opracowanie:<\/strong><\/p>\n\n\n\n<p><strong>dr&nbsp;Grzegorz&nbsp;Duniec, <a href=\"https:\/\/cmm.imgw.pl\/\" target=\"_blank\" rel=\"noreferrer noopener\"><mark style=\"background-color:rgba(0, 0, 0, 0)\" class=\"has-inline-color has-vivid-cyan-blue-color\">Centrum Modelowania Meteorologicznego IMGW-PIB<\/mark><\/a><\/strong><\/p>\n\n\n<p><strong>Opis aktualnej sytuacji meteorologicznej w kraju i Europie<\/strong><\/p>\n<p><img loading=\"lazy\" width=\"1385\" height=\"983\" class=\"wp-image-24594 aligncenter\" src=\"http:\/\/cmm.imgw.pl\/wp-content\/uploads\/2023\/03\/word-image-24590-1.png\" srcset=\"https:\/\/cmm.imgw.pl\/wp-content\/uploads\/2023\/03\/word-image-24590-1.png 1385w, https:\/\/cmm.imgw.pl\/wp-content\/uploads\/2023\/03\/word-image-24590-1-300x213.png 300w, https:\/\/cmm.imgw.pl\/wp-content\/uploads\/2023\/03\/word-image-24590-1-1024x727.png 1024w, https:\/\/cmm.imgw.pl\/wp-content\/uploads\/2023\/03\/word-image-24590-1-768x545.png 768w\" sizes=\"(max-width: 1385px) 100vw, 1385px\" \/><\/p>\n<p>Ni\u017c znad Ba\u0142tyku przemie\u015bci\u0142 si\u0119 w kierunku NE i teraz jego o\u015brodek 983,9 hPa znajduje si\u0119 nad p\u00f3\u0142nocno zachodni\u0105 Rosj\u0105. Ni\u017c si\u0119 wype\u0142nia. Nad Atlantykiem, na zach\u00f3d od Wielkiej Brytanii, zalega uk\u0142ad niskiego ci\u015bnienia, z centrum 975,2 hPa. Oba wiry cykloniczne po\u0142\u0105czone s\u0105 rozleg\u0142\u0105 zatok\u0105, w kt\u00f3rej znajduje si\u0119 pofalowany front atmosferyczny. Pogod\u0119 w Polsce kszta\u0142tuje front ciep\u0142y znajduj\u0105cy si\u0119 nad po\u0142udniow\u0105 Polsk\u0105. Nad Morzem Barentsa zalega kolejny uk\u0142ad niskiego ci\u015bnienia z centrum 972,1 hPa. W zatoce znajduje si\u0119 front okluzji-ciep\u0142y-ch\u0142odny rozci\u0105gaj\u0105cy si\u0119 od Morza Barentsa, przez p\u00f3\u0142nocny obszar Skandynawii po Morze Norweskie. Nad Atlantykiem, w zasi\u0119gu mapy synoptycznej, znajduje si\u0119 kolejny g\u0142\u0119boki uk\u0142ad niskiego ci\u015bnienia, z centrum 960 hPa. Nad Azorami i p\u00f3\u0142nocn\u0105 Afryk\u0105 dwa o\u015brodki antycykloniczne z centrum 1020 hPa oraz 1020,6 hPa.<\/p>\n<p><strong>Analiza pola barycznego na wy\u017cszych poziomach izobarycznych<\/strong><\/p>\n<p><img loading=\"lazy\" width=\"557\" height=\"497\" class=\"wp-image-24595 aligncenter\" src=\"http:\/\/cmm.imgw.pl\/wp-content\/uploads\/2023\/03\/word-image-24590-2.png\" srcset=\"https:\/\/cmm.imgw.pl\/wp-content\/uploads\/2023\/03\/word-image-24590-2.png 557w, https:\/\/cmm.imgw.pl\/wp-content\/uploads\/2023\/03\/word-image-24590-2-300x268.png 300w\" sizes=\"(max-width: 557px) 100vw, 557px\" \/> <img loading=\"lazy\" width=\"558\" height=\"501\" class=\"wp-image-24596 aligncenter\" src=\"http:\/\/cmm.imgw.pl\/wp-content\/uploads\/2023\/03\/word-image-24590-3.png\" srcset=\"https:\/\/cmm.imgw.pl\/wp-content\/uploads\/2023\/03\/word-image-24590-3.png 558w, https:\/\/cmm.imgw.pl\/wp-content\/uploads\/2023\/03\/word-image-24590-3-300x269.png 300w\" sizes=\"(max-width: 558px) 100vw, 558px\" \/> <img loading=\"lazy\" width=\"558\" height=\"504\" class=\"wp-image-24597 aligncenter\" src=\"http:\/\/cmm.imgw.pl\/wp-content\/uploads\/2023\/03\/word-image-24590-4.png\" srcset=\"https:\/\/cmm.imgw.pl\/wp-content\/uploads\/2023\/03\/word-image-24590-4.png 558w, https:\/\/cmm.imgw.pl\/wp-content\/uploads\/2023\/03\/word-image-24590-4-300x271.png 300w\" sizes=\"(max-width: 558px) 100vw, 558px\" \/> <img loading=\"lazy\" width=\"572\" height=\"509\" class=\"wp-image-24598 aligncenter\" src=\"http:\/\/cmm.imgw.pl\/wp-content\/uploads\/2023\/03\/word-image-24590-5.png\" srcset=\"https:\/\/cmm.imgw.pl\/wp-content\/uploads\/2023\/03\/word-image-24590-5.png 572w, https:\/\/cmm.imgw.pl\/wp-content\/uploads\/2023\/03\/word-image-24590-5-300x267.png 300w\" sizes=\"(max-width: 572px) 100vw, 572px\" \/><\/p>\n<p><img loading=\"lazy\" width=\"553\" height=\"391\" class=\"wp-image-24599 aligncenter\" src=\"http:\/\/cmm.imgw.pl\/wp-content\/uploads\/2023\/03\/word-image-24590-6.png\" srcset=\"https:\/\/cmm.imgw.pl\/wp-content\/uploads\/2023\/03\/word-image-24590-6.png 553w, https:\/\/cmm.imgw.pl\/wp-content\/uploads\/2023\/03\/word-image-24590-6-300x212.png 300w\" sizes=\"(max-width: 553px) 100vw, 553px\" \/> <img loading=\"lazy\" width=\"556\" height=\"385\" class=\"wp-image-24600 aligncenter\" src=\"http:\/\/cmm.imgw.pl\/wp-content\/uploads\/2023\/03\/word-image-24590-7.png\" srcset=\"https:\/\/cmm.imgw.pl\/wp-content\/uploads\/2023\/03\/word-image-24590-7.png 556w, https:\/\/cmm.imgw.pl\/wp-content\/uploads\/2023\/03\/word-image-24590-7-300x208.png 300w\" sizes=\"(max-width: 556px) 100vw, 556px\" \/> <img loading=\"lazy\" width=\"613\" height=\"427\" class=\"wp-image-24601 aligncenter\" src=\"http:\/\/cmm.imgw.pl\/wp-content\/uploads\/2023\/03\/word-image-24590-8.png\" srcset=\"https:\/\/cmm.imgw.pl\/wp-content\/uploads\/2023\/03\/word-image-24590-8.png 613w, https:\/\/cmm.imgw.pl\/wp-content\/uploads\/2023\/03\/word-image-24590-8-300x209.png 300w\" sizes=\"(max-width: 613px) 100vw, 613px\" \/><\/p>\n<p>Z analizy g\u00f3rnego pola ci\u015bnienia wynika, \u017ce ni\u017c znad p\u00f3\u0142nocno zachodniej Rosji jest zaznaczony na wysoko\u015bci 1,5 km. G\u0142\u0119boko\u015b\u0107 wiru cyklonicznego wynosi 113 gpdam i znajduje si\u0119 w obr\u0119bie wiru cyklonicznego znad Morza Barentsa, kt\u00f3rego g\u0142\u0119boko\u015b\u0107 wynosi 104 gpdam. Na wy\u017cszych poziomach ni\u017c zaznaczony poprzez ugi\u0119te izohipsy w kszta\u0142cie zatoki. G\u0142\u0119boko\u015b\u0107 wiru cyklonicznego, znad Morza Barentsa, wynosi odpowiednio 473 gpdam na wysoko\u015bci 5,5 km oraz 812 gpdam na wysoko\u015bci 9km. G\u0142\u0119boki ni\u017c znad Atlantyku rozbudowany jest w pionie i dobrze widoczny na wy\u017cszych poziomach izobarycznych. Ni\u017c znad Atlantyku, znajduj\u0105cy si\u0119 w pobli\u017cu Anglii rozbudowany do poziomu 3 km. Jego g\u0142\u0119boko\u015b\u0107 na poszczeg\u00f3lnych poziomach wynosi: 120 gpdam na wysoko\u015bci 1,5 km, 272 gpdam na wysoko\u015bci 3 km.<\/p>\n<p>Nad Europ\u0105 wschodni\u0105, centraln\u0105 (w tym i Polsk\u0105), Europ\u0105 zachodni\u0105 oraz nad Anglia wyst\u0119puje obszar du\u017cych zag\u0119szcze\u0144 izohips oraz izoterm, wskazuj\u0105cy na wyst\u0119powanie stref du\u017cych pr\u0119dko\u015bci oraz pr\u0105d\u00f3w strumieniowych. Nad Ba\u0142tykiem zalega o\u015b pr\u0105du strumieniowego na wysoko\u015bci FL290 (8839 m), z maksymaln\u0105 pr\u0119dko\u015bci\u0105 w osi pr\u0105du 50 m\/s. W rejonie Oslo tropopauza wykazuje obni\u017cenie do wysoko\u015bci FL180 (5486 m) (tzw. ni\u017c tropopauzy).<\/p>\n<p><img loading=\"lazy\" width=\"2156\" height=\"1728\" class=\"wp-image-24602 aligncenter\" src=\"http:\/\/cmm.imgw.pl\/wp-content\/uploads\/2023\/03\/word-image-24590-9.png\" srcset=\"https:\/\/cmm.imgw.pl\/wp-content\/uploads\/2023\/03\/word-image-24590-9.png 2156w, https:\/\/cmm.imgw.pl\/wp-content\/uploads\/2023\/03\/word-image-24590-9-300x240.png 300w, https:\/\/cmm.imgw.pl\/wp-content\/uploads\/2023\/03\/word-image-24590-9-1024x821.png 1024w, https:\/\/cmm.imgw.pl\/wp-content\/uploads\/2023\/03\/word-image-24590-9-768x616.png 768w, https:\/\/cmm.imgw.pl\/wp-content\/uploads\/2023\/03\/word-image-24590-9-1536x1231.png 1536w, https:\/\/cmm.imgw.pl\/wp-content\/uploads\/2023\/03\/word-image-24590-9-2048x1641.png 2048w\" sizes=\"(max-width: 2156px) 100vw, 2156px\" \/><\/p>\n<p>Wysoko\u015b\u0107 tropopauzy nad Polsk\u0105 wynosi FL300 (9144 m).<\/p>\n<p><strong>Rozw\u00f3j sytuacji barycznej nad Europ\u0105 w horyzoncie 24 godzin<\/strong><\/p>\n<p><img loading=\"lazy\" width=\"1075\" height=\"764\" class=\"wp-image-24603 aligncenter\" src=\"http:\/\/cmm.imgw.pl\/wp-content\/uploads\/2023\/03\/word-image-24590-10.gif\"> <img loading=\"lazy\" width=\"1075\" height=\"764\" class=\"wp-image-24607 aligncenter\" src=\"http:\/\/cmm.imgw.pl\/wp-content\/uploads\/2023\/03\/word-image-24590-11.gif\"><\/p>\n<p>Ni\u017c znad p\u00f3\u0142nocno zachodniej Rosji b\u0119dzie wype\u0142nia\u0142 si\u0119 i przemieszcza\u0142 w kierunku p\u00f3\u0142nocno wschodnim. Od p\u00f3\u0142nocno zachodniej Rosji, przez Ukrain\u0119, po\u0142udniow\u0105\/centraln\u0105 Polsk\u0119, Niemcy a\u017c po Angli\u0119 rozci\u0105ga\u0142 si\u0119 b\u0119dzie front atmosferyczny. Ni\u017c znad Anglii przemie\u015bci si\u0119 na wsch\u00f3d i jutro centrum b\u0119dzie zalega\u0142o nad Holandi\u0105. Ni\u017c b\u0119dzie si\u0119 wype\u0142nia\u0142. G\u0142\u0119boki wir cykloniczny nad Atlantykiem nieznacznie si\u0119 wype\u0142ni. Jego g\u0142\u0119boko\u015b\u0107 zmaleje z 960 hPa do 965 hPa. Nad Azorami zacznie umacnia\u0107 si\u0119 wy\u017c. Jutro jego centrum, 1025 hPa, powinno dotrze\u0107 do Portugalii. Wy\u017c nad Grenlandi\u0105 os\u0142abnie. Nad \u0141otw\u0105 utworzy si\u0119 wy\u017c, kt\u00f3rego centrum przemie\u015bci si\u0119 nieznacznie na wsch\u00f3d. Front okluzji-ciep\u0142y-ch\u0142odny rozci\u0105gaj\u0105cy si\u0119 od Morza Barentsa, przez p\u00f3\u0142nocny obszar Skandynawii po Morze Norweskie ulegnie frontolizie i zaniknie. Na froncie \u0142\u0105cz\u0105cym oba uk\u0142ady cyklonalne (znad NW Rosji i Anglii) dojdzie do cyklogenezy i utworzenia p\u0142ytkiego ni\u017cu z centrum 995 hPa nad zachodni\u0105 Rosj\u0105. Ni\u017c pog\u0142\u0119bi si\u0119, a jego centrum b\u0119dzie porusza\u0142o si\u0119 po \u0142uku NE-&gt;N.<\/p>\n<p><strong>Analiza prognostycznego pola geopotencja\u0142u na wy\u017cszych poziomach izobarycznych w horyzoncie 24 godzin. <\/strong><\/p>\n<p><strong><img loading=\"lazy\" width=\"696\" height=\"487\" class=\"wp-image-24608 aligncenter\" src=\"http:\/\/cmm.imgw.pl\/wp-content\/uploads\/2023\/03\/word-image-24590-12.png\" srcset=\"https:\/\/cmm.imgw.pl\/wp-content\/uploads\/2023\/03\/word-image-24590-12.png 696w, https:\/\/cmm.imgw.pl\/wp-content\/uploads\/2023\/03\/word-image-24590-12-300x210.png 300w\" sizes=\"(max-width: 696px) 100vw, 696px\" \/><img loading=\"lazy\" width=\"696\" height=\"484\" class=\"wp-image-24609 aligncenter\" src=\"http:\/\/cmm.imgw.pl\/wp-content\/uploads\/2023\/03\/word-image-24590-13.png\" srcset=\"https:\/\/cmm.imgw.pl\/wp-content\/uploads\/2023\/03\/word-image-24590-13.png 696w, https:\/\/cmm.imgw.pl\/wp-content\/uploads\/2023\/03\/word-image-24590-13-300x209.png 300w\" sizes=\"(max-width: 696px) 100vw, 696px\" \/><img loading=\"lazy\" width=\"696\" height=\"484\" class=\"wp-image-24610 aligncenter\" src=\"http:\/\/cmm.imgw.pl\/wp-content\/uploads\/2023\/03\/word-image-24590-14.png\" srcset=\"https:\/\/cmm.imgw.pl\/wp-content\/uploads\/2023\/03\/word-image-24590-14.png 696w, https:\/\/cmm.imgw.pl\/wp-content\/uploads\/2023\/03\/word-image-24590-14-300x209.png 300w\" sizes=\"(max-width: 696px) 100vw, 696px\" \/><img loading=\"lazy\" width=\"694\" height=\"486\" class=\"wp-image-24611 aligncenter\" src=\"http:\/\/cmm.imgw.pl\/wp-content\/uploads\/2023\/03\/word-image-24590-15.png\" srcset=\"https:\/\/cmm.imgw.pl\/wp-content\/uploads\/2023\/03\/word-image-24590-15.png 694w, https:\/\/cmm.imgw.pl\/wp-content\/uploads\/2023\/03\/word-image-24590-15-300x210.png 300w\" sizes=\"(max-width: 694px) 100vw, 694px\" \/><img loading=\"lazy\" width=\"694\" height=\"492\" class=\"wp-image-24612 aligncenter\" src=\"http:\/\/cmm.imgw.pl\/wp-content\/uploads\/2023\/03\/word-image-24590-16.png\" srcset=\"https:\/\/cmm.imgw.pl\/wp-content\/uploads\/2023\/03\/word-image-24590-16.png 694w, https:\/\/cmm.imgw.pl\/wp-content\/uploads\/2023\/03\/word-image-24590-16-300x213.png 300w\" sizes=\"(max-width: 694px) 100vw, 694px\" \/><img loading=\"lazy\" width=\"692\" height=\"487\" class=\"wp-image-24613 aligncenter\" src=\"http:\/\/cmm.imgw.pl\/wp-content\/uploads\/2023\/03\/word-image-24590-17.png\" srcset=\"https:\/\/cmm.imgw.pl\/wp-content\/uploads\/2023\/03\/word-image-24590-17.png 692w, https:\/\/cmm.imgw.pl\/wp-content\/uploads\/2023\/03\/word-image-24590-17-300x211.png 300w\" sizes=\"(max-width: 692px) 100vw, 692px\" \/><\/strong><\/p>\n<p>Ni\u017c z rejonu Irlandii rozbudowany w pionie. W ci\u0105gu najbli\u017cszych 24 godzin nadal b\u0119dzie si\u0119 wype\u0142nia\u0142. G\u0142\u0119boko\u015b\u0107 wiru cyklonicznego wzd\u0142u\u017c jego osi zmaleje ze 114 gpdam do 121 gpdam na wysoko\u015bci 1,5km. Na wysoko\u015bci 500 hPa, nad tyln\u0105 cz\u0119\u015bci\u0105 dolnego cyklonu, wyst\u0105pi gi\u0119cie izohips w kszta\u0142cie zatoki oraz zag\u0119szczenie izohips przesuni\u0119te na SW w kierunku cieplejszej cz\u0119\u015bci dolnego cyklonu. Wir cykloniczny znad Morza Barentsa widoczny na wy\u017cszych poziomach i b\u0119dzie si\u0119 wype\u0142nia\u0142. Wysoko\u015b\u0107 powierzchni izobarycznych b\u0119dzie zwi\u0119ksza\u0142a si\u0119 zmniejszaj\u0105c g\u0142\u0119boko\u015b\u0107 leju utworzonego przez wygi\u0119te powierzchnie izobaryczne ze 102 na 104 gpdam na wysoko\u015bci 1,5 km, z 474 gpdam na 482 gpdam na wysoko\u015bci 5,5 km oraz z 813 gpdam na 818 gpdam na wysoko\u015bci 9km. Wir cykloniczny znad Atlantyku rozbudowany w pionie i dobrze widoczny na wy\u017cszych poziomach izobarycznych. Proces wype\u0142niania obejmie dolny i \u015brodkowy poziom troposfery. W tym obszarze g\u0142\u0119boko\u015b\u0107 wiru cyklonicznego zacznie male\u0107 z 97 gpdam na 105 gpdam na wysoko\u015bci 1,5km oraz z 509 gpdam na 512 gpdam na wysoko\u015bci 5,5 km. W g\u00f3rnych warstwach troposfery ni\u017c b\u0119dzie si\u0119 nadal pog\u0142\u0119bia\u0142 i g\u0142\u0119boko\u015b\u0107 wiru wzro\u015bnie (obni\u017c\u0105 si\u0119 powierzchnie izobaryczne) z 864 gpdam na 862 gpdam na wysoko\u015bci 9 km.<\/p>\n<p>Europa p\u00f3\u0142nocno wschodnia, zachodnia, po\u0142udniowa oraz Atlantyk w obszarze zwi\u0119kszonych gradient\u00f3w geopotencja\u0142u oraz temperatury, zatem nale\u017cy spodziewa\u0107 si\u0119 zwi\u0119kszonej pr\u0119dko\u015bci wiatru oraz pr\u0105d\u00f3w strumieniowych.<\/p>\n<p><img loading=\"lazy\" width=\"2156\" height=\"1728\" class=\"wp-image-24614 aligncenter\" src=\"http:\/\/cmm.imgw.pl\/wp-content\/uploads\/2023\/03\/word-image-24590-18.png\" srcset=\"https:\/\/cmm.imgw.pl\/wp-content\/uploads\/2023\/03\/word-image-24590-18.png 2156w, https:\/\/cmm.imgw.pl\/wp-content\/uploads\/2023\/03\/word-image-24590-18-300x240.png 300w, https:\/\/cmm.imgw.pl\/wp-content\/uploads\/2023\/03\/word-image-24590-18-1024x821.png 1024w, https:\/\/cmm.imgw.pl\/wp-content\/uploads\/2023\/03\/word-image-24590-18-768x616.png 768w, https:\/\/cmm.imgw.pl\/wp-content\/uploads\/2023\/03\/word-image-24590-18-1536x1231.png 1536w, https:\/\/cmm.imgw.pl\/wp-content\/uploads\/2023\/03\/word-image-24590-18-2048x1641.png 2048w\" sizes=\"(max-width: 2156px) 100vw, 2156px\" \/> <img loading=\"lazy\" width=\"2156\" height=\"1728\" class=\"wp-image-24615 aligncenter\" src=\"http:\/\/cmm.imgw.pl\/wp-content\/uploads\/2023\/03\/word-image-24590-19.png\" srcset=\"https:\/\/cmm.imgw.pl\/wp-content\/uploads\/2023\/03\/word-image-24590-19.png 2156w, https:\/\/cmm.imgw.pl\/wp-content\/uploads\/2023\/03\/word-image-24590-19-300x240.png 300w, https:\/\/cmm.imgw.pl\/wp-content\/uploads\/2023\/03\/word-image-24590-19-1024x821.png 1024w, https:\/\/cmm.imgw.pl\/wp-content\/uploads\/2023\/03\/word-image-24590-19-768x616.png 768w, https:\/\/cmm.imgw.pl\/wp-content\/uploads\/2023\/03\/word-image-24590-19-1536x1231.png 1536w, https:\/\/cmm.imgw.pl\/wp-content\/uploads\/2023\/03\/word-image-24590-19-2048x1641.png 2048w\" sizes=\"(max-width: 2156px) 100vw, 2156px\" \/> <img loading=\"lazy\" width=\"2156\" height=\"1728\" class=\"wp-image-24619 aligncenter\" src=\"http:\/\/cmm.imgw.pl\/wp-content\/uploads\/2023\/03\/word-image-24590-20.png\" srcset=\"https:\/\/cmm.imgw.pl\/wp-content\/uploads\/2023\/03\/word-image-24590-20.png 2156w, https:\/\/cmm.imgw.pl\/wp-content\/uploads\/2023\/03\/word-image-24590-20-300x240.png 300w, https:\/\/cmm.imgw.pl\/wp-content\/uploads\/2023\/03\/word-image-24590-20-1024x821.png 1024w, https:\/\/cmm.imgw.pl\/wp-content\/uploads\/2023\/03\/word-image-24590-20-768x616.png 768w, https:\/\/cmm.imgw.pl\/wp-content\/uploads\/2023\/03\/word-image-24590-20-1536x1231.png 1536w, https:\/\/cmm.imgw.pl\/wp-content\/uploads\/2023\/03\/word-image-24590-20-2048x1641.png 2048w\" sizes=\"(max-width: 2156px) 100vw, 2156px\" \/><\/p>\n<p>W godzinach po\u0142udniowych oraz p\u00f3\u017aniejszych i nocnych nad p\u00f3\u0142nocn\u0105 Polsk\u0105 zalega\u0107 b\u0119dzie o\u015b pr\u0105du strumieniowego na wysoko\u015bci FL290\/280 (8839m\/8534m). Pionowy zasi\u0119g pr\u0105du strumieniowego FL220\/360 (6705m\/10973m), w tej strefie wyst\u0119powa\u0107 b\u0119dzie obszar du\u017cych pr\u0119dko\u015bci (powy\u017cej 80 kt) oraz wyst\u0105pi turbulencja bezchmurnego nieba (CAT).<\/p>\n<p><img loading=\"lazy\" width=\"600\" height=\"640\" class=\"wp-image-24620 aligncenter\" src=\"http:\/\/cmm.imgw.pl\/wp-content\/uploads\/2023\/03\/word-image-24590-21.png\" srcset=\"https:\/\/cmm.imgw.pl\/wp-content\/uploads\/2023\/03\/word-image-24590-21.png 600w, https:\/\/cmm.imgw.pl\/wp-content\/uploads\/2023\/03\/word-image-24590-21-281x300.png 281w\" sizes=\"(max-width: 600px) 100vw, 600px\" \/> <img loading=\"lazy\" width=\"600\" height=\"640\" class=\"wp-image-24621 aligncenter\" src=\"http:\/\/cmm.imgw.pl\/wp-content\/uploads\/2023\/03\/word-image-24590-22.png\" srcset=\"https:\/\/cmm.imgw.pl\/wp-content\/uploads\/2023\/03\/word-image-24590-22.png 600w, https:\/\/cmm.imgw.pl\/wp-content\/uploads\/2023\/03\/word-image-24590-22-281x300.png 281w\" sizes=\"(max-width: 600px) 100vw, 600px\" \/><\/p>\n<p>Z numerycznych oblicze\u0144 wynika, \u017ce nad p\u00f3\u0142nocn\u0105 Polsk\u0105, w godzinach wieczornych na wysoko\u015bci 9 km, pr\u0119dko\u015b\u0107 wiatru osi\u0105gnie warto\u015b\u0107 60 m\/s. W godzinach nocnych strefa przemie\u015bci si\u0119 na wsch\u00f3d, nad Litw\u0119.<\/p>\n<p><img loading=\"lazy\" width=\"600\" height=\"640\" class=\"wp-image-24622 aligncenter\" src=\"http:\/\/cmm.imgw.pl\/wp-content\/uploads\/2023\/03\/word-image-24590-23.png\" srcset=\"https:\/\/cmm.imgw.pl\/wp-content\/uploads\/2023\/03\/word-image-24590-23.png 600w, https:\/\/cmm.imgw.pl\/wp-content\/uploads\/2023\/03\/word-image-24590-23-281x300.png 281w\" sizes=\"(max-width: 600px) 100vw, 600px\" \/> <img loading=\"lazy\" width=\"600\" height=\"640\" class=\"wp-image-24623 aligncenter\" src=\"http:\/\/cmm.imgw.pl\/wp-content\/uploads\/2023\/03\/word-image-24590-24.png\" srcset=\"https:\/\/cmm.imgw.pl\/wp-content\/uploads\/2023\/03\/word-image-24590-24.png 600w, https:\/\/cmm.imgw.pl\/wp-content\/uploads\/2023\/03\/word-image-24590-24-281x300.png 281w\" sizes=\"(max-width: 600px) 100vw, 600px\" \/><\/p>\n<p>Na wysoko\u015bci 5,5 km, w godzinach wieczornych, strefa du\u017cych pr\u0119dko\u015bci wiatru zaznaczy si\u0119 na p\u00f3\u0142nocy kraju, gdzie pr\u0119dko\u015b\u0107 wiatru osi\u0105ga\u0107 b\u0119dzie warto\u015b\u0107 42,5 m\/s. W godzinach nocnych strefa przemie\u015bci na wsch\u00f3d i znajdowa\u0107 si\u0119 b\u0119dzie w rejonie Polski p\u00f3\u0142nocno wschodniej.<\/p>\n<p>Nad Morzem Jo\u0144skim tropopauza wykazywa\u0107 b\u0119dzie podwy\u017cszenie (wy\u017c tropopauzy) i znajdzie si\u0119 na wysoko\u015bci FL440 (13411 m).<\/p>\n<p><strong>Analiza termiczna troposfery<\/strong><\/p>\n<p><img loading=\"lazy\" width=\"634\" height=\"490\" class=\"wp-image-24624 aligncenter\" src=\"http:\/\/cmm.imgw.pl\/wp-content\/uploads\/2023\/03\/thck-500-1000hpa-gfs-czw-09-03-2023-18-utc.gif\" alt=\"Thck 500-1000hPa GFS czw. 09.03.2023 18 UTC\"> <img loading=\"lazy\" width=\"634\" height=\"490\" class=\"wp-image-24625 aligncenter\" src=\"http:\/\/cmm.imgw.pl\/wp-content\/uploads\/2023\/03\/thck-500-1000hpa-gfs-pt-10-03-2023-06-utc.gif\" alt=\"Thck 500-1000hPa GFS pt. 10.03.2023 06 UTC\"><\/p>\n<p>Europa p\u00f3\u0142nocno wschodnia, Skandynawia, p\u00f3\u0142nocna cz\u0119\u015b\u0107 Wielkiej Brytanii, p\u00f3\u0142nocne rejony Polski w zasi\u0119gu ch\u0142odniejszych mas powietrza. Islandia, Grenlandia, Morze Barentsa oraz Norweskie w zasi\u0119gu zimnego powietrza. Pozosta\u0142y obszar Europy w zasi\u0119gu cieplejszych mas powietrza.<\/p>\n<p><\/p>\n<p><img loading=\"lazy\" width=\"600\" height=\"640\" class=\"wp-image-24626 aligncenter\" src=\"http:\/\/cmm.imgw.pl\/wp-content\/uploads\/2023\/03\/word-image-24590-27.png\" srcset=\"https:\/\/cmm.imgw.pl\/wp-content\/uploads\/2023\/03\/word-image-24590-27.png 600w, https:\/\/cmm.imgw.pl\/wp-content\/uploads\/2023\/03\/word-image-24590-27-281x300.png 281w\" sizes=\"(max-width: 600px) 100vw, 600px\" \/> <img loading=\"lazy\" width=\"600\" height=\"640\" class=\"wp-image-24627 aligncenter\" src=\"http:\/\/cmm.imgw.pl\/wp-content\/uploads\/2023\/03\/word-image-24590-28.png\" srcset=\"https:\/\/cmm.imgw.pl\/wp-content\/uploads\/2023\/03\/word-image-24590-28.png 600w, https:\/\/cmm.imgw.pl\/wp-content\/uploads\/2023\/03\/word-image-24590-28-281x300.png 281w\" sizes=\"(max-width: 600px) 100vw, 600px\" \/><\/p>\n<p><img loading=\"lazy\" width=\"648\" height=\"563\" class=\"wp-image-24628 aligncenter\" src=\"http:\/\/cmm.imgw.pl\/wp-content\/uploads\/2023\/03\/word-image-24590-29.png\" srcset=\"https:\/\/cmm.imgw.pl\/wp-content\/uploads\/2023\/03\/word-image-24590-29.png 648w, https:\/\/cmm.imgw.pl\/wp-content\/uploads\/2023\/03\/word-image-24590-29-300x261.png 300w\" sizes=\"(max-width: 648px) 100vw, 648px\" \/> <img loading=\"lazy\" width=\"646\" height=\"562\" class=\"wp-image-24629 aligncenter\" src=\"http:\/\/cmm.imgw.pl\/wp-content\/uploads\/2023\/03\/word-image-24590-30.png\" srcset=\"https:\/\/cmm.imgw.pl\/wp-content\/uploads\/2023\/03\/word-image-24590-30.png 646w, https:\/\/cmm.imgw.pl\/wp-content\/uploads\/2023\/03\/word-image-24590-30-300x261.png 300w\" sizes=\"(max-width: 646px) 100vw, 646px\" \/><\/p>\n<p><img loading=\"lazy\" width=\"644\" height=\"560\" class=\"wp-image-24630 aligncenter\" src=\"http:\/\/cmm.imgw.pl\/wp-content\/uploads\/2023\/03\/word-image-24590-31.png\" srcset=\"https:\/\/cmm.imgw.pl\/wp-content\/uploads\/2023\/03\/word-image-24590-31.png 644w, https:\/\/cmm.imgw.pl\/wp-content\/uploads\/2023\/03\/word-image-24590-31-300x261.png 300w\" sizes=\"(max-width: 644px) 100vw, 644px\" \/> <img loading=\"lazy\" width=\"644\" height=\"560\" class=\"wp-image-24631 aligncenter\" src=\"http:\/\/cmm.imgw.pl\/wp-content\/uploads\/2023\/03\/word-image-24590-32.png\" srcset=\"https:\/\/cmm.imgw.pl\/wp-content\/uploads\/2023\/03\/word-image-24590-32.png 644w, https:\/\/cmm.imgw.pl\/wp-content\/uploads\/2023\/03\/word-image-24590-32-300x261.png 300w\" sizes=\"(max-width: 644px) 100vw, 644px\" \/><\/p>\n<p><img loading=\"lazy\" width=\"646\" height=\"562\" class=\"wp-image-24632 aligncenter\" src=\"http:\/\/cmm.imgw.pl\/wp-content\/uploads\/2023\/03\/word-image-24590-33.png\" srcset=\"https:\/\/cmm.imgw.pl\/wp-content\/uploads\/2023\/03\/word-image-24590-33.png 646w, https:\/\/cmm.imgw.pl\/wp-content\/uploads\/2023\/03\/word-image-24590-33-300x261.png 300w\" sizes=\"(max-width: 646px) 100vw, 646px\" \/> <img loading=\"lazy\" width=\"643\" height=\"560\" class=\"wp-image-24633 aligncenter\" src=\"http:\/\/cmm.imgw.pl\/wp-content\/uploads\/2023\/03\/word-image-24590-34.png\" srcset=\"https:\/\/cmm.imgw.pl\/wp-content\/uploads\/2023\/03\/word-image-24590-34.png 643w, https:\/\/cmm.imgw.pl\/wp-content\/uploads\/2023\/03\/word-image-24590-34-300x261.png 300w\" sizes=\"(max-width: 643px) 100vw, 643px\" \/><\/p>\n<p>Do Polski nap\u0142ywa powietrza z zachodu, polarno-morskie. Na p\u00f3\u0142nocy zalega ch\u0142odniejsza masa powietrza. W kierunku po\u0142udniowym coraz cieplejsza. W ci\u0105gu kilku godzin, zimniejsze powietrze zostanie wyparte i jedynie kra\u0144ce p\u00f3\u0142nocno wschodnie pozostan\u0105 w zasi\u0119gi ch\u0142odniejszej masy powietrza.<\/p>\n<p><strong>Prognostyczna analiza pola wilgotno\u015bci w pionowym profilu w troposferze<\/strong><\/p>\n<p><img loading=\"lazy\" width=\"600\" height=\"640\" class=\"wp-image-24634 aligncenter\" src=\"http:\/\/cmm.imgw.pl\/wp-content\/uploads\/2023\/03\/word-image-24590-35.png\" srcset=\"https:\/\/cmm.imgw.pl\/wp-content\/uploads\/2023\/03\/word-image-24590-35.png 600w, https:\/\/cmm.imgw.pl\/wp-content\/uploads\/2023\/03\/word-image-24590-35-281x300.png 281w\" sizes=\"(max-width: 600px) 100vw, 600px\" \/> <img loading=\"lazy\" width=\"600\" height=\"640\" class=\"wp-image-24635 aligncenter\" src=\"http:\/\/cmm.imgw.pl\/wp-content\/uploads\/2023\/03\/word-image-24590-36.png\" srcset=\"https:\/\/cmm.imgw.pl\/wp-content\/uploads\/2023\/03\/word-image-24590-36.png 600w, https:\/\/cmm.imgw.pl\/wp-content\/uploads\/2023\/03\/word-image-24590-36-281x300.png 281w\" sizes=\"(max-width: 600px) 100vw, 600px\" \/><\/p>\n<p>Wieczorem na wysoko\u015bci 1,5 km wilgotno\u015b\u0107 bardzo du\u017ca, 95-99 %. Na kra\u0144cach p\u00f3\u0142nocno wschodnich wilgotno\u015b\u0107 niska 10-30%. W nocy strefa du\u017cej wilgotno\u015bci obejmie ca\u0142y kraj, z wyj\u0105tkiem kra\u0144c\u00f3w p\u00f3\u0142nocno wschodnich, gdzie wilgotno\u015b\u0107 b\u0119dzie niska.<\/p>\n<p><img loading=\"lazy\" width=\"600\" height=\"640\" class=\"wp-image-24636 aligncenter\" src=\"http:\/\/cmm.imgw.pl\/wp-content\/uploads\/2023\/03\/word-image-24590-37.png\" srcset=\"https:\/\/cmm.imgw.pl\/wp-content\/uploads\/2023\/03\/word-image-24590-37.png 600w, https:\/\/cmm.imgw.pl\/wp-content\/uploads\/2023\/03\/word-image-24590-37-281x300.png 281w\" sizes=\"(max-width: 600px) 100vw, 600px\" \/> <img loading=\"lazy\" width=\"600\" height=\"640\" class=\"wp-image-24637 aligncenter\" src=\"http:\/\/cmm.imgw.pl\/wp-content\/uploads\/2023\/03\/word-image-24590-38.png\" srcset=\"https:\/\/cmm.imgw.pl\/wp-content\/uploads\/2023\/03\/word-image-24590-38.png 600w, https:\/\/cmm.imgw.pl\/wp-content\/uploads\/2023\/03\/word-image-24590-38-281x300.png 281w\" sizes=\"(max-width: 600px) 100vw, 600px\" \/><\/p>\n<p>W dzie\u0144 na wysoko\u015bci 3 km wilgotno\u015b\u0107 na poziomie 60-80%. Na p\u00f3\u0142nocy i lokalnie w po\u0142udniowo zachodnim sektorze wilgotno\u015b\u0107 na poziomie 90-99%. W nocy wilgotno\u015b\u0107 na poziomie 80-99% na przewa\u017caj\u0105cym obszarze kraju. Na po\u0142udniu Polski wilgotno\u015b\u0107 powietrza osi\u0105gnie warto\u015b\u0107 80%.<\/p>\n<p><img loading=\"lazy\" width=\"600\" height=\"640\" class=\"wp-image-24638 aligncenter\" src=\"http:\/\/cmm.imgw.pl\/wp-content\/uploads\/2023\/03\/word-image-24590-39.png\" srcset=\"https:\/\/cmm.imgw.pl\/wp-content\/uploads\/2023\/03\/word-image-24590-39.png 600w, https:\/\/cmm.imgw.pl\/wp-content\/uploads\/2023\/03\/word-image-24590-39-281x300.png 281w\" sizes=\"(max-width: 600px) 100vw, 600px\" \/> <img loading=\"lazy\" width=\"600\" height=\"640\" class=\"wp-image-24639 aligncenter\" src=\"http:\/\/cmm.imgw.pl\/wp-content\/uploads\/2023\/03\/word-image-24590-40.png\" srcset=\"https:\/\/cmm.imgw.pl\/wp-content\/uploads\/2023\/03\/word-image-24590-40.png 600w, https:\/\/cmm.imgw.pl\/wp-content\/uploads\/2023\/03\/word-image-24590-40-281x300.png 281w\" sizes=\"(max-width: 600px) 100vw, 600px\" \/><\/p>\n<p>Na wysoko\u015bci 5,5 km w ci\u0105gu dnia wilgotno\u015b\u0107 du\u017ca na kra\u0144cach wschodnich oraz na zachodzie i cz\u0119\u015bciowo w centrum. Na pozosta\u0142ym obszarze ma\u0142a. W nocy na znacznym obszarze kraju wilgotno\u015b\u0107 bardzo du\u017ca 80-99%.<\/p>\n<p><img loading=\"lazy\" width=\"600\" height=\"640\" class=\"wp-image-24640 aligncenter\" src=\"http:\/\/cmm.imgw.pl\/wp-content\/uploads\/2023\/03\/word-image-24590-41.png\" srcset=\"https:\/\/cmm.imgw.pl\/wp-content\/uploads\/2023\/03\/word-image-24590-41.png 600w, https:\/\/cmm.imgw.pl\/wp-content\/uploads\/2023\/03\/word-image-24590-41-281x300.png 281w\" sizes=\"(max-width: 600px) 100vw, 600px\" \/> <img loading=\"lazy\" width=\"600\" height=\"640\" class=\"wp-image-24641 aligncenter\" src=\"http:\/\/cmm.imgw.pl\/wp-content\/uploads\/2023\/03\/word-image-24590-42.png\" srcset=\"https:\/\/cmm.imgw.pl\/wp-content\/uploads\/2023\/03\/word-image-24590-42.png 600w, https:\/\/cmm.imgw.pl\/wp-content\/uploads\/2023\/03\/word-image-24590-42-281x300.png 281w\" sizes=\"(max-width: 600px) 100vw, 600px\" \/><\/p>\n<p>Na wysoko\u015bci 9 km w dzie\u0144 wilgotno\u015b\u0107 na poziomie 80-99%. W nocy obszar zwi\u0119kszonej wilgotno\u015bci 95-99% zwi\u0119kszy si\u0119.<\/p>\n<p><strong>Prognoza zachmurzenia<\/strong><\/p>\n<p><img loading=\"lazy\" width=\"800\" height=\"800\" class=\"wp-image-24642 aligncenter\" src=\"http:\/\/cmm.imgw.pl\/wp-content\/uploads\/2023\/03\/word-image-24590-43.png\" srcset=\"https:\/\/cmm.imgw.pl\/wp-content\/uploads\/2023\/03\/word-image-24590-43.png 800w, https:\/\/cmm.imgw.pl\/wp-content\/uploads\/2023\/03\/word-image-24590-43-300x300.png 300w, https:\/\/cmm.imgw.pl\/wp-content\/uploads\/2023\/03\/word-image-24590-43-150x150.png 150w, https:\/\/cmm.imgw.pl\/wp-content\/uploads\/2023\/03\/word-image-24590-43-768x768.png 768w, https:\/\/cmm.imgw.pl\/wp-content\/uploads\/2023\/03\/word-image-24590-43-600x600.png 600w\" sizes=\"(max-width: 800px) 100vw, 800px\" \/> <img loading=\"lazy\" width=\"800\" height=\"800\" class=\"wp-image-24643 aligncenter\" src=\"http:\/\/cmm.imgw.pl\/wp-content\/uploads\/2023\/03\/word-image-24590-44.png\" srcset=\"https:\/\/cmm.imgw.pl\/wp-content\/uploads\/2023\/03\/word-image-24590-44.png 800w, https:\/\/cmm.imgw.pl\/wp-content\/uploads\/2023\/03\/word-image-24590-44-300x300.png 300w, https:\/\/cmm.imgw.pl\/wp-content\/uploads\/2023\/03\/word-image-24590-44-150x150.png 150w, https:\/\/cmm.imgw.pl\/wp-content\/uploads\/2023\/03\/word-image-24590-44-768x768.png 768w, https:\/\/cmm.imgw.pl\/wp-content\/uploads\/2023\/03\/word-image-24590-44-600x600.png 600w\" sizes=\"(max-width: 800px) 100vw, 800px\" \/> <img loading=\"lazy\" width=\"800\" height=\"800\" class=\"wp-image-24644 aligncenter\" src=\"http:\/\/cmm.imgw.pl\/wp-content\/uploads\/2023\/03\/word-image-24590-45.png\" srcset=\"https:\/\/cmm.imgw.pl\/wp-content\/uploads\/2023\/03\/word-image-24590-45.png 800w, https:\/\/cmm.imgw.pl\/wp-content\/uploads\/2023\/03\/word-image-24590-45-300x300.png 300w, https:\/\/cmm.imgw.pl\/wp-content\/uploads\/2023\/03\/word-image-24590-45-150x150.png 150w, https:\/\/cmm.imgw.pl\/wp-content\/uploads\/2023\/03\/word-image-24590-45-768x768.png 768w, https:\/\/cmm.imgw.pl\/wp-content\/uploads\/2023\/03\/word-image-24590-45-600x600.png 600w\" sizes=\"(max-width: 800px) 100vw, 800px\" \/><\/p>\n<p>Zachmurzenie og\u00f3lne ca\u0142kowite. W dzie\u0144 lokalnie na p\u00f3\u0142nocy umiarkowane. Nad ranem przeja\u015bnienia na po\u0142udniu kraju.<\/p>\n<p><img loading=\"lazy\" width=\"800\" height=\"800\" class=\"wp-image-24645 aligncenter\" src=\"http:\/\/cmm.imgw.pl\/wp-content\/uploads\/2023\/03\/word-image-24590-46.png\" srcset=\"https:\/\/cmm.imgw.pl\/wp-content\/uploads\/2023\/03\/word-image-24590-46.png 800w, https:\/\/cmm.imgw.pl\/wp-content\/uploads\/2023\/03\/word-image-24590-46-300x300.png 300w, https:\/\/cmm.imgw.pl\/wp-content\/uploads\/2023\/03\/word-image-24590-46-150x150.png 150w, https:\/\/cmm.imgw.pl\/wp-content\/uploads\/2023\/03\/word-image-24590-46-768x768.png 768w, https:\/\/cmm.imgw.pl\/wp-content\/uploads\/2023\/03\/word-image-24590-46-600x600.png 600w\" sizes=\"(max-width: 800px) 100vw, 800px\" \/> <img loading=\"lazy\" width=\"800\" height=\"800\" class=\"wp-image-24646 aligncenter\" src=\"http:\/\/cmm.imgw.pl\/wp-content\/uploads\/2023\/03\/word-image-24590-47.png\" srcset=\"https:\/\/cmm.imgw.pl\/wp-content\/uploads\/2023\/03\/word-image-24590-47.png 800w, https:\/\/cmm.imgw.pl\/wp-content\/uploads\/2023\/03\/word-image-24590-47-300x300.png 300w, https:\/\/cmm.imgw.pl\/wp-content\/uploads\/2023\/03\/word-image-24590-47-150x150.png 150w, https:\/\/cmm.imgw.pl\/wp-content\/uploads\/2023\/03\/word-image-24590-47-768x768.png 768w, https:\/\/cmm.imgw.pl\/wp-content\/uploads\/2023\/03\/word-image-24590-47-600x600.png 600w\" sizes=\"(max-width: 800px) 100vw, 800px\" \/><\/p>\n<p>W dzie\u0144 zachmurzenie pi\u0119tra niskiego ca\u0142kowite, jedynie na p\u00f3\u0142nocy kraju brak chmur ww. pi\u0119tra. Na niebie Stratus fractus, Stratocumulus.<\/p>\n<p><img loading=\"lazy\" width=\"600\" height=\"640\" class=\"wp-image-24647 aligncenter\" src=\"http:\/\/cmm.imgw.pl\/wp-content\/uploads\/2023\/03\/word-image-24590-48.png\" srcset=\"https:\/\/cmm.imgw.pl\/wp-content\/uploads\/2023\/03\/word-image-24590-48.png 600w, https:\/\/cmm.imgw.pl\/wp-content\/uploads\/2023\/03\/word-image-24590-48-281x300.png 281w\" sizes=\"(max-width: 600px) 100vw, 600px\" \/> <img loading=\"lazy\" width=\"600\" height=\"640\" class=\"wp-image-24648 aligncenter\" src=\"http:\/\/cmm.imgw.pl\/wp-content\/uploads\/2023\/03\/word-image-24590-49.png\" srcset=\"https:\/\/cmm.imgw.pl\/wp-content\/uploads\/2023\/03\/word-image-24590-49.png 600w, https:\/\/cmm.imgw.pl\/wp-content\/uploads\/2023\/03\/word-image-24590-49-281x300.png 281w\" sizes=\"(max-width: 600px) 100vw, 600px\" \/> <img loading=\"lazy\" width=\"600\" height=\"640\" class=\"wp-image-24649 aligncenter\" src=\"http:\/\/cmm.imgw.pl\/wp-content\/uploads\/2023\/03\/word-image-24590-50.png\" srcset=\"https:\/\/cmm.imgw.pl\/wp-content\/uploads\/2023\/03\/word-image-24590-50.png 600w, https:\/\/cmm.imgw.pl\/wp-content\/uploads\/2023\/03\/word-image-24590-50-281x300.png 281w\" sizes=\"(max-width: 600px) 100vw, 600px\" \/><\/p>\n<p>W dzie\u0144 oraz wieczorem na niebie tak\u017ce chmury Cumulus oraz Cumulonimbus.<\/p>\n<p><img loading=\"lazy\" width=\"800\" height=\"800\" class=\"wp-image-24650 aligncenter\" src=\"http:\/\/cmm.imgw.pl\/wp-content\/uploads\/2023\/03\/word-image-24590-51.png\" srcset=\"https:\/\/cmm.imgw.pl\/wp-content\/uploads\/2023\/03\/word-image-24590-51.png 800w, https:\/\/cmm.imgw.pl\/wp-content\/uploads\/2023\/03\/word-image-24590-51-300x300.png 300w, https:\/\/cmm.imgw.pl\/wp-content\/uploads\/2023\/03\/word-image-24590-51-150x150.png 150w, https:\/\/cmm.imgw.pl\/wp-content\/uploads\/2023\/03\/word-image-24590-51-768x768.png 768w, https:\/\/cmm.imgw.pl\/wp-content\/uploads\/2023\/03\/word-image-24590-51-600x600.png 600w\" sizes=\"(max-width: 800px) 100vw, 800px\" \/> <img loading=\"lazy\" width=\"800\" height=\"800\" class=\"wp-image-24651 aligncenter\" src=\"http:\/\/cmm.imgw.pl\/wp-content\/uploads\/2023\/03\/word-image-24590-52.png\" srcset=\"https:\/\/cmm.imgw.pl\/wp-content\/uploads\/2023\/03\/word-image-24590-52.png 800w, https:\/\/cmm.imgw.pl\/wp-content\/uploads\/2023\/03\/word-image-24590-52-300x300.png 300w, https:\/\/cmm.imgw.pl\/wp-content\/uploads\/2023\/03\/word-image-24590-52-150x150.png 150w, https:\/\/cmm.imgw.pl\/wp-content\/uploads\/2023\/03\/word-image-24590-52-768x768.png 768w, https:\/\/cmm.imgw.pl\/wp-content\/uploads\/2023\/03\/word-image-24590-52-600x600.png 600w\" sizes=\"(max-width: 800px) 100vw, 800px\" \/> <img loading=\"lazy\" width=\"800\" height=\"800\" class=\"wp-image-24652 aligncenter\" src=\"http:\/\/cmm.imgw.pl\/wp-content\/uploads\/2023\/03\/word-image-24590-53.png\" srcset=\"https:\/\/cmm.imgw.pl\/wp-content\/uploads\/2023\/03\/word-image-24590-53.png 800w, https:\/\/cmm.imgw.pl\/wp-content\/uploads\/2023\/03\/word-image-24590-53-300x300.png 300w, https:\/\/cmm.imgw.pl\/wp-content\/uploads\/2023\/03\/word-image-24590-53-150x150.png 150w, https:\/\/cmm.imgw.pl\/wp-content\/uploads\/2023\/03\/word-image-24590-53-768x768.png 768w, https:\/\/cmm.imgw.pl\/wp-content\/uploads\/2023\/03\/word-image-24590-53-600x600.png 600w\" sizes=\"(max-width: 800px) 100vw, 800px\" \/><\/p>\n<p><img loading=\"lazy\" width=\"800\" height=\"640\" class=\"wp-image-24653 aligncenter\" src=\"http:\/\/cmm.imgw.pl\/wp-content\/uploads\/2023\/03\/word-image-24590-54.gif\"> <img loading=\"lazy\" width=\"800\" height=\"640\" class=\"wp-image-24654 aligncenter\" src=\"http:\/\/cmm.imgw.pl\/wp-content\/uploads\/2023\/03\/word-image-24590-55.gif\"> <img loading=\"lazy\" width=\"800\" height=\"640\" class=\"wp-image-24655 aligncenter\" src=\"http:\/\/cmm.imgw.pl\/wp-content\/uploads\/2023\/03\/word-image-24590-56.gif\"><\/p>\n<p>Zachmurzenie pi\u0119tra \u015bredniego du\u017ce i ca\u0142kowite. Wieczorem i w nocy lokalnie na po\u0142udniu mog\u0105 wyst\u0105pi\u0107 rozpogodzenia. W dzie\u0144 na niebie Altostratus o znacznej grubo\u015bci do 3-4 km, w po\u0142udniowo wschodnim i wschodnim sektorze kraju oraz w woj. mazowieckim. Na zachodzie chmury As o mniejszej grubo\u015bci. Na p\u00f3\u0142nocy Altocumulus.<\/p>\n<p><img loading=\"lazy\" width=\"644\" height=\"495\" class=\"wp-image-24656 aligncenter\" src=\"http:\/\/cmm.imgw.pl\/wp-content\/uploads\/2023\/03\/word-image-24590-57.png\" srcset=\"https:\/\/cmm.imgw.pl\/wp-content\/uploads\/2023\/03\/word-image-24590-57.png 644w, https:\/\/cmm.imgw.pl\/wp-content\/uploads\/2023\/03\/word-image-24590-57-300x231.png 300w\" sizes=\"(max-width: 644px) 100vw, 644px\" \/> <img loading=\"lazy\" width=\"644\" height=\"495\" class=\"wp-image-24657 aligncenter\" src=\"http:\/\/cmm.imgw.pl\/wp-content\/uploads\/2023\/03\/word-image-24590-58.png\" srcset=\"https:\/\/cmm.imgw.pl\/wp-content\/uploads\/2023\/03\/word-image-24590-58.png 644w, https:\/\/cmm.imgw.pl\/wp-content\/uploads\/2023\/03\/word-image-24590-58-300x231.png 300w\" sizes=\"(max-width: 644px) 100vw, 644px\" \/><\/p>\n<p><img loading=\"lazy\" width=\"665\" height=\"512\" class=\"wp-image-24658 aligncenter\" src=\"http:\/\/cmm.imgw.pl\/wp-content\/uploads\/2023\/03\/word-image-24590-59.png\" srcset=\"https:\/\/cmm.imgw.pl\/wp-content\/uploads\/2023\/03\/word-image-24590-59.png 665w, https:\/\/cmm.imgw.pl\/wp-content\/uploads\/2023\/03\/word-image-24590-59-300x231.png 300w\" sizes=\"(max-width: 665px) 100vw, 665px\" \/> <img loading=\"lazy\" width=\"665\" height=\"512\" class=\"wp-image-24659 aligncenter\" src=\"http:\/\/cmm.imgw.pl\/wp-content\/uploads\/2023\/03\/word-image-24590-60.png\" srcset=\"https:\/\/cmm.imgw.pl\/wp-content\/uploads\/2023\/03\/word-image-24590-60.png 665w, https:\/\/cmm.imgw.pl\/wp-content\/uploads\/2023\/03\/word-image-24590-60-300x231.png 300w\" sizes=\"(max-width: 665px) 100vw, 665px\" \/><\/p>\n<p><img loading=\"lazy\" width=\"652\" height=\"502\" class=\"wp-image-24660 aligncenter\" src=\"http:\/\/cmm.imgw.pl\/wp-content\/uploads\/2023\/03\/word-image-24590-61.png\" srcset=\"https:\/\/cmm.imgw.pl\/wp-content\/uploads\/2023\/03\/word-image-24590-61.png 652w, https:\/\/cmm.imgw.pl\/wp-content\/uploads\/2023\/03\/word-image-24590-61-300x231.png 300w\" sizes=\"(max-width: 652px) 100vw, 652px\" \/><\/p>\n<p>W nocy na znacznym obszarze chmury Altocumulus oraz Altostratus o zwi\u0119kszonej grubo\u015bci, mo\u017cliwe tak\u017ce Ac du oraz Ac un i radiatus.<\/p>\n<p><img loading=\"lazy\" width=\"800\" height=\"800\" class=\"wp-image-24661 aligncenter\" src=\"http:\/\/cmm.imgw.pl\/wp-content\/uploads\/2023\/03\/word-image-24590-62.png\" srcset=\"https:\/\/cmm.imgw.pl\/wp-content\/uploads\/2023\/03\/word-image-24590-62.png 800w, https:\/\/cmm.imgw.pl\/wp-content\/uploads\/2023\/03\/word-image-24590-62-300x300.png 300w, https:\/\/cmm.imgw.pl\/wp-content\/uploads\/2023\/03\/word-image-24590-62-150x150.png 150w, https:\/\/cmm.imgw.pl\/wp-content\/uploads\/2023\/03\/word-image-24590-62-768x768.png 768w, https:\/\/cmm.imgw.pl\/wp-content\/uploads\/2023\/03\/word-image-24590-62-600x600.png 600w\" sizes=\"(max-width: 800px) 100vw, 800px\" \/> <img loading=\"lazy\" width=\"800\" height=\"800\" class=\"wp-image-24662 aligncenter\" src=\"http:\/\/cmm.imgw.pl\/wp-content\/uploads\/2023\/03\/word-image-24590-63.png\" srcset=\"https:\/\/cmm.imgw.pl\/wp-content\/uploads\/2023\/03\/word-image-24590-63.png 800w, https:\/\/cmm.imgw.pl\/wp-content\/uploads\/2023\/03\/word-image-24590-63-300x300.png 300w, https:\/\/cmm.imgw.pl\/wp-content\/uploads\/2023\/03\/word-image-24590-63-150x150.png 150w, https:\/\/cmm.imgw.pl\/wp-content\/uploads\/2023\/03\/word-image-24590-63-768x768.png 768w, https:\/\/cmm.imgw.pl\/wp-content\/uploads\/2023\/03\/word-image-24590-63-600x600.png 600w\" sizes=\"(max-width: 800px) 100vw, 800px\" \/><\/p>\n<p>Zachmurzenie pi\u0119tra wysokiego du\u017ce. Lokalnie rozpogodzenia w tej warstwie chmur. Na niebie Cirrus fibratus, Cirrus radiatus, Cirrostratus fibratus. Cirrostratus undulatus. Lokalnie mog\u0105 wyst\u0105pi\u0107 Cirrocumulus.<\/p>\n<p><img loading=\"lazy\" width=\"629\" height=\"629\" class=\"wp-image-24663 aligncenter\" src=\"http:\/\/cmm.imgw.pl\/wp-content\/uploads\/2023\/03\/word-image-24590-64.jpeg\" srcset=\"https:\/\/cmm.imgw.pl\/wp-content\/uploads\/2023\/03\/word-image-24590-64.jpeg 629w, https:\/\/cmm.imgw.pl\/wp-content\/uploads\/2023\/03\/word-image-24590-64-300x300.jpeg 300w, https:\/\/cmm.imgw.pl\/wp-content\/uploads\/2023\/03\/word-image-24590-64-150x150.jpeg 150w, https:\/\/cmm.imgw.pl\/wp-content\/uploads\/2023\/03\/word-image-24590-64-600x600.jpeg 600w\" sizes=\"(max-width: 629px) 100vw, 629px\" \/> <img loading=\"lazy\" width=\"647\" height=\"647\" class=\"wp-image-24664 aligncenter\" src=\"http:\/\/cmm.imgw.pl\/wp-content\/uploads\/2023\/03\/word-image-24590-65.jpeg\" srcset=\"https:\/\/cmm.imgw.pl\/wp-content\/uploads\/2023\/03\/word-image-24590-65.jpeg 647w, https:\/\/cmm.imgw.pl\/wp-content\/uploads\/2023\/03\/word-image-24590-65-300x300.jpeg 300w, https:\/\/cmm.imgw.pl\/wp-content\/uploads\/2023\/03\/word-image-24590-65-150x150.jpeg 150w, https:\/\/cmm.imgw.pl\/wp-content\/uploads\/2023\/03\/word-image-24590-65-600x600.jpeg 600w\" sizes=\"(max-width: 647px) 100vw, 647px\" \/> <img loading=\"lazy\" width=\"638\" height=\"638\" class=\"wp-image-24665 aligncenter\" src=\"http:\/\/cmm.imgw.pl\/wp-content\/uploads\/2023\/03\/word-image-24590-66.jpeg\" srcset=\"https:\/\/cmm.imgw.pl\/wp-content\/uploads\/2023\/03\/word-image-24590-66.jpeg 638w, https:\/\/cmm.imgw.pl\/wp-content\/uploads\/2023\/03\/word-image-24590-66-300x300.jpeg 300w, https:\/\/cmm.imgw.pl\/wp-content\/uploads\/2023\/03\/word-image-24590-66-150x150.jpeg 150w, https:\/\/cmm.imgw.pl\/wp-content\/uploads\/2023\/03\/word-image-24590-66-600x600.jpeg 600w\" sizes=\"(max-width: 638px) 100vw, 638px\" \/> <img loading=\"lazy\" width=\"685\" height=\"685\" class=\"wp-image-24666 aligncenter\" src=\"http:\/\/cmm.imgw.pl\/wp-content\/uploads\/2023\/03\/word-image-24590-67.jpeg\" srcset=\"https:\/\/cmm.imgw.pl\/wp-content\/uploads\/2023\/03\/word-image-24590-67.jpeg 685w, https:\/\/cmm.imgw.pl\/wp-content\/uploads\/2023\/03\/word-image-24590-67-300x300.jpeg 300w, https:\/\/cmm.imgw.pl\/wp-content\/uploads\/2023\/03\/word-image-24590-67-150x150.jpeg 150w, https:\/\/cmm.imgw.pl\/wp-content\/uploads\/2023\/03\/word-image-24590-67-600x600.jpeg 600w\" sizes=\"(max-width: 685px) 100vw, 685px\" \/> <img loading=\"lazy\" width=\"693\" height=\"693\" class=\"wp-image-24667 aligncenter\" src=\"http:\/\/cmm.imgw.pl\/wp-content\/uploads\/2023\/03\/word-image-24590-68.jpeg\" srcset=\"https:\/\/cmm.imgw.pl\/wp-content\/uploads\/2023\/03\/word-image-24590-68.jpeg 693w, https:\/\/cmm.imgw.pl\/wp-content\/uploads\/2023\/03\/word-image-24590-68-300x300.jpeg 300w, https:\/\/cmm.imgw.pl\/wp-content\/uploads\/2023\/03\/word-image-24590-68-150x150.jpeg 150w, https:\/\/cmm.imgw.pl\/wp-content\/uploads\/2023\/03\/word-image-24590-68-600x600.jpeg 600w\" sizes=\"(max-width: 693px) 100vw, 693px\" \/> <img loading=\"lazy\" width=\"674\" height=\"674\" class=\"wp-image-24668 aligncenter\" src=\"http:\/\/cmm.imgw.pl\/wp-content\/uploads\/2023\/03\/word-image-24590-69.jpeg\" srcset=\"https:\/\/cmm.imgw.pl\/wp-content\/uploads\/2023\/03\/word-image-24590-69.jpeg 674w, https:\/\/cmm.imgw.pl\/wp-content\/uploads\/2023\/03\/word-image-24590-69-300x300.jpeg 300w, https:\/\/cmm.imgw.pl\/wp-content\/uploads\/2023\/03\/word-image-24590-69-150x150.jpeg 150w, https:\/\/cmm.imgw.pl\/wp-content\/uploads\/2023\/03\/word-image-24590-69-600x600.jpeg 600w\" sizes=\"(max-width: 674px) 100vw, 674px\" \/> <img loading=\"lazy\" width=\"656\" height=\"656\" class=\"wp-image-24669 aligncenter\" src=\"http:\/\/cmm.imgw.pl\/wp-content\/uploads\/2023\/03\/word-image-24590-70.jpeg\" srcset=\"https:\/\/cmm.imgw.pl\/wp-content\/uploads\/2023\/03\/word-image-24590-70.jpeg 656w, https:\/\/cmm.imgw.pl\/wp-content\/uploads\/2023\/03\/word-image-24590-70-300x300.jpeg 300w, https:\/\/cmm.imgw.pl\/wp-content\/uploads\/2023\/03\/word-image-24590-70-150x150.jpeg 150w, https:\/\/cmm.imgw.pl\/wp-content\/uploads\/2023\/03\/word-image-24590-70-600x600.jpeg 600w\" sizes=\"(max-width: 656px) 100vw, 656px\" \/> <img loading=\"lazy\" width=\"620\" height=\"620\" class=\"wp-image-24670 aligncenter\" src=\"http:\/\/cmm.imgw.pl\/wp-content\/uploads\/2023\/03\/word-image-24590-71.jpeg\" srcset=\"https:\/\/cmm.imgw.pl\/wp-content\/uploads\/2023\/03\/word-image-24590-71.jpeg 620w, https:\/\/cmm.imgw.pl\/wp-content\/uploads\/2023\/03\/word-image-24590-71-300x300.jpeg 300w, https:\/\/cmm.imgw.pl\/wp-content\/uploads\/2023\/03\/word-image-24590-71-150x150.jpeg 150w, https:\/\/cmm.imgw.pl\/wp-content\/uploads\/2023\/03\/word-image-24590-71-600x600.jpeg 600w\" sizes=\"(max-width: 620px) 100vw, 620px\" \/> <img loading=\"lazy\" width=\"619\" height=\"619\" class=\"wp-image-24671 aligncenter\" src=\"http:\/\/cmm.imgw.pl\/wp-content\/uploads\/2023\/03\/word-image-24590-72.jpeg\" srcset=\"https:\/\/cmm.imgw.pl\/wp-content\/uploads\/2023\/03\/word-image-24590-72.jpeg 619w, https:\/\/cmm.imgw.pl\/wp-content\/uploads\/2023\/03\/word-image-24590-72-300x300.jpeg 300w, https:\/\/cmm.imgw.pl\/wp-content\/uploads\/2023\/03\/word-image-24590-72-150x150.jpeg 150w, https:\/\/cmm.imgw.pl\/wp-content\/uploads\/2023\/03\/word-image-24590-72-600x600.jpeg 600w\" sizes=\"(max-width: 619px) 100vw, 619px\" \/> <img loading=\"lazy\" width=\"592\" height=\"592\" class=\"wp-image-24672 aligncenter\" src=\"http:\/\/cmm.imgw.pl\/wp-content\/uploads\/2023\/03\/word-image-24590-73.jpeg\" srcset=\"https:\/\/cmm.imgw.pl\/wp-content\/uploads\/2023\/03\/word-image-24590-73.jpeg 592w, https:\/\/cmm.imgw.pl\/wp-content\/uploads\/2023\/03\/word-image-24590-73-300x300.jpeg 300w, https:\/\/cmm.imgw.pl\/wp-content\/uploads\/2023\/03\/word-image-24590-73-150x150.jpeg 150w\" sizes=\"(max-width: 592px) 100vw, 592px\" \/> <img loading=\"lazy\" width=\"635\" height=\"635\" class=\"wp-image-24673 aligncenter\" src=\"http:\/\/cmm.imgw.pl\/wp-content\/uploads\/2023\/03\/word-image-24590-74.jpeg\" srcset=\"https:\/\/cmm.imgw.pl\/wp-content\/uploads\/2023\/03\/word-image-24590-74.jpeg 635w, https:\/\/cmm.imgw.pl\/wp-content\/uploads\/2023\/03\/word-image-24590-74-300x300.jpeg 300w, https:\/\/cmm.imgw.pl\/wp-content\/uploads\/2023\/03\/word-image-24590-74-150x150.jpeg 150w, https:\/\/cmm.imgw.pl\/wp-content\/uploads\/2023\/03\/word-image-24590-74-600x600.jpeg 600w\" sizes=\"(max-width: 635px) 100vw, 635px\" \/> <img loading=\"lazy\" width=\"633\" height=\"633\" class=\"wp-image-24674 aligncenter\" src=\"http:\/\/cmm.imgw.pl\/wp-content\/uploads\/2023\/03\/word-image-24590-75.jpeg\" srcset=\"https:\/\/cmm.imgw.pl\/wp-content\/uploads\/2023\/03\/word-image-24590-75.jpeg 633w, https:\/\/cmm.imgw.pl\/wp-content\/uploads\/2023\/03\/word-image-24590-75-300x300.jpeg 300w, https:\/\/cmm.imgw.pl\/wp-content\/uploads\/2023\/03\/word-image-24590-75-150x150.jpeg 150w, https:\/\/cmm.imgw.pl\/wp-content\/uploads\/2023\/03\/word-image-24590-75-600x600.jpeg 600w\" sizes=\"(max-width: 633px) 100vw, 633px\" \/><\/p>\n<p>W dzie\u0144 oraz w nocy nale\u017cy spodziewa\u0107 si\u0119 opad\u00f3w deszczu, deszczu ze \u015bniegiem oraz \u015bniegu a tak\u017ce miejscami deszczu marzn\u0105cego o charakterze s\u0142abym, umiarkowanym oraz chwilami do\u015b\u0107 intensywnym. Opady o charakterze ci\u0105g\u0142ym i przelotnym charakteryzuj\u0105ce si\u0119 zwi\u0119kszonymi rozmiarami cz\u0105stek opadowych i zmienn\u0105 intensywno\u015bci\u0105.<\/p>\n<p><img loading=\"lazy\" width=\"582\" height=\"582\" class=\"wp-image-24675 aligncenter\" src=\"http:\/\/cmm.imgw.pl\/wp-content\/uploads\/2023\/03\/word-image-24590-76.png\" srcset=\"https:\/\/cmm.imgw.pl\/wp-content\/uploads\/2023\/03\/word-image-24590-76.png 582w, https:\/\/cmm.imgw.pl\/wp-content\/uploads\/2023\/03\/word-image-24590-76-300x300.png 300w, https:\/\/cmm.imgw.pl\/wp-content\/uploads\/2023\/03\/word-image-24590-76-150x150.png 150w\" sizes=\"(max-width: 582px) 100vw, 582px\" \/> <img loading=\"lazy\" width=\"593\" height=\"593\" class=\"wp-image-24676 aligncenter\" src=\"http:\/\/cmm.imgw.pl\/wp-content\/uploads\/2023\/03\/word-image-24590-77.png\" srcset=\"https:\/\/cmm.imgw.pl\/wp-content\/uploads\/2023\/03\/word-image-24590-77.png 593w, https:\/\/cmm.imgw.pl\/wp-content\/uploads\/2023\/03\/word-image-24590-77-300x300.png 300w, https:\/\/cmm.imgw.pl\/wp-content\/uploads\/2023\/03\/word-image-24590-77-150x150.png 150w\" sizes=\"(max-width: 593px) 100vw, 593px\" \/> <img loading=\"lazy\" width=\"585\" height=\"585\" class=\"wp-image-24677 aligncenter\" src=\"http:\/\/cmm.imgw.pl\/wp-content\/uploads\/2023\/03\/word-image-24590-78.png\" srcset=\"https:\/\/cmm.imgw.pl\/wp-content\/uploads\/2023\/03\/word-image-24590-78.png 585w, https:\/\/cmm.imgw.pl\/wp-content\/uploads\/2023\/03\/word-image-24590-78-300x300.png 300w, https:\/\/cmm.imgw.pl\/wp-content\/uploads\/2023\/03\/word-image-24590-78-150x150.png 150w\" sizes=\"(max-width: 585px) 100vw, 585px\" \/> <img loading=\"lazy\" width=\"605\" height=\"605\" class=\"wp-image-24678 aligncenter\" src=\"http:\/\/cmm.imgw.pl\/wp-content\/uploads\/2023\/03\/word-image-24590-79.png\" srcset=\"https:\/\/cmm.imgw.pl\/wp-content\/uploads\/2023\/03\/word-image-24590-79.png 605w, https:\/\/cmm.imgw.pl\/wp-content\/uploads\/2023\/03\/word-image-24590-79-300x300.png 300w, https:\/\/cmm.imgw.pl\/wp-content\/uploads\/2023\/03\/word-image-24590-79-150x150.png 150w, https:\/\/cmm.imgw.pl\/wp-content\/uploads\/2023\/03\/word-image-24590-79-600x600.png 600w\" sizes=\"(max-width: 605px) 100vw, 605px\" \/><\/p>\n<p>W strefie opad\u00f3w mieszanych widzialno\u015b\u0107 do 1,5-3 km. Wraz zwi\u0119kszeniem intensywno\u015bci opad\u00f3w mieszanych widzialno\u015b\u0107 spadnie do 500 metr\u00f3w.<\/p>\n<p><img loading=\"lazy\" width=\"674\" height=\"674\" class=\"wp-image-24679 aligncenter\" src=\"http:\/\/cmm.imgw.pl\/wp-content\/uploads\/2023\/03\/word-image-24590-80.jpeg\" srcset=\"https:\/\/cmm.imgw.pl\/wp-content\/uploads\/2023\/03\/word-image-24590-80.jpeg 674w, https:\/\/cmm.imgw.pl\/wp-content\/uploads\/2023\/03\/word-image-24590-80-300x300.jpeg 300w, https:\/\/cmm.imgw.pl\/wp-content\/uploads\/2023\/03\/word-image-24590-80-150x150.jpeg 150w, https:\/\/cmm.imgw.pl\/wp-content\/uploads\/2023\/03\/word-image-24590-80-600x600.jpeg 600w\" sizes=\"(max-width: 674px) 100vw, 674px\" \/> <img loading=\"lazy\" width=\"650\" height=\"650\" class=\"wp-image-24680 aligncenter\" src=\"http:\/\/cmm.imgw.pl\/wp-content\/uploads\/2023\/03\/word-image-24590-81.jpeg\" srcset=\"https:\/\/cmm.imgw.pl\/wp-content\/uploads\/2023\/03\/word-image-24590-81.jpeg 650w, https:\/\/cmm.imgw.pl\/wp-content\/uploads\/2023\/03\/word-image-24590-81-300x300.jpeg 300w, https:\/\/cmm.imgw.pl\/wp-content\/uploads\/2023\/03\/word-image-24590-81-150x150.jpeg 150w, https:\/\/cmm.imgw.pl\/wp-content\/uploads\/2023\/03\/word-image-24590-81-600x600.jpeg 600w\" sizes=\"(max-width: 650px) 100vw, 650px\" \/><\/p>\n<p><img loading=\"lazy\" width=\"457\" height=\"457\" class=\"wp-image-24681 aligncenter\" src=\"http:\/\/cmm.imgw.pl\/wp-content\/uploads\/2023\/03\/word-image-24590-82.jpeg\" srcset=\"https:\/\/cmm.imgw.pl\/wp-content\/uploads\/2023\/03\/word-image-24590-82.jpeg 457w, https:\/\/cmm.imgw.pl\/wp-content\/uploads\/2023\/03\/word-image-24590-82-300x300.jpeg 300w, https:\/\/cmm.imgw.pl\/wp-content\/uploads\/2023\/03\/word-image-24590-82-150x150.jpeg 150w\" sizes=\"(max-width: 457px) 100vw, 457px\" \/> <img loading=\"lazy\" width=\"454\" height=\"454\" class=\"wp-image-24682 aligncenter\" src=\"http:\/\/cmm.imgw.pl\/wp-content\/uploads\/2023\/03\/word-image-24590-83.jpeg\" srcset=\"https:\/\/cmm.imgw.pl\/wp-content\/uploads\/2023\/03\/word-image-24590-83.jpeg 454w, https:\/\/cmm.imgw.pl\/wp-content\/uploads\/2023\/03\/word-image-24590-83-300x300.jpeg 300w, https:\/\/cmm.imgw.pl\/wp-content\/uploads\/2023\/03\/word-image-24590-83-150x150.jpeg 150w\" sizes=\"(max-width: 454px) 100vw, 454px\" \/> <img loading=\"lazy\" width=\"450\" height=\"450\" class=\"wp-image-24683 aligncenter\" src=\"http:\/\/cmm.imgw.pl\/wp-content\/uploads\/2023\/03\/word-image-24590-84.jpeg\" srcset=\"https:\/\/cmm.imgw.pl\/wp-content\/uploads\/2023\/03\/word-image-24590-84.jpeg 450w, https:\/\/cmm.imgw.pl\/wp-content\/uploads\/2023\/03\/word-image-24590-84-300x300.jpeg 300w, https:\/\/cmm.imgw.pl\/wp-content\/uploads\/2023\/03\/word-image-24590-84-150x150.jpeg 150w\" sizes=\"(max-width: 450px) 100vw, 450px\" \/><\/p>\n<p>W dzie\u0144 wiatr NE, E, SE, a na po\u0142udniu kraju W, 7-20 km\/h. W porywach do 40-50 km\/h w po\u0142udniowo wschodniej Polsce i do 100 km\/h w Sudetach oraz do 120 km\/h w Karpatach. W nocy wiatr ESE i E oraz S o SSW na po\u0142udniu kraju, 8-20 km\/h. W porywach do 30-40 km\/h na po\u0142udniu kraju, w Sudetach do 100 km\/h natomiast w Karpatach do 70 km\/h. Nad ranem porywy w Sudetach ponownie osi\u0105gn\u0105 warto\u015b\u0107 100-110 km\/h a w Karpatach do 70-80 km\/h. Na Ba\u0142tyku w porywach do 70 km\/h.<\/p>\n<p>Ze szczeg\u00f3\u0142owym rozk\u0142adem prognostycznego pola temperatury powietrza, temperatury odczuwalnej, wilgotno\u015bci oraz innych p\u00f3l meteorologicznych, mo\u017cna zapozna\u0107 si\u0119 pod adresem cmm.imgw.pl.<\/p>","protected":false},"excerpt":{"rendered":"<p>Komentarz do numerycznych prognoz pogody opracowany w Centrum Modelowania Meteorologicznego IMGW-PIB.<\/p>\n","protected":false},"author":3,"featured_media":0,"comment_status":"closed","ping_status":"open","sticky":false,"template":"","format":"standard","meta":{"ocean_post_layout":"","ocean_both_sidebars_style":"","ocean_both_sidebars_content_width":0,"ocean_both_sidebars_sidebars_width":0,"ocean_sidebar":"0","ocean_second_sidebar":"0","ocean_disable_margins":"enable","ocean_add_body_class":"","ocean_shortcode_before_top_bar":"","ocean_shortcode_after_top_bar":"","ocean_shortcode_before_header":"","ocean_shortcode_after_header":"","ocean_has_shortcode":"","ocean_shortcode_after_title":"","ocean_shortcode_before_footer_widgets":"","ocean_shortcode_after_footer_widgets":"","ocean_shortcode_before_footer_bottom":"","ocean_shortcode_after_footer_bottom":"","ocean_display_top_bar":"default","ocean_display_header":"default","ocean_header_style":"","ocean_center_header_left_menu":"0","ocean_custom_header_template":"0","ocean_custom_logo":0,"ocean_custom_retina_logo":0,"ocean_custom_logo_max_width":0,"ocean_custom_logo_tablet_max_width":0,"ocean_custom_logo_mobile_max_width":0,"ocean_custom_logo_max_height":0,"ocean_custom_logo_tablet_max_height":0,"ocean_custom_logo_mobile_max_height":0,"ocean_header_custom_menu":"0","ocean_menu_typo_font_family":"0","ocean_menu_typo_font_subset":"","ocean_menu_typo_font_size":0,"ocean_menu_typo_font_size_tablet":0,"ocean_menu_typo_font_size_mobile":0,"ocean_menu_typo_font_size_unit":"px","ocean_menu_typo_font_weight":"","ocean_menu_typo_font_weight_tablet":"","ocean_menu_typo_font_weight_mobile":"","ocean_menu_typo_transform":"","ocean_menu_typo_transform_tablet":"","ocean_menu_typo_transform_mobile":"","ocean_menu_typo_line_height":0,"ocean_menu_typo_line_height_tablet":0,"ocean_menu_typo_line_height_mobile":0,"ocean_menu_typo_line_height_unit":"","ocean_menu_typo_spacing":0,"ocean_menu_typo_spacing_tablet":0,"ocean_menu_typo_spacing_mobile":0,"ocean_menu_typo_spacing_unit":"","ocean_menu_link_color":"","ocean_menu_link_color_hover":"","ocean_menu_link_color_active":"","ocean_menu_link_background":"","ocean_menu_link_hover_background":"","ocean_menu_link_active_background":"","ocean_menu_social_links_bg":"","ocean_menu_social_hover_links_bg":"","ocean_menu_social_links_color":"","ocean_menu_social_hover_links_color":"","ocean_disable_title":"default","ocean_disable_heading":"default","ocean_post_title":"","ocean_post_subheading":"","ocean_post_title_style":"","ocean_post_title_background_color":"","ocean_post_title_background":0,"ocean_post_title_bg_image_position":"","ocean_post_title_bg_image_attachment":"","ocean_post_title_bg_image_repeat":"","ocean_post_title_bg_image_size":"","ocean_post_title_height":0,"ocean_post_title_bg_overlay":0.5,"ocean_post_title_bg_overlay_color":"","ocean_disable_breadcrumbs":"default","ocean_breadcrumbs_color":"","ocean_breadcrumbs_separator_color":"","ocean_breadcrumbs_links_color":"","ocean_breadcrumbs_links_hover_color":"","ocean_display_footer_widgets":"default","ocean_display_footer_bottom":"default","ocean_custom_footer_template":"0","ocean_post_oembed":"","ocean_post_self_hosted_media":"","ocean_post_video_embed":"","ocean_link_format":"","ocean_link_format_target":"self","ocean_quote_format":"","ocean_quote_format_link":"post","ocean_gallery_link_images":"on","ocean_gallery_id":[]},"categories":[93],"tags":[68,95,85,73,97,98,76,94,99,71,96,79],"yoast_head":"<!-- This site is optimized with the Yoast SEO plugin v19.5.1 - https:\/\/yoast.com\/wordpress\/plugins\/seo\/ -->\n<title>Komentarz do numerycznych prognoz pogody (09\/10.03.2023) - Laboratorium Modelowania Meteorologicznego CMOK IMGW-PIB<\/title>\n<meta name=\"description\" content=\"Komentarz do numerycznych prognoz pogody opracowany w Centrum Modelowania Meteorologicznego IMGW-PIB.\" \/>\n<meta name=\"robots\" content=\"index, follow, max-snippet:-1, max-image-preview:large, max-video-preview:-1\" \/>\n<link rel=\"canonical\" href=\"https:\/\/cmm.imgw.pl\/?p=24590\" \/>\n<meta property=\"og:locale\" content=\"pl_PL\" \/>\n<meta property=\"og:type\" content=\"article\" \/>\n<meta property=\"og:title\" content=\"Komentarz do numerycznych prognoz pogody (09\/10.03.2023)\" \/>\n<meta property=\"og:description\" content=\"Komentarz do numerycznych prognoz pogody opracowany w Centrum Modelowania Meteorologicznego IMGW-PIB\" \/>\n<meta property=\"og:url\" content=\"https:\/\/cmm.imgw.pl\/?p=24590\" \/>\n<meta property=\"og:site_name\" content=\"Laboratorium Modelowania Meteorologicznego CMOK IMGW-PIB\" \/>\n<meta property=\"article:publisher\" content=\"https:\/\/www.facebook.com\/Meteoimgw\/\" \/>\n<meta property=\"article:published_time\" content=\"2023-03-09T16:26:02+00:00\" \/>\n<meta property=\"article:modified_time\" content=\"2023-03-09T16:27:16+00:00\" \/>\n<meta property=\"og:image\" content=\"http:\/\/cmm.imgw.pl\/wp-content\/uploads\/2023\/02\/komentarz4.png\" \/>\n\t<meta property=\"og:image:width\" content=\"1280\" \/>\n\t<meta property=\"og:image:height\" content=\"720\" \/>\n\t<meta property=\"og:image:type\" content=\"image\/png\" \/>\n<meta name=\"author\" content=\"CMM\" \/>\n<meta name=\"twitter:card\" content=\"summary_large_image\" \/>\n<meta name=\"twitter:title\" content=\"Komentarz do numerycznych prognoz pogody (09\/10.03.2023)\" \/>\n<meta name=\"twitter:description\" content=\"Komentarz do numerycznych prognoz pogody opracowany w Centrum Modelowania Meteorologicznego IMGW-PIB\" \/>\n<meta name=\"twitter:image\" content=\"https:\/\/cmm.imgw.pl\/wp-content\/uploads\/2023\/02\/komentarz4.png\" \/>\n<meta name=\"twitter:creator\" content=\"@IMGW_CMM\" \/>\n<meta name=\"twitter:site\" content=\"@IMGW_CMM\" \/>\n<meta name=\"twitter:label1\" content=\"Napisane przez\" \/>\n\t<meta name=\"twitter:data1\" content=\"CMM\" \/>\n\t<meta name=\"twitter:label2\" content=\"Szacowany czas czytania\" \/>\n\t<meta name=\"twitter:data2\" content=\"1 minuta\" \/>\n<script type=\"application\/ld+json\" class=\"yoast-schema-graph\">{\"@context\":\"https:\/\/schema.org\",\"@graph\":[{\"@type\":\"Article\",\"@id\":\"https:\/\/cmm.imgw.pl\/?p=24590#article\",\"isPartOf\":{\"@id\":\"https:\/\/cmm.imgw.pl\/?p=24590\"},\"author\":{\"name\":\"CMM\",\"@id\":\"https:\/\/cmm.imgw.pl\/#\/schema\/person\/a24a37fe434fe76b0f5791e6bd3fdb46\"},\"headline\":\"Komentarz do numerycznych prognoz pogody (09\/10.03.2023)\",\"datePublished\":\"2023-03-09T16:26:02+00:00\",\"dateModified\":\"2023-03-09T16:27:16+00:00\",\"mainEntityOfPage\":{\"@id\":\"https:\/\/cmm.imgw.pl\/?p=24590\"},\"wordCount\":1654,\"publisher\":{\"@id\":\"https:\/\/cmm.imgw.pl\/#organization\"},\"keywords\":[\"cmm\",\"Cosmo\",\"imgw\",\"klimat\",\"komentarz\",\"komentarz pogodowy\",\"meteorologia\",\"NMP\",\"NPP\",\"pogoda\",\"prognoza pogody\",\"zima\"],\"articleSection\":[\"Komentarz\"],\"inLanguage\":\"pl-PL\"},{\"@type\":\"WebPage\",\"@id\":\"https:\/\/cmm.imgw.pl\/?p=24590\",\"url\":\"https:\/\/cmm.imgw.pl\/?p=24590\",\"name\":\"Komentarz do numerycznych prognoz pogody (09\/10.03.2023) - Laboratorium Modelowania Meteorologicznego CMOK IMGW-PIB\",\"isPartOf\":{\"@id\":\"https:\/\/cmm.imgw.pl\/#website\"},\"datePublished\":\"2023-03-09T16:26:02+00:00\",\"dateModified\":\"2023-03-09T16:27:16+00:00\",\"description\":\"Komentarz do numerycznych prognoz pogody opracowany w Centrum Modelowania Meteorologicznego IMGW-PIB.\",\"breadcrumb\":{\"@id\":\"https:\/\/cmm.imgw.pl\/?p=24590#breadcrumb\"},\"inLanguage\":\"pl-PL\",\"potentialAction\":[{\"@type\":\"ReadAction\",\"target\":[\"https:\/\/cmm.imgw.pl\/?p=24590\"]}]},{\"@type\":\"BreadcrumbList\",\"@id\":\"https:\/\/cmm.imgw.pl\/?p=24590#breadcrumb\",\"itemListElement\":[{\"@type\":\"ListItem\",\"position\":1,\"name\":\"Home\",\"item\":\"https:\/\/cmm.imgw.pl\/\"},{\"@type\":\"ListItem\",\"position\":2,\"name\":\"Komentarz do numerycznych prognoz pogody (09\/10.03.2023)\"}]},{\"@type\":\"WebSite\",\"@id\":\"https:\/\/cmm.imgw.pl\/#website\",\"url\":\"https:\/\/cmm.imgw.pl\/\",\"name\":\"Laboratorium Modelowania Meteorologicznego CMOK IMGW-PIB\",\"description\":\"CMOK-LMM Laboratorium pe\u0142ni pa\u0144stwow\u0105 s\u0142u\u017cb\u0119 hydrologiczno-meteorologiczn\u0105 w zakresie numerycznych prognoz pogody, kt\u00f3rego zadaniem jest konsolidacja kompetencji w obszarze modelowania zjawisk pogodowych oraz dalszego rozwoju numerycznych modeli pogody (NMP).\",\"publisher\":{\"@id\":\"https:\/\/cmm.imgw.pl\/#organization\"},\"potentialAction\":[{\"@type\":\"SearchAction\",\"target\":{\"@type\":\"EntryPoint\",\"urlTemplate\":\"https:\/\/cmm.imgw.pl\/?s={search_term_string}\"},\"query-input\":\"required name=search_term_string\"}],\"inLanguage\":\"pl-PL\"},{\"@type\":\"Organization\",\"@id\":\"https:\/\/cmm.imgw.pl\/#organization\",\"name\":\"Laboratorium Modelowania Meteorologicznego CMOK IMGW-PIB\",\"url\":\"https:\/\/cmm.imgw.pl\/\",\"sameAs\":[\"https:\/\/www.facebook.com\/Meteoimgw\/\",\"https:\/\/twitter.com\/IMGW_CMM\"],\"logo\":{\"@type\":\"ImageObject\",\"inLanguage\":\"pl-PL\",\"@id\":\"https:\/\/cmm.imgw.pl\/#\/schema\/logo\/image\/\",\"url\":\"https:\/\/cmm.imgw.pl\/wp-content\/uploads\/2025\/10\/MODELE_LOGO_UNIFIKACJA_v2.png\",\"contentUrl\":\"https:\/\/cmm.imgw.pl\/wp-content\/uploads\/2025\/10\/MODELE_LOGO_UNIFIKACJA_v2.png\",\"width\":1356,\"height\":365,\"caption\":\"Laboratorium Modelowania Meteorologicznego CMOK IMGW-PIB\"},\"image\":{\"@id\":\"https:\/\/cmm.imgw.pl\/#\/schema\/logo\/image\/\"}},{\"@type\":\"Person\",\"@id\":\"https:\/\/cmm.imgw.pl\/#\/schema\/person\/a24a37fe434fe76b0f5791e6bd3fdb46\",\"name\":\"CMM\",\"image\":{\"@type\":\"ImageObject\",\"inLanguage\":\"pl-PL\",\"@id\":\"https:\/\/cmm.imgw.pl\/#\/schema\/person\/image\/\",\"url\":\"https:\/\/secure.gravatar.com\/avatar\/9248ea2273711f1cd09d6bd45867dbfb?s=96&d=blank&r=g\",\"contentUrl\":\"https:\/\/secure.gravatar.com\/avatar\/9248ea2273711f1cd09d6bd45867dbfb?s=96&d=blank&r=g\",\"caption\":\"CMM\"},\"sameAs\":[\"http:\/\/cmm.imgw.pl\"],\"url\":\"https:\/\/cmm.imgw.pl\/?author=3\"}]}<\/script>\n<!-- \/ Yoast SEO plugin. -->","yoast_head_json":{"title":"Komentarz do numerycznych prognoz pogody (09\/10.03.2023) - Laboratorium Modelowania Meteorologicznego CMOK IMGW-PIB","description":"Komentarz do numerycznych prognoz pogody opracowany w Centrum Modelowania Meteorologicznego IMGW-PIB.","robots":{"index":"index","follow":"follow","max-snippet":"max-snippet:-1","max-image-preview":"max-image-preview:large","max-video-preview":"max-video-preview:-1"},"canonical":"https:\/\/cmm.imgw.pl\/?p=24590","og_locale":"pl_PL","og_type":"article","og_title":"Komentarz do numerycznych prognoz pogody (09\/10.03.2023)","og_description":"Komentarz do numerycznych prognoz pogody opracowany w Centrum Modelowania Meteorologicznego IMGW-PIB","og_url":"https:\/\/cmm.imgw.pl\/?p=24590","og_site_name":"Laboratorium Modelowania Meteorologicznego CMOK IMGW-PIB","article_publisher":"https:\/\/www.facebook.com\/Meteoimgw\/","article_published_time":"2023-03-09T16:26:02+00:00","article_modified_time":"2023-03-09T16:27:16+00:00","og_image":[{"width":1280,"height":720,"url":"http:\/\/cmm.imgw.pl\/wp-content\/uploads\/2023\/02\/komentarz4.png","type":"image\/png"}],"author":"CMM","twitter_card":"summary_large_image","twitter_title":"Komentarz do numerycznych prognoz pogody (09\/10.03.2023)","twitter_description":"Komentarz do numerycznych prognoz pogody opracowany w Centrum Modelowania Meteorologicznego IMGW-PIB","twitter_image":"https:\/\/cmm.imgw.pl\/wp-content\/uploads\/2023\/02\/komentarz4.png","twitter_creator":"@IMGW_CMM","twitter_site":"@IMGW_CMM","twitter_misc":{"Napisane przez":"CMM","Szacowany czas czytania":"1 minuta"},"schema":{"@context":"https:\/\/schema.org","@graph":[{"@type":"Article","@id":"https:\/\/cmm.imgw.pl\/?p=24590#article","isPartOf":{"@id":"https:\/\/cmm.imgw.pl\/?p=24590"},"author":{"name":"CMM","@id":"https:\/\/cmm.imgw.pl\/#\/schema\/person\/a24a37fe434fe76b0f5791e6bd3fdb46"},"headline":"Komentarz do numerycznych prognoz pogody (09\/10.03.2023)","datePublished":"2023-03-09T16:26:02+00:00","dateModified":"2023-03-09T16:27:16+00:00","mainEntityOfPage":{"@id":"https:\/\/cmm.imgw.pl\/?p=24590"},"wordCount":1654,"publisher":{"@id":"https:\/\/cmm.imgw.pl\/#organization"},"keywords":["cmm","Cosmo","imgw","klimat","komentarz","komentarz pogodowy","meteorologia","NMP","NPP","pogoda","prognoza pogody","zima"],"articleSection":["Komentarz"],"inLanguage":"pl-PL"},{"@type":"WebPage","@id":"https:\/\/cmm.imgw.pl\/?p=24590","url":"https:\/\/cmm.imgw.pl\/?p=24590","name":"Komentarz do numerycznych prognoz pogody (09\/10.03.2023) - Laboratorium Modelowania Meteorologicznego CMOK IMGW-PIB","isPartOf":{"@id":"https:\/\/cmm.imgw.pl\/#website"},"datePublished":"2023-03-09T16:26:02+00:00","dateModified":"2023-03-09T16:27:16+00:00","description":"Komentarz do numerycznych prognoz pogody opracowany w Centrum Modelowania Meteorologicznego IMGW-PIB.","breadcrumb":{"@id":"https:\/\/cmm.imgw.pl\/?p=24590#breadcrumb"},"inLanguage":"pl-PL","potentialAction":[{"@type":"ReadAction","target":["https:\/\/cmm.imgw.pl\/?p=24590"]}]},{"@type":"BreadcrumbList","@id":"https:\/\/cmm.imgw.pl\/?p=24590#breadcrumb","itemListElement":[{"@type":"ListItem","position":1,"name":"Home","item":"https:\/\/cmm.imgw.pl\/"},{"@type":"ListItem","position":2,"name":"Komentarz do numerycznych prognoz pogody (09\/10.03.2023)"}]},{"@type":"WebSite","@id":"https:\/\/cmm.imgw.pl\/#website","url":"https:\/\/cmm.imgw.pl\/","name":"Laboratorium Modelowania Meteorologicznego CMOK IMGW-PIB","description":"CMOK-LMM Laboratorium pe\u0142ni pa\u0144stwow\u0105 s\u0142u\u017cb\u0119 hydrologiczno-meteorologiczn\u0105 w zakresie numerycznych prognoz pogody, kt\u00f3rego zadaniem jest konsolidacja kompetencji w obszarze modelowania zjawisk pogodowych oraz dalszego rozwoju numerycznych modeli pogody (NMP).","publisher":{"@id":"https:\/\/cmm.imgw.pl\/#organization"},"potentialAction":[{"@type":"SearchAction","target":{"@type":"EntryPoint","urlTemplate":"https:\/\/cmm.imgw.pl\/?s={search_term_string}"},"query-input":"required name=search_term_string"}],"inLanguage":"pl-PL"},{"@type":"Organization","@id":"https:\/\/cmm.imgw.pl\/#organization","name":"Laboratorium Modelowania Meteorologicznego CMOK IMGW-PIB","url":"https:\/\/cmm.imgw.pl\/","sameAs":["https:\/\/www.facebook.com\/Meteoimgw\/","https:\/\/twitter.com\/IMGW_CMM"],"logo":{"@type":"ImageObject","inLanguage":"pl-PL","@id":"https:\/\/cmm.imgw.pl\/#\/schema\/logo\/image\/","url":"https:\/\/cmm.imgw.pl\/wp-content\/uploads\/2025\/10\/MODELE_LOGO_UNIFIKACJA_v2.png","contentUrl":"https:\/\/cmm.imgw.pl\/wp-content\/uploads\/2025\/10\/MODELE_LOGO_UNIFIKACJA_v2.png","width":1356,"height":365,"caption":"Laboratorium Modelowania Meteorologicznego CMOK IMGW-PIB"},"image":{"@id":"https:\/\/cmm.imgw.pl\/#\/schema\/logo\/image\/"}},{"@type":"Person","@id":"https:\/\/cmm.imgw.pl\/#\/schema\/person\/a24a37fe434fe76b0f5791e6bd3fdb46","name":"CMM","image":{"@type":"ImageObject","inLanguage":"pl-PL","@id":"https:\/\/cmm.imgw.pl\/#\/schema\/person\/image\/","url":"https:\/\/secure.gravatar.com\/avatar\/9248ea2273711f1cd09d6bd45867dbfb?s=96&d=blank&r=g","contentUrl":"https:\/\/secure.gravatar.com\/avatar\/9248ea2273711f1cd09d6bd45867dbfb?s=96&d=blank&r=g","caption":"CMM"},"sameAs":["http:\/\/cmm.imgw.pl"],"url":"https:\/\/cmm.imgw.pl\/?author=3"}]}},"_links":{"self":[{"href":"https:\/\/cmm.imgw.pl\/index.php?rest_route=\/wp\/v2\/posts\/24590"}],"collection":[{"href":"https:\/\/cmm.imgw.pl\/index.php?rest_route=\/wp\/v2\/posts"}],"about":[{"href":"https:\/\/cmm.imgw.pl\/index.php?rest_route=\/wp\/v2\/types\/post"}],"author":[{"embeddable":true,"href":"https:\/\/cmm.imgw.pl\/index.php?rest_route=\/wp\/v2\/users\/3"}],"replies":[{"embeddable":true,"href":"https:\/\/cmm.imgw.pl\/index.php?rest_route=%2Fwp%2Fv2%2Fcomments&post=24590"}],"version-history":[{"count":6,"href":"https:\/\/cmm.imgw.pl\/index.php?rest_route=\/wp\/v2\/posts\/24590\/revisions"}],"predecessor-version":[{"id":24714,"href":"https:\/\/cmm.imgw.pl\/index.php?rest_route=\/wp\/v2\/posts\/24590\/revisions\/24714"}],"wp:attachment":[{"href":"https:\/\/cmm.imgw.pl\/index.php?rest_route=%2Fwp%2Fv2%2Fmedia&parent=24590"}],"wp:term":[{"taxonomy":"category","embeddable":true,"href":"https:\/\/cmm.imgw.pl\/index.php?rest_route=%2Fwp%2Fv2%2Fcategories&post=24590"},{"taxonomy":"post_tag","embeddable":true,"href":"https:\/\/cmm.imgw.pl\/index.php?rest_route=%2Fwp%2Fv2%2Ftags&post=24590"}],"curies":[{"name":"wp","href":"https:\/\/api.w.org\/{rel}","templated":true}]}}