{"id":23415,"date":"2023-03-01T14:45:16","date_gmt":"2023-03-01T13:45:16","guid":{"rendered":"https:\/\/cmm.imgw.pl\/?p=23415"},"modified":"2023-03-01T14:45:18","modified_gmt":"2023-03-01T13:45:18","slug":"komentarz-do-numerycznych-prognoz-pogody-2","status":"publish","type":"post","link":"https:\/\/cmm.imgw.pl\/?p=23415","title":{"rendered":"Komentarz do numerycznych prognoz pogody (01\/02.03.2023)"},"content":{"rendered":"\n<figure class=\"wp-block-image size-large\"><img loading=\"lazy\" width=\"1024\" height=\"576\" src=\"https:\/\/cmm.imgw.pl\/wp-content\/uploads\/2023\/03\/komentarz4-1024x576.png\" alt=\"\" class=\"wp-image-23494\" srcset=\"https:\/\/cmm.imgw.pl\/wp-content\/uploads\/2023\/03\/komentarz4-1024x576.png 1024w, https:\/\/cmm.imgw.pl\/wp-content\/uploads\/2023\/03\/komentarz4-300x169.png 300w, https:\/\/cmm.imgw.pl\/wp-content\/uploads\/2023\/03\/komentarz4-768x432.png 768w, https:\/\/cmm.imgw.pl\/wp-content\/uploads\/2023\/03\/komentarz4-800x450.png 800w, https:\/\/cmm.imgw.pl\/wp-content\/uploads\/2023\/03\/komentarz4.png 1280w\" sizes=\"(max-width: 1024px) 100vw, 1024px\" \/><\/figure>\n\n\n\n<p><em>Tre\u015b\u0107 komentarza do numerycznych prognoz meteorologicznych stanowi niezale\u017cne od biura prognoz meteorologicznych opracowanie wykonane w Centrum Modelowania Meteorologicznego i nie stanowi oficjalnej prognozy synoptycznej IMGW-PIB.<\/em><\/p>\n\n\n\n<p><strong>Opracowanie:<\/strong><\/p>\n\n\n\n<p><strong>dr&nbsp;Grzegorz&nbsp;Duniec, <a href=\"https:\/\/cmm.imgw.pl\/\" target=\"_blank\" rel=\"noreferrer noopener\"><mark style=\"background-color:rgba(0, 0, 0, 0)\" class=\"has-inline-color has-vivid-cyan-blue-color\">Centrum Modelowania Meteorologicznego IMGW-PIB<\/mark><\/a><\/strong><\/p>\n\n\n<p><strong>Opis aktualnej sytuacji meteorologicznej w kraju i Europie<\/strong><\/p>\n<p><img loading=\"lazy\" width=\"577\" height=\"511\" class=\"wp-image-23416 aligncenter\" src=\"http:\/\/cmm.imgw.pl\/wp-content\/uploads\/2023\/03\/word-image-23415-1.jpeg\" srcset=\"https:\/\/cmm.imgw.pl\/wp-content\/uploads\/2023\/03\/word-image-23415-1.jpeg 577w, https:\/\/cmm.imgw.pl\/wp-content\/uploads\/2023\/03\/word-image-23415-1-300x266.jpeg 300w\" sizes=\"(max-width: 577px) 100vw, 577px\" \/><\/p>\n<p><img loading=\"lazy\" width=\"724\" height=\"514\" class=\"wp-image-23417 aligncenter\" src=\"http:\/\/cmm.imgw.pl\/wp-content\/uploads\/2023\/03\/word-image-23415-2.png\" srcset=\"https:\/\/cmm.imgw.pl\/wp-content\/uploads\/2023\/03\/word-image-23415-2.png 724w, https:\/\/cmm.imgw.pl\/wp-content\/uploads\/2023\/03\/word-image-23415-2-300x213.png 300w\" sizes=\"(max-width: 724px) 100vw, 724px\" \/><\/p>\n<p><strong>Aktualna sytuacja synoptyczna<\/strong><\/p>\n<p>Nad p\u00f3\u0142nocn\u0105 Polsk\u0105 zalega zatoka niskiego ci\u015bnienia z uk\u0142adem front\u00f3w atmosferycznych, ciep\u0142ym i ch\u0142odnym. Fronty zwi\u0105zane s\u0105 z ni\u017cem, kt\u00f3rego centrum 983,8 hPa zalega nad Nizin\u0105 Zachodniosyberyjsk\u0105. Ni\u017c jest w czwartym stadium ewolucji i wype\u0142nia si\u0119. Ni\u017c znad Morze Grenlandzkiego przemie\u015bci\u0142 si\u0119 na p\u00f3\u0142noc i jego centrum znalaz\u0142o si\u0119 poza zasi\u0119giem dolnej mapy synoptycznej, jedynie nad Skandynawi\u0105 zalega jego pofalowany front atmosferyczny z ciep\u0142ym i ch\u0142odnym odcinkiem. Rozleg\u0142a zatoka niskiego ci\u015bnienia zwi\u0105zana z ni\u017cem znad rejonu Grenlandii, w kt\u00f3rej po zachodniej cz\u0119\u015bci wy\u017cu zalega\u0142 pofalowany front okluzji, przemie\u015bci\u0142a si\u0119 nad Morze Norweskie. Ni\u017c w dalszym ci\u0105gu podlega procesowi wype\u0142niania a jego centrum 988,9 hPa zalega nad Morzem Grenlandzkim. Wy\u017c znad Anglii przemie\u015bci\u0142 si\u0119 nad Atlantyk i nieznacznie si\u0119 umocni\u0142, ci\u015bnienie w jego centrum wzros\u0142o do 1041,8 hPa. Wczoraj nad Atlantykiem zalega\u0142y dwa wiry cyklonalne. Jeden z nich wype\u0142ni\u0142 si\u0119 i zanik\u0142 w dolnej troposferze. Pozosta\u0142 jeszcze jeden wir z centrum 980 hPa. W ci\u0105gu ostatniej doby wir pog\u0142\u0119bi\u0142 si\u0119 i nast\u0119pnie wszed\u0142 w stadium wype\u0142niania si\u0119. Nad Europ\u0105 po\u0142udniow\u0105 zalega ni\u017c, kt\u00f3rego centrum 1006,8 hPa zalega nad Sardyni\u0105. Nad p\u00f3\u0142nocno zachodni\u0105 Rosj\u0105 zalega front ch\u0142odny. Nad Morzem Czarnym front ciep\u0142y.<\/p>\n<p><strong>Analiza pola barycznego na wy\u017cszych poziomach izobarycznych<\/strong><\/p>\n<p><img loading=\"lazy\" width=\"560\" height=\"502\" class=\"wp-image-23418 aligncenter\" src=\"http:\/\/cmm.imgw.pl\/wp-content\/uploads\/2023\/03\/word-image-23415-3.png\" srcset=\"https:\/\/cmm.imgw.pl\/wp-content\/uploads\/2023\/03\/word-image-23415-3.png 560w, https:\/\/cmm.imgw.pl\/wp-content\/uploads\/2023\/03\/word-image-23415-3-300x269.png 300w\" sizes=\"(max-width: 560px) 100vw, 560px\" \/> <img loading=\"lazy\" width=\"555\" height=\"499\" class=\"wp-image-23419 aligncenter\" src=\"http:\/\/cmm.imgw.pl\/wp-content\/uploads\/2023\/03\/word-image-23415-4.png\" srcset=\"https:\/\/cmm.imgw.pl\/wp-content\/uploads\/2023\/03\/word-image-23415-4.png 555w, https:\/\/cmm.imgw.pl\/wp-content\/uploads\/2023\/03\/word-image-23415-4-300x270.png 300w\" sizes=\"(max-width: 555px) 100vw, 555px\" \/> <img loading=\"lazy\" width=\"557\" height=\"499\" class=\"wp-image-23420 aligncenter\" src=\"http:\/\/cmm.imgw.pl\/wp-content\/uploads\/2023\/03\/word-image-23415-5.png\" srcset=\"https:\/\/cmm.imgw.pl\/wp-content\/uploads\/2023\/03\/word-image-23415-5.png 557w, https:\/\/cmm.imgw.pl\/wp-content\/uploads\/2023\/03\/word-image-23415-5-300x269.png 300w\" sizes=\"(max-width: 557px) 100vw, 557px\" \/> <img loading=\"lazy\" width=\"555\" height=\"503\" class=\"wp-image-23421 aligncenter\" src=\"http:\/\/cmm.imgw.pl\/wp-content\/uploads\/2023\/03\/word-image-23415-6.png\" srcset=\"https:\/\/cmm.imgw.pl\/wp-content\/uploads\/2023\/03\/word-image-23415-6.png 555w, https:\/\/cmm.imgw.pl\/wp-content\/uploads\/2023\/03\/word-image-23415-6-300x272.png 300w\" sizes=\"(max-width: 555px) 100vw, 555px\" \/><\/p>\n<p><img loading=\"lazy\" width=\"554\" height=\"383\" class=\"wp-image-23422 aligncenter\" src=\"http:\/\/cmm.imgw.pl\/wp-content\/uploads\/2023\/03\/word-image-23415-7.jpeg\" srcset=\"https:\/\/cmm.imgw.pl\/wp-content\/uploads\/2023\/03\/word-image-23415-7.jpeg 554w, https:\/\/cmm.imgw.pl\/wp-content\/uploads\/2023\/03\/word-image-23415-7-300x207.jpeg 300w\" sizes=\"(max-width: 554px) 100vw, 554px\" \/><\/p>\n<p>Wy\u017c znad Atlantyku nadal dobrze widoczny na wy\u017cszych poziomach w troposferze. Na osi wy\u017cu w kierunku pionowym roz\u0142o\u017cone s\u0105 nast\u0119puj\u0105ce centra: 160 gpdam na wysoko\u015bci 1,5km, 316 gpdam na wysoko\u015bci 3km, 572 gpdam na wysoko\u015bci 5,5 km, 925 gpdam na wysoko\u015bci 9km. W pionowym profilu wysoko\u015b\u0107 powierzchni izobarycznych nie uleg\u0142a zmianie. Ni\u017c znad Sardynii w wyniku wcze\u015bniejszego procesu rozwoju rozbudowa\u0142 si\u0119 w pionie i jest widoczny na wy\u017cszych poziomach w troposferze. Na osi ni\u017cu w kierunku pionowym roz\u0142o\u017cone s\u0105 nast\u0119puj\u0105ce centra: 144 gpdam na wysoko\u015bci 1,5km, 296 gpdam na wysoko\u015bci 3km, 548 gpdam na wysoko\u015bci 5,5 km, 896 gpdam na wysoko\u015bci 9km. Na poziomie 700hPa oraz 300 hPa jego g\u0142\u0119boko\u015b\u0107 nieznacznie zmala\u0142a. Ni\u017c znad zachodniej Rosji tak\u017ce w wyniku wcze\u015bniejszego procesu rozwoju rozbudowa\u0142 si\u0119 do wy\u017cszych poziom\u00f3w w troposferze i jest widoczny a\u017c do wysoko\u015bci 9km. O\u015b ni\u017cu znajduje si\u0119 poza zasi\u0119giem map topografii barycznej bezwzgl\u0119dnej TB. Nad p\u00f3\u0142nocno wschodni\u0105 Europ\u0105, w rejonie Islandii oraz nad Hiszpani\u0105 i p\u00f3\u0142nocn\u0105 Afryk\u0105, rozci\u0105ga si\u0119 strefa du\u017cych zag\u0119szcze\u0144 izohips i izoterm. Jest to obszar wyst\u0119powania pr\u0105d\u00f3w strumieniowych (significant europejski, na godzin\u0119 06UTC). Wysoko\u015b\u0107 tropopauzy nad Polska na wynosi FL400, 40000 ft., czyli oko\u0142o 12192 metr\u00f3w.<\/p>\n<p><img loading=\"lazy\" width=\"2156\" height=\"1728\" class=\"wp-image-23423 aligncenter\" src=\"http:\/\/cmm.imgw.pl\/wp-content\/uploads\/2023\/03\/word-image-23415-8.png\" srcset=\"https:\/\/cmm.imgw.pl\/wp-content\/uploads\/2023\/03\/word-image-23415-8.png 2156w, https:\/\/cmm.imgw.pl\/wp-content\/uploads\/2023\/03\/word-image-23415-8-300x240.png 300w, https:\/\/cmm.imgw.pl\/wp-content\/uploads\/2023\/03\/word-image-23415-8-1024x821.png 1024w, https:\/\/cmm.imgw.pl\/wp-content\/uploads\/2023\/03\/word-image-23415-8-768x616.png 768w, https:\/\/cmm.imgw.pl\/wp-content\/uploads\/2023\/03\/word-image-23415-8-1536x1231.png 1536w, https:\/\/cmm.imgw.pl\/wp-content\/uploads\/2023\/03\/word-image-23415-8-2048x1641.png 2048w\" sizes=\"(max-width: 2156px) 100vw, 2156px\" \/><\/p>\n<p><strong>Rozw\u00f3j sytuacji barycznej nad Europ\u0105 w horyzoncie 24 godzin<\/strong><\/p>\n<p><img loading=\"lazy\" width=\"1075\" height=\"764\" class=\"wp-image-23424 aligncenter\" src=\"http:\/\/cmm.imgw.pl\/wp-content\/uploads\/2023\/03\/word-image-23415-9.gif\" \/> <img loading=\"lazy\" width=\"1075\" height=\"764\" class=\"wp-image-23425 aligncenter\" src=\"http:\/\/cmm.imgw.pl\/wp-content\/uploads\/2023\/03\/word-image-23415-10.gif\" \/><\/p>\n<p>Nad ranem w dzielnicach p\u00f3\u0142nocnych zalega\u0142a zatoka z frontami atmosferycznymi. Klin wysokiego ci\u015bnienia zwi\u0105zany z wy\u017cem nad Atlantykiem na tyle si\u0119 umocni, \u017ce uk\u0142ad front\u00f3w atmosferycznych zostanie wypchni\u0119ty na wsch\u00f3d. Jutro Polska powinna pozosta\u0107 pod wp\u0142ywem klina wysokiego ci\u015bnienia. Jedynie kra\u0144ce p\u00f3\u0142nocno wschodnie mog\u0105 by\u0107 w zasi\u0119gu frontu ch\u0142odnego. Wy\u017c znad Atlantyku zacznie s\u0142abn\u0105\u0107. Do jutra ci\u015bnienie w jego centrum obni\u017cy si\u0119 do 1030 hPa. P\u0142ytki ni\u017c znad Sardynii przemie\u015bci si\u0119 nad Morze Tyrre\u0144skie. Ni\u017c si\u0119 nieznacznie wype\u0142ni. W nocy nad Skandynawi\u0105 zalega\u0107 b\u0119dzie zatoka niskiego ci\u015bnienia z uk\u0142adem front\u00f3w atmosferycznych, kt\u00f3re do jutra przemieszcz\u0105 si\u0119 na wsch\u00f3d i znajd\u0105 si\u0119 nad Rosj\u0105. Ni\u017c znad Atlantyku pocz\u0105tkowo b\u0119dzie si\u0119 wype\u0142nia\u0142 i warto\u015b\u0107 ci\u015bnienia w nocy osi\u0105gnie 980 hPa. Po p\u00f3\u0142nocy powinien wej\u015b\u0107 w faz\u0119 pog\u0142\u0119biania. Jutro ci\u015bnienie w jego centrum osi\u0105gnie warto\u015b\u0107 975 hPa. Na zach\u00f3d od uk\u0142adu niskiego ci\u015bnienia na Atlantyku pojawi si\u0119 kolejny wir cyklonalny, kt\u00f3ry b\u0119dzie si\u0119 pog\u0142\u0119bia\u0142.<\/p>\n<p><strong>Analiza prognostycznego pola geopotencja\u0142u na wy\u017cszych poziomach izobarycznych<\/strong><\/p>\n<p><img loading=\"lazy\" width=\"696\" height=\"490\" class=\"wp-image-23426 aligncenter\" src=\"http:\/\/cmm.imgw.pl\/wp-content\/uploads\/2023\/03\/word-image-23415-11.png\" srcset=\"https:\/\/cmm.imgw.pl\/wp-content\/uploads\/2023\/03\/word-image-23415-11.png 696w, https:\/\/cmm.imgw.pl\/wp-content\/uploads\/2023\/03\/word-image-23415-11-300x211.png 300w\" sizes=\"(max-width: 696px) 100vw, 696px\" \/> <img loading=\"lazy\" width=\"694\" height=\"494\" class=\"wp-image-23427 aligncenter\" src=\"http:\/\/cmm.imgw.pl\/wp-content\/uploads\/2023\/03\/word-image-23415-12.png\" srcset=\"https:\/\/cmm.imgw.pl\/wp-content\/uploads\/2023\/03\/word-image-23415-12.png 694w, https:\/\/cmm.imgw.pl\/wp-content\/uploads\/2023\/03\/word-image-23415-12-300x214.png 300w\" sizes=\"(max-width: 694px) 100vw, 694px\" \/><\/p>\n<p><img loading=\"lazy\" width=\"692\" height=\"491\" class=\"wp-image-23428 aligncenter\" src=\"http:\/\/cmm.imgw.pl\/wp-content\/uploads\/2023\/03\/word-image-23415-13.png\" srcset=\"https:\/\/cmm.imgw.pl\/wp-content\/uploads\/2023\/03\/word-image-23415-13.png 692w, https:\/\/cmm.imgw.pl\/wp-content\/uploads\/2023\/03\/word-image-23415-13-300x213.png 300w\" sizes=\"(max-width: 692px) 100vw, 692px\" \/> <img loading=\"lazy\" width=\"694\" height=\"486\" class=\"wp-image-23429 aligncenter\" src=\"http:\/\/cmm.imgw.pl\/wp-content\/uploads\/2023\/03\/word-image-23415-14.png\" srcset=\"https:\/\/cmm.imgw.pl\/wp-content\/uploads\/2023\/03\/word-image-23415-14.png 694w, https:\/\/cmm.imgw.pl\/wp-content\/uploads\/2023\/03\/word-image-23415-14-300x210.png 300w\" sizes=\"(max-width: 694px) 100vw, 694px\" \/><\/p>\n<p><img loading=\"lazy\" width=\"658\" height=\"458\" class=\"wp-image-23430 aligncenter\" src=\"http:\/\/cmm.imgw.pl\/wp-content\/uploads\/2023\/03\/word-image-23415-15.jpeg\" srcset=\"https:\/\/cmm.imgw.pl\/wp-content\/uploads\/2023\/03\/word-image-23415-15.jpeg 658w, https:\/\/cmm.imgw.pl\/wp-content\/uploads\/2023\/03\/word-image-23415-15-300x209.jpeg 300w\" sizes=\"(max-width: 658px) 100vw, 658px\" \/> <img loading=\"lazy\" width=\"654\" height=\"454\" class=\"wp-image-23431 aligncenter\" src=\"http:\/\/cmm.imgw.pl\/wp-content\/uploads\/2023\/03\/word-image-23415-16.jpeg\" srcset=\"https:\/\/cmm.imgw.pl\/wp-content\/uploads\/2023\/03\/word-image-23415-16.jpeg 654w, https:\/\/cmm.imgw.pl\/wp-content\/uploads\/2023\/03\/word-image-23415-16-300x208.jpeg 300w\" sizes=\"(max-width: 654px) 100vw, 654px\" \/><\/p>\n<p>Wy\u017c znad Atlantyku w dolnej troposferze zacz\u0105\u0142 s\u0142abn\u0105\u0107. Proces s\u0142abni\u0119cia obejmie tak\u017ce wy\u017csze obszary troposfery. Na osi wy\u017cu w kierunku pionowym roz\u0142o\u017cone b\u0119d\u0105 nast\u0119puj\u0105ce centra w kt\u00f3rych wysoko\u015b\u0107 powierzchni izobarycznej zmaleje: ze 164 gpdam do 159 gpdam na wysoko\u015bci 1,5km, z 574 gpdam na 568 gpdam na wysoko\u015bci 5,5 km, z 924 gpdam na prawdopodobnie 912 gpdam wysoko\u015bci 9km. Na pozie 300 hPa brak ju\u017c zamkni\u0119tej izohipsy. Ni\u017c nad Sardyni\u0105 r\u00f3wnie\u017c si\u0119 wype\u0142nia. Wysoko\u015b\u0107 powierzchni izobarycznych r\u00f3wnie\u017c wzro\u015bnie ze 139 gpdam na 140 gpdam na wysoko\u015bci 1,5km, z 541 gpdam na 544 gpdam na wysoko\u015bci 5,5 km oraz z 889 gpdam na 891 gpdam na wysoko\u015bci 9 km. O\u015b ni\u017cu pochylona na zach\u00f3d w kierunku ch\u0142odniejszej masy powietrza. Ni\u017c znad Niziny Zachodniosyberyjskiej r\u00f3wnie\u017c rozbudowany w pionie, o\u015b ni\u017cu b\u0119dzie pochylona w kierunku zachodnim\/po\u0142udniowo zachodnim, w kierunku ch\u0142odniejszej masy powietrza. Analizuj\u0105c wysoko\u015b\u0107 powierzchni izobarycznych na wy\u017cszych poziomach zauwa\u017cy\u0107 nale\u017cy obni\u017canie si\u0119 powierzchni czy pog\u0142\u0119bianie wiru cyklonalnego. Wysoko\u015b\u0107 powierzchni zmniejszy ze 114 gpdam na 108 gpdam na wysoko\u015bci 850 hPa, z 496 gpdam na 491 gpdam na wysoko\u015bci 500 hPa oraz z 830 gpdam na 822 gpdam na wysoko\u015bci 300 hPa. Zatem proces pog\u0142\u0119biania wiru obj\u0105\u0142 ca\u0142\u0105 troposfer\u0119. Nad p\u00f3\u0142nocno wschodni\u0105 Europ\u0105, Skandynawi\u0105, przez Islandi\u0119 i nad Atlantyk oraz nad Hiszpani\u0105 i p\u00f3\u0142nocn\u0105 Afryk\u0105 rozci\u0105ga si\u0119 strefa du\u017cych zag\u0119szcze\u0144 izohips oraz izoterm. B\u0119dzie to obszar (kolory czerwone) zwi\u0119kszonej pr\u0119dko\u015bci wiatru oraz wyst\u0119puj\u0105cych pr\u0105d\u00f3w strumieniowych.<\/p>\n<p><strong>Analiza termiczna <\/strong><\/p>\n<p><img loading=\"lazy\" width=\"634\" height=\"490\" class=\"wp-image-23432 aligncenter\" src=\"http:\/\/cmm.imgw.pl\/wp-content\/uploads\/2023\/03\/thck-500-1000hpa-gfs-sro-01-03-2023-15-utc.gif\" alt=\"Thck 500-1000hPa GFS \u015bro. 01.03.2023 15 UTC\" \/> <img loading=\"lazy\" width=\"634\" height=\"490\" class=\"wp-image-23433 aligncenter\" src=\"http:\/\/cmm.imgw.pl\/wp-content\/uploads\/2023\/03\/thck-500-1000hpa-gfs-czw-02-03-2023-03-utc.gif\" alt=\"Thck 500-1000hPa GFS czw. 02.03.2023 03 UTC\" \/><\/p>\n<p>Pi\u0119kna zatoka ch\u0142odnego powietrza zalegaj\u0105ca w p\u00f3\u0142nocno wschodniej Europie. Zatoka si\u0119ga a\u017c po Bia\u0142oru\u015b i p\u00f3\u0142nocn\u0105 Ukrain\u0119 oraz p\u00f3\u0142nocno zachodni\u0105 Rosj\u0119. Na pozosta\u0142ym kontynencie zalega nieco cieplejsza masa powietrza.<\/p>\n<p><strong>Analiza sytuacji pogodowej nad Polsk\u0105<\/strong><\/p>\n<p><img loading=\"lazy\" width=\"600\" height=\"640\" class=\"wp-image-23434 aligncenter\" src=\"http:\/\/cmm.imgw.pl\/wp-content\/uploads\/2023\/03\/word-image-23415-19.png\" srcset=\"https:\/\/cmm.imgw.pl\/wp-content\/uploads\/2023\/03\/word-image-23415-19.png 600w, https:\/\/cmm.imgw.pl\/wp-content\/uploads\/2023\/03\/word-image-23415-19-281x300.png 281w\" sizes=\"(max-width: 600px) 100vw, 600px\" \/> <img loading=\"lazy\" width=\"600\" height=\"640\" class=\"wp-image-23435 aligncenter\" src=\"http:\/\/cmm.imgw.pl\/wp-content\/uploads\/2023\/03\/word-image-23415-20.png\" srcset=\"https:\/\/cmm.imgw.pl\/wp-content\/uploads\/2023\/03\/word-image-23415-20.png 600w, https:\/\/cmm.imgw.pl\/wp-content\/uploads\/2023\/03\/word-image-23415-20-281x300.png 281w\" sizes=\"(max-width: 600px) 100vw, 600px\" \/><\/p>\n<p><img loading=\"lazy\" width=\"663\" height=\"577\" class=\"wp-image-23436 aligncenter\" src=\"http:\/\/cmm.imgw.pl\/wp-content\/uploads\/2023\/03\/word-image-23415-21.png\" srcset=\"https:\/\/cmm.imgw.pl\/wp-content\/uploads\/2023\/03\/word-image-23415-21.png 663w, https:\/\/cmm.imgw.pl\/wp-content\/uploads\/2023\/03\/word-image-23415-21-300x261.png 300w\" sizes=\"(max-width: 663px) 100vw, 663px\" \/> <img loading=\"lazy\" width=\"663\" height=\"577\" class=\"wp-image-23437 aligncenter\" src=\"http:\/\/cmm.imgw.pl\/wp-content\/uploads\/2023\/03\/word-image-23415-22.png\" srcset=\"https:\/\/cmm.imgw.pl\/wp-content\/uploads\/2023\/03\/word-image-23415-22.png 663w, https:\/\/cmm.imgw.pl\/wp-content\/uploads\/2023\/03\/word-image-23415-22-300x261.png 300w\" sizes=\"(max-width: 663px) 100vw, 663px\" \/> <img loading=\"lazy\" width=\"661\" height=\"574\" class=\"wp-image-23438 aligncenter\" src=\"http:\/\/cmm.imgw.pl\/wp-content\/uploads\/2023\/03\/word-image-23415-23.png\" srcset=\"https:\/\/cmm.imgw.pl\/wp-content\/uploads\/2023\/03\/word-image-23415-23.png 661w, https:\/\/cmm.imgw.pl\/wp-content\/uploads\/2023\/03\/word-image-23415-23-300x261.png 300w\" sizes=\"(max-width: 661px) 100vw, 661px\" \/> <img loading=\"lazy\" width=\"661\" height=\"574\" class=\"wp-image-23439 aligncenter\" src=\"http:\/\/cmm.imgw.pl\/wp-content\/uploads\/2023\/03\/word-image-23415-24.png\" srcset=\"https:\/\/cmm.imgw.pl\/wp-content\/uploads\/2023\/03\/word-image-23415-24.png 661w, https:\/\/cmm.imgw.pl\/wp-content\/uploads\/2023\/03\/word-image-23415-24-300x261.png 300w\" sizes=\"(max-width: 661px) 100vw, 661px\" \/><\/p>\n<p><img loading=\"lazy\" width=\"659\" height=\"573\" class=\"wp-image-23440 aligncenter\" src=\"http:\/\/cmm.imgw.pl\/wp-content\/uploads\/2023\/03\/word-image-23415-25.png\" srcset=\"https:\/\/cmm.imgw.pl\/wp-content\/uploads\/2023\/03\/word-image-23415-25.png 659w, https:\/\/cmm.imgw.pl\/wp-content\/uploads\/2023\/03\/word-image-23415-25-300x261.png 300w\" sizes=\"(max-width: 659px) 100vw, 659px\" \/><\/p>\n<p>Do Polski nap\u0142ywa powietrze z p\u00f3\u0142nocy, arktyczno-morskie, po wschodnim obszarze wy\u017cu znad Atlantyku. Na wschodzie kraju zalega ch\u0142odniejsza masa powietrza.<\/p>\n<p><strong>Analiza radiosonda\u017cu z godziny 00 UTC<\/strong><\/p>\n<p><img loading=\"lazy\" width=\"800\" height=\"640\" class=\"wp-image-23441 aligncenter\" src=\"http:\/\/cmm.imgw.pl\/wp-content\/uploads\/2023\/03\/word-image-23415-26.gif\" \/> <img loading=\"lazy\" width=\"800\" height=\"640\" class=\"wp-image-23442 aligncenter\" src=\"http:\/\/cmm.imgw.pl\/wp-content\/uploads\/2023\/03\/word-image-23415-27.gif\" \/> <img loading=\"lazy\" width=\"800\" height=\"640\" class=\"wp-image-23443 aligncenter\" src=\"http:\/\/cmm.imgw.pl\/wp-content\/uploads\/2023\/03\/word-image-23415-28.gif\" \/><\/p>\n<p>Z analizy pionowych sonda\u017cy aerologicznych wynika, \u017ce nad Polsk\u0105 by\u0142o sucho. Nad Legionowem, na wysoko\u015bci powy\u017cej 7200 metr\u00f3w wyst\u0119powa\u0142a strefa zwi\u0119kszonej wilgotno\u015bci i jak nale\u017ca\u0142o si\u0119 spodziewa\u0107 na tej wysoko\u015bci obserwowano na niebie chmury Cirrus spissatus a nad ranem tak\u017ce chmury Cirrostratus fibratus. W Polsce centralnej r\u00f3wnie\u017c wyst\u0105pi\u0142y chmury Cirrocumulus. W rejonie \u0141eby w warstwie przyziemnej wyst\u0119powa\u0142a strefa zwi\u0119kszonej wilgotno\u015bci a na niebie pojawi\u0142y si\u0119 chmury Stratus nebulosus oraz mg\u0142a. Na wysoko\u015bci powy\u017cej 380 hPa, w rejonie Pobrze\u017ca w godzinach porannych, r\u00f3wnie\u017c wyst\u0105pi\u0142a strefa zwi\u0119kszonej wilgotno\u015bci i wyst\u0119powa\u0142y chmury Cirrus spissatus i Cirrostratus fibratus. We Wroc\u0142awiu na wysoko\u015bci 860 metr\u00f3w wida\u0107 \u0142adn\u0105 inwersj\u0119 wy\u017cow\u0105.<\/p>\n<p><strong>Prognostyczna analiza pola wilgotno\u015bci w pionowym profilu w troposferze<\/strong><\/p>\n<p><img loading=\"lazy\" width=\"600\" height=\"640\" class=\"wp-image-23444 aligncenter\" src=\"http:\/\/cmm.imgw.pl\/wp-content\/uploads\/2023\/03\/word-image-23415-29.png\" srcset=\"https:\/\/cmm.imgw.pl\/wp-content\/uploads\/2023\/03\/word-image-23415-29.png 600w, https:\/\/cmm.imgw.pl\/wp-content\/uploads\/2023\/03\/word-image-23415-29-281x300.png 281w\" sizes=\"(max-width: 600px) 100vw, 600px\" \/> <img loading=\"lazy\" width=\"600\" height=\"640\" class=\"wp-image-23445 aligncenter\" src=\"http:\/\/cmm.imgw.pl\/wp-content\/uploads\/2023\/03\/word-image-23415-30.png\" srcset=\"https:\/\/cmm.imgw.pl\/wp-content\/uploads\/2023\/03\/word-image-23415-30.png 600w, https:\/\/cmm.imgw.pl\/wp-content\/uploads\/2023\/03\/word-image-23415-30-281x300.png 281w\" sizes=\"(max-width: 600px) 100vw, 600px\" \/><\/p>\n<p><img loading=\"lazy\" width=\"600\" height=\"640\" class=\"wp-image-23446 aligncenter\" src=\"http:\/\/cmm.imgw.pl\/wp-content\/uploads\/2023\/03\/word-image-23415-31.png\" srcset=\"https:\/\/cmm.imgw.pl\/wp-content\/uploads\/2023\/03\/word-image-23415-31.png 600w, https:\/\/cmm.imgw.pl\/wp-content\/uploads\/2023\/03\/word-image-23415-31-281x300.png 281w\" sizes=\"(max-width: 600px) 100vw, 600px\" \/> <img loading=\"lazy\" width=\"600\" height=\"640\" class=\"wp-image-23447 aligncenter\" src=\"http:\/\/cmm.imgw.pl\/wp-content\/uploads\/2023\/03\/word-image-23415-32.png\" srcset=\"https:\/\/cmm.imgw.pl\/wp-content\/uploads\/2023\/03\/word-image-23415-32.png 600w, https:\/\/cmm.imgw.pl\/wp-content\/uploads\/2023\/03\/word-image-23415-32-281x300.png 281w\" sizes=\"(max-width: 600px) 100vw, 600px\" \/><\/p>\n<p>W ci\u0105gu dnia w pionowym profilu atmosfery nadal sucho. Jednie na wysoko\u015bci 1,5 km w p\u00f3\u0142nocno wschodnich rejonie kraju zaznacza si\u0119 strefa zwi\u0119kszonej wilgotno\u015bci 60-80%. Na wysoko\u015bci 9 km obszar zwi\u0119kszonej wilgotno\u015bci obejmuje obszar Polski po\u0142udniowej, zachodniej oraz wschodniej. Na tej wysoko\u015bci nale\u017cy spodziewa\u0107 si\u0119 zachmurzenie pierzastego. Szczeg\u00f3\u0142y poni\u017cej.<\/p>\n<p><img loading=\"lazy\" width=\"600\" height=\"640\" class=\"wp-image-23448 aligncenter\" src=\"http:\/\/cmm.imgw.pl\/wp-content\/uploads\/2023\/03\/word-image-23415-33.png\" srcset=\"https:\/\/cmm.imgw.pl\/wp-content\/uploads\/2023\/03\/word-image-23415-33.png 600w, https:\/\/cmm.imgw.pl\/wp-content\/uploads\/2023\/03\/word-image-23415-33-281x300.png 281w\" sizes=\"(max-width: 600px) 100vw, 600px\" \/> <img loading=\"lazy\" width=\"600\" height=\"640\" class=\"wp-image-23449 aligncenter\" src=\"http:\/\/cmm.imgw.pl\/wp-content\/uploads\/2023\/03\/word-image-23415-34.png\" srcset=\"https:\/\/cmm.imgw.pl\/wp-content\/uploads\/2023\/03\/word-image-23415-34.png 600w, https:\/\/cmm.imgw.pl\/wp-content\/uploads\/2023\/03\/word-image-23415-34-281x300.png 281w\" sizes=\"(max-width: 600px) 100vw, 600px\" \/> <img loading=\"lazy\" width=\"600\" height=\"640\" class=\"wp-image-23450 aligncenter\" src=\"http:\/\/cmm.imgw.pl\/wp-content\/uploads\/2023\/03\/word-image-23415-35.png\" srcset=\"https:\/\/cmm.imgw.pl\/wp-content\/uploads\/2023\/03\/word-image-23415-35.png 600w, https:\/\/cmm.imgw.pl\/wp-content\/uploads\/2023\/03\/word-image-23415-35-281x300.png 281w\" sizes=\"(max-width: 600px) 100vw, 600px\" \/> <img loading=\"lazy\" width=\"600\" height=\"640\" class=\"wp-image-23451 aligncenter\" src=\"http:\/\/cmm.imgw.pl\/wp-content\/uploads\/2023\/03\/word-image-23415-36.png\" srcset=\"https:\/\/cmm.imgw.pl\/wp-content\/uploads\/2023\/03\/word-image-23415-36.png 600w, https:\/\/cmm.imgw.pl\/wp-content\/uploads\/2023\/03\/word-image-23415-36-281x300.png 281w\" sizes=\"(max-width: 600px) 100vw, 600px\" \/><\/p>\n<p>W nocy nadal sucho. Jedynie na wysoko\u015bci 1,5 km, w rejonie Polski wschodniej, lokalnie wzrost wilgotno\u015bci do 90-95%. Na wysoko\u015bci 9 km du\u017ca wilgotno\u015b\u0107 w rejonie Polski p\u00f3\u0142nocno wschodniej, do 80-99%. Na po\u0142udniu Polski do 60 %. W nocy r\u00f3wnie\u017c nale\u017cy spodziewa\u0107 si\u0119 zachmurzenia pi\u0119tra wysokiego.<\/p>\n<p><img loading=\"lazy\" width=\"672\" height=\"517\" class=\"wp-image-23452 aligncenter\" src=\"http:\/\/cmm.imgw.pl\/wp-content\/uploads\/2023\/03\/word-image-23415-37.png\" srcset=\"https:\/\/cmm.imgw.pl\/wp-content\/uploads\/2023\/03\/word-image-23415-37.png 672w, https:\/\/cmm.imgw.pl\/wp-content\/uploads\/2023\/03\/word-image-23415-37-300x231.png 300w\" sizes=\"(max-width: 672px) 100vw, 672px\" \/> <img loading=\"lazy\" width=\"672\" height=\"517\" class=\"wp-image-23453 aligncenter\" src=\"http:\/\/cmm.imgw.pl\/wp-content\/uploads\/2023\/03\/word-image-23415-38.png\" srcset=\"https:\/\/cmm.imgw.pl\/wp-content\/uploads\/2023\/03\/word-image-23415-38.png 672w, https:\/\/cmm.imgw.pl\/wp-content\/uploads\/2023\/03\/word-image-23415-38-300x231.png 300w\" sizes=\"(max-width: 672px) 100vw, 672px\" \/><\/p>\n<p><img loading=\"lazy\" width=\"744\" height=\"572\" class=\"wp-image-23454 aligncenter\" src=\"http:\/\/cmm.imgw.pl\/wp-content\/uploads\/2023\/03\/word-image-23415-39.png\" srcset=\"https:\/\/cmm.imgw.pl\/wp-content\/uploads\/2023\/03\/word-image-23415-39.png 744w, https:\/\/cmm.imgw.pl\/wp-content\/uploads\/2023\/03\/word-image-23415-39-300x231.png 300w\" sizes=\"(max-width: 744px) 100vw, 744px\" \/><\/p>\n<p>Z analizy nocnych prognostycznych diagram\u00f3w aerologicznych wynika, \u017ce nad Polsk\u0105 p\u00f3\u0142nocn\u0105 oraz centraln\u0105 wi\u0119ksza zawarto\u015b\u0107 pola wilgotno\u015bci w warstwie przyziemnej, nale\u017cy spodziewa\u0107 si\u0119 chmur Stratus nebulosus lub mgie\u0142 i chmur. Zwi\u0119kszona wilgotno\u015b\u0107 w g\u00f3rnej troposferze, w p\u00f3\u0142nocno wschodniej Polsce, wskazuje na wyst\u0119powanie chmur pi\u0119tra wysokiego.<\/p>\n<p><img loading=\"lazy\" width=\"650\" height=\"500\" class=\"wp-image-23455 aligncenter\" src=\"http:\/\/cmm.imgw.pl\/wp-content\/uploads\/2023\/03\/word-image-23415-40.png\" srcset=\"https:\/\/cmm.imgw.pl\/wp-content\/uploads\/2023\/03\/word-image-23415-40.png 650w, https:\/\/cmm.imgw.pl\/wp-content\/uploads\/2023\/03\/word-image-23415-40-300x231.png 300w\" sizes=\"(max-width: 650px) 100vw, 650px\" \/> <img loading=\"lazy\" width=\"644\" height=\"495\" class=\"wp-image-23456 aligncenter\" src=\"http:\/\/cmm.imgw.pl\/wp-content\/uploads\/2023\/03\/word-image-23415-41.png\" srcset=\"https:\/\/cmm.imgw.pl\/wp-content\/uploads\/2023\/03\/word-image-23415-41.png 644w, https:\/\/cmm.imgw.pl\/wp-content\/uploads\/2023\/03\/word-image-23415-41-300x231.png 300w\" sizes=\"(max-width: 644px) 100vw, 644px\" \/><\/p>\n<p>W po\u0142udniowo zachodniej Polsce zwi\u0119kszona wilgotno\u015b\u0107 powy\u017cej 6 km. Prawdopodobnie wyst\u0119powa\u0107 b\u0119d\u0105 chmury Cirrus i\/lub Cirrostratus. W po\u0142udniowo wschodniej Polsce du\u017ca wilgotno\u015b\u0107 w warstwie przyziemniej chmury Stratus lub silne zamglenia oraz mo\u017cliwe chmury Altocumulus w godzinach wieczornych.<\/p>\n<p><img loading=\"lazy\" width=\"676\" height=\"520\" class=\"wp-image-23457 aligncenter\" src=\"http:\/\/cmm.imgw.pl\/wp-content\/uploads\/2023\/03\/word-image-23415-42.png\" srcset=\"https:\/\/cmm.imgw.pl\/wp-content\/uploads\/2023\/03\/word-image-23415-42.png 676w, https:\/\/cmm.imgw.pl\/wp-content\/uploads\/2023\/03\/word-image-23415-42-300x231.png 300w\" sizes=\"(max-width: 676px) 100vw, 676px\" \/><\/p>\n<p><strong>Szczeg\u00f3\u0142owa prognoza zachmurzenia<\/strong><\/p>\n<p><img loading=\"lazy\" width=\"800\" height=\"800\" class=\"wp-image-23458 aligncenter\" src=\"http:\/\/cmm.imgw.pl\/wp-content\/uploads\/2023\/03\/word-image-23415-43.png\" srcset=\"https:\/\/cmm.imgw.pl\/wp-content\/uploads\/2023\/03\/word-image-23415-43.png 800w, https:\/\/cmm.imgw.pl\/wp-content\/uploads\/2023\/03\/word-image-23415-43-300x300.png 300w, https:\/\/cmm.imgw.pl\/wp-content\/uploads\/2023\/03\/word-image-23415-43-150x150.png 150w, https:\/\/cmm.imgw.pl\/wp-content\/uploads\/2023\/03\/word-image-23415-43-768x768.png 768w, https:\/\/cmm.imgw.pl\/wp-content\/uploads\/2023\/03\/word-image-23415-43-600x600.png 600w\" sizes=\"(max-width: 800px) 100vw, 800px\" \/> <img loading=\"lazy\" width=\"800\" height=\"800\" class=\"wp-image-23459 aligncenter\" src=\"http:\/\/cmm.imgw.pl\/wp-content\/uploads\/2023\/03\/word-image-23415-44.png\" srcset=\"https:\/\/cmm.imgw.pl\/wp-content\/uploads\/2023\/03\/word-image-23415-44.png 800w, https:\/\/cmm.imgw.pl\/wp-content\/uploads\/2023\/03\/word-image-23415-44-300x300.png 300w, https:\/\/cmm.imgw.pl\/wp-content\/uploads\/2023\/03\/word-image-23415-44-150x150.png 150w, https:\/\/cmm.imgw.pl\/wp-content\/uploads\/2023\/03\/word-image-23415-44-768x768.png 768w, https:\/\/cmm.imgw.pl\/wp-content\/uploads\/2023\/03\/word-image-23415-44-600x600.png 600w\" sizes=\"(max-width: 800px) 100vw, 800px\" \/><\/p>\n<p>W ci\u0105gu dnia zachmurzenie umiarkowane i du\u017ce. Na zachodzie i na po\u0142udniu kraju wiele rozpogodze\u0144. W nocy wzrost zachmurzenia do du\u017cego. Jednie w po\u0142udniowo wschodniej Polsce i lokalnie w woj. centralnych rozpogodzenia.<\/p>\n<p><img loading=\"lazy\" width=\"800\" height=\"800\" class=\"wp-image-23460 aligncenter\" src=\"http:\/\/cmm.imgw.pl\/wp-content\/uploads\/2023\/03\/word-image-23415-45.png\" srcset=\"https:\/\/cmm.imgw.pl\/wp-content\/uploads\/2023\/03\/word-image-23415-45.png 800w, https:\/\/cmm.imgw.pl\/wp-content\/uploads\/2023\/03\/word-image-23415-45-300x300.png 300w, https:\/\/cmm.imgw.pl\/wp-content\/uploads\/2023\/03\/word-image-23415-45-150x150.png 150w, https:\/\/cmm.imgw.pl\/wp-content\/uploads\/2023\/03\/word-image-23415-45-768x768.png 768w, https:\/\/cmm.imgw.pl\/wp-content\/uploads\/2023\/03\/word-image-23415-45-600x600.png 600w\" sizes=\"(max-width: 800px) 100vw, 800px\" \/> <img loading=\"lazy\" width=\"800\" height=\"800\" class=\"wp-image-23461 aligncenter\" src=\"http:\/\/cmm.imgw.pl\/wp-content\/uploads\/2023\/03\/word-image-23415-46.png\" srcset=\"https:\/\/cmm.imgw.pl\/wp-content\/uploads\/2023\/03\/word-image-23415-46.png 800w, https:\/\/cmm.imgw.pl\/wp-content\/uploads\/2023\/03\/word-image-23415-46-300x300.png 300w, https:\/\/cmm.imgw.pl\/wp-content\/uploads\/2023\/03\/word-image-23415-46-150x150.png 150w, https:\/\/cmm.imgw.pl\/wp-content\/uploads\/2023\/03\/word-image-23415-46-768x768.png 768w, https:\/\/cmm.imgw.pl\/wp-content\/uploads\/2023\/03\/word-image-23415-46-600x600.png 600w\" sizes=\"(max-width: 800px) 100vw, 800px\" \/><\/p>\n<p><img loading=\"lazy\" width=\"600\" height=\"640\" class=\"wp-image-23462 aligncenter\" src=\"http:\/\/cmm.imgw.pl\/wp-content\/uploads\/2023\/03\/word-image-23415-47.png\" srcset=\"https:\/\/cmm.imgw.pl\/wp-content\/uploads\/2023\/03\/word-image-23415-47.png 600w, https:\/\/cmm.imgw.pl\/wp-content\/uploads\/2023\/03\/word-image-23415-47-281x300.png 281w\" sizes=\"(max-width: 600px) 100vw, 600px\" \/> <img loading=\"lazy\" width=\"600\" height=\"640\" class=\"wp-image-23463 aligncenter\" src=\"http:\/\/cmm.imgw.pl\/wp-content\/uploads\/2023\/03\/word-image-23415-48.png\" srcset=\"https:\/\/cmm.imgw.pl\/wp-content\/uploads\/2023\/03\/word-image-23415-48.png 600w, https:\/\/cmm.imgw.pl\/wp-content\/uploads\/2023\/03\/word-image-23415-48-281x300.png 281w\" sizes=\"(max-width: 600px) 100vw, 600px\" \/><\/p>\n<p>Zachmurzenie pi\u0119tra niskiego du\u017ce na wschodzie i p\u00f3\u0142nocy kraju. Na pozosta\u0142ym obszarze brak chmur ww. pi\u0119tra. W nocy wzrost zachmurzenie do ca\u0142kowitego i du\u017cego na znacznym obszarze kraju. Jedynie po\u0142udniowe rejony pozostan\u0105 bezchmurne ww. chmurami. Tam, gdzie wyst\u0105pi\u0105 chmury nale\u017cy spodziewa\u0107 si\u0119 w dzie\u0144 chmur Stratocumulus, Cumulus. Pod wiecz\u00f3r Na p\u00f3\u0142nocy lokalnie Stratus nebulosus. W nocy tworzy\u0107 si\u0119 b\u0119d\u0105 chmury Stratus nebulosus, lokalnie wyst\u0105pi\u0105 tak\u017ce chmury Stratocumulus.<\/p>\n<p><img loading=\"lazy\" width=\"800\" height=\"800\" class=\"wp-image-23464 aligncenter\" src=\"http:\/\/cmm.imgw.pl\/wp-content\/uploads\/2023\/03\/word-image-23415-49.png\" srcset=\"https:\/\/cmm.imgw.pl\/wp-content\/uploads\/2023\/03\/word-image-23415-49.png 800w, https:\/\/cmm.imgw.pl\/wp-content\/uploads\/2023\/03\/word-image-23415-49-300x300.png 300w, https:\/\/cmm.imgw.pl\/wp-content\/uploads\/2023\/03\/word-image-23415-49-150x150.png 150w, https:\/\/cmm.imgw.pl\/wp-content\/uploads\/2023\/03\/word-image-23415-49-768x768.png 768w, https:\/\/cmm.imgw.pl\/wp-content\/uploads\/2023\/03\/word-image-23415-49-600x600.png 600w\" sizes=\"(max-width: 800px) 100vw, 800px\" \/> <img loading=\"lazy\" width=\"800\" height=\"800\" class=\"wp-image-23465 aligncenter\" src=\"http:\/\/cmm.imgw.pl\/wp-content\/uploads\/2023\/03\/word-image-23415-50.png\" srcset=\"https:\/\/cmm.imgw.pl\/wp-content\/uploads\/2023\/03\/word-image-23415-50.png 800w, https:\/\/cmm.imgw.pl\/wp-content\/uploads\/2023\/03\/word-image-23415-50-300x300.png 300w, https:\/\/cmm.imgw.pl\/wp-content\/uploads\/2023\/03\/word-image-23415-50-150x150.png 150w, https:\/\/cmm.imgw.pl\/wp-content\/uploads\/2023\/03\/word-image-23415-50-768x768.png 768w, https:\/\/cmm.imgw.pl\/wp-content\/uploads\/2023\/03\/word-image-23415-50-600x600.png 600w\" sizes=\"(max-width: 800px) 100vw, 800px\" \/><\/p>\n<p>W dzie\u0144 na wschodzie kraju na niebie pojawi\u0105 chmury Altocumulus. Strefa chmur Altocumulus b\u0119dzie przemieszcza\u0142a si\u0119 w kierunku SW i w nocy powinna zalega\u0107 w po\u0142udniowo zachodniej Polsce.<\/p>\n<p><img loading=\"lazy\" width=\"800\" height=\"800\" class=\"wp-image-23466 aligncenter\" src=\"http:\/\/cmm.imgw.pl\/wp-content\/uploads\/2023\/03\/word-image-23415-51.png\" srcset=\"https:\/\/cmm.imgw.pl\/wp-content\/uploads\/2023\/03\/word-image-23415-51.png 800w, https:\/\/cmm.imgw.pl\/wp-content\/uploads\/2023\/03\/word-image-23415-51-300x300.png 300w, https:\/\/cmm.imgw.pl\/wp-content\/uploads\/2023\/03\/word-image-23415-51-150x150.png 150w, https:\/\/cmm.imgw.pl\/wp-content\/uploads\/2023\/03\/word-image-23415-51-768x768.png 768w, https:\/\/cmm.imgw.pl\/wp-content\/uploads\/2023\/03\/word-image-23415-51-600x600.png 600w\" sizes=\"(max-width: 800px) 100vw, 800px\" \/> <img loading=\"lazy\" width=\"800\" height=\"800\" class=\"wp-image-23467 aligncenter\" src=\"http:\/\/cmm.imgw.pl\/wp-content\/uploads\/2023\/03\/word-image-23415-52.png\" srcset=\"https:\/\/cmm.imgw.pl\/wp-content\/uploads\/2023\/03\/word-image-23415-52.png 800w, https:\/\/cmm.imgw.pl\/wp-content\/uploads\/2023\/03\/word-image-23415-52-300x300.png 300w, https:\/\/cmm.imgw.pl\/wp-content\/uploads\/2023\/03\/word-image-23415-52-150x150.png 150w, https:\/\/cmm.imgw.pl\/wp-content\/uploads\/2023\/03\/word-image-23415-52-768x768.png 768w, https:\/\/cmm.imgw.pl\/wp-content\/uploads\/2023\/03\/word-image-23415-52-600x600.png 600w\" sizes=\"(max-width: 800px) 100vw, 800px\" \/><\/p>\n<p>W dzie\u0144 w ca\u0142ej Polsce na niebie chmury Cirrus fibratus, Cirrostratus fibratus. W nocy w Polsce po\u0142udniowej i p\u00f3\u0142nocnej oraz p\u00f3\u0142nocno wschodniej Cirrus fibratus. Lokalnie Cirrostratus fibratus.<\/p>\n<p><img loading=\"lazy\" width=\"669\" height=\"669\" class=\"wp-image-23468 aligncenter\" src=\"http:\/\/cmm.imgw.pl\/wp-content\/uploads\/2023\/03\/word-image-23415-53.jpeg\" srcset=\"https:\/\/cmm.imgw.pl\/wp-content\/uploads\/2023\/03\/word-image-23415-53.jpeg 669w, https:\/\/cmm.imgw.pl\/wp-content\/uploads\/2023\/03\/word-image-23415-53-300x300.jpeg 300w, https:\/\/cmm.imgw.pl\/wp-content\/uploads\/2023\/03\/word-image-23415-53-150x150.jpeg 150w, https:\/\/cmm.imgw.pl\/wp-content\/uploads\/2023\/03\/word-image-23415-53-600x600.jpeg 600w\" sizes=\"(max-width: 669px) 100vw, 669px\" \/> <img loading=\"lazy\" width=\"660\" height=\"660\" class=\"wp-image-23469 aligncenter\" src=\"http:\/\/cmm.imgw.pl\/wp-content\/uploads\/2023\/03\/word-image-23415-54.jpeg\" srcset=\"https:\/\/cmm.imgw.pl\/wp-content\/uploads\/2023\/03\/word-image-23415-54.jpeg 660w, https:\/\/cmm.imgw.pl\/wp-content\/uploads\/2023\/03\/word-image-23415-54-300x300.jpeg 300w, https:\/\/cmm.imgw.pl\/wp-content\/uploads\/2023\/03\/word-image-23415-54-150x150.jpeg 150w, https:\/\/cmm.imgw.pl\/wp-content\/uploads\/2023\/03\/word-image-23415-54-600x600.jpeg 600w\" sizes=\"(max-width: 660px) 100vw, 660px\" \/><\/p>\n<p><img loading=\"lazy\" width=\"647\" height=\"647\" class=\"wp-image-23470 aligncenter\" src=\"http:\/\/cmm.imgw.pl\/wp-content\/uploads\/2023\/03\/word-image-23415-55.jpeg\" srcset=\"https:\/\/cmm.imgw.pl\/wp-content\/uploads\/2023\/03\/word-image-23415-55.jpeg 647w, https:\/\/cmm.imgw.pl\/wp-content\/uploads\/2023\/03\/word-image-23415-55-300x300.jpeg 300w, https:\/\/cmm.imgw.pl\/wp-content\/uploads\/2023\/03\/word-image-23415-55-150x150.jpeg 150w, https:\/\/cmm.imgw.pl\/wp-content\/uploads\/2023\/03\/word-image-23415-55-600x600.jpeg 600w\" sizes=\"(max-width: 647px) 100vw, 647px\" \/> <img loading=\"lazy\" width=\"649\" height=\"649\" class=\"wp-image-23471 aligncenter\" src=\"http:\/\/cmm.imgw.pl\/wp-content\/uploads\/2023\/03\/word-image-23415-56.jpeg\" srcset=\"https:\/\/cmm.imgw.pl\/wp-content\/uploads\/2023\/03\/word-image-23415-56.jpeg 649w, https:\/\/cmm.imgw.pl\/wp-content\/uploads\/2023\/03\/word-image-23415-56-300x300.jpeg 300w, https:\/\/cmm.imgw.pl\/wp-content\/uploads\/2023\/03\/word-image-23415-56-150x150.jpeg 150w, https:\/\/cmm.imgw.pl\/wp-content\/uploads\/2023\/03\/word-image-23415-56-600x600.jpeg 600w\" sizes=\"(max-width: 649px) 100vw, 649px\" \/><\/p>\n<p><img loading=\"lazy\" width=\"579\" height=\"579\" class=\"wp-image-23472 aligncenter\" src=\"http:\/\/cmm.imgw.pl\/wp-content\/uploads\/2023\/03\/word-image-23415-57.jpeg\" srcset=\"https:\/\/cmm.imgw.pl\/wp-content\/uploads\/2023\/03\/word-image-23415-57.jpeg 579w, https:\/\/cmm.imgw.pl\/wp-content\/uploads\/2023\/03\/word-image-23415-57-300x300.jpeg 300w, https:\/\/cmm.imgw.pl\/wp-content\/uploads\/2023\/03\/word-image-23415-57-150x150.jpeg 150w\" sizes=\"(max-width: 579px) 100vw, 579px\" \/> <img loading=\"lazy\" width=\"600\" height=\"640\" class=\"wp-image-23473 aligncenter\" src=\"http:\/\/cmm.imgw.pl\/wp-content\/uploads\/2023\/03\/word-image-23415-58.png\" srcset=\"https:\/\/cmm.imgw.pl\/wp-content\/uploads\/2023\/03\/word-image-23415-58.png 600w, https:\/\/cmm.imgw.pl\/wp-content\/uploads\/2023\/03\/word-image-23415-58-281x300.png 281w\" sizes=\"(max-width: 600px) 100vw, 600px\" \/><\/p>\n<p>W dzie\u0144 bez opad\u00f3w. Wieczorem w woj. podlaskim mo\u017cliwy opad mieszany s\u0142abego deszczu ze \u015bniegiem lub m\u017cawki i \u015bniegu ziarnistego. W drugiej po\u0142owie nocy w obszarze r\u00f3wnole\u017cnikowo obejmuj\u0105cym dzielnice centralne mo\u017cliwy s\u0142aby opad \u015bniegu ziarnistego. W pasie wyst\u0119powania opad\u00f3w wysoko\u015b\u0107 izotermy zero miejscami b\u0119dzie powy\u017cej 500 metr\u00f3w co sugeruje wyst\u0119powanie opr\u00f3cz \u015bniegu ziarnistego tak\u017ce m\u017cawki (w drugiej po\u0142owie nocy).<\/p>\n<p><img loading=\"lazy\" width=\"579\" height=\"579\" class=\"wp-image-23474 aligncenter\" src=\"http:\/\/cmm.imgw.pl\/wp-content\/uploads\/2023\/03\/word-image-23415-59.jpeg\" srcset=\"https:\/\/cmm.imgw.pl\/wp-content\/uploads\/2023\/03\/word-image-23415-59.jpeg 579w, https:\/\/cmm.imgw.pl\/wp-content\/uploads\/2023\/03\/word-image-23415-59-300x300.jpeg 300w, https:\/\/cmm.imgw.pl\/wp-content\/uploads\/2023\/03\/word-image-23415-59-150x150.jpeg 150w\" sizes=\"(max-width: 579px) 100vw, 579px\" \/> <img loading=\"lazy\" width=\"582\" height=\"582\" class=\"wp-image-23475 aligncenter\" src=\"http:\/\/cmm.imgw.pl\/wp-content\/uploads\/2023\/03\/word-image-23415-60.jpeg\" srcset=\"https:\/\/cmm.imgw.pl\/wp-content\/uploads\/2023\/03\/word-image-23415-60.jpeg 582w, https:\/\/cmm.imgw.pl\/wp-content\/uploads\/2023\/03\/word-image-23415-60-300x300.jpeg 300w, https:\/\/cmm.imgw.pl\/wp-content\/uploads\/2023\/03\/word-image-23415-60-150x150.jpeg 150w\" sizes=\"(max-width: 582px) 100vw, 582px\" \/><\/p>\n<p>Temperatura po po\u0142udniu od -3\u00b0C w Zakopanem do 4\u00b0C w Koszalinie. W nocy od -7\u00b0C w Zakopanem do 1\u00b0C w Koszalinie.<\/p>\n<p><img loading=\"lazy\" width=\"657\" height=\"619\" class=\"wp-image-23476 aligncenter\" src=\"http:\/\/cmm.imgw.pl\/wp-content\/uploads\/2023\/03\/word-image-23415-61.jpeg\" srcset=\"https:\/\/cmm.imgw.pl\/wp-content\/uploads\/2023\/03\/word-image-23415-61.jpeg 657w, https:\/\/cmm.imgw.pl\/wp-content\/uploads\/2023\/03\/word-image-23415-61-300x283.jpeg 300w\" sizes=\"(max-width: 657px) 100vw, 657px\" \/> <img loading=\"lazy\" width=\"650\" height=\"612\" class=\"wp-image-23477 aligncenter\" src=\"http:\/\/cmm.imgw.pl\/wp-content\/uploads\/2023\/03\/word-image-23415-62.jpeg\" srcset=\"https:\/\/cmm.imgw.pl\/wp-content\/uploads\/2023\/03\/word-image-23415-62.jpeg 650w, https:\/\/cmm.imgw.pl\/wp-content\/uploads\/2023\/03\/word-image-23415-62-300x282.jpeg 300w\" sizes=\"(max-width: 650px) 100vw, 650px\" \/><\/p>\n<p>Po po\u0142udniu temperatura odczuwalna wyniesie od -2\u00b0C w Zakopanem do 3\u00b0C w p\u00f3\u0142nocno wschodniej Polsce. W nocy od -7\u00b0C w Zakopanem do -1\u00b0C w Olsztynie, Szczecinie oraz w Warszawie.<\/p>\n<p><img loading=\"lazy\" width=\"607\" height=\"607\" class=\"wp-image-23478 aligncenter\" src=\"http:\/\/cmm.imgw.pl\/wp-content\/uploads\/2023\/03\/word-image-23415-63.jpeg\" srcset=\"https:\/\/cmm.imgw.pl\/wp-content\/uploads\/2023\/03\/word-image-23415-63.jpeg 607w, https:\/\/cmm.imgw.pl\/wp-content\/uploads\/2023\/03\/word-image-23415-63-300x300.jpeg 300w, https:\/\/cmm.imgw.pl\/wp-content\/uploads\/2023\/03\/word-image-23415-63-150x150.jpeg 150w, https:\/\/cmm.imgw.pl\/wp-content\/uploads\/2023\/03\/word-image-23415-63-600x600.jpeg 600w\" sizes=\"(max-width: 607px) 100vw, 607px\" \/> <img loading=\"lazy\" width=\"607\" height=\"607\" class=\"wp-image-23479 aligncenter\" src=\"http:\/\/cmm.imgw.pl\/wp-content\/uploads\/2023\/03\/word-image-23415-64.jpeg\" srcset=\"https:\/\/cmm.imgw.pl\/wp-content\/uploads\/2023\/03\/word-image-23415-64.jpeg 607w, https:\/\/cmm.imgw.pl\/wp-content\/uploads\/2023\/03\/word-image-23415-64-300x300.jpeg 300w, https:\/\/cmm.imgw.pl\/wp-content\/uploads\/2023\/03\/word-image-23415-64-150x150.jpeg 150w, https:\/\/cmm.imgw.pl\/wp-content\/uploads\/2023\/03\/word-image-23415-64-600x600.jpeg 600w\" sizes=\"(max-width: 607px) 100vw, 607px\" \/><\/p>\n<p>Wilgotno\u015b\u0107 powietrza w ci\u0105gu dnia 71-92%. W nocy 65-99%.<\/p>\n<p><img loading=\"lazy\" width=\"686\" height=\"686\" class=\"wp-image-23480 aligncenter\" src=\"http:\/\/cmm.imgw.pl\/wp-content\/uploads\/2023\/03\/word-image-23415-65.jpeg\" srcset=\"https:\/\/cmm.imgw.pl\/wp-content\/uploads\/2023\/03\/word-image-23415-65.jpeg 686w, https:\/\/cmm.imgw.pl\/wp-content\/uploads\/2023\/03\/word-image-23415-65-300x300.jpeg 300w, https:\/\/cmm.imgw.pl\/wp-content\/uploads\/2023\/03\/word-image-23415-65-150x150.jpeg 150w, https:\/\/cmm.imgw.pl\/wp-content\/uploads\/2023\/03\/word-image-23415-65-600x600.jpeg 600w\" sizes=\"(max-width: 686px) 100vw, 686px\" \/> <img loading=\"lazy\" width=\"669\" height=\"669\" class=\"wp-image-23481 aligncenter\" src=\"http:\/\/cmm.imgw.pl\/wp-content\/uploads\/2023\/03\/word-image-23415-66.jpeg\" srcset=\"https:\/\/cmm.imgw.pl\/wp-content\/uploads\/2023\/03\/word-image-23415-66.jpeg 669w, https:\/\/cmm.imgw.pl\/wp-content\/uploads\/2023\/03\/word-image-23415-66-300x300.jpeg 300w, https:\/\/cmm.imgw.pl\/wp-content\/uploads\/2023\/03\/word-image-23415-66-150x150.jpeg 150w, https:\/\/cmm.imgw.pl\/wp-content\/uploads\/2023\/03\/word-image-23415-66-600x600.jpeg 600w\" sizes=\"(max-width: 669px) 100vw, 669px\" \/><\/p>\n<p><img loading=\"lazy\" width=\"596\" height=\"596\" class=\"wp-image-23482 aligncenter\" src=\"http:\/\/cmm.imgw.pl\/wp-content\/uploads\/2023\/03\/word-image-23415-67.jpeg\" srcset=\"https:\/\/cmm.imgw.pl\/wp-content\/uploads\/2023\/03\/word-image-23415-67.jpeg 596w, https:\/\/cmm.imgw.pl\/wp-content\/uploads\/2023\/03\/word-image-23415-67-300x300.jpeg 300w, https:\/\/cmm.imgw.pl\/wp-content\/uploads\/2023\/03\/word-image-23415-67-150x150.jpeg 150w\" sizes=\"(max-width: 596px) 100vw, 596px\" \/> <img loading=\"lazy\" width=\"587\" height=\"587\" class=\"wp-image-23483 aligncenter\" src=\"http:\/\/cmm.imgw.pl\/wp-content\/uploads\/2023\/03\/word-image-23415-68.jpeg\" srcset=\"https:\/\/cmm.imgw.pl\/wp-content\/uploads\/2023\/03\/word-image-23415-68.jpeg 587w, https:\/\/cmm.imgw.pl\/wp-content\/uploads\/2023\/03\/word-image-23415-68-300x300.jpeg 300w, https:\/\/cmm.imgw.pl\/wp-content\/uploads\/2023\/03\/word-image-23415-68-150x150.jpeg 150w\" sizes=\"(max-width: 587px) 100vw, 587px\" \/><\/p>\n<p>Wiatr p\u00f3\u0142nocno zachodni, zachodni i po\u0142udniowo zachodni w dzielnicach p\u00f3\u0142nocnych kraju. Na wschodzie zachodni i p\u00f3\u0142nocno zachodni. Na pozosta\u0142ym obszarze zmienny, 2-11 km\/h. W porywach do 21 km\/h w Suwa\u0142kach. W nocy zachodni i p\u00f3\u0142nocno zachodni w p\u00f3\u0142nocno wschodniej Polsce, na pozosta\u0142ym obszarze zmienny, 2-13 km\/h. W porywach do 30 km\/h w Suwa\u0142kach.<\/p>\n<p><img loading=\"lazy\" width=\"634\" height=\"490\" class=\"wp-image-23484 aligncenter\" src=\"http:\/\/cmm.imgw.pl\/wp-content\/uploads\/2023\/03\/tendencja-gfs-sro-01-03-2023-15-utc.gif\" alt=\"tendencja GFS \u015bro. 01.03.2023 15 UTC\" \/> <img loading=\"lazy\" width=\"634\" height=\"490\" class=\"wp-image-23485 aligncenter\" src=\"http:\/\/cmm.imgw.pl\/wp-content\/uploads\/2023\/03\/tendencja-gfs-sro-01-03-2023-21-utc.gif\" alt=\"tendencja GFS \u015bro. 01.03.2023 21 UTC\" \/> <img loading=\"lazy\" width=\"634\" height=\"490\" class=\"wp-image-23486 aligncenter\" src=\"http:\/\/cmm.imgw.pl\/wp-content\/uploads\/2023\/03\/tendencja-gfs-czw-02-03-2023-03-utc.gif\" alt=\"tendencja GFS czw. 02.03.2023 03 UTC\" \/><\/p>\n<p>Ci\u015bnienie o zmiennej tendencji barometrycznej.<\/p>\n<p><img loading=\"lazy\" width=\"433\" height=\"433\" class=\"wp-image-23487 aligncenter\" src=\"http:\/\/cmm.imgw.pl\/wp-content\/uploads\/2023\/03\/word-image-23415-72.png\" srcset=\"https:\/\/cmm.imgw.pl\/wp-content\/uploads\/2023\/03\/word-image-23415-72.png 433w, https:\/\/cmm.imgw.pl\/wp-content\/uploads\/2023\/03\/word-image-23415-72-300x300.png 300w, https:\/\/cmm.imgw.pl\/wp-content\/uploads\/2023\/03\/word-image-23415-72-150x150.png 150w\" sizes=\"(max-width: 433px) 100vw, 433px\" \/> <img loading=\"lazy\" width=\"409\" height=\"409\" class=\"wp-image-23488\" src=\"http:\/\/cmm.imgw.pl\/wp-content\/uploads\/2023\/03\/word-image-23415-73.png\" srcset=\"https:\/\/cmm.imgw.pl\/wp-content\/uploads\/2023\/03\/word-image-23415-73.png 409w, https:\/\/cmm.imgw.pl\/wp-content\/uploads\/2023\/03\/word-image-23415-73-300x300.png 300w, https:\/\/cmm.imgw.pl\/wp-content\/uploads\/2023\/03\/word-image-23415-73-150x150.png 150w\" sizes=\"(max-width: 409px) 100vw, 409px\" \/> <img loading=\"lazy\" width=\"417\" height=\"417\" class=\"wp-image-23489\" src=\"http:\/\/cmm.imgw.pl\/wp-content\/uploads\/2023\/03\/word-image-23415-74.png\" srcset=\"https:\/\/cmm.imgw.pl\/wp-content\/uploads\/2023\/03\/word-image-23415-74.png 417w, https:\/\/cmm.imgw.pl\/wp-content\/uploads\/2023\/03\/word-image-23415-74-300x300.png 300w, https:\/\/cmm.imgw.pl\/wp-content\/uploads\/2023\/03\/word-image-23415-74-150x150.png 150w\" sizes=\"(max-width: 417px) 100vw, 417px\" \/> <img loading=\"lazy\" width=\"600\" height=\"640\" class=\"wp-image-23490 aligncenter\" src=\"http:\/\/cmm.imgw.pl\/wp-content\/uploads\/2023\/03\/word-image-23415-75.png\" srcset=\"https:\/\/cmm.imgw.pl\/wp-content\/uploads\/2023\/03\/word-image-23415-75.png 600w, https:\/\/cmm.imgw.pl\/wp-content\/uploads\/2023\/03\/word-image-23415-75-281x300.png 281w\" sizes=\"(max-width: 600px) 100vw, 600px\" \/> <img loading=\"lazy\" width=\"600\" height=\"640\" class=\"wp-image-23491 aligncenter\" src=\"http:\/\/cmm.imgw.pl\/wp-content\/uploads\/2023\/03\/word-image-23415-76.png\" srcset=\"https:\/\/cmm.imgw.pl\/wp-content\/uploads\/2023\/03\/word-image-23415-76.png 600w, https:\/\/cmm.imgw.pl\/wp-content\/uploads\/2023\/03\/word-image-23415-76-281x300.png 281w\" sizes=\"(max-width: 600px) 100vw, 600px\" \/> <img loading=\"lazy\" width=\"600\" height=\"640\" class=\"wp-image-23492 aligncenter\" src=\"http:\/\/cmm.imgw.pl\/wp-content\/uploads\/2023\/03\/word-image-23415-77.png\" srcset=\"https:\/\/cmm.imgw.pl\/wp-content\/uploads\/2023\/03\/word-image-23415-77.png 600w, https:\/\/cmm.imgw.pl\/wp-content\/uploads\/2023\/03\/word-image-23415-77-281x300.png 281w\" sizes=\"(max-width: 600px) 100vw, 600px\" \/> <img loading=\"lazy\" width=\"600\" height=\"640\" class=\"wp-image-23493 aligncenter\" src=\"http:\/\/cmm.imgw.pl\/wp-content\/uploads\/2023\/03\/word-image-23415-78.png\" srcset=\"https:\/\/cmm.imgw.pl\/wp-content\/uploads\/2023\/03\/word-image-23415-78.png 600w, https:\/\/cmm.imgw.pl\/wp-content\/uploads\/2023\/03\/word-image-23415-78-281x300.png 281w\" sizes=\"(max-width: 600px) 100vw, 600px\" \/> <img loading=\"lazy\" width=\"600\" height=\"640\" class=\"wp-image-23495 aligncenter\" src=\"http:\/\/cmm.imgw.pl\/wp-content\/uploads\/2023\/03\/word-image-23415-79.png\" srcset=\"https:\/\/cmm.imgw.pl\/wp-content\/uploads\/2023\/03\/word-image-23415-79.png 600w, https:\/\/cmm.imgw.pl\/wp-content\/uploads\/2023\/03\/word-image-23415-79-281x300.png 281w\" sizes=\"(max-width: 600px) 100vw, 600px\" \/><\/p>\n<p><img loading=\"lazy\" width=\"600\" height=\"640\" class=\"wp-image-23496 aligncenter\" src=\"http:\/\/cmm.imgw.pl\/wp-content\/uploads\/2023\/03\/word-image-23415-80.png\" srcset=\"https:\/\/cmm.imgw.pl\/wp-content\/uploads\/2023\/03\/word-image-23415-80.png 600w, https:\/\/cmm.imgw.pl\/wp-content\/uploads\/2023\/03\/word-image-23415-80-281x300.png 281w\" sizes=\"(max-width: 600px) 100vw, 600px\" \/> <img loading=\"lazy\" width=\"600\" height=\"640\" class=\"wp-image-23497 aligncenter\" src=\"http:\/\/cmm.imgw.pl\/wp-content\/uploads\/2023\/03\/word-image-23415-81.png\" srcset=\"https:\/\/cmm.imgw.pl\/wp-content\/uploads\/2023\/03\/word-image-23415-81.png 600w, https:\/\/cmm.imgw.pl\/wp-content\/uploads\/2023\/03\/word-image-23415-81-281x300.png 281w\" sizes=\"(max-width: 600px) 100vw, 600px\" \/><\/p>\n<p><img loading=\"lazy\" width=\"600\" height=\"640\" class=\"wp-image-23498 aligncenter\" src=\"http:\/\/cmm.imgw.pl\/wp-content\/uploads\/2023\/03\/word-image-23415-82.png\" srcset=\"https:\/\/cmm.imgw.pl\/wp-content\/uploads\/2023\/03\/word-image-23415-82.png 600w, https:\/\/cmm.imgw.pl\/wp-content\/uploads\/2023\/03\/word-image-23415-82-281x300.png 281w\" sizes=\"(max-width: 600px) 100vw, 600px\" \/> <img loading=\"lazy\" width=\"600\" height=\"640\" class=\"wp-image-23499 aligncenter\" src=\"http:\/\/cmm.imgw.pl\/wp-content\/uploads\/2023\/03\/word-image-23415-83.png\" srcset=\"https:\/\/cmm.imgw.pl\/wp-content\/uploads\/2023\/03\/word-image-23415-83.png 600w, https:\/\/cmm.imgw.pl\/wp-content\/uploads\/2023\/03\/word-image-23415-83-281x300.png 281w\" sizes=\"(max-width: 600px) 100vw, 600px\" \/> <img loading=\"lazy\" width=\"600\" height=\"640\" class=\"wp-image-23500 aligncenter\" src=\"http:\/\/cmm.imgw.pl\/wp-content\/uploads\/2023\/03\/word-image-23415-84.png\" srcset=\"https:\/\/cmm.imgw.pl\/wp-content\/uploads\/2023\/03\/word-image-23415-84.png 600w, https:\/\/cmm.imgw.pl\/wp-content\/uploads\/2023\/03\/word-image-23415-84-281x300.png 281w\" sizes=\"(max-width: 600px) 100vw, 600px\" \/><\/p>\n<p><strong>Fog Stability Index<\/strong><\/p>\n<p>FSI: 2(T2m &#8211; T850) + 2(T2m &#8211; Td2m) + w850<\/p>\n<p>T2m &#8211; Temperatura powierzchni, T850 &#8211; temperatura na 850 hPa, Td2m &#8211; temperatura punktu rosy przy powierzchni<\/p>\n<p>w850 &#8211; pr\u0119dko\u015b\u0107 wiatru na 850 hPa w w\u0119z\u0142ach<\/p>\n<p><strong>FSI Prawdopodobie\u0144stwo mg\u0142y radiacyjnej<\/strong><\/p>\n<p>FSI&gt;55 niskie<\/p>\n<p>31&gt;FSI&gt;55 \u015brednie<\/p>\n<p>FSI&lt;31 wysokie<\/p>\n<p>W nocy w strefie opad\u00f3w \u015bniegu mo\u017cliwe ograniczenie widzialno\u015bci do 2-4 km. Na p\u00f3\u0142nocy kraju wieczorem oraz w nocy b\u0119d\u0105 tworzy\u0142y si\u0119 mg\u0142y ograniczaj\u0105ce widzialno\u015bci do 500 metr\u00f3w oraz bardzo niskie chmury Stratus nebulosus. Na po\u0142udniu i w centrum kraju tak\u017ce nie mo\u017cna wykluczy\u0107 mgie\u0142 lub silnych zamgle\u0144. Wed\u0142ug modelu ALARO oraz COSMO obszar wyst\u0105pienie mgie\u0142 jest znacznie bardziej rozleg\u0142y.<\/p>","protected":false},"excerpt":{"rendered":"<p>Komentarz do numerycznych prognoz pogody opracowany w Centrum Modelowania Meteorologicznego IMGW-PIB.<\/p>\n","protected":false},"author":3,"featured_media":0,"comment_status":"closed","ping_status":"open","sticky":false,"template":"","format":"standard","meta":{"ocean_post_layout":"","ocean_both_sidebars_style":"","ocean_both_sidebars_content_width":0,"ocean_both_sidebars_sidebars_width":0,"ocean_sidebar":"0","ocean_second_sidebar":"0","ocean_disable_margins":"enable","ocean_add_body_class":"","ocean_shortcode_before_top_bar":"","ocean_shortcode_after_top_bar":"","ocean_shortcode_before_header":"","ocean_shortcode_after_header":"","ocean_has_shortcode":"","ocean_shortcode_after_title":"","ocean_shortcode_before_footer_widgets":"","ocean_shortcode_after_footer_widgets":"","ocean_shortcode_before_footer_bottom":"","ocean_shortcode_after_footer_bottom":"","ocean_display_top_bar":"default","ocean_display_header":"default","ocean_header_style":"","ocean_center_header_left_menu":"0","ocean_custom_header_template":"0","ocean_custom_logo":0,"ocean_custom_retina_logo":0,"ocean_custom_logo_max_width":0,"ocean_custom_logo_tablet_max_width":0,"ocean_custom_logo_mobile_max_width":0,"ocean_custom_logo_max_height":0,"ocean_custom_logo_tablet_max_height":0,"ocean_custom_logo_mobile_max_height":0,"ocean_header_custom_menu":"0","ocean_menu_typo_font_family":"0","ocean_menu_typo_font_subset":"","ocean_menu_typo_font_size":0,"ocean_menu_typo_font_size_tablet":0,"ocean_menu_typo_font_size_mobile":0,"ocean_menu_typo_font_size_unit":"px","ocean_menu_typo_font_weight":"","ocean_menu_typo_font_weight_tablet":"","ocean_menu_typo_font_weight_mobile":"","ocean_menu_typo_transform":"","ocean_menu_typo_transform_tablet":"","ocean_menu_typo_transform_mobile":"","ocean_menu_typo_line_height":0,"ocean_menu_typo_line_height_tablet":0,"ocean_menu_typo_line_height_mobile":0,"ocean_menu_typo_line_height_unit":"","ocean_menu_typo_spacing":0,"ocean_menu_typo_spacing_tablet":0,"ocean_menu_typo_spacing_mobile":0,"ocean_menu_typo_spacing_unit":"","ocean_menu_link_color":"","ocean_menu_link_color_hover":"","ocean_menu_link_color_active":"","ocean_menu_link_background":"","ocean_menu_link_hover_background":"","ocean_menu_link_active_background":"","ocean_menu_social_links_bg":"","ocean_menu_social_hover_links_bg":"","ocean_menu_social_links_color":"","ocean_menu_social_hover_links_color":"","ocean_disable_title":"default","ocean_disable_heading":"default","ocean_post_title":"","ocean_post_subheading":"","ocean_post_title_style":"","ocean_post_title_background_color":"","ocean_post_title_background":0,"ocean_post_title_bg_image_position":"","ocean_post_title_bg_image_attachment":"","ocean_post_title_bg_image_repeat":"","ocean_post_title_bg_image_size":"","ocean_post_title_height":0,"ocean_post_title_bg_overlay":0.5,"ocean_post_title_bg_overlay_color":"","ocean_disable_breadcrumbs":"default","ocean_breadcrumbs_color":"","ocean_breadcrumbs_separator_color":"","ocean_breadcrumbs_links_color":"","ocean_breadcrumbs_links_hover_color":"","ocean_display_footer_widgets":"default","ocean_display_footer_bottom":"default","ocean_custom_footer_template":"0","ocean_post_oembed":"","ocean_post_self_hosted_media":"","ocean_post_video_embed":"","ocean_link_format":"","ocean_link_format_target":"self","ocean_quote_format":"","ocean_quote_format_link":"post","ocean_gallery_link_images":"on","ocean_gallery_id":[]},"categories":[93],"tags":[68,95,85,73,97,98,76,94,99,71,96,79],"yoast_head":"<!-- This site is optimized with the Yoast SEO plugin v19.5.1 - https:\/\/yoast.com\/wordpress\/plugins\/seo\/ -->\n<title>Komentarz do numerycznych prognoz pogody (01\/02.03.2023) - Laboratorium Modelowania Meteorologicznego CMOK IMGW-PIB<\/title>\n<meta name=\"description\" content=\"Komentarz do numerycznych prognoz pogody opracowany w Centrum Modelowania Meteorologicznego IMGW-PIB.\" \/>\n<meta name=\"robots\" content=\"index, follow, max-snippet:-1, max-image-preview:large, max-video-preview:-1\" \/>\n<link rel=\"canonical\" href=\"https:\/\/cmm.imgw.pl\/?p=23415\" \/>\n<meta property=\"og:locale\" content=\"pl_PL\" \/>\n<meta property=\"og:type\" content=\"article\" \/>\n<meta property=\"og:title\" content=\"Komentarz do numerycznych prognoz pogody (01\/02.03.2023)\" \/>\n<meta property=\"og:description\" content=\"Komentarz do numerycznych prognoz pogody opracowany w Centrum Modelowania Meteorologicznego IMGW-PIB\" \/>\n<meta property=\"og:url\" content=\"https:\/\/cmm.imgw.pl\/?p=23415\" \/>\n<meta property=\"og:site_name\" content=\"Laboratorium Modelowania Meteorologicznego CMOK IMGW-PIB\" \/>\n<meta property=\"article:publisher\" content=\"https:\/\/www.facebook.com\/Meteoimgw\/\" \/>\n<meta property=\"article:published_time\" content=\"2023-03-01T13:45:16+00:00\" \/>\n<meta property=\"article:modified_time\" content=\"2023-03-01T13:45:18+00:00\" \/>\n<meta property=\"og:image\" content=\"http:\/\/cmm.imgw.pl\/wp-content\/uploads\/2023\/02\/komentarz4.png\" \/>\n\t<meta property=\"og:image:width\" content=\"1280\" \/>\n\t<meta property=\"og:image:height\" content=\"720\" \/>\n\t<meta property=\"og:image:type\" content=\"image\/png\" \/>\n<meta name=\"author\" content=\"CMM\" \/>\n<meta name=\"twitter:card\" content=\"summary_large_image\" \/>\n<meta name=\"twitter:title\" content=\"Komentarz do numerycznych prognoz pogody (01\/02.03.2023)\" \/>\n<meta name=\"twitter:description\" content=\"Komentarz do numerycznych prognoz pogody opracowany w Centrum Modelowania Meteorologicznego IMGW-PIB\" \/>\n<meta name=\"twitter:image\" content=\"https:\/\/cmm.imgw.pl\/wp-content\/uploads\/2023\/02\/komentarz4.png\" \/>\n<meta name=\"twitter:creator\" content=\"@IMGW_CMM\" \/>\n<meta name=\"twitter:site\" content=\"@IMGW_CMM\" \/>\n<meta name=\"twitter:label1\" content=\"Napisane przez\" \/>\n\t<meta name=\"twitter:data1\" content=\"CMM\" \/>\n\t<meta name=\"twitter:label2\" content=\"Szacowany czas czytania\" \/>\n\t<meta name=\"twitter:data2\" content=\"27 minut\" \/>\n<script type=\"application\/ld+json\" class=\"yoast-schema-graph\">{\"@context\":\"https:\/\/schema.org\",\"@graph\":[{\"@type\":\"Article\",\"@id\":\"https:\/\/cmm.imgw.pl\/?p=23415#article\",\"isPartOf\":{\"@id\":\"https:\/\/cmm.imgw.pl\/?p=23415\"},\"author\":{\"name\":\"CMM\",\"@id\":\"https:\/\/cmm.imgw.pl\/#\/schema\/person\/a24a37fe434fe76b0f5791e6bd3fdb46\"},\"headline\":\"Komentarz do numerycznych prognoz pogody (01\/02.03.2023)\",\"datePublished\":\"2023-03-01T13:45:16+00:00\",\"dateModified\":\"2023-03-01T13:45:18+00:00\",\"mainEntityOfPage\":{\"@id\":\"https:\/\/cmm.imgw.pl\/?p=23415\"},\"wordCount\":1948,\"publisher\":{\"@id\":\"https:\/\/cmm.imgw.pl\/#organization\"},\"keywords\":[\"cmm\",\"Cosmo\",\"imgw\",\"klimat\",\"komentarz\",\"komentarz pogodowy\",\"meteorologia\",\"NMP\",\"NPP\",\"pogoda\",\"prognoza pogody\",\"zima\"],\"articleSection\":[\"Komentarz\"],\"inLanguage\":\"pl-PL\"},{\"@type\":\"WebPage\",\"@id\":\"https:\/\/cmm.imgw.pl\/?p=23415\",\"url\":\"https:\/\/cmm.imgw.pl\/?p=23415\",\"name\":\"Komentarz do numerycznych prognoz pogody (01\/02.03.2023) - Laboratorium Modelowania Meteorologicznego CMOK IMGW-PIB\",\"isPartOf\":{\"@id\":\"https:\/\/cmm.imgw.pl\/#website\"},\"datePublished\":\"2023-03-01T13:45:16+00:00\",\"dateModified\":\"2023-03-01T13:45:18+00:00\",\"description\":\"Komentarz do numerycznych prognoz pogody opracowany w Centrum Modelowania Meteorologicznego IMGW-PIB.\",\"breadcrumb\":{\"@id\":\"https:\/\/cmm.imgw.pl\/?p=23415#breadcrumb\"},\"inLanguage\":\"pl-PL\",\"potentialAction\":[{\"@type\":\"ReadAction\",\"target\":[\"https:\/\/cmm.imgw.pl\/?p=23415\"]}]},{\"@type\":\"BreadcrumbList\",\"@id\":\"https:\/\/cmm.imgw.pl\/?p=23415#breadcrumb\",\"itemListElement\":[{\"@type\":\"ListItem\",\"position\":1,\"name\":\"Home\",\"item\":\"https:\/\/cmm.imgw.pl\/\"},{\"@type\":\"ListItem\",\"position\":2,\"name\":\"Komentarz do numerycznych prognoz pogody (01\/02.03.2023)\"}]},{\"@type\":\"WebSite\",\"@id\":\"https:\/\/cmm.imgw.pl\/#website\",\"url\":\"https:\/\/cmm.imgw.pl\/\",\"name\":\"Laboratorium Modelowania Meteorologicznego CMOK IMGW-PIB\",\"description\":\"CMOK-LMM Laboratorium pe\u0142ni pa\u0144stwow\u0105 s\u0142u\u017cb\u0119 hydrologiczno-meteorologiczn\u0105 w zakresie numerycznych prognoz pogody, kt\u00f3rego zadaniem jest konsolidacja kompetencji w obszarze modelowania zjawisk pogodowych oraz dalszego rozwoju numerycznych modeli pogody (NMP).\",\"publisher\":{\"@id\":\"https:\/\/cmm.imgw.pl\/#organization\"},\"potentialAction\":[{\"@type\":\"SearchAction\",\"target\":{\"@type\":\"EntryPoint\",\"urlTemplate\":\"https:\/\/cmm.imgw.pl\/?s={search_term_string}\"},\"query-input\":\"required name=search_term_string\"}],\"inLanguage\":\"pl-PL\"},{\"@type\":\"Organization\",\"@id\":\"https:\/\/cmm.imgw.pl\/#organization\",\"name\":\"Laboratorium Modelowania Meteorologicznego CMOK IMGW-PIB\",\"url\":\"https:\/\/cmm.imgw.pl\/\",\"sameAs\":[\"https:\/\/www.facebook.com\/Meteoimgw\/\",\"https:\/\/twitter.com\/IMGW_CMM\"],\"logo\":{\"@type\":\"ImageObject\",\"inLanguage\":\"pl-PL\",\"@id\":\"https:\/\/cmm.imgw.pl\/#\/schema\/logo\/image\/\",\"url\":\"https:\/\/cmm.imgw.pl\/wp-content\/uploads\/2025\/10\/MODELE_LOGO_UNIFIKACJA_v2.png\",\"contentUrl\":\"https:\/\/cmm.imgw.pl\/wp-content\/uploads\/2025\/10\/MODELE_LOGO_UNIFIKACJA_v2.png\",\"width\":1356,\"height\":365,\"caption\":\"Laboratorium Modelowania Meteorologicznego CMOK IMGW-PIB\"},\"image\":{\"@id\":\"https:\/\/cmm.imgw.pl\/#\/schema\/logo\/image\/\"}},{\"@type\":\"Person\",\"@id\":\"https:\/\/cmm.imgw.pl\/#\/schema\/person\/a24a37fe434fe76b0f5791e6bd3fdb46\",\"name\":\"CMM\",\"image\":{\"@type\":\"ImageObject\",\"inLanguage\":\"pl-PL\",\"@id\":\"https:\/\/cmm.imgw.pl\/#\/schema\/person\/image\/\",\"url\":\"https:\/\/secure.gravatar.com\/avatar\/9248ea2273711f1cd09d6bd45867dbfb?s=96&d=blank&r=g\",\"contentUrl\":\"https:\/\/secure.gravatar.com\/avatar\/9248ea2273711f1cd09d6bd45867dbfb?s=96&d=blank&r=g\",\"caption\":\"CMM\"},\"sameAs\":[\"http:\/\/cmm.imgw.pl\"],\"url\":\"https:\/\/cmm.imgw.pl\/?author=3\"}]}<\/script>\n<!-- \/ Yoast SEO plugin. -->","yoast_head_json":{"title":"Komentarz do numerycznych prognoz pogody (01\/02.03.2023) - Laboratorium Modelowania Meteorologicznego CMOK IMGW-PIB","description":"Komentarz do numerycznych prognoz pogody opracowany w Centrum Modelowania Meteorologicznego IMGW-PIB.","robots":{"index":"index","follow":"follow","max-snippet":"max-snippet:-1","max-image-preview":"max-image-preview:large","max-video-preview":"max-video-preview:-1"},"canonical":"https:\/\/cmm.imgw.pl\/?p=23415","og_locale":"pl_PL","og_type":"article","og_title":"Komentarz do numerycznych prognoz pogody (01\/02.03.2023)","og_description":"Komentarz do numerycznych prognoz pogody opracowany w Centrum Modelowania Meteorologicznego IMGW-PIB","og_url":"https:\/\/cmm.imgw.pl\/?p=23415","og_site_name":"Laboratorium Modelowania Meteorologicznego CMOK IMGW-PIB","article_publisher":"https:\/\/www.facebook.com\/Meteoimgw\/","article_published_time":"2023-03-01T13:45:16+00:00","article_modified_time":"2023-03-01T13:45:18+00:00","og_image":[{"width":1280,"height":720,"url":"http:\/\/cmm.imgw.pl\/wp-content\/uploads\/2023\/02\/komentarz4.png","type":"image\/png"}],"author":"CMM","twitter_card":"summary_large_image","twitter_title":"Komentarz do numerycznych prognoz pogody (01\/02.03.2023)","twitter_description":"Komentarz do numerycznych prognoz pogody opracowany w Centrum Modelowania Meteorologicznego IMGW-PIB","twitter_image":"https:\/\/cmm.imgw.pl\/wp-content\/uploads\/2023\/02\/komentarz4.png","twitter_creator":"@IMGW_CMM","twitter_site":"@IMGW_CMM","twitter_misc":{"Napisane przez":"CMM","Szacowany czas czytania":"27 minut"},"schema":{"@context":"https:\/\/schema.org","@graph":[{"@type":"Article","@id":"https:\/\/cmm.imgw.pl\/?p=23415#article","isPartOf":{"@id":"https:\/\/cmm.imgw.pl\/?p=23415"},"author":{"name":"CMM","@id":"https:\/\/cmm.imgw.pl\/#\/schema\/person\/a24a37fe434fe76b0f5791e6bd3fdb46"},"headline":"Komentarz do numerycznych prognoz pogody (01\/02.03.2023)","datePublished":"2023-03-01T13:45:16+00:00","dateModified":"2023-03-01T13:45:18+00:00","mainEntityOfPage":{"@id":"https:\/\/cmm.imgw.pl\/?p=23415"},"wordCount":1948,"publisher":{"@id":"https:\/\/cmm.imgw.pl\/#organization"},"keywords":["cmm","Cosmo","imgw","klimat","komentarz","komentarz pogodowy","meteorologia","NMP","NPP","pogoda","prognoza pogody","zima"],"articleSection":["Komentarz"],"inLanguage":"pl-PL"},{"@type":"WebPage","@id":"https:\/\/cmm.imgw.pl\/?p=23415","url":"https:\/\/cmm.imgw.pl\/?p=23415","name":"Komentarz do numerycznych prognoz pogody (01\/02.03.2023) - Laboratorium Modelowania Meteorologicznego CMOK IMGW-PIB","isPartOf":{"@id":"https:\/\/cmm.imgw.pl\/#website"},"datePublished":"2023-03-01T13:45:16+00:00","dateModified":"2023-03-01T13:45:18+00:00","description":"Komentarz do numerycznych prognoz pogody opracowany w Centrum Modelowania Meteorologicznego IMGW-PIB.","breadcrumb":{"@id":"https:\/\/cmm.imgw.pl\/?p=23415#breadcrumb"},"inLanguage":"pl-PL","potentialAction":[{"@type":"ReadAction","target":["https:\/\/cmm.imgw.pl\/?p=23415"]}]},{"@type":"BreadcrumbList","@id":"https:\/\/cmm.imgw.pl\/?p=23415#breadcrumb","itemListElement":[{"@type":"ListItem","position":1,"name":"Home","item":"https:\/\/cmm.imgw.pl\/"},{"@type":"ListItem","position":2,"name":"Komentarz do numerycznych prognoz pogody (01\/02.03.2023)"}]},{"@type":"WebSite","@id":"https:\/\/cmm.imgw.pl\/#website","url":"https:\/\/cmm.imgw.pl\/","name":"Laboratorium Modelowania Meteorologicznego CMOK IMGW-PIB","description":"CMOK-LMM Laboratorium pe\u0142ni pa\u0144stwow\u0105 s\u0142u\u017cb\u0119 hydrologiczno-meteorologiczn\u0105 w zakresie numerycznych prognoz pogody, kt\u00f3rego zadaniem jest konsolidacja kompetencji w obszarze modelowania zjawisk pogodowych oraz dalszego rozwoju numerycznych modeli pogody (NMP).","publisher":{"@id":"https:\/\/cmm.imgw.pl\/#organization"},"potentialAction":[{"@type":"SearchAction","target":{"@type":"EntryPoint","urlTemplate":"https:\/\/cmm.imgw.pl\/?s={search_term_string}"},"query-input":"required name=search_term_string"}],"inLanguage":"pl-PL"},{"@type":"Organization","@id":"https:\/\/cmm.imgw.pl\/#organization","name":"Laboratorium Modelowania Meteorologicznego CMOK IMGW-PIB","url":"https:\/\/cmm.imgw.pl\/","sameAs":["https:\/\/www.facebook.com\/Meteoimgw\/","https:\/\/twitter.com\/IMGW_CMM"],"logo":{"@type":"ImageObject","inLanguage":"pl-PL","@id":"https:\/\/cmm.imgw.pl\/#\/schema\/logo\/image\/","url":"https:\/\/cmm.imgw.pl\/wp-content\/uploads\/2025\/10\/MODELE_LOGO_UNIFIKACJA_v2.png","contentUrl":"https:\/\/cmm.imgw.pl\/wp-content\/uploads\/2025\/10\/MODELE_LOGO_UNIFIKACJA_v2.png","width":1356,"height":365,"caption":"Laboratorium Modelowania Meteorologicznego CMOK IMGW-PIB"},"image":{"@id":"https:\/\/cmm.imgw.pl\/#\/schema\/logo\/image\/"}},{"@type":"Person","@id":"https:\/\/cmm.imgw.pl\/#\/schema\/person\/a24a37fe434fe76b0f5791e6bd3fdb46","name":"CMM","image":{"@type":"ImageObject","inLanguage":"pl-PL","@id":"https:\/\/cmm.imgw.pl\/#\/schema\/person\/image\/","url":"https:\/\/secure.gravatar.com\/avatar\/9248ea2273711f1cd09d6bd45867dbfb?s=96&d=blank&r=g","contentUrl":"https:\/\/secure.gravatar.com\/avatar\/9248ea2273711f1cd09d6bd45867dbfb?s=96&d=blank&r=g","caption":"CMM"},"sameAs":["http:\/\/cmm.imgw.pl"],"url":"https:\/\/cmm.imgw.pl\/?author=3"}]}},"_links":{"self":[{"href":"https:\/\/cmm.imgw.pl\/index.php?rest_route=\/wp\/v2\/posts\/23415"}],"collection":[{"href":"https:\/\/cmm.imgw.pl\/index.php?rest_route=\/wp\/v2\/posts"}],"about":[{"href":"https:\/\/cmm.imgw.pl\/index.php?rest_route=\/wp\/v2\/types\/post"}],"author":[{"embeddable":true,"href":"https:\/\/cmm.imgw.pl\/index.php?rest_route=\/wp\/v2\/users\/3"}],"replies":[{"embeddable":true,"href":"https:\/\/cmm.imgw.pl\/index.php?rest_route=%2Fwp%2Fv2%2Fcomments&post=23415"}],"version-history":[{"count":1,"href":"https:\/\/cmm.imgw.pl\/index.php?rest_route=\/wp\/v2\/posts\/23415\/revisions"}],"predecessor-version":[{"id":23501,"href":"https:\/\/cmm.imgw.pl\/index.php?rest_route=\/wp\/v2\/posts\/23415\/revisions\/23501"}],"wp:attachment":[{"href":"https:\/\/cmm.imgw.pl\/index.php?rest_route=%2Fwp%2Fv2%2Fmedia&parent=23415"}],"wp:term":[{"taxonomy":"category","embeddable":true,"href":"https:\/\/cmm.imgw.pl\/index.php?rest_route=%2Fwp%2Fv2%2Fcategories&post=23415"},{"taxonomy":"post_tag","embeddable":true,"href":"https:\/\/cmm.imgw.pl\/index.php?rest_route=%2Fwp%2Fv2%2Ftags&post=23415"}],"curies":[{"name":"wp","href":"https:\/\/api.w.org\/{rel}","templated":true}]}}