{"id":23040,"date":"2023-02-27T14:13:10","date_gmt":"2023-02-27T13:13:10","guid":{"rendered":"https:\/\/cmm.imgw.pl\/?p=23040"},"modified":"2023-02-27T14:29:01","modified_gmt":"2023-02-27T13:29:01","slug":"szablon-komentarz-do-numerycznych-prognoz-pogody-27-02-2023","status":"publish","type":"post","link":"https:\/\/cmm.imgw.pl\/?p=23040","title":{"rendered":"Komentarz do numerycznych prognoz pogody (27.02.2023)"},"content":{"rendered":"\n<p><em>Tre\u015b\u0107 komentarza do numerycznych prognoz meteorologicznych stanowi niezale\u017cne od biura prognoz meteorologicznych opracowanie wykonane w Centrum Modelowania Meteorologicznego i nie stanowi oficjalnej prognozy synoptycznej IMGW-PIB.<\/em><\/p>\n\n\n\n<p><strong>Opracowanie:<\/strong><\/p>\n\n\n\n<p><strong>dr&nbsp;Grzegorz&nbsp;Duniec, <a href=\"https:\/\/cmm.imgw.pl\/\" target=\"_blank\" rel=\"noreferrer noopener\"><mark style=\"background-color:rgba(0, 0, 0, 0)\" class=\"has-inline-color has-vivid-cyan-blue-color\">Centrum Modelowania Meteorologicznego IMGW-PIB<\/mark><\/a><\/strong><\/p>\n\n\n<p><strong>Analiza <\/strong><\/p>\n<p><img loading=\"lazy\" width=\"1385\" height=\"983\" class=\"wp-image-23111 aligncenter\" src=\"http:\/\/cmm.imgw.pl\/wp-content\/uploads\/2023\/02\/word-image-23040-1.png\" srcset=\"https:\/\/cmm.imgw.pl\/wp-content\/uploads\/2023\/02\/word-image-23040-1.png 1385w, https:\/\/cmm.imgw.pl\/wp-content\/uploads\/2023\/02\/word-image-23040-1-300x213.png 300w, https:\/\/cmm.imgw.pl\/wp-content\/uploads\/2023\/02\/word-image-23040-1-1024x727.png 1024w, https:\/\/cmm.imgw.pl\/wp-content\/uploads\/2023\/02\/word-image-23040-1-768x545.png 768w\" sizes=\"(max-width: 1385px) 100vw, 1385px\" \/><\/p>\n<p><strong>Sytuacja baryczna w Europie<\/strong><\/p>\n<p>W Europie zachodniej pogod\u0119 kszta\u0142tuje uk\u0142ad wysokiego ci\u015bnienia, kt\u00f3rego centrum 1037,8 hPa zalega nad p\u00f3\u0142nocn\u0105 Angli\u0105. Wy\u017c si\u0119 umacnia. Drugi wt\u00f3rny o\u015brodek, w centrum kt\u00f3rego ci\u015bnienie wynosi 1035 hPa, utworzy\u0142 si\u0119 nad Norwegi\u0105. Wy\u017c rozbudowuje si\u0119 na wsch\u00f3d i klinem si\u0119gn\u0105\u0142 w kierunku Europy \u015brodkowej obejmuj\u0105c Polsk\u0119. Nad p\u00f3\u0142nocno zachodni\u0105 Rosj\u0105 znajduje si\u0119 uk\u0142ad niskiego ci\u015bnienia z centrum 998,9 hPa. Ni\u017c si\u0119 wype\u0142nia. Uk\u0142ad jego front\u00f3w atmosferycznych rozci\u0105ga si\u0119 nad Europ\u0105 wschodni\u0105 a\u017c po Grecj\u0119. Drugi uk\u0142ad niskiego ci\u015bnienia z centrum 980 hPa nad Morzem Barentsa jest w stadium okludowania. Trzeci uk\u0142ad niskiego ci\u015bnienia z centrum 955 hPa zalega nad Atlantykiem. Ni\u017c wszed\u0142 w czwarte stadium rozwoju i zacz\u0105\u0142 si\u0119 wype\u0142nia\u0107. Jego fronty zalegaj\u0105 po zachodniej stronie wy\u017cu znad Anglii.<\/p>\n<p><img loading=\"lazy\" width=\"555\" height=\"497\" class=\"wp-image-23112 aligncenter\" src=\"http:\/\/cmm.imgw.pl\/wp-content\/uploads\/2023\/02\/word-image-23040-2.png\" srcset=\"https:\/\/cmm.imgw.pl\/wp-content\/uploads\/2023\/02\/word-image-23040-2.png 555w, https:\/\/cmm.imgw.pl\/wp-content\/uploads\/2023\/02\/word-image-23040-2-300x269.png 300w\" sizes=\"(max-width: 555px) 100vw, 555px\" \/> <img loading=\"lazy\" width=\"554\" height=\"498\" class=\"wp-image-23113 aligncenter\" src=\"http:\/\/cmm.imgw.pl\/wp-content\/uploads\/2023\/02\/word-image-23040-3.png\" srcset=\"https:\/\/cmm.imgw.pl\/wp-content\/uploads\/2023\/02\/word-image-23040-3.png 554w, https:\/\/cmm.imgw.pl\/wp-content\/uploads\/2023\/02\/word-image-23040-3-300x270.png 300w\" sizes=\"(max-width: 554px) 100vw, 554px\" \/> <img loading=\"lazy\" width=\"552\" height=\"499\" class=\"wp-image-23114 aligncenter\" src=\"http:\/\/cmm.imgw.pl\/wp-content\/uploads\/2023\/02\/word-image-23040-4.png\" srcset=\"https:\/\/cmm.imgw.pl\/wp-content\/uploads\/2023\/02\/word-image-23040-4.png 552w, https:\/\/cmm.imgw.pl\/wp-content\/uploads\/2023\/02\/word-image-23040-4-300x271.png 300w\" sizes=\"(max-width: 552px) 100vw, 552px\" \/> <img loading=\"lazy\" width=\"556\" height=\"498\" class=\"wp-image-23115 aligncenter\" src=\"http:\/\/cmm.imgw.pl\/wp-content\/uploads\/2023\/02\/word-image-23040-5.png\" srcset=\"https:\/\/cmm.imgw.pl\/wp-content\/uploads\/2023\/02\/word-image-23040-5.png 556w, https:\/\/cmm.imgw.pl\/wp-content\/uploads\/2023\/02\/word-image-23040-5-300x269.png 300w\" sizes=\"(max-width: 556px) 100vw, 556px\" \/><\/p>\n<p>Wy\u017c znad Anglii nadal dobrze widoczny na wy\u017cszych poziomach izobarycznych. Na osi wy\u017cu w kierunku pionowym roz\u0142o\u017cone s\u0105 nast\u0119puj\u0105ce centra: 156 gpdam na wysoko\u015bci 1,5km, 312 gpdam na wysoko\u015bci 3km, 572 gpdam na wysoko\u015bci 5,5 km. Na wy\u017cszych poziomach wy\u017c r\u00f3wnie\u017c si\u0119 umocni\u0142. Ni\u017c znad Europy wschodniej jest jeszcze widoczny na poziomie 850 hPa oraz 700 hPa. Na osi ni\u017cu w kierunku pionowym roz\u0142o\u017cone s\u0105 nast\u0119puj\u0105ce centra: 128 gpdam na wysoko\u015bci 1,5km, 276 gpdam na wysoko\u015bci 3km. Ni\u017c na wy\u017cszych poziomach r\u00f3wnie\u017c si\u0119 wype\u0142nia. Ni\u017c nad Europ\u0105 po\u0142udniow\u0105 jeszcze widoczny na wy\u017cszych poziomach. Na osi ni\u017cu w kierunku pionowym roz\u0142o\u017cone s\u0105 nast\u0119puj\u0105ce centra: 140 gpdam na wysoko\u015bci 1,5km, 288 gpdam na wysoko\u015bci 3km, 536 gpdam na wysoko\u015bci 5,5km oraz 888 gpdam na wysoko\u015bci 9 km.<\/p>\n<p><img loading=\"lazy\" width=\"600\" height=\"640\" class=\"wp-image-23116 aligncenter\" src=\"http:\/\/cmm.imgw.pl\/wp-content\/uploads\/2023\/02\/word-image-23040-6.png\" srcset=\"https:\/\/cmm.imgw.pl\/wp-content\/uploads\/2023\/02\/word-image-23040-6.png 600w, https:\/\/cmm.imgw.pl\/wp-content\/uploads\/2023\/02\/word-image-23040-6-281x300.png 281w\" sizes=\"(max-width: 600px) 100vw, 600px\" \/> <img loading=\"lazy\" width=\"600\" height=\"640\" class=\"wp-image-23117 aligncenter\" src=\"http:\/\/cmm.imgw.pl\/wp-content\/uploads\/2023\/02\/word-image-23040-7.png\" srcset=\"https:\/\/cmm.imgw.pl\/wp-content\/uploads\/2023\/02\/word-image-23040-7.png 600w, https:\/\/cmm.imgw.pl\/wp-content\/uploads\/2023\/02\/word-image-23040-7-281x300.png 281w\" sizes=\"(max-width: 600px) 100vw, 600px\" \/> <img loading=\"lazy\" width=\"600\" height=\"640\" class=\"wp-image-23118 aligncenter\" src=\"http:\/\/cmm.imgw.pl\/wp-content\/uploads\/2023\/02\/word-image-23040-8.png\" srcset=\"https:\/\/cmm.imgw.pl\/wp-content\/uploads\/2023\/02\/word-image-23040-8.png 600w, https:\/\/cmm.imgw.pl\/wp-content\/uploads\/2023\/02\/word-image-23040-8-281x300.png 281w\" sizes=\"(max-width: 600px) 100vw, 600px\" \/><\/p>\n<p>W dzie\u0144 jeszcze nad Polsk\u0105 zalega zatoka ch\u0142odniejszego powietrza, kt\u00f3ra b\u0119dzie powoli wypierana znad Polski. W nocy zacznie nasuwa\u0107 si\u0119 cieplejsza masa powietrza. Nad ranem nad Polsk\u0105 powinna ju\u017c zalega\u0107 cieplejsza masa powietrza.<\/p>\n<p><img loading=\"lazy\" width=\"1075\" height=\"764\" class=\"wp-image-23119 aligncenter\" src=\"http:\/\/cmm.imgw.pl\/wp-content\/uploads\/2023\/02\/word-image-23040-9.gif\" \/> <img loading=\"lazy\" width=\"1075\" height=\"764\" class=\"wp-image-23120 aligncenter\" src=\"http:\/\/cmm.imgw.pl\/wp-content\/uploads\/2023\/02\/word-image-23040-10.gif\" \/><\/p>\n<p>W ci\u0105gu najbli\u017cszych 24 godzin, nad Angli\u0105 nadal zalega\u0107 b\u0119dzie wy\u017c, kt\u00f3ry b\u0119dzie si\u0119 umacnia\u0142. Jutro ci\u015bnienie osi\u0105gnie warto\u015b\u0107 1040 hPa. Wy\u017c si\u0119ga klinem nad Europ\u0119 centraln\u0105. Ni\u017c znad Morza Barentsa przemieszcza si\u0119 w kierunku ESE i jutro powinien znale\u017a\u0107 si\u0119 na p\u00f3\u0142nocno zachodni\u0105 Rosj\u0105. Uk\u0142ad front\u00f3w atmosferycznych zwi\u0105zanych z tym ni\u017cem obejmowa\u0107 b\u0119dzie Europ\u0119 wschodni\u0105, Ba\u0142tyk oraz Skandynawi\u0119. Front ciep\u0142y zbli\u017cy si\u0119 do Polski znad Ba\u0142tyku. Ni\u017c w rejonie Grenlandii przemie\u015bci si\u0119 bardziej na p\u00f3\u0142noc i proces wype\u0142niania b\u0119dzie w dalszym ci\u0105gu post\u0119powa\u0142. Front okluzji zwi\u0105zany z tym ni\u017cem zalega\u0107 powinien po zachodniej stronie wy\u017cu. Jutro ci\u015bnienie w centrum powinno wynie\u015b\u0107 oko\u0142o 985 hPa. Nad Atlantykiem pojawi\u0105 si\u0119 kolejne uk\u0142ady niskiego ci\u015bnienia, znajduj\u0105ce si\u0119 w fazie okludowania i pog\u0142\u0119biania.<\/p>\n<p><img loading=\"lazy\" width=\"1391\" height=\"487\" class=\"wp-image-23121 aligncenter\" src=\"http:\/\/cmm.imgw.pl\/wp-content\/uploads\/2023\/02\/word-image-23040-11.png\" srcset=\"https:\/\/cmm.imgw.pl\/wp-content\/uploads\/2023\/02\/word-image-23040-11.png 1391w, https:\/\/cmm.imgw.pl\/wp-content\/uploads\/2023\/02\/word-image-23040-11-300x105.png 300w, https:\/\/cmm.imgw.pl\/wp-content\/uploads\/2023\/02\/word-image-23040-11-1024x359.png 1024w, https:\/\/cmm.imgw.pl\/wp-content\/uploads\/2023\/02\/word-image-23040-11-768x269.png 768w\" sizes=\"(max-width: 1391px) 100vw, 1391px\" \/><\/p>\n<p><img loading=\"lazy\" width=\"1394\" height=\"490\" class=\"wp-image-23122\" src=\"http:\/\/cmm.imgw.pl\/wp-content\/uploads\/2023\/02\/word-image-23040-12.png\" srcset=\"https:\/\/cmm.imgw.pl\/wp-content\/uploads\/2023\/02\/word-image-23040-12.png 1394w, https:\/\/cmm.imgw.pl\/wp-content\/uploads\/2023\/02\/word-image-23040-12-300x105.png 300w, https:\/\/cmm.imgw.pl\/wp-content\/uploads\/2023\/02\/word-image-23040-12-1024x360.png 1024w, https:\/\/cmm.imgw.pl\/wp-content\/uploads\/2023\/02\/word-image-23040-12-768x270.png 768w\" sizes=\"(max-width: 1394px) 100vw, 1394px\" \/><\/p>\n<p>Na wysoko\u015bci 1,5 km (TB850) wida\u0107 g\u0142\u0119boki wype\u0142niaj\u0105cy si\u0119 ni\u017c w pobli\u017cu Grenlandii o g\u0142\u0119boko\u015bci 103 gpdam. G\u0142\u0119boko\u015b\u0107 wiru b\u0119dzie mala\u0142a do 112 gpdam (wysoko\u015b\u0107 powierzchni izobarycznej wzro\u015bnie). Nad Atlantykiem uwidocznione ni\u017ce, kt\u00f3re w wyniku procesu ewolucji rozbudowa\u0142y si\u0119 w pionie. G\u0142\u0119boko\u015b\u0107 obu wir\u00f3w to odpowiednio 120 gpdam i 115 gpdam. Wy\u017c nad Angli\u0105 si\u0119 umacnia i wida\u0107 to tak\u017ce na mapach TB850. W horyzoncie 12 godzin w centrum wysoko\u015b\u0107 powierzchni izobarycznej 850 hPa zmieni si\u0119 ze 163 gpdam do 165 gpdam. Ni\u017c nad Morzem \u015ar\u00f3dziemnym r\u00f3wnie\u017c si\u0119 wype\u0142nia i jego g\u0142\u0119boko\u015b\u0107 zmniejsza si\u0119 od 133 gpdam do 136 gpdam, czyli powierzchni 850 hPa podniesie si\u0119 do g\u00f3ry zmniejszaj\u0105c g\u0142\u0119boko\u015b\u0107 wiru. Nad p\u00f3\u0142nocno wschodni\u0105 Rosj\u0105 zaznaczony jest ni\u017c, kt\u00f3ry w wyniku procesu rozwoju rozprzestrzeni\u0142 si\u0119 w kierunku wertykalnym. Ni\u017c na wysoko\u015bci 1,5 km ju\u017c zacz\u0105\u0142 si\u0119 wype\u0142nia\u0107. Jego g\u0142\u0119boko\u015b\u0107 zmniejszy si\u0119 (w centrum powierzchnia izobaryczna podniesie si\u0119) ze 106 gpdam do 112 gpdam. Nad Polska raczej niewielka wilgotno\u015b\u0107 na wysoko\u015bci 3 km, za wyj\u0105tkiem obszar\u00f3w po\u0142udniowo wschodnich.<\/p>\n<p><img loading=\"lazy\" width=\"696\" height=\"485\" class=\"wp-image-23123 aligncenter\" src=\"http:\/\/cmm.imgw.pl\/wp-content\/uploads\/2023\/02\/word-image-23040-13.png\" srcset=\"https:\/\/cmm.imgw.pl\/wp-content\/uploads\/2023\/02\/word-image-23040-13.png 696w, https:\/\/cmm.imgw.pl\/wp-content\/uploads\/2023\/02\/word-image-23040-13-300x209.png 300w\" sizes=\"(max-width: 696px) 100vw, 696px\" \/> <img loading=\"lazy\" width=\"698\" height=\"484\" class=\"wp-image-23124 aligncenter\" src=\"http:\/\/cmm.imgw.pl\/wp-content\/uploads\/2023\/02\/word-image-23040-14.png\" srcset=\"https:\/\/cmm.imgw.pl\/wp-content\/uploads\/2023\/02\/word-image-23040-14.png 698w, https:\/\/cmm.imgw.pl\/wp-content\/uploads\/2023\/02\/word-image-23040-14-300x208.png 300w\" sizes=\"(max-width: 698px) 100vw, 698px\" \/><\/p>\n<p><img loading=\"lazy\" width=\"574\" height=\"403\" class=\"wp-image-23125 aligncenter\" src=\"http:\/\/cmm.imgw.pl\/wp-content\/uploads\/2023\/02\/word-image-23040-15.png\" srcset=\"https:\/\/cmm.imgw.pl\/wp-content\/uploads\/2023\/02\/word-image-23040-15.png 574w, https:\/\/cmm.imgw.pl\/wp-content\/uploads\/2023\/02\/word-image-23040-15-300x211.png 300w\" sizes=\"(max-width: 574px) 100vw, 574px\" \/><\/p>\n<p>W nocy, na poziomie 500 hPa (5,5 km), nadal dobrze zaznaczony b\u0119dzie wy\u017c znad Anglii. Wysoko\u015b\u0107 powierzchni 500 hPa w jego centrum wyniesie 576 gpdam. W ci\u0105gu dnia nadal b\u0119dzie si\u0119 umacnia\u0142 i wieczorem w jego centrum wysoko\u015b\u0107 powierzchni izobarycznej wyniesie 577 gpdam. Na wysoko\u015bci 500 hPa dobrze wida\u0107 wype\u0142niaj\u0105cy si\u0119 ni\u017c znad zachodniej Rosji. Wysoko\u015b\u0107 powierzchni 500 hPa wzro\u015bnie z 492 gpdam do 497 gpdam (jutro w po\u0142udnie). Proces wype\u0142niania ni\u017cu z okolic Grenlandii ju\u017c dotrze do wysoko\u015bci 5,5 km. Jego g\u0142\u0119boko\u015b\u0107 zmaleje (wzro\u015bnie wysoko\u015b\u0107 powierzchni izobarycznej 500 hPa) z 500 gpdam do 507 gpdam w horyzoncie 12 godzin. Proces wype\u0142niania ni\u017cu nad Morzem \u015ar\u00f3dziemnym dotrze tak\u017ce do powierzchni 500 hPa. Jego g\u0142\u0119boko\u015b\u0107 zmniejsza si\u0119 z 537 gpdam do 540 gpdam, czyli powierzchni 500 hPa podniesie si\u0119 do g\u00f3ry zmniejszaj\u0105c g\u0142\u0119boko\u015b\u0107 wiru. Do Polski nap\u0142ynie powietrze z p\u00f3\u0142nocnego wschodu.<\/p>\n<p><img loading=\"lazy\" width=\"690\" height=\"482\" class=\"wp-image-23126 aligncenter\" src=\"http:\/\/cmm.imgw.pl\/wp-content\/uploads\/2023\/02\/word-image-23040-16.jpeg\" srcset=\"https:\/\/cmm.imgw.pl\/wp-content\/uploads\/2023\/02\/word-image-23040-16.jpeg 690w, https:\/\/cmm.imgw.pl\/wp-content\/uploads\/2023\/02\/word-image-23040-16-300x210.jpeg 300w\" sizes=\"(max-width: 690px) 100vw, 690px\" \/> <img loading=\"lazy\" width=\"677\" height=\"477\" class=\"wp-image-23127 aligncenter\" src=\"http:\/\/cmm.imgw.pl\/wp-content\/uploads\/2023\/02\/word-image-23040-17.jpeg\" srcset=\"https:\/\/cmm.imgw.pl\/wp-content\/uploads\/2023\/02\/word-image-23040-17.jpeg 677w, https:\/\/cmm.imgw.pl\/wp-content\/uploads\/2023\/02\/word-image-23040-17-300x211.jpeg 300w\" sizes=\"(max-width: 677px) 100vw, 677px\" \/><\/p>\n<p>Na powierzchni 300 hPa w dalszym ci\u0105gu dobrze wyra\u017cony antycyklon znad Anglii. W ci\u0105gu 12 godzin wysoko\u015b\u0107 powierzchni nie zmieni si\u0119 i wyniesie 930 gpdam. Na wysoko\u015bci 9 km wida\u0107 wype\u0142niaj\u0105cy si\u0119 cyklon nad p\u00f3\u0142nocno zachodni\u0105 Rosj\u0105. Wysoko\u015b\u0107 powierzchni wzro\u015bnie (g\u0142\u0119boko\u015b\u0107 wiru zmaleje) z 833 gpdam do 834 gpdam. Proces wype\u0142niania wiru cyklonalnego znad Morza \u015ar\u00f3dziemnego dotrze do powierzchni 300 hPa. Wysoko\u015b\u0107 powierzchni izobarycznej 300 hPa wzro\u015bnie z 888 gpdam do 889 gpdam. Obszar czerwony wskazuje zag\u0119szczenie izohips i izoterm, jest to obszar du\u017cych pr\u0119dko\u015bci wiatru.<\/p>\n<p><img loading=\"lazy\" width=\"800\" height=\"640\" class=\"wp-image-23128 aligncenter\" src=\"http:\/\/cmm.imgw.pl\/wp-content\/uploads\/2023\/02\/word-image-23040-18.gif\" \/> <img loading=\"lazy\" width=\"800\" height=\"640\" class=\"wp-image-23129 aligncenter\" src=\"http:\/\/cmm.imgw.pl\/wp-content\/uploads\/2023\/02\/word-image-23040-19.gif\" \/> <img loading=\"lazy\" width=\"800\" height=\"640\" class=\"wp-image-23130 aligncenter\" src=\"http:\/\/cmm.imgw.pl\/wp-content\/uploads\/2023\/02\/word-image-23040-20.gif\" \/><\/p>\n<p>Z nocnych radiosonda\u017cy wida\u0107 warstw\u0119 du\u017cej wilgotno\u015bci na poziomie oko\u0142o 1500 metr\u00f3w, gdzie zalega\u0142y chmury Stratocumulus.<\/p>\n<p><img loading=\"lazy\" width=\"600\" height=\"640\" class=\"wp-image-23131 aligncenter\" src=\"http:\/\/cmm.imgw.pl\/wp-content\/uploads\/2023\/02\/word-image-23040-21.png\" srcset=\"https:\/\/cmm.imgw.pl\/wp-content\/uploads\/2023\/02\/word-image-23040-21.png 600w, https:\/\/cmm.imgw.pl\/wp-content\/uploads\/2023\/02\/word-image-23040-21-281x300.png 281w\" sizes=\"(max-width: 600px) 100vw, 600px\" \/> <img loading=\"lazy\" width=\"600\" height=\"640\" class=\"wp-image-23132 aligncenter\" src=\"http:\/\/cmm.imgw.pl\/wp-content\/uploads\/2023\/02\/word-image-23040-22.png\" srcset=\"https:\/\/cmm.imgw.pl\/wp-content\/uploads\/2023\/02\/word-image-23040-22.png 600w, https:\/\/cmm.imgw.pl\/wp-content\/uploads\/2023\/02\/word-image-23040-22-281x300.png 281w\" sizes=\"(max-width: 600px) 100vw, 600px\" \/> <img loading=\"lazy\" width=\"600\" height=\"640\" class=\"wp-image-23133 aligncenter\" src=\"http:\/\/cmm.imgw.pl\/wp-content\/uploads\/2023\/02\/word-image-23040-23.png\" srcset=\"https:\/\/cmm.imgw.pl\/wp-content\/uploads\/2023\/02\/word-image-23040-23.png 600w, https:\/\/cmm.imgw.pl\/wp-content\/uploads\/2023\/02\/word-image-23040-23-281x300.png 281w\" sizes=\"(max-width: 600px) 100vw, 600px\" \/> <img loading=\"lazy\" width=\"600\" height=\"640\" class=\"wp-image-23134 aligncenter\" src=\"http:\/\/cmm.imgw.pl\/wp-content\/uploads\/2023\/02\/word-image-23040-24.png\" srcset=\"https:\/\/cmm.imgw.pl\/wp-content\/uploads\/2023\/02\/word-image-23040-24.png 600w, https:\/\/cmm.imgw.pl\/wp-content\/uploads\/2023\/02\/word-image-23040-24-281x300.png 281w\" sizes=\"(max-width: 600px) 100vw, 600px\" \/><\/p>\n<p><strong>Profil wilgotno\u015bci<\/strong><\/p>\n<p>W dzie\u0144 na wysoko\u015bci 1,5 km wilgotno\u015b\u0107 powietrza du\u017ca (60-99%) na po\u0142udniu, na zachodzie, w centrum, lokalnie w p\u00f3\u0142nocno wschodniej i w po\u0142udniowo wschodniej Polsce. Na pozosta\u0142ym obszarze wilgotno\u015b\u0107 niska. Na wysoko\u015bci 3 km wilgotno\u015b\u0107 niska na obszarze ca\u0142ego kraju (10-30%). Na wysoko\u015bci 5,5 km wilgotno\u015b\u0107 na poziomie 80-99% jednie w po\u0142udniowo wschodniej i cz\u0119\u015bciowo w po\u0142udniowej Polsce. Na wysoko\u015bci 9 km w sektorze po\u0142udniowo wschodniej Polski wilgotno\u015b\u0107 du\u017ca.<\/p>\n<p><img loading=\"lazy\" width=\"600\" height=\"640\" class=\"wp-image-23135 aligncenter\" src=\"http:\/\/cmm.imgw.pl\/wp-content\/uploads\/2023\/02\/word-image-23040-25.png\" srcset=\"https:\/\/cmm.imgw.pl\/wp-content\/uploads\/2023\/02\/word-image-23040-25.png 600w, https:\/\/cmm.imgw.pl\/wp-content\/uploads\/2023\/02\/word-image-23040-25-281x300.png 281w\" sizes=\"(max-width: 600px) 100vw, 600px\" \/> <img loading=\"lazy\" width=\"600\" height=\"640\" class=\"wp-image-23136 aligncenter\" src=\"http:\/\/cmm.imgw.pl\/wp-content\/uploads\/2023\/02\/word-image-23040-26.png\" srcset=\"https:\/\/cmm.imgw.pl\/wp-content\/uploads\/2023\/02\/word-image-23040-26.png 600w, https:\/\/cmm.imgw.pl\/wp-content\/uploads\/2023\/02\/word-image-23040-26-281x300.png 281w\" sizes=\"(max-width: 600px) 100vw, 600px\" \/> <img loading=\"lazy\" width=\"600\" height=\"640\" class=\"wp-image-23137 aligncenter\" src=\"http:\/\/cmm.imgw.pl\/wp-content\/uploads\/2023\/02\/word-image-23040-27.png\" srcset=\"https:\/\/cmm.imgw.pl\/wp-content\/uploads\/2023\/02\/word-image-23040-27.png 600w, https:\/\/cmm.imgw.pl\/wp-content\/uploads\/2023\/02\/word-image-23040-27-281x300.png 281w\" sizes=\"(max-width: 600px) 100vw, 600px\" \/> <img loading=\"lazy\" width=\"600\" height=\"640\" class=\"wp-image-23138 aligncenter\" src=\"http:\/\/cmm.imgw.pl\/wp-content\/uploads\/2023\/02\/word-image-23040-28.png\" srcset=\"https:\/\/cmm.imgw.pl\/wp-content\/uploads\/2023\/02\/word-image-23040-28.png 600w, https:\/\/cmm.imgw.pl\/wp-content\/uploads\/2023\/02\/word-image-23040-28-281x300.png 281w\" sizes=\"(max-width: 600px) 100vw, 600px\" \/><\/p>\n<p>W nocy na wysoko\u015bci 1,5 km oraz 3 km sucho. Wilgotno\u015b\u0107 powietrza na poziomie 10-30% lub ni\u017cej. Na wysoko\u015bci 5,5 km jedynie na po\u0142udniu kraju wilgotno\u015b\u0107 du\u017ca, 60-99%. Na pozosta\u0142ym obszarze sucho. Na wysoko\u015bci 9 km wilgotno\u015b\u0107 umiarkowana i du\u017ca w sektorze po\u0142udniowo wschodniej Polski oraz w centrum i cz\u0119\u015bciowo na po\u0142udniu i wschodzie kraju.<\/p>\n<p><strong>Prognoza<\/strong><\/p>\n<p><img loading=\"lazy\" width=\"607\" height=\"607\" class=\"wp-image-23139 aligncenter\" src=\"http:\/\/cmm.imgw.pl\/wp-content\/uploads\/2023\/02\/word-image-23040-29.jpeg\" srcset=\"https:\/\/cmm.imgw.pl\/wp-content\/uploads\/2023\/02\/word-image-23040-29.jpeg 607w, https:\/\/cmm.imgw.pl\/wp-content\/uploads\/2023\/02\/word-image-23040-29-300x300.jpeg 300w, https:\/\/cmm.imgw.pl\/wp-content\/uploads\/2023\/02\/word-image-23040-29-150x150.jpeg 150w, https:\/\/cmm.imgw.pl\/wp-content\/uploads\/2023\/02\/word-image-23040-29-600x600.jpeg 600w\" sizes=\"(max-width: 607px) 100vw, 607px\" \/> <img loading=\"lazy\" width=\"614\" height=\"614\" class=\"wp-image-23140 aligncenter\" src=\"http:\/\/cmm.imgw.pl\/wp-content\/uploads\/2023\/02\/word-image-23040-30.jpeg\" srcset=\"https:\/\/cmm.imgw.pl\/wp-content\/uploads\/2023\/02\/word-image-23040-30.jpeg 614w, https:\/\/cmm.imgw.pl\/wp-content\/uploads\/2023\/02\/word-image-23040-30-300x300.jpeg 300w, https:\/\/cmm.imgw.pl\/wp-content\/uploads\/2023\/02\/word-image-23040-30-150x150.jpeg 150w, https:\/\/cmm.imgw.pl\/wp-content\/uploads\/2023\/02\/word-image-23040-30-600x600.jpeg 600w\" sizes=\"(max-width: 614px) 100vw, 614px\" \/><\/p>\n<p>W dzie\u0144 temperatura powietrza od -1\u00b0C w woj. podlaskim i -7\u00b0C w Zakopanem do 2\u00b0C na zachodzie i p\u00f3\u0142nocnym zachodzie kraju. W nocy od -6\u00b0C w woj. podlaskim i -9\u00b0C w Zakopanem do -1\u00b0C w Szczecinie.<\/p>\n<p><img loading=\"lazy\" width=\"650\" height=\"612\" class=\"wp-image-23141 aligncenter\" src=\"http:\/\/cmm.imgw.pl\/wp-content\/uploads\/2023\/02\/word-image-23040-31.jpeg\" srcset=\"https:\/\/cmm.imgw.pl\/wp-content\/uploads\/2023\/02\/word-image-23040-31.jpeg 650w, https:\/\/cmm.imgw.pl\/wp-content\/uploads\/2023\/02\/word-image-23040-31-300x282.jpeg 300w\" sizes=\"(max-width: 650px) 100vw, 650px\" \/> <img loading=\"lazy\" width=\"647\" height=\"609\" class=\"wp-image-23142 aligncenter\" src=\"http:\/\/cmm.imgw.pl\/wp-content\/uploads\/2023\/02\/word-image-23040-32.jpeg\" srcset=\"https:\/\/cmm.imgw.pl\/wp-content\/uploads\/2023\/02\/word-image-23040-32.jpeg 647w, https:\/\/cmm.imgw.pl\/wp-content\/uploads\/2023\/02\/word-image-23040-32-300x282.jpeg 300w\" sizes=\"(max-width: 647px) 100vw, 647px\" \/><\/p>\n<p>W dzie\u0144 temperatura odczuwalna od -8\u00b0C w Suwa\u0142kach i -9\u00b0C w Zakopanem do -2\u00b0C na zachodzie kraju. W nocy od -14\u00b0C w woj. podlaskim i -20\/-24\u00b0C na p\u00f3\u0142nocy kraju do -8\u00b0C w Warszawie.<\/p>\n<p><img loading=\"lazy\" width=\"660\" height=\"660\" class=\"wp-image-23143 aligncenter\" src=\"http:\/\/cmm.imgw.pl\/wp-content\/uploads\/2023\/02\/word-image-23040-33.jpeg\" srcset=\"https:\/\/cmm.imgw.pl\/wp-content\/uploads\/2023\/02\/word-image-23040-33.jpeg 660w, https:\/\/cmm.imgw.pl\/wp-content\/uploads\/2023\/02\/word-image-23040-33-300x300.jpeg 300w, https:\/\/cmm.imgw.pl\/wp-content\/uploads\/2023\/02\/word-image-23040-33-150x150.jpeg 150w, https:\/\/cmm.imgw.pl\/wp-content\/uploads\/2023\/02\/word-image-23040-33-600x600.jpeg 600w\" sizes=\"(max-width: 660px) 100vw, 660px\" \/> <img loading=\"lazy\" width=\"679\" height=\"679\" class=\"wp-image-23144 aligncenter\" src=\"http:\/\/cmm.imgw.pl\/wp-content\/uploads\/2023\/02\/word-image-23040-34.jpeg\" srcset=\"https:\/\/cmm.imgw.pl\/wp-content\/uploads\/2023\/02\/word-image-23040-34.jpeg 679w, https:\/\/cmm.imgw.pl\/wp-content\/uploads\/2023\/02\/word-image-23040-34-300x300.jpeg 300w, https:\/\/cmm.imgw.pl\/wp-content\/uploads\/2023\/02\/word-image-23040-34-150x150.jpeg 150w, https:\/\/cmm.imgw.pl\/wp-content\/uploads\/2023\/02\/word-image-23040-34-600x600.jpeg 600w\" sizes=\"(max-width: 679px) 100vw, 679px\" \/><\/p>\n<p>W dzie\u0144 wilgotno\u015b\u0107 powietrza 65-96%. W nocy 78-91%.<\/p>\n<p><img loading=\"lazy\" width=\"458\" height=\"458\" class=\"wp-image-23145 aligncenter\" src=\"http:\/\/cmm.imgw.pl\/wp-content\/uploads\/2023\/02\/word-image-23040-35.jpeg\" srcset=\"https:\/\/cmm.imgw.pl\/wp-content\/uploads\/2023\/02\/word-image-23040-35.jpeg 458w, https:\/\/cmm.imgw.pl\/wp-content\/uploads\/2023\/02\/word-image-23040-35-300x300.jpeg 300w, https:\/\/cmm.imgw.pl\/wp-content\/uploads\/2023\/02\/word-image-23040-35-150x150.jpeg 150w\" sizes=\"(max-width: 458px) 100vw, 458px\" \/> <img loading=\"lazy\" width=\"457\" height=\"457\" class=\"wp-image-23146 aligncenter\" src=\"http:\/\/cmm.imgw.pl\/wp-content\/uploads\/2023\/02\/word-image-23040-36.jpeg\" srcset=\"https:\/\/cmm.imgw.pl\/wp-content\/uploads\/2023\/02\/word-image-23040-36.jpeg 457w, https:\/\/cmm.imgw.pl\/wp-content\/uploads\/2023\/02\/word-image-23040-36-300x300.jpeg 300w, https:\/\/cmm.imgw.pl\/wp-content\/uploads\/2023\/02\/word-image-23040-36-150x150.jpeg 150w\" sizes=\"(max-width: 457px) 100vw, 457px\" \/> <img loading=\"lazy\" width=\"454\" height=\"454\" class=\"wp-image-23147 aligncenter\" src=\"http:\/\/cmm.imgw.pl\/wp-content\/uploads\/2023\/02\/word-image-23040-37.jpeg\" srcset=\"https:\/\/cmm.imgw.pl\/wp-content\/uploads\/2023\/02\/word-image-23040-37.jpeg 454w, https:\/\/cmm.imgw.pl\/wp-content\/uploads\/2023\/02\/word-image-23040-37-300x300.jpeg 300w, https:\/\/cmm.imgw.pl\/wp-content\/uploads\/2023\/02\/word-image-23040-37-150x150.jpeg 150w\" sizes=\"(max-width: 454px) 100vw, 454px\" \/><\/p>\n<p>W dzie\u0144 wiatr NNE, 3-11 km\/h. W porywach do 25 km\/h, a w Karpatach do 70 km\/h. W nocy p\u00f3\u0142nocno wschodni, w wielu rejonach zmienny. Pr\u0119dko\u015b\u0107 wiatru w nocy od 2 km\/h do 7 km\/h.<\/p>\n<p><img loading=\"lazy\" width=\"634\" height=\"490\" class=\"wp-image-23148 aligncenter\" src=\"http:\/\/cmm.imgw.pl\/wp-content\/uploads\/2023\/02\/tendencja-gfs-pon-27-02-2023-15-utc.gif\" alt=\"tendencja GFS pon. 27.02.2023 15 UTC\" \/> <img loading=\"lazy\" width=\"634\" height=\"490\" class=\"wp-image-23149 aligncenter\" src=\"http:\/\/cmm.imgw.pl\/wp-content\/uploads\/2023\/02\/tendencja-gfs-pon-27-02-2023-18-utc.gif\" alt=\"tendencja GFS pon. 27.02.2023 18 UTC\" \/> <img loading=\"lazy\" width=\"634\" height=\"490\" class=\"wp-image-23150 aligncenter\" src=\"http:\/\/cmm.imgw.pl\/wp-content\/uploads\/2023\/02\/tendencja-gfs-wto-28-02-2023-00-utc.gif\" alt=\"tendencja GFS wto. 28.02.2023 00 UTC\" \/><\/p>\n<p>Dodatnia tendencja barometryczna. Ci\u015bnienie b\u0119dzie wzrasta\u0107.<\/p>\n<p><img loading=\"lazy\" width=\"454\" height=\"454\" class=\"wp-image-23151 aligncenter\" src=\"http:\/\/cmm.imgw.pl\/wp-content\/uploads\/2023\/02\/word-image-23040-41.jpeg\" srcset=\"https:\/\/cmm.imgw.pl\/wp-content\/uploads\/2023\/02\/word-image-23040-41.jpeg 454w, https:\/\/cmm.imgw.pl\/wp-content\/uploads\/2023\/02\/word-image-23040-41-300x300.jpeg 300w, https:\/\/cmm.imgw.pl\/wp-content\/uploads\/2023\/02\/word-image-23040-41-150x150.jpeg 150w\" sizes=\"(max-width: 454px) 100vw, 454px\" \/> <img loading=\"lazy\" width=\"451\" height=\"451\" class=\"wp-image-23152 aligncenter\" src=\"http:\/\/cmm.imgw.pl\/wp-content\/uploads\/2023\/02\/word-image-23040-42.jpeg\" srcset=\"https:\/\/cmm.imgw.pl\/wp-content\/uploads\/2023\/02\/word-image-23040-42.jpeg 451w, https:\/\/cmm.imgw.pl\/wp-content\/uploads\/2023\/02\/word-image-23040-42-300x300.jpeg 300w, https:\/\/cmm.imgw.pl\/wp-content\/uploads\/2023\/02\/word-image-23040-42-150x150.jpeg 150w\" sizes=\"(max-width: 451px) 100vw, 451px\" \/> <img loading=\"lazy\" width=\"473\" height=\"473\" class=\"wp-image-23153 aligncenter\" src=\"http:\/\/cmm.imgw.pl\/wp-content\/uploads\/2023\/02\/word-image-23040-43.jpeg\" srcset=\"https:\/\/cmm.imgw.pl\/wp-content\/uploads\/2023\/02\/word-image-23040-43.jpeg 473w, https:\/\/cmm.imgw.pl\/wp-content\/uploads\/2023\/02\/word-image-23040-43-300x300.jpeg 300w, https:\/\/cmm.imgw.pl\/wp-content\/uploads\/2023\/02\/word-image-23040-43-150x150.jpeg 150w\" sizes=\"(max-width: 473px) 100vw, 473px\" \/><\/p>\n<p>W ci\u0105gu dnia, w dzielnicach po\u0142udniowych, opady przelotne \u015bniegu. Zanikaj\u0105ce.<\/p>\n<p><img loading=\"lazy\" width=\"800\" height=\"800\" class=\"wp-image-23154 aligncenter\" src=\"http:\/\/cmm.imgw.pl\/wp-content\/uploads\/2023\/02\/word-image-23040-44.png\" srcset=\"https:\/\/cmm.imgw.pl\/wp-content\/uploads\/2023\/02\/word-image-23040-44.png 800w, https:\/\/cmm.imgw.pl\/wp-content\/uploads\/2023\/02\/word-image-23040-44-300x300.png 300w, https:\/\/cmm.imgw.pl\/wp-content\/uploads\/2023\/02\/word-image-23040-44-150x150.png 150w, https:\/\/cmm.imgw.pl\/wp-content\/uploads\/2023\/02\/word-image-23040-44-768x768.png 768w, https:\/\/cmm.imgw.pl\/wp-content\/uploads\/2023\/02\/word-image-23040-44-600x600.png 600w\" sizes=\"(max-width: 800px) 100vw, 800px\" \/> <img loading=\"lazy\" width=\"800\" height=\"800\" class=\"wp-image-23155 aligncenter\" src=\"http:\/\/cmm.imgw.pl\/wp-content\/uploads\/2023\/02\/word-image-23040-45.png\" srcset=\"https:\/\/cmm.imgw.pl\/wp-content\/uploads\/2023\/02\/word-image-23040-45.png 800w, https:\/\/cmm.imgw.pl\/wp-content\/uploads\/2023\/02\/word-image-23040-45-300x300.png 300w, https:\/\/cmm.imgw.pl\/wp-content\/uploads\/2023\/02\/word-image-23040-45-150x150.png 150w, https:\/\/cmm.imgw.pl\/wp-content\/uploads\/2023\/02\/word-image-23040-45-768x768.png 768w, https:\/\/cmm.imgw.pl\/wp-content\/uploads\/2023\/02\/word-image-23040-45-600x600.png 600w\" sizes=\"(max-width: 800px) 100vw, 800px\" \/><\/p>\n<p>Zachmurzenie og\u00f3lnie du\u017ce, na po\u0142udniu du\u017ce i ca\u0142kowite. W nocy w pasie od centrum w kierunku po\u0142udniowych zachmurzenie du\u017ce i umiarkowane. Na pozosta\u0142ym obszarze bezchmurnie.<\/p>\n<p><img loading=\"lazy\" width=\"800\" height=\"800\" class=\"wp-image-23156 aligncenter\" src=\"http:\/\/cmm.imgw.pl\/wp-content\/uploads\/2023\/02\/word-image-23040-46.png\" srcset=\"https:\/\/cmm.imgw.pl\/wp-content\/uploads\/2023\/02\/word-image-23040-46.png 800w, https:\/\/cmm.imgw.pl\/wp-content\/uploads\/2023\/02\/word-image-23040-46-300x300.png 300w, https:\/\/cmm.imgw.pl\/wp-content\/uploads\/2023\/02\/word-image-23040-46-150x150.png 150w, https:\/\/cmm.imgw.pl\/wp-content\/uploads\/2023\/02\/word-image-23040-46-768x768.png 768w, https:\/\/cmm.imgw.pl\/wp-content\/uploads\/2023\/02\/word-image-23040-46-600x600.png 600w\" sizes=\"(max-width: 800px) 100vw, 800px\" \/> <img loading=\"lazy\" width=\"800\" height=\"800\" class=\"wp-image-23157 aligncenter\" src=\"http:\/\/cmm.imgw.pl\/wp-content\/uploads\/2023\/02\/word-image-23040-47.png\" srcset=\"https:\/\/cmm.imgw.pl\/wp-content\/uploads\/2023\/02\/word-image-23040-47.png 800w, https:\/\/cmm.imgw.pl\/wp-content\/uploads\/2023\/02\/word-image-23040-47-300x300.png 300w, https:\/\/cmm.imgw.pl\/wp-content\/uploads\/2023\/02\/word-image-23040-47-150x150.png 150w, https:\/\/cmm.imgw.pl\/wp-content\/uploads\/2023\/02\/word-image-23040-47-768x768.png 768w, https:\/\/cmm.imgw.pl\/wp-content\/uploads\/2023\/02\/word-image-23040-47-600x600.png 600w\" sizes=\"(max-width: 800px) 100vw, 800px\" \/><\/p>\n<p>Zachmurzenie pi\u0119tra niskiego pocz\u0105tkowo w ci\u0105gu dnia du\u017ce, na p\u00f3\u0142nocy i p\u00f3\u0142nocnym wschodzie kraju ma\u0142e i lokalnie umiarkowane. Na niebie, w obszarze pojawi\u0105 si\u0119 chmury ww. pi\u0119tra, chmury Stratocumulus. W nocy zanik chmur pi\u0119tra niskiego.<\/p>\n<p><img loading=\"lazy\" width=\"600\" height=\"640\" class=\"wp-image-23158 aligncenter\" src=\"http:\/\/cmm.imgw.pl\/wp-content\/uploads\/2023\/02\/word-image-23040-48.png\" srcset=\"https:\/\/cmm.imgw.pl\/wp-content\/uploads\/2023\/02\/word-image-23040-48.png 600w, https:\/\/cmm.imgw.pl\/wp-content\/uploads\/2023\/02\/word-image-23040-48-281x300.png 281w\" sizes=\"(max-width: 600px) 100vw, 600px\" \/> <img loading=\"lazy\" width=\"600\" height=\"640\" class=\"wp-image-23159 aligncenter\" src=\"http:\/\/cmm.imgw.pl\/wp-content\/uploads\/2023\/02\/word-image-23040-49.png\" srcset=\"https:\/\/cmm.imgw.pl\/wp-content\/uploads\/2023\/02\/word-image-23040-49.png 600w, https:\/\/cmm.imgw.pl\/wp-content\/uploads\/2023\/02\/word-image-23040-49-281x300.png 281w\" sizes=\"(max-width: 600px) 100vw, 600px\" \/><\/p>\n<p>W dzie\u0144 chmury Cumulus o podstawie ni\u017cszej ni\u017c Stratocumulus oraz Cumulonimbus. W nocy lokalnie tylko chmury Cumulus.<\/p>\n<p><img loading=\"lazy\" width=\"800\" height=\"800\" class=\"wp-image-23160 aligncenter\" src=\"http:\/\/cmm.imgw.pl\/wp-content\/uploads\/2023\/02\/word-image-23040-50.png\" srcset=\"https:\/\/cmm.imgw.pl\/wp-content\/uploads\/2023\/02\/word-image-23040-50.png 800w, https:\/\/cmm.imgw.pl\/wp-content\/uploads\/2023\/02\/word-image-23040-50-300x300.png 300w, https:\/\/cmm.imgw.pl\/wp-content\/uploads\/2023\/02\/word-image-23040-50-150x150.png 150w, https:\/\/cmm.imgw.pl\/wp-content\/uploads\/2023\/02\/word-image-23040-50-768x768.png 768w, https:\/\/cmm.imgw.pl\/wp-content\/uploads\/2023\/02\/word-image-23040-50-600x600.png 600w\" sizes=\"(max-width: 800px) 100vw, 800px\" \/> <img loading=\"lazy\" width=\"800\" height=\"800\" class=\"wp-image-23161 aligncenter\" src=\"http:\/\/cmm.imgw.pl\/wp-content\/uploads\/2023\/02\/word-image-23040-51.png\" srcset=\"https:\/\/cmm.imgw.pl\/wp-content\/uploads\/2023\/02\/word-image-23040-51.png 800w, https:\/\/cmm.imgw.pl\/wp-content\/uploads\/2023\/02\/word-image-23040-51-300x300.png 300w, https:\/\/cmm.imgw.pl\/wp-content\/uploads\/2023\/02\/word-image-23040-51-150x150.png 150w, https:\/\/cmm.imgw.pl\/wp-content\/uploads\/2023\/02\/word-image-23040-51-768x768.png 768w, https:\/\/cmm.imgw.pl\/wp-content\/uploads\/2023\/02\/word-image-23040-51-600x600.png 600w\" sizes=\"(max-width: 800px) 100vw, 800px\" \/><\/p>\n<p><span class=\"ui-provider vi b c d e f g h i j k l m n o p q r s t u v w x y z ab ac ae af ag ah ai aj ak\" dir=\"ltr\">Zachmurzenie pi\u0119tra \u015bredniego du\u017ce w po\u0142udniowej i po\u0142udniowo wschodniej Polsce. Na pozosta\u0142ym obszarze brak chmur ww. pi\u0119tra. W ci\u0105gu dnia jedynie na p\u00f3\u0142nocy kraju mo\u017cliwe zachmurzenie ma\u0142e chmurami pietra \u015bredniego. Na niebie chmury Altocumulus. Na po\u0142udniowym wschodzie Polski mo\u017cliwy Altostratus.<\/span><\/p>\n<p><img loading=\"lazy\" width=\"800\" height=\"800\" class=\"wp-image-23162 aligncenter\" src=\"http:\/\/cmm.imgw.pl\/wp-content\/uploads\/2023\/02\/word-image-23040-52.png\" srcset=\"https:\/\/cmm.imgw.pl\/wp-content\/uploads\/2023\/02\/word-image-23040-52.png 800w, https:\/\/cmm.imgw.pl\/wp-content\/uploads\/2023\/02\/word-image-23040-52-300x300.png 300w, https:\/\/cmm.imgw.pl\/wp-content\/uploads\/2023\/02\/word-image-23040-52-150x150.png 150w, https:\/\/cmm.imgw.pl\/wp-content\/uploads\/2023\/02\/word-image-23040-52-768x768.png 768w, https:\/\/cmm.imgw.pl\/wp-content\/uploads\/2023\/02\/word-image-23040-52-600x600.png 600w\" sizes=\"(max-width: 800px) 100vw, 800px\" \/> <img loading=\"lazy\" width=\"800\" height=\"800\" class=\"wp-image-23163 aligncenter\" src=\"http:\/\/cmm.imgw.pl\/wp-content\/uploads\/2023\/02\/word-image-23040-53.png\" srcset=\"https:\/\/cmm.imgw.pl\/wp-content\/uploads\/2023\/02\/word-image-23040-53.png 800w, https:\/\/cmm.imgw.pl\/wp-content\/uploads\/2023\/02\/word-image-23040-53-300x300.png 300w, https:\/\/cmm.imgw.pl\/wp-content\/uploads\/2023\/02\/word-image-23040-53-150x150.png 150w, https:\/\/cmm.imgw.pl\/wp-content\/uploads\/2023\/02\/word-image-23040-53-768x768.png 768w, https:\/\/cmm.imgw.pl\/wp-content\/uploads\/2023\/02\/word-image-23040-53-600x600.png 600w\" sizes=\"(max-width: 800px) 100vw, 800px\" \/><\/p>\n<p>Zachmurzenie pi\u0119tra wysokiego jedynie w sektorze po\u0142udniowo wschodniej Polski, cz\u0119\u015bciowo po\u0142udniowej i cz\u0119\u015bciowo wschodniej. W nocy strefa chmur pi\u0119tra wysokiego nieznacznie przesunie w kierunku p\u00f3\u0142nocnym. Na pozosta\u0142ym obszarze zachmurzenie pi\u0119tra wysokiego brak lub pojedyncze w\u0142\u00f3kna chmur Cirrus fibratus. Na niebie Cirrus fibratus oraz Cirrostratus fibratus.<\/p>\n<p><img loading=\"lazy\" width=\"720\" height=\"720\" class=\"wp-image-23164 aligncenter\" src=\"http:\/\/cmm.imgw.pl\/wp-content\/uploads\/2023\/02\/word-image-23040-54.png\" srcset=\"https:\/\/cmm.imgw.pl\/wp-content\/uploads\/2023\/02\/word-image-23040-54.png 720w, https:\/\/cmm.imgw.pl\/wp-content\/uploads\/2023\/02\/word-image-23040-54-300x300.png 300w, https:\/\/cmm.imgw.pl\/wp-content\/uploads\/2023\/02\/word-image-23040-54-150x150.png 150w, https:\/\/cmm.imgw.pl\/wp-content\/uploads\/2023\/02\/word-image-23040-54-600x600.png 600w\" sizes=\"(max-width: 720px) 100vw, 720px\" \/><\/p>\n<p>W strefie opad\u00f3w \u015bniegu ograniczenie widzialno\u015bci do 4-5 km.<\/p>\n<p><img loading=\"lazy\" width=\"600\" height=\"640\" class=\"wp-image-23165 aligncenter\" src=\"http:\/\/cmm.imgw.pl\/wp-content\/uploads\/2023\/02\/word-image-23040-55.png\" srcset=\"https:\/\/cmm.imgw.pl\/wp-content\/uploads\/2023\/02\/word-image-23040-55.png 600w, https:\/\/cmm.imgw.pl\/wp-content\/uploads\/2023\/02\/word-image-23040-55-281x300.png 281w\" sizes=\"(max-width: 600px) 100vw, 600px\" \/> <img loading=\"lazy\" width=\"600\" height=\"640\" class=\"wp-image-23166 aligncenter\" src=\"http:\/\/cmm.imgw.pl\/wp-content\/uploads\/2023\/02\/word-image-23040-56.png\" srcset=\"https:\/\/cmm.imgw.pl\/wp-content\/uploads\/2023\/02\/word-image-23040-56.png 600w, https:\/\/cmm.imgw.pl\/wp-content\/uploads\/2023\/02\/word-image-23040-56-281x300.png 281w\" sizes=\"(max-width: 600px) 100vw, 600px\" \/><\/p>\n<p><img loading=\"lazy\" width=\"600\" height=\"640\" class=\"wp-image-23167 aligncenter\" src=\"http:\/\/cmm.imgw.pl\/wp-content\/uploads\/2023\/02\/word-image-23040-57.png\" srcset=\"https:\/\/cmm.imgw.pl\/wp-content\/uploads\/2023\/02\/word-image-23040-57.png 600w, https:\/\/cmm.imgw.pl\/wp-content\/uploads\/2023\/02\/word-image-23040-57-281x300.png 281w\" sizes=\"(max-width: 600px) 100vw, 600px\" \/> <img loading=\"lazy\" width=\"600\" height=\"640\" class=\"wp-image-23168 aligncenter\" src=\"http:\/\/cmm.imgw.pl\/wp-content\/uploads\/2023\/02\/word-image-23040-58.png\" srcset=\"https:\/\/cmm.imgw.pl\/wp-content\/uploads\/2023\/02\/word-image-23040-58.png 600w, https:\/\/cmm.imgw.pl\/wp-content\/uploads\/2023\/02\/word-image-23040-58-281x300.png 281w\" sizes=\"(max-width: 600px) 100vw, 600px\" \/> <img loading=\"lazy\" width=\"600\" height=\"640\" class=\"wp-image-23169 aligncenter\" src=\"http:\/\/cmm.imgw.pl\/wp-content\/uploads\/2023\/02\/word-image-23040-59.png\" srcset=\"https:\/\/cmm.imgw.pl\/wp-content\/uploads\/2023\/02\/word-image-23040-59.png 600w, https:\/\/cmm.imgw.pl\/wp-content\/uploads\/2023\/02\/word-image-23040-59-281x300.png 281w\" sizes=\"(max-width: 600px) 100vw, 600px\" \/><\/p>\n<p><strong>Fog Stability Index<\/strong><\/p>\n<p>FSI: 2(T2m &#8211; T850) + 2(T2m &#8211; Td2m) + w850<\/p>\n<p>T2m &#8211; Temperatura powierzchni, T850 &#8211; temperatura na 850 hPa, Td2m &#8211; temperatura punktu rosy przy powierzchni<\/p>\n<p>w850 &#8211; pr\u0119dko\u015b\u0107 wiatru na 850 hPa w w\u0119z\u0142ach<\/p>\n<p><strong>FSI Prawdopodobie\u0144stwo mg\u0142y radiacyjnej<\/strong><\/p>\n<p>FSI&gt;55 niskie<\/p>\n<p>31&gt;FSI&gt;55 \u015brednie<\/p>\n<p>FSI&lt;31 wysokie<\/p>\n<p>W nocy w wielu rejonach kraju wyst\u0105pi\u0105 rozpogodzenia. Prognozowana pr\u0119dko\u015b\u0107 wiatru r\u00f3wnie\u017c ma\u0142a 2-5 km\/h. R\u00f3\u017cnica mi\u0119dzy temperatur\u0105 powietrza oraz temperatur\u0105 punktu rosy r\u00f3wnie\u017c spadnie do 0,1\u00b0C. Zatem s\u0105 to warunki sprzyjaj\u0105ce powstaniu mg\u0142y radiacyjnej. W wyniku wypromieniowania radiacyjnego powierzchnia gruntu wych\u0142odzi si\u0119. Gdy przylegaj\u0105ce powietrza w warstwie przyziemnej och\u0142odzi si\u0119 izobarycznie do temperatury poni\u017cej temperatury punktu rosy w\u00f3wczas rozpocznie si\u0119 kondensacja pary wodnej i powstan\u0105 ma\u0142e kropelki. Niewielki wzrost pr\u0119dko\u015bci z wysoko\u015bci\u0105 sprzyja\u0107 b\u0119dzie turbulencyjnemu transportowi kropel do g\u00f3ry. Proces mieszania b\u0119dzie zwi\u0119ksza\u0142 grubo\u015b\u0107 warstwy. Du\u017ca ilo\u015b\u0107 kropelek (du\u017ca wodno\u015b\u0107) zacznie ogranicza\u0107 widzialno\u015b\u0107 poni\u017cej 1 km. Czyli powstania mg\u0142a radiacyjna. R\u00f3wnie\u017c w wielu rejonach warto\u015b\u0107 Fog Stability Index r\u00f3wnie\u017c jest niska. Zatem w nocy nie mo\u017cna wykluczy\u0107 powstania mgie\u0142 o charakterze marzn\u0105cym lub silnych zamgle\u0144 w wielu rejonach Polski a w szczeg\u00f3lno\u015bci na p\u00f3\u0142nocy, w p\u00f3\u0142nocno zachodnim i p\u00f3\u0142nocno wschodnim rejonie kraju.<\/p>\n<p>\u00a0<\/p>","protected":false},"excerpt":{"rendered":"<p>Komentarz do numerycznych prognoz pogody opracowany w Centrum Modelowania Meteorologicznego IMGW-PIB.<\/p>\n","protected":false},"author":3,"featured_media":0,"comment_status":"closed","ping_status":"open","sticky":false,"template":"","format":"standard","meta":{"ocean_post_layout":"","ocean_both_sidebars_style":"","ocean_both_sidebars_content_width":0,"ocean_both_sidebars_sidebars_width":0,"ocean_sidebar":"0","ocean_second_sidebar":"0","ocean_disable_margins":"enable","ocean_add_body_class":"","ocean_shortcode_before_top_bar":"","ocean_shortcode_after_top_bar":"","ocean_shortcode_before_header":"","ocean_shortcode_after_header":"","ocean_has_shortcode":"","ocean_shortcode_after_title":"","ocean_shortcode_before_footer_widgets":"","ocean_shortcode_after_footer_widgets":"","ocean_shortcode_before_footer_bottom":"","ocean_shortcode_after_footer_bottom":"","ocean_display_top_bar":"default","ocean_display_header":"default","ocean_header_style":"","ocean_center_header_left_menu":"0","ocean_custom_header_template":"0","ocean_custom_logo":0,"ocean_custom_retina_logo":0,"ocean_custom_logo_max_width":0,"ocean_custom_logo_tablet_max_width":0,"ocean_custom_logo_mobile_max_width":0,"ocean_custom_logo_max_height":0,"ocean_custom_logo_tablet_max_height":0,"ocean_custom_logo_mobile_max_height":0,"ocean_header_custom_menu":"0","ocean_menu_typo_font_family":"0","ocean_menu_typo_font_subset":"","ocean_menu_typo_font_size":0,"ocean_menu_typo_font_size_tablet":0,"ocean_menu_typo_font_size_mobile":0,"ocean_menu_typo_font_size_unit":"px","ocean_menu_typo_font_weight":"","ocean_menu_typo_font_weight_tablet":"","ocean_menu_typo_font_weight_mobile":"","ocean_menu_typo_transform":"","ocean_menu_typo_transform_tablet":"","ocean_menu_typo_transform_mobile":"","ocean_menu_typo_line_height":0,"ocean_menu_typo_line_height_tablet":0,"ocean_menu_typo_line_height_mobile":0,"ocean_menu_typo_line_height_unit":"","ocean_menu_typo_spacing":0,"ocean_menu_typo_spacing_tablet":0,"ocean_menu_typo_spacing_mobile":0,"ocean_menu_typo_spacing_unit":"","ocean_menu_link_color":"","ocean_menu_link_color_hover":"","ocean_menu_link_color_active":"","ocean_menu_link_background":"","ocean_menu_link_hover_background":"","ocean_menu_link_active_background":"","ocean_menu_social_links_bg":"","ocean_menu_social_hover_links_bg":"","ocean_menu_social_links_color":"","ocean_menu_social_hover_links_color":"","ocean_disable_title":"default","ocean_disable_heading":"default","ocean_post_title":"","ocean_post_subheading":"","ocean_post_title_style":"","ocean_post_title_background_color":"","ocean_post_title_background":0,"ocean_post_title_bg_image_position":"","ocean_post_title_bg_image_attachment":"","ocean_post_title_bg_image_repeat":"","ocean_post_title_bg_image_size":"","ocean_post_title_height":0,"ocean_post_title_bg_overlay":0.5,"ocean_post_title_bg_overlay_color":"","ocean_disable_breadcrumbs":"default","ocean_breadcrumbs_color":"","ocean_breadcrumbs_separator_color":"","ocean_breadcrumbs_links_color":"","ocean_breadcrumbs_links_hover_color":"","ocean_display_footer_widgets":"default","ocean_display_footer_bottom":"default","ocean_custom_footer_template":"0","ocean_post_oembed":"","ocean_post_self_hosted_media":"","ocean_post_video_embed":"","ocean_link_format":"","ocean_link_format_target":"self","ocean_quote_format":"","ocean_quote_format_link":"post","ocean_gallery_link_images":"on","ocean_gallery_id":[]},"categories":[93],"tags":[68,95,85,73,97,98,76,94,99,71,96,79],"yoast_head":"<!-- This site is optimized with the Yoast SEO plugin v19.5.1 - https:\/\/yoast.com\/wordpress\/plugins\/seo\/ -->\n<title>Komentarz do numerycznych prognoz pogody (27.02.2023) - Laboratorium Modelowania Meteorologicznego CMOK IMGW-PIB<\/title>\n<meta name=\"description\" content=\"Komentarz do numerycznych prognoz pogody opracowany w Centrum Modelowania Meteorologicznego IMGW-PIB.\" \/>\n<meta name=\"robots\" content=\"index, follow, max-snippet:-1, max-image-preview:large, max-video-preview:-1\" \/>\n<link rel=\"canonical\" href=\"https:\/\/cmm.imgw.pl\/?p=23040\" \/>\n<meta property=\"og:locale\" content=\"pl_PL\" \/>\n<meta property=\"og:type\" content=\"article\" \/>\n<meta property=\"og:title\" content=\"Komentarz do numerycznych prognoz pogody (27.02.2023)\" \/>\n<meta property=\"og:description\" content=\"Komentarz do numerycznych prognoz pogody opracowany w Centrum Modelowania Meteorologicznego IMGW-PIB\" \/>\n<meta property=\"og:url\" content=\"https:\/\/cmm.imgw.pl\/?p=23040\" \/>\n<meta property=\"og:site_name\" content=\"Laboratorium Modelowania Meteorologicznego CMOK IMGW-PIB\" \/>\n<meta property=\"article:publisher\" content=\"https:\/\/www.facebook.com\/Meteoimgw\/\" \/>\n<meta property=\"article:published_time\" content=\"2023-02-27T13:13:10+00:00\" \/>\n<meta property=\"article:modified_time\" content=\"2023-02-27T13:29:01+00:00\" \/>\n<meta property=\"og:image\" content=\"http:\/\/cmm.imgw.pl\/wp-content\/uploads\/2023\/02\/komentarz4.png\" \/>\n\t<meta property=\"og:image:width\" content=\"1280\" \/>\n\t<meta property=\"og:image:height\" content=\"720\" \/>\n\t<meta property=\"og:image:type\" content=\"image\/png\" \/>\n<meta name=\"author\" content=\"CMM\" \/>\n<meta name=\"twitter:card\" content=\"summary_large_image\" \/>\n<meta name=\"twitter:title\" content=\"Komentarz do numerycznych prognoz pogody (27.02.2023)\" \/>\n<meta name=\"twitter:description\" content=\"Komentarz do numerycznych prognoz pogody opracowany w Centrum Modelowania Meteorologicznego IMGW-PIB\" \/>\n<meta name=\"twitter:image\" content=\"https:\/\/cmm.imgw.pl\/wp-content\/uploads\/2023\/02\/komentarz4.png\" \/>\n<meta name=\"twitter:creator\" content=\"@IMGW_CMM\" \/>\n<meta name=\"twitter:site\" content=\"@IMGW_CMM\" \/>\n<meta name=\"twitter:label1\" content=\"Napisane przez\" \/>\n\t<meta name=\"twitter:data1\" content=\"CMM\" \/>\n\t<meta name=\"twitter:label2\" content=\"Szacowany czas czytania\" \/>\n\t<meta name=\"twitter:data2\" content=\"21 minut\" \/>\n<script type=\"application\/ld+json\" class=\"yoast-schema-graph\">{\"@context\":\"https:\/\/schema.org\",\"@graph\":[{\"@type\":\"Article\",\"@id\":\"https:\/\/cmm.imgw.pl\/?p=23040#article\",\"isPartOf\":{\"@id\":\"https:\/\/cmm.imgw.pl\/?p=23040\"},\"author\":{\"name\":\"CMM\",\"@id\":\"https:\/\/cmm.imgw.pl\/#\/schema\/person\/a24a37fe434fe76b0f5791e6bd3fdb46\"},\"headline\":\"Komentarz do numerycznych prognoz pogody (27.02.2023)\",\"datePublished\":\"2023-02-27T13:13:10+00:00\",\"dateModified\":\"2023-02-27T13:29:01+00:00\",\"mainEntityOfPage\":{\"@id\":\"https:\/\/cmm.imgw.pl\/?p=23040\"},\"wordCount\":1705,\"publisher\":{\"@id\":\"https:\/\/cmm.imgw.pl\/#organization\"},\"keywords\":[\"cmm\",\"Cosmo\",\"imgw\",\"klimat\",\"komentarz\",\"komentarz pogodowy\",\"meteorologia\",\"NMP\",\"NPP\",\"pogoda\",\"prognoza pogody\",\"zima\"],\"articleSection\":[\"Komentarz\"],\"inLanguage\":\"pl-PL\"},{\"@type\":\"WebPage\",\"@id\":\"https:\/\/cmm.imgw.pl\/?p=23040\",\"url\":\"https:\/\/cmm.imgw.pl\/?p=23040\",\"name\":\"Komentarz do numerycznych prognoz pogody (27.02.2023) - Laboratorium Modelowania Meteorologicznego CMOK IMGW-PIB\",\"isPartOf\":{\"@id\":\"https:\/\/cmm.imgw.pl\/#website\"},\"datePublished\":\"2023-02-27T13:13:10+00:00\",\"dateModified\":\"2023-02-27T13:29:01+00:00\",\"description\":\"Komentarz do numerycznych prognoz pogody opracowany w Centrum Modelowania Meteorologicznego IMGW-PIB.\",\"breadcrumb\":{\"@id\":\"https:\/\/cmm.imgw.pl\/?p=23040#breadcrumb\"},\"inLanguage\":\"pl-PL\",\"potentialAction\":[{\"@type\":\"ReadAction\",\"target\":[\"https:\/\/cmm.imgw.pl\/?p=23040\"]}]},{\"@type\":\"BreadcrumbList\",\"@id\":\"https:\/\/cmm.imgw.pl\/?p=23040#breadcrumb\",\"itemListElement\":[{\"@type\":\"ListItem\",\"position\":1,\"name\":\"Home\",\"item\":\"https:\/\/cmm.imgw.pl\/\"},{\"@type\":\"ListItem\",\"position\":2,\"name\":\"Komentarz do numerycznych prognoz pogody (27.02.2023)\"}]},{\"@type\":\"WebSite\",\"@id\":\"https:\/\/cmm.imgw.pl\/#website\",\"url\":\"https:\/\/cmm.imgw.pl\/\",\"name\":\"Laboratorium Modelowania Meteorologicznego CMOK IMGW-PIB\",\"description\":\"CMOK-LMM Laboratorium pe\u0142ni pa\u0144stwow\u0105 s\u0142u\u017cb\u0119 hydrologiczno-meteorologiczn\u0105 w zakresie numerycznych prognoz pogody, kt\u00f3rego zadaniem jest konsolidacja kompetencji w obszarze modelowania zjawisk pogodowych oraz dalszego rozwoju numerycznych modeli pogody (NMP).\",\"publisher\":{\"@id\":\"https:\/\/cmm.imgw.pl\/#organization\"},\"potentialAction\":[{\"@type\":\"SearchAction\",\"target\":{\"@type\":\"EntryPoint\",\"urlTemplate\":\"https:\/\/cmm.imgw.pl\/?s={search_term_string}\"},\"query-input\":\"required name=search_term_string\"}],\"inLanguage\":\"pl-PL\"},{\"@type\":\"Organization\",\"@id\":\"https:\/\/cmm.imgw.pl\/#organization\",\"name\":\"Laboratorium Modelowania Meteorologicznego CMOK IMGW-PIB\",\"url\":\"https:\/\/cmm.imgw.pl\/\",\"sameAs\":[\"https:\/\/www.facebook.com\/Meteoimgw\/\",\"https:\/\/twitter.com\/IMGW_CMM\"],\"logo\":{\"@type\":\"ImageObject\",\"inLanguage\":\"pl-PL\",\"@id\":\"https:\/\/cmm.imgw.pl\/#\/schema\/logo\/image\/\",\"url\":\"https:\/\/cmm.imgw.pl\/wp-content\/uploads\/2025\/10\/MODELE_LOGO_UNIFIKACJA_v2.png\",\"contentUrl\":\"https:\/\/cmm.imgw.pl\/wp-content\/uploads\/2025\/10\/MODELE_LOGO_UNIFIKACJA_v2.png\",\"width\":1356,\"height\":365,\"caption\":\"Laboratorium Modelowania Meteorologicznego CMOK IMGW-PIB\"},\"image\":{\"@id\":\"https:\/\/cmm.imgw.pl\/#\/schema\/logo\/image\/\"}},{\"@type\":\"Person\",\"@id\":\"https:\/\/cmm.imgw.pl\/#\/schema\/person\/a24a37fe434fe76b0f5791e6bd3fdb46\",\"name\":\"CMM\",\"image\":{\"@type\":\"ImageObject\",\"inLanguage\":\"pl-PL\",\"@id\":\"https:\/\/cmm.imgw.pl\/#\/schema\/person\/image\/\",\"url\":\"https:\/\/secure.gravatar.com\/avatar\/9248ea2273711f1cd09d6bd45867dbfb?s=96&d=blank&r=g\",\"contentUrl\":\"https:\/\/secure.gravatar.com\/avatar\/9248ea2273711f1cd09d6bd45867dbfb?s=96&d=blank&r=g\",\"caption\":\"CMM\"},\"sameAs\":[\"http:\/\/cmm.imgw.pl\"],\"url\":\"https:\/\/cmm.imgw.pl\/?author=3\"}]}<\/script>\n<!-- \/ Yoast SEO plugin. -->","yoast_head_json":{"title":"Komentarz do numerycznych prognoz pogody (27.02.2023) - Laboratorium Modelowania Meteorologicznego CMOK IMGW-PIB","description":"Komentarz do numerycznych prognoz pogody opracowany w Centrum Modelowania Meteorologicznego IMGW-PIB.","robots":{"index":"index","follow":"follow","max-snippet":"max-snippet:-1","max-image-preview":"max-image-preview:large","max-video-preview":"max-video-preview:-1"},"canonical":"https:\/\/cmm.imgw.pl\/?p=23040","og_locale":"pl_PL","og_type":"article","og_title":"Komentarz do numerycznych prognoz pogody (27.02.2023)","og_description":"Komentarz do numerycznych prognoz pogody opracowany w Centrum Modelowania Meteorologicznego IMGW-PIB","og_url":"https:\/\/cmm.imgw.pl\/?p=23040","og_site_name":"Laboratorium Modelowania Meteorologicznego CMOK IMGW-PIB","article_publisher":"https:\/\/www.facebook.com\/Meteoimgw\/","article_published_time":"2023-02-27T13:13:10+00:00","article_modified_time":"2023-02-27T13:29:01+00:00","og_image":[{"width":1280,"height":720,"url":"http:\/\/cmm.imgw.pl\/wp-content\/uploads\/2023\/02\/komentarz4.png","type":"image\/png"}],"author":"CMM","twitter_card":"summary_large_image","twitter_title":"Komentarz do numerycznych prognoz pogody (27.02.2023)","twitter_description":"Komentarz do numerycznych prognoz pogody opracowany w Centrum Modelowania Meteorologicznego IMGW-PIB","twitter_image":"https:\/\/cmm.imgw.pl\/wp-content\/uploads\/2023\/02\/komentarz4.png","twitter_creator":"@IMGW_CMM","twitter_site":"@IMGW_CMM","twitter_misc":{"Napisane przez":"CMM","Szacowany czas czytania":"21 minut"},"schema":{"@context":"https:\/\/schema.org","@graph":[{"@type":"Article","@id":"https:\/\/cmm.imgw.pl\/?p=23040#article","isPartOf":{"@id":"https:\/\/cmm.imgw.pl\/?p=23040"},"author":{"name":"CMM","@id":"https:\/\/cmm.imgw.pl\/#\/schema\/person\/a24a37fe434fe76b0f5791e6bd3fdb46"},"headline":"Komentarz do numerycznych prognoz pogody (27.02.2023)","datePublished":"2023-02-27T13:13:10+00:00","dateModified":"2023-02-27T13:29:01+00:00","mainEntityOfPage":{"@id":"https:\/\/cmm.imgw.pl\/?p=23040"},"wordCount":1705,"publisher":{"@id":"https:\/\/cmm.imgw.pl\/#organization"},"keywords":["cmm","Cosmo","imgw","klimat","komentarz","komentarz pogodowy","meteorologia","NMP","NPP","pogoda","prognoza pogody","zima"],"articleSection":["Komentarz"],"inLanguage":"pl-PL"},{"@type":"WebPage","@id":"https:\/\/cmm.imgw.pl\/?p=23040","url":"https:\/\/cmm.imgw.pl\/?p=23040","name":"Komentarz do numerycznych prognoz pogody (27.02.2023) - Laboratorium Modelowania Meteorologicznego CMOK IMGW-PIB","isPartOf":{"@id":"https:\/\/cmm.imgw.pl\/#website"},"datePublished":"2023-02-27T13:13:10+00:00","dateModified":"2023-02-27T13:29:01+00:00","description":"Komentarz do numerycznych prognoz pogody opracowany w Centrum Modelowania Meteorologicznego IMGW-PIB.","breadcrumb":{"@id":"https:\/\/cmm.imgw.pl\/?p=23040#breadcrumb"},"inLanguage":"pl-PL","potentialAction":[{"@type":"ReadAction","target":["https:\/\/cmm.imgw.pl\/?p=23040"]}]},{"@type":"BreadcrumbList","@id":"https:\/\/cmm.imgw.pl\/?p=23040#breadcrumb","itemListElement":[{"@type":"ListItem","position":1,"name":"Home","item":"https:\/\/cmm.imgw.pl\/"},{"@type":"ListItem","position":2,"name":"Komentarz do numerycznych prognoz pogody (27.02.2023)"}]},{"@type":"WebSite","@id":"https:\/\/cmm.imgw.pl\/#website","url":"https:\/\/cmm.imgw.pl\/","name":"Laboratorium Modelowania Meteorologicznego CMOK IMGW-PIB","description":"CMOK-LMM Laboratorium pe\u0142ni pa\u0144stwow\u0105 s\u0142u\u017cb\u0119 hydrologiczno-meteorologiczn\u0105 w zakresie numerycznych prognoz pogody, kt\u00f3rego zadaniem jest konsolidacja kompetencji w obszarze modelowania zjawisk pogodowych oraz dalszego rozwoju numerycznych modeli pogody (NMP).","publisher":{"@id":"https:\/\/cmm.imgw.pl\/#organization"},"potentialAction":[{"@type":"SearchAction","target":{"@type":"EntryPoint","urlTemplate":"https:\/\/cmm.imgw.pl\/?s={search_term_string}"},"query-input":"required name=search_term_string"}],"inLanguage":"pl-PL"},{"@type":"Organization","@id":"https:\/\/cmm.imgw.pl\/#organization","name":"Laboratorium Modelowania Meteorologicznego CMOK IMGW-PIB","url":"https:\/\/cmm.imgw.pl\/","sameAs":["https:\/\/www.facebook.com\/Meteoimgw\/","https:\/\/twitter.com\/IMGW_CMM"],"logo":{"@type":"ImageObject","inLanguage":"pl-PL","@id":"https:\/\/cmm.imgw.pl\/#\/schema\/logo\/image\/","url":"https:\/\/cmm.imgw.pl\/wp-content\/uploads\/2025\/10\/MODELE_LOGO_UNIFIKACJA_v2.png","contentUrl":"https:\/\/cmm.imgw.pl\/wp-content\/uploads\/2025\/10\/MODELE_LOGO_UNIFIKACJA_v2.png","width":1356,"height":365,"caption":"Laboratorium Modelowania Meteorologicznego CMOK IMGW-PIB"},"image":{"@id":"https:\/\/cmm.imgw.pl\/#\/schema\/logo\/image\/"}},{"@type":"Person","@id":"https:\/\/cmm.imgw.pl\/#\/schema\/person\/a24a37fe434fe76b0f5791e6bd3fdb46","name":"CMM","image":{"@type":"ImageObject","inLanguage":"pl-PL","@id":"https:\/\/cmm.imgw.pl\/#\/schema\/person\/image\/","url":"https:\/\/secure.gravatar.com\/avatar\/9248ea2273711f1cd09d6bd45867dbfb?s=96&d=blank&r=g","contentUrl":"https:\/\/secure.gravatar.com\/avatar\/9248ea2273711f1cd09d6bd45867dbfb?s=96&d=blank&r=g","caption":"CMM"},"sameAs":["http:\/\/cmm.imgw.pl"],"url":"https:\/\/cmm.imgw.pl\/?author=3"}]}},"_links":{"self":[{"href":"https:\/\/cmm.imgw.pl\/index.php?rest_route=\/wp\/v2\/posts\/23040"}],"collection":[{"href":"https:\/\/cmm.imgw.pl\/index.php?rest_route=\/wp\/v2\/posts"}],"about":[{"href":"https:\/\/cmm.imgw.pl\/index.php?rest_route=\/wp\/v2\/types\/post"}],"author":[{"embeddable":true,"href":"https:\/\/cmm.imgw.pl\/index.php?rest_route=\/wp\/v2\/users\/3"}],"replies":[{"embeddable":true,"href":"https:\/\/cmm.imgw.pl\/index.php?rest_route=%2Fwp%2Fv2%2Fcomments&post=23040"}],"version-history":[{"count":2,"href":"https:\/\/cmm.imgw.pl\/index.php?rest_route=\/wp\/v2\/posts\/23040\/revisions"}],"predecessor-version":[{"id":23172,"href":"https:\/\/cmm.imgw.pl\/index.php?rest_route=\/wp\/v2\/posts\/23040\/revisions\/23172"}],"wp:attachment":[{"href":"https:\/\/cmm.imgw.pl\/index.php?rest_route=%2Fwp%2Fv2%2Fmedia&parent=23040"}],"wp:term":[{"taxonomy":"category","embeddable":true,"href":"https:\/\/cmm.imgw.pl\/index.php?rest_route=%2Fwp%2Fv2%2Fcategories&post=23040"},{"taxonomy":"post_tag","embeddable":true,"href":"https:\/\/cmm.imgw.pl\/index.php?rest_route=%2Fwp%2Fv2%2Ftags&post=23040"}],"curies":[{"name":"wp","href":"https:\/\/api.w.org\/{rel}","templated":true}]}}