{"id":22974,"date":"2023-02-26T17:57:46","date_gmt":"2023-02-26T16:57:46","guid":{"rendered":"https:\/\/cmm.imgw.pl\/?p=22974"},"modified":"2023-02-26T17:57:49","modified_gmt":"2023-02-26T16:57:49","slug":"komentarz-do-numerycznych-prognoz-pogody-26-02-2023","status":"publish","type":"post","link":"https:\/\/cmm.imgw.pl\/?p=22974","title":{"rendered":"Komentarz do numerycznych prognoz pogody (26.02.2023)"},"content":{"rendered":"\n<p><em>Tre\u015b\u0107 komentarza do numerycznych prognoz meteorologicznych stanowi niezale\u017cne od biura prognoz meteorologicznych opracowanie wykonane w Centrum Modelowania Meteorologicznego i nie stanowi oficjalnej prognozy synoptycznej IMGW-PIB.<\/em><\/p>\n\n\n\n<p><strong>Opracowanie:<\/strong><\/p>\n\n\n\n<p><strong>dr&nbsp;Grzegorz&nbsp;Duniec, <a href=\"https:\/\/cmm.imgw.pl\/\" target=\"_blank\" rel=\"noreferrer noopener\"><mark style=\"background-color:rgba(0, 0, 0, 0)\" class=\"has-inline-color has-vivid-cyan-blue-color\">Centrum Modelowania Meteorologicznego IMGW-PIB<\/mark><\/a><\/strong><\/p>\n\n\n\n<p><\/p>\n\n\n\n<p><\/p>\n\n\n<p><img loading=\"lazy\" width=\"1385\" height=\"983\" class=\"wp-image-23041 aligncenter\" src=\"http:\/\/cmm.imgw.pl\/wp-content\/uploads\/2023\/02\/word-image-22974-1.png\" srcset=\"https:\/\/cmm.imgw.pl\/wp-content\/uploads\/2023\/02\/word-image-22974-1.png 1385w, https:\/\/cmm.imgw.pl\/wp-content\/uploads\/2023\/02\/word-image-22974-1-300x213.png 300w, https:\/\/cmm.imgw.pl\/wp-content\/uploads\/2023\/02\/word-image-22974-1-1024x727.png 1024w, https:\/\/cmm.imgw.pl\/wp-content\/uploads\/2023\/02\/word-image-22974-1-768x545.png 768w\" sizes=\"(max-width: 1385px) 100vw, 1385px\" \/><\/p>\n<p>Nad Europ\u0105 zachodni\u0105 znajduje si\u0119 wy\u017c, kt\u00f3rego centrum 1031,8 hPa znajduje si\u0119 nad p\u00f3\u0142nocn\u0105 Angli\u0105. W ci\u0105gu ostatniej doby wy\u017c umocni\u0142 si\u0119. Wy\u017c rozbudowuje si\u0119 na wsch\u00f3d oraz rozbudowywa\u0142 si\u0119 na NE i klinem si\u0119gn\u0105\u0142 nad Skandynawi\u0119. Nad Atlantykiem znajduje si\u0119 bardzo g\u0142\u0119boki ni\u017c. Ci\u015bnienie w centrum wynosi\u0142o 950 hPa. Ni\u017c jest w stadium okludowania. Nad Europ\u0105 wschodni\u0105 znajduje si\u0119 uk\u0142ad niskiego ci\u015bnienia, kt\u00f3rego centrum 988,9 hPa zalega nad zachodni\u0105 Rosj\u0105. Ni\u017c jest w stadium wype\u0142niania si\u0119. Nad Europ\u0105 wschodni\u0105 i po\u0142udniow\u0105 zalegaj\u0105 fronty atmosferyczne. W rejonie Wyspy Nied\u017awiedzia zalega ni\u017c znajduj\u0105cy si\u0119 w stadium okludowania i pog\u0142\u0119biania z uk\u0142adem front\u00f3w atmosferycznych.<\/p>\n<p><img loading=\"lazy\" width=\"673\" height=\"600\" class=\"wp-image-23042 aligncenter\" src=\"http:\/\/cmm.imgw.pl\/wp-content\/uploads\/2023\/02\/word-image-22974-2.png\" srcset=\"https:\/\/cmm.imgw.pl\/wp-content\/uploads\/2023\/02\/word-image-22974-2.png 673w, https:\/\/cmm.imgw.pl\/wp-content\/uploads\/2023\/02\/word-image-22974-2-300x267.png 300w\" sizes=\"(max-width: 673px) 100vw, 673px\" \/> <img loading=\"lazy\" width=\"664\" height=\"594\" class=\"wp-image-23043 aligncenter\" src=\"http:\/\/cmm.imgw.pl\/wp-content\/uploads\/2023\/02\/word-image-22974-3.png\" srcset=\"https:\/\/cmm.imgw.pl\/wp-content\/uploads\/2023\/02\/word-image-22974-3.png 664w, https:\/\/cmm.imgw.pl\/wp-content\/uploads\/2023\/02\/word-image-22974-3-300x268.png 300w\" sizes=\"(max-width: 664px) 100vw, 664px\" \/><\/p>\n<p><img loading=\"lazy\" width=\"655\" height=\"586\" class=\"wp-image-23044 aligncenter\" src=\"http:\/\/cmm.imgw.pl\/wp-content\/uploads\/2023\/02\/word-image-22974-4.png\" srcset=\"https:\/\/cmm.imgw.pl\/wp-content\/uploads\/2023\/02\/word-image-22974-4.png 655w, https:\/\/cmm.imgw.pl\/wp-content\/uploads\/2023\/02\/word-image-22974-4-300x268.png 300w\" sizes=\"(max-width: 655px) 100vw, 655px\" \/> <img loading=\"lazy\" width=\"659\" height=\"588\" class=\"wp-image-23045 aligncenter\" src=\"http:\/\/cmm.imgw.pl\/wp-content\/uploads\/2023\/02\/word-image-22974-5.png\" srcset=\"https:\/\/cmm.imgw.pl\/wp-content\/uploads\/2023\/02\/word-image-22974-5.png 659w, https:\/\/cmm.imgw.pl\/wp-content\/uploads\/2023\/02\/word-image-22974-5-300x268.png 300w\" sizes=\"(max-width: 659px) 100vw, 659px\" \/><\/p>\n<p>Wy\u017c znad Anglii w wyniku swojego wcze\u015bniejszego rozwoju rozprzestrzeni\u0142 si\u0119 w kierunku wertykalnym. Na osi wy\u017cu w kierunku pionowym roz\u0142o\u017cone s\u0105 nast\u0119puj\u0105ce centra: 152 gpdam na wysoko\u015bci 1,5km, 308 gpdam na wysoko\u015bci 3km, 564 gpdam na wysoko\u015bci 5,5 km oraz 920 gpdam na wysoko\u015bci 9km. Na wy\u017cszych poziomach wy\u017c r\u00f3wnie\u017c si\u0119 umocni\u0142. O\u015b wy\u017cu nachylona w kierunku cieplejszej masy powietrza (w kierunku NNW). W ci\u0105gu ostatniej doby ni\u017c znad Europy wschodniej w wyniku procesu rozwoju rozprzestrzeni\u0142 si\u0119 w kierunku wertykalnym i jest uwidoczniony na wy\u017cszych poziomach izobarycznych. Na osi ni\u017cu w kierunku pionowym roz\u0142o\u017cone s\u0105 nast\u0119puj\u0105ce centra: 124 gpdam na wysoko\u015bci 1,5km, 276 gpdam na wysoko\u015bci 3km, 520 gpdam na wysoko\u015bci 5,5km oraz 864 gpdam na wysoko\u015bci 9 km. O\u015b ni\u017cu nieznacznie pochylona w kierunku NNW, w kierunku ch\u0142odniejszej masy powietrza. Nad Korsyk\u0105 znajduje si\u0119 o\u015brodek ni\u017cowy o g\u0142\u0119boko\u015bci 132 gpdam (wysoko\u015b\u0107 powierzchni izobarycznej 850 hPa). Od Morza Norweskiego, przez Morze P\u00f3\u0142nocne, Skandynawi\u0119, Dani\u0119, Niemcy, Francj\u0119, Austri\u0119, Czechy, S\u0142owacj\u0119, po\u0142udniow\u0105 Polsk\u0119 i dalej w kierunku Europy wschodniej rozci\u0105ga strefa zag\u0119szczenia izohips i izoterm. Wskazuje to na obszar wyst\u0119powania pr\u0105d\u00f3w strumieniowych, a wi\u0119c obszaru zwi\u0119kszonej pr\u0119dko\u015bci wiatru. Nad p\u00f3\u0142nocn\u0105 Afryk\u0105 oraz nad Atlantykiem r\u00f3wnie\u017c wyst\u0119puj\u0119 obszar zag\u0119szczenia izohips i izoterm. W tych obszarach r\u00f3wnie\u017c wyst\u0119puj\u0105 pr\u0105dy strumieniowe. Potwierdzaj\u0105 to prognozy (significant europejski na godzin\u0119 18UTC oraz na godzin\u0119 00 UTC (27 II)). W rejonach Polski po\u0142udniowej zalega\u0107 b\u0119dzie pr\u0105d strumieniowy na wysoko\u015bci FL300 (9,9km) z maksymaln\u0105 pr\u0119dko\u015bci\u0105 w osi pr\u0105du 45 m\/s. Wieczorem nad p\u00f3\u0142nocno zachodni\u0105 Polsk\u0105 zalega\u0107 b\u0119dzie pr\u0105d strumieniowy na wysoko\u015bci FL280 (9,2km) z maksymaln\u0105 pr\u0119dko\u015bci\u0105 w osi pr\u0105du 45 m\/s.<\/p>\n<p><img loading=\"lazy\" width=\"2156\" height=\"1728\" class=\"wp-image-23046 aligncenter\" src=\"http:\/\/cmm.imgw.pl\/wp-content\/uploads\/2023\/02\/word-image-22974-6.png\" srcset=\"https:\/\/cmm.imgw.pl\/wp-content\/uploads\/2023\/02\/word-image-22974-6.png 2156w, https:\/\/cmm.imgw.pl\/wp-content\/uploads\/2023\/02\/word-image-22974-6-300x240.png 300w, https:\/\/cmm.imgw.pl\/wp-content\/uploads\/2023\/02\/word-image-22974-6-1024x821.png 1024w, https:\/\/cmm.imgw.pl\/wp-content\/uploads\/2023\/02\/word-image-22974-6-768x616.png 768w, https:\/\/cmm.imgw.pl\/wp-content\/uploads\/2023\/02\/word-image-22974-6-1536x1231.png 1536w, https:\/\/cmm.imgw.pl\/wp-content\/uploads\/2023\/02\/word-image-22974-6-2048x1641.png 2048w\" sizes=\"(max-width: 2156px) 100vw, 2156px\" \/> <img loading=\"lazy\" width=\"2156\" height=\"1728\" class=\"wp-image-23047 aligncenter\" src=\"http:\/\/cmm.imgw.pl\/wp-content\/uploads\/2023\/02\/word-image-22974-7.png\" srcset=\"https:\/\/cmm.imgw.pl\/wp-content\/uploads\/2023\/02\/word-image-22974-7.png 2156w, https:\/\/cmm.imgw.pl\/wp-content\/uploads\/2023\/02\/word-image-22974-7-300x240.png 300w, https:\/\/cmm.imgw.pl\/wp-content\/uploads\/2023\/02\/word-image-22974-7-1024x821.png 1024w, https:\/\/cmm.imgw.pl\/wp-content\/uploads\/2023\/02\/word-image-22974-7-768x616.png 768w, https:\/\/cmm.imgw.pl\/wp-content\/uploads\/2023\/02\/word-image-22974-7-1536x1231.png 1536w, https:\/\/cmm.imgw.pl\/wp-content\/uploads\/2023\/02\/word-image-22974-7-2048x1641.png 2048w\" sizes=\"(max-width: 2156px) 100vw, 2156px\" \/> <img loading=\"lazy\" width=\"600\" height=\"640\" class=\"wp-image-23048 aligncenter\" src=\"http:\/\/cmm.imgw.pl\/wp-content\/uploads\/2023\/02\/word-image-22974-8.png\" srcset=\"https:\/\/cmm.imgw.pl\/wp-content\/uploads\/2023\/02\/word-image-22974-8.png 600w, https:\/\/cmm.imgw.pl\/wp-content\/uploads\/2023\/02\/word-image-22974-8-281x300.png 281w\" sizes=\"(max-width: 600px) 100vw, 600px\" \/> <img loading=\"lazy\" width=\"600\" height=\"640\" class=\"wp-image-23049 aligncenter\" src=\"http:\/\/cmm.imgw.pl\/wp-content\/uploads\/2023\/02\/word-image-22974-9.png\" srcset=\"https:\/\/cmm.imgw.pl\/wp-content\/uploads\/2023\/02\/word-image-22974-9.png 600w, https:\/\/cmm.imgw.pl\/wp-content\/uploads\/2023\/02\/word-image-22974-9-281x300.png 281w\" sizes=\"(max-width: 600px) 100vw, 600px\" \/> <img loading=\"lazy\" width=\"600\" height=\"640\" class=\"wp-image-23050 aligncenter\" src=\"http:\/\/cmm.imgw.pl\/wp-content\/uploads\/2023\/02\/word-image-22974-10.png\" srcset=\"https:\/\/cmm.imgw.pl\/wp-content\/uploads\/2023\/02\/word-image-22974-10.png 600w, https:\/\/cmm.imgw.pl\/wp-content\/uploads\/2023\/02\/word-image-22974-10-281x300.png 281w\" sizes=\"(max-width: 600px) 100vw, 600px\" \/><\/p>\n<p>Z numerycznych oblicze\u0144 wynika, \u017ce wieczorem (18 UTC) na poziomie 300 hPa w po\u0142udniowo wschodniej Polsce pr\u0119dko\u015b\u0107 wiatru wyniesie 57,5 m\/s i b\u0119dzie si\u0119 zmniejsza\u0142a. W p\u00f3\u0142nocno zachodniej Polsce pr\u0119dko\u015b\u0107 wiatru r\u00f3wnie\u017c b\u0119dzie du\u017ca 37,5 m\/s. W nocy wiatr na tej wysoko\u015bci os\u0142abnie.<\/p>\n<p><img loading=\"lazy\" width=\"600\" height=\"640\" class=\"wp-image-23051 aligncenter\" src=\"http:\/\/cmm.imgw.pl\/wp-content\/uploads\/2023\/02\/word-image-22974-11.png\" srcset=\"https:\/\/cmm.imgw.pl\/wp-content\/uploads\/2023\/02\/word-image-22974-11.png 600w, https:\/\/cmm.imgw.pl\/wp-content\/uploads\/2023\/02\/word-image-22974-11-281x300.png 281w\" sizes=\"(max-width: 600px) 100vw, 600px\" \/> <img loading=\"lazy\" width=\"600\" height=\"640\" class=\"wp-image-23052 aligncenter\" src=\"http:\/\/cmm.imgw.pl\/wp-content\/uploads\/2023\/02\/word-image-22974-12.png\" srcset=\"https:\/\/cmm.imgw.pl\/wp-content\/uploads\/2023\/02\/word-image-22974-12.png 600w, https:\/\/cmm.imgw.pl\/wp-content\/uploads\/2023\/02\/word-image-22974-12-281x300.png 281w\" sizes=\"(max-width: 600px) 100vw, 600px\" \/><\/p>\n<p>Na wysoko\u015bci 5,5 km w po\u0142udniowo wschodniej Polsce r\u00f3wnie\u017c powinien wyst\u0105pi\u0107 obszar du\u017cej pr\u0119dko\u015bci. Wieczorem pr\u0119dko\u015b\u0107 wiatru na tej wysoko\u015bci wyniesie 40 m\/s. W drugiej po\u0142owie nocy wiatr na tej wysoko\u015bci os\u0142abnie. W tym samy okresie czasu na wysoko\u015bci 5,5 hPa nad Polsk\u0105 centraln\u0105 znajdzie si\u0119 ni\u017c o g\u0142\u0119boko\u015bci 536 gpdam.<\/p>\n<p><img loading=\"lazy\" width=\"600\" height=\"640\" class=\"wp-image-23053 aligncenter\" src=\"http:\/\/cmm.imgw.pl\/wp-content\/uploads\/2023\/02\/word-image-22974-13.png\" srcset=\"https:\/\/cmm.imgw.pl\/wp-content\/uploads\/2023\/02\/word-image-22974-13.png 600w, https:\/\/cmm.imgw.pl\/wp-content\/uploads\/2023\/02\/word-image-22974-13-281x300.png 281w\" sizes=\"(max-width: 600px) 100vw, 600px\" \/> <img loading=\"lazy\" width=\"600\" height=\"640\" class=\"wp-image-23054 aligncenter\" src=\"http:\/\/cmm.imgw.pl\/wp-content\/uploads\/2023\/02\/word-image-22974-14.png\" srcset=\"https:\/\/cmm.imgw.pl\/wp-content\/uploads\/2023\/02\/word-image-22974-14.png 600w, https:\/\/cmm.imgw.pl\/wp-content\/uploads\/2023\/02\/word-image-22974-14-281x300.png 281w\" sizes=\"(max-width: 600px) 100vw, 600px\" \/> <img loading=\"lazy\" width=\"634\" height=\"490\" class=\"wp-image-23055 aligncenter\" src=\"http:\/\/cmm.imgw.pl\/wp-content\/uploads\/2023\/02\/theta-w-850hpa-gfs-nie-26-02-2023-12-utc.gif\" alt=\"Theta-W 850hPa GFS nie. 26.02.2023 12 UTC\" \/><\/p>\n<p><img loading=\"lazy\" width=\"672\" height=\"584\" class=\"wp-image-23056 aligncenter\" src=\"http:\/\/cmm.imgw.pl\/wp-content\/uploads\/2023\/02\/word-image-22974-16.png\" srcset=\"https:\/\/cmm.imgw.pl\/wp-content\/uploads\/2023\/02\/word-image-22974-16.png 672w, https:\/\/cmm.imgw.pl\/wp-content\/uploads\/2023\/02\/word-image-22974-16-300x261.png 300w\" sizes=\"(max-width: 672px) 100vw, 672px\" \/> <img loading=\"lazy\" width=\"674\" height=\"586\" class=\"wp-image-23057 aligncenter\" src=\"http:\/\/cmm.imgw.pl\/wp-content\/uploads\/2023\/02\/word-image-22974-17.png\" srcset=\"https:\/\/cmm.imgw.pl\/wp-content\/uploads\/2023\/02\/word-image-22974-17.png 674w, https:\/\/cmm.imgw.pl\/wp-content\/uploads\/2023\/02\/word-image-22974-17-300x261.png 300w\" sizes=\"(max-width: 674px) 100vw, 674px\" \/><\/p>\n<p><img loading=\"lazy\" width=\"667\" height=\"580\" class=\"wp-image-23058 aligncenter\" src=\"http:\/\/cmm.imgw.pl\/wp-content\/uploads\/2023\/02\/word-image-22974-18.png\" srcset=\"https:\/\/cmm.imgw.pl\/wp-content\/uploads\/2023\/02\/word-image-22974-18.png 667w, https:\/\/cmm.imgw.pl\/wp-content\/uploads\/2023\/02\/word-image-22974-18-300x261.png 300w\" sizes=\"(max-width: 667px) 100vw, 667px\" \/> <img loading=\"lazy\" width=\"668\" height=\"581\" class=\"wp-image-23059 aligncenter\" src=\"http:\/\/cmm.imgw.pl\/wp-content\/uploads\/2023\/02\/word-image-22974-19.png\" srcset=\"https:\/\/cmm.imgw.pl\/wp-content\/uploads\/2023\/02\/word-image-22974-19.png 668w, https:\/\/cmm.imgw.pl\/wp-content\/uploads\/2023\/02\/word-image-22974-19-300x261.png 300w\" sizes=\"(max-width: 668px) 100vw, 668px\" \/><\/p>\n<p>Nad Polsk\u0105 zalega zatoka ch\u0142odnego powietrza. Z analizy trajektorii wstecznej oraz warto\u015b\u0107 temperatury potencjalnej termometru zwil\u017conego wynika, \u017ce nad Polk\u0105 zalega masa powietrza polarno-morskiego ch\u0142odnego.<\/p>\n<p><img loading=\"lazy\" width=\"600\" height=\"640\" class=\"wp-image-23060 aligncenter\" src=\"http:\/\/cmm.imgw.pl\/wp-content\/uploads\/2023\/02\/word-image-22974-20.png\" srcset=\"https:\/\/cmm.imgw.pl\/wp-content\/uploads\/2023\/02\/word-image-22974-20.png 600w, https:\/\/cmm.imgw.pl\/wp-content\/uploads\/2023\/02\/word-image-22974-20-281x300.png 281w\" sizes=\"(max-width: 600px) 100vw, 600px\" \/> <img loading=\"lazy\" width=\"634\" height=\"490\" class=\"wp-image-23061 aligncenter\" src=\"http:\/\/cmm.imgw.pl\/wp-content\/uploads\/2023\/02\/theta-w-850hpa-gfs-pon-27-02-2023-12-utc.gif\" alt=\"Theta-W 850hPa GFS pon. 27.02.2023 12 UTC\" \/><\/p>\n<p>Jutro w dalszym ci\u0105gu pozostaniemy w zatoce ch\u0142odniejszego powietrza polarno-morskiego.<\/p>\n<p><img loading=\"lazy\" width=\"1075\" height=\"764\" class=\"wp-image-23062 aligncenter\" src=\"http:\/\/cmm.imgw.pl\/wp-content\/uploads\/2023\/02\/word-image-22974-22.gif\" \/> <img loading=\"lazy\" width=\"1075\" height=\"764\" class=\"wp-image-23063 aligncenter\" src=\"http:\/\/cmm.imgw.pl\/wp-content\/uploads\/2023\/02\/word-image-22974-23.gif\" \/><\/p>\n<p>W nocy pole baryczne nad Europ\u0105 nie ulegnie zmianie. Ni\u017c nad zachodni\u0105 Rosj\u0105 w dalszym ci\u0105gu b\u0119dzie si\u0119 wype\u0142nia\u0142, utraci\u0142 asymetri\u0119 termiczn\u0105 i praktycznie nie zmienia po\u0142o\u017cenia. Jutro w jego centrum ci\u015bnienia osi\u0105gnie warto\u015b\u0107 1000 hPa. Wy\u017c znad Anglii zacznie si\u0119 umacnia\u0107, ci\u015bnienie w centrum osi\u0105gnie warto\u015b\u0107 1035 hPa i rozbuduje si\u0119 na wsch\u00f3d si\u0119gaj\u0105c klinem nad Polsk\u0119. Ruch na wsch\u00f3d g\u0142\u0119bokiego ni\u017cu nad Atlantykiem b\u0119dzie przyblokowany wy\u017cem znad Anglii. Ni\u017c porusza\u0107 si\u0119 b\u0119dzie po zachodnim i p\u00f3\u0142nocno zachodnim obszarze wy\u017cu w kierunku NE. Jutro dotrze w rejon Grenlandii. Ni\u017c b\u0119dzie si\u0119 wype\u0142nia\u0107. Ni\u017c z centrum 970 hPa znad Wysp Nied\u017awiedzia przesunie si\u0119 w rejon Morza Barentsa. Uk\u0142ad front\u00f3w zwi\u0105zanych z tym ni\u017cem znajdzie si\u0119 nad Skandynawi\u0105. Nad Europ\u0105 wschodni\u0105 i po\u0142udniow\u0105 w dalszym ci\u0105gu zalega\u0107 b\u0119dzie uk\u0142ad front\u00f3w.<\/p>\n<p>\u00a0<\/p>\n<p><img loading=\"lazy\" width=\"1389\" height=\"923\" class=\"wp-image-23064 aligncenter\" src=\"http:\/\/cmm.imgw.pl\/wp-content\/uploads\/2023\/02\/word-image-22974-24.png\" srcset=\"https:\/\/cmm.imgw.pl\/wp-content\/uploads\/2023\/02\/word-image-22974-24.png 1389w, https:\/\/cmm.imgw.pl\/wp-content\/uploads\/2023\/02\/word-image-22974-24-300x199.png 300w, https:\/\/cmm.imgw.pl\/wp-content\/uploads\/2023\/02\/word-image-22974-24-1024x680.png 1024w, https:\/\/cmm.imgw.pl\/wp-content\/uploads\/2023\/02\/word-image-22974-24-768x510.png 768w\" sizes=\"(max-width: 1389px) 100vw, 1389px\" \/><\/p>\n<p>Na wysoko\u015bci 1,5 km (TB850) pi\u0119knie wyra\u017cony g\u0142\u0119boki ni\u017c w pobli\u017cu Grenlandii o g\u0142\u0119boko\u015bci 90 gpdam. W horyzoncie 6 godzin jego g\u0142\u0119boko\u015b\u0107 zmaleje do 96 gpdam (wysoko\u015b\u0107 powierzchni izobarycznej wzro\u015bnie). Proces wype\u0142nienia dotrze ju\u017c do poziomu 850 hPa. Wy\u017c nad Angli\u0105 si\u0119 umacnia i wida\u0107 to tak\u017ce na mapach TB850. W horyzoncie 6 godzin w centrum wysoko\u015b\u0107 powierzchni izobarycznej 850 hPa zmieni si\u0119 ze 161 gpdam na 163 gpdam. Ni\u017c nad po\u0142udniow\u0105 Europ\u0105 r\u00f3wnie\u017c si\u0119 wype\u0142nia i jego g\u0142\u0119boko\u015b\u0107 zmniejsza si\u0119 z 135 gpdam na 137 gpdam, czyli powierzchni 850 hPa podniesie si\u0119 do g\u00f3ry zmniejszaj\u0105c g\u0142\u0119boko\u015b\u0107 wiru. Nad Polska raczej niewielka wilgotno\u015b\u0107 na wysoko\u015bci 3 km.<\/p>\n<p><img loading=\"lazy\" width=\"691\" height=\"409\" class=\"wp-image-23065 aligncenter\" src=\"http:\/\/cmm.imgw.pl\/wp-content\/uploads\/2023\/02\/word-image-22974-25.png\" srcset=\"https:\/\/cmm.imgw.pl\/wp-content\/uploads\/2023\/02\/word-image-22974-25.png 691w, https:\/\/cmm.imgw.pl\/wp-content\/uploads\/2023\/02\/word-image-22974-25-300x178.png 300w\" sizes=\"(max-width: 691px) 100vw, 691px\" \/> <img loading=\"lazy\" width=\"693\" height=\"475\" class=\"wp-image-23066 aligncenter\" src=\"http:\/\/cmm.imgw.pl\/wp-content\/uploads\/2023\/02\/word-image-22974-26.png\" srcset=\"https:\/\/cmm.imgw.pl\/wp-content\/uploads\/2023\/02\/word-image-22974-26.png 693w, https:\/\/cmm.imgw.pl\/wp-content\/uploads\/2023\/02\/word-image-22974-26-300x206.png 300w\" sizes=\"(max-width: 693px) 100vw, 693px\" \/><\/p>\n<p>Jutro rano i w dzie\u0144, na poziomie 500 hPa (5,5 km), dobrze zaznaczony b\u0119dzie wy\u017c znad Anglii. Wysoko\u015b\u0107 powierzchni 500 hPa w jego centrum wyniesie 568 gpdam. Na wysoko\u015bci 500 hPa dobrze wida\u0107 wype\u0142niaj\u0105cy si\u0119 ni\u017c znad zachodniej Rosji. Wysoko\u015b\u0107 powierzchni 500 hPa wzro\u015bnie z 515 gpdam na 520 gpdam. Ni\u017c z okoli\u0107 Grenlandii jeszcze si\u0119 pog\u0142\u0119bia i jego g\u0142\u0119boko\u015b\u0107 wzro\u015bnie (zmaleje wysoko\u015b\u0107 powierzchni izobarycznej 500 hPa) z 502 gpdam na 499 gpdam w horyzoncie 6 godzin. Do Polski nap\u0142ynie powietrze z p\u00f3\u0142nocnego wschodu.<\/p>\n<p><img loading=\"lazy\" width=\"701\" height=\"435\" class=\"wp-image-23067 aligncenter\" src=\"http:\/\/cmm.imgw.pl\/wp-content\/uploads\/2023\/02\/word-image-22974-27.png\" srcset=\"https:\/\/cmm.imgw.pl\/wp-content\/uploads\/2023\/02\/word-image-22974-27.png 701w, https:\/\/cmm.imgw.pl\/wp-content\/uploads\/2023\/02\/word-image-22974-27-300x186.png 300w\" sizes=\"(max-width: 701px) 100vw, 701px\" \/> <img loading=\"lazy\" width=\"653\" height=\"450\" class=\"wp-image-23068 aligncenter\" src=\"http:\/\/cmm.imgw.pl\/wp-content\/uploads\/2023\/02\/word-image-22974-28.jpeg\" srcset=\"https:\/\/cmm.imgw.pl\/wp-content\/uploads\/2023\/02\/word-image-22974-28.jpeg 653w, https:\/\/cmm.imgw.pl\/wp-content\/uploads\/2023\/02\/word-image-22974-28-300x207.jpeg 300w\" sizes=\"(max-width: 653px) 100vw, 653px\" \/><\/p>\n<p>Na powierzchni 300 hPa w dalszym ci\u0105gu dobrze wyra\u017cony antycyklon. Na tym poziomie r\u00f3wnie\u017c wida\u0107 umacnianie. Wysoko\u015b\u0107 powierzchni izobarycznej 300 hPa wzro\u015bnie z 924 gpdam na 926 gpdam. Na wysoko\u015bci 9 km wida\u0107 wype\u0142niaj\u0105cy si\u0119 cyklon nad zachodni\u0105 Rosj\u0105. Wysoko\u015b\u0107 powierzchni wzro\u015bnie (g\u0142\u0119boko\u015b\u0107 wiru zmaleje) z 857 gpdam na 860 gpdam. Proces wype\u0142niania wiru cyklonalnego znad po\u0142udniowej Europy dotrze do powierzchni 300 hPa. Wysoko\u015b\u0107 powierzchni izobarycznej 300 hPa wzro\u015bnie z 886 gpdam na 887 gpdam. Obszar czerwony wskazuje zag\u0119szczenie izohips i izoterm, i okre\u015bla obszar du\u017cych pr\u0119dko\u015bci wiatru i po\u0142o\u017cenie pr\u0105d\u00f3w strumieniowych.<\/p>\n<p><img loading=\"lazy\" width=\"600\" height=\"640\" class=\"wp-image-23069 aligncenter\" src=\"http:\/\/cmm.imgw.pl\/wp-content\/uploads\/2023\/02\/word-image-22974-29.png\" srcset=\"https:\/\/cmm.imgw.pl\/wp-content\/uploads\/2023\/02\/word-image-22974-29.png 600w, https:\/\/cmm.imgw.pl\/wp-content\/uploads\/2023\/02\/word-image-22974-29-281x300.png 281w\" sizes=\"(max-width: 600px) 100vw, 600px\" \/> <img loading=\"lazy\" width=\"600\" height=\"640\" class=\"wp-image-23070 aligncenter\" src=\"http:\/\/cmm.imgw.pl\/wp-content\/uploads\/2023\/02\/word-image-22974-30.png\" srcset=\"https:\/\/cmm.imgw.pl\/wp-content\/uploads\/2023\/02\/word-image-22974-30.png 600w, https:\/\/cmm.imgw.pl\/wp-content\/uploads\/2023\/02\/word-image-22974-30-281x300.png 281w\" sizes=\"(max-width: 600px) 100vw, 600px\" \/> <img loading=\"lazy\" width=\"600\" height=\"640\" class=\"wp-image-23071 aligncenter\" src=\"http:\/\/cmm.imgw.pl\/wp-content\/uploads\/2023\/02\/word-image-22974-31.png\" srcset=\"https:\/\/cmm.imgw.pl\/wp-content\/uploads\/2023\/02\/word-image-22974-31.png 600w, https:\/\/cmm.imgw.pl\/wp-content\/uploads\/2023\/02\/word-image-22974-31-281x300.png 281w\" sizes=\"(max-width: 600px) 100vw, 600px\" \/> <img loading=\"lazy\" width=\"600\" height=\"640\" class=\"wp-image-23072 aligncenter\" src=\"http:\/\/cmm.imgw.pl\/wp-content\/uploads\/2023\/02\/word-image-22974-32.png\" srcset=\"https:\/\/cmm.imgw.pl\/wp-content\/uploads\/2023\/02\/word-image-22974-32.png 600w, https:\/\/cmm.imgw.pl\/wp-content\/uploads\/2023\/02\/word-image-22974-32-281x300.png 281w\" sizes=\"(max-width: 600px) 100vw, 600px\" \/><\/p>\n<p>W nocy jednie na wysoko\u015bci 1,5 km du\u017ca wilgotno\u015b\u0107 powietrza, 60-95%. Na wy\u017cszych poziomach 700hPa, 500 hPa oraz 300 hPa wilgotno\u015b\u0107 niska 10-30%. Jednie na wysoko\u015bci 5,5km oraz 9 km, w po\u0142udniowo wschodniej Polsce, wilgotno\u015b\u0107 powietrza na poziomie 60 % oraz 80-95%.<\/p>\n<p><img loading=\"lazy\" width=\"600\" height=\"640\" class=\"wp-image-23073 aligncenter\" src=\"http:\/\/cmm.imgw.pl\/wp-content\/uploads\/2023\/02\/word-image-22974-33.png\" srcset=\"https:\/\/cmm.imgw.pl\/wp-content\/uploads\/2023\/02\/word-image-22974-33.png 600w, https:\/\/cmm.imgw.pl\/wp-content\/uploads\/2023\/02\/word-image-22974-33-281x300.png 281w\" sizes=\"(max-width: 600px) 100vw, 600px\" \/> <img loading=\"lazy\" width=\"600\" height=\"640\" class=\"wp-image-23074 aligncenter\" src=\"http:\/\/cmm.imgw.pl\/wp-content\/uploads\/2023\/02\/word-image-22974-34.png\" srcset=\"https:\/\/cmm.imgw.pl\/wp-content\/uploads\/2023\/02\/word-image-22974-34.png 600w, https:\/\/cmm.imgw.pl\/wp-content\/uploads\/2023\/02\/word-image-22974-34-281x300.png 281w\" sizes=\"(max-width: 600px) 100vw, 600px\" \/> <img loading=\"lazy\" width=\"600\" height=\"640\" class=\"wp-image-23075 aligncenter\" src=\"http:\/\/cmm.imgw.pl\/wp-content\/uploads\/2023\/02\/word-image-22974-35.png\" srcset=\"https:\/\/cmm.imgw.pl\/wp-content\/uploads\/2023\/02\/word-image-22974-35.png 600w, https:\/\/cmm.imgw.pl\/wp-content\/uploads\/2023\/02\/word-image-22974-35-281x300.png 281w\" sizes=\"(max-width: 600px) 100vw, 600px\" \/><\/p>\n<p>W nocy izoterma -10\u00b0C na wysoko\u015bci 900-1400 metr\u00f3w. Izoterma -20\u00b0C na wysoko\u015bci 3-4,5km.<\/p>\n<p><img loading=\"lazy\" width=\"1150\" height=\"1315\" class=\"wp-image-23076 aligncenter\" src=\"http:\/\/cmm.imgw.pl\/wp-content\/uploads\/2023\/02\/word-image-22974-36.gif\" \/><\/p>\n<p>Wierzcho\u0142ki chmur niskich w fazie przech\u0142odzonych kropel. Wierzcho\u0142ki chmur \u015brednich i wysokich w fazie lodowej.<\/p>\n<p><img loading=\"lazy\" width=\"800\" height=\"640\" class=\"wp-image-23077 aligncenter\" src=\"http:\/\/cmm.imgw.pl\/wp-content\/uploads\/2023\/02\/word-image-22974-37.gif\" \/> <img loading=\"lazy\" width=\"800\" height=\"640\" class=\"wp-image-23078 aligncenter\" src=\"http:\/\/cmm.imgw.pl\/wp-content\/uploads\/2023\/02\/word-image-22974-38.gif\" \/> <img loading=\"lazy\" width=\"800\" height=\"640\" class=\"wp-image-23079 aligncenter\" src=\"http:\/\/cmm.imgw.pl\/wp-content\/uploads\/2023\/02\/word-image-22974-39.gif\" \/><\/p>\n<p><img loading=\"lazy\" width=\"634\" height=\"490\" class=\"wp-image-23080 aligncenter\" src=\"http:\/\/cmm.imgw.pl\/wp-content\/uploads\/2023\/02\/rh-0-300-m-gfs-pon-27-02-2023-03-utc.gif\" alt=\"RH 0-300 m GFS pon. 27.02.2023 03 UTC\" \/> <img loading=\"lazy\" width=\"634\" height=\"490\" class=\"wp-image-23081 aligncenter\" src=\"http:\/\/cmm.imgw.pl\/wp-content\/uploads\/2023\/02\/rh-600-3000-m-gfs-pon-27-02-2023-03-utc.gif\" alt=\"RH 600-3000 m GFS pon. 27.02.2023 03 UTC\" \/> <img loading=\"lazy\" width=\"634\" height=\"490\" class=\"wp-image-23082 aligncenter\" src=\"http:\/\/cmm.imgw.pl\/wp-content\/uploads\/2023\/02\/rh-3000-6000-m-gfs-pon-27-02-2023-03-utc.gif\" alt=\"RH 3000-6000 m GFS pon. 27.02.2023 03 UTC\" \/><\/p>\n<p>Najwi\u0119cej pary wodnej b\u0119dzie si\u0119 znajdowa\u0107 w warstwie 0-300 metr\u00f3w. W warstwie 0,6-3 km we wschodnim rejonie niska zawarto\u015b\u0107 pary wodnej powy\u017cej tej warstwy niska i bardzo niska zawarto\u015b\u0107 pary wodnej.<\/p>\n<p><img loading=\"lazy\" width=\"599\" height=\"599\" class=\"wp-image-23083 aligncenter\" src=\"http:\/\/cmm.imgw.pl\/wp-content\/uploads\/2023\/02\/word-image-22974-43.jpeg\" srcset=\"https:\/\/cmm.imgw.pl\/wp-content\/uploads\/2023\/02\/word-image-22974-43.jpeg 599w, https:\/\/cmm.imgw.pl\/wp-content\/uploads\/2023\/02\/word-image-22974-43-300x300.jpeg 300w, https:\/\/cmm.imgw.pl\/wp-content\/uploads\/2023\/02\/word-image-22974-43-150x150.jpeg 150w\" sizes=\"(max-width: 599px) 100vw, 599px\" \/><\/p>\n<p>Temperatura powietrza w nocy od -8\u00b0C w Zakopanem do -1\u00b0C na p\u00f3\u0142nocnym zachodzie kraju.<\/p>\n<p><img loading=\"lazy\" width=\"596\" height=\"561\" class=\"wp-image-23084 aligncenter\" src=\"http:\/\/cmm.imgw.pl\/wp-content\/uploads\/2023\/02\/word-image-22974-44.jpeg\" srcset=\"https:\/\/cmm.imgw.pl\/wp-content\/uploads\/2023\/02\/word-image-22974-44.jpeg 596w, https:\/\/cmm.imgw.pl\/wp-content\/uploads\/2023\/02\/word-image-22974-44-300x282.jpeg 300w\" sizes=\"(max-width: 596px) 100vw, 596px\" \/><\/p>\n<p>Temperatura odczuwalna w nocy od -14\u00b0C w Suwa\u0142kach, -16\u00b0C w Zakopanem i w rejonie Szczecina do -5\u00b0C w Kielcach i -4\u00b0C w po\u0142udniowym rejonie woj. \u0142\u00f3dzkiego.<\/p>\n<p><img loading=\"lazy\" width=\"552\" height=\"552\" class=\"wp-image-23085 aligncenter\" src=\"http:\/\/cmm.imgw.pl\/wp-content\/uploads\/2023\/02\/word-image-22974-45.jpeg\" srcset=\"https:\/\/cmm.imgw.pl\/wp-content\/uploads\/2023\/02\/word-image-22974-45.jpeg 552w, https:\/\/cmm.imgw.pl\/wp-content\/uploads\/2023\/02\/word-image-22974-45-300x300.jpeg 300w, https:\/\/cmm.imgw.pl\/wp-content\/uploads\/2023\/02\/word-image-22974-45-150x150.jpeg 150w\" sizes=\"(max-width: 552px) 100vw, 552px\" \/><\/p>\n<p>Wilgotno\u015b\u0107 powietrza w nocy 75-95%.<\/p>\n<p><img loading=\"lazy\" width=\"625\" height=\"625\" class=\"wp-image-23086 aligncenter\" src=\"http:\/\/cmm.imgw.pl\/wp-content\/uploads\/2023\/02\/word-image-22974-46.jpeg\" srcset=\"https:\/\/cmm.imgw.pl\/wp-content\/uploads\/2023\/02\/word-image-22974-46.jpeg 625w, https:\/\/cmm.imgw.pl\/wp-content\/uploads\/2023\/02\/word-image-22974-46-300x300.jpeg 300w, https:\/\/cmm.imgw.pl\/wp-content\/uploads\/2023\/02\/word-image-22974-46-150x150.jpeg 150w, https:\/\/cmm.imgw.pl\/wp-content\/uploads\/2023\/02\/word-image-22974-46-600x600.jpeg 600w\" sizes=\"(max-width: 625px) 100vw, 625px\" \/> <img loading=\"lazy\" width=\"629\" height=\"629\" class=\"wp-image-23087 aligncenter\" src=\"http:\/\/cmm.imgw.pl\/wp-content\/uploads\/2023\/02\/word-image-22974-47.jpeg\" srcset=\"https:\/\/cmm.imgw.pl\/wp-content\/uploads\/2023\/02\/word-image-22974-47.jpeg 629w, https:\/\/cmm.imgw.pl\/wp-content\/uploads\/2023\/02\/word-image-22974-47-300x300.jpeg 300w, https:\/\/cmm.imgw.pl\/wp-content\/uploads\/2023\/02\/word-image-22974-47-150x150.jpeg 150w, https:\/\/cmm.imgw.pl\/wp-content\/uploads\/2023\/02\/word-image-22974-47-600x600.jpeg 600w\" sizes=\"(max-width: 629px) 100vw, 629px\" \/><\/p>\n<p>Wiatr N i NNW, a na po\u0142udniu NNE, 2-11 km\/h. W porywach do 30-40 km\/h na p\u00f3\u0142nocy. W Sudetach i Karpatach do 50-80 km\/h.<\/p>\n<p><img loading=\"lazy\" width=\"634\" height=\"490\" class=\"wp-image-23088 aligncenter\" src=\"http:\/\/cmm.imgw.pl\/wp-content\/uploads\/2023\/02\/tendencja-gfs-pon-27-02-2023-00-utc.gif\" alt=\"tendencja GFS pon. 27.02.2023 00 UTC\" \/> <img loading=\"lazy\" width=\"634\" height=\"490\" class=\"wp-image-23089 aligncenter\" src=\"http:\/\/cmm.imgw.pl\/wp-content\/uploads\/2023\/02\/tendencja-gfs-pon-27-02-2023-06-utc.gif\" alt=\"tendencja GFS pon. 27.02.2023 06 UTC\" \/><\/p>\n<p>W nocy dodatnia tendencja barometryczna. Ci\u015bnienie b\u0119dzie ros\u0142o.<\/p>\n<p><img loading=\"lazy\" width=\"456\" height=\"456\" class=\"wp-image-23090 aligncenter\" src=\"http:\/\/cmm.imgw.pl\/wp-content\/uploads\/2023\/02\/word-image-22974-50.jpeg\" srcset=\"https:\/\/cmm.imgw.pl\/wp-content\/uploads\/2023\/02\/word-image-22974-50.jpeg 456w, https:\/\/cmm.imgw.pl\/wp-content\/uploads\/2023\/02\/word-image-22974-50-300x300.jpeg 300w, https:\/\/cmm.imgw.pl\/wp-content\/uploads\/2023\/02\/word-image-22974-50-150x150.jpeg 150w\" sizes=\"(max-width: 456px) 100vw, 456px\" \/> <img loading=\"lazy\" width=\"461\" height=\"461\" class=\"wp-image-23091 aligncenter\" src=\"http:\/\/cmm.imgw.pl\/wp-content\/uploads\/2023\/02\/word-image-22974-51.jpeg\" srcset=\"https:\/\/cmm.imgw.pl\/wp-content\/uploads\/2023\/02\/word-image-22974-51.jpeg 461w, https:\/\/cmm.imgw.pl\/wp-content\/uploads\/2023\/02\/word-image-22974-51-300x300.jpeg 300w, https:\/\/cmm.imgw.pl\/wp-content\/uploads\/2023\/02\/word-image-22974-51-150x150.jpeg 150w\" sizes=\"(max-width: 461px) 100vw, 461px\" \/> <img loading=\"lazy\" width=\"446\" height=\"446\" class=\"wp-image-23092 aligncenter\" src=\"http:\/\/cmm.imgw.pl\/wp-content\/uploads\/2023\/02\/word-image-22974-52.jpeg\" srcset=\"https:\/\/cmm.imgw.pl\/wp-content\/uploads\/2023\/02\/word-image-22974-52.jpeg 446w, https:\/\/cmm.imgw.pl\/wp-content\/uploads\/2023\/02\/word-image-22974-52-300x300.jpeg 300w, https:\/\/cmm.imgw.pl\/wp-content\/uploads\/2023\/02\/word-image-22974-52-150x150.jpeg 150w\" sizes=\"(max-width: 446px) 100vw, 446px\" \/> <img loading=\"lazy\" width=\"559\" height=\"559\" class=\"wp-image-23093 aligncenter\" src=\"http:\/\/cmm.imgw.pl\/wp-content\/uploads\/2023\/02\/word-image-22974-53.jpeg\" srcset=\"https:\/\/cmm.imgw.pl\/wp-content\/uploads\/2023\/02\/word-image-22974-53.jpeg 559w, https:\/\/cmm.imgw.pl\/wp-content\/uploads\/2023\/02\/word-image-22974-53-300x300.jpeg 300w, https:\/\/cmm.imgw.pl\/wp-content\/uploads\/2023\/02\/word-image-22974-53-150x150.jpeg 150w\" sizes=\"(max-width: 559px) 100vw, 559px\" \/> <img loading=\"lazy\" width=\"573\" height=\"573\" class=\"wp-image-23094 aligncenter\" src=\"http:\/\/cmm.imgw.pl\/wp-content\/uploads\/2023\/02\/word-image-22974-54.jpeg\" srcset=\"https:\/\/cmm.imgw.pl\/wp-content\/uploads\/2023\/02\/word-image-22974-54.jpeg 573w, https:\/\/cmm.imgw.pl\/wp-content\/uploads\/2023\/02\/word-image-22974-54-300x300.jpeg 300w, https:\/\/cmm.imgw.pl\/wp-content\/uploads\/2023\/02\/word-image-22974-54-150x150.jpeg 150w\" sizes=\"(max-width: 573px) 100vw, 573px\" \/><\/p>\n<p>Wieczorem i w nocy nale\u017cy spodziewa\u0107 si\u0119 opad\u00f3w \u015bniegu, g\u0142\u00f3wnie o charakterze przelotnym, kt\u00f3ry charakteryzuje si\u0119 wi\u0119kszymi pi\u0119knymi formami p\u0142atk\u00f3w \u015bniegu oraz zmienn\u0105 intensywno\u015bci\u0105 oraz nag\u0142ym rozpocz\u0119ciem i zako\u0144czeniem opadu. Ponadto mo\u017ce wyst\u0105pi\u0107 opad krupy \u015bnie\u017cnej.<\/p>\n<p><img loading=\"lazy\" width=\"800\" height=\"800\" class=\"wp-image-23095 aligncenter\" src=\"http:\/\/cmm.imgw.pl\/wp-content\/uploads\/2023\/02\/word-image-22974-55.png\" srcset=\"https:\/\/cmm.imgw.pl\/wp-content\/uploads\/2023\/02\/word-image-22974-55.png 800w, https:\/\/cmm.imgw.pl\/wp-content\/uploads\/2023\/02\/word-image-22974-55-300x300.png 300w, https:\/\/cmm.imgw.pl\/wp-content\/uploads\/2023\/02\/word-image-22974-55-150x150.png 150w, https:\/\/cmm.imgw.pl\/wp-content\/uploads\/2023\/02\/word-image-22974-55-768x768.png 768w, https:\/\/cmm.imgw.pl\/wp-content\/uploads\/2023\/02\/word-image-22974-55-600x600.png 600w\" sizes=\"(max-width: 800px) 100vw, 800px\" \/> <img loading=\"lazy\" width=\"800\" height=\"800\" class=\"wp-image-23096 aligncenter\" src=\"http:\/\/cmm.imgw.pl\/wp-content\/uploads\/2023\/02\/word-image-22974-56.png\" srcset=\"https:\/\/cmm.imgw.pl\/wp-content\/uploads\/2023\/02\/word-image-22974-56.png 800w, https:\/\/cmm.imgw.pl\/wp-content\/uploads\/2023\/02\/word-image-22974-56-300x300.png 300w, https:\/\/cmm.imgw.pl\/wp-content\/uploads\/2023\/02\/word-image-22974-56-150x150.png 150w, https:\/\/cmm.imgw.pl\/wp-content\/uploads\/2023\/02\/word-image-22974-56-768x768.png 768w, https:\/\/cmm.imgw.pl\/wp-content\/uploads\/2023\/02\/word-image-22974-56-600x600.png 600w\" sizes=\"(max-width: 800px) 100vw, 800px\" \/><\/p>\n<p>Wieczorem oraz w nocy zachmurzenie du\u017ce, lokalnie i chwilowo ca\u0142kowite. W wielu rejonach rozpogodzenia.<\/p>\n<p><img loading=\"lazy\" width=\"800\" height=\"800\" class=\"wp-image-23097 aligncenter\" src=\"http:\/\/cmm.imgw.pl\/wp-content\/uploads\/2023\/02\/word-image-22974-57.png\" srcset=\"https:\/\/cmm.imgw.pl\/wp-content\/uploads\/2023\/02\/word-image-22974-57.png 800w, https:\/\/cmm.imgw.pl\/wp-content\/uploads\/2023\/02\/word-image-22974-57-300x300.png 300w, https:\/\/cmm.imgw.pl\/wp-content\/uploads\/2023\/02\/word-image-22974-57-150x150.png 150w, https:\/\/cmm.imgw.pl\/wp-content\/uploads\/2023\/02\/word-image-22974-57-768x768.png 768w, https:\/\/cmm.imgw.pl\/wp-content\/uploads\/2023\/02\/word-image-22974-57-600x600.png 600w\" sizes=\"(max-width: 800px) 100vw, 800px\" \/> <img loading=\"lazy\" width=\"800\" height=\"800\" class=\"wp-image-23098 aligncenter\" src=\"http:\/\/cmm.imgw.pl\/wp-content\/uploads\/2023\/02\/word-image-22974-58.png\" srcset=\"https:\/\/cmm.imgw.pl\/wp-content\/uploads\/2023\/02\/word-image-22974-58.png 800w, https:\/\/cmm.imgw.pl\/wp-content\/uploads\/2023\/02\/word-image-22974-58-300x300.png 300w, https:\/\/cmm.imgw.pl\/wp-content\/uploads\/2023\/02\/word-image-22974-58-150x150.png 150w, https:\/\/cmm.imgw.pl\/wp-content\/uploads\/2023\/02\/word-image-22974-58-768x768.png 768w, https:\/\/cmm.imgw.pl\/wp-content\/uploads\/2023\/02\/word-image-22974-58-600x600.png 600w\" sizes=\"(max-width: 800px) 100vw, 800px\" \/><\/p>\n<p>Zachmurzenie pi\u0119tra niskiego du\u017ce, nale\u017cy spodziewa\u0107 si\u0119 wielu nocnym rozpogodze\u0144 w tym pi\u0119trze chmur. Tam, gdzie pojawi\u0105 si\u0119 chmury pi\u0119tra niskiego na niebie Stratocumulus, lokalnie Stratus.<\/p>\n<p><img loading=\"lazy\" width=\"600\" height=\"640\" class=\"wp-image-23099 aligncenter\" src=\"http:\/\/cmm.imgw.pl\/wp-content\/uploads\/2023\/02\/word-image-22974-59.png\" srcset=\"https:\/\/cmm.imgw.pl\/wp-content\/uploads\/2023\/02\/word-image-22974-59.png 600w, https:\/\/cmm.imgw.pl\/wp-content\/uploads\/2023\/02\/word-image-22974-59-281x300.png 281w\" sizes=\"(max-width: 600px) 100vw, 600px\" \/> <img loading=\"lazy\" width=\"600\" height=\"640\" class=\"wp-image-23100 aligncenter\" src=\"http:\/\/cmm.imgw.pl\/wp-content\/uploads\/2023\/02\/word-image-22974-60.png\" srcset=\"https:\/\/cmm.imgw.pl\/wp-content\/uploads\/2023\/02\/word-image-22974-60.png 600w, https:\/\/cmm.imgw.pl\/wp-content\/uploads\/2023\/02\/word-image-22974-60-281x300.png 281w\" sizes=\"(max-width: 600px) 100vw, 600px\" \/> <img loading=\"lazy\" width=\"600\" height=\"640\" class=\"wp-image-23101 aligncenter\" src=\"http:\/\/cmm.imgw.pl\/wp-content\/uploads\/2023\/02\/word-image-22974-61.png\" srcset=\"https:\/\/cmm.imgw.pl\/wp-content\/uploads\/2023\/02\/word-image-22974-61.png 600w, https:\/\/cmm.imgw.pl\/wp-content\/uploads\/2023\/02\/word-image-22974-61-281x300.png 281w\" sizes=\"(max-width: 600px) 100vw, 600px\" \/><\/p>\n<p>Ponadto na niebie mog\u0105 wyst\u0119powa\u0107 chmury Cumulus congestus oraz Cumulonimbus.<\/p>\n<p><img loading=\"lazy\" width=\"800\" height=\"800\" class=\"wp-image-23102 aligncenter\" src=\"http:\/\/cmm.imgw.pl\/wp-content\/uploads\/2023\/02\/word-image-22974-62.png\" srcset=\"https:\/\/cmm.imgw.pl\/wp-content\/uploads\/2023\/02\/word-image-22974-62.png 800w, https:\/\/cmm.imgw.pl\/wp-content\/uploads\/2023\/02\/word-image-22974-62-300x300.png 300w, https:\/\/cmm.imgw.pl\/wp-content\/uploads\/2023\/02\/word-image-22974-62-150x150.png 150w, https:\/\/cmm.imgw.pl\/wp-content\/uploads\/2023\/02\/word-image-22974-62-768x768.png 768w, https:\/\/cmm.imgw.pl\/wp-content\/uploads\/2023\/02\/word-image-22974-62-600x600.png 600w\" sizes=\"(max-width: 800px) 100vw, 800px\" \/> <img loading=\"lazy\" width=\"800\" height=\"800\" class=\"wp-image-23103 aligncenter\" src=\"http:\/\/cmm.imgw.pl\/wp-content\/uploads\/2023\/02\/word-image-22974-63.png\" srcset=\"https:\/\/cmm.imgw.pl\/wp-content\/uploads\/2023\/02\/word-image-22974-63.png 800w, https:\/\/cmm.imgw.pl\/wp-content\/uploads\/2023\/02\/word-image-22974-63-300x300.png 300w, https:\/\/cmm.imgw.pl\/wp-content\/uploads\/2023\/02\/word-image-22974-63-150x150.png 150w, https:\/\/cmm.imgw.pl\/wp-content\/uploads\/2023\/02\/word-image-22974-63-768x768.png 768w, https:\/\/cmm.imgw.pl\/wp-content\/uploads\/2023\/02\/word-image-22974-63-600x600.png 600w\" sizes=\"(max-width: 800px) 100vw, 800px\" \/><\/p>\n<p>Zachmurzenie chmurami pi\u0119tra \u015bredniego du\u017ce g\u0142\u00f3wnie w rejonie po\u0142udniowo wschodnim. Na pozosta\u0142ym obszarze ma\u0142e lub brak. Tak gdzie chmury pietra \u015bredniego si\u0119 pojawi\u0105 to nale\u017cy spodziewa\u0107 si\u0119 chmur Altocumulus.<\/p>\n<p><img loading=\"lazy\" width=\"800\" height=\"800\" class=\"wp-image-23104 aligncenter\" src=\"http:\/\/cmm.imgw.pl\/wp-content\/uploads\/2023\/02\/word-image-22974-64.png\" srcset=\"https:\/\/cmm.imgw.pl\/wp-content\/uploads\/2023\/02\/word-image-22974-64.png 800w, https:\/\/cmm.imgw.pl\/wp-content\/uploads\/2023\/02\/word-image-22974-64-300x300.png 300w, https:\/\/cmm.imgw.pl\/wp-content\/uploads\/2023\/02\/word-image-22974-64-150x150.png 150w, https:\/\/cmm.imgw.pl\/wp-content\/uploads\/2023\/02\/word-image-22974-64-768x768.png 768w, https:\/\/cmm.imgw.pl\/wp-content\/uploads\/2023\/02\/word-image-22974-64-600x600.png 600w\" sizes=\"(max-width: 800px) 100vw, 800px\" \/> <img loading=\"lazy\" width=\"800\" height=\"800\" class=\"wp-image-23105 aligncenter\" src=\"http:\/\/cmm.imgw.pl\/wp-content\/uploads\/2023\/02\/word-image-22974-65.png\" srcset=\"https:\/\/cmm.imgw.pl\/wp-content\/uploads\/2023\/02\/word-image-22974-65.png 800w, https:\/\/cmm.imgw.pl\/wp-content\/uploads\/2023\/02\/word-image-22974-65-300x300.png 300w, https:\/\/cmm.imgw.pl\/wp-content\/uploads\/2023\/02\/word-image-22974-65-150x150.png 150w, https:\/\/cmm.imgw.pl\/wp-content\/uploads\/2023\/02\/word-image-22974-65-768x768.png 768w, https:\/\/cmm.imgw.pl\/wp-content\/uploads\/2023\/02\/word-image-22974-65-600x600.png 600w\" sizes=\"(max-width: 800px) 100vw, 800px\" \/><\/p>\n<p>Chmury pi\u0119tra wysokiego w po\u0142udniowo wschodniej Polsce. Na niebie Cirrus fibratus oraz Cirrostratus fibratus. Na pozosta\u0142ym obszarze brak chmur ww. pi\u0119tra lub pojedyncze chmury Cirrus fibratus.<\/p>\n<p><img loading=\"lazy\" width=\"418\" height=\"418\" class=\"wp-image-23106 aligncenter\" src=\"http:\/\/cmm.imgw.pl\/wp-content\/uploads\/2023\/02\/word-image-22974-66.png\" srcset=\"https:\/\/cmm.imgw.pl\/wp-content\/uploads\/2023\/02\/word-image-22974-66.png 418w, https:\/\/cmm.imgw.pl\/wp-content\/uploads\/2023\/02\/word-image-22974-66-300x300.png 300w, https:\/\/cmm.imgw.pl\/wp-content\/uploads\/2023\/02\/word-image-22974-66-150x150.png 150w\" sizes=\"(max-width: 418px) 100vw, 418px\" \/> <img loading=\"lazy\" width=\"419\" height=\"419\" class=\"wp-image-23107 aligncenter\" src=\"http:\/\/cmm.imgw.pl\/wp-content\/uploads\/2023\/02\/word-image-22974-67.png\" srcset=\"https:\/\/cmm.imgw.pl\/wp-content\/uploads\/2023\/02\/word-image-22974-67.png 419w, https:\/\/cmm.imgw.pl\/wp-content\/uploads\/2023\/02\/word-image-22974-67-300x300.png 300w, https:\/\/cmm.imgw.pl\/wp-content\/uploads\/2023\/02\/word-image-22974-67-150x150.png 150w\" sizes=\"(max-width: 419px) 100vw, 419px\" \/> <img loading=\"lazy\" width=\"428\" height=\"428\" class=\"wp-image-23108 aligncenter\" src=\"http:\/\/cmm.imgw.pl\/wp-content\/uploads\/2023\/02\/word-image-22974-68.png\" srcset=\"https:\/\/cmm.imgw.pl\/wp-content\/uploads\/2023\/02\/word-image-22974-68.png 428w, https:\/\/cmm.imgw.pl\/wp-content\/uploads\/2023\/02\/word-image-22974-68-300x300.png 300w, https:\/\/cmm.imgw.pl\/wp-content\/uploads\/2023\/02\/word-image-22974-68-150x150.png 150w\" sizes=\"(max-width: 428px) 100vw, 428px\" \/><\/p>\n<p>W strefie opad\u00f3w ograniczenie widzialno\u015bci do 4-5 km. Przy intensywniejszych opadach do 1-1,5 km.<\/p>","protected":false},"excerpt":{"rendered":"<p>Komentarz do numerycznych prognoz pogody opracowany w Centrum Modelowania Meteorologicznego IMGW-PIB.<\/p>\n","protected":false},"author":3,"featured_media":0,"comment_status":"closed","ping_status":"open","sticky":false,"template":"","format":"standard","meta":{"ocean_post_layout":"","ocean_both_sidebars_style":"","ocean_both_sidebars_content_width":0,"ocean_both_sidebars_sidebars_width":0,"ocean_sidebar":"0","ocean_second_sidebar":"0","ocean_disable_margins":"enable","ocean_add_body_class":"","ocean_shortcode_before_top_bar":"","ocean_shortcode_after_top_bar":"","ocean_shortcode_before_header":"","ocean_shortcode_after_header":"","ocean_has_shortcode":"","ocean_shortcode_after_title":"","ocean_shortcode_before_footer_widgets":"","ocean_shortcode_after_footer_widgets":"","ocean_shortcode_before_footer_bottom":"","ocean_shortcode_after_footer_bottom":"","ocean_display_top_bar":"default","ocean_display_header":"default","ocean_header_style":"","ocean_center_header_left_menu":"0","ocean_custom_header_template":"0","ocean_custom_logo":0,"ocean_custom_retina_logo":0,"ocean_custom_logo_max_width":0,"ocean_custom_logo_tablet_max_width":0,"ocean_custom_logo_mobile_max_width":0,"ocean_custom_logo_max_height":0,"ocean_custom_logo_tablet_max_height":0,"ocean_custom_logo_mobile_max_height":0,"ocean_header_custom_menu":"0","ocean_menu_typo_font_family":"0","ocean_menu_typo_font_subset":"","ocean_menu_typo_font_size":0,"ocean_menu_typo_font_size_tablet":0,"ocean_menu_typo_font_size_mobile":0,"ocean_menu_typo_font_size_unit":"px","ocean_menu_typo_font_weight":"","ocean_menu_typo_font_weight_tablet":"","ocean_menu_typo_font_weight_mobile":"","ocean_menu_typo_transform":"","ocean_menu_typo_transform_tablet":"","ocean_menu_typo_transform_mobile":"","ocean_menu_typo_line_height":0,"ocean_menu_typo_line_height_tablet":0,"ocean_menu_typo_line_height_mobile":0,"ocean_menu_typo_line_height_unit":"","ocean_menu_typo_spacing":0,"ocean_menu_typo_spacing_tablet":0,"ocean_menu_typo_spacing_mobile":0,"ocean_menu_typo_spacing_unit":"","ocean_menu_link_color":"","ocean_menu_link_color_hover":"","ocean_menu_link_color_active":"","ocean_menu_link_background":"","ocean_menu_link_hover_background":"","ocean_menu_link_active_background":"","ocean_menu_social_links_bg":"","ocean_menu_social_hover_links_bg":"","ocean_menu_social_links_color":"","ocean_menu_social_hover_links_color":"","ocean_disable_title":"default","ocean_disable_heading":"default","ocean_post_title":"","ocean_post_subheading":"","ocean_post_title_style":"","ocean_post_title_background_color":"","ocean_post_title_background":0,"ocean_post_title_bg_image_position":"","ocean_post_title_bg_image_attachment":"","ocean_post_title_bg_image_repeat":"","ocean_post_title_bg_image_size":"","ocean_post_title_height":0,"ocean_post_title_bg_overlay":0.5,"ocean_post_title_bg_overlay_color":"","ocean_disable_breadcrumbs":"default","ocean_breadcrumbs_color":"","ocean_breadcrumbs_separator_color":"","ocean_breadcrumbs_links_color":"","ocean_breadcrumbs_links_hover_color":"","ocean_display_footer_widgets":"default","ocean_display_footer_bottom":"default","ocean_custom_footer_template":"0","ocean_post_oembed":"","ocean_post_self_hosted_media":"","ocean_post_video_embed":"","ocean_link_format":"","ocean_link_format_target":"self","ocean_quote_format":"","ocean_quote_format_link":"post","ocean_gallery_link_images":"on","ocean_gallery_id":[]},"categories":[93],"tags":[68,95,85,73,97,98,76,94,99,71,96,79],"yoast_head":"<!-- This site is optimized with the Yoast SEO plugin v19.5.1 - https:\/\/yoast.com\/wordpress\/plugins\/seo\/ -->\n<title>Komentarz do numerycznych prognoz pogody (26.02.2023) - Laboratorium Modelowania Meteorologicznego CMOK IMGW-PIB<\/title>\n<meta name=\"description\" content=\"Komentarz do numerycznych prognoz pogody opracowany w Centrum Modelowania Meteorologicznego IMGW-PIB.\" \/>\n<meta name=\"robots\" content=\"index, follow, max-snippet:-1, max-image-preview:large, max-video-preview:-1\" \/>\n<link rel=\"canonical\" href=\"https:\/\/cmm.imgw.pl\/?p=22974\" \/>\n<meta property=\"og:locale\" content=\"pl_PL\" \/>\n<meta property=\"og:type\" content=\"article\" \/>\n<meta property=\"og:title\" content=\"Komentarz do numerycznych prognoz pogody (26.02.2023)\" \/>\n<meta property=\"og:description\" content=\"Komentarz do numerycznych prognoz pogody opracowany w Centrum Modelowania Meteorologicznego IMGW-PIB\" \/>\n<meta property=\"og:url\" content=\"https:\/\/cmm.imgw.pl\/?p=22974\" \/>\n<meta property=\"og:site_name\" content=\"Laboratorium Modelowania Meteorologicznego CMOK IMGW-PIB\" \/>\n<meta property=\"article:publisher\" content=\"https:\/\/www.facebook.com\/Meteoimgw\/\" \/>\n<meta property=\"article:published_time\" content=\"2023-02-26T16:57:46+00:00\" \/>\n<meta property=\"article:modified_time\" content=\"2023-02-26T16:57:49+00:00\" \/>\n<meta property=\"og:image\" content=\"http:\/\/cmm.imgw.pl\/wp-content\/uploads\/2023\/02\/komentarz4.png\" \/>\n\t<meta property=\"og:image:width\" content=\"1280\" \/>\n\t<meta property=\"og:image:height\" content=\"720\" \/>\n\t<meta property=\"og:image:type\" content=\"image\/png\" \/>\n<meta name=\"author\" content=\"CMM\" \/>\n<meta name=\"twitter:card\" content=\"summary_large_image\" \/>\n<meta name=\"twitter:title\" content=\"Komentarz do numerycznych prognoz pogody (26.02.2023)\" \/>\n<meta name=\"twitter:description\" content=\"Komentarz do numerycznych prognoz pogody opracowany w Centrum Modelowania Meteorologicznego IMGW-PIB\" \/>\n<meta name=\"twitter:image\" content=\"https:\/\/cmm.imgw.pl\/wp-content\/uploads\/2023\/02\/komentarz4.png\" \/>\n<meta name=\"twitter:creator\" content=\"@IMGW_CMM\" \/>\n<meta name=\"twitter:site\" content=\"@IMGW_CMM\" \/>\n<meta name=\"twitter:label1\" content=\"Napisane przez\" \/>\n\t<meta name=\"twitter:data1\" content=\"CMM\" \/>\n\t<meta name=\"twitter:label2\" content=\"Szacowany czas czytania\" \/>\n\t<meta name=\"twitter:data2\" content=\"22 minuty\" \/>\n<script type=\"application\/ld+json\" class=\"yoast-schema-graph\">{\"@context\":\"https:\/\/schema.org\",\"@graph\":[{\"@type\":\"Article\",\"@id\":\"https:\/\/cmm.imgw.pl\/?p=22974#article\",\"isPartOf\":{\"@id\":\"https:\/\/cmm.imgw.pl\/?p=22974\"},\"author\":{\"name\":\"CMM\",\"@id\":\"https:\/\/cmm.imgw.pl\/#\/schema\/person\/a24a37fe434fe76b0f5791e6bd3fdb46\"},\"headline\":\"Komentarz do numerycznych prognoz pogody (26.02.2023)\",\"datePublished\":\"2023-02-26T16:57:46+00:00\",\"dateModified\":\"2023-02-26T16:57:49+00:00\",\"mainEntityOfPage\":{\"@id\":\"https:\/\/cmm.imgw.pl\/?p=22974\"},\"wordCount\":1477,\"publisher\":{\"@id\":\"https:\/\/cmm.imgw.pl\/#organization\"},\"keywords\":[\"cmm\",\"Cosmo\",\"imgw\",\"klimat\",\"komentarz\",\"komentarz pogodowy\",\"meteorologia\",\"NMP\",\"NPP\",\"pogoda\",\"prognoza pogody\",\"zima\"],\"articleSection\":[\"Komentarz\"],\"inLanguage\":\"pl-PL\"},{\"@type\":\"WebPage\",\"@id\":\"https:\/\/cmm.imgw.pl\/?p=22974\",\"url\":\"https:\/\/cmm.imgw.pl\/?p=22974\",\"name\":\"Komentarz do numerycznych prognoz pogody (26.02.2023) - Laboratorium Modelowania Meteorologicznego CMOK IMGW-PIB\",\"isPartOf\":{\"@id\":\"https:\/\/cmm.imgw.pl\/#website\"},\"datePublished\":\"2023-02-26T16:57:46+00:00\",\"dateModified\":\"2023-02-26T16:57:49+00:00\",\"description\":\"Komentarz do numerycznych prognoz pogody opracowany w Centrum Modelowania Meteorologicznego IMGW-PIB.\",\"breadcrumb\":{\"@id\":\"https:\/\/cmm.imgw.pl\/?p=22974#breadcrumb\"},\"inLanguage\":\"pl-PL\",\"potentialAction\":[{\"@type\":\"ReadAction\",\"target\":[\"https:\/\/cmm.imgw.pl\/?p=22974\"]}]},{\"@type\":\"BreadcrumbList\",\"@id\":\"https:\/\/cmm.imgw.pl\/?p=22974#breadcrumb\",\"itemListElement\":[{\"@type\":\"ListItem\",\"position\":1,\"name\":\"Home\",\"item\":\"https:\/\/cmm.imgw.pl\/\"},{\"@type\":\"ListItem\",\"position\":2,\"name\":\"Komentarz do numerycznych prognoz pogody (26.02.2023)\"}]},{\"@type\":\"WebSite\",\"@id\":\"https:\/\/cmm.imgw.pl\/#website\",\"url\":\"https:\/\/cmm.imgw.pl\/\",\"name\":\"Laboratorium Modelowania Meteorologicznego CMOK IMGW-PIB\",\"description\":\"CMOK-LMM Laboratorium pe\u0142ni pa\u0144stwow\u0105 s\u0142u\u017cb\u0119 hydrologiczno-meteorologiczn\u0105 w zakresie numerycznych prognoz pogody, kt\u00f3rego zadaniem jest konsolidacja kompetencji w obszarze modelowania zjawisk pogodowych oraz dalszego rozwoju numerycznych modeli pogody (NMP).\",\"publisher\":{\"@id\":\"https:\/\/cmm.imgw.pl\/#organization\"},\"potentialAction\":[{\"@type\":\"SearchAction\",\"target\":{\"@type\":\"EntryPoint\",\"urlTemplate\":\"https:\/\/cmm.imgw.pl\/?s={search_term_string}\"},\"query-input\":\"required name=search_term_string\"}],\"inLanguage\":\"pl-PL\"},{\"@type\":\"Organization\",\"@id\":\"https:\/\/cmm.imgw.pl\/#organization\",\"name\":\"Laboratorium Modelowania Meteorologicznego CMOK IMGW-PIB\",\"url\":\"https:\/\/cmm.imgw.pl\/\",\"sameAs\":[\"https:\/\/www.facebook.com\/Meteoimgw\/\",\"https:\/\/twitter.com\/IMGW_CMM\"],\"logo\":{\"@type\":\"ImageObject\",\"inLanguage\":\"pl-PL\",\"@id\":\"https:\/\/cmm.imgw.pl\/#\/schema\/logo\/image\/\",\"url\":\"https:\/\/cmm.imgw.pl\/wp-content\/uploads\/2025\/10\/MODELE_LOGO_UNIFIKACJA_v2.png\",\"contentUrl\":\"https:\/\/cmm.imgw.pl\/wp-content\/uploads\/2025\/10\/MODELE_LOGO_UNIFIKACJA_v2.png\",\"width\":1356,\"height\":365,\"caption\":\"Laboratorium Modelowania Meteorologicznego CMOK IMGW-PIB\"},\"image\":{\"@id\":\"https:\/\/cmm.imgw.pl\/#\/schema\/logo\/image\/\"}},{\"@type\":\"Person\",\"@id\":\"https:\/\/cmm.imgw.pl\/#\/schema\/person\/a24a37fe434fe76b0f5791e6bd3fdb46\",\"name\":\"CMM\",\"image\":{\"@type\":\"ImageObject\",\"inLanguage\":\"pl-PL\",\"@id\":\"https:\/\/cmm.imgw.pl\/#\/schema\/person\/image\/\",\"url\":\"https:\/\/secure.gravatar.com\/avatar\/9248ea2273711f1cd09d6bd45867dbfb?s=96&d=blank&r=g\",\"contentUrl\":\"https:\/\/secure.gravatar.com\/avatar\/9248ea2273711f1cd09d6bd45867dbfb?s=96&d=blank&r=g\",\"caption\":\"CMM\"},\"sameAs\":[\"http:\/\/cmm.imgw.pl\"],\"url\":\"https:\/\/cmm.imgw.pl\/?author=3\"}]}<\/script>\n<!-- \/ Yoast SEO plugin. -->","yoast_head_json":{"title":"Komentarz do numerycznych prognoz pogody (26.02.2023) - Laboratorium Modelowania Meteorologicznego CMOK IMGW-PIB","description":"Komentarz do numerycznych prognoz pogody opracowany w Centrum Modelowania Meteorologicznego IMGW-PIB.","robots":{"index":"index","follow":"follow","max-snippet":"max-snippet:-1","max-image-preview":"max-image-preview:large","max-video-preview":"max-video-preview:-1"},"canonical":"https:\/\/cmm.imgw.pl\/?p=22974","og_locale":"pl_PL","og_type":"article","og_title":"Komentarz do numerycznych prognoz pogody (26.02.2023)","og_description":"Komentarz do numerycznych prognoz pogody opracowany w Centrum Modelowania Meteorologicznego IMGW-PIB","og_url":"https:\/\/cmm.imgw.pl\/?p=22974","og_site_name":"Laboratorium Modelowania Meteorologicznego CMOK IMGW-PIB","article_publisher":"https:\/\/www.facebook.com\/Meteoimgw\/","article_published_time":"2023-02-26T16:57:46+00:00","article_modified_time":"2023-02-26T16:57:49+00:00","og_image":[{"width":1280,"height":720,"url":"http:\/\/cmm.imgw.pl\/wp-content\/uploads\/2023\/02\/komentarz4.png","type":"image\/png"}],"author":"CMM","twitter_card":"summary_large_image","twitter_title":"Komentarz do numerycznych prognoz pogody (26.02.2023)","twitter_description":"Komentarz do numerycznych prognoz pogody opracowany w Centrum Modelowania Meteorologicznego IMGW-PIB","twitter_image":"https:\/\/cmm.imgw.pl\/wp-content\/uploads\/2023\/02\/komentarz4.png","twitter_creator":"@IMGW_CMM","twitter_site":"@IMGW_CMM","twitter_misc":{"Napisane przez":"CMM","Szacowany czas czytania":"22 minuty"},"schema":{"@context":"https:\/\/schema.org","@graph":[{"@type":"Article","@id":"https:\/\/cmm.imgw.pl\/?p=22974#article","isPartOf":{"@id":"https:\/\/cmm.imgw.pl\/?p=22974"},"author":{"name":"CMM","@id":"https:\/\/cmm.imgw.pl\/#\/schema\/person\/a24a37fe434fe76b0f5791e6bd3fdb46"},"headline":"Komentarz do numerycznych prognoz pogody (26.02.2023)","datePublished":"2023-02-26T16:57:46+00:00","dateModified":"2023-02-26T16:57:49+00:00","mainEntityOfPage":{"@id":"https:\/\/cmm.imgw.pl\/?p=22974"},"wordCount":1477,"publisher":{"@id":"https:\/\/cmm.imgw.pl\/#organization"},"keywords":["cmm","Cosmo","imgw","klimat","komentarz","komentarz pogodowy","meteorologia","NMP","NPP","pogoda","prognoza pogody","zima"],"articleSection":["Komentarz"],"inLanguage":"pl-PL"},{"@type":"WebPage","@id":"https:\/\/cmm.imgw.pl\/?p=22974","url":"https:\/\/cmm.imgw.pl\/?p=22974","name":"Komentarz do numerycznych prognoz pogody (26.02.2023) - Laboratorium Modelowania Meteorologicznego CMOK IMGW-PIB","isPartOf":{"@id":"https:\/\/cmm.imgw.pl\/#website"},"datePublished":"2023-02-26T16:57:46+00:00","dateModified":"2023-02-26T16:57:49+00:00","description":"Komentarz do numerycznych prognoz pogody opracowany w Centrum Modelowania Meteorologicznego IMGW-PIB.","breadcrumb":{"@id":"https:\/\/cmm.imgw.pl\/?p=22974#breadcrumb"},"inLanguage":"pl-PL","potentialAction":[{"@type":"ReadAction","target":["https:\/\/cmm.imgw.pl\/?p=22974"]}]},{"@type":"BreadcrumbList","@id":"https:\/\/cmm.imgw.pl\/?p=22974#breadcrumb","itemListElement":[{"@type":"ListItem","position":1,"name":"Home","item":"https:\/\/cmm.imgw.pl\/"},{"@type":"ListItem","position":2,"name":"Komentarz do numerycznych prognoz pogody (26.02.2023)"}]},{"@type":"WebSite","@id":"https:\/\/cmm.imgw.pl\/#website","url":"https:\/\/cmm.imgw.pl\/","name":"Laboratorium Modelowania Meteorologicznego CMOK IMGW-PIB","description":"CMOK-LMM Laboratorium pe\u0142ni pa\u0144stwow\u0105 s\u0142u\u017cb\u0119 hydrologiczno-meteorologiczn\u0105 w zakresie numerycznych prognoz pogody, kt\u00f3rego zadaniem jest konsolidacja kompetencji w obszarze modelowania zjawisk pogodowych oraz dalszego rozwoju numerycznych modeli pogody (NMP).","publisher":{"@id":"https:\/\/cmm.imgw.pl\/#organization"},"potentialAction":[{"@type":"SearchAction","target":{"@type":"EntryPoint","urlTemplate":"https:\/\/cmm.imgw.pl\/?s={search_term_string}"},"query-input":"required name=search_term_string"}],"inLanguage":"pl-PL"},{"@type":"Organization","@id":"https:\/\/cmm.imgw.pl\/#organization","name":"Laboratorium Modelowania Meteorologicznego CMOK IMGW-PIB","url":"https:\/\/cmm.imgw.pl\/","sameAs":["https:\/\/www.facebook.com\/Meteoimgw\/","https:\/\/twitter.com\/IMGW_CMM"],"logo":{"@type":"ImageObject","inLanguage":"pl-PL","@id":"https:\/\/cmm.imgw.pl\/#\/schema\/logo\/image\/","url":"https:\/\/cmm.imgw.pl\/wp-content\/uploads\/2025\/10\/MODELE_LOGO_UNIFIKACJA_v2.png","contentUrl":"https:\/\/cmm.imgw.pl\/wp-content\/uploads\/2025\/10\/MODELE_LOGO_UNIFIKACJA_v2.png","width":1356,"height":365,"caption":"Laboratorium Modelowania Meteorologicznego CMOK IMGW-PIB"},"image":{"@id":"https:\/\/cmm.imgw.pl\/#\/schema\/logo\/image\/"}},{"@type":"Person","@id":"https:\/\/cmm.imgw.pl\/#\/schema\/person\/a24a37fe434fe76b0f5791e6bd3fdb46","name":"CMM","image":{"@type":"ImageObject","inLanguage":"pl-PL","@id":"https:\/\/cmm.imgw.pl\/#\/schema\/person\/image\/","url":"https:\/\/secure.gravatar.com\/avatar\/9248ea2273711f1cd09d6bd45867dbfb?s=96&d=blank&r=g","contentUrl":"https:\/\/secure.gravatar.com\/avatar\/9248ea2273711f1cd09d6bd45867dbfb?s=96&d=blank&r=g","caption":"CMM"},"sameAs":["http:\/\/cmm.imgw.pl"],"url":"https:\/\/cmm.imgw.pl\/?author=3"}]}},"_links":{"self":[{"href":"https:\/\/cmm.imgw.pl\/index.php?rest_route=\/wp\/v2\/posts\/22974"}],"collection":[{"href":"https:\/\/cmm.imgw.pl\/index.php?rest_route=\/wp\/v2\/posts"}],"about":[{"href":"https:\/\/cmm.imgw.pl\/index.php?rest_route=\/wp\/v2\/types\/post"}],"author":[{"embeddable":true,"href":"https:\/\/cmm.imgw.pl\/index.php?rest_route=\/wp\/v2\/users\/3"}],"replies":[{"embeddable":true,"href":"https:\/\/cmm.imgw.pl\/index.php?rest_route=%2Fwp%2Fv2%2Fcomments&post=22974"}],"version-history":[{"count":1,"href":"https:\/\/cmm.imgw.pl\/index.php?rest_route=\/wp\/v2\/posts\/22974\/revisions"}],"predecessor-version":[{"id":23109,"href":"https:\/\/cmm.imgw.pl\/index.php?rest_route=\/wp\/v2\/posts\/22974\/revisions\/23109"}],"wp:attachment":[{"href":"https:\/\/cmm.imgw.pl\/index.php?rest_route=%2Fwp%2Fv2%2Fmedia&parent=22974"}],"wp:term":[{"taxonomy":"category","embeddable":true,"href":"https:\/\/cmm.imgw.pl\/index.php?rest_route=%2Fwp%2Fv2%2Fcategories&post=22974"},{"taxonomy":"post_tag","embeddable":true,"href":"https:\/\/cmm.imgw.pl\/index.php?rest_route=%2Fwp%2Fv2%2Ftags&post=22974"}],"curies":[{"name":"wp","href":"https:\/\/api.w.org\/{rel}","templated":true}]}}