{"id":22921,"date":"2023-02-24T14:55:42","date_gmt":"2023-02-24T13:55:42","guid":{"rendered":"https:\/\/cmm.imgw.pl\/?p=22921"},"modified":"2023-02-24T14:55:44","modified_gmt":"2023-02-24T13:55:44","slug":"cmm-imgw-pib-ksiezyc-w-i-kwadrze-w-fazie-garbatej-rosnacej_-w-zlaczeniu-z-marsem","status":"publish","type":"post","link":"https:\/\/cmm.imgw.pl\/?p=22921","title":{"rendered":"Ksi\u0119\u017cyc po I kwadrze (w fazie garbatej rosn\u0105cej) w z\u0142\u0105czeniu z Marsem"},"content":{"rendered":"\n<p>Opracowanie: dr Grzegorz Duniec, dr Marcin kolonko &#8211; CMM IMGW-PIB<\/p>\n\n\n<p>Ksi\u0119\u017cyc w swojej w\u0119dr\u00f3wce po niebie przemierza gwiazdozbi\u00f3r Byka. Jego najja\u015bniejsz\u0105 gwiazd\u0105 jest <em>\u03b1 Tauri<\/em>, czyli Aldebaran. O w\u0142a\u015bciwo\u015bciach fizycznych Aldebarana pisali\u015bmy w po\u015bcie na temat z\u0142\u0105czenia Marsa z Aldebaranem (5 lutego 2023 r.). Sam Aldebaran jest dla nas \u201egwiazd\u0105 sta\u0142\u0105\u201d, o wzgl\u0119dnie (na przestrzeni setek lat) sta\u0142ym po\u0142o\u017ceniu na sferze niebieskiej.<\/p>\n<p><img loading=\"lazy\" width=\"600\" height=\"460\" class=\"wp-image-22922 aligncenter\" src=\"http:\/\/cmm.imgw.pl\/wp-content\/uploads\/2023\/02\/word-image-22921-1.png\" srcset=\"https:\/\/cmm.imgw.pl\/wp-content\/uploads\/2023\/02\/word-image-22921-1.png 600w, https:\/\/cmm.imgw.pl\/wp-content\/uploads\/2023\/02\/word-image-22921-1-300x230.png 300w\" sizes=\"(max-width: 600px) 100vw, 600px\" \/><\/p>\n<p>Mapa sytuacji z\u0142\u0105czenia Marsa i Ksi\u0119\u017cyca na tle gwiazdozbioru Byka (Taurus). \u0179r\u00f3d\u0142o: Astronomy.<\/p>\n<p>Ksi\u0119\u017cyc natomiast swoj\u0105 w\u0119dr\u00f3wk\u0119 po niebie z 27 na 28 lutego zacznie w niewielkiej odleg\u0142o\u015bci od Marsa, kt\u00f3ry te\u017c przebywa w Byku. W uk\u0142adzie r\u00f3wnikowym, o godzinie 18, wsp\u00f3\u0142rz\u0119dne Ksi\u0119\u017cyca wynios\u0105: <em>\u03b1<\/em>=04<sup>h<\/sup>44<sup>m<\/sup>38,1<sup>s<\/sup> (rektascensja) za\u015b <em>\u03b4<\/em>=25\u00b000\u201934,9\u201d (deklinacja). Jasno\u015b\u0107 -11<sup>m<\/sup>,92. W 54 % o\u015bwietlonej powierzchni Ksi\u0119\u017cyca obserwator b\u0119dzie mia\u0142 mo\u017cliwo\u015b\u0107 zaobserwowa\u0107. Wsp\u00f3\u0142rz\u0119dne Marsa wynios\u0105 natomiast <em>\u03b1<\/em>=05<sup>h<\/sup>09<sup>m<\/sup>29,7<sup>s<\/sup> za\u015b <em>\u03b4<\/em>=25\u00b021\u201945,1\u201d. Jasno\u015b\u0107 0<sup>m<\/sup>,39. Z powierzchni Ziemi obserwator b\u0119dzie mia\u0142 mo\u017cliwo\u015b\u0107 zaobserwowania 90% jego o\u015bwietlonej przez S\u0142o\u0144ce powierzchni.<\/p>\n<p><img loading=\"lazy\" width=\"1385\" height=\"645\" class=\"wp-image-22923 aligncenter\" src=\"http:\/\/cmm.imgw.pl\/wp-content\/uploads\/2023\/02\/word-image-22921-2.png\" srcset=\"https:\/\/cmm.imgw.pl\/wp-content\/uploads\/2023\/02\/word-image-22921-2.png 1385w, https:\/\/cmm.imgw.pl\/wp-content\/uploads\/2023\/02\/word-image-22921-2-300x140.png 300w, https:\/\/cmm.imgw.pl\/wp-content\/uploads\/2023\/02\/word-image-22921-2-1024x477.png 1024w, https:\/\/cmm.imgw.pl\/wp-content\/uploads\/2023\/02\/word-image-22921-2-768x358.png 768w\" sizes=\"(max-width: 1385px) 100vw, 1385px\" \/><\/p>\n<p>Wzajemnie po\u0142o\u017cenie Ksi\u0119\u017cyca i Marsa, 27 lutego 2023 roku, godzina 18. \u0179r\u00f3d\u0142o: <a href=\"https:\/\/stellarium-web.org\/\">https:\/\/stellarium-web.org\/<\/a><\/p>\n<p>Wieczorem 27 lutego znajdzie si\u0119 o 1,5 stopnia k\u0105towego na zach\u00f3d od Marsa. W miar\u0119 up\u0142ywu czasu oba obiekty b\u0119d\u0105 zbli\u017ca\u0107 si\u0119 do siebie.<\/p>\n<p><img loading=\"lazy\" width=\"849\" height=\"503\" class=\"wp-image-22924 aligncenter\" src=\"http:\/\/cmm.imgw.pl\/wp-content\/uploads\/2023\/02\/word-image-22921-3.png\" srcset=\"https:\/\/cmm.imgw.pl\/wp-content\/uploads\/2023\/02\/word-image-22921-3.png 849w, https:\/\/cmm.imgw.pl\/wp-content\/uploads\/2023\/02\/word-image-22921-3-300x178.png 300w, https:\/\/cmm.imgw.pl\/wp-content\/uploads\/2023\/02\/word-image-22921-3-768x455.png 768w\" sizes=\"(max-width: 849px) 100vw, 849px\" \/><\/p>\n<p>Wzajemnie po\u0142o\u017cenie Ksi\u0119\u017cyca i Marsa, 28 lutego 2023 roku, godzina 02:44, tu\u017c przed zachodem Ksi\u0119\u017cyca. \u0179r\u00f3d\u0142o: <a href=\"https:\/\/stellarium-web.org\/\">https:\/\/stellarium-web.org\/<\/a><\/p>\n<p>Nad ranem 28 lutego 2022 roku, o godzinie 05:26:38 tu\u017c przed zakryciem b\u0119dzie mo\u017cna podziwia\u0107 Marsa wraz z jego uk\u0142adem ksi\u0119\u017cyc\u00f3w, Phobosem i Deimosem. Sekund\u0119 p\u00f3\u017aniej Deimos zastanie zakryty przez Ksi\u0119\u017cyc.<\/p>\n<p><img loading=\"lazy\" width=\"1231\" height=\"628\" class=\"wp-image-22925 aligncenter\" src=\"http:\/\/cmm.imgw.pl\/wp-content\/uploads\/2023\/02\/word-image-22921-4.png\" srcset=\"https:\/\/cmm.imgw.pl\/wp-content\/uploads\/2023\/02\/word-image-22921-4.png 1231w, https:\/\/cmm.imgw.pl\/wp-content\/uploads\/2023\/02\/word-image-22921-4-300x153.png 300w, https:\/\/cmm.imgw.pl\/wp-content\/uploads\/2023\/02\/word-image-22921-4-1024x522.png 1024w, https:\/\/cmm.imgw.pl\/wp-content\/uploads\/2023\/02\/word-image-22921-4-768x392.png 768w\" sizes=\"(max-width: 1231px) 100vw, 1231px\" \/><\/p>\n<p>Uk\u0142ad Marsa z Ksi\u0119\u017cycami tu\u017c przed zakryciem Deimosa przez Ksi\u0119\u017cyc. 28 luty 2023 roku, 05:26:38 (dla Polski centralnej, \u0141\u00f3d\u017a). \u0179r\u00f3d\u0142o: <a href=\"https:\/\/stellarium-web.org\/\">https:\/\/stellarium-web.org\/<\/a><\/p>\n<p>O godzinie 05:26:43 rozpocznie zakrycie Marsa.<\/p>\n<p><img loading=\"lazy\" width=\"738\" height=\"523\" class=\"wp-image-22926 aligncenter\" src=\"http:\/\/cmm.imgw.pl\/wp-content\/uploads\/2023\/02\/word-image-22921-5.png\" srcset=\"https:\/\/cmm.imgw.pl\/wp-content\/uploads\/2023\/02\/word-image-22921-5.png 738w, https:\/\/cmm.imgw.pl\/wp-content\/uploads\/2023\/02\/word-image-22921-5-300x213.png 300w\" sizes=\"(max-width: 738px) 100vw, 738px\" \/><\/p>\n<p>Uk\u0142ad Marsa z Ksi\u0119\u017cycami, rozpocz\u0119cie zakrycia Marsa przez Ksi\u0119\u017cyc. 28 luty 2023 roku, 05:26:43 (dla Polski centralnej, \u0141\u00f3d\u017a). \u0179r\u00f3d\u0142o: <a href=\"https:\/\/stellarium-web.org\/\">https:\/\/stellarium-web.org\/<\/a><\/p>\n<p>O godzinie 05:26:56 nast\u0105pi zakrycie Phobosa.<\/p>\n<p><img loading=\"lazy\" width=\"700\" height=\"564\" class=\"wp-image-22927 aligncenter\" src=\"http:\/\/cmm.imgw.pl\/wp-content\/uploads\/2023\/02\/word-image-22921-6.png\" srcset=\"https:\/\/cmm.imgw.pl\/wp-content\/uploads\/2023\/02\/word-image-22921-6.png 700w, https:\/\/cmm.imgw.pl\/wp-content\/uploads\/2023\/02\/word-image-22921-6-300x242.png 300w\" sizes=\"(max-width: 700px) 100vw, 700px\" \/><\/p>\n<p>Sekunda przed zakryciem Phobosa, 28 luty 2023 roku, 05:26:55 (dla Polski centralnej, \u0141\u00f3d\u017a). \u0179r\u00f3d\u0142o: <a href=\"https:\/\/stellarium-web.org\/\">https:\/\/stellarium-web.org\/<\/a><\/p>\n<p>O godzinie 05:27:03 Mars zostanie przys\u0142oni\u0119ty przez Ksi\u0119\u017cyc.<\/p>\n<p><img loading=\"lazy\" width=\"622\" height=\"444\" class=\"wp-image-22928 aligncenter\" src=\"http:\/\/cmm.imgw.pl\/wp-content\/uploads\/2023\/02\/word-image-22921-7.png\" srcset=\"https:\/\/cmm.imgw.pl\/wp-content\/uploads\/2023\/02\/word-image-22921-7.png 622w, https:\/\/cmm.imgw.pl\/wp-content\/uploads\/2023\/02\/word-image-22921-7-300x214.png 300w\" sizes=\"(max-width: 622px) 100vw, 622px\" \/><\/p>\n<p>Sekunda przed ca\u0142kowitym zakryciem Marsa, 28 luty 2023 roku, 05:27:02 (dla Polski centralnej, \u0141\u00f3d\u017a). \u0179r\u00f3d\u0142o: <a href=\"https:\/\/stellarium-web.org\/\">https:\/\/stellarium-web.org\/<\/a><\/p>\n<p>O godzinie 05:54:28 Deimos wy\u0142oni si\u0119 zza tarczy ksi\u0119\u017cycowej.<\/p>\n<p><img loading=\"lazy\" width=\"1001\" height=\"464\" class=\"wp-image-22929 aligncenter\" src=\"http:\/\/cmm.imgw.pl\/wp-content\/uploads\/2023\/02\/word-image-22921-8.png\" srcset=\"https:\/\/cmm.imgw.pl\/wp-content\/uploads\/2023\/02\/word-image-22921-8.png 1001w, https:\/\/cmm.imgw.pl\/wp-content\/uploads\/2023\/02\/word-image-22921-8-300x139.png 300w, https:\/\/cmm.imgw.pl\/wp-content\/uploads\/2023\/02\/word-image-22921-8-768x356.png 768w\" sizes=\"(max-width: 1001px) 100vw, 1001px\" \/><\/p>\n<p>Wyj\u015bcie Phobosa zza tarczy ksi\u0119\u017cycowej, 28 luty 2023 roku, 05:54:28 (dla Polski centralnej, \u0141\u00f3d\u017a). \u0179r\u00f3d\u0142o: <a href=\"https:\/\/stellarium-web.org\/\">https:\/\/stellarium-web.org\/<\/a><\/p>\n<p><img loading=\"lazy\" width=\"1255\" height=\"549\" class=\"wp-image-22930 aligncenter\" src=\"http:\/\/cmm.imgw.pl\/wp-content\/uploads\/2023\/02\/word-image-22921-9.png\" srcset=\"https:\/\/cmm.imgw.pl\/wp-content\/uploads\/2023\/02\/word-image-22921-9.png 1255w, https:\/\/cmm.imgw.pl\/wp-content\/uploads\/2023\/02\/word-image-22921-9-300x131.png 300w, https:\/\/cmm.imgw.pl\/wp-content\/uploads\/2023\/02\/word-image-22921-9-1024x448.png 1024w, https:\/\/cmm.imgw.pl\/wp-content\/uploads\/2023\/02\/word-image-22921-9-768x336.png 768w\" sizes=\"(max-width: 1255px) 100vw, 1255px\" \/><\/p>\n<p>Po\u0142o\u017cenie Deimosa wzgl\u0119dem Ksi\u0119\u017cyca, 28 luty 2023 roku, 05:54:29 (dla Polski centralnej, \u0141\u00f3d\u017a). \u0179r\u00f3d\u0142o: <a href=\"https:\/\/stellarium-web.org\/\">https:\/\/stellarium-web.org\/<\/a><\/p>\n<p>O godzinie 05:55:16 wy\u0142oni si\u0119 zza tarczy ksi\u0119\u017cycowej powierzchnia Marsa.<\/p>\n<p><img loading=\"lazy\" width=\"1177\" height=\"572\" class=\"wp-image-22931 aligncenter\" src=\"http:\/\/cmm.imgw.pl\/wp-content\/uploads\/2023\/02\/word-image-22921-10.png\" srcset=\"https:\/\/cmm.imgw.pl\/wp-content\/uploads\/2023\/02\/word-image-22921-10.png 1177w, https:\/\/cmm.imgw.pl\/wp-content\/uploads\/2023\/02\/word-image-22921-10-300x146.png 300w, https:\/\/cmm.imgw.pl\/wp-content\/uploads\/2023\/02\/word-image-22921-10-1024x498.png 1024w, https:\/\/cmm.imgw.pl\/wp-content\/uploads\/2023\/02\/word-image-22921-10-768x373.png 768w\" sizes=\"(max-width: 1177px) 100vw, 1177px\" \/><\/p>\n<p>Zza tarczy ksi\u0119\u017cycowej wy\u0142ania si\u0119 Mars, 28 luty 2023 roku, 05:55:16 (dla Polski centralnej, \u0141\u00f3d\u017a). \u0179r\u00f3d\u0142o: <a href=\"https:\/\/stellarium-web.org\/\">https:\/\/stellarium-web.org\/<\/a><\/p>\n<p><img loading=\"lazy\" width=\"1045\" height=\"619\" class=\"wp-image-22932 aligncenter\" src=\"http:\/\/cmm.imgw.pl\/wp-content\/uploads\/2023\/02\/word-image-22921-11.png\" srcset=\"https:\/\/cmm.imgw.pl\/wp-content\/uploads\/2023\/02\/word-image-22921-11.png 1045w, https:\/\/cmm.imgw.pl\/wp-content\/uploads\/2023\/02\/word-image-22921-11-300x178.png 300w, https:\/\/cmm.imgw.pl\/wp-content\/uploads\/2023\/02\/word-image-22921-11-1024x607.png 1024w, https:\/\/cmm.imgw.pl\/wp-content\/uploads\/2023\/02\/word-image-22921-11-768x455.png 768w\" sizes=\"(max-width: 1045px) 100vw, 1045px\" \/><\/p>\n<p>Sekunda przed zako\u0144czeniem zakrycia powierzchni Marsa, 28 luty 2023 roku, 05:55:35 (dla Polski centralnej, \u0141\u00f3d\u017a). \u0179r\u00f3d\u0142o: <a href=\"https:\/\/stellarium-web.org\/\">https:\/\/stellarium-web.org\/<\/a><\/p>\n<p>O godzinie 05:55:39 Phobos wyjdzie zza tarczy Ksi\u0119\u017cyca i zjawisko zako\u0144czy si\u0119.<\/p>\n<p><img loading=\"lazy\" width=\"874\" height=\"461\" class=\"wp-image-22933 aligncenter\" src=\"http:\/\/cmm.imgw.pl\/wp-content\/uploads\/2023\/02\/word-image-22921-12.png\" srcset=\"https:\/\/cmm.imgw.pl\/wp-content\/uploads\/2023\/02\/word-image-22921-12.png 874w, https:\/\/cmm.imgw.pl\/wp-content\/uploads\/2023\/02\/word-image-22921-12-300x158.png 300w, https:\/\/cmm.imgw.pl\/wp-content\/uploads\/2023\/02\/word-image-22921-12-768x405.png 768w\" sizes=\"(max-width: 874px) 100vw, 874px\" \/><\/p>\n<p>Wyj\u015bcie Phobosa zza tarczy ksi\u0119\u017cycowej, 28 luty 2023 roku, 05:55:39 (dla Polski centralnej, \u0141\u00f3d\u017a). \u0179r\u00f3d\u0142o: <a href=\"https:\/\/stellarium-web.org\/\">https:\/\/stellarium-web.org\/<\/a><\/p>\n<p>Mars b\u0119dzie skryty zza tarcz\u0105 ksi\u0119\u017cycow\u0105 przez 28<sup>m<\/sup>13<sup>s<\/sup>. Czas jaki up\u0142ynie od chwili zakrycia Deimosa do chwili wy\u0142onienia si\u0119 Phobosa zza tarczy ksi\u0119\u017cycowej up\u0142ynie oko\u0142o 29<sup>m<\/sup>01<sup>s<\/sup>. Niestety, ale zakrycie Marsa przez Ksi\u0119\u017cyc z terenu Polski b\u0119dzie niedost\u0119pne obserwacjom. Zjawisko mo\u017cna obserwowa\u0107 z teren\u00f3w p\u00f3\u0142nocnej Europy, p\u00f3\u0142nocnej Azji, obszaru Arktycznego oraz Islandii.<\/p>\n<p>Nast\u0119pnego wieczoru, 28 lutego 2023 roku, Ksi\u0119\u017cyc b\u0119dzie ju\u017c oddala\u0142 si\u0119 od Marsa z racji ruchu obiegowego Ksi\u0119\u017cyca wok\u00f3\u0142 Ziemi.<\/p>\n<p><img loading=\"lazy\" width=\"1183\" height=\"579\" class=\"wp-image-22934 aligncenter\" src=\"http:\/\/cmm.imgw.pl\/wp-content\/uploads\/2023\/02\/word-image-22921-13.png\" srcset=\"https:\/\/cmm.imgw.pl\/wp-content\/uploads\/2023\/02\/word-image-22921-13.png 1183w, https:\/\/cmm.imgw.pl\/wp-content\/uploads\/2023\/02\/word-image-22921-13-300x147.png 300w, https:\/\/cmm.imgw.pl\/wp-content\/uploads\/2023\/02\/word-image-22921-13-1024x501.png 1024w, https:\/\/cmm.imgw.pl\/wp-content\/uploads\/2023\/02\/word-image-22921-13-768x376.png 768w\" sizes=\"(max-width: 1183px) 100vw, 1183px\" \/><\/p>\n<p>Wzajemnie po\u0142o\u017cenie Ksi\u0119\u017cyca i Marsa, 28 lutego 2023 roku, godzina 18. \u0179r\u00f3d\u0142o: <a href=\"https:\/\/stellarium-web.org\/\">https:\/\/stellarium-web.org\/<\/a>.<\/p>\n<p>Mars w lutym oddala si\u0119 od Ziemi \u2013 pierwszego lutego jego \u015brednica wyniesie 11\u201d, natomiast 28 lutego \u2013 8\u201d (sekund k\u0105towych). To oznacza, \u017ce utwory powierzchniowe na Marsie b\u0119d\u0105 dost\u0119pne jedynie obserwatorom z wi\u0119kszymi instrumentami, powy\u017cej 15 cm \u015brednicy obiektywu\/zwierciad\u0142a. Zmniejsza\u0107 b\u0119dzie si\u0119 tak\u017ce ca\u0142kowita widoma jasno\u015b\u0107 tej planety \u2013 poni\u017cej 0 magnitudo w drugiej po\u0142owie lutego.<\/p>\n<p>O ile Ksi\u0119\u017cyc przemierza dziennie po niebie kilkana\u015bcie stopni, to Mars \u2013 z racji swojej wi\u0119kszej odleg\u0142o\u015bci od Ziemi \u2013 porusza si\u0119 znacznie wolniej, cho\u0107 (z racji faktu, \u017ce jest najbli\u017csz\u0105 nam planet\u0105 zewn\u0119trzn\u0105) i tak dosy\u0107 szybko. Rok marsja\u0144ski wynosi oko\u0142o 687 dni ziemskich (669 dni marsja\u0144skich). Nie widzimy pe\u0142nego cyklu faz Marsa, gdy\u017c jest on planet\u0105 na zewn\u0105trz orbity Ziemi (inaczej rzecz si\u0119 ma z Merkurym i Wenus). Rozmiar Marsa waha si\u0119 mi\u0119dzy 4\u201d a 25,11\u201d (w trakcie wielkich opozycji, kt\u00f3re wyst\u0119puj\u0105 w sekwencji co 15 lat-15lat-15lat-17lat-17lat, po 79 latach wielka opozycja wyst\u0119puje niemal w tych samych dniach miesi\u0105ca, z przesuni\u0119ciem od 2 do 5 dni), a jasno\u015b\u0107 \u2013 mi\u0119dzy -2,8 mag a +1,6 mag.<\/p>\n<p><img loading=\"lazy\" width=\"496\" height=\"189\" class=\"wp-image-22935 aligncenter\" src=\"http:\/\/cmm.imgw.pl\/wp-content\/uploads\/2023\/02\/word-image-22921-14.png\" srcset=\"https:\/\/cmm.imgw.pl\/wp-content\/uploads\/2023\/02\/word-image-22921-14.png 496w, https:\/\/cmm.imgw.pl\/wp-content\/uploads\/2023\/02\/word-image-22921-14-300x114.png 300w\" sizes=\"(max-width: 496px) 100vw, 496px\" \/><\/p>\n<p>\u0179r\u00f3d\u0142o: Jean Meeus, <em>More<\/em> <em>Mathematical Astronomy Morsels<\/em>, 2002, Willmann-Bell, Inc.<\/p>\n<p><img loading=\"lazy\" width=\"1260\" height=\"840\" class=\"wp-image-22936 aligncenter\" src=\"http:\/\/cmm.imgw.pl\/wp-content\/uploads\/2023\/02\/word-image-22921-15.jpeg\" srcset=\"https:\/\/cmm.imgw.pl\/wp-content\/uploads\/2023\/02\/word-image-22921-15.jpeg 1260w, https:\/\/cmm.imgw.pl\/wp-content\/uploads\/2023\/02\/word-image-22921-15-300x200.jpeg 300w, https:\/\/cmm.imgw.pl\/wp-content\/uploads\/2023\/02\/word-image-22921-15-1024x683.jpeg 1024w, https:\/\/cmm.imgw.pl\/wp-content\/uploads\/2023\/02\/word-image-22921-15-768x512.jpeg 768w\" sizes=\"(max-width: 1260px) 100vw, 1260px\" \/> Sytuacja sprzed 2 miesi\u0119cy \u2013 Mars przed zakryciem przez Ksi\u0119\u017cyc. \u0179r\u00f3d\u0142o: Isbel Gonzalez, S&amp;T.<\/p>\n<p>Orbita Marsa jest wyd\u0142u\u017cona (eliptyczna), co powoduje, i\u017c Mars nie ma sta\u0142ego rozmiaru przy ka\u017cdej opozycji. Najmniejsza odleg\u0142o\u015b\u0107 Marsa od Ziemi to 56 mln km. Najmniejsza odleg\u0142o\u015b\u0107 obu planet, czyli Marsa i Ziemi zale\u017cy od aktualnych element\u00f3w ich orbit oraz od k\u0105ta zawartego mi\u0119dzy p\u0142aszczyznami ich orbit. Z mechaniki nieba wiadomo, \u017ce elementy orbity ulegaj\u0105 zmianie w wyniku perturbacji, co skutkowa\u0107 b\u0119dzie tym, \u017ce ta minimalna odleg\u0142o\u015b\u0107 r\u00f3wnie\u017c b\u0119dzie podlega\u0142a zmianom.<\/p>\n<p><img loading=\"lazy\" width=\"789\" height=\"603\" class=\"wp-image-22937 aligncenter\" src=\"http:\/\/cmm.imgw.pl\/wp-content\/uploads\/2023\/02\/word-image-22921-16.png\" srcset=\"https:\/\/cmm.imgw.pl\/wp-content\/uploads\/2023\/02\/word-image-22921-16.png 789w, https:\/\/cmm.imgw.pl\/wp-content\/uploads\/2023\/02\/word-image-22921-16-300x229.png 300w, https:\/\/cmm.imgw.pl\/wp-content\/uploads\/2023\/02\/word-image-22921-16-768x587.png 768w\" sizes=\"(max-width: 789px) 100vw, 789px\" \/><\/p>\n<p>\u0179r\u00f3d\u0142o: Jean Meeus, <em>More<\/em> <em>Mathematical Astronomy Morsels<\/em>, 2002, Willmann-Bell, Inc.<\/p>\n<p>Z kolei, gdy Mars znajdzie si\u0119 po przeciwnej stronie S\u0142o\u0144ca ni\u017c Ziemia, odleg\u0142o\u015b\u0107 mi\u0119dzy nimi mo\u017ce wynie\u015b\u0107 nawet 400 mln km. Mars jest jednym z najlepiej poznanych przez cz\u0142owieka cia\u0142 niebieskich w Uk\u0142adzie S\u0142onecznym z racji licznych misji i sond eksploruj\u0105cych otoczenie i powierzchni\u0119 tej planety.<\/p>\n<p>Ruch orbitalny Ziemi wok\u00f3\u0142 S\u0142o\u0144ca jest szybszy ni\u017c ruch Marsa, co powoduje, i\u017c Ziemia \u201edogania\u201d Marsa w okr\u0105\u017caniu S\u0142o\u0144ca i mamy do czynienia z szybkim ruchem wstecznym Marsa. W przypadku dalszych planet zewn\u0119trznych ta r\u00f3\u017cnica pr\u0119dko\u015bci w ruchu orbitalnym jest jeszcze wi\u0119ksza i znajduj\u0105 si\u0119 one dalej \u2013 ich po\u0142o\u017cenia zakre\u015blaj\u0105 charakterystyczne \u201ep\u0119tle\u201d. Mars jest bli\u017cej i kre\u015bli na niebie bardziej rozci\u0105gni\u0119t\u0105 figur\u0119 ni\u017c planety olbrzymy.<\/p>\n<p>P\u0119tla retrogradacyjna zale\u017cy od po\u0142o\u017cenia planety wzgl\u0119dem w\u0119z\u0142\u00f3w orbity. Kiedy p\u0119tla retrogradacyjna kre\u015blona jest pozornie przez planet\u0119 znajduj\u0105c\u0105 si\u0119 w pobli\u017cu w\u0119z\u0142a wst\u0119puj\u0105cego lub zst\u0119puj\u0105cego w\u00f3wczas, podczas ruchu wstecznego, planeta na tle gwiazd zakre\u015bla zygzak (Na, Nd). Nie jest to prawdziwa p\u0119tla. W miar\u0119 jak zwi\u0119ksza si\u0119 r\u00f3\u017cnica wsp\u00f3\u0142rz\u0119dnych planety i w\u0119z\u0142\u00f3w kre\u015blona figura podczas retrogradacji zbli\u017ca si\u0119 do sytuacji, kiedy podczas kre\u015blonej krzywej wyst\u0119puje ostra zmiana kierunku planety. W tej sytuacji mamy rzeczywiste pozorne zatrzymanie si\u0119 planety (S1, S3). Przy dalszym zwi\u0119kszaniu si\u0119 odleg\u0142o\u015bci planety od w\u0119z\u0142\u00f3w swojej orbity podczas ruchu retrogradacyjnego, planeta na tle gwiazd zakre\u015bla ju\u017c typow\u0105 p\u0119tl\u0119. Pocz\u0105tkowa p\u0119tla ta nie posiada symetrii (4, 12). Kiedy planeta znajduje si\u0119 w po\u0142owie odleg\u0142o\u015bci pomi\u0119dzy w\u0119z\u0142ami w\u00f3wczas zakre\u015blona jest pi\u0119kna, w miar\u0119 symetryczna, p\u0119tla (M+, M-). Przy dalszym oddalaniu si\u0119 od w\u0119z\u0142a wst\u0119puj\u0105cego\/zst\u0119puj\u0105cego symetria kre\u015blonej p\u0119tli ulega zatraceniu (6, 14) i w ko\u0144cu osi\u0105gany jest stan, w kt\u00f3rym nie jest ju\u017c zakre\u015blana typowa p\u0119tla (S2, S4). Kiedy planeta jest w opozycji w pobli\u017cu w\u0119z\u0142a w\u00f3wczas ponownie kre\u015blony jest zygzak (Na, Nd).<\/p>\n<p><img loading=\"lazy\" width=\"483\" height=\"683\" class=\"wp-image-22938 aligncenter\" src=\"http:\/\/cmm.imgw.pl\/wp-content\/uploads\/2023\/02\/word-image-22921-17.png\" srcset=\"https:\/\/cmm.imgw.pl\/wp-content\/uploads\/2023\/02\/word-image-22921-17.png 483w, https:\/\/cmm.imgw.pl\/wp-content\/uploads\/2023\/02\/word-image-22921-17-212x300.png 212w\" sizes=\"(max-width: 483px) 100vw, 483px\" \/><\/p>\n<p>\u0179r\u00f3d\u0142o: Jean Meeus, <em>Mathematical Astronomy Morsels<\/em>, 1997, Willmann-Bell, Inc.<\/p>\n<p>To, \u017ce Mars na niebie mo\u017ce spotka\u0107 si\u0119 z Ksi\u0119\u017cycem jest wynikiem faktu, i\u017c ich orbity nie s\u0105 do siebie silnie nachylone. Nachylenie p\u0142aszczyzny orbity marsja\u0144skiej wzgl\u0119dem p\u0142aszczyzny ekliptyki zmienia si\u0119 w granicach od 0\u00b019\u2019 do 7\u00b019\u2019. Obecnie inklinacja wynosi 1\u00b051\u2019 i warto\u015b\u0107 tego k\u0105ta maleje.<\/p>\n<p><img loading=\"lazy\" width=\"481\" height=\"507\" class=\"wp-image-22939 aligncenter\" src=\"http:\/\/cmm.imgw.pl\/wp-content\/uploads\/2023\/02\/word-image-22921-18.png\" srcset=\"https:\/\/cmm.imgw.pl\/wp-content\/uploads\/2023\/02\/word-image-22921-18.png 481w, https:\/\/cmm.imgw.pl\/wp-content\/uploads\/2023\/02\/word-image-22921-18-285x300.png 285w\" sizes=\"(max-width: 481px) 100vw, 481px\" \/><\/p>\n<p>\u0179r\u00f3d\u0142o: Jean Meeus, <em>More<\/em> <em>Mathematical Astronomy Morsels<\/em>, 2002, Willmann-Bell, Inc.<\/p>\n<p>Ksi\u0119\u017cyc obiega Ziemi\u0119 po orbicie nachylonej zaledwie o 5\u00b008\u201943,4,\u201d stopni do ekliptyki. W wyniku perturbacji ze strony S\u0142o\u0144ca warto\u015b\u0107 k\u0105ta nachylenie zmienia si\u0119 w przedziale od 4\u00b059\u2019\u00a0do 5\u00b019\u2019 w czasie 173,3 dni.<\/p>\n<p><img loading=\"lazy\" width=\"707\" height=\"438\" class=\"wp-image-22940 aligncenter\" src=\"http:\/\/cmm.imgw.pl\/wp-content\/uploads\/2023\/02\/word-image-22921-19.png\" srcset=\"https:\/\/cmm.imgw.pl\/wp-content\/uploads\/2023\/02\/word-image-22921-19.png 707w, https:\/\/cmm.imgw.pl\/wp-content\/uploads\/2023\/02\/word-image-22921-19-300x186.png 300w\" sizes=\"(max-width: 707px) 100vw, 707px\" \/><\/p>\n<p>\u0179r\u00f3d\u0142o: Jean Meeus, <em>Mathematical Astronomy Morsels<\/em>, 1997, Willmann-Bell, Inc.<\/p>\n<p>Czasami trajektorie obu obiekt\u00f3w na tle gwiazd pozornie si\u0119 przecinaj\u0105, w\u00f3wczas dochodzi do zakrycia. Zdarza si\u0119, \u017ce trajektorie Marsa i Ksi\u0119\u017cyca s\u0105 pozornie bardzo bliskie siebie w\u00f3wczas dochodzi do z\u0142\u0105czenia lub zbli\u017cenia na bardzo ma\u0142a odleg\u0142o\u015b\u0107 k\u0105tow\u0105.<\/p>\n<p>Optymaln\u0105 faz\u0105 Ksi\u0119\u017cyca do obserwowania zakry\u0107 lub z\u0142\u0105cze\u0144 (jak to ma miejsce 27 lutego) jest okolica nowiu, a\u017c do kwadry. Wtedy Ksi\u0119\u017cyc nie tonie ju\u017c w blasku S\u0142o\u0144ca i sam nie przy\u0107miewa swoim \u015bwiat\u0142em s\u0142abszego obiektu (Marsa, Aldebarana, innej gwiazdy lub planety zewn\u0119trznej). Najlepiej jest, gdy cia\u0142o zakrywane znika za ciemnym skrajem Ksi\u0119\u017cyca. Jest to znakomita okazja do wykonania efektownego zdj\u0119cia. Lub przeprowadzenia udanej obserwacji wizualnej.<\/p>","protected":false},"excerpt":{"rendered":"<p>Ksi\u0119\u017cyc w swojej w\u0119dr\u00f3wce po niebie przemierza gwiazdozbi\u00f3r Byka. Jego najja\u015bniejsz\u0105 gwiazd\u0105 jest \u03b1 Tauri, czyli Aldebaran. O w\u0142a\u015bciwo\u015bciach fizycznych Aldebarana pisali\u015bmy w po\u015bcie na temat z\u0142\u0105czenia Marsa z Aldebaranem (5 lutego 2023 r.). Sam Aldebaran jest dla nas \u201egwiazd\u0105 sta\u0142\u0105\u201d, o wzgl\u0119dnie (na przestrzeni setek lat) sta\u0142ym po\u0142o\u017ceniu na sferze niebieskiej.<\/p>\n","protected":false},"author":3,"featured_media":0,"comment_status":"closed","ping_status":"open","sticky":false,"template":"","format":"standard","meta":{"ocean_post_layout":"","ocean_both_sidebars_style":"","ocean_both_sidebars_content_width":0,"ocean_both_sidebars_sidebars_width":0,"ocean_sidebar":"0","ocean_second_sidebar":"0","ocean_disable_margins":"enable","ocean_add_body_class":"","ocean_shortcode_before_top_bar":"","ocean_shortcode_after_top_bar":"","ocean_shortcode_before_header":"","ocean_shortcode_after_header":"","ocean_has_shortcode":"","ocean_shortcode_after_title":"","ocean_shortcode_before_footer_widgets":"","ocean_shortcode_after_footer_widgets":"","ocean_shortcode_before_footer_bottom":"","ocean_shortcode_after_footer_bottom":"","ocean_display_top_bar":"default","ocean_display_header":"default","ocean_header_style":"","ocean_center_header_left_menu":"0","ocean_custom_header_template":"0","ocean_custom_logo":0,"ocean_custom_retina_logo":0,"ocean_custom_logo_max_width":0,"ocean_custom_logo_tablet_max_width":0,"ocean_custom_logo_mobile_max_width":0,"ocean_custom_logo_max_height":0,"ocean_custom_logo_tablet_max_height":0,"ocean_custom_logo_mobile_max_height":0,"ocean_header_custom_menu":"0","ocean_menu_typo_font_family":"0","ocean_menu_typo_font_subset":"","ocean_menu_typo_font_size":0,"ocean_menu_typo_font_size_tablet":0,"ocean_menu_typo_font_size_mobile":0,"ocean_menu_typo_font_size_unit":"px","ocean_menu_typo_font_weight":"","ocean_menu_typo_font_weight_tablet":"","ocean_menu_typo_font_weight_mobile":"","ocean_menu_typo_transform":"","ocean_menu_typo_transform_tablet":"","ocean_menu_typo_transform_mobile":"","ocean_menu_typo_line_height":0,"ocean_menu_typo_line_height_tablet":0,"ocean_menu_typo_line_height_mobile":0,"ocean_menu_typo_line_height_unit":"","ocean_menu_typo_spacing":0,"ocean_menu_typo_spacing_tablet":0,"ocean_menu_typo_spacing_mobile":0,"ocean_menu_typo_spacing_unit":"","ocean_menu_link_color":"","ocean_menu_link_color_hover":"","ocean_menu_link_color_active":"","ocean_menu_link_background":"","ocean_menu_link_hover_background":"","ocean_menu_link_active_background":"","ocean_menu_social_links_bg":"","ocean_menu_social_hover_links_bg":"","ocean_menu_social_links_color":"","ocean_menu_social_hover_links_color":"","ocean_disable_title":"default","ocean_disable_heading":"default","ocean_post_title":"","ocean_post_subheading":"","ocean_post_title_style":"","ocean_post_title_background_color":"","ocean_post_title_background":0,"ocean_post_title_bg_image_position":"","ocean_post_title_bg_image_attachment":"","ocean_post_title_bg_image_repeat":"","ocean_post_title_bg_image_size":"","ocean_post_title_height":0,"ocean_post_title_bg_overlay":0.5,"ocean_post_title_bg_overlay_color":"","ocean_disable_breadcrumbs":"default","ocean_breadcrumbs_color":"","ocean_breadcrumbs_separator_color":"","ocean_breadcrumbs_links_color":"","ocean_breadcrumbs_links_hover_color":"","ocean_display_footer_widgets":"default","ocean_display_footer_bottom":"default","ocean_custom_footer_template":"0","ocean_post_oembed":"","ocean_post_self_hosted_media":"","ocean_post_video_embed":"","ocean_link_format":"","ocean_link_format_target":"self","ocean_quote_format":"","ocean_quote_format_link":"post","ocean_gallery_link_images":"off","ocean_gallery_id":[]},"categories":[100],"tags":[68,95,85,92,101,102,76,71,86,79],"yoast_head":"<!-- This site is optimized with the Yoast SEO plugin v19.5.1 - https:\/\/yoast.com\/wordpress\/plugins\/seo\/ -->\n<title>Ksi\u0119\u017cyc po I kwadrze (w fazie garbatej rosn\u0105cej) w z\u0142\u0105czeniu z Marsem - Laboratorium Modelowania Meteorologicznego CMOK IMGW-PIB<\/title>\n<meta name=\"description\" content=\"Ksi\u0119\u017cyc w swojej w\u0119dr\u00f3wce po niebie przemierza gwiazdozbi\u00f3r Byka. Jego najja\u015bniejsz\u0105 gwiazd\u0105 jest \u03b1 Tauri, czyli Aldebaran. O w\u0142a\u015bciwo\u015bciach fizycznych Aldebarana pisali\u015bmy w po\u015bcie na temat z\u0142\u0105czenia Marsa z Aldebaranem (5 lutego 2023 r.). Sam Aldebaran jest dla nas \u201egwiazd\u0105 sta\u0142\u0105\u201d, o wzgl\u0119dnie (na przestrzeni setek lat) sta\u0142ym po\u0142o\u017ceniu na sferze niebieskiej.\" \/>\n<meta name=\"robots\" content=\"index, follow, max-snippet:-1, max-image-preview:large, max-video-preview:-1\" \/>\n<link rel=\"canonical\" href=\"https:\/\/cmm.imgw.pl\/?p=22921\" \/>\n<meta property=\"og:locale\" content=\"pl_PL\" \/>\n<meta property=\"og:type\" content=\"article\" \/>\n<meta property=\"og:title\" content=\"CMM-IMGW-PIB: Ksi\u0119\u017cyc w I kwadrze w z\u0142\u0105czeniu z Marsem\" \/>\n<meta property=\"og:description\" content=\"Ksi\u0119\u017cyc w swojej w\u0119dr\u00f3wce po niebie przemierza gwiazdozbi\u00f3r Byka. Jego najja\u015bniejsz\u0105 gwiazd\u0105 jest \u03b1 Tauri, czyli Aldebaran. O w\u0142a\u015bciwo\u015bciach fizycznych Aldebarana pisali\u015bmy w po\u015bcie na temat z\u0142\u0105czenia Marsa z Aldebaranem (5 lutego 2023 r.). Sam Aldebaran jest dla nas \u201egwiazd\u0105 sta\u0142\u0105\u201d, o wzgl\u0119dnie (na przestrzeni setek lat) sta\u0142ym po\u0142o\u017ceniu na sferze niebieskiej.\" \/>\n<meta property=\"og:url\" content=\"https:\/\/cmm.imgw.pl\/?p=22921\" \/>\n<meta property=\"og:site_name\" content=\"Laboratorium Modelowania Meteorologicznego CMOK IMGW-PIB\" \/>\n<meta property=\"article:publisher\" content=\"https:\/\/www.facebook.com\/Meteoimgw\/\" \/>\n<meta property=\"article:published_time\" content=\"2023-02-24T13:55:42+00:00\" \/>\n<meta property=\"article:modified_time\" content=\"2023-02-24T13:55:44+00:00\" \/>\n<meta property=\"og:image\" content=\"http:\/\/cmm.imgw.pl\/wp-content\/uploads\/2023\/02\/word-image-22921-11.png\" \/>\n\t<meta property=\"og:image:width\" content=\"1045\" \/>\n\t<meta property=\"og:image:height\" content=\"619\" \/>\n\t<meta property=\"og:image:type\" content=\"image\/png\" \/>\n<meta name=\"author\" content=\"CMM\" \/>\n<meta name=\"twitter:card\" content=\"summary_large_image\" \/>\n<meta name=\"twitter:title\" content=\"CMM-IMGW-PIB: Ksi\u0119\u017cyc w I kwadrze w z\u0142\u0105czeniu z Marsem\" \/>\n<meta name=\"twitter:description\" content=\"Ksi\u0119\u017cyc w swojej w\u0119dr\u00f3wce po niebie przemierza gwiazdozbi\u00f3r Byka. Jego najja\u015bniejsz\u0105 gwiazd\u0105 jest \u03b1 Tauri, czyli Aldebaran. O w\u0142a\u015bciwo\u015bciach fizycznych Aldebarana pisali\u015bmy w po\u015bcie na temat z\u0142\u0105czenia Marsa z Aldebaranem (5 lutego 2023 r.). Sam Aldebaran jest dla nas \u201egwiazd\u0105 sta\u0142\u0105\u201d, o wzgl\u0119dnie (na przestrzeni setek lat) sta\u0142ym po\u0142o\u017ceniu na sferze niebieskiej.\" \/>\n<meta name=\"twitter:image\" content=\"https:\/\/cmm.imgw.pl\/wp-content\/uploads\/2023\/02\/word-image-22921-11.png\" \/>\n<meta name=\"twitter:creator\" content=\"@IMGW_CMM\" \/>\n<meta name=\"twitter:site\" content=\"@IMGW_CMM\" \/>\n<meta name=\"twitter:label1\" content=\"Napisane przez\" \/>\n\t<meta name=\"twitter:data1\" content=\"CMM\" \/>\n\t<meta name=\"twitter:label2\" content=\"Szacowany czas czytania\" \/>\n\t<meta name=\"twitter:data2\" content=\"12 minut\" \/>\n<script type=\"application\/ld+json\" class=\"yoast-schema-graph\">{\"@context\":\"https:\/\/schema.org\",\"@graph\":[{\"@type\":\"Article\",\"@id\":\"https:\/\/cmm.imgw.pl\/?p=22921#article\",\"isPartOf\":{\"@id\":\"https:\/\/cmm.imgw.pl\/?p=22921\"},\"author\":{\"name\":\"CMM\",\"@id\":\"https:\/\/cmm.imgw.pl\/#\/schema\/person\/a24a37fe434fe76b0f5791e6bd3fdb46\"},\"headline\":\"Ksi\u0119\u017cyc po I kwadrze (w fazie garbatej rosn\u0105cej) w z\u0142\u0105czeniu z Marsem\",\"datePublished\":\"2023-02-24T13:55:42+00:00\",\"dateModified\":\"2023-02-24T13:55:44+00:00\",\"mainEntityOfPage\":{\"@id\":\"https:\/\/cmm.imgw.pl\/?p=22921\"},\"wordCount\":1566,\"publisher\":{\"@id\":\"https:\/\/cmm.imgw.pl\/#organization\"},\"keywords\":[\"cmm\",\"Cosmo\",\"imgw\",\"kosmos\",\"ksi\u0119\u017cyc\",\"kwadra\",\"meteorologia\",\"pogoda\",\"urania\",\"zima\"],\"articleSection\":[\"Kosmos\"],\"inLanguage\":\"pl-PL\"},{\"@type\":\"WebPage\",\"@id\":\"https:\/\/cmm.imgw.pl\/?p=22921\",\"url\":\"https:\/\/cmm.imgw.pl\/?p=22921\",\"name\":\"Ksi\u0119\u017cyc po I kwadrze (w fazie garbatej rosn\u0105cej) w z\u0142\u0105czeniu z Marsem - Laboratorium Modelowania Meteorologicznego CMOK IMGW-PIB\",\"isPartOf\":{\"@id\":\"https:\/\/cmm.imgw.pl\/#website\"},\"datePublished\":\"2023-02-24T13:55:42+00:00\",\"dateModified\":\"2023-02-24T13:55:44+00:00\",\"description\":\"Ksi\u0119\u017cyc w swojej w\u0119dr\u00f3wce po niebie przemierza gwiazdozbi\u00f3r Byka. Jego najja\u015bniejsz\u0105 gwiazd\u0105 jest \u03b1 Tauri, czyli Aldebaran. O w\u0142a\u015bciwo\u015bciach fizycznych Aldebarana pisali\u015bmy w po\u015bcie na temat z\u0142\u0105czenia Marsa z Aldebaranem (5 lutego 2023 r.). Sam Aldebaran jest dla nas \u201egwiazd\u0105 sta\u0142\u0105\u201d, o wzgl\u0119dnie (na przestrzeni setek lat) sta\u0142ym po\u0142o\u017ceniu na sferze niebieskiej.\",\"breadcrumb\":{\"@id\":\"https:\/\/cmm.imgw.pl\/?p=22921#breadcrumb\"},\"inLanguage\":\"pl-PL\",\"potentialAction\":[{\"@type\":\"ReadAction\",\"target\":[\"https:\/\/cmm.imgw.pl\/?p=22921\"]}]},{\"@type\":\"BreadcrumbList\",\"@id\":\"https:\/\/cmm.imgw.pl\/?p=22921#breadcrumb\",\"itemListElement\":[{\"@type\":\"ListItem\",\"position\":1,\"name\":\"Home\",\"item\":\"https:\/\/cmm.imgw.pl\/\"},{\"@type\":\"ListItem\",\"position\":2,\"name\":\"Ksi\u0119\u017cyc po I kwadrze (w fazie garbatej rosn\u0105cej) w z\u0142\u0105czeniu z Marsem\"}]},{\"@type\":\"WebSite\",\"@id\":\"https:\/\/cmm.imgw.pl\/#website\",\"url\":\"https:\/\/cmm.imgw.pl\/\",\"name\":\"Laboratorium Modelowania Meteorologicznego CMOK IMGW-PIB\",\"description\":\"CMOK-LMM Laboratorium pe\u0142ni pa\u0144stwow\u0105 s\u0142u\u017cb\u0119 hydrologiczno-meteorologiczn\u0105 w zakresie numerycznych prognoz pogody, kt\u00f3rego zadaniem jest konsolidacja kompetencji w obszarze modelowania zjawisk pogodowych oraz dalszego rozwoju numerycznych modeli pogody (NMP).\",\"publisher\":{\"@id\":\"https:\/\/cmm.imgw.pl\/#organization\"},\"potentialAction\":[{\"@type\":\"SearchAction\",\"target\":{\"@type\":\"EntryPoint\",\"urlTemplate\":\"https:\/\/cmm.imgw.pl\/?s={search_term_string}\"},\"query-input\":\"required name=search_term_string\"}],\"inLanguage\":\"pl-PL\"},{\"@type\":\"Organization\",\"@id\":\"https:\/\/cmm.imgw.pl\/#organization\",\"name\":\"Laboratorium Modelowania Meteorologicznego CMOK IMGW-PIB\",\"url\":\"https:\/\/cmm.imgw.pl\/\",\"sameAs\":[\"https:\/\/www.facebook.com\/Meteoimgw\/\",\"https:\/\/twitter.com\/IMGW_CMM\"],\"logo\":{\"@type\":\"ImageObject\",\"inLanguage\":\"pl-PL\",\"@id\":\"https:\/\/cmm.imgw.pl\/#\/schema\/logo\/image\/\",\"url\":\"https:\/\/cmm.imgw.pl\/wp-content\/uploads\/2025\/10\/MODELE_LOGO_UNIFIKACJA_v2.png\",\"contentUrl\":\"https:\/\/cmm.imgw.pl\/wp-content\/uploads\/2025\/10\/MODELE_LOGO_UNIFIKACJA_v2.png\",\"width\":1356,\"height\":365,\"caption\":\"Laboratorium Modelowania Meteorologicznego CMOK IMGW-PIB\"},\"image\":{\"@id\":\"https:\/\/cmm.imgw.pl\/#\/schema\/logo\/image\/\"}},{\"@type\":\"Person\",\"@id\":\"https:\/\/cmm.imgw.pl\/#\/schema\/person\/a24a37fe434fe76b0f5791e6bd3fdb46\",\"name\":\"CMM\",\"image\":{\"@type\":\"ImageObject\",\"inLanguage\":\"pl-PL\",\"@id\":\"https:\/\/cmm.imgw.pl\/#\/schema\/person\/image\/\",\"url\":\"https:\/\/secure.gravatar.com\/avatar\/9248ea2273711f1cd09d6bd45867dbfb?s=96&d=blank&r=g\",\"contentUrl\":\"https:\/\/secure.gravatar.com\/avatar\/9248ea2273711f1cd09d6bd45867dbfb?s=96&d=blank&r=g\",\"caption\":\"CMM\"},\"sameAs\":[\"http:\/\/cmm.imgw.pl\"],\"url\":\"https:\/\/cmm.imgw.pl\/?author=3\"}]}<\/script>\n<!-- \/ Yoast SEO plugin. -->","yoast_head_json":{"title":"Ksi\u0119\u017cyc po I kwadrze (w fazie garbatej rosn\u0105cej) w z\u0142\u0105czeniu z Marsem - Laboratorium Modelowania Meteorologicznego CMOK IMGW-PIB","description":"Ksi\u0119\u017cyc w swojej w\u0119dr\u00f3wce po niebie przemierza gwiazdozbi\u00f3r Byka. Jego najja\u015bniejsz\u0105 gwiazd\u0105 jest \u03b1 Tauri, czyli Aldebaran. O w\u0142a\u015bciwo\u015bciach fizycznych Aldebarana pisali\u015bmy w po\u015bcie na temat z\u0142\u0105czenia Marsa z Aldebaranem (5 lutego 2023 r.). Sam Aldebaran jest dla nas \u201egwiazd\u0105 sta\u0142\u0105\u201d, o wzgl\u0119dnie (na przestrzeni setek lat) sta\u0142ym po\u0142o\u017ceniu na sferze niebieskiej.","robots":{"index":"index","follow":"follow","max-snippet":"max-snippet:-1","max-image-preview":"max-image-preview:large","max-video-preview":"max-video-preview:-1"},"canonical":"https:\/\/cmm.imgw.pl\/?p=22921","og_locale":"pl_PL","og_type":"article","og_title":"CMM-IMGW-PIB: Ksi\u0119\u017cyc w I kwadrze w z\u0142\u0105czeniu z Marsem","og_description":"Ksi\u0119\u017cyc w swojej w\u0119dr\u00f3wce po niebie przemierza gwiazdozbi\u00f3r Byka. Jego najja\u015bniejsz\u0105 gwiazd\u0105 jest \u03b1 Tauri, czyli Aldebaran. O w\u0142a\u015bciwo\u015bciach fizycznych Aldebarana pisali\u015bmy w po\u015bcie na temat z\u0142\u0105czenia Marsa z Aldebaranem (5 lutego 2023 r.). Sam Aldebaran jest dla nas \u201egwiazd\u0105 sta\u0142\u0105\u201d, o wzgl\u0119dnie (na przestrzeni setek lat) sta\u0142ym po\u0142o\u017ceniu na sferze niebieskiej.","og_url":"https:\/\/cmm.imgw.pl\/?p=22921","og_site_name":"Laboratorium Modelowania Meteorologicznego CMOK IMGW-PIB","article_publisher":"https:\/\/www.facebook.com\/Meteoimgw\/","article_published_time":"2023-02-24T13:55:42+00:00","article_modified_time":"2023-02-24T13:55:44+00:00","og_image":[{"width":1045,"height":619,"url":"http:\/\/cmm.imgw.pl\/wp-content\/uploads\/2023\/02\/word-image-22921-11.png","type":"image\/png"}],"author":"CMM","twitter_card":"summary_large_image","twitter_title":"CMM-IMGW-PIB: Ksi\u0119\u017cyc w I kwadrze w z\u0142\u0105czeniu z Marsem","twitter_description":"Ksi\u0119\u017cyc w swojej w\u0119dr\u00f3wce po niebie przemierza gwiazdozbi\u00f3r Byka. Jego najja\u015bniejsz\u0105 gwiazd\u0105 jest \u03b1 Tauri, czyli Aldebaran. O w\u0142a\u015bciwo\u015bciach fizycznych Aldebarana pisali\u015bmy w po\u015bcie na temat z\u0142\u0105czenia Marsa z Aldebaranem (5 lutego 2023 r.). Sam Aldebaran jest dla nas \u201egwiazd\u0105 sta\u0142\u0105\u201d, o wzgl\u0119dnie (na przestrzeni setek lat) sta\u0142ym po\u0142o\u017ceniu na sferze niebieskiej.","twitter_image":"https:\/\/cmm.imgw.pl\/wp-content\/uploads\/2023\/02\/word-image-22921-11.png","twitter_creator":"@IMGW_CMM","twitter_site":"@IMGW_CMM","twitter_misc":{"Napisane przez":"CMM","Szacowany czas czytania":"12 minut"},"schema":{"@context":"https:\/\/schema.org","@graph":[{"@type":"Article","@id":"https:\/\/cmm.imgw.pl\/?p=22921#article","isPartOf":{"@id":"https:\/\/cmm.imgw.pl\/?p=22921"},"author":{"name":"CMM","@id":"https:\/\/cmm.imgw.pl\/#\/schema\/person\/a24a37fe434fe76b0f5791e6bd3fdb46"},"headline":"Ksi\u0119\u017cyc po I kwadrze (w fazie garbatej rosn\u0105cej) w z\u0142\u0105czeniu z Marsem","datePublished":"2023-02-24T13:55:42+00:00","dateModified":"2023-02-24T13:55:44+00:00","mainEntityOfPage":{"@id":"https:\/\/cmm.imgw.pl\/?p=22921"},"wordCount":1566,"publisher":{"@id":"https:\/\/cmm.imgw.pl\/#organization"},"keywords":["cmm","Cosmo","imgw","kosmos","ksi\u0119\u017cyc","kwadra","meteorologia","pogoda","urania","zima"],"articleSection":["Kosmos"],"inLanguage":"pl-PL"},{"@type":"WebPage","@id":"https:\/\/cmm.imgw.pl\/?p=22921","url":"https:\/\/cmm.imgw.pl\/?p=22921","name":"Ksi\u0119\u017cyc po I kwadrze (w fazie garbatej rosn\u0105cej) w z\u0142\u0105czeniu z Marsem - Laboratorium Modelowania Meteorologicznego CMOK IMGW-PIB","isPartOf":{"@id":"https:\/\/cmm.imgw.pl\/#website"},"datePublished":"2023-02-24T13:55:42+00:00","dateModified":"2023-02-24T13:55:44+00:00","description":"Ksi\u0119\u017cyc w swojej w\u0119dr\u00f3wce po niebie przemierza gwiazdozbi\u00f3r Byka. Jego najja\u015bniejsz\u0105 gwiazd\u0105 jest \u03b1 Tauri, czyli Aldebaran. O w\u0142a\u015bciwo\u015bciach fizycznych Aldebarana pisali\u015bmy w po\u015bcie na temat z\u0142\u0105czenia Marsa z Aldebaranem (5 lutego 2023 r.). Sam Aldebaran jest dla nas \u201egwiazd\u0105 sta\u0142\u0105\u201d, o wzgl\u0119dnie (na przestrzeni setek lat) sta\u0142ym po\u0142o\u017ceniu na sferze niebieskiej.","breadcrumb":{"@id":"https:\/\/cmm.imgw.pl\/?p=22921#breadcrumb"},"inLanguage":"pl-PL","potentialAction":[{"@type":"ReadAction","target":["https:\/\/cmm.imgw.pl\/?p=22921"]}]},{"@type":"BreadcrumbList","@id":"https:\/\/cmm.imgw.pl\/?p=22921#breadcrumb","itemListElement":[{"@type":"ListItem","position":1,"name":"Home","item":"https:\/\/cmm.imgw.pl\/"},{"@type":"ListItem","position":2,"name":"Ksi\u0119\u017cyc po I kwadrze (w fazie garbatej rosn\u0105cej) w z\u0142\u0105czeniu z Marsem"}]},{"@type":"WebSite","@id":"https:\/\/cmm.imgw.pl\/#website","url":"https:\/\/cmm.imgw.pl\/","name":"Laboratorium Modelowania Meteorologicznego CMOK IMGW-PIB","description":"CMOK-LMM Laboratorium pe\u0142ni pa\u0144stwow\u0105 s\u0142u\u017cb\u0119 hydrologiczno-meteorologiczn\u0105 w zakresie numerycznych prognoz pogody, kt\u00f3rego zadaniem jest konsolidacja kompetencji w obszarze modelowania zjawisk pogodowych oraz dalszego rozwoju numerycznych modeli pogody (NMP).","publisher":{"@id":"https:\/\/cmm.imgw.pl\/#organization"},"potentialAction":[{"@type":"SearchAction","target":{"@type":"EntryPoint","urlTemplate":"https:\/\/cmm.imgw.pl\/?s={search_term_string}"},"query-input":"required name=search_term_string"}],"inLanguage":"pl-PL"},{"@type":"Organization","@id":"https:\/\/cmm.imgw.pl\/#organization","name":"Laboratorium Modelowania Meteorologicznego CMOK IMGW-PIB","url":"https:\/\/cmm.imgw.pl\/","sameAs":["https:\/\/www.facebook.com\/Meteoimgw\/","https:\/\/twitter.com\/IMGW_CMM"],"logo":{"@type":"ImageObject","inLanguage":"pl-PL","@id":"https:\/\/cmm.imgw.pl\/#\/schema\/logo\/image\/","url":"https:\/\/cmm.imgw.pl\/wp-content\/uploads\/2025\/10\/MODELE_LOGO_UNIFIKACJA_v2.png","contentUrl":"https:\/\/cmm.imgw.pl\/wp-content\/uploads\/2025\/10\/MODELE_LOGO_UNIFIKACJA_v2.png","width":1356,"height":365,"caption":"Laboratorium Modelowania Meteorologicznego CMOK IMGW-PIB"},"image":{"@id":"https:\/\/cmm.imgw.pl\/#\/schema\/logo\/image\/"}},{"@type":"Person","@id":"https:\/\/cmm.imgw.pl\/#\/schema\/person\/a24a37fe434fe76b0f5791e6bd3fdb46","name":"CMM","image":{"@type":"ImageObject","inLanguage":"pl-PL","@id":"https:\/\/cmm.imgw.pl\/#\/schema\/person\/image\/","url":"https:\/\/secure.gravatar.com\/avatar\/9248ea2273711f1cd09d6bd45867dbfb?s=96&d=blank&r=g","contentUrl":"https:\/\/secure.gravatar.com\/avatar\/9248ea2273711f1cd09d6bd45867dbfb?s=96&d=blank&r=g","caption":"CMM"},"sameAs":["http:\/\/cmm.imgw.pl"],"url":"https:\/\/cmm.imgw.pl\/?author=3"}]}},"_links":{"self":[{"href":"https:\/\/cmm.imgw.pl\/index.php?rest_route=\/wp\/v2\/posts\/22921"}],"collection":[{"href":"https:\/\/cmm.imgw.pl\/index.php?rest_route=\/wp\/v2\/posts"}],"about":[{"href":"https:\/\/cmm.imgw.pl\/index.php?rest_route=\/wp\/v2\/types\/post"}],"author":[{"embeddable":true,"href":"https:\/\/cmm.imgw.pl\/index.php?rest_route=\/wp\/v2\/users\/3"}],"replies":[{"embeddable":true,"href":"https:\/\/cmm.imgw.pl\/index.php?rest_route=%2Fwp%2Fv2%2Fcomments&post=22921"}],"version-history":[{"count":1,"href":"https:\/\/cmm.imgw.pl\/index.php?rest_route=\/wp\/v2\/posts\/22921\/revisions"}],"predecessor-version":[{"id":22941,"href":"https:\/\/cmm.imgw.pl\/index.php?rest_route=\/wp\/v2\/posts\/22921\/revisions\/22941"}],"wp:attachment":[{"href":"https:\/\/cmm.imgw.pl\/index.php?rest_route=%2Fwp%2Fv2%2Fmedia&parent=22921"}],"wp:term":[{"taxonomy":"category","embeddable":true,"href":"https:\/\/cmm.imgw.pl\/index.php?rest_route=%2Fwp%2Fv2%2Fcategories&post=22921"},{"taxonomy":"post_tag","embeddable":true,"href":"https:\/\/cmm.imgw.pl\/index.php?rest_route=%2Fwp%2Fv2%2Ftags&post=22921"}],"curies":[{"name":"wp","href":"https:\/\/api.w.org\/{rel}","templated":true}]}}